{"id":9210,"date":"2022-07-19T22:01:00","date_gmt":"2022-07-19T20:01:00","guid":{"rendered":"https:\/\/www.intellectualsovereignty.ch\/?p=9210"},"modified":"2024-12-22T16:06:10","modified_gmt":"2024-12-22T15:06:10","slug":"day88-lower-devils-peak-ridge-jackson-gap-km-2674-2730","status":"publish","type":"post","link":"https:\/\/www.intellectualsovereignty.ch\/index.php\/2022\/07\/19\/day88-lower-devils-peak-ridge-jackson-gap-km-2674-2730\/","title":{"rendered":"Day#88 \/ Lower Devils Peak Ridge &#8211; Jackson Gap (km 2674-2730)"},"content":{"rendered":"\n<p class=\"wp-block-paragraph\">Heute ist ein bedeutender Tag f\u00fcr mich auf dem Trail, denn ich quere die Grenze von Kalifornien nach Oregon. Sage und schreibe drei Monate und \u00fcber 2700km bin ich nun durch ein und denselben Staat gewandert, die Freude auf \u201eAbwechslung\u201c ist gross. Doch der Reihe nach\u2026<\/p>\n\n\n\n<p class=\"wp-block-paragraph\">Der Start von der Ridge ist streng, denn der Trail ist enorm \u00fcberwuchert und steil. Die Aussicht gef\u00e4llt und l\u00e4sst mich prompt an der ersten, leicht abseits gelegenen Quelle vorbeilaufen, doch zur\u00fcck mag ich nicht, lieber bis zur Kangaroo Spring oder weiter laufen, was sich schliesslich bew\u00e4hrt. Nach dem \u00fcberwucherten Lily Pad Lake gr\u00fcsst wieder einmal Mount Shasta, ziemlich dunstig zwar, aber gut erkennbar.<\/p>\n\n\n\n<figure class=\"wp-block-gallery has-nested-images columns-default is-cropped wp-block-gallery-1 is-layout-flex wp-block-gallery-is-layout-flex\">\n<figure class=\"wp-block-image size-large\"><img loading=\"lazy\" decoding=\"async\" width=\"2000\" height=\"1500\" data-attachment-id=\"9212\" data-permalink=\"https:\/\/www.intellectualsovereignty.ch\/index.php\/2022\/07\/19\/day88-lower-devils-peak-ridge-jackson-gap-km-2674-2730\/img_0482-2\/\" data-orig-file=\"https:\/\/www.intellectualsovereignty.ch\/wp-content\/uploads\/2022\/07\/img_0482.jpg\" data-orig-size=\"2000,1500\" data-comments-opened=\"0\" data-image-title=\"img_0482\" data-image-description=\"\" data-image-caption=\"\" data-large-file=\"https:\/\/www.intellectualsovereignty.ch\/wp-content\/uploads\/2022\/07\/img_0482-1024x768.jpg\" data-id=\"9212\" src=\"https:\/\/www.intellectualsovereignty.ch\/wp-content\/uploads\/2022\/07\/img_0482.jpg\" alt=\"\" class=\"wp-image-9212\" srcset=\"https:\/\/www.intellectualsovereignty.ch\/wp-content\/uploads\/2022\/07\/img_0482.jpg 2000w, https:\/\/www.intellectualsovereignty.ch\/wp-content\/uploads\/2022\/07\/img_0482-300x225.jpg 300w, https:\/\/www.intellectualsovereignty.ch\/wp-content\/uploads\/2022\/07\/img_0482-1024x768.jpg 1024w, https:\/\/www.intellectualsovereignty.ch\/wp-content\/uploads\/2022\/07\/img_0482-768x576.jpg 768w, https:\/\/www.intellectualsovereignty.ch\/wp-content\/uploads\/2022\/07\/img_0482-1536x1152.jpg 1536w, https:\/\/www.intellectualsovereignty.ch\/wp-content\/uploads\/2022\/07\/img_0482-1870x1403.jpg 1870w, https:\/\/www.intellectualsovereignty.ch\/wp-content\/uploads\/2022\/07\/img_0482-400x300.jpg 400w, https:\/\/www.intellectualsovereignty.ch\/wp-content\/uploads\/2022\/07\/img_0482-800x600.jpg 800w\" sizes=\"auto, (max-width: 2000px) 100vw, 2000px\" \/><\/figure>\n\n\n\n<figure class=\"wp-block-image size-large\"><img loading=\"lazy\" decoding=\"async\" width=\"2000\" height=\"1500\" data-attachment-id=\"9211\" data-permalink=\"https:\/\/www.intellectualsovereignty.ch\/index.php\/2022\/07\/19\/day88-lower-devils-peak-ridge-jackson-gap-km-2674-2730\/img_0483-2\/\" data-orig-file=\"https:\/\/www.intellectualsovereignty.ch\/wp-content\/uploads\/2022\/07\/img_0483.jpg\" data-orig-size=\"2000,1500\" data-comments-opened=\"0\" data-image-title=\"img_0483\" data-image-description=\"\" data-image-caption=\"\" data-large-file=\"https:\/\/www.intellectualsovereignty.ch\/wp-content\/uploads\/2022\/07\/img_0483-1024x768.jpg\" data-id=\"9211\" src=\"https:\/\/www.intellectualsovereignty.ch\/wp-content\/uploads\/2022\/07\/img_0483.jpg\" alt=\"\" class=\"wp-image-9211\" srcset=\"https:\/\/www.intellectualsovereignty.ch\/wp-content\/uploads\/2022\/07\/img_0483.jpg 2000w, https:\/\/www.intellectualsovereignty.ch\/wp-content\/uploads\/2022\/07\/img_0483-300x225.jpg 300w, https:\/\/www.intellectualsovereignty.ch\/wp-content\/uploads\/2022\/07\/img_0483-1024x768.jpg 1024w, https:\/\/www.intellectualsovereignty.ch\/wp-content\/uploads\/2022\/07\/img_0483-768x576.jpg 768w, https:\/\/www.intellectualsovereignty.ch\/wp-content\/uploads\/2022\/07\/img_0483-1536x1152.jpg 1536w, https:\/\/www.intellectualsovereignty.ch\/wp-content\/uploads\/2022\/07\/img_0483-1870x1403.jpg 1870w, https:\/\/www.intellectualsovereignty.ch\/wp-content\/uploads\/2022\/07\/img_0483-400x300.jpg 400w, https:\/\/www.intellectualsovereignty.ch\/wp-content\/uploads\/2022\/07\/img_0483-800x600.jpg 800w\" sizes=\"auto, (max-width: 2000px) 100vw, 2000px\" \/><\/figure>\n\n\n\n<figure class=\"wp-block-image size-large\"><img loading=\"lazy\" decoding=\"async\" width=\"2000\" height=\"1500\" data-attachment-id=\"9213\" data-permalink=\"https:\/\/www.intellectualsovereignty.ch\/index.php\/2022\/07\/19\/day88-lower-devils-peak-ridge-jackson-gap-km-2674-2730\/img_0484-2\/\" data-orig-file=\"https:\/\/www.intellectualsovereignty.ch\/wp-content\/uploads\/2022\/07\/img_0484.jpg\" data-orig-size=\"2000,1500\" data-comments-opened=\"0\" data-image-title=\"img_0484\" data-image-description=\"\" data-image-caption=\"\" data-large-file=\"https:\/\/www.intellectualsovereignty.ch\/wp-content\/uploads\/2022\/07\/img_0484-1024x768.jpg\" data-id=\"9213\" src=\"https:\/\/www.intellectualsovereignty.ch\/wp-content\/uploads\/2022\/07\/img_0484.jpg\" alt=\"\" class=\"wp-image-9213\" srcset=\"https:\/\/www.intellectualsovereignty.ch\/wp-content\/uploads\/2022\/07\/img_0484.jpg 2000w, https:\/\/www.intellectualsovereignty.ch\/wp-content\/uploads\/2022\/07\/img_0484-300x225.jpg 300w, https:\/\/www.intellectualsovereignty.ch\/wp-content\/uploads\/2022\/07\/img_0484-1024x768.jpg 1024w, https:\/\/www.intellectualsovereignty.ch\/wp-content\/uploads\/2022\/07\/img_0484-768x576.jpg 768w, https:\/\/www.intellectualsovereignty.ch\/wp-content\/uploads\/2022\/07\/img_0484-1536x1152.jpg 1536w, https:\/\/www.intellectualsovereignty.ch\/wp-content\/uploads\/2022\/07\/img_0484-1870x1403.jpg 1870w, https:\/\/www.intellectualsovereignty.ch\/wp-content\/uploads\/2022\/07\/img_0484-400x300.jpg 400w, https:\/\/www.intellectualsovereignty.ch\/wp-content\/uploads\/2022\/07\/img_0484-800x600.jpg 800w\" sizes=\"auto, (max-width: 2000px) 100vw, 2000px\" \/><\/figure>\n\n\n\n<figure class=\"wp-block-image size-large\"><img loading=\"lazy\" decoding=\"async\" width=\"2000\" height=\"1500\" data-attachment-id=\"9216\" data-permalink=\"https:\/\/www.intellectualsovereignty.ch\/index.php\/2022\/07\/19\/day88-lower-devils-peak-ridge-jackson-gap-km-2674-2730\/img_0485-2\/\" data-orig-file=\"https:\/\/www.intellectualsovereignty.ch\/wp-content\/uploads\/2022\/07\/img_0485.jpg\" data-orig-size=\"2000,1500\" data-comments-opened=\"0\" data-image-title=\"img_0485\" data-image-description=\"\" data-image-caption=\"\" data-large-file=\"https:\/\/www.intellectualsovereignty.ch\/wp-content\/uploads\/2022\/07\/img_0485-1024x768.jpg\" data-id=\"9216\" src=\"https:\/\/www.intellectualsovereignty.ch\/wp-content\/uploads\/2022\/07\/img_0485.jpg\" alt=\"\" class=\"wp-image-9216\" srcset=\"https:\/\/www.intellectualsovereignty.ch\/wp-content\/uploads\/2022\/07\/img_0485.jpg 2000w, https:\/\/www.intellectualsovereignty.ch\/wp-content\/uploads\/2022\/07\/img_0485-300x225.jpg 300w, https:\/\/www.intellectualsovereignty.ch\/wp-content\/uploads\/2022\/07\/img_0485-1024x768.jpg 1024w, https:\/\/www.intellectualsovereignty.ch\/wp-content\/uploads\/2022\/07\/img_0485-768x576.jpg 768w, https:\/\/www.intellectualsovereignty.ch\/wp-content\/uploads\/2022\/07\/img_0485-1536x1152.jpg 1536w, https:\/\/www.intellectualsovereignty.ch\/wp-content\/uploads\/2022\/07\/img_0485-1870x1403.jpg 1870w, https:\/\/www.intellectualsovereignty.ch\/wp-content\/uploads\/2022\/07\/img_0485-400x300.jpg 400w, https:\/\/www.intellectualsovereignty.ch\/wp-content\/uploads\/2022\/07\/img_0485-800x600.jpg 800w\" sizes=\"auto, (max-width: 2000px) 100vw, 2000px\" \/><\/figure>\n\n\n\n<figure class=\"wp-block-image size-large\"><img loading=\"lazy\" decoding=\"async\" width=\"2000\" height=\"1500\" data-attachment-id=\"9215\" data-permalink=\"https:\/\/www.intellectualsovereignty.ch\/index.php\/2022\/07\/19\/day88-lower-devils-peak-ridge-jackson-gap-km-2674-2730\/img_0487-2\/\" data-orig-file=\"https:\/\/www.intellectualsovereignty.ch\/wp-content\/uploads\/2022\/07\/img_0487.jpg\" data-orig-size=\"2000,1500\" data-comments-opened=\"0\" data-image-title=\"img_0487\" data-image-description=\"\" data-image-caption=\"\" data-large-file=\"https:\/\/www.intellectualsovereignty.ch\/wp-content\/uploads\/2022\/07\/img_0487-1024x768.jpg\" data-id=\"9215\" src=\"https:\/\/www.intellectualsovereignty.ch\/wp-content\/uploads\/2022\/07\/img_0487.jpg\" alt=\"\" class=\"wp-image-9215\" srcset=\"https:\/\/www.intellectualsovereignty.ch\/wp-content\/uploads\/2022\/07\/img_0487.jpg 2000w, https:\/\/www.intellectualsovereignty.ch\/wp-content\/uploads\/2022\/07\/img_0487-300x225.jpg 300w, https:\/\/www.intellectualsovereignty.ch\/wp-content\/uploads\/2022\/07\/img_0487-1024x768.jpg 1024w, https:\/\/www.intellectualsovereignty.ch\/wp-content\/uploads\/2022\/07\/img_0487-768x576.jpg 768w, https:\/\/www.intellectualsovereignty.ch\/wp-content\/uploads\/2022\/07\/img_0487-1536x1152.jpg 1536w, https:\/\/www.intellectualsovereignty.ch\/wp-content\/uploads\/2022\/07\/img_0487-1870x1403.jpg 1870w, https:\/\/www.intellectualsovereignty.ch\/wp-content\/uploads\/2022\/07\/img_0487-400x300.jpg 400w, https:\/\/www.intellectualsovereignty.ch\/wp-content\/uploads\/2022\/07\/img_0487-800x600.jpg 800w\" sizes=\"auto, (max-width: 2000px) 100vw, 2000px\" \/><\/figure>\n\n\n\n<figure class=\"wp-block-image size-large\"><img loading=\"lazy\" decoding=\"async\" width=\"2000\" height=\"1500\" data-attachment-id=\"9214\" data-permalink=\"https:\/\/www.intellectualsovereignty.ch\/index.php\/2022\/07\/19\/day88-lower-devils-peak-ridge-jackson-gap-km-2674-2730\/img_0488-2\/\" data-orig-file=\"https:\/\/www.intellectualsovereignty.ch\/wp-content\/uploads\/2022\/07\/img_0488.jpg\" data-orig-size=\"2000,1500\" data-comments-opened=\"0\" data-image-title=\"img_0488\" data-image-description=\"\" data-image-caption=\"\" data-large-file=\"https:\/\/www.intellectualsovereignty.ch\/wp-content\/uploads\/2022\/07\/img_0488-1024x768.jpg\" data-id=\"9214\" src=\"https:\/\/www.intellectualsovereignty.ch\/wp-content\/uploads\/2022\/07\/img_0488.jpg\" alt=\"\" class=\"wp-image-9214\" srcset=\"https:\/\/www.intellectualsovereignty.ch\/wp-content\/uploads\/2022\/07\/img_0488.jpg 2000w, https:\/\/www.intellectualsovereignty.ch\/wp-content\/uploads\/2022\/07\/img_0488-300x225.jpg 300w, https:\/\/www.intellectualsovereignty.ch\/wp-content\/uploads\/2022\/07\/img_0488-1024x768.jpg 1024w, https:\/\/www.intellectualsovereignty.ch\/wp-content\/uploads\/2022\/07\/img_0488-768x576.jpg 768w, https:\/\/www.intellectualsovereignty.ch\/wp-content\/uploads\/2022\/07\/img_0488-1536x1152.jpg 1536w, https:\/\/www.intellectualsovereignty.ch\/wp-content\/uploads\/2022\/07\/img_0488-1870x1403.jpg 1870w, https:\/\/www.intellectualsovereignty.ch\/wp-content\/uploads\/2022\/07\/img_0488-400x300.jpg 400w, https:\/\/www.intellectualsovereignty.ch\/wp-content\/uploads\/2022\/07\/img_0488-800x600.jpg 800w\" sizes=\"auto, (max-width: 2000px) 100vw, 2000px\" \/><\/figure>\n\n\n\n<figure class=\"wp-block-image size-large\"><img loading=\"lazy\" decoding=\"async\" width=\"2000\" height=\"1500\" data-attachment-id=\"9218\" data-permalink=\"https:\/\/www.intellectualsovereignty.ch\/index.php\/2022\/07\/19\/day88-lower-devils-peak-ridge-jackson-gap-km-2674-2730\/img_0494-2\/\" data-orig-file=\"https:\/\/www.intellectualsovereignty.ch\/wp-content\/uploads\/2022\/07\/img_0494.jpg\" data-orig-size=\"2000,1500\" data-comments-opened=\"0\" data-image-title=\"img_0494\" data-image-description=\"\" data-image-caption=\"\" data-large-file=\"https:\/\/www.intellectualsovereignty.ch\/wp-content\/uploads\/2022\/07\/img_0494-1024x768.jpg\" data-id=\"9218\" src=\"https:\/\/www.intellectualsovereignty.ch\/wp-content\/uploads\/2022\/07\/img_0494.jpg\" alt=\"\" class=\"wp-image-9218\" srcset=\"https:\/\/www.intellectualsovereignty.ch\/wp-content\/uploads\/2022\/07\/img_0494.jpg 2000w, https:\/\/www.intellectualsovereignty.ch\/wp-content\/uploads\/2022\/07\/img_0494-300x225.jpg 300w, https:\/\/www.intellectualsovereignty.ch\/wp-content\/uploads\/2022\/07\/img_0494-1024x768.jpg 1024w, https:\/\/www.intellectualsovereignty.ch\/wp-content\/uploads\/2022\/07\/img_0494-768x576.jpg 768w, https:\/\/www.intellectualsovereignty.ch\/wp-content\/uploads\/2022\/07\/img_0494-1536x1152.jpg 1536w, https:\/\/www.intellectualsovereignty.ch\/wp-content\/uploads\/2022\/07\/img_0494-1870x1403.jpg 1870w, https:\/\/www.intellectualsovereignty.ch\/wp-content\/uploads\/2022\/07\/img_0494-400x300.jpg 400w, https:\/\/www.intellectualsovereignty.ch\/wp-content\/uploads\/2022\/07\/img_0494-800x600.jpg 800w\" sizes=\"auto, (max-width: 2000px) 100vw, 2000px\" \/><\/figure>\n\n\n\n<figure class=\"wp-block-image size-large\"><img loading=\"lazy\" decoding=\"async\" width=\"2000\" height=\"1500\" data-attachment-id=\"9217\" data-permalink=\"https:\/\/www.intellectualsovereignty.ch\/index.php\/2022\/07\/19\/day88-lower-devils-peak-ridge-jackson-gap-km-2674-2730\/img_0495-2\/\" data-orig-file=\"https:\/\/www.intellectualsovereignty.ch\/wp-content\/uploads\/2022\/07\/img_0495.jpg\" data-orig-size=\"2000,1500\" data-comments-opened=\"0\" data-image-title=\"img_0495\" data-image-description=\"\" data-image-caption=\"\" data-large-file=\"https:\/\/www.intellectualsovereignty.ch\/wp-content\/uploads\/2022\/07\/img_0495-1024x768.jpg\" data-id=\"9217\" src=\"https:\/\/www.intellectualsovereignty.ch\/wp-content\/uploads\/2022\/07\/img_0495.jpg\" alt=\"\" class=\"wp-image-9217\" srcset=\"https:\/\/www.intellectualsovereignty.ch\/wp-content\/uploads\/2022\/07\/img_0495.jpg 2000w, https:\/\/www.intellectualsovereignty.ch\/wp-content\/uploads\/2022\/07\/img_0495-300x225.jpg 300w, https:\/\/www.intellectualsovereignty.ch\/wp-content\/uploads\/2022\/07\/img_0495-1024x768.jpg 1024w, https:\/\/www.intellectualsovereignty.ch\/wp-content\/uploads\/2022\/07\/img_0495-768x576.jpg 768w, https:\/\/www.intellectualsovereignty.ch\/wp-content\/uploads\/2022\/07\/img_0495-1536x1152.jpg 1536w, https:\/\/www.intellectualsovereignty.ch\/wp-content\/uploads\/2022\/07\/img_0495-1870x1403.jpg 1870w, https:\/\/www.intellectualsovereignty.ch\/wp-content\/uploads\/2022\/07\/img_0495-400x300.jpg 400w, https:\/\/www.intellectualsovereignty.ch\/wp-content\/uploads\/2022\/07\/img_0495-800x600.jpg 800w\" sizes=\"auto, (max-width: 2000px) 100vw, 2000px\" \/><\/figure>\n<\/figure>\n\n\n\n<p class=\"wp-block-paragraph\">Danach zieht sich der Trail \u00fcber etliche Kilometer \u00fcber breite H\u00fcgel, immer dezent hoch und runter. Ebenfalls bemerkenswert ist, dass sich satt-gr\u00fcne Waldabschnitte mit sandigen Wegst\u00fccken abwechseln.<\/p>\n\n\n\n<figure class=\"wp-block-gallery has-nested-images columns-default is-cropped wp-block-gallery-2 is-layout-flex wp-block-gallery-is-layout-flex\">\n<figure class=\"wp-block-image size-large\"><img loading=\"lazy\" decoding=\"async\" width=\"2000\" height=\"1500\" data-attachment-id=\"9220\" data-permalink=\"https:\/\/www.intellectualsovereignty.ch\/index.php\/2022\/07\/19\/day88-lower-devils-peak-ridge-jackson-gap-km-2674-2730\/img_0496-2\/\" data-orig-file=\"https:\/\/www.intellectualsovereignty.ch\/wp-content\/uploads\/2022\/07\/img_0496.jpg\" data-orig-size=\"2000,1500\" data-comments-opened=\"0\" data-image-title=\"img_0496\" data-image-description=\"\" data-image-caption=\"\" data-large-file=\"https:\/\/www.intellectualsovereignty.ch\/wp-content\/uploads\/2022\/07\/img_0496-1024x768.jpg\" data-id=\"9220\" src=\"https:\/\/www.intellectualsovereignty.ch\/wp-content\/uploads\/2022\/07\/img_0496.jpg\" alt=\"\" class=\"wp-image-9220\" srcset=\"https:\/\/www.intellectualsovereignty.ch\/wp-content\/uploads\/2022\/07\/img_0496.jpg 2000w, https:\/\/www.intellectualsovereignty.ch\/wp-content\/uploads\/2022\/07\/img_0496-300x225.jpg 300w, https:\/\/www.intellectualsovereignty.ch\/wp-content\/uploads\/2022\/07\/img_0496-1024x768.jpg 1024w, https:\/\/www.intellectualsovereignty.ch\/wp-content\/uploads\/2022\/07\/img_0496-768x576.jpg 768w, https:\/\/www.intellectualsovereignty.ch\/wp-content\/uploads\/2022\/07\/img_0496-1536x1152.jpg 1536w, https:\/\/www.intellectualsovereignty.ch\/wp-content\/uploads\/2022\/07\/img_0496-1870x1403.jpg 1870w, https:\/\/www.intellectualsovereignty.ch\/wp-content\/uploads\/2022\/07\/img_0496-400x300.jpg 400w, https:\/\/www.intellectualsovereignty.ch\/wp-content\/uploads\/2022\/07\/img_0496-800x600.jpg 800w\" sizes=\"auto, (max-width: 2000px) 100vw, 2000px\" \/><\/figure>\n\n\n\n<figure class=\"wp-block-image size-large\"><img loading=\"lazy\" decoding=\"async\" width=\"2000\" height=\"1500\" data-attachment-id=\"9222\" data-permalink=\"https:\/\/www.intellectualsovereignty.ch\/index.php\/2022\/07\/19\/day88-lower-devils-peak-ridge-jackson-gap-km-2674-2730\/img_0497-2\/\" data-orig-file=\"https:\/\/www.intellectualsovereignty.ch\/wp-content\/uploads\/2022\/07\/img_0497.jpg\" data-orig-size=\"2000,1500\" data-comments-opened=\"0\" data-image-title=\"img_0497\" data-image-description=\"\" data-image-caption=\"\" data-large-file=\"https:\/\/www.intellectualsovereignty.ch\/wp-content\/uploads\/2022\/07\/img_0497-1024x768.jpg\" data-id=\"9222\" src=\"https:\/\/www.intellectualsovereignty.ch\/wp-content\/uploads\/2022\/07\/img_0497.jpg\" alt=\"\" class=\"wp-image-9222\" srcset=\"https:\/\/www.intellectualsovereignty.ch\/wp-content\/uploads\/2022\/07\/img_0497.jpg 2000w, https:\/\/www.intellectualsovereignty.ch\/wp-content\/uploads\/2022\/07\/img_0497-300x225.jpg 300w, https:\/\/www.intellectualsovereignty.ch\/wp-content\/uploads\/2022\/07\/img_0497-1024x768.jpg 1024w, https:\/\/www.intellectualsovereignty.ch\/wp-content\/uploads\/2022\/07\/img_0497-768x576.jpg 768w, https:\/\/www.intellectualsovereignty.ch\/wp-content\/uploads\/2022\/07\/img_0497-1536x1152.jpg 1536w, https:\/\/www.intellectualsovereignty.ch\/wp-content\/uploads\/2022\/07\/img_0497-1870x1403.jpg 1870w, https:\/\/www.intellectualsovereignty.ch\/wp-content\/uploads\/2022\/07\/img_0497-400x300.jpg 400w, https:\/\/www.intellectualsovereignty.ch\/wp-content\/uploads\/2022\/07\/img_0497-800x600.jpg 800w\" sizes=\"auto, (max-width: 2000px) 100vw, 2000px\" \/><\/figure>\n\n\n\n<figure class=\"wp-block-image size-large\"><img loading=\"lazy\" decoding=\"async\" width=\"1500\" height=\"2000\" data-attachment-id=\"9223\" data-permalink=\"https:\/\/www.intellectualsovereignty.ch\/index.php\/2022\/07\/19\/day88-lower-devils-peak-ridge-jackson-gap-km-2674-2730\/img_0498-2\/\" data-orig-file=\"https:\/\/www.intellectualsovereignty.ch\/wp-content\/uploads\/2022\/07\/img_0498.jpg\" data-orig-size=\"1500,2000\" data-comments-opened=\"0\" data-image-title=\"img_0498\" data-image-description=\"\" data-image-caption=\"\" data-large-file=\"https:\/\/www.intellectualsovereignty.ch\/wp-content\/uploads\/2022\/07\/img_0498-768x1024.jpg\" data-id=\"9223\" src=\"https:\/\/www.intellectualsovereignty.ch\/wp-content\/uploads\/2022\/07\/img_0498.jpg\" alt=\"\" class=\"wp-image-9223\" srcset=\"https:\/\/www.intellectualsovereignty.ch\/wp-content\/uploads\/2022\/07\/img_0498.jpg 1500w, https:\/\/www.intellectualsovereignty.ch\/wp-content\/uploads\/2022\/07\/img_0498-225x300.jpg 225w, https:\/\/www.intellectualsovereignty.ch\/wp-content\/uploads\/2022\/07\/img_0498-768x1024.jpg 768w, https:\/\/www.intellectualsovereignty.ch\/wp-content\/uploads\/2022\/07\/img_0498-1152x1536.jpg 1152w, https:\/\/www.intellectualsovereignty.ch\/wp-content\/uploads\/2022\/07\/img_0498-400x533.jpg 400w, https:\/\/www.intellectualsovereignty.ch\/wp-content\/uploads\/2022\/07\/img_0498-800x1067.jpg 800w\" sizes=\"auto, (max-width: 1500px) 100vw, 1500px\" \/><\/figure>\n\n\n\n<figure class=\"wp-block-image size-large\"><img loading=\"lazy\" decoding=\"async\" width=\"2000\" height=\"1500\" data-attachment-id=\"9221\" data-permalink=\"https:\/\/www.intellectualsovereignty.ch\/index.php\/2022\/07\/19\/day88-lower-devils-peak-ridge-jackson-gap-km-2674-2730\/img_0499-2\/\" data-orig-file=\"https:\/\/www.intellectualsovereignty.ch\/wp-content\/uploads\/2022\/07\/img_0499.jpg\" data-orig-size=\"2000,1500\" data-comments-opened=\"0\" data-image-title=\"img_0499\" data-image-description=\"\" data-image-caption=\"\" data-large-file=\"https:\/\/www.intellectualsovereignty.ch\/wp-content\/uploads\/2022\/07\/img_0499-1024x768.jpg\" data-id=\"9221\" src=\"https:\/\/www.intellectualsovereignty.ch\/wp-content\/uploads\/2022\/07\/img_0499.jpg\" alt=\"\" class=\"wp-image-9221\" srcset=\"https:\/\/www.intellectualsovereignty.ch\/wp-content\/uploads\/2022\/07\/img_0499.jpg 2000w, https:\/\/www.intellectualsovereignty.ch\/wp-content\/uploads\/2022\/07\/img_0499-300x225.jpg 300w, https:\/\/www.intellectualsovereignty.ch\/wp-content\/uploads\/2022\/07\/img_0499-1024x768.jpg 1024w, https:\/\/www.intellectualsovereignty.ch\/wp-content\/uploads\/2022\/07\/img_0499-768x576.jpg 768w, https:\/\/www.intellectualsovereignty.ch\/wp-content\/uploads\/2022\/07\/img_0499-1536x1152.jpg 1536w, https:\/\/www.intellectualsovereignty.ch\/wp-content\/uploads\/2022\/07\/img_0499-1870x1403.jpg 1870w, https:\/\/www.intellectualsovereignty.ch\/wp-content\/uploads\/2022\/07\/img_0499-400x300.jpg 400w, https:\/\/www.intellectualsovereignty.ch\/wp-content\/uploads\/2022\/07\/img_0499-800x600.jpg 800w\" sizes=\"auto, (max-width: 2000px) 100vw, 2000px\" \/><\/figure>\n\n\n\n<figure class=\"wp-block-image size-large\"><img loading=\"lazy\" decoding=\"async\" width=\"2000\" height=\"542\" data-attachment-id=\"9219\" data-permalink=\"https:\/\/www.intellectualsovereignty.ch\/index.php\/2022\/07\/19\/day88-lower-devils-peak-ridge-jackson-gap-km-2674-2730\/img_0500-2\/\" data-orig-file=\"https:\/\/www.intellectualsovereignty.ch\/wp-content\/uploads\/2022\/07\/img_0500.jpg\" data-orig-size=\"2000,542\" data-comments-opened=\"0\" data-image-title=\"img_0500\" data-image-description=\"\" data-image-caption=\"\" data-large-file=\"https:\/\/www.intellectualsovereignty.ch\/wp-content\/uploads\/2022\/07\/img_0500-1024x278.jpg\" data-id=\"9219\" src=\"https:\/\/www.intellectualsovereignty.ch\/wp-content\/uploads\/2022\/07\/img_0500.jpg\" alt=\"\" class=\"wp-image-9219\" srcset=\"https:\/\/www.intellectualsovereignty.ch\/wp-content\/uploads\/2022\/07\/img_0500.jpg 2000w, https:\/\/www.intellectualsovereignty.ch\/wp-content\/uploads\/2022\/07\/img_0500-300x81.jpg 300w, https:\/\/www.intellectualsovereignty.ch\/wp-content\/uploads\/2022\/07\/img_0500-1024x278.jpg 1024w, https:\/\/www.intellectualsovereignty.ch\/wp-content\/uploads\/2022\/07\/img_0500-768x208.jpg 768w, https:\/\/www.intellectualsovereignty.ch\/wp-content\/uploads\/2022\/07\/img_0500-1536x416.jpg 1536w, https:\/\/www.intellectualsovereignty.ch\/wp-content\/uploads\/2022\/07\/img_0500-1870x507.jpg 1870w, https:\/\/www.intellectualsovereignty.ch\/wp-content\/uploads\/2022\/07\/img_0500-400x108.jpg 400w, https:\/\/www.intellectualsovereignty.ch\/wp-content\/uploads\/2022\/07\/img_0500-800x217.jpg 800w\" sizes=\"auto, (max-width: 2000px) 100vw, 2000px\" \/><\/figure>\n\n\n\n<figure class=\"wp-block-image size-large\"><img loading=\"lazy\" decoding=\"async\" width=\"1500\" height=\"2000\" data-attachment-id=\"9224\" data-permalink=\"https:\/\/www.intellectualsovereignty.ch\/index.php\/2022\/07\/19\/day88-lower-devils-peak-ridge-jackson-gap-km-2674-2730\/img_0501-2\/\" data-orig-file=\"https:\/\/www.intellectualsovereignty.ch\/wp-content\/uploads\/2022\/07\/img_0501.jpg\" data-orig-size=\"1500,2000\" data-comments-opened=\"0\" data-image-title=\"img_0501\" data-image-description=\"\" data-image-caption=\"\" data-large-file=\"https:\/\/www.intellectualsovereignty.ch\/wp-content\/uploads\/2022\/07\/img_0501-768x1024.jpg\" data-id=\"9224\" src=\"https:\/\/www.intellectualsovereignty.ch\/wp-content\/uploads\/2022\/07\/img_0501.jpg\" alt=\"\" class=\"wp-image-9224\" srcset=\"https:\/\/www.intellectualsovereignty.ch\/wp-content\/uploads\/2022\/07\/img_0501.jpg 1500w, https:\/\/www.intellectualsovereignty.ch\/wp-content\/uploads\/2022\/07\/img_0501-225x300.jpg 225w, https:\/\/www.intellectualsovereignty.ch\/wp-content\/uploads\/2022\/07\/img_0501-768x1024.jpg 768w, https:\/\/www.intellectualsovereignty.ch\/wp-content\/uploads\/2022\/07\/img_0501-1152x1536.jpg 1152w, https:\/\/www.intellectualsovereignty.ch\/wp-content\/uploads\/2022\/07\/img_0501-400x533.jpg 400w, https:\/\/www.intellectualsovereignty.ch\/wp-content\/uploads\/2022\/07\/img_0501-800x1067.jpg 800w\" sizes=\"auto, (max-width: 1500px) 100vw, 1500px\" \/><\/figure>\n<\/figure>\n\n\n\n<p class=\"wp-block-paragraph\">Eine Weile sp\u00e4ter bietet der Trail erstmals eine freie Sicht nach Norden und damit nach Oregon. Ein letztes mal \u00fcber ein Plateau, dann den Wald runter hin zu einer fetten Wiese mit &#8211; mein Herz schl\u00e4gt etwas h\u00f6her &#8211; einer grasenden Kuherde, fast wie in der Schweiz! \ud83d\ude42<\/p>\n\n\n\n<p class=\"wp-block-paragraph\">Noch knapp eine Meile und ich erreiche stolz die Grenze zu Oregon. Mehrere Hiker:innen sind schon da und plappern vergn\u00fcgt. Allen ist anzusehen, dass sie froh sind, zwei Drittel des Weges hinter sich zu haben!<\/p>\n\n\n\n<figure class=\"wp-block-gallery has-nested-images columns-default is-cropped wp-block-gallery-3 is-layout-flex wp-block-gallery-is-layout-flex\">\n<figure class=\"wp-block-image size-large\"><img loading=\"lazy\" decoding=\"async\" width=\"2000\" height=\"1500\" data-attachment-id=\"9226\" data-permalink=\"https:\/\/www.intellectualsovereignty.ch\/index.php\/2022\/07\/19\/day88-lower-devils-peak-ridge-jackson-gap-km-2674-2730\/img_0502-2\/\" data-orig-file=\"https:\/\/www.intellectualsovereignty.ch\/wp-content\/uploads\/2022\/07\/img_0502.jpg\" data-orig-size=\"2000,1500\" data-comments-opened=\"0\" data-image-title=\"img_0502\" data-image-description=\"\" data-image-caption=\"\" data-large-file=\"https:\/\/www.intellectualsovereignty.ch\/wp-content\/uploads\/2022\/07\/img_0502-1024x768.jpg\" data-id=\"9226\" src=\"https:\/\/www.intellectualsovereignty.ch\/wp-content\/uploads\/2022\/07\/img_0502.jpg\" alt=\"\" class=\"wp-image-9226\" srcset=\"https:\/\/www.intellectualsovereignty.ch\/wp-content\/uploads\/2022\/07\/img_0502.jpg 2000w, https:\/\/www.intellectualsovereignty.ch\/wp-content\/uploads\/2022\/07\/img_0502-300x225.jpg 300w, https:\/\/www.intellectualsovereignty.ch\/wp-content\/uploads\/2022\/07\/img_0502-1024x768.jpg 1024w, https:\/\/www.intellectualsovereignty.ch\/wp-content\/uploads\/2022\/07\/img_0502-768x576.jpg 768w, https:\/\/www.intellectualsovereignty.ch\/wp-content\/uploads\/2022\/07\/img_0502-1536x1152.jpg 1536w, https:\/\/www.intellectualsovereignty.ch\/wp-content\/uploads\/2022\/07\/img_0502-1870x1403.jpg 1870w, https:\/\/www.intellectualsovereignty.ch\/wp-content\/uploads\/2022\/07\/img_0502-400x300.jpg 400w, https:\/\/www.intellectualsovereignty.ch\/wp-content\/uploads\/2022\/07\/img_0502-800x600.jpg 800w\" sizes=\"auto, (max-width: 2000px) 100vw, 2000px\" \/><\/figure>\n\n\n\n<figure class=\"wp-block-image size-large\"><img loading=\"lazy\" decoding=\"async\" width=\"1500\" height=\"2000\" data-attachment-id=\"9227\" data-permalink=\"https:\/\/www.intellectualsovereignty.ch\/index.php\/2022\/07\/19\/day88-lower-devils-peak-ridge-jackson-gap-km-2674-2730\/img_0503-2\/\" data-orig-file=\"https:\/\/www.intellectualsovereignty.ch\/wp-content\/uploads\/2022\/07\/img_0503.jpg\" data-orig-size=\"1500,2000\" data-comments-opened=\"0\" data-image-title=\"img_0503\" data-image-description=\"\" data-image-caption=\"\" data-large-file=\"https:\/\/www.intellectualsovereignty.ch\/wp-content\/uploads\/2022\/07\/img_0503-768x1024.jpg\" data-id=\"9227\" src=\"https:\/\/www.intellectualsovereignty.ch\/wp-content\/uploads\/2022\/07\/img_0503.jpg\" alt=\"\" class=\"wp-image-9227\" srcset=\"https:\/\/www.intellectualsovereignty.ch\/wp-content\/uploads\/2022\/07\/img_0503.jpg 1500w, https:\/\/www.intellectualsovereignty.ch\/wp-content\/uploads\/2022\/07\/img_0503-225x300.jpg 225w, https:\/\/www.intellectualsovereignty.ch\/wp-content\/uploads\/2022\/07\/img_0503-768x1024.jpg 768w, https:\/\/www.intellectualsovereignty.ch\/wp-content\/uploads\/2022\/07\/img_0503-1152x1536.jpg 1152w, https:\/\/www.intellectualsovereignty.ch\/wp-content\/uploads\/2022\/07\/img_0503-400x533.jpg 400w, https:\/\/www.intellectualsovereignty.ch\/wp-content\/uploads\/2022\/07\/img_0503-800x1067.jpg 800w\" sizes=\"auto, (max-width: 1500px) 100vw, 1500px\" \/><\/figure>\n\n\n\n<figure class=\"wp-block-image size-large\"><img loading=\"lazy\" decoding=\"async\" width=\"1500\" height=\"2000\" data-attachment-id=\"9228\" data-permalink=\"https:\/\/www.intellectualsovereignty.ch\/index.php\/2022\/07\/19\/day88-lower-devils-peak-ridge-jackson-gap-km-2674-2730\/img_0504-2\/\" data-orig-file=\"https:\/\/www.intellectualsovereignty.ch\/wp-content\/uploads\/2022\/07\/img_0504.jpg\" data-orig-size=\"1500,2000\" data-comments-opened=\"0\" data-image-title=\"img_0504\" data-image-description=\"\" data-image-caption=\"\" data-large-file=\"https:\/\/www.intellectualsovereignty.ch\/wp-content\/uploads\/2022\/07\/img_0504-768x1024.jpg\" data-id=\"9228\" src=\"https:\/\/www.intellectualsovereignty.ch\/wp-content\/uploads\/2022\/07\/img_0504.jpg\" alt=\"\" class=\"wp-image-9228\" srcset=\"https:\/\/www.intellectualsovereignty.ch\/wp-content\/uploads\/2022\/07\/img_0504.jpg 1500w, https:\/\/www.intellectualsovereignty.ch\/wp-content\/uploads\/2022\/07\/img_0504-225x300.jpg 225w, https:\/\/www.intellectualsovereignty.ch\/wp-content\/uploads\/2022\/07\/img_0504-768x1024.jpg 768w, https:\/\/www.intellectualsovereignty.ch\/wp-content\/uploads\/2022\/07\/img_0504-1152x1536.jpg 1152w, https:\/\/www.intellectualsovereignty.ch\/wp-content\/uploads\/2022\/07\/img_0504-400x533.jpg 400w, https:\/\/www.intellectualsovereignty.ch\/wp-content\/uploads\/2022\/07\/img_0504-800x1067.jpg 800w\" sizes=\"auto, (max-width: 1500px) 100vw, 1500px\" \/><figcaption class=\"wp-element-caption\">Ein bellender Hund vielleicht?<\/figcaption><\/figure>\n\n\n\n<figure class=\"wp-block-image size-large\"><img loading=\"lazy\" decoding=\"async\" width=\"2000\" height=\"1500\" data-attachment-id=\"9225\" data-permalink=\"https:\/\/www.intellectualsovereignty.ch\/index.php\/2022\/07\/19\/day88-lower-devils-peak-ridge-jackson-gap-km-2674-2730\/img_0505-2\/\" data-orig-file=\"https:\/\/www.intellectualsovereignty.ch\/wp-content\/uploads\/2022\/07\/img_0505.jpg\" data-orig-size=\"2000,1500\" data-comments-opened=\"0\" data-image-title=\"img_0505\" data-image-description=\"\" data-image-caption=\"\" data-large-file=\"https:\/\/www.intellectualsovereignty.ch\/wp-content\/uploads\/2022\/07\/img_0505-1024x768.jpg\" data-id=\"9225\" src=\"https:\/\/www.intellectualsovereignty.ch\/wp-content\/uploads\/2022\/07\/img_0505.jpg\" alt=\"\" class=\"wp-image-9225\" srcset=\"https:\/\/www.intellectualsovereignty.ch\/wp-content\/uploads\/2022\/07\/img_0505.jpg 2000w, https:\/\/www.intellectualsovereignty.ch\/wp-content\/uploads\/2022\/07\/img_0505-300x225.jpg 300w, https:\/\/www.intellectualsovereignty.ch\/wp-content\/uploads\/2022\/07\/img_0505-1024x768.jpg 1024w, https:\/\/www.intellectualsovereignty.ch\/wp-content\/uploads\/2022\/07\/img_0505-768x576.jpg 768w, https:\/\/www.intellectualsovereignty.ch\/wp-content\/uploads\/2022\/07\/img_0505-1536x1152.jpg 1536w, https:\/\/www.intellectualsovereignty.ch\/wp-content\/uploads\/2022\/07\/img_0505-1870x1403.jpg 1870w, https:\/\/www.intellectualsovereignty.ch\/wp-content\/uploads\/2022\/07\/img_0505-400x300.jpg 400w, https:\/\/www.intellectualsovereignty.ch\/wp-content\/uploads\/2022\/07\/img_0505-800x600.jpg 800w\" sizes=\"auto, (max-width: 2000px) 100vw, 2000px\" \/><\/figure>\n\n\n\n<figure class=\"wp-block-image size-large\"><img loading=\"lazy\" decoding=\"async\" width=\"2000\" height=\"1500\" data-attachment-id=\"9232\" data-permalink=\"https:\/\/www.intellectualsovereignty.ch\/index.php\/2022\/07\/19\/day88-lower-devils-peak-ridge-jackson-gap-km-2674-2730\/img_0506-2\/\" data-orig-file=\"https:\/\/www.intellectualsovereignty.ch\/wp-content\/uploads\/2022\/07\/img_0506.jpg\" data-orig-size=\"2000,1500\" data-comments-opened=\"0\" data-image-title=\"img_0506\" data-image-description=\"\" data-image-caption=\"\" data-large-file=\"https:\/\/www.intellectualsovereignty.ch\/wp-content\/uploads\/2022\/07\/img_0506-1024x768.jpg\" data-id=\"9232\" src=\"https:\/\/www.intellectualsovereignty.ch\/wp-content\/uploads\/2022\/07\/img_0506.jpg\" alt=\"\" class=\"wp-image-9232\" srcset=\"https:\/\/www.intellectualsovereignty.ch\/wp-content\/uploads\/2022\/07\/img_0506.jpg 2000w, https:\/\/www.intellectualsovereignty.ch\/wp-content\/uploads\/2022\/07\/img_0506-300x225.jpg 300w, https:\/\/www.intellectualsovereignty.ch\/wp-content\/uploads\/2022\/07\/img_0506-1024x768.jpg 1024w, https:\/\/www.intellectualsovereignty.ch\/wp-content\/uploads\/2022\/07\/img_0506-768x576.jpg 768w, https:\/\/www.intellectualsovereignty.ch\/wp-content\/uploads\/2022\/07\/img_0506-1536x1152.jpg 1536w, https:\/\/www.intellectualsovereignty.ch\/wp-content\/uploads\/2022\/07\/img_0506-1870x1403.jpg 1870w, https:\/\/www.intellectualsovereignty.ch\/wp-content\/uploads\/2022\/07\/img_0506-400x300.jpg 400w, https:\/\/www.intellectualsovereignty.ch\/wp-content\/uploads\/2022\/07\/img_0506-800x600.jpg 800w\" sizes=\"auto, (max-width: 2000px) 100vw, 2000px\" \/><\/figure>\n\n\n\n<figure class=\"wp-block-image size-large\"><img loading=\"lazy\" decoding=\"async\" width=\"2000\" height=\"1500\" data-attachment-id=\"9234\" data-permalink=\"https:\/\/www.intellectualsovereignty.ch\/index.php\/2022\/07\/19\/day88-lower-devils-peak-ridge-jackson-gap-km-2674-2730\/img_0507\/\" data-orig-file=\"https:\/\/www.intellectualsovereignty.ch\/wp-content\/uploads\/2022\/07\/img_0507.jpg\" data-orig-size=\"2000,1500\" data-comments-opened=\"0\" data-image-title=\"img_0507\" data-image-description=\"\" data-image-caption=\"\" data-large-file=\"https:\/\/www.intellectualsovereignty.ch\/wp-content\/uploads\/2022\/07\/img_0507-1024x768.jpg\" data-id=\"9234\" src=\"https:\/\/www.intellectualsovereignty.ch\/wp-content\/uploads\/2022\/07\/img_0507.jpg\" alt=\"\" class=\"wp-image-9234\" srcset=\"https:\/\/www.intellectualsovereignty.ch\/wp-content\/uploads\/2022\/07\/img_0507.jpg 2000w, https:\/\/www.intellectualsovereignty.ch\/wp-content\/uploads\/2022\/07\/img_0507-300x225.jpg 300w, https:\/\/www.intellectualsovereignty.ch\/wp-content\/uploads\/2022\/07\/img_0507-1024x768.jpg 1024w, https:\/\/www.intellectualsovereignty.ch\/wp-content\/uploads\/2022\/07\/img_0507-768x576.jpg 768w, https:\/\/www.intellectualsovereignty.ch\/wp-content\/uploads\/2022\/07\/img_0507-1536x1152.jpg 1536w, https:\/\/www.intellectualsovereignty.ch\/wp-content\/uploads\/2022\/07\/img_0507-1870x1403.jpg 1870w, https:\/\/www.intellectualsovereignty.ch\/wp-content\/uploads\/2022\/07\/img_0507-400x300.jpg 400w, https:\/\/www.intellectualsovereignty.ch\/wp-content\/uploads\/2022\/07\/img_0507-800x600.jpg 800w\" sizes=\"auto, (max-width: 2000px) 100vw, 2000px\" \/><\/figure>\n\n\n\n<figure class=\"wp-block-image size-large\"><img loading=\"lazy\" decoding=\"async\" width=\"2000\" height=\"1500\" data-attachment-id=\"9235\" data-permalink=\"https:\/\/www.intellectualsovereignty.ch\/index.php\/2022\/07\/19\/day88-lower-devils-peak-ridge-jackson-gap-km-2674-2730\/img_0508\/\" data-orig-file=\"https:\/\/www.intellectualsovereignty.ch\/wp-content\/uploads\/2022\/07\/img_0508.jpg\" data-orig-size=\"2000,1500\" data-comments-opened=\"0\" data-image-title=\"img_0508\" data-image-description=\"\" data-image-caption=\"\" data-large-file=\"https:\/\/www.intellectualsovereignty.ch\/wp-content\/uploads\/2022\/07\/img_0508-1024x768.jpg\" data-id=\"9235\" src=\"https:\/\/www.intellectualsovereignty.ch\/wp-content\/uploads\/2022\/07\/img_0508.jpg\" alt=\"\" class=\"wp-image-9235\" srcset=\"https:\/\/www.intellectualsovereignty.ch\/wp-content\/uploads\/2022\/07\/img_0508.jpg 2000w, https:\/\/www.intellectualsovereignty.ch\/wp-content\/uploads\/2022\/07\/img_0508-300x225.jpg 300w, https:\/\/www.intellectualsovereignty.ch\/wp-content\/uploads\/2022\/07\/img_0508-1024x768.jpg 1024w, https:\/\/www.intellectualsovereignty.ch\/wp-content\/uploads\/2022\/07\/img_0508-768x576.jpg 768w, https:\/\/www.intellectualsovereignty.ch\/wp-content\/uploads\/2022\/07\/img_0508-1536x1152.jpg 1536w, https:\/\/www.intellectualsovereignty.ch\/wp-content\/uploads\/2022\/07\/img_0508-1870x1403.jpg 1870w, https:\/\/www.intellectualsovereignty.ch\/wp-content\/uploads\/2022\/07\/img_0508-400x300.jpg 400w, https:\/\/www.intellectualsovereignty.ch\/wp-content\/uploads\/2022\/07\/img_0508-800x600.jpg 800w\" sizes=\"auto, (max-width: 2000px) 100vw, 2000px\" \/><\/figure>\n\n\n\n<figure class=\"wp-block-image size-large\"><img loading=\"lazy\" decoding=\"async\" width=\"2000\" height=\"1500\" data-attachment-id=\"9229\" data-permalink=\"https:\/\/www.intellectualsovereignty.ch\/index.php\/2022\/07\/19\/day88-lower-devils-peak-ridge-jackson-gap-km-2674-2730\/img_0509\/\" data-orig-file=\"https:\/\/www.intellectualsovereignty.ch\/wp-content\/uploads\/2022\/07\/img_0509.jpg\" data-orig-size=\"2000,1500\" data-comments-opened=\"0\" data-image-title=\"img_0509\" data-image-description=\"\" data-image-caption=\"\" data-large-file=\"https:\/\/www.intellectualsovereignty.ch\/wp-content\/uploads\/2022\/07\/img_0509-1024x768.jpg\" data-id=\"9229\" src=\"https:\/\/www.intellectualsovereignty.ch\/wp-content\/uploads\/2022\/07\/img_0509.jpg\" alt=\"\" class=\"wp-image-9229\" srcset=\"https:\/\/www.intellectualsovereignty.ch\/wp-content\/uploads\/2022\/07\/img_0509.jpg 2000w, https:\/\/www.intellectualsovereignty.ch\/wp-content\/uploads\/2022\/07\/img_0509-300x225.jpg 300w, https:\/\/www.intellectualsovereignty.ch\/wp-content\/uploads\/2022\/07\/img_0509-1024x768.jpg 1024w, https:\/\/www.intellectualsovereignty.ch\/wp-content\/uploads\/2022\/07\/img_0509-768x576.jpg 768w, https:\/\/www.intellectualsovereignty.ch\/wp-content\/uploads\/2022\/07\/img_0509-1536x1152.jpg 1536w, https:\/\/www.intellectualsovereignty.ch\/wp-content\/uploads\/2022\/07\/img_0509-1870x1403.jpg 1870w, https:\/\/www.intellectualsovereignty.ch\/wp-content\/uploads\/2022\/07\/img_0509-400x300.jpg 400w, https:\/\/www.intellectualsovereignty.ch\/wp-content\/uploads\/2022\/07\/img_0509-800x600.jpg 800w\" sizes=\"auto, (max-width: 2000px) 100vw, 2000px\" \/><\/figure>\n\n\n\n<figure class=\"wp-block-image size-large\"><img loading=\"lazy\" decoding=\"async\" width=\"2000\" height=\"1500\" data-attachment-id=\"9231\" data-permalink=\"https:\/\/www.intellectualsovereignty.ch\/index.php\/2022\/07\/19\/day88-lower-devils-peak-ridge-jackson-gap-km-2674-2730\/img_0510\/\" data-orig-file=\"https:\/\/www.intellectualsovereignty.ch\/wp-content\/uploads\/2022\/07\/img_0510.jpg\" data-orig-size=\"2000,1500\" data-comments-opened=\"0\" data-image-title=\"img_0510\" data-image-description=\"\" data-image-caption=\"\" data-large-file=\"https:\/\/www.intellectualsovereignty.ch\/wp-content\/uploads\/2022\/07\/img_0510-1024x768.jpg\" data-id=\"9231\" src=\"https:\/\/www.intellectualsovereignty.ch\/wp-content\/uploads\/2022\/07\/img_0510.jpg\" alt=\"\" class=\"wp-image-9231\" srcset=\"https:\/\/www.intellectualsovereignty.ch\/wp-content\/uploads\/2022\/07\/img_0510.jpg 2000w, https:\/\/www.intellectualsovereignty.ch\/wp-content\/uploads\/2022\/07\/img_0510-300x225.jpg 300w, https:\/\/www.intellectualsovereignty.ch\/wp-content\/uploads\/2022\/07\/img_0510-1024x768.jpg 1024w, https:\/\/www.intellectualsovereignty.ch\/wp-content\/uploads\/2022\/07\/img_0510-768x576.jpg 768w, https:\/\/www.intellectualsovereignty.ch\/wp-content\/uploads\/2022\/07\/img_0510-1536x1152.jpg 1536w, https:\/\/www.intellectualsovereignty.ch\/wp-content\/uploads\/2022\/07\/img_0510-1870x1403.jpg 1870w, https:\/\/www.intellectualsovereignty.ch\/wp-content\/uploads\/2022\/07\/img_0510-400x300.jpg 400w, https:\/\/www.intellectualsovereignty.ch\/wp-content\/uploads\/2022\/07\/img_0510-800x600.jpg 800w\" sizes=\"auto, (max-width: 2000px) 100vw, 2000px\" \/><\/figure>\n\n\n\n<figure class=\"wp-block-image size-large\"><img loading=\"lazy\" decoding=\"async\" width=\"1500\" height=\"2000\" data-attachment-id=\"9233\" data-permalink=\"https:\/\/www.intellectualsovereignty.ch\/index.php\/2022\/07\/19\/day88-lower-devils-peak-ridge-jackson-gap-km-2674-2730\/img_0511\/\" data-orig-file=\"https:\/\/www.intellectualsovereignty.ch\/wp-content\/uploads\/2022\/07\/img_0511.jpg\" data-orig-size=\"1500,2000\" data-comments-opened=\"0\" data-image-title=\"img_0511\" data-image-description=\"\" data-image-caption=\"\" data-large-file=\"https:\/\/www.intellectualsovereignty.ch\/wp-content\/uploads\/2022\/07\/img_0511-768x1024.jpg\" data-id=\"9233\" src=\"https:\/\/www.intellectualsovereignty.ch\/wp-content\/uploads\/2022\/07\/img_0511.jpg\" alt=\"\" class=\"wp-image-9233\" srcset=\"https:\/\/www.intellectualsovereignty.ch\/wp-content\/uploads\/2022\/07\/img_0511.jpg 1500w, https:\/\/www.intellectualsovereignty.ch\/wp-content\/uploads\/2022\/07\/img_0511-225x300.jpg 225w, https:\/\/www.intellectualsovereignty.ch\/wp-content\/uploads\/2022\/07\/img_0511-768x1024.jpg 768w, https:\/\/www.intellectualsovereignty.ch\/wp-content\/uploads\/2022\/07\/img_0511-1152x1536.jpg 1152w, https:\/\/www.intellectualsovereignty.ch\/wp-content\/uploads\/2022\/07\/img_0511-400x533.jpg 400w, https:\/\/www.intellectualsovereignty.ch\/wp-content\/uploads\/2022\/07\/img_0511-800x1067.jpg 800w\" sizes=\"auto, (max-width: 1500px) 100vw, 1500px\" \/><\/figure>\n\n\n\n<figure class=\"wp-block-image size-large\"><img loading=\"lazy\" decoding=\"async\" width=\"2000\" height=\"1500\" data-attachment-id=\"9230\" data-permalink=\"https:\/\/www.intellectualsovereignty.ch\/index.php\/2022\/07\/19\/day88-lower-devils-peak-ridge-jackson-gap-km-2674-2730\/img_0512-2\/\" data-orig-file=\"https:\/\/www.intellectualsovereignty.ch\/wp-content\/uploads\/2022\/07\/img_0512.jpg\" data-orig-size=\"2000,1500\" data-comments-opened=\"0\" data-image-title=\"img_0512\" data-image-description=\"\" data-image-caption=\"\" data-large-file=\"https:\/\/www.intellectualsovereignty.ch\/wp-content\/uploads\/2022\/07\/img_0512-1024x768.jpg\" data-id=\"9230\" src=\"https:\/\/www.intellectualsovereignty.ch\/wp-content\/uploads\/2022\/07\/img_0512.jpg\" alt=\"\" class=\"wp-image-9230\" srcset=\"https:\/\/www.intellectualsovereignty.ch\/wp-content\/uploads\/2022\/07\/img_0512.jpg 2000w, https:\/\/www.intellectualsovereignty.ch\/wp-content\/uploads\/2022\/07\/img_0512-300x225.jpg 300w, https:\/\/www.intellectualsovereignty.ch\/wp-content\/uploads\/2022\/07\/img_0512-1024x768.jpg 1024w, https:\/\/www.intellectualsovereignty.ch\/wp-content\/uploads\/2022\/07\/img_0512-768x576.jpg 768w, https:\/\/www.intellectualsovereignty.ch\/wp-content\/uploads\/2022\/07\/img_0512-1536x1152.jpg 1536w, https:\/\/www.intellectualsovereignty.ch\/wp-content\/uploads\/2022\/07\/img_0512-1870x1403.jpg 1870w, https:\/\/www.intellectualsovereignty.ch\/wp-content\/uploads\/2022\/07\/img_0512-400x300.jpg 400w, https:\/\/www.intellectualsovereignty.ch\/wp-content\/uploads\/2022\/07\/img_0512-800x600.jpg 800w\" sizes=\"auto, (max-width: 2000px) 100vw, 2000px\" \/><\/figure>\n\n\n\n<figure class=\"wp-block-image size-large\"><img loading=\"lazy\" decoding=\"async\" width=\"1500\" height=\"2000\" data-attachment-id=\"9236\" data-permalink=\"https:\/\/www.intellectualsovereignty.ch\/index.php\/2022\/07\/19\/day88-lower-devils-peak-ridge-jackson-gap-km-2674-2730\/img_0513-2\/\" data-orig-file=\"https:\/\/www.intellectualsovereignty.ch\/wp-content\/uploads\/2022\/07\/img_0513.jpg\" data-orig-size=\"1500,2000\" data-comments-opened=\"0\" data-image-title=\"img_0513\" data-image-description=\"\" data-image-caption=\"\" data-large-file=\"https:\/\/www.intellectualsovereignty.ch\/wp-content\/uploads\/2022\/07\/img_0513-768x1024.jpg\" data-id=\"9236\" src=\"https:\/\/www.intellectualsovereignty.ch\/wp-content\/uploads\/2022\/07\/img_0513.jpg\" alt=\"\" class=\"wp-image-9236\" srcset=\"https:\/\/www.intellectualsovereignty.ch\/wp-content\/uploads\/2022\/07\/img_0513.jpg 1500w, https:\/\/www.intellectualsovereignty.ch\/wp-content\/uploads\/2022\/07\/img_0513-225x300.jpg 225w, https:\/\/www.intellectualsovereignty.ch\/wp-content\/uploads\/2022\/07\/img_0513-768x1024.jpg 768w, https:\/\/www.intellectualsovereignty.ch\/wp-content\/uploads\/2022\/07\/img_0513-1152x1536.jpg 1152w, https:\/\/www.intellectualsovereignty.ch\/wp-content\/uploads\/2022\/07\/img_0513-400x533.jpg 400w, https:\/\/www.intellectualsovereignty.ch\/wp-content\/uploads\/2022\/07\/img_0513-800x1067.jpg 800w\" sizes=\"auto, (max-width: 1500px) 100vw, 1500px\" \/><\/figure>\n\n\n\n<figure class=\"wp-block-image size-large\"><img loading=\"lazy\" decoding=\"async\" width=\"1500\" height=\"2000\" data-attachment-id=\"9244\" data-permalink=\"https:\/\/www.intellectualsovereignty.ch\/index.php\/2022\/07\/19\/day88-lower-devils-peak-ridge-jackson-gap-km-2674-2730\/img_0514-2\/\" data-orig-file=\"https:\/\/www.intellectualsovereignty.ch\/wp-content\/uploads\/2022\/07\/img_0514.jpg\" data-orig-size=\"1500,2000\" data-comments-opened=\"0\" data-image-title=\"img_0514\" data-image-description=\"\" data-image-caption=\"\" data-large-file=\"https:\/\/www.intellectualsovereignty.ch\/wp-content\/uploads\/2022\/07\/img_0514-768x1024.jpg\" data-id=\"9244\" src=\"https:\/\/www.intellectualsovereignty.ch\/wp-content\/uploads\/2022\/07\/img_0514.jpg\" alt=\"\" class=\"wp-image-9244\" srcset=\"https:\/\/www.intellectualsovereignty.ch\/wp-content\/uploads\/2022\/07\/img_0514.jpg 1500w, https:\/\/www.intellectualsovereignty.ch\/wp-content\/uploads\/2022\/07\/img_0514-225x300.jpg 225w, https:\/\/www.intellectualsovereignty.ch\/wp-content\/uploads\/2022\/07\/img_0514-768x1024.jpg 768w, https:\/\/www.intellectualsovereignty.ch\/wp-content\/uploads\/2022\/07\/img_0514-1152x1536.jpg 1152w, https:\/\/www.intellectualsovereignty.ch\/wp-content\/uploads\/2022\/07\/img_0514-400x533.jpg 400w, https:\/\/www.intellectualsovereignty.ch\/wp-content\/uploads\/2022\/07\/img_0514-800x1067.jpg 800w\" sizes=\"auto, (max-width: 1500px) 100vw, 1500px\" \/><\/figure>\n\n\n\n<figure class=\"wp-block-image size-large\"><img loading=\"lazy\" decoding=\"async\" width=\"1500\" height=\"2000\" data-attachment-id=\"9240\" data-permalink=\"https:\/\/www.intellectualsovereignty.ch\/index.php\/2022\/07\/19\/day88-lower-devils-peak-ridge-jackson-gap-km-2674-2730\/img_0515-2\/\" data-orig-file=\"https:\/\/www.intellectualsovereignty.ch\/wp-content\/uploads\/2022\/07\/img_0515.jpg\" data-orig-size=\"1500,2000\" data-comments-opened=\"0\" data-image-title=\"img_0515\" data-image-description=\"\" data-image-caption=\"\" data-large-file=\"https:\/\/www.intellectualsovereignty.ch\/wp-content\/uploads\/2022\/07\/img_0515-768x1024.jpg\" data-id=\"9240\" src=\"https:\/\/www.intellectualsovereignty.ch\/wp-content\/uploads\/2022\/07\/img_0515.jpg\" alt=\"\" class=\"wp-image-9240\" srcset=\"https:\/\/www.intellectualsovereignty.ch\/wp-content\/uploads\/2022\/07\/img_0515.jpg 1500w, https:\/\/www.intellectualsovereignty.ch\/wp-content\/uploads\/2022\/07\/img_0515-225x300.jpg 225w, https:\/\/www.intellectualsovereignty.ch\/wp-content\/uploads\/2022\/07\/img_0515-768x1024.jpg 768w, https:\/\/www.intellectualsovereignty.ch\/wp-content\/uploads\/2022\/07\/img_0515-1152x1536.jpg 1152w, https:\/\/www.intellectualsovereignty.ch\/wp-content\/uploads\/2022\/07\/img_0515-400x533.jpg 400w, https:\/\/www.intellectualsovereignty.ch\/wp-content\/uploads\/2022\/07\/img_0515-800x1067.jpg 800w\" sizes=\"auto, (max-width: 1500px) 100vw, 1500px\" \/><\/figure>\n\n\n\n<figure class=\"wp-block-image size-large\"><img loading=\"lazy\" decoding=\"async\" width=\"2000\" height=\"1500\" data-attachment-id=\"9239\" data-permalink=\"https:\/\/www.intellectualsovereignty.ch\/index.php\/2022\/07\/19\/day88-lower-devils-peak-ridge-jackson-gap-km-2674-2730\/img_0516-2\/\" data-orig-file=\"https:\/\/www.intellectualsovereignty.ch\/wp-content\/uploads\/2022\/07\/img_0516.jpg\" data-orig-size=\"2000,1500\" data-comments-opened=\"0\" data-image-title=\"img_0516\" data-image-description=\"\" data-image-caption=\"\" data-large-file=\"https:\/\/www.intellectualsovereignty.ch\/wp-content\/uploads\/2022\/07\/img_0516-1024x768.jpg\" data-id=\"9239\" src=\"https:\/\/www.intellectualsovereignty.ch\/wp-content\/uploads\/2022\/07\/img_0516.jpg\" alt=\"\" class=\"wp-image-9239\" srcset=\"https:\/\/www.intellectualsovereignty.ch\/wp-content\/uploads\/2022\/07\/img_0516.jpg 2000w, https:\/\/www.intellectualsovereignty.ch\/wp-content\/uploads\/2022\/07\/img_0516-300x225.jpg 300w, https:\/\/www.intellectualsovereignty.ch\/wp-content\/uploads\/2022\/07\/img_0516-1024x768.jpg 1024w, https:\/\/www.intellectualsovereignty.ch\/wp-content\/uploads\/2022\/07\/img_0516-768x576.jpg 768w, https:\/\/www.intellectualsovereignty.ch\/wp-content\/uploads\/2022\/07\/img_0516-1536x1152.jpg 1536w, https:\/\/www.intellectualsovereignty.ch\/wp-content\/uploads\/2022\/07\/img_0516-1870x1403.jpg 1870w, https:\/\/www.intellectualsovereignty.ch\/wp-content\/uploads\/2022\/07\/img_0516-400x300.jpg 400w, https:\/\/www.intellectualsovereignty.ch\/wp-content\/uploads\/2022\/07\/img_0516-800x600.jpg 800w\" sizes=\"auto, (max-width: 2000px) 100vw, 2000px\" \/><\/figure>\n\n\n\n<figure class=\"wp-block-image size-large\"><img loading=\"lazy\" decoding=\"async\" width=\"2000\" height=\"1500\" data-attachment-id=\"9237\" data-permalink=\"https:\/\/www.intellectualsovereignty.ch\/index.php\/2022\/07\/19\/day88-lower-devils-peak-ridge-jackson-gap-km-2674-2730\/img_0517-2\/\" data-orig-file=\"https:\/\/www.intellectualsovereignty.ch\/wp-content\/uploads\/2022\/07\/img_0517.jpg\" data-orig-size=\"2000,1500\" data-comments-opened=\"0\" data-image-title=\"img_0517\" data-image-description=\"\" data-image-caption=\"\" data-large-file=\"https:\/\/www.intellectualsovereignty.ch\/wp-content\/uploads\/2022\/07\/img_0517-1024x768.jpg\" data-id=\"9237\" src=\"https:\/\/www.intellectualsovereignty.ch\/wp-content\/uploads\/2022\/07\/img_0517.jpg\" alt=\"\" class=\"wp-image-9237\" srcset=\"https:\/\/www.intellectualsovereignty.ch\/wp-content\/uploads\/2022\/07\/img_0517.jpg 2000w, https:\/\/www.intellectualsovereignty.ch\/wp-content\/uploads\/2022\/07\/img_0517-300x225.jpg 300w, https:\/\/www.intellectualsovereignty.ch\/wp-content\/uploads\/2022\/07\/img_0517-1024x768.jpg 1024w, https:\/\/www.intellectualsovereignty.ch\/wp-content\/uploads\/2022\/07\/img_0517-768x576.jpg 768w, https:\/\/www.intellectualsovereignty.ch\/wp-content\/uploads\/2022\/07\/img_0517-1536x1152.jpg 1536w, https:\/\/www.intellectualsovereignty.ch\/wp-content\/uploads\/2022\/07\/img_0517-1870x1403.jpg 1870w, https:\/\/www.intellectualsovereignty.ch\/wp-content\/uploads\/2022\/07\/img_0517-400x300.jpg 400w, https:\/\/www.intellectualsovereignty.ch\/wp-content\/uploads\/2022\/07\/img_0517-800x600.jpg 800w\" sizes=\"auto, (max-width: 2000px) 100vw, 2000px\" \/><\/figure>\n\n\n\n<figure class=\"wp-block-image size-large\"><img loading=\"lazy\" decoding=\"async\" width=\"1500\" height=\"2000\" data-attachment-id=\"9243\" data-permalink=\"https:\/\/www.intellectualsovereignty.ch\/index.php\/2022\/07\/19\/day88-lower-devils-peak-ridge-jackson-gap-km-2674-2730\/img_0518-2\/\" data-orig-file=\"https:\/\/www.intellectualsovereignty.ch\/wp-content\/uploads\/2022\/07\/img_0518.jpg\" data-orig-size=\"1500,2000\" data-comments-opened=\"0\" data-image-title=\"img_0518\" data-image-description=\"\" data-image-caption=\"\" data-large-file=\"https:\/\/www.intellectualsovereignty.ch\/wp-content\/uploads\/2022\/07\/img_0518-768x1024.jpg\" data-id=\"9243\" src=\"https:\/\/www.intellectualsovereignty.ch\/wp-content\/uploads\/2022\/07\/img_0518.jpg\" alt=\"\" class=\"wp-image-9243\" srcset=\"https:\/\/www.intellectualsovereignty.ch\/wp-content\/uploads\/2022\/07\/img_0518.jpg 1500w, https:\/\/www.intellectualsovereignty.ch\/wp-content\/uploads\/2022\/07\/img_0518-225x300.jpg 225w, https:\/\/www.intellectualsovereignty.ch\/wp-content\/uploads\/2022\/07\/img_0518-768x1024.jpg 768w, https:\/\/www.intellectualsovereignty.ch\/wp-content\/uploads\/2022\/07\/img_0518-1152x1536.jpg 1152w, https:\/\/www.intellectualsovereignty.ch\/wp-content\/uploads\/2022\/07\/img_0518-400x533.jpg 400w, https:\/\/www.intellectualsovereignty.ch\/wp-content\/uploads\/2022\/07\/img_0518-800x1067.jpg 800w\" sizes=\"auto, (max-width: 1500px) 100vw, 1500px\" \/><\/figure>\n\n\n\n<figure class=\"wp-block-image size-large\"><img loading=\"lazy\" decoding=\"async\" width=\"2000\" height=\"1500\" data-attachment-id=\"9245\" data-permalink=\"https:\/\/www.intellectualsovereignty.ch\/index.php\/2022\/07\/19\/day88-lower-devils-peak-ridge-jackson-gap-km-2674-2730\/img_0519-2\/\" data-orig-file=\"https:\/\/www.intellectualsovereignty.ch\/wp-content\/uploads\/2022\/07\/img_0519.jpg\" data-orig-size=\"2000,1500\" data-comments-opened=\"0\" data-image-title=\"img_0519\" data-image-description=\"\" data-image-caption=\"\" data-large-file=\"https:\/\/www.intellectualsovereignty.ch\/wp-content\/uploads\/2022\/07\/img_0519-1024x768.jpg\" data-id=\"9245\" src=\"https:\/\/www.intellectualsovereignty.ch\/wp-content\/uploads\/2022\/07\/img_0519.jpg\" alt=\"\" class=\"wp-image-9245\" srcset=\"https:\/\/www.intellectualsovereignty.ch\/wp-content\/uploads\/2022\/07\/img_0519.jpg 2000w, https:\/\/www.intellectualsovereignty.ch\/wp-content\/uploads\/2022\/07\/img_0519-300x225.jpg 300w, https:\/\/www.intellectualsovereignty.ch\/wp-content\/uploads\/2022\/07\/img_0519-1024x768.jpg 1024w, https:\/\/www.intellectualsovereignty.ch\/wp-content\/uploads\/2022\/07\/img_0519-768x576.jpg 768w, https:\/\/www.intellectualsovereignty.ch\/wp-content\/uploads\/2022\/07\/img_0519-1536x1152.jpg 1536w, https:\/\/www.intellectualsovereignty.ch\/wp-content\/uploads\/2022\/07\/img_0519-1870x1403.jpg 1870w, https:\/\/www.intellectualsovereignty.ch\/wp-content\/uploads\/2022\/07\/img_0519-400x300.jpg 400w, https:\/\/www.intellectualsovereignty.ch\/wp-content\/uploads\/2022\/07\/img_0519-800x600.jpg 800w\" sizes=\"auto, (max-width: 2000px) 100vw, 2000px\" \/><\/figure>\n\n\n\n<figure class=\"wp-block-image size-large\"><img loading=\"lazy\" decoding=\"async\" width=\"1500\" height=\"2000\" data-attachment-id=\"9242\" data-permalink=\"https:\/\/www.intellectualsovereignty.ch\/index.php\/2022\/07\/19\/day88-lower-devils-peak-ridge-jackson-gap-km-2674-2730\/img_0520-2\/\" data-orig-file=\"https:\/\/www.intellectualsovereignty.ch\/wp-content\/uploads\/2022\/07\/img_0520.jpg\" data-orig-size=\"1500,2000\" data-comments-opened=\"0\" data-image-title=\"img_0520\" data-image-description=\"\" data-image-caption=\"\" data-large-file=\"https:\/\/www.intellectualsovereignty.ch\/wp-content\/uploads\/2022\/07\/img_0520-768x1024.jpg\" data-id=\"9242\" src=\"https:\/\/www.intellectualsovereignty.ch\/wp-content\/uploads\/2022\/07\/img_0520.jpg\" alt=\"\" class=\"wp-image-9242\" srcset=\"https:\/\/www.intellectualsovereignty.ch\/wp-content\/uploads\/2022\/07\/img_0520.jpg 1500w, https:\/\/www.intellectualsovereignty.ch\/wp-content\/uploads\/2022\/07\/img_0520-225x300.jpg 225w, https:\/\/www.intellectualsovereignty.ch\/wp-content\/uploads\/2022\/07\/img_0520-768x1024.jpg 768w, https:\/\/www.intellectualsovereignty.ch\/wp-content\/uploads\/2022\/07\/img_0520-1152x1536.jpg 1152w, https:\/\/www.intellectualsovereignty.ch\/wp-content\/uploads\/2022\/07\/img_0520-400x533.jpg 400w, https:\/\/www.intellectualsovereignty.ch\/wp-content\/uploads\/2022\/07\/img_0520-800x1067.jpg 800w\" sizes=\"auto, (max-width: 1500px) 100vw, 1500px\" \/><\/figure>\n\n\n\n<figure class=\"wp-block-image size-large\"><img loading=\"lazy\" decoding=\"async\" width=\"1500\" height=\"2000\" data-attachment-id=\"9241\" data-permalink=\"https:\/\/www.intellectualsovereignty.ch\/index.php\/2022\/07\/19\/day88-lower-devils-peak-ridge-jackson-gap-km-2674-2730\/img_0521-2\/\" data-orig-file=\"https:\/\/www.intellectualsovereignty.ch\/wp-content\/uploads\/2022\/07\/img_0521.jpg\" data-orig-size=\"1500,2000\" data-comments-opened=\"0\" data-image-title=\"img_0521\" data-image-description=\"\" data-image-caption=\"\" data-large-file=\"https:\/\/www.intellectualsovereignty.ch\/wp-content\/uploads\/2022\/07\/img_0521-768x1024.jpg\" data-id=\"9241\" src=\"https:\/\/www.intellectualsovereignty.ch\/wp-content\/uploads\/2022\/07\/img_0521.jpg\" alt=\"\" class=\"wp-image-9241\" srcset=\"https:\/\/www.intellectualsovereignty.ch\/wp-content\/uploads\/2022\/07\/img_0521.jpg 1500w, https:\/\/www.intellectualsovereignty.ch\/wp-content\/uploads\/2022\/07\/img_0521-225x300.jpg 225w, https:\/\/www.intellectualsovereignty.ch\/wp-content\/uploads\/2022\/07\/img_0521-768x1024.jpg 768w, https:\/\/www.intellectualsovereignty.ch\/wp-content\/uploads\/2022\/07\/img_0521-1152x1536.jpg 1152w, https:\/\/www.intellectualsovereignty.ch\/wp-content\/uploads\/2022\/07\/img_0521-400x533.jpg 400w, https:\/\/www.intellectualsovereignty.ch\/wp-content\/uploads\/2022\/07\/img_0521-800x1067.jpg 800w\" sizes=\"auto, (max-width: 1500px) 100vw, 1500px\" \/><\/figure>\n\n\n\n<figure class=\"wp-block-image size-large\"><img loading=\"lazy\" decoding=\"async\" width=\"2000\" height=\"1502\" data-attachment-id=\"9238\" data-permalink=\"https:\/\/www.intellectualsovereignty.ch\/index.php\/2022\/07\/19\/day88-lower-devils-peak-ridge-jackson-gap-km-2674-2730\/img_0522-2\/\" data-orig-file=\"https:\/\/www.intellectualsovereignty.ch\/wp-content\/uploads\/2022\/07\/img_0522.jpg\" data-orig-size=\"2000,1502\" data-comments-opened=\"0\" data-image-title=\"img_0522\" data-image-description=\"\" data-image-caption=\"\" data-large-file=\"https:\/\/www.intellectualsovereignty.ch\/wp-content\/uploads\/2022\/07\/img_0522-1024x769.jpg\" data-id=\"9238\" src=\"https:\/\/www.intellectualsovereignty.ch\/wp-content\/uploads\/2022\/07\/img_0522.jpg\" alt=\"\" class=\"wp-image-9238\" srcset=\"https:\/\/www.intellectualsovereignty.ch\/wp-content\/uploads\/2022\/07\/img_0522.jpg 2000w, https:\/\/www.intellectualsovereignty.ch\/wp-content\/uploads\/2022\/07\/img_0522-300x225.jpg 300w, https:\/\/www.intellectualsovereignty.ch\/wp-content\/uploads\/2022\/07\/img_0522-1024x769.jpg 1024w, https:\/\/www.intellectualsovereignty.ch\/wp-content\/uploads\/2022\/07\/img_0522-768x577.jpg 768w, https:\/\/www.intellectualsovereignty.ch\/wp-content\/uploads\/2022\/07\/img_0522-1536x1154.jpg 1536w, https:\/\/www.intellectualsovereignty.ch\/wp-content\/uploads\/2022\/07\/img_0522-1870x1404.jpg 1870w, https:\/\/www.intellectualsovereignty.ch\/wp-content\/uploads\/2022\/07\/img_0522-400x300.jpg 400w, https:\/\/www.intellectualsovereignty.ch\/wp-content\/uploads\/2022\/07\/img_0522-800x601.jpg 800w\" sizes=\"auto, (max-width: 2000px) 100vw, 2000px\" \/><\/figure>\n<\/figure>\n\n\n\n<p class=\"wp-block-paragraph\">Am Trail \u00e4ndert mit dem \u00dcbergang nach Oregon nicht viel, ausser dass er anders markiert ist und etwas aufger\u00e4umter daherkommt. Das erste was ich entdecke ist ein Landart-Mosaik, ziemlich cool! Da ich kaum mehr Wasser dabei habe, schleppe ich mich noch ein paar Kilometer zur n\u00e4chsten Quelle und stelle zu sp\u00e4ter Stunde mein Zelt auf, w\u00e4hrend andere bereits gen\u00fcsslich schnarchen\u2026<\/p>\n\n\n\n<figure class=\"wp-block-gallery has-nested-images columns-default is-cropped wp-block-gallery-4 is-layout-flex wp-block-gallery-is-layout-flex\">\n<figure class=\"wp-block-image size-large\"><img loading=\"lazy\" decoding=\"async\" width=\"1500\" height=\"2000\" data-attachment-id=\"9253\" data-permalink=\"https:\/\/www.intellectualsovereignty.ch\/index.php\/2022\/07\/19\/day88-lower-devils-peak-ridge-jackson-gap-km-2674-2730\/img_0523-2\/\" data-orig-file=\"https:\/\/www.intellectualsovereignty.ch\/wp-content\/uploads\/2022\/07\/img_0523.jpg\" data-orig-size=\"1500,2000\" data-comments-opened=\"0\" data-image-title=\"img_0523\" data-image-description=\"\" data-image-caption=\"\" data-large-file=\"https:\/\/www.intellectualsovereignty.ch\/wp-content\/uploads\/2022\/07\/img_0523-768x1024.jpg\" data-id=\"9253\" src=\"https:\/\/www.intellectualsovereignty.ch\/wp-content\/uploads\/2022\/07\/img_0523.jpg\" alt=\"\" class=\"wp-image-9253\" srcset=\"https:\/\/www.intellectualsovereignty.ch\/wp-content\/uploads\/2022\/07\/img_0523.jpg 1500w, https:\/\/www.intellectualsovereignty.ch\/wp-content\/uploads\/2022\/07\/img_0523-225x300.jpg 225w, https:\/\/www.intellectualsovereignty.ch\/wp-content\/uploads\/2022\/07\/img_0523-768x1024.jpg 768w, https:\/\/www.intellectualsovereignty.ch\/wp-content\/uploads\/2022\/07\/img_0523-1152x1536.jpg 1152w, https:\/\/www.intellectualsovereignty.ch\/wp-content\/uploads\/2022\/07\/img_0523-400x533.jpg 400w, https:\/\/www.intellectualsovereignty.ch\/wp-content\/uploads\/2022\/07\/img_0523-800x1067.jpg 800w\" sizes=\"auto, (max-width: 1500px) 100vw, 1500px\" \/><\/figure>\n\n\n\n<figure class=\"wp-block-image size-large\"><img loading=\"lazy\" decoding=\"async\" width=\"2000\" height=\"1500\" data-attachment-id=\"9247\" data-permalink=\"https:\/\/www.intellectualsovereignty.ch\/index.php\/2022\/07\/19\/day88-lower-devils-peak-ridge-jackson-gap-km-2674-2730\/img_0524-2\/\" data-orig-file=\"https:\/\/www.intellectualsovereignty.ch\/wp-content\/uploads\/2022\/07\/img_0524.jpg\" data-orig-size=\"2000,1500\" data-comments-opened=\"0\" data-image-title=\"img_0524\" data-image-description=\"\" data-image-caption=\"\" data-large-file=\"https:\/\/www.intellectualsovereignty.ch\/wp-content\/uploads\/2022\/07\/img_0524-1024x768.jpg\" data-id=\"9247\" src=\"https:\/\/www.intellectualsovereignty.ch\/wp-content\/uploads\/2022\/07\/img_0524.jpg\" alt=\"\" class=\"wp-image-9247\" srcset=\"https:\/\/www.intellectualsovereignty.ch\/wp-content\/uploads\/2022\/07\/img_0524.jpg 2000w, https:\/\/www.intellectualsovereignty.ch\/wp-content\/uploads\/2022\/07\/img_0524-300x225.jpg 300w, https:\/\/www.intellectualsovereignty.ch\/wp-content\/uploads\/2022\/07\/img_0524-1024x768.jpg 1024w, https:\/\/www.intellectualsovereignty.ch\/wp-content\/uploads\/2022\/07\/img_0524-768x576.jpg 768w, https:\/\/www.intellectualsovereignty.ch\/wp-content\/uploads\/2022\/07\/img_0524-1536x1152.jpg 1536w, https:\/\/www.intellectualsovereignty.ch\/wp-content\/uploads\/2022\/07\/img_0524-1870x1403.jpg 1870w, https:\/\/www.intellectualsovereignty.ch\/wp-content\/uploads\/2022\/07\/img_0524-400x300.jpg 400w, https:\/\/www.intellectualsovereignty.ch\/wp-content\/uploads\/2022\/07\/img_0524-800x600.jpg 800w\" sizes=\"auto, (max-width: 2000px) 100vw, 2000px\" \/><\/figure>\n\n\n\n<figure class=\"wp-block-image size-large\"><img loading=\"lazy\" decoding=\"async\" width=\"1500\" height=\"2000\" data-attachment-id=\"9254\" data-permalink=\"https:\/\/www.intellectualsovereignty.ch\/index.php\/2022\/07\/19\/day88-lower-devils-peak-ridge-jackson-gap-km-2674-2730\/img_0525-2\/\" data-orig-file=\"https:\/\/www.intellectualsovereignty.ch\/wp-content\/uploads\/2022\/07\/img_0525.jpg\" data-orig-size=\"1500,2000\" data-comments-opened=\"0\" data-image-title=\"img_0525\" data-image-description=\"\" data-image-caption=\"\" data-large-file=\"https:\/\/www.intellectualsovereignty.ch\/wp-content\/uploads\/2022\/07\/img_0525-768x1024.jpg\" data-id=\"9254\" src=\"https:\/\/www.intellectualsovereignty.ch\/wp-content\/uploads\/2022\/07\/img_0525.jpg\" alt=\"\" class=\"wp-image-9254\" srcset=\"https:\/\/www.intellectualsovereignty.ch\/wp-content\/uploads\/2022\/07\/img_0525.jpg 1500w, https:\/\/www.intellectualsovereignty.ch\/wp-content\/uploads\/2022\/07\/img_0525-225x300.jpg 225w, https:\/\/www.intellectualsovereignty.ch\/wp-content\/uploads\/2022\/07\/img_0525-768x1024.jpg 768w, https:\/\/www.intellectualsovereignty.ch\/wp-content\/uploads\/2022\/07\/img_0525-1152x1536.jpg 1152w, https:\/\/www.intellectualsovereignty.ch\/wp-content\/uploads\/2022\/07\/img_0525-400x533.jpg 400w, https:\/\/www.intellectualsovereignty.ch\/wp-content\/uploads\/2022\/07\/img_0525-800x1067.jpg 800w\" sizes=\"auto, (max-width: 1500px) 100vw, 1500px\" \/><\/figure>\n\n\n\n<figure class=\"wp-block-image size-large\"><img loading=\"lazy\" decoding=\"async\" width=\"2000\" height=\"1500\" data-attachment-id=\"9249\" data-permalink=\"https:\/\/www.intellectualsovereignty.ch\/index.php\/2022\/07\/19\/day88-lower-devils-peak-ridge-jackson-gap-km-2674-2730\/img_0526\/\" data-orig-file=\"https:\/\/www.intellectualsovereignty.ch\/wp-content\/uploads\/2022\/07\/img_0526.jpg\" data-orig-size=\"2000,1500\" data-comments-opened=\"0\" data-image-title=\"img_0526\" data-image-description=\"\" data-image-caption=\"\" data-large-file=\"https:\/\/www.intellectualsovereignty.ch\/wp-content\/uploads\/2022\/07\/img_0526-1024x768.jpg\" data-id=\"9249\" src=\"https:\/\/www.intellectualsovereignty.ch\/wp-content\/uploads\/2022\/07\/img_0526.jpg\" alt=\"\" class=\"wp-image-9249\" srcset=\"https:\/\/www.intellectualsovereignty.ch\/wp-content\/uploads\/2022\/07\/img_0526.jpg 2000w, https:\/\/www.intellectualsovereignty.ch\/wp-content\/uploads\/2022\/07\/img_0526-300x225.jpg 300w, https:\/\/www.intellectualsovereignty.ch\/wp-content\/uploads\/2022\/07\/img_0526-1024x768.jpg 1024w, https:\/\/www.intellectualsovereignty.ch\/wp-content\/uploads\/2022\/07\/img_0526-768x576.jpg 768w, https:\/\/www.intellectualsovereignty.ch\/wp-content\/uploads\/2022\/07\/img_0526-1536x1152.jpg 1536w, https:\/\/www.intellectualsovereignty.ch\/wp-content\/uploads\/2022\/07\/img_0526-1870x1403.jpg 1870w, https:\/\/www.intellectualsovereignty.ch\/wp-content\/uploads\/2022\/07\/img_0526-400x300.jpg 400w, https:\/\/www.intellectualsovereignty.ch\/wp-content\/uploads\/2022\/07\/img_0526-800x600.jpg 800w\" sizes=\"auto, (max-width: 2000px) 100vw, 2000px\" \/><\/figure>\n\n\n\n<figure class=\"wp-block-image size-large\"><img loading=\"lazy\" decoding=\"async\" width=\"2000\" height=\"1500\" data-attachment-id=\"9246\" data-permalink=\"https:\/\/www.intellectualsovereignty.ch\/index.php\/2022\/07\/19\/day88-lower-devils-peak-ridge-jackson-gap-km-2674-2730\/img_0527-2\/\" data-orig-file=\"https:\/\/www.intellectualsovereignty.ch\/wp-content\/uploads\/2022\/07\/img_0527.jpg\" data-orig-size=\"2000,1500\" data-comments-opened=\"0\" data-image-title=\"img_0527\" data-image-description=\"\" data-image-caption=\"\" data-large-file=\"https:\/\/www.intellectualsovereignty.ch\/wp-content\/uploads\/2022\/07\/img_0527-1024x768.jpg\" data-id=\"9246\" src=\"https:\/\/www.intellectualsovereignty.ch\/wp-content\/uploads\/2022\/07\/img_0527.jpg\" alt=\"\" class=\"wp-image-9246\" srcset=\"https:\/\/www.intellectualsovereignty.ch\/wp-content\/uploads\/2022\/07\/img_0527.jpg 2000w, https:\/\/www.intellectualsovereignty.ch\/wp-content\/uploads\/2022\/07\/img_0527-300x225.jpg 300w, https:\/\/www.intellectualsovereignty.ch\/wp-content\/uploads\/2022\/07\/img_0527-1024x768.jpg 1024w, https:\/\/www.intellectualsovereignty.ch\/wp-content\/uploads\/2022\/07\/img_0527-768x576.jpg 768w, https:\/\/www.intellectualsovereignty.ch\/wp-content\/uploads\/2022\/07\/img_0527-1536x1152.jpg 1536w, https:\/\/www.intellectualsovereignty.ch\/wp-content\/uploads\/2022\/07\/img_0527-1870x1403.jpg 1870w, https:\/\/www.intellectualsovereignty.ch\/wp-content\/uploads\/2022\/07\/img_0527-400x300.jpg 400w, https:\/\/www.intellectualsovereignty.ch\/wp-content\/uploads\/2022\/07\/img_0527-800x600.jpg 800w\" sizes=\"auto, (max-width: 2000px) 100vw, 2000px\" \/><\/figure>\n\n\n\n<figure class=\"wp-block-image size-large\"><img loading=\"lazy\" decoding=\"async\" width=\"2000\" height=\"1500\" data-attachment-id=\"9252\" data-permalink=\"https:\/\/www.intellectualsovereignty.ch\/index.php\/2022\/07\/19\/day88-lower-devils-peak-ridge-jackson-gap-km-2674-2730\/img_0528-2\/\" data-orig-file=\"https:\/\/www.intellectualsovereignty.ch\/wp-content\/uploads\/2022\/07\/img_0528.jpg\" data-orig-size=\"2000,1500\" data-comments-opened=\"0\" data-image-title=\"img_0528\" data-image-description=\"\" data-image-caption=\"\" data-large-file=\"https:\/\/www.intellectualsovereignty.ch\/wp-content\/uploads\/2022\/07\/img_0528-1024x768.jpg\" data-id=\"9252\" src=\"https:\/\/www.intellectualsovereignty.ch\/wp-content\/uploads\/2022\/07\/img_0528.jpg\" alt=\"\" class=\"wp-image-9252\" srcset=\"https:\/\/www.intellectualsovereignty.ch\/wp-content\/uploads\/2022\/07\/img_0528.jpg 2000w, https:\/\/www.intellectualsovereignty.ch\/wp-content\/uploads\/2022\/07\/img_0528-300x225.jpg 300w, https:\/\/www.intellectualsovereignty.ch\/wp-content\/uploads\/2022\/07\/img_0528-1024x768.jpg 1024w, https:\/\/www.intellectualsovereignty.ch\/wp-content\/uploads\/2022\/07\/img_0528-768x576.jpg 768w, https:\/\/www.intellectualsovereignty.ch\/wp-content\/uploads\/2022\/07\/img_0528-1536x1152.jpg 1536w, https:\/\/www.intellectualsovereignty.ch\/wp-content\/uploads\/2022\/07\/img_0528-1870x1403.jpg 1870w, https:\/\/www.intellectualsovereignty.ch\/wp-content\/uploads\/2022\/07\/img_0528-400x300.jpg 400w, https:\/\/www.intellectualsovereignty.ch\/wp-content\/uploads\/2022\/07\/img_0528-800x600.jpg 800w\" sizes=\"auto, (max-width: 2000px) 100vw, 2000px\" \/><\/figure>\n\n\n\n<figure class=\"wp-block-image size-large\"><img loading=\"lazy\" decoding=\"async\" width=\"1500\" height=\"2000\" data-attachment-id=\"9250\" data-permalink=\"https:\/\/www.intellectualsovereignty.ch\/index.php\/2022\/07\/19\/day88-lower-devils-peak-ridge-jackson-gap-km-2674-2730\/img_0529-2\/\" data-orig-file=\"https:\/\/www.intellectualsovereignty.ch\/wp-content\/uploads\/2022\/07\/img_0529.jpg\" data-orig-size=\"1500,2000\" data-comments-opened=\"0\" data-image-title=\"img_0529\" data-image-description=\"\" data-image-caption=\"\" data-large-file=\"https:\/\/www.intellectualsovereignty.ch\/wp-content\/uploads\/2022\/07\/img_0529-768x1024.jpg\" data-id=\"9250\" src=\"https:\/\/www.intellectualsovereignty.ch\/wp-content\/uploads\/2022\/07\/img_0529.jpg\" alt=\"\" class=\"wp-image-9250\" srcset=\"https:\/\/www.intellectualsovereignty.ch\/wp-content\/uploads\/2022\/07\/img_0529.jpg 1500w, https:\/\/www.intellectualsovereignty.ch\/wp-content\/uploads\/2022\/07\/img_0529-225x300.jpg 225w, https:\/\/www.intellectualsovereignty.ch\/wp-content\/uploads\/2022\/07\/img_0529-768x1024.jpg 768w, https:\/\/www.intellectualsovereignty.ch\/wp-content\/uploads\/2022\/07\/img_0529-1152x1536.jpg 1152w, https:\/\/www.intellectualsovereignty.ch\/wp-content\/uploads\/2022\/07\/img_0529-400x533.jpg 400w, https:\/\/www.intellectualsovereignty.ch\/wp-content\/uploads\/2022\/07\/img_0529-800x1067.jpg 800w\" sizes=\"auto, (max-width: 1500px) 100vw, 1500px\" \/><\/figure>\n\n\n\n<figure class=\"wp-block-image size-large\"><img loading=\"lazy\" decoding=\"async\" width=\"1500\" height=\"2000\" data-attachment-id=\"9251\" data-permalink=\"https:\/\/www.intellectualsovereignty.ch\/index.php\/2022\/07\/19\/day88-lower-devils-peak-ridge-jackson-gap-km-2674-2730\/img_0530-2\/\" data-orig-file=\"https:\/\/www.intellectualsovereignty.ch\/wp-content\/uploads\/2022\/07\/img_0530.jpg\" data-orig-size=\"1500,2000\" data-comments-opened=\"0\" data-image-title=\"img_0530\" data-image-description=\"\" data-image-caption=\"\" data-large-file=\"https:\/\/www.intellectualsovereignty.ch\/wp-content\/uploads\/2022\/07\/img_0530-768x1024.jpg\" data-id=\"9251\" src=\"https:\/\/www.intellectualsovereignty.ch\/wp-content\/uploads\/2022\/07\/img_0530.jpg\" alt=\"\" class=\"wp-image-9251\" srcset=\"https:\/\/www.intellectualsovereignty.ch\/wp-content\/uploads\/2022\/07\/img_0530.jpg 1500w, https:\/\/www.intellectualsovereignty.ch\/wp-content\/uploads\/2022\/07\/img_0530-225x300.jpg 225w, https:\/\/www.intellectualsovereignty.ch\/wp-content\/uploads\/2022\/07\/img_0530-768x1024.jpg 768w, https:\/\/www.intellectualsovereignty.ch\/wp-content\/uploads\/2022\/07\/img_0530-1152x1536.jpg 1152w, https:\/\/www.intellectualsovereignty.ch\/wp-content\/uploads\/2022\/07\/img_0530-400x533.jpg 400w, https:\/\/www.intellectualsovereignty.ch\/wp-content\/uploads\/2022\/07\/img_0530-800x1067.jpg 800w\" sizes=\"auto, (max-width: 1500px) 100vw, 1500px\" \/><\/figure>\n\n\n\n<figure class=\"wp-block-image size-large\"><img loading=\"lazy\" decoding=\"async\" width=\"2000\" height=\"1500\" data-attachment-id=\"9248\" data-permalink=\"https:\/\/www.intellectualsovereignty.ch\/index.php\/2022\/07\/19\/day88-lower-devils-peak-ridge-jackson-gap-km-2674-2730\/img_0531-2\/\" data-orig-file=\"https:\/\/www.intellectualsovereignty.ch\/wp-content\/uploads\/2022\/07\/img_0531.jpg\" data-orig-size=\"2000,1500\" data-comments-opened=\"0\" data-image-title=\"img_0531\" data-image-description=\"\" data-image-caption=\"\" data-large-file=\"https:\/\/www.intellectualsovereignty.ch\/wp-content\/uploads\/2022\/07\/img_0531-1024x768.jpg\" data-id=\"9248\" src=\"https:\/\/www.intellectualsovereignty.ch\/wp-content\/uploads\/2022\/07\/img_0531.jpg\" alt=\"\" class=\"wp-image-9248\" srcset=\"https:\/\/www.intellectualsovereignty.ch\/wp-content\/uploads\/2022\/07\/img_0531.jpg 2000w, https:\/\/www.intellectualsovereignty.ch\/wp-content\/uploads\/2022\/07\/img_0531-300x225.jpg 300w, https:\/\/www.intellectualsovereignty.ch\/wp-content\/uploads\/2022\/07\/img_0531-1024x768.jpg 1024w, https:\/\/www.intellectualsovereignty.ch\/wp-content\/uploads\/2022\/07\/img_0531-768x576.jpg 768w, https:\/\/www.intellectualsovereignty.ch\/wp-content\/uploads\/2022\/07\/img_0531-1536x1152.jpg 1536w, https:\/\/www.intellectualsovereignty.ch\/wp-content\/uploads\/2022\/07\/img_0531-1870x1403.jpg 1870w, https:\/\/www.intellectualsovereignty.ch\/wp-content\/uploads\/2022\/07\/img_0531-400x300.jpg 400w, https:\/\/www.intellectualsovereignty.ch\/wp-content\/uploads\/2022\/07\/img_0531-800x600.jpg 800w\" sizes=\"auto, (max-width: 2000px) 100vw, 2000px\" \/><\/figure>\n<\/figure>\n\n\n\n<hr class=\"wp-block-separator has-alpha-channel-opacity\"\/>\n\n\n[sgpx gpx=\/wp-content\/uploads\/gpx\/2022-07-19_06-32-05_gc_9237393338.gpx ]\n","protected":false},"excerpt":{"rendered":"<p>Heute ist ein bedeutender Tag f\u00fcr mich auf dem Trail, denn ich quere die Grenze von Kalifornien nach Oregon. Sage und schreibe drei Monate und \u00fcber 2700km bin ich nun durch ein und denselben Staat gewandert, die Freude auf \u201eAbwechslung\u201c ist gross. Doch der Reihe nach\u2026 Der Start von der Ridge ist streng, denn der [&hellip;]<\/p>\n","protected":false},"author":1,"featured_media":9242,"comment_status":"open","ping_status":"open","sticky":false,"template":"","format":"standard","meta":{"_jetpack_newsletter_access":"","_jetpack_dont_email_post_to_subs":false,"_jetpack_newsletter_tier_id":0,"_jetpack_memberships_contains_paywalled_content":false,"_spotmap_latitude":"","_spotmap_longitude":"","_jetpack_feature_clip_id":0,"_jetpack_memberships_contains_paid_content":false,"footnotes":"","jetpack_post_was_ever_published":false},"categories":[3],"tags":[53,50],"class_list":["post-9210","post","type-post","status-publish","format-standard","has-post-thumbnail","hentry","category-hiking","tag-nordkalifornien","tag-pct","has-thumbnail"],"jetpack_shortlink":"https:\/\/wp.me\/p9IwFN-2oy","jetpack_likes_enabled":false,"jetpack_sharing_enabled":true,"jetpack_featured_media_url":"https:\/\/www.intellectualsovereignty.ch\/wp-content\/uploads\/2022\/07\/img_0520.jpg","_links":{"self":[{"href":"https:\/\/www.intellectualsovereignty.ch\/index.php\/wp-json\/wp\/v2\/posts\/9210","targetHints":{"allow":["GET"]}}],"collection":[{"href":"https:\/\/www.intellectualsovereignty.ch\/index.php\/wp-json\/wp\/v2\/posts"}],"about":[{"href":"https:\/\/www.intellectualsovereignty.ch\/index.php\/wp-json\/wp\/v2\/types\/post"}],"author":[{"embeddable":true,"href":"https:\/\/www.intellectualsovereignty.ch\/index.php\/wp-json\/wp\/v2\/users\/1"}],"replies":[{"embeddable":true,"href":"https:\/\/www.intellectualsovereignty.ch\/index.php\/wp-json\/wp\/v2\/comments?post=9210"}],"version-history":[{"count":4,"href":"https:\/\/www.intellectualsovereignty.ch\/index.php\/wp-json\/wp\/v2\/posts\/9210\/revisions"}],"predecessor-version":[{"id":13189,"href":"https:\/\/www.intellectualsovereignty.ch\/index.php\/wp-json\/wp\/v2\/posts\/9210\/revisions\/13189"}],"wp:featuredmedia":[{"embeddable":true,"href":"https:\/\/www.intellectualsovereignty.ch\/index.php\/wp-json\/wp\/v2\/media\/9242"}],"wp:attachment":[{"href":"https:\/\/www.intellectualsovereignty.ch\/index.php\/wp-json\/wp\/v2\/media?parent=9210"}],"wp:term":[{"taxonomy":"category","embeddable":true,"href":"https:\/\/www.intellectualsovereignty.ch\/index.php\/wp-json\/wp\/v2\/categories?post=9210"},{"taxonomy":"post_tag","embeddable":true,"href":"https:\/\/www.intellectualsovereignty.ch\/index.php\/wp-json\/wp\/v2\/tags?post=9210"}],"curies":[{"name":"wp","href":"https:\/\/api.w.org\/{rel}","templated":true}]}}