{"id":907,"date":"2020-08-01T10:50:16","date_gmt":"2020-08-01T08:50:16","guid":{"rendered":"https:\/\/www.intellectualsovereignty.ch\/?p=907"},"modified":"2020-08-01T14:15:02","modified_gmt":"2020-08-01T12:15:02","slug":"hike-32-fiescheralp-bettmeralp-belalp-eggerberg","status":"publish","type":"post","link":"https:\/\/www.intellectualsovereignty.ch\/index.php\/2020\/08\/01\/hike-32-fiescheralp-bettmeralp-belalp-eggerberg\/","title":{"rendered":"Hike #32 \/ Fiescheralp &#8211; Bettmeralp &#8211; Belalp &#8211; Eggerberg"},"content":{"rendered":"\n<p class=\"wp-block-paragraph\">Mehrere Tage hochsommerliches Wetter waren angek\u00fcndigt bis zum 1. August, was gibt es da besseres, als sich mit Sack und Pack ins k\u00fchle Aletschgebiet zu begeben und eine dreit\u00e4gige Tour anzusetzen? Eben&#8230;<\/p>\n\n\n\n<h2 class=\"wp-block-heading\">Fiescheralp &#8211; Bettmeralp (Tag 1)<\/h2>\n\n\n\n<p class=\"wp-block-paragraph\">Fr\u00fch starten wir nach L\u00e9onie&#8217;s 18. Geburtstag am n\u00e4chsten Morgen in Richtung Wallis. Das heutige Tagesziel ist die Bettmeralp, die wir \u00fcber eine Wanderung von der Fiescheralp und M\u00e4rjelensee erreichen wollen. Auf der Fiescheralp starten wir mit Nebel und k\u00fchlen Temperaturen, was wir f\u00fcr den stetig steiler werdenden Aufstieg zum M\u00e4rjelensee (wohlbemerkt ohne den Tunnel zu nutzen!) sehr begr\u00fcssen.<\/p>\n\n\n\n<figure class=\"wp-block-gallery columns-3 is-cropped wp-block-gallery-1 is-layout-flex wp-block-gallery-is-layout-flex\"><ul class=\"blocks-gallery-grid\"><li class=\"blocks-gallery-item\"><figure><img loading=\"lazy\" decoding=\"async\" width=\"1024\" height=\"768\" data-attachment-id=\"912\" data-permalink=\"https:\/\/www.intellectualsovereignty.ch\/index.php\/2020\/08\/01\/hike-32-fiescheralp-bettmeralp-belalp-eggerberg\/img_5823\/\" data-orig-file=\"https:\/\/www.intellectualsovereignty.ch\/wp-content\/uploads\/2020\/08\/IMG_5823-scaled.jpeg\" data-orig-size=\"2560,1920\" data-comments-opened=\"0\" data-image-title=\"IMG_5823\" data-image-description=\"\" data-image-caption=\"\" data-large-file=\"https:\/\/www.intellectualsovereignty.ch\/wp-content\/uploads\/2020\/08\/IMG_5823-1024x768.jpeg\" src=\"https:\/\/www.intellectualsovereignty.ch\/wp-content\/uploads\/2020\/08\/IMG_5823-1024x768.jpeg\" alt=\"\" data-id=\"912\" data-full-url=\"https:\/\/www.intellectualsovereignty.ch\/wp-content\/uploads\/2020\/08\/IMG_5823-scaled.jpeg\" data-link=\"https:\/\/www.intellectualsovereignty.ch\/index.php\/2020\/08\/01\/hike-32-fiescheralp-bettmeralp-belalp-eggerberg\/img_5823\/\" class=\"wp-image-912\" srcset=\"https:\/\/www.intellectualsovereignty.ch\/wp-content\/uploads\/2020\/08\/IMG_5823-1024x768.jpeg 1024w, https:\/\/www.intellectualsovereignty.ch\/wp-content\/uploads\/2020\/08\/IMG_5823-300x225.jpeg 300w, https:\/\/www.intellectualsovereignty.ch\/wp-content\/uploads\/2020\/08\/IMG_5823-768x576.jpeg 768w, https:\/\/www.intellectualsovereignty.ch\/wp-content\/uploads\/2020\/08\/IMG_5823-1536x1152.jpeg 1536w, https:\/\/www.intellectualsovereignty.ch\/wp-content\/uploads\/2020\/08\/IMG_5823-2048x1536.jpeg 2048w, https:\/\/www.intellectualsovereignty.ch\/wp-content\/uploads\/2020\/08\/IMG_5823-1870x1403.jpeg 1870w, https:\/\/www.intellectualsovereignty.ch\/wp-content\/uploads\/2020\/08\/IMG_5823-400x300.jpeg 400w, https:\/\/www.intellectualsovereignty.ch\/wp-content\/uploads\/2020\/08\/IMG_5823-800x600.jpeg 800w\" sizes=\"auto, (max-width: 1024px) 100vw, 1024px\" \/><\/figure><\/li><li class=\"blocks-gallery-item\"><figure><img loading=\"lazy\" decoding=\"async\" width=\"768\" height=\"1024\" data-attachment-id=\"914\" data-permalink=\"https:\/\/www.intellectualsovereignty.ch\/index.php\/2020\/08\/01\/hike-32-fiescheralp-bettmeralp-belalp-eggerberg\/img_0854\/\" data-orig-file=\"https:\/\/www.intellectualsovereignty.ch\/wp-content\/uploads\/2020\/08\/IMG_0854-scaled.jpeg\" data-orig-size=\"1920,2560\" data-comments-opened=\"0\" data-image-title=\"IMG_0854\" data-image-description=\"\" data-image-caption=\"\" data-large-file=\"https:\/\/www.intellectualsovereignty.ch\/wp-content\/uploads\/2020\/08\/IMG_0854-768x1024.jpeg\" src=\"https:\/\/www.intellectualsovereignty.ch\/wp-content\/uploads\/2020\/08\/IMG_0854-768x1024.jpeg\" alt=\"\" data-id=\"914\" data-full-url=\"https:\/\/www.intellectualsovereignty.ch\/wp-content\/uploads\/2020\/08\/IMG_0854-scaled.jpeg\" data-link=\"https:\/\/www.intellectualsovereignty.ch\/index.php\/2020\/08\/01\/hike-32-fiescheralp-bettmeralp-belalp-eggerberg\/img_0854\/\" class=\"wp-image-914\" srcset=\"https:\/\/www.intellectualsovereignty.ch\/wp-content\/uploads\/2020\/08\/IMG_0854-768x1024.jpeg 768w, https:\/\/www.intellectualsovereignty.ch\/wp-content\/uploads\/2020\/08\/IMG_0854-225x300.jpeg 225w, https:\/\/www.intellectualsovereignty.ch\/wp-content\/uploads\/2020\/08\/IMG_0854-1152x1536.jpeg 1152w, https:\/\/www.intellectualsovereignty.ch\/wp-content\/uploads\/2020\/08\/IMG_0854-1536x2048.jpeg 1536w, https:\/\/www.intellectualsovereignty.ch\/wp-content\/uploads\/2020\/08\/IMG_0854-1870x2493.jpeg 1870w, https:\/\/www.intellectualsovereignty.ch\/wp-content\/uploads\/2020\/08\/IMG_0854-400x533.jpeg 400w, https:\/\/www.intellectualsovereignty.ch\/wp-content\/uploads\/2020\/08\/IMG_0854-800x1067.jpeg 800w, https:\/\/www.intellectualsovereignty.ch\/wp-content\/uploads\/2020\/08\/IMG_0854-scaled.jpeg 1920w\" sizes=\"auto, (max-width: 768px) 100vw, 768px\" \/><\/figure><\/li><li class=\"blocks-gallery-item\"><figure><img loading=\"lazy\" decoding=\"async\" width=\"768\" height=\"1024\" data-attachment-id=\"911\" data-permalink=\"https:\/\/www.intellectualsovereignty.ch\/index.php\/2020\/08\/01\/hike-32-fiescheralp-bettmeralp-belalp-eggerberg\/img_0857\/\" data-orig-file=\"https:\/\/www.intellectualsovereignty.ch\/wp-content\/uploads\/2020\/08\/IMG_0857-scaled.jpeg\" data-orig-size=\"1920,2560\" data-comments-opened=\"0\" data-image-title=\"IMG_0857\" data-image-description=\"\" data-image-caption=\"\" data-large-file=\"https:\/\/www.intellectualsovereignty.ch\/wp-content\/uploads\/2020\/08\/IMG_0857-768x1024.jpeg\" src=\"https:\/\/www.intellectualsovereignty.ch\/wp-content\/uploads\/2020\/08\/IMG_0857-768x1024.jpeg\" alt=\"\" data-id=\"911\" data-full-url=\"https:\/\/www.intellectualsovereignty.ch\/wp-content\/uploads\/2020\/08\/IMG_0857-scaled.jpeg\" data-link=\"https:\/\/www.intellectualsovereignty.ch\/index.php\/2020\/08\/01\/hike-32-fiescheralp-bettmeralp-belalp-eggerberg\/img_0857\/\" class=\"wp-image-911\" srcset=\"https:\/\/www.intellectualsovereignty.ch\/wp-content\/uploads\/2020\/08\/IMG_0857-768x1024.jpeg 768w, https:\/\/www.intellectualsovereignty.ch\/wp-content\/uploads\/2020\/08\/IMG_0857-225x300.jpeg 225w, https:\/\/www.intellectualsovereignty.ch\/wp-content\/uploads\/2020\/08\/IMG_0857-1152x1536.jpeg 1152w, https:\/\/www.intellectualsovereignty.ch\/wp-content\/uploads\/2020\/08\/IMG_0857-1536x2048.jpeg 1536w, https:\/\/www.intellectualsovereignty.ch\/wp-content\/uploads\/2020\/08\/IMG_0857-1870x2493.jpeg 1870w, https:\/\/www.intellectualsovereignty.ch\/wp-content\/uploads\/2020\/08\/IMG_0857-400x533.jpeg 400w, https:\/\/www.intellectualsovereignty.ch\/wp-content\/uploads\/2020\/08\/IMG_0857-800x1067.jpeg 800w, https:\/\/www.intellectualsovereignty.ch\/wp-content\/uploads\/2020\/08\/IMG_0857-scaled.jpeg 1920w\" sizes=\"auto, (max-width: 768px) 100vw, 768px\" \/><\/figure><\/li><li class=\"blocks-gallery-item\"><figure><img loading=\"lazy\" decoding=\"async\" width=\"768\" height=\"1024\" data-attachment-id=\"913\" data-permalink=\"https:\/\/www.intellectualsovereignty.ch\/index.php\/2020\/08\/01\/hike-32-fiescheralp-bettmeralp-belalp-eggerberg\/img_0856\/\" data-orig-file=\"https:\/\/www.intellectualsovereignty.ch\/wp-content\/uploads\/2020\/08\/IMG_0856-scaled.jpeg\" data-orig-size=\"1920,2560\" data-comments-opened=\"0\" data-image-title=\"IMG_0856\" data-image-description=\"\" data-image-caption=\"\" data-large-file=\"https:\/\/www.intellectualsovereignty.ch\/wp-content\/uploads\/2020\/08\/IMG_0856-768x1024.jpeg\" src=\"https:\/\/www.intellectualsovereignty.ch\/wp-content\/uploads\/2020\/08\/IMG_0856-768x1024.jpeg\" alt=\"\" data-id=\"913\" data-full-url=\"https:\/\/www.intellectualsovereignty.ch\/wp-content\/uploads\/2020\/08\/IMG_0856-scaled.jpeg\" data-link=\"https:\/\/www.intellectualsovereignty.ch\/index.php\/2020\/08\/01\/hike-32-fiescheralp-bettmeralp-belalp-eggerberg\/img_0856\/\" class=\"wp-image-913\" srcset=\"https:\/\/www.intellectualsovereignty.ch\/wp-content\/uploads\/2020\/08\/IMG_0856-768x1024.jpeg 768w, https:\/\/www.intellectualsovereignty.ch\/wp-content\/uploads\/2020\/08\/IMG_0856-225x300.jpeg 225w, https:\/\/www.intellectualsovereignty.ch\/wp-content\/uploads\/2020\/08\/IMG_0856-1152x1536.jpeg 1152w, https:\/\/www.intellectualsovereignty.ch\/wp-content\/uploads\/2020\/08\/IMG_0856-1536x2048.jpeg 1536w, https:\/\/www.intellectualsovereignty.ch\/wp-content\/uploads\/2020\/08\/IMG_0856-1870x2493.jpeg 1870w, https:\/\/www.intellectualsovereignty.ch\/wp-content\/uploads\/2020\/08\/IMG_0856-400x533.jpeg 400w, https:\/\/www.intellectualsovereignty.ch\/wp-content\/uploads\/2020\/08\/IMG_0856-800x1067.jpeg 800w, https:\/\/www.intellectualsovereignty.ch\/wp-content\/uploads\/2020\/08\/IMG_0856-scaled.jpeg 1920w\" sizes=\"auto, (max-width: 768px) 100vw, 768px\" \/><\/figure><\/li><li class=\"blocks-gallery-item\"><figure><img loading=\"lazy\" decoding=\"async\" width=\"768\" height=\"1024\" data-attachment-id=\"915\" data-permalink=\"https:\/\/www.intellectualsovereignty.ch\/index.php\/2020\/08\/01\/hike-32-fiescheralp-bettmeralp-belalp-eggerberg\/img_0858\/\" data-orig-file=\"https:\/\/www.intellectualsovereignty.ch\/wp-content\/uploads\/2020\/08\/IMG_0858-scaled.jpeg\" data-orig-size=\"1920,2560\" data-comments-opened=\"0\" data-image-title=\"IMG_0858\" data-image-description=\"\" data-image-caption=\"\" data-large-file=\"https:\/\/www.intellectualsovereignty.ch\/wp-content\/uploads\/2020\/08\/IMG_0858-768x1024.jpeg\" src=\"https:\/\/www.intellectualsovereignty.ch\/wp-content\/uploads\/2020\/08\/IMG_0858-768x1024.jpeg\" alt=\"\" data-id=\"915\" data-full-url=\"https:\/\/www.intellectualsovereignty.ch\/wp-content\/uploads\/2020\/08\/IMG_0858-scaled.jpeg\" data-link=\"https:\/\/www.intellectualsovereignty.ch\/index.php\/2020\/08\/01\/hike-32-fiescheralp-bettmeralp-belalp-eggerberg\/img_0858\/\" class=\"wp-image-915\" srcset=\"https:\/\/www.intellectualsovereignty.ch\/wp-content\/uploads\/2020\/08\/IMG_0858-768x1024.jpeg 768w, https:\/\/www.intellectualsovereignty.ch\/wp-content\/uploads\/2020\/08\/IMG_0858-225x300.jpeg 225w, https:\/\/www.intellectualsovereignty.ch\/wp-content\/uploads\/2020\/08\/IMG_0858-1152x1536.jpeg 1152w, https:\/\/www.intellectualsovereignty.ch\/wp-content\/uploads\/2020\/08\/IMG_0858-1536x2048.jpeg 1536w, https:\/\/www.intellectualsovereignty.ch\/wp-content\/uploads\/2020\/08\/IMG_0858-1870x2493.jpeg 1870w, https:\/\/www.intellectualsovereignty.ch\/wp-content\/uploads\/2020\/08\/IMG_0858-400x533.jpeg 400w, https:\/\/www.intellectualsovereignty.ch\/wp-content\/uploads\/2020\/08\/IMG_0858-800x1067.jpeg 800w, https:\/\/www.intellectualsovereignty.ch\/wp-content\/uploads\/2020\/08\/IMG_0858-scaled.jpeg 1920w\" sizes=\"auto, (max-width: 768px) 100vw, 768px\" \/><\/figure><\/li><li class=\"blocks-gallery-item\"><figure><img loading=\"lazy\" decoding=\"async\" width=\"1024\" height=\"768\" data-attachment-id=\"916\" data-permalink=\"https:\/\/www.intellectualsovereignty.ch\/index.php\/2020\/08\/01\/hike-32-fiescheralp-bettmeralp-belalp-eggerberg\/img_0860\/\" data-orig-file=\"https:\/\/www.intellectualsovereignty.ch\/wp-content\/uploads\/2020\/08\/IMG_0860-scaled.jpeg\" data-orig-size=\"2560,1920\" data-comments-opened=\"0\" data-image-title=\"IMG_0860\" data-image-description=\"\" data-image-caption=\"\" data-large-file=\"https:\/\/www.intellectualsovereignty.ch\/wp-content\/uploads\/2020\/08\/IMG_0860-1024x768.jpeg\" src=\"https:\/\/www.intellectualsovereignty.ch\/wp-content\/uploads\/2020\/08\/IMG_0860-1024x768.jpeg\" alt=\"\" data-id=\"916\" data-full-url=\"https:\/\/www.intellectualsovereignty.ch\/wp-content\/uploads\/2020\/08\/IMG_0860-scaled.jpeg\" data-link=\"https:\/\/www.intellectualsovereignty.ch\/index.php\/2020\/08\/01\/hike-32-fiescheralp-bettmeralp-belalp-eggerberg\/img_0860\/\" class=\"wp-image-916\" srcset=\"https:\/\/www.intellectualsovereignty.ch\/wp-content\/uploads\/2020\/08\/IMG_0860-1024x768.jpeg 1024w, https:\/\/www.intellectualsovereignty.ch\/wp-content\/uploads\/2020\/08\/IMG_0860-300x225.jpeg 300w, https:\/\/www.intellectualsovereignty.ch\/wp-content\/uploads\/2020\/08\/IMG_0860-768x576.jpeg 768w, https:\/\/www.intellectualsovereignty.ch\/wp-content\/uploads\/2020\/08\/IMG_0860-1536x1152.jpeg 1536w, https:\/\/www.intellectualsovereignty.ch\/wp-content\/uploads\/2020\/08\/IMG_0860-2048x1536.jpeg 2048w, https:\/\/www.intellectualsovereignty.ch\/wp-content\/uploads\/2020\/08\/IMG_0860-1870x1403.jpeg 1870w, https:\/\/www.intellectualsovereignty.ch\/wp-content\/uploads\/2020\/08\/IMG_0860-400x300.jpeg 400w, https:\/\/www.intellectualsovereignty.ch\/wp-content\/uploads\/2020\/08\/IMG_0860-800x600.jpeg 800w\" sizes=\"auto, (max-width: 1024px) 100vw, 1024px\" \/><\/figure><\/li><li class=\"blocks-gallery-item\"><figure><img loading=\"lazy\" decoding=\"async\" width=\"933\" height=\"1024\" data-attachment-id=\"917\" data-permalink=\"https:\/\/www.intellectualsovereignty.ch\/index.php\/2020\/08\/01\/hike-32-fiescheralp-bettmeralp-belalp-eggerberg\/aa3adbc4-8db9-4154-885d-b7066b43475e\/\" data-orig-file=\"https:\/\/www.intellectualsovereignty.ch\/wp-content\/uploads\/2020\/08\/AA3ADBC4-8DB9-4154-885D-B7066B43475E.jpeg\" data-orig-size=\"2157,2367\" data-comments-opened=\"0\" data-image-title=\"AA3ADBC4-8DB9-4154-885D-B7066B43475E\" data-image-description=\"\" data-image-caption=\"\" data-large-file=\"https:\/\/www.intellectualsovereignty.ch\/wp-content\/uploads\/2020\/08\/AA3ADBC4-8DB9-4154-885D-B7066B43475E-933x1024.jpeg\" src=\"https:\/\/www.intellectualsovereignty.ch\/wp-content\/uploads\/2020\/08\/AA3ADBC4-8DB9-4154-885D-B7066B43475E-933x1024.jpeg\" alt=\"\" data-id=\"917\" data-full-url=\"https:\/\/www.intellectualsovereignty.ch\/wp-content\/uploads\/2020\/08\/AA3ADBC4-8DB9-4154-885D-B7066B43475E.jpeg\" data-link=\"https:\/\/www.intellectualsovereignty.ch\/index.php\/2020\/08\/01\/hike-32-fiescheralp-bettmeralp-belalp-eggerberg\/aa3adbc4-8db9-4154-885d-b7066b43475e\/\" class=\"wp-image-917\" srcset=\"https:\/\/www.intellectualsovereignty.ch\/wp-content\/uploads\/2020\/08\/AA3ADBC4-8DB9-4154-885D-B7066B43475E-933x1024.jpeg 933w, https:\/\/www.intellectualsovereignty.ch\/wp-content\/uploads\/2020\/08\/AA3ADBC4-8DB9-4154-885D-B7066B43475E-273x300.jpeg 273w, https:\/\/www.intellectualsovereignty.ch\/wp-content\/uploads\/2020\/08\/AA3ADBC4-8DB9-4154-885D-B7066B43475E-768x843.jpeg 768w, https:\/\/www.intellectualsovereignty.ch\/wp-content\/uploads\/2020\/08\/AA3ADBC4-8DB9-4154-885D-B7066B43475E-1400x1536.jpeg 1400w, https:\/\/www.intellectualsovereignty.ch\/wp-content\/uploads\/2020\/08\/AA3ADBC4-8DB9-4154-885D-B7066B43475E-1866x2048.jpeg 1866w, https:\/\/www.intellectualsovereignty.ch\/wp-content\/uploads\/2020\/08\/AA3ADBC4-8DB9-4154-885D-B7066B43475E-1870x2052.jpeg 1870w, https:\/\/www.intellectualsovereignty.ch\/wp-content\/uploads\/2020\/08\/AA3ADBC4-8DB9-4154-885D-B7066B43475E-400x439.jpeg 400w, https:\/\/www.intellectualsovereignty.ch\/wp-content\/uploads\/2020\/08\/AA3ADBC4-8DB9-4154-885D-B7066B43475E-800x878.jpeg 800w\" sizes=\"auto, (max-width: 933px) 100vw, 933px\" \/><\/figure><\/li><li class=\"blocks-gallery-item\"><figure><img loading=\"lazy\" decoding=\"async\" width=\"768\" height=\"1024\" data-attachment-id=\"918\" data-permalink=\"https:\/\/www.intellectualsovereignty.ch\/index.php\/2020\/08\/01\/hike-32-fiescheralp-bettmeralp-belalp-eggerberg\/img_0859\/\" data-orig-file=\"https:\/\/www.intellectualsovereignty.ch\/wp-content\/uploads\/2020\/08\/IMG_0859-scaled.jpeg\" data-orig-size=\"1920,2560\" data-comments-opened=\"0\" data-image-title=\"IMG_0859\" data-image-description=\"\" data-image-caption=\"\" data-large-file=\"https:\/\/www.intellectualsovereignty.ch\/wp-content\/uploads\/2020\/08\/IMG_0859-768x1024.jpeg\" src=\"https:\/\/www.intellectualsovereignty.ch\/wp-content\/uploads\/2020\/08\/IMG_0859-768x1024.jpeg\" alt=\"\" data-id=\"918\" data-full-url=\"https:\/\/www.intellectualsovereignty.ch\/wp-content\/uploads\/2020\/08\/IMG_0859-scaled.jpeg\" data-link=\"https:\/\/www.intellectualsovereignty.ch\/index.php\/2020\/08\/01\/hike-32-fiescheralp-bettmeralp-belalp-eggerberg\/img_0859\/\" class=\"wp-image-918\" srcset=\"https:\/\/www.intellectualsovereignty.ch\/wp-content\/uploads\/2020\/08\/IMG_0859-768x1024.jpeg 768w, https:\/\/www.intellectualsovereignty.ch\/wp-content\/uploads\/2020\/08\/IMG_0859-225x300.jpeg 225w, https:\/\/www.intellectualsovereignty.ch\/wp-content\/uploads\/2020\/08\/IMG_0859-1152x1536.jpeg 1152w, https:\/\/www.intellectualsovereignty.ch\/wp-content\/uploads\/2020\/08\/IMG_0859-1536x2048.jpeg 1536w, https:\/\/www.intellectualsovereignty.ch\/wp-content\/uploads\/2020\/08\/IMG_0859-1870x2493.jpeg 1870w, https:\/\/www.intellectualsovereignty.ch\/wp-content\/uploads\/2020\/08\/IMG_0859-400x533.jpeg 400w, https:\/\/www.intellectualsovereignty.ch\/wp-content\/uploads\/2020\/08\/IMG_0859-800x1067.jpeg 800w, https:\/\/www.intellectualsovereignty.ch\/wp-content\/uploads\/2020\/08\/IMG_0859-scaled.jpeg 1920w\" sizes=\"auto, (max-width: 768px) 100vw, 768px\" \/><\/figure><\/li><li class=\"blocks-gallery-item\"><figure><img loading=\"lazy\" decoding=\"async\" width=\"968\" height=\"1024\" data-attachment-id=\"919\" data-permalink=\"https:\/\/www.intellectualsovereignty.ch\/index.php\/2020\/08\/01\/hike-32-fiescheralp-bettmeralp-belalp-eggerberg\/bb91e8cd-85a7-4805-af7a-8b98202c0a34\/\" data-orig-file=\"https:\/\/www.intellectualsovereignty.ch\/wp-content\/uploads\/2020\/08\/BB91E8CD-85A7-4805-AF7A-8B98202C0A34.jpeg\" data-orig-size=\"2160,2286\" data-comments-opened=\"0\" data-image-title=\"BB91E8CD-85A7-4805-AF7A-8B98202C0A34\" data-image-description=\"\" data-image-caption=\"\" data-large-file=\"https:\/\/www.intellectualsovereignty.ch\/wp-content\/uploads\/2020\/08\/BB91E8CD-85A7-4805-AF7A-8B98202C0A34-968x1024.jpeg\" src=\"https:\/\/www.intellectualsovereignty.ch\/wp-content\/uploads\/2020\/08\/BB91E8CD-85A7-4805-AF7A-8B98202C0A34-968x1024.jpeg\" alt=\"\" data-id=\"919\" data-full-url=\"https:\/\/www.intellectualsovereignty.ch\/wp-content\/uploads\/2020\/08\/BB91E8CD-85A7-4805-AF7A-8B98202C0A34.jpeg\" data-link=\"https:\/\/www.intellectualsovereignty.ch\/index.php\/2020\/08\/01\/hike-32-fiescheralp-bettmeralp-belalp-eggerberg\/bb91e8cd-85a7-4805-af7a-8b98202c0a34\/\" class=\"wp-image-919\" srcset=\"https:\/\/www.intellectualsovereignty.ch\/wp-content\/uploads\/2020\/08\/BB91E8CD-85A7-4805-AF7A-8B98202C0A34-968x1024.jpeg 968w, https:\/\/www.intellectualsovereignty.ch\/wp-content\/uploads\/2020\/08\/BB91E8CD-85A7-4805-AF7A-8B98202C0A34-283x300.jpeg 283w, https:\/\/www.intellectualsovereignty.ch\/wp-content\/uploads\/2020\/08\/BB91E8CD-85A7-4805-AF7A-8B98202C0A34-768x813.jpeg 768w, https:\/\/www.intellectualsovereignty.ch\/wp-content\/uploads\/2020\/08\/BB91E8CD-85A7-4805-AF7A-8B98202C0A34-1451x1536.jpeg 1451w, https:\/\/www.intellectualsovereignty.ch\/wp-content\/uploads\/2020\/08\/BB91E8CD-85A7-4805-AF7A-8B98202C0A34-1935x2048.jpeg 1935w, https:\/\/www.intellectualsovereignty.ch\/wp-content\/uploads\/2020\/08\/BB91E8CD-85A7-4805-AF7A-8B98202C0A34-1870x1979.jpeg 1870w, https:\/\/www.intellectualsovereignty.ch\/wp-content\/uploads\/2020\/08\/BB91E8CD-85A7-4805-AF7A-8B98202C0A34-400x423.jpeg 400w, https:\/\/www.intellectualsovereignty.ch\/wp-content\/uploads\/2020\/08\/BB91E8CD-85A7-4805-AF7A-8B98202C0A34-800x847.jpeg 800w\" sizes=\"auto, (max-width: 968px) 100vw, 968px\" \/><\/figure><\/li><li class=\"blocks-gallery-item\"><figure><img loading=\"lazy\" decoding=\"async\" width=\"1024\" height=\"323\" data-attachment-id=\"920\" data-permalink=\"https:\/\/www.intellectualsovereignty.ch\/index.php\/2020\/08\/01\/hike-32-fiescheralp-bettmeralp-belalp-eggerberg\/img_0861\/\" data-orig-file=\"https:\/\/www.intellectualsovereignty.ch\/wp-content\/uploads\/2020\/08\/IMG_0861-scaled.jpeg\" data-orig-size=\"2560,808\" data-comments-opened=\"0\" data-image-title=\"IMG_0861\" data-image-description=\"\" data-image-caption=\"\" data-large-file=\"https:\/\/www.intellectualsovereignty.ch\/wp-content\/uploads\/2020\/08\/IMG_0861-1024x323.jpeg\" src=\"https:\/\/www.intellectualsovereignty.ch\/wp-content\/uploads\/2020\/08\/IMG_0861-1024x323.jpeg\" alt=\"\" data-id=\"920\" data-full-url=\"https:\/\/www.intellectualsovereignty.ch\/wp-content\/uploads\/2020\/08\/IMG_0861-scaled.jpeg\" data-link=\"https:\/\/www.intellectualsovereignty.ch\/index.php\/2020\/08\/01\/hike-32-fiescheralp-bettmeralp-belalp-eggerberg\/img_0861\/\" class=\"wp-image-920\" srcset=\"https:\/\/www.intellectualsovereignty.ch\/wp-content\/uploads\/2020\/08\/IMG_0861-1024x323.jpeg 1024w, https:\/\/www.intellectualsovereignty.ch\/wp-content\/uploads\/2020\/08\/IMG_0861-300x95.jpeg 300w, https:\/\/www.intellectualsovereignty.ch\/wp-content\/uploads\/2020\/08\/IMG_0861-768x242.jpeg 768w, https:\/\/www.intellectualsovereignty.ch\/wp-content\/uploads\/2020\/08\/IMG_0861-1536x485.jpeg 1536w, https:\/\/www.intellectualsovereignty.ch\/wp-content\/uploads\/2020\/08\/IMG_0861-2048x647.jpeg 2048w, https:\/\/www.intellectualsovereignty.ch\/wp-content\/uploads\/2020\/08\/IMG_0861-1870x590.jpeg 1870w, https:\/\/www.intellectualsovereignty.ch\/wp-content\/uploads\/2020\/08\/IMG_0861-400x126.jpeg 400w, https:\/\/www.intellectualsovereignty.ch\/wp-content\/uploads\/2020\/08\/IMG_0861-800x253.jpeg 800w\" sizes=\"auto, (max-width: 1024px) 100vw, 1024px\" \/><\/figure><\/li><li class=\"blocks-gallery-item\"><figure><img loading=\"lazy\" decoding=\"async\" width=\"1024\" height=\"768\" data-attachment-id=\"921\" data-permalink=\"https:\/\/www.intellectualsovereignty.ch\/index.php\/2020\/08\/01\/hike-32-fiescheralp-bettmeralp-belalp-eggerberg\/img_0862\/\" data-orig-file=\"https:\/\/www.intellectualsovereignty.ch\/wp-content\/uploads\/2020\/08\/IMG_0862-scaled.jpeg\" data-orig-size=\"2560,1920\" data-comments-opened=\"0\" data-image-title=\"IMG_0862\" data-image-description=\"\" data-image-caption=\"\" data-large-file=\"https:\/\/www.intellectualsovereignty.ch\/wp-content\/uploads\/2020\/08\/IMG_0862-1024x768.jpeg\" src=\"https:\/\/www.intellectualsovereignty.ch\/wp-content\/uploads\/2020\/08\/IMG_0862-1024x768.jpeg\" alt=\"\" data-id=\"921\" data-full-url=\"https:\/\/www.intellectualsovereignty.ch\/wp-content\/uploads\/2020\/08\/IMG_0862-scaled.jpeg\" data-link=\"https:\/\/www.intellectualsovereignty.ch\/index.php\/2020\/08\/01\/hike-32-fiescheralp-bettmeralp-belalp-eggerberg\/img_0862\/\" class=\"wp-image-921\" srcset=\"https:\/\/www.intellectualsovereignty.ch\/wp-content\/uploads\/2020\/08\/IMG_0862-1024x768.jpeg 1024w, https:\/\/www.intellectualsovereignty.ch\/wp-content\/uploads\/2020\/08\/IMG_0862-300x225.jpeg 300w, https:\/\/www.intellectualsovereignty.ch\/wp-content\/uploads\/2020\/08\/IMG_0862-768x576.jpeg 768w, https:\/\/www.intellectualsovereignty.ch\/wp-content\/uploads\/2020\/08\/IMG_0862-1536x1152.jpeg 1536w, https:\/\/www.intellectualsovereignty.ch\/wp-content\/uploads\/2020\/08\/IMG_0862-2048x1536.jpeg 2048w, https:\/\/www.intellectualsovereignty.ch\/wp-content\/uploads\/2020\/08\/IMG_0862-1870x1403.jpeg 1870w, https:\/\/www.intellectualsovereignty.ch\/wp-content\/uploads\/2020\/08\/IMG_0862-400x300.jpeg 400w, https:\/\/www.intellectualsovereignty.ch\/wp-content\/uploads\/2020\/08\/IMG_0862-800x600.jpeg 800w\" sizes=\"auto, (max-width: 1024px) 100vw, 1024px\" \/><\/figure><\/li><li class=\"blocks-gallery-item\"><figure><img loading=\"lazy\" decoding=\"async\" width=\"1024\" height=\"768\" data-attachment-id=\"922\" data-permalink=\"https:\/\/www.intellectualsovereignty.ch\/index.php\/2020\/08\/01\/hike-32-fiescheralp-bettmeralp-belalp-eggerberg\/img_0863\/\" data-orig-file=\"https:\/\/www.intellectualsovereignty.ch\/wp-content\/uploads\/2020\/08\/IMG_0863-scaled.jpeg\" data-orig-size=\"2560,1920\" data-comments-opened=\"0\" data-image-title=\"IMG_0863\" data-image-description=\"\" data-image-caption=\"\" data-large-file=\"https:\/\/www.intellectualsovereignty.ch\/wp-content\/uploads\/2020\/08\/IMG_0863-1024x768.jpeg\" src=\"https:\/\/www.intellectualsovereignty.ch\/wp-content\/uploads\/2020\/08\/IMG_0863-1024x768.jpeg\" alt=\"\" data-id=\"922\" data-full-url=\"https:\/\/www.intellectualsovereignty.ch\/wp-content\/uploads\/2020\/08\/IMG_0863-scaled.jpeg\" data-link=\"https:\/\/www.intellectualsovereignty.ch\/index.php\/2020\/08\/01\/hike-32-fiescheralp-bettmeralp-belalp-eggerberg\/img_0863\/\" class=\"wp-image-922\" srcset=\"https:\/\/www.intellectualsovereignty.ch\/wp-content\/uploads\/2020\/08\/IMG_0863-1024x768.jpeg 1024w, https:\/\/www.intellectualsovereignty.ch\/wp-content\/uploads\/2020\/08\/IMG_0863-300x225.jpeg 300w, https:\/\/www.intellectualsovereignty.ch\/wp-content\/uploads\/2020\/08\/IMG_0863-768x576.jpeg 768w, https:\/\/www.intellectualsovereignty.ch\/wp-content\/uploads\/2020\/08\/IMG_0863-1536x1152.jpeg 1536w, https:\/\/www.intellectualsovereignty.ch\/wp-content\/uploads\/2020\/08\/IMG_0863-2048x1536.jpeg 2048w, https:\/\/www.intellectualsovereignty.ch\/wp-content\/uploads\/2020\/08\/IMG_0863-1870x1403.jpeg 1870w, https:\/\/www.intellectualsovereignty.ch\/wp-content\/uploads\/2020\/08\/IMG_0863-400x300.jpeg 400w, https:\/\/www.intellectualsovereignty.ch\/wp-content\/uploads\/2020\/08\/IMG_0863-800x600.jpeg 800w\" sizes=\"auto, (max-width: 1024px) 100vw, 1024px\" \/><\/figure><\/li><li class=\"blocks-gallery-item\"><figure><img loading=\"lazy\" decoding=\"async\" width=\"1024\" height=\"768\" data-attachment-id=\"923\" data-permalink=\"https:\/\/www.intellectualsovereignty.ch\/index.php\/2020\/08\/01\/hike-32-fiescheralp-bettmeralp-belalp-eggerberg\/img_0864\/\" data-orig-file=\"https:\/\/www.intellectualsovereignty.ch\/wp-content\/uploads\/2020\/08\/IMG_0864-scaled.jpeg\" data-orig-size=\"2560,1920\" data-comments-opened=\"0\" data-image-title=\"IMG_0864\" data-image-description=\"\" data-image-caption=\"\" data-large-file=\"https:\/\/www.intellectualsovereignty.ch\/wp-content\/uploads\/2020\/08\/IMG_0864-1024x768.jpeg\" src=\"https:\/\/www.intellectualsovereignty.ch\/wp-content\/uploads\/2020\/08\/IMG_0864-1024x768.jpeg\" alt=\"\" data-id=\"923\" data-full-url=\"https:\/\/www.intellectualsovereignty.ch\/wp-content\/uploads\/2020\/08\/IMG_0864-scaled.jpeg\" data-link=\"https:\/\/www.intellectualsovereignty.ch\/index.php\/2020\/08\/01\/hike-32-fiescheralp-bettmeralp-belalp-eggerberg\/img_0864\/\" class=\"wp-image-923\" srcset=\"https:\/\/www.intellectualsovereignty.ch\/wp-content\/uploads\/2020\/08\/IMG_0864-1024x768.jpeg 1024w, https:\/\/www.intellectualsovereignty.ch\/wp-content\/uploads\/2020\/08\/IMG_0864-300x225.jpeg 300w, https:\/\/www.intellectualsovereignty.ch\/wp-content\/uploads\/2020\/08\/IMG_0864-768x576.jpeg 768w, https:\/\/www.intellectualsovereignty.ch\/wp-content\/uploads\/2020\/08\/IMG_0864-1536x1152.jpeg 1536w, https:\/\/www.intellectualsovereignty.ch\/wp-content\/uploads\/2020\/08\/IMG_0864-2048x1536.jpeg 2048w, https:\/\/www.intellectualsovereignty.ch\/wp-content\/uploads\/2020\/08\/IMG_0864-1870x1403.jpeg 1870w, https:\/\/www.intellectualsovereignty.ch\/wp-content\/uploads\/2020\/08\/IMG_0864-400x300.jpeg 400w, https:\/\/www.intellectualsovereignty.ch\/wp-content\/uploads\/2020\/08\/IMG_0864-800x600.jpeg 800w\" sizes=\"auto, (max-width: 1024px) 100vw, 1024px\" \/><\/figure><\/li><li class=\"blocks-gallery-item\"><figure><img loading=\"lazy\" decoding=\"async\" width=\"768\" height=\"1024\" data-attachment-id=\"924\" data-permalink=\"https:\/\/www.intellectualsovereignty.ch\/index.php\/2020\/08\/01\/hike-32-fiescheralp-bettmeralp-belalp-eggerberg\/img_0865\/\" data-orig-file=\"https:\/\/www.intellectualsovereignty.ch\/wp-content\/uploads\/2020\/08\/IMG_0865-scaled.jpeg\" data-orig-size=\"1920,2560\" data-comments-opened=\"0\" data-image-title=\"IMG_0865\" data-image-description=\"\" data-image-caption=\"\" data-large-file=\"https:\/\/www.intellectualsovereignty.ch\/wp-content\/uploads\/2020\/08\/IMG_0865-768x1024.jpeg\" src=\"https:\/\/www.intellectualsovereignty.ch\/wp-content\/uploads\/2020\/08\/IMG_0865-768x1024.jpeg\" alt=\"\" data-id=\"924\" data-full-url=\"https:\/\/www.intellectualsovereignty.ch\/wp-content\/uploads\/2020\/08\/IMG_0865-scaled.jpeg\" data-link=\"https:\/\/www.intellectualsovereignty.ch\/index.php\/2020\/08\/01\/hike-32-fiescheralp-bettmeralp-belalp-eggerberg\/img_0865\/\" class=\"wp-image-924\" srcset=\"https:\/\/www.intellectualsovereignty.ch\/wp-content\/uploads\/2020\/08\/IMG_0865-768x1024.jpeg 768w, https:\/\/www.intellectualsovereignty.ch\/wp-content\/uploads\/2020\/08\/IMG_0865-225x300.jpeg 225w, https:\/\/www.intellectualsovereignty.ch\/wp-content\/uploads\/2020\/08\/IMG_0865-1152x1536.jpeg 1152w, https:\/\/www.intellectualsovereignty.ch\/wp-content\/uploads\/2020\/08\/IMG_0865-1536x2048.jpeg 1536w, https:\/\/www.intellectualsovereignty.ch\/wp-content\/uploads\/2020\/08\/IMG_0865-1870x2493.jpeg 1870w, https:\/\/www.intellectualsovereignty.ch\/wp-content\/uploads\/2020\/08\/IMG_0865-400x533.jpeg 400w, https:\/\/www.intellectualsovereignty.ch\/wp-content\/uploads\/2020\/08\/IMG_0865-800x1067.jpeg 800w, https:\/\/www.intellectualsovereignty.ch\/wp-content\/uploads\/2020\/08\/IMG_0865-scaled.jpeg 1920w\" sizes=\"auto, (max-width: 768px) 100vw, 768px\" \/><\/figure><\/li><li class=\"blocks-gallery-item\"><figure><img loading=\"lazy\" decoding=\"async\" width=\"1024\" height=\"768\" data-attachment-id=\"925\" data-permalink=\"https:\/\/www.intellectualsovereignty.ch\/index.php\/2020\/08\/01\/hike-32-fiescheralp-bettmeralp-belalp-eggerberg\/img_0866\/\" data-orig-file=\"https:\/\/www.intellectualsovereignty.ch\/wp-content\/uploads\/2020\/08\/IMG_0866-scaled.jpeg\" data-orig-size=\"2560,1920\" data-comments-opened=\"0\" data-image-title=\"IMG_0866\" data-image-description=\"\" data-image-caption=\"\" data-large-file=\"https:\/\/www.intellectualsovereignty.ch\/wp-content\/uploads\/2020\/08\/IMG_0866-1024x768.jpeg\" src=\"https:\/\/www.intellectualsovereignty.ch\/wp-content\/uploads\/2020\/08\/IMG_0866-1024x768.jpeg\" alt=\"\" data-id=\"925\" data-full-url=\"https:\/\/www.intellectualsovereignty.ch\/wp-content\/uploads\/2020\/08\/IMG_0866-scaled.jpeg\" data-link=\"https:\/\/www.intellectualsovereignty.ch\/index.php\/2020\/08\/01\/hike-32-fiescheralp-bettmeralp-belalp-eggerberg\/img_0866\/\" class=\"wp-image-925\" srcset=\"https:\/\/www.intellectualsovereignty.ch\/wp-content\/uploads\/2020\/08\/IMG_0866-1024x768.jpeg 1024w, https:\/\/www.intellectualsovereignty.ch\/wp-content\/uploads\/2020\/08\/IMG_0866-300x225.jpeg 300w, https:\/\/www.intellectualsovereignty.ch\/wp-content\/uploads\/2020\/08\/IMG_0866-768x576.jpeg 768w, https:\/\/www.intellectualsovereignty.ch\/wp-content\/uploads\/2020\/08\/IMG_0866-1536x1152.jpeg 1536w, https:\/\/www.intellectualsovereignty.ch\/wp-content\/uploads\/2020\/08\/IMG_0866-2048x1536.jpeg 2048w, https:\/\/www.intellectualsovereignty.ch\/wp-content\/uploads\/2020\/08\/IMG_0866-1870x1403.jpeg 1870w, https:\/\/www.intellectualsovereignty.ch\/wp-content\/uploads\/2020\/08\/IMG_0866-400x300.jpeg 400w, https:\/\/www.intellectualsovereignty.ch\/wp-content\/uploads\/2020\/08\/IMG_0866-800x600.jpeg 800w\" sizes=\"auto, (max-width: 1024px) 100vw, 1024px\" \/><\/figure><\/li><li class=\"blocks-gallery-item\"><figure><img loading=\"lazy\" decoding=\"async\" width=\"768\" height=\"1024\" data-attachment-id=\"927\" data-permalink=\"https:\/\/www.intellectualsovereignty.ch\/index.php\/2020\/08\/01\/hike-32-fiescheralp-bettmeralp-belalp-eggerberg\/img_0868\/\" data-orig-file=\"https:\/\/www.intellectualsovereignty.ch\/wp-content\/uploads\/2020\/08\/IMG_0868-scaled.jpeg\" data-orig-size=\"1920,2560\" data-comments-opened=\"0\" data-image-title=\"IMG_0868\" data-image-description=\"\" data-image-caption=\"\" data-large-file=\"https:\/\/www.intellectualsovereignty.ch\/wp-content\/uploads\/2020\/08\/IMG_0868-768x1024.jpeg\" src=\"https:\/\/www.intellectualsovereignty.ch\/wp-content\/uploads\/2020\/08\/IMG_0868-768x1024.jpeg\" alt=\"\" data-id=\"927\" data-full-url=\"https:\/\/www.intellectualsovereignty.ch\/wp-content\/uploads\/2020\/08\/IMG_0868-scaled.jpeg\" data-link=\"https:\/\/www.intellectualsovereignty.ch\/index.php\/2020\/08\/01\/hike-32-fiescheralp-bettmeralp-belalp-eggerberg\/img_0868\/\" class=\"wp-image-927\" srcset=\"https:\/\/www.intellectualsovereignty.ch\/wp-content\/uploads\/2020\/08\/IMG_0868-768x1024.jpeg 768w, https:\/\/www.intellectualsovereignty.ch\/wp-content\/uploads\/2020\/08\/IMG_0868-225x300.jpeg 225w, https:\/\/www.intellectualsovereignty.ch\/wp-content\/uploads\/2020\/08\/IMG_0868-1152x1536.jpeg 1152w, https:\/\/www.intellectualsovereignty.ch\/wp-content\/uploads\/2020\/08\/IMG_0868-1536x2048.jpeg 1536w, https:\/\/www.intellectualsovereignty.ch\/wp-content\/uploads\/2020\/08\/IMG_0868-1870x2493.jpeg 1870w, https:\/\/www.intellectualsovereignty.ch\/wp-content\/uploads\/2020\/08\/IMG_0868-400x533.jpeg 400w, https:\/\/www.intellectualsovereignty.ch\/wp-content\/uploads\/2020\/08\/IMG_0868-800x1067.jpeg 800w, https:\/\/www.intellectualsovereignty.ch\/wp-content\/uploads\/2020\/08\/IMG_0868-scaled.jpeg 1920w\" sizes=\"auto, (max-width: 768px) 100vw, 768px\" \/><\/figure><\/li><li class=\"blocks-gallery-item\"><figure><img loading=\"lazy\" decoding=\"async\" width=\"1024\" height=\"768\" data-attachment-id=\"928\" data-permalink=\"https:\/\/www.intellectualsovereignty.ch\/index.php\/2020\/08\/01\/hike-32-fiescheralp-bettmeralp-belalp-eggerberg\/img_0869\/\" data-orig-file=\"https:\/\/www.intellectualsovereignty.ch\/wp-content\/uploads\/2020\/08\/IMG_0869-scaled.jpeg\" data-orig-size=\"2560,1920\" data-comments-opened=\"0\" data-image-title=\"IMG_0869\" data-image-description=\"\" data-image-caption=\"\" data-large-file=\"https:\/\/www.intellectualsovereignty.ch\/wp-content\/uploads\/2020\/08\/IMG_0869-1024x768.jpeg\" src=\"https:\/\/www.intellectualsovereignty.ch\/wp-content\/uploads\/2020\/08\/IMG_0869-1024x768.jpeg\" alt=\"\" data-id=\"928\" data-full-url=\"https:\/\/www.intellectualsovereignty.ch\/wp-content\/uploads\/2020\/08\/IMG_0869-scaled.jpeg\" data-link=\"https:\/\/www.intellectualsovereignty.ch\/index.php\/2020\/08\/01\/hike-32-fiescheralp-bettmeralp-belalp-eggerberg\/img_0869\/\" class=\"wp-image-928\" srcset=\"https:\/\/www.intellectualsovereignty.ch\/wp-content\/uploads\/2020\/08\/IMG_0869-1024x768.jpeg 1024w, https:\/\/www.intellectualsovereignty.ch\/wp-content\/uploads\/2020\/08\/IMG_0869-300x225.jpeg 300w, https:\/\/www.intellectualsovereignty.ch\/wp-content\/uploads\/2020\/08\/IMG_0869-768x576.jpeg 768w, https:\/\/www.intellectualsovereignty.ch\/wp-content\/uploads\/2020\/08\/IMG_0869-1536x1152.jpeg 1536w, https:\/\/www.intellectualsovereignty.ch\/wp-content\/uploads\/2020\/08\/IMG_0869-2048x1536.jpeg 2048w, https:\/\/www.intellectualsovereignty.ch\/wp-content\/uploads\/2020\/08\/IMG_0869-1870x1403.jpeg 1870w, https:\/\/www.intellectualsovereignty.ch\/wp-content\/uploads\/2020\/08\/IMG_0869-400x300.jpeg 400w, https:\/\/www.intellectualsovereignty.ch\/wp-content\/uploads\/2020\/08\/IMG_0869-800x600.jpeg 800w\" sizes=\"auto, (max-width: 1024px) 100vw, 1024px\" \/><\/figure><\/li><li class=\"blocks-gallery-item\"><figure><img loading=\"lazy\" decoding=\"async\" width=\"1024\" height=\"238\" data-attachment-id=\"929\" data-permalink=\"https:\/\/www.intellectualsovereignty.ch\/index.php\/2020\/08\/01\/hike-32-fiescheralp-bettmeralp-belalp-eggerberg\/img_0870\/\" data-orig-file=\"https:\/\/www.intellectualsovereignty.ch\/wp-content\/uploads\/2020\/08\/IMG_0870-scaled.jpeg\" data-orig-size=\"2560,595\" data-comments-opened=\"0\" data-image-title=\"IMG_0870\" data-image-description=\"\" data-image-caption=\"\" data-large-file=\"https:\/\/www.intellectualsovereignty.ch\/wp-content\/uploads\/2020\/08\/IMG_0870-1024x238.jpeg\" src=\"https:\/\/www.intellectualsovereignty.ch\/wp-content\/uploads\/2020\/08\/IMG_0870-1024x238.jpeg\" alt=\"\" data-id=\"929\" data-full-url=\"https:\/\/www.intellectualsovereignty.ch\/wp-content\/uploads\/2020\/08\/IMG_0870-scaled.jpeg\" data-link=\"https:\/\/www.intellectualsovereignty.ch\/index.php\/2020\/08\/01\/hike-32-fiescheralp-bettmeralp-belalp-eggerberg\/img_0870\/\" class=\"wp-image-929\" srcset=\"https:\/\/www.intellectualsovereignty.ch\/wp-content\/uploads\/2020\/08\/IMG_0870-1024x238.jpeg 1024w, https:\/\/www.intellectualsovereignty.ch\/wp-content\/uploads\/2020\/08\/IMG_0870-300x70.jpeg 300w, https:\/\/www.intellectualsovereignty.ch\/wp-content\/uploads\/2020\/08\/IMG_0870-768x178.jpeg 768w, https:\/\/www.intellectualsovereignty.ch\/wp-content\/uploads\/2020\/08\/IMG_0870-1536x357.jpeg 1536w, https:\/\/www.intellectualsovereignty.ch\/wp-content\/uploads\/2020\/08\/IMG_0870-2048x476.jpeg 2048w, https:\/\/www.intellectualsovereignty.ch\/wp-content\/uploads\/2020\/08\/IMG_0870-1870x434.jpeg 1870w, https:\/\/www.intellectualsovereignty.ch\/wp-content\/uploads\/2020\/08\/IMG_0870-400x93.jpeg 400w, https:\/\/www.intellectualsovereignty.ch\/wp-content\/uploads\/2020\/08\/IMG_0870-800x186.jpeg 800w\" sizes=\"auto, (max-width: 1024px) 100vw, 1024px\" \/><\/figure><\/li><li class=\"blocks-gallery-item\"><figure><img loading=\"lazy\" decoding=\"async\" width=\"1024\" height=\"768\" data-attachment-id=\"930\" data-permalink=\"https:\/\/www.intellectualsovereignty.ch\/index.php\/2020\/08\/01\/hike-32-fiescheralp-bettmeralp-belalp-eggerberg\/img_5854\/\" data-orig-file=\"https:\/\/www.intellectualsovereignty.ch\/wp-content\/uploads\/2020\/08\/IMG_5854-scaled.jpeg\" data-orig-size=\"2560,1920\" data-comments-opened=\"0\" data-image-title=\"IMG_5854\" data-image-description=\"\" data-image-caption=\"\" data-large-file=\"https:\/\/www.intellectualsovereignty.ch\/wp-content\/uploads\/2020\/08\/IMG_5854-1024x768.jpeg\" src=\"https:\/\/www.intellectualsovereignty.ch\/wp-content\/uploads\/2020\/08\/IMG_5854-1024x768.jpeg\" alt=\"\" data-id=\"930\" data-full-url=\"https:\/\/www.intellectualsovereignty.ch\/wp-content\/uploads\/2020\/08\/IMG_5854-scaled.jpeg\" data-link=\"https:\/\/www.intellectualsovereignty.ch\/index.php\/2020\/08\/01\/hike-32-fiescheralp-bettmeralp-belalp-eggerberg\/img_5854\/\" class=\"wp-image-930\" srcset=\"https:\/\/www.intellectualsovereignty.ch\/wp-content\/uploads\/2020\/08\/IMG_5854-1024x768.jpeg 1024w, https:\/\/www.intellectualsovereignty.ch\/wp-content\/uploads\/2020\/08\/IMG_5854-300x225.jpeg 300w, https:\/\/www.intellectualsovereignty.ch\/wp-content\/uploads\/2020\/08\/IMG_5854-768x576.jpeg 768w, https:\/\/www.intellectualsovereignty.ch\/wp-content\/uploads\/2020\/08\/IMG_5854-1536x1152.jpeg 1536w, https:\/\/www.intellectualsovereignty.ch\/wp-content\/uploads\/2020\/08\/IMG_5854-2048x1536.jpeg 2048w, https:\/\/www.intellectualsovereignty.ch\/wp-content\/uploads\/2020\/08\/IMG_5854-1870x1403.jpeg 1870w, https:\/\/www.intellectualsovereignty.ch\/wp-content\/uploads\/2020\/08\/IMG_5854-400x300.jpeg 400w, https:\/\/www.intellectualsovereignty.ch\/wp-content\/uploads\/2020\/08\/IMG_5854-800x600.jpeg 800w\" sizes=\"auto, (max-width: 1024px) 100vw, 1024px\" \/><\/figure><\/li><li class=\"blocks-gallery-item\"><figure><img loading=\"lazy\" decoding=\"async\" width=\"1024\" height=\"769\" data-attachment-id=\"931\" data-permalink=\"https:\/\/www.intellectualsovereignty.ch\/index.php\/2020\/08\/01\/hike-32-fiescheralp-bettmeralp-belalp-eggerberg\/img_5856\/\" data-orig-file=\"https:\/\/www.intellectualsovereignty.ch\/wp-content\/uploads\/2020\/08\/IMG_5856-scaled.jpeg\" data-orig-size=\"2560,1923\" data-comments-opened=\"0\" data-image-title=\"IMG_5856\" data-image-description=\"\" data-image-caption=\"\" data-large-file=\"https:\/\/www.intellectualsovereignty.ch\/wp-content\/uploads\/2020\/08\/IMG_5856-1024x769.jpeg\" src=\"https:\/\/www.intellectualsovereignty.ch\/wp-content\/uploads\/2020\/08\/IMG_5856-1024x769.jpeg\" alt=\"\" data-id=\"931\" data-full-url=\"https:\/\/www.intellectualsovereignty.ch\/wp-content\/uploads\/2020\/08\/IMG_5856-scaled.jpeg\" data-link=\"https:\/\/www.intellectualsovereignty.ch\/index.php\/2020\/08\/01\/hike-32-fiescheralp-bettmeralp-belalp-eggerberg\/img_5856\/\" class=\"wp-image-931\" srcset=\"https:\/\/www.intellectualsovereignty.ch\/wp-content\/uploads\/2020\/08\/IMG_5856-1024x769.jpeg 1024w, https:\/\/www.intellectualsovereignty.ch\/wp-content\/uploads\/2020\/08\/IMG_5856-300x225.jpeg 300w, https:\/\/www.intellectualsovereignty.ch\/wp-content\/uploads\/2020\/08\/IMG_5856-768x577.jpeg 768w, https:\/\/www.intellectualsovereignty.ch\/wp-content\/uploads\/2020\/08\/IMG_5856-1536x1154.jpeg 1536w, https:\/\/www.intellectualsovereignty.ch\/wp-content\/uploads\/2020\/08\/IMG_5856-2048x1539.jpeg 2048w, https:\/\/www.intellectualsovereignty.ch\/wp-content\/uploads\/2020\/08\/IMG_5856-1870x1405.jpeg 1870w, https:\/\/www.intellectualsovereignty.ch\/wp-content\/uploads\/2020\/08\/IMG_5856-400x301.jpeg 400w, https:\/\/www.intellectualsovereignty.ch\/wp-content\/uploads\/2020\/08\/IMG_5856-800x601.jpeg 800w\" sizes=\"auto, (max-width: 1024px) 100vw, 1024px\" \/><\/figure><\/li><li class=\"blocks-gallery-item\"><figure><img loading=\"lazy\" decoding=\"async\" width=\"1024\" height=\"768\" data-attachment-id=\"932\" data-permalink=\"https:\/\/www.intellectualsovereignty.ch\/index.php\/2020\/08\/01\/hike-32-fiescheralp-bettmeralp-belalp-eggerberg\/img_0871\/\" data-orig-file=\"https:\/\/www.intellectualsovereignty.ch\/wp-content\/uploads\/2020\/08\/IMG_0871-scaled.jpeg\" data-orig-size=\"2560,1920\" data-comments-opened=\"0\" data-image-title=\"IMG_0871\" data-image-description=\"\" data-image-caption=\"\" data-large-file=\"https:\/\/www.intellectualsovereignty.ch\/wp-content\/uploads\/2020\/08\/IMG_0871-1024x768.jpeg\" src=\"https:\/\/www.intellectualsovereignty.ch\/wp-content\/uploads\/2020\/08\/IMG_0871-1024x768.jpeg\" alt=\"\" data-id=\"932\" data-full-url=\"https:\/\/www.intellectualsovereignty.ch\/wp-content\/uploads\/2020\/08\/IMG_0871-scaled.jpeg\" data-link=\"https:\/\/www.intellectualsovereignty.ch\/index.php\/2020\/08\/01\/hike-32-fiescheralp-bettmeralp-belalp-eggerberg\/img_0871\/\" class=\"wp-image-932\" srcset=\"https:\/\/www.intellectualsovereignty.ch\/wp-content\/uploads\/2020\/08\/IMG_0871-1024x768.jpeg 1024w, https:\/\/www.intellectualsovereignty.ch\/wp-content\/uploads\/2020\/08\/IMG_0871-300x225.jpeg 300w, https:\/\/www.intellectualsovereignty.ch\/wp-content\/uploads\/2020\/08\/IMG_0871-768x576.jpeg 768w, https:\/\/www.intellectualsovereignty.ch\/wp-content\/uploads\/2020\/08\/IMG_0871-1536x1152.jpeg 1536w, https:\/\/www.intellectualsovereignty.ch\/wp-content\/uploads\/2020\/08\/IMG_0871-2048x1536.jpeg 2048w, https:\/\/www.intellectualsovereignty.ch\/wp-content\/uploads\/2020\/08\/IMG_0871-1870x1403.jpeg 1870w, https:\/\/www.intellectualsovereignty.ch\/wp-content\/uploads\/2020\/08\/IMG_0871-400x300.jpeg 400w, https:\/\/www.intellectualsovereignty.ch\/wp-content\/uploads\/2020\/08\/IMG_0871-800x600.jpeg 800w\" sizes=\"auto, (max-width: 1024px) 100vw, 1024px\" \/><\/figure><\/li><li class=\"blocks-gallery-item\"><figure><img loading=\"lazy\" decoding=\"async\" width=\"768\" height=\"1024\" data-attachment-id=\"933\" data-permalink=\"https:\/\/www.intellectualsovereignty.ch\/index.php\/2020\/08\/01\/hike-32-fiescheralp-bettmeralp-belalp-eggerberg\/img_0872\/\" data-orig-file=\"https:\/\/www.intellectualsovereignty.ch\/wp-content\/uploads\/2020\/08\/IMG_0872-scaled.jpeg\" data-orig-size=\"1920,2560\" data-comments-opened=\"0\" data-image-title=\"IMG_0872\" data-image-description=\"\" data-image-caption=\"\" data-large-file=\"https:\/\/www.intellectualsovereignty.ch\/wp-content\/uploads\/2020\/08\/IMG_0872-768x1024.jpeg\" src=\"https:\/\/www.intellectualsovereignty.ch\/wp-content\/uploads\/2020\/08\/IMG_0872-768x1024.jpeg\" alt=\"\" data-id=\"933\" data-full-url=\"https:\/\/www.intellectualsovereignty.ch\/wp-content\/uploads\/2020\/08\/IMG_0872-scaled.jpeg\" data-link=\"https:\/\/www.intellectualsovereignty.ch\/index.php\/2020\/08\/01\/hike-32-fiescheralp-bettmeralp-belalp-eggerberg\/img_0872\/\" class=\"wp-image-933\" srcset=\"https:\/\/www.intellectualsovereignty.ch\/wp-content\/uploads\/2020\/08\/IMG_0872-768x1024.jpeg 768w, https:\/\/www.intellectualsovereignty.ch\/wp-content\/uploads\/2020\/08\/IMG_0872-225x300.jpeg 225w, https:\/\/www.intellectualsovereignty.ch\/wp-content\/uploads\/2020\/08\/IMG_0872-1152x1536.jpeg 1152w, https:\/\/www.intellectualsovereignty.ch\/wp-content\/uploads\/2020\/08\/IMG_0872-1536x2048.jpeg 1536w, https:\/\/www.intellectualsovereignty.ch\/wp-content\/uploads\/2020\/08\/IMG_0872-1870x2493.jpeg 1870w, https:\/\/www.intellectualsovereignty.ch\/wp-content\/uploads\/2020\/08\/IMG_0872-400x533.jpeg 400w, https:\/\/www.intellectualsovereignty.ch\/wp-content\/uploads\/2020\/08\/IMG_0872-800x1067.jpeg 800w, https:\/\/www.intellectualsovereignty.ch\/wp-content\/uploads\/2020\/08\/IMG_0872-scaled.jpeg 1920w\" sizes=\"auto, (max-width: 768px) 100vw, 768px\" \/><\/figure><\/li><\/ul><\/figure>\n\n\n\n<p class=\"wp-block-paragraph\">Den bereits stattlich angewachsenen Wanderer- und Biker-Pulk bei der Gletscherstube umgehen wir elegant, indem wir uns fr\u00fchzeitig auf einem schroffen Aussichtspunkt oberhalb Wenge einen Imbiss g\u00f6nnen. Unterhalb des Stausees beginnt der imposante Trail mit herrlicher Aussicht \u00fcber den Aletschgletscher. Die Sicht ist perfekt und am Ende des Gletschers sind sowohl die Sphinx des Jungfraujoch als auch die S\u00fcdseite des Eigers klar zu erkennen&#8230; ein vermeintlicher Katzensprung ins Berner Oberland! \ud83d\ude42<\/p>\n\n\n\n<figure class=\"wp-block-gallery columns-3 is-cropped wp-block-gallery-2 is-layout-flex wp-block-gallery-is-layout-flex\"><ul class=\"blocks-gallery-grid\"><li class=\"blocks-gallery-item\"><figure><img loading=\"lazy\" decoding=\"async\" width=\"1024\" height=\"768\" data-attachment-id=\"934\" data-permalink=\"https:\/\/www.intellectualsovereignty.ch\/index.php\/2020\/08\/01\/hike-32-fiescheralp-bettmeralp-belalp-eggerberg\/img_0874\/\" data-orig-file=\"https:\/\/www.intellectualsovereignty.ch\/wp-content\/uploads\/2020\/08\/IMG_0874-scaled.jpeg\" data-orig-size=\"2560,1920\" data-comments-opened=\"0\" data-image-title=\"IMG_0874\" data-image-description=\"\" data-image-caption=\"\" data-large-file=\"https:\/\/www.intellectualsovereignty.ch\/wp-content\/uploads\/2020\/08\/IMG_0874-1024x768.jpeg\" src=\"https:\/\/www.intellectualsovereignty.ch\/wp-content\/uploads\/2020\/08\/IMG_0874-1024x768.jpeg\" alt=\"\" data-id=\"934\" data-full-url=\"https:\/\/www.intellectualsovereignty.ch\/wp-content\/uploads\/2020\/08\/IMG_0874-scaled.jpeg\" data-link=\"https:\/\/www.intellectualsovereignty.ch\/index.php\/2020\/08\/01\/hike-32-fiescheralp-bettmeralp-belalp-eggerberg\/img_0874\/\" class=\"wp-image-934\" srcset=\"https:\/\/www.intellectualsovereignty.ch\/wp-content\/uploads\/2020\/08\/IMG_0874-1024x768.jpeg 1024w, https:\/\/www.intellectualsovereignty.ch\/wp-content\/uploads\/2020\/08\/IMG_0874-300x225.jpeg 300w, https:\/\/www.intellectualsovereignty.ch\/wp-content\/uploads\/2020\/08\/IMG_0874-768x576.jpeg 768w, https:\/\/www.intellectualsovereignty.ch\/wp-content\/uploads\/2020\/08\/IMG_0874-1536x1152.jpeg 1536w, https:\/\/www.intellectualsovereignty.ch\/wp-content\/uploads\/2020\/08\/IMG_0874-2048x1536.jpeg 2048w, https:\/\/www.intellectualsovereignty.ch\/wp-content\/uploads\/2020\/08\/IMG_0874-1870x1403.jpeg 1870w, https:\/\/www.intellectualsovereignty.ch\/wp-content\/uploads\/2020\/08\/IMG_0874-400x300.jpeg 400w, https:\/\/www.intellectualsovereignty.ch\/wp-content\/uploads\/2020\/08\/IMG_0874-800x600.jpeg 800w\" sizes=\"auto, (max-width: 1024px) 100vw, 1024px\" \/><\/figure><\/li><li class=\"blocks-gallery-item\"><figure><img loading=\"lazy\" decoding=\"async\" width=\"1024\" height=\"511\" data-attachment-id=\"935\" data-permalink=\"https:\/\/www.intellectualsovereignty.ch\/index.php\/2020\/08\/01\/hike-32-fiescheralp-bettmeralp-belalp-eggerberg\/img_0875\/\" data-orig-file=\"https:\/\/www.intellectualsovereignty.ch\/wp-content\/uploads\/2020\/08\/IMG_0875-scaled.jpeg\" data-orig-size=\"2560,1277\" data-comments-opened=\"0\" data-image-title=\"IMG_0875\" data-image-description=\"\" data-image-caption=\"\" data-large-file=\"https:\/\/www.intellectualsovereignty.ch\/wp-content\/uploads\/2020\/08\/IMG_0875-1024x511.jpeg\" src=\"https:\/\/www.intellectualsovereignty.ch\/wp-content\/uploads\/2020\/08\/IMG_0875-1024x511.jpeg\" alt=\"\" data-id=\"935\" data-full-url=\"https:\/\/www.intellectualsovereignty.ch\/wp-content\/uploads\/2020\/08\/IMG_0875-scaled.jpeg\" data-link=\"https:\/\/www.intellectualsovereignty.ch\/index.php\/2020\/08\/01\/hike-32-fiescheralp-bettmeralp-belalp-eggerberg\/img_0875\/\" class=\"wp-image-935\" srcset=\"https:\/\/www.intellectualsovereignty.ch\/wp-content\/uploads\/2020\/08\/IMG_0875-1024x511.jpeg 1024w, https:\/\/www.intellectualsovereignty.ch\/wp-content\/uploads\/2020\/08\/IMG_0875-300x150.jpeg 300w, https:\/\/www.intellectualsovereignty.ch\/wp-content\/uploads\/2020\/08\/IMG_0875-768x383.jpeg 768w, https:\/\/www.intellectualsovereignty.ch\/wp-content\/uploads\/2020\/08\/IMG_0875-1536x766.jpeg 1536w, https:\/\/www.intellectualsovereignty.ch\/wp-content\/uploads\/2020\/08\/IMG_0875-2048x1021.jpeg 2048w, https:\/\/www.intellectualsovereignty.ch\/wp-content\/uploads\/2020\/08\/IMG_0875-1870x933.jpeg 1870w, https:\/\/www.intellectualsovereignty.ch\/wp-content\/uploads\/2020\/08\/IMG_0875-400x199.jpeg 400w, https:\/\/www.intellectualsovereignty.ch\/wp-content\/uploads\/2020\/08\/IMG_0875-800x399.jpeg 800w\" sizes=\"auto, (max-width: 1024px) 100vw, 1024px\" \/><\/figure><\/li><li class=\"blocks-gallery-item\"><figure><img loading=\"lazy\" decoding=\"async\" width=\"768\" height=\"1024\" data-attachment-id=\"936\" data-permalink=\"https:\/\/www.intellectualsovereignty.ch\/index.php\/2020\/08\/01\/hike-32-fiescheralp-bettmeralp-belalp-eggerberg\/img_0877\/\" data-orig-file=\"https:\/\/www.intellectualsovereignty.ch\/wp-content\/uploads\/2020\/08\/IMG_0877-scaled.jpeg\" data-orig-size=\"1920,2560\" data-comments-opened=\"0\" data-image-title=\"IMG_0877\" data-image-description=\"\" data-image-caption=\"\" data-large-file=\"https:\/\/www.intellectualsovereignty.ch\/wp-content\/uploads\/2020\/08\/IMG_0877-768x1024.jpeg\" src=\"https:\/\/www.intellectualsovereignty.ch\/wp-content\/uploads\/2020\/08\/IMG_0877-768x1024.jpeg\" alt=\"\" data-id=\"936\" data-full-url=\"https:\/\/www.intellectualsovereignty.ch\/wp-content\/uploads\/2020\/08\/IMG_0877-scaled.jpeg\" data-link=\"https:\/\/www.intellectualsovereignty.ch\/index.php\/2020\/08\/01\/hike-32-fiescheralp-bettmeralp-belalp-eggerberg\/img_0877\/\" class=\"wp-image-936\" srcset=\"https:\/\/www.intellectualsovereignty.ch\/wp-content\/uploads\/2020\/08\/IMG_0877-768x1024.jpeg 768w, https:\/\/www.intellectualsovereignty.ch\/wp-content\/uploads\/2020\/08\/IMG_0877-225x300.jpeg 225w, https:\/\/www.intellectualsovereignty.ch\/wp-content\/uploads\/2020\/08\/IMG_0877-1152x1536.jpeg 1152w, https:\/\/www.intellectualsovereignty.ch\/wp-content\/uploads\/2020\/08\/IMG_0877-1536x2048.jpeg 1536w, https:\/\/www.intellectualsovereignty.ch\/wp-content\/uploads\/2020\/08\/IMG_0877-1870x2493.jpeg 1870w, https:\/\/www.intellectualsovereignty.ch\/wp-content\/uploads\/2020\/08\/IMG_0877-400x533.jpeg 400w, https:\/\/www.intellectualsovereignty.ch\/wp-content\/uploads\/2020\/08\/IMG_0877-800x1067.jpeg 800w, https:\/\/www.intellectualsovereignty.ch\/wp-content\/uploads\/2020\/08\/IMG_0877-scaled.jpeg 1920w\" sizes=\"auto, (max-width: 768px) 100vw, 768px\" \/><\/figure><\/li><li class=\"blocks-gallery-item\"><figure><img loading=\"lazy\" decoding=\"async\" width=\"1024\" height=\"768\" data-attachment-id=\"937\" data-permalink=\"https:\/\/www.intellectualsovereignty.ch\/index.php\/2020\/08\/01\/hike-32-fiescheralp-bettmeralp-belalp-eggerberg\/img_0878\/\" data-orig-file=\"https:\/\/www.intellectualsovereignty.ch\/wp-content\/uploads\/2020\/08\/IMG_0878-scaled.jpeg\" data-orig-size=\"2560,1920\" data-comments-opened=\"0\" data-image-title=\"IMG_0878\" data-image-description=\"\" data-image-caption=\"\" data-large-file=\"https:\/\/www.intellectualsovereignty.ch\/wp-content\/uploads\/2020\/08\/IMG_0878-1024x768.jpeg\" src=\"https:\/\/www.intellectualsovereignty.ch\/wp-content\/uploads\/2020\/08\/IMG_0878-1024x768.jpeg\" alt=\"\" data-id=\"937\" data-full-url=\"https:\/\/www.intellectualsovereignty.ch\/wp-content\/uploads\/2020\/08\/IMG_0878-scaled.jpeg\" data-link=\"https:\/\/www.intellectualsovereignty.ch\/index.php\/2020\/08\/01\/hike-32-fiescheralp-bettmeralp-belalp-eggerberg\/img_0878\/\" class=\"wp-image-937\" srcset=\"https:\/\/www.intellectualsovereignty.ch\/wp-content\/uploads\/2020\/08\/IMG_0878-1024x768.jpeg 1024w, https:\/\/www.intellectualsovereignty.ch\/wp-content\/uploads\/2020\/08\/IMG_0878-300x225.jpeg 300w, https:\/\/www.intellectualsovereignty.ch\/wp-content\/uploads\/2020\/08\/IMG_0878-768x576.jpeg 768w, https:\/\/www.intellectualsovereignty.ch\/wp-content\/uploads\/2020\/08\/IMG_0878-1536x1152.jpeg 1536w, https:\/\/www.intellectualsovereignty.ch\/wp-content\/uploads\/2020\/08\/IMG_0878-2048x1536.jpeg 2048w, https:\/\/www.intellectualsovereignty.ch\/wp-content\/uploads\/2020\/08\/IMG_0878-1870x1403.jpeg 1870w, https:\/\/www.intellectualsovereignty.ch\/wp-content\/uploads\/2020\/08\/IMG_0878-400x300.jpeg 400w, https:\/\/www.intellectualsovereignty.ch\/wp-content\/uploads\/2020\/08\/IMG_0878-800x600.jpeg 800w\" sizes=\"auto, (max-width: 1024px) 100vw, 1024px\" \/><\/figure><\/li><li class=\"blocks-gallery-item\"><figure><img loading=\"lazy\" decoding=\"async\" width=\"1024\" height=\"769\" data-attachment-id=\"938\" data-permalink=\"https:\/\/www.intellectualsovereignty.ch\/index.php\/2020\/08\/01\/hike-32-fiescheralp-bettmeralp-belalp-eggerberg\/img_0879\/\" data-orig-file=\"https:\/\/www.intellectualsovereignty.ch\/wp-content\/uploads\/2020\/08\/IMG_0879-scaled.jpeg\" data-orig-size=\"2560,1923\" data-comments-opened=\"0\" data-image-title=\"IMG_0879\" data-image-description=\"\" data-image-caption=\"\" data-large-file=\"https:\/\/www.intellectualsovereignty.ch\/wp-content\/uploads\/2020\/08\/IMG_0879-1024x769.jpeg\" src=\"https:\/\/www.intellectualsovereignty.ch\/wp-content\/uploads\/2020\/08\/IMG_0879-1024x769.jpeg\" alt=\"\" data-id=\"938\" data-full-url=\"https:\/\/www.intellectualsovereignty.ch\/wp-content\/uploads\/2020\/08\/IMG_0879-scaled.jpeg\" data-link=\"https:\/\/www.intellectualsovereignty.ch\/index.php\/2020\/08\/01\/hike-32-fiescheralp-bettmeralp-belalp-eggerberg\/img_0879\/\" class=\"wp-image-938\" srcset=\"https:\/\/www.intellectualsovereignty.ch\/wp-content\/uploads\/2020\/08\/IMG_0879-1024x769.jpeg 1024w, https:\/\/www.intellectualsovereignty.ch\/wp-content\/uploads\/2020\/08\/IMG_0879-300x225.jpeg 300w, https:\/\/www.intellectualsovereignty.ch\/wp-content\/uploads\/2020\/08\/IMG_0879-768x577.jpeg 768w, https:\/\/www.intellectualsovereignty.ch\/wp-content\/uploads\/2020\/08\/IMG_0879-1536x1154.jpeg 1536w, https:\/\/www.intellectualsovereignty.ch\/wp-content\/uploads\/2020\/08\/IMG_0879-2048x1539.jpeg 2048w, https:\/\/www.intellectualsovereignty.ch\/wp-content\/uploads\/2020\/08\/IMG_0879-1870x1405.jpeg 1870w, https:\/\/www.intellectualsovereignty.ch\/wp-content\/uploads\/2020\/08\/IMG_0879-400x301.jpeg 400w, https:\/\/www.intellectualsovereignty.ch\/wp-content\/uploads\/2020\/08\/IMG_0879-800x601.jpeg 800w\" sizes=\"auto, (max-width: 1024px) 100vw, 1024px\" \/><\/figure><\/li><li class=\"blocks-gallery-item\"><figure><img loading=\"lazy\" decoding=\"async\" width=\"1024\" height=\"395\" data-attachment-id=\"939\" data-permalink=\"https:\/\/www.intellectualsovereignty.ch\/index.php\/2020\/08\/01\/hike-32-fiescheralp-bettmeralp-belalp-eggerberg\/img_0880\/\" data-orig-file=\"https:\/\/www.intellectualsovereignty.ch\/wp-content\/uploads\/2020\/08\/IMG_0880-scaled.jpeg\" data-orig-size=\"2560,987\" data-comments-opened=\"0\" data-image-title=\"IMG_0880\" data-image-description=\"\" data-image-caption=\"\" data-large-file=\"https:\/\/www.intellectualsovereignty.ch\/wp-content\/uploads\/2020\/08\/IMG_0880-1024x395.jpeg\" src=\"https:\/\/www.intellectualsovereignty.ch\/wp-content\/uploads\/2020\/08\/IMG_0880-1024x395.jpeg\" alt=\"\" data-id=\"939\" data-full-url=\"https:\/\/www.intellectualsovereignty.ch\/wp-content\/uploads\/2020\/08\/IMG_0880-scaled.jpeg\" data-link=\"https:\/\/www.intellectualsovereignty.ch\/index.php\/2020\/08\/01\/hike-32-fiescheralp-bettmeralp-belalp-eggerberg\/img_0880\/\" class=\"wp-image-939\" srcset=\"https:\/\/www.intellectualsovereignty.ch\/wp-content\/uploads\/2020\/08\/IMG_0880-1024x395.jpeg 1024w, https:\/\/www.intellectualsovereignty.ch\/wp-content\/uploads\/2020\/08\/IMG_0880-300x116.jpeg 300w, https:\/\/www.intellectualsovereignty.ch\/wp-content\/uploads\/2020\/08\/IMG_0880-768x296.jpeg 768w, https:\/\/www.intellectualsovereignty.ch\/wp-content\/uploads\/2020\/08\/IMG_0880-1536x592.jpeg 1536w, https:\/\/www.intellectualsovereignty.ch\/wp-content\/uploads\/2020\/08\/IMG_0880-2048x790.jpeg 2048w, https:\/\/www.intellectualsovereignty.ch\/wp-content\/uploads\/2020\/08\/IMG_0880-1870x721.jpeg 1870w, https:\/\/www.intellectualsovereignty.ch\/wp-content\/uploads\/2020\/08\/IMG_0880-400x154.jpeg 400w, https:\/\/www.intellectualsovereignty.ch\/wp-content\/uploads\/2020\/08\/IMG_0880-800x309.jpeg 800w\" sizes=\"auto, (max-width: 1024px) 100vw, 1024px\" \/><\/figure><\/li><li class=\"blocks-gallery-item\"><figure><img loading=\"lazy\" decoding=\"async\" width=\"568\" height=\"1024\" data-attachment-id=\"940\" data-permalink=\"https:\/\/www.intellectualsovereignty.ch\/index.php\/2020\/08\/01\/hike-32-fiescheralp-bettmeralp-belalp-eggerberg\/img_0881\/\" data-orig-file=\"https:\/\/www.intellectualsovereignty.ch\/wp-content\/uploads\/2020\/08\/IMG_0881-scaled.jpeg\" data-orig-size=\"1420,2560\" data-comments-opened=\"0\" data-image-title=\"IMG_0881\" data-image-description=\"\" data-image-caption=\"\" data-large-file=\"https:\/\/www.intellectualsovereignty.ch\/wp-content\/uploads\/2020\/08\/IMG_0881-568x1024.jpeg\" src=\"https:\/\/www.intellectualsovereignty.ch\/wp-content\/uploads\/2020\/08\/IMG_0881-568x1024.jpeg\" alt=\"\" data-id=\"940\" data-full-url=\"https:\/\/www.intellectualsovereignty.ch\/wp-content\/uploads\/2020\/08\/IMG_0881-scaled.jpeg\" data-link=\"https:\/\/www.intellectualsovereignty.ch\/index.php\/2020\/08\/01\/hike-32-fiescheralp-bettmeralp-belalp-eggerberg\/img_0881\/\" class=\"wp-image-940\" srcset=\"https:\/\/www.intellectualsovereignty.ch\/wp-content\/uploads\/2020\/08\/IMG_0881-568x1024.jpeg 568w, https:\/\/www.intellectualsovereignty.ch\/wp-content\/uploads\/2020\/08\/IMG_0881-166x300.jpeg 166w, https:\/\/www.intellectualsovereignty.ch\/wp-content\/uploads\/2020\/08\/IMG_0881-768x1385.jpeg 768w, https:\/\/www.intellectualsovereignty.ch\/wp-content\/uploads\/2020\/08\/IMG_0881-852x1536.jpeg 852w, https:\/\/www.intellectualsovereignty.ch\/wp-content\/uploads\/2020\/08\/IMG_0881-1136x2048.jpeg 1136w, https:\/\/www.intellectualsovereignty.ch\/wp-content\/uploads\/2020\/08\/IMG_0881-1870x3372.jpeg 1870w, https:\/\/www.intellectualsovereignty.ch\/wp-content\/uploads\/2020\/08\/IMG_0881-400x721.jpeg 400w, https:\/\/www.intellectualsovereignty.ch\/wp-content\/uploads\/2020\/08\/IMG_0881-800x1443.jpeg 800w, https:\/\/www.intellectualsovereignty.ch\/wp-content\/uploads\/2020\/08\/IMG_0881-scaled.jpeg 1420w\" sizes=\"auto, (max-width: 568px) 100vw, 568px\" \/><\/figure><\/li><li class=\"blocks-gallery-item\"><figure><img loading=\"lazy\" decoding=\"async\" width=\"1024\" height=\"768\" data-attachment-id=\"941\" data-permalink=\"https:\/\/www.intellectualsovereignty.ch\/index.php\/2020\/08\/01\/hike-32-fiescheralp-bettmeralp-belalp-eggerberg\/img_5868\/\" data-orig-file=\"https:\/\/www.intellectualsovereignty.ch\/wp-content\/uploads\/2020\/08\/IMG_5868-scaled.jpeg\" data-orig-size=\"2560,1920\" data-comments-opened=\"0\" data-image-title=\"IMG_5868\" data-image-description=\"\" data-image-caption=\"\" data-large-file=\"https:\/\/www.intellectualsovereignty.ch\/wp-content\/uploads\/2020\/08\/IMG_5868-1024x768.jpeg\" src=\"https:\/\/www.intellectualsovereignty.ch\/wp-content\/uploads\/2020\/08\/IMG_5868-1024x768.jpeg\" alt=\"\" data-id=\"941\" data-full-url=\"https:\/\/www.intellectualsovereignty.ch\/wp-content\/uploads\/2020\/08\/IMG_5868-scaled.jpeg\" data-link=\"https:\/\/www.intellectualsovereignty.ch\/index.php\/2020\/08\/01\/hike-32-fiescheralp-bettmeralp-belalp-eggerberg\/img_5868\/\" class=\"wp-image-941\" srcset=\"https:\/\/www.intellectualsovereignty.ch\/wp-content\/uploads\/2020\/08\/IMG_5868-1024x768.jpeg 1024w, https:\/\/www.intellectualsovereignty.ch\/wp-content\/uploads\/2020\/08\/IMG_5868-300x225.jpeg 300w, https:\/\/www.intellectualsovereignty.ch\/wp-content\/uploads\/2020\/08\/IMG_5868-768x576.jpeg 768w, https:\/\/www.intellectualsovereignty.ch\/wp-content\/uploads\/2020\/08\/IMG_5868-1536x1152.jpeg 1536w, https:\/\/www.intellectualsovereignty.ch\/wp-content\/uploads\/2020\/08\/IMG_5868-2048x1536.jpeg 2048w, https:\/\/www.intellectualsovereignty.ch\/wp-content\/uploads\/2020\/08\/IMG_5868-1870x1403.jpeg 1870w, https:\/\/www.intellectualsovereignty.ch\/wp-content\/uploads\/2020\/08\/IMG_5868-400x300.jpeg 400w, https:\/\/www.intellectualsovereignty.ch\/wp-content\/uploads\/2020\/08\/IMG_5868-800x600.jpeg 800w\" sizes=\"auto, (max-width: 1024px) 100vw, 1024px\" \/><\/figure><\/li><li class=\"blocks-gallery-item\"><figure><img loading=\"lazy\" decoding=\"async\" width=\"1024\" height=\"768\" data-attachment-id=\"942\" data-permalink=\"https:\/\/www.intellectualsovereignty.ch\/index.php\/2020\/08\/01\/hike-32-fiescheralp-bettmeralp-belalp-eggerberg\/img_5871\/\" data-orig-file=\"https:\/\/www.intellectualsovereignty.ch\/wp-content\/uploads\/2020\/08\/IMG_5871-scaled.jpeg\" data-orig-size=\"2560,1920\" data-comments-opened=\"0\" data-image-title=\"IMG_5871\" data-image-description=\"\" data-image-caption=\"\" data-large-file=\"https:\/\/www.intellectualsovereignty.ch\/wp-content\/uploads\/2020\/08\/IMG_5871-1024x768.jpeg\" src=\"https:\/\/www.intellectualsovereignty.ch\/wp-content\/uploads\/2020\/08\/IMG_5871-1024x768.jpeg\" alt=\"\" data-id=\"942\" data-full-url=\"https:\/\/www.intellectualsovereignty.ch\/wp-content\/uploads\/2020\/08\/IMG_5871-scaled.jpeg\" data-link=\"https:\/\/www.intellectualsovereignty.ch\/index.php\/2020\/08\/01\/hike-32-fiescheralp-bettmeralp-belalp-eggerberg\/img_5871\/\" class=\"wp-image-942\" srcset=\"https:\/\/www.intellectualsovereignty.ch\/wp-content\/uploads\/2020\/08\/IMG_5871-1024x768.jpeg 1024w, https:\/\/www.intellectualsovereignty.ch\/wp-content\/uploads\/2020\/08\/IMG_5871-300x225.jpeg 300w, https:\/\/www.intellectualsovereignty.ch\/wp-content\/uploads\/2020\/08\/IMG_5871-768x576.jpeg 768w, https:\/\/www.intellectualsovereignty.ch\/wp-content\/uploads\/2020\/08\/IMG_5871-1536x1152.jpeg 1536w, https:\/\/www.intellectualsovereignty.ch\/wp-content\/uploads\/2020\/08\/IMG_5871-2048x1536.jpeg 2048w, https:\/\/www.intellectualsovereignty.ch\/wp-content\/uploads\/2020\/08\/IMG_5871-1870x1403.jpeg 1870w, https:\/\/www.intellectualsovereignty.ch\/wp-content\/uploads\/2020\/08\/IMG_5871-400x300.jpeg 400w, https:\/\/www.intellectualsovereignty.ch\/wp-content\/uploads\/2020\/08\/IMG_5871-800x600.jpeg 800w\" sizes=\"auto, (max-width: 1024px) 100vw, 1024px\" \/><\/figure><\/li><li class=\"blocks-gallery-item\"><figure><img loading=\"lazy\" decoding=\"async\" width=\"1024\" height=\"768\" data-attachment-id=\"943\" data-permalink=\"https:\/\/www.intellectualsovereignty.ch\/index.php\/2020\/08\/01\/hike-32-fiescheralp-bettmeralp-belalp-eggerberg\/img_0882\/\" data-orig-file=\"https:\/\/www.intellectualsovereignty.ch\/wp-content\/uploads\/2020\/08\/IMG_0882-scaled.jpeg\" data-orig-size=\"2560,1920\" data-comments-opened=\"0\" data-image-title=\"IMG_0882\" data-image-description=\"\" data-image-caption=\"\" data-large-file=\"https:\/\/www.intellectualsovereignty.ch\/wp-content\/uploads\/2020\/08\/IMG_0882-1024x768.jpeg\" src=\"https:\/\/www.intellectualsovereignty.ch\/wp-content\/uploads\/2020\/08\/IMG_0882-1024x768.jpeg\" alt=\"\" data-id=\"943\" data-full-url=\"https:\/\/www.intellectualsovereignty.ch\/wp-content\/uploads\/2020\/08\/IMG_0882-scaled.jpeg\" data-link=\"https:\/\/www.intellectualsovereignty.ch\/index.php\/2020\/08\/01\/hike-32-fiescheralp-bettmeralp-belalp-eggerberg\/img_0882\/\" class=\"wp-image-943\" srcset=\"https:\/\/www.intellectualsovereignty.ch\/wp-content\/uploads\/2020\/08\/IMG_0882-1024x768.jpeg 1024w, https:\/\/www.intellectualsovereignty.ch\/wp-content\/uploads\/2020\/08\/IMG_0882-300x225.jpeg 300w, https:\/\/www.intellectualsovereignty.ch\/wp-content\/uploads\/2020\/08\/IMG_0882-768x576.jpeg 768w, https:\/\/www.intellectualsovereignty.ch\/wp-content\/uploads\/2020\/08\/IMG_0882-1536x1152.jpeg 1536w, https:\/\/www.intellectualsovereignty.ch\/wp-content\/uploads\/2020\/08\/IMG_0882-2048x1536.jpeg 2048w, https:\/\/www.intellectualsovereignty.ch\/wp-content\/uploads\/2020\/08\/IMG_0882-1870x1403.jpeg 1870w, https:\/\/www.intellectualsovereignty.ch\/wp-content\/uploads\/2020\/08\/IMG_0882-400x300.jpeg 400w, https:\/\/www.intellectualsovereignty.ch\/wp-content\/uploads\/2020\/08\/IMG_0882-800x600.jpeg 800w\" sizes=\"auto, (max-width: 1024px) 100vw, 1024px\" \/><\/figure><\/li><li class=\"blocks-gallery-item\"><figure><img loading=\"lazy\" decoding=\"async\" width=\"1024\" height=\"315\" data-attachment-id=\"944\" data-permalink=\"https:\/\/www.intellectualsovereignty.ch\/index.php\/2020\/08\/01\/hike-32-fiescheralp-bettmeralp-belalp-eggerberg\/img_0883\/\" data-orig-file=\"https:\/\/www.intellectualsovereignty.ch\/wp-content\/uploads\/2020\/08\/IMG_0883-scaled.jpeg\" data-orig-size=\"2560,787\" data-comments-opened=\"0\" data-image-title=\"IMG_0883\" data-image-description=\"\" data-image-caption=\"\" data-large-file=\"https:\/\/www.intellectualsovereignty.ch\/wp-content\/uploads\/2020\/08\/IMG_0883-1024x315.jpeg\" src=\"https:\/\/www.intellectualsovereignty.ch\/wp-content\/uploads\/2020\/08\/IMG_0883-1024x315.jpeg\" alt=\"\" data-id=\"944\" data-full-url=\"https:\/\/www.intellectualsovereignty.ch\/wp-content\/uploads\/2020\/08\/IMG_0883-scaled.jpeg\" data-link=\"https:\/\/www.intellectualsovereignty.ch\/index.php\/2020\/08\/01\/hike-32-fiescheralp-bettmeralp-belalp-eggerberg\/img_0883\/\" class=\"wp-image-944\" srcset=\"https:\/\/www.intellectualsovereignty.ch\/wp-content\/uploads\/2020\/08\/IMG_0883-1024x315.jpeg 1024w, https:\/\/www.intellectualsovereignty.ch\/wp-content\/uploads\/2020\/08\/IMG_0883-300x92.jpeg 300w, https:\/\/www.intellectualsovereignty.ch\/wp-content\/uploads\/2020\/08\/IMG_0883-768x236.jpeg 768w, https:\/\/www.intellectualsovereignty.ch\/wp-content\/uploads\/2020\/08\/IMG_0883-1536x472.jpeg 1536w, https:\/\/www.intellectualsovereignty.ch\/wp-content\/uploads\/2020\/08\/IMG_0883-2048x630.jpeg 2048w, https:\/\/www.intellectualsovereignty.ch\/wp-content\/uploads\/2020\/08\/IMG_0883-1870x575.jpeg 1870w, https:\/\/www.intellectualsovereignty.ch\/wp-content\/uploads\/2020\/08\/IMG_0883-400x123.jpeg 400w, https:\/\/www.intellectualsovereignty.ch\/wp-content\/uploads\/2020\/08\/IMG_0883-800x246.jpeg 800w\" sizes=\"auto, (max-width: 1024px) 100vw, 1024px\" \/><\/figure><\/li><li class=\"blocks-gallery-item\"><figure><img loading=\"lazy\" decoding=\"async\" width=\"768\" height=\"1024\" data-attachment-id=\"945\" data-permalink=\"https:\/\/www.intellectualsovereignty.ch\/index.php\/2020\/08\/01\/hike-32-fiescheralp-bettmeralp-belalp-eggerberg\/img_0884\/\" data-orig-file=\"https:\/\/www.intellectualsovereignty.ch\/wp-content\/uploads\/2020\/08\/IMG_0884-scaled.jpeg\" data-orig-size=\"1920,2560\" data-comments-opened=\"0\" data-image-title=\"IMG_0884\" data-image-description=\"\" data-image-caption=\"\" data-large-file=\"https:\/\/www.intellectualsovereignty.ch\/wp-content\/uploads\/2020\/08\/IMG_0884-768x1024.jpeg\" src=\"https:\/\/www.intellectualsovereignty.ch\/wp-content\/uploads\/2020\/08\/IMG_0884-768x1024.jpeg\" alt=\"\" data-id=\"945\" data-full-url=\"https:\/\/www.intellectualsovereignty.ch\/wp-content\/uploads\/2020\/08\/IMG_0884-scaled.jpeg\" data-link=\"https:\/\/www.intellectualsovereignty.ch\/index.php\/2020\/08\/01\/hike-32-fiescheralp-bettmeralp-belalp-eggerberg\/img_0884\/\" class=\"wp-image-945\" srcset=\"https:\/\/www.intellectualsovereignty.ch\/wp-content\/uploads\/2020\/08\/IMG_0884-768x1024.jpeg 768w, https:\/\/www.intellectualsovereignty.ch\/wp-content\/uploads\/2020\/08\/IMG_0884-225x300.jpeg 225w, https:\/\/www.intellectualsovereignty.ch\/wp-content\/uploads\/2020\/08\/IMG_0884-1152x1536.jpeg 1152w, https:\/\/www.intellectualsovereignty.ch\/wp-content\/uploads\/2020\/08\/IMG_0884-1536x2048.jpeg 1536w, https:\/\/www.intellectualsovereignty.ch\/wp-content\/uploads\/2020\/08\/IMG_0884-1870x2493.jpeg 1870w, https:\/\/www.intellectualsovereignty.ch\/wp-content\/uploads\/2020\/08\/IMG_0884-400x533.jpeg 400w, https:\/\/www.intellectualsovereignty.ch\/wp-content\/uploads\/2020\/08\/IMG_0884-800x1067.jpeg 800w, https:\/\/www.intellectualsovereignty.ch\/wp-content\/uploads\/2020\/08\/IMG_0884-scaled.jpeg 1920w\" sizes=\"auto, (max-width: 768px) 100vw, 768px\" \/><\/figure><\/li><li class=\"blocks-gallery-item\"><figure><img loading=\"lazy\" decoding=\"async\" width=\"1024\" height=\"768\" data-attachment-id=\"946\" data-permalink=\"https:\/\/www.intellectualsovereignty.ch\/index.php\/2020\/08\/01\/hike-32-fiescheralp-bettmeralp-belalp-eggerberg\/img_0885\/\" data-orig-file=\"https:\/\/www.intellectualsovereignty.ch\/wp-content\/uploads\/2020\/08\/IMG_0885-scaled.jpeg\" data-orig-size=\"2560,1920\" data-comments-opened=\"0\" data-image-title=\"IMG_0885\" data-image-description=\"\" data-image-caption=\"\" data-large-file=\"https:\/\/www.intellectualsovereignty.ch\/wp-content\/uploads\/2020\/08\/IMG_0885-1024x768.jpeg\" src=\"https:\/\/www.intellectualsovereignty.ch\/wp-content\/uploads\/2020\/08\/IMG_0885-1024x768.jpeg\" alt=\"\" data-id=\"946\" data-full-url=\"https:\/\/www.intellectualsovereignty.ch\/wp-content\/uploads\/2020\/08\/IMG_0885-scaled.jpeg\" data-link=\"https:\/\/www.intellectualsovereignty.ch\/index.php\/2020\/08\/01\/hike-32-fiescheralp-bettmeralp-belalp-eggerberg\/img_0885\/\" class=\"wp-image-946\" srcset=\"https:\/\/www.intellectualsovereignty.ch\/wp-content\/uploads\/2020\/08\/IMG_0885-1024x768.jpeg 1024w, https:\/\/www.intellectualsovereignty.ch\/wp-content\/uploads\/2020\/08\/IMG_0885-300x225.jpeg 300w, https:\/\/www.intellectualsovereignty.ch\/wp-content\/uploads\/2020\/08\/IMG_0885-768x576.jpeg 768w, https:\/\/www.intellectualsovereignty.ch\/wp-content\/uploads\/2020\/08\/IMG_0885-1536x1152.jpeg 1536w, https:\/\/www.intellectualsovereignty.ch\/wp-content\/uploads\/2020\/08\/IMG_0885-2048x1536.jpeg 2048w, https:\/\/www.intellectualsovereignty.ch\/wp-content\/uploads\/2020\/08\/IMG_0885-1870x1403.jpeg 1870w, https:\/\/www.intellectualsovereignty.ch\/wp-content\/uploads\/2020\/08\/IMG_0885-400x300.jpeg 400w, https:\/\/www.intellectualsovereignty.ch\/wp-content\/uploads\/2020\/08\/IMG_0885-800x600.jpeg 800w\" sizes=\"auto, (max-width: 1024px) 100vw, 1024px\" \/><\/figure><\/li><li class=\"blocks-gallery-item\"><figure><img loading=\"lazy\" decoding=\"async\" width=\"1024\" height=\"768\" data-attachment-id=\"947\" data-permalink=\"https:\/\/www.intellectualsovereignty.ch\/index.php\/2020\/08\/01\/hike-32-fiescheralp-bettmeralp-belalp-eggerberg\/img_0886\/\" data-orig-file=\"https:\/\/www.intellectualsovereignty.ch\/wp-content\/uploads\/2020\/08\/IMG_0886-scaled.jpeg\" data-orig-size=\"2560,1920\" data-comments-opened=\"0\" data-image-title=\"IMG_0886\" data-image-description=\"\" data-image-caption=\"\" data-large-file=\"https:\/\/www.intellectualsovereignty.ch\/wp-content\/uploads\/2020\/08\/IMG_0886-1024x768.jpeg\" src=\"https:\/\/www.intellectualsovereignty.ch\/wp-content\/uploads\/2020\/08\/IMG_0886-1024x768.jpeg\" alt=\"\" data-id=\"947\" data-full-url=\"https:\/\/www.intellectualsovereignty.ch\/wp-content\/uploads\/2020\/08\/IMG_0886-scaled.jpeg\" data-link=\"https:\/\/www.intellectualsovereignty.ch\/index.php\/2020\/08\/01\/hike-32-fiescheralp-bettmeralp-belalp-eggerberg\/img_0886\/\" class=\"wp-image-947\" srcset=\"https:\/\/www.intellectualsovereignty.ch\/wp-content\/uploads\/2020\/08\/IMG_0886-1024x768.jpeg 1024w, https:\/\/www.intellectualsovereignty.ch\/wp-content\/uploads\/2020\/08\/IMG_0886-300x225.jpeg 300w, https:\/\/www.intellectualsovereignty.ch\/wp-content\/uploads\/2020\/08\/IMG_0886-768x576.jpeg 768w, https:\/\/www.intellectualsovereignty.ch\/wp-content\/uploads\/2020\/08\/IMG_0886-1536x1152.jpeg 1536w, https:\/\/www.intellectualsovereignty.ch\/wp-content\/uploads\/2020\/08\/IMG_0886-2048x1536.jpeg 2048w, https:\/\/www.intellectualsovereignty.ch\/wp-content\/uploads\/2020\/08\/IMG_0886-1870x1403.jpeg 1870w, https:\/\/www.intellectualsovereignty.ch\/wp-content\/uploads\/2020\/08\/IMG_0886-400x300.jpeg 400w, https:\/\/www.intellectualsovereignty.ch\/wp-content\/uploads\/2020\/08\/IMG_0886-800x600.jpeg 800w\" sizes=\"auto, (max-width: 1024px) 100vw, 1024px\" \/><\/figure><\/li><li class=\"blocks-gallery-item\"><figure><img loading=\"lazy\" decoding=\"async\" width=\"768\" height=\"1024\" data-attachment-id=\"948\" data-permalink=\"https:\/\/www.intellectualsovereignty.ch\/index.php\/2020\/08\/01\/hike-32-fiescheralp-bettmeralp-belalp-eggerberg\/img_0889\/\" data-orig-file=\"https:\/\/www.intellectualsovereignty.ch\/wp-content\/uploads\/2020\/08\/IMG_0889-scaled.jpeg\" data-orig-size=\"1920,2560\" data-comments-opened=\"0\" data-image-title=\"IMG_0889\" data-image-description=\"\" data-image-caption=\"\" data-large-file=\"https:\/\/www.intellectualsovereignty.ch\/wp-content\/uploads\/2020\/08\/IMG_0889-768x1024.jpeg\" src=\"https:\/\/www.intellectualsovereignty.ch\/wp-content\/uploads\/2020\/08\/IMG_0889-768x1024.jpeg\" alt=\"\" data-id=\"948\" data-full-url=\"https:\/\/www.intellectualsovereignty.ch\/wp-content\/uploads\/2020\/08\/IMG_0889-scaled.jpeg\" data-link=\"https:\/\/www.intellectualsovereignty.ch\/index.php\/2020\/08\/01\/hike-32-fiescheralp-bettmeralp-belalp-eggerberg\/img_0889\/\" class=\"wp-image-948\" srcset=\"https:\/\/www.intellectualsovereignty.ch\/wp-content\/uploads\/2020\/08\/IMG_0889-768x1024.jpeg 768w, https:\/\/www.intellectualsovereignty.ch\/wp-content\/uploads\/2020\/08\/IMG_0889-225x300.jpeg 225w, https:\/\/www.intellectualsovereignty.ch\/wp-content\/uploads\/2020\/08\/IMG_0889-1152x1536.jpeg 1152w, https:\/\/www.intellectualsovereignty.ch\/wp-content\/uploads\/2020\/08\/IMG_0889-1536x2048.jpeg 1536w, https:\/\/www.intellectualsovereignty.ch\/wp-content\/uploads\/2020\/08\/IMG_0889-1870x2493.jpeg 1870w, https:\/\/www.intellectualsovereignty.ch\/wp-content\/uploads\/2020\/08\/IMG_0889-400x533.jpeg 400w, https:\/\/www.intellectualsovereignty.ch\/wp-content\/uploads\/2020\/08\/IMG_0889-800x1067.jpeg 800w, https:\/\/www.intellectualsovereignty.ch\/wp-content\/uploads\/2020\/08\/IMG_0889-scaled.jpeg 1920w\" sizes=\"auto, (max-width: 768px) 100vw, 768px\" \/><\/figure><\/li><li class=\"blocks-gallery-item\"><figure><img loading=\"lazy\" decoding=\"async\" width=\"1024\" height=\"768\" data-attachment-id=\"949\" data-permalink=\"https:\/\/www.intellectualsovereignty.ch\/index.php\/2020\/08\/01\/hike-32-fiescheralp-bettmeralp-belalp-eggerberg\/img_5884\/\" data-orig-file=\"https:\/\/www.intellectualsovereignty.ch\/wp-content\/uploads\/2020\/08\/IMG_5884-scaled.jpeg\" data-orig-size=\"2560,1920\" data-comments-opened=\"0\" data-image-title=\"IMG_5884\" data-image-description=\"\" data-image-caption=\"\" data-large-file=\"https:\/\/www.intellectualsovereignty.ch\/wp-content\/uploads\/2020\/08\/IMG_5884-1024x768.jpeg\" src=\"https:\/\/www.intellectualsovereignty.ch\/wp-content\/uploads\/2020\/08\/IMG_5884-1024x768.jpeg\" alt=\"\" data-id=\"949\" data-full-url=\"https:\/\/www.intellectualsovereignty.ch\/wp-content\/uploads\/2020\/08\/IMG_5884-scaled.jpeg\" data-link=\"https:\/\/www.intellectualsovereignty.ch\/index.php\/2020\/08\/01\/hike-32-fiescheralp-bettmeralp-belalp-eggerberg\/img_5884\/\" class=\"wp-image-949\" srcset=\"https:\/\/www.intellectualsovereignty.ch\/wp-content\/uploads\/2020\/08\/IMG_5884-1024x768.jpeg 1024w, https:\/\/www.intellectualsovereignty.ch\/wp-content\/uploads\/2020\/08\/IMG_5884-300x225.jpeg 300w, https:\/\/www.intellectualsovereignty.ch\/wp-content\/uploads\/2020\/08\/IMG_5884-768x576.jpeg 768w, https:\/\/www.intellectualsovereignty.ch\/wp-content\/uploads\/2020\/08\/IMG_5884-1536x1152.jpeg 1536w, https:\/\/www.intellectualsovereignty.ch\/wp-content\/uploads\/2020\/08\/IMG_5884-2048x1536.jpeg 2048w, https:\/\/www.intellectualsovereignty.ch\/wp-content\/uploads\/2020\/08\/IMG_5884-1870x1403.jpeg 1870w, https:\/\/www.intellectualsovereignty.ch\/wp-content\/uploads\/2020\/08\/IMG_5884-400x300.jpeg 400w, https:\/\/www.intellectualsovereignty.ch\/wp-content\/uploads\/2020\/08\/IMG_5884-800x600.jpeg 800w\" sizes=\"auto, (max-width: 1024px) 100vw, 1024px\" \/><\/figure><\/li><li class=\"blocks-gallery-item\"><figure><img loading=\"lazy\" decoding=\"async\" width=\"768\" height=\"1024\" data-attachment-id=\"950\" data-permalink=\"https:\/\/www.intellectualsovereignty.ch\/index.php\/2020\/08\/01\/hike-32-fiescheralp-bettmeralp-belalp-eggerberg\/img_0890\/\" data-orig-file=\"https:\/\/www.intellectualsovereignty.ch\/wp-content\/uploads\/2020\/08\/IMG_0890-scaled.jpeg\" data-orig-size=\"1920,2560\" data-comments-opened=\"0\" data-image-title=\"IMG_0890\" data-image-description=\"\" data-image-caption=\"\" data-large-file=\"https:\/\/www.intellectualsovereignty.ch\/wp-content\/uploads\/2020\/08\/IMG_0890-768x1024.jpeg\" src=\"https:\/\/www.intellectualsovereignty.ch\/wp-content\/uploads\/2020\/08\/IMG_0890-768x1024.jpeg\" alt=\"\" data-id=\"950\" data-full-url=\"https:\/\/www.intellectualsovereignty.ch\/wp-content\/uploads\/2020\/08\/IMG_0890-scaled.jpeg\" data-link=\"https:\/\/www.intellectualsovereignty.ch\/index.php\/2020\/08\/01\/hike-32-fiescheralp-bettmeralp-belalp-eggerberg\/img_0890\/\" class=\"wp-image-950\" srcset=\"https:\/\/www.intellectualsovereignty.ch\/wp-content\/uploads\/2020\/08\/IMG_0890-768x1024.jpeg 768w, https:\/\/www.intellectualsovereignty.ch\/wp-content\/uploads\/2020\/08\/IMG_0890-225x300.jpeg 225w, https:\/\/www.intellectualsovereignty.ch\/wp-content\/uploads\/2020\/08\/IMG_0890-1152x1536.jpeg 1152w, https:\/\/www.intellectualsovereignty.ch\/wp-content\/uploads\/2020\/08\/IMG_0890-1536x2048.jpeg 1536w, https:\/\/www.intellectualsovereignty.ch\/wp-content\/uploads\/2020\/08\/IMG_0890-1870x2493.jpeg 1870w, https:\/\/www.intellectualsovereignty.ch\/wp-content\/uploads\/2020\/08\/IMG_0890-400x533.jpeg 400w, https:\/\/www.intellectualsovereignty.ch\/wp-content\/uploads\/2020\/08\/IMG_0890-800x1067.jpeg 800w, https:\/\/www.intellectualsovereignty.ch\/wp-content\/uploads\/2020\/08\/IMG_0890-scaled.jpeg 1920w\" sizes=\"auto, (max-width: 768px) 100vw, 768px\" \/><\/figure><\/li><li class=\"blocks-gallery-item\"><figure><img loading=\"lazy\" decoding=\"async\" width=\"769\" height=\"1024\" data-attachment-id=\"951\" data-permalink=\"https:\/\/www.intellectualsovereignty.ch\/index.php\/2020\/08\/01\/hike-32-fiescheralp-bettmeralp-belalp-eggerberg\/img_5893\/\" data-orig-file=\"https:\/\/www.intellectualsovereignty.ch\/wp-content\/uploads\/2020\/08\/IMG_5893-scaled.jpeg\" data-orig-size=\"1923,2560\" data-comments-opened=\"0\" data-image-title=\"IMG_5893\" data-image-description=\"\" data-image-caption=\"\" data-large-file=\"https:\/\/www.intellectualsovereignty.ch\/wp-content\/uploads\/2020\/08\/IMG_5893-769x1024.jpeg\" src=\"https:\/\/www.intellectualsovereignty.ch\/wp-content\/uploads\/2020\/08\/IMG_5893-769x1024.jpeg\" alt=\"\" data-id=\"951\" data-full-url=\"https:\/\/www.intellectualsovereignty.ch\/wp-content\/uploads\/2020\/08\/IMG_5893-scaled.jpeg\" data-link=\"https:\/\/www.intellectualsovereignty.ch\/index.php\/2020\/08\/01\/hike-32-fiescheralp-bettmeralp-belalp-eggerberg\/img_5893\/\" class=\"wp-image-951\" srcset=\"https:\/\/www.intellectualsovereignty.ch\/wp-content\/uploads\/2020\/08\/IMG_5893-769x1024.jpeg 769w, https:\/\/www.intellectualsovereignty.ch\/wp-content\/uploads\/2020\/08\/IMG_5893-225x300.jpeg 225w, https:\/\/www.intellectualsovereignty.ch\/wp-content\/uploads\/2020\/08\/IMG_5893-768x1022.jpeg 768w, https:\/\/www.intellectualsovereignty.ch\/wp-content\/uploads\/2020\/08\/IMG_5893-1154x1536.jpeg 1154w, https:\/\/www.intellectualsovereignty.ch\/wp-content\/uploads\/2020\/08\/IMG_5893-1539x2048.jpeg 1539w, https:\/\/www.intellectualsovereignty.ch\/wp-content\/uploads\/2020\/08\/IMG_5893-1870x2489.jpeg 1870w, https:\/\/www.intellectualsovereignty.ch\/wp-content\/uploads\/2020\/08\/IMG_5893-400x532.jpeg 400w, https:\/\/www.intellectualsovereignty.ch\/wp-content\/uploads\/2020\/08\/IMG_5893-800x1065.jpeg 800w, https:\/\/www.intellectualsovereignty.ch\/wp-content\/uploads\/2020\/08\/IMG_5893-scaled.jpeg 1923w\" sizes=\"auto, (max-width: 769px) 100vw, 769px\" \/><\/figure><\/li><li class=\"blocks-gallery-item\"><figure><img loading=\"lazy\" decoding=\"async\" width=\"1024\" height=\"768\" data-attachment-id=\"952\" data-permalink=\"https:\/\/www.intellectualsovereignty.ch\/index.php\/2020\/08\/01\/hike-32-fiescheralp-bettmeralp-belalp-eggerberg\/img_0892\/\" data-orig-file=\"https:\/\/www.intellectualsovereignty.ch\/wp-content\/uploads\/2020\/08\/IMG_0892-scaled.jpeg\" data-orig-size=\"2560,1920\" data-comments-opened=\"0\" data-image-title=\"IMG_0892\" data-image-description=\"\" data-image-caption=\"\" data-large-file=\"https:\/\/www.intellectualsovereignty.ch\/wp-content\/uploads\/2020\/08\/IMG_0892-1024x768.jpeg\" src=\"https:\/\/www.intellectualsovereignty.ch\/wp-content\/uploads\/2020\/08\/IMG_0892-1024x768.jpeg\" alt=\"\" data-id=\"952\" data-full-url=\"https:\/\/www.intellectualsovereignty.ch\/wp-content\/uploads\/2020\/08\/IMG_0892-scaled.jpeg\" data-link=\"https:\/\/www.intellectualsovereignty.ch\/index.php\/2020\/08\/01\/hike-32-fiescheralp-bettmeralp-belalp-eggerberg\/img_0892\/\" class=\"wp-image-952\" srcset=\"https:\/\/www.intellectualsovereignty.ch\/wp-content\/uploads\/2020\/08\/IMG_0892-1024x768.jpeg 1024w, https:\/\/www.intellectualsovereignty.ch\/wp-content\/uploads\/2020\/08\/IMG_0892-300x225.jpeg 300w, https:\/\/www.intellectualsovereignty.ch\/wp-content\/uploads\/2020\/08\/IMG_0892-768x576.jpeg 768w, https:\/\/www.intellectualsovereignty.ch\/wp-content\/uploads\/2020\/08\/IMG_0892-1536x1152.jpeg 1536w, https:\/\/www.intellectualsovereignty.ch\/wp-content\/uploads\/2020\/08\/IMG_0892-2048x1536.jpeg 2048w, https:\/\/www.intellectualsovereignty.ch\/wp-content\/uploads\/2020\/08\/IMG_0892-1870x1403.jpeg 1870w, https:\/\/www.intellectualsovereignty.ch\/wp-content\/uploads\/2020\/08\/IMG_0892-400x300.jpeg 400w, https:\/\/www.intellectualsovereignty.ch\/wp-content\/uploads\/2020\/08\/IMG_0892-800x600.jpeg 800w\" sizes=\"auto, (max-width: 1024px) 100vw, 1024px\" \/><\/figure><\/li><li class=\"blocks-gallery-item\"><figure><img loading=\"lazy\" decoding=\"async\" width=\"1024\" height=\"768\" data-attachment-id=\"953\" data-permalink=\"https:\/\/www.intellectualsovereignty.ch\/index.php\/2020\/08\/01\/hike-32-fiescheralp-bettmeralp-belalp-eggerberg\/img_0893\/\" data-orig-file=\"https:\/\/www.intellectualsovereignty.ch\/wp-content\/uploads\/2020\/08\/IMG_0893-scaled.jpeg\" data-orig-size=\"2560,1920\" data-comments-opened=\"0\" data-image-title=\"IMG_0893\" data-image-description=\"\" data-image-caption=\"\" data-large-file=\"https:\/\/www.intellectualsovereignty.ch\/wp-content\/uploads\/2020\/08\/IMG_0893-1024x768.jpeg\" src=\"https:\/\/www.intellectualsovereignty.ch\/wp-content\/uploads\/2020\/08\/IMG_0893-1024x768.jpeg\" alt=\"\" data-id=\"953\" data-full-url=\"https:\/\/www.intellectualsovereignty.ch\/wp-content\/uploads\/2020\/08\/IMG_0893-scaled.jpeg\" data-link=\"https:\/\/www.intellectualsovereignty.ch\/index.php\/2020\/08\/01\/hike-32-fiescheralp-bettmeralp-belalp-eggerberg\/img_0893\/\" class=\"wp-image-953\" srcset=\"https:\/\/www.intellectualsovereignty.ch\/wp-content\/uploads\/2020\/08\/IMG_0893-1024x768.jpeg 1024w, https:\/\/www.intellectualsovereignty.ch\/wp-content\/uploads\/2020\/08\/IMG_0893-300x225.jpeg 300w, https:\/\/www.intellectualsovereignty.ch\/wp-content\/uploads\/2020\/08\/IMG_0893-768x576.jpeg 768w, https:\/\/www.intellectualsovereignty.ch\/wp-content\/uploads\/2020\/08\/IMG_0893-1536x1152.jpeg 1536w, https:\/\/www.intellectualsovereignty.ch\/wp-content\/uploads\/2020\/08\/IMG_0893-2048x1536.jpeg 2048w, https:\/\/www.intellectualsovereignty.ch\/wp-content\/uploads\/2020\/08\/IMG_0893-1870x1403.jpeg 1870w, https:\/\/www.intellectualsovereignty.ch\/wp-content\/uploads\/2020\/08\/IMG_0893-400x300.jpeg 400w, https:\/\/www.intellectualsovereignty.ch\/wp-content\/uploads\/2020\/08\/IMG_0893-800x600.jpeg 800w\" sizes=\"auto, (max-width: 1024px) 100vw, 1024px\" \/><\/figure><\/li><li class=\"blocks-gallery-item\"><figure><img loading=\"lazy\" decoding=\"async\" width=\"1024\" height=\"768\" data-attachment-id=\"954\" data-permalink=\"https:\/\/www.intellectualsovereignty.ch\/index.php\/2020\/08\/01\/hike-32-fiescheralp-bettmeralp-belalp-eggerberg\/img_0894\/\" data-orig-file=\"https:\/\/www.intellectualsovereignty.ch\/wp-content\/uploads\/2020\/08\/IMG_0894-scaled.jpeg\" data-orig-size=\"2560,1920\" data-comments-opened=\"0\" data-image-title=\"IMG_0894\" data-image-description=\"\" data-image-caption=\"\" data-large-file=\"https:\/\/www.intellectualsovereignty.ch\/wp-content\/uploads\/2020\/08\/IMG_0894-1024x768.jpeg\" src=\"https:\/\/www.intellectualsovereignty.ch\/wp-content\/uploads\/2020\/08\/IMG_0894-1024x768.jpeg\" alt=\"\" data-id=\"954\" data-full-url=\"https:\/\/www.intellectualsovereignty.ch\/wp-content\/uploads\/2020\/08\/IMG_0894-scaled.jpeg\" data-link=\"https:\/\/www.intellectualsovereignty.ch\/index.php\/2020\/08\/01\/hike-32-fiescheralp-bettmeralp-belalp-eggerberg\/img_0894\/\" class=\"wp-image-954\" srcset=\"https:\/\/www.intellectualsovereignty.ch\/wp-content\/uploads\/2020\/08\/IMG_0894-1024x768.jpeg 1024w, https:\/\/www.intellectualsovereignty.ch\/wp-content\/uploads\/2020\/08\/IMG_0894-300x225.jpeg 300w, https:\/\/www.intellectualsovereignty.ch\/wp-content\/uploads\/2020\/08\/IMG_0894-768x576.jpeg 768w, https:\/\/www.intellectualsovereignty.ch\/wp-content\/uploads\/2020\/08\/IMG_0894-1536x1152.jpeg 1536w, https:\/\/www.intellectualsovereignty.ch\/wp-content\/uploads\/2020\/08\/IMG_0894-2048x1536.jpeg 2048w, https:\/\/www.intellectualsovereignty.ch\/wp-content\/uploads\/2020\/08\/IMG_0894-1870x1403.jpeg 1870w, https:\/\/www.intellectualsovereignty.ch\/wp-content\/uploads\/2020\/08\/IMG_0894-400x300.jpeg 400w, https:\/\/www.intellectualsovereignty.ch\/wp-content\/uploads\/2020\/08\/IMG_0894-800x600.jpeg 800w\" sizes=\"auto, (max-width: 1024px) 100vw, 1024px\" \/><\/figure><\/li><li class=\"blocks-gallery-item\"><figure><img loading=\"lazy\" decoding=\"async\" width=\"1024\" height=\"344\" data-attachment-id=\"955\" data-permalink=\"https:\/\/www.intellectualsovereignty.ch\/index.php\/2020\/08\/01\/hike-32-fiescheralp-bettmeralp-belalp-eggerberg\/img_0895\/\" data-orig-file=\"https:\/\/www.intellectualsovereignty.ch\/wp-content\/uploads\/2020\/08\/IMG_0895-scaled.jpeg\" data-orig-size=\"2560,859\" data-comments-opened=\"0\" data-image-title=\"IMG_0895\" data-image-description=\"\" data-image-caption=\"\" data-large-file=\"https:\/\/www.intellectualsovereignty.ch\/wp-content\/uploads\/2020\/08\/IMG_0895-1024x344.jpeg\" src=\"https:\/\/www.intellectualsovereignty.ch\/wp-content\/uploads\/2020\/08\/IMG_0895-1024x344.jpeg\" alt=\"\" data-id=\"955\" data-full-url=\"https:\/\/www.intellectualsovereignty.ch\/wp-content\/uploads\/2020\/08\/IMG_0895-scaled.jpeg\" data-link=\"https:\/\/www.intellectualsovereignty.ch\/index.php\/2020\/08\/01\/hike-32-fiescheralp-bettmeralp-belalp-eggerberg\/img_0895\/\" class=\"wp-image-955\" srcset=\"https:\/\/www.intellectualsovereignty.ch\/wp-content\/uploads\/2020\/08\/IMG_0895-1024x344.jpeg 1024w, https:\/\/www.intellectualsovereignty.ch\/wp-content\/uploads\/2020\/08\/IMG_0895-300x101.jpeg 300w, https:\/\/www.intellectualsovereignty.ch\/wp-content\/uploads\/2020\/08\/IMG_0895-768x258.jpeg 768w, https:\/\/www.intellectualsovereignty.ch\/wp-content\/uploads\/2020\/08\/IMG_0895-1536x516.jpeg 1536w, https:\/\/www.intellectualsovereignty.ch\/wp-content\/uploads\/2020\/08\/IMG_0895-2048x687.jpeg 2048w, https:\/\/www.intellectualsovereignty.ch\/wp-content\/uploads\/2020\/08\/IMG_0895-1870x628.jpeg 1870w, https:\/\/www.intellectualsovereignty.ch\/wp-content\/uploads\/2020\/08\/IMG_0895-400x134.jpeg 400w, https:\/\/www.intellectualsovereignty.ch\/wp-content\/uploads\/2020\/08\/IMG_0895-800x269.jpeg 800w\" sizes=\"auto, (max-width: 1024px) 100vw, 1024px\" \/><\/figure><\/li><\/ul><\/figure>\n\n\n\n<p class=\"wp-block-paragraph\">Auf dem Hohbalm auf knapp 2&#8217;500m.\u00fc.M. erreichen wir den h\u00f6chsten Punkt unserer Wanderung und blicken auf den Bettmersee sowie die Bettmeralp hinab. Ein paar Serpentinen trennen uns noch vom sch\u00f6nen Hotel Waldhaus mit seinen frisch renovierten Zimmern und dem Hotpot auf der Dachterrasse&#8230; Entspannung pur!<\/p>\n\n\n\n<figure class=\"wp-block-gallery columns-3 is-cropped wp-block-gallery-3 is-layout-flex wp-block-gallery-is-layout-flex\"><ul class=\"blocks-gallery-grid\"><li class=\"blocks-gallery-item\"><figure><img loading=\"lazy\" decoding=\"async\" width=\"1024\" height=\"768\" data-attachment-id=\"956\" data-permalink=\"https:\/\/www.intellectualsovereignty.ch\/index.php\/2020\/08\/01\/hike-32-fiescheralp-bettmeralp-belalp-eggerberg\/img_0896\/\" data-orig-file=\"https:\/\/www.intellectualsovereignty.ch\/wp-content\/uploads\/2020\/08\/IMG_0896-scaled.jpeg\" data-orig-size=\"2560,1920\" data-comments-opened=\"0\" data-image-title=\"IMG_0896\" data-image-description=\"\" data-image-caption=\"\" data-large-file=\"https:\/\/www.intellectualsovereignty.ch\/wp-content\/uploads\/2020\/08\/IMG_0896-1024x768.jpeg\" src=\"https:\/\/www.intellectualsovereignty.ch\/wp-content\/uploads\/2020\/08\/IMG_0896-1024x768.jpeg\" alt=\"\" data-id=\"956\" data-full-url=\"https:\/\/www.intellectualsovereignty.ch\/wp-content\/uploads\/2020\/08\/IMG_0896-scaled.jpeg\" data-link=\"https:\/\/www.intellectualsovereignty.ch\/index.php\/2020\/08\/01\/hike-32-fiescheralp-bettmeralp-belalp-eggerberg\/img_0896\/\" class=\"wp-image-956\" srcset=\"https:\/\/www.intellectualsovereignty.ch\/wp-content\/uploads\/2020\/08\/IMG_0896-1024x768.jpeg 1024w, https:\/\/www.intellectualsovereignty.ch\/wp-content\/uploads\/2020\/08\/IMG_0896-300x225.jpeg 300w, https:\/\/www.intellectualsovereignty.ch\/wp-content\/uploads\/2020\/08\/IMG_0896-768x576.jpeg 768w, https:\/\/www.intellectualsovereignty.ch\/wp-content\/uploads\/2020\/08\/IMG_0896-1536x1152.jpeg 1536w, https:\/\/www.intellectualsovereignty.ch\/wp-content\/uploads\/2020\/08\/IMG_0896-2048x1536.jpeg 2048w, https:\/\/www.intellectualsovereignty.ch\/wp-content\/uploads\/2020\/08\/IMG_0896-1870x1403.jpeg 1870w, https:\/\/www.intellectualsovereignty.ch\/wp-content\/uploads\/2020\/08\/IMG_0896-400x300.jpeg 400w, https:\/\/www.intellectualsovereignty.ch\/wp-content\/uploads\/2020\/08\/IMG_0896-800x600.jpeg 800w\" sizes=\"auto, (max-width: 1024px) 100vw, 1024px\" \/><\/figure><\/li><li class=\"blocks-gallery-item\"><figure><img loading=\"lazy\" decoding=\"async\" width=\"768\" height=\"1024\" data-attachment-id=\"957\" data-permalink=\"https:\/\/www.intellectualsovereignty.ch\/index.php\/2020\/08\/01\/hike-32-fiescheralp-bettmeralp-belalp-eggerberg\/img_0897\/\" data-orig-file=\"https:\/\/www.intellectualsovereignty.ch\/wp-content\/uploads\/2020\/08\/IMG_0897-scaled.jpeg\" data-orig-size=\"1920,2560\" data-comments-opened=\"0\" data-image-title=\"IMG_0897\" data-image-description=\"\" data-image-caption=\"\" data-large-file=\"https:\/\/www.intellectualsovereignty.ch\/wp-content\/uploads\/2020\/08\/IMG_0897-768x1024.jpeg\" src=\"https:\/\/www.intellectualsovereignty.ch\/wp-content\/uploads\/2020\/08\/IMG_0897-768x1024.jpeg\" alt=\"\" data-id=\"957\" data-full-url=\"https:\/\/www.intellectualsovereignty.ch\/wp-content\/uploads\/2020\/08\/IMG_0897-scaled.jpeg\" data-link=\"https:\/\/www.intellectualsovereignty.ch\/index.php\/2020\/08\/01\/hike-32-fiescheralp-bettmeralp-belalp-eggerberg\/img_0897\/\" class=\"wp-image-957\" srcset=\"https:\/\/www.intellectualsovereignty.ch\/wp-content\/uploads\/2020\/08\/IMG_0897-768x1024.jpeg 768w, https:\/\/www.intellectualsovereignty.ch\/wp-content\/uploads\/2020\/08\/IMG_0897-225x300.jpeg 225w, https:\/\/www.intellectualsovereignty.ch\/wp-content\/uploads\/2020\/08\/IMG_0897-1152x1536.jpeg 1152w, https:\/\/www.intellectualsovereignty.ch\/wp-content\/uploads\/2020\/08\/IMG_0897-1536x2048.jpeg 1536w, https:\/\/www.intellectualsovereignty.ch\/wp-content\/uploads\/2020\/08\/IMG_0897-1870x2493.jpeg 1870w, https:\/\/www.intellectualsovereignty.ch\/wp-content\/uploads\/2020\/08\/IMG_0897-400x533.jpeg 400w, https:\/\/www.intellectualsovereignty.ch\/wp-content\/uploads\/2020\/08\/IMG_0897-800x1067.jpeg 800w, https:\/\/www.intellectualsovereignty.ch\/wp-content\/uploads\/2020\/08\/IMG_0897-scaled.jpeg 1920w\" sizes=\"auto, (max-width: 768px) 100vw, 768px\" \/><\/figure><\/li><li class=\"blocks-gallery-item\"><figure><img loading=\"lazy\" decoding=\"async\" width=\"768\" height=\"1024\" data-attachment-id=\"958\" data-permalink=\"https:\/\/www.intellectualsovereignty.ch\/index.php\/2020\/08\/01\/hike-32-fiescheralp-bettmeralp-belalp-eggerberg\/img_0898\/\" data-orig-file=\"https:\/\/www.intellectualsovereignty.ch\/wp-content\/uploads\/2020\/08\/IMG_0898-scaled.jpeg\" data-orig-size=\"1920,2560\" data-comments-opened=\"0\" data-image-title=\"IMG_0898\" data-image-description=\"\" data-image-caption=\"\" data-large-file=\"https:\/\/www.intellectualsovereignty.ch\/wp-content\/uploads\/2020\/08\/IMG_0898-768x1024.jpeg\" src=\"https:\/\/www.intellectualsovereignty.ch\/wp-content\/uploads\/2020\/08\/IMG_0898-768x1024.jpeg\" alt=\"\" data-id=\"958\" data-full-url=\"https:\/\/www.intellectualsovereignty.ch\/wp-content\/uploads\/2020\/08\/IMG_0898-scaled.jpeg\" data-link=\"https:\/\/www.intellectualsovereignty.ch\/index.php\/2020\/08\/01\/hike-32-fiescheralp-bettmeralp-belalp-eggerberg\/img_0898\/\" class=\"wp-image-958\" srcset=\"https:\/\/www.intellectualsovereignty.ch\/wp-content\/uploads\/2020\/08\/IMG_0898-768x1024.jpeg 768w, https:\/\/www.intellectualsovereignty.ch\/wp-content\/uploads\/2020\/08\/IMG_0898-225x300.jpeg 225w, https:\/\/www.intellectualsovereignty.ch\/wp-content\/uploads\/2020\/08\/IMG_0898-1152x1536.jpeg 1152w, https:\/\/www.intellectualsovereignty.ch\/wp-content\/uploads\/2020\/08\/IMG_0898-1536x2048.jpeg 1536w, https:\/\/www.intellectualsovereignty.ch\/wp-content\/uploads\/2020\/08\/IMG_0898-1870x2493.jpeg 1870w, https:\/\/www.intellectualsovereignty.ch\/wp-content\/uploads\/2020\/08\/IMG_0898-400x533.jpeg 400w, https:\/\/www.intellectualsovereignty.ch\/wp-content\/uploads\/2020\/08\/IMG_0898-800x1067.jpeg 800w, https:\/\/www.intellectualsovereignty.ch\/wp-content\/uploads\/2020\/08\/IMG_0898-scaled.jpeg 1920w\" sizes=\"auto, (max-width: 768px) 100vw, 768px\" \/><\/figure><\/li><li class=\"blocks-gallery-item\"><figure><img loading=\"lazy\" decoding=\"async\" width=\"1024\" height=\"768\" data-attachment-id=\"959\" data-permalink=\"https:\/\/www.intellectualsovereignty.ch\/index.php\/2020\/08\/01\/hike-32-fiescheralp-bettmeralp-belalp-eggerberg\/img_0899\/\" data-orig-file=\"https:\/\/www.intellectualsovereignty.ch\/wp-content\/uploads\/2020\/08\/IMG_0899-scaled.jpeg\" data-orig-size=\"2560,1920\" data-comments-opened=\"0\" data-image-title=\"IMG_0899\" data-image-description=\"\" data-image-caption=\"\" data-large-file=\"https:\/\/www.intellectualsovereignty.ch\/wp-content\/uploads\/2020\/08\/IMG_0899-1024x768.jpeg\" src=\"https:\/\/www.intellectualsovereignty.ch\/wp-content\/uploads\/2020\/08\/IMG_0899-1024x768.jpeg\" alt=\"\" data-id=\"959\" data-full-url=\"https:\/\/www.intellectualsovereignty.ch\/wp-content\/uploads\/2020\/08\/IMG_0899-scaled.jpeg\" data-link=\"https:\/\/www.intellectualsovereignty.ch\/index.php\/2020\/08\/01\/hike-32-fiescheralp-bettmeralp-belalp-eggerberg\/img_0899\/\" class=\"wp-image-959\" srcset=\"https:\/\/www.intellectualsovereignty.ch\/wp-content\/uploads\/2020\/08\/IMG_0899-1024x768.jpeg 1024w, https:\/\/www.intellectualsovereignty.ch\/wp-content\/uploads\/2020\/08\/IMG_0899-300x225.jpeg 300w, https:\/\/www.intellectualsovereignty.ch\/wp-content\/uploads\/2020\/08\/IMG_0899-768x576.jpeg 768w, https:\/\/www.intellectualsovereignty.ch\/wp-content\/uploads\/2020\/08\/IMG_0899-1536x1152.jpeg 1536w, https:\/\/www.intellectualsovereignty.ch\/wp-content\/uploads\/2020\/08\/IMG_0899-2048x1536.jpeg 2048w, https:\/\/www.intellectualsovereignty.ch\/wp-content\/uploads\/2020\/08\/IMG_0899-1870x1403.jpeg 1870w, https:\/\/www.intellectualsovereignty.ch\/wp-content\/uploads\/2020\/08\/IMG_0899-400x300.jpeg 400w, https:\/\/www.intellectualsovereignty.ch\/wp-content\/uploads\/2020\/08\/IMG_0899-800x600.jpeg 800w\" sizes=\"auto, (max-width: 1024px) 100vw, 1024px\" \/><\/figure><\/li><li class=\"blocks-gallery-item\"><figure><img loading=\"lazy\" decoding=\"async\" width=\"1024\" height=\"768\" data-attachment-id=\"960\" data-permalink=\"https:\/\/www.intellectualsovereignty.ch\/index.php\/2020\/08\/01\/hike-32-fiescheralp-bettmeralp-belalp-eggerberg\/img_0900\/\" data-orig-file=\"https:\/\/www.intellectualsovereignty.ch\/wp-content\/uploads\/2020\/08\/IMG_0900-scaled.jpeg\" data-orig-size=\"2560,1920\" data-comments-opened=\"0\" data-image-title=\"IMG_0900\" data-image-description=\"\" data-image-caption=\"\" data-large-file=\"https:\/\/www.intellectualsovereignty.ch\/wp-content\/uploads\/2020\/08\/IMG_0900-1024x768.jpeg\" src=\"https:\/\/www.intellectualsovereignty.ch\/wp-content\/uploads\/2020\/08\/IMG_0900-1024x768.jpeg\" alt=\"\" data-id=\"960\" data-full-url=\"https:\/\/www.intellectualsovereignty.ch\/wp-content\/uploads\/2020\/08\/IMG_0900-scaled.jpeg\" data-link=\"https:\/\/www.intellectualsovereignty.ch\/index.php\/2020\/08\/01\/hike-32-fiescheralp-bettmeralp-belalp-eggerberg\/img_0900\/\" class=\"wp-image-960\" srcset=\"https:\/\/www.intellectualsovereignty.ch\/wp-content\/uploads\/2020\/08\/IMG_0900-1024x768.jpeg 1024w, https:\/\/www.intellectualsovereignty.ch\/wp-content\/uploads\/2020\/08\/IMG_0900-300x225.jpeg 300w, https:\/\/www.intellectualsovereignty.ch\/wp-content\/uploads\/2020\/08\/IMG_0900-768x576.jpeg 768w, https:\/\/www.intellectualsovereignty.ch\/wp-content\/uploads\/2020\/08\/IMG_0900-1536x1152.jpeg 1536w, https:\/\/www.intellectualsovereignty.ch\/wp-content\/uploads\/2020\/08\/IMG_0900-2048x1536.jpeg 2048w, https:\/\/www.intellectualsovereignty.ch\/wp-content\/uploads\/2020\/08\/IMG_0900-1870x1403.jpeg 1870w, https:\/\/www.intellectualsovereignty.ch\/wp-content\/uploads\/2020\/08\/IMG_0900-400x300.jpeg 400w, https:\/\/www.intellectualsovereignty.ch\/wp-content\/uploads\/2020\/08\/IMG_0900-800x600.jpeg 800w\" sizes=\"auto, (max-width: 1024px) 100vw, 1024px\" \/><\/figure><\/li><li class=\"blocks-gallery-item\"><figure><img loading=\"lazy\" decoding=\"async\" width=\"768\" height=\"1024\" data-attachment-id=\"961\" data-permalink=\"https:\/\/www.intellectualsovereignty.ch\/index.php\/2020\/08\/01\/hike-32-fiescheralp-bettmeralp-belalp-eggerberg\/img_0901\/\" data-orig-file=\"https:\/\/www.intellectualsovereignty.ch\/wp-content\/uploads\/2020\/08\/IMG_0901-scaled.jpeg\" data-orig-size=\"1920,2560\" data-comments-opened=\"0\" data-image-title=\"IMG_0901\" data-image-description=\"\" data-image-caption=\"\" data-large-file=\"https:\/\/www.intellectualsovereignty.ch\/wp-content\/uploads\/2020\/08\/IMG_0901-768x1024.jpeg\" src=\"https:\/\/www.intellectualsovereignty.ch\/wp-content\/uploads\/2020\/08\/IMG_0901-768x1024.jpeg\" alt=\"\" data-id=\"961\" data-full-url=\"https:\/\/www.intellectualsovereignty.ch\/wp-content\/uploads\/2020\/08\/IMG_0901-scaled.jpeg\" data-link=\"https:\/\/www.intellectualsovereignty.ch\/index.php\/2020\/08\/01\/hike-32-fiescheralp-bettmeralp-belalp-eggerberg\/img_0901\/\" class=\"wp-image-961\" srcset=\"https:\/\/www.intellectualsovereignty.ch\/wp-content\/uploads\/2020\/08\/IMG_0901-768x1024.jpeg 768w, https:\/\/www.intellectualsovereignty.ch\/wp-content\/uploads\/2020\/08\/IMG_0901-225x300.jpeg 225w, https:\/\/www.intellectualsovereignty.ch\/wp-content\/uploads\/2020\/08\/IMG_0901-1152x1536.jpeg 1152w, https:\/\/www.intellectualsovereignty.ch\/wp-content\/uploads\/2020\/08\/IMG_0901-1536x2048.jpeg 1536w, https:\/\/www.intellectualsovereignty.ch\/wp-content\/uploads\/2020\/08\/IMG_0901-1870x2493.jpeg 1870w, https:\/\/www.intellectualsovereignty.ch\/wp-content\/uploads\/2020\/08\/IMG_0901-400x533.jpeg 400w, https:\/\/www.intellectualsovereignty.ch\/wp-content\/uploads\/2020\/08\/IMG_0901-800x1067.jpeg 800w, https:\/\/www.intellectualsovereignty.ch\/wp-content\/uploads\/2020\/08\/IMG_0901-scaled.jpeg 1920w\" sizes=\"auto, (max-width: 768px) 100vw, 768px\" \/><\/figure><\/li><li class=\"blocks-gallery-item\"><figure><img loading=\"lazy\" decoding=\"async\" width=\"768\" height=\"1024\" data-attachment-id=\"962\" data-permalink=\"https:\/\/www.intellectualsovereignty.ch\/index.php\/2020\/08\/01\/hike-32-fiescheralp-bettmeralp-belalp-eggerberg\/img_0902\/\" data-orig-file=\"https:\/\/www.intellectualsovereignty.ch\/wp-content\/uploads\/2020\/08\/IMG_0902-scaled.jpeg\" data-orig-size=\"1920,2560\" data-comments-opened=\"0\" data-image-title=\"IMG_0902\" data-image-description=\"\" data-image-caption=\"\" data-large-file=\"https:\/\/www.intellectualsovereignty.ch\/wp-content\/uploads\/2020\/08\/IMG_0902-768x1024.jpeg\" src=\"https:\/\/www.intellectualsovereignty.ch\/wp-content\/uploads\/2020\/08\/IMG_0902-768x1024.jpeg\" alt=\"\" data-id=\"962\" data-full-url=\"https:\/\/www.intellectualsovereignty.ch\/wp-content\/uploads\/2020\/08\/IMG_0902-scaled.jpeg\" data-link=\"https:\/\/www.intellectualsovereignty.ch\/index.php\/2020\/08\/01\/hike-32-fiescheralp-bettmeralp-belalp-eggerberg\/img_0902\/\" class=\"wp-image-962\" srcset=\"https:\/\/www.intellectualsovereignty.ch\/wp-content\/uploads\/2020\/08\/IMG_0902-768x1024.jpeg 768w, https:\/\/www.intellectualsovereignty.ch\/wp-content\/uploads\/2020\/08\/IMG_0902-225x300.jpeg 225w, https:\/\/www.intellectualsovereignty.ch\/wp-content\/uploads\/2020\/08\/IMG_0902-1152x1536.jpeg 1152w, https:\/\/www.intellectualsovereignty.ch\/wp-content\/uploads\/2020\/08\/IMG_0902-1536x2048.jpeg 1536w, https:\/\/www.intellectualsovereignty.ch\/wp-content\/uploads\/2020\/08\/IMG_0902-1870x2493.jpeg 1870w, https:\/\/www.intellectualsovereignty.ch\/wp-content\/uploads\/2020\/08\/IMG_0902-400x533.jpeg 400w, https:\/\/www.intellectualsovereignty.ch\/wp-content\/uploads\/2020\/08\/IMG_0902-800x1067.jpeg 800w, https:\/\/www.intellectualsovereignty.ch\/wp-content\/uploads\/2020\/08\/IMG_0902-scaled.jpeg 1920w\" sizes=\"auto, (max-width: 768px) 100vw, 768px\" \/><\/figure><\/li><li class=\"blocks-gallery-item\"><figure><img loading=\"lazy\" decoding=\"async\" width=\"1024\" height=\"768\" data-attachment-id=\"963\" data-permalink=\"https:\/\/www.intellectualsovereignty.ch\/index.php\/2020\/08\/01\/hike-32-fiescheralp-bettmeralp-belalp-eggerberg\/img_0903\/\" data-orig-file=\"https:\/\/www.intellectualsovereignty.ch\/wp-content\/uploads\/2020\/08\/IMG_0903-scaled.jpeg\" data-orig-size=\"2560,1920\" data-comments-opened=\"0\" data-image-title=\"IMG_0903\" data-image-description=\"\" data-image-caption=\"\" data-large-file=\"https:\/\/www.intellectualsovereignty.ch\/wp-content\/uploads\/2020\/08\/IMG_0903-1024x768.jpeg\" src=\"https:\/\/www.intellectualsovereignty.ch\/wp-content\/uploads\/2020\/08\/IMG_0903-1024x768.jpeg\" alt=\"\" data-id=\"963\" data-full-url=\"https:\/\/www.intellectualsovereignty.ch\/wp-content\/uploads\/2020\/08\/IMG_0903-scaled.jpeg\" data-link=\"https:\/\/www.intellectualsovereignty.ch\/index.php\/2020\/08\/01\/hike-32-fiescheralp-bettmeralp-belalp-eggerberg\/img_0903\/\" class=\"wp-image-963\" srcset=\"https:\/\/www.intellectualsovereignty.ch\/wp-content\/uploads\/2020\/08\/IMG_0903-1024x768.jpeg 1024w, https:\/\/www.intellectualsovereignty.ch\/wp-content\/uploads\/2020\/08\/IMG_0903-300x225.jpeg 300w, https:\/\/www.intellectualsovereignty.ch\/wp-content\/uploads\/2020\/08\/IMG_0903-768x576.jpeg 768w, https:\/\/www.intellectualsovereignty.ch\/wp-content\/uploads\/2020\/08\/IMG_0903-1536x1152.jpeg 1536w, https:\/\/www.intellectualsovereignty.ch\/wp-content\/uploads\/2020\/08\/IMG_0903-2048x1536.jpeg 2048w, https:\/\/www.intellectualsovereignty.ch\/wp-content\/uploads\/2020\/08\/IMG_0903-1870x1403.jpeg 1870w, https:\/\/www.intellectualsovereignty.ch\/wp-content\/uploads\/2020\/08\/IMG_0903-400x300.jpeg 400w, https:\/\/www.intellectualsovereignty.ch\/wp-content\/uploads\/2020\/08\/IMG_0903-800x600.jpeg 800w\" sizes=\"auto, (max-width: 1024px) 100vw, 1024px\" \/><\/figure><\/li><li class=\"blocks-gallery-item\"><figure><img loading=\"lazy\" decoding=\"async\" width=\"1024\" height=\"768\" data-attachment-id=\"964\" data-permalink=\"https:\/\/www.intellectualsovereignty.ch\/index.php\/2020\/08\/01\/hike-32-fiescheralp-bettmeralp-belalp-eggerberg\/img_0906\/\" data-orig-file=\"https:\/\/www.intellectualsovereignty.ch\/wp-content\/uploads\/2020\/08\/IMG_0906-scaled.jpeg\" data-orig-size=\"2560,1920\" data-comments-opened=\"0\" data-image-title=\"IMG_0906\" data-image-description=\"\" data-image-caption=\"\" data-large-file=\"https:\/\/www.intellectualsovereignty.ch\/wp-content\/uploads\/2020\/08\/IMG_0906-1024x768.jpeg\" src=\"https:\/\/www.intellectualsovereignty.ch\/wp-content\/uploads\/2020\/08\/IMG_0906-1024x768.jpeg\" alt=\"\" data-id=\"964\" data-full-url=\"https:\/\/www.intellectualsovereignty.ch\/wp-content\/uploads\/2020\/08\/IMG_0906-scaled.jpeg\" data-link=\"https:\/\/www.intellectualsovereignty.ch\/index.php\/2020\/08\/01\/hike-32-fiescheralp-bettmeralp-belalp-eggerberg\/img_0906\/\" class=\"wp-image-964\" srcset=\"https:\/\/www.intellectualsovereignty.ch\/wp-content\/uploads\/2020\/08\/IMG_0906-1024x768.jpeg 1024w, https:\/\/www.intellectualsovereignty.ch\/wp-content\/uploads\/2020\/08\/IMG_0906-300x225.jpeg 300w, https:\/\/www.intellectualsovereignty.ch\/wp-content\/uploads\/2020\/08\/IMG_0906-768x576.jpeg 768w, https:\/\/www.intellectualsovereignty.ch\/wp-content\/uploads\/2020\/08\/IMG_0906-1536x1152.jpeg 1536w, https:\/\/www.intellectualsovereignty.ch\/wp-content\/uploads\/2020\/08\/IMG_0906-2048x1536.jpeg 2048w, https:\/\/www.intellectualsovereignty.ch\/wp-content\/uploads\/2020\/08\/IMG_0906-1870x1403.jpeg 1870w, https:\/\/www.intellectualsovereignty.ch\/wp-content\/uploads\/2020\/08\/IMG_0906-400x300.jpeg 400w, https:\/\/www.intellectualsovereignty.ch\/wp-content\/uploads\/2020\/08\/IMG_0906-800x600.jpeg 800w\" sizes=\"auto, (max-width: 1024px) 100vw, 1024px\" \/><\/figure><\/li><\/ul><\/figure>\n\n\n\n<h2 class=\"wp-block-heading\">Bettmeralp &#8211; Belalp (Tag 2)<\/h2>\n\n\n\n<p class=\"wp-block-paragraph\">Gut erholt machen wir uns am zweiten Tag unserer Wanderung nach einem reichhaltigen Fr\u00fchst\u00fcck auf den Weg \u00fcber die Riederfurka nach Belalp. Etwas unspektakul\u00e4r erreichen wir die Riederalp \u00fcber den Herrenweg, doch H\u00f6henmeter werden wir noch gen\u00fcgend absolvieren. Von der Riederalp geht es hoch zur Villa Casell, die man schon aus der Ferne auf der Riederfurka thronen sieht. Von da weg geht es quasi nur noch steil durch den Arvenwald in Richtung Gletschertor runter. Wo fr\u00fcher ein zeitraubender \u00dcbergang des Gletschers n\u00f6tig war, kann heute mittels H\u00e4ngebr\u00fccke ruck-zuck die Massa-Schlucht \u00fcberquert werden. Die H\u00e4ngebr\u00fccke an sich ist ein echtes Highlight dieser Wanderung.<\/p>\n\n\n\n<figure class=\"wp-block-gallery columns-3 is-cropped wp-block-gallery-4 is-layout-flex wp-block-gallery-is-layout-flex\"><ul class=\"blocks-gallery-grid\"><li class=\"blocks-gallery-item\"><figure><img loading=\"lazy\" decoding=\"async\" width=\"768\" height=\"1024\" data-attachment-id=\"965\" data-permalink=\"https:\/\/www.intellectualsovereignty.ch\/index.php\/2020\/08\/01\/hike-32-fiescheralp-bettmeralp-belalp-eggerberg\/img_0914\/\" data-orig-file=\"https:\/\/www.intellectualsovereignty.ch\/wp-content\/uploads\/2020\/08\/IMG_0914-scaled.jpeg\" data-orig-size=\"1920,2560\" data-comments-opened=\"0\" data-image-title=\"IMG_0914\" data-image-description=\"\" data-image-caption=\"\" data-large-file=\"https:\/\/www.intellectualsovereignty.ch\/wp-content\/uploads\/2020\/08\/IMG_0914-768x1024.jpeg\" src=\"https:\/\/www.intellectualsovereignty.ch\/wp-content\/uploads\/2020\/08\/IMG_0914-768x1024.jpeg\" alt=\"\" data-id=\"965\" data-full-url=\"https:\/\/www.intellectualsovereignty.ch\/wp-content\/uploads\/2020\/08\/IMG_0914-scaled.jpeg\" data-link=\"https:\/\/www.intellectualsovereignty.ch\/index.php\/2020\/08\/01\/hike-32-fiescheralp-bettmeralp-belalp-eggerberg\/img_0914\/\" class=\"wp-image-965\" srcset=\"https:\/\/www.intellectualsovereignty.ch\/wp-content\/uploads\/2020\/08\/IMG_0914-768x1024.jpeg 768w, https:\/\/www.intellectualsovereignty.ch\/wp-content\/uploads\/2020\/08\/IMG_0914-225x300.jpeg 225w, https:\/\/www.intellectualsovereignty.ch\/wp-content\/uploads\/2020\/08\/IMG_0914-1152x1536.jpeg 1152w, https:\/\/www.intellectualsovereignty.ch\/wp-content\/uploads\/2020\/08\/IMG_0914-1536x2048.jpeg 1536w, https:\/\/www.intellectualsovereignty.ch\/wp-content\/uploads\/2020\/08\/IMG_0914-1870x2493.jpeg 1870w, https:\/\/www.intellectualsovereignty.ch\/wp-content\/uploads\/2020\/08\/IMG_0914-400x533.jpeg 400w, https:\/\/www.intellectualsovereignty.ch\/wp-content\/uploads\/2020\/08\/IMG_0914-800x1067.jpeg 800w, https:\/\/www.intellectualsovereignty.ch\/wp-content\/uploads\/2020\/08\/IMG_0914-scaled.jpeg 1920w\" sizes=\"auto, (max-width: 768px) 100vw, 768px\" \/><\/figure><\/li><li class=\"blocks-gallery-item\"><figure><img loading=\"lazy\" decoding=\"async\" width=\"768\" height=\"1024\" data-attachment-id=\"966\" data-permalink=\"https:\/\/www.intellectualsovereignty.ch\/index.php\/2020\/08\/01\/hike-32-fiescheralp-bettmeralp-belalp-eggerberg\/img_0915\/\" data-orig-file=\"https:\/\/www.intellectualsovereignty.ch\/wp-content\/uploads\/2020\/08\/IMG_0915-scaled.jpeg\" data-orig-size=\"1920,2560\" data-comments-opened=\"0\" data-image-title=\"IMG_0915\" data-image-description=\"\" data-image-caption=\"\" data-large-file=\"https:\/\/www.intellectualsovereignty.ch\/wp-content\/uploads\/2020\/08\/IMG_0915-768x1024.jpeg\" src=\"https:\/\/www.intellectualsovereignty.ch\/wp-content\/uploads\/2020\/08\/IMG_0915-768x1024.jpeg\" alt=\"\" data-id=\"966\" data-full-url=\"https:\/\/www.intellectualsovereignty.ch\/wp-content\/uploads\/2020\/08\/IMG_0915-scaled.jpeg\" data-link=\"https:\/\/www.intellectualsovereignty.ch\/index.php\/2020\/08\/01\/hike-32-fiescheralp-bettmeralp-belalp-eggerberg\/img_0915\/\" class=\"wp-image-966\" srcset=\"https:\/\/www.intellectualsovereignty.ch\/wp-content\/uploads\/2020\/08\/IMG_0915-768x1024.jpeg 768w, https:\/\/www.intellectualsovereignty.ch\/wp-content\/uploads\/2020\/08\/IMG_0915-225x300.jpeg 225w, https:\/\/www.intellectualsovereignty.ch\/wp-content\/uploads\/2020\/08\/IMG_0915-1152x1536.jpeg 1152w, https:\/\/www.intellectualsovereignty.ch\/wp-content\/uploads\/2020\/08\/IMG_0915-1536x2048.jpeg 1536w, https:\/\/www.intellectualsovereignty.ch\/wp-content\/uploads\/2020\/08\/IMG_0915-1870x2493.jpeg 1870w, https:\/\/www.intellectualsovereignty.ch\/wp-content\/uploads\/2020\/08\/IMG_0915-400x533.jpeg 400w, https:\/\/www.intellectualsovereignty.ch\/wp-content\/uploads\/2020\/08\/IMG_0915-800x1067.jpeg 800w, https:\/\/www.intellectualsovereignty.ch\/wp-content\/uploads\/2020\/08\/IMG_0915-scaled.jpeg 1920w\" sizes=\"auto, (max-width: 768px) 100vw, 768px\" \/><\/figure><\/li><li class=\"blocks-gallery-item\"><figure><img loading=\"lazy\" decoding=\"async\" width=\"768\" height=\"1024\" data-attachment-id=\"967\" data-permalink=\"https:\/\/www.intellectualsovereignty.ch\/index.php\/2020\/08\/01\/hike-32-fiescheralp-bettmeralp-belalp-eggerberg\/img_5925\/\" data-orig-file=\"https:\/\/www.intellectualsovereignty.ch\/wp-content\/uploads\/2020\/08\/IMG_5925-scaled.jpeg\" data-orig-size=\"1920,2560\" data-comments-opened=\"0\" data-image-title=\"IMG_5925\" data-image-description=\"\" data-image-caption=\"\" data-large-file=\"https:\/\/www.intellectualsovereignty.ch\/wp-content\/uploads\/2020\/08\/IMG_5925-768x1024.jpeg\" src=\"https:\/\/www.intellectualsovereignty.ch\/wp-content\/uploads\/2020\/08\/IMG_5925-768x1024.jpeg\" alt=\"\" data-id=\"967\" data-full-url=\"https:\/\/www.intellectualsovereignty.ch\/wp-content\/uploads\/2020\/08\/IMG_5925-scaled.jpeg\" data-link=\"https:\/\/www.intellectualsovereignty.ch\/index.php\/2020\/08\/01\/hike-32-fiescheralp-bettmeralp-belalp-eggerberg\/img_5925\/\" class=\"wp-image-967\" srcset=\"https:\/\/www.intellectualsovereignty.ch\/wp-content\/uploads\/2020\/08\/IMG_5925-768x1024.jpeg 768w, https:\/\/www.intellectualsovereignty.ch\/wp-content\/uploads\/2020\/08\/IMG_5925-225x300.jpeg 225w, https:\/\/www.intellectualsovereignty.ch\/wp-content\/uploads\/2020\/08\/IMG_5925-1152x1536.jpeg 1152w, https:\/\/www.intellectualsovereignty.ch\/wp-content\/uploads\/2020\/08\/IMG_5925-1536x2048.jpeg 1536w, https:\/\/www.intellectualsovereignty.ch\/wp-content\/uploads\/2020\/08\/IMG_5925-1870x2493.jpeg 1870w, https:\/\/www.intellectualsovereignty.ch\/wp-content\/uploads\/2020\/08\/IMG_5925-400x533.jpeg 400w, https:\/\/www.intellectualsovereignty.ch\/wp-content\/uploads\/2020\/08\/IMG_5925-800x1067.jpeg 800w, https:\/\/www.intellectualsovereignty.ch\/wp-content\/uploads\/2020\/08\/IMG_5925-scaled.jpeg 1920w\" sizes=\"auto, (max-width: 768px) 100vw, 768px\" \/><\/figure><\/li><li class=\"blocks-gallery-item\"><figure><img loading=\"lazy\" decoding=\"async\" width=\"1024\" height=\"768\" data-attachment-id=\"968\" data-permalink=\"https:\/\/www.intellectualsovereignty.ch\/index.php\/2020\/08\/01\/hike-32-fiescheralp-bettmeralp-belalp-eggerberg\/img_0917\/\" data-orig-file=\"https:\/\/www.intellectualsovereignty.ch\/wp-content\/uploads\/2020\/08\/IMG_0917-scaled.jpeg\" data-orig-size=\"2560,1920\" data-comments-opened=\"0\" data-image-title=\"IMG_0917\" data-image-description=\"\" data-image-caption=\"\" data-large-file=\"https:\/\/www.intellectualsovereignty.ch\/wp-content\/uploads\/2020\/08\/IMG_0917-1024x768.jpeg\" src=\"https:\/\/www.intellectualsovereignty.ch\/wp-content\/uploads\/2020\/08\/IMG_0917-1024x768.jpeg\" alt=\"\" data-id=\"968\" data-full-url=\"https:\/\/www.intellectualsovereignty.ch\/wp-content\/uploads\/2020\/08\/IMG_0917-scaled.jpeg\" data-link=\"https:\/\/www.intellectualsovereignty.ch\/index.php\/2020\/08\/01\/hike-32-fiescheralp-bettmeralp-belalp-eggerberg\/img_0917\/\" class=\"wp-image-968\" srcset=\"https:\/\/www.intellectualsovereignty.ch\/wp-content\/uploads\/2020\/08\/IMG_0917-1024x768.jpeg 1024w, https:\/\/www.intellectualsovereignty.ch\/wp-content\/uploads\/2020\/08\/IMG_0917-300x225.jpeg 300w, https:\/\/www.intellectualsovereignty.ch\/wp-content\/uploads\/2020\/08\/IMG_0917-768x576.jpeg 768w, https:\/\/www.intellectualsovereignty.ch\/wp-content\/uploads\/2020\/08\/IMG_0917-1536x1152.jpeg 1536w, https:\/\/www.intellectualsovereignty.ch\/wp-content\/uploads\/2020\/08\/IMG_0917-2048x1536.jpeg 2048w, https:\/\/www.intellectualsovereignty.ch\/wp-content\/uploads\/2020\/08\/IMG_0917-1870x1403.jpeg 1870w, https:\/\/www.intellectualsovereignty.ch\/wp-content\/uploads\/2020\/08\/IMG_0917-400x300.jpeg 400w, https:\/\/www.intellectualsovereignty.ch\/wp-content\/uploads\/2020\/08\/IMG_0917-800x600.jpeg 800w\" sizes=\"auto, (max-width: 1024px) 100vw, 1024px\" \/><\/figure><\/li><li class=\"blocks-gallery-item\"><figure><img loading=\"lazy\" decoding=\"async\" width=\"768\" height=\"1024\" data-attachment-id=\"969\" data-permalink=\"https:\/\/www.intellectualsovereignty.ch\/index.php\/2020\/08\/01\/hike-32-fiescheralp-bettmeralp-belalp-eggerberg\/img_0918\/\" data-orig-file=\"https:\/\/www.intellectualsovereignty.ch\/wp-content\/uploads\/2020\/08\/IMG_0918-scaled.jpeg\" data-orig-size=\"1920,2560\" data-comments-opened=\"0\" data-image-title=\"IMG_0918\" data-image-description=\"\" data-image-caption=\"\" data-large-file=\"https:\/\/www.intellectualsovereignty.ch\/wp-content\/uploads\/2020\/08\/IMG_0918-768x1024.jpeg\" src=\"https:\/\/www.intellectualsovereignty.ch\/wp-content\/uploads\/2020\/08\/IMG_0918-768x1024.jpeg\" alt=\"\" data-id=\"969\" data-full-url=\"https:\/\/www.intellectualsovereignty.ch\/wp-content\/uploads\/2020\/08\/IMG_0918-scaled.jpeg\" data-link=\"https:\/\/www.intellectualsovereignty.ch\/index.php\/2020\/08\/01\/hike-32-fiescheralp-bettmeralp-belalp-eggerberg\/img_0918\/\" class=\"wp-image-969\" srcset=\"https:\/\/www.intellectualsovereignty.ch\/wp-content\/uploads\/2020\/08\/IMG_0918-768x1024.jpeg 768w, https:\/\/www.intellectualsovereignty.ch\/wp-content\/uploads\/2020\/08\/IMG_0918-225x300.jpeg 225w, https:\/\/www.intellectualsovereignty.ch\/wp-content\/uploads\/2020\/08\/IMG_0918-1152x1536.jpeg 1152w, https:\/\/www.intellectualsovereignty.ch\/wp-content\/uploads\/2020\/08\/IMG_0918-1536x2048.jpeg 1536w, https:\/\/www.intellectualsovereignty.ch\/wp-content\/uploads\/2020\/08\/IMG_0918-1870x2493.jpeg 1870w, https:\/\/www.intellectualsovereignty.ch\/wp-content\/uploads\/2020\/08\/IMG_0918-400x533.jpeg 400w, https:\/\/www.intellectualsovereignty.ch\/wp-content\/uploads\/2020\/08\/IMG_0918-800x1067.jpeg 800w, https:\/\/www.intellectualsovereignty.ch\/wp-content\/uploads\/2020\/08\/IMG_0918-scaled.jpeg 1920w\" sizes=\"auto, (max-width: 768px) 100vw, 768px\" \/><\/figure><\/li><li class=\"blocks-gallery-item\"><figure><img loading=\"lazy\" decoding=\"async\" width=\"1024\" height=\"768\" data-attachment-id=\"970\" data-permalink=\"https:\/\/www.intellectualsovereignty.ch\/index.php\/2020\/08\/01\/hike-32-fiescheralp-bettmeralp-belalp-eggerberg\/img_0919\/\" data-orig-file=\"https:\/\/www.intellectualsovereignty.ch\/wp-content\/uploads\/2020\/08\/IMG_0919-scaled.jpeg\" data-orig-size=\"2560,1920\" data-comments-opened=\"0\" data-image-title=\"IMG_0919\" data-image-description=\"\" data-image-caption=\"\" data-large-file=\"https:\/\/www.intellectualsovereignty.ch\/wp-content\/uploads\/2020\/08\/IMG_0919-1024x768.jpeg\" src=\"https:\/\/www.intellectualsovereignty.ch\/wp-content\/uploads\/2020\/08\/IMG_0919-1024x768.jpeg\" alt=\"\" data-id=\"970\" data-full-url=\"https:\/\/www.intellectualsovereignty.ch\/wp-content\/uploads\/2020\/08\/IMG_0919-scaled.jpeg\" data-link=\"https:\/\/www.intellectualsovereignty.ch\/index.php\/2020\/08\/01\/hike-32-fiescheralp-bettmeralp-belalp-eggerberg\/img_0919\/\" class=\"wp-image-970\" srcset=\"https:\/\/www.intellectualsovereignty.ch\/wp-content\/uploads\/2020\/08\/IMG_0919-1024x768.jpeg 1024w, https:\/\/www.intellectualsovereignty.ch\/wp-content\/uploads\/2020\/08\/IMG_0919-300x225.jpeg 300w, https:\/\/www.intellectualsovereignty.ch\/wp-content\/uploads\/2020\/08\/IMG_0919-768x576.jpeg 768w, https:\/\/www.intellectualsovereignty.ch\/wp-content\/uploads\/2020\/08\/IMG_0919-1536x1152.jpeg 1536w, https:\/\/www.intellectualsovereignty.ch\/wp-content\/uploads\/2020\/08\/IMG_0919-2048x1536.jpeg 2048w, https:\/\/www.intellectualsovereignty.ch\/wp-content\/uploads\/2020\/08\/IMG_0919-1870x1403.jpeg 1870w, https:\/\/www.intellectualsovereignty.ch\/wp-content\/uploads\/2020\/08\/IMG_0919-400x300.jpeg 400w, https:\/\/www.intellectualsovereignty.ch\/wp-content\/uploads\/2020\/08\/IMG_0919-800x600.jpeg 800w\" sizes=\"auto, (max-width: 1024px) 100vw, 1024px\" \/><\/figure><\/li><li class=\"blocks-gallery-item\"><figure><img loading=\"lazy\" decoding=\"async\" width=\"1024\" height=\"768\" data-attachment-id=\"972\" data-permalink=\"https:\/\/www.intellectualsovereignty.ch\/index.php\/2020\/08\/01\/hike-32-fiescheralp-bettmeralp-belalp-eggerberg\/img_0921\/\" data-orig-file=\"https:\/\/www.intellectualsovereignty.ch\/wp-content\/uploads\/2020\/08\/IMG_0921-scaled.jpeg\" data-orig-size=\"2560,1920\" data-comments-opened=\"0\" data-image-title=\"IMG_0921\" data-image-description=\"\" data-image-caption=\"\" data-large-file=\"https:\/\/www.intellectualsovereignty.ch\/wp-content\/uploads\/2020\/08\/IMG_0921-1024x768.jpeg\" src=\"https:\/\/www.intellectualsovereignty.ch\/wp-content\/uploads\/2020\/08\/IMG_0921-1024x768.jpeg\" alt=\"\" data-id=\"972\" data-full-url=\"https:\/\/www.intellectualsovereignty.ch\/wp-content\/uploads\/2020\/08\/IMG_0921-scaled.jpeg\" data-link=\"https:\/\/www.intellectualsovereignty.ch\/index.php\/2020\/08\/01\/hike-32-fiescheralp-bettmeralp-belalp-eggerberg\/img_0921\/\" class=\"wp-image-972\" srcset=\"https:\/\/www.intellectualsovereignty.ch\/wp-content\/uploads\/2020\/08\/IMG_0921-1024x768.jpeg 1024w, https:\/\/www.intellectualsovereignty.ch\/wp-content\/uploads\/2020\/08\/IMG_0921-300x225.jpeg 300w, https:\/\/www.intellectualsovereignty.ch\/wp-content\/uploads\/2020\/08\/IMG_0921-768x576.jpeg 768w, https:\/\/www.intellectualsovereignty.ch\/wp-content\/uploads\/2020\/08\/IMG_0921-1536x1152.jpeg 1536w, https:\/\/www.intellectualsovereignty.ch\/wp-content\/uploads\/2020\/08\/IMG_0921-2048x1536.jpeg 2048w, https:\/\/www.intellectualsovereignty.ch\/wp-content\/uploads\/2020\/08\/IMG_0921-1870x1403.jpeg 1870w, https:\/\/www.intellectualsovereignty.ch\/wp-content\/uploads\/2020\/08\/IMG_0921-400x300.jpeg 400w, https:\/\/www.intellectualsovereignty.ch\/wp-content\/uploads\/2020\/08\/IMG_0921-800x600.jpeg 800w\" sizes=\"auto, (max-width: 1024px) 100vw, 1024px\" \/><\/figure><\/li><li class=\"blocks-gallery-item\"><figure><img loading=\"lazy\" decoding=\"async\" width=\"1024\" height=\"768\" data-attachment-id=\"973\" data-permalink=\"https:\/\/www.intellectualsovereignty.ch\/index.php\/2020\/08\/01\/hike-32-fiescheralp-bettmeralp-belalp-eggerberg\/img_5930\/\" data-orig-file=\"https:\/\/www.intellectualsovereignty.ch\/wp-content\/uploads\/2020\/08\/IMG_5930-scaled.jpeg\" data-orig-size=\"2560,1920\" data-comments-opened=\"0\" data-image-title=\"IMG_5930\" data-image-description=\"\" data-image-caption=\"\" data-large-file=\"https:\/\/www.intellectualsovereignty.ch\/wp-content\/uploads\/2020\/08\/IMG_5930-1024x768.jpeg\" src=\"https:\/\/www.intellectualsovereignty.ch\/wp-content\/uploads\/2020\/08\/IMG_5930-1024x768.jpeg\" alt=\"\" data-id=\"973\" data-full-url=\"https:\/\/www.intellectualsovereignty.ch\/wp-content\/uploads\/2020\/08\/IMG_5930-scaled.jpeg\" data-link=\"https:\/\/www.intellectualsovereignty.ch\/index.php\/2020\/08\/01\/hike-32-fiescheralp-bettmeralp-belalp-eggerberg\/img_5930\/\" class=\"wp-image-973\" srcset=\"https:\/\/www.intellectualsovereignty.ch\/wp-content\/uploads\/2020\/08\/IMG_5930-1024x768.jpeg 1024w, https:\/\/www.intellectualsovereignty.ch\/wp-content\/uploads\/2020\/08\/IMG_5930-300x225.jpeg 300w, https:\/\/www.intellectualsovereignty.ch\/wp-content\/uploads\/2020\/08\/IMG_5930-768x576.jpeg 768w, https:\/\/www.intellectualsovereignty.ch\/wp-content\/uploads\/2020\/08\/IMG_5930-1536x1152.jpeg 1536w, https:\/\/www.intellectualsovereignty.ch\/wp-content\/uploads\/2020\/08\/IMG_5930-2048x1536.jpeg 2048w, https:\/\/www.intellectualsovereignty.ch\/wp-content\/uploads\/2020\/08\/IMG_5930-1870x1403.jpeg 1870w, https:\/\/www.intellectualsovereignty.ch\/wp-content\/uploads\/2020\/08\/IMG_5930-400x300.jpeg 400w, https:\/\/www.intellectualsovereignty.ch\/wp-content\/uploads\/2020\/08\/IMG_5930-800x600.jpeg 800w\" sizes=\"auto, (max-width: 1024px) 100vw, 1024px\" \/><\/figure><\/li><li class=\"blocks-gallery-item\"><figure><img loading=\"lazy\" decoding=\"async\" width=\"1024\" height=\"403\" data-attachment-id=\"974\" data-permalink=\"https:\/\/www.intellectualsovereignty.ch\/index.php\/2020\/08\/01\/hike-32-fiescheralp-bettmeralp-belalp-eggerberg\/img_0922\/\" data-orig-file=\"https:\/\/www.intellectualsovereignty.ch\/wp-content\/uploads\/2020\/08\/IMG_0922-scaled.jpeg\" data-orig-size=\"2560,1007\" data-comments-opened=\"0\" data-image-title=\"IMG_0922\" data-image-description=\"\" data-image-caption=\"\" data-large-file=\"https:\/\/www.intellectualsovereignty.ch\/wp-content\/uploads\/2020\/08\/IMG_0922-1024x403.jpeg\" src=\"https:\/\/www.intellectualsovereignty.ch\/wp-content\/uploads\/2020\/08\/IMG_0922-1024x403.jpeg\" alt=\"\" data-id=\"974\" data-full-url=\"https:\/\/www.intellectualsovereignty.ch\/wp-content\/uploads\/2020\/08\/IMG_0922-scaled.jpeg\" data-link=\"https:\/\/www.intellectualsovereignty.ch\/index.php\/2020\/08\/01\/hike-32-fiescheralp-bettmeralp-belalp-eggerberg\/img_0922\/\" class=\"wp-image-974\" srcset=\"https:\/\/www.intellectualsovereignty.ch\/wp-content\/uploads\/2020\/08\/IMG_0922-1024x403.jpeg 1024w, https:\/\/www.intellectualsovereignty.ch\/wp-content\/uploads\/2020\/08\/IMG_0922-300x118.jpeg 300w, https:\/\/www.intellectualsovereignty.ch\/wp-content\/uploads\/2020\/08\/IMG_0922-768x302.jpeg 768w, https:\/\/www.intellectualsovereignty.ch\/wp-content\/uploads\/2020\/08\/IMG_0922-1536x604.jpeg 1536w, https:\/\/www.intellectualsovereignty.ch\/wp-content\/uploads\/2020\/08\/IMG_0922-2048x805.jpeg 2048w, https:\/\/www.intellectualsovereignty.ch\/wp-content\/uploads\/2020\/08\/IMG_0922-1870x735.jpeg 1870w, https:\/\/www.intellectualsovereignty.ch\/wp-content\/uploads\/2020\/08\/IMG_0922-400x157.jpeg 400w, https:\/\/www.intellectualsovereignty.ch\/wp-content\/uploads\/2020\/08\/IMG_0922-800x315.jpeg 800w\" sizes=\"auto, (max-width: 1024px) 100vw, 1024px\" \/><\/figure><\/li><li class=\"blocks-gallery-item\"><figure><img loading=\"lazy\" decoding=\"async\" width=\"1024\" height=\"768\" data-attachment-id=\"975\" data-permalink=\"https:\/\/www.intellectualsovereignty.ch\/index.php\/2020\/08\/01\/hike-32-fiescheralp-bettmeralp-belalp-eggerberg\/img_0923\/\" data-orig-file=\"https:\/\/www.intellectualsovereignty.ch\/wp-content\/uploads\/2020\/08\/IMG_0923-scaled.jpeg\" data-orig-size=\"2560,1920\" data-comments-opened=\"0\" data-image-title=\"IMG_0923\" data-image-description=\"\" data-image-caption=\"\" data-large-file=\"https:\/\/www.intellectualsovereignty.ch\/wp-content\/uploads\/2020\/08\/IMG_0923-1024x768.jpeg\" src=\"https:\/\/www.intellectualsovereignty.ch\/wp-content\/uploads\/2020\/08\/IMG_0923-1024x768.jpeg\" alt=\"\" data-id=\"975\" data-full-url=\"https:\/\/www.intellectualsovereignty.ch\/wp-content\/uploads\/2020\/08\/IMG_0923-scaled.jpeg\" data-link=\"https:\/\/www.intellectualsovereignty.ch\/index.php\/2020\/08\/01\/hike-32-fiescheralp-bettmeralp-belalp-eggerberg\/img_0923\/\" class=\"wp-image-975\" srcset=\"https:\/\/www.intellectualsovereignty.ch\/wp-content\/uploads\/2020\/08\/IMG_0923-1024x768.jpeg 1024w, https:\/\/www.intellectualsovereignty.ch\/wp-content\/uploads\/2020\/08\/IMG_0923-300x225.jpeg 300w, https:\/\/www.intellectualsovereignty.ch\/wp-content\/uploads\/2020\/08\/IMG_0923-768x576.jpeg 768w, https:\/\/www.intellectualsovereignty.ch\/wp-content\/uploads\/2020\/08\/IMG_0923-1536x1152.jpeg 1536w, https:\/\/www.intellectualsovereignty.ch\/wp-content\/uploads\/2020\/08\/IMG_0923-2048x1536.jpeg 2048w, https:\/\/www.intellectualsovereignty.ch\/wp-content\/uploads\/2020\/08\/IMG_0923-1870x1403.jpeg 1870w, https:\/\/www.intellectualsovereignty.ch\/wp-content\/uploads\/2020\/08\/IMG_0923-400x300.jpeg 400w, https:\/\/www.intellectualsovereignty.ch\/wp-content\/uploads\/2020\/08\/IMG_0923-800x600.jpeg 800w\" sizes=\"auto, (max-width: 1024px) 100vw, 1024px\" \/><\/figure><\/li><li class=\"blocks-gallery-item\"><figure><img loading=\"lazy\" decoding=\"async\" width=\"768\" height=\"1024\" data-attachment-id=\"976\" data-permalink=\"https:\/\/www.intellectualsovereignty.ch\/index.php\/2020\/08\/01\/hike-32-fiescheralp-bettmeralp-belalp-eggerberg\/img_0924\/\" data-orig-file=\"https:\/\/www.intellectualsovereignty.ch\/wp-content\/uploads\/2020\/08\/IMG_0924-scaled.jpeg\" data-orig-size=\"1920,2560\" data-comments-opened=\"0\" data-image-title=\"IMG_0924\" data-image-description=\"\" data-image-caption=\"\" data-large-file=\"https:\/\/www.intellectualsovereignty.ch\/wp-content\/uploads\/2020\/08\/IMG_0924-768x1024.jpeg\" src=\"https:\/\/www.intellectualsovereignty.ch\/wp-content\/uploads\/2020\/08\/IMG_0924-768x1024.jpeg\" alt=\"\" data-id=\"976\" data-full-url=\"https:\/\/www.intellectualsovereignty.ch\/wp-content\/uploads\/2020\/08\/IMG_0924-scaled.jpeg\" data-link=\"https:\/\/www.intellectualsovereignty.ch\/index.php\/2020\/08\/01\/hike-32-fiescheralp-bettmeralp-belalp-eggerberg\/img_0924\/\" class=\"wp-image-976\" srcset=\"https:\/\/www.intellectualsovereignty.ch\/wp-content\/uploads\/2020\/08\/IMG_0924-768x1024.jpeg 768w, https:\/\/www.intellectualsovereignty.ch\/wp-content\/uploads\/2020\/08\/IMG_0924-225x300.jpeg 225w, https:\/\/www.intellectualsovereignty.ch\/wp-content\/uploads\/2020\/08\/IMG_0924-1152x1536.jpeg 1152w, https:\/\/www.intellectualsovereignty.ch\/wp-content\/uploads\/2020\/08\/IMG_0924-1536x2048.jpeg 1536w, https:\/\/www.intellectualsovereignty.ch\/wp-content\/uploads\/2020\/08\/IMG_0924-1870x2493.jpeg 1870w, https:\/\/www.intellectualsovereignty.ch\/wp-content\/uploads\/2020\/08\/IMG_0924-400x533.jpeg 400w, https:\/\/www.intellectualsovereignty.ch\/wp-content\/uploads\/2020\/08\/IMG_0924-800x1067.jpeg 800w, https:\/\/www.intellectualsovereignty.ch\/wp-content\/uploads\/2020\/08\/IMG_0924-scaled.jpeg 1920w\" sizes=\"auto, (max-width: 768px) 100vw, 768px\" \/><\/figure><\/li><li class=\"blocks-gallery-item\"><figure><img loading=\"lazy\" decoding=\"async\" width=\"768\" height=\"1024\" data-attachment-id=\"977\" data-permalink=\"https:\/\/www.intellectualsovereignty.ch\/index.php\/2020\/08\/01\/hike-32-fiescheralp-bettmeralp-belalp-eggerberg\/img_0925\/\" data-orig-file=\"https:\/\/www.intellectualsovereignty.ch\/wp-content\/uploads\/2020\/08\/IMG_0925-scaled.jpeg\" data-orig-size=\"1920,2560\" data-comments-opened=\"0\" data-image-title=\"IMG_0925\" data-image-description=\"\" data-image-caption=\"\" data-large-file=\"https:\/\/www.intellectualsovereignty.ch\/wp-content\/uploads\/2020\/08\/IMG_0925-768x1024.jpeg\" src=\"https:\/\/www.intellectualsovereignty.ch\/wp-content\/uploads\/2020\/08\/IMG_0925-768x1024.jpeg\" alt=\"\" data-id=\"977\" data-full-url=\"https:\/\/www.intellectualsovereignty.ch\/wp-content\/uploads\/2020\/08\/IMG_0925-scaled.jpeg\" data-link=\"https:\/\/www.intellectualsovereignty.ch\/index.php\/2020\/08\/01\/hike-32-fiescheralp-bettmeralp-belalp-eggerberg\/img_0925\/\" class=\"wp-image-977\" srcset=\"https:\/\/www.intellectualsovereignty.ch\/wp-content\/uploads\/2020\/08\/IMG_0925-768x1024.jpeg 768w, https:\/\/www.intellectualsovereignty.ch\/wp-content\/uploads\/2020\/08\/IMG_0925-225x300.jpeg 225w, https:\/\/www.intellectualsovereignty.ch\/wp-content\/uploads\/2020\/08\/IMG_0925-1152x1536.jpeg 1152w, https:\/\/www.intellectualsovereignty.ch\/wp-content\/uploads\/2020\/08\/IMG_0925-1536x2048.jpeg 1536w, https:\/\/www.intellectualsovereignty.ch\/wp-content\/uploads\/2020\/08\/IMG_0925-1870x2493.jpeg 1870w, https:\/\/www.intellectualsovereignty.ch\/wp-content\/uploads\/2020\/08\/IMG_0925-400x533.jpeg 400w, https:\/\/www.intellectualsovereignty.ch\/wp-content\/uploads\/2020\/08\/IMG_0925-800x1067.jpeg 800w, https:\/\/www.intellectualsovereignty.ch\/wp-content\/uploads\/2020\/08\/IMG_0925-scaled.jpeg 1920w\" sizes=\"auto, (max-width: 768px) 100vw, 768px\" \/><\/figure><\/li><li class=\"blocks-gallery-item\"><figure><img loading=\"lazy\" decoding=\"async\" width=\"768\" height=\"1024\" data-attachment-id=\"978\" data-permalink=\"https:\/\/www.intellectualsovereignty.ch\/index.php\/2020\/08\/01\/hike-32-fiescheralp-bettmeralp-belalp-eggerberg\/img_0926\/\" data-orig-file=\"https:\/\/www.intellectualsovereignty.ch\/wp-content\/uploads\/2020\/08\/IMG_0926-scaled.jpeg\" data-orig-size=\"1920,2560\" data-comments-opened=\"0\" data-image-title=\"IMG_0926\" data-image-description=\"\" data-image-caption=\"\" data-large-file=\"https:\/\/www.intellectualsovereignty.ch\/wp-content\/uploads\/2020\/08\/IMG_0926-768x1024.jpeg\" src=\"https:\/\/www.intellectualsovereignty.ch\/wp-content\/uploads\/2020\/08\/IMG_0926-768x1024.jpeg\" alt=\"\" data-id=\"978\" data-full-url=\"https:\/\/www.intellectualsovereignty.ch\/wp-content\/uploads\/2020\/08\/IMG_0926-scaled.jpeg\" data-link=\"https:\/\/www.intellectualsovereignty.ch\/index.php\/2020\/08\/01\/hike-32-fiescheralp-bettmeralp-belalp-eggerberg\/img_0926\/\" class=\"wp-image-978\" srcset=\"https:\/\/www.intellectualsovereignty.ch\/wp-content\/uploads\/2020\/08\/IMG_0926-768x1024.jpeg 768w, https:\/\/www.intellectualsovereignty.ch\/wp-content\/uploads\/2020\/08\/IMG_0926-225x300.jpeg 225w, https:\/\/www.intellectualsovereignty.ch\/wp-content\/uploads\/2020\/08\/IMG_0926-1152x1536.jpeg 1152w, https:\/\/www.intellectualsovereignty.ch\/wp-content\/uploads\/2020\/08\/IMG_0926-1536x2048.jpeg 1536w, https:\/\/www.intellectualsovereignty.ch\/wp-content\/uploads\/2020\/08\/IMG_0926-1870x2493.jpeg 1870w, https:\/\/www.intellectualsovereignty.ch\/wp-content\/uploads\/2020\/08\/IMG_0926-400x533.jpeg 400w, https:\/\/www.intellectualsovereignty.ch\/wp-content\/uploads\/2020\/08\/IMG_0926-800x1067.jpeg 800w, https:\/\/www.intellectualsovereignty.ch\/wp-content\/uploads\/2020\/08\/IMG_0926-scaled.jpeg 1920w\" sizes=\"auto, (max-width: 768px) 100vw, 768px\" \/><\/figure><\/li><li class=\"blocks-gallery-item\"><figure><img loading=\"lazy\" decoding=\"async\" width=\"1024\" height=\"768\" data-attachment-id=\"979\" data-permalink=\"https:\/\/www.intellectualsovereignty.ch\/index.php\/2020\/08\/01\/hike-32-fiescheralp-bettmeralp-belalp-eggerberg\/img_0927\/\" data-orig-file=\"https:\/\/www.intellectualsovereignty.ch\/wp-content\/uploads\/2020\/08\/IMG_0927-scaled.jpeg\" data-orig-size=\"2560,1920\" data-comments-opened=\"0\" data-image-title=\"IMG_0927\" data-image-description=\"\" data-image-caption=\"\" data-large-file=\"https:\/\/www.intellectualsovereignty.ch\/wp-content\/uploads\/2020\/08\/IMG_0927-1024x768.jpeg\" src=\"https:\/\/www.intellectualsovereignty.ch\/wp-content\/uploads\/2020\/08\/IMG_0927-1024x768.jpeg\" alt=\"\" data-id=\"979\" data-full-url=\"https:\/\/www.intellectualsovereignty.ch\/wp-content\/uploads\/2020\/08\/IMG_0927-scaled.jpeg\" data-link=\"https:\/\/www.intellectualsovereignty.ch\/index.php\/2020\/08\/01\/hike-32-fiescheralp-bettmeralp-belalp-eggerberg\/img_0927\/\" class=\"wp-image-979\" srcset=\"https:\/\/www.intellectualsovereignty.ch\/wp-content\/uploads\/2020\/08\/IMG_0927-1024x768.jpeg 1024w, https:\/\/www.intellectualsovereignty.ch\/wp-content\/uploads\/2020\/08\/IMG_0927-300x225.jpeg 300w, https:\/\/www.intellectualsovereignty.ch\/wp-content\/uploads\/2020\/08\/IMG_0927-768x576.jpeg 768w, https:\/\/www.intellectualsovereignty.ch\/wp-content\/uploads\/2020\/08\/IMG_0927-1536x1152.jpeg 1536w, https:\/\/www.intellectualsovereignty.ch\/wp-content\/uploads\/2020\/08\/IMG_0927-2048x1536.jpeg 2048w, https:\/\/www.intellectualsovereignty.ch\/wp-content\/uploads\/2020\/08\/IMG_0927-1870x1403.jpeg 1870w, https:\/\/www.intellectualsovereignty.ch\/wp-content\/uploads\/2020\/08\/IMG_0927-400x300.jpeg 400w, https:\/\/www.intellectualsovereignty.ch\/wp-content\/uploads\/2020\/08\/IMG_0927-800x600.jpeg 800w\" sizes=\"auto, (max-width: 1024px) 100vw, 1024px\" \/><\/figure><\/li><li class=\"blocks-gallery-item\"><figure><img loading=\"lazy\" decoding=\"async\" width=\"768\" height=\"1024\" data-attachment-id=\"980\" data-permalink=\"https:\/\/www.intellectualsovereignty.ch\/index.php\/2020\/08\/01\/hike-32-fiescheralp-bettmeralp-belalp-eggerberg\/img_0928\/\" data-orig-file=\"https:\/\/www.intellectualsovereignty.ch\/wp-content\/uploads\/2020\/08\/IMG_0928-scaled.jpeg\" data-orig-size=\"1920,2560\" data-comments-opened=\"0\" data-image-title=\"IMG_0928\" data-image-description=\"\" data-image-caption=\"\" data-large-file=\"https:\/\/www.intellectualsovereignty.ch\/wp-content\/uploads\/2020\/08\/IMG_0928-768x1024.jpeg\" src=\"https:\/\/www.intellectualsovereignty.ch\/wp-content\/uploads\/2020\/08\/IMG_0928-768x1024.jpeg\" alt=\"\" data-id=\"980\" data-full-url=\"https:\/\/www.intellectualsovereignty.ch\/wp-content\/uploads\/2020\/08\/IMG_0928-scaled.jpeg\" data-link=\"https:\/\/www.intellectualsovereignty.ch\/index.php\/2020\/08\/01\/hike-32-fiescheralp-bettmeralp-belalp-eggerberg\/img_0928\/\" class=\"wp-image-980\" srcset=\"https:\/\/www.intellectualsovereignty.ch\/wp-content\/uploads\/2020\/08\/IMG_0928-768x1024.jpeg 768w, https:\/\/www.intellectualsovereignty.ch\/wp-content\/uploads\/2020\/08\/IMG_0928-225x300.jpeg 225w, https:\/\/www.intellectualsovereignty.ch\/wp-content\/uploads\/2020\/08\/IMG_0928-1152x1536.jpeg 1152w, https:\/\/www.intellectualsovereignty.ch\/wp-content\/uploads\/2020\/08\/IMG_0928-1536x2048.jpeg 1536w, https:\/\/www.intellectualsovereignty.ch\/wp-content\/uploads\/2020\/08\/IMG_0928-1870x2493.jpeg 1870w, https:\/\/www.intellectualsovereignty.ch\/wp-content\/uploads\/2020\/08\/IMG_0928-400x533.jpeg 400w, https:\/\/www.intellectualsovereignty.ch\/wp-content\/uploads\/2020\/08\/IMG_0928-800x1067.jpeg 800w, https:\/\/www.intellectualsovereignty.ch\/wp-content\/uploads\/2020\/08\/IMG_0928-scaled.jpeg 1920w\" sizes=\"auto, (max-width: 768px) 100vw, 768px\" \/><\/figure><\/li><li class=\"blocks-gallery-item\"><figure><img loading=\"lazy\" decoding=\"async\" width=\"768\" height=\"1024\" data-attachment-id=\"982\" data-permalink=\"https:\/\/www.intellectualsovereignty.ch\/index.php\/2020\/08\/01\/hike-32-fiescheralp-bettmeralp-belalp-eggerberg\/img_0930\/\" data-orig-file=\"https:\/\/www.intellectualsovereignty.ch\/wp-content\/uploads\/2020\/08\/IMG_0930-scaled.jpeg\" data-orig-size=\"1920,2560\" data-comments-opened=\"0\" data-image-title=\"IMG_0930\" data-image-description=\"\" data-image-caption=\"\" data-large-file=\"https:\/\/www.intellectualsovereignty.ch\/wp-content\/uploads\/2020\/08\/IMG_0930-768x1024.jpeg\" src=\"https:\/\/www.intellectualsovereignty.ch\/wp-content\/uploads\/2020\/08\/IMG_0930-768x1024.jpeg\" alt=\"\" data-id=\"982\" data-full-url=\"https:\/\/www.intellectualsovereignty.ch\/wp-content\/uploads\/2020\/08\/IMG_0930-scaled.jpeg\" data-link=\"https:\/\/www.intellectualsovereignty.ch\/index.php\/2020\/08\/01\/hike-32-fiescheralp-bettmeralp-belalp-eggerberg\/img_0930\/\" class=\"wp-image-982\" srcset=\"https:\/\/www.intellectualsovereignty.ch\/wp-content\/uploads\/2020\/08\/IMG_0930-768x1024.jpeg 768w, https:\/\/www.intellectualsovereignty.ch\/wp-content\/uploads\/2020\/08\/IMG_0930-225x300.jpeg 225w, https:\/\/www.intellectualsovereignty.ch\/wp-content\/uploads\/2020\/08\/IMG_0930-1152x1536.jpeg 1152w, https:\/\/www.intellectualsovereignty.ch\/wp-content\/uploads\/2020\/08\/IMG_0930-1536x2048.jpeg 1536w, https:\/\/www.intellectualsovereignty.ch\/wp-content\/uploads\/2020\/08\/IMG_0930-1870x2493.jpeg 1870w, https:\/\/www.intellectualsovereignty.ch\/wp-content\/uploads\/2020\/08\/IMG_0930-400x533.jpeg 400w, https:\/\/www.intellectualsovereignty.ch\/wp-content\/uploads\/2020\/08\/IMG_0930-800x1067.jpeg 800w, https:\/\/www.intellectualsovereignty.ch\/wp-content\/uploads\/2020\/08\/IMG_0930-scaled.jpeg 1920w\" sizes=\"auto, (max-width: 768px) 100vw, 768px\" \/><\/figure><\/li><li class=\"blocks-gallery-item\"><figure><img loading=\"lazy\" decoding=\"async\" width=\"1024\" height=\"768\" data-attachment-id=\"983\" data-permalink=\"https:\/\/www.intellectualsovereignty.ch\/index.php\/2020\/08\/01\/hike-32-fiescheralp-bettmeralp-belalp-eggerberg\/img_0931\/\" data-orig-file=\"https:\/\/www.intellectualsovereignty.ch\/wp-content\/uploads\/2020\/08\/IMG_0931-scaled.jpeg\" data-orig-size=\"2560,1920\" data-comments-opened=\"0\" data-image-title=\"IMG_0931\" data-image-description=\"\" data-image-caption=\"\" data-large-file=\"https:\/\/www.intellectualsovereignty.ch\/wp-content\/uploads\/2020\/08\/IMG_0931-1024x768.jpeg\" src=\"https:\/\/www.intellectualsovereignty.ch\/wp-content\/uploads\/2020\/08\/IMG_0931-1024x768.jpeg\" alt=\"\" data-id=\"983\" data-full-url=\"https:\/\/www.intellectualsovereignty.ch\/wp-content\/uploads\/2020\/08\/IMG_0931-scaled.jpeg\" data-link=\"https:\/\/www.intellectualsovereignty.ch\/index.php\/2020\/08\/01\/hike-32-fiescheralp-bettmeralp-belalp-eggerberg\/img_0931\/\" class=\"wp-image-983\" srcset=\"https:\/\/www.intellectualsovereignty.ch\/wp-content\/uploads\/2020\/08\/IMG_0931-1024x768.jpeg 1024w, https:\/\/www.intellectualsovereignty.ch\/wp-content\/uploads\/2020\/08\/IMG_0931-300x225.jpeg 300w, https:\/\/www.intellectualsovereignty.ch\/wp-content\/uploads\/2020\/08\/IMG_0931-768x576.jpeg 768w, https:\/\/www.intellectualsovereignty.ch\/wp-content\/uploads\/2020\/08\/IMG_0931-1536x1152.jpeg 1536w, https:\/\/www.intellectualsovereignty.ch\/wp-content\/uploads\/2020\/08\/IMG_0931-2048x1536.jpeg 2048w, https:\/\/www.intellectualsovereignty.ch\/wp-content\/uploads\/2020\/08\/IMG_0931-1870x1403.jpeg 1870w, https:\/\/www.intellectualsovereignty.ch\/wp-content\/uploads\/2020\/08\/IMG_0931-400x300.jpeg 400w, https:\/\/www.intellectualsovereignty.ch\/wp-content\/uploads\/2020\/08\/IMG_0931-800x600.jpeg 800w\" sizes=\"auto, (max-width: 1024px) 100vw, 1024px\" \/><\/figure><\/li><li class=\"blocks-gallery-item\"><figure><img loading=\"lazy\" decoding=\"async\" width=\"768\" height=\"1024\" data-attachment-id=\"984\" data-permalink=\"https:\/\/www.intellectualsovereignty.ch\/index.php\/2020\/08\/01\/hike-32-fiescheralp-bettmeralp-belalp-eggerberg\/img_0932\/\" data-orig-file=\"https:\/\/www.intellectualsovereignty.ch\/wp-content\/uploads\/2020\/08\/IMG_0932-scaled.jpeg\" data-orig-size=\"1920,2560\" data-comments-opened=\"0\" data-image-title=\"IMG_0932\" data-image-description=\"\" data-image-caption=\"\" data-large-file=\"https:\/\/www.intellectualsovereignty.ch\/wp-content\/uploads\/2020\/08\/IMG_0932-768x1024.jpeg\" src=\"https:\/\/www.intellectualsovereignty.ch\/wp-content\/uploads\/2020\/08\/IMG_0932-768x1024.jpeg\" alt=\"\" data-id=\"984\" data-full-url=\"https:\/\/www.intellectualsovereignty.ch\/wp-content\/uploads\/2020\/08\/IMG_0932-scaled.jpeg\" data-link=\"https:\/\/www.intellectualsovereignty.ch\/index.php\/2020\/08\/01\/hike-32-fiescheralp-bettmeralp-belalp-eggerberg\/img_0932\/\" class=\"wp-image-984\" srcset=\"https:\/\/www.intellectualsovereignty.ch\/wp-content\/uploads\/2020\/08\/IMG_0932-768x1024.jpeg 768w, https:\/\/www.intellectualsovereignty.ch\/wp-content\/uploads\/2020\/08\/IMG_0932-225x300.jpeg 225w, https:\/\/www.intellectualsovereignty.ch\/wp-content\/uploads\/2020\/08\/IMG_0932-1152x1536.jpeg 1152w, https:\/\/www.intellectualsovereignty.ch\/wp-content\/uploads\/2020\/08\/IMG_0932-1536x2048.jpeg 1536w, https:\/\/www.intellectualsovereignty.ch\/wp-content\/uploads\/2020\/08\/IMG_0932-1870x2493.jpeg 1870w, https:\/\/www.intellectualsovereignty.ch\/wp-content\/uploads\/2020\/08\/IMG_0932-400x533.jpeg 400w, https:\/\/www.intellectualsovereignty.ch\/wp-content\/uploads\/2020\/08\/IMG_0932-800x1067.jpeg 800w, https:\/\/www.intellectualsovereignty.ch\/wp-content\/uploads\/2020\/08\/IMG_0932-scaled.jpeg 1920w\" sizes=\"auto, (max-width: 768px) 100vw, 768px\" \/><\/figure><\/li><li class=\"blocks-gallery-item\"><figure><img loading=\"lazy\" decoding=\"async\" width=\"768\" height=\"1024\" data-attachment-id=\"985\" data-permalink=\"https:\/\/www.intellectualsovereignty.ch\/index.php\/2020\/08\/01\/hike-32-fiescheralp-bettmeralp-belalp-eggerberg\/img_0933\/\" data-orig-file=\"https:\/\/www.intellectualsovereignty.ch\/wp-content\/uploads\/2020\/08\/IMG_0933-scaled.jpeg\" data-orig-size=\"1920,2560\" data-comments-opened=\"0\" data-image-title=\"IMG_0933\" data-image-description=\"\" data-image-caption=\"\" data-large-file=\"https:\/\/www.intellectualsovereignty.ch\/wp-content\/uploads\/2020\/08\/IMG_0933-768x1024.jpeg\" src=\"https:\/\/www.intellectualsovereignty.ch\/wp-content\/uploads\/2020\/08\/IMG_0933-768x1024.jpeg\" alt=\"\" data-id=\"985\" data-full-url=\"https:\/\/www.intellectualsovereignty.ch\/wp-content\/uploads\/2020\/08\/IMG_0933-scaled.jpeg\" data-link=\"https:\/\/www.intellectualsovereignty.ch\/index.php\/2020\/08\/01\/hike-32-fiescheralp-bettmeralp-belalp-eggerberg\/img_0933\/\" class=\"wp-image-985\" srcset=\"https:\/\/www.intellectualsovereignty.ch\/wp-content\/uploads\/2020\/08\/IMG_0933-768x1024.jpeg 768w, https:\/\/www.intellectualsovereignty.ch\/wp-content\/uploads\/2020\/08\/IMG_0933-225x300.jpeg 225w, https:\/\/www.intellectualsovereignty.ch\/wp-content\/uploads\/2020\/08\/IMG_0933-1152x1536.jpeg 1152w, https:\/\/www.intellectualsovereignty.ch\/wp-content\/uploads\/2020\/08\/IMG_0933-1536x2048.jpeg 1536w, https:\/\/www.intellectualsovereignty.ch\/wp-content\/uploads\/2020\/08\/IMG_0933-1870x2493.jpeg 1870w, https:\/\/www.intellectualsovereignty.ch\/wp-content\/uploads\/2020\/08\/IMG_0933-400x533.jpeg 400w, https:\/\/www.intellectualsovereignty.ch\/wp-content\/uploads\/2020\/08\/IMG_0933-800x1067.jpeg 800w, https:\/\/www.intellectualsovereignty.ch\/wp-content\/uploads\/2020\/08\/IMG_0933-scaled.jpeg 1920w\" sizes=\"auto, (max-width: 768px) 100vw, 768px\" \/><\/figure><\/li><li class=\"blocks-gallery-item\"><figure><img loading=\"lazy\" decoding=\"async\" width=\"768\" height=\"1024\" data-attachment-id=\"986\" data-permalink=\"https:\/\/www.intellectualsovereignty.ch\/index.php\/2020\/08\/01\/hike-32-fiescheralp-bettmeralp-belalp-eggerberg\/img_0934\/\" data-orig-file=\"https:\/\/www.intellectualsovereignty.ch\/wp-content\/uploads\/2020\/08\/IMG_0934-scaled.jpeg\" data-orig-size=\"1920,2560\" data-comments-opened=\"0\" data-image-title=\"IMG_0934\" data-image-description=\"\" data-image-caption=\"\" data-large-file=\"https:\/\/www.intellectualsovereignty.ch\/wp-content\/uploads\/2020\/08\/IMG_0934-768x1024.jpeg\" src=\"https:\/\/www.intellectualsovereignty.ch\/wp-content\/uploads\/2020\/08\/IMG_0934-768x1024.jpeg\" alt=\"\" data-id=\"986\" data-full-url=\"https:\/\/www.intellectualsovereignty.ch\/wp-content\/uploads\/2020\/08\/IMG_0934-scaled.jpeg\" data-link=\"https:\/\/www.intellectualsovereignty.ch\/index.php\/2020\/08\/01\/hike-32-fiescheralp-bettmeralp-belalp-eggerberg\/img_0934\/\" class=\"wp-image-986\" srcset=\"https:\/\/www.intellectualsovereignty.ch\/wp-content\/uploads\/2020\/08\/IMG_0934-768x1024.jpeg 768w, https:\/\/www.intellectualsovereignty.ch\/wp-content\/uploads\/2020\/08\/IMG_0934-225x300.jpeg 225w, https:\/\/www.intellectualsovereignty.ch\/wp-content\/uploads\/2020\/08\/IMG_0934-1152x1536.jpeg 1152w, https:\/\/www.intellectualsovereignty.ch\/wp-content\/uploads\/2020\/08\/IMG_0934-1536x2048.jpeg 1536w, https:\/\/www.intellectualsovereignty.ch\/wp-content\/uploads\/2020\/08\/IMG_0934-1870x2493.jpeg 1870w, https:\/\/www.intellectualsovereignty.ch\/wp-content\/uploads\/2020\/08\/IMG_0934-400x533.jpeg 400w, https:\/\/www.intellectualsovereignty.ch\/wp-content\/uploads\/2020\/08\/IMG_0934-800x1067.jpeg 800w, https:\/\/www.intellectualsovereignty.ch\/wp-content\/uploads\/2020\/08\/IMG_0934-scaled.jpeg 1920w\" sizes=\"auto, (max-width: 768px) 100vw, 768px\" \/><\/figure><\/li><li class=\"blocks-gallery-item\"><figure><img loading=\"lazy\" decoding=\"async\" width=\"1024\" height=\"537\" data-attachment-id=\"987\" data-permalink=\"https:\/\/www.intellectualsovereignty.ch\/index.php\/2020\/08\/01\/hike-32-fiescheralp-bettmeralp-belalp-eggerberg\/img_0935\/\" data-orig-file=\"https:\/\/www.intellectualsovereignty.ch\/wp-content\/uploads\/2020\/08\/IMG_0935-scaled.jpeg\" data-orig-size=\"2560,1344\" data-comments-opened=\"0\" data-image-title=\"IMG_0935\" data-image-description=\"\" data-image-caption=\"\" data-large-file=\"https:\/\/www.intellectualsovereignty.ch\/wp-content\/uploads\/2020\/08\/IMG_0935-1024x537.jpeg\" src=\"https:\/\/www.intellectualsovereignty.ch\/wp-content\/uploads\/2020\/08\/IMG_0935-1024x537.jpeg\" alt=\"\" data-id=\"987\" data-full-url=\"https:\/\/www.intellectualsovereignty.ch\/wp-content\/uploads\/2020\/08\/IMG_0935-scaled.jpeg\" data-link=\"https:\/\/www.intellectualsovereignty.ch\/index.php\/2020\/08\/01\/hike-32-fiescheralp-bettmeralp-belalp-eggerberg\/img_0935\/\" class=\"wp-image-987\" srcset=\"https:\/\/www.intellectualsovereignty.ch\/wp-content\/uploads\/2020\/08\/IMG_0935-1024x537.jpeg 1024w, https:\/\/www.intellectualsovereignty.ch\/wp-content\/uploads\/2020\/08\/IMG_0935-300x157.jpeg 300w, https:\/\/www.intellectualsovereignty.ch\/wp-content\/uploads\/2020\/08\/IMG_0935-768x403.jpeg 768w, https:\/\/www.intellectualsovereignty.ch\/wp-content\/uploads\/2020\/08\/IMG_0935-1536x806.jpeg 1536w, https:\/\/www.intellectualsovereignty.ch\/wp-content\/uploads\/2020\/08\/IMG_0935-2048x1075.jpeg 2048w, https:\/\/www.intellectualsovereignty.ch\/wp-content\/uploads\/2020\/08\/IMG_0935-1870x981.jpeg 1870w, https:\/\/www.intellectualsovereignty.ch\/wp-content\/uploads\/2020\/08\/IMG_0935-400x210.jpeg 400w, https:\/\/www.intellectualsovereignty.ch\/wp-content\/uploads\/2020\/08\/IMG_0935-800x420.jpeg 800w\" sizes=\"auto, (max-width: 1024px) 100vw, 1024px\" \/><\/figure><\/li><li class=\"blocks-gallery-item\"><figure><img loading=\"lazy\" decoding=\"async\" width=\"768\" height=\"1024\" data-attachment-id=\"988\" data-permalink=\"https:\/\/www.intellectualsovereignty.ch\/index.php\/2020\/08\/01\/hike-32-fiescheralp-bettmeralp-belalp-eggerberg\/img_0936\/\" data-orig-file=\"https:\/\/www.intellectualsovereignty.ch\/wp-content\/uploads\/2020\/08\/IMG_0936-scaled.jpeg\" data-orig-size=\"1920,2560\" data-comments-opened=\"0\" data-image-title=\"IMG_0936\" data-image-description=\"\" data-image-caption=\"\" data-large-file=\"https:\/\/www.intellectualsovereignty.ch\/wp-content\/uploads\/2020\/08\/IMG_0936-768x1024.jpeg\" src=\"https:\/\/www.intellectualsovereignty.ch\/wp-content\/uploads\/2020\/08\/IMG_0936-768x1024.jpeg\" alt=\"\" data-id=\"988\" data-full-url=\"https:\/\/www.intellectualsovereignty.ch\/wp-content\/uploads\/2020\/08\/IMG_0936-scaled.jpeg\" data-link=\"https:\/\/www.intellectualsovereignty.ch\/index.php\/2020\/08\/01\/hike-32-fiescheralp-bettmeralp-belalp-eggerberg\/img_0936\/\" class=\"wp-image-988\" srcset=\"https:\/\/www.intellectualsovereignty.ch\/wp-content\/uploads\/2020\/08\/IMG_0936-768x1024.jpeg 768w, https:\/\/www.intellectualsovereignty.ch\/wp-content\/uploads\/2020\/08\/IMG_0936-225x300.jpeg 225w, https:\/\/www.intellectualsovereignty.ch\/wp-content\/uploads\/2020\/08\/IMG_0936-1152x1536.jpeg 1152w, https:\/\/www.intellectualsovereignty.ch\/wp-content\/uploads\/2020\/08\/IMG_0936-1536x2048.jpeg 1536w, https:\/\/www.intellectualsovereignty.ch\/wp-content\/uploads\/2020\/08\/IMG_0936-1870x2493.jpeg 1870w, https:\/\/www.intellectualsovereignty.ch\/wp-content\/uploads\/2020\/08\/IMG_0936-400x533.jpeg 400w, https:\/\/www.intellectualsovereignty.ch\/wp-content\/uploads\/2020\/08\/IMG_0936-800x1067.jpeg 800w, https:\/\/www.intellectualsovereignty.ch\/wp-content\/uploads\/2020\/08\/IMG_0936-scaled.jpeg 1920w\" sizes=\"auto, (max-width: 768px) 100vw, 768px\" \/><\/figure><\/li><li class=\"blocks-gallery-item\"><figure><img loading=\"lazy\" decoding=\"async\" width=\"768\" height=\"1024\" data-attachment-id=\"989\" data-permalink=\"https:\/\/www.intellectualsovereignty.ch\/index.php\/2020\/08\/01\/hike-32-fiescheralp-bettmeralp-belalp-eggerberg\/img_0937\/\" data-orig-file=\"https:\/\/www.intellectualsovereignty.ch\/wp-content\/uploads\/2020\/08\/IMG_0937-scaled.jpeg\" data-orig-size=\"1920,2560\" data-comments-opened=\"0\" data-image-title=\"IMG_0937\" data-image-description=\"\" data-image-caption=\"\" data-large-file=\"https:\/\/www.intellectualsovereignty.ch\/wp-content\/uploads\/2020\/08\/IMG_0937-768x1024.jpeg\" src=\"https:\/\/www.intellectualsovereignty.ch\/wp-content\/uploads\/2020\/08\/IMG_0937-768x1024.jpeg\" alt=\"\" data-id=\"989\" data-full-url=\"https:\/\/www.intellectualsovereignty.ch\/wp-content\/uploads\/2020\/08\/IMG_0937-scaled.jpeg\" data-link=\"https:\/\/www.intellectualsovereignty.ch\/index.php\/2020\/08\/01\/hike-32-fiescheralp-bettmeralp-belalp-eggerberg\/img_0937\/\" class=\"wp-image-989\" srcset=\"https:\/\/www.intellectualsovereignty.ch\/wp-content\/uploads\/2020\/08\/IMG_0937-768x1024.jpeg 768w, https:\/\/www.intellectualsovereignty.ch\/wp-content\/uploads\/2020\/08\/IMG_0937-225x300.jpeg 225w, https:\/\/www.intellectualsovereignty.ch\/wp-content\/uploads\/2020\/08\/IMG_0937-1152x1536.jpeg 1152w, https:\/\/www.intellectualsovereignty.ch\/wp-content\/uploads\/2020\/08\/IMG_0937-1536x2048.jpeg 1536w, https:\/\/www.intellectualsovereignty.ch\/wp-content\/uploads\/2020\/08\/IMG_0937-1870x2493.jpeg 1870w, https:\/\/www.intellectualsovereignty.ch\/wp-content\/uploads\/2020\/08\/IMG_0937-400x533.jpeg 400w, https:\/\/www.intellectualsovereignty.ch\/wp-content\/uploads\/2020\/08\/IMG_0937-800x1067.jpeg 800w, https:\/\/www.intellectualsovereignty.ch\/wp-content\/uploads\/2020\/08\/IMG_0937-scaled.jpeg 1920w\" sizes=\"auto, (max-width: 768px) 100vw, 768px\" \/><\/figure><\/li><li class=\"blocks-gallery-item\"><figure><img loading=\"lazy\" decoding=\"async\" width=\"768\" height=\"1024\" data-attachment-id=\"990\" data-permalink=\"https:\/\/www.intellectualsovereignty.ch\/index.php\/2020\/08\/01\/hike-32-fiescheralp-bettmeralp-belalp-eggerberg\/img_0938\/\" data-orig-file=\"https:\/\/www.intellectualsovereignty.ch\/wp-content\/uploads\/2020\/08\/IMG_0938-scaled.jpeg\" data-orig-size=\"1920,2560\" data-comments-opened=\"0\" data-image-title=\"IMG_0938\" data-image-description=\"\" data-image-caption=\"\" data-large-file=\"https:\/\/www.intellectualsovereignty.ch\/wp-content\/uploads\/2020\/08\/IMG_0938-768x1024.jpeg\" src=\"https:\/\/www.intellectualsovereignty.ch\/wp-content\/uploads\/2020\/08\/IMG_0938-768x1024.jpeg\" alt=\"\" data-id=\"990\" data-full-url=\"https:\/\/www.intellectualsovereignty.ch\/wp-content\/uploads\/2020\/08\/IMG_0938-scaled.jpeg\" data-link=\"https:\/\/www.intellectualsovereignty.ch\/index.php\/2020\/08\/01\/hike-32-fiescheralp-bettmeralp-belalp-eggerberg\/img_0938\/\" class=\"wp-image-990\" srcset=\"https:\/\/www.intellectualsovereignty.ch\/wp-content\/uploads\/2020\/08\/IMG_0938-768x1024.jpeg 768w, https:\/\/www.intellectualsovereignty.ch\/wp-content\/uploads\/2020\/08\/IMG_0938-225x300.jpeg 225w, https:\/\/www.intellectualsovereignty.ch\/wp-content\/uploads\/2020\/08\/IMG_0938-1152x1536.jpeg 1152w, https:\/\/www.intellectualsovereignty.ch\/wp-content\/uploads\/2020\/08\/IMG_0938-1536x2048.jpeg 1536w, https:\/\/www.intellectualsovereignty.ch\/wp-content\/uploads\/2020\/08\/IMG_0938-1870x2493.jpeg 1870w, https:\/\/www.intellectualsovereignty.ch\/wp-content\/uploads\/2020\/08\/IMG_0938-400x533.jpeg 400w, https:\/\/www.intellectualsovereignty.ch\/wp-content\/uploads\/2020\/08\/IMG_0938-800x1067.jpeg 800w, https:\/\/www.intellectualsovereignty.ch\/wp-content\/uploads\/2020\/08\/IMG_0938-scaled.jpeg 1920w\" sizes=\"auto, (max-width: 768px) 100vw, 768px\" \/><\/figure><\/li><li class=\"blocks-gallery-item\"><figure><img loading=\"lazy\" decoding=\"async\" width=\"768\" height=\"1024\" data-attachment-id=\"992\" data-permalink=\"https:\/\/www.intellectualsovereignty.ch\/index.php\/2020\/08\/01\/hike-32-fiescheralp-bettmeralp-belalp-eggerberg\/img_0940\/\" data-orig-file=\"https:\/\/www.intellectualsovereignty.ch\/wp-content\/uploads\/2020\/08\/IMG_0940-scaled.jpeg\" data-orig-size=\"1920,2560\" data-comments-opened=\"0\" data-image-title=\"IMG_0940\" data-image-description=\"\" data-image-caption=\"\" data-large-file=\"https:\/\/www.intellectualsovereignty.ch\/wp-content\/uploads\/2020\/08\/IMG_0940-768x1024.jpeg\" src=\"https:\/\/www.intellectualsovereignty.ch\/wp-content\/uploads\/2020\/08\/IMG_0940-768x1024.jpeg\" alt=\"\" data-id=\"992\" data-full-url=\"https:\/\/www.intellectualsovereignty.ch\/wp-content\/uploads\/2020\/08\/IMG_0940-scaled.jpeg\" data-link=\"https:\/\/www.intellectualsovereignty.ch\/index.php\/2020\/08\/01\/hike-32-fiescheralp-bettmeralp-belalp-eggerberg\/img_0940\/\" class=\"wp-image-992\" srcset=\"https:\/\/www.intellectualsovereignty.ch\/wp-content\/uploads\/2020\/08\/IMG_0940-768x1024.jpeg 768w, https:\/\/www.intellectualsovereignty.ch\/wp-content\/uploads\/2020\/08\/IMG_0940-225x300.jpeg 225w, https:\/\/www.intellectualsovereignty.ch\/wp-content\/uploads\/2020\/08\/IMG_0940-1152x1536.jpeg 1152w, https:\/\/www.intellectualsovereignty.ch\/wp-content\/uploads\/2020\/08\/IMG_0940-1536x2048.jpeg 1536w, https:\/\/www.intellectualsovereignty.ch\/wp-content\/uploads\/2020\/08\/IMG_0940-1870x2493.jpeg 1870w, https:\/\/www.intellectualsovereignty.ch\/wp-content\/uploads\/2020\/08\/IMG_0940-400x533.jpeg 400w, https:\/\/www.intellectualsovereignty.ch\/wp-content\/uploads\/2020\/08\/IMG_0940-800x1067.jpeg 800w, https:\/\/www.intellectualsovereignty.ch\/wp-content\/uploads\/2020\/08\/IMG_0940-scaled.jpeg 1920w\" sizes=\"auto, (max-width: 768px) 100vw, 768px\" \/><\/figure><\/li><li class=\"blocks-gallery-item\"><figure><img loading=\"lazy\" decoding=\"async\" width=\"768\" height=\"1024\" data-attachment-id=\"993\" data-permalink=\"https:\/\/www.intellectualsovereignty.ch\/index.php\/2020\/08\/01\/hike-32-fiescheralp-bettmeralp-belalp-eggerberg\/img_0941\/\" data-orig-file=\"https:\/\/www.intellectualsovereignty.ch\/wp-content\/uploads\/2020\/08\/IMG_0941-scaled.jpeg\" data-orig-size=\"1920,2560\" data-comments-opened=\"0\" data-image-title=\"IMG_0941\" data-image-description=\"\" data-image-caption=\"\" data-large-file=\"https:\/\/www.intellectualsovereignty.ch\/wp-content\/uploads\/2020\/08\/IMG_0941-768x1024.jpeg\" src=\"https:\/\/www.intellectualsovereignty.ch\/wp-content\/uploads\/2020\/08\/IMG_0941-768x1024.jpeg\" alt=\"\" data-id=\"993\" data-full-url=\"https:\/\/www.intellectualsovereignty.ch\/wp-content\/uploads\/2020\/08\/IMG_0941-scaled.jpeg\" data-link=\"https:\/\/www.intellectualsovereignty.ch\/index.php\/2020\/08\/01\/hike-32-fiescheralp-bettmeralp-belalp-eggerberg\/img_0941\/\" class=\"wp-image-993\" srcset=\"https:\/\/www.intellectualsovereignty.ch\/wp-content\/uploads\/2020\/08\/IMG_0941-768x1024.jpeg 768w, https:\/\/www.intellectualsovereignty.ch\/wp-content\/uploads\/2020\/08\/IMG_0941-225x300.jpeg 225w, https:\/\/www.intellectualsovereignty.ch\/wp-content\/uploads\/2020\/08\/IMG_0941-1152x1536.jpeg 1152w, https:\/\/www.intellectualsovereignty.ch\/wp-content\/uploads\/2020\/08\/IMG_0941-1536x2048.jpeg 1536w, https:\/\/www.intellectualsovereignty.ch\/wp-content\/uploads\/2020\/08\/IMG_0941-1870x2493.jpeg 1870w, https:\/\/www.intellectualsovereignty.ch\/wp-content\/uploads\/2020\/08\/IMG_0941-400x533.jpeg 400w, https:\/\/www.intellectualsovereignty.ch\/wp-content\/uploads\/2020\/08\/IMG_0941-800x1067.jpeg 800w, https:\/\/www.intellectualsovereignty.ch\/wp-content\/uploads\/2020\/08\/IMG_0941-scaled.jpeg 1920w\" sizes=\"auto, (max-width: 768px) 100vw, 768px\" \/><\/figure><\/li><\/ul><\/figure>\n\n\n\n<p class=\"wp-block-paragraph\">Von da an geht es steil bergauf bis hin zum Hotel Belalp, wo wir uns auf der Sonnenterrasse und auf unserem Balk\u00f6nchen von den Strapazen erholen. Ein gediegenes Nachtessen und eine himmlische Aussicht runden den Tag ab.<\/p>\n\n\n\n<figure class=\"wp-block-gallery columns-3 is-cropped wp-block-gallery-5 is-layout-flex wp-block-gallery-is-layout-flex\"><ul class=\"blocks-gallery-grid\"><li class=\"blocks-gallery-item\"><figure><img loading=\"lazy\" decoding=\"async\" width=\"768\" height=\"1024\" data-attachment-id=\"994\" data-permalink=\"https:\/\/www.intellectualsovereignty.ch\/index.php\/2020\/08\/01\/hike-32-fiescheralp-bettmeralp-belalp-eggerberg\/img_0942\/\" data-orig-file=\"https:\/\/www.intellectualsovereignty.ch\/wp-content\/uploads\/2020\/08\/IMG_0942-scaled.jpeg\" data-orig-size=\"1920,2560\" data-comments-opened=\"0\" data-image-title=\"IMG_0942\" data-image-description=\"\" data-image-caption=\"\" data-large-file=\"https:\/\/www.intellectualsovereignty.ch\/wp-content\/uploads\/2020\/08\/IMG_0942-768x1024.jpeg\" src=\"https:\/\/www.intellectualsovereignty.ch\/wp-content\/uploads\/2020\/08\/IMG_0942-768x1024.jpeg\" alt=\"\" data-id=\"994\" data-full-url=\"https:\/\/www.intellectualsovereignty.ch\/wp-content\/uploads\/2020\/08\/IMG_0942-scaled.jpeg\" data-link=\"https:\/\/www.intellectualsovereignty.ch\/index.php\/2020\/08\/01\/hike-32-fiescheralp-bettmeralp-belalp-eggerberg\/img_0942\/\" class=\"wp-image-994\" srcset=\"https:\/\/www.intellectualsovereignty.ch\/wp-content\/uploads\/2020\/08\/IMG_0942-768x1024.jpeg 768w, https:\/\/www.intellectualsovereignty.ch\/wp-content\/uploads\/2020\/08\/IMG_0942-225x300.jpeg 225w, https:\/\/www.intellectualsovereignty.ch\/wp-content\/uploads\/2020\/08\/IMG_0942-1152x1536.jpeg 1152w, https:\/\/www.intellectualsovereignty.ch\/wp-content\/uploads\/2020\/08\/IMG_0942-1536x2048.jpeg 1536w, https:\/\/www.intellectualsovereignty.ch\/wp-content\/uploads\/2020\/08\/IMG_0942-1870x2493.jpeg 1870w, https:\/\/www.intellectualsovereignty.ch\/wp-content\/uploads\/2020\/08\/IMG_0942-400x533.jpeg 400w, https:\/\/www.intellectualsovereignty.ch\/wp-content\/uploads\/2020\/08\/IMG_0942-800x1067.jpeg 800w, https:\/\/www.intellectualsovereignty.ch\/wp-content\/uploads\/2020\/08\/IMG_0942-scaled.jpeg 1920w\" sizes=\"auto, (max-width: 768px) 100vw, 768px\" \/><\/figure><\/li><li class=\"blocks-gallery-item\"><figure><img loading=\"lazy\" decoding=\"async\" width=\"1024\" height=\"768\" data-attachment-id=\"996\" data-permalink=\"https:\/\/www.intellectualsovereignty.ch\/index.php\/2020\/08\/01\/hike-32-fiescheralp-bettmeralp-belalp-eggerberg\/img_0944\/\" data-orig-file=\"https:\/\/www.intellectualsovereignty.ch\/wp-content\/uploads\/2020\/08\/IMG_0944-scaled.jpeg\" data-orig-size=\"2560,1920\" data-comments-opened=\"0\" data-image-title=\"IMG_0944\" data-image-description=\"\" data-image-caption=\"\" data-large-file=\"https:\/\/www.intellectualsovereignty.ch\/wp-content\/uploads\/2020\/08\/IMG_0944-1024x768.jpeg\" src=\"https:\/\/www.intellectualsovereignty.ch\/wp-content\/uploads\/2020\/08\/IMG_0944-1024x768.jpeg\" alt=\"\" data-id=\"996\" data-full-url=\"https:\/\/www.intellectualsovereignty.ch\/wp-content\/uploads\/2020\/08\/IMG_0944-scaled.jpeg\" data-link=\"https:\/\/www.intellectualsovereignty.ch\/index.php\/2020\/08\/01\/hike-32-fiescheralp-bettmeralp-belalp-eggerberg\/img_0944\/\" class=\"wp-image-996\" srcset=\"https:\/\/www.intellectualsovereignty.ch\/wp-content\/uploads\/2020\/08\/IMG_0944-1024x768.jpeg 1024w, https:\/\/www.intellectualsovereignty.ch\/wp-content\/uploads\/2020\/08\/IMG_0944-300x225.jpeg 300w, https:\/\/www.intellectualsovereignty.ch\/wp-content\/uploads\/2020\/08\/IMG_0944-768x576.jpeg 768w, https:\/\/www.intellectualsovereignty.ch\/wp-content\/uploads\/2020\/08\/IMG_0944-1536x1152.jpeg 1536w, https:\/\/www.intellectualsovereignty.ch\/wp-content\/uploads\/2020\/08\/IMG_0944-2048x1536.jpeg 2048w, https:\/\/www.intellectualsovereignty.ch\/wp-content\/uploads\/2020\/08\/IMG_0944-1870x1403.jpeg 1870w, https:\/\/www.intellectualsovereignty.ch\/wp-content\/uploads\/2020\/08\/IMG_0944-400x300.jpeg 400w, https:\/\/www.intellectualsovereignty.ch\/wp-content\/uploads\/2020\/08\/IMG_0944-800x600.jpeg 800w\" sizes=\"auto, (max-width: 1024px) 100vw, 1024px\" \/><\/figure><\/li><li class=\"blocks-gallery-item\"><figure><img loading=\"lazy\" decoding=\"async\" width=\"768\" height=\"1024\" data-attachment-id=\"997\" data-permalink=\"https:\/\/www.intellectualsovereignty.ch\/index.php\/2020\/08\/01\/hike-32-fiescheralp-bettmeralp-belalp-eggerberg\/img_0945\/\" data-orig-file=\"https:\/\/www.intellectualsovereignty.ch\/wp-content\/uploads\/2020\/08\/IMG_0945-scaled.jpeg\" data-orig-size=\"1920,2560\" data-comments-opened=\"0\" data-image-title=\"IMG_0945\" data-image-description=\"\" data-image-caption=\"\" data-large-file=\"https:\/\/www.intellectualsovereignty.ch\/wp-content\/uploads\/2020\/08\/IMG_0945-768x1024.jpeg\" src=\"https:\/\/www.intellectualsovereignty.ch\/wp-content\/uploads\/2020\/08\/IMG_0945-768x1024.jpeg\" alt=\"\" data-id=\"997\" data-full-url=\"https:\/\/www.intellectualsovereignty.ch\/wp-content\/uploads\/2020\/08\/IMG_0945-scaled.jpeg\" data-link=\"https:\/\/www.intellectualsovereignty.ch\/index.php\/2020\/08\/01\/hike-32-fiescheralp-bettmeralp-belalp-eggerberg\/img_0945\/\" class=\"wp-image-997\" srcset=\"https:\/\/www.intellectualsovereignty.ch\/wp-content\/uploads\/2020\/08\/IMG_0945-768x1024.jpeg 768w, https:\/\/www.intellectualsovereignty.ch\/wp-content\/uploads\/2020\/08\/IMG_0945-225x300.jpeg 225w, https:\/\/www.intellectualsovereignty.ch\/wp-content\/uploads\/2020\/08\/IMG_0945-1152x1536.jpeg 1152w, https:\/\/www.intellectualsovereignty.ch\/wp-content\/uploads\/2020\/08\/IMG_0945-1536x2048.jpeg 1536w, https:\/\/www.intellectualsovereignty.ch\/wp-content\/uploads\/2020\/08\/IMG_0945-1870x2493.jpeg 1870w, https:\/\/www.intellectualsovereignty.ch\/wp-content\/uploads\/2020\/08\/IMG_0945-400x533.jpeg 400w, https:\/\/www.intellectualsovereignty.ch\/wp-content\/uploads\/2020\/08\/IMG_0945-800x1067.jpeg 800w, https:\/\/www.intellectualsovereignty.ch\/wp-content\/uploads\/2020\/08\/IMG_0945-scaled.jpeg 1920w\" sizes=\"auto, (max-width: 768px) 100vw, 768px\" \/><\/figure><\/li><li class=\"blocks-gallery-item\"><figure><img loading=\"lazy\" decoding=\"async\" width=\"768\" height=\"1024\" data-attachment-id=\"998\" data-permalink=\"https:\/\/www.intellectualsovereignty.ch\/index.php\/2020\/08\/01\/hike-32-fiescheralp-bettmeralp-belalp-eggerberg\/img_0946\/\" data-orig-file=\"https:\/\/www.intellectualsovereignty.ch\/wp-content\/uploads\/2020\/08\/IMG_0946-scaled.jpeg\" data-orig-size=\"1920,2560\" data-comments-opened=\"0\" data-image-title=\"IMG_0946\" data-image-description=\"\" data-image-caption=\"\" data-large-file=\"https:\/\/www.intellectualsovereignty.ch\/wp-content\/uploads\/2020\/08\/IMG_0946-768x1024.jpeg\" src=\"https:\/\/www.intellectualsovereignty.ch\/wp-content\/uploads\/2020\/08\/IMG_0946-768x1024.jpeg\" alt=\"\" data-id=\"998\" data-full-url=\"https:\/\/www.intellectualsovereignty.ch\/wp-content\/uploads\/2020\/08\/IMG_0946-scaled.jpeg\" data-link=\"https:\/\/www.intellectualsovereignty.ch\/index.php\/2020\/08\/01\/hike-32-fiescheralp-bettmeralp-belalp-eggerberg\/img_0946\/\" class=\"wp-image-998\" srcset=\"https:\/\/www.intellectualsovereignty.ch\/wp-content\/uploads\/2020\/08\/IMG_0946-768x1024.jpeg 768w, https:\/\/www.intellectualsovereignty.ch\/wp-content\/uploads\/2020\/08\/IMG_0946-225x300.jpeg 225w, https:\/\/www.intellectualsovereignty.ch\/wp-content\/uploads\/2020\/08\/IMG_0946-1152x1536.jpeg 1152w, https:\/\/www.intellectualsovereignty.ch\/wp-content\/uploads\/2020\/08\/IMG_0946-1536x2048.jpeg 1536w, https:\/\/www.intellectualsovereignty.ch\/wp-content\/uploads\/2020\/08\/IMG_0946-1870x2493.jpeg 1870w, https:\/\/www.intellectualsovereignty.ch\/wp-content\/uploads\/2020\/08\/IMG_0946-400x533.jpeg 400w, https:\/\/www.intellectualsovereignty.ch\/wp-content\/uploads\/2020\/08\/IMG_0946-800x1067.jpeg 800w, https:\/\/www.intellectualsovereignty.ch\/wp-content\/uploads\/2020\/08\/IMG_0946-scaled.jpeg 1920w\" sizes=\"auto, (max-width: 768px) 100vw, 768px\" \/><\/figure><\/li><li class=\"blocks-gallery-item\"><figure><img loading=\"lazy\" decoding=\"async\" width=\"768\" height=\"1024\" data-attachment-id=\"999\" data-permalink=\"https:\/\/www.intellectualsovereignty.ch\/index.php\/2020\/08\/01\/hike-32-fiescheralp-bettmeralp-belalp-eggerberg\/img_0947\/\" data-orig-file=\"https:\/\/www.intellectualsovereignty.ch\/wp-content\/uploads\/2020\/08\/IMG_0947-scaled.jpeg\" data-orig-size=\"1920,2560\" data-comments-opened=\"0\" data-image-title=\"IMG_0947\" data-image-description=\"\" data-image-caption=\"\" data-large-file=\"https:\/\/www.intellectualsovereignty.ch\/wp-content\/uploads\/2020\/08\/IMG_0947-768x1024.jpeg\" src=\"https:\/\/www.intellectualsovereignty.ch\/wp-content\/uploads\/2020\/08\/IMG_0947-768x1024.jpeg\" alt=\"\" data-id=\"999\" data-full-url=\"https:\/\/www.intellectualsovereignty.ch\/wp-content\/uploads\/2020\/08\/IMG_0947-scaled.jpeg\" data-link=\"https:\/\/www.intellectualsovereignty.ch\/index.php\/2020\/08\/01\/hike-32-fiescheralp-bettmeralp-belalp-eggerberg\/img_0947\/\" class=\"wp-image-999\" srcset=\"https:\/\/www.intellectualsovereignty.ch\/wp-content\/uploads\/2020\/08\/IMG_0947-768x1024.jpeg 768w, https:\/\/www.intellectualsovereignty.ch\/wp-content\/uploads\/2020\/08\/IMG_0947-225x300.jpeg 225w, https:\/\/www.intellectualsovereignty.ch\/wp-content\/uploads\/2020\/08\/IMG_0947-1152x1536.jpeg 1152w, https:\/\/www.intellectualsovereignty.ch\/wp-content\/uploads\/2020\/08\/IMG_0947-1536x2048.jpeg 1536w, https:\/\/www.intellectualsovereignty.ch\/wp-content\/uploads\/2020\/08\/IMG_0947-1870x2493.jpeg 1870w, https:\/\/www.intellectualsovereignty.ch\/wp-content\/uploads\/2020\/08\/IMG_0947-400x533.jpeg 400w, https:\/\/www.intellectualsovereignty.ch\/wp-content\/uploads\/2020\/08\/IMG_0947-800x1067.jpeg 800w, https:\/\/www.intellectualsovereignty.ch\/wp-content\/uploads\/2020\/08\/IMG_0947-scaled.jpeg 1920w\" sizes=\"auto, (max-width: 768px) 100vw, 768px\" \/><\/figure><\/li><li class=\"blocks-gallery-item\"><figure><img loading=\"lazy\" decoding=\"async\" width=\"1024\" height=\"239\" data-attachment-id=\"1000\" data-permalink=\"https:\/\/www.intellectualsovereignty.ch\/index.php\/2020\/08\/01\/hike-32-fiescheralp-bettmeralp-belalp-eggerberg\/img_0948\/\" data-orig-file=\"https:\/\/www.intellectualsovereignty.ch\/wp-content\/uploads\/2020\/08\/IMG_0948-scaled.jpeg\" data-orig-size=\"2560,597\" data-comments-opened=\"0\" data-image-title=\"IMG_0948\" data-image-description=\"\" data-image-caption=\"\" data-large-file=\"https:\/\/www.intellectualsovereignty.ch\/wp-content\/uploads\/2020\/08\/IMG_0948-1024x239.jpeg\" src=\"https:\/\/www.intellectualsovereignty.ch\/wp-content\/uploads\/2020\/08\/IMG_0948-1024x239.jpeg\" alt=\"\" data-id=\"1000\" data-full-url=\"https:\/\/www.intellectualsovereignty.ch\/wp-content\/uploads\/2020\/08\/IMG_0948-scaled.jpeg\" data-link=\"https:\/\/www.intellectualsovereignty.ch\/index.php\/2020\/08\/01\/hike-32-fiescheralp-bettmeralp-belalp-eggerberg\/img_0948\/\" class=\"wp-image-1000\" srcset=\"https:\/\/www.intellectualsovereignty.ch\/wp-content\/uploads\/2020\/08\/IMG_0948-1024x239.jpeg 1024w, https:\/\/www.intellectualsovereignty.ch\/wp-content\/uploads\/2020\/08\/IMG_0948-300x70.jpeg 300w, https:\/\/www.intellectualsovereignty.ch\/wp-content\/uploads\/2020\/08\/IMG_0948-768x179.jpeg 768w, https:\/\/www.intellectualsovereignty.ch\/wp-content\/uploads\/2020\/08\/IMG_0948-1536x358.jpeg 1536w, https:\/\/www.intellectualsovereignty.ch\/wp-content\/uploads\/2020\/08\/IMG_0948-2048x477.jpeg 2048w, https:\/\/www.intellectualsovereignty.ch\/wp-content\/uploads\/2020\/08\/IMG_0948-1870x436.jpeg 1870w, https:\/\/www.intellectualsovereignty.ch\/wp-content\/uploads\/2020\/08\/IMG_0948-400x93.jpeg 400w, https:\/\/www.intellectualsovereignty.ch\/wp-content\/uploads\/2020\/08\/IMG_0948-800x186.jpeg 800w\" sizes=\"auto, (max-width: 1024px) 100vw, 1024px\" \/><\/figure><\/li><li class=\"blocks-gallery-item\"><figure><img loading=\"lazy\" decoding=\"async\" width=\"1024\" height=\"768\" data-attachment-id=\"1001\" data-permalink=\"https:\/\/www.intellectualsovereignty.ch\/index.php\/2020\/08\/01\/hike-32-fiescheralp-bettmeralp-belalp-eggerberg\/img_0949\/\" data-orig-file=\"https:\/\/www.intellectualsovereignty.ch\/wp-content\/uploads\/2020\/08\/IMG_0949-scaled.jpeg\" data-orig-size=\"2560,1920\" data-comments-opened=\"0\" data-image-title=\"IMG_0949\" data-image-description=\"\" data-image-caption=\"\" data-large-file=\"https:\/\/www.intellectualsovereignty.ch\/wp-content\/uploads\/2020\/08\/IMG_0949-1024x768.jpeg\" src=\"https:\/\/www.intellectualsovereignty.ch\/wp-content\/uploads\/2020\/08\/IMG_0949-1024x768.jpeg\" alt=\"\" data-id=\"1001\" data-full-url=\"https:\/\/www.intellectualsovereignty.ch\/wp-content\/uploads\/2020\/08\/IMG_0949-scaled.jpeg\" data-link=\"https:\/\/www.intellectualsovereignty.ch\/index.php\/2020\/08\/01\/hike-32-fiescheralp-bettmeralp-belalp-eggerberg\/img_0949\/\" class=\"wp-image-1001\" srcset=\"https:\/\/www.intellectualsovereignty.ch\/wp-content\/uploads\/2020\/08\/IMG_0949-1024x768.jpeg 1024w, https:\/\/www.intellectualsovereignty.ch\/wp-content\/uploads\/2020\/08\/IMG_0949-300x225.jpeg 300w, https:\/\/www.intellectualsovereignty.ch\/wp-content\/uploads\/2020\/08\/IMG_0949-768x576.jpeg 768w, https:\/\/www.intellectualsovereignty.ch\/wp-content\/uploads\/2020\/08\/IMG_0949-1536x1152.jpeg 1536w, https:\/\/www.intellectualsovereignty.ch\/wp-content\/uploads\/2020\/08\/IMG_0949-2048x1536.jpeg 2048w, https:\/\/www.intellectualsovereignty.ch\/wp-content\/uploads\/2020\/08\/IMG_0949-1870x1403.jpeg 1870w, https:\/\/www.intellectualsovereignty.ch\/wp-content\/uploads\/2020\/08\/IMG_0949-400x300.jpeg 400w, https:\/\/www.intellectualsovereignty.ch\/wp-content\/uploads\/2020\/08\/IMG_0949-800x600.jpeg 800w\" sizes=\"auto, (max-width: 1024px) 100vw, 1024px\" \/><\/figure><\/li><li class=\"blocks-gallery-item\"><figure><img loading=\"lazy\" decoding=\"async\" width=\"1024\" height=\"768\" data-attachment-id=\"1002\" data-permalink=\"https:\/\/www.intellectualsovereignty.ch\/index.php\/2020\/08\/01\/hike-32-fiescheralp-bettmeralp-belalp-eggerberg\/img_0950\/\" data-orig-file=\"https:\/\/www.intellectualsovereignty.ch\/wp-content\/uploads\/2020\/08\/IMG_0950-scaled.jpeg\" data-orig-size=\"2560,1920\" data-comments-opened=\"0\" data-image-title=\"IMG_0950\" data-image-description=\"\" data-image-caption=\"\" data-large-file=\"https:\/\/www.intellectualsovereignty.ch\/wp-content\/uploads\/2020\/08\/IMG_0950-1024x768.jpeg\" src=\"https:\/\/www.intellectualsovereignty.ch\/wp-content\/uploads\/2020\/08\/IMG_0950-1024x768.jpeg\" alt=\"\" data-id=\"1002\" data-full-url=\"https:\/\/www.intellectualsovereignty.ch\/wp-content\/uploads\/2020\/08\/IMG_0950-scaled.jpeg\" data-link=\"https:\/\/www.intellectualsovereignty.ch\/index.php\/2020\/08\/01\/hike-32-fiescheralp-bettmeralp-belalp-eggerberg\/img_0950\/\" class=\"wp-image-1002\" srcset=\"https:\/\/www.intellectualsovereignty.ch\/wp-content\/uploads\/2020\/08\/IMG_0950-1024x768.jpeg 1024w, https:\/\/www.intellectualsovereignty.ch\/wp-content\/uploads\/2020\/08\/IMG_0950-300x225.jpeg 300w, https:\/\/www.intellectualsovereignty.ch\/wp-content\/uploads\/2020\/08\/IMG_0950-768x576.jpeg 768w, https:\/\/www.intellectualsovereignty.ch\/wp-content\/uploads\/2020\/08\/IMG_0950-1536x1152.jpeg 1536w, https:\/\/www.intellectualsovereignty.ch\/wp-content\/uploads\/2020\/08\/IMG_0950-2048x1536.jpeg 2048w, https:\/\/www.intellectualsovereignty.ch\/wp-content\/uploads\/2020\/08\/IMG_0950-1870x1403.jpeg 1870w, https:\/\/www.intellectualsovereignty.ch\/wp-content\/uploads\/2020\/08\/IMG_0950-400x300.jpeg 400w, https:\/\/www.intellectualsovereignty.ch\/wp-content\/uploads\/2020\/08\/IMG_0950-800x600.jpeg 800w\" sizes=\"auto, (max-width: 1024px) 100vw, 1024px\" \/><\/figure><\/li><li class=\"blocks-gallery-item\"><figure><img loading=\"lazy\" decoding=\"async\" width=\"768\" height=\"1024\" data-attachment-id=\"1003\" data-permalink=\"https:\/\/www.intellectualsovereignty.ch\/index.php\/2020\/08\/01\/hike-32-fiescheralp-bettmeralp-belalp-eggerberg\/img_0951\/\" data-orig-file=\"https:\/\/www.intellectualsovereignty.ch\/wp-content\/uploads\/2020\/08\/IMG_0951-scaled.jpeg\" data-orig-size=\"1920,2560\" data-comments-opened=\"0\" data-image-title=\"IMG_0951\" data-image-description=\"\" data-image-caption=\"\" data-large-file=\"https:\/\/www.intellectualsovereignty.ch\/wp-content\/uploads\/2020\/08\/IMG_0951-768x1024.jpeg\" src=\"https:\/\/www.intellectualsovereignty.ch\/wp-content\/uploads\/2020\/08\/IMG_0951-768x1024.jpeg\" alt=\"\" data-id=\"1003\" data-full-url=\"https:\/\/www.intellectualsovereignty.ch\/wp-content\/uploads\/2020\/08\/IMG_0951-scaled.jpeg\" data-link=\"https:\/\/www.intellectualsovereignty.ch\/index.php\/2020\/08\/01\/hike-32-fiescheralp-bettmeralp-belalp-eggerberg\/img_0951\/\" class=\"wp-image-1003\" srcset=\"https:\/\/www.intellectualsovereignty.ch\/wp-content\/uploads\/2020\/08\/IMG_0951-768x1024.jpeg 768w, https:\/\/www.intellectualsovereignty.ch\/wp-content\/uploads\/2020\/08\/IMG_0951-225x300.jpeg 225w, https:\/\/www.intellectualsovereignty.ch\/wp-content\/uploads\/2020\/08\/IMG_0951-1152x1536.jpeg 1152w, https:\/\/www.intellectualsovereignty.ch\/wp-content\/uploads\/2020\/08\/IMG_0951-1536x2048.jpeg 1536w, https:\/\/www.intellectualsovereignty.ch\/wp-content\/uploads\/2020\/08\/IMG_0951-1870x2493.jpeg 1870w, https:\/\/www.intellectualsovereignty.ch\/wp-content\/uploads\/2020\/08\/IMG_0951-400x533.jpeg 400w, https:\/\/www.intellectualsovereignty.ch\/wp-content\/uploads\/2020\/08\/IMG_0951-800x1067.jpeg 800w, https:\/\/www.intellectualsovereignty.ch\/wp-content\/uploads\/2020\/08\/IMG_0951-scaled.jpeg 1920w\" sizes=\"auto, (max-width: 768px) 100vw, 768px\" \/><\/figure><\/li><li class=\"blocks-gallery-item\"><figure><img loading=\"lazy\" decoding=\"async\" width=\"768\" height=\"1024\" data-attachment-id=\"1004\" data-permalink=\"https:\/\/www.intellectualsovereignty.ch\/index.php\/2020\/08\/01\/hike-32-fiescheralp-bettmeralp-belalp-eggerberg\/img_0952\/\" data-orig-file=\"https:\/\/www.intellectualsovereignty.ch\/wp-content\/uploads\/2020\/08\/IMG_0952-scaled.jpeg\" data-orig-size=\"1920,2560\" data-comments-opened=\"0\" data-image-title=\"IMG_0952\" data-image-description=\"\" data-image-caption=\"\" data-large-file=\"https:\/\/www.intellectualsovereignty.ch\/wp-content\/uploads\/2020\/08\/IMG_0952-768x1024.jpeg\" src=\"https:\/\/www.intellectualsovereignty.ch\/wp-content\/uploads\/2020\/08\/IMG_0952-768x1024.jpeg\" alt=\"\" data-id=\"1004\" data-full-url=\"https:\/\/www.intellectualsovereignty.ch\/wp-content\/uploads\/2020\/08\/IMG_0952-scaled.jpeg\" data-link=\"https:\/\/www.intellectualsovereignty.ch\/index.php\/2020\/08\/01\/hike-32-fiescheralp-bettmeralp-belalp-eggerberg\/img_0952\/\" class=\"wp-image-1004\" srcset=\"https:\/\/www.intellectualsovereignty.ch\/wp-content\/uploads\/2020\/08\/IMG_0952-768x1024.jpeg 768w, https:\/\/www.intellectualsovereignty.ch\/wp-content\/uploads\/2020\/08\/IMG_0952-225x300.jpeg 225w, https:\/\/www.intellectualsovereignty.ch\/wp-content\/uploads\/2020\/08\/IMG_0952-1152x1536.jpeg 1152w, https:\/\/www.intellectualsovereignty.ch\/wp-content\/uploads\/2020\/08\/IMG_0952-1536x2048.jpeg 1536w, https:\/\/www.intellectualsovereignty.ch\/wp-content\/uploads\/2020\/08\/IMG_0952-1870x2493.jpeg 1870w, https:\/\/www.intellectualsovereignty.ch\/wp-content\/uploads\/2020\/08\/IMG_0952-400x533.jpeg 400w, https:\/\/www.intellectualsovereignty.ch\/wp-content\/uploads\/2020\/08\/IMG_0952-800x1067.jpeg 800w, https:\/\/www.intellectualsovereignty.ch\/wp-content\/uploads\/2020\/08\/IMG_0952-scaled.jpeg 1920w\" sizes=\"auto, (max-width: 768px) 100vw, 768px\" \/><\/figure><\/li><li class=\"blocks-gallery-item\"><figure><img loading=\"lazy\" decoding=\"async\" width=\"1024\" height=\"768\" data-attachment-id=\"1005\" data-permalink=\"https:\/\/www.intellectualsovereignty.ch\/index.php\/2020\/08\/01\/hike-32-fiescheralp-bettmeralp-belalp-eggerberg\/img_0953\/\" data-orig-file=\"https:\/\/www.intellectualsovereignty.ch\/wp-content\/uploads\/2020\/08\/IMG_0953-scaled.jpeg\" data-orig-size=\"2560,1920\" data-comments-opened=\"0\" data-image-title=\"IMG_0953\" data-image-description=\"\" data-image-caption=\"\" data-large-file=\"https:\/\/www.intellectualsovereignty.ch\/wp-content\/uploads\/2020\/08\/IMG_0953-1024x768.jpeg\" src=\"https:\/\/www.intellectualsovereignty.ch\/wp-content\/uploads\/2020\/08\/IMG_0953-1024x768.jpeg\" alt=\"\" data-id=\"1005\" data-full-url=\"https:\/\/www.intellectualsovereignty.ch\/wp-content\/uploads\/2020\/08\/IMG_0953-scaled.jpeg\" data-link=\"https:\/\/www.intellectualsovereignty.ch\/index.php\/2020\/08\/01\/hike-32-fiescheralp-bettmeralp-belalp-eggerberg\/img_0953\/\" class=\"wp-image-1005\" srcset=\"https:\/\/www.intellectualsovereignty.ch\/wp-content\/uploads\/2020\/08\/IMG_0953-1024x768.jpeg 1024w, https:\/\/www.intellectualsovereignty.ch\/wp-content\/uploads\/2020\/08\/IMG_0953-300x225.jpeg 300w, https:\/\/www.intellectualsovereignty.ch\/wp-content\/uploads\/2020\/08\/IMG_0953-768x576.jpeg 768w, https:\/\/www.intellectualsovereignty.ch\/wp-content\/uploads\/2020\/08\/IMG_0953-1536x1152.jpeg 1536w, https:\/\/www.intellectualsovereignty.ch\/wp-content\/uploads\/2020\/08\/IMG_0953-2048x1536.jpeg 2048w, https:\/\/www.intellectualsovereignty.ch\/wp-content\/uploads\/2020\/08\/IMG_0953-1870x1403.jpeg 1870w, https:\/\/www.intellectualsovereignty.ch\/wp-content\/uploads\/2020\/08\/IMG_0953-400x300.jpeg 400w, https:\/\/www.intellectualsovereignty.ch\/wp-content\/uploads\/2020\/08\/IMG_0953-800x600.jpeg 800w\" sizes=\"auto, (max-width: 1024px) 100vw, 1024px\" \/><\/figure><\/li><li class=\"blocks-gallery-item\"><figure><img loading=\"lazy\" decoding=\"async\" width=\"1024\" height=\"297\" data-attachment-id=\"1006\" data-permalink=\"https:\/\/www.intellectualsovereignty.ch\/index.php\/2020\/08\/01\/hike-32-fiescheralp-bettmeralp-belalp-eggerberg\/img_0954\/\" data-orig-file=\"https:\/\/www.intellectualsovereignty.ch\/wp-content\/uploads\/2020\/08\/IMG_0954-scaled.jpeg\" data-orig-size=\"2560,741\" data-comments-opened=\"0\" data-image-title=\"IMG_0954\" data-image-description=\"\" data-image-caption=\"\" data-large-file=\"https:\/\/www.intellectualsovereignty.ch\/wp-content\/uploads\/2020\/08\/IMG_0954-1024x297.jpeg\" src=\"https:\/\/www.intellectualsovereignty.ch\/wp-content\/uploads\/2020\/08\/IMG_0954-1024x297.jpeg\" alt=\"\" data-id=\"1006\" data-full-url=\"https:\/\/www.intellectualsovereignty.ch\/wp-content\/uploads\/2020\/08\/IMG_0954-scaled.jpeg\" data-link=\"https:\/\/www.intellectualsovereignty.ch\/index.php\/2020\/08\/01\/hike-32-fiescheralp-bettmeralp-belalp-eggerberg\/img_0954\/\" class=\"wp-image-1006\" srcset=\"https:\/\/www.intellectualsovereignty.ch\/wp-content\/uploads\/2020\/08\/IMG_0954-1024x297.jpeg 1024w, https:\/\/www.intellectualsovereignty.ch\/wp-content\/uploads\/2020\/08\/IMG_0954-300x87.jpeg 300w, https:\/\/www.intellectualsovereignty.ch\/wp-content\/uploads\/2020\/08\/IMG_0954-768x222.jpeg 768w, https:\/\/www.intellectualsovereignty.ch\/wp-content\/uploads\/2020\/08\/IMG_0954-1536x445.jpeg 1536w, https:\/\/www.intellectualsovereignty.ch\/wp-content\/uploads\/2020\/08\/IMG_0954-2048x593.jpeg 2048w, https:\/\/www.intellectualsovereignty.ch\/wp-content\/uploads\/2020\/08\/IMG_0954-1870x542.jpeg 1870w, https:\/\/www.intellectualsovereignty.ch\/wp-content\/uploads\/2020\/08\/IMG_0954-400x116.jpeg 400w, https:\/\/www.intellectualsovereignty.ch\/wp-content\/uploads\/2020\/08\/IMG_0954-800x232.jpeg 800w\" sizes=\"auto, (max-width: 1024px) 100vw, 1024px\" \/><\/figure><\/li><li class=\"blocks-gallery-item\"><figure><img loading=\"lazy\" decoding=\"async\" width=\"1024\" height=\"768\" data-attachment-id=\"1007\" data-permalink=\"https:\/\/www.intellectualsovereignty.ch\/index.php\/2020\/08\/01\/hike-32-fiescheralp-bettmeralp-belalp-eggerberg\/img_0955\/\" data-orig-file=\"https:\/\/www.intellectualsovereignty.ch\/wp-content\/uploads\/2020\/08\/IMG_0955-scaled.jpeg\" data-orig-size=\"2560,1920\" data-comments-opened=\"0\" data-image-title=\"IMG_0955\" data-image-description=\"\" data-image-caption=\"\" data-large-file=\"https:\/\/www.intellectualsovereignty.ch\/wp-content\/uploads\/2020\/08\/IMG_0955-1024x768.jpeg\" src=\"https:\/\/www.intellectualsovereignty.ch\/wp-content\/uploads\/2020\/08\/IMG_0955-1024x768.jpeg\" alt=\"\" data-id=\"1007\" data-full-url=\"https:\/\/www.intellectualsovereignty.ch\/wp-content\/uploads\/2020\/08\/IMG_0955-scaled.jpeg\" data-link=\"https:\/\/www.intellectualsovereignty.ch\/index.php\/2020\/08\/01\/hike-32-fiescheralp-bettmeralp-belalp-eggerberg\/img_0955\/\" class=\"wp-image-1007\" srcset=\"https:\/\/www.intellectualsovereignty.ch\/wp-content\/uploads\/2020\/08\/IMG_0955-1024x768.jpeg 1024w, https:\/\/www.intellectualsovereignty.ch\/wp-content\/uploads\/2020\/08\/IMG_0955-300x225.jpeg 300w, https:\/\/www.intellectualsovereignty.ch\/wp-content\/uploads\/2020\/08\/IMG_0955-768x576.jpeg 768w, https:\/\/www.intellectualsovereignty.ch\/wp-content\/uploads\/2020\/08\/IMG_0955-1536x1152.jpeg 1536w, https:\/\/www.intellectualsovereignty.ch\/wp-content\/uploads\/2020\/08\/IMG_0955-2048x1536.jpeg 2048w, https:\/\/www.intellectualsovereignty.ch\/wp-content\/uploads\/2020\/08\/IMG_0955-1870x1403.jpeg 1870w, https:\/\/www.intellectualsovereignty.ch\/wp-content\/uploads\/2020\/08\/IMG_0955-400x300.jpeg 400w, https:\/\/www.intellectualsovereignty.ch\/wp-content\/uploads\/2020\/08\/IMG_0955-800x600.jpeg 800w\" sizes=\"auto, (max-width: 1024px) 100vw, 1024px\" \/><\/figure><\/li><li class=\"blocks-gallery-item\"><figure><img loading=\"lazy\" decoding=\"async\" width=\"768\" height=\"1024\" data-attachment-id=\"1008\" data-permalink=\"https:\/\/www.intellectualsovereignty.ch\/index.php\/2020\/08\/01\/hike-32-fiescheralp-bettmeralp-belalp-eggerberg\/img_0957\/\" data-orig-file=\"https:\/\/www.intellectualsovereignty.ch\/wp-content\/uploads\/2020\/08\/IMG_0957-scaled.jpeg\" data-orig-size=\"1920,2560\" data-comments-opened=\"0\" data-image-title=\"IMG_0957\" data-image-description=\"\" data-image-caption=\"\" data-large-file=\"https:\/\/www.intellectualsovereignty.ch\/wp-content\/uploads\/2020\/08\/IMG_0957-768x1024.jpeg\" src=\"https:\/\/www.intellectualsovereignty.ch\/wp-content\/uploads\/2020\/08\/IMG_0957-768x1024.jpeg\" alt=\"\" data-id=\"1008\" data-full-url=\"https:\/\/www.intellectualsovereignty.ch\/wp-content\/uploads\/2020\/08\/IMG_0957-scaled.jpeg\" data-link=\"https:\/\/www.intellectualsovereignty.ch\/index.php\/2020\/08\/01\/hike-32-fiescheralp-bettmeralp-belalp-eggerberg\/img_0957\/\" class=\"wp-image-1008\" srcset=\"https:\/\/www.intellectualsovereignty.ch\/wp-content\/uploads\/2020\/08\/IMG_0957-768x1024.jpeg 768w, https:\/\/www.intellectualsovereignty.ch\/wp-content\/uploads\/2020\/08\/IMG_0957-225x300.jpeg 225w, https:\/\/www.intellectualsovereignty.ch\/wp-content\/uploads\/2020\/08\/IMG_0957-1152x1536.jpeg 1152w, https:\/\/www.intellectualsovereignty.ch\/wp-content\/uploads\/2020\/08\/IMG_0957-1536x2048.jpeg 1536w, https:\/\/www.intellectualsovereignty.ch\/wp-content\/uploads\/2020\/08\/IMG_0957-1870x2493.jpeg 1870w, https:\/\/www.intellectualsovereignty.ch\/wp-content\/uploads\/2020\/08\/IMG_0957-400x533.jpeg 400w, https:\/\/www.intellectualsovereignty.ch\/wp-content\/uploads\/2020\/08\/IMG_0957-800x1067.jpeg 800w, https:\/\/www.intellectualsovereignty.ch\/wp-content\/uploads\/2020\/08\/IMG_0957-scaled.jpeg 1920w\" sizes=\"auto, (max-width: 768px) 100vw, 768px\" \/><\/figure><\/li><li class=\"blocks-gallery-item\"><figure><img loading=\"lazy\" decoding=\"async\" width=\"1024\" height=\"353\" data-attachment-id=\"1009\" data-permalink=\"https:\/\/www.intellectualsovereignty.ch\/index.php\/2020\/08\/01\/hike-32-fiescheralp-bettmeralp-belalp-eggerberg\/img_0958\/\" data-orig-file=\"https:\/\/www.intellectualsovereignty.ch\/wp-content\/uploads\/2020\/08\/IMG_0958-scaled.jpeg\" data-orig-size=\"2560,882\" data-comments-opened=\"0\" data-image-title=\"IMG_0958\" data-image-description=\"\" data-image-caption=\"\" data-large-file=\"https:\/\/www.intellectualsovereignty.ch\/wp-content\/uploads\/2020\/08\/IMG_0958-1024x353.jpeg\" src=\"https:\/\/www.intellectualsovereignty.ch\/wp-content\/uploads\/2020\/08\/IMG_0958-1024x353.jpeg\" alt=\"\" data-id=\"1009\" data-full-url=\"https:\/\/www.intellectualsovereignty.ch\/wp-content\/uploads\/2020\/08\/IMG_0958-scaled.jpeg\" data-link=\"https:\/\/www.intellectualsovereignty.ch\/index.php\/2020\/08\/01\/hike-32-fiescheralp-bettmeralp-belalp-eggerberg\/img_0958\/\" class=\"wp-image-1009\" srcset=\"https:\/\/www.intellectualsovereignty.ch\/wp-content\/uploads\/2020\/08\/IMG_0958-1024x353.jpeg 1024w, https:\/\/www.intellectualsovereignty.ch\/wp-content\/uploads\/2020\/08\/IMG_0958-300x103.jpeg 300w, https:\/\/www.intellectualsovereignty.ch\/wp-content\/uploads\/2020\/08\/IMG_0958-768x265.jpeg 768w, https:\/\/www.intellectualsovereignty.ch\/wp-content\/uploads\/2020\/08\/IMG_0958-1536x529.jpeg 1536w, https:\/\/www.intellectualsovereignty.ch\/wp-content\/uploads\/2020\/08\/IMG_0958-2048x706.jpeg 2048w, https:\/\/www.intellectualsovereignty.ch\/wp-content\/uploads\/2020\/08\/IMG_0958-1870x644.jpeg 1870w, https:\/\/www.intellectualsovereignty.ch\/wp-content\/uploads\/2020\/08\/IMG_0958-400x138.jpeg 400w, https:\/\/www.intellectualsovereignty.ch\/wp-content\/uploads\/2020\/08\/IMG_0958-800x276.jpeg 800w\" sizes=\"auto, (max-width: 1024px) 100vw, 1024px\" \/><\/figure><\/li><li class=\"blocks-gallery-item\"><figure><img loading=\"lazy\" decoding=\"async\" width=\"1024\" height=\"768\" data-attachment-id=\"1010\" data-permalink=\"https:\/\/www.intellectualsovereignty.ch\/index.php\/2020\/08\/01\/hike-32-fiescheralp-bettmeralp-belalp-eggerberg\/img_0959\/\" data-orig-file=\"https:\/\/www.intellectualsovereignty.ch\/wp-content\/uploads\/2020\/08\/IMG_0959-scaled.jpeg\" data-orig-size=\"2560,1920\" data-comments-opened=\"0\" data-image-title=\"IMG_0959\" data-image-description=\"\" data-image-caption=\"\" data-large-file=\"https:\/\/www.intellectualsovereignty.ch\/wp-content\/uploads\/2020\/08\/IMG_0959-1024x768.jpeg\" src=\"https:\/\/www.intellectualsovereignty.ch\/wp-content\/uploads\/2020\/08\/IMG_0959-1024x768.jpeg\" alt=\"\" data-id=\"1010\" data-full-url=\"https:\/\/www.intellectualsovereignty.ch\/wp-content\/uploads\/2020\/08\/IMG_0959-scaled.jpeg\" data-link=\"https:\/\/www.intellectualsovereignty.ch\/index.php\/2020\/08\/01\/hike-32-fiescheralp-bettmeralp-belalp-eggerberg\/img_0959\/\" class=\"wp-image-1010\" srcset=\"https:\/\/www.intellectualsovereignty.ch\/wp-content\/uploads\/2020\/08\/IMG_0959-1024x768.jpeg 1024w, https:\/\/www.intellectualsovereignty.ch\/wp-content\/uploads\/2020\/08\/IMG_0959-300x225.jpeg 300w, https:\/\/www.intellectualsovereignty.ch\/wp-content\/uploads\/2020\/08\/IMG_0959-768x576.jpeg 768w, https:\/\/www.intellectualsovereignty.ch\/wp-content\/uploads\/2020\/08\/IMG_0959-1536x1152.jpeg 1536w, https:\/\/www.intellectualsovereignty.ch\/wp-content\/uploads\/2020\/08\/IMG_0959-2048x1536.jpeg 2048w, https:\/\/www.intellectualsovereignty.ch\/wp-content\/uploads\/2020\/08\/IMG_0959-1870x1403.jpeg 1870w, https:\/\/www.intellectualsovereignty.ch\/wp-content\/uploads\/2020\/08\/IMG_0959-400x300.jpeg 400w, https:\/\/www.intellectualsovereignty.ch\/wp-content\/uploads\/2020\/08\/IMG_0959-800x600.jpeg 800w\" sizes=\"auto, (max-width: 1024px) 100vw, 1024px\" \/><\/figure><\/li><li class=\"blocks-gallery-item\"><figure><img loading=\"lazy\" decoding=\"async\" width=\"1024\" height=\"768\" data-attachment-id=\"1011\" data-permalink=\"https:\/\/www.intellectualsovereignty.ch\/index.php\/2020\/08\/01\/hike-32-fiescheralp-bettmeralp-belalp-eggerberg\/img_0960\/\" data-orig-file=\"https:\/\/www.intellectualsovereignty.ch\/wp-content\/uploads\/2020\/08\/IMG_0960-scaled.jpeg\" data-orig-size=\"2560,1920\" data-comments-opened=\"0\" data-image-title=\"IMG_0960\" data-image-description=\"\" data-image-caption=\"\" data-large-file=\"https:\/\/www.intellectualsovereignty.ch\/wp-content\/uploads\/2020\/08\/IMG_0960-1024x768.jpeg\" src=\"https:\/\/www.intellectualsovereignty.ch\/wp-content\/uploads\/2020\/08\/IMG_0960-1024x768.jpeg\" alt=\"\" data-id=\"1011\" data-full-url=\"https:\/\/www.intellectualsovereignty.ch\/wp-content\/uploads\/2020\/08\/IMG_0960-scaled.jpeg\" data-link=\"https:\/\/www.intellectualsovereignty.ch\/index.php\/2020\/08\/01\/hike-32-fiescheralp-bettmeralp-belalp-eggerberg\/img_0960\/\" class=\"wp-image-1011\" srcset=\"https:\/\/www.intellectualsovereignty.ch\/wp-content\/uploads\/2020\/08\/IMG_0960-1024x768.jpeg 1024w, https:\/\/www.intellectualsovereignty.ch\/wp-content\/uploads\/2020\/08\/IMG_0960-300x225.jpeg 300w, https:\/\/www.intellectualsovereignty.ch\/wp-content\/uploads\/2020\/08\/IMG_0960-768x576.jpeg 768w, https:\/\/www.intellectualsovereignty.ch\/wp-content\/uploads\/2020\/08\/IMG_0960-1536x1152.jpeg 1536w, https:\/\/www.intellectualsovereignty.ch\/wp-content\/uploads\/2020\/08\/IMG_0960-2048x1536.jpeg 2048w, https:\/\/www.intellectualsovereignty.ch\/wp-content\/uploads\/2020\/08\/IMG_0960-1870x1403.jpeg 1870w, https:\/\/www.intellectualsovereignty.ch\/wp-content\/uploads\/2020\/08\/IMG_0960-400x300.jpeg 400w, https:\/\/www.intellectualsovereignty.ch\/wp-content\/uploads\/2020\/08\/IMG_0960-800x600.jpeg 800w\" sizes=\"auto, (max-width: 1024px) 100vw, 1024px\" \/><\/figure><\/li><li class=\"blocks-gallery-item\"><figure><img loading=\"lazy\" decoding=\"async\" width=\"768\" height=\"1024\" data-attachment-id=\"1012\" data-permalink=\"https:\/\/www.intellectualsovereignty.ch\/index.php\/2020\/08\/01\/hike-32-fiescheralp-bettmeralp-belalp-eggerberg\/img_0961\/\" data-orig-file=\"https:\/\/www.intellectualsovereignty.ch\/wp-content\/uploads\/2020\/08\/IMG_0961-scaled.jpeg\" data-orig-size=\"1920,2560\" data-comments-opened=\"0\" data-image-title=\"IMG_0961\" data-image-description=\"\" data-image-caption=\"\" data-large-file=\"https:\/\/www.intellectualsovereignty.ch\/wp-content\/uploads\/2020\/08\/IMG_0961-768x1024.jpeg\" src=\"https:\/\/www.intellectualsovereignty.ch\/wp-content\/uploads\/2020\/08\/IMG_0961-768x1024.jpeg\" alt=\"\" data-id=\"1012\" data-full-url=\"https:\/\/www.intellectualsovereignty.ch\/wp-content\/uploads\/2020\/08\/IMG_0961-scaled.jpeg\" data-link=\"https:\/\/www.intellectualsovereignty.ch\/index.php\/2020\/08\/01\/hike-32-fiescheralp-bettmeralp-belalp-eggerberg\/img_0961\/\" class=\"wp-image-1012\" srcset=\"https:\/\/www.intellectualsovereignty.ch\/wp-content\/uploads\/2020\/08\/IMG_0961-768x1024.jpeg 768w, https:\/\/www.intellectualsovereignty.ch\/wp-content\/uploads\/2020\/08\/IMG_0961-225x300.jpeg 225w, https:\/\/www.intellectualsovereignty.ch\/wp-content\/uploads\/2020\/08\/IMG_0961-1152x1536.jpeg 1152w, https:\/\/www.intellectualsovereignty.ch\/wp-content\/uploads\/2020\/08\/IMG_0961-1536x2048.jpeg 1536w, https:\/\/www.intellectualsovereignty.ch\/wp-content\/uploads\/2020\/08\/IMG_0961-1870x2493.jpeg 1870w, https:\/\/www.intellectualsovereignty.ch\/wp-content\/uploads\/2020\/08\/IMG_0961-400x533.jpeg 400w, https:\/\/www.intellectualsovereignty.ch\/wp-content\/uploads\/2020\/08\/IMG_0961-800x1067.jpeg 800w, https:\/\/www.intellectualsovereignty.ch\/wp-content\/uploads\/2020\/08\/IMG_0961-scaled.jpeg 1920w\" sizes=\"auto, (max-width: 768px) 100vw, 768px\" \/><\/figure><\/li><li class=\"blocks-gallery-item\"><figure><img loading=\"lazy\" decoding=\"async\" width=\"768\" height=\"1024\" data-attachment-id=\"1013\" data-permalink=\"https:\/\/www.intellectualsovereignty.ch\/index.php\/2020\/08\/01\/hike-32-fiescheralp-bettmeralp-belalp-eggerberg\/img_0962\/\" data-orig-file=\"https:\/\/www.intellectualsovereignty.ch\/wp-content\/uploads\/2020\/08\/IMG_0962-scaled.jpeg\" data-orig-size=\"1920,2560\" data-comments-opened=\"0\" data-image-title=\"IMG_0962\" data-image-description=\"\" data-image-caption=\"\" data-large-file=\"https:\/\/www.intellectualsovereignty.ch\/wp-content\/uploads\/2020\/08\/IMG_0962-768x1024.jpeg\" src=\"https:\/\/www.intellectualsovereignty.ch\/wp-content\/uploads\/2020\/08\/IMG_0962-768x1024.jpeg\" alt=\"\" data-id=\"1013\" data-full-url=\"https:\/\/www.intellectualsovereignty.ch\/wp-content\/uploads\/2020\/08\/IMG_0962-scaled.jpeg\" data-link=\"https:\/\/www.intellectualsovereignty.ch\/index.php\/2020\/08\/01\/hike-32-fiescheralp-bettmeralp-belalp-eggerberg\/img_0962\/\" class=\"wp-image-1013\" srcset=\"https:\/\/www.intellectualsovereignty.ch\/wp-content\/uploads\/2020\/08\/IMG_0962-768x1024.jpeg 768w, https:\/\/www.intellectualsovereignty.ch\/wp-content\/uploads\/2020\/08\/IMG_0962-225x300.jpeg 225w, https:\/\/www.intellectualsovereignty.ch\/wp-content\/uploads\/2020\/08\/IMG_0962-1152x1536.jpeg 1152w, https:\/\/www.intellectualsovereignty.ch\/wp-content\/uploads\/2020\/08\/IMG_0962-1536x2048.jpeg 1536w, https:\/\/www.intellectualsovereignty.ch\/wp-content\/uploads\/2020\/08\/IMG_0962-1870x2493.jpeg 1870w, https:\/\/www.intellectualsovereignty.ch\/wp-content\/uploads\/2020\/08\/IMG_0962-400x533.jpeg 400w, https:\/\/www.intellectualsovereignty.ch\/wp-content\/uploads\/2020\/08\/IMG_0962-800x1067.jpeg 800w, https:\/\/www.intellectualsovereignty.ch\/wp-content\/uploads\/2020\/08\/IMG_0962-scaled.jpeg 1920w\" sizes=\"auto, (max-width: 768px) 100vw, 768px\" \/><\/figure><\/li><li class=\"blocks-gallery-item\"><figure><img loading=\"lazy\" decoding=\"async\" width=\"1024\" height=\"397\" data-attachment-id=\"1014\" data-permalink=\"https:\/\/www.intellectualsovereignty.ch\/index.php\/2020\/08\/01\/hike-32-fiescheralp-bettmeralp-belalp-eggerberg\/img_0963\/\" data-orig-file=\"https:\/\/www.intellectualsovereignty.ch\/wp-content\/uploads\/2020\/08\/IMG_0963-scaled.jpeg\" data-orig-size=\"2560,991\" data-comments-opened=\"0\" data-image-title=\"IMG_0963\" data-image-description=\"\" data-image-caption=\"\" data-large-file=\"https:\/\/www.intellectualsovereignty.ch\/wp-content\/uploads\/2020\/08\/IMG_0963-1024x397.jpeg\" src=\"https:\/\/www.intellectualsovereignty.ch\/wp-content\/uploads\/2020\/08\/IMG_0963-1024x397.jpeg\" alt=\"\" data-id=\"1014\" data-full-url=\"https:\/\/www.intellectualsovereignty.ch\/wp-content\/uploads\/2020\/08\/IMG_0963-scaled.jpeg\" data-link=\"https:\/\/www.intellectualsovereignty.ch\/index.php\/2020\/08\/01\/hike-32-fiescheralp-bettmeralp-belalp-eggerberg\/img_0963\/\" class=\"wp-image-1014\" srcset=\"https:\/\/www.intellectualsovereignty.ch\/wp-content\/uploads\/2020\/08\/IMG_0963-1024x397.jpeg 1024w, https:\/\/www.intellectualsovereignty.ch\/wp-content\/uploads\/2020\/08\/IMG_0963-300x116.jpeg 300w, https:\/\/www.intellectualsovereignty.ch\/wp-content\/uploads\/2020\/08\/IMG_0963-768x297.jpeg 768w, https:\/\/www.intellectualsovereignty.ch\/wp-content\/uploads\/2020\/08\/IMG_0963-1536x595.jpeg 1536w, https:\/\/www.intellectualsovereignty.ch\/wp-content\/uploads\/2020\/08\/IMG_0963-2048x793.jpeg 2048w, https:\/\/www.intellectualsovereignty.ch\/wp-content\/uploads\/2020\/08\/IMG_0963-1870x724.jpeg 1870w, https:\/\/www.intellectualsovereignty.ch\/wp-content\/uploads\/2020\/08\/IMG_0963-400x155.jpeg 400w, https:\/\/www.intellectualsovereignty.ch\/wp-content\/uploads\/2020\/08\/IMG_0963-800x310.jpeg 800w\" sizes=\"auto, (max-width: 1024px) 100vw, 1024px\" \/><\/figure><\/li><li class=\"blocks-gallery-item\"><figure><img loading=\"lazy\" decoding=\"async\" width=\"768\" height=\"1024\" data-attachment-id=\"1015\" data-permalink=\"https:\/\/www.intellectualsovereignty.ch\/index.php\/2020\/08\/01\/hike-32-fiescheralp-bettmeralp-belalp-eggerberg\/img_0964\/\" data-orig-file=\"https:\/\/www.intellectualsovereignty.ch\/wp-content\/uploads\/2020\/08\/IMG_0964-scaled.jpeg\" data-orig-size=\"1920,2560\" data-comments-opened=\"0\" data-image-title=\"IMG_0964\" data-image-description=\"\" data-image-caption=\"\" data-large-file=\"https:\/\/www.intellectualsovereignty.ch\/wp-content\/uploads\/2020\/08\/IMG_0964-768x1024.jpeg\" src=\"https:\/\/www.intellectualsovereignty.ch\/wp-content\/uploads\/2020\/08\/IMG_0964-768x1024.jpeg\" alt=\"\" data-id=\"1015\" data-full-url=\"https:\/\/www.intellectualsovereignty.ch\/wp-content\/uploads\/2020\/08\/IMG_0964-scaled.jpeg\" data-link=\"https:\/\/www.intellectualsovereignty.ch\/index.php\/2020\/08\/01\/hike-32-fiescheralp-bettmeralp-belalp-eggerberg\/img_0964\/\" class=\"wp-image-1015\" srcset=\"https:\/\/www.intellectualsovereignty.ch\/wp-content\/uploads\/2020\/08\/IMG_0964-768x1024.jpeg 768w, https:\/\/www.intellectualsovereignty.ch\/wp-content\/uploads\/2020\/08\/IMG_0964-225x300.jpeg 225w, https:\/\/www.intellectualsovereignty.ch\/wp-content\/uploads\/2020\/08\/IMG_0964-1152x1536.jpeg 1152w, https:\/\/www.intellectualsovereignty.ch\/wp-content\/uploads\/2020\/08\/IMG_0964-1536x2048.jpeg 1536w, https:\/\/www.intellectualsovereignty.ch\/wp-content\/uploads\/2020\/08\/IMG_0964-1870x2493.jpeg 1870w, https:\/\/www.intellectualsovereignty.ch\/wp-content\/uploads\/2020\/08\/IMG_0964-400x533.jpeg 400w, https:\/\/www.intellectualsovereignty.ch\/wp-content\/uploads\/2020\/08\/IMG_0964-800x1067.jpeg 800w, https:\/\/www.intellectualsovereignty.ch\/wp-content\/uploads\/2020\/08\/IMG_0964-scaled.jpeg 1920w\" sizes=\"auto, (max-width: 768px) 100vw, 768px\" \/><\/figure><\/li><li class=\"blocks-gallery-item\"><figure><img loading=\"lazy\" decoding=\"async\" width=\"769\" height=\"1024\" data-attachment-id=\"1016\" data-permalink=\"https:\/\/www.intellectualsovereignty.ch\/index.php\/2020\/08\/01\/hike-32-fiescheralp-bettmeralp-belalp-eggerberg\/img_5941\/\" data-orig-file=\"https:\/\/www.intellectualsovereignty.ch\/wp-content\/uploads\/2020\/08\/IMG_5941-scaled.jpeg\" data-orig-size=\"1923,2560\" data-comments-opened=\"0\" data-image-title=\"IMG_5941\" data-image-description=\"\" data-image-caption=\"\" data-large-file=\"https:\/\/www.intellectualsovereignty.ch\/wp-content\/uploads\/2020\/08\/IMG_5941-769x1024.jpeg\" src=\"https:\/\/www.intellectualsovereignty.ch\/wp-content\/uploads\/2020\/08\/IMG_5941-769x1024.jpeg\" alt=\"\" data-id=\"1016\" data-full-url=\"https:\/\/www.intellectualsovereignty.ch\/wp-content\/uploads\/2020\/08\/IMG_5941-scaled.jpeg\" data-link=\"https:\/\/www.intellectualsovereignty.ch\/index.php\/2020\/08\/01\/hike-32-fiescheralp-bettmeralp-belalp-eggerberg\/img_5941\/\" class=\"wp-image-1016\" srcset=\"https:\/\/www.intellectualsovereignty.ch\/wp-content\/uploads\/2020\/08\/IMG_5941-769x1024.jpeg 769w, https:\/\/www.intellectualsovereignty.ch\/wp-content\/uploads\/2020\/08\/IMG_5941-225x300.jpeg 225w, https:\/\/www.intellectualsovereignty.ch\/wp-content\/uploads\/2020\/08\/IMG_5941-768x1022.jpeg 768w, https:\/\/www.intellectualsovereignty.ch\/wp-content\/uploads\/2020\/08\/IMG_5941-1154x1536.jpeg 1154w, https:\/\/www.intellectualsovereignty.ch\/wp-content\/uploads\/2020\/08\/IMG_5941-1539x2048.jpeg 1539w, https:\/\/www.intellectualsovereignty.ch\/wp-content\/uploads\/2020\/08\/IMG_5941-1870x2489.jpeg 1870w, https:\/\/www.intellectualsovereignty.ch\/wp-content\/uploads\/2020\/08\/IMG_5941-400x532.jpeg 400w, https:\/\/www.intellectualsovereignty.ch\/wp-content\/uploads\/2020\/08\/IMG_5941-800x1065.jpeg 800w, https:\/\/www.intellectualsovereignty.ch\/wp-content\/uploads\/2020\/08\/IMG_5941-scaled.jpeg 1923w\" sizes=\"auto, (max-width: 769px) 100vw, 769px\" \/><\/figure><\/li><li class=\"blocks-gallery-item\"><figure><img loading=\"lazy\" decoding=\"async\" width=\"1024\" height=\"768\" data-attachment-id=\"1017\" data-permalink=\"https:\/\/www.intellectualsovereignty.ch\/index.php\/2020\/08\/01\/hike-32-fiescheralp-bettmeralp-belalp-eggerberg\/img_0965\/\" data-orig-file=\"https:\/\/www.intellectualsovereignty.ch\/wp-content\/uploads\/2020\/08\/IMG_0965-scaled.jpeg\" data-orig-size=\"2560,1920\" data-comments-opened=\"0\" data-image-title=\"IMG_0965\" data-image-description=\"\" data-image-caption=\"\" data-large-file=\"https:\/\/www.intellectualsovereignty.ch\/wp-content\/uploads\/2020\/08\/IMG_0965-1024x768.jpeg\" src=\"https:\/\/www.intellectualsovereignty.ch\/wp-content\/uploads\/2020\/08\/IMG_0965-1024x768.jpeg\" alt=\"\" data-id=\"1017\" data-full-url=\"https:\/\/www.intellectualsovereignty.ch\/wp-content\/uploads\/2020\/08\/IMG_0965-scaled.jpeg\" data-link=\"https:\/\/www.intellectualsovereignty.ch\/index.php\/2020\/08\/01\/hike-32-fiescheralp-bettmeralp-belalp-eggerberg\/img_0965\/\" class=\"wp-image-1017\" srcset=\"https:\/\/www.intellectualsovereignty.ch\/wp-content\/uploads\/2020\/08\/IMG_0965-1024x768.jpeg 1024w, https:\/\/www.intellectualsovereignty.ch\/wp-content\/uploads\/2020\/08\/IMG_0965-300x225.jpeg 300w, https:\/\/www.intellectualsovereignty.ch\/wp-content\/uploads\/2020\/08\/IMG_0965-768x576.jpeg 768w, https:\/\/www.intellectualsovereignty.ch\/wp-content\/uploads\/2020\/08\/IMG_0965-1536x1152.jpeg 1536w, https:\/\/www.intellectualsovereignty.ch\/wp-content\/uploads\/2020\/08\/IMG_0965-2048x1536.jpeg 2048w, https:\/\/www.intellectualsovereignty.ch\/wp-content\/uploads\/2020\/08\/IMG_0965-1870x1403.jpeg 1870w, https:\/\/www.intellectualsovereignty.ch\/wp-content\/uploads\/2020\/08\/IMG_0965-400x300.jpeg 400w, https:\/\/www.intellectualsovereignty.ch\/wp-content\/uploads\/2020\/08\/IMG_0965-800x600.jpeg 800w\" sizes=\"auto, (max-width: 1024px) 100vw, 1024px\" \/><\/figure><\/li><li class=\"blocks-gallery-item\"><figure><img loading=\"lazy\" decoding=\"async\" width=\"768\" height=\"1024\" data-attachment-id=\"1018\" data-permalink=\"https:\/\/www.intellectualsovereignty.ch\/index.php\/2020\/08\/01\/hike-32-fiescheralp-bettmeralp-belalp-eggerberg\/img_0966\/\" data-orig-file=\"https:\/\/www.intellectualsovereignty.ch\/wp-content\/uploads\/2020\/08\/IMG_0966-scaled.jpeg\" data-orig-size=\"1920,2560\" data-comments-opened=\"0\" data-image-title=\"IMG_0966\" data-image-description=\"\" data-image-caption=\"\" data-large-file=\"https:\/\/www.intellectualsovereignty.ch\/wp-content\/uploads\/2020\/08\/IMG_0966-768x1024.jpeg\" src=\"https:\/\/www.intellectualsovereignty.ch\/wp-content\/uploads\/2020\/08\/IMG_0966-768x1024.jpeg\" alt=\"\" data-id=\"1018\" data-full-url=\"https:\/\/www.intellectualsovereignty.ch\/wp-content\/uploads\/2020\/08\/IMG_0966-scaled.jpeg\" data-link=\"https:\/\/www.intellectualsovereignty.ch\/index.php\/2020\/08\/01\/hike-32-fiescheralp-bettmeralp-belalp-eggerberg\/img_0966\/\" class=\"wp-image-1018\" srcset=\"https:\/\/www.intellectualsovereignty.ch\/wp-content\/uploads\/2020\/08\/IMG_0966-768x1024.jpeg 768w, https:\/\/www.intellectualsovereignty.ch\/wp-content\/uploads\/2020\/08\/IMG_0966-225x300.jpeg 225w, https:\/\/www.intellectualsovereignty.ch\/wp-content\/uploads\/2020\/08\/IMG_0966-1152x1536.jpeg 1152w, https:\/\/www.intellectualsovereignty.ch\/wp-content\/uploads\/2020\/08\/IMG_0966-1536x2048.jpeg 1536w, https:\/\/www.intellectualsovereignty.ch\/wp-content\/uploads\/2020\/08\/IMG_0966-1870x2493.jpeg 1870w, https:\/\/www.intellectualsovereignty.ch\/wp-content\/uploads\/2020\/08\/IMG_0966-400x533.jpeg 400w, https:\/\/www.intellectualsovereignty.ch\/wp-content\/uploads\/2020\/08\/IMG_0966-800x1067.jpeg 800w, https:\/\/www.intellectualsovereignty.ch\/wp-content\/uploads\/2020\/08\/IMG_0966-scaled.jpeg 1920w\" sizes=\"auto, (max-width: 768px) 100vw, 768px\" \/><\/figure><\/li><li class=\"blocks-gallery-item\"><figure><img loading=\"lazy\" decoding=\"async\" width=\"1024\" height=\"768\" data-attachment-id=\"1019\" data-permalink=\"https:\/\/www.intellectualsovereignty.ch\/index.php\/2020\/08\/01\/hike-32-fiescheralp-bettmeralp-belalp-eggerberg\/img_0967\/\" data-orig-file=\"https:\/\/www.intellectualsovereignty.ch\/wp-content\/uploads\/2020\/08\/IMG_0967-scaled.jpeg\" data-orig-size=\"2560,1920\" data-comments-opened=\"0\" data-image-title=\"IMG_0967\" data-image-description=\"\" data-image-caption=\"\" data-large-file=\"https:\/\/www.intellectualsovereignty.ch\/wp-content\/uploads\/2020\/08\/IMG_0967-1024x768.jpeg\" src=\"https:\/\/www.intellectualsovereignty.ch\/wp-content\/uploads\/2020\/08\/IMG_0967-1024x768.jpeg\" alt=\"\" data-id=\"1019\" data-full-url=\"https:\/\/www.intellectualsovereignty.ch\/wp-content\/uploads\/2020\/08\/IMG_0967-scaled.jpeg\" data-link=\"https:\/\/www.intellectualsovereignty.ch\/index.php\/2020\/08\/01\/hike-32-fiescheralp-bettmeralp-belalp-eggerberg\/img_0967\/\" class=\"wp-image-1019\" srcset=\"https:\/\/www.intellectualsovereignty.ch\/wp-content\/uploads\/2020\/08\/IMG_0967-1024x768.jpeg 1024w, https:\/\/www.intellectualsovereignty.ch\/wp-content\/uploads\/2020\/08\/IMG_0967-300x225.jpeg 300w, https:\/\/www.intellectualsovereignty.ch\/wp-content\/uploads\/2020\/08\/IMG_0967-768x576.jpeg 768w, https:\/\/www.intellectualsovereignty.ch\/wp-content\/uploads\/2020\/08\/IMG_0967-1536x1152.jpeg 1536w, https:\/\/www.intellectualsovereignty.ch\/wp-content\/uploads\/2020\/08\/IMG_0967-2048x1536.jpeg 2048w, https:\/\/www.intellectualsovereignty.ch\/wp-content\/uploads\/2020\/08\/IMG_0967-1870x1403.jpeg 1870w, https:\/\/www.intellectualsovereignty.ch\/wp-content\/uploads\/2020\/08\/IMG_0967-400x300.jpeg 400w, https:\/\/www.intellectualsovereignty.ch\/wp-content\/uploads\/2020\/08\/IMG_0967-800x600.jpeg 800w\" sizes=\"auto, (max-width: 1024px) 100vw, 1024px\" \/><\/figure><\/li><li class=\"blocks-gallery-item\"><figure><img loading=\"lazy\" decoding=\"async\" width=\"1024\" height=\"768\" data-attachment-id=\"1020\" data-permalink=\"https:\/\/www.intellectualsovereignty.ch\/index.php\/2020\/08\/01\/hike-32-fiescheralp-bettmeralp-belalp-eggerberg\/img_0968\/\" data-orig-file=\"https:\/\/www.intellectualsovereignty.ch\/wp-content\/uploads\/2020\/08\/IMG_0968-scaled.jpeg\" data-orig-size=\"2560,1920\" data-comments-opened=\"0\" data-image-title=\"IMG_0968\" data-image-description=\"\" data-image-caption=\"\" data-large-file=\"https:\/\/www.intellectualsovereignty.ch\/wp-content\/uploads\/2020\/08\/IMG_0968-1024x768.jpeg\" src=\"https:\/\/www.intellectualsovereignty.ch\/wp-content\/uploads\/2020\/08\/IMG_0968-1024x768.jpeg\" alt=\"\" data-id=\"1020\" data-full-url=\"https:\/\/www.intellectualsovereignty.ch\/wp-content\/uploads\/2020\/08\/IMG_0968-scaled.jpeg\" data-link=\"https:\/\/www.intellectualsovereignty.ch\/index.php\/2020\/08\/01\/hike-32-fiescheralp-bettmeralp-belalp-eggerberg\/img_0968\/\" class=\"wp-image-1020\" srcset=\"https:\/\/www.intellectualsovereignty.ch\/wp-content\/uploads\/2020\/08\/IMG_0968-1024x768.jpeg 1024w, https:\/\/www.intellectualsovereignty.ch\/wp-content\/uploads\/2020\/08\/IMG_0968-300x225.jpeg 300w, https:\/\/www.intellectualsovereignty.ch\/wp-content\/uploads\/2020\/08\/IMG_0968-768x576.jpeg 768w, https:\/\/www.intellectualsovereignty.ch\/wp-content\/uploads\/2020\/08\/IMG_0968-1536x1152.jpeg 1536w, https:\/\/www.intellectualsovereignty.ch\/wp-content\/uploads\/2020\/08\/IMG_0968-2048x1536.jpeg 2048w, https:\/\/www.intellectualsovereignty.ch\/wp-content\/uploads\/2020\/08\/IMG_0968-1870x1403.jpeg 1870w, https:\/\/www.intellectualsovereignty.ch\/wp-content\/uploads\/2020\/08\/IMG_0968-400x300.jpeg 400w, https:\/\/www.intellectualsovereignty.ch\/wp-content\/uploads\/2020\/08\/IMG_0968-800x600.jpeg 800w\" sizes=\"auto, (max-width: 1024px) 100vw, 1024px\" \/><\/figure><\/li><li class=\"blocks-gallery-item\"><figure><img loading=\"lazy\" decoding=\"async\" width=\"768\" height=\"1024\" data-attachment-id=\"1021\" data-permalink=\"https:\/\/www.intellectualsovereignty.ch\/index.php\/2020\/08\/01\/hike-32-fiescheralp-bettmeralp-belalp-eggerberg\/img_0969\/\" data-orig-file=\"https:\/\/www.intellectualsovereignty.ch\/wp-content\/uploads\/2020\/08\/IMG_0969-scaled.jpeg\" data-orig-size=\"1920,2560\" data-comments-opened=\"0\" data-image-title=\"IMG_0969\" data-image-description=\"\" data-image-caption=\"\" data-large-file=\"https:\/\/www.intellectualsovereignty.ch\/wp-content\/uploads\/2020\/08\/IMG_0969-768x1024.jpeg\" src=\"https:\/\/www.intellectualsovereignty.ch\/wp-content\/uploads\/2020\/08\/IMG_0969-768x1024.jpeg\" alt=\"\" data-id=\"1021\" data-full-url=\"https:\/\/www.intellectualsovereignty.ch\/wp-content\/uploads\/2020\/08\/IMG_0969-scaled.jpeg\" data-link=\"https:\/\/www.intellectualsovereignty.ch\/index.php\/2020\/08\/01\/hike-32-fiescheralp-bettmeralp-belalp-eggerberg\/img_0969\/\" class=\"wp-image-1021\" srcset=\"https:\/\/www.intellectualsovereignty.ch\/wp-content\/uploads\/2020\/08\/IMG_0969-768x1024.jpeg 768w, https:\/\/www.intellectualsovereignty.ch\/wp-content\/uploads\/2020\/08\/IMG_0969-225x300.jpeg 225w, https:\/\/www.intellectualsovereignty.ch\/wp-content\/uploads\/2020\/08\/IMG_0969-1152x1536.jpeg 1152w, https:\/\/www.intellectualsovereignty.ch\/wp-content\/uploads\/2020\/08\/IMG_0969-1536x2048.jpeg 1536w, https:\/\/www.intellectualsovereignty.ch\/wp-content\/uploads\/2020\/08\/IMG_0969-1870x2493.jpeg 1870w, https:\/\/www.intellectualsovereignty.ch\/wp-content\/uploads\/2020\/08\/IMG_0969-400x533.jpeg 400w, https:\/\/www.intellectualsovereignty.ch\/wp-content\/uploads\/2020\/08\/IMG_0969-800x1067.jpeg 800w, https:\/\/www.intellectualsovereignty.ch\/wp-content\/uploads\/2020\/08\/IMG_0969-scaled.jpeg 1920w\" sizes=\"auto, (max-width: 768px) 100vw, 768px\" \/><\/figure><\/li><li class=\"blocks-gallery-item\"><figure><img loading=\"lazy\" decoding=\"async\" width=\"1024\" height=\"768\" data-attachment-id=\"1022\" data-permalink=\"https:\/\/www.intellectualsovereignty.ch\/index.php\/2020\/08\/01\/hike-32-fiescheralp-bettmeralp-belalp-eggerberg\/img_0971\/\" data-orig-file=\"https:\/\/www.intellectualsovereignty.ch\/wp-content\/uploads\/2020\/08\/IMG_0971-scaled.jpeg\" data-orig-size=\"2560,1920\" data-comments-opened=\"0\" data-image-title=\"IMG_0971\" data-image-description=\"\" data-image-caption=\"\" data-large-file=\"https:\/\/www.intellectualsovereignty.ch\/wp-content\/uploads\/2020\/08\/IMG_0971-1024x768.jpeg\" src=\"https:\/\/www.intellectualsovereignty.ch\/wp-content\/uploads\/2020\/08\/IMG_0971-1024x768.jpeg\" alt=\"\" data-id=\"1022\" data-full-url=\"https:\/\/www.intellectualsovereignty.ch\/wp-content\/uploads\/2020\/08\/IMG_0971-scaled.jpeg\" data-link=\"https:\/\/www.intellectualsovereignty.ch\/index.php\/2020\/08\/01\/hike-32-fiescheralp-bettmeralp-belalp-eggerberg\/img_0971\/\" class=\"wp-image-1022\" srcset=\"https:\/\/www.intellectualsovereignty.ch\/wp-content\/uploads\/2020\/08\/IMG_0971-1024x768.jpeg 1024w, https:\/\/www.intellectualsovereignty.ch\/wp-content\/uploads\/2020\/08\/IMG_0971-300x225.jpeg 300w, https:\/\/www.intellectualsovereignty.ch\/wp-content\/uploads\/2020\/08\/IMG_0971-768x576.jpeg 768w, https:\/\/www.intellectualsovereignty.ch\/wp-content\/uploads\/2020\/08\/IMG_0971-1536x1152.jpeg 1536w, https:\/\/www.intellectualsovereignty.ch\/wp-content\/uploads\/2020\/08\/IMG_0971-2048x1536.jpeg 2048w, https:\/\/www.intellectualsovereignty.ch\/wp-content\/uploads\/2020\/08\/IMG_0971-1870x1403.jpeg 1870w, https:\/\/www.intellectualsovereignty.ch\/wp-content\/uploads\/2020\/08\/IMG_0971-400x300.jpeg 400w, https:\/\/www.intellectualsovereignty.ch\/wp-content\/uploads\/2020\/08\/IMG_0971-800x600.jpeg 800w\" sizes=\"auto, (max-width: 1024px) 100vw, 1024px\" \/><\/figure><\/li><li class=\"blocks-gallery-item\"><figure><img loading=\"lazy\" decoding=\"async\" width=\"1024\" height=\"768\" data-attachment-id=\"1023\" data-permalink=\"https:\/\/www.intellectualsovereignty.ch\/index.php\/2020\/08\/01\/hike-32-fiescheralp-bettmeralp-belalp-eggerberg\/img_0972\/\" data-orig-file=\"https:\/\/www.intellectualsovereignty.ch\/wp-content\/uploads\/2020\/08\/IMG_0972-scaled.jpeg\" data-orig-size=\"2560,1920\" data-comments-opened=\"0\" data-image-title=\"IMG_0972\" data-image-description=\"\" data-image-caption=\"\" data-large-file=\"https:\/\/www.intellectualsovereignty.ch\/wp-content\/uploads\/2020\/08\/IMG_0972-1024x768.jpeg\" src=\"https:\/\/www.intellectualsovereignty.ch\/wp-content\/uploads\/2020\/08\/IMG_0972-1024x768.jpeg\" alt=\"\" data-id=\"1023\" data-full-url=\"https:\/\/www.intellectualsovereignty.ch\/wp-content\/uploads\/2020\/08\/IMG_0972-scaled.jpeg\" data-link=\"https:\/\/www.intellectualsovereignty.ch\/index.php\/2020\/08\/01\/hike-32-fiescheralp-bettmeralp-belalp-eggerberg\/img_0972\/\" class=\"wp-image-1023\" srcset=\"https:\/\/www.intellectualsovereignty.ch\/wp-content\/uploads\/2020\/08\/IMG_0972-1024x768.jpeg 1024w, https:\/\/www.intellectualsovereignty.ch\/wp-content\/uploads\/2020\/08\/IMG_0972-300x225.jpeg 300w, https:\/\/www.intellectualsovereignty.ch\/wp-content\/uploads\/2020\/08\/IMG_0972-768x576.jpeg 768w, https:\/\/www.intellectualsovereignty.ch\/wp-content\/uploads\/2020\/08\/IMG_0972-1536x1152.jpeg 1536w, https:\/\/www.intellectualsovereignty.ch\/wp-content\/uploads\/2020\/08\/IMG_0972-2048x1536.jpeg 2048w, https:\/\/www.intellectualsovereignty.ch\/wp-content\/uploads\/2020\/08\/IMG_0972-1870x1403.jpeg 1870w, https:\/\/www.intellectualsovereignty.ch\/wp-content\/uploads\/2020\/08\/IMG_0972-400x300.jpeg 400w, https:\/\/www.intellectualsovereignty.ch\/wp-content\/uploads\/2020\/08\/IMG_0972-800x600.jpeg 800w\" sizes=\"auto, (max-width: 1024px) 100vw, 1024px\" \/><\/figure><\/li><li class=\"blocks-gallery-item\"><figure><img loading=\"lazy\" decoding=\"async\" width=\"1024\" height=\"768\" data-attachment-id=\"1024\" data-permalink=\"https:\/\/www.intellectualsovereignty.ch\/index.php\/2020\/08\/01\/hike-32-fiescheralp-bettmeralp-belalp-eggerberg\/img_0973\/\" data-orig-file=\"https:\/\/www.intellectualsovereignty.ch\/wp-content\/uploads\/2020\/08\/IMG_0973-scaled.jpeg\" data-orig-size=\"2560,1920\" data-comments-opened=\"0\" data-image-title=\"IMG_0973\" data-image-description=\"\" data-image-caption=\"\" data-large-file=\"https:\/\/www.intellectualsovereignty.ch\/wp-content\/uploads\/2020\/08\/IMG_0973-1024x768.jpeg\" src=\"https:\/\/www.intellectualsovereignty.ch\/wp-content\/uploads\/2020\/08\/IMG_0973-1024x768.jpeg\" alt=\"\" data-id=\"1024\" data-full-url=\"https:\/\/www.intellectualsovereignty.ch\/wp-content\/uploads\/2020\/08\/IMG_0973-scaled.jpeg\" data-link=\"https:\/\/www.intellectualsovereignty.ch\/index.php\/2020\/08\/01\/hike-32-fiescheralp-bettmeralp-belalp-eggerberg\/img_0973\/\" class=\"wp-image-1024\" srcset=\"https:\/\/www.intellectualsovereignty.ch\/wp-content\/uploads\/2020\/08\/IMG_0973-1024x768.jpeg 1024w, https:\/\/www.intellectualsovereignty.ch\/wp-content\/uploads\/2020\/08\/IMG_0973-300x225.jpeg 300w, https:\/\/www.intellectualsovereignty.ch\/wp-content\/uploads\/2020\/08\/IMG_0973-768x576.jpeg 768w, https:\/\/www.intellectualsovereignty.ch\/wp-content\/uploads\/2020\/08\/IMG_0973-1536x1152.jpeg 1536w, https:\/\/www.intellectualsovereignty.ch\/wp-content\/uploads\/2020\/08\/IMG_0973-2048x1536.jpeg 2048w, https:\/\/www.intellectualsovereignty.ch\/wp-content\/uploads\/2020\/08\/IMG_0973-1870x1403.jpeg 1870w, https:\/\/www.intellectualsovereignty.ch\/wp-content\/uploads\/2020\/08\/IMG_0973-400x300.jpeg 400w, https:\/\/www.intellectualsovereignty.ch\/wp-content\/uploads\/2020\/08\/IMG_0973-800x600.jpeg 800w\" sizes=\"auto, (max-width: 1024px) 100vw, 1024px\" \/><\/figure><\/li><li class=\"blocks-gallery-item\"><figure><img loading=\"lazy\" decoding=\"async\" width=\"1024\" height=\"768\" data-attachment-id=\"1025\" data-permalink=\"https:\/\/www.intellectualsovereignty.ch\/index.php\/2020\/08\/01\/hike-32-fiescheralp-bettmeralp-belalp-eggerberg\/img_5971\/\" data-orig-file=\"https:\/\/www.intellectualsovereignty.ch\/wp-content\/uploads\/2020\/08\/IMG_5971-scaled.jpeg\" data-orig-size=\"2560,1920\" data-comments-opened=\"0\" data-image-title=\"IMG_5971\" data-image-description=\"\" data-image-caption=\"\" data-large-file=\"https:\/\/www.intellectualsovereignty.ch\/wp-content\/uploads\/2020\/08\/IMG_5971-1024x768.jpeg\" src=\"https:\/\/www.intellectualsovereignty.ch\/wp-content\/uploads\/2020\/08\/IMG_5971-1024x768.jpeg\" alt=\"\" data-id=\"1025\" data-full-url=\"https:\/\/www.intellectualsovereignty.ch\/wp-content\/uploads\/2020\/08\/IMG_5971-scaled.jpeg\" data-link=\"https:\/\/www.intellectualsovereignty.ch\/index.php\/2020\/08\/01\/hike-32-fiescheralp-bettmeralp-belalp-eggerberg\/img_5971\/\" class=\"wp-image-1025\" srcset=\"https:\/\/www.intellectualsovereignty.ch\/wp-content\/uploads\/2020\/08\/IMG_5971-1024x768.jpeg 1024w, https:\/\/www.intellectualsovereignty.ch\/wp-content\/uploads\/2020\/08\/IMG_5971-300x225.jpeg 300w, https:\/\/www.intellectualsovereignty.ch\/wp-content\/uploads\/2020\/08\/IMG_5971-768x576.jpeg 768w, https:\/\/www.intellectualsovereignty.ch\/wp-content\/uploads\/2020\/08\/IMG_5971-1536x1152.jpeg 1536w, https:\/\/www.intellectualsovereignty.ch\/wp-content\/uploads\/2020\/08\/IMG_5971-2048x1536.jpeg 2048w, https:\/\/www.intellectualsovereignty.ch\/wp-content\/uploads\/2020\/08\/IMG_5971-1870x1403.jpeg 1870w, https:\/\/www.intellectualsovereignty.ch\/wp-content\/uploads\/2020\/08\/IMG_5971-400x300.jpeg 400w, https:\/\/www.intellectualsovereignty.ch\/wp-content\/uploads\/2020\/08\/IMG_5971-800x600.jpeg 800w\" sizes=\"auto, (max-width: 1024px) 100vw, 1024px\" \/><\/figure><\/li><\/ul><\/figure>\n\n\n\n<hr class=\"wp-block-separator\"\/>\n\n\n\n<p class=\"wp-block-paragraph\">Distanz: 30.1km<br>H\u00f6henmeter: 1&#8217;650m<br>Marschzeit: 9h25<br>GPS-Route:&nbsp;<a rel=\"noreferrer noopener\" href=\"https:\/\/map.schweizmobil.ch\/?lang=de&amp;photos=yes&amp;logo=yes&amp;season=summer&amp;bgLayer=pk&amp;resolution=10.24&amp;E=2646577&amp;N=1139729&amp;trackId=7544555\" target=\"_blank\">SchweizMobil<\/a><br>Beschrieb: <a rel=\"noreferrer noopener\" href=\"https:\/\/www.schweizmobil.ch\/de\/wanderland\/routen\/route-039.html\" target=\"_blank\">Aletsch-Panoramaweg (Nr. 39)<\/a>, Etappe 2 (Abschnitt M\u00e4rjelensee bis Hohbalm), Etappe 1 (Abschnitt Riederfurka bis Belalp)<\/p>\n\n\n[sgpx gpx=\/wp-content\/uploads\/gpx\/20200729_fiescheralpbettmeralpbelalp.gpx ]\n\n\n\n<h2 class=\"wp-block-heading\">Belalp &#8211; Eggerberg (Tag 3)<\/h2>\n\n\n\n<p class=\"wp-block-paragraph\">F\u00fcr den dritten Tag unserer Tour sind wir lange unschl\u00fcssig, was wir machen wollen. Auf den 1&#8217;000m-Abstieg \u00fcber die Nessel haben wir nicht so richtig Lust, darum flitzen wir schliesslich mit den Trottibikes ab der Gondeli-Station Belalp bis nach Blatten runter und laufen durch Blindet\u00e4lli bis nach Geimen. Ab Geimen fahren wir mit dem Postauto nach Birgisch, um auf dem Steppen- und F\u00f6hrenweg die Suonen im Gredetschtal, das Safrandorf Mund als auch den F\u00f6hrenwald oberhalb Lalden zu sehen. <\/p>\n\n\n\n<figure class=\"wp-block-gallery columns-3 is-cropped wp-block-gallery-6 is-layout-flex wp-block-gallery-is-layout-flex\"><ul class=\"blocks-gallery-grid\"><li class=\"blocks-gallery-item\"><figure><img loading=\"lazy\" decoding=\"async\" width=\"819\" height=\"1024\" data-attachment-id=\"1026\" data-permalink=\"https:\/\/www.intellectualsovereignty.ch\/index.php\/2020\/08\/01\/hike-32-fiescheralp-bettmeralp-belalp-eggerberg\/f41c05a2-6a71-4eb8-a22c-e022fb2209eb\/\" data-orig-file=\"https:\/\/www.intellectualsovereignty.ch\/wp-content\/uploads\/2020\/08\/F41C05A2-6A71-4EB8-A22C-E022FB2209EB-scaled.jpeg\" data-orig-size=\"2048,2560\" data-comments-opened=\"0\" data-image-title=\"F41C05A2-6A71-4EB8-A22C-E022FB2209EB\" data-image-description=\"\" data-image-caption=\"\" data-large-file=\"https:\/\/www.intellectualsovereignty.ch\/wp-content\/uploads\/2020\/08\/F41C05A2-6A71-4EB8-A22C-E022FB2209EB-819x1024.jpeg\" src=\"https:\/\/www.intellectualsovereignty.ch\/wp-content\/uploads\/2020\/08\/F41C05A2-6A71-4EB8-A22C-E022FB2209EB-819x1024.jpeg\" alt=\"\" data-id=\"1026\" data-full-url=\"https:\/\/www.intellectualsovereignty.ch\/wp-content\/uploads\/2020\/08\/F41C05A2-6A71-4EB8-A22C-E022FB2209EB-scaled.jpeg\" data-link=\"https:\/\/www.intellectualsovereignty.ch\/index.php\/2020\/08\/01\/hike-32-fiescheralp-bettmeralp-belalp-eggerberg\/f41c05a2-6a71-4eb8-a22c-e022fb2209eb\/\" class=\"wp-image-1026\" srcset=\"https:\/\/www.intellectualsovereignty.ch\/wp-content\/uploads\/2020\/08\/F41C05A2-6A71-4EB8-A22C-E022FB2209EB-819x1024.jpeg 819w, https:\/\/www.intellectualsovereignty.ch\/wp-content\/uploads\/2020\/08\/F41C05A2-6A71-4EB8-A22C-E022FB2209EB-240x300.jpeg 240w, https:\/\/www.intellectualsovereignty.ch\/wp-content\/uploads\/2020\/08\/F41C05A2-6A71-4EB8-A22C-E022FB2209EB-768x960.jpeg 768w, https:\/\/www.intellectualsovereignty.ch\/wp-content\/uploads\/2020\/08\/F41C05A2-6A71-4EB8-A22C-E022FB2209EB-1229x1536.jpeg 1229w, https:\/\/www.intellectualsovereignty.ch\/wp-content\/uploads\/2020\/08\/F41C05A2-6A71-4EB8-A22C-E022FB2209EB-1638x2048.jpeg 1638w, https:\/\/www.intellectualsovereignty.ch\/wp-content\/uploads\/2020\/08\/F41C05A2-6A71-4EB8-A22C-E022FB2209EB-1870x2338.jpeg 1870w, https:\/\/www.intellectualsovereignty.ch\/wp-content\/uploads\/2020\/08\/F41C05A2-6A71-4EB8-A22C-E022FB2209EB-400x500.jpeg 400w, https:\/\/www.intellectualsovereignty.ch\/wp-content\/uploads\/2020\/08\/F41C05A2-6A71-4EB8-A22C-E022FB2209EB-800x1000.jpeg 800w, https:\/\/www.intellectualsovereignty.ch\/wp-content\/uploads\/2020\/08\/F41C05A2-6A71-4EB8-A22C-E022FB2209EB-scaled.jpeg 2048w\" sizes=\"auto, (max-width: 819px) 100vw, 819px\" \/><\/figure><\/li><li class=\"blocks-gallery-item\"><figure><img loading=\"lazy\" decoding=\"async\" width=\"1024\" height=\"768\" data-attachment-id=\"1027\" data-permalink=\"https:\/\/www.intellectualsovereignty.ch\/index.php\/2020\/08\/01\/hike-32-fiescheralp-bettmeralp-belalp-eggerberg\/img_5990\/\" data-orig-file=\"https:\/\/www.intellectualsovereignty.ch\/wp-content\/uploads\/2020\/08\/IMG_5990-scaled.jpeg\" data-orig-size=\"2560,1920\" data-comments-opened=\"0\" data-image-title=\"IMG_5990\" data-image-description=\"\" data-image-caption=\"\" data-large-file=\"https:\/\/www.intellectualsovereignty.ch\/wp-content\/uploads\/2020\/08\/IMG_5990-1024x768.jpeg\" src=\"https:\/\/www.intellectualsovereignty.ch\/wp-content\/uploads\/2020\/08\/IMG_5990-1024x768.jpeg\" alt=\"\" data-id=\"1027\" data-full-url=\"https:\/\/www.intellectualsovereignty.ch\/wp-content\/uploads\/2020\/08\/IMG_5990-scaled.jpeg\" data-link=\"https:\/\/www.intellectualsovereignty.ch\/index.php\/2020\/08\/01\/hike-32-fiescheralp-bettmeralp-belalp-eggerberg\/img_5990\/\" class=\"wp-image-1027\" srcset=\"https:\/\/www.intellectualsovereignty.ch\/wp-content\/uploads\/2020\/08\/IMG_5990-1024x768.jpeg 1024w, https:\/\/www.intellectualsovereignty.ch\/wp-content\/uploads\/2020\/08\/IMG_5990-300x225.jpeg 300w, https:\/\/www.intellectualsovereignty.ch\/wp-content\/uploads\/2020\/08\/IMG_5990-768x576.jpeg 768w, https:\/\/www.intellectualsovereignty.ch\/wp-content\/uploads\/2020\/08\/IMG_5990-1536x1152.jpeg 1536w, https:\/\/www.intellectualsovereignty.ch\/wp-content\/uploads\/2020\/08\/IMG_5990-2048x1536.jpeg 2048w, https:\/\/www.intellectualsovereignty.ch\/wp-content\/uploads\/2020\/08\/IMG_5990-1870x1403.jpeg 1870w, https:\/\/www.intellectualsovereignty.ch\/wp-content\/uploads\/2020\/08\/IMG_5990-400x300.jpeg 400w, https:\/\/www.intellectualsovereignty.ch\/wp-content\/uploads\/2020\/08\/IMG_5990-800x600.jpeg 800w\" sizes=\"auto, (max-width: 1024px) 100vw, 1024px\" \/><\/figure><\/li><li class=\"blocks-gallery-item\"><figure><img loading=\"lazy\" decoding=\"async\" width=\"768\" height=\"1024\" data-attachment-id=\"1028\" data-permalink=\"https:\/\/www.intellectualsovereignty.ch\/index.php\/2020\/08\/01\/hike-32-fiescheralp-bettmeralp-belalp-eggerberg\/img_0974\/\" data-orig-file=\"https:\/\/www.intellectualsovereignty.ch\/wp-content\/uploads\/2020\/08\/IMG_0974-scaled.jpeg\" data-orig-size=\"1920,2560\" data-comments-opened=\"0\" data-image-title=\"IMG_0974\" data-image-description=\"\" data-image-caption=\"\" data-large-file=\"https:\/\/www.intellectualsovereignty.ch\/wp-content\/uploads\/2020\/08\/IMG_0974-768x1024.jpeg\" src=\"https:\/\/www.intellectualsovereignty.ch\/wp-content\/uploads\/2020\/08\/IMG_0974-768x1024.jpeg\" alt=\"\" data-id=\"1028\" data-full-url=\"https:\/\/www.intellectualsovereignty.ch\/wp-content\/uploads\/2020\/08\/IMG_0974-scaled.jpeg\" data-link=\"https:\/\/www.intellectualsovereignty.ch\/index.php\/2020\/08\/01\/hike-32-fiescheralp-bettmeralp-belalp-eggerberg\/img_0974\/\" class=\"wp-image-1028\" srcset=\"https:\/\/www.intellectualsovereignty.ch\/wp-content\/uploads\/2020\/08\/IMG_0974-768x1024.jpeg 768w, https:\/\/www.intellectualsovereignty.ch\/wp-content\/uploads\/2020\/08\/IMG_0974-225x300.jpeg 225w, https:\/\/www.intellectualsovereignty.ch\/wp-content\/uploads\/2020\/08\/IMG_0974-1152x1536.jpeg 1152w, https:\/\/www.intellectualsovereignty.ch\/wp-content\/uploads\/2020\/08\/IMG_0974-1536x2048.jpeg 1536w, https:\/\/www.intellectualsovereignty.ch\/wp-content\/uploads\/2020\/08\/IMG_0974-1870x2493.jpeg 1870w, https:\/\/www.intellectualsovereignty.ch\/wp-content\/uploads\/2020\/08\/IMG_0974-400x533.jpeg 400w, https:\/\/www.intellectualsovereignty.ch\/wp-content\/uploads\/2020\/08\/IMG_0974-800x1067.jpeg 800w, https:\/\/www.intellectualsovereignty.ch\/wp-content\/uploads\/2020\/08\/IMG_0974-scaled.jpeg 1920w\" sizes=\"auto, (max-width: 768px) 100vw, 768px\" \/><\/figure><\/li><li class=\"blocks-gallery-item\"><figure><img loading=\"lazy\" decoding=\"async\" width=\"768\" height=\"1024\" data-attachment-id=\"1029\" data-permalink=\"https:\/\/www.intellectualsovereignty.ch\/index.php\/2020\/08\/01\/hike-32-fiescheralp-bettmeralp-belalp-eggerberg\/img_0975\/\" data-orig-file=\"https:\/\/www.intellectualsovereignty.ch\/wp-content\/uploads\/2020\/08\/IMG_0975-scaled.jpeg\" data-orig-size=\"1920,2560\" data-comments-opened=\"0\" data-image-title=\"IMG_0975\" data-image-description=\"\" data-image-caption=\"\" data-large-file=\"https:\/\/www.intellectualsovereignty.ch\/wp-content\/uploads\/2020\/08\/IMG_0975-768x1024.jpeg\" src=\"https:\/\/www.intellectualsovereignty.ch\/wp-content\/uploads\/2020\/08\/IMG_0975-768x1024.jpeg\" alt=\"\" data-id=\"1029\" data-full-url=\"https:\/\/www.intellectualsovereignty.ch\/wp-content\/uploads\/2020\/08\/IMG_0975-scaled.jpeg\" data-link=\"https:\/\/www.intellectualsovereignty.ch\/index.php\/2020\/08\/01\/hike-32-fiescheralp-bettmeralp-belalp-eggerberg\/img_0975\/\" class=\"wp-image-1029\" srcset=\"https:\/\/www.intellectualsovereignty.ch\/wp-content\/uploads\/2020\/08\/IMG_0975-768x1024.jpeg 768w, https:\/\/www.intellectualsovereignty.ch\/wp-content\/uploads\/2020\/08\/IMG_0975-225x300.jpeg 225w, https:\/\/www.intellectualsovereignty.ch\/wp-content\/uploads\/2020\/08\/IMG_0975-1152x1536.jpeg 1152w, https:\/\/www.intellectualsovereignty.ch\/wp-content\/uploads\/2020\/08\/IMG_0975-1536x2048.jpeg 1536w, https:\/\/www.intellectualsovereignty.ch\/wp-content\/uploads\/2020\/08\/IMG_0975-1870x2493.jpeg 1870w, https:\/\/www.intellectualsovereignty.ch\/wp-content\/uploads\/2020\/08\/IMG_0975-400x533.jpeg 400w, https:\/\/www.intellectualsovereignty.ch\/wp-content\/uploads\/2020\/08\/IMG_0975-800x1067.jpeg 800w, https:\/\/www.intellectualsovereignty.ch\/wp-content\/uploads\/2020\/08\/IMG_0975-scaled.jpeg 1920w\" sizes=\"auto, (max-width: 768px) 100vw, 768px\" \/><\/figure><\/li><li class=\"blocks-gallery-item\"><figure><img loading=\"lazy\" decoding=\"async\" width=\"1024\" height=\"768\" data-attachment-id=\"1030\" data-permalink=\"https:\/\/www.intellectualsovereignty.ch\/index.php\/2020\/08\/01\/hike-32-fiescheralp-bettmeralp-belalp-eggerberg\/img_0976\/\" data-orig-file=\"https:\/\/www.intellectualsovereignty.ch\/wp-content\/uploads\/2020\/08\/IMG_0976-scaled.jpeg\" data-orig-size=\"2560,1920\" data-comments-opened=\"0\" data-image-title=\"IMG_0976\" data-image-description=\"\" data-image-caption=\"\" data-large-file=\"https:\/\/www.intellectualsovereignty.ch\/wp-content\/uploads\/2020\/08\/IMG_0976-1024x768.jpeg\" src=\"https:\/\/www.intellectualsovereignty.ch\/wp-content\/uploads\/2020\/08\/IMG_0976-1024x768.jpeg\" alt=\"\" data-id=\"1030\" data-full-url=\"https:\/\/www.intellectualsovereignty.ch\/wp-content\/uploads\/2020\/08\/IMG_0976-scaled.jpeg\" data-link=\"https:\/\/www.intellectualsovereignty.ch\/index.php\/2020\/08\/01\/hike-32-fiescheralp-bettmeralp-belalp-eggerberg\/img_0976\/\" class=\"wp-image-1030\" srcset=\"https:\/\/www.intellectualsovereignty.ch\/wp-content\/uploads\/2020\/08\/IMG_0976-1024x768.jpeg 1024w, https:\/\/www.intellectualsovereignty.ch\/wp-content\/uploads\/2020\/08\/IMG_0976-300x225.jpeg 300w, https:\/\/www.intellectualsovereignty.ch\/wp-content\/uploads\/2020\/08\/IMG_0976-768x576.jpeg 768w, https:\/\/www.intellectualsovereignty.ch\/wp-content\/uploads\/2020\/08\/IMG_0976-1536x1152.jpeg 1536w, https:\/\/www.intellectualsovereignty.ch\/wp-content\/uploads\/2020\/08\/IMG_0976-2048x1536.jpeg 2048w, https:\/\/www.intellectualsovereignty.ch\/wp-content\/uploads\/2020\/08\/IMG_0976-1870x1403.jpeg 1870w, https:\/\/www.intellectualsovereignty.ch\/wp-content\/uploads\/2020\/08\/IMG_0976-400x300.jpeg 400w, https:\/\/www.intellectualsovereignty.ch\/wp-content\/uploads\/2020\/08\/IMG_0976-800x600.jpeg 800w\" sizes=\"auto, (max-width: 1024px) 100vw, 1024px\" \/><\/figure><\/li><li class=\"blocks-gallery-item\"><figure><img loading=\"lazy\" decoding=\"async\" width=\"1024\" height=\"768\" data-attachment-id=\"1031\" data-permalink=\"https:\/\/www.intellectualsovereignty.ch\/index.php\/2020\/08\/01\/hike-32-fiescheralp-bettmeralp-belalp-eggerberg\/img_0977\/\" data-orig-file=\"https:\/\/www.intellectualsovereignty.ch\/wp-content\/uploads\/2020\/08\/IMG_0977-scaled.jpeg\" data-orig-size=\"2560,1920\" data-comments-opened=\"0\" data-image-title=\"IMG_0977\" data-image-description=\"\" data-image-caption=\"\" data-large-file=\"https:\/\/www.intellectualsovereignty.ch\/wp-content\/uploads\/2020\/08\/IMG_0977-1024x768.jpeg\" src=\"https:\/\/www.intellectualsovereignty.ch\/wp-content\/uploads\/2020\/08\/IMG_0977-1024x768.jpeg\" alt=\"\" data-id=\"1031\" data-full-url=\"https:\/\/www.intellectualsovereignty.ch\/wp-content\/uploads\/2020\/08\/IMG_0977-scaled.jpeg\" data-link=\"https:\/\/www.intellectualsovereignty.ch\/index.php\/2020\/08\/01\/hike-32-fiescheralp-bettmeralp-belalp-eggerberg\/img_0977\/\" class=\"wp-image-1031\" srcset=\"https:\/\/www.intellectualsovereignty.ch\/wp-content\/uploads\/2020\/08\/IMG_0977-1024x768.jpeg 1024w, https:\/\/www.intellectualsovereignty.ch\/wp-content\/uploads\/2020\/08\/IMG_0977-300x225.jpeg 300w, https:\/\/www.intellectualsovereignty.ch\/wp-content\/uploads\/2020\/08\/IMG_0977-768x576.jpeg 768w, https:\/\/www.intellectualsovereignty.ch\/wp-content\/uploads\/2020\/08\/IMG_0977-1536x1152.jpeg 1536w, https:\/\/www.intellectualsovereignty.ch\/wp-content\/uploads\/2020\/08\/IMG_0977-2048x1536.jpeg 2048w, https:\/\/www.intellectualsovereignty.ch\/wp-content\/uploads\/2020\/08\/IMG_0977-1870x1403.jpeg 1870w, https:\/\/www.intellectualsovereignty.ch\/wp-content\/uploads\/2020\/08\/IMG_0977-400x300.jpeg 400w, https:\/\/www.intellectualsovereignty.ch\/wp-content\/uploads\/2020\/08\/IMG_0977-800x600.jpeg 800w\" sizes=\"auto, (max-width: 1024px) 100vw, 1024px\" \/><\/figure><\/li><li class=\"blocks-gallery-item\"><figure><img loading=\"lazy\" decoding=\"async\" width=\"768\" height=\"1024\" data-attachment-id=\"1032\" data-permalink=\"https:\/\/www.intellectualsovereignty.ch\/index.php\/2020\/08\/01\/hike-32-fiescheralp-bettmeralp-belalp-eggerberg\/img_0978\/\" data-orig-file=\"https:\/\/www.intellectualsovereignty.ch\/wp-content\/uploads\/2020\/08\/IMG_0978-scaled.jpeg\" data-orig-size=\"1920,2560\" data-comments-opened=\"0\" data-image-title=\"IMG_0978\" data-image-description=\"\" data-image-caption=\"\" data-large-file=\"https:\/\/www.intellectualsovereignty.ch\/wp-content\/uploads\/2020\/08\/IMG_0978-768x1024.jpeg\" src=\"https:\/\/www.intellectualsovereignty.ch\/wp-content\/uploads\/2020\/08\/IMG_0978-768x1024.jpeg\" alt=\"\" data-id=\"1032\" data-full-url=\"https:\/\/www.intellectualsovereignty.ch\/wp-content\/uploads\/2020\/08\/IMG_0978-scaled.jpeg\" data-link=\"https:\/\/www.intellectualsovereignty.ch\/index.php\/2020\/08\/01\/hike-32-fiescheralp-bettmeralp-belalp-eggerberg\/img_0978\/\" class=\"wp-image-1032\" srcset=\"https:\/\/www.intellectualsovereignty.ch\/wp-content\/uploads\/2020\/08\/IMG_0978-768x1024.jpeg 768w, https:\/\/www.intellectualsovereignty.ch\/wp-content\/uploads\/2020\/08\/IMG_0978-225x300.jpeg 225w, https:\/\/www.intellectualsovereignty.ch\/wp-content\/uploads\/2020\/08\/IMG_0978-1152x1536.jpeg 1152w, https:\/\/www.intellectualsovereignty.ch\/wp-content\/uploads\/2020\/08\/IMG_0978-1536x2048.jpeg 1536w, https:\/\/www.intellectualsovereignty.ch\/wp-content\/uploads\/2020\/08\/IMG_0978-1870x2493.jpeg 1870w, https:\/\/www.intellectualsovereignty.ch\/wp-content\/uploads\/2020\/08\/IMG_0978-400x533.jpeg 400w, https:\/\/www.intellectualsovereignty.ch\/wp-content\/uploads\/2020\/08\/IMG_0978-800x1067.jpeg 800w, https:\/\/www.intellectualsovereignty.ch\/wp-content\/uploads\/2020\/08\/IMG_0978-scaled.jpeg 1920w\" sizes=\"auto, (max-width: 768px) 100vw, 768px\" \/><\/figure><\/li><li class=\"blocks-gallery-item\"><figure><img loading=\"lazy\" decoding=\"async\" width=\"1024\" height=\"768\" data-attachment-id=\"1033\" data-permalink=\"https:\/\/www.intellectualsovereignty.ch\/index.php\/2020\/08\/01\/hike-32-fiescheralp-bettmeralp-belalp-eggerberg\/img_5994\/\" data-orig-file=\"https:\/\/www.intellectualsovereignty.ch\/wp-content\/uploads\/2020\/08\/IMG_5994-scaled.jpeg\" data-orig-size=\"2560,1920\" data-comments-opened=\"0\" data-image-title=\"IMG_5994\" data-image-description=\"\" data-image-caption=\"\" data-large-file=\"https:\/\/www.intellectualsovereignty.ch\/wp-content\/uploads\/2020\/08\/IMG_5994-1024x768.jpeg\" src=\"https:\/\/www.intellectualsovereignty.ch\/wp-content\/uploads\/2020\/08\/IMG_5994-1024x768.jpeg\" alt=\"\" data-id=\"1033\" data-full-url=\"https:\/\/www.intellectualsovereignty.ch\/wp-content\/uploads\/2020\/08\/IMG_5994-scaled.jpeg\" data-link=\"https:\/\/www.intellectualsovereignty.ch\/index.php\/2020\/08\/01\/hike-32-fiescheralp-bettmeralp-belalp-eggerberg\/img_5994\/\" class=\"wp-image-1033\" srcset=\"https:\/\/www.intellectualsovereignty.ch\/wp-content\/uploads\/2020\/08\/IMG_5994-1024x768.jpeg 1024w, https:\/\/www.intellectualsovereignty.ch\/wp-content\/uploads\/2020\/08\/IMG_5994-300x225.jpeg 300w, https:\/\/www.intellectualsovereignty.ch\/wp-content\/uploads\/2020\/08\/IMG_5994-768x576.jpeg 768w, https:\/\/www.intellectualsovereignty.ch\/wp-content\/uploads\/2020\/08\/IMG_5994-1536x1152.jpeg 1536w, https:\/\/www.intellectualsovereignty.ch\/wp-content\/uploads\/2020\/08\/IMG_5994-2048x1536.jpeg 2048w, https:\/\/www.intellectualsovereignty.ch\/wp-content\/uploads\/2020\/08\/IMG_5994-1870x1403.jpeg 1870w, https:\/\/www.intellectualsovereignty.ch\/wp-content\/uploads\/2020\/08\/IMG_5994-400x300.jpeg 400w, https:\/\/www.intellectualsovereignty.ch\/wp-content\/uploads\/2020\/08\/IMG_5994-800x600.jpeg 800w\" sizes=\"auto, (max-width: 1024px) 100vw, 1024px\" \/><\/figure><\/li><li class=\"blocks-gallery-item\"><figure><img loading=\"lazy\" decoding=\"async\" width=\"768\" height=\"1024\" data-attachment-id=\"1034\" data-permalink=\"https:\/\/www.intellectualsovereignty.ch\/index.php\/2020\/08\/01\/hike-32-fiescheralp-bettmeralp-belalp-eggerberg\/img_0979\/\" data-orig-file=\"https:\/\/www.intellectualsovereignty.ch\/wp-content\/uploads\/2020\/08\/IMG_0979-scaled.jpeg\" data-orig-size=\"1920,2560\" data-comments-opened=\"0\" data-image-title=\"IMG_0979\" data-image-description=\"\" data-image-caption=\"\" data-large-file=\"https:\/\/www.intellectualsovereignty.ch\/wp-content\/uploads\/2020\/08\/IMG_0979-768x1024.jpeg\" src=\"https:\/\/www.intellectualsovereignty.ch\/wp-content\/uploads\/2020\/08\/IMG_0979-768x1024.jpeg\" alt=\"\" data-id=\"1034\" data-full-url=\"https:\/\/www.intellectualsovereignty.ch\/wp-content\/uploads\/2020\/08\/IMG_0979-scaled.jpeg\" data-link=\"https:\/\/www.intellectualsovereignty.ch\/index.php\/2020\/08\/01\/hike-32-fiescheralp-bettmeralp-belalp-eggerberg\/img_0979\/\" class=\"wp-image-1034\" srcset=\"https:\/\/www.intellectualsovereignty.ch\/wp-content\/uploads\/2020\/08\/IMG_0979-768x1024.jpeg 768w, https:\/\/www.intellectualsovereignty.ch\/wp-content\/uploads\/2020\/08\/IMG_0979-225x300.jpeg 225w, https:\/\/www.intellectualsovereignty.ch\/wp-content\/uploads\/2020\/08\/IMG_0979-1152x1536.jpeg 1152w, https:\/\/www.intellectualsovereignty.ch\/wp-content\/uploads\/2020\/08\/IMG_0979-1536x2048.jpeg 1536w, https:\/\/www.intellectualsovereignty.ch\/wp-content\/uploads\/2020\/08\/IMG_0979-1870x2493.jpeg 1870w, https:\/\/www.intellectualsovereignty.ch\/wp-content\/uploads\/2020\/08\/IMG_0979-400x533.jpeg 400w, https:\/\/www.intellectualsovereignty.ch\/wp-content\/uploads\/2020\/08\/IMG_0979-800x1067.jpeg 800w, https:\/\/www.intellectualsovereignty.ch\/wp-content\/uploads\/2020\/08\/IMG_0979-scaled.jpeg 1920w\" sizes=\"auto, (max-width: 768px) 100vw, 768px\" \/><\/figure><\/li><li class=\"blocks-gallery-item\"><figure><img loading=\"lazy\" decoding=\"async\" width=\"768\" height=\"1024\" data-attachment-id=\"1035\" data-permalink=\"https:\/\/www.intellectualsovereignty.ch\/index.php\/2020\/08\/01\/hike-32-fiescheralp-bettmeralp-belalp-eggerberg\/img_0980\/\" data-orig-file=\"https:\/\/www.intellectualsovereignty.ch\/wp-content\/uploads\/2020\/08\/IMG_0980-scaled.jpeg\" data-orig-size=\"1920,2560\" data-comments-opened=\"0\" data-image-title=\"IMG_0980\" data-image-description=\"\" data-image-caption=\"\" data-large-file=\"https:\/\/www.intellectualsovereignty.ch\/wp-content\/uploads\/2020\/08\/IMG_0980-768x1024.jpeg\" src=\"https:\/\/www.intellectualsovereignty.ch\/wp-content\/uploads\/2020\/08\/IMG_0980-768x1024.jpeg\" alt=\"\" data-id=\"1035\" data-full-url=\"https:\/\/www.intellectualsovereignty.ch\/wp-content\/uploads\/2020\/08\/IMG_0980-scaled.jpeg\" data-link=\"https:\/\/www.intellectualsovereignty.ch\/index.php\/2020\/08\/01\/hike-32-fiescheralp-bettmeralp-belalp-eggerberg\/img_0980\/\" class=\"wp-image-1035\" srcset=\"https:\/\/www.intellectualsovereignty.ch\/wp-content\/uploads\/2020\/08\/IMG_0980-768x1024.jpeg 768w, https:\/\/www.intellectualsovereignty.ch\/wp-content\/uploads\/2020\/08\/IMG_0980-225x300.jpeg 225w, https:\/\/www.intellectualsovereignty.ch\/wp-content\/uploads\/2020\/08\/IMG_0980-1152x1536.jpeg 1152w, https:\/\/www.intellectualsovereignty.ch\/wp-content\/uploads\/2020\/08\/IMG_0980-1536x2048.jpeg 1536w, https:\/\/www.intellectualsovereignty.ch\/wp-content\/uploads\/2020\/08\/IMG_0980-1870x2493.jpeg 1870w, https:\/\/www.intellectualsovereignty.ch\/wp-content\/uploads\/2020\/08\/IMG_0980-400x533.jpeg 400w, https:\/\/www.intellectualsovereignty.ch\/wp-content\/uploads\/2020\/08\/IMG_0980-800x1067.jpeg 800w, https:\/\/www.intellectualsovereignty.ch\/wp-content\/uploads\/2020\/08\/IMG_0980-scaled.jpeg 1920w\" sizes=\"auto, (max-width: 768px) 100vw, 768px\" \/><\/figure><\/li><li class=\"blocks-gallery-item\"><figure><img loading=\"lazy\" decoding=\"async\" width=\"768\" height=\"1024\" data-attachment-id=\"1036\" data-permalink=\"https:\/\/www.intellectualsovereignty.ch\/index.php\/2020\/08\/01\/hike-32-fiescheralp-bettmeralp-belalp-eggerberg\/img_0981\/\" data-orig-file=\"https:\/\/www.intellectualsovereignty.ch\/wp-content\/uploads\/2020\/08\/IMG_0981-scaled.jpeg\" data-orig-size=\"1920,2560\" data-comments-opened=\"0\" data-image-title=\"IMG_0981\" data-image-description=\"\" data-image-caption=\"\" data-large-file=\"https:\/\/www.intellectualsovereignty.ch\/wp-content\/uploads\/2020\/08\/IMG_0981-768x1024.jpeg\" src=\"https:\/\/www.intellectualsovereignty.ch\/wp-content\/uploads\/2020\/08\/IMG_0981-768x1024.jpeg\" alt=\"\" data-id=\"1036\" data-full-url=\"https:\/\/www.intellectualsovereignty.ch\/wp-content\/uploads\/2020\/08\/IMG_0981-scaled.jpeg\" data-link=\"https:\/\/www.intellectualsovereignty.ch\/index.php\/2020\/08\/01\/hike-32-fiescheralp-bettmeralp-belalp-eggerberg\/img_0981\/\" class=\"wp-image-1036\" srcset=\"https:\/\/www.intellectualsovereignty.ch\/wp-content\/uploads\/2020\/08\/IMG_0981-768x1024.jpeg 768w, https:\/\/www.intellectualsovereignty.ch\/wp-content\/uploads\/2020\/08\/IMG_0981-225x300.jpeg 225w, https:\/\/www.intellectualsovereignty.ch\/wp-content\/uploads\/2020\/08\/IMG_0981-1152x1536.jpeg 1152w, https:\/\/www.intellectualsovereignty.ch\/wp-content\/uploads\/2020\/08\/IMG_0981-1536x2048.jpeg 1536w, https:\/\/www.intellectualsovereignty.ch\/wp-content\/uploads\/2020\/08\/IMG_0981-1870x2493.jpeg 1870w, https:\/\/www.intellectualsovereignty.ch\/wp-content\/uploads\/2020\/08\/IMG_0981-400x533.jpeg 400w, https:\/\/www.intellectualsovereignty.ch\/wp-content\/uploads\/2020\/08\/IMG_0981-800x1067.jpeg 800w, https:\/\/www.intellectualsovereignty.ch\/wp-content\/uploads\/2020\/08\/IMG_0981-scaled.jpeg 1920w\" sizes=\"auto, (max-width: 768px) 100vw, 768px\" \/><\/figure><\/li><li class=\"blocks-gallery-item\"><figure><img loading=\"lazy\" decoding=\"async\" width=\"1024\" height=\"768\" data-attachment-id=\"1037\" data-permalink=\"https:\/\/www.intellectualsovereignty.ch\/index.php\/2020\/08\/01\/hike-32-fiescheralp-bettmeralp-belalp-eggerberg\/img_0982\/\" data-orig-file=\"https:\/\/www.intellectualsovereignty.ch\/wp-content\/uploads\/2020\/08\/IMG_0982-scaled.jpeg\" data-orig-size=\"2560,1920\" data-comments-opened=\"0\" data-image-title=\"IMG_0982\" data-image-description=\"\" data-image-caption=\"\" data-large-file=\"https:\/\/www.intellectualsovereignty.ch\/wp-content\/uploads\/2020\/08\/IMG_0982-1024x768.jpeg\" src=\"https:\/\/www.intellectualsovereignty.ch\/wp-content\/uploads\/2020\/08\/IMG_0982-1024x768.jpeg\" alt=\"\" data-id=\"1037\" data-full-url=\"https:\/\/www.intellectualsovereignty.ch\/wp-content\/uploads\/2020\/08\/IMG_0982-scaled.jpeg\" data-link=\"https:\/\/www.intellectualsovereignty.ch\/index.php\/2020\/08\/01\/hike-32-fiescheralp-bettmeralp-belalp-eggerberg\/img_0982\/\" class=\"wp-image-1037\" srcset=\"https:\/\/www.intellectualsovereignty.ch\/wp-content\/uploads\/2020\/08\/IMG_0982-1024x768.jpeg 1024w, https:\/\/www.intellectualsovereignty.ch\/wp-content\/uploads\/2020\/08\/IMG_0982-300x225.jpeg 300w, https:\/\/www.intellectualsovereignty.ch\/wp-content\/uploads\/2020\/08\/IMG_0982-768x576.jpeg 768w, https:\/\/www.intellectualsovereignty.ch\/wp-content\/uploads\/2020\/08\/IMG_0982-1536x1152.jpeg 1536w, https:\/\/www.intellectualsovereignty.ch\/wp-content\/uploads\/2020\/08\/IMG_0982-2048x1536.jpeg 2048w, https:\/\/www.intellectualsovereignty.ch\/wp-content\/uploads\/2020\/08\/IMG_0982-1870x1403.jpeg 1870w, https:\/\/www.intellectualsovereignty.ch\/wp-content\/uploads\/2020\/08\/IMG_0982-400x300.jpeg 400w, https:\/\/www.intellectualsovereignty.ch\/wp-content\/uploads\/2020\/08\/IMG_0982-800x600.jpeg 800w\" sizes=\"auto, (max-width: 1024px) 100vw, 1024px\" \/><\/figure><\/li><li class=\"blocks-gallery-item\"><figure><img loading=\"lazy\" decoding=\"async\" width=\"1024\" height=\"768\" data-attachment-id=\"1038\" data-permalink=\"https:\/\/www.intellectualsovereignty.ch\/index.php\/2020\/08\/01\/hike-32-fiescheralp-bettmeralp-belalp-eggerberg\/img_0983\/\" data-orig-file=\"https:\/\/www.intellectualsovereignty.ch\/wp-content\/uploads\/2020\/08\/IMG_0983-scaled.jpeg\" data-orig-size=\"2560,1920\" data-comments-opened=\"0\" data-image-title=\"IMG_0983\" data-image-description=\"\" data-image-caption=\"\" data-large-file=\"https:\/\/www.intellectualsovereignty.ch\/wp-content\/uploads\/2020\/08\/IMG_0983-1024x768.jpeg\" src=\"https:\/\/www.intellectualsovereignty.ch\/wp-content\/uploads\/2020\/08\/IMG_0983-1024x768.jpeg\" alt=\"\" data-id=\"1038\" data-full-url=\"https:\/\/www.intellectualsovereignty.ch\/wp-content\/uploads\/2020\/08\/IMG_0983-scaled.jpeg\" data-link=\"https:\/\/www.intellectualsovereignty.ch\/index.php\/2020\/08\/01\/hike-32-fiescheralp-bettmeralp-belalp-eggerberg\/img_0983\/\" class=\"wp-image-1038\" srcset=\"https:\/\/www.intellectualsovereignty.ch\/wp-content\/uploads\/2020\/08\/IMG_0983-1024x768.jpeg 1024w, https:\/\/www.intellectualsovereignty.ch\/wp-content\/uploads\/2020\/08\/IMG_0983-300x225.jpeg 300w, https:\/\/www.intellectualsovereignty.ch\/wp-content\/uploads\/2020\/08\/IMG_0983-768x576.jpeg 768w, https:\/\/www.intellectualsovereignty.ch\/wp-content\/uploads\/2020\/08\/IMG_0983-1536x1152.jpeg 1536w, https:\/\/www.intellectualsovereignty.ch\/wp-content\/uploads\/2020\/08\/IMG_0983-2048x1536.jpeg 2048w, https:\/\/www.intellectualsovereignty.ch\/wp-content\/uploads\/2020\/08\/IMG_0983-1870x1403.jpeg 1870w, https:\/\/www.intellectualsovereignty.ch\/wp-content\/uploads\/2020\/08\/IMG_0983-400x300.jpeg 400w, https:\/\/www.intellectualsovereignty.ch\/wp-content\/uploads\/2020\/08\/IMG_0983-800x600.jpeg 800w\" sizes=\"auto, (max-width: 1024px) 100vw, 1024px\" \/><\/figure><\/li><li class=\"blocks-gallery-item\"><figure><img loading=\"lazy\" decoding=\"async\" width=\"1024\" height=\"768\" data-attachment-id=\"1039\" data-permalink=\"https:\/\/www.intellectualsovereignty.ch\/index.php\/2020\/08\/01\/hike-32-fiescheralp-bettmeralp-belalp-eggerberg\/img_0984\/\" data-orig-file=\"https:\/\/www.intellectualsovereignty.ch\/wp-content\/uploads\/2020\/08\/IMG_0984-scaled.jpeg\" data-orig-size=\"2560,1920\" data-comments-opened=\"0\" data-image-title=\"IMG_0984\" data-image-description=\"\" data-image-caption=\"\" data-large-file=\"https:\/\/www.intellectualsovereignty.ch\/wp-content\/uploads\/2020\/08\/IMG_0984-1024x768.jpeg\" src=\"https:\/\/www.intellectualsovereignty.ch\/wp-content\/uploads\/2020\/08\/IMG_0984-1024x768.jpeg\" alt=\"\" data-id=\"1039\" data-full-url=\"https:\/\/www.intellectualsovereignty.ch\/wp-content\/uploads\/2020\/08\/IMG_0984-scaled.jpeg\" data-link=\"https:\/\/www.intellectualsovereignty.ch\/index.php\/2020\/08\/01\/hike-32-fiescheralp-bettmeralp-belalp-eggerberg\/img_0984\/\" class=\"wp-image-1039\" srcset=\"https:\/\/www.intellectualsovereignty.ch\/wp-content\/uploads\/2020\/08\/IMG_0984-1024x768.jpeg 1024w, https:\/\/www.intellectualsovereignty.ch\/wp-content\/uploads\/2020\/08\/IMG_0984-300x225.jpeg 300w, https:\/\/www.intellectualsovereignty.ch\/wp-content\/uploads\/2020\/08\/IMG_0984-768x576.jpeg 768w, https:\/\/www.intellectualsovereignty.ch\/wp-content\/uploads\/2020\/08\/IMG_0984-1536x1152.jpeg 1536w, https:\/\/www.intellectualsovereignty.ch\/wp-content\/uploads\/2020\/08\/IMG_0984-2048x1536.jpeg 2048w, https:\/\/www.intellectualsovereignty.ch\/wp-content\/uploads\/2020\/08\/IMG_0984-1870x1403.jpeg 1870w, https:\/\/www.intellectualsovereignty.ch\/wp-content\/uploads\/2020\/08\/IMG_0984-400x300.jpeg 400w, https:\/\/www.intellectualsovereignty.ch\/wp-content\/uploads\/2020\/08\/IMG_0984-800x600.jpeg 800w\" sizes=\"auto, (max-width: 1024px) 100vw, 1024px\" \/><\/figure><\/li><li class=\"blocks-gallery-item\"><figure><img loading=\"lazy\" decoding=\"async\" width=\"1024\" height=\"768\" data-attachment-id=\"1040\" data-permalink=\"https:\/\/www.intellectualsovereignty.ch\/index.php\/2020\/08\/01\/hike-32-fiescheralp-bettmeralp-belalp-eggerberg\/img_0985\/\" data-orig-file=\"https:\/\/www.intellectualsovereignty.ch\/wp-content\/uploads\/2020\/08\/IMG_0985-scaled.jpeg\" data-orig-size=\"2560,1920\" data-comments-opened=\"0\" data-image-title=\"IMG_0985\" data-image-description=\"\" data-image-caption=\"\" data-large-file=\"https:\/\/www.intellectualsovereignty.ch\/wp-content\/uploads\/2020\/08\/IMG_0985-1024x768.jpeg\" src=\"https:\/\/www.intellectualsovereignty.ch\/wp-content\/uploads\/2020\/08\/IMG_0985-1024x768.jpeg\" alt=\"\" data-id=\"1040\" data-full-url=\"https:\/\/www.intellectualsovereignty.ch\/wp-content\/uploads\/2020\/08\/IMG_0985-scaled.jpeg\" data-link=\"https:\/\/www.intellectualsovereignty.ch\/index.php\/2020\/08\/01\/hike-32-fiescheralp-bettmeralp-belalp-eggerberg\/img_0985\/\" class=\"wp-image-1040\" srcset=\"https:\/\/www.intellectualsovereignty.ch\/wp-content\/uploads\/2020\/08\/IMG_0985-1024x768.jpeg 1024w, https:\/\/www.intellectualsovereignty.ch\/wp-content\/uploads\/2020\/08\/IMG_0985-300x225.jpeg 300w, https:\/\/www.intellectualsovereignty.ch\/wp-content\/uploads\/2020\/08\/IMG_0985-768x576.jpeg 768w, https:\/\/www.intellectualsovereignty.ch\/wp-content\/uploads\/2020\/08\/IMG_0985-1536x1152.jpeg 1536w, https:\/\/www.intellectualsovereignty.ch\/wp-content\/uploads\/2020\/08\/IMG_0985-2048x1536.jpeg 2048w, https:\/\/www.intellectualsovereignty.ch\/wp-content\/uploads\/2020\/08\/IMG_0985-1870x1403.jpeg 1870w, https:\/\/www.intellectualsovereignty.ch\/wp-content\/uploads\/2020\/08\/IMG_0985-400x300.jpeg 400w, https:\/\/www.intellectualsovereignty.ch\/wp-content\/uploads\/2020\/08\/IMG_0985-800x600.jpeg 800w\" sizes=\"auto, (max-width: 1024px) 100vw, 1024px\" \/><\/figure><\/li><li class=\"blocks-gallery-item\"><figure><img loading=\"lazy\" decoding=\"async\" width=\"1024\" height=\"768\" data-attachment-id=\"1041\" data-permalink=\"https:\/\/www.intellectualsovereignty.ch\/index.php\/2020\/08\/01\/hike-32-fiescheralp-bettmeralp-belalp-eggerberg\/img_0986\/\" data-orig-file=\"https:\/\/www.intellectualsovereignty.ch\/wp-content\/uploads\/2020\/08\/IMG_0986-scaled.jpeg\" data-orig-size=\"2560,1920\" data-comments-opened=\"0\" data-image-title=\"IMG_0986\" data-image-description=\"\" data-image-caption=\"\" data-large-file=\"https:\/\/www.intellectualsovereignty.ch\/wp-content\/uploads\/2020\/08\/IMG_0986-1024x768.jpeg\" src=\"https:\/\/www.intellectualsovereignty.ch\/wp-content\/uploads\/2020\/08\/IMG_0986-1024x768.jpeg\" alt=\"\" data-id=\"1041\" data-full-url=\"https:\/\/www.intellectualsovereignty.ch\/wp-content\/uploads\/2020\/08\/IMG_0986-scaled.jpeg\" data-link=\"https:\/\/www.intellectualsovereignty.ch\/index.php\/2020\/08\/01\/hike-32-fiescheralp-bettmeralp-belalp-eggerberg\/img_0986\/\" class=\"wp-image-1041\" srcset=\"https:\/\/www.intellectualsovereignty.ch\/wp-content\/uploads\/2020\/08\/IMG_0986-1024x768.jpeg 1024w, https:\/\/www.intellectualsovereignty.ch\/wp-content\/uploads\/2020\/08\/IMG_0986-300x225.jpeg 300w, https:\/\/www.intellectualsovereignty.ch\/wp-content\/uploads\/2020\/08\/IMG_0986-768x576.jpeg 768w, https:\/\/www.intellectualsovereignty.ch\/wp-content\/uploads\/2020\/08\/IMG_0986-1536x1152.jpeg 1536w, https:\/\/www.intellectualsovereignty.ch\/wp-content\/uploads\/2020\/08\/IMG_0986-2048x1536.jpeg 2048w, https:\/\/www.intellectualsovereignty.ch\/wp-content\/uploads\/2020\/08\/IMG_0986-1870x1403.jpeg 1870w, https:\/\/www.intellectualsovereignty.ch\/wp-content\/uploads\/2020\/08\/IMG_0986-400x300.jpeg 400w, https:\/\/www.intellectualsovereignty.ch\/wp-content\/uploads\/2020\/08\/IMG_0986-800x600.jpeg 800w\" sizes=\"auto, (max-width: 1024px) 100vw, 1024px\" \/><\/figure><\/li><li class=\"blocks-gallery-item\"><figure><img loading=\"lazy\" decoding=\"async\" width=\"768\" height=\"1024\" data-attachment-id=\"1042\" data-permalink=\"https:\/\/www.intellectualsovereignty.ch\/index.php\/2020\/08\/01\/hike-32-fiescheralp-bettmeralp-belalp-eggerberg\/img_0987\/\" data-orig-file=\"https:\/\/www.intellectualsovereignty.ch\/wp-content\/uploads\/2020\/08\/IMG_0987-scaled.jpeg\" data-orig-size=\"1920,2560\" data-comments-opened=\"0\" data-image-title=\"IMG_0987\" data-image-description=\"\" data-image-caption=\"\" data-large-file=\"https:\/\/www.intellectualsovereignty.ch\/wp-content\/uploads\/2020\/08\/IMG_0987-768x1024.jpeg\" src=\"https:\/\/www.intellectualsovereignty.ch\/wp-content\/uploads\/2020\/08\/IMG_0987-768x1024.jpeg\" alt=\"\" data-id=\"1042\" data-full-url=\"https:\/\/www.intellectualsovereignty.ch\/wp-content\/uploads\/2020\/08\/IMG_0987-scaled.jpeg\" data-link=\"https:\/\/www.intellectualsovereignty.ch\/index.php\/2020\/08\/01\/hike-32-fiescheralp-bettmeralp-belalp-eggerberg\/img_0987\/\" class=\"wp-image-1042\" srcset=\"https:\/\/www.intellectualsovereignty.ch\/wp-content\/uploads\/2020\/08\/IMG_0987-768x1024.jpeg 768w, https:\/\/www.intellectualsovereignty.ch\/wp-content\/uploads\/2020\/08\/IMG_0987-225x300.jpeg 225w, https:\/\/www.intellectualsovereignty.ch\/wp-content\/uploads\/2020\/08\/IMG_0987-1152x1536.jpeg 1152w, https:\/\/www.intellectualsovereignty.ch\/wp-content\/uploads\/2020\/08\/IMG_0987-1536x2048.jpeg 1536w, https:\/\/www.intellectualsovereignty.ch\/wp-content\/uploads\/2020\/08\/IMG_0987-1870x2493.jpeg 1870w, https:\/\/www.intellectualsovereignty.ch\/wp-content\/uploads\/2020\/08\/IMG_0987-400x533.jpeg 400w, https:\/\/www.intellectualsovereignty.ch\/wp-content\/uploads\/2020\/08\/IMG_0987-800x1067.jpeg 800w, https:\/\/www.intellectualsovereignty.ch\/wp-content\/uploads\/2020\/08\/IMG_0987-scaled.jpeg 1920w\" sizes=\"auto, (max-width: 768px) 100vw, 768px\" \/><\/figure><\/li><li class=\"blocks-gallery-item\"><figure><img loading=\"lazy\" decoding=\"async\" width=\"1024\" height=\"768\" data-attachment-id=\"1043\" data-permalink=\"https:\/\/www.intellectualsovereignty.ch\/index.php\/2020\/08\/01\/hike-32-fiescheralp-bettmeralp-belalp-eggerberg\/img_0988\/\" data-orig-file=\"https:\/\/www.intellectualsovereignty.ch\/wp-content\/uploads\/2020\/08\/IMG_0988-scaled.jpeg\" data-orig-size=\"2560,1920\" data-comments-opened=\"0\" data-image-title=\"IMG_0988\" data-image-description=\"\" data-image-caption=\"\" data-large-file=\"https:\/\/www.intellectualsovereignty.ch\/wp-content\/uploads\/2020\/08\/IMG_0988-1024x768.jpeg\" src=\"https:\/\/www.intellectualsovereignty.ch\/wp-content\/uploads\/2020\/08\/IMG_0988-1024x768.jpeg\" alt=\"\" data-id=\"1043\" data-full-url=\"https:\/\/www.intellectualsovereignty.ch\/wp-content\/uploads\/2020\/08\/IMG_0988-scaled.jpeg\" data-link=\"https:\/\/www.intellectualsovereignty.ch\/index.php\/2020\/08\/01\/hike-32-fiescheralp-bettmeralp-belalp-eggerberg\/img_0988\/\" class=\"wp-image-1043\" srcset=\"https:\/\/www.intellectualsovereignty.ch\/wp-content\/uploads\/2020\/08\/IMG_0988-1024x768.jpeg 1024w, https:\/\/www.intellectualsovereignty.ch\/wp-content\/uploads\/2020\/08\/IMG_0988-300x225.jpeg 300w, https:\/\/www.intellectualsovereignty.ch\/wp-content\/uploads\/2020\/08\/IMG_0988-768x576.jpeg 768w, https:\/\/www.intellectualsovereignty.ch\/wp-content\/uploads\/2020\/08\/IMG_0988-1536x1152.jpeg 1536w, https:\/\/www.intellectualsovereignty.ch\/wp-content\/uploads\/2020\/08\/IMG_0988-2048x1536.jpeg 2048w, https:\/\/www.intellectualsovereignty.ch\/wp-content\/uploads\/2020\/08\/IMG_0988-1870x1403.jpeg 1870w, https:\/\/www.intellectualsovereignty.ch\/wp-content\/uploads\/2020\/08\/IMG_0988-400x300.jpeg 400w, https:\/\/www.intellectualsovereignty.ch\/wp-content\/uploads\/2020\/08\/IMG_0988-800x600.jpeg 800w\" sizes=\"auto, (max-width: 1024px) 100vw, 1024px\" \/><\/figure><\/li><li class=\"blocks-gallery-item\"><figure><img loading=\"lazy\" decoding=\"async\" width=\"768\" height=\"1024\" data-attachment-id=\"1044\" data-permalink=\"https:\/\/www.intellectualsovereignty.ch\/index.php\/2020\/08\/01\/hike-32-fiescheralp-bettmeralp-belalp-eggerberg\/img_0989\/\" data-orig-file=\"https:\/\/www.intellectualsovereignty.ch\/wp-content\/uploads\/2020\/08\/IMG_0989-scaled.jpeg\" data-orig-size=\"1920,2560\" data-comments-opened=\"0\" data-image-title=\"IMG_0989\" data-image-description=\"\" data-image-caption=\"\" data-large-file=\"https:\/\/www.intellectualsovereignty.ch\/wp-content\/uploads\/2020\/08\/IMG_0989-768x1024.jpeg\" src=\"https:\/\/www.intellectualsovereignty.ch\/wp-content\/uploads\/2020\/08\/IMG_0989-768x1024.jpeg\" alt=\"\" data-id=\"1044\" data-full-url=\"https:\/\/www.intellectualsovereignty.ch\/wp-content\/uploads\/2020\/08\/IMG_0989-scaled.jpeg\" data-link=\"https:\/\/www.intellectualsovereignty.ch\/index.php\/2020\/08\/01\/hike-32-fiescheralp-bettmeralp-belalp-eggerberg\/img_0989\/\" class=\"wp-image-1044\" srcset=\"https:\/\/www.intellectualsovereignty.ch\/wp-content\/uploads\/2020\/08\/IMG_0989-768x1024.jpeg 768w, https:\/\/www.intellectualsovereignty.ch\/wp-content\/uploads\/2020\/08\/IMG_0989-225x300.jpeg 225w, https:\/\/www.intellectualsovereignty.ch\/wp-content\/uploads\/2020\/08\/IMG_0989-1152x1536.jpeg 1152w, https:\/\/www.intellectualsovereignty.ch\/wp-content\/uploads\/2020\/08\/IMG_0989-1536x2048.jpeg 1536w, https:\/\/www.intellectualsovereignty.ch\/wp-content\/uploads\/2020\/08\/IMG_0989-1870x2493.jpeg 1870w, https:\/\/www.intellectualsovereignty.ch\/wp-content\/uploads\/2020\/08\/IMG_0989-400x533.jpeg 400w, https:\/\/www.intellectualsovereignty.ch\/wp-content\/uploads\/2020\/08\/IMG_0989-800x1067.jpeg 800w, https:\/\/www.intellectualsovereignty.ch\/wp-content\/uploads\/2020\/08\/IMG_0989-scaled.jpeg 1920w\" sizes=\"auto, (max-width: 768px) 100vw, 768px\" \/><\/figure><\/li><li class=\"blocks-gallery-item\"><figure><img loading=\"lazy\" decoding=\"async\" width=\"1024\" height=\"768\" data-attachment-id=\"1046\" data-permalink=\"https:\/\/www.intellectualsovereignty.ch\/index.php\/2020\/08\/01\/hike-32-fiescheralp-bettmeralp-belalp-eggerberg\/img_0991\/\" data-orig-file=\"https:\/\/www.intellectualsovereignty.ch\/wp-content\/uploads\/2020\/08\/IMG_0991-scaled.jpeg\" data-orig-size=\"2560,1920\" data-comments-opened=\"0\" data-image-title=\"IMG_0991\" data-image-description=\"\" data-image-caption=\"\" data-large-file=\"https:\/\/www.intellectualsovereignty.ch\/wp-content\/uploads\/2020\/08\/IMG_0991-1024x768.jpeg\" src=\"https:\/\/www.intellectualsovereignty.ch\/wp-content\/uploads\/2020\/08\/IMG_0991-1024x768.jpeg\" alt=\"\" data-id=\"1046\" data-full-url=\"https:\/\/www.intellectualsovereignty.ch\/wp-content\/uploads\/2020\/08\/IMG_0991-scaled.jpeg\" data-link=\"https:\/\/www.intellectualsovereignty.ch\/index.php\/2020\/08\/01\/hike-32-fiescheralp-bettmeralp-belalp-eggerberg\/img_0991\/\" class=\"wp-image-1046\" srcset=\"https:\/\/www.intellectualsovereignty.ch\/wp-content\/uploads\/2020\/08\/IMG_0991-1024x768.jpeg 1024w, https:\/\/www.intellectualsovereignty.ch\/wp-content\/uploads\/2020\/08\/IMG_0991-300x225.jpeg 300w, https:\/\/www.intellectualsovereignty.ch\/wp-content\/uploads\/2020\/08\/IMG_0991-768x576.jpeg 768w, https:\/\/www.intellectualsovereignty.ch\/wp-content\/uploads\/2020\/08\/IMG_0991-1536x1152.jpeg 1536w, https:\/\/www.intellectualsovereignty.ch\/wp-content\/uploads\/2020\/08\/IMG_0991-2048x1536.jpeg 2048w, https:\/\/www.intellectualsovereignty.ch\/wp-content\/uploads\/2020\/08\/IMG_0991-1870x1403.jpeg 1870w, https:\/\/www.intellectualsovereignty.ch\/wp-content\/uploads\/2020\/08\/IMG_0991-400x300.jpeg 400w, https:\/\/www.intellectualsovereignty.ch\/wp-content\/uploads\/2020\/08\/IMG_0991-800x600.jpeg 800w\" sizes=\"auto, (max-width: 1024px) 100vw, 1024px\" \/><\/figure><\/li><li class=\"blocks-gallery-item\"><figure><img loading=\"lazy\" decoding=\"async\" width=\"768\" height=\"1024\" data-attachment-id=\"1047\" data-permalink=\"https:\/\/www.intellectualsovereignty.ch\/index.php\/2020\/08\/01\/hike-32-fiescheralp-bettmeralp-belalp-eggerberg\/img_0992\/\" data-orig-file=\"https:\/\/www.intellectualsovereignty.ch\/wp-content\/uploads\/2020\/08\/IMG_0992-scaled.jpeg\" data-orig-size=\"1920,2560\" data-comments-opened=\"0\" data-image-title=\"IMG_0992\" data-image-description=\"\" data-image-caption=\"\" data-large-file=\"https:\/\/www.intellectualsovereignty.ch\/wp-content\/uploads\/2020\/08\/IMG_0992-768x1024.jpeg\" src=\"https:\/\/www.intellectualsovereignty.ch\/wp-content\/uploads\/2020\/08\/IMG_0992-768x1024.jpeg\" alt=\"\" data-id=\"1047\" data-full-url=\"https:\/\/www.intellectualsovereignty.ch\/wp-content\/uploads\/2020\/08\/IMG_0992-scaled.jpeg\" data-link=\"https:\/\/www.intellectualsovereignty.ch\/index.php\/2020\/08\/01\/hike-32-fiescheralp-bettmeralp-belalp-eggerberg\/img_0992\/\" class=\"wp-image-1047\" srcset=\"https:\/\/www.intellectualsovereignty.ch\/wp-content\/uploads\/2020\/08\/IMG_0992-768x1024.jpeg 768w, https:\/\/www.intellectualsovereignty.ch\/wp-content\/uploads\/2020\/08\/IMG_0992-225x300.jpeg 225w, https:\/\/www.intellectualsovereignty.ch\/wp-content\/uploads\/2020\/08\/IMG_0992-1152x1536.jpeg 1152w, https:\/\/www.intellectualsovereignty.ch\/wp-content\/uploads\/2020\/08\/IMG_0992-1536x2048.jpeg 1536w, https:\/\/www.intellectualsovereignty.ch\/wp-content\/uploads\/2020\/08\/IMG_0992-1870x2493.jpeg 1870w, https:\/\/www.intellectualsovereignty.ch\/wp-content\/uploads\/2020\/08\/IMG_0992-400x533.jpeg 400w, https:\/\/www.intellectualsovereignty.ch\/wp-content\/uploads\/2020\/08\/IMG_0992-800x1067.jpeg 800w, https:\/\/www.intellectualsovereignty.ch\/wp-content\/uploads\/2020\/08\/IMG_0992-scaled.jpeg 1920w\" sizes=\"auto, (max-width: 768px) 100vw, 768px\" \/><\/figure><\/li><li class=\"blocks-gallery-item\"><figure><img loading=\"lazy\" decoding=\"async\" width=\"768\" height=\"1024\" data-attachment-id=\"1048\" data-permalink=\"https:\/\/www.intellectualsovereignty.ch\/index.php\/2020\/08\/01\/hike-32-fiescheralp-bettmeralp-belalp-eggerberg\/img_0993\/\" data-orig-file=\"https:\/\/www.intellectualsovereignty.ch\/wp-content\/uploads\/2020\/08\/IMG_0993-scaled.jpeg\" data-orig-size=\"1920,2560\" data-comments-opened=\"0\" data-image-title=\"IMG_0993\" data-image-description=\"\" data-image-caption=\"\" data-large-file=\"https:\/\/www.intellectualsovereignty.ch\/wp-content\/uploads\/2020\/08\/IMG_0993-768x1024.jpeg\" src=\"https:\/\/www.intellectualsovereignty.ch\/wp-content\/uploads\/2020\/08\/IMG_0993-768x1024.jpeg\" alt=\"\" data-id=\"1048\" data-full-url=\"https:\/\/www.intellectualsovereignty.ch\/wp-content\/uploads\/2020\/08\/IMG_0993-scaled.jpeg\" data-link=\"https:\/\/www.intellectualsovereignty.ch\/index.php\/2020\/08\/01\/hike-32-fiescheralp-bettmeralp-belalp-eggerberg\/img_0993\/\" class=\"wp-image-1048\" srcset=\"https:\/\/www.intellectualsovereignty.ch\/wp-content\/uploads\/2020\/08\/IMG_0993-768x1024.jpeg 768w, https:\/\/www.intellectualsovereignty.ch\/wp-content\/uploads\/2020\/08\/IMG_0993-225x300.jpeg 225w, https:\/\/www.intellectualsovereignty.ch\/wp-content\/uploads\/2020\/08\/IMG_0993-1152x1536.jpeg 1152w, https:\/\/www.intellectualsovereignty.ch\/wp-content\/uploads\/2020\/08\/IMG_0993-1536x2048.jpeg 1536w, https:\/\/www.intellectualsovereignty.ch\/wp-content\/uploads\/2020\/08\/IMG_0993-1870x2493.jpeg 1870w, https:\/\/www.intellectualsovereignty.ch\/wp-content\/uploads\/2020\/08\/IMG_0993-400x533.jpeg 400w, https:\/\/www.intellectualsovereignty.ch\/wp-content\/uploads\/2020\/08\/IMG_0993-800x1067.jpeg 800w, https:\/\/www.intellectualsovereignty.ch\/wp-content\/uploads\/2020\/08\/IMG_0993-scaled.jpeg 1920w\" sizes=\"auto, (max-width: 768px) 100vw, 768px\" \/><\/figure><\/li><li class=\"blocks-gallery-item\"><figure><img loading=\"lazy\" decoding=\"async\" width=\"1024\" height=\"768\" data-attachment-id=\"1049\" data-permalink=\"https:\/\/www.intellectualsovereignty.ch\/index.php\/2020\/08\/01\/hike-32-fiescheralp-bettmeralp-belalp-eggerberg\/img_0994\/\" data-orig-file=\"https:\/\/www.intellectualsovereignty.ch\/wp-content\/uploads\/2020\/08\/IMG_0994-scaled.jpeg\" data-orig-size=\"2560,1920\" data-comments-opened=\"0\" data-image-title=\"IMG_0994\" data-image-description=\"\" data-image-caption=\"\" data-large-file=\"https:\/\/www.intellectualsovereignty.ch\/wp-content\/uploads\/2020\/08\/IMG_0994-1024x768.jpeg\" src=\"https:\/\/www.intellectualsovereignty.ch\/wp-content\/uploads\/2020\/08\/IMG_0994-1024x768.jpeg\" alt=\"\" data-id=\"1049\" data-full-url=\"https:\/\/www.intellectualsovereignty.ch\/wp-content\/uploads\/2020\/08\/IMG_0994-scaled.jpeg\" data-link=\"https:\/\/www.intellectualsovereignty.ch\/index.php\/2020\/08\/01\/hike-32-fiescheralp-bettmeralp-belalp-eggerberg\/img_0994\/\" class=\"wp-image-1049\" srcset=\"https:\/\/www.intellectualsovereignty.ch\/wp-content\/uploads\/2020\/08\/IMG_0994-1024x768.jpeg 1024w, https:\/\/www.intellectualsovereignty.ch\/wp-content\/uploads\/2020\/08\/IMG_0994-300x225.jpeg 300w, https:\/\/www.intellectualsovereignty.ch\/wp-content\/uploads\/2020\/08\/IMG_0994-768x576.jpeg 768w, https:\/\/www.intellectualsovereignty.ch\/wp-content\/uploads\/2020\/08\/IMG_0994-1536x1152.jpeg 1536w, https:\/\/www.intellectualsovereignty.ch\/wp-content\/uploads\/2020\/08\/IMG_0994-2048x1536.jpeg 2048w, https:\/\/www.intellectualsovereignty.ch\/wp-content\/uploads\/2020\/08\/IMG_0994-1870x1403.jpeg 1870w, https:\/\/www.intellectualsovereignty.ch\/wp-content\/uploads\/2020\/08\/IMG_0994-400x300.jpeg 400w, https:\/\/www.intellectualsovereignty.ch\/wp-content\/uploads\/2020\/08\/IMG_0994-800x600.jpeg 800w\" sizes=\"auto, (max-width: 1024px) 100vw, 1024px\" \/><\/figure><\/li><li class=\"blocks-gallery-item\"><figure><img loading=\"lazy\" decoding=\"async\" width=\"768\" height=\"1024\" data-attachment-id=\"1050\" data-permalink=\"https:\/\/www.intellectualsovereignty.ch\/index.php\/2020\/08\/01\/hike-32-fiescheralp-bettmeralp-belalp-eggerberg\/img_0995\/\" data-orig-file=\"https:\/\/www.intellectualsovereignty.ch\/wp-content\/uploads\/2020\/08\/IMG_0995-scaled.jpeg\" data-orig-size=\"1920,2560\" data-comments-opened=\"0\" data-image-title=\"IMG_0995\" data-image-description=\"\" data-image-caption=\"\" data-large-file=\"https:\/\/www.intellectualsovereignty.ch\/wp-content\/uploads\/2020\/08\/IMG_0995-768x1024.jpeg\" src=\"https:\/\/www.intellectualsovereignty.ch\/wp-content\/uploads\/2020\/08\/IMG_0995-768x1024.jpeg\" alt=\"\" data-id=\"1050\" data-full-url=\"https:\/\/www.intellectualsovereignty.ch\/wp-content\/uploads\/2020\/08\/IMG_0995-scaled.jpeg\" data-link=\"https:\/\/www.intellectualsovereignty.ch\/index.php\/2020\/08\/01\/hike-32-fiescheralp-bettmeralp-belalp-eggerberg\/img_0995\/\" class=\"wp-image-1050\" srcset=\"https:\/\/www.intellectualsovereignty.ch\/wp-content\/uploads\/2020\/08\/IMG_0995-768x1024.jpeg 768w, https:\/\/www.intellectualsovereignty.ch\/wp-content\/uploads\/2020\/08\/IMG_0995-225x300.jpeg 225w, https:\/\/www.intellectualsovereignty.ch\/wp-content\/uploads\/2020\/08\/IMG_0995-1152x1536.jpeg 1152w, https:\/\/www.intellectualsovereignty.ch\/wp-content\/uploads\/2020\/08\/IMG_0995-1536x2048.jpeg 1536w, https:\/\/www.intellectualsovereignty.ch\/wp-content\/uploads\/2020\/08\/IMG_0995-1870x2493.jpeg 1870w, https:\/\/www.intellectualsovereignty.ch\/wp-content\/uploads\/2020\/08\/IMG_0995-400x533.jpeg 400w, https:\/\/www.intellectualsovereignty.ch\/wp-content\/uploads\/2020\/08\/IMG_0995-800x1067.jpeg 800w, https:\/\/www.intellectualsovereignty.ch\/wp-content\/uploads\/2020\/08\/IMG_0995-scaled.jpeg 1920w\" sizes=\"auto, (max-width: 768px) 100vw, 768px\" \/><\/figure><\/li><li class=\"blocks-gallery-item\"><figure><img loading=\"lazy\" decoding=\"async\" width=\"768\" height=\"1024\" data-attachment-id=\"1051\" data-permalink=\"https:\/\/www.intellectualsovereignty.ch\/index.php\/2020\/08\/01\/hike-32-fiescheralp-bettmeralp-belalp-eggerberg\/img_0996\/\" data-orig-file=\"https:\/\/www.intellectualsovereignty.ch\/wp-content\/uploads\/2020\/08\/IMG_0996-scaled.jpeg\" data-orig-size=\"1920,2560\" data-comments-opened=\"0\" data-image-title=\"IMG_0996\" data-image-description=\"\" data-image-caption=\"\" data-large-file=\"https:\/\/www.intellectualsovereignty.ch\/wp-content\/uploads\/2020\/08\/IMG_0996-768x1024.jpeg\" src=\"https:\/\/www.intellectualsovereignty.ch\/wp-content\/uploads\/2020\/08\/IMG_0996-768x1024.jpeg\" alt=\"\" data-id=\"1051\" data-full-url=\"https:\/\/www.intellectualsovereignty.ch\/wp-content\/uploads\/2020\/08\/IMG_0996-scaled.jpeg\" data-link=\"https:\/\/www.intellectualsovereignty.ch\/index.php\/2020\/08\/01\/hike-32-fiescheralp-bettmeralp-belalp-eggerberg\/img_0996\/\" class=\"wp-image-1051\" srcset=\"https:\/\/www.intellectualsovereignty.ch\/wp-content\/uploads\/2020\/08\/IMG_0996-768x1024.jpeg 768w, https:\/\/www.intellectualsovereignty.ch\/wp-content\/uploads\/2020\/08\/IMG_0996-225x300.jpeg 225w, https:\/\/www.intellectualsovereignty.ch\/wp-content\/uploads\/2020\/08\/IMG_0996-1152x1536.jpeg 1152w, https:\/\/www.intellectualsovereignty.ch\/wp-content\/uploads\/2020\/08\/IMG_0996-1536x2048.jpeg 1536w, https:\/\/www.intellectualsovereignty.ch\/wp-content\/uploads\/2020\/08\/IMG_0996-1870x2493.jpeg 1870w, https:\/\/www.intellectualsovereignty.ch\/wp-content\/uploads\/2020\/08\/IMG_0996-400x533.jpeg 400w, https:\/\/www.intellectualsovereignty.ch\/wp-content\/uploads\/2020\/08\/IMG_0996-800x1067.jpeg 800w, https:\/\/www.intellectualsovereignty.ch\/wp-content\/uploads\/2020\/08\/IMG_0996-scaled.jpeg 1920w\" sizes=\"auto, (max-width: 768px) 100vw, 768px\" \/><\/figure><\/li><li class=\"blocks-gallery-item\"><figure><img loading=\"lazy\" decoding=\"async\" width=\"768\" height=\"1024\" data-attachment-id=\"1052\" data-permalink=\"https:\/\/www.intellectualsovereignty.ch\/index.php\/2020\/08\/01\/hike-32-fiescheralp-bettmeralp-belalp-eggerberg\/img_0997\/\" data-orig-file=\"https:\/\/www.intellectualsovereignty.ch\/wp-content\/uploads\/2020\/08\/IMG_0997-scaled.jpeg\" data-orig-size=\"1920,2560\" data-comments-opened=\"0\" data-image-title=\"IMG_0997\" data-image-description=\"\" data-image-caption=\"\" data-large-file=\"https:\/\/www.intellectualsovereignty.ch\/wp-content\/uploads\/2020\/08\/IMG_0997-768x1024.jpeg\" src=\"https:\/\/www.intellectualsovereignty.ch\/wp-content\/uploads\/2020\/08\/IMG_0997-768x1024.jpeg\" alt=\"\" data-id=\"1052\" data-full-url=\"https:\/\/www.intellectualsovereignty.ch\/wp-content\/uploads\/2020\/08\/IMG_0997-scaled.jpeg\" data-link=\"https:\/\/www.intellectualsovereignty.ch\/index.php\/2020\/08\/01\/hike-32-fiescheralp-bettmeralp-belalp-eggerberg\/img_0997\/\" class=\"wp-image-1052\" srcset=\"https:\/\/www.intellectualsovereignty.ch\/wp-content\/uploads\/2020\/08\/IMG_0997-768x1024.jpeg 768w, https:\/\/www.intellectualsovereignty.ch\/wp-content\/uploads\/2020\/08\/IMG_0997-225x300.jpeg 225w, https:\/\/www.intellectualsovereignty.ch\/wp-content\/uploads\/2020\/08\/IMG_0997-1152x1536.jpeg 1152w, https:\/\/www.intellectualsovereignty.ch\/wp-content\/uploads\/2020\/08\/IMG_0997-1536x2048.jpeg 1536w, https:\/\/www.intellectualsovereignty.ch\/wp-content\/uploads\/2020\/08\/IMG_0997-1870x2493.jpeg 1870w, https:\/\/www.intellectualsovereignty.ch\/wp-content\/uploads\/2020\/08\/IMG_0997-400x533.jpeg 400w, https:\/\/www.intellectualsovereignty.ch\/wp-content\/uploads\/2020\/08\/IMG_0997-800x1067.jpeg 800w, https:\/\/www.intellectualsovereignty.ch\/wp-content\/uploads\/2020\/08\/IMG_0997-scaled.jpeg 1920w\" sizes=\"auto, (max-width: 768px) 100vw, 768px\" \/><\/figure><\/li><li class=\"blocks-gallery-item\"><figure><img loading=\"lazy\" decoding=\"async\" width=\"768\" height=\"1024\" data-attachment-id=\"1053\" data-permalink=\"https:\/\/www.intellectualsovereignty.ch\/index.php\/2020\/08\/01\/hike-32-fiescheralp-bettmeralp-belalp-eggerberg\/img_0999\/\" data-orig-file=\"https:\/\/www.intellectualsovereignty.ch\/wp-content\/uploads\/2020\/08\/IMG_0999-scaled.jpeg\" data-orig-size=\"1920,2560\" data-comments-opened=\"0\" data-image-title=\"IMG_0999\" data-image-description=\"\" data-image-caption=\"\" data-large-file=\"https:\/\/www.intellectualsovereignty.ch\/wp-content\/uploads\/2020\/08\/IMG_0999-768x1024.jpeg\" src=\"https:\/\/www.intellectualsovereignty.ch\/wp-content\/uploads\/2020\/08\/IMG_0999-768x1024.jpeg\" alt=\"\" data-id=\"1053\" data-full-url=\"https:\/\/www.intellectualsovereignty.ch\/wp-content\/uploads\/2020\/08\/IMG_0999-scaled.jpeg\" data-link=\"https:\/\/www.intellectualsovereignty.ch\/index.php\/2020\/08\/01\/hike-32-fiescheralp-bettmeralp-belalp-eggerberg\/img_0999\/\" class=\"wp-image-1053\" srcset=\"https:\/\/www.intellectualsovereignty.ch\/wp-content\/uploads\/2020\/08\/IMG_0999-768x1024.jpeg 768w, https:\/\/www.intellectualsovereignty.ch\/wp-content\/uploads\/2020\/08\/IMG_0999-225x300.jpeg 225w, https:\/\/www.intellectualsovereignty.ch\/wp-content\/uploads\/2020\/08\/IMG_0999-1152x1536.jpeg 1152w, https:\/\/www.intellectualsovereignty.ch\/wp-content\/uploads\/2020\/08\/IMG_0999-1536x2048.jpeg 1536w, https:\/\/www.intellectualsovereignty.ch\/wp-content\/uploads\/2020\/08\/IMG_0999-1870x2493.jpeg 1870w, https:\/\/www.intellectualsovereignty.ch\/wp-content\/uploads\/2020\/08\/IMG_0999-400x533.jpeg 400w, https:\/\/www.intellectualsovereignty.ch\/wp-content\/uploads\/2020\/08\/IMG_0999-800x1067.jpeg 800w, https:\/\/www.intellectualsovereignty.ch\/wp-content\/uploads\/2020\/08\/IMG_0999-scaled.jpeg 1920w\" sizes=\"auto, (max-width: 768px) 100vw, 768px\" \/><\/figure><\/li><li class=\"blocks-gallery-item\"><figure><img loading=\"lazy\" decoding=\"async\" width=\"768\" height=\"1024\" data-attachment-id=\"1054\" data-permalink=\"https:\/\/www.intellectualsovereignty.ch\/index.php\/2020\/08\/01\/hike-32-fiescheralp-bettmeralp-belalp-eggerberg\/img_1001\/\" data-orig-file=\"https:\/\/www.intellectualsovereignty.ch\/wp-content\/uploads\/2020\/08\/IMG_1001-scaled.jpeg\" data-orig-size=\"1920,2560\" data-comments-opened=\"0\" data-image-title=\"IMG_1001\" data-image-description=\"\" data-image-caption=\"\" data-large-file=\"https:\/\/www.intellectualsovereignty.ch\/wp-content\/uploads\/2020\/08\/IMG_1001-768x1024.jpeg\" src=\"https:\/\/www.intellectualsovereignty.ch\/wp-content\/uploads\/2020\/08\/IMG_1001-768x1024.jpeg\" alt=\"\" data-id=\"1054\" data-full-url=\"https:\/\/www.intellectualsovereignty.ch\/wp-content\/uploads\/2020\/08\/IMG_1001-scaled.jpeg\" data-link=\"https:\/\/www.intellectualsovereignty.ch\/index.php\/2020\/08\/01\/hike-32-fiescheralp-bettmeralp-belalp-eggerberg\/img_1001\/\" class=\"wp-image-1054\" srcset=\"https:\/\/www.intellectualsovereignty.ch\/wp-content\/uploads\/2020\/08\/IMG_1001-768x1024.jpeg 768w, https:\/\/www.intellectualsovereignty.ch\/wp-content\/uploads\/2020\/08\/IMG_1001-225x300.jpeg 225w, https:\/\/www.intellectualsovereignty.ch\/wp-content\/uploads\/2020\/08\/IMG_1001-1152x1536.jpeg 1152w, https:\/\/www.intellectualsovereignty.ch\/wp-content\/uploads\/2020\/08\/IMG_1001-1536x2048.jpeg 1536w, https:\/\/www.intellectualsovereignty.ch\/wp-content\/uploads\/2020\/08\/IMG_1001-1870x2493.jpeg 1870w, https:\/\/www.intellectualsovereignty.ch\/wp-content\/uploads\/2020\/08\/IMG_1001-400x533.jpeg 400w, https:\/\/www.intellectualsovereignty.ch\/wp-content\/uploads\/2020\/08\/IMG_1001-800x1067.jpeg 800w, https:\/\/www.intellectualsovereignty.ch\/wp-content\/uploads\/2020\/08\/IMG_1001-scaled.jpeg 1920w\" sizes=\"auto, (max-width: 768px) 100vw, 768px\" \/><\/figure><\/li><li class=\"blocks-gallery-item\"><figure><img loading=\"lazy\" decoding=\"async\" width=\"1024\" height=\"768\" data-attachment-id=\"1055\" data-permalink=\"https:\/\/www.intellectualsovereignty.ch\/index.php\/2020\/08\/01\/hike-32-fiescheralp-bettmeralp-belalp-eggerberg\/img_1002\/\" data-orig-file=\"https:\/\/www.intellectualsovereignty.ch\/wp-content\/uploads\/2020\/08\/IMG_1002-scaled.jpeg\" data-orig-size=\"2560,1920\" data-comments-opened=\"0\" data-image-title=\"IMG_1002\" data-image-description=\"\" data-image-caption=\"\" data-large-file=\"https:\/\/www.intellectualsovereignty.ch\/wp-content\/uploads\/2020\/08\/IMG_1002-1024x768.jpeg\" src=\"https:\/\/www.intellectualsovereignty.ch\/wp-content\/uploads\/2020\/08\/IMG_1002-1024x768.jpeg\" alt=\"\" data-id=\"1055\" data-full-url=\"https:\/\/www.intellectualsovereignty.ch\/wp-content\/uploads\/2020\/08\/IMG_1002-scaled.jpeg\" data-link=\"https:\/\/www.intellectualsovereignty.ch\/index.php\/2020\/08\/01\/hike-32-fiescheralp-bettmeralp-belalp-eggerberg\/img_1002\/\" class=\"wp-image-1055\" srcset=\"https:\/\/www.intellectualsovereignty.ch\/wp-content\/uploads\/2020\/08\/IMG_1002-1024x768.jpeg 1024w, https:\/\/www.intellectualsovereignty.ch\/wp-content\/uploads\/2020\/08\/IMG_1002-300x225.jpeg 300w, https:\/\/www.intellectualsovereignty.ch\/wp-content\/uploads\/2020\/08\/IMG_1002-768x576.jpeg 768w, https:\/\/www.intellectualsovereignty.ch\/wp-content\/uploads\/2020\/08\/IMG_1002-1536x1152.jpeg 1536w, https:\/\/www.intellectualsovereignty.ch\/wp-content\/uploads\/2020\/08\/IMG_1002-2048x1536.jpeg 2048w, https:\/\/www.intellectualsovereignty.ch\/wp-content\/uploads\/2020\/08\/IMG_1002-1870x1403.jpeg 1870w, https:\/\/www.intellectualsovereignty.ch\/wp-content\/uploads\/2020\/08\/IMG_1002-400x300.jpeg 400w, https:\/\/www.intellectualsovereignty.ch\/wp-content\/uploads\/2020\/08\/IMG_1002-800x600.jpeg 800w\" sizes=\"auto, (max-width: 1024px) 100vw, 1024px\" \/><\/figure><\/li><li class=\"blocks-gallery-item\"><figure><img loading=\"lazy\" decoding=\"async\" width=\"768\" height=\"1024\" data-attachment-id=\"1056\" data-permalink=\"https:\/\/www.intellectualsovereignty.ch\/index.php\/2020\/08\/01\/hike-32-fiescheralp-bettmeralp-belalp-eggerberg\/img_6004\/\" data-orig-file=\"https:\/\/www.intellectualsovereignty.ch\/wp-content\/uploads\/2020\/08\/IMG_6004-scaled.jpeg\" data-orig-size=\"1920,2560\" data-comments-opened=\"0\" data-image-title=\"IMG_6004\" data-image-description=\"\" data-image-caption=\"\" data-large-file=\"https:\/\/www.intellectualsovereignty.ch\/wp-content\/uploads\/2020\/08\/IMG_6004-768x1024.jpeg\" src=\"https:\/\/www.intellectualsovereignty.ch\/wp-content\/uploads\/2020\/08\/IMG_6004-768x1024.jpeg\" alt=\"\" data-id=\"1056\" data-full-url=\"https:\/\/www.intellectualsovereignty.ch\/wp-content\/uploads\/2020\/08\/IMG_6004-scaled.jpeg\" data-link=\"https:\/\/www.intellectualsovereignty.ch\/index.php\/2020\/08\/01\/hike-32-fiescheralp-bettmeralp-belalp-eggerberg\/img_6004\/\" class=\"wp-image-1056\" srcset=\"https:\/\/www.intellectualsovereignty.ch\/wp-content\/uploads\/2020\/08\/IMG_6004-768x1024.jpeg 768w, https:\/\/www.intellectualsovereignty.ch\/wp-content\/uploads\/2020\/08\/IMG_6004-225x300.jpeg 225w, https:\/\/www.intellectualsovereignty.ch\/wp-content\/uploads\/2020\/08\/IMG_6004-1152x1536.jpeg 1152w, https:\/\/www.intellectualsovereignty.ch\/wp-content\/uploads\/2020\/08\/IMG_6004-1536x2048.jpeg 1536w, https:\/\/www.intellectualsovereignty.ch\/wp-content\/uploads\/2020\/08\/IMG_6004-1870x2493.jpeg 1870w, https:\/\/www.intellectualsovereignty.ch\/wp-content\/uploads\/2020\/08\/IMG_6004-400x533.jpeg 400w, https:\/\/www.intellectualsovereignty.ch\/wp-content\/uploads\/2020\/08\/IMG_6004-800x1067.jpeg 800w, https:\/\/www.intellectualsovereignty.ch\/wp-content\/uploads\/2020\/08\/IMG_6004-scaled.jpeg 1920w\" sizes=\"auto, (max-width: 768px) 100vw, 768px\" \/><\/figure><\/li><li class=\"blocks-gallery-item\"><figure><img loading=\"lazy\" decoding=\"async\" width=\"1024\" height=\"768\" data-attachment-id=\"1057\" data-permalink=\"https:\/\/www.intellectualsovereignty.ch\/index.php\/2020\/08\/01\/hike-32-fiescheralp-bettmeralp-belalp-eggerberg\/img_1003\/\" data-orig-file=\"https:\/\/www.intellectualsovereignty.ch\/wp-content\/uploads\/2020\/08\/IMG_1003-scaled.jpeg\" data-orig-size=\"2560,1920\" data-comments-opened=\"0\" data-image-title=\"IMG_1003\" data-image-description=\"\" data-image-caption=\"\" data-large-file=\"https:\/\/www.intellectualsovereignty.ch\/wp-content\/uploads\/2020\/08\/IMG_1003-1024x768.jpeg\" src=\"https:\/\/www.intellectualsovereignty.ch\/wp-content\/uploads\/2020\/08\/IMG_1003-1024x768.jpeg\" alt=\"\" data-id=\"1057\" data-full-url=\"https:\/\/www.intellectualsovereignty.ch\/wp-content\/uploads\/2020\/08\/IMG_1003-scaled.jpeg\" data-link=\"https:\/\/www.intellectualsovereignty.ch\/index.php\/2020\/08\/01\/hike-32-fiescheralp-bettmeralp-belalp-eggerberg\/img_1003\/\" class=\"wp-image-1057\" srcset=\"https:\/\/www.intellectualsovereignty.ch\/wp-content\/uploads\/2020\/08\/IMG_1003-1024x768.jpeg 1024w, https:\/\/www.intellectualsovereignty.ch\/wp-content\/uploads\/2020\/08\/IMG_1003-300x225.jpeg 300w, https:\/\/www.intellectualsovereignty.ch\/wp-content\/uploads\/2020\/08\/IMG_1003-768x576.jpeg 768w, https:\/\/www.intellectualsovereignty.ch\/wp-content\/uploads\/2020\/08\/IMG_1003-1536x1152.jpeg 1536w, https:\/\/www.intellectualsovereignty.ch\/wp-content\/uploads\/2020\/08\/IMG_1003-2048x1536.jpeg 2048w, https:\/\/www.intellectualsovereignty.ch\/wp-content\/uploads\/2020\/08\/IMG_1003-1870x1403.jpeg 1870w, https:\/\/www.intellectualsovereignty.ch\/wp-content\/uploads\/2020\/08\/IMG_1003-400x300.jpeg 400w, https:\/\/www.intellectualsovereignty.ch\/wp-content\/uploads\/2020\/08\/IMG_1003-800x600.jpeg 800w\" sizes=\"auto, (max-width: 1024px) 100vw, 1024px\" \/><\/figure><\/li><li class=\"blocks-gallery-item\"><figure><img loading=\"lazy\" decoding=\"async\" width=\"768\" height=\"1024\" data-attachment-id=\"1058\" data-permalink=\"https:\/\/www.intellectualsovereignty.ch\/index.php\/2020\/08\/01\/hike-32-fiescheralp-bettmeralp-belalp-eggerberg\/img_6006\/\" data-orig-file=\"https:\/\/www.intellectualsovereignty.ch\/wp-content\/uploads\/2020\/08\/IMG_6006-scaled.jpeg\" data-orig-size=\"1920,2560\" data-comments-opened=\"0\" data-image-title=\"IMG_6006\" data-image-description=\"\" data-image-caption=\"\" data-large-file=\"https:\/\/www.intellectualsovereignty.ch\/wp-content\/uploads\/2020\/08\/IMG_6006-768x1024.jpeg\" src=\"https:\/\/www.intellectualsovereignty.ch\/wp-content\/uploads\/2020\/08\/IMG_6006-768x1024.jpeg\" alt=\"\" data-id=\"1058\" data-full-url=\"https:\/\/www.intellectualsovereignty.ch\/wp-content\/uploads\/2020\/08\/IMG_6006-scaled.jpeg\" data-link=\"https:\/\/www.intellectualsovereignty.ch\/index.php\/2020\/08\/01\/hike-32-fiescheralp-bettmeralp-belalp-eggerberg\/img_6006\/\" class=\"wp-image-1058\" srcset=\"https:\/\/www.intellectualsovereignty.ch\/wp-content\/uploads\/2020\/08\/IMG_6006-768x1024.jpeg 768w, https:\/\/www.intellectualsovereignty.ch\/wp-content\/uploads\/2020\/08\/IMG_6006-225x300.jpeg 225w, https:\/\/www.intellectualsovereignty.ch\/wp-content\/uploads\/2020\/08\/IMG_6006-1152x1536.jpeg 1152w, https:\/\/www.intellectualsovereignty.ch\/wp-content\/uploads\/2020\/08\/IMG_6006-1536x2048.jpeg 1536w, https:\/\/www.intellectualsovereignty.ch\/wp-content\/uploads\/2020\/08\/IMG_6006-1870x2493.jpeg 1870w, https:\/\/www.intellectualsovereignty.ch\/wp-content\/uploads\/2020\/08\/IMG_6006-400x533.jpeg 400w, https:\/\/www.intellectualsovereignty.ch\/wp-content\/uploads\/2020\/08\/IMG_6006-800x1067.jpeg 800w, https:\/\/www.intellectualsovereignty.ch\/wp-content\/uploads\/2020\/08\/IMG_6006-scaled.jpeg 1920w\" sizes=\"auto, (max-width: 768px) 100vw, 768px\" \/><\/figure><\/li><li class=\"blocks-gallery-item\"><figure><img loading=\"lazy\" decoding=\"async\" width=\"768\" height=\"1024\" data-attachment-id=\"1059\" data-permalink=\"https:\/\/www.intellectualsovereignty.ch\/index.php\/2020\/08\/01\/hike-32-fiescheralp-bettmeralp-belalp-eggerberg\/img_1004\/\" data-orig-file=\"https:\/\/www.intellectualsovereignty.ch\/wp-content\/uploads\/2020\/08\/IMG_1004-scaled.jpeg\" data-orig-size=\"1920,2560\" data-comments-opened=\"0\" data-image-title=\"IMG_1004\" data-image-description=\"\" data-image-caption=\"\" data-large-file=\"https:\/\/www.intellectualsovereignty.ch\/wp-content\/uploads\/2020\/08\/IMG_1004-768x1024.jpeg\" src=\"https:\/\/www.intellectualsovereignty.ch\/wp-content\/uploads\/2020\/08\/IMG_1004-768x1024.jpeg\" alt=\"\" data-id=\"1059\" data-full-url=\"https:\/\/www.intellectualsovereignty.ch\/wp-content\/uploads\/2020\/08\/IMG_1004-scaled.jpeg\" data-link=\"https:\/\/www.intellectualsovereignty.ch\/index.php\/2020\/08\/01\/hike-32-fiescheralp-bettmeralp-belalp-eggerberg\/img_1004\/\" class=\"wp-image-1059\" srcset=\"https:\/\/www.intellectualsovereignty.ch\/wp-content\/uploads\/2020\/08\/IMG_1004-768x1024.jpeg 768w, https:\/\/www.intellectualsovereignty.ch\/wp-content\/uploads\/2020\/08\/IMG_1004-225x300.jpeg 225w, https:\/\/www.intellectualsovereignty.ch\/wp-content\/uploads\/2020\/08\/IMG_1004-1152x1536.jpeg 1152w, https:\/\/www.intellectualsovereignty.ch\/wp-content\/uploads\/2020\/08\/IMG_1004-1536x2048.jpeg 1536w, https:\/\/www.intellectualsovereignty.ch\/wp-content\/uploads\/2020\/08\/IMG_1004-1870x2493.jpeg 1870w, https:\/\/www.intellectualsovereignty.ch\/wp-content\/uploads\/2020\/08\/IMG_1004-400x533.jpeg 400w, https:\/\/www.intellectualsovereignty.ch\/wp-content\/uploads\/2020\/08\/IMG_1004-800x1067.jpeg 800w, https:\/\/www.intellectualsovereignty.ch\/wp-content\/uploads\/2020\/08\/IMG_1004-scaled.jpeg 1920w\" sizes=\"auto, (max-width: 768px) 100vw, 768px\" \/><\/figure><\/li><\/ul><\/figure>\n\n\n\n<p class=\"wp-block-paragraph\">Fazit f\u00fcr den dritten Tag: Landschaftlich ist alles bis auf den Strassenabschnitt zwischen Birch und Eggen top, die Wanderwege abwechslungsreich, aber es ist extrem heiss, die Nerven liegen blank! Zum Gl\u00fcck k\u00f6nnen wir uns im Intercity nach Bern mit einem kalten Hopfensirup etwas k\u00fchlen&#8230; \ud83d\ude42  <\/p>\n\n\n\n<figure class=\"wp-block-gallery columns-3 is-cropped wp-block-gallery-7 is-layout-flex wp-block-gallery-is-layout-flex\"><ul class=\"blocks-gallery-grid\"><li class=\"blocks-gallery-item\"><figure><img loading=\"lazy\" decoding=\"async\" width=\"768\" height=\"1024\" data-attachment-id=\"1060\" data-permalink=\"https:\/\/www.intellectualsovereignty.ch\/index.php\/2020\/08\/01\/hike-32-fiescheralp-bettmeralp-belalp-eggerberg\/img_6011\/\" data-orig-file=\"https:\/\/www.intellectualsovereignty.ch\/wp-content\/uploads\/2020\/08\/IMG_6011-scaled.jpeg\" data-orig-size=\"1920,2560\" data-comments-opened=\"0\" data-image-title=\"IMG_6011\" data-image-description=\"\" data-image-caption=\"\" data-large-file=\"https:\/\/www.intellectualsovereignty.ch\/wp-content\/uploads\/2020\/08\/IMG_6011-768x1024.jpeg\" src=\"https:\/\/www.intellectualsovereignty.ch\/wp-content\/uploads\/2020\/08\/IMG_6011-768x1024.jpeg\" alt=\"\" data-id=\"1060\" data-full-url=\"https:\/\/www.intellectualsovereignty.ch\/wp-content\/uploads\/2020\/08\/IMG_6011-scaled.jpeg\" data-link=\"https:\/\/www.intellectualsovereignty.ch\/index.php\/2020\/08\/01\/hike-32-fiescheralp-bettmeralp-belalp-eggerberg\/img_6011\/\" class=\"wp-image-1060\" srcset=\"https:\/\/www.intellectualsovereignty.ch\/wp-content\/uploads\/2020\/08\/IMG_6011-768x1024.jpeg 768w, https:\/\/www.intellectualsovereignty.ch\/wp-content\/uploads\/2020\/08\/IMG_6011-225x300.jpeg 225w, https:\/\/www.intellectualsovereignty.ch\/wp-content\/uploads\/2020\/08\/IMG_6011-1152x1536.jpeg 1152w, https:\/\/www.intellectualsovereignty.ch\/wp-content\/uploads\/2020\/08\/IMG_6011-1536x2048.jpeg 1536w, https:\/\/www.intellectualsovereignty.ch\/wp-content\/uploads\/2020\/08\/IMG_6011-1870x2493.jpeg 1870w, https:\/\/www.intellectualsovereignty.ch\/wp-content\/uploads\/2020\/08\/IMG_6011-400x533.jpeg 400w, https:\/\/www.intellectualsovereignty.ch\/wp-content\/uploads\/2020\/08\/IMG_6011-800x1067.jpeg 800w, https:\/\/www.intellectualsovereignty.ch\/wp-content\/uploads\/2020\/08\/IMG_6011-scaled.jpeg 1920w\" sizes=\"auto, (max-width: 768px) 100vw, 768px\" \/><\/figure><\/li><li class=\"blocks-gallery-item\"><figure><img loading=\"lazy\" decoding=\"async\" width=\"768\" height=\"1024\" data-attachment-id=\"1061\" data-permalink=\"https:\/\/www.intellectualsovereignty.ch\/index.php\/2020\/08\/01\/hike-32-fiescheralp-bettmeralp-belalp-eggerberg\/img_1005\/\" data-orig-file=\"https:\/\/www.intellectualsovereignty.ch\/wp-content\/uploads\/2020\/08\/IMG_1005-scaled.jpeg\" data-orig-size=\"1920,2560\" data-comments-opened=\"0\" data-image-title=\"IMG_1005\" data-image-description=\"\" data-image-caption=\"\" data-large-file=\"https:\/\/www.intellectualsovereignty.ch\/wp-content\/uploads\/2020\/08\/IMG_1005-768x1024.jpeg\" src=\"https:\/\/www.intellectualsovereignty.ch\/wp-content\/uploads\/2020\/08\/IMG_1005-768x1024.jpeg\" alt=\"\" data-id=\"1061\" data-full-url=\"https:\/\/www.intellectualsovereignty.ch\/wp-content\/uploads\/2020\/08\/IMG_1005-scaled.jpeg\" data-link=\"https:\/\/www.intellectualsovereignty.ch\/index.php\/2020\/08\/01\/hike-32-fiescheralp-bettmeralp-belalp-eggerberg\/img_1005\/\" class=\"wp-image-1061\" srcset=\"https:\/\/www.intellectualsovereignty.ch\/wp-content\/uploads\/2020\/08\/IMG_1005-768x1024.jpeg 768w, https:\/\/www.intellectualsovereignty.ch\/wp-content\/uploads\/2020\/08\/IMG_1005-225x300.jpeg 225w, https:\/\/www.intellectualsovereignty.ch\/wp-content\/uploads\/2020\/08\/IMG_1005-1152x1536.jpeg 1152w, https:\/\/www.intellectualsovereignty.ch\/wp-content\/uploads\/2020\/08\/IMG_1005-1536x2048.jpeg 1536w, https:\/\/www.intellectualsovereignty.ch\/wp-content\/uploads\/2020\/08\/IMG_1005-1870x2493.jpeg 1870w, https:\/\/www.intellectualsovereignty.ch\/wp-content\/uploads\/2020\/08\/IMG_1005-400x533.jpeg 400w, https:\/\/www.intellectualsovereignty.ch\/wp-content\/uploads\/2020\/08\/IMG_1005-800x1067.jpeg 800w, https:\/\/www.intellectualsovereignty.ch\/wp-content\/uploads\/2020\/08\/IMG_1005-scaled.jpeg 1920w\" sizes=\"auto, (max-width: 768px) 100vw, 768px\" \/><\/figure><\/li><li class=\"blocks-gallery-item\"><figure><img loading=\"lazy\" decoding=\"async\" width=\"768\" height=\"1024\" data-attachment-id=\"1062\" data-permalink=\"https:\/\/www.intellectualsovereignty.ch\/index.php\/2020\/08\/01\/hike-32-fiescheralp-bettmeralp-belalp-eggerberg\/img_1006\/\" data-orig-file=\"https:\/\/www.intellectualsovereignty.ch\/wp-content\/uploads\/2020\/08\/IMG_1006-scaled.jpeg\" data-orig-size=\"1920,2560\" data-comments-opened=\"0\" data-image-title=\"IMG_1006\" data-image-description=\"\" data-image-caption=\"\" data-large-file=\"https:\/\/www.intellectualsovereignty.ch\/wp-content\/uploads\/2020\/08\/IMG_1006-768x1024.jpeg\" src=\"https:\/\/www.intellectualsovereignty.ch\/wp-content\/uploads\/2020\/08\/IMG_1006-768x1024.jpeg\" alt=\"\" data-id=\"1062\" data-full-url=\"https:\/\/www.intellectualsovereignty.ch\/wp-content\/uploads\/2020\/08\/IMG_1006-scaled.jpeg\" data-link=\"https:\/\/www.intellectualsovereignty.ch\/index.php\/2020\/08\/01\/hike-32-fiescheralp-bettmeralp-belalp-eggerberg\/img_1006\/\" class=\"wp-image-1062\" srcset=\"https:\/\/www.intellectualsovereignty.ch\/wp-content\/uploads\/2020\/08\/IMG_1006-768x1024.jpeg 768w, https:\/\/www.intellectualsovereignty.ch\/wp-content\/uploads\/2020\/08\/IMG_1006-225x300.jpeg 225w, https:\/\/www.intellectualsovereignty.ch\/wp-content\/uploads\/2020\/08\/IMG_1006-1152x1536.jpeg 1152w, https:\/\/www.intellectualsovereignty.ch\/wp-content\/uploads\/2020\/08\/IMG_1006-1536x2048.jpeg 1536w, https:\/\/www.intellectualsovereignty.ch\/wp-content\/uploads\/2020\/08\/IMG_1006-1870x2493.jpeg 1870w, https:\/\/www.intellectualsovereignty.ch\/wp-content\/uploads\/2020\/08\/IMG_1006-400x533.jpeg 400w, https:\/\/www.intellectualsovereignty.ch\/wp-content\/uploads\/2020\/08\/IMG_1006-800x1067.jpeg 800w, https:\/\/www.intellectualsovereignty.ch\/wp-content\/uploads\/2020\/08\/IMG_1006-scaled.jpeg 1920w\" sizes=\"auto, (max-width: 768px) 100vw, 768px\" \/><\/figure><\/li><li class=\"blocks-gallery-item\"><figure><img loading=\"lazy\" decoding=\"async\" width=\"768\" height=\"1024\" data-attachment-id=\"1063\" data-permalink=\"https:\/\/www.intellectualsovereignty.ch\/index.php\/2020\/08\/01\/hike-32-fiescheralp-bettmeralp-belalp-eggerberg\/img_1007\/\" data-orig-file=\"https:\/\/www.intellectualsovereignty.ch\/wp-content\/uploads\/2020\/08\/IMG_1007-scaled.jpeg\" data-orig-size=\"1920,2560\" data-comments-opened=\"0\" data-image-title=\"IMG_1007\" data-image-description=\"\" data-image-caption=\"\" data-large-file=\"https:\/\/www.intellectualsovereignty.ch\/wp-content\/uploads\/2020\/08\/IMG_1007-768x1024.jpeg\" src=\"https:\/\/www.intellectualsovereignty.ch\/wp-content\/uploads\/2020\/08\/IMG_1007-768x1024.jpeg\" alt=\"\" data-id=\"1063\" data-full-url=\"https:\/\/www.intellectualsovereignty.ch\/wp-content\/uploads\/2020\/08\/IMG_1007-scaled.jpeg\" data-link=\"https:\/\/www.intellectualsovereignty.ch\/index.php\/2020\/08\/01\/hike-32-fiescheralp-bettmeralp-belalp-eggerberg\/img_1007\/\" class=\"wp-image-1063\" srcset=\"https:\/\/www.intellectualsovereignty.ch\/wp-content\/uploads\/2020\/08\/IMG_1007-768x1024.jpeg 768w, https:\/\/www.intellectualsovereignty.ch\/wp-content\/uploads\/2020\/08\/IMG_1007-225x300.jpeg 225w, https:\/\/www.intellectualsovereignty.ch\/wp-content\/uploads\/2020\/08\/IMG_1007-1152x1536.jpeg 1152w, https:\/\/www.intellectualsovereignty.ch\/wp-content\/uploads\/2020\/08\/IMG_1007-1536x2048.jpeg 1536w, https:\/\/www.intellectualsovereignty.ch\/wp-content\/uploads\/2020\/08\/IMG_1007-1870x2493.jpeg 1870w, https:\/\/www.intellectualsovereignty.ch\/wp-content\/uploads\/2020\/08\/IMG_1007-400x533.jpeg 400w, https:\/\/www.intellectualsovereignty.ch\/wp-content\/uploads\/2020\/08\/IMG_1007-800x1067.jpeg 800w, https:\/\/www.intellectualsovereignty.ch\/wp-content\/uploads\/2020\/08\/IMG_1007-scaled.jpeg 1920w\" sizes=\"auto, (max-width: 768px) 100vw, 768px\" \/><\/figure><\/li><li class=\"blocks-gallery-item\"><figure><img loading=\"lazy\" decoding=\"async\" width=\"1024\" height=\"768\" data-attachment-id=\"1064\" data-permalink=\"https:\/\/www.intellectualsovereignty.ch\/index.php\/2020\/08\/01\/hike-32-fiescheralp-bettmeralp-belalp-eggerberg\/img_1008\/\" data-orig-file=\"https:\/\/www.intellectualsovereignty.ch\/wp-content\/uploads\/2020\/08\/IMG_1008-scaled.jpeg\" data-orig-size=\"2560,1920\" data-comments-opened=\"0\" data-image-title=\"IMG_1008\" data-image-description=\"\" data-image-caption=\"\" data-large-file=\"https:\/\/www.intellectualsovereignty.ch\/wp-content\/uploads\/2020\/08\/IMG_1008-1024x768.jpeg\" src=\"https:\/\/www.intellectualsovereignty.ch\/wp-content\/uploads\/2020\/08\/IMG_1008-1024x768.jpeg\" alt=\"\" data-id=\"1064\" data-full-url=\"https:\/\/www.intellectualsovereignty.ch\/wp-content\/uploads\/2020\/08\/IMG_1008-scaled.jpeg\" data-link=\"https:\/\/www.intellectualsovereignty.ch\/index.php\/2020\/08\/01\/hike-32-fiescheralp-bettmeralp-belalp-eggerberg\/img_1008\/\" class=\"wp-image-1064\" srcset=\"https:\/\/www.intellectualsovereignty.ch\/wp-content\/uploads\/2020\/08\/IMG_1008-1024x768.jpeg 1024w, https:\/\/www.intellectualsovereignty.ch\/wp-content\/uploads\/2020\/08\/IMG_1008-300x225.jpeg 300w, https:\/\/www.intellectualsovereignty.ch\/wp-content\/uploads\/2020\/08\/IMG_1008-768x576.jpeg 768w, https:\/\/www.intellectualsovereignty.ch\/wp-content\/uploads\/2020\/08\/IMG_1008-1536x1152.jpeg 1536w, https:\/\/www.intellectualsovereignty.ch\/wp-content\/uploads\/2020\/08\/IMG_1008-2048x1536.jpeg 2048w, https:\/\/www.intellectualsovereignty.ch\/wp-content\/uploads\/2020\/08\/IMG_1008-1870x1403.jpeg 1870w, https:\/\/www.intellectualsovereignty.ch\/wp-content\/uploads\/2020\/08\/IMG_1008-400x300.jpeg 400w, https:\/\/www.intellectualsovereignty.ch\/wp-content\/uploads\/2020\/08\/IMG_1008-800x600.jpeg 800w\" sizes=\"auto, (max-width: 1024px) 100vw, 1024px\" \/><\/figure><\/li><li class=\"blocks-gallery-item\"><figure><img loading=\"lazy\" decoding=\"async\" width=\"768\" height=\"1024\" data-attachment-id=\"1065\" data-permalink=\"https:\/\/www.intellectualsovereignty.ch\/index.php\/2020\/08\/01\/hike-32-fiescheralp-bettmeralp-belalp-eggerberg\/img_1009\/\" data-orig-file=\"https:\/\/www.intellectualsovereignty.ch\/wp-content\/uploads\/2020\/08\/IMG_1009-scaled.jpeg\" data-orig-size=\"1920,2560\" data-comments-opened=\"0\" data-image-title=\"IMG_1009\" data-image-description=\"\" data-image-caption=\"\" data-large-file=\"https:\/\/www.intellectualsovereignty.ch\/wp-content\/uploads\/2020\/08\/IMG_1009-768x1024.jpeg\" src=\"https:\/\/www.intellectualsovereignty.ch\/wp-content\/uploads\/2020\/08\/IMG_1009-768x1024.jpeg\" alt=\"\" data-id=\"1065\" data-full-url=\"https:\/\/www.intellectualsovereignty.ch\/wp-content\/uploads\/2020\/08\/IMG_1009-scaled.jpeg\" data-link=\"https:\/\/www.intellectualsovereignty.ch\/index.php\/2020\/08\/01\/hike-32-fiescheralp-bettmeralp-belalp-eggerberg\/img_1009\/\" class=\"wp-image-1065\" srcset=\"https:\/\/www.intellectualsovereignty.ch\/wp-content\/uploads\/2020\/08\/IMG_1009-768x1024.jpeg 768w, https:\/\/www.intellectualsovereignty.ch\/wp-content\/uploads\/2020\/08\/IMG_1009-225x300.jpeg 225w, https:\/\/www.intellectualsovereignty.ch\/wp-content\/uploads\/2020\/08\/IMG_1009-1152x1536.jpeg 1152w, https:\/\/www.intellectualsovereignty.ch\/wp-content\/uploads\/2020\/08\/IMG_1009-1536x2048.jpeg 1536w, https:\/\/www.intellectualsovereignty.ch\/wp-content\/uploads\/2020\/08\/IMG_1009-1870x2493.jpeg 1870w, https:\/\/www.intellectualsovereignty.ch\/wp-content\/uploads\/2020\/08\/IMG_1009-400x533.jpeg 400w, https:\/\/www.intellectualsovereignty.ch\/wp-content\/uploads\/2020\/08\/IMG_1009-800x1067.jpeg 800w, https:\/\/www.intellectualsovereignty.ch\/wp-content\/uploads\/2020\/08\/IMG_1009-scaled.jpeg 1920w\" sizes=\"auto, (max-width: 768px) 100vw, 768px\" \/><\/figure><\/li><li class=\"blocks-gallery-item\"><figure><img loading=\"lazy\" decoding=\"async\" width=\"1024\" height=\"768\" data-attachment-id=\"1066\" data-permalink=\"https:\/\/www.intellectualsovereignty.ch\/index.php\/2020\/08\/01\/hike-32-fiescheralp-bettmeralp-belalp-eggerberg\/img_1010\/\" data-orig-file=\"https:\/\/www.intellectualsovereignty.ch\/wp-content\/uploads\/2020\/08\/IMG_1010-scaled.jpeg\" data-orig-size=\"2560,1920\" data-comments-opened=\"0\" data-image-title=\"IMG_1010\" data-image-description=\"\" data-image-caption=\"\" data-large-file=\"https:\/\/www.intellectualsovereignty.ch\/wp-content\/uploads\/2020\/08\/IMG_1010-1024x768.jpeg\" src=\"https:\/\/www.intellectualsovereignty.ch\/wp-content\/uploads\/2020\/08\/IMG_1010-1024x768.jpeg\" alt=\"\" data-id=\"1066\" data-full-url=\"https:\/\/www.intellectualsovereignty.ch\/wp-content\/uploads\/2020\/08\/IMG_1010-scaled.jpeg\" data-link=\"https:\/\/www.intellectualsovereignty.ch\/index.php\/2020\/08\/01\/hike-32-fiescheralp-bettmeralp-belalp-eggerberg\/img_1010\/\" class=\"wp-image-1066\" srcset=\"https:\/\/www.intellectualsovereignty.ch\/wp-content\/uploads\/2020\/08\/IMG_1010-1024x768.jpeg 1024w, https:\/\/www.intellectualsovereignty.ch\/wp-content\/uploads\/2020\/08\/IMG_1010-300x225.jpeg 300w, https:\/\/www.intellectualsovereignty.ch\/wp-content\/uploads\/2020\/08\/IMG_1010-768x576.jpeg 768w, https:\/\/www.intellectualsovereignty.ch\/wp-content\/uploads\/2020\/08\/IMG_1010-1536x1152.jpeg 1536w, https:\/\/www.intellectualsovereignty.ch\/wp-content\/uploads\/2020\/08\/IMG_1010-2048x1536.jpeg 2048w, https:\/\/www.intellectualsovereignty.ch\/wp-content\/uploads\/2020\/08\/IMG_1010-1870x1403.jpeg 1870w, https:\/\/www.intellectualsovereignty.ch\/wp-content\/uploads\/2020\/08\/IMG_1010-400x300.jpeg 400w, https:\/\/www.intellectualsovereignty.ch\/wp-content\/uploads\/2020\/08\/IMG_1010-800x600.jpeg 800w\" sizes=\"auto, (max-width: 1024px) 100vw, 1024px\" \/><\/figure><\/li><li class=\"blocks-gallery-item\"><figure><img loading=\"lazy\" decoding=\"async\" width=\"1024\" height=\"768\" data-attachment-id=\"1067\" data-permalink=\"https:\/\/www.intellectualsovereignty.ch\/index.php\/2020\/08\/01\/hike-32-fiescheralp-bettmeralp-belalp-eggerberg\/img_1011\/\" data-orig-file=\"https:\/\/www.intellectualsovereignty.ch\/wp-content\/uploads\/2020\/08\/IMG_1011-scaled.jpeg\" data-orig-size=\"2560,1920\" data-comments-opened=\"0\" data-image-title=\"IMG_1011\" data-image-description=\"\" data-image-caption=\"\" data-large-file=\"https:\/\/www.intellectualsovereignty.ch\/wp-content\/uploads\/2020\/08\/IMG_1011-1024x768.jpeg\" src=\"https:\/\/www.intellectualsovereignty.ch\/wp-content\/uploads\/2020\/08\/IMG_1011-1024x768.jpeg\" alt=\"\" data-id=\"1067\" data-full-url=\"https:\/\/www.intellectualsovereignty.ch\/wp-content\/uploads\/2020\/08\/IMG_1011-scaled.jpeg\" data-link=\"https:\/\/www.intellectualsovereignty.ch\/index.php\/2020\/08\/01\/hike-32-fiescheralp-bettmeralp-belalp-eggerberg\/img_1011\/\" class=\"wp-image-1067\" srcset=\"https:\/\/www.intellectualsovereignty.ch\/wp-content\/uploads\/2020\/08\/IMG_1011-1024x768.jpeg 1024w, https:\/\/www.intellectualsovereignty.ch\/wp-content\/uploads\/2020\/08\/IMG_1011-300x225.jpeg 300w, https:\/\/www.intellectualsovereignty.ch\/wp-content\/uploads\/2020\/08\/IMG_1011-768x576.jpeg 768w, https:\/\/www.intellectualsovereignty.ch\/wp-content\/uploads\/2020\/08\/IMG_1011-1536x1152.jpeg 1536w, https:\/\/www.intellectualsovereignty.ch\/wp-content\/uploads\/2020\/08\/IMG_1011-2048x1536.jpeg 2048w, https:\/\/www.intellectualsovereignty.ch\/wp-content\/uploads\/2020\/08\/IMG_1011-1870x1403.jpeg 1870w, https:\/\/www.intellectualsovereignty.ch\/wp-content\/uploads\/2020\/08\/IMG_1011-400x300.jpeg 400w, https:\/\/www.intellectualsovereignty.ch\/wp-content\/uploads\/2020\/08\/IMG_1011-800x600.jpeg 800w\" sizes=\"auto, (max-width: 1024px) 100vw, 1024px\" \/><\/figure><\/li><li class=\"blocks-gallery-item\"><figure><img loading=\"lazy\" decoding=\"async\" width=\"1024\" height=\"768\" data-attachment-id=\"1068\" data-permalink=\"https:\/\/www.intellectualsovereignty.ch\/index.php\/2020\/08\/01\/hike-32-fiescheralp-bettmeralp-belalp-eggerberg\/img_1012\/\" data-orig-file=\"https:\/\/www.intellectualsovereignty.ch\/wp-content\/uploads\/2020\/08\/IMG_1012-scaled.jpeg\" data-orig-size=\"2560,1920\" data-comments-opened=\"0\" data-image-title=\"IMG_1012\" data-image-description=\"\" data-image-caption=\"\" data-large-file=\"https:\/\/www.intellectualsovereignty.ch\/wp-content\/uploads\/2020\/08\/IMG_1012-1024x768.jpeg\" src=\"https:\/\/www.intellectualsovereignty.ch\/wp-content\/uploads\/2020\/08\/IMG_1012-1024x768.jpeg\" alt=\"\" data-id=\"1068\" data-full-url=\"https:\/\/www.intellectualsovereignty.ch\/wp-content\/uploads\/2020\/08\/IMG_1012-scaled.jpeg\" data-link=\"https:\/\/www.intellectualsovereignty.ch\/index.php\/2020\/08\/01\/hike-32-fiescheralp-bettmeralp-belalp-eggerberg\/img_1012\/\" class=\"wp-image-1068\" srcset=\"https:\/\/www.intellectualsovereignty.ch\/wp-content\/uploads\/2020\/08\/IMG_1012-1024x768.jpeg 1024w, https:\/\/www.intellectualsovereignty.ch\/wp-content\/uploads\/2020\/08\/IMG_1012-300x225.jpeg 300w, https:\/\/www.intellectualsovereignty.ch\/wp-content\/uploads\/2020\/08\/IMG_1012-768x576.jpeg 768w, https:\/\/www.intellectualsovereignty.ch\/wp-content\/uploads\/2020\/08\/IMG_1012-1536x1152.jpeg 1536w, https:\/\/www.intellectualsovereignty.ch\/wp-content\/uploads\/2020\/08\/IMG_1012-2048x1536.jpeg 2048w, https:\/\/www.intellectualsovereignty.ch\/wp-content\/uploads\/2020\/08\/IMG_1012-1870x1403.jpeg 1870w, https:\/\/www.intellectualsovereignty.ch\/wp-content\/uploads\/2020\/08\/IMG_1012-400x300.jpeg 400w, https:\/\/www.intellectualsovereignty.ch\/wp-content\/uploads\/2020\/08\/IMG_1012-800x600.jpeg 800w\" sizes=\"auto, (max-width: 1024px) 100vw, 1024px\" \/><\/figure><\/li><li class=\"blocks-gallery-item\"><figure><img loading=\"lazy\" decoding=\"async\" width=\"1024\" height=\"264\" data-attachment-id=\"1069\" data-permalink=\"https:\/\/www.intellectualsovereignty.ch\/index.php\/2020\/08\/01\/hike-32-fiescheralp-bettmeralp-belalp-eggerberg\/img_1013\/\" data-orig-file=\"https:\/\/www.intellectualsovereignty.ch\/wp-content\/uploads\/2020\/08\/IMG_1013-scaled.jpeg\" data-orig-size=\"2560,659\" data-comments-opened=\"0\" data-image-title=\"IMG_1013\" data-image-description=\"\" data-image-caption=\"\" data-large-file=\"https:\/\/www.intellectualsovereignty.ch\/wp-content\/uploads\/2020\/08\/IMG_1013-1024x264.jpeg\" src=\"https:\/\/www.intellectualsovereignty.ch\/wp-content\/uploads\/2020\/08\/IMG_1013-1024x264.jpeg\" alt=\"\" data-id=\"1069\" data-full-url=\"https:\/\/www.intellectualsovereignty.ch\/wp-content\/uploads\/2020\/08\/IMG_1013-scaled.jpeg\" data-link=\"https:\/\/www.intellectualsovereignty.ch\/index.php\/2020\/08\/01\/hike-32-fiescheralp-bettmeralp-belalp-eggerberg\/img_1013\/\" class=\"wp-image-1069\" srcset=\"https:\/\/www.intellectualsovereignty.ch\/wp-content\/uploads\/2020\/08\/IMG_1013-1024x264.jpeg 1024w, https:\/\/www.intellectualsovereignty.ch\/wp-content\/uploads\/2020\/08\/IMG_1013-300x77.jpeg 300w, https:\/\/www.intellectualsovereignty.ch\/wp-content\/uploads\/2020\/08\/IMG_1013-768x198.jpeg 768w, https:\/\/www.intellectualsovereignty.ch\/wp-content\/uploads\/2020\/08\/IMG_1013-1536x395.jpeg 1536w, https:\/\/www.intellectualsovereignty.ch\/wp-content\/uploads\/2020\/08\/IMG_1013-2048x527.jpeg 2048w, https:\/\/www.intellectualsovereignty.ch\/wp-content\/uploads\/2020\/08\/IMG_1013-1870x481.jpeg 1870w, https:\/\/www.intellectualsovereignty.ch\/wp-content\/uploads\/2020\/08\/IMG_1013-400x103.jpeg 400w, https:\/\/www.intellectualsovereignty.ch\/wp-content\/uploads\/2020\/08\/IMG_1013-800x206.jpeg 800w\" sizes=\"auto, (max-width: 1024px) 100vw, 1024px\" \/><\/figure><\/li><li class=\"blocks-gallery-item\"><figure><img loading=\"lazy\" decoding=\"async\" width=\"1024\" height=\"768\" data-attachment-id=\"1070\" data-permalink=\"https:\/\/www.intellectualsovereignty.ch\/index.php\/2020\/08\/01\/hike-32-fiescheralp-bettmeralp-belalp-eggerberg\/img_1014\/\" data-orig-file=\"https:\/\/www.intellectualsovereignty.ch\/wp-content\/uploads\/2020\/08\/IMG_1014-scaled.jpeg\" data-orig-size=\"2560,1920\" data-comments-opened=\"0\" data-image-title=\"IMG_1014\" data-image-description=\"\" data-image-caption=\"\" data-large-file=\"https:\/\/www.intellectualsovereignty.ch\/wp-content\/uploads\/2020\/08\/IMG_1014-1024x768.jpeg\" src=\"https:\/\/www.intellectualsovereignty.ch\/wp-content\/uploads\/2020\/08\/IMG_1014-1024x768.jpeg\" alt=\"\" data-id=\"1070\" data-full-url=\"https:\/\/www.intellectualsovereignty.ch\/wp-content\/uploads\/2020\/08\/IMG_1014-scaled.jpeg\" data-link=\"https:\/\/www.intellectualsovereignty.ch\/index.php\/2020\/08\/01\/hike-32-fiescheralp-bettmeralp-belalp-eggerberg\/img_1014\/\" class=\"wp-image-1070\" srcset=\"https:\/\/www.intellectualsovereignty.ch\/wp-content\/uploads\/2020\/08\/IMG_1014-1024x768.jpeg 1024w, https:\/\/www.intellectualsovereignty.ch\/wp-content\/uploads\/2020\/08\/IMG_1014-300x225.jpeg 300w, https:\/\/www.intellectualsovereignty.ch\/wp-content\/uploads\/2020\/08\/IMG_1014-768x576.jpeg 768w, https:\/\/www.intellectualsovereignty.ch\/wp-content\/uploads\/2020\/08\/IMG_1014-1536x1152.jpeg 1536w, https:\/\/www.intellectualsovereignty.ch\/wp-content\/uploads\/2020\/08\/IMG_1014-2048x1536.jpeg 2048w, https:\/\/www.intellectualsovereignty.ch\/wp-content\/uploads\/2020\/08\/IMG_1014-1870x1403.jpeg 1870w, https:\/\/www.intellectualsovereignty.ch\/wp-content\/uploads\/2020\/08\/IMG_1014-400x300.jpeg 400w, https:\/\/www.intellectualsovereignty.ch\/wp-content\/uploads\/2020\/08\/IMG_1014-800x600.jpeg 800w\" sizes=\"auto, (max-width: 1024px) 100vw, 1024px\" \/><\/figure><\/li><li class=\"blocks-gallery-item\"><figure><img loading=\"lazy\" decoding=\"async\" width=\"768\" height=\"1024\" data-attachment-id=\"1071\" data-permalink=\"https:\/\/www.intellectualsovereignty.ch\/index.php\/2020\/08\/01\/hike-32-fiescheralp-bettmeralp-belalp-eggerberg\/img_1015\/\" data-orig-file=\"https:\/\/www.intellectualsovereignty.ch\/wp-content\/uploads\/2020\/08\/IMG_1015-scaled.jpeg\" data-orig-size=\"1920,2560\" data-comments-opened=\"0\" data-image-title=\"IMG_1015\" data-image-description=\"\" data-image-caption=\"\" data-large-file=\"https:\/\/www.intellectualsovereignty.ch\/wp-content\/uploads\/2020\/08\/IMG_1015-768x1024.jpeg\" src=\"https:\/\/www.intellectualsovereignty.ch\/wp-content\/uploads\/2020\/08\/IMG_1015-768x1024.jpeg\" alt=\"\" data-id=\"1071\" data-full-url=\"https:\/\/www.intellectualsovereignty.ch\/wp-content\/uploads\/2020\/08\/IMG_1015-scaled.jpeg\" data-link=\"https:\/\/www.intellectualsovereignty.ch\/index.php\/2020\/08\/01\/hike-32-fiescheralp-bettmeralp-belalp-eggerberg\/img_1015\/\" class=\"wp-image-1071\" srcset=\"https:\/\/www.intellectualsovereignty.ch\/wp-content\/uploads\/2020\/08\/IMG_1015-768x1024.jpeg 768w, https:\/\/www.intellectualsovereignty.ch\/wp-content\/uploads\/2020\/08\/IMG_1015-225x300.jpeg 225w, https:\/\/www.intellectualsovereignty.ch\/wp-content\/uploads\/2020\/08\/IMG_1015-1152x1536.jpeg 1152w, https:\/\/www.intellectualsovereignty.ch\/wp-content\/uploads\/2020\/08\/IMG_1015-1536x2048.jpeg 1536w, https:\/\/www.intellectualsovereignty.ch\/wp-content\/uploads\/2020\/08\/IMG_1015-1870x2493.jpeg 1870w, https:\/\/www.intellectualsovereignty.ch\/wp-content\/uploads\/2020\/08\/IMG_1015-400x533.jpeg 400w, https:\/\/www.intellectualsovereignty.ch\/wp-content\/uploads\/2020\/08\/IMG_1015-800x1067.jpeg 800w, https:\/\/www.intellectualsovereignty.ch\/wp-content\/uploads\/2020\/08\/IMG_1015-scaled.jpeg 1920w\" sizes=\"auto, (max-width: 768px) 100vw, 768px\" \/><\/figure><\/li><li class=\"blocks-gallery-item\"><figure><img loading=\"lazy\" decoding=\"async\" width=\"1024\" height=\"768\" data-attachment-id=\"1072\" data-permalink=\"https:\/\/www.intellectualsovereignty.ch\/index.php\/2020\/08\/01\/hike-32-fiescheralp-bettmeralp-belalp-eggerberg\/img_1016\/\" data-orig-file=\"https:\/\/www.intellectualsovereignty.ch\/wp-content\/uploads\/2020\/08\/IMG_1016-scaled.jpeg\" data-orig-size=\"2560,1920\" data-comments-opened=\"0\" data-image-title=\"IMG_1016\" data-image-description=\"\" data-image-caption=\"\" data-large-file=\"https:\/\/www.intellectualsovereignty.ch\/wp-content\/uploads\/2020\/08\/IMG_1016-1024x768.jpeg\" src=\"https:\/\/www.intellectualsovereignty.ch\/wp-content\/uploads\/2020\/08\/IMG_1016-1024x768.jpeg\" alt=\"\" data-id=\"1072\" data-full-url=\"https:\/\/www.intellectualsovereignty.ch\/wp-content\/uploads\/2020\/08\/IMG_1016-scaled.jpeg\" data-link=\"https:\/\/www.intellectualsovereignty.ch\/index.php\/2020\/08\/01\/hike-32-fiescheralp-bettmeralp-belalp-eggerberg\/img_1016\/\" class=\"wp-image-1072\" srcset=\"https:\/\/www.intellectualsovereignty.ch\/wp-content\/uploads\/2020\/08\/IMG_1016-1024x768.jpeg 1024w, https:\/\/www.intellectualsovereignty.ch\/wp-content\/uploads\/2020\/08\/IMG_1016-300x225.jpeg 300w, https:\/\/www.intellectualsovereignty.ch\/wp-content\/uploads\/2020\/08\/IMG_1016-768x576.jpeg 768w, https:\/\/www.intellectualsovereignty.ch\/wp-content\/uploads\/2020\/08\/IMG_1016-1536x1152.jpeg 1536w, https:\/\/www.intellectualsovereignty.ch\/wp-content\/uploads\/2020\/08\/IMG_1016-2048x1536.jpeg 2048w, https:\/\/www.intellectualsovereignty.ch\/wp-content\/uploads\/2020\/08\/IMG_1016-1870x1403.jpeg 1870w, https:\/\/www.intellectualsovereignty.ch\/wp-content\/uploads\/2020\/08\/IMG_1016-400x300.jpeg 400w, https:\/\/www.intellectualsovereignty.ch\/wp-content\/uploads\/2020\/08\/IMG_1016-800x600.jpeg 800w\" sizes=\"auto, (max-width: 1024px) 100vw, 1024px\" \/><\/figure><\/li><li class=\"blocks-gallery-item\"><figure><img loading=\"lazy\" decoding=\"async\" width=\"768\" height=\"1024\" data-attachment-id=\"1073\" data-permalink=\"https:\/\/www.intellectualsovereignty.ch\/index.php\/2020\/08\/01\/hike-32-fiescheralp-bettmeralp-belalp-eggerberg\/img_1017\/\" data-orig-file=\"https:\/\/www.intellectualsovereignty.ch\/wp-content\/uploads\/2020\/08\/IMG_1017-scaled.jpeg\" data-orig-size=\"1920,2560\" data-comments-opened=\"0\" data-image-title=\"IMG_1017\" data-image-description=\"\" data-image-caption=\"\" data-large-file=\"https:\/\/www.intellectualsovereignty.ch\/wp-content\/uploads\/2020\/08\/IMG_1017-768x1024.jpeg\" src=\"https:\/\/www.intellectualsovereignty.ch\/wp-content\/uploads\/2020\/08\/IMG_1017-768x1024.jpeg\" alt=\"\" data-id=\"1073\" data-full-url=\"https:\/\/www.intellectualsovereignty.ch\/wp-content\/uploads\/2020\/08\/IMG_1017-scaled.jpeg\" data-link=\"https:\/\/www.intellectualsovereignty.ch\/index.php\/2020\/08\/01\/hike-32-fiescheralp-bettmeralp-belalp-eggerberg\/img_1017\/\" class=\"wp-image-1073\" srcset=\"https:\/\/www.intellectualsovereignty.ch\/wp-content\/uploads\/2020\/08\/IMG_1017-768x1024.jpeg 768w, https:\/\/www.intellectualsovereignty.ch\/wp-content\/uploads\/2020\/08\/IMG_1017-225x300.jpeg 225w, https:\/\/www.intellectualsovereignty.ch\/wp-content\/uploads\/2020\/08\/IMG_1017-1152x1536.jpeg 1152w, https:\/\/www.intellectualsovereignty.ch\/wp-content\/uploads\/2020\/08\/IMG_1017-1536x2048.jpeg 1536w, https:\/\/www.intellectualsovereignty.ch\/wp-content\/uploads\/2020\/08\/IMG_1017-1870x2493.jpeg 1870w, https:\/\/www.intellectualsovereignty.ch\/wp-content\/uploads\/2020\/08\/IMG_1017-400x533.jpeg 400w, https:\/\/www.intellectualsovereignty.ch\/wp-content\/uploads\/2020\/08\/IMG_1017-800x1067.jpeg 800w, https:\/\/www.intellectualsovereignty.ch\/wp-content\/uploads\/2020\/08\/IMG_1017-scaled.jpeg 1920w\" sizes=\"auto, (max-width: 768px) 100vw, 768px\" \/><\/figure><\/li><li class=\"blocks-gallery-item\"><figure><img loading=\"lazy\" decoding=\"async\" width=\"1024\" height=\"768\" data-attachment-id=\"1074\" data-permalink=\"https:\/\/www.intellectualsovereignty.ch\/index.php\/2020\/08\/01\/hike-32-fiescheralp-bettmeralp-belalp-eggerberg\/img_1018\/\" data-orig-file=\"https:\/\/www.intellectualsovereignty.ch\/wp-content\/uploads\/2020\/08\/IMG_1018-scaled.jpeg\" data-orig-size=\"2560,1920\" data-comments-opened=\"0\" data-image-title=\"IMG_1018\" data-image-description=\"\" data-image-caption=\"\" data-large-file=\"https:\/\/www.intellectualsovereignty.ch\/wp-content\/uploads\/2020\/08\/IMG_1018-1024x768.jpeg\" src=\"https:\/\/www.intellectualsovereignty.ch\/wp-content\/uploads\/2020\/08\/IMG_1018-1024x768.jpeg\" alt=\"\" data-id=\"1074\" data-full-url=\"https:\/\/www.intellectualsovereignty.ch\/wp-content\/uploads\/2020\/08\/IMG_1018-scaled.jpeg\" data-link=\"https:\/\/www.intellectualsovereignty.ch\/index.php\/2020\/08\/01\/hike-32-fiescheralp-bettmeralp-belalp-eggerberg\/img_1018\/\" class=\"wp-image-1074\" srcset=\"https:\/\/www.intellectualsovereignty.ch\/wp-content\/uploads\/2020\/08\/IMG_1018-1024x768.jpeg 1024w, https:\/\/www.intellectualsovereignty.ch\/wp-content\/uploads\/2020\/08\/IMG_1018-300x225.jpeg 300w, https:\/\/www.intellectualsovereignty.ch\/wp-content\/uploads\/2020\/08\/IMG_1018-768x576.jpeg 768w, https:\/\/www.intellectualsovereignty.ch\/wp-content\/uploads\/2020\/08\/IMG_1018-1536x1152.jpeg 1536w, https:\/\/www.intellectualsovereignty.ch\/wp-content\/uploads\/2020\/08\/IMG_1018-2048x1536.jpeg 2048w, https:\/\/www.intellectualsovereignty.ch\/wp-content\/uploads\/2020\/08\/IMG_1018-1870x1403.jpeg 1870w, https:\/\/www.intellectualsovereignty.ch\/wp-content\/uploads\/2020\/08\/IMG_1018-400x300.jpeg 400w, https:\/\/www.intellectualsovereignty.ch\/wp-content\/uploads\/2020\/08\/IMG_1018-800x600.jpeg 800w\" sizes=\"auto, (max-width: 1024px) 100vw, 1024px\" \/><\/figure><\/li><li class=\"blocks-gallery-item\"><figure><img loading=\"lazy\" decoding=\"async\" width=\"1024\" height=\"768\" data-attachment-id=\"1075\" data-permalink=\"https:\/\/www.intellectualsovereignty.ch\/index.php\/2020\/08\/01\/hike-32-fiescheralp-bettmeralp-belalp-eggerberg\/img_1019\/\" data-orig-file=\"https:\/\/www.intellectualsovereignty.ch\/wp-content\/uploads\/2020\/08\/IMG_1019-scaled.jpeg\" data-orig-size=\"2560,1920\" data-comments-opened=\"0\" data-image-title=\"IMG_1019\" data-image-description=\"\" data-image-caption=\"\" data-large-file=\"https:\/\/www.intellectualsovereignty.ch\/wp-content\/uploads\/2020\/08\/IMG_1019-1024x768.jpeg\" src=\"https:\/\/www.intellectualsovereignty.ch\/wp-content\/uploads\/2020\/08\/IMG_1019-1024x768.jpeg\" alt=\"\" data-id=\"1075\" data-full-url=\"https:\/\/www.intellectualsovereignty.ch\/wp-content\/uploads\/2020\/08\/IMG_1019-scaled.jpeg\" data-link=\"https:\/\/www.intellectualsovereignty.ch\/index.php\/2020\/08\/01\/hike-32-fiescheralp-bettmeralp-belalp-eggerberg\/img_1019\/\" class=\"wp-image-1075\" srcset=\"https:\/\/www.intellectualsovereignty.ch\/wp-content\/uploads\/2020\/08\/IMG_1019-1024x768.jpeg 1024w, https:\/\/www.intellectualsovereignty.ch\/wp-content\/uploads\/2020\/08\/IMG_1019-300x225.jpeg 300w, https:\/\/www.intellectualsovereignty.ch\/wp-content\/uploads\/2020\/08\/IMG_1019-768x576.jpeg 768w, https:\/\/www.intellectualsovereignty.ch\/wp-content\/uploads\/2020\/08\/IMG_1019-1536x1152.jpeg 1536w, https:\/\/www.intellectualsovereignty.ch\/wp-content\/uploads\/2020\/08\/IMG_1019-2048x1536.jpeg 2048w, https:\/\/www.intellectualsovereignty.ch\/wp-content\/uploads\/2020\/08\/IMG_1019-1870x1403.jpeg 1870w, https:\/\/www.intellectualsovereignty.ch\/wp-content\/uploads\/2020\/08\/IMG_1019-400x300.jpeg 400w, https:\/\/www.intellectualsovereignty.ch\/wp-content\/uploads\/2020\/08\/IMG_1019-800x600.jpeg 800w\" sizes=\"auto, (max-width: 1024px) 100vw, 1024px\" \/><\/figure><\/li><li class=\"blocks-gallery-item\"><figure><img loading=\"lazy\" decoding=\"async\" width=\"768\" height=\"1024\" data-attachment-id=\"1076\" data-permalink=\"https:\/\/www.intellectualsovereignty.ch\/index.php\/2020\/08\/01\/hike-32-fiescheralp-bettmeralp-belalp-eggerberg\/img_1020\/\" data-orig-file=\"https:\/\/www.intellectualsovereignty.ch\/wp-content\/uploads\/2020\/08\/IMG_1020-scaled.jpeg\" data-orig-size=\"1920,2560\" data-comments-opened=\"0\" data-image-title=\"IMG_1020\" data-image-description=\"\" data-image-caption=\"\" data-large-file=\"https:\/\/www.intellectualsovereignty.ch\/wp-content\/uploads\/2020\/08\/IMG_1020-768x1024.jpeg\" src=\"https:\/\/www.intellectualsovereignty.ch\/wp-content\/uploads\/2020\/08\/IMG_1020-768x1024.jpeg\" alt=\"\" data-id=\"1076\" data-full-url=\"https:\/\/www.intellectualsovereignty.ch\/wp-content\/uploads\/2020\/08\/IMG_1020-scaled.jpeg\" data-link=\"https:\/\/www.intellectualsovereignty.ch\/index.php\/2020\/08\/01\/hike-32-fiescheralp-bettmeralp-belalp-eggerberg\/img_1020\/\" class=\"wp-image-1076\" srcset=\"https:\/\/www.intellectualsovereignty.ch\/wp-content\/uploads\/2020\/08\/IMG_1020-768x1024.jpeg 768w, https:\/\/www.intellectualsovereignty.ch\/wp-content\/uploads\/2020\/08\/IMG_1020-225x300.jpeg 225w, https:\/\/www.intellectualsovereignty.ch\/wp-content\/uploads\/2020\/08\/IMG_1020-1152x1536.jpeg 1152w, https:\/\/www.intellectualsovereignty.ch\/wp-content\/uploads\/2020\/08\/IMG_1020-1536x2048.jpeg 1536w, https:\/\/www.intellectualsovereignty.ch\/wp-content\/uploads\/2020\/08\/IMG_1020-1870x2493.jpeg 1870w, https:\/\/www.intellectualsovereignty.ch\/wp-content\/uploads\/2020\/08\/IMG_1020-400x533.jpeg 400w, https:\/\/www.intellectualsovereignty.ch\/wp-content\/uploads\/2020\/08\/IMG_1020-800x1067.jpeg 800w, https:\/\/www.intellectualsovereignty.ch\/wp-content\/uploads\/2020\/08\/IMG_1020-scaled.jpeg 1920w\" sizes=\"auto, (max-width: 768px) 100vw, 768px\" \/><\/figure><\/li><\/ul><\/figure>\n\n\n\n<hr class=\"wp-block-separator\"\/>\n\n\n\n<p class=\"wp-block-paragraph\">Distanz: 2.5km<br>H\u00f6henmeter: 5m rauf \/ 290m runter<br>Marschzeit: 0h45<br>GPS-Route:&nbsp;<a rel=\"noreferrer noopener\" href=\"https:\/\/map.schweizmobil.ch\/?lang=de&amp;photos=yes&amp;logo=yes&amp;season=summer&amp;bgLayer=pk&amp;resolution=3.2&amp;E=2642390&amp;N=1133565&amp;trackId=7628893\" target=\"_blank\">SchweizMobil<\/a><br>Beschrieb: von Blatten nach Geimen durchs Blindt\u00e4lli, <a rel=\"noreferrer noopener\" href=\"https:\/\/www.belalp.ch\/sommer\/outdooraktiv\/wanderungen.php?oaid=25944603\" target=\"_blank\">Veros Hexenweg Blindtal<\/a><\/p>\n\n\n[sgpx gpx=\/wp-content\/uploads\/gpx\/20200731_blattengeimen.gpx ]\n\n\n\n<p class=\"wp-block-paragraph\">Distanz: 11.2km<br>H\u00f6henmeter: 448m<br>Marschzeit: 3h30<br>GPS-Route:&nbsp;<a rel=\"noreferrer noopener\" href=\"https:\/\/map.schweizmobil.ch\/?lang=de&amp;photos=yes&amp;logo=yes&amp;season=summer&amp;bgLayer=pk&amp;resolution=5.39&amp;E=2636828&amp;N=1129743&amp;layers=Wanderland%2CStation&amp;trackId=7628956\" target=\"_blank\">SchweizMobil<\/a><br>Beschrieb: von Birgisch nach Eggerberg, <a href=\"https:\/\/www.schweizmobil.ch\/de\/wanderland\/routen\/route-0188.html\" target=\"_blank\" rel=\"noreferrer noopener\">Walliser Steppen- und F\u00f6hrenweg (Nr. 188)<\/a>, Abschnitt Birgisch-Mund<\/p>\n\n\n[sgpx gpx=\/wp-content\/uploads\/gpx\/20200731_birgischeggerberg.gpx ]\n","protected":false},"excerpt":{"rendered":"<p>Mehrere Tage hochsommerliches Wetter waren angek\u00fcndigt bis zum 1. August, was gibt es da besseres, als sich mit Sack und Pack ins k\u00fchle Aletschgebiet zu begeben und eine dreit\u00e4gige Tour anzusetzen? Eben&#8230; Fiescheralp &#8211; Bettmeralp (Tag 1) Fr\u00fch starten wir nach L\u00e9onie&#8217;s 18. Geburtstag am n\u00e4chsten Morgen in Richtung Wallis. Das heutige Tagesziel ist die [&hellip;]<\/p>\n","protected":false},"author":1,"featured_media":1077,"comment_status":"open","ping_status":"open","sticky":false,"template":"","format":"standard","meta":{"_jetpack_newsletter_access":"","_jetpack_dont_email_post_to_subs":false,"_jetpack_newsletter_tier_id":0,"_jetpack_memberships_contains_paywalled_content":false,"_spotmap_latitude":"","_spotmap_longitude":"","_jetpack_feature_clip_id":0,"_jetpack_memberships_contains_paid_content":false,"footnotes":"","jetpack_post_was_ever_published":false},"categories":[3],"tags":[25,24],"class_list":["post-907","post","type-post","status-publish","format-standard","has-post-thumbnail","hentry","category-hiking","tag-ch_039","tag-ch_188","has-thumbnail"],"jetpack_shortlink":"https:\/\/wp.me\/p9IwFN-eD","jetpack_likes_enabled":false,"jetpack_sharing_enabled":true,"jetpack_featured_media_url":"https:\/\/www.intellectualsovereignty.ch\/wp-content\/uploads\/2020\/08\/IMG_5971_cropped-scaled.jpeg","_links":{"self":[{"href":"https:\/\/www.intellectualsovereignty.ch\/index.php\/wp-json\/wp\/v2\/posts\/907","targetHints":{"allow":["GET"]}}],"collection":[{"href":"https:\/\/www.intellectualsovereignty.ch\/index.php\/wp-json\/wp\/v2\/posts"}],"about":[{"href":"https:\/\/www.intellectualsovereignty.ch\/index.php\/wp-json\/wp\/v2\/types\/post"}],"author":[{"embeddable":true,"href":"https:\/\/www.intellectualsovereignty.ch\/index.php\/wp-json\/wp\/v2\/users\/1"}],"replies":[{"embeddable":true,"href":"https:\/\/www.intellectualsovereignty.ch\/index.php\/wp-json\/wp\/v2\/comments?post=907"}],"version-history":[{"count":6,"href":"https:\/\/www.intellectualsovereignty.ch\/index.php\/wp-json\/wp\/v2\/posts\/907\/revisions"}],"predecessor-version":[{"id":11382,"href":"https:\/\/www.intellectualsovereignty.ch\/index.php\/wp-json\/wp\/v2\/posts\/907\/revisions\/11382"}],"wp:featuredmedia":[{"embeddable":true,"href":"https:\/\/www.intellectualsovereignty.ch\/index.php\/wp-json\/wp\/v2\/media\/1077"}],"wp:attachment":[{"href":"https:\/\/www.intellectualsovereignty.ch\/index.php\/wp-json\/wp\/v2\/media?parent=907"}],"wp:term":[{"taxonomy":"category","embeddable":true,"href":"https:\/\/www.intellectualsovereignty.ch\/index.php\/wp-json\/wp\/v2\/categories?post=907"},{"taxonomy":"post_tag","embeddable":true,"href":"https:\/\/www.intellectualsovereignty.ch\/index.php\/wp-json\/wp\/v2\/tags?post=907"}],"curies":[{"name":"wp","href":"https:\/\/api.w.org\/{rel}","templated":true}]}}