{"id":868,"date":"2020-07-26T09:30:00","date_gmt":"2020-07-26T07:30:00","guid":{"rendered":"https:\/\/www.intellectualsovereignty.ch\/?p=868"},"modified":"2020-07-28T10:10:43","modified_gmt":"2020-07-28T08:10:43","slug":"hike-31-gurnigel-leiterepass-oberstockesee-chrindi","status":"publish","type":"post","link":"https:\/\/www.intellectualsovereignty.ch\/index.php\/2020\/07\/26\/hike-31-gurnigel-leiterepass-oberstockesee-chrindi\/","title":{"rendered":"Hike #31 \/ Gurnigel &#8211; Leiterepass &#8211; Oberstockesee &#8211; Chrindi"},"content":{"rendered":"\n<p class=\"wp-block-paragraph\">Eigentlich wollten Bea und ich heute Sonntag von Lenk \u00fcber die Iffigenalp zum Louwenensee laufen, doch wir hatten da eine leichte Vorahnung bez\u00fcglich Corona-Wandertourismus. Darum haben wir uns kurzerhand umentschieden f\u00fcr eine Route, die vermutlich weniger Wanderer anzieht, und damit lagen wir voll richtig! Zu fr\u00fcher Stund mit Zug und Poschi zur Gurnigel-Wasserscheide und schwupps sind wir schon auf dem Leiterepass, sch\u00f6ne Erinnerungen an einen fr\u00fchere Wanderung (siehe <a rel=\"noreferrer noopener\" href=\"https:\/\/www.intellectualsovereignty.ch\/index.php\/2019\/09\/01\/hike-4-gurnigel-leiterepass-stockhorn\/\" target=\"_blank\">Hike #4<\/a>) kommen hoch&#8230;<\/p>\n\n\n\n<figure class=\"wp-block-gallery columns-3 is-cropped wp-block-gallery-1 is-layout-flex wp-block-gallery-is-layout-flex\"><ul class=\"blocks-gallery-grid\"><li class=\"blocks-gallery-item\"><figure><img loading=\"lazy\" decoding=\"async\" width=\"1024\" height=\"768\" data-attachment-id=\"869\" data-permalink=\"https:\/\/www.intellectualsovereignty.ch\/index.php\/2020\/07\/26\/hike-31-gurnigel-leiterepass-oberstockesee-chrindi\/img_0773\/\" data-orig-file=\"https:\/\/www.intellectualsovereignty.ch\/wp-content\/uploads\/2020\/07\/IMG_0773-scaled.jpeg\" data-orig-size=\"2560,1920\" data-comments-opened=\"0\" data-image-title=\"IMG_0773\" data-image-description=\"\" data-image-caption=\"\" data-large-file=\"https:\/\/www.intellectualsovereignty.ch\/wp-content\/uploads\/2020\/07\/IMG_0773-1024x768.jpeg\" src=\"https:\/\/www.intellectualsovereignty.ch\/wp-content\/uploads\/2020\/07\/IMG_0773-1024x768.jpeg\" alt=\"\" data-id=\"869\" data-full-url=\"https:\/\/www.intellectualsovereignty.ch\/wp-content\/uploads\/2020\/07\/IMG_0773-scaled.jpeg\" data-link=\"https:\/\/www.intellectualsovereignty.ch\/?attachment_id=869\" class=\"wp-image-869\" srcset=\"https:\/\/www.intellectualsovereignty.ch\/wp-content\/uploads\/2020\/07\/IMG_0773-1024x768.jpeg 1024w, https:\/\/www.intellectualsovereignty.ch\/wp-content\/uploads\/2020\/07\/IMG_0773-300x225.jpeg 300w, https:\/\/www.intellectualsovereignty.ch\/wp-content\/uploads\/2020\/07\/IMG_0773-768x576.jpeg 768w, https:\/\/www.intellectualsovereignty.ch\/wp-content\/uploads\/2020\/07\/IMG_0773-1536x1152.jpeg 1536w, https:\/\/www.intellectualsovereignty.ch\/wp-content\/uploads\/2020\/07\/IMG_0773-2048x1536.jpeg 2048w, https:\/\/www.intellectualsovereignty.ch\/wp-content\/uploads\/2020\/07\/IMG_0773-1870x1403.jpeg 1870w, https:\/\/www.intellectualsovereignty.ch\/wp-content\/uploads\/2020\/07\/IMG_0773-400x300.jpeg 400w, https:\/\/www.intellectualsovereignty.ch\/wp-content\/uploads\/2020\/07\/IMG_0773-800x600.jpeg 800w\" sizes=\"auto, (max-width: 1024px) 100vw, 1024px\" \/><\/figure><\/li><li class=\"blocks-gallery-item\"><figure><img loading=\"lazy\" decoding=\"async\" width=\"1024\" height=\"768\" data-attachment-id=\"870\" data-permalink=\"https:\/\/www.intellectualsovereignty.ch\/index.php\/2020\/07\/26\/hike-31-gurnigel-leiterepass-oberstockesee-chrindi\/img_0774\/\" data-orig-file=\"https:\/\/www.intellectualsovereignty.ch\/wp-content\/uploads\/2020\/07\/IMG_0774-scaled.jpeg\" data-orig-size=\"2560,1920\" data-comments-opened=\"0\" data-image-title=\"IMG_0774\" data-image-description=\"\" data-image-caption=\"\" data-large-file=\"https:\/\/www.intellectualsovereignty.ch\/wp-content\/uploads\/2020\/07\/IMG_0774-1024x768.jpeg\" src=\"https:\/\/www.intellectualsovereignty.ch\/wp-content\/uploads\/2020\/07\/IMG_0774-1024x768.jpeg\" alt=\"\" data-id=\"870\" data-full-url=\"https:\/\/www.intellectualsovereignty.ch\/wp-content\/uploads\/2020\/07\/IMG_0774-scaled.jpeg\" data-link=\"https:\/\/www.intellectualsovereignty.ch\/?attachment_id=870\" class=\"wp-image-870\" srcset=\"https:\/\/www.intellectualsovereignty.ch\/wp-content\/uploads\/2020\/07\/IMG_0774-1024x768.jpeg 1024w, https:\/\/www.intellectualsovereignty.ch\/wp-content\/uploads\/2020\/07\/IMG_0774-300x225.jpeg 300w, https:\/\/www.intellectualsovereignty.ch\/wp-content\/uploads\/2020\/07\/IMG_0774-768x576.jpeg 768w, https:\/\/www.intellectualsovereignty.ch\/wp-content\/uploads\/2020\/07\/IMG_0774-1536x1152.jpeg 1536w, https:\/\/www.intellectualsovereignty.ch\/wp-content\/uploads\/2020\/07\/IMG_0774-2048x1536.jpeg 2048w, https:\/\/www.intellectualsovereignty.ch\/wp-content\/uploads\/2020\/07\/IMG_0774-1870x1403.jpeg 1870w, https:\/\/www.intellectualsovereignty.ch\/wp-content\/uploads\/2020\/07\/IMG_0774-400x300.jpeg 400w, https:\/\/www.intellectualsovereignty.ch\/wp-content\/uploads\/2020\/07\/IMG_0774-800x600.jpeg 800w\" sizes=\"auto, (max-width: 1024px) 100vw, 1024px\" \/><\/figure><\/li><li class=\"blocks-gallery-item\"><figure><img loading=\"lazy\" decoding=\"async\" width=\"1024\" height=\"333\" data-attachment-id=\"871\" data-permalink=\"https:\/\/www.intellectualsovereignty.ch\/index.php\/2020\/07\/26\/hike-31-gurnigel-leiterepass-oberstockesee-chrindi\/img_0775\/\" data-orig-file=\"https:\/\/www.intellectualsovereignty.ch\/wp-content\/uploads\/2020\/07\/IMG_0775-scaled.jpeg\" data-orig-size=\"2560,833\" data-comments-opened=\"0\" data-image-title=\"IMG_0775\" data-image-description=\"\" data-image-caption=\"\" data-large-file=\"https:\/\/www.intellectualsovereignty.ch\/wp-content\/uploads\/2020\/07\/IMG_0775-1024x333.jpeg\" src=\"https:\/\/www.intellectualsovereignty.ch\/wp-content\/uploads\/2020\/07\/IMG_0775-1024x333.jpeg\" alt=\"\" data-id=\"871\" data-full-url=\"https:\/\/www.intellectualsovereignty.ch\/wp-content\/uploads\/2020\/07\/IMG_0775-scaled.jpeg\" data-link=\"https:\/\/www.intellectualsovereignty.ch\/?attachment_id=871\" class=\"wp-image-871\" srcset=\"https:\/\/www.intellectualsovereignty.ch\/wp-content\/uploads\/2020\/07\/IMG_0775-1024x333.jpeg 1024w, https:\/\/www.intellectualsovereignty.ch\/wp-content\/uploads\/2020\/07\/IMG_0775-300x98.jpeg 300w, https:\/\/www.intellectualsovereignty.ch\/wp-content\/uploads\/2020\/07\/IMG_0775-768x250.jpeg 768w, https:\/\/www.intellectualsovereignty.ch\/wp-content\/uploads\/2020\/07\/IMG_0775-1536x500.jpeg 1536w, https:\/\/www.intellectualsovereignty.ch\/wp-content\/uploads\/2020\/07\/IMG_0775-2048x667.jpeg 2048w, https:\/\/www.intellectualsovereignty.ch\/wp-content\/uploads\/2020\/07\/IMG_0775-1870x609.jpeg 1870w, https:\/\/www.intellectualsovereignty.ch\/wp-content\/uploads\/2020\/07\/IMG_0775-400x130.jpeg 400w, https:\/\/www.intellectualsovereignty.ch\/wp-content\/uploads\/2020\/07\/IMG_0775-800x260.jpeg 800w\" sizes=\"auto, (max-width: 1024px) 100vw, 1024px\" \/><\/figure><\/li><li class=\"blocks-gallery-item\"><figure><img loading=\"lazy\" decoding=\"async\" width=\"1024\" height=\"768\" data-attachment-id=\"872\" data-permalink=\"https:\/\/www.intellectualsovereignty.ch\/index.php\/2020\/07\/26\/hike-31-gurnigel-leiterepass-oberstockesee-chrindi\/img_0776\/\" data-orig-file=\"https:\/\/www.intellectualsovereignty.ch\/wp-content\/uploads\/2020\/07\/IMG_0776-scaled.jpeg\" data-orig-size=\"2560,1920\" data-comments-opened=\"0\" data-image-title=\"IMG_0776\" data-image-description=\"\" data-image-caption=\"\" data-large-file=\"https:\/\/www.intellectualsovereignty.ch\/wp-content\/uploads\/2020\/07\/IMG_0776-1024x768.jpeg\" src=\"https:\/\/www.intellectualsovereignty.ch\/wp-content\/uploads\/2020\/07\/IMG_0776-1024x768.jpeg\" alt=\"\" data-id=\"872\" data-full-url=\"https:\/\/www.intellectualsovereignty.ch\/wp-content\/uploads\/2020\/07\/IMG_0776-scaled.jpeg\" data-link=\"https:\/\/www.intellectualsovereignty.ch\/?attachment_id=872\" class=\"wp-image-872\" srcset=\"https:\/\/www.intellectualsovereignty.ch\/wp-content\/uploads\/2020\/07\/IMG_0776-1024x768.jpeg 1024w, https:\/\/www.intellectualsovereignty.ch\/wp-content\/uploads\/2020\/07\/IMG_0776-300x225.jpeg 300w, https:\/\/www.intellectualsovereignty.ch\/wp-content\/uploads\/2020\/07\/IMG_0776-768x576.jpeg 768w, https:\/\/www.intellectualsovereignty.ch\/wp-content\/uploads\/2020\/07\/IMG_0776-1536x1152.jpeg 1536w, https:\/\/www.intellectualsovereignty.ch\/wp-content\/uploads\/2020\/07\/IMG_0776-2048x1536.jpeg 2048w, https:\/\/www.intellectualsovereignty.ch\/wp-content\/uploads\/2020\/07\/IMG_0776-1870x1403.jpeg 1870w, https:\/\/www.intellectualsovereignty.ch\/wp-content\/uploads\/2020\/07\/IMG_0776-400x300.jpeg 400w, https:\/\/www.intellectualsovereignty.ch\/wp-content\/uploads\/2020\/07\/IMG_0776-800x600.jpeg 800w\" sizes=\"auto, (max-width: 1024px) 100vw, 1024px\" \/><\/figure><\/li><li class=\"blocks-gallery-item\"><figure><img loading=\"lazy\" decoding=\"async\" width=\"1024\" height=\"768\" data-attachment-id=\"873\" data-permalink=\"https:\/\/www.intellectualsovereignty.ch\/index.php\/2020\/07\/26\/hike-31-gurnigel-leiterepass-oberstockesee-chrindi\/img_0777\/\" data-orig-file=\"https:\/\/www.intellectualsovereignty.ch\/wp-content\/uploads\/2020\/07\/IMG_0777-scaled.jpeg\" data-orig-size=\"2560,1920\" data-comments-opened=\"0\" data-image-title=\"IMG_0777\" data-image-description=\"\" data-image-caption=\"\" data-large-file=\"https:\/\/www.intellectualsovereignty.ch\/wp-content\/uploads\/2020\/07\/IMG_0777-1024x768.jpeg\" src=\"https:\/\/www.intellectualsovereignty.ch\/wp-content\/uploads\/2020\/07\/IMG_0777-1024x768.jpeg\" alt=\"\" data-id=\"873\" data-full-url=\"https:\/\/www.intellectualsovereignty.ch\/wp-content\/uploads\/2020\/07\/IMG_0777-scaled.jpeg\" data-link=\"https:\/\/www.intellectualsovereignty.ch\/?attachment_id=873\" class=\"wp-image-873\" srcset=\"https:\/\/www.intellectualsovereignty.ch\/wp-content\/uploads\/2020\/07\/IMG_0777-1024x768.jpeg 1024w, https:\/\/www.intellectualsovereignty.ch\/wp-content\/uploads\/2020\/07\/IMG_0777-300x225.jpeg 300w, https:\/\/www.intellectualsovereignty.ch\/wp-content\/uploads\/2020\/07\/IMG_0777-768x576.jpeg 768w, https:\/\/www.intellectualsovereignty.ch\/wp-content\/uploads\/2020\/07\/IMG_0777-1536x1152.jpeg 1536w, https:\/\/www.intellectualsovereignty.ch\/wp-content\/uploads\/2020\/07\/IMG_0777-2048x1536.jpeg 2048w, https:\/\/www.intellectualsovereignty.ch\/wp-content\/uploads\/2020\/07\/IMG_0777-1870x1403.jpeg 1870w, https:\/\/www.intellectualsovereignty.ch\/wp-content\/uploads\/2020\/07\/IMG_0777-400x300.jpeg 400w, https:\/\/www.intellectualsovereignty.ch\/wp-content\/uploads\/2020\/07\/IMG_0777-800x600.jpeg 800w\" sizes=\"auto, (max-width: 1024px) 100vw, 1024px\" \/><\/figure><\/li><li class=\"blocks-gallery-item\"><figure><img loading=\"lazy\" decoding=\"async\" width=\"1024\" height=\"768\" data-attachment-id=\"874\" data-permalink=\"https:\/\/www.intellectualsovereignty.ch\/index.php\/2020\/07\/26\/hike-31-gurnigel-leiterepass-oberstockesee-chrindi\/img_0778\/\" data-orig-file=\"https:\/\/www.intellectualsovereignty.ch\/wp-content\/uploads\/2020\/07\/IMG_0778-scaled.jpeg\" data-orig-size=\"2560,1920\" data-comments-opened=\"0\" data-image-title=\"IMG_0778\" data-image-description=\"\" data-image-caption=\"\" data-large-file=\"https:\/\/www.intellectualsovereignty.ch\/wp-content\/uploads\/2020\/07\/IMG_0778-1024x768.jpeg\" src=\"https:\/\/www.intellectualsovereignty.ch\/wp-content\/uploads\/2020\/07\/IMG_0778-1024x768.jpeg\" alt=\"\" data-id=\"874\" data-full-url=\"https:\/\/www.intellectualsovereignty.ch\/wp-content\/uploads\/2020\/07\/IMG_0778-scaled.jpeg\" data-link=\"https:\/\/www.intellectualsovereignty.ch\/?attachment_id=874\" class=\"wp-image-874\" srcset=\"https:\/\/www.intellectualsovereignty.ch\/wp-content\/uploads\/2020\/07\/IMG_0778-1024x768.jpeg 1024w, https:\/\/www.intellectualsovereignty.ch\/wp-content\/uploads\/2020\/07\/IMG_0778-300x225.jpeg 300w, https:\/\/www.intellectualsovereignty.ch\/wp-content\/uploads\/2020\/07\/IMG_0778-768x576.jpeg 768w, https:\/\/www.intellectualsovereignty.ch\/wp-content\/uploads\/2020\/07\/IMG_0778-1536x1152.jpeg 1536w, https:\/\/www.intellectualsovereignty.ch\/wp-content\/uploads\/2020\/07\/IMG_0778-2048x1536.jpeg 2048w, https:\/\/www.intellectualsovereignty.ch\/wp-content\/uploads\/2020\/07\/IMG_0778-1870x1403.jpeg 1870w, https:\/\/www.intellectualsovereignty.ch\/wp-content\/uploads\/2020\/07\/IMG_0778-400x300.jpeg 400w, https:\/\/www.intellectualsovereignty.ch\/wp-content\/uploads\/2020\/07\/IMG_0778-800x600.jpeg 800w\" sizes=\"auto, (max-width: 1024px) 100vw, 1024px\" \/><\/figure><\/li><li class=\"blocks-gallery-item\"><figure><img loading=\"lazy\" decoding=\"async\" width=\"768\" height=\"1024\" data-attachment-id=\"875\" data-permalink=\"https:\/\/www.intellectualsovereignty.ch\/index.php\/2020\/07\/26\/hike-31-gurnigel-leiterepass-oberstockesee-chrindi\/img_0779\/\" data-orig-file=\"https:\/\/www.intellectualsovereignty.ch\/wp-content\/uploads\/2020\/07\/IMG_0779-scaled.jpeg\" data-orig-size=\"1920,2560\" data-comments-opened=\"0\" data-image-title=\"IMG_0779\" data-image-description=\"\" data-image-caption=\"\" data-large-file=\"https:\/\/www.intellectualsovereignty.ch\/wp-content\/uploads\/2020\/07\/IMG_0779-768x1024.jpeg\" src=\"https:\/\/www.intellectualsovereignty.ch\/wp-content\/uploads\/2020\/07\/IMG_0779-768x1024.jpeg\" alt=\"\" data-id=\"875\" data-full-url=\"https:\/\/www.intellectualsovereignty.ch\/wp-content\/uploads\/2020\/07\/IMG_0779-scaled.jpeg\" data-link=\"https:\/\/www.intellectualsovereignty.ch\/?attachment_id=875\" class=\"wp-image-875\" srcset=\"https:\/\/www.intellectualsovereignty.ch\/wp-content\/uploads\/2020\/07\/IMG_0779-768x1024.jpeg 768w, https:\/\/www.intellectualsovereignty.ch\/wp-content\/uploads\/2020\/07\/IMG_0779-225x300.jpeg 225w, https:\/\/www.intellectualsovereignty.ch\/wp-content\/uploads\/2020\/07\/IMG_0779-1152x1536.jpeg 1152w, https:\/\/www.intellectualsovereignty.ch\/wp-content\/uploads\/2020\/07\/IMG_0779-1536x2048.jpeg 1536w, https:\/\/www.intellectualsovereignty.ch\/wp-content\/uploads\/2020\/07\/IMG_0779-1870x2493.jpeg 1870w, https:\/\/www.intellectualsovereignty.ch\/wp-content\/uploads\/2020\/07\/IMG_0779-400x533.jpeg 400w, https:\/\/www.intellectualsovereignty.ch\/wp-content\/uploads\/2020\/07\/IMG_0779-800x1067.jpeg 800w, https:\/\/www.intellectualsovereignty.ch\/wp-content\/uploads\/2020\/07\/IMG_0779-scaled.jpeg 1920w\" sizes=\"auto, (max-width: 768px) 100vw, 768px\" \/><figcaption class=\"blocks-gallery-item__caption\">Keine Sorge, der Gantrisch ist nicht so steil, das Foto wurde etwas schr\u00e4g aufgenommen damit er ganz Platz findet&#8230; \ud83d\ude42<\/figcaption><\/figure><\/li><\/ul><\/figure>\n\n\n\n<figure class=\"wp-block-video\"><video height=\"1080\" style=\"aspect-ratio: 1920 \/ 1080;\" width=\"1920\" controls src=\"https:\/\/www.intellectualsovereignty.ch\/wp-content\/uploads\/2020\/07\/IMG_0781.mov\"><\/video><\/figure>\n\n\n\n<p class=\"wp-block-paragraph\">Hinter dem Leiterepass beginnt der abwechslungsreiche H\u00f6henweg unterhalb des Homad durch bis zur Ober-Walalp. Zu Beginn steinig, dann mit massig viel Ziegen-Droppings, unverhofft durch einen begr\u00fcnten felsigen Abschnitt \u00fcber eine cheibe stotzige Stelle mit sch\u00f6nen F\u00f6hren und Blumen bis hin zu Bergh\u00fctte mit urchigem Getr\u00e4nkeautomaten und zwei Monster-Hasen. Hier gilt mittendrin statt nur dabei!<\/p>\n\n\n\n<figure class=\"wp-block-gallery columns-3 is-cropped wp-block-gallery-2 is-layout-flex wp-block-gallery-is-layout-flex\"><ul class=\"blocks-gallery-grid\"><li class=\"blocks-gallery-item\"><figure><img loading=\"lazy\" decoding=\"async\" width=\"768\" height=\"1024\" data-attachment-id=\"877\" data-permalink=\"https:\/\/www.intellectualsovereignty.ch\/index.php\/2020\/07\/26\/hike-31-gurnigel-leiterepass-oberstockesee-chrindi\/img_0782\/\" data-orig-file=\"https:\/\/www.intellectualsovereignty.ch\/wp-content\/uploads\/2020\/07\/IMG_0782-scaled.jpeg\" data-orig-size=\"1920,2560\" data-comments-opened=\"0\" data-image-title=\"IMG_0782\" data-image-description=\"\" data-image-caption=\"\" data-large-file=\"https:\/\/www.intellectualsovereignty.ch\/wp-content\/uploads\/2020\/07\/IMG_0782-768x1024.jpeg\" src=\"https:\/\/www.intellectualsovereignty.ch\/wp-content\/uploads\/2020\/07\/IMG_0782-768x1024.jpeg\" alt=\"\" data-id=\"877\" data-full-url=\"https:\/\/www.intellectualsovereignty.ch\/wp-content\/uploads\/2020\/07\/IMG_0782-scaled.jpeg\" data-link=\"https:\/\/www.intellectualsovereignty.ch\/?attachment_id=877\" class=\"wp-image-877\" srcset=\"https:\/\/www.intellectualsovereignty.ch\/wp-content\/uploads\/2020\/07\/IMG_0782-768x1024.jpeg 768w, https:\/\/www.intellectualsovereignty.ch\/wp-content\/uploads\/2020\/07\/IMG_0782-225x300.jpeg 225w, https:\/\/www.intellectualsovereignty.ch\/wp-content\/uploads\/2020\/07\/IMG_0782-1152x1536.jpeg 1152w, https:\/\/www.intellectualsovereignty.ch\/wp-content\/uploads\/2020\/07\/IMG_0782-1536x2048.jpeg 1536w, https:\/\/www.intellectualsovereignty.ch\/wp-content\/uploads\/2020\/07\/IMG_0782-1870x2493.jpeg 1870w, https:\/\/www.intellectualsovereignty.ch\/wp-content\/uploads\/2020\/07\/IMG_0782-400x533.jpeg 400w, https:\/\/www.intellectualsovereignty.ch\/wp-content\/uploads\/2020\/07\/IMG_0782-800x1067.jpeg 800w, https:\/\/www.intellectualsovereignty.ch\/wp-content\/uploads\/2020\/07\/IMG_0782-scaled.jpeg 1920w\" sizes=\"auto, (max-width: 768px) 100vw, 768px\" \/><\/figure><\/li><li class=\"blocks-gallery-item\"><figure><img loading=\"lazy\" decoding=\"async\" width=\"1024\" height=\"768\" data-attachment-id=\"878\" data-permalink=\"https:\/\/www.intellectualsovereignty.ch\/index.php\/2020\/07\/26\/hike-31-gurnigel-leiterepass-oberstockesee-chrindi\/img_0783\/\" data-orig-file=\"https:\/\/www.intellectualsovereignty.ch\/wp-content\/uploads\/2020\/07\/IMG_0783-scaled.jpeg\" data-orig-size=\"2560,1920\" data-comments-opened=\"0\" data-image-title=\"IMG_0783\" data-image-description=\"\" data-image-caption=\"\" data-large-file=\"https:\/\/www.intellectualsovereignty.ch\/wp-content\/uploads\/2020\/07\/IMG_0783-1024x768.jpeg\" src=\"https:\/\/www.intellectualsovereignty.ch\/wp-content\/uploads\/2020\/07\/IMG_0783-1024x768.jpeg\" alt=\"\" data-id=\"878\" data-full-url=\"https:\/\/www.intellectualsovereignty.ch\/wp-content\/uploads\/2020\/07\/IMG_0783-scaled.jpeg\" data-link=\"https:\/\/www.intellectualsovereignty.ch\/?attachment_id=878\" class=\"wp-image-878\" srcset=\"https:\/\/www.intellectualsovereignty.ch\/wp-content\/uploads\/2020\/07\/IMG_0783-1024x768.jpeg 1024w, https:\/\/www.intellectualsovereignty.ch\/wp-content\/uploads\/2020\/07\/IMG_0783-300x225.jpeg 300w, https:\/\/www.intellectualsovereignty.ch\/wp-content\/uploads\/2020\/07\/IMG_0783-768x576.jpeg 768w, https:\/\/www.intellectualsovereignty.ch\/wp-content\/uploads\/2020\/07\/IMG_0783-1536x1152.jpeg 1536w, https:\/\/www.intellectualsovereignty.ch\/wp-content\/uploads\/2020\/07\/IMG_0783-2048x1536.jpeg 2048w, https:\/\/www.intellectualsovereignty.ch\/wp-content\/uploads\/2020\/07\/IMG_0783-1870x1403.jpeg 1870w, https:\/\/www.intellectualsovereignty.ch\/wp-content\/uploads\/2020\/07\/IMG_0783-400x300.jpeg 400w, https:\/\/www.intellectualsovereignty.ch\/wp-content\/uploads\/2020\/07\/IMG_0783-800x600.jpeg 800w\" sizes=\"auto, (max-width: 1024px) 100vw, 1024px\" \/><\/figure><\/li><li class=\"blocks-gallery-item\"><figure><img loading=\"lazy\" decoding=\"async\" width=\"1024\" height=\"768\" data-attachment-id=\"879\" data-permalink=\"https:\/\/www.intellectualsovereignty.ch\/index.php\/2020\/07\/26\/hike-31-gurnigel-leiterepass-oberstockesee-chrindi\/img_0784\/\" data-orig-file=\"https:\/\/www.intellectualsovereignty.ch\/wp-content\/uploads\/2020\/07\/IMG_0784-scaled.jpeg\" data-orig-size=\"2560,1920\" data-comments-opened=\"0\" data-image-title=\"IMG_0784\" data-image-description=\"\" data-image-caption=\"\" data-large-file=\"https:\/\/www.intellectualsovereignty.ch\/wp-content\/uploads\/2020\/07\/IMG_0784-1024x768.jpeg\" src=\"https:\/\/www.intellectualsovereignty.ch\/wp-content\/uploads\/2020\/07\/IMG_0784-1024x768.jpeg\" alt=\"\" data-id=\"879\" data-full-url=\"https:\/\/www.intellectualsovereignty.ch\/wp-content\/uploads\/2020\/07\/IMG_0784-scaled.jpeg\" data-link=\"https:\/\/www.intellectualsovereignty.ch\/?attachment_id=879\" class=\"wp-image-879\" srcset=\"https:\/\/www.intellectualsovereignty.ch\/wp-content\/uploads\/2020\/07\/IMG_0784-1024x768.jpeg 1024w, https:\/\/www.intellectualsovereignty.ch\/wp-content\/uploads\/2020\/07\/IMG_0784-300x225.jpeg 300w, https:\/\/www.intellectualsovereignty.ch\/wp-content\/uploads\/2020\/07\/IMG_0784-768x576.jpeg 768w, https:\/\/www.intellectualsovereignty.ch\/wp-content\/uploads\/2020\/07\/IMG_0784-1536x1152.jpeg 1536w, https:\/\/www.intellectualsovereignty.ch\/wp-content\/uploads\/2020\/07\/IMG_0784-2048x1536.jpeg 2048w, https:\/\/www.intellectualsovereignty.ch\/wp-content\/uploads\/2020\/07\/IMG_0784-1870x1403.jpeg 1870w, https:\/\/www.intellectualsovereignty.ch\/wp-content\/uploads\/2020\/07\/IMG_0784-400x300.jpeg 400w, https:\/\/www.intellectualsovereignty.ch\/wp-content\/uploads\/2020\/07\/IMG_0784-800x600.jpeg 800w\" sizes=\"auto, (max-width: 1024px) 100vw, 1024px\" \/><\/figure><\/li><li class=\"blocks-gallery-item\"><figure><img loading=\"lazy\" decoding=\"async\" width=\"1024\" height=\"768\" data-attachment-id=\"880\" data-permalink=\"https:\/\/www.intellectualsovereignty.ch\/index.php\/2020\/07\/26\/hike-31-gurnigel-leiterepass-oberstockesee-chrindi\/img_0785\/\" data-orig-file=\"https:\/\/www.intellectualsovereignty.ch\/wp-content\/uploads\/2020\/07\/IMG_0785-scaled.jpeg\" data-orig-size=\"2560,1920\" data-comments-opened=\"0\" data-image-title=\"IMG_0785\" data-image-description=\"\" data-image-caption=\"\" data-large-file=\"https:\/\/www.intellectualsovereignty.ch\/wp-content\/uploads\/2020\/07\/IMG_0785-1024x768.jpeg\" src=\"https:\/\/www.intellectualsovereignty.ch\/wp-content\/uploads\/2020\/07\/IMG_0785-1024x768.jpeg\" alt=\"\" data-id=\"880\" data-full-url=\"https:\/\/www.intellectualsovereignty.ch\/wp-content\/uploads\/2020\/07\/IMG_0785-scaled.jpeg\" data-link=\"https:\/\/www.intellectualsovereignty.ch\/?attachment_id=880\" class=\"wp-image-880\" srcset=\"https:\/\/www.intellectualsovereignty.ch\/wp-content\/uploads\/2020\/07\/IMG_0785-1024x768.jpeg 1024w, https:\/\/www.intellectualsovereignty.ch\/wp-content\/uploads\/2020\/07\/IMG_0785-300x225.jpeg 300w, https:\/\/www.intellectualsovereignty.ch\/wp-content\/uploads\/2020\/07\/IMG_0785-768x576.jpeg 768w, https:\/\/www.intellectualsovereignty.ch\/wp-content\/uploads\/2020\/07\/IMG_0785-1536x1152.jpeg 1536w, https:\/\/www.intellectualsovereignty.ch\/wp-content\/uploads\/2020\/07\/IMG_0785-2048x1536.jpeg 2048w, https:\/\/www.intellectualsovereignty.ch\/wp-content\/uploads\/2020\/07\/IMG_0785-1870x1403.jpeg 1870w, https:\/\/www.intellectualsovereignty.ch\/wp-content\/uploads\/2020\/07\/IMG_0785-400x300.jpeg 400w, https:\/\/www.intellectualsovereignty.ch\/wp-content\/uploads\/2020\/07\/IMG_0785-800x600.jpeg 800w\" sizes=\"auto, (max-width: 1024px) 100vw, 1024px\" \/><\/figure><\/li><li class=\"blocks-gallery-item\"><figure><img loading=\"lazy\" decoding=\"async\" width=\"768\" height=\"1024\" data-attachment-id=\"881\" data-permalink=\"https:\/\/www.intellectualsovereignty.ch\/index.php\/2020\/07\/26\/hike-31-gurnigel-leiterepass-oberstockesee-chrindi\/img_0786\/\" data-orig-file=\"https:\/\/www.intellectualsovereignty.ch\/wp-content\/uploads\/2020\/07\/IMG_0786-scaled.jpeg\" data-orig-size=\"1920,2560\" data-comments-opened=\"0\" data-image-title=\"IMG_0786\" data-image-description=\"\" data-image-caption=\"\" data-large-file=\"https:\/\/www.intellectualsovereignty.ch\/wp-content\/uploads\/2020\/07\/IMG_0786-768x1024.jpeg\" src=\"https:\/\/www.intellectualsovereignty.ch\/wp-content\/uploads\/2020\/07\/IMG_0786-768x1024.jpeg\" alt=\"\" data-id=\"881\" data-full-url=\"https:\/\/www.intellectualsovereignty.ch\/wp-content\/uploads\/2020\/07\/IMG_0786-scaled.jpeg\" data-link=\"https:\/\/www.intellectualsovereignty.ch\/?attachment_id=881\" class=\"wp-image-881\" srcset=\"https:\/\/www.intellectualsovereignty.ch\/wp-content\/uploads\/2020\/07\/IMG_0786-768x1024.jpeg 768w, https:\/\/www.intellectualsovereignty.ch\/wp-content\/uploads\/2020\/07\/IMG_0786-225x300.jpeg 225w, https:\/\/www.intellectualsovereignty.ch\/wp-content\/uploads\/2020\/07\/IMG_0786-1152x1536.jpeg 1152w, https:\/\/www.intellectualsovereignty.ch\/wp-content\/uploads\/2020\/07\/IMG_0786-1536x2048.jpeg 1536w, https:\/\/www.intellectualsovereignty.ch\/wp-content\/uploads\/2020\/07\/IMG_0786-1870x2493.jpeg 1870w, https:\/\/www.intellectualsovereignty.ch\/wp-content\/uploads\/2020\/07\/IMG_0786-400x533.jpeg 400w, https:\/\/www.intellectualsovereignty.ch\/wp-content\/uploads\/2020\/07\/IMG_0786-800x1067.jpeg 800w, https:\/\/www.intellectualsovereignty.ch\/wp-content\/uploads\/2020\/07\/IMG_0786-scaled.jpeg 1920w\" sizes=\"auto, (max-width: 768px) 100vw, 768px\" \/><\/figure><\/li><li class=\"blocks-gallery-item\"><figure><img loading=\"lazy\" decoding=\"async\" width=\"1024\" height=\"286\" data-attachment-id=\"882\" data-permalink=\"https:\/\/www.intellectualsovereignty.ch\/index.php\/2020\/07\/26\/hike-31-gurnigel-leiterepass-oberstockesee-chrindi\/img_0787\/\" data-orig-file=\"https:\/\/www.intellectualsovereignty.ch\/wp-content\/uploads\/2020\/07\/IMG_0787-scaled.jpeg\" data-orig-size=\"2560,716\" data-comments-opened=\"0\" data-image-title=\"IMG_0787\" data-image-description=\"\" data-image-caption=\"\" data-large-file=\"https:\/\/www.intellectualsovereignty.ch\/wp-content\/uploads\/2020\/07\/IMG_0787-1024x286.jpeg\" src=\"https:\/\/www.intellectualsovereignty.ch\/wp-content\/uploads\/2020\/07\/IMG_0787-1024x286.jpeg\" alt=\"\" data-id=\"882\" data-full-url=\"https:\/\/www.intellectualsovereignty.ch\/wp-content\/uploads\/2020\/07\/IMG_0787-scaled.jpeg\" data-link=\"https:\/\/www.intellectualsovereignty.ch\/?attachment_id=882\" class=\"wp-image-882\" srcset=\"https:\/\/www.intellectualsovereignty.ch\/wp-content\/uploads\/2020\/07\/IMG_0787-1024x286.jpeg 1024w, https:\/\/www.intellectualsovereignty.ch\/wp-content\/uploads\/2020\/07\/IMG_0787-300x84.jpeg 300w, https:\/\/www.intellectualsovereignty.ch\/wp-content\/uploads\/2020\/07\/IMG_0787-768x215.jpeg 768w, https:\/\/www.intellectualsovereignty.ch\/wp-content\/uploads\/2020\/07\/IMG_0787-1536x430.jpeg 1536w, https:\/\/www.intellectualsovereignty.ch\/wp-content\/uploads\/2020\/07\/IMG_0787-2048x573.jpeg 2048w, https:\/\/www.intellectualsovereignty.ch\/wp-content\/uploads\/2020\/07\/IMG_0787-1870x523.jpeg 1870w, https:\/\/www.intellectualsovereignty.ch\/wp-content\/uploads\/2020\/07\/IMG_0787-400x112.jpeg 400w, https:\/\/www.intellectualsovereignty.ch\/wp-content\/uploads\/2020\/07\/IMG_0787-800x224.jpeg 800w\" sizes=\"auto, (max-width: 1024px) 100vw, 1024px\" \/><\/figure><\/li><li class=\"blocks-gallery-item\"><figure><img loading=\"lazy\" decoding=\"async\" width=\"1024\" height=\"768\" data-attachment-id=\"883\" data-permalink=\"https:\/\/www.intellectualsovereignty.ch\/index.php\/2020\/07\/26\/hike-31-gurnigel-leiterepass-oberstockesee-chrindi\/img_0788\/\" data-orig-file=\"https:\/\/www.intellectualsovereignty.ch\/wp-content\/uploads\/2020\/07\/IMG_0788-scaled.jpeg\" data-orig-size=\"2560,1920\" data-comments-opened=\"0\" data-image-title=\"IMG_0788\" data-image-description=\"\" data-image-caption=\"\" data-large-file=\"https:\/\/www.intellectualsovereignty.ch\/wp-content\/uploads\/2020\/07\/IMG_0788-1024x768.jpeg\" src=\"https:\/\/www.intellectualsovereignty.ch\/wp-content\/uploads\/2020\/07\/IMG_0788-1024x768.jpeg\" alt=\"\" data-id=\"883\" data-full-url=\"https:\/\/www.intellectualsovereignty.ch\/wp-content\/uploads\/2020\/07\/IMG_0788-scaled.jpeg\" data-link=\"https:\/\/www.intellectualsovereignty.ch\/?attachment_id=883\" class=\"wp-image-883\" srcset=\"https:\/\/www.intellectualsovereignty.ch\/wp-content\/uploads\/2020\/07\/IMG_0788-1024x768.jpeg 1024w, https:\/\/www.intellectualsovereignty.ch\/wp-content\/uploads\/2020\/07\/IMG_0788-300x225.jpeg 300w, https:\/\/www.intellectualsovereignty.ch\/wp-content\/uploads\/2020\/07\/IMG_0788-768x576.jpeg 768w, https:\/\/www.intellectualsovereignty.ch\/wp-content\/uploads\/2020\/07\/IMG_0788-1536x1152.jpeg 1536w, https:\/\/www.intellectualsovereignty.ch\/wp-content\/uploads\/2020\/07\/IMG_0788-2048x1536.jpeg 2048w, https:\/\/www.intellectualsovereignty.ch\/wp-content\/uploads\/2020\/07\/IMG_0788-1870x1403.jpeg 1870w, https:\/\/www.intellectualsovereignty.ch\/wp-content\/uploads\/2020\/07\/IMG_0788-400x300.jpeg 400w, https:\/\/www.intellectualsovereignty.ch\/wp-content\/uploads\/2020\/07\/IMG_0788-800x600.jpeg 800w\" sizes=\"auto, (max-width: 1024px) 100vw, 1024px\" \/><\/figure><\/li><li class=\"blocks-gallery-item\"><figure><img loading=\"lazy\" decoding=\"async\" width=\"768\" height=\"1024\" data-attachment-id=\"884\" data-permalink=\"https:\/\/www.intellectualsovereignty.ch\/index.php\/2020\/07\/26\/hike-31-gurnigel-leiterepass-oberstockesee-chrindi\/img_0789\/\" data-orig-file=\"https:\/\/www.intellectualsovereignty.ch\/wp-content\/uploads\/2020\/07\/IMG_0789-scaled.jpeg\" data-orig-size=\"1920,2560\" data-comments-opened=\"0\" data-image-title=\"IMG_0789\" data-image-description=\"\" data-image-caption=\"\" data-large-file=\"https:\/\/www.intellectualsovereignty.ch\/wp-content\/uploads\/2020\/07\/IMG_0789-768x1024.jpeg\" src=\"https:\/\/www.intellectualsovereignty.ch\/wp-content\/uploads\/2020\/07\/IMG_0789-768x1024.jpeg\" alt=\"\" data-id=\"884\" data-full-url=\"https:\/\/www.intellectualsovereignty.ch\/wp-content\/uploads\/2020\/07\/IMG_0789-scaled.jpeg\" data-link=\"https:\/\/www.intellectualsovereignty.ch\/?attachment_id=884\" class=\"wp-image-884\" srcset=\"https:\/\/www.intellectualsovereignty.ch\/wp-content\/uploads\/2020\/07\/IMG_0789-768x1024.jpeg 768w, https:\/\/www.intellectualsovereignty.ch\/wp-content\/uploads\/2020\/07\/IMG_0789-225x300.jpeg 225w, https:\/\/www.intellectualsovereignty.ch\/wp-content\/uploads\/2020\/07\/IMG_0789-1152x1536.jpeg 1152w, https:\/\/www.intellectualsovereignty.ch\/wp-content\/uploads\/2020\/07\/IMG_0789-1536x2048.jpeg 1536w, https:\/\/www.intellectualsovereignty.ch\/wp-content\/uploads\/2020\/07\/IMG_0789-1870x2493.jpeg 1870w, https:\/\/www.intellectualsovereignty.ch\/wp-content\/uploads\/2020\/07\/IMG_0789-400x533.jpeg 400w, https:\/\/www.intellectualsovereignty.ch\/wp-content\/uploads\/2020\/07\/IMG_0789-800x1067.jpeg 800w, https:\/\/www.intellectualsovereignty.ch\/wp-content\/uploads\/2020\/07\/IMG_0789-scaled.jpeg 1920w\" sizes=\"auto, (max-width: 768px) 100vw, 768px\" \/><\/figure><\/li><li class=\"blocks-gallery-item\"><figure><img loading=\"lazy\" decoding=\"async\" width=\"1024\" height=\"229\" data-attachment-id=\"885\" data-permalink=\"https:\/\/www.intellectualsovereignty.ch\/index.php\/2020\/07\/26\/hike-31-gurnigel-leiterepass-oberstockesee-chrindi\/img_0790\/\" data-orig-file=\"https:\/\/www.intellectualsovereignty.ch\/wp-content\/uploads\/2020\/07\/IMG_0790-scaled.jpeg\" data-orig-size=\"2560,572\" data-comments-opened=\"0\" data-image-title=\"IMG_0790\" data-image-description=\"\" data-image-caption=\"\" data-large-file=\"https:\/\/www.intellectualsovereignty.ch\/wp-content\/uploads\/2020\/07\/IMG_0790-1024x229.jpeg\" src=\"https:\/\/www.intellectualsovereignty.ch\/wp-content\/uploads\/2020\/07\/IMG_0790-1024x229.jpeg\" alt=\"\" data-id=\"885\" data-full-url=\"https:\/\/www.intellectualsovereignty.ch\/wp-content\/uploads\/2020\/07\/IMG_0790-scaled.jpeg\" data-link=\"https:\/\/www.intellectualsovereignty.ch\/?attachment_id=885\" class=\"wp-image-885\" srcset=\"https:\/\/www.intellectualsovereignty.ch\/wp-content\/uploads\/2020\/07\/IMG_0790-1024x229.jpeg 1024w, https:\/\/www.intellectualsovereignty.ch\/wp-content\/uploads\/2020\/07\/IMG_0790-300x67.jpeg 300w, https:\/\/www.intellectualsovereignty.ch\/wp-content\/uploads\/2020\/07\/IMG_0790-768x172.jpeg 768w, https:\/\/www.intellectualsovereignty.ch\/wp-content\/uploads\/2020\/07\/IMG_0790-1536x343.jpeg 1536w, https:\/\/www.intellectualsovereignty.ch\/wp-content\/uploads\/2020\/07\/IMG_0790-2048x457.jpeg 2048w, https:\/\/www.intellectualsovereignty.ch\/wp-content\/uploads\/2020\/07\/IMG_0790-1870x418.jpeg 1870w, https:\/\/www.intellectualsovereignty.ch\/wp-content\/uploads\/2020\/07\/IMG_0790-400x89.jpeg 400w, https:\/\/www.intellectualsovereignty.ch\/wp-content\/uploads\/2020\/07\/IMG_0790-800x179.jpeg 800w\" sizes=\"auto, (max-width: 1024px) 100vw, 1024px\" \/><\/figure><\/li><li class=\"blocks-gallery-item\"><figure><img loading=\"lazy\" decoding=\"async\" width=\"768\" height=\"1024\" data-attachment-id=\"886\" data-permalink=\"https:\/\/www.intellectualsovereignty.ch\/index.php\/2020\/07\/26\/hike-31-gurnigel-leiterepass-oberstockesee-chrindi\/img_0792\/\" data-orig-file=\"https:\/\/www.intellectualsovereignty.ch\/wp-content\/uploads\/2020\/07\/IMG_0792-scaled.jpeg\" data-orig-size=\"1920,2560\" data-comments-opened=\"0\" data-image-title=\"IMG_0792\" data-image-description=\"\" data-image-caption=\"\" data-large-file=\"https:\/\/www.intellectualsovereignty.ch\/wp-content\/uploads\/2020\/07\/IMG_0792-768x1024.jpeg\" src=\"https:\/\/www.intellectualsovereignty.ch\/wp-content\/uploads\/2020\/07\/IMG_0792-768x1024.jpeg\" alt=\"\" data-id=\"886\" data-full-url=\"https:\/\/www.intellectualsovereignty.ch\/wp-content\/uploads\/2020\/07\/IMG_0792-scaled.jpeg\" data-link=\"https:\/\/www.intellectualsovereignty.ch\/?attachment_id=886\" class=\"wp-image-886\" srcset=\"https:\/\/www.intellectualsovereignty.ch\/wp-content\/uploads\/2020\/07\/IMG_0792-768x1024.jpeg 768w, https:\/\/www.intellectualsovereignty.ch\/wp-content\/uploads\/2020\/07\/IMG_0792-225x300.jpeg 225w, https:\/\/www.intellectualsovereignty.ch\/wp-content\/uploads\/2020\/07\/IMG_0792-1152x1536.jpeg 1152w, https:\/\/www.intellectualsovereignty.ch\/wp-content\/uploads\/2020\/07\/IMG_0792-1536x2048.jpeg 1536w, https:\/\/www.intellectualsovereignty.ch\/wp-content\/uploads\/2020\/07\/IMG_0792-1870x2493.jpeg 1870w, https:\/\/www.intellectualsovereignty.ch\/wp-content\/uploads\/2020\/07\/IMG_0792-400x533.jpeg 400w, https:\/\/www.intellectualsovereignty.ch\/wp-content\/uploads\/2020\/07\/IMG_0792-800x1067.jpeg 800w, https:\/\/www.intellectualsovereignty.ch\/wp-content\/uploads\/2020\/07\/IMG_0792-scaled.jpeg 1920w\" sizes=\"auto, (max-width: 768px) 100vw, 768px\" \/><\/figure><\/li><li class=\"blocks-gallery-item\"><figure><img loading=\"lazy\" decoding=\"async\" width=\"1024\" height=\"768\" data-attachment-id=\"887\" data-permalink=\"https:\/\/www.intellectualsovereignty.ch\/index.php\/2020\/07\/26\/hike-31-gurnigel-leiterepass-oberstockesee-chrindi\/img_0793\/\" data-orig-file=\"https:\/\/www.intellectualsovereignty.ch\/wp-content\/uploads\/2020\/07\/IMG_0793-scaled.jpeg\" data-orig-size=\"2560,1920\" data-comments-opened=\"0\" data-image-title=\"IMG_0793\" data-image-description=\"\" data-image-caption=\"\" data-large-file=\"https:\/\/www.intellectualsovereignty.ch\/wp-content\/uploads\/2020\/07\/IMG_0793-1024x768.jpeg\" src=\"https:\/\/www.intellectualsovereignty.ch\/wp-content\/uploads\/2020\/07\/IMG_0793-1024x768.jpeg\" alt=\"\" data-id=\"887\" data-full-url=\"https:\/\/www.intellectualsovereignty.ch\/wp-content\/uploads\/2020\/07\/IMG_0793-scaled.jpeg\" data-link=\"https:\/\/www.intellectualsovereignty.ch\/?attachment_id=887\" class=\"wp-image-887\" srcset=\"https:\/\/www.intellectualsovereignty.ch\/wp-content\/uploads\/2020\/07\/IMG_0793-1024x768.jpeg 1024w, https:\/\/www.intellectualsovereignty.ch\/wp-content\/uploads\/2020\/07\/IMG_0793-300x225.jpeg 300w, https:\/\/www.intellectualsovereignty.ch\/wp-content\/uploads\/2020\/07\/IMG_0793-768x576.jpeg 768w, https:\/\/www.intellectualsovereignty.ch\/wp-content\/uploads\/2020\/07\/IMG_0793-1536x1152.jpeg 1536w, https:\/\/www.intellectualsovereignty.ch\/wp-content\/uploads\/2020\/07\/IMG_0793-2048x1536.jpeg 2048w, https:\/\/www.intellectualsovereignty.ch\/wp-content\/uploads\/2020\/07\/IMG_0793-1870x1403.jpeg 1870w, https:\/\/www.intellectualsovereignty.ch\/wp-content\/uploads\/2020\/07\/IMG_0793-400x300.jpeg 400w, https:\/\/www.intellectualsovereignty.ch\/wp-content\/uploads\/2020\/07\/IMG_0793-800x600.jpeg 800w\" sizes=\"auto, (max-width: 1024px) 100vw, 1024px\" \/><\/figure><\/li><li class=\"blocks-gallery-item\"><figure><img loading=\"lazy\" decoding=\"async\" width=\"1024\" height=\"312\" data-attachment-id=\"888\" data-permalink=\"https:\/\/www.intellectualsovereignty.ch\/index.php\/2020\/07\/26\/hike-31-gurnigel-leiterepass-oberstockesee-chrindi\/img_0794\/\" data-orig-file=\"https:\/\/www.intellectualsovereignty.ch\/wp-content\/uploads\/2020\/07\/IMG_0794-scaled.jpeg\" data-orig-size=\"2560,780\" data-comments-opened=\"0\" data-image-title=\"IMG_0794\" data-image-description=\"\" data-image-caption=\"\" data-large-file=\"https:\/\/www.intellectualsovereignty.ch\/wp-content\/uploads\/2020\/07\/IMG_0794-1024x312.jpeg\" src=\"https:\/\/www.intellectualsovereignty.ch\/wp-content\/uploads\/2020\/07\/IMG_0794-1024x312.jpeg\" alt=\"\" data-id=\"888\" data-full-url=\"https:\/\/www.intellectualsovereignty.ch\/wp-content\/uploads\/2020\/07\/IMG_0794-scaled.jpeg\" data-link=\"https:\/\/www.intellectualsovereignty.ch\/?attachment_id=888\" class=\"wp-image-888\" srcset=\"https:\/\/www.intellectualsovereignty.ch\/wp-content\/uploads\/2020\/07\/IMG_0794-1024x312.jpeg 1024w, https:\/\/www.intellectualsovereignty.ch\/wp-content\/uploads\/2020\/07\/IMG_0794-300x91.jpeg 300w, https:\/\/www.intellectualsovereignty.ch\/wp-content\/uploads\/2020\/07\/IMG_0794-768x234.jpeg 768w, https:\/\/www.intellectualsovereignty.ch\/wp-content\/uploads\/2020\/07\/IMG_0794-1536x468.jpeg 1536w, https:\/\/www.intellectualsovereignty.ch\/wp-content\/uploads\/2020\/07\/IMG_0794-2048x624.jpeg 2048w, https:\/\/www.intellectualsovereignty.ch\/wp-content\/uploads\/2020\/07\/IMG_0794-1870x570.jpeg 1870w, https:\/\/www.intellectualsovereignty.ch\/wp-content\/uploads\/2020\/07\/IMG_0794-400x122.jpeg 400w, https:\/\/www.intellectualsovereignty.ch\/wp-content\/uploads\/2020\/07\/IMG_0794-800x244.jpeg 800w\" sizes=\"auto, (max-width: 1024px) 100vw, 1024px\" \/><\/figure><\/li><li class=\"blocks-gallery-item\"><figure><img loading=\"lazy\" decoding=\"async\" width=\"1024\" height=\"768\" data-attachment-id=\"889\" data-permalink=\"https:\/\/www.intellectualsovereignty.ch\/index.php\/2020\/07\/26\/hike-31-gurnigel-leiterepass-oberstockesee-chrindi\/img_0795\/\" data-orig-file=\"https:\/\/www.intellectualsovereignty.ch\/wp-content\/uploads\/2020\/07\/IMG_0795-scaled.jpeg\" data-orig-size=\"2560,1920\" data-comments-opened=\"0\" data-image-title=\"IMG_0795\" data-image-description=\"\" data-image-caption=\"\" data-large-file=\"https:\/\/www.intellectualsovereignty.ch\/wp-content\/uploads\/2020\/07\/IMG_0795-1024x768.jpeg\" src=\"https:\/\/www.intellectualsovereignty.ch\/wp-content\/uploads\/2020\/07\/IMG_0795-1024x768.jpeg\" alt=\"\" data-id=\"889\" data-full-url=\"https:\/\/www.intellectualsovereignty.ch\/wp-content\/uploads\/2020\/07\/IMG_0795-scaled.jpeg\" data-link=\"https:\/\/www.intellectualsovereignty.ch\/?attachment_id=889\" class=\"wp-image-889\" srcset=\"https:\/\/www.intellectualsovereignty.ch\/wp-content\/uploads\/2020\/07\/IMG_0795-1024x768.jpeg 1024w, https:\/\/www.intellectualsovereignty.ch\/wp-content\/uploads\/2020\/07\/IMG_0795-300x225.jpeg 300w, https:\/\/www.intellectualsovereignty.ch\/wp-content\/uploads\/2020\/07\/IMG_0795-768x576.jpeg 768w, https:\/\/www.intellectualsovereignty.ch\/wp-content\/uploads\/2020\/07\/IMG_0795-1536x1152.jpeg 1536w, https:\/\/www.intellectualsovereignty.ch\/wp-content\/uploads\/2020\/07\/IMG_0795-2048x1536.jpeg 2048w, https:\/\/www.intellectualsovereignty.ch\/wp-content\/uploads\/2020\/07\/IMG_0795-1870x1403.jpeg 1870w, https:\/\/www.intellectualsovereignty.ch\/wp-content\/uploads\/2020\/07\/IMG_0795-400x300.jpeg 400w, https:\/\/www.intellectualsovereignty.ch\/wp-content\/uploads\/2020\/07\/IMG_0795-800x600.jpeg 800w\" sizes=\"auto, (max-width: 1024px) 100vw, 1024px\" \/><\/figure><\/li><li class=\"blocks-gallery-item\"><figure><img loading=\"lazy\" decoding=\"async\" width=\"1024\" height=\"768\" data-attachment-id=\"890\" data-permalink=\"https:\/\/www.intellectualsovereignty.ch\/index.php\/2020\/07\/26\/hike-31-gurnigel-leiterepass-oberstockesee-chrindi\/img_0796\/\" data-orig-file=\"https:\/\/www.intellectualsovereignty.ch\/wp-content\/uploads\/2020\/07\/IMG_0796-scaled.jpeg\" data-orig-size=\"2560,1920\" data-comments-opened=\"0\" data-image-title=\"IMG_0796\" data-image-description=\"\" data-image-caption=\"\" data-large-file=\"https:\/\/www.intellectualsovereignty.ch\/wp-content\/uploads\/2020\/07\/IMG_0796-1024x768.jpeg\" src=\"https:\/\/www.intellectualsovereignty.ch\/wp-content\/uploads\/2020\/07\/IMG_0796-1024x768.jpeg\" alt=\"\" data-id=\"890\" data-full-url=\"https:\/\/www.intellectualsovereignty.ch\/wp-content\/uploads\/2020\/07\/IMG_0796-scaled.jpeg\" data-link=\"https:\/\/www.intellectualsovereignty.ch\/?attachment_id=890\" class=\"wp-image-890\" srcset=\"https:\/\/www.intellectualsovereignty.ch\/wp-content\/uploads\/2020\/07\/IMG_0796-1024x768.jpeg 1024w, https:\/\/www.intellectualsovereignty.ch\/wp-content\/uploads\/2020\/07\/IMG_0796-300x225.jpeg 300w, https:\/\/www.intellectualsovereignty.ch\/wp-content\/uploads\/2020\/07\/IMG_0796-768x576.jpeg 768w, https:\/\/www.intellectualsovereignty.ch\/wp-content\/uploads\/2020\/07\/IMG_0796-1536x1152.jpeg 1536w, https:\/\/www.intellectualsovereignty.ch\/wp-content\/uploads\/2020\/07\/IMG_0796-2048x1536.jpeg 2048w, https:\/\/www.intellectualsovereignty.ch\/wp-content\/uploads\/2020\/07\/IMG_0796-1870x1403.jpeg 1870w, https:\/\/www.intellectualsovereignty.ch\/wp-content\/uploads\/2020\/07\/IMG_0796-400x300.jpeg 400w, https:\/\/www.intellectualsovereignty.ch\/wp-content\/uploads\/2020\/07\/IMG_0796-800x600.jpeg 800w\" sizes=\"auto, (max-width: 1024px) 100vw, 1024px\" \/><\/figure><\/li><li class=\"blocks-gallery-item\"><figure><img loading=\"lazy\" decoding=\"async\" width=\"768\" height=\"1024\" data-attachment-id=\"891\" data-permalink=\"https:\/\/www.intellectualsovereignty.ch\/index.php\/2020\/07\/26\/hike-31-gurnigel-leiterepass-oberstockesee-chrindi\/img_0797\/\" data-orig-file=\"https:\/\/www.intellectualsovereignty.ch\/wp-content\/uploads\/2020\/07\/IMG_0797-scaled.jpeg\" data-orig-size=\"1920,2560\" data-comments-opened=\"0\" data-image-title=\"IMG_0797\" data-image-description=\"\" data-image-caption=\"\" data-large-file=\"https:\/\/www.intellectualsovereignty.ch\/wp-content\/uploads\/2020\/07\/IMG_0797-768x1024.jpeg\" src=\"https:\/\/www.intellectualsovereignty.ch\/wp-content\/uploads\/2020\/07\/IMG_0797-768x1024.jpeg\" alt=\"\" data-id=\"891\" data-full-url=\"https:\/\/www.intellectualsovereignty.ch\/wp-content\/uploads\/2020\/07\/IMG_0797-scaled.jpeg\" data-link=\"https:\/\/www.intellectualsovereignty.ch\/?attachment_id=891\" class=\"wp-image-891\" srcset=\"https:\/\/www.intellectualsovereignty.ch\/wp-content\/uploads\/2020\/07\/IMG_0797-768x1024.jpeg 768w, https:\/\/www.intellectualsovereignty.ch\/wp-content\/uploads\/2020\/07\/IMG_0797-225x300.jpeg 225w, https:\/\/www.intellectualsovereignty.ch\/wp-content\/uploads\/2020\/07\/IMG_0797-1152x1536.jpeg 1152w, https:\/\/www.intellectualsovereignty.ch\/wp-content\/uploads\/2020\/07\/IMG_0797-1536x2048.jpeg 1536w, https:\/\/www.intellectualsovereignty.ch\/wp-content\/uploads\/2020\/07\/IMG_0797-1870x2493.jpeg 1870w, https:\/\/www.intellectualsovereignty.ch\/wp-content\/uploads\/2020\/07\/IMG_0797-400x533.jpeg 400w, https:\/\/www.intellectualsovereignty.ch\/wp-content\/uploads\/2020\/07\/IMG_0797-800x1067.jpeg 800w, https:\/\/www.intellectualsovereignty.ch\/wp-content\/uploads\/2020\/07\/IMG_0797-scaled.jpeg 1920w\" sizes=\"auto, (max-width: 768px) 100vw, 768px\" \/><\/figure><\/li><li class=\"blocks-gallery-item\"><figure><img loading=\"lazy\" decoding=\"async\" width=\"768\" height=\"1024\" data-attachment-id=\"892\" data-permalink=\"https:\/\/www.intellectualsovereignty.ch\/index.php\/2020\/07\/26\/hike-31-gurnigel-leiterepass-oberstockesee-chrindi\/img_0798\/\" data-orig-file=\"https:\/\/www.intellectualsovereignty.ch\/wp-content\/uploads\/2020\/07\/IMG_0798-scaled.jpeg\" data-orig-size=\"1920,2560\" data-comments-opened=\"0\" data-image-title=\"IMG_0798\" data-image-description=\"\" data-image-caption=\"\" data-large-file=\"https:\/\/www.intellectualsovereignty.ch\/wp-content\/uploads\/2020\/07\/IMG_0798-768x1024.jpeg\" src=\"https:\/\/www.intellectualsovereignty.ch\/wp-content\/uploads\/2020\/07\/IMG_0798-768x1024.jpeg\" alt=\"\" data-id=\"892\" data-full-url=\"https:\/\/www.intellectualsovereignty.ch\/wp-content\/uploads\/2020\/07\/IMG_0798-scaled.jpeg\" data-link=\"https:\/\/www.intellectualsovereignty.ch\/?attachment_id=892\" class=\"wp-image-892\" srcset=\"https:\/\/www.intellectualsovereignty.ch\/wp-content\/uploads\/2020\/07\/IMG_0798-768x1024.jpeg 768w, https:\/\/www.intellectualsovereignty.ch\/wp-content\/uploads\/2020\/07\/IMG_0798-225x300.jpeg 225w, https:\/\/www.intellectualsovereignty.ch\/wp-content\/uploads\/2020\/07\/IMG_0798-1152x1536.jpeg 1152w, https:\/\/www.intellectualsovereignty.ch\/wp-content\/uploads\/2020\/07\/IMG_0798-1536x2048.jpeg 1536w, https:\/\/www.intellectualsovereignty.ch\/wp-content\/uploads\/2020\/07\/IMG_0798-1870x2493.jpeg 1870w, https:\/\/www.intellectualsovereignty.ch\/wp-content\/uploads\/2020\/07\/IMG_0798-400x533.jpeg 400w, https:\/\/www.intellectualsovereignty.ch\/wp-content\/uploads\/2020\/07\/IMG_0798-800x1067.jpeg 800w, https:\/\/www.intellectualsovereignty.ch\/wp-content\/uploads\/2020\/07\/IMG_0798-scaled.jpeg 1920w\" sizes=\"auto, (max-width: 768px) 100vw, 768px\" \/><\/figure><\/li><li class=\"blocks-gallery-item\"><figure><img loading=\"lazy\" decoding=\"async\" width=\"1024\" height=\"768\" data-attachment-id=\"893\" data-permalink=\"https:\/\/www.intellectualsovereignty.ch\/index.php\/2020\/07\/26\/hike-31-gurnigel-leiterepass-oberstockesee-chrindi\/img_0799\/\" data-orig-file=\"https:\/\/www.intellectualsovereignty.ch\/wp-content\/uploads\/2020\/07\/IMG_0799-scaled.jpeg\" data-orig-size=\"2560,1920\" data-comments-opened=\"0\" data-image-title=\"IMG_0799\" data-image-description=\"\" data-image-caption=\"\" data-large-file=\"https:\/\/www.intellectualsovereignty.ch\/wp-content\/uploads\/2020\/07\/IMG_0799-1024x768.jpeg\" src=\"https:\/\/www.intellectualsovereignty.ch\/wp-content\/uploads\/2020\/07\/IMG_0799-1024x768.jpeg\" alt=\"\" data-id=\"893\" data-full-url=\"https:\/\/www.intellectualsovereignty.ch\/wp-content\/uploads\/2020\/07\/IMG_0799-scaled.jpeg\" data-link=\"https:\/\/www.intellectualsovereignty.ch\/?attachment_id=893\" class=\"wp-image-893\" srcset=\"https:\/\/www.intellectualsovereignty.ch\/wp-content\/uploads\/2020\/07\/IMG_0799-1024x768.jpeg 1024w, https:\/\/www.intellectualsovereignty.ch\/wp-content\/uploads\/2020\/07\/IMG_0799-300x225.jpeg 300w, https:\/\/www.intellectualsovereignty.ch\/wp-content\/uploads\/2020\/07\/IMG_0799-768x576.jpeg 768w, https:\/\/www.intellectualsovereignty.ch\/wp-content\/uploads\/2020\/07\/IMG_0799-1536x1152.jpeg 1536w, https:\/\/www.intellectualsovereignty.ch\/wp-content\/uploads\/2020\/07\/IMG_0799-2048x1536.jpeg 2048w, https:\/\/www.intellectualsovereignty.ch\/wp-content\/uploads\/2020\/07\/IMG_0799-1870x1403.jpeg 1870w, https:\/\/www.intellectualsovereignty.ch\/wp-content\/uploads\/2020\/07\/IMG_0799-400x300.jpeg 400w, https:\/\/www.intellectualsovereignty.ch\/wp-content\/uploads\/2020\/07\/IMG_0799-800x600.jpeg 800w\" sizes=\"auto, (max-width: 1024px) 100vw, 1024px\" \/><\/figure><\/li><\/ul><\/figure>\n\n\n\n<p class=\"wp-block-paragraph\">Kurz vor dem letzten Aufstieg zum Stockhorn biegen wir rechts ab und folgen dem B\u00e4ttelw\u00e4gli zum Oberstockesee. Nach einer kleinen Tremola runter geht&#8217;s auch gleich wieder durch ein verwunschenes karstiges W\u00e4ldchen zum See hoch. Erstaunlicherweise begegnen wir auf diesem letzten Abschnitt absolut niemandem, erst am See sind ein paar vereinzelte Seelen. Von ihnen lasse ich mich nicht st\u00f6ren und g\u00f6nne mir eine Abk\u00fchlung. Hoffentlich sind die in den tieferen Wasserschichten lebenden &#8220;speziellen anaeroben Bakterien&#8221; nicht allzu speziell&#8230; \ud83d\ude42<\/p>\n\n\n\n<figure class=\"wp-block-gallery columns-3 is-cropped wp-block-gallery-3 is-layout-flex wp-block-gallery-is-layout-flex\"><ul class=\"blocks-gallery-grid\"><li class=\"blocks-gallery-item\"><figure><img loading=\"lazy\" decoding=\"async\" width=\"1024\" height=\"768\" data-attachment-id=\"894\" data-permalink=\"https:\/\/www.intellectualsovereignty.ch\/index.php\/2020\/07\/26\/hike-31-gurnigel-leiterepass-oberstockesee-chrindi\/img_0800\/\" data-orig-file=\"https:\/\/www.intellectualsovereignty.ch\/wp-content\/uploads\/2020\/07\/IMG_0800-scaled.jpeg\" data-orig-size=\"2560,1920\" data-comments-opened=\"0\" data-image-title=\"IMG_0800\" data-image-description=\"\" data-image-caption=\"\" data-large-file=\"https:\/\/www.intellectualsovereignty.ch\/wp-content\/uploads\/2020\/07\/IMG_0800-1024x768.jpeg\" src=\"https:\/\/www.intellectualsovereignty.ch\/wp-content\/uploads\/2020\/07\/IMG_0800-1024x768.jpeg\" alt=\"\" data-id=\"894\" data-full-url=\"https:\/\/www.intellectualsovereignty.ch\/wp-content\/uploads\/2020\/07\/IMG_0800-scaled.jpeg\" data-link=\"https:\/\/www.intellectualsovereignty.ch\/?attachment_id=894\" class=\"wp-image-894\" srcset=\"https:\/\/www.intellectualsovereignty.ch\/wp-content\/uploads\/2020\/07\/IMG_0800-1024x768.jpeg 1024w, https:\/\/www.intellectualsovereignty.ch\/wp-content\/uploads\/2020\/07\/IMG_0800-300x225.jpeg 300w, https:\/\/www.intellectualsovereignty.ch\/wp-content\/uploads\/2020\/07\/IMG_0800-768x576.jpeg 768w, https:\/\/www.intellectualsovereignty.ch\/wp-content\/uploads\/2020\/07\/IMG_0800-1536x1152.jpeg 1536w, https:\/\/www.intellectualsovereignty.ch\/wp-content\/uploads\/2020\/07\/IMG_0800-2048x1536.jpeg 2048w, https:\/\/www.intellectualsovereignty.ch\/wp-content\/uploads\/2020\/07\/IMG_0800-1870x1403.jpeg 1870w, https:\/\/www.intellectualsovereignty.ch\/wp-content\/uploads\/2020\/07\/IMG_0800-400x300.jpeg 400w, https:\/\/www.intellectualsovereignty.ch\/wp-content\/uploads\/2020\/07\/IMG_0800-800x600.jpeg 800w\" sizes=\"auto, (max-width: 1024px) 100vw, 1024px\" \/><\/figure><\/li><li class=\"blocks-gallery-item\"><figure><img loading=\"lazy\" decoding=\"async\" width=\"1119\" height=\"2560\" data-attachment-id=\"895\" data-permalink=\"https:\/\/www.intellectualsovereignty.ch\/index.php\/2020\/07\/26\/hike-31-gurnigel-leiterepass-oberstockesee-chrindi\/img_0801\/\" data-orig-file=\"https:\/\/www.intellectualsovereignty.ch\/wp-content\/uploads\/2020\/07\/IMG_0801-scaled.jpeg\" data-orig-size=\"1119,2560\" data-comments-opened=\"0\" data-image-title=\"IMG_0801\" data-image-description=\"\" data-image-caption=\"\" data-large-file=\"https:\/\/www.intellectualsovereignty.ch\/wp-content\/uploads\/2020\/07\/IMG_0801-448x1024.jpeg\" src=\"https:\/\/i0.wp.com\/www.intellectualsovereignty.ch\/wp-content\/uploads\/2020\/07\/IMG_0801-scaled.jpeg?fit=448%2C1024&amp;ssl=1\" alt=\"\" data-id=\"895\" data-full-url=\"https:\/\/i0.wp.com\/www.intellectualsovereignty.ch\/wp-content\/uploads\/2020\/07\/IMG_0801-scaled.jpeg?fit=1119%2C2560&amp;ssl=1\" data-link=\"https:\/\/www.intellectualsovereignty.ch\/?attachment_id=895\" class=\"wp-image-895\" srcset=\"https:\/\/www.intellectualsovereignty.ch\/wp-content\/uploads\/2020\/07\/IMG_0801-scaled.jpeg 1119w, https:\/\/www.intellectualsovereignty.ch\/wp-content\/uploads\/2020\/07\/IMG_0801-131x300.jpeg 131w, https:\/\/www.intellectualsovereignty.ch\/wp-content\/uploads\/2020\/07\/IMG_0801-448x1024.jpeg 448w, https:\/\/www.intellectualsovereignty.ch\/wp-content\/uploads\/2020\/07\/IMG_0801-768x1757.jpeg 768w, https:\/\/www.intellectualsovereignty.ch\/wp-content\/uploads\/2020\/07\/IMG_0801-671x1536.jpeg 671w, https:\/\/www.intellectualsovereignty.ch\/wp-content\/uploads\/2020\/07\/IMG_0801-895x2048.jpeg 895w, https:\/\/www.intellectualsovereignty.ch\/wp-content\/uploads\/2020\/07\/IMG_0801-1870x4278.jpeg 1870w, https:\/\/www.intellectualsovereignty.ch\/wp-content\/uploads\/2020\/07\/IMG_0801-400x915.jpeg 400w, https:\/\/www.intellectualsovereignty.ch\/wp-content\/uploads\/2020\/07\/IMG_0801-800x1830.jpeg 800w\" sizes=\"auto, (max-width: 1119px) 100vw, 1119px\" \/><\/figure><\/li><li class=\"blocks-gallery-item\"><figure><img loading=\"lazy\" decoding=\"async\" width=\"768\" height=\"1024\" data-attachment-id=\"896\" data-permalink=\"https:\/\/www.intellectualsovereignty.ch\/index.php\/2020\/07\/26\/hike-31-gurnigel-leiterepass-oberstockesee-chrindi\/img_0802\/\" data-orig-file=\"https:\/\/www.intellectualsovereignty.ch\/wp-content\/uploads\/2020\/07\/IMG_0802-scaled.jpeg\" data-orig-size=\"1920,2560\" data-comments-opened=\"0\" data-image-title=\"IMG_0802\" data-image-description=\"\" data-image-caption=\"\" data-large-file=\"https:\/\/www.intellectualsovereignty.ch\/wp-content\/uploads\/2020\/07\/IMG_0802-768x1024.jpeg\" src=\"https:\/\/www.intellectualsovereignty.ch\/wp-content\/uploads\/2020\/07\/IMG_0802-768x1024.jpeg\" alt=\"\" data-id=\"896\" data-full-url=\"https:\/\/www.intellectualsovereignty.ch\/wp-content\/uploads\/2020\/07\/IMG_0802-scaled.jpeg\" data-link=\"https:\/\/www.intellectualsovereignty.ch\/?attachment_id=896\" class=\"wp-image-896\" srcset=\"https:\/\/www.intellectualsovereignty.ch\/wp-content\/uploads\/2020\/07\/IMG_0802-768x1024.jpeg 768w, https:\/\/www.intellectualsovereignty.ch\/wp-content\/uploads\/2020\/07\/IMG_0802-225x300.jpeg 225w, https:\/\/www.intellectualsovereignty.ch\/wp-content\/uploads\/2020\/07\/IMG_0802-1152x1536.jpeg 1152w, https:\/\/www.intellectualsovereignty.ch\/wp-content\/uploads\/2020\/07\/IMG_0802-1536x2048.jpeg 1536w, https:\/\/www.intellectualsovereignty.ch\/wp-content\/uploads\/2020\/07\/IMG_0802-1870x2493.jpeg 1870w, https:\/\/www.intellectualsovereignty.ch\/wp-content\/uploads\/2020\/07\/IMG_0802-400x533.jpeg 400w, https:\/\/www.intellectualsovereignty.ch\/wp-content\/uploads\/2020\/07\/IMG_0802-800x1067.jpeg 800w, https:\/\/www.intellectualsovereignty.ch\/wp-content\/uploads\/2020\/07\/IMG_0802-scaled.jpeg 1920w\" sizes=\"auto, (max-width: 768px) 100vw, 768px\" \/><\/figure><\/li><li class=\"blocks-gallery-item\"><figure><img loading=\"lazy\" decoding=\"async\" width=\"768\" height=\"1024\" data-attachment-id=\"897\" data-permalink=\"https:\/\/www.intellectualsovereignty.ch\/index.php\/2020\/07\/26\/hike-31-gurnigel-leiterepass-oberstockesee-chrindi\/img_0803\/\" data-orig-file=\"https:\/\/www.intellectualsovereignty.ch\/wp-content\/uploads\/2020\/07\/IMG_0803-scaled.jpeg\" data-orig-size=\"1920,2560\" data-comments-opened=\"0\" data-image-title=\"IMG_0803\" data-image-description=\"\" data-image-caption=\"\" data-large-file=\"https:\/\/www.intellectualsovereignty.ch\/wp-content\/uploads\/2020\/07\/IMG_0803-768x1024.jpeg\" src=\"https:\/\/www.intellectualsovereignty.ch\/wp-content\/uploads\/2020\/07\/IMG_0803-768x1024.jpeg\" alt=\"\" data-id=\"897\" data-full-url=\"https:\/\/www.intellectualsovereignty.ch\/wp-content\/uploads\/2020\/07\/IMG_0803-scaled.jpeg\" data-link=\"https:\/\/www.intellectualsovereignty.ch\/?attachment_id=897\" class=\"wp-image-897\" srcset=\"https:\/\/www.intellectualsovereignty.ch\/wp-content\/uploads\/2020\/07\/IMG_0803-768x1024.jpeg 768w, https:\/\/www.intellectualsovereignty.ch\/wp-content\/uploads\/2020\/07\/IMG_0803-225x300.jpeg 225w, https:\/\/www.intellectualsovereignty.ch\/wp-content\/uploads\/2020\/07\/IMG_0803-1152x1536.jpeg 1152w, https:\/\/www.intellectualsovereignty.ch\/wp-content\/uploads\/2020\/07\/IMG_0803-1536x2048.jpeg 1536w, https:\/\/www.intellectualsovereignty.ch\/wp-content\/uploads\/2020\/07\/IMG_0803-1870x2493.jpeg 1870w, https:\/\/www.intellectualsovereignty.ch\/wp-content\/uploads\/2020\/07\/IMG_0803-400x533.jpeg 400w, https:\/\/www.intellectualsovereignty.ch\/wp-content\/uploads\/2020\/07\/IMG_0803-800x1067.jpeg 800w, https:\/\/www.intellectualsovereignty.ch\/wp-content\/uploads\/2020\/07\/IMG_0803-scaled.jpeg 1920w\" sizes=\"auto, (max-width: 768px) 100vw, 768px\" \/><\/figure><\/li><li class=\"blocks-gallery-item\"><figure><img loading=\"lazy\" decoding=\"async\" width=\"1024\" height=\"768\" data-attachment-id=\"898\" data-permalink=\"https:\/\/www.intellectualsovereignty.ch\/index.php\/2020\/07\/26\/hike-31-gurnigel-leiterepass-oberstockesee-chrindi\/img_0804\/\" data-orig-file=\"https:\/\/www.intellectualsovereignty.ch\/wp-content\/uploads\/2020\/07\/IMG_0804-scaled.jpeg\" data-orig-size=\"2560,1920\" data-comments-opened=\"0\" data-image-title=\"IMG_0804\" data-image-description=\"\" data-image-caption=\"\" data-large-file=\"https:\/\/www.intellectualsovereignty.ch\/wp-content\/uploads\/2020\/07\/IMG_0804-1024x768.jpeg\" src=\"https:\/\/www.intellectualsovereignty.ch\/wp-content\/uploads\/2020\/07\/IMG_0804-1024x768.jpeg\" alt=\"\" data-id=\"898\" data-full-url=\"https:\/\/www.intellectualsovereignty.ch\/wp-content\/uploads\/2020\/07\/IMG_0804-scaled.jpeg\" data-link=\"https:\/\/www.intellectualsovereignty.ch\/?attachment_id=898\" class=\"wp-image-898\" srcset=\"https:\/\/www.intellectualsovereignty.ch\/wp-content\/uploads\/2020\/07\/IMG_0804-1024x768.jpeg 1024w, https:\/\/www.intellectualsovereignty.ch\/wp-content\/uploads\/2020\/07\/IMG_0804-300x225.jpeg 300w, https:\/\/www.intellectualsovereignty.ch\/wp-content\/uploads\/2020\/07\/IMG_0804-768x576.jpeg 768w, https:\/\/www.intellectualsovereignty.ch\/wp-content\/uploads\/2020\/07\/IMG_0804-1536x1152.jpeg 1536w, https:\/\/www.intellectualsovereignty.ch\/wp-content\/uploads\/2020\/07\/IMG_0804-2048x1536.jpeg 2048w, https:\/\/www.intellectualsovereignty.ch\/wp-content\/uploads\/2020\/07\/IMG_0804-1870x1403.jpeg 1870w, https:\/\/www.intellectualsovereignty.ch\/wp-content\/uploads\/2020\/07\/IMG_0804-400x300.jpeg 400w, https:\/\/www.intellectualsovereignty.ch\/wp-content\/uploads\/2020\/07\/IMG_0804-800x600.jpeg 800w\" sizes=\"auto, (max-width: 1024px) 100vw, 1024px\" \/><\/figure><\/li><li class=\"blocks-gallery-item\"><figure><img loading=\"lazy\" decoding=\"async\" width=\"1024\" height=\"512\" data-attachment-id=\"899\" data-permalink=\"https:\/\/www.intellectualsovereignty.ch\/index.php\/2020\/07\/26\/hike-31-gurnigel-leiterepass-oberstockesee-chrindi\/img_0805\/\" data-orig-file=\"https:\/\/www.intellectualsovereignty.ch\/wp-content\/uploads\/2020\/07\/IMG_0805-scaled.jpeg\" data-orig-size=\"2560,1279\" data-comments-opened=\"0\" data-image-title=\"IMG_0805\" data-image-description=\"\" data-image-caption=\"\" data-large-file=\"https:\/\/www.intellectualsovereignty.ch\/wp-content\/uploads\/2020\/07\/IMG_0805-1024x512.jpeg\" src=\"https:\/\/www.intellectualsovereignty.ch\/wp-content\/uploads\/2020\/07\/IMG_0805-1024x512.jpeg\" alt=\"\" data-id=\"899\" data-full-url=\"https:\/\/www.intellectualsovereignty.ch\/wp-content\/uploads\/2020\/07\/IMG_0805-scaled.jpeg\" data-link=\"https:\/\/www.intellectualsovereignty.ch\/?attachment_id=899\" class=\"wp-image-899\" srcset=\"https:\/\/www.intellectualsovereignty.ch\/wp-content\/uploads\/2020\/07\/IMG_0805-1024x512.jpeg 1024w, https:\/\/www.intellectualsovereignty.ch\/wp-content\/uploads\/2020\/07\/IMG_0805-300x150.jpeg 300w, https:\/\/www.intellectualsovereignty.ch\/wp-content\/uploads\/2020\/07\/IMG_0805-768x384.jpeg 768w, https:\/\/www.intellectualsovereignty.ch\/wp-content\/uploads\/2020\/07\/IMG_0805-1536x768.jpeg 1536w, https:\/\/www.intellectualsovereignty.ch\/wp-content\/uploads\/2020\/07\/IMG_0805-2048x1023.jpeg 2048w, https:\/\/www.intellectualsovereignty.ch\/wp-content\/uploads\/2020\/07\/IMG_0805-1870x935.jpeg 1870w, https:\/\/www.intellectualsovereignty.ch\/wp-content\/uploads\/2020\/07\/IMG_0805-400x200.jpeg 400w, https:\/\/www.intellectualsovereignty.ch\/wp-content\/uploads\/2020\/07\/IMG_0805-800x400.jpeg 800w\" sizes=\"auto, (max-width: 1024px) 100vw, 1024px\" \/><\/figure><\/li><li class=\"blocks-gallery-item\"><figure><img loading=\"lazy\" decoding=\"async\" width=\"768\" height=\"1024\" data-attachment-id=\"900\" data-permalink=\"https:\/\/www.intellectualsovereignty.ch\/index.php\/2020\/07\/26\/hike-31-gurnigel-leiterepass-oberstockesee-chrindi\/img_0806\/\" data-orig-file=\"https:\/\/www.intellectualsovereignty.ch\/wp-content\/uploads\/2020\/07\/IMG_0806-scaled.jpeg\" data-orig-size=\"1920,2560\" data-comments-opened=\"0\" data-image-title=\"IMG_0806\" data-image-description=\"\" data-image-caption=\"\" data-large-file=\"https:\/\/www.intellectualsovereignty.ch\/wp-content\/uploads\/2020\/07\/IMG_0806-768x1024.jpeg\" src=\"https:\/\/www.intellectualsovereignty.ch\/wp-content\/uploads\/2020\/07\/IMG_0806-768x1024.jpeg\" alt=\"\" data-id=\"900\" data-full-url=\"https:\/\/www.intellectualsovereignty.ch\/wp-content\/uploads\/2020\/07\/IMG_0806-scaled.jpeg\" data-link=\"https:\/\/www.intellectualsovereignty.ch\/?attachment_id=900\" class=\"wp-image-900\" srcset=\"https:\/\/www.intellectualsovereignty.ch\/wp-content\/uploads\/2020\/07\/IMG_0806-768x1024.jpeg 768w, https:\/\/www.intellectualsovereignty.ch\/wp-content\/uploads\/2020\/07\/IMG_0806-225x300.jpeg 225w, https:\/\/www.intellectualsovereignty.ch\/wp-content\/uploads\/2020\/07\/IMG_0806-1152x1536.jpeg 1152w, https:\/\/www.intellectualsovereignty.ch\/wp-content\/uploads\/2020\/07\/IMG_0806-1536x2048.jpeg 1536w, https:\/\/www.intellectualsovereignty.ch\/wp-content\/uploads\/2020\/07\/IMG_0806-1870x2493.jpeg 1870w, https:\/\/www.intellectualsovereignty.ch\/wp-content\/uploads\/2020\/07\/IMG_0806-400x533.jpeg 400w, https:\/\/www.intellectualsovereignty.ch\/wp-content\/uploads\/2020\/07\/IMG_0806-800x1067.jpeg 800w, https:\/\/www.intellectualsovereignty.ch\/wp-content\/uploads\/2020\/07\/IMG_0806-scaled.jpeg 1920w\" sizes=\"auto, (max-width: 768px) 100vw, 768px\" \/><\/figure><\/li><li class=\"blocks-gallery-item\"><figure><img loading=\"lazy\" decoding=\"async\" width=\"1024\" height=\"768\" data-attachment-id=\"901\" data-permalink=\"https:\/\/www.intellectualsovereignty.ch\/index.php\/2020\/07\/26\/hike-31-gurnigel-leiterepass-oberstockesee-chrindi\/img_0807\/\" data-orig-file=\"https:\/\/www.intellectualsovereignty.ch\/wp-content\/uploads\/2020\/07\/IMG_0807-scaled.jpeg\" data-orig-size=\"2560,1920\" data-comments-opened=\"0\" data-image-title=\"IMG_0807\" data-image-description=\"\" data-image-caption=\"\" data-large-file=\"https:\/\/www.intellectualsovereignty.ch\/wp-content\/uploads\/2020\/07\/IMG_0807-1024x768.jpeg\" src=\"https:\/\/www.intellectualsovereignty.ch\/wp-content\/uploads\/2020\/07\/IMG_0807-1024x768.jpeg\" alt=\"\" data-id=\"901\" data-full-url=\"https:\/\/www.intellectualsovereignty.ch\/wp-content\/uploads\/2020\/07\/IMG_0807-scaled.jpeg\" data-link=\"https:\/\/www.intellectualsovereignty.ch\/?attachment_id=901\" class=\"wp-image-901\" srcset=\"https:\/\/www.intellectualsovereignty.ch\/wp-content\/uploads\/2020\/07\/IMG_0807-1024x768.jpeg 1024w, https:\/\/www.intellectualsovereignty.ch\/wp-content\/uploads\/2020\/07\/IMG_0807-300x225.jpeg 300w, https:\/\/www.intellectualsovereignty.ch\/wp-content\/uploads\/2020\/07\/IMG_0807-768x576.jpeg 768w, https:\/\/www.intellectualsovereignty.ch\/wp-content\/uploads\/2020\/07\/IMG_0807-1536x1152.jpeg 1536w, https:\/\/www.intellectualsovereignty.ch\/wp-content\/uploads\/2020\/07\/IMG_0807-2048x1536.jpeg 2048w, https:\/\/www.intellectualsovereignty.ch\/wp-content\/uploads\/2020\/07\/IMG_0807-1870x1403.jpeg 1870w, https:\/\/www.intellectualsovereignty.ch\/wp-content\/uploads\/2020\/07\/IMG_0807-400x300.jpeg 400w, https:\/\/www.intellectualsovereignty.ch\/wp-content\/uploads\/2020\/07\/IMG_0807-800x600.jpeg 800w\" sizes=\"auto, (max-width: 1024px) 100vw, 1024px\" \/><\/figure><\/li><li class=\"blocks-gallery-item\"><figure><img loading=\"lazy\" decoding=\"async\" width=\"1024\" height=\"768\" data-attachment-id=\"902\" data-permalink=\"https:\/\/www.intellectualsovereignty.ch\/index.php\/2020\/07\/26\/hike-31-gurnigel-leiterepass-oberstockesee-chrindi\/img_0808\/\" data-orig-file=\"https:\/\/www.intellectualsovereignty.ch\/wp-content\/uploads\/2020\/07\/IMG_0808-scaled.jpeg\" data-orig-size=\"2560,1920\" data-comments-opened=\"0\" data-image-title=\"IMG_0808\" data-image-description=\"\" data-image-caption=\"\" data-large-file=\"https:\/\/www.intellectualsovereignty.ch\/wp-content\/uploads\/2020\/07\/IMG_0808-1024x768.jpeg\" src=\"https:\/\/www.intellectualsovereignty.ch\/wp-content\/uploads\/2020\/07\/IMG_0808-1024x768.jpeg\" alt=\"\" data-id=\"902\" data-full-url=\"https:\/\/www.intellectualsovereignty.ch\/wp-content\/uploads\/2020\/07\/IMG_0808-scaled.jpeg\" data-link=\"https:\/\/www.intellectualsovereignty.ch\/?attachment_id=902\" class=\"wp-image-902\" srcset=\"https:\/\/www.intellectualsovereignty.ch\/wp-content\/uploads\/2020\/07\/IMG_0808-1024x768.jpeg 1024w, https:\/\/www.intellectualsovereignty.ch\/wp-content\/uploads\/2020\/07\/IMG_0808-300x225.jpeg 300w, https:\/\/www.intellectualsovereignty.ch\/wp-content\/uploads\/2020\/07\/IMG_0808-768x576.jpeg 768w, https:\/\/www.intellectualsovereignty.ch\/wp-content\/uploads\/2020\/07\/IMG_0808-1536x1152.jpeg 1536w, https:\/\/www.intellectualsovereignty.ch\/wp-content\/uploads\/2020\/07\/IMG_0808-2048x1536.jpeg 2048w, https:\/\/www.intellectualsovereignty.ch\/wp-content\/uploads\/2020\/07\/IMG_0808-1870x1403.jpeg 1870w, https:\/\/www.intellectualsovereignty.ch\/wp-content\/uploads\/2020\/07\/IMG_0808-400x300.jpeg 400w, https:\/\/www.intellectualsovereignty.ch\/wp-content\/uploads\/2020\/07\/IMG_0808-800x600.jpeg 800w\" sizes=\"auto, (max-width: 1024px) 100vw, 1024px\" \/><\/figure><\/li><li class=\"blocks-gallery-item\"><figure><img loading=\"lazy\" decoding=\"async\" width=\"768\" height=\"1024\" data-attachment-id=\"903\" data-permalink=\"https:\/\/www.intellectualsovereignty.ch\/index.php\/2020\/07\/26\/hike-31-gurnigel-leiterepass-oberstockesee-chrindi\/img_0811\/\" data-orig-file=\"https:\/\/www.intellectualsovereignty.ch\/wp-content\/uploads\/2020\/07\/IMG_0811-scaled.jpeg\" data-orig-size=\"1920,2560\" data-comments-opened=\"0\" data-image-title=\"IMG_0811\" data-image-description=\"\" data-image-caption=\"\" data-large-file=\"https:\/\/www.intellectualsovereignty.ch\/wp-content\/uploads\/2020\/07\/IMG_0811-768x1024.jpeg\" src=\"https:\/\/www.intellectualsovereignty.ch\/wp-content\/uploads\/2020\/07\/IMG_0811-768x1024.jpeg\" alt=\"\" data-id=\"903\" data-full-url=\"https:\/\/www.intellectualsovereignty.ch\/wp-content\/uploads\/2020\/07\/IMG_0811-scaled.jpeg\" data-link=\"https:\/\/www.intellectualsovereignty.ch\/?attachment_id=903\" class=\"wp-image-903\" srcset=\"https:\/\/www.intellectualsovereignty.ch\/wp-content\/uploads\/2020\/07\/IMG_0811-768x1024.jpeg 768w, https:\/\/www.intellectualsovereignty.ch\/wp-content\/uploads\/2020\/07\/IMG_0811-225x300.jpeg 225w, https:\/\/www.intellectualsovereignty.ch\/wp-content\/uploads\/2020\/07\/IMG_0811-1152x1536.jpeg 1152w, https:\/\/www.intellectualsovereignty.ch\/wp-content\/uploads\/2020\/07\/IMG_0811-1536x2048.jpeg 1536w, https:\/\/www.intellectualsovereignty.ch\/wp-content\/uploads\/2020\/07\/IMG_0811-1870x2493.jpeg 1870w, https:\/\/www.intellectualsovereignty.ch\/wp-content\/uploads\/2020\/07\/IMG_0811-400x533.jpeg 400w, https:\/\/www.intellectualsovereignty.ch\/wp-content\/uploads\/2020\/07\/IMG_0811-800x1067.jpeg 800w, https:\/\/www.intellectualsovereignty.ch\/wp-content\/uploads\/2020\/07\/IMG_0811-scaled.jpeg 1920w\" sizes=\"auto, (max-width: 768px) 100vw, 768px\" \/><\/figure><\/li><\/ul><\/figure>\n\n\n\n<p class=\"wp-block-paragraph\"> Schliesslich geht&#8217;s runter zum Hinderstockesee, wo wir ab Chrindi die Gondel f\u00fcr runter nehmen. Ein sch\u00f6ner und empfehlenswerter Hike mit coolem Panorama! <\/p>\n\n\n\n<hr class=\"wp-block-separator\"\/>\n\n\n\n<p class=\"wp-block-paragraph\">Distanz: 15km<br>H\u00f6henmeter: 767m<br>Marschzeit: 4h40<br>GPS-Route:&nbsp;<a rel=\"noreferrer noopener\" href=\"https:\/\/map.schweizmobil.ch\/?lang=de&amp;land=wanderland&amp;route=all&amp;photos=yes&amp;logo=yes&amp;season=summer&amp;bgLayer=pk&amp;resolution=7.75&amp;E=2604087&amp;N=1172623&amp;layers=Wanderland&amp;trackId=7557420\" target=\"_blank\">SchweizMobil<\/a><br>Beschrieb: <a rel=\"noreferrer noopener\" href=\"https:\/\/www.schweizmobil.ch\/de\/wanderland\/routen\/route-0324.html\" target=\"_blank\">Stockhorn-Panoramaweg<\/a> (letzter kurzer Abschnitt am Hinderstockesee)<\/p>\n\n\n[sgpx gpx=\/wp-content\/uploads\/gpx\/20200726_gurnigelleiterepassoberstockeseechrindi.gpx ]\n","protected":false},"excerpt":{"rendered":"<p>Eigentlich wollten Bea und ich heute Sonntag von Lenk \u00fcber die Iffigenalp zum Louwenensee laufen, doch wir hatten da eine leichte Vorahnung bez\u00fcglich Corona-Wandertourismus. Darum haben wir uns kurzerhand umentschieden f\u00fcr eine Route, die vermutlich weniger Wanderer anzieht, und damit lagen wir voll richtig! Zu fr\u00fcher Stund mit Zug und Poschi zur Gurnigel-Wasserscheide und schwupps [&hellip;]<\/p>\n","protected":false},"author":1,"featured_media":905,"comment_status":"open","ping_status":"open","sticky":false,"template":"","format":"standard","meta":{"_jetpack_newsletter_access":"","_jetpack_dont_email_post_to_subs":false,"_jetpack_newsletter_tier_id":0,"_jetpack_memberships_contains_paywalled_content":false,"_spotmap_latitude":"","_spotmap_longitude":"","_jetpack_feature_clip_id":0,"_jetpack_memberships_contains_paid_content":false,"footnotes":"","jetpack_post_was_ever_published":false},"categories":[3],"tags":[],"class_list":["post-868","post","type-post","status-publish","format-standard","has-post-thumbnail","hentry","category-hiking","has-thumbnail"],"jetpack_shortlink":"https:\/\/wp.me\/p9IwFN-e0","jetpack_likes_enabled":false,"jetpack_sharing_enabled":true,"jetpack_featured_media_url":"https:\/\/www.intellectualsovereignty.ch\/wp-content\/uploads\/2020\/07\/IMG_0786_cropped-scaled.jpeg","_links":{"self":[{"href":"https:\/\/www.intellectualsovereignty.ch\/index.php\/wp-json\/wp\/v2\/posts\/868","targetHints":{"allow":["GET"]}}],"collection":[{"href":"https:\/\/www.intellectualsovereignty.ch\/index.php\/wp-json\/wp\/v2\/posts"}],"about":[{"href":"https:\/\/www.intellectualsovereignty.ch\/index.php\/wp-json\/wp\/v2\/types\/post"}],"author":[{"embeddable":true,"href":"https:\/\/www.intellectualsovereignty.ch\/index.php\/wp-json\/wp\/v2\/users\/1"}],"replies":[{"embeddable":true,"href":"https:\/\/www.intellectualsovereignty.ch\/index.php\/wp-json\/wp\/v2\/comments?post=868"}],"version-history":[{"count":2,"href":"https:\/\/www.intellectualsovereignty.ch\/index.php\/wp-json\/wp\/v2\/posts\/868\/revisions"}],"predecessor-version":[{"id":906,"href":"https:\/\/www.intellectualsovereignty.ch\/index.php\/wp-json\/wp\/v2\/posts\/868\/revisions\/906"}],"wp:featuredmedia":[{"embeddable":true,"href":"https:\/\/www.intellectualsovereignty.ch\/index.php\/wp-json\/wp\/v2\/media\/905"}],"wp:attachment":[{"href":"https:\/\/www.intellectualsovereignty.ch\/index.php\/wp-json\/wp\/v2\/media?parent=868"}],"wp:term":[{"taxonomy":"category","embeddable":true,"href":"https:\/\/www.intellectualsovereignty.ch\/index.php\/wp-json\/wp\/v2\/categories?post=868"},{"taxonomy":"post_tag","embeddable":true,"href":"https:\/\/www.intellectualsovereignty.ch\/index.php\/wp-json\/wp\/v2\/tags?post=868"}],"curies":[{"name":"wp","href":"https:\/\/api.w.org\/{rel}","templated":true}]}}