{"id":8163,"date":"2022-07-02T20:57:00","date_gmt":"2022-07-02T18:57:00","guid":{"rendered":"https:\/\/www.intellectualsovereignty.ch\/?p=8163"},"modified":"2024-12-22T15:10:04","modified_gmt":"2024-12-22T14:10:04","slug":"day71-spanish-peak-ridge-frog-mountain-ridge-km-2046-2096","status":"publish","type":"post","link":"https:\/\/www.intellectualsovereignty.ch\/index.php\/2022\/07\/02\/day71-spanish-peak-ridge-frog-mountain-ridge-km-2046-2096\/","title":{"rendered":"Day#71 \/ Spanish Peak Ridge &#8211; Frog Mountain Ridge (km 2046-2096)"},"content":{"rendered":"\n<p class=\"wp-block-paragraph\">Der heutige Tag liesse sich sehr einfach zusammenfassen: Zuerst geht\u2018s abw\u00e4rts, dann gibt\u2018s Mittagessen in Belden, weiter geht\u2018s hoch bis zum Frog Mountain, Nachtessen, fertig! Wer\u2018s gerne etwas detaillierter hat, liest weiter\u2026<\/p>\n\n\n\n<p class=\"wp-block-paragraph\">Starten tut mein einundsiebzigster Tag um kurz nach f\u00fcnf Uhr, und zwar mit einem wundersch\u00f6nen Sonnenaufgang (der auf den Fotos nicht mal ansatzweise so h\u00fcbsch r\u00fcberkommt wie live!). Ich habe mir vorgenommen, m\u00f6glichst fr\u00fch nach Belden zum Mittagessen einzukehren und dann m\u00f6glichst den ellenlangen Aufstieg hinter mich zu bringen, damit ich am Folgetag Sonntag eine Chance habe, nach Chester zu hitchen, am Vorabend des amerikanischen Nationalfeiertag, dem Independence Day. Also mache ich mich auf, das apokalyptisch verbrannte Waldst\u00fcck zu erreichen und dann raschm\u00f6glichst zu queren, schliesslich die rund 1100m H\u00f6hendifferenz nach Belden runter zu bodigen. Bis zum abgebrannten Waldst\u00fcck geniesse ich &#8211; von Moskitos verfolgt &#8211; die Fernsicht, Lassen Peak kommt immer n\u00e4her. Der Wechsel in das verbrannte Waldst\u00fcck ist heftig und vollkommen, es ist als w\u00fcrde ich an der Migros Kasse in einen Barcode eines beliebigen Produkts eintauchen, so stehen die verbrannten B\u00e4ume wie senkrechte Linien da. Ich komme wieder ins Gr\u00fcbeln und versuche die Herleitung meiner Erkenntnisse am Vortag festzuhalten, was gehend gar nicht so einfach ist. In Kurzfassung geht das ungef\u00e4hr so:<\/p>\n\n\n\n<p class=\"wp-block-paragraph\"><em>Dinge die uns n\u00e4hren, also lebensnotwendig sind, zu denen tragen wir Sorge, denn ohne sie gehen wir selber fr\u00fcher oder sp\u00e4ter wahrhaftig zu Grunde. Wer sich also um seine Lebensgrundlage sorgt, betreibt im weiteren Sinn Asset Management (dieser Gedankensprung war am Vortag ev. etwas gar heftig, sorry). Wer dem aller Ursprung, also der Natur R\u00fccksicht nimmt, ist naturverbunden. Wer dies bei seinem Tun und Lassen nicht einfliessen l\u00e4sst, ber\u00fccksichtigt nur einen Teil der relevanten Faktoren, ist also nicht nachhaltig unterwegs. W\u00fcrde dies daf\u00fcr sprechen, im Infrastrukturbereich mehr Biologen als Betriebswirte und Ingenieure in der Funktion Asset Manager einzustellen? W\u00fcrde ich gerne diskutieren\u2026 Und wie kommt man zu Naturverbundenheit? Dies geht m.E. nur \u00fcber das Erleben, bei dem man sich in Bezug zu ihr setzt. Bezug f\u00fchrt zu Beziehung, und das bedeutet f\u00fcr mich, dass zwischen mir und der Natur zwei Dinge geschehen: Beziehen im Sinne \u201eich nehme und gebe\u201c (d.h. beziehen wie kaufen\/verkaufen, Tauschhandel) sowie \u201eeinander aushalten\u201c (Zug, im primitivsten Sinne physikalische Zugkraft). Ist eines von beidem nicht gegeben resp. nicht ausgeglichen, entgleitet die Beziehung ins Nicht-Nahhaltige. Das ganze l\u00e4sst sich nat\u00fcrlich auch auf zwischenmenschliche Beziehungen \u00fcbertragen. Und der schlimmste Fall aller ist der Durchzug, da gibt es am Schluss fast immer Scherben\u2026 Alles unklar?<\/em> \ud83d\ude09<\/p>\n\n\n\n<figure class=\"wp-block-gallery has-nested-images columns-default is-cropped wp-block-gallery-1 is-layout-flex wp-block-gallery-is-layout-flex\">\n<figure class=\"wp-block-image size-large\"><img loading=\"lazy\" decoding=\"async\" width=\"2000\" height=\"1500\" data-attachment-id=\"8444\" data-permalink=\"https:\/\/www.intellectualsovereignty.ch\/img_9753\/\" data-orig-file=\"https:\/\/www.intellectualsovereignty.ch\/wp-content\/uploads\/2022\/07\/img_9753.jpg\" data-orig-size=\"2000,1500\" data-comments-opened=\"0\" data-image-title=\"img_9753\" data-image-description=\"\" data-image-caption=\"\" data-large-file=\"https:\/\/www.intellectualsovereignty.ch\/wp-content\/uploads\/2022\/07\/img_9753-1024x768.jpg\" data-id=\"8444\" src=\"https:\/\/www.intellectualsovereignty.ch\/wp-content\/uploads\/2022\/07\/img_9753.jpg\" alt=\"\" class=\"wp-image-8444\" srcset=\"https:\/\/www.intellectualsovereignty.ch\/wp-content\/uploads\/2022\/07\/img_9753.jpg 2000w, https:\/\/www.intellectualsovereignty.ch\/wp-content\/uploads\/2022\/07\/img_9753-300x225.jpg 300w, https:\/\/www.intellectualsovereignty.ch\/wp-content\/uploads\/2022\/07\/img_9753-1024x768.jpg 1024w, https:\/\/www.intellectualsovereignty.ch\/wp-content\/uploads\/2022\/07\/img_9753-768x576.jpg 768w, https:\/\/www.intellectualsovereignty.ch\/wp-content\/uploads\/2022\/07\/img_9753-1536x1152.jpg 1536w, https:\/\/www.intellectualsovereignty.ch\/wp-content\/uploads\/2022\/07\/img_9753-1870x1403.jpg 1870w, https:\/\/www.intellectualsovereignty.ch\/wp-content\/uploads\/2022\/07\/img_9753-400x300.jpg 400w, https:\/\/www.intellectualsovereignty.ch\/wp-content\/uploads\/2022\/07\/img_9753-800x600.jpg 800w\" sizes=\"auto, (max-width: 2000px) 100vw, 2000px\" \/><\/figure>\n\n\n\n<figure class=\"wp-block-image size-large\"><img loading=\"lazy\" decoding=\"async\" width=\"2000\" height=\"1500\" data-attachment-id=\"8442\" data-permalink=\"https:\/\/www.intellectualsovereignty.ch\/img_9754\/\" data-orig-file=\"https:\/\/www.intellectualsovereignty.ch\/wp-content\/uploads\/2022\/07\/img_9754.jpg\" data-orig-size=\"2000,1500\" data-comments-opened=\"0\" data-image-title=\"img_9754\" data-image-description=\"\" data-image-caption=\"\" data-large-file=\"https:\/\/www.intellectualsovereignty.ch\/wp-content\/uploads\/2022\/07\/img_9754-1024x768.jpg\" data-id=\"8442\" src=\"https:\/\/www.intellectualsovereignty.ch\/wp-content\/uploads\/2022\/07\/img_9754.jpg\" alt=\"\" class=\"wp-image-8442\" srcset=\"https:\/\/www.intellectualsovereignty.ch\/wp-content\/uploads\/2022\/07\/img_9754.jpg 2000w, https:\/\/www.intellectualsovereignty.ch\/wp-content\/uploads\/2022\/07\/img_9754-300x225.jpg 300w, https:\/\/www.intellectualsovereignty.ch\/wp-content\/uploads\/2022\/07\/img_9754-1024x768.jpg 1024w, https:\/\/www.intellectualsovereignty.ch\/wp-content\/uploads\/2022\/07\/img_9754-768x576.jpg 768w, https:\/\/www.intellectualsovereignty.ch\/wp-content\/uploads\/2022\/07\/img_9754-1536x1152.jpg 1536w, https:\/\/www.intellectualsovereignty.ch\/wp-content\/uploads\/2022\/07\/img_9754-1870x1403.jpg 1870w, https:\/\/www.intellectualsovereignty.ch\/wp-content\/uploads\/2022\/07\/img_9754-400x300.jpg 400w, https:\/\/www.intellectualsovereignty.ch\/wp-content\/uploads\/2022\/07\/img_9754-800x600.jpg 800w\" sizes=\"auto, (max-width: 2000px) 100vw, 2000px\" \/><\/figure>\n\n\n\n<figure class=\"wp-block-image size-large\"><img loading=\"lazy\" decoding=\"async\" width=\"2000\" height=\"1500\" data-attachment-id=\"8445\" data-permalink=\"https:\/\/www.intellectualsovereignty.ch\/img_9756\/\" data-orig-file=\"https:\/\/www.intellectualsovereignty.ch\/wp-content\/uploads\/2022\/07\/img_9756.jpg\" data-orig-size=\"2000,1500\" data-comments-opened=\"0\" data-image-title=\"img_9756\" data-image-description=\"\" data-image-caption=\"\" data-large-file=\"https:\/\/www.intellectualsovereignty.ch\/wp-content\/uploads\/2022\/07\/img_9756-1024x768.jpg\" data-id=\"8445\" src=\"https:\/\/www.intellectualsovereignty.ch\/wp-content\/uploads\/2022\/07\/img_9756.jpg\" alt=\"\" class=\"wp-image-8445\" srcset=\"https:\/\/www.intellectualsovereignty.ch\/wp-content\/uploads\/2022\/07\/img_9756.jpg 2000w, https:\/\/www.intellectualsovereignty.ch\/wp-content\/uploads\/2022\/07\/img_9756-300x225.jpg 300w, https:\/\/www.intellectualsovereignty.ch\/wp-content\/uploads\/2022\/07\/img_9756-1024x768.jpg 1024w, https:\/\/www.intellectualsovereignty.ch\/wp-content\/uploads\/2022\/07\/img_9756-768x576.jpg 768w, https:\/\/www.intellectualsovereignty.ch\/wp-content\/uploads\/2022\/07\/img_9756-1536x1152.jpg 1536w, https:\/\/www.intellectualsovereignty.ch\/wp-content\/uploads\/2022\/07\/img_9756-1870x1403.jpg 1870w, https:\/\/www.intellectualsovereignty.ch\/wp-content\/uploads\/2022\/07\/img_9756-400x300.jpg 400w, https:\/\/www.intellectualsovereignty.ch\/wp-content\/uploads\/2022\/07\/img_9756-800x600.jpg 800w\" sizes=\"auto, (max-width: 2000px) 100vw, 2000px\" \/><\/figure>\n\n\n\n<figure class=\"wp-block-image size-large\"><img loading=\"lazy\" decoding=\"async\" width=\"2000\" height=\"1500\" data-attachment-id=\"8443\" data-permalink=\"https:\/\/www.intellectualsovereignty.ch\/img_9755\/\" data-orig-file=\"https:\/\/www.intellectualsovereignty.ch\/wp-content\/uploads\/2022\/07\/img_9755.jpg\" data-orig-size=\"2000,1500\" data-comments-opened=\"0\" data-image-title=\"img_9755\" data-image-description=\"\" data-image-caption=\"\" data-large-file=\"https:\/\/www.intellectualsovereignty.ch\/wp-content\/uploads\/2022\/07\/img_9755-1024x768.jpg\" data-id=\"8443\" src=\"https:\/\/www.intellectualsovereignty.ch\/wp-content\/uploads\/2022\/07\/img_9755.jpg\" alt=\"\" class=\"wp-image-8443\" srcset=\"https:\/\/www.intellectualsovereignty.ch\/wp-content\/uploads\/2022\/07\/img_9755.jpg 2000w, https:\/\/www.intellectualsovereignty.ch\/wp-content\/uploads\/2022\/07\/img_9755-300x225.jpg 300w, https:\/\/www.intellectualsovereignty.ch\/wp-content\/uploads\/2022\/07\/img_9755-1024x768.jpg 1024w, https:\/\/www.intellectualsovereignty.ch\/wp-content\/uploads\/2022\/07\/img_9755-768x576.jpg 768w, https:\/\/www.intellectualsovereignty.ch\/wp-content\/uploads\/2022\/07\/img_9755-1536x1152.jpg 1536w, https:\/\/www.intellectualsovereignty.ch\/wp-content\/uploads\/2022\/07\/img_9755-1870x1403.jpg 1870w, https:\/\/www.intellectualsovereignty.ch\/wp-content\/uploads\/2022\/07\/img_9755-400x300.jpg 400w, https:\/\/www.intellectualsovereignty.ch\/wp-content\/uploads\/2022\/07\/img_9755-800x600.jpg 800w\" sizes=\"auto, (max-width: 2000px) 100vw, 2000px\" \/><\/figure>\n\n\n\n<figure class=\"wp-block-image size-large\"><img loading=\"lazy\" decoding=\"async\" width=\"1500\" height=\"2000\" data-attachment-id=\"8441\" data-permalink=\"https:\/\/www.intellectualsovereignty.ch\/img_9757\/\" data-orig-file=\"https:\/\/www.intellectualsovereignty.ch\/wp-content\/uploads\/2022\/07\/img_9757.jpg\" data-orig-size=\"1500,2000\" data-comments-opened=\"0\" data-image-title=\"img_9757\" data-image-description=\"\" data-image-caption=\"\" data-large-file=\"https:\/\/www.intellectualsovereignty.ch\/wp-content\/uploads\/2022\/07\/img_9757-768x1024.jpg\" data-id=\"8441\" src=\"https:\/\/www.intellectualsovereignty.ch\/wp-content\/uploads\/2022\/07\/img_9757.jpg\" alt=\"\" class=\"wp-image-8441\" srcset=\"https:\/\/www.intellectualsovereignty.ch\/wp-content\/uploads\/2022\/07\/img_9757.jpg 1500w, https:\/\/www.intellectualsovereignty.ch\/wp-content\/uploads\/2022\/07\/img_9757-225x300.jpg 225w, https:\/\/www.intellectualsovereignty.ch\/wp-content\/uploads\/2022\/07\/img_9757-768x1024.jpg 768w, https:\/\/www.intellectualsovereignty.ch\/wp-content\/uploads\/2022\/07\/img_9757-1152x1536.jpg 1152w, https:\/\/www.intellectualsovereignty.ch\/wp-content\/uploads\/2022\/07\/img_9757-400x533.jpg 400w, https:\/\/www.intellectualsovereignty.ch\/wp-content\/uploads\/2022\/07\/img_9757-800x1067.jpg 800w\" sizes=\"auto, (max-width: 1500px) 100vw, 1500px\" \/><\/figure>\n\n\n\n<figure class=\"wp-block-image size-large\"><img loading=\"lazy\" decoding=\"async\" width=\"1500\" height=\"2000\" data-attachment-id=\"8446\" data-permalink=\"https:\/\/www.intellectualsovereignty.ch\/img_9758\/\" data-orig-file=\"https:\/\/www.intellectualsovereignty.ch\/wp-content\/uploads\/2022\/07\/img_9758.jpg\" data-orig-size=\"1500,2000\" data-comments-opened=\"0\" data-image-title=\"img_9758\" data-image-description=\"\" data-image-caption=\"\" data-large-file=\"https:\/\/www.intellectualsovereignty.ch\/wp-content\/uploads\/2022\/07\/img_9758-768x1024.jpg\" data-id=\"8446\" src=\"https:\/\/www.intellectualsovereignty.ch\/wp-content\/uploads\/2022\/07\/img_9758.jpg\" alt=\"\" class=\"wp-image-8446\" srcset=\"https:\/\/www.intellectualsovereignty.ch\/wp-content\/uploads\/2022\/07\/img_9758.jpg 1500w, https:\/\/www.intellectualsovereignty.ch\/wp-content\/uploads\/2022\/07\/img_9758-225x300.jpg 225w, https:\/\/www.intellectualsovereignty.ch\/wp-content\/uploads\/2022\/07\/img_9758-768x1024.jpg 768w, https:\/\/www.intellectualsovereignty.ch\/wp-content\/uploads\/2022\/07\/img_9758-1152x1536.jpg 1152w, https:\/\/www.intellectualsovereignty.ch\/wp-content\/uploads\/2022\/07\/img_9758-400x533.jpg 400w, https:\/\/www.intellectualsovereignty.ch\/wp-content\/uploads\/2022\/07\/img_9758-800x1067.jpg 800w\" sizes=\"auto, (max-width: 1500px) 100vw, 1500px\" \/><\/figure>\n\n\n\n<figure class=\"wp-block-image size-large\"><img loading=\"lazy\" decoding=\"async\" width=\"1500\" height=\"2000\" data-attachment-id=\"8452\" data-permalink=\"https:\/\/www.intellectualsovereignty.ch\/index.php\/2022\/07\/02\/day71-spanish-peak-ridge-frog-mountain-ridge-km-2046-2096\/img_9759\/\" data-orig-file=\"https:\/\/www.intellectualsovereignty.ch\/wp-content\/uploads\/2022\/07\/img_9759.jpg\" data-orig-size=\"1500,2000\" data-comments-opened=\"0\" data-image-title=\"img_9759\" data-image-description=\"\" data-image-caption=\"\" data-large-file=\"https:\/\/www.intellectualsovereignty.ch\/wp-content\/uploads\/2022\/07\/img_9759-768x1024.jpg\" data-id=\"8452\" src=\"https:\/\/www.intellectualsovereignty.ch\/wp-content\/uploads\/2022\/07\/img_9759.jpg\" alt=\"\" class=\"wp-image-8452\" srcset=\"https:\/\/www.intellectualsovereignty.ch\/wp-content\/uploads\/2022\/07\/img_9759.jpg 1500w, https:\/\/www.intellectualsovereignty.ch\/wp-content\/uploads\/2022\/07\/img_9759-225x300.jpg 225w, https:\/\/www.intellectualsovereignty.ch\/wp-content\/uploads\/2022\/07\/img_9759-768x1024.jpg 768w, https:\/\/www.intellectualsovereignty.ch\/wp-content\/uploads\/2022\/07\/img_9759-1152x1536.jpg 1152w, https:\/\/www.intellectualsovereignty.ch\/wp-content\/uploads\/2022\/07\/img_9759-400x533.jpg 400w, https:\/\/www.intellectualsovereignty.ch\/wp-content\/uploads\/2022\/07\/img_9759-800x1067.jpg 800w\" sizes=\"auto, (max-width: 1500px) 100vw, 1500px\" \/><\/figure>\n\n\n\n<figure class=\"wp-block-image size-large\"><img loading=\"lazy\" decoding=\"async\" width=\"2000\" height=\"1148\" data-attachment-id=\"8453\" data-permalink=\"https:\/\/www.intellectualsovereignty.ch\/index.php\/2022\/07\/02\/day71-spanish-peak-ridge-frog-mountain-ridge-km-2046-2096\/img_9760\/\" data-orig-file=\"https:\/\/www.intellectualsovereignty.ch\/wp-content\/uploads\/2022\/07\/img_9760.jpg\" data-orig-size=\"2000,1148\" data-comments-opened=\"0\" data-image-title=\"img_9760\" data-image-description=\"\" data-image-caption=\"\" data-large-file=\"https:\/\/www.intellectualsovereignty.ch\/wp-content\/uploads\/2022\/07\/img_9760-1024x588.jpg\" data-id=\"8453\" src=\"https:\/\/www.intellectualsovereignty.ch\/wp-content\/uploads\/2022\/07\/img_9760.jpg\" alt=\"\" class=\"wp-image-8453\" srcset=\"https:\/\/www.intellectualsovereignty.ch\/wp-content\/uploads\/2022\/07\/img_9760.jpg 2000w, https:\/\/www.intellectualsovereignty.ch\/wp-content\/uploads\/2022\/07\/img_9760-300x172.jpg 300w, https:\/\/www.intellectualsovereignty.ch\/wp-content\/uploads\/2022\/07\/img_9760-1024x588.jpg 1024w, https:\/\/www.intellectualsovereignty.ch\/wp-content\/uploads\/2022\/07\/img_9760-768x441.jpg 768w, https:\/\/www.intellectualsovereignty.ch\/wp-content\/uploads\/2022\/07\/img_9760-1536x882.jpg 1536w, https:\/\/www.intellectualsovereignty.ch\/wp-content\/uploads\/2022\/07\/img_9760-1870x1073.jpg 1870w, https:\/\/www.intellectualsovereignty.ch\/wp-content\/uploads\/2022\/07\/img_9760-400x230.jpg 400w, https:\/\/www.intellectualsovereignty.ch\/wp-content\/uploads\/2022\/07\/img_9760-800x459.jpg 800w\" sizes=\"auto, (max-width: 2000px) 100vw, 2000px\" \/><\/figure>\n\n\n\n<figure class=\"wp-block-image size-large\"><img loading=\"lazy\" decoding=\"async\" width=\"2000\" height=\"1500\" data-attachment-id=\"8450\" data-permalink=\"https:\/\/www.intellectualsovereignty.ch\/index.php\/2022\/07\/02\/day71-spanish-peak-ridge-frog-mountain-ridge-km-2046-2096\/img_9761\/\" data-orig-file=\"https:\/\/www.intellectualsovereignty.ch\/wp-content\/uploads\/2022\/07\/img_9761.jpg\" data-orig-size=\"2000,1500\" data-comments-opened=\"0\" data-image-title=\"img_9761\" data-image-description=\"\" data-image-caption=\"\" data-large-file=\"https:\/\/www.intellectualsovereignty.ch\/wp-content\/uploads\/2022\/07\/img_9761-1024x768.jpg\" data-id=\"8450\" src=\"https:\/\/www.intellectualsovereignty.ch\/wp-content\/uploads\/2022\/07\/img_9761.jpg\" alt=\"\" class=\"wp-image-8450\" srcset=\"https:\/\/www.intellectualsovereignty.ch\/wp-content\/uploads\/2022\/07\/img_9761.jpg 2000w, https:\/\/www.intellectualsovereignty.ch\/wp-content\/uploads\/2022\/07\/img_9761-300x225.jpg 300w, https:\/\/www.intellectualsovereignty.ch\/wp-content\/uploads\/2022\/07\/img_9761-1024x768.jpg 1024w, https:\/\/www.intellectualsovereignty.ch\/wp-content\/uploads\/2022\/07\/img_9761-768x576.jpg 768w, https:\/\/www.intellectualsovereignty.ch\/wp-content\/uploads\/2022\/07\/img_9761-1536x1152.jpg 1536w, https:\/\/www.intellectualsovereignty.ch\/wp-content\/uploads\/2022\/07\/img_9761-1870x1403.jpg 1870w, https:\/\/www.intellectualsovereignty.ch\/wp-content\/uploads\/2022\/07\/img_9761-400x300.jpg 400w, https:\/\/www.intellectualsovereignty.ch\/wp-content\/uploads\/2022\/07\/img_9761-800x600.jpg 800w\" sizes=\"auto, (max-width: 2000px) 100vw, 2000px\" \/><\/figure>\n\n\n\n<figure class=\"wp-block-image size-large\"><img loading=\"lazy\" decoding=\"async\" width=\"2000\" height=\"1500\" data-attachment-id=\"8449\" data-permalink=\"https:\/\/www.intellectualsovereignty.ch\/index.php\/2022\/07\/02\/day71-spanish-peak-ridge-frog-mountain-ridge-km-2046-2096\/img_9762\/\" data-orig-file=\"https:\/\/www.intellectualsovereignty.ch\/wp-content\/uploads\/2022\/07\/img_9762.jpg\" data-orig-size=\"2000,1500\" data-comments-opened=\"0\" data-image-title=\"img_9762\" data-image-description=\"\" data-image-caption=\"\" data-large-file=\"https:\/\/www.intellectualsovereignty.ch\/wp-content\/uploads\/2022\/07\/img_9762-1024x768.jpg\" data-id=\"8449\" src=\"https:\/\/www.intellectualsovereignty.ch\/wp-content\/uploads\/2022\/07\/img_9762.jpg\" alt=\"\" class=\"wp-image-8449\" srcset=\"https:\/\/www.intellectualsovereignty.ch\/wp-content\/uploads\/2022\/07\/img_9762.jpg 2000w, https:\/\/www.intellectualsovereignty.ch\/wp-content\/uploads\/2022\/07\/img_9762-300x225.jpg 300w, https:\/\/www.intellectualsovereignty.ch\/wp-content\/uploads\/2022\/07\/img_9762-1024x768.jpg 1024w, https:\/\/www.intellectualsovereignty.ch\/wp-content\/uploads\/2022\/07\/img_9762-768x576.jpg 768w, https:\/\/www.intellectualsovereignty.ch\/wp-content\/uploads\/2022\/07\/img_9762-1536x1152.jpg 1536w, https:\/\/www.intellectualsovereignty.ch\/wp-content\/uploads\/2022\/07\/img_9762-1870x1403.jpg 1870w, https:\/\/www.intellectualsovereignty.ch\/wp-content\/uploads\/2022\/07\/img_9762-400x300.jpg 400w, https:\/\/www.intellectualsovereignty.ch\/wp-content\/uploads\/2022\/07\/img_9762-800x600.jpg 800w\" sizes=\"auto, (max-width: 2000px) 100vw, 2000px\" \/><\/figure>\n\n\n\n<figure class=\"wp-block-image size-large\"><img loading=\"lazy\" decoding=\"async\" width=\"1999\" height=\"728\" data-attachment-id=\"8448\" data-permalink=\"https:\/\/www.intellectualsovereignty.ch\/index.php\/2022\/07\/02\/day71-spanish-peak-ridge-frog-mountain-ridge-km-2046-2096\/img_9763\/\" data-orig-file=\"https:\/\/www.intellectualsovereignty.ch\/wp-content\/uploads\/2022\/07\/img_9763.jpg\" data-orig-size=\"1999,728\" data-comments-opened=\"0\" data-image-title=\"img_9763\" data-image-description=\"\" data-image-caption=\"\" data-large-file=\"https:\/\/www.intellectualsovereignty.ch\/wp-content\/uploads\/2022\/07\/img_9763-1024x373.jpg\" data-id=\"8448\" src=\"https:\/\/www.intellectualsovereignty.ch\/wp-content\/uploads\/2022\/07\/img_9763.jpg\" alt=\"\" class=\"wp-image-8448\" srcset=\"https:\/\/www.intellectualsovereignty.ch\/wp-content\/uploads\/2022\/07\/img_9763.jpg 1999w, https:\/\/www.intellectualsovereignty.ch\/wp-content\/uploads\/2022\/07\/img_9763-300x109.jpg 300w, https:\/\/www.intellectualsovereignty.ch\/wp-content\/uploads\/2022\/07\/img_9763-1024x373.jpg 1024w, https:\/\/www.intellectualsovereignty.ch\/wp-content\/uploads\/2022\/07\/img_9763-768x280.jpg 768w, https:\/\/www.intellectualsovereignty.ch\/wp-content\/uploads\/2022\/07\/img_9763-1536x559.jpg 1536w, https:\/\/www.intellectualsovereignty.ch\/wp-content\/uploads\/2022\/07\/img_9763-1870x681.jpg 1870w, https:\/\/www.intellectualsovereignty.ch\/wp-content\/uploads\/2022\/07\/img_9763-400x146.jpg 400w, https:\/\/www.intellectualsovereignty.ch\/wp-content\/uploads\/2022\/07\/img_9763-800x291.jpg 800w\" sizes=\"auto, (max-width: 1999px) 100vw, 1999px\" \/><\/figure>\n\n\n\n<figure class=\"wp-block-image size-large\"><img loading=\"lazy\" decoding=\"async\" width=\"2000\" height=\"1500\" data-attachment-id=\"8455\" data-permalink=\"https:\/\/www.intellectualsovereignty.ch\/index.php\/2022\/07\/02\/day71-spanish-peak-ridge-frog-mountain-ridge-km-2046-2096\/img_9764\/\" data-orig-file=\"https:\/\/www.intellectualsovereignty.ch\/wp-content\/uploads\/2022\/07\/img_9764.jpg\" data-orig-size=\"2000,1500\" data-comments-opened=\"0\" data-image-title=\"img_9764\" data-image-description=\"\" data-image-caption=\"\" data-large-file=\"https:\/\/www.intellectualsovereignty.ch\/wp-content\/uploads\/2022\/07\/img_9764-1024x768.jpg\" data-id=\"8455\" src=\"https:\/\/www.intellectualsovereignty.ch\/wp-content\/uploads\/2022\/07\/img_9764.jpg\" alt=\"\" class=\"wp-image-8455\" srcset=\"https:\/\/www.intellectualsovereignty.ch\/wp-content\/uploads\/2022\/07\/img_9764.jpg 2000w, https:\/\/www.intellectualsovereignty.ch\/wp-content\/uploads\/2022\/07\/img_9764-300x225.jpg 300w, https:\/\/www.intellectualsovereignty.ch\/wp-content\/uploads\/2022\/07\/img_9764-1024x768.jpg 1024w, https:\/\/www.intellectualsovereignty.ch\/wp-content\/uploads\/2022\/07\/img_9764-768x576.jpg 768w, https:\/\/www.intellectualsovereignty.ch\/wp-content\/uploads\/2022\/07\/img_9764-1536x1152.jpg 1536w, https:\/\/www.intellectualsovereignty.ch\/wp-content\/uploads\/2022\/07\/img_9764-1870x1403.jpg 1870w, https:\/\/www.intellectualsovereignty.ch\/wp-content\/uploads\/2022\/07\/img_9764-400x300.jpg 400w, https:\/\/www.intellectualsovereignty.ch\/wp-content\/uploads\/2022\/07\/img_9764-800x600.jpg 800w\" sizes=\"auto, (max-width: 2000px) 100vw, 2000px\" \/><\/figure>\n\n\n\n<figure class=\"wp-block-image size-large\"><img loading=\"lazy\" decoding=\"async\" width=\"2000\" height=\"1500\" data-attachment-id=\"8454\" data-permalink=\"https:\/\/www.intellectualsovereignty.ch\/index.php\/2022\/07\/02\/day71-spanish-peak-ridge-frog-mountain-ridge-km-2046-2096\/img_9765\/\" data-orig-file=\"https:\/\/www.intellectualsovereignty.ch\/wp-content\/uploads\/2022\/07\/img_9765.jpg\" data-orig-size=\"2000,1500\" data-comments-opened=\"0\" data-image-title=\"img_9765\" data-image-description=\"\" data-image-caption=\"\" data-large-file=\"https:\/\/www.intellectualsovereignty.ch\/wp-content\/uploads\/2022\/07\/img_9765-1024x768.jpg\" data-id=\"8454\" src=\"https:\/\/www.intellectualsovereignty.ch\/wp-content\/uploads\/2022\/07\/img_9765.jpg\" alt=\"\" class=\"wp-image-8454\" srcset=\"https:\/\/www.intellectualsovereignty.ch\/wp-content\/uploads\/2022\/07\/img_9765.jpg 2000w, https:\/\/www.intellectualsovereignty.ch\/wp-content\/uploads\/2022\/07\/img_9765-300x225.jpg 300w, https:\/\/www.intellectualsovereignty.ch\/wp-content\/uploads\/2022\/07\/img_9765-1024x768.jpg 1024w, https:\/\/www.intellectualsovereignty.ch\/wp-content\/uploads\/2022\/07\/img_9765-768x576.jpg 768w, https:\/\/www.intellectualsovereignty.ch\/wp-content\/uploads\/2022\/07\/img_9765-1536x1152.jpg 1536w, https:\/\/www.intellectualsovereignty.ch\/wp-content\/uploads\/2022\/07\/img_9765-1870x1403.jpg 1870w, https:\/\/www.intellectualsovereignty.ch\/wp-content\/uploads\/2022\/07\/img_9765-400x300.jpg 400w, https:\/\/www.intellectualsovereignty.ch\/wp-content\/uploads\/2022\/07\/img_9765-800x600.jpg 800w\" sizes=\"auto, (max-width: 2000px) 100vw, 2000px\" \/><\/figure>\n\n\n\n<figure class=\"wp-block-image size-large\"><img loading=\"lazy\" decoding=\"async\" width=\"2000\" height=\"1500\" data-attachment-id=\"8451\" data-permalink=\"https:\/\/www.intellectualsovereignty.ch\/index.php\/2022\/07\/02\/day71-spanish-peak-ridge-frog-mountain-ridge-km-2046-2096\/img_9766\/\" data-orig-file=\"https:\/\/www.intellectualsovereignty.ch\/wp-content\/uploads\/2022\/07\/img_9766.jpg\" data-orig-size=\"2000,1500\" data-comments-opened=\"0\" data-image-title=\"img_9766\" data-image-description=\"\" data-image-caption=\"\" data-large-file=\"https:\/\/www.intellectualsovereignty.ch\/wp-content\/uploads\/2022\/07\/img_9766-1024x768.jpg\" data-id=\"8451\" src=\"https:\/\/www.intellectualsovereignty.ch\/wp-content\/uploads\/2022\/07\/img_9766.jpg\" alt=\"\" class=\"wp-image-8451\" srcset=\"https:\/\/www.intellectualsovereignty.ch\/wp-content\/uploads\/2022\/07\/img_9766.jpg 2000w, https:\/\/www.intellectualsovereignty.ch\/wp-content\/uploads\/2022\/07\/img_9766-300x225.jpg 300w, https:\/\/www.intellectualsovereignty.ch\/wp-content\/uploads\/2022\/07\/img_9766-1024x768.jpg 1024w, https:\/\/www.intellectualsovereignty.ch\/wp-content\/uploads\/2022\/07\/img_9766-768x576.jpg 768w, https:\/\/www.intellectualsovereignty.ch\/wp-content\/uploads\/2022\/07\/img_9766-1536x1152.jpg 1536w, https:\/\/www.intellectualsovereignty.ch\/wp-content\/uploads\/2022\/07\/img_9766-1870x1403.jpg 1870w, https:\/\/www.intellectualsovereignty.ch\/wp-content\/uploads\/2022\/07\/img_9766-400x300.jpg 400w, https:\/\/www.intellectualsovereignty.ch\/wp-content\/uploads\/2022\/07\/img_9766-800x600.jpg 800w\" sizes=\"auto, (max-width: 2000px) 100vw, 2000px\" \/><\/figure>\n\n\n\n<figure class=\"wp-block-image size-large\"><img loading=\"lazy\" decoding=\"async\" width=\"1500\" height=\"2000\" data-attachment-id=\"8459\" data-permalink=\"https:\/\/www.intellectualsovereignty.ch\/index.php\/2022\/07\/02\/day71-spanish-peak-ridge-frog-mountain-ridge-km-2046-2096\/img_9767\/\" data-orig-file=\"https:\/\/www.intellectualsovereignty.ch\/wp-content\/uploads\/2022\/07\/img_9767.jpg\" data-orig-size=\"1500,2000\" data-comments-opened=\"0\" data-image-title=\"img_9767\" data-image-description=\"\" data-image-caption=\"\" data-large-file=\"https:\/\/www.intellectualsovereignty.ch\/wp-content\/uploads\/2022\/07\/img_9767-768x1024.jpg\" data-id=\"8459\" src=\"https:\/\/www.intellectualsovereignty.ch\/wp-content\/uploads\/2022\/07\/img_9767.jpg\" alt=\"\" class=\"wp-image-8459\" srcset=\"https:\/\/www.intellectualsovereignty.ch\/wp-content\/uploads\/2022\/07\/img_9767.jpg 1500w, https:\/\/www.intellectualsovereignty.ch\/wp-content\/uploads\/2022\/07\/img_9767-225x300.jpg 225w, https:\/\/www.intellectualsovereignty.ch\/wp-content\/uploads\/2022\/07\/img_9767-768x1024.jpg 768w, https:\/\/www.intellectualsovereignty.ch\/wp-content\/uploads\/2022\/07\/img_9767-1152x1536.jpg 1152w, https:\/\/www.intellectualsovereignty.ch\/wp-content\/uploads\/2022\/07\/img_9767-400x533.jpg 400w, https:\/\/www.intellectualsovereignty.ch\/wp-content\/uploads\/2022\/07\/img_9767-800x1067.jpg 800w\" sizes=\"auto, (max-width: 1500px) 100vw, 1500px\" \/><\/figure>\n\n\n\n<figure class=\"wp-block-image size-large\"><img loading=\"lazy\" decoding=\"async\" width=\"1500\" height=\"2000\" data-attachment-id=\"8461\" data-permalink=\"https:\/\/www.intellectualsovereignty.ch\/index.php\/2022\/07\/02\/day71-spanish-peak-ridge-frog-mountain-ridge-km-2046-2096\/img_9768\/\" data-orig-file=\"https:\/\/www.intellectualsovereignty.ch\/wp-content\/uploads\/2022\/07\/img_9768.jpg\" data-orig-size=\"1500,2000\" data-comments-opened=\"0\" data-image-title=\"img_9768\" data-image-description=\"\" data-image-caption=\"\" data-large-file=\"https:\/\/www.intellectualsovereignty.ch\/wp-content\/uploads\/2022\/07\/img_9768-768x1024.jpg\" data-id=\"8461\" src=\"https:\/\/www.intellectualsovereignty.ch\/wp-content\/uploads\/2022\/07\/img_9768.jpg\" alt=\"\" class=\"wp-image-8461\" srcset=\"https:\/\/www.intellectualsovereignty.ch\/wp-content\/uploads\/2022\/07\/img_9768.jpg 1500w, https:\/\/www.intellectualsovereignty.ch\/wp-content\/uploads\/2022\/07\/img_9768-225x300.jpg 225w, https:\/\/www.intellectualsovereignty.ch\/wp-content\/uploads\/2022\/07\/img_9768-768x1024.jpg 768w, https:\/\/www.intellectualsovereignty.ch\/wp-content\/uploads\/2022\/07\/img_9768-1152x1536.jpg 1152w, https:\/\/www.intellectualsovereignty.ch\/wp-content\/uploads\/2022\/07\/img_9768-400x533.jpg 400w, https:\/\/www.intellectualsovereignty.ch\/wp-content\/uploads\/2022\/07\/img_9768-800x1067.jpg 800w\" sizes=\"auto, (max-width: 1500px) 100vw, 1500px\" \/><\/figure>\n\n\n\n<figure class=\"wp-block-image size-large\"><img loading=\"lazy\" decoding=\"async\" width=\"2000\" height=\"1500\" data-attachment-id=\"8458\" data-permalink=\"https:\/\/www.intellectualsovereignty.ch\/index.php\/2022\/07\/02\/day71-spanish-peak-ridge-frog-mountain-ridge-km-2046-2096\/img_9770\/\" data-orig-file=\"https:\/\/www.intellectualsovereignty.ch\/wp-content\/uploads\/2022\/07\/img_9770.jpg\" data-orig-size=\"2000,1500\" data-comments-opened=\"0\" data-image-title=\"img_9770\" data-image-description=\"\" data-image-caption=\"\" data-large-file=\"https:\/\/www.intellectualsovereignty.ch\/wp-content\/uploads\/2022\/07\/img_9770-1024x768.jpg\" data-id=\"8458\" src=\"https:\/\/www.intellectualsovereignty.ch\/wp-content\/uploads\/2022\/07\/img_9770.jpg\" alt=\"\" class=\"wp-image-8458\" srcset=\"https:\/\/www.intellectualsovereignty.ch\/wp-content\/uploads\/2022\/07\/img_9770.jpg 2000w, https:\/\/www.intellectualsovereignty.ch\/wp-content\/uploads\/2022\/07\/img_9770-300x225.jpg 300w, https:\/\/www.intellectualsovereignty.ch\/wp-content\/uploads\/2022\/07\/img_9770-1024x768.jpg 1024w, https:\/\/www.intellectualsovereignty.ch\/wp-content\/uploads\/2022\/07\/img_9770-768x576.jpg 768w, https:\/\/www.intellectualsovereignty.ch\/wp-content\/uploads\/2022\/07\/img_9770-1536x1152.jpg 1536w, https:\/\/www.intellectualsovereignty.ch\/wp-content\/uploads\/2022\/07\/img_9770-1870x1403.jpg 1870w, https:\/\/www.intellectualsovereignty.ch\/wp-content\/uploads\/2022\/07\/img_9770-400x300.jpg 400w, https:\/\/www.intellectualsovereignty.ch\/wp-content\/uploads\/2022\/07\/img_9770-800x600.jpg 800w\" sizes=\"auto, (max-width: 2000px) 100vw, 2000px\" \/><\/figure>\n\n\n\n<figure class=\"wp-block-image size-large\"><img loading=\"lazy\" decoding=\"async\" width=\"2000\" height=\"1500\" data-attachment-id=\"8460\" data-permalink=\"https:\/\/www.intellectualsovereignty.ch\/index.php\/2022\/07\/02\/day71-spanish-peak-ridge-frog-mountain-ridge-km-2046-2096\/img_9771\/\" data-orig-file=\"https:\/\/www.intellectualsovereignty.ch\/wp-content\/uploads\/2022\/07\/img_9771.jpg\" data-orig-size=\"2000,1500\" data-comments-opened=\"0\" data-image-title=\"img_9771\" data-image-description=\"\" data-image-caption=\"\" data-large-file=\"https:\/\/www.intellectualsovereignty.ch\/wp-content\/uploads\/2022\/07\/img_9771-1024x768.jpg\" data-id=\"8460\" src=\"https:\/\/www.intellectualsovereignty.ch\/wp-content\/uploads\/2022\/07\/img_9771.jpg\" alt=\"\" class=\"wp-image-8460\" srcset=\"https:\/\/www.intellectualsovereignty.ch\/wp-content\/uploads\/2022\/07\/img_9771.jpg 2000w, https:\/\/www.intellectualsovereignty.ch\/wp-content\/uploads\/2022\/07\/img_9771-300x225.jpg 300w, https:\/\/www.intellectualsovereignty.ch\/wp-content\/uploads\/2022\/07\/img_9771-1024x768.jpg 1024w, https:\/\/www.intellectualsovereignty.ch\/wp-content\/uploads\/2022\/07\/img_9771-768x576.jpg 768w, https:\/\/www.intellectualsovereignty.ch\/wp-content\/uploads\/2022\/07\/img_9771-1536x1152.jpg 1536w, https:\/\/www.intellectualsovereignty.ch\/wp-content\/uploads\/2022\/07\/img_9771-1870x1403.jpg 1870w, https:\/\/www.intellectualsovereignty.ch\/wp-content\/uploads\/2022\/07\/img_9771-400x300.jpg 400w, https:\/\/www.intellectualsovereignty.ch\/wp-content\/uploads\/2022\/07\/img_9771-800x600.jpg 800w\" sizes=\"auto, (max-width: 2000px) 100vw, 2000px\" \/><\/figure>\n\n\n\n<figure class=\"wp-block-image size-large\"><img loading=\"lazy\" decoding=\"async\" width=\"2000\" height=\"1500\" data-attachment-id=\"8457\" data-permalink=\"https:\/\/www.intellectualsovereignty.ch\/index.php\/2022\/07\/02\/day71-spanish-peak-ridge-frog-mountain-ridge-km-2046-2096\/img_9772\/\" data-orig-file=\"https:\/\/www.intellectualsovereignty.ch\/wp-content\/uploads\/2022\/07\/img_9772.jpg\" data-orig-size=\"2000,1500\" data-comments-opened=\"0\" data-image-title=\"img_9772\" data-image-description=\"\" data-image-caption=\"\" data-large-file=\"https:\/\/www.intellectualsovereignty.ch\/wp-content\/uploads\/2022\/07\/img_9772-1024x768.jpg\" data-id=\"8457\" src=\"https:\/\/www.intellectualsovereignty.ch\/wp-content\/uploads\/2022\/07\/img_9772.jpg\" alt=\"\" class=\"wp-image-8457\" srcset=\"https:\/\/www.intellectualsovereignty.ch\/wp-content\/uploads\/2022\/07\/img_9772.jpg 2000w, https:\/\/www.intellectualsovereignty.ch\/wp-content\/uploads\/2022\/07\/img_9772-300x225.jpg 300w, https:\/\/www.intellectualsovereignty.ch\/wp-content\/uploads\/2022\/07\/img_9772-1024x768.jpg 1024w, https:\/\/www.intellectualsovereignty.ch\/wp-content\/uploads\/2022\/07\/img_9772-768x576.jpg 768w, https:\/\/www.intellectualsovereignty.ch\/wp-content\/uploads\/2022\/07\/img_9772-1536x1152.jpg 1536w, https:\/\/www.intellectualsovereignty.ch\/wp-content\/uploads\/2022\/07\/img_9772-1870x1403.jpg 1870w, https:\/\/www.intellectualsovereignty.ch\/wp-content\/uploads\/2022\/07\/img_9772-400x300.jpg 400w, https:\/\/www.intellectualsovereignty.ch\/wp-content\/uploads\/2022\/07\/img_9772-800x600.jpg 800w\" sizes=\"auto, (max-width: 2000px) 100vw, 2000px\" \/><\/figure>\n\n\n\n<figure class=\"wp-block-image size-large\"><img loading=\"lazy\" decoding=\"async\" width=\"1999\" height=\"650\" data-attachment-id=\"8456\" data-permalink=\"https:\/\/www.intellectualsovereignty.ch\/index.php\/2022\/07\/02\/day71-spanish-peak-ridge-frog-mountain-ridge-km-2046-2096\/img_9773\/\" data-orig-file=\"https:\/\/www.intellectualsovereignty.ch\/wp-content\/uploads\/2022\/07\/img_9773.jpg\" data-orig-size=\"1999,650\" data-comments-opened=\"0\" data-image-title=\"img_9773\" data-image-description=\"\" data-image-caption=\"\" data-large-file=\"https:\/\/www.intellectualsovereignty.ch\/wp-content\/uploads\/2022\/07\/img_9773-1024x333.jpg\" data-id=\"8456\" src=\"https:\/\/www.intellectualsovereignty.ch\/wp-content\/uploads\/2022\/07\/img_9773.jpg\" alt=\"\" class=\"wp-image-8456\" srcset=\"https:\/\/www.intellectualsovereignty.ch\/wp-content\/uploads\/2022\/07\/img_9773.jpg 1999w, https:\/\/www.intellectualsovereignty.ch\/wp-content\/uploads\/2022\/07\/img_9773-300x98.jpg 300w, https:\/\/www.intellectualsovereignty.ch\/wp-content\/uploads\/2022\/07\/img_9773-1024x333.jpg 1024w, https:\/\/www.intellectualsovereignty.ch\/wp-content\/uploads\/2022\/07\/img_9773-768x250.jpg 768w, https:\/\/www.intellectualsovereignty.ch\/wp-content\/uploads\/2022\/07\/img_9773-1536x499.jpg 1536w, https:\/\/www.intellectualsovereignty.ch\/wp-content\/uploads\/2022\/07\/img_9773-1870x608.jpg 1870w, https:\/\/www.intellectualsovereignty.ch\/wp-content\/uploads\/2022\/07\/img_9773-400x130.jpg 400w, https:\/\/www.intellectualsovereignty.ch\/wp-content\/uploads\/2022\/07\/img_9773-800x260.jpg 800w\" sizes=\"auto, (max-width: 1999px) 100vw, 1999px\" \/><\/figure>\n<\/figure>\n\n\n\n<figure class=\"wp-block-video\"><video height=\"720\" style=\"aspect-ratio: 1280 \/ 720;\" width=\"1280\" controls src=\"https:\/\/www.intellectualsovereignty.ch\/wp-content\/uploads\/2022\/09\/IMG_9769.mov\"><\/video><\/figure>\n\n\n\n<p class=\"wp-block-paragraph\">Den Abstieg nehme ich sportlich, mit Musik auf den Ohren h\u00f6pperle ich runter ins Tal, entdecke die Freude am Trailrunning wieder. Bereits kurz nach elf Uhr sitze ich mit anderen Hikern an der Bar und bestelle mir was zu essen. Knapp ein Stunde sp\u00e4ter gibt\u2018s f\u00fcr mich kein Halten mehr, der strenge Aufstieg zum Frog Mountain muss dran glauben; ganze f\u00fcnf Stunden ben\u00f6tige ich, bis ich ennet dem Grat ein Schlafpl\u00e4tzchen inmitten einer gr\u00fcnen Oase finde, umgeben von abgebranntem Wald soweit das Auge reicht. M\u00fcde aber zufrieden lege ich mich schlafen, morgen sollte einfacher sein\u2026<\/p>\n\n\n\n<figure class=\"wp-block-gallery has-nested-images columns-default is-cropped wp-block-gallery-2 is-layout-flex wp-block-gallery-is-layout-flex\">\n<figure class=\"wp-block-image size-large\"><img loading=\"lazy\" decoding=\"async\" width=\"2000\" height=\"1500\" data-attachment-id=\"8466\" data-permalink=\"https:\/\/www.intellectualsovereignty.ch\/index.php\/2022\/07\/02\/day71-spanish-peak-ridge-frog-mountain-ridge-km-2046-2096\/img_9774\/\" data-orig-file=\"https:\/\/www.intellectualsovereignty.ch\/wp-content\/uploads\/2022\/07\/img_9774.jpg\" data-orig-size=\"2000,1500\" data-comments-opened=\"0\" data-image-title=\"img_9774\" data-image-description=\"\" data-image-caption=\"\" data-large-file=\"https:\/\/www.intellectualsovereignty.ch\/wp-content\/uploads\/2022\/07\/img_9774-1024x768.jpg\" data-id=\"8466\" src=\"https:\/\/www.intellectualsovereignty.ch\/wp-content\/uploads\/2022\/07\/img_9774.jpg\" alt=\"\" class=\"wp-image-8466\" srcset=\"https:\/\/www.intellectualsovereignty.ch\/wp-content\/uploads\/2022\/07\/img_9774.jpg 2000w, https:\/\/www.intellectualsovereignty.ch\/wp-content\/uploads\/2022\/07\/img_9774-300x225.jpg 300w, https:\/\/www.intellectualsovereignty.ch\/wp-content\/uploads\/2022\/07\/img_9774-1024x768.jpg 1024w, https:\/\/www.intellectualsovereignty.ch\/wp-content\/uploads\/2022\/07\/img_9774-768x576.jpg 768w, https:\/\/www.intellectualsovereignty.ch\/wp-content\/uploads\/2022\/07\/img_9774-1536x1152.jpg 1536w, https:\/\/www.intellectualsovereignty.ch\/wp-content\/uploads\/2022\/07\/img_9774-1870x1403.jpg 1870w, https:\/\/www.intellectualsovereignty.ch\/wp-content\/uploads\/2022\/07\/img_9774-400x300.jpg 400w, https:\/\/www.intellectualsovereignty.ch\/wp-content\/uploads\/2022\/07\/img_9774-800x600.jpg 800w\" sizes=\"auto, (max-width: 2000px) 100vw, 2000px\" \/><\/figure>\n\n\n\n<figure class=\"wp-block-image size-large\"><img loading=\"lazy\" decoding=\"async\" width=\"2000\" height=\"1500\" data-attachment-id=\"8464\" data-permalink=\"https:\/\/www.intellectualsovereignty.ch\/index.php\/2022\/07\/02\/day71-spanish-peak-ridge-frog-mountain-ridge-km-2046-2096\/img_9775\/\" data-orig-file=\"https:\/\/www.intellectualsovereignty.ch\/wp-content\/uploads\/2022\/07\/img_9775.jpg\" data-orig-size=\"2000,1500\" data-comments-opened=\"0\" data-image-title=\"img_9775\" data-image-description=\"\" data-image-caption=\"\" data-large-file=\"https:\/\/www.intellectualsovereignty.ch\/wp-content\/uploads\/2022\/07\/img_9775-1024x768.jpg\" data-id=\"8464\" src=\"https:\/\/www.intellectualsovereignty.ch\/wp-content\/uploads\/2022\/07\/img_9775.jpg\" alt=\"\" class=\"wp-image-8464\" srcset=\"https:\/\/www.intellectualsovereignty.ch\/wp-content\/uploads\/2022\/07\/img_9775.jpg 2000w, https:\/\/www.intellectualsovereignty.ch\/wp-content\/uploads\/2022\/07\/img_9775-300x225.jpg 300w, https:\/\/www.intellectualsovereignty.ch\/wp-content\/uploads\/2022\/07\/img_9775-1024x768.jpg 1024w, https:\/\/www.intellectualsovereignty.ch\/wp-content\/uploads\/2022\/07\/img_9775-768x576.jpg 768w, https:\/\/www.intellectualsovereignty.ch\/wp-content\/uploads\/2022\/07\/img_9775-1536x1152.jpg 1536w, https:\/\/www.intellectualsovereignty.ch\/wp-content\/uploads\/2022\/07\/img_9775-1870x1403.jpg 1870w, https:\/\/www.intellectualsovereignty.ch\/wp-content\/uploads\/2022\/07\/img_9775-400x300.jpg 400w, https:\/\/www.intellectualsovereignty.ch\/wp-content\/uploads\/2022\/07\/img_9775-800x600.jpg 800w\" sizes=\"auto, (max-width: 2000px) 100vw, 2000px\" \/><\/figure>\n\n\n\n<figure class=\"wp-block-image size-large\"><img loading=\"lazy\" decoding=\"async\" width=\"2000\" height=\"722\" data-attachment-id=\"8463\" data-permalink=\"https:\/\/www.intellectualsovereignty.ch\/index.php\/2022\/07\/02\/day71-spanish-peak-ridge-frog-mountain-ridge-km-2046-2096\/img_9776\/\" data-orig-file=\"https:\/\/www.intellectualsovereignty.ch\/wp-content\/uploads\/2022\/07\/img_9776.jpg\" data-orig-size=\"2000,722\" data-comments-opened=\"0\" data-image-title=\"img_9776\" data-image-description=\"\" data-image-caption=\"\" data-large-file=\"https:\/\/www.intellectualsovereignty.ch\/wp-content\/uploads\/2022\/07\/img_9776-1024x370.jpg\" data-id=\"8463\" src=\"https:\/\/www.intellectualsovereignty.ch\/wp-content\/uploads\/2022\/07\/img_9776.jpg\" alt=\"\" class=\"wp-image-8463\" srcset=\"https:\/\/www.intellectualsovereignty.ch\/wp-content\/uploads\/2022\/07\/img_9776.jpg 2000w, https:\/\/www.intellectualsovereignty.ch\/wp-content\/uploads\/2022\/07\/img_9776-300x108.jpg 300w, https:\/\/www.intellectualsovereignty.ch\/wp-content\/uploads\/2022\/07\/img_9776-1024x370.jpg 1024w, https:\/\/www.intellectualsovereignty.ch\/wp-content\/uploads\/2022\/07\/img_9776-768x277.jpg 768w, https:\/\/www.intellectualsovereignty.ch\/wp-content\/uploads\/2022\/07\/img_9776-1536x554.jpg 1536w, https:\/\/www.intellectualsovereignty.ch\/wp-content\/uploads\/2022\/07\/img_9776-1870x675.jpg 1870w, https:\/\/www.intellectualsovereignty.ch\/wp-content\/uploads\/2022\/07\/img_9776-400x144.jpg 400w, https:\/\/www.intellectualsovereignty.ch\/wp-content\/uploads\/2022\/07\/img_9776-800x289.jpg 800w\" sizes=\"auto, (max-width: 2000px) 100vw, 2000px\" \/><\/figure>\n\n\n\n<figure class=\"wp-block-image size-large\"><img loading=\"lazy\" decoding=\"async\" width=\"1500\" height=\"2000\" data-attachment-id=\"8462\" data-permalink=\"https:\/\/www.intellectualsovereignty.ch\/index.php\/2022\/07\/02\/day71-spanish-peak-ridge-frog-mountain-ridge-km-2046-2096\/img_9777\/\" data-orig-file=\"https:\/\/www.intellectualsovereignty.ch\/wp-content\/uploads\/2022\/07\/img_9777.jpg\" data-orig-size=\"1500,2000\" data-comments-opened=\"0\" data-image-title=\"img_9777\" data-image-description=\"\" data-image-caption=\"\" data-large-file=\"https:\/\/www.intellectualsovereignty.ch\/wp-content\/uploads\/2022\/07\/img_9777-768x1024.jpg\" data-id=\"8462\" src=\"https:\/\/www.intellectualsovereignty.ch\/wp-content\/uploads\/2022\/07\/img_9777.jpg\" alt=\"\" class=\"wp-image-8462\" srcset=\"https:\/\/www.intellectualsovereignty.ch\/wp-content\/uploads\/2022\/07\/img_9777.jpg 1500w, https:\/\/www.intellectualsovereignty.ch\/wp-content\/uploads\/2022\/07\/img_9777-225x300.jpg 225w, https:\/\/www.intellectualsovereignty.ch\/wp-content\/uploads\/2022\/07\/img_9777-768x1024.jpg 768w, https:\/\/www.intellectualsovereignty.ch\/wp-content\/uploads\/2022\/07\/img_9777-1152x1536.jpg 1152w, https:\/\/www.intellectualsovereignty.ch\/wp-content\/uploads\/2022\/07\/img_9777-400x533.jpg 400w, https:\/\/www.intellectualsovereignty.ch\/wp-content\/uploads\/2022\/07\/img_9777-800x1067.jpg 800w\" sizes=\"auto, (max-width: 1500px) 100vw, 1500px\" \/><figcaption class=\"wp-element-caption\">Mein letztes Ricola\u2026<\/figcaption><\/figure>\n\n\n\n<figure class=\"wp-block-image size-large\"><img loading=\"lazy\" decoding=\"async\" width=\"2000\" height=\"1500\" data-attachment-id=\"8465\" data-permalink=\"https:\/\/www.intellectualsovereignty.ch\/index.php\/2022\/07\/02\/day71-spanish-peak-ridge-frog-mountain-ridge-km-2046-2096\/img_9778\/\" data-orig-file=\"https:\/\/www.intellectualsovereignty.ch\/wp-content\/uploads\/2022\/07\/img_9778.jpg\" data-orig-size=\"2000,1500\" data-comments-opened=\"0\" data-image-title=\"img_9778\" data-image-description=\"\" data-image-caption=\"\" data-large-file=\"https:\/\/www.intellectualsovereignty.ch\/wp-content\/uploads\/2022\/07\/img_9778-1024x768.jpg\" data-id=\"8465\" src=\"https:\/\/www.intellectualsovereignty.ch\/wp-content\/uploads\/2022\/07\/img_9778.jpg\" alt=\"\" class=\"wp-image-8465\" srcset=\"https:\/\/www.intellectualsovereignty.ch\/wp-content\/uploads\/2022\/07\/img_9778.jpg 2000w, https:\/\/www.intellectualsovereignty.ch\/wp-content\/uploads\/2022\/07\/img_9778-300x225.jpg 300w, https:\/\/www.intellectualsovereignty.ch\/wp-content\/uploads\/2022\/07\/img_9778-1024x768.jpg 1024w, https:\/\/www.intellectualsovereignty.ch\/wp-content\/uploads\/2022\/07\/img_9778-768x576.jpg 768w, https:\/\/www.intellectualsovereignty.ch\/wp-content\/uploads\/2022\/07\/img_9778-1536x1152.jpg 1536w, https:\/\/www.intellectualsovereignty.ch\/wp-content\/uploads\/2022\/07\/img_9778-1870x1403.jpg 1870w, https:\/\/www.intellectualsovereignty.ch\/wp-content\/uploads\/2022\/07\/img_9778-400x300.jpg 400w, https:\/\/www.intellectualsovereignty.ch\/wp-content\/uploads\/2022\/07\/img_9778-800x600.jpg 800w\" sizes=\"auto, (max-width: 2000px) 100vw, 2000px\" \/><\/figure>\n\n\n\n<figure class=\"wp-block-image size-large\"><img loading=\"lazy\" decoding=\"async\" width=\"2000\" height=\"1500\" data-attachment-id=\"8467\" data-permalink=\"https:\/\/www.intellectualsovereignty.ch\/index.php\/2022\/07\/02\/day71-spanish-peak-ridge-frog-mountain-ridge-km-2046-2096\/img_9779\/\" data-orig-file=\"https:\/\/www.intellectualsovereignty.ch\/wp-content\/uploads\/2022\/07\/img_9779.jpg\" data-orig-size=\"2000,1500\" data-comments-opened=\"0\" data-image-title=\"img_9779\" data-image-description=\"\" data-image-caption=\"\" data-large-file=\"https:\/\/www.intellectualsovereignty.ch\/wp-content\/uploads\/2022\/07\/img_9779-1024x768.jpg\" data-id=\"8467\" src=\"https:\/\/www.intellectualsovereignty.ch\/wp-content\/uploads\/2022\/07\/img_9779.jpg\" alt=\"\" class=\"wp-image-8467\" srcset=\"https:\/\/www.intellectualsovereignty.ch\/wp-content\/uploads\/2022\/07\/img_9779.jpg 2000w, https:\/\/www.intellectualsovereignty.ch\/wp-content\/uploads\/2022\/07\/img_9779-300x225.jpg 300w, https:\/\/www.intellectualsovereignty.ch\/wp-content\/uploads\/2022\/07\/img_9779-1024x768.jpg 1024w, https:\/\/www.intellectualsovereignty.ch\/wp-content\/uploads\/2022\/07\/img_9779-768x576.jpg 768w, https:\/\/www.intellectualsovereignty.ch\/wp-content\/uploads\/2022\/07\/img_9779-1536x1152.jpg 1536w, https:\/\/www.intellectualsovereignty.ch\/wp-content\/uploads\/2022\/07\/img_9779-1870x1403.jpg 1870w, https:\/\/www.intellectualsovereignty.ch\/wp-content\/uploads\/2022\/07\/img_9779-400x300.jpg 400w, https:\/\/www.intellectualsovereignty.ch\/wp-content\/uploads\/2022\/07\/img_9779-800x600.jpg 800w\" sizes=\"auto, (max-width: 2000px) 100vw, 2000px\" \/><\/figure>\n\n\n\n<figure class=\"wp-block-image size-large\"><img loading=\"lazy\" decoding=\"async\" width=\"2000\" height=\"1500\" data-attachment-id=\"8469\" data-permalink=\"https:\/\/www.intellectualsovereignty.ch\/index.php\/2022\/07\/02\/day71-spanish-peak-ridge-frog-mountain-ridge-km-2046-2096\/img_9780\/\" data-orig-file=\"https:\/\/www.intellectualsovereignty.ch\/wp-content\/uploads\/2022\/07\/img_9780.jpg\" data-orig-size=\"2000,1500\" data-comments-opened=\"0\" data-image-title=\"img_9780\" data-image-description=\"\" data-image-caption=\"\" data-large-file=\"https:\/\/www.intellectualsovereignty.ch\/wp-content\/uploads\/2022\/07\/img_9780-1024x768.jpg\" data-id=\"8469\" src=\"https:\/\/www.intellectualsovereignty.ch\/wp-content\/uploads\/2022\/07\/img_9780.jpg\" alt=\"\" class=\"wp-image-8469\" srcset=\"https:\/\/www.intellectualsovereignty.ch\/wp-content\/uploads\/2022\/07\/img_9780.jpg 2000w, https:\/\/www.intellectualsovereignty.ch\/wp-content\/uploads\/2022\/07\/img_9780-300x225.jpg 300w, https:\/\/www.intellectualsovereignty.ch\/wp-content\/uploads\/2022\/07\/img_9780-1024x768.jpg 1024w, https:\/\/www.intellectualsovereignty.ch\/wp-content\/uploads\/2022\/07\/img_9780-768x576.jpg 768w, https:\/\/www.intellectualsovereignty.ch\/wp-content\/uploads\/2022\/07\/img_9780-1536x1152.jpg 1536w, https:\/\/www.intellectualsovereignty.ch\/wp-content\/uploads\/2022\/07\/img_9780-1870x1403.jpg 1870w, https:\/\/www.intellectualsovereignty.ch\/wp-content\/uploads\/2022\/07\/img_9780-400x300.jpg 400w, https:\/\/www.intellectualsovereignty.ch\/wp-content\/uploads\/2022\/07\/img_9780-800x600.jpg 800w\" sizes=\"auto, (max-width: 2000px) 100vw, 2000px\" \/><\/figure>\n\n\n\n<figure class=\"wp-block-image size-large\"><img loading=\"lazy\" decoding=\"async\" width=\"2000\" height=\"1500\" data-attachment-id=\"8470\" data-permalink=\"https:\/\/www.intellectualsovereignty.ch\/index.php\/2022\/07\/02\/day71-spanish-peak-ridge-frog-mountain-ridge-km-2046-2096\/img_9781\/\" data-orig-file=\"https:\/\/www.intellectualsovereignty.ch\/wp-content\/uploads\/2022\/07\/img_9781.jpg\" data-orig-size=\"2000,1500\" data-comments-opened=\"0\" data-image-title=\"img_9781\" data-image-description=\"\" data-image-caption=\"\" data-large-file=\"https:\/\/www.intellectualsovereignty.ch\/wp-content\/uploads\/2022\/07\/img_9781-1024x768.jpg\" data-id=\"8470\" src=\"https:\/\/www.intellectualsovereignty.ch\/wp-content\/uploads\/2022\/07\/img_9781.jpg\" alt=\"\" class=\"wp-image-8470\" srcset=\"https:\/\/www.intellectualsovereignty.ch\/wp-content\/uploads\/2022\/07\/img_9781.jpg 2000w, https:\/\/www.intellectualsovereignty.ch\/wp-content\/uploads\/2022\/07\/img_9781-300x225.jpg 300w, https:\/\/www.intellectualsovereignty.ch\/wp-content\/uploads\/2022\/07\/img_9781-1024x768.jpg 1024w, https:\/\/www.intellectualsovereignty.ch\/wp-content\/uploads\/2022\/07\/img_9781-768x576.jpg 768w, https:\/\/www.intellectualsovereignty.ch\/wp-content\/uploads\/2022\/07\/img_9781-1536x1152.jpg 1536w, https:\/\/www.intellectualsovereignty.ch\/wp-content\/uploads\/2022\/07\/img_9781-1870x1403.jpg 1870w, https:\/\/www.intellectualsovereignty.ch\/wp-content\/uploads\/2022\/07\/img_9781-400x300.jpg 400w, https:\/\/www.intellectualsovereignty.ch\/wp-content\/uploads\/2022\/07\/img_9781-800x600.jpg 800w\" sizes=\"auto, (max-width: 2000px) 100vw, 2000px\" \/><\/figure>\n\n\n\n<figure class=\"wp-block-image size-large\"><img loading=\"lazy\" decoding=\"async\" width=\"1500\" height=\"2000\" data-attachment-id=\"8474\" data-permalink=\"https:\/\/www.intellectualsovereignty.ch\/index.php\/2022\/07\/02\/day71-spanish-peak-ridge-frog-mountain-ridge-km-2046-2096\/img_9782\/\" data-orig-file=\"https:\/\/www.intellectualsovereignty.ch\/wp-content\/uploads\/2022\/07\/img_9782.jpg\" data-orig-size=\"1500,2000\" data-comments-opened=\"0\" data-image-title=\"img_9782\" data-image-description=\"\" data-image-caption=\"\" data-large-file=\"https:\/\/www.intellectualsovereignty.ch\/wp-content\/uploads\/2022\/07\/img_9782-768x1024.jpg\" data-id=\"8474\" src=\"https:\/\/www.intellectualsovereignty.ch\/wp-content\/uploads\/2022\/07\/img_9782.jpg\" alt=\"\" class=\"wp-image-8474\" srcset=\"https:\/\/www.intellectualsovereignty.ch\/wp-content\/uploads\/2022\/07\/img_9782.jpg 1500w, https:\/\/www.intellectualsovereignty.ch\/wp-content\/uploads\/2022\/07\/img_9782-225x300.jpg 225w, https:\/\/www.intellectualsovereignty.ch\/wp-content\/uploads\/2022\/07\/img_9782-768x1024.jpg 768w, https:\/\/www.intellectualsovereignty.ch\/wp-content\/uploads\/2022\/07\/img_9782-1152x1536.jpg 1152w, https:\/\/www.intellectualsovereignty.ch\/wp-content\/uploads\/2022\/07\/img_9782-400x533.jpg 400w, https:\/\/www.intellectualsovereignty.ch\/wp-content\/uploads\/2022\/07\/img_9782-800x1067.jpg 800w\" sizes=\"auto, (max-width: 1500px) 100vw, 1500px\" \/><\/figure>\n\n\n\n<figure class=\"wp-block-image size-large\"><img loading=\"lazy\" decoding=\"async\" width=\"1500\" height=\"2000\" data-attachment-id=\"8468\" data-permalink=\"https:\/\/www.intellectualsovereignty.ch\/index.php\/2022\/07\/02\/day71-spanish-peak-ridge-frog-mountain-ridge-km-2046-2096\/img_9783\/\" data-orig-file=\"https:\/\/www.intellectualsovereignty.ch\/wp-content\/uploads\/2022\/07\/img_9783.jpg\" data-orig-size=\"1500,2000\" data-comments-opened=\"0\" data-image-title=\"img_9783\" data-image-description=\"\" data-image-caption=\"\" data-large-file=\"https:\/\/www.intellectualsovereignty.ch\/wp-content\/uploads\/2022\/07\/img_9783-768x1024.jpg\" data-id=\"8468\" src=\"https:\/\/www.intellectualsovereignty.ch\/wp-content\/uploads\/2022\/07\/img_9783.jpg\" alt=\"\" class=\"wp-image-8468\" srcset=\"https:\/\/www.intellectualsovereignty.ch\/wp-content\/uploads\/2022\/07\/img_9783.jpg 1500w, https:\/\/www.intellectualsovereignty.ch\/wp-content\/uploads\/2022\/07\/img_9783-225x300.jpg 225w, https:\/\/www.intellectualsovereignty.ch\/wp-content\/uploads\/2022\/07\/img_9783-768x1024.jpg 768w, https:\/\/www.intellectualsovereignty.ch\/wp-content\/uploads\/2022\/07\/img_9783-1152x1536.jpg 1152w, https:\/\/www.intellectualsovereignty.ch\/wp-content\/uploads\/2022\/07\/img_9783-400x533.jpg 400w, https:\/\/www.intellectualsovereignty.ch\/wp-content\/uploads\/2022\/07\/img_9783-800x1067.jpg 800w\" sizes=\"auto, (max-width: 1500px) 100vw, 1500px\" \/><\/figure>\n\n\n\n<figure class=\"wp-block-image size-large\"><img loading=\"lazy\" decoding=\"async\" width=\"1500\" height=\"2000\" data-attachment-id=\"8471\" data-permalink=\"https:\/\/www.intellectualsovereignty.ch\/index.php\/2022\/07\/02\/day71-spanish-peak-ridge-frog-mountain-ridge-km-2046-2096\/img_9784\/\" data-orig-file=\"https:\/\/www.intellectualsovereignty.ch\/wp-content\/uploads\/2022\/07\/img_9784.jpg\" data-orig-size=\"1500,2000\" data-comments-opened=\"0\" data-image-title=\"img_9784\" data-image-description=\"\" data-image-caption=\"\" data-large-file=\"https:\/\/www.intellectualsovereignty.ch\/wp-content\/uploads\/2022\/07\/img_9784-768x1024.jpg\" data-id=\"8471\" src=\"https:\/\/www.intellectualsovereignty.ch\/wp-content\/uploads\/2022\/07\/img_9784.jpg\" alt=\"\" class=\"wp-image-8471\" srcset=\"https:\/\/www.intellectualsovereignty.ch\/wp-content\/uploads\/2022\/07\/img_9784.jpg 1500w, https:\/\/www.intellectualsovereignty.ch\/wp-content\/uploads\/2022\/07\/img_9784-225x300.jpg 225w, https:\/\/www.intellectualsovereignty.ch\/wp-content\/uploads\/2022\/07\/img_9784-768x1024.jpg 768w, https:\/\/www.intellectualsovereignty.ch\/wp-content\/uploads\/2022\/07\/img_9784-1152x1536.jpg 1152w, https:\/\/www.intellectualsovereignty.ch\/wp-content\/uploads\/2022\/07\/img_9784-400x533.jpg 400w, https:\/\/www.intellectualsovereignty.ch\/wp-content\/uploads\/2022\/07\/img_9784-800x1067.jpg 800w\" sizes=\"auto, (max-width: 1500px) 100vw, 1500px\" \/><\/figure>\n\n\n\n<figure class=\"wp-block-image size-large\"><img loading=\"lazy\" decoding=\"async\" width=\"1500\" height=\"2000\" data-attachment-id=\"8473\" data-permalink=\"https:\/\/www.intellectualsovereignty.ch\/index.php\/2022\/07\/02\/day71-spanish-peak-ridge-frog-mountain-ridge-km-2046-2096\/img_9785\/\" data-orig-file=\"https:\/\/www.intellectualsovereignty.ch\/wp-content\/uploads\/2022\/07\/img_9785.jpg\" data-orig-size=\"1500,2000\" data-comments-opened=\"0\" data-image-title=\"img_9785\" data-image-description=\"\" data-image-caption=\"\" data-large-file=\"https:\/\/www.intellectualsovereignty.ch\/wp-content\/uploads\/2022\/07\/img_9785-768x1024.jpg\" data-id=\"8473\" src=\"https:\/\/www.intellectualsovereignty.ch\/wp-content\/uploads\/2022\/07\/img_9785.jpg\" alt=\"\" class=\"wp-image-8473\" srcset=\"https:\/\/www.intellectualsovereignty.ch\/wp-content\/uploads\/2022\/07\/img_9785.jpg 1500w, https:\/\/www.intellectualsovereignty.ch\/wp-content\/uploads\/2022\/07\/img_9785-225x300.jpg 225w, https:\/\/www.intellectualsovereignty.ch\/wp-content\/uploads\/2022\/07\/img_9785-768x1024.jpg 768w, https:\/\/www.intellectualsovereignty.ch\/wp-content\/uploads\/2022\/07\/img_9785-1152x1536.jpg 1152w, https:\/\/www.intellectualsovereignty.ch\/wp-content\/uploads\/2022\/07\/img_9785-400x533.jpg 400w, https:\/\/www.intellectualsovereignty.ch\/wp-content\/uploads\/2022\/07\/img_9785-800x1067.jpg 800w\" sizes=\"auto, (max-width: 1500px) 100vw, 1500px\" \/><\/figure>\n\n\n\n<figure class=\"wp-block-image size-large\"><img loading=\"lazy\" decoding=\"async\" width=\"2000\" height=\"1500\" data-attachment-id=\"8472\" data-permalink=\"https:\/\/www.intellectualsovereignty.ch\/index.php\/2022\/07\/02\/day71-spanish-peak-ridge-frog-mountain-ridge-km-2046-2096\/img_9786\/\" data-orig-file=\"https:\/\/www.intellectualsovereignty.ch\/wp-content\/uploads\/2022\/07\/img_9786.jpg\" data-orig-size=\"2000,1500\" data-comments-opened=\"0\" data-image-title=\"img_9786\" data-image-description=\"\" data-image-caption=\"\" data-large-file=\"https:\/\/www.intellectualsovereignty.ch\/wp-content\/uploads\/2022\/07\/img_9786-1024x768.jpg\" data-id=\"8472\" src=\"https:\/\/www.intellectualsovereignty.ch\/wp-content\/uploads\/2022\/07\/img_9786.jpg\" alt=\"\" class=\"wp-image-8472\" srcset=\"https:\/\/www.intellectualsovereignty.ch\/wp-content\/uploads\/2022\/07\/img_9786.jpg 2000w, https:\/\/www.intellectualsovereignty.ch\/wp-content\/uploads\/2022\/07\/img_9786-300x225.jpg 300w, https:\/\/www.intellectualsovereignty.ch\/wp-content\/uploads\/2022\/07\/img_9786-1024x768.jpg 1024w, https:\/\/www.intellectualsovereignty.ch\/wp-content\/uploads\/2022\/07\/img_9786-768x576.jpg 768w, https:\/\/www.intellectualsovereignty.ch\/wp-content\/uploads\/2022\/07\/img_9786-1536x1152.jpg 1536w, https:\/\/www.intellectualsovereignty.ch\/wp-content\/uploads\/2022\/07\/img_9786-1870x1403.jpg 1870w, https:\/\/www.intellectualsovereignty.ch\/wp-content\/uploads\/2022\/07\/img_9786-400x300.jpg 400w, https:\/\/www.intellectualsovereignty.ch\/wp-content\/uploads\/2022\/07\/img_9786-800x600.jpg 800w\" sizes=\"auto, (max-width: 2000px) 100vw, 2000px\" \/><\/figure>\n\n\n\n<figure class=\"wp-block-image size-large\"><img loading=\"lazy\" decoding=\"async\" width=\"1500\" height=\"2000\" data-attachment-id=\"8475\" data-permalink=\"https:\/\/www.intellectualsovereignty.ch\/index.php\/2022\/07\/02\/day71-spanish-peak-ridge-frog-mountain-ridge-km-2046-2096\/img_9787\/\" data-orig-file=\"https:\/\/www.intellectualsovereignty.ch\/wp-content\/uploads\/2022\/07\/img_9787.jpg\" data-orig-size=\"1500,2000\" data-comments-opened=\"0\" data-image-title=\"img_9787\" data-image-description=\"\" data-image-caption=\"\" data-large-file=\"https:\/\/www.intellectualsovereignty.ch\/wp-content\/uploads\/2022\/07\/img_9787-768x1024.jpg\" data-id=\"8475\" src=\"https:\/\/www.intellectualsovereignty.ch\/wp-content\/uploads\/2022\/07\/img_9787.jpg\" alt=\"\" class=\"wp-image-8475\" srcset=\"https:\/\/www.intellectualsovereignty.ch\/wp-content\/uploads\/2022\/07\/img_9787.jpg 1500w, https:\/\/www.intellectualsovereignty.ch\/wp-content\/uploads\/2022\/07\/img_9787-225x300.jpg 225w, https:\/\/www.intellectualsovereignty.ch\/wp-content\/uploads\/2022\/07\/img_9787-768x1024.jpg 768w, https:\/\/www.intellectualsovereignty.ch\/wp-content\/uploads\/2022\/07\/img_9787-1152x1536.jpg 1152w, https:\/\/www.intellectualsovereignty.ch\/wp-content\/uploads\/2022\/07\/img_9787-400x533.jpg 400w, https:\/\/www.intellectualsovereignty.ch\/wp-content\/uploads\/2022\/07\/img_9787-800x1067.jpg 800w\" sizes=\"auto, (max-width: 1500px) 100vw, 1500px\" \/><\/figure>\n\n\n\n<figure class=\"wp-block-image size-large\"><img loading=\"lazy\" decoding=\"async\" width=\"2000\" height=\"1500\" data-attachment-id=\"8482\" data-permalink=\"https:\/\/www.intellectualsovereignty.ch\/index.php\/2022\/07\/02\/day71-spanish-peak-ridge-frog-mountain-ridge-km-2046-2096\/img_9788\/\" data-orig-file=\"https:\/\/www.intellectualsovereignty.ch\/wp-content\/uploads\/2022\/07\/img_9788.jpg\" data-orig-size=\"2000,1500\" data-comments-opened=\"0\" data-image-title=\"img_9788\" data-image-description=\"\" data-image-caption=\"\" data-large-file=\"https:\/\/www.intellectualsovereignty.ch\/wp-content\/uploads\/2022\/07\/img_9788-1024x768.jpg\" data-id=\"8482\" src=\"https:\/\/www.intellectualsovereignty.ch\/wp-content\/uploads\/2022\/07\/img_9788.jpg\" alt=\"\" class=\"wp-image-8482\" srcset=\"https:\/\/www.intellectualsovereignty.ch\/wp-content\/uploads\/2022\/07\/img_9788.jpg 2000w, https:\/\/www.intellectualsovereignty.ch\/wp-content\/uploads\/2022\/07\/img_9788-300x225.jpg 300w, https:\/\/www.intellectualsovereignty.ch\/wp-content\/uploads\/2022\/07\/img_9788-1024x768.jpg 1024w, https:\/\/www.intellectualsovereignty.ch\/wp-content\/uploads\/2022\/07\/img_9788-768x576.jpg 768w, https:\/\/www.intellectualsovereignty.ch\/wp-content\/uploads\/2022\/07\/img_9788-1536x1152.jpg 1536w, https:\/\/www.intellectualsovereignty.ch\/wp-content\/uploads\/2022\/07\/img_9788-1870x1403.jpg 1870w, https:\/\/www.intellectualsovereignty.ch\/wp-content\/uploads\/2022\/07\/img_9788-400x300.jpg 400w, https:\/\/www.intellectualsovereignty.ch\/wp-content\/uploads\/2022\/07\/img_9788-800x600.jpg 800w\" sizes=\"auto, (max-width: 2000px) 100vw, 2000px\" \/><\/figure>\n\n\n\n<figure class=\"wp-block-image size-large\"><img loading=\"lazy\" decoding=\"async\" width=\"2000\" height=\"1500\" data-attachment-id=\"8481\" data-permalink=\"https:\/\/www.intellectualsovereignty.ch\/index.php\/2022\/07\/02\/day71-spanish-peak-ridge-frog-mountain-ridge-km-2046-2096\/img_9790\/\" data-orig-file=\"https:\/\/www.intellectualsovereignty.ch\/wp-content\/uploads\/2022\/07\/img_9790.jpg\" data-orig-size=\"2000,1500\" data-comments-opened=\"0\" data-image-title=\"img_9790\" data-image-description=\"\" data-image-caption=\"\" data-large-file=\"https:\/\/www.intellectualsovereignty.ch\/wp-content\/uploads\/2022\/07\/img_9790-1024x768.jpg\" data-id=\"8481\" src=\"https:\/\/www.intellectualsovereignty.ch\/wp-content\/uploads\/2022\/07\/img_9790.jpg\" alt=\"\" class=\"wp-image-8481\" srcset=\"https:\/\/www.intellectualsovereignty.ch\/wp-content\/uploads\/2022\/07\/img_9790.jpg 2000w, https:\/\/www.intellectualsovereignty.ch\/wp-content\/uploads\/2022\/07\/img_9790-300x225.jpg 300w, https:\/\/www.intellectualsovereignty.ch\/wp-content\/uploads\/2022\/07\/img_9790-1024x768.jpg 1024w, https:\/\/www.intellectualsovereignty.ch\/wp-content\/uploads\/2022\/07\/img_9790-768x576.jpg 768w, https:\/\/www.intellectualsovereignty.ch\/wp-content\/uploads\/2022\/07\/img_9790-1536x1152.jpg 1536w, https:\/\/www.intellectualsovereignty.ch\/wp-content\/uploads\/2022\/07\/img_9790-1870x1403.jpg 1870w, https:\/\/www.intellectualsovereignty.ch\/wp-content\/uploads\/2022\/07\/img_9790-400x300.jpg 400w, https:\/\/www.intellectualsovereignty.ch\/wp-content\/uploads\/2022\/07\/img_9790-800x600.jpg 800w\" sizes=\"auto, (max-width: 2000px) 100vw, 2000px\" \/><\/figure>\n\n\n\n<figure class=\"wp-block-image size-large\"><img loading=\"lazy\" decoding=\"async\" width=\"2000\" height=\"1500\" data-attachment-id=\"8479\" data-permalink=\"https:\/\/www.intellectualsovereignty.ch\/index.php\/2022\/07\/02\/day71-spanish-peak-ridge-frog-mountain-ridge-km-2046-2096\/img_9791\/\" data-orig-file=\"https:\/\/www.intellectualsovereignty.ch\/wp-content\/uploads\/2022\/07\/img_9791.jpg\" data-orig-size=\"2000,1500\" data-comments-opened=\"0\" data-image-title=\"img_9791\" data-image-description=\"\" data-image-caption=\"\" data-large-file=\"https:\/\/www.intellectualsovereignty.ch\/wp-content\/uploads\/2022\/07\/img_9791-1024x768.jpg\" data-id=\"8479\" src=\"https:\/\/www.intellectualsovereignty.ch\/wp-content\/uploads\/2022\/07\/img_9791.jpg\" alt=\"\" class=\"wp-image-8479\" srcset=\"https:\/\/www.intellectualsovereignty.ch\/wp-content\/uploads\/2022\/07\/img_9791.jpg 2000w, https:\/\/www.intellectualsovereignty.ch\/wp-content\/uploads\/2022\/07\/img_9791-300x225.jpg 300w, https:\/\/www.intellectualsovereignty.ch\/wp-content\/uploads\/2022\/07\/img_9791-1024x768.jpg 1024w, https:\/\/www.intellectualsovereignty.ch\/wp-content\/uploads\/2022\/07\/img_9791-768x576.jpg 768w, https:\/\/www.intellectualsovereignty.ch\/wp-content\/uploads\/2022\/07\/img_9791-1536x1152.jpg 1536w, https:\/\/www.intellectualsovereignty.ch\/wp-content\/uploads\/2022\/07\/img_9791-1870x1403.jpg 1870w, https:\/\/www.intellectualsovereignty.ch\/wp-content\/uploads\/2022\/07\/img_9791-400x300.jpg 400w, https:\/\/www.intellectualsovereignty.ch\/wp-content\/uploads\/2022\/07\/img_9791-800x600.jpg 800w\" sizes=\"auto, (max-width: 2000px) 100vw, 2000px\" \/><\/figure>\n\n\n\n<figure class=\"wp-block-image size-large\"><img loading=\"lazy\" decoding=\"async\" width=\"2000\" height=\"1500\" data-attachment-id=\"8478\" data-permalink=\"https:\/\/www.intellectualsovereignty.ch\/index.php\/2022\/07\/02\/day71-spanish-peak-ridge-frog-mountain-ridge-km-2046-2096\/img_9792\/\" data-orig-file=\"https:\/\/www.intellectualsovereignty.ch\/wp-content\/uploads\/2022\/07\/img_9792.jpg\" data-orig-size=\"2000,1500\" data-comments-opened=\"0\" data-image-title=\"img_9792\" data-image-description=\"\" data-image-caption=\"\" data-large-file=\"https:\/\/www.intellectualsovereignty.ch\/wp-content\/uploads\/2022\/07\/img_9792-1024x768.jpg\" data-id=\"8478\" src=\"https:\/\/www.intellectualsovereignty.ch\/wp-content\/uploads\/2022\/07\/img_9792.jpg\" alt=\"\" class=\"wp-image-8478\" srcset=\"https:\/\/www.intellectualsovereignty.ch\/wp-content\/uploads\/2022\/07\/img_9792.jpg 2000w, https:\/\/www.intellectualsovereignty.ch\/wp-content\/uploads\/2022\/07\/img_9792-300x225.jpg 300w, https:\/\/www.intellectualsovereignty.ch\/wp-content\/uploads\/2022\/07\/img_9792-1024x768.jpg 1024w, https:\/\/www.intellectualsovereignty.ch\/wp-content\/uploads\/2022\/07\/img_9792-768x576.jpg 768w, https:\/\/www.intellectualsovereignty.ch\/wp-content\/uploads\/2022\/07\/img_9792-1536x1152.jpg 1536w, https:\/\/www.intellectualsovereignty.ch\/wp-content\/uploads\/2022\/07\/img_9792-1870x1403.jpg 1870w, https:\/\/www.intellectualsovereignty.ch\/wp-content\/uploads\/2022\/07\/img_9792-400x300.jpg 400w, https:\/\/www.intellectualsovereignty.ch\/wp-content\/uploads\/2022\/07\/img_9792-800x600.jpg 800w\" sizes=\"auto, (max-width: 2000px) 100vw, 2000px\" \/><\/figure>\n\n\n\n<figure class=\"wp-block-image size-large\"><img loading=\"lazy\" decoding=\"async\" width=\"1500\" height=\"2000\" data-attachment-id=\"8480\" data-permalink=\"https:\/\/www.intellectualsovereignty.ch\/index.php\/2022\/07\/02\/day71-spanish-peak-ridge-frog-mountain-ridge-km-2046-2096\/img_9793\/\" data-orig-file=\"https:\/\/www.intellectualsovereignty.ch\/wp-content\/uploads\/2022\/07\/img_9793.jpg\" data-orig-size=\"1500,2000\" data-comments-opened=\"0\" data-image-title=\"img_9793\" data-image-description=\"\" data-image-caption=\"\" data-large-file=\"https:\/\/www.intellectualsovereignty.ch\/wp-content\/uploads\/2022\/07\/img_9793-768x1024.jpg\" data-id=\"8480\" src=\"https:\/\/www.intellectualsovereignty.ch\/wp-content\/uploads\/2022\/07\/img_9793.jpg\" alt=\"\" class=\"wp-image-8480\" srcset=\"https:\/\/www.intellectualsovereignty.ch\/wp-content\/uploads\/2022\/07\/img_9793.jpg 1500w, https:\/\/www.intellectualsovereignty.ch\/wp-content\/uploads\/2022\/07\/img_9793-225x300.jpg 225w, https:\/\/www.intellectualsovereignty.ch\/wp-content\/uploads\/2022\/07\/img_9793-768x1024.jpg 768w, https:\/\/www.intellectualsovereignty.ch\/wp-content\/uploads\/2022\/07\/img_9793-1152x1536.jpg 1152w, https:\/\/www.intellectualsovereignty.ch\/wp-content\/uploads\/2022\/07\/img_9793-400x533.jpg 400w, https:\/\/www.intellectualsovereignty.ch\/wp-content\/uploads\/2022\/07\/img_9793-800x1067.jpg 800w\" sizes=\"auto, (max-width: 1500px) 100vw, 1500px\" \/><\/figure>\n\n\n\n<figure class=\"wp-block-image size-large\"><img loading=\"lazy\" decoding=\"async\" width=\"2000\" height=\"1500\" data-attachment-id=\"8477\" data-permalink=\"https:\/\/www.intellectualsovereignty.ch\/index.php\/2022\/07\/02\/day71-spanish-peak-ridge-frog-mountain-ridge-km-2046-2096\/img_9794\/\" data-orig-file=\"https:\/\/www.intellectualsovereignty.ch\/wp-content\/uploads\/2022\/07\/img_9794.jpg\" data-orig-size=\"2000,1500\" data-comments-opened=\"0\" data-image-title=\"img_9794\" data-image-description=\"\" data-image-caption=\"\" data-large-file=\"https:\/\/www.intellectualsovereignty.ch\/wp-content\/uploads\/2022\/07\/img_9794-1024x768.jpg\" data-id=\"8477\" src=\"https:\/\/www.intellectualsovereignty.ch\/wp-content\/uploads\/2022\/07\/img_9794.jpg\" alt=\"\" class=\"wp-image-8477\" srcset=\"https:\/\/www.intellectualsovereignty.ch\/wp-content\/uploads\/2022\/07\/img_9794.jpg 2000w, https:\/\/www.intellectualsovereignty.ch\/wp-content\/uploads\/2022\/07\/img_9794-300x225.jpg 300w, https:\/\/www.intellectualsovereignty.ch\/wp-content\/uploads\/2022\/07\/img_9794-1024x768.jpg 1024w, https:\/\/www.intellectualsovereignty.ch\/wp-content\/uploads\/2022\/07\/img_9794-768x576.jpg 768w, https:\/\/www.intellectualsovereignty.ch\/wp-content\/uploads\/2022\/07\/img_9794-1536x1152.jpg 1536w, https:\/\/www.intellectualsovereignty.ch\/wp-content\/uploads\/2022\/07\/img_9794-1870x1403.jpg 1870w, https:\/\/www.intellectualsovereignty.ch\/wp-content\/uploads\/2022\/07\/img_9794-400x300.jpg 400w, https:\/\/www.intellectualsovereignty.ch\/wp-content\/uploads\/2022\/07\/img_9794-800x600.jpg 800w\" sizes=\"auto, (max-width: 2000px) 100vw, 2000px\" \/><\/figure>\n\n\n\n<figure class=\"wp-block-image size-large\"><img loading=\"lazy\" decoding=\"async\" width=\"2000\" height=\"1500\" data-attachment-id=\"8476\" data-permalink=\"https:\/\/www.intellectualsovereignty.ch\/index.php\/2022\/07\/02\/day71-spanish-peak-ridge-frog-mountain-ridge-km-2046-2096\/img_9795\/\" data-orig-file=\"https:\/\/www.intellectualsovereignty.ch\/wp-content\/uploads\/2022\/07\/img_9795.jpg\" data-orig-size=\"2000,1500\" data-comments-opened=\"0\" data-image-title=\"img_9795\" data-image-description=\"\" data-image-caption=\"\" data-large-file=\"https:\/\/www.intellectualsovereignty.ch\/wp-content\/uploads\/2022\/07\/img_9795-1024x768.jpg\" data-id=\"8476\" src=\"https:\/\/www.intellectualsovereignty.ch\/wp-content\/uploads\/2022\/07\/img_9795.jpg\" alt=\"\" class=\"wp-image-8476\" srcset=\"https:\/\/www.intellectualsovereignty.ch\/wp-content\/uploads\/2022\/07\/img_9795.jpg 2000w, https:\/\/www.intellectualsovereignty.ch\/wp-content\/uploads\/2022\/07\/img_9795-300x225.jpg 300w, https:\/\/www.intellectualsovereignty.ch\/wp-content\/uploads\/2022\/07\/img_9795-1024x768.jpg 1024w, https:\/\/www.intellectualsovereignty.ch\/wp-content\/uploads\/2022\/07\/img_9795-768x576.jpg 768w, https:\/\/www.intellectualsovereignty.ch\/wp-content\/uploads\/2022\/07\/img_9795-1536x1152.jpg 1536w, https:\/\/www.intellectualsovereignty.ch\/wp-content\/uploads\/2022\/07\/img_9795-1870x1403.jpg 1870w, https:\/\/www.intellectualsovereignty.ch\/wp-content\/uploads\/2022\/07\/img_9795-400x300.jpg 400w, https:\/\/www.intellectualsovereignty.ch\/wp-content\/uploads\/2022\/07\/img_9795-800x600.jpg 800w\" sizes=\"auto, (max-width: 2000px) 100vw, 2000px\" \/><\/figure>\n\n\n\n<figure class=\"wp-block-image size-large\"><img loading=\"lazy\" decoding=\"async\" width=\"1500\" height=\"2000\" data-attachment-id=\"8484\" data-permalink=\"https:\/\/www.intellectualsovereignty.ch\/index.php\/2022\/07\/02\/day71-spanish-peak-ridge-frog-mountain-ridge-km-2046-2096\/img_9796\/\" data-orig-file=\"https:\/\/www.intellectualsovereignty.ch\/wp-content\/uploads\/2022\/07\/img_9796.jpg\" data-orig-size=\"1500,2000\" data-comments-opened=\"0\" data-image-title=\"img_9796\" data-image-description=\"\" data-image-caption=\"\" data-large-file=\"https:\/\/www.intellectualsovereignty.ch\/wp-content\/uploads\/2022\/07\/img_9796-768x1024.jpg\" data-id=\"8484\" src=\"https:\/\/www.intellectualsovereignty.ch\/wp-content\/uploads\/2022\/07\/img_9796.jpg\" alt=\"\" class=\"wp-image-8484\" srcset=\"https:\/\/www.intellectualsovereignty.ch\/wp-content\/uploads\/2022\/07\/img_9796.jpg 1500w, https:\/\/www.intellectualsovereignty.ch\/wp-content\/uploads\/2022\/07\/img_9796-225x300.jpg 225w, https:\/\/www.intellectualsovereignty.ch\/wp-content\/uploads\/2022\/07\/img_9796-768x1024.jpg 768w, https:\/\/www.intellectualsovereignty.ch\/wp-content\/uploads\/2022\/07\/img_9796-1152x1536.jpg 1152w, https:\/\/www.intellectualsovereignty.ch\/wp-content\/uploads\/2022\/07\/img_9796-400x533.jpg 400w, https:\/\/www.intellectualsovereignty.ch\/wp-content\/uploads\/2022\/07\/img_9796-800x1067.jpg 800w\" sizes=\"auto, (max-width: 1500px) 100vw, 1500px\" \/><\/figure>\n\n\n\n<figure class=\"wp-block-image size-large\"><img loading=\"lazy\" decoding=\"async\" width=\"1500\" height=\"2000\" data-attachment-id=\"8488\" data-permalink=\"https:\/\/www.intellectualsovereignty.ch\/index.php\/2022\/07\/02\/day71-spanish-peak-ridge-frog-mountain-ridge-km-2046-2096\/img_9797\/\" data-orig-file=\"https:\/\/www.intellectualsovereignty.ch\/wp-content\/uploads\/2022\/07\/img_9797.jpg\" data-orig-size=\"1500,2000\" data-comments-opened=\"0\" data-image-title=\"img_9797\" data-image-description=\"\" data-image-caption=\"\" data-large-file=\"https:\/\/www.intellectualsovereignty.ch\/wp-content\/uploads\/2022\/07\/img_9797-768x1024.jpg\" data-id=\"8488\" src=\"https:\/\/www.intellectualsovereignty.ch\/wp-content\/uploads\/2022\/07\/img_9797.jpg\" alt=\"\" class=\"wp-image-8488\" srcset=\"https:\/\/www.intellectualsovereignty.ch\/wp-content\/uploads\/2022\/07\/img_9797.jpg 1500w, https:\/\/www.intellectualsovereignty.ch\/wp-content\/uploads\/2022\/07\/img_9797-225x300.jpg 225w, https:\/\/www.intellectualsovereignty.ch\/wp-content\/uploads\/2022\/07\/img_9797-768x1024.jpg 768w, https:\/\/www.intellectualsovereignty.ch\/wp-content\/uploads\/2022\/07\/img_9797-1152x1536.jpg 1152w, https:\/\/www.intellectualsovereignty.ch\/wp-content\/uploads\/2022\/07\/img_9797-400x533.jpg 400w, https:\/\/www.intellectualsovereignty.ch\/wp-content\/uploads\/2022\/07\/img_9797-800x1067.jpg 800w\" sizes=\"auto, (max-width: 1500px) 100vw, 1500px\" \/><\/figure>\n\n\n\n<figure class=\"wp-block-image size-large\"><img loading=\"lazy\" decoding=\"async\" width=\"2000\" height=\"1500\" data-attachment-id=\"8489\" data-permalink=\"https:\/\/www.intellectualsovereignty.ch\/index.php\/2022\/07\/02\/day71-spanish-peak-ridge-frog-mountain-ridge-km-2046-2096\/img_9798\/\" data-orig-file=\"https:\/\/www.intellectualsovereignty.ch\/wp-content\/uploads\/2022\/07\/img_9798.jpg\" data-orig-size=\"2000,1500\" data-comments-opened=\"0\" data-image-title=\"img_9798\" data-image-description=\"\" data-image-caption=\"\" data-large-file=\"https:\/\/www.intellectualsovereignty.ch\/wp-content\/uploads\/2022\/07\/img_9798-1024x768.jpg\" data-id=\"8489\" src=\"https:\/\/www.intellectualsovereignty.ch\/wp-content\/uploads\/2022\/07\/img_9798.jpg\" alt=\"\" class=\"wp-image-8489\" srcset=\"https:\/\/www.intellectualsovereignty.ch\/wp-content\/uploads\/2022\/07\/img_9798.jpg 2000w, https:\/\/www.intellectualsovereignty.ch\/wp-content\/uploads\/2022\/07\/img_9798-300x225.jpg 300w, https:\/\/www.intellectualsovereignty.ch\/wp-content\/uploads\/2022\/07\/img_9798-1024x768.jpg 1024w, https:\/\/www.intellectualsovereignty.ch\/wp-content\/uploads\/2022\/07\/img_9798-768x576.jpg 768w, https:\/\/www.intellectualsovereignty.ch\/wp-content\/uploads\/2022\/07\/img_9798-1536x1152.jpg 1536w, https:\/\/www.intellectualsovereignty.ch\/wp-content\/uploads\/2022\/07\/img_9798-1870x1403.jpg 1870w, https:\/\/www.intellectualsovereignty.ch\/wp-content\/uploads\/2022\/07\/img_9798-400x300.jpg 400w, https:\/\/www.intellectualsovereignty.ch\/wp-content\/uploads\/2022\/07\/img_9798-800x600.jpg 800w\" sizes=\"auto, (max-width: 2000px) 100vw, 2000px\" \/><\/figure>\n\n\n\n<figure class=\"wp-block-image size-large\"><img loading=\"lazy\" decoding=\"async\" width=\"1500\" height=\"2000\" data-attachment-id=\"8490\" data-permalink=\"https:\/\/www.intellectualsovereignty.ch\/index.php\/2022\/07\/02\/day71-spanish-peak-ridge-frog-mountain-ridge-km-2046-2096\/img_9799\/\" data-orig-file=\"https:\/\/www.intellectualsovereignty.ch\/wp-content\/uploads\/2022\/07\/img_9799.jpg\" data-orig-size=\"1500,2000\" data-comments-opened=\"0\" data-image-title=\"img_9799\" data-image-description=\"\" data-image-caption=\"\" data-large-file=\"https:\/\/www.intellectualsovereignty.ch\/wp-content\/uploads\/2022\/07\/img_9799-768x1024.jpg\" data-id=\"8490\" src=\"https:\/\/www.intellectualsovereignty.ch\/wp-content\/uploads\/2022\/07\/img_9799.jpg\" alt=\"\" class=\"wp-image-8490\" srcset=\"https:\/\/www.intellectualsovereignty.ch\/wp-content\/uploads\/2022\/07\/img_9799.jpg 1500w, https:\/\/www.intellectualsovereignty.ch\/wp-content\/uploads\/2022\/07\/img_9799-225x300.jpg 225w, https:\/\/www.intellectualsovereignty.ch\/wp-content\/uploads\/2022\/07\/img_9799-768x1024.jpg 768w, https:\/\/www.intellectualsovereignty.ch\/wp-content\/uploads\/2022\/07\/img_9799-1152x1536.jpg 1152w, https:\/\/www.intellectualsovereignty.ch\/wp-content\/uploads\/2022\/07\/img_9799-400x533.jpg 400w, https:\/\/www.intellectualsovereignty.ch\/wp-content\/uploads\/2022\/07\/img_9799-800x1067.jpg 800w\" sizes=\"auto, (max-width: 1500px) 100vw, 1500px\" \/><\/figure>\n\n\n\n<figure class=\"wp-block-image size-large\"><img loading=\"lazy\" decoding=\"async\" width=\"2000\" height=\"1500\" data-attachment-id=\"8486\" data-permalink=\"https:\/\/www.intellectualsovereignty.ch\/index.php\/2022\/07\/02\/day71-spanish-peak-ridge-frog-mountain-ridge-km-2046-2096\/img_9800\/\" data-orig-file=\"https:\/\/www.intellectualsovereignty.ch\/wp-content\/uploads\/2022\/07\/img_9800.jpg\" data-orig-size=\"2000,1500\" data-comments-opened=\"0\" data-image-title=\"img_9800\" data-image-description=\"\" data-image-caption=\"\" data-large-file=\"https:\/\/www.intellectualsovereignty.ch\/wp-content\/uploads\/2022\/07\/img_9800-1024x768.jpg\" data-id=\"8486\" src=\"https:\/\/www.intellectualsovereignty.ch\/wp-content\/uploads\/2022\/07\/img_9800.jpg\" alt=\"\" class=\"wp-image-8486\" srcset=\"https:\/\/www.intellectualsovereignty.ch\/wp-content\/uploads\/2022\/07\/img_9800.jpg 2000w, https:\/\/www.intellectualsovereignty.ch\/wp-content\/uploads\/2022\/07\/img_9800-300x225.jpg 300w, https:\/\/www.intellectualsovereignty.ch\/wp-content\/uploads\/2022\/07\/img_9800-1024x768.jpg 1024w, https:\/\/www.intellectualsovereignty.ch\/wp-content\/uploads\/2022\/07\/img_9800-768x576.jpg 768w, https:\/\/www.intellectualsovereignty.ch\/wp-content\/uploads\/2022\/07\/img_9800-1536x1152.jpg 1536w, https:\/\/www.intellectualsovereignty.ch\/wp-content\/uploads\/2022\/07\/img_9800-1870x1403.jpg 1870w, https:\/\/www.intellectualsovereignty.ch\/wp-content\/uploads\/2022\/07\/img_9800-400x300.jpg 400w, https:\/\/www.intellectualsovereignty.ch\/wp-content\/uploads\/2022\/07\/img_9800-800x600.jpg 800w\" sizes=\"auto, (max-width: 2000px) 100vw, 2000px\" \/><\/figure>\n\n\n\n<figure class=\"wp-block-image size-large\"><img loading=\"lazy\" decoding=\"async\" width=\"1500\" height=\"2000\" data-attachment-id=\"8483\" data-permalink=\"https:\/\/www.intellectualsovereignty.ch\/index.php\/2022\/07\/02\/day71-spanish-peak-ridge-frog-mountain-ridge-km-2046-2096\/img_9801\/\" data-orig-file=\"https:\/\/www.intellectualsovereignty.ch\/wp-content\/uploads\/2022\/07\/img_9801.jpg\" data-orig-size=\"1500,2000\" data-comments-opened=\"0\" data-image-title=\"img_9801\" data-image-description=\"\" data-image-caption=\"\" data-large-file=\"https:\/\/www.intellectualsovereignty.ch\/wp-content\/uploads\/2022\/07\/img_9801-768x1024.jpg\" data-id=\"8483\" src=\"https:\/\/www.intellectualsovereignty.ch\/wp-content\/uploads\/2022\/07\/img_9801.jpg\" alt=\"\" class=\"wp-image-8483\" srcset=\"https:\/\/www.intellectualsovereignty.ch\/wp-content\/uploads\/2022\/07\/img_9801.jpg 1500w, https:\/\/www.intellectualsovereignty.ch\/wp-content\/uploads\/2022\/07\/img_9801-225x300.jpg 225w, https:\/\/www.intellectualsovereignty.ch\/wp-content\/uploads\/2022\/07\/img_9801-768x1024.jpg 768w, https:\/\/www.intellectualsovereignty.ch\/wp-content\/uploads\/2022\/07\/img_9801-1152x1536.jpg 1152w, https:\/\/www.intellectualsovereignty.ch\/wp-content\/uploads\/2022\/07\/img_9801-400x533.jpg 400w, https:\/\/www.intellectualsovereignty.ch\/wp-content\/uploads\/2022\/07\/img_9801-800x1067.jpg 800w\" sizes=\"auto, (max-width: 1500px) 100vw, 1500px\" \/><\/figure>\n\n\n\n<figure class=\"wp-block-image size-large\"><img loading=\"lazy\" decoding=\"async\" width=\"1500\" height=\"2000\" data-attachment-id=\"8487\" data-permalink=\"https:\/\/www.intellectualsovereignty.ch\/index.php\/2022\/07\/02\/day71-spanish-peak-ridge-frog-mountain-ridge-km-2046-2096\/img_9802\/\" data-orig-file=\"https:\/\/www.intellectualsovereignty.ch\/wp-content\/uploads\/2022\/07\/img_9802.jpg\" data-orig-size=\"1500,2000\" data-comments-opened=\"0\" data-image-title=\"img_9802\" data-image-description=\"\" data-image-caption=\"\" data-large-file=\"https:\/\/www.intellectualsovereignty.ch\/wp-content\/uploads\/2022\/07\/img_9802-768x1024.jpg\" data-id=\"8487\" src=\"https:\/\/www.intellectualsovereignty.ch\/wp-content\/uploads\/2022\/07\/img_9802.jpg\" alt=\"\" class=\"wp-image-8487\" srcset=\"https:\/\/www.intellectualsovereignty.ch\/wp-content\/uploads\/2022\/07\/img_9802.jpg 1500w, https:\/\/www.intellectualsovereignty.ch\/wp-content\/uploads\/2022\/07\/img_9802-225x300.jpg 225w, https:\/\/www.intellectualsovereignty.ch\/wp-content\/uploads\/2022\/07\/img_9802-768x1024.jpg 768w, https:\/\/www.intellectualsovereignty.ch\/wp-content\/uploads\/2022\/07\/img_9802-1152x1536.jpg 1152w, https:\/\/www.intellectualsovereignty.ch\/wp-content\/uploads\/2022\/07\/img_9802-400x533.jpg 400w, https:\/\/www.intellectualsovereignty.ch\/wp-content\/uploads\/2022\/07\/img_9802-800x1067.jpg 800w\" sizes=\"auto, (max-width: 1500px) 100vw, 1500px\" \/><\/figure>\n\n\n\n<figure class=\"wp-block-image size-large\"><img loading=\"lazy\" decoding=\"async\" width=\"2000\" height=\"1500\" data-attachment-id=\"8485\" data-permalink=\"https:\/\/www.intellectualsovereignty.ch\/index.php\/2022\/07\/02\/day71-spanish-peak-ridge-frog-mountain-ridge-km-2046-2096\/img_9803\/\" data-orig-file=\"https:\/\/www.intellectualsovereignty.ch\/wp-content\/uploads\/2022\/07\/img_9803.jpg\" data-orig-size=\"2000,1500\" data-comments-opened=\"0\" data-image-title=\"img_9803\" data-image-description=\"\" data-image-caption=\"\" data-large-file=\"https:\/\/www.intellectualsovereignty.ch\/wp-content\/uploads\/2022\/07\/img_9803-1024x768.jpg\" data-id=\"8485\" src=\"https:\/\/www.intellectualsovereignty.ch\/wp-content\/uploads\/2022\/07\/img_9803.jpg\" alt=\"\" class=\"wp-image-8485\" srcset=\"https:\/\/www.intellectualsovereignty.ch\/wp-content\/uploads\/2022\/07\/img_9803.jpg 2000w, https:\/\/www.intellectualsovereignty.ch\/wp-content\/uploads\/2022\/07\/img_9803-300x225.jpg 300w, https:\/\/www.intellectualsovereignty.ch\/wp-content\/uploads\/2022\/07\/img_9803-1024x768.jpg 1024w, https:\/\/www.intellectualsovereignty.ch\/wp-content\/uploads\/2022\/07\/img_9803-768x576.jpg 768w, https:\/\/www.intellectualsovereignty.ch\/wp-content\/uploads\/2022\/07\/img_9803-1536x1152.jpg 1536w, https:\/\/www.intellectualsovereignty.ch\/wp-content\/uploads\/2022\/07\/img_9803-1870x1403.jpg 1870w, https:\/\/www.intellectualsovereignty.ch\/wp-content\/uploads\/2022\/07\/img_9803-400x300.jpg 400w, https:\/\/www.intellectualsovereignty.ch\/wp-content\/uploads\/2022\/07\/img_9803-800x600.jpg 800w\" sizes=\"auto, (max-width: 2000px) 100vw, 2000px\" \/><\/figure>\n\n\n\n<figure class=\"wp-block-image size-large\"><img loading=\"lazy\" decoding=\"async\" width=\"2000\" height=\"1500\" data-attachment-id=\"8494\" data-permalink=\"https:\/\/www.intellectualsovereignty.ch\/index.php\/2022\/07\/02\/day71-spanish-peak-ridge-frog-mountain-ridge-km-2046-2096\/img_9804\/\" data-orig-file=\"https:\/\/www.intellectualsovereignty.ch\/wp-content\/uploads\/2022\/07\/img_9804.jpg\" data-orig-size=\"2000,1500\" data-comments-opened=\"0\" data-image-title=\"img_9804\" data-image-description=\"\" data-image-caption=\"\" data-large-file=\"https:\/\/www.intellectualsovereignty.ch\/wp-content\/uploads\/2022\/07\/img_9804-1024x768.jpg\" data-id=\"8494\" src=\"https:\/\/www.intellectualsovereignty.ch\/wp-content\/uploads\/2022\/07\/img_9804.jpg\" alt=\"\" class=\"wp-image-8494\" srcset=\"https:\/\/www.intellectualsovereignty.ch\/wp-content\/uploads\/2022\/07\/img_9804.jpg 2000w, https:\/\/www.intellectualsovereignty.ch\/wp-content\/uploads\/2022\/07\/img_9804-300x225.jpg 300w, https:\/\/www.intellectualsovereignty.ch\/wp-content\/uploads\/2022\/07\/img_9804-1024x768.jpg 1024w, https:\/\/www.intellectualsovereignty.ch\/wp-content\/uploads\/2022\/07\/img_9804-768x576.jpg 768w, https:\/\/www.intellectualsovereignty.ch\/wp-content\/uploads\/2022\/07\/img_9804-1536x1152.jpg 1536w, https:\/\/www.intellectualsovereignty.ch\/wp-content\/uploads\/2022\/07\/img_9804-1870x1403.jpg 1870w, https:\/\/www.intellectualsovereignty.ch\/wp-content\/uploads\/2022\/07\/img_9804-400x300.jpg 400w, https:\/\/www.intellectualsovereignty.ch\/wp-content\/uploads\/2022\/07\/img_9804-800x600.jpg 800w\" sizes=\"auto, (max-width: 2000px) 100vw, 2000px\" \/><\/figure>\n\n\n\n<figure class=\"wp-block-image size-large\"><img loading=\"lazy\" decoding=\"async\" width=\"2000\" height=\"1500\" data-attachment-id=\"8495\" data-permalink=\"https:\/\/www.intellectualsovereignty.ch\/index.php\/2022\/07\/02\/day71-spanish-peak-ridge-frog-mountain-ridge-km-2046-2096\/img_9805\/\" data-orig-file=\"https:\/\/www.intellectualsovereignty.ch\/wp-content\/uploads\/2022\/07\/img_9805.jpg\" data-orig-size=\"2000,1500\" data-comments-opened=\"0\" data-image-title=\"img_9805\" data-image-description=\"\" data-image-caption=\"\" data-large-file=\"https:\/\/www.intellectualsovereignty.ch\/wp-content\/uploads\/2022\/07\/img_9805-1024x768.jpg\" data-id=\"8495\" src=\"https:\/\/www.intellectualsovereignty.ch\/wp-content\/uploads\/2022\/07\/img_9805.jpg\" alt=\"\" class=\"wp-image-8495\" srcset=\"https:\/\/www.intellectualsovereignty.ch\/wp-content\/uploads\/2022\/07\/img_9805.jpg 2000w, https:\/\/www.intellectualsovereignty.ch\/wp-content\/uploads\/2022\/07\/img_9805-300x225.jpg 300w, https:\/\/www.intellectualsovereignty.ch\/wp-content\/uploads\/2022\/07\/img_9805-1024x768.jpg 1024w, https:\/\/www.intellectualsovereignty.ch\/wp-content\/uploads\/2022\/07\/img_9805-768x576.jpg 768w, https:\/\/www.intellectualsovereignty.ch\/wp-content\/uploads\/2022\/07\/img_9805-1536x1152.jpg 1536w, https:\/\/www.intellectualsovereignty.ch\/wp-content\/uploads\/2022\/07\/img_9805-1870x1403.jpg 1870w, https:\/\/www.intellectualsovereignty.ch\/wp-content\/uploads\/2022\/07\/img_9805-400x300.jpg 400w, https:\/\/www.intellectualsovereignty.ch\/wp-content\/uploads\/2022\/07\/img_9805-800x600.jpg 800w\" sizes=\"auto, (max-width: 2000px) 100vw, 2000px\" \/><\/figure>\n\n\n\n<figure class=\"wp-block-image size-large\"><img loading=\"lazy\" decoding=\"async\" width=\"2000\" height=\"1500\" data-attachment-id=\"8496\" data-permalink=\"https:\/\/www.intellectualsovereignty.ch\/index.php\/2022\/07\/02\/day71-spanish-peak-ridge-frog-mountain-ridge-km-2046-2096\/img_9806\/\" data-orig-file=\"https:\/\/www.intellectualsovereignty.ch\/wp-content\/uploads\/2022\/07\/img_9806.jpg\" data-orig-size=\"2000,1500\" data-comments-opened=\"0\" data-image-title=\"img_9806\" data-image-description=\"\" data-image-caption=\"\" data-large-file=\"https:\/\/www.intellectualsovereignty.ch\/wp-content\/uploads\/2022\/07\/img_9806-1024x768.jpg\" data-id=\"8496\" src=\"https:\/\/www.intellectualsovereignty.ch\/wp-content\/uploads\/2022\/07\/img_9806.jpg\" alt=\"\" class=\"wp-image-8496\" srcset=\"https:\/\/www.intellectualsovereignty.ch\/wp-content\/uploads\/2022\/07\/img_9806.jpg 2000w, https:\/\/www.intellectualsovereignty.ch\/wp-content\/uploads\/2022\/07\/img_9806-300x225.jpg 300w, https:\/\/www.intellectualsovereignty.ch\/wp-content\/uploads\/2022\/07\/img_9806-1024x768.jpg 1024w, https:\/\/www.intellectualsovereignty.ch\/wp-content\/uploads\/2022\/07\/img_9806-768x576.jpg 768w, https:\/\/www.intellectualsovereignty.ch\/wp-content\/uploads\/2022\/07\/img_9806-1536x1152.jpg 1536w, https:\/\/www.intellectualsovereignty.ch\/wp-content\/uploads\/2022\/07\/img_9806-1870x1403.jpg 1870w, https:\/\/www.intellectualsovereignty.ch\/wp-content\/uploads\/2022\/07\/img_9806-400x300.jpg 400w, https:\/\/www.intellectualsovereignty.ch\/wp-content\/uploads\/2022\/07\/img_9806-800x600.jpg 800w\" sizes=\"auto, (max-width: 2000px) 100vw, 2000px\" \/><figcaption class=\"wp-element-caption\">Ein Camp von Volunteers<\/figcaption><\/figure>\n\n\n\n<figure class=\"wp-block-image size-large\"><img loading=\"lazy\" decoding=\"async\" width=\"1500\" height=\"2000\" data-attachment-id=\"8497\" data-permalink=\"https:\/\/www.intellectualsovereignty.ch\/index.php\/2022\/07\/02\/day71-spanish-peak-ridge-frog-mountain-ridge-km-2046-2096\/img_9807\/\" data-orig-file=\"https:\/\/www.intellectualsovereignty.ch\/wp-content\/uploads\/2022\/07\/img_9807.jpg\" data-orig-size=\"1500,2000\" data-comments-opened=\"0\" data-image-title=\"img_9807\" data-image-description=\"\" data-image-caption=\"\" data-large-file=\"https:\/\/www.intellectualsovereignty.ch\/wp-content\/uploads\/2022\/07\/img_9807-768x1024.jpg\" data-id=\"8497\" src=\"https:\/\/www.intellectualsovereignty.ch\/wp-content\/uploads\/2022\/07\/img_9807.jpg\" alt=\"\" class=\"wp-image-8497\" srcset=\"https:\/\/www.intellectualsovereignty.ch\/wp-content\/uploads\/2022\/07\/img_9807.jpg 1500w, https:\/\/www.intellectualsovereignty.ch\/wp-content\/uploads\/2022\/07\/img_9807-225x300.jpg 225w, https:\/\/www.intellectualsovereignty.ch\/wp-content\/uploads\/2022\/07\/img_9807-768x1024.jpg 768w, https:\/\/www.intellectualsovereignty.ch\/wp-content\/uploads\/2022\/07\/img_9807-1152x1536.jpg 1152w, https:\/\/www.intellectualsovereignty.ch\/wp-content\/uploads\/2022\/07\/img_9807-400x533.jpg 400w, https:\/\/www.intellectualsovereignty.ch\/wp-content\/uploads\/2022\/07\/img_9807-800x1067.jpg 800w\" sizes=\"auto, (max-width: 1500px) 100vw, 1500px\" \/><\/figure>\n\n\n\n<figure class=\"wp-block-image size-large\"><img loading=\"lazy\" decoding=\"async\" width=\"1500\" height=\"2000\" data-attachment-id=\"8492\" data-permalink=\"https:\/\/www.intellectualsovereignty.ch\/index.php\/2022\/07\/02\/day71-spanish-peak-ridge-frog-mountain-ridge-km-2046-2096\/img_9808\/\" data-orig-file=\"https:\/\/www.intellectualsovereignty.ch\/wp-content\/uploads\/2022\/07\/img_9808.jpg\" data-orig-size=\"1500,2000\" data-comments-opened=\"0\" data-image-title=\"img_9808\" data-image-description=\"\" data-image-caption=\"\" data-large-file=\"https:\/\/www.intellectualsovereignty.ch\/wp-content\/uploads\/2022\/07\/img_9808-768x1024.jpg\" data-id=\"8492\" src=\"https:\/\/www.intellectualsovereignty.ch\/wp-content\/uploads\/2022\/07\/img_9808.jpg\" alt=\"\" class=\"wp-image-8492\" srcset=\"https:\/\/www.intellectualsovereignty.ch\/wp-content\/uploads\/2022\/07\/img_9808.jpg 1500w, https:\/\/www.intellectualsovereignty.ch\/wp-content\/uploads\/2022\/07\/img_9808-225x300.jpg 225w, https:\/\/www.intellectualsovereignty.ch\/wp-content\/uploads\/2022\/07\/img_9808-768x1024.jpg 768w, https:\/\/www.intellectualsovereignty.ch\/wp-content\/uploads\/2022\/07\/img_9808-1152x1536.jpg 1152w, https:\/\/www.intellectualsovereignty.ch\/wp-content\/uploads\/2022\/07\/img_9808-400x533.jpg 400w, https:\/\/www.intellectualsovereignty.ch\/wp-content\/uploads\/2022\/07\/img_9808-800x1067.jpg 800w\" sizes=\"auto, (max-width: 1500px) 100vw, 1500px\" \/><\/figure>\n\n\n\n<figure class=\"wp-block-image size-large\"><img loading=\"lazy\" decoding=\"async\" width=\"1500\" height=\"2000\" data-attachment-id=\"8491\" data-permalink=\"https:\/\/www.intellectualsovereignty.ch\/index.php\/2022\/07\/02\/day71-spanish-peak-ridge-frog-mountain-ridge-km-2046-2096\/img_9810\/\" data-orig-file=\"https:\/\/www.intellectualsovereignty.ch\/wp-content\/uploads\/2022\/07\/img_9810.jpg\" data-orig-size=\"1500,2000\" data-comments-opened=\"0\" data-image-title=\"img_9810\" data-image-description=\"\" data-image-caption=\"\" data-large-file=\"https:\/\/www.intellectualsovereignty.ch\/wp-content\/uploads\/2022\/07\/img_9810-768x1024.jpg\" data-id=\"8491\" src=\"https:\/\/www.intellectualsovereignty.ch\/wp-content\/uploads\/2022\/07\/img_9810.jpg\" alt=\"\" class=\"wp-image-8491\" srcset=\"https:\/\/www.intellectualsovereignty.ch\/wp-content\/uploads\/2022\/07\/img_9810.jpg 1500w, https:\/\/www.intellectualsovereignty.ch\/wp-content\/uploads\/2022\/07\/img_9810-225x300.jpg 225w, https:\/\/www.intellectualsovereignty.ch\/wp-content\/uploads\/2022\/07\/img_9810-768x1024.jpg 768w, https:\/\/www.intellectualsovereignty.ch\/wp-content\/uploads\/2022\/07\/img_9810-1152x1536.jpg 1152w, https:\/\/www.intellectualsovereignty.ch\/wp-content\/uploads\/2022\/07\/img_9810-400x533.jpg 400w, https:\/\/www.intellectualsovereignty.ch\/wp-content\/uploads\/2022\/07\/img_9810-800x1067.jpg 800w\" sizes=\"auto, (max-width: 1500px) 100vw, 1500px\" \/><\/figure>\n\n\n\n<figure class=\"wp-block-image size-large\"><img loading=\"lazy\" decoding=\"async\" width=\"1500\" height=\"2000\" data-attachment-id=\"8493\" data-permalink=\"https:\/\/www.intellectualsovereignty.ch\/index.php\/2022\/07\/02\/day71-spanish-peak-ridge-frog-mountain-ridge-km-2046-2096\/img_9811\/\" data-orig-file=\"https:\/\/www.intellectualsovereignty.ch\/wp-content\/uploads\/2022\/07\/img_9811.jpg\" data-orig-size=\"1500,2000\" data-comments-opened=\"0\" data-image-title=\"img_9811\" data-image-description=\"\" data-image-caption=\"\" data-large-file=\"https:\/\/www.intellectualsovereignty.ch\/wp-content\/uploads\/2022\/07\/img_9811-768x1024.jpg\" data-id=\"8493\" src=\"https:\/\/www.intellectualsovereignty.ch\/wp-content\/uploads\/2022\/07\/img_9811.jpg\" alt=\"\" class=\"wp-image-8493\" srcset=\"https:\/\/www.intellectualsovereignty.ch\/wp-content\/uploads\/2022\/07\/img_9811.jpg 1500w, https:\/\/www.intellectualsovereignty.ch\/wp-content\/uploads\/2022\/07\/img_9811-225x300.jpg 225w, https:\/\/www.intellectualsovereignty.ch\/wp-content\/uploads\/2022\/07\/img_9811-768x1024.jpg 768w, https:\/\/www.intellectualsovereignty.ch\/wp-content\/uploads\/2022\/07\/img_9811-1152x1536.jpg 1152w, https:\/\/www.intellectualsovereignty.ch\/wp-content\/uploads\/2022\/07\/img_9811-400x533.jpg 400w, https:\/\/www.intellectualsovereignty.ch\/wp-content\/uploads\/2022\/07\/img_9811-800x1067.jpg 800w\" sizes=\"auto, (max-width: 1500px) 100vw, 1500px\" \/><\/figure>\n\n\n\n<figure class=\"wp-block-image size-large\"><img loading=\"lazy\" decoding=\"async\" width=\"1500\" height=\"2000\" data-attachment-id=\"8498\" data-permalink=\"https:\/\/www.intellectualsovereignty.ch\/index.php\/2022\/07\/02\/day71-spanish-peak-ridge-frog-mountain-ridge-km-2046-2096\/img_9812\/\" data-orig-file=\"https:\/\/www.intellectualsovereignty.ch\/wp-content\/uploads\/2022\/07\/img_9812.jpg\" data-orig-size=\"1500,2000\" data-comments-opened=\"0\" data-image-title=\"img_9812\" data-image-description=\"\" data-image-caption=\"\" data-large-file=\"https:\/\/www.intellectualsovereignty.ch\/wp-content\/uploads\/2022\/07\/img_9812-768x1024.jpg\" data-id=\"8498\" src=\"https:\/\/www.intellectualsovereignty.ch\/wp-content\/uploads\/2022\/07\/img_9812.jpg\" alt=\"\" class=\"wp-image-8498\" srcset=\"https:\/\/www.intellectualsovereignty.ch\/wp-content\/uploads\/2022\/07\/img_9812.jpg 1500w, https:\/\/www.intellectualsovereignty.ch\/wp-content\/uploads\/2022\/07\/img_9812-225x300.jpg 225w, https:\/\/www.intellectualsovereignty.ch\/wp-content\/uploads\/2022\/07\/img_9812-768x1024.jpg 768w, https:\/\/www.intellectualsovereignty.ch\/wp-content\/uploads\/2022\/07\/img_9812-1152x1536.jpg 1152w, https:\/\/www.intellectualsovereignty.ch\/wp-content\/uploads\/2022\/07\/img_9812-400x533.jpg 400w, https:\/\/www.intellectualsovereignty.ch\/wp-content\/uploads\/2022\/07\/img_9812-800x1067.jpg 800w\" sizes=\"auto, (max-width: 1500px) 100vw, 1500px\" \/><\/figure>\n\n\n\n<figure class=\"wp-block-image size-large\"><img loading=\"lazy\" decoding=\"async\" width=\"1500\" height=\"2000\" data-attachment-id=\"8503\" data-permalink=\"https:\/\/www.intellectualsovereignty.ch\/index.php\/2022\/07\/02\/day71-spanish-peak-ridge-frog-mountain-ridge-km-2046-2096\/img_9813\/\" data-orig-file=\"https:\/\/www.intellectualsovereignty.ch\/wp-content\/uploads\/2022\/07\/img_9813.jpg\" data-orig-size=\"1500,2000\" data-comments-opened=\"0\" data-image-title=\"img_9813\" data-image-description=\"\" data-image-caption=\"\" data-large-file=\"https:\/\/www.intellectualsovereignty.ch\/wp-content\/uploads\/2022\/07\/img_9813-768x1024.jpg\" data-id=\"8503\" src=\"https:\/\/www.intellectualsovereignty.ch\/wp-content\/uploads\/2022\/07\/img_9813.jpg\" alt=\"\" class=\"wp-image-8503\" srcset=\"https:\/\/www.intellectualsovereignty.ch\/wp-content\/uploads\/2022\/07\/img_9813.jpg 1500w, https:\/\/www.intellectualsovereignty.ch\/wp-content\/uploads\/2022\/07\/img_9813-225x300.jpg 225w, https:\/\/www.intellectualsovereignty.ch\/wp-content\/uploads\/2022\/07\/img_9813-768x1024.jpg 768w, https:\/\/www.intellectualsovereignty.ch\/wp-content\/uploads\/2022\/07\/img_9813-1152x1536.jpg 1152w, https:\/\/www.intellectualsovereignty.ch\/wp-content\/uploads\/2022\/07\/img_9813-400x533.jpg 400w, https:\/\/www.intellectualsovereignty.ch\/wp-content\/uploads\/2022\/07\/img_9813-800x1067.jpg 800w\" sizes=\"auto, (max-width: 1500px) 100vw, 1500px\" \/><\/figure>\n\n\n\n<figure class=\"wp-block-image size-large\"><img loading=\"lazy\" decoding=\"async\" width=\"1500\" height=\"2000\" data-attachment-id=\"8504\" data-permalink=\"https:\/\/www.intellectualsovereignty.ch\/index.php\/2022\/07\/02\/day71-spanish-peak-ridge-frog-mountain-ridge-km-2046-2096\/img_9814\/\" data-orig-file=\"https:\/\/www.intellectualsovereignty.ch\/wp-content\/uploads\/2022\/07\/img_9814.jpg\" data-orig-size=\"1500,2000\" data-comments-opened=\"0\" data-image-title=\"img_9814\" data-image-description=\"\" data-image-caption=\"\" data-large-file=\"https:\/\/www.intellectualsovereignty.ch\/wp-content\/uploads\/2022\/07\/img_9814-768x1024.jpg\" data-id=\"8504\" src=\"https:\/\/www.intellectualsovereignty.ch\/wp-content\/uploads\/2022\/07\/img_9814.jpg\" alt=\"\" class=\"wp-image-8504\" srcset=\"https:\/\/www.intellectualsovereignty.ch\/wp-content\/uploads\/2022\/07\/img_9814.jpg 1500w, https:\/\/www.intellectualsovereignty.ch\/wp-content\/uploads\/2022\/07\/img_9814-225x300.jpg 225w, https:\/\/www.intellectualsovereignty.ch\/wp-content\/uploads\/2022\/07\/img_9814-768x1024.jpg 768w, https:\/\/www.intellectualsovereignty.ch\/wp-content\/uploads\/2022\/07\/img_9814-1152x1536.jpg 1152w, https:\/\/www.intellectualsovereignty.ch\/wp-content\/uploads\/2022\/07\/img_9814-400x533.jpg 400w, https:\/\/www.intellectualsovereignty.ch\/wp-content\/uploads\/2022\/07\/img_9814-800x1067.jpg 800w\" sizes=\"auto, (max-width: 1500px) 100vw, 1500px\" \/><\/figure>\n\n\n\n<figure class=\"wp-block-image size-large\"><img loading=\"lazy\" decoding=\"async\" width=\"1500\" height=\"2000\" data-attachment-id=\"8506\" data-permalink=\"https:\/\/www.intellectualsovereignty.ch\/index.php\/2022\/07\/02\/day71-spanish-peak-ridge-frog-mountain-ridge-km-2046-2096\/img_9815\/\" data-orig-file=\"https:\/\/www.intellectualsovereignty.ch\/wp-content\/uploads\/2022\/07\/img_9815.jpg\" data-orig-size=\"1500,2000\" data-comments-opened=\"0\" data-image-title=\"img_9815\" data-image-description=\"\" data-image-caption=\"\" data-large-file=\"https:\/\/www.intellectualsovereignty.ch\/wp-content\/uploads\/2022\/07\/img_9815-768x1024.jpg\" data-id=\"8506\" src=\"https:\/\/www.intellectualsovereignty.ch\/wp-content\/uploads\/2022\/07\/img_9815.jpg\" alt=\"\" class=\"wp-image-8506\" srcset=\"https:\/\/www.intellectualsovereignty.ch\/wp-content\/uploads\/2022\/07\/img_9815.jpg 1500w, https:\/\/www.intellectualsovereignty.ch\/wp-content\/uploads\/2022\/07\/img_9815-225x300.jpg 225w, https:\/\/www.intellectualsovereignty.ch\/wp-content\/uploads\/2022\/07\/img_9815-768x1024.jpg 768w, https:\/\/www.intellectualsovereignty.ch\/wp-content\/uploads\/2022\/07\/img_9815-1152x1536.jpg 1152w, https:\/\/www.intellectualsovereignty.ch\/wp-content\/uploads\/2022\/07\/img_9815-400x533.jpg 400w, https:\/\/www.intellectualsovereignty.ch\/wp-content\/uploads\/2022\/07\/img_9815-800x1067.jpg 800w\" sizes=\"auto, (max-width: 1500px) 100vw, 1500px\" \/><\/figure>\n\n\n\n<figure class=\"wp-block-image size-large\"><img loading=\"lazy\" decoding=\"async\" width=\"1500\" height=\"2000\" data-attachment-id=\"8505\" data-permalink=\"https:\/\/www.intellectualsovereignty.ch\/index.php\/2022\/07\/02\/day71-spanish-peak-ridge-frog-mountain-ridge-km-2046-2096\/img_9816\/\" data-orig-file=\"https:\/\/www.intellectualsovereignty.ch\/wp-content\/uploads\/2022\/07\/img_9816.jpg\" data-orig-size=\"1500,2000\" data-comments-opened=\"0\" data-image-title=\"img_9816\" data-image-description=\"\" data-image-caption=\"\" data-large-file=\"https:\/\/www.intellectualsovereignty.ch\/wp-content\/uploads\/2022\/07\/img_9816-768x1024.jpg\" data-id=\"8505\" src=\"https:\/\/www.intellectualsovereignty.ch\/wp-content\/uploads\/2022\/07\/img_9816.jpg\" alt=\"\" class=\"wp-image-8505\" srcset=\"https:\/\/www.intellectualsovereignty.ch\/wp-content\/uploads\/2022\/07\/img_9816.jpg 1500w, https:\/\/www.intellectualsovereignty.ch\/wp-content\/uploads\/2022\/07\/img_9816-225x300.jpg 225w, https:\/\/www.intellectualsovereignty.ch\/wp-content\/uploads\/2022\/07\/img_9816-768x1024.jpg 768w, https:\/\/www.intellectualsovereignty.ch\/wp-content\/uploads\/2022\/07\/img_9816-1152x1536.jpg 1152w, https:\/\/www.intellectualsovereignty.ch\/wp-content\/uploads\/2022\/07\/img_9816-400x533.jpg 400w, https:\/\/www.intellectualsovereignty.ch\/wp-content\/uploads\/2022\/07\/img_9816-800x1067.jpg 800w\" sizes=\"auto, (max-width: 1500px) 100vw, 1500px\" \/><\/figure>\n\n\n\n<figure class=\"wp-block-image size-large\"><img loading=\"lazy\" decoding=\"async\" width=\"1500\" height=\"2000\" data-attachment-id=\"8501\" data-permalink=\"https:\/\/www.intellectualsovereignty.ch\/index.php\/2022\/07\/02\/day71-spanish-peak-ridge-frog-mountain-ridge-km-2046-2096\/img_9817\/\" data-orig-file=\"https:\/\/www.intellectualsovereignty.ch\/wp-content\/uploads\/2022\/07\/img_9817.jpg\" data-orig-size=\"1500,2000\" data-comments-opened=\"0\" data-image-title=\"img_9817\" data-image-description=\"\" data-image-caption=\"\" data-large-file=\"https:\/\/www.intellectualsovereignty.ch\/wp-content\/uploads\/2022\/07\/img_9817-768x1024.jpg\" data-id=\"8501\" src=\"https:\/\/www.intellectualsovereignty.ch\/wp-content\/uploads\/2022\/07\/img_9817.jpg\" alt=\"\" class=\"wp-image-8501\" srcset=\"https:\/\/www.intellectualsovereignty.ch\/wp-content\/uploads\/2022\/07\/img_9817.jpg 1500w, https:\/\/www.intellectualsovereignty.ch\/wp-content\/uploads\/2022\/07\/img_9817-225x300.jpg 225w, https:\/\/www.intellectualsovereignty.ch\/wp-content\/uploads\/2022\/07\/img_9817-768x1024.jpg 768w, https:\/\/www.intellectualsovereignty.ch\/wp-content\/uploads\/2022\/07\/img_9817-1152x1536.jpg 1152w, https:\/\/www.intellectualsovereignty.ch\/wp-content\/uploads\/2022\/07\/img_9817-400x533.jpg 400w, https:\/\/www.intellectualsovereignty.ch\/wp-content\/uploads\/2022\/07\/img_9817-800x1067.jpg 800w\" sizes=\"auto, (max-width: 1500px) 100vw, 1500px\" \/><\/figure>\n\n\n\n<figure class=\"wp-block-image size-large\"><img loading=\"lazy\" decoding=\"async\" width=\"1500\" height=\"2000\" data-attachment-id=\"8499\" data-permalink=\"https:\/\/www.intellectualsovereignty.ch\/index.php\/2022\/07\/02\/day71-spanish-peak-ridge-frog-mountain-ridge-km-2046-2096\/img_9818\/\" data-orig-file=\"https:\/\/www.intellectualsovereignty.ch\/wp-content\/uploads\/2022\/07\/img_9818.jpg\" data-orig-size=\"1500,2000\" data-comments-opened=\"0\" data-image-title=\"img_9818\" data-image-description=\"\" data-image-caption=\"\" data-large-file=\"https:\/\/www.intellectualsovereignty.ch\/wp-content\/uploads\/2022\/07\/img_9818-768x1024.jpg\" data-id=\"8499\" src=\"https:\/\/www.intellectualsovereignty.ch\/wp-content\/uploads\/2022\/07\/img_9818.jpg\" alt=\"\" class=\"wp-image-8499\" srcset=\"https:\/\/www.intellectualsovereignty.ch\/wp-content\/uploads\/2022\/07\/img_9818.jpg 1500w, https:\/\/www.intellectualsovereignty.ch\/wp-content\/uploads\/2022\/07\/img_9818-225x300.jpg 225w, https:\/\/www.intellectualsovereignty.ch\/wp-content\/uploads\/2022\/07\/img_9818-768x1024.jpg 768w, https:\/\/www.intellectualsovereignty.ch\/wp-content\/uploads\/2022\/07\/img_9818-1152x1536.jpg 1152w, https:\/\/www.intellectualsovereignty.ch\/wp-content\/uploads\/2022\/07\/img_9818-400x533.jpg 400w, https:\/\/www.intellectualsovereignty.ch\/wp-content\/uploads\/2022\/07\/img_9818-800x1067.jpg 800w\" sizes=\"auto, (max-width: 1500px) 100vw, 1500px\" \/><\/figure>\n\n\n\n<figure class=\"wp-block-image size-large\"><img loading=\"lazy\" decoding=\"async\" width=\"1500\" height=\"2000\" data-attachment-id=\"8500\" data-permalink=\"https:\/\/www.intellectualsovereignty.ch\/index.php\/2022\/07\/02\/day71-spanish-peak-ridge-frog-mountain-ridge-km-2046-2096\/img_9819\/\" data-orig-file=\"https:\/\/www.intellectualsovereignty.ch\/wp-content\/uploads\/2022\/07\/img_9819.jpg\" data-orig-size=\"1500,2000\" data-comments-opened=\"0\" data-image-title=\"img_9819\" data-image-description=\"\" data-image-caption=\"\" data-large-file=\"https:\/\/www.intellectualsovereignty.ch\/wp-content\/uploads\/2022\/07\/img_9819-768x1024.jpg\" data-id=\"8500\" src=\"https:\/\/www.intellectualsovereignty.ch\/wp-content\/uploads\/2022\/07\/img_9819.jpg\" alt=\"\" class=\"wp-image-8500\" srcset=\"https:\/\/www.intellectualsovereignty.ch\/wp-content\/uploads\/2022\/07\/img_9819.jpg 1500w, https:\/\/www.intellectualsovereignty.ch\/wp-content\/uploads\/2022\/07\/img_9819-225x300.jpg 225w, https:\/\/www.intellectualsovereignty.ch\/wp-content\/uploads\/2022\/07\/img_9819-768x1024.jpg 768w, https:\/\/www.intellectualsovereignty.ch\/wp-content\/uploads\/2022\/07\/img_9819-1152x1536.jpg 1152w, https:\/\/www.intellectualsovereignty.ch\/wp-content\/uploads\/2022\/07\/img_9819-400x533.jpg 400w, https:\/\/www.intellectualsovereignty.ch\/wp-content\/uploads\/2022\/07\/img_9819-800x1067.jpg 800w\" sizes=\"auto, (max-width: 1500px) 100vw, 1500px\" \/><\/figure>\n\n\n\n<figure class=\"wp-block-image size-large\"><img loading=\"lazy\" decoding=\"async\" width=\"1500\" height=\"2000\" data-attachment-id=\"8502\" data-permalink=\"https:\/\/www.intellectualsovereignty.ch\/index.php\/2022\/07\/02\/day71-spanish-peak-ridge-frog-mountain-ridge-km-2046-2096\/img_9820\/\" data-orig-file=\"https:\/\/www.intellectualsovereignty.ch\/wp-content\/uploads\/2022\/07\/img_9820.jpg\" data-orig-size=\"1500,2000\" data-comments-opened=\"0\" data-image-title=\"img_9820\" data-image-description=\"\" data-image-caption=\"\" data-large-file=\"https:\/\/www.intellectualsovereignty.ch\/wp-content\/uploads\/2022\/07\/img_9820-768x1024.jpg\" data-id=\"8502\" src=\"https:\/\/www.intellectualsovereignty.ch\/wp-content\/uploads\/2022\/07\/img_9820.jpg\" alt=\"\" class=\"wp-image-8502\" srcset=\"https:\/\/www.intellectualsovereignty.ch\/wp-content\/uploads\/2022\/07\/img_9820.jpg 1500w, https:\/\/www.intellectualsovereignty.ch\/wp-content\/uploads\/2022\/07\/img_9820-225x300.jpg 225w, https:\/\/www.intellectualsovereignty.ch\/wp-content\/uploads\/2022\/07\/img_9820-768x1024.jpg 768w, https:\/\/www.intellectualsovereignty.ch\/wp-content\/uploads\/2022\/07\/img_9820-1152x1536.jpg 1152w, https:\/\/www.intellectualsovereignty.ch\/wp-content\/uploads\/2022\/07\/img_9820-400x533.jpg 400w, https:\/\/www.intellectualsovereignty.ch\/wp-content\/uploads\/2022\/07\/img_9820-800x1067.jpg 800w\" sizes=\"auto, (max-width: 1500px) 100vw, 1500px\" \/><\/figure>\n\n\n\n<figure class=\"wp-block-image size-large\"><img loading=\"lazy\" decoding=\"async\" width=\"2000\" height=\"1500\" data-attachment-id=\"8509\" data-permalink=\"https:\/\/www.intellectualsovereignty.ch\/index.php\/2022\/07\/02\/day71-spanish-peak-ridge-frog-mountain-ridge-km-2046-2096\/img_9821\/\" data-orig-file=\"https:\/\/www.intellectualsovereignty.ch\/wp-content\/uploads\/2022\/07\/img_9821.jpg\" data-orig-size=\"2000,1500\" data-comments-opened=\"0\" data-image-title=\"img_9821\" data-image-description=\"\" data-image-caption=\"\" data-large-file=\"https:\/\/www.intellectualsovereignty.ch\/wp-content\/uploads\/2022\/07\/img_9821-1024x768.jpg\" data-id=\"8509\" src=\"https:\/\/www.intellectualsovereignty.ch\/wp-content\/uploads\/2022\/07\/img_9821.jpg\" alt=\"\" class=\"wp-image-8509\" srcset=\"https:\/\/www.intellectualsovereignty.ch\/wp-content\/uploads\/2022\/07\/img_9821.jpg 2000w, https:\/\/www.intellectualsovereignty.ch\/wp-content\/uploads\/2022\/07\/img_9821-300x225.jpg 300w, https:\/\/www.intellectualsovereignty.ch\/wp-content\/uploads\/2022\/07\/img_9821-1024x768.jpg 1024w, https:\/\/www.intellectualsovereignty.ch\/wp-content\/uploads\/2022\/07\/img_9821-768x576.jpg 768w, https:\/\/www.intellectualsovereignty.ch\/wp-content\/uploads\/2022\/07\/img_9821-1536x1152.jpg 1536w, https:\/\/www.intellectualsovereignty.ch\/wp-content\/uploads\/2022\/07\/img_9821-1870x1403.jpg 1870w, https:\/\/www.intellectualsovereignty.ch\/wp-content\/uploads\/2022\/07\/img_9821-400x300.jpg 400w, https:\/\/www.intellectualsovereignty.ch\/wp-content\/uploads\/2022\/07\/img_9821-800x600.jpg 800w\" sizes=\"auto, (max-width: 2000px) 100vw, 2000px\" \/><\/figure>\n\n\n\n<figure class=\"wp-block-image size-large\"><img loading=\"lazy\" decoding=\"async\" width=\"2000\" height=\"1500\" data-attachment-id=\"8512\" data-permalink=\"https:\/\/www.intellectualsovereignty.ch\/index.php\/2022\/07\/02\/day71-spanish-peak-ridge-frog-mountain-ridge-km-2046-2096\/img_9822\/\" data-orig-file=\"https:\/\/www.intellectualsovereignty.ch\/wp-content\/uploads\/2022\/07\/img_9822.jpg\" data-orig-size=\"2000,1500\" data-comments-opened=\"0\" data-image-title=\"img_9822\" data-image-description=\"\" data-image-caption=\"\" data-large-file=\"https:\/\/www.intellectualsovereignty.ch\/wp-content\/uploads\/2022\/07\/img_9822-1024x768.jpg\" data-id=\"8512\" src=\"https:\/\/www.intellectualsovereignty.ch\/wp-content\/uploads\/2022\/07\/img_9822.jpg\" alt=\"\" class=\"wp-image-8512\" srcset=\"https:\/\/www.intellectualsovereignty.ch\/wp-content\/uploads\/2022\/07\/img_9822.jpg 2000w, https:\/\/www.intellectualsovereignty.ch\/wp-content\/uploads\/2022\/07\/img_9822-300x225.jpg 300w, https:\/\/www.intellectualsovereignty.ch\/wp-content\/uploads\/2022\/07\/img_9822-1024x768.jpg 1024w, https:\/\/www.intellectualsovereignty.ch\/wp-content\/uploads\/2022\/07\/img_9822-768x576.jpg 768w, https:\/\/www.intellectualsovereignty.ch\/wp-content\/uploads\/2022\/07\/img_9822-1536x1152.jpg 1536w, https:\/\/www.intellectualsovereignty.ch\/wp-content\/uploads\/2022\/07\/img_9822-1870x1403.jpg 1870w, https:\/\/www.intellectualsovereignty.ch\/wp-content\/uploads\/2022\/07\/img_9822-400x300.jpg 400w, https:\/\/www.intellectualsovereignty.ch\/wp-content\/uploads\/2022\/07\/img_9822-800x600.jpg 800w\" sizes=\"auto, (max-width: 2000px) 100vw, 2000px\" \/><\/figure>\n\n\n\n<figure class=\"wp-block-image size-large\"><img loading=\"lazy\" decoding=\"async\" width=\"2000\" height=\"1500\" data-attachment-id=\"8510\" data-permalink=\"https:\/\/www.intellectualsovereignty.ch\/index.php\/2022\/07\/02\/day71-spanish-peak-ridge-frog-mountain-ridge-km-2046-2096\/img_9823\/\" data-orig-file=\"https:\/\/www.intellectualsovereignty.ch\/wp-content\/uploads\/2022\/07\/img_9823.jpg\" data-orig-size=\"2000,1500\" data-comments-opened=\"0\" data-image-title=\"img_9823\" data-image-description=\"\" data-image-caption=\"\" data-large-file=\"https:\/\/www.intellectualsovereignty.ch\/wp-content\/uploads\/2022\/07\/img_9823-1024x768.jpg\" data-id=\"8510\" src=\"https:\/\/www.intellectualsovereignty.ch\/wp-content\/uploads\/2022\/07\/img_9823.jpg\" alt=\"\" class=\"wp-image-8510\" srcset=\"https:\/\/www.intellectualsovereignty.ch\/wp-content\/uploads\/2022\/07\/img_9823.jpg 2000w, https:\/\/www.intellectualsovereignty.ch\/wp-content\/uploads\/2022\/07\/img_9823-300x225.jpg 300w, https:\/\/www.intellectualsovereignty.ch\/wp-content\/uploads\/2022\/07\/img_9823-1024x768.jpg 1024w, https:\/\/www.intellectualsovereignty.ch\/wp-content\/uploads\/2022\/07\/img_9823-768x576.jpg 768w, https:\/\/www.intellectualsovereignty.ch\/wp-content\/uploads\/2022\/07\/img_9823-1536x1152.jpg 1536w, https:\/\/www.intellectualsovereignty.ch\/wp-content\/uploads\/2022\/07\/img_9823-1870x1403.jpg 1870w, https:\/\/www.intellectualsovereignty.ch\/wp-content\/uploads\/2022\/07\/img_9823-400x300.jpg 400w, https:\/\/www.intellectualsovereignty.ch\/wp-content\/uploads\/2022\/07\/img_9823-800x600.jpg 800w\" sizes=\"auto, (max-width: 2000px) 100vw, 2000px\" \/><\/figure>\n\n\n\n<figure class=\"wp-block-image size-large\"><img loading=\"lazy\" decoding=\"async\" width=\"2000\" height=\"1500\" data-attachment-id=\"8507\" data-permalink=\"https:\/\/www.intellectualsovereignty.ch\/index.php\/2022\/07\/02\/day71-spanish-peak-ridge-frog-mountain-ridge-km-2046-2096\/img_9824\/\" data-orig-file=\"https:\/\/www.intellectualsovereignty.ch\/wp-content\/uploads\/2022\/07\/img_9824.jpg\" data-orig-size=\"2000,1500\" data-comments-opened=\"0\" data-image-title=\"img_9824\" data-image-description=\"\" data-image-caption=\"\" data-large-file=\"https:\/\/www.intellectualsovereignty.ch\/wp-content\/uploads\/2022\/07\/img_9824-1024x768.jpg\" data-id=\"8507\" src=\"https:\/\/www.intellectualsovereignty.ch\/wp-content\/uploads\/2022\/07\/img_9824.jpg\" alt=\"\" class=\"wp-image-8507\" srcset=\"https:\/\/www.intellectualsovereignty.ch\/wp-content\/uploads\/2022\/07\/img_9824.jpg 2000w, https:\/\/www.intellectualsovereignty.ch\/wp-content\/uploads\/2022\/07\/img_9824-300x225.jpg 300w, https:\/\/www.intellectualsovereignty.ch\/wp-content\/uploads\/2022\/07\/img_9824-1024x768.jpg 1024w, https:\/\/www.intellectualsovereignty.ch\/wp-content\/uploads\/2022\/07\/img_9824-768x576.jpg 768w, https:\/\/www.intellectualsovereignty.ch\/wp-content\/uploads\/2022\/07\/img_9824-1536x1152.jpg 1536w, https:\/\/www.intellectualsovereignty.ch\/wp-content\/uploads\/2022\/07\/img_9824-1870x1403.jpg 1870w, https:\/\/www.intellectualsovereignty.ch\/wp-content\/uploads\/2022\/07\/img_9824-400x300.jpg 400w, https:\/\/www.intellectualsovereignty.ch\/wp-content\/uploads\/2022\/07\/img_9824-800x600.jpg 800w\" sizes=\"auto, (max-width: 2000px) 100vw, 2000px\" \/><\/figure>\n\n\n\n<figure class=\"wp-block-image size-large\"><img loading=\"lazy\" decoding=\"async\" width=\"1500\" height=\"2000\" data-attachment-id=\"8511\" data-permalink=\"https:\/\/www.intellectualsovereignty.ch\/index.php\/2022\/07\/02\/day71-spanish-peak-ridge-frog-mountain-ridge-km-2046-2096\/img_9825\/\" data-orig-file=\"https:\/\/www.intellectualsovereignty.ch\/wp-content\/uploads\/2022\/07\/img_9825.jpg\" data-orig-size=\"1500,2000\" data-comments-opened=\"0\" data-image-title=\"img_9825\" data-image-description=\"\" data-image-caption=\"\" data-large-file=\"https:\/\/www.intellectualsovereignty.ch\/wp-content\/uploads\/2022\/07\/img_9825-768x1024.jpg\" data-id=\"8511\" src=\"https:\/\/www.intellectualsovereignty.ch\/wp-content\/uploads\/2022\/07\/img_9825.jpg\" alt=\"\" class=\"wp-image-8511\" srcset=\"https:\/\/www.intellectualsovereignty.ch\/wp-content\/uploads\/2022\/07\/img_9825.jpg 1500w, https:\/\/www.intellectualsovereignty.ch\/wp-content\/uploads\/2022\/07\/img_9825-225x300.jpg 225w, https:\/\/www.intellectualsovereignty.ch\/wp-content\/uploads\/2022\/07\/img_9825-768x1024.jpg 768w, https:\/\/www.intellectualsovereignty.ch\/wp-content\/uploads\/2022\/07\/img_9825-1152x1536.jpg 1152w, https:\/\/www.intellectualsovereignty.ch\/wp-content\/uploads\/2022\/07\/img_9825-400x533.jpg 400w, https:\/\/www.intellectualsovereignty.ch\/wp-content\/uploads\/2022\/07\/img_9825-800x1067.jpg 800w\" sizes=\"auto, (max-width: 1500px) 100vw, 1500px\" \/><\/figure>\n\n\n\n<figure class=\"wp-block-image size-large\"><img loading=\"lazy\" decoding=\"async\" width=\"1500\" height=\"2000\" data-attachment-id=\"8508\" data-permalink=\"https:\/\/www.intellectualsovereignty.ch\/index.php\/2022\/07\/02\/day71-spanish-peak-ridge-frog-mountain-ridge-km-2046-2096\/img_9826\/\" data-orig-file=\"https:\/\/www.intellectualsovereignty.ch\/wp-content\/uploads\/2022\/07\/img_9826.jpg\" data-orig-size=\"1500,2000\" data-comments-opened=\"0\" data-image-title=\"img_9826\" data-image-description=\"\" data-image-caption=\"\" data-large-file=\"https:\/\/www.intellectualsovereignty.ch\/wp-content\/uploads\/2022\/07\/img_9826-768x1024.jpg\" data-id=\"8508\" src=\"https:\/\/www.intellectualsovereignty.ch\/wp-content\/uploads\/2022\/07\/img_9826.jpg\" alt=\"\" class=\"wp-image-8508\" srcset=\"https:\/\/www.intellectualsovereignty.ch\/wp-content\/uploads\/2022\/07\/img_9826.jpg 1500w, https:\/\/www.intellectualsovereignty.ch\/wp-content\/uploads\/2022\/07\/img_9826-225x300.jpg 225w, https:\/\/www.intellectualsovereignty.ch\/wp-content\/uploads\/2022\/07\/img_9826-768x1024.jpg 768w, https:\/\/www.intellectualsovereignty.ch\/wp-content\/uploads\/2022\/07\/img_9826-1152x1536.jpg 1152w, https:\/\/www.intellectualsovereignty.ch\/wp-content\/uploads\/2022\/07\/img_9826-400x533.jpg 400w, https:\/\/www.intellectualsovereignty.ch\/wp-content\/uploads\/2022\/07\/img_9826-800x1067.jpg 800w\" sizes=\"auto, (max-width: 1500px) 100vw, 1500px\" \/><\/figure>\n\n\n\n<figure class=\"wp-block-image size-large\"><img loading=\"lazy\" decoding=\"async\" width=\"1500\" height=\"2000\" data-attachment-id=\"8516\" data-permalink=\"https:\/\/www.intellectualsovereignty.ch\/index.php\/2022\/07\/02\/day71-spanish-peak-ridge-frog-mountain-ridge-km-2046-2096\/img_9827\/\" data-orig-file=\"https:\/\/www.intellectualsovereignty.ch\/wp-content\/uploads\/2022\/07\/img_9827.jpg\" data-orig-size=\"1500,2000\" data-comments-opened=\"0\" data-image-title=\"img_9827\" data-image-description=\"\" data-image-caption=\"\" data-large-file=\"https:\/\/www.intellectualsovereignty.ch\/wp-content\/uploads\/2022\/07\/img_9827-768x1024.jpg\" data-id=\"8516\" src=\"https:\/\/www.intellectualsovereignty.ch\/wp-content\/uploads\/2022\/07\/img_9827.jpg\" alt=\"\" class=\"wp-image-8516\" srcset=\"https:\/\/www.intellectualsovereignty.ch\/wp-content\/uploads\/2022\/07\/img_9827.jpg 1500w, https:\/\/www.intellectualsovereignty.ch\/wp-content\/uploads\/2022\/07\/img_9827-225x300.jpg 225w, https:\/\/www.intellectualsovereignty.ch\/wp-content\/uploads\/2022\/07\/img_9827-768x1024.jpg 768w, https:\/\/www.intellectualsovereignty.ch\/wp-content\/uploads\/2022\/07\/img_9827-1152x1536.jpg 1152w, https:\/\/www.intellectualsovereignty.ch\/wp-content\/uploads\/2022\/07\/img_9827-400x533.jpg 400w, https:\/\/www.intellectualsovereignty.ch\/wp-content\/uploads\/2022\/07\/img_9827-800x1067.jpg 800w\" sizes=\"auto, (max-width: 1500px) 100vw, 1500px\" \/><\/figure>\n\n\n\n<figure class=\"wp-block-image size-large\"><img loading=\"lazy\" decoding=\"async\" width=\"2000\" height=\"1500\" data-attachment-id=\"8514\" data-permalink=\"https:\/\/www.intellectualsovereignty.ch\/index.php\/2022\/07\/02\/day71-spanish-peak-ridge-frog-mountain-ridge-km-2046-2096\/img_9828\/\" data-orig-file=\"https:\/\/www.intellectualsovereignty.ch\/wp-content\/uploads\/2022\/07\/img_9828.jpg\" data-orig-size=\"2000,1500\" data-comments-opened=\"0\" data-image-title=\"img_9828\" data-image-description=\"\" data-image-caption=\"\" data-large-file=\"https:\/\/www.intellectualsovereignty.ch\/wp-content\/uploads\/2022\/07\/img_9828-1024x768.jpg\" data-id=\"8514\" src=\"https:\/\/www.intellectualsovereignty.ch\/wp-content\/uploads\/2022\/07\/img_9828.jpg\" alt=\"\" class=\"wp-image-8514\" srcset=\"https:\/\/www.intellectualsovereignty.ch\/wp-content\/uploads\/2022\/07\/img_9828.jpg 2000w, https:\/\/www.intellectualsovereignty.ch\/wp-content\/uploads\/2022\/07\/img_9828-300x225.jpg 300w, https:\/\/www.intellectualsovereignty.ch\/wp-content\/uploads\/2022\/07\/img_9828-1024x768.jpg 1024w, https:\/\/www.intellectualsovereignty.ch\/wp-content\/uploads\/2022\/07\/img_9828-768x576.jpg 768w, https:\/\/www.intellectualsovereignty.ch\/wp-content\/uploads\/2022\/07\/img_9828-1536x1152.jpg 1536w, https:\/\/www.intellectualsovereignty.ch\/wp-content\/uploads\/2022\/07\/img_9828-1870x1403.jpg 1870w, https:\/\/www.intellectualsovereignty.ch\/wp-content\/uploads\/2022\/07\/img_9828-400x300.jpg 400w, https:\/\/www.intellectualsovereignty.ch\/wp-content\/uploads\/2022\/07\/img_9828-800x600.jpg 800w\" sizes=\"auto, (max-width: 2000px) 100vw, 2000px\" \/><\/figure>\n\n\n\n<figure class=\"wp-block-image size-large\"><img loading=\"lazy\" decoding=\"async\" width=\"2000\" height=\"1500\" data-attachment-id=\"8513\" data-permalink=\"https:\/\/www.intellectualsovereignty.ch\/index.php\/2022\/07\/02\/day71-spanish-peak-ridge-frog-mountain-ridge-km-2046-2096\/img_9829\/\" data-orig-file=\"https:\/\/www.intellectualsovereignty.ch\/wp-content\/uploads\/2022\/07\/img_9829.jpg\" data-orig-size=\"2000,1500\" data-comments-opened=\"0\" data-image-title=\"img_9829\" data-image-description=\"\" data-image-caption=\"\" data-large-file=\"https:\/\/www.intellectualsovereignty.ch\/wp-content\/uploads\/2022\/07\/img_9829-1024x768.jpg\" data-id=\"8513\" src=\"https:\/\/www.intellectualsovereignty.ch\/wp-content\/uploads\/2022\/07\/img_9829.jpg\" alt=\"\" class=\"wp-image-8513\" srcset=\"https:\/\/www.intellectualsovereignty.ch\/wp-content\/uploads\/2022\/07\/img_9829.jpg 2000w, https:\/\/www.intellectualsovereignty.ch\/wp-content\/uploads\/2022\/07\/img_9829-300x225.jpg 300w, https:\/\/www.intellectualsovereignty.ch\/wp-content\/uploads\/2022\/07\/img_9829-1024x768.jpg 1024w, https:\/\/www.intellectualsovereignty.ch\/wp-content\/uploads\/2022\/07\/img_9829-768x576.jpg 768w, https:\/\/www.intellectualsovereignty.ch\/wp-content\/uploads\/2022\/07\/img_9829-1536x1152.jpg 1536w, https:\/\/www.intellectualsovereignty.ch\/wp-content\/uploads\/2022\/07\/img_9829-1870x1403.jpg 1870w, https:\/\/www.intellectualsovereignty.ch\/wp-content\/uploads\/2022\/07\/img_9829-400x300.jpg 400w, https:\/\/www.intellectualsovereignty.ch\/wp-content\/uploads\/2022\/07\/img_9829-800x600.jpg 800w\" sizes=\"auto, (max-width: 2000px) 100vw, 2000px\" \/><\/figure>\n\n\n\n<figure class=\"wp-block-image size-large\"><img loading=\"lazy\" decoding=\"async\" width=\"2000\" height=\"1500\" data-attachment-id=\"8515\" data-permalink=\"https:\/\/www.intellectualsovereignty.ch\/index.php\/2022\/07\/02\/day71-spanish-peak-ridge-frog-mountain-ridge-km-2046-2096\/img_9830\/\" data-orig-file=\"https:\/\/www.intellectualsovereignty.ch\/wp-content\/uploads\/2022\/07\/img_9830.jpg\" data-orig-size=\"2000,1500\" data-comments-opened=\"0\" data-image-title=\"img_9830\" data-image-description=\"\" data-image-caption=\"\" data-large-file=\"https:\/\/www.intellectualsovereignty.ch\/wp-content\/uploads\/2022\/07\/img_9830-1024x768.jpg\" data-id=\"8515\" src=\"https:\/\/www.intellectualsovereignty.ch\/wp-content\/uploads\/2022\/07\/img_9830.jpg\" alt=\"\" class=\"wp-image-8515\" srcset=\"https:\/\/www.intellectualsovereignty.ch\/wp-content\/uploads\/2022\/07\/img_9830.jpg 2000w, https:\/\/www.intellectualsovereignty.ch\/wp-content\/uploads\/2022\/07\/img_9830-300x225.jpg 300w, https:\/\/www.intellectualsovereignty.ch\/wp-content\/uploads\/2022\/07\/img_9830-1024x768.jpg 1024w, https:\/\/www.intellectualsovereignty.ch\/wp-content\/uploads\/2022\/07\/img_9830-768x576.jpg 768w, https:\/\/www.intellectualsovereignty.ch\/wp-content\/uploads\/2022\/07\/img_9830-1536x1152.jpg 1536w, https:\/\/www.intellectualsovereignty.ch\/wp-content\/uploads\/2022\/07\/img_9830-1870x1403.jpg 1870w, https:\/\/www.intellectualsovereignty.ch\/wp-content\/uploads\/2022\/07\/img_9830-400x300.jpg 400w, https:\/\/www.intellectualsovereignty.ch\/wp-content\/uploads\/2022\/07\/img_9830-800x600.jpg 800w\" sizes=\"auto, (max-width: 2000px) 100vw, 2000px\" \/><\/figure>\n\n\n\n<figure class=\"wp-block-image size-large\"><img loading=\"lazy\" decoding=\"async\" width=\"1500\" height=\"2000\" data-attachment-id=\"8517\" data-permalink=\"https:\/\/www.intellectualsovereignty.ch\/index.php\/2022\/07\/02\/day71-spanish-peak-ridge-frog-mountain-ridge-km-2046-2096\/img_9831\/\" data-orig-file=\"https:\/\/www.intellectualsovereignty.ch\/wp-content\/uploads\/2022\/07\/img_9831.jpg\" data-orig-size=\"1500,2000\" data-comments-opened=\"0\" data-image-title=\"img_9831\" data-image-description=\"\" data-image-caption=\"\" data-large-file=\"https:\/\/www.intellectualsovereignty.ch\/wp-content\/uploads\/2022\/07\/img_9831-768x1024.jpg\" data-id=\"8517\" src=\"https:\/\/www.intellectualsovereignty.ch\/wp-content\/uploads\/2022\/07\/img_9831.jpg\" alt=\"\" class=\"wp-image-8517\" srcset=\"https:\/\/www.intellectualsovereignty.ch\/wp-content\/uploads\/2022\/07\/img_9831.jpg 1500w, https:\/\/www.intellectualsovereignty.ch\/wp-content\/uploads\/2022\/07\/img_9831-225x300.jpg 225w, https:\/\/www.intellectualsovereignty.ch\/wp-content\/uploads\/2022\/07\/img_9831-768x1024.jpg 768w, https:\/\/www.intellectualsovereignty.ch\/wp-content\/uploads\/2022\/07\/img_9831-1152x1536.jpg 1152w, https:\/\/www.intellectualsovereignty.ch\/wp-content\/uploads\/2022\/07\/img_9831-400x533.jpg 400w, https:\/\/www.intellectualsovereignty.ch\/wp-content\/uploads\/2022\/07\/img_9831-800x1067.jpg 800w\" sizes=\"auto, (max-width: 1500px) 100vw, 1500px\" \/><\/figure>\n<\/figure>\n\n\n\n<figure class=\"wp-block-video\"><video height=\"720\" style=\"aspect-ratio: 1280 \/ 720;\" width=\"1280\" controls src=\"https:\/\/www.intellectualsovereignty.ch\/wp-content\/uploads\/2022\/09\/IMG_9809.mov\"><\/video><\/figure>\n\n\n\n<hr class=\"wp-block-separator has-alpha-channel-opacity\"\/>\n\n\n[sgpx gpx=\/wp-content\/uploads\/gpx\/2022-07-02_06-21-20_gc_9132637959.gpx ]\n","protected":false},"excerpt":{"rendered":"<p>Der heutige Tag liesse sich sehr einfach zusammenfassen: Zuerst geht\u2018s abw\u00e4rts, dann gibt\u2018s Mittagessen in Belden, weiter geht\u2018s hoch bis zum Frog Mountain, Nachtessen, fertig! Wer\u2018s gerne etwas detaillierter hat, liest weiter\u2026 Starten tut mein einundsiebzigster Tag um kurz nach f\u00fcnf Uhr, und zwar mit einem wundersch\u00f6nen Sonnenaufgang (der auf den Fotos nicht mal ansatzweise [&hellip;]<\/p>\n","protected":false},"author":1,"featured_media":8501,"comment_status":"open","ping_status":"open","sticky":false,"template":"","format":"standard","meta":{"_jetpack_newsletter_access":"","_jetpack_dont_email_post_to_subs":false,"_jetpack_newsletter_tier_id":0,"_jetpack_memberships_contains_paywalled_content":false,"_spotmap_latitude":"","_spotmap_longitude":"","_jetpack_feature_clip_id":0,"_jetpack_memberships_contains_paid_content":false,"footnotes":"","jetpack_post_was_ever_published":false},"categories":[3],"tags":[53,50],"class_list":["post-8163","post","type-post","status-publish","format-standard","has-post-thumbnail","hentry","category-hiking","tag-nordkalifornien","tag-pct","has-thumbnail"],"jetpack_shortlink":"https:\/\/wp.me\/p9IwFN-27F","jetpack_likes_enabled":false,"jetpack_sharing_enabled":true,"jetpack_featured_media_url":"https:\/\/www.intellectualsovereignty.ch\/wp-content\/uploads\/2022\/07\/img_9817.jpg","_links":{"self":[{"href":"https:\/\/www.intellectualsovereignty.ch\/index.php\/wp-json\/wp\/v2\/posts\/8163","targetHints":{"allow":["GET"]}}],"collection":[{"href":"https:\/\/www.intellectualsovereignty.ch\/index.php\/wp-json\/wp\/v2\/posts"}],"about":[{"href":"https:\/\/www.intellectualsovereignty.ch\/index.php\/wp-json\/wp\/v2\/types\/post"}],"author":[{"embeddable":true,"href":"https:\/\/www.intellectualsovereignty.ch\/index.php\/wp-json\/wp\/v2\/users\/1"}],"replies":[{"embeddable":true,"href":"https:\/\/www.intellectualsovereignty.ch\/index.php\/wp-json\/wp\/v2\/comments?post=8163"}],"version-history":[{"count":7,"href":"https:\/\/www.intellectualsovereignty.ch\/index.php\/wp-json\/wp\/v2\/posts\/8163\/revisions"}],"predecessor-version":[{"id":13158,"href":"https:\/\/www.intellectualsovereignty.ch\/index.php\/wp-json\/wp\/v2\/posts\/8163\/revisions\/13158"}],"wp:featuredmedia":[{"embeddable":true,"href":"https:\/\/www.intellectualsovereignty.ch\/index.php\/wp-json\/wp\/v2\/media\/8501"}],"wp:attachment":[{"href":"https:\/\/www.intellectualsovereignty.ch\/index.php\/wp-json\/wp\/v2\/media?parent=8163"}],"wp:term":[{"taxonomy":"category","embeddable":true,"href":"https:\/\/www.intellectualsovereignty.ch\/index.php\/wp-json\/wp\/v2\/categories?post=8163"},{"taxonomy":"post_tag","embeddable":true,"href":"https:\/\/www.intellectualsovereignty.ch\/index.php\/wp-json\/wp\/v2\/tags?post=8163"}],"curies":[{"name":"wp","href":"https:\/\/api.w.org\/{rel}","templated":true}]}}