{"id":7880,"date":"2022-06-21T21:50:00","date_gmt":"2022-06-21T19:50:00","guid":{"rendered":"https:\/\/www.intellectualsovereignty.ch\/?p=7880"},"modified":"2024-12-08T13:47:35","modified_gmt":"2024-12-08T12:47:35","slug":"day60-sonora-pass-disaster-peak-km-1637-1664","status":"publish","type":"post","link":"https:\/\/www.intellectualsovereignty.ch\/index.php\/2022\/06\/21\/day60-sonora-pass-disaster-peak-km-1637-1664\/","title":{"rendered":"Day#60 \/ Sonora Pass &#8211; Disaster Peak (km 1637-1664)"},"content":{"rendered":"\n<p class=\"wp-block-paragraph\">Kaum wird es hell werde ich wach, mich zieht\u2018s auf den Trail! Ruckzuck ist mein Rucksack gepackt, das Fr\u00fchst\u00fcck gegessen und die Mitfahrgelegenheit mit dem Hiker-Shuttle organisiert. Mir bleiben rund zwei Stunden bis zur Abfahrt, also kann ich es locker nehmen. Ich komme ins Gespr\u00e4ch mit Felix, pensioniert, auf dem PCT seit M\u00e4rz 2022, zwischenzeitlich war er f\u00fcr drei Wochen zuhause in der Schweiz wegen Visum-Erneuerung. Was er von den Verh\u00e4ltnissen im April in der High Sierra erz\u00e4hlt, l\u00e4sst mich erschauern, meterhoch Schnee, reissende Fl\u00fcsse, tiefste Temperaturen, abgest\u00fcrzter Familienvater am Mount Whitney, lauter gestrandeter Ultralight-Hiker\u2026 Mitten in unsere Diskussion platzt Roger vom Vorabend herein, bietet uns eine Mitfahrgelegenheit zum Pass, Lostboy und ich lassen uns das nicht entgehen. Auf der Fahrt zum Pass machen wir einen Zwischenhalt an der Stelle, wo vor 150 Jahren die Indianerst\u00e4mme mit Obsidian-Werkzeug und anderen Dingen gehandelt haben. Im felsigen Boden sind noch Obsidian-Scherben sowie massive M\u00f6rserl\u00f6cher, wo die Indianer N\u00fcsse und Kerne zerkleinert haben, zu finden.<\/p>\n\n\n\n<figure class=\"wp-block-gallery has-nested-images columns-default is-cropped wp-block-gallery-1 is-layout-flex wp-block-gallery-is-layout-flex\">\n<figure class=\"wp-block-image size-large\"><img loading=\"lazy\" decoding=\"async\" width=\"1024\" height=\"768\" data-attachment-id=\"7881\" data-permalink=\"https:\/\/www.intellectualsovereignty.ch\/index.php\/2022\/06\/21\/day60-sonora-pass-disaster-peak-km-1637-1664\/img_9242\/\" data-orig-file=\"https:\/\/www.intellectualsovereignty.ch\/wp-content\/uploads\/2022\/06\/img_9242.jpg\" data-orig-size=\"2000,1500\" data-comments-opened=\"0\" data-image-title=\"img_9242\" data-image-description=\"\" data-image-caption=\"\" data-large-file=\"https:\/\/www.intellectualsovereignty.ch\/wp-content\/uploads\/2022\/06\/img_9242-1024x768.jpg\" data-id=\"7881\" src=\"https:\/\/www.intellectualsovereignty.ch\/wp-content\/uploads\/2022\/06\/img_9242-1024x768.jpg\" alt=\"\" class=\"wp-image-7881\" srcset=\"https:\/\/www.intellectualsovereignty.ch\/wp-content\/uploads\/2022\/06\/img_9242-1024x768.jpg 1024w, https:\/\/www.intellectualsovereignty.ch\/wp-content\/uploads\/2022\/06\/img_9242-300x225.jpg 300w, https:\/\/www.intellectualsovereignty.ch\/wp-content\/uploads\/2022\/06\/img_9242-768x576.jpg 768w, https:\/\/www.intellectualsovereignty.ch\/wp-content\/uploads\/2022\/06\/img_9242-1536x1152.jpg 1536w, https:\/\/www.intellectualsovereignty.ch\/wp-content\/uploads\/2022\/06\/img_9242-1870x1403.jpg 1870w, https:\/\/www.intellectualsovereignty.ch\/wp-content\/uploads\/2022\/06\/img_9242-400x300.jpg 400w, https:\/\/www.intellectualsovereignty.ch\/wp-content\/uploads\/2022\/06\/img_9242-800x600.jpg 800w, https:\/\/www.intellectualsovereignty.ch\/wp-content\/uploads\/2022\/06\/img_9242.jpg 2000w\" sizes=\"auto, (max-width: 1024px) 100vw, 1024px\" \/><\/figure>\n\n\n\n<figure class=\"wp-block-image size-large\"><img loading=\"lazy\" decoding=\"async\" width=\"1024\" height=\"768\" data-attachment-id=\"7882\" data-permalink=\"https:\/\/www.intellectualsovereignty.ch\/index.php\/2022\/06\/21\/day60-sonora-pass-disaster-peak-km-1637-1664\/img_9243\/\" data-orig-file=\"https:\/\/www.intellectualsovereignty.ch\/wp-content\/uploads\/2022\/06\/img_9243.jpg\" data-orig-size=\"2000,1500\" data-comments-opened=\"0\" data-image-title=\"img_9243\" data-image-description=\"\" data-image-caption=\"\" data-large-file=\"https:\/\/www.intellectualsovereignty.ch\/wp-content\/uploads\/2022\/06\/img_9243-1024x768.jpg\" data-id=\"7882\" src=\"https:\/\/www.intellectualsovereignty.ch\/wp-content\/uploads\/2022\/06\/img_9243-1024x768.jpg\" alt=\"\" class=\"wp-image-7882\" srcset=\"https:\/\/www.intellectualsovereignty.ch\/wp-content\/uploads\/2022\/06\/img_9243-1024x768.jpg 1024w, https:\/\/www.intellectualsovereignty.ch\/wp-content\/uploads\/2022\/06\/img_9243-300x225.jpg 300w, https:\/\/www.intellectualsovereignty.ch\/wp-content\/uploads\/2022\/06\/img_9243-768x576.jpg 768w, https:\/\/www.intellectualsovereignty.ch\/wp-content\/uploads\/2022\/06\/img_9243-1536x1152.jpg 1536w, https:\/\/www.intellectualsovereignty.ch\/wp-content\/uploads\/2022\/06\/img_9243-1870x1403.jpg 1870w, https:\/\/www.intellectualsovereignty.ch\/wp-content\/uploads\/2022\/06\/img_9243-400x300.jpg 400w, https:\/\/www.intellectualsovereignty.ch\/wp-content\/uploads\/2022\/06\/img_9243-800x600.jpg 800w, https:\/\/www.intellectualsovereignty.ch\/wp-content\/uploads\/2022\/06\/img_9243.jpg 2000w\" sizes=\"auto, (max-width: 1024px) 100vw, 1024px\" \/><\/figure>\n\n\n\n<figure class=\"wp-block-image size-large\"><img loading=\"lazy\" decoding=\"async\" width=\"1024\" height=\"768\" data-attachment-id=\"7883\" data-permalink=\"https:\/\/www.intellectualsovereignty.ch\/index.php\/2022\/06\/21\/day60-sonora-pass-disaster-peak-km-1637-1664\/img_9244\/\" data-orig-file=\"https:\/\/www.intellectualsovereignty.ch\/wp-content\/uploads\/2022\/06\/img_9244.jpg\" data-orig-size=\"2000,1500\" data-comments-opened=\"0\" data-image-title=\"img_9244\" data-image-description=\"\" data-image-caption=\"\" data-large-file=\"https:\/\/www.intellectualsovereignty.ch\/wp-content\/uploads\/2022\/06\/img_9244-1024x768.jpg\" data-id=\"7883\" src=\"https:\/\/www.intellectualsovereignty.ch\/wp-content\/uploads\/2022\/06\/img_9244-1024x768.jpg\" alt=\"\" class=\"wp-image-7883\" srcset=\"https:\/\/www.intellectualsovereignty.ch\/wp-content\/uploads\/2022\/06\/img_9244-1024x768.jpg 1024w, https:\/\/www.intellectualsovereignty.ch\/wp-content\/uploads\/2022\/06\/img_9244-300x225.jpg 300w, https:\/\/www.intellectualsovereignty.ch\/wp-content\/uploads\/2022\/06\/img_9244-768x576.jpg 768w, https:\/\/www.intellectualsovereignty.ch\/wp-content\/uploads\/2022\/06\/img_9244-1536x1152.jpg 1536w, https:\/\/www.intellectualsovereignty.ch\/wp-content\/uploads\/2022\/06\/img_9244-1870x1403.jpg 1870w, https:\/\/www.intellectualsovereignty.ch\/wp-content\/uploads\/2022\/06\/img_9244-400x300.jpg 400w, https:\/\/www.intellectualsovereignty.ch\/wp-content\/uploads\/2022\/06\/img_9244-800x600.jpg 800w, https:\/\/www.intellectualsovereignty.ch\/wp-content\/uploads\/2022\/06\/img_9244.jpg 2000w\" sizes=\"auto, (max-width: 1024px) 100vw, 1024px\" \/><\/figure>\n\n\n\n<figure class=\"wp-block-image size-large\"><img loading=\"lazy\" decoding=\"async\" width=\"1024\" height=\"768\" data-attachment-id=\"7884\" data-permalink=\"https:\/\/www.intellectualsovereignty.ch\/index.php\/2022\/06\/21\/day60-sonora-pass-disaster-peak-km-1637-1664\/img_9245\/\" data-orig-file=\"https:\/\/www.intellectualsovereignty.ch\/wp-content\/uploads\/2022\/06\/img_9245.jpg\" data-orig-size=\"2000,1500\" data-comments-opened=\"0\" data-image-title=\"img_9245\" data-image-description=\"\" data-image-caption=\"\" data-large-file=\"https:\/\/www.intellectualsovereignty.ch\/wp-content\/uploads\/2022\/06\/img_9245-1024x768.jpg\" data-id=\"7884\" src=\"https:\/\/www.intellectualsovereignty.ch\/wp-content\/uploads\/2022\/06\/img_9245-1024x768.jpg\" alt=\"\" class=\"wp-image-7884\" srcset=\"https:\/\/www.intellectualsovereignty.ch\/wp-content\/uploads\/2022\/06\/img_9245-1024x768.jpg 1024w, https:\/\/www.intellectualsovereignty.ch\/wp-content\/uploads\/2022\/06\/img_9245-300x225.jpg 300w, https:\/\/www.intellectualsovereignty.ch\/wp-content\/uploads\/2022\/06\/img_9245-768x576.jpg 768w, https:\/\/www.intellectualsovereignty.ch\/wp-content\/uploads\/2022\/06\/img_9245-1536x1152.jpg 1536w, https:\/\/www.intellectualsovereignty.ch\/wp-content\/uploads\/2022\/06\/img_9245-1870x1403.jpg 1870w, https:\/\/www.intellectualsovereignty.ch\/wp-content\/uploads\/2022\/06\/img_9245-400x300.jpg 400w, https:\/\/www.intellectualsovereignty.ch\/wp-content\/uploads\/2022\/06\/img_9245-800x600.jpg 800w, https:\/\/www.intellectualsovereignty.ch\/wp-content\/uploads\/2022\/06\/img_9245.jpg 2000w\" sizes=\"auto, (max-width: 1024px) 100vw, 1024px\" \/><\/figure>\n\n\n\n<figure class=\"wp-block-image size-large\"><img loading=\"lazy\" decoding=\"async\" width=\"768\" height=\"1024\" data-attachment-id=\"7892\" data-permalink=\"https:\/\/www.intellectualsovereignty.ch\/index.php\/2022\/06\/21\/day60-sonora-pass-disaster-peak-km-1637-1664\/img_9246\/\" data-orig-file=\"https:\/\/www.intellectualsovereignty.ch\/wp-content\/uploads\/2022\/06\/img_9246.jpg\" data-orig-size=\"1500,2000\" data-comments-opened=\"0\" data-image-title=\"img_9246\" data-image-description=\"\" data-image-caption=\"\" data-large-file=\"https:\/\/www.intellectualsovereignty.ch\/wp-content\/uploads\/2022\/06\/img_9246-768x1024.jpg\" data-id=\"7892\" src=\"https:\/\/www.intellectualsovereignty.ch\/wp-content\/uploads\/2022\/06\/img_9246-768x1024.jpg\" alt=\"\" class=\"wp-image-7892\" srcset=\"https:\/\/www.intellectualsovereignty.ch\/wp-content\/uploads\/2022\/06\/img_9246-768x1024.jpg 768w, https:\/\/www.intellectualsovereignty.ch\/wp-content\/uploads\/2022\/06\/img_9246-225x300.jpg 225w, https:\/\/www.intellectualsovereignty.ch\/wp-content\/uploads\/2022\/06\/img_9246-1152x1536.jpg 1152w, https:\/\/www.intellectualsovereignty.ch\/wp-content\/uploads\/2022\/06\/img_9246-400x533.jpg 400w, https:\/\/www.intellectualsovereignty.ch\/wp-content\/uploads\/2022\/06\/img_9246-800x1067.jpg 800w, https:\/\/www.intellectualsovereignty.ch\/wp-content\/uploads\/2022\/06\/img_9246.jpg 1500w\" sizes=\"auto, (max-width: 768px) 100vw, 768px\" \/><\/figure>\n\n\n\n<figure class=\"wp-block-image size-large\"><img loading=\"lazy\" decoding=\"async\" width=\"1024\" height=\"768\" data-attachment-id=\"7885\" data-permalink=\"https:\/\/www.intellectualsovereignty.ch\/index.php\/2022\/06\/21\/day60-sonora-pass-disaster-peak-km-1637-1664\/img_9247\/\" data-orig-file=\"https:\/\/www.intellectualsovereignty.ch\/wp-content\/uploads\/2022\/06\/img_9247.jpg\" data-orig-size=\"2000,1500\" data-comments-opened=\"0\" data-image-title=\"img_9247\" data-image-description=\"\" data-image-caption=\"\" data-large-file=\"https:\/\/www.intellectualsovereignty.ch\/wp-content\/uploads\/2022\/06\/img_9247-1024x768.jpg\" data-id=\"7885\" src=\"https:\/\/www.intellectualsovereignty.ch\/wp-content\/uploads\/2022\/06\/img_9247-1024x768.jpg\" alt=\"\" class=\"wp-image-7885\" srcset=\"https:\/\/www.intellectualsovereignty.ch\/wp-content\/uploads\/2022\/06\/img_9247-1024x768.jpg 1024w, https:\/\/www.intellectualsovereignty.ch\/wp-content\/uploads\/2022\/06\/img_9247-300x225.jpg 300w, https:\/\/www.intellectualsovereignty.ch\/wp-content\/uploads\/2022\/06\/img_9247-768x576.jpg 768w, https:\/\/www.intellectualsovereignty.ch\/wp-content\/uploads\/2022\/06\/img_9247-1536x1152.jpg 1536w, https:\/\/www.intellectualsovereignty.ch\/wp-content\/uploads\/2022\/06\/img_9247-1870x1403.jpg 1870w, https:\/\/www.intellectualsovereignty.ch\/wp-content\/uploads\/2022\/06\/img_9247-400x300.jpg 400w, https:\/\/www.intellectualsovereignty.ch\/wp-content\/uploads\/2022\/06\/img_9247-800x600.jpg 800w, https:\/\/www.intellectualsovereignty.ch\/wp-content\/uploads\/2022\/06\/img_9247.jpg 2000w\" sizes=\"auto, (max-width: 1024px) 100vw, 1024px\" \/><\/figure>\n<\/figure>\n\n\n\n<p class=\"wp-block-paragraph\">Vom Pass geht der Trail hoch in Richtung Sonora Peak, umrundet ihn und f\u00fchrt &#8211; zuerst sehr anstrengend im sulzigen Schnee &#8211; ins Tal des East Fork Carson River. Die Vegetation wird sehr gr\u00fcn, was gef\u00e4llt, ich konzentriere mich jedoch stark auf die Belastung meines rechten Beins. Dieses f\u00fchlt sich ziemlich gut an, das Durchstrecken (v.a. bei einem Ausfallschritt aufgrund Stolperns) ist sehr schmerzhaft. Nach einem kurzen Stopp bei einem Wasserfall windet sich der Trail in die H\u00f6he und f\u00fchrt mich in einem gro\u00dfen Bogen zum avisierten Tentsite unterhalb Disaster Peak. Nach einem ergiebigen Znacht mit Lostboy, Immo, Pascale aus Bern sowie Pete aus England, ziehen wir unsere Essenstaschen in die B\u00e4ume und legen uns schlafen. Ich bin hundem\u00fcde, gute Nacht!<\/p>\n\n\n\n<figure class=\"wp-block-gallery has-nested-images columns-default is-cropped wp-block-gallery-2 is-layout-flex wp-block-gallery-is-layout-flex\">\n<figure class=\"wp-block-image size-large\"><img loading=\"lazy\" decoding=\"async\" width=\"1024\" height=\"768\" data-attachment-id=\"7893\" data-permalink=\"https:\/\/www.intellectualsovereignty.ch\/index.php\/2022\/06\/21\/day60-sonora-pass-disaster-peak-km-1637-1664\/img_9248-2\/\" data-orig-file=\"https:\/\/www.intellectualsovereignty.ch\/wp-content\/uploads\/2022\/06\/img_9248-1.jpg\" data-orig-size=\"2000,1500\" data-comments-opened=\"0\" data-image-title=\"img_9248\" data-image-description=\"\" data-image-caption=\"\" data-large-file=\"https:\/\/www.intellectualsovereignty.ch\/wp-content\/uploads\/2022\/06\/img_9248-1-1024x768.jpg\" data-id=\"7893\" src=\"https:\/\/www.intellectualsovereignty.ch\/wp-content\/uploads\/2022\/06\/img_9248-1-1024x768.jpg\" alt=\"\" class=\"wp-image-7893\" srcset=\"https:\/\/www.intellectualsovereignty.ch\/wp-content\/uploads\/2022\/06\/img_9248-1-1024x768.jpg 1024w, https:\/\/www.intellectualsovereignty.ch\/wp-content\/uploads\/2022\/06\/img_9248-1-300x225.jpg 300w, https:\/\/www.intellectualsovereignty.ch\/wp-content\/uploads\/2022\/06\/img_9248-1-768x576.jpg 768w, https:\/\/www.intellectualsovereignty.ch\/wp-content\/uploads\/2022\/06\/img_9248-1-1536x1152.jpg 1536w, https:\/\/www.intellectualsovereignty.ch\/wp-content\/uploads\/2022\/06\/img_9248-1-1870x1403.jpg 1870w, https:\/\/www.intellectualsovereignty.ch\/wp-content\/uploads\/2022\/06\/img_9248-1-400x300.jpg 400w, https:\/\/www.intellectualsovereignty.ch\/wp-content\/uploads\/2022\/06\/img_9248-1-800x600.jpg 800w, https:\/\/www.intellectualsovereignty.ch\/wp-content\/uploads\/2022\/06\/img_9248-1.jpg 2000w\" sizes=\"auto, (max-width: 1024px) 100vw, 1024px\" \/><\/figure>\n\n\n\n<figure class=\"wp-block-image size-large\"><img loading=\"lazy\" decoding=\"async\" width=\"1024\" height=\"768\" data-attachment-id=\"7894\" data-permalink=\"https:\/\/www.intellectualsovereignty.ch\/index.php\/2022\/06\/21\/day60-sonora-pass-disaster-peak-km-1637-1664\/img_9249-2\/\" data-orig-file=\"https:\/\/www.intellectualsovereignty.ch\/wp-content\/uploads\/2022\/06\/img_9249-1.jpg\" data-orig-size=\"2000,1500\" data-comments-opened=\"0\" data-image-title=\"img_9249\" data-image-description=\"\" data-image-caption=\"\" data-large-file=\"https:\/\/www.intellectualsovereignty.ch\/wp-content\/uploads\/2022\/06\/img_9249-1-1024x768.jpg\" data-id=\"7894\" src=\"https:\/\/www.intellectualsovereignty.ch\/wp-content\/uploads\/2022\/06\/img_9249-1-1024x768.jpg\" alt=\"\" class=\"wp-image-7894\" srcset=\"https:\/\/www.intellectualsovereignty.ch\/wp-content\/uploads\/2022\/06\/img_9249-1-1024x768.jpg 1024w, https:\/\/www.intellectualsovereignty.ch\/wp-content\/uploads\/2022\/06\/img_9249-1-300x225.jpg 300w, https:\/\/www.intellectualsovereignty.ch\/wp-content\/uploads\/2022\/06\/img_9249-1-768x576.jpg 768w, https:\/\/www.intellectualsovereignty.ch\/wp-content\/uploads\/2022\/06\/img_9249-1-1536x1152.jpg 1536w, https:\/\/www.intellectualsovereignty.ch\/wp-content\/uploads\/2022\/06\/img_9249-1-1870x1403.jpg 1870w, https:\/\/www.intellectualsovereignty.ch\/wp-content\/uploads\/2022\/06\/img_9249-1-400x300.jpg 400w, https:\/\/www.intellectualsovereignty.ch\/wp-content\/uploads\/2022\/06\/img_9249-1-800x600.jpg 800w, https:\/\/www.intellectualsovereignty.ch\/wp-content\/uploads\/2022\/06\/img_9249-1.jpg 2000w\" sizes=\"auto, (max-width: 1024px) 100vw, 1024px\" \/><\/figure>\n\n\n\n<figure class=\"wp-block-image size-large\"><img loading=\"lazy\" decoding=\"async\" width=\"1024\" height=\"768\" data-attachment-id=\"7895\" data-permalink=\"https:\/\/www.intellectualsovereignty.ch\/index.php\/2022\/06\/21\/day60-sonora-pass-disaster-peak-km-1637-1664\/img_9250-2\/\" data-orig-file=\"https:\/\/www.intellectualsovereignty.ch\/wp-content\/uploads\/2022\/06\/img_9250-1.jpg\" data-orig-size=\"2000,1500\" data-comments-opened=\"0\" data-image-title=\"img_9250\" data-image-description=\"\" data-image-caption=\"\" data-large-file=\"https:\/\/www.intellectualsovereignty.ch\/wp-content\/uploads\/2022\/06\/img_9250-1-1024x768.jpg\" data-id=\"7895\" src=\"https:\/\/www.intellectualsovereignty.ch\/wp-content\/uploads\/2022\/06\/img_9250-1-1024x768.jpg\" alt=\"\" class=\"wp-image-7895\" srcset=\"https:\/\/www.intellectualsovereignty.ch\/wp-content\/uploads\/2022\/06\/img_9250-1-1024x768.jpg 1024w, https:\/\/www.intellectualsovereignty.ch\/wp-content\/uploads\/2022\/06\/img_9250-1-300x225.jpg 300w, https:\/\/www.intellectualsovereignty.ch\/wp-content\/uploads\/2022\/06\/img_9250-1-768x576.jpg 768w, https:\/\/www.intellectualsovereignty.ch\/wp-content\/uploads\/2022\/06\/img_9250-1-1536x1152.jpg 1536w, https:\/\/www.intellectualsovereignty.ch\/wp-content\/uploads\/2022\/06\/img_9250-1-1870x1403.jpg 1870w, https:\/\/www.intellectualsovereignty.ch\/wp-content\/uploads\/2022\/06\/img_9250-1-400x300.jpg 400w, https:\/\/www.intellectualsovereignty.ch\/wp-content\/uploads\/2022\/06\/img_9250-1-800x600.jpg 800w, https:\/\/www.intellectualsovereignty.ch\/wp-content\/uploads\/2022\/06\/img_9250-1.jpg 2000w\" sizes=\"auto, (max-width: 1024px) 100vw, 1024px\" \/><\/figure>\n\n\n\n<figure class=\"wp-block-image size-large\"><img loading=\"lazy\" decoding=\"async\" width=\"1024\" height=\"334\" data-attachment-id=\"7896\" data-permalink=\"https:\/\/www.intellectualsovereignty.ch\/index.php\/2022\/06\/21\/day60-sonora-pass-disaster-peak-km-1637-1664\/img_9251-2\/\" data-orig-file=\"https:\/\/www.intellectualsovereignty.ch\/wp-content\/uploads\/2022\/06\/img_9251-1.jpg\" data-orig-size=\"2000,652\" data-comments-opened=\"0\" data-image-title=\"img_9251\" data-image-description=\"\" data-image-caption=\"\" data-large-file=\"https:\/\/www.intellectualsovereignty.ch\/wp-content\/uploads\/2022\/06\/img_9251-1-1024x334.jpg\" data-id=\"7896\" src=\"https:\/\/www.intellectualsovereignty.ch\/wp-content\/uploads\/2022\/06\/img_9251-1-1024x334.jpg\" alt=\"\" class=\"wp-image-7896\" srcset=\"https:\/\/www.intellectualsovereignty.ch\/wp-content\/uploads\/2022\/06\/img_9251-1-1024x334.jpg 1024w, https:\/\/www.intellectualsovereignty.ch\/wp-content\/uploads\/2022\/06\/img_9251-1-300x98.jpg 300w, https:\/\/www.intellectualsovereignty.ch\/wp-content\/uploads\/2022\/06\/img_9251-1-768x250.jpg 768w, https:\/\/www.intellectualsovereignty.ch\/wp-content\/uploads\/2022\/06\/img_9251-1-1536x501.jpg 1536w, https:\/\/www.intellectualsovereignty.ch\/wp-content\/uploads\/2022\/06\/img_9251-1-1870x610.jpg 1870w, https:\/\/www.intellectualsovereignty.ch\/wp-content\/uploads\/2022\/06\/img_9251-1-400x130.jpg 400w, https:\/\/www.intellectualsovereignty.ch\/wp-content\/uploads\/2022\/06\/img_9251-1-800x261.jpg 800w, https:\/\/www.intellectualsovereignty.ch\/wp-content\/uploads\/2022\/06\/img_9251-1.jpg 2000w\" sizes=\"auto, (max-width: 1024px) 100vw, 1024px\" \/><\/figure>\n\n\n\n<figure class=\"wp-block-image size-large\"><img loading=\"lazy\" decoding=\"async\" width=\"1024\" height=\"768\" data-attachment-id=\"7897\" data-permalink=\"https:\/\/www.intellectualsovereignty.ch\/index.php\/2022\/06\/21\/day60-sonora-pass-disaster-peak-km-1637-1664\/img_9252-2\/\" data-orig-file=\"https:\/\/www.intellectualsovereignty.ch\/wp-content\/uploads\/2022\/06\/img_9252-1.jpg\" data-orig-size=\"2000,1500\" data-comments-opened=\"0\" data-image-title=\"img_9252\" data-image-description=\"\" data-image-caption=\"\" data-large-file=\"https:\/\/www.intellectualsovereignty.ch\/wp-content\/uploads\/2022\/06\/img_9252-1-1024x768.jpg\" data-id=\"7897\" src=\"https:\/\/www.intellectualsovereignty.ch\/wp-content\/uploads\/2022\/06\/img_9252-1-1024x768.jpg\" alt=\"\" class=\"wp-image-7897\" srcset=\"https:\/\/www.intellectualsovereignty.ch\/wp-content\/uploads\/2022\/06\/img_9252-1-1024x768.jpg 1024w, https:\/\/www.intellectualsovereignty.ch\/wp-content\/uploads\/2022\/06\/img_9252-1-300x225.jpg 300w, https:\/\/www.intellectualsovereignty.ch\/wp-content\/uploads\/2022\/06\/img_9252-1-768x576.jpg 768w, https:\/\/www.intellectualsovereignty.ch\/wp-content\/uploads\/2022\/06\/img_9252-1-1536x1152.jpg 1536w, https:\/\/www.intellectualsovereignty.ch\/wp-content\/uploads\/2022\/06\/img_9252-1-1870x1403.jpg 1870w, https:\/\/www.intellectualsovereignty.ch\/wp-content\/uploads\/2022\/06\/img_9252-1-400x300.jpg 400w, https:\/\/www.intellectualsovereignty.ch\/wp-content\/uploads\/2022\/06\/img_9252-1-800x600.jpg 800w, https:\/\/www.intellectualsovereignty.ch\/wp-content\/uploads\/2022\/06\/img_9252-1.jpg 2000w\" sizes=\"auto, (max-width: 1024px) 100vw, 1024px\" \/><\/figure>\n\n\n\n<figure class=\"wp-block-image size-large\"><img loading=\"lazy\" decoding=\"async\" width=\"768\" height=\"1024\" data-attachment-id=\"7891\" data-permalink=\"https:\/\/www.intellectualsovereignty.ch\/index.php\/2022\/06\/21\/day60-sonora-pass-disaster-peak-km-1637-1664\/img_9253\/\" data-orig-file=\"https:\/\/www.intellectualsovereignty.ch\/wp-content\/uploads\/2022\/06\/img_9253.jpg\" data-orig-size=\"1500,2000\" data-comments-opened=\"0\" data-image-title=\"img_9253\" data-image-description=\"\" data-image-caption=\"\" data-large-file=\"https:\/\/www.intellectualsovereignty.ch\/wp-content\/uploads\/2022\/06\/img_9253-768x1024.jpg\" data-id=\"7891\" src=\"https:\/\/www.intellectualsovereignty.ch\/wp-content\/uploads\/2022\/06\/img_9253-768x1024.jpg\" alt=\"\" class=\"wp-image-7891\" srcset=\"https:\/\/www.intellectualsovereignty.ch\/wp-content\/uploads\/2022\/06\/img_9253-768x1024.jpg 768w, https:\/\/www.intellectualsovereignty.ch\/wp-content\/uploads\/2022\/06\/img_9253-225x300.jpg 225w, https:\/\/www.intellectualsovereignty.ch\/wp-content\/uploads\/2022\/06\/img_9253-1152x1536.jpg 1152w, https:\/\/www.intellectualsovereignty.ch\/wp-content\/uploads\/2022\/06\/img_9253-400x533.jpg 400w, https:\/\/www.intellectualsovereignty.ch\/wp-content\/uploads\/2022\/06\/img_9253-800x1067.jpg 800w, https:\/\/www.intellectualsovereignty.ch\/wp-content\/uploads\/2022\/06\/img_9253.jpg 1500w\" sizes=\"auto, (max-width: 768px) 100vw, 768px\" \/><\/figure>\n\n\n\n<figure class=\"wp-block-image size-large\"><img loading=\"lazy\" decoding=\"async\" width=\"1024\" height=\"768\" data-attachment-id=\"7899\" data-permalink=\"https:\/\/www.intellectualsovereignty.ch\/index.php\/2022\/06\/21\/day60-sonora-pass-disaster-peak-km-1637-1664\/img_9254-2\/\" data-orig-file=\"https:\/\/www.intellectualsovereignty.ch\/wp-content\/uploads\/2022\/06\/img_9254-1.jpg\" data-orig-size=\"2000,1500\" data-comments-opened=\"0\" data-image-title=\"img_9254\" data-image-description=\"\" data-image-caption=\"\" data-large-file=\"https:\/\/www.intellectualsovereignty.ch\/wp-content\/uploads\/2022\/06\/img_9254-1-1024x768.jpg\" data-id=\"7899\" src=\"https:\/\/www.intellectualsovereignty.ch\/wp-content\/uploads\/2022\/06\/img_9254-1-1024x768.jpg\" alt=\"\" class=\"wp-image-7899\" srcset=\"https:\/\/www.intellectualsovereignty.ch\/wp-content\/uploads\/2022\/06\/img_9254-1-1024x768.jpg 1024w, https:\/\/www.intellectualsovereignty.ch\/wp-content\/uploads\/2022\/06\/img_9254-1-300x225.jpg 300w, https:\/\/www.intellectualsovereignty.ch\/wp-content\/uploads\/2022\/06\/img_9254-1-768x576.jpg 768w, https:\/\/www.intellectualsovereignty.ch\/wp-content\/uploads\/2022\/06\/img_9254-1-1536x1152.jpg 1536w, https:\/\/www.intellectualsovereignty.ch\/wp-content\/uploads\/2022\/06\/img_9254-1-1870x1403.jpg 1870w, https:\/\/www.intellectualsovereignty.ch\/wp-content\/uploads\/2022\/06\/img_9254-1-400x300.jpg 400w, https:\/\/www.intellectualsovereignty.ch\/wp-content\/uploads\/2022\/06\/img_9254-1-800x600.jpg 800w, https:\/\/www.intellectualsovereignty.ch\/wp-content\/uploads\/2022\/06\/img_9254-1.jpg 2000w\" sizes=\"auto, (max-width: 1024px) 100vw, 1024px\" \/><\/figure>\n\n\n\n<figure class=\"wp-block-image size-large\"><img loading=\"lazy\" decoding=\"async\" width=\"1024\" height=\"768\" data-attachment-id=\"7900\" data-permalink=\"https:\/\/www.intellectualsovereignty.ch\/index.php\/2022\/06\/21\/day60-sonora-pass-disaster-peak-km-1637-1664\/img_9255\/\" data-orig-file=\"https:\/\/www.intellectualsovereignty.ch\/wp-content\/uploads\/2022\/06\/img_9255.jpg\" data-orig-size=\"2000,1500\" data-comments-opened=\"0\" data-image-title=\"img_9255\" data-image-description=\"\" data-image-caption=\"\" data-large-file=\"https:\/\/www.intellectualsovereignty.ch\/wp-content\/uploads\/2022\/06\/img_9255-1024x768.jpg\" data-id=\"7900\" src=\"https:\/\/www.intellectualsovereignty.ch\/wp-content\/uploads\/2022\/06\/img_9255-1024x768.jpg\" alt=\"\" class=\"wp-image-7900\" srcset=\"https:\/\/www.intellectualsovereignty.ch\/wp-content\/uploads\/2022\/06\/img_9255-1024x768.jpg 1024w, https:\/\/www.intellectualsovereignty.ch\/wp-content\/uploads\/2022\/06\/img_9255-300x225.jpg 300w, https:\/\/www.intellectualsovereignty.ch\/wp-content\/uploads\/2022\/06\/img_9255-768x576.jpg 768w, https:\/\/www.intellectualsovereignty.ch\/wp-content\/uploads\/2022\/06\/img_9255-1536x1152.jpg 1536w, https:\/\/www.intellectualsovereignty.ch\/wp-content\/uploads\/2022\/06\/img_9255-1870x1403.jpg 1870w, https:\/\/www.intellectualsovereignty.ch\/wp-content\/uploads\/2022\/06\/img_9255-400x300.jpg 400w, https:\/\/www.intellectualsovereignty.ch\/wp-content\/uploads\/2022\/06\/img_9255-800x600.jpg 800w, https:\/\/www.intellectualsovereignty.ch\/wp-content\/uploads\/2022\/06\/img_9255.jpg 2000w\" sizes=\"auto, (max-width: 1024px) 100vw, 1024px\" \/><\/figure>\n\n\n\n<figure class=\"wp-block-image size-large\"><img loading=\"lazy\" decoding=\"async\" width=\"1024\" height=\"768\" data-attachment-id=\"7901\" data-permalink=\"https:\/\/www.intellectualsovereignty.ch\/index.php\/2022\/06\/21\/day60-sonora-pass-disaster-peak-km-1637-1664\/img_9256\/\" data-orig-file=\"https:\/\/www.intellectualsovereignty.ch\/wp-content\/uploads\/2022\/06\/img_9256.jpg\" data-orig-size=\"2000,1500\" data-comments-opened=\"0\" data-image-title=\"img_9256\" data-image-description=\"\" data-image-caption=\"\" data-large-file=\"https:\/\/www.intellectualsovereignty.ch\/wp-content\/uploads\/2022\/06\/img_9256-1024x768.jpg\" data-id=\"7901\" src=\"https:\/\/www.intellectualsovereignty.ch\/wp-content\/uploads\/2022\/06\/img_9256-1024x768.jpg\" alt=\"\" class=\"wp-image-7901\" srcset=\"https:\/\/www.intellectualsovereignty.ch\/wp-content\/uploads\/2022\/06\/img_9256-1024x768.jpg 1024w, https:\/\/www.intellectualsovereignty.ch\/wp-content\/uploads\/2022\/06\/img_9256-300x225.jpg 300w, https:\/\/www.intellectualsovereignty.ch\/wp-content\/uploads\/2022\/06\/img_9256-768x576.jpg 768w, https:\/\/www.intellectualsovereignty.ch\/wp-content\/uploads\/2022\/06\/img_9256-1536x1152.jpg 1536w, https:\/\/www.intellectualsovereignty.ch\/wp-content\/uploads\/2022\/06\/img_9256-1870x1403.jpg 1870w, https:\/\/www.intellectualsovereignty.ch\/wp-content\/uploads\/2022\/06\/img_9256-400x300.jpg 400w, https:\/\/www.intellectualsovereignty.ch\/wp-content\/uploads\/2022\/06\/img_9256-800x600.jpg 800w, https:\/\/www.intellectualsovereignty.ch\/wp-content\/uploads\/2022\/06\/img_9256.jpg 2000w\" sizes=\"auto, (max-width: 1024px) 100vw, 1024px\" \/><\/figure>\n\n\n\n<figure class=\"wp-block-image\"><img loading=\"lazy\" decoding=\"async\" width=\"1500\" height=\"2000\" data-attachment-id=\"7902\" data-permalink=\"https:\/\/www.intellectualsovereignty.ch\/index.php\/2022\/06\/21\/day60-sonora-pass-disaster-peak-km-1637-1664\/img_9257\/\" data-orig-file=\"https:\/\/www.intellectualsovereignty.ch\/wp-content\/uploads\/2022\/06\/img_9257.jpg\" data-orig-size=\"1500,2000\" data-comments-opened=\"0\" data-image-title=\"img_9257\" data-image-description=\"\" data-image-caption=\"\" data-large-file=\"https:\/\/www.intellectualsovereignty.ch\/wp-content\/uploads\/2022\/06\/img_9257-768x1024.jpg\" data-id=\"7902\" src=\"https:\/\/www.intellectualsovereignty.ch\/wp-content\/uploads\/2022\/06\/img_9257.jpg\" alt=\"\" class=\"wp-image-7902\" srcset=\"https:\/\/www.intellectualsovereignty.ch\/wp-content\/uploads\/2022\/06\/img_9257.jpg 1500w, https:\/\/www.intellectualsovereignty.ch\/wp-content\/uploads\/2022\/06\/img_9257-225x300.jpg 225w, https:\/\/www.intellectualsovereignty.ch\/wp-content\/uploads\/2022\/06\/img_9257-768x1024.jpg 768w, https:\/\/www.intellectualsovereignty.ch\/wp-content\/uploads\/2022\/06\/img_9257-1152x1536.jpg 1152w, https:\/\/www.intellectualsovereignty.ch\/wp-content\/uploads\/2022\/06\/img_9257-400x533.jpg 400w, https:\/\/www.intellectualsovereignty.ch\/wp-content\/uploads\/2022\/06\/img_9257-800x1067.jpg 800w\" sizes=\"auto, (max-width: 1500px) 100vw, 1500px\" \/><\/figure>\n\n\n\n<figure class=\"wp-block-image\"><img loading=\"lazy\" decoding=\"async\" width=\"1500\" height=\"2000\" data-attachment-id=\"7907\" data-permalink=\"https:\/\/www.intellectualsovereignty.ch\/index.php\/2022\/06\/21\/day60-sonora-pass-disaster-peak-km-1637-1664\/img_9258-2\/\" data-orig-file=\"https:\/\/www.intellectualsovereignty.ch\/wp-content\/uploads\/2022\/06\/img_9258-1.jpg\" data-orig-size=\"1500,2000\" data-comments-opened=\"0\" data-image-title=\"img_9258\" data-image-description=\"\" data-image-caption=\"\" data-large-file=\"https:\/\/www.intellectualsovereignty.ch\/wp-content\/uploads\/2022\/06\/img_9258-1-768x1024.jpg\" data-id=\"7907\" src=\"https:\/\/www.intellectualsovereignty.ch\/wp-content\/uploads\/2022\/06\/img_9258-1.jpg\" alt=\"\" class=\"wp-image-7907\" srcset=\"https:\/\/www.intellectualsovereignty.ch\/wp-content\/uploads\/2022\/06\/img_9258-1.jpg 1500w, https:\/\/www.intellectualsovereignty.ch\/wp-content\/uploads\/2022\/06\/img_9258-1-225x300.jpg 225w, https:\/\/www.intellectualsovereignty.ch\/wp-content\/uploads\/2022\/06\/img_9258-1-768x1024.jpg 768w, https:\/\/www.intellectualsovereignty.ch\/wp-content\/uploads\/2022\/06\/img_9258-1-1152x1536.jpg 1152w, https:\/\/www.intellectualsovereignty.ch\/wp-content\/uploads\/2022\/06\/img_9258-1-400x533.jpg 400w, https:\/\/www.intellectualsovereignty.ch\/wp-content\/uploads\/2022\/06\/img_9258-1-800x1067.jpg 800w\" sizes=\"auto, (max-width: 1500px) 100vw, 1500px\" \/><\/figure>\n\n\n\n<figure class=\"wp-block-image size-large\"><img loading=\"lazy\" decoding=\"async\" width=\"768\" height=\"1024\" data-attachment-id=\"7904\" data-permalink=\"https:\/\/www.intellectualsovereignty.ch\/index.php\/2022\/06\/21\/day60-sonora-pass-disaster-peak-km-1637-1664\/img_9259\/\" data-orig-file=\"https:\/\/www.intellectualsovereignty.ch\/wp-content\/uploads\/2022\/06\/img_9259.jpg\" data-orig-size=\"1500,2000\" data-comments-opened=\"0\" data-image-title=\"img_9259\" data-image-description=\"\" data-image-caption=\"\" data-large-file=\"https:\/\/www.intellectualsovereignty.ch\/wp-content\/uploads\/2022\/06\/img_9259-768x1024.jpg\" data-id=\"7904\" src=\"https:\/\/www.intellectualsovereignty.ch\/wp-content\/uploads\/2022\/06\/img_9259-768x1024.jpg\" alt=\"\" class=\"wp-image-7904\" srcset=\"https:\/\/www.intellectualsovereignty.ch\/wp-content\/uploads\/2022\/06\/img_9259-768x1024.jpg 768w, https:\/\/www.intellectualsovereignty.ch\/wp-content\/uploads\/2022\/06\/img_9259-225x300.jpg 225w, https:\/\/www.intellectualsovereignty.ch\/wp-content\/uploads\/2022\/06\/img_9259-1152x1536.jpg 1152w, https:\/\/www.intellectualsovereignty.ch\/wp-content\/uploads\/2022\/06\/img_9259-400x533.jpg 400w, https:\/\/www.intellectualsovereignty.ch\/wp-content\/uploads\/2022\/06\/img_9259-800x1067.jpg 800w, https:\/\/www.intellectualsovereignty.ch\/wp-content\/uploads\/2022\/06\/img_9259.jpg 1500w\" sizes=\"auto, (max-width: 768px) 100vw, 768px\" \/><\/figure>\n\n\n\n<figure class=\"wp-block-image size-large\"><img loading=\"lazy\" decoding=\"async\" width=\"1024\" height=\"768\" data-attachment-id=\"7905\" data-permalink=\"https:\/\/www.intellectualsovereignty.ch\/index.php\/2022\/06\/21\/day60-sonora-pass-disaster-peak-km-1637-1664\/img_9260\/\" data-orig-file=\"https:\/\/www.intellectualsovereignty.ch\/wp-content\/uploads\/2022\/06\/img_9260.jpg\" data-orig-size=\"2000,1500\" data-comments-opened=\"0\" data-image-title=\"img_9260\" data-image-description=\"\" data-image-caption=\"\" data-large-file=\"https:\/\/www.intellectualsovereignty.ch\/wp-content\/uploads\/2022\/06\/img_9260-1024x768.jpg\" data-id=\"7905\" src=\"https:\/\/www.intellectualsovereignty.ch\/wp-content\/uploads\/2022\/06\/img_9260-1024x768.jpg\" alt=\"\" class=\"wp-image-7905\" srcset=\"https:\/\/www.intellectualsovereignty.ch\/wp-content\/uploads\/2022\/06\/img_9260-1024x768.jpg 1024w, https:\/\/www.intellectualsovereignty.ch\/wp-content\/uploads\/2022\/06\/img_9260-300x225.jpg 300w, https:\/\/www.intellectualsovereignty.ch\/wp-content\/uploads\/2022\/06\/img_9260-768x576.jpg 768w, https:\/\/www.intellectualsovereignty.ch\/wp-content\/uploads\/2022\/06\/img_9260-1536x1152.jpg 1536w, https:\/\/www.intellectualsovereignty.ch\/wp-content\/uploads\/2022\/06\/img_9260-1870x1403.jpg 1870w, https:\/\/www.intellectualsovereignty.ch\/wp-content\/uploads\/2022\/06\/img_9260-400x300.jpg 400w, https:\/\/www.intellectualsovereignty.ch\/wp-content\/uploads\/2022\/06\/img_9260-800x600.jpg 800w, https:\/\/www.intellectualsovereignty.ch\/wp-content\/uploads\/2022\/06\/img_9260.jpg 2000w\" sizes=\"auto, (max-width: 1024px) 100vw, 1024px\" \/><\/figure>\n\n\n\n<figure class=\"wp-block-image size-large\"><img loading=\"lazy\" decoding=\"async\" width=\"1024\" height=\"768\" data-attachment-id=\"7906\" data-permalink=\"https:\/\/www.intellectualsovereignty.ch\/index.php\/2022\/06\/21\/day60-sonora-pass-disaster-peak-km-1637-1664\/img_9261\/\" data-orig-file=\"https:\/\/www.intellectualsovereignty.ch\/wp-content\/uploads\/2022\/06\/img_9261.jpg\" data-orig-size=\"2000,1500\" data-comments-opened=\"0\" data-image-title=\"img_9261\" data-image-description=\"\" data-image-caption=\"\" data-large-file=\"https:\/\/www.intellectualsovereignty.ch\/wp-content\/uploads\/2022\/06\/img_9261-1024x768.jpg\" data-id=\"7906\" src=\"https:\/\/www.intellectualsovereignty.ch\/wp-content\/uploads\/2022\/06\/img_9261-1024x768.jpg\" alt=\"\" class=\"wp-image-7906\" srcset=\"https:\/\/www.intellectualsovereignty.ch\/wp-content\/uploads\/2022\/06\/img_9261-1024x768.jpg 1024w, https:\/\/www.intellectualsovereignty.ch\/wp-content\/uploads\/2022\/06\/img_9261-300x225.jpg 300w, https:\/\/www.intellectualsovereignty.ch\/wp-content\/uploads\/2022\/06\/img_9261-768x576.jpg 768w, https:\/\/www.intellectualsovereignty.ch\/wp-content\/uploads\/2022\/06\/img_9261-1536x1152.jpg 1536w, https:\/\/www.intellectualsovereignty.ch\/wp-content\/uploads\/2022\/06\/img_9261-1870x1403.jpg 1870w, https:\/\/www.intellectualsovereignty.ch\/wp-content\/uploads\/2022\/06\/img_9261-400x300.jpg 400w, https:\/\/www.intellectualsovereignty.ch\/wp-content\/uploads\/2022\/06\/img_9261-800x600.jpg 800w, https:\/\/www.intellectualsovereignty.ch\/wp-content\/uploads\/2022\/06\/img_9261.jpg 2000w\" sizes=\"auto, (max-width: 1024px) 100vw, 1024px\" \/><\/figure>\n\n\n\n<figure class=\"wp-block-image size-large\"><img loading=\"lazy\" decoding=\"async\" width=\"1024\" height=\"768\" data-attachment-id=\"7908\" data-permalink=\"https:\/\/www.intellectualsovereignty.ch\/index.php\/2022\/06\/21\/day60-sonora-pass-disaster-peak-km-1637-1664\/img_9262\/\" data-orig-file=\"https:\/\/www.intellectualsovereignty.ch\/wp-content\/uploads\/2022\/06\/img_9262.jpg\" data-orig-size=\"2000,1500\" data-comments-opened=\"0\" data-image-title=\"img_9262\" data-image-description=\"\" data-image-caption=\"\" data-large-file=\"https:\/\/www.intellectualsovereignty.ch\/wp-content\/uploads\/2022\/06\/img_9262-1024x768.jpg\" data-id=\"7908\" src=\"https:\/\/www.intellectualsovereignty.ch\/wp-content\/uploads\/2022\/06\/img_9262-1024x768.jpg\" alt=\"\" class=\"wp-image-7908\" srcset=\"https:\/\/www.intellectualsovereignty.ch\/wp-content\/uploads\/2022\/06\/img_9262-1024x768.jpg 1024w, https:\/\/www.intellectualsovereignty.ch\/wp-content\/uploads\/2022\/06\/img_9262-300x225.jpg 300w, https:\/\/www.intellectualsovereignty.ch\/wp-content\/uploads\/2022\/06\/img_9262-768x576.jpg 768w, https:\/\/www.intellectualsovereignty.ch\/wp-content\/uploads\/2022\/06\/img_9262-1536x1152.jpg 1536w, https:\/\/www.intellectualsovereignty.ch\/wp-content\/uploads\/2022\/06\/img_9262-1870x1403.jpg 1870w, https:\/\/www.intellectualsovereignty.ch\/wp-content\/uploads\/2022\/06\/img_9262-400x300.jpg 400w, https:\/\/www.intellectualsovereignty.ch\/wp-content\/uploads\/2022\/06\/img_9262-800x600.jpg 800w, https:\/\/www.intellectualsovereignty.ch\/wp-content\/uploads\/2022\/06\/img_9262.jpg 2000w\" sizes=\"auto, (max-width: 1024px) 100vw, 1024px\" \/><\/figure>\n\n\n\n<figure class=\"wp-block-image size-large\"><img loading=\"lazy\" decoding=\"async\" width=\"768\" height=\"1024\" data-attachment-id=\"7910\" data-permalink=\"https:\/\/www.intellectualsovereignty.ch\/index.php\/2022\/06\/21\/day60-sonora-pass-disaster-peak-km-1637-1664\/img_9264\/\" data-orig-file=\"https:\/\/www.intellectualsovereignty.ch\/wp-content\/uploads\/2022\/06\/img_9264.jpg\" data-orig-size=\"1500,2000\" data-comments-opened=\"0\" data-image-title=\"img_9264\" data-image-description=\"\" data-image-caption=\"\" data-large-file=\"https:\/\/www.intellectualsovereignty.ch\/wp-content\/uploads\/2022\/06\/img_9264-768x1024.jpg\" data-id=\"7910\" src=\"https:\/\/www.intellectualsovereignty.ch\/wp-content\/uploads\/2022\/06\/img_9264-768x1024.jpg\" alt=\"\" class=\"wp-image-7910\" srcset=\"https:\/\/www.intellectualsovereignty.ch\/wp-content\/uploads\/2022\/06\/img_9264-768x1024.jpg 768w, https:\/\/www.intellectualsovereignty.ch\/wp-content\/uploads\/2022\/06\/img_9264-225x300.jpg 225w, https:\/\/www.intellectualsovereignty.ch\/wp-content\/uploads\/2022\/06\/img_9264-1152x1536.jpg 1152w, https:\/\/www.intellectualsovereignty.ch\/wp-content\/uploads\/2022\/06\/img_9264-400x533.jpg 400w, https:\/\/www.intellectualsovereignty.ch\/wp-content\/uploads\/2022\/06\/img_9264-800x1067.jpg 800w, https:\/\/www.intellectualsovereignty.ch\/wp-content\/uploads\/2022\/06\/img_9264.jpg 1500w\" sizes=\"auto, (max-width: 768px) 100vw, 768px\" \/><\/figure>\n\n\n\n<figure class=\"wp-block-image size-large\"><img loading=\"lazy\" decoding=\"async\" width=\"1024\" height=\"768\" data-attachment-id=\"7909\" data-permalink=\"https:\/\/www.intellectualsovereignty.ch\/index.php\/2022\/06\/21\/day60-sonora-pass-disaster-peak-km-1637-1664\/img_9265\/\" data-orig-file=\"https:\/\/www.intellectualsovereignty.ch\/wp-content\/uploads\/2022\/06\/img_9265.jpg\" data-orig-size=\"2000,1500\" data-comments-opened=\"0\" data-image-title=\"img_9265\" data-image-description=\"\" data-image-caption=\"\" data-large-file=\"https:\/\/www.intellectualsovereignty.ch\/wp-content\/uploads\/2022\/06\/img_9265-1024x768.jpg\" data-id=\"7909\" src=\"https:\/\/www.intellectualsovereignty.ch\/wp-content\/uploads\/2022\/06\/img_9265-1024x768.jpg\" alt=\"\" class=\"wp-image-7909\" srcset=\"https:\/\/www.intellectualsovereignty.ch\/wp-content\/uploads\/2022\/06\/img_9265-1024x768.jpg 1024w, https:\/\/www.intellectualsovereignty.ch\/wp-content\/uploads\/2022\/06\/img_9265-300x225.jpg 300w, https:\/\/www.intellectualsovereignty.ch\/wp-content\/uploads\/2022\/06\/img_9265-768x576.jpg 768w, https:\/\/www.intellectualsovereignty.ch\/wp-content\/uploads\/2022\/06\/img_9265-1536x1152.jpg 1536w, https:\/\/www.intellectualsovereignty.ch\/wp-content\/uploads\/2022\/06\/img_9265-1870x1403.jpg 1870w, https:\/\/www.intellectualsovereignty.ch\/wp-content\/uploads\/2022\/06\/img_9265-400x300.jpg 400w, https:\/\/www.intellectualsovereignty.ch\/wp-content\/uploads\/2022\/06\/img_9265-800x600.jpg 800w, https:\/\/www.intellectualsovereignty.ch\/wp-content\/uploads\/2022\/06\/img_9265.jpg 2000w\" sizes=\"auto, (max-width: 1024px) 100vw, 1024px\" \/><\/figure>\n\n\n\n<figure class=\"wp-block-image size-large\"><img loading=\"lazy\" decoding=\"async\" width=\"1024\" height=\"418\" data-attachment-id=\"7911\" data-permalink=\"https:\/\/www.intellectualsovereignty.ch\/index.php\/2022\/06\/21\/day60-sonora-pass-disaster-peak-km-1637-1664\/img_9266\/\" data-orig-file=\"https:\/\/www.intellectualsovereignty.ch\/wp-content\/uploads\/2022\/06\/img_9266.jpg\" data-orig-size=\"2000,816\" data-comments-opened=\"0\" data-image-title=\"img_9266\" data-image-description=\"\" data-image-caption=\"\" data-large-file=\"https:\/\/www.intellectualsovereignty.ch\/wp-content\/uploads\/2022\/06\/img_9266-1024x418.jpg\" data-id=\"7911\" src=\"https:\/\/www.intellectualsovereignty.ch\/wp-content\/uploads\/2022\/06\/img_9266-1024x418.jpg\" alt=\"\" class=\"wp-image-7911\" srcset=\"https:\/\/www.intellectualsovereignty.ch\/wp-content\/uploads\/2022\/06\/img_9266-1024x418.jpg 1024w, https:\/\/www.intellectualsovereignty.ch\/wp-content\/uploads\/2022\/06\/img_9266-300x122.jpg 300w, https:\/\/www.intellectualsovereignty.ch\/wp-content\/uploads\/2022\/06\/img_9266-768x313.jpg 768w, https:\/\/www.intellectualsovereignty.ch\/wp-content\/uploads\/2022\/06\/img_9266-1536x627.jpg 1536w, https:\/\/www.intellectualsovereignty.ch\/wp-content\/uploads\/2022\/06\/img_9266-1870x763.jpg 1870w, https:\/\/www.intellectualsovereignty.ch\/wp-content\/uploads\/2022\/06\/img_9266-400x163.jpg 400w, https:\/\/www.intellectualsovereignty.ch\/wp-content\/uploads\/2022\/06\/img_9266-800x326.jpg 800w, https:\/\/www.intellectualsovereignty.ch\/wp-content\/uploads\/2022\/06\/img_9266.jpg 2000w\" sizes=\"auto, (max-width: 1024px) 100vw, 1024px\" \/><\/figure>\n\n\n\n<figure class=\"wp-block-image size-large\"><img loading=\"lazy\" decoding=\"async\" width=\"768\" height=\"1024\" data-attachment-id=\"7913\" data-permalink=\"https:\/\/www.intellectualsovereignty.ch\/index.php\/2022\/06\/21\/day60-sonora-pass-disaster-peak-km-1637-1664\/img_9267\/\" data-orig-file=\"https:\/\/www.intellectualsovereignty.ch\/wp-content\/uploads\/2022\/06\/img_9267.jpg\" data-orig-size=\"1500,2000\" data-comments-opened=\"0\" data-image-title=\"img_9267\" data-image-description=\"\" data-image-caption=\"\" data-large-file=\"https:\/\/www.intellectualsovereignty.ch\/wp-content\/uploads\/2022\/06\/img_9267-768x1024.jpg\" data-id=\"7913\" src=\"https:\/\/www.intellectualsovereignty.ch\/wp-content\/uploads\/2022\/06\/img_9267-768x1024.jpg\" alt=\"\" class=\"wp-image-7913\" srcset=\"https:\/\/www.intellectualsovereignty.ch\/wp-content\/uploads\/2022\/06\/img_9267-768x1024.jpg 768w, https:\/\/www.intellectualsovereignty.ch\/wp-content\/uploads\/2022\/06\/img_9267-225x300.jpg 225w, https:\/\/www.intellectualsovereignty.ch\/wp-content\/uploads\/2022\/06\/img_9267-1152x1536.jpg 1152w, https:\/\/www.intellectualsovereignty.ch\/wp-content\/uploads\/2022\/06\/img_9267-400x533.jpg 400w, https:\/\/www.intellectualsovereignty.ch\/wp-content\/uploads\/2022\/06\/img_9267-800x1067.jpg 800w, https:\/\/www.intellectualsovereignty.ch\/wp-content\/uploads\/2022\/06\/img_9267.jpg 1500w\" sizes=\"auto, (max-width: 768px) 100vw, 768px\" \/><\/figure>\n\n\n\n<figure class=\"wp-block-image size-large\"><img loading=\"lazy\" decoding=\"async\" width=\"1024\" height=\"768\" data-attachment-id=\"7912\" data-permalink=\"https:\/\/www.intellectualsovereignty.ch\/index.php\/2022\/06\/21\/day60-sonora-pass-disaster-peak-km-1637-1664\/img_9268\/\" data-orig-file=\"https:\/\/www.intellectualsovereignty.ch\/wp-content\/uploads\/2022\/06\/img_9268.jpg\" data-orig-size=\"2000,1500\" data-comments-opened=\"0\" data-image-title=\"img_9268\" data-image-description=\"\" data-image-caption=\"\" data-large-file=\"https:\/\/www.intellectualsovereignty.ch\/wp-content\/uploads\/2022\/06\/img_9268-1024x768.jpg\" data-id=\"7912\" src=\"https:\/\/www.intellectualsovereignty.ch\/wp-content\/uploads\/2022\/06\/img_9268-1024x768.jpg\" alt=\"\" class=\"wp-image-7912\" srcset=\"https:\/\/www.intellectualsovereignty.ch\/wp-content\/uploads\/2022\/06\/img_9268-1024x768.jpg 1024w, https:\/\/www.intellectualsovereignty.ch\/wp-content\/uploads\/2022\/06\/img_9268-300x225.jpg 300w, https:\/\/www.intellectualsovereignty.ch\/wp-content\/uploads\/2022\/06\/img_9268-768x576.jpg 768w, https:\/\/www.intellectualsovereignty.ch\/wp-content\/uploads\/2022\/06\/img_9268-1536x1152.jpg 1536w, https:\/\/www.intellectualsovereignty.ch\/wp-content\/uploads\/2022\/06\/img_9268-1870x1403.jpg 1870w, https:\/\/www.intellectualsovereignty.ch\/wp-content\/uploads\/2022\/06\/img_9268-400x300.jpg 400w, https:\/\/www.intellectualsovereignty.ch\/wp-content\/uploads\/2022\/06\/img_9268-800x600.jpg 800w, https:\/\/www.intellectualsovereignty.ch\/wp-content\/uploads\/2022\/06\/img_9268.jpg 2000w\" sizes=\"auto, (max-width: 1024px) 100vw, 1024px\" \/><\/figure>\n\n\n\n<figure class=\"wp-block-image size-large\"><img loading=\"lazy\" decoding=\"async\" width=\"768\" height=\"1024\" data-attachment-id=\"7914\" data-permalink=\"https:\/\/www.intellectualsovereignty.ch\/index.php\/2022\/06\/21\/day60-sonora-pass-disaster-peak-km-1637-1664\/img_9269\/\" data-orig-file=\"https:\/\/www.intellectualsovereignty.ch\/wp-content\/uploads\/2022\/06\/img_9269.jpg\" data-orig-size=\"1500,2000\" data-comments-opened=\"0\" data-image-title=\"img_9269\" data-image-description=\"\" data-image-caption=\"\" data-large-file=\"https:\/\/www.intellectualsovereignty.ch\/wp-content\/uploads\/2022\/06\/img_9269-768x1024.jpg\" data-id=\"7914\" src=\"https:\/\/www.intellectualsovereignty.ch\/wp-content\/uploads\/2022\/06\/img_9269-768x1024.jpg\" alt=\"\" class=\"wp-image-7914\" srcset=\"https:\/\/www.intellectualsovereignty.ch\/wp-content\/uploads\/2022\/06\/img_9269-768x1024.jpg 768w, https:\/\/www.intellectualsovereignty.ch\/wp-content\/uploads\/2022\/06\/img_9269-225x300.jpg 225w, https:\/\/www.intellectualsovereignty.ch\/wp-content\/uploads\/2022\/06\/img_9269-1152x1536.jpg 1152w, https:\/\/www.intellectualsovereignty.ch\/wp-content\/uploads\/2022\/06\/img_9269-400x533.jpg 400w, https:\/\/www.intellectualsovereignty.ch\/wp-content\/uploads\/2022\/06\/img_9269-800x1067.jpg 800w, https:\/\/www.intellectualsovereignty.ch\/wp-content\/uploads\/2022\/06\/img_9269.jpg 1500w\" sizes=\"auto, (max-width: 768px) 100vw, 768px\" \/><\/figure>\n<\/figure>\n\n\n\n<hr class=\"wp-block-separator has-alpha-channel-opacity\"\/>\n\n\n[sgpx gpx=\/wp-content\/uploads\/gpx\/2022-06-21_10-22-09_gc_9068527877.gpx ]\n","protected":false},"excerpt":{"rendered":"<p>Kaum wird es hell werde ich wach, mich zieht\u2018s auf den Trail! Ruckzuck ist mein Rucksack gepackt, das Fr\u00fchst\u00fcck gegessen und die Mitfahrgelegenheit mit dem Hiker-Shuttle organisiert. Mir bleiben rund zwei Stunden bis zur Abfahrt, also kann ich es locker nehmen. Ich komme ins Gespr\u00e4ch mit Felix, pensioniert, auf dem PCT seit M\u00e4rz 2022, zwischenzeitlich [&hellip;]<\/p>\n","protected":false},"author":1,"featured_media":7908,"comment_status":"open","ping_status":"open","sticky":false,"template":"","format":"standard","meta":{"_jetpack_newsletter_access":"","_jetpack_dont_email_post_to_subs":false,"_jetpack_newsletter_tier_id":0,"_jetpack_memberships_contains_paywalled_content":false,"_spotmap_latitude":"","_spotmap_longitude":"","_jetpack_feature_clip_id":0,"_jetpack_memberships_contains_paid_content":false,"footnotes":"","jetpack_post_was_ever_published":false},"categories":[3],"tags":[53,50],"class_list":["post-7880","post","type-post","status-publish","format-standard","has-post-thumbnail","hentry","category-hiking","tag-nordkalifornien","tag-pct","has-thumbnail"],"jetpack_shortlink":"https:\/\/wp.me\/p9IwFN-236","jetpack_likes_enabled":false,"jetpack_sharing_enabled":true,"jetpack_featured_media_url":"https:\/\/www.intellectualsovereignty.ch\/wp-content\/uploads\/2022\/06\/img_9262.jpg","_links":{"self":[{"href":"https:\/\/www.intellectualsovereignty.ch\/index.php\/wp-json\/wp\/v2\/posts\/7880","targetHints":{"allow":["GET"]}}],"collection":[{"href":"https:\/\/www.intellectualsovereignty.ch\/index.php\/wp-json\/wp\/v2\/posts"}],"about":[{"href":"https:\/\/www.intellectualsovereignty.ch\/index.php\/wp-json\/wp\/v2\/types\/post"}],"author":[{"embeddable":true,"href":"https:\/\/www.intellectualsovereignty.ch\/index.php\/wp-json\/wp\/v2\/users\/1"}],"replies":[{"embeddable":true,"href":"https:\/\/www.intellectualsovereignty.ch\/index.php\/wp-json\/wp\/v2\/comments?post=7880"}],"version-history":[{"count":6,"href":"https:\/\/www.intellectualsovereignty.ch\/index.php\/wp-json\/wp\/v2\/posts\/7880\/revisions"}],"predecessor-version":[{"id":13138,"href":"https:\/\/www.intellectualsovereignty.ch\/index.php\/wp-json\/wp\/v2\/posts\/7880\/revisions\/13138"}],"wp:featuredmedia":[{"embeddable":true,"href":"https:\/\/www.intellectualsovereignty.ch\/index.php\/wp-json\/wp\/v2\/media\/7908"}],"wp:attachment":[{"href":"https:\/\/www.intellectualsovereignty.ch\/index.php\/wp-json\/wp\/v2\/media?parent=7880"}],"wp:term":[{"taxonomy":"category","embeddable":true,"href":"https:\/\/www.intellectualsovereignty.ch\/index.php\/wp-json\/wp\/v2\/categories?post=7880"},{"taxonomy":"post_tag","embeddable":true,"href":"https:\/\/www.intellectualsovereignty.ch\/index.php\/wp-json\/wp\/v2\/tags?post=7880"}],"curies":[{"name":"wp","href":"https:\/\/api.w.org\/{rel}","templated":true}]}}