{"id":787,"date":"2020-07-19T21:47:29","date_gmt":"2020-07-19T19:47:29","guid":{"rendered":"https:\/\/www.intellectualsovereignty.ch\/?p=787"},"modified":"2020-07-19T21:47:29","modified_gmt":"2020-07-19T19:47:29","slug":"hike-28-muelenen-pochtenfall-cholebaergli-muelenen","status":"publish","type":"post","link":"https:\/\/www.intellectualsovereignty.ch\/index.php\/2020\/07\/19\/hike-28-muelenen-pochtenfall-cholebaergli-muelenen\/","title":{"rendered":"Hike #28 \/ M\u00fclenen &#8211; Pochtenfall &#8211; Choleb\u00e4rgli &#8211; M\u00fclenen"},"content":{"rendered":"\n<p class=\"wp-block-paragraph\">Mit Bea und Sibe mache ich mich heute auf, das gerade erst kennengelernte Suldtal (siehe <a rel=\"noreferrer noopener\" href=\"https:\/\/www.intellectualsovereignty.ch\/index.php\/2020\/07\/12\/hike-26-interlaken-saxeten-rengglipass-spiez\/\" target=\"_blank\">Hike #26<\/a>) in seiner ganzen L\u00e4nge zu entdecken. Vor allem der untere Teil interessiert mich aufgrund gewissen Aussagen von Botanik-Begeisterten im Internet. So machen wir uns ab M\u00fclenen auf, und bereits nach knappen anderthalb Kilometern folgen wir einem abwechslungsreichen Waldpfad mit erstaunlicher Flora und Fauna: Manchmal w\u00e4hnen wir uns eher in einer Moorlandschaft als einem Bergtal. Der Weg ist dank der vielen Stege und Treppenstufen sehr gut begehbar, die Holzbr\u00fccken geben jeweils den Blick auf die rauschende Suld frei. Herrlich!<\/p>\n\n\n\n<figure class=\"wp-block-gallery columns-3 is-cropped wp-block-gallery-1 is-layout-flex wp-block-gallery-is-layout-flex\"><ul class=\"blocks-gallery-grid\"><li class=\"blocks-gallery-item\"><figure><img loading=\"lazy\" decoding=\"async\" width=\"768\" height=\"1024\" data-attachment-id=\"788\" data-permalink=\"https:\/\/www.intellectualsovereignty.ch\/index.php\/2020\/07\/19\/hike-28-muelenen-pochtenfall-cholebaergli-muelenen\/img_0689\/\" data-orig-file=\"https:\/\/www.intellectualsovereignty.ch\/wp-content\/uploads\/2020\/07\/IMG_0689-scaled.jpeg\" data-orig-size=\"1920,2560\" data-comments-opened=\"0\" data-image-title=\"IMG_0689\" data-image-description=\"\" data-image-caption=\"\" data-large-file=\"https:\/\/www.intellectualsovereignty.ch\/wp-content\/uploads\/2020\/07\/IMG_0689-768x1024.jpeg\" src=\"https:\/\/www.intellectualsovereignty.ch\/wp-content\/uploads\/2020\/07\/IMG_0689-768x1024.jpeg\" alt=\"\" data-id=\"788\" data-full-url=\"https:\/\/www.intellectualsovereignty.ch\/wp-content\/uploads\/2020\/07\/IMG_0689-scaled.jpeg\" data-link=\"https:\/\/www.intellectualsovereignty.ch\/?attachment_id=788\" class=\"wp-image-788\" srcset=\"https:\/\/www.intellectualsovereignty.ch\/wp-content\/uploads\/2020\/07\/IMG_0689-768x1024.jpeg 768w, https:\/\/www.intellectualsovereignty.ch\/wp-content\/uploads\/2020\/07\/IMG_0689-225x300.jpeg 225w, https:\/\/www.intellectualsovereignty.ch\/wp-content\/uploads\/2020\/07\/IMG_0689-1152x1536.jpeg 1152w, https:\/\/www.intellectualsovereignty.ch\/wp-content\/uploads\/2020\/07\/IMG_0689-1536x2048.jpeg 1536w, https:\/\/www.intellectualsovereignty.ch\/wp-content\/uploads\/2020\/07\/IMG_0689-1870x2493.jpeg 1870w, https:\/\/www.intellectualsovereignty.ch\/wp-content\/uploads\/2020\/07\/IMG_0689-400x533.jpeg 400w, https:\/\/www.intellectualsovereignty.ch\/wp-content\/uploads\/2020\/07\/IMG_0689-800x1067.jpeg 800w, https:\/\/www.intellectualsovereignty.ch\/wp-content\/uploads\/2020\/07\/IMG_0689-scaled.jpeg 1920w\" sizes=\"auto, (max-width: 768px) 100vw, 768px\" \/><\/figure><\/li><li class=\"blocks-gallery-item\"><figure><img loading=\"lazy\" decoding=\"async\" width=\"768\" height=\"1024\" data-attachment-id=\"789\" data-permalink=\"https:\/\/www.intellectualsovereignty.ch\/index.php\/2020\/07\/19\/hike-28-muelenen-pochtenfall-cholebaergli-muelenen\/img_0690\/\" data-orig-file=\"https:\/\/www.intellectualsovereignty.ch\/wp-content\/uploads\/2020\/07\/IMG_0690-scaled.jpeg\" data-orig-size=\"1920,2560\" data-comments-opened=\"0\" data-image-title=\"IMG_0690\" data-image-description=\"\" data-image-caption=\"\" data-large-file=\"https:\/\/www.intellectualsovereignty.ch\/wp-content\/uploads\/2020\/07\/IMG_0690-768x1024.jpeg\" src=\"https:\/\/www.intellectualsovereignty.ch\/wp-content\/uploads\/2020\/07\/IMG_0690-768x1024.jpeg\" alt=\"\" data-id=\"789\" data-full-url=\"https:\/\/www.intellectualsovereignty.ch\/wp-content\/uploads\/2020\/07\/IMG_0690-scaled.jpeg\" data-link=\"https:\/\/www.intellectualsovereignty.ch\/?attachment_id=789\" class=\"wp-image-789\" srcset=\"https:\/\/www.intellectualsovereignty.ch\/wp-content\/uploads\/2020\/07\/IMG_0690-768x1024.jpeg 768w, https:\/\/www.intellectualsovereignty.ch\/wp-content\/uploads\/2020\/07\/IMG_0690-225x300.jpeg 225w, https:\/\/www.intellectualsovereignty.ch\/wp-content\/uploads\/2020\/07\/IMG_0690-1152x1536.jpeg 1152w, https:\/\/www.intellectualsovereignty.ch\/wp-content\/uploads\/2020\/07\/IMG_0690-1536x2048.jpeg 1536w, https:\/\/www.intellectualsovereignty.ch\/wp-content\/uploads\/2020\/07\/IMG_0690-1870x2493.jpeg 1870w, https:\/\/www.intellectualsovereignty.ch\/wp-content\/uploads\/2020\/07\/IMG_0690-400x533.jpeg 400w, https:\/\/www.intellectualsovereignty.ch\/wp-content\/uploads\/2020\/07\/IMG_0690-800x1067.jpeg 800w, https:\/\/www.intellectualsovereignty.ch\/wp-content\/uploads\/2020\/07\/IMG_0690-scaled.jpeg 1920w\" sizes=\"auto, (max-width: 768px) 100vw, 768px\" \/><\/figure><\/li><li class=\"blocks-gallery-item\"><figure><img loading=\"lazy\" decoding=\"async\" width=\"768\" height=\"1024\" data-attachment-id=\"790\" data-permalink=\"https:\/\/www.intellectualsovereignty.ch\/index.php\/2020\/07\/19\/hike-28-muelenen-pochtenfall-cholebaergli-muelenen\/img_0691\/\" data-orig-file=\"https:\/\/www.intellectualsovereignty.ch\/wp-content\/uploads\/2020\/07\/IMG_0691-scaled.jpeg\" data-orig-size=\"1920,2560\" data-comments-opened=\"0\" data-image-title=\"IMG_0691\" data-image-description=\"\" data-image-caption=\"\" data-large-file=\"https:\/\/www.intellectualsovereignty.ch\/wp-content\/uploads\/2020\/07\/IMG_0691-768x1024.jpeg\" src=\"https:\/\/www.intellectualsovereignty.ch\/wp-content\/uploads\/2020\/07\/IMG_0691-768x1024.jpeg\" alt=\"\" data-id=\"790\" data-full-url=\"https:\/\/www.intellectualsovereignty.ch\/wp-content\/uploads\/2020\/07\/IMG_0691-scaled.jpeg\" data-link=\"https:\/\/www.intellectualsovereignty.ch\/?attachment_id=790\" class=\"wp-image-790\" srcset=\"https:\/\/www.intellectualsovereignty.ch\/wp-content\/uploads\/2020\/07\/IMG_0691-768x1024.jpeg 768w, https:\/\/www.intellectualsovereignty.ch\/wp-content\/uploads\/2020\/07\/IMG_0691-225x300.jpeg 225w, https:\/\/www.intellectualsovereignty.ch\/wp-content\/uploads\/2020\/07\/IMG_0691-1152x1536.jpeg 1152w, https:\/\/www.intellectualsovereignty.ch\/wp-content\/uploads\/2020\/07\/IMG_0691-1536x2048.jpeg 1536w, https:\/\/www.intellectualsovereignty.ch\/wp-content\/uploads\/2020\/07\/IMG_0691-1870x2493.jpeg 1870w, https:\/\/www.intellectualsovereignty.ch\/wp-content\/uploads\/2020\/07\/IMG_0691-400x533.jpeg 400w, https:\/\/www.intellectualsovereignty.ch\/wp-content\/uploads\/2020\/07\/IMG_0691-800x1067.jpeg 800w, https:\/\/www.intellectualsovereignty.ch\/wp-content\/uploads\/2020\/07\/IMG_0691-scaled.jpeg 1920w\" sizes=\"auto, (max-width: 768px) 100vw, 768px\" \/><\/figure><\/li><li class=\"blocks-gallery-item\"><figure><img loading=\"lazy\" decoding=\"async\" width=\"1024\" height=\"768\" data-attachment-id=\"791\" data-permalink=\"https:\/\/www.intellectualsovereignty.ch\/index.php\/2020\/07\/19\/hike-28-muelenen-pochtenfall-cholebaergli-muelenen\/img_0693\/\" data-orig-file=\"https:\/\/www.intellectualsovereignty.ch\/wp-content\/uploads\/2020\/07\/IMG_0693-scaled.jpeg\" data-orig-size=\"2560,1920\" data-comments-opened=\"0\" data-image-title=\"IMG_0693\" data-image-description=\"\" data-image-caption=\"\" data-large-file=\"https:\/\/www.intellectualsovereignty.ch\/wp-content\/uploads\/2020\/07\/IMG_0693-1024x768.jpeg\" src=\"https:\/\/www.intellectualsovereignty.ch\/wp-content\/uploads\/2020\/07\/IMG_0693-1024x768.jpeg\" alt=\"\" data-id=\"791\" data-full-url=\"https:\/\/www.intellectualsovereignty.ch\/wp-content\/uploads\/2020\/07\/IMG_0693-scaled.jpeg\" data-link=\"https:\/\/www.intellectualsovereignty.ch\/?attachment_id=791\" class=\"wp-image-791\" srcset=\"https:\/\/www.intellectualsovereignty.ch\/wp-content\/uploads\/2020\/07\/IMG_0693-1024x768.jpeg 1024w, https:\/\/www.intellectualsovereignty.ch\/wp-content\/uploads\/2020\/07\/IMG_0693-300x225.jpeg 300w, https:\/\/www.intellectualsovereignty.ch\/wp-content\/uploads\/2020\/07\/IMG_0693-768x576.jpeg 768w, https:\/\/www.intellectualsovereignty.ch\/wp-content\/uploads\/2020\/07\/IMG_0693-1536x1152.jpeg 1536w, https:\/\/www.intellectualsovereignty.ch\/wp-content\/uploads\/2020\/07\/IMG_0693-2048x1536.jpeg 2048w, https:\/\/www.intellectualsovereignty.ch\/wp-content\/uploads\/2020\/07\/IMG_0693-1870x1403.jpeg 1870w, https:\/\/www.intellectualsovereignty.ch\/wp-content\/uploads\/2020\/07\/IMG_0693-400x300.jpeg 400w, https:\/\/www.intellectualsovereignty.ch\/wp-content\/uploads\/2020\/07\/IMG_0693-800x600.jpeg 800w\" sizes=\"auto, (max-width: 1024px) 100vw, 1024px\" \/><\/figure><\/li><li class=\"blocks-gallery-item\"><figure><img loading=\"lazy\" decoding=\"async\" width=\"768\" height=\"1024\" data-attachment-id=\"792\" data-permalink=\"https:\/\/www.intellectualsovereignty.ch\/index.php\/2020\/07\/19\/hike-28-muelenen-pochtenfall-cholebaergli-muelenen\/img_0694\/\" data-orig-file=\"https:\/\/www.intellectualsovereignty.ch\/wp-content\/uploads\/2020\/07\/IMG_0694-scaled.jpeg\" data-orig-size=\"1920,2560\" data-comments-opened=\"0\" data-image-title=\"IMG_0694\" data-image-description=\"\" data-image-caption=\"\" data-large-file=\"https:\/\/www.intellectualsovereignty.ch\/wp-content\/uploads\/2020\/07\/IMG_0694-768x1024.jpeg\" src=\"https:\/\/www.intellectualsovereignty.ch\/wp-content\/uploads\/2020\/07\/IMG_0694-768x1024.jpeg\" alt=\"\" data-id=\"792\" data-full-url=\"https:\/\/www.intellectualsovereignty.ch\/wp-content\/uploads\/2020\/07\/IMG_0694-scaled.jpeg\" data-link=\"https:\/\/www.intellectualsovereignty.ch\/?attachment_id=792\" class=\"wp-image-792\" srcset=\"https:\/\/www.intellectualsovereignty.ch\/wp-content\/uploads\/2020\/07\/IMG_0694-768x1024.jpeg 768w, https:\/\/www.intellectualsovereignty.ch\/wp-content\/uploads\/2020\/07\/IMG_0694-225x300.jpeg 225w, https:\/\/www.intellectualsovereignty.ch\/wp-content\/uploads\/2020\/07\/IMG_0694-1152x1536.jpeg 1152w, https:\/\/www.intellectualsovereignty.ch\/wp-content\/uploads\/2020\/07\/IMG_0694-1536x2048.jpeg 1536w, https:\/\/www.intellectualsovereignty.ch\/wp-content\/uploads\/2020\/07\/IMG_0694-1870x2493.jpeg 1870w, https:\/\/www.intellectualsovereignty.ch\/wp-content\/uploads\/2020\/07\/IMG_0694-400x533.jpeg 400w, https:\/\/www.intellectualsovereignty.ch\/wp-content\/uploads\/2020\/07\/IMG_0694-800x1067.jpeg 800w, https:\/\/www.intellectualsovereignty.ch\/wp-content\/uploads\/2020\/07\/IMG_0694-scaled.jpeg 1920w\" sizes=\"auto, (max-width: 768px) 100vw, 768px\" \/><\/figure><\/li><li class=\"blocks-gallery-item\"><figure><img loading=\"lazy\" decoding=\"async\" width=\"1024\" height=\"768\" data-attachment-id=\"793\" data-permalink=\"https:\/\/www.intellectualsovereignty.ch\/index.php\/2020\/07\/19\/hike-28-muelenen-pochtenfall-cholebaergli-muelenen\/img_0695\/\" data-orig-file=\"https:\/\/www.intellectualsovereignty.ch\/wp-content\/uploads\/2020\/07\/IMG_0695-scaled.jpeg\" data-orig-size=\"2560,1920\" data-comments-opened=\"0\" data-image-title=\"IMG_0695\" data-image-description=\"\" data-image-caption=\"\" data-large-file=\"https:\/\/www.intellectualsovereignty.ch\/wp-content\/uploads\/2020\/07\/IMG_0695-1024x768.jpeg\" src=\"https:\/\/www.intellectualsovereignty.ch\/wp-content\/uploads\/2020\/07\/IMG_0695-1024x768.jpeg\" alt=\"\" data-id=\"793\" data-full-url=\"https:\/\/www.intellectualsovereignty.ch\/wp-content\/uploads\/2020\/07\/IMG_0695-scaled.jpeg\" data-link=\"https:\/\/www.intellectualsovereignty.ch\/?attachment_id=793\" class=\"wp-image-793\" srcset=\"https:\/\/www.intellectualsovereignty.ch\/wp-content\/uploads\/2020\/07\/IMG_0695-1024x768.jpeg 1024w, https:\/\/www.intellectualsovereignty.ch\/wp-content\/uploads\/2020\/07\/IMG_0695-300x225.jpeg 300w, https:\/\/www.intellectualsovereignty.ch\/wp-content\/uploads\/2020\/07\/IMG_0695-768x576.jpeg 768w, https:\/\/www.intellectualsovereignty.ch\/wp-content\/uploads\/2020\/07\/IMG_0695-1536x1152.jpeg 1536w, https:\/\/www.intellectualsovereignty.ch\/wp-content\/uploads\/2020\/07\/IMG_0695-2048x1536.jpeg 2048w, https:\/\/www.intellectualsovereignty.ch\/wp-content\/uploads\/2020\/07\/IMG_0695-1870x1403.jpeg 1870w, https:\/\/www.intellectualsovereignty.ch\/wp-content\/uploads\/2020\/07\/IMG_0695-400x300.jpeg 400w, https:\/\/www.intellectualsovereignty.ch\/wp-content\/uploads\/2020\/07\/IMG_0695-800x600.jpeg 800w\" sizes=\"auto, (max-width: 1024px) 100vw, 1024px\" \/><\/figure><\/li><li class=\"blocks-gallery-item\"><figure><img loading=\"lazy\" decoding=\"async\" width=\"768\" height=\"1024\" data-attachment-id=\"794\" data-permalink=\"https:\/\/www.intellectualsovereignty.ch\/index.php\/2020\/07\/19\/hike-28-muelenen-pochtenfall-cholebaergli-muelenen\/img_0696\/\" data-orig-file=\"https:\/\/www.intellectualsovereignty.ch\/wp-content\/uploads\/2020\/07\/IMG_0696-scaled.jpeg\" data-orig-size=\"1920,2560\" data-comments-opened=\"0\" data-image-title=\"IMG_0696\" data-image-description=\"\" data-image-caption=\"\" data-large-file=\"https:\/\/www.intellectualsovereignty.ch\/wp-content\/uploads\/2020\/07\/IMG_0696-768x1024.jpeg\" src=\"https:\/\/www.intellectualsovereignty.ch\/wp-content\/uploads\/2020\/07\/IMG_0696-768x1024.jpeg\" alt=\"\" data-id=\"794\" data-full-url=\"https:\/\/www.intellectualsovereignty.ch\/wp-content\/uploads\/2020\/07\/IMG_0696-scaled.jpeg\" data-link=\"https:\/\/www.intellectualsovereignty.ch\/?attachment_id=794\" class=\"wp-image-794\" srcset=\"https:\/\/www.intellectualsovereignty.ch\/wp-content\/uploads\/2020\/07\/IMG_0696-768x1024.jpeg 768w, https:\/\/www.intellectualsovereignty.ch\/wp-content\/uploads\/2020\/07\/IMG_0696-225x300.jpeg 225w, https:\/\/www.intellectualsovereignty.ch\/wp-content\/uploads\/2020\/07\/IMG_0696-1152x1536.jpeg 1152w, https:\/\/www.intellectualsovereignty.ch\/wp-content\/uploads\/2020\/07\/IMG_0696-1536x2048.jpeg 1536w, https:\/\/www.intellectualsovereignty.ch\/wp-content\/uploads\/2020\/07\/IMG_0696-1870x2493.jpeg 1870w, https:\/\/www.intellectualsovereignty.ch\/wp-content\/uploads\/2020\/07\/IMG_0696-400x533.jpeg 400w, https:\/\/www.intellectualsovereignty.ch\/wp-content\/uploads\/2020\/07\/IMG_0696-800x1067.jpeg 800w, https:\/\/www.intellectualsovereignty.ch\/wp-content\/uploads\/2020\/07\/IMG_0696-scaled.jpeg 1920w\" sizes=\"auto, (max-width: 768px) 100vw, 768px\" \/><\/figure><\/li><li class=\"blocks-gallery-item\"><figure><img loading=\"lazy\" decoding=\"async\" width=\"768\" height=\"1024\" data-attachment-id=\"795\" data-permalink=\"https:\/\/www.intellectualsovereignty.ch\/index.php\/2020\/07\/19\/hike-28-muelenen-pochtenfall-cholebaergli-muelenen\/img_0697\/\" data-orig-file=\"https:\/\/www.intellectualsovereignty.ch\/wp-content\/uploads\/2020\/07\/IMG_0697-scaled.jpeg\" data-orig-size=\"1920,2560\" data-comments-opened=\"0\" data-image-title=\"IMG_0697\" data-image-description=\"\" data-image-caption=\"\" data-large-file=\"https:\/\/www.intellectualsovereignty.ch\/wp-content\/uploads\/2020\/07\/IMG_0697-768x1024.jpeg\" src=\"https:\/\/www.intellectualsovereignty.ch\/wp-content\/uploads\/2020\/07\/IMG_0697-768x1024.jpeg\" alt=\"\" data-id=\"795\" data-full-url=\"https:\/\/www.intellectualsovereignty.ch\/wp-content\/uploads\/2020\/07\/IMG_0697-scaled.jpeg\" data-link=\"https:\/\/www.intellectualsovereignty.ch\/?attachment_id=795\" class=\"wp-image-795\" srcset=\"https:\/\/www.intellectualsovereignty.ch\/wp-content\/uploads\/2020\/07\/IMG_0697-768x1024.jpeg 768w, https:\/\/www.intellectualsovereignty.ch\/wp-content\/uploads\/2020\/07\/IMG_0697-225x300.jpeg 225w, https:\/\/www.intellectualsovereignty.ch\/wp-content\/uploads\/2020\/07\/IMG_0697-1152x1536.jpeg 1152w, https:\/\/www.intellectualsovereignty.ch\/wp-content\/uploads\/2020\/07\/IMG_0697-1536x2048.jpeg 1536w, https:\/\/www.intellectualsovereignty.ch\/wp-content\/uploads\/2020\/07\/IMG_0697-1870x2493.jpeg 1870w, https:\/\/www.intellectualsovereignty.ch\/wp-content\/uploads\/2020\/07\/IMG_0697-400x533.jpeg 400w, https:\/\/www.intellectualsovereignty.ch\/wp-content\/uploads\/2020\/07\/IMG_0697-800x1067.jpeg 800w, https:\/\/www.intellectualsovereignty.ch\/wp-content\/uploads\/2020\/07\/IMG_0697-scaled.jpeg 1920w\" sizes=\"auto, (max-width: 768px) 100vw, 768px\" \/><\/figure><\/li><li class=\"blocks-gallery-item\"><figure><img loading=\"lazy\" decoding=\"async\" width=\"768\" height=\"1024\" data-attachment-id=\"796\" data-permalink=\"https:\/\/www.intellectualsovereignty.ch\/index.php\/2020\/07\/19\/hike-28-muelenen-pochtenfall-cholebaergli-muelenen\/img_0699\/\" data-orig-file=\"https:\/\/www.intellectualsovereignty.ch\/wp-content\/uploads\/2020\/07\/IMG_0699-scaled.jpeg\" data-orig-size=\"1920,2560\" data-comments-opened=\"0\" data-image-title=\"IMG_0699\" data-image-description=\"\" data-image-caption=\"\" data-large-file=\"https:\/\/www.intellectualsovereignty.ch\/wp-content\/uploads\/2020\/07\/IMG_0699-768x1024.jpeg\" src=\"https:\/\/www.intellectualsovereignty.ch\/wp-content\/uploads\/2020\/07\/IMG_0699-768x1024.jpeg\" alt=\"\" data-id=\"796\" data-full-url=\"https:\/\/www.intellectualsovereignty.ch\/wp-content\/uploads\/2020\/07\/IMG_0699-scaled.jpeg\" data-link=\"https:\/\/www.intellectualsovereignty.ch\/?attachment_id=796\" class=\"wp-image-796\" srcset=\"https:\/\/www.intellectualsovereignty.ch\/wp-content\/uploads\/2020\/07\/IMG_0699-768x1024.jpeg 768w, https:\/\/www.intellectualsovereignty.ch\/wp-content\/uploads\/2020\/07\/IMG_0699-225x300.jpeg 225w, https:\/\/www.intellectualsovereignty.ch\/wp-content\/uploads\/2020\/07\/IMG_0699-1152x1536.jpeg 1152w, https:\/\/www.intellectualsovereignty.ch\/wp-content\/uploads\/2020\/07\/IMG_0699-1536x2048.jpeg 1536w, https:\/\/www.intellectualsovereignty.ch\/wp-content\/uploads\/2020\/07\/IMG_0699-1870x2493.jpeg 1870w, https:\/\/www.intellectualsovereignty.ch\/wp-content\/uploads\/2020\/07\/IMG_0699-400x533.jpeg 400w, https:\/\/www.intellectualsovereignty.ch\/wp-content\/uploads\/2020\/07\/IMG_0699-800x1067.jpeg 800w, https:\/\/www.intellectualsovereignty.ch\/wp-content\/uploads\/2020\/07\/IMG_0699-scaled.jpeg 1920w\" sizes=\"auto, (max-width: 768px) 100vw, 768px\" \/><\/figure><\/li><li class=\"blocks-gallery-item\"><figure><img loading=\"lazy\" decoding=\"async\" width=\"768\" height=\"1024\" data-attachment-id=\"797\" data-permalink=\"https:\/\/www.intellectualsovereignty.ch\/index.php\/2020\/07\/19\/hike-28-muelenen-pochtenfall-cholebaergli-muelenen\/img_0700\/\" data-orig-file=\"https:\/\/www.intellectualsovereignty.ch\/wp-content\/uploads\/2020\/07\/IMG_0700-scaled.jpeg\" data-orig-size=\"1920,2560\" data-comments-opened=\"0\" data-image-title=\"IMG_0700\" data-image-description=\"\" data-image-caption=\"\" data-large-file=\"https:\/\/www.intellectualsovereignty.ch\/wp-content\/uploads\/2020\/07\/IMG_0700-768x1024.jpeg\" src=\"https:\/\/www.intellectualsovereignty.ch\/wp-content\/uploads\/2020\/07\/IMG_0700-768x1024.jpeg\" alt=\"\" data-id=\"797\" data-full-url=\"https:\/\/www.intellectualsovereignty.ch\/wp-content\/uploads\/2020\/07\/IMG_0700-scaled.jpeg\" data-link=\"https:\/\/www.intellectualsovereignty.ch\/?attachment_id=797\" class=\"wp-image-797\" srcset=\"https:\/\/www.intellectualsovereignty.ch\/wp-content\/uploads\/2020\/07\/IMG_0700-768x1024.jpeg 768w, https:\/\/www.intellectualsovereignty.ch\/wp-content\/uploads\/2020\/07\/IMG_0700-225x300.jpeg 225w, https:\/\/www.intellectualsovereignty.ch\/wp-content\/uploads\/2020\/07\/IMG_0700-1152x1536.jpeg 1152w, https:\/\/www.intellectualsovereignty.ch\/wp-content\/uploads\/2020\/07\/IMG_0700-1536x2048.jpeg 1536w, https:\/\/www.intellectualsovereignty.ch\/wp-content\/uploads\/2020\/07\/IMG_0700-1870x2493.jpeg 1870w, https:\/\/www.intellectualsovereignty.ch\/wp-content\/uploads\/2020\/07\/IMG_0700-400x533.jpeg 400w, https:\/\/www.intellectualsovereignty.ch\/wp-content\/uploads\/2020\/07\/IMG_0700-800x1067.jpeg 800w, https:\/\/www.intellectualsovereignty.ch\/wp-content\/uploads\/2020\/07\/IMG_0700-scaled.jpeg 1920w\" sizes=\"auto, (max-width: 768px) 100vw, 768px\" \/><\/figure><\/li><\/ul><\/figure>\n\n\n\n<p class=\"wp-block-paragraph\">In Suld angekommen beerben wir die Feuerstelle einer netten Familie mit Kids und speisen gem\u00fctlich im Schatten der grossen B\u00e4ume, leicht oberhalb des Flusslaufs. Nach dem Essen steigen wir auf der rechten, steileren Seite das Tal hoch bis zum Pochtenfall. Auch wenn uns leichtsinnige Eltern mit ihren im Steilhang rumtollenden Kids bei uns f\u00fcr Kopfsch\u00fctteln sorgen, den sch\u00f6nen Ausblick auf den Pochtenfall und unsere gute Laune lassen wir uns nicht nehmen. Oben angekommen verbleiben wir kurz auf der die Schlucht querende Br\u00fccke und steigen dann auf der linken Seite wieder talw\u00e4rts. Beim Aussichtspunkt gesellt sich noch ein frecher Schmetterling zu unserer Runde&#8230; von da an sind wir nun zu viert!   <\/p>\n\n\n\n<figure class=\"wp-block-gallery columns-3 is-cropped wp-block-gallery-2 is-layout-flex wp-block-gallery-is-layout-flex\"><ul class=\"blocks-gallery-grid\"><li class=\"blocks-gallery-item\"><figure><img loading=\"lazy\" decoding=\"async\" width=\"768\" height=\"1024\" data-attachment-id=\"798\" data-permalink=\"https:\/\/www.intellectualsovereignty.ch\/index.php\/2020\/07\/19\/hike-28-muelenen-pochtenfall-cholebaergli-muelenen\/img_0702\/\" data-orig-file=\"https:\/\/www.intellectualsovereignty.ch\/wp-content\/uploads\/2020\/07\/IMG_0702-scaled.jpeg\" data-orig-size=\"1920,2560\" data-comments-opened=\"0\" data-image-title=\"IMG_0702\" data-image-description=\"\" data-image-caption=\"\" data-large-file=\"https:\/\/www.intellectualsovereignty.ch\/wp-content\/uploads\/2020\/07\/IMG_0702-768x1024.jpeg\" src=\"https:\/\/www.intellectualsovereignty.ch\/wp-content\/uploads\/2020\/07\/IMG_0702-768x1024.jpeg\" alt=\"\" data-id=\"798\" data-full-url=\"https:\/\/www.intellectualsovereignty.ch\/wp-content\/uploads\/2020\/07\/IMG_0702-scaled.jpeg\" data-link=\"https:\/\/www.intellectualsovereignty.ch\/?attachment_id=798\" class=\"wp-image-798\" srcset=\"https:\/\/www.intellectualsovereignty.ch\/wp-content\/uploads\/2020\/07\/IMG_0702-768x1024.jpeg 768w, https:\/\/www.intellectualsovereignty.ch\/wp-content\/uploads\/2020\/07\/IMG_0702-225x300.jpeg 225w, https:\/\/www.intellectualsovereignty.ch\/wp-content\/uploads\/2020\/07\/IMG_0702-1152x1536.jpeg 1152w, https:\/\/www.intellectualsovereignty.ch\/wp-content\/uploads\/2020\/07\/IMG_0702-1536x2048.jpeg 1536w, https:\/\/www.intellectualsovereignty.ch\/wp-content\/uploads\/2020\/07\/IMG_0702-1870x2493.jpeg 1870w, https:\/\/www.intellectualsovereignty.ch\/wp-content\/uploads\/2020\/07\/IMG_0702-400x533.jpeg 400w, https:\/\/www.intellectualsovereignty.ch\/wp-content\/uploads\/2020\/07\/IMG_0702-800x1067.jpeg 800w, https:\/\/www.intellectualsovereignty.ch\/wp-content\/uploads\/2020\/07\/IMG_0702-scaled.jpeg 1920w\" sizes=\"auto, (max-width: 768px) 100vw, 768px\" \/><\/figure><\/li><li class=\"blocks-gallery-item\"><figure><img loading=\"lazy\" decoding=\"async\" width=\"1024\" height=\"768\" data-attachment-id=\"799\" data-permalink=\"https:\/\/www.intellectualsovereignty.ch\/index.php\/2020\/07\/19\/hike-28-muelenen-pochtenfall-cholebaergli-muelenen\/img_0704\/\" data-orig-file=\"https:\/\/www.intellectualsovereignty.ch\/wp-content\/uploads\/2020\/07\/IMG_0704-scaled.jpeg\" data-orig-size=\"2560,1920\" data-comments-opened=\"0\" data-image-title=\"IMG_0704\" data-image-description=\"\" data-image-caption=\"\" data-large-file=\"https:\/\/www.intellectualsovereignty.ch\/wp-content\/uploads\/2020\/07\/IMG_0704-1024x768.jpeg\" src=\"https:\/\/www.intellectualsovereignty.ch\/wp-content\/uploads\/2020\/07\/IMG_0704-1024x768.jpeg\" alt=\"\" data-id=\"799\" data-full-url=\"https:\/\/www.intellectualsovereignty.ch\/wp-content\/uploads\/2020\/07\/IMG_0704-scaled.jpeg\" data-link=\"https:\/\/www.intellectualsovereignty.ch\/?attachment_id=799\" class=\"wp-image-799\" srcset=\"https:\/\/www.intellectualsovereignty.ch\/wp-content\/uploads\/2020\/07\/IMG_0704-1024x768.jpeg 1024w, https:\/\/www.intellectualsovereignty.ch\/wp-content\/uploads\/2020\/07\/IMG_0704-300x225.jpeg 300w, https:\/\/www.intellectualsovereignty.ch\/wp-content\/uploads\/2020\/07\/IMG_0704-768x576.jpeg 768w, https:\/\/www.intellectualsovereignty.ch\/wp-content\/uploads\/2020\/07\/IMG_0704-1536x1152.jpeg 1536w, https:\/\/www.intellectualsovereignty.ch\/wp-content\/uploads\/2020\/07\/IMG_0704-2048x1536.jpeg 2048w, https:\/\/www.intellectualsovereignty.ch\/wp-content\/uploads\/2020\/07\/IMG_0704-1870x1403.jpeg 1870w, https:\/\/www.intellectualsovereignty.ch\/wp-content\/uploads\/2020\/07\/IMG_0704-400x300.jpeg 400w, https:\/\/www.intellectualsovereignty.ch\/wp-content\/uploads\/2020\/07\/IMG_0704-800x600.jpeg 800w\" sizes=\"auto, (max-width: 1024px) 100vw, 1024px\" \/><\/figure><\/li><li class=\"blocks-gallery-item\"><figure><img loading=\"lazy\" decoding=\"async\" width=\"768\" height=\"1024\" data-attachment-id=\"800\" data-permalink=\"https:\/\/www.intellectualsovereignty.ch\/index.php\/2020\/07\/19\/hike-28-muelenen-pochtenfall-cholebaergli-muelenen\/img_0705\/\" data-orig-file=\"https:\/\/www.intellectualsovereignty.ch\/wp-content\/uploads\/2020\/07\/IMG_0705-scaled.jpeg\" data-orig-size=\"1920,2560\" data-comments-opened=\"0\" data-image-title=\"IMG_0705\" data-image-description=\"\" data-image-caption=\"\" data-large-file=\"https:\/\/www.intellectualsovereignty.ch\/wp-content\/uploads\/2020\/07\/IMG_0705-768x1024.jpeg\" src=\"https:\/\/www.intellectualsovereignty.ch\/wp-content\/uploads\/2020\/07\/IMG_0705-768x1024.jpeg\" alt=\"\" data-id=\"800\" data-full-url=\"https:\/\/www.intellectualsovereignty.ch\/wp-content\/uploads\/2020\/07\/IMG_0705-scaled.jpeg\" data-link=\"https:\/\/www.intellectualsovereignty.ch\/?attachment_id=800\" class=\"wp-image-800\" srcset=\"https:\/\/www.intellectualsovereignty.ch\/wp-content\/uploads\/2020\/07\/IMG_0705-768x1024.jpeg 768w, https:\/\/www.intellectualsovereignty.ch\/wp-content\/uploads\/2020\/07\/IMG_0705-225x300.jpeg 225w, https:\/\/www.intellectualsovereignty.ch\/wp-content\/uploads\/2020\/07\/IMG_0705-1152x1536.jpeg 1152w, https:\/\/www.intellectualsovereignty.ch\/wp-content\/uploads\/2020\/07\/IMG_0705-1536x2048.jpeg 1536w, https:\/\/www.intellectualsovereignty.ch\/wp-content\/uploads\/2020\/07\/IMG_0705-1870x2493.jpeg 1870w, https:\/\/www.intellectualsovereignty.ch\/wp-content\/uploads\/2020\/07\/IMG_0705-400x533.jpeg 400w, https:\/\/www.intellectualsovereignty.ch\/wp-content\/uploads\/2020\/07\/IMG_0705-800x1067.jpeg 800w, https:\/\/www.intellectualsovereignty.ch\/wp-content\/uploads\/2020\/07\/IMG_0705-scaled.jpeg 1920w\" sizes=\"auto, (max-width: 768px) 100vw, 768px\" \/><\/figure><\/li><li class=\"blocks-gallery-item\"><figure><img loading=\"lazy\" decoding=\"async\" width=\"768\" height=\"1024\" data-attachment-id=\"801\" data-permalink=\"https:\/\/www.intellectualsovereignty.ch\/index.php\/2020\/07\/19\/hike-28-muelenen-pochtenfall-cholebaergli-muelenen\/img_0706\/\" data-orig-file=\"https:\/\/www.intellectualsovereignty.ch\/wp-content\/uploads\/2020\/07\/IMG_0706-scaled.jpeg\" data-orig-size=\"1920,2560\" data-comments-opened=\"0\" data-image-title=\"IMG_0706\" data-image-description=\"\" data-image-caption=\"\" data-large-file=\"https:\/\/www.intellectualsovereignty.ch\/wp-content\/uploads\/2020\/07\/IMG_0706-768x1024.jpeg\" src=\"https:\/\/www.intellectualsovereignty.ch\/wp-content\/uploads\/2020\/07\/IMG_0706-768x1024.jpeg\" alt=\"\" data-id=\"801\" data-full-url=\"https:\/\/www.intellectualsovereignty.ch\/wp-content\/uploads\/2020\/07\/IMG_0706-scaled.jpeg\" data-link=\"https:\/\/www.intellectualsovereignty.ch\/?attachment_id=801\" class=\"wp-image-801\" srcset=\"https:\/\/www.intellectualsovereignty.ch\/wp-content\/uploads\/2020\/07\/IMG_0706-768x1024.jpeg 768w, https:\/\/www.intellectualsovereignty.ch\/wp-content\/uploads\/2020\/07\/IMG_0706-225x300.jpeg 225w, https:\/\/www.intellectualsovereignty.ch\/wp-content\/uploads\/2020\/07\/IMG_0706-1152x1536.jpeg 1152w, https:\/\/www.intellectualsovereignty.ch\/wp-content\/uploads\/2020\/07\/IMG_0706-1536x2048.jpeg 1536w, https:\/\/www.intellectualsovereignty.ch\/wp-content\/uploads\/2020\/07\/IMG_0706-1870x2493.jpeg 1870w, https:\/\/www.intellectualsovereignty.ch\/wp-content\/uploads\/2020\/07\/IMG_0706-400x533.jpeg 400w, https:\/\/www.intellectualsovereignty.ch\/wp-content\/uploads\/2020\/07\/IMG_0706-800x1067.jpeg 800w, https:\/\/www.intellectualsovereignty.ch\/wp-content\/uploads\/2020\/07\/IMG_0706-scaled.jpeg 1920w\" sizes=\"auto, (max-width: 768px) 100vw, 768px\" \/><\/figure><\/li><li class=\"blocks-gallery-item\"><figure><img loading=\"lazy\" decoding=\"async\" width=\"768\" height=\"1024\" data-attachment-id=\"802\" data-permalink=\"https:\/\/www.intellectualsovereignty.ch\/index.php\/2020\/07\/19\/hike-28-muelenen-pochtenfall-cholebaergli-muelenen\/img_0707\/\" data-orig-file=\"https:\/\/www.intellectualsovereignty.ch\/wp-content\/uploads\/2020\/07\/IMG_0707-scaled.jpeg\" data-orig-size=\"1920,2560\" data-comments-opened=\"0\" data-image-title=\"IMG_0707\" data-image-description=\"\" data-image-caption=\"\" data-large-file=\"https:\/\/www.intellectualsovereignty.ch\/wp-content\/uploads\/2020\/07\/IMG_0707-768x1024.jpeg\" src=\"https:\/\/www.intellectualsovereignty.ch\/wp-content\/uploads\/2020\/07\/IMG_0707-768x1024.jpeg\" alt=\"\" data-id=\"802\" data-full-url=\"https:\/\/www.intellectualsovereignty.ch\/wp-content\/uploads\/2020\/07\/IMG_0707-scaled.jpeg\" data-link=\"https:\/\/www.intellectualsovereignty.ch\/?attachment_id=802\" class=\"wp-image-802\" srcset=\"https:\/\/www.intellectualsovereignty.ch\/wp-content\/uploads\/2020\/07\/IMG_0707-768x1024.jpeg 768w, https:\/\/www.intellectualsovereignty.ch\/wp-content\/uploads\/2020\/07\/IMG_0707-225x300.jpeg 225w, https:\/\/www.intellectualsovereignty.ch\/wp-content\/uploads\/2020\/07\/IMG_0707-1152x1536.jpeg 1152w, https:\/\/www.intellectualsovereignty.ch\/wp-content\/uploads\/2020\/07\/IMG_0707-1536x2048.jpeg 1536w, https:\/\/www.intellectualsovereignty.ch\/wp-content\/uploads\/2020\/07\/IMG_0707-1870x2493.jpeg 1870w, https:\/\/www.intellectualsovereignty.ch\/wp-content\/uploads\/2020\/07\/IMG_0707-400x533.jpeg 400w, https:\/\/www.intellectualsovereignty.ch\/wp-content\/uploads\/2020\/07\/IMG_0707-800x1067.jpeg 800w, https:\/\/www.intellectualsovereignty.ch\/wp-content\/uploads\/2020\/07\/IMG_0707-scaled.jpeg 1920w\" sizes=\"auto, (max-width: 768px) 100vw, 768px\" \/><\/figure><\/li><li class=\"blocks-gallery-item\"><figure><img loading=\"lazy\" decoding=\"async\" width=\"1024\" height=\"768\" data-attachment-id=\"803\" data-permalink=\"https:\/\/www.intellectualsovereignty.ch\/index.php\/2020\/07\/19\/hike-28-muelenen-pochtenfall-cholebaergli-muelenen\/img_0701\/\" data-orig-file=\"https:\/\/www.intellectualsovereignty.ch\/wp-content\/uploads\/2020\/07\/IMG_0701-scaled.jpeg\" data-orig-size=\"2560,1920\" data-comments-opened=\"0\" data-image-title=\"IMG_0701\" data-image-description=\"\" data-image-caption=\"\" data-large-file=\"https:\/\/www.intellectualsovereignty.ch\/wp-content\/uploads\/2020\/07\/IMG_0701-1024x768.jpeg\" src=\"https:\/\/www.intellectualsovereignty.ch\/wp-content\/uploads\/2020\/07\/IMG_0701-1024x768.jpeg\" alt=\"\" data-id=\"803\" data-full-url=\"https:\/\/www.intellectualsovereignty.ch\/wp-content\/uploads\/2020\/07\/IMG_0701-scaled.jpeg\" data-link=\"https:\/\/www.intellectualsovereignty.ch\/?attachment_id=803\" class=\"wp-image-803\" srcset=\"https:\/\/www.intellectualsovereignty.ch\/wp-content\/uploads\/2020\/07\/IMG_0701-1024x768.jpeg 1024w, https:\/\/www.intellectualsovereignty.ch\/wp-content\/uploads\/2020\/07\/IMG_0701-300x225.jpeg 300w, https:\/\/www.intellectualsovereignty.ch\/wp-content\/uploads\/2020\/07\/IMG_0701-768x576.jpeg 768w, https:\/\/www.intellectualsovereignty.ch\/wp-content\/uploads\/2020\/07\/IMG_0701-1536x1152.jpeg 1536w, https:\/\/www.intellectualsovereignty.ch\/wp-content\/uploads\/2020\/07\/IMG_0701-2048x1536.jpeg 2048w, https:\/\/www.intellectualsovereignty.ch\/wp-content\/uploads\/2020\/07\/IMG_0701-1870x1403.jpeg 1870w, https:\/\/www.intellectualsovereignty.ch\/wp-content\/uploads\/2020\/07\/IMG_0701-400x300.jpeg 400w, https:\/\/www.intellectualsovereignty.ch\/wp-content\/uploads\/2020\/07\/IMG_0701-800x600.jpeg 800w\" sizes=\"auto, (max-width: 1024px) 100vw, 1024px\" \/><\/figure><\/li><li class=\"blocks-gallery-item\"><figure><img loading=\"lazy\" decoding=\"async\" width=\"472\" height=\"1024\" data-attachment-id=\"804\" data-permalink=\"https:\/\/www.intellectualsovereignty.ch\/index.php\/2020\/07\/19\/hike-28-muelenen-pochtenfall-cholebaergli-muelenen\/img_0703\/\" data-orig-file=\"https:\/\/www.intellectualsovereignty.ch\/wp-content\/uploads\/2020\/07\/IMG_0703-scaled.jpeg\" data-orig-size=\"1180,2560\" data-comments-opened=\"0\" data-image-title=\"IMG_0703\" data-image-description=\"\" data-image-caption=\"\" data-large-file=\"https:\/\/www.intellectualsovereignty.ch\/wp-content\/uploads\/2020\/07\/IMG_0703-472x1024.jpeg\" src=\"https:\/\/www.intellectualsovereignty.ch\/wp-content\/uploads\/2020\/07\/IMG_0703-472x1024.jpeg\" alt=\"\" data-id=\"804\" data-full-url=\"https:\/\/www.intellectualsovereignty.ch\/wp-content\/uploads\/2020\/07\/IMG_0703-scaled.jpeg\" data-link=\"https:\/\/www.intellectualsovereignty.ch\/?attachment_id=804\" class=\"wp-image-804\" srcset=\"https:\/\/www.intellectualsovereignty.ch\/wp-content\/uploads\/2020\/07\/IMG_0703-472x1024.jpeg 472w, https:\/\/www.intellectualsovereignty.ch\/wp-content\/uploads\/2020\/07\/IMG_0703-138x300.jpeg 138w, https:\/\/www.intellectualsovereignty.ch\/wp-content\/uploads\/2020\/07\/IMG_0703-768x1666.jpeg 768w, https:\/\/www.intellectualsovereignty.ch\/wp-content\/uploads\/2020\/07\/IMG_0703-708x1536.jpeg 708w, https:\/\/www.intellectualsovereignty.ch\/wp-content\/uploads\/2020\/07\/IMG_0703-944x2048.jpeg 944w, https:\/\/www.intellectualsovereignty.ch\/wp-content\/uploads\/2020\/07\/IMG_0703-1870x4058.jpeg 1870w, https:\/\/www.intellectualsovereignty.ch\/wp-content\/uploads\/2020\/07\/IMG_0703-400x868.jpeg 400w, https:\/\/www.intellectualsovereignty.ch\/wp-content\/uploads\/2020\/07\/IMG_0703-800x1736.jpeg 800w, https:\/\/www.intellectualsovereignty.ch\/wp-content\/uploads\/2020\/07\/IMG_0703-scaled.jpeg 1180w\" sizes=\"auto, (max-width: 472px) 100vw, 472px\" \/><\/figure><\/li><\/ul><\/figure>\n\n\n\n<p class=\"wp-block-paragraph\">Anstatt den selben Weg zur\u00fcck nach M\u00fclenen zu nehmen, oder aber in das \u00fcberf\u00fcllte und stickige Postauto nach Aeschiried und Spiez zu steigen, beschliessen wir kurzum den H\u00f6henweg \u00fcber das Choleb\u00e4rgli nach Reichenbach zu begehen. Der Aufstieg ist steil, wir werden jedoch rasch mit fantastischem Ausblick aufs Morgenberghorn und die Schwalmere, den Thunersee mit Sigriswiler Rothorn sowie Niederhorn als auch sp\u00e4ter auf die Niesenkette bis nach Frutigen und dar\u00fcber hinaus belohnt. Gem\u00fctlich geht es schliesslich durch gem\u00e4hte Wiesen und frisch pr\u00e4parierte Wiesenwege hinunter ins Tal. Danke Bea und Sibe f\u00fcr den unterhaltsamen Hike! <\/p>\n\n\n\n<figure class=\"wp-block-gallery columns-3 is-cropped wp-block-gallery-3 is-layout-flex wp-block-gallery-is-layout-flex\"><ul class=\"blocks-gallery-grid\"><li class=\"blocks-gallery-item\"><figure><img loading=\"lazy\" decoding=\"async\" width=\"2560\" height=\"677\" data-attachment-id=\"805\" data-permalink=\"https:\/\/www.intellectualsovereignty.ch\/index.php\/2020\/07\/19\/hike-28-muelenen-pochtenfall-cholebaergli-muelenen\/img_0712\/\" data-orig-file=\"https:\/\/www.intellectualsovereignty.ch\/wp-content\/uploads\/2020\/07\/IMG_0712-scaled.jpeg\" data-orig-size=\"2560,677\" data-comments-opened=\"0\" data-image-title=\"IMG_0712\" data-image-description=\"\" data-image-caption=\"\" data-large-file=\"https:\/\/www.intellectualsovereignty.ch\/wp-content\/uploads\/2020\/07\/IMG_0712-1024x271.jpeg\" src=\"https:\/\/i1.wp.com\/www.intellectualsovereignty.ch\/wp-content\/uploads\/2020\/07\/IMG_0712-scaled.jpeg?fit=520%2C138&amp;ssl=1\" alt=\"\" data-id=\"805\" data-full-url=\"https:\/\/i1.wp.com\/www.intellectualsovereignty.ch\/wp-content\/uploads\/2020\/07\/IMG_0712-scaled.jpeg?fit=2560%2C677&amp;ssl=1\" data-link=\"https:\/\/www.intellectualsovereignty.ch\/?attachment_id=805\" class=\"wp-image-805\" srcset=\"https:\/\/www.intellectualsovereignty.ch\/wp-content\/uploads\/2020\/07\/IMG_0712-scaled.jpeg 2560w, https:\/\/www.intellectualsovereignty.ch\/wp-content\/uploads\/2020\/07\/IMG_0712-300x79.jpeg 300w, https:\/\/www.intellectualsovereignty.ch\/wp-content\/uploads\/2020\/07\/IMG_0712-1024x271.jpeg 1024w, https:\/\/www.intellectualsovereignty.ch\/wp-content\/uploads\/2020\/07\/IMG_0712-768x203.jpeg 768w, https:\/\/www.intellectualsovereignty.ch\/wp-content\/uploads\/2020\/07\/IMG_0712-1536x406.jpeg 1536w, https:\/\/www.intellectualsovereignty.ch\/wp-content\/uploads\/2020\/07\/IMG_0712-2048x541.jpeg 2048w, https:\/\/www.intellectualsovereignty.ch\/wp-content\/uploads\/2020\/07\/IMG_0712-1870x494.jpeg 1870w, https:\/\/www.intellectualsovereignty.ch\/wp-content\/uploads\/2020\/07\/IMG_0712-400x106.jpeg 400w, https:\/\/www.intellectualsovereignty.ch\/wp-content\/uploads\/2020\/07\/IMG_0712-800x212.jpeg 800w\" sizes=\"auto, (max-width: 2560px) 100vw, 2560px\" \/><\/figure><\/li><li class=\"blocks-gallery-item\"><figure><img loading=\"lazy\" decoding=\"async\" width=\"1024\" height=\"768\" data-attachment-id=\"806\" data-permalink=\"https:\/\/www.intellectualsovereignty.ch\/index.php\/2020\/07\/19\/hike-28-muelenen-pochtenfall-cholebaergli-muelenen\/img_0713\/\" data-orig-file=\"https:\/\/www.intellectualsovereignty.ch\/wp-content\/uploads\/2020\/07\/IMG_0713-scaled.jpeg\" data-orig-size=\"2560,1920\" data-comments-opened=\"0\" data-image-title=\"IMG_0713\" data-image-description=\"\" data-image-caption=\"\" data-large-file=\"https:\/\/www.intellectualsovereignty.ch\/wp-content\/uploads\/2020\/07\/IMG_0713-1024x768.jpeg\" src=\"https:\/\/www.intellectualsovereignty.ch\/wp-content\/uploads\/2020\/07\/IMG_0713-1024x768.jpeg\" alt=\"\" data-id=\"806\" data-full-url=\"https:\/\/www.intellectualsovereignty.ch\/wp-content\/uploads\/2020\/07\/IMG_0713-scaled.jpeg\" data-link=\"https:\/\/www.intellectualsovereignty.ch\/?attachment_id=806\" class=\"wp-image-806\" srcset=\"https:\/\/www.intellectualsovereignty.ch\/wp-content\/uploads\/2020\/07\/IMG_0713-1024x768.jpeg 1024w, https:\/\/www.intellectualsovereignty.ch\/wp-content\/uploads\/2020\/07\/IMG_0713-300x225.jpeg 300w, https:\/\/www.intellectualsovereignty.ch\/wp-content\/uploads\/2020\/07\/IMG_0713-768x576.jpeg 768w, https:\/\/www.intellectualsovereignty.ch\/wp-content\/uploads\/2020\/07\/IMG_0713-1536x1152.jpeg 1536w, https:\/\/www.intellectualsovereignty.ch\/wp-content\/uploads\/2020\/07\/IMG_0713-2048x1536.jpeg 2048w, https:\/\/www.intellectualsovereignty.ch\/wp-content\/uploads\/2020\/07\/IMG_0713-1870x1403.jpeg 1870w, https:\/\/www.intellectualsovereignty.ch\/wp-content\/uploads\/2020\/07\/IMG_0713-400x300.jpeg 400w, https:\/\/www.intellectualsovereignty.ch\/wp-content\/uploads\/2020\/07\/IMG_0713-800x600.jpeg 800w\" sizes=\"auto, (max-width: 1024px) 100vw, 1024px\" \/><\/figure><\/li><li class=\"blocks-gallery-item\"><figure><img loading=\"lazy\" decoding=\"async\" width=\"768\" height=\"1024\" data-attachment-id=\"807\" data-permalink=\"https:\/\/www.intellectualsovereignty.ch\/index.php\/2020\/07\/19\/hike-28-muelenen-pochtenfall-cholebaergli-muelenen\/img_0714\/\" data-orig-file=\"https:\/\/www.intellectualsovereignty.ch\/wp-content\/uploads\/2020\/07\/IMG_0714-scaled.jpeg\" data-orig-size=\"1920,2560\" data-comments-opened=\"0\" data-image-title=\"IMG_0714\" data-image-description=\"\" data-image-caption=\"\" data-large-file=\"https:\/\/www.intellectualsovereignty.ch\/wp-content\/uploads\/2020\/07\/IMG_0714-768x1024.jpeg\" src=\"https:\/\/www.intellectualsovereignty.ch\/wp-content\/uploads\/2020\/07\/IMG_0714-768x1024.jpeg\" alt=\"\" data-id=\"807\" data-full-url=\"https:\/\/www.intellectualsovereignty.ch\/wp-content\/uploads\/2020\/07\/IMG_0714-scaled.jpeg\" data-link=\"https:\/\/www.intellectualsovereignty.ch\/?attachment_id=807\" class=\"wp-image-807\" srcset=\"https:\/\/www.intellectualsovereignty.ch\/wp-content\/uploads\/2020\/07\/IMG_0714-768x1024.jpeg 768w, https:\/\/www.intellectualsovereignty.ch\/wp-content\/uploads\/2020\/07\/IMG_0714-225x300.jpeg 225w, https:\/\/www.intellectualsovereignty.ch\/wp-content\/uploads\/2020\/07\/IMG_0714-1152x1536.jpeg 1152w, https:\/\/www.intellectualsovereignty.ch\/wp-content\/uploads\/2020\/07\/IMG_0714-1536x2048.jpeg 1536w, https:\/\/www.intellectualsovereignty.ch\/wp-content\/uploads\/2020\/07\/IMG_0714-1870x2493.jpeg 1870w, https:\/\/www.intellectualsovereignty.ch\/wp-content\/uploads\/2020\/07\/IMG_0714-400x533.jpeg 400w, https:\/\/www.intellectualsovereignty.ch\/wp-content\/uploads\/2020\/07\/IMG_0714-800x1067.jpeg 800w, https:\/\/www.intellectualsovereignty.ch\/wp-content\/uploads\/2020\/07\/IMG_0714-scaled.jpeg 1920w\" sizes=\"auto, (max-width: 768px) 100vw, 768px\" \/><\/figure><\/li><li class=\"blocks-gallery-item\"><figure><img loading=\"lazy\" decoding=\"async\" width=\"1024\" height=\"768\" data-attachment-id=\"808\" data-permalink=\"https:\/\/www.intellectualsovereignty.ch\/index.php\/2020\/07\/19\/hike-28-muelenen-pochtenfall-cholebaergli-muelenen\/img_0715\/\" data-orig-file=\"https:\/\/www.intellectualsovereignty.ch\/wp-content\/uploads\/2020\/07\/IMG_0715-scaled.jpeg\" data-orig-size=\"2560,1920\" data-comments-opened=\"0\" data-image-title=\"IMG_0715\" data-image-description=\"\" data-image-caption=\"\" data-large-file=\"https:\/\/www.intellectualsovereignty.ch\/wp-content\/uploads\/2020\/07\/IMG_0715-1024x768.jpeg\" src=\"https:\/\/www.intellectualsovereignty.ch\/wp-content\/uploads\/2020\/07\/IMG_0715-1024x768.jpeg\" alt=\"\" data-id=\"808\" data-full-url=\"https:\/\/www.intellectualsovereignty.ch\/wp-content\/uploads\/2020\/07\/IMG_0715-scaled.jpeg\" data-link=\"https:\/\/www.intellectualsovereignty.ch\/?attachment_id=808\" class=\"wp-image-808\" srcset=\"https:\/\/www.intellectualsovereignty.ch\/wp-content\/uploads\/2020\/07\/IMG_0715-1024x768.jpeg 1024w, https:\/\/www.intellectualsovereignty.ch\/wp-content\/uploads\/2020\/07\/IMG_0715-300x225.jpeg 300w, https:\/\/www.intellectualsovereignty.ch\/wp-content\/uploads\/2020\/07\/IMG_0715-768x576.jpeg 768w, https:\/\/www.intellectualsovereignty.ch\/wp-content\/uploads\/2020\/07\/IMG_0715-1536x1152.jpeg 1536w, https:\/\/www.intellectualsovereignty.ch\/wp-content\/uploads\/2020\/07\/IMG_0715-2048x1536.jpeg 2048w, https:\/\/www.intellectualsovereignty.ch\/wp-content\/uploads\/2020\/07\/IMG_0715-1870x1403.jpeg 1870w, https:\/\/www.intellectualsovereignty.ch\/wp-content\/uploads\/2020\/07\/IMG_0715-400x300.jpeg 400w, https:\/\/www.intellectualsovereignty.ch\/wp-content\/uploads\/2020\/07\/IMG_0715-800x600.jpeg 800w\" sizes=\"auto, (max-width: 1024px) 100vw, 1024px\" \/><\/figure><\/li><li class=\"blocks-gallery-item\"><figure><img loading=\"lazy\" decoding=\"async\" width=\"768\" height=\"1024\" data-attachment-id=\"809\" data-permalink=\"https:\/\/www.intellectualsovereignty.ch\/index.php\/2020\/07\/19\/hike-28-muelenen-pochtenfall-cholebaergli-muelenen\/img_0716\/\" data-orig-file=\"https:\/\/www.intellectualsovereignty.ch\/wp-content\/uploads\/2020\/07\/IMG_0716-scaled.jpeg\" data-orig-size=\"1920,2560\" data-comments-opened=\"0\" data-image-title=\"IMG_0716\" data-image-description=\"\" data-image-caption=\"\" data-large-file=\"https:\/\/www.intellectualsovereignty.ch\/wp-content\/uploads\/2020\/07\/IMG_0716-768x1024.jpeg\" src=\"https:\/\/www.intellectualsovereignty.ch\/wp-content\/uploads\/2020\/07\/IMG_0716-768x1024.jpeg\" alt=\"\" data-id=\"809\" data-full-url=\"https:\/\/www.intellectualsovereignty.ch\/wp-content\/uploads\/2020\/07\/IMG_0716-scaled.jpeg\" data-link=\"https:\/\/www.intellectualsovereignty.ch\/?attachment_id=809\" class=\"wp-image-809\" srcset=\"https:\/\/www.intellectualsovereignty.ch\/wp-content\/uploads\/2020\/07\/IMG_0716-768x1024.jpeg 768w, https:\/\/www.intellectualsovereignty.ch\/wp-content\/uploads\/2020\/07\/IMG_0716-225x300.jpeg 225w, https:\/\/www.intellectualsovereignty.ch\/wp-content\/uploads\/2020\/07\/IMG_0716-1152x1536.jpeg 1152w, https:\/\/www.intellectualsovereignty.ch\/wp-content\/uploads\/2020\/07\/IMG_0716-1536x2048.jpeg 1536w, https:\/\/www.intellectualsovereignty.ch\/wp-content\/uploads\/2020\/07\/IMG_0716-1870x2493.jpeg 1870w, https:\/\/www.intellectualsovereignty.ch\/wp-content\/uploads\/2020\/07\/IMG_0716-400x533.jpeg 400w, https:\/\/www.intellectualsovereignty.ch\/wp-content\/uploads\/2020\/07\/IMG_0716-800x1067.jpeg 800w, https:\/\/www.intellectualsovereignty.ch\/wp-content\/uploads\/2020\/07\/IMG_0716-scaled.jpeg 1920w\" sizes=\"auto, (max-width: 768px) 100vw, 768px\" \/><\/figure><\/li><li class=\"blocks-gallery-item\"><figure><img loading=\"lazy\" decoding=\"async\" width=\"1024\" height=\"768\" data-attachment-id=\"810\" data-permalink=\"https:\/\/www.intellectualsovereignty.ch\/index.php\/2020\/07\/19\/hike-28-muelenen-pochtenfall-cholebaergli-muelenen\/img_0717\/\" data-orig-file=\"https:\/\/www.intellectualsovereignty.ch\/wp-content\/uploads\/2020\/07\/IMG_0717-scaled.jpeg\" data-orig-size=\"2560,1920\" data-comments-opened=\"0\" data-image-title=\"IMG_0717\" data-image-description=\"\" data-image-caption=\"\" data-large-file=\"https:\/\/www.intellectualsovereignty.ch\/wp-content\/uploads\/2020\/07\/IMG_0717-1024x768.jpeg\" src=\"https:\/\/www.intellectualsovereignty.ch\/wp-content\/uploads\/2020\/07\/IMG_0717-1024x768.jpeg\" alt=\"\" data-id=\"810\" data-full-url=\"https:\/\/www.intellectualsovereignty.ch\/wp-content\/uploads\/2020\/07\/IMG_0717-scaled.jpeg\" data-link=\"https:\/\/www.intellectualsovereignty.ch\/?attachment_id=810\" class=\"wp-image-810\" srcset=\"https:\/\/www.intellectualsovereignty.ch\/wp-content\/uploads\/2020\/07\/IMG_0717-1024x768.jpeg 1024w, https:\/\/www.intellectualsovereignty.ch\/wp-content\/uploads\/2020\/07\/IMG_0717-300x225.jpeg 300w, https:\/\/www.intellectualsovereignty.ch\/wp-content\/uploads\/2020\/07\/IMG_0717-768x576.jpeg 768w, https:\/\/www.intellectualsovereignty.ch\/wp-content\/uploads\/2020\/07\/IMG_0717-1536x1152.jpeg 1536w, https:\/\/www.intellectualsovereignty.ch\/wp-content\/uploads\/2020\/07\/IMG_0717-2048x1536.jpeg 2048w, https:\/\/www.intellectualsovereignty.ch\/wp-content\/uploads\/2020\/07\/IMG_0717-1870x1403.jpeg 1870w, https:\/\/www.intellectualsovereignty.ch\/wp-content\/uploads\/2020\/07\/IMG_0717-400x300.jpeg 400w, https:\/\/www.intellectualsovereignty.ch\/wp-content\/uploads\/2020\/07\/IMG_0717-800x600.jpeg 800w\" sizes=\"auto, (max-width: 1024px) 100vw, 1024px\" \/><\/figure><\/li><li class=\"blocks-gallery-item\"><figure><img loading=\"lazy\" decoding=\"async\" width=\"768\" height=\"1024\" data-attachment-id=\"811\" data-permalink=\"https:\/\/www.intellectualsovereignty.ch\/index.php\/2020\/07\/19\/hike-28-muelenen-pochtenfall-cholebaergli-muelenen\/img_0718\/\" data-orig-file=\"https:\/\/www.intellectualsovereignty.ch\/wp-content\/uploads\/2020\/07\/IMG_0718-scaled.jpeg\" data-orig-size=\"1920,2560\" data-comments-opened=\"0\" data-image-title=\"IMG_0718\" data-image-description=\"\" data-image-caption=\"\" data-large-file=\"https:\/\/www.intellectualsovereignty.ch\/wp-content\/uploads\/2020\/07\/IMG_0718-768x1024.jpeg\" src=\"https:\/\/www.intellectualsovereignty.ch\/wp-content\/uploads\/2020\/07\/IMG_0718-768x1024.jpeg\" alt=\"\" data-id=\"811\" data-full-url=\"https:\/\/www.intellectualsovereignty.ch\/wp-content\/uploads\/2020\/07\/IMG_0718-scaled.jpeg\" data-link=\"https:\/\/www.intellectualsovereignty.ch\/?attachment_id=811\" class=\"wp-image-811\" srcset=\"https:\/\/www.intellectualsovereignty.ch\/wp-content\/uploads\/2020\/07\/IMG_0718-768x1024.jpeg 768w, https:\/\/www.intellectualsovereignty.ch\/wp-content\/uploads\/2020\/07\/IMG_0718-225x300.jpeg 225w, https:\/\/www.intellectualsovereignty.ch\/wp-content\/uploads\/2020\/07\/IMG_0718-1152x1536.jpeg 1152w, https:\/\/www.intellectualsovereignty.ch\/wp-content\/uploads\/2020\/07\/IMG_0718-1536x2048.jpeg 1536w, https:\/\/www.intellectualsovereignty.ch\/wp-content\/uploads\/2020\/07\/IMG_0718-1870x2493.jpeg 1870w, https:\/\/www.intellectualsovereignty.ch\/wp-content\/uploads\/2020\/07\/IMG_0718-400x533.jpeg 400w, https:\/\/www.intellectualsovereignty.ch\/wp-content\/uploads\/2020\/07\/IMG_0718-800x1067.jpeg 800w, https:\/\/www.intellectualsovereignty.ch\/wp-content\/uploads\/2020\/07\/IMG_0718-scaled.jpeg 1920w\" sizes=\"auto, (max-width: 768px) 100vw, 768px\" \/><\/figure><\/li><li class=\"blocks-gallery-item\"><figure><img loading=\"lazy\" decoding=\"async\" width=\"768\" height=\"1024\" data-attachment-id=\"812\" data-permalink=\"https:\/\/www.intellectualsovereignty.ch\/index.php\/2020\/07\/19\/hike-28-muelenen-pochtenfall-cholebaergli-muelenen\/img_0719\/\" data-orig-file=\"https:\/\/www.intellectualsovereignty.ch\/wp-content\/uploads\/2020\/07\/IMG_0719-scaled.jpeg\" data-orig-size=\"1920,2560\" data-comments-opened=\"0\" data-image-title=\"IMG_0719\" data-image-description=\"\" data-image-caption=\"\" data-large-file=\"https:\/\/www.intellectualsovereignty.ch\/wp-content\/uploads\/2020\/07\/IMG_0719-768x1024.jpeg\" src=\"https:\/\/www.intellectualsovereignty.ch\/wp-content\/uploads\/2020\/07\/IMG_0719-768x1024.jpeg\" alt=\"\" data-id=\"812\" data-full-url=\"https:\/\/www.intellectualsovereignty.ch\/wp-content\/uploads\/2020\/07\/IMG_0719-scaled.jpeg\" data-link=\"https:\/\/www.intellectualsovereignty.ch\/?attachment_id=812\" class=\"wp-image-812\" srcset=\"https:\/\/www.intellectualsovereignty.ch\/wp-content\/uploads\/2020\/07\/IMG_0719-768x1024.jpeg 768w, https:\/\/www.intellectualsovereignty.ch\/wp-content\/uploads\/2020\/07\/IMG_0719-225x300.jpeg 225w, https:\/\/www.intellectualsovereignty.ch\/wp-content\/uploads\/2020\/07\/IMG_0719-1152x1536.jpeg 1152w, https:\/\/www.intellectualsovereignty.ch\/wp-content\/uploads\/2020\/07\/IMG_0719-1536x2048.jpeg 1536w, https:\/\/www.intellectualsovereignty.ch\/wp-content\/uploads\/2020\/07\/IMG_0719-1870x2493.jpeg 1870w, https:\/\/www.intellectualsovereignty.ch\/wp-content\/uploads\/2020\/07\/IMG_0719-400x533.jpeg 400w, https:\/\/www.intellectualsovereignty.ch\/wp-content\/uploads\/2020\/07\/IMG_0719-800x1067.jpeg 800w, https:\/\/www.intellectualsovereignty.ch\/wp-content\/uploads\/2020\/07\/IMG_0719-scaled.jpeg 1920w\" sizes=\"auto, (max-width: 768px) 100vw, 768px\" \/><\/figure><\/li><li class=\"blocks-gallery-item\"><figure><img loading=\"lazy\" decoding=\"async\" width=\"1024\" height=\"452\" data-attachment-id=\"813\" data-permalink=\"https:\/\/www.intellectualsovereignty.ch\/index.php\/2020\/07\/19\/hike-28-muelenen-pochtenfall-cholebaergli-muelenen\/img_0720\/\" data-orig-file=\"https:\/\/www.intellectualsovereignty.ch\/wp-content\/uploads\/2020\/07\/IMG_0720-scaled.jpeg\" data-orig-size=\"2560,1131\" data-comments-opened=\"0\" data-image-title=\"IMG_0720\" data-image-description=\"\" data-image-caption=\"\" data-large-file=\"https:\/\/www.intellectualsovereignty.ch\/wp-content\/uploads\/2020\/07\/IMG_0720-1024x452.jpeg\" src=\"https:\/\/www.intellectualsovereignty.ch\/wp-content\/uploads\/2020\/07\/IMG_0720-1024x452.jpeg\" alt=\"\" data-id=\"813\" data-full-url=\"https:\/\/www.intellectualsovereignty.ch\/wp-content\/uploads\/2020\/07\/IMG_0720-scaled.jpeg\" data-link=\"https:\/\/www.intellectualsovereignty.ch\/?attachment_id=813\" class=\"wp-image-813\" srcset=\"https:\/\/www.intellectualsovereignty.ch\/wp-content\/uploads\/2020\/07\/IMG_0720-1024x452.jpeg 1024w, https:\/\/www.intellectualsovereignty.ch\/wp-content\/uploads\/2020\/07\/IMG_0720-300x132.jpeg 300w, https:\/\/www.intellectualsovereignty.ch\/wp-content\/uploads\/2020\/07\/IMG_0720-768x339.jpeg 768w, https:\/\/www.intellectualsovereignty.ch\/wp-content\/uploads\/2020\/07\/IMG_0720-1536x678.jpeg 1536w, https:\/\/www.intellectualsovereignty.ch\/wp-content\/uploads\/2020\/07\/IMG_0720-2048x904.jpeg 2048w, https:\/\/www.intellectualsovereignty.ch\/wp-content\/uploads\/2020\/07\/IMG_0720-1870x826.jpeg 1870w, https:\/\/www.intellectualsovereignty.ch\/wp-content\/uploads\/2020\/07\/IMG_0720-400x177.jpeg 400w, https:\/\/www.intellectualsovereignty.ch\/wp-content\/uploads\/2020\/07\/IMG_0720-800x353.jpeg 800w\" sizes=\"auto, (max-width: 1024px) 100vw, 1024px\" \/><\/figure><\/li><li class=\"blocks-gallery-item\"><figure><img loading=\"lazy\" decoding=\"async\" width=\"1024\" height=\"768\" data-attachment-id=\"814\" data-permalink=\"https:\/\/www.intellectualsovereignty.ch\/index.php\/2020\/07\/19\/hike-28-muelenen-pochtenfall-cholebaergli-muelenen\/img_0721\/\" data-orig-file=\"https:\/\/www.intellectualsovereignty.ch\/wp-content\/uploads\/2020\/07\/IMG_0721-scaled.jpeg\" data-orig-size=\"2560,1920\" data-comments-opened=\"0\" data-image-title=\"IMG_0721\" data-image-description=\"\" data-image-caption=\"\" data-large-file=\"https:\/\/www.intellectualsovereignty.ch\/wp-content\/uploads\/2020\/07\/IMG_0721-1024x768.jpeg\" src=\"https:\/\/www.intellectualsovereignty.ch\/wp-content\/uploads\/2020\/07\/IMG_0721-1024x768.jpeg\" alt=\"\" data-id=\"814\" data-full-url=\"https:\/\/www.intellectualsovereignty.ch\/wp-content\/uploads\/2020\/07\/IMG_0721-scaled.jpeg\" data-link=\"https:\/\/www.intellectualsovereignty.ch\/?attachment_id=814\" class=\"wp-image-814\" srcset=\"https:\/\/www.intellectualsovereignty.ch\/wp-content\/uploads\/2020\/07\/IMG_0721-1024x768.jpeg 1024w, https:\/\/www.intellectualsovereignty.ch\/wp-content\/uploads\/2020\/07\/IMG_0721-300x225.jpeg 300w, https:\/\/www.intellectualsovereignty.ch\/wp-content\/uploads\/2020\/07\/IMG_0721-768x576.jpeg 768w, https:\/\/www.intellectualsovereignty.ch\/wp-content\/uploads\/2020\/07\/IMG_0721-1536x1152.jpeg 1536w, https:\/\/www.intellectualsovereignty.ch\/wp-content\/uploads\/2020\/07\/IMG_0721-2048x1536.jpeg 2048w, https:\/\/www.intellectualsovereignty.ch\/wp-content\/uploads\/2020\/07\/IMG_0721-1870x1403.jpeg 1870w, https:\/\/www.intellectualsovereignty.ch\/wp-content\/uploads\/2020\/07\/IMG_0721-400x300.jpeg 400w, https:\/\/www.intellectualsovereignty.ch\/wp-content\/uploads\/2020\/07\/IMG_0721-800x600.jpeg 800w\" sizes=\"auto, (max-width: 1024px) 100vw, 1024px\" \/><\/figure><\/li><li class=\"blocks-gallery-item\"><figure><img loading=\"lazy\" decoding=\"async\" width=\"1024\" height=\"768\" data-attachment-id=\"815\" data-permalink=\"https:\/\/www.intellectualsovereignty.ch\/index.php\/2020\/07\/19\/hike-28-muelenen-pochtenfall-cholebaergli-muelenen\/img_0722\/\" data-orig-file=\"https:\/\/www.intellectualsovereignty.ch\/wp-content\/uploads\/2020\/07\/IMG_0722-scaled.jpeg\" data-orig-size=\"2560,1920\" data-comments-opened=\"0\" data-image-title=\"IMG_0722\" data-image-description=\"\" data-image-caption=\"\" data-large-file=\"https:\/\/www.intellectualsovereignty.ch\/wp-content\/uploads\/2020\/07\/IMG_0722-1024x768.jpeg\" src=\"https:\/\/www.intellectualsovereignty.ch\/wp-content\/uploads\/2020\/07\/IMG_0722-1024x768.jpeg\" alt=\"\" data-id=\"815\" data-full-url=\"https:\/\/www.intellectualsovereignty.ch\/wp-content\/uploads\/2020\/07\/IMG_0722-scaled.jpeg\" data-link=\"https:\/\/www.intellectualsovereignty.ch\/?attachment_id=815\" class=\"wp-image-815\" srcset=\"https:\/\/www.intellectualsovereignty.ch\/wp-content\/uploads\/2020\/07\/IMG_0722-1024x768.jpeg 1024w, https:\/\/www.intellectualsovereignty.ch\/wp-content\/uploads\/2020\/07\/IMG_0722-300x225.jpeg 300w, https:\/\/www.intellectualsovereignty.ch\/wp-content\/uploads\/2020\/07\/IMG_0722-768x576.jpeg 768w, https:\/\/www.intellectualsovereignty.ch\/wp-content\/uploads\/2020\/07\/IMG_0722-1536x1152.jpeg 1536w, https:\/\/www.intellectualsovereignty.ch\/wp-content\/uploads\/2020\/07\/IMG_0722-2048x1536.jpeg 2048w, https:\/\/www.intellectualsovereignty.ch\/wp-content\/uploads\/2020\/07\/IMG_0722-1870x1403.jpeg 1870w, https:\/\/www.intellectualsovereignty.ch\/wp-content\/uploads\/2020\/07\/IMG_0722-400x300.jpeg 400w, https:\/\/www.intellectualsovereignty.ch\/wp-content\/uploads\/2020\/07\/IMG_0722-800x600.jpeg 800w\" sizes=\"auto, (max-width: 1024px) 100vw, 1024px\" \/><\/figure><\/li><li class=\"blocks-gallery-item\"><figure><img loading=\"lazy\" decoding=\"async\" width=\"768\" height=\"1024\" data-attachment-id=\"816\" data-permalink=\"https:\/\/www.intellectualsovereignty.ch\/index.php\/2020\/07\/19\/hike-28-muelenen-pochtenfall-cholebaergli-muelenen\/img_0723\/\" data-orig-file=\"https:\/\/www.intellectualsovereignty.ch\/wp-content\/uploads\/2020\/07\/IMG_0723-scaled.jpeg\" data-orig-size=\"1920,2560\" data-comments-opened=\"0\" data-image-title=\"IMG_0723\" data-image-description=\"\" data-image-caption=\"\" data-large-file=\"https:\/\/www.intellectualsovereignty.ch\/wp-content\/uploads\/2020\/07\/IMG_0723-768x1024.jpeg\" src=\"https:\/\/www.intellectualsovereignty.ch\/wp-content\/uploads\/2020\/07\/IMG_0723-768x1024.jpeg\" alt=\"\" data-id=\"816\" data-full-url=\"https:\/\/www.intellectualsovereignty.ch\/wp-content\/uploads\/2020\/07\/IMG_0723-scaled.jpeg\" data-link=\"https:\/\/www.intellectualsovereignty.ch\/?attachment_id=816\" class=\"wp-image-816\" srcset=\"https:\/\/www.intellectualsovereignty.ch\/wp-content\/uploads\/2020\/07\/IMG_0723-768x1024.jpeg 768w, https:\/\/www.intellectualsovereignty.ch\/wp-content\/uploads\/2020\/07\/IMG_0723-225x300.jpeg 225w, https:\/\/www.intellectualsovereignty.ch\/wp-content\/uploads\/2020\/07\/IMG_0723-1152x1536.jpeg 1152w, https:\/\/www.intellectualsovereignty.ch\/wp-content\/uploads\/2020\/07\/IMG_0723-1536x2048.jpeg 1536w, https:\/\/www.intellectualsovereignty.ch\/wp-content\/uploads\/2020\/07\/IMG_0723-1870x2493.jpeg 1870w, https:\/\/www.intellectualsovereignty.ch\/wp-content\/uploads\/2020\/07\/IMG_0723-400x533.jpeg 400w, https:\/\/www.intellectualsovereignty.ch\/wp-content\/uploads\/2020\/07\/IMG_0723-800x1067.jpeg 800w, https:\/\/www.intellectualsovereignty.ch\/wp-content\/uploads\/2020\/07\/IMG_0723-scaled.jpeg 1920w\" sizes=\"auto, (max-width: 768px) 100vw, 768px\" \/><\/figure><\/li><\/ul><\/figure>\n\n\n\n<hr class=\"wp-block-separator\"\/>\n\n\n\n<p class=\"wp-block-paragraph\">Distanz: 17.8km<br>H\u00f6henmeter: 1\u2019043m<br>Marschzeit: 6h<br>GPS-Route:\u00a0<a rel=\"noreferrer noopener\" href=\"https:\/\/map.schweizmobil.ch\/?lang=de&amp;land=wanderland&amp;route=all&amp;photos=yes&amp;logo=yes&amp;season=summer&amp;bgLayer=pk&amp;resolution=5.04&amp;E=2622470&amp;N=1164474&amp;layers=Wanderland&amp;trackId=7487427\" target=\"_blank\">SchweizMobil<\/a><br>Beschrieb:\u00a0<a rel=\"noreferrer noopener\" href=\"https:\/\/www.schweizmobil.ch\/de\/wanderland\/routen\/route-0325.html\" target=\"_blank\">Vom Saxet ins Suldtal (Nr. 325)<\/a> (kurzer Abschnitt von Staldeweid bis Pochtenfall)<\/p>\n\n\n[sgpx gpx=\/wp-content\/uploads\/gpx\/20200719_mulenenpochtenfallcholebarglimulenen.gpx ]\n","protected":false},"excerpt":{"rendered":"<p>Mit Bea und Sibe mache ich mich heute auf, das gerade erst kennengelernte Suldtal (siehe Hike #26) in seiner ganzen L\u00e4nge zu entdecken. Vor allem der untere Teil interessiert mich aufgrund gewissen Aussagen von Botanik-Begeisterten im Internet. So machen wir uns ab M\u00fclenen auf, und bereits nach knappen anderthalb Kilometern folgen wir einem abwechslungsreichen Waldpfad [&hellip;]<\/p>\n","protected":false},"author":1,"featured_media":817,"comment_status":"open","ping_status":"open","sticky":false,"template":"","format":"standard","meta":{"_jetpack_newsletter_access":"","_jetpack_dont_email_post_to_subs":false,"_jetpack_newsletter_tier_id":0,"_jetpack_memberships_contains_paywalled_content":false,"_spotmap_latitude":"","_spotmap_longitude":"","_jetpack_feature_clip_id":0,"_jetpack_memberships_contains_paid_content":false,"footnotes":"","jetpack_post_was_ever_published":false},"categories":[3],"tags":[19],"class_list":["post-787","post","type-post","status-publish","format-standard","has-post-thumbnail","hentry","category-hiking","tag-ch_325","has-thumbnail"],"jetpack_shortlink":"https:\/\/wp.me\/p9IwFN-cH","jetpack_likes_enabled":false,"jetpack_sharing_enabled":true,"jetpack_featured_media_url":"https:\/\/www.intellectualsovereignty.ch\/wp-content\/uploads\/2020\/07\/IMG_0718_cropped-scaled.jpeg","_links":{"self":[{"href":"https:\/\/www.intellectualsovereignty.ch\/index.php\/wp-json\/wp\/v2\/posts\/787","targetHints":{"allow":["GET"]}}],"collection":[{"href":"https:\/\/www.intellectualsovereignty.ch\/index.php\/wp-json\/wp\/v2\/posts"}],"about":[{"href":"https:\/\/www.intellectualsovereignty.ch\/index.php\/wp-json\/wp\/v2\/types\/post"}],"author":[{"embeddable":true,"href":"https:\/\/www.intellectualsovereignty.ch\/index.php\/wp-json\/wp\/v2\/users\/1"}],"replies":[{"embeddable":true,"href":"https:\/\/www.intellectualsovereignty.ch\/index.php\/wp-json\/wp\/v2\/comments?post=787"}],"version-history":[{"count":1,"href":"https:\/\/www.intellectualsovereignty.ch\/index.php\/wp-json\/wp\/v2\/posts\/787\/revisions"}],"predecessor-version":[{"id":818,"href":"https:\/\/www.intellectualsovereignty.ch\/index.php\/wp-json\/wp\/v2\/posts\/787\/revisions\/818"}],"wp:featuredmedia":[{"embeddable":true,"href":"https:\/\/www.intellectualsovereignty.ch\/index.php\/wp-json\/wp\/v2\/media\/817"}],"wp:attachment":[{"href":"https:\/\/www.intellectualsovereignty.ch\/index.php\/wp-json\/wp\/v2\/media?parent=787"}],"wp:term":[{"taxonomy":"category","embeddable":true,"href":"https:\/\/www.intellectualsovereignty.ch\/index.php\/wp-json\/wp\/v2\/categories?post=787"},{"taxonomy":"post_tag","embeddable":true,"href":"https:\/\/www.intellectualsovereignty.ch\/index.php\/wp-json\/wp\/v2\/tags?post=787"}],"curies":[{"name":"wp","href":"https:\/\/api.w.org\/{rel}","templated":true}]}}