{"id":652,"date":"2020-07-12T12:28:00","date_gmt":"2020-07-12T10:28:00","guid":{"rendered":"https:\/\/www.intellectualsovereignty.ch\/?p=652"},"modified":"2020-07-13T21:34:06","modified_gmt":"2020-07-13T19:34:06","slug":"hike-26-interlaken-saxeten-rengglipass-spiez","status":"publish","type":"post","link":"https:\/\/www.intellectualsovereignty.ch\/index.php\/2020\/07\/12\/hike-26-interlaken-saxeten-rengglipass-spiez\/","title":{"rendered":"Hike #26 \/ Interlaken &#8211; Saxeten &#8211; Rengglipass &#8211; Spiez"},"content":{"rendered":"\n<p class=\"wp-block-paragraph\">Die Trail-Trainingsrunde k\u00fcndigte sich feucht an: Bereits bei der Anfahrt im Zug nach Interlaken meinte mein Regenradar, dass wohl bis Saxeten mit viel Regen zu rechnen sei&#8230; und so war der Aufstieg \u00fcber die Heimwehfluh, den Grossen Rugen sowie hoch zum Abendberg nicht nur steil, sondern auch rundum nass! Unterwegs l\u00e4sst sich ab und zu ein kleiner Blick auf Harder, Thunersee und Schynige Platte erhaschen.<\/p>\n\n\n\n<figure class=\"wp-block-gallery columns-3 is-cropped wp-block-gallery-1 is-layout-flex wp-block-gallery-is-layout-flex\"><ul class=\"blocks-gallery-grid\"><li class=\"blocks-gallery-item\"><figure><img loading=\"lazy\" decoding=\"async\" width=\"1024\" height=\"768\" data-attachment-id=\"654\" data-permalink=\"https:\/\/www.intellectualsovereignty.ch\/index.php\/2020\/07\/12\/hike-26-interlaken-saxeten-rengglipass-spiez\/img_0554\/\" data-orig-file=\"https:\/\/www.intellectualsovereignty.ch\/wp-content\/uploads\/2020\/07\/IMG_0554-scaled.jpeg\" data-orig-size=\"2560,1920\" data-comments-opened=\"0\" data-image-title=\"IMG_0554\" data-image-description=\"\" data-image-caption=\"\" data-large-file=\"https:\/\/www.intellectualsovereignty.ch\/wp-content\/uploads\/2020\/07\/IMG_0554-1024x768.jpeg\" src=\"https:\/\/www.intellectualsovereignty.ch\/wp-content\/uploads\/2020\/07\/IMG_0554-1024x768.jpeg\" alt=\"\" data-id=\"654\" data-full-url=\"https:\/\/www.intellectualsovereignty.ch\/wp-content\/uploads\/2020\/07\/IMG_0554-scaled.jpeg\" data-link=\"https:\/\/www.intellectualsovereignty.ch\/?attachment_id=654\" class=\"wp-image-654\" srcset=\"https:\/\/www.intellectualsovereignty.ch\/wp-content\/uploads\/2020\/07\/IMG_0554-1024x768.jpeg 1024w, https:\/\/www.intellectualsovereignty.ch\/wp-content\/uploads\/2020\/07\/IMG_0554-300x225.jpeg 300w, https:\/\/www.intellectualsovereignty.ch\/wp-content\/uploads\/2020\/07\/IMG_0554-768x576.jpeg 768w, https:\/\/www.intellectualsovereignty.ch\/wp-content\/uploads\/2020\/07\/IMG_0554-1536x1152.jpeg 1536w, https:\/\/www.intellectualsovereignty.ch\/wp-content\/uploads\/2020\/07\/IMG_0554-2048x1536.jpeg 2048w, https:\/\/www.intellectualsovereignty.ch\/wp-content\/uploads\/2020\/07\/IMG_0554-1870x1403.jpeg 1870w, https:\/\/www.intellectualsovereignty.ch\/wp-content\/uploads\/2020\/07\/IMG_0554-400x300.jpeg 400w, https:\/\/www.intellectualsovereignty.ch\/wp-content\/uploads\/2020\/07\/IMG_0554-800x600.jpeg 800w\" sizes=\"auto, (max-width: 1024px) 100vw, 1024px\" \/><\/figure><\/li><li class=\"blocks-gallery-item\"><figure><img loading=\"lazy\" decoding=\"async\" width=\"1024\" height=\"768\" data-attachment-id=\"655\" data-permalink=\"https:\/\/www.intellectualsovereignty.ch\/index.php\/2020\/07\/12\/hike-26-interlaken-saxeten-rengglipass-spiez\/img_0555\/\" data-orig-file=\"https:\/\/www.intellectualsovereignty.ch\/wp-content\/uploads\/2020\/07\/IMG_0555-scaled.jpeg\" data-orig-size=\"2560,1920\" data-comments-opened=\"0\" data-image-title=\"IMG_0555\" data-image-description=\"\" data-image-caption=\"\" data-large-file=\"https:\/\/www.intellectualsovereignty.ch\/wp-content\/uploads\/2020\/07\/IMG_0555-1024x768.jpeg\" src=\"https:\/\/www.intellectualsovereignty.ch\/wp-content\/uploads\/2020\/07\/IMG_0555-1024x768.jpeg\" alt=\"\" data-id=\"655\" data-full-url=\"https:\/\/www.intellectualsovereignty.ch\/wp-content\/uploads\/2020\/07\/IMG_0555-scaled.jpeg\" data-link=\"https:\/\/www.intellectualsovereignty.ch\/?attachment_id=655\" class=\"wp-image-655\" srcset=\"https:\/\/www.intellectualsovereignty.ch\/wp-content\/uploads\/2020\/07\/IMG_0555-1024x768.jpeg 1024w, https:\/\/www.intellectualsovereignty.ch\/wp-content\/uploads\/2020\/07\/IMG_0555-300x225.jpeg 300w, https:\/\/www.intellectualsovereignty.ch\/wp-content\/uploads\/2020\/07\/IMG_0555-768x576.jpeg 768w, https:\/\/www.intellectualsovereignty.ch\/wp-content\/uploads\/2020\/07\/IMG_0555-1536x1152.jpeg 1536w, https:\/\/www.intellectualsovereignty.ch\/wp-content\/uploads\/2020\/07\/IMG_0555-2048x1536.jpeg 2048w, https:\/\/www.intellectualsovereignty.ch\/wp-content\/uploads\/2020\/07\/IMG_0555-1870x1403.jpeg 1870w, https:\/\/www.intellectualsovereignty.ch\/wp-content\/uploads\/2020\/07\/IMG_0555-400x300.jpeg 400w, https:\/\/www.intellectualsovereignty.ch\/wp-content\/uploads\/2020\/07\/IMG_0555-800x600.jpeg 800w\" sizes=\"auto, (max-width: 1024px) 100vw, 1024px\" \/><\/figure><\/li><li class=\"blocks-gallery-item\"><figure><img loading=\"lazy\" decoding=\"async\" width=\"1024\" height=\"768\" data-attachment-id=\"656\" data-permalink=\"https:\/\/www.intellectualsovereignty.ch\/index.php\/2020\/07\/12\/hike-26-interlaken-saxeten-rengglipass-spiez\/img_0556\/\" data-orig-file=\"https:\/\/www.intellectualsovereignty.ch\/wp-content\/uploads\/2020\/07\/IMG_0556-scaled.jpeg\" data-orig-size=\"2560,1920\" data-comments-opened=\"0\" data-image-title=\"IMG_0556\" data-image-description=\"\" data-image-caption=\"\" data-large-file=\"https:\/\/www.intellectualsovereignty.ch\/wp-content\/uploads\/2020\/07\/IMG_0556-1024x768.jpeg\" src=\"https:\/\/www.intellectualsovereignty.ch\/wp-content\/uploads\/2020\/07\/IMG_0556-1024x768.jpeg\" alt=\"\" data-id=\"656\" data-full-url=\"https:\/\/www.intellectualsovereignty.ch\/wp-content\/uploads\/2020\/07\/IMG_0556-scaled.jpeg\" data-link=\"https:\/\/www.intellectualsovereignty.ch\/?attachment_id=656\" class=\"wp-image-656\" srcset=\"https:\/\/www.intellectualsovereignty.ch\/wp-content\/uploads\/2020\/07\/IMG_0556-1024x768.jpeg 1024w, https:\/\/www.intellectualsovereignty.ch\/wp-content\/uploads\/2020\/07\/IMG_0556-300x225.jpeg 300w, https:\/\/www.intellectualsovereignty.ch\/wp-content\/uploads\/2020\/07\/IMG_0556-768x576.jpeg 768w, https:\/\/www.intellectualsovereignty.ch\/wp-content\/uploads\/2020\/07\/IMG_0556-1536x1152.jpeg 1536w, https:\/\/www.intellectualsovereignty.ch\/wp-content\/uploads\/2020\/07\/IMG_0556-2048x1536.jpeg 2048w, https:\/\/www.intellectualsovereignty.ch\/wp-content\/uploads\/2020\/07\/IMG_0556-1870x1403.jpeg 1870w, https:\/\/www.intellectualsovereignty.ch\/wp-content\/uploads\/2020\/07\/IMG_0556-400x300.jpeg 400w, https:\/\/www.intellectualsovereignty.ch\/wp-content\/uploads\/2020\/07\/IMG_0556-800x600.jpeg 800w\" sizes=\"auto, (max-width: 1024px) 100vw, 1024px\" \/><\/figure><\/li><li class=\"blocks-gallery-item\"><figure><img loading=\"lazy\" decoding=\"async\" width=\"768\" height=\"1024\" data-attachment-id=\"657\" data-permalink=\"https:\/\/www.intellectualsovereignty.ch\/index.php\/2020\/07\/12\/hike-26-interlaken-saxeten-rengglipass-spiez\/img_0557\/\" data-orig-file=\"https:\/\/www.intellectualsovereignty.ch\/wp-content\/uploads\/2020\/07\/IMG_0557-scaled.jpeg\" data-orig-size=\"1920,2560\" data-comments-opened=\"0\" data-image-title=\"IMG_0557\" data-image-description=\"\" data-image-caption=\"\" data-large-file=\"https:\/\/www.intellectualsovereignty.ch\/wp-content\/uploads\/2020\/07\/IMG_0557-768x1024.jpeg\" src=\"https:\/\/www.intellectualsovereignty.ch\/wp-content\/uploads\/2020\/07\/IMG_0557-768x1024.jpeg\" alt=\"\" data-id=\"657\" data-full-url=\"https:\/\/www.intellectualsovereignty.ch\/wp-content\/uploads\/2020\/07\/IMG_0557-scaled.jpeg\" data-link=\"https:\/\/www.intellectualsovereignty.ch\/?attachment_id=657\" class=\"wp-image-657\" srcset=\"https:\/\/www.intellectualsovereignty.ch\/wp-content\/uploads\/2020\/07\/IMG_0557-768x1024.jpeg 768w, https:\/\/www.intellectualsovereignty.ch\/wp-content\/uploads\/2020\/07\/IMG_0557-225x300.jpeg 225w, https:\/\/www.intellectualsovereignty.ch\/wp-content\/uploads\/2020\/07\/IMG_0557-1152x1536.jpeg 1152w, https:\/\/www.intellectualsovereignty.ch\/wp-content\/uploads\/2020\/07\/IMG_0557-1536x2048.jpeg 1536w, https:\/\/www.intellectualsovereignty.ch\/wp-content\/uploads\/2020\/07\/IMG_0557-1870x2493.jpeg 1870w, https:\/\/www.intellectualsovereignty.ch\/wp-content\/uploads\/2020\/07\/IMG_0557-400x533.jpeg 400w, https:\/\/www.intellectualsovereignty.ch\/wp-content\/uploads\/2020\/07\/IMG_0557-800x1067.jpeg 800w, https:\/\/www.intellectualsovereignty.ch\/wp-content\/uploads\/2020\/07\/IMG_0557-scaled.jpeg 1920w\" sizes=\"auto, (max-width: 768px) 100vw, 768px\" \/><\/figure><\/li><li class=\"blocks-gallery-item\"><figure><img loading=\"lazy\" decoding=\"async\" width=\"1024\" height=\"768\" data-attachment-id=\"658\" data-permalink=\"https:\/\/www.intellectualsovereignty.ch\/index.php\/2020\/07\/12\/hike-26-interlaken-saxeten-rengglipass-spiez\/img_0558\/\" data-orig-file=\"https:\/\/www.intellectualsovereignty.ch\/wp-content\/uploads\/2020\/07\/IMG_0558-scaled.jpeg\" data-orig-size=\"2560,1920\" data-comments-opened=\"0\" data-image-title=\"IMG_0558\" data-image-description=\"\" data-image-caption=\"\" data-large-file=\"https:\/\/www.intellectualsovereignty.ch\/wp-content\/uploads\/2020\/07\/IMG_0558-1024x768.jpeg\" src=\"https:\/\/www.intellectualsovereignty.ch\/wp-content\/uploads\/2020\/07\/IMG_0558-1024x768.jpeg\" alt=\"\" data-id=\"658\" data-full-url=\"https:\/\/www.intellectualsovereignty.ch\/wp-content\/uploads\/2020\/07\/IMG_0558-scaled.jpeg\" data-link=\"https:\/\/www.intellectualsovereignty.ch\/?attachment_id=658\" class=\"wp-image-658\" srcset=\"https:\/\/www.intellectualsovereignty.ch\/wp-content\/uploads\/2020\/07\/IMG_0558-1024x768.jpeg 1024w, https:\/\/www.intellectualsovereignty.ch\/wp-content\/uploads\/2020\/07\/IMG_0558-300x225.jpeg 300w, https:\/\/www.intellectualsovereignty.ch\/wp-content\/uploads\/2020\/07\/IMG_0558-768x576.jpeg 768w, https:\/\/www.intellectualsovereignty.ch\/wp-content\/uploads\/2020\/07\/IMG_0558-1536x1152.jpeg 1536w, https:\/\/www.intellectualsovereignty.ch\/wp-content\/uploads\/2020\/07\/IMG_0558-2048x1536.jpeg 2048w, https:\/\/www.intellectualsovereignty.ch\/wp-content\/uploads\/2020\/07\/IMG_0558-1870x1403.jpeg 1870w, https:\/\/www.intellectualsovereignty.ch\/wp-content\/uploads\/2020\/07\/IMG_0558-400x300.jpeg 400w, https:\/\/www.intellectualsovereignty.ch\/wp-content\/uploads\/2020\/07\/IMG_0558-800x600.jpeg 800w\" sizes=\"auto, (max-width: 1024px) 100vw, 1024px\" \/><\/figure><\/li><li class=\"blocks-gallery-item\"><figure><img loading=\"lazy\" decoding=\"async\" width=\"1024\" height=\"768\" data-attachment-id=\"659\" data-permalink=\"https:\/\/www.intellectualsovereignty.ch\/index.php\/2020\/07\/12\/hike-26-interlaken-saxeten-rengglipass-spiez\/img_0559\/\" data-orig-file=\"https:\/\/www.intellectualsovereignty.ch\/wp-content\/uploads\/2020\/07\/IMG_0559-scaled.jpeg\" data-orig-size=\"2560,1920\" data-comments-opened=\"0\" data-image-title=\"IMG_0559\" data-image-description=\"\" data-image-caption=\"\" data-large-file=\"https:\/\/www.intellectualsovereignty.ch\/wp-content\/uploads\/2020\/07\/IMG_0559-1024x768.jpeg\" src=\"https:\/\/www.intellectualsovereignty.ch\/wp-content\/uploads\/2020\/07\/IMG_0559-1024x768.jpeg\" alt=\"\" data-id=\"659\" data-full-url=\"https:\/\/www.intellectualsovereignty.ch\/wp-content\/uploads\/2020\/07\/IMG_0559-scaled.jpeg\" data-link=\"https:\/\/www.intellectualsovereignty.ch\/?attachment_id=659\" class=\"wp-image-659\" srcset=\"https:\/\/www.intellectualsovereignty.ch\/wp-content\/uploads\/2020\/07\/IMG_0559-1024x768.jpeg 1024w, https:\/\/www.intellectualsovereignty.ch\/wp-content\/uploads\/2020\/07\/IMG_0559-300x225.jpeg 300w, https:\/\/www.intellectualsovereignty.ch\/wp-content\/uploads\/2020\/07\/IMG_0559-768x576.jpeg 768w, https:\/\/www.intellectualsovereignty.ch\/wp-content\/uploads\/2020\/07\/IMG_0559-1536x1152.jpeg 1536w, https:\/\/www.intellectualsovereignty.ch\/wp-content\/uploads\/2020\/07\/IMG_0559-2048x1536.jpeg 2048w, https:\/\/www.intellectualsovereignty.ch\/wp-content\/uploads\/2020\/07\/IMG_0559-1870x1403.jpeg 1870w, https:\/\/www.intellectualsovereignty.ch\/wp-content\/uploads\/2020\/07\/IMG_0559-400x300.jpeg 400w, https:\/\/www.intellectualsovereignty.ch\/wp-content\/uploads\/2020\/07\/IMG_0559-800x600.jpeg 800w\" sizes=\"auto, (max-width: 1024px) 100vw, 1024px\" \/><\/figure><\/li><li class=\"blocks-gallery-item\"><figure><img loading=\"lazy\" decoding=\"async\" width=\"1024\" height=\"768\" data-attachment-id=\"660\" data-permalink=\"https:\/\/www.intellectualsovereignty.ch\/index.php\/2020\/07\/12\/hike-26-interlaken-saxeten-rengglipass-spiez\/img_0560\/\" data-orig-file=\"https:\/\/www.intellectualsovereignty.ch\/wp-content\/uploads\/2020\/07\/IMG_0560-scaled.jpeg\" data-orig-size=\"2560,1920\" data-comments-opened=\"0\" data-image-title=\"IMG_0560\" data-image-description=\"\" data-image-caption=\"\" data-large-file=\"https:\/\/www.intellectualsovereignty.ch\/wp-content\/uploads\/2020\/07\/IMG_0560-1024x768.jpeg\" src=\"https:\/\/www.intellectualsovereignty.ch\/wp-content\/uploads\/2020\/07\/IMG_0560-1024x768.jpeg\" alt=\"\" data-id=\"660\" data-full-url=\"https:\/\/www.intellectualsovereignty.ch\/wp-content\/uploads\/2020\/07\/IMG_0560-scaled.jpeg\" data-link=\"https:\/\/www.intellectualsovereignty.ch\/?attachment_id=660\" class=\"wp-image-660\" srcset=\"https:\/\/www.intellectualsovereignty.ch\/wp-content\/uploads\/2020\/07\/IMG_0560-1024x768.jpeg 1024w, https:\/\/www.intellectualsovereignty.ch\/wp-content\/uploads\/2020\/07\/IMG_0560-300x225.jpeg 300w, https:\/\/www.intellectualsovereignty.ch\/wp-content\/uploads\/2020\/07\/IMG_0560-768x576.jpeg 768w, https:\/\/www.intellectualsovereignty.ch\/wp-content\/uploads\/2020\/07\/IMG_0560-1536x1152.jpeg 1536w, https:\/\/www.intellectualsovereignty.ch\/wp-content\/uploads\/2020\/07\/IMG_0560-2048x1536.jpeg 2048w, https:\/\/www.intellectualsovereignty.ch\/wp-content\/uploads\/2020\/07\/IMG_0560-1870x1403.jpeg 1870w, https:\/\/www.intellectualsovereignty.ch\/wp-content\/uploads\/2020\/07\/IMG_0560-400x300.jpeg 400w, https:\/\/www.intellectualsovereignty.ch\/wp-content\/uploads\/2020\/07\/IMG_0560-800x600.jpeg 800w\" sizes=\"auto, (max-width: 1024px) 100vw, 1024px\" \/><\/figure><\/li><li class=\"blocks-gallery-item\"><figure><img loading=\"lazy\" decoding=\"async\" width=\"1024\" height=\"410\" data-attachment-id=\"661\" data-permalink=\"https:\/\/www.intellectualsovereignty.ch\/index.php\/2020\/07\/12\/hike-26-interlaken-saxeten-rengglipass-spiez\/img_0561\/\" data-orig-file=\"https:\/\/www.intellectualsovereignty.ch\/wp-content\/uploads\/2020\/07\/IMG_0561-scaled.jpeg\" data-orig-size=\"2560,1025\" data-comments-opened=\"0\" data-image-title=\"IMG_0561\" data-image-description=\"\" data-image-caption=\"\" data-large-file=\"https:\/\/www.intellectualsovereignty.ch\/wp-content\/uploads\/2020\/07\/IMG_0561-1024x410.jpeg\" src=\"https:\/\/www.intellectualsovereignty.ch\/wp-content\/uploads\/2020\/07\/IMG_0561-1024x410.jpeg\" alt=\"\" data-id=\"661\" data-full-url=\"https:\/\/www.intellectualsovereignty.ch\/wp-content\/uploads\/2020\/07\/IMG_0561-scaled.jpeg\" data-link=\"https:\/\/www.intellectualsovereignty.ch\/?attachment_id=661\" class=\"wp-image-661\" srcset=\"https:\/\/www.intellectualsovereignty.ch\/wp-content\/uploads\/2020\/07\/IMG_0561-1024x410.jpeg 1024w, https:\/\/www.intellectualsovereignty.ch\/wp-content\/uploads\/2020\/07\/IMG_0561-300x120.jpeg 300w, https:\/\/www.intellectualsovereignty.ch\/wp-content\/uploads\/2020\/07\/IMG_0561-768x308.jpeg 768w, https:\/\/www.intellectualsovereignty.ch\/wp-content\/uploads\/2020\/07\/IMG_0561-1536x615.jpeg 1536w, https:\/\/www.intellectualsovereignty.ch\/wp-content\/uploads\/2020\/07\/IMG_0561-2048x820.jpeg 2048w, https:\/\/www.intellectualsovereignty.ch\/wp-content\/uploads\/2020\/07\/IMG_0561-1870x749.jpeg 1870w, https:\/\/www.intellectualsovereignty.ch\/wp-content\/uploads\/2020\/07\/IMG_0561-400x160.jpeg 400w, https:\/\/www.intellectualsovereignty.ch\/wp-content\/uploads\/2020\/07\/IMG_0561-800x320.jpeg 800w\" sizes=\"auto, (max-width: 1024px) 100vw, 1024px\" \/><\/figure><\/li><li class=\"blocks-gallery-item\"><figure><img loading=\"lazy\" decoding=\"async\" width=\"1024\" height=\"489\" data-attachment-id=\"662\" data-permalink=\"https:\/\/www.intellectualsovereignty.ch\/index.php\/2020\/07\/12\/hike-26-interlaken-saxeten-rengglipass-spiez\/img_0562\/\" data-orig-file=\"https:\/\/www.intellectualsovereignty.ch\/wp-content\/uploads\/2020\/07\/IMG_0562-scaled.jpeg\" data-orig-size=\"2560,1223\" data-comments-opened=\"0\" data-image-title=\"IMG_0562\" data-image-description=\"\" data-image-caption=\"\" data-large-file=\"https:\/\/www.intellectualsovereignty.ch\/wp-content\/uploads\/2020\/07\/IMG_0562-1024x489.jpeg\" src=\"https:\/\/www.intellectualsovereignty.ch\/wp-content\/uploads\/2020\/07\/IMG_0562-1024x489.jpeg\" alt=\"\" data-id=\"662\" data-full-url=\"https:\/\/www.intellectualsovereignty.ch\/wp-content\/uploads\/2020\/07\/IMG_0562-scaled.jpeg\" data-link=\"https:\/\/www.intellectualsovereignty.ch\/?attachment_id=662\" class=\"wp-image-662\" srcset=\"https:\/\/www.intellectualsovereignty.ch\/wp-content\/uploads\/2020\/07\/IMG_0562-1024x489.jpeg 1024w, https:\/\/www.intellectualsovereignty.ch\/wp-content\/uploads\/2020\/07\/IMG_0562-300x143.jpeg 300w, https:\/\/www.intellectualsovereignty.ch\/wp-content\/uploads\/2020\/07\/IMG_0562-768x367.jpeg 768w, https:\/\/www.intellectualsovereignty.ch\/wp-content\/uploads\/2020\/07\/IMG_0562-1536x734.jpeg 1536w, https:\/\/www.intellectualsovereignty.ch\/wp-content\/uploads\/2020\/07\/IMG_0562-2048x978.jpeg 2048w, https:\/\/www.intellectualsovereignty.ch\/wp-content\/uploads\/2020\/07\/IMG_0562-1870x893.jpeg 1870w, https:\/\/www.intellectualsovereignty.ch\/wp-content\/uploads\/2020\/07\/IMG_0562-400x191.jpeg 400w, https:\/\/www.intellectualsovereignty.ch\/wp-content\/uploads\/2020\/07\/IMG_0562-800x382.jpeg 800w\" sizes=\"auto, (max-width: 1024px) 100vw, 1024px\" \/><\/figure><\/li><li class=\"blocks-gallery-item\"><figure><img loading=\"lazy\" decoding=\"async\" width=\"1024\" height=\"768\" data-attachment-id=\"663\" data-permalink=\"https:\/\/www.intellectualsovereignty.ch\/index.php\/2020\/07\/12\/hike-26-interlaken-saxeten-rengglipass-spiez\/img_0563\/\" data-orig-file=\"https:\/\/www.intellectualsovereignty.ch\/wp-content\/uploads\/2020\/07\/IMG_0563-scaled.jpeg\" data-orig-size=\"2560,1920\" data-comments-opened=\"0\" data-image-title=\"IMG_0563\" data-image-description=\"\" data-image-caption=\"\" data-large-file=\"https:\/\/www.intellectualsovereignty.ch\/wp-content\/uploads\/2020\/07\/IMG_0563-1024x768.jpeg\" src=\"https:\/\/www.intellectualsovereignty.ch\/wp-content\/uploads\/2020\/07\/IMG_0563-1024x768.jpeg\" alt=\"\" data-id=\"663\" data-full-url=\"https:\/\/www.intellectualsovereignty.ch\/wp-content\/uploads\/2020\/07\/IMG_0563-scaled.jpeg\" data-link=\"https:\/\/www.intellectualsovereignty.ch\/?attachment_id=663\" class=\"wp-image-663\" srcset=\"https:\/\/www.intellectualsovereignty.ch\/wp-content\/uploads\/2020\/07\/IMG_0563-1024x768.jpeg 1024w, https:\/\/www.intellectualsovereignty.ch\/wp-content\/uploads\/2020\/07\/IMG_0563-300x225.jpeg 300w, https:\/\/www.intellectualsovereignty.ch\/wp-content\/uploads\/2020\/07\/IMG_0563-768x576.jpeg 768w, https:\/\/www.intellectualsovereignty.ch\/wp-content\/uploads\/2020\/07\/IMG_0563-1536x1152.jpeg 1536w, https:\/\/www.intellectualsovereignty.ch\/wp-content\/uploads\/2020\/07\/IMG_0563-2048x1536.jpeg 2048w, https:\/\/www.intellectualsovereignty.ch\/wp-content\/uploads\/2020\/07\/IMG_0563-1870x1403.jpeg 1870w, https:\/\/www.intellectualsovereignty.ch\/wp-content\/uploads\/2020\/07\/IMG_0563-400x300.jpeg 400w, https:\/\/www.intellectualsovereignty.ch\/wp-content\/uploads\/2020\/07\/IMG_0563-800x600.jpeg 800w\" sizes=\"auto, (max-width: 1024px) 100vw, 1024px\" \/><\/figure><\/li><li class=\"blocks-gallery-item\"><figure><img loading=\"lazy\" decoding=\"async\" width=\"1024\" height=\"768\" data-attachment-id=\"664\" data-permalink=\"https:\/\/www.intellectualsovereignty.ch\/index.php\/2020\/07\/12\/hike-26-interlaken-saxeten-rengglipass-spiez\/img_0564\/\" data-orig-file=\"https:\/\/www.intellectualsovereignty.ch\/wp-content\/uploads\/2020\/07\/IMG_0564-scaled.jpeg\" data-orig-size=\"2560,1920\" data-comments-opened=\"0\" data-image-title=\"IMG_0564\" data-image-description=\"\" data-image-caption=\"\" data-large-file=\"https:\/\/www.intellectualsovereignty.ch\/wp-content\/uploads\/2020\/07\/IMG_0564-1024x768.jpeg\" src=\"https:\/\/www.intellectualsovereignty.ch\/wp-content\/uploads\/2020\/07\/IMG_0564-1024x768.jpeg\" alt=\"\" data-id=\"664\" data-full-url=\"https:\/\/www.intellectualsovereignty.ch\/wp-content\/uploads\/2020\/07\/IMG_0564-scaled.jpeg\" data-link=\"https:\/\/www.intellectualsovereignty.ch\/?attachment_id=664\" class=\"wp-image-664\" srcset=\"https:\/\/www.intellectualsovereignty.ch\/wp-content\/uploads\/2020\/07\/IMG_0564-1024x768.jpeg 1024w, https:\/\/www.intellectualsovereignty.ch\/wp-content\/uploads\/2020\/07\/IMG_0564-300x225.jpeg 300w, https:\/\/www.intellectualsovereignty.ch\/wp-content\/uploads\/2020\/07\/IMG_0564-768x576.jpeg 768w, https:\/\/www.intellectualsovereignty.ch\/wp-content\/uploads\/2020\/07\/IMG_0564-1536x1152.jpeg 1536w, https:\/\/www.intellectualsovereignty.ch\/wp-content\/uploads\/2020\/07\/IMG_0564-2048x1536.jpeg 2048w, https:\/\/www.intellectualsovereignty.ch\/wp-content\/uploads\/2020\/07\/IMG_0564-1870x1403.jpeg 1870w, https:\/\/www.intellectualsovereignty.ch\/wp-content\/uploads\/2020\/07\/IMG_0564-400x300.jpeg 400w, https:\/\/www.intellectualsovereignty.ch\/wp-content\/uploads\/2020\/07\/IMG_0564-800x600.jpeg 800w\" sizes=\"auto, (max-width: 1024px) 100vw, 1024px\" \/><\/figure><\/li><li class=\"blocks-gallery-item\"><figure><img loading=\"lazy\" decoding=\"async\" width=\"1024\" height=\"768\" data-attachment-id=\"665\" data-permalink=\"https:\/\/www.intellectualsovereignty.ch\/index.php\/2020\/07\/12\/hike-26-interlaken-saxeten-rengglipass-spiez\/img_0565\/\" data-orig-file=\"https:\/\/www.intellectualsovereignty.ch\/wp-content\/uploads\/2020\/07\/IMG_0565-scaled.jpeg\" data-orig-size=\"2560,1920\" data-comments-opened=\"0\" data-image-title=\"IMG_0565\" data-image-description=\"\" data-image-caption=\"\" data-large-file=\"https:\/\/www.intellectualsovereignty.ch\/wp-content\/uploads\/2020\/07\/IMG_0565-1024x768.jpeg\" src=\"https:\/\/www.intellectualsovereignty.ch\/wp-content\/uploads\/2020\/07\/IMG_0565-1024x768.jpeg\" alt=\"\" data-id=\"665\" data-full-url=\"https:\/\/www.intellectualsovereignty.ch\/wp-content\/uploads\/2020\/07\/IMG_0565-scaled.jpeg\" data-link=\"https:\/\/www.intellectualsovereignty.ch\/?attachment_id=665\" class=\"wp-image-665\" srcset=\"https:\/\/www.intellectualsovereignty.ch\/wp-content\/uploads\/2020\/07\/IMG_0565-1024x768.jpeg 1024w, https:\/\/www.intellectualsovereignty.ch\/wp-content\/uploads\/2020\/07\/IMG_0565-300x225.jpeg 300w, https:\/\/www.intellectualsovereignty.ch\/wp-content\/uploads\/2020\/07\/IMG_0565-768x576.jpeg 768w, https:\/\/www.intellectualsovereignty.ch\/wp-content\/uploads\/2020\/07\/IMG_0565-1536x1152.jpeg 1536w, https:\/\/www.intellectualsovereignty.ch\/wp-content\/uploads\/2020\/07\/IMG_0565-2048x1536.jpeg 2048w, https:\/\/www.intellectualsovereignty.ch\/wp-content\/uploads\/2020\/07\/IMG_0565-1870x1403.jpeg 1870w, https:\/\/www.intellectualsovereignty.ch\/wp-content\/uploads\/2020\/07\/IMG_0565-400x300.jpeg 400w, https:\/\/www.intellectualsovereignty.ch\/wp-content\/uploads\/2020\/07\/IMG_0565-800x600.jpeg 800w\" sizes=\"auto, (max-width: 1024px) 100vw, 1024px\" \/><\/figure><\/li><li class=\"blocks-gallery-item\"><figure><img loading=\"lazy\" decoding=\"async\" width=\"1024\" height=\"768\" data-attachment-id=\"666\" data-permalink=\"https:\/\/www.intellectualsovereignty.ch\/index.php\/2020\/07\/12\/hike-26-interlaken-saxeten-rengglipass-spiez\/img_0566\/\" data-orig-file=\"https:\/\/www.intellectualsovereignty.ch\/wp-content\/uploads\/2020\/07\/IMG_0566-scaled.jpeg\" data-orig-size=\"2560,1920\" data-comments-opened=\"0\" data-image-title=\"IMG_0566\" data-image-description=\"\" data-image-caption=\"\" data-large-file=\"https:\/\/www.intellectualsovereignty.ch\/wp-content\/uploads\/2020\/07\/IMG_0566-1024x768.jpeg\" src=\"https:\/\/www.intellectualsovereignty.ch\/wp-content\/uploads\/2020\/07\/IMG_0566-1024x768.jpeg\" alt=\"\" data-id=\"666\" data-full-url=\"https:\/\/www.intellectualsovereignty.ch\/wp-content\/uploads\/2020\/07\/IMG_0566-scaled.jpeg\" data-link=\"https:\/\/www.intellectualsovereignty.ch\/?attachment_id=666\" class=\"wp-image-666\" srcset=\"https:\/\/www.intellectualsovereignty.ch\/wp-content\/uploads\/2020\/07\/IMG_0566-1024x768.jpeg 1024w, https:\/\/www.intellectualsovereignty.ch\/wp-content\/uploads\/2020\/07\/IMG_0566-300x225.jpeg 300w, https:\/\/www.intellectualsovereignty.ch\/wp-content\/uploads\/2020\/07\/IMG_0566-768x576.jpeg 768w, https:\/\/www.intellectualsovereignty.ch\/wp-content\/uploads\/2020\/07\/IMG_0566-1536x1152.jpeg 1536w, https:\/\/www.intellectualsovereignty.ch\/wp-content\/uploads\/2020\/07\/IMG_0566-2048x1536.jpeg 2048w, https:\/\/www.intellectualsovereignty.ch\/wp-content\/uploads\/2020\/07\/IMG_0566-1870x1403.jpeg 1870w, https:\/\/www.intellectualsovereignty.ch\/wp-content\/uploads\/2020\/07\/IMG_0566-400x300.jpeg 400w, https:\/\/www.intellectualsovereignty.ch\/wp-content\/uploads\/2020\/07\/IMG_0566-800x600.jpeg 800w\" sizes=\"auto, (max-width: 1024px) 100vw, 1024px\" \/><\/figure><\/li><\/ul><\/figure>\n\n\n\n<p class=\"wp-block-paragraph\">Von da weg ist die Schwalmere fast immerzu dominierend im Blickfeld, zuerst geht es im Zickzack runter, dann nach Saxeten stetig steigend die gr\u00fcnen und sumpfigen Wiesen wieder hoch. An mehr als einer Stelle ist der Wanderweg zum Bachlauf geworden (oder umgekehrt), so stark hat es in den vergangenen 24h geregnet. Ein feucht-fr\u00f6hliches Unterfangen bisher &#8211; und es sollte mich bis zur Postauto-Station Suld begleiten. Der Rengglipass belohnt mit einer weiten Aussicht zur\u00fcck zum Brienzersee.<\/p>\n\n\n\n<figure class=\"wp-block-gallery columns-3 is-cropped wp-block-gallery-2 is-layout-flex wp-block-gallery-is-layout-flex\"><ul class=\"blocks-gallery-grid\"><li class=\"blocks-gallery-item\"><figure><img loading=\"lazy\" decoding=\"async\" width=\"768\" height=\"1024\" data-attachment-id=\"667\" data-permalink=\"https:\/\/www.intellectualsovereignty.ch\/index.php\/2020\/07\/12\/hike-26-interlaken-saxeten-rengglipass-spiez\/img_0567\/\" data-orig-file=\"https:\/\/www.intellectualsovereignty.ch\/wp-content\/uploads\/2020\/07\/IMG_0567-scaled.jpeg\" data-orig-size=\"1920,2560\" data-comments-opened=\"0\" data-image-title=\"IMG_0567\" data-image-description=\"\" data-image-caption=\"\" data-large-file=\"https:\/\/www.intellectualsovereignty.ch\/wp-content\/uploads\/2020\/07\/IMG_0567-768x1024.jpeg\" src=\"https:\/\/www.intellectualsovereignty.ch\/wp-content\/uploads\/2020\/07\/IMG_0567-768x1024.jpeg\" alt=\"\" data-id=\"667\" data-full-url=\"https:\/\/www.intellectualsovereignty.ch\/wp-content\/uploads\/2020\/07\/IMG_0567-scaled.jpeg\" data-link=\"https:\/\/www.intellectualsovereignty.ch\/?attachment_id=667\" class=\"wp-image-667\" srcset=\"https:\/\/www.intellectualsovereignty.ch\/wp-content\/uploads\/2020\/07\/IMG_0567-768x1024.jpeg 768w, https:\/\/www.intellectualsovereignty.ch\/wp-content\/uploads\/2020\/07\/IMG_0567-225x300.jpeg 225w, https:\/\/www.intellectualsovereignty.ch\/wp-content\/uploads\/2020\/07\/IMG_0567-1152x1536.jpeg 1152w, https:\/\/www.intellectualsovereignty.ch\/wp-content\/uploads\/2020\/07\/IMG_0567-1536x2048.jpeg 1536w, https:\/\/www.intellectualsovereignty.ch\/wp-content\/uploads\/2020\/07\/IMG_0567-1870x2493.jpeg 1870w, https:\/\/www.intellectualsovereignty.ch\/wp-content\/uploads\/2020\/07\/IMG_0567-400x533.jpeg 400w, https:\/\/www.intellectualsovereignty.ch\/wp-content\/uploads\/2020\/07\/IMG_0567-800x1067.jpeg 800w, https:\/\/www.intellectualsovereignty.ch\/wp-content\/uploads\/2020\/07\/IMG_0567-scaled.jpeg 1920w\" sizes=\"auto, (max-width: 768px) 100vw, 768px\" \/><\/figure><\/li><li class=\"blocks-gallery-item\"><figure><img loading=\"lazy\" decoding=\"async\" width=\"768\" height=\"1024\" data-attachment-id=\"668\" data-permalink=\"https:\/\/www.intellectualsovereignty.ch\/index.php\/2020\/07\/12\/hike-26-interlaken-saxeten-rengglipass-spiez\/img_0568\/\" data-orig-file=\"https:\/\/www.intellectualsovereignty.ch\/wp-content\/uploads\/2020\/07\/IMG_0568-scaled.jpeg\" data-orig-size=\"1920,2560\" data-comments-opened=\"0\" data-image-title=\"IMG_0568\" data-image-description=\"\" data-image-caption=\"\" data-large-file=\"https:\/\/www.intellectualsovereignty.ch\/wp-content\/uploads\/2020\/07\/IMG_0568-768x1024.jpeg\" src=\"https:\/\/www.intellectualsovereignty.ch\/wp-content\/uploads\/2020\/07\/IMG_0568-768x1024.jpeg\" alt=\"\" data-id=\"668\" data-full-url=\"https:\/\/www.intellectualsovereignty.ch\/wp-content\/uploads\/2020\/07\/IMG_0568-scaled.jpeg\" data-link=\"https:\/\/www.intellectualsovereignty.ch\/?attachment_id=668\" class=\"wp-image-668\" srcset=\"https:\/\/www.intellectualsovereignty.ch\/wp-content\/uploads\/2020\/07\/IMG_0568-768x1024.jpeg 768w, https:\/\/www.intellectualsovereignty.ch\/wp-content\/uploads\/2020\/07\/IMG_0568-225x300.jpeg 225w, https:\/\/www.intellectualsovereignty.ch\/wp-content\/uploads\/2020\/07\/IMG_0568-1152x1536.jpeg 1152w, https:\/\/www.intellectualsovereignty.ch\/wp-content\/uploads\/2020\/07\/IMG_0568-1536x2048.jpeg 1536w, https:\/\/www.intellectualsovereignty.ch\/wp-content\/uploads\/2020\/07\/IMG_0568-1870x2493.jpeg 1870w, https:\/\/www.intellectualsovereignty.ch\/wp-content\/uploads\/2020\/07\/IMG_0568-400x533.jpeg 400w, https:\/\/www.intellectualsovereignty.ch\/wp-content\/uploads\/2020\/07\/IMG_0568-800x1067.jpeg 800w, https:\/\/www.intellectualsovereignty.ch\/wp-content\/uploads\/2020\/07\/IMG_0568-scaled.jpeg 1920w\" sizes=\"auto, (max-width: 768px) 100vw, 768px\" \/><\/figure><\/li><li class=\"blocks-gallery-item\"><figure><img loading=\"lazy\" decoding=\"async\" width=\"1024\" height=\"768\" data-attachment-id=\"669\" data-permalink=\"https:\/\/www.intellectualsovereignty.ch\/index.php\/2020\/07\/12\/hike-26-interlaken-saxeten-rengglipass-spiez\/img_0569\/\" data-orig-file=\"https:\/\/www.intellectualsovereignty.ch\/wp-content\/uploads\/2020\/07\/IMG_0569-scaled.jpeg\" data-orig-size=\"2560,1920\" data-comments-opened=\"0\" data-image-title=\"IMG_0569\" data-image-description=\"\" data-image-caption=\"\" data-large-file=\"https:\/\/www.intellectualsovereignty.ch\/wp-content\/uploads\/2020\/07\/IMG_0569-1024x768.jpeg\" src=\"https:\/\/www.intellectualsovereignty.ch\/wp-content\/uploads\/2020\/07\/IMG_0569-1024x768.jpeg\" alt=\"\" data-id=\"669\" data-full-url=\"https:\/\/www.intellectualsovereignty.ch\/wp-content\/uploads\/2020\/07\/IMG_0569-scaled.jpeg\" data-link=\"https:\/\/www.intellectualsovereignty.ch\/?attachment_id=669\" class=\"wp-image-669\" srcset=\"https:\/\/www.intellectualsovereignty.ch\/wp-content\/uploads\/2020\/07\/IMG_0569-1024x768.jpeg 1024w, https:\/\/www.intellectualsovereignty.ch\/wp-content\/uploads\/2020\/07\/IMG_0569-300x225.jpeg 300w, https:\/\/www.intellectualsovereignty.ch\/wp-content\/uploads\/2020\/07\/IMG_0569-768x576.jpeg 768w, https:\/\/www.intellectualsovereignty.ch\/wp-content\/uploads\/2020\/07\/IMG_0569-1536x1152.jpeg 1536w, https:\/\/www.intellectualsovereignty.ch\/wp-content\/uploads\/2020\/07\/IMG_0569-2048x1536.jpeg 2048w, https:\/\/www.intellectualsovereignty.ch\/wp-content\/uploads\/2020\/07\/IMG_0569-1870x1403.jpeg 1870w, https:\/\/www.intellectualsovereignty.ch\/wp-content\/uploads\/2020\/07\/IMG_0569-400x300.jpeg 400w, https:\/\/www.intellectualsovereignty.ch\/wp-content\/uploads\/2020\/07\/IMG_0569-800x600.jpeg 800w\" sizes=\"auto, (max-width: 1024px) 100vw, 1024px\" \/><\/figure><\/li><li class=\"blocks-gallery-item\"><figure><img loading=\"lazy\" decoding=\"async\" width=\"1024\" height=\"383\" data-attachment-id=\"670\" data-permalink=\"https:\/\/www.intellectualsovereignty.ch\/index.php\/2020\/07\/12\/hike-26-interlaken-saxeten-rengglipass-spiez\/img_0570\/\" data-orig-file=\"https:\/\/www.intellectualsovereignty.ch\/wp-content\/uploads\/2020\/07\/IMG_0570-scaled.jpeg\" data-orig-size=\"2560,959\" data-comments-opened=\"0\" data-image-title=\"IMG_0570\" data-image-description=\"\" data-image-caption=\"\" data-large-file=\"https:\/\/www.intellectualsovereignty.ch\/wp-content\/uploads\/2020\/07\/IMG_0570-1024x383.jpeg\" src=\"https:\/\/www.intellectualsovereignty.ch\/wp-content\/uploads\/2020\/07\/IMG_0570-1024x383.jpeg\" alt=\"\" data-id=\"670\" data-full-url=\"https:\/\/www.intellectualsovereignty.ch\/wp-content\/uploads\/2020\/07\/IMG_0570-scaled.jpeg\" data-link=\"https:\/\/www.intellectualsovereignty.ch\/?attachment_id=670\" class=\"wp-image-670\" srcset=\"https:\/\/www.intellectualsovereignty.ch\/wp-content\/uploads\/2020\/07\/IMG_0570-1024x383.jpeg 1024w, https:\/\/www.intellectualsovereignty.ch\/wp-content\/uploads\/2020\/07\/IMG_0570-300x112.jpeg 300w, https:\/\/www.intellectualsovereignty.ch\/wp-content\/uploads\/2020\/07\/IMG_0570-768x288.jpeg 768w, https:\/\/www.intellectualsovereignty.ch\/wp-content\/uploads\/2020\/07\/IMG_0570-1536x575.jpeg 1536w, https:\/\/www.intellectualsovereignty.ch\/wp-content\/uploads\/2020\/07\/IMG_0570-2048x767.jpeg 2048w, https:\/\/www.intellectualsovereignty.ch\/wp-content\/uploads\/2020\/07\/IMG_0570-1870x700.jpeg 1870w, https:\/\/www.intellectualsovereignty.ch\/wp-content\/uploads\/2020\/07\/IMG_0570-400x150.jpeg 400w, https:\/\/www.intellectualsovereignty.ch\/wp-content\/uploads\/2020\/07\/IMG_0570-800x300.jpeg 800w\" sizes=\"auto, (max-width: 1024px) 100vw, 1024px\" \/><\/figure><\/li><li class=\"blocks-gallery-item\"><figure><img loading=\"lazy\" decoding=\"async\" width=\"1024\" height=\"768\" data-attachment-id=\"672\" data-permalink=\"https:\/\/www.intellectualsovereignty.ch\/index.php\/2020\/07\/12\/hike-26-interlaken-saxeten-rengglipass-spiez\/img_0571\/\" data-orig-file=\"https:\/\/www.intellectualsovereignty.ch\/wp-content\/uploads\/2020\/07\/IMG_0571-scaled.jpeg\" data-orig-size=\"2560,1920\" data-comments-opened=\"0\" data-image-title=\"IMG_0571\" data-image-description=\"\" data-image-caption=\"\" data-large-file=\"https:\/\/www.intellectualsovereignty.ch\/wp-content\/uploads\/2020\/07\/IMG_0571-1024x768.jpeg\" src=\"https:\/\/www.intellectualsovereignty.ch\/wp-content\/uploads\/2020\/07\/IMG_0571-1024x768.jpeg\" alt=\"\" data-id=\"672\" data-full-url=\"https:\/\/www.intellectualsovereignty.ch\/wp-content\/uploads\/2020\/07\/IMG_0571-scaled.jpeg\" data-link=\"https:\/\/www.intellectualsovereignty.ch\/?attachment_id=672\" class=\"wp-image-672\" srcset=\"https:\/\/www.intellectualsovereignty.ch\/wp-content\/uploads\/2020\/07\/IMG_0571-1024x768.jpeg 1024w, https:\/\/www.intellectualsovereignty.ch\/wp-content\/uploads\/2020\/07\/IMG_0571-300x225.jpeg 300w, https:\/\/www.intellectualsovereignty.ch\/wp-content\/uploads\/2020\/07\/IMG_0571-768x576.jpeg 768w, https:\/\/www.intellectualsovereignty.ch\/wp-content\/uploads\/2020\/07\/IMG_0571-1536x1152.jpeg 1536w, https:\/\/www.intellectualsovereignty.ch\/wp-content\/uploads\/2020\/07\/IMG_0571-2048x1536.jpeg 2048w, https:\/\/www.intellectualsovereignty.ch\/wp-content\/uploads\/2020\/07\/IMG_0571-1870x1403.jpeg 1870w, https:\/\/www.intellectualsovereignty.ch\/wp-content\/uploads\/2020\/07\/IMG_0571-400x300.jpeg 400w, https:\/\/www.intellectualsovereignty.ch\/wp-content\/uploads\/2020\/07\/IMG_0571-800x600.jpeg 800w\" sizes=\"auto, (max-width: 1024px) 100vw, 1024px\" \/><\/figure><\/li><li class=\"blocks-gallery-item\"><figure><img loading=\"lazy\" decoding=\"async\" width=\"1024\" height=\"768\" data-attachment-id=\"673\" data-permalink=\"https:\/\/www.intellectualsovereignty.ch\/index.php\/2020\/07\/12\/hike-26-interlaken-saxeten-rengglipass-spiez\/img_0572\/\" data-orig-file=\"https:\/\/www.intellectualsovereignty.ch\/wp-content\/uploads\/2020\/07\/IMG_0572-scaled.jpeg\" data-orig-size=\"2560,1920\" data-comments-opened=\"0\" data-image-title=\"IMG_0572\" data-image-description=\"\" data-image-caption=\"\" data-large-file=\"https:\/\/www.intellectualsovereignty.ch\/wp-content\/uploads\/2020\/07\/IMG_0572-1024x768.jpeg\" src=\"https:\/\/www.intellectualsovereignty.ch\/wp-content\/uploads\/2020\/07\/IMG_0572-1024x768.jpeg\" alt=\"\" data-id=\"673\" data-full-url=\"https:\/\/www.intellectualsovereignty.ch\/wp-content\/uploads\/2020\/07\/IMG_0572-scaled.jpeg\" data-link=\"https:\/\/www.intellectualsovereignty.ch\/?attachment_id=673\" class=\"wp-image-673\" srcset=\"https:\/\/www.intellectualsovereignty.ch\/wp-content\/uploads\/2020\/07\/IMG_0572-1024x768.jpeg 1024w, https:\/\/www.intellectualsovereignty.ch\/wp-content\/uploads\/2020\/07\/IMG_0572-300x225.jpeg 300w, https:\/\/www.intellectualsovereignty.ch\/wp-content\/uploads\/2020\/07\/IMG_0572-768x576.jpeg 768w, https:\/\/www.intellectualsovereignty.ch\/wp-content\/uploads\/2020\/07\/IMG_0572-1536x1152.jpeg 1536w, https:\/\/www.intellectualsovereignty.ch\/wp-content\/uploads\/2020\/07\/IMG_0572-2048x1536.jpeg 2048w, https:\/\/www.intellectualsovereignty.ch\/wp-content\/uploads\/2020\/07\/IMG_0572-1870x1403.jpeg 1870w, https:\/\/www.intellectualsovereignty.ch\/wp-content\/uploads\/2020\/07\/IMG_0572-400x300.jpeg 400w, https:\/\/www.intellectualsovereignty.ch\/wp-content\/uploads\/2020\/07\/IMG_0572-800x600.jpeg 800w\" sizes=\"auto, (max-width: 1024px) 100vw, 1024px\" \/><\/figure><\/li><li class=\"blocks-gallery-item\"><figure><img loading=\"lazy\" decoding=\"async\" width=\"1024\" height=\"768\" data-attachment-id=\"674\" data-permalink=\"https:\/\/www.intellectualsovereignty.ch\/index.php\/2020\/07\/12\/hike-26-interlaken-saxeten-rengglipass-spiez\/img_0573\/\" data-orig-file=\"https:\/\/www.intellectualsovereignty.ch\/wp-content\/uploads\/2020\/07\/IMG_0573-scaled.jpeg\" data-orig-size=\"2560,1920\" data-comments-opened=\"0\" data-image-title=\"IMG_0573\" data-image-description=\"\" data-image-caption=\"\" data-large-file=\"https:\/\/www.intellectualsovereignty.ch\/wp-content\/uploads\/2020\/07\/IMG_0573-1024x768.jpeg\" src=\"https:\/\/www.intellectualsovereignty.ch\/wp-content\/uploads\/2020\/07\/IMG_0573-1024x768.jpeg\" alt=\"\" data-id=\"674\" data-full-url=\"https:\/\/www.intellectualsovereignty.ch\/wp-content\/uploads\/2020\/07\/IMG_0573-scaled.jpeg\" data-link=\"https:\/\/www.intellectualsovereignty.ch\/?attachment_id=674\" class=\"wp-image-674\" srcset=\"https:\/\/www.intellectualsovereignty.ch\/wp-content\/uploads\/2020\/07\/IMG_0573-1024x768.jpeg 1024w, https:\/\/www.intellectualsovereignty.ch\/wp-content\/uploads\/2020\/07\/IMG_0573-300x225.jpeg 300w, https:\/\/www.intellectualsovereignty.ch\/wp-content\/uploads\/2020\/07\/IMG_0573-768x576.jpeg 768w, https:\/\/www.intellectualsovereignty.ch\/wp-content\/uploads\/2020\/07\/IMG_0573-1536x1152.jpeg 1536w, https:\/\/www.intellectualsovereignty.ch\/wp-content\/uploads\/2020\/07\/IMG_0573-2048x1536.jpeg 2048w, https:\/\/www.intellectualsovereignty.ch\/wp-content\/uploads\/2020\/07\/IMG_0573-1870x1403.jpeg 1870w, https:\/\/www.intellectualsovereignty.ch\/wp-content\/uploads\/2020\/07\/IMG_0573-400x300.jpeg 400w, https:\/\/www.intellectualsovereignty.ch\/wp-content\/uploads\/2020\/07\/IMG_0573-800x600.jpeg 800w\" sizes=\"auto, (max-width: 1024px) 100vw, 1024px\" \/><\/figure><\/li><li class=\"blocks-gallery-item\"><figure><img loading=\"lazy\" decoding=\"async\" width=\"1024\" height=\"768\" data-attachment-id=\"675\" data-permalink=\"https:\/\/www.intellectualsovereignty.ch\/index.php\/2020\/07\/12\/hike-26-interlaken-saxeten-rengglipass-spiez\/img_0574\/\" data-orig-file=\"https:\/\/www.intellectualsovereignty.ch\/wp-content\/uploads\/2020\/07\/IMG_0574-scaled.jpeg\" data-orig-size=\"2560,1920\" data-comments-opened=\"0\" data-image-title=\"IMG_0574\" data-image-description=\"\" data-image-caption=\"\" data-large-file=\"https:\/\/www.intellectualsovereignty.ch\/wp-content\/uploads\/2020\/07\/IMG_0574-1024x768.jpeg\" src=\"https:\/\/www.intellectualsovereignty.ch\/wp-content\/uploads\/2020\/07\/IMG_0574-1024x768.jpeg\" alt=\"\" data-id=\"675\" data-full-url=\"https:\/\/www.intellectualsovereignty.ch\/wp-content\/uploads\/2020\/07\/IMG_0574-scaled.jpeg\" data-link=\"https:\/\/www.intellectualsovereignty.ch\/?attachment_id=675\" class=\"wp-image-675\" srcset=\"https:\/\/www.intellectualsovereignty.ch\/wp-content\/uploads\/2020\/07\/IMG_0574-1024x768.jpeg 1024w, https:\/\/www.intellectualsovereignty.ch\/wp-content\/uploads\/2020\/07\/IMG_0574-300x225.jpeg 300w, https:\/\/www.intellectualsovereignty.ch\/wp-content\/uploads\/2020\/07\/IMG_0574-768x576.jpeg 768w, https:\/\/www.intellectualsovereignty.ch\/wp-content\/uploads\/2020\/07\/IMG_0574-1536x1152.jpeg 1536w, https:\/\/www.intellectualsovereignty.ch\/wp-content\/uploads\/2020\/07\/IMG_0574-2048x1536.jpeg 2048w, https:\/\/www.intellectualsovereignty.ch\/wp-content\/uploads\/2020\/07\/IMG_0574-1870x1403.jpeg 1870w, https:\/\/www.intellectualsovereignty.ch\/wp-content\/uploads\/2020\/07\/IMG_0574-400x300.jpeg 400w, https:\/\/www.intellectualsovereignty.ch\/wp-content\/uploads\/2020\/07\/IMG_0574-800x600.jpeg 800w\" sizes=\"auto, (max-width: 1024px) 100vw, 1024px\" \/><\/figure><\/li><li class=\"blocks-gallery-item\"><figure><img loading=\"lazy\" decoding=\"async\" width=\"768\" height=\"1024\" data-attachment-id=\"676\" data-permalink=\"https:\/\/www.intellectualsovereignty.ch\/index.php\/2020\/07\/12\/hike-26-interlaken-saxeten-rengglipass-spiez\/img_0575\/\" data-orig-file=\"https:\/\/www.intellectualsovereignty.ch\/wp-content\/uploads\/2020\/07\/IMG_0575-scaled.jpeg\" data-orig-size=\"1920,2560\" data-comments-opened=\"0\" data-image-title=\"IMG_0575\" data-image-description=\"\" data-image-caption=\"\" data-large-file=\"https:\/\/www.intellectualsovereignty.ch\/wp-content\/uploads\/2020\/07\/IMG_0575-768x1024.jpeg\" src=\"https:\/\/www.intellectualsovereignty.ch\/wp-content\/uploads\/2020\/07\/IMG_0575-768x1024.jpeg\" alt=\"\" data-id=\"676\" data-full-url=\"https:\/\/www.intellectualsovereignty.ch\/wp-content\/uploads\/2020\/07\/IMG_0575-scaled.jpeg\" data-link=\"https:\/\/www.intellectualsovereignty.ch\/?attachment_id=676\" class=\"wp-image-676\" srcset=\"https:\/\/www.intellectualsovereignty.ch\/wp-content\/uploads\/2020\/07\/IMG_0575-768x1024.jpeg 768w, https:\/\/www.intellectualsovereignty.ch\/wp-content\/uploads\/2020\/07\/IMG_0575-225x300.jpeg 225w, https:\/\/www.intellectualsovereignty.ch\/wp-content\/uploads\/2020\/07\/IMG_0575-1152x1536.jpeg 1152w, https:\/\/www.intellectualsovereignty.ch\/wp-content\/uploads\/2020\/07\/IMG_0575-1536x2048.jpeg 1536w, https:\/\/www.intellectualsovereignty.ch\/wp-content\/uploads\/2020\/07\/IMG_0575-1870x2493.jpeg 1870w, https:\/\/www.intellectualsovereignty.ch\/wp-content\/uploads\/2020\/07\/IMG_0575-400x533.jpeg 400w, https:\/\/www.intellectualsovereignty.ch\/wp-content\/uploads\/2020\/07\/IMG_0575-800x1067.jpeg 800w, https:\/\/www.intellectualsovereignty.ch\/wp-content\/uploads\/2020\/07\/IMG_0575-scaled.jpeg 1920w\" sizes=\"auto, (max-width: 768px) 100vw, 768px\" \/><\/figure><\/li><li class=\"blocks-gallery-item\"><figure><img loading=\"lazy\" decoding=\"async\" width=\"1024\" height=\"336\" data-attachment-id=\"677\" data-permalink=\"https:\/\/www.intellectualsovereignty.ch\/index.php\/2020\/07\/12\/hike-26-interlaken-saxeten-rengglipass-spiez\/img_0576\/\" data-orig-file=\"https:\/\/www.intellectualsovereignty.ch\/wp-content\/uploads\/2020\/07\/IMG_0576-scaled.jpeg\" data-orig-size=\"2560,841\" data-comments-opened=\"0\" data-image-title=\"IMG_0576\" data-image-description=\"\" data-image-caption=\"\" data-large-file=\"https:\/\/www.intellectualsovereignty.ch\/wp-content\/uploads\/2020\/07\/IMG_0576-1024x336.jpeg\" src=\"https:\/\/www.intellectualsovereignty.ch\/wp-content\/uploads\/2020\/07\/IMG_0576-1024x336.jpeg\" alt=\"\" data-id=\"677\" data-full-url=\"https:\/\/www.intellectualsovereignty.ch\/wp-content\/uploads\/2020\/07\/IMG_0576-scaled.jpeg\" data-link=\"https:\/\/www.intellectualsovereignty.ch\/?attachment_id=677\" class=\"wp-image-677\" srcset=\"https:\/\/www.intellectualsovereignty.ch\/wp-content\/uploads\/2020\/07\/IMG_0576-1024x336.jpeg 1024w, https:\/\/www.intellectualsovereignty.ch\/wp-content\/uploads\/2020\/07\/IMG_0576-300x99.jpeg 300w, https:\/\/www.intellectualsovereignty.ch\/wp-content\/uploads\/2020\/07\/IMG_0576-768x252.jpeg 768w, https:\/\/www.intellectualsovereignty.ch\/wp-content\/uploads\/2020\/07\/IMG_0576-1536x505.jpeg 1536w, https:\/\/www.intellectualsovereignty.ch\/wp-content\/uploads\/2020\/07\/IMG_0576-2048x673.jpeg 2048w, https:\/\/www.intellectualsovereignty.ch\/wp-content\/uploads\/2020\/07\/IMG_0576-1870x614.jpeg 1870w, https:\/\/www.intellectualsovereignty.ch\/wp-content\/uploads\/2020\/07\/IMG_0576-400x131.jpeg 400w, https:\/\/www.intellectualsovereignty.ch\/wp-content\/uploads\/2020\/07\/IMG_0576-800x263.jpeg 800w\" sizes=\"auto, (max-width: 1024px) 100vw, 1024px\" \/><\/figure><\/li><li class=\"blocks-gallery-item\"><figure><img loading=\"lazy\" decoding=\"async\" width=\"1024\" height=\"768\" data-attachment-id=\"678\" data-permalink=\"https:\/\/www.intellectualsovereignty.ch\/index.php\/2020\/07\/12\/hike-26-interlaken-saxeten-rengglipass-spiez\/img_0577\/\" data-orig-file=\"https:\/\/www.intellectualsovereignty.ch\/wp-content\/uploads\/2020\/07\/IMG_0577-scaled.jpeg\" data-orig-size=\"2560,1920\" data-comments-opened=\"0\" data-image-title=\"IMG_0577\" data-image-description=\"\" data-image-caption=\"\" data-large-file=\"https:\/\/www.intellectualsovereignty.ch\/wp-content\/uploads\/2020\/07\/IMG_0577-1024x768.jpeg\" src=\"https:\/\/www.intellectualsovereignty.ch\/wp-content\/uploads\/2020\/07\/IMG_0577-1024x768.jpeg\" alt=\"\" data-id=\"678\" data-full-url=\"https:\/\/www.intellectualsovereignty.ch\/wp-content\/uploads\/2020\/07\/IMG_0577-scaled.jpeg\" data-link=\"https:\/\/www.intellectualsovereignty.ch\/?attachment_id=678\" class=\"wp-image-678\" srcset=\"https:\/\/www.intellectualsovereignty.ch\/wp-content\/uploads\/2020\/07\/IMG_0577-1024x768.jpeg 1024w, https:\/\/www.intellectualsovereignty.ch\/wp-content\/uploads\/2020\/07\/IMG_0577-300x225.jpeg 300w, https:\/\/www.intellectualsovereignty.ch\/wp-content\/uploads\/2020\/07\/IMG_0577-768x576.jpeg 768w, https:\/\/www.intellectualsovereignty.ch\/wp-content\/uploads\/2020\/07\/IMG_0577-1536x1152.jpeg 1536w, https:\/\/www.intellectualsovereignty.ch\/wp-content\/uploads\/2020\/07\/IMG_0577-2048x1536.jpeg 2048w, https:\/\/www.intellectualsovereignty.ch\/wp-content\/uploads\/2020\/07\/IMG_0577-1870x1403.jpeg 1870w, https:\/\/www.intellectualsovereignty.ch\/wp-content\/uploads\/2020\/07\/IMG_0577-400x300.jpeg 400w, https:\/\/www.intellectualsovereignty.ch\/wp-content\/uploads\/2020\/07\/IMG_0577-800x600.jpeg 800w\" sizes=\"auto, (max-width: 1024px) 100vw, 1024px\" \/><\/figure><\/li><li class=\"blocks-gallery-item\"><figure><img loading=\"lazy\" decoding=\"async\" width=\"1024\" height=\"768\" data-attachment-id=\"679\" data-permalink=\"https:\/\/www.intellectualsovereignty.ch\/index.php\/2020\/07\/12\/hike-26-interlaken-saxeten-rengglipass-spiez\/img_0578\/\" data-orig-file=\"https:\/\/www.intellectualsovereignty.ch\/wp-content\/uploads\/2020\/07\/IMG_0578-scaled.jpeg\" data-orig-size=\"2560,1920\" data-comments-opened=\"0\" data-image-title=\"IMG_0578\" data-image-description=\"\" data-image-caption=\"\" data-large-file=\"https:\/\/www.intellectualsovereignty.ch\/wp-content\/uploads\/2020\/07\/IMG_0578-1024x768.jpeg\" src=\"https:\/\/www.intellectualsovereignty.ch\/wp-content\/uploads\/2020\/07\/IMG_0578-1024x768.jpeg\" alt=\"\" data-id=\"679\" data-full-url=\"https:\/\/www.intellectualsovereignty.ch\/wp-content\/uploads\/2020\/07\/IMG_0578-scaled.jpeg\" data-link=\"https:\/\/www.intellectualsovereignty.ch\/?attachment_id=679\" class=\"wp-image-679\" srcset=\"https:\/\/www.intellectualsovereignty.ch\/wp-content\/uploads\/2020\/07\/IMG_0578-1024x768.jpeg 1024w, https:\/\/www.intellectualsovereignty.ch\/wp-content\/uploads\/2020\/07\/IMG_0578-300x225.jpeg 300w, https:\/\/www.intellectualsovereignty.ch\/wp-content\/uploads\/2020\/07\/IMG_0578-768x576.jpeg 768w, https:\/\/www.intellectualsovereignty.ch\/wp-content\/uploads\/2020\/07\/IMG_0578-1536x1152.jpeg 1536w, https:\/\/www.intellectualsovereignty.ch\/wp-content\/uploads\/2020\/07\/IMG_0578-2048x1536.jpeg 2048w, https:\/\/www.intellectualsovereignty.ch\/wp-content\/uploads\/2020\/07\/IMG_0578-1870x1403.jpeg 1870w, https:\/\/www.intellectualsovereignty.ch\/wp-content\/uploads\/2020\/07\/IMG_0578-400x300.jpeg 400w, https:\/\/www.intellectualsovereignty.ch\/wp-content\/uploads\/2020\/07\/IMG_0578-800x600.jpeg 800w\" sizes=\"auto, (max-width: 1024px) 100vw, 1024px\" \/><\/figure><\/li><li class=\"blocks-gallery-item\"><figure><img loading=\"lazy\" decoding=\"async\" width=\"1024\" height=\"768\" data-attachment-id=\"680\" data-permalink=\"https:\/\/www.intellectualsovereignty.ch\/index.php\/2020\/07\/12\/hike-26-interlaken-saxeten-rengglipass-spiez\/img_0579\/\" data-orig-file=\"https:\/\/www.intellectualsovereignty.ch\/wp-content\/uploads\/2020\/07\/IMG_0579-scaled.jpeg\" data-orig-size=\"2560,1920\" data-comments-opened=\"0\" data-image-title=\"IMG_0579\" data-image-description=\"\" data-image-caption=\"\" data-large-file=\"https:\/\/www.intellectualsovereignty.ch\/wp-content\/uploads\/2020\/07\/IMG_0579-1024x768.jpeg\" src=\"https:\/\/www.intellectualsovereignty.ch\/wp-content\/uploads\/2020\/07\/IMG_0579-1024x768.jpeg\" alt=\"\" data-id=\"680\" data-full-url=\"https:\/\/www.intellectualsovereignty.ch\/wp-content\/uploads\/2020\/07\/IMG_0579-scaled.jpeg\" data-link=\"https:\/\/www.intellectualsovereignty.ch\/?attachment_id=680\" class=\"wp-image-680\" srcset=\"https:\/\/www.intellectualsovereignty.ch\/wp-content\/uploads\/2020\/07\/IMG_0579-1024x768.jpeg 1024w, https:\/\/www.intellectualsovereignty.ch\/wp-content\/uploads\/2020\/07\/IMG_0579-300x225.jpeg 300w, https:\/\/www.intellectualsovereignty.ch\/wp-content\/uploads\/2020\/07\/IMG_0579-768x576.jpeg 768w, https:\/\/www.intellectualsovereignty.ch\/wp-content\/uploads\/2020\/07\/IMG_0579-1536x1152.jpeg 1536w, https:\/\/www.intellectualsovereignty.ch\/wp-content\/uploads\/2020\/07\/IMG_0579-2048x1536.jpeg 2048w, https:\/\/www.intellectualsovereignty.ch\/wp-content\/uploads\/2020\/07\/IMG_0579-1870x1403.jpeg 1870w, https:\/\/www.intellectualsovereignty.ch\/wp-content\/uploads\/2020\/07\/IMG_0579-400x300.jpeg 400w, https:\/\/www.intellectualsovereignty.ch\/wp-content\/uploads\/2020\/07\/IMG_0579-800x600.jpeg 800w\" sizes=\"auto, (max-width: 1024px) 100vw, 1024px\" \/><\/figure><\/li><li class=\"blocks-gallery-item\"><figure><img loading=\"lazy\" decoding=\"async\" width=\"1024\" height=\"768\" data-attachment-id=\"681\" data-permalink=\"https:\/\/www.intellectualsovereignty.ch\/index.php\/2020\/07\/12\/hike-26-interlaken-saxeten-rengglipass-spiez\/img_0580\/\" data-orig-file=\"https:\/\/www.intellectualsovereignty.ch\/wp-content\/uploads\/2020\/07\/IMG_0580-scaled.jpeg\" data-orig-size=\"2560,1920\" data-comments-opened=\"0\" data-image-title=\"IMG_0580\" data-image-description=\"\" data-image-caption=\"\" data-large-file=\"https:\/\/www.intellectualsovereignty.ch\/wp-content\/uploads\/2020\/07\/IMG_0580-1024x768.jpeg\" src=\"https:\/\/www.intellectualsovereignty.ch\/wp-content\/uploads\/2020\/07\/IMG_0580-1024x768.jpeg\" alt=\"\" data-id=\"681\" data-full-url=\"https:\/\/www.intellectualsovereignty.ch\/wp-content\/uploads\/2020\/07\/IMG_0580-scaled.jpeg\" data-link=\"https:\/\/www.intellectualsovereignty.ch\/?attachment_id=681\" class=\"wp-image-681\" srcset=\"https:\/\/www.intellectualsovereignty.ch\/wp-content\/uploads\/2020\/07\/IMG_0580-1024x768.jpeg 1024w, https:\/\/www.intellectualsovereignty.ch\/wp-content\/uploads\/2020\/07\/IMG_0580-300x225.jpeg 300w, https:\/\/www.intellectualsovereignty.ch\/wp-content\/uploads\/2020\/07\/IMG_0580-768x576.jpeg 768w, https:\/\/www.intellectualsovereignty.ch\/wp-content\/uploads\/2020\/07\/IMG_0580-1536x1152.jpeg 1536w, https:\/\/www.intellectualsovereignty.ch\/wp-content\/uploads\/2020\/07\/IMG_0580-2048x1536.jpeg 2048w, https:\/\/www.intellectualsovereignty.ch\/wp-content\/uploads\/2020\/07\/IMG_0580-1870x1403.jpeg 1870w, https:\/\/www.intellectualsovereignty.ch\/wp-content\/uploads\/2020\/07\/IMG_0580-400x300.jpeg 400w, https:\/\/www.intellectualsovereignty.ch\/wp-content\/uploads\/2020\/07\/IMG_0580-800x600.jpeg 800w\" sizes=\"auto, (max-width: 1024px) 100vw, 1024px\" \/><\/figure><\/li><li class=\"blocks-gallery-item\"><figure><img loading=\"lazy\" decoding=\"async\" width=\"1024\" height=\"242\" data-attachment-id=\"682\" data-permalink=\"https:\/\/www.intellectualsovereignty.ch\/index.php\/2020\/07\/12\/hike-26-interlaken-saxeten-rengglipass-spiez\/img_0581\/\" data-orig-file=\"https:\/\/www.intellectualsovereignty.ch\/wp-content\/uploads\/2020\/07\/IMG_0581-scaled.jpeg\" data-orig-size=\"2560,606\" data-comments-opened=\"0\" data-image-title=\"IMG_0581\" data-image-description=\"\" data-image-caption=\"\" data-large-file=\"https:\/\/www.intellectualsovereignty.ch\/wp-content\/uploads\/2020\/07\/IMG_0581-1024x242.jpeg\" src=\"https:\/\/www.intellectualsovereignty.ch\/wp-content\/uploads\/2020\/07\/IMG_0581-1024x242.jpeg\" alt=\"\" data-id=\"682\" data-full-url=\"https:\/\/www.intellectualsovereignty.ch\/wp-content\/uploads\/2020\/07\/IMG_0581-scaled.jpeg\" data-link=\"https:\/\/www.intellectualsovereignty.ch\/?attachment_id=682\" class=\"wp-image-682\" srcset=\"https:\/\/www.intellectualsovereignty.ch\/wp-content\/uploads\/2020\/07\/IMG_0581-1024x242.jpeg 1024w, https:\/\/www.intellectualsovereignty.ch\/wp-content\/uploads\/2020\/07\/IMG_0581-300x71.jpeg 300w, https:\/\/www.intellectualsovereignty.ch\/wp-content\/uploads\/2020\/07\/IMG_0581-768x182.jpeg 768w, https:\/\/www.intellectualsovereignty.ch\/wp-content\/uploads\/2020\/07\/IMG_0581-1536x364.jpeg 1536w, https:\/\/www.intellectualsovereignty.ch\/wp-content\/uploads\/2020\/07\/IMG_0581-2048x485.jpeg 2048w, https:\/\/www.intellectualsovereignty.ch\/wp-content\/uploads\/2020\/07\/IMG_0581-1870x443.jpeg 1870w, https:\/\/www.intellectualsovereignty.ch\/wp-content\/uploads\/2020\/07\/IMG_0581-400x95.jpeg 400w, https:\/\/www.intellectualsovereignty.ch\/wp-content\/uploads\/2020\/07\/IMG_0581-800x189.jpeg 800w\" sizes=\"auto, (max-width: 1024px) 100vw, 1024px\" \/><\/figure><\/li><li class=\"blocks-gallery-item\"><figure><img loading=\"lazy\" decoding=\"async\" width=\"1024\" height=\"768\" data-attachment-id=\"683\" data-permalink=\"https:\/\/www.intellectualsovereignty.ch\/index.php\/2020\/07\/12\/hike-26-interlaken-saxeten-rengglipass-spiez\/img_0582\/\" data-orig-file=\"https:\/\/www.intellectualsovereignty.ch\/wp-content\/uploads\/2020\/07\/IMG_0582-scaled.jpeg\" data-orig-size=\"2560,1920\" data-comments-opened=\"0\" data-image-title=\"IMG_0582\" data-image-description=\"\" data-image-caption=\"\" data-large-file=\"https:\/\/www.intellectualsovereignty.ch\/wp-content\/uploads\/2020\/07\/IMG_0582-1024x768.jpeg\" src=\"https:\/\/www.intellectualsovereignty.ch\/wp-content\/uploads\/2020\/07\/IMG_0582-1024x768.jpeg\" alt=\"\" data-id=\"683\" data-full-url=\"https:\/\/www.intellectualsovereignty.ch\/wp-content\/uploads\/2020\/07\/IMG_0582-scaled.jpeg\" data-link=\"https:\/\/www.intellectualsovereignty.ch\/?attachment_id=683\" class=\"wp-image-683\" srcset=\"https:\/\/www.intellectualsovereignty.ch\/wp-content\/uploads\/2020\/07\/IMG_0582-1024x768.jpeg 1024w, https:\/\/www.intellectualsovereignty.ch\/wp-content\/uploads\/2020\/07\/IMG_0582-300x225.jpeg 300w, https:\/\/www.intellectualsovereignty.ch\/wp-content\/uploads\/2020\/07\/IMG_0582-768x576.jpeg 768w, https:\/\/www.intellectualsovereignty.ch\/wp-content\/uploads\/2020\/07\/IMG_0582-1536x1152.jpeg 1536w, https:\/\/www.intellectualsovereignty.ch\/wp-content\/uploads\/2020\/07\/IMG_0582-2048x1536.jpeg 2048w, https:\/\/www.intellectualsovereignty.ch\/wp-content\/uploads\/2020\/07\/IMG_0582-1870x1403.jpeg 1870w, https:\/\/www.intellectualsovereignty.ch\/wp-content\/uploads\/2020\/07\/IMG_0582-400x300.jpeg 400w, https:\/\/www.intellectualsovereignty.ch\/wp-content\/uploads\/2020\/07\/IMG_0582-800x600.jpeg 800w\" sizes=\"auto, (max-width: 1024px) 100vw, 1024px\" \/><\/figure><\/li><li class=\"blocks-gallery-item\"><figure><img loading=\"lazy\" decoding=\"async\" width=\"1024\" height=\"768\" data-attachment-id=\"684\" data-permalink=\"https:\/\/www.intellectualsovereignty.ch\/index.php\/2020\/07\/12\/hike-26-interlaken-saxeten-rengglipass-spiez\/img_0583\/\" data-orig-file=\"https:\/\/www.intellectualsovereignty.ch\/wp-content\/uploads\/2020\/07\/IMG_0583-scaled.jpeg\" data-orig-size=\"2560,1920\" data-comments-opened=\"0\" data-image-title=\"IMG_0583\" data-image-description=\"\" data-image-caption=\"\" data-large-file=\"https:\/\/www.intellectualsovereignty.ch\/wp-content\/uploads\/2020\/07\/IMG_0583-1024x768.jpeg\" src=\"https:\/\/www.intellectualsovereignty.ch\/wp-content\/uploads\/2020\/07\/IMG_0583-1024x768.jpeg\" alt=\"\" data-id=\"684\" data-full-url=\"https:\/\/www.intellectualsovereignty.ch\/wp-content\/uploads\/2020\/07\/IMG_0583-scaled.jpeg\" data-link=\"https:\/\/www.intellectualsovereignty.ch\/?attachment_id=684\" class=\"wp-image-684\" srcset=\"https:\/\/www.intellectualsovereignty.ch\/wp-content\/uploads\/2020\/07\/IMG_0583-1024x768.jpeg 1024w, https:\/\/www.intellectualsovereignty.ch\/wp-content\/uploads\/2020\/07\/IMG_0583-300x225.jpeg 300w, https:\/\/www.intellectualsovereignty.ch\/wp-content\/uploads\/2020\/07\/IMG_0583-768x576.jpeg 768w, https:\/\/www.intellectualsovereignty.ch\/wp-content\/uploads\/2020\/07\/IMG_0583-1536x1152.jpeg 1536w, https:\/\/www.intellectualsovereignty.ch\/wp-content\/uploads\/2020\/07\/IMG_0583-2048x1536.jpeg 2048w, https:\/\/www.intellectualsovereignty.ch\/wp-content\/uploads\/2020\/07\/IMG_0583-1870x1403.jpeg 1870w, https:\/\/www.intellectualsovereignty.ch\/wp-content\/uploads\/2020\/07\/IMG_0583-400x300.jpeg 400w, https:\/\/www.intellectualsovereignty.ch\/wp-content\/uploads\/2020\/07\/IMG_0583-800x600.jpeg 800w\" sizes=\"auto, (max-width: 1024px) 100vw, 1024px\" \/><\/figure><\/li><li class=\"blocks-gallery-item\"><figure><img loading=\"lazy\" decoding=\"async\" width=\"1024\" height=\"768\" data-attachment-id=\"685\" data-permalink=\"https:\/\/www.intellectualsovereignty.ch\/index.php\/2020\/07\/12\/hike-26-interlaken-saxeten-rengglipass-spiez\/img_0584\/\" data-orig-file=\"https:\/\/www.intellectualsovereignty.ch\/wp-content\/uploads\/2020\/07\/IMG_0584-scaled.jpeg\" data-orig-size=\"2560,1920\" data-comments-opened=\"0\" data-image-title=\"IMG_0584\" data-image-description=\"\" data-image-caption=\"\" data-large-file=\"https:\/\/www.intellectualsovereignty.ch\/wp-content\/uploads\/2020\/07\/IMG_0584-1024x768.jpeg\" src=\"https:\/\/www.intellectualsovereignty.ch\/wp-content\/uploads\/2020\/07\/IMG_0584-1024x768.jpeg\" alt=\"\" data-id=\"685\" data-full-url=\"https:\/\/www.intellectualsovereignty.ch\/wp-content\/uploads\/2020\/07\/IMG_0584-scaled.jpeg\" data-link=\"https:\/\/www.intellectualsovereignty.ch\/?attachment_id=685\" class=\"wp-image-685\" srcset=\"https:\/\/www.intellectualsovereignty.ch\/wp-content\/uploads\/2020\/07\/IMG_0584-1024x768.jpeg 1024w, https:\/\/www.intellectualsovereignty.ch\/wp-content\/uploads\/2020\/07\/IMG_0584-300x225.jpeg 300w, https:\/\/www.intellectualsovereignty.ch\/wp-content\/uploads\/2020\/07\/IMG_0584-768x576.jpeg 768w, https:\/\/www.intellectualsovereignty.ch\/wp-content\/uploads\/2020\/07\/IMG_0584-1536x1152.jpeg 1536w, https:\/\/www.intellectualsovereignty.ch\/wp-content\/uploads\/2020\/07\/IMG_0584-2048x1536.jpeg 2048w, https:\/\/www.intellectualsovereignty.ch\/wp-content\/uploads\/2020\/07\/IMG_0584-1870x1403.jpeg 1870w, https:\/\/www.intellectualsovereignty.ch\/wp-content\/uploads\/2020\/07\/IMG_0584-400x300.jpeg 400w, https:\/\/www.intellectualsovereignty.ch\/wp-content\/uploads\/2020\/07\/IMG_0584-800x600.jpeg 800w\" sizes=\"auto, (max-width: 1024px) 100vw, 1024px\" \/><\/figure><\/li><li class=\"blocks-gallery-item\"><figure><img loading=\"lazy\" decoding=\"async\" width=\"768\" height=\"1024\" data-attachment-id=\"686\" data-permalink=\"https:\/\/www.intellectualsovereignty.ch\/index.php\/2020\/07\/12\/hike-26-interlaken-saxeten-rengglipass-spiez\/img_0585\/\" data-orig-file=\"https:\/\/www.intellectualsovereignty.ch\/wp-content\/uploads\/2020\/07\/IMG_0585-scaled.jpeg\" data-orig-size=\"1920,2560\" data-comments-opened=\"0\" data-image-title=\"IMG_0585\" data-image-description=\"\" data-image-caption=\"\" data-large-file=\"https:\/\/www.intellectualsovereignty.ch\/wp-content\/uploads\/2020\/07\/IMG_0585-768x1024.jpeg\" src=\"https:\/\/www.intellectualsovereignty.ch\/wp-content\/uploads\/2020\/07\/IMG_0585-768x1024.jpeg\" alt=\"\" data-id=\"686\" data-full-url=\"https:\/\/www.intellectualsovereignty.ch\/wp-content\/uploads\/2020\/07\/IMG_0585-scaled.jpeg\" data-link=\"https:\/\/www.intellectualsovereignty.ch\/?attachment_id=686\" class=\"wp-image-686\" srcset=\"https:\/\/www.intellectualsovereignty.ch\/wp-content\/uploads\/2020\/07\/IMG_0585-768x1024.jpeg 768w, https:\/\/www.intellectualsovereignty.ch\/wp-content\/uploads\/2020\/07\/IMG_0585-225x300.jpeg 225w, https:\/\/www.intellectualsovereignty.ch\/wp-content\/uploads\/2020\/07\/IMG_0585-1152x1536.jpeg 1152w, https:\/\/www.intellectualsovereignty.ch\/wp-content\/uploads\/2020\/07\/IMG_0585-1536x2048.jpeg 1536w, https:\/\/www.intellectualsovereignty.ch\/wp-content\/uploads\/2020\/07\/IMG_0585-1870x2493.jpeg 1870w, https:\/\/www.intellectualsovereignty.ch\/wp-content\/uploads\/2020\/07\/IMG_0585-400x533.jpeg 400w, https:\/\/www.intellectualsovereignty.ch\/wp-content\/uploads\/2020\/07\/IMG_0585-800x1067.jpeg 800w, https:\/\/www.intellectualsovereignty.ch\/wp-content\/uploads\/2020\/07\/IMG_0585-scaled.jpeg 1920w\" sizes=\"auto, (max-width: 768px) 100vw, 768px\" \/><\/figure><\/li><li class=\"blocks-gallery-item\"><figure><img loading=\"lazy\" decoding=\"async\" width=\"1024\" height=\"768\" data-attachment-id=\"687\" data-permalink=\"https:\/\/www.intellectualsovereignty.ch\/index.php\/2020\/07\/12\/hike-26-interlaken-saxeten-rengglipass-spiez\/img_0586\/\" data-orig-file=\"https:\/\/www.intellectualsovereignty.ch\/wp-content\/uploads\/2020\/07\/IMG_0586-scaled.jpeg\" data-orig-size=\"2560,1920\" data-comments-opened=\"0\" data-image-title=\"IMG_0586\" data-image-description=\"\" data-image-caption=\"\" data-large-file=\"https:\/\/www.intellectualsovereignty.ch\/wp-content\/uploads\/2020\/07\/IMG_0586-1024x768.jpeg\" src=\"https:\/\/www.intellectualsovereignty.ch\/wp-content\/uploads\/2020\/07\/IMG_0586-1024x768.jpeg\" alt=\"\" data-id=\"687\" data-full-url=\"https:\/\/www.intellectualsovereignty.ch\/wp-content\/uploads\/2020\/07\/IMG_0586-scaled.jpeg\" data-link=\"https:\/\/www.intellectualsovereignty.ch\/?attachment_id=687\" class=\"wp-image-687\" srcset=\"https:\/\/www.intellectualsovereignty.ch\/wp-content\/uploads\/2020\/07\/IMG_0586-1024x768.jpeg 1024w, https:\/\/www.intellectualsovereignty.ch\/wp-content\/uploads\/2020\/07\/IMG_0586-300x225.jpeg 300w, https:\/\/www.intellectualsovereignty.ch\/wp-content\/uploads\/2020\/07\/IMG_0586-768x576.jpeg 768w, https:\/\/www.intellectualsovereignty.ch\/wp-content\/uploads\/2020\/07\/IMG_0586-1536x1152.jpeg 1536w, https:\/\/www.intellectualsovereignty.ch\/wp-content\/uploads\/2020\/07\/IMG_0586-2048x1536.jpeg 2048w, https:\/\/www.intellectualsovereignty.ch\/wp-content\/uploads\/2020\/07\/IMG_0586-1870x1403.jpeg 1870w, https:\/\/www.intellectualsovereignty.ch\/wp-content\/uploads\/2020\/07\/IMG_0586-400x300.jpeg 400w, https:\/\/www.intellectualsovereignty.ch\/wp-content\/uploads\/2020\/07\/IMG_0586-800x600.jpeg 800w\" sizes=\"auto, (max-width: 1024px) 100vw, 1024px\" \/><\/figure><\/li><li class=\"blocks-gallery-item\"><figure><img loading=\"lazy\" decoding=\"async\" width=\"1024\" height=\"227\" data-attachment-id=\"688\" data-permalink=\"https:\/\/www.intellectualsovereignty.ch\/index.php\/2020\/07\/12\/hike-26-interlaken-saxeten-rengglipass-spiez\/img_0587\/\" data-orig-file=\"https:\/\/www.intellectualsovereignty.ch\/wp-content\/uploads\/2020\/07\/IMG_0587-scaled.jpeg\" data-orig-size=\"2560,567\" data-comments-opened=\"0\" data-image-title=\"IMG_0587\" data-image-description=\"\" data-image-caption=\"\" data-large-file=\"https:\/\/www.intellectualsovereignty.ch\/wp-content\/uploads\/2020\/07\/IMG_0587-1024x227.jpeg\" src=\"https:\/\/www.intellectualsovereignty.ch\/wp-content\/uploads\/2020\/07\/IMG_0587-1024x227.jpeg\" alt=\"\" data-id=\"688\" data-full-url=\"https:\/\/www.intellectualsovereignty.ch\/wp-content\/uploads\/2020\/07\/IMG_0587-scaled.jpeg\" data-link=\"https:\/\/www.intellectualsovereignty.ch\/?attachment_id=688\" class=\"wp-image-688\" srcset=\"https:\/\/www.intellectualsovereignty.ch\/wp-content\/uploads\/2020\/07\/IMG_0587-1024x227.jpeg 1024w, https:\/\/www.intellectualsovereignty.ch\/wp-content\/uploads\/2020\/07\/IMG_0587-300x66.jpeg 300w, https:\/\/www.intellectualsovereignty.ch\/wp-content\/uploads\/2020\/07\/IMG_0587-768x170.jpeg 768w, https:\/\/www.intellectualsovereignty.ch\/wp-content\/uploads\/2020\/07\/IMG_0587-1536x340.jpeg 1536w, https:\/\/www.intellectualsovereignty.ch\/wp-content\/uploads\/2020\/07\/IMG_0587-2048x454.jpeg 2048w, https:\/\/www.intellectualsovereignty.ch\/wp-content\/uploads\/2020\/07\/IMG_0587-1870x414.jpeg 1870w, https:\/\/www.intellectualsovereignty.ch\/wp-content\/uploads\/2020\/07\/IMG_0587-400x89.jpeg 400w, https:\/\/www.intellectualsovereignty.ch\/wp-content\/uploads\/2020\/07\/IMG_0587-800x177.jpeg 800w\" sizes=\"auto, (max-width: 1024px) 100vw, 1024px\" \/><\/figure><\/li><li class=\"blocks-gallery-item\"><figure><img loading=\"lazy\" decoding=\"async\" width=\"1024\" height=\"768\" data-attachment-id=\"689\" data-permalink=\"https:\/\/www.intellectualsovereignty.ch\/index.php\/2020\/07\/12\/hike-26-interlaken-saxeten-rengglipass-spiez\/img_0588\/\" data-orig-file=\"https:\/\/www.intellectualsovereignty.ch\/wp-content\/uploads\/2020\/07\/IMG_0588-scaled.jpeg\" data-orig-size=\"2560,1920\" data-comments-opened=\"0\" data-image-title=\"IMG_0588\" data-image-description=\"\" data-image-caption=\"\" data-large-file=\"https:\/\/www.intellectualsovereignty.ch\/wp-content\/uploads\/2020\/07\/IMG_0588-1024x768.jpeg\" src=\"https:\/\/www.intellectualsovereignty.ch\/wp-content\/uploads\/2020\/07\/IMG_0588-1024x768.jpeg\" alt=\"\" data-id=\"689\" data-full-url=\"https:\/\/www.intellectualsovereignty.ch\/wp-content\/uploads\/2020\/07\/IMG_0588-scaled.jpeg\" data-link=\"https:\/\/www.intellectualsovereignty.ch\/?attachment_id=689\" class=\"wp-image-689\" srcset=\"https:\/\/www.intellectualsovereignty.ch\/wp-content\/uploads\/2020\/07\/IMG_0588-1024x768.jpeg 1024w, https:\/\/www.intellectualsovereignty.ch\/wp-content\/uploads\/2020\/07\/IMG_0588-300x225.jpeg 300w, https:\/\/www.intellectualsovereignty.ch\/wp-content\/uploads\/2020\/07\/IMG_0588-768x576.jpeg 768w, https:\/\/www.intellectualsovereignty.ch\/wp-content\/uploads\/2020\/07\/IMG_0588-1536x1152.jpeg 1536w, https:\/\/www.intellectualsovereignty.ch\/wp-content\/uploads\/2020\/07\/IMG_0588-2048x1536.jpeg 2048w, https:\/\/www.intellectualsovereignty.ch\/wp-content\/uploads\/2020\/07\/IMG_0588-1870x1403.jpeg 1870w, https:\/\/www.intellectualsovereignty.ch\/wp-content\/uploads\/2020\/07\/IMG_0588-400x300.jpeg 400w, https:\/\/www.intellectualsovereignty.ch\/wp-content\/uploads\/2020\/07\/IMG_0588-800x600.jpeg 800w\" sizes=\"auto, (max-width: 1024px) 100vw, 1024px\" \/><\/figure><\/li><\/ul><\/figure>\n\n\n\n<p class=\"wp-block-paragraph\">Fr\u00fch k\u00fcndigt sich der Pochtenfall durch sein Tosen an, und von da weg lassen die gut ausgebauten Wanderwege ein z\u00fcgiges Tempo zu, sodass ich fr\u00fcher als erwartet in Spiez auf den Zug gelange. Eine lange, insbesondere im hinteren Ende des Suldtal aber wundersch\u00f6ne Wanderung. Ich komme wieder!<\/p>\n\n\n\n<figure class=\"wp-block-video\"><video height=\"1080\" style=\"aspect-ratio: 1920 \/ 1080;\" width=\"1920\" controls src=\"https:\/\/www.intellectualsovereignty.ch\/wp-content\/uploads\/2020\/07\/IMG_0599.mov\"><\/video><\/figure>\n\n\n\n<figure class=\"wp-block-gallery columns-3 is-cropped wp-block-gallery-3 is-layout-flex wp-block-gallery-is-layout-flex\"><ul class=\"blocks-gallery-grid\"><li class=\"blocks-gallery-item\"><figure><img loading=\"lazy\" decoding=\"async\" width=\"768\" height=\"1024\" data-attachment-id=\"691\" data-permalink=\"https:\/\/www.intellectualsovereignty.ch\/index.php\/2020\/07\/12\/hike-26-interlaken-saxeten-rengglipass-spiez\/img_0600\/\" data-orig-file=\"https:\/\/www.intellectualsovereignty.ch\/wp-content\/uploads\/2020\/07\/IMG_0600-scaled.jpeg\" data-orig-size=\"1920,2560\" data-comments-opened=\"0\" data-image-title=\"IMG_0600\" data-image-description=\"\" data-image-caption=\"\" data-large-file=\"https:\/\/www.intellectualsovereignty.ch\/wp-content\/uploads\/2020\/07\/IMG_0600-768x1024.jpeg\" src=\"https:\/\/www.intellectualsovereignty.ch\/wp-content\/uploads\/2020\/07\/IMG_0600-768x1024.jpeg\" alt=\"\" data-id=\"691\" data-full-url=\"https:\/\/www.intellectualsovereignty.ch\/wp-content\/uploads\/2020\/07\/IMG_0600-scaled.jpeg\" data-link=\"https:\/\/www.intellectualsovereignty.ch\/?attachment_id=691\" class=\"wp-image-691\" srcset=\"https:\/\/www.intellectualsovereignty.ch\/wp-content\/uploads\/2020\/07\/IMG_0600-768x1024.jpeg 768w, https:\/\/www.intellectualsovereignty.ch\/wp-content\/uploads\/2020\/07\/IMG_0600-225x300.jpeg 225w, https:\/\/www.intellectualsovereignty.ch\/wp-content\/uploads\/2020\/07\/IMG_0600-1152x1536.jpeg 1152w, https:\/\/www.intellectualsovereignty.ch\/wp-content\/uploads\/2020\/07\/IMG_0600-1536x2048.jpeg 1536w, https:\/\/www.intellectualsovereignty.ch\/wp-content\/uploads\/2020\/07\/IMG_0600-1870x2493.jpeg 1870w, https:\/\/www.intellectualsovereignty.ch\/wp-content\/uploads\/2020\/07\/IMG_0600-400x533.jpeg 400w, https:\/\/www.intellectualsovereignty.ch\/wp-content\/uploads\/2020\/07\/IMG_0600-800x1067.jpeg 800w, https:\/\/www.intellectualsovereignty.ch\/wp-content\/uploads\/2020\/07\/IMG_0600-scaled.jpeg 1920w\" sizes=\"auto, (max-width: 768px) 100vw, 768px\" \/><\/figure><\/li><li class=\"blocks-gallery-item\"><figure><img loading=\"lazy\" decoding=\"async\" width=\"768\" height=\"1024\" data-attachment-id=\"692\" data-permalink=\"https:\/\/www.intellectualsovereignty.ch\/index.php\/2020\/07\/12\/hike-26-interlaken-saxeten-rengglipass-spiez\/img_0601\/\" data-orig-file=\"https:\/\/www.intellectualsovereignty.ch\/wp-content\/uploads\/2020\/07\/IMG_0601-scaled.jpeg\" data-orig-size=\"1920,2560\" data-comments-opened=\"0\" data-image-title=\"IMG_0601\" data-image-description=\"\" data-image-caption=\"\" data-large-file=\"https:\/\/www.intellectualsovereignty.ch\/wp-content\/uploads\/2020\/07\/IMG_0601-768x1024.jpeg\" src=\"https:\/\/www.intellectualsovereignty.ch\/wp-content\/uploads\/2020\/07\/IMG_0601-768x1024.jpeg\" alt=\"\" data-id=\"692\" data-full-url=\"https:\/\/www.intellectualsovereignty.ch\/wp-content\/uploads\/2020\/07\/IMG_0601-scaled.jpeg\" data-link=\"https:\/\/www.intellectualsovereignty.ch\/?attachment_id=692\" class=\"wp-image-692\" srcset=\"https:\/\/www.intellectualsovereignty.ch\/wp-content\/uploads\/2020\/07\/IMG_0601-768x1024.jpeg 768w, https:\/\/www.intellectualsovereignty.ch\/wp-content\/uploads\/2020\/07\/IMG_0601-225x300.jpeg 225w, https:\/\/www.intellectualsovereignty.ch\/wp-content\/uploads\/2020\/07\/IMG_0601-1152x1536.jpeg 1152w, https:\/\/www.intellectualsovereignty.ch\/wp-content\/uploads\/2020\/07\/IMG_0601-1536x2048.jpeg 1536w, https:\/\/www.intellectualsovereignty.ch\/wp-content\/uploads\/2020\/07\/IMG_0601-1870x2493.jpeg 1870w, https:\/\/www.intellectualsovereignty.ch\/wp-content\/uploads\/2020\/07\/IMG_0601-400x533.jpeg 400w, https:\/\/www.intellectualsovereignty.ch\/wp-content\/uploads\/2020\/07\/IMG_0601-800x1067.jpeg 800w, https:\/\/www.intellectualsovereignty.ch\/wp-content\/uploads\/2020\/07\/IMG_0601-scaled.jpeg 1920w\" sizes=\"auto, (max-width: 768px) 100vw, 768px\" \/><\/figure><\/li><li class=\"blocks-gallery-item\"><figure><img loading=\"lazy\" decoding=\"async\" width=\"768\" height=\"1024\" data-attachment-id=\"693\" data-permalink=\"https:\/\/www.intellectualsovereignty.ch\/index.php\/2020\/07\/12\/hike-26-interlaken-saxeten-rengglipass-spiez\/img_0602\/\" data-orig-file=\"https:\/\/www.intellectualsovereignty.ch\/wp-content\/uploads\/2020\/07\/IMG_0602-scaled.jpeg\" data-orig-size=\"1920,2560\" data-comments-opened=\"0\" data-image-title=\"IMG_0602\" data-image-description=\"\" data-image-caption=\"\" data-large-file=\"https:\/\/www.intellectualsovereignty.ch\/wp-content\/uploads\/2020\/07\/IMG_0602-768x1024.jpeg\" src=\"https:\/\/www.intellectualsovereignty.ch\/wp-content\/uploads\/2020\/07\/IMG_0602-768x1024.jpeg\" alt=\"\" data-id=\"693\" data-full-url=\"https:\/\/www.intellectualsovereignty.ch\/wp-content\/uploads\/2020\/07\/IMG_0602-scaled.jpeg\" data-link=\"https:\/\/www.intellectualsovereignty.ch\/?attachment_id=693\" class=\"wp-image-693\" srcset=\"https:\/\/www.intellectualsovereignty.ch\/wp-content\/uploads\/2020\/07\/IMG_0602-768x1024.jpeg 768w, https:\/\/www.intellectualsovereignty.ch\/wp-content\/uploads\/2020\/07\/IMG_0602-225x300.jpeg 225w, https:\/\/www.intellectualsovereignty.ch\/wp-content\/uploads\/2020\/07\/IMG_0602-1152x1536.jpeg 1152w, https:\/\/www.intellectualsovereignty.ch\/wp-content\/uploads\/2020\/07\/IMG_0602-1536x2048.jpeg 1536w, https:\/\/www.intellectualsovereignty.ch\/wp-content\/uploads\/2020\/07\/IMG_0602-1870x2493.jpeg 1870w, https:\/\/www.intellectualsovereignty.ch\/wp-content\/uploads\/2020\/07\/IMG_0602-400x533.jpeg 400w, https:\/\/www.intellectualsovereignty.ch\/wp-content\/uploads\/2020\/07\/IMG_0602-800x1067.jpeg 800w, https:\/\/www.intellectualsovereignty.ch\/wp-content\/uploads\/2020\/07\/IMG_0602-scaled.jpeg 1920w\" sizes=\"auto, (max-width: 768px) 100vw, 768px\" \/><\/figure><\/li><li class=\"blocks-gallery-item\"><figure><img loading=\"lazy\" decoding=\"async\" width=\"1024\" height=\"768\" data-attachment-id=\"694\" data-permalink=\"https:\/\/www.intellectualsovereignty.ch\/index.php\/2020\/07\/12\/hike-26-interlaken-saxeten-rengglipass-spiez\/img_0603\/\" data-orig-file=\"https:\/\/www.intellectualsovereignty.ch\/wp-content\/uploads\/2020\/07\/IMG_0603-scaled.jpeg\" data-orig-size=\"2560,1920\" data-comments-opened=\"0\" data-image-title=\"IMG_0603\" data-image-description=\"\" data-image-caption=\"\" data-large-file=\"https:\/\/www.intellectualsovereignty.ch\/wp-content\/uploads\/2020\/07\/IMG_0603-1024x768.jpeg\" src=\"https:\/\/www.intellectualsovereignty.ch\/wp-content\/uploads\/2020\/07\/IMG_0603-1024x768.jpeg\" alt=\"\" data-id=\"694\" data-full-url=\"https:\/\/www.intellectualsovereignty.ch\/wp-content\/uploads\/2020\/07\/IMG_0603-scaled.jpeg\" data-link=\"https:\/\/www.intellectualsovereignty.ch\/?attachment_id=694\" class=\"wp-image-694\" srcset=\"https:\/\/www.intellectualsovereignty.ch\/wp-content\/uploads\/2020\/07\/IMG_0603-1024x768.jpeg 1024w, https:\/\/www.intellectualsovereignty.ch\/wp-content\/uploads\/2020\/07\/IMG_0603-300x225.jpeg 300w, https:\/\/www.intellectualsovereignty.ch\/wp-content\/uploads\/2020\/07\/IMG_0603-768x576.jpeg 768w, https:\/\/www.intellectualsovereignty.ch\/wp-content\/uploads\/2020\/07\/IMG_0603-1536x1152.jpeg 1536w, https:\/\/www.intellectualsovereignty.ch\/wp-content\/uploads\/2020\/07\/IMG_0603-2048x1536.jpeg 2048w, https:\/\/www.intellectualsovereignty.ch\/wp-content\/uploads\/2020\/07\/IMG_0603-1870x1403.jpeg 1870w, https:\/\/www.intellectualsovereignty.ch\/wp-content\/uploads\/2020\/07\/IMG_0603-400x300.jpeg 400w, https:\/\/www.intellectualsovereignty.ch\/wp-content\/uploads\/2020\/07\/IMG_0603-800x600.jpeg 800w\" sizes=\"auto, (max-width: 1024px) 100vw, 1024px\" \/><\/figure><\/li><li class=\"blocks-gallery-item\"><figure><img loading=\"lazy\" decoding=\"async\" width=\"1024\" height=\"390\" data-attachment-id=\"695\" data-permalink=\"https:\/\/www.intellectualsovereignty.ch\/index.php\/2020\/07\/12\/hike-26-interlaken-saxeten-rengglipass-spiez\/img_0604\/\" data-orig-file=\"https:\/\/www.intellectualsovereignty.ch\/wp-content\/uploads\/2020\/07\/IMG_0604-scaled.jpeg\" data-orig-size=\"2560,974\" data-comments-opened=\"0\" data-image-title=\"IMG_0604\" data-image-description=\"\" data-image-caption=\"\" data-large-file=\"https:\/\/www.intellectualsovereignty.ch\/wp-content\/uploads\/2020\/07\/IMG_0604-1024x390.jpeg\" src=\"https:\/\/www.intellectualsovereignty.ch\/wp-content\/uploads\/2020\/07\/IMG_0604-1024x390.jpeg\" alt=\"\" data-id=\"695\" data-full-url=\"https:\/\/www.intellectualsovereignty.ch\/wp-content\/uploads\/2020\/07\/IMG_0604-scaled.jpeg\" data-link=\"https:\/\/www.intellectualsovereignty.ch\/?attachment_id=695\" class=\"wp-image-695\" srcset=\"https:\/\/www.intellectualsovereignty.ch\/wp-content\/uploads\/2020\/07\/IMG_0604-1024x390.jpeg 1024w, https:\/\/www.intellectualsovereignty.ch\/wp-content\/uploads\/2020\/07\/IMG_0604-300x114.jpeg 300w, https:\/\/www.intellectualsovereignty.ch\/wp-content\/uploads\/2020\/07\/IMG_0604-768x292.jpeg 768w, https:\/\/www.intellectualsovereignty.ch\/wp-content\/uploads\/2020\/07\/IMG_0604-1536x584.jpeg 1536w, https:\/\/www.intellectualsovereignty.ch\/wp-content\/uploads\/2020\/07\/IMG_0604-2048x779.jpeg 2048w, https:\/\/www.intellectualsovereignty.ch\/wp-content\/uploads\/2020\/07\/IMG_0604-1870x712.jpeg 1870w, https:\/\/www.intellectualsovereignty.ch\/wp-content\/uploads\/2020\/07\/IMG_0604-400x152.jpeg 400w, https:\/\/www.intellectualsovereignty.ch\/wp-content\/uploads\/2020\/07\/IMG_0604-800x304.jpeg 800w\" sizes=\"auto, (max-width: 1024px) 100vw, 1024px\" \/><\/figure><\/li><li class=\"blocks-gallery-item\"><figure><img loading=\"lazy\" decoding=\"async\" width=\"1024\" height=\"768\" data-attachment-id=\"696\" data-permalink=\"https:\/\/www.intellectualsovereignty.ch\/index.php\/2020\/07\/12\/hike-26-interlaken-saxeten-rengglipass-spiez\/img_0605\/\" data-orig-file=\"https:\/\/www.intellectualsovereignty.ch\/wp-content\/uploads\/2020\/07\/IMG_0605-scaled.jpeg\" data-orig-size=\"2560,1920\" data-comments-opened=\"0\" data-image-title=\"IMG_0605\" data-image-description=\"\" data-image-caption=\"\" data-large-file=\"https:\/\/www.intellectualsovereignty.ch\/wp-content\/uploads\/2020\/07\/IMG_0605-1024x768.jpeg\" src=\"https:\/\/www.intellectualsovereignty.ch\/wp-content\/uploads\/2020\/07\/IMG_0605-1024x768.jpeg\" alt=\"\" data-id=\"696\" data-full-url=\"https:\/\/www.intellectualsovereignty.ch\/wp-content\/uploads\/2020\/07\/IMG_0605-scaled.jpeg\" data-link=\"https:\/\/www.intellectualsovereignty.ch\/?attachment_id=696\" class=\"wp-image-696\" srcset=\"https:\/\/www.intellectualsovereignty.ch\/wp-content\/uploads\/2020\/07\/IMG_0605-1024x768.jpeg 1024w, https:\/\/www.intellectualsovereignty.ch\/wp-content\/uploads\/2020\/07\/IMG_0605-300x225.jpeg 300w, https:\/\/www.intellectualsovereignty.ch\/wp-content\/uploads\/2020\/07\/IMG_0605-768x576.jpeg 768w, https:\/\/www.intellectualsovereignty.ch\/wp-content\/uploads\/2020\/07\/IMG_0605-1536x1152.jpeg 1536w, https:\/\/www.intellectualsovereignty.ch\/wp-content\/uploads\/2020\/07\/IMG_0605-2048x1536.jpeg 2048w, https:\/\/www.intellectualsovereignty.ch\/wp-content\/uploads\/2020\/07\/IMG_0605-1870x1403.jpeg 1870w, https:\/\/www.intellectualsovereignty.ch\/wp-content\/uploads\/2020\/07\/IMG_0605-400x300.jpeg 400w, https:\/\/www.intellectualsovereignty.ch\/wp-content\/uploads\/2020\/07\/IMG_0605-800x600.jpeg 800w\" sizes=\"auto, (max-width: 1024px) 100vw, 1024px\" \/><\/figure><\/li><li class=\"blocks-gallery-item\"><figure><img loading=\"lazy\" decoding=\"async\" width=\"1024\" height=\"768\" data-attachment-id=\"697\" data-permalink=\"https:\/\/www.intellectualsovereignty.ch\/index.php\/2020\/07\/12\/hike-26-interlaken-saxeten-rengglipass-spiez\/img_0606\/\" data-orig-file=\"https:\/\/www.intellectualsovereignty.ch\/wp-content\/uploads\/2020\/07\/IMG_0606-scaled.jpeg\" data-orig-size=\"2560,1920\" data-comments-opened=\"0\" data-image-title=\"IMG_0606\" data-image-description=\"\" data-image-caption=\"\" data-large-file=\"https:\/\/www.intellectualsovereignty.ch\/wp-content\/uploads\/2020\/07\/IMG_0606-1024x768.jpeg\" src=\"https:\/\/www.intellectualsovereignty.ch\/wp-content\/uploads\/2020\/07\/IMG_0606-1024x768.jpeg\" alt=\"\" data-id=\"697\" data-full-url=\"https:\/\/www.intellectualsovereignty.ch\/wp-content\/uploads\/2020\/07\/IMG_0606-scaled.jpeg\" data-link=\"https:\/\/www.intellectualsovereignty.ch\/?attachment_id=697\" class=\"wp-image-697\" srcset=\"https:\/\/www.intellectualsovereignty.ch\/wp-content\/uploads\/2020\/07\/IMG_0606-1024x768.jpeg 1024w, https:\/\/www.intellectualsovereignty.ch\/wp-content\/uploads\/2020\/07\/IMG_0606-300x225.jpeg 300w, https:\/\/www.intellectualsovereignty.ch\/wp-content\/uploads\/2020\/07\/IMG_0606-768x576.jpeg 768w, https:\/\/www.intellectualsovereignty.ch\/wp-content\/uploads\/2020\/07\/IMG_0606-1536x1152.jpeg 1536w, https:\/\/www.intellectualsovereignty.ch\/wp-content\/uploads\/2020\/07\/IMG_0606-2048x1536.jpeg 2048w, https:\/\/www.intellectualsovereignty.ch\/wp-content\/uploads\/2020\/07\/IMG_0606-1870x1403.jpeg 1870w, https:\/\/www.intellectualsovereignty.ch\/wp-content\/uploads\/2020\/07\/IMG_0606-400x300.jpeg 400w, https:\/\/www.intellectualsovereignty.ch\/wp-content\/uploads\/2020\/07\/IMG_0606-800x600.jpeg 800w\" sizes=\"auto, (max-width: 1024px) 100vw, 1024px\" \/><\/figure><\/li><li class=\"blocks-gallery-item\"><figure><img loading=\"lazy\" decoding=\"async\" width=\"1024\" height=\"768\" data-attachment-id=\"698\" data-permalink=\"https:\/\/www.intellectualsovereignty.ch\/index.php\/2020\/07\/12\/hike-26-interlaken-saxeten-rengglipass-spiez\/img_0607\/\" data-orig-file=\"https:\/\/www.intellectualsovereignty.ch\/wp-content\/uploads\/2020\/07\/IMG_0607-scaled.jpeg\" data-orig-size=\"2560,1920\" data-comments-opened=\"0\" data-image-title=\"IMG_0607\" data-image-description=\"\" data-image-caption=\"\" data-large-file=\"https:\/\/www.intellectualsovereignty.ch\/wp-content\/uploads\/2020\/07\/IMG_0607-1024x768.jpeg\" src=\"https:\/\/www.intellectualsovereignty.ch\/wp-content\/uploads\/2020\/07\/IMG_0607-1024x768.jpeg\" alt=\"\" data-id=\"698\" data-full-url=\"https:\/\/www.intellectualsovereignty.ch\/wp-content\/uploads\/2020\/07\/IMG_0607-scaled.jpeg\" data-link=\"https:\/\/www.intellectualsovereignty.ch\/?attachment_id=698\" class=\"wp-image-698\" srcset=\"https:\/\/www.intellectualsovereignty.ch\/wp-content\/uploads\/2020\/07\/IMG_0607-1024x768.jpeg 1024w, https:\/\/www.intellectualsovereignty.ch\/wp-content\/uploads\/2020\/07\/IMG_0607-300x225.jpeg 300w, https:\/\/www.intellectualsovereignty.ch\/wp-content\/uploads\/2020\/07\/IMG_0607-768x576.jpeg 768w, https:\/\/www.intellectualsovereignty.ch\/wp-content\/uploads\/2020\/07\/IMG_0607-1536x1152.jpeg 1536w, https:\/\/www.intellectualsovereignty.ch\/wp-content\/uploads\/2020\/07\/IMG_0607-2048x1536.jpeg 2048w, https:\/\/www.intellectualsovereignty.ch\/wp-content\/uploads\/2020\/07\/IMG_0607-1870x1403.jpeg 1870w, https:\/\/www.intellectualsovereignty.ch\/wp-content\/uploads\/2020\/07\/IMG_0607-400x300.jpeg 400w, https:\/\/www.intellectualsovereignty.ch\/wp-content\/uploads\/2020\/07\/IMG_0607-800x600.jpeg 800w\" sizes=\"auto, (max-width: 1024px) 100vw, 1024px\" \/><\/figure><\/li><li class=\"blocks-gallery-item\"><figure><img loading=\"lazy\" decoding=\"async\" width=\"1024\" height=\"768\" data-attachment-id=\"699\" data-permalink=\"https:\/\/www.intellectualsovereignty.ch\/index.php\/2020\/07\/12\/hike-26-interlaken-saxeten-rengglipass-spiez\/img_0608\/\" data-orig-file=\"https:\/\/www.intellectualsovereignty.ch\/wp-content\/uploads\/2020\/07\/IMG_0608-scaled.jpeg\" data-orig-size=\"2560,1920\" data-comments-opened=\"0\" data-image-title=\"IMG_0608\" data-image-description=\"\" data-image-caption=\"\" data-large-file=\"https:\/\/www.intellectualsovereignty.ch\/wp-content\/uploads\/2020\/07\/IMG_0608-1024x768.jpeg\" src=\"https:\/\/www.intellectualsovereignty.ch\/wp-content\/uploads\/2020\/07\/IMG_0608-1024x768.jpeg\" alt=\"\" data-id=\"699\" data-full-url=\"https:\/\/www.intellectualsovereignty.ch\/wp-content\/uploads\/2020\/07\/IMG_0608-scaled.jpeg\" data-link=\"https:\/\/www.intellectualsovereignty.ch\/?attachment_id=699\" class=\"wp-image-699\" srcset=\"https:\/\/www.intellectualsovereignty.ch\/wp-content\/uploads\/2020\/07\/IMG_0608-1024x768.jpeg 1024w, https:\/\/www.intellectualsovereignty.ch\/wp-content\/uploads\/2020\/07\/IMG_0608-300x225.jpeg 300w, https:\/\/www.intellectualsovereignty.ch\/wp-content\/uploads\/2020\/07\/IMG_0608-768x576.jpeg 768w, https:\/\/www.intellectualsovereignty.ch\/wp-content\/uploads\/2020\/07\/IMG_0608-1536x1152.jpeg 1536w, https:\/\/www.intellectualsovereignty.ch\/wp-content\/uploads\/2020\/07\/IMG_0608-2048x1536.jpeg 2048w, https:\/\/www.intellectualsovereignty.ch\/wp-content\/uploads\/2020\/07\/IMG_0608-1870x1403.jpeg 1870w, https:\/\/www.intellectualsovereignty.ch\/wp-content\/uploads\/2020\/07\/IMG_0608-400x300.jpeg 400w, https:\/\/www.intellectualsovereignty.ch\/wp-content\/uploads\/2020\/07\/IMG_0608-800x600.jpeg 800w\" sizes=\"auto, (max-width: 1024px) 100vw, 1024px\" \/><\/figure><\/li><li class=\"blocks-gallery-item\"><figure><img loading=\"lazy\" decoding=\"async\" width=\"1024\" height=\"313\" data-attachment-id=\"700\" data-permalink=\"https:\/\/www.intellectualsovereignty.ch\/index.php\/2020\/07\/12\/hike-26-interlaken-saxeten-rengglipass-spiez\/img_0609\/\" data-orig-file=\"https:\/\/www.intellectualsovereignty.ch\/wp-content\/uploads\/2020\/07\/IMG_0609-scaled.jpeg\" data-orig-size=\"2560,782\" data-comments-opened=\"0\" data-image-title=\"IMG_0609\" data-image-description=\"\" data-image-caption=\"\" data-large-file=\"https:\/\/www.intellectualsovereignty.ch\/wp-content\/uploads\/2020\/07\/IMG_0609-1024x313.jpeg\" src=\"https:\/\/www.intellectualsovereignty.ch\/wp-content\/uploads\/2020\/07\/IMG_0609-1024x313.jpeg\" alt=\"\" data-id=\"700\" data-full-url=\"https:\/\/www.intellectualsovereignty.ch\/wp-content\/uploads\/2020\/07\/IMG_0609-scaled.jpeg\" data-link=\"https:\/\/www.intellectualsovereignty.ch\/?attachment_id=700\" class=\"wp-image-700\" srcset=\"https:\/\/www.intellectualsovereignty.ch\/wp-content\/uploads\/2020\/07\/IMG_0609-1024x313.jpeg 1024w, https:\/\/www.intellectualsovereignty.ch\/wp-content\/uploads\/2020\/07\/IMG_0609-300x92.jpeg 300w, https:\/\/www.intellectualsovereignty.ch\/wp-content\/uploads\/2020\/07\/IMG_0609-768x235.jpeg 768w, https:\/\/www.intellectualsovereignty.ch\/wp-content\/uploads\/2020\/07\/IMG_0609-1536x469.jpeg 1536w, https:\/\/www.intellectualsovereignty.ch\/wp-content\/uploads\/2020\/07\/IMG_0609-2048x626.jpeg 2048w, https:\/\/www.intellectualsovereignty.ch\/wp-content\/uploads\/2020\/07\/IMG_0609-1870x571.jpeg 1870w, https:\/\/www.intellectualsovereignty.ch\/wp-content\/uploads\/2020\/07\/IMG_0609-400x122.jpeg 400w, https:\/\/www.intellectualsovereignty.ch\/wp-content\/uploads\/2020\/07\/IMG_0609-800x244.jpeg 800w\" sizes=\"auto, (max-width: 1024px) 100vw, 1024px\" \/><\/figure><\/li><li class=\"blocks-gallery-item\"><figure><img loading=\"lazy\" decoding=\"async\" width=\"1024\" height=\"768\" data-attachment-id=\"701\" data-permalink=\"https:\/\/www.intellectualsovereignty.ch\/index.php\/2020\/07\/12\/hike-26-interlaken-saxeten-rengglipass-spiez\/img_0610\/\" data-orig-file=\"https:\/\/www.intellectualsovereignty.ch\/wp-content\/uploads\/2020\/07\/IMG_0610-scaled.jpeg\" data-orig-size=\"2560,1920\" data-comments-opened=\"0\" data-image-title=\"IMG_0610\" data-image-description=\"\" data-image-caption=\"\" data-large-file=\"https:\/\/www.intellectualsovereignty.ch\/wp-content\/uploads\/2020\/07\/IMG_0610-1024x768.jpeg\" src=\"https:\/\/www.intellectualsovereignty.ch\/wp-content\/uploads\/2020\/07\/IMG_0610-1024x768.jpeg\" alt=\"\" data-id=\"701\" data-full-url=\"https:\/\/www.intellectualsovereignty.ch\/wp-content\/uploads\/2020\/07\/IMG_0610-scaled.jpeg\" data-link=\"https:\/\/www.intellectualsovereignty.ch\/?attachment_id=701\" class=\"wp-image-701\" srcset=\"https:\/\/www.intellectualsovereignty.ch\/wp-content\/uploads\/2020\/07\/IMG_0610-1024x768.jpeg 1024w, https:\/\/www.intellectualsovereignty.ch\/wp-content\/uploads\/2020\/07\/IMG_0610-300x225.jpeg 300w, https:\/\/www.intellectualsovereignty.ch\/wp-content\/uploads\/2020\/07\/IMG_0610-768x576.jpeg 768w, https:\/\/www.intellectualsovereignty.ch\/wp-content\/uploads\/2020\/07\/IMG_0610-1536x1152.jpeg 1536w, https:\/\/www.intellectualsovereignty.ch\/wp-content\/uploads\/2020\/07\/IMG_0610-2048x1536.jpeg 2048w, https:\/\/www.intellectualsovereignty.ch\/wp-content\/uploads\/2020\/07\/IMG_0610-1870x1403.jpeg 1870w, https:\/\/www.intellectualsovereignty.ch\/wp-content\/uploads\/2020\/07\/IMG_0610-400x300.jpeg 400w, https:\/\/www.intellectualsovereignty.ch\/wp-content\/uploads\/2020\/07\/IMG_0610-800x600.jpeg 800w\" sizes=\"auto, (max-width: 1024px) 100vw, 1024px\" \/><\/figure><\/li><li class=\"blocks-gallery-item\"><figure><img loading=\"lazy\" decoding=\"async\" width=\"1024\" height=\"370\" data-attachment-id=\"702\" data-permalink=\"https:\/\/www.intellectualsovereignty.ch\/index.php\/2020\/07\/12\/hike-26-interlaken-saxeten-rengglipass-spiez\/img_0611\/\" data-orig-file=\"https:\/\/www.intellectualsovereignty.ch\/wp-content\/uploads\/2020\/07\/IMG_0611-scaled.jpeg\" data-orig-size=\"2560,926\" data-comments-opened=\"0\" data-image-title=\"IMG_0611\" data-image-description=\"\" data-image-caption=\"\" data-large-file=\"https:\/\/www.intellectualsovereignty.ch\/wp-content\/uploads\/2020\/07\/IMG_0611-1024x370.jpeg\" src=\"https:\/\/www.intellectualsovereignty.ch\/wp-content\/uploads\/2020\/07\/IMG_0611-1024x370.jpeg\" alt=\"\" data-id=\"702\" data-full-url=\"https:\/\/www.intellectualsovereignty.ch\/wp-content\/uploads\/2020\/07\/IMG_0611-scaled.jpeg\" data-link=\"https:\/\/www.intellectualsovereignty.ch\/?attachment_id=702\" class=\"wp-image-702\" srcset=\"https:\/\/www.intellectualsovereignty.ch\/wp-content\/uploads\/2020\/07\/IMG_0611-1024x370.jpeg 1024w, https:\/\/www.intellectualsovereignty.ch\/wp-content\/uploads\/2020\/07\/IMG_0611-300x109.jpeg 300w, https:\/\/www.intellectualsovereignty.ch\/wp-content\/uploads\/2020\/07\/IMG_0611-768x278.jpeg 768w, https:\/\/www.intellectualsovereignty.ch\/wp-content\/uploads\/2020\/07\/IMG_0611-1536x556.jpeg 1536w, https:\/\/www.intellectualsovereignty.ch\/wp-content\/uploads\/2020\/07\/IMG_0611-2048x741.jpeg 2048w, https:\/\/www.intellectualsovereignty.ch\/wp-content\/uploads\/2020\/07\/IMG_0611-1870x677.jpeg 1870w, https:\/\/www.intellectualsovereignty.ch\/wp-content\/uploads\/2020\/07\/IMG_0611-400x145.jpeg 400w, https:\/\/www.intellectualsovereignty.ch\/wp-content\/uploads\/2020\/07\/IMG_0611-800x289.jpeg 800w\" sizes=\"auto, (max-width: 1024px) 100vw, 1024px\" \/><\/figure><\/li><li class=\"blocks-gallery-item\"><figure><img loading=\"lazy\" decoding=\"async\" width=\"768\" height=\"1024\" data-attachment-id=\"703\" data-permalink=\"https:\/\/www.intellectualsovereignty.ch\/index.php\/2020\/07\/12\/hike-26-interlaken-saxeten-rengglipass-spiez\/img_0612\/\" data-orig-file=\"https:\/\/www.intellectualsovereignty.ch\/wp-content\/uploads\/2020\/07\/IMG_0612-scaled.jpeg\" data-orig-size=\"1920,2560\" data-comments-opened=\"0\" data-image-title=\"IMG_0612\" data-image-description=\"\" data-image-caption=\"\" data-large-file=\"https:\/\/www.intellectualsovereignty.ch\/wp-content\/uploads\/2020\/07\/IMG_0612-768x1024.jpeg\" src=\"https:\/\/www.intellectualsovereignty.ch\/wp-content\/uploads\/2020\/07\/IMG_0612-768x1024.jpeg\" alt=\"\" data-id=\"703\" data-full-url=\"https:\/\/www.intellectualsovereignty.ch\/wp-content\/uploads\/2020\/07\/IMG_0612-scaled.jpeg\" data-link=\"https:\/\/www.intellectualsovereignty.ch\/?attachment_id=703\" class=\"wp-image-703\" srcset=\"https:\/\/www.intellectualsovereignty.ch\/wp-content\/uploads\/2020\/07\/IMG_0612-768x1024.jpeg 768w, https:\/\/www.intellectualsovereignty.ch\/wp-content\/uploads\/2020\/07\/IMG_0612-225x300.jpeg 225w, https:\/\/www.intellectualsovereignty.ch\/wp-content\/uploads\/2020\/07\/IMG_0612-1152x1536.jpeg 1152w, https:\/\/www.intellectualsovereignty.ch\/wp-content\/uploads\/2020\/07\/IMG_0612-1536x2048.jpeg 1536w, https:\/\/www.intellectualsovereignty.ch\/wp-content\/uploads\/2020\/07\/IMG_0612-1870x2493.jpeg 1870w, https:\/\/www.intellectualsovereignty.ch\/wp-content\/uploads\/2020\/07\/IMG_0612-400x533.jpeg 400w, https:\/\/www.intellectualsovereignty.ch\/wp-content\/uploads\/2020\/07\/IMG_0612-800x1067.jpeg 800w, https:\/\/www.intellectualsovereignty.ch\/wp-content\/uploads\/2020\/07\/IMG_0612-scaled.jpeg 1920w\" sizes=\"auto, (max-width: 768px) 100vw, 768px\" \/><\/figure><\/li><li class=\"blocks-gallery-item\"><figure><img loading=\"lazy\" decoding=\"async\" width=\"1024\" height=\"768\" data-attachment-id=\"704\" data-permalink=\"https:\/\/www.intellectualsovereignty.ch\/index.php\/2020\/07\/12\/hike-26-interlaken-saxeten-rengglipass-spiez\/img_0613\/\" data-orig-file=\"https:\/\/www.intellectualsovereignty.ch\/wp-content\/uploads\/2020\/07\/IMG_0613-scaled.jpeg\" data-orig-size=\"2560,1920\" data-comments-opened=\"0\" data-image-title=\"IMG_0613\" data-image-description=\"\" data-image-caption=\"\" data-large-file=\"https:\/\/www.intellectualsovereignty.ch\/wp-content\/uploads\/2020\/07\/IMG_0613-1024x768.jpeg\" src=\"https:\/\/www.intellectualsovereignty.ch\/wp-content\/uploads\/2020\/07\/IMG_0613-1024x768.jpeg\" alt=\"\" data-id=\"704\" data-full-url=\"https:\/\/www.intellectualsovereignty.ch\/wp-content\/uploads\/2020\/07\/IMG_0613-scaled.jpeg\" data-link=\"https:\/\/www.intellectualsovereignty.ch\/?attachment_id=704\" class=\"wp-image-704\" srcset=\"https:\/\/www.intellectualsovereignty.ch\/wp-content\/uploads\/2020\/07\/IMG_0613-1024x768.jpeg 1024w, https:\/\/www.intellectualsovereignty.ch\/wp-content\/uploads\/2020\/07\/IMG_0613-300x225.jpeg 300w, https:\/\/www.intellectualsovereignty.ch\/wp-content\/uploads\/2020\/07\/IMG_0613-768x576.jpeg 768w, https:\/\/www.intellectualsovereignty.ch\/wp-content\/uploads\/2020\/07\/IMG_0613-1536x1152.jpeg 1536w, https:\/\/www.intellectualsovereignty.ch\/wp-content\/uploads\/2020\/07\/IMG_0613-2048x1536.jpeg 2048w, https:\/\/www.intellectualsovereignty.ch\/wp-content\/uploads\/2020\/07\/IMG_0613-1870x1403.jpeg 1870w, https:\/\/www.intellectualsovereignty.ch\/wp-content\/uploads\/2020\/07\/IMG_0613-400x300.jpeg 400w, https:\/\/www.intellectualsovereignty.ch\/wp-content\/uploads\/2020\/07\/IMG_0613-800x600.jpeg 800w\" sizes=\"auto, (max-width: 1024px) 100vw, 1024px\" \/><\/figure><\/li><li class=\"blocks-gallery-item\"><figure><img loading=\"lazy\" decoding=\"async\" width=\"1024\" height=\"768\" data-attachment-id=\"705\" data-permalink=\"https:\/\/www.intellectualsovereignty.ch\/index.php\/2020\/07\/12\/hike-26-interlaken-saxeten-rengglipass-spiez\/img_0614\/\" data-orig-file=\"https:\/\/www.intellectualsovereignty.ch\/wp-content\/uploads\/2020\/07\/IMG_0614-scaled.jpeg\" data-orig-size=\"2560,1920\" data-comments-opened=\"0\" data-image-title=\"IMG_0614\" data-image-description=\"\" data-image-caption=\"\" data-large-file=\"https:\/\/www.intellectualsovereignty.ch\/wp-content\/uploads\/2020\/07\/IMG_0614-1024x768.jpeg\" src=\"https:\/\/www.intellectualsovereignty.ch\/wp-content\/uploads\/2020\/07\/IMG_0614-1024x768.jpeg\" alt=\"\" data-id=\"705\" data-full-url=\"https:\/\/www.intellectualsovereignty.ch\/wp-content\/uploads\/2020\/07\/IMG_0614-scaled.jpeg\" data-link=\"https:\/\/www.intellectualsovereignty.ch\/?attachment_id=705\" class=\"wp-image-705\" srcset=\"https:\/\/www.intellectualsovereignty.ch\/wp-content\/uploads\/2020\/07\/IMG_0614-1024x768.jpeg 1024w, https:\/\/www.intellectualsovereignty.ch\/wp-content\/uploads\/2020\/07\/IMG_0614-300x225.jpeg 300w, https:\/\/www.intellectualsovereignty.ch\/wp-content\/uploads\/2020\/07\/IMG_0614-768x576.jpeg 768w, https:\/\/www.intellectualsovereignty.ch\/wp-content\/uploads\/2020\/07\/IMG_0614-1536x1152.jpeg 1536w, https:\/\/www.intellectualsovereignty.ch\/wp-content\/uploads\/2020\/07\/IMG_0614-2048x1536.jpeg 2048w, https:\/\/www.intellectualsovereignty.ch\/wp-content\/uploads\/2020\/07\/IMG_0614-1870x1403.jpeg 1870w, https:\/\/www.intellectualsovereignty.ch\/wp-content\/uploads\/2020\/07\/IMG_0614-400x300.jpeg 400w, https:\/\/www.intellectualsovereignty.ch\/wp-content\/uploads\/2020\/07\/IMG_0614-800x600.jpeg 800w\" sizes=\"auto, (max-width: 1024px) 100vw, 1024px\" \/><\/figure><\/li><\/ul><\/figure>\n\n\n\n<hr class=\"wp-block-separator\"\/>\n\n\n\n<p class=\"wp-block-paragraph\">Distanz: 31.4km<br>H\u00f6henmeter: 1&#8217;887m<br>Marschzeit: 7h45<br>GPS-Route:\u00a0<a rel=\"noreferrer noopener\" href=\"https:\/\/map.schweizmobil.ch\/?lang=de&amp;photos=yes&amp;logo=yes&amp;season=summer&amp;bgLayer=pk&amp;resolution=3.23&amp;E=2626179&amp;N=1162808&amp;trackId=7339361\" target=\"_blank\">SchweizMobil<\/a><br>Beschrieb: <a rel=\"noreferrer noopener\" href=\"https:\/\/www.schweizmobil.ch\/de\/wanderland\/routen\/route-0325.html\" target=\"_blank\">Vom Saxet ins Suldtal (Nr. 325)<\/a>, <a rel=\"noreferrer noopener\" href=\"https:\/\/www.schweizmobil.ch\/de\/wanderland\/routen\/route\/etappe-01754.html\" target=\"_blank\">Panorama Rundweg Thunersee (Nr. 26)<\/a>, Etappe 3 (Abschnitt Hellbode &#8211; Spiez)<\/p>\n\n\n[sgpx gpx=\/wp-content\/uploads\/gpx\/20200711_interlakensaxetenrengglipassspiez.gpx ]\n","protected":false},"excerpt":{"rendered":"<p>Die Trail-Trainingsrunde k\u00fcndigte sich feucht an: Bereits bei der Anfahrt im Zug nach Interlaken meinte mein Regenradar, dass wohl bis Saxeten mit viel Regen zu rechnen sei&#8230; und so war der Aufstieg \u00fcber die Heimwehfluh, den Grossen Rugen sowie hoch zum Abendberg nicht nur steil, sondern auch rundum nass! Unterwegs l\u00e4sst sich ab und zu [&hellip;]<\/p>\n","protected":false},"author":1,"featured_media":707,"comment_status":"open","ping_status":"open","sticky":false,"template":"","format":"standard","meta":{"_jetpack_newsletter_access":"","_jetpack_dont_email_post_to_subs":false,"_jetpack_newsletter_tier_id":0,"_jetpack_memberships_contains_paywalled_content":false,"_spotmap_latitude":"","_spotmap_longitude":"","_jetpack_feature_clip_id":0,"_jetpack_memberships_contains_paid_content":false,"footnotes":"","jetpack_post_was_ever_published":false},"categories":[3],"tags":[20,19],"class_list":["post-652","post","type-post","status-publish","format-standard","has-post-thumbnail","hentry","category-hiking","tag-ch_026","tag-ch_325","has-thumbnail"],"jetpack_shortlink":"https:\/\/wp.me\/p9IwFN-aw","jetpack_likes_enabled":false,"jetpack_sharing_enabled":true,"jetpack_featured_media_url":"https:\/\/www.intellectualsovereignty.ch\/wp-content\/uploads\/2020\/07\/IMG_0584_cropped-scaled.jpeg","_links":{"self":[{"href":"https:\/\/www.intellectualsovereignty.ch\/index.php\/wp-json\/wp\/v2\/posts\/652","targetHints":{"allow":["GET"]}}],"collection":[{"href":"https:\/\/www.intellectualsovereignty.ch\/index.php\/wp-json\/wp\/v2\/posts"}],"about":[{"href":"https:\/\/www.intellectualsovereignty.ch\/index.php\/wp-json\/wp\/v2\/types\/post"}],"author":[{"embeddable":true,"href":"https:\/\/www.intellectualsovereignty.ch\/index.php\/wp-json\/wp\/v2\/users\/1"}],"replies":[{"embeddable":true,"href":"https:\/\/www.intellectualsovereignty.ch\/index.php\/wp-json\/wp\/v2\/comments?post=652"}],"version-history":[{"count":4,"href":"https:\/\/www.intellectualsovereignty.ch\/index.php\/wp-json\/wp\/v2\/posts\/652\/revisions"}],"predecessor-version":[{"id":709,"href":"https:\/\/www.intellectualsovereignty.ch\/index.php\/wp-json\/wp\/v2\/posts\/652\/revisions\/709"}],"wp:featuredmedia":[{"embeddable":true,"href":"https:\/\/www.intellectualsovereignty.ch\/index.php\/wp-json\/wp\/v2\/media\/707"}],"wp:attachment":[{"href":"https:\/\/www.intellectualsovereignty.ch\/index.php\/wp-json\/wp\/v2\/media?parent=652"}],"wp:term":[{"taxonomy":"category","embeddable":true,"href":"https:\/\/www.intellectualsovereignty.ch\/index.php\/wp-json\/wp\/v2\/categories?post=652"},{"taxonomy":"post_tag","embeddable":true,"href":"https:\/\/www.intellectualsovereignty.ch\/index.php\/wp-json\/wp\/v2\/tags?post=652"}],"curies":[{"name":"wp","href":"https:\/\/api.w.org\/{rel}","templated":true}]}}