{"id":607,"date":"2020-07-04T22:55:01","date_gmt":"2020-07-04T20:55:01","guid":{"rendered":"https:\/\/www.intellectualsovereignty.ch\/?p=607"},"modified":"2020-07-12T08:45:53","modified_gmt":"2020-07-12T06:45:53","slug":"hike-25-schwarzsee-patraflon-schwarzsee","status":"publish","type":"post","link":"https:\/\/www.intellectualsovereignty.ch\/index.php\/2020\/07\/04\/hike-25-schwarzsee-patraflon-schwarzsee\/","title":{"rendered":"Hike #25 \/ Schwarzsee &#8211; Patraflon &#8211; Schwarzsee"},"content":{"rendered":"\n<p class=\"wp-block-paragraph\">Heute war Bea an der Reihe eine Wanderung auszuw\u00e4hlen, erw\u00fcnscht war ein nicht allzu anstrengender H\u00f6henweg mit unter tausend Metern H\u00f6hendifferenz. Gelaufen sind wir schliesslich einen Weg, der ziemlich hoch hinaus reichte, alles andere als ein klassischer H\u00f6henweg, daf\u00fcr mit atemberaubender Aussicht. So machten wir uns auf zum freiburgischen Schwarzsee, wo wir von Schwarzsee Bad losmarschierten in Richtung Recardets und Col-du-Chamois&#8230;<\/p>\n\n\n\n<figure class=\"wp-block-gallery columns-3 is-cropped wp-block-gallery-1 is-layout-flex wp-block-gallery-is-layout-flex\"><ul class=\"blocks-gallery-grid\"><li class=\"blocks-gallery-item\"><figure><img loading=\"lazy\" decoding=\"async\" width=\"2560\" height=\"1920\" data-attachment-id=\"608\" data-permalink=\"https:\/\/www.intellectualsovereignty.ch\/index.php\/2020\/07\/04\/hike-25-schwarzsee-patraflon-schwarzsee\/img_0512\/\" data-orig-file=\"https:\/\/www.intellectualsovereignty.ch\/wp-content\/uploads\/2020\/07\/IMG_0512-scaled.jpeg\" data-orig-size=\"2560,1920\" data-comments-opened=\"0\" data-image-title=\"IMG_0512\" data-image-description=\"\" data-image-caption=\"\" data-large-file=\"https:\/\/www.intellectualsovereignty.ch\/wp-content\/uploads\/2020\/07\/IMG_0512-1024x768.jpeg\" src=\"https:\/\/i0.wp.com\/www.intellectualsovereignty.ch\/wp-content\/uploads\/2020\/07\/IMG_0512-scaled.jpeg?fit=520%2C390&amp;ssl=1\" alt=\"\" data-id=\"608\" data-full-url=\"https:\/\/i0.wp.com\/www.intellectualsovereignty.ch\/wp-content\/uploads\/2020\/07\/IMG_0512-scaled.jpeg?fit=2560%2C1920&amp;ssl=1\" data-link=\"https:\/\/www.intellectualsovereignty.ch\/?attachment_id=608\" class=\"wp-image-608\" srcset=\"https:\/\/www.intellectualsovereignty.ch\/wp-content\/uploads\/2020\/07\/IMG_0512-scaled.jpeg 2560w, https:\/\/www.intellectualsovereignty.ch\/wp-content\/uploads\/2020\/07\/IMG_0512-300x225.jpeg 300w, https:\/\/www.intellectualsovereignty.ch\/wp-content\/uploads\/2020\/07\/IMG_0512-1024x768.jpeg 1024w, https:\/\/www.intellectualsovereignty.ch\/wp-content\/uploads\/2020\/07\/IMG_0512-768x576.jpeg 768w, https:\/\/www.intellectualsovereignty.ch\/wp-content\/uploads\/2020\/07\/IMG_0512-1536x1152.jpeg 1536w, https:\/\/www.intellectualsovereignty.ch\/wp-content\/uploads\/2020\/07\/IMG_0512-2048x1536.jpeg 2048w, https:\/\/www.intellectualsovereignty.ch\/wp-content\/uploads\/2020\/07\/IMG_0512-1870x1403.jpeg 1870w, https:\/\/www.intellectualsovereignty.ch\/wp-content\/uploads\/2020\/07\/IMG_0512-400x300.jpeg 400w, https:\/\/www.intellectualsovereignty.ch\/wp-content\/uploads\/2020\/07\/IMG_0512-800x600.jpeg 800w\" sizes=\"auto, (max-width: 2560px) 100vw, 2560px\" \/><\/figure><\/li><li class=\"blocks-gallery-item\"><figure><img loading=\"lazy\" decoding=\"async\" width=\"2560\" height=\"1920\" data-attachment-id=\"609\" data-permalink=\"https:\/\/www.intellectualsovereignty.ch\/index.php\/2020\/07\/04\/hike-25-schwarzsee-patraflon-schwarzsee\/img_0513\/\" data-orig-file=\"https:\/\/www.intellectualsovereignty.ch\/wp-content\/uploads\/2020\/07\/IMG_0513-scaled.jpeg\" data-orig-size=\"2560,1920\" data-comments-opened=\"0\" data-image-title=\"IMG_0513\" data-image-description=\"\" data-image-caption=\"\" data-large-file=\"https:\/\/www.intellectualsovereignty.ch\/wp-content\/uploads\/2020\/07\/IMG_0513-1024x768.jpeg\" src=\"https:\/\/i2.wp.com\/www.intellectualsovereignty.ch\/wp-content\/uploads\/2020\/07\/IMG_0513-scaled.jpeg?fit=520%2C390&amp;ssl=1\" alt=\"\" data-id=\"609\" data-full-url=\"https:\/\/i2.wp.com\/www.intellectualsovereignty.ch\/wp-content\/uploads\/2020\/07\/IMG_0513-scaled.jpeg?fit=2560%2C1920&amp;ssl=1\" data-link=\"https:\/\/www.intellectualsovereignty.ch\/?attachment_id=609\" class=\"wp-image-609\" srcset=\"https:\/\/www.intellectualsovereignty.ch\/wp-content\/uploads\/2020\/07\/IMG_0513-scaled.jpeg 2560w, https:\/\/www.intellectualsovereignty.ch\/wp-content\/uploads\/2020\/07\/IMG_0513-300x225.jpeg 300w, https:\/\/www.intellectualsovereignty.ch\/wp-content\/uploads\/2020\/07\/IMG_0513-1024x768.jpeg 1024w, https:\/\/www.intellectualsovereignty.ch\/wp-content\/uploads\/2020\/07\/IMG_0513-768x576.jpeg 768w, https:\/\/www.intellectualsovereignty.ch\/wp-content\/uploads\/2020\/07\/IMG_0513-1536x1152.jpeg 1536w, https:\/\/www.intellectualsovereignty.ch\/wp-content\/uploads\/2020\/07\/IMG_0513-2048x1536.jpeg 2048w, https:\/\/www.intellectualsovereignty.ch\/wp-content\/uploads\/2020\/07\/IMG_0513-1870x1403.jpeg 1870w, https:\/\/www.intellectualsovereignty.ch\/wp-content\/uploads\/2020\/07\/IMG_0513-400x300.jpeg 400w, https:\/\/www.intellectualsovereignty.ch\/wp-content\/uploads\/2020\/07\/IMG_0513-800x600.jpeg 800w\" sizes=\"auto, (max-width: 2560px) 100vw, 2560px\" \/><\/figure><\/li><li class=\"blocks-gallery-item\"><figure><img loading=\"lazy\" decoding=\"async\" width=\"2560\" height=\"1920\" data-attachment-id=\"610\" data-permalink=\"https:\/\/www.intellectualsovereignty.ch\/index.php\/2020\/07\/04\/hike-25-schwarzsee-patraflon-schwarzsee\/img_0514\/\" data-orig-file=\"https:\/\/www.intellectualsovereignty.ch\/wp-content\/uploads\/2020\/07\/IMG_0514-scaled.jpeg\" data-orig-size=\"2560,1920\" data-comments-opened=\"0\" data-image-title=\"IMG_0514\" data-image-description=\"\" data-image-caption=\"\" data-large-file=\"https:\/\/www.intellectualsovereignty.ch\/wp-content\/uploads\/2020\/07\/IMG_0514-1024x768.jpeg\" src=\"https:\/\/i0.wp.com\/www.intellectualsovereignty.ch\/wp-content\/uploads\/2020\/07\/IMG_0514-scaled.jpeg?fit=520%2C390&amp;ssl=1\" alt=\"\" data-id=\"610\" data-full-url=\"https:\/\/i0.wp.com\/www.intellectualsovereignty.ch\/wp-content\/uploads\/2020\/07\/IMG_0514-scaled.jpeg?fit=2560%2C1920&amp;ssl=1\" data-link=\"https:\/\/www.intellectualsovereignty.ch\/?attachment_id=610\" class=\"wp-image-610\" srcset=\"https:\/\/www.intellectualsovereignty.ch\/wp-content\/uploads\/2020\/07\/IMG_0514-scaled.jpeg 2560w, https:\/\/www.intellectualsovereignty.ch\/wp-content\/uploads\/2020\/07\/IMG_0514-300x225.jpeg 300w, https:\/\/www.intellectualsovereignty.ch\/wp-content\/uploads\/2020\/07\/IMG_0514-1024x768.jpeg 1024w, https:\/\/www.intellectualsovereignty.ch\/wp-content\/uploads\/2020\/07\/IMG_0514-768x576.jpeg 768w, https:\/\/www.intellectualsovereignty.ch\/wp-content\/uploads\/2020\/07\/IMG_0514-1536x1152.jpeg 1536w, https:\/\/www.intellectualsovereignty.ch\/wp-content\/uploads\/2020\/07\/IMG_0514-2048x1536.jpeg 2048w, https:\/\/www.intellectualsovereignty.ch\/wp-content\/uploads\/2020\/07\/IMG_0514-1870x1403.jpeg 1870w, https:\/\/www.intellectualsovereignty.ch\/wp-content\/uploads\/2020\/07\/IMG_0514-400x300.jpeg 400w, https:\/\/www.intellectualsovereignty.ch\/wp-content\/uploads\/2020\/07\/IMG_0514-800x600.jpeg 800w\" sizes=\"auto, (max-width: 2560px) 100vw, 2560px\" \/><\/figure><\/li><\/ul><\/figure>\n\n\n\n<p class=\"wp-block-paragraph\">Zu Beginn gehts rechts steil dem Fahrweg entlang, dann nach einem kurzen P\u00e4uschen mit J\u00e4ger-Pl\u00e4ttli bei Ober-Recardets etwas gem\u00e4chlicher zum n\u00f6rdlichen Grat hoch zum Pass hinauf. Ab La Chaux toppen sich die Panoramen alle paar H\u00f6henmeter, ich komme kaum nach mit Fotos schiessen. Das Wetter ist zwar ziemlich bew\u00f6lkt, der Blick schweift jedoch problemlos fast der ganzen Jurakette entlang, wundersch\u00f6n!<\/p>\n\n\n\n<figure class=\"wp-block-gallery columns-3 is-cropped wp-block-gallery-2 is-layout-flex wp-block-gallery-is-layout-flex\"><ul class=\"blocks-gallery-grid\"><li class=\"blocks-gallery-item\"><figure><img loading=\"lazy\" decoding=\"async\" width=\"2048\" height=\"1539\" data-attachment-id=\"611\" data-permalink=\"https:\/\/www.intellectualsovereignty.ch\/index.php\/2020\/07\/04\/hike-25-schwarzsee-patraflon-schwarzsee\/img_0078\/\" data-orig-file=\"https:\/\/www.intellectualsovereignty.ch\/wp-content\/uploads\/2020\/07\/IMG_0078.jpeg\" data-orig-size=\"2048,1539\" data-comments-opened=\"0\" data-image-title=\"IMG_0078\" data-image-description=\"\" data-image-caption=\"\" data-large-file=\"https:\/\/www.intellectualsovereignty.ch\/wp-content\/uploads\/2020\/07\/IMG_0078-1024x770.jpeg\" src=\"https:\/\/i0.wp.com\/www.intellectualsovereignty.ch\/wp-content\/uploads\/2020\/07\/IMG_0078.jpeg?fit=520%2C391&amp;ssl=1\" alt=\"\" data-id=\"611\" data-full-url=\"https:\/\/i0.wp.com\/www.intellectualsovereignty.ch\/wp-content\/uploads\/2020\/07\/IMG_0078.jpeg?fit=2048%2C1539&amp;ssl=1\" data-link=\"https:\/\/www.intellectualsovereignty.ch\/?attachment_id=611\" class=\"wp-image-611\" srcset=\"https:\/\/www.intellectualsovereignty.ch\/wp-content\/uploads\/2020\/07\/IMG_0078.jpeg 2048w, https:\/\/www.intellectualsovereignty.ch\/wp-content\/uploads\/2020\/07\/IMG_0078-300x225.jpeg 300w, https:\/\/www.intellectualsovereignty.ch\/wp-content\/uploads\/2020\/07\/IMG_0078-1024x770.jpeg 1024w, https:\/\/www.intellectualsovereignty.ch\/wp-content\/uploads\/2020\/07\/IMG_0078-768x577.jpeg 768w, https:\/\/www.intellectualsovereignty.ch\/wp-content\/uploads\/2020\/07\/IMG_0078-1536x1154.jpeg 1536w, https:\/\/www.intellectualsovereignty.ch\/wp-content\/uploads\/2020\/07\/IMG_0078-1870x1405.jpeg 1870w, https:\/\/www.intellectualsovereignty.ch\/wp-content\/uploads\/2020\/07\/IMG_0078-400x301.jpeg 400w, https:\/\/www.intellectualsovereignty.ch\/wp-content\/uploads\/2020\/07\/IMG_0078-800x601.jpeg 800w\" sizes=\"auto, (max-width: 2048px) 100vw, 2048px\" \/><\/figure><\/li><li class=\"blocks-gallery-item\"><figure><img loading=\"lazy\" decoding=\"async\" width=\"2560\" height=\"1920\" data-attachment-id=\"612\" data-permalink=\"https:\/\/www.intellectualsovereignty.ch\/index.php\/2020\/07\/04\/hike-25-schwarzsee-patraflon-schwarzsee\/img_0515\/\" data-orig-file=\"https:\/\/www.intellectualsovereignty.ch\/wp-content\/uploads\/2020\/07\/IMG_0515-scaled.jpeg\" data-orig-size=\"2560,1920\" data-comments-opened=\"0\" data-image-title=\"IMG_0515\" data-image-description=\"\" data-image-caption=\"\" data-large-file=\"https:\/\/www.intellectualsovereignty.ch\/wp-content\/uploads\/2020\/07\/IMG_0515-1024x768.jpeg\" src=\"https:\/\/i0.wp.com\/www.intellectualsovereignty.ch\/wp-content\/uploads\/2020\/07\/IMG_0515-scaled.jpeg?fit=520%2C390&amp;ssl=1\" alt=\"\" data-id=\"612\" data-full-url=\"https:\/\/i0.wp.com\/www.intellectualsovereignty.ch\/wp-content\/uploads\/2020\/07\/IMG_0515-scaled.jpeg?fit=2560%2C1920&amp;ssl=1\" data-link=\"https:\/\/www.intellectualsovereignty.ch\/?attachment_id=612\" class=\"wp-image-612\" srcset=\"https:\/\/www.intellectualsovereignty.ch\/wp-content\/uploads\/2020\/07\/IMG_0515-scaled.jpeg 2560w, https:\/\/www.intellectualsovereignty.ch\/wp-content\/uploads\/2020\/07\/IMG_0515-300x225.jpeg 300w, https:\/\/www.intellectualsovereignty.ch\/wp-content\/uploads\/2020\/07\/IMG_0515-1024x768.jpeg 1024w, https:\/\/www.intellectualsovereignty.ch\/wp-content\/uploads\/2020\/07\/IMG_0515-768x576.jpeg 768w, https:\/\/www.intellectualsovereignty.ch\/wp-content\/uploads\/2020\/07\/IMG_0515-1536x1152.jpeg 1536w, https:\/\/www.intellectualsovereignty.ch\/wp-content\/uploads\/2020\/07\/IMG_0515-2048x1536.jpeg 2048w, https:\/\/www.intellectualsovereignty.ch\/wp-content\/uploads\/2020\/07\/IMG_0515-1870x1403.jpeg 1870w, https:\/\/www.intellectualsovereignty.ch\/wp-content\/uploads\/2020\/07\/IMG_0515-400x300.jpeg 400w, https:\/\/www.intellectualsovereignty.ch\/wp-content\/uploads\/2020\/07\/IMG_0515-800x600.jpeg 800w\" sizes=\"auto, (max-width: 2560px) 100vw, 2560px\" \/><\/figure><\/li><li class=\"blocks-gallery-item\"><figure><img loading=\"lazy\" decoding=\"async\" width=\"1920\" height=\"2560\" data-attachment-id=\"613\" data-permalink=\"https:\/\/www.intellectualsovereignty.ch\/index.php\/2020\/07\/04\/hike-25-schwarzsee-patraflon-schwarzsee\/img_0516\/\" data-orig-file=\"https:\/\/www.intellectualsovereignty.ch\/wp-content\/uploads\/2020\/07\/IMG_0516-scaled.jpeg\" data-orig-size=\"1920,2560\" data-comments-opened=\"0\" data-image-title=\"IMG_0516\" data-image-description=\"\" data-image-caption=\"\" data-large-file=\"https:\/\/www.intellectualsovereignty.ch\/wp-content\/uploads\/2020\/07\/IMG_0516-768x1024.jpeg\" src=\"https:\/\/i2.wp.com\/www.intellectualsovereignty.ch\/wp-content\/uploads\/2020\/07\/IMG_0516-scaled.jpeg?fit=520%2C693&amp;ssl=1\" alt=\"\" data-id=\"613\" data-full-url=\"https:\/\/i2.wp.com\/www.intellectualsovereignty.ch\/wp-content\/uploads\/2020\/07\/IMG_0516-scaled.jpeg?fit=1920%2C2560&amp;ssl=1\" data-link=\"https:\/\/www.intellectualsovereignty.ch\/?attachment_id=613\" class=\"wp-image-613\" srcset=\"https:\/\/www.intellectualsovereignty.ch\/wp-content\/uploads\/2020\/07\/IMG_0516-scaled.jpeg 1920w, https:\/\/www.intellectualsovereignty.ch\/wp-content\/uploads\/2020\/07\/IMG_0516-225x300.jpeg 225w, https:\/\/www.intellectualsovereignty.ch\/wp-content\/uploads\/2020\/07\/IMG_0516-768x1024.jpeg 768w, https:\/\/www.intellectualsovereignty.ch\/wp-content\/uploads\/2020\/07\/IMG_0516-1152x1536.jpeg 1152w, https:\/\/www.intellectualsovereignty.ch\/wp-content\/uploads\/2020\/07\/IMG_0516-1536x2048.jpeg 1536w, https:\/\/www.intellectualsovereignty.ch\/wp-content\/uploads\/2020\/07\/IMG_0516-1870x2493.jpeg 1870w, https:\/\/www.intellectualsovereignty.ch\/wp-content\/uploads\/2020\/07\/IMG_0516-400x533.jpeg 400w, https:\/\/www.intellectualsovereignty.ch\/wp-content\/uploads\/2020\/07\/IMG_0516-800x1067.jpeg 800w\" sizes=\"auto, (max-width: 1920px) 100vw, 1920px\" \/><\/figure><\/li><li class=\"blocks-gallery-item\"><figure><img loading=\"lazy\" decoding=\"async\" width=\"2560\" height=\"611\" data-attachment-id=\"614\" data-permalink=\"https:\/\/www.intellectualsovereignty.ch\/index.php\/2020\/07\/04\/hike-25-schwarzsee-patraflon-schwarzsee\/img_0517\/\" data-orig-file=\"https:\/\/www.intellectualsovereignty.ch\/wp-content\/uploads\/2020\/07\/IMG_0517-scaled.jpeg\" data-orig-size=\"2560,611\" data-comments-opened=\"0\" data-image-title=\"IMG_0517\" data-image-description=\"\" data-image-caption=\"\" data-large-file=\"https:\/\/www.intellectualsovereignty.ch\/wp-content\/uploads\/2020\/07\/IMG_0517-1024x245.jpeg\" src=\"https:\/\/i0.wp.com\/www.intellectualsovereignty.ch\/wp-content\/uploads\/2020\/07\/IMG_0517-scaled.jpeg?fit=520%2C124&amp;ssl=1\" alt=\"\" data-id=\"614\" data-full-url=\"https:\/\/i0.wp.com\/www.intellectualsovereignty.ch\/wp-content\/uploads\/2020\/07\/IMG_0517-scaled.jpeg?fit=2560%2C611&amp;ssl=1\" data-link=\"https:\/\/www.intellectualsovereignty.ch\/?attachment_id=614\" class=\"wp-image-614\" srcset=\"https:\/\/www.intellectualsovereignty.ch\/wp-content\/uploads\/2020\/07\/IMG_0517-scaled.jpeg 2560w, https:\/\/www.intellectualsovereignty.ch\/wp-content\/uploads\/2020\/07\/IMG_0517-300x72.jpeg 300w, https:\/\/www.intellectualsovereignty.ch\/wp-content\/uploads\/2020\/07\/IMG_0517-1024x245.jpeg 1024w, https:\/\/www.intellectualsovereignty.ch\/wp-content\/uploads\/2020\/07\/IMG_0517-768x183.jpeg 768w, https:\/\/www.intellectualsovereignty.ch\/wp-content\/uploads\/2020\/07\/IMG_0517-1536x367.jpeg 1536w, https:\/\/www.intellectualsovereignty.ch\/wp-content\/uploads\/2020\/07\/IMG_0517-2048x489.jpeg 2048w, https:\/\/www.intellectualsovereignty.ch\/wp-content\/uploads\/2020\/07\/IMG_0517-1870x447.jpeg 1870w, https:\/\/www.intellectualsovereignty.ch\/wp-content\/uploads\/2020\/07\/IMG_0517-400x96.jpeg 400w, https:\/\/www.intellectualsovereignty.ch\/wp-content\/uploads\/2020\/07\/IMG_0517-800x191.jpeg 800w\" sizes=\"auto, (max-width: 2560px) 100vw, 2560px\" \/><\/figure><\/li><li class=\"blocks-gallery-item\"><figure><img loading=\"lazy\" decoding=\"async\" width=\"2560\" height=\"1920\" data-attachment-id=\"615\" data-permalink=\"https:\/\/www.intellectualsovereignty.ch\/index.php\/2020\/07\/04\/hike-25-schwarzsee-patraflon-schwarzsee\/img_0518\/\" data-orig-file=\"https:\/\/www.intellectualsovereignty.ch\/wp-content\/uploads\/2020\/07\/IMG_0518-scaled.jpeg\" data-orig-size=\"2560,1920\" data-comments-opened=\"0\" data-image-title=\"IMG_0518\" data-image-description=\"\" data-image-caption=\"\" data-large-file=\"https:\/\/www.intellectualsovereignty.ch\/wp-content\/uploads\/2020\/07\/IMG_0518-1024x768.jpeg\" src=\"https:\/\/i1.wp.com\/www.intellectualsovereignty.ch\/wp-content\/uploads\/2020\/07\/IMG_0518-scaled.jpeg?fit=520%2C390&amp;ssl=1\" alt=\"\" data-id=\"615\" data-full-url=\"https:\/\/i1.wp.com\/www.intellectualsovereignty.ch\/wp-content\/uploads\/2020\/07\/IMG_0518-scaled.jpeg?fit=2560%2C1920&amp;ssl=1\" data-link=\"https:\/\/www.intellectualsovereignty.ch\/?attachment_id=615\" class=\"wp-image-615\" srcset=\"https:\/\/www.intellectualsovereignty.ch\/wp-content\/uploads\/2020\/07\/IMG_0518-scaled.jpeg 2560w, https:\/\/www.intellectualsovereignty.ch\/wp-content\/uploads\/2020\/07\/IMG_0518-300x225.jpeg 300w, https:\/\/www.intellectualsovereignty.ch\/wp-content\/uploads\/2020\/07\/IMG_0518-1024x768.jpeg 1024w, https:\/\/www.intellectualsovereignty.ch\/wp-content\/uploads\/2020\/07\/IMG_0518-768x576.jpeg 768w, https:\/\/www.intellectualsovereignty.ch\/wp-content\/uploads\/2020\/07\/IMG_0518-1536x1152.jpeg 1536w, https:\/\/www.intellectualsovereignty.ch\/wp-content\/uploads\/2020\/07\/IMG_0518-2048x1536.jpeg 2048w, https:\/\/www.intellectualsovereignty.ch\/wp-content\/uploads\/2020\/07\/IMG_0518-1870x1403.jpeg 1870w, https:\/\/www.intellectualsovereignty.ch\/wp-content\/uploads\/2020\/07\/IMG_0518-400x300.jpeg 400w, https:\/\/www.intellectualsovereignty.ch\/wp-content\/uploads\/2020\/07\/IMG_0518-800x600.jpeg 800w\" sizes=\"auto, (max-width: 2560px) 100vw, 2560px\" \/><\/figure><\/li><li class=\"blocks-gallery-item\"><figure><img loading=\"lazy\" decoding=\"async\" width=\"1920\" height=\"2560\" data-attachment-id=\"616\" data-permalink=\"https:\/\/www.intellectualsovereignty.ch\/index.php\/2020\/07\/04\/hike-25-schwarzsee-patraflon-schwarzsee\/img_0519\/\" data-orig-file=\"https:\/\/www.intellectualsovereignty.ch\/wp-content\/uploads\/2020\/07\/IMG_0519-scaled.jpeg\" data-orig-size=\"1920,2560\" data-comments-opened=\"0\" data-image-title=\"IMG_0519\" data-image-description=\"\" data-image-caption=\"\" data-large-file=\"https:\/\/www.intellectualsovereignty.ch\/wp-content\/uploads\/2020\/07\/IMG_0519-768x1024.jpeg\" src=\"https:\/\/i1.wp.com\/www.intellectualsovereignty.ch\/wp-content\/uploads\/2020\/07\/IMG_0519-scaled.jpeg?fit=520%2C693&amp;ssl=1\" alt=\"\" data-id=\"616\" data-full-url=\"https:\/\/i1.wp.com\/www.intellectualsovereignty.ch\/wp-content\/uploads\/2020\/07\/IMG_0519-scaled.jpeg?fit=1920%2C2560&amp;ssl=1\" data-link=\"https:\/\/www.intellectualsovereignty.ch\/?attachment_id=616\" class=\"wp-image-616\" srcset=\"https:\/\/www.intellectualsovereignty.ch\/wp-content\/uploads\/2020\/07\/IMG_0519-scaled.jpeg 1920w, https:\/\/www.intellectualsovereignty.ch\/wp-content\/uploads\/2020\/07\/IMG_0519-225x300.jpeg 225w, https:\/\/www.intellectualsovereignty.ch\/wp-content\/uploads\/2020\/07\/IMG_0519-768x1024.jpeg 768w, https:\/\/www.intellectualsovereignty.ch\/wp-content\/uploads\/2020\/07\/IMG_0519-1152x1536.jpeg 1152w, https:\/\/www.intellectualsovereignty.ch\/wp-content\/uploads\/2020\/07\/IMG_0519-1536x2048.jpeg 1536w, https:\/\/www.intellectualsovereignty.ch\/wp-content\/uploads\/2020\/07\/IMG_0519-1870x2493.jpeg 1870w, https:\/\/www.intellectualsovereignty.ch\/wp-content\/uploads\/2020\/07\/IMG_0519-400x533.jpeg 400w, https:\/\/www.intellectualsovereignty.ch\/wp-content\/uploads\/2020\/07\/IMG_0519-800x1067.jpeg 800w\" sizes=\"auto, (max-width: 1920px) 100vw, 1920px\" \/><\/figure><\/li><li class=\"blocks-gallery-item\"><figure><img loading=\"lazy\" decoding=\"async\" width=\"2560\" height=\"725\" data-attachment-id=\"617\" data-permalink=\"https:\/\/www.intellectualsovereignty.ch\/index.php\/2020\/07\/04\/hike-25-schwarzsee-patraflon-schwarzsee\/img_0520\/\" data-orig-file=\"https:\/\/www.intellectualsovereignty.ch\/wp-content\/uploads\/2020\/07\/IMG_0520-scaled.jpeg\" data-orig-size=\"2560,725\" data-comments-opened=\"0\" data-image-title=\"IMG_0520\" data-image-description=\"\" data-image-caption=\"\" data-large-file=\"https:\/\/www.intellectualsovereignty.ch\/wp-content\/uploads\/2020\/07\/IMG_0520-1024x290.jpeg\" src=\"https:\/\/i2.wp.com\/www.intellectualsovereignty.ch\/wp-content\/uploads\/2020\/07\/IMG_0520-scaled.jpeg?fit=520%2C147&amp;ssl=1\" alt=\"\" data-id=\"617\" data-full-url=\"https:\/\/i2.wp.com\/www.intellectualsovereignty.ch\/wp-content\/uploads\/2020\/07\/IMG_0520-scaled.jpeg?fit=2560%2C725&amp;ssl=1\" data-link=\"https:\/\/www.intellectualsovereignty.ch\/?attachment_id=617\" class=\"wp-image-617\" srcset=\"https:\/\/www.intellectualsovereignty.ch\/wp-content\/uploads\/2020\/07\/IMG_0520-scaled.jpeg 2560w, https:\/\/www.intellectualsovereignty.ch\/wp-content\/uploads\/2020\/07\/IMG_0520-300x85.jpeg 300w, https:\/\/www.intellectualsovereignty.ch\/wp-content\/uploads\/2020\/07\/IMG_0520-1024x290.jpeg 1024w, https:\/\/www.intellectualsovereignty.ch\/wp-content\/uploads\/2020\/07\/IMG_0520-768x217.jpeg 768w, https:\/\/www.intellectualsovereignty.ch\/wp-content\/uploads\/2020\/07\/IMG_0520-1536x435.jpeg 1536w, https:\/\/www.intellectualsovereignty.ch\/wp-content\/uploads\/2020\/07\/IMG_0520-2048x580.jpeg 2048w, https:\/\/www.intellectualsovereignty.ch\/wp-content\/uploads\/2020\/07\/IMG_0520-1870x529.jpeg 1870w, https:\/\/www.intellectualsovereignty.ch\/wp-content\/uploads\/2020\/07\/IMG_0520-400x113.jpeg 400w, https:\/\/www.intellectualsovereignty.ch\/wp-content\/uploads\/2020\/07\/IMG_0520-800x226.jpeg 800w\" sizes=\"auto, (max-width: 2560px) 100vw, 2560px\" \/><\/figure><\/li><li class=\"blocks-gallery-item\"><figure><img loading=\"lazy\" decoding=\"async\" width=\"2560\" height=\"1920\" data-attachment-id=\"618\" data-permalink=\"https:\/\/www.intellectualsovereignty.ch\/index.php\/2020\/07\/04\/hike-25-schwarzsee-patraflon-schwarzsee\/img_0521\/\" data-orig-file=\"https:\/\/www.intellectualsovereignty.ch\/wp-content\/uploads\/2020\/07\/IMG_0521-scaled.jpeg\" data-orig-size=\"2560,1920\" data-comments-opened=\"0\" data-image-title=\"IMG_0521\" data-image-description=\"\" data-image-caption=\"\" data-large-file=\"https:\/\/www.intellectualsovereignty.ch\/wp-content\/uploads\/2020\/07\/IMG_0521-1024x768.jpeg\" src=\"https:\/\/i1.wp.com\/www.intellectualsovereignty.ch\/wp-content\/uploads\/2020\/07\/IMG_0521-scaled.jpeg?fit=520%2C390&amp;ssl=1\" alt=\"\" data-id=\"618\" data-full-url=\"https:\/\/i1.wp.com\/www.intellectualsovereignty.ch\/wp-content\/uploads\/2020\/07\/IMG_0521-scaled.jpeg?fit=2560%2C1920&amp;ssl=1\" data-link=\"https:\/\/www.intellectualsovereignty.ch\/?attachment_id=618\" class=\"wp-image-618\" srcset=\"https:\/\/www.intellectualsovereignty.ch\/wp-content\/uploads\/2020\/07\/IMG_0521-scaled.jpeg 2560w, https:\/\/www.intellectualsovereignty.ch\/wp-content\/uploads\/2020\/07\/IMG_0521-300x225.jpeg 300w, https:\/\/www.intellectualsovereignty.ch\/wp-content\/uploads\/2020\/07\/IMG_0521-1024x768.jpeg 1024w, https:\/\/www.intellectualsovereignty.ch\/wp-content\/uploads\/2020\/07\/IMG_0521-768x576.jpeg 768w, https:\/\/www.intellectualsovereignty.ch\/wp-content\/uploads\/2020\/07\/IMG_0521-1536x1152.jpeg 1536w, https:\/\/www.intellectualsovereignty.ch\/wp-content\/uploads\/2020\/07\/IMG_0521-2048x1536.jpeg 2048w, https:\/\/www.intellectualsovereignty.ch\/wp-content\/uploads\/2020\/07\/IMG_0521-1870x1403.jpeg 1870w, https:\/\/www.intellectualsovereignty.ch\/wp-content\/uploads\/2020\/07\/IMG_0521-400x300.jpeg 400w, https:\/\/www.intellectualsovereignty.ch\/wp-content\/uploads\/2020\/07\/IMG_0521-800x600.jpeg 800w\" sizes=\"auto, (max-width: 2560px) 100vw, 2560px\" \/><\/figure><\/li><li class=\"blocks-gallery-item\"><figure><img loading=\"lazy\" decoding=\"async\" width=\"2560\" height=\"893\" data-attachment-id=\"619\" data-permalink=\"https:\/\/www.intellectualsovereignty.ch\/index.php\/2020\/07\/04\/hike-25-schwarzsee-patraflon-schwarzsee\/img_0522\/\" data-orig-file=\"https:\/\/www.intellectualsovereignty.ch\/wp-content\/uploads\/2020\/07\/IMG_0522-scaled.jpeg\" data-orig-size=\"2560,893\" data-comments-opened=\"0\" data-image-title=\"IMG_0522\" data-image-description=\"\" data-image-caption=\"\" data-large-file=\"https:\/\/www.intellectualsovereignty.ch\/wp-content\/uploads\/2020\/07\/IMG_0522-1024x357.jpeg\" src=\"https:\/\/i1.wp.com\/www.intellectualsovereignty.ch\/wp-content\/uploads\/2020\/07\/IMG_0522-scaled.jpeg?fit=520%2C181&amp;ssl=1\" alt=\"\" data-id=\"619\" data-full-url=\"https:\/\/i1.wp.com\/www.intellectualsovereignty.ch\/wp-content\/uploads\/2020\/07\/IMG_0522-scaled.jpeg?fit=2560%2C893&amp;ssl=1\" data-link=\"https:\/\/www.intellectualsovereignty.ch\/?attachment_id=619\" class=\"wp-image-619\" srcset=\"https:\/\/www.intellectualsovereignty.ch\/wp-content\/uploads\/2020\/07\/IMG_0522-scaled.jpeg 2560w, https:\/\/www.intellectualsovereignty.ch\/wp-content\/uploads\/2020\/07\/IMG_0522-300x105.jpeg 300w, https:\/\/www.intellectualsovereignty.ch\/wp-content\/uploads\/2020\/07\/IMG_0522-1024x357.jpeg 1024w, https:\/\/www.intellectualsovereignty.ch\/wp-content\/uploads\/2020\/07\/IMG_0522-768x268.jpeg 768w, https:\/\/www.intellectualsovereignty.ch\/wp-content\/uploads\/2020\/07\/IMG_0522-1536x536.jpeg 1536w, https:\/\/www.intellectualsovereignty.ch\/wp-content\/uploads\/2020\/07\/IMG_0522-2048x714.jpeg 2048w, https:\/\/www.intellectualsovereignty.ch\/wp-content\/uploads\/2020\/07\/IMG_0522-1870x652.jpeg 1870w, https:\/\/www.intellectualsovereignty.ch\/wp-content\/uploads\/2020\/07\/IMG_0522-400x140.jpeg 400w, https:\/\/www.intellectualsovereignty.ch\/wp-content\/uploads\/2020\/07\/IMG_0522-800x279.jpeg 800w\" sizes=\"auto, (max-width: 2560px) 100vw, 2560px\" \/><\/figure><\/li><li class=\"blocks-gallery-item\"><figure><img loading=\"lazy\" decoding=\"async\" width=\"2560\" height=\"680\" data-attachment-id=\"620\" data-permalink=\"https:\/\/www.intellectualsovereignty.ch\/index.php\/2020\/07\/04\/hike-25-schwarzsee-patraflon-schwarzsee\/img_0523\/\" data-orig-file=\"https:\/\/www.intellectualsovereignty.ch\/wp-content\/uploads\/2020\/07\/IMG_0523-scaled.jpeg\" data-orig-size=\"2560,680\" data-comments-opened=\"0\" data-image-title=\"IMG_0523\" data-image-description=\"\" data-image-caption=\"\" data-large-file=\"https:\/\/www.intellectualsovereignty.ch\/wp-content\/uploads\/2020\/07\/IMG_0523-1024x272.jpeg\" src=\"https:\/\/i0.wp.com\/www.intellectualsovereignty.ch\/wp-content\/uploads\/2020\/07\/IMG_0523-scaled.jpeg?fit=520%2C138&amp;ssl=1\" alt=\"\" data-id=\"620\" data-full-url=\"https:\/\/i0.wp.com\/www.intellectualsovereignty.ch\/wp-content\/uploads\/2020\/07\/IMG_0523-scaled.jpeg?fit=2560%2C680&amp;ssl=1\" data-link=\"https:\/\/www.intellectualsovereignty.ch\/?attachment_id=620\" class=\"wp-image-620\" srcset=\"https:\/\/www.intellectualsovereignty.ch\/wp-content\/uploads\/2020\/07\/IMG_0523-scaled.jpeg 2560w, https:\/\/www.intellectualsovereignty.ch\/wp-content\/uploads\/2020\/07\/IMG_0523-300x80.jpeg 300w, https:\/\/www.intellectualsovereignty.ch\/wp-content\/uploads\/2020\/07\/IMG_0523-1024x272.jpeg 1024w, https:\/\/www.intellectualsovereignty.ch\/wp-content\/uploads\/2020\/07\/IMG_0523-768x204.jpeg 768w, https:\/\/www.intellectualsovereignty.ch\/wp-content\/uploads\/2020\/07\/IMG_0523-1536x408.jpeg 1536w, https:\/\/www.intellectualsovereignty.ch\/wp-content\/uploads\/2020\/07\/IMG_0523-2048x544.jpeg 2048w, https:\/\/www.intellectualsovereignty.ch\/wp-content\/uploads\/2020\/07\/IMG_0523-1870x497.jpeg 1870w, https:\/\/www.intellectualsovereignty.ch\/wp-content\/uploads\/2020\/07\/IMG_0523-400x106.jpeg 400w, https:\/\/www.intellectualsovereignty.ch\/wp-content\/uploads\/2020\/07\/IMG_0523-800x213.jpeg 800w\" sizes=\"auto, (max-width: 2560px) 100vw, 2560px\" \/><\/figure><\/li><li class=\"blocks-gallery-item\"><figure><img loading=\"lazy\" decoding=\"async\" width=\"2560\" height=\"567\" data-attachment-id=\"621\" data-permalink=\"https:\/\/www.intellectualsovereignty.ch\/index.php\/2020\/07\/04\/hike-25-schwarzsee-patraflon-schwarzsee\/img_0524\/\" data-orig-file=\"https:\/\/www.intellectualsovereignty.ch\/wp-content\/uploads\/2020\/07\/IMG_0524-scaled.jpeg\" data-orig-size=\"2560,567\" data-comments-opened=\"0\" data-image-title=\"IMG_0524\" data-image-description=\"\" data-image-caption=\"\" data-large-file=\"https:\/\/www.intellectualsovereignty.ch\/wp-content\/uploads\/2020\/07\/IMG_0524-1024x227.jpeg\" src=\"https:\/\/i2.wp.com\/www.intellectualsovereignty.ch\/wp-content\/uploads\/2020\/07\/IMG_0524-scaled.jpeg?fit=520%2C115&amp;ssl=1\" alt=\"\" data-id=\"621\" data-full-url=\"https:\/\/i2.wp.com\/www.intellectualsovereignty.ch\/wp-content\/uploads\/2020\/07\/IMG_0524-scaled.jpeg?fit=2560%2C567&amp;ssl=1\" data-link=\"https:\/\/www.intellectualsovereignty.ch\/?attachment_id=621\" class=\"wp-image-621\" srcset=\"https:\/\/www.intellectualsovereignty.ch\/wp-content\/uploads\/2020\/07\/IMG_0524-scaled.jpeg 2560w, https:\/\/www.intellectualsovereignty.ch\/wp-content\/uploads\/2020\/07\/IMG_0524-300x66.jpeg 300w, https:\/\/www.intellectualsovereignty.ch\/wp-content\/uploads\/2020\/07\/IMG_0524-1024x227.jpeg 1024w, https:\/\/www.intellectualsovereignty.ch\/wp-content\/uploads\/2020\/07\/IMG_0524-768x170.jpeg 768w, https:\/\/www.intellectualsovereignty.ch\/wp-content\/uploads\/2020\/07\/IMG_0524-1536x340.jpeg 1536w, https:\/\/www.intellectualsovereignty.ch\/wp-content\/uploads\/2020\/07\/IMG_0524-2048x454.jpeg 2048w, https:\/\/www.intellectualsovereignty.ch\/wp-content\/uploads\/2020\/07\/IMG_0524-1870x414.jpeg 1870w, https:\/\/www.intellectualsovereignty.ch\/wp-content\/uploads\/2020\/07\/IMG_0524-400x89.jpeg 400w, https:\/\/www.intellectualsovereignty.ch\/wp-content\/uploads\/2020\/07\/IMG_0524-800x177.jpeg 800w\" sizes=\"auto, (max-width: 2560px) 100vw, 2560px\" \/><\/figure><\/li><li class=\"blocks-gallery-item\"><figure><img loading=\"lazy\" decoding=\"async\" width=\"2560\" height=\"1920\" data-attachment-id=\"622\" data-permalink=\"https:\/\/www.intellectualsovereignty.ch\/index.php\/2020\/07\/04\/hike-25-schwarzsee-patraflon-schwarzsee\/img_0525\/\" data-orig-file=\"https:\/\/www.intellectualsovereignty.ch\/wp-content\/uploads\/2020\/07\/IMG_0525-scaled.jpeg\" data-orig-size=\"2560,1920\" data-comments-opened=\"0\" data-image-title=\"IMG_0525\" data-image-description=\"\" data-image-caption=\"\" data-large-file=\"https:\/\/www.intellectualsovereignty.ch\/wp-content\/uploads\/2020\/07\/IMG_0525-1024x768.jpeg\" src=\"https:\/\/i2.wp.com\/www.intellectualsovereignty.ch\/wp-content\/uploads\/2020\/07\/IMG_0525-scaled.jpeg?fit=520%2C390&amp;ssl=1\" alt=\"\" data-id=\"622\" data-full-url=\"https:\/\/i2.wp.com\/www.intellectualsovereignty.ch\/wp-content\/uploads\/2020\/07\/IMG_0525-scaled.jpeg?fit=2560%2C1920&amp;ssl=1\" data-link=\"https:\/\/www.intellectualsovereignty.ch\/?attachment_id=622\" class=\"wp-image-622\" srcset=\"https:\/\/www.intellectualsovereignty.ch\/wp-content\/uploads\/2020\/07\/IMG_0525-scaled.jpeg 2560w, https:\/\/www.intellectualsovereignty.ch\/wp-content\/uploads\/2020\/07\/IMG_0525-300x225.jpeg 300w, https:\/\/www.intellectualsovereignty.ch\/wp-content\/uploads\/2020\/07\/IMG_0525-1024x768.jpeg 1024w, https:\/\/www.intellectualsovereignty.ch\/wp-content\/uploads\/2020\/07\/IMG_0525-768x576.jpeg 768w, https:\/\/www.intellectualsovereignty.ch\/wp-content\/uploads\/2020\/07\/IMG_0525-1536x1152.jpeg 1536w, https:\/\/www.intellectualsovereignty.ch\/wp-content\/uploads\/2020\/07\/IMG_0525-2048x1536.jpeg 2048w, https:\/\/www.intellectualsovereignty.ch\/wp-content\/uploads\/2020\/07\/IMG_0525-1870x1403.jpeg 1870w, https:\/\/www.intellectualsovereignty.ch\/wp-content\/uploads\/2020\/07\/IMG_0525-400x300.jpeg 400w, https:\/\/www.intellectualsovereignty.ch\/wp-content\/uploads\/2020\/07\/IMG_0525-800x600.jpeg 800w\" sizes=\"auto, (max-width: 2560px) 100vw, 2560px\" \/><\/figure><\/li><\/ul><\/figure>\n\n\n\n<p class=\"wp-block-paragraph\">Oben auf dem Pass angekommen biege ich rechts ab und steige kurz hoch zum Gipfel des Patraflon (auf 1&#8217;916 m.\u00fc.M.). Verlockend erscheint mir der Alpinwanderweg entlang des Grats hin zum Gros Brun (aka Schopfenspitz), wohlwissend dass ich ein paar Wochen zuvor (siehe <a rel=\"noreferrer noopener\" href=\"https:\/\/www.intellectualsovereignty.ch\/index.php\/2020\/05\/09\/hike-16-schwarzenburg-schwarzsee-jaun\/\" target=\"_blank\">Hike#16<\/a>) zwischen Euschelpass und Jaun Dorf ein paarmal von der anderen Seite her hochgeschaut und mir die Traversierung vom Brecca-Schlund nach Jaun ausgemalt habe; nun bin ich mir sicher, dass ich das zu gegebener Zeit mal unter die F\u00fcssen nehmen werde&#8230; Kaum ein paar Panorama-Fotos geschossen, schon geht es denselben Weg wieder runter den ich hochgelaufen bin, wo Bea auf mich wartet.<\/p>\n\n\n\n<figure class=\"wp-block-gallery columns-3 is-cropped wp-block-gallery-3 is-layout-flex wp-block-gallery-is-layout-flex\"><ul class=\"blocks-gallery-grid\"><li class=\"blocks-gallery-item\"><figure><img loading=\"lazy\" decoding=\"async\" width=\"2560\" height=\"1920\" data-attachment-id=\"624\" data-permalink=\"https:\/\/www.intellectualsovereignty.ch\/index.php\/2020\/07\/04\/hike-25-schwarzsee-patraflon-schwarzsee\/img_0527\/\" data-orig-file=\"https:\/\/www.intellectualsovereignty.ch\/wp-content\/uploads\/2020\/07\/IMG_0527-scaled.jpeg\" data-orig-size=\"2560,1920\" data-comments-opened=\"0\" data-image-title=\"IMG_0527\" data-image-description=\"\" data-image-caption=\"\" data-large-file=\"https:\/\/www.intellectualsovereignty.ch\/wp-content\/uploads\/2020\/07\/IMG_0527-1024x768.jpeg\" src=\"https:\/\/i2.wp.com\/www.intellectualsovereignty.ch\/wp-content\/uploads\/2020\/07\/IMG_0527-scaled.jpeg?fit=520%2C390&amp;ssl=1\" alt=\"\" data-id=\"624\" data-full-url=\"https:\/\/i2.wp.com\/www.intellectualsovereignty.ch\/wp-content\/uploads\/2020\/07\/IMG_0527-scaled.jpeg?fit=2560%2C1920&amp;ssl=1\" data-link=\"https:\/\/www.intellectualsovereignty.ch\/?attachment_id=624\" class=\"wp-image-624\" srcset=\"https:\/\/www.intellectualsovereignty.ch\/wp-content\/uploads\/2020\/07\/IMG_0527-scaled.jpeg 2560w, https:\/\/www.intellectualsovereignty.ch\/wp-content\/uploads\/2020\/07\/IMG_0527-300x225.jpeg 300w, https:\/\/www.intellectualsovereignty.ch\/wp-content\/uploads\/2020\/07\/IMG_0527-1024x768.jpeg 1024w, https:\/\/www.intellectualsovereignty.ch\/wp-content\/uploads\/2020\/07\/IMG_0527-768x576.jpeg 768w, https:\/\/www.intellectualsovereignty.ch\/wp-content\/uploads\/2020\/07\/IMG_0527-1536x1152.jpeg 1536w, https:\/\/www.intellectualsovereignty.ch\/wp-content\/uploads\/2020\/07\/IMG_0527-2048x1536.jpeg 2048w, https:\/\/www.intellectualsovereignty.ch\/wp-content\/uploads\/2020\/07\/IMG_0527-1870x1403.jpeg 1870w, https:\/\/www.intellectualsovereignty.ch\/wp-content\/uploads\/2020\/07\/IMG_0527-400x300.jpeg 400w, https:\/\/www.intellectualsovereignty.ch\/wp-content\/uploads\/2020\/07\/IMG_0527-800x600.jpeg 800w\" sizes=\"auto, (max-width: 2560px) 100vw, 2560px\" \/><\/figure><\/li><li class=\"blocks-gallery-item\"><figure><img loading=\"lazy\" decoding=\"async\" width=\"2049\" height=\"1537\" data-attachment-id=\"625\" data-permalink=\"https:\/\/www.intellectualsovereignty.ch\/index.php\/2020\/07\/04\/hike-25-schwarzsee-patraflon-schwarzsee\/img_0065\/\" data-orig-file=\"https:\/\/www.intellectualsovereignty.ch\/wp-content\/uploads\/2020\/07\/IMG_0065.jpeg\" data-orig-size=\"2049,1537\" data-comments-opened=\"0\" data-image-title=\"IMG_0065\" data-image-description=\"\" data-image-caption=\"\" data-large-file=\"https:\/\/www.intellectualsovereignty.ch\/wp-content\/uploads\/2020\/07\/IMG_0065-1024x768.jpeg\" src=\"https:\/\/i0.wp.com\/www.intellectualsovereignty.ch\/wp-content\/uploads\/2020\/07\/IMG_0065.jpeg?fit=520%2C390&amp;ssl=1\" alt=\"\" data-id=\"625\" data-full-url=\"https:\/\/i0.wp.com\/www.intellectualsovereignty.ch\/wp-content\/uploads\/2020\/07\/IMG_0065.jpeg?fit=2049%2C1537&amp;ssl=1\" data-link=\"https:\/\/www.intellectualsovereignty.ch\/?attachment_id=625\" class=\"wp-image-625\" srcset=\"https:\/\/www.intellectualsovereignty.ch\/wp-content\/uploads\/2020\/07\/IMG_0065.jpeg 2049w, https:\/\/www.intellectualsovereignty.ch\/wp-content\/uploads\/2020\/07\/IMG_0065-300x225.jpeg 300w, https:\/\/www.intellectualsovereignty.ch\/wp-content\/uploads\/2020\/07\/IMG_0065-1024x768.jpeg 1024w, https:\/\/www.intellectualsovereignty.ch\/wp-content\/uploads\/2020\/07\/IMG_0065-768x576.jpeg 768w, https:\/\/www.intellectualsovereignty.ch\/wp-content\/uploads\/2020\/07\/IMG_0065-1536x1152.jpeg 1536w, https:\/\/www.intellectualsovereignty.ch\/wp-content\/uploads\/2020\/07\/IMG_0065-1870x1403.jpeg 1870w, https:\/\/www.intellectualsovereignty.ch\/wp-content\/uploads\/2020\/07\/IMG_0065-400x300.jpeg 400w, https:\/\/www.intellectualsovereignty.ch\/wp-content\/uploads\/2020\/07\/IMG_0065-800x600.jpeg 800w\" sizes=\"auto, (max-width: 2049px) 100vw, 2049px\" \/><\/figure><\/li><li class=\"blocks-gallery-item\"><figure><img loading=\"lazy\" decoding=\"async\" width=\"2049\" height=\"1537\" data-attachment-id=\"626\" data-permalink=\"https:\/\/www.intellectualsovereignty.ch\/index.php\/2020\/07\/04\/hike-25-schwarzsee-patraflon-schwarzsee\/img_0070\/\" data-orig-file=\"https:\/\/www.intellectualsovereignty.ch\/wp-content\/uploads\/2020\/07\/IMG_0070.jpeg\" data-orig-size=\"2049,1537\" data-comments-opened=\"0\" data-image-title=\"IMG_0070\" data-image-description=\"\" data-image-caption=\"\" data-large-file=\"https:\/\/www.intellectualsovereignty.ch\/wp-content\/uploads\/2020\/07\/IMG_0070-1024x768.jpeg\" src=\"https:\/\/i1.wp.com\/www.intellectualsovereignty.ch\/wp-content\/uploads\/2020\/07\/IMG_0070.jpeg?fit=520%2C390&amp;ssl=1\" alt=\"\" data-id=\"626\" data-full-url=\"https:\/\/i1.wp.com\/www.intellectualsovereignty.ch\/wp-content\/uploads\/2020\/07\/IMG_0070.jpeg?fit=2049%2C1537&amp;ssl=1\" data-link=\"https:\/\/www.intellectualsovereignty.ch\/?attachment_id=626\" class=\"wp-image-626\" srcset=\"https:\/\/www.intellectualsovereignty.ch\/wp-content\/uploads\/2020\/07\/IMG_0070.jpeg 2049w, https:\/\/www.intellectualsovereignty.ch\/wp-content\/uploads\/2020\/07\/IMG_0070-300x225.jpeg 300w, https:\/\/www.intellectualsovereignty.ch\/wp-content\/uploads\/2020\/07\/IMG_0070-1024x768.jpeg 1024w, https:\/\/www.intellectualsovereignty.ch\/wp-content\/uploads\/2020\/07\/IMG_0070-768x576.jpeg 768w, https:\/\/www.intellectualsovereignty.ch\/wp-content\/uploads\/2020\/07\/IMG_0070-1536x1152.jpeg 1536w, https:\/\/www.intellectualsovereignty.ch\/wp-content\/uploads\/2020\/07\/IMG_0070-1870x1403.jpeg 1870w, https:\/\/www.intellectualsovereignty.ch\/wp-content\/uploads\/2020\/07\/IMG_0070-400x300.jpeg 400w, https:\/\/www.intellectualsovereignty.ch\/wp-content\/uploads\/2020\/07\/IMG_0070-800x600.jpeg 800w\" sizes=\"auto, (max-width: 2049px) 100vw, 2049px\" \/><\/figure><\/li><li class=\"blocks-gallery-item\"><figure><img loading=\"lazy\" decoding=\"async\" width=\"2560\" height=\"1920\" data-attachment-id=\"627\" data-permalink=\"https:\/\/www.intellectualsovereignty.ch\/index.php\/2020\/07\/04\/hike-25-schwarzsee-patraflon-schwarzsee\/img_0528\/\" data-orig-file=\"https:\/\/www.intellectualsovereignty.ch\/wp-content\/uploads\/2020\/07\/IMG_0528-scaled.jpeg\" data-orig-size=\"2560,1920\" data-comments-opened=\"0\" data-image-title=\"IMG_0528\" data-image-description=\"\" data-image-caption=\"\" data-large-file=\"https:\/\/www.intellectualsovereignty.ch\/wp-content\/uploads\/2020\/07\/IMG_0528-1024x768.jpeg\" src=\"https:\/\/i2.wp.com\/www.intellectualsovereignty.ch\/wp-content\/uploads\/2020\/07\/IMG_0528-scaled.jpeg?fit=520%2C390&amp;ssl=1\" alt=\"\" data-id=\"627\" data-full-url=\"https:\/\/i2.wp.com\/www.intellectualsovereignty.ch\/wp-content\/uploads\/2020\/07\/IMG_0528-scaled.jpeg?fit=2560%2C1920&amp;ssl=1\" data-link=\"https:\/\/www.intellectualsovereignty.ch\/?attachment_id=627\" class=\"wp-image-627\" srcset=\"https:\/\/www.intellectualsovereignty.ch\/wp-content\/uploads\/2020\/07\/IMG_0528-scaled.jpeg 2560w, https:\/\/www.intellectualsovereignty.ch\/wp-content\/uploads\/2020\/07\/IMG_0528-300x225.jpeg 300w, https:\/\/www.intellectualsovereignty.ch\/wp-content\/uploads\/2020\/07\/IMG_0528-1024x768.jpeg 1024w, https:\/\/www.intellectualsovereignty.ch\/wp-content\/uploads\/2020\/07\/IMG_0528-768x576.jpeg 768w, https:\/\/www.intellectualsovereignty.ch\/wp-content\/uploads\/2020\/07\/IMG_0528-1536x1152.jpeg 1536w, https:\/\/www.intellectualsovereignty.ch\/wp-content\/uploads\/2020\/07\/IMG_0528-2048x1536.jpeg 2048w, https:\/\/www.intellectualsovereignty.ch\/wp-content\/uploads\/2020\/07\/IMG_0528-1870x1403.jpeg 1870w, https:\/\/www.intellectualsovereignty.ch\/wp-content\/uploads\/2020\/07\/IMG_0528-400x300.jpeg 400w, https:\/\/www.intellectualsovereignty.ch\/wp-content\/uploads\/2020\/07\/IMG_0528-800x600.jpeg 800w\" sizes=\"auto, (max-width: 2560px) 100vw, 2560px\" \/><\/figure><\/li><li class=\"blocks-gallery-item\"><figure><img loading=\"lazy\" decoding=\"async\" width=\"1920\" height=\"2560\" data-attachment-id=\"628\" data-permalink=\"https:\/\/www.intellectualsovereignty.ch\/index.php\/2020\/07\/04\/hike-25-schwarzsee-patraflon-schwarzsee\/img_0529\/\" data-orig-file=\"https:\/\/www.intellectualsovereignty.ch\/wp-content\/uploads\/2020\/07\/IMG_0529-scaled.jpeg\" data-orig-size=\"1920,2560\" data-comments-opened=\"0\" data-image-title=\"IMG_0529\" data-image-description=\"\" data-image-caption=\"\" data-large-file=\"https:\/\/www.intellectualsovereignty.ch\/wp-content\/uploads\/2020\/07\/IMG_0529-768x1024.jpeg\" src=\"https:\/\/i2.wp.com\/www.intellectualsovereignty.ch\/wp-content\/uploads\/2020\/07\/IMG_0529-scaled.jpeg?fit=520%2C693&amp;ssl=1\" alt=\"\" data-id=\"628\" data-full-url=\"https:\/\/i2.wp.com\/www.intellectualsovereignty.ch\/wp-content\/uploads\/2020\/07\/IMG_0529-scaled.jpeg?fit=1920%2C2560&amp;ssl=1\" data-link=\"https:\/\/www.intellectualsovereignty.ch\/?attachment_id=628\" class=\"wp-image-628\" srcset=\"https:\/\/www.intellectualsovereignty.ch\/wp-content\/uploads\/2020\/07\/IMG_0529-scaled.jpeg 1920w, https:\/\/www.intellectualsovereignty.ch\/wp-content\/uploads\/2020\/07\/IMG_0529-225x300.jpeg 225w, https:\/\/www.intellectualsovereignty.ch\/wp-content\/uploads\/2020\/07\/IMG_0529-768x1024.jpeg 768w, https:\/\/www.intellectualsovereignty.ch\/wp-content\/uploads\/2020\/07\/IMG_0529-1152x1536.jpeg 1152w, https:\/\/www.intellectualsovereignty.ch\/wp-content\/uploads\/2020\/07\/IMG_0529-1536x2048.jpeg 1536w, https:\/\/www.intellectualsovereignty.ch\/wp-content\/uploads\/2020\/07\/IMG_0529-1870x2493.jpeg 1870w, https:\/\/www.intellectualsovereignty.ch\/wp-content\/uploads\/2020\/07\/IMG_0529-400x533.jpeg 400w, https:\/\/www.intellectualsovereignty.ch\/wp-content\/uploads\/2020\/07\/IMG_0529-800x1067.jpeg 800w\" sizes=\"auto, (max-width: 1920px) 100vw, 1920px\" \/><\/figure><\/li><li class=\"blocks-gallery-item\"><figure><img loading=\"lazy\" decoding=\"async\" width=\"2560\" height=\"607\" data-attachment-id=\"629\" data-permalink=\"https:\/\/www.intellectualsovereignty.ch\/index.php\/2020\/07\/04\/hike-25-schwarzsee-patraflon-schwarzsee\/img_0530\/\" data-orig-file=\"https:\/\/www.intellectualsovereignty.ch\/wp-content\/uploads\/2020\/07\/IMG_0530-scaled.jpeg\" data-orig-size=\"2560,607\" data-comments-opened=\"0\" data-image-title=\"IMG_0530\" data-image-description=\"\" data-image-caption=\"\" data-large-file=\"https:\/\/www.intellectualsovereignty.ch\/wp-content\/uploads\/2020\/07\/IMG_0530-1024x243.jpeg\" src=\"https:\/\/i0.wp.com\/www.intellectualsovereignty.ch\/wp-content\/uploads\/2020\/07\/IMG_0530-scaled.jpeg?fit=520%2C123&amp;ssl=1\" alt=\"\" data-id=\"629\" data-full-url=\"https:\/\/i0.wp.com\/www.intellectualsovereignty.ch\/wp-content\/uploads\/2020\/07\/IMG_0530-scaled.jpeg?fit=2560%2C607&amp;ssl=1\" data-link=\"https:\/\/www.intellectualsovereignty.ch\/?attachment_id=629\" class=\"wp-image-629\" srcset=\"https:\/\/www.intellectualsovereignty.ch\/wp-content\/uploads\/2020\/07\/IMG_0530-scaled.jpeg 2560w, https:\/\/www.intellectualsovereignty.ch\/wp-content\/uploads\/2020\/07\/IMG_0530-300x71.jpeg 300w, https:\/\/www.intellectualsovereignty.ch\/wp-content\/uploads\/2020\/07\/IMG_0530-1024x243.jpeg 1024w, https:\/\/www.intellectualsovereignty.ch\/wp-content\/uploads\/2020\/07\/IMG_0530-768x182.jpeg 768w, https:\/\/www.intellectualsovereignty.ch\/wp-content\/uploads\/2020\/07\/IMG_0530-1536x364.jpeg 1536w, https:\/\/www.intellectualsovereignty.ch\/wp-content\/uploads\/2020\/07\/IMG_0530-2048x485.jpeg 2048w, https:\/\/www.intellectualsovereignty.ch\/wp-content\/uploads\/2020\/07\/IMG_0530-1870x443.jpeg 1870w, https:\/\/www.intellectualsovereignty.ch\/wp-content\/uploads\/2020\/07\/IMG_0530-400x95.jpeg 400w, https:\/\/www.intellectualsovereignty.ch\/wp-content\/uploads\/2020\/07\/IMG_0530-800x190.jpeg 800w\" sizes=\"auto, (max-width: 2560px) 100vw, 2560px\" \/><\/figure><\/li><li class=\"blocks-gallery-item\"><figure><img loading=\"lazy\" decoding=\"async\" width=\"2560\" height=\"777\" data-attachment-id=\"630\" data-permalink=\"https:\/\/www.intellectualsovereignty.ch\/index.php\/2020\/07\/04\/hike-25-schwarzsee-patraflon-schwarzsee\/img_0531\/\" data-orig-file=\"https:\/\/www.intellectualsovereignty.ch\/wp-content\/uploads\/2020\/07\/IMG_0531-scaled.jpeg\" data-orig-size=\"2560,777\" data-comments-opened=\"0\" data-image-title=\"IMG_0531\" data-image-description=\"\" data-image-caption=\"\" data-large-file=\"https:\/\/www.intellectualsovereignty.ch\/wp-content\/uploads\/2020\/07\/IMG_0531-1024x311.jpeg\" src=\"https:\/\/i0.wp.com\/www.intellectualsovereignty.ch\/wp-content\/uploads\/2020\/07\/IMG_0531-scaled.jpeg?fit=520%2C158&amp;ssl=1\" alt=\"\" data-id=\"630\" data-full-url=\"https:\/\/i0.wp.com\/www.intellectualsovereignty.ch\/wp-content\/uploads\/2020\/07\/IMG_0531-scaled.jpeg?fit=2560%2C777&amp;ssl=1\" data-link=\"https:\/\/www.intellectualsovereignty.ch\/?attachment_id=630\" class=\"wp-image-630\" srcset=\"https:\/\/www.intellectualsovereignty.ch\/wp-content\/uploads\/2020\/07\/IMG_0531-scaled.jpeg 2560w, https:\/\/www.intellectualsovereignty.ch\/wp-content\/uploads\/2020\/07\/IMG_0531-300x91.jpeg 300w, https:\/\/www.intellectualsovereignty.ch\/wp-content\/uploads\/2020\/07\/IMG_0531-1024x311.jpeg 1024w, https:\/\/www.intellectualsovereignty.ch\/wp-content\/uploads\/2020\/07\/IMG_0531-768x233.jpeg 768w, https:\/\/www.intellectualsovereignty.ch\/wp-content\/uploads\/2020\/07\/IMG_0531-1536x466.jpeg 1536w, https:\/\/www.intellectualsovereignty.ch\/wp-content\/uploads\/2020\/07\/IMG_0531-2048x621.jpeg 2048w, https:\/\/www.intellectualsovereignty.ch\/wp-content\/uploads\/2020\/07\/IMG_0531-1870x567.jpeg 1870w, https:\/\/www.intellectualsovereignty.ch\/wp-content\/uploads\/2020\/07\/IMG_0531-400x121.jpeg 400w, https:\/\/www.intellectualsovereignty.ch\/wp-content\/uploads\/2020\/07\/IMG_0531-800x243.jpeg 800w\" sizes=\"auto, (max-width: 2560px) 100vw, 2560px\" \/><\/figure><\/li><li class=\"blocks-gallery-item\"><figure><img loading=\"lazy\" decoding=\"async\" width=\"2049\" height=\"1537\" data-attachment-id=\"631\" data-permalink=\"https:\/\/www.intellectualsovereignty.ch\/index.php\/2020\/07\/04\/hike-25-schwarzsee-patraflon-schwarzsee\/img_0084\/\" data-orig-file=\"https:\/\/www.intellectualsovereignty.ch\/wp-content\/uploads\/2020\/07\/IMG_0084.jpeg\" data-orig-size=\"2049,1537\" data-comments-opened=\"0\" data-image-title=\"IMG_0084\" data-image-description=\"\" data-image-caption=\"\" data-large-file=\"https:\/\/www.intellectualsovereignty.ch\/wp-content\/uploads\/2020\/07\/IMG_0084-1024x768.jpeg\" src=\"https:\/\/i2.wp.com\/www.intellectualsovereignty.ch\/wp-content\/uploads\/2020\/07\/IMG_0084.jpeg?fit=520%2C390&amp;ssl=1\" alt=\"\" data-id=\"631\" data-full-url=\"https:\/\/i2.wp.com\/www.intellectualsovereignty.ch\/wp-content\/uploads\/2020\/07\/IMG_0084.jpeg?fit=2049%2C1537&amp;ssl=1\" data-link=\"https:\/\/www.intellectualsovereignty.ch\/?attachment_id=631\" class=\"wp-image-631\" srcset=\"https:\/\/www.intellectualsovereignty.ch\/wp-content\/uploads\/2020\/07\/IMG_0084.jpeg 2049w, https:\/\/www.intellectualsovereignty.ch\/wp-content\/uploads\/2020\/07\/IMG_0084-300x225.jpeg 300w, https:\/\/www.intellectualsovereignty.ch\/wp-content\/uploads\/2020\/07\/IMG_0084-1024x768.jpeg 1024w, https:\/\/www.intellectualsovereignty.ch\/wp-content\/uploads\/2020\/07\/IMG_0084-768x576.jpeg 768w, https:\/\/www.intellectualsovereignty.ch\/wp-content\/uploads\/2020\/07\/IMG_0084-1536x1152.jpeg 1536w, https:\/\/www.intellectualsovereignty.ch\/wp-content\/uploads\/2020\/07\/IMG_0084-1870x1403.jpeg 1870w, https:\/\/www.intellectualsovereignty.ch\/wp-content\/uploads\/2020\/07\/IMG_0084-400x300.jpeg 400w, https:\/\/www.intellectualsovereignty.ch\/wp-content\/uploads\/2020\/07\/IMG_0084-800x600.jpeg 800w\" sizes=\"auto, (max-width: 2049px) 100vw, 2049px\" \/><\/figure><\/li><li class=\"blocks-gallery-item\"><figure><img loading=\"lazy\" decoding=\"async\" width=\"2560\" height=\"1920\" data-attachment-id=\"632\" data-permalink=\"https:\/\/www.intellectualsovereignty.ch\/index.php\/2020\/07\/04\/hike-25-schwarzsee-patraflon-schwarzsee\/img_0532\/\" data-orig-file=\"https:\/\/www.intellectualsovereignty.ch\/wp-content\/uploads\/2020\/07\/IMG_0532-scaled.jpeg\" data-orig-size=\"2560,1920\" data-comments-opened=\"0\" data-image-title=\"IMG_0532\" data-image-description=\"\" data-image-caption=\"\" data-large-file=\"https:\/\/www.intellectualsovereignty.ch\/wp-content\/uploads\/2020\/07\/IMG_0532-1024x768.jpeg\" src=\"https:\/\/i0.wp.com\/www.intellectualsovereignty.ch\/wp-content\/uploads\/2020\/07\/IMG_0532-scaled.jpeg?fit=520%2C390&amp;ssl=1\" alt=\"\" data-id=\"632\" data-full-url=\"https:\/\/i0.wp.com\/www.intellectualsovereignty.ch\/wp-content\/uploads\/2020\/07\/IMG_0532-scaled.jpeg?fit=2560%2C1920&amp;ssl=1\" data-link=\"https:\/\/www.intellectualsovereignty.ch\/?attachment_id=632\" class=\"wp-image-632\" srcset=\"https:\/\/www.intellectualsovereignty.ch\/wp-content\/uploads\/2020\/07\/IMG_0532-scaled.jpeg 2560w, https:\/\/www.intellectualsovereignty.ch\/wp-content\/uploads\/2020\/07\/IMG_0532-300x225.jpeg 300w, https:\/\/www.intellectualsovereignty.ch\/wp-content\/uploads\/2020\/07\/IMG_0532-1024x768.jpeg 1024w, https:\/\/www.intellectualsovereignty.ch\/wp-content\/uploads\/2020\/07\/IMG_0532-768x576.jpeg 768w, https:\/\/www.intellectualsovereignty.ch\/wp-content\/uploads\/2020\/07\/IMG_0532-1536x1152.jpeg 1536w, https:\/\/www.intellectualsovereignty.ch\/wp-content\/uploads\/2020\/07\/IMG_0532-2048x1536.jpeg 2048w, https:\/\/www.intellectualsovereignty.ch\/wp-content\/uploads\/2020\/07\/IMG_0532-1870x1403.jpeg 1870w, https:\/\/www.intellectualsovereignty.ch\/wp-content\/uploads\/2020\/07\/IMG_0532-400x300.jpeg 400w, https:\/\/www.intellectualsovereignty.ch\/wp-content\/uploads\/2020\/07\/IMG_0532-800x600.jpeg 800w\" sizes=\"auto, (max-width: 2560px) 100vw, 2560px\" \/><\/figure><\/li><li class=\"blocks-gallery-item\"><figure><img loading=\"lazy\" decoding=\"async\" width=\"1536\" height=\"2048\" data-attachment-id=\"633\" data-permalink=\"https:\/\/www.intellectualsovereignty.ch\/index.php\/2020\/07\/04\/hike-25-schwarzsee-patraflon-schwarzsee\/img_0085\/\" data-orig-file=\"https:\/\/www.intellectualsovereignty.ch\/wp-content\/uploads\/2020\/07\/IMG_0085.jpeg\" data-orig-size=\"1536,2048\" data-comments-opened=\"0\" data-image-title=\"IMG_0085\" data-image-description=\"\" data-image-caption=\"\" data-large-file=\"https:\/\/www.intellectualsovereignty.ch\/wp-content\/uploads\/2020\/07\/IMG_0085-768x1024.jpeg\" src=\"https:\/\/i2.wp.com\/www.intellectualsovereignty.ch\/wp-content\/uploads\/2020\/07\/IMG_0085.jpeg?fit=520%2C693&amp;ssl=1\" alt=\"\" data-id=\"633\" data-full-url=\"https:\/\/i2.wp.com\/www.intellectualsovereignty.ch\/wp-content\/uploads\/2020\/07\/IMG_0085.jpeg?fit=1536%2C2048&amp;ssl=1\" data-link=\"https:\/\/www.intellectualsovereignty.ch\/?attachment_id=633\" class=\"wp-image-633\" srcset=\"https:\/\/www.intellectualsovereignty.ch\/wp-content\/uploads\/2020\/07\/IMG_0085.jpeg 1536w, https:\/\/www.intellectualsovereignty.ch\/wp-content\/uploads\/2020\/07\/IMG_0085-225x300.jpeg 225w, https:\/\/www.intellectualsovereignty.ch\/wp-content\/uploads\/2020\/07\/IMG_0085-768x1024.jpeg 768w, https:\/\/www.intellectualsovereignty.ch\/wp-content\/uploads\/2020\/07\/IMG_0085-1152x1536.jpeg 1152w, https:\/\/www.intellectualsovereignty.ch\/wp-content\/uploads\/2020\/07\/IMG_0085-400x533.jpeg 400w, https:\/\/www.intellectualsovereignty.ch\/wp-content\/uploads\/2020\/07\/IMG_0085-800x1067.jpeg 800w\" sizes=\"auto, (max-width: 1536px) 100vw, 1536px\" \/><\/figure><\/li><\/ul><\/figure>\n\n\n\n<p class=\"wp-block-paragraph\">Nun steigen wir in den Breccaschlund hinunter und folgen &#8211; einem klassischen H\u00f6henweg nicht ganz un\u00e4hnlich &#8211; dem abwechslungsreichen Wanderweg bis nach Unteri Rippa, wo wir aufgrund Altersheim-Ausflug bewusst <em>nicht<\/em> einkehren. Die Flora und Fauna bis hierhin ist \u00fcppig, und wir geniessen sie in vollen Z\u00fcgen. Ein paar Blicke ins Tal zur\u00fcckwerfen, dann machen wir uns an den Abstieg hinunter zur Seeweid.<\/p>\n\n\n\n<figure class=\"wp-block-gallery columns-3 is-cropped wp-block-gallery-4 is-layout-flex wp-block-gallery-is-layout-flex\"><ul class=\"blocks-gallery-grid\"><li class=\"blocks-gallery-item\"><figure><img loading=\"lazy\" decoding=\"async\" width=\"2049\" height=\"1537\" data-attachment-id=\"634\" data-permalink=\"https:\/\/www.intellectualsovereignty.ch\/index.php\/2020\/07\/04\/hike-25-schwarzsee-patraflon-schwarzsee\/img_0076\/\" data-orig-file=\"https:\/\/www.intellectualsovereignty.ch\/wp-content\/uploads\/2020\/07\/IMG_0076.jpeg\" data-orig-size=\"2049,1537\" data-comments-opened=\"0\" data-image-title=\"IMG_0076\" data-image-description=\"\" data-image-caption=\"\" data-large-file=\"https:\/\/www.intellectualsovereignty.ch\/wp-content\/uploads\/2020\/07\/IMG_0076-1024x768.jpeg\" src=\"https:\/\/i1.wp.com\/www.intellectualsovereignty.ch\/wp-content\/uploads\/2020\/07\/IMG_0076.jpeg?fit=520%2C390&amp;ssl=1\" alt=\"\" data-id=\"634\" data-full-url=\"https:\/\/i1.wp.com\/www.intellectualsovereignty.ch\/wp-content\/uploads\/2020\/07\/IMG_0076.jpeg?fit=2049%2C1537&amp;ssl=1\" data-link=\"https:\/\/www.intellectualsovereignty.ch\/?attachment_id=634\" class=\"wp-image-634\" srcset=\"https:\/\/www.intellectualsovereignty.ch\/wp-content\/uploads\/2020\/07\/IMG_0076.jpeg 2049w, https:\/\/www.intellectualsovereignty.ch\/wp-content\/uploads\/2020\/07\/IMG_0076-300x225.jpeg 300w, https:\/\/www.intellectualsovereignty.ch\/wp-content\/uploads\/2020\/07\/IMG_0076-1024x768.jpeg 1024w, https:\/\/www.intellectualsovereignty.ch\/wp-content\/uploads\/2020\/07\/IMG_0076-768x576.jpeg 768w, https:\/\/www.intellectualsovereignty.ch\/wp-content\/uploads\/2020\/07\/IMG_0076-1536x1152.jpeg 1536w, https:\/\/www.intellectualsovereignty.ch\/wp-content\/uploads\/2020\/07\/IMG_0076-1870x1403.jpeg 1870w, https:\/\/www.intellectualsovereignty.ch\/wp-content\/uploads\/2020\/07\/IMG_0076-400x300.jpeg 400w, https:\/\/www.intellectualsovereignty.ch\/wp-content\/uploads\/2020\/07\/IMG_0076-800x600.jpeg 800w\" sizes=\"auto, (max-width: 2049px) 100vw, 2049px\" \/><\/figure><\/li><li class=\"blocks-gallery-item\"><figure><img loading=\"lazy\" decoding=\"async\" width=\"1920\" height=\"2560\" data-attachment-id=\"635\" data-permalink=\"https:\/\/www.intellectualsovereignty.ch\/index.php\/2020\/07\/04\/hike-25-schwarzsee-patraflon-schwarzsee\/img_0534\/\" data-orig-file=\"https:\/\/www.intellectualsovereignty.ch\/wp-content\/uploads\/2020\/07\/IMG_0534-scaled.jpeg\" data-orig-size=\"1920,2560\" data-comments-opened=\"0\" data-image-title=\"IMG_0534\" data-image-description=\"\" data-image-caption=\"\" data-large-file=\"https:\/\/www.intellectualsovereignty.ch\/wp-content\/uploads\/2020\/07\/IMG_0534-768x1024.jpeg\" src=\"https:\/\/i2.wp.com\/www.intellectualsovereignty.ch\/wp-content\/uploads\/2020\/07\/IMG_0534-scaled.jpeg?fit=520%2C693&amp;ssl=1\" alt=\"\" data-id=\"635\" data-full-url=\"https:\/\/i2.wp.com\/www.intellectualsovereignty.ch\/wp-content\/uploads\/2020\/07\/IMG_0534-scaled.jpeg?fit=1920%2C2560&amp;ssl=1\" data-link=\"https:\/\/www.intellectualsovereignty.ch\/?attachment_id=635\" class=\"wp-image-635\" srcset=\"https:\/\/www.intellectualsovereignty.ch\/wp-content\/uploads\/2020\/07\/IMG_0534-scaled.jpeg 1920w, https:\/\/www.intellectualsovereignty.ch\/wp-content\/uploads\/2020\/07\/IMG_0534-225x300.jpeg 225w, https:\/\/www.intellectualsovereignty.ch\/wp-content\/uploads\/2020\/07\/IMG_0534-768x1024.jpeg 768w, https:\/\/www.intellectualsovereignty.ch\/wp-content\/uploads\/2020\/07\/IMG_0534-1152x1536.jpeg 1152w, https:\/\/www.intellectualsovereignty.ch\/wp-content\/uploads\/2020\/07\/IMG_0534-1536x2048.jpeg 1536w, https:\/\/www.intellectualsovereignty.ch\/wp-content\/uploads\/2020\/07\/IMG_0534-1870x2493.jpeg 1870w, https:\/\/www.intellectualsovereignty.ch\/wp-content\/uploads\/2020\/07\/IMG_0534-400x533.jpeg 400w, https:\/\/www.intellectualsovereignty.ch\/wp-content\/uploads\/2020\/07\/IMG_0534-800x1067.jpeg 800w\" sizes=\"auto, (max-width: 1920px) 100vw, 1920px\" \/><\/figure><\/li><li class=\"blocks-gallery-item\"><figure><img loading=\"lazy\" decoding=\"async\" width=\"1537\" height=\"2049\" data-attachment-id=\"636\" data-permalink=\"https:\/\/www.intellectualsovereignty.ch\/index.php\/2020\/07\/04\/hike-25-schwarzsee-patraflon-schwarzsee\/img_0077\/\" data-orig-file=\"https:\/\/www.intellectualsovereignty.ch\/wp-content\/uploads\/2020\/07\/IMG_0077.jpeg\" data-orig-size=\"1537,2049\" data-comments-opened=\"0\" data-image-title=\"IMG_0077\" data-image-description=\"\" data-image-caption=\"\" data-large-file=\"https:\/\/www.intellectualsovereignty.ch\/wp-content\/uploads\/2020\/07\/IMG_0077-768x1024.jpeg\" src=\"https:\/\/i2.wp.com\/www.intellectualsovereignty.ch\/wp-content\/uploads\/2020\/07\/IMG_0077.jpeg?fit=520%2C693&amp;ssl=1\" alt=\"\" data-id=\"636\" data-full-url=\"https:\/\/i2.wp.com\/www.intellectualsovereignty.ch\/wp-content\/uploads\/2020\/07\/IMG_0077.jpeg?fit=1537%2C2049&amp;ssl=1\" data-link=\"https:\/\/www.intellectualsovereignty.ch\/?attachment_id=636\" class=\"wp-image-636\" srcset=\"https:\/\/www.intellectualsovereignty.ch\/wp-content\/uploads\/2020\/07\/IMG_0077.jpeg 1537w, https:\/\/www.intellectualsovereignty.ch\/wp-content\/uploads\/2020\/07\/IMG_0077-225x300.jpeg 225w, https:\/\/www.intellectualsovereignty.ch\/wp-content\/uploads\/2020\/07\/IMG_0077-768x1024.jpeg 768w, https:\/\/www.intellectualsovereignty.ch\/wp-content\/uploads\/2020\/07\/IMG_0077-1152x1536.jpeg 1152w, https:\/\/www.intellectualsovereignty.ch\/wp-content\/uploads\/2020\/07\/IMG_0077-400x533.jpeg 400w, https:\/\/www.intellectualsovereignty.ch\/wp-content\/uploads\/2020\/07\/IMG_0077-800x1066.jpeg 800w\" sizes=\"auto, (max-width: 1537px) 100vw, 1537px\" \/><\/figure><\/li><li class=\"blocks-gallery-item\"><figure><img loading=\"lazy\" decoding=\"async\" width=\"1537\" height=\"2049\" data-attachment-id=\"637\" data-permalink=\"https:\/\/www.intellectualsovereignty.ch\/index.php\/2020\/07\/04\/hike-25-schwarzsee-patraflon-schwarzsee\/img_0082\/\" data-orig-file=\"https:\/\/www.intellectualsovereignty.ch\/wp-content\/uploads\/2020\/07\/IMG_0082.jpeg\" data-orig-size=\"1537,2049\" data-comments-opened=\"0\" data-image-title=\"IMG_0082\" data-image-description=\"\" data-image-caption=\"\" data-large-file=\"https:\/\/www.intellectualsovereignty.ch\/wp-content\/uploads\/2020\/07\/IMG_0082-768x1024.jpeg\" src=\"https:\/\/i1.wp.com\/www.intellectualsovereignty.ch\/wp-content\/uploads\/2020\/07\/IMG_0082.jpeg?fit=520%2C693&amp;ssl=1\" alt=\"\" data-id=\"637\" data-full-url=\"https:\/\/i1.wp.com\/www.intellectualsovereignty.ch\/wp-content\/uploads\/2020\/07\/IMG_0082.jpeg?fit=1537%2C2049&amp;ssl=1\" data-link=\"https:\/\/www.intellectualsovereignty.ch\/?attachment_id=637\" class=\"wp-image-637\" srcset=\"https:\/\/www.intellectualsovereignty.ch\/wp-content\/uploads\/2020\/07\/IMG_0082.jpeg 1537w, https:\/\/www.intellectualsovereignty.ch\/wp-content\/uploads\/2020\/07\/IMG_0082-225x300.jpeg 225w, https:\/\/www.intellectualsovereignty.ch\/wp-content\/uploads\/2020\/07\/IMG_0082-768x1024.jpeg 768w, https:\/\/www.intellectualsovereignty.ch\/wp-content\/uploads\/2020\/07\/IMG_0082-1152x1536.jpeg 1152w, https:\/\/www.intellectualsovereignty.ch\/wp-content\/uploads\/2020\/07\/IMG_0082-400x533.jpeg 400w, https:\/\/www.intellectualsovereignty.ch\/wp-content\/uploads\/2020\/07\/IMG_0082-800x1066.jpeg 800w\" sizes=\"auto, (max-width: 1537px) 100vw, 1537px\" \/><\/figure><\/li><li class=\"blocks-gallery-item\"><figure><img loading=\"lazy\" decoding=\"async\" width=\"2560\" height=\"1920\" data-attachment-id=\"638\" data-permalink=\"https:\/\/www.intellectualsovereignty.ch\/index.php\/2020\/07\/04\/hike-25-schwarzsee-patraflon-schwarzsee\/img_0537\/\" data-orig-file=\"https:\/\/www.intellectualsovereignty.ch\/wp-content\/uploads\/2020\/07\/IMG_0537-scaled.jpeg\" data-orig-size=\"2560,1920\" data-comments-opened=\"0\" data-image-title=\"IMG_0537\" data-image-description=\"\" data-image-caption=\"\" data-large-file=\"https:\/\/www.intellectualsovereignty.ch\/wp-content\/uploads\/2020\/07\/IMG_0537-1024x768.jpeg\" src=\"https:\/\/i2.wp.com\/www.intellectualsovereignty.ch\/wp-content\/uploads\/2020\/07\/IMG_0537-scaled.jpeg?fit=520%2C390&amp;ssl=1\" alt=\"\" data-id=\"638\" data-full-url=\"https:\/\/i2.wp.com\/www.intellectualsovereignty.ch\/wp-content\/uploads\/2020\/07\/IMG_0537-scaled.jpeg?fit=2560%2C1920&amp;ssl=1\" data-link=\"https:\/\/www.intellectualsovereignty.ch\/?attachment_id=638\" class=\"wp-image-638\" srcset=\"https:\/\/www.intellectualsovereignty.ch\/wp-content\/uploads\/2020\/07\/IMG_0537-scaled.jpeg 2560w, https:\/\/www.intellectualsovereignty.ch\/wp-content\/uploads\/2020\/07\/IMG_0537-300x225.jpeg 300w, https:\/\/www.intellectualsovereignty.ch\/wp-content\/uploads\/2020\/07\/IMG_0537-1024x768.jpeg 1024w, https:\/\/www.intellectualsovereignty.ch\/wp-content\/uploads\/2020\/07\/IMG_0537-768x576.jpeg 768w, https:\/\/www.intellectualsovereignty.ch\/wp-content\/uploads\/2020\/07\/IMG_0537-1536x1152.jpeg 1536w, https:\/\/www.intellectualsovereignty.ch\/wp-content\/uploads\/2020\/07\/IMG_0537-2048x1536.jpeg 2048w, https:\/\/www.intellectualsovereignty.ch\/wp-content\/uploads\/2020\/07\/IMG_0537-1870x1403.jpeg 1870w, https:\/\/www.intellectualsovereignty.ch\/wp-content\/uploads\/2020\/07\/IMG_0537-400x300.jpeg 400w, https:\/\/www.intellectualsovereignty.ch\/wp-content\/uploads\/2020\/07\/IMG_0537-800x600.jpeg 800w\" sizes=\"auto, (max-width: 2560px) 100vw, 2560px\" \/><\/figure><\/li><li class=\"blocks-gallery-item\"><figure><img loading=\"lazy\" decoding=\"async\" width=\"2560\" height=\"1920\" data-attachment-id=\"639\" data-permalink=\"https:\/\/www.intellectualsovereignty.ch\/index.php\/2020\/07\/04\/hike-25-schwarzsee-patraflon-schwarzsee\/img_0538\/\" data-orig-file=\"https:\/\/www.intellectualsovereignty.ch\/wp-content\/uploads\/2020\/07\/IMG_0538-scaled.jpeg\" data-orig-size=\"2560,1920\" data-comments-opened=\"0\" data-image-title=\"IMG_0538\" data-image-description=\"\" data-image-caption=\"\" data-large-file=\"https:\/\/www.intellectualsovereignty.ch\/wp-content\/uploads\/2020\/07\/IMG_0538-1024x768.jpeg\" src=\"https:\/\/i2.wp.com\/www.intellectualsovereignty.ch\/wp-content\/uploads\/2020\/07\/IMG_0538-scaled.jpeg?fit=520%2C390&amp;ssl=1\" alt=\"\" data-id=\"639\" data-full-url=\"https:\/\/i2.wp.com\/www.intellectualsovereignty.ch\/wp-content\/uploads\/2020\/07\/IMG_0538-scaled.jpeg?fit=2560%2C1920&amp;ssl=1\" data-link=\"https:\/\/www.intellectualsovereignty.ch\/?attachment_id=639\" class=\"wp-image-639\" srcset=\"https:\/\/www.intellectualsovereignty.ch\/wp-content\/uploads\/2020\/07\/IMG_0538-scaled.jpeg 2560w, https:\/\/www.intellectualsovereignty.ch\/wp-content\/uploads\/2020\/07\/IMG_0538-300x225.jpeg 300w, https:\/\/www.intellectualsovereignty.ch\/wp-content\/uploads\/2020\/07\/IMG_0538-1024x768.jpeg 1024w, https:\/\/www.intellectualsovereignty.ch\/wp-content\/uploads\/2020\/07\/IMG_0538-768x576.jpeg 768w, https:\/\/www.intellectualsovereignty.ch\/wp-content\/uploads\/2020\/07\/IMG_0538-1536x1152.jpeg 1536w, https:\/\/www.intellectualsovereignty.ch\/wp-content\/uploads\/2020\/07\/IMG_0538-2048x1536.jpeg 2048w, https:\/\/www.intellectualsovereignty.ch\/wp-content\/uploads\/2020\/07\/IMG_0538-1870x1403.jpeg 1870w, https:\/\/www.intellectualsovereignty.ch\/wp-content\/uploads\/2020\/07\/IMG_0538-400x300.jpeg 400w, https:\/\/www.intellectualsovereignty.ch\/wp-content\/uploads\/2020\/07\/IMG_0538-800x600.jpeg 800w\" sizes=\"auto, (max-width: 2560px) 100vw, 2560px\" \/><\/figure><\/li><li class=\"blocks-gallery-item\"><figure><img loading=\"lazy\" decoding=\"async\" width=\"1537\" height=\"2049\" data-attachment-id=\"640\" data-permalink=\"https:\/\/www.intellectualsovereignty.ch\/index.php\/2020\/07\/04\/hike-25-schwarzsee-patraflon-schwarzsee\/img_0073\/\" data-orig-file=\"https:\/\/www.intellectualsovereignty.ch\/wp-content\/uploads\/2020\/07\/IMG_0073.jpeg\" data-orig-size=\"1537,2049\" data-comments-opened=\"0\" data-image-title=\"IMG_0073\" data-image-description=\"\" data-image-caption=\"\" data-large-file=\"https:\/\/www.intellectualsovereignty.ch\/wp-content\/uploads\/2020\/07\/IMG_0073-768x1024.jpeg\" src=\"https:\/\/i2.wp.com\/www.intellectualsovereignty.ch\/wp-content\/uploads\/2020\/07\/IMG_0073.jpeg?fit=520%2C693&amp;ssl=1\" alt=\"\" data-id=\"640\" data-full-url=\"https:\/\/i2.wp.com\/www.intellectualsovereignty.ch\/wp-content\/uploads\/2020\/07\/IMG_0073.jpeg?fit=1537%2C2049&amp;ssl=1\" data-link=\"https:\/\/www.intellectualsovereignty.ch\/?attachment_id=640\" class=\"wp-image-640\" srcset=\"https:\/\/www.intellectualsovereignty.ch\/wp-content\/uploads\/2020\/07\/IMG_0073.jpeg 1537w, https:\/\/www.intellectualsovereignty.ch\/wp-content\/uploads\/2020\/07\/IMG_0073-225x300.jpeg 225w, https:\/\/www.intellectualsovereignty.ch\/wp-content\/uploads\/2020\/07\/IMG_0073-768x1024.jpeg 768w, https:\/\/www.intellectualsovereignty.ch\/wp-content\/uploads\/2020\/07\/IMG_0073-1152x1536.jpeg 1152w, https:\/\/www.intellectualsovereignty.ch\/wp-content\/uploads\/2020\/07\/IMG_0073-400x533.jpeg 400w, https:\/\/www.intellectualsovereignty.ch\/wp-content\/uploads\/2020\/07\/IMG_0073-800x1066.jpeg 800w\" sizes=\"auto, (max-width: 1537px) 100vw, 1537px\" \/><\/figure><\/li><li class=\"blocks-gallery-item\"><figure><img loading=\"lazy\" decoding=\"async\" width=\"2560\" height=\"1920\" data-attachment-id=\"641\" data-permalink=\"https:\/\/www.intellectualsovereignty.ch\/index.php\/2020\/07\/04\/hike-25-schwarzsee-patraflon-schwarzsee\/img_0539\/\" data-orig-file=\"https:\/\/www.intellectualsovereignty.ch\/wp-content\/uploads\/2020\/07\/IMG_0539-scaled.jpeg\" data-orig-size=\"2560,1920\" data-comments-opened=\"0\" data-image-title=\"IMG_0539\" data-image-description=\"\" data-image-caption=\"\" data-large-file=\"https:\/\/www.intellectualsovereignty.ch\/wp-content\/uploads\/2020\/07\/IMG_0539-1024x768.jpeg\" src=\"https:\/\/i1.wp.com\/www.intellectualsovereignty.ch\/wp-content\/uploads\/2020\/07\/IMG_0539-scaled.jpeg?fit=520%2C390&amp;ssl=1\" alt=\"\" data-id=\"641\" data-full-url=\"https:\/\/i1.wp.com\/www.intellectualsovereignty.ch\/wp-content\/uploads\/2020\/07\/IMG_0539-scaled.jpeg?fit=2560%2C1920&amp;ssl=1\" data-link=\"https:\/\/www.intellectualsovereignty.ch\/?attachment_id=641\" class=\"wp-image-641\" srcset=\"https:\/\/www.intellectualsovereignty.ch\/wp-content\/uploads\/2020\/07\/IMG_0539-scaled.jpeg 2560w, https:\/\/www.intellectualsovereignty.ch\/wp-content\/uploads\/2020\/07\/IMG_0539-300x225.jpeg 300w, https:\/\/www.intellectualsovereignty.ch\/wp-content\/uploads\/2020\/07\/IMG_0539-1024x768.jpeg 1024w, https:\/\/www.intellectualsovereignty.ch\/wp-content\/uploads\/2020\/07\/IMG_0539-768x576.jpeg 768w, https:\/\/www.intellectualsovereignty.ch\/wp-content\/uploads\/2020\/07\/IMG_0539-1536x1152.jpeg 1536w, https:\/\/www.intellectualsovereignty.ch\/wp-content\/uploads\/2020\/07\/IMG_0539-2048x1536.jpeg 2048w, https:\/\/www.intellectualsovereignty.ch\/wp-content\/uploads\/2020\/07\/IMG_0539-1870x1403.jpeg 1870w, https:\/\/www.intellectualsovereignty.ch\/wp-content\/uploads\/2020\/07\/IMG_0539-400x300.jpeg 400w, https:\/\/www.intellectualsovereignty.ch\/wp-content\/uploads\/2020\/07\/IMG_0539-800x600.jpeg 800w\" sizes=\"auto, (max-width: 2560px) 100vw, 2560px\" \/><\/figure><\/li><li class=\"blocks-gallery-item\"><figure><img loading=\"lazy\" decoding=\"async\" width=\"1920\" height=\"2560\" data-attachment-id=\"642\" data-permalink=\"https:\/\/www.intellectualsovereignty.ch\/index.php\/2020\/07\/04\/hike-25-schwarzsee-patraflon-schwarzsee\/img_0540\/\" data-orig-file=\"https:\/\/www.intellectualsovereignty.ch\/wp-content\/uploads\/2020\/07\/IMG_0540-scaled.jpeg\" data-orig-size=\"1920,2560\" data-comments-opened=\"0\" data-image-title=\"IMG_0540\" data-image-description=\"\" data-image-caption=\"\" data-large-file=\"https:\/\/www.intellectualsovereignty.ch\/wp-content\/uploads\/2020\/07\/IMG_0540-768x1024.jpeg\" src=\"https:\/\/i2.wp.com\/www.intellectualsovereignty.ch\/wp-content\/uploads\/2020\/07\/IMG_0540-scaled.jpeg?fit=520%2C693&amp;ssl=1\" alt=\"\" data-id=\"642\" data-full-url=\"https:\/\/i2.wp.com\/www.intellectualsovereignty.ch\/wp-content\/uploads\/2020\/07\/IMG_0540-scaled.jpeg?fit=1920%2C2560&amp;ssl=1\" data-link=\"https:\/\/www.intellectualsovereignty.ch\/?attachment_id=642\" class=\"wp-image-642\" srcset=\"https:\/\/www.intellectualsovereignty.ch\/wp-content\/uploads\/2020\/07\/IMG_0540-scaled.jpeg 1920w, https:\/\/www.intellectualsovereignty.ch\/wp-content\/uploads\/2020\/07\/IMG_0540-225x300.jpeg 225w, https:\/\/www.intellectualsovereignty.ch\/wp-content\/uploads\/2020\/07\/IMG_0540-768x1024.jpeg 768w, https:\/\/www.intellectualsovereignty.ch\/wp-content\/uploads\/2020\/07\/IMG_0540-1152x1536.jpeg 1152w, https:\/\/www.intellectualsovereignty.ch\/wp-content\/uploads\/2020\/07\/IMG_0540-1536x2048.jpeg 1536w, https:\/\/www.intellectualsovereignty.ch\/wp-content\/uploads\/2020\/07\/IMG_0540-1870x2493.jpeg 1870w, https:\/\/www.intellectualsovereignty.ch\/wp-content\/uploads\/2020\/07\/IMG_0540-400x533.jpeg 400w, https:\/\/www.intellectualsovereignty.ch\/wp-content\/uploads\/2020\/07\/IMG_0540-800x1067.jpeg 800w\" sizes=\"auto, (max-width: 1920px) 100vw, 1920px\" \/><\/figure><\/li><li class=\"blocks-gallery-item\"><figure><img loading=\"lazy\" decoding=\"async\" width=\"2560\" height=\"1920\" data-attachment-id=\"643\" data-permalink=\"https:\/\/www.intellectualsovereignty.ch\/index.php\/2020\/07\/04\/hike-25-schwarzsee-patraflon-schwarzsee\/img_0541\/\" data-orig-file=\"https:\/\/www.intellectualsovereignty.ch\/wp-content\/uploads\/2020\/07\/IMG_0541-scaled.jpeg\" data-orig-size=\"2560,1920\" data-comments-opened=\"0\" data-image-title=\"IMG_0541\" data-image-description=\"\" data-image-caption=\"\" data-large-file=\"https:\/\/www.intellectualsovereignty.ch\/wp-content\/uploads\/2020\/07\/IMG_0541-1024x768.jpeg\" src=\"https:\/\/i2.wp.com\/www.intellectualsovereignty.ch\/wp-content\/uploads\/2020\/07\/IMG_0541-scaled.jpeg?fit=520%2C390&amp;ssl=1\" alt=\"\" data-id=\"643\" data-full-url=\"https:\/\/i2.wp.com\/www.intellectualsovereignty.ch\/wp-content\/uploads\/2020\/07\/IMG_0541-scaled.jpeg?fit=2560%2C1920&amp;ssl=1\" data-link=\"https:\/\/www.intellectualsovereignty.ch\/?attachment_id=643\" class=\"wp-image-643\" srcset=\"https:\/\/www.intellectualsovereignty.ch\/wp-content\/uploads\/2020\/07\/IMG_0541-scaled.jpeg 2560w, https:\/\/www.intellectualsovereignty.ch\/wp-content\/uploads\/2020\/07\/IMG_0541-300x225.jpeg 300w, https:\/\/www.intellectualsovereignty.ch\/wp-content\/uploads\/2020\/07\/IMG_0541-1024x768.jpeg 1024w, https:\/\/www.intellectualsovereignty.ch\/wp-content\/uploads\/2020\/07\/IMG_0541-768x576.jpeg 768w, https:\/\/www.intellectualsovereignty.ch\/wp-content\/uploads\/2020\/07\/IMG_0541-1536x1152.jpeg 1536w, https:\/\/www.intellectualsovereignty.ch\/wp-content\/uploads\/2020\/07\/IMG_0541-2048x1536.jpeg 2048w, https:\/\/www.intellectualsovereignty.ch\/wp-content\/uploads\/2020\/07\/IMG_0541-1870x1403.jpeg 1870w, https:\/\/www.intellectualsovereignty.ch\/wp-content\/uploads\/2020\/07\/IMG_0541-400x300.jpeg 400w, https:\/\/www.intellectualsovereignty.ch\/wp-content\/uploads\/2020\/07\/IMG_0541-800x600.jpeg 800w\" sizes=\"auto, (max-width: 2560px) 100vw, 2560px\" \/><\/figure><\/li><\/ul><\/figure>\n\n\n\n<p class=\"wp-block-paragraph\">Die rund vierst\u00fcndige Wanderung lassen wir bei einer Erfrischung im Restaurant Gypsera am anderen See-Ende abklingen, bevor wir uns wieder nach Bern aufmachen. Wir werden sicherlich mit den SUPs zur\u00fcckkommen, der Schwarzsee scheint f\u00fcrs &#8220;stehende Paddeln&#8221; sich ziemlich gut zu eignen&#8230;<\/p>\n\n\n\n<hr class=\"wp-block-separator\"\/>\n\n\n\n<p class=\"wp-block-paragraph\">Distanz: 10.5km<br \/>H\u00f6henmeter: 932m<br \/>Marschzeit: 3h55<br \/>GPS-Route:&nbsp;<a rel=\"noreferrer noopener\" href=\"https:\/\/map.schweizmobil.ch\/?lang=de&amp;photos=yes&amp;logo=yes&amp;season=summer&amp;bgLayer=pk&amp;resolution=1.03&amp;E=2587275&amp;N=1167651&amp;layers=Wanderland&amp;trackId=7306138\" target=\"_blank\">SchweizMobil<\/a><br \/>Beschrieb:&nbsp;<a rel=\"noreferrer noopener\" href=\"https:\/\/www.schwarzsee.ch\/de\/V212\/schwarzsee-zwei-taeler-wanderung\" target=\"_blank\">Schwarzsee-Website<\/a> (Wandervorschlag Zwei-T\u00e4ler-Wanderung), <a rel=\"noreferrer noopener\" href=\"https:\/\/www.schweizmobil.ch\/de\/wanderland\/routen\/route-03.html\" target=\"_blank\">Breccaschlund-Panoramaweg (Nr. 267)<\/a>&nbsp;(kurzer Abschnitt ab Unteri Rippa)<\/p>\n\n\n[sgpx gpx=\/wp-content\/uploads\/gpx\/20200704_schwarzseepatraflonschwarzsee.gpx ]\n","protected":false},"excerpt":{"rendered":"<p>Heute war Bea an der Reihe eine Wanderung auszuw\u00e4hlen, erw\u00fcnscht war ein nicht allzu anstrengender H\u00f6henweg mit unter tausend Metern H\u00f6hendifferenz. Gelaufen sind wir schliesslich einen Weg, der ziemlich hoch hinaus reichte, alles andere als ein klassischer H\u00f6henweg, daf\u00fcr mit atemberaubender Aussicht. So machten wir uns auf zum freiburgischen Schwarzsee, wo wir von Schwarzsee Bad [&hellip;]<\/p>\n","protected":false},"author":1,"featured_media":623,"comment_status":"open","ping_status":"open","sticky":false,"template":"","format":"standard","meta":{"_jetpack_newsletter_access":"","_jetpack_dont_email_post_to_subs":false,"_jetpack_newsletter_tier_id":0,"_jetpack_memberships_contains_paywalled_content":false,"_spotmap_latitude":"","_spotmap_longitude":"","_jetpack_feature_clip_id":0,"_jetpack_memberships_contains_paid_content":false,"footnotes":"","jetpack_post_was_ever_published":false},"categories":[3],"tags":[18],"class_list":["post-607","post","type-post","status-publish","format-standard","has-post-thumbnail","hentry","category-hiking","tag-ch_267","has-thumbnail"],"jetpack_shortlink":"https:\/\/wp.me\/p9IwFN-9N","jetpack_likes_enabled":false,"jetpack_sharing_enabled":true,"jetpack_featured_media_url":"https:\/\/www.intellectualsovereignty.ch\/wp-content\/uploads\/2020\/07\/IMG_0526-cropped-scaled.jpeg","_links":{"self":[{"href":"https:\/\/www.intellectualsovereignty.ch\/index.php\/wp-json\/wp\/v2\/posts\/607","targetHints":{"allow":["GET"]}}],"collection":[{"href":"https:\/\/www.intellectualsovereignty.ch\/index.php\/wp-json\/wp\/v2\/posts"}],"about":[{"href":"https:\/\/www.intellectualsovereignty.ch\/index.php\/wp-json\/wp\/v2\/types\/post"}],"author":[{"embeddable":true,"href":"https:\/\/www.intellectualsovereignty.ch\/index.php\/wp-json\/wp\/v2\/users\/1"}],"replies":[{"embeddable":true,"href":"https:\/\/www.intellectualsovereignty.ch\/index.php\/wp-json\/wp\/v2\/comments?post=607"}],"version-history":[{"count":4,"href":"https:\/\/www.intellectualsovereignty.ch\/index.php\/wp-json\/wp\/v2\/posts\/607\/revisions"}],"predecessor-version":[{"id":651,"href":"https:\/\/www.intellectualsovereignty.ch\/index.php\/wp-json\/wp\/v2\/posts\/607\/revisions\/651"}],"wp:featuredmedia":[{"embeddable":true,"href":"https:\/\/www.intellectualsovereignty.ch\/index.php\/wp-json\/wp\/v2\/media\/623"}],"wp:attachment":[{"href":"https:\/\/www.intellectualsovereignty.ch\/index.php\/wp-json\/wp\/v2\/media?parent=607"}],"wp:term":[{"taxonomy":"category","embeddable":true,"href":"https:\/\/www.intellectualsovereignty.ch\/index.php\/wp-json\/wp\/v2\/categories?post=607"},{"taxonomy":"post_tag","embeddable":true,"href":"https:\/\/www.intellectualsovereignty.ch\/index.php\/wp-json\/wp\/v2\/tags?post=607"}],"curies":[{"name":"wp","href":"https:\/\/api.w.org\/{rel}","templated":true}]}}