{"id":539,"date":"2020-06-26T19:22:00","date_gmt":"2020-06-26T18:22:00","guid":{"rendered":"https:\/\/www.intellectualsovereignty.ch\/?p=539"},"modified":"2020-06-28T12:35:47","modified_gmt":"2020-06-28T10:35:47","slug":"hike-24-wimmis-niesen","status":"publish","type":"post","link":"https:\/\/www.intellectualsovereignty.ch\/index.php\/2020\/06\/26\/hike-24-wimmis-niesen\/","title":{"rendered":"Hike #24 \/ Wimmis &#8211; Niesen"},"content":{"rendered":"\n<p class=\"wp-block-paragraph\">Mein Fazit zur heutigen Wanderung gleich vorweg: &#8220;E stotzige cheib!&#8221;, aber allemal lohnenswert. Doch alles der Reihe nach. Als ich am Wochenende zuvor beim Abstieg ins Justistal (siehe <a rel=\"noreferrer noopener\" href=\"https:\/\/www.intellectualsovereignty.ch\/index.php\/2020\/06\/21\/hike-23-niederhorn-gemmenalphorn-oberberg-groen-beatenberg\/\" target=\"_blank\">Hike #23<\/a>) den Niesen von Sigriswiler Rothorn und Niederhorn eingerahmt aus der Ferne betrachtet habe, war mir klar, du bist als n\u00e4chstes dran! So habe ich mich heute Freitag &#8211; und Freitage gelten f\u00fcr mich eh als denkw\u00fcrdige Tage &#8211; mit gut gef\u00fclltem Rucksack in den Zug gesetzt und bei sch\u00f6nem Wetter an den Aufstieg gemacht&#8230; Ein letzter Blick zum Gipfel sowie gegen Osten, dann gilt meine Konzentration dem Warmlaufen auf den ersten Kilometern.<\/p>\n\n\n\n<figure class=\"wp-block-image size-large\"><img loading=\"lazy\" decoding=\"async\" width=\"1024\" height=\"768\" data-attachment-id=\"540\" data-permalink=\"https:\/\/www.intellectualsovereignty.ch\/index.php\/2020\/06\/26\/hike-24-wimmis-niesen\/img_0479\/\" data-orig-file=\"https:\/\/www.intellectualsovereignty.ch\/wp-content\/uploads\/2020\/06\/IMG_0479-scaled.jpeg\" data-orig-size=\"2560,1920\" data-comments-opened=\"0\" data-image-title=\"IMG_0479\" data-image-description=\"\" data-image-caption=\"\" data-large-file=\"https:\/\/www.intellectualsovereignty.ch\/wp-content\/uploads\/2020\/06\/IMG_0479-1024x768.jpeg\" src=\"https:\/\/www.intellectualsovereignty.ch\/wp-content\/uploads\/2020\/06\/IMG_0479-1024x768.jpeg\" alt=\"\" class=\"wp-image-540\" srcset=\"https:\/\/www.intellectualsovereignty.ch\/wp-content\/uploads\/2020\/06\/IMG_0479-1024x768.jpeg 1024w, https:\/\/www.intellectualsovereignty.ch\/wp-content\/uploads\/2020\/06\/IMG_0479-300x225.jpeg 300w, https:\/\/www.intellectualsovereignty.ch\/wp-content\/uploads\/2020\/06\/IMG_0479-768x576.jpeg 768w, https:\/\/www.intellectualsovereignty.ch\/wp-content\/uploads\/2020\/06\/IMG_0479-1536x1152.jpeg 1536w, https:\/\/www.intellectualsovereignty.ch\/wp-content\/uploads\/2020\/06\/IMG_0479-2048x1536.jpeg 2048w, https:\/\/www.intellectualsovereignty.ch\/wp-content\/uploads\/2020\/06\/IMG_0479-1870x1403.jpeg 1870w, https:\/\/www.intellectualsovereignty.ch\/wp-content\/uploads\/2020\/06\/IMG_0479-400x300.jpeg 400w, https:\/\/www.intellectualsovereignty.ch\/wp-content\/uploads\/2020\/06\/IMG_0479-800x600.jpeg 800w\" sizes=\"auto, (max-width: 1024px) 100vw, 1024px\" \/><\/figure>\n\n\n\n<figure class=\"wp-block-image size-large\"><img loading=\"lazy\" decoding=\"async\" width=\"1024\" height=\"768\" data-attachment-id=\"556\" data-permalink=\"https:\/\/www.intellectualsovereignty.ch\/img_0480\/\" data-orig-file=\"https:\/\/www.intellectualsovereignty.ch\/wp-content\/uploads\/2020\/06\/IMG_0480-scaled.jpeg\" data-orig-size=\"2560,1920\" data-comments-opened=\"0\" data-image-title=\"IMG_0480\" data-image-description=\"\" data-image-caption=\"\" data-large-file=\"https:\/\/www.intellectualsovereignty.ch\/wp-content\/uploads\/2020\/06\/IMG_0480-1024x768.jpeg\" src=\"https:\/\/www.intellectualsovereignty.ch\/wp-content\/uploads\/2020\/06\/IMG_0480-1024x768.jpeg\" alt=\"\" class=\"wp-image-556\" srcset=\"https:\/\/www.intellectualsovereignty.ch\/wp-content\/uploads\/2020\/06\/IMG_0480-1024x768.jpeg 1024w, https:\/\/www.intellectualsovereignty.ch\/wp-content\/uploads\/2020\/06\/IMG_0480-300x225.jpeg 300w, https:\/\/www.intellectualsovereignty.ch\/wp-content\/uploads\/2020\/06\/IMG_0480-768x576.jpeg 768w, https:\/\/www.intellectualsovereignty.ch\/wp-content\/uploads\/2020\/06\/IMG_0480-1536x1152.jpeg 1536w, https:\/\/www.intellectualsovereignty.ch\/wp-content\/uploads\/2020\/06\/IMG_0480-2048x1536.jpeg 2048w, https:\/\/www.intellectualsovereignty.ch\/wp-content\/uploads\/2020\/06\/IMG_0480-1870x1403.jpeg 1870w, https:\/\/www.intellectualsovereignty.ch\/wp-content\/uploads\/2020\/06\/IMG_0480-400x300.jpeg 400w, https:\/\/www.intellectualsovereignty.ch\/wp-content\/uploads\/2020\/06\/IMG_0480-800x600.jpeg 800w\" sizes=\"auto, (max-width: 1024px) 100vw, 1024px\" \/><figcaption>Blick aufs Sigriswiler Rothorn (Mitte links) und Niederhorn (Mitte rechts)<\/figcaption><\/figure>\n\n\n\n<p class=\"wp-block-paragraph\">Zuerst geht es gem\u00e4chlich durch den Bruchwald, dann wird der Wanderweg stetig steiler. Ab und zu einen Blick hinunter nach Wimmis werfen, Foto knipsen und weiter geht&#8217;s. Beim vorderen Ahorni machen ich nach rund der H\u00e4lfte der H\u00f6henmeter bei atemberaubender Aussicht eine kurze Verpflegungspause. Ich komme mit Hikerin Moni ins Gespr\u00e4ch, sie plant oberhalb der Stotzigi Weng direkt \u00fcber den Nordgrat &#8211; auch Goliath-Grat genannt \ud83d\ude42 &#8211; zur Bergspitze hochzukraxeln, chapeau! <\/p>\n\n\n\n<figure class=\"wp-block-gallery columns-3 is-cropped wp-block-gallery-1 is-layout-flex wp-block-gallery-is-layout-flex\"><ul class=\"blocks-gallery-grid\"><li class=\"blocks-gallery-item\"><figure><img loading=\"lazy\" decoding=\"async\" width=\"1024\" height=\"768\" data-attachment-id=\"557\" data-permalink=\"https:\/\/www.intellectualsovereignty.ch\/img_0481\/\" data-orig-file=\"https:\/\/www.intellectualsovereignty.ch\/wp-content\/uploads\/2020\/06\/IMG_0481-scaled.jpeg\" data-orig-size=\"2560,1920\" data-comments-opened=\"0\" data-image-title=\"IMG_0481\" data-image-description=\"\" data-image-caption=\"\" data-large-file=\"https:\/\/www.intellectualsovereignty.ch\/wp-content\/uploads\/2020\/06\/IMG_0481-1024x768.jpeg\" src=\"https:\/\/www.intellectualsovereignty.ch\/wp-content\/uploads\/2020\/06\/IMG_0481-1024x768.jpeg\" alt=\"\" data-id=\"557\" data-full-url=\"https:\/\/www.intellectualsovereignty.ch\/wp-content\/uploads\/2020\/06\/IMG_0481-scaled.jpeg\" data-link=\"https:\/\/www.intellectualsovereignty.ch\/img_0481\/\" class=\"wp-image-557\" srcset=\"https:\/\/www.intellectualsovereignty.ch\/wp-content\/uploads\/2020\/06\/IMG_0481-1024x768.jpeg 1024w, https:\/\/www.intellectualsovereignty.ch\/wp-content\/uploads\/2020\/06\/IMG_0481-300x225.jpeg 300w, https:\/\/www.intellectualsovereignty.ch\/wp-content\/uploads\/2020\/06\/IMG_0481-768x576.jpeg 768w, https:\/\/www.intellectualsovereignty.ch\/wp-content\/uploads\/2020\/06\/IMG_0481-1536x1152.jpeg 1536w, https:\/\/www.intellectualsovereignty.ch\/wp-content\/uploads\/2020\/06\/IMG_0481-2048x1536.jpeg 2048w, https:\/\/www.intellectualsovereignty.ch\/wp-content\/uploads\/2020\/06\/IMG_0481-1870x1403.jpeg 1870w, https:\/\/www.intellectualsovereignty.ch\/wp-content\/uploads\/2020\/06\/IMG_0481-400x300.jpeg 400w, https:\/\/www.intellectualsovereignty.ch\/wp-content\/uploads\/2020\/06\/IMG_0481-800x600.jpeg 800w\" sizes=\"auto, (max-width: 1024px) 100vw, 1024px\" \/><\/figure><\/li><li class=\"blocks-gallery-item\"><figure><img loading=\"lazy\" decoding=\"async\" width=\"1024\" height=\"293\" data-attachment-id=\"558\" data-permalink=\"https:\/\/www.intellectualsovereignty.ch\/img_0482\/\" data-orig-file=\"https:\/\/www.intellectualsovereignty.ch\/wp-content\/uploads\/2020\/06\/IMG_0482-scaled.jpeg\" data-orig-size=\"2560,733\" data-comments-opened=\"0\" data-image-title=\"IMG_0482\" data-image-description=\"\" data-image-caption=\"\" data-large-file=\"https:\/\/www.intellectualsovereignty.ch\/wp-content\/uploads\/2020\/06\/IMG_0482-1024x293.jpeg\" src=\"https:\/\/www.intellectualsovereignty.ch\/wp-content\/uploads\/2020\/06\/IMG_0482-1024x293.jpeg\" alt=\"\" data-id=\"558\" data-full-url=\"https:\/\/www.intellectualsovereignty.ch\/wp-content\/uploads\/2020\/06\/IMG_0482-scaled.jpeg\" data-link=\"https:\/\/www.intellectualsovereignty.ch\/img_0482\/\" class=\"wp-image-558\" srcset=\"https:\/\/www.intellectualsovereignty.ch\/wp-content\/uploads\/2020\/06\/IMG_0482-1024x293.jpeg 1024w, https:\/\/www.intellectualsovereignty.ch\/wp-content\/uploads\/2020\/06\/IMG_0482-300x86.jpeg 300w, https:\/\/www.intellectualsovereignty.ch\/wp-content\/uploads\/2020\/06\/IMG_0482-768x220.jpeg 768w, https:\/\/www.intellectualsovereignty.ch\/wp-content\/uploads\/2020\/06\/IMG_0482-1536x440.jpeg 1536w, https:\/\/www.intellectualsovereignty.ch\/wp-content\/uploads\/2020\/06\/IMG_0482-2048x586.jpeg 2048w, https:\/\/www.intellectualsovereignty.ch\/wp-content\/uploads\/2020\/06\/IMG_0482-1870x535.jpeg 1870w, https:\/\/www.intellectualsovereignty.ch\/wp-content\/uploads\/2020\/06\/IMG_0482-400x115.jpeg 400w, https:\/\/www.intellectualsovereignty.ch\/wp-content\/uploads\/2020\/06\/IMG_0482-800x229.jpeg 800w\" sizes=\"auto, (max-width: 1024px) 100vw, 1024px\" \/><\/figure><\/li><li class=\"blocks-gallery-item\"><figure><img loading=\"lazy\" decoding=\"async\" width=\"1024\" height=\"768\" data-attachment-id=\"559\" data-permalink=\"https:\/\/www.intellectualsovereignty.ch\/img_0483\/\" data-orig-file=\"https:\/\/www.intellectualsovereignty.ch\/wp-content\/uploads\/2020\/06\/IMG_0483-scaled.jpeg\" data-orig-size=\"2560,1920\" data-comments-opened=\"0\" data-image-title=\"IMG_0483\" data-image-description=\"\" data-image-caption=\"\" data-large-file=\"https:\/\/www.intellectualsovereignty.ch\/wp-content\/uploads\/2020\/06\/IMG_0483-1024x768.jpeg\" src=\"https:\/\/www.intellectualsovereignty.ch\/wp-content\/uploads\/2020\/06\/IMG_0483-1024x768.jpeg\" alt=\"\" data-id=\"559\" data-full-url=\"https:\/\/www.intellectualsovereignty.ch\/wp-content\/uploads\/2020\/06\/IMG_0483-scaled.jpeg\" data-link=\"https:\/\/www.intellectualsovereignty.ch\/img_0483\/\" class=\"wp-image-559\" srcset=\"https:\/\/www.intellectualsovereignty.ch\/wp-content\/uploads\/2020\/06\/IMG_0483-1024x768.jpeg 1024w, https:\/\/www.intellectualsovereignty.ch\/wp-content\/uploads\/2020\/06\/IMG_0483-300x225.jpeg 300w, https:\/\/www.intellectualsovereignty.ch\/wp-content\/uploads\/2020\/06\/IMG_0483-768x576.jpeg 768w, https:\/\/www.intellectualsovereignty.ch\/wp-content\/uploads\/2020\/06\/IMG_0483-1536x1152.jpeg 1536w, https:\/\/www.intellectualsovereignty.ch\/wp-content\/uploads\/2020\/06\/IMG_0483-2048x1536.jpeg 2048w, https:\/\/www.intellectualsovereignty.ch\/wp-content\/uploads\/2020\/06\/IMG_0483-1870x1403.jpeg 1870w, https:\/\/www.intellectualsovereignty.ch\/wp-content\/uploads\/2020\/06\/IMG_0483-400x300.jpeg 400w, https:\/\/www.intellectualsovereignty.ch\/wp-content\/uploads\/2020\/06\/IMG_0483-800x600.jpeg 800w\" sizes=\"auto, (max-width: 1024px) 100vw, 1024px\" \/><\/figure><\/li><li class=\"blocks-gallery-item\"><figure><img loading=\"lazy\" decoding=\"async\" width=\"1024\" height=\"768\" data-attachment-id=\"560\" data-permalink=\"https:\/\/www.intellectualsovereignty.ch\/img_0484\/\" data-orig-file=\"https:\/\/www.intellectualsovereignty.ch\/wp-content\/uploads\/2020\/06\/IMG_0484-scaled.jpeg\" data-orig-size=\"2560,1920\" data-comments-opened=\"0\" data-image-title=\"IMG_0484\" data-image-description=\"\" data-image-caption=\"\" data-large-file=\"https:\/\/www.intellectualsovereignty.ch\/wp-content\/uploads\/2020\/06\/IMG_0484-1024x768.jpeg\" src=\"https:\/\/www.intellectualsovereignty.ch\/wp-content\/uploads\/2020\/06\/IMG_0484-1024x768.jpeg\" alt=\"\" data-id=\"560\" data-full-url=\"https:\/\/www.intellectualsovereignty.ch\/wp-content\/uploads\/2020\/06\/IMG_0484-scaled.jpeg\" data-link=\"https:\/\/www.intellectualsovereignty.ch\/img_0484\/\" class=\"wp-image-560\" srcset=\"https:\/\/www.intellectualsovereignty.ch\/wp-content\/uploads\/2020\/06\/IMG_0484-1024x768.jpeg 1024w, https:\/\/www.intellectualsovereignty.ch\/wp-content\/uploads\/2020\/06\/IMG_0484-300x225.jpeg 300w, https:\/\/www.intellectualsovereignty.ch\/wp-content\/uploads\/2020\/06\/IMG_0484-768x576.jpeg 768w, https:\/\/www.intellectualsovereignty.ch\/wp-content\/uploads\/2020\/06\/IMG_0484-1536x1152.jpeg 1536w, https:\/\/www.intellectualsovereignty.ch\/wp-content\/uploads\/2020\/06\/IMG_0484-2048x1536.jpeg 2048w, https:\/\/www.intellectualsovereignty.ch\/wp-content\/uploads\/2020\/06\/IMG_0484-1870x1403.jpeg 1870w, https:\/\/www.intellectualsovereignty.ch\/wp-content\/uploads\/2020\/06\/IMG_0484-400x300.jpeg 400w, https:\/\/www.intellectualsovereignty.ch\/wp-content\/uploads\/2020\/06\/IMG_0484-800x600.jpeg 800w\" sizes=\"auto, (max-width: 1024px) 100vw, 1024px\" \/><\/figure><\/li><li class=\"blocks-gallery-item\"><figure><img loading=\"lazy\" decoding=\"async\" width=\"768\" height=\"1024\" data-attachment-id=\"561\" data-permalink=\"https:\/\/www.intellectualsovereignty.ch\/img_0485\/\" data-orig-file=\"https:\/\/www.intellectualsovereignty.ch\/wp-content\/uploads\/2020\/06\/IMG_0485-scaled.jpeg\" data-orig-size=\"1920,2560\" data-comments-opened=\"0\" data-image-title=\"IMG_0485\" data-image-description=\"\" data-image-caption=\"\" data-large-file=\"https:\/\/www.intellectualsovereignty.ch\/wp-content\/uploads\/2020\/06\/IMG_0485-768x1024.jpeg\" src=\"https:\/\/www.intellectualsovereignty.ch\/wp-content\/uploads\/2020\/06\/IMG_0485-768x1024.jpeg\" alt=\"\" data-id=\"561\" data-full-url=\"https:\/\/www.intellectualsovereignty.ch\/wp-content\/uploads\/2020\/06\/IMG_0485-scaled.jpeg\" data-link=\"https:\/\/www.intellectualsovereignty.ch\/img_0485\/\" class=\"wp-image-561\" srcset=\"https:\/\/www.intellectualsovereignty.ch\/wp-content\/uploads\/2020\/06\/IMG_0485-768x1024.jpeg 768w, https:\/\/www.intellectualsovereignty.ch\/wp-content\/uploads\/2020\/06\/IMG_0485-225x300.jpeg 225w, https:\/\/www.intellectualsovereignty.ch\/wp-content\/uploads\/2020\/06\/IMG_0485-1152x1536.jpeg 1152w, https:\/\/www.intellectualsovereignty.ch\/wp-content\/uploads\/2020\/06\/IMG_0485-1536x2048.jpeg 1536w, https:\/\/www.intellectualsovereignty.ch\/wp-content\/uploads\/2020\/06\/IMG_0485-1870x2493.jpeg 1870w, https:\/\/www.intellectualsovereignty.ch\/wp-content\/uploads\/2020\/06\/IMG_0485-400x533.jpeg 400w, https:\/\/www.intellectualsovereignty.ch\/wp-content\/uploads\/2020\/06\/IMG_0485-800x1067.jpeg 800w, https:\/\/www.intellectualsovereignty.ch\/wp-content\/uploads\/2020\/06\/IMG_0485-scaled.jpeg 1920w\" sizes=\"auto, (max-width: 768px) 100vw, 768px\" \/><\/figure><\/li><li class=\"blocks-gallery-item\"><figure><img loading=\"lazy\" decoding=\"async\" width=\"768\" height=\"1024\" data-attachment-id=\"562\" data-permalink=\"https:\/\/www.intellectualsovereignty.ch\/img_0486\/\" data-orig-file=\"https:\/\/www.intellectualsovereignty.ch\/wp-content\/uploads\/2020\/06\/IMG_0486-scaled.jpeg\" data-orig-size=\"1920,2560\" data-comments-opened=\"0\" data-image-title=\"IMG_0486\" data-image-description=\"\" data-image-caption=\"\" data-large-file=\"https:\/\/www.intellectualsovereignty.ch\/wp-content\/uploads\/2020\/06\/IMG_0486-768x1024.jpeg\" src=\"https:\/\/www.intellectualsovereignty.ch\/wp-content\/uploads\/2020\/06\/IMG_0486-768x1024.jpeg\" alt=\"\" data-id=\"562\" data-full-url=\"https:\/\/www.intellectualsovereignty.ch\/wp-content\/uploads\/2020\/06\/IMG_0486-scaled.jpeg\" data-link=\"https:\/\/www.intellectualsovereignty.ch\/img_0486\/\" class=\"wp-image-562\" srcset=\"https:\/\/www.intellectualsovereignty.ch\/wp-content\/uploads\/2020\/06\/IMG_0486-768x1024.jpeg 768w, https:\/\/www.intellectualsovereignty.ch\/wp-content\/uploads\/2020\/06\/IMG_0486-225x300.jpeg 225w, https:\/\/www.intellectualsovereignty.ch\/wp-content\/uploads\/2020\/06\/IMG_0486-1152x1536.jpeg 1152w, https:\/\/www.intellectualsovereignty.ch\/wp-content\/uploads\/2020\/06\/IMG_0486-1536x2048.jpeg 1536w, https:\/\/www.intellectualsovereignty.ch\/wp-content\/uploads\/2020\/06\/IMG_0486-1870x2493.jpeg 1870w, https:\/\/www.intellectualsovereignty.ch\/wp-content\/uploads\/2020\/06\/IMG_0486-400x533.jpeg 400w, https:\/\/www.intellectualsovereignty.ch\/wp-content\/uploads\/2020\/06\/IMG_0486-800x1067.jpeg 800w, https:\/\/www.intellectualsovereignty.ch\/wp-content\/uploads\/2020\/06\/IMG_0486-scaled.jpeg 1920w\" sizes=\"auto, (max-width: 768px) 100vw, 768px\" \/><\/figure><\/li><li class=\"blocks-gallery-item\"><figure><img loading=\"lazy\" decoding=\"async\" width=\"1024\" height=\"768\" data-attachment-id=\"563\" data-permalink=\"https:\/\/www.intellectualsovereignty.ch\/img_0487\/\" data-orig-file=\"https:\/\/www.intellectualsovereignty.ch\/wp-content\/uploads\/2020\/06\/IMG_0487-scaled.jpeg\" data-orig-size=\"2560,1920\" data-comments-opened=\"0\" data-image-title=\"IMG_0487\" data-image-description=\"\" data-image-caption=\"\" data-large-file=\"https:\/\/www.intellectualsovereignty.ch\/wp-content\/uploads\/2020\/06\/IMG_0487-1024x768.jpeg\" src=\"https:\/\/www.intellectualsovereignty.ch\/wp-content\/uploads\/2020\/06\/IMG_0487-1024x768.jpeg\" alt=\"\" data-id=\"563\" data-full-url=\"https:\/\/www.intellectualsovereignty.ch\/wp-content\/uploads\/2020\/06\/IMG_0487-scaled.jpeg\" data-link=\"https:\/\/www.intellectualsovereignty.ch\/img_0487\/\" class=\"wp-image-563\" srcset=\"https:\/\/www.intellectualsovereignty.ch\/wp-content\/uploads\/2020\/06\/IMG_0487-1024x768.jpeg 1024w, https:\/\/www.intellectualsovereignty.ch\/wp-content\/uploads\/2020\/06\/IMG_0487-300x225.jpeg 300w, https:\/\/www.intellectualsovereignty.ch\/wp-content\/uploads\/2020\/06\/IMG_0487-768x576.jpeg 768w, https:\/\/www.intellectualsovereignty.ch\/wp-content\/uploads\/2020\/06\/IMG_0487-1536x1152.jpeg 1536w, https:\/\/www.intellectualsovereignty.ch\/wp-content\/uploads\/2020\/06\/IMG_0487-2048x1536.jpeg 2048w, https:\/\/www.intellectualsovereignty.ch\/wp-content\/uploads\/2020\/06\/IMG_0487-1870x1403.jpeg 1870w, https:\/\/www.intellectualsovereignty.ch\/wp-content\/uploads\/2020\/06\/IMG_0487-400x300.jpeg 400w, https:\/\/www.intellectualsovereignty.ch\/wp-content\/uploads\/2020\/06\/IMG_0487-800x600.jpeg 800w\" sizes=\"auto, (max-width: 1024px) 100vw, 1024px\" \/><\/figure><\/li><li class=\"blocks-gallery-item\"><figure><img loading=\"lazy\" decoding=\"async\" width=\"1024\" height=\"382\" data-attachment-id=\"564\" data-permalink=\"https:\/\/www.intellectualsovereignty.ch\/img_0488\/\" data-orig-file=\"https:\/\/www.intellectualsovereignty.ch\/wp-content\/uploads\/2020\/06\/IMG_0488-scaled.jpeg\" data-orig-size=\"2560,955\" data-comments-opened=\"0\" data-image-title=\"IMG_0488\" data-image-description=\"\" data-image-caption=\"\" data-large-file=\"https:\/\/www.intellectualsovereignty.ch\/wp-content\/uploads\/2020\/06\/IMG_0488-1024x382.jpeg\" src=\"https:\/\/www.intellectualsovereignty.ch\/wp-content\/uploads\/2020\/06\/IMG_0488-1024x382.jpeg\" alt=\"\" data-id=\"564\" data-full-url=\"https:\/\/www.intellectualsovereignty.ch\/wp-content\/uploads\/2020\/06\/IMG_0488-scaled.jpeg\" data-link=\"https:\/\/www.intellectualsovereignty.ch\/img_0488\/\" class=\"wp-image-564\" srcset=\"https:\/\/www.intellectualsovereignty.ch\/wp-content\/uploads\/2020\/06\/IMG_0488-1024x382.jpeg 1024w, https:\/\/www.intellectualsovereignty.ch\/wp-content\/uploads\/2020\/06\/IMG_0488-300x112.jpeg 300w, https:\/\/www.intellectualsovereignty.ch\/wp-content\/uploads\/2020\/06\/IMG_0488-768x286.jpeg 768w, https:\/\/www.intellectualsovereignty.ch\/wp-content\/uploads\/2020\/06\/IMG_0488-1536x573.jpeg 1536w, https:\/\/www.intellectualsovereignty.ch\/wp-content\/uploads\/2020\/06\/IMG_0488-2048x764.jpeg 2048w, https:\/\/www.intellectualsovereignty.ch\/wp-content\/uploads\/2020\/06\/IMG_0488-1870x698.jpeg 1870w, https:\/\/www.intellectualsovereignty.ch\/wp-content\/uploads\/2020\/06\/IMG_0488-400x149.jpeg 400w, https:\/\/www.intellectualsovereignty.ch\/wp-content\/uploads\/2020\/06\/IMG_0488-800x298.jpeg 800w\" sizes=\"auto, (max-width: 1024px) 100vw, 1024px\" \/><\/figure><\/li><\/ul><\/figure>\n\n\n\n<p class=\"wp-block-paragraph\">Mein Weg f\u00fchrt von da an in Richtung Ougsteweid an den westlichen, gr\u00fcnen Grat.<\/p>\n\n\n\n<figure class=\"wp-block-gallery columns-3 is-cropped wp-block-gallery-2 is-layout-flex wp-block-gallery-is-layout-flex\"><ul class=\"blocks-gallery-grid\"><li class=\"blocks-gallery-item\"><figure><img loading=\"lazy\" decoding=\"async\" width=\"1024\" height=\"768\" data-attachment-id=\"565\" data-permalink=\"https:\/\/www.intellectualsovereignty.ch\/img_0489\/\" data-orig-file=\"https:\/\/www.intellectualsovereignty.ch\/wp-content\/uploads\/2020\/06\/IMG_0489-scaled.jpeg\" data-orig-size=\"2560,1920\" data-comments-opened=\"0\" data-image-title=\"IMG_0489\" data-image-description=\"\" data-image-caption=\"\" data-large-file=\"https:\/\/www.intellectualsovereignty.ch\/wp-content\/uploads\/2020\/06\/IMG_0489-1024x768.jpeg\" src=\"https:\/\/www.intellectualsovereignty.ch\/wp-content\/uploads\/2020\/06\/IMG_0489-1024x768.jpeg\" alt=\"\" data-id=\"565\" data-full-url=\"https:\/\/www.intellectualsovereignty.ch\/wp-content\/uploads\/2020\/06\/IMG_0489-scaled.jpeg\" data-link=\"https:\/\/www.intellectualsovereignty.ch\/img_0489\/\" class=\"wp-image-565\" srcset=\"https:\/\/www.intellectualsovereignty.ch\/wp-content\/uploads\/2020\/06\/IMG_0489-1024x768.jpeg 1024w, https:\/\/www.intellectualsovereignty.ch\/wp-content\/uploads\/2020\/06\/IMG_0489-300x225.jpeg 300w, https:\/\/www.intellectualsovereignty.ch\/wp-content\/uploads\/2020\/06\/IMG_0489-768x576.jpeg 768w, https:\/\/www.intellectualsovereignty.ch\/wp-content\/uploads\/2020\/06\/IMG_0489-1536x1152.jpeg 1536w, https:\/\/www.intellectualsovereignty.ch\/wp-content\/uploads\/2020\/06\/IMG_0489-2048x1536.jpeg 2048w, https:\/\/www.intellectualsovereignty.ch\/wp-content\/uploads\/2020\/06\/IMG_0489-1870x1403.jpeg 1870w, https:\/\/www.intellectualsovereignty.ch\/wp-content\/uploads\/2020\/06\/IMG_0489-400x300.jpeg 400w, https:\/\/www.intellectualsovereignty.ch\/wp-content\/uploads\/2020\/06\/IMG_0489-800x600.jpeg 800w\" sizes=\"auto, (max-width: 1024px) 100vw, 1024px\" \/><\/figure><\/li><li class=\"blocks-gallery-item\"><figure><img loading=\"lazy\" decoding=\"async\" width=\"768\" height=\"1024\" data-attachment-id=\"566\" data-permalink=\"https:\/\/www.intellectualsovereignty.ch\/img_0490\/\" data-orig-file=\"https:\/\/www.intellectualsovereignty.ch\/wp-content\/uploads\/2020\/06\/IMG_0490-scaled.jpeg\" data-orig-size=\"1920,2560\" data-comments-opened=\"0\" data-image-title=\"IMG_0490\" data-image-description=\"\" data-image-caption=\"\" data-large-file=\"https:\/\/www.intellectualsovereignty.ch\/wp-content\/uploads\/2020\/06\/IMG_0490-768x1024.jpeg\" src=\"https:\/\/www.intellectualsovereignty.ch\/wp-content\/uploads\/2020\/06\/IMG_0490-768x1024.jpeg\" alt=\"\" data-id=\"566\" data-full-url=\"https:\/\/www.intellectualsovereignty.ch\/wp-content\/uploads\/2020\/06\/IMG_0490-scaled.jpeg\" data-link=\"https:\/\/www.intellectualsovereignty.ch\/img_0490\/\" class=\"wp-image-566\" srcset=\"https:\/\/www.intellectualsovereignty.ch\/wp-content\/uploads\/2020\/06\/IMG_0490-768x1024.jpeg 768w, https:\/\/www.intellectualsovereignty.ch\/wp-content\/uploads\/2020\/06\/IMG_0490-225x300.jpeg 225w, https:\/\/www.intellectualsovereignty.ch\/wp-content\/uploads\/2020\/06\/IMG_0490-1152x1536.jpeg 1152w, https:\/\/www.intellectualsovereignty.ch\/wp-content\/uploads\/2020\/06\/IMG_0490-1536x2048.jpeg 1536w, https:\/\/www.intellectualsovereignty.ch\/wp-content\/uploads\/2020\/06\/IMG_0490-1870x2493.jpeg 1870w, https:\/\/www.intellectualsovereignty.ch\/wp-content\/uploads\/2020\/06\/IMG_0490-400x533.jpeg 400w, https:\/\/www.intellectualsovereignty.ch\/wp-content\/uploads\/2020\/06\/IMG_0490-800x1067.jpeg 800w, https:\/\/www.intellectualsovereignty.ch\/wp-content\/uploads\/2020\/06\/IMG_0490-scaled.jpeg 1920w\" sizes=\"auto, (max-width: 768px) 100vw, 768px\" \/><\/figure><\/li><li class=\"blocks-gallery-item\"><figure><img loading=\"lazy\" decoding=\"async\" width=\"1024\" height=\"462\" data-attachment-id=\"567\" data-permalink=\"https:\/\/www.intellectualsovereignty.ch\/img_0491\/\" data-orig-file=\"https:\/\/www.intellectualsovereignty.ch\/wp-content\/uploads\/2020\/06\/IMG_0491-scaled.jpeg\" data-orig-size=\"2560,1154\" data-comments-opened=\"0\" data-image-title=\"IMG_0491\" data-image-description=\"\" data-image-caption=\"\" data-large-file=\"https:\/\/www.intellectualsovereignty.ch\/wp-content\/uploads\/2020\/06\/IMG_0491-1024x462.jpeg\" src=\"https:\/\/www.intellectualsovereignty.ch\/wp-content\/uploads\/2020\/06\/IMG_0491-1024x462.jpeg\" alt=\"\" data-id=\"567\" data-full-url=\"https:\/\/www.intellectualsovereignty.ch\/wp-content\/uploads\/2020\/06\/IMG_0491-scaled.jpeg\" data-link=\"https:\/\/www.intellectualsovereignty.ch\/img_0491\/\" class=\"wp-image-567\" srcset=\"https:\/\/www.intellectualsovereignty.ch\/wp-content\/uploads\/2020\/06\/IMG_0491-1024x462.jpeg 1024w, https:\/\/www.intellectualsovereignty.ch\/wp-content\/uploads\/2020\/06\/IMG_0491-300x135.jpeg 300w, https:\/\/www.intellectualsovereignty.ch\/wp-content\/uploads\/2020\/06\/IMG_0491-768x346.jpeg 768w, https:\/\/www.intellectualsovereignty.ch\/wp-content\/uploads\/2020\/06\/IMG_0491-1536x693.jpeg 1536w, https:\/\/www.intellectualsovereignty.ch\/wp-content\/uploads\/2020\/06\/IMG_0491-2048x924.jpeg 2048w, https:\/\/www.intellectualsovereignty.ch\/wp-content\/uploads\/2020\/06\/IMG_0491-1870x843.jpeg 1870w, https:\/\/www.intellectualsovereignty.ch\/wp-content\/uploads\/2020\/06\/IMG_0491-400x180.jpeg 400w, https:\/\/www.intellectualsovereignty.ch\/wp-content\/uploads\/2020\/06\/IMG_0491-800x361.jpeg 800w\" sizes=\"auto, (max-width: 1024px) 100vw, 1024px\" \/><\/figure><\/li><li class=\"blocks-gallery-item\"><figure><img loading=\"lazy\" decoding=\"async\" width=\"1024\" height=\"430\" data-attachment-id=\"568\" data-permalink=\"https:\/\/www.intellectualsovereignty.ch\/img_0492\/\" data-orig-file=\"https:\/\/www.intellectualsovereignty.ch\/wp-content\/uploads\/2020\/06\/IMG_0492-scaled.jpeg\" data-orig-size=\"2560,1074\" data-comments-opened=\"0\" data-image-title=\"IMG_0492\" data-image-description=\"\" data-image-caption=\"\" data-large-file=\"https:\/\/www.intellectualsovereignty.ch\/wp-content\/uploads\/2020\/06\/IMG_0492-1024x430.jpeg\" src=\"https:\/\/www.intellectualsovereignty.ch\/wp-content\/uploads\/2020\/06\/IMG_0492-1024x430.jpeg\" alt=\"\" data-id=\"568\" data-full-url=\"https:\/\/www.intellectualsovereignty.ch\/wp-content\/uploads\/2020\/06\/IMG_0492-scaled.jpeg\" data-link=\"https:\/\/www.intellectualsovereignty.ch\/img_0492\/\" class=\"wp-image-568\" srcset=\"https:\/\/www.intellectualsovereignty.ch\/wp-content\/uploads\/2020\/06\/IMG_0492-1024x430.jpeg 1024w, https:\/\/www.intellectualsovereignty.ch\/wp-content\/uploads\/2020\/06\/IMG_0492-300x126.jpeg 300w, https:\/\/www.intellectualsovereignty.ch\/wp-content\/uploads\/2020\/06\/IMG_0492-768x322.jpeg 768w, https:\/\/www.intellectualsovereignty.ch\/wp-content\/uploads\/2020\/06\/IMG_0492-1536x645.jpeg 1536w, https:\/\/www.intellectualsovereignty.ch\/wp-content\/uploads\/2020\/06\/IMG_0492-2048x859.jpeg 2048w, https:\/\/www.intellectualsovereignty.ch\/wp-content\/uploads\/2020\/06\/IMG_0492-1870x785.jpeg 1870w, https:\/\/www.intellectualsovereignty.ch\/wp-content\/uploads\/2020\/06\/IMG_0492-400x168.jpeg 400w, https:\/\/www.intellectualsovereignty.ch\/wp-content\/uploads\/2020\/06\/IMG_0492-800x336.jpeg 800w\" sizes=\"auto, (max-width: 1024px) 100vw, 1024px\" \/><\/figure><\/li><li class=\"blocks-gallery-item\"><figure><img loading=\"lazy\" decoding=\"async\" width=\"1024\" height=\"431\" data-attachment-id=\"569\" data-permalink=\"https:\/\/www.intellectualsovereignty.ch\/img_0493\/\" data-orig-file=\"https:\/\/www.intellectualsovereignty.ch\/wp-content\/uploads\/2020\/06\/IMG_0493-scaled.jpeg\" data-orig-size=\"2560,1077\" data-comments-opened=\"0\" data-image-title=\"IMG_0493\" data-image-description=\"\" data-image-caption=\"\" data-large-file=\"https:\/\/www.intellectualsovereignty.ch\/wp-content\/uploads\/2020\/06\/IMG_0493-1024x431.jpeg\" src=\"https:\/\/www.intellectualsovereignty.ch\/wp-content\/uploads\/2020\/06\/IMG_0493-1024x431.jpeg\" alt=\"\" data-id=\"569\" data-full-url=\"https:\/\/www.intellectualsovereignty.ch\/wp-content\/uploads\/2020\/06\/IMG_0493-scaled.jpeg\" data-link=\"https:\/\/www.intellectualsovereignty.ch\/img_0493\/\" class=\"wp-image-569\" srcset=\"https:\/\/www.intellectualsovereignty.ch\/wp-content\/uploads\/2020\/06\/IMG_0493-1024x431.jpeg 1024w, https:\/\/www.intellectualsovereignty.ch\/wp-content\/uploads\/2020\/06\/IMG_0493-300x126.jpeg 300w, https:\/\/www.intellectualsovereignty.ch\/wp-content\/uploads\/2020\/06\/IMG_0493-768x323.jpeg 768w, https:\/\/www.intellectualsovereignty.ch\/wp-content\/uploads\/2020\/06\/IMG_0493-1536x646.jpeg 1536w, https:\/\/www.intellectualsovereignty.ch\/wp-content\/uploads\/2020\/06\/IMG_0493-2048x862.jpeg 2048w, https:\/\/www.intellectualsovereignty.ch\/wp-content\/uploads\/2020\/06\/IMG_0493-1870x787.jpeg 1870w, https:\/\/www.intellectualsovereignty.ch\/wp-content\/uploads\/2020\/06\/IMG_0493-400x168.jpeg 400w, https:\/\/www.intellectualsovereignty.ch\/wp-content\/uploads\/2020\/06\/IMG_0493-800x337.jpeg 800w\" sizes=\"auto, (max-width: 1024px) 100vw, 1024px\" \/><\/figure><\/li><li class=\"blocks-gallery-item\"><figure><img loading=\"lazy\" decoding=\"async\" width=\"1024\" height=\"768\" data-attachment-id=\"570\" data-permalink=\"https:\/\/www.intellectualsovereignty.ch\/img_0494\/\" data-orig-file=\"https:\/\/www.intellectualsovereignty.ch\/wp-content\/uploads\/2020\/06\/IMG_0494-scaled.jpeg\" data-orig-size=\"2560,1920\" data-comments-opened=\"0\" data-image-title=\"IMG_0494\" data-image-description=\"\" data-image-caption=\"\" data-large-file=\"https:\/\/www.intellectualsovereignty.ch\/wp-content\/uploads\/2020\/06\/IMG_0494-1024x768.jpeg\" src=\"https:\/\/www.intellectualsovereignty.ch\/wp-content\/uploads\/2020\/06\/IMG_0494-1024x768.jpeg\" alt=\"\" data-id=\"570\" data-full-url=\"https:\/\/www.intellectualsovereignty.ch\/wp-content\/uploads\/2020\/06\/IMG_0494-scaled.jpeg\" data-link=\"https:\/\/www.intellectualsovereignty.ch\/img_0494\/\" class=\"wp-image-570\" srcset=\"https:\/\/www.intellectualsovereignty.ch\/wp-content\/uploads\/2020\/06\/IMG_0494-1024x768.jpeg 1024w, https:\/\/www.intellectualsovereignty.ch\/wp-content\/uploads\/2020\/06\/IMG_0494-300x225.jpeg 300w, https:\/\/www.intellectualsovereignty.ch\/wp-content\/uploads\/2020\/06\/IMG_0494-768x576.jpeg 768w, https:\/\/www.intellectualsovereignty.ch\/wp-content\/uploads\/2020\/06\/IMG_0494-1536x1152.jpeg 1536w, https:\/\/www.intellectualsovereignty.ch\/wp-content\/uploads\/2020\/06\/IMG_0494-2048x1536.jpeg 2048w, https:\/\/www.intellectualsovereignty.ch\/wp-content\/uploads\/2020\/06\/IMG_0494-1870x1403.jpeg 1870w, https:\/\/www.intellectualsovereignty.ch\/wp-content\/uploads\/2020\/06\/IMG_0494-400x300.jpeg 400w, https:\/\/www.intellectualsovereignty.ch\/wp-content\/uploads\/2020\/06\/IMG_0494-800x600.jpeg 800w\" sizes=\"auto, (max-width: 1024px) 100vw, 1024px\" \/><\/figure><\/li><li class=\"blocks-gallery-item\"><figure><img loading=\"lazy\" decoding=\"async\" width=\"1024\" height=\"768\" data-attachment-id=\"571\" data-permalink=\"https:\/\/www.intellectualsovereignty.ch\/img_0495\/\" data-orig-file=\"https:\/\/www.intellectualsovereignty.ch\/wp-content\/uploads\/2020\/06\/IMG_0495-scaled.jpeg\" data-orig-size=\"2560,1920\" data-comments-opened=\"0\" data-image-title=\"IMG_0495\" data-image-description=\"\" data-image-caption=\"\" data-large-file=\"https:\/\/www.intellectualsovereignty.ch\/wp-content\/uploads\/2020\/06\/IMG_0495-1024x768.jpeg\" src=\"https:\/\/www.intellectualsovereignty.ch\/wp-content\/uploads\/2020\/06\/IMG_0495-1024x768.jpeg\" alt=\"\" data-id=\"571\" data-full-url=\"https:\/\/www.intellectualsovereignty.ch\/wp-content\/uploads\/2020\/06\/IMG_0495-scaled.jpeg\" data-link=\"https:\/\/www.intellectualsovereignty.ch\/img_0495\/\" class=\"wp-image-571\" srcset=\"https:\/\/www.intellectualsovereignty.ch\/wp-content\/uploads\/2020\/06\/IMG_0495-1024x768.jpeg 1024w, https:\/\/www.intellectualsovereignty.ch\/wp-content\/uploads\/2020\/06\/IMG_0495-300x225.jpeg 300w, https:\/\/www.intellectualsovereignty.ch\/wp-content\/uploads\/2020\/06\/IMG_0495-768x576.jpeg 768w, https:\/\/www.intellectualsovereignty.ch\/wp-content\/uploads\/2020\/06\/IMG_0495-1536x1152.jpeg 1536w, https:\/\/www.intellectualsovereignty.ch\/wp-content\/uploads\/2020\/06\/IMG_0495-2048x1536.jpeg 2048w, https:\/\/www.intellectualsovereignty.ch\/wp-content\/uploads\/2020\/06\/IMG_0495-1870x1403.jpeg 1870w, https:\/\/www.intellectualsovereignty.ch\/wp-content\/uploads\/2020\/06\/IMG_0495-400x300.jpeg 400w, https:\/\/www.intellectualsovereignty.ch\/wp-content\/uploads\/2020\/06\/IMG_0495-800x600.jpeg 800w\" sizes=\"auto, (max-width: 1024px) 100vw, 1024px\" \/><\/figure><\/li><\/ul><\/figure>\n\n\n\n<p class=\"wp-block-paragraph\">Auf dem letzten Drittel des Aufstiegs wechseln sich sonnige und wolkige Abschnitte ab, es wird merklich k\u00fchler (was ich sehr begr\u00fcsse), und auf H\u00f6he Schafbode er\u00f6ffnet sich die Aussicht &#8211; nebst Stockhorn gegen Norden &#8211; auch zur Alpenkette nach S\u00fcden hin, einfach grandios!<\/p>\n\n\n\n<figure class=\"wp-block-gallery columns-3 is-cropped wp-block-gallery-3 is-layout-flex wp-block-gallery-is-layout-flex\"><ul class=\"blocks-gallery-grid\"><li class=\"blocks-gallery-item\"><figure><img loading=\"lazy\" decoding=\"async\" width=\"1024\" height=\"245\" data-attachment-id=\"572\" data-permalink=\"https:\/\/www.intellectualsovereignty.ch\/img_0496\/\" data-orig-file=\"https:\/\/www.intellectualsovereignty.ch\/wp-content\/uploads\/2020\/06\/IMG_0496-scaled.jpeg\" data-orig-size=\"2560,614\" data-comments-opened=\"0\" data-image-title=\"IMG_0496\" data-image-description=\"\" data-image-caption=\"\" data-large-file=\"https:\/\/www.intellectualsovereignty.ch\/wp-content\/uploads\/2020\/06\/IMG_0496-1024x245.jpeg\" src=\"https:\/\/www.intellectualsovereignty.ch\/wp-content\/uploads\/2020\/06\/IMG_0496-1024x245.jpeg\" alt=\"\" data-id=\"572\" data-full-url=\"https:\/\/www.intellectualsovereignty.ch\/wp-content\/uploads\/2020\/06\/IMG_0496-scaled.jpeg\" data-link=\"https:\/\/www.intellectualsovereignty.ch\/img_0496\/\" class=\"wp-image-572\" srcset=\"https:\/\/www.intellectualsovereignty.ch\/wp-content\/uploads\/2020\/06\/IMG_0496-1024x245.jpeg 1024w, https:\/\/www.intellectualsovereignty.ch\/wp-content\/uploads\/2020\/06\/IMG_0496-300x72.jpeg 300w, https:\/\/www.intellectualsovereignty.ch\/wp-content\/uploads\/2020\/06\/IMG_0496-768x184.jpeg 768w, https:\/\/www.intellectualsovereignty.ch\/wp-content\/uploads\/2020\/06\/IMG_0496-1536x368.jpeg 1536w, https:\/\/www.intellectualsovereignty.ch\/wp-content\/uploads\/2020\/06\/IMG_0496-2048x491.jpeg 2048w, https:\/\/www.intellectualsovereignty.ch\/wp-content\/uploads\/2020\/06\/IMG_0496-1870x448.jpeg 1870w, https:\/\/www.intellectualsovereignty.ch\/wp-content\/uploads\/2020\/06\/IMG_0496-400x96.jpeg 400w, https:\/\/www.intellectualsovereignty.ch\/wp-content\/uploads\/2020\/06\/IMG_0496-800x192.jpeg 800w\" sizes=\"auto, (max-width: 1024px) 100vw, 1024px\" \/><\/figure><\/li><li class=\"blocks-gallery-item\"><figure><img loading=\"lazy\" decoding=\"async\" width=\"1024\" height=\"768\" data-attachment-id=\"574\" data-permalink=\"https:\/\/www.intellectualsovereignty.ch\/img_0498\/\" data-orig-file=\"https:\/\/www.intellectualsovereignty.ch\/wp-content\/uploads\/2020\/06\/IMG_0498-scaled.jpeg\" data-orig-size=\"2560,1920\" data-comments-opened=\"0\" data-image-title=\"IMG_0498\" data-image-description=\"\" data-image-caption=\"\" data-large-file=\"https:\/\/www.intellectualsovereignty.ch\/wp-content\/uploads\/2020\/06\/IMG_0498-1024x768.jpeg\" src=\"https:\/\/www.intellectualsovereignty.ch\/wp-content\/uploads\/2020\/06\/IMG_0498-1024x768.jpeg\" alt=\"\" data-id=\"574\" data-full-url=\"https:\/\/www.intellectualsovereignty.ch\/wp-content\/uploads\/2020\/06\/IMG_0498-scaled.jpeg\" data-link=\"https:\/\/www.intellectualsovereignty.ch\/img_0498\/\" class=\"wp-image-574\" srcset=\"https:\/\/www.intellectualsovereignty.ch\/wp-content\/uploads\/2020\/06\/IMG_0498-1024x768.jpeg 1024w, https:\/\/www.intellectualsovereignty.ch\/wp-content\/uploads\/2020\/06\/IMG_0498-300x225.jpeg 300w, https:\/\/www.intellectualsovereignty.ch\/wp-content\/uploads\/2020\/06\/IMG_0498-768x576.jpeg 768w, https:\/\/www.intellectualsovereignty.ch\/wp-content\/uploads\/2020\/06\/IMG_0498-1536x1152.jpeg 1536w, https:\/\/www.intellectualsovereignty.ch\/wp-content\/uploads\/2020\/06\/IMG_0498-2048x1536.jpeg 2048w, https:\/\/www.intellectualsovereignty.ch\/wp-content\/uploads\/2020\/06\/IMG_0498-1870x1403.jpeg 1870w, https:\/\/www.intellectualsovereignty.ch\/wp-content\/uploads\/2020\/06\/IMG_0498-400x300.jpeg 400w, https:\/\/www.intellectualsovereignty.ch\/wp-content\/uploads\/2020\/06\/IMG_0498-800x600.jpeg 800w\" sizes=\"auto, (max-width: 1024px) 100vw, 1024px\" \/><\/figure><\/li><li class=\"blocks-gallery-item\"><figure><img loading=\"lazy\" decoding=\"async\" width=\"1024\" height=\"241\" data-attachment-id=\"575\" data-permalink=\"https:\/\/www.intellectualsovereignty.ch\/img_0499\/\" data-orig-file=\"https:\/\/www.intellectualsovereignty.ch\/wp-content\/uploads\/2020\/06\/IMG_0499-scaled.jpeg\" data-orig-size=\"2560,603\" data-comments-opened=\"0\" data-image-title=\"IMG_0499\" data-image-description=\"\" data-image-caption=\"\" data-large-file=\"https:\/\/www.intellectualsovereignty.ch\/wp-content\/uploads\/2020\/06\/IMG_0499-1024x241.jpeg\" src=\"https:\/\/www.intellectualsovereignty.ch\/wp-content\/uploads\/2020\/06\/IMG_0499-1024x241.jpeg\" alt=\"\" data-id=\"575\" data-full-url=\"https:\/\/www.intellectualsovereignty.ch\/wp-content\/uploads\/2020\/06\/IMG_0499-scaled.jpeg\" data-link=\"https:\/\/www.intellectualsovereignty.ch\/img_0499\/\" class=\"wp-image-575\" srcset=\"https:\/\/www.intellectualsovereignty.ch\/wp-content\/uploads\/2020\/06\/IMG_0499-1024x241.jpeg 1024w, https:\/\/www.intellectualsovereignty.ch\/wp-content\/uploads\/2020\/06\/IMG_0499-300x71.jpeg 300w, https:\/\/www.intellectualsovereignty.ch\/wp-content\/uploads\/2020\/06\/IMG_0499-768x181.jpeg 768w, https:\/\/www.intellectualsovereignty.ch\/wp-content\/uploads\/2020\/06\/IMG_0499-1536x362.jpeg 1536w, https:\/\/www.intellectualsovereignty.ch\/wp-content\/uploads\/2020\/06\/IMG_0499-2048x483.jpeg 2048w, https:\/\/www.intellectualsovereignty.ch\/wp-content\/uploads\/2020\/06\/IMG_0499-1870x441.jpeg 1870w, https:\/\/www.intellectualsovereignty.ch\/wp-content\/uploads\/2020\/06\/IMG_0499-400x94.jpeg 400w, https:\/\/www.intellectualsovereignty.ch\/wp-content\/uploads\/2020\/06\/IMG_0499-800x189.jpeg 800w\" sizes=\"auto, (max-width: 1024px) 100vw, 1024px\" \/><\/figure><\/li><li class=\"blocks-gallery-item\"><figure><img loading=\"lazy\" decoding=\"async\" width=\"1024\" height=\"768\" data-attachment-id=\"576\" data-permalink=\"https:\/\/www.intellectualsovereignty.ch\/img_0500\/\" data-orig-file=\"https:\/\/www.intellectualsovereignty.ch\/wp-content\/uploads\/2020\/06\/IMG_0500-scaled.jpeg\" data-orig-size=\"2560,1920\" data-comments-opened=\"0\" data-image-title=\"IMG_0500\" data-image-description=\"\" data-image-caption=\"\" data-large-file=\"https:\/\/www.intellectualsovereignty.ch\/wp-content\/uploads\/2020\/06\/IMG_0500-1024x768.jpeg\" src=\"https:\/\/www.intellectualsovereignty.ch\/wp-content\/uploads\/2020\/06\/IMG_0500-1024x768.jpeg\" alt=\"\" data-id=\"576\" data-full-url=\"https:\/\/www.intellectualsovereignty.ch\/wp-content\/uploads\/2020\/06\/IMG_0500-scaled.jpeg\" data-link=\"https:\/\/www.intellectualsovereignty.ch\/img_0500\/\" class=\"wp-image-576\" srcset=\"https:\/\/www.intellectualsovereignty.ch\/wp-content\/uploads\/2020\/06\/IMG_0500-1024x768.jpeg 1024w, https:\/\/www.intellectualsovereignty.ch\/wp-content\/uploads\/2020\/06\/IMG_0500-300x225.jpeg 300w, https:\/\/www.intellectualsovereignty.ch\/wp-content\/uploads\/2020\/06\/IMG_0500-768x576.jpeg 768w, https:\/\/www.intellectualsovereignty.ch\/wp-content\/uploads\/2020\/06\/IMG_0500-1536x1152.jpeg 1536w, https:\/\/www.intellectualsovereignty.ch\/wp-content\/uploads\/2020\/06\/IMG_0500-2048x1536.jpeg 2048w, https:\/\/www.intellectualsovereignty.ch\/wp-content\/uploads\/2020\/06\/IMG_0500-1870x1403.jpeg 1870w, https:\/\/www.intellectualsovereignty.ch\/wp-content\/uploads\/2020\/06\/IMG_0500-400x300.jpeg 400w, https:\/\/www.intellectualsovereignty.ch\/wp-content\/uploads\/2020\/06\/IMG_0500-800x600.jpeg 800w\" sizes=\"auto, (max-width: 1024px) 100vw, 1024px\" \/><\/figure><\/li><li class=\"blocks-gallery-item\"><figure><img loading=\"lazy\" decoding=\"async\" width=\"1024\" height=\"345\" data-attachment-id=\"577\" data-permalink=\"https:\/\/www.intellectualsovereignty.ch\/img_0501\/\" data-orig-file=\"https:\/\/www.intellectualsovereignty.ch\/wp-content\/uploads\/2020\/06\/IMG_0501-scaled.jpeg\" data-orig-size=\"2560,864\" data-comments-opened=\"0\" data-image-title=\"IMG_0501\" data-image-description=\"\" data-image-caption=\"\" data-large-file=\"https:\/\/www.intellectualsovereignty.ch\/wp-content\/uploads\/2020\/06\/IMG_0501-1024x345.jpeg\" src=\"https:\/\/www.intellectualsovereignty.ch\/wp-content\/uploads\/2020\/06\/IMG_0501-1024x345.jpeg\" alt=\"\" data-id=\"577\" data-full-url=\"https:\/\/www.intellectualsovereignty.ch\/wp-content\/uploads\/2020\/06\/IMG_0501-scaled.jpeg\" data-link=\"https:\/\/www.intellectualsovereignty.ch\/img_0501\/\" class=\"wp-image-577\" srcset=\"https:\/\/www.intellectualsovereignty.ch\/wp-content\/uploads\/2020\/06\/IMG_0501-1024x345.jpeg 1024w, https:\/\/www.intellectualsovereignty.ch\/wp-content\/uploads\/2020\/06\/IMG_0501-300x101.jpeg 300w, https:\/\/www.intellectualsovereignty.ch\/wp-content\/uploads\/2020\/06\/IMG_0501-768x259.jpeg 768w, https:\/\/www.intellectualsovereignty.ch\/wp-content\/uploads\/2020\/06\/IMG_0501-1536x518.jpeg 1536w, https:\/\/www.intellectualsovereignty.ch\/wp-content\/uploads\/2020\/06\/IMG_0501-2048x691.jpeg 2048w, https:\/\/www.intellectualsovereignty.ch\/wp-content\/uploads\/2020\/06\/IMG_0501-1870x631.jpeg 1870w, https:\/\/www.intellectualsovereignty.ch\/wp-content\/uploads\/2020\/06\/IMG_0501-400x135.jpeg 400w, https:\/\/www.intellectualsovereignty.ch\/wp-content\/uploads\/2020\/06\/IMG_0501-800x270.jpeg 800w\" sizes=\"auto, (max-width: 1024px) 100vw, 1024px\" \/><\/figure><\/li><\/ul><\/figure>\n\n\n\n<figure class=\"wp-block-video\"><video height=\"1080\" style=\"aspect-ratio: 1920 \/ 1080;\" width=\"1920\" controls src=\"https:\/\/www.intellectualsovereignty.ch\/wp-content\/uploads\/2020\/06\/IMG_0497.mov\"><\/video><\/figure>\n\n\n\n<p class=\"wp-block-paragraph\">Nach etwas \u00fcber 3 Stunden komme ich auf der Niesen-Spitze an und geniesse das Rundum-Panorama in vollen Z\u00fcgen. Gl\u00fccklicherweise hat es nicht so viele Touristen, sodass ich auf einem der h\u00f6lzernen Liegest\u00fchle mit Blick in Richtung Brienzersee die Zeit vor dem angek\u00fcndigten Gewitter geniesse.<\/p>\n\n\n\n<figure class=\"wp-block-gallery columns-3 is-cropped wp-block-gallery-4 is-layout-flex wp-block-gallery-is-layout-flex\"><ul class=\"blocks-gallery-grid\"><li class=\"blocks-gallery-item\"><figure><img loading=\"lazy\" decoding=\"async\" width=\"1024\" height=\"768\" data-attachment-id=\"578\" data-permalink=\"https:\/\/www.intellectualsovereignty.ch\/img_0502\/\" data-orig-file=\"https:\/\/www.intellectualsovereignty.ch\/wp-content\/uploads\/2020\/06\/IMG_0502-scaled.jpeg\" data-orig-size=\"2560,1920\" data-comments-opened=\"0\" data-image-title=\"IMG_0502\" data-image-description=\"\" data-image-caption=\"\" data-large-file=\"https:\/\/www.intellectualsovereignty.ch\/wp-content\/uploads\/2020\/06\/IMG_0502-1024x768.jpeg\" src=\"https:\/\/www.intellectualsovereignty.ch\/wp-content\/uploads\/2020\/06\/IMG_0502-1024x768.jpeg\" alt=\"\" data-id=\"578\" data-full-url=\"https:\/\/www.intellectualsovereignty.ch\/wp-content\/uploads\/2020\/06\/IMG_0502-scaled.jpeg\" data-link=\"https:\/\/www.intellectualsovereignty.ch\/img_0502\/\" class=\"wp-image-578\" srcset=\"https:\/\/www.intellectualsovereignty.ch\/wp-content\/uploads\/2020\/06\/IMG_0502-1024x768.jpeg 1024w, https:\/\/www.intellectualsovereignty.ch\/wp-content\/uploads\/2020\/06\/IMG_0502-300x225.jpeg 300w, https:\/\/www.intellectualsovereignty.ch\/wp-content\/uploads\/2020\/06\/IMG_0502-768x576.jpeg 768w, https:\/\/www.intellectualsovereignty.ch\/wp-content\/uploads\/2020\/06\/IMG_0502-1536x1152.jpeg 1536w, https:\/\/www.intellectualsovereignty.ch\/wp-content\/uploads\/2020\/06\/IMG_0502-2048x1536.jpeg 2048w, https:\/\/www.intellectualsovereignty.ch\/wp-content\/uploads\/2020\/06\/IMG_0502-1870x1403.jpeg 1870w, https:\/\/www.intellectualsovereignty.ch\/wp-content\/uploads\/2020\/06\/IMG_0502-400x300.jpeg 400w, https:\/\/www.intellectualsovereignty.ch\/wp-content\/uploads\/2020\/06\/IMG_0502-800x600.jpeg 800w\" sizes=\"auto, (max-width: 1024px) 100vw, 1024px\" \/><\/figure><\/li><li class=\"blocks-gallery-item\"><figure><img loading=\"lazy\" decoding=\"async\" width=\"1024\" height=\"768\" data-attachment-id=\"579\" data-permalink=\"https:\/\/www.intellectualsovereignty.ch\/img_0503\/\" data-orig-file=\"https:\/\/www.intellectualsovereignty.ch\/wp-content\/uploads\/2020\/06\/IMG_0503-scaled.jpeg\" data-orig-size=\"2560,1920\" data-comments-opened=\"0\" data-image-title=\"IMG_0503\" data-image-description=\"\" data-image-caption=\"\" data-large-file=\"https:\/\/www.intellectualsovereignty.ch\/wp-content\/uploads\/2020\/06\/IMG_0503-1024x768.jpeg\" src=\"https:\/\/www.intellectualsovereignty.ch\/wp-content\/uploads\/2020\/06\/IMG_0503-1024x768.jpeg\" alt=\"\" data-id=\"579\" data-full-url=\"https:\/\/www.intellectualsovereignty.ch\/wp-content\/uploads\/2020\/06\/IMG_0503-scaled.jpeg\" data-link=\"https:\/\/www.intellectualsovereignty.ch\/img_0503\/\" class=\"wp-image-579\" srcset=\"https:\/\/www.intellectualsovereignty.ch\/wp-content\/uploads\/2020\/06\/IMG_0503-1024x768.jpeg 1024w, https:\/\/www.intellectualsovereignty.ch\/wp-content\/uploads\/2020\/06\/IMG_0503-300x225.jpeg 300w, https:\/\/www.intellectualsovereignty.ch\/wp-content\/uploads\/2020\/06\/IMG_0503-768x576.jpeg 768w, https:\/\/www.intellectualsovereignty.ch\/wp-content\/uploads\/2020\/06\/IMG_0503-1536x1152.jpeg 1536w, https:\/\/www.intellectualsovereignty.ch\/wp-content\/uploads\/2020\/06\/IMG_0503-2048x1536.jpeg 2048w, https:\/\/www.intellectualsovereignty.ch\/wp-content\/uploads\/2020\/06\/IMG_0503-1870x1403.jpeg 1870w, https:\/\/www.intellectualsovereignty.ch\/wp-content\/uploads\/2020\/06\/IMG_0503-400x300.jpeg 400w, https:\/\/www.intellectualsovereignty.ch\/wp-content\/uploads\/2020\/06\/IMG_0503-800x600.jpeg 800w\" sizes=\"auto, (max-width: 1024px) 100vw, 1024px\" \/><\/figure><\/li><li class=\"blocks-gallery-item\"><figure><img loading=\"lazy\" decoding=\"async\" width=\"1024\" height=\"393\" data-attachment-id=\"580\" data-permalink=\"https:\/\/www.intellectualsovereignty.ch\/img_0504\/\" data-orig-file=\"https:\/\/www.intellectualsovereignty.ch\/wp-content\/uploads\/2020\/06\/IMG_0504-scaled.jpeg\" data-orig-size=\"2560,982\" data-comments-opened=\"0\" data-image-title=\"IMG_0504\" data-image-description=\"\" data-image-caption=\"\" data-large-file=\"https:\/\/www.intellectualsovereignty.ch\/wp-content\/uploads\/2020\/06\/IMG_0504-1024x393.jpeg\" src=\"https:\/\/www.intellectualsovereignty.ch\/wp-content\/uploads\/2020\/06\/IMG_0504-1024x393.jpeg\" alt=\"\" data-id=\"580\" data-full-url=\"https:\/\/www.intellectualsovereignty.ch\/wp-content\/uploads\/2020\/06\/IMG_0504-scaled.jpeg\" data-link=\"https:\/\/www.intellectualsovereignty.ch\/img_0504\/\" class=\"wp-image-580\" srcset=\"https:\/\/www.intellectualsovereignty.ch\/wp-content\/uploads\/2020\/06\/IMG_0504-1024x393.jpeg 1024w, https:\/\/www.intellectualsovereignty.ch\/wp-content\/uploads\/2020\/06\/IMG_0504-300x115.jpeg 300w, https:\/\/www.intellectualsovereignty.ch\/wp-content\/uploads\/2020\/06\/IMG_0504-768x295.jpeg 768w, https:\/\/www.intellectualsovereignty.ch\/wp-content\/uploads\/2020\/06\/IMG_0504-1536x589.jpeg 1536w, https:\/\/www.intellectualsovereignty.ch\/wp-content\/uploads\/2020\/06\/IMG_0504-2048x786.jpeg 2048w, https:\/\/www.intellectualsovereignty.ch\/wp-content\/uploads\/2020\/06\/IMG_0504-1870x718.jpeg 1870w, https:\/\/www.intellectualsovereignty.ch\/wp-content\/uploads\/2020\/06\/IMG_0504-400x154.jpeg 400w, https:\/\/www.intellectualsovereignty.ch\/wp-content\/uploads\/2020\/06\/IMG_0504-800x307.jpeg 800w\" sizes=\"auto, (max-width: 1024px) 100vw, 1024px\" \/><\/figure><\/li><li class=\"blocks-gallery-item\"><figure><img loading=\"lazy\" decoding=\"async\" width=\"1024\" height=\"768\" data-attachment-id=\"581\" data-permalink=\"https:\/\/www.intellectualsovereignty.ch\/img_0505\/\" data-orig-file=\"https:\/\/www.intellectualsovereignty.ch\/wp-content\/uploads\/2020\/06\/IMG_0505-scaled.jpeg\" data-orig-size=\"2560,1920\" data-comments-opened=\"0\" data-image-title=\"IMG_0505\" data-image-description=\"\" data-image-caption=\"\" data-large-file=\"https:\/\/www.intellectualsovereignty.ch\/wp-content\/uploads\/2020\/06\/IMG_0505-1024x768.jpeg\" src=\"https:\/\/www.intellectualsovereignty.ch\/wp-content\/uploads\/2020\/06\/IMG_0505-1024x768.jpeg\" alt=\"\" data-id=\"581\" data-full-url=\"https:\/\/www.intellectualsovereignty.ch\/wp-content\/uploads\/2020\/06\/IMG_0505-scaled.jpeg\" data-link=\"https:\/\/www.intellectualsovereignty.ch\/img_0505\/\" class=\"wp-image-581\" srcset=\"https:\/\/www.intellectualsovereignty.ch\/wp-content\/uploads\/2020\/06\/IMG_0505-1024x768.jpeg 1024w, https:\/\/www.intellectualsovereignty.ch\/wp-content\/uploads\/2020\/06\/IMG_0505-300x225.jpeg 300w, https:\/\/www.intellectualsovereignty.ch\/wp-content\/uploads\/2020\/06\/IMG_0505-768x576.jpeg 768w, https:\/\/www.intellectualsovereignty.ch\/wp-content\/uploads\/2020\/06\/IMG_0505-1536x1152.jpeg 1536w, https:\/\/www.intellectualsovereignty.ch\/wp-content\/uploads\/2020\/06\/IMG_0505-2048x1536.jpeg 2048w, https:\/\/www.intellectualsovereignty.ch\/wp-content\/uploads\/2020\/06\/IMG_0505-1870x1403.jpeg 1870w, https:\/\/www.intellectualsovereignty.ch\/wp-content\/uploads\/2020\/06\/IMG_0505-400x300.jpeg 400w, https:\/\/www.intellectualsovereignty.ch\/wp-content\/uploads\/2020\/06\/IMG_0505-800x600.jpeg 800w\" sizes=\"auto, (max-width: 1024px) 100vw, 1024px\" \/><\/figure><\/li><li class=\"blocks-gallery-item\"><figure><img loading=\"lazy\" decoding=\"async\" width=\"1024\" height=\"768\" data-attachment-id=\"582\" data-permalink=\"https:\/\/www.intellectualsovereignty.ch\/img_0506\/\" data-orig-file=\"https:\/\/www.intellectualsovereignty.ch\/wp-content\/uploads\/2020\/06\/IMG_0506-scaled.jpeg\" data-orig-size=\"2560,1920\" data-comments-opened=\"0\" data-image-title=\"IMG_0506\" data-image-description=\"\" data-image-caption=\"\" data-large-file=\"https:\/\/www.intellectualsovereignty.ch\/wp-content\/uploads\/2020\/06\/IMG_0506-1024x768.jpeg\" src=\"https:\/\/www.intellectualsovereignty.ch\/wp-content\/uploads\/2020\/06\/IMG_0506-1024x768.jpeg\" alt=\"\" data-id=\"582\" data-full-url=\"https:\/\/www.intellectualsovereignty.ch\/wp-content\/uploads\/2020\/06\/IMG_0506-scaled.jpeg\" data-link=\"https:\/\/www.intellectualsovereignty.ch\/img_0506\/\" class=\"wp-image-582\" srcset=\"https:\/\/www.intellectualsovereignty.ch\/wp-content\/uploads\/2020\/06\/IMG_0506-1024x768.jpeg 1024w, https:\/\/www.intellectualsovereignty.ch\/wp-content\/uploads\/2020\/06\/IMG_0506-300x225.jpeg 300w, https:\/\/www.intellectualsovereignty.ch\/wp-content\/uploads\/2020\/06\/IMG_0506-768x576.jpeg 768w, https:\/\/www.intellectualsovereignty.ch\/wp-content\/uploads\/2020\/06\/IMG_0506-1536x1152.jpeg 1536w, https:\/\/www.intellectualsovereignty.ch\/wp-content\/uploads\/2020\/06\/IMG_0506-2048x1536.jpeg 2048w, https:\/\/www.intellectualsovereignty.ch\/wp-content\/uploads\/2020\/06\/IMG_0506-1870x1403.jpeg 1870w, https:\/\/www.intellectualsovereignty.ch\/wp-content\/uploads\/2020\/06\/IMG_0506-400x300.jpeg 400w, https:\/\/www.intellectualsovereignty.ch\/wp-content\/uploads\/2020\/06\/IMG_0506-800x600.jpeg 800w\" sizes=\"auto, (max-width: 1024px) 100vw, 1024px\" \/><\/figure><\/li><\/ul><\/figure>\n\n\n\n<p class=\"wp-block-paragraph\">P\u00fcnktlich zum Gewitterstart gelange ich ins Berghaus Niesen f\u00fcr ein Gipfelbier, wo ich wieder auf Moni treffe. So lange es draussen st\u00fcrmt, blitzt und donnert, sitzen wir in ein Gespr\u00e4ch vertieft im Trockenen, und fahren schliesslich &#8211; nach einer verpassten Abfahrt und wegen wieder aufgekommenem Blitz und Donner eingestelltem Bahnbetrieb &#8211; etwas versp\u00e4tet nach M\u00fclenen runter. Alles in allem ein anstrengender aber sehr sch\u00f6ner Tagesausflug, den ich durchaus weiterempfehlen kann!<\/p>\n\n\n\n<hr class=\"wp-block-separator\"\/>\n\n\n\n<p class=\"wp-block-paragraph\">Distanz: 9.5km<br>H\u00f6henmeter: 1&#8217;741m<br>Marschzeit: 3h10<br>GPS-Route:&nbsp;<a rel=\"noreferrer noopener\" href=\"https:\/\/map.schweizmobil.ch\/?lang=de&amp;photos=yes&amp;logo=yes&amp;season=summer&amp;bgLayer=pk&amp;resolution=1&amp;E=2615357&amp;N=1166196&amp;layers=Wanderland&amp;trackId=7112122\" target=\"_blank\">SchweizMobil<\/a><br>Beschrieb: <a href=\"https:\/\/www.diemtigtal.ch\/tour\/von-wimmis-auf-den-niesen\">Diemtigtal-Website<\/a><\/p>\n\n\n[sgpx gpx=\/wp-content\/uploads\/gpx\/20200626_wimmisniesen.gpx ]\n\n\n\n<iframe loading=\"lazy\" src=\"https:\/\/spotwalla.com\/tripViewer.php?id=230615ef78821ddd39&amp;showHome=no\" width=\"100%\" height=\"600\" scrolling=\"false\" frameborder=\"0\">\nEmbedding failed because inline frames are not supported by your browser or the web server.\n<\/iframe>\n\n\n\n<p class=\"wp-block-paragraph\"><\/p>\n","protected":false},"excerpt":{"rendered":"<p>Mein Fazit zur heutigen Wanderung gleich vorweg: &#8220;E stotzige cheib!&#8221;, aber allemal lohnenswert. Doch alles der Reihe nach. Als ich am Wochenende zuvor beim Abstieg ins Justistal (siehe Hike #23) den Niesen von Sigriswiler Rothorn und Niederhorn eingerahmt aus der Ferne betrachtet habe, war mir klar, du bist als n\u00e4chstes dran! So habe ich mich [&hellip;]<\/p>\n","protected":false},"author":1,"featured_media":583,"comment_status":"open","ping_status":"open","sticky":false,"template":"","format":"standard","meta":{"_jetpack_newsletter_access":"","_jetpack_dont_email_post_to_subs":false,"_jetpack_newsletter_tier_id":0,"_jetpack_memberships_contains_paywalled_content":false,"_spotmap_latitude":"","_spotmap_longitude":"","_jetpack_feature_clip_id":0,"_jetpack_memberships_contains_paid_content":false,"footnotes":"","jetpack_post_was_ever_published":false},"categories":[3],"tags":[],"class_list":["post-539","post","type-post","status-publish","format-standard","has-post-thumbnail","hentry","category-hiking","has-thumbnail"],"jetpack_shortlink":"https:\/\/wp.me\/p9IwFN-8H","jetpack_likes_enabled":false,"jetpack_sharing_enabled":true,"jetpack_featured_media_url":"https:\/\/www.intellectualsovereignty.ch\/wp-content\/uploads\/2020\/06\/IMG_0498-cropped-scaled.jpeg","_links":{"self":[{"href":"https:\/\/www.intellectualsovereignty.ch\/index.php\/wp-json\/wp\/v2\/posts\/539","targetHints":{"allow":["GET"]}}],"collection":[{"href":"https:\/\/www.intellectualsovereignty.ch\/index.php\/wp-json\/wp\/v2\/posts"}],"about":[{"href":"https:\/\/www.intellectualsovereignty.ch\/index.php\/wp-json\/wp\/v2\/types\/post"}],"author":[{"embeddable":true,"href":"https:\/\/www.intellectualsovereignty.ch\/index.php\/wp-json\/wp\/v2\/users\/1"}],"replies":[{"embeddable":true,"href":"https:\/\/www.intellectualsovereignty.ch\/index.php\/wp-json\/wp\/v2\/comments?post=539"}],"version-history":[{"count":24,"href":"https:\/\/www.intellectualsovereignty.ch\/index.php\/wp-json\/wp\/v2\/posts\/539\/revisions"}],"predecessor-version":[{"id":603,"href":"https:\/\/www.intellectualsovereignty.ch\/index.php\/wp-json\/wp\/v2\/posts\/539\/revisions\/603"}],"wp:featuredmedia":[{"embeddable":true,"href":"https:\/\/www.intellectualsovereignty.ch\/index.php\/wp-json\/wp\/v2\/media\/583"}],"wp:attachment":[{"href":"https:\/\/www.intellectualsovereignty.ch\/index.php\/wp-json\/wp\/v2\/media?parent=539"}],"wp:term":[{"taxonomy":"category","embeddable":true,"href":"https:\/\/www.intellectualsovereignty.ch\/index.php\/wp-json\/wp\/v2\/categories?post=539"},{"taxonomy":"post_tag","embeddable":true,"href":"https:\/\/www.intellectualsovereignty.ch\/index.php\/wp-json\/wp\/v2\/tags?post=539"}],"curies":[{"name":"wp","href":"https:\/\/api.w.org\/{rel}","templated":true}]}}