{"id":4818,"date":"2022-05-01T06:18:00","date_gmt":"2022-05-01T04:18:00","guid":{"rendered":"https:\/\/www.intellectualsovereignty.ch\/?p=4818"},"modified":"2024-11-24T20:14:26","modified_gmt":"2024-11-24T19:14:26","slug":"day9-cedar-spring-saddle-junction-km-263-289","status":"publish","type":"post","link":"https:\/\/www.intellectualsovereignty.ch\/index.php\/2022\/05\/01\/day9-cedar-spring-saddle-junction-km-263-289\/","title":{"rendered":"Day#9 \/ Cedar Spring &#8211; Saddle Junction (km 263-289)"},"content":{"rendered":"\n<p class=\"wp-block-paragraph\">Die Nacht war zugig, die sturmartigen Winde, die \u00fcber uns hinwegzogen, liessen das Totholz \u00e4chzen und knarzen, das Rauschen in den Baumkronen war teilweise ohrenbet\u00e4ubend. Im Nachhinein habe ich erfahren, dass diejenigen welche auf dem Grat oben \u00fcbernachtet haben, kaum zur Ruhe gekommen sind. Dann hatte ich ja Gl\u00fcck im Ungl\u00fcck\u2026 Ich stehe fr\u00fch auf, denn der Trail \u00fcber die Ostflanke des San Jacinto &#8211; Massivs wird wegen der schweren Sch\u00e4den an der Vegetation hervorgerufen durch Wassermangel, Wind, Unwetter und Br\u00e4nden anstrengend. Das Tragische: Im 2013 sei ein Grossteil des Waldes wegen eines vors\u00e4tzlich gelegten Brandes zerst\u00f6rt worden, so die Aussage eines lokalen Hikers; ein wenig Recherche zum <a href=\"https:\/\/en.m.wikipedia.org\/wiki\/Mountain_Fire\" target=\"_blank\" rel=\"noreferrer noopener\">Mountain Fire<\/a> zeichnet ein etwas anderes Bild. Item, bis hoch zur Apache Spring ist vor allem der Wind die Herausforderung, er bl\u00e4st so stark, dass es mich mehrfach fast von den Beinen fegt\u2026<\/p>\n\n\n\n<figure class=\"wp-block-gallery has-nested-images columns-default is-cropped wp-block-gallery-1 is-layout-flex wp-block-gallery-is-layout-flex\">\n<figure class=\"wp-block-image\"><img loading=\"lazy\" decoding=\"async\" width=\"2000\" height=\"1500\" data-attachment-id=\"4820\" data-permalink=\"https:\/\/www.intellectualsovereignty.ch\/index.php\/2022\/05\/01\/day9-cedar-spring-saddle-junction-km-263-289\/img_6380\/\" data-orig-file=\"https:\/\/www.intellectualsovereignty.ch\/wp-content\/uploads\/2022\/05\/img_6380.jpg\" data-orig-size=\"2000,1500\" data-comments-opened=\"0\" data-image-title=\"img_6380\" data-image-description=\"\" data-image-caption=\"\" data-large-file=\"https:\/\/www.intellectualsovereignty.ch\/wp-content\/uploads\/2022\/05\/img_6380-1024x768.jpg\" data-id=\"4820\" src=\"https:\/\/www.intellectualsovereignty.ch\/wp-content\/uploads\/2022\/05\/img_6380.jpg\" alt=\"\" class=\"wp-image-4820\" srcset=\"https:\/\/www.intellectualsovereignty.ch\/wp-content\/uploads\/2022\/05\/img_6380.jpg 2000w, https:\/\/www.intellectualsovereignty.ch\/wp-content\/uploads\/2022\/05\/img_6380-300x225.jpg 300w, https:\/\/www.intellectualsovereignty.ch\/wp-content\/uploads\/2022\/05\/img_6380-1024x768.jpg 1024w, https:\/\/www.intellectualsovereignty.ch\/wp-content\/uploads\/2022\/05\/img_6380-768x576.jpg 768w, https:\/\/www.intellectualsovereignty.ch\/wp-content\/uploads\/2022\/05\/img_6380-1536x1152.jpg 1536w, https:\/\/www.intellectualsovereignty.ch\/wp-content\/uploads\/2022\/05\/img_6380-1870x1403.jpg 1870w, https:\/\/www.intellectualsovereignty.ch\/wp-content\/uploads\/2022\/05\/img_6380-400x300.jpg 400w, https:\/\/www.intellectualsovereignty.ch\/wp-content\/uploads\/2022\/05\/img_6380-800x600.jpg 800w\" sizes=\"auto, (max-width: 2000px) 100vw, 2000px\" \/><\/figure>\n\n\n\n<figure class=\"wp-block-image\"><img loading=\"lazy\" decoding=\"async\" width=\"2000\" height=\"1500\" data-attachment-id=\"4821\" data-permalink=\"https:\/\/www.intellectualsovereignty.ch\/index.php\/2022\/05\/01\/day9-cedar-spring-saddle-junction-km-263-289\/img_6381\/\" data-orig-file=\"https:\/\/www.intellectualsovereignty.ch\/wp-content\/uploads\/2022\/05\/img_6381.jpg\" data-orig-size=\"2000,1500\" data-comments-opened=\"0\" data-image-title=\"img_6381\" data-image-description=\"\" data-image-caption=\"\" data-large-file=\"https:\/\/www.intellectualsovereignty.ch\/wp-content\/uploads\/2022\/05\/img_6381-1024x768.jpg\" data-id=\"4821\" src=\"https:\/\/www.intellectualsovereignty.ch\/wp-content\/uploads\/2022\/05\/img_6381.jpg\" alt=\"\" class=\"wp-image-4821\" srcset=\"https:\/\/www.intellectualsovereignty.ch\/wp-content\/uploads\/2022\/05\/img_6381.jpg 2000w, https:\/\/www.intellectualsovereignty.ch\/wp-content\/uploads\/2022\/05\/img_6381-300x225.jpg 300w, https:\/\/www.intellectualsovereignty.ch\/wp-content\/uploads\/2022\/05\/img_6381-1024x768.jpg 1024w, https:\/\/www.intellectualsovereignty.ch\/wp-content\/uploads\/2022\/05\/img_6381-768x576.jpg 768w, https:\/\/www.intellectualsovereignty.ch\/wp-content\/uploads\/2022\/05\/img_6381-1536x1152.jpg 1536w, https:\/\/www.intellectualsovereignty.ch\/wp-content\/uploads\/2022\/05\/img_6381-1870x1403.jpg 1870w, https:\/\/www.intellectualsovereignty.ch\/wp-content\/uploads\/2022\/05\/img_6381-400x300.jpg 400w, https:\/\/www.intellectualsovereignty.ch\/wp-content\/uploads\/2022\/05\/img_6381-800x600.jpg 800w\" sizes=\"auto, (max-width: 2000px) 100vw, 2000px\" \/><\/figure>\n\n\n\n<figure class=\"wp-block-image\"><img loading=\"lazy\" decoding=\"async\" width=\"2000\" height=\"1500\" data-attachment-id=\"4819\" data-permalink=\"https:\/\/www.intellectualsovereignty.ch\/index.php\/2022\/05\/01\/day9-cedar-spring-saddle-junction-km-263-289\/img_6382\/\" data-orig-file=\"https:\/\/www.intellectualsovereignty.ch\/wp-content\/uploads\/2022\/05\/img_6382.jpg\" data-orig-size=\"2000,1500\" data-comments-opened=\"0\" data-image-title=\"img_6382\" data-image-description=\"\" data-image-caption=\"\" data-large-file=\"https:\/\/www.intellectualsovereignty.ch\/wp-content\/uploads\/2022\/05\/img_6382-1024x768.jpg\" data-id=\"4819\" src=\"https:\/\/www.intellectualsovereignty.ch\/wp-content\/uploads\/2022\/05\/img_6382.jpg\" alt=\"\" class=\"wp-image-4819\" srcset=\"https:\/\/www.intellectualsovereignty.ch\/wp-content\/uploads\/2022\/05\/img_6382.jpg 2000w, https:\/\/www.intellectualsovereignty.ch\/wp-content\/uploads\/2022\/05\/img_6382-300x225.jpg 300w, https:\/\/www.intellectualsovereignty.ch\/wp-content\/uploads\/2022\/05\/img_6382-1024x768.jpg 1024w, https:\/\/www.intellectualsovereignty.ch\/wp-content\/uploads\/2022\/05\/img_6382-768x576.jpg 768w, https:\/\/www.intellectualsovereignty.ch\/wp-content\/uploads\/2022\/05\/img_6382-1536x1152.jpg 1536w, https:\/\/www.intellectualsovereignty.ch\/wp-content\/uploads\/2022\/05\/img_6382-1870x1403.jpg 1870w, https:\/\/www.intellectualsovereignty.ch\/wp-content\/uploads\/2022\/05\/img_6382-400x300.jpg 400w, https:\/\/www.intellectualsovereignty.ch\/wp-content\/uploads\/2022\/05\/img_6382-800x600.jpg 800w\" sizes=\"auto, (max-width: 2000px) 100vw, 2000px\" \/><\/figure>\n\n\n\n<figure class=\"wp-block-image\"><img loading=\"lazy\" decoding=\"async\" width=\"2000\" height=\"1500\" data-attachment-id=\"4822\" data-permalink=\"https:\/\/www.intellectualsovereignty.ch\/index.php\/2022\/05\/01\/day9-cedar-spring-saddle-junction-km-263-289\/img_6383\/\" data-orig-file=\"https:\/\/www.intellectualsovereignty.ch\/wp-content\/uploads\/2022\/05\/img_6383.jpg\" data-orig-size=\"2000,1500\" data-comments-opened=\"0\" data-image-title=\"img_6383\" data-image-description=\"\" data-image-caption=\"\" data-large-file=\"https:\/\/www.intellectualsovereignty.ch\/wp-content\/uploads\/2022\/05\/img_6383-1024x768.jpg\" data-id=\"4822\" src=\"https:\/\/www.intellectualsovereignty.ch\/wp-content\/uploads\/2022\/05\/img_6383.jpg\" alt=\"\" class=\"wp-image-4822\" srcset=\"https:\/\/www.intellectualsovereignty.ch\/wp-content\/uploads\/2022\/05\/img_6383.jpg 2000w, https:\/\/www.intellectualsovereignty.ch\/wp-content\/uploads\/2022\/05\/img_6383-300x225.jpg 300w, https:\/\/www.intellectualsovereignty.ch\/wp-content\/uploads\/2022\/05\/img_6383-1024x768.jpg 1024w, https:\/\/www.intellectualsovereignty.ch\/wp-content\/uploads\/2022\/05\/img_6383-768x576.jpg 768w, https:\/\/www.intellectualsovereignty.ch\/wp-content\/uploads\/2022\/05\/img_6383-1536x1152.jpg 1536w, https:\/\/www.intellectualsovereignty.ch\/wp-content\/uploads\/2022\/05\/img_6383-1870x1403.jpg 1870w, https:\/\/www.intellectualsovereignty.ch\/wp-content\/uploads\/2022\/05\/img_6383-400x300.jpg 400w, https:\/\/www.intellectualsovereignty.ch\/wp-content\/uploads\/2022\/05\/img_6383-800x600.jpg 800w\" sizes=\"auto, (max-width: 2000px) 100vw, 2000px\" \/><\/figure>\n\n\n\n<figure class=\"wp-block-image\"><img loading=\"lazy\" decoding=\"async\" width=\"2000\" height=\"1500\" data-attachment-id=\"4823\" data-permalink=\"https:\/\/www.intellectualsovereignty.ch\/index.php\/2022\/05\/01\/day9-cedar-spring-saddle-junction-km-263-289\/img_6385\/\" data-orig-file=\"https:\/\/www.intellectualsovereignty.ch\/wp-content\/uploads\/2022\/05\/img_6385.jpg\" data-orig-size=\"2000,1500\" data-comments-opened=\"0\" data-image-title=\"img_6385\" data-image-description=\"\" data-image-caption=\"\" data-large-file=\"https:\/\/www.intellectualsovereignty.ch\/wp-content\/uploads\/2022\/05\/img_6385-1024x768.jpg\" data-id=\"4823\" src=\"https:\/\/www.intellectualsovereignty.ch\/wp-content\/uploads\/2022\/05\/img_6385.jpg\" alt=\"\" class=\"wp-image-4823\" srcset=\"https:\/\/www.intellectualsovereignty.ch\/wp-content\/uploads\/2022\/05\/img_6385.jpg 2000w, https:\/\/www.intellectualsovereignty.ch\/wp-content\/uploads\/2022\/05\/img_6385-300x225.jpg 300w, https:\/\/www.intellectualsovereignty.ch\/wp-content\/uploads\/2022\/05\/img_6385-1024x768.jpg 1024w, https:\/\/www.intellectualsovereignty.ch\/wp-content\/uploads\/2022\/05\/img_6385-768x576.jpg 768w, https:\/\/www.intellectualsovereignty.ch\/wp-content\/uploads\/2022\/05\/img_6385-1536x1152.jpg 1536w, https:\/\/www.intellectualsovereignty.ch\/wp-content\/uploads\/2022\/05\/img_6385-1870x1403.jpg 1870w, https:\/\/www.intellectualsovereignty.ch\/wp-content\/uploads\/2022\/05\/img_6385-400x300.jpg 400w, https:\/\/www.intellectualsovereignty.ch\/wp-content\/uploads\/2022\/05\/img_6385-800x600.jpg 800w\" sizes=\"auto, (max-width: 2000px) 100vw, 2000px\" \/><\/figure>\n\n\n\n<figure class=\"wp-block-image\"><img loading=\"lazy\" decoding=\"async\" width=\"2000\" height=\"1500\" data-attachment-id=\"4824\" data-permalink=\"https:\/\/www.intellectualsovereignty.ch\/index.php\/2022\/05\/01\/day9-cedar-spring-saddle-junction-km-263-289\/img_6386\/\" data-orig-file=\"https:\/\/www.intellectualsovereignty.ch\/wp-content\/uploads\/2022\/05\/img_6386.jpg\" data-orig-size=\"2000,1500\" data-comments-opened=\"0\" data-image-title=\"img_6386\" data-image-description=\"\" data-image-caption=\"\" data-large-file=\"https:\/\/www.intellectualsovereignty.ch\/wp-content\/uploads\/2022\/05\/img_6386-1024x768.jpg\" data-id=\"4824\" src=\"https:\/\/www.intellectualsovereignty.ch\/wp-content\/uploads\/2022\/05\/img_6386.jpg\" alt=\"\" class=\"wp-image-4824\" srcset=\"https:\/\/www.intellectualsovereignty.ch\/wp-content\/uploads\/2022\/05\/img_6386.jpg 2000w, https:\/\/www.intellectualsovereignty.ch\/wp-content\/uploads\/2022\/05\/img_6386-300x225.jpg 300w, https:\/\/www.intellectualsovereignty.ch\/wp-content\/uploads\/2022\/05\/img_6386-1024x768.jpg 1024w, https:\/\/www.intellectualsovereignty.ch\/wp-content\/uploads\/2022\/05\/img_6386-768x576.jpg 768w, https:\/\/www.intellectualsovereignty.ch\/wp-content\/uploads\/2022\/05\/img_6386-1536x1152.jpg 1536w, https:\/\/www.intellectualsovereignty.ch\/wp-content\/uploads\/2022\/05\/img_6386-1870x1403.jpg 1870w, https:\/\/www.intellectualsovereignty.ch\/wp-content\/uploads\/2022\/05\/img_6386-400x300.jpg 400w, https:\/\/www.intellectualsovereignty.ch\/wp-content\/uploads\/2022\/05\/img_6386-800x600.jpg 800w\" sizes=\"auto, (max-width: 2000px) 100vw, 2000px\" \/><\/figure>\n\n\n\n<figure class=\"wp-block-image\"><img loading=\"lazy\" decoding=\"async\" width=\"2000\" height=\"1500\" data-attachment-id=\"4825\" data-permalink=\"https:\/\/www.intellectualsovereignty.ch\/index.php\/2022\/05\/01\/day9-cedar-spring-saddle-junction-km-263-289\/img_6387\/\" data-orig-file=\"https:\/\/www.intellectualsovereignty.ch\/wp-content\/uploads\/2022\/05\/img_6387.jpg\" data-orig-size=\"2000,1500\" data-comments-opened=\"0\" data-image-title=\"img_6387\" data-image-description=\"\" data-image-caption=\"\" data-large-file=\"https:\/\/www.intellectualsovereignty.ch\/wp-content\/uploads\/2022\/05\/img_6387-1024x768.jpg\" data-id=\"4825\" src=\"https:\/\/www.intellectualsovereignty.ch\/wp-content\/uploads\/2022\/05\/img_6387.jpg\" alt=\"\" class=\"wp-image-4825\" srcset=\"https:\/\/www.intellectualsovereignty.ch\/wp-content\/uploads\/2022\/05\/img_6387.jpg 2000w, https:\/\/www.intellectualsovereignty.ch\/wp-content\/uploads\/2022\/05\/img_6387-300x225.jpg 300w, https:\/\/www.intellectualsovereignty.ch\/wp-content\/uploads\/2022\/05\/img_6387-1024x768.jpg 1024w, https:\/\/www.intellectualsovereignty.ch\/wp-content\/uploads\/2022\/05\/img_6387-768x576.jpg 768w, https:\/\/www.intellectualsovereignty.ch\/wp-content\/uploads\/2022\/05\/img_6387-1536x1152.jpg 1536w, https:\/\/www.intellectualsovereignty.ch\/wp-content\/uploads\/2022\/05\/img_6387-1870x1403.jpg 1870w, https:\/\/www.intellectualsovereignty.ch\/wp-content\/uploads\/2022\/05\/img_6387-400x300.jpg 400w, https:\/\/www.intellectualsovereignty.ch\/wp-content\/uploads\/2022\/05\/img_6387-800x600.jpg 800w\" sizes=\"auto, (max-width: 2000px) 100vw, 2000px\" \/><\/figure>\n\n\n\n<figure class=\"wp-block-image\"><img loading=\"lazy\" decoding=\"async\" width=\"1500\" height=\"2000\" data-attachment-id=\"4826\" data-permalink=\"https:\/\/www.intellectualsovereignty.ch\/index.php\/2022\/05\/01\/day9-cedar-spring-saddle-junction-km-263-289\/img_6388\/\" data-orig-file=\"https:\/\/www.intellectualsovereignty.ch\/wp-content\/uploads\/2022\/05\/img_6388.jpg\" data-orig-size=\"1500,2000\" data-comments-opened=\"0\" data-image-title=\"img_6388\" data-image-description=\"\" data-image-caption=\"\" data-large-file=\"https:\/\/www.intellectualsovereignty.ch\/wp-content\/uploads\/2022\/05\/img_6388-768x1024.jpg\" data-id=\"4826\" src=\"https:\/\/www.intellectualsovereignty.ch\/wp-content\/uploads\/2022\/05\/img_6388.jpg\" alt=\"\" class=\"wp-image-4826\" srcset=\"https:\/\/www.intellectualsovereignty.ch\/wp-content\/uploads\/2022\/05\/img_6388.jpg 1500w, https:\/\/www.intellectualsovereignty.ch\/wp-content\/uploads\/2022\/05\/img_6388-225x300.jpg 225w, https:\/\/www.intellectualsovereignty.ch\/wp-content\/uploads\/2022\/05\/img_6388-768x1024.jpg 768w, https:\/\/www.intellectualsovereignty.ch\/wp-content\/uploads\/2022\/05\/img_6388-1152x1536.jpg 1152w, https:\/\/www.intellectualsovereignty.ch\/wp-content\/uploads\/2022\/05\/img_6388-400x533.jpg 400w, https:\/\/www.intellectualsovereignty.ch\/wp-content\/uploads\/2022\/05\/img_6388-800x1067.jpg 800w\" sizes=\"auto, (max-width: 1500px) 100vw, 1500px\" \/><\/figure>\n\n\n\n<figure class=\"wp-block-image\"><img loading=\"lazy\" decoding=\"async\" width=\"2000\" height=\"1500\" data-attachment-id=\"4827\" data-permalink=\"https:\/\/www.intellectualsovereignty.ch\/index.php\/2022\/05\/01\/day9-cedar-spring-saddle-junction-km-263-289\/img_6389\/\" data-orig-file=\"https:\/\/www.intellectualsovereignty.ch\/wp-content\/uploads\/2022\/05\/img_6389.jpg\" data-orig-size=\"2000,1500\" data-comments-opened=\"0\" data-image-title=\"img_6389\" data-image-description=\"\" data-image-caption=\"\" data-large-file=\"https:\/\/www.intellectualsovereignty.ch\/wp-content\/uploads\/2022\/05\/img_6389-1024x768.jpg\" data-id=\"4827\" src=\"https:\/\/www.intellectualsovereignty.ch\/wp-content\/uploads\/2022\/05\/img_6389.jpg\" alt=\"\" class=\"wp-image-4827\" srcset=\"https:\/\/www.intellectualsovereignty.ch\/wp-content\/uploads\/2022\/05\/img_6389.jpg 2000w, https:\/\/www.intellectualsovereignty.ch\/wp-content\/uploads\/2022\/05\/img_6389-300x225.jpg 300w, https:\/\/www.intellectualsovereignty.ch\/wp-content\/uploads\/2022\/05\/img_6389-1024x768.jpg 1024w, https:\/\/www.intellectualsovereignty.ch\/wp-content\/uploads\/2022\/05\/img_6389-768x576.jpg 768w, https:\/\/www.intellectualsovereignty.ch\/wp-content\/uploads\/2022\/05\/img_6389-1536x1152.jpg 1536w, https:\/\/www.intellectualsovereignty.ch\/wp-content\/uploads\/2022\/05\/img_6389-1870x1403.jpg 1870w, https:\/\/www.intellectualsovereignty.ch\/wp-content\/uploads\/2022\/05\/img_6389-400x300.jpg 400w, https:\/\/www.intellectualsovereignty.ch\/wp-content\/uploads\/2022\/05\/img_6389-800x600.jpg 800w\" sizes=\"auto, (max-width: 2000px) 100vw, 2000px\" \/><\/figure>\n\n\n\n<figure class=\"wp-block-image\"><img loading=\"lazy\" decoding=\"async\" width=\"2000\" height=\"928\" data-attachment-id=\"4828\" data-permalink=\"https:\/\/www.intellectualsovereignty.ch\/index.php\/2022\/05\/01\/day9-cedar-spring-saddle-junction-km-263-289\/img_6390\/\" data-orig-file=\"https:\/\/www.intellectualsovereignty.ch\/wp-content\/uploads\/2022\/05\/img_6390.jpg\" data-orig-size=\"2000,928\" data-comments-opened=\"0\" data-image-title=\"img_6390\" data-image-description=\"\" data-image-caption=\"\" data-large-file=\"https:\/\/www.intellectualsovereignty.ch\/wp-content\/uploads\/2022\/05\/img_6390-1024x475.jpg\" data-id=\"4828\" src=\"https:\/\/www.intellectualsovereignty.ch\/wp-content\/uploads\/2022\/05\/img_6390.jpg\" alt=\"\" class=\"wp-image-4828\" srcset=\"https:\/\/www.intellectualsovereignty.ch\/wp-content\/uploads\/2022\/05\/img_6390.jpg 2000w, https:\/\/www.intellectualsovereignty.ch\/wp-content\/uploads\/2022\/05\/img_6390-300x139.jpg 300w, https:\/\/www.intellectualsovereignty.ch\/wp-content\/uploads\/2022\/05\/img_6390-1024x475.jpg 1024w, https:\/\/www.intellectualsovereignty.ch\/wp-content\/uploads\/2022\/05\/img_6390-768x356.jpg 768w, https:\/\/www.intellectualsovereignty.ch\/wp-content\/uploads\/2022\/05\/img_6390-1536x713.jpg 1536w, https:\/\/www.intellectualsovereignty.ch\/wp-content\/uploads\/2022\/05\/img_6390-1870x868.jpg 1870w, https:\/\/www.intellectualsovereignty.ch\/wp-content\/uploads\/2022\/05\/img_6390-400x186.jpg 400w, https:\/\/www.intellectualsovereignty.ch\/wp-content\/uploads\/2022\/05\/img_6390-800x371.jpg 800w\" sizes=\"auto, (max-width: 2000px) 100vw, 2000px\" \/><\/figure>\n\n\n\n<figure class=\"wp-block-image\"><img loading=\"lazy\" decoding=\"async\" width=\"1500\" height=\"2000\" data-attachment-id=\"4829\" data-permalink=\"https:\/\/www.intellectualsovereignty.ch\/index.php\/2022\/05\/01\/day9-cedar-spring-saddle-junction-km-263-289\/img_6391\/\" data-orig-file=\"https:\/\/www.intellectualsovereignty.ch\/wp-content\/uploads\/2022\/05\/img_6391.jpg\" data-orig-size=\"1500,2000\" data-comments-opened=\"0\" data-image-title=\"img_6391\" data-image-description=\"\" data-image-caption=\"\" data-large-file=\"https:\/\/www.intellectualsovereignty.ch\/wp-content\/uploads\/2022\/05\/img_6391-768x1024.jpg\" data-id=\"4829\" src=\"https:\/\/www.intellectualsovereignty.ch\/wp-content\/uploads\/2022\/05\/img_6391.jpg\" alt=\"\" class=\"wp-image-4829\" srcset=\"https:\/\/www.intellectualsovereignty.ch\/wp-content\/uploads\/2022\/05\/img_6391.jpg 1500w, https:\/\/www.intellectualsovereignty.ch\/wp-content\/uploads\/2022\/05\/img_6391-225x300.jpg 225w, https:\/\/www.intellectualsovereignty.ch\/wp-content\/uploads\/2022\/05\/img_6391-768x1024.jpg 768w, https:\/\/www.intellectualsovereignty.ch\/wp-content\/uploads\/2022\/05\/img_6391-1152x1536.jpg 1152w, https:\/\/www.intellectualsovereignty.ch\/wp-content\/uploads\/2022\/05\/img_6391-400x533.jpg 400w, https:\/\/www.intellectualsovereignty.ch\/wp-content\/uploads\/2022\/05\/img_6391-800x1067.jpg 800w\" sizes=\"auto, (max-width: 1500px) 100vw, 1500px\" \/><\/figure>\n\n\n\n<figure class=\"wp-block-image\"><img loading=\"lazy\" decoding=\"async\" width=\"1500\" height=\"2000\" data-attachment-id=\"4830\" data-permalink=\"https:\/\/www.intellectualsovereignty.ch\/index.php\/2022\/05\/01\/day9-cedar-spring-saddle-junction-km-263-289\/img_6392\/\" data-orig-file=\"https:\/\/www.intellectualsovereignty.ch\/wp-content\/uploads\/2022\/05\/img_6392.jpg\" data-orig-size=\"1500,2000\" data-comments-opened=\"0\" data-image-title=\"img_6392\" data-image-description=\"\" data-image-caption=\"\" data-large-file=\"https:\/\/www.intellectualsovereignty.ch\/wp-content\/uploads\/2022\/05\/img_6392-768x1024.jpg\" data-id=\"4830\" src=\"https:\/\/www.intellectualsovereignty.ch\/wp-content\/uploads\/2022\/05\/img_6392.jpg\" alt=\"\" class=\"wp-image-4830\" srcset=\"https:\/\/www.intellectualsovereignty.ch\/wp-content\/uploads\/2022\/05\/img_6392.jpg 1500w, https:\/\/www.intellectualsovereignty.ch\/wp-content\/uploads\/2022\/05\/img_6392-225x300.jpg 225w, https:\/\/www.intellectualsovereignty.ch\/wp-content\/uploads\/2022\/05\/img_6392-768x1024.jpg 768w, https:\/\/www.intellectualsovereignty.ch\/wp-content\/uploads\/2022\/05\/img_6392-1152x1536.jpg 1152w, https:\/\/www.intellectualsovereignty.ch\/wp-content\/uploads\/2022\/05\/img_6392-400x533.jpg 400w, https:\/\/www.intellectualsovereignty.ch\/wp-content\/uploads\/2022\/05\/img_6392-800x1067.jpg 800w\" sizes=\"auto, (max-width: 1500px) 100vw, 1500px\" \/><\/figure>\n\n\n\n<figure class=\"wp-block-image\"><img loading=\"lazy\" decoding=\"async\" width=\"1500\" height=\"2000\" data-attachment-id=\"4832\" data-permalink=\"https:\/\/www.intellectualsovereignty.ch\/index.php\/2022\/05\/01\/day9-cedar-spring-saddle-junction-km-263-289\/img_6393\/\" data-orig-file=\"https:\/\/www.intellectualsovereignty.ch\/wp-content\/uploads\/2022\/05\/img_6393.jpg\" data-orig-size=\"1500,2000\" data-comments-opened=\"0\" data-image-title=\"img_6393\" data-image-description=\"\" data-image-caption=\"\" data-large-file=\"https:\/\/www.intellectualsovereignty.ch\/wp-content\/uploads\/2022\/05\/img_6393-768x1024.jpg\" data-id=\"4832\" src=\"https:\/\/www.intellectualsovereignty.ch\/wp-content\/uploads\/2022\/05\/img_6393.jpg\" alt=\"\" class=\"wp-image-4832\" srcset=\"https:\/\/www.intellectualsovereignty.ch\/wp-content\/uploads\/2022\/05\/img_6393.jpg 1500w, https:\/\/www.intellectualsovereignty.ch\/wp-content\/uploads\/2022\/05\/img_6393-225x300.jpg 225w, https:\/\/www.intellectualsovereignty.ch\/wp-content\/uploads\/2022\/05\/img_6393-768x1024.jpg 768w, https:\/\/www.intellectualsovereignty.ch\/wp-content\/uploads\/2022\/05\/img_6393-1152x1536.jpg 1152w, https:\/\/www.intellectualsovereignty.ch\/wp-content\/uploads\/2022\/05\/img_6393-400x533.jpg 400w, https:\/\/www.intellectualsovereignty.ch\/wp-content\/uploads\/2022\/05\/img_6393-800x1067.jpg 800w\" sizes=\"auto, (max-width: 1500px) 100vw, 1500px\" \/><\/figure>\n\n\n\n<figure class=\"wp-block-image\"><img loading=\"lazy\" decoding=\"async\" width=\"1500\" height=\"2000\" data-attachment-id=\"4833\" data-permalink=\"https:\/\/www.intellectualsovereignty.ch\/index.php\/2022\/05\/01\/day9-cedar-spring-saddle-junction-km-263-289\/img_6394\/\" data-orig-file=\"https:\/\/www.intellectualsovereignty.ch\/wp-content\/uploads\/2022\/05\/img_6394.jpg\" data-orig-size=\"1500,2000\" data-comments-opened=\"0\" data-image-title=\"img_6394\" data-image-description=\"\" data-image-caption=\"\" data-large-file=\"https:\/\/www.intellectualsovereignty.ch\/wp-content\/uploads\/2022\/05\/img_6394-768x1024.jpg\" data-id=\"4833\" src=\"https:\/\/www.intellectualsovereignty.ch\/wp-content\/uploads\/2022\/05\/img_6394.jpg\" alt=\"\" class=\"wp-image-4833\" srcset=\"https:\/\/www.intellectualsovereignty.ch\/wp-content\/uploads\/2022\/05\/img_6394.jpg 1500w, https:\/\/www.intellectualsovereignty.ch\/wp-content\/uploads\/2022\/05\/img_6394-225x300.jpg 225w, https:\/\/www.intellectualsovereignty.ch\/wp-content\/uploads\/2022\/05\/img_6394-768x1024.jpg 768w, https:\/\/www.intellectualsovereignty.ch\/wp-content\/uploads\/2022\/05\/img_6394-1152x1536.jpg 1152w, https:\/\/www.intellectualsovereignty.ch\/wp-content\/uploads\/2022\/05\/img_6394-400x533.jpg 400w, https:\/\/www.intellectualsovereignty.ch\/wp-content\/uploads\/2022\/05\/img_6394-800x1067.jpg 800w\" sizes=\"auto, (max-width: 1500px) 100vw, 1500px\" \/><\/figure>\n\n\n\n<figure class=\"wp-block-image\"><img loading=\"lazy\" decoding=\"async\" width=\"2000\" height=\"976\" data-attachment-id=\"4831\" data-permalink=\"https:\/\/www.intellectualsovereignty.ch\/index.php\/2022\/05\/01\/day9-cedar-spring-saddle-junction-km-263-289\/img_6395\/\" data-orig-file=\"https:\/\/www.intellectualsovereignty.ch\/wp-content\/uploads\/2022\/05\/img_6395.jpg\" data-orig-size=\"2000,976\" data-comments-opened=\"0\" data-image-title=\"img_6395\" data-image-description=\"\" data-image-caption=\"\" data-large-file=\"https:\/\/www.intellectualsovereignty.ch\/wp-content\/uploads\/2022\/05\/img_6395-1024x500.jpg\" data-id=\"4831\" src=\"https:\/\/www.intellectualsovereignty.ch\/wp-content\/uploads\/2022\/05\/img_6395.jpg\" alt=\"\" class=\"wp-image-4831\" srcset=\"https:\/\/www.intellectualsovereignty.ch\/wp-content\/uploads\/2022\/05\/img_6395.jpg 2000w, https:\/\/www.intellectualsovereignty.ch\/wp-content\/uploads\/2022\/05\/img_6395-300x146.jpg 300w, https:\/\/www.intellectualsovereignty.ch\/wp-content\/uploads\/2022\/05\/img_6395-1024x500.jpg 1024w, https:\/\/www.intellectualsovereignty.ch\/wp-content\/uploads\/2022\/05\/img_6395-768x375.jpg 768w, https:\/\/www.intellectualsovereignty.ch\/wp-content\/uploads\/2022\/05\/img_6395-1536x750.jpg 1536w, https:\/\/www.intellectualsovereignty.ch\/wp-content\/uploads\/2022\/05\/img_6395-1870x913.jpg 1870w, https:\/\/www.intellectualsovereignty.ch\/wp-content\/uploads\/2022\/05\/img_6395-400x195.jpg 400w, https:\/\/www.intellectualsovereignty.ch\/wp-content\/uploads\/2022\/05\/img_6395-800x390.jpg 800w\" sizes=\"auto, (max-width: 2000px) 100vw, 2000px\" \/><\/figure>\n\n\n\n<figure class=\"wp-block-image\"><img loading=\"lazy\" decoding=\"async\" width=\"2000\" height=\"1500\" data-attachment-id=\"4837\" data-permalink=\"https:\/\/www.intellectualsovereignty.ch\/index.php\/2022\/05\/01\/day9-cedar-spring-saddle-junction-km-263-289\/img_6396-2\/\" data-orig-file=\"https:\/\/www.intellectualsovereignty.ch\/wp-content\/uploads\/2022\/05\/img_6396-1.jpg\" data-orig-size=\"2000,1500\" data-comments-opened=\"0\" data-image-title=\"img_6396\" data-image-description=\"\" data-image-caption=\"\" data-large-file=\"https:\/\/www.intellectualsovereignty.ch\/wp-content\/uploads\/2022\/05\/img_6396-1-1024x768.jpg\" data-id=\"4837\" src=\"https:\/\/www.intellectualsovereignty.ch\/wp-content\/uploads\/2022\/05\/img_6396-1.jpg\" alt=\"\" class=\"wp-image-4837\" srcset=\"https:\/\/www.intellectualsovereignty.ch\/wp-content\/uploads\/2022\/05\/img_6396-1.jpg 2000w, https:\/\/www.intellectualsovereignty.ch\/wp-content\/uploads\/2022\/05\/img_6396-1-300x225.jpg 300w, https:\/\/www.intellectualsovereignty.ch\/wp-content\/uploads\/2022\/05\/img_6396-1-1024x768.jpg 1024w, https:\/\/www.intellectualsovereignty.ch\/wp-content\/uploads\/2022\/05\/img_6396-1-768x576.jpg 768w, https:\/\/www.intellectualsovereignty.ch\/wp-content\/uploads\/2022\/05\/img_6396-1-1536x1152.jpg 1536w, https:\/\/www.intellectualsovereignty.ch\/wp-content\/uploads\/2022\/05\/img_6396-1-1870x1403.jpg 1870w, https:\/\/www.intellectualsovereignty.ch\/wp-content\/uploads\/2022\/05\/img_6396-1-400x300.jpg 400w, https:\/\/www.intellectualsovereignty.ch\/wp-content\/uploads\/2022\/05\/img_6396-1-800x600.jpg 800w\" sizes=\"auto, (max-width: 2000px) 100vw, 2000px\" \/><\/figure>\n\n\n\n<figure class=\"wp-block-image\"><img loading=\"lazy\" decoding=\"async\" width=\"2000\" height=\"1500\" data-attachment-id=\"4838\" data-permalink=\"https:\/\/www.intellectualsovereignty.ch\/index.php\/2022\/05\/01\/day9-cedar-spring-saddle-junction-km-263-289\/img_6397\/\" data-orig-file=\"https:\/\/www.intellectualsovereignty.ch\/wp-content\/uploads\/2022\/05\/img_6397.jpg\" data-orig-size=\"2000,1500\" data-comments-opened=\"0\" data-image-title=\"img_6397\" data-image-description=\"\" data-image-caption=\"\" data-large-file=\"https:\/\/www.intellectualsovereignty.ch\/wp-content\/uploads\/2022\/05\/img_6397-1024x768.jpg\" data-id=\"4838\" src=\"https:\/\/www.intellectualsovereignty.ch\/wp-content\/uploads\/2022\/05\/img_6397.jpg\" alt=\"\" class=\"wp-image-4838\" srcset=\"https:\/\/www.intellectualsovereignty.ch\/wp-content\/uploads\/2022\/05\/img_6397.jpg 2000w, https:\/\/www.intellectualsovereignty.ch\/wp-content\/uploads\/2022\/05\/img_6397-300x225.jpg 300w, https:\/\/www.intellectualsovereignty.ch\/wp-content\/uploads\/2022\/05\/img_6397-1024x768.jpg 1024w, https:\/\/www.intellectualsovereignty.ch\/wp-content\/uploads\/2022\/05\/img_6397-768x576.jpg 768w, https:\/\/www.intellectualsovereignty.ch\/wp-content\/uploads\/2022\/05\/img_6397-1536x1152.jpg 1536w, https:\/\/www.intellectualsovereignty.ch\/wp-content\/uploads\/2022\/05\/img_6397-1870x1403.jpg 1870w, https:\/\/www.intellectualsovereignty.ch\/wp-content\/uploads\/2022\/05\/img_6397-400x300.jpg 400w, https:\/\/www.intellectualsovereignty.ch\/wp-content\/uploads\/2022\/05\/img_6397-800x600.jpg 800w\" sizes=\"auto, (max-width: 2000px) 100vw, 2000px\" \/><\/figure>\n\n\n\n<figure class=\"wp-block-image\"><img loading=\"lazy\" decoding=\"async\" width=\"2000\" height=\"920\" data-attachment-id=\"4839\" data-permalink=\"https:\/\/www.intellectualsovereignty.ch\/index.php\/2022\/05\/01\/day9-cedar-spring-saddle-junction-km-263-289\/img_6399\/\" data-orig-file=\"https:\/\/www.intellectualsovereignty.ch\/wp-content\/uploads\/2022\/05\/img_6399.jpg\" data-orig-size=\"2000,920\" data-comments-opened=\"0\" data-image-title=\"img_6399\" data-image-description=\"\" data-image-caption=\"\" data-large-file=\"https:\/\/www.intellectualsovereignty.ch\/wp-content\/uploads\/2022\/05\/img_6399-1024x471.jpg\" data-id=\"4839\" src=\"https:\/\/www.intellectualsovereignty.ch\/wp-content\/uploads\/2022\/05\/img_6399.jpg\" alt=\"\" class=\"wp-image-4839\" srcset=\"https:\/\/www.intellectualsovereignty.ch\/wp-content\/uploads\/2022\/05\/img_6399.jpg 2000w, https:\/\/www.intellectualsovereignty.ch\/wp-content\/uploads\/2022\/05\/img_6399-300x138.jpg 300w, https:\/\/www.intellectualsovereignty.ch\/wp-content\/uploads\/2022\/05\/img_6399-1024x471.jpg 1024w, https:\/\/www.intellectualsovereignty.ch\/wp-content\/uploads\/2022\/05\/img_6399-768x353.jpg 768w, https:\/\/www.intellectualsovereignty.ch\/wp-content\/uploads\/2022\/05\/img_6399-1536x707.jpg 1536w, https:\/\/www.intellectualsovereignty.ch\/wp-content\/uploads\/2022\/05\/img_6399-1870x860.jpg 1870w, https:\/\/www.intellectualsovereignty.ch\/wp-content\/uploads\/2022\/05\/img_6399-400x184.jpg 400w, https:\/\/www.intellectualsovereignty.ch\/wp-content\/uploads\/2022\/05\/img_6399-800x368.jpg 800w\" sizes=\"auto, (max-width: 2000px) 100vw, 2000px\" \/><\/figure>\n\n\n\n<figure class=\"wp-block-image\"><img loading=\"lazy\" decoding=\"async\" width=\"1500\" height=\"2000\" data-attachment-id=\"4840\" data-permalink=\"https:\/\/www.intellectualsovereignty.ch\/index.php\/2022\/05\/01\/day9-cedar-spring-saddle-junction-km-263-289\/img_6400\/\" data-orig-file=\"https:\/\/www.intellectualsovereignty.ch\/wp-content\/uploads\/2022\/05\/img_6400.jpg\" data-orig-size=\"1500,2000\" data-comments-opened=\"0\" data-image-title=\"img_6400\" data-image-description=\"\" data-image-caption=\"\" data-large-file=\"https:\/\/www.intellectualsovereignty.ch\/wp-content\/uploads\/2022\/05\/img_6400-768x1024.jpg\" data-id=\"4840\" src=\"https:\/\/www.intellectualsovereignty.ch\/wp-content\/uploads\/2022\/05\/img_6400.jpg\" alt=\"\" class=\"wp-image-4840\" srcset=\"https:\/\/www.intellectualsovereignty.ch\/wp-content\/uploads\/2022\/05\/img_6400.jpg 1500w, https:\/\/www.intellectualsovereignty.ch\/wp-content\/uploads\/2022\/05\/img_6400-225x300.jpg 225w, https:\/\/www.intellectualsovereignty.ch\/wp-content\/uploads\/2022\/05\/img_6400-768x1024.jpg 768w, https:\/\/www.intellectualsovereignty.ch\/wp-content\/uploads\/2022\/05\/img_6400-1152x1536.jpg 1152w, https:\/\/www.intellectualsovereignty.ch\/wp-content\/uploads\/2022\/05\/img_6400-400x533.jpg 400w, https:\/\/www.intellectualsovereignty.ch\/wp-content\/uploads\/2022\/05\/img_6400-800x1067.jpg 800w\" sizes=\"auto, (max-width: 1500px) 100vw, 1500px\" \/><\/figure>\n\n\n\n<figure class=\"wp-block-image\"><img loading=\"lazy\" decoding=\"async\" width=\"2000\" height=\"596\" data-attachment-id=\"4841\" data-permalink=\"https:\/\/www.intellectualsovereignty.ch\/index.php\/2022\/05\/01\/day9-cedar-spring-saddle-junction-km-263-289\/img_6401-2\/\" data-orig-file=\"https:\/\/www.intellectualsovereignty.ch\/wp-content\/uploads\/2022\/05\/img_6401-1.jpg\" data-orig-size=\"2000,596\" data-comments-opened=\"0\" data-image-title=\"img_6401\" data-image-description=\"\" data-image-caption=\"\" data-large-file=\"https:\/\/www.intellectualsovereignty.ch\/wp-content\/uploads\/2022\/05\/img_6401-1-1024x305.jpg\" data-id=\"4841\" src=\"https:\/\/www.intellectualsovereignty.ch\/wp-content\/uploads\/2022\/05\/img_6401-1.jpg\" alt=\"\" class=\"wp-image-4841\" srcset=\"https:\/\/www.intellectualsovereignty.ch\/wp-content\/uploads\/2022\/05\/img_6401-1.jpg 2000w, https:\/\/www.intellectualsovereignty.ch\/wp-content\/uploads\/2022\/05\/img_6401-1-300x89.jpg 300w, https:\/\/www.intellectualsovereignty.ch\/wp-content\/uploads\/2022\/05\/img_6401-1-1024x305.jpg 1024w, https:\/\/www.intellectualsovereignty.ch\/wp-content\/uploads\/2022\/05\/img_6401-1-768x229.jpg 768w, https:\/\/www.intellectualsovereignty.ch\/wp-content\/uploads\/2022\/05\/img_6401-1-1536x458.jpg 1536w, https:\/\/www.intellectualsovereignty.ch\/wp-content\/uploads\/2022\/05\/img_6401-1-1870x557.jpg 1870w, https:\/\/www.intellectualsovereignty.ch\/wp-content\/uploads\/2022\/05\/img_6401-1-400x119.jpg 400w, https:\/\/www.intellectualsovereignty.ch\/wp-content\/uploads\/2022\/05\/img_6401-1-800x238.jpg 800w\" sizes=\"auto, (max-width: 2000px) 100vw, 2000px\" \/><\/figure>\n\n\n\n<figure class=\"wp-block-image\"><img loading=\"lazy\" decoding=\"async\" width=\"1500\" height=\"2000\" data-attachment-id=\"4842\" data-permalink=\"https:\/\/www.intellectualsovereignty.ch\/index.php\/2022\/05\/01\/day9-cedar-spring-saddle-junction-km-263-289\/img_6402\/\" data-orig-file=\"https:\/\/www.intellectualsovereignty.ch\/wp-content\/uploads\/2022\/05\/img_6402.jpg\" data-orig-size=\"1500,2000\" data-comments-opened=\"0\" data-image-title=\"img_6402\" data-image-description=\"\" data-image-caption=\"\" data-large-file=\"https:\/\/www.intellectualsovereignty.ch\/wp-content\/uploads\/2022\/05\/img_6402-768x1024.jpg\" data-id=\"4842\" src=\"https:\/\/www.intellectualsovereignty.ch\/wp-content\/uploads\/2022\/05\/img_6402.jpg\" alt=\"\" class=\"wp-image-4842\" srcset=\"https:\/\/www.intellectualsovereignty.ch\/wp-content\/uploads\/2022\/05\/img_6402.jpg 1500w, https:\/\/www.intellectualsovereignty.ch\/wp-content\/uploads\/2022\/05\/img_6402-225x300.jpg 225w, https:\/\/www.intellectualsovereignty.ch\/wp-content\/uploads\/2022\/05\/img_6402-768x1024.jpg 768w, https:\/\/www.intellectualsovereignty.ch\/wp-content\/uploads\/2022\/05\/img_6402-1152x1536.jpg 1152w, https:\/\/www.intellectualsovereignty.ch\/wp-content\/uploads\/2022\/05\/img_6402-400x533.jpg 400w, https:\/\/www.intellectualsovereignty.ch\/wp-content\/uploads\/2022\/05\/img_6402-800x1067.jpg 800w\" sizes=\"auto, (max-width: 1500px) 100vw, 1500px\" \/><\/figure>\n\n\n\n<figure class=\"wp-block-image\"><img loading=\"lazy\" decoding=\"async\" width=\"2000\" height=\"740\" data-attachment-id=\"4843\" data-permalink=\"https:\/\/www.intellectualsovereignty.ch\/index.php\/2022\/05\/01\/day9-cedar-spring-saddle-junction-km-263-289\/img_6403-2\/\" data-orig-file=\"https:\/\/www.intellectualsovereignty.ch\/wp-content\/uploads\/2022\/05\/img_6403-1.jpg\" data-orig-size=\"2000,740\" data-comments-opened=\"0\" data-image-title=\"img_6403\" data-image-description=\"\" data-image-caption=\"\" data-large-file=\"https:\/\/www.intellectualsovereignty.ch\/wp-content\/uploads\/2022\/05\/img_6403-1-1024x379.jpg\" data-id=\"4843\" src=\"https:\/\/www.intellectualsovereignty.ch\/wp-content\/uploads\/2022\/05\/img_6403-1.jpg\" alt=\"\" class=\"wp-image-4843\" srcset=\"https:\/\/www.intellectualsovereignty.ch\/wp-content\/uploads\/2022\/05\/img_6403-1.jpg 2000w, https:\/\/www.intellectualsovereignty.ch\/wp-content\/uploads\/2022\/05\/img_6403-1-300x111.jpg 300w, https:\/\/www.intellectualsovereignty.ch\/wp-content\/uploads\/2022\/05\/img_6403-1-1024x379.jpg 1024w, https:\/\/www.intellectualsovereignty.ch\/wp-content\/uploads\/2022\/05\/img_6403-1-768x284.jpg 768w, https:\/\/www.intellectualsovereignty.ch\/wp-content\/uploads\/2022\/05\/img_6403-1-1536x568.jpg 1536w, https:\/\/www.intellectualsovereignty.ch\/wp-content\/uploads\/2022\/05\/img_6403-1-1870x692.jpg 1870w, https:\/\/www.intellectualsovereignty.ch\/wp-content\/uploads\/2022\/05\/img_6403-1-400x148.jpg 400w, https:\/\/www.intellectualsovereignty.ch\/wp-content\/uploads\/2022\/05\/img_6403-1-800x296.jpg 800w\" sizes=\"auto, (max-width: 2000px) 100vw, 2000px\" \/><\/figure>\n<\/figure>\n\n\n\n<figure class=\"wp-block-video\"><video height=\"720\" style=\"aspect-ratio: 1280 \/ 720;\" width=\"1280\" controls src=\"https:\/\/www.intellectualsovereignty.ch\/wp-content\/uploads\/2022\/09\/IMG_6384.mov\"><\/video><\/figure>\n\n\n\n<p class=\"wp-block-paragraph\">Bei km 273 werde ich daran erinnert, wie gef\u00e4hrlich der PCT an gewissen Stellen sein kann, denn hier verstarb im Jahr 2020 ein junger Hiker, der in relativ stark absch\u00fcssigem Gel\u00e4nde bei winterlichen Bedingungen vom Weg abkam und abst\u00fcrzte. Aktuell trage ich in meinem Rucksack die notwendige Ausr\u00fcstung mit, um sicher Schneefelder und dergleichen queren zu k\u00f6nnen, es fehlt hierzu jedoch der Schnee g\u00e4nzlich! Meine Herausforderung ist aktuell in der verunstalteten Landschaft meinen Weg zu finden und zu bahnen, die schiere Menge an zu \u00fcbersteigenden Baumst\u00e4mmen alleine bremst mich komplett aus\u2026 Die Aussichten sind wie immer eindr\u00fccklich, meine Stimmung kippt jedoch ins Gereizte.<\/p>\n\n\n\n<figure class=\"wp-block-gallery has-nested-images columns-default is-cropped wp-block-gallery-2 is-layout-flex wp-block-gallery-is-layout-flex\">\n<figure class=\"wp-block-image\"><img loading=\"lazy\" decoding=\"async\" width=\"1500\" height=\"2000\" data-attachment-id=\"4847\" data-permalink=\"https:\/\/www.intellectualsovereignty.ch\/index.php\/2022\/05\/01\/day9-cedar-spring-saddle-junction-km-263-289\/img_6404\/\" data-orig-file=\"https:\/\/www.intellectualsovereignty.ch\/wp-content\/uploads\/2022\/05\/img_6404.jpg\" data-orig-size=\"1500,2000\" data-comments-opened=\"0\" data-image-title=\"img_6404\" data-image-description=\"\" data-image-caption=\"\" data-large-file=\"https:\/\/www.intellectualsovereignty.ch\/wp-content\/uploads\/2022\/05\/img_6404-768x1024.jpg\" data-id=\"4847\" src=\"https:\/\/www.intellectualsovereignty.ch\/wp-content\/uploads\/2022\/05\/img_6404.jpg\" alt=\"\" class=\"wp-image-4847\" srcset=\"https:\/\/www.intellectualsovereignty.ch\/wp-content\/uploads\/2022\/05\/img_6404.jpg 1500w, https:\/\/www.intellectualsovereignty.ch\/wp-content\/uploads\/2022\/05\/img_6404-225x300.jpg 225w, https:\/\/www.intellectualsovereignty.ch\/wp-content\/uploads\/2022\/05\/img_6404-768x1024.jpg 768w, https:\/\/www.intellectualsovereignty.ch\/wp-content\/uploads\/2022\/05\/img_6404-1152x1536.jpg 1152w, https:\/\/www.intellectualsovereignty.ch\/wp-content\/uploads\/2022\/05\/img_6404-400x533.jpg 400w, https:\/\/www.intellectualsovereignty.ch\/wp-content\/uploads\/2022\/05\/img_6404-800x1067.jpg 800w\" sizes=\"auto, (max-width: 1500px) 100vw, 1500px\" \/><\/figure>\n\n\n\n<figure class=\"wp-block-image\"><img loading=\"lazy\" decoding=\"async\" width=\"2000\" height=\"948\" data-attachment-id=\"4844\" data-permalink=\"https:\/\/www.intellectualsovereignty.ch\/index.php\/2022\/05\/01\/day9-cedar-spring-saddle-junction-km-263-289\/img_6405\/\" data-orig-file=\"https:\/\/www.intellectualsovereignty.ch\/wp-content\/uploads\/2022\/05\/img_6405.jpg\" data-orig-size=\"2000,948\" data-comments-opened=\"0\" data-image-title=\"img_6405\" data-image-description=\"\" data-image-caption=\"\" data-large-file=\"https:\/\/www.intellectualsovereignty.ch\/wp-content\/uploads\/2022\/05\/img_6405-1024x485.jpg\" data-id=\"4844\" src=\"https:\/\/www.intellectualsovereignty.ch\/wp-content\/uploads\/2022\/05\/img_6405.jpg\" alt=\"\" class=\"wp-image-4844\" srcset=\"https:\/\/www.intellectualsovereignty.ch\/wp-content\/uploads\/2022\/05\/img_6405.jpg 2000w, https:\/\/www.intellectualsovereignty.ch\/wp-content\/uploads\/2022\/05\/img_6405-300x142.jpg 300w, https:\/\/www.intellectualsovereignty.ch\/wp-content\/uploads\/2022\/05\/img_6405-1024x485.jpg 1024w, https:\/\/www.intellectualsovereignty.ch\/wp-content\/uploads\/2022\/05\/img_6405-768x364.jpg 768w, https:\/\/www.intellectualsovereignty.ch\/wp-content\/uploads\/2022\/05\/img_6405-1536x728.jpg 1536w, https:\/\/www.intellectualsovereignty.ch\/wp-content\/uploads\/2022\/05\/img_6405-1870x886.jpg 1870w, https:\/\/www.intellectualsovereignty.ch\/wp-content\/uploads\/2022\/05\/img_6405-400x190.jpg 400w, https:\/\/www.intellectualsovereignty.ch\/wp-content\/uploads\/2022\/05\/img_6405-800x379.jpg 800w\" sizes=\"auto, (max-width: 2000px) 100vw, 2000px\" \/><\/figure>\n\n\n\n<figure class=\"wp-block-image\"><img loading=\"lazy\" decoding=\"async\" width=\"1500\" height=\"2000\" data-attachment-id=\"4846\" data-permalink=\"https:\/\/www.intellectualsovereignty.ch\/index.php\/2022\/05\/01\/day9-cedar-spring-saddle-junction-km-263-289\/img_6406\/\" data-orig-file=\"https:\/\/www.intellectualsovereignty.ch\/wp-content\/uploads\/2022\/05\/img_6406.jpg\" data-orig-size=\"1500,2000\" data-comments-opened=\"0\" data-image-title=\"img_6406\" data-image-description=\"\" data-image-caption=\"\" data-large-file=\"https:\/\/www.intellectualsovereignty.ch\/wp-content\/uploads\/2022\/05\/img_6406-768x1024.jpg\" data-id=\"4846\" src=\"https:\/\/www.intellectualsovereignty.ch\/wp-content\/uploads\/2022\/05\/img_6406.jpg\" alt=\"\" class=\"wp-image-4846\" srcset=\"https:\/\/www.intellectualsovereignty.ch\/wp-content\/uploads\/2022\/05\/img_6406.jpg 1500w, https:\/\/www.intellectualsovereignty.ch\/wp-content\/uploads\/2022\/05\/img_6406-225x300.jpg 225w, https:\/\/www.intellectualsovereignty.ch\/wp-content\/uploads\/2022\/05\/img_6406-768x1024.jpg 768w, https:\/\/www.intellectualsovereignty.ch\/wp-content\/uploads\/2022\/05\/img_6406-1152x1536.jpg 1152w, https:\/\/www.intellectualsovereignty.ch\/wp-content\/uploads\/2022\/05\/img_6406-400x533.jpg 400w, https:\/\/www.intellectualsovereignty.ch\/wp-content\/uploads\/2022\/05\/img_6406-800x1067.jpg 800w\" sizes=\"auto, (max-width: 1500px) 100vw, 1500px\" \/><\/figure>\n\n\n\n<figure class=\"wp-block-image\"><img loading=\"lazy\" decoding=\"async\" width=\"1500\" height=\"2000\" data-attachment-id=\"4845\" data-permalink=\"https:\/\/www.intellectualsovereignty.ch\/index.php\/2022\/05\/01\/day9-cedar-spring-saddle-junction-km-263-289\/img_6407\/\" data-orig-file=\"https:\/\/www.intellectualsovereignty.ch\/wp-content\/uploads\/2022\/05\/img_6407.jpg\" data-orig-size=\"1500,2000\" data-comments-opened=\"0\" data-image-title=\"img_6407\" data-image-description=\"\" data-image-caption=\"\" data-large-file=\"https:\/\/www.intellectualsovereignty.ch\/wp-content\/uploads\/2022\/05\/img_6407-768x1024.jpg\" data-id=\"4845\" src=\"https:\/\/www.intellectualsovereignty.ch\/wp-content\/uploads\/2022\/05\/img_6407.jpg\" alt=\"\" class=\"wp-image-4845\" srcset=\"https:\/\/www.intellectualsovereignty.ch\/wp-content\/uploads\/2022\/05\/img_6407.jpg 1500w, https:\/\/www.intellectualsovereignty.ch\/wp-content\/uploads\/2022\/05\/img_6407-225x300.jpg 225w, https:\/\/www.intellectualsovereignty.ch\/wp-content\/uploads\/2022\/05\/img_6407-768x1024.jpg 768w, https:\/\/www.intellectualsovereignty.ch\/wp-content\/uploads\/2022\/05\/img_6407-1152x1536.jpg 1152w, https:\/\/www.intellectualsovereignty.ch\/wp-content\/uploads\/2022\/05\/img_6407-400x533.jpg 400w, https:\/\/www.intellectualsovereignty.ch\/wp-content\/uploads\/2022\/05\/img_6407-800x1067.jpg 800w\" sizes=\"auto, (max-width: 1500px) 100vw, 1500px\" \/><\/figure>\n\n\n\n<figure class=\"wp-block-image\"><img loading=\"lazy\" decoding=\"async\" width=\"1500\" height=\"2000\" data-attachment-id=\"4848\" data-permalink=\"https:\/\/www.intellectualsovereignty.ch\/index.php\/2022\/05\/01\/day9-cedar-spring-saddle-junction-km-263-289\/img_6408\/\" data-orig-file=\"https:\/\/www.intellectualsovereignty.ch\/wp-content\/uploads\/2022\/05\/img_6408.jpg\" data-orig-size=\"1500,2000\" data-comments-opened=\"0\" data-image-title=\"img_6408\" data-image-description=\"\" data-image-caption=\"\" data-large-file=\"https:\/\/www.intellectualsovereignty.ch\/wp-content\/uploads\/2022\/05\/img_6408-768x1024.jpg\" data-id=\"4848\" src=\"https:\/\/www.intellectualsovereignty.ch\/wp-content\/uploads\/2022\/05\/img_6408.jpg\" alt=\"\" class=\"wp-image-4848\" srcset=\"https:\/\/www.intellectualsovereignty.ch\/wp-content\/uploads\/2022\/05\/img_6408.jpg 1500w, https:\/\/www.intellectualsovereignty.ch\/wp-content\/uploads\/2022\/05\/img_6408-225x300.jpg 225w, https:\/\/www.intellectualsovereignty.ch\/wp-content\/uploads\/2022\/05\/img_6408-768x1024.jpg 768w, https:\/\/www.intellectualsovereignty.ch\/wp-content\/uploads\/2022\/05\/img_6408-1152x1536.jpg 1152w, https:\/\/www.intellectualsovereignty.ch\/wp-content\/uploads\/2022\/05\/img_6408-400x533.jpg 400w, https:\/\/www.intellectualsovereignty.ch\/wp-content\/uploads\/2022\/05\/img_6408-800x1067.jpg 800w\" sizes=\"auto, (max-width: 1500px) 100vw, 1500px\" \/><\/figure>\n\n\n\n<figure class=\"wp-block-image\"><img loading=\"lazy\" decoding=\"async\" width=\"2000\" height=\"1500\" data-attachment-id=\"4849\" data-permalink=\"https:\/\/www.intellectualsovereignty.ch\/index.php\/2022\/05\/01\/day9-cedar-spring-saddle-junction-km-263-289\/img_6409\/\" data-orig-file=\"https:\/\/www.intellectualsovereignty.ch\/wp-content\/uploads\/2022\/05\/img_6409.jpg\" data-orig-size=\"2000,1500\" data-comments-opened=\"0\" data-image-title=\"img_6409\" data-image-description=\"\" data-image-caption=\"\" data-large-file=\"https:\/\/www.intellectualsovereignty.ch\/wp-content\/uploads\/2022\/05\/img_6409-1024x768.jpg\" data-id=\"4849\" src=\"https:\/\/www.intellectualsovereignty.ch\/wp-content\/uploads\/2022\/05\/img_6409.jpg\" alt=\"\" class=\"wp-image-4849\" srcset=\"https:\/\/www.intellectualsovereignty.ch\/wp-content\/uploads\/2022\/05\/img_6409.jpg 2000w, https:\/\/www.intellectualsovereignty.ch\/wp-content\/uploads\/2022\/05\/img_6409-300x225.jpg 300w, https:\/\/www.intellectualsovereignty.ch\/wp-content\/uploads\/2022\/05\/img_6409-1024x768.jpg 1024w, https:\/\/www.intellectualsovereignty.ch\/wp-content\/uploads\/2022\/05\/img_6409-768x576.jpg 768w, https:\/\/www.intellectualsovereignty.ch\/wp-content\/uploads\/2022\/05\/img_6409-1536x1152.jpg 1536w, https:\/\/www.intellectualsovereignty.ch\/wp-content\/uploads\/2022\/05\/img_6409-1870x1403.jpg 1870w, https:\/\/www.intellectualsovereignty.ch\/wp-content\/uploads\/2022\/05\/img_6409-400x300.jpg 400w, https:\/\/www.intellectualsovereignty.ch\/wp-content\/uploads\/2022\/05\/img_6409-800x600.jpg 800w\" sizes=\"auto, (max-width: 2000px) 100vw, 2000px\" \/><\/figure>\n\n\n\n<figure class=\"wp-block-image\"><img loading=\"lazy\" decoding=\"async\" width=\"1500\" height=\"2000\" data-attachment-id=\"4850\" data-permalink=\"https:\/\/www.intellectualsovereignty.ch\/index.php\/2022\/05\/01\/day9-cedar-spring-saddle-junction-km-263-289\/img_6410\/\" data-orig-file=\"https:\/\/www.intellectualsovereignty.ch\/wp-content\/uploads\/2022\/05\/img_6410.jpg\" data-orig-size=\"1500,2000\" data-comments-opened=\"0\" data-image-title=\"img_6410\" data-image-description=\"\" data-image-caption=\"\" data-large-file=\"https:\/\/www.intellectualsovereignty.ch\/wp-content\/uploads\/2022\/05\/img_6410-768x1024.jpg\" data-id=\"4850\" src=\"https:\/\/www.intellectualsovereignty.ch\/wp-content\/uploads\/2022\/05\/img_6410.jpg\" alt=\"\" class=\"wp-image-4850\" srcset=\"https:\/\/www.intellectualsovereignty.ch\/wp-content\/uploads\/2022\/05\/img_6410.jpg 1500w, https:\/\/www.intellectualsovereignty.ch\/wp-content\/uploads\/2022\/05\/img_6410-225x300.jpg 225w, https:\/\/www.intellectualsovereignty.ch\/wp-content\/uploads\/2022\/05\/img_6410-768x1024.jpg 768w, https:\/\/www.intellectualsovereignty.ch\/wp-content\/uploads\/2022\/05\/img_6410-1152x1536.jpg 1152w, https:\/\/www.intellectualsovereignty.ch\/wp-content\/uploads\/2022\/05\/img_6410-400x533.jpg 400w, https:\/\/www.intellectualsovereignty.ch\/wp-content\/uploads\/2022\/05\/img_6410-800x1067.jpg 800w\" sizes=\"auto, (max-width: 1500px) 100vw, 1500px\" \/><\/figure>\n\n\n\n<figure class=\"wp-block-image\"><img loading=\"lazy\" decoding=\"async\" width=\"1500\" height=\"2000\" data-attachment-id=\"4851\" data-permalink=\"https:\/\/www.intellectualsovereignty.ch\/index.php\/2022\/05\/01\/day9-cedar-spring-saddle-junction-km-263-289\/img_6411\/\" data-orig-file=\"https:\/\/www.intellectualsovereignty.ch\/wp-content\/uploads\/2022\/05\/img_6411.jpg\" data-orig-size=\"1500,2000\" data-comments-opened=\"0\" data-image-title=\"img_6411\" data-image-description=\"\" data-image-caption=\"\" data-large-file=\"https:\/\/www.intellectualsovereignty.ch\/wp-content\/uploads\/2022\/05\/img_6411-768x1024.jpg\" data-id=\"4851\" src=\"https:\/\/www.intellectualsovereignty.ch\/wp-content\/uploads\/2022\/05\/img_6411.jpg\" alt=\"\" class=\"wp-image-4851\" srcset=\"https:\/\/www.intellectualsovereignty.ch\/wp-content\/uploads\/2022\/05\/img_6411.jpg 1500w, https:\/\/www.intellectualsovereignty.ch\/wp-content\/uploads\/2022\/05\/img_6411-225x300.jpg 225w, https:\/\/www.intellectualsovereignty.ch\/wp-content\/uploads\/2022\/05\/img_6411-768x1024.jpg 768w, https:\/\/www.intellectualsovereignty.ch\/wp-content\/uploads\/2022\/05\/img_6411-1152x1536.jpg 1152w, https:\/\/www.intellectualsovereignty.ch\/wp-content\/uploads\/2022\/05\/img_6411-400x533.jpg 400w, https:\/\/www.intellectualsovereignty.ch\/wp-content\/uploads\/2022\/05\/img_6411-800x1067.jpg 800w\" sizes=\"auto, (max-width: 1500px) 100vw, 1500px\" \/><\/figure>\n\n\n\n<figure class=\"wp-block-image\"><img loading=\"lazy\" decoding=\"async\" width=\"2000\" height=\"974\" data-attachment-id=\"4852\" data-permalink=\"https:\/\/www.intellectualsovereignty.ch\/index.php\/2022\/05\/01\/day9-cedar-spring-saddle-junction-km-263-289\/img_6412\/\" data-orig-file=\"https:\/\/www.intellectualsovereignty.ch\/wp-content\/uploads\/2022\/05\/img_6412.jpg\" data-orig-size=\"2000,974\" data-comments-opened=\"0\" data-image-title=\"img_6412\" data-image-description=\"\" data-image-caption=\"\" data-large-file=\"https:\/\/www.intellectualsovereignty.ch\/wp-content\/uploads\/2022\/05\/img_6412-1024x499.jpg\" data-id=\"4852\" src=\"https:\/\/www.intellectualsovereignty.ch\/wp-content\/uploads\/2022\/05\/img_6412.jpg\" alt=\"\" class=\"wp-image-4852\" srcset=\"https:\/\/www.intellectualsovereignty.ch\/wp-content\/uploads\/2022\/05\/img_6412.jpg 2000w, https:\/\/www.intellectualsovereignty.ch\/wp-content\/uploads\/2022\/05\/img_6412-300x146.jpg 300w, https:\/\/www.intellectualsovereignty.ch\/wp-content\/uploads\/2022\/05\/img_6412-1024x499.jpg 1024w, https:\/\/www.intellectualsovereignty.ch\/wp-content\/uploads\/2022\/05\/img_6412-768x374.jpg 768w, https:\/\/www.intellectualsovereignty.ch\/wp-content\/uploads\/2022\/05\/img_6412-1536x748.jpg 1536w, https:\/\/www.intellectualsovereignty.ch\/wp-content\/uploads\/2022\/05\/img_6412-1870x911.jpg 1870w, https:\/\/www.intellectualsovereignty.ch\/wp-content\/uploads\/2022\/05\/img_6412-400x195.jpg 400w, https:\/\/www.intellectualsovereignty.ch\/wp-content\/uploads\/2022\/05\/img_6412-800x390.jpg 800w\" sizes=\"auto, (max-width: 2000px) 100vw, 2000px\" \/><\/figure>\n\n\n\n<figure class=\"wp-block-image\"><img loading=\"lazy\" decoding=\"async\" width=\"1500\" height=\"2000\" data-attachment-id=\"4853\" data-permalink=\"https:\/\/www.intellectualsovereignty.ch\/index.php\/2022\/05\/01\/day9-cedar-spring-saddle-junction-km-263-289\/img_6413\/\" data-orig-file=\"https:\/\/www.intellectualsovereignty.ch\/wp-content\/uploads\/2022\/05\/img_6413.jpg\" data-orig-size=\"1500,2000\" data-comments-opened=\"0\" data-image-title=\"img_6413\" data-image-description=\"\" data-image-caption=\"\" data-large-file=\"https:\/\/www.intellectualsovereignty.ch\/wp-content\/uploads\/2022\/05\/img_6413-768x1024.jpg\" data-id=\"4853\" src=\"https:\/\/www.intellectualsovereignty.ch\/wp-content\/uploads\/2022\/05\/img_6413.jpg\" alt=\"\" class=\"wp-image-4853\" srcset=\"https:\/\/www.intellectualsovereignty.ch\/wp-content\/uploads\/2022\/05\/img_6413.jpg 1500w, https:\/\/www.intellectualsovereignty.ch\/wp-content\/uploads\/2022\/05\/img_6413-225x300.jpg 225w, https:\/\/www.intellectualsovereignty.ch\/wp-content\/uploads\/2022\/05\/img_6413-768x1024.jpg 768w, https:\/\/www.intellectualsovereignty.ch\/wp-content\/uploads\/2022\/05\/img_6413-1152x1536.jpg 1152w, https:\/\/www.intellectualsovereignty.ch\/wp-content\/uploads\/2022\/05\/img_6413-400x533.jpg 400w, https:\/\/www.intellectualsovereignty.ch\/wp-content\/uploads\/2022\/05\/img_6413-800x1067.jpg 800w\" sizes=\"auto, (max-width: 1500px) 100vw, 1500px\" \/><\/figure>\n\n\n\n<figure class=\"wp-block-image\"><img loading=\"lazy\" decoding=\"async\" width=\"1500\" height=\"2000\" data-attachment-id=\"4854\" data-permalink=\"https:\/\/www.intellectualsovereignty.ch\/index.php\/2022\/05\/01\/day9-cedar-spring-saddle-junction-km-263-289\/img_6414\/\" data-orig-file=\"https:\/\/www.intellectualsovereignty.ch\/wp-content\/uploads\/2022\/05\/img_6414.jpg\" data-orig-size=\"1500,2000\" data-comments-opened=\"0\" data-image-title=\"img_6414\" data-image-description=\"\" data-image-caption=\"\" data-large-file=\"https:\/\/www.intellectualsovereignty.ch\/wp-content\/uploads\/2022\/05\/img_6414-768x1024.jpg\" data-id=\"4854\" src=\"https:\/\/www.intellectualsovereignty.ch\/wp-content\/uploads\/2022\/05\/img_6414.jpg\" alt=\"\" class=\"wp-image-4854\" srcset=\"https:\/\/www.intellectualsovereignty.ch\/wp-content\/uploads\/2022\/05\/img_6414.jpg 1500w, https:\/\/www.intellectualsovereignty.ch\/wp-content\/uploads\/2022\/05\/img_6414-225x300.jpg 225w, https:\/\/www.intellectualsovereignty.ch\/wp-content\/uploads\/2022\/05\/img_6414-768x1024.jpg 768w, https:\/\/www.intellectualsovereignty.ch\/wp-content\/uploads\/2022\/05\/img_6414-1152x1536.jpg 1152w, https:\/\/www.intellectualsovereignty.ch\/wp-content\/uploads\/2022\/05\/img_6414-400x533.jpg 400w, https:\/\/www.intellectualsovereignty.ch\/wp-content\/uploads\/2022\/05\/img_6414-800x1067.jpg 800w\" sizes=\"auto, (max-width: 1500px) 100vw, 1500px\" \/><\/figure>\n\n\n\n<figure class=\"wp-block-image\"><img loading=\"lazy\" decoding=\"async\" width=\"2000\" height=\"1500\" data-attachment-id=\"4855\" data-permalink=\"https:\/\/www.intellectualsovereignty.ch\/index.php\/2022\/05\/01\/day9-cedar-spring-saddle-junction-km-263-289\/img_6415\/\" data-orig-file=\"https:\/\/www.intellectualsovereignty.ch\/wp-content\/uploads\/2022\/05\/img_6415.jpg\" data-orig-size=\"2000,1500\" data-comments-opened=\"0\" data-image-title=\"img_6415\" data-image-description=\"\" data-image-caption=\"\" data-large-file=\"https:\/\/www.intellectualsovereignty.ch\/wp-content\/uploads\/2022\/05\/img_6415-1024x768.jpg\" data-id=\"4855\" src=\"https:\/\/www.intellectualsovereignty.ch\/wp-content\/uploads\/2022\/05\/img_6415.jpg\" alt=\"\" class=\"wp-image-4855\" srcset=\"https:\/\/www.intellectualsovereignty.ch\/wp-content\/uploads\/2022\/05\/img_6415.jpg 2000w, https:\/\/www.intellectualsovereignty.ch\/wp-content\/uploads\/2022\/05\/img_6415-300x225.jpg 300w, https:\/\/www.intellectualsovereignty.ch\/wp-content\/uploads\/2022\/05\/img_6415-1024x768.jpg 1024w, https:\/\/www.intellectualsovereignty.ch\/wp-content\/uploads\/2022\/05\/img_6415-768x576.jpg 768w, https:\/\/www.intellectualsovereignty.ch\/wp-content\/uploads\/2022\/05\/img_6415-1536x1152.jpg 1536w, https:\/\/www.intellectualsovereignty.ch\/wp-content\/uploads\/2022\/05\/img_6415-1870x1403.jpg 1870w, https:\/\/www.intellectualsovereignty.ch\/wp-content\/uploads\/2022\/05\/img_6415-400x300.jpg 400w, https:\/\/www.intellectualsovereignty.ch\/wp-content\/uploads\/2022\/05\/img_6415-800x600.jpg 800w\" sizes=\"auto, (max-width: 2000px) 100vw, 2000px\" \/><\/figure>\n\n\n\n<figure class=\"wp-block-image\"><img loading=\"lazy\" decoding=\"async\" width=\"1500\" height=\"2000\" data-attachment-id=\"4856\" data-permalink=\"https:\/\/www.intellectualsovereignty.ch\/index.php\/2022\/05\/01\/day9-cedar-spring-saddle-junction-km-263-289\/img_6416\/\" data-orig-file=\"https:\/\/www.intellectualsovereignty.ch\/wp-content\/uploads\/2022\/05\/img_6416.jpg\" data-orig-size=\"1500,2000\" data-comments-opened=\"0\" data-image-title=\"img_6416\" data-image-description=\"\" data-image-caption=\"\" data-large-file=\"https:\/\/www.intellectualsovereignty.ch\/wp-content\/uploads\/2022\/05\/img_6416-768x1024.jpg\" data-id=\"4856\" src=\"https:\/\/www.intellectualsovereignty.ch\/wp-content\/uploads\/2022\/05\/img_6416.jpg\" alt=\"\" class=\"wp-image-4856\" srcset=\"https:\/\/www.intellectualsovereignty.ch\/wp-content\/uploads\/2022\/05\/img_6416.jpg 1500w, https:\/\/www.intellectualsovereignty.ch\/wp-content\/uploads\/2022\/05\/img_6416-225x300.jpg 225w, https:\/\/www.intellectualsovereignty.ch\/wp-content\/uploads\/2022\/05\/img_6416-768x1024.jpg 768w, https:\/\/www.intellectualsovereignty.ch\/wp-content\/uploads\/2022\/05\/img_6416-1152x1536.jpg 1152w, https:\/\/www.intellectualsovereignty.ch\/wp-content\/uploads\/2022\/05\/img_6416-400x533.jpg 400w, https:\/\/www.intellectualsovereignty.ch\/wp-content\/uploads\/2022\/05\/img_6416-800x1067.jpg 800w\" sizes=\"auto, (max-width: 1500px) 100vw, 1500px\" \/><\/figure>\n\n\n\n<figure class=\"wp-block-image\"><img loading=\"lazy\" decoding=\"async\" width=\"2000\" height=\"1500\" data-attachment-id=\"4857\" data-permalink=\"https:\/\/www.intellectualsovereignty.ch\/index.php\/2022\/05\/01\/day9-cedar-spring-saddle-junction-km-263-289\/img_6418\/\" data-orig-file=\"https:\/\/www.intellectualsovereignty.ch\/wp-content\/uploads\/2022\/05\/img_6418.jpg\" data-orig-size=\"2000,1500\" data-comments-opened=\"0\" data-image-title=\"img_6418\" data-image-description=\"\" data-image-caption=\"\" data-large-file=\"https:\/\/www.intellectualsovereignty.ch\/wp-content\/uploads\/2022\/05\/img_6418-1024x768.jpg\" data-id=\"4857\" src=\"https:\/\/www.intellectualsovereignty.ch\/wp-content\/uploads\/2022\/05\/img_6418.jpg\" alt=\"\" class=\"wp-image-4857\" srcset=\"https:\/\/www.intellectualsovereignty.ch\/wp-content\/uploads\/2022\/05\/img_6418.jpg 2000w, https:\/\/www.intellectualsovereignty.ch\/wp-content\/uploads\/2022\/05\/img_6418-300x225.jpg 300w, https:\/\/www.intellectualsovereignty.ch\/wp-content\/uploads\/2022\/05\/img_6418-1024x768.jpg 1024w, https:\/\/www.intellectualsovereignty.ch\/wp-content\/uploads\/2022\/05\/img_6418-768x576.jpg 768w, https:\/\/www.intellectualsovereignty.ch\/wp-content\/uploads\/2022\/05\/img_6418-1536x1152.jpg 1536w, https:\/\/www.intellectualsovereignty.ch\/wp-content\/uploads\/2022\/05\/img_6418-1870x1403.jpg 1870w, https:\/\/www.intellectualsovereignty.ch\/wp-content\/uploads\/2022\/05\/img_6418-400x300.jpg 400w, https:\/\/www.intellectualsovereignty.ch\/wp-content\/uploads\/2022\/05\/img_6418-800x600.jpg 800w\" sizes=\"auto, (max-width: 2000px) 100vw, 2000px\" \/><\/figure>\n\n\n\n<figure class=\"wp-block-image\"><img loading=\"lazy\" decoding=\"async\" width=\"1500\" height=\"2000\" data-attachment-id=\"4859\" data-permalink=\"https:\/\/www.intellectualsovereignty.ch\/index.php\/2022\/05\/01\/day9-cedar-spring-saddle-junction-km-263-289\/img_6419\/\" data-orig-file=\"https:\/\/www.intellectualsovereignty.ch\/wp-content\/uploads\/2022\/05\/img_6419.jpg\" data-orig-size=\"1500,2000\" data-comments-opened=\"0\" data-image-title=\"img_6419\" data-image-description=\"\" data-image-caption=\"\" data-large-file=\"https:\/\/www.intellectualsovereignty.ch\/wp-content\/uploads\/2022\/05\/img_6419-768x1024.jpg\" data-id=\"4859\" src=\"https:\/\/www.intellectualsovereignty.ch\/wp-content\/uploads\/2022\/05\/img_6419.jpg\" alt=\"\" class=\"wp-image-4859\" srcset=\"https:\/\/www.intellectualsovereignty.ch\/wp-content\/uploads\/2022\/05\/img_6419.jpg 1500w, https:\/\/www.intellectualsovereignty.ch\/wp-content\/uploads\/2022\/05\/img_6419-225x300.jpg 225w, https:\/\/www.intellectualsovereignty.ch\/wp-content\/uploads\/2022\/05\/img_6419-768x1024.jpg 768w, https:\/\/www.intellectualsovereignty.ch\/wp-content\/uploads\/2022\/05\/img_6419-1152x1536.jpg 1152w, https:\/\/www.intellectualsovereignty.ch\/wp-content\/uploads\/2022\/05\/img_6419-400x533.jpg 400w, https:\/\/www.intellectualsovereignty.ch\/wp-content\/uploads\/2022\/05\/img_6419-800x1067.jpg 800w\" sizes=\"auto, (max-width: 1500px) 100vw, 1500px\" \/><\/figure>\n\n\n\n<figure class=\"wp-block-image\"><img loading=\"lazy\" decoding=\"async\" width=\"1500\" height=\"2000\" data-attachment-id=\"4858\" data-permalink=\"https:\/\/www.intellectualsovereignty.ch\/index.php\/2022\/05\/01\/day9-cedar-spring-saddle-junction-km-263-289\/img_6420\/\" data-orig-file=\"https:\/\/www.intellectualsovereignty.ch\/wp-content\/uploads\/2022\/05\/img_6420.jpg\" data-orig-size=\"1500,2000\" data-comments-opened=\"0\" data-image-title=\"img_6420\" data-image-description=\"\" data-image-caption=\"\" data-large-file=\"https:\/\/www.intellectualsovereignty.ch\/wp-content\/uploads\/2022\/05\/img_6420-768x1024.jpg\" data-id=\"4858\" src=\"https:\/\/www.intellectualsovereignty.ch\/wp-content\/uploads\/2022\/05\/img_6420.jpg\" alt=\"\" class=\"wp-image-4858\" srcset=\"https:\/\/www.intellectualsovereignty.ch\/wp-content\/uploads\/2022\/05\/img_6420.jpg 1500w, https:\/\/www.intellectualsovereignty.ch\/wp-content\/uploads\/2022\/05\/img_6420-225x300.jpg 225w, https:\/\/www.intellectualsovereignty.ch\/wp-content\/uploads\/2022\/05\/img_6420-768x1024.jpg 768w, https:\/\/www.intellectualsovereignty.ch\/wp-content\/uploads\/2022\/05\/img_6420-1152x1536.jpg 1152w, https:\/\/www.intellectualsovereignty.ch\/wp-content\/uploads\/2022\/05\/img_6420-400x533.jpg 400w, https:\/\/www.intellectualsovereignty.ch\/wp-content\/uploads\/2022\/05\/img_6420-800x1067.jpg 800w\" sizes=\"auto, (max-width: 1500px) 100vw, 1500px\" \/><\/figure>\n<\/figure>\n\n\n\n<p class=\"wp-block-paragraph\">Zwei weitere Beobachtungen besch\u00e4ftigen mich. Einerseits gibt es gigantisch grosse B\u00e4ume, die scheinbar von Innen her ausgebrannt sind, bevor sie umknickten. Schon nur die Vorstellung daran schmerzt. Andererseits riecht es ab und zu bet\u00f6rend s\u00fcsslich auf dem Trail, und da kommt mir die Aussage eines \u00e4lteren Hikers am zweiten Tag in den Sinn: \u201eIf you smell weed on the trail, call out for hikers. If you don\u2018t get an  answer, it\u2018s gonna be poodle dog bush.\u201c Und effektiv, es mehren sich die Hinweise auf diese Allergien ausl\u00f6sende, von Hikern gef\u00fcrchtete Pflanze, die vor allem nach Waldbr\u00e4nden wuchert\u2026 und ja, ihre Form hat durchaus eine \u00c4hnlichkeit mit Hunden! \ud83d\ude09<\/p>\n\n\n\n<figure class=\"wp-block-gallery has-nested-images columns-default is-cropped wp-block-gallery-3 is-layout-flex wp-block-gallery-is-layout-flex\">\n<figure class=\"wp-block-image\"><img loading=\"lazy\" decoding=\"async\" width=\"1500\" height=\"2000\" data-attachment-id=\"4860\" data-permalink=\"https:\/\/www.intellectualsovereignty.ch\/index.php\/2022\/05\/01\/day9-cedar-spring-saddle-junction-km-263-289\/img_6421\/\" data-orig-file=\"https:\/\/www.intellectualsovereignty.ch\/wp-content\/uploads\/2022\/05\/img_6421.jpg\" data-orig-size=\"1500,2000\" data-comments-opened=\"0\" data-image-title=\"img_6421\" data-image-description=\"\" data-image-caption=\"\" data-large-file=\"https:\/\/www.intellectualsovereignty.ch\/wp-content\/uploads\/2022\/05\/img_6421-768x1024.jpg\" data-id=\"4860\" src=\"https:\/\/www.intellectualsovereignty.ch\/wp-content\/uploads\/2022\/05\/img_6421.jpg\" alt=\"\" class=\"wp-image-4860\" srcset=\"https:\/\/www.intellectualsovereignty.ch\/wp-content\/uploads\/2022\/05\/img_6421.jpg 1500w, https:\/\/www.intellectualsovereignty.ch\/wp-content\/uploads\/2022\/05\/img_6421-225x300.jpg 225w, https:\/\/www.intellectualsovereignty.ch\/wp-content\/uploads\/2022\/05\/img_6421-768x1024.jpg 768w, https:\/\/www.intellectualsovereignty.ch\/wp-content\/uploads\/2022\/05\/img_6421-1152x1536.jpg 1152w, https:\/\/www.intellectualsovereignty.ch\/wp-content\/uploads\/2022\/05\/img_6421-400x533.jpg 400w, https:\/\/www.intellectualsovereignty.ch\/wp-content\/uploads\/2022\/05\/img_6421-800x1067.jpg 800w\" sizes=\"auto, (max-width: 1500px) 100vw, 1500px\" \/><\/figure>\n\n\n\n<figure class=\"wp-block-image\"><img loading=\"lazy\" decoding=\"async\" width=\"2000\" height=\"1500\" data-attachment-id=\"4861\" data-permalink=\"https:\/\/www.intellectualsovereignty.ch\/index.php\/2022\/05\/01\/day9-cedar-spring-saddle-junction-km-263-289\/img_6422\/\" data-orig-file=\"https:\/\/www.intellectualsovereignty.ch\/wp-content\/uploads\/2022\/05\/img_6422.jpg\" data-orig-size=\"2000,1500\" data-comments-opened=\"0\" data-image-title=\"img_6422\" data-image-description=\"\" data-image-caption=\"\" data-large-file=\"https:\/\/www.intellectualsovereignty.ch\/wp-content\/uploads\/2022\/05\/img_6422-1024x768.jpg\" data-id=\"4861\" src=\"https:\/\/www.intellectualsovereignty.ch\/wp-content\/uploads\/2022\/05\/img_6422.jpg\" alt=\"\" class=\"wp-image-4861\" srcset=\"https:\/\/www.intellectualsovereignty.ch\/wp-content\/uploads\/2022\/05\/img_6422.jpg 2000w, https:\/\/www.intellectualsovereignty.ch\/wp-content\/uploads\/2022\/05\/img_6422-300x225.jpg 300w, https:\/\/www.intellectualsovereignty.ch\/wp-content\/uploads\/2022\/05\/img_6422-1024x768.jpg 1024w, https:\/\/www.intellectualsovereignty.ch\/wp-content\/uploads\/2022\/05\/img_6422-768x576.jpg 768w, https:\/\/www.intellectualsovereignty.ch\/wp-content\/uploads\/2022\/05\/img_6422-1536x1152.jpg 1536w, https:\/\/www.intellectualsovereignty.ch\/wp-content\/uploads\/2022\/05\/img_6422-1870x1403.jpg 1870w, https:\/\/www.intellectualsovereignty.ch\/wp-content\/uploads\/2022\/05\/img_6422-400x300.jpg 400w, https:\/\/www.intellectualsovereignty.ch\/wp-content\/uploads\/2022\/05\/img_6422-800x600.jpg 800w\" sizes=\"auto, (max-width: 2000px) 100vw, 2000px\" \/><\/figure>\n\n\n\n<figure class=\"wp-block-image\"><img loading=\"lazy\" decoding=\"async\" width=\"2000\" height=\"1500\" data-attachment-id=\"4862\" data-permalink=\"https:\/\/www.intellectualsovereignty.ch\/index.php\/2022\/05\/01\/day9-cedar-spring-saddle-junction-km-263-289\/img_6423\/\" data-orig-file=\"https:\/\/www.intellectualsovereignty.ch\/wp-content\/uploads\/2022\/05\/img_6423.jpg\" data-orig-size=\"2000,1500\" data-comments-opened=\"0\" data-image-title=\"img_6423\" data-image-description=\"\" data-image-caption=\"\" data-large-file=\"https:\/\/www.intellectualsovereignty.ch\/wp-content\/uploads\/2022\/05\/img_6423-1024x768.jpg\" data-id=\"4862\" src=\"https:\/\/www.intellectualsovereignty.ch\/wp-content\/uploads\/2022\/05\/img_6423.jpg\" alt=\"\" class=\"wp-image-4862\" srcset=\"https:\/\/www.intellectualsovereignty.ch\/wp-content\/uploads\/2022\/05\/img_6423.jpg 2000w, https:\/\/www.intellectualsovereignty.ch\/wp-content\/uploads\/2022\/05\/img_6423-300x225.jpg 300w, https:\/\/www.intellectualsovereignty.ch\/wp-content\/uploads\/2022\/05\/img_6423-1024x768.jpg 1024w, https:\/\/www.intellectualsovereignty.ch\/wp-content\/uploads\/2022\/05\/img_6423-768x576.jpg 768w, https:\/\/www.intellectualsovereignty.ch\/wp-content\/uploads\/2022\/05\/img_6423-1536x1152.jpg 1536w, https:\/\/www.intellectualsovereignty.ch\/wp-content\/uploads\/2022\/05\/img_6423-1870x1403.jpg 1870w, https:\/\/www.intellectualsovereignty.ch\/wp-content\/uploads\/2022\/05\/img_6423-400x300.jpg 400w, https:\/\/www.intellectualsovereignty.ch\/wp-content\/uploads\/2022\/05\/img_6423-800x600.jpg 800w\" sizes=\"auto, (max-width: 2000px) 100vw, 2000px\" \/><\/figure>\n\n\n\n<figure class=\"wp-block-image\"><img loading=\"lazy\" decoding=\"async\" width=\"1500\" height=\"2000\" data-attachment-id=\"4863\" data-permalink=\"https:\/\/www.intellectualsovereignty.ch\/index.php\/2022\/05\/01\/day9-cedar-spring-saddle-junction-km-263-289\/img_6424\/\" data-orig-file=\"https:\/\/www.intellectualsovereignty.ch\/wp-content\/uploads\/2022\/05\/img_6424.jpg\" data-orig-size=\"1500,2000\" data-comments-opened=\"0\" data-image-title=\"img_6424\" data-image-description=\"\" data-image-caption=\"\" data-large-file=\"https:\/\/www.intellectualsovereignty.ch\/wp-content\/uploads\/2022\/05\/img_6424-768x1024.jpg\" data-id=\"4863\" src=\"https:\/\/www.intellectualsovereignty.ch\/wp-content\/uploads\/2022\/05\/img_6424.jpg\" alt=\"\" class=\"wp-image-4863\" srcset=\"https:\/\/www.intellectualsovereignty.ch\/wp-content\/uploads\/2022\/05\/img_6424.jpg 1500w, https:\/\/www.intellectualsovereignty.ch\/wp-content\/uploads\/2022\/05\/img_6424-225x300.jpg 225w, https:\/\/www.intellectualsovereignty.ch\/wp-content\/uploads\/2022\/05\/img_6424-768x1024.jpg 768w, https:\/\/www.intellectualsovereignty.ch\/wp-content\/uploads\/2022\/05\/img_6424-1152x1536.jpg 1152w, https:\/\/www.intellectualsovereignty.ch\/wp-content\/uploads\/2022\/05\/img_6424-400x533.jpg 400w, https:\/\/www.intellectualsovereignty.ch\/wp-content\/uploads\/2022\/05\/img_6424-800x1067.jpg 800w\" sizes=\"auto, (max-width: 1500px) 100vw, 1500px\" \/><\/figure>\n\n\n\n<figure class=\"wp-block-image\"><img loading=\"lazy\" decoding=\"async\" width=\"2000\" height=\"1500\" data-attachment-id=\"4864\" data-permalink=\"https:\/\/www.intellectualsovereignty.ch\/index.php\/2022\/05\/01\/day9-cedar-spring-saddle-junction-km-263-289\/img_6425\/\" data-orig-file=\"https:\/\/www.intellectualsovereignty.ch\/wp-content\/uploads\/2022\/05\/img_6425.jpg\" data-orig-size=\"2000,1500\" data-comments-opened=\"0\" data-image-title=\"img_6425\" data-image-description=\"\" data-image-caption=\"\" data-large-file=\"https:\/\/www.intellectualsovereignty.ch\/wp-content\/uploads\/2022\/05\/img_6425-1024x768.jpg\" data-id=\"4864\" src=\"https:\/\/www.intellectualsovereignty.ch\/wp-content\/uploads\/2022\/05\/img_6425.jpg\" alt=\"\" class=\"wp-image-4864\" srcset=\"https:\/\/www.intellectualsovereignty.ch\/wp-content\/uploads\/2022\/05\/img_6425.jpg 2000w, https:\/\/www.intellectualsovereignty.ch\/wp-content\/uploads\/2022\/05\/img_6425-300x225.jpg 300w, https:\/\/www.intellectualsovereignty.ch\/wp-content\/uploads\/2022\/05\/img_6425-1024x768.jpg 1024w, https:\/\/www.intellectualsovereignty.ch\/wp-content\/uploads\/2022\/05\/img_6425-768x576.jpg 768w, https:\/\/www.intellectualsovereignty.ch\/wp-content\/uploads\/2022\/05\/img_6425-1536x1152.jpg 1536w, https:\/\/www.intellectualsovereignty.ch\/wp-content\/uploads\/2022\/05\/img_6425-1870x1403.jpg 1870w, https:\/\/www.intellectualsovereignty.ch\/wp-content\/uploads\/2022\/05\/img_6425-400x300.jpg 400w, https:\/\/www.intellectualsovereignty.ch\/wp-content\/uploads\/2022\/05\/img_6425-800x600.jpg 800w\" sizes=\"auto, (max-width: 2000px) 100vw, 2000px\" \/><\/figure>\n\n\n\n<figure class=\"wp-block-image\"><img loading=\"lazy\" decoding=\"async\" width=\"2000\" height=\"582\" data-attachment-id=\"4865\" data-permalink=\"https:\/\/www.intellectualsovereignty.ch\/index.php\/2022\/05\/01\/day9-cedar-spring-saddle-junction-km-263-289\/img_6426\/\" data-orig-file=\"https:\/\/www.intellectualsovereignty.ch\/wp-content\/uploads\/2022\/05\/img_6426.jpg\" data-orig-size=\"2000,582\" data-comments-opened=\"0\" data-image-title=\"img_6426\" data-image-description=\"\" data-image-caption=\"\" data-large-file=\"https:\/\/www.intellectualsovereignty.ch\/wp-content\/uploads\/2022\/05\/img_6426-1024x298.jpg\" data-id=\"4865\" src=\"https:\/\/www.intellectualsovereignty.ch\/wp-content\/uploads\/2022\/05\/img_6426.jpg\" alt=\"\" class=\"wp-image-4865\" srcset=\"https:\/\/www.intellectualsovereignty.ch\/wp-content\/uploads\/2022\/05\/img_6426.jpg 2000w, https:\/\/www.intellectualsovereignty.ch\/wp-content\/uploads\/2022\/05\/img_6426-300x87.jpg 300w, https:\/\/www.intellectualsovereignty.ch\/wp-content\/uploads\/2022\/05\/img_6426-1024x298.jpg 1024w, https:\/\/www.intellectualsovereignty.ch\/wp-content\/uploads\/2022\/05\/img_6426-768x223.jpg 768w, https:\/\/www.intellectualsovereignty.ch\/wp-content\/uploads\/2022\/05\/img_6426-1536x447.jpg 1536w, https:\/\/www.intellectualsovereignty.ch\/wp-content\/uploads\/2022\/05\/img_6426-1870x544.jpg 1870w, https:\/\/www.intellectualsovereignty.ch\/wp-content\/uploads\/2022\/05\/img_6426-400x116.jpg 400w, https:\/\/www.intellectualsovereignty.ch\/wp-content\/uploads\/2022\/05\/img_6426-800x233.jpg 800w\" sizes=\"auto, (max-width: 2000px) 100vw, 2000px\" \/><\/figure>\n\n\n\n<figure class=\"wp-block-image\"><img loading=\"lazy\" decoding=\"async\" width=\"1354\" height=\"2000\" data-attachment-id=\"4866\" data-permalink=\"https:\/\/www.intellectualsovereignty.ch\/index.php\/2022\/05\/01\/day9-cedar-spring-saddle-junction-km-263-289\/img_6427\/\" data-orig-file=\"https:\/\/www.intellectualsovereignty.ch\/wp-content\/uploads\/2022\/05\/img_6427.jpg\" data-orig-size=\"1354,2000\" data-comments-opened=\"0\" data-image-title=\"img_6427\" data-image-description=\"\" data-image-caption=\"\" data-large-file=\"https:\/\/www.intellectualsovereignty.ch\/wp-content\/uploads\/2022\/05\/img_6427-693x1024.jpg\" data-id=\"4866\" src=\"https:\/\/www.intellectualsovereignty.ch\/wp-content\/uploads\/2022\/05\/img_6427.jpg\" alt=\"\" class=\"wp-image-4866\" srcset=\"https:\/\/www.intellectualsovereignty.ch\/wp-content\/uploads\/2022\/05\/img_6427.jpg 1354w, https:\/\/www.intellectualsovereignty.ch\/wp-content\/uploads\/2022\/05\/img_6427-203x300.jpg 203w, https:\/\/www.intellectualsovereignty.ch\/wp-content\/uploads\/2022\/05\/img_6427-693x1024.jpg 693w, https:\/\/www.intellectualsovereignty.ch\/wp-content\/uploads\/2022\/05\/img_6427-768x1134.jpg 768w, https:\/\/www.intellectualsovereignty.ch\/wp-content\/uploads\/2022\/05\/img_6427-1040x1536.jpg 1040w, https:\/\/www.intellectualsovereignty.ch\/wp-content\/uploads\/2022\/05\/img_6427-400x591.jpg 400w, https:\/\/www.intellectualsovereignty.ch\/wp-content\/uploads\/2022\/05\/img_6427-800x1182.jpg 800w\" sizes=\"auto, (max-width: 1354px) 100vw, 1354px\" \/><\/figure>\n\n\n\n<figure class=\"wp-block-image\"><img loading=\"lazy\" decoding=\"async\" width=\"1500\" height=\"2000\" data-attachment-id=\"4867\" data-permalink=\"https:\/\/www.intellectualsovereignty.ch\/index.php\/2022\/05\/01\/day9-cedar-spring-saddle-junction-km-263-289\/img_6428\/\" data-orig-file=\"https:\/\/www.intellectualsovereignty.ch\/wp-content\/uploads\/2022\/05\/img_6428.jpg\" data-orig-size=\"1500,2000\" data-comments-opened=\"0\" data-image-title=\"img_6428\" data-image-description=\"\" data-image-caption=\"\" data-large-file=\"https:\/\/www.intellectualsovereignty.ch\/wp-content\/uploads\/2022\/05\/img_6428-768x1024.jpg\" data-id=\"4867\" src=\"https:\/\/www.intellectualsovereignty.ch\/wp-content\/uploads\/2022\/05\/img_6428.jpg\" alt=\"\" class=\"wp-image-4867\" srcset=\"https:\/\/www.intellectualsovereignty.ch\/wp-content\/uploads\/2022\/05\/img_6428.jpg 1500w, https:\/\/www.intellectualsovereignty.ch\/wp-content\/uploads\/2022\/05\/img_6428-225x300.jpg 225w, https:\/\/www.intellectualsovereignty.ch\/wp-content\/uploads\/2022\/05\/img_6428-768x1024.jpg 768w, https:\/\/www.intellectualsovereignty.ch\/wp-content\/uploads\/2022\/05\/img_6428-1152x1536.jpg 1152w, https:\/\/www.intellectualsovereignty.ch\/wp-content\/uploads\/2022\/05\/img_6428-400x533.jpg 400w, https:\/\/www.intellectualsovereignty.ch\/wp-content\/uploads\/2022\/05\/img_6428-800x1067.jpg 800w\" sizes=\"auto, (max-width: 1500px) 100vw, 1500px\" \/><\/figure>\n\n\n\n<figure class=\"wp-block-image\"><img loading=\"lazy\" decoding=\"async\" width=\"1500\" height=\"2000\" data-attachment-id=\"4868\" data-permalink=\"https:\/\/www.intellectualsovereignty.ch\/index.php\/2022\/05\/01\/day9-cedar-spring-saddle-junction-km-263-289\/img_6429\/\" data-orig-file=\"https:\/\/www.intellectualsovereignty.ch\/wp-content\/uploads\/2022\/05\/img_6429.jpg\" data-orig-size=\"1500,2000\" data-comments-opened=\"0\" data-image-title=\"img_6429\" data-image-description=\"\" data-image-caption=\"\" data-large-file=\"https:\/\/www.intellectualsovereignty.ch\/wp-content\/uploads\/2022\/05\/img_6429-768x1024.jpg\" data-id=\"4868\" src=\"https:\/\/www.intellectualsovereignty.ch\/wp-content\/uploads\/2022\/05\/img_6429.jpg\" alt=\"\" class=\"wp-image-4868\" srcset=\"https:\/\/www.intellectualsovereignty.ch\/wp-content\/uploads\/2022\/05\/img_6429.jpg 1500w, https:\/\/www.intellectualsovereignty.ch\/wp-content\/uploads\/2022\/05\/img_6429-225x300.jpg 225w, https:\/\/www.intellectualsovereignty.ch\/wp-content\/uploads\/2022\/05\/img_6429-768x1024.jpg 768w, https:\/\/www.intellectualsovereignty.ch\/wp-content\/uploads\/2022\/05\/img_6429-1152x1536.jpg 1152w, https:\/\/www.intellectualsovereignty.ch\/wp-content\/uploads\/2022\/05\/img_6429-400x533.jpg 400w, https:\/\/www.intellectualsovereignty.ch\/wp-content\/uploads\/2022\/05\/img_6429-800x1067.jpg 800w\" sizes=\"auto, (max-width: 1500px) 100vw, 1500px\" \/><\/figure>\n\n\n\n<figure class=\"wp-block-image\"><img loading=\"lazy\" decoding=\"async\" width=\"1500\" height=\"2000\" data-attachment-id=\"4871\" data-permalink=\"https:\/\/www.intellectualsovereignty.ch\/index.php\/2022\/05\/01\/day9-cedar-spring-saddle-junction-km-263-289\/img_6430\/\" data-orig-file=\"https:\/\/www.intellectualsovereignty.ch\/wp-content\/uploads\/2022\/05\/img_6430.jpg\" data-orig-size=\"1500,2000\" data-comments-opened=\"0\" data-image-title=\"img_6430\" data-image-description=\"\" data-image-caption=\"\" data-large-file=\"https:\/\/www.intellectualsovereignty.ch\/wp-content\/uploads\/2022\/05\/img_6430-768x1024.jpg\" data-id=\"4871\" src=\"https:\/\/www.intellectualsovereignty.ch\/wp-content\/uploads\/2022\/05\/img_6430.jpg\" alt=\"\" class=\"wp-image-4871\" srcset=\"https:\/\/www.intellectualsovereignty.ch\/wp-content\/uploads\/2022\/05\/img_6430.jpg 1500w, https:\/\/www.intellectualsovereignty.ch\/wp-content\/uploads\/2022\/05\/img_6430-225x300.jpg 225w, https:\/\/www.intellectualsovereignty.ch\/wp-content\/uploads\/2022\/05\/img_6430-768x1024.jpg 768w, https:\/\/www.intellectualsovereignty.ch\/wp-content\/uploads\/2022\/05\/img_6430-1152x1536.jpg 1152w, https:\/\/www.intellectualsovereignty.ch\/wp-content\/uploads\/2022\/05\/img_6430-400x533.jpg 400w, https:\/\/www.intellectualsovereignty.ch\/wp-content\/uploads\/2022\/05\/img_6430-800x1067.jpg 800w\" sizes=\"auto, (max-width: 1500px) 100vw, 1500px\" \/><\/figure>\n\n\n\n<figure class=\"wp-block-image\"><img loading=\"lazy\" decoding=\"async\" width=\"2000\" height=\"916\" data-attachment-id=\"4869\" data-permalink=\"https:\/\/www.intellectualsovereignty.ch\/index.php\/2022\/05\/01\/day9-cedar-spring-saddle-junction-km-263-289\/img_6431\/\" data-orig-file=\"https:\/\/www.intellectualsovereignty.ch\/wp-content\/uploads\/2022\/05\/img_6431.jpg\" data-orig-size=\"2000,916\" data-comments-opened=\"0\" data-image-title=\"img_6431\" data-image-description=\"\" data-image-caption=\"\" data-large-file=\"https:\/\/www.intellectualsovereignty.ch\/wp-content\/uploads\/2022\/05\/img_6431-1024x469.jpg\" data-id=\"4869\" src=\"https:\/\/www.intellectualsovereignty.ch\/wp-content\/uploads\/2022\/05\/img_6431.jpg\" alt=\"\" class=\"wp-image-4869\" srcset=\"https:\/\/www.intellectualsovereignty.ch\/wp-content\/uploads\/2022\/05\/img_6431.jpg 2000w, https:\/\/www.intellectualsovereignty.ch\/wp-content\/uploads\/2022\/05\/img_6431-300x137.jpg 300w, https:\/\/www.intellectualsovereignty.ch\/wp-content\/uploads\/2022\/05\/img_6431-1024x469.jpg 1024w, https:\/\/www.intellectualsovereignty.ch\/wp-content\/uploads\/2022\/05\/img_6431-768x352.jpg 768w, https:\/\/www.intellectualsovereignty.ch\/wp-content\/uploads\/2022\/05\/img_6431-1536x703.jpg 1536w, https:\/\/www.intellectualsovereignty.ch\/wp-content\/uploads\/2022\/05\/img_6431-1870x856.jpg 1870w, https:\/\/www.intellectualsovereignty.ch\/wp-content\/uploads\/2022\/05\/img_6431-400x183.jpg 400w, https:\/\/www.intellectualsovereignty.ch\/wp-content\/uploads\/2022\/05\/img_6431-800x366.jpg 800w\" sizes=\"auto, (max-width: 2000px) 100vw, 2000px\" \/><\/figure>\n\n\n\n<figure class=\"wp-block-image\"><img loading=\"lazy\" decoding=\"async\" width=\"2000\" height=\"1500\" data-attachment-id=\"4870\" data-permalink=\"https:\/\/www.intellectualsovereignty.ch\/index.php\/2022\/05\/01\/day9-cedar-spring-saddle-junction-km-263-289\/img_6432\/\" data-orig-file=\"https:\/\/www.intellectualsovereignty.ch\/wp-content\/uploads\/2022\/05\/img_6432.jpg\" data-orig-size=\"2000,1500\" data-comments-opened=\"0\" data-image-title=\"img_6432\" data-image-description=\"\" data-image-caption=\"\" data-large-file=\"https:\/\/www.intellectualsovereignty.ch\/wp-content\/uploads\/2022\/05\/img_6432-1024x768.jpg\" data-id=\"4870\" src=\"https:\/\/www.intellectualsovereignty.ch\/wp-content\/uploads\/2022\/05\/img_6432.jpg\" alt=\"\" class=\"wp-image-4870\" srcset=\"https:\/\/www.intellectualsovereignty.ch\/wp-content\/uploads\/2022\/05\/img_6432.jpg 2000w, https:\/\/www.intellectualsovereignty.ch\/wp-content\/uploads\/2022\/05\/img_6432-300x225.jpg 300w, https:\/\/www.intellectualsovereignty.ch\/wp-content\/uploads\/2022\/05\/img_6432-1024x768.jpg 1024w, https:\/\/www.intellectualsovereignty.ch\/wp-content\/uploads\/2022\/05\/img_6432-768x576.jpg 768w, https:\/\/www.intellectualsovereignty.ch\/wp-content\/uploads\/2022\/05\/img_6432-1536x1152.jpg 1536w, https:\/\/www.intellectualsovereignty.ch\/wp-content\/uploads\/2022\/05\/img_6432-1870x1403.jpg 1870w, https:\/\/www.intellectualsovereignty.ch\/wp-content\/uploads\/2022\/05\/img_6432-400x300.jpg 400w, https:\/\/www.intellectualsovereignty.ch\/wp-content\/uploads\/2022\/05\/img_6432-800x600.jpg 800w\" sizes=\"auto, (max-width: 2000px) 100vw, 2000px\" \/><\/figure>\n\n\n\n<figure class=\"wp-block-image\"><img loading=\"lazy\" decoding=\"async\" width=\"2000\" height=\"1500\" data-attachment-id=\"4872\" data-permalink=\"https:\/\/www.intellectualsovereignty.ch\/index.php\/2022\/05\/01\/day9-cedar-spring-saddle-junction-km-263-289\/img_6433\/\" data-orig-file=\"https:\/\/www.intellectualsovereignty.ch\/wp-content\/uploads\/2022\/05\/img_6433.jpg\" data-orig-size=\"2000,1500\" data-comments-opened=\"0\" data-image-title=\"img_6433\" data-image-description=\"\" data-image-caption=\"\" data-large-file=\"https:\/\/www.intellectualsovereignty.ch\/wp-content\/uploads\/2022\/05\/img_6433-1024x768.jpg\" data-id=\"4872\" src=\"https:\/\/www.intellectualsovereignty.ch\/wp-content\/uploads\/2022\/05\/img_6433.jpg\" alt=\"\" class=\"wp-image-4872\" srcset=\"https:\/\/www.intellectualsovereignty.ch\/wp-content\/uploads\/2022\/05\/img_6433.jpg 2000w, https:\/\/www.intellectualsovereignty.ch\/wp-content\/uploads\/2022\/05\/img_6433-300x225.jpg 300w, https:\/\/www.intellectualsovereignty.ch\/wp-content\/uploads\/2022\/05\/img_6433-1024x768.jpg 1024w, https:\/\/www.intellectualsovereignty.ch\/wp-content\/uploads\/2022\/05\/img_6433-768x576.jpg 768w, https:\/\/www.intellectualsovereignty.ch\/wp-content\/uploads\/2022\/05\/img_6433-1536x1152.jpg 1536w, https:\/\/www.intellectualsovereignty.ch\/wp-content\/uploads\/2022\/05\/img_6433-1870x1403.jpg 1870w, https:\/\/www.intellectualsovereignty.ch\/wp-content\/uploads\/2022\/05\/img_6433-400x300.jpg 400w, https:\/\/www.intellectualsovereignty.ch\/wp-content\/uploads\/2022\/05\/img_6433-800x600.jpg 800w\" sizes=\"auto, (max-width: 2000px) 100vw, 2000px\" \/><\/figure>\n\n\n\n<figure class=\"wp-block-image\"><img loading=\"lazy\" decoding=\"async\" width=\"1500\" height=\"2000\" data-attachment-id=\"4875\" data-permalink=\"https:\/\/www.intellectualsovereignty.ch\/index.php\/2022\/05\/01\/day9-cedar-spring-saddle-junction-km-263-289\/img_6434\/\" data-orig-file=\"https:\/\/www.intellectualsovereignty.ch\/wp-content\/uploads\/2022\/05\/img_6434.jpg\" data-orig-size=\"1500,2000\" data-comments-opened=\"0\" data-image-title=\"img_6434\" data-image-description=\"\" data-image-caption=\"\" data-large-file=\"https:\/\/www.intellectualsovereignty.ch\/wp-content\/uploads\/2022\/05\/img_6434-768x1024.jpg\" data-id=\"4875\" src=\"https:\/\/www.intellectualsovereignty.ch\/wp-content\/uploads\/2022\/05\/img_6434.jpg\" alt=\"\" class=\"wp-image-4875\" srcset=\"https:\/\/www.intellectualsovereignty.ch\/wp-content\/uploads\/2022\/05\/img_6434.jpg 1500w, https:\/\/www.intellectualsovereignty.ch\/wp-content\/uploads\/2022\/05\/img_6434-225x300.jpg 225w, https:\/\/www.intellectualsovereignty.ch\/wp-content\/uploads\/2022\/05\/img_6434-768x1024.jpg 768w, https:\/\/www.intellectualsovereignty.ch\/wp-content\/uploads\/2022\/05\/img_6434-1152x1536.jpg 1152w, https:\/\/www.intellectualsovereignty.ch\/wp-content\/uploads\/2022\/05\/img_6434-400x533.jpg 400w, https:\/\/www.intellectualsovereignty.ch\/wp-content\/uploads\/2022\/05\/img_6434-800x1067.jpg 800w\" sizes=\"auto, (max-width: 1500px) 100vw, 1500px\" \/><\/figure>\n\n\n\n<figure class=\"wp-block-image\"><img loading=\"lazy\" decoding=\"async\" width=\"2000\" height=\"768\" data-attachment-id=\"4874\" data-permalink=\"https:\/\/www.intellectualsovereignty.ch\/index.php\/2022\/05\/01\/day9-cedar-spring-saddle-junction-km-263-289\/img_6435\/\" data-orig-file=\"https:\/\/www.intellectualsovereignty.ch\/wp-content\/uploads\/2022\/05\/img_6435.jpg\" data-orig-size=\"2000,768\" data-comments-opened=\"0\" data-image-title=\"img_6435\" data-image-description=\"\" data-image-caption=\"\" data-large-file=\"https:\/\/www.intellectualsovereignty.ch\/wp-content\/uploads\/2022\/05\/img_6435-1024x393.jpg\" data-id=\"4874\" src=\"https:\/\/www.intellectualsovereignty.ch\/wp-content\/uploads\/2022\/05\/img_6435.jpg\" alt=\"\" class=\"wp-image-4874\" srcset=\"https:\/\/www.intellectualsovereignty.ch\/wp-content\/uploads\/2022\/05\/img_6435.jpg 2000w, https:\/\/www.intellectualsovereignty.ch\/wp-content\/uploads\/2022\/05\/img_6435-300x115.jpg 300w, https:\/\/www.intellectualsovereignty.ch\/wp-content\/uploads\/2022\/05\/img_6435-1024x393.jpg 1024w, https:\/\/www.intellectualsovereignty.ch\/wp-content\/uploads\/2022\/05\/img_6435-768x295.jpg 768w, https:\/\/www.intellectualsovereignty.ch\/wp-content\/uploads\/2022\/05\/img_6435-1536x590.jpg 1536w, https:\/\/www.intellectualsovereignty.ch\/wp-content\/uploads\/2022\/05\/img_6435-1870x718.jpg 1870w, https:\/\/www.intellectualsovereignty.ch\/wp-content\/uploads\/2022\/05\/img_6435-400x154.jpg 400w, https:\/\/www.intellectualsovereignty.ch\/wp-content\/uploads\/2022\/05\/img_6435-800x307.jpg 800w\" sizes=\"auto, (max-width: 2000px) 100vw, 2000px\" \/><\/figure>\n\n\n\n<figure class=\"wp-block-image\"><img loading=\"lazy\" decoding=\"async\" width=\"2000\" height=\"576\" data-attachment-id=\"4873\" data-permalink=\"https:\/\/www.intellectualsovereignty.ch\/index.php\/2022\/05\/01\/day9-cedar-spring-saddle-junction-km-263-289\/img_6436\/\" data-orig-file=\"https:\/\/www.intellectualsovereignty.ch\/wp-content\/uploads\/2022\/05\/img_6436.jpg\" data-orig-size=\"2000,576\" data-comments-opened=\"0\" data-image-title=\"img_6436\" data-image-description=\"\" data-image-caption=\"\" data-large-file=\"https:\/\/www.intellectualsovereignty.ch\/wp-content\/uploads\/2022\/05\/img_6436-1024x295.jpg\" data-id=\"4873\" src=\"https:\/\/www.intellectualsovereignty.ch\/wp-content\/uploads\/2022\/05\/img_6436.jpg\" alt=\"\" class=\"wp-image-4873\" srcset=\"https:\/\/www.intellectualsovereignty.ch\/wp-content\/uploads\/2022\/05\/img_6436.jpg 2000w, https:\/\/www.intellectualsovereignty.ch\/wp-content\/uploads\/2022\/05\/img_6436-300x86.jpg 300w, https:\/\/www.intellectualsovereignty.ch\/wp-content\/uploads\/2022\/05\/img_6436-1024x295.jpg 1024w, https:\/\/www.intellectualsovereignty.ch\/wp-content\/uploads\/2022\/05\/img_6436-768x221.jpg 768w, https:\/\/www.intellectualsovereignty.ch\/wp-content\/uploads\/2022\/05\/img_6436-1536x442.jpg 1536w, https:\/\/www.intellectualsovereignty.ch\/wp-content\/uploads\/2022\/05\/img_6436-1870x539.jpg 1870w, https:\/\/www.intellectualsovereignty.ch\/wp-content\/uploads\/2022\/05\/img_6436-400x115.jpg 400w, https:\/\/www.intellectualsovereignty.ch\/wp-content\/uploads\/2022\/05\/img_6436-800x230.jpg 800w\" sizes=\"auto, (max-width: 2000px) 100vw, 2000px\" \/><\/figure>\n\n\n\n<figure class=\"wp-block-image\"><img loading=\"lazy\" decoding=\"async\" width=\"1500\" height=\"2000\" data-attachment-id=\"4876\" data-permalink=\"https:\/\/www.intellectualsovereignty.ch\/index.php\/2022\/05\/01\/day9-cedar-spring-saddle-junction-km-263-289\/img_6437\/\" data-orig-file=\"https:\/\/www.intellectualsovereignty.ch\/wp-content\/uploads\/2022\/05\/img_6437.jpg\" data-orig-size=\"1500,2000\" data-comments-opened=\"0\" data-image-title=\"img_6437\" data-image-description=\"\" data-image-caption=\"\" data-large-file=\"https:\/\/www.intellectualsovereignty.ch\/wp-content\/uploads\/2022\/05\/img_6437-768x1024.jpg\" data-id=\"4876\" src=\"https:\/\/www.intellectualsovereignty.ch\/wp-content\/uploads\/2022\/05\/img_6437.jpg\" alt=\"\" class=\"wp-image-4876\" srcset=\"https:\/\/www.intellectualsovereignty.ch\/wp-content\/uploads\/2022\/05\/img_6437.jpg 1500w, https:\/\/www.intellectualsovereignty.ch\/wp-content\/uploads\/2022\/05\/img_6437-225x300.jpg 225w, https:\/\/www.intellectualsovereignty.ch\/wp-content\/uploads\/2022\/05\/img_6437-768x1024.jpg 768w, https:\/\/www.intellectualsovereignty.ch\/wp-content\/uploads\/2022\/05\/img_6437-1152x1536.jpg 1152w, https:\/\/www.intellectualsovereignty.ch\/wp-content\/uploads\/2022\/05\/img_6437-400x533.jpg 400w, https:\/\/www.intellectualsovereignty.ch\/wp-content\/uploads\/2022\/05\/img_6437-800x1067.jpg 800w\" sizes=\"auto, (max-width: 1500px) 100vw, 1500px\" \/><\/figure>\n<\/figure>\n\n\n\n<figure class=\"wp-block-video\"><video height=\"720\" style=\"aspect-ratio: 1280 \/ 720;\" width=\"1280\" controls src=\"https:\/\/www.intellectualsovereignty.ch\/wp-content\/uploads\/2022\/09\/IMG_6417.mov\"><\/video><\/figure>\n\n\n\n<p class=\"wp-block-paragraph\">Nach einer gef\u00fchlten Unendlichkeit gelange ich auf das Tahquitz-Plateau, wo der Wald unversehrt ist, so macht Hiking Spass, wunderbar. Hier und da liegt noch etwas Schnee, doch ich komme z\u00fcgig voran. Bei der Saddle Junction verlasse ich den PCT um mittels Devil\u2018s Slide Trail runter nach Idyllwild zu gelangen, einem lauschigen Bergst\u00e4dtchen, wo ich mir einen Zeroday genehmigen werde. Ausruhen, W\u00e4sche waschen und viel Essen steht auf dem Programm\u2026 \ud83d\ude03<\/p>\n\n\n\n<figure class=\"wp-block-gallery has-nested-images columns-default is-cropped wp-block-gallery-4 is-layout-flex wp-block-gallery-is-layout-flex\">\n<figure class=\"wp-block-image\"><img loading=\"lazy\" decoding=\"async\" width=\"2000\" height=\"1500\" data-attachment-id=\"4879\" data-permalink=\"https:\/\/www.intellectualsovereignty.ch\/index.php\/2022\/05\/01\/day9-cedar-spring-saddle-junction-km-263-289\/img_6439\/\" data-orig-file=\"https:\/\/www.intellectualsovereignty.ch\/wp-content\/uploads\/2022\/05\/img_6439.jpg\" data-orig-size=\"2000,1500\" data-comments-opened=\"0\" data-image-title=\"img_6439\" data-image-description=\"\" data-image-caption=\"\" data-large-file=\"https:\/\/www.intellectualsovereignty.ch\/wp-content\/uploads\/2022\/05\/img_6439-1024x768.jpg\" data-id=\"4879\" src=\"https:\/\/www.intellectualsovereignty.ch\/wp-content\/uploads\/2022\/05\/img_6439.jpg\" alt=\"\" class=\"wp-image-4879\" srcset=\"https:\/\/www.intellectualsovereignty.ch\/wp-content\/uploads\/2022\/05\/img_6439.jpg 2000w, https:\/\/www.intellectualsovereignty.ch\/wp-content\/uploads\/2022\/05\/img_6439-300x225.jpg 300w, https:\/\/www.intellectualsovereignty.ch\/wp-content\/uploads\/2022\/05\/img_6439-1024x768.jpg 1024w, https:\/\/www.intellectualsovereignty.ch\/wp-content\/uploads\/2022\/05\/img_6439-768x576.jpg 768w, https:\/\/www.intellectualsovereignty.ch\/wp-content\/uploads\/2022\/05\/img_6439-1536x1152.jpg 1536w, https:\/\/www.intellectualsovereignty.ch\/wp-content\/uploads\/2022\/05\/img_6439-1870x1403.jpg 1870w, https:\/\/www.intellectualsovereignty.ch\/wp-content\/uploads\/2022\/05\/img_6439-400x300.jpg 400w, https:\/\/www.intellectualsovereignty.ch\/wp-content\/uploads\/2022\/05\/img_6439-800x600.jpg 800w\" sizes=\"auto, (max-width: 2000px) 100vw, 2000px\" \/><\/figure>\n\n\n\n<figure class=\"wp-block-image\"><img loading=\"lazy\" decoding=\"async\" width=\"1500\" height=\"2000\" data-attachment-id=\"4880\" data-permalink=\"https:\/\/www.intellectualsovereignty.ch\/index.php\/2022\/05\/01\/day9-cedar-spring-saddle-junction-km-263-289\/img_6440\/\" data-orig-file=\"https:\/\/www.intellectualsovereignty.ch\/wp-content\/uploads\/2022\/05\/img_6440.jpg\" data-orig-size=\"1500,2000\" data-comments-opened=\"0\" data-image-title=\"img_6440\" data-image-description=\"\" data-image-caption=\"\" data-large-file=\"https:\/\/www.intellectualsovereignty.ch\/wp-content\/uploads\/2022\/05\/img_6440-768x1024.jpg\" data-id=\"4880\" src=\"https:\/\/www.intellectualsovereignty.ch\/wp-content\/uploads\/2022\/05\/img_6440.jpg\" alt=\"\" class=\"wp-image-4880\" srcset=\"https:\/\/www.intellectualsovereignty.ch\/wp-content\/uploads\/2022\/05\/img_6440.jpg 1500w, https:\/\/www.intellectualsovereignty.ch\/wp-content\/uploads\/2022\/05\/img_6440-225x300.jpg 225w, https:\/\/www.intellectualsovereignty.ch\/wp-content\/uploads\/2022\/05\/img_6440-768x1024.jpg 768w, https:\/\/www.intellectualsovereignty.ch\/wp-content\/uploads\/2022\/05\/img_6440-1152x1536.jpg 1152w, https:\/\/www.intellectualsovereignty.ch\/wp-content\/uploads\/2022\/05\/img_6440-400x533.jpg 400w, https:\/\/www.intellectualsovereignty.ch\/wp-content\/uploads\/2022\/05\/img_6440-800x1067.jpg 800w\" sizes=\"auto, (max-width: 1500px) 100vw, 1500px\" \/><\/figure>\n\n\n\n<figure class=\"wp-block-image\"><img loading=\"lazy\" decoding=\"async\" width=\"1318\" height=\"2000\" data-attachment-id=\"4878\" data-permalink=\"https:\/\/www.intellectualsovereignty.ch\/index.php\/2022\/05\/01\/day9-cedar-spring-saddle-junction-km-263-289\/img_6441\/\" data-orig-file=\"https:\/\/www.intellectualsovereignty.ch\/wp-content\/uploads\/2022\/05\/img_6441.jpg\" data-orig-size=\"1318,2000\" data-comments-opened=\"0\" data-image-title=\"img_6441\" data-image-description=\"\" data-image-caption=\"\" data-large-file=\"https:\/\/www.intellectualsovereignty.ch\/wp-content\/uploads\/2022\/05\/img_6441-675x1024.jpg\" data-id=\"4878\" src=\"https:\/\/www.intellectualsovereignty.ch\/wp-content\/uploads\/2022\/05\/img_6441.jpg\" alt=\"\" class=\"wp-image-4878\" srcset=\"https:\/\/www.intellectualsovereignty.ch\/wp-content\/uploads\/2022\/05\/img_6441.jpg 1318w, https:\/\/www.intellectualsovereignty.ch\/wp-content\/uploads\/2022\/05\/img_6441-198x300.jpg 198w, https:\/\/www.intellectualsovereignty.ch\/wp-content\/uploads\/2022\/05\/img_6441-675x1024.jpg 675w, https:\/\/www.intellectualsovereignty.ch\/wp-content\/uploads\/2022\/05\/img_6441-768x1165.jpg 768w, https:\/\/www.intellectualsovereignty.ch\/wp-content\/uploads\/2022\/05\/img_6441-1012x1536.jpg 1012w, https:\/\/www.intellectualsovereignty.ch\/wp-content\/uploads\/2022\/05\/img_6441-400x607.jpg 400w, https:\/\/www.intellectualsovereignty.ch\/wp-content\/uploads\/2022\/05\/img_6441-800x1214.jpg 800w\" sizes=\"auto, (max-width: 1318px) 100vw, 1318px\" \/><\/figure>\n\n\n\n<figure class=\"wp-block-image\"><img loading=\"lazy\" decoding=\"async\" width=\"1999\" height=\"648\" data-attachment-id=\"4877\" data-permalink=\"https:\/\/www.intellectualsovereignty.ch\/index.php\/2022\/05\/01\/day9-cedar-spring-saddle-junction-km-263-289\/img_6442\/\" data-orig-file=\"https:\/\/www.intellectualsovereignty.ch\/wp-content\/uploads\/2022\/05\/img_6442.jpg\" data-orig-size=\"1999,648\" data-comments-opened=\"0\" data-image-title=\"img_6442\" data-image-description=\"\" data-image-caption=\"\" data-large-file=\"https:\/\/www.intellectualsovereignty.ch\/wp-content\/uploads\/2022\/05\/img_6442-1024x332.jpg\" data-id=\"4877\" src=\"https:\/\/www.intellectualsovereignty.ch\/wp-content\/uploads\/2022\/05\/img_6442.jpg\" alt=\"\" class=\"wp-image-4877\" srcset=\"https:\/\/www.intellectualsovereignty.ch\/wp-content\/uploads\/2022\/05\/img_6442.jpg 1999w, https:\/\/www.intellectualsovereignty.ch\/wp-content\/uploads\/2022\/05\/img_6442-300x97.jpg 300w, https:\/\/www.intellectualsovereignty.ch\/wp-content\/uploads\/2022\/05\/img_6442-1024x332.jpg 1024w, https:\/\/www.intellectualsovereignty.ch\/wp-content\/uploads\/2022\/05\/img_6442-768x249.jpg 768w, https:\/\/www.intellectualsovereignty.ch\/wp-content\/uploads\/2022\/05\/img_6442-1536x498.jpg 1536w, https:\/\/www.intellectualsovereignty.ch\/wp-content\/uploads\/2022\/05\/img_6442-1870x606.jpg 1870w, https:\/\/www.intellectualsovereignty.ch\/wp-content\/uploads\/2022\/05\/img_6442-400x130.jpg 400w, https:\/\/www.intellectualsovereignty.ch\/wp-content\/uploads\/2022\/05\/img_6442-800x259.jpg 800w\" sizes=\"auto, (max-width: 1999px) 100vw, 1999px\" \/><\/figure>\n\n\n\n<figure class=\"wp-block-image\"><img loading=\"lazy\" decoding=\"async\" width=\"1500\" height=\"2000\" data-attachment-id=\"4881\" data-permalink=\"https:\/\/www.intellectualsovereignty.ch\/index.php\/2022\/05\/01\/day9-cedar-spring-saddle-junction-km-263-289\/img_6443\/\" data-orig-file=\"https:\/\/www.intellectualsovereignty.ch\/wp-content\/uploads\/2022\/05\/img_6443.jpg\" data-orig-size=\"1500,2000\" data-comments-opened=\"0\" data-image-title=\"img_6443\" data-image-description=\"\" data-image-caption=\"\" data-large-file=\"https:\/\/www.intellectualsovereignty.ch\/wp-content\/uploads\/2022\/05\/img_6443-768x1024.jpg\" data-id=\"4881\" src=\"https:\/\/www.intellectualsovereignty.ch\/wp-content\/uploads\/2022\/05\/img_6443.jpg\" alt=\"\" class=\"wp-image-4881\" srcset=\"https:\/\/www.intellectualsovereignty.ch\/wp-content\/uploads\/2022\/05\/img_6443.jpg 1500w, https:\/\/www.intellectualsovereignty.ch\/wp-content\/uploads\/2022\/05\/img_6443-225x300.jpg 225w, https:\/\/www.intellectualsovereignty.ch\/wp-content\/uploads\/2022\/05\/img_6443-768x1024.jpg 768w, https:\/\/www.intellectualsovereignty.ch\/wp-content\/uploads\/2022\/05\/img_6443-1152x1536.jpg 1152w, https:\/\/www.intellectualsovereignty.ch\/wp-content\/uploads\/2022\/05\/img_6443-400x533.jpg 400w, https:\/\/www.intellectualsovereignty.ch\/wp-content\/uploads\/2022\/05\/img_6443-800x1067.jpg 800w\" sizes=\"auto, (max-width: 1500px) 100vw, 1500px\" \/><\/figure>\n\n\n\n<figure class=\"wp-block-image\"><img loading=\"lazy\" decoding=\"async\" width=\"2000\" height=\"1500\" data-attachment-id=\"4884\" data-permalink=\"https:\/\/www.intellectualsovereignty.ch\/index.php\/2022\/05\/01\/day9-cedar-spring-saddle-junction-km-263-289\/img_6444\/\" data-orig-file=\"https:\/\/www.intellectualsovereignty.ch\/wp-content\/uploads\/2022\/05\/img_6444.jpg\" data-orig-size=\"2000,1500\" data-comments-opened=\"0\" data-image-title=\"img_6444\" data-image-description=\"\" data-image-caption=\"\" data-large-file=\"https:\/\/www.intellectualsovereignty.ch\/wp-content\/uploads\/2022\/05\/img_6444-1024x768.jpg\" data-id=\"4884\" src=\"https:\/\/www.intellectualsovereignty.ch\/wp-content\/uploads\/2022\/05\/img_6444.jpg\" alt=\"\" class=\"wp-image-4884\" srcset=\"https:\/\/www.intellectualsovereignty.ch\/wp-content\/uploads\/2022\/05\/img_6444.jpg 2000w, https:\/\/www.intellectualsovereignty.ch\/wp-content\/uploads\/2022\/05\/img_6444-300x225.jpg 300w, https:\/\/www.intellectualsovereignty.ch\/wp-content\/uploads\/2022\/05\/img_6444-1024x768.jpg 1024w, https:\/\/www.intellectualsovereignty.ch\/wp-content\/uploads\/2022\/05\/img_6444-768x576.jpg 768w, https:\/\/www.intellectualsovereignty.ch\/wp-content\/uploads\/2022\/05\/img_6444-1536x1152.jpg 1536w, https:\/\/www.intellectualsovereignty.ch\/wp-content\/uploads\/2022\/05\/img_6444-1870x1403.jpg 1870w, https:\/\/www.intellectualsovereignty.ch\/wp-content\/uploads\/2022\/05\/img_6444-400x300.jpg 400w, https:\/\/www.intellectualsovereignty.ch\/wp-content\/uploads\/2022\/05\/img_6444-800x600.jpg 800w\" sizes=\"auto, (max-width: 2000px) 100vw, 2000px\" \/><\/figure>\n\n\n\n<figure class=\"wp-block-image\"><img loading=\"lazy\" decoding=\"async\" width=\"2000\" height=\"1500\" data-attachment-id=\"4883\" data-permalink=\"https:\/\/www.intellectualsovereignty.ch\/index.php\/2022\/05\/01\/day9-cedar-spring-saddle-junction-km-263-289\/img_6445\/\" data-orig-file=\"https:\/\/www.intellectualsovereignty.ch\/wp-content\/uploads\/2022\/05\/img_6445.jpg\" data-orig-size=\"2000,1500\" data-comments-opened=\"0\" data-image-title=\"img_6445\" data-image-description=\"\" data-image-caption=\"\" data-large-file=\"https:\/\/www.intellectualsovereignty.ch\/wp-content\/uploads\/2022\/05\/img_6445-1024x768.jpg\" data-id=\"4883\" src=\"https:\/\/www.intellectualsovereignty.ch\/wp-content\/uploads\/2022\/05\/img_6445.jpg\" alt=\"\" class=\"wp-image-4883\" srcset=\"https:\/\/www.intellectualsovereignty.ch\/wp-content\/uploads\/2022\/05\/img_6445.jpg 2000w, https:\/\/www.intellectualsovereignty.ch\/wp-content\/uploads\/2022\/05\/img_6445-300x225.jpg 300w, https:\/\/www.intellectualsovereignty.ch\/wp-content\/uploads\/2022\/05\/img_6445-1024x768.jpg 1024w, https:\/\/www.intellectualsovereignty.ch\/wp-content\/uploads\/2022\/05\/img_6445-768x576.jpg 768w, https:\/\/www.intellectualsovereignty.ch\/wp-content\/uploads\/2022\/05\/img_6445-1536x1152.jpg 1536w, https:\/\/www.intellectualsovereignty.ch\/wp-content\/uploads\/2022\/05\/img_6445-1870x1403.jpg 1870w, https:\/\/www.intellectualsovereignty.ch\/wp-content\/uploads\/2022\/05\/img_6445-400x300.jpg 400w, https:\/\/www.intellectualsovereignty.ch\/wp-content\/uploads\/2022\/05\/img_6445-800x600.jpg 800w\" sizes=\"auto, (max-width: 2000px) 100vw, 2000px\" \/><\/figure>\n\n\n\n<figure class=\"wp-block-image\"><img loading=\"lazy\" decoding=\"async\" width=\"2000\" height=\"1500\" data-attachment-id=\"4882\" data-permalink=\"https:\/\/www.intellectualsovereignty.ch\/index.php\/2022\/05\/01\/day9-cedar-spring-saddle-junction-km-263-289\/img_6447\/\" data-orig-file=\"https:\/\/www.intellectualsovereignty.ch\/wp-content\/uploads\/2022\/05\/img_6447.jpg\" data-orig-size=\"2000,1500\" data-comments-opened=\"0\" data-image-title=\"img_6447\" data-image-description=\"\" data-image-caption=\"\" data-large-file=\"https:\/\/www.intellectualsovereignty.ch\/wp-content\/uploads\/2022\/05\/img_6447-1024x768.jpg\" data-id=\"4882\" src=\"https:\/\/www.intellectualsovereignty.ch\/wp-content\/uploads\/2022\/05\/img_6447.jpg\" alt=\"\" class=\"wp-image-4882\" srcset=\"https:\/\/www.intellectualsovereignty.ch\/wp-content\/uploads\/2022\/05\/img_6447.jpg 2000w, https:\/\/www.intellectualsovereignty.ch\/wp-content\/uploads\/2022\/05\/img_6447-300x225.jpg 300w, https:\/\/www.intellectualsovereignty.ch\/wp-content\/uploads\/2022\/05\/img_6447-1024x768.jpg 1024w, https:\/\/www.intellectualsovereignty.ch\/wp-content\/uploads\/2022\/05\/img_6447-768x576.jpg 768w, https:\/\/www.intellectualsovereignty.ch\/wp-content\/uploads\/2022\/05\/img_6447-1536x1152.jpg 1536w, https:\/\/www.intellectualsovereignty.ch\/wp-content\/uploads\/2022\/05\/img_6447-1870x1403.jpg 1870w, https:\/\/www.intellectualsovereignty.ch\/wp-content\/uploads\/2022\/05\/img_6447-400x300.jpg 400w, https:\/\/www.intellectualsovereignty.ch\/wp-content\/uploads\/2022\/05\/img_6447-800x600.jpg 800w\" sizes=\"auto, (max-width: 2000px) 100vw, 2000px\" \/><\/figure>\n<\/figure>\n\n\n\n<hr class=\"wp-block-separator has-alpha-channel-opacity\"\/>\n\n\n[sgpx gpx=\/wp-content\/uploads\/gpx\/2022-05-01_06-40-16_gc_8743709874.gpx ]\n","protected":false},"excerpt":{"rendered":"<p>Die Nacht war zugig, die sturmartigen Winde, die \u00fcber uns hinwegzogen, liessen das Totholz \u00e4chzen und knarzen, das Rauschen in den Baumkronen war teilweise ohrenbet\u00e4ubend. Im Nachhinein habe ich erfahren, dass diejenigen welche auf dem Grat oben \u00fcbernachtet haben, kaum zur Ruhe gekommen sind. Dann hatte ich ja Gl\u00fcck im Ungl\u00fcck\u2026 Ich stehe fr\u00fch auf, [&hellip;]<\/p>\n","protected":false},"author":1,"featured_media":4883,"comment_status":"open","ping_status":"open","sticky":false,"template":"","format":"standard","meta":{"_jetpack_newsletter_access":"","_jetpack_dont_email_post_to_subs":false,"_jetpack_newsletter_tier_id":0,"_jetpack_memberships_contains_paywalled_content":false,"_spotmap_latitude":"","_spotmap_longitude":"","_jetpack_feature_clip_id":0,"_jetpack_memberships_contains_paid_content":false,"footnotes":"","jetpack_post_was_ever_published":false},"categories":[3],"tags":[50,51],"class_list":["post-4818","post","type-post","status-publish","format-standard","has-post-thumbnail","hentry","category-hiking","tag-pct","tag-suedkalifornien","has-thumbnail"],"jetpack_shortlink":"https:\/\/wp.me\/p9IwFN-1fI","jetpack_likes_enabled":false,"jetpack_sharing_enabled":true,"jetpack_featured_media_url":"https:\/\/www.intellectualsovereignty.ch\/wp-content\/uploads\/2022\/05\/img_6445.jpg","_links":{"self":[{"href":"https:\/\/www.intellectualsovereignty.ch\/index.php\/wp-json\/wp\/v2\/posts\/4818","targetHints":{"allow":["GET"]}}],"collection":[{"href":"https:\/\/www.intellectualsovereignty.ch\/index.php\/wp-json\/wp\/v2\/posts"}],"about":[{"href":"https:\/\/www.intellectualsovereignty.ch\/index.php\/wp-json\/wp\/v2\/types\/post"}],"author":[{"embeddable":true,"href":"https:\/\/www.intellectualsovereignty.ch\/index.php\/wp-json\/wp\/v2\/users\/1"}],"replies":[{"embeddable":true,"href":"https:\/\/www.intellectualsovereignty.ch\/index.php\/wp-json\/wp\/v2\/comments?post=4818"}],"version-history":[{"count":8,"href":"https:\/\/www.intellectualsovereignty.ch\/index.php\/wp-json\/wp\/v2\/posts\/4818\/revisions"}],"predecessor-version":[{"id":13041,"href":"https:\/\/www.intellectualsovereignty.ch\/index.php\/wp-json\/wp\/v2\/posts\/4818\/revisions\/13041"}],"wp:featuredmedia":[{"embeddable":true,"href":"https:\/\/www.intellectualsovereignty.ch\/index.php\/wp-json\/wp\/v2\/media\/4883"}],"wp:attachment":[{"href":"https:\/\/www.intellectualsovereignty.ch\/index.php\/wp-json\/wp\/v2\/media?parent=4818"}],"wp:term":[{"taxonomy":"category","embeddable":true,"href":"https:\/\/www.intellectualsovereignty.ch\/index.php\/wp-json\/wp\/v2\/categories?post=4818"},{"taxonomy":"post_tag","embeddable":true,"href":"https:\/\/www.intellectualsovereignty.ch\/index.php\/wp-json\/wp\/v2\/tags?post=4818"}],"curies":[{"name":"wp","href":"https:\/\/api.w.org\/{rel}","templated":true}]}}