{"id":4779,"date":"2022-04-30T05:05:00","date_gmt":"2022-04-30T03:05:00","guid":{"rendered":"https:\/\/www.intellectualsovereignty.ch\/?p=4779"},"modified":"2024-11-24T20:09:56","modified_gmt":"2024-11-24T19:09:56","slug":"day8-marys-place-cedar-springs-km-235-263","status":"publish","type":"post","link":"https:\/\/www.intellectualsovereignty.ch\/index.php\/2022\/04\/30\/day8-marys-place-cedar-springs-km-235-263\/","title":{"rendered":"Day#8 \/ Mary\u2018s Place &#8211; Cedar Springs (km 235-263)"},"content":{"rendered":"\n<p class=\"wp-block-paragraph\">Seit \u00fcber einer Woche ern\u00e4hre ich mich aus meinem Foodbag, und heute steht ein ausgiebiges Fr\u00fchst\u00fcck im Paradise Valley Caf\u00e9 auf dem Plan, klar komme ich da z\u00fcgig aus den Federn. Noch scheint die Sonne nicht \u00fcberall auf den Trail, entsprechend angenehm k\u00fchl ist mein Start in den Tag. Ich passiere bellende Hunde, den 150 Mile-Marker, eine sandige Klippe und sehe auch den San Jacinto bereits n\u00e4her erscheinen, heute Abend werde ich auf einem seiner Ausl\u00e4ufer \u00fcbernachten\u2026 Im PVC (so wird das Caf\u00e9 abgek\u00fcrzt) bestelle ich mir Kaffee, einen O\u2018saft (Vitamine ahoi!) sowie typisch So\u2018Cal einen Breakfast-Burrito, zum Schluss gibt\u2018s noch ein St\u00fcck Apple-Pie mit Eiscr\u00e8me, lecker! Als ich mein Zeug f\u00fcrs Weitermarschieren parat mache tauchen Polizei, Ambulanz, Rettungshubschrauber auf, just ein wenig weiter als der Trailhead (zu dem ich zur\u00fccklaufen muss) hat sich ein t\u00f6dlicher Autounfall ereignet, alles wird &#8211; gekonnt und etwas amerikanisch-dramatisch &#8211; abgeriegelt. Also mache ich mich zu Fuss zum Trailhead\u2026<\/p>\n\n\n\n<figure class=\"wp-block-gallery has-nested-images columns-default is-cropped wp-block-gallery-1 is-layout-flex wp-block-gallery-is-layout-flex\">\n<figure class=\"wp-block-image\"><img loading=\"lazy\" decoding=\"async\" width=\"2000\" height=\"1500\" data-attachment-id=\"4775\" data-permalink=\"https:\/\/www.intellectualsovereignty.ch\/img_6329-2\/\" data-orig-file=\"https:\/\/www.intellectualsovereignty.ch\/wp-content\/uploads\/2022\/05\/img_6329-1.jpg\" data-orig-size=\"2000,1500\" data-comments-opened=\"0\" data-image-title=\"img_6329\" data-image-description=\"\" data-image-caption=\"\" data-large-file=\"https:\/\/www.intellectualsovereignty.ch\/wp-content\/uploads\/2022\/05\/img_6329-1-1024x768.jpg\" data-id=\"4775\" src=\"https:\/\/www.intellectualsovereignty.ch\/wp-content\/uploads\/2022\/05\/img_6329-1.jpg\" alt=\"\" class=\"wp-image-4775\" srcset=\"https:\/\/www.intellectualsovereignty.ch\/wp-content\/uploads\/2022\/05\/img_6329-1.jpg 2000w, https:\/\/www.intellectualsovereignty.ch\/wp-content\/uploads\/2022\/05\/img_6329-1-300x225.jpg 300w, https:\/\/www.intellectualsovereignty.ch\/wp-content\/uploads\/2022\/05\/img_6329-1-1024x768.jpg 1024w, https:\/\/www.intellectualsovereignty.ch\/wp-content\/uploads\/2022\/05\/img_6329-1-768x576.jpg 768w, https:\/\/www.intellectualsovereignty.ch\/wp-content\/uploads\/2022\/05\/img_6329-1-1536x1152.jpg 1536w, https:\/\/www.intellectualsovereignty.ch\/wp-content\/uploads\/2022\/05\/img_6329-1-1870x1403.jpg 1870w, https:\/\/www.intellectualsovereignty.ch\/wp-content\/uploads\/2022\/05\/img_6329-1-400x300.jpg 400w, https:\/\/www.intellectualsovereignty.ch\/wp-content\/uploads\/2022\/05\/img_6329-1-800x600.jpg 800w\" sizes=\"auto, (max-width: 2000px) 100vw, 2000px\" \/><\/figure>\n\n\n\n<figure class=\"wp-block-image\"><img loading=\"lazy\" decoding=\"async\" width=\"806\" height=\"2000\" data-attachment-id=\"4780\" data-permalink=\"https:\/\/www.intellectualsovereignty.ch\/index.php\/2022\/04\/30\/day8-marys-place-cedar-springs-km-235-263\/img_6330\/\" data-orig-file=\"https:\/\/www.intellectualsovereignty.ch\/wp-content\/uploads\/2022\/05\/img_6330.jpg\" data-orig-size=\"806,2000\" data-comments-opened=\"0\" data-image-title=\"img_6330\" data-image-description=\"\" data-image-caption=\"\" data-large-file=\"https:\/\/www.intellectualsovereignty.ch\/wp-content\/uploads\/2022\/05\/img_6330-413x1024.jpg\" data-id=\"4780\" src=\"https:\/\/www.intellectualsovereignty.ch\/wp-content\/uploads\/2022\/05\/img_6330.jpg\" alt=\"\" class=\"wp-image-4780\" srcset=\"https:\/\/www.intellectualsovereignty.ch\/wp-content\/uploads\/2022\/05\/img_6330.jpg 806w, https:\/\/www.intellectualsovereignty.ch\/wp-content\/uploads\/2022\/05\/img_6330-121x300.jpg 121w, https:\/\/www.intellectualsovereignty.ch\/wp-content\/uploads\/2022\/05\/img_6330-413x1024.jpg 413w, https:\/\/www.intellectualsovereignty.ch\/wp-content\/uploads\/2022\/05\/img_6330-768x1906.jpg 768w, https:\/\/www.intellectualsovereignty.ch\/wp-content\/uploads\/2022\/05\/img_6330-619x1536.jpg 619w, https:\/\/www.intellectualsovereignty.ch\/wp-content\/uploads\/2022\/05\/img_6330-400x993.jpg 400w, https:\/\/www.intellectualsovereignty.ch\/wp-content\/uploads\/2022\/05\/img_6330-800x1985.jpg 800w\" sizes=\"auto, (max-width: 806px) 100vw, 806px\" \/><\/figure>\n\n\n\n<figure class=\"wp-block-image\"><img loading=\"lazy\" decoding=\"async\" width=\"2000\" height=\"1500\" data-attachment-id=\"4781\" data-permalink=\"https:\/\/www.intellectualsovereignty.ch\/index.php\/2022\/04\/30\/day8-marys-place-cedar-springs-km-235-263\/img_6331\/\" data-orig-file=\"https:\/\/www.intellectualsovereignty.ch\/wp-content\/uploads\/2022\/05\/img_6331.jpg\" data-orig-size=\"2000,1500\" data-comments-opened=\"0\" data-image-title=\"img_6331\" data-image-description=\"\" data-image-caption=\"\" data-large-file=\"https:\/\/www.intellectualsovereignty.ch\/wp-content\/uploads\/2022\/05\/img_6331-1024x768.jpg\" data-id=\"4781\" src=\"https:\/\/www.intellectualsovereignty.ch\/wp-content\/uploads\/2022\/05\/img_6331.jpg\" alt=\"\" class=\"wp-image-4781\" srcset=\"https:\/\/www.intellectualsovereignty.ch\/wp-content\/uploads\/2022\/05\/img_6331.jpg 2000w, https:\/\/www.intellectualsovereignty.ch\/wp-content\/uploads\/2022\/05\/img_6331-300x225.jpg 300w, https:\/\/www.intellectualsovereignty.ch\/wp-content\/uploads\/2022\/05\/img_6331-1024x768.jpg 1024w, https:\/\/www.intellectualsovereignty.ch\/wp-content\/uploads\/2022\/05\/img_6331-768x576.jpg 768w, https:\/\/www.intellectualsovereignty.ch\/wp-content\/uploads\/2022\/05\/img_6331-1536x1152.jpg 1536w, https:\/\/www.intellectualsovereignty.ch\/wp-content\/uploads\/2022\/05\/img_6331-1870x1403.jpg 1870w, https:\/\/www.intellectualsovereignty.ch\/wp-content\/uploads\/2022\/05\/img_6331-400x300.jpg 400w, https:\/\/www.intellectualsovereignty.ch\/wp-content\/uploads\/2022\/05\/img_6331-800x600.jpg 800w\" sizes=\"auto, (max-width: 2000px) 100vw, 2000px\" \/><\/figure>\n\n\n\n<figure class=\"wp-block-image\"><img loading=\"lazy\" decoding=\"async\" width=\"2000\" height=\"1500\" data-attachment-id=\"4784\" data-permalink=\"https:\/\/www.intellectualsovereignty.ch\/index.php\/2022\/04\/30\/day8-marys-place-cedar-springs-km-235-263\/img_6332\/\" data-orig-file=\"https:\/\/www.intellectualsovereignty.ch\/wp-content\/uploads\/2022\/05\/img_6332.jpg\" data-orig-size=\"2000,1500\" data-comments-opened=\"0\" data-image-title=\"img_6332\" data-image-description=\"\" data-image-caption=\"\" data-large-file=\"https:\/\/www.intellectualsovereignty.ch\/wp-content\/uploads\/2022\/05\/img_6332-1024x768.jpg\" data-id=\"4784\" src=\"https:\/\/www.intellectualsovereignty.ch\/wp-content\/uploads\/2022\/05\/img_6332.jpg\" alt=\"\" class=\"wp-image-4784\" srcset=\"https:\/\/www.intellectualsovereignty.ch\/wp-content\/uploads\/2022\/05\/img_6332.jpg 2000w, https:\/\/www.intellectualsovereignty.ch\/wp-content\/uploads\/2022\/05\/img_6332-300x225.jpg 300w, https:\/\/www.intellectualsovereignty.ch\/wp-content\/uploads\/2022\/05\/img_6332-1024x768.jpg 1024w, https:\/\/www.intellectualsovereignty.ch\/wp-content\/uploads\/2022\/05\/img_6332-768x576.jpg 768w, https:\/\/www.intellectualsovereignty.ch\/wp-content\/uploads\/2022\/05\/img_6332-1536x1152.jpg 1536w, https:\/\/www.intellectualsovereignty.ch\/wp-content\/uploads\/2022\/05\/img_6332-1870x1403.jpg 1870w, https:\/\/www.intellectualsovereignty.ch\/wp-content\/uploads\/2022\/05\/img_6332-400x300.jpg 400w, https:\/\/www.intellectualsovereignty.ch\/wp-content\/uploads\/2022\/05\/img_6332-800x600.jpg 800w\" sizes=\"auto, (max-width: 2000px) 100vw, 2000px\" \/><\/figure>\n\n\n\n<figure class=\"wp-block-image\"><img loading=\"lazy\" decoding=\"async\" width=\"2000\" height=\"1500\" data-attachment-id=\"4783\" data-permalink=\"https:\/\/www.intellectualsovereignty.ch\/index.php\/2022\/04\/30\/day8-marys-place-cedar-springs-km-235-263\/img_6333\/\" data-orig-file=\"https:\/\/www.intellectualsovereignty.ch\/wp-content\/uploads\/2022\/05\/img_6333.jpg\" data-orig-size=\"2000,1500\" data-comments-opened=\"0\" data-image-title=\"img_6333\" data-image-description=\"\" data-image-caption=\"\" data-large-file=\"https:\/\/www.intellectualsovereignty.ch\/wp-content\/uploads\/2022\/05\/img_6333-1024x768.jpg\" data-id=\"4783\" src=\"https:\/\/www.intellectualsovereignty.ch\/wp-content\/uploads\/2022\/05\/img_6333.jpg\" alt=\"\" class=\"wp-image-4783\" srcset=\"https:\/\/www.intellectualsovereignty.ch\/wp-content\/uploads\/2022\/05\/img_6333.jpg 2000w, https:\/\/www.intellectualsovereignty.ch\/wp-content\/uploads\/2022\/05\/img_6333-300x225.jpg 300w, https:\/\/www.intellectualsovereignty.ch\/wp-content\/uploads\/2022\/05\/img_6333-1024x768.jpg 1024w, https:\/\/www.intellectualsovereignty.ch\/wp-content\/uploads\/2022\/05\/img_6333-768x576.jpg 768w, https:\/\/www.intellectualsovereignty.ch\/wp-content\/uploads\/2022\/05\/img_6333-1536x1152.jpg 1536w, https:\/\/www.intellectualsovereignty.ch\/wp-content\/uploads\/2022\/05\/img_6333-1870x1403.jpg 1870w, https:\/\/www.intellectualsovereignty.ch\/wp-content\/uploads\/2022\/05\/img_6333-400x300.jpg 400w, https:\/\/www.intellectualsovereignty.ch\/wp-content\/uploads\/2022\/05\/img_6333-800x600.jpg 800w\" sizes=\"auto, (max-width: 2000px) 100vw, 2000px\" \/><\/figure>\n\n\n\n<figure class=\"wp-block-image\"><img loading=\"lazy\" decoding=\"async\" width=\"1500\" height=\"2000\" data-attachment-id=\"4785\" data-permalink=\"https:\/\/www.intellectualsovereignty.ch\/index.php\/2022\/04\/30\/day8-marys-place-cedar-springs-km-235-263\/img_6334\/\" data-orig-file=\"https:\/\/www.intellectualsovereignty.ch\/wp-content\/uploads\/2022\/05\/img_6334.jpg\" data-orig-size=\"1500,2000\" data-comments-opened=\"0\" data-image-title=\"img_6334\" data-image-description=\"\" data-image-caption=\"\" data-large-file=\"https:\/\/www.intellectualsovereignty.ch\/wp-content\/uploads\/2022\/05\/img_6334-768x1024.jpg\" data-id=\"4785\" src=\"https:\/\/www.intellectualsovereignty.ch\/wp-content\/uploads\/2022\/05\/img_6334.jpg\" alt=\"\" class=\"wp-image-4785\" srcset=\"https:\/\/www.intellectualsovereignty.ch\/wp-content\/uploads\/2022\/05\/img_6334.jpg 1500w, https:\/\/www.intellectualsovereignty.ch\/wp-content\/uploads\/2022\/05\/img_6334-225x300.jpg 225w, https:\/\/www.intellectualsovereignty.ch\/wp-content\/uploads\/2022\/05\/img_6334-768x1024.jpg 768w, https:\/\/www.intellectualsovereignty.ch\/wp-content\/uploads\/2022\/05\/img_6334-1152x1536.jpg 1152w, https:\/\/www.intellectualsovereignty.ch\/wp-content\/uploads\/2022\/05\/img_6334-400x533.jpg 400w, https:\/\/www.intellectualsovereignty.ch\/wp-content\/uploads\/2022\/05\/img_6334-800x1067.jpg 800w\" sizes=\"auto, (max-width: 1500px) 100vw, 1500px\" \/><\/figure>\n\n\n\n<figure class=\"wp-block-image\"><img loading=\"lazy\" decoding=\"async\" width=\"2000\" height=\"1502\" data-attachment-id=\"4782\" data-permalink=\"https:\/\/www.intellectualsovereignty.ch\/index.php\/2022\/04\/30\/day8-marys-place-cedar-springs-km-235-263\/img_6335\/\" data-orig-file=\"https:\/\/www.intellectualsovereignty.ch\/wp-content\/uploads\/2022\/05\/img_6335.jpg\" data-orig-size=\"2000,1502\" data-comments-opened=\"0\" data-image-title=\"img_6335\" data-image-description=\"\" data-image-caption=\"\" data-large-file=\"https:\/\/www.intellectualsovereignty.ch\/wp-content\/uploads\/2022\/05\/img_6335-1024x769.jpg\" data-id=\"4782\" src=\"https:\/\/www.intellectualsovereignty.ch\/wp-content\/uploads\/2022\/05\/img_6335.jpg\" alt=\"\" class=\"wp-image-4782\" srcset=\"https:\/\/www.intellectualsovereignty.ch\/wp-content\/uploads\/2022\/05\/img_6335.jpg 2000w, https:\/\/www.intellectualsovereignty.ch\/wp-content\/uploads\/2022\/05\/img_6335-300x225.jpg 300w, https:\/\/www.intellectualsovereignty.ch\/wp-content\/uploads\/2022\/05\/img_6335-1024x769.jpg 1024w, https:\/\/www.intellectualsovereignty.ch\/wp-content\/uploads\/2022\/05\/img_6335-768x577.jpg 768w, https:\/\/www.intellectualsovereignty.ch\/wp-content\/uploads\/2022\/05\/img_6335-1536x1154.jpg 1536w, https:\/\/www.intellectualsovereignty.ch\/wp-content\/uploads\/2022\/05\/img_6335-1870x1404.jpg 1870w, https:\/\/www.intellectualsovereignty.ch\/wp-content\/uploads\/2022\/05\/img_6335-400x300.jpg 400w, https:\/\/www.intellectualsovereignty.ch\/wp-content\/uploads\/2022\/05\/img_6335-800x601.jpg 800w\" sizes=\"auto, (max-width: 2000px) 100vw, 2000px\" \/><\/figure>\n\n\n\n<figure class=\"wp-block-image\"><img loading=\"lazy\" decoding=\"async\" width=\"1500\" height=\"2000\" data-attachment-id=\"4786\" data-permalink=\"https:\/\/www.intellectualsovereignty.ch\/index.php\/2022\/04\/30\/day8-marys-place-cedar-springs-km-235-263\/img_6336\/\" data-orig-file=\"https:\/\/www.intellectualsovereignty.ch\/wp-content\/uploads\/2022\/05\/img_6336.jpg\" data-orig-size=\"1500,2000\" data-comments-opened=\"0\" data-image-title=\"img_6336\" data-image-description=\"\" data-image-caption=\"\" data-large-file=\"https:\/\/www.intellectualsovereignty.ch\/wp-content\/uploads\/2022\/05\/img_6336-768x1024.jpg\" data-id=\"4786\" src=\"https:\/\/www.intellectualsovereignty.ch\/wp-content\/uploads\/2022\/05\/img_6336.jpg\" alt=\"\" class=\"wp-image-4786\" srcset=\"https:\/\/www.intellectualsovereignty.ch\/wp-content\/uploads\/2022\/05\/img_6336.jpg 1500w, https:\/\/www.intellectualsovereignty.ch\/wp-content\/uploads\/2022\/05\/img_6336-225x300.jpg 225w, https:\/\/www.intellectualsovereignty.ch\/wp-content\/uploads\/2022\/05\/img_6336-768x1024.jpg 768w, https:\/\/www.intellectualsovereignty.ch\/wp-content\/uploads\/2022\/05\/img_6336-1152x1536.jpg 1152w, https:\/\/www.intellectualsovereignty.ch\/wp-content\/uploads\/2022\/05\/img_6336-400x533.jpg 400w, https:\/\/www.intellectualsovereignty.ch\/wp-content\/uploads\/2022\/05\/img_6336-800x1067.jpg 800w\" sizes=\"auto, (max-width: 1500px) 100vw, 1500px\" \/><\/figure>\n\n\n\n<figure class=\"wp-block-image\"><img loading=\"lazy\" decoding=\"async\" width=\"2000\" height=\"1500\" data-attachment-id=\"4790\" data-permalink=\"https:\/\/www.intellectualsovereignty.ch\/index.php\/2022\/04\/30\/day8-marys-place-cedar-springs-km-235-263\/img_6338\/\" data-orig-file=\"https:\/\/www.intellectualsovereignty.ch\/wp-content\/uploads\/2022\/05\/img_6338.jpg\" data-orig-size=\"2000,1500\" data-comments-opened=\"0\" data-image-title=\"img_6338\" data-image-description=\"\" data-image-caption=\"\" data-large-file=\"https:\/\/www.intellectualsovereignty.ch\/wp-content\/uploads\/2022\/05\/img_6338-1024x768.jpg\" data-id=\"4790\" src=\"https:\/\/www.intellectualsovereignty.ch\/wp-content\/uploads\/2022\/05\/img_6338.jpg\" alt=\"\" class=\"wp-image-4790\" srcset=\"https:\/\/www.intellectualsovereignty.ch\/wp-content\/uploads\/2022\/05\/img_6338.jpg 2000w, https:\/\/www.intellectualsovereignty.ch\/wp-content\/uploads\/2022\/05\/img_6338-300x225.jpg 300w, https:\/\/www.intellectualsovereignty.ch\/wp-content\/uploads\/2022\/05\/img_6338-1024x768.jpg 1024w, https:\/\/www.intellectualsovereignty.ch\/wp-content\/uploads\/2022\/05\/img_6338-768x576.jpg 768w, https:\/\/www.intellectualsovereignty.ch\/wp-content\/uploads\/2022\/05\/img_6338-1536x1152.jpg 1536w, https:\/\/www.intellectualsovereignty.ch\/wp-content\/uploads\/2022\/05\/img_6338-1870x1403.jpg 1870w, https:\/\/www.intellectualsovereignty.ch\/wp-content\/uploads\/2022\/05\/img_6338-400x300.jpg 400w, https:\/\/www.intellectualsovereignty.ch\/wp-content\/uploads\/2022\/05\/img_6338-800x600.jpg 800w\" sizes=\"auto, (max-width: 2000px) 100vw, 2000px\" \/><\/figure>\n\n\n\n<figure class=\"wp-block-image\"><img loading=\"lazy\" decoding=\"async\" width=\"2000\" height=\"990\" data-attachment-id=\"4788\" data-permalink=\"https:\/\/www.intellectualsovereignty.ch\/index.php\/2022\/04\/30\/day8-marys-place-cedar-springs-km-235-263\/img_6339\/\" data-orig-file=\"https:\/\/www.intellectualsovereignty.ch\/wp-content\/uploads\/2022\/05\/img_6339.jpg\" data-orig-size=\"2000,990\" data-comments-opened=\"0\" data-image-title=\"img_6339\" data-image-description=\"\" data-image-caption=\"\" data-large-file=\"https:\/\/www.intellectualsovereignty.ch\/wp-content\/uploads\/2022\/05\/img_6339-1024x507.jpg\" data-id=\"4788\" src=\"https:\/\/www.intellectualsovereignty.ch\/wp-content\/uploads\/2022\/05\/img_6339.jpg\" alt=\"\" class=\"wp-image-4788\" srcset=\"https:\/\/www.intellectualsovereignty.ch\/wp-content\/uploads\/2022\/05\/img_6339.jpg 2000w, https:\/\/www.intellectualsovereignty.ch\/wp-content\/uploads\/2022\/05\/img_6339-300x149.jpg 300w, https:\/\/www.intellectualsovereignty.ch\/wp-content\/uploads\/2022\/05\/img_6339-1024x507.jpg 1024w, https:\/\/www.intellectualsovereignty.ch\/wp-content\/uploads\/2022\/05\/img_6339-768x380.jpg 768w, https:\/\/www.intellectualsovereignty.ch\/wp-content\/uploads\/2022\/05\/img_6339-1536x760.jpg 1536w, https:\/\/www.intellectualsovereignty.ch\/wp-content\/uploads\/2022\/05\/img_6339-1870x926.jpg 1870w, https:\/\/www.intellectualsovereignty.ch\/wp-content\/uploads\/2022\/05\/img_6339-400x198.jpg 400w, https:\/\/www.intellectualsovereignty.ch\/wp-content\/uploads\/2022\/05\/img_6339-800x396.jpg 800w\" sizes=\"auto, (max-width: 2000px) 100vw, 2000px\" \/><\/figure>\n\n\n\n<figure class=\"wp-block-image\"><img loading=\"lazy\" decoding=\"async\" width=\"1500\" height=\"2000\" data-attachment-id=\"4787\" data-permalink=\"https:\/\/www.intellectualsovereignty.ch\/index.php\/2022\/04\/30\/day8-marys-place-cedar-springs-km-235-263\/img_6340\/\" data-orig-file=\"https:\/\/www.intellectualsovereignty.ch\/wp-content\/uploads\/2022\/05\/img_6340.jpg\" data-orig-size=\"1500,2000\" data-comments-opened=\"0\" data-image-title=\"img_6340\" data-image-description=\"\" data-image-caption=\"\" data-large-file=\"https:\/\/www.intellectualsovereignty.ch\/wp-content\/uploads\/2022\/05\/img_6340-768x1024.jpg\" data-id=\"4787\" src=\"https:\/\/www.intellectualsovereignty.ch\/wp-content\/uploads\/2022\/05\/img_6340.jpg\" alt=\"\" class=\"wp-image-4787\" srcset=\"https:\/\/www.intellectualsovereignty.ch\/wp-content\/uploads\/2022\/05\/img_6340.jpg 1500w, https:\/\/www.intellectualsovereignty.ch\/wp-content\/uploads\/2022\/05\/img_6340-225x300.jpg 225w, https:\/\/www.intellectualsovereignty.ch\/wp-content\/uploads\/2022\/05\/img_6340-768x1024.jpg 768w, https:\/\/www.intellectualsovereignty.ch\/wp-content\/uploads\/2022\/05\/img_6340-1152x1536.jpg 1152w, https:\/\/www.intellectualsovereignty.ch\/wp-content\/uploads\/2022\/05\/img_6340-400x533.jpg 400w, https:\/\/www.intellectualsovereignty.ch\/wp-content\/uploads\/2022\/05\/img_6340-800x1067.jpg 800w\" sizes=\"auto, (max-width: 1500px) 100vw, 1500px\" \/><\/figure>\n\n\n\n<figure class=\"wp-block-image\"><img loading=\"lazy\" decoding=\"async\" width=\"2000\" height=\"1500\" data-attachment-id=\"4789\" data-permalink=\"https:\/\/www.intellectualsovereignty.ch\/index.php\/2022\/04\/30\/day8-marys-place-cedar-springs-km-235-263\/img_6341\/\" data-orig-file=\"https:\/\/www.intellectualsovereignty.ch\/wp-content\/uploads\/2022\/05\/img_6341.jpg\" data-orig-size=\"2000,1500\" data-comments-opened=\"0\" data-image-title=\"img_6341\" data-image-description=\"\" data-image-caption=\"\" data-large-file=\"https:\/\/www.intellectualsovereignty.ch\/wp-content\/uploads\/2022\/05\/img_6341-1024x768.jpg\" data-id=\"4789\" src=\"https:\/\/www.intellectualsovereignty.ch\/wp-content\/uploads\/2022\/05\/img_6341.jpg\" alt=\"\" class=\"wp-image-4789\" srcset=\"https:\/\/www.intellectualsovereignty.ch\/wp-content\/uploads\/2022\/05\/img_6341.jpg 2000w, https:\/\/www.intellectualsovereignty.ch\/wp-content\/uploads\/2022\/05\/img_6341-300x225.jpg 300w, https:\/\/www.intellectualsovereignty.ch\/wp-content\/uploads\/2022\/05\/img_6341-1024x768.jpg 1024w, https:\/\/www.intellectualsovereignty.ch\/wp-content\/uploads\/2022\/05\/img_6341-768x576.jpg 768w, https:\/\/www.intellectualsovereignty.ch\/wp-content\/uploads\/2022\/05\/img_6341-1536x1152.jpg 1536w, https:\/\/www.intellectualsovereignty.ch\/wp-content\/uploads\/2022\/05\/img_6341-1870x1403.jpg 1870w, https:\/\/www.intellectualsovereignty.ch\/wp-content\/uploads\/2022\/05\/img_6341-400x300.jpg 400w, https:\/\/www.intellectualsovereignty.ch\/wp-content\/uploads\/2022\/05\/img_6341-800x600.jpg 800w\" sizes=\"auto, (max-width: 2000px) 100vw, 2000px\" \/><\/figure>\n\n\n\n<figure class=\"wp-block-image\"><img loading=\"lazy\" decoding=\"async\" width=\"2000\" height=\"1500\" data-attachment-id=\"4791\" data-permalink=\"https:\/\/www.intellectualsovereignty.ch\/index.php\/2022\/04\/30\/day8-marys-place-cedar-springs-km-235-263\/img_6342\/\" data-orig-file=\"https:\/\/www.intellectualsovereignty.ch\/wp-content\/uploads\/2022\/05\/img_6342.jpg\" data-orig-size=\"2000,1500\" data-comments-opened=\"0\" data-image-title=\"img_6342\" data-image-description=\"\" data-image-caption=\"\" data-large-file=\"https:\/\/www.intellectualsovereignty.ch\/wp-content\/uploads\/2022\/05\/img_6342-1024x768.jpg\" data-id=\"4791\" src=\"https:\/\/www.intellectualsovereignty.ch\/wp-content\/uploads\/2022\/05\/img_6342.jpg\" alt=\"\" class=\"wp-image-4791\" srcset=\"https:\/\/www.intellectualsovereignty.ch\/wp-content\/uploads\/2022\/05\/img_6342.jpg 2000w, https:\/\/www.intellectualsovereignty.ch\/wp-content\/uploads\/2022\/05\/img_6342-300x225.jpg 300w, https:\/\/www.intellectualsovereignty.ch\/wp-content\/uploads\/2022\/05\/img_6342-1024x768.jpg 1024w, https:\/\/www.intellectualsovereignty.ch\/wp-content\/uploads\/2022\/05\/img_6342-768x576.jpg 768w, https:\/\/www.intellectualsovereignty.ch\/wp-content\/uploads\/2022\/05\/img_6342-1536x1152.jpg 1536w, https:\/\/www.intellectualsovereignty.ch\/wp-content\/uploads\/2022\/05\/img_6342-1870x1403.jpg 1870w, https:\/\/www.intellectualsovereignty.ch\/wp-content\/uploads\/2022\/05\/img_6342-400x300.jpg 400w, https:\/\/www.intellectualsovereignty.ch\/wp-content\/uploads\/2022\/05\/img_6342-800x600.jpg 800w\" sizes=\"auto, (max-width: 2000px) 100vw, 2000px\" \/><\/figure>\n<\/figure>\n\n\n\n<p class=\"wp-block-paragraph\">Der n\u00e4chste Trail-Abschnitt ist einer der bisher sch\u00f6nsten, startet er doch im gewohnten W\u00fcstencharme, je h\u00f6her er sich hochwindet gesellen sich mehr und mehr m\u00e4chtige Kiefern (mit ihren Pine Cones) dazu, deren Duft finde ich schlichtweg bet\u00f6rend. Unterwegs begegne ich noch einer h\u00fcbschen Schlange, leider war\u2018s auch die einzige heute. Zum Schluss des Nachmittags er\u00f6ffnet sich mir noch der Ausblick auf Palm Springs und die dahinterliegende W\u00fcste. Mein Nachtlager schlage ich im abgeschiedenen Cedar Springs auf, einer d\u00fcrftigen Wasserquelle mit ein paar wenigen Zeltpl\u00e4tzen, umgeben von sehr viel Totholz, nicht ganz ungef\u00e4hrlich, da der Wind fast sturmartig aufzieht. Auf dass die kennengelernten Boyscouts mit ihren Betreuern nicht von einem Widowmaker Schaden davontragen, na dann gute Nacht! \ud83e\udd28<\/p>\n\n\n\n<figure class=\"wp-block-gallery has-nested-images columns-default is-cropped wp-block-gallery-2 is-layout-flex wp-block-gallery-is-layout-flex\">\n<figure class=\"wp-block-image\"><img loading=\"lazy\" decoding=\"async\" width=\"2000\" height=\"1500\" data-attachment-id=\"4776\" data-permalink=\"https:\/\/www.intellectualsovereignty.ch\/img_6343\/\" data-orig-file=\"https:\/\/www.intellectualsovereignty.ch\/wp-content\/uploads\/2022\/05\/img_6343.jpg\" data-orig-size=\"2000,1500\" data-comments-opened=\"0\" data-image-title=\"img_6343\" data-image-description=\"\" data-image-caption=\"\" data-large-file=\"https:\/\/www.intellectualsovereignty.ch\/wp-content\/uploads\/2022\/05\/img_6343-1024x768.jpg\" data-id=\"4776\" src=\"https:\/\/www.intellectualsovereignty.ch\/wp-content\/uploads\/2022\/05\/img_6343.jpg\" alt=\"\" class=\"wp-image-4776\" srcset=\"https:\/\/www.intellectualsovereignty.ch\/wp-content\/uploads\/2022\/05\/img_6343.jpg 2000w, https:\/\/www.intellectualsovereignty.ch\/wp-content\/uploads\/2022\/05\/img_6343-300x225.jpg 300w, https:\/\/www.intellectualsovereignty.ch\/wp-content\/uploads\/2022\/05\/img_6343-1024x768.jpg 1024w, https:\/\/www.intellectualsovereignty.ch\/wp-content\/uploads\/2022\/05\/img_6343-768x576.jpg 768w, https:\/\/www.intellectualsovereignty.ch\/wp-content\/uploads\/2022\/05\/img_6343-1536x1152.jpg 1536w, https:\/\/www.intellectualsovereignty.ch\/wp-content\/uploads\/2022\/05\/img_6343-1870x1403.jpg 1870w, https:\/\/www.intellectualsovereignty.ch\/wp-content\/uploads\/2022\/05\/img_6343-400x300.jpg 400w, https:\/\/www.intellectualsovereignty.ch\/wp-content\/uploads\/2022\/05\/img_6343-800x600.jpg 800w\" sizes=\"auto, (max-width: 2000px) 100vw, 2000px\" \/><\/figure>\n\n\n\n<figure class=\"wp-block-image\"><img loading=\"lazy\" decoding=\"async\" width=\"2000\" height=\"1096\" data-attachment-id=\"4792\" data-permalink=\"https:\/\/www.intellectualsovereignty.ch\/index.php\/2022\/04\/30\/day8-marys-place-cedar-springs-km-235-263\/img_6344\/\" data-orig-file=\"https:\/\/www.intellectualsovereignty.ch\/wp-content\/uploads\/2022\/05\/img_6344.jpg\" data-orig-size=\"2000,1096\" data-comments-opened=\"0\" data-image-title=\"img_6344\" data-image-description=\"\" data-image-caption=\"\" data-large-file=\"https:\/\/www.intellectualsovereignty.ch\/wp-content\/uploads\/2022\/05\/img_6344-1024x561.jpg\" data-id=\"4792\" src=\"https:\/\/www.intellectualsovereignty.ch\/wp-content\/uploads\/2022\/05\/img_6344.jpg\" alt=\"\" class=\"wp-image-4792\" srcset=\"https:\/\/www.intellectualsovereignty.ch\/wp-content\/uploads\/2022\/05\/img_6344.jpg 2000w, https:\/\/www.intellectualsovereignty.ch\/wp-content\/uploads\/2022\/05\/img_6344-300x164.jpg 300w, https:\/\/www.intellectualsovereignty.ch\/wp-content\/uploads\/2022\/05\/img_6344-1024x561.jpg 1024w, https:\/\/www.intellectualsovereignty.ch\/wp-content\/uploads\/2022\/05\/img_6344-768x421.jpg 768w, https:\/\/www.intellectualsovereignty.ch\/wp-content\/uploads\/2022\/05\/img_6344-1536x842.jpg 1536w, https:\/\/www.intellectualsovereignty.ch\/wp-content\/uploads\/2022\/05\/img_6344-1870x1025.jpg 1870w, https:\/\/www.intellectualsovereignty.ch\/wp-content\/uploads\/2022\/05\/img_6344-400x219.jpg 400w, https:\/\/www.intellectualsovereignty.ch\/wp-content\/uploads\/2022\/05\/img_6344-800x438.jpg 800w\" sizes=\"auto, (max-width: 2000px) 100vw, 2000px\" \/><\/figure>\n\n\n\n<figure class=\"wp-block-image\"><img loading=\"lazy\" decoding=\"async\" width=\"2000\" height=\"1500\" data-attachment-id=\"4793\" data-permalink=\"https:\/\/www.intellectualsovereignty.ch\/index.php\/2022\/04\/30\/day8-marys-place-cedar-springs-km-235-263\/img_6345\/\" data-orig-file=\"https:\/\/www.intellectualsovereignty.ch\/wp-content\/uploads\/2022\/05\/img_6345.jpg\" data-orig-size=\"2000,1500\" data-comments-opened=\"0\" data-image-title=\"img_6345\" data-image-description=\"\" data-image-caption=\"\" data-large-file=\"https:\/\/www.intellectualsovereignty.ch\/wp-content\/uploads\/2022\/05\/img_6345-1024x768.jpg\" data-id=\"4793\" src=\"https:\/\/www.intellectualsovereignty.ch\/wp-content\/uploads\/2022\/05\/img_6345.jpg\" alt=\"\" class=\"wp-image-4793\" srcset=\"https:\/\/www.intellectualsovereignty.ch\/wp-content\/uploads\/2022\/05\/img_6345.jpg 2000w, https:\/\/www.intellectualsovereignty.ch\/wp-content\/uploads\/2022\/05\/img_6345-300x225.jpg 300w, https:\/\/www.intellectualsovereignty.ch\/wp-content\/uploads\/2022\/05\/img_6345-1024x768.jpg 1024w, https:\/\/www.intellectualsovereignty.ch\/wp-content\/uploads\/2022\/05\/img_6345-768x576.jpg 768w, https:\/\/www.intellectualsovereignty.ch\/wp-content\/uploads\/2022\/05\/img_6345-1536x1152.jpg 1536w, https:\/\/www.intellectualsovereignty.ch\/wp-content\/uploads\/2022\/05\/img_6345-1870x1403.jpg 1870w, https:\/\/www.intellectualsovereignty.ch\/wp-content\/uploads\/2022\/05\/img_6345-400x300.jpg 400w, https:\/\/www.intellectualsovereignty.ch\/wp-content\/uploads\/2022\/05\/img_6345-800x600.jpg 800w\" sizes=\"auto, (max-width: 2000px) 100vw, 2000px\" \/><\/figure>\n\n\n\n<figure class=\"wp-block-image\"><img loading=\"lazy\" decoding=\"async\" width=\"2000\" height=\"1500\" data-attachment-id=\"4796\" data-permalink=\"https:\/\/www.intellectualsovereignty.ch\/index.php\/2022\/04\/30\/day8-marys-place-cedar-springs-km-235-263\/img_6346\/\" data-orig-file=\"https:\/\/www.intellectualsovereignty.ch\/wp-content\/uploads\/2022\/05\/img_6346.jpg\" data-orig-size=\"2000,1500\" data-comments-opened=\"0\" data-image-title=\"img_6346\" data-image-description=\"\" data-image-caption=\"\" data-large-file=\"https:\/\/www.intellectualsovereignty.ch\/wp-content\/uploads\/2022\/05\/img_6346-1024x768.jpg\" data-id=\"4796\" src=\"https:\/\/www.intellectualsovereignty.ch\/wp-content\/uploads\/2022\/05\/img_6346.jpg\" alt=\"\" class=\"wp-image-4796\" srcset=\"https:\/\/www.intellectualsovereignty.ch\/wp-content\/uploads\/2022\/05\/img_6346.jpg 2000w, https:\/\/www.intellectualsovereignty.ch\/wp-content\/uploads\/2022\/05\/img_6346-300x225.jpg 300w, https:\/\/www.intellectualsovereignty.ch\/wp-content\/uploads\/2022\/05\/img_6346-1024x768.jpg 1024w, https:\/\/www.intellectualsovereignty.ch\/wp-content\/uploads\/2022\/05\/img_6346-768x576.jpg 768w, https:\/\/www.intellectualsovereignty.ch\/wp-content\/uploads\/2022\/05\/img_6346-1536x1152.jpg 1536w, https:\/\/www.intellectualsovereignty.ch\/wp-content\/uploads\/2022\/05\/img_6346-1870x1403.jpg 1870w, https:\/\/www.intellectualsovereignty.ch\/wp-content\/uploads\/2022\/05\/img_6346-400x300.jpg 400w, https:\/\/www.intellectualsovereignty.ch\/wp-content\/uploads\/2022\/05\/img_6346-800x600.jpg 800w\" sizes=\"auto, (max-width: 2000px) 100vw, 2000px\" \/><\/figure>\n\n\n\n<figure class=\"wp-block-image\"><img loading=\"lazy\" decoding=\"async\" width=\"2000\" height=\"1500\" data-attachment-id=\"4795\" data-permalink=\"https:\/\/www.intellectualsovereignty.ch\/index.php\/2022\/04\/30\/day8-marys-place-cedar-springs-km-235-263\/img_6347\/\" data-orig-file=\"https:\/\/www.intellectualsovereignty.ch\/wp-content\/uploads\/2022\/05\/img_6347.jpg\" data-orig-size=\"2000,1500\" data-comments-opened=\"0\" data-image-title=\"img_6347\" data-image-description=\"\" data-image-caption=\"\" data-large-file=\"https:\/\/www.intellectualsovereignty.ch\/wp-content\/uploads\/2022\/05\/img_6347-1024x768.jpg\" data-id=\"4795\" src=\"https:\/\/www.intellectualsovereignty.ch\/wp-content\/uploads\/2022\/05\/img_6347.jpg\" alt=\"\" class=\"wp-image-4795\" srcset=\"https:\/\/www.intellectualsovereignty.ch\/wp-content\/uploads\/2022\/05\/img_6347.jpg 2000w, https:\/\/www.intellectualsovereignty.ch\/wp-content\/uploads\/2022\/05\/img_6347-300x225.jpg 300w, https:\/\/www.intellectualsovereignty.ch\/wp-content\/uploads\/2022\/05\/img_6347-1024x768.jpg 1024w, https:\/\/www.intellectualsovereignty.ch\/wp-content\/uploads\/2022\/05\/img_6347-768x576.jpg 768w, https:\/\/www.intellectualsovereignty.ch\/wp-content\/uploads\/2022\/05\/img_6347-1536x1152.jpg 1536w, https:\/\/www.intellectualsovereignty.ch\/wp-content\/uploads\/2022\/05\/img_6347-1870x1403.jpg 1870w, https:\/\/www.intellectualsovereignty.ch\/wp-content\/uploads\/2022\/05\/img_6347-400x300.jpg 400w, https:\/\/www.intellectualsovereignty.ch\/wp-content\/uploads\/2022\/05\/img_6347-800x600.jpg 800w\" sizes=\"auto, (max-width: 2000px) 100vw, 2000px\" \/><\/figure>\n\n\n\n<figure class=\"wp-block-image\"><img loading=\"lazy\" decoding=\"async\" width=\"2000\" height=\"976\" data-attachment-id=\"4794\" data-permalink=\"https:\/\/www.intellectualsovereignty.ch\/index.php\/2022\/04\/30\/day8-marys-place-cedar-springs-km-235-263\/img_6348\/\" data-orig-file=\"https:\/\/www.intellectualsovereignty.ch\/wp-content\/uploads\/2022\/05\/img_6348.jpg\" data-orig-size=\"2000,976\" data-comments-opened=\"0\" data-image-title=\"img_6348\" data-image-description=\"\" data-image-caption=\"\" data-large-file=\"https:\/\/www.intellectualsovereignty.ch\/wp-content\/uploads\/2022\/05\/img_6348-1024x500.jpg\" data-id=\"4794\" src=\"https:\/\/www.intellectualsovereignty.ch\/wp-content\/uploads\/2022\/05\/img_6348.jpg\" alt=\"\" class=\"wp-image-4794\" srcset=\"https:\/\/www.intellectualsovereignty.ch\/wp-content\/uploads\/2022\/05\/img_6348.jpg 2000w, https:\/\/www.intellectualsovereignty.ch\/wp-content\/uploads\/2022\/05\/img_6348-300x146.jpg 300w, https:\/\/www.intellectualsovereignty.ch\/wp-content\/uploads\/2022\/05\/img_6348-1024x500.jpg 1024w, https:\/\/www.intellectualsovereignty.ch\/wp-content\/uploads\/2022\/05\/img_6348-768x375.jpg 768w, https:\/\/www.intellectualsovereignty.ch\/wp-content\/uploads\/2022\/05\/img_6348-1536x750.jpg 1536w, https:\/\/www.intellectualsovereignty.ch\/wp-content\/uploads\/2022\/05\/img_6348-1870x913.jpg 1870w, https:\/\/www.intellectualsovereignty.ch\/wp-content\/uploads\/2022\/05\/img_6348-400x195.jpg 400w, https:\/\/www.intellectualsovereignty.ch\/wp-content\/uploads\/2022\/05\/img_6348-800x390.jpg 800w\" sizes=\"auto, (max-width: 2000px) 100vw, 2000px\" \/><\/figure>\n\n\n\n<figure class=\"wp-block-image\"><img loading=\"lazy\" decoding=\"async\" width=\"2000\" height=\"1062\" data-attachment-id=\"4797\" data-permalink=\"https:\/\/www.intellectualsovereignty.ch\/index.php\/2022\/04\/30\/day8-marys-place-cedar-springs-km-235-263\/img_6349\/\" data-orig-file=\"https:\/\/www.intellectualsovereignty.ch\/wp-content\/uploads\/2022\/05\/img_6349.jpg\" data-orig-size=\"2000,1062\" data-comments-opened=\"0\" data-image-title=\"img_6349\" data-image-description=\"\" data-image-caption=\"\" data-large-file=\"https:\/\/www.intellectualsovereignty.ch\/wp-content\/uploads\/2022\/05\/img_6349-1024x544.jpg\" data-id=\"4797\" src=\"https:\/\/www.intellectualsovereignty.ch\/wp-content\/uploads\/2022\/05\/img_6349.jpg\" alt=\"\" class=\"wp-image-4797\" srcset=\"https:\/\/www.intellectualsovereignty.ch\/wp-content\/uploads\/2022\/05\/img_6349.jpg 2000w, https:\/\/www.intellectualsovereignty.ch\/wp-content\/uploads\/2022\/05\/img_6349-300x159.jpg 300w, https:\/\/www.intellectualsovereignty.ch\/wp-content\/uploads\/2022\/05\/img_6349-1024x544.jpg 1024w, https:\/\/www.intellectualsovereignty.ch\/wp-content\/uploads\/2022\/05\/img_6349-768x408.jpg 768w, https:\/\/www.intellectualsovereignty.ch\/wp-content\/uploads\/2022\/05\/img_6349-1536x816.jpg 1536w, https:\/\/www.intellectualsovereignty.ch\/wp-content\/uploads\/2022\/05\/img_6349-1870x993.jpg 1870w, https:\/\/www.intellectualsovereignty.ch\/wp-content\/uploads\/2022\/05\/img_6349-400x212.jpg 400w, https:\/\/www.intellectualsovereignty.ch\/wp-content\/uploads\/2022\/05\/img_6349-800x425.jpg 800w\" sizes=\"auto, (max-width: 2000px) 100vw, 2000px\" \/><\/figure>\n\n\n\n<figure class=\"wp-block-image\"><img loading=\"lazy\" decoding=\"async\" width=\"1500\" height=\"2000\" data-attachment-id=\"4798\" data-permalink=\"https:\/\/www.intellectualsovereignty.ch\/index.php\/2022\/04\/30\/day8-marys-place-cedar-springs-km-235-263\/img_6350\/\" data-orig-file=\"https:\/\/www.intellectualsovereignty.ch\/wp-content\/uploads\/2022\/05\/img_6350.jpg\" data-orig-size=\"1500,2000\" data-comments-opened=\"0\" data-image-title=\"img_6350\" data-image-description=\"\" data-image-caption=\"\" data-large-file=\"https:\/\/www.intellectualsovereignty.ch\/wp-content\/uploads\/2022\/05\/img_6350-768x1024.jpg\" data-id=\"4798\" src=\"https:\/\/www.intellectualsovereignty.ch\/wp-content\/uploads\/2022\/05\/img_6350.jpg\" alt=\"\" class=\"wp-image-4798\" srcset=\"https:\/\/www.intellectualsovereignty.ch\/wp-content\/uploads\/2022\/05\/img_6350.jpg 1500w, https:\/\/www.intellectualsovereignty.ch\/wp-content\/uploads\/2022\/05\/img_6350-225x300.jpg 225w, https:\/\/www.intellectualsovereignty.ch\/wp-content\/uploads\/2022\/05\/img_6350-768x1024.jpg 768w, https:\/\/www.intellectualsovereignty.ch\/wp-content\/uploads\/2022\/05\/img_6350-1152x1536.jpg 1152w, https:\/\/www.intellectualsovereignty.ch\/wp-content\/uploads\/2022\/05\/img_6350-400x533.jpg 400w, https:\/\/www.intellectualsovereignty.ch\/wp-content\/uploads\/2022\/05\/img_6350-800x1067.jpg 800w\" sizes=\"auto, (max-width: 1500px) 100vw, 1500px\" \/><\/figure>\n\n\n\n<figure class=\"wp-block-image\"><img loading=\"lazy\" decoding=\"async\" width=\"2000\" height=\"1500\" data-attachment-id=\"4799\" data-permalink=\"https:\/\/www.intellectualsovereignty.ch\/index.php\/2022\/04\/30\/day8-marys-place-cedar-springs-km-235-263\/img_6351\/\" data-orig-file=\"https:\/\/www.intellectualsovereignty.ch\/wp-content\/uploads\/2022\/05\/img_6351.jpg\" data-orig-size=\"2000,1500\" data-comments-opened=\"0\" data-image-title=\"img_6351\" data-image-description=\"\" data-image-caption=\"\" data-large-file=\"https:\/\/www.intellectualsovereignty.ch\/wp-content\/uploads\/2022\/05\/img_6351-1024x768.jpg\" data-id=\"4799\" src=\"https:\/\/www.intellectualsovereignty.ch\/wp-content\/uploads\/2022\/05\/img_6351.jpg\" alt=\"\" class=\"wp-image-4799\" srcset=\"https:\/\/www.intellectualsovereignty.ch\/wp-content\/uploads\/2022\/05\/img_6351.jpg 2000w, https:\/\/www.intellectualsovereignty.ch\/wp-content\/uploads\/2022\/05\/img_6351-300x225.jpg 300w, https:\/\/www.intellectualsovereignty.ch\/wp-content\/uploads\/2022\/05\/img_6351-1024x768.jpg 1024w, https:\/\/www.intellectualsovereignty.ch\/wp-content\/uploads\/2022\/05\/img_6351-768x576.jpg 768w, https:\/\/www.intellectualsovereignty.ch\/wp-content\/uploads\/2022\/05\/img_6351-1536x1152.jpg 1536w, https:\/\/www.intellectualsovereignty.ch\/wp-content\/uploads\/2022\/05\/img_6351-1870x1403.jpg 1870w, https:\/\/www.intellectualsovereignty.ch\/wp-content\/uploads\/2022\/05\/img_6351-400x300.jpg 400w, https:\/\/www.intellectualsovereignty.ch\/wp-content\/uploads\/2022\/05\/img_6351-800x600.jpg 800w\" sizes=\"auto, (max-width: 2000px) 100vw, 2000px\" \/><\/figure>\n\n\n\n<figure class=\"wp-block-image\"><img loading=\"lazy\" decoding=\"async\" width=\"1500\" height=\"2000\" data-attachment-id=\"4801\" data-permalink=\"https:\/\/www.intellectualsovereignty.ch\/index.php\/2022\/04\/30\/day8-marys-place-cedar-springs-km-235-263\/img_6354\/\" data-orig-file=\"https:\/\/www.intellectualsovereignty.ch\/wp-content\/uploads\/2022\/05\/img_6354.jpg\" data-orig-size=\"1500,2000\" data-comments-opened=\"0\" data-image-title=\"img_6354\" data-image-description=\"\" data-image-caption=\"\" data-large-file=\"https:\/\/www.intellectualsovereignty.ch\/wp-content\/uploads\/2022\/05\/img_6354-768x1024.jpg\" data-id=\"4801\" src=\"https:\/\/www.intellectualsovereignty.ch\/wp-content\/uploads\/2022\/05\/img_6354.jpg\" alt=\"\" class=\"wp-image-4801\" srcset=\"https:\/\/www.intellectualsovereignty.ch\/wp-content\/uploads\/2022\/05\/img_6354.jpg 1500w, https:\/\/www.intellectualsovereignty.ch\/wp-content\/uploads\/2022\/05\/img_6354-225x300.jpg 225w, https:\/\/www.intellectualsovereignty.ch\/wp-content\/uploads\/2022\/05\/img_6354-768x1024.jpg 768w, https:\/\/www.intellectualsovereignty.ch\/wp-content\/uploads\/2022\/05\/img_6354-1152x1536.jpg 1152w, https:\/\/www.intellectualsovereignty.ch\/wp-content\/uploads\/2022\/05\/img_6354-400x533.jpg 400w, https:\/\/www.intellectualsovereignty.ch\/wp-content\/uploads\/2022\/05\/img_6354-800x1067.jpg 800w\" sizes=\"auto, (max-width: 1500px) 100vw, 1500px\" \/><\/figure>\n\n\n\n<figure class=\"wp-block-image\"><img loading=\"lazy\" decoding=\"async\" width=\"1500\" height=\"2000\" data-attachment-id=\"4800\" data-permalink=\"https:\/\/www.intellectualsovereignty.ch\/index.php\/2022\/04\/30\/day8-marys-place-cedar-springs-km-235-263\/img_6355\/\" data-orig-file=\"https:\/\/www.intellectualsovereignty.ch\/wp-content\/uploads\/2022\/05\/img_6355.jpg\" data-orig-size=\"1500,2000\" data-comments-opened=\"0\" data-image-title=\"img_6355\" data-image-description=\"\" data-image-caption=\"\" data-large-file=\"https:\/\/www.intellectualsovereignty.ch\/wp-content\/uploads\/2022\/05\/img_6355-768x1024.jpg\" data-id=\"4800\" src=\"https:\/\/www.intellectualsovereignty.ch\/wp-content\/uploads\/2022\/05\/img_6355.jpg\" alt=\"\" class=\"wp-image-4800\" srcset=\"https:\/\/www.intellectualsovereignty.ch\/wp-content\/uploads\/2022\/05\/img_6355.jpg 1500w, https:\/\/www.intellectualsovereignty.ch\/wp-content\/uploads\/2022\/05\/img_6355-225x300.jpg 225w, https:\/\/www.intellectualsovereignty.ch\/wp-content\/uploads\/2022\/05\/img_6355-768x1024.jpg 768w, https:\/\/www.intellectualsovereignty.ch\/wp-content\/uploads\/2022\/05\/img_6355-1152x1536.jpg 1152w, https:\/\/www.intellectualsovereignty.ch\/wp-content\/uploads\/2022\/05\/img_6355-400x533.jpg 400w, https:\/\/www.intellectualsovereignty.ch\/wp-content\/uploads\/2022\/05\/img_6355-800x1067.jpg 800w\" sizes=\"auto, (max-width: 1500px) 100vw, 1500px\" \/><\/figure>\n\n\n\n<figure class=\"wp-block-image\"><img loading=\"lazy\" decoding=\"async\" width=\"1500\" height=\"2000\" data-attachment-id=\"4802\" data-permalink=\"https:\/\/www.intellectualsovereignty.ch\/index.php\/2022\/04\/30\/day8-marys-place-cedar-springs-km-235-263\/img_6356\/\" data-orig-file=\"https:\/\/www.intellectualsovereignty.ch\/wp-content\/uploads\/2022\/05\/img_6356.jpg\" data-orig-size=\"1500,2000\" data-comments-opened=\"0\" data-image-title=\"img_6356\" data-image-description=\"\" data-image-caption=\"\" data-large-file=\"https:\/\/www.intellectualsovereignty.ch\/wp-content\/uploads\/2022\/05\/img_6356-768x1024.jpg\" data-id=\"4802\" src=\"https:\/\/www.intellectualsovereignty.ch\/wp-content\/uploads\/2022\/05\/img_6356.jpg\" alt=\"\" class=\"wp-image-4802\" srcset=\"https:\/\/www.intellectualsovereignty.ch\/wp-content\/uploads\/2022\/05\/img_6356.jpg 1500w, https:\/\/www.intellectualsovereignty.ch\/wp-content\/uploads\/2022\/05\/img_6356-225x300.jpg 225w, https:\/\/www.intellectualsovereignty.ch\/wp-content\/uploads\/2022\/05\/img_6356-768x1024.jpg 768w, https:\/\/www.intellectualsovereignty.ch\/wp-content\/uploads\/2022\/05\/img_6356-1152x1536.jpg 1152w, https:\/\/www.intellectualsovereignty.ch\/wp-content\/uploads\/2022\/05\/img_6356-400x533.jpg 400w, https:\/\/www.intellectualsovereignty.ch\/wp-content\/uploads\/2022\/05\/img_6356-800x1067.jpg 800w\" sizes=\"auto, (max-width: 1500px) 100vw, 1500px\" \/><\/figure>\n\n\n\n<figure class=\"wp-block-image\"><img loading=\"lazy\" decoding=\"async\" width=\"2000\" height=\"1122\" data-attachment-id=\"4803\" data-permalink=\"https:\/\/www.intellectualsovereignty.ch\/index.php\/2022\/04\/30\/day8-marys-place-cedar-springs-km-235-263\/img_6357\/\" data-orig-file=\"https:\/\/www.intellectualsovereignty.ch\/wp-content\/uploads\/2022\/05\/img_6357.jpg\" data-orig-size=\"2000,1122\" data-comments-opened=\"0\" data-image-title=\"img_6357\" data-image-description=\"\" data-image-caption=\"\" data-large-file=\"https:\/\/www.intellectualsovereignty.ch\/wp-content\/uploads\/2022\/05\/img_6357-1024x574.jpg\" data-id=\"4803\" src=\"https:\/\/www.intellectualsovereignty.ch\/wp-content\/uploads\/2022\/05\/img_6357.jpg\" alt=\"\" class=\"wp-image-4803\" srcset=\"https:\/\/www.intellectualsovereignty.ch\/wp-content\/uploads\/2022\/05\/img_6357.jpg 2000w, https:\/\/www.intellectualsovereignty.ch\/wp-content\/uploads\/2022\/05\/img_6357-300x168.jpg 300w, https:\/\/www.intellectualsovereignty.ch\/wp-content\/uploads\/2022\/05\/img_6357-1024x574.jpg 1024w, https:\/\/www.intellectualsovereignty.ch\/wp-content\/uploads\/2022\/05\/img_6357-768x431.jpg 768w, https:\/\/www.intellectualsovereignty.ch\/wp-content\/uploads\/2022\/05\/img_6357-1536x862.jpg 1536w, https:\/\/www.intellectualsovereignty.ch\/wp-content\/uploads\/2022\/05\/img_6357-1870x1049.jpg 1870w, https:\/\/www.intellectualsovereignty.ch\/wp-content\/uploads\/2022\/05\/img_6357-400x224.jpg 400w, https:\/\/www.intellectualsovereignty.ch\/wp-content\/uploads\/2022\/05\/img_6357-800x449.jpg 800w\" sizes=\"auto, (max-width: 2000px) 100vw, 2000px\" \/><\/figure>\n\n\n\n<figure class=\"wp-block-image\"><img loading=\"lazy\" decoding=\"async\" width=\"2000\" height=\"1502\" data-attachment-id=\"4804\" data-permalink=\"https:\/\/www.intellectualsovereignty.ch\/index.php\/2022\/04\/30\/day8-marys-place-cedar-springs-km-235-263\/img_6358\/\" data-orig-file=\"https:\/\/www.intellectualsovereignty.ch\/wp-content\/uploads\/2022\/05\/img_6358.jpg\" data-orig-size=\"2000,1502\" data-comments-opened=\"0\" data-image-title=\"img_6358\" data-image-description=\"\" data-image-caption=\"\" data-large-file=\"https:\/\/www.intellectualsovereignty.ch\/wp-content\/uploads\/2022\/05\/img_6358-1024x769.jpg\" data-id=\"4804\" src=\"https:\/\/www.intellectualsovereignty.ch\/wp-content\/uploads\/2022\/05\/img_6358.jpg\" alt=\"\" class=\"wp-image-4804\" srcset=\"https:\/\/www.intellectualsovereignty.ch\/wp-content\/uploads\/2022\/05\/img_6358.jpg 2000w, https:\/\/www.intellectualsovereignty.ch\/wp-content\/uploads\/2022\/05\/img_6358-300x225.jpg 300w, https:\/\/www.intellectualsovereignty.ch\/wp-content\/uploads\/2022\/05\/img_6358-1024x769.jpg 1024w, https:\/\/www.intellectualsovereignty.ch\/wp-content\/uploads\/2022\/05\/img_6358-768x577.jpg 768w, https:\/\/www.intellectualsovereignty.ch\/wp-content\/uploads\/2022\/05\/img_6358-1536x1154.jpg 1536w, https:\/\/www.intellectualsovereignty.ch\/wp-content\/uploads\/2022\/05\/img_6358-1870x1404.jpg 1870w, https:\/\/www.intellectualsovereignty.ch\/wp-content\/uploads\/2022\/05\/img_6358-400x300.jpg 400w, https:\/\/www.intellectualsovereignty.ch\/wp-content\/uploads\/2022\/05\/img_6358-800x601.jpg 800w\" sizes=\"auto, (max-width: 2000px) 100vw, 2000px\" \/><\/figure>\n\n\n\n<figure class=\"wp-block-image\"><img loading=\"lazy\" decoding=\"async\" width=\"2000\" height=\"828\" data-attachment-id=\"4805\" data-permalink=\"https:\/\/www.intellectualsovereignty.ch\/index.php\/2022\/04\/30\/day8-marys-place-cedar-springs-km-235-263\/img_6359\/\" data-orig-file=\"https:\/\/www.intellectualsovereignty.ch\/wp-content\/uploads\/2022\/05\/img_6359.jpg\" data-orig-size=\"2000,828\" data-comments-opened=\"0\" data-image-title=\"img_6359\" data-image-description=\"\" data-image-caption=\"\" data-large-file=\"https:\/\/www.intellectualsovereignty.ch\/wp-content\/uploads\/2022\/05\/img_6359-1024x424.jpg\" data-id=\"4805\" src=\"https:\/\/www.intellectualsovereignty.ch\/wp-content\/uploads\/2022\/05\/img_6359.jpg\" alt=\"\" class=\"wp-image-4805\" srcset=\"https:\/\/www.intellectualsovereignty.ch\/wp-content\/uploads\/2022\/05\/img_6359.jpg 2000w, https:\/\/www.intellectualsovereignty.ch\/wp-content\/uploads\/2022\/05\/img_6359-300x124.jpg 300w, https:\/\/www.intellectualsovereignty.ch\/wp-content\/uploads\/2022\/05\/img_6359-1024x424.jpg 1024w, https:\/\/www.intellectualsovereignty.ch\/wp-content\/uploads\/2022\/05\/img_6359-768x318.jpg 768w, https:\/\/www.intellectualsovereignty.ch\/wp-content\/uploads\/2022\/05\/img_6359-1536x636.jpg 1536w, https:\/\/www.intellectualsovereignty.ch\/wp-content\/uploads\/2022\/05\/img_6359-1870x774.jpg 1870w, https:\/\/www.intellectualsovereignty.ch\/wp-content\/uploads\/2022\/05\/img_6359-400x166.jpg 400w, https:\/\/www.intellectualsovereignty.ch\/wp-content\/uploads\/2022\/05\/img_6359-800x331.jpg 800w\" sizes=\"auto, (max-width: 2000px) 100vw, 2000px\" \/><\/figure>\n\n\n\n<figure class=\"wp-block-image\"><img loading=\"lazy\" decoding=\"async\" width=\"2000\" height=\"1500\" data-attachment-id=\"4808\" data-permalink=\"https:\/\/www.intellectualsovereignty.ch\/index.php\/2022\/04\/30\/day8-marys-place-cedar-springs-km-235-263\/img_6360\/\" data-orig-file=\"https:\/\/www.intellectualsovereignty.ch\/wp-content\/uploads\/2022\/05\/img_6360.jpg\" data-orig-size=\"2000,1500\" data-comments-opened=\"0\" data-image-title=\"img_6360\" data-image-description=\"\" data-image-caption=\"\" data-large-file=\"https:\/\/www.intellectualsovereignty.ch\/wp-content\/uploads\/2022\/05\/img_6360-1024x768.jpg\" data-id=\"4808\" src=\"https:\/\/www.intellectualsovereignty.ch\/wp-content\/uploads\/2022\/05\/img_6360.jpg\" alt=\"\" class=\"wp-image-4808\" srcset=\"https:\/\/www.intellectualsovereignty.ch\/wp-content\/uploads\/2022\/05\/img_6360.jpg 2000w, https:\/\/www.intellectualsovereignty.ch\/wp-content\/uploads\/2022\/05\/img_6360-300x225.jpg 300w, https:\/\/www.intellectualsovereignty.ch\/wp-content\/uploads\/2022\/05\/img_6360-1024x768.jpg 1024w, https:\/\/www.intellectualsovereignty.ch\/wp-content\/uploads\/2022\/05\/img_6360-768x576.jpg 768w, https:\/\/www.intellectualsovereignty.ch\/wp-content\/uploads\/2022\/05\/img_6360-1536x1152.jpg 1536w, https:\/\/www.intellectualsovereignty.ch\/wp-content\/uploads\/2022\/05\/img_6360-1870x1403.jpg 1870w, https:\/\/www.intellectualsovereignty.ch\/wp-content\/uploads\/2022\/05\/img_6360-400x300.jpg 400w, https:\/\/www.intellectualsovereignty.ch\/wp-content\/uploads\/2022\/05\/img_6360-800x600.jpg 800w\" sizes=\"auto, (max-width: 2000px) 100vw, 2000px\" \/><\/figure>\n\n\n\n<figure class=\"wp-block-image\"><img loading=\"lazy\" decoding=\"async\" width=\"2000\" height=\"508\" data-attachment-id=\"4806\" data-permalink=\"https:\/\/www.intellectualsovereignty.ch\/index.php\/2022\/04\/30\/day8-marys-place-cedar-springs-km-235-263\/img_6361\/\" data-orig-file=\"https:\/\/www.intellectualsovereignty.ch\/wp-content\/uploads\/2022\/05\/img_6361.jpg\" data-orig-size=\"2000,508\" data-comments-opened=\"0\" data-image-title=\"img_6361\" data-image-description=\"\" data-image-caption=\"\" data-large-file=\"https:\/\/www.intellectualsovereignty.ch\/wp-content\/uploads\/2022\/05\/img_6361-1024x260.jpg\" data-id=\"4806\" src=\"https:\/\/www.intellectualsovereignty.ch\/wp-content\/uploads\/2022\/05\/img_6361.jpg\" alt=\"\" class=\"wp-image-4806\" srcset=\"https:\/\/www.intellectualsovereignty.ch\/wp-content\/uploads\/2022\/05\/img_6361.jpg 2000w, https:\/\/www.intellectualsovereignty.ch\/wp-content\/uploads\/2022\/05\/img_6361-300x76.jpg 300w, https:\/\/www.intellectualsovereignty.ch\/wp-content\/uploads\/2022\/05\/img_6361-1024x260.jpg 1024w, https:\/\/www.intellectualsovereignty.ch\/wp-content\/uploads\/2022\/05\/img_6361-768x195.jpg 768w, https:\/\/www.intellectualsovereignty.ch\/wp-content\/uploads\/2022\/05\/img_6361-1536x390.jpg 1536w, https:\/\/www.intellectualsovereignty.ch\/wp-content\/uploads\/2022\/05\/img_6361-1870x475.jpg 1870w, https:\/\/www.intellectualsovereignty.ch\/wp-content\/uploads\/2022\/05\/img_6361-400x102.jpg 400w, https:\/\/www.intellectualsovereignty.ch\/wp-content\/uploads\/2022\/05\/img_6361-800x203.jpg 800w\" sizes=\"auto, (max-width: 2000px) 100vw, 2000px\" \/><\/figure>\n\n\n\n<figure class=\"wp-block-image\"><img loading=\"lazy\" decoding=\"async\" width=\"2000\" height=\"1500\" data-attachment-id=\"4807\" data-permalink=\"https:\/\/www.intellectualsovereignty.ch\/index.php\/2022\/04\/30\/day8-marys-place-cedar-springs-km-235-263\/img_6362\/\" data-orig-file=\"https:\/\/www.intellectualsovereignty.ch\/wp-content\/uploads\/2022\/05\/img_6362.jpg\" data-orig-size=\"2000,1500\" data-comments-opened=\"0\" data-image-title=\"img_6362\" data-image-description=\"\" data-image-caption=\"\" data-large-file=\"https:\/\/www.intellectualsovereignty.ch\/wp-content\/uploads\/2022\/05\/img_6362-1024x768.jpg\" data-id=\"4807\" src=\"https:\/\/www.intellectualsovereignty.ch\/wp-content\/uploads\/2022\/05\/img_6362.jpg\" alt=\"\" class=\"wp-image-4807\" srcset=\"https:\/\/www.intellectualsovereignty.ch\/wp-content\/uploads\/2022\/05\/img_6362.jpg 2000w, https:\/\/www.intellectualsovereignty.ch\/wp-content\/uploads\/2022\/05\/img_6362-300x225.jpg 300w, https:\/\/www.intellectualsovereignty.ch\/wp-content\/uploads\/2022\/05\/img_6362-1024x768.jpg 1024w, https:\/\/www.intellectualsovereignty.ch\/wp-content\/uploads\/2022\/05\/img_6362-768x576.jpg 768w, https:\/\/www.intellectualsovereignty.ch\/wp-content\/uploads\/2022\/05\/img_6362-1536x1152.jpg 1536w, https:\/\/www.intellectualsovereignty.ch\/wp-content\/uploads\/2022\/05\/img_6362-1870x1403.jpg 1870w, https:\/\/www.intellectualsovereignty.ch\/wp-content\/uploads\/2022\/05\/img_6362-400x300.jpg 400w, https:\/\/www.intellectualsovereignty.ch\/wp-content\/uploads\/2022\/05\/img_6362-800x600.jpg 800w\" sizes=\"auto, (max-width: 2000px) 100vw, 2000px\" \/><\/figure>\n\n\n\n<figure class=\"wp-block-image\"><img loading=\"lazy\" decoding=\"async\" width=\"2000\" height=\"1500\" data-attachment-id=\"4809\" data-permalink=\"https:\/\/www.intellectualsovereignty.ch\/index.php\/2022\/04\/30\/day8-marys-place-cedar-springs-km-235-263\/img_6363\/\" data-orig-file=\"https:\/\/www.intellectualsovereignty.ch\/wp-content\/uploads\/2022\/05\/img_6363.jpg\" data-orig-size=\"2000,1500\" data-comments-opened=\"0\" data-image-title=\"img_6363\" data-image-description=\"\" data-image-caption=\"\" data-large-file=\"https:\/\/www.intellectualsovereignty.ch\/wp-content\/uploads\/2022\/05\/img_6363-1024x768.jpg\" data-id=\"4809\" src=\"https:\/\/www.intellectualsovereignty.ch\/wp-content\/uploads\/2022\/05\/img_6363.jpg\" alt=\"\" class=\"wp-image-4809\" srcset=\"https:\/\/www.intellectualsovereignty.ch\/wp-content\/uploads\/2022\/05\/img_6363.jpg 2000w, https:\/\/www.intellectualsovereignty.ch\/wp-content\/uploads\/2022\/05\/img_6363-300x225.jpg 300w, https:\/\/www.intellectualsovereignty.ch\/wp-content\/uploads\/2022\/05\/img_6363-1024x768.jpg 1024w, https:\/\/www.intellectualsovereignty.ch\/wp-content\/uploads\/2022\/05\/img_6363-768x576.jpg 768w, https:\/\/www.intellectualsovereignty.ch\/wp-content\/uploads\/2022\/05\/img_6363-1536x1152.jpg 1536w, https:\/\/www.intellectualsovereignty.ch\/wp-content\/uploads\/2022\/05\/img_6363-1870x1403.jpg 1870w, https:\/\/www.intellectualsovereignty.ch\/wp-content\/uploads\/2022\/05\/img_6363-400x300.jpg 400w, https:\/\/www.intellectualsovereignty.ch\/wp-content\/uploads\/2022\/05\/img_6363-800x600.jpg 800w\" sizes=\"auto, (max-width: 2000px) 100vw, 2000px\" \/><\/figure>\n\n\n\n<figure class=\"wp-block-image\"><img loading=\"lazy\" decoding=\"async\" width=\"1999\" height=\"572\" data-attachment-id=\"4810\" data-permalink=\"https:\/\/www.intellectualsovereignty.ch\/index.php\/2022\/04\/30\/day8-marys-place-cedar-springs-km-235-263\/img_6364\/\" data-orig-file=\"https:\/\/www.intellectualsovereignty.ch\/wp-content\/uploads\/2022\/05\/img_6364.jpg\" data-orig-size=\"1999,572\" data-comments-opened=\"0\" data-image-title=\"img_6364\" data-image-description=\"\" data-image-caption=\"\" data-large-file=\"https:\/\/www.intellectualsovereignty.ch\/wp-content\/uploads\/2022\/05\/img_6364-1024x293.jpg\" data-id=\"4810\" src=\"https:\/\/www.intellectualsovereignty.ch\/wp-content\/uploads\/2022\/05\/img_6364.jpg\" alt=\"\" class=\"wp-image-4810\" srcset=\"https:\/\/www.intellectualsovereignty.ch\/wp-content\/uploads\/2022\/05\/img_6364.jpg 1999w, https:\/\/www.intellectualsovereignty.ch\/wp-content\/uploads\/2022\/05\/img_6364-300x86.jpg 300w, https:\/\/www.intellectualsovereignty.ch\/wp-content\/uploads\/2022\/05\/img_6364-1024x293.jpg 1024w, https:\/\/www.intellectualsovereignty.ch\/wp-content\/uploads\/2022\/05\/img_6364-768x220.jpg 768w, https:\/\/www.intellectualsovereignty.ch\/wp-content\/uploads\/2022\/05\/img_6364-1536x440.jpg 1536w, https:\/\/www.intellectualsovereignty.ch\/wp-content\/uploads\/2022\/05\/img_6364-1870x535.jpg 1870w, https:\/\/www.intellectualsovereignty.ch\/wp-content\/uploads\/2022\/05\/img_6364-400x114.jpg 400w, https:\/\/www.intellectualsovereignty.ch\/wp-content\/uploads\/2022\/05\/img_6364-800x229.jpg 800w\" sizes=\"auto, (max-width: 1999px) 100vw, 1999px\" \/><\/figure>\n\n\n\n<figure class=\"wp-block-image\"><img loading=\"lazy\" decoding=\"async\" width=\"2000\" height=\"1500\" data-attachment-id=\"4813\" data-permalink=\"https:\/\/www.intellectualsovereignty.ch\/index.php\/2022\/04\/30\/day8-marys-place-cedar-springs-km-235-263\/img_6365\/\" data-orig-file=\"https:\/\/www.intellectualsovereignty.ch\/wp-content\/uploads\/2022\/05\/img_6365.jpg\" data-orig-size=\"2000,1500\" data-comments-opened=\"0\" data-image-title=\"img_6365\" data-image-description=\"\" data-image-caption=\"\" data-large-file=\"https:\/\/www.intellectualsovereignty.ch\/wp-content\/uploads\/2022\/05\/img_6365-1024x768.jpg\" data-id=\"4813\" src=\"https:\/\/www.intellectualsovereignty.ch\/wp-content\/uploads\/2022\/05\/img_6365.jpg\" alt=\"\" class=\"wp-image-4813\" srcset=\"https:\/\/www.intellectualsovereignty.ch\/wp-content\/uploads\/2022\/05\/img_6365.jpg 2000w, https:\/\/www.intellectualsovereignty.ch\/wp-content\/uploads\/2022\/05\/img_6365-300x225.jpg 300w, https:\/\/www.intellectualsovereignty.ch\/wp-content\/uploads\/2022\/05\/img_6365-1024x768.jpg 1024w, https:\/\/www.intellectualsovereignty.ch\/wp-content\/uploads\/2022\/05\/img_6365-768x576.jpg 768w, https:\/\/www.intellectualsovereignty.ch\/wp-content\/uploads\/2022\/05\/img_6365-1536x1152.jpg 1536w, https:\/\/www.intellectualsovereignty.ch\/wp-content\/uploads\/2022\/05\/img_6365-1870x1403.jpg 1870w, https:\/\/www.intellectualsovereignty.ch\/wp-content\/uploads\/2022\/05\/img_6365-400x300.jpg 400w, https:\/\/www.intellectualsovereignty.ch\/wp-content\/uploads\/2022\/05\/img_6365-800x600.jpg 800w\" sizes=\"auto, (max-width: 2000px) 100vw, 2000px\" \/><\/figure>\n\n\n\n<figure class=\"wp-block-image\"><img loading=\"lazy\" decoding=\"async\" width=\"2000\" height=\"1500\" data-attachment-id=\"4812\" data-permalink=\"https:\/\/www.intellectualsovereignty.ch\/index.php\/2022\/04\/30\/day8-marys-place-cedar-springs-km-235-263\/img_6366\/\" data-orig-file=\"https:\/\/www.intellectualsovereignty.ch\/wp-content\/uploads\/2022\/05\/img_6366.jpg\" data-orig-size=\"2000,1500\" data-comments-opened=\"0\" data-image-title=\"img_6366\" data-image-description=\"\" data-image-caption=\"\" data-large-file=\"https:\/\/www.intellectualsovereignty.ch\/wp-content\/uploads\/2022\/05\/img_6366-1024x768.jpg\" data-id=\"4812\" src=\"https:\/\/www.intellectualsovereignty.ch\/wp-content\/uploads\/2022\/05\/img_6366.jpg\" alt=\"\" class=\"wp-image-4812\" srcset=\"https:\/\/www.intellectualsovereignty.ch\/wp-content\/uploads\/2022\/05\/img_6366.jpg 2000w, https:\/\/www.intellectualsovereignty.ch\/wp-content\/uploads\/2022\/05\/img_6366-300x225.jpg 300w, https:\/\/www.intellectualsovereignty.ch\/wp-content\/uploads\/2022\/05\/img_6366-1024x768.jpg 1024w, https:\/\/www.intellectualsovereignty.ch\/wp-content\/uploads\/2022\/05\/img_6366-768x576.jpg 768w, https:\/\/www.intellectualsovereignty.ch\/wp-content\/uploads\/2022\/05\/img_6366-1536x1152.jpg 1536w, https:\/\/www.intellectualsovereignty.ch\/wp-content\/uploads\/2022\/05\/img_6366-1870x1403.jpg 1870w, https:\/\/www.intellectualsovereignty.ch\/wp-content\/uploads\/2022\/05\/img_6366-400x300.jpg 400w, https:\/\/www.intellectualsovereignty.ch\/wp-content\/uploads\/2022\/05\/img_6366-800x600.jpg 800w\" sizes=\"auto, (max-width: 2000px) 100vw, 2000px\" \/><\/figure>\n\n\n\n<figure class=\"wp-block-image\"><img loading=\"lazy\" decoding=\"async\" width=\"2000\" height=\"1006\" data-attachment-id=\"4811\" data-permalink=\"https:\/\/www.intellectualsovereignty.ch\/index.php\/2022\/04\/30\/day8-marys-place-cedar-springs-km-235-263\/img_6367\/\" data-orig-file=\"https:\/\/www.intellectualsovereignty.ch\/wp-content\/uploads\/2022\/05\/img_6367.jpg\" data-orig-size=\"2000,1006\" data-comments-opened=\"0\" data-image-title=\"img_6367\" data-image-description=\"\" data-image-caption=\"\" data-large-file=\"https:\/\/www.intellectualsovereignty.ch\/wp-content\/uploads\/2022\/05\/img_6367-1024x515.jpg\" data-id=\"4811\" src=\"https:\/\/www.intellectualsovereignty.ch\/wp-content\/uploads\/2022\/05\/img_6367.jpg\" alt=\"\" class=\"wp-image-4811\" srcset=\"https:\/\/www.intellectualsovereignty.ch\/wp-content\/uploads\/2022\/05\/img_6367.jpg 2000w, https:\/\/www.intellectualsovereignty.ch\/wp-content\/uploads\/2022\/05\/img_6367-300x151.jpg 300w, https:\/\/www.intellectualsovereignty.ch\/wp-content\/uploads\/2022\/05\/img_6367-1024x515.jpg 1024w, https:\/\/www.intellectualsovereignty.ch\/wp-content\/uploads\/2022\/05\/img_6367-768x386.jpg 768w, https:\/\/www.intellectualsovereignty.ch\/wp-content\/uploads\/2022\/05\/img_6367-1536x773.jpg 1536w, https:\/\/www.intellectualsovereignty.ch\/wp-content\/uploads\/2022\/05\/img_6367-1870x941.jpg 1870w, https:\/\/www.intellectualsovereignty.ch\/wp-content\/uploads\/2022\/05\/img_6367-400x201.jpg 400w, https:\/\/www.intellectualsovereignty.ch\/wp-content\/uploads\/2022\/05\/img_6367-800x402.jpg 800w\" sizes=\"auto, (max-width: 2000px) 100vw, 2000px\" \/><\/figure>\n\n\n\n<figure class=\"wp-block-image\"><img loading=\"lazy\" decoding=\"async\" width=\"2000\" height=\"1500\" data-attachment-id=\"4816\" data-permalink=\"https:\/\/www.intellectualsovereignty.ch\/index.php\/2022\/04\/30\/day8-marys-place-cedar-springs-km-235-263\/img_6368\/\" data-orig-file=\"https:\/\/www.intellectualsovereignty.ch\/wp-content\/uploads\/2022\/05\/img_6368.jpg\" data-orig-size=\"2000,1500\" data-comments-opened=\"0\" data-image-title=\"img_6368\" data-image-description=\"\" data-image-caption=\"\" data-large-file=\"https:\/\/www.intellectualsovereignty.ch\/wp-content\/uploads\/2022\/05\/img_6368-1024x768.jpg\" data-id=\"4816\" src=\"https:\/\/www.intellectualsovereignty.ch\/wp-content\/uploads\/2022\/05\/img_6368.jpg\" alt=\"\" class=\"wp-image-4816\" srcset=\"https:\/\/www.intellectualsovereignty.ch\/wp-content\/uploads\/2022\/05\/img_6368.jpg 2000w, https:\/\/www.intellectualsovereignty.ch\/wp-content\/uploads\/2022\/05\/img_6368-300x225.jpg 300w, https:\/\/www.intellectualsovereignty.ch\/wp-content\/uploads\/2022\/05\/img_6368-1024x768.jpg 1024w, https:\/\/www.intellectualsovereignty.ch\/wp-content\/uploads\/2022\/05\/img_6368-768x576.jpg 768w, https:\/\/www.intellectualsovereignty.ch\/wp-content\/uploads\/2022\/05\/img_6368-1536x1152.jpg 1536w, https:\/\/www.intellectualsovereignty.ch\/wp-content\/uploads\/2022\/05\/img_6368-1870x1403.jpg 1870w, https:\/\/www.intellectualsovereignty.ch\/wp-content\/uploads\/2022\/05\/img_6368-400x300.jpg 400w, https:\/\/www.intellectualsovereignty.ch\/wp-content\/uploads\/2022\/05\/img_6368-800x600.jpg 800w\" sizes=\"auto, (max-width: 2000px) 100vw, 2000px\" \/><\/figure>\n\n\n\n<figure class=\"wp-block-image\"><img loading=\"lazy\" decoding=\"async\" width=\"2000\" height=\"1500\" data-attachment-id=\"4814\" data-permalink=\"https:\/\/www.intellectualsovereignty.ch\/index.php\/2022\/04\/30\/day8-marys-place-cedar-springs-km-235-263\/img_6375\/\" data-orig-file=\"https:\/\/www.intellectualsovereignty.ch\/wp-content\/uploads\/2022\/05\/img_6375.jpg\" data-orig-size=\"2000,1500\" data-comments-opened=\"0\" data-image-title=\"img_6375\" data-image-description=\"\" data-image-caption=\"\" data-large-file=\"https:\/\/www.intellectualsovereignty.ch\/wp-content\/uploads\/2022\/05\/img_6375-1024x768.jpg\" data-id=\"4814\" src=\"https:\/\/www.intellectualsovereignty.ch\/wp-content\/uploads\/2022\/05\/img_6375.jpg\" alt=\"\" class=\"wp-image-4814\" srcset=\"https:\/\/www.intellectualsovereignty.ch\/wp-content\/uploads\/2022\/05\/img_6375.jpg 2000w, https:\/\/www.intellectualsovereignty.ch\/wp-content\/uploads\/2022\/05\/img_6375-300x225.jpg 300w, https:\/\/www.intellectualsovereignty.ch\/wp-content\/uploads\/2022\/05\/img_6375-1024x768.jpg 1024w, https:\/\/www.intellectualsovereignty.ch\/wp-content\/uploads\/2022\/05\/img_6375-768x576.jpg 768w, https:\/\/www.intellectualsovereignty.ch\/wp-content\/uploads\/2022\/05\/img_6375-1536x1152.jpg 1536w, https:\/\/www.intellectualsovereignty.ch\/wp-content\/uploads\/2022\/05\/img_6375-1870x1403.jpg 1870w, https:\/\/www.intellectualsovereignty.ch\/wp-content\/uploads\/2022\/05\/img_6375-400x300.jpg 400w, https:\/\/www.intellectualsovereignty.ch\/wp-content\/uploads\/2022\/05\/img_6375-800x600.jpg 800w\" sizes=\"auto, (max-width: 2000px) 100vw, 2000px\" \/><\/figure>\n\n\n\n<figure class=\"wp-block-image\"><img loading=\"lazy\" decoding=\"async\" width=\"2000\" height=\"1500\" data-attachment-id=\"4815\" data-permalink=\"https:\/\/www.intellectualsovereignty.ch\/index.php\/2022\/04\/30\/day8-marys-place-cedar-springs-km-235-263\/img_6376\/\" data-orig-file=\"https:\/\/www.intellectualsovereignty.ch\/wp-content\/uploads\/2022\/05\/img_6376.jpg\" data-orig-size=\"2000,1500\" data-comments-opened=\"0\" data-image-title=\"img_6376\" data-image-description=\"\" data-image-caption=\"\" data-large-file=\"https:\/\/www.intellectualsovereignty.ch\/wp-content\/uploads\/2022\/05\/img_6376-1024x768.jpg\" data-id=\"4815\" src=\"https:\/\/www.intellectualsovereignty.ch\/wp-content\/uploads\/2022\/05\/img_6376.jpg\" alt=\"\" class=\"wp-image-4815\" srcset=\"https:\/\/www.intellectualsovereignty.ch\/wp-content\/uploads\/2022\/05\/img_6376.jpg 2000w, https:\/\/www.intellectualsovereignty.ch\/wp-content\/uploads\/2022\/05\/img_6376-300x225.jpg 300w, https:\/\/www.intellectualsovereignty.ch\/wp-content\/uploads\/2022\/05\/img_6376-1024x768.jpg 1024w, https:\/\/www.intellectualsovereignty.ch\/wp-content\/uploads\/2022\/05\/img_6376-768x576.jpg 768w, https:\/\/www.intellectualsovereignty.ch\/wp-content\/uploads\/2022\/05\/img_6376-1536x1152.jpg 1536w, https:\/\/www.intellectualsovereignty.ch\/wp-content\/uploads\/2022\/05\/img_6376-1870x1403.jpg 1870w, https:\/\/www.intellectualsovereignty.ch\/wp-content\/uploads\/2022\/05\/img_6376-400x300.jpg 400w, https:\/\/www.intellectualsovereignty.ch\/wp-content\/uploads\/2022\/05\/img_6376-800x600.jpg 800w\" sizes=\"auto, (max-width: 2000px) 100vw, 2000px\" \/><\/figure>\n<\/figure>\n\n\n\n<figure class=\"wp-block-video\"><video height=\"720\" style=\"aspect-ratio: 1280 \/ 720;\" width=\"1280\" controls src=\"https:\/\/www.intellectualsovereignty.ch\/wp-content\/uploads\/2022\/09\/IMG_6352.mov\"><\/video><\/figure>\n\n\n\n<figure class=\"wp-block-audio\"><audio controls src=\"https:\/\/www.intellectualsovereignty.ch\/wp-content\/uploads\/2022\/09\/Wind-PCT-20220501.m4a\"><\/audio><figcaption class=\"wp-element-caption\">So t\u00f6nt der Fallwind im Zelt zu sp\u00e4ter Stunde&#8230;<\/figcaption><\/figure>\n\n\n\n<hr class=\"wp-block-separator has-alpha-channel-opacity\"\/>\n\n\n[sgpx gpx=\/wp-content\/uploads\/gpx\/2022-04-30_06-56-04_gc_8739970234.gpx ]\n","protected":false},"excerpt":{"rendered":"<p>Seit \u00fcber einer Woche ern\u00e4hre ich mich aus meinem Foodbag, und heute steht ein ausgiebiges Fr\u00fchst\u00fcck im Paradise Valley Caf\u00e9 auf dem Plan, klar komme ich da z\u00fcgig aus den Federn. Noch scheint die Sonne nicht \u00fcberall auf den Trail, entsprechend angenehm k\u00fchl ist mein Start in den Tag. Ich passiere bellende Hunde, den 150 [&hellip;]<\/p>\n","protected":false},"author":1,"featured_media":4798,"comment_status":"open","ping_status":"open","sticky":false,"template":"","format":"standard","meta":{"_jetpack_newsletter_access":"","_jetpack_dont_email_post_to_subs":false,"_jetpack_newsletter_tier_id":0,"_jetpack_memberships_contains_paywalled_content":false,"_spotmap_latitude":"","_spotmap_longitude":"","_jetpack_feature_clip_id":0,"_jetpack_memberships_contains_paid_content":false,"footnotes":"","jetpack_post_was_ever_published":false},"categories":[3],"tags":[50,51],"class_list":["post-4779","post","type-post","status-publish","format-standard","has-post-thumbnail","hentry","category-hiking","tag-pct","tag-suedkalifornien","has-thumbnail"],"jetpack_shortlink":"https:\/\/wp.me\/p9IwFN-1f5","jetpack_likes_enabled":false,"jetpack_sharing_enabled":true,"jetpack_featured_media_url":"https:\/\/www.intellectualsovereignty.ch\/wp-content\/uploads\/2022\/05\/img_6350.jpg","_links":{"self":[{"href":"https:\/\/www.intellectualsovereignty.ch\/index.php\/wp-json\/wp\/v2\/posts\/4779","targetHints":{"allow":["GET"]}}],"collection":[{"href":"https:\/\/www.intellectualsovereignty.ch\/index.php\/wp-json\/wp\/v2\/posts"}],"about":[{"href":"https:\/\/www.intellectualsovereignty.ch\/index.php\/wp-json\/wp\/v2\/types\/post"}],"author":[{"embeddable":true,"href":"https:\/\/www.intellectualsovereignty.ch\/index.php\/wp-json\/wp\/v2\/users\/1"}],"replies":[{"embeddable":true,"href":"https:\/\/www.intellectualsovereignty.ch\/index.php\/wp-json\/wp\/v2\/comments?post=4779"}],"version-history":[{"count":8,"href":"https:\/\/www.intellectualsovereignty.ch\/index.php\/wp-json\/wp\/v2\/posts\/4779\/revisions"}],"predecessor-version":[{"id":13039,"href":"https:\/\/www.intellectualsovereignty.ch\/index.php\/wp-json\/wp\/v2\/posts\/4779\/revisions\/13039"}],"wp:featuredmedia":[{"embeddable":true,"href":"https:\/\/www.intellectualsovereignty.ch\/index.php\/wp-json\/wp\/v2\/media\/4798"}],"wp:attachment":[{"href":"https:\/\/www.intellectualsovereignty.ch\/index.php\/wp-json\/wp\/v2\/media?parent=4779"}],"wp:term":[{"taxonomy":"category","embeddable":true,"href":"https:\/\/www.intellectualsovereignty.ch\/index.php\/wp-json\/wp\/v2\/categories?post=4779"},{"taxonomy":"post_tag","embeddable":true,"href":"https:\/\/www.intellectualsovereignty.ch\/index.php\/wp-json\/wp\/v2\/tags?post=4779"}],"curies":[{"name":"wp","href":"https:\/\/api.w.org\/{rel}","templated":true}]}}