{"id":458,"date":"2020-06-21T22:09:22","date_gmt":"2020-06-21T21:09:22","guid":{"rendered":"https:\/\/www.intellectualsovereignty.ch\/?p=458"},"modified":"2020-06-24T20:45:01","modified_gmt":"2020-06-24T19:45:01","slug":"hike-23-niederhorn-gemmenalphorn-oberberg-groen-beatenberg","status":"publish","type":"post","link":"https:\/\/www.intellectualsovereignty.ch\/index.php\/2020\/06\/21\/hike-23-niederhorn-gemmenalphorn-oberberg-groen-beatenberg\/","title":{"rendered":"Hike #23 \/ Niederhorn &#8211; Gemmenalphorn &#8211; Oberberg &#8211; Gr\u00f6n &#8211; Beatenberg"},"content":{"rendered":"\n<p class=\"wp-block-paragraph\">Als eine der sch\u00f6nsten Gratwanderungen im Berner Oberland gepriesen, stand die Tour vom Niederhorn \u00fcber das Gemmenalphorn schon seit ein paar Wochen auf Bea&#8217;s und meiner Wunschliste. Kurzfristig haben sich heute noch Nina und Ben zu uns gesellt, und so haben wir &#8211; um dem nachmitt\u00e4glichen Pulk an Sonntagsausfl\u00fcgern ein wenig auszuweichen &#8211; uns schon fr\u00fch mit dem Auto zur Beatenbucht aufgemacht. Ruckzuck gings mit Standseilbahn und Dreifach-Gondeli hoch aufs bew\u00f6lkte und k\u00fchle Niederhorn. Nach einer kurzen St\u00e4rkung im Bergrestaurant ging&#8217;s dann los in Richtung Gemmenalphorn&#8230;<\/p>\n\n\n\n<figure class=\"wp-block-gallery columns-3 is-cropped wp-block-gallery-1 is-layout-flex wp-block-gallery-is-layout-flex\"><ul class=\"blocks-gallery-grid\"><li class=\"blocks-gallery-item\"><figure><img loading=\"lazy\" decoding=\"async\" width=\"1920\" height=\"2560\" data-attachment-id=\"459\" data-permalink=\"https:\/\/www.intellectualsovereignty.ch\/index.php\/2020\/06\/21\/hike-23-niederhorn-gemmenalphorn-oberberg-groen-beatenberg\/img_0420\/\" data-orig-file=\"https:\/\/www.intellectualsovereignty.ch\/wp-content\/uploads\/2020\/06\/IMG_0420-scaled.jpeg\" data-orig-size=\"1920,2560\" data-comments-opened=\"0\" data-image-title=\"IMG_0420\" data-image-description=\"\" data-image-caption=\"\" data-large-file=\"https:\/\/www.intellectualsovereignty.ch\/wp-content\/uploads\/2020\/06\/IMG_0420-768x1024.jpeg\" src=\"https:\/\/i2.wp.com\/www.intellectualsovereignty.ch\/wp-content\/uploads\/2020\/06\/IMG_0420-scaled.jpeg?fit=520%2C693&amp;ssl=1\" alt=\"\" data-id=\"459\" data-full-url=\"https:\/\/i2.wp.com\/www.intellectualsovereignty.ch\/wp-content\/uploads\/2020\/06\/IMG_0420-scaled.jpeg?fit=1920%2C2560&amp;ssl=1\" data-link=\"https:\/\/www.intellectualsovereignty.ch\/?attachment_id=459\" class=\"wp-image-459\" srcset=\"https:\/\/www.intellectualsovereignty.ch\/wp-content\/uploads\/2020\/06\/IMG_0420-scaled.jpeg 1920w, https:\/\/www.intellectualsovereignty.ch\/wp-content\/uploads\/2020\/06\/IMG_0420-225x300.jpeg 225w, https:\/\/www.intellectualsovereignty.ch\/wp-content\/uploads\/2020\/06\/IMG_0420-768x1024.jpeg 768w, https:\/\/www.intellectualsovereignty.ch\/wp-content\/uploads\/2020\/06\/IMG_0420-1152x1536.jpeg 1152w, https:\/\/www.intellectualsovereignty.ch\/wp-content\/uploads\/2020\/06\/IMG_0420-1536x2048.jpeg 1536w, https:\/\/www.intellectualsovereignty.ch\/wp-content\/uploads\/2020\/06\/IMG_0420-1870x2493.jpeg 1870w, https:\/\/www.intellectualsovereignty.ch\/wp-content\/uploads\/2020\/06\/IMG_0420-400x533.jpeg 400w, https:\/\/www.intellectualsovereignty.ch\/wp-content\/uploads\/2020\/06\/IMG_0420-800x1067.jpeg 800w\" sizes=\"auto, (max-width: 1920px) 100vw, 1920px\" \/><\/figure><\/li><li class=\"blocks-gallery-item\"><figure><img loading=\"lazy\" decoding=\"async\" width=\"2560\" height=\"1920\" data-attachment-id=\"460\" data-permalink=\"https:\/\/www.intellectualsovereignty.ch\/index.php\/2020\/06\/21\/hike-23-niederhorn-gemmenalphorn-oberberg-groen-beatenberg\/img_0418\/\" data-orig-file=\"https:\/\/www.intellectualsovereignty.ch\/wp-content\/uploads\/2020\/06\/IMG_0418-scaled.jpeg\" data-orig-size=\"2560,1920\" data-comments-opened=\"0\" data-image-title=\"IMG_0418\" data-image-description=\"\" data-image-caption=\"\" data-large-file=\"https:\/\/www.intellectualsovereignty.ch\/wp-content\/uploads\/2020\/06\/IMG_0418-1024x768.jpeg\" src=\"https:\/\/i2.wp.com\/www.intellectualsovereignty.ch\/wp-content\/uploads\/2020\/06\/IMG_0418-scaled.jpeg?fit=520%2C390&amp;ssl=1\" alt=\"\" data-id=\"460\" data-full-url=\"https:\/\/i2.wp.com\/www.intellectualsovereignty.ch\/wp-content\/uploads\/2020\/06\/IMG_0418-scaled.jpeg?fit=2560%2C1920&amp;ssl=1\" data-link=\"https:\/\/www.intellectualsovereignty.ch\/?attachment_id=460\" class=\"wp-image-460\" srcset=\"https:\/\/www.intellectualsovereignty.ch\/wp-content\/uploads\/2020\/06\/IMG_0418-scaled.jpeg 2560w, https:\/\/www.intellectualsovereignty.ch\/wp-content\/uploads\/2020\/06\/IMG_0418-300x225.jpeg 300w, https:\/\/www.intellectualsovereignty.ch\/wp-content\/uploads\/2020\/06\/IMG_0418-1024x768.jpeg 1024w, https:\/\/www.intellectualsovereignty.ch\/wp-content\/uploads\/2020\/06\/IMG_0418-768x576.jpeg 768w, https:\/\/www.intellectualsovereignty.ch\/wp-content\/uploads\/2020\/06\/IMG_0418-1536x1152.jpeg 1536w, https:\/\/www.intellectualsovereignty.ch\/wp-content\/uploads\/2020\/06\/IMG_0418-2048x1536.jpeg 2048w, https:\/\/www.intellectualsovereignty.ch\/wp-content\/uploads\/2020\/06\/IMG_0418-1870x1403.jpeg 1870w, https:\/\/www.intellectualsovereignty.ch\/wp-content\/uploads\/2020\/06\/IMG_0418-400x300.jpeg 400w, https:\/\/www.intellectualsovereignty.ch\/wp-content\/uploads\/2020\/06\/IMG_0418-800x600.jpeg 800w\" sizes=\"auto, (max-width: 2560px) 100vw, 2560px\" \/><\/figure><\/li><li class=\"blocks-gallery-item\"><figure><img loading=\"lazy\" decoding=\"async\" width=\"2560\" height=\"1920\" data-attachment-id=\"461\" data-permalink=\"https:\/\/www.intellectualsovereignty.ch\/index.php\/2020\/06\/21\/hike-23-niederhorn-gemmenalphorn-oberberg-groen-beatenberg\/img_0417\/\" data-orig-file=\"https:\/\/www.intellectualsovereignty.ch\/wp-content\/uploads\/2020\/06\/IMG_0417-scaled.jpeg\" data-orig-size=\"2560,1920\" data-comments-opened=\"0\" data-image-title=\"IMG_0417\" data-image-description=\"\" data-image-caption=\"\" data-large-file=\"https:\/\/www.intellectualsovereignty.ch\/wp-content\/uploads\/2020\/06\/IMG_0417-1024x768.jpeg\" src=\"https:\/\/i0.wp.com\/www.intellectualsovereignty.ch\/wp-content\/uploads\/2020\/06\/IMG_0417-scaled.jpeg?fit=520%2C390&amp;ssl=1\" alt=\"\" data-id=\"461\" data-full-url=\"https:\/\/i0.wp.com\/www.intellectualsovereignty.ch\/wp-content\/uploads\/2020\/06\/IMG_0417-scaled.jpeg?fit=2560%2C1920&amp;ssl=1\" data-link=\"https:\/\/www.intellectualsovereignty.ch\/?attachment_id=461\" class=\"wp-image-461\" srcset=\"https:\/\/www.intellectualsovereignty.ch\/wp-content\/uploads\/2020\/06\/IMG_0417-scaled.jpeg 2560w, https:\/\/www.intellectualsovereignty.ch\/wp-content\/uploads\/2020\/06\/IMG_0417-300x225.jpeg 300w, https:\/\/www.intellectualsovereignty.ch\/wp-content\/uploads\/2020\/06\/IMG_0417-1024x768.jpeg 1024w, https:\/\/www.intellectualsovereignty.ch\/wp-content\/uploads\/2020\/06\/IMG_0417-768x576.jpeg 768w, https:\/\/www.intellectualsovereignty.ch\/wp-content\/uploads\/2020\/06\/IMG_0417-1536x1152.jpeg 1536w, https:\/\/www.intellectualsovereignty.ch\/wp-content\/uploads\/2020\/06\/IMG_0417-2048x1536.jpeg 2048w, https:\/\/www.intellectualsovereignty.ch\/wp-content\/uploads\/2020\/06\/IMG_0417-1870x1403.jpeg 1870w, https:\/\/www.intellectualsovereignty.ch\/wp-content\/uploads\/2020\/06\/IMG_0417-400x300.jpeg 400w, https:\/\/www.intellectualsovereignty.ch\/wp-content\/uploads\/2020\/06\/IMG_0417-800x600.jpeg 800w\" sizes=\"auto, (max-width: 2560px) 100vw, 2560px\" \/><\/figure><\/li><li class=\"blocks-gallery-item\"><figure><img loading=\"lazy\" decoding=\"async\" width=\"2560\" height=\"1122\" data-attachment-id=\"462\" data-permalink=\"https:\/\/www.intellectualsovereignty.ch\/index.php\/2020\/06\/21\/hike-23-niederhorn-gemmenalphorn-oberberg-groen-beatenberg\/img_0422\/\" data-orig-file=\"https:\/\/www.intellectualsovereignty.ch\/wp-content\/uploads\/2020\/06\/IMG_0422-scaled.jpeg\" data-orig-size=\"2560,1122\" data-comments-opened=\"0\" data-image-title=\"IMG_0422\" data-image-description=\"\" data-image-caption=\"\" data-large-file=\"https:\/\/www.intellectualsovereignty.ch\/wp-content\/uploads\/2020\/06\/IMG_0422-1024x449.jpeg\" src=\"https:\/\/i0.wp.com\/www.intellectualsovereignty.ch\/wp-content\/uploads\/2020\/06\/IMG_0422-scaled.jpeg?fit=520%2C228&amp;ssl=1\" alt=\"\" data-id=\"462\" data-full-url=\"https:\/\/i0.wp.com\/www.intellectualsovereignty.ch\/wp-content\/uploads\/2020\/06\/IMG_0422-scaled.jpeg?fit=2560%2C1122&amp;ssl=1\" data-link=\"https:\/\/www.intellectualsovereignty.ch\/?attachment_id=462\" class=\"wp-image-462\" srcset=\"https:\/\/www.intellectualsovereignty.ch\/wp-content\/uploads\/2020\/06\/IMG_0422-scaled.jpeg 2560w, https:\/\/www.intellectualsovereignty.ch\/wp-content\/uploads\/2020\/06\/IMG_0422-300x131.jpeg 300w, https:\/\/www.intellectualsovereignty.ch\/wp-content\/uploads\/2020\/06\/IMG_0422-1024x449.jpeg 1024w, https:\/\/www.intellectualsovereignty.ch\/wp-content\/uploads\/2020\/06\/IMG_0422-768x337.jpeg 768w, https:\/\/www.intellectualsovereignty.ch\/wp-content\/uploads\/2020\/06\/IMG_0422-1536x673.jpeg 1536w, https:\/\/www.intellectualsovereignty.ch\/wp-content\/uploads\/2020\/06\/IMG_0422-2048x897.jpeg 2048w, https:\/\/www.intellectualsovereignty.ch\/wp-content\/uploads\/2020\/06\/IMG_0422-1870x819.jpeg 1870w, https:\/\/www.intellectualsovereignty.ch\/wp-content\/uploads\/2020\/06\/IMG_0422-400x175.jpeg 400w, https:\/\/www.intellectualsovereignty.ch\/wp-content\/uploads\/2020\/06\/IMG_0422-800x351.jpeg 800w\" sizes=\"auto, (max-width: 2560px) 100vw, 2560px\" \/><\/figure><\/li><li class=\"blocks-gallery-item\"><figure><img loading=\"lazy\" decoding=\"async\" width=\"2560\" height=\"1920\" data-attachment-id=\"463\" data-permalink=\"https:\/\/www.intellectualsovereignty.ch\/index.php\/2020\/06\/21\/hike-23-niederhorn-gemmenalphorn-oberberg-groen-beatenberg\/img_0421\/\" data-orig-file=\"https:\/\/www.intellectualsovereignty.ch\/wp-content\/uploads\/2020\/06\/IMG_0421-scaled.jpeg\" data-orig-size=\"2560,1920\" data-comments-opened=\"0\" data-image-title=\"IMG_0421\" data-image-description=\"\" data-image-caption=\"\" data-large-file=\"https:\/\/www.intellectualsovereignty.ch\/wp-content\/uploads\/2020\/06\/IMG_0421-1024x768.jpeg\" src=\"https:\/\/i2.wp.com\/www.intellectualsovereignty.ch\/wp-content\/uploads\/2020\/06\/IMG_0421-scaled.jpeg?fit=520%2C390&amp;ssl=1\" alt=\"\" data-id=\"463\" data-full-url=\"https:\/\/i2.wp.com\/www.intellectualsovereignty.ch\/wp-content\/uploads\/2020\/06\/IMG_0421-scaled.jpeg?fit=2560%2C1920&amp;ssl=1\" data-link=\"https:\/\/www.intellectualsovereignty.ch\/?attachment_id=463\" class=\"wp-image-463\" srcset=\"https:\/\/www.intellectualsovereignty.ch\/wp-content\/uploads\/2020\/06\/IMG_0421-scaled.jpeg 2560w, https:\/\/www.intellectualsovereignty.ch\/wp-content\/uploads\/2020\/06\/IMG_0421-300x225.jpeg 300w, https:\/\/www.intellectualsovereignty.ch\/wp-content\/uploads\/2020\/06\/IMG_0421-1024x768.jpeg 1024w, https:\/\/www.intellectualsovereignty.ch\/wp-content\/uploads\/2020\/06\/IMG_0421-768x576.jpeg 768w, https:\/\/www.intellectualsovereignty.ch\/wp-content\/uploads\/2020\/06\/IMG_0421-1536x1152.jpeg 1536w, https:\/\/www.intellectualsovereignty.ch\/wp-content\/uploads\/2020\/06\/IMG_0421-2048x1536.jpeg 2048w, https:\/\/www.intellectualsovereignty.ch\/wp-content\/uploads\/2020\/06\/IMG_0421-1870x1403.jpeg 1870w, https:\/\/www.intellectualsovereignty.ch\/wp-content\/uploads\/2020\/06\/IMG_0421-400x300.jpeg 400w, https:\/\/www.intellectualsovereignty.ch\/wp-content\/uploads\/2020\/06\/IMG_0421-800x600.jpeg 800w\" sizes=\"auto, (max-width: 2560px) 100vw, 2560px\" \/><\/figure><\/li><li class=\"blocks-gallery-item\"><figure><img loading=\"lazy\" decoding=\"async\" width=\"1920\" height=\"2560\" data-attachment-id=\"464\" data-permalink=\"https:\/\/www.intellectualsovereignty.ch\/index.php\/2020\/06\/21\/hike-23-niederhorn-gemmenalphorn-oberberg-groen-beatenberg\/img_0423\/\" data-orig-file=\"https:\/\/www.intellectualsovereignty.ch\/wp-content\/uploads\/2020\/06\/IMG_0423-scaled.jpeg\" data-orig-size=\"1920,2560\" data-comments-opened=\"0\" data-image-title=\"IMG_0423\" data-image-description=\"\" data-image-caption=\"\" data-large-file=\"https:\/\/www.intellectualsovereignty.ch\/wp-content\/uploads\/2020\/06\/IMG_0423-768x1024.jpeg\" src=\"https:\/\/i2.wp.com\/www.intellectualsovereignty.ch\/wp-content\/uploads\/2020\/06\/IMG_0423-scaled.jpeg?fit=520%2C693&amp;ssl=1\" alt=\"\" data-id=\"464\" data-full-url=\"https:\/\/i2.wp.com\/www.intellectualsovereignty.ch\/wp-content\/uploads\/2020\/06\/IMG_0423-scaled.jpeg?fit=1920%2C2560&amp;ssl=1\" data-link=\"https:\/\/www.intellectualsovereignty.ch\/?attachment_id=464\" class=\"wp-image-464\" srcset=\"https:\/\/www.intellectualsovereignty.ch\/wp-content\/uploads\/2020\/06\/IMG_0423-scaled.jpeg 1920w, https:\/\/www.intellectualsovereignty.ch\/wp-content\/uploads\/2020\/06\/IMG_0423-225x300.jpeg 225w, https:\/\/www.intellectualsovereignty.ch\/wp-content\/uploads\/2020\/06\/IMG_0423-768x1024.jpeg 768w, https:\/\/www.intellectualsovereignty.ch\/wp-content\/uploads\/2020\/06\/IMG_0423-1152x1536.jpeg 1152w, https:\/\/www.intellectualsovereignty.ch\/wp-content\/uploads\/2020\/06\/IMG_0423-1536x2048.jpeg 1536w, https:\/\/www.intellectualsovereignty.ch\/wp-content\/uploads\/2020\/06\/IMG_0423-1870x2493.jpeg 1870w, https:\/\/www.intellectualsovereignty.ch\/wp-content\/uploads\/2020\/06\/IMG_0423-400x533.jpeg 400w, https:\/\/www.intellectualsovereignty.ch\/wp-content\/uploads\/2020\/06\/IMG_0423-800x1067.jpeg 800w\" sizes=\"auto, (max-width: 1920px) 100vw, 1920px\" \/><\/figure><\/li><li class=\"blocks-gallery-item\"><figure><img loading=\"lazy\" decoding=\"async\" width=\"2560\" height=\"1920\" data-attachment-id=\"465\" data-permalink=\"https:\/\/www.intellectualsovereignty.ch\/index.php\/2020\/06\/21\/hike-23-niederhorn-gemmenalphorn-oberberg-groen-beatenberg\/img_0419\/\" data-orig-file=\"https:\/\/www.intellectualsovereignty.ch\/wp-content\/uploads\/2020\/06\/IMG_0419-scaled.jpeg\" data-orig-size=\"2560,1920\" data-comments-opened=\"0\" data-image-title=\"IMG_0419\" data-image-description=\"\" data-image-caption=\"\" data-large-file=\"https:\/\/www.intellectualsovereignty.ch\/wp-content\/uploads\/2020\/06\/IMG_0419-1024x768.jpeg\" src=\"https:\/\/i1.wp.com\/www.intellectualsovereignty.ch\/wp-content\/uploads\/2020\/06\/IMG_0419-scaled.jpeg?fit=520%2C390&amp;ssl=1\" alt=\"\" data-id=\"465\" data-full-url=\"https:\/\/i1.wp.com\/www.intellectualsovereignty.ch\/wp-content\/uploads\/2020\/06\/IMG_0419-scaled.jpeg?fit=2560%2C1920&amp;ssl=1\" data-link=\"https:\/\/www.intellectualsovereignty.ch\/?attachment_id=465\" class=\"wp-image-465\" srcset=\"https:\/\/www.intellectualsovereignty.ch\/wp-content\/uploads\/2020\/06\/IMG_0419-scaled.jpeg 2560w, https:\/\/www.intellectualsovereignty.ch\/wp-content\/uploads\/2020\/06\/IMG_0419-300x225.jpeg 300w, https:\/\/www.intellectualsovereignty.ch\/wp-content\/uploads\/2020\/06\/IMG_0419-1024x768.jpeg 1024w, https:\/\/www.intellectualsovereignty.ch\/wp-content\/uploads\/2020\/06\/IMG_0419-768x576.jpeg 768w, https:\/\/www.intellectualsovereignty.ch\/wp-content\/uploads\/2020\/06\/IMG_0419-1536x1152.jpeg 1536w, https:\/\/www.intellectualsovereignty.ch\/wp-content\/uploads\/2020\/06\/IMG_0419-2048x1536.jpeg 2048w, https:\/\/www.intellectualsovereignty.ch\/wp-content\/uploads\/2020\/06\/IMG_0419-1870x1403.jpeg 1870w, https:\/\/www.intellectualsovereignty.ch\/wp-content\/uploads\/2020\/06\/IMG_0419-400x300.jpeg 400w, https:\/\/www.intellectualsovereignty.ch\/wp-content\/uploads\/2020\/06\/IMG_0419-800x600.jpeg 800w\" sizes=\"auto, (max-width: 2560px) 100vw, 2560px\" \/><\/figure><\/li><\/ul><\/figure>\n\n\n\n<p class=\"wp-block-paragraph\">Eine atemberaubende Aussicht jagt die n\u00e4chste, sei es hinunter ins Justistal und an dessen Ende zum Sichelpass, hinunter zum Thunersee, hin\u00fcber zum Niesen oder zum Rothorngrat, immer wieder gilt es kurz inne zu halten und das Panorama zu geniessen. Einzig die schon fast zutraulichen Steinb\u00f6cke k\u00f6nnen das Naturschauspiel von Bergen, T\u00e4lern, Seen, Wolken und Sonne toppen!<\/p>\n\n\n\n<figure class=\"wp-block-gallery columns-3 is-cropped wp-block-gallery-2 is-layout-flex wp-block-gallery-is-layout-flex\"><ul class=\"blocks-gallery-grid\"><li class=\"blocks-gallery-item\"><figure><img loading=\"lazy\" decoding=\"async\" width=\"1920\" height=\"2560\" data-attachment-id=\"466\" data-permalink=\"https:\/\/www.intellectualsovereignty.ch\/index.php\/2020\/06\/21\/hike-23-niederhorn-gemmenalphorn-oberberg-groen-beatenberg\/img_0424\/\" data-orig-file=\"https:\/\/www.intellectualsovereignty.ch\/wp-content\/uploads\/2020\/06\/IMG_0424-scaled.jpeg\" data-orig-size=\"1920,2560\" data-comments-opened=\"0\" data-image-title=\"IMG_0424\" data-image-description=\"\" data-image-caption=\"\" data-large-file=\"https:\/\/www.intellectualsovereignty.ch\/wp-content\/uploads\/2020\/06\/IMG_0424-768x1024.jpeg\" src=\"https:\/\/i2.wp.com\/www.intellectualsovereignty.ch\/wp-content\/uploads\/2020\/06\/IMG_0424-scaled.jpeg?fit=520%2C693&amp;ssl=1\" alt=\"\" data-id=\"466\" data-full-url=\"https:\/\/i2.wp.com\/www.intellectualsovereignty.ch\/wp-content\/uploads\/2020\/06\/IMG_0424-scaled.jpeg?fit=1920%2C2560&amp;ssl=1\" data-link=\"https:\/\/www.intellectualsovereignty.ch\/?attachment_id=466\" class=\"wp-image-466\" srcset=\"https:\/\/www.intellectualsovereignty.ch\/wp-content\/uploads\/2020\/06\/IMG_0424-scaled.jpeg 1920w, https:\/\/www.intellectualsovereignty.ch\/wp-content\/uploads\/2020\/06\/IMG_0424-225x300.jpeg 225w, https:\/\/www.intellectualsovereignty.ch\/wp-content\/uploads\/2020\/06\/IMG_0424-768x1024.jpeg 768w, https:\/\/www.intellectualsovereignty.ch\/wp-content\/uploads\/2020\/06\/IMG_0424-1152x1536.jpeg 1152w, https:\/\/www.intellectualsovereignty.ch\/wp-content\/uploads\/2020\/06\/IMG_0424-1536x2048.jpeg 1536w, https:\/\/www.intellectualsovereignty.ch\/wp-content\/uploads\/2020\/06\/IMG_0424-1870x2493.jpeg 1870w, https:\/\/www.intellectualsovereignty.ch\/wp-content\/uploads\/2020\/06\/IMG_0424-400x533.jpeg 400w, https:\/\/www.intellectualsovereignty.ch\/wp-content\/uploads\/2020\/06\/IMG_0424-800x1067.jpeg 800w\" sizes=\"auto, (max-width: 1920px) 100vw, 1920px\" \/><\/figure><\/li><li class=\"blocks-gallery-item\"><figure><img loading=\"lazy\" decoding=\"async\" width=\"2560\" height=\"1920\" data-attachment-id=\"467\" data-permalink=\"https:\/\/www.intellectualsovereignty.ch\/index.php\/2020\/06\/21\/hike-23-niederhorn-gemmenalphorn-oberberg-groen-beatenberg\/img_0425\/\" data-orig-file=\"https:\/\/www.intellectualsovereignty.ch\/wp-content\/uploads\/2020\/06\/IMG_0425-scaled.jpeg\" data-orig-size=\"2560,1920\" data-comments-opened=\"0\" data-image-title=\"IMG_0425\" data-image-description=\"\" data-image-caption=\"\" data-large-file=\"https:\/\/www.intellectualsovereignty.ch\/wp-content\/uploads\/2020\/06\/IMG_0425-1024x768.jpeg\" src=\"https:\/\/i0.wp.com\/www.intellectualsovereignty.ch\/wp-content\/uploads\/2020\/06\/IMG_0425-scaled.jpeg?fit=520%2C390&amp;ssl=1\" alt=\"\" data-id=\"467\" data-full-url=\"https:\/\/i0.wp.com\/www.intellectualsovereignty.ch\/wp-content\/uploads\/2020\/06\/IMG_0425-scaled.jpeg?fit=2560%2C1920&amp;ssl=1\" data-link=\"https:\/\/www.intellectualsovereignty.ch\/?attachment_id=467\" class=\"wp-image-467\" srcset=\"https:\/\/www.intellectualsovereignty.ch\/wp-content\/uploads\/2020\/06\/IMG_0425-scaled.jpeg 2560w, https:\/\/www.intellectualsovereignty.ch\/wp-content\/uploads\/2020\/06\/IMG_0425-300x225.jpeg 300w, https:\/\/www.intellectualsovereignty.ch\/wp-content\/uploads\/2020\/06\/IMG_0425-1024x768.jpeg 1024w, https:\/\/www.intellectualsovereignty.ch\/wp-content\/uploads\/2020\/06\/IMG_0425-768x576.jpeg 768w, https:\/\/www.intellectualsovereignty.ch\/wp-content\/uploads\/2020\/06\/IMG_0425-1536x1152.jpeg 1536w, https:\/\/www.intellectualsovereignty.ch\/wp-content\/uploads\/2020\/06\/IMG_0425-2048x1536.jpeg 2048w, https:\/\/www.intellectualsovereignty.ch\/wp-content\/uploads\/2020\/06\/IMG_0425-1870x1403.jpeg 1870w, https:\/\/www.intellectualsovereignty.ch\/wp-content\/uploads\/2020\/06\/IMG_0425-400x300.jpeg 400w, https:\/\/www.intellectualsovereignty.ch\/wp-content\/uploads\/2020\/06\/IMG_0425-800x600.jpeg 800w\" sizes=\"auto, (max-width: 2560px) 100vw, 2560px\" \/><\/figure><\/li><li class=\"blocks-gallery-item\"><figure><img loading=\"lazy\" decoding=\"async\" width=\"2560\" height=\"1920\" data-attachment-id=\"468\" data-permalink=\"https:\/\/www.intellectualsovereignty.ch\/index.php\/2020\/06\/21\/hike-23-niederhorn-gemmenalphorn-oberberg-groen-beatenberg\/img_0426\/\" data-orig-file=\"https:\/\/www.intellectualsovereignty.ch\/wp-content\/uploads\/2020\/06\/IMG_0426-scaled.jpeg\" data-orig-size=\"2560,1920\" data-comments-opened=\"0\" data-image-title=\"IMG_0426\" data-image-description=\"\" data-image-caption=\"\" data-large-file=\"https:\/\/www.intellectualsovereignty.ch\/wp-content\/uploads\/2020\/06\/IMG_0426-1024x768.jpeg\" src=\"https:\/\/i1.wp.com\/www.intellectualsovereignty.ch\/wp-content\/uploads\/2020\/06\/IMG_0426-scaled.jpeg?fit=520%2C390&amp;ssl=1\" alt=\"\" data-id=\"468\" data-full-url=\"https:\/\/i1.wp.com\/www.intellectualsovereignty.ch\/wp-content\/uploads\/2020\/06\/IMG_0426-scaled.jpeg?fit=2560%2C1920&amp;ssl=1\" data-link=\"https:\/\/www.intellectualsovereignty.ch\/?attachment_id=468\" class=\"wp-image-468\" srcset=\"https:\/\/www.intellectualsovereignty.ch\/wp-content\/uploads\/2020\/06\/IMG_0426-scaled.jpeg 2560w, https:\/\/www.intellectualsovereignty.ch\/wp-content\/uploads\/2020\/06\/IMG_0426-300x225.jpeg 300w, https:\/\/www.intellectualsovereignty.ch\/wp-content\/uploads\/2020\/06\/IMG_0426-1024x768.jpeg 1024w, https:\/\/www.intellectualsovereignty.ch\/wp-content\/uploads\/2020\/06\/IMG_0426-768x576.jpeg 768w, https:\/\/www.intellectualsovereignty.ch\/wp-content\/uploads\/2020\/06\/IMG_0426-1536x1152.jpeg 1536w, https:\/\/www.intellectualsovereignty.ch\/wp-content\/uploads\/2020\/06\/IMG_0426-2048x1536.jpeg 2048w, https:\/\/www.intellectualsovereignty.ch\/wp-content\/uploads\/2020\/06\/IMG_0426-1870x1403.jpeg 1870w, https:\/\/www.intellectualsovereignty.ch\/wp-content\/uploads\/2020\/06\/IMG_0426-400x300.jpeg 400w, https:\/\/www.intellectualsovereignty.ch\/wp-content\/uploads\/2020\/06\/IMG_0426-800x600.jpeg 800w\" sizes=\"auto, (max-width: 2560px) 100vw, 2560px\" \/><\/figure><\/li><li class=\"blocks-gallery-item\"><figure><img loading=\"lazy\" decoding=\"async\" width=\"2560\" height=\"1920\" data-attachment-id=\"469\" data-permalink=\"https:\/\/www.intellectualsovereignty.ch\/index.php\/2020\/06\/21\/hike-23-niederhorn-gemmenalphorn-oberberg-groen-beatenberg\/img_0427\/\" data-orig-file=\"https:\/\/www.intellectualsovereignty.ch\/wp-content\/uploads\/2020\/06\/IMG_0427-scaled.jpeg\" data-orig-size=\"2560,1920\" data-comments-opened=\"0\" data-image-title=\"IMG_0427\" data-image-description=\"\" data-image-caption=\"\" data-large-file=\"https:\/\/www.intellectualsovereignty.ch\/wp-content\/uploads\/2020\/06\/IMG_0427-1024x768.jpeg\" src=\"https:\/\/i0.wp.com\/www.intellectualsovereignty.ch\/wp-content\/uploads\/2020\/06\/IMG_0427-scaled.jpeg?fit=520%2C390&amp;ssl=1\" alt=\"\" data-id=\"469\" data-full-url=\"https:\/\/i0.wp.com\/www.intellectualsovereignty.ch\/wp-content\/uploads\/2020\/06\/IMG_0427-scaled.jpeg?fit=2560%2C1920&amp;ssl=1\" data-link=\"https:\/\/www.intellectualsovereignty.ch\/?attachment_id=469\" class=\"wp-image-469\" srcset=\"https:\/\/www.intellectualsovereignty.ch\/wp-content\/uploads\/2020\/06\/IMG_0427-scaled.jpeg 2560w, https:\/\/www.intellectualsovereignty.ch\/wp-content\/uploads\/2020\/06\/IMG_0427-300x225.jpeg 300w, https:\/\/www.intellectualsovereignty.ch\/wp-content\/uploads\/2020\/06\/IMG_0427-1024x768.jpeg 1024w, https:\/\/www.intellectualsovereignty.ch\/wp-content\/uploads\/2020\/06\/IMG_0427-768x576.jpeg 768w, https:\/\/www.intellectualsovereignty.ch\/wp-content\/uploads\/2020\/06\/IMG_0427-1536x1152.jpeg 1536w, https:\/\/www.intellectualsovereignty.ch\/wp-content\/uploads\/2020\/06\/IMG_0427-2048x1536.jpeg 2048w, https:\/\/www.intellectualsovereignty.ch\/wp-content\/uploads\/2020\/06\/IMG_0427-1870x1403.jpeg 1870w, https:\/\/www.intellectualsovereignty.ch\/wp-content\/uploads\/2020\/06\/IMG_0427-400x300.jpeg 400w, https:\/\/www.intellectualsovereignty.ch\/wp-content\/uploads\/2020\/06\/IMG_0427-800x600.jpeg 800w\" sizes=\"auto, (max-width: 2560px) 100vw, 2560px\" \/><\/figure><\/li><\/ul><\/figure>\n\n\n\n<p class=\"wp-block-paragraph\">Weiter geht es dem Grat entlang, immerzu hoch und runter, bis zum Gemmenalphorn, auf dem das Panorama hin zu Hohgant und Entlebuch nochmal ein paar \u00dcberraschungen bereit h\u00e4lt. Einzig die freie Sicht auf Eiger, M\u00f6nch und Jungfrau bleibt uns verwehrt, oberhalb des Tschuggen taucht das Dreigestirn in den Wolken ab.<\/p>\n\n\n\n<figure class=\"wp-block-gallery columns-3 is-cropped wp-block-gallery-3 is-layout-flex wp-block-gallery-is-layout-flex\"><ul class=\"blocks-gallery-grid\"><li class=\"blocks-gallery-item\"><figure><img loading=\"lazy\" decoding=\"async\" width=\"2560\" height=\"857\" data-attachment-id=\"470\" data-permalink=\"https:\/\/www.intellectualsovereignty.ch\/index.php\/2020\/06\/21\/hike-23-niederhorn-gemmenalphorn-oberberg-groen-beatenberg\/img_0428\/\" data-orig-file=\"https:\/\/www.intellectualsovereignty.ch\/wp-content\/uploads\/2020\/06\/IMG_0428-scaled.jpeg\" data-orig-size=\"2560,857\" data-comments-opened=\"0\" data-image-title=\"IMG_0428\" data-image-description=\"\" data-image-caption=\"\" data-large-file=\"https:\/\/www.intellectualsovereignty.ch\/wp-content\/uploads\/2020\/06\/IMG_0428-1024x343.jpeg\" src=\"https:\/\/i2.wp.com\/www.intellectualsovereignty.ch\/wp-content\/uploads\/2020\/06\/IMG_0428-scaled.jpeg?fit=520%2C174&amp;ssl=1\" alt=\"\" data-id=\"470\" data-full-url=\"https:\/\/i2.wp.com\/www.intellectualsovereignty.ch\/wp-content\/uploads\/2020\/06\/IMG_0428-scaled.jpeg?fit=2560%2C857&amp;ssl=1\" data-link=\"https:\/\/www.intellectualsovereignty.ch\/?attachment_id=470\" class=\"wp-image-470\" srcset=\"https:\/\/www.intellectualsovereignty.ch\/wp-content\/uploads\/2020\/06\/IMG_0428-scaled.jpeg 2560w, https:\/\/www.intellectualsovereignty.ch\/wp-content\/uploads\/2020\/06\/IMG_0428-300x100.jpeg 300w, https:\/\/www.intellectualsovereignty.ch\/wp-content\/uploads\/2020\/06\/IMG_0428-1024x343.jpeg 1024w, https:\/\/www.intellectualsovereignty.ch\/wp-content\/uploads\/2020\/06\/IMG_0428-768x257.jpeg 768w, https:\/\/www.intellectualsovereignty.ch\/wp-content\/uploads\/2020\/06\/IMG_0428-1536x514.jpeg 1536w, https:\/\/www.intellectualsovereignty.ch\/wp-content\/uploads\/2020\/06\/IMG_0428-2048x686.jpeg 2048w, https:\/\/www.intellectualsovereignty.ch\/wp-content\/uploads\/2020\/06\/IMG_0428-1870x626.jpeg 1870w, https:\/\/www.intellectualsovereignty.ch\/wp-content\/uploads\/2020\/06\/IMG_0428-400x134.jpeg 400w, https:\/\/www.intellectualsovereignty.ch\/wp-content\/uploads\/2020\/06\/IMG_0428-800x268.jpeg 800w\" sizes=\"auto, (max-width: 2560px) 100vw, 2560px\" \/><\/figure><\/li><li class=\"blocks-gallery-item\"><figure><img loading=\"lazy\" decoding=\"async\" width=\"2560\" height=\"1920\" data-attachment-id=\"471\" data-permalink=\"https:\/\/www.intellectualsovereignty.ch\/index.php\/2020\/06\/21\/hike-23-niederhorn-gemmenalphorn-oberberg-groen-beatenberg\/img_0429\/\" data-orig-file=\"https:\/\/www.intellectualsovereignty.ch\/wp-content\/uploads\/2020\/06\/IMG_0429-scaled.jpeg\" data-orig-size=\"2560,1920\" data-comments-opened=\"0\" data-image-title=\"IMG_0429\" data-image-description=\"\" data-image-caption=\"\" data-large-file=\"https:\/\/www.intellectualsovereignty.ch\/wp-content\/uploads\/2020\/06\/IMG_0429-1024x768.jpeg\" src=\"https:\/\/i0.wp.com\/www.intellectualsovereignty.ch\/wp-content\/uploads\/2020\/06\/IMG_0429-scaled.jpeg?fit=520%2C390&amp;ssl=1\" alt=\"\" data-id=\"471\" data-full-url=\"https:\/\/i0.wp.com\/www.intellectualsovereignty.ch\/wp-content\/uploads\/2020\/06\/IMG_0429-scaled.jpeg?fit=2560%2C1920&amp;ssl=1\" data-link=\"https:\/\/www.intellectualsovereignty.ch\/?attachment_id=471\" class=\"wp-image-471\" srcset=\"https:\/\/www.intellectualsovereignty.ch\/wp-content\/uploads\/2020\/06\/IMG_0429-scaled.jpeg 2560w, https:\/\/www.intellectualsovereignty.ch\/wp-content\/uploads\/2020\/06\/IMG_0429-300x225.jpeg 300w, https:\/\/www.intellectualsovereignty.ch\/wp-content\/uploads\/2020\/06\/IMG_0429-1024x768.jpeg 1024w, https:\/\/www.intellectualsovereignty.ch\/wp-content\/uploads\/2020\/06\/IMG_0429-768x576.jpeg 768w, https:\/\/www.intellectualsovereignty.ch\/wp-content\/uploads\/2020\/06\/IMG_0429-1536x1152.jpeg 1536w, https:\/\/www.intellectualsovereignty.ch\/wp-content\/uploads\/2020\/06\/IMG_0429-2048x1536.jpeg 2048w, https:\/\/www.intellectualsovereignty.ch\/wp-content\/uploads\/2020\/06\/IMG_0429-1870x1403.jpeg 1870w, https:\/\/www.intellectualsovereignty.ch\/wp-content\/uploads\/2020\/06\/IMG_0429-400x300.jpeg 400w, https:\/\/www.intellectualsovereignty.ch\/wp-content\/uploads\/2020\/06\/IMG_0429-800x600.jpeg 800w\" sizes=\"auto, (max-width: 2560px) 100vw, 2560px\" \/><\/figure><\/li><li class=\"blocks-gallery-item\"><figure><img loading=\"lazy\" decoding=\"async\" width=\"2560\" height=\"1920\" data-attachment-id=\"472\" data-permalink=\"https:\/\/www.intellectualsovereignty.ch\/index.php\/2020\/06\/21\/hike-23-niederhorn-gemmenalphorn-oberberg-groen-beatenberg\/img_0430\/\" data-orig-file=\"https:\/\/www.intellectualsovereignty.ch\/wp-content\/uploads\/2020\/06\/IMG_0430-scaled.jpeg\" data-orig-size=\"2560,1920\" data-comments-opened=\"0\" data-image-title=\"IMG_0430\" data-image-description=\"\" data-image-caption=\"\" data-large-file=\"https:\/\/www.intellectualsovereignty.ch\/wp-content\/uploads\/2020\/06\/IMG_0430-1024x768.jpeg\" src=\"https:\/\/i1.wp.com\/www.intellectualsovereignty.ch\/wp-content\/uploads\/2020\/06\/IMG_0430-scaled.jpeg?fit=520%2C390&amp;ssl=1\" alt=\"\" data-id=\"472\" data-full-url=\"https:\/\/i1.wp.com\/www.intellectualsovereignty.ch\/wp-content\/uploads\/2020\/06\/IMG_0430-scaled.jpeg?fit=2560%2C1920&amp;ssl=1\" data-link=\"https:\/\/www.intellectualsovereignty.ch\/?attachment_id=472\" class=\"wp-image-472\" srcset=\"https:\/\/www.intellectualsovereignty.ch\/wp-content\/uploads\/2020\/06\/IMG_0430-scaled.jpeg 2560w, https:\/\/www.intellectualsovereignty.ch\/wp-content\/uploads\/2020\/06\/IMG_0430-300x225.jpeg 300w, https:\/\/www.intellectualsovereignty.ch\/wp-content\/uploads\/2020\/06\/IMG_0430-1024x768.jpeg 1024w, https:\/\/www.intellectualsovereignty.ch\/wp-content\/uploads\/2020\/06\/IMG_0430-768x576.jpeg 768w, https:\/\/www.intellectualsovereignty.ch\/wp-content\/uploads\/2020\/06\/IMG_0430-1536x1152.jpeg 1536w, https:\/\/www.intellectualsovereignty.ch\/wp-content\/uploads\/2020\/06\/IMG_0430-2048x1536.jpeg 2048w, https:\/\/www.intellectualsovereignty.ch\/wp-content\/uploads\/2020\/06\/IMG_0430-1870x1403.jpeg 1870w, https:\/\/www.intellectualsovereignty.ch\/wp-content\/uploads\/2020\/06\/IMG_0430-400x300.jpeg 400w, https:\/\/www.intellectualsovereignty.ch\/wp-content\/uploads\/2020\/06\/IMG_0430-800x600.jpeg 800w\" sizes=\"auto, (max-width: 2560px) 100vw, 2560px\" \/><\/figure><\/li><li class=\"blocks-gallery-item\"><figure><img loading=\"lazy\" decoding=\"async\" width=\"2560\" height=\"1920\" data-attachment-id=\"473\" data-permalink=\"https:\/\/www.intellectualsovereignty.ch\/index.php\/2020\/06\/21\/hike-23-niederhorn-gemmenalphorn-oberberg-groen-beatenberg\/img_0431\/\" data-orig-file=\"https:\/\/www.intellectualsovereignty.ch\/wp-content\/uploads\/2020\/06\/IMG_0431-scaled.jpeg\" data-orig-size=\"2560,1920\" data-comments-opened=\"0\" data-image-title=\"IMG_0431\" data-image-description=\"\" data-image-caption=\"\" data-large-file=\"https:\/\/www.intellectualsovereignty.ch\/wp-content\/uploads\/2020\/06\/IMG_0431-1024x768.jpeg\" src=\"https:\/\/i0.wp.com\/www.intellectualsovereignty.ch\/wp-content\/uploads\/2020\/06\/IMG_0431-scaled.jpeg?fit=520%2C390&amp;ssl=1\" alt=\"\" data-id=\"473\" data-full-url=\"https:\/\/i0.wp.com\/www.intellectualsovereignty.ch\/wp-content\/uploads\/2020\/06\/IMG_0431-scaled.jpeg?fit=2560%2C1920&amp;ssl=1\" data-link=\"https:\/\/www.intellectualsovereignty.ch\/?attachment_id=473\" class=\"wp-image-473\" srcset=\"https:\/\/www.intellectualsovereignty.ch\/wp-content\/uploads\/2020\/06\/IMG_0431-scaled.jpeg 2560w, https:\/\/www.intellectualsovereignty.ch\/wp-content\/uploads\/2020\/06\/IMG_0431-300x225.jpeg 300w, https:\/\/www.intellectualsovereignty.ch\/wp-content\/uploads\/2020\/06\/IMG_0431-1024x768.jpeg 1024w, https:\/\/www.intellectualsovereignty.ch\/wp-content\/uploads\/2020\/06\/IMG_0431-768x576.jpeg 768w, https:\/\/www.intellectualsovereignty.ch\/wp-content\/uploads\/2020\/06\/IMG_0431-1536x1152.jpeg 1536w, https:\/\/www.intellectualsovereignty.ch\/wp-content\/uploads\/2020\/06\/IMG_0431-2048x1536.jpeg 2048w, https:\/\/www.intellectualsovereignty.ch\/wp-content\/uploads\/2020\/06\/IMG_0431-1870x1403.jpeg 1870w, https:\/\/www.intellectualsovereignty.ch\/wp-content\/uploads\/2020\/06\/IMG_0431-400x300.jpeg 400w, https:\/\/www.intellectualsovereignty.ch\/wp-content\/uploads\/2020\/06\/IMG_0431-800x600.jpeg 800w\" sizes=\"auto, (max-width: 2560px) 100vw, 2560px\" \/><\/figure><\/li><li class=\"blocks-gallery-item\"><figure><img loading=\"lazy\" decoding=\"async\" width=\"2560\" height=\"1920\" data-attachment-id=\"474\" data-permalink=\"https:\/\/www.intellectualsovereignty.ch\/index.php\/2020\/06\/21\/hike-23-niederhorn-gemmenalphorn-oberberg-groen-beatenberg\/img_0432\/\" data-orig-file=\"https:\/\/www.intellectualsovereignty.ch\/wp-content\/uploads\/2020\/06\/IMG_0432-scaled.jpeg\" data-orig-size=\"2560,1920\" data-comments-opened=\"0\" data-image-title=\"IMG_0432\" data-image-description=\"\" data-image-caption=\"\" data-large-file=\"https:\/\/www.intellectualsovereignty.ch\/wp-content\/uploads\/2020\/06\/IMG_0432-1024x768.jpeg\" src=\"https:\/\/i0.wp.com\/www.intellectualsovereignty.ch\/wp-content\/uploads\/2020\/06\/IMG_0432-scaled.jpeg?fit=520%2C390&amp;ssl=1\" alt=\"\" data-id=\"474\" data-full-url=\"https:\/\/i0.wp.com\/www.intellectualsovereignty.ch\/wp-content\/uploads\/2020\/06\/IMG_0432-scaled.jpeg?fit=2560%2C1920&amp;ssl=1\" data-link=\"https:\/\/www.intellectualsovereignty.ch\/?attachment_id=474\" class=\"wp-image-474\" srcset=\"https:\/\/www.intellectualsovereignty.ch\/wp-content\/uploads\/2020\/06\/IMG_0432-scaled.jpeg 2560w, https:\/\/www.intellectualsovereignty.ch\/wp-content\/uploads\/2020\/06\/IMG_0432-300x225.jpeg 300w, https:\/\/www.intellectualsovereignty.ch\/wp-content\/uploads\/2020\/06\/IMG_0432-1024x768.jpeg 1024w, https:\/\/www.intellectualsovereignty.ch\/wp-content\/uploads\/2020\/06\/IMG_0432-768x576.jpeg 768w, https:\/\/www.intellectualsovereignty.ch\/wp-content\/uploads\/2020\/06\/IMG_0432-1536x1152.jpeg 1536w, https:\/\/www.intellectualsovereignty.ch\/wp-content\/uploads\/2020\/06\/IMG_0432-2048x1536.jpeg 2048w, https:\/\/www.intellectualsovereignty.ch\/wp-content\/uploads\/2020\/06\/IMG_0432-1870x1403.jpeg 1870w, https:\/\/www.intellectualsovereignty.ch\/wp-content\/uploads\/2020\/06\/IMG_0432-400x300.jpeg 400w, https:\/\/www.intellectualsovereignty.ch\/wp-content\/uploads\/2020\/06\/IMG_0432-800x600.jpeg 800w\" sizes=\"auto, (max-width: 2560px) 100vw, 2560px\" \/><\/figure><\/li><li class=\"blocks-gallery-item\"><figure><img loading=\"lazy\" decoding=\"async\" width=\"1920\" height=\"2560\" data-attachment-id=\"475\" data-permalink=\"https:\/\/www.intellectualsovereignty.ch\/index.php\/2020\/06\/21\/hike-23-niederhorn-gemmenalphorn-oberberg-groen-beatenberg\/img_0433\/\" data-orig-file=\"https:\/\/www.intellectualsovereignty.ch\/wp-content\/uploads\/2020\/06\/IMG_0433-scaled.jpeg\" data-orig-size=\"1920,2560\" data-comments-opened=\"0\" data-image-title=\"IMG_0433\" data-image-description=\"\" data-image-caption=\"\" data-large-file=\"https:\/\/www.intellectualsovereignty.ch\/wp-content\/uploads\/2020\/06\/IMG_0433-768x1024.jpeg\" src=\"https:\/\/i1.wp.com\/www.intellectualsovereignty.ch\/wp-content\/uploads\/2020\/06\/IMG_0433-scaled.jpeg?fit=520%2C693&amp;ssl=1\" alt=\"\" data-id=\"475\" data-full-url=\"https:\/\/i1.wp.com\/www.intellectualsovereignty.ch\/wp-content\/uploads\/2020\/06\/IMG_0433-scaled.jpeg?fit=1920%2C2560&amp;ssl=1\" data-link=\"https:\/\/www.intellectualsovereignty.ch\/?attachment_id=475\" class=\"wp-image-475\" srcset=\"https:\/\/www.intellectualsovereignty.ch\/wp-content\/uploads\/2020\/06\/IMG_0433-scaled.jpeg 1920w, https:\/\/www.intellectualsovereignty.ch\/wp-content\/uploads\/2020\/06\/IMG_0433-225x300.jpeg 225w, https:\/\/www.intellectualsovereignty.ch\/wp-content\/uploads\/2020\/06\/IMG_0433-768x1024.jpeg 768w, https:\/\/www.intellectualsovereignty.ch\/wp-content\/uploads\/2020\/06\/IMG_0433-1152x1536.jpeg 1152w, https:\/\/www.intellectualsovereignty.ch\/wp-content\/uploads\/2020\/06\/IMG_0433-1536x2048.jpeg 1536w, https:\/\/www.intellectualsovereignty.ch\/wp-content\/uploads\/2020\/06\/IMG_0433-1870x2493.jpeg 1870w, https:\/\/www.intellectualsovereignty.ch\/wp-content\/uploads\/2020\/06\/IMG_0433-400x533.jpeg 400w, https:\/\/www.intellectualsovereignty.ch\/wp-content\/uploads\/2020\/06\/IMG_0433-800x1067.jpeg 800w\" sizes=\"auto, (max-width: 1920px) 100vw, 1920px\" \/><\/figure><\/li><li class=\"blocks-gallery-item\"><figure><img loading=\"lazy\" decoding=\"async\" width=\"1920\" height=\"2560\" data-attachment-id=\"476\" data-permalink=\"https:\/\/www.intellectualsovereignty.ch\/index.php\/2020\/06\/21\/hike-23-niederhorn-gemmenalphorn-oberberg-groen-beatenberg\/img_0434\/\" data-orig-file=\"https:\/\/www.intellectualsovereignty.ch\/wp-content\/uploads\/2020\/06\/IMG_0434-scaled.jpeg\" data-orig-size=\"1920,2560\" data-comments-opened=\"0\" data-image-title=\"IMG_0434\" data-image-description=\"\" data-image-caption=\"\" data-large-file=\"https:\/\/www.intellectualsovereignty.ch\/wp-content\/uploads\/2020\/06\/IMG_0434-768x1024.jpeg\" src=\"https:\/\/i0.wp.com\/www.intellectualsovereignty.ch\/wp-content\/uploads\/2020\/06\/IMG_0434-scaled.jpeg?fit=520%2C693&amp;ssl=1\" alt=\"\" data-id=\"476\" data-full-url=\"https:\/\/i0.wp.com\/www.intellectualsovereignty.ch\/wp-content\/uploads\/2020\/06\/IMG_0434-scaled.jpeg?fit=1920%2C2560&amp;ssl=1\" data-link=\"https:\/\/www.intellectualsovereignty.ch\/?attachment_id=476\" class=\"wp-image-476\" srcset=\"https:\/\/www.intellectualsovereignty.ch\/wp-content\/uploads\/2020\/06\/IMG_0434-scaled.jpeg 1920w, https:\/\/www.intellectualsovereignty.ch\/wp-content\/uploads\/2020\/06\/IMG_0434-225x300.jpeg 225w, https:\/\/www.intellectualsovereignty.ch\/wp-content\/uploads\/2020\/06\/IMG_0434-768x1024.jpeg 768w, https:\/\/www.intellectualsovereignty.ch\/wp-content\/uploads\/2020\/06\/IMG_0434-1152x1536.jpeg 1152w, https:\/\/www.intellectualsovereignty.ch\/wp-content\/uploads\/2020\/06\/IMG_0434-1536x2048.jpeg 1536w, https:\/\/www.intellectualsovereignty.ch\/wp-content\/uploads\/2020\/06\/IMG_0434-1870x2493.jpeg 1870w, https:\/\/www.intellectualsovereignty.ch\/wp-content\/uploads\/2020\/06\/IMG_0434-400x533.jpeg 400w, https:\/\/www.intellectualsovereignty.ch\/wp-content\/uploads\/2020\/06\/IMG_0434-800x1067.jpeg 800w\" sizes=\"auto, (max-width: 1920px) 100vw, 1920px\" \/><\/figure><\/li><li class=\"blocks-gallery-item\"><figure><img loading=\"lazy\" decoding=\"async\" width=\"1920\" height=\"2560\" data-attachment-id=\"477\" data-permalink=\"https:\/\/www.intellectualsovereignty.ch\/index.php\/2020\/06\/21\/hike-23-niederhorn-gemmenalphorn-oberberg-groen-beatenberg\/img_0435\/\" data-orig-file=\"https:\/\/www.intellectualsovereignty.ch\/wp-content\/uploads\/2020\/06\/IMG_0435-scaled.jpeg\" data-orig-size=\"1920,2560\" data-comments-opened=\"0\" data-image-title=\"IMG_0435\" data-image-description=\"\" data-image-caption=\"\" data-large-file=\"https:\/\/www.intellectualsovereignty.ch\/wp-content\/uploads\/2020\/06\/IMG_0435-768x1024.jpeg\" src=\"https:\/\/i0.wp.com\/www.intellectualsovereignty.ch\/wp-content\/uploads\/2020\/06\/IMG_0435-scaled.jpeg?fit=520%2C693&amp;ssl=1\" alt=\"\" data-id=\"477\" data-full-url=\"https:\/\/i0.wp.com\/www.intellectualsovereignty.ch\/wp-content\/uploads\/2020\/06\/IMG_0435-scaled.jpeg?fit=1920%2C2560&amp;ssl=1\" data-link=\"https:\/\/www.intellectualsovereignty.ch\/?attachment_id=477\" class=\"wp-image-477\" srcset=\"https:\/\/www.intellectualsovereignty.ch\/wp-content\/uploads\/2020\/06\/IMG_0435-scaled.jpeg 1920w, https:\/\/www.intellectualsovereignty.ch\/wp-content\/uploads\/2020\/06\/IMG_0435-225x300.jpeg 225w, https:\/\/www.intellectualsovereignty.ch\/wp-content\/uploads\/2020\/06\/IMG_0435-768x1024.jpeg 768w, https:\/\/www.intellectualsovereignty.ch\/wp-content\/uploads\/2020\/06\/IMG_0435-1152x1536.jpeg 1152w, https:\/\/www.intellectualsovereignty.ch\/wp-content\/uploads\/2020\/06\/IMG_0435-1536x2048.jpeg 1536w, https:\/\/www.intellectualsovereignty.ch\/wp-content\/uploads\/2020\/06\/IMG_0435-1870x2493.jpeg 1870w, https:\/\/www.intellectualsovereignty.ch\/wp-content\/uploads\/2020\/06\/IMG_0435-400x533.jpeg 400w, https:\/\/www.intellectualsovereignty.ch\/wp-content\/uploads\/2020\/06\/IMG_0435-800x1067.jpeg 800w\" sizes=\"auto, (max-width: 1920px) 100vw, 1920px\" \/><\/figure><\/li><li class=\"blocks-gallery-item\"><figure><img loading=\"lazy\" decoding=\"async\" width=\"2560\" height=\"1214\" data-attachment-id=\"478\" data-permalink=\"https:\/\/www.intellectualsovereignty.ch\/index.php\/2020\/06\/21\/hike-23-niederhorn-gemmenalphorn-oberberg-groen-beatenberg\/img_0436\/\" data-orig-file=\"https:\/\/www.intellectualsovereignty.ch\/wp-content\/uploads\/2020\/06\/IMG_0436-scaled.jpeg\" data-orig-size=\"2560,1214\" data-comments-opened=\"0\" data-image-title=\"IMG_0436\" data-image-description=\"\" data-image-caption=\"\" data-large-file=\"https:\/\/www.intellectualsovereignty.ch\/wp-content\/uploads\/2020\/06\/IMG_0436-1024x486.jpeg\" src=\"https:\/\/i2.wp.com\/www.intellectualsovereignty.ch\/wp-content\/uploads\/2020\/06\/IMG_0436-scaled.jpeg?fit=520%2C247&amp;ssl=1\" alt=\"\" data-id=\"478\" data-full-url=\"https:\/\/i2.wp.com\/www.intellectualsovereignty.ch\/wp-content\/uploads\/2020\/06\/IMG_0436-scaled.jpeg?fit=2560%2C1214&amp;ssl=1\" data-link=\"https:\/\/www.intellectualsovereignty.ch\/?attachment_id=478\" class=\"wp-image-478\" srcset=\"https:\/\/www.intellectualsovereignty.ch\/wp-content\/uploads\/2020\/06\/IMG_0436-scaled.jpeg 2560w, https:\/\/www.intellectualsovereignty.ch\/wp-content\/uploads\/2020\/06\/IMG_0436-300x142.jpeg 300w, https:\/\/www.intellectualsovereignty.ch\/wp-content\/uploads\/2020\/06\/IMG_0436-1024x486.jpeg 1024w, https:\/\/www.intellectualsovereignty.ch\/wp-content\/uploads\/2020\/06\/IMG_0436-768x364.jpeg 768w, https:\/\/www.intellectualsovereignty.ch\/wp-content\/uploads\/2020\/06\/IMG_0436-1536x729.jpeg 1536w, https:\/\/www.intellectualsovereignty.ch\/wp-content\/uploads\/2020\/06\/IMG_0436-2048x971.jpeg 2048w, https:\/\/www.intellectualsovereignty.ch\/wp-content\/uploads\/2020\/06\/IMG_0436-1870x887.jpeg 1870w, https:\/\/www.intellectualsovereignty.ch\/wp-content\/uploads\/2020\/06\/IMG_0436-400x190.jpeg 400w, https:\/\/www.intellectualsovereignty.ch\/wp-content\/uploads\/2020\/06\/IMG_0436-800x379.jpeg 800w\" sizes=\"auto, (max-width: 2560px) 100vw, 2560px\" \/><\/figure><\/li><li class=\"blocks-gallery-item\"><figure><img loading=\"lazy\" decoding=\"async\" width=\"2560\" height=\"1920\" data-attachment-id=\"479\" data-permalink=\"https:\/\/www.intellectualsovereignty.ch\/index.php\/2020\/06\/21\/hike-23-niederhorn-gemmenalphorn-oberberg-groen-beatenberg\/img_0437\/\" data-orig-file=\"https:\/\/www.intellectualsovereignty.ch\/wp-content\/uploads\/2020\/06\/IMG_0437-scaled.jpeg\" data-orig-size=\"2560,1920\" data-comments-opened=\"0\" data-image-title=\"IMG_0437\" data-image-description=\"\" data-image-caption=\"\" data-large-file=\"https:\/\/www.intellectualsovereignty.ch\/wp-content\/uploads\/2020\/06\/IMG_0437-1024x768.jpeg\" src=\"https:\/\/i0.wp.com\/www.intellectualsovereignty.ch\/wp-content\/uploads\/2020\/06\/IMG_0437-scaled.jpeg?fit=520%2C390&amp;ssl=1\" alt=\"\" data-id=\"479\" data-full-url=\"https:\/\/i0.wp.com\/www.intellectualsovereignty.ch\/wp-content\/uploads\/2020\/06\/IMG_0437-scaled.jpeg?fit=2560%2C1920&amp;ssl=1\" data-link=\"https:\/\/www.intellectualsovereignty.ch\/?attachment_id=479\" class=\"wp-image-479\" srcset=\"https:\/\/www.intellectualsovereignty.ch\/wp-content\/uploads\/2020\/06\/IMG_0437-scaled.jpeg 2560w, https:\/\/www.intellectualsovereignty.ch\/wp-content\/uploads\/2020\/06\/IMG_0437-300x225.jpeg 300w, https:\/\/www.intellectualsovereignty.ch\/wp-content\/uploads\/2020\/06\/IMG_0437-1024x768.jpeg 1024w, https:\/\/www.intellectualsovereignty.ch\/wp-content\/uploads\/2020\/06\/IMG_0437-768x576.jpeg 768w, https:\/\/www.intellectualsovereignty.ch\/wp-content\/uploads\/2020\/06\/IMG_0437-1536x1152.jpeg 1536w, https:\/\/www.intellectualsovereignty.ch\/wp-content\/uploads\/2020\/06\/IMG_0437-2048x1536.jpeg 2048w, https:\/\/www.intellectualsovereignty.ch\/wp-content\/uploads\/2020\/06\/IMG_0437-1870x1403.jpeg 1870w, https:\/\/www.intellectualsovereignty.ch\/wp-content\/uploads\/2020\/06\/IMG_0437-400x300.jpeg 400w, https:\/\/www.intellectualsovereignty.ch\/wp-content\/uploads\/2020\/06\/IMG_0437-800x600.jpeg 800w\" sizes=\"auto, (max-width: 2560px) 100vw, 2560px\" \/><\/figure><\/li><li class=\"blocks-gallery-item\"><figure><img loading=\"lazy\" decoding=\"async\" width=\"2560\" height=\"1920\" data-attachment-id=\"480\" data-permalink=\"https:\/\/www.intellectualsovereignty.ch\/index.php\/2020\/06\/21\/hike-23-niederhorn-gemmenalphorn-oberberg-groen-beatenberg\/img_0438\/\" data-orig-file=\"https:\/\/www.intellectualsovereignty.ch\/wp-content\/uploads\/2020\/06\/IMG_0438-scaled.jpeg\" data-orig-size=\"2560,1920\" data-comments-opened=\"0\" data-image-title=\"IMG_0438\" data-image-description=\"\" data-image-caption=\"\" data-large-file=\"https:\/\/www.intellectualsovereignty.ch\/wp-content\/uploads\/2020\/06\/IMG_0438-1024x768.jpeg\" src=\"https:\/\/i1.wp.com\/www.intellectualsovereignty.ch\/wp-content\/uploads\/2020\/06\/IMG_0438-scaled.jpeg?fit=520%2C390&amp;ssl=1\" alt=\"\" data-id=\"480\" data-full-url=\"https:\/\/i1.wp.com\/www.intellectualsovereignty.ch\/wp-content\/uploads\/2020\/06\/IMG_0438-scaled.jpeg?fit=2560%2C1920&amp;ssl=1\" data-link=\"https:\/\/www.intellectualsovereignty.ch\/?attachment_id=480\" class=\"wp-image-480\" srcset=\"https:\/\/www.intellectualsovereignty.ch\/wp-content\/uploads\/2020\/06\/IMG_0438-scaled.jpeg 2560w, https:\/\/www.intellectualsovereignty.ch\/wp-content\/uploads\/2020\/06\/IMG_0438-300x225.jpeg 300w, https:\/\/www.intellectualsovereignty.ch\/wp-content\/uploads\/2020\/06\/IMG_0438-1024x768.jpeg 1024w, https:\/\/www.intellectualsovereignty.ch\/wp-content\/uploads\/2020\/06\/IMG_0438-768x576.jpeg 768w, https:\/\/www.intellectualsovereignty.ch\/wp-content\/uploads\/2020\/06\/IMG_0438-1536x1152.jpeg 1536w, https:\/\/www.intellectualsovereignty.ch\/wp-content\/uploads\/2020\/06\/IMG_0438-2048x1536.jpeg 2048w, https:\/\/www.intellectualsovereignty.ch\/wp-content\/uploads\/2020\/06\/IMG_0438-1870x1403.jpeg 1870w, https:\/\/www.intellectualsovereignty.ch\/wp-content\/uploads\/2020\/06\/IMG_0438-400x300.jpeg 400w, https:\/\/www.intellectualsovereignty.ch\/wp-content\/uploads\/2020\/06\/IMG_0438-800x600.jpeg 800w\" sizes=\"auto, (max-width: 2560px) 100vw, 2560px\" \/><\/figure><\/li><li class=\"blocks-gallery-item\"><figure><img loading=\"lazy\" decoding=\"async\" width=\"2560\" height=\"1403\" data-attachment-id=\"481\" data-permalink=\"https:\/\/www.intellectualsovereignty.ch\/index.php\/2020\/06\/21\/hike-23-niederhorn-gemmenalphorn-oberberg-groen-beatenberg\/img_0440\/\" data-orig-file=\"https:\/\/www.intellectualsovereignty.ch\/wp-content\/uploads\/2020\/06\/IMG_0440-scaled.jpeg\" data-orig-size=\"2560,1403\" data-comments-opened=\"0\" data-image-title=\"IMG_0440\" data-image-description=\"\" data-image-caption=\"\" data-large-file=\"https:\/\/www.intellectualsovereignty.ch\/wp-content\/uploads\/2020\/06\/IMG_0440-1024x561.jpeg\" src=\"https:\/\/i0.wp.com\/www.intellectualsovereignty.ch\/wp-content\/uploads\/2020\/06\/IMG_0440-scaled.jpeg?fit=520%2C285&amp;ssl=1\" alt=\"\" data-id=\"481\" data-full-url=\"https:\/\/i0.wp.com\/www.intellectualsovereignty.ch\/wp-content\/uploads\/2020\/06\/IMG_0440-scaled.jpeg?fit=2560%2C1403&amp;ssl=1\" data-link=\"https:\/\/www.intellectualsovereignty.ch\/?attachment_id=481\" class=\"wp-image-481\" srcset=\"https:\/\/www.intellectualsovereignty.ch\/wp-content\/uploads\/2020\/06\/IMG_0440-scaled.jpeg 2560w, https:\/\/www.intellectualsovereignty.ch\/wp-content\/uploads\/2020\/06\/IMG_0440-300x164.jpeg 300w, https:\/\/www.intellectualsovereignty.ch\/wp-content\/uploads\/2020\/06\/IMG_0440-1024x561.jpeg 1024w, https:\/\/www.intellectualsovereignty.ch\/wp-content\/uploads\/2020\/06\/IMG_0440-768x421.jpeg 768w, https:\/\/www.intellectualsovereignty.ch\/wp-content\/uploads\/2020\/06\/IMG_0440-1536x842.jpeg 1536w, https:\/\/www.intellectualsovereignty.ch\/wp-content\/uploads\/2020\/06\/IMG_0440-2048x1122.jpeg 2048w, https:\/\/www.intellectualsovereignty.ch\/wp-content\/uploads\/2020\/06\/IMG_0440-1870x1025.jpeg 1870w, https:\/\/www.intellectualsovereignty.ch\/wp-content\/uploads\/2020\/06\/IMG_0440-400x219.jpeg 400w, https:\/\/www.intellectualsovereignty.ch\/wp-content\/uploads\/2020\/06\/IMG_0440-800x438.jpeg 800w\" sizes=\"auto, (max-width: 2560px) 100vw, 2560px\" \/><\/figure><\/li><li class=\"blocks-gallery-item\"><figure><img loading=\"lazy\" decoding=\"async\" width=\"1920\" height=\"2560\" data-attachment-id=\"482\" data-permalink=\"https:\/\/www.intellectualsovereignty.ch\/index.php\/2020\/06\/21\/hike-23-niederhorn-gemmenalphorn-oberberg-groen-beatenberg\/img_0441\/\" data-orig-file=\"https:\/\/www.intellectualsovereignty.ch\/wp-content\/uploads\/2020\/06\/IMG_0441-scaled.jpeg\" data-orig-size=\"1920,2560\" data-comments-opened=\"0\" data-image-title=\"IMG_0441\" data-image-description=\"\" data-image-caption=\"\" data-large-file=\"https:\/\/www.intellectualsovereignty.ch\/wp-content\/uploads\/2020\/06\/IMG_0441-768x1024.jpeg\" src=\"https:\/\/i0.wp.com\/www.intellectualsovereignty.ch\/wp-content\/uploads\/2020\/06\/IMG_0441-scaled.jpeg?fit=520%2C693&amp;ssl=1\" alt=\"\" data-id=\"482\" data-full-url=\"https:\/\/i0.wp.com\/www.intellectualsovereignty.ch\/wp-content\/uploads\/2020\/06\/IMG_0441-scaled.jpeg?fit=1920%2C2560&amp;ssl=1\" data-link=\"https:\/\/www.intellectualsovereignty.ch\/?attachment_id=482\" class=\"wp-image-482\" srcset=\"https:\/\/www.intellectualsovereignty.ch\/wp-content\/uploads\/2020\/06\/IMG_0441-scaled.jpeg 1920w, https:\/\/www.intellectualsovereignty.ch\/wp-content\/uploads\/2020\/06\/IMG_0441-225x300.jpeg 225w, https:\/\/www.intellectualsovereignty.ch\/wp-content\/uploads\/2020\/06\/IMG_0441-768x1024.jpeg 768w, https:\/\/www.intellectualsovereignty.ch\/wp-content\/uploads\/2020\/06\/IMG_0441-1152x1536.jpeg 1152w, https:\/\/www.intellectualsovereignty.ch\/wp-content\/uploads\/2020\/06\/IMG_0441-1536x2048.jpeg 1536w, https:\/\/www.intellectualsovereignty.ch\/wp-content\/uploads\/2020\/06\/IMG_0441-1870x2493.jpeg 1870w, https:\/\/www.intellectualsovereignty.ch\/wp-content\/uploads\/2020\/06\/IMG_0441-400x533.jpeg 400w, https:\/\/www.intellectualsovereignty.ch\/wp-content\/uploads\/2020\/06\/IMG_0441-800x1067.jpeg 800w\" sizes=\"auto, (max-width: 1920px) 100vw, 1920px\" \/><\/figure><\/li><\/ul><\/figure>\n\n\n\n<p class=\"wp-block-paragraph\">Vom Gemmenalphorn geht es kurzweilig, aber immer matschiger und steiniger zum Oberberg und schliesslich in Richtung Hinterberg hinunter, wo wir auf halbem Weg noch unsere wohlverdiente Mittagspause einlegen. Je weiter wir ins Justistal hinabsteigen, desto imposanter erscheinen G\u00fcggisgrat und Sigriswilergrat auf beiden Seiten. An einer Stelle f\u00fchle ich mich ins Reich der Gastlosen oberhalb Jaun versetzt (siehe <a href=\"https:\/\/www.intellectualsovereignty.ch\/index.php\/2020\/05\/21\/hike-19-jaun-chateau-doex\/\" target=\"_blank\" rel=\"noreferrer noopener\">Hike #19<\/a>). \ud83d\ude42<\/p>\n\n\n\n<figure class=\"wp-block-gallery columns-3 is-cropped wp-block-gallery-4 is-layout-flex wp-block-gallery-is-layout-flex\"><ul class=\"blocks-gallery-grid\"><li class=\"blocks-gallery-item\"><figure><img loading=\"lazy\" decoding=\"async\" width=\"2560\" height=\"1920\" data-attachment-id=\"500\" data-permalink=\"https:\/\/www.intellectualsovereignty.ch\/index.php\/2020\/06\/21\/hike-23-niederhorn-gemmenalphorn-oberberg-groen-beatenberg\/img_0442\/\" data-orig-file=\"https:\/\/www.intellectualsovereignty.ch\/wp-content\/uploads\/2020\/06\/IMG_0442-scaled.jpeg\" data-orig-size=\"2560,1920\" data-comments-opened=\"0\" data-image-title=\"IMG_0442\" data-image-description=\"\" data-image-caption=\"\" data-large-file=\"https:\/\/www.intellectualsovereignty.ch\/wp-content\/uploads\/2020\/06\/IMG_0442-1024x768.jpeg\" src=\"https:\/\/i0.wp.com\/www.intellectualsovereignty.ch\/wp-content\/uploads\/2020\/06\/IMG_0442-scaled.jpeg?fit=520%2C390&amp;ssl=1\" alt=\"\" data-id=\"500\" data-full-url=\"https:\/\/i0.wp.com\/www.intellectualsovereignty.ch\/wp-content\/uploads\/2020\/06\/IMG_0442-scaled.jpeg?fit=2560%2C1920&amp;ssl=1\" data-link=\"https:\/\/www.intellectualsovereignty.ch\/?attachment_id=500\" class=\"wp-image-500\" srcset=\"https:\/\/www.intellectualsovereignty.ch\/wp-content\/uploads\/2020\/06\/IMG_0442-scaled.jpeg 2560w, https:\/\/www.intellectualsovereignty.ch\/wp-content\/uploads\/2020\/06\/IMG_0442-300x225.jpeg 300w, https:\/\/www.intellectualsovereignty.ch\/wp-content\/uploads\/2020\/06\/IMG_0442-1024x768.jpeg 1024w, https:\/\/www.intellectualsovereignty.ch\/wp-content\/uploads\/2020\/06\/IMG_0442-768x576.jpeg 768w, https:\/\/www.intellectualsovereignty.ch\/wp-content\/uploads\/2020\/06\/IMG_0442-1536x1152.jpeg 1536w, https:\/\/www.intellectualsovereignty.ch\/wp-content\/uploads\/2020\/06\/IMG_0442-2048x1536.jpeg 2048w, https:\/\/www.intellectualsovereignty.ch\/wp-content\/uploads\/2020\/06\/IMG_0442-1870x1403.jpeg 1870w, https:\/\/www.intellectualsovereignty.ch\/wp-content\/uploads\/2020\/06\/IMG_0442-400x300.jpeg 400w, https:\/\/www.intellectualsovereignty.ch\/wp-content\/uploads\/2020\/06\/IMG_0442-800x600.jpeg 800w\" sizes=\"auto, (max-width: 2560px) 100vw, 2560px\" \/><\/figure><\/li><li class=\"blocks-gallery-item\"><figure><img loading=\"lazy\" decoding=\"async\" width=\"1920\" height=\"2560\" data-attachment-id=\"501\" data-permalink=\"https:\/\/www.intellectualsovereignty.ch\/index.php\/2020\/06\/21\/hike-23-niederhorn-gemmenalphorn-oberberg-groen-beatenberg\/img_0443\/\" data-orig-file=\"https:\/\/www.intellectualsovereignty.ch\/wp-content\/uploads\/2020\/06\/IMG_0443-scaled.jpeg\" data-orig-size=\"1920,2560\" data-comments-opened=\"0\" data-image-title=\"IMG_0443\" data-image-description=\"\" data-image-caption=\"\" data-large-file=\"https:\/\/www.intellectualsovereignty.ch\/wp-content\/uploads\/2020\/06\/IMG_0443-768x1024.jpeg\" src=\"https:\/\/i2.wp.com\/www.intellectualsovereignty.ch\/wp-content\/uploads\/2020\/06\/IMG_0443-scaled.jpeg?fit=520%2C693&amp;ssl=1\" alt=\"\" data-id=\"501\" data-full-url=\"https:\/\/i2.wp.com\/www.intellectualsovereignty.ch\/wp-content\/uploads\/2020\/06\/IMG_0443-scaled.jpeg?fit=1920%2C2560&amp;ssl=1\" data-link=\"https:\/\/www.intellectualsovereignty.ch\/?attachment_id=501\" class=\"wp-image-501\" srcset=\"https:\/\/www.intellectualsovereignty.ch\/wp-content\/uploads\/2020\/06\/IMG_0443-scaled.jpeg 1920w, https:\/\/www.intellectualsovereignty.ch\/wp-content\/uploads\/2020\/06\/IMG_0443-225x300.jpeg 225w, https:\/\/www.intellectualsovereignty.ch\/wp-content\/uploads\/2020\/06\/IMG_0443-768x1024.jpeg 768w, https:\/\/www.intellectualsovereignty.ch\/wp-content\/uploads\/2020\/06\/IMG_0443-1152x1536.jpeg 1152w, https:\/\/www.intellectualsovereignty.ch\/wp-content\/uploads\/2020\/06\/IMG_0443-1536x2048.jpeg 1536w, https:\/\/www.intellectualsovereignty.ch\/wp-content\/uploads\/2020\/06\/IMG_0443-1870x2493.jpeg 1870w, https:\/\/www.intellectualsovereignty.ch\/wp-content\/uploads\/2020\/06\/IMG_0443-400x533.jpeg 400w, https:\/\/www.intellectualsovereignty.ch\/wp-content\/uploads\/2020\/06\/IMG_0443-800x1067.jpeg 800w\" sizes=\"auto, (max-width: 1920px) 100vw, 1920px\" \/><\/figure><\/li><li class=\"blocks-gallery-item\"><figure><img loading=\"lazy\" decoding=\"async\" width=\"2560\" height=\"1920\" data-attachment-id=\"502\" data-permalink=\"https:\/\/www.intellectualsovereignty.ch\/index.php\/2020\/06\/21\/hike-23-niederhorn-gemmenalphorn-oberberg-groen-beatenberg\/img_0444\/\" data-orig-file=\"https:\/\/www.intellectualsovereignty.ch\/wp-content\/uploads\/2020\/06\/IMG_0444-scaled.jpeg\" data-orig-size=\"2560,1920\" data-comments-opened=\"0\" data-image-title=\"IMG_0444\" data-image-description=\"\" data-image-caption=\"\" data-large-file=\"https:\/\/www.intellectualsovereignty.ch\/wp-content\/uploads\/2020\/06\/IMG_0444-1024x768.jpeg\" src=\"https:\/\/i2.wp.com\/www.intellectualsovereignty.ch\/wp-content\/uploads\/2020\/06\/IMG_0444-scaled.jpeg?fit=520%2C390&amp;ssl=1\" alt=\"\" data-id=\"502\" data-full-url=\"https:\/\/i2.wp.com\/www.intellectualsovereignty.ch\/wp-content\/uploads\/2020\/06\/IMG_0444-scaled.jpeg?fit=2560%2C1920&amp;ssl=1\" data-link=\"https:\/\/www.intellectualsovereignty.ch\/?attachment_id=502\" class=\"wp-image-502\" srcset=\"https:\/\/www.intellectualsovereignty.ch\/wp-content\/uploads\/2020\/06\/IMG_0444-scaled.jpeg 2560w, https:\/\/www.intellectualsovereignty.ch\/wp-content\/uploads\/2020\/06\/IMG_0444-300x225.jpeg 300w, https:\/\/www.intellectualsovereignty.ch\/wp-content\/uploads\/2020\/06\/IMG_0444-1024x768.jpeg 1024w, https:\/\/www.intellectualsovereignty.ch\/wp-content\/uploads\/2020\/06\/IMG_0444-768x576.jpeg 768w, https:\/\/www.intellectualsovereignty.ch\/wp-content\/uploads\/2020\/06\/IMG_0444-1536x1152.jpeg 1536w, https:\/\/www.intellectualsovereignty.ch\/wp-content\/uploads\/2020\/06\/IMG_0444-2048x1536.jpeg 2048w, https:\/\/www.intellectualsovereignty.ch\/wp-content\/uploads\/2020\/06\/IMG_0444-1870x1403.jpeg 1870w, https:\/\/www.intellectualsovereignty.ch\/wp-content\/uploads\/2020\/06\/IMG_0444-400x300.jpeg 400w, https:\/\/www.intellectualsovereignty.ch\/wp-content\/uploads\/2020\/06\/IMG_0444-800x600.jpeg 800w\" sizes=\"auto, (max-width: 2560px) 100vw, 2560px\" \/><\/figure><\/li><li class=\"blocks-gallery-item\"><figure><img loading=\"lazy\" decoding=\"async\" width=\"2560\" height=\"1920\" data-attachment-id=\"503\" data-permalink=\"https:\/\/www.intellectualsovereignty.ch\/index.php\/2020\/06\/21\/hike-23-niederhorn-gemmenalphorn-oberberg-groen-beatenberg\/img_0446\/\" data-orig-file=\"https:\/\/www.intellectualsovereignty.ch\/wp-content\/uploads\/2020\/06\/IMG_0446-scaled.jpeg\" data-orig-size=\"2560,1920\" data-comments-opened=\"0\" data-image-title=\"IMG_0446\" data-image-description=\"\" data-image-caption=\"\" data-large-file=\"https:\/\/www.intellectualsovereignty.ch\/wp-content\/uploads\/2020\/06\/IMG_0446-1024x768.jpeg\" src=\"https:\/\/i0.wp.com\/www.intellectualsovereignty.ch\/wp-content\/uploads\/2020\/06\/IMG_0446-scaled.jpeg?fit=520%2C390&amp;ssl=1\" alt=\"\" data-id=\"503\" data-full-url=\"https:\/\/i0.wp.com\/www.intellectualsovereignty.ch\/wp-content\/uploads\/2020\/06\/IMG_0446-scaled.jpeg?fit=2560%2C1920&amp;ssl=1\" data-link=\"https:\/\/www.intellectualsovereignty.ch\/?attachment_id=503\" class=\"wp-image-503\" srcset=\"https:\/\/www.intellectualsovereignty.ch\/wp-content\/uploads\/2020\/06\/IMG_0446-scaled.jpeg 2560w, https:\/\/www.intellectualsovereignty.ch\/wp-content\/uploads\/2020\/06\/IMG_0446-300x225.jpeg 300w, https:\/\/www.intellectualsovereignty.ch\/wp-content\/uploads\/2020\/06\/IMG_0446-1024x768.jpeg 1024w, https:\/\/www.intellectualsovereignty.ch\/wp-content\/uploads\/2020\/06\/IMG_0446-768x576.jpeg 768w, https:\/\/www.intellectualsovereignty.ch\/wp-content\/uploads\/2020\/06\/IMG_0446-1536x1152.jpeg 1536w, https:\/\/www.intellectualsovereignty.ch\/wp-content\/uploads\/2020\/06\/IMG_0446-2048x1536.jpeg 2048w, https:\/\/www.intellectualsovereignty.ch\/wp-content\/uploads\/2020\/06\/IMG_0446-1870x1403.jpeg 1870w, https:\/\/www.intellectualsovereignty.ch\/wp-content\/uploads\/2020\/06\/IMG_0446-400x300.jpeg 400w, https:\/\/www.intellectualsovereignty.ch\/wp-content\/uploads\/2020\/06\/IMG_0446-800x600.jpeg 800w\" sizes=\"auto, (max-width: 2560px) 100vw, 2560px\" \/><\/figure><\/li><li class=\"blocks-gallery-item\"><figure><img loading=\"lazy\" decoding=\"async\" width=\"2560\" height=\"1920\" data-attachment-id=\"504\" data-permalink=\"https:\/\/www.intellectualsovereignty.ch\/index.php\/2020\/06\/21\/hike-23-niederhorn-gemmenalphorn-oberberg-groen-beatenberg\/img_0447\/\" data-orig-file=\"https:\/\/www.intellectualsovereignty.ch\/wp-content\/uploads\/2020\/06\/IMG_0447-scaled.jpeg\" data-orig-size=\"2560,1920\" data-comments-opened=\"0\" data-image-title=\"IMG_0447\" data-image-description=\"\" data-image-caption=\"\" data-large-file=\"https:\/\/www.intellectualsovereignty.ch\/wp-content\/uploads\/2020\/06\/IMG_0447-1024x768.jpeg\" src=\"https:\/\/i0.wp.com\/www.intellectualsovereignty.ch\/wp-content\/uploads\/2020\/06\/IMG_0447-scaled.jpeg?fit=520%2C390&amp;ssl=1\" alt=\"\" data-id=\"504\" data-full-url=\"https:\/\/i0.wp.com\/www.intellectualsovereignty.ch\/wp-content\/uploads\/2020\/06\/IMG_0447-scaled.jpeg?fit=2560%2C1920&amp;ssl=1\" data-link=\"https:\/\/www.intellectualsovereignty.ch\/?attachment_id=504\" class=\"wp-image-504\" srcset=\"https:\/\/www.intellectualsovereignty.ch\/wp-content\/uploads\/2020\/06\/IMG_0447-scaled.jpeg 2560w, https:\/\/www.intellectualsovereignty.ch\/wp-content\/uploads\/2020\/06\/IMG_0447-300x225.jpeg 300w, https:\/\/www.intellectualsovereignty.ch\/wp-content\/uploads\/2020\/06\/IMG_0447-1024x768.jpeg 1024w, https:\/\/www.intellectualsovereignty.ch\/wp-content\/uploads\/2020\/06\/IMG_0447-768x576.jpeg 768w, https:\/\/www.intellectualsovereignty.ch\/wp-content\/uploads\/2020\/06\/IMG_0447-1536x1152.jpeg 1536w, https:\/\/www.intellectualsovereignty.ch\/wp-content\/uploads\/2020\/06\/IMG_0447-2048x1536.jpeg 2048w, https:\/\/www.intellectualsovereignty.ch\/wp-content\/uploads\/2020\/06\/IMG_0447-1870x1403.jpeg 1870w, https:\/\/www.intellectualsovereignty.ch\/wp-content\/uploads\/2020\/06\/IMG_0447-400x300.jpeg 400w, https:\/\/www.intellectualsovereignty.ch\/wp-content\/uploads\/2020\/06\/IMG_0447-800x600.jpeg 800w\" sizes=\"auto, (max-width: 2560px) 100vw, 2560px\" \/><\/figure><\/li><li class=\"blocks-gallery-item\"><figure><img loading=\"lazy\" decoding=\"async\" width=\"1920\" height=\"2560\" data-attachment-id=\"505\" data-permalink=\"https:\/\/www.intellectualsovereignty.ch\/index.php\/2020\/06\/21\/hike-23-niederhorn-gemmenalphorn-oberberg-groen-beatenberg\/img_0448\/\" data-orig-file=\"https:\/\/www.intellectualsovereignty.ch\/wp-content\/uploads\/2020\/06\/IMG_0448-scaled.jpeg\" data-orig-size=\"1920,2560\" data-comments-opened=\"0\" data-image-title=\"IMG_0448\" data-image-description=\"\" data-image-caption=\"\" data-large-file=\"https:\/\/www.intellectualsovereignty.ch\/wp-content\/uploads\/2020\/06\/IMG_0448-768x1024.jpeg\" src=\"https:\/\/i0.wp.com\/www.intellectualsovereignty.ch\/wp-content\/uploads\/2020\/06\/IMG_0448-scaled.jpeg?fit=520%2C693&amp;ssl=1\" alt=\"\" data-id=\"505\" data-full-url=\"https:\/\/i0.wp.com\/www.intellectualsovereignty.ch\/wp-content\/uploads\/2020\/06\/IMG_0448-scaled.jpeg?fit=1920%2C2560&amp;ssl=1\" data-link=\"https:\/\/www.intellectualsovereignty.ch\/?attachment_id=505\" class=\"wp-image-505\" srcset=\"https:\/\/www.intellectualsovereignty.ch\/wp-content\/uploads\/2020\/06\/IMG_0448-scaled.jpeg 1920w, https:\/\/www.intellectualsovereignty.ch\/wp-content\/uploads\/2020\/06\/IMG_0448-225x300.jpeg 225w, https:\/\/www.intellectualsovereignty.ch\/wp-content\/uploads\/2020\/06\/IMG_0448-768x1024.jpeg 768w, https:\/\/www.intellectualsovereignty.ch\/wp-content\/uploads\/2020\/06\/IMG_0448-1152x1536.jpeg 1152w, https:\/\/www.intellectualsovereignty.ch\/wp-content\/uploads\/2020\/06\/IMG_0448-1536x2048.jpeg 1536w, https:\/\/www.intellectualsovereignty.ch\/wp-content\/uploads\/2020\/06\/IMG_0448-1870x2493.jpeg 1870w, https:\/\/www.intellectualsovereignty.ch\/wp-content\/uploads\/2020\/06\/IMG_0448-400x533.jpeg 400w, https:\/\/www.intellectualsovereignty.ch\/wp-content\/uploads\/2020\/06\/IMG_0448-800x1067.jpeg 800w\" sizes=\"auto, (max-width: 1920px) 100vw, 1920px\" \/><\/figure><\/li><li class=\"blocks-gallery-item\"><figure><img loading=\"lazy\" decoding=\"async\" width=\"2560\" height=\"1920\" data-attachment-id=\"506\" data-permalink=\"https:\/\/www.intellectualsovereignty.ch\/index.php\/2020\/06\/21\/hike-23-niederhorn-gemmenalphorn-oberberg-groen-beatenberg\/img_0449\/\" data-orig-file=\"https:\/\/www.intellectualsovereignty.ch\/wp-content\/uploads\/2020\/06\/IMG_0449-scaled.jpeg\" data-orig-size=\"2560,1920\" data-comments-opened=\"0\" data-image-title=\"IMG_0449\" data-image-description=\"\" data-image-caption=\"\" data-large-file=\"https:\/\/www.intellectualsovereignty.ch\/wp-content\/uploads\/2020\/06\/IMG_0449-1024x768.jpeg\" src=\"https:\/\/i0.wp.com\/www.intellectualsovereignty.ch\/wp-content\/uploads\/2020\/06\/IMG_0449-scaled.jpeg?fit=520%2C390&amp;ssl=1\" alt=\"\" data-id=\"506\" data-full-url=\"https:\/\/i0.wp.com\/www.intellectualsovereignty.ch\/wp-content\/uploads\/2020\/06\/IMG_0449-scaled.jpeg?fit=2560%2C1920&amp;ssl=1\" data-link=\"https:\/\/www.intellectualsovereignty.ch\/?attachment_id=506\" class=\"wp-image-506\" srcset=\"https:\/\/www.intellectualsovereignty.ch\/wp-content\/uploads\/2020\/06\/IMG_0449-scaled.jpeg 2560w, https:\/\/www.intellectualsovereignty.ch\/wp-content\/uploads\/2020\/06\/IMG_0449-300x225.jpeg 300w, https:\/\/www.intellectualsovereignty.ch\/wp-content\/uploads\/2020\/06\/IMG_0449-1024x768.jpeg 1024w, https:\/\/www.intellectualsovereignty.ch\/wp-content\/uploads\/2020\/06\/IMG_0449-768x576.jpeg 768w, https:\/\/www.intellectualsovereignty.ch\/wp-content\/uploads\/2020\/06\/IMG_0449-1536x1152.jpeg 1536w, https:\/\/www.intellectualsovereignty.ch\/wp-content\/uploads\/2020\/06\/IMG_0449-2048x1536.jpeg 2048w, https:\/\/www.intellectualsovereignty.ch\/wp-content\/uploads\/2020\/06\/IMG_0449-1870x1403.jpeg 1870w, https:\/\/www.intellectualsovereignty.ch\/wp-content\/uploads\/2020\/06\/IMG_0449-400x300.jpeg 400w, https:\/\/www.intellectualsovereignty.ch\/wp-content\/uploads\/2020\/06\/IMG_0449-800x600.jpeg 800w\" sizes=\"auto, (max-width: 2560px) 100vw, 2560px\" \/><\/figure><\/li><li class=\"blocks-gallery-item\"><figure><img loading=\"lazy\" decoding=\"async\" width=\"2560\" height=\"1920\" data-attachment-id=\"507\" data-permalink=\"https:\/\/www.intellectualsovereignty.ch\/index.php\/2020\/06\/21\/hike-23-niederhorn-gemmenalphorn-oberberg-groen-beatenberg\/img_0450\/\" data-orig-file=\"https:\/\/www.intellectualsovereignty.ch\/wp-content\/uploads\/2020\/06\/IMG_0450-scaled.jpeg\" data-orig-size=\"2560,1920\" data-comments-opened=\"0\" data-image-title=\"IMG_0450\" data-image-description=\"\" data-image-caption=\"\" data-large-file=\"https:\/\/www.intellectualsovereignty.ch\/wp-content\/uploads\/2020\/06\/IMG_0450-1024x768.jpeg\" src=\"https:\/\/i1.wp.com\/www.intellectualsovereignty.ch\/wp-content\/uploads\/2020\/06\/IMG_0450-scaled.jpeg?fit=520%2C390&amp;ssl=1\" alt=\"\" data-id=\"507\" data-full-url=\"https:\/\/i1.wp.com\/www.intellectualsovereignty.ch\/wp-content\/uploads\/2020\/06\/IMG_0450-scaled.jpeg?fit=2560%2C1920&amp;ssl=1\" data-link=\"https:\/\/www.intellectualsovereignty.ch\/?attachment_id=507\" class=\"wp-image-507\" srcset=\"https:\/\/www.intellectualsovereignty.ch\/wp-content\/uploads\/2020\/06\/IMG_0450-scaled.jpeg 2560w, https:\/\/www.intellectualsovereignty.ch\/wp-content\/uploads\/2020\/06\/IMG_0450-300x225.jpeg 300w, https:\/\/www.intellectualsovereignty.ch\/wp-content\/uploads\/2020\/06\/IMG_0450-1024x768.jpeg 1024w, https:\/\/www.intellectualsovereignty.ch\/wp-content\/uploads\/2020\/06\/IMG_0450-768x576.jpeg 768w, https:\/\/www.intellectualsovereignty.ch\/wp-content\/uploads\/2020\/06\/IMG_0450-1536x1152.jpeg 1536w, https:\/\/www.intellectualsovereignty.ch\/wp-content\/uploads\/2020\/06\/IMG_0450-2048x1536.jpeg 2048w, https:\/\/www.intellectualsovereignty.ch\/wp-content\/uploads\/2020\/06\/IMG_0450-1870x1403.jpeg 1870w, https:\/\/www.intellectualsovereignty.ch\/wp-content\/uploads\/2020\/06\/IMG_0450-400x300.jpeg 400w, https:\/\/www.intellectualsovereignty.ch\/wp-content\/uploads\/2020\/06\/IMG_0450-800x600.jpeg 800w\" sizes=\"auto, (max-width: 2560px) 100vw, 2560px\" \/><\/figure><\/li><li class=\"blocks-gallery-item\"><figure><img loading=\"lazy\" decoding=\"async\" width=\"2560\" height=\"740\" data-attachment-id=\"508\" data-permalink=\"https:\/\/www.intellectualsovereignty.ch\/index.php\/2020\/06\/21\/hike-23-niederhorn-gemmenalphorn-oberberg-groen-beatenberg\/img_0451\/\" data-orig-file=\"https:\/\/www.intellectualsovereignty.ch\/wp-content\/uploads\/2020\/06\/IMG_0451-scaled.jpeg\" data-orig-size=\"2560,740\" data-comments-opened=\"0\" data-image-title=\"IMG_0451\" data-image-description=\"\" data-image-caption=\"\" data-large-file=\"https:\/\/www.intellectualsovereignty.ch\/wp-content\/uploads\/2020\/06\/IMG_0451-1024x296.jpeg\" src=\"https:\/\/i0.wp.com\/www.intellectualsovereignty.ch\/wp-content\/uploads\/2020\/06\/IMG_0451-scaled.jpeg?fit=520%2C150&amp;ssl=1\" alt=\"\" data-id=\"508\" data-full-url=\"https:\/\/i0.wp.com\/www.intellectualsovereignty.ch\/wp-content\/uploads\/2020\/06\/IMG_0451-scaled.jpeg?fit=2560%2C740&amp;ssl=1\" data-link=\"https:\/\/www.intellectualsovereignty.ch\/?attachment_id=508\" class=\"wp-image-508\" srcset=\"https:\/\/www.intellectualsovereignty.ch\/wp-content\/uploads\/2020\/06\/IMG_0451-scaled.jpeg 2560w, https:\/\/www.intellectualsovereignty.ch\/wp-content\/uploads\/2020\/06\/IMG_0451-300x87.jpeg 300w, https:\/\/www.intellectualsovereignty.ch\/wp-content\/uploads\/2020\/06\/IMG_0451-1024x296.jpeg 1024w, https:\/\/www.intellectualsovereignty.ch\/wp-content\/uploads\/2020\/06\/IMG_0451-768x222.jpeg 768w, https:\/\/www.intellectualsovereignty.ch\/wp-content\/uploads\/2020\/06\/IMG_0451-1536x444.jpeg 1536w, https:\/\/www.intellectualsovereignty.ch\/wp-content\/uploads\/2020\/06\/IMG_0451-2048x592.jpeg 2048w, https:\/\/www.intellectualsovereignty.ch\/wp-content\/uploads\/2020\/06\/IMG_0451-1870x541.jpeg 1870w, https:\/\/www.intellectualsovereignty.ch\/wp-content\/uploads\/2020\/06\/IMG_0451-400x116.jpeg 400w, https:\/\/www.intellectualsovereignty.ch\/wp-content\/uploads\/2020\/06\/IMG_0451-800x231.jpeg 800w\" sizes=\"auto, (max-width: 2560px) 100vw, 2560px\" \/><\/figure><\/li><\/ul><\/figure>\n\n\n\n<p class=\"wp-block-paragraph\">Nach einer kurzen Einkehr geht&#8217;s ausschliesslich auf Asphalt in Richtung Gr\u00f6nh\u00fctte und dann &#8211; durch zwei kurze Tunnels &#8211; wieder hoch nach Beatenberg.<\/p>\n\n\n\n<figure class=\"wp-block-gallery columns-3 is-cropped wp-block-gallery-5 is-layout-flex wp-block-gallery-is-layout-flex\"><ul class=\"blocks-gallery-grid\"><li class=\"blocks-gallery-item\"><figure><img loading=\"lazy\" decoding=\"async\" width=\"1923\" height=\"2560\" data-attachment-id=\"483\" data-permalink=\"https:\/\/www.intellectualsovereignty.ch\/index.php\/2020\/06\/21\/hike-23-niederhorn-gemmenalphorn-oberberg-groen-beatenberg\/img_0461\/\" data-orig-file=\"https:\/\/www.intellectualsovereignty.ch\/wp-content\/uploads\/2020\/06\/IMG_0461-scaled.jpeg\" data-orig-size=\"1923,2560\" data-comments-opened=\"0\" data-image-title=\"IMG_0461\" data-image-description=\"\" data-image-caption=\"\" data-large-file=\"https:\/\/www.intellectualsovereignty.ch\/wp-content\/uploads\/2020\/06\/IMG_0461-769x1024.jpeg\" src=\"https:\/\/i2.wp.com\/www.intellectualsovereignty.ch\/wp-content\/uploads\/2020\/06\/IMG_0461-scaled.jpeg?fit=520%2C692&amp;ssl=1\" alt=\"\" data-id=\"483\" data-full-url=\"https:\/\/i2.wp.com\/www.intellectualsovereignty.ch\/wp-content\/uploads\/2020\/06\/IMG_0461-scaled.jpeg?fit=1923%2C2560&amp;ssl=1\" data-link=\"https:\/\/www.intellectualsovereignty.ch\/?attachment_id=483\" class=\"wp-image-483\" srcset=\"https:\/\/www.intellectualsovereignty.ch\/wp-content\/uploads\/2020\/06\/IMG_0461-scaled.jpeg 1923w, https:\/\/www.intellectualsovereignty.ch\/wp-content\/uploads\/2020\/06\/IMG_0461-225x300.jpeg 225w, https:\/\/www.intellectualsovereignty.ch\/wp-content\/uploads\/2020\/06\/IMG_0461-769x1024.jpeg 769w, https:\/\/www.intellectualsovereignty.ch\/wp-content\/uploads\/2020\/06\/IMG_0461-768x1022.jpeg 768w, https:\/\/www.intellectualsovereignty.ch\/wp-content\/uploads\/2020\/06\/IMG_0461-1154x1536.jpeg 1154w, https:\/\/www.intellectualsovereignty.ch\/wp-content\/uploads\/2020\/06\/IMG_0461-1539x2048.jpeg 1539w, https:\/\/www.intellectualsovereignty.ch\/wp-content\/uploads\/2020\/06\/IMG_0461-1870x2489.jpeg 1870w, https:\/\/www.intellectualsovereignty.ch\/wp-content\/uploads\/2020\/06\/IMG_0461-400x532.jpeg 400w, https:\/\/www.intellectualsovereignty.ch\/wp-content\/uploads\/2020\/06\/IMG_0461-800x1065.jpeg 800w\" sizes=\"auto, (max-width: 1923px) 100vw, 1923px\" \/><\/figure><\/li><li class=\"blocks-gallery-item\"><figure><img loading=\"lazy\" decoding=\"async\" width=\"1920\" height=\"2560\" data-attachment-id=\"484\" data-permalink=\"https:\/\/www.intellectualsovereignty.ch\/index.php\/2020\/06\/21\/hike-23-niederhorn-gemmenalphorn-oberberg-groen-beatenberg\/img_0463\/\" data-orig-file=\"https:\/\/www.intellectualsovereignty.ch\/wp-content\/uploads\/2020\/06\/IMG_0463-scaled.jpeg\" data-orig-size=\"1920,2560\" data-comments-opened=\"0\" data-image-title=\"IMG_0463\" data-image-description=\"\" data-image-caption=\"\" data-large-file=\"https:\/\/www.intellectualsovereignty.ch\/wp-content\/uploads\/2020\/06\/IMG_0463-768x1024.jpeg\" src=\"https:\/\/i2.wp.com\/www.intellectualsovereignty.ch\/wp-content\/uploads\/2020\/06\/IMG_0463-scaled.jpeg?fit=520%2C693&amp;ssl=1\" alt=\"\" data-id=\"484\" data-full-url=\"https:\/\/i2.wp.com\/www.intellectualsovereignty.ch\/wp-content\/uploads\/2020\/06\/IMG_0463-scaled.jpeg?fit=1920%2C2560&amp;ssl=1\" data-link=\"https:\/\/www.intellectualsovereignty.ch\/?attachment_id=484\" class=\"wp-image-484\" srcset=\"https:\/\/www.intellectualsovereignty.ch\/wp-content\/uploads\/2020\/06\/IMG_0463-scaled.jpeg 1920w, https:\/\/www.intellectualsovereignty.ch\/wp-content\/uploads\/2020\/06\/IMG_0463-225x300.jpeg 225w, https:\/\/www.intellectualsovereignty.ch\/wp-content\/uploads\/2020\/06\/IMG_0463-768x1024.jpeg 768w, https:\/\/www.intellectualsovereignty.ch\/wp-content\/uploads\/2020\/06\/IMG_0463-1152x1536.jpeg 1152w, https:\/\/www.intellectualsovereignty.ch\/wp-content\/uploads\/2020\/06\/IMG_0463-1536x2048.jpeg 1536w, https:\/\/www.intellectualsovereignty.ch\/wp-content\/uploads\/2020\/06\/IMG_0463-1870x2493.jpeg 1870w, https:\/\/www.intellectualsovereignty.ch\/wp-content\/uploads\/2020\/06\/IMG_0463-400x533.jpeg 400w, https:\/\/www.intellectualsovereignty.ch\/wp-content\/uploads\/2020\/06\/IMG_0463-800x1067.jpeg 800w\" sizes=\"auto, (max-width: 1920px) 100vw, 1920px\" \/><\/figure><\/li><li class=\"blocks-gallery-item\"><figure><img loading=\"lazy\" decoding=\"async\" width=\"2560\" height=\"1920\" data-attachment-id=\"485\" data-permalink=\"https:\/\/www.intellectualsovereignty.ch\/index.php\/2020\/06\/21\/hike-23-niederhorn-gemmenalphorn-oberberg-groen-beatenberg\/img_0464\/\" data-orig-file=\"https:\/\/www.intellectualsovereignty.ch\/wp-content\/uploads\/2020\/06\/IMG_0464-scaled.jpeg\" data-orig-size=\"2560,1920\" data-comments-opened=\"0\" data-image-title=\"IMG_0464\" data-image-description=\"\" data-image-caption=\"\" data-large-file=\"https:\/\/www.intellectualsovereignty.ch\/wp-content\/uploads\/2020\/06\/IMG_0464-1024x768.jpeg\" src=\"https:\/\/i1.wp.com\/www.intellectualsovereignty.ch\/wp-content\/uploads\/2020\/06\/IMG_0464-scaled.jpeg?fit=520%2C390&amp;ssl=1\" alt=\"\" data-id=\"485\" data-full-url=\"https:\/\/i1.wp.com\/www.intellectualsovereignty.ch\/wp-content\/uploads\/2020\/06\/IMG_0464-scaled.jpeg?fit=2560%2C1920&amp;ssl=1\" data-link=\"https:\/\/www.intellectualsovereignty.ch\/?attachment_id=485\" class=\"wp-image-485\" srcset=\"https:\/\/www.intellectualsovereignty.ch\/wp-content\/uploads\/2020\/06\/IMG_0464-scaled.jpeg 2560w, https:\/\/www.intellectualsovereignty.ch\/wp-content\/uploads\/2020\/06\/IMG_0464-300x225.jpeg 300w, https:\/\/www.intellectualsovereignty.ch\/wp-content\/uploads\/2020\/06\/IMG_0464-1024x768.jpeg 1024w, https:\/\/www.intellectualsovereignty.ch\/wp-content\/uploads\/2020\/06\/IMG_0464-768x576.jpeg 768w, https:\/\/www.intellectualsovereignty.ch\/wp-content\/uploads\/2020\/06\/IMG_0464-1536x1152.jpeg 1536w, https:\/\/www.intellectualsovereignty.ch\/wp-content\/uploads\/2020\/06\/IMG_0464-2048x1536.jpeg 2048w, https:\/\/www.intellectualsovereignty.ch\/wp-content\/uploads\/2020\/06\/IMG_0464-1870x1403.jpeg 1870w, https:\/\/www.intellectualsovereignty.ch\/wp-content\/uploads\/2020\/06\/IMG_0464-400x300.jpeg 400w, https:\/\/www.intellectualsovereignty.ch\/wp-content\/uploads\/2020\/06\/IMG_0464-800x600.jpeg 800w\" sizes=\"auto, (max-width: 2560px) 100vw, 2560px\" \/><\/figure><\/li><li class=\"blocks-gallery-item\"><figure><img loading=\"lazy\" decoding=\"async\" width=\"2560\" height=\"1920\" data-attachment-id=\"486\" data-permalink=\"https:\/\/www.intellectualsovereignty.ch\/index.php\/2020\/06\/21\/hike-23-niederhorn-gemmenalphorn-oberberg-groen-beatenberg\/img_0452\/\" data-orig-file=\"https:\/\/www.intellectualsovereignty.ch\/wp-content\/uploads\/2020\/06\/IMG_0452-scaled.jpeg\" data-orig-size=\"2560,1920\" data-comments-opened=\"0\" data-image-title=\"IMG_0452\" data-image-description=\"\" data-image-caption=\"\" data-large-file=\"https:\/\/www.intellectualsovereignty.ch\/wp-content\/uploads\/2020\/06\/IMG_0452-1024x768.jpeg\" src=\"https:\/\/i0.wp.com\/www.intellectualsovereignty.ch\/wp-content\/uploads\/2020\/06\/IMG_0452-scaled.jpeg?fit=520%2C390&amp;ssl=1\" alt=\"\" data-id=\"486\" data-full-url=\"https:\/\/i0.wp.com\/www.intellectualsovereignty.ch\/wp-content\/uploads\/2020\/06\/IMG_0452-scaled.jpeg?fit=2560%2C1920&amp;ssl=1\" data-link=\"https:\/\/www.intellectualsovereignty.ch\/?attachment_id=486\" class=\"wp-image-486\" srcset=\"https:\/\/www.intellectualsovereignty.ch\/wp-content\/uploads\/2020\/06\/IMG_0452-scaled.jpeg 2560w, https:\/\/www.intellectualsovereignty.ch\/wp-content\/uploads\/2020\/06\/IMG_0452-300x225.jpeg 300w, https:\/\/www.intellectualsovereignty.ch\/wp-content\/uploads\/2020\/06\/IMG_0452-1024x768.jpeg 1024w, https:\/\/www.intellectualsovereignty.ch\/wp-content\/uploads\/2020\/06\/IMG_0452-768x576.jpeg 768w, https:\/\/www.intellectualsovereignty.ch\/wp-content\/uploads\/2020\/06\/IMG_0452-1536x1152.jpeg 1536w, https:\/\/www.intellectualsovereignty.ch\/wp-content\/uploads\/2020\/06\/IMG_0452-2048x1536.jpeg 2048w, https:\/\/www.intellectualsovereignty.ch\/wp-content\/uploads\/2020\/06\/IMG_0452-1870x1403.jpeg 1870w, https:\/\/www.intellectualsovereignty.ch\/wp-content\/uploads\/2020\/06\/IMG_0452-400x300.jpeg 400w, https:\/\/www.intellectualsovereignty.ch\/wp-content\/uploads\/2020\/06\/IMG_0452-800x600.jpeg 800w\" sizes=\"auto, (max-width: 2560px) 100vw, 2560px\" \/><\/figure><\/li><li class=\"blocks-gallery-item\"><figure><img loading=\"lazy\" decoding=\"async\" width=\"2560\" height=\"667\" data-attachment-id=\"487\" data-permalink=\"https:\/\/www.intellectualsovereignty.ch\/index.php\/2020\/06\/21\/hike-23-niederhorn-gemmenalphorn-oberberg-groen-beatenberg\/img_0465\/\" data-orig-file=\"https:\/\/www.intellectualsovereignty.ch\/wp-content\/uploads\/2020\/06\/IMG_0465-scaled.jpeg\" data-orig-size=\"2560,667\" data-comments-opened=\"0\" data-image-title=\"IMG_0465\" data-image-description=\"\" data-image-caption=\"\" data-large-file=\"https:\/\/www.intellectualsovereignty.ch\/wp-content\/uploads\/2020\/06\/IMG_0465-1024x267.jpeg\" src=\"https:\/\/i1.wp.com\/www.intellectualsovereignty.ch\/wp-content\/uploads\/2020\/06\/IMG_0465-scaled.jpeg?fit=520%2C136&amp;ssl=1\" alt=\"\" data-id=\"487\" data-full-url=\"https:\/\/i1.wp.com\/www.intellectualsovereignty.ch\/wp-content\/uploads\/2020\/06\/IMG_0465-scaled.jpeg?fit=2560%2C667&amp;ssl=1\" data-link=\"https:\/\/www.intellectualsovereignty.ch\/?attachment_id=487\" class=\"wp-image-487\" srcset=\"https:\/\/www.intellectualsovereignty.ch\/wp-content\/uploads\/2020\/06\/IMG_0465-scaled.jpeg 2560w, https:\/\/www.intellectualsovereignty.ch\/wp-content\/uploads\/2020\/06\/IMG_0465-300x78.jpeg 300w, https:\/\/www.intellectualsovereignty.ch\/wp-content\/uploads\/2020\/06\/IMG_0465-1024x267.jpeg 1024w, https:\/\/www.intellectualsovereignty.ch\/wp-content\/uploads\/2020\/06\/IMG_0465-768x200.jpeg 768w, https:\/\/www.intellectualsovereignty.ch\/wp-content\/uploads\/2020\/06\/IMG_0465-1536x400.jpeg 1536w, https:\/\/www.intellectualsovereignty.ch\/wp-content\/uploads\/2020\/06\/IMG_0465-2048x533.jpeg 2048w, https:\/\/www.intellectualsovereignty.ch\/wp-content\/uploads\/2020\/06\/IMG_0465-1870x487.jpeg 1870w, https:\/\/www.intellectualsovereignty.ch\/wp-content\/uploads\/2020\/06\/IMG_0465-400x104.jpeg 400w, https:\/\/www.intellectualsovereignty.ch\/wp-content\/uploads\/2020\/06\/IMG_0465-800x208.jpeg 800w\" sizes=\"auto, (max-width: 2560px) 100vw, 2560px\" \/><\/figure><\/li><li class=\"blocks-gallery-item\"><figure><img loading=\"lazy\" decoding=\"async\" width=\"2560\" height=\"1920\" data-attachment-id=\"488\" data-permalink=\"https:\/\/www.intellectualsovereignty.ch\/index.php\/2020\/06\/21\/hike-23-niederhorn-gemmenalphorn-oberberg-groen-beatenberg\/img_0467\/\" data-orig-file=\"https:\/\/www.intellectualsovereignty.ch\/wp-content\/uploads\/2020\/06\/IMG_0467-scaled.jpeg\" data-orig-size=\"2560,1920\" data-comments-opened=\"0\" data-image-title=\"IMG_0467\" data-image-description=\"\" data-image-caption=\"\" data-large-file=\"https:\/\/www.intellectualsovereignty.ch\/wp-content\/uploads\/2020\/06\/IMG_0467-1024x768.jpeg\" src=\"https:\/\/i1.wp.com\/www.intellectualsovereignty.ch\/wp-content\/uploads\/2020\/06\/IMG_0467-scaled.jpeg?fit=520%2C390&amp;ssl=1\" alt=\"\" data-id=\"488\" data-full-url=\"https:\/\/i1.wp.com\/www.intellectualsovereignty.ch\/wp-content\/uploads\/2020\/06\/IMG_0467-scaled.jpeg?fit=2560%2C1920&amp;ssl=1\" data-link=\"https:\/\/www.intellectualsovereignty.ch\/?attachment_id=488\" class=\"wp-image-488\" srcset=\"https:\/\/www.intellectualsovereignty.ch\/wp-content\/uploads\/2020\/06\/IMG_0467-scaled.jpeg 2560w, https:\/\/www.intellectualsovereignty.ch\/wp-content\/uploads\/2020\/06\/IMG_0467-300x225.jpeg 300w, https:\/\/www.intellectualsovereignty.ch\/wp-content\/uploads\/2020\/06\/IMG_0467-1024x768.jpeg 1024w, https:\/\/www.intellectualsovereignty.ch\/wp-content\/uploads\/2020\/06\/IMG_0467-768x576.jpeg 768w, https:\/\/www.intellectualsovereignty.ch\/wp-content\/uploads\/2020\/06\/IMG_0467-1536x1152.jpeg 1536w, https:\/\/www.intellectualsovereignty.ch\/wp-content\/uploads\/2020\/06\/IMG_0467-2048x1536.jpeg 2048w, https:\/\/www.intellectualsovereignty.ch\/wp-content\/uploads\/2020\/06\/IMG_0467-1870x1403.jpeg 1870w, https:\/\/www.intellectualsovereignty.ch\/wp-content\/uploads\/2020\/06\/IMG_0467-400x300.jpeg 400w, https:\/\/www.intellectualsovereignty.ch\/wp-content\/uploads\/2020\/06\/IMG_0467-800x600.jpeg 800w\" sizes=\"auto, (max-width: 2560px) 100vw, 2560px\" \/><\/figure><\/li><li class=\"blocks-gallery-item\"><figure><img loading=\"lazy\" decoding=\"async\" width=\"2560\" height=\"1920\" data-attachment-id=\"489\" data-permalink=\"https:\/\/www.intellectualsovereignty.ch\/index.php\/2020\/06\/21\/hike-23-niederhorn-gemmenalphorn-oberberg-groen-beatenberg\/img_0469\/\" data-orig-file=\"https:\/\/www.intellectualsovereignty.ch\/wp-content\/uploads\/2020\/06\/IMG_0469-scaled.jpeg\" data-orig-size=\"2560,1920\" data-comments-opened=\"0\" data-image-title=\"IMG_0469\" data-image-description=\"\" data-image-caption=\"\" data-large-file=\"https:\/\/www.intellectualsovereignty.ch\/wp-content\/uploads\/2020\/06\/IMG_0469-1024x768.jpeg\" src=\"https:\/\/i0.wp.com\/www.intellectualsovereignty.ch\/wp-content\/uploads\/2020\/06\/IMG_0469-scaled.jpeg?fit=520%2C390&amp;ssl=1\" alt=\"\" data-id=\"489\" data-full-url=\"https:\/\/i0.wp.com\/www.intellectualsovereignty.ch\/wp-content\/uploads\/2020\/06\/IMG_0469-scaled.jpeg?fit=2560%2C1920&amp;ssl=1\" data-link=\"https:\/\/www.intellectualsovereignty.ch\/?attachment_id=489\" class=\"wp-image-489\" srcset=\"https:\/\/www.intellectualsovereignty.ch\/wp-content\/uploads\/2020\/06\/IMG_0469-scaled.jpeg 2560w, https:\/\/www.intellectualsovereignty.ch\/wp-content\/uploads\/2020\/06\/IMG_0469-300x225.jpeg 300w, https:\/\/www.intellectualsovereignty.ch\/wp-content\/uploads\/2020\/06\/IMG_0469-1024x768.jpeg 1024w, https:\/\/www.intellectualsovereignty.ch\/wp-content\/uploads\/2020\/06\/IMG_0469-768x576.jpeg 768w, https:\/\/www.intellectualsovereignty.ch\/wp-content\/uploads\/2020\/06\/IMG_0469-1536x1152.jpeg 1536w, https:\/\/www.intellectualsovereignty.ch\/wp-content\/uploads\/2020\/06\/IMG_0469-2048x1536.jpeg 2048w, https:\/\/www.intellectualsovereignty.ch\/wp-content\/uploads\/2020\/06\/IMG_0469-1870x1403.jpeg 1870w, https:\/\/www.intellectualsovereignty.ch\/wp-content\/uploads\/2020\/06\/IMG_0469-400x300.jpeg 400w, https:\/\/www.intellectualsovereignty.ch\/wp-content\/uploads\/2020\/06\/IMG_0469-800x600.jpeg 800w\" sizes=\"auto, (max-width: 2560px) 100vw, 2560px\" \/><\/figure><\/li><li class=\"blocks-gallery-item\"><figure><img loading=\"lazy\" decoding=\"async\" width=\"2560\" height=\"1920\" data-attachment-id=\"490\" data-permalink=\"https:\/\/www.intellectualsovereignty.ch\/index.php\/2020\/06\/21\/hike-23-niederhorn-gemmenalphorn-oberberg-groen-beatenberg\/img_0468\/\" data-orig-file=\"https:\/\/www.intellectualsovereignty.ch\/wp-content\/uploads\/2020\/06\/IMG_0468-scaled.jpeg\" data-orig-size=\"2560,1920\" data-comments-opened=\"0\" data-image-title=\"IMG_0468\" data-image-description=\"\" data-image-caption=\"\" data-large-file=\"https:\/\/www.intellectualsovereignty.ch\/wp-content\/uploads\/2020\/06\/IMG_0468-1024x768.jpeg\" src=\"https:\/\/i2.wp.com\/www.intellectualsovereignty.ch\/wp-content\/uploads\/2020\/06\/IMG_0468-scaled.jpeg?fit=520%2C390&amp;ssl=1\" alt=\"\" data-id=\"490\" data-full-url=\"https:\/\/i2.wp.com\/www.intellectualsovereignty.ch\/wp-content\/uploads\/2020\/06\/IMG_0468-scaled.jpeg?fit=2560%2C1920&amp;ssl=1\" data-link=\"https:\/\/www.intellectualsovereignty.ch\/?attachment_id=490\" class=\"wp-image-490\" srcset=\"https:\/\/www.intellectualsovereignty.ch\/wp-content\/uploads\/2020\/06\/IMG_0468-scaled.jpeg 2560w, https:\/\/www.intellectualsovereignty.ch\/wp-content\/uploads\/2020\/06\/IMG_0468-300x225.jpeg 300w, https:\/\/www.intellectualsovereignty.ch\/wp-content\/uploads\/2020\/06\/IMG_0468-1024x768.jpeg 1024w, https:\/\/www.intellectualsovereignty.ch\/wp-content\/uploads\/2020\/06\/IMG_0468-768x576.jpeg 768w, https:\/\/www.intellectualsovereignty.ch\/wp-content\/uploads\/2020\/06\/IMG_0468-1536x1152.jpeg 1536w, https:\/\/www.intellectualsovereignty.ch\/wp-content\/uploads\/2020\/06\/IMG_0468-2048x1536.jpeg 2048w, https:\/\/www.intellectualsovereignty.ch\/wp-content\/uploads\/2020\/06\/IMG_0468-1870x1403.jpeg 1870w, https:\/\/www.intellectualsovereignty.ch\/wp-content\/uploads\/2020\/06\/IMG_0468-400x300.jpeg 400w, https:\/\/www.intellectualsovereignty.ch\/wp-content\/uploads\/2020\/06\/IMG_0468-800x600.jpeg 800w\" sizes=\"auto, (max-width: 2560px) 100vw, 2560px\" \/><\/figure><\/li><li class=\"blocks-gallery-item\"><figure><img loading=\"lazy\" decoding=\"async\" width=\"2560\" height=\"1920\" data-attachment-id=\"491\" data-permalink=\"https:\/\/www.intellectualsovereignty.ch\/index.php\/2020\/06\/21\/hike-23-niederhorn-gemmenalphorn-oberberg-groen-beatenberg\/img_0470\/\" data-orig-file=\"https:\/\/www.intellectualsovereignty.ch\/wp-content\/uploads\/2020\/06\/IMG_0470-scaled.jpeg\" data-orig-size=\"2560,1920\" data-comments-opened=\"0\" data-image-title=\"IMG_0470\" data-image-description=\"\" data-image-caption=\"\" data-large-file=\"https:\/\/www.intellectualsovereignty.ch\/wp-content\/uploads\/2020\/06\/IMG_0470-1024x768.jpeg\" src=\"https:\/\/i1.wp.com\/www.intellectualsovereignty.ch\/wp-content\/uploads\/2020\/06\/IMG_0470-scaled.jpeg?fit=520%2C390&amp;ssl=1\" alt=\"\" data-id=\"491\" data-full-url=\"https:\/\/i1.wp.com\/www.intellectualsovereignty.ch\/wp-content\/uploads\/2020\/06\/IMG_0470-scaled.jpeg?fit=2560%2C1920&amp;ssl=1\" data-link=\"https:\/\/www.intellectualsovereignty.ch\/?attachment_id=491\" class=\"wp-image-491\" srcset=\"https:\/\/www.intellectualsovereignty.ch\/wp-content\/uploads\/2020\/06\/IMG_0470-scaled.jpeg 2560w, https:\/\/www.intellectualsovereignty.ch\/wp-content\/uploads\/2020\/06\/IMG_0470-300x225.jpeg 300w, https:\/\/www.intellectualsovereignty.ch\/wp-content\/uploads\/2020\/06\/IMG_0470-1024x768.jpeg 1024w, https:\/\/www.intellectualsovereignty.ch\/wp-content\/uploads\/2020\/06\/IMG_0470-768x576.jpeg 768w, https:\/\/www.intellectualsovereignty.ch\/wp-content\/uploads\/2020\/06\/IMG_0470-1536x1152.jpeg 1536w, https:\/\/www.intellectualsovereignty.ch\/wp-content\/uploads\/2020\/06\/IMG_0470-2048x1536.jpeg 2048w, https:\/\/www.intellectualsovereignty.ch\/wp-content\/uploads\/2020\/06\/IMG_0470-1870x1403.jpeg 1870w, https:\/\/www.intellectualsovereignty.ch\/wp-content\/uploads\/2020\/06\/IMG_0470-400x300.jpeg 400w, https:\/\/www.intellectualsovereignty.ch\/wp-content\/uploads\/2020\/06\/IMG_0470-800x600.jpeg 800w\" sizes=\"auto, (max-width: 2560px) 100vw, 2560px\" \/><\/figure><\/li><li class=\"blocks-gallery-item\"><figure><img loading=\"lazy\" decoding=\"async\" width=\"2560\" height=\"1920\" data-attachment-id=\"492\" data-permalink=\"https:\/\/www.intellectualsovereignty.ch\/index.php\/2020\/06\/21\/hike-23-niederhorn-gemmenalphorn-oberberg-groen-beatenberg\/img_0473\/\" data-orig-file=\"https:\/\/www.intellectualsovereignty.ch\/wp-content\/uploads\/2020\/06\/IMG_0473-scaled.jpeg\" data-orig-size=\"2560,1920\" data-comments-opened=\"0\" data-image-title=\"IMG_0473\" data-image-description=\"\" data-image-caption=\"\" data-large-file=\"https:\/\/www.intellectualsovereignty.ch\/wp-content\/uploads\/2020\/06\/IMG_0473-1024x768.jpeg\" src=\"https:\/\/i1.wp.com\/www.intellectualsovereignty.ch\/wp-content\/uploads\/2020\/06\/IMG_0473-scaled.jpeg?fit=520%2C390&amp;ssl=1\" alt=\"\" data-id=\"492\" data-full-url=\"https:\/\/i1.wp.com\/www.intellectualsovereignty.ch\/wp-content\/uploads\/2020\/06\/IMG_0473-scaled.jpeg?fit=2560%2C1920&amp;ssl=1\" data-link=\"https:\/\/www.intellectualsovereignty.ch\/?attachment_id=492\" class=\"wp-image-492\" srcset=\"https:\/\/www.intellectualsovereignty.ch\/wp-content\/uploads\/2020\/06\/IMG_0473-scaled.jpeg 2560w, https:\/\/www.intellectualsovereignty.ch\/wp-content\/uploads\/2020\/06\/IMG_0473-300x225.jpeg 300w, https:\/\/www.intellectualsovereignty.ch\/wp-content\/uploads\/2020\/06\/IMG_0473-1024x768.jpeg 1024w, https:\/\/www.intellectualsovereignty.ch\/wp-content\/uploads\/2020\/06\/IMG_0473-768x576.jpeg 768w, https:\/\/www.intellectualsovereignty.ch\/wp-content\/uploads\/2020\/06\/IMG_0473-1536x1152.jpeg 1536w, https:\/\/www.intellectualsovereignty.ch\/wp-content\/uploads\/2020\/06\/IMG_0473-2048x1536.jpeg 2048w, https:\/\/www.intellectualsovereignty.ch\/wp-content\/uploads\/2020\/06\/IMG_0473-1870x1403.jpeg 1870w, https:\/\/www.intellectualsovereignty.ch\/wp-content\/uploads\/2020\/06\/IMG_0473-400x300.jpeg 400w, https:\/\/www.intellectualsovereignty.ch\/wp-content\/uploads\/2020\/06\/IMG_0473-800x600.jpeg 800w\" sizes=\"auto, (max-width: 2560px) 100vw, 2560px\" \/><\/figure><\/li><li class=\"blocks-gallery-item\"><figure><img loading=\"lazy\" decoding=\"async\" width=\"2560\" height=\"1920\" data-attachment-id=\"493\" data-permalink=\"https:\/\/www.intellectualsovereignty.ch\/index.php\/2020\/06\/21\/hike-23-niederhorn-gemmenalphorn-oberberg-groen-beatenberg\/img_0472\/\" data-orig-file=\"https:\/\/www.intellectualsovereignty.ch\/wp-content\/uploads\/2020\/06\/IMG_0472-scaled.jpeg\" data-orig-size=\"2560,1920\" data-comments-opened=\"0\" data-image-title=\"IMG_0472\" data-image-description=\"\" data-image-caption=\"\" data-large-file=\"https:\/\/www.intellectualsovereignty.ch\/wp-content\/uploads\/2020\/06\/IMG_0472-1024x768.jpeg\" src=\"https:\/\/i2.wp.com\/www.intellectualsovereignty.ch\/wp-content\/uploads\/2020\/06\/IMG_0472-scaled.jpeg?fit=520%2C390&amp;ssl=1\" alt=\"\" data-id=\"493\" data-full-url=\"https:\/\/i2.wp.com\/www.intellectualsovereignty.ch\/wp-content\/uploads\/2020\/06\/IMG_0472-scaled.jpeg?fit=2560%2C1920&amp;ssl=1\" data-link=\"https:\/\/www.intellectualsovereignty.ch\/?attachment_id=493\" class=\"wp-image-493\" srcset=\"https:\/\/www.intellectualsovereignty.ch\/wp-content\/uploads\/2020\/06\/IMG_0472-scaled.jpeg 2560w, https:\/\/www.intellectualsovereignty.ch\/wp-content\/uploads\/2020\/06\/IMG_0472-300x225.jpeg 300w, https:\/\/www.intellectualsovereignty.ch\/wp-content\/uploads\/2020\/06\/IMG_0472-1024x768.jpeg 1024w, https:\/\/www.intellectualsovereignty.ch\/wp-content\/uploads\/2020\/06\/IMG_0472-768x576.jpeg 768w, https:\/\/www.intellectualsovereignty.ch\/wp-content\/uploads\/2020\/06\/IMG_0472-1536x1152.jpeg 1536w, https:\/\/www.intellectualsovereignty.ch\/wp-content\/uploads\/2020\/06\/IMG_0472-2048x1536.jpeg 2048w, https:\/\/www.intellectualsovereignty.ch\/wp-content\/uploads\/2020\/06\/IMG_0472-1870x1403.jpeg 1870w, https:\/\/www.intellectualsovereignty.ch\/wp-content\/uploads\/2020\/06\/IMG_0472-400x300.jpeg 400w, https:\/\/www.intellectualsovereignty.ch\/wp-content\/uploads\/2020\/06\/IMG_0472-800x600.jpeg 800w\" sizes=\"auto, (max-width: 2560px) 100vw, 2560px\" \/><\/figure><\/li><li class=\"blocks-gallery-item\"><figure><img loading=\"lazy\" decoding=\"async\" width=\"2560\" height=\"1920\" data-attachment-id=\"494\" data-permalink=\"https:\/\/www.intellectualsovereignty.ch\/index.php\/2020\/06\/21\/hike-23-niederhorn-gemmenalphorn-oberberg-groen-beatenberg\/img_0474\/\" data-orig-file=\"https:\/\/www.intellectualsovereignty.ch\/wp-content\/uploads\/2020\/06\/IMG_0474-scaled.jpeg\" data-orig-size=\"2560,1920\" data-comments-opened=\"0\" data-image-title=\"IMG_0474\" data-image-description=\"\" data-image-caption=\"\" data-large-file=\"https:\/\/www.intellectualsovereignty.ch\/wp-content\/uploads\/2020\/06\/IMG_0474-1024x768.jpeg\" src=\"https:\/\/i2.wp.com\/www.intellectualsovereignty.ch\/wp-content\/uploads\/2020\/06\/IMG_0474-scaled.jpeg?fit=520%2C390&amp;ssl=1\" alt=\"\" data-id=\"494\" data-full-url=\"https:\/\/i2.wp.com\/www.intellectualsovereignty.ch\/wp-content\/uploads\/2020\/06\/IMG_0474-scaled.jpeg?fit=2560%2C1920&amp;ssl=1\" data-link=\"https:\/\/www.intellectualsovereignty.ch\/?attachment_id=494\" class=\"wp-image-494\" srcset=\"https:\/\/www.intellectualsovereignty.ch\/wp-content\/uploads\/2020\/06\/IMG_0474-scaled.jpeg 2560w, https:\/\/www.intellectualsovereignty.ch\/wp-content\/uploads\/2020\/06\/IMG_0474-300x225.jpeg 300w, https:\/\/www.intellectualsovereignty.ch\/wp-content\/uploads\/2020\/06\/IMG_0474-1024x768.jpeg 1024w, https:\/\/www.intellectualsovereignty.ch\/wp-content\/uploads\/2020\/06\/IMG_0474-768x576.jpeg 768w, https:\/\/www.intellectualsovereignty.ch\/wp-content\/uploads\/2020\/06\/IMG_0474-1536x1152.jpeg 1536w, https:\/\/www.intellectualsovereignty.ch\/wp-content\/uploads\/2020\/06\/IMG_0474-2048x1536.jpeg 2048w, https:\/\/www.intellectualsovereignty.ch\/wp-content\/uploads\/2020\/06\/IMG_0474-1870x1403.jpeg 1870w, https:\/\/www.intellectualsovereignty.ch\/wp-content\/uploads\/2020\/06\/IMG_0474-400x300.jpeg 400w, https:\/\/www.intellectualsovereignty.ch\/wp-content\/uploads\/2020\/06\/IMG_0474-800x600.jpeg 800w\" sizes=\"auto, (max-width: 2560px) 100vw, 2560px\" \/><\/figure><\/li><li class=\"blocks-gallery-item\"><figure><img loading=\"lazy\" decoding=\"async\" width=\"2560\" height=\"1390\" data-attachment-id=\"495\" data-permalink=\"https:\/\/www.intellectualsovereignty.ch\/index.php\/2020\/06\/21\/hike-23-niederhorn-gemmenalphorn-oberberg-groen-beatenberg\/img_0475\/\" data-orig-file=\"https:\/\/www.intellectualsovereignty.ch\/wp-content\/uploads\/2020\/06\/IMG_0475-scaled.jpeg\" data-orig-size=\"2560,1390\" data-comments-opened=\"0\" data-image-title=\"IMG_0475\" data-image-description=\"\" data-image-caption=\"\" data-large-file=\"https:\/\/www.intellectualsovereignty.ch\/wp-content\/uploads\/2020\/06\/IMG_0475-1024x556.jpeg\" src=\"https:\/\/i2.wp.com\/www.intellectualsovereignty.ch\/wp-content\/uploads\/2020\/06\/IMG_0475-scaled.jpeg?fit=520%2C282&amp;ssl=1\" alt=\"\" data-id=\"495\" data-full-url=\"https:\/\/i2.wp.com\/www.intellectualsovereignty.ch\/wp-content\/uploads\/2020\/06\/IMG_0475-scaled.jpeg?fit=2560%2C1390&amp;ssl=1\" data-link=\"https:\/\/www.intellectualsovereignty.ch\/?attachment_id=495\" class=\"wp-image-495\" srcset=\"https:\/\/www.intellectualsovereignty.ch\/wp-content\/uploads\/2020\/06\/IMG_0475-scaled.jpeg 2560w, https:\/\/www.intellectualsovereignty.ch\/wp-content\/uploads\/2020\/06\/IMG_0475-300x163.jpeg 300w, https:\/\/www.intellectualsovereignty.ch\/wp-content\/uploads\/2020\/06\/IMG_0475-1024x556.jpeg 1024w, https:\/\/www.intellectualsovereignty.ch\/wp-content\/uploads\/2020\/06\/IMG_0475-768x417.jpeg 768w, https:\/\/www.intellectualsovereignty.ch\/wp-content\/uploads\/2020\/06\/IMG_0475-1536x834.jpeg 1536w, https:\/\/www.intellectualsovereignty.ch\/wp-content\/uploads\/2020\/06\/IMG_0475-2048x1112.jpeg 2048w, https:\/\/www.intellectualsovereignty.ch\/wp-content\/uploads\/2020\/06\/IMG_0475-1870x1016.jpeg 1870w, https:\/\/www.intellectualsovereignty.ch\/wp-content\/uploads\/2020\/06\/IMG_0475-400x217.jpeg 400w, https:\/\/www.intellectualsovereignty.ch\/wp-content\/uploads\/2020\/06\/IMG_0475-800x435.jpeg 800w\" sizes=\"auto, (max-width: 2560px) 100vw, 2560px\" \/><\/figure><\/li><li class=\"blocks-gallery-item\"><figure><img loading=\"lazy\" decoding=\"async\" width=\"1920\" height=\"2560\" data-attachment-id=\"496\" data-permalink=\"https:\/\/www.intellectualsovereignty.ch\/index.php\/2020\/06\/21\/hike-23-niederhorn-gemmenalphorn-oberberg-groen-beatenberg\/img_0476\/\" data-orig-file=\"https:\/\/www.intellectualsovereignty.ch\/wp-content\/uploads\/2020\/06\/IMG_0476-scaled.jpeg\" data-orig-size=\"1920,2560\" data-comments-opened=\"0\" data-image-title=\"IMG_0476\" data-image-description=\"\" data-image-caption=\"\" data-large-file=\"https:\/\/www.intellectualsovereignty.ch\/wp-content\/uploads\/2020\/06\/IMG_0476-768x1024.jpeg\" src=\"https:\/\/i0.wp.com\/www.intellectualsovereignty.ch\/wp-content\/uploads\/2020\/06\/IMG_0476-scaled.jpeg?fit=520%2C693&amp;ssl=1\" alt=\"\" data-id=\"496\" data-full-url=\"https:\/\/i0.wp.com\/www.intellectualsovereignty.ch\/wp-content\/uploads\/2020\/06\/IMG_0476-scaled.jpeg?fit=1920%2C2560&amp;ssl=1\" data-link=\"https:\/\/www.intellectualsovereignty.ch\/?attachment_id=496\" class=\"wp-image-496\" srcset=\"https:\/\/www.intellectualsovereignty.ch\/wp-content\/uploads\/2020\/06\/IMG_0476-scaled.jpeg 1920w, https:\/\/www.intellectualsovereignty.ch\/wp-content\/uploads\/2020\/06\/IMG_0476-225x300.jpeg 225w, https:\/\/www.intellectualsovereignty.ch\/wp-content\/uploads\/2020\/06\/IMG_0476-768x1024.jpeg 768w, https:\/\/www.intellectualsovereignty.ch\/wp-content\/uploads\/2020\/06\/IMG_0476-1152x1536.jpeg 1152w, https:\/\/www.intellectualsovereignty.ch\/wp-content\/uploads\/2020\/06\/IMG_0476-1536x2048.jpeg 1536w, https:\/\/www.intellectualsovereignty.ch\/wp-content\/uploads\/2020\/06\/IMG_0476-1870x2493.jpeg 1870w, https:\/\/www.intellectualsovereignty.ch\/wp-content\/uploads\/2020\/06\/IMG_0476-400x533.jpeg 400w, https:\/\/www.intellectualsovereignty.ch\/wp-content\/uploads\/2020\/06\/IMG_0476-800x1067.jpeg 800w\" sizes=\"auto, (max-width: 1920px) 100vw, 1920px\" \/><\/figure><\/li><li class=\"blocks-gallery-item\"><figure><img loading=\"lazy\" decoding=\"async\" width=\"2560\" height=\"1920\" data-attachment-id=\"497\" data-permalink=\"https:\/\/www.intellectualsovereignty.ch\/index.php\/2020\/06\/21\/hike-23-niederhorn-gemmenalphorn-oberberg-groen-beatenberg\/img_0477\/\" data-orig-file=\"https:\/\/www.intellectualsovereignty.ch\/wp-content\/uploads\/2020\/06\/IMG_0477-scaled.jpeg\" data-orig-size=\"2560,1920\" data-comments-opened=\"0\" data-image-title=\"IMG_0477\" data-image-description=\"\" data-image-caption=\"\" data-large-file=\"https:\/\/www.intellectualsovereignty.ch\/wp-content\/uploads\/2020\/06\/IMG_0477-1024x768.jpeg\" src=\"https:\/\/i2.wp.com\/www.intellectualsovereignty.ch\/wp-content\/uploads\/2020\/06\/IMG_0477-scaled.jpeg?fit=520%2C390&amp;ssl=1\" alt=\"\" data-id=\"497\" data-full-url=\"https:\/\/i2.wp.com\/www.intellectualsovereignty.ch\/wp-content\/uploads\/2020\/06\/IMG_0477-scaled.jpeg?fit=2560%2C1920&amp;ssl=1\" data-link=\"https:\/\/www.intellectualsovereignty.ch\/?attachment_id=497\" class=\"wp-image-497\" srcset=\"https:\/\/www.intellectualsovereignty.ch\/wp-content\/uploads\/2020\/06\/IMG_0477-scaled.jpeg 2560w, https:\/\/www.intellectualsovereignty.ch\/wp-content\/uploads\/2020\/06\/IMG_0477-300x225.jpeg 300w, https:\/\/www.intellectualsovereignty.ch\/wp-content\/uploads\/2020\/06\/IMG_0477-1024x768.jpeg 1024w, https:\/\/www.intellectualsovereignty.ch\/wp-content\/uploads\/2020\/06\/IMG_0477-768x576.jpeg 768w, https:\/\/www.intellectualsovereignty.ch\/wp-content\/uploads\/2020\/06\/IMG_0477-1536x1152.jpeg 1536w, https:\/\/www.intellectualsovereignty.ch\/wp-content\/uploads\/2020\/06\/IMG_0477-2048x1536.jpeg 2048w, https:\/\/www.intellectualsovereignty.ch\/wp-content\/uploads\/2020\/06\/IMG_0477-1870x1403.jpeg 1870w, https:\/\/www.intellectualsovereignty.ch\/wp-content\/uploads\/2020\/06\/IMG_0477-400x300.jpeg 400w, https:\/\/www.intellectualsovereignty.ch\/wp-content\/uploads\/2020\/06\/IMG_0477-800x600.jpeg 800w\" sizes=\"auto, (max-width: 2560px) 100vw, 2560px\" \/><\/figure><\/li><li class=\"blocks-gallery-item\"><figure><img loading=\"lazy\" decoding=\"async\" width=\"2560\" height=\"1254\" data-attachment-id=\"498\" data-permalink=\"https:\/\/www.intellectualsovereignty.ch\/index.php\/2020\/06\/21\/hike-23-niederhorn-gemmenalphorn-oberberg-groen-beatenberg\/img_0478\/\" data-orig-file=\"https:\/\/www.intellectualsovereignty.ch\/wp-content\/uploads\/2020\/06\/IMG_0478-scaled.jpeg\" data-orig-size=\"2560,1254\" data-comments-opened=\"0\" data-image-title=\"IMG_0478\" data-image-description=\"\" data-image-caption=\"\" data-large-file=\"https:\/\/www.intellectualsovereignty.ch\/wp-content\/uploads\/2020\/06\/IMG_0478-1024x502.jpeg\" src=\"https:\/\/i0.wp.com\/www.intellectualsovereignty.ch\/wp-content\/uploads\/2020\/06\/IMG_0478-scaled.jpeg?fit=520%2C255&amp;ssl=1\" alt=\"\" data-id=\"498\" data-full-url=\"https:\/\/i0.wp.com\/www.intellectualsovereignty.ch\/wp-content\/uploads\/2020\/06\/IMG_0478-scaled.jpeg?fit=2560%2C1254&amp;ssl=1\" data-link=\"https:\/\/www.intellectualsovereignty.ch\/?attachment_id=498\" class=\"wp-image-498\" srcset=\"https:\/\/www.intellectualsovereignty.ch\/wp-content\/uploads\/2020\/06\/IMG_0478-scaled.jpeg 2560w, https:\/\/www.intellectualsovereignty.ch\/wp-content\/uploads\/2020\/06\/IMG_0478-300x147.jpeg 300w, https:\/\/www.intellectualsovereignty.ch\/wp-content\/uploads\/2020\/06\/IMG_0478-1024x502.jpeg 1024w, https:\/\/www.intellectualsovereignty.ch\/wp-content\/uploads\/2020\/06\/IMG_0478-768x376.jpeg 768w, https:\/\/www.intellectualsovereignty.ch\/wp-content\/uploads\/2020\/06\/IMG_0478-1536x752.jpeg 1536w, https:\/\/www.intellectualsovereignty.ch\/wp-content\/uploads\/2020\/06\/IMG_0478-2048x1003.jpeg 2048w, https:\/\/www.intellectualsovereignty.ch\/wp-content\/uploads\/2020\/06\/IMG_0478-1870x916.jpeg 1870w, https:\/\/www.intellectualsovereignty.ch\/wp-content\/uploads\/2020\/06\/IMG_0478-400x196.jpeg 400w, https:\/\/www.intellectualsovereignty.ch\/wp-content\/uploads\/2020\/06\/IMG_0478-800x392.jpeg 800w\" sizes=\"auto, (max-width: 2560px) 100vw, 2560px\" \/><\/figure><\/li><\/ul><\/figure>\n\n\n\n<p class=\"wp-block-paragraph\">Zu guter Letzt fahren wir mit der Standseilbahn wieder hinunter in die Beatenbucht. Eine sch\u00f6ne und gleichwohl anstrengende Wanderung nimmt ihr Ende, danke Bea, Nina und Ben f\u00fcr den sch\u00f6nen Tag!<\/p>\n\n\n\n<hr class=\"wp-block-separator\"\/>\n\n\n\n<p class=\"wp-block-paragraph\">Distanz: 16.4km<br>H\u00f6henmeter: 437m hoch \/ 1\u2019249m runter<br>Marschzeit: 5h<br>GPS-Route:&nbsp;<a rel=\"noreferrer noopener\" href=\"https:\/\/map.schweizmobil.ch\/?lang=de&amp;photos=yes&amp;logo=yes&amp;season=summer&amp;bgLayer=pk&amp;resolution=8.13&amp;E=2636211&amp;N=1175325&amp;trackId=7133240&amp;layers=Wanderland\" target=\"_blank\">SchweizMobil<\/a><br>Beschrieb:&nbsp;<a rel=\"noreferrer noopener\" href=\"https:\/\/www.schweizmobil.ch\/de\/wanderland\/routen\/route-0342.html\" target=\"_blank\">Niederhorn-Panoramaweg<\/a> (kurzer Abschnitt ganz zu Beginn)<\/p>\n\n\n[sgpx gpx=\/wp-content\/uploads\/gpx\/20200621_niederhornoberbergbeatenberg.gpx ]\n\n\n\n<hr class=\"wp-block-separator\"\/>\n\n\n\n<p class=\"wp-block-paragraph\">Nachfolgend noch das Ergebnis meines Testlauf mit dem Garmin inReach mini &#8211; Satellitenortungsger\u00e4t (in schwarz die obige GPS-Route hinterlegt): <\/p>\n\n\n\n<iframe loading=\"lazy\" src=\"https:\/\/spotwalla.com\/tripViewer.php?id=22e905eee6c870537d&amp;format=map&amp;mapType=normal&amp;scale=on&amp;scrollZoom=on&amp;traffic=off\" width=\"600\" height=\"500\" scrolling=\"no\" frameborder=\"0\"> \nEmbedding failed because inline frames are not supported by your browser or the web server. \n<\/iframe>\n\n\n\n<hr class=\"wp-block-separator\"\/>\n\n\n\n<p class=\"wp-block-paragraph\">PS: Auf halbem Weg des Justistal entdecke ich auf der linken Seiten hoch zum Niederhorn den &#8220;B\u00e4repfad&#8221;, der in seiner Verl\u00e4ngerung wieder hoch zum Sigriswiler Rothorn verl\u00e4uft, steil aber spannend (siehe nachfolgenden Handy-Screenshot). In mir keimt die Idee einer 2-3 t\u00e4gigen Querung von Sigriswil \u00fcber Sigriswiler Rothorn, Niederhorn nach Habkern, hoch \u00fcbers Augstmatterhorn nach Nieder- oder Oberried am Brienzersee&#8230; mal schauen, ob sich das sinnvoll planen l\u00e4sst. Falls diese Route mal jemand gemacht hat, ich bin Abnehmer f\u00fcr Tipps!<\/p>\n\n\n\n<figure class=\"wp-block-image size-large\"><img loading=\"lazy\" decoding=\"async\" width=\"750\" height=\"1334\" data-attachment-id=\"499\" data-permalink=\"https:\/\/www.intellectualsovereignty.ch\/index.php\/2020\/06\/21\/hike-23-niederhorn-gemmenalphorn-oberberg-groen-beatenberg\/img_0471\/\" data-orig-file=\"https:\/\/www.intellectualsovereignty.ch\/wp-content\/uploads\/2020\/06\/IMG_0471.png\" data-orig-size=\"750,1334\" data-comments-opened=\"0\" data-image-title=\"IMG_0471\" data-image-description=\"\" data-image-caption=\"\" data-large-file=\"https:\/\/www.intellectualsovereignty.ch\/wp-content\/uploads\/2020\/06\/IMG_0471-576x1024.png\" src=\"https:\/\/i2.wp.com\/www.intellectualsovereignty.ch\/wp-content\/uploads\/2020\/06\/IMG_0471.png?fit=520%2C924&amp;ssl=1\" alt=\"\" class=\"wp-image-499\" srcset=\"https:\/\/www.intellectualsovereignty.ch\/wp-content\/uploads\/2020\/06\/IMG_0471.png 750w, https:\/\/www.intellectualsovereignty.ch\/wp-content\/uploads\/2020\/06\/IMG_0471-169x300.png 169w, https:\/\/www.intellectualsovereignty.ch\/wp-content\/uploads\/2020\/06\/IMG_0471-576x1024.png 576w, https:\/\/www.intellectualsovereignty.ch\/wp-content\/uploads\/2020\/06\/IMG_0471-400x711.png 400w\" sizes=\"auto, (max-width: 750px) 100vw, 750px\" \/><\/figure>\n","protected":false},"excerpt":{"rendered":"<p>Als eine der sch\u00f6nsten Gratwanderungen im Berner Oberland gepriesen, stand die Tour vom Niederhorn \u00fcber das Gemmenalphorn schon seit ein paar Wochen auf Bea&#8217;s und meiner Wunschliste. Kurzfristig haben sich heute noch Nina und Ben zu uns gesellt, und so haben wir &#8211; um dem nachmitt\u00e4glichen Pulk an Sonntagsausfl\u00fcgern ein wenig auszuweichen &#8211; uns schon [&hellip;]<\/p>\n","protected":false},"author":1,"featured_media":516,"comment_status":"open","ping_status":"closed","sticky":false,"template":"","format":"standard","meta":{"_jetpack_newsletter_access":"","_jetpack_dont_email_post_to_subs":false,"_jetpack_newsletter_tier_id":0,"_jetpack_memberships_contains_paywalled_content":false,"_spotmap_latitude":"","_spotmap_longitude":"","_jetpack_feature_clip_id":0,"_jetpack_memberships_contains_paid_content":false,"footnotes":"","jetpack_post_was_ever_published":false},"categories":[3],"tags":[],"class_list":["post-458","post","type-post","status-publish","format-standard","has-post-thumbnail","hentry","category-hiking","has-thumbnail"],"jetpack_shortlink":"https:\/\/wp.me\/p9IwFN-7o","jetpack_likes_enabled":false,"jetpack_sharing_enabled":true,"jetpack_featured_media_url":"https:\/\/www.intellectualsovereignty.ch\/wp-content\/uploads\/2020\/06\/IMG_0427-cropped.jpeg","_links":{"self":[{"href":"https:\/\/www.intellectualsovereignty.ch\/index.php\/wp-json\/wp\/v2\/posts\/458","targetHints":{"allow":["GET"]}}],"collection":[{"href":"https:\/\/www.intellectualsovereignty.ch\/index.php\/wp-json\/wp\/v2\/posts"}],"about":[{"href":"https:\/\/www.intellectualsovereignty.ch\/index.php\/wp-json\/wp\/v2\/types\/post"}],"author":[{"embeddable":true,"href":"https:\/\/www.intellectualsovereignty.ch\/index.php\/wp-json\/wp\/v2\/users\/1"}],"replies":[{"embeddable":true,"href":"https:\/\/www.intellectualsovereignty.ch\/index.php\/wp-json\/wp\/v2\/comments?post=458"}],"version-history":[{"count":7,"href":"https:\/\/www.intellectualsovereignty.ch\/index.php\/wp-json\/wp\/v2\/posts\/458\/revisions"}],"predecessor-version":[{"id":515,"href":"https:\/\/www.intellectualsovereignty.ch\/index.php\/wp-json\/wp\/v2\/posts\/458\/revisions\/515"}],"wp:featuredmedia":[{"embeddable":true,"href":"https:\/\/www.intellectualsovereignty.ch\/index.php\/wp-json\/wp\/v2\/media\/516"}],"wp:attachment":[{"href":"https:\/\/www.intellectualsovereignty.ch\/index.php\/wp-json\/wp\/v2\/media?parent=458"}],"wp:term":[{"taxonomy":"category","embeddable":true,"href":"https:\/\/www.intellectualsovereignty.ch\/index.php\/wp-json\/wp\/v2\/categories?post=458"},{"taxonomy":"post_tag","embeddable":true,"href":"https:\/\/www.intellectualsovereignty.ch\/index.php\/wp-json\/wp\/v2\/tags?post=458"}],"curies":[{"name":"wp","href":"https:\/\/api.w.org\/{rel}","templated":true}]}}