{"id":4435,"date":"2022-04-22T22:00:00","date_gmt":"2022-04-22T20:00:00","guid":{"rendered":"https:\/\/www.intellectualsovereignty.ch\/index.php\/2022\/04\/22\/day-0-bern-san-diego\/"},"modified":"2024-11-24T16:42:12","modified_gmt":"2024-11-24T15:42:12","slug":"day-0-bern-san-diego","status":"publish","type":"post","link":"https:\/\/www.intellectualsovereignty.ch\/index.php\/2022\/04\/22\/day-0-bern-san-diego\/","title":{"rendered":"Day#0 \/ Bern &#8211; San Diego"},"content":{"rendered":"\n<p>Und jetzt geht\u2019s los! Was fast auf den Tag genau vor f\u00fcnf Jahren mit einem inneren Schwur begann, sich \u00fcber unz\u00e4hlige Planungs- und Trainingsstunde hinwegzog, wird nun heute Wirklichkeit\u2026 Der Abschied von meiner Familie f\u00e4llt mir schwer; w\u00e4hrend sich meine Beine luftig leicht anf\u00fchlen, liegt mein Herz schwer in meiner Brust.<\/p>\n\n\n\n<p>So sitze ich nun im Zug zum Flughafen, in Gedanken versunken lasse ich die Landschaft an mir vorbei ziehen, eieiei was habe ich mir da wieder mal eingebrockt! \ud83e\udd2a Nach den \u00fcblichen Formalien &#8211; meine G\u00fcte was ben\u00f6tigen die amerikanischen Beh\u00f6rden alles f\u00fcr Papierli! &#8211; besteige ich endlich den Flieger nach Los Angeles. Der zw\u00f6lfst\u00fcndige Flug verl\u00e4uft ruhig, wir \u00fcberfliegen Paris, London, Island, die s\u00fcdliche Spitze von Gr\u00f6nland, die noch mehrheitlich zugefrorene Hudson Bay, Calgary und folgen dann den Rockies runter bis nach LA. Erinnerungen an fr\u00fchere Reisen werden wach\u2026<\/p>\n\n\n\n<figure class=\"wp-block-gallery has-nested-images columns-default is-cropped wp-block-gallery-1 is-layout-flex wp-block-gallery-is-layout-flex\">\n<figure class=\"wp-block-image\"><img loading=\"lazy\" decoding=\"async\" width=\"1500\" height=\"2000\" data-attachment-id=\"4413\" data-permalink=\"https:\/\/www.intellectualsovereignty.ch\/index.php\/2022\/04\/22\/day-0-bern-san-diego\/img_5887\/\" data-orig-file=\"https:\/\/www.intellectualsovereignty.ch\/wp-content\/uploads\/2022\/04\/img_5887.jpg\" data-orig-size=\"1500,2000\" data-comments-opened=\"0\" data-image-meta=\"{&quot;aperture&quot;:&quot;1.8&quot;,&quot;credit&quot;:&quot;&quot;,&quot;camera&quot;:&quot;iPhone SE (2nd generation)&quot;,&quot;caption&quot;:&quot;&quot;,&quot;created_timestamp&quot;:&quot;1650531546&quot;,&quot;copyright&quot;:&quot;&quot;,&quot;focal_length&quot;:&quot;3.99&quot;,&quot;iso&quot;:&quot;320&quot;,&quot;shutter_speed&quot;:&quot;0.022222222222222&quot;,&quot;title&quot;:&quot;&quot;,&quot;orientation&quot;:&quot;1&quot;}\" data-image-title=\"img_5887\" data-image-description=\"\" data-image-caption=\"\" data-large-file=\"https:\/\/www.intellectualsovereignty.ch\/wp-content\/uploads\/2022\/04\/img_5887-768x1024.jpg\" data-id=\"4413\" src=\"https:\/\/www.intellectualsovereignty.ch\/wp-content\/uploads\/2022\/04\/img_5887.jpg\" alt=\"\" class=\"wp-image-4413\" srcset=\"https:\/\/www.intellectualsovereignty.ch\/wp-content\/uploads\/2022\/04\/img_5887.jpg 1500w, https:\/\/www.intellectualsovereignty.ch\/wp-content\/uploads\/2022\/04\/img_5887-225x300.jpg 225w, https:\/\/www.intellectualsovereignty.ch\/wp-content\/uploads\/2022\/04\/img_5887-768x1024.jpg 768w, https:\/\/www.intellectualsovereignty.ch\/wp-content\/uploads\/2022\/04\/img_5887-1152x1536.jpg 1152w, https:\/\/www.intellectualsovereignty.ch\/wp-content\/uploads\/2022\/04\/img_5887-400x533.jpg 400w, https:\/\/www.intellectualsovereignty.ch\/wp-content\/uploads\/2022\/04\/img_5887-800x1067.jpg 800w\" sizes=\"auto, (max-width: 1500px) 100vw, 1500px\" \/><\/figure>\n\n\n\n<figure class=\"wp-block-image\"><img loading=\"lazy\" decoding=\"async\" width=\"2000\" height=\"1500\" data-attachment-id=\"4412\" data-permalink=\"https:\/\/www.intellectualsovereignty.ch\/index.php\/2022\/04\/22\/day-0-bern-san-diego\/img_5888\/\" data-orig-file=\"https:\/\/www.intellectualsovereignty.ch\/wp-content\/uploads\/2022\/04\/img_5888.jpg\" data-orig-size=\"2000,1500\" data-comments-opened=\"0\" data-image-meta=\"{&quot;aperture&quot;:&quot;1.8&quot;,&quot;credit&quot;:&quot;&quot;,&quot;camera&quot;:&quot;iPhone SE (2nd generation)&quot;,&quot;caption&quot;:&quot;&quot;,&quot;created_timestamp&quot;:&quot;1650542921&quot;,&quot;copyright&quot;:&quot;&quot;,&quot;focal_length&quot;:&quot;3.99&quot;,&quot;iso&quot;:&quot;20&quot;,&quot;shutter_speed&quot;:&quot;0.00063816209317167&quot;,&quot;title&quot;:&quot;&quot;,&quot;orientation&quot;:&quot;1&quot;}\" data-image-title=\"img_5888\" data-image-description=\"\" data-image-caption=\"\" data-large-file=\"https:\/\/www.intellectualsovereignty.ch\/wp-content\/uploads\/2022\/04\/img_5888-1024x768.jpg\" data-id=\"4412\" src=\"https:\/\/www.intellectualsovereignty.ch\/wp-content\/uploads\/2022\/04\/img_5888.jpg\" alt=\"\" class=\"wp-image-4412\" srcset=\"https:\/\/www.intellectualsovereignty.ch\/wp-content\/uploads\/2022\/04\/img_5888.jpg 2000w, https:\/\/www.intellectualsovereignty.ch\/wp-content\/uploads\/2022\/04\/img_5888-300x225.jpg 300w, https:\/\/www.intellectualsovereignty.ch\/wp-content\/uploads\/2022\/04\/img_5888-1024x768.jpg 1024w, https:\/\/www.intellectualsovereignty.ch\/wp-content\/uploads\/2022\/04\/img_5888-768x576.jpg 768w, https:\/\/www.intellectualsovereignty.ch\/wp-content\/uploads\/2022\/04\/img_5888-1536x1152.jpg 1536w, https:\/\/www.intellectualsovereignty.ch\/wp-content\/uploads\/2022\/04\/img_5888-1870x1403.jpg 1870w, https:\/\/www.intellectualsovereignty.ch\/wp-content\/uploads\/2022\/04\/img_5888-400x300.jpg 400w, https:\/\/www.intellectualsovereignty.ch\/wp-content\/uploads\/2022\/04\/img_5888-800x600.jpg 800w\" sizes=\"auto, (max-width: 2000px) 100vw, 2000px\" \/><\/figure>\n\n\n\n<figure class=\"wp-block-image\"><img loading=\"lazy\" decoding=\"async\" width=\"2000\" height=\"1500\" data-attachment-id=\"4414\" data-permalink=\"https:\/\/www.intellectualsovereignty.ch\/index.php\/2022\/04\/22\/day-0-bern-san-diego\/img_5889\/\" data-orig-file=\"https:\/\/www.intellectualsovereignty.ch\/wp-content\/uploads\/2022\/04\/img_5889.jpg\" data-orig-size=\"2000,1500\" data-comments-opened=\"0\" data-image-meta=\"{&quot;aperture&quot;:&quot;1.8&quot;,&quot;credit&quot;:&quot;&quot;,&quot;camera&quot;:&quot;iPhone SE (2nd generation)&quot;,&quot;caption&quot;:&quot;&quot;,&quot;created_timestamp&quot;:&quot;1650546629&quot;,&quot;copyright&quot;:&quot;&quot;,&quot;focal_length&quot;:&quot;3.99&quot;,&quot;iso&quot;:&quot;25&quot;,&quot;shutter_speed&quot;:&quot;0.00045808520384792&quot;,&quot;title&quot;:&quot;&quot;,&quot;orientation&quot;:&quot;1&quot;}\" data-image-title=\"img_5889\" data-image-description=\"\" data-image-caption=\"\" data-large-file=\"https:\/\/www.intellectualsovereignty.ch\/wp-content\/uploads\/2022\/04\/img_5889-1024x768.jpg\" data-id=\"4414\" src=\"https:\/\/www.intellectualsovereignty.ch\/wp-content\/uploads\/2022\/04\/img_5889.jpg\" alt=\"\" class=\"wp-image-4414\" srcset=\"https:\/\/www.intellectualsovereignty.ch\/wp-content\/uploads\/2022\/04\/img_5889.jpg 2000w, https:\/\/www.intellectualsovereignty.ch\/wp-content\/uploads\/2022\/04\/img_5889-300x225.jpg 300w, https:\/\/www.intellectualsovereignty.ch\/wp-content\/uploads\/2022\/04\/img_5889-1024x768.jpg 1024w, https:\/\/www.intellectualsovereignty.ch\/wp-content\/uploads\/2022\/04\/img_5889-768x576.jpg 768w, https:\/\/www.intellectualsovereignty.ch\/wp-content\/uploads\/2022\/04\/img_5889-1536x1152.jpg 1536w, https:\/\/www.intellectualsovereignty.ch\/wp-content\/uploads\/2022\/04\/img_5889-1870x1403.jpg 1870w, https:\/\/www.intellectualsovereignty.ch\/wp-content\/uploads\/2022\/04\/img_5889-400x300.jpg 400w, https:\/\/www.intellectualsovereignty.ch\/wp-content\/uploads\/2022\/04\/img_5889-800x600.jpg 800w\" sizes=\"auto, (max-width: 2000px) 100vw, 2000px\" \/><\/figure>\n\n\n\n<figure class=\"wp-block-image\"><img loading=\"lazy\" decoding=\"async\" width=\"1500\" height=\"2000\" data-attachment-id=\"4417\" data-permalink=\"https:\/\/www.intellectualsovereignty.ch\/index.php\/2022\/04\/22\/day-0-bern-san-diego\/img_5892\/\" data-orig-file=\"https:\/\/www.intellectualsovereignty.ch\/wp-content\/uploads\/2022\/04\/img_5892.jpg\" data-orig-size=\"1500,2000\" data-comments-opened=\"0\" data-image-meta=\"{&quot;aperture&quot;:&quot;1.8&quot;,&quot;credit&quot;:&quot;&quot;,&quot;camera&quot;:&quot;iPhone SE (2nd generation)&quot;,&quot;caption&quot;:&quot;&quot;,&quot;created_timestamp&quot;:&quot;1650549290&quot;,&quot;copyright&quot;:&quot;&quot;,&quot;focal_length&quot;:&quot;3.99&quot;,&quot;iso&quot;:&quot;20&quot;,&quot;shutter_speed&quot;:&quot;0.001187648456057&quot;,&quot;title&quot;:&quot;&quot;,&quot;orientation&quot;:&quot;1&quot;}\" data-image-title=\"img_5892\" data-image-description=\"\" data-image-caption=\"\" data-large-file=\"https:\/\/www.intellectualsovereignty.ch\/wp-content\/uploads\/2022\/04\/img_5892-768x1024.jpg\" data-id=\"4417\" src=\"https:\/\/www.intellectualsovereignty.ch\/wp-content\/uploads\/2022\/04\/img_5892.jpg\" alt=\"\" class=\"wp-image-4417\" srcset=\"https:\/\/www.intellectualsovereignty.ch\/wp-content\/uploads\/2022\/04\/img_5892.jpg 1500w, https:\/\/www.intellectualsovereignty.ch\/wp-content\/uploads\/2022\/04\/img_5892-225x300.jpg 225w, https:\/\/www.intellectualsovereignty.ch\/wp-content\/uploads\/2022\/04\/img_5892-768x1024.jpg 768w, https:\/\/www.intellectualsovereignty.ch\/wp-content\/uploads\/2022\/04\/img_5892-1152x1536.jpg 1152w, https:\/\/www.intellectualsovereignty.ch\/wp-content\/uploads\/2022\/04\/img_5892-400x533.jpg 400w, https:\/\/www.intellectualsovereignty.ch\/wp-content\/uploads\/2022\/04\/img_5892-800x1067.jpg 800w\" sizes=\"auto, (max-width: 1500px) 100vw, 1500px\" \/><\/figure>\n\n\n\n<figure class=\"wp-block-image\"><img loading=\"lazy\" decoding=\"async\" width=\"1500\" height=\"2000\" data-attachment-id=\"4410\" data-permalink=\"https:\/\/www.intellectualsovereignty.ch\/index.php\/2022\/04\/22\/day-0-bern-san-diego\/img_5894\/\" data-orig-file=\"https:\/\/www.intellectualsovereignty.ch\/wp-content\/uploads\/2022\/04\/img_5894.jpg\" data-orig-size=\"1500,2000\" data-comments-opened=\"0\" data-image-meta=\"{&quot;aperture&quot;:&quot;1.8&quot;,&quot;credit&quot;:&quot;&quot;,&quot;camera&quot;:&quot;iPhone SE (2nd generation)&quot;,&quot;caption&quot;:&quot;&quot;,&quot;created_timestamp&quot;:&quot;1650549378&quot;,&quot;copyright&quot;:&quot;&quot;,&quot;focal_length&quot;:&quot;3.99&quot;,&quot;iso&quot;:&quot;20&quot;,&quot;shutter_speed&quot;:&quot;0.00043706293706294&quot;,&quot;title&quot;:&quot;&quot;,&quot;orientation&quot;:&quot;1&quot;}\" data-image-title=\"img_5894\" data-image-description=\"\" data-image-caption=\"\" data-large-file=\"https:\/\/www.intellectualsovereignty.ch\/wp-content\/uploads\/2022\/04\/img_5894-768x1024.jpg\" data-id=\"4410\" src=\"https:\/\/www.intellectualsovereignty.ch\/wp-content\/uploads\/2022\/04\/img_5894.jpg\" alt=\"\" class=\"wp-image-4410\" srcset=\"https:\/\/www.intellectualsovereignty.ch\/wp-content\/uploads\/2022\/04\/img_5894.jpg 1500w, https:\/\/www.intellectualsovereignty.ch\/wp-content\/uploads\/2022\/04\/img_5894-225x300.jpg 225w, https:\/\/www.intellectualsovereignty.ch\/wp-content\/uploads\/2022\/04\/img_5894-768x1024.jpg 768w, https:\/\/www.intellectualsovereignty.ch\/wp-content\/uploads\/2022\/04\/img_5894-1152x1536.jpg 1152w, https:\/\/www.intellectualsovereignty.ch\/wp-content\/uploads\/2022\/04\/img_5894-400x533.jpg 400w, https:\/\/www.intellectualsovereignty.ch\/wp-content\/uploads\/2022\/04\/img_5894-800x1067.jpg 800w\" sizes=\"auto, (max-width: 1500px) 100vw, 1500px\" \/><\/figure>\n\n\n\n<figure class=\"wp-block-image\"><img loading=\"lazy\" decoding=\"async\" width=\"1500\" height=\"2000\" data-attachment-id=\"4408\" data-permalink=\"https:\/\/www.intellectualsovereignty.ch\/index.php\/2022\/04\/22\/day-0-bern-san-diego\/img_5897\/\" data-orig-file=\"https:\/\/www.intellectualsovereignty.ch\/wp-content\/uploads\/2022\/04\/img_5897.jpg\" data-orig-size=\"1500,2000\" data-comments-opened=\"0\" data-image-meta=\"{&quot;aperture&quot;:&quot;1.8&quot;,&quot;credit&quot;:&quot;&quot;,&quot;camera&quot;:&quot;iPhone SE (2nd generation)&quot;,&quot;caption&quot;:&quot;&quot;,&quot;created_timestamp&quot;:&quot;1650552406&quot;,&quot;copyright&quot;:&quot;&quot;,&quot;focal_length&quot;:&quot;3.99&quot;,&quot;iso&quot;:&quot;20&quot;,&quot;shutter_speed&quot;:&quot;0.00047892720306513&quot;,&quot;title&quot;:&quot;&quot;,&quot;orientation&quot;:&quot;1&quot;}\" data-image-title=\"img_5897\" data-image-description=\"\" data-image-caption=\"\" data-large-file=\"https:\/\/www.intellectualsovereignty.ch\/wp-content\/uploads\/2022\/04\/img_5897-768x1024.jpg\" data-id=\"4408\" src=\"https:\/\/www.intellectualsovereignty.ch\/wp-content\/uploads\/2022\/04\/img_5897.jpg\" alt=\"\" class=\"wp-image-4408\" srcset=\"https:\/\/www.intellectualsovereignty.ch\/wp-content\/uploads\/2022\/04\/img_5897.jpg 1500w, https:\/\/www.intellectualsovereignty.ch\/wp-content\/uploads\/2022\/04\/img_5897-225x300.jpg 225w, https:\/\/www.intellectualsovereignty.ch\/wp-content\/uploads\/2022\/04\/img_5897-768x1024.jpg 768w, https:\/\/www.intellectualsovereignty.ch\/wp-content\/uploads\/2022\/04\/img_5897-1152x1536.jpg 1152w, https:\/\/www.intellectualsovereignty.ch\/wp-content\/uploads\/2022\/04\/img_5897-400x533.jpg 400w, https:\/\/www.intellectualsovereignty.ch\/wp-content\/uploads\/2022\/04\/img_5897-800x1067.jpg 800w\" sizes=\"auto, (max-width: 1500px) 100vw, 1500px\" \/><\/figure>\n\n\n\n<figure class=\"wp-block-image\"><img loading=\"lazy\" decoding=\"async\" width=\"2000\" height=\"1500\" data-attachment-id=\"4411\" data-permalink=\"https:\/\/www.intellectualsovereignty.ch\/index.php\/2022\/04\/22\/day-0-bern-san-diego\/img_5898\/\" data-orig-file=\"https:\/\/www.intellectualsovereignty.ch\/wp-content\/uploads\/2022\/04\/img_5898.jpg\" data-orig-size=\"2000,1500\" data-comments-opened=\"0\" data-image-meta=\"{&quot;aperture&quot;:&quot;1.8&quot;,&quot;credit&quot;:&quot;&quot;,&quot;camera&quot;:&quot;iPhone SE (2nd generation)&quot;,&quot;caption&quot;:&quot;&quot;,&quot;created_timestamp&quot;:&quot;1650559671&quot;,&quot;copyright&quot;:&quot;&quot;,&quot;focal_length&quot;:&quot;3.99&quot;,&quot;iso&quot;:&quot;320&quot;,&quot;shutter_speed&quot;:&quot;0.017543859649123&quot;,&quot;title&quot;:&quot;&quot;,&quot;orientation&quot;:&quot;1&quot;}\" data-image-title=\"img_5898\" data-image-description=\"\" data-image-caption=\"\" data-large-file=\"https:\/\/www.intellectualsovereignty.ch\/wp-content\/uploads\/2022\/04\/img_5898-1024x768.jpg\" data-id=\"4411\" src=\"https:\/\/www.intellectualsovereignty.ch\/wp-content\/uploads\/2022\/04\/img_5898.jpg\" alt=\"\" class=\"wp-image-4411\" srcset=\"https:\/\/www.intellectualsovereignty.ch\/wp-content\/uploads\/2022\/04\/img_5898.jpg 2000w, https:\/\/www.intellectualsovereignty.ch\/wp-content\/uploads\/2022\/04\/img_5898-300x225.jpg 300w, https:\/\/www.intellectualsovereignty.ch\/wp-content\/uploads\/2022\/04\/img_5898-1024x768.jpg 1024w, https:\/\/www.intellectualsovereignty.ch\/wp-content\/uploads\/2022\/04\/img_5898-768x576.jpg 768w, https:\/\/www.intellectualsovereignty.ch\/wp-content\/uploads\/2022\/04\/img_5898-1536x1152.jpg 1536w, https:\/\/www.intellectualsovereignty.ch\/wp-content\/uploads\/2022\/04\/img_5898-1870x1403.jpg 1870w, https:\/\/www.intellectualsovereignty.ch\/wp-content\/uploads\/2022\/04\/img_5898-400x300.jpg 400w, https:\/\/www.intellectualsovereignty.ch\/wp-content\/uploads\/2022\/04\/img_5898-800x600.jpg 800w\" sizes=\"auto, (max-width: 2000px) 100vw, 2000px\" \/><\/figure>\n\n\n\n<figure class=\"wp-block-image\"><img loading=\"lazy\" decoding=\"async\" width=\"1500\" height=\"2000\" data-attachment-id=\"4409\" data-permalink=\"https:\/\/www.intellectualsovereignty.ch\/index.php\/2022\/04\/22\/day-0-bern-san-diego\/img_5900\/\" data-orig-file=\"https:\/\/www.intellectualsovereignty.ch\/wp-content\/uploads\/2022\/04\/img_5900.jpg\" data-orig-size=\"1500,2000\" data-comments-opened=\"0\" data-image-meta=\"{&quot;aperture&quot;:&quot;1.8&quot;,&quot;credit&quot;:&quot;&quot;,&quot;camera&quot;:&quot;iPhone SE (2nd generation)&quot;,&quot;caption&quot;:&quot;&quot;,&quot;created_timestamp&quot;:&quot;1650567662&quot;,&quot;copyright&quot;:&quot;&quot;,&quot;focal_length&quot;:&quot;3.99&quot;,&quot;iso&quot;:&quot;20&quot;,&quot;shutter_speed&quot;:&quot;0.00014499057561259&quot;,&quot;title&quot;:&quot;&quot;,&quot;orientation&quot;:&quot;1&quot;}\" data-image-title=\"img_5900\" data-image-description=\"\" data-image-caption=\"\" data-large-file=\"https:\/\/www.intellectualsovereignty.ch\/wp-content\/uploads\/2022\/04\/img_5900-768x1024.jpg\" data-id=\"4409\" src=\"https:\/\/www.intellectualsovereignty.ch\/wp-content\/uploads\/2022\/04\/img_5900.jpg\" alt=\"\" class=\"wp-image-4409\" srcset=\"https:\/\/www.intellectualsovereignty.ch\/wp-content\/uploads\/2022\/04\/img_5900.jpg 1500w, https:\/\/www.intellectualsovereignty.ch\/wp-content\/uploads\/2022\/04\/img_5900-225x300.jpg 225w, https:\/\/www.intellectualsovereignty.ch\/wp-content\/uploads\/2022\/04\/img_5900-768x1024.jpg 768w, https:\/\/www.intellectualsovereignty.ch\/wp-content\/uploads\/2022\/04\/img_5900-1152x1536.jpg 1152w, https:\/\/www.intellectualsovereignty.ch\/wp-content\/uploads\/2022\/04\/img_5900-400x533.jpg 400w, https:\/\/www.intellectualsovereignty.ch\/wp-content\/uploads\/2022\/04\/img_5900-800x1067.jpg 800w\" sizes=\"auto, (max-width: 1500px) 100vw, 1500px\" \/><\/figure>\n\n\n\n<figure class=\"wp-block-image\"><img loading=\"lazy\" decoding=\"async\" width=\"1500\" height=\"2000\" data-attachment-id=\"4418\" data-permalink=\"https:\/\/www.intellectualsovereignty.ch\/index.php\/2022\/04\/22\/day-0-bern-san-diego\/img_5902\/\" data-orig-file=\"https:\/\/www.intellectualsovereignty.ch\/wp-content\/uploads\/2022\/04\/img_5902.jpg\" data-orig-size=\"1500,2000\" data-comments-opened=\"0\" data-image-meta=\"{&quot;aperture&quot;:&quot;1.8&quot;,&quot;credit&quot;:&quot;&quot;,&quot;camera&quot;:&quot;iPhone SE (2nd generation)&quot;,&quot;caption&quot;:&quot;&quot;,&quot;created_timestamp&quot;:&quot;1650569752&quot;,&quot;copyright&quot;:&quot;&quot;,&quot;focal_length&quot;:&quot;3.99&quot;,&quot;iso&quot;:&quot;20&quot;,&quot;shutter_speed&quot;:&quot;0.00020798668885191&quot;,&quot;title&quot;:&quot;&quot;,&quot;orientation&quot;:&quot;1&quot;}\" data-image-title=\"img_5902\" data-image-description=\"\" data-image-caption=\"\" data-large-file=\"https:\/\/www.intellectualsovereignty.ch\/wp-content\/uploads\/2022\/04\/img_5902-768x1024.jpg\" data-id=\"4418\" src=\"https:\/\/www.intellectualsovereignty.ch\/wp-content\/uploads\/2022\/04\/img_5902.jpg\" alt=\"\" class=\"wp-image-4418\" srcset=\"https:\/\/www.intellectualsovereignty.ch\/wp-content\/uploads\/2022\/04\/img_5902.jpg 1500w, https:\/\/www.intellectualsovereignty.ch\/wp-content\/uploads\/2022\/04\/img_5902-225x300.jpg 225w, https:\/\/www.intellectualsovereignty.ch\/wp-content\/uploads\/2022\/04\/img_5902-768x1024.jpg 768w, https:\/\/www.intellectualsovereignty.ch\/wp-content\/uploads\/2022\/04\/img_5902-1152x1536.jpg 1152w, https:\/\/www.intellectualsovereignty.ch\/wp-content\/uploads\/2022\/04\/img_5902-400x533.jpg 400w, https:\/\/www.intellectualsovereignty.ch\/wp-content\/uploads\/2022\/04\/img_5902-800x1067.jpg 800w\" sizes=\"auto, (max-width: 1500px) 100vw, 1500px\" \/><\/figure>\n\n\n\n<figure class=\"wp-block-image\"><img loading=\"lazy\" decoding=\"async\" width=\"1500\" height=\"2000\" data-attachment-id=\"4416\" data-permalink=\"https:\/\/www.intellectualsovereignty.ch\/index.php\/2022\/04\/22\/day-0-bern-san-diego\/img_5905\/\" data-orig-file=\"https:\/\/www.intellectualsovereignty.ch\/wp-content\/uploads\/2022\/04\/img_5905.jpg\" data-orig-size=\"1500,2000\" data-comments-opened=\"0\" data-image-meta=\"{&quot;aperture&quot;:&quot;1.8&quot;,&quot;credit&quot;:&quot;&quot;,&quot;camera&quot;:&quot;iPhone SE (2nd generation)&quot;,&quot;caption&quot;:&quot;&quot;,&quot;created_timestamp&quot;:&quot;1650580438&quot;,&quot;copyright&quot;:&quot;&quot;,&quot;focal_length&quot;:&quot;3.99&quot;,&quot;iso&quot;:&quot;20&quot;,&quot;shutter_speed&quot;:&quot;0.00037495313085864&quot;,&quot;title&quot;:&quot;&quot;,&quot;orientation&quot;:&quot;1&quot;}\" data-image-title=\"img_5905\" data-image-description=\"\" data-image-caption=\"\" data-large-file=\"https:\/\/www.intellectualsovereignty.ch\/wp-content\/uploads\/2022\/04\/img_5905-768x1024.jpg\" data-id=\"4416\" src=\"https:\/\/www.intellectualsovereignty.ch\/wp-content\/uploads\/2022\/04\/img_5905.jpg\" alt=\"\" class=\"wp-image-4416\" srcset=\"https:\/\/www.intellectualsovereignty.ch\/wp-content\/uploads\/2022\/04\/img_5905.jpg 1500w, https:\/\/www.intellectualsovereignty.ch\/wp-content\/uploads\/2022\/04\/img_5905-225x300.jpg 225w, https:\/\/www.intellectualsovereignty.ch\/wp-content\/uploads\/2022\/04\/img_5905-768x1024.jpg 768w, https:\/\/www.intellectualsovereignty.ch\/wp-content\/uploads\/2022\/04\/img_5905-1152x1536.jpg 1152w, https:\/\/www.intellectualsovereignty.ch\/wp-content\/uploads\/2022\/04\/img_5905-400x533.jpg 400w, https:\/\/www.intellectualsovereignty.ch\/wp-content\/uploads\/2022\/04\/img_5905-800x1067.jpg 800w\" sizes=\"auto, (max-width: 1500px) 100vw, 1500px\" \/><\/figure>\n\n\n\n<figure class=\"wp-block-image\"><img loading=\"lazy\" decoding=\"async\" width=\"1500\" height=\"2000\" data-attachment-id=\"4420\" data-permalink=\"https:\/\/www.intellectualsovereignty.ch\/index.php\/2022\/04\/22\/day-0-bern-san-diego\/img_5907\/\" data-orig-file=\"https:\/\/www.intellectualsovereignty.ch\/wp-content\/uploads\/2022\/04\/img_5907.jpg\" data-orig-size=\"1500,2000\" data-comments-opened=\"0\" data-image-meta=\"{&quot;aperture&quot;:&quot;1.8&quot;,&quot;credit&quot;:&quot;&quot;,&quot;camera&quot;:&quot;iPhone SE (2nd generation)&quot;,&quot;caption&quot;:&quot;&quot;,&quot;created_timestamp&quot;:&quot;1650585940&quot;,&quot;copyright&quot;:&quot;&quot;,&quot;focal_length&quot;:&quot;3.99&quot;,&quot;iso&quot;:&quot;20&quot;,&quot;shutter_speed&quot;:&quot;0.00033300033300033&quot;,&quot;title&quot;:&quot;&quot;,&quot;orientation&quot;:&quot;1&quot;}\" data-image-title=\"img_5907\" data-image-description=\"\" data-image-caption=\"\" data-large-file=\"https:\/\/www.intellectualsovereignty.ch\/wp-content\/uploads\/2022\/04\/img_5907-768x1024.jpg\" data-id=\"4420\" src=\"https:\/\/www.intellectualsovereignty.ch\/wp-content\/uploads\/2022\/04\/img_5907.jpg\" alt=\"\" class=\"wp-image-4420\" srcset=\"https:\/\/www.intellectualsovereignty.ch\/wp-content\/uploads\/2022\/04\/img_5907.jpg 1500w, https:\/\/www.intellectualsovereignty.ch\/wp-content\/uploads\/2022\/04\/img_5907-225x300.jpg 225w, https:\/\/www.intellectualsovereignty.ch\/wp-content\/uploads\/2022\/04\/img_5907-768x1024.jpg 768w, https:\/\/www.intellectualsovereignty.ch\/wp-content\/uploads\/2022\/04\/img_5907-1152x1536.jpg 1152w, https:\/\/www.intellectualsovereignty.ch\/wp-content\/uploads\/2022\/04\/img_5907-400x533.jpg 400w, https:\/\/www.intellectualsovereignty.ch\/wp-content\/uploads\/2022\/04\/img_5907-800x1067.jpg 800w\" sizes=\"auto, (max-width: 1500px) 100vw, 1500px\" \/><\/figure>\n\n\n\n<figure class=\"wp-block-image\"><img loading=\"lazy\" decoding=\"async\" width=\"1500\" height=\"2000\" data-attachment-id=\"4415\" data-permalink=\"https:\/\/www.intellectualsovereignty.ch\/index.php\/2022\/04\/22\/day-0-bern-san-diego\/img_5910\/\" data-orig-file=\"https:\/\/www.intellectualsovereignty.ch\/wp-content\/uploads\/2022\/04\/img_5910.jpg\" data-orig-size=\"1500,2000\" data-comments-opened=\"0\" data-image-meta=\"{&quot;aperture&quot;:&quot;1.8&quot;,&quot;credit&quot;:&quot;&quot;,&quot;camera&quot;:&quot;iPhone SE (2nd generation)&quot;,&quot;caption&quot;:&quot;&quot;,&quot;created_timestamp&quot;:&quot;1650591022&quot;,&quot;copyright&quot;:&quot;&quot;,&quot;focal_length&quot;:&quot;3.99&quot;,&quot;iso&quot;:&quot;20&quot;,&quot;shutter_speed&quot;:&quot;0.0003960396039604&quot;,&quot;title&quot;:&quot;&quot;,&quot;orientation&quot;:&quot;1&quot;}\" data-image-title=\"img_5910\" data-image-description=\"\" data-image-caption=\"\" data-large-file=\"https:\/\/www.intellectualsovereignty.ch\/wp-content\/uploads\/2022\/04\/img_5910-768x1024.jpg\" data-id=\"4415\" src=\"https:\/\/www.intellectualsovereignty.ch\/wp-content\/uploads\/2022\/04\/img_5910.jpg\" alt=\"\" class=\"wp-image-4415\" srcset=\"https:\/\/www.intellectualsovereignty.ch\/wp-content\/uploads\/2022\/04\/img_5910.jpg 1500w, https:\/\/www.intellectualsovereignty.ch\/wp-content\/uploads\/2022\/04\/img_5910-225x300.jpg 225w, https:\/\/www.intellectualsovereignty.ch\/wp-content\/uploads\/2022\/04\/img_5910-768x1024.jpg 768w, https:\/\/www.intellectualsovereignty.ch\/wp-content\/uploads\/2022\/04\/img_5910-1152x1536.jpg 1152w, https:\/\/www.intellectualsovereignty.ch\/wp-content\/uploads\/2022\/04\/img_5910-400x533.jpg 400w, https:\/\/www.intellectualsovereignty.ch\/wp-content\/uploads\/2022\/04\/img_5910-800x1067.jpg 800w\" sizes=\"auto, (max-width: 1500px) 100vw, 1500px\" \/><\/figure>\n\n\n\n<figure class=\"wp-block-image\"><img loading=\"lazy\" decoding=\"async\" width=\"1500\" height=\"2000\" data-attachment-id=\"4419\" data-permalink=\"https:\/\/www.intellectualsovereignty.ch\/index.php\/2022\/04\/22\/day-0-bern-san-diego\/img_5918\/\" data-orig-file=\"https:\/\/www.intellectualsovereignty.ch\/wp-content\/uploads\/2022\/04\/img_5918.jpg\" data-orig-size=\"1500,2000\" data-comments-opened=\"0\" data-image-meta=\"{&quot;aperture&quot;:&quot;1.8&quot;,&quot;credit&quot;:&quot;&quot;,&quot;camera&quot;:&quot;iPhone SE (2nd generation)&quot;,&quot;caption&quot;:&quot;&quot;,&quot;created_timestamp&quot;:&quot;1650591852&quot;,&quot;copyright&quot;:&quot;&quot;,&quot;focal_length&quot;:&quot;3.99&quot;,&quot;iso&quot;:&quot;20&quot;,&quot;shutter_speed&quot;:&quot;0.00079176563737134&quot;,&quot;title&quot;:&quot;&quot;,&quot;orientation&quot;:&quot;1&quot;}\" data-image-title=\"img_5918\" data-image-description=\"\" data-image-caption=\"\" data-large-file=\"https:\/\/www.intellectualsovereignty.ch\/wp-content\/uploads\/2022\/04\/img_5918-768x1024.jpg\" data-id=\"4419\" src=\"https:\/\/www.intellectualsovereignty.ch\/wp-content\/uploads\/2022\/04\/img_5918.jpg\" alt=\"\" class=\"wp-image-4419\" srcset=\"https:\/\/www.intellectualsovereignty.ch\/wp-content\/uploads\/2022\/04\/img_5918.jpg 1500w, https:\/\/www.intellectualsovereignty.ch\/wp-content\/uploads\/2022\/04\/img_5918-225x300.jpg 225w, https:\/\/www.intellectualsovereignty.ch\/wp-content\/uploads\/2022\/04\/img_5918-768x1024.jpg 768w, https:\/\/www.intellectualsovereignty.ch\/wp-content\/uploads\/2022\/04\/img_5918-1152x1536.jpg 1152w, https:\/\/www.intellectualsovereignty.ch\/wp-content\/uploads\/2022\/04\/img_5918-400x533.jpg 400w, https:\/\/www.intellectualsovereignty.ch\/wp-content\/uploads\/2022\/04\/img_5918-800x1067.jpg 800w\" sizes=\"auto, (max-width: 1500px) 100vw, 1500px\" \/><\/figure>\n<\/figure>\n\n\n\n<p>Nach Ankunft in LA wird\u2018s stressig, die gut und gerne rund 2.5h die mir zur Verf\u00fcgung stehen, um meinen Anschlussflug nach San Diego zu erwischen, schmelzen in der Warteschlange der Einwanderungsbeh\u00f6rde dahin, und dann heisst es auch noch zu Fuss einen Terminalwechsel hinzulegen, alles ist im Bau, ein Riesenpuff hier\u2026 Nach rund 24h Reisezeit erreiche ich mein Hostel im Gaslamp-Quartier von San Diego.<\/p>\n\n\n\n<p>Nach einer kurzen Nacht &#8211; der Jetlag l\u00e4sst gr\u00fcssen &#8211; stehen mir die letzten Kommissionen bevor. In den riesigen Regalen des Supermarkts das Gew\u00fcnschte zu finden, ist nicht ganz einfach. Schliesslich habe ich alles zusammen und es geht ans Umpacken, denn die H\u00e4lfte der Fressalien wird per Paket nach Warner Springs verschickt. Das amerikanische Postamt der USPS ist ein Erlebnis f\u00fcr sich, draussen scheint es geradezu belagert zu werden von unz\u00e4hligen Obdachlosen, die direkt auf dem Trottoir ihre Zelte aufgeschlagen haben. Das gibt zu denken\u2026<\/p>\n\n\n\n<figure class=\"wp-block-gallery has-nested-images columns-default is-cropped wp-block-gallery-2 is-layout-flex wp-block-gallery-is-layout-flex\">\n<figure class=\"wp-block-image\"><img loading=\"lazy\" decoding=\"async\" width=\"1500\" height=\"2000\" data-attachment-id=\"4422\" data-permalink=\"https:\/\/www.intellectualsovereignty.ch\/index.php\/2022\/04\/22\/day-0-bern-san-diego\/img_5922\/\" data-orig-file=\"https:\/\/www.intellectualsovereignty.ch\/wp-content\/uploads\/2022\/04\/img_5922.jpg\" data-orig-size=\"1500,2000\" data-comments-opened=\"0\" data-image-meta=\"{&quot;aperture&quot;:&quot;1.8&quot;,&quot;credit&quot;:&quot;&quot;,&quot;camera&quot;:&quot;iPhone SE (2nd generation)&quot;,&quot;caption&quot;:&quot;&quot;,&quot;created_timestamp&quot;:&quot;1650612382&quot;,&quot;copyright&quot;:&quot;&quot;,&quot;focal_length&quot;:&quot;3.99&quot;,&quot;iso&quot;:&quot;25&quot;,&quot;shutter_speed&quot;:&quot;0.0083333333333333&quot;,&quot;title&quot;:&quot;&quot;,&quot;orientation&quot;:&quot;1&quot;}\" data-image-title=\"img_5922\" data-image-description=\"\" data-image-caption=\"\" data-large-file=\"https:\/\/www.intellectualsovereignty.ch\/wp-content\/uploads\/2022\/04\/img_5922-768x1024.jpg\" data-id=\"4422\" src=\"https:\/\/www.intellectualsovereignty.ch\/wp-content\/uploads\/2022\/04\/img_5922.jpg\" alt=\"\" class=\"wp-image-4422\" srcset=\"https:\/\/www.intellectualsovereignty.ch\/wp-content\/uploads\/2022\/04\/img_5922.jpg 1500w, https:\/\/www.intellectualsovereignty.ch\/wp-content\/uploads\/2022\/04\/img_5922-225x300.jpg 225w, https:\/\/www.intellectualsovereignty.ch\/wp-content\/uploads\/2022\/04\/img_5922-768x1024.jpg 768w, https:\/\/www.intellectualsovereignty.ch\/wp-content\/uploads\/2022\/04\/img_5922-1152x1536.jpg 1152w, https:\/\/www.intellectualsovereignty.ch\/wp-content\/uploads\/2022\/04\/img_5922-400x533.jpg 400w, https:\/\/www.intellectualsovereignty.ch\/wp-content\/uploads\/2022\/04\/img_5922-800x1067.jpg 800w\" sizes=\"auto, (max-width: 1500px) 100vw, 1500px\" \/><\/figure>\n\n\n\n<figure class=\"wp-block-image\"><img loading=\"lazy\" decoding=\"async\" width=\"2000\" height=\"1500\" data-attachment-id=\"4424\" data-permalink=\"https:\/\/www.intellectualsovereignty.ch\/index.php\/2022\/04\/22\/day-0-bern-san-diego\/img_5923\/\" data-orig-file=\"https:\/\/www.intellectualsovereignty.ch\/wp-content\/uploads\/2022\/04\/img_5923.jpg\" data-orig-size=\"2000,1500\" data-comments-opened=\"0\" data-image-meta=\"{&quot;aperture&quot;:&quot;1.8&quot;,&quot;credit&quot;:&quot;&quot;,&quot;camera&quot;:&quot;iPhone SE (2nd generation)&quot;,&quot;caption&quot;:&quot;&quot;,&quot;created_timestamp&quot;:&quot;1650620627&quot;,&quot;copyright&quot;:&quot;&quot;,&quot;focal_length&quot;:&quot;3.99&quot;,&quot;iso&quot;:&quot;64&quot;,&quot;shutter_speed&quot;:&quot;0.016666666666667&quot;,&quot;title&quot;:&quot;&quot;,&quot;orientation&quot;:&quot;1&quot;}\" data-image-title=\"img_5923\" data-image-description=\"\" data-image-caption=\"\" data-large-file=\"https:\/\/www.intellectualsovereignty.ch\/wp-content\/uploads\/2022\/04\/img_5923-1024x768.jpg\" data-id=\"4424\" src=\"https:\/\/www.intellectualsovereignty.ch\/wp-content\/uploads\/2022\/04\/img_5923.jpg\" alt=\"\" class=\"wp-image-4424\" srcset=\"https:\/\/www.intellectualsovereignty.ch\/wp-content\/uploads\/2022\/04\/img_5923.jpg 2000w, https:\/\/www.intellectualsovereignty.ch\/wp-content\/uploads\/2022\/04\/img_5923-300x225.jpg 300w, https:\/\/www.intellectualsovereignty.ch\/wp-content\/uploads\/2022\/04\/img_5923-1024x768.jpg 1024w, https:\/\/www.intellectualsovereignty.ch\/wp-content\/uploads\/2022\/04\/img_5923-768x576.jpg 768w, https:\/\/www.intellectualsovereignty.ch\/wp-content\/uploads\/2022\/04\/img_5923-1536x1152.jpg 1536w, https:\/\/www.intellectualsovereignty.ch\/wp-content\/uploads\/2022\/04\/img_5923-1870x1403.jpg 1870w, https:\/\/www.intellectualsovereignty.ch\/wp-content\/uploads\/2022\/04\/img_5923-400x300.jpg 400w, https:\/\/www.intellectualsovereignty.ch\/wp-content\/uploads\/2022\/04\/img_5923-800x600.jpg 800w\" sizes=\"auto, (max-width: 2000px) 100vw, 2000px\" \/><\/figure>\n\n\n\n<figure class=\"wp-block-image\"><img loading=\"lazy\" decoding=\"async\" width=\"1500\" height=\"2000\" data-attachment-id=\"4423\" data-permalink=\"https:\/\/www.intellectualsovereignty.ch\/index.php\/2022\/04\/22\/day-0-bern-san-diego\/img_5924\/\" data-orig-file=\"https:\/\/www.intellectualsovereignty.ch\/wp-content\/uploads\/2022\/04\/img_5924.jpg\" data-orig-size=\"1500,2000\" data-comments-opened=\"0\" data-image-meta=\"{&quot;aperture&quot;:&quot;1.8&quot;,&quot;credit&quot;:&quot;&quot;,&quot;camera&quot;:&quot;iPhone SE (2nd generation)&quot;,&quot;caption&quot;:&quot;&quot;,&quot;created_timestamp&quot;:&quot;1650623169&quot;,&quot;copyright&quot;:&quot;&quot;,&quot;focal_length&quot;:&quot;3.99&quot;,&quot;iso&quot;:&quot;320&quot;,&quot;shutter_speed&quot;:&quot;0.033333333333333&quot;,&quot;title&quot;:&quot;&quot;,&quot;orientation&quot;:&quot;1&quot;}\" data-image-title=\"img_5924\" data-image-description=\"\" data-image-caption=\"\" data-large-file=\"https:\/\/www.intellectualsovereignty.ch\/wp-content\/uploads\/2022\/04\/img_5924-768x1024.jpg\" data-id=\"4423\" src=\"https:\/\/www.intellectualsovereignty.ch\/wp-content\/uploads\/2022\/04\/img_5924.jpg\" alt=\"\" class=\"wp-image-4423\" srcset=\"https:\/\/www.intellectualsovereignty.ch\/wp-content\/uploads\/2022\/04\/img_5924.jpg 1500w, https:\/\/www.intellectualsovereignty.ch\/wp-content\/uploads\/2022\/04\/img_5924-225x300.jpg 225w, https:\/\/www.intellectualsovereignty.ch\/wp-content\/uploads\/2022\/04\/img_5924-768x1024.jpg 768w, https:\/\/www.intellectualsovereignty.ch\/wp-content\/uploads\/2022\/04\/img_5924-1152x1536.jpg 1152w, https:\/\/www.intellectualsovereignty.ch\/wp-content\/uploads\/2022\/04\/img_5924-400x533.jpg 400w, https:\/\/www.intellectualsovereignty.ch\/wp-content\/uploads\/2022\/04\/img_5924-800x1067.jpg 800w\" sizes=\"auto, (max-width: 1500px) 100vw, 1500px\" \/><\/figure>\n\n\n\n<figure class=\"wp-block-image\"><img loading=\"lazy\" decoding=\"async\" width=\"1500\" height=\"2000\" data-attachment-id=\"4421\" data-permalink=\"https:\/\/www.intellectualsovereignty.ch\/index.php\/2022\/04\/22\/day-0-bern-san-diego\/img_5925-2\/\" data-orig-file=\"https:\/\/www.intellectualsovereignty.ch\/wp-content\/uploads\/2022\/04\/img_5925.jpg\" data-orig-size=\"1500,2000\" data-comments-opened=\"0\" data-image-meta=\"{&quot;aperture&quot;:&quot;1.8&quot;,&quot;credit&quot;:&quot;&quot;,&quot;camera&quot;:&quot;iPhone SE (2nd generation)&quot;,&quot;caption&quot;:&quot;&quot;,&quot;created_timestamp&quot;:&quot;1650627621&quot;,&quot;copyright&quot;:&quot;&quot;,&quot;focal_length&quot;:&quot;3.99&quot;,&quot;iso&quot;:&quot;20&quot;,&quot;shutter_speed&quot;:&quot;0.00063816209317167&quot;,&quot;title&quot;:&quot;&quot;,&quot;orientation&quot;:&quot;1&quot;}\" data-image-title=\"img_5925\" data-image-description=\"\" data-image-caption=\"\" data-large-file=\"https:\/\/www.intellectualsovereignty.ch\/wp-content\/uploads\/2022\/04\/img_5925-768x1024.jpg\" data-id=\"4421\" src=\"https:\/\/www.intellectualsovereignty.ch\/wp-content\/uploads\/2022\/04\/img_5925.jpg\" alt=\"\" class=\"wp-image-4421\" srcset=\"https:\/\/www.intellectualsovereignty.ch\/wp-content\/uploads\/2022\/04\/img_5925.jpg 1500w, https:\/\/www.intellectualsovereignty.ch\/wp-content\/uploads\/2022\/04\/img_5925-225x300.jpg 225w, https:\/\/www.intellectualsovereignty.ch\/wp-content\/uploads\/2022\/04\/img_5925-768x1024.jpg 768w, https:\/\/www.intellectualsovereignty.ch\/wp-content\/uploads\/2022\/04\/img_5925-1152x1536.jpg 1152w, https:\/\/www.intellectualsovereignty.ch\/wp-content\/uploads\/2022\/04\/img_5925-400x533.jpg 400w, https:\/\/www.intellectualsovereignty.ch\/wp-content\/uploads\/2022\/04\/img_5925-800x1067.jpg 800w\" sizes=\"auto, (max-width: 1500px) 100vw, 1500px\" \/><\/figure>\n<\/figure>\n\n\n\n<p>Nun fehlt mir einzig noch die nicht rechtzeitig angelieferte Prepaid SIM-Karte f\u00fcr meinen Trip, und da der Verizon-Shop etwas ausserhalb liegt, verbinde ich dies mit einem Kurzbesuch des Piers am Ocean Beach. Ein w\u00fcrdiger Startpunkt am Pazifik, ich werde ihm erst wieder in Vancouver in rund 5 Monaten begegnen, wenn alles klappt\u2026<\/p>\n\n\n\n<figure class=\"wp-block-gallery has-nested-images columns-default is-cropped wp-block-gallery-3 is-layout-flex wp-block-gallery-is-layout-flex\">\n<figure class=\"wp-block-image\"><img loading=\"lazy\" decoding=\"async\" width=\"2000\" height=\"1500\" data-attachment-id=\"4427\" data-permalink=\"https:\/\/www.intellectualsovereignty.ch\/index.php\/2022\/04\/22\/day-0-bern-san-diego\/img_5929\/\" data-orig-file=\"https:\/\/www.intellectualsovereignty.ch\/wp-content\/uploads\/2022\/04\/img_5929.jpg\" data-orig-size=\"2000,1500\" data-comments-opened=\"0\" data-image-meta=\"{&quot;aperture&quot;:&quot;1.8&quot;,&quot;credit&quot;:&quot;&quot;,&quot;camera&quot;:&quot;iPhone SE (2nd generation)&quot;,&quot;caption&quot;:&quot;&quot;,&quot;created_timestamp&quot;:&quot;1650635503&quot;,&quot;copyright&quot;:&quot;&quot;,&quot;focal_length&quot;:&quot;3.99&quot;,&quot;iso&quot;:&quot;20&quot;,&quot;shutter_speed&quot;:&quot;0.00036995930447651&quot;,&quot;title&quot;:&quot;&quot;,&quot;orientation&quot;:&quot;1&quot;}\" data-image-title=\"img_5929\" data-image-description=\"\" data-image-caption=\"\" data-large-file=\"https:\/\/www.intellectualsovereignty.ch\/wp-content\/uploads\/2022\/04\/img_5929-1024x768.jpg\" data-id=\"4427\" src=\"https:\/\/www.intellectualsovereignty.ch\/wp-content\/uploads\/2022\/04\/img_5929.jpg\" alt=\"\" class=\"wp-image-4427\" srcset=\"https:\/\/www.intellectualsovereignty.ch\/wp-content\/uploads\/2022\/04\/img_5929.jpg 2000w, https:\/\/www.intellectualsovereignty.ch\/wp-content\/uploads\/2022\/04\/img_5929-300x225.jpg 300w, https:\/\/www.intellectualsovereignty.ch\/wp-content\/uploads\/2022\/04\/img_5929-1024x768.jpg 1024w, https:\/\/www.intellectualsovereignty.ch\/wp-content\/uploads\/2022\/04\/img_5929-768x576.jpg 768w, https:\/\/www.intellectualsovereignty.ch\/wp-content\/uploads\/2022\/04\/img_5929-1536x1152.jpg 1536w, https:\/\/www.intellectualsovereignty.ch\/wp-content\/uploads\/2022\/04\/img_5929-1870x1403.jpg 1870w, https:\/\/www.intellectualsovereignty.ch\/wp-content\/uploads\/2022\/04\/img_5929-400x300.jpg 400w, https:\/\/www.intellectualsovereignty.ch\/wp-content\/uploads\/2022\/04\/img_5929-800x600.jpg 800w\" sizes=\"auto, (max-width: 2000px) 100vw, 2000px\" \/><\/figure>\n\n\n\n<figure class=\"wp-block-image\"><img loading=\"lazy\" decoding=\"async\" width=\"2000\" height=\"1500\" data-attachment-id=\"4425\" data-permalink=\"https:\/\/www.intellectualsovereignty.ch\/index.php\/2022\/04\/22\/day-0-bern-san-diego\/67235414826__23c1ef5a-d43f-4fc2-81b0-bfd3d96b0c43\/\" data-orig-file=\"https:\/\/www.intellectualsovereignty.ch\/wp-content\/uploads\/2022\/04\/67235414826__23c1ef5a-d43f-4fc2-81b0-bfd3d96b0c43.jpg\" data-orig-size=\"2000,1500\" data-comments-opened=\"0\" data-image-meta=\"{&quot;aperture&quot;:&quot;1.8&quot;,&quot;credit&quot;:&quot;&quot;,&quot;camera&quot;:&quot;iPhone SE (2nd generation)&quot;,&quot;caption&quot;:&quot;&quot;,&quot;created_timestamp&quot;:&quot;1650636148&quot;,&quot;copyright&quot;:&quot;&quot;,&quot;focal_length&quot;:&quot;3.99&quot;,&quot;iso&quot;:&quot;20&quot;,&quot;shutter_speed&quot;:&quot;0.0002050020500205&quot;,&quot;title&quot;:&quot;&quot;,&quot;orientation&quot;:&quot;1&quot;}\" data-image-title=\"67235414826__23c1ef5a-d43f-4fc2-81b0-bfd3d96b0c43\" data-image-description=\"\" data-image-caption=\"\" data-large-file=\"https:\/\/www.intellectualsovereignty.ch\/wp-content\/uploads\/2022\/04\/67235414826__23c1ef5a-d43f-4fc2-81b0-bfd3d96b0c43-1024x768.jpg\" data-id=\"4425\" src=\"https:\/\/www.intellectualsovereignty.ch\/wp-content\/uploads\/2022\/04\/67235414826__23c1ef5a-d43f-4fc2-81b0-bfd3d96b0c43.jpg\" alt=\"\" class=\"wp-image-4425\" srcset=\"https:\/\/www.intellectualsovereignty.ch\/wp-content\/uploads\/2022\/04\/67235414826__23c1ef5a-d43f-4fc2-81b0-bfd3d96b0c43.jpg 2000w, https:\/\/www.intellectualsovereignty.ch\/wp-content\/uploads\/2022\/04\/67235414826__23c1ef5a-d43f-4fc2-81b0-bfd3d96b0c43-300x225.jpg 300w, https:\/\/www.intellectualsovereignty.ch\/wp-content\/uploads\/2022\/04\/67235414826__23c1ef5a-d43f-4fc2-81b0-bfd3d96b0c43-1024x768.jpg 1024w, https:\/\/www.intellectualsovereignty.ch\/wp-content\/uploads\/2022\/04\/67235414826__23c1ef5a-d43f-4fc2-81b0-bfd3d96b0c43-768x576.jpg 768w, https:\/\/www.intellectualsovereignty.ch\/wp-content\/uploads\/2022\/04\/67235414826__23c1ef5a-d43f-4fc2-81b0-bfd3d96b0c43-1536x1152.jpg 1536w, https:\/\/www.intellectualsovereignty.ch\/wp-content\/uploads\/2022\/04\/67235414826__23c1ef5a-d43f-4fc2-81b0-bfd3d96b0c43-1870x1403.jpg 1870w, https:\/\/www.intellectualsovereignty.ch\/wp-content\/uploads\/2022\/04\/67235414826__23c1ef5a-d43f-4fc2-81b0-bfd3d96b0c43-400x300.jpg 400w, https:\/\/www.intellectualsovereignty.ch\/wp-content\/uploads\/2022\/04\/67235414826__23c1ef5a-d43f-4fc2-81b0-bfd3d96b0c43-800x600.jpg 800w\" sizes=\"auto, (max-width: 2000px) 100vw, 2000px\" \/><\/figure>\n\n\n\n<figure class=\"wp-block-image\"><img loading=\"lazy\" decoding=\"async\" width=\"2000\" height=\"1500\" data-attachment-id=\"4428\" data-permalink=\"https:\/\/www.intellectualsovereignty.ch\/index.php\/2022\/04\/22\/day-0-bern-san-diego\/67235416824__e6e88dbf-8baa-4d2a-9734-d9b8bdef3641\/\" data-orig-file=\"https:\/\/www.intellectualsovereignty.ch\/wp-content\/uploads\/2022\/04\/67235416824__e6e88dbf-8baa-4d2a-9734-d9b8bdef3641.jpg\" data-orig-size=\"2000,1500\" data-comments-opened=\"0\" data-image-meta=\"{&quot;aperture&quot;:&quot;1.8&quot;,&quot;credit&quot;:&quot;&quot;,&quot;camera&quot;:&quot;iPhone SE (2nd generation)&quot;,&quot;caption&quot;:&quot;&quot;,&quot;created_timestamp&quot;:&quot;1650636168&quot;,&quot;copyright&quot;:&quot;&quot;,&quot;focal_length&quot;:&quot;3.99&quot;,&quot;iso&quot;:&quot;20&quot;,&quot;shutter_speed&quot;:&quot;0.00022598870056497&quot;,&quot;title&quot;:&quot;&quot;,&quot;orientation&quot;:&quot;1&quot;}\" data-image-title=\"67235416824__e6e88dbf-8baa-4d2a-9734-d9b8bdef3641\" data-image-description=\"\" data-image-caption=\"\" data-large-file=\"https:\/\/www.intellectualsovereignty.ch\/wp-content\/uploads\/2022\/04\/67235416824__e6e88dbf-8baa-4d2a-9734-d9b8bdef3641-1024x768.jpg\" data-id=\"4428\" src=\"https:\/\/www.intellectualsovereignty.ch\/wp-content\/uploads\/2022\/04\/67235416824__e6e88dbf-8baa-4d2a-9734-d9b8bdef3641.jpg\" alt=\"\" class=\"wp-image-4428\" srcset=\"https:\/\/www.intellectualsovereignty.ch\/wp-content\/uploads\/2022\/04\/67235416824__e6e88dbf-8baa-4d2a-9734-d9b8bdef3641.jpg 2000w, https:\/\/www.intellectualsovereignty.ch\/wp-content\/uploads\/2022\/04\/67235416824__e6e88dbf-8baa-4d2a-9734-d9b8bdef3641-300x225.jpg 300w, https:\/\/www.intellectualsovereignty.ch\/wp-content\/uploads\/2022\/04\/67235416824__e6e88dbf-8baa-4d2a-9734-d9b8bdef3641-1024x768.jpg 1024w, https:\/\/www.intellectualsovereignty.ch\/wp-content\/uploads\/2022\/04\/67235416824__e6e88dbf-8baa-4d2a-9734-d9b8bdef3641-768x576.jpg 768w, https:\/\/www.intellectualsovereignty.ch\/wp-content\/uploads\/2022\/04\/67235416824__e6e88dbf-8baa-4d2a-9734-d9b8bdef3641-1536x1152.jpg 1536w, https:\/\/www.intellectualsovereignty.ch\/wp-content\/uploads\/2022\/04\/67235416824__e6e88dbf-8baa-4d2a-9734-d9b8bdef3641-1870x1403.jpg 1870w, https:\/\/www.intellectualsovereignty.ch\/wp-content\/uploads\/2022\/04\/67235416824__e6e88dbf-8baa-4d2a-9734-d9b8bdef3641-400x300.jpg 400w, https:\/\/www.intellectualsovereignty.ch\/wp-content\/uploads\/2022\/04\/67235416824__e6e88dbf-8baa-4d2a-9734-d9b8bdef3641-800x600.jpg 800w\" sizes=\"auto, (max-width: 2000px) 100vw, 2000px\" \/><\/figure>\n\n\n\n<figure class=\"wp-block-image\"><img loading=\"lazy\" decoding=\"async\" width=\"1500\" height=\"2000\" data-attachment-id=\"4430\" data-permalink=\"https:\/\/www.intellectualsovereignty.ch\/index.php\/2022\/04\/22\/day-0-bern-san-diego\/img_5933\/\" data-orig-file=\"https:\/\/www.intellectualsovereignty.ch\/wp-content\/uploads\/2022\/04\/img_5933.jpg\" data-orig-size=\"1500,2000\" data-comments-opened=\"0\" data-image-meta=\"{&quot;aperture&quot;:&quot;1.8&quot;,&quot;credit&quot;:&quot;&quot;,&quot;camera&quot;:&quot;iPhone SE (2nd generation)&quot;,&quot;caption&quot;:&quot;&quot;,&quot;created_timestamp&quot;:&quot;1650636623&quot;,&quot;copyright&quot;:&quot;&quot;,&quot;focal_length&quot;:&quot;3.99&quot;,&quot;iso&quot;:&quot;20&quot;,&quot;shutter_speed&quot;:&quot;0.0002050020500205&quot;,&quot;title&quot;:&quot;&quot;,&quot;orientation&quot;:&quot;1&quot;}\" data-image-title=\"img_5933\" data-image-description=\"\" data-image-caption=\"\" data-large-file=\"https:\/\/www.intellectualsovereignty.ch\/wp-content\/uploads\/2022\/04\/img_5933-768x1024.jpg\" data-id=\"4430\" src=\"https:\/\/www.intellectualsovereignty.ch\/wp-content\/uploads\/2022\/04\/img_5933.jpg\" alt=\"\" class=\"wp-image-4430\" srcset=\"https:\/\/www.intellectualsovereignty.ch\/wp-content\/uploads\/2022\/04\/img_5933.jpg 1500w, https:\/\/www.intellectualsovereignty.ch\/wp-content\/uploads\/2022\/04\/img_5933-225x300.jpg 225w, https:\/\/www.intellectualsovereignty.ch\/wp-content\/uploads\/2022\/04\/img_5933-768x1024.jpg 768w, https:\/\/www.intellectualsovereignty.ch\/wp-content\/uploads\/2022\/04\/img_5933-1152x1536.jpg 1152w, https:\/\/www.intellectualsovereignty.ch\/wp-content\/uploads\/2022\/04\/img_5933-400x533.jpg 400w, https:\/\/www.intellectualsovereignty.ch\/wp-content\/uploads\/2022\/04\/img_5933-800x1067.jpg 800w\" sizes=\"auto, (max-width: 1500px) 100vw, 1500px\" \/><\/figure>\n\n\n\n<figure class=\"wp-block-image\"><img loading=\"lazy\" decoding=\"async\" width=\"2000\" height=\"1500\" data-attachment-id=\"4426\" data-permalink=\"https:\/\/www.intellectualsovereignty.ch\/index.php\/2022\/04\/22\/day-0-bern-san-diego\/img_5935\/\" data-orig-file=\"https:\/\/www.intellectualsovereignty.ch\/wp-content\/uploads\/2022\/04\/img_5935.jpg\" data-orig-size=\"2000,1500\" data-comments-opened=\"0\" data-image-meta=\"{&quot;aperture&quot;:&quot;1.8&quot;,&quot;credit&quot;:&quot;&quot;,&quot;camera&quot;:&quot;iPhone SE (2nd generation)&quot;,&quot;caption&quot;:&quot;&quot;,&quot;created_timestamp&quot;:&quot;1650637123&quot;,&quot;copyright&quot;:&quot;&quot;,&quot;focal_length&quot;:&quot;3.99&quot;,&quot;iso&quot;:&quot;25&quot;,&quot;shutter_speed&quot;:&quot;0.0002050020500205&quot;,&quot;title&quot;:&quot;&quot;,&quot;orientation&quot;:&quot;1&quot;}\" data-image-title=\"img_5935\" data-image-description=\"\" data-image-caption=\"\" data-large-file=\"https:\/\/www.intellectualsovereignty.ch\/wp-content\/uploads\/2022\/04\/img_5935-1024x768.jpg\" data-id=\"4426\" src=\"https:\/\/www.intellectualsovereignty.ch\/wp-content\/uploads\/2022\/04\/img_5935.jpg\" alt=\"\" class=\"wp-image-4426\" srcset=\"https:\/\/www.intellectualsovereignty.ch\/wp-content\/uploads\/2022\/04\/img_5935.jpg 2000w, https:\/\/www.intellectualsovereignty.ch\/wp-content\/uploads\/2022\/04\/img_5935-300x225.jpg 300w, https:\/\/www.intellectualsovereignty.ch\/wp-content\/uploads\/2022\/04\/img_5935-1024x768.jpg 1024w, https:\/\/www.intellectualsovereignty.ch\/wp-content\/uploads\/2022\/04\/img_5935-768x576.jpg 768w, https:\/\/www.intellectualsovereignty.ch\/wp-content\/uploads\/2022\/04\/img_5935-1536x1152.jpg 1536w, https:\/\/www.intellectualsovereignty.ch\/wp-content\/uploads\/2022\/04\/img_5935-1870x1403.jpg 1870w, https:\/\/www.intellectualsovereignty.ch\/wp-content\/uploads\/2022\/04\/img_5935-400x300.jpg 400w, https:\/\/www.intellectualsovereignty.ch\/wp-content\/uploads\/2022\/04\/img_5935-800x600.jpg 800w\" sizes=\"auto, (max-width: 2000px) 100vw, 2000px\" \/><\/figure>\n\n\n\n<figure class=\"wp-block-image\"><img loading=\"lazy\" decoding=\"async\" width=\"2000\" height=\"1502\" data-attachment-id=\"4429\" data-permalink=\"https:\/\/www.intellectualsovereignty.ch\/index.php\/2022\/04\/22\/day-0-bern-san-diego\/67235516880__e6d7595c-7368-4144-8d1b-1f9117327994\/\" data-orig-file=\"https:\/\/www.intellectualsovereignty.ch\/wp-content\/uploads\/2022\/04\/67235516880__e6d7595c-7368-4144-8d1b-1f9117327994.jpg\" data-orig-size=\"2000,1502\" data-comments-opened=\"0\" data-image-meta=\"{&quot;aperture&quot;:&quot;2.2&quot;,&quot;credit&quot;:&quot;&quot;,&quot;camera&quot;:&quot;iPhone SE (2nd generation)&quot;,&quot;caption&quot;:&quot;&quot;,&quot;created_timestamp&quot;:&quot;1650637168&quot;,&quot;copyright&quot;:&quot;&quot;,&quot;focal_length&quot;:&quot;2.87&quot;,&quot;iso&quot;:&quot;20&quot;,&quot;shutter_speed&quot;:&quot;0.0011074197120709&quot;,&quot;title&quot;:&quot;&quot;,&quot;orientation&quot;:&quot;1&quot;}\" data-image-title=\"67235516880__e6d7595c-7368-4144-8d1b-1f9117327994\" data-image-description=\"\" data-image-caption=\"\" data-large-file=\"https:\/\/www.intellectualsovereignty.ch\/wp-content\/uploads\/2022\/04\/67235516880__e6d7595c-7368-4144-8d1b-1f9117327994-1024x769.jpg\" data-id=\"4429\" src=\"https:\/\/www.intellectualsovereignty.ch\/wp-content\/uploads\/2022\/04\/67235516880__e6d7595c-7368-4144-8d1b-1f9117327994.jpg\" alt=\"\" class=\"wp-image-4429\" srcset=\"https:\/\/www.intellectualsovereignty.ch\/wp-content\/uploads\/2022\/04\/67235516880__e6d7595c-7368-4144-8d1b-1f9117327994.jpg 2000w, https:\/\/www.intellectualsovereignty.ch\/wp-content\/uploads\/2022\/04\/67235516880__e6d7595c-7368-4144-8d1b-1f9117327994-300x225.jpg 300w, https:\/\/www.intellectualsovereignty.ch\/wp-content\/uploads\/2022\/04\/67235516880__e6d7595c-7368-4144-8d1b-1f9117327994-1024x769.jpg 1024w, https:\/\/www.intellectualsovereignty.ch\/wp-content\/uploads\/2022\/04\/67235516880__e6d7595c-7368-4144-8d1b-1f9117327994-768x577.jpg 768w, https:\/\/www.intellectualsovereignty.ch\/wp-content\/uploads\/2022\/04\/67235516880__e6d7595c-7368-4144-8d1b-1f9117327994-1536x1154.jpg 1536w, https:\/\/www.intellectualsovereignty.ch\/wp-content\/uploads\/2022\/04\/67235516880__e6d7595c-7368-4144-8d1b-1f9117327994-1870x1404.jpg 1870w, https:\/\/www.intellectualsovereignty.ch\/wp-content\/uploads\/2022\/04\/67235516880__e6d7595c-7368-4144-8d1b-1f9117327994-400x300.jpg 400w, https:\/\/www.intellectualsovereignty.ch\/wp-content\/uploads\/2022\/04\/67235516880__e6d7595c-7368-4144-8d1b-1f9117327994-800x601.jpg 800w\" sizes=\"auto, (max-width: 2000px) 100vw, 2000px\" \/><\/figure>\n\n\n\n<figure class=\"wp-block-image\"><img loading=\"lazy\" decoding=\"async\" width=\"2000\" height=\"1500\" data-attachment-id=\"4431\" data-permalink=\"https:\/\/www.intellectualsovereignty.ch\/index.php\/2022\/04\/22\/day-0-bern-san-diego\/img_5937\/\" data-orig-file=\"https:\/\/www.intellectualsovereignty.ch\/wp-content\/uploads\/2022\/04\/img_5937.jpg\" data-orig-size=\"2000,1500\" data-comments-opened=\"0\" data-image-meta=\"{&quot;aperture&quot;:&quot;1.8&quot;,&quot;credit&quot;:&quot;&quot;,&quot;camera&quot;:&quot;iPhone SE (2nd generation)&quot;,&quot;caption&quot;:&quot;&quot;,&quot;created_timestamp&quot;:&quot;1650638070&quot;,&quot;copyright&quot;:&quot;&quot;,&quot;focal_length&quot;:&quot;3.99&quot;,&quot;iso&quot;:&quot;25&quot;,&quot;shutter_speed&quot;:&quot;0.00028801843317972&quot;,&quot;title&quot;:&quot;&quot;,&quot;orientation&quot;:&quot;1&quot;}\" data-image-title=\"img_5937\" data-image-description=\"\" data-image-caption=\"\" data-large-file=\"https:\/\/www.intellectualsovereignty.ch\/wp-content\/uploads\/2022\/04\/img_5937-1024x768.jpg\" data-id=\"4431\" src=\"https:\/\/www.intellectualsovereignty.ch\/wp-content\/uploads\/2022\/04\/img_5937.jpg\" alt=\"\" class=\"wp-image-4431\" srcset=\"https:\/\/www.intellectualsovereignty.ch\/wp-content\/uploads\/2022\/04\/img_5937.jpg 2000w, https:\/\/www.intellectualsovereignty.ch\/wp-content\/uploads\/2022\/04\/img_5937-300x225.jpg 300w, https:\/\/www.intellectualsovereignty.ch\/wp-content\/uploads\/2022\/04\/img_5937-1024x768.jpg 1024w, https:\/\/www.intellectualsovereignty.ch\/wp-content\/uploads\/2022\/04\/img_5937-768x576.jpg 768w, https:\/\/www.intellectualsovereignty.ch\/wp-content\/uploads\/2022\/04\/img_5937-1536x1152.jpg 1536w, https:\/\/www.intellectualsovereignty.ch\/wp-content\/uploads\/2022\/04\/img_5937-1870x1403.jpg 1870w, https:\/\/www.intellectualsovereignty.ch\/wp-content\/uploads\/2022\/04\/img_5937-400x300.jpg 400w, https:\/\/www.intellectualsovereignty.ch\/wp-content\/uploads\/2022\/04\/img_5937-800x600.jpg 800w\" sizes=\"auto, (max-width: 2000px) 100vw, 2000px\" \/><\/figure>\n\n\n\n<figure class=\"wp-block-image\"><img loading=\"lazy\" decoding=\"async\" width=\"2000\" height=\"650\" data-attachment-id=\"4432\" data-permalink=\"https:\/\/www.intellectualsovereignty.ch\/index.php\/2022\/04\/22\/day-0-bern-san-diego\/img_5938\/\" data-orig-file=\"https:\/\/www.intellectualsovereignty.ch\/wp-content\/uploads\/2022\/04\/img_5938.jpg\" data-orig-size=\"2000,650\" data-comments-opened=\"0\" data-image-meta=\"{&quot;aperture&quot;:&quot;1.8&quot;,&quot;credit&quot;:&quot;&quot;,&quot;camera&quot;:&quot;iPhone SE (2nd generation)&quot;,&quot;caption&quot;:&quot;&quot;,&quot;created_timestamp&quot;:&quot;1650640460&quot;,&quot;copyright&quot;:&quot;&quot;,&quot;focal_length&quot;:&quot;3.99&quot;,&quot;iso&quot;:&quot;20&quot;,&quot;shutter_speed&quot;:&quot;0.00028801843317972&quot;,&quot;title&quot;:&quot;&quot;,&quot;orientation&quot;:&quot;1&quot;}\" data-image-title=\"img_5938\" data-image-description=\"\" data-image-caption=\"\" data-large-file=\"https:\/\/www.intellectualsovereignty.ch\/wp-content\/uploads\/2022\/04\/img_5938-1024x333.jpg\" data-id=\"4432\" src=\"https:\/\/www.intellectualsovereignty.ch\/wp-content\/uploads\/2022\/04\/img_5938.jpg\" alt=\"\" class=\"wp-image-4432\" srcset=\"https:\/\/www.intellectualsovereignty.ch\/wp-content\/uploads\/2022\/04\/img_5938.jpg 2000w, https:\/\/www.intellectualsovereignty.ch\/wp-content\/uploads\/2022\/04\/img_5938-300x98.jpg 300w, https:\/\/www.intellectualsovereignty.ch\/wp-content\/uploads\/2022\/04\/img_5938-1024x333.jpg 1024w, https:\/\/www.intellectualsovereignty.ch\/wp-content\/uploads\/2022\/04\/img_5938-768x250.jpg 768w, https:\/\/www.intellectualsovereignty.ch\/wp-content\/uploads\/2022\/04\/img_5938-1536x499.jpg 1536w, https:\/\/www.intellectualsovereignty.ch\/wp-content\/uploads\/2022\/04\/img_5938-1870x608.jpg 1870w, https:\/\/www.intellectualsovereignty.ch\/wp-content\/uploads\/2022\/04\/img_5938-400x130.jpg 400w, https:\/\/www.intellectualsovereignty.ch\/wp-content\/uploads\/2022\/04\/img_5938-800x260.jpg 800w\" sizes=\"auto, (max-width: 2000px) 100vw, 2000px\" \/><\/figure>\n\n\n\n<figure class=\"wp-block-image\"><img loading=\"lazy\" decoding=\"async\" width=\"2000\" height=\"1500\" data-attachment-id=\"4433\" data-permalink=\"https:\/\/www.intellectualsovereignty.ch\/index.php\/2022\/04\/22\/day-0-bern-san-diego\/img_5939\/\" data-orig-file=\"https:\/\/www.intellectualsovereignty.ch\/wp-content\/uploads\/2022\/04\/img_5939.jpg\" data-orig-size=\"2000,1500\" data-comments-opened=\"0\" data-image-meta=\"{&quot;aperture&quot;:&quot;1.8&quot;,&quot;credit&quot;:&quot;&quot;,&quot;camera&quot;:&quot;iPhone SE (2nd generation)&quot;,&quot;caption&quot;:&quot;&quot;,&quot;created_timestamp&quot;:&quot;1650641434&quot;,&quot;copyright&quot;:&quot;&quot;,&quot;focal_length&quot;:&quot;3.99&quot;,&quot;iso&quot;:&quot;20&quot;,&quot;shutter_speed&quot;:&quot;0.00049407114624506&quot;,&quot;title&quot;:&quot;&quot;,&quot;orientation&quot;:&quot;1&quot;}\" data-image-title=\"img_5939\" data-image-description=\"\" data-image-caption=\"\" data-large-file=\"https:\/\/www.intellectualsovereignty.ch\/wp-content\/uploads\/2022\/04\/img_5939-1024x768.jpg\" data-id=\"4433\" src=\"https:\/\/www.intellectualsovereignty.ch\/wp-content\/uploads\/2022\/04\/img_5939.jpg\" alt=\"\" class=\"wp-image-4433\" srcset=\"https:\/\/www.intellectualsovereignty.ch\/wp-content\/uploads\/2022\/04\/img_5939.jpg 2000w, https:\/\/www.intellectualsovereignty.ch\/wp-content\/uploads\/2022\/04\/img_5939-300x225.jpg 300w, https:\/\/www.intellectualsovereignty.ch\/wp-content\/uploads\/2022\/04\/img_5939-1024x768.jpg 1024w, https:\/\/www.intellectualsovereignty.ch\/wp-content\/uploads\/2022\/04\/img_5939-768x576.jpg 768w, https:\/\/www.intellectualsovereignty.ch\/wp-content\/uploads\/2022\/04\/img_5939-1536x1152.jpg 1536w, https:\/\/www.intellectualsovereignty.ch\/wp-content\/uploads\/2022\/04\/img_5939-1870x1403.jpg 1870w, https:\/\/www.intellectualsovereignty.ch\/wp-content\/uploads\/2022\/04\/img_5939-400x300.jpg 400w, https:\/\/www.intellectualsovereignty.ch\/wp-content\/uploads\/2022\/04\/img_5939-800x600.jpg 800w\" sizes=\"auto, (max-width: 2000px) 100vw, 2000px\" \/><\/figure>\n\n\n\n<figure class=\"wp-block-image\"><img loading=\"lazy\" decoding=\"async\" width=\"1500\" height=\"2000\" data-attachment-id=\"4434\" data-permalink=\"https:\/\/www.intellectualsovereignty.ch\/index.php\/2022\/04\/22\/day-0-bern-san-diego\/img_5940\/\" data-orig-file=\"https:\/\/www.intellectualsovereignty.ch\/wp-content\/uploads\/2022\/04\/img_5940.jpg\" data-orig-size=\"1500,2000\" data-comments-opened=\"0\" data-image-meta=\"{&quot;aperture&quot;:&quot;1.8&quot;,&quot;credit&quot;:&quot;&quot;,&quot;camera&quot;:&quot;iPhone SE (2nd generation)&quot;,&quot;caption&quot;:&quot;&quot;,&quot;created_timestamp&quot;:&quot;1650645193&quot;,&quot;copyright&quot;:&quot;&quot;,&quot;focal_length&quot;:&quot;3.99&quot;,&quot;iso&quot;:&quot;20&quot;,&quot;shutter_speed&quot;:&quot;0.0014836795252226&quot;,&quot;title&quot;:&quot;&quot;,&quot;orientation&quot;:&quot;1&quot;}\" data-image-title=\"img_5940\" data-image-description=\"\" data-image-caption=\"\" data-large-file=\"https:\/\/www.intellectualsovereignty.ch\/wp-content\/uploads\/2022\/04\/img_5940-768x1024.jpg\" data-id=\"4434\" src=\"https:\/\/www.intellectualsovereignty.ch\/wp-content\/uploads\/2022\/04\/img_5940.jpg\" alt=\"\" class=\"wp-image-4434\" srcset=\"https:\/\/www.intellectualsovereignty.ch\/wp-content\/uploads\/2022\/04\/img_5940.jpg 1500w, https:\/\/www.intellectualsovereignty.ch\/wp-content\/uploads\/2022\/04\/img_5940-225x300.jpg 225w, https:\/\/www.intellectualsovereignty.ch\/wp-content\/uploads\/2022\/04\/img_5940-768x1024.jpg 768w, https:\/\/www.intellectualsovereignty.ch\/wp-content\/uploads\/2022\/04\/img_5940-1152x1536.jpg 1152w, https:\/\/www.intellectualsovereignty.ch\/wp-content\/uploads\/2022\/04\/img_5940-400x533.jpg 400w, https:\/\/www.intellectualsovereignty.ch\/wp-content\/uploads\/2022\/04\/img_5940-800x1067.jpg 800w\" sizes=\"auto, (max-width: 1500px) 100vw, 1500px\" \/><\/figure>\n<\/figure>\n\n\n\n<p>Zur\u00fcck im Gaslamp-Quartier geht es nun ans Packen, denn am Samstag fr\u00fch geht es richtig los\u2026<\/p>\n","protected":false},"excerpt":{"rendered":"<p>Und jetzt geht\u2019s los! Was fast auf den Tag genau vor f\u00fcnf Jahren mit einem inneren Schwur begann, sich \u00fcber unz\u00e4hlige Planungs- und Trainingsstunde hinwegzog, wird nun heute Wirklichkeit\u2026 Der Abschied von meiner Familie f\u00e4llt mir schwer; w\u00e4hrend sich meine Beine luftig leicht anf\u00fchlen, liegt mein Herz schwer in meiner Brust. So sitze ich nun [&hellip;]<\/p>\n","protected":false},"author":1,"featured_media":4430,"comment_status":"open","ping_status":"open","sticky":false,"template":"","format":"standard","meta":{"jetpack_post_was_ever_published":false,"_jetpack_newsletter_access":"","_jetpack_dont_email_post_to_subs":false,"_jetpack_newsletter_tier_id":0,"_jetpack_memberships_contains_paywalled_content":false,"_jetpack_memberships_contains_paid_content":false,"footnotes":""},"categories":[3],"tags":[50,51],"class_list":["post-4435","post","type-post","status-publish","format-standard","has-post-thumbnail","hentry","category-hiking","tag-pct","tag-suedkalifornien","has-thumbnail"],"jetpack_featured_media_url":"https:\/\/www.intellectualsovereignty.ch\/wp-content\/uploads\/2022\/04\/img_5933.jpg","jetpack_shortlink":"https:\/\/wp.me\/p9IwFN-19x","jetpack_likes_enabled":false,"jetpack_sharing_enabled":true,"_links":{"self":[{"href":"https:\/\/www.intellectualsovereignty.ch\/index.php\/wp-json\/wp\/v2\/posts\/4435","targetHints":{"allow":["GET"]}}],"collection":[{"href":"https:\/\/www.intellectualsovereignty.ch\/index.php\/wp-json\/wp\/v2\/posts"}],"about":[{"href":"https:\/\/www.intellectualsovereignty.ch\/index.php\/wp-json\/wp\/v2\/types\/post"}],"author":[{"embeddable":true,"href":"https:\/\/www.intellectualsovereignty.ch\/index.php\/wp-json\/wp\/v2\/users\/1"}],"replies":[{"embeddable":true,"href":"https:\/\/www.intellectualsovereignty.ch\/index.php\/wp-json\/wp\/v2\/comments?post=4435"}],"version-history":[{"count":4,"href":"https:\/\/www.intellectualsovereignty.ch\/index.php\/wp-json\/wp\/v2\/posts\/4435\/revisions"}],"predecessor-version":[{"id":13023,"href":"https:\/\/www.intellectualsovereignty.ch\/index.php\/wp-json\/wp\/v2\/posts\/4435\/revisions\/13023"}],"wp:featuredmedia":[{"embeddable":true,"href":"https:\/\/www.intellectualsovereignty.ch\/index.php\/wp-json\/wp\/v2\/media\/4430"}],"wp:attachment":[{"href":"https:\/\/www.intellectualsovereignty.ch\/index.php\/wp-json\/wp\/v2\/media?parent=4435"}],"wp:term":[{"taxonomy":"category","embeddable":true,"href":"https:\/\/www.intellectualsovereignty.ch\/index.php\/wp-json\/wp\/v2\/categories?post=4435"},{"taxonomy":"post_tag","embeddable":true,"href":"https:\/\/www.intellectualsovereignty.ch\/index.php\/wp-json\/wp\/v2\/tags?post=4435"}],"curies":[{"name":"wp","href":"https:\/\/api.w.org\/{rel}","templated":true}]}}