{"id":4145,"date":"2021-10-02T20:20:00","date_gmt":"2021-10-02T18:20:00","guid":{"rendered":"https:\/\/www.intellectualsovereignty.ch\/?p=4145"},"modified":"2021-10-03T08:48:35","modified_gmt":"2021-10-03T06:48:35","slug":"hike75-gruetschalp-lobhornhuette-sulwald","status":"publish","type":"post","link":"https:\/\/www.intellectualsovereignty.ch\/index.php\/2021\/10\/02\/hike75-gruetschalp-lobhornhuette-sulwald\/","title":{"rendered":"Hike#75 \/ Gr\u00fctschalp &#8211; Lobhornh\u00fctte &#8211; Sulwald"},"content":{"rendered":"\n<p class=\"wp-block-paragraph\">Zu einem runden Geburtstag geh\u00f6rt eine sch\u00f6ne Wanderung, und so mache ich mich mit Bea, Nina und Ben auf, die Gegend unter den Lobh\u00f6rnern zu erkunden. Kurz nach Mittag steigen wir in Lauterbrunnen in die Seilbahn zur Gr\u00fctschalp. Wir starten knapp oberhalb der Bergstation mit einer feinen Zimtschnecke und einem ersten Ausblick auf Wengen und den dar\u00fcberliegenden M\u00e4nnlichen. Auf dem Wanderweg durch den Spryssenwald umrunden wir das Soushorn und gelangen beim L\u00e4ger ins dahinterliegende Soustal.  <\/p>\n\n\n\n<figure class=\"wp-block-gallery columns-3 is-cropped wp-block-gallery-1 is-layout-flex wp-block-gallery-is-layout-flex\"><ul class=\"blocks-gallery-grid\"><li class=\"blocks-gallery-item\"><figure><img loading=\"lazy\" decoding=\"async\" width=\"1024\" height=\"768\" data-attachment-id=\"4146\" data-permalink=\"https:\/\/www.intellectualsovereignty.ch\/index.php\/2021\/10\/02\/hike75-gruetschalp-lobhornhuette-sulwald\/img_4769\/\" data-orig-file=\"https:\/\/www.intellectualsovereignty.ch\/wp-content\/uploads\/2021\/10\/IMG_4769-scaled.jpeg\" data-orig-size=\"2560,1920\" data-comments-opened=\"0\" data-image-title=\"IMG_4769\" data-image-description=\"\" data-image-caption=\"\" data-large-file=\"https:\/\/www.intellectualsovereignty.ch\/wp-content\/uploads\/2021\/10\/IMG_4769-1024x768.jpeg\" src=\"https:\/\/www.intellectualsovereignty.ch\/wp-content\/uploads\/2021\/10\/IMG_4769-1024x768.jpeg\" alt=\"\" data-id=\"4146\" data-full-url=\"https:\/\/www.intellectualsovereignty.ch\/wp-content\/uploads\/2021\/10\/IMG_4769-scaled.jpeg\" data-link=\"https:\/\/www.intellectualsovereignty.ch\/?attachment_id=4146\" class=\"wp-image-4146\" srcset=\"https:\/\/www.intellectualsovereignty.ch\/wp-content\/uploads\/2021\/10\/IMG_4769-1024x768.jpeg 1024w, https:\/\/www.intellectualsovereignty.ch\/wp-content\/uploads\/2021\/10\/IMG_4769-300x225.jpeg 300w, https:\/\/www.intellectualsovereignty.ch\/wp-content\/uploads\/2021\/10\/IMG_4769-768x576.jpeg 768w, https:\/\/www.intellectualsovereignty.ch\/wp-content\/uploads\/2021\/10\/IMG_4769-1536x1152.jpeg 1536w, https:\/\/www.intellectualsovereignty.ch\/wp-content\/uploads\/2021\/10\/IMG_4769-2048x1536.jpeg 2048w, https:\/\/www.intellectualsovereignty.ch\/wp-content\/uploads\/2021\/10\/IMG_4769-1870x1403.jpeg 1870w, https:\/\/www.intellectualsovereignty.ch\/wp-content\/uploads\/2021\/10\/IMG_4769-400x300.jpeg 400w, https:\/\/www.intellectualsovereignty.ch\/wp-content\/uploads\/2021\/10\/IMG_4769-800x600.jpeg 800w\" sizes=\"auto, (max-width: 1024px) 100vw, 1024px\" \/><\/figure><\/li><li class=\"blocks-gallery-item\"><figure><img loading=\"lazy\" decoding=\"async\" width=\"768\" height=\"1024\" data-attachment-id=\"4147\" data-permalink=\"https:\/\/www.intellectualsovereignty.ch\/index.php\/2021\/10\/02\/hike75-gruetschalp-lobhornhuette-sulwald\/img_4770\/\" data-orig-file=\"https:\/\/www.intellectualsovereignty.ch\/wp-content\/uploads\/2021\/10\/IMG_4770-scaled.jpeg\" data-orig-size=\"1920,2560\" data-comments-opened=\"0\" data-image-title=\"IMG_4770\" data-image-description=\"\" data-image-caption=\"\" data-large-file=\"https:\/\/www.intellectualsovereignty.ch\/wp-content\/uploads\/2021\/10\/IMG_4770-768x1024.jpeg\" src=\"https:\/\/www.intellectualsovereignty.ch\/wp-content\/uploads\/2021\/10\/IMG_4770-768x1024.jpeg\" alt=\"\" data-id=\"4147\" data-full-url=\"https:\/\/www.intellectualsovereignty.ch\/wp-content\/uploads\/2021\/10\/IMG_4770-scaled.jpeg\" data-link=\"https:\/\/www.intellectualsovereignty.ch\/?attachment_id=4147\" class=\"wp-image-4147\" srcset=\"https:\/\/www.intellectualsovereignty.ch\/wp-content\/uploads\/2021\/10\/IMG_4770-768x1024.jpeg 768w, https:\/\/www.intellectualsovereignty.ch\/wp-content\/uploads\/2021\/10\/IMG_4770-225x300.jpeg 225w, https:\/\/www.intellectualsovereignty.ch\/wp-content\/uploads\/2021\/10\/IMG_4770-1152x1536.jpeg 1152w, https:\/\/www.intellectualsovereignty.ch\/wp-content\/uploads\/2021\/10\/IMG_4770-1536x2048.jpeg 1536w, https:\/\/www.intellectualsovereignty.ch\/wp-content\/uploads\/2021\/10\/IMG_4770-1870x2493.jpeg 1870w, https:\/\/www.intellectualsovereignty.ch\/wp-content\/uploads\/2021\/10\/IMG_4770-400x533.jpeg 400w, https:\/\/www.intellectualsovereignty.ch\/wp-content\/uploads\/2021\/10\/IMG_4770-800x1067.jpeg 800w, https:\/\/www.intellectualsovereignty.ch\/wp-content\/uploads\/2021\/10\/IMG_4770-scaled.jpeg 1920w\" sizes=\"auto, (max-width: 768px) 100vw, 768px\" \/><\/figure><\/li><li class=\"blocks-gallery-item\"><figure><img loading=\"lazy\" decoding=\"async\" width=\"768\" height=\"1024\" data-attachment-id=\"4148\" data-permalink=\"https:\/\/www.intellectualsovereignty.ch\/index.php\/2021\/10\/02\/hike75-gruetschalp-lobhornhuette-sulwald\/img_4771\/\" data-orig-file=\"https:\/\/www.intellectualsovereignty.ch\/wp-content\/uploads\/2021\/10\/IMG_4771-scaled.jpeg\" data-orig-size=\"1920,2560\" data-comments-opened=\"0\" data-image-title=\"IMG_4771\" data-image-description=\"\" data-image-caption=\"\" data-large-file=\"https:\/\/www.intellectualsovereignty.ch\/wp-content\/uploads\/2021\/10\/IMG_4771-768x1024.jpeg\" src=\"https:\/\/www.intellectualsovereignty.ch\/wp-content\/uploads\/2021\/10\/IMG_4771-768x1024.jpeg\" alt=\"\" data-id=\"4148\" data-full-url=\"https:\/\/www.intellectualsovereignty.ch\/wp-content\/uploads\/2021\/10\/IMG_4771-scaled.jpeg\" data-link=\"https:\/\/www.intellectualsovereignty.ch\/?attachment_id=4148\" class=\"wp-image-4148\" srcset=\"https:\/\/www.intellectualsovereignty.ch\/wp-content\/uploads\/2021\/10\/IMG_4771-768x1024.jpeg 768w, https:\/\/www.intellectualsovereignty.ch\/wp-content\/uploads\/2021\/10\/IMG_4771-225x300.jpeg 225w, https:\/\/www.intellectualsovereignty.ch\/wp-content\/uploads\/2021\/10\/IMG_4771-1152x1536.jpeg 1152w, https:\/\/www.intellectualsovereignty.ch\/wp-content\/uploads\/2021\/10\/IMG_4771-1536x2048.jpeg 1536w, https:\/\/www.intellectualsovereignty.ch\/wp-content\/uploads\/2021\/10\/IMG_4771-1870x2493.jpeg 1870w, https:\/\/www.intellectualsovereignty.ch\/wp-content\/uploads\/2021\/10\/IMG_4771-400x533.jpeg 400w, https:\/\/www.intellectualsovereignty.ch\/wp-content\/uploads\/2021\/10\/IMG_4771-800x1067.jpeg 800w, https:\/\/www.intellectualsovereignty.ch\/wp-content\/uploads\/2021\/10\/IMG_4771-scaled.jpeg 1920w\" sizes=\"auto, (max-width: 768px) 100vw, 768px\" \/><\/figure><\/li><li class=\"blocks-gallery-item\"><figure><img loading=\"lazy\" decoding=\"async\" width=\"768\" height=\"1024\" data-attachment-id=\"4149\" data-permalink=\"https:\/\/www.intellectualsovereignty.ch\/index.php\/2021\/10\/02\/hike75-gruetschalp-lobhornhuette-sulwald\/img_4772\/\" data-orig-file=\"https:\/\/www.intellectualsovereignty.ch\/wp-content\/uploads\/2021\/10\/IMG_4772-scaled.jpeg\" data-orig-size=\"1920,2560\" data-comments-opened=\"0\" data-image-title=\"IMG_4772\" data-image-description=\"\" data-image-caption=\"\" data-large-file=\"https:\/\/www.intellectualsovereignty.ch\/wp-content\/uploads\/2021\/10\/IMG_4772-768x1024.jpeg\" src=\"https:\/\/www.intellectualsovereignty.ch\/wp-content\/uploads\/2021\/10\/IMG_4772-768x1024.jpeg\" alt=\"\" data-id=\"4149\" data-full-url=\"https:\/\/www.intellectualsovereignty.ch\/wp-content\/uploads\/2021\/10\/IMG_4772-scaled.jpeg\" data-link=\"https:\/\/www.intellectualsovereignty.ch\/?attachment_id=4149\" class=\"wp-image-4149\" srcset=\"https:\/\/www.intellectualsovereignty.ch\/wp-content\/uploads\/2021\/10\/IMG_4772-768x1024.jpeg 768w, https:\/\/www.intellectualsovereignty.ch\/wp-content\/uploads\/2021\/10\/IMG_4772-225x300.jpeg 225w, https:\/\/www.intellectualsovereignty.ch\/wp-content\/uploads\/2021\/10\/IMG_4772-1152x1536.jpeg 1152w, https:\/\/www.intellectualsovereignty.ch\/wp-content\/uploads\/2021\/10\/IMG_4772-1536x2048.jpeg 1536w, https:\/\/www.intellectualsovereignty.ch\/wp-content\/uploads\/2021\/10\/IMG_4772-1870x2493.jpeg 1870w, https:\/\/www.intellectualsovereignty.ch\/wp-content\/uploads\/2021\/10\/IMG_4772-400x533.jpeg 400w, https:\/\/www.intellectualsovereignty.ch\/wp-content\/uploads\/2021\/10\/IMG_4772-800x1067.jpeg 800w, https:\/\/www.intellectualsovereignty.ch\/wp-content\/uploads\/2021\/10\/IMG_4772-scaled.jpeg 1920w\" sizes=\"auto, (max-width: 768px) 100vw, 768px\" \/><\/figure><\/li><li class=\"blocks-gallery-item\"><figure><img loading=\"lazy\" decoding=\"async\" width=\"768\" height=\"1024\" data-attachment-id=\"4150\" data-permalink=\"https:\/\/www.intellectualsovereignty.ch\/index.php\/2021\/10\/02\/hike75-gruetschalp-lobhornhuette-sulwald\/img_4773\/\" data-orig-file=\"https:\/\/www.intellectualsovereignty.ch\/wp-content\/uploads\/2021\/10\/IMG_4773-scaled.jpeg\" data-orig-size=\"1920,2560\" data-comments-opened=\"0\" data-image-title=\"IMG_4773\" data-image-description=\"\" data-image-caption=\"\" data-large-file=\"https:\/\/www.intellectualsovereignty.ch\/wp-content\/uploads\/2021\/10\/IMG_4773-768x1024.jpeg\" src=\"https:\/\/www.intellectualsovereignty.ch\/wp-content\/uploads\/2021\/10\/IMG_4773-768x1024.jpeg\" alt=\"\" data-id=\"4150\" data-full-url=\"https:\/\/www.intellectualsovereignty.ch\/wp-content\/uploads\/2021\/10\/IMG_4773-scaled.jpeg\" data-link=\"https:\/\/www.intellectualsovereignty.ch\/?attachment_id=4150\" class=\"wp-image-4150\" srcset=\"https:\/\/www.intellectualsovereignty.ch\/wp-content\/uploads\/2021\/10\/IMG_4773-768x1024.jpeg 768w, https:\/\/www.intellectualsovereignty.ch\/wp-content\/uploads\/2021\/10\/IMG_4773-225x300.jpeg 225w, https:\/\/www.intellectualsovereignty.ch\/wp-content\/uploads\/2021\/10\/IMG_4773-1152x1536.jpeg 1152w, https:\/\/www.intellectualsovereignty.ch\/wp-content\/uploads\/2021\/10\/IMG_4773-1536x2048.jpeg 1536w, https:\/\/www.intellectualsovereignty.ch\/wp-content\/uploads\/2021\/10\/IMG_4773-1870x2493.jpeg 1870w, https:\/\/www.intellectualsovereignty.ch\/wp-content\/uploads\/2021\/10\/IMG_4773-400x533.jpeg 400w, https:\/\/www.intellectualsovereignty.ch\/wp-content\/uploads\/2021\/10\/IMG_4773-800x1067.jpeg 800w, https:\/\/www.intellectualsovereignty.ch\/wp-content\/uploads\/2021\/10\/IMG_4773-scaled.jpeg 1920w\" sizes=\"auto, (max-width: 768px) 100vw, 768px\" \/><\/figure><\/li><li class=\"blocks-gallery-item\"><figure><img loading=\"lazy\" decoding=\"async\" width=\"768\" height=\"1024\" data-attachment-id=\"4151\" data-permalink=\"https:\/\/www.intellectualsovereignty.ch\/index.php\/2021\/10\/02\/hike75-gruetschalp-lobhornhuette-sulwald\/img_4774\/\" data-orig-file=\"https:\/\/www.intellectualsovereignty.ch\/wp-content\/uploads\/2021\/10\/IMG_4774-scaled.jpeg\" data-orig-size=\"1920,2560\" data-comments-opened=\"0\" data-image-title=\"IMG_4774\" data-image-description=\"\" data-image-caption=\"\" data-large-file=\"https:\/\/www.intellectualsovereignty.ch\/wp-content\/uploads\/2021\/10\/IMG_4774-768x1024.jpeg\" src=\"https:\/\/www.intellectualsovereignty.ch\/wp-content\/uploads\/2021\/10\/IMG_4774-768x1024.jpeg\" alt=\"\" data-id=\"4151\" data-full-url=\"https:\/\/www.intellectualsovereignty.ch\/wp-content\/uploads\/2021\/10\/IMG_4774-scaled.jpeg\" data-link=\"https:\/\/www.intellectualsovereignty.ch\/?attachment_id=4151\" class=\"wp-image-4151\" srcset=\"https:\/\/www.intellectualsovereignty.ch\/wp-content\/uploads\/2021\/10\/IMG_4774-768x1024.jpeg 768w, https:\/\/www.intellectualsovereignty.ch\/wp-content\/uploads\/2021\/10\/IMG_4774-225x300.jpeg 225w, https:\/\/www.intellectualsovereignty.ch\/wp-content\/uploads\/2021\/10\/IMG_4774-1152x1536.jpeg 1152w, https:\/\/www.intellectualsovereignty.ch\/wp-content\/uploads\/2021\/10\/IMG_4774-1536x2048.jpeg 1536w, https:\/\/www.intellectualsovereignty.ch\/wp-content\/uploads\/2021\/10\/IMG_4774-1870x2493.jpeg 1870w, https:\/\/www.intellectualsovereignty.ch\/wp-content\/uploads\/2021\/10\/IMG_4774-400x533.jpeg 400w, https:\/\/www.intellectualsovereignty.ch\/wp-content\/uploads\/2021\/10\/IMG_4774-800x1067.jpeg 800w, https:\/\/www.intellectualsovereignty.ch\/wp-content\/uploads\/2021\/10\/IMG_4774-scaled.jpeg 1920w\" sizes=\"auto, (max-width: 768px) 100vw, 768px\" \/><\/figure><\/li><li class=\"blocks-gallery-item\"><figure><img loading=\"lazy\" decoding=\"async\" width=\"768\" height=\"1024\" data-attachment-id=\"4152\" data-permalink=\"https:\/\/www.intellectualsovereignty.ch\/index.php\/2021\/10\/02\/hike75-gruetschalp-lobhornhuette-sulwald\/img_4775\/\" data-orig-file=\"https:\/\/www.intellectualsovereignty.ch\/wp-content\/uploads\/2021\/10\/IMG_4775-scaled.jpeg\" data-orig-size=\"1920,2560\" data-comments-opened=\"0\" data-image-title=\"IMG_4775\" data-image-description=\"\" data-image-caption=\"\" data-large-file=\"https:\/\/www.intellectualsovereignty.ch\/wp-content\/uploads\/2021\/10\/IMG_4775-768x1024.jpeg\" src=\"https:\/\/www.intellectualsovereignty.ch\/wp-content\/uploads\/2021\/10\/IMG_4775-768x1024.jpeg\" alt=\"\" data-id=\"4152\" data-full-url=\"https:\/\/www.intellectualsovereignty.ch\/wp-content\/uploads\/2021\/10\/IMG_4775-scaled.jpeg\" data-link=\"https:\/\/www.intellectualsovereignty.ch\/?attachment_id=4152\" class=\"wp-image-4152\" srcset=\"https:\/\/www.intellectualsovereignty.ch\/wp-content\/uploads\/2021\/10\/IMG_4775-768x1024.jpeg 768w, https:\/\/www.intellectualsovereignty.ch\/wp-content\/uploads\/2021\/10\/IMG_4775-225x300.jpeg 225w, https:\/\/www.intellectualsovereignty.ch\/wp-content\/uploads\/2021\/10\/IMG_4775-1152x1536.jpeg 1152w, https:\/\/www.intellectualsovereignty.ch\/wp-content\/uploads\/2021\/10\/IMG_4775-1536x2048.jpeg 1536w, https:\/\/www.intellectualsovereignty.ch\/wp-content\/uploads\/2021\/10\/IMG_4775-1870x2493.jpeg 1870w, https:\/\/www.intellectualsovereignty.ch\/wp-content\/uploads\/2021\/10\/IMG_4775-400x533.jpeg 400w, https:\/\/www.intellectualsovereignty.ch\/wp-content\/uploads\/2021\/10\/IMG_4775-800x1067.jpeg 800w, https:\/\/www.intellectualsovereignty.ch\/wp-content\/uploads\/2021\/10\/IMG_4775-scaled.jpeg 1920w\" sizes=\"auto, (max-width: 768px) 100vw, 768px\" \/><\/figure><\/li><li class=\"blocks-gallery-item\"><figure><img loading=\"lazy\" decoding=\"async\" width=\"768\" height=\"1024\" data-attachment-id=\"4153\" data-permalink=\"https:\/\/www.intellectualsovereignty.ch\/index.php\/2021\/10\/02\/hike75-gruetschalp-lobhornhuette-sulwald\/img_4776\/\" data-orig-file=\"https:\/\/www.intellectualsovereignty.ch\/wp-content\/uploads\/2021\/10\/IMG_4776-scaled.jpeg\" data-orig-size=\"1920,2560\" data-comments-opened=\"0\" data-image-title=\"IMG_4776\" data-image-description=\"\" data-image-caption=\"\" data-large-file=\"https:\/\/www.intellectualsovereignty.ch\/wp-content\/uploads\/2021\/10\/IMG_4776-768x1024.jpeg\" src=\"https:\/\/www.intellectualsovereignty.ch\/wp-content\/uploads\/2021\/10\/IMG_4776-768x1024.jpeg\" alt=\"\" data-id=\"4153\" data-full-url=\"https:\/\/www.intellectualsovereignty.ch\/wp-content\/uploads\/2021\/10\/IMG_4776-scaled.jpeg\" data-link=\"https:\/\/www.intellectualsovereignty.ch\/?attachment_id=4153\" class=\"wp-image-4153\" srcset=\"https:\/\/www.intellectualsovereignty.ch\/wp-content\/uploads\/2021\/10\/IMG_4776-768x1024.jpeg 768w, https:\/\/www.intellectualsovereignty.ch\/wp-content\/uploads\/2021\/10\/IMG_4776-225x300.jpeg 225w, https:\/\/www.intellectualsovereignty.ch\/wp-content\/uploads\/2021\/10\/IMG_4776-1152x1536.jpeg 1152w, https:\/\/www.intellectualsovereignty.ch\/wp-content\/uploads\/2021\/10\/IMG_4776-1536x2048.jpeg 1536w, https:\/\/www.intellectualsovereignty.ch\/wp-content\/uploads\/2021\/10\/IMG_4776-1870x2493.jpeg 1870w, https:\/\/www.intellectualsovereignty.ch\/wp-content\/uploads\/2021\/10\/IMG_4776-400x533.jpeg 400w, https:\/\/www.intellectualsovereignty.ch\/wp-content\/uploads\/2021\/10\/IMG_4776-800x1067.jpeg 800w, https:\/\/www.intellectualsovereignty.ch\/wp-content\/uploads\/2021\/10\/IMG_4776-scaled.jpeg 1920w\" sizes=\"auto, (max-width: 768px) 100vw, 768px\" \/><\/figure><\/li><li class=\"blocks-gallery-item\"><figure><img loading=\"lazy\" decoding=\"async\" width=\"1024\" height=\"768\" data-attachment-id=\"4154\" data-permalink=\"https:\/\/www.intellectualsovereignty.ch\/index.php\/2021\/10\/02\/hike75-gruetschalp-lobhornhuette-sulwald\/img_4777\/\" data-orig-file=\"https:\/\/www.intellectualsovereignty.ch\/wp-content\/uploads\/2021\/10\/IMG_4777-scaled.jpeg\" data-orig-size=\"2560,1920\" data-comments-opened=\"0\" data-image-title=\"IMG_4777\" data-image-description=\"\" data-image-caption=\"\" data-large-file=\"https:\/\/www.intellectualsovereignty.ch\/wp-content\/uploads\/2021\/10\/IMG_4777-1024x768.jpeg\" src=\"https:\/\/www.intellectualsovereignty.ch\/wp-content\/uploads\/2021\/10\/IMG_4777-1024x768.jpeg\" alt=\"\" data-id=\"4154\" data-full-url=\"https:\/\/www.intellectualsovereignty.ch\/wp-content\/uploads\/2021\/10\/IMG_4777-scaled.jpeg\" data-link=\"https:\/\/www.intellectualsovereignty.ch\/?attachment_id=4154\" class=\"wp-image-4154\" srcset=\"https:\/\/www.intellectualsovereignty.ch\/wp-content\/uploads\/2021\/10\/IMG_4777-1024x768.jpeg 1024w, https:\/\/www.intellectualsovereignty.ch\/wp-content\/uploads\/2021\/10\/IMG_4777-300x225.jpeg 300w, https:\/\/www.intellectualsovereignty.ch\/wp-content\/uploads\/2021\/10\/IMG_4777-768x576.jpeg 768w, https:\/\/www.intellectualsovereignty.ch\/wp-content\/uploads\/2021\/10\/IMG_4777-1536x1152.jpeg 1536w, https:\/\/www.intellectualsovereignty.ch\/wp-content\/uploads\/2021\/10\/IMG_4777-2048x1536.jpeg 2048w, https:\/\/www.intellectualsovereignty.ch\/wp-content\/uploads\/2021\/10\/IMG_4777-1870x1403.jpeg 1870w, https:\/\/www.intellectualsovereignty.ch\/wp-content\/uploads\/2021\/10\/IMG_4777-400x300.jpeg 400w, https:\/\/www.intellectualsovereignty.ch\/wp-content\/uploads\/2021\/10\/IMG_4777-800x600.jpeg 800w\" sizes=\"auto, (max-width: 1024px) 100vw, 1024px\" \/><\/figure><\/li><li class=\"blocks-gallery-item\"><figure><img loading=\"lazy\" decoding=\"async\" width=\"1024\" height=\"768\" data-attachment-id=\"4155\" data-permalink=\"https:\/\/www.intellectualsovereignty.ch\/index.php\/2021\/10\/02\/hike75-gruetschalp-lobhornhuette-sulwald\/img_4778\/\" data-orig-file=\"https:\/\/www.intellectualsovereignty.ch\/wp-content\/uploads\/2021\/10\/IMG_4778-scaled.jpeg\" data-orig-size=\"2560,1920\" data-comments-opened=\"0\" data-image-title=\"IMG_4778\" data-image-description=\"\" data-image-caption=\"\" data-large-file=\"https:\/\/www.intellectualsovereignty.ch\/wp-content\/uploads\/2021\/10\/IMG_4778-1024x768.jpeg\" src=\"https:\/\/www.intellectualsovereignty.ch\/wp-content\/uploads\/2021\/10\/IMG_4778-1024x768.jpeg\" alt=\"\" data-id=\"4155\" data-full-url=\"https:\/\/www.intellectualsovereignty.ch\/wp-content\/uploads\/2021\/10\/IMG_4778-scaled.jpeg\" data-link=\"https:\/\/www.intellectualsovereignty.ch\/?attachment_id=4155\" class=\"wp-image-4155\" srcset=\"https:\/\/www.intellectualsovereignty.ch\/wp-content\/uploads\/2021\/10\/IMG_4778-1024x768.jpeg 1024w, https:\/\/www.intellectualsovereignty.ch\/wp-content\/uploads\/2021\/10\/IMG_4778-300x225.jpeg 300w, https:\/\/www.intellectualsovereignty.ch\/wp-content\/uploads\/2021\/10\/IMG_4778-768x576.jpeg 768w, https:\/\/www.intellectualsovereignty.ch\/wp-content\/uploads\/2021\/10\/IMG_4778-1536x1152.jpeg 1536w, https:\/\/www.intellectualsovereignty.ch\/wp-content\/uploads\/2021\/10\/IMG_4778-2048x1536.jpeg 2048w, https:\/\/www.intellectualsovereignty.ch\/wp-content\/uploads\/2021\/10\/IMG_4778-1870x1403.jpeg 1870w, https:\/\/www.intellectualsovereignty.ch\/wp-content\/uploads\/2021\/10\/IMG_4778-400x300.jpeg 400w, https:\/\/www.intellectualsovereignty.ch\/wp-content\/uploads\/2021\/10\/IMG_4778-800x600.jpeg 800w\" sizes=\"auto, (max-width: 1024px) 100vw, 1024px\" \/><\/figure><\/li><li class=\"blocks-gallery-item\"><figure><img loading=\"lazy\" decoding=\"async\" width=\"1024\" height=\"768\" data-attachment-id=\"4156\" data-permalink=\"https:\/\/www.intellectualsovereignty.ch\/index.php\/2021\/10\/02\/hike75-gruetschalp-lobhornhuette-sulwald\/img_4779\/\" data-orig-file=\"https:\/\/www.intellectualsovereignty.ch\/wp-content\/uploads\/2021\/10\/IMG_4779-scaled.jpeg\" data-orig-size=\"2560,1920\" data-comments-opened=\"0\" data-image-title=\"IMG_4779\" data-image-description=\"\" data-image-caption=\"\" data-large-file=\"https:\/\/www.intellectualsovereignty.ch\/wp-content\/uploads\/2021\/10\/IMG_4779-1024x768.jpeg\" src=\"https:\/\/www.intellectualsovereignty.ch\/wp-content\/uploads\/2021\/10\/IMG_4779-1024x768.jpeg\" alt=\"\" data-id=\"4156\" data-full-url=\"https:\/\/www.intellectualsovereignty.ch\/wp-content\/uploads\/2021\/10\/IMG_4779-scaled.jpeg\" data-link=\"https:\/\/www.intellectualsovereignty.ch\/?attachment_id=4156\" class=\"wp-image-4156\" srcset=\"https:\/\/www.intellectualsovereignty.ch\/wp-content\/uploads\/2021\/10\/IMG_4779-1024x768.jpeg 1024w, https:\/\/www.intellectualsovereignty.ch\/wp-content\/uploads\/2021\/10\/IMG_4779-300x225.jpeg 300w, https:\/\/www.intellectualsovereignty.ch\/wp-content\/uploads\/2021\/10\/IMG_4779-768x576.jpeg 768w, https:\/\/www.intellectualsovereignty.ch\/wp-content\/uploads\/2021\/10\/IMG_4779-1536x1152.jpeg 1536w, https:\/\/www.intellectualsovereignty.ch\/wp-content\/uploads\/2021\/10\/IMG_4779-2048x1536.jpeg 2048w, https:\/\/www.intellectualsovereignty.ch\/wp-content\/uploads\/2021\/10\/IMG_4779-1870x1403.jpeg 1870w, https:\/\/www.intellectualsovereignty.ch\/wp-content\/uploads\/2021\/10\/IMG_4779-400x300.jpeg 400w, https:\/\/www.intellectualsovereignty.ch\/wp-content\/uploads\/2021\/10\/IMG_4779-800x600.jpeg 800w\" sizes=\"auto, (max-width: 1024px) 100vw, 1024px\" \/><\/figure><\/li><li class=\"blocks-gallery-item\"><figure><img loading=\"lazy\" decoding=\"async\" width=\"1024\" height=\"576\" data-attachment-id=\"4157\" data-permalink=\"https:\/\/www.intellectualsovereignty.ch\/index.php\/2021\/10\/02\/hike75-gruetschalp-lobhornhuette-sulwald\/img_4780\/\" data-orig-file=\"https:\/\/www.intellectualsovereignty.ch\/wp-content\/uploads\/2021\/10\/IMG_4780.png\" data-orig-size=\"1334,750\" data-comments-opened=\"0\" data-image-title=\"IMG_4780\" data-image-description=\"\" data-image-caption=\"\" data-large-file=\"https:\/\/www.intellectualsovereignty.ch\/wp-content\/uploads\/2021\/10\/IMG_4780-1024x576.png\" src=\"https:\/\/www.intellectualsovereignty.ch\/wp-content\/uploads\/2021\/10\/IMG_4780-1024x576.png\" alt=\"\" data-id=\"4157\" data-full-url=\"https:\/\/www.intellectualsovereignty.ch\/wp-content\/uploads\/2021\/10\/IMG_4780.png\" data-link=\"https:\/\/www.intellectualsovereignty.ch\/?attachment_id=4157\" class=\"wp-image-4157\" srcset=\"https:\/\/www.intellectualsovereignty.ch\/wp-content\/uploads\/2021\/10\/IMG_4780-1024x576.png 1024w, https:\/\/www.intellectualsovereignty.ch\/wp-content\/uploads\/2021\/10\/IMG_4780-300x169.png 300w, https:\/\/www.intellectualsovereignty.ch\/wp-content\/uploads\/2021\/10\/IMG_4780-768x432.png 768w, https:\/\/www.intellectualsovereignty.ch\/wp-content\/uploads\/2021\/10\/IMG_4780-400x225.png 400w, https:\/\/www.intellectualsovereignty.ch\/wp-content\/uploads\/2021\/10\/IMG_4780-800x450.png 800w, https:\/\/www.intellectualsovereignty.ch\/wp-content\/uploads\/2021\/10\/IMG_4780.png 1334w\" sizes=\"auto, (max-width: 1024px) 100vw, 1024px\" \/><\/figure><\/li><\/ul><\/figure>\n\n\n\n<p class=\"wp-block-paragraph\">Nach Querung des Sousbach, wo eine neue Kraftwerksanlage entsteht, steigen wir in Richtung Naterwengli, biegen aber kurz davor rechts ab und folgen dem H\u00f6henweg bis wir den Sulsbach erreichen. Unseren Blick lassen wir abwechselnd mal zum Schilthorn und zum Dreigestirn Eiger, M\u00f6nch und Jungfrau pendeln. <\/p>\n\n\n\n<figure class=\"wp-block-gallery columns-3 is-cropped wp-block-gallery-2 is-layout-flex wp-block-gallery-is-layout-flex\"><ul class=\"blocks-gallery-grid\"><li class=\"blocks-gallery-item\"><figure><img loading=\"lazy\" decoding=\"async\" width=\"1024\" height=\"768\" data-attachment-id=\"4158\" data-permalink=\"https:\/\/www.intellectualsovereignty.ch\/index.php\/2021\/10\/02\/hike75-gruetschalp-lobhornhuette-sulwald\/img_4781\/\" data-orig-file=\"https:\/\/www.intellectualsovereignty.ch\/wp-content\/uploads\/2021\/10\/IMG_4781-scaled.jpeg\" data-orig-size=\"2560,1920\" data-comments-opened=\"0\" data-image-title=\"IMG_4781\" data-image-description=\"\" data-image-caption=\"\" data-large-file=\"https:\/\/www.intellectualsovereignty.ch\/wp-content\/uploads\/2021\/10\/IMG_4781-1024x768.jpeg\" src=\"https:\/\/www.intellectualsovereignty.ch\/wp-content\/uploads\/2021\/10\/IMG_4781-1024x768.jpeg\" alt=\"\" data-id=\"4158\" data-full-url=\"https:\/\/www.intellectualsovereignty.ch\/wp-content\/uploads\/2021\/10\/IMG_4781-scaled.jpeg\" data-link=\"https:\/\/www.intellectualsovereignty.ch\/?attachment_id=4158\" class=\"wp-image-4158\" srcset=\"https:\/\/www.intellectualsovereignty.ch\/wp-content\/uploads\/2021\/10\/IMG_4781-1024x768.jpeg 1024w, https:\/\/www.intellectualsovereignty.ch\/wp-content\/uploads\/2021\/10\/IMG_4781-300x225.jpeg 300w, https:\/\/www.intellectualsovereignty.ch\/wp-content\/uploads\/2021\/10\/IMG_4781-768x576.jpeg 768w, https:\/\/www.intellectualsovereignty.ch\/wp-content\/uploads\/2021\/10\/IMG_4781-1536x1152.jpeg 1536w, https:\/\/www.intellectualsovereignty.ch\/wp-content\/uploads\/2021\/10\/IMG_4781-2048x1536.jpeg 2048w, https:\/\/www.intellectualsovereignty.ch\/wp-content\/uploads\/2021\/10\/IMG_4781-1870x1403.jpeg 1870w, https:\/\/www.intellectualsovereignty.ch\/wp-content\/uploads\/2021\/10\/IMG_4781-400x300.jpeg 400w, https:\/\/www.intellectualsovereignty.ch\/wp-content\/uploads\/2021\/10\/IMG_4781-800x600.jpeg 800w\" sizes=\"auto, (max-width: 1024px) 100vw, 1024px\" \/><\/figure><\/li><li class=\"blocks-gallery-item\"><figure><img loading=\"lazy\" decoding=\"async\" width=\"1024\" height=\"310\" data-attachment-id=\"4159\" data-permalink=\"https:\/\/www.intellectualsovereignty.ch\/index.php\/2021\/10\/02\/hike75-gruetschalp-lobhornhuette-sulwald\/img_4782\/\" data-orig-file=\"https:\/\/www.intellectualsovereignty.ch\/wp-content\/uploads\/2021\/10\/IMG_4782-scaled.jpeg\" data-orig-size=\"2560,775\" data-comments-opened=\"0\" data-image-title=\"IMG_4782\" data-image-description=\"\" data-image-caption=\"\" data-large-file=\"https:\/\/www.intellectualsovereignty.ch\/wp-content\/uploads\/2021\/10\/IMG_4782-1024x310.jpeg\" src=\"https:\/\/www.intellectualsovereignty.ch\/wp-content\/uploads\/2021\/10\/IMG_4782-1024x310.jpeg\" alt=\"\" data-id=\"4159\" data-full-url=\"https:\/\/www.intellectualsovereignty.ch\/wp-content\/uploads\/2021\/10\/IMG_4782-scaled.jpeg\" data-link=\"https:\/\/www.intellectualsovereignty.ch\/?attachment_id=4159\" class=\"wp-image-4159\" srcset=\"https:\/\/www.intellectualsovereignty.ch\/wp-content\/uploads\/2021\/10\/IMG_4782-1024x310.jpeg 1024w, https:\/\/www.intellectualsovereignty.ch\/wp-content\/uploads\/2021\/10\/IMG_4782-300x91.jpeg 300w, https:\/\/www.intellectualsovereignty.ch\/wp-content\/uploads\/2021\/10\/IMG_4782-768x233.jpeg 768w, https:\/\/www.intellectualsovereignty.ch\/wp-content\/uploads\/2021\/10\/IMG_4782-1536x465.jpeg 1536w, https:\/\/www.intellectualsovereignty.ch\/wp-content\/uploads\/2021\/10\/IMG_4782-2048x620.jpeg 2048w, https:\/\/www.intellectualsovereignty.ch\/wp-content\/uploads\/2021\/10\/IMG_4782-1870x566.jpeg 1870w, https:\/\/www.intellectualsovereignty.ch\/wp-content\/uploads\/2021\/10\/IMG_4782-400x121.jpeg 400w, https:\/\/www.intellectualsovereignty.ch\/wp-content\/uploads\/2021\/10\/IMG_4782-800x242.jpeg 800w\" sizes=\"auto, (max-width: 1024px) 100vw, 1024px\" \/><\/figure><\/li><li class=\"blocks-gallery-item\"><figure><img loading=\"lazy\" decoding=\"async\" width=\"1024\" height=\"768\" data-attachment-id=\"4160\" data-permalink=\"https:\/\/www.intellectualsovereignty.ch\/index.php\/2021\/10\/02\/hike75-gruetschalp-lobhornhuette-sulwald\/img_4783\/\" data-orig-file=\"https:\/\/www.intellectualsovereignty.ch\/wp-content\/uploads\/2021\/10\/IMG_4783-scaled.jpeg\" data-orig-size=\"2560,1920\" data-comments-opened=\"0\" data-image-title=\"IMG_4783\" data-image-description=\"\" data-image-caption=\"\" data-large-file=\"https:\/\/www.intellectualsovereignty.ch\/wp-content\/uploads\/2021\/10\/IMG_4783-1024x768.jpeg\" src=\"https:\/\/www.intellectualsovereignty.ch\/wp-content\/uploads\/2021\/10\/IMG_4783-1024x768.jpeg\" alt=\"\" data-id=\"4160\" data-full-url=\"https:\/\/www.intellectualsovereignty.ch\/wp-content\/uploads\/2021\/10\/IMG_4783-scaled.jpeg\" data-link=\"https:\/\/www.intellectualsovereignty.ch\/?attachment_id=4160\" class=\"wp-image-4160\" srcset=\"https:\/\/www.intellectualsovereignty.ch\/wp-content\/uploads\/2021\/10\/IMG_4783-1024x768.jpeg 1024w, https:\/\/www.intellectualsovereignty.ch\/wp-content\/uploads\/2021\/10\/IMG_4783-300x225.jpeg 300w, https:\/\/www.intellectualsovereignty.ch\/wp-content\/uploads\/2021\/10\/IMG_4783-768x576.jpeg 768w, https:\/\/www.intellectualsovereignty.ch\/wp-content\/uploads\/2021\/10\/IMG_4783-1536x1152.jpeg 1536w, https:\/\/www.intellectualsovereignty.ch\/wp-content\/uploads\/2021\/10\/IMG_4783-2048x1536.jpeg 2048w, https:\/\/www.intellectualsovereignty.ch\/wp-content\/uploads\/2021\/10\/IMG_4783-1870x1403.jpeg 1870w, https:\/\/www.intellectualsovereignty.ch\/wp-content\/uploads\/2021\/10\/IMG_4783-400x300.jpeg 400w, https:\/\/www.intellectualsovereignty.ch\/wp-content\/uploads\/2021\/10\/IMG_4783-800x600.jpeg 800w\" sizes=\"auto, (max-width: 1024px) 100vw, 1024px\" \/><\/figure><\/li><li class=\"blocks-gallery-item\"><figure><img loading=\"lazy\" decoding=\"async\" width=\"1024\" height=\"768\" data-attachment-id=\"4161\" data-permalink=\"https:\/\/www.intellectualsovereignty.ch\/index.php\/2021\/10\/02\/hike75-gruetschalp-lobhornhuette-sulwald\/img_4784\/\" data-orig-file=\"https:\/\/www.intellectualsovereignty.ch\/wp-content\/uploads\/2021\/10\/IMG_4784-scaled.jpeg\" data-orig-size=\"2560,1920\" data-comments-opened=\"0\" data-image-title=\"IMG_4784\" data-image-description=\"\" data-image-caption=\"\" data-large-file=\"https:\/\/www.intellectualsovereignty.ch\/wp-content\/uploads\/2021\/10\/IMG_4784-1024x768.jpeg\" src=\"https:\/\/www.intellectualsovereignty.ch\/wp-content\/uploads\/2021\/10\/IMG_4784-1024x768.jpeg\" alt=\"\" data-id=\"4161\" data-full-url=\"https:\/\/www.intellectualsovereignty.ch\/wp-content\/uploads\/2021\/10\/IMG_4784-scaled.jpeg\" data-link=\"https:\/\/www.intellectualsovereignty.ch\/?attachment_id=4161\" class=\"wp-image-4161\" srcset=\"https:\/\/www.intellectualsovereignty.ch\/wp-content\/uploads\/2021\/10\/IMG_4784-1024x768.jpeg 1024w, https:\/\/www.intellectualsovereignty.ch\/wp-content\/uploads\/2021\/10\/IMG_4784-300x225.jpeg 300w, https:\/\/www.intellectualsovereignty.ch\/wp-content\/uploads\/2021\/10\/IMG_4784-768x576.jpeg 768w, https:\/\/www.intellectualsovereignty.ch\/wp-content\/uploads\/2021\/10\/IMG_4784-1536x1152.jpeg 1536w, https:\/\/www.intellectualsovereignty.ch\/wp-content\/uploads\/2021\/10\/IMG_4784-2048x1536.jpeg 2048w, https:\/\/www.intellectualsovereignty.ch\/wp-content\/uploads\/2021\/10\/IMG_4784-1870x1403.jpeg 1870w, https:\/\/www.intellectualsovereignty.ch\/wp-content\/uploads\/2021\/10\/IMG_4784-400x300.jpeg 400w, https:\/\/www.intellectualsovereignty.ch\/wp-content\/uploads\/2021\/10\/IMG_4784-800x600.jpeg 800w\" sizes=\"auto, (max-width: 1024px) 100vw, 1024px\" \/><\/figure><\/li><li class=\"blocks-gallery-item\"><figure><img loading=\"lazy\" decoding=\"async\" width=\"768\" height=\"1024\" data-attachment-id=\"4162\" data-permalink=\"https:\/\/www.intellectualsovereignty.ch\/index.php\/2021\/10\/02\/hike75-gruetschalp-lobhornhuette-sulwald\/img_4785\/\" data-orig-file=\"https:\/\/www.intellectualsovereignty.ch\/wp-content\/uploads\/2021\/10\/IMG_4785-scaled.jpeg\" data-orig-size=\"1920,2560\" data-comments-opened=\"0\" data-image-title=\"IMG_4785\" data-image-description=\"\" data-image-caption=\"\" data-large-file=\"https:\/\/www.intellectualsovereignty.ch\/wp-content\/uploads\/2021\/10\/IMG_4785-768x1024.jpeg\" src=\"https:\/\/www.intellectualsovereignty.ch\/wp-content\/uploads\/2021\/10\/IMG_4785-768x1024.jpeg\" alt=\"\" data-id=\"4162\" data-full-url=\"https:\/\/www.intellectualsovereignty.ch\/wp-content\/uploads\/2021\/10\/IMG_4785-scaled.jpeg\" data-link=\"https:\/\/www.intellectualsovereignty.ch\/?attachment_id=4162\" class=\"wp-image-4162\" srcset=\"https:\/\/www.intellectualsovereignty.ch\/wp-content\/uploads\/2021\/10\/IMG_4785-768x1024.jpeg 768w, https:\/\/www.intellectualsovereignty.ch\/wp-content\/uploads\/2021\/10\/IMG_4785-225x300.jpeg 225w, https:\/\/www.intellectualsovereignty.ch\/wp-content\/uploads\/2021\/10\/IMG_4785-1152x1536.jpeg 1152w, https:\/\/www.intellectualsovereignty.ch\/wp-content\/uploads\/2021\/10\/IMG_4785-1536x2048.jpeg 1536w, https:\/\/www.intellectualsovereignty.ch\/wp-content\/uploads\/2021\/10\/IMG_4785-1870x2493.jpeg 1870w, https:\/\/www.intellectualsovereignty.ch\/wp-content\/uploads\/2021\/10\/IMG_4785-400x533.jpeg 400w, https:\/\/www.intellectualsovereignty.ch\/wp-content\/uploads\/2021\/10\/IMG_4785-800x1067.jpeg 800w, https:\/\/www.intellectualsovereignty.ch\/wp-content\/uploads\/2021\/10\/IMG_4785-scaled.jpeg 1920w\" sizes=\"auto, (max-width: 768px) 100vw, 768px\" \/><\/figure><\/li><li class=\"blocks-gallery-item\"><figure><img loading=\"lazy\" decoding=\"async\" width=\"1024\" height=\"768\" data-attachment-id=\"4163\" data-permalink=\"https:\/\/www.intellectualsovereignty.ch\/index.php\/2021\/10\/02\/hike75-gruetschalp-lobhornhuette-sulwald\/img_4786\/\" data-orig-file=\"https:\/\/www.intellectualsovereignty.ch\/wp-content\/uploads\/2021\/10\/IMG_4786-scaled.jpeg\" data-orig-size=\"2560,1920\" data-comments-opened=\"0\" data-image-title=\"IMG_4786\" data-image-description=\"\" data-image-caption=\"\" data-large-file=\"https:\/\/www.intellectualsovereignty.ch\/wp-content\/uploads\/2021\/10\/IMG_4786-1024x768.jpeg\" src=\"https:\/\/www.intellectualsovereignty.ch\/wp-content\/uploads\/2021\/10\/IMG_4786-1024x768.jpeg\" alt=\"\" data-id=\"4163\" data-full-url=\"https:\/\/www.intellectualsovereignty.ch\/wp-content\/uploads\/2021\/10\/IMG_4786-scaled.jpeg\" data-link=\"https:\/\/www.intellectualsovereignty.ch\/?attachment_id=4163\" class=\"wp-image-4163\" srcset=\"https:\/\/www.intellectualsovereignty.ch\/wp-content\/uploads\/2021\/10\/IMG_4786-1024x768.jpeg 1024w, https:\/\/www.intellectualsovereignty.ch\/wp-content\/uploads\/2021\/10\/IMG_4786-300x225.jpeg 300w, https:\/\/www.intellectualsovereignty.ch\/wp-content\/uploads\/2021\/10\/IMG_4786-768x576.jpeg 768w, https:\/\/www.intellectualsovereignty.ch\/wp-content\/uploads\/2021\/10\/IMG_4786-1536x1152.jpeg 1536w, https:\/\/www.intellectualsovereignty.ch\/wp-content\/uploads\/2021\/10\/IMG_4786-2048x1536.jpeg 2048w, https:\/\/www.intellectualsovereignty.ch\/wp-content\/uploads\/2021\/10\/IMG_4786-1870x1403.jpeg 1870w, https:\/\/www.intellectualsovereignty.ch\/wp-content\/uploads\/2021\/10\/IMG_4786-400x300.jpeg 400w, https:\/\/www.intellectualsovereignty.ch\/wp-content\/uploads\/2021\/10\/IMG_4786-800x600.jpeg 800w\" sizes=\"auto, (max-width: 1024px) 100vw, 1024px\" \/><\/figure><\/li><li class=\"blocks-gallery-item\"><figure><img loading=\"lazy\" decoding=\"async\" width=\"1024\" height=\"768\" data-attachment-id=\"4164\" data-permalink=\"https:\/\/www.intellectualsovereignty.ch\/index.php\/2021\/10\/02\/hike75-gruetschalp-lobhornhuette-sulwald\/img_4787\/\" data-orig-file=\"https:\/\/www.intellectualsovereignty.ch\/wp-content\/uploads\/2021\/10\/IMG_4787-scaled.jpeg\" data-orig-size=\"2560,1920\" data-comments-opened=\"0\" data-image-title=\"IMG_4787\" data-image-description=\"\" data-image-caption=\"\" data-large-file=\"https:\/\/www.intellectualsovereignty.ch\/wp-content\/uploads\/2021\/10\/IMG_4787-1024x768.jpeg\" src=\"https:\/\/www.intellectualsovereignty.ch\/wp-content\/uploads\/2021\/10\/IMG_4787-1024x768.jpeg\" alt=\"\" data-id=\"4164\" data-full-url=\"https:\/\/www.intellectualsovereignty.ch\/wp-content\/uploads\/2021\/10\/IMG_4787-scaled.jpeg\" data-link=\"https:\/\/www.intellectualsovereignty.ch\/?attachment_id=4164\" class=\"wp-image-4164\" srcset=\"https:\/\/www.intellectualsovereignty.ch\/wp-content\/uploads\/2021\/10\/IMG_4787-1024x768.jpeg 1024w, https:\/\/www.intellectualsovereignty.ch\/wp-content\/uploads\/2021\/10\/IMG_4787-300x225.jpeg 300w, https:\/\/www.intellectualsovereignty.ch\/wp-content\/uploads\/2021\/10\/IMG_4787-768x576.jpeg 768w, https:\/\/www.intellectualsovereignty.ch\/wp-content\/uploads\/2021\/10\/IMG_4787-1536x1152.jpeg 1536w, https:\/\/www.intellectualsovereignty.ch\/wp-content\/uploads\/2021\/10\/IMG_4787-2048x1536.jpeg 2048w, https:\/\/www.intellectualsovereignty.ch\/wp-content\/uploads\/2021\/10\/IMG_4787-1870x1403.jpeg 1870w, https:\/\/www.intellectualsovereignty.ch\/wp-content\/uploads\/2021\/10\/IMG_4787-400x300.jpeg 400w, https:\/\/www.intellectualsovereignty.ch\/wp-content\/uploads\/2021\/10\/IMG_4787-800x600.jpeg 800w\" sizes=\"auto, (max-width: 1024px) 100vw, 1024px\" \/><\/figure><\/li><li class=\"blocks-gallery-item\"><figure><img loading=\"lazy\" decoding=\"async\" width=\"1024\" height=\"768\" data-attachment-id=\"4165\" data-permalink=\"https:\/\/www.intellectualsovereignty.ch\/index.php\/2021\/10\/02\/hike75-gruetschalp-lobhornhuette-sulwald\/img_4788\/\" data-orig-file=\"https:\/\/www.intellectualsovereignty.ch\/wp-content\/uploads\/2021\/10\/IMG_4788-scaled.jpeg\" data-orig-size=\"2560,1920\" data-comments-opened=\"0\" data-image-title=\"IMG_4788\" data-image-description=\"\" data-image-caption=\"\" data-large-file=\"https:\/\/www.intellectualsovereignty.ch\/wp-content\/uploads\/2021\/10\/IMG_4788-1024x768.jpeg\" src=\"https:\/\/www.intellectualsovereignty.ch\/wp-content\/uploads\/2021\/10\/IMG_4788-1024x768.jpeg\" alt=\"\" data-id=\"4165\" data-full-url=\"https:\/\/www.intellectualsovereignty.ch\/wp-content\/uploads\/2021\/10\/IMG_4788-scaled.jpeg\" data-link=\"https:\/\/www.intellectualsovereignty.ch\/?attachment_id=4165\" class=\"wp-image-4165\" srcset=\"https:\/\/www.intellectualsovereignty.ch\/wp-content\/uploads\/2021\/10\/IMG_4788-1024x768.jpeg 1024w, https:\/\/www.intellectualsovereignty.ch\/wp-content\/uploads\/2021\/10\/IMG_4788-300x225.jpeg 300w, https:\/\/www.intellectualsovereignty.ch\/wp-content\/uploads\/2021\/10\/IMG_4788-768x576.jpeg 768w, https:\/\/www.intellectualsovereignty.ch\/wp-content\/uploads\/2021\/10\/IMG_4788-1536x1152.jpeg 1536w, https:\/\/www.intellectualsovereignty.ch\/wp-content\/uploads\/2021\/10\/IMG_4788-2048x1536.jpeg 2048w, https:\/\/www.intellectualsovereignty.ch\/wp-content\/uploads\/2021\/10\/IMG_4788-1870x1403.jpeg 1870w, https:\/\/www.intellectualsovereignty.ch\/wp-content\/uploads\/2021\/10\/IMG_4788-400x300.jpeg 400w, https:\/\/www.intellectualsovereignty.ch\/wp-content\/uploads\/2021\/10\/IMG_4788-800x600.jpeg 800w\" sizes=\"auto, (max-width: 1024px) 100vw, 1024px\" \/><\/figure><\/li><li class=\"blocks-gallery-item\"><figure><img loading=\"lazy\" decoding=\"async\" width=\"1024\" height=\"332\" data-attachment-id=\"4166\" data-permalink=\"https:\/\/www.intellectualsovereignty.ch\/index.php\/2021\/10\/02\/hike75-gruetschalp-lobhornhuette-sulwald\/img_4789\/\" data-orig-file=\"https:\/\/www.intellectualsovereignty.ch\/wp-content\/uploads\/2021\/10\/IMG_4789-scaled.jpeg\" data-orig-size=\"2560,829\" data-comments-opened=\"0\" data-image-title=\"IMG_4789\" data-image-description=\"\" data-image-caption=\"\" data-large-file=\"https:\/\/www.intellectualsovereignty.ch\/wp-content\/uploads\/2021\/10\/IMG_4789-1024x332.jpeg\" src=\"https:\/\/www.intellectualsovereignty.ch\/wp-content\/uploads\/2021\/10\/IMG_4789-1024x332.jpeg\" alt=\"\" data-id=\"4166\" data-full-url=\"https:\/\/www.intellectualsovereignty.ch\/wp-content\/uploads\/2021\/10\/IMG_4789-scaled.jpeg\" data-link=\"https:\/\/www.intellectualsovereignty.ch\/?attachment_id=4166\" class=\"wp-image-4166\" srcset=\"https:\/\/www.intellectualsovereignty.ch\/wp-content\/uploads\/2021\/10\/IMG_4789-1024x332.jpeg 1024w, https:\/\/www.intellectualsovereignty.ch\/wp-content\/uploads\/2021\/10\/IMG_4789-300x97.jpeg 300w, https:\/\/www.intellectualsovereignty.ch\/wp-content\/uploads\/2021\/10\/IMG_4789-768x249.jpeg 768w, https:\/\/www.intellectualsovereignty.ch\/wp-content\/uploads\/2021\/10\/IMG_4789-1536x497.jpeg 1536w, https:\/\/www.intellectualsovereignty.ch\/wp-content\/uploads\/2021\/10\/IMG_4789-2048x663.jpeg 2048w, https:\/\/www.intellectualsovereignty.ch\/wp-content\/uploads\/2021\/10\/IMG_4789-1870x605.jpeg 1870w, https:\/\/www.intellectualsovereignty.ch\/wp-content\/uploads\/2021\/10\/IMG_4789-400x130.jpeg 400w, https:\/\/www.intellectualsovereignty.ch\/wp-content\/uploads\/2021\/10\/IMG_4789-800x259.jpeg 800w\" sizes=\"auto, (max-width: 1024px) 100vw, 1024px\" \/><\/figure><\/li><li class=\"blocks-gallery-item\"><figure><img loading=\"lazy\" decoding=\"async\" width=\"768\" height=\"1024\" data-attachment-id=\"4167\" data-permalink=\"https:\/\/www.intellectualsovereignty.ch\/index.php\/2021\/10\/02\/hike75-gruetschalp-lobhornhuette-sulwald\/img_4790\/\" data-orig-file=\"https:\/\/www.intellectualsovereignty.ch\/wp-content\/uploads\/2021\/10\/IMG_4790-scaled.jpeg\" data-orig-size=\"1920,2560\" data-comments-opened=\"0\" data-image-title=\"IMG_4790\" data-image-description=\"\" data-image-caption=\"\" data-large-file=\"https:\/\/www.intellectualsovereignty.ch\/wp-content\/uploads\/2021\/10\/IMG_4790-768x1024.jpeg\" src=\"https:\/\/www.intellectualsovereignty.ch\/wp-content\/uploads\/2021\/10\/IMG_4790-768x1024.jpeg\" alt=\"\" data-id=\"4167\" data-full-url=\"https:\/\/www.intellectualsovereignty.ch\/wp-content\/uploads\/2021\/10\/IMG_4790-scaled.jpeg\" data-link=\"https:\/\/www.intellectualsovereignty.ch\/?attachment_id=4167\" class=\"wp-image-4167\" srcset=\"https:\/\/www.intellectualsovereignty.ch\/wp-content\/uploads\/2021\/10\/IMG_4790-768x1024.jpeg 768w, https:\/\/www.intellectualsovereignty.ch\/wp-content\/uploads\/2021\/10\/IMG_4790-225x300.jpeg 225w, https:\/\/www.intellectualsovereignty.ch\/wp-content\/uploads\/2021\/10\/IMG_4790-1152x1536.jpeg 1152w, https:\/\/www.intellectualsovereignty.ch\/wp-content\/uploads\/2021\/10\/IMG_4790-1536x2048.jpeg 1536w, https:\/\/www.intellectualsovereignty.ch\/wp-content\/uploads\/2021\/10\/IMG_4790-1870x2493.jpeg 1870w, https:\/\/www.intellectualsovereignty.ch\/wp-content\/uploads\/2021\/10\/IMG_4790-400x533.jpeg 400w, https:\/\/www.intellectualsovereignty.ch\/wp-content\/uploads\/2021\/10\/IMG_4790-800x1067.jpeg 800w, https:\/\/www.intellectualsovereignty.ch\/wp-content\/uploads\/2021\/10\/IMG_4790-scaled.jpeg 1920w\" sizes=\"auto, (max-width: 768px) 100vw, 768px\" \/><\/figure><\/li><\/ul><\/figure>\n\n\n\n<p class=\"wp-block-paragraph\">Von der Alp Suls geht es kurz hoch zum Sulsseewli, wo wir rasten und Kuchen essen. Ich bin besonder von den Gesteinsformationen und dem Blick zu den Lobh\u00f6rnern  angetan!<\/p>\n\n\n\n<figure class=\"wp-block-gallery columns-3 is-cropped wp-block-gallery-3 is-layout-flex wp-block-gallery-is-layout-flex\"><ul class=\"blocks-gallery-grid\"><li class=\"blocks-gallery-item\"><figure><img loading=\"lazy\" decoding=\"async\" width=\"1024\" height=\"768\" data-attachment-id=\"4168\" data-permalink=\"https:\/\/www.intellectualsovereignty.ch\/index.php\/2021\/10\/02\/hike75-gruetschalp-lobhornhuette-sulwald\/img_4791\/\" data-orig-file=\"https:\/\/www.intellectualsovereignty.ch\/wp-content\/uploads\/2021\/10\/IMG_4791-scaled.jpeg\" data-orig-size=\"2560,1920\" data-comments-opened=\"0\" data-image-title=\"IMG_4791\" data-image-description=\"\" data-image-caption=\"\" data-large-file=\"https:\/\/www.intellectualsovereignty.ch\/wp-content\/uploads\/2021\/10\/IMG_4791-1024x768.jpeg\" src=\"https:\/\/www.intellectualsovereignty.ch\/wp-content\/uploads\/2021\/10\/IMG_4791-1024x768.jpeg\" alt=\"\" data-id=\"4168\" data-full-url=\"https:\/\/www.intellectualsovereignty.ch\/wp-content\/uploads\/2021\/10\/IMG_4791-scaled.jpeg\" data-link=\"https:\/\/www.intellectualsovereignty.ch\/?attachment_id=4168\" class=\"wp-image-4168\" srcset=\"https:\/\/www.intellectualsovereignty.ch\/wp-content\/uploads\/2021\/10\/IMG_4791-1024x768.jpeg 1024w, https:\/\/www.intellectualsovereignty.ch\/wp-content\/uploads\/2021\/10\/IMG_4791-300x225.jpeg 300w, https:\/\/www.intellectualsovereignty.ch\/wp-content\/uploads\/2021\/10\/IMG_4791-768x576.jpeg 768w, https:\/\/www.intellectualsovereignty.ch\/wp-content\/uploads\/2021\/10\/IMG_4791-1536x1152.jpeg 1536w, https:\/\/www.intellectualsovereignty.ch\/wp-content\/uploads\/2021\/10\/IMG_4791-2048x1536.jpeg 2048w, https:\/\/www.intellectualsovereignty.ch\/wp-content\/uploads\/2021\/10\/IMG_4791-1870x1403.jpeg 1870w, https:\/\/www.intellectualsovereignty.ch\/wp-content\/uploads\/2021\/10\/IMG_4791-400x300.jpeg 400w, https:\/\/www.intellectualsovereignty.ch\/wp-content\/uploads\/2021\/10\/IMG_4791-800x600.jpeg 800w\" sizes=\"auto, (max-width: 1024px) 100vw, 1024px\" \/><\/figure><\/li><li class=\"blocks-gallery-item\"><figure><img loading=\"lazy\" decoding=\"async\" width=\"1024\" height=\"356\" data-attachment-id=\"4169\" data-permalink=\"https:\/\/www.intellectualsovereignty.ch\/index.php\/2021\/10\/02\/hike75-gruetschalp-lobhornhuette-sulwald\/img_4792\/\" data-orig-file=\"https:\/\/www.intellectualsovereignty.ch\/wp-content\/uploads\/2021\/10\/IMG_4792-scaled.jpeg\" data-orig-size=\"2560,889\" data-comments-opened=\"0\" data-image-title=\"IMG_4792\" data-image-description=\"\" data-image-caption=\"\" data-large-file=\"https:\/\/www.intellectualsovereignty.ch\/wp-content\/uploads\/2021\/10\/IMG_4792-1024x356.jpeg\" src=\"https:\/\/www.intellectualsovereignty.ch\/wp-content\/uploads\/2021\/10\/IMG_4792-1024x356.jpeg\" alt=\"\" data-id=\"4169\" data-full-url=\"https:\/\/www.intellectualsovereignty.ch\/wp-content\/uploads\/2021\/10\/IMG_4792-scaled.jpeg\" data-link=\"https:\/\/www.intellectualsovereignty.ch\/?attachment_id=4169\" class=\"wp-image-4169\" srcset=\"https:\/\/www.intellectualsovereignty.ch\/wp-content\/uploads\/2021\/10\/IMG_4792-1024x356.jpeg 1024w, https:\/\/www.intellectualsovereignty.ch\/wp-content\/uploads\/2021\/10\/IMG_4792-300x104.jpeg 300w, https:\/\/www.intellectualsovereignty.ch\/wp-content\/uploads\/2021\/10\/IMG_4792-768x267.jpeg 768w, https:\/\/www.intellectualsovereignty.ch\/wp-content\/uploads\/2021\/10\/IMG_4792-1536x533.jpeg 1536w, https:\/\/www.intellectualsovereignty.ch\/wp-content\/uploads\/2021\/10\/IMG_4792-2048x711.jpeg 2048w, https:\/\/www.intellectualsovereignty.ch\/wp-content\/uploads\/2021\/10\/IMG_4792-1870x649.jpeg 1870w, https:\/\/www.intellectualsovereignty.ch\/wp-content\/uploads\/2021\/10\/IMG_4792-400x139.jpeg 400w, https:\/\/www.intellectualsovereignty.ch\/wp-content\/uploads\/2021\/10\/IMG_4792-800x278.jpeg 800w\" sizes=\"auto, (max-width: 1024px) 100vw, 1024px\" \/><\/figure><\/li><li class=\"blocks-gallery-item\"><figure><img loading=\"lazy\" decoding=\"async\" width=\"1024\" height=\"769\" data-attachment-id=\"4170\" data-permalink=\"https:\/\/www.intellectualsovereignty.ch\/index.php\/2021\/10\/02\/hike75-gruetschalp-lobhornhuette-sulwald\/img_4793\/\" data-orig-file=\"https:\/\/www.intellectualsovereignty.ch\/wp-content\/uploads\/2021\/10\/IMG_4793-scaled.jpeg\" data-orig-size=\"2560,1923\" data-comments-opened=\"0\" data-image-title=\"IMG_4793\" data-image-description=\"\" data-image-caption=\"\" data-large-file=\"https:\/\/www.intellectualsovereignty.ch\/wp-content\/uploads\/2021\/10\/IMG_4793-1024x769.jpeg\" src=\"https:\/\/www.intellectualsovereignty.ch\/wp-content\/uploads\/2021\/10\/IMG_4793-1024x769.jpeg\" alt=\"\" data-id=\"4170\" data-full-url=\"https:\/\/www.intellectualsovereignty.ch\/wp-content\/uploads\/2021\/10\/IMG_4793-scaled.jpeg\" data-link=\"https:\/\/www.intellectualsovereignty.ch\/?attachment_id=4170\" class=\"wp-image-4170\" srcset=\"https:\/\/www.intellectualsovereignty.ch\/wp-content\/uploads\/2021\/10\/IMG_4793-1024x769.jpeg 1024w, https:\/\/www.intellectualsovereignty.ch\/wp-content\/uploads\/2021\/10\/IMG_4793-300x225.jpeg 300w, https:\/\/www.intellectualsovereignty.ch\/wp-content\/uploads\/2021\/10\/IMG_4793-768x577.jpeg 768w, https:\/\/www.intellectualsovereignty.ch\/wp-content\/uploads\/2021\/10\/IMG_4793-1536x1154.jpeg 1536w, https:\/\/www.intellectualsovereignty.ch\/wp-content\/uploads\/2021\/10\/IMG_4793-2048x1539.jpeg 2048w, https:\/\/www.intellectualsovereignty.ch\/wp-content\/uploads\/2021\/10\/IMG_4793-1870x1405.jpeg 1870w, https:\/\/www.intellectualsovereignty.ch\/wp-content\/uploads\/2021\/10\/IMG_4793-400x301.jpeg 400w, https:\/\/www.intellectualsovereignty.ch\/wp-content\/uploads\/2021\/10\/IMG_4793-800x601.jpeg 800w\" sizes=\"auto, (max-width: 1024px) 100vw, 1024px\" \/><\/figure><\/li><li class=\"blocks-gallery-item\"><figure><img loading=\"lazy\" decoding=\"async\" width=\"768\" height=\"1024\" data-attachment-id=\"4171\" data-permalink=\"https:\/\/www.intellectualsovereignty.ch\/index.php\/2021\/10\/02\/hike75-gruetschalp-lobhornhuette-sulwald\/img_4794\/\" data-orig-file=\"https:\/\/www.intellectualsovereignty.ch\/wp-content\/uploads\/2021\/10\/IMG_4794-scaled.jpeg\" data-orig-size=\"1920,2560\" data-comments-opened=\"0\" data-image-title=\"IMG_4794\" data-image-description=\"\" data-image-caption=\"\" data-large-file=\"https:\/\/www.intellectualsovereignty.ch\/wp-content\/uploads\/2021\/10\/IMG_4794-768x1024.jpeg\" src=\"https:\/\/www.intellectualsovereignty.ch\/wp-content\/uploads\/2021\/10\/IMG_4794-768x1024.jpeg\" alt=\"\" data-id=\"4171\" data-full-url=\"https:\/\/www.intellectualsovereignty.ch\/wp-content\/uploads\/2021\/10\/IMG_4794-scaled.jpeg\" data-link=\"https:\/\/www.intellectualsovereignty.ch\/?attachment_id=4171\" class=\"wp-image-4171\" srcset=\"https:\/\/www.intellectualsovereignty.ch\/wp-content\/uploads\/2021\/10\/IMG_4794-768x1024.jpeg 768w, https:\/\/www.intellectualsovereignty.ch\/wp-content\/uploads\/2021\/10\/IMG_4794-225x300.jpeg 225w, https:\/\/www.intellectualsovereignty.ch\/wp-content\/uploads\/2021\/10\/IMG_4794-1152x1536.jpeg 1152w, https:\/\/www.intellectualsovereignty.ch\/wp-content\/uploads\/2021\/10\/IMG_4794-1536x2048.jpeg 1536w, https:\/\/www.intellectualsovereignty.ch\/wp-content\/uploads\/2021\/10\/IMG_4794-1870x2493.jpeg 1870w, https:\/\/www.intellectualsovereignty.ch\/wp-content\/uploads\/2021\/10\/IMG_4794-400x533.jpeg 400w, https:\/\/www.intellectualsovereignty.ch\/wp-content\/uploads\/2021\/10\/IMG_4794-800x1067.jpeg 800w, https:\/\/www.intellectualsovereignty.ch\/wp-content\/uploads\/2021\/10\/IMG_4794-scaled.jpeg 1920w\" sizes=\"auto, (max-width: 768px) 100vw, 768px\" \/><\/figure><\/li><li class=\"blocks-gallery-item\"><figure><img loading=\"lazy\" decoding=\"async\" width=\"768\" height=\"1024\" data-attachment-id=\"4172\" data-permalink=\"https:\/\/www.intellectualsovereignty.ch\/index.php\/2021\/10\/02\/hike75-gruetschalp-lobhornhuette-sulwald\/img_4795\/\" data-orig-file=\"https:\/\/www.intellectualsovereignty.ch\/wp-content\/uploads\/2021\/10\/IMG_4795-scaled.jpeg\" data-orig-size=\"1920,2560\" data-comments-opened=\"0\" data-image-title=\"IMG_4795\" data-image-description=\"\" data-image-caption=\"\" data-large-file=\"https:\/\/www.intellectualsovereignty.ch\/wp-content\/uploads\/2021\/10\/IMG_4795-768x1024.jpeg\" src=\"https:\/\/www.intellectualsovereignty.ch\/wp-content\/uploads\/2021\/10\/IMG_4795-768x1024.jpeg\" alt=\"\" data-id=\"4172\" data-full-url=\"https:\/\/www.intellectualsovereignty.ch\/wp-content\/uploads\/2021\/10\/IMG_4795-scaled.jpeg\" data-link=\"https:\/\/www.intellectualsovereignty.ch\/?attachment_id=4172\" class=\"wp-image-4172\" srcset=\"https:\/\/www.intellectualsovereignty.ch\/wp-content\/uploads\/2021\/10\/IMG_4795-768x1024.jpeg 768w, https:\/\/www.intellectualsovereignty.ch\/wp-content\/uploads\/2021\/10\/IMG_4795-225x300.jpeg 225w, https:\/\/www.intellectualsovereignty.ch\/wp-content\/uploads\/2021\/10\/IMG_4795-1152x1536.jpeg 1152w, https:\/\/www.intellectualsovereignty.ch\/wp-content\/uploads\/2021\/10\/IMG_4795-1536x2048.jpeg 1536w, https:\/\/www.intellectualsovereignty.ch\/wp-content\/uploads\/2021\/10\/IMG_4795-1870x2493.jpeg 1870w, https:\/\/www.intellectualsovereignty.ch\/wp-content\/uploads\/2021\/10\/IMG_4795-400x533.jpeg 400w, https:\/\/www.intellectualsovereignty.ch\/wp-content\/uploads\/2021\/10\/IMG_4795-800x1067.jpeg 800w, https:\/\/www.intellectualsovereignty.ch\/wp-content\/uploads\/2021\/10\/IMG_4795-scaled.jpeg 1920w\" sizes=\"auto, (max-width: 768px) 100vw, 768px\" \/><\/figure><\/li><li class=\"blocks-gallery-item\"><figure><img loading=\"lazy\" decoding=\"async\" width=\"1024\" height=\"768\" data-attachment-id=\"4173\" data-permalink=\"https:\/\/www.intellectualsovereignty.ch\/index.php\/2021\/10\/02\/hike75-gruetschalp-lobhornhuette-sulwald\/img_4796\/\" data-orig-file=\"https:\/\/www.intellectualsovereignty.ch\/wp-content\/uploads\/2021\/10\/IMG_4796-scaled.jpeg\" data-orig-size=\"2560,1920\" data-comments-opened=\"0\" data-image-title=\"IMG_4796\" data-image-description=\"\" data-image-caption=\"\" data-large-file=\"https:\/\/www.intellectualsovereignty.ch\/wp-content\/uploads\/2021\/10\/IMG_4796-1024x768.jpeg\" src=\"https:\/\/www.intellectualsovereignty.ch\/wp-content\/uploads\/2021\/10\/IMG_4796-1024x768.jpeg\" alt=\"\" data-id=\"4173\" data-full-url=\"https:\/\/www.intellectualsovereignty.ch\/wp-content\/uploads\/2021\/10\/IMG_4796-scaled.jpeg\" data-link=\"https:\/\/www.intellectualsovereignty.ch\/?attachment_id=4173\" class=\"wp-image-4173\" srcset=\"https:\/\/www.intellectualsovereignty.ch\/wp-content\/uploads\/2021\/10\/IMG_4796-1024x768.jpeg 1024w, https:\/\/www.intellectualsovereignty.ch\/wp-content\/uploads\/2021\/10\/IMG_4796-300x225.jpeg 300w, https:\/\/www.intellectualsovereignty.ch\/wp-content\/uploads\/2021\/10\/IMG_4796-768x576.jpeg 768w, https:\/\/www.intellectualsovereignty.ch\/wp-content\/uploads\/2021\/10\/IMG_4796-1536x1152.jpeg 1536w, https:\/\/www.intellectualsovereignty.ch\/wp-content\/uploads\/2021\/10\/IMG_4796-2048x1536.jpeg 2048w, https:\/\/www.intellectualsovereignty.ch\/wp-content\/uploads\/2021\/10\/IMG_4796-1870x1403.jpeg 1870w, https:\/\/www.intellectualsovereignty.ch\/wp-content\/uploads\/2021\/10\/IMG_4796-400x300.jpeg 400w, https:\/\/www.intellectualsovereignty.ch\/wp-content\/uploads\/2021\/10\/IMG_4796-800x600.jpeg 800w\" sizes=\"auto, (max-width: 1024px) 100vw, 1024px\" \/><\/figure><\/li><li class=\"blocks-gallery-item\"><figure><img loading=\"lazy\" decoding=\"async\" width=\"768\" height=\"1024\" data-attachment-id=\"4174\" data-permalink=\"https:\/\/www.intellectualsovereignty.ch\/index.php\/2021\/10\/02\/hike75-gruetschalp-lobhornhuette-sulwald\/img_4797\/\" data-orig-file=\"https:\/\/www.intellectualsovereignty.ch\/wp-content\/uploads\/2021\/10\/IMG_4797-scaled.jpeg\" data-orig-size=\"1920,2560\" data-comments-opened=\"0\" data-image-title=\"IMG_4797\" data-image-description=\"\" data-image-caption=\"\" data-large-file=\"https:\/\/www.intellectualsovereignty.ch\/wp-content\/uploads\/2021\/10\/IMG_4797-768x1024.jpeg\" src=\"https:\/\/www.intellectualsovereignty.ch\/wp-content\/uploads\/2021\/10\/IMG_4797-768x1024.jpeg\" alt=\"\" data-id=\"4174\" data-full-url=\"https:\/\/www.intellectualsovereignty.ch\/wp-content\/uploads\/2021\/10\/IMG_4797-scaled.jpeg\" data-link=\"https:\/\/www.intellectualsovereignty.ch\/?attachment_id=4174\" class=\"wp-image-4174\" srcset=\"https:\/\/www.intellectualsovereignty.ch\/wp-content\/uploads\/2021\/10\/IMG_4797-768x1024.jpeg 768w, https:\/\/www.intellectualsovereignty.ch\/wp-content\/uploads\/2021\/10\/IMG_4797-225x300.jpeg 225w, https:\/\/www.intellectualsovereignty.ch\/wp-content\/uploads\/2021\/10\/IMG_4797-1152x1536.jpeg 1152w, https:\/\/www.intellectualsovereignty.ch\/wp-content\/uploads\/2021\/10\/IMG_4797-1536x2048.jpeg 1536w, https:\/\/www.intellectualsovereignty.ch\/wp-content\/uploads\/2021\/10\/IMG_4797-1870x2493.jpeg 1870w, https:\/\/www.intellectualsovereignty.ch\/wp-content\/uploads\/2021\/10\/IMG_4797-400x533.jpeg 400w, https:\/\/www.intellectualsovereignty.ch\/wp-content\/uploads\/2021\/10\/IMG_4797-800x1067.jpeg 800w, https:\/\/www.intellectualsovereignty.ch\/wp-content\/uploads\/2021\/10\/IMG_4797-scaled.jpeg 1920w\" sizes=\"auto, (max-width: 768px) 100vw, 768px\" \/><\/figure><\/li><li class=\"blocks-gallery-item\"><figure><img loading=\"lazy\" decoding=\"async\" width=\"768\" height=\"1024\" data-attachment-id=\"4175\" data-permalink=\"https:\/\/www.intellectualsovereignty.ch\/index.php\/2021\/10\/02\/hike75-gruetschalp-lobhornhuette-sulwald\/img_4798\/\" data-orig-file=\"https:\/\/www.intellectualsovereignty.ch\/wp-content\/uploads\/2021\/10\/IMG_4798-scaled.jpeg\" data-orig-size=\"1920,2560\" data-comments-opened=\"0\" data-image-title=\"IMG_4798\" data-image-description=\"\" data-image-caption=\"\" data-large-file=\"https:\/\/www.intellectualsovereignty.ch\/wp-content\/uploads\/2021\/10\/IMG_4798-768x1024.jpeg\" src=\"https:\/\/www.intellectualsovereignty.ch\/wp-content\/uploads\/2021\/10\/IMG_4798-768x1024.jpeg\" alt=\"\" data-id=\"4175\" data-full-url=\"https:\/\/www.intellectualsovereignty.ch\/wp-content\/uploads\/2021\/10\/IMG_4798-scaled.jpeg\" data-link=\"https:\/\/www.intellectualsovereignty.ch\/?attachment_id=4175\" class=\"wp-image-4175\" srcset=\"https:\/\/www.intellectualsovereignty.ch\/wp-content\/uploads\/2021\/10\/IMG_4798-768x1024.jpeg 768w, https:\/\/www.intellectualsovereignty.ch\/wp-content\/uploads\/2021\/10\/IMG_4798-225x300.jpeg 225w, https:\/\/www.intellectualsovereignty.ch\/wp-content\/uploads\/2021\/10\/IMG_4798-1152x1536.jpeg 1152w, https:\/\/www.intellectualsovereignty.ch\/wp-content\/uploads\/2021\/10\/IMG_4798-1536x2048.jpeg 1536w, https:\/\/www.intellectualsovereignty.ch\/wp-content\/uploads\/2021\/10\/IMG_4798-1870x2493.jpeg 1870w, https:\/\/www.intellectualsovereignty.ch\/wp-content\/uploads\/2021\/10\/IMG_4798-400x533.jpeg 400w, https:\/\/www.intellectualsovereignty.ch\/wp-content\/uploads\/2021\/10\/IMG_4798-800x1067.jpeg 800w, https:\/\/www.intellectualsovereignty.ch\/wp-content\/uploads\/2021\/10\/IMG_4798-scaled.jpeg 1920w\" sizes=\"auto, (max-width: 768px) 100vw, 768px\" \/><\/figure><\/li><\/ul><\/figure>\n\n\n\n<p class=\"wp-block-paragraph\">Nach einem kurzen letzten Aufstieg zur Lobhornh\u00fctte geht es bereits an den Abstieg, wir wollen das letzte Postauto von Isenfluh nach Lauterbrunnen erwischen. Happy prosten wir uns im Airtime noch zu, danach geht es im Auto hoch nach Grindelwald in Richtung Nachtessen. <\/p>\n\n\n\n<figure class=\"wp-block-gallery columns-3 is-cropped wp-block-gallery-4 is-layout-flex wp-block-gallery-is-layout-flex\"><ul class=\"blocks-gallery-grid\"><li class=\"blocks-gallery-item\"><figure><img loading=\"lazy\" decoding=\"async\" width=\"1024\" height=\"768\" data-attachment-id=\"4176\" data-permalink=\"https:\/\/www.intellectualsovereignty.ch\/index.php\/2021\/10\/02\/hike75-gruetschalp-lobhornhuette-sulwald\/img_4799\/\" data-orig-file=\"https:\/\/www.intellectualsovereignty.ch\/wp-content\/uploads\/2021\/10\/IMG_4799-scaled.jpeg\" data-orig-size=\"2560,1920\" data-comments-opened=\"0\" data-image-title=\"IMG_4799\" data-image-description=\"\" data-image-caption=\"\" data-large-file=\"https:\/\/www.intellectualsovereignty.ch\/wp-content\/uploads\/2021\/10\/IMG_4799-1024x768.jpeg\" src=\"https:\/\/www.intellectualsovereignty.ch\/wp-content\/uploads\/2021\/10\/IMG_4799-1024x768.jpeg\" alt=\"\" data-id=\"4176\" data-full-url=\"https:\/\/www.intellectualsovereignty.ch\/wp-content\/uploads\/2021\/10\/IMG_4799-scaled.jpeg\" data-link=\"https:\/\/www.intellectualsovereignty.ch\/?attachment_id=4176\" class=\"wp-image-4176\" srcset=\"https:\/\/www.intellectualsovereignty.ch\/wp-content\/uploads\/2021\/10\/IMG_4799-1024x768.jpeg 1024w, https:\/\/www.intellectualsovereignty.ch\/wp-content\/uploads\/2021\/10\/IMG_4799-300x225.jpeg 300w, https:\/\/www.intellectualsovereignty.ch\/wp-content\/uploads\/2021\/10\/IMG_4799-768x576.jpeg 768w, https:\/\/www.intellectualsovereignty.ch\/wp-content\/uploads\/2021\/10\/IMG_4799-1536x1152.jpeg 1536w, https:\/\/www.intellectualsovereignty.ch\/wp-content\/uploads\/2021\/10\/IMG_4799-2048x1536.jpeg 2048w, https:\/\/www.intellectualsovereignty.ch\/wp-content\/uploads\/2021\/10\/IMG_4799-1870x1403.jpeg 1870w, https:\/\/www.intellectualsovereignty.ch\/wp-content\/uploads\/2021\/10\/IMG_4799-400x300.jpeg 400w, https:\/\/www.intellectualsovereignty.ch\/wp-content\/uploads\/2021\/10\/IMG_4799-800x600.jpeg 800w\" sizes=\"auto, (max-width: 1024px) 100vw, 1024px\" \/><\/figure><\/li><li class=\"blocks-gallery-item\"><figure><img loading=\"lazy\" decoding=\"async\" width=\"1024\" height=\"440\" data-attachment-id=\"4177\" data-permalink=\"https:\/\/www.intellectualsovereignty.ch\/index.php\/2021\/10\/02\/hike75-gruetschalp-lobhornhuette-sulwald\/img_4800\/\" data-orig-file=\"https:\/\/www.intellectualsovereignty.ch\/wp-content\/uploads\/2021\/10\/IMG_4800-scaled.jpeg\" data-orig-size=\"2560,1100\" data-comments-opened=\"0\" data-image-title=\"IMG_4800\" data-image-description=\"\" data-image-caption=\"\" data-large-file=\"https:\/\/www.intellectualsovereignty.ch\/wp-content\/uploads\/2021\/10\/IMG_4800-1024x440.jpeg\" src=\"https:\/\/www.intellectualsovereignty.ch\/wp-content\/uploads\/2021\/10\/IMG_4800-1024x440.jpeg\" alt=\"\" data-id=\"4177\" data-full-url=\"https:\/\/www.intellectualsovereignty.ch\/wp-content\/uploads\/2021\/10\/IMG_4800-scaled.jpeg\" data-link=\"https:\/\/www.intellectualsovereignty.ch\/?attachment_id=4177\" class=\"wp-image-4177\" srcset=\"https:\/\/www.intellectualsovereignty.ch\/wp-content\/uploads\/2021\/10\/IMG_4800-1024x440.jpeg 1024w, https:\/\/www.intellectualsovereignty.ch\/wp-content\/uploads\/2021\/10\/IMG_4800-300x129.jpeg 300w, https:\/\/www.intellectualsovereignty.ch\/wp-content\/uploads\/2021\/10\/IMG_4800-768x330.jpeg 768w, https:\/\/www.intellectualsovereignty.ch\/wp-content\/uploads\/2021\/10\/IMG_4800-1536x660.jpeg 1536w, https:\/\/www.intellectualsovereignty.ch\/wp-content\/uploads\/2021\/10\/IMG_4800-2048x880.jpeg 2048w, https:\/\/www.intellectualsovereignty.ch\/wp-content\/uploads\/2021\/10\/IMG_4800-1870x804.jpeg 1870w, https:\/\/www.intellectualsovereignty.ch\/wp-content\/uploads\/2021\/10\/IMG_4800-400x172.jpeg 400w, https:\/\/www.intellectualsovereignty.ch\/wp-content\/uploads\/2021\/10\/IMG_4800-800x344.jpeg 800w\" sizes=\"auto, (max-width: 1024px) 100vw, 1024px\" \/><\/figure><\/li><li class=\"blocks-gallery-item\"><figure><img loading=\"lazy\" decoding=\"async\" width=\"768\" height=\"1024\" data-attachment-id=\"4178\" data-permalink=\"https:\/\/www.intellectualsovereignty.ch\/index.php\/2021\/10\/02\/hike75-gruetschalp-lobhornhuette-sulwald\/img_4801\/\" data-orig-file=\"https:\/\/www.intellectualsovereignty.ch\/wp-content\/uploads\/2021\/10\/IMG_4801-scaled.jpeg\" data-orig-size=\"1920,2560\" data-comments-opened=\"0\" data-image-title=\"IMG_4801\" data-image-description=\"\" data-image-caption=\"\" data-large-file=\"https:\/\/www.intellectualsovereignty.ch\/wp-content\/uploads\/2021\/10\/IMG_4801-768x1024.jpeg\" src=\"https:\/\/www.intellectualsovereignty.ch\/wp-content\/uploads\/2021\/10\/IMG_4801-768x1024.jpeg\" alt=\"\" data-id=\"4178\" data-full-url=\"https:\/\/www.intellectualsovereignty.ch\/wp-content\/uploads\/2021\/10\/IMG_4801-scaled.jpeg\" data-link=\"https:\/\/www.intellectualsovereignty.ch\/?attachment_id=4178\" class=\"wp-image-4178\" srcset=\"https:\/\/www.intellectualsovereignty.ch\/wp-content\/uploads\/2021\/10\/IMG_4801-768x1024.jpeg 768w, https:\/\/www.intellectualsovereignty.ch\/wp-content\/uploads\/2021\/10\/IMG_4801-225x300.jpeg 225w, https:\/\/www.intellectualsovereignty.ch\/wp-content\/uploads\/2021\/10\/IMG_4801-1152x1536.jpeg 1152w, https:\/\/www.intellectualsovereignty.ch\/wp-content\/uploads\/2021\/10\/IMG_4801-1536x2048.jpeg 1536w, https:\/\/www.intellectualsovereignty.ch\/wp-content\/uploads\/2021\/10\/IMG_4801-1870x2493.jpeg 1870w, https:\/\/www.intellectualsovereignty.ch\/wp-content\/uploads\/2021\/10\/IMG_4801-400x533.jpeg 400w, https:\/\/www.intellectualsovereignty.ch\/wp-content\/uploads\/2021\/10\/IMG_4801-800x1067.jpeg 800w, https:\/\/www.intellectualsovereignty.ch\/wp-content\/uploads\/2021\/10\/IMG_4801-scaled.jpeg 1920w\" sizes=\"auto, (max-width: 768px) 100vw, 768px\" \/><\/figure><\/li><li class=\"blocks-gallery-item\"><figure><img loading=\"lazy\" decoding=\"async\" width=\"1024\" height=\"768\" data-attachment-id=\"4179\" data-permalink=\"https:\/\/www.intellectualsovereignty.ch\/index.php\/2021\/10\/02\/hike75-gruetschalp-lobhornhuette-sulwald\/img_4802\/\" data-orig-file=\"https:\/\/www.intellectualsovereignty.ch\/wp-content\/uploads\/2021\/10\/IMG_4802-scaled.jpeg\" data-orig-size=\"2560,1920\" data-comments-opened=\"0\" data-image-title=\"IMG_4802\" data-image-description=\"\" data-image-caption=\"\" data-large-file=\"https:\/\/www.intellectualsovereignty.ch\/wp-content\/uploads\/2021\/10\/IMG_4802-1024x768.jpeg\" src=\"https:\/\/www.intellectualsovereignty.ch\/wp-content\/uploads\/2021\/10\/IMG_4802-1024x768.jpeg\" alt=\"\" data-id=\"4179\" data-full-url=\"https:\/\/www.intellectualsovereignty.ch\/wp-content\/uploads\/2021\/10\/IMG_4802-scaled.jpeg\" data-link=\"https:\/\/www.intellectualsovereignty.ch\/?attachment_id=4179\" class=\"wp-image-4179\" srcset=\"https:\/\/www.intellectualsovereignty.ch\/wp-content\/uploads\/2021\/10\/IMG_4802-1024x768.jpeg 1024w, https:\/\/www.intellectualsovereignty.ch\/wp-content\/uploads\/2021\/10\/IMG_4802-300x225.jpeg 300w, https:\/\/www.intellectualsovereignty.ch\/wp-content\/uploads\/2021\/10\/IMG_4802-768x576.jpeg 768w, https:\/\/www.intellectualsovereignty.ch\/wp-content\/uploads\/2021\/10\/IMG_4802-1536x1152.jpeg 1536w, https:\/\/www.intellectualsovereignty.ch\/wp-content\/uploads\/2021\/10\/IMG_4802-2048x1536.jpeg 2048w, https:\/\/www.intellectualsovereignty.ch\/wp-content\/uploads\/2021\/10\/IMG_4802-1870x1403.jpeg 1870w, https:\/\/www.intellectualsovereignty.ch\/wp-content\/uploads\/2021\/10\/IMG_4802-400x300.jpeg 400w, https:\/\/www.intellectualsovereignty.ch\/wp-content\/uploads\/2021\/10\/IMG_4802-800x600.jpeg 800w\" sizes=\"auto, (max-width: 1024px) 100vw, 1024px\" \/><\/figure><\/li><li class=\"blocks-gallery-item\"><figure><img loading=\"lazy\" decoding=\"async\" width=\"1024\" height=\"768\" data-attachment-id=\"4180\" data-permalink=\"https:\/\/www.intellectualsovereignty.ch\/index.php\/2021\/10\/02\/hike75-gruetschalp-lobhornhuette-sulwald\/img_4803\/\" data-orig-file=\"https:\/\/www.intellectualsovereignty.ch\/wp-content\/uploads\/2021\/10\/IMG_4803-scaled.jpeg\" data-orig-size=\"2560,1920\" data-comments-opened=\"0\" data-image-title=\"IMG_4803\" data-image-description=\"\" data-image-caption=\"\" data-large-file=\"https:\/\/www.intellectualsovereignty.ch\/wp-content\/uploads\/2021\/10\/IMG_4803-1024x768.jpeg\" src=\"https:\/\/www.intellectualsovereignty.ch\/wp-content\/uploads\/2021\/10\/IMG_4803-1024x768.jpeg\" alt=\"\" data-id=\"4180\" data-full-url=\"https:\/\/www.intellectualsovereignty.ch\/wp-content\/uploads\/2021\/10\/IMG_4803-scaled.jpeg\" data-link=\"https:\/\/www.intellectualsovereignty.ch\/?attachment_id=4180\" class=\"wp-image-4180\" srcset=\"https:\/\/www.intellectualsovereignty.ch\/wp-content\/uploads\/2021\/10\/IMG_4803-1024x768.jpeg 1024w, https:\/\/www.intellectualsovereignty.ch\/wp-content\/uploads\/2021\/10\/IMG_4803-300x225.jpeg 300w, https:\/\/www.intellectualsovereignty.ch\/wp-content\/uploads\/2021\/10\/IMG_4803-768x576.jpeg 768w, https:\/\/www.intellectualsovereignty.ch\/wp-content\/uploads\/2021\/10\/IMG_4803-1536x1152.jpeg 1536w, https:\/\/www.intellectualsovereignty.ch\/wp-content\/uploads\/2021\/10\/IMG_4803-2048x1536.jpeg 2048w, https:\/\/www.intellectualsovereignty.ch\/wp-content\/uploads\/2021\/10\/IMG_4803-1870x1403.jpeg 1870w, https:\/\/www.intellectualsovereignty.ch\/wp-content\/uploads\/2021\/10\/IMG_4803-400x300.jpeg 400w, https:\/\/www.intellectualsovereignty.ch\/wp-content\/uploads\/2021\/10\/IMG_4803-800x600.jpeg 800w\" sizes=\"auto, (max-width: 1024px) 100vw, 1024px\" \/><\/figure><\/li><li class=\"blocks-gallery-item\"><figure><img loading=\"lazy\" decoding=\"async\" width=\"768\" height=\"1024\" data-attachment-id=\"4181\" data-permalink=\"https:\/\/www.intellectualsovereignty.ch\/index.php\/2021\/10\/02\/hike75-gruetschalp-lobhornhuette-sulwald\/img_4804\/\" data-orig-file=\"https:\/\/www.intellectualsovereignty.ch\/wp-content\/uploads\/2021\/10\/IMG_4804-scaled.jpeg\" data-orig-size=\"1920,2560\" data-comments-opened=\"0\" data-image-title=\"IMG_4804\" data-image-description=\"\" data-image-caption=\"\" data-large-file=\"https:\/\/www.intellectualsovereignty.ch\/wp-content\/uploads\/2021\/10\/IMG_4804-768x1024.jpeg\" src=\"https:\/\/www.intellectualsovereignty.ch\/wp-content\/uploads\/2021\/10\/IMG_4804-768x1024.jpeg\" alt=\"\" data-id=\"4181\" data-full-url=\"https:\/\/www.intellectualsovereignty.ch\/wp-content\/uploads\/2021\/10\/IMG_4804-scaled.jpeg\" data-link=\"https:\/\/www.intellectualsovereignty.ch\/?attachment_id=4181\" class=\"wp-image-4181\" srcset=\"https:\/\/www.intellectualsovereignty.ch\/wp-content\/uploads\/2021\/10\/IMG_4804-768x1024.jpeg 768w, https:\/\/www.intellectualsovereignty.ch\/wp-content\/uploads\/2021\/10\/IMG_4804-225x300.jpeg 225w, https:\/\/www.intellectualsovereignty.ch\/wp-content\/uploads\/2021\/10\/IMG_4804-1152x1536.jpeg 1152w, https:\/\/www.intellectualsovereignty.ch\/wp-content\/uploads\/2021\/10\/IMG_4804-1536x2048.jpeg 1536w, https:\/\/www.intellectualsovereignty.ch\/wp-content\/uploads\/2021\/10\/IMG_4804-1870x2493.jpeg 1870w, https:\/\/www.intellectualsovereignty.ch\/wp-content\/uploads\/2021\/10\/IMG_4804-400x533.jpeg 400w, https:\/\/www.intellectualsovereignty.ch\/wp-content\/uploads\/2021\/10\/IMG_4804-800x1067.jpeg 800w, https:\/\/www.intellectualsovereignty.ch\/wp-content\/uploads\/2021\/10\/IMG_4804-scaled.jpeg 1920w\" sizes=\"auto, (max-width: 768px) 100vw, 768px\" \/><\/figure><\/li><li class=\"blocks-gallery-item\"><figure><img loading=\"lazy\" decoding=\"async\" width=\"1024\" height=\"768\" data-attachment-id=\"4182\" data-permalink=\"https:\/\/www.intellectualsovereignty.ch\/index.php\/2021\/10\/02\/hike75-gruetschalp-lobhornhuette-sulwald\/img_4805\/\" data-orig-file=\"https:\/\/www.intellectualsovereignty.ch\/wp-content\/uploads\/2021\/10\/IMG_4805-scaled.jpeg\" data-orig-size=\"2560,1920\" data-comments-opened=\"0\" data-image-title=\"IMG_4805\" data-image-description=\"\" data-image-caption=\"\" data-large-file=\"https:\/\/www.intellectualsovereignty.ch\/wp-content\/uploads\/2021\/10\/IMG_4805-1024x768.jpeg\" src=\"https:\/\/www.intellectualsovereignty.ch\/wp-content\/uploads\/2021\/10\/IMG_4805-1024x768.jpeg\" alt=\"\" data-id=\"4182\" data-full-url=\"https:\/\/www.intellectualsovereignty.ch\/wp-content\/uploads\/2021\/10\/IMG_4805-scaled.jpeg\" data-link=\"https:\/\/www.intellectualsovereignty.ch\/?attachment_id=4182\" class=\"wp-image-4182\" srcset=\"https:\/\/www.intellectualsovereignty.ch\/wp-content\/uploads\/2021\/10\/IMG_4805-1024x768.jpeg 1024w, https:\/\/www.intellectualsovereignty.ch\/wp-content\/uploads\/2021\/10\/IMG_4805-300x225.jpeg 300w, https:\/\/www.intellectualsovereignty.ch\/wp-content\/uploads\/2021\/10\/IMG_4805-768x576.jpeg 768w, https:\/\/www.intellectualsovereignty.ch\/wp-content\/uploads\/2021\/10\/IMG_4805-1536x1152.jpeg 1536w, https:\/\/www.intellectualsovereignty.ch\/wp-content\/uploads\/2021\/10\/IMG_4805-2048x1536.jpeg 2048w, https:\/\/www.intellectualsovereignty.ch\/wp-content\/uploads\/2021\/10\/IMG_4805-1870x1403.jpeg 1870w, https:\/\/www.intellectualsovereignty.ch\/wp-content\/uploads\/2021\/10\/IMG_4805-400x300.jpeg 400w, https:\/\/www.intellectualsovereignty.ch\/wp-content\/uploads\/2021\/10\/IMG_4805-800x600.jpeg 800w\" sizes=\"auto, (max-width: 1024px) 100vw, 1024px\" \/><\/figure><\/li><li class=\"blocks-gallery-item\"><figure><img loading=\"lazy\" decoding=\"async\" width=\"1024\" height=\"768\" data-attachment-id=\"4183\" data-permalink=\"https:\/\/www.intellectualsovereignty.ch\/index.php\/2021\/10\/02\/hike75-gruetschalp-lobhornhuette-sulwald\/img_4806\/\" data-orig-file=\"https:\/\/www.intellectualsovereignty.ch\/wp-content\/uploads\/2021\/10\/IMG_4806-scaled.jpeg\" data-orig-size=\"2560,1920\" data-comments-opened=\"0\" data-image-title=\"IMG_4806\" data-image-description=\"\" data-image-caption=\"\" data-large-file=\"https:\/\/www.intellectualsovereignty.ch\/wp-content\/uploads\/2021\/10\/IMG_4806-1024x768.jpeg\" src=\"https:\/\/www.intellectualsovereignty.ch\/wp-content\/uploads\/2021\/10\/IMG_4806-1024x768.jpeg\" alt=\"\" data-id=\"4183\" data-full-url=\"https:\/\/www.intellectualsovereignty.ch\/wp-content\/uploads\/2021\/10\/IMG_4806-scaled.jpeg\" data-link=\"https:\/\/www.intellectualsovereignty.ch\/?attachment_id=4183\" class=\"wp-image-4183\" srcset=\"https:\/\/www.intellectualsovereignty.ch\/wp-content\/uploads\/2021\/10\/IMG_4806-1024x768.jpeg 1024w, https:\/\/www.intellectualsovereignty.ch\/wp-content\/uploads\/2021\/10\/IMG_4806-300x225.jpeg 300w, https:\/\/www.intellectualsovereignty.ch\/wp-content\/uploads\/2021\/10\/IMG_4806-768x576.jpeg 768w, https:\/\/www.intellectualsovereignty.ch\/wp-content\/uploads\/2021\/10\/IMG_4806-1536x1152.jpeg 1536w, https:\/\/www.intellectualsovereignty.ch\/wp-content\/uploads\/2021\/10\/IMG_4806-2048x1536.jpeg 2048w, https:\/\/www.intellectualsovereignty.ch\/wp-content\/uploads\/2021\/10\/IMG_4806-1870x1403.jpeg 1870w, https:\/\/www.intellectualsovereignty.ch\/wp-content\/uploads\/2021\/10\/IMG_4806-400x300.jpeg 400w, https:\/\/www.intellectualsovereignty.ch\/wp-content\/uploads\/2021\/10\/IMG_4806-800x600.jpeg 800w\" sizes=\"auto, (max-width: 1024px) 100vw, 1024px\" \/><\/figure><\/li><li class=\"blocks-gallery-item\"><figure><img loading=\"lazy\" decoding=\"async\" width=\"1024\" height=\"768\" data-attachment-id=\"4184\" data-permalink=\"https:\/\/www.intellectualsovereignty.ch\/index.php\/2021\/10\/02\/hike75-gruetschalp-lobhornhuette-sulwald\/img_4807\/\" data-orig-file=\"https:\/\/www.intellectualsovereignty.ch\/wp-content\/uploads\/2021\/10\/IMG_4807-scaled.jpeg\" data-orig-size=\"2560,1920\" data-comments-opened=\"0\" data-image-title=\"IMG_4807\" data-image-description=\"\" data-image-caption=\"\" data-large-file=\"https:\/\/www.intellectualsovereignty.ch\/wp-content\/uploads\/2021\/10\/IMG_4807-1024x768.jpeg\" src=\"https:\/\/www.intellectualsovereignty.ch\/wp-content\/uploads\/2021\/10\/IMG_4807-1024x768.jpeg\" alt=\"\" data-id=\"4184\" data-full-url=\"https:\/\/www.intellectualsovereignty.ch\/wp-content\/uploads\/2021\/10\/IMG_4807-scaled.jpeg\" data-link=\"https:\/\/www.intellectualsovereignty.ch\/?attachment_id=4184\" class=\"wp-image-4184\" srcset=\"https:\/\/www.intellectualsovereignty.ch\/wp-content\/uploads\/2021\/10\/IMG_4807-1024x768.jpeg 1024w, https:\/\/www.intellectualsovereignty.ch\/wp-content\/uploads\/2021\/10\/IMG_4807-300x225.jpeg 300w, https:\/\/www.intellectualsovereignty.ch\/wp-content\/uploads\/2021\/10\/IMG_4807-768x576.jpeg 768w, https:\/\/www.intellectualsovereignty.ch\/wp-content\/uploads\/2021\/10\/IMG_4807-1536x1152.jpeg 1536w, https:\/\/www.intellectualsovereignty.ch\/wp-content\/uploads\/2021\/10\/IMG_4807-2048x1536.jpeg 2048w, https:\/\/www.intellectualsovereignty.ch\/wp-content\/uploads\/2021\/10\/IMG_4807-1870x1403.jpeg 1870w, https:\/\/www.intellectualsovereignty.ch\/wp-content\/uploads\/2021\/10\/IMG_4807-400x300.jpeg 400w, https:\/\/www.intellectualsovereignty.ch\/wp-content\/uploads\/2021\/10\/IMG_4807-800x600.jpeg 800w\" sizes=\"auto, (max-width: 1024px) 100vw, 1024px\" \/><\/figure><\/li><li class=\"blocks-gallery-item\"><figure><img loading=\"lazy\" decoding=\"async\" width=\"768\" height=\"1024\" data-attachment-id=\"4185\" data-permalink=\"https:\/\/www.intellectualsovereignty.ch\/index.php\/2021\/10\/02\/hike75-gruetschalp-lobhornhuette-sulwald\/img_4808\/\" data-orig-file=\"https:\/\/www.intellectualsovereignty.ch\/wp-content\/uploads\/2021\/10\/IMG_4808-scaled.jpeg\" data-orig-size=\"1920,2560\" data-comments-opened=\"0\" data-image-title=\"IMG_4808\" data-image-description=\"\" data-image-caption=\"\" data-large-file=\"https:\/\/www.intellectualsovereignty.ch\/wp-content\/uploads\/2021\/10\/IMG_4808-768x1024.jpeg\" src=\"https:\/\/www.intellectualsovereignty.ch\/wp-content\/uploads\/2021\/10\/IMG_4808-768x1024.jpeg\" alt=\"\" data-id=\"4185\" data-full-url=\"https:\/\/www.intellectualsovereignty.ch\/wp-content\/uploads\/2021\/10\/IMG_4808-scaled.jpeg\" data-link=\"https:\/\/www.intellectualsovereignty.ch\/?attachment_id=4185\" class=\"wp-image-4185\" srcset=\"https:\/\/www.intellectualsovereignty.ch\/wp-content\/uploads\/2021\/10\/IMG_4808-768x1024.jpeg 768w, https:\/\/www.intellectualsovereignty.ch\/wp-content\/uploads\/2021\/10\/IMG_4808-225x300.jpeg 225w, https:\/\/www.intellectualsovereignty.ch\/wp-content\/uploads\/2021\/10\/IMG_4808-1152x1536.jpeg 1152w, https:\/\/www.intellectualsovereignty.ch\/wp-content\/uploads\/2021\/10\/IMG_4808-1536x2048.jpeg 1536w, https:\/\/www.intellectualsovereignty.ch\/wp-content\/uploads\/2021\/10\/IMG_4808-1870x2493.jpeg 1870w, https:\/\/www.intellectualsovereignty.ch\/wp-content\/uploads\/2021\/10\/IMG_4808-400x533.jpeg 400w, https:\/\/www.intellectualsovereignty.ch\/wp-content\/uploads\/2021\/10\/IMG_4808-800x1067.jpeg 800w, https:\/\/www.intellectualsovereignty.ch\/wp-content\/uploads\/2021\/10\/IMG_4808-scaled.jpeg 1920w\" sizes=\"auto, (max-width: 768px) 100vw, 768px\" \/><\/figure><\/li><li class=\"blocks-gallery-item\"><figure><img loading=\"lazy\" decoding=\"async\" width=\"1024\" height=\"768\" data-attachment-id=\"4186\" data-permalink=\"https:\/\/www.intellectualsovereignty.ch\/index.php\/2021\/10\/02\/hike75-gruetschalp-lobhornhuette-sulwald\/img_4809\/\" data-orig-file=\"https:\/\/www.intellectualsovereignty.ch\/wp-content\/uploads\/2021\/10\/IMG_4809-scaled.jpeg\" data-orig-size=\"2560,1920\" data-comments-opened=\"0\" data-image-title=\"IMG_4809\" data-image-description=\"\" data-image-caption=\"\" data-large-file=\"https:\/\/www.intellectualsovereignty.ch\/wp-content\/uploads\/2021\/10\/IMG_4809-1024x768.jpeg\" src=\"https:\/\/www.intellectualsovereignty.ch\/wp-content\/uploads\/2021\/10\/IMG_4809-1024x768.jpeg\" alt=\"\" data-id=\"4186\" data-full-url=\"https:\/\/www.intellectualsovereignty.ch\/wp-content\/uploads\/2021\/10\/IMG_4809-scaled.jpeg\" data-link=\"https:\/\/www.intellectualsovereignty.ch\/?attachment_id=4186\" class=\"wp-image-4186\" srcset=\"https:\/\/www.intellectualsovereignty.ch\/wp-content\/uploads\/2021\/10\/IMG_4809-1024x768.jpeg 1024w, https:\/\/www.intellectualsovereignty.ch\/wp-content\/uploads\/2021\/10\/IMG_4809-300x225.jpeg 300w, https:\/\/www.intellectualsovereignty.ch\/wp-content\/uploads\/2021\/10\/IMG_4809-768x576.jpeg 768w, https:\/\/www.intellectualsovereignty.ch\/wp-content\/uploads\/2021\/10\/IMG_4809-1536x1152.jpeg 1536w, https:\/\/www.intellectualsovereignty.ch\/wp-content\/uploads\/2021\/10\/IMG_4809-2048x1536.jpeg 2048w, https:\/\/www.intellectualsovereignty.ch\/wp-content\/uploads\/2021\/10\/IMG_4809-1870x1403.jpeg 1870w, https:\/\/www.intellectualsovereignty.ch\/wp-content\/uploads\/2021\/10\/IMG_4809-400x300.jpeg 400w, https:\/\/www.intellectualsovereignty.ch\/wp-content\/uploads\/2021\/10\/IMG_4809-800x600.jpeg 800w\" sizes=\"auto, (max-width: 1024px) 100vw, 1024px\" \/><\/figure><\/li><\/ul><\/figure>\n\n\n\n<hr class=\"wp-block-separator\"\/>\n\n\n\n<p class=\"wp-block-paragraph\">Distanz: 9.7km<br>H\u00f6henmeter: 700m hoch \/ 670m runter<br>Marschzeit: 3h30<br>GPS-Route:\u00a0<a rel=\"noreferrer noopener\" href=\"https:\/\/map.schweizmobil.ch\/?lang=de&amp;photos=yes&amp;bgLayer=pk&amp;logo=yes&amp;season=summer&amp;resolution=3.12&amp;E=2633876&amp;N=1161793&amp;trackId=825413709\" target=\"_blank\">SchweizMobil<\/a><br>Beschrieb: &#8211;<\/p>\n\n\n[sgpx gpx=\/wp-content\/uploads\/gpx\/20211002_grutschalplobhornhuttesulwald.gpx ]\n\n\n\n<p class=\"wp-block-paragraph\"> <\/p>\n","protected":false},"excerpt":{"rendered":"<p>Zu einem runden Geburtstag geh\u00f6rt eine sch\u00f6ne Wanderung, und so mache ich mich mit Bea, Nina und Ben auf, die Gegend unter den Lobh\u00f6rnern zu erkunden. Kurz nach Mittag steigen wir in Lauterbrunnen in die Seilbahn zur Gr\u00fctschalp. Wir starten knapp oberhalb der Bergstation mit einer feinen Zimtschnecke und einem ersten Ausblick auf Wengen und [&hellip;]<\/p>\n","protected":false},"author":1,"featured_media":4187,"comment_status":"open","ping_status":"open","sticky":false,"template":"","format":"standard","meta":{"_jetpack_newsletter_access":"","_jetpack_dont_email_post_to_subs":false,"_jetpack_newsletter_tier_id":0,"_jetpack_memberships_contains_paywalled_content":false,"_spotmap_latitude":"","_spotmap_longitude":"","_jetpack_feature_clip_id":0,"_jetpack_memberships_contains_paid_content":false,"footnotes":"","jetpack_post_was_ever_published":false},"categories":[3],"tags":[],"class_list":["post-4145","post","type-post","status-publish","format-standard","has-post-thumbnail","hentry","category-hiking","has-thumbnail"],"jetpack_shortlink":"https:\/\/wp.me\/p9IwFN-14R","jetpack_likes_enabled":false,"jetpack_sharing_enabled":true,"jetpack_featured_media_url":"https:\/\/www.intellectualsovereignty.ch\/wp-content\/uploads\/2021\/10\/IMG_4801_cropped.jpeg","_links":{"self":[{"href":"https:\/\/www.intellectualsovereignty.ch\/index.php\/wp-json\/wp\/v2\/posts\/4145","targetHints":{"allow":["GET"]}}],"collection":[{"href":"https:\/\/www.intellectualsovereignty.ch\/index.php\/wp-json\/wp\/v2\/posts"}],"about":[{"href":"https:\/\/www.intellectualsovereignty.ch\/index.php\/wp-json\/wp\/v2\/types\/post"}],"author":[{"embeddable":true,"href":"https:\/\/www.intellectualsovereignty.ch\/index.php\/wp-json\/wp\/v2\/users\/1"}],"replies":[{"embeddable":true,"href":"https:\/\/www.intellectualsovereignty.ch\/index.php\/wp-json\/wp\/v2\/comments?post=4145"}],"version-history":[{"count":1,"href":"https:\/\/www.intellectualsovereignty.ch\/index.php\/wp-json\/wp\/v2\/posts\/4145\/revisions"}],"predecessor-version":[{"id":4188,"href":"https:\/\/www.intellectualsovereignty.ch\/index.php\/wp-json\/wp\/v2\/posts\/4145\/revisions\/4188"}],"wp:featuredmedia":[{"embeddable":true,"href":"https:\/\/www.intellectualsovereignty.ch\/index.php\/wp-json\/wp\/v2\/media\/4187"}],"wp:attachment":[{"href":"https:\/\/www.intellectualsovereignty.ch\/index.php\/wp-json\/wp\/v2\/media?parent=4145"}],"wp:term":[{"taxonomy":"category","embeddable":true,"href":"https:\/\/www.intellectualsovereignty.ch\/index.php\/wp-json\/wp\/v2\/categories?post=4145"},{"taxonomy":"post_tag","embeddable":true,"href":"https:\/\/www.intellectualsovereignty.ch\/index.php\/wp-json\/wp\/v2\/tags?post=4145"}],"curies":[{"name":"wp","href":"https:\/\/api.w.org\/{rel}","templated":true}]}}