{"id":379,"date":"2020-05-31T08:37:00","date_gmt":"2020-05-31T07:37:00","guid":{"rendered":"https:\/\/www.intellectualsovereignty.ch\/?p=379"},"modified":"2020-06-24T20:46:28","modified_gmt":"2020-06-24T19:46:28","slug":"hike-21-iseltwald-staatshuette-schweibenalp-brienz-oberried","status":"publish","type":"post","link":"https:\/\/www.intellectualsovereignty.ch\/index.php\/2020\/05\/31\/hike-21-iseltwald-staatshuette-schweibenalp-brienz-oberried\/","title":{"rendered":"Hike #21 \/ Iseltwald &#8211; Staatsh\u00fctte &#8211; Schweibenalp &#8211; Brienz &#8211; Oberried"},"content":{"rendered":"\n<p class=\"wp-block-paragraph\">Schon vor einiger Zeit hat Bea auf der Schweibenalp im Rahmen einer Weiterbildung ein paar Tage verbracht und davon geschw\u00e4rmt, mal zu zweit diesen speziellen Ort wieder zu besuchen. So haben wir uns dazu aufgemacht und \u00fcber zwei Tage Wandern mit Entspannung verbunden. Die Anfahrt mit Zug und Postauto nach Iseltwald ist problemlos, auch wenn Corona-bedingt erstaunlich viele Wanderer und auch ein paar wenige asiatische Touristen unterwegs sind.<\/p>\n\n\n\n<figure class=\"wp-block-image size-large\"><img loading=\"lazy\" decoding=\"async\" width=\"2560\" height=\"1920\" data-attachment-id=\"380\" data-permalink=\"https:\/\/www.intellectualsovereignty.ch\/index.php\/2020\/05\/31\/hike-21-iseltwald-staatshuette-schweibenalp-brienz-oberried\/img_0324\/\" data-orig-file=\"https:\/\/www.intellectualsovereignty.ch\/wp-content\/uploads\/2020\/06\/IMG_0324-scaled.jpeg\" data-orig-size=\"2560,1920\" data-comments-opened=\"0\" data-image-title=\"IMG_0324\" data-image-description=\"\" data-image-caption=\"\" data-large-file=\"https:\/\/www.intellectualsovereignty.ch\/wp-content\/uploads\/2020\/06\/IMG_0324-1024x768.jpeg\" src=\"https:\/\/i0.wp.com\/www.intellectualsovereignty.ch\/wp-content\/uploads\/2020\/06\/IMG_0324-scaled.jpeg?fit=520%2C390&amp;ssl=1\" alt=\"\" class=\"wp-image-380\" srcset=\"https:\/\/www.intellectualsovereignty.ch\/wp-content\/uploads\/2020\/06\/IMG_0324-scaled.jpeg 2560w, https:\/\/www.intellectualsovereignty.ch\/wp-content\/uploads\/2020\/06\/IMG_0324-300x225.jpeg 300w, https:\/\/www.intellectualsovereignty.ch\/wp-content\/uploads\/2020\/06\/IMG_0324-1024x768.jpeg 1024w, https:\/\/www.intellectualsovereignty.ch\/wp-content\/uploads\/2020\/06\/IMG_0324-768x576.jpeg 768w, https:\/\/www.intellectualsovereignty.ch\/wp-content\/uploads\/2020\/06\/IMG_0324-1536x1152.jpeg 1536w, https:\/\/www.intellectualsovereignty.ch\/wp-content\/uploads\/2020\/06\/IMG_0324-2048x1536.jpeg 2048w, https:\/\/www.intellectualsovereignty.ch\/wp-content\/uploads\/2020\/06\/IMG_0324-1870x1403.jpeg 1870w, https:\/\/www.intellectualsovereignty.ch\/wp-content\/uploads\/2020\/06\/IMG_0324-400x300.jpeg 400w, https:\/\/www.intellectualsovereignty.ch\/wp-content\/uploads\/2020\/06\/IMG_0324-800x600.jpeg 800w\" sizes=\"auto, (max-width: 2560px) 100vw, 2560px\" \/><\/figure>\n\n\n\n<p class=\"wp-block-paragraph\">Der Aufstieg unmittelbar nach Iseltwald und oberhalb des M\u00fchlibach-Wasserfalls ist lang, sehr lang. Zum Gl\u00fcck ist es nicht allzu heiss und der Ausblick auf den t\u00fcrkisblauen Brienzersee kompensiert f\u00fcr die Strapazen. <\/p>\n\n\n\n<figure class=\"wp-block-gallery columns-3 is-cropped wp-block-gallery-1 is-layout-flex wp-block-gallery-is-layout-flex\"><ul class=\"blocks-gallery-grid\"><li class=\"blocks-gallery-item\"><figure><img loading=\"lazy\" decoding=\"async\" width=\"2560\" height=\"1920\" data-attachment-id=\"382\" data-permalink=\"https:\/\/www.intellectualsovereignty.ch\/index.php\/2020\/05\/31\/hike-21-iseltwald-staatshuette-schweibenalp-brienz-oberried\/img_0326\/\" data-orig-file=\"https:\/\/www.intellectualsovereignty.ch\/wp-content\/uploads\/2020\/06\/IMG_0326-scaled.jpeg\" data-orig-size=\"2560,1920\" data-comments-opened=\"0\" data-image-title=\"IMG_0326\" data-image-description=\"\" data-image-caption=\"\" data-large-file=\"https:\/\/www.intellectualsovereignty.ch\/wp-content\/uploads\/2020\/06\/IMG_0326-1024x768.jpeg\" src=\"https:\/\/i0.wp.com\/www.intellectualsovereignty.ch\/wp-content\/uploads\/2020\/06\/IMG_0326-scaled.jpeg?fit=520%2C390&amp;ssl=1\" alt=\"\" data-id=\"382\" data-full-url=\"https:\/\/i0.wp.com\/www.intellectualsovereignty.ch\/wp-content\/uploads\/2020\/06\/IMG_0326-scaled.jpeg?fit=2560%2C1920&amp;ssl=1\" data-link=\"https:\/\/www.intellectualsovereignty.ch\/?attachment_id=382\" class=\"wp-image-382\" srcset=\"https:\/\/www.intellectualsovereignty.ch\/wp-content\/uploads\/2020\/06\/IMG_0326-scaled.jpeg 2560w, https:\/\/www.intellectualsovereignty.ch\/wp-content\/uploads\/2020\/06\/IMG_0326-300x225.jpeg 300w, https:\/\/www.intellectualsovereignty.ch\/wp-content\/uploads\/2020\/06\/IMG_0326-1024x768.jpeg 1024w, https:\/\/www.intellectualsovereignty.ch\/wp-content\/uploads\/2020\/06\/IMG_0326-768x576.jpeg 768w, https:\/\/www.intellectualsovereignty.ch\/wp-content\/uploads\/2020\/06\/IMG_0326-1536x1152.jpeg 1536w, https:\/\/www.intellectualsovereignty.ch\/wp-content\/uploads\/2020\/06\/IMG_0326-2048x1536.jpeg 2048w, https:\/\/www.intellectualsovereignty.ch\/wp-content\/uploads\/2020\/06\/IMG_0326-1870x1403.jpeg 1870w, https:\/\/www.intellectualsovereignty.ch\/wp-content\/uploads\/2020\/06\/IMG_0326-400x300.jpeg 400w, https:\/\/www.intellectualsovereignty.ch\/wp-content\/uploads\/2020\/06\/IMG_0326-800x600.jpeg 800w\" sizes=\"auto, (max-width: 2560px) 100vw, 2560px\" \/><\/figure><\/li><li class=\"blocks-gallery-item\"><figure><img loading=\"lazy\" decoding=\"async\" width=\"2560\" height=\"1920\" data-attachment-id=\"383\" data-permalink=\"https:\/\/www.intellectualsovereignty.ch\/index.php\/2020\/05\/31\/hike-21-iseltwald-staatshuette-schweibenalp-brienz-oberried\/img_0327\/\" data-orig-file=\"https:\/\/www.intellectualsovereignty.ch\/wp-content\/uploads\/2020\/06\/IMG_0327-scaled.jpeg\" data-orig-size=\"2560,1920\" data-comments-opened=\"0\" data-image-title=\"IMG_0327\" data-image-description=\"\" data-image-caption=\"\" data-large-file=\"https:\/\/www.intellectualsovereignty.ch\/wp-content\/uploads\/2020\/06\/IMG_0327-1024x768.jpeg\" src=\"https:\/\/i1.wp.com\/www.intellectualsovereignty.ch\/wp-content\/uploads\/2020\/06\/IMG_0327-scaled.jpeg?fit=520%2C390&amp;ssl=1\" alt=\"\" data-id=\"383\" data-full-url=\"https:\/\/i1.wp.com\/www.intellectualsovereignty.ch\/wp-content\/uploads\/2020\/06\/IMG_0327-scaled.jpeg?fit=2560%2C1920&amp;ssl=1\" data-link=\"https:\/\/www.intellectualsovereignty.ch\/?attachment_id=383\" class=\"wp-image-383\" srcset=\"https:\/\/www.intellectualsovereignty.ch\/wp-content\/uploads\/2020\/06\/IMG_0327-scaled.jpeg 2560w, https:\/\/www.intellectualsovereignty.ch\/wp-content\/uploads\/2020\/06\/IMG_0327-300x225.jpeg 300w, https:\/\/www.intellectualsovereignty.ch\/wp-content\/uploads\/2020\/06\/IMG_0327-1024x768.jpeg 1024w, https:\/\/www.intellectualsovereignty.ch\/wp-content\/uploads\/2020\/06\/IMG_0327-768x576.jpeg 768w, https:\/\/www.intellectualsovereignty.ch\/wp-content\/uploads\/2020\/06\/IMG_0327-1536x1152.jpeg 1536w, https:\/\/www.intellectualsovereignty.ch\/wp-content\/uploads\/2020\/06\/IMG_0327-2048x1536.jpeg 2048w, https:\/\/www.intellectualsovereignty.ch\/wp-content\/uploads\/2020\/06\/IMG_0327-1870x1403.jpeg 1870w, https:\/\/www.intellectualsovereignty.ch\/wp-content\/uploads\/2020\/06\/IMG_0327-400x300.jpeg 400w, https:\/\/www.intellectualsovereignty.ch\/wp-content\/uploads\/2020\/06\/IMG_0327-800x600.jpeg 800w\" sizes=\"auto, (max-width: 2560px) 100vw, 2560px\" \/><\/figure><\/li><li class=\"blocks-gallery-item\"><figure><img loading=\"lazy\" decoding=\"async\" width=\"2560\" height=\"2560\" data-attachment-id=\"384\" data-permalink=\"https:\/\/www.intellectualsovereignty.ch\/index.php\/2020\/05\/31\/hike-21-iseltwald-staatshuette-schweibenalp-brienz-oberried\/img_0328\/\" data-orig-file=\"https:\/\/www.intellectualsovereignty.ch\/wp-content\/uploads\/2020\/06\/IMG_0328-scaled.jpeg\" data-orig-size=\"2560,2560\" data-comments-opened=\"0\" data-image-title=\"IMG_0328\" data-image-description=\"\" data-image-caption=\"\" data-large-file=\"https:\/\/www.intellectualsovereignty.ch\/wp-content\/uploads\/2020\/06\/IMG_0328-1024x1024.jpeg\" src=\"https:\/\/i1.wp.com\/www.intellectualsovereignty.ch\/wp-content\/uploads\/2020\/06\/IMG_0328-scaled.jpeg?fit=520%2C520&amp;ssl=1\" alt=\"\" data-id=\"384\" data-full-url=\"https:\/\/i1.wp.com\/www.intellectualsovereignty.ch\/wp-content\/uploads\/2020\/06\/IMG_0328-scaled.jpeg?fit=2560%2C2560&amp;ssl=1\" data-link=\"https:\/\/www.intellectualsovereignty.ch\/?attachment_id=384\" class=\"wp-image-384\" srcset=\"https:\/\/www.intellectualsovereignty.ch\/wp-content\/uploads\/2020\/06\/IMG_0328-scaled.jpeg 2560w, https:\/\/www.intellectualsovereignty.ch\/wp-content\/uploads\/2020\/06\/IMG_0328-300x300.jpeg 300w, https:\/\/www.intellectualsovereignty.ch\/wp-content\/uploads\/2020\/06\/IMG_0328-1024x1024.jpeg 1024w, https:\/\/www.intellectualsovereignty.ch\/wp-content\/uploads\/2020\/06\/IMG_0328-150x150.jpeg 150w, https:\/\/www.intellectualsovereignty.ch\/wp-content\/uploads\/2020\/06\/IMG_0328-768x768.jpeg 768w, https:\/\/www.intellectualsovereignty.ch\/wp-content\/uploads\/2020\/06\/IMG_0328-1536x1536.jpeg 1536w, https:\/\/www.intellectualsovereignty.ch\/wp-content\/uploads\/2020\/06\/IMG_0328-2048x2048.jpeg 2048w, https:\/\/www.intellectualsovereignty.ch\/wp-content\/uploads\/2020\/06\/IMG_0328-1870x1870.jpeg 1870w, https:\/\/www.intellectualsovereignty.ch\/wp-content\/uploads\/2020\/06\/IMG_0328-400x400.jpeg 400w, https:\/\/www.intellectualsovereignty.ch\/wp-content\/uploads\/2020\/06\/IMG_0328-800x800.jpeg 800w\" sizes=\"auto, (max-width: 2560px) 100vw, 2560px\" \/><\/figure><\/li><\/ul><\/figure>\n\n\n\n<p class=\"wp-block-paragraph\">Auf der H\u00f6he von Werzisboden angelangt, er\u00f6ffnet sich ein wundersch\u00f6nes Panorama zur Brienzer-Rothornkette hin, im R\u00fccken die schroffe Roteflue. Gem\u00e4chlich geht es weiter bergauf bis vor das Tunnelportal, das zur Plang\u00e4u f\u00fchrt. Wir nehmen den steilen Weg \u00fcber den Sattel und halten zum ersten Mal f\u00fcrs Mittagessen.  <\/p>\n\n\n\n<figure class=\"wp-block-gallery columns-3 is-cropped wp-block-gallery-2 is-layout-flex wp-block-gallery-is-layout-flex\"><ul class=\"blocks-gallery-grid\"><li class=\"blocks-gallery-item\"><figure><img loading=\"lazy\" decoding=\"async\" width=\"2560\" height=\"868\" data-attachment-id=\"385\" data-permalink=\"https:\/\/www.intellectualsovereignty.ch\/index.php\/2020\/05\/31\/hike-21-iseltwald-staatshuette-schweibenalp-brienz-oberried\/img_0329\/\" data-orig-file=\"https:\/\/www.intellectualsovereignty.ch\/wp-content\/uploads\/2020\/06\/IMG_0329-scaled.jpeg\" data-orig-size=\"2560,868\" data-comments-opened=\"0\" data-image-title=\"IMG_0329\" data-image-description=\"\" data-image-caption=\"\" data-large-file=\"https:\/\/www.intellectualsovereignty.ch\/wp-content\/uploads\/2020\/06\/IMG_0329-1024x347.jpeg\" src=\"https:\/\/i0.wp.com\/www.intellectualsovereignty.ch\/wp-content\/uploads\/2020\/06\/IMG_0329-scaled.jpeg?fit=520%2C176&amp;ssl=1\" alt=\"\" data-id=\"385\" data-full-url=\"https:\/\/i0.wp.com\/www.intellectualsovereignty.ch\/wp-content\/uploads\/2020\/06\/IMG_0329-scaled.jpeg?fit=2560%2C868&amp;ssl=1\" data-link=\"https:\/\/www.intellectualsovereignty.ch\/?attachment_id=385\" class=\"wp-image-385\" srcset=\"https:\/\/www.intellectualsovereignty.ch\/wp-content\/uploads\/2020\/06\/IMG_0329-scaled.jpeg 2560w, https:\/\/www.intellectualsovereignty.ch\/wp-content\/uploads\/2020\/06\/IMG_0329-300x102.jpeg 300w, https:\/\/www.intellectualsovereignty.ch\/wp-content\/uploads\/2020\/06\/IMG_0329-1024x347.jpeg 1024w, https:\/\/www.intellectualsovereignty.ch\/wp-content\/uploads\/2020\/06\/IMG_0329-768x261.jpeg 768w, https:\/\/www.intellectualsovereignty.ch\/wp-content\/uploads\/2020\/06\/IMG_0329-1536x521.jpeg 1536w, https:\/\/www.intellectualsovereignty.ch\/wp-content\/uploads\/2020\/06\/IMG_0329-2048x695.jpeg 2048w, https:\/\/www.intellectualsovereignty.ch\/wp-content\/uploads\/2020\/06\/IMG_0329-1870x634.jpeg 1870w, https:\/\/www.intellectualsovereignty.ch\/wp-content\/uploads\/2020\/06\/IMG_0329-400x136.jpeg 400w, https:\/\/www.intellectualsovereignty.ch\/wp-content\/uploads\/2020\/06\/IMG_0329-800x271.jpeg 800w\" sizes=\"auto, (max-width: 2560px) 100vw, 2560px\" \/><\/figure><\/li><li class=\"blocks-gallery-item\"><figure><img loading=\"lazy\" decoding=\"async\" width=\"2560\" height=\"2560\" data-attachment-id=\"386\" data-permalink=\"https:\/\/www.intellectualsovereignty.ch\/index.php\/2020\/05\/31\/hike-21-iseltwald-staatshuette-schweibenalp-brienz-oberried\/img_0330\/\" data-orig-file=\"https:\/\/www.intellectualsovereignty.ch\/wp-content\/uploads\/2020\/06\/IMG_0330-scaled.jpeg\" data-orig-size=\"2560,2560\" data-comments-opened=\"0\" data-image-title=\"IMG_0330\" data-image-description=\"\" data-image-caption=\"\" data-large-file=\"https:\/\/www.intellectualsovereignty.ch\/wp-content\/uploads\/2020\/06\/IMG_0330-1024x1024.jpeg\" src=\"https:\/\/i2.wp.com\/www.intellectualsovereignty.ch\/wp-content\/uploads\/2020\/06\/IMG_0330-scaled.jpeg?fit=520%2C520&amp;ssl=1\" alt=\"\" data-id=\"386\" data-full-url=\"https:\/\/i2.wp.com\/www.intellectualsovereignty.ch\/wp-content\/uploads\/2020\/06\/IMG_0330-scaled.jpeg?fit=2560%2C2560&amp;ssl=1\" data-link=\"https:\/\/www.intellectualsovereignty.ch\/?attachment_id=386\" class=\"wp-image-386\" srcset=\"https:\/\/www.intellectualsovereignty.ch\/wp-content\/uploads\/2020\/06\/IMG_0330-scaled.jpeg 2560w, https:\/\/www.intellectualsovereignty.ch\/wp-content\/uploads\/2020\/06\/IMG_0330-300x300.jpeg 300w, https:\/\/www.intellectualsovereignty.ch\/wp-content\/uploads\/2020\/06\/IMG_0330-1024x1024.jpeg 1024w, https:\/\/www.intellectualsovereignty.ch\/wp-content\/uploads\/2020\/06\/IMG_0330-150x150.jpeg 150w, https:\/\/www.intellectualsovereignty.ch\/wp-content\/uploads\/2020\/06\/IMG_0330-768x768.jpeg 768w, https:\/\/www.intellectualsovereignty.ch\/wp-content\/uploads\/2020\/06\/IMG_0330-1536x1536.jpeg 1536w, https:\/\/www.intellectualsovereignty.ch\/wp-content\/uploads\/2020\/06\/IMG_0330-2048x2048.jpeg 2048w, https:\/\/www.intellectualsovereignty.ch\/wp-content\/uploads\/2020\/06\/IMG_0330-1870x1870.jpeg 1870w, https:\/\/www.intellectualsovereignty.ch\/wp-content\/uploads\/2020\/06\/IMG_0330-400x400.jpeg 400w, https:\/\/www.intellectualsovereignty.ch\/wp-content\/uploads\/2020\/06\/IMG_0330-800x800.jpeg 800w\" sizes=\"auto, (max-width: 2560px) 100vw, 2560px\" \/><\/figure><\/li><li class=\"blocks-gallery-item\"><figure><img loading=\"lazy\" decoding=\"async\" width=\"1920\" height=\"2560\" data-attachment-id=\"387\" data-permalink=\"https:\/\/www.intellectualsovereignty.ch\/index.php\/2020\/05\/31\/hike-21-iseltwald-staatshuette-schweibenalp-brienz-oberried\/img_0331\/\" data-orig-file=\"https:\/\/www.intellectualsovereignty.ch\/wp-content\/uploads\/2020\/06\/IMG_0331-scaled.jpeg\" data-orig-size=\"1920,2560\" data-comments-opened=\"0\" data-image-title=\"IMG_0331\" data-image-description=\"\" data-image-caption=\"\" data-large-file=\"https:\/\/www.intellectualsovereignty.ch\/wp-content\/uploads\/2020\/06\/IMG_0331-768x1024.jpeg\" src=\"https:\/\/i0.wp.com\/www.intellectualsovereignty.ch\/wp-content\/uploads\/2020\/06\/IMG_0331-scaled.jpeg?fit=520%2C693&amp;ssl=1\" alt=\"\" data-id=\"387\" data-full-url=\"https:\/\/i0.wp.com\/www.intellectualsovereignty.ch\/wp-content\/uploads\/2020\/06\/IMG_0331-scaled.jpeg?fit=1920%2C2560&amp;ssl=1\" data-link=\"https:\/\/www.intellectualsovereignty.ch\/?attachment_id=387\" class=\"wp-image-387\" srcset=\"https:\/\/www.intellectualsovereignty.ch\/wp-content\/uploads\/2020\/06\/IMG_0331-scaled.jpeg 1920w, https:\/\/www.intellectualsovereignty.ch\/wp-content\/uploads\/2020\/06\/IMG_0331-225x300.jpeg 225w, https:\/\/www.intellectualsovereignty.ch\/wp-content\/uploads\/2020\/06\/IMG_0331-768x1024.jpeg 768w, https:\/\/www.intellectualsovereignty.ch\/wp-content\/uploads\/2020\/06\/IMG_0331-1152x1536.jpeg 1152w, https:\/\/www.intellectualsovereignty.ch\/wp-content\/uploads\/2020\/06\/IMG_0331-1536x2048.jpeg 1536w, https:\/\/www.intellectualsovereignty.ch\/wp-content\/uploads\/2020\/06\/IMG_0331-1870x2493.jpeg 1870w, https:\/\/www.intellectualsovereignty.ch\/wp-content\/uploads\/2020\/06\/IMG_0331-400x533.jpeg 400w, https:\/\/www.intellectualsovereignty.ch\/wp-content\/uploads\/2020\/06\/IMG_0331-800x1067.jpeg 800w\" sizes=\"auto, (max-width: 1920px) 100vw, 1920px\" \/><\/figure><\/li><li class=\"blocks-gallery-item\"><figure><img loading=\"lazy\" decoding=\"async\" width=\"2560\" height=\"2560\" data-attachment-id=\"388\" data-permalink=\"https:\/\/www.intellectualsovereignty.ch\/index.php\/2020\/05\/31\/hike-21-iseltwald-staatshuette-schweibenalp-brienz-oberried\/img_0332\/\" data-orig-file=\"https:\/\/www.intellectualsovereignty.ch\/wp-content\/uploads\/2020\/06\/IMG_0332-scaled.jpeg\" data-orig-size=\"2560,2560\" data-comments-opened=\"0\" data-image-title=\"IMG_0332\" data-image-description=\"\" data-image-caption=\"\" data-large-file=\"https:\/\/www.intellectualsovereignty.ch\/wp-content\/uploads\/2020\/06\/IMG_0332-1024x1024.jpeg\" src=\"https:\/\/i1.wp.com\/www.intellectualsovereignty.ch\/wp-content\/uploads\/2020\/06\/IMG_0332-scaled.jpeg?fit=520%2C520&amp;ssl=1\" alt=\"\" data-id=\"388\" data-full-url=\"https:\/\/i1.wp.com\/www.intellectualsovereignty.ch\/wp-content\/uploads\/2020\/06\/IMG_0332-scaled.jpeg?fit=2560%2C2560&amp;ssl=1\" data-link=\"https:\/\/www.intellectualsovereignty.ch\/?attachment_id=388\" class=\"wp-image-388\" srcset=\"https:\/\/www.intellectualsovereignty.ch\/wp-content\/uploads\/2020\/06\/IMG_0332-scaled.jpeg 2560w, https:\/\/www.intellectualsovereignty.ch\/wp-content\/uploads\/2020\/06\/IMG_0332-300x300.jpeg 300w, https:\/\/www.intellectualsovereignty.ch\/wp-content\/uploads\/2020\/06\/IMG_0332-1024x1024.jpeg 1024w, https:\/\/www.intellectualsovereignty.ch\/wp-content\/uploads\/2020\/06\/IMG_0332-150x150.jpeg 150w, https:\/\/www.intellectualsovereignty.ch\/wp-content\/uploads\/2020\/06\/IMG_0332-768x768.jpeg 768w, https:\/\/www.intellectualsovereignty.ch\/wp-content\/uploads\/2020\/06\/IMG_0332-1536x1536.jpeg 1536w, https:\/\/www.intellectualsovereignty.ch\/wp-content\/uploads\/2020\/06\/IMG_0332-2048x2048.jpeg 2048w, https:\/\/www.intellectualsovereignty.ch\/wp-content\/uploads\/2020\/06\/IMG_0332-1870x1870.jpeg 1870w, https:\/\/www.intellectualsovereignty.ch\/wp-content\/uploads\/2020\/06\/IMG_0332-400x400.jpeg 400w, https:\/\/www.intellectualsovereignty.ch\/wp-content\/uploads\/2020\/06\/IMG_0332-800x800.jpeg 800w\" sizes=\"auto, (max-width: 2560px) 100vw, 2560px\" \/><\/figure><\/li><li class=\"blocks-gallery-item\"><figure><img loading=\"lazy\" decoding=\"async\" width=\"2560\" height=\"1920\" data-attachment-id=\"389\" data-permalink=\"https:\/\/www.intellectualsovereignty.ch\/index.php\/2020\/05\/31\/hike-21-iseltwald-staatshuette-schweibenalp-brienz-oberried\/img_0333\/\" data-orig-file=\"https:\/\/www.intellectualsovereignty.ch\/wp-content\/uploads\/2020\/06\/IMG_0333-scaled.jpeg\" data-orig-size=\"2560,1920\" data-comments-opened=\"0\" data-image-title=\"IMG_0333\" data-image-description=\"\" data-image-caption=\"\" data-large-file=\"https:\/\/www.intellectualsovereignty.ch\/wp-content\/uploads\/2020\/06\/IMG_0333-1024x768.jpeg\" src=\"https:\/\/i2.wp.com\/www.intellectualsovereignty.ch\/wp-content\/uploads\/2020\/06\/IMG_0333-scaled.jpeg?fit=520%2C390&amp;ssl=1\" alt=\"\" data-id=\"389\" data-full-url=\"https:\/\/i2.wp.com\/www.intellectualsovereignty.ch\/wp-content\/uploads\/2020\/06\/IMG_0333-scaled.jpeg?fit=2560%2C1920&amp;ssl=1\" data-link=\"https:\/\/www.intellectualsovereignty.ch\/?attachment_id=389\" class=\"wp-image-389\" srcset=\"https:\/\/www.intellectualsovereignty.ch\/wp-content\/uploads\/2020\/06\/IMG_0333-scaled.jpeg 2560w, https:\/\/www.intellectualsovereignty.ch\/wp-content\/uploads\/2020\/06\/IMG_0333-300x225.jpeg 300w, https:\/\/www.intellectualsovereignty.ch\/wp-content\/uploads\/2020\/06\/IMG_0333-1024x768.jpeg 1024w, https:\/\/www.intellectualsovereignty.ch\/wp-content\/uploads\/2020\/06\/IMG_0333-768x576.jpeg 768w, https:\/\/www.intellectualsovereignty.ch\/wp-content\/uploads\/2020\/06\/IMG_0333-1536x1152.jpeg 1536w, https:\/\/www.intellectualsovereignty.ch\/wp-content\/uploads\/2020\/06\/IMG_0333-2048x1536.jpeg 2048w, https:\/\/www.intellectualsovereignty.ch\/wp-content\/uploads\/2020\/06\/IMG_0333-1870x1403.jpeg 1870w, https:\/\/www.intellectualsovereignty.ch\/wp-content\/uploads\/2020\/06\/IMG_0333-400x300.jpeg 400w, https:\/\/www.intellectualsovereignty.ch\/wp-content\/uploads\/2020\/06\/IMG_0333-800x600.jpeg 800w\" sizes=\"auto, (max-width: 2560px) 100vw, 2560px\" \/><\/figure><\/li><li class=\"blocks-gallery-item\"><figure><img loading=\"lazy\" decoding=\"async\" width=\"2560\" height=\"908\" data-attachment-id=\"390\" data-permalink=\"https:\/\/www.intellectualsovereignty.ch\/index.php\/2020\/05\/31\/hike-21-iseltwald-staatshuette-schweibenalp-brienz-oberried\/img_0334\/\" data-orig-file=\"https:\/\/www.intellectualsovereignty.ch\/wp-content\/uploads\/2020\/06\/IMG_0334-scaled.jpeg\" data-orig-size=\"2560,908\" data-comments-opened=\"0\" data-image-title=\"IMG_0334\" data-image-description=\"\" data-image-caption=\"\" data-large-file=\"https:\/\/www.intellectualsovereignty.ch\/wp-content\/uploads\/2020\/06\/IMG_0334-1024x363.jpeg\" src=\"https:\/\/i0.wp.com\/www.intellectualsovereignty.ch\/wp-content\/uploads\/2020\/06\/IMG_0334-scaled.jpeg?fit=520%2C184&amp;ssl=1\" alt=\"\" data-id=\"390\" data-full-url=\"https:\/\/i0.wp.com\/www.intellectualsovereignty.ch\/wp-content\/uploads\/2020\/06\/IMG_0334-scaled.jpeg?fit=2560%2C908&amp;ssl=1\" data-link=\"https:\/\/www.intellectualsovereignty.ch\/?attachment_id=390\" class=\"wp-image-390\" srcset=\"https:\/\/www.intellectualsovereignty.ch\/wp-content\/uploads\/2020\/06\/IMG_0334-scaled.jpeg 2560w, https:\/\/www.intellectualsovereignty.ch\/wp-content\/uploads\/2020\/06\/IMG_0334-300x106.jpeg 300w, https:\/\/www.intellectualsovereignty.ch\/wp-content\/uploads\/2020\/06\/IMG_0334-1024x363.jpeg 1024w, https:\/\/www.intellectualsovereignty.ch\/wp-content\/uploads\/2020\/06\/IMG_0334-768x272.jpeg 768w, https:\/\/www.intellectualsovereignty.ch\/wp-content\/uploads\/2020\/06\/IMG_0334-1536x545.jpeg 1536w, https:\/\/www.intellectualsovereignty.ch\/wp-content\/uploads\/2020\/06\/IMG_0334-2048x726.jpeg 2048w, https:\/\/www.intellectualsovereignty.ch\/wp-content\/uploads\/2020\/06\/IMG_0334-1870x663.jpeg 1870w, https:\/\/www.intellectualsovereignty.ch\/wp-content\/uploads\/2020\/06\/IMG_0334-400x142.jpeg 400w, https:\/\/www.intellectualsovereignty.ch\/wp-content\/uploads\/2020\/06\/IMG_0334-800x284.jpeg 800w\" sizes=\"auto, (max-width: 2560px) 100vw, 2560px\" \/><\/figure><\/li><\/ul><\/figure>\n\n\n\n<p class=\"wp-block-paragraph\">Gest\u00e4rkt wandern wir immer leicht bergab durch einen verwunschenes W\u00e4ldchen, bei dem man teilweise vor lauter B\u00e4umen den Wald nicht mehr sieht, bis hin zur Staatsh\u00fctte auf 1548 m.\u00fc.M. Danach geht es auf befahrbaren Waldwegen durch den Bouwald bis zum Hohgrat, und schliesslich eng am Felsgrat angeschmiegt zur Schweibenalp runter, wo wir uns st\u00e4rken und \u00fcbernachten. <\/p>\n\n\n\n<figure class=\"wp-block-gallery columns-3 is-cropped wp-block-gallery-3 is-layout-flex wp-block-gallery-is-layout-flex\"><ul class=\"blocks-gallery-grid\"><li class=\"blocks-gallery-item\"><figure><img loading=\"lazy\" decoding=\"async\" width=\"2560\" height=\"2560\" data-attachment-id=\"392\" data-permalink=\"https:\/\/www.intellectualsovereignty.ch\/index.php\/2020\/05\/31\/hike-21-iseltwald-staatshuette-schweibenalp-brienz-oberried\/img_0338\/\" data-orig-file=\"https:\/\/www.intellectualsovereignty.ch\/wp-content\/uploads\/2020\/06\/IMG_0338-scaled.jpeg\" data-orig-size=\"2560,2560\" data-comments-opened=\"0\" data-image-title=\"IMG_0338\" data-image-description=\"\" data-image-caption=\"\" data-large-file=\"https:\/\/www.intellectualsovereignty.ch\/wp-content\/uploads\/2020\/06\/IMG_0338-1024x1024.jpeg\" src=\"https:\/\/i1.wp.com\/www.intellectualsovereignty.ch\/wp-content\/uploads\/2020\/06\/IMG_0338-scaled.jpeg?fit=520%2C520&amp;ssl=1\" alt=\"\" data-id=\"392\" data-full-url=\"https:\/\/i1.wp.com\/www.intellectualsovereignty.ch\/wp-content\/uploads\/2020\/06\/IMG_0338-scaled.jpeg?fit=2560%2C2560&amp;ssl=1\" data-link=\"https:\/\/www.intellectualsovereignty.ch\/?attachment_id=392\" class=\"wp-image-392\" srcset=\"https:\/\/www.intellectualsovereignty.ch\/wp-content\/uploads\/2020\/06\/IMG_0338-scaled.jpeg 2560w, https:\/\/www.intellectualsovereignty.ch\/wp-content\/uploads\/2020\/06\/IMG_0338-300x300.jpeg 300w, https:\/\/www.intellectualsovereignty.ch\/wp-content\/uploads\/2020\/06\/IMG_0338-1024x1024.jpeg 1024w, https:\/\/www.intellectualsovereignty.ch\/wp-content\/uploads\/2020\/06\/IMG_0338-150x150.jpeg 150w, https:\/\/www.intellectualsovereignty.ch\/wp-content\/uploads\/2020\/06\/IMG_0338-768x768.jpeg 768w, https:\/\/www.intellectualsovereignty.ch\/wp-content\/uploads\/2020\/06\/IMG_0338-1536x1536.jpeg 1536w, https:\/\/www.intellectualsovereignty.ch\/wp-content\/uploads\/2020\/06\/IMG_0338-2048x2048.jpeg 2048w, https:\/\/www.intellectualsovereignty.ch\/wp-content\/uploads\/2020\/06\/IMG_0338-1870x1870.jpeg 1870w, https:\/\/www.intellectualsovereignty.ch\/wp-content\/uploads\/2020\/06\/IMG_0338-400x400.jpeg 400w, https:\/\/www.intellectualsovereignty.ch\/wp-content\/uploads\/2020\/06\/IMG_0338-800x800.jpeg 800w\" sizes=\"auto, (max-width: 2560px) 100vw, 2560px\" \/><\/figure><\/li><li class=\"blocks-gallery-item\"><figure><img loading=\"lazy\" decoding=\"async\" width=\"1920\" height=\"2560\" data-attachment-id=\"393\" data-permalink=\"https:\/\/www.intellectualsovereignty.ch\/index.php\/2020\/05\/31\/hike-21-iseltwald-staatshuette-schweibenalp-brienz-oberried\/img_0339\/\" data-orig-file=\"https:\/\/www.intellectualsovereignty.ch\/wp-content\/uploads\/2020\/06\/IMG_0339-scaled.jpeg\" data-orig-size=\"1920,2560\" data-comments-opened=\"0\" data-image-title=\"IMG_0339\" data-image-description=\"\" data-image-caption=\"\" data-large-file=\"https:\/\/www.intellectualsovereignty.ch\/wp-content\/uploads\/2020\/06\/IMG_0339-768x1024.jpeg\" src=\"https:\/\/i2.wp.com\/www.intellectualsovereignty.ch\/wp-content\/uploads\/2020\/06\/IMG_0339-scaled.jpeg?fit=520%2C693&amp;ssl=1\" alt=\"\" data-id=\"393\" data-full-url=\"https:\/\/i2.wp.com\/www.intellectualsovereignty.ch\/wp-content\/uploads\/2020\/06\/IMG_0339-scaled.jpeg?fit=1920%2C2560&amp;ssl=1\" data-link=\"https:\/\/www.intellectualsovereignty.ch\/?attachment_id=393\" class=\"wp-image-393\" srcset=\"https:\/\/www.intellectualsovereignty.ch\/wp-content\/uploads\/2020\/06\/IMG_0339-scaled.jpeg 1920w, https:\/\/www.intellectualsovereignty.ch\/wp-content\/uploads\/2020\/06\/IMG_0339-225x300.jpeg 225w, https:\/\/www.intellectualsovereignty.ch\/wp-content\/uploads\/2020\/06\/IMG_0339-768x1024.jpeg 768w, https:\/\/www.intellectualsovereignty.ch\/wp-content\/uploads\/2020\/06\/IMG_0339-1152x1536.jpeg 1152w, https:\/\/www.intellectualsovereignty.ch\/wp-content\/uploads\/2020\/06\/IMG_0339-1536x2048.jpeg 1536w, https:\/\/www.intellectualsovereignty.ch\/wp-content\/uploads\/2020\/06\/IMG_0339-1870x2493.jpeg 1870w, https:\/\/www.intellectualsovereignty.ch\/wp-content\/uploads\/2020\/06\/IMG_0339-400x533.jpeg 400w, https:\/\/www.intellectualsovereignty.ch\/wp-content\/uploads\/2020\/06\/IMG_0339-800x1067.jpeg 800w\" sizes=\"auto, (max-width: 1920px) 100vw, 1920px\" \/><\/figure><\/li><li class=\"blocks-gallery-item\"><figure><img loading=\"lazy\" decoding=\"async\" width=\"2560\" height=\"1920\" data-attachment-id=\"394\" data-permalink=\"https:\/\/www.intellectualsovereignty.ch\/index.php\/2020\/05\/31\/hike-21-iseltwald-staatshuette-schweibenalp-brienz-oberried\/img_0340\/\" data-orig-file=\"https:\/\/www.intellectualsovereignty.ch\/wp-content\/uploads\/2020\/06\/IMG_0340-scaled.jpeg\" data-orig-size=\"2560,1920\" data-comments-opened=\"0\" data-image-title=\"IMG_0340\" data-image-description=\"\" data-image-caption=\"\" data-large-file=\"https:\/\/www.intellectualsovereignty.ch\/wp-content\/uploads\/2020\/06\/IMG_0340-1024x768.jpeg\" src=\"https:\/\/i0.wp.com\/www.intellectualsovereignty.ch\/wp-content\/uploads\/2020\/06\/IMG_0340-scaled.jpeg?fit=520%2C390&amp;ssl=1\" alt=\"\" data-id=\"394\" data-full-url=\"https:\/\/i0.wp.com\/www.intellectualsovereignty.ch\/wp-content\/uploads\/2020\/06\/IMG_0340-scaled.jpeg?fit=2560%2C1920&amp;ssl=1\" data-link=\"https:\/\/www.intellectualsovereignty.ch\/?attachment_id=394\" class=\"wp-image-394\" srcset=\"https:\/\/www.intellectualsovereignty.ch\/wp-content\/uploads\/2020\/06\/IMG_0340-scaled.jpeg 2560w, https:\/\/www.intellectualsovereignty.ch\/wp-content\/uploads\/2020\/06\/IMG_0340-300x225.jpeg 300w, https:\/\/www.intellectualsovereignty.ch\/wp-content\/uploads\/2020\/06\/IMG_0340-1024x768.jpeg 1024w, https:\/\/www.intellectualsovereignty.ch\/wp-content\/uploads\/2020\/06\/IMG_0340-768x576.jpeg 768w, https:\/\/www.intellectualsovereignty.ch\/wp-content\/uploads\/2020\/06\/IMG_0340-1536x1152.jpeg 1536w, https:\/\/www.intellectualsovereignty.ch\/wp-content\/uploads\/2020\/06\/IMG_0340-2048x1536.jpeg 2048w, https:\/\/www.intellectualsovereignty.ch\/wp-content\/uploads\/2020\/06\/IMG_0340-1870x1403.jpeg 1870w, https:\/\/www.intellectualsovereignty.ch\/wp-content\/uploads\/2020\/06\/IMG_0340-400x300.jpeg 400w, https:\/\/www.intellectualsovereignty.ch\/wp-content\/uploads\/2020\/06\/IMG_0340-800x600.jpeg 800w\" sizes=\"auto, (max-width: 2560px) 100vw, 2560px\" \/><\/figure><\/li><li class=\"blocks-gallery-item\"><figure><img loading=\"lazy\" decoding=\"async\" width=\"1920\" height=\"2560\" data-attachment-id=\"395\" data-permalink=\"https:\/\/www.intellectualsovereignty.ch\/index.php\/2020\/05\/31\/hike-21-iseltwald-staatshuette-schweibenalp-brienz-oberried\/img_0341\/\" data-orig-file=\"https:\/\/www.intellectualsovereignty.ch\/wp-content\/uploads\/2020\/06\/IMG_0341-scaled.jpeg\" data-orig-size=\"1920,2560\" data-comments-opened=\"0\" data-image-title=\"IMG_0341\" data-image-description=\"\" data-image-caption=\"\" data-large-file=\"https:\/\/www.intellectualsovereignty.ch\/wp-content\/uploads\/2020\/06\/IMG_0341-768x1024.jpeg\" src=\"https:\/\/i1.wp.com\/www.intellectualsovereignty.ch\/wp-content\/uploads\/2020\/06\/IMG_0341-scaled.jpeg?fit=520%2C693&amp;ssl=1\" alt=\"\" data-id=\"395\" data-full-url=\"https:\/\/i1.wp.com\/www.intellectualsovereignty.ch\/wp-content\/uploads\/2020\/06\/IMG_0341-scaled.jpeg?fit=1920%2C2560&amp;ssl=1\" data-link=\"https:\/\/www.intellectualsovereignty.ch\/?attachment_id=395\" class=\"wp-image-395\" srcset=\"https:\/\/www.intellectualsovereignty.ch\/wp-content\/uploads\/2020\/06\/IMG_0341-scaled.jpeg 1920w, https:\/\/www.intellectualsovereignty.ch\/wp-content\/uploads\/2020\/06\/IMG_0341-225x300.jpeg 225w, https:\/\/www.intellectualsovereignty.ch\/wp-content\/uploads\/2020\/06\/IMG_0341-768x1024.jpeg 768w, https:\/\/www.intellectualsovereignty.ch\/wp-content\/uploads\/2020\/06\/IMG_0341-1152x1536.jpeg 1152w, https:\/\/www.intellectualsovereignty.ch\/wp-content\/uploads\/2020\/06\/IMG_0341-1536x2048.jpeg 1536w, https:\/\/www.intellectualsovereignty.ch\/wp-content\/uploads\/2020\/06\/IMG_0341-1870x2493.jpeg 1870w, https:\/\/www.intellectualsovereignty.ch\/wp-content\/uploads\/2020\/06\/IMG_0341-400x533.jpeg 400w, https:\/\/www.intellectualsovereignty.ch\/wp-content\/uploads\/2020\/06\/IMG_0341-800x1067.jpeg 800w\" sizes=\"auto, (max-width: 1920px) 100vw, 1920px\" \/><\/figure><\/li><li class=\"blocks-gallery-item\"><figure><img loading=\"lazy\" decoding=\"async\" width=\"2560\" height=\"2560\" data-attachment-id=\"396\" data-permalink=\"https:\/\/www.intellectualsovereignty.ch\/index.php\/2020\/05\/31\/hike-21-iseltwald-staatshuette-schweibenalp-brienz-oberried\/img_0342\/\" data-orig-file=\"https:\/\/www.intellectualsovereignty.ch\/wp-content\/uploads\/2020\/06\/IMG_0342-scaled.jpeg\" data-orig-size=\"2560,2560\" data-comments-opened=\"0\" data-image-title=\"IMG_0342\" data-image-description=\"\" data-image-caption=\"\" data-large-file=\"https:\/\/www.intellectualsovereignty.ch\/wp-content\/uploads\/2020\/06\/IMG_0342-1024x1024.jpeg\" src=\"https:\/\/i0.wp.com\/www.intellectualsovereignty.ch\/wp-content\/uploads\/2020\/06\/IMG_0342-scaled.jpeg?fit=520%2C520&amp;ssl=1\" alt=\"\" data-id=\"396\" data-full-url=\"https:\/\/i0.wp.com\/www.intellectualsovereignty.ch\/wp-content\/uploads\/2020\/06\/IMG_0342-scaled.jpeg?fit=2560%2C2560&amp;ssl=1\" data-link=\"https:\/\/www.intellectualsovereignty.ch\/?attachment_id=396\" class=\"wp-image-396\" srcset=\"https:\/\/www.intellectualsovereignty.ch\/wp-content\/uploads\/2020\/06\/IMG_0342-scaled.jpeg 2560w, https:\/\/www.intellectualsovereignty.ch\/wp-content\/uploads\/2020\/06\/IMG_0342-300x300.jpeg 300w, https:\/\/www.intellectualsovereignty.ch\/wp-content\/uploads\/2020\/06\/IMG_0342-1024x1024.jpeg 1024w, https:\/\/www.intellectualsovereignty.ch\/wp-content\/uploads\/2020\/06\/IMG_0342-150x150.jpeg 150w, https:\/\/www.intellectualsovereignty.ch\/wp-content\/uploads\/2020\/06\/IMG_0342-768x768.jpeg 768w, https:\/\/www.intellectualsovereignty.ch\/wp-content\/uploads\/2020\/06\/IMG_0342-1536x1536.jpeg 1536w, https:\/\/www.intellectualsovereignty.ch\/wp-content\/uploads\/2020\/06\/IMG_0342-2048x2048.jpeg 2048w, https:\/\/www.intellectualsovereignty.ch\/wp-content\/uploads\/2020\/06\/IMG_0342-1870x1870.jpeg 1870w, https:\/\/www.intellectualsovereignty.ch\/wp-content\/uploads\/2020\/06\/IMG_0342-400x400.jpeg 400w, https:\/\/www.intellectualsovereignty.ch\/wp-content\/uploads\/2020\/06\/IMG_0342-800x800.jpeg 800w\" sizes=\"auto, (max-width: 2560px) 100vw, 2560px\" \/><\/figure><\/li><li class=\"blocks-gallery-item\"><figure><img loading=\"lazy\" decoding=\"async\" width=\"1920\" height=\"2560\" data-attachment-id=\"397\" data-permalink=\"https:\/\/www.intellectualsovereignty.ch\/index.php\/2020\/05\/31\/hike-21-iseltwald-staatshuette-schweibenalp-brienz-oberried\/img_0343\/\" data-orig-file=\"https:\/\/www.intellectualsovereignty.ch\/wp-content\/uploads\/2020\/06\/IMG_0343-scaled.jpeg\" data-orig-size=\"1920,2560\" data-comments-opened=\"0\" data-image-title=\"IMG_0343\" data-image-description=\"\" data-image-caption=\"\" data-large-file=\"https:\/\/www.intellectualsovereignty.ch\/wp-content\/uploads\/2020\/06\/IMG_0343-768x1024.jpeg\" src=\"https:\/\/i1.wp.com\/www.intellectualsovereignty.ch\/wp-content\/uploads\/2020\/06\/IMG_0343-scaled.jpeg?fit=520%2C693&amp;ssl=1\" alt=\"\" data-id=\"397\" data-full-url=\"https:\/\/i1.wp.com\/www.intellectualsovereignty.ch\/wp-content\/uploads\/2020\/06\/IMG_0343-scaled.jpeg?fit=1920%2C2560&amp;ssl=1\" data-link=\"https:\/\/www.intellectualsovereignty.ch\/?attachment_id=397\" class=\"wp-image-397\" srcset=\"https:\/\/www.intellectualsovereignty.ch\/wp-content\/uploads\/2020\/06\/IMG_0343-scaled.jpeg 1920w, https:\/\/www.intellectualsovereignty.ch\/wp-content\/uploads\/2020\/06\/IMG_0343-225x300.jpeg 225w, https:\/\/www.intellectualsovereignty.ch\/wp-content\/uploads\/2020\/06\/IMG_0343-768x1024.jpeg 768w, https:\/\/www.intellectualsovereignty.ch\/wp-content\/uploads\/2020\/06\/IMG_0343-1152x1536.jpeg 1152w, https:\/\/www.intellectualsovereignty.ch\/wp-content\/uploads\/2020\/06\/IMG_0343-1536x2048.jpeg 1536w, https:\/\/www.intellectualsovereignty.ch\/wp-content\/uploads\/2020\/06\/IMG_0343-1870x2493.jpeg 1870w, https:\/\/www.intellectualsovereignty.ch\/wp-content\/uploads\/2020\/06\/IMG_0343-400x533.jpeg 400w, https:\/\/www.intellectualsovereignty.ch\/wp-content\/uploads\/2020\/06\/IMG_0343-800x1067.jpeg 800w\" sizes=\"auto, (max-width: 1920px) 100vw, 1920px\" \/><\/figure><\/li><li class=\"blocks-gallery-item\"><figure><img loading=\"lazy\" decoding=\"async\" width=\"2560\" height=\"1920\" data-attachment-id=\"398\" data-permalink=\"https:\/\/www.intellectualsovereignty.ch\/index.php\/2020\/05\/31\/hike-21-iseltwald-staatshuette-schweibenalp-brienz-oberried\/img_0344\/\" data-orig-file=\"https:\/\/www.intellectualsovereignty.ch\/wp-content\/uploads\/2020\/06\/IMG_0344-scaled.jpeg\" data-orig-size=\"2560,1920\" data-comments-opened=\"0\" data-image-title=\"IMG_0344\" data-image-description=\"\" data-image-caption=\"\" data-large-file=\"https:\/\/www.intellectualsovereignty.ch\/wp-content\/uploads\/2020\/06\/IMG_0344-1024x768.jpeg\" src=\"https:\/\/i2.wp.com\/www.intellectualsovereignty.ch\/wp-content\/uploads\/2020\/06\/IMG_0344-scaled.jpeg?fit=520%2C390&amp;ssl=1\" alt=\"\" data-id=\"398\" data-full-url=\"https:\/\/i2.wp.com\/www.intellectualsovereignty.ch\/wp-content\/uploads\/2020\/06\/IMG_0344-scaled.jpeg?fit=2560%2C1920&amp;ssl=1\" data-link=\"https:\/\/www.intellectualsovereignty.ch\/?attachment_id=398\" class=\"wp-image-398\" srcset=\"https:\/\/www.intellectualsovereignty.ch\/wp-content\/uploads\/2020\/06\/IMG_0344-scaled.jpeg 2560w, https:\/\/www.intellectualsovereignty.ch\/wp-content\/uploads\/2020\/06\/IMG_0344-300x225.jpeg 300w, https:\/\/www.intellectualsovereignty.ch\/wp-content\/uploads\/2020\/06\/IMG_0344-1024x768.jpeg 1024w, https:\/\/www.intellectualsovereignty.ch\/wp-content\/uploads\/2020\/06\/IMG_0344-768x576.jpeg 768w, https:\/\/www.intellectualsovereignty.ch\/wp-content\/uploads\/2020\/06\/IMG_0344-1536x1152.jpeg 1536w, https:\/\/www.intellectualsovereignty.ch\/wp-content\/uploads\/2020\/06\/IMG_0344-2048x1536.jpeg 2048w, https:\/\/www.intellectualsovereignty.ch\/wp-content\/uploads\/2020\/06\/IMG_0344-1870x1403.jpeg 1870w, https:\/\/www.intellectualsovereignty.ch\/wp-content\/uploads\/2020\/06\/IMG_0344-400x300.jpeg 400w, https:\/\/www.intellectualsovereignty.ch\/wp-content\/uploads\/2020\/06\/IMG_0344-800x600.jpeg 800w\" sizes=\"auto, (max-width: 2560px) 100vw, 2560px\" \/><\/figure><\/li><\/ul><\/figure>\n\n\n\n<p class=\"wp-block-paragraph\">Erholt schl\u00e4ngeln wir uns am n\u00e4chsten Tag die Giessbachf\u00e4lle hinunter und nehmen den &#8211; zugegebenermassen langweiligen &#8211; Weg der Strasse entlang nach Brienz. An der Seepromenade von Brienz geniessen wir in den gratis zur Verf\u00fcgung gestellten Liegest\u00fchlen (welch&#8217; sch\u00f6ne Idee!) unser Wander-Zmittag, um danach die letzte sch\u00f6ne, mit einer H\u00e4ngebr\u00fccke versehene Etappe nach Oberried in Angriff zu nehmen.<\/p>\n\n\n\n<figure class=\"wp-block-gallery columns-3 is-cropped wp-block-gallery-4 is-layout-flex wp-block-gallery-is-layout-flex\"><ul class=\"blocks-gallery-grid\"><li class=\"blocks-gallery-item\"><figure><img loading=\"lazy\" decoding=\"async\" width=\"1920\" height=\"2560\" data-attachment-id=\"399\" data-permalink=\"https:\/\/www.intellectualsovereignty.ch\/index.php\/2020\/05\/31\/hike-21-iseltwald-staatshuette-schweibenalp-brienz-oberried\/img_0347\/\" data-orig-file=\"https:\/\/www.intellectualsovereignty.ch\/wp-content\/uploads\/2020\/06\/IMG_0347-scaled.jpeg\" data-orig-size=\"1920,2560\" data-comments-opened=\"0\" data-image-title=\"IMG_0347\" data-image-description=\"\" data-image-caption=\"\" data-large-file=\"https:\/\/www.intellectualsovereignty.ch\/wp-content\/uploads\/2020\/06\/IMG_0347-768x1024.jpeg\" src=\"https:\/\/i0.wp.com\/www.intellectualsovereignty.ch\/wp-content\/uploads\/2020\/06\/IMG_0347-scaled.jpeg?fit=520%2C693&amp;ssl=1\" alt=\"\" data-id=\"399\" data-full-url=\"https:\/\/i0.wp.com\/www.intellectualsovereignty.ch\/wp-content\/uploads\/2020\/06\/IMG_0347-scaled.jpeg?fit=1920%2C2560&amp;ssl=1\" data-link=\"https:\/\/www.intellectualsovereignty.ch\/?attachment_id=399\" class=\"wp-image-399\" srcset=\"https:\/\/www.intellectualsovereignty.ch\/wp-content\/uploads\/2020\/06\/IMG_0347-scaled.jpeg 1920w, https:\/\/www.intellectualsovereignty.ch\/wp-content\/uploads\/2020\/06\/IMG_0347-225x300.jpeg 225w, https:\/\/www.intellectualsovereignty.ch\/wp-content\/uploads\/2020\/06\/IMG_0347-768x1024.jpeg 768w, https:\/\/www.intellectualsovereignty.ch\/wp-content\/uploads\/2020\/06\/IMG_0347-1152x1536.jpeg 1152w, https:\/\/www.intellectualsovereignty.ch\/wp-content\/uploads\/2020\/06\/IMG_0347-1536x2048.jpeg 1536w, https:\/\/www.intellectualsovereignty.ch\/wp-content\/uploads\/2020\/06\/IMG_0347-1870x2493.jpeg 1870w, https:\/\/www.intellectualsovereignty.ch\/wp-content\/uploads\/2020\/06\/IMG_0347-400x533.jpeg 400w, https:\/\/www.intellectualsovereignty.ch\/wp-content\/uploads\/2020\/06\/IMG_0347-800x1067.jpeg 800w\" sizes=\"auto, (max-width: 1920px) 100vw, 1920px\" \/><\/figure><\/li><li class=\"blocks-gallery-item\"><figure><img loading=\"lazy\" decoding=\"async\" width=\"2560\" height=\"1920\" data-attachment-id=\"400\" data-permalink=\"https:\/\/www.intellectualsovereignty.ch\/index.php\/2020\/05\/31\/hike-21-iseltwald-staatshuette-schweibenalp-brienz-oberried\/img_0348\/\" data-orig-file=\"https:\/\/www.intellectualsovereignty.ch\/wp-content\/uploads\/2020\/06\/IMG_0348-scaled.jpeg\" data-orig-size=\"2560,1920\" data-comments-opened=\"0\" data-image-title=\"IMG_0348\" data-image-description=\"\" data-image-caption=\"\" data-large-file=\"https:\/\/www.intellectualsovereignty.ch\/wp-content\/uploads\/2020\/06\/IMG_0348-1024x768.jpeg\" src=\"https:\/\/i2.wp.com\/www.intellectualsovereignty.ch\/wp-content\/uploads\/2020\/06\/IMG_0348-scaled.jpeg?fit=520%2C390&amp;ssl=1\" alt=\"\" data-id=\"400\" data-full-url=\"https:\/\/i2.wp.com\/www.intellectualsovereignty.ch\/wp-content\/uploads\/2020\/06\/IMG_0348-scaled.jpeg?fit=2560%2C1920&amp;ssl=1\" data-link=\"https:\/\/www.intellectualsovereignty.ch\/?attachment_id=400\" class=\"wp-image-400\" srcset=\"https:\/\/www.intellectualsovereignty.ch\/wp-content\/uploads\/2020\/06\/IMG_0348-scaled.jpeg 2560w, https:\/\/www.intellectualsovereignty.ch\/wp-content\/uploads\/2020\/06\/IMG_0348-300x225.jpeg 300w, https:\/\/www.intellectualsovereignty.ch\/wp-content\/uploads\/2020\/06\/IMG_0348-1024x768.jpeg 1024w, https:\/\/www.intellectualsovereignty.ch\/wp-content\/uploads\/2020\/06\/IMG_0348-768x576.jpeg 768w, https:\/\/www.intellectualsovereignty.ch\/wp-content\/uploads\/2020\/06\/IMG_0348-1536x1152.jpeg 1536w, https:\/\/www.intellectualsovereignty.ch\/wp-content\/uploads\/2020\/06\/IMG_0348-2048x1536.jpeg 2048w, https:\/\/www.intellectualsovereignty.ch\/wp-content\/uploads\/2020\/06\/IMG_0348-1870x1403.jpeg 1870w, https:\/\/www.intellectualsovereignty.ch\/wp-content\/uploads\/2020\/06\/IMG_0348-400x300.jpeg 400w, https:\/\/www.intellectualsovereignty.ch\/wp-content\/uploads\/2020\/06\/IMG_0348-800x600.jpeg 800w\" sizes=\"auto, (max-width: 2560px) 100vw, 2560px\" \/><\/figure><\/li><li class=\"blocks-gallery-item\"><figure><img loading=\"lazy\" decoding=\"async\" width=\"1920\" height=\"2560\" data-attachment-id=\"401\" data-permalink=\"https:\/\/www.intellectualsovereignty.ch\/index.php\/2020\/05\/31\/hike-21-iseltwald-staatshuette-schweibenalp-brienz-oberried\/img_0349\/\" data-orig-file=\"https:\/\/www.intellectualsovereignty.ch\/wp-content\/uploads\/2020\/06\/IMG_0349-scaled.jpeg\" data-orig-size=\"1920,2560\" data-comments-opened=\"0\" data-image-title=\"IMG_0349\" data-image-description=\"\" data-image-caption=\"\" data-large-file=\"https:\/\/www.intellectualsovereignty.ch\/wp-content\/uploads\/2020\/06\/IMG_0349-768x1024.jpeg\" src=\"https:\/\/i2.wp.com\/www.intellectualsovereignty.ch\/wp-content\/uploads\/2020\/06\/IMG_0349-scaled.jpeg?fit=520%2C693&amp;ssl=1\" alt=\"\" data-id=\"401\" data-full-url=\"https:\/\/i2.wp.com\/www.intellectualsovereignty.ch\/wp-content\/uploads\/2020\/06\/IMG_0349-scaled.jpeg?fit=1920%2C2560&amp;ssl=1\" data-link=\"https:\/\/www.intellectualsovereignty.ch\/?attachment_id=401\" class=\"wp-image-401\" srcset=\"https:\/\/www.intellectualsovereignty.ch\/wp-content\/uploads\/2020\/06\/IMG_0349-scaled.jpeg 1920w, https:\/\/www.intellectualsovereignty.ch\/wp-content\/uploads\/2020\/06\/IMG_0349-225x300.jpeg 225w, https:\/\/www.intellectualsovereignty.ch\/wp-content\/uploads\/2020\/06\/IMG_0349-768x1024.jpeg 768w, https:\/\/www.intellectualsovereignty.ch\/wp-content\/uploads\/2020\/06\/IMG_0349-1152x1536.jpeg 1152w, https:\/\/www.intellectualsovereignty.ch\/wp-content\/uploads\/2020\/06\/IMG_0349-1536x2048.jpeg 1536w, https:\/\/www.intellectualsovereignty.ch\/wp-content\/uploads\/2020\/06\/IMG_0349-1870x2493.jpeg 1870w, https:\/\/www.intellectualsovereignty.ch\/wp-content\/uploads\/2020\/06\/IMG_0349-400x533.jpeg 400w, https:\/\/www.intellectualsovereignty.ch\/wp-content\/uploads\/2020\/06\/IMG_0349-800x1067.jpeg 800w\" sizes=\"auto, (max-width: 1920px) 100vw, 1920px\" \/><\/figure><\/li><li class=\"blocks-gallery-item\"><figure><img loading=\"lazy\" decoding=\"async\" width=\"1920\" height=\"2560\" data-attachment-id=\"402\" data-permalink=\"https:\/\/www.intellectualsovereignty.ch\/index.php\/2020\/05\/31\/hike-21-iseltwald-staatshuette-schweibenalp-brienz-oberried\/img_0350\/\" data-orig-file=\"https:\/\/www.intellectualsovereignty.ch\/wp-content\/uploads\/2020\/06\/IMG_0350-scaled.jpeg\" data-orig-size=\"1920,2560\" data-comments-opened=\"0\" data-image-title=\"IMG_0350\" data-image-description=\"\" data-image-caption=\"\" data-large-file=\"https:\/\/www.intellectualsovereignty.ch\/wp-content\/uploads\/2020\/06\/IMG_0350-768x1024.jpeg\" src=\"https:\/\/i2.wp.com\/www.intellectualsovereignty.ch\/wp-content\/uploads\/2020\/06\/IMG_0350-scaled.jpeg?fit=520%2C693&amp;ssl=1\" alt=\"\" data-id=\"402\" data-full-url=\"https:\/\/i2.wp.com\/www.intellectualsovereignty.ch\/wp-content\/uploads\/2020\/06\/IMG_0350-scaled.jpeg?fit=1920%2C2560&amp;ssl=1\" data-link=\"https:\/\/www.intellectualsovereignty.ch\/?attachment_id=402\" class=\"wp-image-402\" srcset=\"https:\/\/www.intellectualsovereignty.ch\/wp-content\/uploads\/2020\/06\/IMG_0350-scaled.jpeg 1920w, https:\/\/www.intellectualsovereignty.ch\/wp-content\/uploads\/2020\/06\/IMG_0350-225x300.jpeg 225w, https:\/\/www.intellectualsovereignty.ch\/wp-content\/uploads\/2020\/06\/IMG_0350-768x1024.jpeg 768w, https:\/\/www.intellectualsovereignty.ch\/wp-content\/uploads\/2020\/06\/IMG_0350-1152x1536.jpeg 1152w, https:\/\/www.intellectualsovereignty.ch\/wp-content\/uploads\/2020\/06\/IMG_0350-1536x2048.jpeg 1536w, https:\/\/www.intellectualsovereignty.ch\/wp-content\/uploads\/2020\/06\/IMG_0350-1870x2493.jpeg 1870w, https:\/\/www.intellectualsovereignty.ch\/wp-content\/uploads\/2020\/06\/IMG_0350-400x533.jpeg 400w, https:\/\/www.intellectualsovereignty.ch\/wp-content\/uploads\/2020\/06\/IMG_0350-800x1067.jpeg 800w\" sizes=\"auto, (max-width: 1920px) 100vw, 1920px\" \/><\/figure><\/li><li class=\"blocks-gallery-item\"><figure><img loading=\"lazy\" decoding=\"async\" width=\"1920\" height=\"2560\" data-attachment-id=\"403\" data-permalink=\"https:\/\/www.intellectualsovereignty.ch\/index.php\/2020\/05\/31\/hike-21-iseltwald-staatshuette-schweibenalp-brienz-oberried\/img_0351\/\" data-orig-file=\"https:\/\/www.intellectualsovereignty.ch\/wp-content\/uploads\/2020\/06\/IMG_0351-scaled.jpeg\" data-orig-size=\"1920,2560\" data-comments-opened=\"0\" data-image-title=\"IMG_0351\" data-image-description=\"\" data-image-caption=\"\" data-large-file=\"https:\/\/www.intellectualsovereignty.ch\/wp-content\/uploads\/2020\/06\/IMG_0351-768x1024.jpeg\" src=\"https:\/\/i1.wp.com\/www.intellectualsovereignty.ch\/wp-content\/uploads\/2020\/06\/IMG_0351-scaled.jpeg?fit=520%2C693&amp;ssl=1\" alt=\"\" data-id=\"403\" data-full-url=\"https:\/\/i1.wp.com\/www.intellectualsovereignty.ch\/wp-content\/uploads\/2020\/06\/IMG_0351-scaled.jpeg?fit=1920%2C2560&amp;ssl=1\" data-link=\"https:\/\/www.intellectualsovereignty.ch\/?attachment_id=403\" class=\"wp-image-403\" srcset=\"https:\/\/www.intellectualsovereignty.ch\/wp-content\/uploads\/2020\/06\/IMG_0351-scaled.jpeg 1920w, https:\/\/www.intellectualsovereignty.ch\/wp-content\/uploads\/2020\/06\/IMG_0351-225x300.jpeg 225w, https:\/\/www.intellectualsovereignty.ch\/wp-content\/uploads\/2020\/06\/IMG_0351-768x1024.jpeg 768w, https:\/\/www.intellectualsovereignty.ch\/wp-content\/uploads\/2020\/06\/IMG_0351-1152x1536.jpeg 1152w, https:\/\/www.intellectualsovereignty.ch\/wp-content\/uploads\/2020\/06\/IMG_0351-1536x2048.jpeg 1536w, https:\/\/www.intellectualsovereignty.ch\/wp-content\/uploads\/2020\/06\/IMG_0351-1870x2493.jpeg 1870w, https:\/\/www.intellectualsovereignty.ch\/wp-content\/uploads\/2020\/06\/IMG_0351-400x533.jpeg 400w, https:\/\/www.intellectualsovereignty.ch\/wp-content\/uploads\/2020\/06\/IMG_0351-800x1067.jpeg 800w\" sizes=\"auto, (max-width: 1920px) 100vw, 1920px\" \/><\/figure><\/li><li class=\"blocks-gallery-item\"><figure><img loading=\"lazy\" decoding=\"async\" width=\"1920\" height=\"2560\" data-attachment-id=\"404\" data-permalink=\"https:\/\/www.intellectualsovereignty.ch\/index.php\/2020\/05\/31\/hike-21-iseltwald-staatshuette-schweibenalp-brienz-oberried\/img_0354\/\" data-orig-file=\"https:\/\/www.intellectualsovereignty.ch\/wp-content\/uploads\/2020\/06\/IMG_0354-scaled.jpeg\" data-orig-size=\"1920,2560\" data-comments-opened=\"0\" data-image-title=\"IMG_0354\" data-image-description=\"\" data-image-caption=\"\" data-large-file=\"https:\/\/www.intellectualsovereignty.ch\/wp-content\/uploads\/2020\/06\/IMG_0354-768x1024.jpeg\" src=\"https:\/\/i0.wp.com\/www.intellectualsovereignty.ch\/wp-content\/uploads\/2020\/06\/IMG_0354-scaled.jpeg?fit=520%2C693&amp;ssl=1\" alt=\"\" data-id=\"404\" data-full-url=\"https:\/\/i0.wp.com\/www.intellectualsovereignty.ch\/wp-content\/uploads\/2020\/06\/IMG_0354-scaled.jpeg?fit=1920%2C2560&amp;ssl=1\" data-link=\"https:\/\/www.intellectualsovereignty.ch\/?attachment_id=404\" class=\"wp-image-404\" srcset=\"https:\/\/www.intellectualsovereignty.ch\/wp-content\/uploads\/2020\/06\/IMG_0354-scaled.jpeg 1920w, https:\/\/www.intellectualsovereignty.ch\/wp-content\/uploads\/2020\/06\/IMG_0354-225x300.jpeg 225w, https:\/\/www.intellectualsovereignty.ch\/wp-content\/uploads\/2020\/06\/IMG_0354-768x1024.jpeg 768w, https:\/\/www.intellectualsovereignty.ch\/wp-content\/uploads\/2020\/06\/IMG_0354-1152x1536.jpeg 1152w, https:\/\/www.intellectualsovereignty.ch\/wp-content\/uploads\/2020\/06\/IMG_0354-1536x2048.jpeg 1536w, https:\/\/www.intellectualsovereignty.ch\/wp-content\/uploads\/2020\/06\/IMG_0354-1870x2493.jpeg 1870w, https:\/\/www.intellectualsovereignty.ch\/wp-content\/uploads\/2020\/06\/IMG_0354-400x533.jpeg 400w, https:\/\/www.intellectualsovereignty.ch\/wp-content\/uploads\/2020\/06\/IMG_0354-800x1067.jpeg 800w\" sizes=\"auto, (max-width: 1920px) 100vw, 1920px\" \/><\/figure><\/li><li class=\"blocks-gallery-item\"><figure><img loading=\"lazy\" decoding=\"async\" width=\"2560\" height=\"1920\" data-attachment-id=\"405\" data-permalink=\"https:\/\/www.intellectualsovereignty.ch\/index.php\/2020\/05\/31\/hike-21-iseltwald-staatshuette-schweibenalp-brienz-oberried\/img_0355\/\" data-orig-file=\"https:\/\/www.intellectualsovereignty.ch\/wp-content\/uploads\/2020\/06\/IMG_0355-scaled.jpeg\" data-orig-size=\"2560,1920\" data-comments-opened=\"0\" data-image-title=\"IMG_0355\" data-image-description=\"\" data-image-caption=\"\" data-large-file=\"https:\/\/www.intellectualsovereignty.ch\/wp-content\/uploads\/2020\/06\/IMG_0355-1024x768.jpeg\" src=\"https:\/\/i1.wp.com\/www.intellectualsovereignty.ch\/wp-content\/uploads\/2020\/06\/IMG_0355-scaled.jpeg?fit=520%2C390&amp;ssl=1\" alt=\"\" data-id=\"405\" data-full-url=\"https:\/\/i1.wp.com\/www.intellectualsovereignty.ch\/wp-content\/uploads\/2020\/06\/IMG_0355-scaled.jpeg?fit=2560%2C1920&amp;ssl=1\" data-link=\"https:\/\/www.intellectualsovereignty.ch\/?attachment_id=405\" class=\"wp-image-405\" srcset=\"https:\/\/www.intellectualsovereignty.ch\/wp-content\/uploads\/2020\/06\/IMG_0355-scaled.jpeg 2560w, https:\/\/www.intellectualsovereignty.ch\/wp-content\/uploads\/2020\/06\/IMG_0355-300x225.jpeg 300w, https:\/\/www.intellectualsovereignty.ch\/wp-content\/uploads\/2020\/06\/IMG_0355-1024x768.jpeg 1024w, https:\/\/www.intellectualsovereignty.ch\/wp-content\/uploads\/2020\/06\/IMG_0355-768x576.jpeg 768w, https:\/\/www.intellectualsovereignty.ch\/wp-content\/uploads\/2020\/06\/IMG_0355-1536x1152.jpeg 1536w, https:\/\/www.intellectualsovereignty.ch\/wp-content\/uploads\/2020\/06\/IMG_0355-2048x1536.jpeg 2048w, https:\/\/www.intellectualsovereignty.ch\/wp-content\/uploads\/2020\/06\/IMG_0355-1870x1403.jpeg 1870w, https:\/\/www.intellectualsovereignty.ch\/wp-content\/uploads\/2020\/06\/IMG_0355-400x300.jpeg 400w, https:\/\/www.intellectualsovereignty.ch\/wp-content\/uploads\/2020\/06\/IMG_0355-800x600.jpeg 800w\" sizes=\"auto, (max-width: 2560px) 100vw, 2560px\" \/><\/figure><\/li><li class=\"blocks-gallery-item\"><figure><img loading=\"lazy\" decoding=\"async\" width=\"2560\" height=\"1920\" data-attachment-id=\"406\" data-permalink=\"https:\/\/www.intellectualsovereignty.ch\/index.php\/2020\/05\/31\/hike-21-iseltwald-staatshuette-schweibenalp-brienz-oberried\/img_0356\/\" data-orig-file=\"https:\/\/www.intellectualsovereignty.ch\/wp-content\/uploads\/2020\/06\/IMG_0356-scaled.jpeg\" data-orig-size=\"2560,1920\" data-comments-opened=\"0\" data-image-title=\"IMG_0356\" data-image-description=\"\" data-image-caption=\"\" data-large-file=\"https:\/\/www.intellectualsovereignty.ch\/wp-content\/uploads\/2020\/06\/IMG_0356-1024x768.jpeg\" src=\"https:\/\/i2.wp.com\/www.intellectualsovereignty.ch\/wp-content\/uploads\/2020\/06\/IMG_0356-scaled.jpeg?fit=520%2C390&amp;ssl=1\" alt=\"\" data-id=\"406\" data-full-url=\"https:\/\/i2.wp.com\/www.intellectualsovereignty.ch\/wp-content\/uploads\/2020\/06\/IMG_0356-scaled.jpeg?fit=2560%2C1920&amp;ssl=1\" data-link=\"https:\/\/www.intellectualsovereignty.ch\/?attachment_id=406\" class=\"wp-image-406\" srcset=\"https:\/\/www.intellectualsovereignty.ch\/wp-content\/uploads\/2020\/06\/IMG_0356-scaled.jpeg 2560w, https:\/\/www.intellectualsovereignty.ch\/wp-content\/uploads\/2020\/06\/IMG_0356-300x225.jpeg 300w, https:\/\/www.intellectualsovereignty.ch\/wp-content\/uploads\/2020\/06\/IMG_0356-1024x768.jpeg 1024w, https:\/\/www.intellectualsovereignty.ch\/wp-content\/uploads\/2020\/06\/IMG_0356-768x576.jpeg 768w, https:\/\/www.intellectualsovereignty.ch\/wp-content\/uploads\/2020\/06\/IMG_0356-1536x1152.jpeg 1536w, https:\/\/www.intellectualsovereignty.ch\/wp-content\/uploads\/2020\/06\/IMG_0356-2048x1536.jpeg 2048w, https:\/\/www.intellectualsovereignty.ch\/wp-content\/uploads\/2020\/06\/IMG_0356-1870x1403.jpeg 1870w, https:\/\/www.intellectualsovereignty.ch\/wp-content\/uploads\/2020\/06\/IMG_0356-400x300.jpeg 400w, https:\/\/www.intellectualsovereignty.ch\/wp-content\/uploads\/2020\/06\/IMG_0356-800x600.jpeg 800w\" sizes=\"auto, (max-width: 2560px) 100vw, 2560px\" \/><\/figure><\/li><li class=\"blocks-gallery-item\"><figure><img loading=\"lazy\" decoding=\"async\" width=\"2560\" height=\"1920\" data-attachment-id=\"407\" data-permalink=\"https:\/\/www.intellectualsovereignty.ch\/index.php\/2020\/05\/31\/hike-21-iseltwald-staatshuette-schweibenalp-brienz-oberried\/img_0357\/\" data-orig-file=\"https:\/\/www.intellectualsovereignty.ch\/wp-content\/uploads\/2020\/06\/IMG_0357-scaled.jpeg\" data-orig-size=\"2560,1920\" data-comments-opened=\"0\" data-image-title=\"IMG_0357\" data-image-description=\"\" data-image-caption=\"\" data-large-file=\"https:\/\/www.intellectualsovereignty.ch\/wp-content\/uploads\/2020\/06\/IMG_0357-1024x768.jpeg\" src=\"https:\/\/i0.wp.com\/www.intellectualsovereignty.ch\/wp-content\/uploads\/2020\/06\/IMG_0357-scaled.jpeg?fit=520%2C390&amp;ssl=1\" alt=\"\" data-id=\"407\" data-full-url=\"https:\/\/i0.wp.com\/www.intellectualsovereignty.ch\/wp-content\/uploads\/2020\/06\/IMG_0357-scaled.jpeg?fit=2560%2C1920&amp;ssl=1\" data-link=\"https:\/\/www.intellectualsovereignty.ch\/?attachment_id=407\" class=\"wp-image-407\" srcset=\"https:\/\/www.intellectualsovereignty.ch\/wp-content\/uploads\/2020\/06\/IMG_0357-scaled.jpeg 2560w, https:\/\/www.intellectualsovereignty.ch\/wp-content\/uploads\/2020\/06\/IMG_0357-300x225.jpeg 300w, https:\/\/www.intellectualsovereignty.ch\/wp-content\/uploads\/2020\/06\/IMG_0357-1024x768.jpeg 1024w, https:\/\/www.intellectualsovereignty.ch\/wp-content\/uploads\/2020\/06\/IMG_0357-768x576.jpeg 768w, https:\/\/www.intellectualsovereignty.ch\/wp-content\/uploads\/2020\/06\/IMG_0357-1536x1152.jpeg 1536w, https:\/\/www.intellectualsovereignty.ch\/wp-content\/uploads\/2020\/06\/IMG_0357-2048x1536.jpeg 2048w, https:\/\/www.intellectualsovereignty.ch\/wp-content\/uploads\/2020\/06\/IMG_0357-1870x1403.jpeg 1870w, https:\/\/www.intellectualsovereignty.ch\/wp-content\/uploads\/2020\/06\/IMG_0357-400x300.jpeg 400w, https:\/\/www.intellectualsovereignty.ch\/wp-content\/uploads\/2020\/06\/IMG_0357-800x600.jpeg 800w\" sizes=\"auto, (max-width: 2560px) 100vw, 2560px\" \/><\/figure><\/li><li class=\"blocks-gallery-item\"><figure><img loading=\"lazy\" decoding=\"async\" width=\"1920\" height=\"2560\" data-attachment-id=\"409\" data-permalink=\"https:\/\/www.intellectualsovereignty.ch\/index.php\/2020\/05\/31\/hike-21-iseltwald-staatshuette-schweibenalp-brienz-oberried\/img_0358\/\" data-orig-file=\"https:\/\/www.intellectualsovereignty.ch\/wp-content\/uploads\/2020\/06\/IMG_0358-scaled.jpeg\" data-orig-size=\"1920,2560\" data-comments-opened=\"0\" data-image-title=\"IMG_0358\" data-image-description=\"\" data-image-caption=\"\" data-large-file=\"https:\/\/www.intellectualsovereignty.ch\/wp-content\/uploads\/2020\/06\/IMG_0358-768x1024.jpeg\" src=\"https:\/\/i2.wp.com\/www.intellectualsovereignty.ch\/wp-content\/uploads\/2020\/06\/IMG_0358-scaled.jpeg?fit=520%2C693&amp;ssl=1\" alt=\"\" data-id=\"409\" data-full-url=\"https:\/\/i2.wp.com\/www.intellectualsovereignty.ch\/wp-content\/uploads\/2020\/06\/IMG_0358-scaled.jpeg?fit=1920%2C2560&amp;ssl=1\" data-link=\"https:\/\/www.intellectualsovereignty.ch\/?attachment_id=409\" class=\"wp-image-409\" srcset=\"https:\/\/www.intellectualsovereignty.ch\/wp-content\/uploads\/2020\/06\/IMG_0358-scaled.jpeg 1920w, https:\/\/www.intellectualsovereignty.ch\/wp-content\/uploads\/2020\/06\/IMG_0358-225x300.jpeg 225w, https:\/\/www.intellectualsovereignty.ch\/wp-content\/uploads\/2020\/06\/IMG_0358-768x1024.jpeg 768w, https:\/\/www.intellectualsovereignty.ch\/wp-content\/uploads\/2020\/06\/IMG_0358-1152x1536.jpeg 1152w, https:\/\/www.intellectualsovereignty.ch\/wp-content\/uploads\/2020\/06\/IMG_0358-1536x2048.jpeg 1536w, https:\/\/www.intellectualsovereignty.ch\/wp-content\/uploads\/2020\/06\/IMG_0358-1870x2493.jpeg 1870w, https:\/\/www.intellectualsovereignty.ch\/wp-content\/uploads\/2020\/06\/IMG_0358-400x533.jpeg 400w, https:\/\/www.intellectualsovereignty.ch\/wp-content\/uploads\/2020\/06\/IMG_0358-800x1067.jpeg 800w\" sizes=\"auto, (max-width: 1920px) 100vw, 1920px\" \/><\/figure><\/li><li class=\"blocks-gallery-item\"><figure><img loading=\"lazy\" decoding=\"async\" width=\"2560\" height=\"2560\" data-attachment-id=\"411\" data-permalink=\"https:\/\/www.intellectualsovereignty.ch\/index.php\/2020\/05\/31\/hike-21-iseltwald-staatshuette-schweibenalp-brienz-oberried\/img_0360\/\" data-orig-file=\"https:\/\/www.intellectualsovereignty.ch\/wp-content\/uploads\/2020\/06\/IMG_0360-scaled.jpeg\" data-orig-size=\"2560,2560\" data-comments-opened=\"0\" data-image-title=\"IMG_0360\" data-image-description=\"\" data-image-caption=\"\" data-large-file=\"https:\/\/www.intellectualsovereignty.ch\/wp-content\/uploads\/2020\/06\/IMG_0360-1024x1024.jpeg\" src=\"https:\/\/i1.wp.com\/www.intellectualsovereignty.ch\/wp-content\/uploads\/2020\/06\/IMG_0360-scaled.jpeg?fit=520%2C520&amp;ssl=1\" alt=\"\" data-id=\"411\" data-full-url=\"https:\/\/i1.wp.com\/www.intellectualsovereignty.ch\/wp-content\/uploads\/2020\/06\/IMG_0360-scaled.jpeg?fit=2560%2C2560&amp;ssl=1\" data-link=\"https:\/\/www.intellectualsovereignty.ch\/?attachment_id=411\" class=\"wp-image-411\" srcset=\"https:\/\/www.intellectualsovereignty.ch\/wp-content\/uploads\/2020\/06\/IMG_0360-scaled.jpeg 2560w, https:\/\/www.intellectualsovereignty.ch\/wp-content\/uploads\/2020\/06\/IMG_0360-300x300.jpeg 300w, https:\/\/www.intellectualsovereignty.ch\/wp-content\/uploads\/2020\/06\/IMG_0360-1024x1024.jpeg 1024w, https:\/\/www.intellectualsovereignty.ch\/wp-content\/uploads\/2020\/06\/IMG_0360-150x150.jpeg 150w, https:\/\/www.intellectualsovereignty.ch\/wp-content\/uploads\/2020\/06\/IMG_0360-768x768.jpeg 768w, https:\/\/www.intellectualsovereignty.ch\/wp-content\/uploads\/2020\/06\/IMG_0360-1536x1536.jpeg 1536w, https:\/\/www.intellectualsovereignty.ch\/wp-content\/uploads\/2020\/06\/IMG_0360-2048x2048.jpeg 2048w, https:\/\/www.intellectualsovereignty.ch\/wp-content\/uploads\/2020\/06\/IMG_0360-1870x1870.jpeg 1870w, https:\/\/www.intellectualsovereignty.ch\/wp-content\/uploads\/2020\/06\/IMG_0360-400x400.jpeg 400w, https:\/\/www.intellectualsovereignty.ch\/wp-content\/uploads\/2020\/06\/IMG_0360-800x800.jpeg 800w\" sizes=\"auto, (max-width: 2560px) 100vw, 2560px\" \/><\/figure><\/li><li class=\"blocks-gallery-item\"><figure><img loading=\"lazy\" decoding=\"async\" width=\"2560\" height=\"892\" data-attachment-id=\"413\" data-permalink=\"https:\/\/www.intellectualsovereignty.ch\/index.php\/2020\/05\/31\/hike-21-iseltwald-staatshuette-schweibenalp-brienz-oberried\/img_0361\/\" data-orig-file=\"https:\/\/www.intellectualsovereignty.ch\/wp-content\/uploads\/2020\/06\/IMG_0361-scaled.jpeg\" data-orig-size=\"2560,892\" data-comments-opened=\"0\" data-image-title=\"IMG_0361\" data-image-description=\"\" data-image-caption=\"\" data-large-file=\"https:\/\/www.intellectualsovereignty.ch\/wp-content\/uploads\/2020\/06\/IMG_0361-1024x357.jpeg\" src=\"https:\/\/i1.wp.com\/www.intellectualsovereignty.ch\/wp-content\/uploads\/2020\/06\/IMG_0361-scaled.jpeg?fit=520%2C181&amp;ssl=1\" alt=\"\" data-id=\"413\" data-full-url=\"https:\/\/i1.wp.com\/www.intellectualsovereignty.ch\/wp-content\/uploads\/2020\/06\/IMG_0361-scaled.jpeg?fit=2560%2C892&amp;ssl=1\" data-link=\"https:\/\/www.intellectualsovereignty.ch\/?attachment_id=413\" class=\"wp-image-413\" srcset=\"https:\/\/www.intellectualsovereignty.ch\/wp-content\/uploads\/2020\/06\/IMG_0361-scaled.jpeg 2560w, https:\/\/www.intellectualsovereignty.ch\/wp-content\/uploads\/2020\/06\/IMG_0361-300x104.jpeg 300w, https:\/\/www.intellectualsovereignty.ch\/wp-content\/uploads\/2020\/06\/IMG_0361-1024x357.jpeg 1024w, https:\/\/www.intellectualsovereignty.ch\/wp-content\/uploads\/2020\/06\/IMG_0361-768x268.jpeg 768w, https:\/\/www.intellectualsovereignty.ch\/wp-content\/uploads\/2020\/06\/IMG_0361-1536x535.jpeg 1536w, https:\/\/www.intellectualsovereignty.ch\/wp-content\/uploads\/2020\/06\/IMG_0361-2048x713.jpeg 2048w, https:\/\/www.intellectualsovereignty.ch\/wp-content\/uploads\/2020\/06\/IMG_0361-1870x651.jpeg 1870w, https:\/\/www.intellectualsovereignty.ch\/wp-content\/uploads\/2020\/06\/IMG_0361-400x139.jpeg 400w, https:\/\/www.intellectualsovereignty.ch\/wp-content\/uploads\/2020\/06\/IMG_0361-800x279.jpeg 800w\" sizes=\"auto, (max-width: 2560px) 100vw, 2560px\" \/><\/figure><\/li><\/ul><\/figure>\n\n\n\n<p class=\"wp-block-paragraph\">In Oberried l\u00e4dt der Seeuferweg zum Verweilen ein, also nehme ich ein sehr erfrischendes Bad im Brienzersee, bevor es mit dem Zug wieder nach Bern zur\u00fcckgeht&#8230;<\/p>\n\n\n\n<figure class=\"wp-block-gallery columns-3 is-cropped wp-block-gallery-5 is-layout-flex wp-block-gallery-is-layout-flex\"><ul class=\"blocks-gallery-grid\"><li class=\"blocks-gallery-item\"><figure><img loading=\"lazy\" decoding=\"async\" width=\"1920\" height=\"2560\" data-attachment-id=\"408\" data-permalink=\"https:\/\/www.intellectualsovereignty.ch\/index.php\/2020\/05\/31\/hike-21-iseltwald-staatshuette-schweibenalp-brienz-oberried\/img_0362\/\" data-orig-file=\"https:\/\/www.intellectualsovereignty.ch\/wp-content\/uploads\/2020\/06\/IMG_0362-scaled.jpeg\" data-orig-size=\"1920,2560\" data-comments-opened=\"0\" data-image-title=\"IMG_0362\" data-image-description=\"\" data-image-caption=\"\" data-large-file=\"https:\/\/www.intellectualsovereignty.ch\/wp-content\/uploads\/2020\/06\/IMG_0362-768x1024.jpeg\" src=\"https:\/\/i2.wp.com\/www.intellectualsovereignty.ch\/wp-content\/uploads\/2020\/06\/IMG_0362-scaled.jpeg?fit=520%2C693&amp;ssl=1\" alt=\"\" data-id=\"408\" data-full-url=\"https:\/\/i2.wp.com\/www.intellectualsovereignty.ch\/wp-content\/uploads\/2020\/06\/IMG_0362-scaled.jpeg?fit=1920%2C2560&amp;ssl=1\" data-link=\"https:\/\/www.intellectualsovereignty.ch\/?attachment_id=408\" class=\"wp-image-408\" srcset=\"https:\/\/www.intellectualsovereignty.ch\/wp-content\/uploads\/2020\/06\/IMG_0362-scaled.jpeg 1920w, https:\/\/www.intellectualsovereignty.ch\/wp-content\/uploads\/2020\/06\/IMG_0362-225x300.jpeg 225w, https:\/\/www.intellectualsovereignty.ch\/wp-content\/uploads\/2020\/06\/IMG_0362-768x1024.jpeg 768w, https:\/\/www.intellectualsovereignty.ch\/wp-content\/uploads\/2020\/06\/IMG_0362-1152x1536.jpeg 1152w, https:\/\/www.intellectualsovereignty.ch\/wp-content\/uploads\/2020\/06\/IMG_0362-1536x2048.jpeg 1536w, https:\/\/www.intellectualsovereignty.ch\/wp-content\/uploads\/2020\/06\/IMG_0362-1870x2493.jpeg 1870w, https:\/\/www.intellectualsovereignty.ch\/wp-content\/uploads\/2020\/06\/IMG_0362-400x533.jpeg 400w, https:\/\/www.intellectualsovereignty.ch\/wp-content\/uploads\/2020\/06\/IMG_0362-800x1067.jpeg 800w\" sizes=\"auto, (max-width: 1920px) 100vw, 1920px\" \/><\/figure><\/li><li class=\"blocks-gallery-item\"><figure><img loading=\"lazy\" decoding=\"async\" width=\"2560\" height=\"1920\" data-attachment-id=\"410\" data-permalink=\"https:\/\/www.intellectualsovereignty.ch\/index.php\/2020\/05\/31\/hike-21-iseltwald-staatshuette-schweibenalp-brienz-oberried\/img_0363\/\" data-orig-file=\"https:\/\/www.intellectualsovereignty.ch\/wp-content\/uploads\/2020\/06\/IMG_0363-scaled.jpeg\" data-orig-size=\"2560,1920\" data-comments-opened=\"0\" data-image-title=\"IMG_0363\" data-image-description=\"\" data-image-caption=\"\" data-large-file=\"https:\/\/www.intellectualsovereignty.ch\/wp-content\/uploads\/2020\/06\/IMG_0363-1024x768.jpeg\" src=\"https:\/\/i0.wp.com\/www.intellectualsovereignty.ch\/wp-content\/uploads\/2020\/06\/IMG_0363-scaled.jpeg?fit=520%2C390&amp;ssl=1\" alt=\"\" data-id=\"410\" data-full-url=\"https:\/\/i0.wp.com\/www.intellectualsovereignty.ch\/wp-content\/uploads\/2020\/06\/IMG_0363-scaled.jpeg?fit=2560%2C1920&amp;ssl=1\" data-link=\"https:\/\/www.intellectualsovereignty.ch\/?attachment_id=410\" class=\"wp-image-410\" srcset=\"https:\/\/www.intellectualsovereignty.ch\/wp-content\/uploads\/2020\/06\/IMG_0363-scaled.jpeg 2560w, https:\/\/www.intellectualsovereignty.ch\/wp-content\/uploads\/2020\/06\/IMG_0363-300x225.jpeg 300w, https:\/\/www.intellectualsovereignty.ch\/wp-content\/uploads\/2020\/06\/IMG_0363-1024x768.jpeg 1024w, https:\/\/www.intellectualsovereignty.ch\/wp-content\/uploads\/2020\/06\/IMG_0363-768x576.jpeg 768w, https:\/\/www.intellectualsovereignty.ch\/wp-content\/uploads\/2020\/06\/IMG_0363-1536x1152.jpeg 1536w, https:\/\/www.intellectualsovereignty.ch\/wp-content\/uploads\/2020\/06\/IMG_0363-2048x1536.jpeg 2048w, https:\/\/www.intellectualsovereignty.ch\/wp-content\/uploads\/2020\/06\/IMG_0363-1870x1403.jpeg 1870w, https:\/\/www.intellectualsovereignty.ch\/wp-content\/uploads\/2020\/06\/IMG_0363-400x300.jpeg 400w, https:\/\/www.intellectualsovereignty.ch\/wp-content\/uploads\/2020\/06\/IMG_0363-800x600.jpeg 800w\" sizes=\"auto, (max-width: 2560px) 100vw, 2560px\" \/><\/figure><\/li><li class=\"blocks-gallery-item\"><figure><img loading=\"lazy\" decoding=\"async\" width=\"1920\" height=\"2560\" data-attachment-id=\"412\" data-permalink=\"https:\/\/www.intellectualsovereignty.ch\/index.php\/2020\/05\/31\/hike-21-iseltwald-staatshuette-schweibenalp-brienz-oberried\/img_0364\/\" data-orig-file=\"https:\/\/www.intellectualsovereignty.ch\/wp-content\/uploads\/2020\/06\/IMG_0364-scaled.jpeg\" data-orig-size=\"1920,2560\" data-comments-opened=\"0\" data-image-title=\"IMG_0364\" data-image-description=\"\" data-image-caption=\"\" data-large-file=\"https:\/\/www.intellectualsovereignty.ch\/wp-content\/uploads\/2020\/06\/IMG_0364-768x1024.jpeg\" src=\"https:\/\/i0.wp.com\/www.intellectualsovereignty.ch\/wp-content\/uploads\/2020\/06\/IMG_0364-scaled.jpeg?fit=520%2C693&amp;ssl=1\" alt=\"\" data-id=\"412\" data-full-url=\"https:\/\/i0.wp.com\/www.intellectualsovereignty.ch\/wp-content\/uploads\/2020\/06\/IMG_0364-scaled.jpeg?fit=1920%2C2560&amp;ssl=1\" data-link=\"https:\/\/www.intellectualsovereignty.ch\/?attachment_id=412\" class=\"wp-image-412\" srcset=\"https:\/\/www.intellectualsovereignty.ch\/wp-content\/uploads\/2020\/06\/IMG_0364-scaled.jpeg 1920w, https:\/\/www.intellectualsovereignty.ch\/wp-content\/uploads\/2020\/06\/IMG_0364-225x300.jpeg 225w, https:\/\/www.intellectualsovereignty.ch\/wp-content\/uploads\/2020\/06\/IMG_0364-768x1024.jpeg 768w, https:\/\/www.intellectualsovereignty.ch\/wp-content\/uploads\/2020\/06\/IMG_0364-1152x1536.jpeg 1152w, https:\/\/www.intellectualsovereignty.ch\/wp-content\/uploads\/2020\/06\/IMG_0364-1536x2048.jpeg 1536w, https:\/\/www.intellectualsovereignty.ch\/wp-content\/uploads\/2020\/06\/IMG_0364-1870x2493.jpeg 1870w, https:\/\/www.intellectualsovereignty.ch\/wp-content\/uploads\/2020\/06\/IMG_0364-400x533.jpeg 400w, https:\/\/www.intellectualsovereignty.ch\/wp-content\/uploads\/2020\/06\/IMG_0364-800x1067.jpeg 800w\" sizes=\"auto, (max-width: 1920px) 100vw, 1920px\" \/><\/figure><\/li><li class=\"blocks-gallery-item\"><figure><img loading=\"lazy\" decoding=\"async\" width=\"2560\" height=\"2560\" data-attachment-id=\"414\" data-permalink=\"https:\/\/www.intellectualsovereignty.ch\/index.php\/2020\/05\/31\/hike-21-iseltwald-staatshuette-schweibenalp-brienz-oberried\/img_0365\/\" data-orig-file=\"https:\/\/www.intellectualsovereignty.ch\/wp-content\/uploads\/2020\/06\/IMG_0365-scaled.jpeg\" data-orig-size=\"2560,2560\" data-comments-opened=\"0\" data-image-title=\"IMG_0365\" data-image-description=\"\" data-image-caption=\"\" data-large-file=\"https:\/\/www.intellectualsovereignty.ch\/wp-content\/uploads\/2020\/06\/IMG_0365-1024x1024.jpeg\" src=\"https:\/\/i2.wp.com\/www.intellectualsovereignty.ch\/wp-content\/uploads\/2020\/06\/IMG_0365-scaled.jpeg?fit=520%2C520&amp;ssl=1\" alt=\"\" data-id=\"414\" data-full-url=\"https:\/\/i2.wp.com\/www.intellectualsovereignty.ch\/wp-content\/uploads\/2020\/06\/IMG_0365-scaled.jpeg?fit=2560%2C2560&amp;ssl=1\" data-link=\"https:\/\/www.intellectualsovereignty.ch\/?attachment_id=414\" class=\"wp-image-414\" srcset=\"https:\/\/www.intellectualsovereignty.ch\/wp-content\/uploads\/2020\/06\/IMG_0365-scaled.jpeg 2560w, https:\/\/www.intellectualsovereignty.ch\/wp-content\/uploads\/2020\/06\/IMG_0365-300x300.jpeg 300w, https:\/\/www.intellectualsovereignty.ch\/wp-content\/uploads\/2020\/06\/IMG_0365-1024x1024.jpeg 1024w, https:\/\/www.intellectualsovereignty.ch\/wp-content\/uploads\/2020\/06\/IMG_0365-150x150.jpeg 150w, https:\/\/www.intellectualsovereignty.ch\/wp-content\/uploads\/2020\/06\/IMG_0365-768x768.jpeg 768w, https:\/\/www.intellectualsovereignty.ch\/wp-content\/uploads\/2020\/06\/IMG_0365-1536x1536.jpeg 1536w, https:\/\/www.intellectualsovereignty.ch\/wp-content\/uploads\/2020\/06\/IMG_0365-2048x2048.jpeg 2048w, https:\/\/www.intellectualsovereignty.ch\/wp-content\/uploads\/2020\/06\/IMG_0365-1870x1870.jpeg 1870w, https:\/\/www.intellectualsovereignty.ch\/wp-content\/uploads\/2020\/06\/IMG_0365-400x400.jpeg 400w, https:\/\/www.intellectualsovereignty.ch\/wp-content\/uploads\/2020\/06\/IMG_0365-800x800.jpeg 800w\" sizes=\"auto, (max-width: 2560px) 100vw, 2560px\" \/><\/figure><\/li><li class=\"blocks-gallery-item\"><figure><img loading=\"lazy\" decoding=\"async\" width=\"2560\" height=\"1920\" data-attachment-id=\"415\" data-permalink=\"https:\/\/www.intellectualsovereignty.ch\/index.php\/2020\/05\/31\/hike-21-iseltwald-staatshuette-schweibenalp-brienz-oberried\/img_0366\/\" data-orig-file=\"https:\/\/www.intellectualsovereignty.ch\/wp-content\/uploads\/2020\/06\/IMG_0366-scaled.jpeg\" data-orig-size=\"2560,1920\" data-comments-opened=\"0\" data-image-title=\"IMG_0366\" data-image-description=\"\" data-image-caption=\"\" data-large-file=\"https:\/\/www.intellectualsovereignty.ch\/wp-content\/uploads\/2020\/06\/IMG_0366-1024x768.jpeg\" src=\"https:\/\/i0.wp.com\/www.intellectualsovereignty.ch\/wp-content\/uploads\/2020\/06\/IMG_0366-scaled.jpeg?fit=520%2C390&amp;ssl=1\" alt=\"\" data-id=\"415\" data-full-url=\"https:\/\/i0.wp.com\/www.intellectualsovereignty.ch\/wp-content\/uploads\/2020\/06\/IMG_0366-scaled.jpeg?fit=2560%2C1920&amp;ssl=1\" data-link=\"https:\/\/www.intellectualsovereignty.ch\/?attachment_id=415\" class=\"wp-image-415\" srcset=\"https:\/\/www.intellectualsovereignty.ch\/wp-content\/uploads\/2020\/06\/IMG_0366-scaled.jpeg 2560w, https:\/\/www.intellectualsovereignty.ch\/wp-content\/uploads\/2020\/06\/IMG_0366-300x225.jpeg 300w, https:\/\/www.intellectualsovereignty.ch\/wp-content\/uploads\/2020\/06\/IMG_0366-1024x768.jpeg 1024w, https:\/\/www.intellectualsovereignty.ch\/wp-content\/uploads\/2020\/06\/IMG_0366-768x576.jpeg 768w, https:\/\/www.intellectualsovereignty.ch\/wp-content\/uploads\/2020\/06\/IMG_0366-1536x1152.jpeg 1536w, https:\/\/www.intellectualsovereignty.ch\/wp-content\/uploads\/2020\/06\/IMG_0366-2048x1536.jpeg 2048w, https:\/\/www.intellectualsovereignty.ch\/wp-content\/uploads\/2020\/06\/IMG_0366-1870x1403.jpeg 1870w, https:\/\/www.intellectualsovereignty.ch\/wp-content\/uploads\/2020\/06\/IMG_0366-400x300.jpeg 400w, https:\/\/www.intellectualsovereignty.ch\/wp-content\/uploads\/2020\/06\/IMG_0366-800x600.jpeg 800w\" sizes=\"auto, (max-width: 2560px) 100vw, 2560px\" \/><\/figure><\/li><li class=\"blocks-gallery-item\"><figure><img loading=\"lazy\" decoding=\"async\" width=\"2560\" height=\"1920\" data-attachment-id=\"416\" data-permalink=\"https:\/\/www.intellectualsovereignty.ch\/index.php\/2020\/05\/31\/hike-21-iseltwald-staatshuette-schweibenalp-brienz-oberried\/img_0367\/\" data-orig-file=\"https:\/\/www.intellectualsovereignty.ch\/wp-content\/uploads\/2020\/06\/IMG_0367-scaled.jpeg\" data-orig-size=\"2560,1920\" data-comments-opened=\"0\" data-image-title=\"IMG_0367\" data-image-description=\"\" data-image-caption=\"\" data-large-file=\"https:\/\/www.intellectualsovereignty.ch\/wp-content\/uploads\/2020\/06\/IMG_0367-1024x768.jpeg\" src=\"https:\/\/i2.wp.com\/www.intellectualsovereignty.ch\/wp-content\/uploads\/2020\/06\/IMG_0367-scaled.jpeg?fit=520%2C390&amp;ssl=1\" alt=\"\" data-id=\"416\" data-full-url=\"https:\/\/i2.wp.com\/www.intellectualsovereignty.ch\/wp-content\/uploads\/2020\/06\/IMG_0367-scaled.jpeg?fit=2560%2C1920&amp;ssl=1\" data-link=\"https:\/\/www.intellectualsovereignty.ch\/?attachment_id=416\" class=\"wp-image-416\" srcset=\"https:\/\/www.intellectualsovereignty.ch\/wp-content\/uploads\/2020\/06\/IMG_0367-scaled.jpeg 2560w, https:\/\/www.intellectualsovereignty.ch\/wp-content\/uploads\/2020\/06\/IMG_0367-300x225.jpeg 300w, https:\/\/www.intellectualsovereignty.ch\/wp-content\/uploads\/2020\/06\/IMG_0367-1024x768.jpeg 1024w, https:\/\/www.intellectualsovereignty.ch\/wp-content\/uploads\/2020\/06\/IMG_0367-768x576.jpeg 768w, https:\/\/www.intellectualsovereignty.ch\/wp-content\/uploads\/2020\/06\/IMG_0367-1536x1152.jpeg 1536w, https:\/\/www.intellectualsovereignty.ch\/wp-content\/uploads\/2020\/06\/IMG_0367-2048x1536.jpeg 2048w, https:\/\/www.intellectualsovereignty.ch\/wp-content\/uploads\/2020\/06\/IMG_0367-1870x1403.jpeg 1870w, https:\/\/www.intellectualsovereignty.ch\/wp-content\/uploads\/2020\/06\/IMG_0367-400x300.jpeg 400w, https:\/\/www.intellectualsovereignty.ch\/wp-content\/uploads\/2020\/06\/IMG_0367-800x600.jpeg 800w\" sizes=\"auto, (max-width: 2560px) 100vw, 2560px\" \/><\/figure><\/li><\/ul><\/figure>\n\n\n\n<hr class=\"wp-block-separator\"\/>\n\n\n\n<p class=\"wp-block-paragraph\">Distanz: 27.1km<br>H\u00f6henmeter: 1\u2019592m<br>Marschzeit: 7h55 (\u00fcber zwei Tage verteilt)<br>GPS-Route:&nbsp;<a rel=\"noreferrer noopener\" href=\"https:\/\/map.schweizmobil.ch\/?lang=de&amp;photos=yes&amp;logo=yes&amp;season=summer&amp;bgLayer=pk&amp;resolution=7.71&amp;E=2643237&amp;N=1175240&amp;layers=Wanderland&amp;trackId=7056420\" target=\"_blank\">SchweizMobil<\/a><br>Beschrieb:&nbsp;<a rel=\"noreferrer noopener\" href=\"https:\/\/www.schweizmobil.ch\/de\/wanderland\/routen\/route-0360.html\" target=\"_blank\">Weg der drei Wasserf\u00e4lle<\/a>, Etappe 2 (Abschnitt Giessbach &#8211; Brienz) und <a rel=\"noreferrer noopener\" href=\"https:\/\/www.schweizmobil.ch\/de\/wanderland\/routen\/regionale-routen\/route-004.html\" target=\"_blank\">Via Jacobi (Nr. 4)<\/a>, Etappe 9 (Abschnitt Brienz &#8211; Oberried) <\/p>\n\n\n[sgpx gpx=\/wp-content\/uploads\/gpx\/20200530_iseltwaldstaatshutteschweibenalpbrienzoberried.gpx ]\n","protected":false},"excerpt":{"rendered":"<p>Schon vor einiger Zeit hat Bea auf der Schweibenalp im Rahmen einer Weiterbildung ein paar Tage verbracht und davon geschw\u00e4rmt, mal zu zweit diesen speziellen Ort wieder zu besuchen. So haben wir uns dazu aufgemacht und \u00fcber zwei Tage Wandern mit Entspannung verbunden. Die Anfahrt mit Zug und Postauto nach Iseltwald ist problemlos, auch wenn [&hellip;]<\/p>\n","protected":false},"author":1,"featured_media":396,"comment_status":"open","ping_status":"closed","sticky":false,"template":"","format":"standard","meta":{"_jetpack_newsletter_access":"","_jetpack_dont_email_post_to_subs":false,"_jetpack_newsletter_tier_id":0,"_jetpack_memberships_contains_paywalled_content":false,"_spotmap_latitude":"","_spotmap_longitude":"","_jetpack_feature_clip_id":0,"_jetpack_memberships_contains_paid_content":false,"footnotes":"","jetpack_post_was_ever_published":false},"categories":[3],"tags":[11],"class_list":["post-379","post","type-post","status-publish","format-standard","has-post-thumbnail","hentry","category-hiking","tag-ch_004","has-thumbnail"],"jetpack_shortlink":"https:\/\/wp.me\/p9IwFN-67","jetpack_likes_enabled":false,"jetpack_sharing_enabled":true,"jetpack_featured_media_url":"https:\/\/www.intellectualsovereignty.ch\/wp-content\/uploads\/2020\/06\/IMG_0342-scaled.jpeg","_links":{"self":[{"href":"https:\/\/www.intellectualsovereignty.ch\/index.php\/wp-json\/wp\/v2\/posts\/379","targetHints":{"allow":["GET"]}}],"collection":[{"href":"https:\/\/www.intellectualsovereignty.ch\/index.php\/wp-json\/wp\/v2\/posts"}],"about":[{"href":"https:\/\/www.intellectualsovereignty.ch\/index.php\/wp-json\/wp\/v2\/types\/post"}],"author":[{"embeddable":true,"href":"https:\/\/www.intellectualsovereignty.ch\/index.php\/wp-json\/wp\/v2\/users\/1"}],"replies":[{"embeddable":true,"href":"https:\/\/www.intellectualsovereignty.ch\/index.php\/wp-json\/wp\/v2\/comments?post=379"}],"version-history":[{"count":1,"href":"https:\/\/www.intellectualsovereignty.ch\/index.php\/wp-json\/wp\/v2\/posts\/379\/revisions"}],"predecessor-version":[{"id":517,"href":"https:\/\/www.intellectualsovereignty.ch\/index.php\/wp-json\/wp\/v2\/posts\/379\/revisions\/517"}],"wp:featuredmedia":[{"embeddable":true,"href":"https:\/\/www.intellectualsovereignty.ch\/index.php\/wp-json\/wp\/v2\/media\/396"}],"wp:attachment":[{"href":"https:\/\/www.intellectualsovereignty.ch\/index.php\/wp-json\/wp\/v2\/media?parent=379"}],"wp:term":[{"taxonomy":"category","embeddable":true,"href":"https:\/\/www.intellectualsovereignty.ch\/index.php\/wp-json\/wp\/v2\/categories?post=379"},{"taxonomy":"post_tag","embeddable":true,"href":"https:\/\/www.intellectualsovereignty.ch\/index.php\/wp-json\/wp\/v2\/tags?post=379"}],"curies":[{"name":"wp","href":"https:\/\/api.w.org\/{rel}","templated":true}]}}