{"id":3253,"date":"2021-07-21T21:36:47","date_gmt":"2021-07-21T19:36:47","guid":{"rendered":"https:\/\/www.intellectualsovereignty.ch\/index.php\/2021\/07\/21\/hike63-alp-siez-tritt-ob-elm\/"},"modified":"2021-08-03T21:11:18","modified_gmt":"2021-08-03T19:11:18","slug":"hike63-alp-siez-tritt-ob-elm","status":"publish","type":"post","link":"https:\/\/www.intellectualsovereignty.ch\/index.php\/2021\/07\/21\/hike63-alp-siez-tritt-ob-elm\/","title":{"rendered":"Hike#63 \/ Alp Siez &#8211; Tritt ob Elm"},"content":{"rendered":"\n<p class=\"wp-block-paragraph\">Mein zweiter Tag auf der Via Alpina startet nicht wirklich ausgeruht, mein Schlaf war etwas gar oberfl\u00e4chlich. Daf\u00fcr stimmt das Wetter und nach dem Fr\u00fchst\u00fcck geht\u2018s auch schon hoch Richtung Alp Foo und dem zugeh\u00f6rigen Pass. Zuerst steil und steinig, danach in fettem Weidengras verlaufend folgt der Wanderweg der Seez. Von der Alp Foo blickt man in drei imposante Talkessel, doch der Blick auf den Pass gibts erst nach einer weiteren halben Stunde. Auf hslber Strecke zum Pass versinke ich mit meinem rechten Bein knietief im Sumpf. Den Schuh kriege ich zum Gl\u00fcck noch raus, entsprechend sieht er aber aus\u2026 Oben angekommen ein fulminanter Ausblick auf Elm, wo ich dahinter schon den Richetlipass resp. den Erbser Stock ausmache.<\/p>\n\n\n\n<figure class=\"wp-block-gallery columns-3 is-cropped wp-block-gallery-1 is-layout-flex wp-block-gallery-is-layout-flex\"><ul class=\"blocks-gallery-grid\"><li class=\"blocks-gallery-item\"><figure><img loading=\"lazy\" decoding=\"async\" width=\"2000\" height=\"1500\" data-attachment-id=\"3216\" data-permalink=\"https:\/\/www.intellectualsovereignty.ch\/index.php\/2021\/07\/21\/hike63-alp-siez-tritt-ob-elm\/img_3878\/\" data-orig-file=\"https:\/\/www.intellectualsovereignty.ch\/wp-content\/uploads\/2021\/07\/img_3878.jpg\" data-orig-size=\"2000,1500\" data-comments-opened=\"0\" data-image-title=\"img_3878\" data-image-description=\"\" data-image-caption=\"\" data-large-file=\"https:\/\/www.intellectualsovereignty.ch\/wp-content\/uploads\/2021\/07\/img_3878-1024x768.jpg\" src=\"https:\/\/www.intellectualsovereignty.ch\/wp-content\/uploads\/2021\/07\/img_3878.jpg\" data-id=\"3216\" class=\"wp-image-3216\" srcset=\"https:\/\/www.intellectualsovereignty.ch\/wp-content\/uploads\/2021\/07\/img_3878.jpg 2000w, https:\/\/www.intellectualsovereignty.ch\/wp-content\/uploads\/2021\/07\/img_3878-300x225.jpg 300w, https:\/\/www.intellectualsovereignty.ch\/wp-content\/uploads\/2021\/07\/img_3878-1024x768.jpg 1024w, https:\/\/www.intellectualsovereignty.ch\/wp-content\/uploads\/2021\/07\/img_3878-768x576.jpg 768w, https:\/\/www.intellectualsovereignty.ch\/wp-content\/uploads\/2021\/07\/img_3878-1536x1152.jpg 1536w, https:\/\/www.intellectualsovereignty.ch\/wp-content\/uploads\/2021\/07\/img_3878-1870x1403.jpg 1870w, https:\/\/www.intellectualsovereignty.ch\/wp-content\/uploads\/2021\/07\/img_3878-400x300.jpg 400w, https:\/\/www.intellectualsovereignty.ch\/wp-content\/uploads\/2021\/07\/img_3878-800x600.jpg 800w\" sizes=\"auto, (max-width: 2000px) 100vw, 2000px\" \/><\/figure><\/li><li class=\"blocks-gallery-item\"><figure><img loading=\"lazy\" decoding=\"async\" width=\"2000\" height=\"1500\" data-attachment-id=\"3215\" data-permalink=\"https:\/\/www.intellectualsovereignty.ch\/index.php\/2021\/07\/21\/hike63-alp-siez-tritt-ob-elm\/img_3879\/\" data-orig-file=\"https:\/\/www.intellectualsovereignty.ch\/wp-content\/uploads\/2021\/07\/img_3879.jpg\" data-orig-size=\"2000,1500\" data-comments-opened=\"0\" data-image-title=\"img_3879\" data-image-description=\"\" data-image-caption=\"\" data-large-file=\"https:\/\/www.intellectualsovereignty.ch\/wp-content\/uploads\/2021\/07\/img_3879-1024x768.jpg\" src=\"https:\/\/www.intellectualsovereignty.ch\/wp-content\/uploads\/2021\/07\/img_3879.jpg\" data-id=\"3215\" class=\"wp-image-3215\" srcset=\"https:\/\/www.intellectualsovereignty.ch\/wp-content\/uploads\/2021\/07\/img_3879.jpg 2000w, https:\/\/www.intellectualsovereignty.ch\/wp-content\/uploads\/2021\/07\/img_3879-300x225.jpg 300w, https:\/\/www.intellectualsovereignty.ch\/wp-content\/uploads\/2021\/07\/img_3879-1024x768.jpg 1024w, https:\/\/www.intellectualsovereignty.ch\/wp-content\/uploads\/2021\/07\/img_3879-768x576.jpg 768w, https:\/\/www.intellectualsovereignty.ch\/wp-content\/uploads\/2021\/07\/img_3879-1536x1152.jpg 1536w, https:\/\/www.intellectualsovereignty.ch\/wp-content\/uploads\/2021\/07\/img_3879-1870x1403.jpg 1870w, https:\/\/www.intellectualsovereignty.ch\/wp-content\/uploads\/2021\/07\/img_3879-400x300.jpg 400w, https:\/\/www.intellectualsovereignty.ch\/wp-content\/uploads\/2021\/07\/img_3879-800x600.jpg 800w\" sizes=\"auto, (max-width: 2000px) 100vw, 2000px\" \/><\/figure><\/li><li class=\"blocks-gallery-item\"><figure><img loading=\"lazy\" decoding=\"async\" width=\"2000\" height=\"1500\" data-attachment-id=\"3227\" data-permalink=\"https:\/\/www.intellectualsovereignty.ch\/index.php\/2021\/07\/21\/hike63-alp-siez-tritt-ob-elm\/img_3880\/\" data-orig-file=\"https:\/\/www.intellectualsovereignty.ch\/wp-content\/uploads\/2021\/07\/img_3880.jpg\" data-orig-size=\"2000,1500\" data-comments-opened=\"0\" data-image-title=\"img_3880\" data-image-description=\"\" data-image-caption=\"\" data-large-file=\"https:\/\/www.intellectualsovereignty.ch\/wp-content\/uploads\/2021\/07\/img_3880-1024x768.jpg\" src=\"https:\/\/www.intellectualsovereignty.ch\/wp-content\/uploads\/2021\/07\/img_3880.jpg\" data-id=\"3227\" class=\"wp-image-3227\" srcset=\"https:\/\/www.intellectualsovereignty.ch\/wp-content\/uploads\/2021\/07\/img_3880.jpg 2000w, https:\/\/www.intellectualsovereignty.ch\/wp-content\/uploads\/2021\/07\/img_3880-300x225.jpg 300w, https:\/\/www.intellectualsovereignty.ch\/wp-content\/uploads\/2021\/07\/img_3880-1024x768.jpg 1024w, https:\/\/www.intellectualsovereignty.ch\/wp-content\/uploads\/2021\/07\/img_3880-768x576.jpg 768w, https:\/\/www.intellectualsovereignty.ch\/wp-content\/uploads\/2021\/07\/img_3880-1536x1152.jpg 1536w, https:\/\/www.intellectualsovereignty.ch\/wp-content\/uploads\/2021\/07\/img_3880-1870x1403.jpg 1870w, https:\/\/www.intellectualsovereignty.ch\/wp-content\/uploads\/2021\/07\/img_3880-400x300.jpg 400w, https:\/\/www.intellectualsovereignty.ch\/wp-content\/uploads\/2021\/07\/img_3880-800x600.jpg 800w\" sizes=\"auto, (max-width: 2000px) 100vw, 2000px\" \/><\/figure><\/li><li class=\"blocks-gallery-item\"><figure><img loading=\"lazy\" decoding=\"async\" width=\"2000\" height=\"1500\" data-attachment-id=\"3226\" data-permalink=\"https:\/\/www.intellectualsovereignty.ch\/index.php\/2021\/07\/21\/hike63-alp-siez-tritt-ob-elm\/img_3881\/\" data-orig-file=\"https:\/\/www.intellectualsovereignty.ch\/wp-content\/uploads\/2021\/07\/img_3881.jpg\" data-orig-size=\"2000,1500\" data-comments-opened=\"0\" data-image-title=\"img_3881\" data-image-description=\"\" data-image-caption=\"\" data-large-file=\"https:\/\/www.intellectualsovereignty.ch\/wp-content\/uploads\/2021\/07\/img_3881-1024x768.jpg\" src=\"https:\/\/www.intellectualsovereignty.ch\/wp-content\/uploads\/2021\/07\/img_3881.jpg\" data-id=\"3226\" class=\"wp-image-3226\" srcset=\"https:\/\/www.intellectualsovereignty.ch\/wp-content\/uploads\/2021\/07\/img_3881.jpg 2000w, https:\/\/www.intellectualsovereignty.ch\/wp-content\/uploads\/2021\/07\/img_3881-300x225.jpg 300w, https:\/\/www.intellectualsovereignty.ch\/wp-content\/uploads\/2021\/07\/img_3881-1024x768.jpg 1024w, https:\/\/www.intellectualsovereignty.ch\/wp-content\/uploads\/2021\/07\/img_3881-768x576.jpg 768w, https:\/\/www.intellectualsovereignty.ch\/wp-content\/uploads\/2021\/07\/img_3881-1536x1152.jpg 1536w, https:\/\/www.intellectualsovereignty.ch\/wp-content\/uploads\/2021\/07\/img_3881-1870x1403.jpg 1870w, https:\/\/www.intellectualsovereignty.ch\/wp-content\/uploads\/2021\/07\/img_3881-400x300.jpg 400w, https:\/\/www.intellectualsovereignty.ch\/wp-content\/uploads\/2021\/07\/img_3881-800x600.jpg 800w\" sizes=\"auto, (max-width: 2000px) 100vw, 2000px\" \/><\/figure><\/li><li class=\"blocks-gallery-item\"><figure><img loading=\"lazy\" decoding=\"async\" width=\"2000\" height=\"1500\" data-attachment-id=\"3229\" data-permalink=\"https:\/\/www.intellectualsovereignty.ch\/index.php\/2021\/07\/21\/hike63-alp-siez-tritt-ob-elm\/img_3882\/\" data-orig-file=\"https:\/\/www.intellectualsovereignty.ch\/wp-content\/uploads\/2021\/07\/img_3882.jpg\" data-orig-size=\"2000,1500\" data-comments-opened=\"0\" data-image-title=\"img_3882\" data-image-description=\"\" data-image-caption=\"\" data-large-file=\"https:\/\/www.intellectualsovereignty.ch\/wp-content\/uploads\/2021\/07\/img_3882-1024x768.jpg\" src=\"https:\/\/www.intellectualsovereignty.ch\/wp-content\/uploads\/2021\/07\/img_3882.jpg\" data-id=\"3229\" class=\"wp-image-3229\" srcset=\"https:\/\/www.intellectualsovereignty.ch\/wp-content\/uploads\/2021\/07\/img_3882.jpg 2000w, https:\/\/www.intellectualsovereignty.ch\/wp-content\/uploads\/2021\/07\/img_3882-300x225.jpg 300w, https:\/\/www.intellectualsovereignty.ch\/wp-content\/uploads\/2021\/07\/img_3882-1024x768.jpg 1024w, https:\/\/www.intellectualsovereignty.ch\/wp-content\/uploads\/2021\/07\/img_3882-768x576.jpg 768w, https:\/\/www.intellectualsovereignty.ch\/wp-content\/uploads\/2021\/07\/img_3882-1536x1152.jpg 1536w, https:\/\/www.intellectualsovereignty.ch\/wp-content\/uploads\/2021\/07\/img_3882-1870x1403.jpg 1870w, https:\/\/www.intellectualsovereignty.ch\/wp-content\/uploads\/2021\/07\/img_3882-400x300.jpg 400w, https:\/\/www.intellectualsovereignty.ch\/wp-content\/uploads\/2021\/07\/img_3882-800x600.jpg 800w\" sizes=\"auto, (max-width: 2000px) 100vw, 2000px\" \/><\/figure><\/li><li class=\"blocks-gallery-item\"><figure><img loading=\"lazy\" decoding=\"async\" width=\"2000\" height=\"1500\" data-attachment-id=\"3224\" data-permalink=\"https:\/\/www.intellectualsovereignty.ch\/index.php\/2021\/07\/21\/hike63-alp-siez-tritt-ob-elm\/img_3883\/\" data-orig-file=\"https:\/\/www.intellectualsovereignty.ch\/wp-content\/uploads\/2021\/07\/img_3883.jpg\" data-orig-size=\"2000,1500\" data-comments-opened=\"0\" data-image-title=\"img_3883\" data-image-description=\"\" data-image-caption=\"\" data-large-file=\"https:\/\/www.intellectualsovereignty.ch\/wp-content\/uploads\/2021\/07\/img_3883-1024x768.jpg\" src=\"https:\/\/www.intellectualsovereignty.ch\/wp-content\/uploads\/2021\/07\/img_3883.jpg\" data-id=\"3224\" class=\"wp-image-3224\" srcset=\"https:\/\/www.intellectualsovereignty.ch\/wp-content\/uploads\/2021\/07\/img_3883.jpg 2000w, https:\/\/www.intellectualsovereignty.ch\/wp-content\/uploads\/2021\/07\/img_3883-300x225.jpg 300w, https:\/\/www.intellectualsovereignty.ch\/wp-content\/uploads\/2021\/07\/img_3883-1024x768.jpg 1024w, https:\/\/www.intellectualsovereignty.ch\/wp-content\/uploads\/2021\/07\/img_3883-768x576.jpg 768w, https:\/\/www.intellectualsovereignty.ch\/wp-content\/uploads\/2021\/07\/img_3883-1536x1152.jpg 1536w, https:\/\/www.intellectualsovereignty.ch\/wp-content\/uploads\/2021\/07\/img_3883-1870x1403.jpg 1870w, https:\/\/www.intellectualsovereignty.ch\/wp-content\/uploads\/2021\/07\/img_3883-400x300.jpg 400w, https:\/\/www.intellectualsovereignty.ch\/wp-content\/uploads\/2021\/07\/img_3883-800x600.jpg 800w\" sizes=\"auto, (max-width: 2000px) 100vw, 2000px\" \/><\/figure><\/li><li class=\"blocks-gallery-item\"><figure><img loading=\"lazy\" decoding=\"async\" width=\"2000\" height=\"1500\" data-attachment-id=\"3221\" data-permalink=\"https:\/\/www.intellectualsovereignty.ch\/index.php\/2021\/07\/21\/hike63-alp-siez-tritt-ob-elm\/img_3884\/\" data-orig-file=\"https:\/\/www.intellectualsovereignty.ch\/wp-content\/uploads\/2021\/07\/img_3884.jpg\" data-orig-size=\"2000,1500\" data-comments-opened=\"0\" data-image-title=\"img_3884\" data-image-description=\"\" data-image-caption=\"\" data-large-file=\"https:\/\/www.intellectualsovereignty.ch\/wp-content\/uploads\/2021\/07\/img_3884-1024x768.jpg\" src=\"https:\/\/www.intellectualsovereignty.ch\/wp-content\/uploads\/2021\/07\/img_3884.jpg\" data-id=\"3221\" class=\"wp-image-3221\" srcset=\"https:\/\/www.intellectualsovereignty.ch\/wp-content\/uploads\/2021\/07\/img_3884.jpg 2000w, https:\/\/www.intellectualsovereignty.ch\/wp-content\/uploads\/2021\/07\/img_3884-300x225.jpg 300w, https:\/\/www.intellectualsovereignty.ch\/wp-content\/uploads\/2021\/07\/img_3884-1024x768.jpg 1024w, https:\/\/www.intellectualsovereignty.ch\/wp-content\/uploads\/2021\/07\/img_3884-768x576.jpg 768w, https:\/\/www.intellectualsovereignty.ch\/wp-content\/uploads\/2021\/07\/img_3884-1536x1152.jpg 1536w, https:\/\/www.intellectualsovereignty.ch\/wp-content\/uploads\/2021\/07\/img_3884-1870x1403.jpg 1870w, https:\/\/www.intellectualsovereignty.ch\/wp-content\/uploads\/2021\/07\/img_3884-400x300.jpg 400w, https:\/\/www.intellectualsovereignty.ch\/wp-content\/uploads\/2021\/07\/img_3884-800x600.jpg 800w\" sizes=\"auto, (max-width: 2000px) 100vw, 2000px\" \/><\/figure><\/li><li class=\"blocks-gallery-item\"><figure><img loading=\"lazy\" decoding=\"async\" width=\"2000\" height=\"1502\" data-attachment-id=\"3220\" data-permalink=\"https:\/\/www.intellectualsovereignty.ch\/index.php\/2021\/07\/21\/hike63-alp-siez-tritt-ob-elm\/img_3885\/\" data-orig-file=\"https:\/\/www.intellectualsovereignty.ch\/wp-content\/uploads\/2021\/07\/img_3885.jpg\" data-orig-size=\"2000,1502\" data-comments-opened=\"0\" data-image-title=\"img_3885\" data-image-description=\"\" data-image-caption=\"\" data-large-file=\"https:\/\/www.intellectualsovereignty.ch\/wp-content\/uploads\/2021\/07\/img_3885-1024x769.jpg\" src=\"https:\/\/www.intellectualsovereignty.ch\/wp-content\/uploads\/2021\/07\/img_3885.jpg\" data-id=\"3220\" class=\"wp-image-3220\" srcset=\"https:\/\/www.intellectualsovereignty.ch\/wp-content\/uploads\/2021\/07\/img_3885.jpg 2000w, https:\/\/www.intellectualsovereignty.ch\/wp-content\/uploads\/2021\/07\/img_3885-300x225.jpg 300w, https:\/\/www.intellectualsovereignty.ch\/wp-content\/uploads\/2021\/07\/img_3885-1024x769.jpg 1024w, https:\/\/www.intellectualsovereignty.ch\/wp-content\/uploads\/2021\/07\/img_3885-768x577.jpg 768w, https:\/\/www.intellectualsovereignty.ch\/wp-content\/uploads\/2021\/07\/img_3885-1536x1154.jpg 1536w, https:\/\/www.intellectualsovereignty.ch\/wp-content\/uploads\/2021\/07\/img_3885-1870x1404.jpg 1870w, https:\/\/www.intellectualsovereignty.ch\/wp-content\/uploads\/2021\/07\/img_3885-400x300.jpg 400w, https:\/\/www.intellectualsovereignty.ch\/wp-content\/uploads\/2021\/07\/img_3885-800x601.jpg 800w\" sizes=\"auto, (max-width: 2000px) 100vw, 2000px\" \/><\/figure><\/li><li class=\"blocks-gallery-item\"><figure><img loading=\"lazy\" decoding=\"async\" width=\"2000\" height=\"1500\" data-attachment-id=\"3223\" data-permalink=\"https:\/\/www.intellectualsovereignty.ch\/index.php\/2021\/07\/21\/hike63-alp-siez-tritt-ob-elm\/img_3886\/\" data-orig-file=\"https:\/\/www.intellectualsovereignty.ch\/wp-content\/uploads\/2021\/07\/img_3886.jpg\" data-orig-size=\"2000,1500\" data-comments-opened=\"0\" data-image-title=\"img_3886\" data-image-description=\"\" data-image-caption=\"\" data-large-file=\"https:\/\/www.intellectualsovereignty.ch\/wp-content\/uploads\/2021\/07\/img_3886-1024x768.jpg\" src=\"https:\/\/www.intellectualsovereignty.ch\/wp-content\/uploads\/2021\/07\/img_3886.jpg\" data-id=\"3223\" class=\"wp-image-3223\" srcset=\"https:\/\/www.intellectualsovereignty.ch\/wp-content\/uploads\/2021\/07\/img_3886.jpg 2000w, https:\/\/www.intellectualsovereignty.ch\/wp-content\/uploads\/2021\/07\/img_3886-300x225.jpg 300w, https:\/\/www.intellectualsovereignty.ch\/wp-content\/uploads\/2021\/07\/img_3886-1024x768.jpg 1024w, https:\/\/www.intellectualsovereignty.ch\/wp-content\/uploads\/2021\/07\/img_3886-768x576.jpg 768w, https:\/\/www.intellectualsovereignty.ch\/wp-content\/uploads\/2021\/07\/img_3886-1536x1152.jpg 1536w, https:\/\/www.intellectualsovereignty.ch\/wp-content\/uploads\/2021\/07\/img_3886-1870x1403.jpg 1870w, https:\/\/www.intellectualsovereignty.ch\/wp-content\/uploads\/2021\/07\/img_3886-400x300.jpg 400w, https:\/\/www.intellectualsovereignty.ch\/wp-content\/uploads\/2021\/07\/img_3886-800x600.jpg 800w\" sizes=\"auto, (max-width: 2000px) 100vw, 2000px\" \/><\/figure><\/li><li class=\"blocks-gallery-item\"><figure><img loading=\"lazy\" decoding=\"async\" width=\"2000\" height=\"1500\" data-attachment-id=\"3230\" data-permalink=\"https:\/\/www.intellectualsovereignty.ch\/index.php\/2021\/07\/21\/hike63-alp-siez-tritt-ob-elm\/img_3887\/\" data-orig-file=\"https:\/\/www.intellectualsovereignty.ch\/wp-content\/uploads\/2021\/07\/img_3887.jpg\" data-orig-size=\"2000,1500\" data-comments-opened=\"0\" data-image-title=\"img_3887\" data-image-description=\"\" data-image-caption=\"\" data-large-file=\"https:\/\/www.intellectualsovereignty.ch\/wp-content\/uploads\/2021\/07\/img_3887-1024x768.jpg\" src=\"https:\/\/www.intellectualsovereignty.ch\/wp-content\/uploads\/2021\/07\/img_3887.jpg\" data-id=\"3230\" class=\"wp-image-3230\" srcset=\"https:\/\/www.intellectualsovereignty.ch\/wp-content\/uploads\/2021\/07\/img_3887.jpg 2000w, https:\/\/www.intellectualsovereignty.ch\/wp-content\/uploads\/2021\/07\/img_3887-300x225.jpg 300w, https:\/\/www.intellectualsovereignty.ch\/wp-content\/uploads\/2021\/07\/img_3887-1024x768.jpg 1024w, https:\/\/www.intellectualsovereignty.ch\/wp-content\/uploads\/2021\/07\/img_3887-768x576.jpg 768w, https:\/\/www.intellectualsovereignty.ch\/wp-content\/uploads\/2021\/07\/img_3887-1536x1152.jpg 1536w, https:\/\/www.intellectualsovereignty.ch\/wp-content\/uploads\/2021\/07\/img_3887-1870x1403.jpg 1870w, https:\/\/www.intellectualsovereignty.ch\/wp-content\/uploads\/2021\/07\/img_3887-400x300.jpg 400w, https:\/\/www.intellectualsovereignty.ch\/wp-content\/uploads\/2021\/07\/img_3887-800x600.jpg 800w\" sizes=\"auto, (max-width: 2000px) 100vw, 2000px\" \/><\/figure><\/li><li class=\"blocks-gallery-item\"><figure><img loading=\"lazy\" decoding=\"async\" width=\"2000\" height=\"614\" data-attachment-id=\"3218\" data-permalink=\"https:\/\/www.intellectualsovereignty.ch\/index.php\/2021\/07\/21\/hike63-alp-siez-tritt-ob-elm\/img_3889\/\" data-orig-file=\"https:\/\/www.intellectualsovereignty.ch\/wp-content\/uploads\/2021\/07\/img_3889.jpg\" data-orig-size=\"2000,614\" data-comments-opened=\"0\" data-image-title=\"img_3889\" data-image-description=\"\" data-image-caption=\"\" data-large-file=\"https:\/\/www.intellectualsovereignty.ch\/wp-content\/uploads\/2021\/07\/img_3889-1024x314.jpg\" src=\"https:\/\/www.intellectualsovereignty.ch\/wp-content\/uploads\/2021\/07\/img_3889.jpg\" data-id=\"3218\" class=\"wp-image-3218\" srcset=\"https:\/\/www.intellectualsovereignty.ch\/wp-content\/uploads\/2021\/07\/img_3889.jpg 2000w, https:\/\/www.intellectualsovereignty.ch\/wp-content\/uploads\/2021\/07\/img_3889-300x92.jpg 300w, https:\/\/www.intellectualsovereignty.ch\/wp-content\/uploads\/2021\/07\/img_3889-1024x314.jpg 1024w, https:\/\/www.intellectualsovereignty.ch\/wp-content\/uploads\/2021\/07\/img_3889-768x236.jpg 768w, https:\/\/www.intellectualsovereignty.ch\/wp-content\/uploads\/2021\/07\/img_3889-1536x472.jpg 1536w, https:\/\/www.intellectualsovereignty.ch\/wp-content\/uploads\/2021\/07\/img_3889-1870x574.jpg 1870w, https:\/\/www.intellectualsovereignty.ch\/wp-content\/uploads\/2021\/07\/img_3889-400x123.jpg 400w, https:\/\/www.intellectualsovereignty.ch\/wp-content\/uploads\/2021\/07\/img_3889-800x246.jpg 800w\" sizes=\"auto, (max-width: 2000px) 100vw, 2000px\" \/><\/figure><\/li><li class=\"blocks-gallery-item\"><figure><img loading=\"lazy\" decoding=\"async\" width=\"2000\" height=\"920\" data-attachment-id=\"3219\" data-permalink=\"https:\/\/www.intellectualsovereignty.ch\/index.php\/2021\/07\/21\/hike63-alp-siez-tritt-ob-elm\/img_3890\/\" data-orig-file=\"https:\/\/www.intellectualsovereignty.ch\/wp-content\/uploads\/2021\/07\/img_3890.jpg\" data-orig-size=\"2000,920\" data-comments-opened=\"0\" data-image-title=\"img_3890\" data-image-description=\"\" data-image-caption=\"\" data-large-file=\"https:\/\/www.intellectualsovereignty.ch\/wp-content\/uploads\/2021\/07\/img_3890-1024x471.jpg\" src=\"https:\/\/www.intellectualsovereignty.ch\/wp-content\/uploads\/2021\/07\/img_3890.jpg\" data-id=\"3219\" class=\"wp-image-3219\" srcset=\"https:\/\/www.intellectualsovereignty.ch\/wp-content\/uploads\/2021\/07\/img_3890.jpg 2000w, https:\/\/www.intellectualsovereignty.ch\/wp-content\/uploads\/2021\/07\/img_3890-300x138.jpg 300w, https:\/\/www.intellectualsovereignty.ch\/wp-content\/uploads\/2021\/07\/img_3890-1024x471.jpg 1024w, https:\/\/www.intellectualsovereignty.ch\/wp-content\/uploads\/2021\/07\/img_3890-768x353.jpg 768w, https:\/\/www.intellectualsovereignty.ch\/wp-content\/uploads\/2021\/07\/img_3890-1536x707.jpg 1536w, https:\/\/www.intellectualsovereignty.ch\/wp-content\/uploads\/2021\/07\/img_3890-1870x860.jpg 1870w, https:\/\/www.intellectualsovereignty.ch\/wp-content\/uploads\/2021\/07\/img_3890-400x184.jpg 400w, https:\/\/www.intellectualsovereignty.ch\/wp-content\/uploads\/2021\/07\/img_3890-800x368.jpg 800w\" sizes=\"auto, (max-width: 2000px) 100vw, 2000px\" \/><\/figure><\/li><li class=\"blocks-gallery-item\"><figure><img loading=\"lazy\" decoding=\"async\" width=\"2000\" height=\"1500\" data-attachment-id=\"3228\" data-permalink=\"https:\/\/www.intellectualsovereignty.ch\/index.php\/2021\/07\/21\/hike63-alp-siez-tritt-ob-elm\/img_3891\/\" data-orig-file=\"https:\/\/www.intellectualsovereignty.ch\/wp-content\/uploads\/2021\/07\/img_3891.jpg\" data-orig-size=\"2000,1500\" data-comments-opened=\"0\" data-image-title=\"img_3891\" data-image-description=\"\" data-image-caption=\"\" data-large-file=\"https:\/\/www.intellectualsovereignty.ch\/wp-content\/uploads\/2021\/07\/img_3891-1024x768.jpg\" src=\"https:\/\/www.intellectualsovereignty.ch\/wp-content\/uploads\/2021\/07\/img_3891.jpg\" data-id=\"3228\" class=\"wp-image-3228\" srcset=\"https:\/\/www.intellectualsovereignty.ch\/wp-content\/uploads\/2021\/07\/img_3891.jpg 2000w, https:\/\/www.intellectualsovereignty.ch\/wp-content\/uploads\/2021\/07\/img_3891-300x225.jpg 300w, https:\/\/www.intellectualsovereignty.ch\/wp-content\/uploads\/2021\/07\/img_3891-1024x768.jpg 1024w, https:\/\/www.intellectualsovereignty.ch\/wp-content\/uploads\/2021\/07\/img_3891-768x576.jpg 768w, https:\/\/www.intellectualsovereignty.ch\/wp-content\/uploads\/2021\/07\/img_3891-1536x1152.jpg 1536w, https:\/\/www.intellectualsovereignty.ch\/wp-content\/uploads\/2021\/07\/img_3891-1870x1403.jpg 1870w, https:\/\/www.intellectualsovereignty.ch\/wp-content\/uploads\/2021\/07\/img_3891-400x300.jpg 400w, https:\/\/www.intellectualsovereignty.ch\/wp-content\/uploads\/2021\/07\/img_3891-800x600.jpg 800w\" sizes=\"auto, (max-width: 2000px) 100vw, 2000px\" \/><\/figure><\/li><li class=\"blocks-gallery-item\"><figure><img loading=\"lazy\" decoding=\"async\" width=\"1999\" height=\"652\" data-attachment-id=\"3217\" data-permalink=\"https:\/\/www.intellectualsovereignty.ch\/index.php\/2021\/07\/21\/hike63-alp-siez-tritt-ob-elm\/img_3892\/\" data-orig-file=\"https:\/\/www.intellectualsovereignty.ch\/wp-content\/uploads\/2021\/07\/img_3892.jpg\" data-orig-size=\"1999,652\" data-comments-opened=\"0\" data-image-title=\"img_3892\" data-image-description=\"\" data-image-caption=\"\" data-large-file=\"https:\/\/www.intellectualsovereignty.ch\/wp-content\/uploads\/2021\/07\/img_3892-1024x334.jpg\" src=\"https:\/\/www.intellectualsovereignty.ch\/wp-content\/uploads\/2021\/07\/img_3892.jpg\" data-id=\"3217\" class=\"wp-image-3217\" srcset=\"https:\/\/www.intellectualsovereignty.ch\/wp-content\/uploads\/2021\/07\/img_3892.jpg 1999w, https:\/\/www.intellectualsovereignty.ch\/wp-content\/uploads\/2021\/07\/img_3892-300x98.jpg 300w, https:\/\/www.intellectualsovereignty.ch\/wp-content\/uploads\/2021\/07\/img_3892-1024x334.jpg 1024w, https:\/\/www.intellectualsovereignty.ch\/wp-content\/uploads\/2021\/07\/img_3892-768x250.jpg 768w, https:\/\/www.intellectualsovereignty.ch\/wp-content\/uploads\/2021\/07\/img_3892-1536x501.jpg 1536w, https:\/\/www.intellectualsovereignty.ch\/wp-content\/uploads\/2021\/07\/img_3892-1870x610.jpg 1870w, https:\/\/www.intellectualsovereignty.ch\/wp-content\/uploads\/2021\/07\/img_3892-400x130.jpg 400w, https:\/\/www.intellectualsovereignty.ch\/wp-content\/uploads\/2021\/07\/img_3892-800x261.jpg 800w\" sizes=\"auto, (max-width: 1999px) 100vw, 1999px\" \/><\/figure><\/li><li class=\"blocks-gallery-item\"><figure><img loading=\"lazy\" decoding=\"async\" width=\"2000\" height=\"878\" data-attachment-id=\"3222\" data-permalink=\"https:\/\/www.intellectualsovereignty.ch\/index.php\/2021\/07\/21\/hike63-alp-siez-tritt-ob-elm\/img_3893\/\" data-orig-file=\"https:\/\/www.intellectualsovereignty.ch\/wp-content\/uploads\/2021\/07\/img_3893.jpg\" data-orig-size=\"2000,878\" data-comments-opened=\"0\" data-image-title=\"img_3893\" data-image-description=\"\" data-image-caption=\"\" data-large-file=\"https:\/\/www.intellectualsovereignty.ch\/wp-content\/uploads\/2021\/07\/img_3893-1024x450.jpg\" src=\"https:\/\/www.intellectualsovereignty.ch\/wp-content\/uploads\/2021\/07\/img_3893.jpg\" data-id=\"3222\" class=\"wp-image-3222\" srcset=\"https:\/\/www.intellectualsovereignty.ch\/wp-content\/uploads\/2021\/07\/img_3893.jpg 2000w, https:\/\/www.intellectualsovereignty.ch\/wp-content\/uploads\/2021\/07\/img_3893-300x132.jpg 300w, https:\/\/www.intellectualsovereignty.ch\/wp-content\/uploads\/2021\/07\/img_3893-1024x450.jpg 1024w, https:\/\/www.intellectualsovereignty.ch\/wp-content\/uploads\/2021\/07\/img_3893-768x337.jpg 768w, https:\/\/www.intellectualsovereignty.ch\/wp-content\/uploads\/2021\/07\/img_3893-1536x674.jpg 1536w, https:\/\/www.intellectualsovereignty.ch\/wp-content\/uploads\/2021\/07\/img_3893-1870x821.jpg 1870w, https:\/\/www.intellectualsovereignty.ch\/wp-content\/uploads\/2021\/07\/img_3893-400x176.jpg 400w, https:\/\/www.intellectualsovereignty.ch\/wp-content\/uploads\/2021\/07\/img_3893-800x351.jpg 800w\" sizes=\"auto, (max-width: 2000px) 100vw, 2000px\" \/><\/figure><\/li><li class=\"blocks-gallery-item\"><figure><img loading=\"lazy\" decoding=\"async\" width=\"2000\" height=\"1500\" data-attachment-id=\"3225\" data-permalink=\"https:\/\/www.intellectualsovereignty.ch\/index.php\/2021\/07\/21\/hike63-alp-siez-tritt-ob-elm\/img_3894\/\" data-orig-file=\"https:\/\/www.intellectualsovereignty.ch\/wp-content\/uploads\/2021\/07\/img_3894.jpg\" data-orig-size=\"2000,1500\" data-comments-opened=\"0\" data-image-title=\"img_3894\" data-image-description=\"\" data-image-caption=\"\" data-large-file=\"https:\/\/www.intellectualsovereignty.ch\/wp-content\/uploads\/2021\/07\/img_3894-1024x768.jpg\" src=\"https:\/\/www.intellectualsovereignty.ch\/wp-content\/uploads\/2021\/07\/img_3894.jpg\" data-id=\"3225\" class=\"wp-image-3225\" srcset=\"https:\/\/www.intellectualsovereignty.ch\/wp-content\/uploads\/2021\/07\/img_3894.jpg 2000w, https:\/\/www.intellectualsovereignty.ch\/wp-content\/uploads\/2021\/07\/img_3894-300x225.jpg 300w, https:\/\/www.intellectualsovereignty.ch\/wp-content\/uploads\/2021\/07\/img_3894-1024x768.jpg 1024w, https:\/\/www.intellectualsovereignty.ch\/wp-content\/uploads\/2021\/07\/img_3894-768x576.jpg 768w, https:\/\/www.intellectualsovereignty.ch\/wp-content\/uploads\/2021\/07\/img_3894-1536x1152.jpg 1536w, https:\/\/www.intellectualsovereignty.ch\/wp-content\/uploads\/2021\/07\/img_3894-1870x1403.jpg 1870w, https:\/\/www.intellectualsovereignty.ch\/wp-content\/uploads\/2021\/07\/img_3894-400x300.jpg 400w, https:\/\/www.intellectualsovereignty.ch\/wp-content\/uploads\/2021\/07\/img_3894-800x600.jpg 800w\" sizes=\"auto, (max-width: 2000px) 100vw, 2000px\" \/><\/figure><\/li><li class=\"blocks-gallery-item\"><figure><img loading=\"lazy\" decoding=\"async\" width=\"1334\" height=\"750\" data-attachment-id=\"3231\" data-permalink=\"https:\/\/www.intellectualsovereignty.ch\/index.php\/2021\/07\/21\/hike63-alp-siez-tritt-ob-elm\/img_3895\/\" data-orig-file=\"https:\/\/www.intellectualsovereignty.ch\/wp-content\/uploads\/2021\/07\/img_3895.png\" data-orig-size=\"1334,750\" data-comments-opened=\"0\" data-image-title=\"img_3895\" data-image-description=\"\" data-image-caption=\"\" data-large-file=\"https:\/\/www.intellectualsovereignty.ch\/wp-content\/uploads\/2021\/07\/img_3895-1024x576.png\" src=\"https:\/\/www.intellectualsovereignty.ch\/wp-content\/uploads\/2021\/07\/img_3895.png\" data-id=\"3231\" class=\"wp-image-3231\" srcset=\"https:\/\/www.intellectualsovereignty.ch\/wp-content\/uploads\/2021\/07\/img_3895.png 1334w, https:\/\/www.intellectualsovereignty.ch\/wp-content\/uploads\/2021\/07\/img_3895-300x169.png 300w, https:\/\/www.intellectualsovereignty.ch\/wp-content\/uploads\/2021\/07\/img_3895-1024x576.png 1024w, https:\/\/www.intellectualsovereignty.ch\/wp-content\/uploads\/2021\/07\/img_3895-768x432.png 768w, https:\/\/www.intellectualsovereignty.ch\/wp-content\/uploads\/2021\/07\/img_3895-400x225.png 400w, https:\/\/www.intellectualsovereignty.ch\/wp-content\/uploads\/2021\/07\/img_3895-800x450.png 800w\" sizes=\"auto, (max-width: 1334px) 100vw, 1334px\" \/><\/figure><\/li><\/ul><\/figure>\n\n\n\n<p class=\"wp-block-paragraph\">Nach einem ergiebigen Lunch beginne ich mit dem Abstieg nach Elm, der erst steil dann abwechslungreich auf einem Kiesstr\u00e4sschen durch den Wald f\u00fchrt. Die drei Wasserf\u00e4lle auf der gegen\u00fcberliegenden Talseite haben es mir besonders angetan. Als ich unten ankomme bin ich vom h\u00fcbschen Wildcampingplatz \u00fcberrascht, doch da es erst kurz nach zwei Uhr ist, will ich noch m\u00f6glichst nahe zum Richetlipass gelangen. Eine St\u00e4rkung aus dem Dorfl\u00e4deli lasse ich mir nicht entgehen, nehme nach einer kurzen Pause auf dem Elmer Citro &#8211; Spielplatz wieder die Beine in die Hand\u2026<\/p>\n\n\n\n<figure class=\"wp-block-gallery columns-3 is-cropped wp-block-gallery-2 is-layout-flex wp-block-gallery-is-layout-flex\"><ul class=\"blocks-gallery-grid\"><li class=\"blocks-gallery-item\"><figure><img loading=\"lazy\" decoding=\"async\" width=\"2000\" height=\"1500\" data-attachment-id=\"3232\" data-permalink=\"https:\/\/www.intellectualsovereignty.ch\/index.php\/2021\/07\/21\/hike63-alp-siez-tritt-ob-elm\/img_3897\/\" data-orig-file=\"https:\/\/www.intellectualsovereignty.ch\/wp-content\/uploads\/2021\/07\/img_3897.jpg\" data-orig-size=\"2000,1500\" data-comments-opened=\"0\" data-image-title=\"img_3897\" data-image-description=\"\" data-image-caption=\"\" data-large-file=\"https:\/\/www.intellectualsovereignty.ch\/wp-content\/uploads\/2021\/07\/img_3897-1024x768.jpg\" src=\"https:\/\/www.intellectualsovereignty.ch\/wp-content\/uploads\/2021\/07\/img_3897.jpg\" data-id=\"3232\" class=\"wp-image-3232\" srcset=\"https:\/\/www.intellectualsovereignty.ch\/wp-content\/uploads\/2021\/07\/img_3897.jpg 2000w, https:\/\/www.intellectualsovereignty.ch\/wp-content\/uploads\/2021\/07\/img_3897-300x225.jpg 300w, https:\/\/www.intellectualsovereignty.ch\/wp-content\/uploads\/2021\/07\/img_3897-1024x768.jpg 1024w, https:\/\/www.intellectualsovereignty.ch\/wp-content\/uploads\/2021\/07\/img_3897-768x576.jpg 768w, https:\/\/www.intellectualsovereignty.ch\/wp-content\/uploads\/2021\/07\/img_3897-1536x1152.jpg 1536w, https:\/\/www.intellectualsovereignty.ch\/wp-content\/uploads\/2021\/07\/img_3897-1870x1403.jpg 1870w, https:\/\/www.intellectualsovereignty.ch\/wp-content\/uploads\/2021\/07\/img_3897-400x300.jpg 400w, https:\/\/www.intellectualsovereignty.ch\/wp-content\/uploads\/2021\/07\/img_3897-800x600.jpg 800w\" sizes=\"auto, (max-width: 2000px) 100vw, 2000px\" \/><\/figure><\/li><li class=\"blocks-gallery-item\"><figure><img loading=\"lazy\" decoding=\"async\" width=\"2000\" height=\"1500\" data-attachment-id=\"3235\" data-permalink=\"https:\/\/www.intellectualsovereignty.ch\/index.php\/2021\/07\/21\/hike63-alp-siez-tritt-ob-elm\/img_3898\/\" data-orig-file=\"https:\/\/www.intellectualsovereignty.ch\/wp-content\/uploads\/2021\/07\/img_3898.jpg\" data-orig-size=\"2000,1500\" data-comments-opened=\"0\" data-image-title=\"img_3898\" data-image-description=\"\" data-image-caption=\"\" data-large-file=\"https:\/\/www.intellectualsovereignty.ch\/wp-content\/uploads\/2021\/07\/img_3898-1024x768.jpg\" src=\"https:\/\/www.intellectualsovereignty.ch\/wp-content\/uploads\/2021\/07\/img_3898.jpg\" data-id=\"3235\" class=\"wp-image-3235\" srcset=\"https:\/\/www.intellectualsovereignty.ch\/wp-content\/uploads\/2021\/07\/img_3898.jpg 2000w, https:\/\/www.intellectualsovereignty.ch\/wp-content\/uploads\/2021\/07\/img_3898-300x225.jpg 300w, https:\/\/www.intellectualsovereignty.ch\/wp-content\/uploads\/2021\/07\/img_3898-1024x768.jpg 1024w, https:\/\/www.intellectualsovereignty.ch\/wp-content\/uploads\/2021\/07\/img_3898-768x576.jpg 768w, https:\/\/www.intellectualsovereignty.ch\/wp-content\/uploads\/2021\/07\/img_3898-1536x1152.jpg 1536w, https:\/\/www.intellectualsovereignty.ch\/wp-content\/uploads\/2021\/07\/img_3898-1870x1403.jpg 1870w, https:\/\/www.intellectualsovereignty.ch\/wp-content\/uploads\/2021\/07\/img_3898-400x300.jpg 400w, https:\/\/www.intellectualsovereignty.ch\/wp-content\/uploads\/2021\/07\/img_3898-800x600.jpg 800w\" sizes=\"auto, (max-width: 2000px) 100vw, 2000px\" \/><\/figure><\/li><li class=\"blocks-gallery-item\"><figure><img loading=\"lazy\" decoding=\"async\" width=\"2000\" height=\"1500\" data-attachment-id=\"3233\" data-permalink=\"https:\/\/www.intellectualsovereignty.ch\/index.php\/2021\/07\/21\/hike63-alp-siez-tritt-ob-elm\/img_3899\/\" data-orig-file=\"https:\/\/www.intellectualsovereignty.ch\/wp-content\/uploads\/2021\/07\/img_3899.jpg\" data-orig-size=\"2000,1500\" data-comments-opened=\"0\" data-image-title=\"img_3899\" data-image-description=\"\" data-image-caption=\"\" data-large-file=\"https:\/\/www.intellectualsovereignty.ch\/wp-content\/uploads\/2021\/07\/img_3899-1024x768.jpg\" src=\"https:\/\/www.intellectualsovereignty.ch\/wp-content\/uploads\/2021\/07\/img_3899.jpg\" data-id=\"3233\" class=\"wp-image-3233\" srcset=\"https:\/\/www.intellectualsovereignty.ch\/wp-content\/uploads\/2021\/07\/img_3899.jpg 2000w, https:\/\/www.intellectualsovereignty.ch\/wp-content\/uploads\/2021\/07\/img_3899-300x225.jpg 300w, https:\/\/www.intellectualsovereignty.ch\/wp-content\/uploads\/2021\/07\/img_3899-1024x768.jpg 1024w, https:\/\/www.intellectualsovereignty.ch\/wp-content\/uploads\/2021\/07\/img_3899-768x576.jpg 768w, https:\/\/www.intellectualsovereignty.ch\/wp-content\/uploads\/2021\/07\/img_3899-1536x1152.jpg 1536w, https:\/\/www.intellectualsovereignty.ch\/wp-content\/uploads\/2021\/07\/img_3899-1870x1403.jpg 1870w, https:\/\/www.intellectualsovereignty.ch\/wp-content\/uploads\/2021\/07\/img_3899-400x300.jpg 400w, https:\/\/www.intellectualsovereignty.ch\/wp-content\/uploads\/2021\/07\/img_3899-800x600.jpg 800w\" sizes=\"auto, (max-width: 2000px) 100vw, 2000px\" \/><\/figure><\/li><li class=\"blocks-gallery-item\"><figure><img loading=\"lazy\" decoding=\"async\" width=\"1500\" height=\"2000\" data-attachment-id=\"3237\" data-permalink=\"https:\/\/www.intellectualsovereignty.ch\/index.php\/2021\/07\/21\/hike63-alp-siez-tritt-ob-elm\/img_3900\/\" data-orig-file=\"https:\/\/www.intellectualsovereignty.ch\/wp-content\/uploads\/2021\/07\/img_3900.jpg\" data-orig-size=\"1500,2000\" data-comments-opened=\"0\" data-image-title=\"img_3900\" data-image-description=\"\" data-image-caption=\"\" data-large-file=\"https:\/\/www.intellectualsovereignty.ch\/wp-content\/uploads\/2021\/07\/img_3900-768x1024.jpg\" src=\"https:\/\/www.intellectualsovereignty.ch\/wp-content\/uploads\/2021\/07\/img_3900.jpg\" data-id=\"3237\" class=\"wp-image-3237\" srcset=\"https:\/\/www.intellectualsovereignty.ch\/wp-content\/uploads\/2021\/07\/img_3900.jpg 1500w, https:\/\/www.intellectualsovereignty.ch\/wp-content\/uploads\/2021\/07\/img_3900-225x300.jpg 225w, https:\/\/www.intellectualsovereignty.ch\/wp-content\/uploads\/2021\/07\/img_3900-768x1024.jpg 768w, https:\/\/www.intellectualsovereignty.ch\/wp-content\/uploads\/2021\/07\/img_3900-1152x1536.jpg 1152w, https:\/\/www.intellectualsovereignty.ch\/wp-content\/uploads\/2021\/07\/img_3900-400x533.jpg 400w, https:\/\/www.intellectualsovereignty.ch\/wp-content\/uploads\/2021\/07\/img_3900-800x1067.jpg 800w\" sizes=\"auto, (max-width: 1500px) 100vw, 1500px\" \/><\/figure><\/li><li class=\"blocks-gallery-item\"><figure><img loading=\"lazy\" decoding=\"async\" width=\"2000\" height=\"1500\" data-attachment-id=\"3238\" data-permalink=\"https:\/\/www.intellectualsovereignty.ch\/index.php\/2021\/07\/21\/hike63-alp-siez-tritt-ob-elm\/img_3901\/\" data-orig-file=\"https:\/\/www.intellectualsovereignty.ch\/wp-content\/uploads\/2021\/07\/img_3901.jpg\" data-orig-size=\"2000,1500\" data-comments-opened=\"0\" data-image-title=\"img_3901\" data-image-description=\"\" data-image-caption=\"\" data-large-file=\"https:\/\/www.intellectualsovereignty.ch\/wp-content\/uploads\/2021\/07\/img_3901-1024x768.jpg\" src=\"https:\/\/www.intellectualsovereignty.ch\/wp-content\/uploads\/2021\/07\/img_3901.jpg\" data-id=\"3238\" class=\"wp-image-3238\" srcset=\"https:\/\/www.intellectualsovereignty.ch\/wp-content\/uploads\/2021\/07\/img_3901.jpg 2000w, https:\/\/www.intellectualsovereignty.ch\/wp-content\/uploads\/2021\/07\/img_3901-300x225.jpg 300w, https:\/\/www.intellectualsovereignty.ch\/wp-content\/uploads\/2021\/07\/img_3901-1024x768.jpg 1024w, https:\/\/www.intellectualsovereignty.ch\/wp-content\/uploads\/2021\/07\/img_3901-768x576.jpg 768w, https:\/\/www.intellectualsovereignty.ch\/wp-content\/uploads\/2021\/07\/img_3901-1536x1152.jpg 1536w, https:\/\/www.intellectualsovereignty.ch\/wp-content\/uploads\/2021\/07\/img_3901-1870x1403.jpg 1870w, https:\/\/www.intellectualsovereignty.ch\/wp-content\/uploads\/2021\/07\/img_3901-400x300.jpg 400w, https:\/\/www.intellectualsovereignty.ch\/wp-content\/uploads\/2021\/07\/img_3901-800x600.jpg 800w\" sizes=\"auto, (max-width: 2000px) 100vw, 2000px\" \/><\/figure><\/li><li class=\"blocks-gallery-item\"><figure><img loading=\"lazy\" decoding=\"async\" width=\"1500\" height=\"2000\" data-attachment-id=\"3239\" data-permalink=\"https:\/\/www.intellectualsovereignty.ch\/index.php\/2021\/07\/21\/hike63-alp-siez-tritt-ob-elm\/img_3902\/\" data-orig-file=\"https:\/\/www.intellectualsovereignty.ch\/wp-content\/uploads\/2021\/07\/img_3902.jpg\" data-orig-size=\"1500,2000\" data-comments-opened=\"0\" data-image-title=\"img_3902\" data-image-description=\"\" data-image-caption=\"\" data-large-file=\"https:\/\/www.intellectualsovereignty.ch\/wp-content\/uploads\/2021\/07\/img_3902-768x1024.jpg\" src=\"https:\/\/www.intellectualsovereignty.ch\/wp-content\/uploads\/2021\/07\/img_3902.jpg\" data-id=\"3239\" class=\"wp-image-3239\" srcset=\"https:\/\/www.intellectualsovereignty.ch\/wp-content\/uploads\/2021\/07\/img_3902.jpg 1500w, https:\/\/www.intellectualsovereignty.ch\/wp-content\/uploads\/2021\/07\/img_3902-225x300.jpg 225w, https:\/\/www.intellectualsovereignty.ch\/wp-content\/uploads\/2021\/07\/img_3902-768x1024.jpg 768w, https:\/\/www.intellectualsovereignty.ch\/wp-content\/uploads\/2021\/07\/img_3902-1152x1536.jpg 1152w, https:\/\/www.intellectualsovereignty.ch\/wp-content\/uploads\/2021\/07\/img_3902-400x533.jpg 400w, https:\/\/www.intellectualsovereignty.ch\/wp-content\/uploads\/2021\/07\/img_3902-800x1067.jpg 800w\" sizes=\"auto, (max-width: 1500px) 100vw, 1500px\" \/><\/figure><\/li><li class=\"blocks-gallery-item\"><figure><img loading=\"lazy\" decoding=\"async\" width=\"1500\" height=\"2000\" data-attachment-id=\"3240\" data-permalink=\"https:\/\/www.intellectualsovereignty.ch\/index.php\/2021\/07\/21\/hike63-alp-siez-tritt-ob-elm\/img_3903\/\" data-orig-file=\"https:\/\/www.intellectualsovereignty.ch\/wp-content\/uploads\/2021\/07\/img_3903.jpg\" data-orig-size=\"1500,2000\" data-comments-opened=\"0\" data-image-title=\"img_3903\" data-image-description=\"\" data-image-caption=\"\" data-large-file=\"https:\/\/www.intellectualsovereignty.ch\/wp-content\/uploads\/2021\/07\/img_3903-768x1024.jpg\" src=\"https:\/\/www.intellectualsovereignty.ch\/wp-content\/uploads\/2021\/07\/img_3903.jpg\" data-id=\"3240\" class=\"wp-image-3240\" srcset=\"https:\/\/www.intellectualsovereignty.ch\/wp-content\/uploads\/2021\/07\/img_3903.jpg 1500w, https:\/\/www.intellectualsovereignty.ch\/wp-content\/uploads\/2021\/07\/img_3903-225x300.jpg 225w, https:\/\/www.intellectualsovereignty.ch\/wp-content\/uploads\/2021\/07\/img_3903-768x1024.jpg 768w, https:\/\/www.intellectualsovereignty.ch\/wp-content\/uploads\/2021\/07\/img_3903-1152x1536.jpg 1152w, https:\/\/www.intellectualsovereignty.ch\/wp-content\/uploads\/2021\/07\/img_3903-400x533.jpg 400w, https:\/\/www.intellectualsovereignty.ch\/wp-content\/uploads\/2021\/07\/img_3903-800x1067.jpg 800w\" sizes=\"auto, (max-width: 1500px) 100vw, 1500px\" \/><\/figure><\/li><li class=\"blocks-gallery-item\"><figure><img loading=\"lazy\" decoding=\"async\" width=\"1500\" height=\"2000\" data-attachment-id=\"3241\" data-permalink=\"https:\/\/www.intellectualsovereignty.ch\/index.php\/2021\/07\/21\/hike63-alp-siez-tritt-ob-elm\/img_3904\/\" data-orig-file=\"https:\/\/www.intellectualsovereignty.ch\/wp-content\/uploads\/2021\/07\/img_3904.jpg\" data-orig-size=\"1500,2000\" data-comments-opened=\"0\" data-image-title=\"img_3904\" data-image-description=\"\" data-image-caption=\"\" data-large-file=\"https:\/\/www.intellectualsovereignty.ch\/wp-content\/uploads\/2021\/07\/img_3904-768x1024.jpg\" src=\"https:\/\/www.intellectualsovereignty.ch\/wp-content\/uploads\/2021\/07\/img_3904.jpg\" data-id=\"3241\" class=\"wp-image-3241\" srcset=\"https:\/\/www.intellectualsovereignty.ch\/wp-content\/uploads\/2021\/07\/img_3904.jpg 1500w, https:\/\/www.intellectualsovereignty.ch\/wp-content\/uploads\/2021\/07\/img_3904-225x300.jpg 225w, https:\/\/www.intellectualsovereignty.ch\/wp-content\/uploads\/2021\/07\/img_3904-768x1024.jpg 768w, https:\/\/www.intellectualsovereignty.ch\/wp-content\/uploads\/2021\/07\/img_3904-1152x1536.jpg 1152w, https:\/\/www.intellectualsovereignty.ch\/wp-content\/uploads\/2021\/07\/img_3904-400x533.jpg 400w, https:\/\/www.intellectualsovereignty.ch\/wp-content\/uploads\/2021\/07\/img_3904-800x1067.jpg 800w\" sizes=\"auto, (max-width: 1500px) 100vw, 1500px\" \/><\/figure><\/li><li class=\"blocks-gallery-item\"><figure><img loading=\"lazy\" decoding=\"async\" width=\"1500\" height=\"2000\" data-attachment-id=\"3243\" data-permalink=\"https:\/\/www.intellectualsovereignty.ch\/index.php\/2021\/07\/21\/hike63-alp-siez-tritt-ob-elm\/img_3905\/\" data-orig-file=\"https:\/\/www.intellectualsovereignty.ch\/wp-content\/uploads\/2021\/07\/img_3905.jpg\" data-orig-size=\"1500,2000\" data-comments-opened=\"0\" data-image-title=\"img_3905\" data-image-description=\"\" data-image-caption=\"\" data-large-file=\"https:\/\/www.intellectualsovereignty.ch\/wp-content\/uploads\/2021\/07\/img_3905-768x1024.jpg\" src=\"https:\/\/www.intellectualsovereignty.ch\/wp-content\/uploads\/2021\/07\/img_3905.jpg\" data-id=\"3243\" class=\"wp-image-3243\" srcset=\"https:\/\/www.intellectualsovereignty.ch\/wp-content\/uploads\/2021\/07\/img_3905.jpg 1500w, https:\/\/www.intellectualsovereignty.ch\/wp-content\/uploads\/2021\/07\/img_3905-225x300.jpg 225w, https:\/\/www.intellectualsovereignty.ch\/wp-content\/uploads\/2021\/07\/img_3905-768x1024.jpg 768w, https:\/\/www.intellectualsovereignty.ch\/wp-content\/uploads\/2021\/07\/img_3905-1152x1536.jpg 1152w, https:\/\/www.intellectualsovereignty.ch\/wp-content\/uploads\/2021\/07\/img_3905-400x533.jpg 400w, https:\/\/www.intellectualsovereignty.ch\/wp-content\/uploads\/2021\/07\/img_3905-800x1067.jpg 800w\" sizes=\"auto, (max-width: 1500px) 100vw, 1500px\" \/><\/figure><\/li><li class=\"blocks-gallery-item\"><figure><img loading=\"lazy\" decoding=\"async\" width=\"1999\" height=\"1084\" data-attachment-id=\"3236\" data-permalink=\"https:\/\/www.intellectualsovereignty.ch\/index.php\/2021\/07\/21\/hike63-alp-siez-tritt-ob-elm\/img_3906\/\" data-orig-file=\"https:\/\/www.intellectualsovereignty.ch\/wp-content\/uploads\/2021\/07\/img_3906.jpg\" data-orig-size=\"1999,1084\" data-comments-opened=\"0\" data-image-title=\"img_3906\" data-image-description=\"\" data-image-caption=\"\" data-large-file=\"https:\/\/www.intellectualsovereignty.ch\/wp-content\/uploads\/2021\/07\/img_3906-1024x555.jpg\" src=\"https:\/\/www.intellectualsovereignty.ch\/wp-content\/uploads\/2021\/07\/img_3906.jpg\" data-id=\"3236\" class=\"wp-image-3236\" srcset=\"https:\/\/www.intellectualsovereignty.ch\/wp-content\/uploads\/2021\/07\/img_3906.jpg 1999w, https:\/\/www.intellectualsovereignty.ch\/wp-content\/uploads\/2021\/07\/img_3906-300x163.jpg 300w, https:\/\/www.intellectualsovereignty.ch\/wp-content\/uploads\/2021\/07\/img_3906-1024x555.jpg 1024w, https:\/\/www.intellectualsovereignty.ch\/wp-content\/uploads\/2021\/07\/img_3906-768x416.jpg 768w, https:\/\/www.intellectualsovereignty.ch\/wp-content\/uploads\/2021\/07\/img_3906-1536x833.jpg 1536w, https:\/\/www.intellectualsovereignty.ch\/wp-content\/uploads\/2021\/07\/img_3906-1870x1014.jpg 1870w, https:\/\/www.intellectualsovereignty.ch\/wp-content\/uploads\/2021\/07\/img_3906-400x217.jpg 400w, https:\/\/www.intellectualsovereignty.ch\/wp-content\/uploads\/2021\/07\/img_3906-800x434.jpg 800w\" sizes=\"auto, (max-width: 1999px) 100vw, 1999px\" \/><\/figure><\/li><li class=\"blocks-gallery-item\"><figure><img loading=\"lazy\" decoding=\"async\" width=\"1500\" height=\"2000\" data-attachment-id=\"3244\" data-permalink=\"https:\/\/www.intellectualsovereignty.ch\/index.php\/2021\/07\/21\/hike63-alp-siez-tritt-ob-elm\/img_3907\/\" data-orig-file=\"https:\/\/www.intellectualsovereignty.ch\/wp-content\/uploads\/2021\/07\/img_3907.jpg\" data-orig-size=\"1500,2000\" data-comments-opened=\"0\" data-image-title=\"img_3907\" data-image-description=\"\" data-image-caption=\"\" data-large-file=\"https:\/\/www.intellectualsovereignty.ch\/wp-content\/uploads\/2021\/07\/img_3907-768x1024.jpg\" src=\"https:\/\/www.intellectualsovereignty.ch\/wp-content\/uploads\/2021\/07\/img_3907.jpg\" data-id=\"3244\" class=\"wp-image-3244\" srcset=\"https:\/\/www.intellectualsovereignty.ch\/wp-content\/uploads\/2021\/07\/img_3907.jpg 1500w, https:\/\/www.intellectualsovereignty.ch\/wp-content\/uploads\/2021\/07\/img_3907-225x300.jpg 225w, https:\/\/www.intellectualsovereignty.ch\/wp-content\/uploads\/2021\/07\/img_3907-768x1024.jpg 768w, https:\/\/www.intellectualsovereignty.ch\/wp-content\/uploads\/2021\/07\/img_3907-1152x1536.jpg 1152w, https:\/\/www.intellectualsovereignty.ch\/wp-content\/uploads\/2021\/07\/img_3907-400x533.jpg 400w, https:\/\/www.intellectualsovereignty.ch\/wp-content\/uploads\/2021\/07\/img_3907-800x1067.jpg 800w\" sizes=\"auto, (max-width: 1500px) 100vw, 1500px\" \/><\/figure><\/li><li class=\"blocks-gallery-item\"><figure><img loading=\"lazy\" decoding=\"async\" width=\"2000\" height=\"1500\" data-attachment-id=\"3234\" data-permalink=\"https:\/\/www.intellectualsovereignty.ch\/index.php\/2021\/07\/21\/hike63-alp-siez-tritt-ob-elm\/img_3908\/\" data-orig-file=\"https:\/\/www.intellectualsovereignty.ch\/wp-content\/uploads\/2021\/07\/img_3908.jpg\" data-orig-size=\"2000,1500\" data-comments-opened=\"0\" data-image-title=\"img_3908\" data-image-description=\"\" data-image-caption=\"\" data-large-file=\"https:\/\/www.intellectualsovereignty.ch\/wp-content\/uploads\/2021\/07\/img_3908-1024x768.jpg\" src=\"https:\/\/www.intellectualsovereignty.ch\/wp-content\/uploads\/2021\/07\/img_3908.jpg\" data-id=\"3234\" class=\"wp-image-3234\" srcset=\"https:\/\/www.intellectualsovereignty.ch\/wp-content\/uploads\/2021\/07\/img_3908.jpg 2000w, https:\/\/www.intellectualsovereignty.ch\/wp-content\/uploads\/2021\/07\/img_3908-300x225.jpg 300w, https:\/\/www.intellectualsovereignty.ch\/wp-content\/uploads\/2021\/07\/img_3908-1024x768.jpg 1024w, https:\/\/www.intellectualsovereignty.ch\/wp-content\/uploads\/2021\/07\/img_3908-768x576.jpg 768w, https:\/\/www.intellectualsovereignty.ch\/wp-content\/uploads\/2021\/07\/img_3908-1536x1152.jpg 1536w, https:\/\/www.intellectualsovereignty.ch\/wp-content\/uploads\/2021\/07\/img_3908-1870x1403.jpg 1870w, https:\/\/www.intellectualsovereignty.ch\/wp-content\/uploads\/2021\/07\/img_3908-400x300.jpg 400w, https:\/\/www.intellectualsovereignty.ch\/wp-content\/uploads\/2021\/07\/img_3908-800x600.jpg 800w\" sizes=\"auto, (max-width: 2000px) 100vw, 2000px\" \/><\/figure><\/li><li class=\"blocks-gallery-item\"><figure><img loading=\"lazy\" decoding=\"async\" width=\"2000\" height=\"1500\" data-attachment-id=\"3242\" data-permalink=\"https:\/\/www.intellectualsovereignty.ch\/index.php\/2021\/07\/21\/hike63-alp-siez-tritt-ob-elm\/img_3909\/\" data-orig-file=\"https:\/\/www.intellectualsovereignty.ch\/wp-content\/uploads\/2021\/07\/img_3909.jpg\" data-orig-size=\"2000,1500\" data-comments-opened=\"0\" data-image-title=\"img_3909\" data-image-description=\"\" data-image-caption=\"\" data-large-file=\"https:\/\/www.intellectualsovereignty.ch\/wp-content\/uploads\/2021\/07\/img_3909-1024x768.jpg\" src=\"https:\/\/www.intellectualsovereignty.ch\/wp-content\/uploads\/2021\/07\/img_3909.jpg\" data-id=\"3242\" class=\"wp-image-3242\" srcset=\"https:\/\/www.intellectualsovereignty.ch\/wp-content\/uploads\/2021\/07\/img_3909.jpg 2000w, https:\/\/www.intellectualsovereignty.ch\/wp-content\/uploads\/2021\/07\/img_3909-300x225.jpg 300w, https:\/\/www.intellectualsovereignty.ch\/wp-content\/uploads\/2021\/07\/img_3909-1024x768.jpg 1024w, https:\/\/www.intellectualsovereignty.ch\/wp-content\/uploads\/2021\/07\/img_3909-768x576.jpg 768w, https:\/\/www.intellectualsovereignty.ch\/wp-content\/uploads\/2021\/07\/img_3909-1536x1152.jpg 1536w, https:\/\/www.intellectualsovereignty.ch\/wp-content\/uploads\/2021\/07\/img_3909-1870x1403.jpg 1870w, https:\/\/www.intellectualsovereignty.ch\/wp-content\/uploads\/2021\/07\/img_3909-400x300.jpg 400w, https:\/\/www.intellectualsovereignty.ch\/wp-content\/uploads\/2021\/07\/img_3909-800x600.jpg 800w\" sizes=\"auto, (max-width: 2000px) 100vw, 2000px\" \/><\/figure><\/li><\/ul><\/figure>\n\n\n\n<p class=\"wp-block-paragraph\">Aufgrund eines Murgangs oberhalb von Elm sind mehrere Wanderwege gesperrt, deshalb die Via Alpina \u00fcber die Via Suworow umgeleitet. Mir bleibt also nicht anderes \u00fcbrig, als einen l\u00e0ngeren Abschnitt auf der Strasse und dann den uns\u00e4glich lang erscheinenden, aber sch\u00f6nen Aufstieg durch den Borst-Wald zu laufen, sehr anstrengend. In Obererbs angekommen g\u00f6nne ich mir ein Feierabendbier in der Skih\u00fctte und lasse mir ein Pl\u00e4tzchen f\u00fcr mein Zelt empfehlen! \ud83d\ude03<\/p>\n\n\n\n<figure class=\"wp-block-gallery columns-3 is-cropped wp-block-gallery-3 is-layout-flex wp-block-gallery-is-layout-flex\"><ul class=\"blocks-gallery-grid\"><li class=\"blocks-gallery-item\"><figure><img loading=\"lazy\" decoding=\"async\" width=\"2000\" height=\"1500\" data-attachment-id=\"3246\" data-permalink=\"https:\/\/www.intellectualsovereignty.ch\/index.php\/2021\/07\/21\/hike63-alp-siez-tritt-ob-elm\/img_3910\/\" data-orig-file=\"https:\/\/www.intellectualsovereignty.ch\/wp-content\/uploads\/2021\/07\/img_3910.jpg\" data-orig-size=\"2000,1500\" data-comments-opened=\"0\" data-image-title=\"img_3910\" data-image-description=\"\" data-image-caption=\"\" data-large-file=\"https:\/\/www.intellectualsovereignty.ch\/wp-content\/uploads\/2021\/07\/img_3910-1024x768.jpg\" src=\"https:\/\/www.intellectualsovereignty.ch\/wp-content\/uploads\/2021\/07\/img_3910.jpg\" data-id=\"3246\" class=\"wp-image-3246\" srcset=\"https:\/\/www.intellectualsovereignty.ch\/wp-content\/uploads\/2021\/07\/img_3910.jpg 2000w, https:\/\/www.intellectualsovereignty.ch\/wp-content\/uploads\/2021\/07\/img_3910-300x225.jpg 300w, https:\/\/www.intellectualsovereignty.ch\/wp-content\/uploads\/2021\/07\/img_3910-1024x768.jpg 1024w, https:\/\/www.intellectualsovereignty.ch\/wp-content\/uploads\/2021\/07\/img_3910-768x576.jpg 768w, https:\/\/www.intellectualsovereignty.ch\/wp-content\/uploads\/2021\/07\/img_3910-1536x1152.jpg 1536w, https:\/\/www.intellectualsovereignty.ch\/wp-content\/uploads\/2021\/07\/img_3910-1870x1403.jpg 1870w, https:\/\/www.intellectualsovereignty.ch\/wp-content\/uploads\/2021\/07\/img_3910-400x300.jpg 400w, https:\/\/www.intellectualsovereignty.ch\/wp-content\/uploads\/2021\/07\/img_3910-800x600.jpg 800w\" sizes=\"auto, (max-width: 2000px) 100vw, 2000px\" \/><\/figure><\/li><li class=\"blocks-gallery-item\"><figure><img loading=\"lazy\" decoding=\"async\" width=\"1500\" height=\"2000\" data-attachment-id=\"3245\" data-permalink=\"https:\/\/www.intellectualsovereignty.ch\/index.php\/2021\/07\/21\/hike63-alp-siez-tritt-ob-elm\/img_3911\/\" data-orig-file=\"https:\/\/www.intellectualsovereignty.ch\/wp-content\/uploads\/2021\/07\/img_3911.jpg\" data-orig-size=\"1500,2000\" data-comments-opened=\"0\" data-image-title=\"img_3911\" data-image-description=\"\" data-image-caption=\"\" data-large-file=\"https:\/\/www.intellectualsovereignty.ch\/wp-content\/uploads\/2021\/07\/img_3911-768x1024.jpg\" src=\"https:\/\/www.intellectualsovereignty.ch\/wp-content\/uploads\/2021\/07\/img_3911.jpg\" data-id=\"3245\" class=\"wp-image-3245\" srcset=\"https:\/\/www.intellectualsovereignty.ch\/wp-content\/uploads\/2021\/07\/img_3911.jpg 1500w, https:\/\/www.intellectualsovereignty.ch\/wp-content\/uploads\/2021\/07\/img_3911-225x300.jpg 225w, https:\/\/www.intellectualsovereignty.ch\/wp-content\/uploads\/2021\/07\/img_3911-768x1024.jpg 768w, https:\/\/www.intellectualsovereignty.ch\/wp-content\/uploads\/2021\/07\/img_3911-1152x1536.jpg 1152w, https:\/\/www.intellectualsovereignty.ch\/wp-content\/uploads\/2021\/07\/img_3911-400x533.jpg 400w, https:\/\/www.intellectualsovereignty.ch\/wp-content\/uploads\/2021\/07\/img_3911-800x1067.jpg 800w\" sizes=\"auto, (max-width: 1500px) 100vw, 1500px\" \/><\/figure><\/li><li class=\"blocks-gallery-item\"><figure><img loading=\"lazy\" decoding=\"async\" width=\"2000\" height=\"1500\" data-attachment-id=\"3250\" data-permalink=\"https:\/\/www.intellectualsovereignty.ch\/index.php\/2021\/07\/21\/hike63-alp-siez-tritt-ob-elm\/img_3912\/\" data-orig-file=\"https:\/\/www.intellectualsovereignty.ch\/wp-content\/uploads\/2021\/07\/img_3912.jpg\" data-orig-size=\"2000,1500\" data-comments-opened=\"0\" data-image-title=\"img_3912\" data-image-description=\"\" data-image-caption=\"\" data-large-file=\"https:\/\/www.intellectualsovereignty.ch\/wp-content\/uploads\/2021\/07\/img_3912-1024x768.jpg\" src=\"https:\/\/www.intellectualsovereignty.ch\/wp-content\/uploads\/2021\/07\/img_3912.jpg\" data-id=\"3250\" class=\"wp-image-3250\" srcset=\"https:\/\/www.intellectualsovereignty.ch\/wp-content\/uploads\/2021\/07\/img_3912.jpg 2000w, https:\/\/www.intellectualsovereignty.ch\/wp-content\/uploads\/2021\/07\/img_3912-300x225.jpg 300w, https:\/\/www.intellectualsovereignty.ch\/wp-content\/uploads\/2021\/07\/img_3912-1024x768.jpg 1024w, https:\/\/www.intellectualsovereignty.ch\/wp-content\/uploads\/2021\/07\/img_3912-768x576.jpg 768w, https:\/\/www.intellectualsovereignty.ch\/wp-content\/uploads\/2021\/07\/img_3912-1536x1152.jpg 1536w, https:\/\/www.intellectualsovereignty.ch\/wp-content\/uploads\/2021\/07\/img_3912-1870x1403.jpg 1870w, https:\/\/www.intellectualsovereignty.ch\/wp-content\/uploads\/2021\/07\/img_3912-400x300.jpg 400w, https:\/\/www.intellectualsovereignty.ch\/wp-content\/uploads\/2021\/07\/img_3912-800x600.jpg 800w\" sizes=\"auto, (max-width: 2000px) 100vw, 2000px\" \/><\/figure><\/li><li class=\"blocks-gallery-item\"><figure><img loading=\"lazy\" decoding=\"async\" width=\"2000\" height=\"464\" data-attachment-id=\"3247\" data-permalink=\"https:\/\/www.intellectualsovereignty.ch\/index.php\/2021\/07\/21\/hike63-alp-siez-tritt-ob-elm\/img_3913\/\" data-orig-file=\"https:\/\/www.intellectualsovereignty.ch\/wp-content\/uploads\/2021\/07\/img_3913.jpg\" data-orig-size=\"2000,464\" data-comments-opened=\"0\" data-image-title=\"img_3913\" data-image-description=\"\" data-image-caption=\"\" data-large-file=\"https:\/\/www.intellectualsovereignty.ch\/wp-content\/uploads\/2021\/07\/img_3913-1024x238.jpg\" src=\"https:\/\/www.intellectualsovereignty.ch\/wp-content\/uploads\/2021\/07\/img_3913.jpg\" data-id=\"3247\" class=\"wp-image-3247\" srcset=\"https:\/\/www.intellectualsovereignty.ch\/wp-content\/uploads\/2021\/07\/img_3913.jpg 2000w, https:\/\/www.intellectualsovereignty.ch\/wp-content\/uploads\/2021\/07\/img_3913-300x70.jpg 300w, https:\/\/www.intellectualsovereignty.ch\/wp-content\/uploads\/2021\/07\/img_3913-1024x238.jpg 1024w, https:\/\/www.intellectualsovereignty.ch\/wp-content\/uploads\/2021\/07\/img_3913-768x178.jpg 768w, https:\/\/www.intellectualsovereignty.ch\/wp-content\/uploads\/2021\/07\/img_3913-1536x356.jpg 1536w, https:\/\/www.intellectualsovereignty.ch\/wp-content\/uploads\/2021\/07\/img_3913-1870x434.jpg 1870w, https:\/\/www.intellectualsovereignty.ch\/wp-content\/uploads\/2021\/07\/img_3913-400x93.jpg 400w, https:\/\/www.intellectualsovereignty.ch\/wp-content\/uploads\/2021\/07\/img_3913-800x186.jpg 800w\" sizes=\"auto, (max-width: 2000px) 100vw, 2000px\" \/><\/figure><\/li><li class=\"blocks-gallery-item\"><figure><img loading=\"lazy\" decoding=\"async\" width=\"2000\" height=\"1500\" data-attachment-id=\"3249\" data-permalink=\"https:\/\/www.intellectualsovereignty.ch\/index.php\/2021\/07\/21\/hike63-alp-siez-tritt-ob-elm\/img_3914\/\" data-orig-file=\"https:\/\/www.intellectualsovereignty.ch\/wp-content\/uploads\/2021\/07\/img_3914.jpg\" data-orig-size=\"2000,1500\" data-comments-opened=\"0\" data-image-title=\"img_3914\" data-image-description=\"\" data-image-caption=\"\" data-large-file=\"https:\/\/www.intellectualsovereignty.ch\/wp-content\/uploads\/2021\/07\/img_3914-1024x768.jpg\" src=\"https:\/\/www.intellectualsovereignty.ch\/wp-content\/uploads\/2021\/07\/img_3914.jpg\" data-id=\"3249\" class=\"wp-image-3249\" srcset=\"https:\/\/www.intellectualsovereignty.ch\/wp-content\/uploads\/2021\/07\/img_3914.jpg 2000w, https:\/\/www.intellectualsovereignty.ch\/wp-content\/uploads\/2021\/07\/img_3914-300x225.jpg 300w, https:\/\/www.intellectualsovereignty.ch\/wp-content\/uploads\/2021\/07\/img_3914-1024x768.jpg 1024w, https:\/\/www.intellectualsovereignty.ch\/wp-content\/uploads\/2021\/07\/img_3914-768x576.jpg 768w, https:\/\/www.intellectualsovereignty.ch\/wp-content\/uploads\/2021\/07\/img_3914-1536x1152.jpg 1536w, https:\/\/www.intellectualsovereignty.ch\/wp-content\/uploads\/2021\/07\/img_3914-1870x1403.jpg 1870w, https:\/\/www.intellectualsovereignty.ch\/wp-content\/uploads\/2021\/07\/img_3914-400x300.jpg 400w, https:\/\/www.intellectualsovereignty.ch\/wp-content\/uploads\/2021\/07\/img_3914-800x600.jpg 800w\" sizes=\"auto, (max-width: 2000px) 100vw, 2000px\" \/><\/figure><\/li><li class=\"blocks-gallery-item\"><figure><img loading=\"lazy\" decoding=\"async\" width=\"2000\" height=\"1500\" data-attachment-id=\"3252\" data-permalink=\"https:\/\/www.intellectualsovereignty.ch\/index.php\/2021\/07\/21\/hike63-alp-siez-tritt-ob-elm\/img_3915\/\" data-orig-file=\"https:\/\/www.intellectualsovereignty.ch\/wp-content\/uploads\/2021\/07\/img_3915.jpg\" data-orig-size=\"2000,1500\" data-comments-opened=\"0\" data-image-title=\"img_3915\" data-image-description=\"\" data-image-caption=\"\" data-large-file=\"https:\/\/www.intellectualsovereignty.ch\/wp-content\/uploads\/2021\/07\/img_3915-1024x768.jpg\" src=\"https:\/\/www.intellectualsovereignty.ch\/wp-content\/uploads\/2021\/07\/img_3915.jpg\" data-id=\"3252\" class=\"wp-image-3252\" srcset=\"https:\/\/www.intellectualsovereignty.ch\/wp-content\/uploads\/2021\/07\/img_3915.jpg 2000w, https:\/\/www.intellectualsovereignty.ch\/wp-content\/uploads\/2021\/07\/img_3915-300x225.jpg 300w, https:\/\/www.intellectualsovereignty.ch\/wp-content\/uploads\/2021\/07\/img_3915-1024x768.jpg 1024w, https:\/\/www.intellectualsovereignty.ch\/wp-content\/uploads\/2021\/07\/img_3915-768x576.jpg 768w, https:\/\/www.intellectualsovereignty.ch\/wp-content\/uploads\/2021\/07\/img_3915-1536x1152.jpg 1536w, https:\/\/www.intellectualsovereignty.ch\/wp-content\/uploads\/2021\/07\/img_3915-1870x1403.jpg 1870w, https:\/\/www.intellectualsovereignty.ch\/wp-content\/uploads\/2021\/07\/img_3915-400x300.jpg 400w, https:\/\/www.intellectualsovereignty.ch\/wp-content\/uploads\/2021\/07\/img_3915-800x600.jpg 800w\" sizes=\"auto, (max-width: 2000px) 100vw, 2000px\" \/><\/figure><\/li><li class=\"blocks-gallery-item\"><figure><img loading=\"lazy\" decoding=\"async\" width=\"2000\" height=\"1500\" data-attachment-id=\"3248\" data-permalink=\"https:\/\/www.intellectualsovereignty.ch\/index.php\/2021\/07\/21\/hike63-alp-siez-tritt-ob-elm\/img_3916\/\" data-orig-file=\"https:\/\/www.intellectualsovereignty.ch\/wp-content\/uploads\/2021\/07\/img_3916.jpg\" data-orig-size=\"2000,1500\" data-comments-opened=\"0\" data-image-title=\"img_3916\" data-image-description=\"\" data-image-caption=\"\" data-large-file=\"https:\/\/www.intellectualsovereignty.ch\/wp-content\/uploads\/2021\/07\/img_3916-1024x768.jpg\" src=\"https:\/\/www.intellectualsovereignty.ch\/wp-content\/uploads\/2021\/07\/img_3916.jpg\" data-id=\"3248\" class=\"wp-image-3248\" srcset=\"https:\/\/www.intellectualsovereignty.ch\/wp-content\/uploads\/2021\/07\/img_3916.jpg 2000w, https:\/\/www.intellectualsovereignty.ch\/wp-content\/uploads\/2021\/07\/img_3916-300x225.jpg 300w, https:\/\/www.intellectualsovereignty.ch\/wp-content\/uploads\/2021\/07\/img_3916-1024x768.jpg 1024w, https:\/\/www.intellectualsovereignty.ch\/wp-content\/uploads\/2021\/07\/img_3916-768x576.jpg 768w, https:\/\/www.intellectualsovereignty.ch\/wp-content\/uploads\/2021\/07\/img_3916-1536x1152.jpg 1536w, https:\/\/www.intellectualsovereignty.ch\/wp-content\/uploads\/2021\/07\/img_3916-1870x1403.jpg 1870w, https:\/\/www.intellectualsovereignty.ch\/wp-content\/uploads\/2021\/07\/img_3916-400x300.jpg 400w, https:\/\/www.intellectualsovereignty.ch\/wp-content\/uploads\/2021\/07\/img_3916-800x600.jpg 800w\" sizes=\"auto, (max-width: 2000px) 100vw, 2000px\" \/><\/figure><\/li><li class=\"blocks-gallery-item\"><figure><img loading=\"lazy\" decoding=\"async\" width=\"2000\" height=\"1500\" data-attachment-id=\"3251\" data-permalink=\"https:\/\/www.intellectualsovereignty.ch\/index.php\/2021\/07\/21\/hike63-alp-siez-tritt-ob-elm\/img_3917\/\" data-orig-file=\"https:\/\/www.intellectualsovereignty.ch\/wp-content\/uploads\/2021\/07\/img_3917.jpg\" data-orig-size=\"2000,1500\" data-comments-opened=\"0\" data-image-title=\"img_3917\" data-image-description=\"\" data-image-caption=\"\" data-large-file=\"https:\/\/www.intellectualsovereignty.ch\/wp-content\/uploads\/2021\/07\/img_3917-1024x768.jpg\" src=\"https:\/\/www.intellectualsovereignty.ch\/wp-content\/uploads\/2021\/07\/img_3917.jpg\" data-id=\"3251\" class=\"wp-image-3251\" srcset=\"https:\/\/www.intellectualsovereignty.ch\/wp-content\/uploads\/2021\/07\/img_3917.jpg 2000w, https:\/\/www.intellectualsovereignty.ch\/wp-content\/uploads\/2021\/07\/img_3917-300x225.jpg 300w, https:\/\/www.intellectualsovereignty.ch\/wp-content\/uploads\/2021\/07\/img_3917-1024x768.jpg 1024w, https:\/\/www.intellectualsovereignty.ch\/wp-content\/uploads\/2021\/07\/img_3917-768x576.jpg 768w, https:\/\/www.intellectualsovereignty.ch\/wp-content\/uploads\/2021\/07\/img_3917-1536x1152.jpg 1536w, https:\/\/www.intellectualsovereignty.ch\/wp-content\/uploads\/2021\/07\/img_3917-1870x1403.jpg 1870w, https:\/\/www.intellectualsovereignty.ch\/wp-content\/uploads\/2021\/07\/img_3917-400x300.jpg 400w, https:\/\/www.intellectualsovereignty.ch\/wp-content\/uploads\/2021\/07\/img_3917-800x600.jpg 800w\" sizes=\"auto, (max-width: 2000px) 100vw, 2000px\" \/><\/figure><\/li><\/ul><\/figure>\n\n\n\n<hr class=\"wp-block-separator\"\/>\n\n\n\n<p class=\"wp-block-paragraph\">Distanz: 26.5km<br>H\u00f6henmeter: 1\u2019990m hoch \/ 1&#8217;450m runter<br>Marschzeit: 7h50<br>GPS-Route:\u00a0<a rel=\"noreferrer noopener\" href=\"https:\/\/map.schweizmobil.ch\/?lang=de&amp;land=wanderland&amp;route=all&amp;photos=yes&amp;bgLayer=pk&amp;logo=yes&amp;season=summer&amp;resolution=2.41&amp;E=2727553&amp;N=1195641&amp;layers=Wanderland&amp;trackId=983642389\" target=\"_blank\">SchweizMobil<\/a><br>Beschrieb:\u00a0<a rel=\"noreferrer noopener\" href=\"https:\/\/schweizmobil.cap01.pxlpartner.ch\/de\/wanderland\/routen\/route-01.html\" target=\"_blank\">Via Alpina (Nr. 1)<\/a>, Etappe 3 (Abschnitt Alp Siez &#8211; Elm); <a rel=\"noreferrer noopener\" href=\"https:\/\/www.schweizmobil.ch\/de\/wanderland\/routen\/route\/etappe-0896.html\" target=\"_blank\">Via Suworow (Nr. 55)<\/a>, Etappe 10 (Abschnitt Elm &#8211; St\u00e4feli)<\/p>\n\n\n[sgpx gpx=\/wp-content\/uploads\/gpx\/20210721_alpsieztritt.gpx ]\n\n\n\n<p class=\"wp-block-paragraph\"><\/p>\n","protected":false},"excerpt":{"rendered":"<p>Mein zweiter Tag auf der Via Alpina startet nicht wirklich ausgeruht, mein Schlaf war etwas gar oberfl\u00e4chlich. Daf\u00fcr stimmt das Wetter und nach dem Fr\u00fchst\u00fcck geht\u2018s auch schon hoch Richtung Alp Foo und dem zugeh\u00f6rigen Pass. Zuerst steil und steinig, danach in fettem Weidengras verlaufend folgt der Wanderweg der Seez. Von der Alp Foo blickt [&hellip;]<\/p>\n","protected":false},"author":1,"featured_media":3248,"comment_status":"open","ping_status":"open","sticky":false,"template":"","format":"standard","meta":{"_jetpack_newsletter_access":"","_jetpack_dont_email_post_to_subs":false,"_jetpack_newsletter_tier_id":0,"_jetpack_memberships_contains_paywalled_content":false,"_spotmap_latitude":"","_spotmap_longitude":"","_jetpack_feature_clip_id":0,"_jetpack_memberships_contains_paid_content":false,"footnotes":"","jetpack_post_was_ever_published":false},"categories":[3],"tags":[23,41],"class_list":["post-3253","post","type-post","status-publish","format-standard","has-post-thumbnail","hentry","category-hiking","tag-ch_001","tag-ch_055","has-thumbnail"],"jetpack_shortlink":"https:\/\/wp.me\/p9IwFN-Qt","jetpack_likes_enabled":false,"jetpack_sharing_enabled":true,"jetpack_featured_media_url":"https:\/\/www.intellectualsovereignty.ch\/wp-content\/uploads\/2021\/07\/img_3916.jpg","_links":{"self":[{"href":"https:\/\/www.intellectualsovereignty.ch\/index.php\/wp-json\/wp\/v2\/posts\/3253","targetHints":{"allow":["GET"]}}],"collection":[{"href":"https:\/\/www.intellectualsovereignty.ch\/index.php\/wp-json\/wp\/v2\/posts"}],"about":[{"href":"https:\/\/www.intellectualsovereignty.ch\/index.php\/wp-json\/wp\/v2\/types\/post"}],"author":[{"embeddable":true,"href":"https:\/\/www.intellectualsovereignty.ch\/index.php\/wp-json\/wp\/v2\/users\/1"}],"replies":[{"embeddable":true,"href":"https:\/\/www.intellectualsovereignty.ch\/index.php\/wp-json\/wp\/v2\/comments?post=3253"}],"version-history":[{"count":2,"href":"https:\/\/www.intellectualsovereignty.ch\/index.php\/wp-json\/wp\/v2\/posts\/3253\/revisions"}],"predecessor-version":[{"id":3934,"href":"https:\/\/www.intellectualsovereignty.ch\/index.php\/wp-json\/wp\/v2\/posts\/3253\/revisions\/3934"}],"wp:featuredmedia":[{"embeddable":true,"href":"https:\/\/www.intellectualsovereignty.ch\/index.php\/wp-json\/wp\/v2\/media\/3248"}],"wp:attachment":[{"href":"https:\/\/www.intellectualsovereignty.ch\/index.php\/wp-json\/wp\/v2\/media?parent=3253"}],"wp:term":[{"taxonomy":"category","embeddable":true,"href":"https:\/\/www.intellectualsovereignty.ch\/index.php\/wp-json\/wp\/v2\/categories?post=3253"},{"taxonomy":"post_tag","embeddable":true,"href":"https:\/\/www.intellectualsovereignty.ch\/index.php\/wp-json\/wp\/v2\/tags?post=3253"}],"curies":[{"name":"wp","href":"https:\/\/api.w.org\/{rel}","templated":true}]}}