{"id":3214,"date":"2021-07-20T20:10:00","date_gmt":"2021-07-20T18:10:00","guid":{"rendered":"https:\/\/www.intellectualsovereignty.ch\/index.php\/2021\/07\/20\/hike62-vaduz-alp-siez\/"},"modified":"2021-08-03T21:00:07","modified_gmt":"2021-08-03T19:00:07","slug":"hike62-vaduz-alp-siez","status":"publish","type":"post","link":"https:\/\/www.intellectualsovereignty.ch\/index.php\/2021\/07\/20\/hike62-vaduz-alp-siez\/","title":{"rendered":"Hike#62 \/ Vaduz &#8211; Alp Siez"},"content":{"rendered":"\n<p class=\"wp-block-paragraph\">Als sich der tr\u00fcb-nasse Sommer am Verabschieden war &#8211; zugegebenermassen haben wir die Horrorwoche mit Hochwasser allenthalben elegant mit einem Badetrip an die Westk\u00fcste von Korsika \u00fcberbr\u00fcckt &#8211; habe ich spontan beschlossen, die Via Alpina von Vaduz nach Montreux unter die F\u00fcsse zu nehmen.<\/p>\n\n\n\n<p class=\"wp-block-paragraph\">Mein Plan: In zehn Tagen d.h. bis L\u00e9onies 19. Geburtstag die rund 15 Alpenp\u00e4sse in Angriff nehmen und selbstversorgend mein Trekking-Material auf Herz und Nieren pr\u00fcfen!<\/p>\n\n\n\n<p class=\"wp-block-paragraph\">So bin ich heute fr\u00fch mit Sack und Pack mit Zug und Bus nach Vaduz gefahren, als Tagesziel war Wisstannen im gleichnamigen Tal oberhalb von Sargans resp. Mels gesetzt. Z\u00fcgig &#8211; und wenn ich ehrlich bin auch etwas unn\u00fctz &#8211; geht es von Vaduz Post zuerst in die entgegengesetzte Richtung durch einen netten Park, dann \u00fcber einen Damm am Stadion des FC Vaduz vorbei zur altehrw\u00fcrdigen Holzbr\u00fccke, in dessen Mitte die Grenze zwischen der Schweiz und Liechtenstein verl\u00e4uft. Der anschliessende mehrheitlich waldige Abschnitt von Sevelen bis nach Sargans hat ein paar Schmankerl und viele Zwerge am Wegesrsnd zu bieten, vor allem die imposante Burgruine Wartau bleibt in Erinnerung\u2026<\/p>\n\n\n\n<figure class=\"wp-block-gallery columns-3 is-cropped wp-block-gallery-1 is-layout-flex wp-block-gallery-is-layout-flex\"><ul class=\"blocks-gallery-grid\"><li class=\"blocks-gallery-item\"><figure><img loading=\"lazy\" decoding=\"async\" width=\"2000\" height=\"1502\" data-attachment-id=\"3200\" data-permalink=\"https:\/\/www.intellectualsovereignty.ch\/index.php\/2021\/07\/20\/hike62-vaduz-alp-siez\/img_3838-3\/\" data-orig-file=\"https:\/\/www.intellectualsovereignty.ch\/wp-content\/uploads\/2021\/07\/img_3838-2.jpg\" data-orig-size=\"2000,1502\" data-comments-opened=\"0\" data-image-title=\"img_3838\" data-image-description=\"\" data-image-caption=\"\" data-large-file=\"https:\/\/www.intellectualsovereignty.ch\/wp-content\/uploads\/2021\/07\/img_3838-2-1024x769.jpg\" src=\"https:\/\/www.intellectualsovereignty.ch\/wp-content\/uploads\/2021\/07\/img_3838-2.jpg\" data-id=\"3200\" class=\"wp-image-3200\" srcset=\"https:\/\/www.intellectualsovereignty.ch\/wp-content\/uploads\/2021\/07\/img_3838-2.jpg 2000w, https:\/\/www.intellectualsovereignty.ch\/wp-content\/uploads\/2021\/07\/img_3838-2-300x225.jpg 300w, https:\/\/www.intellectualsovereignty.ch\/wp-content\/uploads\/2021\/07\/img_3838-2-1024x769.jpg 1024w, https:\/\/www.intellectualsovereignty.ch\/wp-content\/uploads\/2021\/07\/img_3838-2-768x577.jpg 768w, https:\/\/www.intellectualsovereignty.ch\/wp-content\/uploads\/2021\/07\/img_3838-2-1536x1154.jpg 1536w, https:\/\/www.intellectualsovereignty.ch\/wp-content\/uploads\/2021\/07\/img_3838-2-1870x1404.jpg 1870w, https:\/\/www.intellectualsovereignty.ch\/wp-content\/uploads\/2021\/07\/img_3838-2-400x300.jpg 400w, https:\/\/www.intellectualsovereignty.ch\/wp-content\/uploads\/2021\/07\/img_3838-2-800x601.jpg 800w\" sizes=\"auto, (max-width: 2000px) 100vw, 2000px\" \/><\/figure><\/li><li class=\"blocks-gallery-item\"><figure><img loading=\"lazy\" decoding=\"async\" width=\"2000\" height=\"1500\" data-attachment-id=\"3173\" data-permalink=\"https:\/\/www.intellectualsovereignty.ch\/index.php\/2021\/07\/20\/hike62-vaduz-alp-siez\/img_3839-2\/\" data-orig-file=\"https:\/\/www.intellectualsovereignty.ch\/wp-content\/uploads\/2021\/07\/img_3839-1.jpg\" data-orig-size=\"2000,1500\" data-comments-opened=\"0\" data-image-title=\"img_3839\" data-image-description=\"\" data-image-caption=\"\" data-large-file=\"https:\/\/www.intellectualsovereignty.ch\/wp-content\/uploads\/2021\/07\/img_3839-1-1024x768.jpg\" src=\"https:\/\/www.intellectualsovereignty.ch\/wp-content\/uploads\/2021\/07\/img_3839-1.jpg\" data-id=\"3173\" class=\"wp-image-3173\" srcset=\"https:\/\/www.intellectualsovereignty.ch\/wp-content\/uploads\/2021\/07\/img_3839-1.jpg 2000w, https:\/\/www.intellectualsovereignty.ch\/wp-content\/uploads\/2021\/07\/img_3839-1-300x225.jpg 300w, https:\/\/www.intellectualsovereignty.ch\/wp-content\/uploads\/2021\/07\/img_3839-1-1024x768.jpg 1024w, https:\/\/www.intellectualsovereignty.ch\/wp-content\/uploads\/2021\/07\/img_3839-1-768x576.jpg 768w, https:\/\/www.intellectualsovereignty.ch\/wp-content\/uploads\/2021\/07\/img_3839-1-1536x1152.jpg 1536w, https:\/\/www.intellectualsovereignty.ch\/wp-content\/uploads\/2021\/07\/img_3839-1-1870x1403.jpg 1870w, https:\/\/www.intellectualsovereignty.ch\/wp-content\/uploads\/2021\/07\/img_3839-1-400x300.jpg 400w, https:\/\/www.intellectualsovereignty.ch\/wp-content\/uploads\/2021\/07\/img_3839-1-800x600.jpg 800w\" sizes=\"auto, (max-width: 2000px) 100vw, 2000px\" \/><\/figure><\/li><li class=\"blocks-gallery-item\"><figure><img loading=\"lazy\" decoding=\"async\" width=\"2000\" height=\"1500\" data-attachment-id=\"3181\" data-permalink=\"https:\/\/www.intellectualsovereignty.ch\/index.php\/2021\/07\/20\/hike62-vaduz-alp-siez\/img_3840-2\/\" data-orig-file=\"https:\/\/www.intellectualsovereignty.ch\/wp-content\/uploads\/2021\/07\/img_3840-1.jpg\" data-orig-size=\"2000,1500\" data-comments-opened=\"0\" data-image-title=\"img_3840\" data-image-description=\"\" data-image-caption=\"\" data-large-file=\"https:\/\/www.intellectualsovereignty.ch\/wp-content\/uploads\/2021\/07\/img_3840-1-1024x768.jpg\" src=\"https:\/\/www.intellectualsovereignty.ch\/wp-content\/uploads\/2021\/07\/img_3840-1.jpg\" data-id=\"3181\" class=\"wp-image-3181\" srcset=\"https:\/\/www.intellectualsovereignty.ch\/wp-content\/uploads\/2021\/07\/img_3840-1.jpg 2000w, https:\/\/www.intellectualsovereignty.ch\/wp-content\/uploads\/2021\/07\/img_3840-1-300x225.jpg 300w, https:\/\/www.intellectualsovereignty.ch\/wp-content\/uploads\/2021\/07\/img_3840-1-1024x768.jpg 1024w, https:\/\/www.intellectualsovereignty.ch\/wp-content\/uploads\/2021\/07\/img_3840-1-768x576.jpg 768w, https:\/\/www.intellectualsovereignty.ch\/wp-content\/uploads\/2021\/07\/img_3840-1-1536x1152.jpg 1536w, https:\/\/www.intellectualsovereignty.ch\/wp-content\/uploads\/2021\/07\/img_3840-1-1870x1403.jpg 1870w, https:\/\/www.intellectualsovereignty.ch\/wp-content\/uploads\/2021\/07\/img_3840-1-400x300.jpg 400w, https:\/\/www.intellectualsovereignty.ch\/wp-content\/uploads\/2021\/07\/img_3840-1-800x600.jpg 800w\" sizes=\"auto, (max-width: 2000px) 100vw, 2000px\" \/><\/figure><\/li><li class=\"blocks-gallery-item\"><figure><img loading=\"lazy\" decoding=\"async\" width=\"2000\" height=\"1500\" data-attachment-id=\"3175\" data-permalink=\"https:\/\/www.intellectualsovereignty.ch\/index.php\/2021\/07\/20\/hike62-vaduz-alp-siez\/img_3841-2\/\" data-orig-file=\"https:\/\/www.intellectualsovereignty.ch\/wp-content\/uploads\/2021\/07\/img_3841-1.jpg\" data-orig-size=\"2000,1500\" data-comments-opened=\"0\" data-image-title=\"img_3841\" data-image-description=\"\" data-image-caption=\"\" data-large-file=\"https:\/\/www.intellectualsovereignty.ch\/wp-content\/uploads\/2021\/07\/img_3841-1-1024x768.jpg\" src=\"https:\/\/www.intellectualsovereignty.ch\/wp-content\/uploads\/2021\/07\/img_3841-1.jpg\" data-id=\"3175\" class=\"wp-image-3175\" srcset=\"https:\/\/www.intellectualsovereignty.ch\/wp-content\/uploads\/2021\/07\/img_3841-1.jpg 2000w, https:\/\/www.intellectualsovereignty.ch\/wp-content\/uploads\/2021\/07\/img_3841-1-300x225.jpg 300w, https:\/\/www.intellectualsovereignty.ch\/wp-content\/uploads\/2021\/07\/img_3841-1-1024x768.jpg 1024w, https:\/\/www.intellectualsovereignty.ch\/wp-content\/uploads\/2021\/07\/img_3841-1-768x576.jpg 768w, https:\/\/www.intellectualsovereignty.ch\/wp-content\/uploads\/2021\/07\/img_3841-1-1536x1152.jpg 1536w, https:\/\/www.intellectualsovereignty.ch\/wp-content\/uploads\/2021\/07\/img_3841-1-1870x1403.jpg 1870w, https:\/\/www.intellectualsovereignty.ch\/wp-content\/uploads\/2021\/07\/img_3841-1-400x300.jpg 400w, https:\/\/www.intellectualsovereignty.ch\/wp-content\/uploads\/2021\/07\/img_3841-1-800x600.jpg 800w\" sizes=\"auto, (max-width: 2000px) 100vw, 2000px\" \/><\/figure><\/li><li class=\"blocks-gallery-item\"><figure><img loading=\"lazy\" decoding=\"async\" width=\"1500\" height=\"2000\" data-attachment-id=\"3136\" data-permalink=\"https:\/\/www.intellectualsovereignty.ch\/index.php\/2021\/07\/20\/hike62-vaduz-alp-siez\/img_3843\/\" data-orig-file=\"https:\/\/www.intellectualsovereignty.ch\/wp-content\/uploads\/2021\/07\/img_3843.jpg\" data-orig-size=\"1500,2000\" data-comments-opened=\"0\" data-image-title=\"img_3843\" data-image-description=\"\" data-image-caption=\"\" data-large-file=\"https:\/\/www.intellectualsovereignty.ch\/wp-content\/uploads\/2021\/07\/img_3843-768x1024.jpg\" src=\"https:\/\/www.intellectualsovereignty.ch\/wp-content\/uploads\/2021\/07\/img_3843.jpg\" data-id=\"3136\" class=\"wp-image-3136\" srcset=\"https:\/\/www.intellectualsovereignty.ch\/wp-content\/uploads\/2021\/07\/img_3843.jpg 1500w, https:\/\/www.intellectualsovereignty.ch\/wp-content\/uploads\/2021\/07\/img_3843-225x300.jpg 225w, https:\/\/www.intellectualsovereignty.ch\/wp-content\/uploads\/2021\/07\/img_3843-768x1024.jpg 768w, https:\/\/www.intellectualsovereignty.ch\/wp-content\/uploads\/2021\/07\/img_3843-1152x1536.jpg 1152w, https:\/\/www.intellectualsovereignty.ch\/wp-content\/uploads\/2021\/07\/img_3843-400x533.jpg 400w, https:\/\/www.intellectualsovereignty.ch\/wp-content\/uploads\/2021\/07\/img_3843-800x1067.jpg 800w\" sizes=\"auto, (max-width: 1500px) 100vw, 1500px\" \/><\/figure><\/li><li class=\"blocks-gallery-item\"><figure><img loading=\"lazy\" decoding=\"async\" width=\"1500\" height=\"2000\" data-attachment-id=\"3170\" data-permalink=\"https:\/\/www.intellectualsovereignty.ch\/index.php\/2021\/07\/20\/hike62-vaduz-alp-siez\/img_3844-2\/\" data-orig-file=\"https:\/\/www.intellectualsovereignty.ch\/wp-content\/uploads\/2021\/07\/img_3844-1.jpg\" data-orig-size=\"1500,2000\" data-comments-opened=\"0\" data-image-title=\"img_3844\" data-image-description=\"\" data-image-caption=\"\" data-large-file=\"https:\/\/www.intellectualsovereignty.ch\/wp-content\/uploads\/2021\/07\/img_3844-1-768x1024.jpg\" src=\"https:\/\/www.intellectualsovereignty.ch\/wp-content\/uploads\/2021\/07\/img_3844-1.jpg\" data-id=\"3170\" class=\"wp-image-3170\" srcset=\"https:\/\/www.intellectualsovereignty.ch\/wp-content\/uploads\/2021\/07\/img_3844-1.jpg 1500w, https:\/\/www.intellectualsovereignty.ch\/wp-content\/uploads\/2021\/07\/img_3844-1-225x300.jpg 225w, https:\/\/www.intellectualsovereignty.ch\/wp-content\/uploads\/2021\/07\/img_3844-1-768x1024.jpg 768w, https:\/\/www.intellectualsovereignty.ch\/wp-content\/uploads\/2021\/07\/img_3844-1-1152x1536.jpg 1152w, https:\/\/www.intellectualsovereignty.ch\/wp-content\/uploads\/2021\/07\/img_3844-1-400x533.jpg 400w, https:\/\/www.intellectualsovereignty.ch\/wp-content\/uploads\/2021\/07\/img_3844-1-800x1067.jpg 800w\" sizes=\"auto, (max-width: 1500px) 100vw, 1500px\" \/><\/figure><\/li><li class=\"blocks-gallery-item\"><figure><img loading=\"lazy\" decoding=\"async\" width=\"1502\" height=\"2000\" data-attachment-id=\"3171\" data-permalink=\"https:\/\/www.intellectualsovereignty.ch\/index.php\/2021\/07\/20\/hike62-vaduz-alp-siez\/img_3845-2\/\" data-orig-file=\"https:\/\/www.intellectualsovereignty.ch\/wp-content\/uploads\/2021\/07\/img_3845-1.jpg\" data-orig-size=\"1502,2000\" data-comments-opened=\"0\" data-image-title=\"img_3845\" data-image-description=\"\" data-image-caption=\"\" data-large-file=\"https:\/\/www.intellectualsovereignty.ch\/wp-content\/uploads\/2021\/07\/img_3845-1-769x1024.jpg\" src=\"https:\/\/www.intellectualsovereignty.ch\/wp-content\/uploads\/2021\/07\/img_3845-1.jpg\" data-id=\"3171\" class=\"wp-image-3171\" srcset=\"https:\/\/www.intellectualsovereignty.ch\/wp-content\/uploads\/2021\/07\/img_3845-1.jpg 1502w, https:\/\/www.intellectualsovereignty.ch\/wp-content\/uploads\/2021\/07\/img_3845-1-225x300.jpg 225w, https:\/\/www.intellectualsovereignty.ch\/wp-content\/uploads\/2021\/07\/img_3845-1-769x1024.jpg 769w, https:\/\/www.intellectualsovereignty.ch\/wp-content\/uploads\/2021\/07\/img_3845-1-768x1023.jpg 768w, https:\/\/www.intellectualsovereignty.ch\/wp-content\/uploads\/2021\/07\/img_3845-1-1154x1536.jpg 1154w, https:\/\/www.intellectualsovereignty.ch\/wp-content\/uploads\/2021\/07\/img_3845-1-400x533.jpg 400w, https:\/\/www.intellectualsovereignty.ch\/wp-content\/uploads\/2021\/07\/img_3845-1-800x1065.jpg 800w\" sizes=\"auto, (max-width: 1502px) 100vw, 1502px\" \/><\/figure><\/li><li class=\"blocks-gallery-item\"><figure><img loading=\"lazy\" decoding=\"async\" width=\"2000\" height=\"1500\" data-attachment-id=\"3202\" data-permalink=\"https:\/\/www.intellectualsovereignty.ch\/index.php\/2021\/07\/20\/hike62-vaduz-alp-siez\/img_3846-3\/\" data-orig-file=\"https:\/\/www.intellectualsovereignty.ch\/wp-content\/uploads\/2021\/07\/img_3846-2.jpg\" data-orig-size=\"2000,1500\" data-comments-opened=\"0\" data-image-title=\"img_3846\" data-image-description=\"\" data-image-caption=\"\" data-large-file=\"https:\/\/www.intellectualsovereignty.ch\/wp-content\/uploads\/2021\/07\/img_3846-2-1024x768.jpg\" src=\"https:\/\/www.intellectualsovereignty.ch\/wp-content\/uploads\/2021\/07\/img_3846-2.jpg\" data-id=\"3202\" class=\"wp-image-3202\" srcset=\"https:\/\/www.intellectualsovereignty.ch\/wp-content\/uploads\/2021\/07\/img_3846-2.jpg 2000w, https:\/\/www.intellectualsovereignty.ch\/wp-content\/uploads\/2021\/07\/img_3846-2-300x225.jpg 300w, https:\/\/www.intellectualsovereignty.ch\/wp-content\/uploads\/2021\/07\/img_3846-2-1024x768.jpg 1024w, https:\/\/www.intellectualsovereignty.ch\/wp-content\/uploads\/2021\/07\/img_3846-2-768x576.jpg 768w, https:\/\/www.intellectualsovereignty.ch\/wp-content\/uploads\/2021\/07\/img_3846-2-1536x1152.jpg 1536w, https:\/\/www.intellectualsovereignty.ch\/wp-content\/uploads\/2021\/07\/img_3846-2-1870x1403.jpg 1870w, https:\/\/www.intellectualsovereignty.ch\/wp-content\/uploads\/2021\/07\/img_3846-2-400x300.jpg 400w, https:\/\/www.intellectualsovereignty.ch\/wp-content\/uploads\/2021\/07\/img_3846-2-800x600.jpg 800w\" sizes=\"auto, (max-width: 2000px) 100vw, 2000px\" \/><\/figure><\/li><li class=\"blocks-gallery-item\"><figure><img loading=\"lazy\" decoding=\"async\" width=\"1500\" height=\"2000\" data-attachment-id=\"3179\" data-permalink=\"https:\/\/www.intellectualsovereignty.ch\/index.php\/2021\/07\/20\/hike62-vaduz-alp-siez\/img_3847-2\/\" data-orig-file=\"https:\/\/www.intellectualsovereignty.ch\/wp-content\/uploads\/2021\/07\/img_3847-1.jpg\" data-orig-size=\"1500,2000\" data-comments-opened=\"0\" data-image-title=\"img_3847\" data-image-description=\"\" data-image-caption=\"\" data-large-file=\"https:\/\/www.intellectualsovereignty.ch\/wp-content\/uploads\/2021\/07\/img_3847-1-768x1024.jpg\" src=\"https:\/\/www.intellectualsovereignty.ch\/wp-content\/uploads\/2021\/07\/img_3847-1.jpg\" data-id=\"3179\" class=\"wp-image-3179\" srcset=\"https:\/\/www.intellectualsovereignty.ch\/wp-content\/uploads\/2021\/07\/img_3847-1.jpg 1500w, https:\/\/www.intellectualsovereignty.ch\/wp-content\/uploads\/2021\/07\/img_3847-1-225x300.jpg 225w, https:\/\/www.intellectualsovereignty.ch\/wp-content\/uploads\/2021\/07\/img_3847-1-768x1024.jpg 768w, https:\/\/www.intellectualsovereignty.ch\/wp-content\/uploads\/2021\/07\/img_3847-1-1152x1536.jpg 1152w, https:\/\/www.intellectualsovereignty.ch\/wp-content\/uploads\/2021\/07\/img_3847-1-400x533.jpg 400w, https:\/\/www.intellectualsovereignty.ch\/wp-content\/uploads\/2021\/07\/img_3847-1-800x1067.jpg 800w\" sizes=\"auto, (max-width: 1500px) 100vw, 1500px\" \/><\/figure><\/li><li class=\"blocks-gallery-item\"><figure><img loading=\"lazy\" decoding=\"async\" width=\"2000\" height=\"1500\" data-attachment-id=\"3203\" data-permalink=\"https:\/\/www.intellectualsovereignty.ch\/index.php\/2021\/07\/20\/hike62-vaduz-alp-siez\/img_3848-3\/\" data-orig-file=\"https:\/\/www.intellectualsovereignty.ch\/wp-content\/uploads\/2021\/07\/img_3848-3.jpg\" data-orig-size=\"2000,1500\" data-comments-opened=\"0\" data-image-title=\"img_3848\" data-image-description=\"\" data-image-caption=\"\" data-large-file=\"https:\/\/www.intellectualsovereignty.ch\/wp-content\/uploads\/2021\/07\/img_3848-3-1024x768.jpg\" src=\"https:\/\/www.intellectualsovereignty.ch\/wp-content\/uploads\/2021\/07\/img_3848-3.jpg\" data-id=\"3203\" class=\"wp-image-3203\" srcset=\"https:\/\/www.intellectualsovereignty.ch\/wp-content\/uploads\/2021\/07\/img_3848-3.jpg 2000w, https:\/\/www.intellectualsovereignty.ch\/wp-content\/uploads\/2021\/07\/img_3848-3-300x225.jpg 300w, https:\/\/www.intellectualsovereignty.ch\/wp-content\/uploads\/2021\/07\/img_3848-3-1024x768.jpg 1024w, https:\/\/www.intellectualsovereignty.ch\/wp-content\/uploads\/2021\/07\/img_3848-3-768x576.jpg 768w, https:\/\/www.intellectualsovereignty.ch\/wp-content\/uploads\/2021\/07\/img_3848-3-1536x1152.jpg 1536w, https:\/\/www.intellectualsovereignty.ch\/wp-content\/uploads\/2021\/07\/img_3848-3-1870x1403.jpg 1870w, https:\/\/www.intellectualsovereignty.ch\/wp-content\/uploads\/2021\/07\/img_3848-3-400x300.jpg 400w, https:\/\/www.intellectualsovereignty.ch\/wp-content\/uploads\/2021\/07\/img_3848-3-800x600.jpg 800w\" sizes=\"auto, (max-width: 2000px) 100vw, 2000px\" \/><\/figure><\/li><li class=\"blocks-gallery-item\"><figure><img loading=\"lazy\" decoding=\"async\" width=\"2000\" height=\"1500\" data-attachment-id=\"3206\" data-permalink=\"https:\/\/www.intellectualsovereignty.ch\/index.php\/2021\/07\/20\/hike62-vaduz-alp-siez\/img_3849-3\/\" data-orig-file=\"https:\/\/www.intellectualsovereignty.ch\/wp-content\/uploads\/2021\/07\/img_3849-2.jpg\" data-orig-size=\"2000,1500\" data-comments-opened=\"0\" data-image-title=\"img_3849\" data-image-description=\"\" data-image-caption=\"\" data-large-file=\"https:\/\/www.intellectualsovereignty.ch\/wp-content\/uploads\/2021\/07\/img_3849-2-1024x768.jpg\" src=\"https:\/\/www.intellectualsovereignty.ch\/wp-content\/uploads\/2021\/07\/img_3849-2.jpg\" data-id=\"3206\" class=\"wp-image-3206\" srcset=\"https:\/\/www.intellectualsovereignty.ch\/wp-content\/uploads\/2021\/07\/img_3849-2.jpg 2000w, https:\/\/www.intellectualsovereignty.ch\/wp-content\/uploads\/2021\/07\/img_3849-2-300x225.jpg 300w, https:\/\/www.intellectualsovereignty.ch\/wp-content\/uploads\/2021\/07\/img_3849-2-1024x768.jpg 1024w, https:\/\/www.intellectualsovereignty.ch\/wp-content\/uploads\/2021\/07\/img_3849-2-768x576.jpg 768w, https:\/\/www.intellectualsovereignty.ch\/wp-content\/uploads\/2021\/07\/img_3849-2-1536x1152.jpg 1536w, https:\/\/www.intellectualsovereignty.ch\/wp-content\/uploads\/2021\/07\/img_3849-2-1870x1403.jpg 1870w, https:\/\/www.intellectualsovereignty.ch\/wp-content\/uploads\/2021\/07\/img_3849-2-400x300.jpg 400w, https:\/\/www.intellectualsovereignty.ch\/wp-content\/uploads\/2021\/07\/img_3849-2-800x600.jpg 800w\" sizes=\"auto, (max-width: 2000px) 100vw, 2000px\" \/><\/figure><\/li><li class=\"blocks-gallery-item\"><figure><img loading=\"lazy\" decoding=\"async\" width=\"1500\" height=\"2000\" data-attachment-id=\"3182\" data-permalink=\"https:\/\/www.intellectualsovereignty.ch\/index.php\/2021\/07\/20\/hike62-vaduz-alp-siez\/img_3850-2\/\" data-orig-file=\"https:\/\/www.intellectualsovereignty.ch\/wp-content\/uploads\/2021\/07\/img_3850-1.jpg\" data-orig-size=\"1500,2000\" data-comments-opened=\"0\" data-image-title=\"img_3850\" data-image-description=\"\" data-image-caption=\"\" data-large-file=\"https:\/\/www.intellectualsovereignty.ch\/wp-content\/uploads\/2021\/07\/img_3850-1-768x1024.jpg\" src=\"https:\/\/www.intellectualsovereignty.ch\/wp-content\/uploads\/2021\/07\/img_3850-1.jpg\" data-id=\"3182\" class=\"wp-image-3182\" srcset=\"https:\/\/www.intellectualsovereignty.ch\/wp-content\/uploads\/2021\/07\/img_3850-1.jpg 1500w, https:\/\/www.intellectualsovereignty.ch\/wp-content\/uploads\/2021\/07\/img_3850-1-225x300.jpg 225w, https:\/\/www.intellectualsovereignty.ch\/wp-content\/uploads\/2021\/07\/img_3850-1-768x1024.jpg 768w, https:\/\/www.intellectualsovereignty.ch\/wp-content\/uploads\/2021\/07\/img_3850-1-1152x1536.jpg 1152w, https:\/\/www.intellectualsovereignty.ch\/wp-content\/uploads\/2021\/07\/img_3850-1-400x533.jpg 400w, https:\/\/www.intellectualsovereignty.ch\/wp-content\/uploads\/2021\/07\/img_3850-1-800x1067.jpg 800w\" sizes=\"auto, (max-width: 1500px) 100vw, 1500px\" \/><\/figure><\/li><li class=\"blocks-gallery-item\"><figure><img loading=\"lazy\" decoding=\"async\" width=\"1606\" height=\"2000\" data-attachment-id=\"3208\" data-permalink=\"https:\/\/www.intellectualsovereignty.ch\/index.php\/2021\/07\/20\/hike62-vaduz-alp-siez\/img_3851-3\/\" data-orig-file=\"https:\/\/www.intellectualsovereignty.ch\/wp-content\/uploads\/2021\/07\/img_3851-2.jpg\" data-orig-size=\"1606,2000\" data-comments-opened=\"0\" data-image-title=\"img_3851\" data-image-description=\"\" data-image-caption=\"\" data-large-file=\"https:\/\/www.intellectualsovereignty.ch\/wp-content\/uploads\/2021\/07\/img_3851-2-822x1024.jpg\" src=\"https:\/\/www.intellectualsovereignty.ch\/wp-content\/uploads\/2021\/07\/img_3851-2.jpg\" data-id=\"3208\" class=\"wp-image-3208\" srcset=\"https:\/\/www.intellectualsovereignty.ch\/wp-content\/uploads\/2021\/07\/img_3851-2.jpg 1606w, https:\/\/www.intellectualsovereignty.ch\/wp-content\/uploads\/2021\/07\/img_3851-2-241x300.jpg 241w, https:\/\/www.intellectualsovereignty.ch\/wp-content\/uploads\/2021\/07\/img_3851-2-822x1024.jpg 822w, https:\/\/www.intellectualsovereignty.ch\/wp-content\/uploads\/2021\/07\/img_3851-2-768x956.jpg 768w, https:\/\/www.intellectualsovereignty.ch\/wp-content\/uploads\/2021\/07\/img_3851-2-1233x1536.jpg 1233w, https:\/\/www.intellectualsovereignty.ch\/wp-content\/uploads\/2021\/07\/img_3851-2-400x498.jpg 400w, https:\/\/www.intellectualsovereignty.ch\/wp-content\/uploads\/2021\/07\/img_3851-2-800x996.jpg 800w\" sizes=\"auto, (max-width: 1606px) 100vw, 1606px\" \/><\/figure><\/li><li class=\"blocks-gallery-item\"><figure><img loading=\"lazy\" decoding=\"async\" width=\"2000\" height=\"862\" data-attachment-id=\"3135\" data-permalink=\"https:\/\/www.intellectualsovereignty.ch\/index.php\/2021\/07\/20\/hike62-vaduz-alp-siez\/img_3852\/\" data-orig-file=\"https:\/\/www.intellectualsovereignty.ch\/wp-content\/uploads\/2021\/07\/img_3852.jpg\" data-orig-size=\"2000,862\" data-comments-opened=\"0\" data-image-title=\"img_3852\" data-image-description=\"\" data-image-caption=\"\" data-large-file=\"https:\/\/www.intellectualsovereignty.ch\/wp-content\/uploads\/2021\/07\/img_3852-1024x441.jpg\" src=\"https:\/\/www.intellectualsovereignty.ch\/wp-content\/uploads\/2021\/07\/img_3852.jpg\" data-id=\"3135\" class=\"wp-image-3135\" srcset=\"https:\/\/www.intellectualsovereignty.ch\/wp-content\/uploads\/2021\/07\/img_3852.jpg 2000w, https:\/\/www.intellectualsovereignty.ch\/wp-content\/uploads\/2021\/07\/img_3852-300x129.jpg 300w, https:\/\/www.intellectualsovereignty.ch\/wp-content\/uploads\/2021\/07\/img_3852-1024x441.jpg 1024w, https:\/\/www.intellectualsovereignty.ch\/wp-content\/uploads\/2021\/07\/img_3852-768x331.jpg 768w, https:\/\/www.intellectualsovereignty.ch\/wp-content\/uploads\/2021\/07\/img_3852-1536x662.jpg 1536w, https:\/\/www.intellectualsovereignty.ch\/wp-content\/uploads\/2021\/07\/img_3852-1870x806.jpg 1870w, https:\/\/www.intellectualsovereignty.ch\/wp-content\/uploads\/2021\/07\/img_3852-400x172.jpg 400w, https:\/\/www.intellectualsovereignty.ch\/wp-content\/uploads\/2021\/07\/img_3852-800x345.jpg 800w\" sizes=\"auto, (max-width: 2000px) 100vw, 2000px\" \/><\/figure><\/li><li class=\"blocks-gallery-item\"><figure><img loading=\"lazy\" decoding=\"async\" width=\"1500\" height=\"2000\" data-attachment-id=\"3169\" data-permalink=\"https:\/\/www.intellectualsovereignty.ch\/index.php\/2021\/07\/20\/hike62-vaduz-alp-siez\/img_3853-2\/\" data-orig-file=\"https:\/\/www.intellectualsovereignty.ch\/wp-content\/uploads\/2021\/07\/img_3853-1.jpg\" data-orig-size=\"1500,2000\" data-comments-opened=\"0\" data-image-title=\"img_3853\" data-image-description=\"\" data-image-caption=\"\" data-large-file=\"https:\/\/www.intellectualsovereignty.ch\/wp-content\/uploads\/2021\/07\/img_3853-1-768x1024.jpg\" src=\"https:\/\/www.intellectualsovereignty.ch\/wp-content\/uploads\/2021\/07\/img_3853-1.jpg\" data-id=\"3169\" class=\"wp-image-3169\" srcset=\"https:\/\/www.intellectualsovereignty.ch\/wp-content\/uploads\/2021\/07\/img_3853-1.jpg 1500w, https:\/\/www.intellectualsovereignty.ch\/wp-content\/uploads\/2021\/07\/img_3853-1-225x300.jpg 225w, https:\/\/www.intellectualsovereignty.ch\/wp-content\/uploads\/2021\/07\/img_3853-1-768x1024.jpg 768w, https:\/\/www.intellectualsovereignty.ch\/wp-content\/uploads\/2021\/07\/img_3853-1-1152x1536.jpg 1152w, https:\/\/www.intellectualsovereignty.ch\/wp-content\/uploads\/2021\/07\/img_3853-1-400x533.jpg 400w, https:\/\/www.intellectualsovereignty.ch\/wp-content\/uploads\/2021\/07\/img_3853-1-800x1067.jpg 800w\" sizes=\"auto, (max-width: 1500px) 100vw, 1500px\" \/><\/figure><\/li><li class=\"blocks-gallery-item\"><figure><img loading=\"lazy\" decoding=\"async\" width=\"2000\" height=\"1500\" data-attachment-id=\"3178\" data-permalink=\"https:\/\/www.intellectualsovereignty.ch\/index.php\/2021\/07\/20\/hike62-vaduz-alp-siez\/img_3854-2\/\" data-orig-file=\"https:\/\/www.intellectualsovereignty.ch\/wp-content\/uploads\/2021\/07\/img_3854-1.jpg\" data-orig-size=\"2000,1500\" data-comments-opened=\"0\" data-image-title=\"img_3854\" data-image-description=\"\" data-image-caption=\"\" data-large-file=\"https:\/\/www.intellectualsovereignty.ch\/wp-content\/uploads\/2021\/07\/img_3854-1-1024x768.jpg\" src=\"https:\/\/www.intellectualsovereignty.ch\/wp-content\/uploads\/2021\/07\/img_3854-1.jpg\" data-id=\"3178\" class=\"wp-image-3178\" srcset=\"https:\/\/www.intellectualsovereignty.ch\/wp-content\/uploads\/2021\/07\/img_3854-1.jpg 2000w, https:\/\/www.intellectualsovereignty.ch\/wp-content\/uploads\/2021\/07\/img_3854-1-300x225.jpg 300w, https:\/\/www.intellectualsovereignty.ch\/wp-content\/uploads\/2021\/07\/img_3854-1-1024x768.jpg 1024w, https:\/\/www.intellectualsovereignty.ch\/wp-content\/uploads\/2021\/07\/img_3854-1-768x576.jpg 768w, https:\/\/www.intellectualsovereignty.ch\/wp-content\/uploads\/2021\/07\/img_3854-1-1536x1152.jpg 1536w, https:\/\/www.intellectualsovereignty.ch\/wp-content\/uploads\/2021\/07\/img_3854-1-1870x1403.jpg 1870w, https:\/\/www.intellectualsovereignty.ch\/wp-content\/uploads\/2021\/07\/img_3854-1-400x300.jpg 400w, https:\/\/www.intellectualsovereignty.ch\/wp-content\/uploads\/2021\/07\/img_3854-1-800x600.jpg 800w\" sizes=\"auto, (max-width: 2000px) 100vw, 2000px\" \/><\/figure><\/li><li class=\"blocks-gallery-item\"><figure><img loading=\"lazy\" decoding=\"async\" width=\"1500\" height=\"2000\" data-attachment-id=\"3180\" data-permalink=\"https:\/\/www.intellectualsovereignty.ch\/index.php\/2021\/07\/20\/hike62-vaduz-alp-siez\/img_3855-2\/\" data-orig-file=\"https:\/\/www.intellectualsovereignty.ch\/wp-content\/uploads\/2021\/07\/img_3855-1.jpg\" data-orig-size=\"1500,2000\" data-comments-opened=\"0\" data-image-title=\"img_3855\" data-image-description=\"\" data-image-caption=\"\" data-large-file=\"https:\/\/www.intellectualsovereignty.ch\/wp-content\/uploads\/2021\/07\/img_3855-1-768x1024.jpg\" src=\"https:\/\/www.intellectualsovereignty.ch\/wp-content\/uploads\/2021\/07\/img_3855-1.jpg\" data-id=\"3180\" class=\"wp-image-3180\" srcset=\"https:\/\/www.intellectualsovereignty.ch\/wp-content\/uploads\/2021\/07\/img_3855-1.jpg 1500w, https:\/\/www.intellectualsovereignty.ch\/wp-content\/uploads\/2021\/07\/img_3855-1-225x300.jpg 225w, https:\/\/www.intellectualsovereignty.ch\/wp-content\/uploads\/2021\/07\/img_3855-1-768x1024.jpg 768w, https:\/\/www.intellectualsovereignty.ch\/wp-content\/uploads\/2021\/07\/img_3855-1-1152x1536.jpg 1152w, https:\/\/www.intellectualsovereignty.ch\/wp-content\/uploads\/2021\/07\/img_3855-1-400x533.jpg 400w, https:\/\/www.intellectualsovereignty.ch\/wp-content\/uploads\/2021\/07\/img_3855-1-800x1067.jpg 800w\" sizes=\"auto, (max-width: 1500px) 100vw, 1500px\" \/><\/figure><\/li><li class=\"blocks-gallery-item\"><figure><img loading=\"lazy\" decoding=\"async\" width=\"1500\" height=\"2000\" data-attachment-id=\"3211\" data-permalink=\"https:\/\/www.intellectualsovereignty.ch\/index.php\/2021\/07\/20\/hike62-vaduz-alp-siez\/img_3856-3\/\" data-orig-file=\"https:\/\/www.intellectualsovereignty.ch\/wp-content\/uploads\/2021\/07\/img_3856-2.jpg\" data-orig-size=\"1500,2000\" data-comments-opened=\"0\" data-image-title=\"img_3856\" data-image-description=\"\" data-image-caption=\"\" data-large-file=\"https:\/\/www.intellectualsovereignty.ch\/wp-content\/uploads\/2021\/07\/img_3856-2-768x1024.jpg\" src=\"https:\/\/www.intellectualsovereignty.ch\/wp-content\/uploads\/2021\/07\/img_3856-2.jpg\" data-id=\"3211\" class=\"wp-image-3211\" srcset=\"https:\/\/www.intellectualsovereignty.ch\/wp-content\/uploads\/2021\/07\/img_3856-2.jpg 1500w, https:\/\/www.intellectualsovereignty.ch\/wp-content\/uploads\/2021\/07\/img_3856-2-225x300.jpg 225w, https:\/\/www.intellectualsovereignty.ch\/wp-content\/uploads\/2021\/07\/img_3856-2-768x1024.jpg 768w, https:\/\/www.intellectualsovereignty.ch\/wp-content\/uploads\/2021\/07\/img_3856-2-1152x1536.jpg 1152w, https:\/\/www.intellectualsovereignty.ch\/wp-content\/uploads\/2021\/07\/img_3856-2-400x533.jpg 400w, https:\/\/www.intellectualsovereignty.ch\/wp-content\/uploads\/2021\/07\/img_3856-2-800x1067.jpg 800w\" sizes=\"auto, (max-width: 1500px) 100vw, 1500px\" \/><\/figure><\/li><li class=\"blocks-gallery-item\"><figure><img loading=\"lazy\" decoding=\"async\" width=\"2000\" height=\"1500\" data-attachment-id=\"3204\" data-permalink=\"https:\/\/www.intellectualsovereignty.ch\/index.php\/2021\/07\/20\/hike62-vaduz-alp-siez\/img_3857-3\/\" data-orig-file=\"https:\/\/www.intellectualsovereignty.ch\/wp-content\/uploads\/2021\/07\/img_3857-2.jpg\" data-orig-size=\"2000,1500\" data-comments-opened=\"0\" data-image-title=\"img_3857\" data-image-description=\"\" data-image-caption=\"\" data-large-file=\"https:\/\/www.intellectualsovereignty.ch\/wp-content\/uploads\/2021\/07\/img_3857-2-1024x768.jpg\" src=\"https:\/\/www.intellectualsovereignty.ch\/wp-content\/uploads\/2021\/07\/img_3857-2.jpg\" data-id=\"3204\" class=\"wp-image-3204\" srcset=\"https:\/\/www.intellectualsovereignty.ch\/wp-content\/uploads\/2021\/07\/img_3857-2.jpg 2000w, https:\/\/www.intellectualsovereignty.ch\/wp-content\/uploads\/2021\/07\/img_3857-2-300x225.jpg 300w, https:\/\/www.intellectualsovereignty.ch\/wp-content\/uploads\/2021\/07\/img_3857-2-1024x768.jpg 1024w, https:\/\/www.intellectualsovereignty.ch\/wp-content\/uploads\/2021\/07\/img_3857-2-768x576.jpg 768w, https:\/\/www.intellectualsovereignty.ch\/wp-content\/uploads\/2021\/07\/img_3857-2-1536x1152.jpg 1536w, https:\/\/www.intellectualsovereignty.ch\/wp-content\/uploads\/2021\/07\/img_3857-2-1870x1403.jpg 1870w, https:\/\/www.intellectualsovereignty.ch\/wp-content\/uploads\/2021\/07\/img_3857-2-400x300.jpg 400w, https:\/\/www.intellectualsovereignty.ch\/wp-content\/uploads\/2021\/07\/img_3857-2-800x600.jpg 800w\" sizes=\"auto, (max-width: 2000px) 100vw, 2000px\" \/><\/figure><\/li><li class=\"blocks-gallery-item\"><figure><img loading=\"lazy\" decoding=\"async\" width=\"1500\" height=\"2000\" data-attachment-id=\"3198\" data-permalink=\"https:\/\/www.intellectualsovereignty.ch\/index.php\/2021\/07\/20\/hike62-vaduz-alp-siez\/img_3858-3\/\" data-orig-file=\"https:\/\/www.intellectualsovereignty.ch\/wp-content\/uploads\/2021\/07\/img_3858-2.jpg\" data-orig-size=\"1500,2000\" data-comments-opened=\"0\" data-image-title=\"img_3858\" data-image-description=\"\" data-image-caption=\"\" data-large-file=\"https:\/\/www.intellectualsovereignty.ch\/wp-content\/uploads\/2021\/07\/img_3858-2-768x1024.jpg\" src=\"https:\/\/www.intellectualsovereignty.ch\/wp-content\/uploads\/2021\/07\/img_3858-2.jpg\" data-id=\"3198\" class=\"wp-image-3198\" srcset=\"https:\/\/www.intellectualsovereignty.ch\/wp-content\/uploads\/2021\/07\/img_3858-2.jpg 1500w, https:\/\/www.intellectualsovereignty.ch\/wp-content\/uploads\/2021\/07\/img_3858-2-225x300.jpg 225w, https:\/\/www.intellectualsovereignty.ch\/wp-content\/uploads\/2021\/07\/img_3858-2-768x1024.jpg 768w, https:\/\/www.intellectualsovereignty.ch\/wp-content\/uploads\/2021\/07\/img_3858-2-1152x1536.jpg 1152w, https:\/\/www.intellectualsovereignty.ch\/wp-content\/uploads\/2021\/07\/img_3858-2-400x533.jpg 400w, https:\/\/www.intellectualsovereignty.ch\/wp-content\/uploads\/2021\/07\/img_3858-2-800x1067.jpg 800w\" sizes=\"auto, (max-width: 1500px) 100vw, 1500px\" \/><\/figure><\/li><\/ul><\/figure>\n\n\n\n<p class=\"wp-block-paragraph\">Ab Bahnhof Sargans beginnt die zweite Etappe der Via Alpina als ein echtes Trauerspiel: Der Gang w\u00e4hrend gef\u00fchlt 2km auf brennendem Asphalt der Bahnlinie entlang nach Mels ist den Schweiss nicht wert, einzig der Blick auf das Schloss Sargans mag ein wenig entsch\u00e4digen. Erst nach Mels, als die laaaaaange Steigung nach Vermol beginnt, ahne ich was mir \u00fcber die n\u00e4chsten 10 Tage bevorsteht. Auf ca. 1000m.\u00fc.M. schl\u00e4ngelt zieht sich der H\u00f6henweg ins Weisstannental bis nach Schwendi, von da weg gehts dem rauschenden Fl\u00fcsschen Seez entlang bis zu meinem vermeintlichen Tagesziel.<\/p>\n\n\n\n<figure class=\"wp-block-gallery columns-3 is-cropped wp-block-gallery-2 is-layout-flex wp-block-gallery-is-layout-flex\"><ul class=\"blocks-gallery-grid\"><li class=\"blocks-gallery-item\"><figure><img loading=\"lazy\" decoding=\"async\" width=\"2000\" height=\"1500\" data-attachment-id=\"3134\" data-permalink=\"https:\/\/www.intellectualsovereignty.ch\/index.php\/2021\/07\/20\/hike62-vaduz-alp-siez\/img_3862\/\" data-orig-file=\"https:\/\/www.intellectualsovereignty.ch\/wp-content\/uploads\/2021\/07\/img_3862.jpg\" data-orig-size=\"2000,1500\" data-comments-opened=\"0\" data-image-title=\"img_3862\" data-image-description=\"\" data-image-caption=\"\" data-large-file=\"https:\/\/www.intellectualsovereignty.ch\/wp-content\/uploads\/2021\/07\/img_3862-1024x768.jpg\" src=\"https:\/\/www.intellectualsovereignty.ch\/wp-content\/uploads\/2021\/07\/img_3862.jpg\" data-id=\"3134\" class=\"wp-image-3134\" srcset=\"https:\/\/www.intellectualsovereignty.ch\/wp-content\/uploads\/2021\/07\/img_3862.jpg 2000w, https:\/\/www.intellectualsovereignty.ch\/wp-content\/uploads\/2021\/07\/img_3862-300x225.jpg 300w, https:\/\/www.intellectualsovereignty.ch\/wp-content\/uploads\/2021\/07\/img_3862-1024x768.jpg 1024w, https:\/\/www.intellectualsovereignty.ch\/wp-content\/uploads\/2021\/07\/img_3862-768x576.jpg 768w, https:\/\/www.intellectualsovereignty.ch\/wp-content\/uploads\/2021\/07\/img_3862-1536x1152.jpg 1536w, https:\/\/www.intellectualsovereignty.ch\/wp-content\/uploads\/2021\/07\/img_3862-1870x1403.jpg 1870w, https:\/\/www.intellectualsovereignty.ch\/wp-content\/uploads\/2021\/07\/img_3862-400x300.jpg 400w, https:\/\/www.intellectualsovereignty.ch\/wp-content\/uploads\/2021\/07\/img_3862-800x600.jpg 800w\" sizes=\"auto, (max-width: 2000px) 100vw, 2000px\" \/><\/figure><\/li><li class=\"blocks-gallery-item\"><figure><img loading=\"lazy\" decoding=\"async\" width=\"1500\" height=\"2000\" data-attachment-id=\"3199\" data-permalink=\"https:\/\/www.intellectualsovereignty.ch\/index.php\/2021\/07\/20\/hike62-vaduz-alp-siez\/img_3863-3\/\" data-orig-file=\"https:\/\/www.intellectualsovereignty.ch\/wp-content\/uploads\/2021\/07\/img_3863-2.jpg\" data-orig-size=\"1500,2000\" data-comments-opened=\"0\" data-image-title=\"img_3863\" data-image-description=\"\" data-image-caption=\"\" data-large-file=\"https:\/\/www.intellectualsovereignty.ch\/wp-content\/uploads\/2021\/07\/img_3863-2-768x1024.jpg\" src=\"https:\/\/www.intellectualsovereignty.ch\/wp-content\/uploads\/2021\/07\/img_3863-2.jpg\" data-id=\"3199\" class=\"wp-image-3199\" srcset=\"https:\/\/www.intellectualsovereignty.ch\/wp-content\/uploads\/2021\/07\/img_3863-2.jpg 1500w, https:\/\/www.intellectualsovereignty.ch\/wp-content\/uploads\/2021\/07\/img_3863-2-225x300.jpg 225w, https:\/\/www.intellectualsovereignty.ch\/wp-content\/uploads\/2021\/07\/img_3863-2-768x1024.jpg 768w, https:\/\/www.intellectualsovereignty.ch\/wp-content\/uploads\/2021\/07\/img_3863-2-1152x1536.jpg 1152w, https:\/\/www.intellectualsovereignty.ch\/wp-content\/uploads\/2021\/07\/img_3863-2-400x533.jpg 400w, https:\/\/www.intellectualsovereignty.ch\/wp-content\/uploads\/2021\/07\/img_3863-2-800x1067.jpg 800w\" sizes=\"auto, (max-width: 1500px) 100vw, 1500px\" \/><\/figure><\/li><li class=\"blocks-gallery-item\"><figure><img loading=\"lazy\" decoding=\"async\" width=\"2000\" height=\"1500\" data-attachment-id=\"3140\" data-permalink=\"https:\/\/www.intellectualsovereignty.ch\/index.php\/2021\/07\/20\/hike62-vaduz-alp-siez\/img_3864\/\" data-orig-file=\"https:\/\/www.intellectualsovereignty.ch\/wp-content\/uploads\/2021\/07\/img_3864.jpg\" data-orig-size=\"2000,1500\" data-comments-opened=\"0\" data-image-title=\"img_3864\" data-image-description=\"\" data-image-caption=\"\" data-large-file=\"https:\/\/www.intellectualsovereignty.ch\/wp-content\/uploads\/2021\/07\/img_3864-1024x768.jpg\" src=\"https:\/\/www.intellectualsovereignty.ch\/wp-content\/uploads\/2021\/07\/img_3864.jpg\" data-id=\"3140\" class=\"wp-image-3140\" srcset=\"https:\/\/www.intellectualsovereignty.ch\/wp-content\/uploads\/2021\/07\/img_3864.jpg 2000w, https:\/\/www.intellectualsovereignty.ch\/wp-content\/uploads\/2021\/07\/img_3864-300x225.jpg 300w, https:\/\/www.intellectualsovereignty.ch\/wp-content\/uploads\/2021\/07\/img_3864-1024x768.jpg 1024w, https:\/\/www.intellectualsovereignty.ch\/wp-content\/uploads\/2021\/07\/img_3864-768x576.jpg 768w, https:\/\/www.intellectualsovereignty.ch\/wp-content\/uploads\/2021\/07\/img_3864-1536x1152.jpg 1536w, https:\/\/www.intellectualsovereignty.ch\/wp-content\/uploads\/2021\/07\/img_3864-1870x1403.jpg 1870w, https:\/\/www.intellectualsovereignty.ch\/wp-content\/uploads\/2021\/07\/img_3864-400x300.jpg 400w, https:\/\/www.intellectualsovereignty.ch\/wp-content\/uploads\/2021\/07\/img_3864-800x600.jpg 800w\" sizes=\"auto, (max-width: 2000px) 100vw, 2000px\" \/><\/figure><\/li><li class=\"blocks-gallery-item\"><figure><img loading=\"lazy\" decoding=\"async\" width=\"1500\" height=\"2000\" data-attachment-id=\"3174\" data-permalink=\"https:\/\/www.intellectualsovereignty.ch\/index.php\/2021\/07\/20\/hike62-vaduz-alp-siez\/img_3865-2\/\" data-orig-file=\"https:\/\/www.intellectualsovereignty.ch\/wp-content\/uploads\/2021\/07\/img_3865-1.jpg\" data-orig-size=\"1500,2000\" data-comments-opened=\"0\" data-image-title=\"img_3865\" data-image-description=\"\" data-image-caption=\"\" data-large-file=\"https:\/\/www.intellectualsovereignty.ch\/wp-content\/uploads\/2021\/07\/img_3865-1-768x1024.jpg\" src=\"https:\/\/www.intellectualsovereignty.ch\/wp-content\/uploads\/2021\/07\/img_3865-1.jpg\" data-id=\"3174\" class=\"wp-image-3174\" srcset=\"https:\/\/www.intellectualsovereignty.ch\/wp-content\/uploads\/2021\/07\/img_3865-1.jpg 1500w, https:\/\/www.intellectualsovereignty.ch\/wp-content\/uploads\/2021\/07\/img_3865-1-225x300.jpg 225w, https:\/\/www.intellectualsovereignty.ch\/wp-content\/uploads\/2021\/07\/img_3865-1-768x1024.jpg 768w, https:\/\/www.intellectualsovereignty.ch\/wp-content\/uploads\/2021\/07\/img_3865-1-1152x1536.jpg 1152w, https:\/\/www.intellectualsovereignty.ch\/wp-content\/uploads\/2021\/07\/img_3865-1-400x533.jpg 400w, https:\/\/www.intellectualsovereignty.ch\/wp-content\/uploads\/2021\/07\/img_3865-1-800x1067.jpg 800w\" sizes=\"auto, (max-width: 1500px) 100vw, 1500px\" \/><\/figure><\/li><li class=\"blocks-gallery-item\"><figure><img loading=\"lazy\" decoding=\"async\" width=\"2000\" height=\"1500\" data-attachment-id=\"3177\" data-permalink=\"https:\/\/www.intellectualsovereignty.ch\/index.php\/2021\/07\/20\/hike62-vaduz-alp-siez\/img_3866-2\/\" data-orig-file=\"https:\/\/www.intellectualsovereignty.ch\/wp-content\/uploads\/2021\/07\/img_3866-1.jpg\" data-orig-size=\"2000,1500\" data-comments-opened=\"0\" data-image-title=\"img_3866\" data-image-description=\"\" data-image-caption=\"\" data-large-file=\"https:\/\/www.intellectualsovereignty.ch\/wp-content\/uploads\/2021\/07\/img_3866-1-1024x768.jpg\" src=\"https:\/\/www.intellectualsovereignty.ch\/wp-content\/uploads\/2021\/07\/img_3866-1.jpg\" data-id=\"3177\" class=\"wp-image-3177\" srcset=\"https:\/\/www.intellectualsovereignty.ch\/wp-content\/uploads\/2021\/07\/img_3866-1.jpg 2000w, https:\/\/www.intellectualsovereignty.ch\/wp-content\/uploads\/2021\/07\/img_3866-1-300x225.jpg 300w, https:\/\/www.intellectualsovereignty.ch\/wp-content\/uploads\/2021\/07\/img_3866-1-1024x768.jpg 1024w, https:\/\/www.intellectualsovereignty.ch\/wp-content\/uploads\/2021\/07\/img_3866-1-768x576.jpg 768w, https:\/\/www.intellectualsovereignty.ch\/wp-content\/uploads\/2021\/07\/img_3866-1-1536x1152.jpg 1536w, https:\/\/www.intellectualsovereignty.ch\/wp-content\/uploads\/2021\/07\/img_3866-1-1870x1403.jpg 1870w, https:\/\/www.intellectualsovereignty.ch\/wp-content\/uploads\/2021\/07\/img_3866-1-400x300.jpg 400w, https:\/\/www.intellectualsovereignty.ch\/wp-content\/uploads\/2021\/07\/img_3866-1-800x600.jpg 800w\" sizes=\"auto, (max-width: 2000px) 100vw, 2000px\" \/><\/figure><\/li><li class=\"blocks-gallery-item\"><figure><img loading=\"lazy\" decoding=\"async\" width=\"1500\" height=\"2000\" data-attachment-id=\"3209\" data-permalink=\"https:\/\/www.intellectualsovereignty.ch\/index.php\/2021\/07\/20\/hike62-vaduz-alp-siez\/img_3867-3\/\" data-orig-file=\"https:\/\/www.intellectualsovereignty.ch\/wp-content\/uploads\/2021\/07\/img_3867-2.jpg\" data-orig-size=\"1500,2000\" data-comments-opened=\"0\" data-image-title=\"img_3867\" data-image-description=\"\" data-image-caption=\"\" data-large-file=\"https:\/\/www.intellectualsovereignty.ch\/wp-content\/uploads\/2021\/07\/img_3867-2-768x1024.jpg\" src=\"https:\/\/www.intellectualsovereignty.ch\/wp-content\/uploads\/2021\/07\/img_3867-2.jpg\" data-id=\"3209\" class=\"wp-image-3209\" srcset=\"https:\/\/www.intellectualsovereignty.ch\/wp-content\/uploads\/2021\/07\/img_3867-2.jpg 1500w, https:\/\/www.intellectualsovereignty.ch\/wp-content\/uploads\/2021\/07\/img_3867-2-225x300.jpg 225w, https:\/\/www.intellectualsovereignty.ch\/wp-content\/uploads\/2021\/07\/img_3867-2-768x1024.jpg 768w, https:\/\/www.intellectualsovereignty.ch\/wp-content\/uploads\/2021\/07\/img_3867-2-1152x1536.jpg 1152w, https:\/\/www.intellectualsovereignty.ch\/wp-content\/uploads\/2021\/07\/img_3867-2-400x533.jpg 400w, https:\/\/www.intellectualsovereignty.ch\/wp-content\/uploads\/2021\/07\/img_3867-2-800x1067.jpg 800w\" sizes=\"auto, (max-width: 1500px) 100vw, 1500px\" \/><\/figure><\/li><li class=\"blocks-gallery-item\"><figure><img loading=\"lazy\" decoding=\"async\" width=\"1500\" height=\"2000\" data-attachment-id=\"3212\" data-permalink=\"https:\/\/www.intellectualsovereignty.ch\/index.php\/2021\/07\/20\/hike62-vaduz-alp-siez\/img_3868-3\/\" data-orig-file=\"https:\/\/www.intellectualsovereignty.ch\/wp-content\/uploads\/2021\/07\/img_3868-2.jpg\" data-orig-size=\"1500,2000\" data-comments-opened=\"0\" data-image-title=\"img_3868\" data-image-description=\"\" data-image-caption=\"\" data-large-file=\"https:\/\/www.intellectualsovereignty.ch\/wp-content\/uploads\/2021\/07\/img_3868-2-768x1024.jpg\" src=\"https:\/\/www.intellectualsovereignty.ch\/wp-content\/uploads\/2021\/07\/img_3868-2.jpg\" data-id=\"3212\" class=\"wp-image-3212\" srcset=\"https:\/\/www.intellectualsovereignty.ch\/wp-content\/uploads\/2021\/07\/img_3868-2.jpg 1500w, https:\/\/www.intellectualsovereignty.ch\/wp-content\/uploads\/2021\/07\/img_3868-2-225x300.jpg 225w, https:\/\/www.intellectualsovereignty.ch\/wp-content\/uploads\/2021\/07\/img_3868-2-768x1024.jpg 768w, https:\/\/www.intellectualsovereignty.ch\/wp-content\/uploads\/2021\/07\/img_3868-2-1152x1536.jpg 1152w, https:\/\/www.intellectualsovereignty.ch\/wp-content\/uploads\/2021\/07\/img_3868-2-400x533.jpg 400w, https:\/\/www.intellectualsovereignty.ch\/wp-content\/uploads\/2021\/07\/img_3868-2-800x1067.jpg 800w\" sizes=\"auto, (max-width: 1500px) 100vw, 1500px\" \/><\/figure><\/li><li class=\"blocks-gallery-item\"><figure><img loading=\"lazy\" decoding=\"async\" width=\"2000\" height=\"1500\" data-attachment-id=\"3137\" data-permalink=\"https:\/\/www.intellectualsovereignty.ch\/index.php\/2021\/07\/20\/hike62-vaduz-alp-siez\/img_3869\/\" data-orig-file=\"https:\/\/www.intellectualsovereignty.ch\/wp-content\/uploads\/2021\/07\/img_3869.jpg\" data-orig-size=\"2000,1500\" data-comments-opened=\"0\" data-image-title=\"img_3869\" data-image-description=\"\" data-image-caption=\"\" data-large-file=\"https:\/\/www.intellectualsovereignty.ch\/wp-content\/uploads\/2021\/07\/img_3869-1024x768.jpg\" src=\"https:\/\/www.intellectualsovereignty.ch\/wp-content\/uploads\/2021\/07\/img_3869.jpg\" data-id=\"3137\" class=\"wp-image-3137\" srcset=\"https:\/\/www.intellectualsovereignty.ch\/wp-content\/uploads\/2021\/07\/img_3869.jpg 2000w, https:\/\/www.intellectualsovereignty.ch\/wp-content\/uploads\/2021\/07\/img_3869-300x225.jpg 300w, https:\/\/www.intellectualsovereignty.ch\/wp-content\/uploads\/2021\/07\/img_3869-1024x768.jpg 1024w, https:\/\/www.intellectualsovereignty.ch\/wp-content\/uploads\/2021\/07\/img_3869-768x576.jpg 768w, https:\/\/www.intellectualsovereignty.ch\/wp-content\/uploads\/2021\/07\/img_3869-1536x1152.jpg 1536w, https:\/\/www.intellectualsovereignty.ch\/wp-content\/uploads\/2021\/07\/img_3869-1870x1403.jpg 1870w, https:\/\/www.intellectualsovereignty.ch\/wp-content\/uploads\/2021\/07\/img_3869-400x300.jpg 400w, https:\/\/www.intellectualsovereignty.ch\/wp-content\/uploads\/2021\/07\/img_3869-800x600.jpg 800w\" sizes=\"auto, (max-width: 2000px) 100vw, 2000px\" \/><\/figure><\/li><li class=\"blocks-gallery-item\"><figure><img loading=\"lazy\" decoding=\"async\" width=\"2000\" height=\"1500\" data-attachment-id=\"3201\" data-permalink=\"https:\/\/www.intellectualsovereignty.ch\/index.php\/2021\/07\/20\/hike62-vaduz-alp-siez\/img_3870-3\/\" data-orig-file=\"https:\/\/www.intellectualsovereignty.ch\/wp-content\/uploads\/2021\/07\/img_3870-2.jpg\" data-orig-size=\"2000,1500\" data-comments-opened=\"0\" data-image-title=\"img_3870\" data-image-description=\"\" data-image-caption=\"\" data-large-file=\"https:\/\/www.intellectualsovereignty.ch\/wp-content\/uploads\/2021\/07\/img_3870-2-1024x768.jpg\" src=\"https:\/\/www.intellectualsovereignty.ch\/wp-content\/uploads\/2021\/07\/img_3870-2.jpg\" data-id=\"3201\" class=\"wp-image-3201\" srcset=\"https:\/\/www.intellectualsovereignty.ch\/wp-content\/uploads\/2021\/07\/img_3870-2.jpg 2000w, https:\/\/www.intellectualsovereignty.ch\/wp-content\/uploads\/2021\/07\/img_3870-2-300x225.jpg 300w, https:\/\/www.intellectualsovereignty.ch\/wp-content\/uploads\/2021\/07\/img_3870-2-1024x768.jpg 1024w, https:\/\/www.intellectualsovereignty.ch\/wp-content\/uploads\/2021\/07\/img_3870-2-768x576.jpg 768w, https:\/\/www.intellectualsovereignty.ch\/wp-content\/uploads\/2021\/07\/img_3870-2-1536x1152.jpg 1536w, https:\/\/www.intellectualsovereignty.ch\/wp-content\/uploads\/2021\/07\/img_3870-2-1870x1403.jpg 1870w, https:\/\/www.intellectualsovereignty.ch\/wp-content\/uploads\/2021\/07\/img_3870-2-400x300.jpg 400w, https:\/\/www.intellectualsovereignty.ch\/wp-content\/uploads\/2021\/07\/img_3870-2-800x600.jpg 800w\" sizes=\"auto, (max-width: 2000px) 100vw, 2000px\" \/><\/figure><\/li><li class=\"blocks-gallery-item\"><figure><img loading=\"lazy\" decoding=\"async\" width=\"1500\" height=\"2000\" data-attachment-id=\"3172\" data-permalink=\"https:\/\/www.intellectualsovereignty.ch\/index.php\/2021\/07\/20\/hike62-vaduz-alp-siez\/img_3872-2\/\" data-orig-file=\"https:\/\/www.intellectualsovereignty.ch\/wp-content\/uploads\/2021\/07\/img_3872-1.jpg\" data-orig-size=\"1500,2000\" data-comments-opened=\"0\" data-image-title=\"img_3872\" data-image-description=\"\" data-image-caption=\"\" data-large-file=\"https:\/\/www.intellectualsovereignty.ch\/wp-content\/uploads\/2021\/07\/img_3872-1-768x1024.jpg\" src=\"https:\/\/www.intellectualsovereignty.ch\/wp-content\/uploads\/2021\/07\/img_3872-1.jpg\" data-id=\"3172\" class=\"wp-image-3172\" srcset=\"https:\/\/www.intellectualsovereignty.ch\/wp-content\/uploads\/2021\/07\/img_3872-1.jpg 1500w, https:\/\/www.intellectualsovereignty.ch\/wp-content\/uploads\/2021\/07\/img_3872-1-225x300.jpg 225w, https:\/\/www.intellectualsovereignty.ch\/wp-content\/uploads\/2021\/07\/img_3872-1-768x1024.jpg 768w, https:\/\/www.intellectualsovereignty.ch\/wp-content\/uploads\/2021\/07\/img_3872-1-1152x1536.jpg 1152w, https:\/\/www.intellectualsovereignty.ch\/wp-content\/uploads\/2021\/07\/img_3872-1-400x533.jpg 400w, https:\/\/www.intellectualsovereignty.ch\/wp-content\/uploads\/2021\/07\/img_3872-1-800x1067.jpg 800w\" sizes=\"auto, (max-width: 1500px) 100vw, 1500px\" \/><\/figure><\/li><\/ul><\/figure>\n\n\n\n<p class=\"wp-block-paragraph\">Ich hatte vorgesehen in einem der zwei Hotel-Restaurants zur Feier des Tages einzukehren und mich nach einem Pl\u00e4tzchen f\u00fcr mein Zelt zu erkundigen. Erstaunlicherweise haben am Dienstag beide Etablissements Ruhetag, und ich Depp habe in meinen Vorbereitungen vergessen die eidgen\u00f6ssischen Jagdbann-Gebiete zu ber\u00fccksichtigen\u2026 alle verheissungsvollen Pl\u00e4tzchen auf dem \u00f6stlichen Seeufer fallen somit weg, und das sind 100%! Mir bleibt also nichts anderes \u00fcbrig als rund 4km weiter zu wandern und mir oberhalb der Alp Siez, wo ich doch noch zu meiner Erfrischung komme, ein verschwiegenes Stellpl\u00e4tzchen zu finden. Fix und foxi verschlinge ich mein Nachtessen und verkrieche mich noch vor Sonnenuntergang kurz nach neun Uhr in den Schlafsack.<\/p>\n\n\n\n<figure class=\"wp-block-gallery columns-3 is-cropped wp-block-gallery-3 is-layout-flex wp-block-gallery-is-layout-flex\"><ul class=\"blocks-gallery-grid\"><li class=\"blocks-gallery-item\"><figure><img loading=\"lazy\" decoding=\"async\" width=\"2000\" height=\"696\" data-attachment-id=\"3139\" data-permalink=\"https:\/\/www.intellectualsovereignty.ch\/index.php\/2021\/07\/20\/hike62-vaduz-alp-siez\/img_3873\/\" data-orig-file=\"https:\/\/www.intellectualsovereignty.ch\/wp-content\/uploads\/2021\/07\/img_3873.jpg\" data-orig-size=\"2000,696\" data-comments-opened=\"0\" data-image-title=\"img_3873\" data-image-description=\"\" data-image-caption=\"\" data-large-file=\"https:\/\/www.intellectualsovereignty.ch\/wp-content\/uploads\/2021\/07\/img_3873-1024x356.jpg\" src=\"https:\/\/www.intellectualsovereignty.ch\/wp-content\/uploads\/2021\/07\/img_3873.jpg\" data-id=\"3139\" class=\"wp-image-3139\" srcset=\"https:\/\/www.intellectualsovereignty.ch\/wp-content\/uploads\/2021\/07\/img_3873.jpg 2000w, https:\/\/www.intellectualsovereignty.ch\/wp-content\/uploads\/2021\/07\/img_3873-300x104.jpg 300w, https:\/\/www.intellectualsovereignty.ch\/wp-content\/uploads\/2021\/07\/img_3873-1024x356.jpg 1024w, https:\/\/www.intellectualsovereignty.ch\/wp-content\/uploads\/2021\/07\/img_3873-768x267.jpg 768w, https:\/\/www.intellectualsovereignty.ch\/wp-content\/uploads\/2021\/07\/img_3873-1536x535.jpg 1536w, https:\/\/www.intellectualsovereignty.ch\/wp-content\/uploads\/2021\/07\/img_3873-1870x651.jpg 1870w, https:\/\/www.intellectualsovereignty.ch\/wp-content\/uploads\/2021\/07\/img_3873-400x139.jpg 400w, https:\/\/www.intellectualsovereignty.ch\/wp-content\/uploads\/2021\/07\/img_3873-800x278.jpg 800w\" sizes=\"auto, (max-width: 2000px) 100vw, 2000px\" \/><\/figure><\/li><li class=\"blocks-gallery-item\"><figure><img loading=\"lazy\" decoding=\"async\" width=\"2000\" height=\"1500\" data-attachment-id=\"3210\" data-permalink=\"https:\/\/www.intellectualsovereignty.ch\/index.php\/2021\/07\/20\/hike62-vaduz-alp-siez\/img_3874-3\/\" data-orig-file=\"https:\/\/www.intellectualsovereignty.ch\/wp-content\/uploads\/2021\/07\/img_3874-2.jpg\" data-orig-size=\"2000,1500\" data-comments-opened=\"0\" data-image-title=\"img_3874\" data-image-description=\"\" data-image-caption=\"\" data-large-file=\"https:\/\/www.intellectualsovereignty.ch\/wp-content\/uploads\/2021\/07\/img_3874-2-1024x768.jpg\" src=\"https:\/\/www.intellectualsovereignty.ch\/wp-content\/uploads\/2021\/07\/img_3874-2.jpg\" data-id=\"3210\" class=\"wp-image-3210\" srcset=\"https:\/\/www.intellectualsovereignty.ch\/wp-content\/uploads\/2021\/07\/img_3874-2.jpg 2000w, https:\/\/www.intellectualsovereignty.ch\/wp-content\/uploads\/2021\/07\/img_3874-2-300x225.jpg 300w, https:\/\/www.intellectualsovereignty.ch\/wp-content\/uploads\/2021\/07\/img_3874-2-1024x768.jpg 1024w, https:\/\/www.intellectualsovereignty.ch\/wp-content\/uploads\/2021\/07\/img_3874-2-768x576.jpg 768w, https:\/\/www.intellectualsovereignty.ch\/wp-content\/uploads\/2021\/07\/img_3874-2-1536x1152.jpg 1536w, https:\/\/www.intellectualsovereignty.ch\/wp-content\/uploads\/2021\/07\/img_3874-2-1870x1403.jpg 1870w, https:\/\/www.intellectualsovereignty.ch\/wp-content\/uploads\/2021\/07\/img_3874-2-400x300.jpg 400w, https:\/\/www.intellectualsovereignty.ch\/wp-content\/uploads\/2021\/07\/img_3874-2-800x600.jpg 800w\" sizes=\"auto, (max-width: 2000px) 100vw, 2000px\" \/><\/figure><\/li><li class=\"blocks-gallery-item\"><figure><img loading=\"lazy\" decoding=\"async\" width=\"2000\" height=\"1500\" data-attachment-id=\"3205\" data-permalink=\"https:\/\/www.intellectualsovereignty.ch\/index.php\/2021\/07\/20\/hike62-vaduz-alp-siez\/img_3875-3\/\" data-orig-file=\"https:\/\/www.intellectualsovereignty.ch\/wp-content\/uploads\/2021\/07\/img_3875-2.jpg\" data-orig-size=\"2000,1500\" data-comments-opened=\"0\" data-image-title=\"img_3875\" data-image-description=\"\" data-image-caption=\"\" data-large-file=\"https:\/\/www.intellectualsovereignty.ch\/wp-content\/uploads\/2021\/07\/img_3875-2-1024x768.jpg\" src=\"https:\/\/www.intellectualsovereignty.ch\/wp-content\/uploads\/2021\/07\/img_3875-2.jpg\" data-id=\"3205\" class=\"wp-image-3205\" srcset=\"https:\/\/www.intellectualsovereignty.ch\/wp-content\/uploads\/2021\/07\/img_3875-2.jpg 2000w, https:\/\/www.intellectualsovereignty.ch\/wp-content\/uploads\/2021\/07\/img_3875-2-300x225.jpg 300w, https:\/\/www.intellectualsovereignty.ch\/wp-content\/uploads\/2021\/07\/img_3875-2-1024x768.jpg 1024w, https:\/\/www.intellectualsovereignty.ch\/wp-content\/uploads\/2021\/07\/img_3875-2-768x576.jpg 768w, https:\/\/www.intellectualsovereignty.ch\/wp-content\/uploads\/2021\/07\/img_3875-2-1536x1152.jpg 1536w, https:\/\/www.intellectualsovereignty.ch\/wp-content\/uploads\/2021\/07\/img_3875-2-1870x1403.jpg 1870w, https:\/\/www.intellectualsovereignty.ch\/wp-content\/uploads\/2021\/07\/img_3875-2-400x300.jpg 400w, https:\/\/www.intellectualsovereignty.ch\/wp-content\/uploads\/2021\/07\/img_3875-2-800x600.jpg 800w\" sizes=\"auto, (max-width: 2000px) 100vw, 2000px\" \/><\/figure><\/li><li class=\"blocks-gallery-item\"><figure><img loading=\"lazy\" decoding=\"async\" width=\"1500\" height=\"2000\" data-attachment-id=\"3213\" data-permalink=\"https:\/\/www.intellectualsovereignty.ch\/index.php\/2021\/07\/20\/hike62-vaduz-alp-siez\/img_3877-3\/\" data-orig-file=\"https:\/\/www.intellectualsovereignty.ch\/wp-content\/uploads\/2021\/07\/img_3877-2.jpg\" data-orig-size=\"1500,2000\" data-comments-opened=\"0\" data-image-title=\"img_3877\" data-image-description=\"\" data-image-caption=\"\" data-large-file=\"https:\/\/www.intellectualsovereignty.ch\/wp-content\/uploads\/2021\/07\/img_3877-2-768x1024.jpg\" src=\"https:\/\/www.intellectualsovereignty.ch\/wp-content\/uploads\/2021\/07\/img_3877-2.jpg\" data-id=\"3213\" class=\"wp-image-3213\" srcset=\"https:\/\/www.intellectualsovereignty.ch\/wp-content\/uploads\/2021\/07\/img_3877-2.jpg 1500w, https:\/\/www.intellectualsovereignty.ch\/wp-content\/uploads\/2021\/07\/img_3877-2-225x300.jpg 225w, https:\/\/www.intellectualsovereignty.ch\/wp-content\/uploads\/2021\/07\/img_3877-2-768x1024.jpg 768w, https:\/\/www.intellectualsovereignty.ch\/wp-content\/uploads\/2021\/07\/img_3877-2-1152x1536.jpg 1152w, https:\/\/www.intellectualsovereignty.ch\/wp-content\/uploads\/2021\/07\/img_3877-2-400x533.jpg 400w, https:\/\/www.intellectualsovereignty.ch\/wp-content\/uploads\/2021\/07\/img_3877-2-800x1067.jpg 800w\" sizes=\"auto, (max-width: 1500px) 100vw, 1500px\" \/><\/figure><\/li><\/ul><\/figure>\n\n\n\n<hr class=\"wp-block-separator\"\/>\n\n\n\n<p class=\"wp-block-paragraph\">Distanz: 35km<br>H\u00f6henmeter: 1&#8217;575m hoch \/ 770m runter<br>Marschzeit: 7h30<br>GPS-Route:&nbsp;<a rel=\"noreferrer noopener\" href=\"https:\/\/map.schweizmobil.ch\/?lang=de&amp;land=wanderland&amp;route=all&amp;photos=yes&amp;bgLayer=pk&amp;logo=yes&amp;season=summer&amp;resolution=1&amp;E=2740865&amp;N=1204326&amp;layers=Wanderland&amp;trackId=127299983\" target=\"_blank\">SchweizMobil<\/a><br>Beschrieb:&nbsp;<a rel=\"noreferrer noopener\" href=\"https:\/\/schweizmobil.cap01.pxlpartner.ch\/de\/wanderland\/routen\/route-01.html\" target=\"_blank\">Via Alpina (Nr. 1)<\/a>, Etappe 1 (Abschnitt Vaduz Post &#8211; Sargans), Etappe 2, Etappe 3 (Abschnitt Weisstannen &#8211; Alp Siez)<\/p>\n\n\n[sgpx gpx=\/wp-content\/uploads\/gpx\/20210720_vaduzalpsiez.gpx ]\n","protected":false},"excerpt":{"rendered":"<p>Als sich der tr\u00fcb-nasse Sommer am Verabschieden war &#8211; zugegebenermassen haben wir die Horrorwoche mit Hochwasser allenthalben elegant mit einem Badetrip an die Westk\u00fcste von Korsika \u00fcberbr\u00fcckt &#8211; habe ich spontan beschlossen, die Via Alpina von Vaduz nach Montreux unter die F\u00fcsse zu nehmen. Mein Plan: In zehn Tagen d.h. bis L\u00e9onies 19. Geburtstag die [&hellip;]<\/p>\n","protected":false},"author":1,"featured_media":3207,"comment_status":"open","ping_status":"open","sticky":false,"template":"","format":"standard","meta":{"_jetpack_newsletter_access":"","_jetpack_dont_email_post_to_subs":false,"_jetpack_newsletter_tier_id":0,"_jetpack_memberships_contains_paywalled_content":false,"_spotmap_latitude":"","_spotmap_longitude":"","_jetpack_feature_clip_id":0,"_jetpack_memberships_contains_paid_content":false,"footnotes":"","jetpack_post_was_ever_published":false},"categories":[3],"tags":[23],"class_list":["post-3214","post","type-post","status-publish","format-standard","has-post-thumbnail","hentry","category-hiking","tag-ch_001","has-thumbnail"],"jetpack_shortlink":"https:\/\/wp.me\/p9IwFN-PQ","jetpack_likes_enabled":false,"jetpack_sharing_enabled":true,"jetpack_featured_media_url":"https:\/\/www.intellectualsovereignty.ch\/wp-content\/uploads\/2021\/07\/img_3848-1-2.jpg","_links":{"self":[{"href":"https:\/\/www.intellectualsovereignty.ch\/index.php\/wp-json\/wp\/v2\/posts\/3214","targetHints":{"allow":["GET"]}}],"collection":[{"href":"https:\/\/www.intellectualsovereignty.ch\/index.php\/wp-json\/wp\/v2\/posts"}],"about":[{"href":"https:\/\/www.intellectualsovereignty.ch\/index.php\/wp-json\/wp\/v2\/types\/post"}],"author":[{"embeddable":true,"href":"https:\/\/www.intellectualsovereignty.ch\/index.php\/wp-json\/wp\/v2\/users\/1"}],"replies":[{"embeddable":true,"href":"https:\/\/www.intellectualsovereignty.ch\/index.php\/wp-json\/wp\/v2\/comments?post=3214"}],"version-history":[{"count":3,"href":"https:\/\/www.intellectualsovereignty.ch\/index.php\/wp-json\/wp\/v2\/posts\/3214\/revisions"}],"predecessor-version":[{"id":3931,"href":"https:\/\/www.intellectualsovereignty.ch\/index.php\/wp-json\/wp\/v2\/posts\/3214\/revisions\/3931"}],"wp:featuredmedia":[{"embeddable":true,"href":"https:\/\/www.intellectualsovereignty.ch\/index.php\/wp-json\/wp\/v2\/media\/3207"}],"wp:attachment":[{"href":"https:\/\/www.intellectualsovereignty.ch\/index.php\/wp-json\/wp\/v2\/media?parent=3214"}],"wp:term":[{"taxonomy":"category","embeddable":true,"href":"https:\/\/www.intellectualsovereignty.ch\/index.php\/wp-json\/wp\/v2\/categories?post=3214"},{"taxonomy":"post_tag","embeddable":true,"href":"https:\/\/www.intellectualsovereignty.ch\/index.php\/wp-json\/wp\/v2\/tags?post=3214"}],"curies":[{"name":"wp","href":"https:\/\/api.w.org\/{rel}","templated":true}]}}