{"id":3071,"date":"2021-07-07T18:16:00","date_gmt":"2021-07-07T16:16:00","guid":{"rendered":"https:\/\/www.intellectualsovereignty.ch\/?p=3071"},"modified":"2021-07-12T15:30:19","modified_gmt":"2021-07-12T13:30:19","slug":"hike61-verregnetes-duo-ob-vals","status":"publish","type":"post","link":"https:\/\/www.intellectualsovereignty.ch\/index.php\/2021\/07\/07\/hike61-verregnetes-duo-ob-vals\/","title":{"rendered":"Hike#61 \/ Verregnetes Duo ob Vals"},"content":{"rendered":"\n<p class=\"wp-block-paragraph\">Seit l\u00e4ngerem hatten Nina, Ben, Bea und ich einen Wandertrip ins b\u00fcdnerische Vals geplant, und uns sehr auf die Drei Seen Wandertour vom Zervreila-Stausee hoch in Richtung Fanellhorn und dann runter bis nach Vals gefreut. Doch das verflixte Sommerwetter hat uns definitiv einen dicken Strich durch die Rechnung gemacht, rund 15 Grad und Dauerregen sind da einfach inkompatibel mit Sommerg\u00e4ngern\u2026 Deshalb berichte ich nachfolgend von zwei alternativen Spazierg\u00e4ngen oberhalb von Vals.<\/p>\n\n\n\n<h2 class=\"wp-block-heading\">Gadastatt &#8211; Vals (Tag 1)<\/h2>\n\n\n\n<p class=\"wp-block-paragraph\">Da wir erst kurz nach Mittag mit dem Postauto ankamen, war vor dem herannahenden Gewitter nur kurz Zeit f\u00fcr eine kleine Wanderung. Schnurstracks peilten wir das kostenfrei nutzbare Gondeli hoch zur Gadastatt, wo wir nach einem kurzen Aufstieg zur Stafelti auf einem H\u00f6henweg zur H\u00e4ngela (h\u00fcbsches kleines Berggasthaus mit Jurten zum \u00dcbernachten) r\u00fcber und schliesslich runter nach Vals laufen. Kurzweilig und bei sch\u00f6nem Wetter sicher der Kn\u00fcller, vor allem die Aussicht zum Hora auf der gegen\u00fcberliegenden Talseite, bei dem vorherrschenden kalten Wind und dem anst\u00fcrmenden Gewitter nur halb so lauschig! Viel lauschiger daf\u00fcr unsere Bleibe, das Boutique-Hotel <a rel=\"noreferrer noopener\" href=\"https:\/\/brucke49.ch\/mobile-the-stylish-bb-pension--herberge-in-vals-.html\" target=\"_blank\">Br\u00fccke 49<\/a>\u2026<\/p>\n\n\n\n<figure class=\"wp-block-gallery columns-3 is-cropped wp-block-gallery-1 is-layout-flex wp-block-gallery-is-layout-flex\"><ul class=\"blocks-gallery-grid\"><li class=\"blocks-gallery-item\"><figure><img loading=\"lazy\" decoding=\"async\" width=\"2000\" height=\"1500\" data-attachment-id=\"3075\" data-permalink=\"https:\/\/www.intellectualsovereignty.ch\/index.php\/2021\/07\/07\/hike61-verregnetes-duo-ob-vals\/img_3633\/\" data-orig-file=\"https:\/\/www.intellectualsovereignty.ch\/wp-content\/uploads\/2021\/07\/img_3633.jpg\" data-orig-size=\"2000,1500\" data-comments-opened=\"0\" data-image-title=\"img_3633\" data-image-description=\"\" data-image-caption=\"\" data-large-file=\"https:\/\/www.intellectualsovereignty.ch\/wp-content\/uploads\/2021\/07\/img_3633-1024x768.jpg\" src=\"https:\/\/www.intellectualsovereignty.ch\/wp-content\/uploads\/2021\/07\/img_3633.jpg\" data-id=\"3075\" class=\"wp-image-3075\" srcset=\"https:\/\/www.intellectualsovereignty.ch\/wp-content\/uploads\/2021\/07\/img_3633.jpg 2000w, https:\/\/www.intellectualsovereignty.ch\/wp-content\/uploads\/2021\/07\/img_3633-300x225.jpg 300w, https:\/\/www.intellectualsovereignty.ch\/wp-content\/uploads\/2021\/07\/img_3633-1024x768.jpg 1024w, https:\/\/www.intellectualsovereignty.ch\/wp-content\/uploads\/2021\/07\/img_3633-768x576.jpg 768w, https:\/\/www.intellectualsovereignty.ch\/wp-content\/uploads\/2021\/07\/img_3633-1536x1152.jpg 1536w, https:\/\/www.intellectualsovereignty.ch\/wp-content\/uploads\/2021\/07\/img_3633-1870x1403.jpg 1870w, https:\/\/www.intellectualsovereignty.ch\/wp-content\/uploads\/2021\/07\/img_3633-400x300.jpg 400w, https:\/\/www.intellectualsovereignty.ch\/wp-content\/uploads\/2021\/07\/img_3633-800x600.jpg 800w\" sizes=\"auto, (max-width: 2000px) 100vw, 2000px\" \/><\/figure><\/li><li class=\"blocks-gallery-item\"><figure><img loading=\"lazy\" decoding=\"async\" width=\"2000\" height=\"1764\" data-attachment-id=\"3081\" data-permalink=\"https:\/\/www.intellectualsovereignty.ch\/index.php\/2021\/07\/07\/hike61-verregnetes-duo-ob-vals\/img_3634\/\" data-orig-file=\"https:\/\/www.intellectualsovereignty.ch\/wp-content\/uploads\/2021\/07\/img_3634.jpg\" data-orig-size=\"2000,1764\" data-comments-opened=\"0\" data-image-title=\"img_3634\" data-image-description=\"\" data-image-caption=\"\" data-large-file=\"https:\/\/www.intellectualsovereignty.ch\/wp-content\/uploads\/2021\/07\/img_3634-1024x903.jpg\" src=\"https:\/\/www.intellectualsovereignty.ch\/wp-content\/uploads\/2021\/07\/img_3634.jpg\" data-id=\"3081\" class=\"wp-image-3081\" srcset=\"https:\/\/www.intellectualsovereignty.ch\/wp-content\/uploads\/2021\/07\/img_3634.jpg 2000w, https:\/\/www.intellectualsovereignty.ch\/wp-content\/uploads\/2021\/07\/img_3634-300x265.jpg 300w, https:\/\/www.intellectualsovereignty.ch\/wp-content\/uploads\/2021\/07\/img_3634-1024x903.jpg 1024w, https:\/\/www.intellectualsovereignty.ch\/wp-content\/uploads\/2021\/07\/img_3634-768x677.jpg 768w, https:\/\/www.intellectualsovereignty.ch\/wp-content\/uploads\/2021\/07\/img_3634-1536x1355.jpg 1536w, https:\/\/www.intellectualsovereignty.ch\/wp-content\/uploads\/2021\/07\/img_3634-1870x1649.jpg 1870w, https:\/\/www.intellectualsovereignty.ch\/wp-content\/uploads\/2021\/07\/img_3634-400x353.jpg 400w, https:\/\/www.intellectualsovereignty.ch\/wp-content\/uploads\/2021\/07\/img_3634-800x706.jpg 800w\" sizes=\"auto, (max-width: 2000px) 100vw, 2000px\" \/><\/figure><\/li><li class=\"blocks-gallery-item\"><figure><img loading=\"lazy\" decoding=\"async\" width=\"2000\" height=\"1500\" data-attachment-id=\"3077\" data-permalink=\"https:\/\/www.intellectualsovereignty.ch\/index.php\/2021\/07\/07\/hike61-verregnetes-duo-ob-vals\/img_3635\/\" data-orig-file=\"https:\/\/www.intellectualsovereignty.ch\/wp-content\/uploads\/2021\/07\/img_3635.jpg\" data-orig-size=\"2000,1500\" data-comments-opened=\"0\" data-image-title=\"img_3635\" data-image-description=\"\" data-image-caption=\"\" data-large-file=\"https:\/\/www.intellectualsovereignty.ch\/wp-content\/uploads\/2021\/07\/img_3635-1024x768.jpg\" src=\"https:\/\/www.intellectualsovereignty.ch\/wp-content\/uploads\/2021\/07\/img_3635.jpg\" data-id=\"3077\" class=\"wp-image-3077\" srcset=\"https:\/\/www.intellectualsovereignty.ch\/wp-content\/uploads\/2021\/07\/img_3635.jpg 2000w, https:\/\/www.intellectualsovereignty.ch\/wp-content\/uploads\/2021\/07\/img_3635-300x225.jpg 300w, https:\/\/www.intellectualsovereignty.ch\/wp-content\/uploads\/2021\/07\/img_3635-1024x768.jpg 1024w, https:\/\/www.intellectualsovereignty.ch\/wp-content\/uploads\/2021\/07\/img_3635-768x576.jpg 768w, https:\/\/www.intellectualsovereignty.ch\/wp-content\/uploads\/2021\/07\/img_3635-1536x1152.jpg 1536w, https:\/\/www.intellectualsovereignty.ch\/wp-content\/uploads\/2021\/07\/img_3635-1870x1403.jpg 1870w, https:\/\/www.intellectualsovereignty.ch\/wp-content\/uploads\/2021\/07\/img_3635-400x300.jpg 400w, https:\/\/www.intellectualsovereignty.ch\/wp-content\/uploads\/2021\/07\/img_3635-800x600.jpg 800w\" sizes=\"auto, (max-width: 2000px) 100vw, 2000px\" \/><\/figure><\/li><li class=\"blocks-gallery-item\"><figure><img loading=\"lazy\" decoding=\"async\" width=\"2000\" height=\"1500\" data-attachment-id=\"3076\" data-permalink=\"https:\/\/www.intellectualsovereignty.ch\/index.php\/2021\/07\/07\/hike61-verregnetes-duo-ob-vals\/img_3636\/\" data-orig-file=\"https:\/\/www.intellectualsovereignty.ch\/wp-content\/uploads\/2021\/07\/img_3636.jpg\" data-orig-size=\"2000,1500\" data-comments-opened=\"0\" data-image-title=\"img_3636\" data-image-description=\"\" data-image-caption=\"\" data-large-file=\"https:\/\/www.intellectualsovereignty.ch\/wp-content\/uploads\/2021\/07\/img_3636-1024x768.jpg\" src=\"https:\/\/www.intellectualsovereignty.ch\/wp-content\/uploads\/2021\/07\/img_3636.jpg\" data-id=\"3076\" class=\"wp-image-3076\" srcset=\"https:\/\/www.intellectualsovereignty.ch\/wp-content\/uploads\/2021\/07\/img_3636.jpg 2000w, https:\/\/www.intellectualsovereignty.ch\/wp-content\/uploads\/2021\/07\/img_3636-300x225.jpg 300w, https:\/\/www.intellectualsovereignty.ch\/wp-content\/uploads\/2021\/07\/img_3636-1024x768.jpg 1024w, https:\/\/www.intellectualsovereignty.ch\/wp-content\/uploads\/2021\/07\/img_3636-768x576.jpg 768w, https:\/\/www.intellectualsovereignty.ch\/wp-content\/uploads\/2021\/07\/img_3636-1536x1152.jpg 1536w, https:\/\/www.intellectualsovereignty.ch\/wp-content\/uploads\/2021\/07\/img_3636-1870x1403.jpg 1870w, https:\/\/www.intellectualsovereignty.ch\/wp-content\/uploads\/2021\/07\/img_3636-400x300.jpg 400w, https:\/\/www.intellectualsovereignty.ch\/wp-content\/uploads\/2021\/07\/img_3636-800x600.jpg 800w\" sizes=\"auto, (max-width: 2000px) 100vw, 2000px\" \/><\/figure><\/li><li class=\"blocks-gallery-item\"><figure><img loading=\"lazy\" decoding=\"async\" width=\"2000\" height=\"1500\" data-attachment-id=\"3082\" data-permalink=\"https:\/\/www.intellectualsovereignty.ch\/index.php\/2021\/07\/07\/hike61-verregnetes-duo-ob-vals\/img_3637\/\" data-orig-file=\"https:\/\/www.intellectualsovereignty.ch\/wp-content\/uploads\/2021\/07\/img_3637.jpg\" data-orig-size=\"2000,1500\" data-comments-opened=\"0\" data-image-title=\"img_3637\" data-image-description=\"\" data-image-caption=\"\" data-large-file=\"https:\/\/www.intellectualsovereignty.ch\/wp-content\/uploads\/2021\/07\/img_3637-1024x768.jpg\" src=\"https:\/\/www.intellectualsovereignty.ch\/wp-content\/uploads\/2021\/07\/img_3637.jpg\" data-id=\"3082\" class=\"wp-image-3082\" srcset=\"https:\/\/www.intellectualsovereignty.ch\/wp-content\/uploads\/2021\/07\/img_3637.jpg 2000w, https:\/\/www.intellectualsovereignty.ch\/wp-content\/uploads\/2021\/07\/img_3637-300x225.jpg 300w, https:\/\/www.intellectualsovereignty.ch\/wp-content\/uploads\/2021\/07\/img_3637-1024x768.jpg 1024w, https:\/\/www.intellectualsovereignty.ch\/wp-content\/uploads\/2021\/07\/img_3637-768x576.jpg 768w, https:\/\/www.intellectualsovereignty.ch\/wp-content\/uploads\/2021\/07\/img_3637-1536x1152.jpg 1536w, https:\/\/www.intellectualsovereignty.ch\/wp-content\/uploads\/2021\/07\/img_3637-1870x1403.jpg 1870w, https:\/\/www.intellectualsovereignty.ch\/wp-content\/uploads\/2021\/07\/img_3637-400x300.jpg 400w, https:\/\/www.intellectualsovereignty.ch\/wp-content\/uploads\/2021\/07\/img_3637-800x600.jpg 800w\" sizes=\"auto, (max-width: 2000px) 100vw, 2000px\" \/><\/figure><\/li><li class=\"blocks-gallery-item\"><figure><img loading=\"lazy\" decoding=\"async\" width=\"1500\" height=\"2000\" data-attachment-id=\"3084\" data-permalink=\"https:\/\/www.intellectualsovereignty.ch\/index.php\/2021\/07\/07\/hike61-verregnetes-duo-ob-vals\/img_3638\/\" data-orig-file=\"https:\/\/www.intellectualsovereignty.ch\/wp-content\/uploads\/2021\/07\/img_3638.jpg\" data-orig-size=\"1500,2000\" data-comments-opened=\"0\" data-image-title=\"img_3638\" data-image-description=\"\" data-image-caption=\"\" data-large-file=\"https:\/\/www.intellectualsovereignty.ch\/wp-content\/uploads\/2021\/07\/img_3638-768x1024.jpg\" src=\"https:\/\/www.intellectualsovereignty.ch\/wp-content\/uploads\/2021\/07\/img_3638.jpg\" data-id=\"3084\" class=\"wp-image-3084\" srcset=\"https:\/\/www.intellectualsovereignty.ch\/wp-content\/uploads\/2021\/07\/img_3638.jpg 1500w, https:\/\/www.intellectualsovereignty.ch\/wp-content\/uploads\/2021\/07\/img_3638-225x300.jpg 225w, https:\/\/www.intellectualsovereignty.ch\/wp-content\/uploads\/2021\/07\/img_3638-768x1024.jpg 768w, https:\/\/www.intellectualsovereignty.ch\/wp-content\/uploads\/2021\/07\/img_3638-1152x1536.jpg 1152w, https:\/\/www.intellectualsovereignty.ch\/wp-content\/uploads\/2021\/07\/img_3638-400x533.jpg 400w, https:\/\/www.intellectualsovereignty.ch\/wp-content\/uploads\/2021\/07\/img_3638-800x1067.jpg 800w\" sizes=\"auto, (max-width: 1500px) 100vw, 1500px\" \/><\/figure><\/li><li class=\"blocks-gallery-item\"><figure><img loading=\"lazy\" decoding=\"async\" width=\"2000\" height=\"1500\" data-attachment-id=\"3093\" data-permalink=\"https:\/\/www.intellectualsovereignty.ch\/index.php\/2021\/07\/07\/hike61-verregnetes-duo-ob-vals\/img_3639\/\" data-orig-file=\"https:\/\/www.intellectualsovereignty.ch\/wp-content\/uploads\/2021\/07\/img_3639.jpg\" data-orig-size=\"2000,1500\" data-comments-opened=\"0\" data-image-title=\"img_3639\" data-image-description=\"\" data-image-caption=\"\" data-large-file=\"https:\/\/www.intellectualsovereignty.ch\/wp-content\/uploads\/2021\/07\/img_3639-1024x768.jpg\" src=\"https:\/\/www.intellectualsovereignty.ch\/wp-content\/uploads\/2021\/07\/img_3639.jpg\" data-id=\"3093\" class=\"wp-image-3093\" srcset=\"https:\/\/www.intellectualsovereignty.ch\/wp-content\/uploads\/2021\/07\/img_3639.jpg 2000w, https:\/\/www.intellectualsovereignty.ch\/wp-content\/uploads\/2021\/07\/img_3639-300x225.jpg 300w, https:\/\/www.intellectualsovereignty.ch\/wp-content\/uploads\/2021\/07\/img_3639-1024x768.jpg 1024w, https:\/\/www.intellectualsovereignty.ch\/wp-content\/uploads\/2021\/07\/img_3639-768x576.jpg 768w, https:\/\/www.intellectualsovereignty.ch\/wp-content\/uploads\/2021\/07\/img_3639-1536x1152.jpg 1536w, https:\/\/www.intellectualsovereignty.ch\/wp-content\/uploads\/2021\/07\/img_3639-1870x1403.jpg 1870w, https:\/\/www.intellectualsovereignty.ch\/wp-content\/uploads\/2021\/07\/img_3639-400x300.jpg 400w, https:\/\/www.intellectualsovereignty.ch\/wp-content\/uploads\/2021\/07\/img_3639-800x600.jpg 800w\" sizes=\"auto, (max-width: 2000px) 100vw, 2000px\" \/><\/figure><\/li><li class=\"blocks-gallery-item\"><figure><img loading=\"lazy\" decoding=\"async\" width=\"2000\" height=\"1500\" data-attachment-id=\"3086\" data-permalink=\"https:\/\/www.intellectualsovereignty.ch\/index.php\/2021\/07\/07\/hike61-verregnetes-duo-ob-vals\/img_3640\/\" data-orig-file=\"https:\/\/www.intellectualsovereignty.ch\/wp-content\/uploads\/2021\/07\/img_3640.jpg\" data-orig-size=\"2000,1500\" data-comments-opened=\"0\" data-image-title=\"img_3640\" data-image-description=\"\" data-image-caption=\"\" data-large-file=\"https:\/\/www.intellectualsovereignty.ch\/wp-content\/uploads\/2021\/07\/img_3640-1024x768.jpg\" src=\"https:\/\/www.intellectualsovereignty.ch\/wp-content\/uploads\/2021\/07\/img_3640.jpg\" data-id=\"3086\" class=\"wp-image-3086\" srcset=\"https:\/\/www.intellectualsovereignty.ch\/wp-content\/uploads\/2021\/07\/img_3640.jpg 2000w, https:\/\/www.intellectualsovereignty.ch\/wp-content\/uploads\/2021\/07\/img_3640-300x225.jpg 300w, https:\/\/www.intellectualsovereignty.ch\/wp-content\/uploads\/2021\/07\/img_3640-1024x768.jpg 1024w, https:\/\/www.intellectualsovereignty.ch\/wp-content\/uploads\/2021\/07\/img_3640-768x576.jpg 768w, https:\/\/www.intellectualsovereignty.ch\/wp-content\/uploads\/2021\/07\/img_3640-1536x1152.jpg 1536w, https:\/\/www.intellectualsovereignty.ch\/wp-content\/uploads\/2021\/07\/img_3640-1870x1403.jpg 1870w, https:\/\/www.intellectualsovereignty.ch\/wp-content\/uploads\/2021\/07\/img_3640-400x300.jpg 400w, https:\/\/www.intellectualsovereignty.ch\/wp-content\/uploads\/2021\/07\/img_3640-800x600.jpg 800w\" sizes=\"auto, (max-width: 2000px) 100vw, 2000px\" \/><\/figure><\/li><li class=\"blocks-gallery-item\"><figure><img loading=\"lazy\" decoding=\"async\" width=\"1500\" height=\"2000\" data-attachment-id=\"3095\" data-permalink=\"https:\/\/www.intellectualsovereignty.ch\/index.php\/2021\/07\/07\/hike61-verregnetes-duo-ob-vals\/img_3641\/\" data-orig-file=\"https:\/\/www.intellectualsovereignty.ch\/wp-content\/uploads\/2021\/07\/img_3641.jpg\" data-orig-size=\"1500,2000\" data-comments-opened=\"0\" data-image-title=\"img_3641\" data-image-description=\"\" data-image-caption=\"\" data-large-file=\"https:\/\/www.intellectualsovereignty.ch\/wp-content\/uploads\/2021\/07\/img_3641-768x1024.jpg\" src=\"https:\/\/www.intellectualsovereignty.ch\/wp-content\/uploads\/2021\/07\/img_3641.jpg\" data-id=\"3095\" class=\"wp-image-3095\" srcset=\"https:\/\/www.intellectualsovereignty.ch\/wp-content\/uploads\/2021\/07\/img_3641.jpg 1500w, https:\/\/www.intellectualsovereignty.ch\/wp-content\/uploads\/2021\/07\/img_3641-225x300.jpg 225w, https:\/\/www.intellectualsovereignty.ch\/wp-content\/uploads\/2021\/07\/img_3641-768x1024.jpg 768w, https:\/\/www.intellectualsovereignty.ch\/wp-content\/uploads\/2021\/07\/img_3641-1152x1536.jpg 1152w, https:\/\/www.intellectualsovereignty.ch\/wp-content\/uploads\/2021\/07\/img_3641-400x533.jpg 400w, https:\/\/www.intellectualsovereignty.ch\/wp-content\/uploads\/2021\/07\/img_3641-800x1067.jpg 800w\" sizes=\"auto, (max-width: 1500px) 100vw, 1500px\" \/><\/figure><\/li><li class=\"blocks-gallery-item\"><figure><img loading=\"lazy\" decoding=\"async\" width=\"2000\" height=\"476\" data-attachment-id=\"3079\" data-permalink=\"https:\/\/www.intellectualsovereignty.ch\/index.php\/2021\/07\/07\/hike61-verregnetes-duo-ob-vals\/img_3642\/\" data-orig-file=\"https:\/\/www.intellectualsovereignty.ch\/wp-content\/uploads\/2021\/07\/img_3642.jpg\" data-orig-size=\"2000,476\" data-comments-opened=\"0\" data-image-title=\"img_3642\" data-image-description=\"\" data-image-caption=\"\" data-large-file=\"https:\/\/www.intellectualsovereignty.ch\/wp-content\/uploads\/2021\/07\/img_3642-1024x244.jpg\" src=\"https:\/\/www.intellectualsovereignty.ch\/wp-content\/uploads\/2021\/07\/img_3642.jpg\" data-id=\"3079\" class=\"wp-image-3079\" srcset=\"https:\/\/www.intellectualsovereignty.ch\/wp-content\/uploads\/2021\/07\/img_3642.jpg 2000w, https:\/\/www.intellectualsovereignty.ch\/wp-content\/uploads\/2021\/07\/img_3642-300x71.jpg 300w, https:\/\/www.intellectualsovereignty.ch\/wp-content\/uploads\/2021\/07\/img_3642-1024x244.jpg 1024w, https:\/\/www.intellectualsovereignty.ch\/wp-content\/uploads\/2021\/07\/img_3642-768x183.jpg 768w, https:\/\/www.intellectualsovereignty.ch\/wp-content\/uploads\/2021\/07\/img_3642-1536x366.jpg 1536w, https:\/\/www.intellectualsovereignty.ch\/wp-content\/uploads\/2021\/07\/img_3642-1870x445.jpg 1870w, https:\/\/www.intellectualsovereignty.ch\/wp-content\/uploads\/2021\/07\/img_3642-400x95.jpg 400w, https:\/\/www.intellectualsovereignty.ch\/wp-content\/uploads\/2021\/07\/img_3642-800x190.jpg 800w\" sizes=\"auto, (max-width: 2000px) 100vw, 2000px\" \/><\/figure><\/li><li class=\"blocks-gallery-item\"><figure><img loading=\"lazy\" decoding=\"async\" width=\"2000\" height=\"1500\" data-attachment-id=\"3091\" data-permalink=\"https:\/\/www.intellectualsovereignty.ch\/index.php\/2021\/07\/07\/hike61-verregnetes-duo-ob-vals\/img_3643\/\" data-orig-file=\"https:\/\/www.intellectualsovereignty.ch\/wp-content\/uploads\/2021\/07\/img_3643.jpg\" data-orig-size=\"2000,1500\" data-comments-opened=\"0\" data-image-title=\"img_3643\" data-image-description=\"\" data-image-caption=\"\" data-large-file=\"https:\/\/www.intellectualsovereignty.ch\/wp-content\/uploads\/2021\/07\/img_3643-1024x768.jpg\" src=\"https:\/\/www.intellectualsovereignty.ch\/wp-content\/uploads\/2021\/07\/img_3643.jpg\" data-id=\"3091\" class=\"wp-image-3091\" srcset=\"https:\/\/www.intellectualsovereignty.ch\/wp-content\/uploads\/2021\/07\/img_3643.jpg 2000w, https:\/\/www.intellectualsovereignty.ch\/wp-content\/uploads\/2021\/07\/img_3643-300x225.jpg 300w, https:\/\/www.intellectualsovereignty.ch\/wp-content\/uploads\/2021\/07\/img_3643-1024x768.jpg 1024w, https:\/\/www.intellectualsovereignty.ch\/wp-content\/uploads\/2021\/07\/img_3643-768x576.jpg 768w, https:\/\/www.intellectualsovereignty.ch\/wp-content\/uploads\/2021\/07\/img_3643-1536x1152.jpg 1536w, https:\/\/www.intellectualsovereignty.ch\/wp-content\/uploads\/2021\/07\/img_3643-1870x1403.jpg 1870w, https:\/\/www.intellectualsovereignty.ch\/wp-content\/uploads\/2021\/07\/img_3643-400x300.jpg 400w, https:\/\/www.intellectualsovereignty.ch\/wp-content\/uploads\/2021\/07\/img_3643-800x600.jpg 800w\" sizes=\"auto, (max-width: 2000px) 100vw, 2000px\" \/><\/figure><\/li><li class=\"blocks-gallery-item\"><figure><img loading=\"lazy\" decoding=\"async\" width=\"1500\" height=\"2000\" data-attachment-id=\"3088\" data-permalink=\"https:\/\/www.intellectualsovereignty.ch\/index.php\/2021\/07\/07\/hike61-verregnetes-duo-ob-vals\/img_3644\/\" data-orig-file=\"https:\/\/www.intellectualsovereignty.ch\/wp-content\/uploads\/2021\/07\/img_3644.jpg\" data-orig-size=\"1500,2000\" data-comments-opened=\"0\" data-image-title=\"img_3644\" data-image-description=\"\" data-image-caption=\"\" data-large-file=\"https:\/\/www.intellectualsovereignty.ch\/wp-content\/uploads\/2021\/07\/img_3644-768x1024.jpg\" src=\"https:\/\/www.intellectualsovereignty.ch\/wp-content\/uploads\/2021\/07\/img_3644.jpg\" data-id=\"3088\" class=\"wp-image-3088\" srcset=\"https:\/\/www.intellectualsovereignty.ch\/wp-content\/uploads\/2021\/07\/img_3644.jpg 1500w, https:\/\/www.intellectualsovereignty.ch\/wp-content\/uploads\/2021\/07\/img_3644-225x300.jpg 225w, https:\/\/www.intellectualsovereignty.ch\/wp-content\/uploads\/2021\/07\/img_3644-768x1024.jpg 768w, https:\/\/www.intellectualsovereignty.ch\/wp-content\/uploads\/2021\/07\/img_3644-1152x1536.jpg 1152w, https:\/\/www.intellectualsovereignty.ch\/wp-content\/uploads\/2021\/07\/img_3644-400x533.jpg 400w, https:\/\/www.intellectualsovereignty.ch\/wp-content\/uploads\/2021\/07\/img_3644-800x1067.jpg 800w\" sizes=\"auto, (max-width: 1500px) 100vw, 1500px\" \/><\/figure><\/li><li class=\"blocks-gallery-item\"><figure><img loading=\"lazy\" decoding=\"async\" width=\"2000\" height=\"1500\" data-attachment-id=\"3085\" data-permalink=\"https:\/\/www.intellectualsovereignty.ch\/index.php\/2021\/07\/07\/hike61-verregnetes-duo-ob-vals\/img_3645\/\" data-orig-file=\"https:\/\/www.intellectualsovereignty.ch\/wp-content\/uploads\/2021\/07\/img_3645.jpg\" data-orig-size=\"2000,1500\" data-comments-opened=\"0\" data-image-title=\"img_3645\" data-image-description=\"\" data-image-caption=\"\" data-large-file=\"https:\/\/www.intellectualsovereignty.ch\/wp-content\/uploads\/2021\/07\/img_3645-1024x768.jpg\" src=\"https:\/\/www.intellectualsovereignty.ch\/wp-content\/uploads\/2021\/07\/img_3645.jpg\" data-id=\"3085\" class=\"wp-image-3085\" srcset=\"https:\/\/www.intellectualsovereignty.ch\/wp-content\/uploads\/2021\/07\/img_3645.jpg 2000w, https:\/\/www.intellectualsovereignty.ch\/wp-content\/uploads\/2021\/07\/img_3645-300x225.jpg 300w, https:\/\/www.intellectualsovereignty.ch\/wp-content\/uploads\/2021\/07\/img_3645-1024x768.jpg 1024w, https:\/\/www.intellectualsovereignty.ch\/wp-content\/uploads\/2021\/07\/img_3645-768x576.jpg 768w, https:\/\/www.intellectualsovereignty.ch\/wp-content\/uploads\/2021\/07\/img_3645-1536x1152.jpg 1536w, https:\/\/www.intellectualsovereignty.ch\/wp-content\/uploads\/2021\/07\/img_3645-1870x1403.jpg 1870w, https:\/\/www.intellectualsovereignty.ch\/wp-content\/uploads\/2021\/07\/img_3645-400x300.jpg 400w, https:\/\/www.intellectualsovereignty.ch\/wp-content\/uploads\/2021\/07\/img_3645-800x600.jpg 800w\" sizes=\"auto, (max-width: 2000px) 100vw, 2000px\" \/><\/figure><\/li><li class=\"blocks-gallery-item\"><figure><img loading=\"lazy\" decoding=\"async\" width=\"1500\" height=\"2000\" data-attachment-id=\"3087\" data-permalink=\"https:\/\/www.intellectualsovereignty.ch\/index.php\/2021\/07\/07\/hike61-verregnetes-duo-ob-vals\/img_3646\/\" data-orig-file=\"https:\/\/www.intellectualsovereignty.ch\/wp-content\/uploads\/2021\/07\/img_3646.jpg\" data-orig-size=\"1500,2000\" data-comments-opened=\"0\" data-image-title=\"img_3646\" data-image-description=\"\" data-image-caption=\"\" data-large-file=\"https:\/\/www.intellectualsovereignty.ch\/wp-content\/uploads\/2021\/07\/img_3646-768x1024.jpg\" src=\"https:\/\/www.intellectualsovereignty.ch\/wp-content\/uploads\/2021\/07\/img_3646.jpg\" data-id=\"3087\" class=\"wp-image-3087\" srcset=\"https:\/\/www.intellectualsovereignty.ch\/wp-content\/uploads\/2021\/07\/img_3646.jpg 1500w, https:\/\/www.intellectualsovereignty.ch\/wp-content\/uploads\/2021\/07\/img_3646-225x300.jpg 225w, https:\/\/www.intellectualsovereignty.ch\/wp-content\/uploads\/2021\/07\/img_3646-768x1024.jpg 768w, https:\/\/www.intellectualsovereignty.ch\/wp-content\/uploads\/2021\/07\/img_3646-1152x1536.jpg 1152w, https:\/\/www.intellectualsovereignty.ch\/wp-content\/uploads\/2021\/07\/img_3646-400x533.jpg 400w, https:\/\/www.intellectualsovereignty.ch\/wp-content\/uploads\/2021\/07\/img_3646-800x1067.jpg 800w\" sizes=\"auto, (max-width: 1500px) 100vw, 1500px\" \/><\/figure><\/li><li class=\"blocks-gallery-item\"><figure><img loading=\"lazy\" decoding=\"async\" width=\"2000\" height=\"1500\" data-attachment-id=\"3083\" data-permalink=\"https:\/\/www.intellectualsovereignty.ch\/index.php\/2021\/07\/07\/hike61-verregnetes-duo-ob-vals\/img_3647\/\" data-orig-file=\"https:\/\/www.intellectualsovereignty.ch\/wp-content\/uploads\/2021\/07\/img_3647.jpg\" data-orig-size=\"2000,1500\" data-comments-opened=\"0\" data-image-title=\"img_3647\" data-image-description=\"\" data-image-caption=\"\" data-large-file=\"https:\/\/www.intellectualsovereignty.ch\/wp-content\/uploads\/2021\/07\/img_3647-1024x768.jpg\" src=\"https:\/\/www.intellectualsovereignty.ch\/wp-content\/uploads\/2021\/07\/img_3647.jpg\" data-id=\"3083\" class=\"wp-image-3083\" srcset=\"https:\/\/www.intellectualsovereignty.ch\/wp-content\/uploads\/2021\/07\/img_3647.jpg 2000w, https:\/\/www.intellectualsovereignty.ch\/wp-content\/uploads\/2021\/07\/img_3647-300x225.jpg 300w, https:\/\/www.intellectualsovereignty.ch\/wp-content\/uploads\/2021\/07\/img_3647-1024x768.jpg 1024w, https:\/\/www.intellectualsovereignty.ch\/wp-content\/uploads\/2021\/07\/img_3647-768x576.jpg 768w, https:\/\/www.intellectualsovereignty.ch\/wp-content\/uploads\/2021\/07\/img_3647-1536x1152.jpg 1536w, https:\/\/www.intellectualsovereignty.ch\/wp-content\/uploads\/2021\/07\/img_3647-1870x1403.jpg 1870w, https:\/\/www.intellectualsovereignty.ch\/wp-content\/uploads\/2021\/07\/img_3647-400x300.jpg 400w, https:\/\/www.intellectualsovereignty.ch\/wp-content\/uploads\/2021\/07\/img_3647-800x600.jpg 800w\" sizes=\"auto, (max-width: 2000px) 100vw, 2000px\" \/><\/figure><\/li><li class=\"blocks-gallery-item\"><figure><img loading=\"lazy\" decoding=\"async\" width=\"2000\" height=\"590\" data-attachment-id=\"3080\" data-permalink=\"https:\/\/www.intellectualsovereignty.ch\/index.php\/2021\/07\/07\/hike61-verregnetes-duo-ob-vals\/img_3648\/\" data-orig-file=\"https:\/\/www.intellectualsovereignty.ch\/wp-content\/uploads\/2021\/07\/img_3648.jpg\" data-orig-size=\"2000,590\" data-comments-opened=\"0\" data-image-title=\"img_3648\" data-image-description=\"\" data-image-caption=\"\" data-large-file=\"https:\/\/www.intellectualsovereignty.ch\/wp-content\/uploads\/2021\/07\/img_3648-1024x302.jpg\" src=\"https:\/\/www.intellectualsovereignty.ch\/wp-content\/uploads\/2021\/07\/img_3648.jpg\" data-id=\"3080\" class=\"wp-image-3080\" srcset=\"https:\/\/www.intellectualsovereignty.ch\/wp-content\/uploads\/2021\/07\/img_3648.jpg 2000w, https:\/\/www.intellectualsovereignty.ch\/wp-content\/uploads\/2021\/07\/img_3648-300x89.jpg 300w, https:\/\/www.intellectualsovereignty.ch\/wp-content\/uploads\/2021\/07\/img_3648-1024x302.jpg 1024w, https:\/\/www.intellectualsovereignty.ch\/wp-content\/uploads\/2021\/07\/img_3648-768x227.jpg 768w, https:\/\/www.intellectualsovereignty.ch\/wp-content\/uploads\/2021\/07\/img_3648-1536x453.jpg 1536w, https:\/\/www.intellectualsovereignty.ch\/wp-content\/uploads\/2021\/07\/img_3648-1870x552.jpg 1870w, https:\/\/www.intellectualsovereignty.ch\/wp-content\/uploads\/2021\/07\/img_3648-400x118.jpg 400w, https:\/\/www.intellectualsovereignty.ch\/wp-content\/uploads\/2021\/07\/img_3648-800x236.jpg 800w\" sizes=\"auto, (max-width: 2000px) 100vw, 2000px\" \/><\/figure><\/li><li class=\"blocks-gallery-item\"><figure><img loading=\"lazy\" decoding=\"async\" width=\"1500\" height=\"2000\" data-attachment-id=\"3094\" data-permalink=\"https:\/\/www.intellectualsovereignty.ch\/index.php\/2021\/07\/07\/hike61-verregnetes-duo-ob-vals\/img_3649\/\" data-orig-file=\"https:\/\/www.intellectualsovereignty.ch\/wp-content\/uploads\/2021\/07\/img_3649.jpg\" data-orig-size=\"1500,2000\" data-comments-opened=\"0\" data-image-title=\"img_3649\" data-image-description=\"\" data-image-caption=\"\" data-large-file=\"https:\/\/www.intellectualsovereignty.ch\/wp-content\/uploads\/2021\/07\/img_3649-768x1024.jpg\" src=\"https:\/\/www.intellectualsovereignty.ch\/wp-content\/uploads\/2021\/07\/img_3649.jpg\" data-id=\"3094\" class=\"wp-image-3094\" srcset=\"https:\/\/www.intellectualsovereignty.ch\/wp-content\/uploads\/2021\/07\/img_3649.jpg 1500w, https:\/\/www.intellectualsovereignty.ch\/wp-content\/uploads\/2021\/07\/img_3649-225x300.jpg 225w, https:\/\/www.intellectualsovereignty.ch\/wp-content\/uploads\/2021\/07\/img_3649-768x1024.jpg 768w, https:\/\/www.intellectualsovereignty.ch\/wp-content\/uploads\/2021\/07\/img_3649-1152x1536.jpg 1152w, https:\/\/www.intellectualsovereignty.ch\/wp-content\/uploads\/2021\/07\/img_3649-400x533.jpg 400w, https:\/\/www.intellectualsovereignty.ch\/wp-content\/uploads\/2021\/07\/img_3649-800x1067.jpg 800w\" sizes=\"auto, (max-width: 1500px) 100vw, 1500px\" \/><\/figure><\/li><li class=\"blocks-gallery-item\"><figure><img loading=\"lazy\" decoding=\"async\" width=\"2000\" height=\"1500\" data-attachment-id=\"3089\" data-permalink=\"https:\/\/www.intellectualsovereignty.ch\/index.php\/2021\/07\/07\/hike61-verregnetes-duo-ob-vals\/img_3650\/\" data-orig-file=\"https:\/\/www.intellectualsovereignty.ch\/wp-content\/uploads\/2021\/07\/img_3650.jpg\" data-orig-size=\"2000,1500\" data-comments-opened=\"0\" data-image-title=\"img_3650\" data-image-description=\"\" data-image-caption=\"\" data-large-file=\"https:\/\/www.intellectualsovereignty.ch\/wp-content\/uploads\/2021\/07\/img_3650-1024x768.jpg\" src=\"https:\/\/www.intellectualsovereignty.ch\/wp-content\/uploads\/2021\/07\/img_3650.jpg\" data-id=\"3089\" class=\"wp-image-3089\" srcset=\"https:\/\/www.intellectualsovereignty.ch\/wp-content\/uploads\/2021\/07\/img_3650.jpg 2000w, https:\/\/www.intellectualsovereignty.ch\/wp-content\/uploads\/2021\/07\/img_3650-300x225.jpg 300w, https:\/\/www.intellectualsovereignty.ch\/wp-content\/uploads\/2021\/07\/img_3650-1024x768.jpg 1024w, https:\/\/www.intellectualsovereignty.ch\/wp-content\/uploads\/2021\/07\/img_3650-768x576.jpg 768w, https:\/\/www.intellectualsovereignty.ch\/wp-content\/uploads\/2021\/07\/img_3650-1536x1152.jpg 1536w, https:\/\/www.intellectualsovereignty.ch\/wp-content\/uploads\/2021\/07\/img_3650-1870x1403.jpg 1870w, https:\/\/www.intellectualsovereignty.ch\/wp-content\/uploads\/2021\/07\/img_3650-400x300.jpg 400w, https:\/\/www.intellectualsovereignty.ch\/wp-content\/uploads\/2021\/07\/img_3650-800x600.jpg 800w\" sizes=\"auto, (max-width: 2000px) 100vw, 2000px\" \/><\/figure><\/li><li class=\"blocks-gallery-item\"><figure><img loading=\"lazy\" decoding=\"async\" width=\"1500\" height=\"2000\" data-attachment-id=\"3090\" data-permalink=\"https:\/\/www.intellectualsovereignty.ch\/index.php\/2021\/07\/07\/hike61-verregnetes-duo-ob-vals\/img_3651\/\" data-orig-file=\"https:\/\/www.intellectualsovereignty.ch\/wp-content\/uploads\/2021\/07\/img_3651.jpg\" data-orig-size=\"1500,2000\" data-comments-opened=\"0\" data-image-title=\"img_3651\" data-image-description=\"\" data-image-caption=\"\" data-large-file=\"https:\/\/www.intellectualsovereignty.ch\/wp-content\/uploads\/2021\/07\/img_3651-768x1024.jpg\" src=\"https:\/\/www.intellectualsovereignty.ch\/wp-content\/uploads\/2021\/07\/img_3651.jpg\" data-id=\"3090\" class=\"wp-image-3090\" srcset=\"https:\/\/www.intellectualsovereignty.ch\/wp-content\/uploads\/2021\/07\/img_3651.jpg 1500w, https:\/\/www.intellectualsovereignty.ch\/wp-content\/uploads\/2021\/07\/img_3651-225x300.jpg 225w, https:\/\/www.intellectualsovereignty.ch\/wp-content\/uploads\/2021\/07\/img_3651-768x1024.jpg 768w, https:\/\/www.intellectualsovereignty.ch\/wp-content\/uploads\/2021\/07\/img_3651-1152x1536.jpg 1152w, https:\/\/www.intellectualsovereignty.ch\/wp-content\/uploads\/2021\/07\/img_3651-400x533.jpg 400w, https:\/\/www.intellectualsovereignty.ch\/wp-content\/uploads\/2021\/07\/img_3651-800x1067.jpg 800w\" sizes=\"auto, (max-width: 1500px) 100vw, 1500px\" \/><\/figure><\/li><li class=\"blocks-gallery-item\"><figure><img loading=\"lazy\" decoding=\"async\" width=\"1500\" height=\"2000\" data-attachment-id=\"3092\" data-permalink=\"https:\/\/www.intellectualsovereignty.ch\/index.php\/2021\/07\/07\/hike61-verregnetes-duo-ob-vals\/img_3652\/\" data-orig-file=\"https:\/\/www.intellectualsovereignty.ch\/wp-content\/uploads\/2021\/07\/img_3652.jpg\" data-orig-size=\"1500,2000\" data-comments-opened=\"0\" data-image-title=\"img_3652\" data-image-description=\"\" data-image-caption=\"\" data-large-file=\"https:\/\/www.intellectualsovereignty.ch\/wp-content\/uploads\/2021\/07\/img_3652-768x1024.jpg\" src=\"https:\/\/www.intellectualsovereignty.ch\/wp-content\/uploads\/2021\/07\/img_3652.jpg\" data-id=\"3092\" class=\"wp-image-3092\" srcset=\"https:\/\/www.intellectualsovereignty.ch\/wp-content\/uploads\/2021\/07\/img_3652.jpg 1500w, https:\/\/www.intellectualsovereignty.ch\/wp-content\/uploads\/2021\/07\/img_3652-225x300.jpg 225w, https:\/\/www.intellectualsovereignty.ch\/wp-content\/uploads\/2021\/07\/img_3652-768x1024.jpg 768w, https:\/\/www.intellectualsovereignty.ch\/wp-content\/uploads\/2021\/07\/img_3652-1152x1536.jpg 1152w, https:\/\/www.intellectualsovereignty.ch\/wp-content\/uploads\/2021\/07\/img_3652-400x533.jpg 400w, https:\/\/www.intellectualsovereignty.ch\/wp-content\/uploads\/2021\/07\/img_3652-800x1067.jpg 800w\" sizes=\"auto, (max-width: 1500px) 100vw, 1500px\" \/><\/figure><\/li><li class=\"blocks-gallery-item\"><figure><img loading=\"lazy\" decoding=\"async\" width=\"2000\" height=\"1500\" data-attachment-id=\"3078\" data-permalink=\"https:\/\/www.intellectualsovereignty.ch\/index.php\/2021\/07\/07\/hike61-verregnetes-duo-ob-vals\/img_3653\/\" data-orig-file=\"https:\/\/www.intellectualsovereignty.ch\/wp-content\/uploads\/2021\/07\/img_3653.jpg\" data-orig-size=\"2000,1500\" data-comments-opened=\"0\" data-image-title=\"img_3653\" data-image-description=\"\" data-image-caption=\"\" data-large-file=\"https:\/\/www.intellectualsovereignty.ch\/wp-content\/uploads\/2021\/07\/img_3653-1024x768.jpg\" src=\"https:\/\/www.intellectualsovereignty.ch\/wp-content\/uploads\/2021\/07\/img_3653.jpg\" data-id=\"3078\" class=\"wp-image-3078\" srcset=\"https:\/\/www.intellectualsovereignty.ch\/wp-content\/uploads\/2021\/07\/img_3653.jpg 2000w, https:\/\/www.intellectualsovereignty.ch\/wp-content\/uploads\/2021\/07\/img_3653-300x225.jpg 300w, https:\/\/www.intellectualsovereignty.ch\/wp-content\/uploads\/2021\/07\/img_3653-1024x768.jpg 1024w, https:\/\/www.intellectualsovereignty.ch\/wp-content\/uploads\/2021\/07\/img_3653-768x576.jpg 768w, https:\/\/www.intellectualsovereignty.ch\/wp-content\/uploads\/2021\/07\/img_3653-1536x1152.jpg 1536w, https:\/\/www.intellectualsovereignty.ch\/wp-content\/uploads\/2021\/07\/img_3653-1870x1403.jpg 1870w, https:\/\/www.intellectualsovereignty.ch\/wp-content\/uploads\/2021\/07\/img_3653-400x300.jpg 400w, https:\/\/www.intellectualsovereignty.ch\/wp-content\/uploads\/2021\/07\/img_3653-800x600.jpg 800w\" sizes=\"auto, (max-width: 2000px) 100vw, 2000px\" \/><\/figure><\/li><\/ul><\/figure>\n\n\n\n<p class=\"wp-block-paragraph\">Distanz: 6.7km<br \/>H\u00f6henmeter: 150m hoch \/ 710m runter<br \/>Marschzeit: 2h<br \/>GPS-Route: <a rel=\"noreferrer noopener\" href=\"https:\/\/map.schweizmobil.ch\/?language=de&amp;N=1164225&amp;E=2732273&amp;resolution=6.03&amp;layers=Wanderland&amp;lang=de&amp;photos=yes&amp;bgLayer=pk&amp;logo=yes&amp;season=summer&amp;trackId=581056468\" target=\"_blank\">SchweizMobil<\/a><br \/>Beschrieb: &#8211;<\/p>\n\n\n[sgpx gpx=\/wp-content\/uploads\/gpx\/20210706_gadastattvals.gpx ]\n\n\n\n<h2 class=\"wp-block-heading\">Zervreila &#8211; Gadastatt (Tag 2)<\/h2>\n\n\n\n<p class=\"wp-block-paragraph\">Der zweite Tag k\u00fcndigt sich noch feuchter an als der Abend des ersten Tags, und wir beschliessen zuerst mit dem Postauto durch den Nebel bis zum Stausee vorzustossen, um anschliessend auf dem H\u00f6henweg von der Frunt durchs wundersch\u00f6ne, mystische Hochmoor zur Gadastatt zu laufen. Dort nehmen wir die Gondel runter und verziehen uns ruckzuck ins warme Valser Thermalbad. Architektonisch k\u00fchn das ganze, auch dessen Entstehungsgeschichte. Am Folgetag reisen wir schon wieder ab, froh die \u00fcberquellenden B\u00e4che und Fl\u00fcsse hinter uns zu lassen\u2026<\/p>\n\n\n\n<figure class=\"wp-block-gallery columns-3 is-cropped wp-block-gallery-2 is-layout-flex wp-block-gallery-is-layout-flex\"><ul class=\"blocks-gallery-grid\"><li class=\"blocks-gallery-item\"><figure><img loading=\"lazy\" decoding=\"async\" width=\"1500\" height=\"2000\" data-attachment-id=\"3100\" data-permalink=\"https:\/\/www.intellectualsovereignty.ch\/index.php\/2021\/07\/07\/hike61-verregnetes-duo-ob-vals\/img_3654\/\" data-orig-file=\"https:\/\/www.intellectualsovereignty.ch\/wp-content\/uploads\/2021\/07\/img_3654.jpg\" data-orig-size=\"1500,2000\" data-comments-opened=\"0\" data-image-title=\"img_3654\" data-image-description=\"\" data-image-caption=\"\" data-large-file=\"https:\/\/www.intellectualsovereignty.ch\/wp-content\/uploads\/2021\/07\/img_3654-768x1024.jpg\" src=\"https:\/\/www.intellectualsovereignty.ch\/wp-content\/uploads\/2021\/07\/img_3654.jpg\" data-id=\"3100\" class=\"wp-image-3100\" srcset=\"https:\/\/www.intellectualsovereignty.ch\/wp-content\/uploads\/2021\/07\/img_3654.jpg 1500w, https:\/\/www.intellectualsovereignty.ch\/wp-content\/uploads\/2021\/07\/img_3654-225x300.jpg 225w, https:\/\/www.intellectualsovereignty.ch\/wp-content\/uploads\/2021\/07\/img_3654-768x1024.jpg 768w, https:\/\/www.intellectualsovereignty.ch\/wp-content\/uploads\/2021\/07\/img_3654-1152x1536.jpg 1152w, https:\/\/www.intellectualsovereignty.ch\/wp-content\/uploads\/2021\/07\/img_3654-400x533.jpg 400w, https:\/\/www.intellectualsovereignty.ch\/wp-content\/uploads\/2021\/07\/img_3654-800x1067.jpg 800w\" sizes=\"auto, (max-width: 1500px) 100vw, 1500px\" \/><\/figure><\/li><li class=\"blocks-gallery-item\"><figure><img loading=\"lazy\" decoding=\"async\" width=\"2000\" height=\"1500\" data-attachment-id=\"3098\" data-permalink=\"https:\/\/www.intellectualsovereignty.ch\/index.php\/2021\/07\/07\/hike61-verregnetes-duo-ob-vals\/img_3655\/\" data-orig-file=\"https:\/\/www.intellectualsovereignty.ch\/wp-content\/uploads\/2021\/07\/img_3655.jpg\" data-orig-size=\"2000,1500\" data-comments-opened=\"0\" data-image-title=\"img_3655\" data-image-description=\"\" data-image-caption=\"\" data-large-file=\"https:\/\/www.intellectualsovereignty.ch\/wp-content\/uploads\/2021\/07\/img_3655-1024x768.jpg\" src=\"https:\/\/www.intellectualsovereignty.ch\/wp-content\/uploads\/2021\/07\/img_3655.jpg\" data-id=\"3098\" class=\"wp-image-3098\" srcset=\"https:\/\/www.intellectualsovereignty.ch\/wp-content\/uploads\/2021\/07\/img_3655.jpg 2000w, https:\/\/www.intellectualsovereignty.ch\/wp-content\/uploads\/2021\/07\/img_3655-300x225.jpg 300w, https:\/\/www.intellectualsovereignty.ch\/wp-content\/uploads\/2021\/07\/img_3655-1024x768.jpg 1024w, https:\/\/www.intellectualsovereignty.ch\/wp-content\/uploads\/2021\/07\/img_3655-768x576.jpg 768w, https:\/\/www.intellectualsovereignty.ch\/wp-content\/uploads\/2021\/07\/img_3655-1536x1152.jpg 1536w, https:\/\/www.intellectualsovereignty.ch\/wp-content\/uploads\/2021\/07\/img_3655-1870x1403.jpg 1870w, https:\/\/www.intellectualsovereignty.ch\/wp-content\/uploads\/2021\/07\/img_3655-400x300.jpg 400w, https:\/\/www.intellectualsovereignty.ch\/wp-content\/uploads\/2021\/07\/img_3655-800x600.jpg 800w\" sizes=\"auto, (max-width: 2000px) 100vw, 2000px\" \/><\/figure><\/li><li class=\"blocks-gallery-item\"><figure><img loading=\"lazy\" decoding=\"async\" width=\"1500\" height=\"2000\" data-attachment-id=\"3103\" data-permalink=\"https:\/\/www.intellectualsovereignty.ch\/index.php\/2021\/07\/07\/hike61-verregnetes-duo-ob-vals\/img_3656\/\" data-orig-file=\"https:\/\/www.intellectualsovereignty.ch\/wp-content\/uploads\/2021\/07\/img_3656.jpg\" data-orig-size=\"1500,2000\" data-comments-opened=\"0\" data-image-title=\"img_3656\" data-image-description=\"\" data-image-caption=\"\" data-large-file=\"https:\/\/www.intellectualsovereignty.ch\/wp-content\/uploads\/2021\/07\/img_3656-768x1024.jpg\" src=\"https:\/\/www.intellectualsovereignty.ch\/wp-content\/uploads\/2021\/07\/img_3656.jpg\" data-id=\"3103\" class=\"wp-image-3103\" srcset=\"https:\/\/www.intellectualsovereignty.ch\/wp-content\/uploads\/2021\/07\/img_3656.jpg 1500w, https:\/\/www.intellectualsovereignty.ch\/wp-content\/uploads\/2021\/07\/img_3656-225x300.jpg 225w, https:\/\/www.intellectualsovereignty.ch\/wp-content\/uploads\/2021\/07\/img_3656-768x1024.jpg 768w, https:\/\/www.intellectualsovereignty.ch\/wp-content\/uploads\/2021\/07\/img_3656-1152x1536.jpg 1152w, https:\/\/www.intellectualsovereignty.ch\/wp-content\/uploads\/2021\/07\/img_3656-400x533.jpg 400w, https:\/\/www.intellectualsovereignty.ch\/wp-content\/uploads\/2021\/07\/img_3656-800x1067.jpg 800w\" sizes=\"auto, (max-width: 1500px) 100vw, 1500px\" \/><\/figure><\/li><li class=\"blocks-gallery-item\"><figure><img loading=\"lazy\" decoding=\"async\" width=\"1500\" height=\"2000\" data-attachment-id=\"3096\" data-permalink=\"https:\/\/www.intellectualsovereignty.ch\/index.php\/2021\/07\/07\/hike61-verregnetes-duo-ob-vals\/img_3657\/\" data-orig-file=\"https:\/\/www.intellectualsovereignty.ch\/wp-content\/uploads\/2021\/07\/img_3657.jpg\" data-orig-size=\"1500,2000\" data-comments-opened=\"0\" data-image-title=\"img_3657\" data-image-description=\"\" data-image-caption=\"\" data-large-file=\"https:\/\/www.intellectualsovereignty.ch\/wp-content\/uploads\/2021\/07\/img_3657-768x1024.jpg\" src=\"https:\/\/www.intellectualsovereignty.ch\/wp-content\/uploads\/2021\/07\/img_3657.jpg\" data-id=\"3096\" class=\"wp-image-3096\" srcset=\"https:\/\/www.intellectualsovereignty.ch\/wp-content\/uploads\/2021\/07\/img_3657.jpg 1500w, https:\/\/www.intellectualsovereignty.ch\/wp-content\/uploads\/2021\/07\/img_3657-225x300.jpg 225w, https:\/\/www.intellectualsovereignty.ch\/wp-content\/uploads\/2021\/07\/img_3657-768x1024.jpg 768w, https:\/\/www.intellectualsovereignty.ch\/wp-content\/uploads\/2021\/07\/img_3657-1152x1536.jpg 1152w, https:\/\/www.intellectualsovereignty.ch\/wp-content\/uploads\/2021\/07\/img_3657-400x533.jpg 400w, https:\/\/www.intellectualsovereignty.ch\/wp-content\/uploads\/2021\/07\/img_3657-800x1067.jpg 800w\" sizes=\"auto, (max-width: 1500px) 100vw, 1500px\" \/><\/figure><\/li><li class=\"blocks-gallery-item\"><figure><img loading=\"lazy\" decoding=\"async\" width=\"2000\" height=\"1500\" data-attachment-id=\"3097\" data-permalink=\"https:\/\/www.intellectualsovereignty.ch\/index.php\/2021\/07\/07\/hike61-verregnetes-duo-ob-vals\/img_3658\/\" data-orig-file=\"https:\/\/www.intellectualsovereignty.ch\/wp-content\/uploads\/2021\/07\/img_3658.jpg\" data-orig-size=\"2000,1500\" data-comments-opened=\"0\" data-image-title=\"img_3658\" data-image-description=\"\" data-image-caption=\"\" data-large-file=\"https:\/\/www.intellectualsovereignty.ch\/wp-content\/uploads\/2021\/07\/img_3658-1024x768.jpg\" src=\"https:\/\/www.intellectualsovereignty.ch\/wp-content\/uploads\/2021\/07\/img_3658.jpg\" data-id=\"3097\" class=\"wp-image-3097\" srcset=\"https:\/\/www.intellectualsovereignty.ch\/wp-content\/uploads\/2021\/07\/img_3658.jpg 2000w, https:\/\/www.intellectualsovereignty.ch\/wp-content\/uploads\/2021\/07\/img_3658-300x225.jpg 300w, https:\/\/www.intellectualsovereignty.ch\/wp-content\/uploads\/2021\/07\/img_3658-1024x768.jpg 1024w, https:\/\/www.intellectualsovereignty.ch\/wp-content\/uploads\/2021\/07\/img_3658-768x576.jpg 768w, https:\/\/www.intellectualsovereignty.ch\/wp-content\/uploads\/2021\/07\/img_3658-1536x1152.jpg 1536w, https:\/\/www.intellectualsovereignty.ch\/wp-content\/uploads\/2021\/07\/img_3658-1870x1403.jpg 1870w, https:\/\/www.intellectualsovereignty.ch\/wp-content\/uploads\/2021\/07\/img_3658-400x300.jpg 400w, https:\/\/www.intellectualsovereignty.ch\/wp-content\/uploads\/2021\/07\/img_3658-800x600.jpg 800w\" sizes=\"auto, (max-width: 2000px) 100vw, 2000px\" \/><\/figure><\/li><li class=\"blocks-gallery-item\"><figure><img loading=\"lazy\" decoding=\"async\" width=\"2000\" height=\"1500\" data-attachment-id=\"3099\" data-permalink=\"https:\/\/www.intellectualsovereignty.ch\/index.php\/2021\/07\/07\/hike61-verregnetes-duo-ob-vals\/img_3659\/\" data-orig-file=\"https:\/\/www.intellectualsovereignty.ch\/wp-content\/uploads\/2021\/07\/img_3659.jpg\" data-orig-size=\"2000,1500\" data-comments-opened=\"0\" data-image-title=\"img_3659\" data-image-description=\"\" data-image-caption=\"\" data-large-file=\"https:\/\/www.intellectualsovereignty.ch\/wp-content\/uploads\/2021\/07\/img_3659-1024x768.jpg\" src=\"https:\/\/www.intellectualsovereignty.ch\/wp-content\/uploads\/2021\/07\/img_3659.jpg\" data-id=\"3099\" class=\"wp-image-3099\" srcset=\"https:\/\/www.intellectualsovereignty.ch\/wp-content\/uploads\/2021\/07\/img_3659.jpg 2000w, https:\/\/www.intellectualsovereignty.ch\/wp-content\/uploads\/2021\/07\/img_3659-300x225.jpg 300w, https:\/\/www.intellectualsovereignty.ch\/wp-content\/uploads\/2021\/07\/img_3659-1024x768.jpg 1024w, https:\/\/www.intellectualsovereignty.ch\/wp-content\/uploads\/2021\/07\/img_3659-768x576.jpg 768w, https:\/\/www.intellectualsovereignty.ch\/wp-content\/uploads\/2021\/07\/img_3659-1536x1152.jpg 1536w, https:\/\/www.intellectualsovereignty.ch\/wp-content\/uploads\/2021\/07\/img_3659-1870x1403.jpg 1870w, https:\/\/www.intellectualsovereignty.ch\/wp-content\/uploads\/2021\/07\/img_3659-400x300.jpg 400w, https:\/\/www.intellectualsovereignty.ch\/wp-content\/uploads\/2021\/07\/img_3659-800x600.jpg 800w\" sizes=\"auto, (max-width: 2000px) 100vw, 2000px\" \/><\/figure><\/li><li class=\"blocks-gallery-item\"><figure><img loading=\"lazy\" decoding=\"async\" width=\"2000\" height=\"1500\" data-attachment-id=\"3104\" data-permalink=\"https:\/\/www.intellectualsovereignty.ch\/index.php\/2021\/07\/07\/hike61-verregnetes-duo-ob-vals\/img_3660\/\" data-orig-file=\"https:\/\/www.intellectualsovereignty.ch\/wp-content\/uploads\/2021\/07\/img_3660.jpg\" data-orig-size=\"2000,1500\" data-comments-opened=\"0\" data-image-title=\"img_3660\" data-image-description=\"\" data-image-caption=\"\" data-large-file=\"https:\/\/www.intellectualsovereignty.ch\/wp-content\/uploads\/2021\/07\/img_3660-1024x768.jpg\" src=\"https:\/\/www.intellectualsovereignty.ch\/wp-content\/uploads\/2021\/07\/img_3660.jpg\" data-id=\"3104\" class=\"wp-image-3104\" srcset=\"https:\/\/www.intellectualsovereignty.ch\/wp-content\/uploads\/2021\/07\/img_3660.jpg 2000w, https:\/\/www.intellectualsovereignty.ch\/wp-content\/uploads\/2021\/07\/img_3660-300x225.jpg 300w, https:\/\/www.intellectualsovereignty.ch\/wp-content\/uploads\/2021\/07\/img_3660-1024x768.jpg 1024w, https:\/\/www.intellectualsovereignty.ch\/wp-content\/uploads\/2021\/07\/img_3660-768x576.jpg 768w, https:\/\/www.intellectualsovereignty.ch\/wp-content\/uploads\/2021\/07\/img_3660-1536x1152.jpg 1536w, https:\/\/www.intellectualsovereignty.ch\/wp-content\/uploads\/2021\/07\/img_3660-1870x1403.jpg 1870w, https:\/\/www.intellectualsovereignty.ch\/wp-content\/uploads\/2021\/07\/img_3660-400x300.jpg 400w, https:\/\/www.intellectualsovereignty.ch\/wp-content\/uploads\/2021\/07\/img_3660-800x600.jpg 800w\" sizes=\"auto, (max-width: 2000px) 100vw, 2000px\" \/><\/figure><\/li><li class=\"blocks-gallery-item\"><figure><img loading=\"lazy\" decoding=\"async\" width=\"1500\" height=\"2000\" data-attachment-id=\"3107\" data-permalink=\"https:\/\/www.intellectualsovereignty.ch\/index.php\/2021\/07\/07\/hike61-verregnetes-duo-ob-vals\/img_3661\/\" data-orig-file=\"https:\/\/www.intellectualsovereignty.ch\/wp-content\/uploads\/2021\/07\/img_3661.jpg\" data-orig-size=\"1500,2000\" data-comments-opened=\"0\" data-image-title=\"img_3661\" data-image-description=\"\" data-image-caption=\"\" data-large-file=\"https:\/\/www.intellectualsovereignty.ch\/wp-content\/uploads\/2021\/07\/img_3661-768x1024.jpg\" src=\"https:\/\/www.intellectualsovereignty.ch\/wp-content\/uploads\/2021\/07\/img_3661.jpg\" data-id=\"3107\" class=\"wp-image-3107\" srcset=\"https:\/\/www.intellectualsovereignty.ch\/wp-content\/uploads\/2021\/07\/img_3661.jpg 1500w, https:\/\/www.intellectualsovereignty.ch\/wp-content\/uploads\/2021\/07\/img_3661-225x300.jpg 225w, https:\/\/www.intellectualsovereignty.ch\/wp-content\/uploads\/2021\/07\/img_3661-768x1024.jpg 768w, https:\/\/www.intellectualsovereignty.ch\/wp-content\/uploads\/2021\/07\/img_3661-1152x1536.jpg 1152w, https:\/\/www.intellectualsovereignty.ch\/wp-content\/uploads\/2021\/07\/img_3661-400x533.jpg 400w, https:\/\/www.intellectualsovereignty.ch\/wp-content\/uploads\/2021\/07\/img_3661-800x1067.jpg 800w\" sizes=\"auto, (max-width: 1500px) 100vw, 1500px\" \/><\/figure><\/li><li class=\"blocks-gallery-item\"><figure><img loading=\"lazy\" decoding=\"async\" width=\"2000\" height=\"1500\" data-attachment-id=\"3102\" data-permalink=\"https:\/\/www.intellectualsovereignty.ch\/index.php\/2021\/07\/07\/hike61-verregnetes-duo-ob-vals\/img_3663\/\" data-orig-file=\"https:\/\/www.intellectualsovereignty.ch\/wp-content\/uploads\/2021\/07\/img_3663.jpg\" data-orig-size=\"2000,1500\" data-comments-opened=\"0\" data-image-title=\"img_3663\" data-image-description=\"\" data-image-caption=\"\" data-large-file=\"https:\/\/www.intellectualsovereignty.ch\/wp-content\/uploads\/2021\/07\/img_3663-1024x768.jpg\" src=\"https:\/\/www.intellectualsovereignty.ch\/wp-content\/uploads\/2021\/07\/img_3663.jpg\" data-id=\"3102\" class=\"wp-image-3102\" srcset=\"https:\/\/www.intellectualsovereignty.ch\/wp-content\/uploads\/2021\/07\/img_3663.jpg 2000w, https:\/\/www.intellectualsovereignty.ch\/wp-content\/uploads\/2021\/07\/img_3663-300x225.jpg 300w, https:\/\/www.intellectualsovereignty.ch\/wp-content\/uploads\/2021\/07\/img_3663-1024x768.jpg 1024w, https:\/\/www.intellectualsovereignty.ch\/wp-content\/uploads\/2021\/07\/img_3663-768x576.jpg 768w, https:\/\/www.intellectualsovereignty.ch\/wp-content\/uploads\/2021\/07\/img_3663-1536x1152.jpg 1536w, https:\/\/www.intellectualsovereignty.ch\/wp-content\/uploads\/2021\/07\/img_3663-1870x1403.jpg 1870w, https:\/\/www.intellectualsovereignty.ch\/wp-content\/uploads\/2021\/07\/img_3663-400x300.jpg 400w, https:\/\/www.intellectualsovereignty.ch\/wp-content\/uploads\/2021\/07\/img_3663-800x600.jpg 800w\" sizes=\"auto, (max-width: 2000px) 100vw, 2000px\" \/><\/figure><\/li><li class=\"blocks-gallery-item\"><figure><img loading=\"lazy\" decoding=\"async\" width=\"1500\" height=\"2000\" data-attachment-id=\"3111\" data-permalink=\"https:\/\/www.intellectualsovereignty.ch\/index.php\/2021\/07\/07\/hike61-verregnetes-duo-ob-vals\/img_3664\/\" data-orig-file=\"https:\/\/www.intellectualsovereignty.ch\/wp-content\/uploads\/2021\/07\/img_3664.jpg\" data-orig-size=\"1500,2000\" data-comments-opened=\"0\" data-image-title=\"img_3664\" data-image-description=\"\" data-image-caption=\"\" data-large-file=\"https:\/\/www.intellectualsovereignty.ch\/wp-content\/uploads\/2021\/07\/img_3664-768x1024.jpg\" src=\"https:\/\/www.intellectualsovereignty.ch\/wp-content\/uploads\/2021\/07\/img_3664.jpg\" data-id=\"3111\" class=\"wp-image-3111\" srcset=\"https:\/\/www.intellectualsovereignty.ch\/wp-content\/uploads\/2021\/07\/img_3664.jpg 1500w, https:\/\/www.intellectualsovereignty.ch\/wp-content\/uploads\/2021\/07\/img_3664-225x300.jpg 225w, https:\/\/www.intellectualsovereignty.ch\/wp-content\/uploads\/2021\/07\/img_3664-768x1024.jpg 768w, https:\/\/www.intellectualsovereignty.ch\/wp-content\/uploads\/2021\/07\/img_3664-1152x1536.jpg 1152w, https:\/\/www.intellectualsovereignty.ch\/wp-content\/uploads\/2021\/07\/img_3664-400x533.jpg 400w, https:\/\/www.intellectualsovereignty.ch\/wp-content\/uploads\/2021\/07\/img_3664-800x1067.jpg 800w\" sizes=\"auto, (max-width: 1500px) 100vw, 1500px\" \/><\/figure><\/li><li class=\"blocks-gallery-item\"><figure><img loading=\"lazy\" decoding=\"async\" width=\"1500\" height=\"2000\" data-attachment-id=\"3112\" data-permalink=\"https:\/\/www.intellectualsovereignty.ch\/index.php\/2021\/07\/07\/hike61-verregnetes-duo-ob-vals\/img_3665\/\" data-orig-file=\"https:\/\/www.intellectualsovereignty.ch\/wp-content\/uploads\/2021\/07\/img_3665.jpg\" data-orig-size=\"1500,2000\" data-comments-opened=\"0\" data-image-title=\"img_3665\" data-image-description=\"\" data-image-caption=\"\" data-large-file=\"https:\/\/www.intellectualsovereignty.ch\/wp-content\/uploads\/2021\/07\/img_3665-768x1024.jpg\" src=\"https:\/\/www.intellectualsovereignty.ch\/wp-content\/uploads\/2021\/07\/img_3665.jpg\" data-id=\"3112\" class=\"wp-image-3112\" srcset=\"https:\/\/www.intellectualsovereignty.ch\/wp-content\/uploads\/2021\/07\/img_3665.jpg 1500w, https:\/\/www.intellectualsovereignty.ch\/wp-content\/uploads\/2021\/07\/img_3665-225x300.jpg 225w, https:\/\/www.intellectualsovereignty.ch\/wp-content\/uploads\/2021\/07\/img_3665-768x1024.jpg 768w, https:\/\/www.intellectualsovereignty.ch\/wp-content\/uploads\/2021\/07\/img_3665-1152x1536.jpg 1152w, https:\/\/www.intellectualsovereignty.ch\/wp-content\/uploads\/2021\/07\/img_3665-400x533.jpg 400w, https:\/\/www.intellectualsovereignty.ch\/wp-content\/uploads\/2021\/07\/img_3665-800x1067.jpg 800w\" sizes=\"auto, (max-width: 1500px) 100vw, 1500px\" \/><\/figure><\/li><li class=\"blocks-gallery-item\"><figure><img loading=\"lazy\" decoding=\"async\" width=\"2000\" height=\"1500\" data-attachment-id=\"3110\" data-permalink=\"https:\/\/www.intellectualsovereignty.ch\/index.php\/2021\/07\/07\/hike61-verregnetes-duo-ob-vals\/img_3666\/\" data-orig-file=\"https:\/\/www.intellectualsovereignty.ch\/wp-content\/uploads\/2021\/07\/img_3666.jpg\" data-orig-size=\"2000,1500\" data-comments-opened=\"0\" data-image-title=\"img_3666\" data-image-description=\"\" data-image-caption=\"\" data-large-file=\"https:\/\/www.intellectualsovereignty.ch\/wp-content\/uploads\/2021\/07\/img_3666-1024x768.jpg\" src=\"https:\/\/www.intellectualsovereignty.ch\/wp-content\/uploads\/2021\/07\/img_3666.jpg\" data-id=\"3110\" class=\"wp-image-3110\" srcset=\"https:\/\/www.intellectualsovereignty.ch\/wp-content\/uploads\/2021\/07\/img_3666.jpg 2000w, https:\/\/www.intellectualsovereignty.ch\/wp-content\/uploads\/2021\/07\/img_3666-300x225.jpg 300w, https:\/\/www.intellectualsovereignty.ch\/wp-content\/uploads\/2021\/07\/img_3666-1024x768.jpg 1024w, https:\/\/www.intellectualsovereignty.ch\/wp-content\/uploads\/2021\/07\/img_3666-768x576.jpg 768w, https:\/\/www.intellectualsovereignty.ch\/wp-content\/uploads\/2021\/07\/img_3666-1536x1152.jpg 1536w, https:\/\/www.intellectualsovereignty.ch\/wp-content\/uploads\/2021\/07\/img_3666-1870x1403.jpg 1870w, https:\/\/www.intellectualsovereignty.ch\/wp-content\/uploads\/2021\/07\/img_3666-400x300.jpg 400w, https:\/\/www.intellectualsovereignty.ch\/wp-content\/uploads\/2021\/07\/img_3666-800x600.jpg 800w\" sizes=\"auto, (max-width: 2000px) 100vw, 2000px\" \/><\/figure><\/li><li class=\"blocks-gallery-item\"><figure><img loading=\"lazy\" decoding=\"async\" width=\"1500\" height=\"2000\" data-attachment-id=\"3114\" data-permalink=\"https:\/\/www.intellectualsovereignty.ch\/index.php\/2021\/07\/07\/hike61-verregnetes-duo-ob-vals\/img_3667\/\" data-orig-file=\"https:\/\/www.intellectualsovereignty.ch\/wp-content\/uploads\/2021\/07\/img_3667.jpg\" data-orig-size=\"1500,2000\" data-comments-opened=\"0\" data-image-title=\"img_3667\" data-image-description=\"\" data-image-caption=\"\" data-large-file=\"https:\/\/www.intellectualsovereignty.ch\/wp-content\/uploads\/2021\/07\/img_3667-768x1024.jpg\" src=\"https:\/\/www.intellectualsovereignty.ch\/wp-content\/uploads\/2021\/07\/img_3667.jpg\" data-id=\"3114\" class=\"wp-image-3114\" srcset=\"https:\/\/www.intellectualsovereignty.ch\/wp-content\/uploads\/2021\/07\/img_3667.jpg 1500w, https:\/\/www.intellectualsovereignty.ch\/wp-content\/uploads\/2021\/07\/img_3667-225x300.jpg 225w, https:\/\/www.intellectualsovereignty.ch\/wp-content\/uploads\/2021\/07\/img_3667-768x1024.jpg 768w, https:\/\/www.intellectualsovereignty.ch\/wp-content\/uploads\/2021\/07\/img_3667-1152x1536.jpg 1152w, https:\/\/www.intellectualsovereignty.ch\/wp-content\/uploads\/2021\/07\/img_3667-400x533.jpg 400w, https:\/\/www.intellectualsovereignty.ch\/wp-content\/uploads\/2021\/07\/img_3667-800x1067.jpg 800w\" sizes=\"auto, (max-width: 1500px) 100vw, 1500px\" \/><\/figure><\/li><li class=\"blocks-gallery-item\"><figure><img loading=\"lazy\" decoding=\"async\" width=\"2000\" height=\"1500\" data-attachment-id=\"3108\" data-permalink=\"https:\/\/www.intellectualsovereignty.ch\/index.php\/2021\/07\/07\/hike61-verregnetes-duo-ob-vals\/img_3668\/\" data-orig-file=\"https:\/\/www.intellectualsovereignty.ch\/wp-content\/uploads\/2021\/07\/img_3668.jpg\" data-orig-size=\"2000,1500\" data-comments-opened=\"0\" data-image-title=\"img_3668\" data-image-description=\"\" data-image-caption=\"\" data-large-file=\"https:\/\/www.intellectualsovereignty.ch\/wp-content\/uploads\/2021\/07\/img_3668-1024x768.jpg\" src=\"https:\/\/www.intellectualsovereignty.ch\/wp-content\/uploads\/2021\/07\/img_3668.jpg\" data-id=\"3108\" class=\"wp-image-3108\" srcset=\"https:\/\/www.intellectualsovereignty.ch\/wp-content\/uploads\/2021\/07\/img_3668.jpg 2000w, https:\/\/www.intellectualsovereignty.ch\/wp-content\/uploads\/2021\/07\/img_3668-300x225.jpg 300w, https:\/\/www.intellectualsovereignty.ch\/wp-content\/uploads\/2021\/07\/img_3668-1024x768.jpg 1024w, https:\/\/www.intellectualsovereignty.ch\/wp-content\/uploads\/2021\/07\/img_3668-768x576.jpg 768w, https:\/\/www.intellectualsovereignty.ch\/wp-content\/uploads\/2021\/07\/img_3668-1536x1152.jpg 1536w, https:\/\/www.intellectualsovereignty.ch\/wp-content\/uploads\/2021\/07\/img_3668-1870x1403.jpg 1870w, https:\/\/www.intellectualsovereignty.ch\/wp-content\/uploads\/2021\/07\/img_3668-400x300.jpg 400w, https:\/\/www.intellectualsovereignty.ch\/wp-content\/uploads\/2021\/07\/img_3668-800x600.jpg 800w\" sizes=\"auto, (max-width: 2000px) 100vw, 2000px\" \/><\/figure><\/li><li class=\"blocks-gallery-item\"><figure><img loading=\"lazy\" decoding=\"async\" width=\"1500\" height=\"2000\" data-attachment-id=\"3105\" data-permalink=\"https:\/\/www.intellectualsovereignty.ch\/index.php\/2021\/07\/07\/hike61-verregnetes-duo-ob-vals\/img_3669\/\" data-orig-file=\"https:\/\/www.intellectualsovereignty.ch\/wp-content\/uploads\/2021\/07\/img_3669.jpg\" data-orig-size=\"1500,2000\" data-comments-opened=\"0\" data-image-title=\"img_3669\" data-image-description=\"\" data-image-caption=\"\" data-large-file=\"https:\/\/www.intellectualsovereignty.ch\/wp-content\/uploads\/2021\/07\/img_3669-768x1024.jpg\" src=\"https:\/\/www.intellectualsovereignty.ch\/wp-content\/uploads\/2021\/07\/img_3669.jpg\" data-id=\"3105\" class=\"wp-image-3105\" srcset=\"https:\/\/www.intellectualsovereignty.ch\/wp-content\/uploads\/2021\/07\/img_3669.jpg 1500w, https:\/\/www.intellectualsovereignty.ch\/wp-content\/uploads\/2021\/07\/img_3669-225x300.jpg 225w, https:\/\/www.intellectualsovereignty.ch\/wp-content\/uploads\/2021\/07\/img_3669-768x1024.jpg 768w, https:\/\/www.intellectualsovereignty.ch\/wp-content\/uploads\/2021\/07\/img_3669-1152x1536.jpg 1152w, https:\/\/www.intellectualsovereignty.ch\/wp-content\/uploads\/2021\/07\/img_3669-400x533.jpg 400w, https:\/\/www.intellectualsovereignty.ch\/wp-content\/uploads\/2021\/07\/img_3669-800x1067.jpg 800w\" sizes=\"auto, (max-width: 1500px) 100vw, 1500px\" \/><\/figure><\/li><li class=\"blocks-gallery-item\"><figure><img loading=\"lazy\" decoding=\"async\" width=\"2000\" height=\"1500\" data-attachment-id=\"3113\" data-permalink=\"https:\/\/www.intellectualsovereignty.ch\/index.php\/2021\/07\/07\/hike61-verregnetes-duo-ob-vals\/img_3670\/\" data-orig-file=\"https:\/\/www.intellectualsovereignty.ch\/wp-content\/uploads\/2021\/07\/img_3670.jpg\" data-orig-size=\"2000,1500\" data-comments-opened=\"0\" data-image-title=\"img_3670\" data-image-description=\"\" data-image-caption=\"\" data-large-file=\"https:\/\/www.intellectualsovereignty.ch\/wp-content\/uploads\/2021\/07\/img_3670-1024x768.jpg\" src=\"https:\/\/www.intellectualsovereignty.ch\/wp-content\/uploads\/2021\/07\/img_3670.jpg\" data-id=\"3113\" class=\"wp-image-3113\" srcset=\"https:\/\/www.intellectualsovereignty.ch\/wp-content\/uploads\/2021\/07\/img_3670.jpg 2000w, https:\/\/www.intellectualsovereignty.ch\/wp-content\/uploads\/2021\/07\/img_3670-300x225.jpg 300w, https:\/\/www.intellectualsovereignty.ch\/wp-content\/uploads\/2021\/07\/img_3670-1024x768.jpg 1024w, https:\/\/www.intellectualsovereignty.ch\/wp-content\/uploads\/2021\/07\/img_3670-768x576.jpg 768w, https:\/\/www.intellectualsovereignty.ch\/wp-content\/uploads\/2021\/07\/img_3670-1536x1152.jpg 1536w, https:\/\/www.intellectualsovereignty.ch\/wp-content\/uploads\/2021\/07\/img_3670-1870x1403.jpg 1870w, https:\/\/www.intellectualsovereignty.ch\/wp-content\/uploads\/2021\/07\/img_3670-400x300.jpg 400w, https:\/\/www.intellectualsovereignty.ch\/wp-content\/uploads\/2021\/07\/img_3670-800x600.jpg 800w\" sizes=\"auto, (max-width: 2000px) 100vw, 2000px\" \/><\/figure><\/li><li class=\"blocks-gallery-item\"><figure><img loading=\"lazy\" decoding=\"async\" width=\"2000\" height=\"1500\" data-attachment-id=\"3106\" data-permalink=\"https:\/\/www.intellectualsovereignty.ch\/index.php\/2021\/07\/07\/hike61-verregnetes-duo-ob-vals\/img_3671\/\" data-orig-file=\"https:\/\/www.intellectualsovereignty.ch\/wp-content\/uploads\/2021\/07\/img_3671.jpg\" data-orig-size=\"2000,1500\" data-comments-opened=\"0\" data-image-title=\"img_3671\" data-image-description=\"\" data-image-caption=\"\" data-large-file=\"https:\/\/www.intellectualsovereignty.ch\/wp-content\/uploads\/2021\/07\/img_3671-1024x768.jpg\" src=\"https:\/\/www.intellectualsovereignty.ch\/wp-content\/uploads\/2021\/07\/img_3671.jpg\" data-id=\"3106\" class=\"wp-image-3106\" srcset=\"https:\/\/www.intellectualsovereignty.ch\/wp-content\/uploads\/2021\/07\/img_3671.jpg 2000w, https:\/\/www.intellectualsovereignty.ch\/wp-content\/uploads\/2021\/07\/img_3671-300x225.jpg 300w, https:\/\/www.intellectualsovereignty.ch\/wp-content\/uploads\/2021\/07\/img_3671-1024x768.jpg 1024w, https:\/\/www.intellectualsovereignty.ch\/wp-content\/uploads\/2021\/07\/img_3671-768x576.jpg 768w, https:\/\/www.intellectualsovereignty.ch\/wp-content\/uploads\/2021\/07\/img_3671-1536x1152.jpg 1536w, https:\/\/www.intellectualsovereignty.ch\/wp-content\/uploads\/2021\/07\/img_3671-1870x1403.jpg 1870w, https:\/\/www.intellectualsovereignty.ch\/wp-content\/uploads\/2021\/07\/img_3671-400x300.jpg 400w, https:\/\/www.intellectualsovereignty.ch\/wp-content\/uploads\/2021\/07\/img_3671-800x600.jpg 800w\" sizes=\"auto, (max-width: 2000px) 100vw, 2000px\" \/><\/figure><\/li><li class=\"blocks-gallery-item\"><figure><img loading=\"lazy\" decoding=\"async\" width=\"1500\" height=\"2000\" data-attachment-id=\"3109\" data-permalink=\"https:\/\/www.intellectualsovereignty.ch\/index.php\/2021\/07\/07\/hike61-verregnetes-duo-ob-vals\/img_3673\/\" data-orig-file=\"https:\/\/www.intellectualsovereignty.ch\/wp-content\/uploads\/2021\/07\/img_3673.jpg\" data-orig-size=\"1500,2000\" data-comments-opened=\"0\" data-image-title=\"img_3673\" data-image-description=\"\" data-image-caption=\"\" data-large-file=\"https:\/\/www.intellectualsovereignty.ch\/wp-content\/uploads\/2021\/07\/img_3673-768x1024.jpg\" src=\"https:\/\/www.intellectualsovereignty.ch\/wp-content\/uploads\/2021\/07\/img_3673.jpg\" data-id=\"3109\" class=\"wp-image-3109\" srcset=\"https:\/\/www.intellectualsovereignty.ch\/wp-content\/uploads\/2021\/07\/img_3673.jpg 1500w, https:\/\/www.intellectualsovereignty.ch\/wp-content\/uploads\/2021\/07\/img_3673-225x300.jpg 225w, https:\/\/www.intellectualsovereignty.ch\/wp-content\/uploads\/2021\/07\/img_3673-768x1024.jpg 768w, https:\/\/www.intellectualsovereignty.ch\/wp-content\/uploads\/2021\/07\/img_3673-1152x1536.jpg 1152w, https:\/\/www.intellectualsovereignty.ch\/wp-content\/uploads\/2021\/07\/img_3673-400x533.jpg 400w, https:\/\/www.intellectualsovereignty.ch\/wp-content\/uploads\/2021\/07\/img_3673-800x1067.jpg 800w\" sizes=\"auto, (max-width: 1500px) 100vw, 1500px\" \/><\/figure><\/li><li class=\"blocks-gallery-item\"><figure><img loading=\"lazy\" decoding=\"async\" width=\"2000\" height=\"1500\" data-attachment-id=\"3101\" data-permalink=\"https:\/\/www.intellectualsovereignty.ch\/index.php\/2021\/07\/07\/hike61-verregnetes-duo-ob-vals\/img_3674\/\" data-orig-file=\"https:\/\/www.intellectualsovereignty.ch\/wp-content\/uploads\/2021\/07\/img_3674.jpg\" data-orig-size=\"2000,1500\" data-comments-opened=\"0\" data-image-title=\"img_3674\" data-image-description=\"\" data-image-caption=\"\" data-large-file=\"https:\/\/www.intellectualsovereignty.ch\/wp-content\/uploads\/2021\/07\/img_3674-1024x768.jpg\" src=\"https:\/\/www.intellectualsovereignty.ch\/wp-content\/uploads\/2021\/07\/img_3674.jpg\" data-id=\"3101\" class=\"wp-image-3101\" srcset=\"https:\/\/www.intellectualsovereignty.ch\/wp-content\/uploads\/2021\/07\/img_3674.jpg 2000w, https:\/\/www.intellectualsovereignty.ch\/wp-content\/uploads\/2021\/07\/img_3674-300x225.jpg 300w, https:\/\/www.intellectualsovereignty.ch\/wp-content\/uploads\/2021\/07\/img_3674-1024x768.jpg 1024w, https:\/\/www.intellectualsovereignty.ch\/wp-content\/uploads\/2021\/07\/img_3674-768x576.jpg 768w, https:\/\/www.intellectualsovereignty.ch\/wp-content\/uploads\/2021\/07\/img_3674-1536x1152.jpg 1536w, https:\/\/www.intellectualsovereignty.ch\/wp-content\/uploads\/2021\/07\/img_3674-1870x1403.jpg 1870w, https:\/\/www.intellectualsovereignty.ch\/wp-content\/uploads\/2021\/07\/img_3674-400x300.jpg 400w, https:\/\/www.intellectualsovereignty.ch\/wp-content\/uploads\/2021\/07\/img_3674-800x600.jpg 800w\" sizes=\"auto, (max-width: 2000px) 100vw, 2000px\" \/><\/figure><\/li><\/ul><\/figure>\n\n\n\n<hr class=\"wp-block-separator\"\/>\n\n\n\n<p class=\"wp-block-paragraph\">Distanz: 5.5km<br \/>H\u00f6henmeter: 220m<br \/>Marschzeit: 1h30<br \/>GPS-Route: <a rel=\"noreferrer noopener\" href=\"https:\/\/map.schweizmobil.ch\/?language=de&amp;N=1161428&amp;E=2729850&amp;resolution=7.27&amp;layers=Wanderland&amp;lang=de&amp;photos=yes&amp;bgLayer=pk&amp;logo=yes&amp;season=summer&amp;trackId=1676736501\" target=\"_blank\">SchweizMobil<\/a><br \/>Beschrieb: <a rel=\"noreferrer noopener\" href=\"https:\/\/www.myswitzerland.com\/de\/erlebnisse\/route\/panoramaweg-gadastattzervreila\/\" target=\"_blank\">Panoramaweg Vals<\/a> (Beschreibung des Winterwanderwegs)<\/p>\n\n\n[sgpx gpx=\/wp-content\/uploads\/gpx\/20210707_zervreilagadastatt.gpx ]\n","protected":false},"excerpt":{"rendered":"<p>Seit l\u00e4ngerem hatten Nina, Ben, Bea und ich einen Wandertrip ins b\u00fcdnerische Vals geplant, und uns sehr auf die Drei Seen Wandertour vom Zervreila-Stausee hoch in Richtung Fanellhorn und dann runter bis nach Vals gefreut. Doch das verflixte Sommerwetter hat uns definitiv einen dicken Strich durch die Rechnung gemacht, rund 15 Grad und Dauerregen sind [&hellip;]<\/p>\n","protected":false},"author":1,"featured_media":3116,"comment_status":"open","ping_status":"open","sticky":false,"template":"","format":"standard","meta":{"_jetpack_newsletter_access":"","_jetpack_dont_email_post_to_subs":false,"_jetpack_newsletter_tier_id":0,"_jetpack_memberships_contains_paywalled_content":false,"_spotmap_latitude":"","_spotmap_longitude":"","_jetpack_feature_clip_id":0,"_jetpack_memberships_contains_paid_content":false,"footnotes":"","jetpack_post_was_ever_published":false},"categories":[3],"tags":[],"class_list":["post-3071","post","type-post","status-publish","format-standard","has-post-thumbnail","hentry","category-hiking","has-thumbnail"],"jetpack_shortlink":"https:\/\/wp.me\/p9IwFN-Nx","jetpack_likes_enabled":false,"jetpack_sharing_enabled":true,"jetpack_featured_media_url":"https:\/\/www.intellectualsovereignty.ch\/wp-content\/uploads\/2021\/07\/img_3665-1.jpg","_links":{"self":[{"href":"https:\/\/www.intellectualsovereignty.ch\/index.php\/wp-json\/wp\/v2\/posts\/3071","targetHints":{"allow":["GET"]}}],"collection":[{"href":"https:\/\/www.intellectualsovereignty.ch\/index.php\/wp-json\/wp\/v2\/posts"}],"about":[{"href":"https:\/\/www.intellectualsovereignty.ch\/index.php\/wp-json\/wp\/v2\/types\/post"}],"author":[{"embeddable":true,"href":"https:\/\/www.intellectualsovereignty.ch\/index.php\/wp-json\/wp\/v2\/users\/1"}],"replies":[{"embeddable":true,"href":"https:\/\/www.intellectualsovereignty.ch\/index.php\/wp-json\/wp\/v2\/comments?post=3071"}],"version-history":[{"count":9,"href":"https:\/\/www.intellectualsovereignty.ch\/index.php\/wp-json\/wp\/v2\/posts\/3071\/revisions"}],"predecessor-version":[{"id":3121,"href":"https:\/\/www.intellectualsovereignty.ch\/index.php\/wp-json\/wp\/v2\/posts\/3071\/revisions\/3121"}],"wp:featuredmedia":[{"embeddable":true,"href":"https:\/\/www.intellectualsovereignty.ch\/index.php\/wp-json\/wp\/v2\/media\/3116"}],"wp:attachment":[{"href":"https:\/\/www.intellectualsovereignty.ch\/index.php\/wp-json\/wp\/v2\/media?parent=3071"}],"wp:term":[{"taxonomy":"category","embeddable":true,"href":"https:\/\/www.intellectualsovereignty.ch\/index.php\/wp-json\/wp\/v2\/categories?post=3071"},{"taxonomy":"post_tag","embeddable":true,"href":"https:\/\/www.intellectualsovereignty.ch\/index.php\/wp-json\/wp\/v2\/tags?post=3071"}],"curies":[{"name":"wp","href":"https:\/\/api.w.org\/{rel}","templated":true}]}}