{"id":2618,"date":"2021-05-24T21:47:00","date_gmt":"2021-05-24T19:47:00","guid":{"rendered":"https:\/\/www.intellectualsovereignty.ch\/?p=2618"},"modified":"2021-05-25T22:34:51","modified_gmt":"2021-05-25T20:34:51","slug":"hike-58-interlaken-thun","status":"publish","type":"post","link":"https:\/\/www.intellectualsovereignty.ch\/index.php\/2021\/05\/24\/hike-58-interlaken-thun\/","title":{"rendered":"Hike #58 \/ Interlaken &#8211; Thun"},"content":{"rendered":"\n<p class=\"wp-block-paragraph\">Meine Vermutung, dass der Abschnitt entlang des Thunersees zur reinen Pflicht\u00fcbung meiner Fernwanderung (siehe <a href=\"https:\/\/www.intellectualsovereignty.ch\/index.php\/2021\/05\/23\/hike-57-olten-brugg\/\">Hike#57<\/a>) werden w\u00fcrde, hat sich zum Gl\u00fcck nicht bewahrheitet, auch wenn ich den Wanderweg von Hellbode nach Spiez schon mal begangen (siehe <a href=\"https:\/\/www.intellectualsovereignty.ch\/index.php\/2020\/07\/12\/hike-26-interlaken-saxeten-rengglipass-spiez\/\">Hike#26<\/a>) und die Gegend rund um Gwatt schon gekannt habe.<\/p>\n\n\n\n<p class=\"wp-block-paragraph\">Ich starte um neun Uhr in Interlaken West, das Wetter so mittelpr\u00e4chtig, bew\u00f6lkt aber aber angenehm k\u00fchl. Die ersten 5km bis oberhalb D\u00e4rligen verl\u00e4uft der Wanderweg entweder unmittelbar an oder leicht oberhalb der Autostrasse, ehrlich gesagt zu l\u00e4rmig, um seinem Namen Panoramaweg zu gen\u00fcgen, f\u00fcr taube Menschen vielleicht. Von da weg beginnt der leichte Aufstieg bis zum Hotel Meielisalp, ab und zu schweift der Blick in Richtung Harder und Augstmatthorn, oder hoch zum D\u00e4rligengrat. <\/p>\n\n\n\n<figure class=\"wp-block-gallery columns-3 is-cropped wp-block-gallery-1 is-layout-flex wp-block-gallery-is-layout-flex\"><ul class=\"blocks-gallery-grid\"><li class=\"blocks-gallery-item\"><figure><img loading=\"lazy\" decoding=\"async\" width=\"1024\" height=\"768\" data-attachment-id=\"2790\" data-permalink=\"https:\/\/www.intellectualsovereignty.ch\/index.php\/2021\/05\/24\/hike-58-interlaken-thun\/img_3351\/\" data-orig-file=\"https:\/\/www.intellectualsovereignty.ch\/wp-content\/uploads\/2021\/05\/IMG_3351-scaled.jpeg\" data-orig-size=\"2560,1920\" data-comments-opened=\"0\" data-image-title=\"IMG_3351\" data-image-description=\"\" data-image-caption=\"\" data-large-file=\"https:\/\/www.intellectualsovereignty.ch\/wp-content\/uploads\/2021\/05\/IMG_3351-1024x768.jpeg\" src=\"https:\/\/www.intellectualsovereignty.ch\/wp-content\/uploads\/2021\/05\/IMG_3351-1024x768.jpeg\" alt=\"\" data-id=\"2790\" data-link=\"https:\/\/www.intellectualsovereignty.ch\/index.php\/2021\/05\/23\/hike-58-interlaken-thun\/img_3351\/\" class=\"wp-image-2790\" srcset=\"https:\/\/www.intellectualsovereignty.ch\/wp-content\/uploads\/2021\/05\/IMG_3351-1024x768.jpeg 1024w, https:\/\/www.intellectualsovereignty.ch\/wp-content\/uploads\/2021\/05\/IMG_3351-300x225.jpeg 300w, https:\/\/www.intellectualsovereignty.ch\/wp-content\/uploads\/2021\/05\/IMG_3351-768x576.jpeg 768w, https:\/\/www.intellectualsovereignty.ch\/wp-content\/uploads\/2021\/05\/IMG_3351-1536x1152.jpeg 1536w, https:\/\/www.intellectualsovereignty.ch\/wp-content\/uploads\/2021\/05\/IMG_3351-2048x1536.jpeg 2048w, https:\/\/www.intellectualsovereignty.ch\/wp-content\/uploads\/2021\/05\/IMG_3351-1870x1403.jpeg 1870w, https:\/\/www.intellectualsovereignty.ch\/wp-content\/uploads\/2021\/05\/IMG_3351-400x300.jpeg 400w, https:\/\/www.intellectualsovereignty.ch\/wp-content\/uploads\/2021\/05\/IMG_3351-800x600.jpeg 800w\" sizes=\"auto, (max-width: 1024px) 100vw, 1024px\" \/><\/figure><\/li><li class=\"blocks-gallery-item\"><figure><img loading=\"lazy\" decoding=\"async\" width=\"768\" height=\"1024\" data-attachment-id=\"2792\" data-permalink=\"https:\/\/www.intellectualsovereignty.ch\/index.php\/2021\/05\/24\/hike-58-interlaken-thun\/img_3352\/\" data-orig-file=\"https:\/\/www.intellectualsovereignty.ch\/wp-content\/uploads\/2021\/05\/IMG_3352-scaled.jpeg\" data-orig-size=\"1920,2560\" data-comments-opened=\"0\" data-image-title=\"IMG_3352\" data-image-description=\"\" data-image-caption=\"\" data-large-file=\"https:\/\/www.intellectualsovereignty.ch\/wp-content\/uploads\/2021\/05\/IMG_3352-768x1024.jpeg\" src=\"https:\/\/www.intellectualsovereignty.ch\/wp-content\/uploads\/2021\/05\/IMG_3352-768x1024.jpeg\" alt=\"\" data-id=\"2792\" data-full-url=\"https:\/\/www.intellectualsovereignty.ch\/wp-content\/uploads\/2021\/05\/IMG_3352-scaled.jpeg\" data-link=\"https:\/\/www.intellectualsovereignty.ch\/index.php\/2021\/05\/23\/hike-58-interlaken-thun\/img_3352\/\" class=\"wp-image-2792\" srcset=\"https:\/\/www.intellectualsovereignty.ch\/wp-content\/uploads\/2021\/05\/IMG_3352-768x1024.jpeg 768w, https:\/\/www.intellectualsovereignty.ch\/wp-content\/uploads\/2021\/05\/IMG_3352-225x300.jpeg 225w, https:\/\/www.intellectualsovereignty.ch\/wp-content\/uploads\/2021\/05\/IMG_3352-1152x1536.jpeg 1152w, https:\/\/www.intellectualsovereignty.ch\/wp-content\/uploads\/2021\/05\/IMG_3352-1536x2048.jpeg 1536w, https:\/\/www.intellectualsovereignty.ch\/wp-content\/uploads\/2021\/05\/IMG_3352-1870x2493.jpeg 1870w, https:\/\/www.intellectualsovereignty.ch\/wp-content\/uploads\/2021\/05\/IMG_3352-400x533.jpeg 400w, https:\/\/www.intellectualsovereignty.ch\/wp-content\/uploads\/2021\/05\/IMG_3352-800x1067.jpeg 800w, https:\/\/www.intellectualsovereignty.ch\/wp-content\/uploads\/2021\/05\/IMG_3352-scaled.jpeg 1920w\" sizes=\"auto, (max-width: 768px) 100vw, 768px\" \/><\/figure><\/li><li class=\"blocks-gallery-item\"><figure><img loading=\"lazy\" decoding=\"async\" width=\"768\" height=\"1024\" data-attachment-id=\"2794\" data-permalink=\"https:\/\/www.intellectualsovereignty.ch\/index.php\/2021\/05\/24\/hike-58-interlaken-thun\/img_3353\/\" data-orig-file=\"https:\/\/www.intellectualsovereignty.ch\/wp-content\/uploads\/2021\/05\/IMG_3353-scaled.jpeg\" data-orig-size=\"1920,2560\" data-comments-opened=\"0\" data-image-title=\"IMG_3353\" data-image-description=\"\" data-image-caption=\"\" data-large-file=\"https:\/\/www.intellectualsovereignty.ch\/wp-content\/uploads\/2021\/05\/IMG_3353-768x1024.jpeg\" src=\"https:\/\/www.intellectualsovereignty.ch\/wp-content\/uploads\/2021\/05\/IMG_3353-768x1024.jpeg\" alt=\"\" data-id=\"2794\" data-full-url=\"https:\/\/www.intellectualsovereignty.ch\/wp-content\/uploads\/2021\/05\/IMG_3353-scaled.jpeg\" data-link=\"https:\/\/www.intellectualsovereignty.ch\/index.php\/2021\/05\/23\/hike-58-interlaken-thun\/img_3353\/\" class=\"wp-image-2794\" srcset=\"https:\/\/www.intellectualsovereignty.ch\/wp-content\/uploads\/2021\/05\/IMG_3353-768x1024.jpeg 768w, https:\/\/www.intellectualsovereignty.ch\/wp-content\/uploads\/2021\/05\/IMG_3353-225x300.jpeg 225w, https:\/\/www.intellectualsovereignty.ch\/wp-content\/uploads\/2021\/05\/IMG_3353-1152x1536.jpeg 1152w, https:\/\/www.intellectualsovereignty.ch\/wp-content\/uploads\/2021\/05\/IMG_3353-1536x2048.jpeg 1536w, https:\/\/www.intellectualsovereignty.ch\/wp-content\/uploads\/2021\/05\/IMG_3353-1870x2493.jpeg 1870w, https:\/\/www.intellectualsovereignty.ch\/wp-content\/uploads\/2021\/05\/IMG_3353-400x533.jpeg 400w, https:\/\/www.intellectualsovereignty.ch\/wp-content\/uploads\/2021\/05\/IMG_3353-800x1067.jpeg 800w, https:\/\/www.intellectualsovereignty.ch\/wp-content\/uploads\/2021\/05\/IMG_3353-scaled.jpeg 1920w\" sizes=\"auto, (max-width: 768px) 100vw, 768px\" \/><\/figure><\/li><li class=\"blocks-gallery-item\"><figure><img loading=\"lazy\" decoding=\"async\" width=\"1024\" height=\"768\" data-attachment-id=\"2795\" data-permalink=\"https:\/\/www.intellectualsovereignty.ch\/index.php\/2021\/05\/24\/hike-58-interlaken-thun\/img_3354\/\" data-orig-file=\"https:\/\/www.intellectualsovereignty.ch\/wp-content\/uploads\/2021\/05\/IMG_3354-scaled.jpeg\" data-orig-size=\"2560,1920\" data-comments-opened=\"0\" data-image-title=\"IMG_3354\" data-image-description=\"\" data-image-caption=\"\" data-large-file=\"https:\/\/www.intellectualsovereignty.ch\/wp-content\/uploads\/2021\/05\/IMG_3354-1024x768.jpeg\" src=\"https:\/\/www.intellectualsovereignty.ch\/wp-content\/uploads\/2021\/05\/IMG_3354-1024x768.jpeg\" alt=\"\" data-id=\"2795\" data-full-url=\"https:\/\/www.intellectualsovereignty.ch\/wp-content\/uploads\/2021\/05\/IMG_3354-scaled.jpeg\" data-link=\"https:\/\/www.intellectualsovereignty.ch\/index.php\/2021\/05\/23\/hike-58-interlaken-thun\/img_3354\/\" class=\"wp-image-2795\" srcset=\"https:\/\/www.intellectualsovereignty.ch\/wp-content\/uploads\/2021\/05\/IMG_3354-1024x768.jpeg 1024w, https:\/\/www.intellectualsovereignty.ch\/wp-content\/uploads\/2021\/05\/IMG_3354-300x225.jpeg 300w, https:\/\/www.intellectualsovereignty.ch\/wp-content\/uploads\/2021\/05\/IMG_3354-768x576.jpeg 768w, https:\/\/www.intellectualsovereignty.ch\/wp-content\/uploads\/2021\/05\/IMG_3354-1536x1152.jpeg 1536w, https:\/\/www.intellectualsovereignty.ch\/wp-content\/uploads\/2021\/05\/IMG_3354-2048x1536.jpeg 2048w, https:\/\/www.intellectualsovereignty.ch\/wp-content\/uploads\/2021\/05\/IMG_3354-1870x1403.jpeg 1870w, https:\/\/www.intellectualsovereignty.ch\/wp-content\/uploads\/2021\/05\/IMG_3354-400x300.jpeg 400w, https:\/\/www.intellectualsovereignty.ch\/wp-content\/uploads\/2021\/05\/IMG_3354-800x600.jpeg 800w\" sizes=\"auto, (max-width: 1024px) 100vw, 1024px\" \/><\/figure><\/li><li class=\"blocks-gallery-item\"><figure><img loading=\"lazy\" decoding=\"async\" width=\"1024\" height=\"768\" data-attachment-id=\"2796\" data-permalink=\"https:\/\/www.intellectualsovereignty.ch\/index.php\/2021\/05\/24\/hike-58-interlaken-thun\/img_3355\/\" data-orig-file=\"https:\/\/www.intellectualsovereignty.ch\/wp-content\/uploads\/2021\/05\/IMG_3355-scaled.jpeg\" data-orig-size=\"2560,1920\" data-comments-opened=\"0\" data-image-title=\"IMG_3355\" data-image-description=\"\" data-image-caption=\"\" data-large-file=\"https:\/\/www.intellectualsovereignty.ch\/wp-content\/uploads\/2021\/05\/IMG_3355-1024x768.jpeg\" src=\"https:\/\/www.intellectualsovereignty.ch\/wp-content\/uploads\/2021\/05\/IMG_3355-1024x768.jpeg\" alt=\"\" data-id=\"2796\" data-full-url=\"https:\/\/www.intellectualsovereignty.ch\/wp-content\/uploads\/2021\/05\/IMG_3355-scaled.jpeg\" data-link=\"https:\/\/www.intellectualsovereignty.ch\/index.php\/2021\/05\/23\/hike-58-interlaken-thun\/img_3355\/\" class=\"wp-image-2796\" srcset=\"https:\/\/www.intellectualsovereignty.ch\/wp-content\/uploads\/2021\/05\/IMG_3355-1024x768.jpeg 1024w, https:\/\/www.intellectualsovereignty.ch\/wp-content\/uploads\/2021\/05\/IMG_3355-300x225.jpeg 300w, https:\/\/www.intellectualsovereignty.ch\/wp-content\/uploads\/2021\/05\/IMG_3355-768x576.jpeg 768w, https:\/\/www.intellectualsovereignty.ch\/wp-content\/uploads\/2021\/05\/IMG_3355-1536x1152.jpeg 1536w, https:\/\/www.intellectualsovereignty.ch\/wp-content\/uploads\/2021\/05\/IMG_3355-2048x1536.jpeg 2048w, https:\/\/www.intellectualsovereignty.ch\/wp-content\/uploads\/2021\/05\/IMG_3355-1870x1403.jpeg 1870w, https:\/\/www.intellectualsovereignty.ch\/wp-content\/uploads\/2021\/05\/IMG_3355-400x300.jpeg 400w, https:\/\/www.intellectualsovereignty.ch\/wp-content\/uploads\/2021\/05\/IMG_3355-800x600.jpeg 800w\" sizes=\"auto, (max-width: 1024px) 100vw, 1024px\" \/><\/figure><\/li><li class=\"blocks-gallery-item\"><figure><img loading=\"lazy\" decoding=\"async\" width=\"1024\" height=\"768\" data-attachment-id=\"2797\" data-permalink=\"https:\/\/www.intellectualsovereignty.ch\/index.php\/2021\/05\/24\/hike-58-interlaken-thun\/img_3356\/\" data-orig-file=\"https:\/\/www.intellectualsovereignty.ch\/wp-content\/uploads\/2021\/05\/IMG_3356-scaled.jpeg\" data-orig-size=\"2560,1920\" data-comments-opened=\"0\" data-image-title=\"IMG_3356\" data-image-description=\"\" data-image-caption=\"\" data-large-file=\"https:\/\/www.intellectualsovereignty.ch\/wp-content\/uploads\/2021\/05\/IMG_3356-1024x768.jpeg\" src=\"https:\/\/www.intellectualsovereignty.ch\/wp-content\/uploads\/2021\/05\/IMG_3356-1024x768.jpeg\" alt=\"\" data-id=\"2797\" data-full-url=\"https:\/\/www.intellectualsovereignty.ch\/wp-content\/uploads\/2021\/05\/IMG_3356-scaled.jpeg\" data-link=\"https:\/\/www.intellectualsovereignty.ch\/index.php\/2021\/05\/23\/hike-58-interlaken-thun\/img_3356\/\" class=\"wp-image-2797\" srcset=\"https:\/\/www.intellectualsovereignty.ch\/wp-content\/uploads\/2021\/05\/IMG_3356-1024x768.jpeg 1024w, https:\/\/www.intellectualsovereignty.ch\/wp-content\/uploads\/2021\/05\/IMG_3356-300x225.jpeg 300w, https:\/\/www.intellectualsovereignty.ch\/wp-content\/uploads\/2021\/05\/IMG_3356-768x576.jpeg 768w, https:\/\/www.intellectualsovereignty.ch\/wp-content\/uploads\/2021\/05\/IMG_3356-1536x1152.jpeg 1536w, https:\/\/www.intellectualsovereignty.ch\/wp-content\/uploads\/2021\/05\/IMG_3356-2048x1536.jpeg 2048w, https:\/\/www.intellectualsovereignty.ch\/wp-content\/uploads\/2021\/05\/IMG_3356-1870x1403.jpeg 1870w, https:\/\/www.intellectualsovereignty.ch\/wp-content\/uploads\/2021\/05\/IMG_3356-400x300.jpeg 400w, https:\/\/www.intellectualsovereignty.ch\/wp-content\/uploads\/2021\/05\/IMG_3356-800x600.jpeg 800w\" sizes=\"auto, (max-width: 1024px) 100vw, 1024px\" \/><\/figure><\/li><li class=\"blocks-gallery-item\"><figure><img loading=\"lazy\" decoding=\"async\" width=\"1024\" height=\"768\" data-attachment-id=\"2798\" data-permalink=\"https:\/\/www.intellectualsovereignty.ch\/index.php\/2021\/05\/24\/hike-58-interlaken-thun\/img_3357\/\" data-orig-file=\"https:\/\/www.intellectualsovereignty.ch\/wp-content\/uploads\/2021\/05\/IMG_3357-scaled.jpeg\" data-orig-size=\"2560,1920\" data-comments-opened=\"0\" data-image-title=\"IMG_3357\" data-image-description=\"\" data-image-caption=\"\" data-large-file=\"https:\/\/www.intellectualsovereignty.ch\/wp-content\/uploads\/2021\/05\/IMG_3357-1024x768.jpeg\" src=\"https:\/\/www.intellectualsovereignty.ch\/wp-content\/uploads\/2021\/05\/IMG_3357-1024x768.jpeg\" alt=\"\" data-id=\"2798\" data-full-url=\"https:\/\/www.intellectualsovereignty.ch\/wp-content\/uploads\/2021\/05\/IMG_3357-scaled.jpeg\" data-link=\"https:\/\/www.intellectualsovereignty.ch\/index.php\/2021\/05\/23\/hike-58-interlaken-thun\/img_3357\/\" class=\"wp-image-2798\" srcset=\"https:\/\/www.intellectualsovereignty.ch\/wp-content\/uploads\/2021\/05\/IMG_3357-1024x768.jpeg 1024w, https:\/\/www.intellectualsovereignty.ch\/wp-content\/uploads\/2021\/05\/IMG_3357-300x225.jpeg 300w, https:\/\/www.intellectualsovereignty.ch\/wp-content\/uploads\/2021\/05\/IMG_3357-768x576.jpeg 768w, https:\/\/www.intellectualsovereignty.ch\/wp-content\/uploads\/2021\/05\/IMG_3357-1536x1152.jpeg 1536w, https:\/\/www.intellectualsovereignty.ch\/wp-content\/uploads\/2021\/05\/IMG_3357-2048x1536.jpeg 2048w, https:\/\/www.intellectualsovereignty.ch\/wp-content\/uploads\/2021\/05\/IMG_3357-1870x1403.jpeg 1870w, https:\/\/www.intellectualsovereignty.ch\/wp-content\/uploads\/2021\/05\/IMG_3357-400x300.jpeg 400w, https:\/\/www.intellectualsovereignty.ch\/wp-content\/uploads\/2021\/05\/IMG_3357-800x600.jpeg 800w\" sizes=\"auto, (max-width: 1024px) 100vw, 1024px\" \/><\/figure><\/li><li class=\"blocks-gallery-item\"><figure><img loading=\"lazy\" decoding=\"async\" width=\"768\" height=\"1024\" data-attachment-id=\"2799\" data-permalink=\"https:\/\/www.intellectualsovereignty.ch\/index.php\/2021\/05\/24\/hike-58-interlaken-thun\/img_3358\/\" data-orig-file=\"https:\/\/www.intellectualsovereignty.ch\/wp-content\/uploads\/2021\/05\/IMG_3358-scaled.jpeg\" data-orig-size=\"1920,2560\" data-comments-opened=\"0\" data-image-title=\"IMG_3358\" data-image-description=\"\" data-image-caption=\"\" data-large-file=\"https:\/\/www.intellectualsovereignty.ch\/wp-content\/uploads\/2021\/05\/IMG_3358-768x1024.jpeg\" src=\"https:\/\/www.intellectualsovereignty.ch\/wp-content\/uploads\/2021\/05\/IMG_3358-768x1024.jpeg\" alt=\"\" data-id=\"2799\" data-full-url=\"https:\/\/www.intellectualsovereignty.ch\/wp-content\/uploads\/2021\/05\/IMG_3358-scaled.jpeg\" data-link=\"https:\/\/www.intellectualsovereignty.ch\/index.php\/2021\/05\/23\/hike-58-interlaken-thun\/img_3358\/\" class=\"wp-image-2799\" srcset=\"https:\/\/www.intellectualsovereignty.ch\/wp-content\/uploads\/2021\/05\/IMG_3358-768x1024.jpeg 768w, https:\/\/www.intellectualsovereignty.ch\/wp-content\/uploads\/2021\/05\/IMG_3358-225x300.jpeg 225w, https:\/\/www.intellectualsovereignty.ch\/wp-content\/uploads\/2021\/05\/IMG_3358-1152x1536.jpeg 1152w, https:\/\/www.intellectualsovereignty.ch\/wp-content\/uploads\/2021\/05\/IMG_3358-1536x2048.jpeg 1536w, https:\/\/www.intellectualsovereignty.ch\/wp-content\/uploads\/2021\/05\/IMG_3358-1870x2493.jpeg 1870w, https:\/\/www.intellectualsovereignty.ch\/wp-content\/uploads\/2021\/05\/IMG_3358-400x533.jpeg 400w, https:\/\/www.intellectualsovereignty.ch\/wp-content\/uploads\/2021\/05\/IMG_3358-800x1067.jpeg 800w, https:\/\/www.intellectualsovereignty.ch\/wp-content\/uploads\/2021\/05\/IMG_3358-scaled.jpeg 1920w\" sizes=\"auto, (max-width: 768px) 100vw, 768px\" \/><\/figure><\/li><li class=\"blocks-gallery-item\"><figure><img loading=\"lazy\" decoding=\"async\" width=\"1024\" height=\"768\" data-attachment-id=\"2800\" data-permalink=\"https:\/\/www.intellectualsovereignty.ch\/index.php\/2021\/05\/24\/hike-58-interlaken-thun\/img_3359\/\" data-orig-file=\"https:\/\/www.intellectualsovereignty.ch\/wp-content\/uploads\/2021\/05\/IMG_3359-scaled.jpeg\" data-orig-size=\"2560,1920\" data-comments-opened=\"0\" data-image-title=\"IMG_3359\" data-image-description=\"\" data-image-caption=\"\" data-large-file=\"https:\/\/www.intellectualsovereignty.ch\/wp-content\/uploads\/2021\/05\/IMG_3359-1024x768.jpeg\" src=\"https:\/\/www.intellectualsovereignty.ch\/wp-content\/uploads\/2021\/05\/IMG_3359-1024x768.jpeg\" alt=\"\" data-id=\"2800\" data-full-url=\"https:\/\/www.intellectualsovereignty.ch\/wp-content\/uploads\/2021\/05\/IMG_3359-scaled.jpeg\" data-link=\"https:\/\/www.intellectualsovereignty.ch\/index.php\/2021\/05\/23\/hike-58-interlaken-thun\/img_3359\/\" class=\"wp-image-2800\" srcset=\"https:\/\/www.intellectualsovereignty.ch\/wp-content\/uploads\/2021\/05\/IMG_3359-1024x768.jpeg 1024w, https:\/\/www.intellectualsovereignty.ch\/wp-content\/uploads\/2021\/05\/IMG_3359-300x225.jpeg 300w, https:\/\/www.intellectualsovereignty.ch\/wp-content\/uploads\/2021\/05\/IMG_3359-768x576.jpeg 768w, https:\/\/www.intellectualsovereignty.ch\/wp-content\/uploads\/2021\/05\/IMG_3359-1536x1152.jpeg 1536w, https:\/\/www.intellectualsovereignty.ch\/wp-content\/uploads\/2021\/05\/IMG_3359-2048x1536.jpeg 2048w, https:\/\/www.intellectualsovereignty.ch\/wp-content\/uploads\/2021\/05\/IMG_3359-1870x1403.jpeg 1870w, https:\/\/www.intellectualsovereignty.ch\/wp-content\/uploads\/2021\/05\/IMG_3359-400x300.jpeg 400w, https:\/\/www.intellectualsovereignty.ch\/wp-content\/uploads\/2021\/05\/IMG_3359-800x600.jpeg 800w\" sizes=\"auto, (max-width: 1024px) 100vw, 1024px\" \/><\/figure><\/li><li class=\"blocks-gallery-item\"><figure><img loading=\"lazy\" decoding=\"async\" width=\"1024\" height=\"444\" data-attachment-id=\"2801\" data-permalink=\"https:\/\/www.intellectualsovereignty.ch\/index.php\/2021\/05\/24\/hike-58-interlaken-thun\/img_3360\/\" data-orig-file=\"https:\/\/www.intellectualsovereignty.ch\/wp-content\/uploads\/2021\/05\/IMG_3360-scaled.jpeg\" data-orig-size=\"2560,1110\" data-comments-opened=\"0\" data-image-title=\"IMG_3360\" data-image-description=\"\" data-image-caption=\"\" data-large-file=\"https:\/\/www.intellectualsovereignty.ch\/wp-content\/uploads\/2021\/05\/IMG_3360-1024x444.jpeg\" src=\"https:\/\/www.intellectualsovereignty.ch\/wp-content\/uploads\/2021\/05\/IMG_3360-1024x444.jpeg\" alt=\"\" data-id=\"2801\" data-full-url=\"https:\/\/www.intellectualsovereignty.ch\/wp-content\/uploads\/2021\/05\/IMG_3360-scaled.jpeg\" data-link=\"https:\/\/www.intellectualsovereignty.ch\/index.php\/2021\/05\/23\/hike-58-interlaken-thun\/img_3360\/\" class=\"wp-image-2801\" srcset=\"https:\/\/www.intellectualsovereignty.ch\/wp-content\/uploads\/2021\/05\/IMG_3360-1024x444.jpeg 1024w, https:\/\/www.intellectualsovereignty.ch\/wp-content\/uploads\/2021\/05\/IMG_3360-300x130.jpeg 300w, https:\/\/www.intellectualsovereignty.ch\/wp-content\/uploads\/2021\/05\/IMG_3360-768x333.jpeg 768w, https:\/\/www.intellectualsovereignty.ch\/wp-content\/uploads\/2021\/05\/IMG_3360-1536x666.jpeg 1536w, https:\/\/www.intellectualsovereignty.ch\/wp-content\/uploads\/2021\/05\/IMG_3360-2048x888.jpeg 2048w, https:\/\/www.intellectualsovereignty.ch\/wp-content\/uploads\/2021\/05\/IMG_3360-1870x811.jpeg 1870w, https:\/\/www.intellectualsovereignty.ch\/wp-content\/uploads\/2021\/05\/IMG_3360-400x173.jpeg 400w, https:\/\/www.intellectualsovereignty.ch\/wp-content\/uploads\/2021\/05\/IMG_3360-800x347.jpeg 800w\" sizes=\"auto, (max-width: 1024px) 100vw, 1024px\" \/><\/figure><\/li><li class=\"blocks-gallery-item\"><figure><img loading=\"lazy\" decoding=\"async\" width=\"1024\" height=\"768\" data-attachment-id=\"2802\" data-permalink=\"https:\/\/www.intellectualsovereignty.ch\/index.php\/2021\/05\/24\/hike-58-interlaken-thun\/img_3361\/\" data-orig-file=\"https:\/\/www.intellectualsovereignty.ch\/wp-content\/uploads\/2021\/05\/IMG_3361-scaled.jpeg\" data-orig-size=\"2560,1920\" data-comments-opened=\"0\" data-image-title=\"IMG_3361\" data-image-description=\"\" data-image-caption=\"\" data-large-file=\"https:\/\/www.intellectualsovereignty.ch\/wp-content\/uploads\/2021\/05\/IMG_3361-1024x768.jpeg\" src=\"https:\/\/www.intellectualsovereignty.ch\/wp-content\/uploads\/2021\/05\/IMG_3361-1024x768.jpeg\" alt=\"\" data-id=\"2802\" data-full-url=\"https:\/\/www.intellectualsovereignty.ch\/wp-content\/uploads\/2021\/05\/IMG_3361-scaled.jpeg\" data-link=\"https:\/\/www.intellectualsovereignty.ch\/index.php\/2021\/05\/23\/hike-58-interlaken-thun\/img_3361\/\" class=\"wp-image-2802\" srcset=\"https:\/\/www.intellectualsovereignty.ch\/wp-content\/uploads\/2021\/05\/IMG_3361-1024x768.jpeg 1024w, https:\/\/www.intellectualsovereignty.ch\/wp-content\/uploads\/2021\/05\/IMG_3361-300x225.jpeg 300w, https:\/\/www.intellectualsovereignty.ch\/wp-content\/uploads\/2021\/05\/IMG_3361-768x576.jpeg 768w, https:\/\/www.intellectualsovereignty.ch\/wp-content\/uploads\/2021\/05\/IMG_3361-1536x1152.jpeg 1536w, https:\/\/www.intellectualsovereignty.ch\/wp-content\/uploads\/2021\/05\/IMG_3361-2048x1536.jpeg 2048w, https:\/\/www.intellectualsovereignty.ch\/wp-content\/uploads\/2021\/05\/IMG_3361-1870x1403.jpeg 1870w, https:\/\/www.intellectualsovereignty.ch\/wp-content\/uploads\/2021\/05\/IMG_3361-400x300.jpeg 400w, https:\/\/www.intellectualsovereignty.ch\/wp-content\/uploads\/2021\/05\/IMG_3361-800x600.jpeg 800w\" sizes=\"auto, (max-width: 1024px) 100vw, 1024px\" \/><\/figure><\/li><li class=\"blocks-gallery-item\"><figure><img loading=\"lazy\" decoding=\"async\" width=\"1024\" height=\"768\" data-attachment-id=\"2803\" data-permalink=\"https:\/\/www.intellectualsovereignty.ch\/index.php\/2021\/05\/24\/hike-58-interlaken-thun\/img_3362\/\" data-orig-file=\"https:\/\/www.intellectualsovereignty.ch\/wp-content\/uploads\/2021\/05\/IMG_3362-scaled.jpeg\" data-orig-size=\"2560,1920\" data-comments-opened=\"0\" data-image-title=\"IMG_3362\" data-image-description=\"\" data-image-caption=\"\" data-large-file=\"https:\/\/www.intellectualsovereignty.ch\/wp-content\/uploads\/2021\/05\/IMG_3362-1024x768.jpeg\" src=\"https:\/\/www.intellectualsovereignty.ch\/wp-content\/uploads\/2021\/05\/IMG_3362-1024x768.jpeg\" alt=\"\" data-id=\"2803\" data-full-url=\"https:\/\/www.intellectualsovereignty.ch\/wp-content\/uploads\/2021\/05\/IMG_3362-scaled.jpeg\" data-link=\"https:\/\/www.intellectualsovereignty.ch\/index.php\/2021\/05\/23\/hike-58-interlaken-thun\/img_3362\/\" class=\"wp-image-2803\" srcset=\"https:\/\/www.intellectualsovereignty.ch\/wp-content\/uploads\/2021\/05\/IMG_3362-1024x768.jpeg 1024w, https:\/\/www.intellectualsovereignty.ch\/wp-content\/uploads\/2021\/05\/IMG_3362-300x225.jpeg 300w, https:\/\/www.intellectualsovereignty.ch\/wp-content\/uploads\/2021\/05\/IMG_3362-768x576.jpeg 768w, https:\/\/www.intellectualsovereignty.ch\/wp-content\/uploads\/2021\/05\/IMG_3362-1536x1152.jpeg 1536w, https:\/\/www.intellectualsovereignty.ch\/wp-content\/uploads\/2021\/05\/IMG_3362-2048x1536.jpeg 2048w, https:\/\/www.intellectualsovereignty.ch\/wp-content\/uploads\/2021\/05\/IMG_3362-1870x1403.jpeg 1870w, https:\/\/www.intellectualsovereignty.ch\/wp-content\/uploads\/2021\/05\/IMG_3362-400x300.jpeg 400w, https:\/\/www.intellectualsovereignty.ch\/wp-content\/uploads\/2021\/05\/IMG_3362-800x600.jpeg 800w\" sizes=\"auto, (max-width: 1024px) 100vw, 1024px\" \/><\/figure><\/li><\/ul><\/figure>\n\n\n\n<p class=\"wp-block-paragraph\">Bis zur spektakul\u00e4ren Leissigen Panorama-H\u00e4ngebr\u00fccke &#8211; sie auch wiederholt zu begehen hat in keinster Weise an Attraktivit\u00e4t eingeb\u00fcsst &#8211; gehts in ein paar Kehren hoch, das Morgenberghorn erinnert an eine anstehende sommerliche Besteigung in naher Zukunft. Nach der H\u00e4ngebr\u00fccke arten die Wegabschnitte im Wald zu einer wahren Schlammschlacht aus&#8230; gl\u00fccklicherweise habe ich meine Wanderst\u00f6cke dabei! Nach einer gewissen Zeit macht sich auch der Niesen prominent bemerkbar, und kaum rutscht Thun am Ende des Sees ins Blickfeld, geht es auch schon abw\u00e4rts in Richtung Krattigen, vorbei an  frisch hergerichteten Vitaparcours-Stationen.<\/p>\n\n\n\n<figure class=\"wp-block-gallery columns-3 is-cropped wp-block-gallery-2 is-layout-flex wp-block-gallery-is-layout-flex\"><ul class=\"blocks-gallery-grid\"><li class=\"blocks-gallery-item\"><figure><img loading=\"lazy\" decoding=\"async\" width=\"768\" height=\"1024\" data-attachment-id=\"2804\" data-permalink=\"https:\/\/www.intellectualsovereignty.ch\/index.php\/2021\/05\/24\/hike-58-interlaken-thun\/img_3363\/\" data-orig-file=\"https:\/\/www.intellectualsovereignty.ch\/wp-content\/uploads\/2021\/05\/IMG_3363-scaled.jpeg\" data-orig-size=\"1920,2560\" data-comments-opened=\"0\" data-image-title=\"IMG_3363\" data-image-description=\"\" data-image-caption=\"\" data-large-file=\"https:\/\/www.intellectualsovereignty.ch\/wp-content\/uploads\/2021\/05\/IMG_3363-768x1024.jpeg\" src=\"https:\/\/www.intellectualsovereignty.ch\/wp-content\/uploads\/2021\/05\/IMG_3363-768x1024.jpeg\" alt=\"\" data-id=\"2804\" data-full-url=\"https:\/\/www.intellectualsovereignty.ch\/wp-content\/uploads\/2021\/05\/IMG_3363-scaled.jpeg\" data-link=\"https:\/\/www.intellectualsovereignty.ch\/index.php\/2021\/05\/23\/hike-58-interlaken-thun\/img_3363\/\" class=\"wp-image-2804\" srcset=\"https:\/\/www.intellectualsovereignty.ch\/wp-content\/uploads\/2021\/05\/IMG_3363-768x1024.jpeg 768w, https:\/\/www.intellectualsovereignty.ch\/wp-content\/uploads\/2021\/05\/IMG_3363-225x300.jpeg 225w, https:\/\/www.intellectualsovereignty.ch\/wp-content\/uploads\/2021\/05\/IMG_3363-1152x1536.jpeg 1152w, https:\/\/www.intellectualsovereignty.ch\/wp-content\/uploads\/2021\/05\/IMG_3363-1536x2048.jpeg 1536w, https:\/\/www.intellectualsovereignty.ch\/wp-content\/uploads\/2021\/05\/IMG_3363-1870x2493.jpeg 1870w, https:\/\/www.intellectualsovereignty.ch\/wp-content\/uploads\/2021\/05\/IMG_3363-400x533.jpeg 400w, https:\/\/www.intellectualsovereignty.ch\/wp-content\/uploads\/2021\/05\/IMG_3363-800x1067.jpeg 800w, https:\/\/www.intellectualsovereignty.ch\/wp-content\/uploads\/2021\/05\/IMG_3363-scaled.jpeg 1920w\" sizes=\"auto, (max-width: 768px) 100vw, 768px\" \/><\/figure><\/li><li class=\"blocks-gallery-item\"><figure><img loading=\"lazy\" decoding=\"async\" width=\"768\" height=\"1024\" data-attachment-id=\"2805\" data-permalink=\"https:\/\/www.intellectualsovereignty.ch\/index.php\/2021\/05\/24\/hike-58-interlaken-thun\/img_3364\/\" data-orig-file=\"https:\/\/www.intellectualsovereignty.ch\/wp-content\/uploads\/2021\/05\/IMG_3364-scaled.jpeg\" data-orig-size=\"1920,2560\" data-comments-opened=\"0\" data-image-title=\"IMG_3364\" data-image-description=\"\" data-image-caption=\"\" data-large-file=\"https:\/\/www.intellectualsovereignty.ch\/wp-content\/uploads\/2021\/05\/IMG_3364-768x1024.jpeg\" src=\"https:\/\/www.intellectualsovereignty.ch\/wp-content\/uploads\/2021\/05\/IMG_3364-768x1024.jpeg\" alt=\"\" data-id=\"2805\" data-full-url=\"https:\/\/www.intellectualsovereignty.ch\/wp-content\/uploads\/2021\/05\/IMG_3364-scaled.jpeg\" data-link=\"https:\/\/www.intellectualsovereignty.ch\/index.php\/2021\/05\/23\/hike-58-interlaken-thun\/img_3364\/\" class=\"wp-image-2805\" srcset=\"https:\/\/www.intellectualsovereignty.ch\/wp-content\/uploads\/2021\/05\/IMG_3364-768x1024.jpeg 768w, https:\/\/www.intellectualsovereignty.ch\/wp-content\/uploads\/2021\/05\/IMG_3364-225x300.jpeg 225w, https:\/\/www.intellectualsovereignty.ch\/wp-content\/uploads\/2021\/05\/IMG_3364-1152x1536.jpeg 1152w, https:\/\/www.intellectualsovereignty.ch\/wp-content\/uploads\/2021\/05\/IMG_3364-1536x2048.jpeg 1536w, https:\/\/www.intellectualsovereignty.ch\/wp-content\/uploads\/2021\/05\/IMG_3364-1870x2493.jpeg 1870w, https:\/\/www.intellectualsovereignty.ch\/wp-content\/uploads\/2021\/05\/IMG_3364-400x533.jpeg 400w, https:\/\/www.intellectualsovereignty.ch\/wp-content\/uploads\/2021\/05\/IMG_3364-800x1067.jpeg 800w, https:\/\/www.intellectualsovereignty.ch\/wp-content\/uploads\/2021\/05\/IMG_3364-scaled.jpeg 1920w\" sizes=\"auto, (max-width: 768px) 100vw, 768px\" \/><\/figure><\/li><li class=\"blocks-gallery-item\"><figure><img loading=\"lazy\" decoding=\"async\" width=\"1024\" height=\"768\" data-attachment-id=\"2806\" data-permalink=\"https:\/\/www.intellectualsovereignty.ch\/index.php\/2021\/05\/24\/hike-58-interlaken-thun\/img_3365\/\" data-orig-file=\"https:\/\/www.intellectualsovereignty.ch\/wp-content\/uploads\/2021\/05\/IMG_3365-scaled.jpeg\" data-orig-size=\"2560,1920\" data-comments-opened=\"0\" data-image-title=\"IMG_3365\" data-image-description=\"\" data-image-caption=\"\" data-large-file=\"https:\/\/www.intellectualsovereignty.ch\/wp-content\/uploads\/2021\/05\/IMG_3365-1024x768.jpeg\" src=\"https:\/\/www.intellectualsovereignty.ch\/wp-content\/uploads\/2021\/05\/IMG_3365-1024x768.jpeg\" alt=\"\" data-id=\"2806\" data-full-url=\"https:\/\/www.intellectualsovereignty.ch\/wp-content\/uploads\/2021\/05\/IMG_3365-scaled.jpeg\" data-link=\"https:\/\/www.intellectualsovereignty.ch\/index.php\/2021\/05\/23\/hike-58-interlaken-thun\/img_3365\/\" class=\"wp-image-2806\" srcset=\"https:\/\/www.intellectualsovereignty.ch\/wp-content\/uploads\/2021\/05\/IMG_3365-1024x768.jpeg 1024w, https:\/\/www.intellectualsovereignty.ch\/wp-content\/uploads\/2021\/05\/IMG_3365-300x225.jpeg 300w, https:\/\/www.intellectualsovereignty.ch\/wp-content\/uploads\/2021\/05\/IMG_3365-768x576.jpeg 768w, https:\/\/www.intellectualsovereignty.ch\/wp-content\/uploads\/2021\/05\/IMG_3365-1536x1152.jpeg 1536w, https:\/\/www.intellectualsovereignty.ch\/wp-content\/uploads\/2021\/05\/IMG_3365-2048x1536.jpeg 2048w, https:\/\/www.intellectualsovereignty.ch\/wp-content\/uploads\/2021\/05\/IMG_3365-1870x1403.jpeg 1870w, https:\/\/www.intellectualsovereignty.ch\/wp-content\/uploads\/2021\/05\/IMG_3365-400x300.jpeg 400w, https:\/\/www.intellectualsovereignty.ch\/wp-content\/uploads\/2021\/05\/IMG_3365-800x600.jpeg 800w\" sizes=\"auto, (max-width: 1024px) 100vw, 1024px\" \/><\/figure><\/li><li class=\"blocks-gallery-item\"><figure><img loading=\"lazy\" decoding=\"async\" width=\"768\" height=\"1024\" data-attachment-id=\"2807\" data-permalink=\"https:\/\/www.intellectualsovereignty.ch\/index.php\/2021\/05\/24\/hike-58-interlaken-thun\/img_3366\/\" data-orig-file=\"https:\/\/www.intellectualsovereignty.ch\/wp-content\/uploads\/2021\/05\/IMG_3366-scaled.jpeg\" data-orig-size=\"1920,2560\" data-comments-opened=\"0\" data-image-title=\"IMG_3366\" data-image-description=\"\" data-image-caption=\"\" data-large-file=\"https:\/\/www.intellectualsovereignty.ch\/wp-content\/uploads\/2021\/05\/IMG_3366-768x1024.jpeg\" src=\"https:\/\/www.intellectualsovereignty.ch\/wp-content\/uploads\/2021\/05\/IMG_3366-768x1024.jpeg\" alt=\"\" data-id=\"2807\" data-full-url=\"https:\/\/www.intellectualsovereignty.ch\/wp-content\/uploads\/2021\/05\/IMG_3366-scaled.jpeg\" data-link=\"https:\/\/www.intellectualsovereignty.ch\/index.php\/2021\/05\/23\/hike-58-interlaken-thun\/img_3366\/\" class=\"wp-image-2807\" srcset=\"https:\/\/www.intellectualsovereignty.ch\/wp-content\/uploads\/2021\/05\/IMG_3366-768x1024.jpeg 768w, https:\/\/www.intellectualsovereignty.ch\/wp-content\/uploads\/2021\/05\/IMG_3366-225x300.jpeg 225w, https:\/\/www.intellectualsovereignty.ch\/wp-content\/uploads\/2021\/05\/IMG_3366-1152x1536.jpeg 1152w, https:\/\/www.intellectualsovereignty.ch\/wp-content\/uploads\/2021\/05\/IMG_3366-1536x2048.jpeg 1536w, https:\/\/www.intellectualsovereignty.ch\/wp-content\/uploads\/2021\/05\/IMG_3366-1870x2493.jpeg 1870w, https:\/\/www.intellectualsovereignty.ch\/wp-content\/uploads\/2021\/05\/IMG_3366-400x533.jpeg 400w, https:\/\/www.intellectualsovereignty.ch\/wp-content\/uploads\/2021\/05\/IMG_3366-800x1067.jpeg 800w, https:\/\/www.intellectualsovereignty.ch\/wp-content\/uploads\/2021\/05\/IMG_3366-scaled.jpeg 1920w\" sizes=\"auto, (max-width: 768px) 100vw, 768px\" \/><\/figure><\/li><li class=\"blocks-gallery-item\"><figure><img loading=\"lazy\" decoding=\"async\" width=\"1024\" height=\"768\" data-attachment-id=\"2808\" data-permalink=\"https:\/\/www.intellectualsovereignty.ch\/index.php\/2021\/05\/24\/hike-58-interlaken-thun\/img_3367\/\" data-orig-file=\"https:\/\/www.intellectualsovereignty.ch\/wp-content\/uploads\/2021\/05\/IMG_3367-scaled.jpeg\" data-orig-size=\"2560,1920\" data-comments-opened=\"0\" data-image-title=\"IMG_3367\" data-image-description=\"\" data-image-caption=\"\" data-large-file=\"https:\/\/www.intellectualsovereignty.ch\/wp-content\/uploads\/2021\/05\/IMG_3367-1024x768.jpeg\" src=\"https:\/\/www.intellectualsovereignty.ch\/wp-content\/uploads\/2021\/05\/IMG_3367-1024x768.jpeg\" alt=\"\" data-id=\"2808\" data-full-url=\"https:\/\/www.intellectualsovereignty.ch\/wp-content\/uploads\/2021\/05\/IMG_3367-scaled.jpeg\" data-link=\"https:\/\/www.intellectualsovereignty.ch\/index.php\/2021\/05\/23\/hike-58-interlaken-thun\/img_3367\/\" class=\"wp-image-2808\" srcset=\"https:\/\/www.intellectualsovereignty.ch\/wp-content\/uploads\/2021\/05\/IMG_3367-1024x768.jpeg 1024w, https:\/\/www.intellectualsovereignty.ch\/wp-content\/uploads\/2021\/05\/IMG_3367-300x225.jpeg 300w, https:\/\/www.intellectualsovereignty.ch\/wp-content\/uploads\/2021\/05\/IMG_3367-768x576.jpeg 768w, https:\/\/www.intellectualsovereignty.ch\/wp-content\/uploads\/2021\/05\/IMG_3367-1536x1152.jpeg 1536w, https:\/\/www.intellectualsovereignty.ch\/wp-content\/uploads\/2021\/05\/IMG_3367-2048x1536.jpeg 2048w, https:\/\/www.intellectualsovereignty.ch\/wp-content\/uploads\/2021\/05\/IMG_3367-1870x1403.jpeg 1870w, https:\/\/www.intellectualsovereignty.ch\/wp-content\/uploads\/2021\/05\/IMG_3367-400x300.jpeg 400w, https:\/\/www.intellectualsovereignty.ch\/wp-content\/uploads\/2021\/05\/IMG_3367-800x600.jpeg 800w\" sizes=\"auto, (max-width: 1024px) 100vw, 1024px\" \/><\/figure><\/li><li class=\"blocks-gallery-item\"><figure><img loading=\"lazy\" decoding=\"async\" width=\"1024\" height=\"534\" data-attachment-id=\"2809\" data-permalink=\"https:\/\/www.intellectualsovereignty.ch\/index.php\/2021\/05\/24\/hike-58-interlaken-thun\/img_3368\/\" data-orig-file=\"https:\/\/www.intellectualsovereignty.ch\/wp-content\/uploads\/2021\/05\/IMG_3368-scaled.jpeg\" data-orig-size=\"2560,1335\" data-comments-opened=\"0\" data-image-title=\"IMG_3368\" data-image-description=\"\" data-image-caption=\"\" data-large-file=\"https:\/\/www.intellectualsovereignty.ch\/wp-content\/uploads\/2021\/05\/IMG_3368-1024x534.jpeg\" src=\"https:\/\/www.intellectualsovereignty.ch\/wp-content\/uploads\/2021\/05\/IMG_3368-1024x534.jpeg\" alt=\"\" data-id=\"2809\" data-full-url=\"https:\/\/www.intellectualsovereignty.ch\/wp-content\/uploads\/2021\/05\/IMG_3368-scaled.jpeg\" data-link=\"https:\/\/www.intellectualsovereignty.ch\/index.php\/2021\/05\/23\/hike-58-interlaken-thun\/img_3368\/\" class=\"wp-image-2809\" srcset=\"https:\/\/www.intellectualsovereignty.ch\/wp-content\/uploads\/2021\/05\/IMG_3368-1024x534.jpeg 1024w, https:\/\/www.intellectualsovereignty.ch\/wp-content\/uploads\/2021\/05\/IMG_3368-300x156.jpeg 300w, https:\/\/www.intellectualsovereignty.ch\/wp-content\/uploads\/2021\/05\/IMG_3368-768x401.jpeg 768w, https:\/\/www.intellectualsovereignty.ch\/wp-content\/uploads\/2021\/05\/IMG_3368-1536x801.jpeg 1536w, https:\/\/www.intellectualsovereignty.ch\/wp-content\/uploads\/2021\/05\/IMG_3368-2048x1068.jpeg 2048w, https:\/\/www.intellectualsovereignty.ch\/wp-content\/uploads\/2021\/05\/IMG_3368-1870x975.jpeg 1870w, https:\/\/www.intellectualsovereignty.ch\/wp-content\/uploads\/2021\/05\/IMG_3368-400x209.jpeg 400w, https:\/\/www.intellectualsovereignty.ch\/wp-content\/uploads\/2021\/05\/IMG_3368-800x417.jpeg 800w\" sizes=\"auto, (max-width: 1024px) 100vw, 1024px\" \/><\/figure><\/li><li class=\"blocks-gallery-item\"><figure><img loading=\"lazy\" decoding=\"async\" width=\"1024\" height=\"768\" data-attachment-id=\"2810\" data-permalink=\"https:\/\/www.intellectualsovereignty.ch\/index.php\/2021\/05\/24\/hike-58-interlaken-thun\/img_3369\/\" data-orig-file=\"https:\/\/www.intellectualsovereignty.ch\/wp-content\/uploads\/2021\/05\/IMG_3369-scaled.jpeg\" data-orig-size=\"2560,1920\" data-comments-opened=\"0\" data-image-title=\"IMG_3369\" data-image-description=\"\" data-image-caption=\"\" data-large-file=\"https:\/\/www.intellectualsovereignty.ch\/wp-content\/uploads\/2021\/05\/IMG_3369-1024x768.jpeg\" src=\"https:\/\/www.intellectualsovereignty.ch\/wp-content\/uploads\/2021\/05\/IMG_3369-1024x768.jpeg\" alt=\"\" data-id=\"2810\" data-full-url=\"https:\/\/www.intellectualsovereignty.ch\/wp-content\/uploads\/2021\/05\/IMG_3369-scaled.jpeg\" data-link=\"https:\/\/www.intellectualsovereignty.ch\/index.php\/2021\/05\/23\/hike-58-interlaken-thun\/img_3369\/\" class=\"wp-image-2810\" srcset=\"https:\/\/www.intellectualsovereignty.ch\/wp-content\/uploads\/2021\/05\/IMG_3369-1024x768.jpeg 1024w, https:\/\/www.intellectualsovereignty.ch\/wp-content\/uploads\/2021\/05\/IMG_3369-300x225.jpeg 300w, https:\/\/www.intellectualsovereignty.ch\/wp-content\/uploads\/2021\/05\/IMG_3369-768x576.jpeg 768w, https:\/\/www.intellectualsovereignty.ch\/wp-content\/uploads\/2021\/05\/IMG_3369-1536x1152.jpeg 1536w, https:\/\/www.intellectualsovereignty.ch\/wp-content\/uploads\/2021\/05\/IMG_3369-2048x1536.jpeg 2048w, https:\/\/www.intellectualsovereignty.ch\/wp-content\/uploads\/2021\/05\/IMG_3369-1870x1403.jpeg 1870w, https:\/\/www.intellectualsovereignty.ch\/wp-content\/uploads\/2021\/05\/IMG_3369-400x300.jpeg 400w, https:\/\/www.intellectualsovereignty.ch\/wp-content\/uploads\/2021\/05\/IMG_3369-800x600.jpeg 800w\" sizes=\"auto, (max-width: 1024px) 100vw, 1024px\" \/><\/figure><\/li><li class=\"blocks-gallery-item\"><figure><img loading=\"lazy\" decoding=\"async\" width=\"1024\" height=\"306\" data-attachment-id=\"2811\" data-permalink=\"https:\/\/www.intellectualsovereignty.ch\/index.php\/2021\/05\/24\/hike-58-interlaken-thun\/img_3370\/\" data-orig-file=\"https:\/\/www.intellectualsovereignty.ch\/wp-content\/uploads\/2021\/05\/IMG_3370-scaled.jpeg\" data-orig-size=\"2560,764\" data-comments-opened=\"0\" data-image-title=\"IMG_3370\" data-image-description=\"\" data-image-caption=\"\" data-large-file=\"https:\/\/www.intellectualsovereignty.ch\/wp-content\/uploads\/2021\/05\/IMG_3370-1024x306.jpeg\" src=\"https:\/\/www.intellectualsovereignty.ch\/wp-content\/uploads\/2021\/05\/IMG_3370-1024x306.jpeg\" alt=\"\" data-id=\"2811\" data-full-url=\"https:\/\/www.intellectualsovereignty.ch\/wp-content\/uploads\/2021\/05\/IMG_3370-scaled.jpeg\" data-link=\"https:\/\/www.intellectualsovereignty.ch\/index.php\/2021\/05\/23\/hike-58-interlaken-thun\/img_3370\/\" class=\"wp-image-2811\" srcset=\"https:\/\/www.intellectualsovereignty.ch\/wp-content\/uploads\/2021\/05\/IMG_3370-1024x306.jpeg 1024w, https:\/\/www.intellectualsovereignty.ch\/wp-content\/uploads\/2021\/05\/IMG_3370-300x90.jpeg 300w, https:\/\/www.intellectualsovereignty.ch\/wp-content\/uploads\/2021\/05\/IMG_3370-768x229.jpeg 768w, https:\/\/www.intellectualsovereignty.ch\/wp-content\/uploads\/2021\/05\/IMG_3370-1536x458.jpeg 1536w, https:\/\/www.intellectualsovereignty.ch\/wp-content\/uploads\/2021\/05\/IMG_3370-2048x611.jpeg 2048w, https:\/\/www.intellectualsovereignty.ch\/wp-content\/uploads\/2021\/05\/IMG_3370-1870x558.jpeg 1870w, https:\/\/www.intellectualsovereignty.ch\/wp-content\/uploads\/2021\/05\/IMG_3370-400x119.jpeg 400w, https:\/\/www.intellectualsovereignty.ch\/wp-content\/uploads\/2021\/05\/IMG_3370-800x239.jpeg 800w\" sizes=\"auto, (max-width: 1024px) 100vw, 1024px\" \/><\/figure><\/li><li class=\"blocks-gallery-item\"><figure><img loading=\"lazy\" decoding=\"async\" width=\"768\" height=\"1024\" data-attachment-id=\"2812\" data-permalink=\"https:\/\/www.intellectualsovereignty.ch\/index.php\/2021\/05\/24\/hike-58-interlaken-thun\/img_3371\/\" data-orig-file=\"https:\/\/www.intellectualsovereignty.ch\/wp-content\/uploads\/2021\/05\/IMG_3371-scaled.jpeg\" data-orig-size=\"1920,2560\" data-comments-opened=\"0\" data-image-title=\"IMG_3371\" data-image-description=\"\" data-image-caption=\"\" data-large-file=\"https:\/\/www.intellectualsovereignty.ch\/wp-content\/uploads\/2021\/05\/IMG_3371-768x1024.jpeg\" src=\"https:\/\/www.intellectualsovereignty.ch\/wp-content\/uploads\/2021\/05\/IMG_3371-768x1024.jpeg\" alt=\"\" data-id=\"2812\" data-full-url=\"https:\/\/www.intellectualsovereignty.ch\/wp-content\/uploads\/2021\/05\/IMG_3371-scaled.jpeg\" data-link=\"https:\/\/www.intellectualsovereignty.ch\/index.php\/2021\/05\/23\/hike-58-interlaken-thun\/img_3371\/\" class=\"wp-image-2812\" srcset=\"https:\/\/www.intellectualsovereignty.ch\/wp-content\/uploads\/2021\/05\/IMG_3371-768x1024.jpeg 768w, https:\/\/www.intellectualsovereignty.ch\/wp-content\/uploads\/2021\/05\/IMG_3371-225x300.jpeg 225w, https:\/\/www.intellectualsovereignty.ch\/wp-content\/uploads\/2021\/05\/IMG_3371-1152x1536.jpeg 1152w, https:\/\/www.intellectualsovereignty.ch\/wp-content\/uploads\/2021\/05\/IMG_3371-1536x2048.jpeg 1536w, https:\/\/www.intellectualsovereignty.ch\/wp-content\/uploads\/2021\/05\/IMG_3371-1870x2493.jpeg 1870w, https:\/\/www.intellectualsovereignty.ch\/wp-content\/uploads\/2021\/05\/IMG_3371-400x533.jpeg 400w, https:\/\/www.intellectualsovereignty.ch\/wp-content\/uploads\/2021\/05\/IMG_3371-800x1067.jpeg 800w, https:\/\/www.intellectualsovereignty.ch\/wp-content\/uploads\/2021\/05\/IMG_3371-scaled.jpeg 1920w\" sizes=\"auto, (max-width: 768px) 100vw, 768px\" \/><\/figure><\/li><li class=\"blocks-gallery-item\"><figure><img loading=\"lazy\" decoding=\"async\" width=\"1024\" height=\"768\" data-attachment-id=\"2813\" data-permalink=\"https:\/\/www.intellectualsovereignty.ch\/index.php\/2021\/05\/24\/hike-58-interlaken-thun\/img_3372\/\" data-orig-file=\"https:\/\/www.intellectualsovereignty.ch\/wp-content\/uploads\/2021\/05\/IMG_3372-scaled.jpeg\" data-orig-size=\"2560,1920\" data-comments-opened=\"0\" data-image-title=\"IMG_3372\" data-image-description=\"\" data-image-caption=\"\" data-large-file=\"https:\/\/www.intellectualsovereignty.ch\/wp-content\/uploads\/2021\/05\/IMG_3372-1024x768.jpeg\" src=\"https:\/\/www.intellectualsovereignty.ch\/wp-content\/uploads\/2021\/05\/IMG_3372-1024x768.jpeg\" alt=\"\" data-id=\"2813\" data-full-url=\"https:\/\/www.intellectualsovereignty.ch\/wp-content\/uploads\/2021\/05\/IMG_3372-scaled.jpeg\" data-link=\"https:\/\/www.intellectualsovereignty.ch\/index.php\/2021\/05\/23\/hike-58-interlaken-thun\/img_3372\/\" class=\"wp-image-2813\" srcset=\"https:\/\/www.intellectualsovereignty.ch\/wp-content\/uploads\/2021\/05\/IMG_3372-1024x768.jpeg 1024w, https:\/\/www.intellectualsovereignty.ch\/wp-content\/uploads\/2021\/05\/IMG_3372-300x225.jpeg 300w, https:\/\/www.intellectualsovereignty.ch\/wp-content\/uploads\/2021\/05\/IMG_3372-768x576.jpeg 768w, https:\/\/www.intellectualsovereignty.ch\/wp-content\/uploads\/2021\/05\/IMG_3372-1536x1152.jpeg 1536w, https:\/\/www.intellectualsovereignty.ch\/wp-content\/uploads\/2021\/05\/IMG_3372-2048x1536.jpeg 2048w, https:\/\/www.intellectualsovereignty.ch\/wp-content\/uploads\/2021\/05\/IMG_3372-1870x1403.jpeg 1870w, https:\/\/www.intellectualsovereignty.ch\/wp-content\/uploads\/2021\/05\/IMG_3372-400x300.jpeg 400w, https:\/\/www.intellectualsovereignty.ch\/wp-content\/uploads\/2021\/05\/IMG_3372-800x600.jpeg 800w\" sizes=\"auto, (max-width: 1024px) 100vw, 1024px\" \/><\/figure><\/li><li class=\"blocks-gallery-item\"><figure><img loading=\"lazy\" decoding=\"async\" width=\"1024\" height=\"768\" data-attachment-id=\"2814\" data-permalink=\"https:\/\/www.intellectualsovereignty.ch\/index.php\/2021\/05\/24\/hike-58-interlaken-thun\/img_3373\/\" data-orig-file=\"https:\/\/www.intellectualsovereignty.ch\/wp-content\/uploads\/2021\/05\/IMG_3373-scaled.jpeg\" data-orig-size=\"2560,1920\" data-comments-opened=\"0\" data-image-title=\"IMG_3373\" data-image-description=\"\" data-image-caption=\"\" data-large-file=\"https:\/\/www.intellectualsovereignty.ch\/wp-content\/uploads\/2021\/05\/IMG_3373-1024x768.jpeg\" src=\"https:\/\/www.intellectualsovereignty.ch\/wp-content\/uploads\/2021\/05\/IMG_3373-1024x768.jpeg\" alt=\"\" data-id=\"2814\" data-full-url=\"https:\/\/www.intellectualsovereignty.ch\/wp-content\/uploads\/2021\/05\/IMG_3373-scaled.jpeg\" data-link=\"https:\/\/www.intellectualsovereignty.ch\/index.php\/2021\/05\/23\/hike-58-interlaken-thun\/img_3373\/\" class=\"wp-image-2814\" srcset=\"https:\/\/www.intellectualsovereignty.ch\/wp-content\/uploads\/2021\/05\/IMG_3373-1024x768.jpeg 1024w, https:\/\/www.intellectualsovereignty.ch\/wp-content\/uploads\/2021\/05\/IMG_3373-300x225.jpeg 300w, https:\/\/www.intellectualsovereignty.ch\/wp-content\/uploads\/2021\/05\/IMG_3373-768x576.jpeg 768w, https:\/\/www.intellectualsovereignty.ch\/wp-content\/uploads\/2021\/05\/IMG_3373-1536x1152.jpeg 1536w, https:\/\/www.intellectualsovereignty.ch\/wp-content\/uploads\/2021\/05\/IMG_3373-2048x1536.jpeg 2048w, https:\/\/www.intellectualsovereignty.ch\/wp-content\/uploads\/2021\/05\/IMG_3373-1870x1403.jpeg 1870w, https:\/\/www.intellectualsovereignty.ch\/wp-content\/uploads\/2021\/05\/IMG_3373-400x300.jpeg 400w, https:\/\/www.intellectualsovereignty.ch\/wp-content\/uploads\/2021\/05\/IMG_3373-800x600.jpeg 800w\" sizes=\"auto, (max-width: 1024px) 100vw, 1024px\" \/><\/figure><\/li><li class=\"blocks-gallery-item\"><figure><img loading=\"lazy\" decoding=\"async\" width=\"1024\" height=\"732\" data-attachment-id=\"2815\" data-permalink=\"https:\/\/www.intellectualsovereignty.ch\/index.php\/2021\/05\/24\/hike-58-interlaken-thun\/img_3374\/\" data-orig-file=\"https:\/\/www.intellectualsovereignty.ch\/wp-content\/uploads\/2021\/05\/IMG_3374-scaled.jpeg\" data-orig-size=\"2560,1830\" data-comments-opened=\"0\" data-image-title=\"IMG_3374\" data-image-description=\"\" data-image-caption=\"\" data-large-file=\"https:\/\/www.intellectualsovereignty.ch\/wp-content\/uploads\/2021\/05\/IMG_3374-1024x732.jpeg\" src=\"https:\/\/www.intellectualsovereignty.ch\/wp-content\/uploads\/2021\/05\/IMG_3374-1024x732.jpeg\" alt=\"\" data-id=\"2815\" data-full-url=\"https:\/\/www.intellectualsovereignty.ch\/wp-content\/uploads\/2021\/05\/IMG_3374-scaled.jpeg\" data-link=\"https:\/\/www.intellectualsovereignty.ch\/index.php\/2021\/05\/23\/hike-58-interlaken-thun\/img_3374\/\" class=\"wp-image-2815\" srcset=\"https:\/\/www.intellectualsovereignty.ch\/wp-content\/uploads\/2021\/05\/IMG_3374-1024x732.jpeg 1024w, https:\/\/www.intellectualsovereignty.ch\/wp-content\/uploads\/2021\/05\/IMG_3374-300x214.jpeg 300w, https:\/\/www.intellectualsovereignty.ch\/wp-content\/uploads\/2021\/05\/IMG_3374-768x549.jpeg 768w, https:\/\/www.intellectualsovereignty.ch\/wp-content\/uploads\/2021\/05\/IMG_3374-1536x1098.jpeg 1536w, https:\/\/www.intellectualsovereignty.ch\/wp-content\/uploads\/2021\/05\/IMG_3374-2048x1464.jpeg 2048w, https:\/\/www.intellectualsovereignty.ch\/wp-content\/uploads\/2021\/05\/IMG_3374-1870x1337.jpeg 1870w, https:\/\/www.intellectualsovereignty.ch\/wp-content\/uploads\/2021\/05\/IMG_3374-400x286.jpeg 400w, https:\/\/www.intellectualsovereignty.ch\/wp-content\/uploads\/2021\/05\/IMG_3374-800x572.jpeg 800w\" sizes=\"auto, (max-width: 1024px) 100vw, 1024px\" \/><\/figure><\/li><li class=\"blocks-gallery-item\"><figure><img loading=\"lazy\" decoding=\"async\" width=\"1024\" height=\"768\" data-attachment-id=\"2816\" data-permalink=\"https:\/\/www.intellectualsovereignty.ch\/index.php\/2021\/05\/24\/hike-58-interlaken-thun\/img_3375\/\" data-orig-file=\"https:\/\/www.intellectualsovereignty.ch\/wp-content\/uploads\/2021\/05\/IMG_3375-scaled.jpeg\" data-orig-size=\"2560,1920\" data-comments-opened=\"0\" data-image-title=\"IMG_3375\" data-image-description=\"\" data-image-caption=\"\" data-large-file=\"https:\/\/www.intellectualsovereignty.ch\/wp-content\/uploads\/2021\/05\/IMG_3375-1024x768.jpeg\" src=\"https:\/\/www.intellectualsovereignty.ch\/wp-content\/uploads\/2021\/05\/IMG_3375-1024x768.jpeg\" alt=\"\" data-id=\"2816\" data-full-url=\"https:\/\/www.intellectualsovereignty.ch\/wp-content\/uploads\/2021\/05\/IMG_3375-scaled.jpeg\" data-link=\"https:\/\/www.intellectualsovereignty.ch\/index.php\/2021\/05\/23\/hike-58-interlaken-thun\/img_3375\/\" class=\"wp-image-2816\" srcset=\"https:\/\/www.intellectualsovereignty.ch\/wp-content\/uploads\/2021\/05\/IMG_3375-1024x768.jpeg 1024w, https:\/\/www.intellectualsovereignty.ch\/wp-content\/uploads\/2021\/05\/IMG_3375-300x225.jpeg 300w, https:\/\/www.intellectualsovereignty.ch\/wp-content\/uploads\/2021\/05\/IMG_3375-768x576.jpeg 768w, https:\/\/www.intellectualsovereignty.ch\/wp-content\/uploads\/2021\/05\/IMG_3375-1536x1152.jpeg 1536w, https:\/\/www.intellectualsovereignty.ch\/wp-content\/uploads\/2021\/05\/IMG_3375-2048x1536.jpeg 2048w, https:\/\/www.intellectualsovereignty.ch\/wp-content\/uploads\/2021\/05\/IMG_3375-1870x1403.jpeg 1870w, https:\/\/www.intellectualsovereignty.ch\/wp-content\/uploads\/2021\/05\/IMG_3375-400x300.jpeg 400w, https:\/\/www.intellectualsovereignty.ch\/wp-content\/uploads\/2021\/05\/IMG_3375-800x600.jpeg 800w\" sizes=\"auto, (max-width: 1024px) 100vw, 1024px\" \/><\/figure><\/li><li class=\"blocks-gallery-item\"><figure><img loading=\"lazy\" decoding=\"async\" width=\"1024\" height=\"768\" data-attachment-id=\"2817\" data-permalink=\"https:\/\/www.intellectualsovereignty.ch\/index.php\/2021\/05\/24\/hike-58-interlaken-thun\/img_3376\/\" data-orig-file=\"https:\/\/www.intellectualsovereignty.ch\/wp-content\/uploads\/2021\/05\/IMG_3376-scaled.jpeg\" data-orig-size=\"2560,1920\" data-comments-opened=\"0\" data-image-title=\"IMG_3376\" data-image-description=\"\" data-image-caption=\"\" data-large-file=\"https:\/\/www.intellectualsovereignty.ch\/wp-content\/uploads\/2021\/05\/IMG_3376-1024x768.jpeg\" src=\"https:\/\/www.intellectualsovereignty.ch\/wp-content\/uploads\/2021\/05\/IMG_3376-1024x768.jpeg\" alt=\"\" data-id=\"2817\" data-full-url=\"https:\/\/www.intellectualsovereignty.ch\/wp-content\/uploads\/2021\/05\/IMG_3376-scaled.jpeg\" data-link=\"https:\/\/www.intellectualsovereignty.ch\/index.php\/2021\/05\/23\/hike-58-interlaken-thun\/img_3376\/\" class=\"wp-image-2817\" srcset=\"https:\/\/www.intellectualsovereignty.ch\/wp-content\/uploads\/2021\/05\/IMG_3376-1024x768.jpeg 1024w, https:\/\/www.intellectualsovereignty.ch\/wp-content\/uploads\/2021\/05\/IMG_3376-300x225.jpeg 300w, https:\/\/www.intellectualsovereignty.ch\/wp-content\/uploads\/2021\/05\/IMG_3376-768x576.jpeg 768w, https:\/\/www.intellectualsovereignty.ch\/wp-content\/uploads\/2021\/05\/IMG_3376-1536x1152.jpeg 1536w, https:\/\/www.intellectualsovereignty.ch\/wp-content\/uploads\/2021\/05\/IMG_3376-2048x1536.jpeg 2048w, https:\/\/www.intellectualsovereignty.ch\/wp-content\/uploads\/2021\/05\/IMG_3376-1870x1403.jpeg 1870w, https:\/\/www.intellectualsovereignty.ch\/wp-content\/uploads\/2021\/05\/IMG_3376-400x300.jpeg 400w, https:\/\/www.intellectualsovereignty.ch\/wp-content\/uploads\/2021\/05\/IMG_3376-800x600.jpeg 800w\" sizes=\"auto, (max-width: 1024px) 100vw, 1024px\" \/><\/figure><\/li><\/ul><\/figure>\n\n\n\n<p class=\"wp-block-paragraph\">Hier beginnt f\u00fcr mich der etwas m\u00fchselige Teil auf Asphalt und Kiesweg an Faulensee vorbei, dem See entlang bis ins Hafenbecken von Spiez. Der Abschnitt ist zwar landschaftlich sch\u00f6n, die mir entgegenschwappende Horde an Touristen aus der Romandie bei der Schiffanlegestelle killt jedoch meine eh schon schw\u00e4chelnde Seeromantik, lieber w\u00e4re ich ein paar H\u00f6henmeter weiter oben geblieben. Zudem setzt noch leichter Regen ein, prompt als ich mich auf der Seepromenade von Spiez f\u00fcrs Zmittag niederlasse, henu! Z\u00fcgig gehts weiter, vorbei am imposanten Schloss, hoch in die Rebberge&#8230;<\/p>\n\n\n\n<figure class=\"wp-block-gallery columns-3 is-cropped wp-block-gallery-3 is-layout-flex wp-block-gallery-is-layout-flex\"><ul class=\"blocks-gallery-grid\"><li class=\"blocks-gallery-item\"><figure><img loading=\"lazy\" decoding=\"async\" width=\"1024\" height=\"768\" data-attachment-id=\"2818\" data-permalink=\"https:\/\/www.intellectualsovereignty.ch\/index.php\/2021\/05\/24\/hike-58-interlaken-thun\/img_3377\/\" data-orig-file=\"https:\/\/www.intellectualsovereignty.ch\/wp-content\/uploads\/2021\/05\/IMG_3377-scaled.jpeg\" data-orig-size=\"2560,1920\" data-comments-opened=\"0\" data-image-title=\"IMG_3377\" data-image-description=\"\" data-image-caption=\"\" data-large-file=\"https:\/\/www.intellectualsovereignty.ch\/wp-content\/uploads\/2021\/05\/IMG_3377-1024x768.jpeg\" src=\"https:\/\/www.intellectualsovereignty.ch\/wp-content\/uploads\/2021\/05\/IMG_3377-1024x768.jpeg\" alt=\"\" data-id=\"2818\" data-full-url=\"https:\/\/www.intellectualsovereignty.ch\/wp-content\/uploads\/2021\/05\/IMG_3377-scaled.jpeg\" data-link=\"https:\/\/www.intellectualsovereignty.ch\/index.php\/2021\/05\/23\/hike-58-interlaken-thun\/img_3377\/\" class=\"wp-image-2818\" srcset=\"https:\/\/www.intellectualsovereignty.ch\/wp-content\/uploads\/2021\/05\/IMG_3377-1024x768.jpeg 1024w, https:\/\/www.intellectualsovereignty.ch\/wp-content\/uploads\/2021\/05\/IMG_3377-300x225.jpeg 300w, https:\/\/www.intellectualsovereignty.ch\/wp-content\/uploads\/2021\/05\/IMG_3377-768x576.jpeg 768w, https:\/\/www.intellectualsovereignty.ch\/wp-content\/uploads\/2021\/05\/IMG_3377-1536x1152.jpeg 1536w, https:\/\/www.intellectualsovereignty.ch\/wp-content\/uploads\/2021\/05\/IMG_3377-2048x1536.jpeg 2048w, https:\/\/www.intellectualsovereignty.ch\/wp-content\/uploads\/2021\/05\/IMG_3377-1870x1403.jpeg 1870w, https:\/\/www.intellectualsovereignty.ch\/wp-content\/uploads\/2021\/05\/IMG_3377-400x300.jpeg 400w, https:\/\/www.intellectualsovereignty.ch\/wp-content\/uploads\/2021\/05\/IMG_3377-800x600.jpeg 800w\" sizes=\"auto, (max-width: 1024px) 100vw, 1024px\" \/><\/figure><\/li><li class=\"blocks-gallery-item\"><figure><img loading=\"lazy\" decoding=\"async\" width=\"1024\" height=\"768\" data-attachment-id=\"2819\" data-permalink=\"https:\/\/www.intellectualsovereignty.ch\/index.php\/2021\/05\/24\/hike-58-interlaken-thun\/img_3378\/\" data-orig-file=\"https:\/\/www.intellectualsovereignty.ch\/wp-content\/uploads\/2021\/05\/IMG_3378-scaled.jpeg\" data-orig-size=\"2560,1920\" data-comments-opened=\"0\" data-image-title=\"IMG_3378\" data-image-description=\"\" data-image-caption=\"\" data-large-file=\"https:\/\/www.intellectualsovereignty.ch\/wp-content\/uploads\/2021\/05\/IMG_3378-1024x768.jpeg\" src=\"https:\/\/www.intellectualsovereignty.ch\/wp-content\/uploads\/2021\/05\/IMG_3378-1024x768.jpeg\" alt=\"\" data-id=\"2819\" data-full-url=\"https:\/\/www.intellectualsovereignty.ch\/wp-content\/uploads\/2021\/05\/IMG_3378-scaled.jpeg\" data-link=\"https:\/\/www.intellectualsovereignty.ch\/index.php\/2021\/05\/23\/hike-58-interlaken-thun\/img_3378\/\" class=\"wp-image-2819\" srcset=\"https:\/\/www.intellectualsovereignty.ch\/wp-content\/uploads\/2021\/05\/IMG_3378-1024x768.jpeg 1024w, https:\/\/www.intellectualsovereignty.ch\/wp-content\/uploads\/2021\/05\/IMG_3378-300x225.jpeg 300w, https:\/\/www.intellectualsovereignty.ch\/wp-content\/uploads\/2021\/05\/IMG_3378-768x576.jpeg 768w, https:\/\/www.intellectualsovereignty.ch\/wp-content\/uploads\/2021\/05\/IMG_3378-1536x1152.jpeg 1536w, https:\/\/www.intellectualsovereignty.ch\/wp-content\/uploads\/2021\/05\/IMG_3378-2048x1536.jpeg 2048w, https:\/\/www.intellectualsovereignty.ch\/wp-content\/uploads\/2021\/05\/IMG_3378-1870x1403.jpeg 1870w, https:\/\/www.intellectualsovereignty.ch\/wp-content\/uploads\/2021\/05\/IMG_3378-400x300.jpeg 400w, https:\/\/www.intellectualsovereignty.ch\/wp-content\/uploads\/2021\/05\/IMG_3378-800x600.jpeg 800w\" sizes=\"auto, (max-width: 1024px) 100vw, 1024px\" \/><\/figure><\/li><li class=\"blocks-gallery-item\"><figure><img loading=\"lazy\" decoding=\"async\" width=\"1024\" height=\"768\" data-attachment-id=\"2820\" data-permalink=\"https:\/\/www.intellectualsovereignty.ch\/index.php\/2021\/05\/24\/hike-58-interlaken-thun\/img_3379\/\" data-orig-file=\"https:\/\/www.intellectualsovereignty.ch\/wp-content\/uploads\/2021\/05\/IMG_3379-scaled.jpeg\" data-orig-size=\"2560,1920\" data-comments-opened=\"0\" data-image-title=\"IMG_3379\" data-image-description=\"\" data-image-caption=\"\" data-large-file=\"https:\/\/www.intellectualsovereignty.ch\/wp-content\/uploads\/2021\/05\/IMG_3379-1024x768.jpeg\" src=\"https:\/\/www.intellectualsovereignty.ch\/wp-content\/uploads\/2021\/05\/IMG_3379-1024x768.jpeg\" alt=\"\" data-id=\"2820\" data-full-url=\"https:\/\/www.intellectualsovereignty.ch\/wp-content\/uploads\/2021\/05\/IMG_3379-scaled.jpeg\" data-link=\"https:\/\/www.intellectualsovereignty.ch\/index.php\/2021\/05\/23\/hike-58-interlaken-thun\/img_3379\/\" class=\"wp-image-2820\" srcset=\"https:\/\/www.intellectualsovereignty.ch\/wp-content\/uploads\/2021\/05\/IMG_3379-1024x768.jpeg 1024w, https:\/\/www.intellectualsovereignty.ch\/wp-content\/uploads\/2021\/05\/IMG_3379-300x225.jpeg 300w, https:\/\/www.intellectualsovereignty.ch\/wp-content\/uploads\/2021\/05\/IMG_3379-768x576.jpeg 768w, https:\/\/www.intellectualsovereignty.ch\/wp-content\/uploads\/2021\/05\/IMG_3379-1536x1152.jpeg 1536w, https:\/\/www.intellectualsovereignty.ch\/wp-content\/uploads\/2021\/05\/IMG_3379-2048x1536.jpeg 2048w, https:\/\/www.intellectualsovereignty.ch\/wp-content\/uploads\/2021\/05\/IMG_3379-1870x1403.jpeg 1870w, https:\/\/www.intellectualsovereignty.ch\/wp-content\/uploads\/2021\/05\/IMG_3379-400x300.jpeg 400w, https:\/\/www.intellectualsovereignty.ch\/wp-content\/uploads\/2021\/05\/IMG_3379-800x600.jpeg 800w\" sizes=\"auto, (max-width: 1024px) 100vw, 1024px\" \/><\/figure><\/li><li class=\"blocks-gallery-item\"><figure><img loading=\"lazy\" decoding=\"async\" width=\"1024\" height=\"654\" data-attachment-id=\"2821\" data-permalink=\"https:\/\/www.intellectualsovereignty.ch\/index.php\/2021\/05\/24\/hike-58-interlaken-thun\/img_3380\/\" data-orig-file=\"https:\/\/www.intellectualsovereignty.ch\/wp-content\/uploads\/2021\/05\/IMG_3380-scaled.jpeg\" data-orig-size=\"2560,1636\" data-comments-opened=\"0\" data-image-title=\"IMG_3380\" data-image-description=\"\" data-image-caption=\"\" data-large-file=\"https:\/\/www.intellectualsovereignty.ch\/wp-content\/uploads\/2021\/05\/IMG_3380-1024x654.jpeg\" src=\"https:\/\/www.intellectualsovereignty.ch\/wp-content\/uploads\/2021\/05\/IMG_3380-1024x654.jpeg\" alt=\"\" data-id=\"2821\" data-full-url=\"https:\/\/www.intellectualsovereignty.ch\/wp-content\/uploads\/2021\/05\/IMG_3380-scaled.jpeg\" data-link=\"https:\/\/www.intellectualsovereignty.ch\/index.php\/2021\/05\/23\/hike-58-interlaken-thun\/img_3380\/\" class=\"wp-image-2821\" srcset=\"https:\/\/www.intellectualsovereignty.ch\/wp-content\/uploads\/2021\/05\/IMG_3380-1024x654.jpeg 1024w, https:\/\/www.intellectualsovereignty.ch\/wp-content\/uploads\/2021\/05\/IMG_3380-300x192.jpeg 300w, https:\/\/www.intellectualsovereignty.ch\/wp-content\/uploads\/2021\/05\/IMG_3380-768x491.jpeg 768w, https:\/\/www.intellectualsovereignty.ch\/wp-content\/uploads\/2021\/05\/IMG_3380-1536x982.jpeg 1536w, https:\/\/www.intellectualsovereignty.ch\/wp-content\/uploads\/2021\/05\/IMG_3380-2048x1309.jpeg 2048w, https:\/\/www.intellectualsovereignty.ch\/wp-content\/uploads\/2021\/05\/IMG_3380-1870x1195.jpeg 1870w, https:\/\/www.intellectualsovereignty.ch\/wp-content\/uploads\/2021\/05\/IMG_3380-400x256.jpeg 400w, https:\/\/www.intellectualsovereignty.ch\/wp-content\/uploads\/2021\/05\/IMG_3380-800x511.jpeg 800w\" sizes=\"auto, (max-width: 1024px) 100vw, 1024px\" \/><\/figure><\/li><li class=\"blocks-gallery-item\"><figure><img loading=\"lazy\" decoding=\"async\" width=\"1024\" height=\"768\" data-attachment-id=\"2822\" data-permalink=\"https:\/\/www.intellectualsovereignty.ch\/index.php\/2021\/05\/24\/hike-58-interlaken-thun\/img_3381\/\" data-orig-file=\"https:\/\/www.intellectualsovereignty.ch\/wp-content\/uploads\/2021\/05\/IMG_3381-scaled.jpeg\" data-orig-size=\"2560,1920\" data-comments-opened=\"0\" data-image-title=\"IMG_3381\" data-image-description=\"\" data-image-caption=\"\" data-large-file=\"https:\/\/www.intellectualsovereignty.ch\/wp-content\/uploads\/2021\/05\/IMG_3381-1024x768.jpeg\" src=\"https:\/\/www.intellectualsovereignty.ch\/wp-content\/uploads\/2021\/05\/IMG_3381-1024x768.jpeg\" alt=\"\" data-id=\"2822\" data-full-url=\"https:\/\/www.intellectualsovereignty.ch\/wp-content\/uploads\/2021\/05\/IMG_3381-scaled.jpeg\" data-link=\"https:\/\/www.intellectualsovereignty.ch\/index.php\/2021\/05\/23\/hike-58-interlaken-thun\/img_3381\/\" class=\"wp-image-2822\" srcset=\"https:\/\/www.intellectualsovereignty.ch\/wp-content\/uploads\/2021\/05\/IMG_3381-1024x768.jpeg 1024w, https:\/\/www.intellectualsovereignty.ch\/wp-content\/uploads\/2021\/05\/IMG_3381-300x225.jpeg 300w, https:\/\/www.intellectualsovereignty.ch\/wp-content\/uploads\/2021\/05\/IMG_3381-768x576.jpeg 768w, https:\/\/www.intellectualsovereignty.ch\/wp-content\/uploads\/2021\/05\/IMG_3381-1536x1152.jpeg 1536w, https:\/\/www.intellectualsovereignty.ch\/wp-content\/uploads\/2021\/05\/IMG_3381-2048x1536.jpeg 2048w, https:\/\/www.intellectualsovereignty.ch\/wp-content\/uploads\/2021\/05\/IMG_3381-1870x1403.jpeg 1870w, https:\/\/www.intellectualsovereignty.ch\/wp-content\/uploads\/2021\/05\/IMG_3381-400x300.jpeg 400w, https:\/\/www.intellectualsovereignty.ch\/wp-content\/uploads\/2021\/05\/IMG_3381-800x600.jpeg 800w\" sizes=\"auto, (max-width: 1024px) 100vw, 1024px\" \/><\/figure><\/li><li class=\"blocks-gallery-item\"><figure><img loading=\"lazy\" decoding=\"async\" width=\"1024\" height=\"768\" data-attachment-id=\"2823\" data-permalink=\"https:\/\/www.intellectualsovereignty.ch\/index.php\/2021\/05\/24\/hike-58-interlaken-thun\/img_3382\/\" data-orig-file=\"https:\/\/www.intellectualsovereignty.ch\/wp-content\/uploads\/2021\/05\/IMG_3382-scaled.jpeg\" data-orig-size=\"2560,1920\" data-comments-opened=\"0\" data-image-title=\"IMG_3382\" data-image-description=\"\" data-image-caption=\"\" data-large-file=\"https:\/\/www.intellectualsovereignty.ch\/wp-content\/uploads\/2021\/05\/IMG_3382-1024x768.jpeg\" src=\"https:\/\/www.intellectualsovereignty.ch\/wp-content\/uploads\/2021\/05\/IMG_3382-1024x768.jpeg\" alt=\"\" data-id=\"2823\" data-full-url=\"https:\/\/www.intellectualsovereignty.ch\/wp-content\/uploads\/2021\/05\/IMG_3382-scaled.jpeg\" data-link=\"https:\/\/www.intellectualsovereignty.ch\/index.php\/2021\/05\/23\/hike-58-interlaken-thun\/img_3382\/\" class=\"wp-image-2823\" srcset=\"https:\/\/www.intellectualsovereignty.ch\/wp-content\/uploads\/2021\/05\/IMG_3382-1024x768.jpeg 1024w, https:\/\/www.intellectualsovereignty.ch\/wp-content\/uploads\/2021\/05\/IMG_3382-300x225.jpeg 300w, https:\/\/www.intellectualsovereignty.ch\/wp-content\/uploads\/2021\/05\/IMG_3382-768x576.jpeg 768w, https:\/\/www.intellectualsovereignty.ch\/wp-content\/uploads\/2021\/05\/IMG_3382-1536x1152.jpeg 1536w, https:\/\/www.intellectualsovereignty.ch\/wp-content\/uploads\/2021\/05\/IMG_3382-2048x1536.jpeg 2048w, https:\/\/www.intellectualsovereignty.ch\/wp-content\/uploads\/2021\/05\/IMG_3382-1870x1403.jpeg 1870w, https:\/\/www.intellectualsovereignty.ch\/wp-content\/uploads\/2021\/05\/IMG_3382-400x300.jpeg 400w, https:\/\/www.intellectualsovereignty.ch\/wp-content\/uploads\/2021\/05\/IMG_3382-800x600.jpeg 800w\" sizes=\"auto, (max-width: 1024px) 100vw, 1024px\" \/><\/figure><\/li><li class=\"blocks-gallery-item\"><figure><img loading=\"lazy\" decoding=\"async\" width=\"1024\" height=\"768\" data-attachment-id=\"2824\" data-permalink=\"https:\/\/www.intellectualsovereignty.ch\/index.php\/2021\/05\/24\/hike-58-interlaken-thun\/img_3383\/\" data-orig-file=\"https:\/\/www.intellectualsovereignty.ch\/wp-content\/uploads\/2021\/05\/IMG_3383-scaled.jpeg\" data-orig-size=\"2560,1920\" data-comments-opened=\"0\" data-image-title=\"IMG_3383\" data-image-description=\"\" data-image-caption=\"\" data-large-file=\"https:\/\/www.intellectualsovereignty.ch\/wp-content\/uploads\/2021\/05\/IMG_3383-1024x768.jpeg\" src=\"https:\/\/www.intellectualsovereignty.ch\/wp-content\/uploads\/2021\/05\/IMG_3383-1024x768.jpeg\" alt=\"\" data-id=\"2824\" data-full-url=\"https:\/\/www.intellectualsovereignty.ch\/wp-content\/uploads\/2021\/05\/IMG_3383-scaled.jpeg\" data-link=\"https:\/\/www.intellectualsovereignty.ch\/index.php\/2021\/05\/23\/hike-58-interlaken-thun\/img_3383\/\" class=\"wp-image-2824\" srcset=\"https:\/\/www.intellectualsovereignty.ch\/wp-content\/uploads\/2021\/05\/IMG_3383-1024x768.jpeg 1024w, https:\/\/www.intellectualsovereignty.ch\/wp-content\/uploads\/2021\/05\/IMG_3383-300x225.jpeg 300w, https:\/\/www.intellectualsovereignty.ch\/wp-content\/uploads\/2021\/05\/IMG_3383-768x576.jpeg 768w, https:\/\/www.intellectualsovereignty.ch\/wp-content\/uploads\/2021\/05\/IMG_3383-1536x1152.jpeg 1536w, https:\/\/www.intellectualsovereignty.ch\/wp-content\/uploads\/2021\/05\/IMG_3383-2048x1536.jpeg 2048w, https:\/\/www.intellectualsovereignty.ch\/wp-content\/uploads\/2021\/05\/IMG_3383-1870x1403.jpeg 1870w, https:\/\/www.intellectualsovereignty.ch\/wp-content\/uploads\/2021\/05\/IMG_3383-400x300.jpeg 400w, https:\/\/www.intellectualsovereignty.ch\/wp-content\/uploads\/2021\/05\/IMG_3383-800x600.jpeg 800w\" sizes=\"auto, (max-width: 1024px) 100vw, 1024px\" \/><\/figure><\/li><\/ul><\/figure>\n\n\n\n<p class=\"wp-block-paragraph\">&#8230; und hier beginnt f\u00fcr mich der Teil der Wanderung, an den ich mich erinnern werde. Hoch \u00fcber dem Thunersee folgt der Wanderweg dem Grat des Spiezberg (nicht Spitzbergen!), ein sch\u00f6ner und leicht einlullender gr\u00fcner Tunnel (von dem ich lustigerweise kein Foto geschossen habe, sorry), bei Spiezmoos Augen zu und durch, schliesslich sanft im Eggliwald bis zum Plateau oberhalb Einigen, wunderbar!<\/p>\n\n\n\n<figure class=\"wp-block-gallery columns-3 is-cropped wp-block-gallery-4 is-layout-flex wp-block-gallery-is-layout-flex\"><ul class=\"blocks-gallery-grid\"><li class=\"blocks-gallery-item\"><figure><img loading=\"lazy\" decoding=\"async\" width=\"1024\" height=\"768\" data-attachment-id=\"2825\" data-permalink=\"https:\/\/www.intellectualsovereignty.ch\/index.php\/2021\/05\/24\/hike-58-interlaken-thun\/img_3384\/\" data-orig-file=\"https:\/\/www.intellectualsovereignty.ch\/wp-content\/uploads\/2021\/05\/IMG_3384-scaled.jpeg\" data-orig-size=\"2560,1920\" data-comments-opened=\"0\" data-image-title=\"IMG_3384\" data-image-description=\"\" data-image-caption=\"\" data-large-file=\"https:\/\/www.intellectualsovereignty.ch\/wp-content\/uploads\/2021\/05\/IMG_3384-1024x768.jpeg\" src=\"https:\/\/www.intellectualsovereignty.ch\/wp-content\/uploads\/2021\/05\/IMG_3384-1024x768.jpeg\" alt=\"\" data-id=\"2825\" data-full-url=\"https:\/\/www.intellectualsovereignty.ch\/wp-content\/uploads\/2021\/05\/IMG_3384-scaled.jpeg\" data-link=\"https:\/\/www.intellectualsovereignty.ch\/index.php\/2021\/05\/23\/hike-58-interlaken-thun\/img_3384\/\" class=\"wp-image-2825\" srcset=\"https:\/\/www.intellectualsovereignty.ch\/wp-content\/uploads\/2021\/05\/IMG_3384-1024x768.jpeg 1024w, https:\/\/www.intellectualsovereignty.ch\/wp-content\/uploads\/2021\/05\/IMG_3384-300x225.jpeg 300w, https:\/\/www.intellectualsovereignty.ch\/wp-content\/uploads\/2021\/05\/IMG_3384-768x576.jpeg 768w, https:\/\/www.intellectualsovereignty.ch\/wp-content\/uploads\/2021\/05\/IMG_3384-1536x1152.jpeg 1536w, https:\/\/www.intellectualsovereignty.ch\/wp-content\/uploads\/2021\/05\/IMG_3384-2048x1536.jpeg 2048w, https:\/\/www.intellectualsovereignty.ch\/wp-content\/uploads\/2021\/05\/IMG_3384-1870x1403.jpeg 1870w, https:\/\/www.intellectualsovereignty.ch\/wp-content\/uploads\/2021\/05\/IMG_3384-400x300.jpeg 400w, https:\/\/www.intellectualsovereignty.ch\/wp-content\/uploads\/2021\/05\/IMG_3384-800x600.jpeg 800w\" sizes=\"auto, (max-width: 1024px) 100vw, 1024px\" \/><\/figure><\/li><li class=\"blocks-gallery-item\"><figure><img loading=\"lazy\" decoding=\"async\" width=\"1024\" height=\"323\" data-attachment-id=\"2826\" data-permalink=\"https:\/\/www.intellectualsovereignty.ch\/index.php\/2021\/05\/24\/hike-58-interlaken-thun\/img_3385\/\" data-orig-file=\"https:\/\/www.intellectualsovereignty.ch\/wp-content\/uploads\/2021\/05\/IMG_3385-scaled.jpeg\" data-orig-size=\"2560,808\" data-comments-opened=\"0\" data-image-title=\"IMG_3385\" data-image-description=\"\" data-image-caption=\"\" data-large-file=\"https:\/\/www.intellectualsovereignty.ch\/wp-content\/uploads\/2021\/05\/IMG_3385-1024x323.jpeg\" src=\"https:\/\/www.intellectualsovereignty.ch\/wp-content\/uploads\/2021\/05\/IMG_3385-1024x323.jpeg\" alt=\"\" data-id=\"2826\" data-full-url=\"https:\/\/www.intellectualsovereignty.ch\/wp-content\/uploads\/2021\/05\/IMG_3385-scaled.jpeg\" data-link=\"https:\/\/www.intellectualsovereignty.ch\/index.php\/2021\/05\/23\/hike-58-interlaken-thun\/img_3385\/\" class=\"wp-image-2826\" srcset=\"https:\/\/www.intellectualsovereignty.ch\/wp-content\/uploads\/2021\/05\/IMG_3385-1024x323.jpeg 1024w, https:\/\/www.intellectualsovereignty.ch\/wp-content\/uploads\/2021\/05\/IMG_3385-300x95.jpeg 300w, https:\/\/www.intellectualsovereignty.ch\/wp-content\/uploads\/2021\/05\/IMG_3385-768x242.jpeg 768w, https:\/\/www.intellectualsovereignty.ch\/wp-content\/uploads\/2021\/05\/IMG_3385-1536x485.jpeg 1536w, https:\/\/www.intellectualsovereignty.ch\/wp-content\/uploads\/2021\/05\/IMG_3385-2048x646.jpeg 2048w, https:\/\/www.intellectualsovereignty.ch\/wp-content\/uploads\/2021\/05\/IMG_3385-1870x590.jpeg 1870w, https:\/\/www.intellectualsovereignty.ch\/wp-content\/uploads\/2021\/05\/IMG_3385-400x126.jpeg 400w, https:\/\/www.intellectualsovereignty.ch\/wp-content\/uploads\/2021\/05\/IMG_3385-800x252.jpeg 800w\" sizes=\"auto, (max-width: 1024px) 100vw, 1024px\" \/><\/figure><\/li><li class=\"blocks-gallery-item\"><figure><img loading=\"lazy\" decoding=\"async\" width=\"768\" height=\"1024\" data-attachment-id=\"2827\" data-permalink=\"https:\/\/www.intellectualsovereignty.ch\/index.php\/2021\/05\/24\/hike-58-interlaken-thun\/img_3386\/\" data-orig-file=\"https:\/\/www.intellectualsovereignty.ch\/wp-content\/uploads\/2021\/05\/IMG_3386-scaled.jpeg\" data-orig-size=\"1920,2560\" data-comments-opened=\"0\" data-image-title=\"IMG_3386\" data-image-description=\"\" data-image-caption=\"\" data-large-file=\"https:\/\/www.intellectualsovereignty.ch\/wp-content\/uploads\/2021\/05\/IMG_3386-768x1024.jpeg\" src=\"https:\/\/www.intellectualsovereignty.ch\/wp-content\/uploads\/2021\/05\/IMG_3386-768x1024.jpeg\" alt=\"\" data-id=\"2827\" data-full-url=\"https:\/\/www.intellectualsovereignty.ch\/wp-content\/uploads\/2021\/05\/IMG_3386-scaled.jpeg\" data-link=\"https:\/\/www.intellectualsovereignty.ch\/index.php\/2021\/05\/23\/hike-58-interlaken-thun\/img_3386\/\" class=\"wp-image-2827\" srcset=\"https:\/\/www.intellectualsovereignty.ch\/wp-content\/uploads\/2021\/05\/IMG_3386-768x1024.jpeg 768w, https:\/\/www.intellectualsovereignty.ch\/wp-content\/uploads\/2021\/05\/IMG_3386-225x300.jpeg 225w, https:\/\/www.intellectualsovereignty.ch\/wp-content\/uploads\/2021\/05\/IMG_3386-1152x1536.jpeg 1152w, https:\/\/www.intellectualsovereignty.ch\/wp-content\/uploads\/2021\/05\/IMG_3386-1536x2048.jpeg 1536w, https:\/\/www.intellectualsovereignty.ch\/wp-content\/uploads\/2021\/05\/IMG_3386-1870x2493.jpeg 1870w, https:\/\/www.intellectualsovereignty.ch\/wp-content\/uploads\/2021\/05\/IMG_3386-400x533.jpeg 400w, https:\/\/www.intellectualsovereignty.ch\/wp-content\/uploads\/2021\/05\/IMG_3386-800x1067.jpeg 800w, https:\/\/www.intellectualsovereignty.ch\/wp-content\/uploads\/2021\/05\/IMG_3386-scaled.jpeg 1920w\" sizes=\"auto, (max-width: 768px) 100vw, 768px\" \/><\/figure><\/li><li class=\"blocks-gallery-item\"><figure><img loading=\"lazy\" decoding=\"async\" width=\"768\" height=\"1024\" data-attachment-id=\"2828\" data-permalink=\"https:\/\/www.intellectualsovereignty.ch\/index.php\/2021\/05\/24\/hike-58-interlaken-thun\/img_3387\/\" data-orig-file=\"https:\/\/www.intellectualsovereignty.ch\/wp-content\/uploads\/2021\/05\/IMG_3387-scaled.jpeg\" data-orig-size=\"1920,2560\" data-comments-opened=\"0\" data-image-title=\"IMG_3387\" data-image-description=\"\" data-image-caption=\"\" data-large-file=\"https:\/\/www.intellectualsovereignty.ch\/wp-content\/uploads\/2021\/05\/IMG_3387-768x1024.jpeg\" src=\"https:\/\/www.intellectualsovereignty.ch\/wp-content\/uploads\/2021\/05\/IMG_3387-768x1024.jpeg\" alt=\"\" data-id=\"2828\" data-full-url=\"https:\/\/www.intellectualsovereignty.ch\/wp-content\/uploads\/2021\/05\/IMG_3387-scaled.jpeg\" data-link=\"https:\/\/www.intellectualsovereignty.ch\/index.php\/2021\/05\/23\/hike-58-interlaken-thun\/img_3387\/\" class=\"wp-image-2828\" srcset=\"https:\/\/www.intellectualsovereignty.ch\/wp-content\/uploads\/2021\/05\/IMG_3387-768x1024.jpeg 768w, https:\/\/www.intellectualsovereignty.ch\/wp-content\/uploads\/2021\/05\/IMG_3387-225x300.jpeg 225w, https:\/\/www.intellectualsovereignty.ch\/wp-content\/uploads\/2021\/05\/IMG_3387-1152x1536.jpeg 1152w, https:\/\/www.intellectualsovereignty.ch\/wp-content\/uploads\/2021\/05\/IMG_3387-1536x2048.jpeg 1536w, https:\/\/www.intellectualsovereignty.ch\/wp-content\/uploads\/2021\/05\/IMG_3387-1870x2493.jpeg 1870w, https:\/\/www.intellectualsovereignty.ch\/wp-content\/uploads\/2021\/05\/IMG_3387-400x533.jpeg 400w, https:\/\/www.intellectualsovereignty.ch\/wp-content\/uploads\/2021\/05\/IMG_3387-800x1067.jpeg 800w, https:\/\/www.intellectualsovereignty.ch\/wp-content\/uploads\/2021\/05\/IMG_3387-scaled.jpeg 1920w\" sizes=\"auto, (max-width: 768px) 100vw, 768px\" \/><\/figure><\/li><li class=\"blocks-gallery-item\"><figure><img loading=\"lazy\" decoding=\"async\" width=\"1024\" height=\"768\" data-attachment-id=\"2829\" data-permalink=\"https:\/\/www.intellectualsovereignty.ch\/index.php\/2021\/05\/24\/hike-58-interlaken-thun\/img_3388\/\" data-orig-file=\"https:\/\/www.intellectualsovereignty.ch\/wp-content\/uploads\/2021\/05\/IMG_3388-scaled.jpeg\" data-orig-size=\"2560,1920\" data-comments-opened=\"0\" data-image-title=\"IMG_3388\" data-image-description=\"\" data-image-caption=\"\" data-large-file=\"https:\/\/www.intellectualsovereignty.ch\/wp-content\/uploads\/2021\/05\/IMG_3388-1024x768.jpeg\" src=\"https:\/\/www.intellectualsovereignty.ch\/wp-content\/uploads\/2021\/05\/IMG_3388-1024x768.jpeg\" alt=\"\" data-id=\"2829\" data-full-url=\"https:\/\/www.intellectualsovereignty.ch\/wp-content\/uploads\/2021\/05\/IMG_3388-scaled.jpeg\" data-link=\"https:\/\/www.intellectualsovereignty.ch\/index.php\/2021\/05\/23\/hike-58-interlaken-thun\/img_3388\/\" class=\"wp-image-2829\" srcset=\"https:\/\/www.intellectualsovereignty.ch\/wp-content\/uploads\/2021\/05\/IMG_3388-1024x768.jpeg 1024w, https:\/\/www.intellectualsovereignty.ch\/wp-content\/uploads\/2021\/05\/IMG_3388-300x225.jpeg 300w, https:\/\/www.intellectualsovereignty.ch\/wp-content\/uploads\/2021\/05\/IMG_3388-768x576.jpeg 768w, https:\/\/www.intellectualsovereignty.ch\/wp-content\/uploads\/2021\/05\/IMG_3388-1536x1152.jpeg 1536w, https:\/\/www.intellectualsovereignty.ch\/wp-content\/uploads\/2021\/05\/IMG_3388-2048x1536.jpeg 2048w, https:\/\/www.intellectualsovereignty.ch\/wp-content\/uploads\/2021\/05\/IMG_3388-1870x1403.jpeg 1870w, https:\/\/www.intellectualsovereignty.ch\/wp-content\/uploads\/2021\/05\/IMG_3388-400x300.jpeg 400w, https:\/\/www.intellectualsovereignty.ch\/wp-content\/uploads\/2021\/05\/IMG_3388-800x600.jpeg 800w\" sizes=\"auto, (max-width: 1024px) 100vw, 1024px\" \/><\/figure><\/li><li class=\"blocks-gallery-item\"><figure><img loading=\"lazy\" decoding=\"async\" width=\"1024\" height=\"768\" data-attachment-id=\"2830\" data-permalink=\"https:\/\/www.intellectualsovereignty.ch\/index.php\/2021\/05\/24\/hike-58-interlaken-thun\/img_3389\/\" data-orig-file=\"https:\/\/www.intellectualsovereignty.ch\/wp-content\/uploads\/2021\/05\/IMG_3389-scaled.jpeg\" data-orig-size=\"2560,1920\" data-comments-opened=\"0\" data-image-title=\"IMG_3389\" data-image-description=\"\" data-image-caption=\"\" data-large-file=\"https:\/\/www.intellectualsovereignty.ch\/wp-content\/uploads\/2021\/05\/IMG_3389-1024x768.jpeg\" src=\"https:\/\/www.intellectualsovereignty.ch\/wp-content\/uploads\/2021\/05\/IMG_3389-1024x768.jpeg\" alt=\"\" data-id=\"2830\" data-full-url=\"https:\/\/www.intellectualsovereignty.ch\/wp-content\/uploads\/2021\/05\/IMG_3389-scaled.jpeg\" data-link=\"https:\/\/www.intellectualsovereignty.ch\/index.php\/2021\/05\/23\/hike-58-interlaken-thun\/img_3389\/\" class=\"wp-image-2830\" srcset=\"https:\/\/www.intellectualsovereignty.ch\/wp-content\/uploads\/2021\/05\/IMG_3389-1024x768.jpeg 1024w, https:\/\/www.intellectualsovereignty.ch\/wp-content\/uploads\/2021\/05\/IMG_3389-300x225.jpeg 300w, https:\/\/www.intellectualsovereignty.ch\/wp-content\/uploads\/2021\/05\/IMG_3389-768x576.jpeg 768w, https:\/\/www.intellectualsovereignty.ch\/wp-content\/uploads\/2021\/05\/IMG_3389-1536x1152.jpeg 1536w, https:\/\/www.intellectualsovereignty.ch\/wp-content\/uploads\/2021\/05\/IMG_3389-2048x1536.jpeg 2048w, https:\/\/www.intellectualsovereignty.ch\/wp-content\/uploads\/2021\/05\/IMG_3389-1870x1403.jpeg 1870w, https:\/\/www.intellectualsovereignty.ch\/wp-content\/uploads\/2021\/05\/IMG_3389-400x300.jpeg 400w, https:\/\/www.intellectualsovereignty.ch\/wp-content\/uploads\/2021\/05\/IMG_3389-800x600.jpeg 800w\" sizes=\"auto, (max-width: 1024px) 100vw, 1024px\" \/><\/figure><\/li><li class=\"blocks-gallery-item\"><figure><img loading=\"lazy\" decoding=\"async\" width=\"1024\" height=\"768\" data-attachment-id=\"2831\" data-permalink=\"https:\/\/www.intellectualsovereignty.ch\/index.php\/2021\/05\/24\/hike-58-interlaken-thun\/img_3390\/\" data-orig-file=\"https:\/\/www.intellectualsovereignty.ch\/wp-content\/uploads\/2021\/05\/IMG_3390-scaled.jpeg\" data-orig-size=\"2560,1920\" data-comments-opened=\"0\" data-image-title=\"IMG_3390\" data-image-description=\"\" data-image-caption=\"\" data-large-file=\"https:\/\/www.intellectualsovereignty.ch\/wp-content\/uploads\/2021\/05\/IMG_3390-1024x768.jpeg\" src=\"https:\/\/www.intellectualsovereignty.ch\/wp-content\/uploads\/2021\/05\/IMG_3390-1024x768.jpeg\" alt=\"\" data-id=\"2831\" data-full-url=\"https:\/\/www.intellectualsovereignty.ch\/wp-content\/uploads\/2021\/05\/IMG_3390-scaled.jpeg\" data-link=\"https:\/\/www.intellectualsovereignty.ch\/index.php\/2021\/05\/23\/hike-58-interlaken-thun\/img_3390\/\" class=\"wp-image-2831\" srcset=\"https:\/\/www.intellectualsovereignty.ch\/wp-content\/uploads\/2021\/05\/IMG_3390-1024x768.jpeg 1024w, https:\/\/www.intellectualsovereignty.ch\/wp-content\/uploads\/2021\/05\/IMG_3390-300x225.jpeg 300w, https:\/\/www.intellectualsovereignty.ch\/wp-content\/uploads\/2021\/05\/IMG_3390-768x576.jpeg 768w, https:\/\/www.intellectualsovereignty.ch\/wp-content\/uploads\/2021\/05\/IMG_3390-1536x1152.jpeg 1536w, https:\/\/www.intellectualsovereignty.ch\/wp-content\/uploads\/2021\/05\/IMG_3390-2048x1536.jpeg 2048w, https:\/\/www.intellectualsovereignty.ch\/wp-content\/uploads\/2021\/05\/IMG_3390-1870x1403.jpeg 1870w, https:\/\/www.intellectualsovereignty.ch\/wp-content\/uploads\/2021\/05\/IMG_3390-400x300.jpeg 400w, https:\/\/www.intellectualsovereignty.ch\/wp-content\/uploads\/2021\/05\/IMG_3390-800x600.jpeg 800w\" sizes=\"auto, (max-width: 1024px) 100vw, 1024px\" \/><\/figure><\/li><\/ul><\/figure>\n\n\n\n<p class=\"wp-block-paragraph\">Beim Str\u00e4ttlisteg \u00fcberquere ich die rauschende Kander und steige hoch zur &#8211; leider nicht begehbaren Str\u00e4ttligburg. Der Burgunderweg auf dem Grat mit seinen m\u00e4chtigen B\u00e4umen ist das Highlight f\u00fcr mich, der Blick auf den m\u00e4chtigen Niesen und das Stockhorn wenngleich wolkenverhangen eindr\u00fccklich. Es geht auch ohne Sch\u00f6nwetter-Postkartenidyll!<\/p>\n\n\n\n<figure class=\"wp-block-gallery columns-3 is-cropped wp-block-gallery-5 is-layout-flex wp-block-gallery-is-layout-flex\"><ul class=\"blocks-gallery-grid\"><li class=\"blocks-gallery-item\"><figure><img loading=\"lazy\" decoding=\"async\" width=\"1024\" height=\"768\" data-attachment-id=\"2832\" data-permalink=\"https:\/\/www.intellectualsovereignty.ch\/index.php\/2021\/05\/24\/hike-58-interlaken-thun\/img_3391\/\" data-orig-file=\"https:\/\/www.intellectualsovereignty.ch\/wp-content\/uploads\/2021\/05\/IMG_3391-scaled.jpeg\" data-orig-size=\"2560,1920\" data-comments-opened=\"0\" data-image-title=\"IMG_3391\" data-image-description=\"\" data-image-caption=\"\" data-large-file=\"https:\/\/www.intellectualsovereignty.ch\/wp-content\/uploads\/2021\/05\/IMG_3391-1024x768.jpeg\" src=\"https:\/\/www.intellectualsovereignty.ch\/wp-content\/uploads\/2021\/05\/IMG_3391-1024x768.jpeg\" alt=\"\" data-id=\"2832\" data-full-url=\"https:\/\/www.intellectualsovereignty.ch\/wp-content\/uploads\/2021\/05\/IMG_3391-scaled.jpeg\" data-link=\"https:\/\/www.intellectualsovereignty.ch\/index.php\/2021\/05\/23\/hike-58-interlaken-thun\/img_3391\/\" class=\"wp-image-2832\" srcset=\"https:\/\/www.intellectualsovereignty.ch\/wp-content\/uploads\/2021\/05\/IMG_3391-1024x768.jpeg 1024w, https:\/\/www.intellectualsovereignty.ch\/wp-content\/uploads\/2021\/05\/IMG_3391-300x225.jpeg 300w, https:\/\/www.intellectualsovereignty.ch\/wp-content\/uploads\/2021\/05\/IMG_3391-768x576.jpeg 768w, https:\/\/www.intellectualsovereignty.ch\/wp-content\/uploads\/2021\/05\/IMG_3391-1536x1152.jpeg 1536w, https:\/\/www.intellectualsovereignty.ch\/wp-content\/uploads\/2021\/05\/IMG_3391-2048x1536.jpeg 2048w, https:\/\/www.intellectualsovereignty.ch\/wp-content\/uploads\/2021\/05\/IMG_3391-1870x1403.jpeg 1870w, https:\/\/www.intellectualsovereignty.ch\/wp-content\/uploads\/2021\/05\/IMG_3391-400x300.jpeg 400w, https:\/\/www.intellectualsovereignty.ch\/wp-content\/uploads\/2021\/05\/IMG_3391-800x600.jpeg 800w\" sizes=\"auto, (max-width: 1024px) 100vw, 1024px\" \/><\/figure><\/li><li class=\"blocks-gallery-item\"><figure><img loading=\"lazy\" decoding=\"async\" width=\"768\" height=\"1024\" data-attachment-id=\"2833\" data-permalink=\"https:\/\/www.intellectualsovereignty.ch\/index.php\/2021\/05\/24\/hike-58-interlaken-thun\/img_3392\/\" data-orig-file=\"https:\/\/www.intellectualsovereignty.ch\/wp-content\/uploads\/2021\/05\/IMG_3392-scaled.jpeg\" data-orig-size=\"1920,2560\" data-comments-opened=\"0\" data-image-title=\"IMG_3392\" data-image-description=\"\" data-image-caption=\"\" data-large-file=\"https:\/\/www.intellectualsovereignty.ch\/wp-content\/uploads\/2021\/05\/IMG_3392-768x1024.jpeg\" src=\"https:\/\/www.intellectualsovereignty.ch\/wp-content\/uploads\/2021\/05\/IMG_3392-768x1024.jpeg\" alt=\"\" data-id=\"2833\" data-full-url=\"https:\/\/www.intellectualsovereignty.ch\/wp-content\/uploads\/2021\/05\/IMG_3392-scaled.jpeg\" data-link=\"https:\/\/www.intellectualsovereignty.ch\/index.php\/2021\/05\/23\/hike-58-interlaken-thun\/img_3392\/\" class=\"wp-image-2833\" srcset=\"https:\/\/www.intellectualsovereignty.ch\/wp-content\/uploads\/2021\/05\/IMG_3392-768x1024.jpeg 768w, https:\/\/www.intellectualsovereignty.ch\/wp-content\/uploads\/2021\/05\/IMG_3392-225x300.jpeg 225w, https:\/\/www.intellectualsovereignty.ch\/wp-content\/uploads\/2021\/05\/IMG_3392-1152x1536.jpeg 1152w, https:\/\/www.intellectualsovereignty.ch\/wp-content\/uploads\/2021\/05\/IMG_3392-1536x2048.jpeg 1536w, https:\/\/www.intellectualsovereignty.ch\/wp-content\/uploads\/2021\/05\/IMG_3392-1870x2493.jpeg 1870w, https:\/\/www.intellectualsovereignty.ch\/wp-content\/uploads\/2021\/05\/IMG_3392-400x533.jpeg 400w, https:\/\/www.intellectualsovereignty.ch\/wp-content\/uploads\/2021\/05\/IMG_3392-800x1067.jpeg 800w, https:\/\/www.intellectualsovereignty.ch\/wp-content\/uploads\/2021\/05\/IMG_3392-scaled.jpeg 1920w\" sizes=\"auto, (max-width: 768px) 100vw, 768px\" \/><\/figure><\/li><li class=\"blocks-gallery-item\"><figure><img loading=\"lazy\" decoding=\"async\" width=\"768\" height=\"1024\" data-attachment-id=\"2834\" data-permalink=\"https:\/\/www.intellectualsovereignty.ch\/index.php\/2021\/05\/24\/hike-58-interlaken-thun\/img_3393\/\" data-orig-file=\"https:\/\/www.intellectualsovereignty.ch\/wp-content\/uploads\/2021\/05\/IMG_3393-scaled.jpeg\" data-orig-size=\"1920,2560\" data-comments-opened=\"0\" data-image-title=\"IMG_3393\" data-image-description=\"\" data-image-caption=\"\" data-large-file=\"https:\/\/www.intellectualsovereignty.ch\/wp-content\/uploads\/2021\/05\/IMG_3393-768x1024.jpeg\" src=\"https:\/\/www.intellectualsovereignty.ch\/wp-content\/uploads\/2021\/05\/IMG_3393-768x1024.jpeg\" alt=\"\" data-id=\"2834\" data-full-url=\"https:\/\/www.intellectualsovereignty.ch\/wp-content\/uploads\/2021\/05\/IMG_3393-scaled.jpeg\" data-link=\"https:\/\/www.intellectualsovereignty.ch\/index.php\/2021\/05\/23\/hike-58-interlaken-thun\/img_3393\/\" class=\"wp-image-2834\" srcset=\"https:\/\/www.intellectualsovereignty.ch\/wp-content\/uploads\/2021\/05\/IMG_3393-768x1024.jpeg 768w, https:\/\/www.intellectualsovereignty.ch\/wp-content\/uploads\/2021\/05\/IMG_3393-225x300.jpeg 225w, https:\/\/www.intellectualsovereignty.ch\/wp-content\/uploads\/2021\/05\/IMG_3393-1152x1536.jpeg 1152w, https:\/\/www.intellectualsovereignty.ch\/wp-content\/uploads\/2021\/05\/IMG_3393-1536x2048.jpeg 1536w, https:\/\/www.intellectualsovereignty.ch\/wp-content\/uploads\/2021\/05\/IMG_3393-1870x2493.jpeg 1870w, https:\/\/www.intellectualsovereignty.ch\/wp-content\/uploads\/2021\/05\/IMG_3393-400x533.jpeg 400w, https:\/\/www.intellectualsovereignty.ch\/wp-content\/uploads\/2021\/05\/IMG_3393-800x1067.jpeg 800w, https:\/\/www.intellectualsovereignty.ch\/wp-content\/uploads\/2021\/05\/IMG_3393-scaled.jpeg 1920w\" sizes=\"auto, (max-width: 768px) 100vw, 768px\" \/><\/figure><\/li><li class=\"blocks-gallery-item\"><figure><img loading=\"lazy\" decoding=\"async\" width=\"1024\" height=\"768\" data-attachment-id=\"2835\" data-permalink=\"https:\/\/www.intellectualsovereignty.ch\/index.php\/2021\/05\/24\/hike-58-interlaken-thun\/img_3394\/\" data-orig-file=\"https:\/\/www.intellectualsovereignty.ch\/wp-content\/uploads\/2021\/05\/IMG_3394-scaled.jpeg\" data-orig-size=\"2560,1920\" data-comments-opened=\"0\" data-image-title=\"IMG_3394\" data-image-description=\"\" data-image-caption=\"\" data-large-file=\"https:\/\/www.intellectualsovereignty.ch\/wp-content\/uploads\/2021\/05\/IMG_3394-1024x768.jpeg\" src=\"https:\/\/www.intellectualsovereignty.ch\/wp-content\/uploads\/2021\/05\/IMG_3394-1024x768.jpeg\" alt=\"\" data-id=\"2835\" data-full-url=\"https:\/\/www.intellectualsovereignty.ch\/wp-content\/uploads\/2021\/05\/IMG_3394-scaled.jpeg\" data-link=\"https:\/\/www.intellectualsovereignty.ch\/index.php\/2021\/05\/23\/hike-58-interlaken-thun\/img_3394\/\" class=\"wp-image-2835\" srcset=\"https:\/\/www.intellectualsovereignty.ch\/wp-content\/uploads\/2021\/05\/IMG_3394-1024x768.jpeg 1024w, https:\/\/www.intellectualsovereignty.ch\/wp-content\/uploads\/2021\/05\/IMG_3394-300x225.jpeg 300w, https:\/\/www.intellectualsovereignty.ch\/wp-content\/uploads\/2021\/05\/IMG_3394-768x576.jpeg 768w, https:\/\/www.intellectualsovereignty.ch\/wp-content\/uploads\/2021\/05\/IMG_3394-1536x1152.jpeg 1536w, https:\/\/www.intellectualsovereignty.ch\/wp-content\/uploads\/2021\/05\/IMG_3394-2048x1536.jpeg 2048w, https:\/\/www.intellectualsovereignty.ch\/wp-content\/uploads\/2021\/05\/IMG_3394-1870x1403.jpeg 1870w, https:\/\/www.intellectualsovereignty.ch\/wp-content\/uploads\/2021\/05\/IMG_3394-400x300.jpeg 400w, https:\/\/www.intellectualsovereignty.ch\/wp-content\/uploads\/2021\/05\/IMG_3394-800x600.jpeg 800w\" sizes=\"auto, (max-width: 1024px) 100vw, 1024px\" \/><\/figure><\/li><li class=\"blocks-gallery-item\"><figure><img loading=\"lazy\" decoding=\"async\" width=\"1024\" height=\"768\" data-attachment-id=\"2836\" data-permalink=\"https:\/\/www.intellectualsovereignty.ch\/index.php\/2021\/05\/24\/hike-58-interlaken-thun\/img_3395\/\" data-orig-file=\"https:\/\/www.intellectualsovereignty.ch\/wp-content\/uploads\/2021\/05\/IMG_3395-scaled.jpeg\" data-orig-size=\"2560,1920\" data-comments-opened=\"0\" data-image-title=\"IMG_3395\" data-image-description=\"\" data-image-caption=\"\" data-large-file=\"https:\/\/www.intellectualsovereignty.ch\/wp-content\/uploads\/2021\/05\/IMG_3395-1024x768.jpeg\" src=\"https:\/\/www.intellectualsovereignty.ch\/wp-content\/uploads\/2021\/05\/IMG_3395-1024x768.jpeg\" alt=\"\" data-id=\"2836\" data-full-url=\"https:\/\/www.intellectualsovereignty.ch\/wp-content\/uploads\/2021\/05\/IMG_3395-scaled.jpeg\" data-link=\"https:\/\/www.intellectualsovereignty.ch\/index.php\/2021\/05\/23\/hike-58-interlaken-thun\/img_3395\/\" class=\"wp-image-2836\" srcset=\"https:\/\/www.intellectualsovereignty.ch\/wp-content\/uploads\/2021\/05\/IMG_3395-1024x768.jpeg 1024w, https:\/\/www.intellectualsovereignty.ch\/wp-content\/uploads\/2021\/05\/IMG_3395-300x225.jpeg 300w, https:\/\/www.intellectualsovereignty.ch\/wp-content\/uploads\/2021\/05\/IMG_3395-768x576.jpeg 768w, https:\/\/www.intellectualsovereignty.ch\/wp-content\/uploads\/2021\/05\/IMG_3395-1536x1152.jpeg 1536w, https:\/\/www.intellectualsovereignty.ch\/wp-content\/uploads\/2021\/05\/IMG_3395-2048x1536.jpeg 2048w, https:\/\/www.intellectualsovereignty.ch\/wp-content\/uploads\/2021\/05\/IMG_3395-1870x1403.jpeg 1870w, https:\/\/www.intellectualsovereignty.ch\/wp-content\/uploads\/2021\/05\/IMG_3395-400x300.jpeg 400w, https:\/\/www.intellectualsovereignty.ch\/wp-content\/uploads\/2021\/05\/IMG_3395-800x600.jpeg 800w\" sizes=\"auto, (max-width: 1024px) 100vw, 1024px\" \/><\/figure><\/li><li class=\"blocks-gallery-item\"><figure><img loading=\"lazy\" decoding=\"async\" width=\"768\" height=\"1024\" data-attachment-id=\"2837\" data-permalink=\"https:\/\/www.intellectualsovereignty.ch\/index.php\/2021\/05\/24\/hike-58-interlaken-thun\/img_3396\/\" data-orig-file=\"https:\/\/www.intellectualsovereignty.ch\/wp-content\/uploads\/2021\/05\/IMG_3396-scaled.jpeg\" data-orig-size=\"1920,2560\" data-comments-opened=\"0\" data-image-title=\"IMG_3396\" data-image-description=\"\" data-image-caption=\"\" data-large-file=\"https:\/\/www.intellectualsovereignty.ch\/wp-content\/uploads\/2021\/05\/IMG_3396-768x1024.jpeg\" src=\"https:\/\/www.intellectualsovereignty.ch\/wp-content\/uploads\/2021\/05\/IMG_3396-768x1024.jpeg\" alt=\"\" data-id=\"2837\" data-full-url=\"https:\/\/www.intellectualsovereignty.ch\/wp-content\/uploads\/2021\/05\/IMG_3396-scaled.jpeg\" data-link=\"https:\/\/www.intellectualsovereignty.ch\/index.php\/2021\/05\/23\/hike-58-interlaken-thun\/img_3396\/\" class=\"wp-image-2837\" srcset=\"https:\/\/www.intellectualsovereignty.ch\/wp-content\/uploads\/2021\/05\/IMG_3396-768x1024.jpeg 768w, https:\/\/www.intellectualsovereignty.ch\/wp-content\/uploads\/2021\/05\/IMG_3396-225x300.jpeg 225w, https:\/\/www.intellectualsovereignty.ch\/wp-content\/uploads\/2021\/05\/IMG_3396-1152x1536.jpeg 1152w, https:\/\/www.intellectualsovereignty.ch\/wp-content\/uploads\/2021\/05\/IMG_3396-1536x2048.jpeg 1536w, https:\/\/www.intellectualsovereignty.ch\/wp-content\/uploads\/2021\/05\/IMG_3396-1870x2493.jpeg 1870w, https:\/\/www.intellectualsovereignty.ch\/wp-content\/uploads\/2021\/05\/IMG_3396-400x533.jpeg 400w, https:\/\/www.intellectualsovereignty.ch\/wp-content\/uploads\/2021\/05\/IMG_3396-800x1067.jpeg 800w, https:\/\/www.intellectualsovereignty.ch\/wp-content\/uploads\/2021\/05\/IMG_3396-scaled.jpeg 1920w\" sizes=\"auto, (max-width: 768px) 100vw, 768px\" \/><\/figure><\/li><li class=\"blocks-gallery-item\"><figure><img loading=\"lazy\" decoding=\"async\" width=\"1024\" height=\"768\" data-attachment-id=\"2838\" data-permalink=\"https:\/\/www.intellectualsovereignty.ch\/index.php\/2021\/05\/24\/hike-58-interlaken-thun\/img_3397\/\" data-orig-file=\"https:\/\/www.intellectualsovereignty.ch\/wp-content\/uploads\/2021\/05\/IMG_3397-scaled.jpeg\" data-orig-size=\"2560,1920\" data-comments-opened=\"0\" data-image-title=\"IMG_3397\" data-image-description=\"\" data-image-caption=\"\" data-large-file=\"https:\/\/www.intellectualsovereignty.ch\/wp-content\/uploads\/2021\/05\/IMG_3397-1024x768.jpeg\" src=\"https:\/\/www.intellectualsovereignty.ch\/wp-content\/uploads\/2021\/05\/IMG_3397-1024x768.jpeg\" alt=\"\" data-id=\"2838\" data-full-url=\"https:\/\/www.intellectualsovereignty.ch\/wp-content\/uploads\/2021\/05\/IMG_3397-scaled.jpeg\" data-link=\"https:\/\/www.intellectualsovereignty.ch\/index.php\/2021\/05\/23\/hike-58-interlaken-thun\/img_3397\/\" class=\"wp-image-2838\" srcset=\"https:\/\/www.intellectualsovereignty.ch\/wp-content\/uploads\/2021\/05\/IMG_3397-1024x768.jpeg 1024w, https:\/\/www.intellectualsovereignty.ch\/wp-content\/uploads\/2021\/05\/IMG_3397-300x225.jpeg 300w, https:\/\/www.intellectualsovereignty.ch\/wp-content\/uploads\/2021\/05\/IMG_3397-768x576.jpeg 768w, https:\/\/www.intellectualsovereignty.ch\/wp-content\/uploads\/2021\/05\/IMG_3397-1536x1152.jpeg 1536w, https:\/\/www.intellectualsovereignty.ch\/wp-content\/uploads\/2021\/05\/IMG_3397-2048x1536.jpeg 2048w, https:\/\/www.intellectualsovereignty.ch\/wp-content\/uploads\/2021\/05\/IMG_3397-1870x1403.jpeg 1870w, https:\/\/www.intellectualsovereignty.ch\/wp-content\/uploads\/2021\/05\/IMG_3397-400x300.jpeg 400w, https:\/\/www.intellectualsovereignty.ch\/wp-content\/uploads\/2021\/05\/IMG_3397-800x600.jpeg 800w\" sizes=\"auto, (max-width: 1024px) 100vw, 1024px\" \/><\/figure><\/li><li class=\"blocks-gallery-item\"><figure><img loading=\"lazy\" decoding=\"async\" width=\"1024\" height=\"768\" data-attachment-id=\"2839\" data-permalink=\"https:\/\/www.intellectualsovereignty.ch\/index.php\/2021\/05\/24\/hike-58-interlaken-thun\/img_3398\/\" data-orig-file=\"https:\/\/www.intellectualsovereignty.ch\/wp-content\/uploads\/2021\/05\/IMG_3398-scaled.jpeg\" data-orig-size=\"2560,1920\" data-comments-opened=\"0\" data-image-title=\"IMG_3398\" data-image-description=\"\" data-image-caption=\"\" data-large-file=\"https:\/\/www.intellectualsovereignty.ch\/wp-content\/uploads\/2021\/05\/IMG_3398-1024x768.jpeg\" src=\"https:\/\/www.intellectualsovereignty.ch\/wp-content\/uploads\/2021\/05\/IMG_3398-1024x768.jpeg\" alt=\"\" data-id=\"2839\" data-full-url=\"https:\/\/www.intellectualsovereignty.ch\/wp-content\/uploads\/2021\/05\/IMG_3398-scaled.jpeg\" data-link=\"https:\/\/www.intellectualsovereignty.ch\/index.php\/2021\/05\/23\/hike-58-interlaken-thun\/img_3398\/\" class=\"wp-image-2839\" srcset=\"https:\/\/www.intellectualsovereignty.ch\/wp-content\/uploads\/2021\/05\/IMG_3398-1024x768.jpeg 1024w, https:\/\/www.intellectualsovereignty.ch\/wp-content\/uploads\/2021\/05\/IMG_3398-300x225.jpeg 300w, https:\/\/www.intellectualsovereignty.ch\/wp-content\/uploads\/2021\/05\/IMG_3398-768x576.jpeg 768w, https:\/\/www.intellectualsovereignty.ch\/wp-content\/uploads\/2021\/05\/IMG_3398-1536x1152.jpeg 1536w, https:\/\/www.intellectualsovereignty.ch\/wp-content\/uploads\/2021\/05\/IMG_3398-2048x1536.jpeg 2048w, https:\/\/www.intellectualsovereignty.ch\/wp-content\/uploads\/2021\/05\/IMG_3398-1870x1403.jpeg 1870w, https:\/\/www.intellectualsovereignty.ch\/wp-content\/uploads\/2021\/05\/IMG_3398-400x300.jpeg 400w, https:\/\/www.intellectualsovereignty.ch\/wp-content\/uploads\/2021\/05\/IMG_3398-800x600.jpeg 800w\" sizes=\"auto, (max-width: 1024px) 100vw, 1024px\" \/><\/figure><\/li><li class=\"blocks-gallery-item\"><figure><img loading=\"lazy\" decoding=\"async\" width=\"768\" height=\"1024\" data-attachment-id=\"2840\" data-permalink=\"https:\/\/www.intellectualsovereignty.ch\/index.php\/2021\/05\/24\/hike-58-interlaken-thun\/img_3399\/\" data-orig-file=\"https:\/\/www.intellectualsovereignty.ch\/wp-content\/uploads\/2021\/05\/IMG_3399-scaled.jpeg\" data-orig-size=\"1920,2560\" data-comments-opened=\"0\" data-image-title=\"IMG_3399\" data-image-description=\"\" data-image-caption=\"\" data-large-file=\"https:\/\/www.intellectualsovereignty.ch\/wp-content\/uploads\/2021\/05\/IMG_3399-768x1024.jpeg\" src=\"https:\/\/www.intellectualsovereignty.ch\/wp-content\/uploads\/2021\/05\/IMG_3399-768x1024.jpeg\" alt=\"\" data-id=\"2840\" data-full-url=\"https:\/\/www.intellectualsovereignty.ch\/wp-content\/uploads\/2021\/05\/IMG_3399-scaled.jpeg\" data-link=\"https:\/\/www.intellectualsovereignty.ch\/index.php\/2021\/05\/23\/hike-58-interlaken-thun\/img_3399\/\" class=\"wp-image-2840\" srcset=\"https:\/\/www.intellectualsovereignty.ch\/wp-content\/uploads\/2021\/05\/IMG_3399-768x1024.jpeg 768w, https:\/\/www.intellectualsovereignty.ch\/wp-content\/uploads\/2021\/05\/IMG_3399-225x300.jpeg 225w, https:\/\/www.intellectualsovereignty.ch\/wp-content\/uploads\/2021\/05\/IMG_3399-1152x1536.jpeg 1152w, https:\/\/www.intellectualsovereignty.ch\/wp-content\/uploads\/2021\/05\/IMG_3399-1536x2048.jpeg 1536w, https:\/\/www.intellectualsovereignty.ch\/wp-content\/uploads\/2021\/05\/IMG_3399-1870x2493.jpeg 1870w, https:\/\/www.intellectualsovereignty.ch\/wp-content\/uploads\/2021\/05\/IMG_3399-400x533.jpeg 400w, https:\/\/www.intellectualsovereignty.ch\/wp-content\/uploads\/2021\/05\/IMG_3399-800x1067.jpeg 800w, https:\/\/www.intellectualsovereignty.ch\/wp-content\/uploads\/2021\/05\/IMG_3399-scaled.jpeg 1920w\" sizes=\"auto, (max-width: 768px) 100vw, 768px\" \/><\/figure><\/li><li class=\"blocks-gallery-item\"><figure><img loading=\"lazy\" decoding=\"async\" width=\"1024\" height=\"414\" data-attachment-id=\"2841\" data-permalink=\"https:\/\/www.intellectualsovereignty.ch\/index.php\/2021\/05\/24\/hike-58-interlaken-thun\/img_3400\/\" data-orig-file=\"https:\/\/www.intellectualsovereignty.ch\/wp-content\/uploads\/2021\/05\/IMG_3400-scaled.jpeg\" data-orig-size=\"2560,1036\" data-comments-opened=\"0\" data-image-title=\"IMG_3400\" data-image-description=\"\" data-image-caption=\"\" data-large-file=\"https:\/\/www.intellectualsovereignty.ch\/wp-content\/uploads\/2021\/05\/IMG_3400-1024x414.jpeg\" src=\"https:\/\/www.intellectualsovereignty.ch\/wp-content\/uploads\/2021\/05\/IMG_3400-1024x414.jpeg\" alt=\"\" data-id=\"2841\" data-full-url=\"https:\/\/www.intellectualsovereignty.ch\/wp-content\/uploads\/2021\/05\/IMG_3400-scaled.jpeg\" data-link=\"https:\/\/www.intellectualsovereignty.ch\/index.php\/2021\/05\/23\/hike-58-interlaken-thun\/img_3400\/\" class=\"wp-image-2841\" srcset=\"https:\/\/www.intellectualsovereignty.ch\/wp-content\/uploads\/2021\/05\/IMG_3400-1024x414.jpeg 1024w, https:\/\/www.intellectualsovereignty.ch\/wp-content\/uploads\/2021\/05\/IMG_3400-300x121.jpeg 300w, https:\/\/www.intellectualsovereignty.ch\/wp-content\/uploads\/2021\/05\/IMG_3400-768x311.jpeg 768w, https:\/\/www.intellectualsovereignty.ch\/wp-content\/uploads\/2021\/05\/IMG_3400-1536x621.jpeg 1536w, https:\/\/www.intellectualsovereignty.ch\/wp-content\/uploads\/2021\/05\/IMG_3400-2048x829.jpeg 2048w, https:\/\/www.intellectualsovereignty.ch\/wp-content\/uploads\/2021\/05\/IMG_3400-1870x757.jpeg 1870w, https:\/\/www.intellectualsovereignty.ch\/wp-content\/uploads\/2021\/05\/IMG_3400-400x162.jpeg 400w, https:\/\/www.intellectualsovereignty.ch\/wp-content\/uploads\/2021\/05\/IMG_3400-800x324.jpeg 800w\" sizes=\"auto, (max-width: 1024px) 100vw, 1024px\" \/><\/figure><\/li><\/ul><\/figure>\n\n\n\n<p class=\"wp-block-paragraph\">Nun beginnt der letzte Abschnitt dem See entlang. Ich staune \u00fcber die mutige Wegf\u00fchrung vor allen seeanst\u00f6ssigen Villen durch, das nenne ich eine saubere Umsetzung eines begehbaren Seeufers, richtig so! Zum Schluss noch husch durch den Schadaupark (man beachte das Feld an Waldfarnen, wunderbar!), ein Ovomaltine am Bahnhofskiosk geschnappt, und schon bin ich auf dem Zug in Richtung Bern.<\/p>\n\n\n\n<figure class=\"wp-block-gallery columns-3 is-cropped wp-block-gallery-6 is-layout-flex wp-block-gallery-is-layout-flex\"><ul class=\"blocks-gallery-grid\"><li class=\"blocks-gallery-item\"><figure><img loading=\"lazy\" decoding=\"async\" width=\"768\" height=\"1024\" data-attachment-id=\"2842\" data-permalink=\"https:\/\/www.intellectualsovereignty.ch\/index.php\/2021\/05\/24\/hike-58-interlaken-thun\/img_3401\/\" data-orig-file=\"https:\/\/www.intellectualsovereignty.ch\/wp-content\/uploads\/2021\/05\/IMG_3401-scaled.jpeg\" data-orig-size=\"1920,2560\" data-comments-opened=\"0\" data-image-title=\"IMG_3401\" data-image-description=\"\" data-image-caption=\"\" data-large-file=\"https:\/\/www.intellectualsovereignty.ch\/wp-content\/uploads\/2021\/05\/IMG_3401-768x1024.jpeg\" src=\"https:\/\/www.intellectualsovereignty.ch\/wp-content\/uploads\/2021\/05\/IMG_3401-768x1024.jpeg\" alt=\"\" data-id=\"2842\" data-full-url=\"https:\/\/www.intellectualsovereignty.ch\/wp-content\/uploads\/2021\/05\/IMG_3401-scaled.jpeg\" data-link=\"https:\/\/www.intellectualsovereignty.ch\/index.php\/2021\/05\/23\/hike-58-interlaken-thun\/img_3401\/\" class=\"wp-image-2842\" srcset=\"https:\/\/www.intellectualsovereignty.ch\/wp-content\/uploads\/2021\/05\/IMG_3401-768x1024.jpeg 768w, https:\/\/www.intellectualsovereignty.ch\/wp-content\/uploads\/2021\/05\/IMG_3401-225x300.jpeg 225w, https:\/\/www.intellectualsovereignty.ch\/wp-content\/uploads\/2021\/05\/IMG_3401-1152x1536.jpeg 1152w, https:\/\/www.intellectualsovereignty.ch\/wp-content\/uploads\/2021\/05\/IMG_3401-1536x2048.jpeg 1536w, https:\/\/www.intellectualsovereignty.ch\/wp-content\/uploads\/2021\/05\/IMG_3401-1870x2493.jpeg 1870w, https:\/\/www.intellectualsovereignty.ch\/wp-content\/uploads\/2021\/05\/IMG_3401-400x533.jpeg 400w, https:\/\/www.intellectualsovereignty.ch\/wp-content\/uploads\/2021\/05\/IMG_3401-800x1067.jpeg 800w, https:\/\/www.intellectualsovereignty.ch\/wp-content\/uploads\/2021\/05\/IMG_3401-scaled.jpeg 1920w\" sizes=\"auto, (max-width: 768px) 100vw, 768px\" \/><\/figure><\/li><li class=\"blocks-gallery-item\"><figure><img loading=\"lazy\" decoding=\"async\" width=\"1024\" height=\"768\" data-attachment-id=\"2843\" data-permalink=\"https:\/\/www.intellectualsovereignty.ch\/index.php\/2021\/05\/24\/hike-58-interlaken-thun\/img_3402\/\" data-orig-file=\"https:\/\/www.intellectualsovereignty.ch\/wp-content\/uploads\/2021\/05\/IMG_3402-scaled.jpeg\" data-orig-size=\"2560,1920\" data-comments-opened=\"0\" data-image-title=\"IMG_3402\" data-image-description=\"\" data-image-caption=\"\" data-large-file=\"https:\/\/www.intellectualsovereignty.ch\/wp-content\/uploads\/2021\/05\/IMG_3402-1024x768.jpeg\" src=\"https:\/\/www.intellectualsovereignty.ch\/wp-content\/uploads\/2021\/05\/IMG_3402-1024x768.jpeg\" alt=\"\" data-id=\"2843\" data-full-url=\"https:\/\/www.intellectualsovereignty.ch\/wp-content\/uploads\/2021\/05\/IMG_3402-scaled.jpeg\" data-link=\"https:\/\/www.intellectualsovereignty.ch\/index.php\/2021\/05\/23\/hike-58-interlaken-thun\/img_3402\/\" class=\"wp-image-2843\" srcset=\"https:\/\/www.intellectualsovereignty.ch\/wp-content\/uploads\/2021\/05\/IMG_3402-1024x768.jpeg 1024w, https:\/\/www.intellectualsovereignty.ch\/wp-content\/uploads\/2021\/05\/IMG_3402-300x225.jpeg 300w, https:\/\/www.intellectualsovereignty.ch\/wp-content\/uploads\/2021\/05\/IMG_3402-768x576.jpeg 768w, https:\/\/www.intellectualsovereignty.ch\/wp-content\/uploads\/2021\/05\/IMG_3402-1536x1152.jpeg 1536w, https:\/\/www.intellectualsovereignty.ch\/wp-content\/uploads\/2021\/05\/IMG_3402-2048x1536.jpeg 2048w, https:\/\/www.intellectualsovereignty.ch\/wp-content\/uploads\/2021\/05\/IMG_3402-1870x1403.jpeg 1870w, https:\/\/www.intellectualsovereignty.ch\/wp-content\/uploads\/2021\/05\/IMG_3402-400x300.jpeg 400w, https:\/\/www.intellectualsovereignty.ch\/wp-content\/uploads\/2021\/05\/IMG_3402-800x600.jpeg 800w\" sizes=\"auto, (max-width: 1024px) 100vw, 1024px\" \/><\/figure><\/li><li class=\"blocks-gallery-item\"><figure><img loading=\"lazy\" decoding=\"async\" width=\"1024\" height=\"474\" data-attachment-id=\"2844\" data-permalink=\"https:\/\/www.intellectualsovereignty.ch\/index.php\/2021\/05\/24\/hike-58-interlaken-thun\/img_3403\/\" data-orig-file=\"https:\/\/www.intellectualsovereignty.ch\/wp-content\/uploads\/2021\/05\/IMG_3403-scaled.jpeg\" data-orig-size=\"2560,1184\" data-comments-opened=\"0\" data-image-title=\"IMG_3403\" data-image-description=\"\" data-image-caption=\"\" data-large-file=\"https:\/\/www.intellectualsovereignty.ch\/wp-content\/uploads\/2021\/05\/IMG_3403-1024x474.jpeg\" src=\"https:\/\/www.intellectualsovereignty.ch\/wp-content\/uploads\/2021\/05\/IMG_3403-1024x474.jpeg\" alt=\"\" data-id=\"2844\" data-full-url=\"https:\/\/www.intellectualsovereignty.ch\/wp-content\/uploads\/2021\/05\/IMG_3403-scaled.jpeg\" data-link=\"https:\/\/www.intellectualsovereignty.ch\/index.php\/2021\/05\/23\/hike-58-interlaken-thun\/img_3403\/\" class=\"wp-image-2844\" srcset=\"https:\/\/www.intellectualsovereignty.ch\/wp-content\/uploads\/2021\/05\/IMG_3403-1024x474.jpeg 1024w, https:\/\/www.intellectualsovereignty.ch\/wp-content\/uploads\/2021\/05\/IMG_3403-300x139.jpeg 300w, https:\/\/www.intellectualsovereignty.ch\/wp-content\/uploads\/2021\/05\/IMG_3403-768x355.jpeg 768w, https:\/\/www.intellectualsovereignty.ch\/wp-content\/uploads\/2021\/05\/IMG_3403-1536x710.jpeg 1536w, https:\/\/www.intellectualsovereignty.ch\/wp-content\/uploads\/2021\/05\/IMG_3403-2048x947.jpeg 2048w, https:\/\/www.intellectualsovereignty.ch\/wp-content\/uploads\/2021\/05\/IMG_3403-1870x865.jpeg 1870w, https:\/\/www.intellectualsovereignty.ch\/wp-content\/uploads\/2021\/05\/IMG_3403-400x185.jpeg 400w, https:\/\/www.intellectualsovereignty.ch\/wp-content\/uploads\/2021\/05\/IMG_3403-800x370.jpeg 800w\" sizes=\"auto, (max-width: 1024px) 100vw, 1024px\" \/><\/figure><\/li><li class=\"blocks-gallery-item\"><figure><img loading=\"lazy\" decoding=\"async\" width=\"768\" height=\"1024\" data-attachment-id=\"2845\" data-permalink=\"https:\/\/www.intellectualsovereignty.ch\/index.php\/2021\/05\/24\/hike-58-interlaken-thun\/img_3404\/\" data-orig-file=\"https:\/\/www.intellectualsovereignty.ch\/wp-content\/uploads\/2021\/05\/IMG_3404-scaled.jpeg\" data-orig-size=\"1920,2560\" data-comments-opened=\"0\" data-image-title=\"IMG_3404\" data-image-description=\"\" data-image-caption=\"\" data-large-file=\"https:\/\/www.intellectualsovereignty.ch\/wp-content\/uploads\/2021\/05\/IMG_3404-768x1024.jpeg\" src=\"https:\/\/www.intellectualsovereignty.ch\/wp-content\/uploads\/2021\/05\/IMG_3404-768x1024.jpeg\" alt=\"\" data-id=\"2845\" data-full-url=\"https:\/\/www.intellectualsovereignty.ch\/wp-content\/uploads\/2021\/05\/IMG_3404-scaled.jpeg\" data-link=\"https:\/\/www.intellectualsovereignty.ch\/index.php\/2021\/05\/23\/hike-58-interlaken-thun\/img_3404\/\" class=\"wp-image-2845\" srcset=\"https:\/\/www.intellectualsovereignty.ch\/wp-content\/uploads\/2021\/05\/IMG_3404-768x1024.jpeg 768w, https:\/\/www.intellectualsovereignty.ch\/wp-content\/uploads\/2021\/05\/IMG_3404-225x300.jpeg 225w, https:\/\/www.intellectualsovereignty.ch\/wp-content\/uploads\/2021\/05\/IMG_3404-1152x1536.jpeg 1152w, https:\/\/www.intellectualsovereignty.ch\/wp-content\/uploads\/2021\/05\/IMG_3404-1536x2048.jpeg 1536w, https:\/\/www.intellectualsovereignty.ch\/wp-content\/uploads\/2021\/05\/IMG_3404-1870x2493.jpeg 1870w, https:\/\/www.intellectualsovereignty.ch\/wp-content\/uploads\/2021\/05\/IMG_3404-400x533.jpeg 400w, https:\/\/www.intellectualsovereignty.ch\/wp-content\/uploads\/2021\/05\/IMG_3404-800x1067.jpeg 800w, https:\/\/www.intellectualsovereignty.ch\/wp-content\/uploads\/2021\/05\/IMG_3404-scaled.jpeg 1920w\" sizes=\"auto, (max-width: 768px) 100vw, 768px\" \/><\/figure><\/li><li class=\"blocks-gallery-item\"><figure><img loading=\"lazy\" decoding=\"async\" width=\"1024\" height=\"768\" data-attachment-id=\"2846\" data-permalink=\"https:\/\/www.intellectualsovereignty.ch\/index.php\/2021\/05\/24\/hike-58-interlaken-thun\/img_3405\/\" data-orig-file=\"https:\/\/www.intellectualsovereignty.ch\/wp-content\/uploads\/2021\/05\/IMG_3405-scaled.jpeg\" data-orig-size=\"2560,1920\" data-comments-opened=\"0\" data-image-title=\"IMG_3405\" data-image-description=\"\" data-image-caption=\"\" data-large-file=\"https:\/\/www.intellectualsovereignty.ch\/wp-content\/uploads\/2021\/05\/IMG_3405-1024x768.jpeg\" src=\"https:\/\/www.intellectualsovereignty.ch\/wp-content\/uploads\/2021\/05\/IMG_3405-1024x768.jpeg\" alt=\"\" data-id=\"2846\" data-full-url=\"https:\/\/www.intellectualsovereignty.ch\/wp-content\/uploads\/2021\/05\/IMG_3405-scaled.jpeg\" data-link=\"https:\/\/www.intellectualsovereignty.ch\/index.php\/2021\/05\/23\/hike-58-interlaken-thun\/img_3405\/\" class=\"wp-image-2846\" srcset=\"https:\/\/www.intellectualsovereignty.ch\/wp-content\/uploads\/2021\/05\/IMG_3405-1024x768.jpeg 1024w, https:\/\/www.intellectualsovereignty.ch\/wp-content\/uploads\/2021\/05\/IMG_3405-300x225.jpeg 300w, https:\/\/www.intellectualsovereignty.ch\/wp-content\/uploads\/2021\/05\/IMG_3405-768x576.jpeg 768w, https:\/\/www.intellectualsovereignty.ch\/wp-content\/uploads\/2021\/05\/IMG_3405-1536x1152.jpeg 1536w, https:\/\/www.intellectualsovereignty.ch\/wp-content\/uploads\/2021\/05\/IMG_3405-2048x1536.jpeg 2048w, https:\/\/www.intellectualsovereignty.ch\/wp-content\/uploads\/2021\/05\/IMG_3405-1870x1403.jpeg 1870w, https:\/\/www.intellectualsovereignty.ch\/wp-content\/uploads\/2021\/05\/IMG_3405-400x300.jpeg 400w, https:\/\/www.intellectualsovereignty.ch\/wp-content\/uploads\/2021\/05\/IMG_3405-800x600.jpeg 800w\" sizes=\"auto, (max-width: 1024px) 100vw, 1024px\" \/><\/figure><\/li><li class=\"blocks-gallery-item\"><figure><img loading=\"lazy\" decoding=\"async\" width=\"1024\" height=\"768\" data-attachment-id=\"2847\" data-permalink=\"https:\/\/www.intellectualsovereignty.ch\/index.php\/2021\/05\/24\/hike-58-interlaken-thun\/img_3406\/\" data-orig-file=\"https:\/\/www.intellectualsovereignty.ch\/wp-content\/uploads\/2021\/05\/IMG_3406-scaled.jpeg\" data-orig-size=\"2560,1920\" data-comments-opened=\"0\" data-image-title=\"IMG_3406\" data-image-description=\"\" data-image-caption=\"\" data-large-file=\"https:\/\/www.intellectualsovereignty.ch\/wp-content\/uploads\/2021\/05\/IMG_3406-1024x768.jpeg\" src=\"https:\/\/www.intellectualsovereignty.ch\/wp-content\/uploads\/2021\/05\/IMG_3406-1024x768.jpeg\" alt=\"\" data-id=\"2847\" data-full-url=\"https:\/\/www.intellectualsovereignty.ch\/wp-content\/uploads\/2021\/05\/IMG_3406-scaled.jpeg\" data-link=\"https:\/\/www.intellectualsovereignty.ch\/index.php\/2021\/05\/23\/hike-58-interlaken-thun\/img_3406\/\" class=\"wp-image-2847\" srcset=\"https:\/\/www.intellectualsovereignty.ch\/wp-content\/uploads\/2021\/05\/IMG_3406-1024x768.jpeg 1024w, https:\/\/www.intellectualsovereignty.ch\/wp-content\/uploads\/2021\/05\/IMG_3406-300x225.jpeg 300w, https:\/\/www.intellectualsovereignty.ch\/wp-content\/uploads\/2021\/05\/IMG_3406-768x576.jpeg 768w, https:\/\/www.intellectualsovereignty.ch\/wp-content\/uploads\/2021\/05\/IMG_3406-1536x1152.jpeg 1536w, https:\/\/www.intellectualsovereignty.ch\/wp-content\/uploads\/2021\/05\/IMG_3406-2048x1536.jpeg 2048w, https:\/\/www.intellectualsovereignty.ch\/wp-content\/uploads\/2021\/05\/IMG_3406-1870x1403.jpeg 1870w, https:\/\/www.intellectualsovereignty.ch\/wp-content\/uploads\/2021\/05\/IMG_3406-400x300.jpeg 400w, https:\/\/www.intellectualsovereignty.ch\/wp-content\/uploads\/2021\/05\/IMG_3406-800x600.jpeg 800w\" sizes=\"auto, (max-width: 1024px) 100vw, 1024px\" \/><\/figure><\/li><li class=\"blocks-gallery-item\"><figure><img loading=\"lazy\" decoding=\"async\" width=\"1024\" height=\"400\" data-attachment-id=\"2848\" data-permalink=\"https:\/\/www.intellectualsovereignty.ch\/index.php\/2021\/05\/24\/hike-58-interlaken-thun\/img_3407\/\" data-orig-file=\"https:\/\/www.intellectualsovereignty.ch\/wp-content\/uploads\/2021\/05\/IMG_3407-scaled.jpeg\" data-orig-size=\"2560,1000\" data-comments-opened=\"0\" data-image-title=\"IMG_3407\" data-image-description=\"\" data-image-caption=\"\" data-large-file=\"https:\/\/www.intellectualsovereignty.ch\/wp-content\/uploads\/2021\/05\/IMG_3407-1024x400.jpeg\" src=\"https:\/\/www.intellectualsovereignty.ch\/wp-content\/uploads\/2021\/05\/IMG_3407-1024x400.jpeg\" alt=\"\" data-id=\"2848\" data-full-url=\"https:\/\/www.intellectualsovereignty.ch\/wp-content\/uploads\/2021\/05\/IMG_3407-scaled.jpeg\" data-link=\"https:\/\/www.intellectualsovereignty.ch\/index.php\/2021\/05\/23\/hike-58-interlaken-thun\/img_3407\/\" class=\"wp-image-2848\" srcset=\"https:\/\/www.intellectualsovereignty.ch\/wp-content\/uploads\/2021\/05\/IMG_3407-1024x400.jpeg 1024w, https:\/\/www.intellectualsovereignty.ch\/wp-content\/uploads\/2021\/05\/IMG_3407-300x117.jpeg 300w, https:\/\/www.intellectualsovereignty.ch\/wp-content\/uploads\/2021\/05\/IMG_3407-768x300.jpeg 768w, https:\/\/www.intellectualsovereignty.ch\/wp-content\/uploads\/2021\/05\/IMG_3407-1536x600.jpeg 1536w, https:\/\/www.intellectualsovereignty.ch\/wp-content\/uploads\/2021\/05\/IMG_3407-2048x800.jpeg 2048w, https:\/\/www.intellectualsovereignty.ch\/wp-content\/uploads\/2021\/05\/IMG_3407-1870x730.jpeg 1870w, https:\/\/www.intellectualsovereignty.ch\/wp-content\/uploads\/2021\/05\/IMG_3407-400x156.jpeg 400w, https:\/\/www.intellectualsovereignty.ch\/wp-content\/uploads\/2021\/05\/IMG_3407-800x312.jpeg 800w\" sizes=\"auto, (max-width: 1024px) 100vw, 1024px\" \/><\/figure><\/li><li class=\"blocks-gallery-item\"><figure><img loading=\"lazy\" decoding=\"async\" width=\"1024\" height=\"768\" data-attachment-id=\"2849\" data-permalink=\"https:\/\/www.intellectualsovereignty.ch\/index.php\/2021\/05\/24\/hike-58-interlaken-thun\/img_3408\/\" data-orig-file=\"https:\/\/www.intellectualsovereignty.ch\/wp-content\/uploads\/2021\/05\/IMG_3408-scaled.jpeg\" data-orig-size=\"2560,1920\" data-comments-opened=\"0\" data-image-title=\"IMG_3408\" data-image-description=\"\" data-image-caption=\"\" data-large-file=\"https:\/\/www.intellectualsovereignty.ch\/wp-content\/uploads\/2021\/05\/IMG_3408-1024x768.jpeg\" src=\"https:\/\/www.intellectualsovereignty.ch\/wp-content\/uploads\/2021\/05\/IMG_3408-1024x768.jpeg\" alt=\"\" data-id=\"2849\" data-full-url=\"https:\/\/www.intellectualsovereignty.ch\/wp-content\/uploads\/2021\/05\/IMG_3408-scaled.jpeg\" data-link=\"https:\/\/www.intellectualsovereignty.ch\/index.php\/2021\/05\/23\/hike-58-interlaken-thun\/img_3408\/\" class=\"wp-image-2849\" srcset=\"https:\/\/www.intellectualsovereignty.ch\/wp-content\/uploads\/2021\/05\/IMG_3408-1024x768.jpeg 1024w, https:\/\/www.intellectualsovereignty.ch\/wp-content\/uploads\/2021\/05\/IMG_3408-300x225.jpeg 300w, https:\/\/www.intellectualsovereignty.ch\/wp-content\/uploads\/2021\/05\/IMG_3408-768x576.jpeg 768w, https:\/\/www.intellectualsovereignty.ch\/wp-content\/uploads\/2021\/05\/IMG_3408-1536x1152.jpeg 1536w, https:\/\/www.intellectualsovereignty.ch\/wp-content\/uploads\/2021\/05\/IMG_3408-2048x1536.jpeg 2048w, https:\/\/www.intellectualsovereignty.ch\/wp-content\/uploads\/2021\/05\/IMG_3408-1870x1403.jpeg 1870w, https:\/\/www.intellectualsovereignty.ch\/wp-content\/uploads\/2021\/05\/IMG_3408-400x300.jpeg 400w, https:\/\/www.intellectualsovereignty.ch\/wp-content\/uploads\/2021\/05\/IMG_3408-800x600.jpeg 800w\" sizes=\"auto, (max-width: 1024px) 100vw, 1024px\" \/><\/figure><\/li><\/ul><\/figure>\n\n\n\n<p class=\"wp-block-paragraph\"> Nun, es bleiben mir noch die K\u00f6nigsetappe hoch zum Aletschgletscher, und diejenige von Brugg nach Laufen&#8230; und vielleicht h\u00e4nge ich noch das Wegst\u00fcck nach Basel an, mal schauen&#8230; \ud83d\ude09<\/p>\n\n\n\n<hr class=\"wp-block-separator\"\/>\n\n\n\n<p class=\"wp-block-paragraph\">Distanz: 34km<br>H\u00f6henmeter: 1060m<br>Marschzeit: 6h40<br>GPS-Route:&nbsp;<a rel=\"noreferrer noopener\" href=\"https:\/\/map.schweizmobil.ch\/?lang=de&amp;photos=yes&amp;bgLayer=pk&amp;logo=yes&amp;season=summer&amp;resolution=12.88&amp;E=2622761&amp;N=1172061&amp;layers=Wanderland%2CStation&amp;trackId=206670024\" target=\"_blank\">SchweizMobil<\/a><br>Beschrieb:&nbsp;<a rel=\"noreferrer noopener\" href=\"https:\/\/www.schweizmobil.ch\/de\/wanderland\/routen\/route\/etappe-01173.html\" target=\"_blank\">Panorama Rundweg Thunersee (Nr. 26)<\/a>, Etappen 3 und 4 (mit kleiner Abk\u00fcrzung oberhalb Einigen), <a href=\"https:\/\/www.schweizmobil.ch\/de\/wanderland\/routen\/route\/etappe-01106.html\" target=\"_blank\" rel=\"noreferrer noopener\">Via Jacobi (Nr. 4)<\/a>, Etappe 11 (Abschnitt Spiez &#8211; Gwattegg)<\/p>\n\n\n[sgpx gpx=\/wp-content\/uploads\/gpx\/20210524_interlakenthun.gpx ]\n","protected":false},"excerpt":{"rendered":"<p>Meine Vermutung, dass der Abschnitt entlang des Thunersees zur reinen Pflicht\u00fcbung meiner Fernwanderung (siehe Hike#57) werden w\u00fcrde, hat sich zum Gl\u00fcck nicht bewahrheitet, auch wenn ich den Wanderweg von Hellbode nach Spiez schon mal begangen (siehe Hike#26) und die Gegend rund um Gwatt schon gekannt habe. Ich starte um neun Uhr in Interlaken West, das [&hellip;]<\/p>\n","protected":false},"author":1,"featured_media":2850,"comment_status":"open","ping_status":"open","sticky":false,"template":"","format":"standard","meta":{"_jetpack_newsletter_access":"","_jetpack_dont_email_post_to_subs":false,"_jetpack_newsletter_tier_id":0,"_jetpack_memberships_contains_paywalled_content":false,"_spotmap_latitude":"","_spotmap_longitude":"","_jetpack_feature_clip_id":0,"_jetpack_memberships_contains_paid_content":false,"footnotes":"","jetpack_post_was_ever_published":false},"categories":[3],"tags":[11,20],"class_list":["post-2618","post","type-post","status-publish","format-standard","has-post-thumbnail","hentry","category-hiking","tag-ch_004","tag-ch_026","has-thumbnail"],"jetpack_shortlink":"https:\/\/wp.me\/p9IwFN-Ge","jetpack_likes_enabled":false,"jetpack_sharing_enabled":true,"jetpack_featured_media_url":"https:\/\/www.intellectualsovereignty.ch\/wp-content\/uploads\/2021\/05\/IMG_3399_cropped.jpeg","_links":{"self":[{"href":"https:\/\/www.intellectualsovereignty.ch\/index.php\/wp-json\/wp\/v2\/posts\/2618","targetHints":{"allow":["GET"]}}],"collection":[{"href":"https:\/\/www.intellectualsovereignty.ch\/index.php\/wp-json\/wp\/v2\/posts"}],"about":[{"href":"https:\/\/www.intellectualsovereignty.ch\/index.php\/wp-json\/wp\/v2\/types\/post"}],"author":[{"embeddable":true,"href":"https:\/\/www.intellectualsovereignty.ch\/index.php\/wp-json\/wp\/v2\/users\/1"}],"replies":[{"embeddable":true,"href":"https:\/\/www.intellectualsovereignty.ch\/index.php\/wp-json\/wp\/v2\/comments?post=2618"}],"version-history":[{"count":8,"href":"https:\/\/www.intellectualsovereignty.ch\/index.php\/wp-json\/wp\/v2\/posts\/2618\/revisions"}],"predecessor-version":[{"id":2852,"href":"https:\/\/www.intellectualsovereignty.ch\/index.php\/wp-json\/wp\/v2\/posts\/2618\/revisions\/2852"}],"wp:featuredmedia":[{"embeddable":true,"href":"https:\/\/www.intellectualsovereignty.ch\/index.php\/wp-json\/wp\/v2\/media\/2850"}],"wp:attachment":[{"href":"https:\/\/www.intellectualsovereignty.ch\/index.php\/wp-json\/wp\/v2\/media?parent=2618"}],"wp:term":[{"taxonomy":"category","embeddable":true,"href":"https:\/\/www.intellectualsovereignty.ch\/index.php\/wp-json\/wp\/v2\/categories?post=2618"},{"taxonomy":"post_tag","embeddable":true,"href":"https:\/\/www.intellectualsovereignty.ch\/index.php\/wp-json\/wp\/v2\/tags?post=2618"}],"curies":[{"name":"wp","href":"https:\/\/api.w.org\/{rel}","templated":true}]}}