{"id":237,"date":"2020-05-16T19:42:00","date_gmt":"2020-05-16T18:42:00","guid":{"rendered":"https:\/\/www.intellectualsovereignty.ch\/?p=237"},"modified":"2020-06-24T20:46:57","modified_gmt":"2020-06-24T19:46:57","slug":"hike-17-muensingen-emmenmatt","status":"publish","type":"post","link":"https:\/\/www.intellectualsovereignty.ch\/index.php\/2020\/05\/16\/hike-17-muensingen-emmenmatt\/","title":{"rendered":"Hike #17 \/ M\u00fcnsingen &#8211; Emmenmatt"},"content":{"rendered":"\n<p class=\"wp-block-paragraph\">Kleines Trainings-R\u00fcndeli mit L\u00e9onie und Gabriel am Samstag Nachmittag vor ihrem Hiking-Abenteuer im Jura in der Folgewoche. Ich meinte: Feuerprobe bestanden! \ud83d\ude42<\/p>\n\n\n\n<figure class=\"wp-block-image size-large\"><img loading=\"lazy\" decoding=\"async\" width=\"2560\" height=\"567\" data-attachment-id=\"238\" data-permalink=\"https:\/\/www.intellectualsovereignty.ch\/index.php\/2020\/05\/16\/hike-17-muensingen-emmenmatt\/img_0271\/\" data-orig-file=\"https:\/\/www.intellectualsovereignty.ch\/wp-content\/uploads\/2020\/05\/IMG_0271-scaled.jpg\" data-orig-size=\"2560,567\" data-comments-opened=\"0\" data-image-title=\"IMG_0271\" data-image-description=\"\" data-image-caption=\"\" data-large-file=\"https:\/\/www.intellectualsovereignty.ch\/wp-content\/uploads\/2020\/05\/IMG_0271-1024x227.jpg\" src=\"https:\/\/i1.wp.com\/www.intellectualsovereignty.ch\/wp-content\/uploads\/2020\/05\/IMG_0271-scaled.jpg?fit=520%2C115&amp;ssl=1\" alt=\"\" class=\"wp-image-238\" srcset=\"https:\/\/www.intellectualsovereignty.ch\/wp-content\/uploads\/2020\/05\/IMG_0271-scaled.jpg 2560w, https:\/\/www.intellectualsovereignty.ch\/wp-content\/uploads\/2020\/05\/IMG_0271-300x66.jpg 300w, https:\/\/www.intellectualsovereignty.ch\/wp-content\/uploads\/2020\/05\/IMG_0271-1024x227.jpg 1024w, https:\/\/www.intellectualsovereignty.ch\/wp-content\/uploads\/2020\/05\/IMG_0271-768x170.jpg 768w, https:\/\/www.intellectualsovereignty.ch\/wp-content\/uploads\/2020\/05\/IMG_0271-1536x340.jpg 1536w, https:\/\/www.intellectualsovereignty.ch\/wp-content\/uploads\/2020\/05\/IMG_0271-2048x454.jpg 2048w, https:\/\/www.intellectualsovereignty.ch\/wp-content\/uploads\/2020\/05\/IMG_0271-1870x414.jpg 1870w, https:\/\/www.intellectualsovereignty.ch\/wp-content\/uploads\/2020\/05\/IMG_0271-400x89.jpg 400w, https:\/\/www.intellectualsovereignty.ch\/wp-content\/uploads\/2020\/05\/IMG_0271-800x177.jpg 800w\" sizes=\"auto, (max-width: 2560px) 100vw, 2560px\" \/><\/figure>\n\n\n\n<p class=\"wp-block-paragraph\">Bis auf die saftigen Wiesen oberhalb Grossh\u00f6chstetten und den sensationellen Ausblick ab der Blaseflueh gibt es nicht viel zu berichten, vor allem fotografisch. Kleiner Tipp: Zug nach Station T\u00e4gertschi auf der Strecke Bern &#8211; Worb nehmen und den Abschnitt von M\u00fcnsingen nach T\u00e4gertschi sich sparen, da wirklich nichts Besonderes&#8230;<\/p>\n\n\n\n<hr class=\"wp-block-separator\"\/>\n\n\n\n<p class=\"wp-block-paragraph\">Distanz: 21.4km<br>H\u00f6henmeter: 869m<br>Marschzeit: 4h45<br>GPS-Route:\u00a0<a rel=\"noreferrer noopener\" href=\"https:\/\/map.schweizmobil.ch\/?lang=de&amp;photos=yes&amp;logo=yes&amp;season=summer&amp;resolution=9.79&amp;E=2616389&amp;N=1195649&amp;bgLayer=pk&amp;layers=Wanderland&amp;trackId=6955642\" target=\"_blank\">SchweizMobil<\/a><br>Beschrieb:\u00a0<a rel=\"noreferrer noopener\" href=\"https:\/\/www.schweizmobil.ch\/de\/wanderland\/routen\/route-03.html\" target=\"_blank\">Alpenpanorama-Weg (Nr. 03)<\/a>\u00a0, Etappe 15+16  (Abschnitt Moosegg &#8211; Emmenmatt)<\/p>\n\n\n[sgpx gpx=\/wp-content\/uploads\/gpx\/20200516_munsingenemmenmatt.gpx ]\n","protected":false},"excerpt":{"rendered":"<p>Kleines Trainings-R\u00fcndeli mit L\u00e9onie und Gabriel am Samstag Nachmittag vor ihrem Hiking-Abenteuer im Jura in der Folgewoche. Ich meinte: Feuerprobe bestanden! \ud83d\ude42 Bis auf die saftigen Wiesen oberhalb Grossh\u00f6chstetten und den sensationellen Ausblick ab der Blaseflueh gibt es nicht viel zu berichten, vor allem fotografisch. Kleiner Tipp: Zug nach Station T\u00e4gertschi auf der Strecke Bern [&hellip;]<\/p>\n","protected":false},"author":1,"featured_media":239,"comment_status":"open","ping_status":"closed","sticky":false,"template":"","format":"standard","meta":{"_jetpack_newsletter_access":"","_jetpack_dont_email_post_to_subs":false,"_jetpack_newsletter_tier_id":0,"_jetpack_memberships_contains_paywalled_content":false,"_spotmap_latitude":"","_spotmap_longitude":"","_jetpack_feature_clip_id":0,"_jetpack_memberships_contains_paid_content":false,"footnotes":"","jetpack_post_was_ever_published":false},"categories":[3],"tags":[9],"class_list":["post-237","post","type-post","status-publish","format-standard","has-post-thumbnail","hentry","category-hiking","tag-ch_003","has-thumbnail"],"jetpack_shortlink":"https:\/\/wp.me\/p9IwFN-3P","jetpack_likes_enabled":false,"jetpack_sharing_enabled":true,"jetpack_featured_media_url":"https:\/\/www.intellectualsovereignty.ch\/wp-content\/uploads\/2020\/05\/IMG_0271-1-scaled.jpg","_links":{"self":[{"href":"https:\/\/www.intellectualsovereignty.ch\/index.php\/wp-json\/wp\/v2\/posts\/237","targetHints":{"allow":["GET"]}}],"collection":[{"href":"https:\/\/www.intellectualsovereignty.ch\/index.php\/wp-json\/wp\/v2\/posts"}],"about":[{"href":"https:\/\/www.intellectualsovereignty.ch\/index.php\/wp-json\/wp\/v2\/types\/post"}],"author":[{"embeddable":true,"href":"https:\/\/www.intellectualsovereignty.ch\/index.php\/wp-json\/wp\/v2\/users\/1"}],"replies":[{"embeddable":true,"href":"https:\/\/www.intellectualsovereignty.ch\/index.php\/wp-json\/wp\/v2\/comments?post=237"}],"version-history":[{"count":1,"href":"https:\/\/www.intellectualsovereignty.ch\/index.php\/wp-json\/wp\/v2\/posts\/237\/revisions"}],"predecessor-version":[{"id":521,"href":"https:\/\/www.intellectualsovereignty.ch\/index.php\/wp-json\/wp\/v2\/posts\/237\/revisions\/521"}],"wp:featuredmedia":[{"embeddable":true,"href":"https:\/\/www.intellectualsovereignty.ch\/index.php\/wp-json\/wp\/v2\/media\/239"}],"wp:attachment":[{"href":"https:\/\/www.intellectualsovereignty.ch\/index.php\/wp-json\/wp\/v2\/media?parent=237"}],"wp:term":[{"taxonomy":"category","embeddable":true,"href":"https:\/\/www.intellectualsovereignty.ch\/index.php\/wp-json\/wp\/v2\/categories?post=237"},{"taxonomy":"post_tag","embeddable":true,"href":"https:\/\/www.intellectualsovereignty.ch\/index.php\/wp-json\/wp\/v2\/tags?post=237"}],"curies":[{"name":"wp","href":"https:\/\/api.w.org\/{rel}","templated":true}]}}