{"id":2294,"date":"2021-03-20T20:18:00","date_gmt":"2021-03-20T19:18:00","guid":{"rendered":"https:\/\/www.intellectualsovereignty.ch\/?p=2294"},"modified":"2021-03-21T12:49:06","modified_gmt":"2021-03-21T11:49:06","slug":"hike-50-biel-solothurn","status":"publish","type":"post","link":"https:\/\/www.intellectualsovereignty.ch\/index.php\/2021\/03\/20\/hike-50-biel-solothurn\/","title":{"rendered":"Hike #50 \/ Biel &#8211; Solothurn"},"content":{"rendered":"\n<p class=\"wp-block-paragraph\">Trotz schnittiger Bise beschliesse ich diesen Samstag die n\u00e4chste Etappe meiner Fernwanderung entlang der Aare (siehe <a href=\"https:\/\/www.intellectualsovereignty.ch\/index.php\/2020\/12\/30\/hike-46-thun-ittigen-biel\/\">Hike#46<\/a>) anzugehen, und so steige ich ab dem neuen Gaston-Graffito schmunzelnd im Wankdorf in die S3 nach Biel&#8230; kurz vor Mittag nehme ich schliesslich den ersten Abschnitt nach B\u00fcren an der Aare in Angriff, zumindest zu Beginn nichts wirklich Berauschendes, sp\u00e4ter z\u00fcgig den alten Eisenbahnviadukt unterquert und am ehemaligen Kloster vorbei. Erst zwischen der alten Zihl und der alten Aare begegne ich im Naturschutzgebiet ein paar sch\u00f6nen Pl\u00e4tzchen, an denen ich gerne verweilen w\u00fcrde, wenn da nur die bissige Bise nicht w\u00e4re! <\/p>\n\n\n\n<figure class=\"wp-block-gallery columns-3 is-cropped wp-block-gallery-1 is-layout-flex wp-block-gallery-is-layout-flex\"><ul class=\"blocks-gallery-grid\"><li class=\"blocks-gallery-item\"><figure><img loading=\"lazy\" decoding=\"async\" width=\"1024\" height=\"768\" data-attachment-id=\"2298\" data-permalink=\"https:\/\/www.intellectualsovereignty.ch\/index.php\/2021\/03\/20\/hike-50-biel-solothurn\/img_2952\/\" data-orig-file=\"https:\/\/www.intellectualsovereignty.ch\/wp-content\/uploads\/2021\/03\/IMG_2952.jpeg\" data-orig-size=\"1280,960\" data-comments-opened=\"0\" data-image-title=\"IMG_2952\" data-image-description=\"\" data-image-caption=\"\" data-large-file=\"https:\/\/www.intellectualsovereignty.ch\/wp-content\/uploads\/2021\/03\/IMG_2952-1024x768.jpeg\" src=\"https:\/\/www.intellectualsovereignty.ch\/wp-content\/uploads\/2021\/03\/IMG_2952-1024x768.jpeg\" alt=\"\" data-id=\"2298\" data-full-url=\"https:\/\/www.intellectualsovereignty.ch\/wp-content\/uploads\/2021\/03\/IMG_2952.jpeg\" data-link=\"https:\/\/www.intellectualsovereignty.ch\/index.php\/2021\/03\/21\/hike-50-biel-solothurn\/img_2952\/\" class=\"wp-image-2298\" srcset=\"https:\/\/www.intellectualsovereignty.ch\/wp-content\/uploads\/2021\/03\/IMG_2952-1024x768.jpeg 1024w, https:\/\/www.intellectualsovereignty.ch\/wp-content\/uploads\/2021\/03\/IMG_2952-300x225.jpeg 300w, https:\/\/www.intellectualsovereignty.ch\/wp-content\/uploads\/2021\/03\/IMG_2952-768x576.jpeg 768w, https:\/\/www.intellectualsovereignty.ch\/wp-content\/uploads\/2021\/03\/IMG_2952-400x300.jpeg 400w, https:\/\/www.intellectualsovereignty.ch\/wp-content\/uploads\/2021\/03\/IMG_2952-800x600.jpeg 800w, https:\/\/www.intellectualsovereignty.ch\/wp-content\/uploads\/2021\/03\/IMG_2952.jpeg 1280w\" sizes=\"auto, (max-width: 1024px) 100vw, 1024px\" \/><\/figure><\/li><li class=\"blocks-gallery-item\"><figure><img loading=\"lazy\" decoding=\"async\" width=\"1024\" height=\"768\" data-attachment-id=\"2299\" data-permalink=\"https:\/\/www.intellectualsovereignty.ch\/index.php\/2021\/03\/20\/hike-50-biel-solothurn\/img_2953\/\" data-orig-file=\"https:\/\/www.intellectualsovereignty.ch\/wp-content\/uploads\/2021\/03\/IMG_2953.jpeg\" data-orig-size=\"1280,960\" data-comments-opened=\"0\" data-image-title=\"IMG_2953\" data-image-description=\"\" data-image-caption=\"\" data-large-file=\"https:\/\/www.intellectualsovereignty.ch\/wp-content\/uploads\/2021\/03\/IMG_2953-1024x768.jpeg\" src=\"https:\/\/www.intellectualsovereignty.ch\/wp-content\/uploads\/2021\/03\/IMG_2953-1024x768.jpeg\" alt=\"\" data-id=\"2299\" data-full-url=\"https:\/\/www.intellectualsovereignty.ch\/wp-content\/uploads\/2021\/03\/IMG_2953.jpeg\" data-link=\"https:\/\/www.intellectualsovereignty.ch\/index.php\/2021\/03\/21\/hike-50-biel-solothurn\/img_2953\/\" class=\"wp-image-2299\" srcset=\"https:\/\/www.intellectualsovereignty.ch\/wp-content\/uploads\/2021\/03\/IMG_2953-1024x768.jpeg 1024w, https:\/\/www.intellectualsovereignty.ch\/wp-content\/uploads\/2021\/03\/IMG_2953-300x225.jpeg 300w, https:\/\/www.intellectualsovereignty.ch\/wp-content\/uploads\/2021\/03\/IMG_2953-768x576.jpeg 768w, https:\/\/www.intellectualsovereignty.ch\/wp-content\/uploads\/2021\/03\/IMG_2953-400x300.jpeg 400w, https:\/\/www.intellectualsovereignty.ch\/wp-content\/uploads\/2021\/03\/IMG_2953-800x600.jpeg 800w, https:\/\/www.intellectualsovereignty.ch\/wp-content\/uploads\/2021\/03\/IMG_2953.jpeg 1280w\" sizes=\"auto, (max-width: 1024px) 100vw, 1024px\" \/><\/figure><\/li><li class=\"blocks-gallery-item\"><figure><img loading=\"lazy\" decoding=\"async\" width=\"1024\" height=\"768\" data-attachment-id=\"2300\" data-permalink=\"https:\/\/www.intellectualsovereignty.ch\/index.php\/2021\/03\/20\/hike-50-biel-solothurn\/img_2954\/\" data-orig-file=\"https:\/\/www.intellectualsovereignty.ch\/wp-content\/uploads\/2021\/03\/IMG_2954.jpeg\" data-orig-size=\"1280,960\" data-comments-opened=\"0\" data-image-title=\"IMG_2954\" data-image-description=\"\" data-image-caption=\"\" data-large-file=\"https:\/\/www.intellectualsovereignty.ch\/wp-content\/uploads\/2021\/03\/IMG_2954-1024x768.jpeg\" src=\"https:\/\/www.intellectualsovereignty.ch\/wp-content\/uploads\/2021\/03\/IMG_2954-1024x768.jpeg\" alt=\"\" data-id=\"2300\" data-full-url=\"https:\/\/www.intellectualsovereignty.ch\/wp-content\/uploads\/2021\/03\/IMG_2954.jpeg\" data-link=\"https:\/\/www.intellectualsovereignty.ch\/index.php\/2021\/03\/21\/hike-50-biel-solothurn\/img_2954\/\" class=\"wp-image-2300\" srcset=\"https:\/\/www.intellectualsovereignty.ch\/wp-content\/uploads\/2021\/03\/IMG_2954-1024x768.jpeg 1024w, https:\/\/www.intellectualsovereignty.ch\/wp-content\/uploads\/2021\/03\/IMG_2954-300x225.jpeg 300w, https:\/\/www.intellectualsovereignty.ch\/wp-content\/uploads\/2021\/03\/IMG_2954-768x576.jpeg 768w, https:\/\/www.intellectualsovereignty.ch\/wp-content\/uploads\/2021\/03\/IMG_2954-400x300.jpeg 400w, https:\/\/www.intellectualsovereignty.ch\/wp-content\/uploads\/2021\/03\/IMG_2954-800x600.jpeg 800w, https:\/\/www.intellectualsovereignty.ch\/wp-content\/uploads\/2021\/03\/IMG_2954.jpeg 1280w\" sizes=\"auto, (max-width: 1024px) 100vw, 1024px\" \/><\/figure><\/li><li class=\"blocks-gallery-item\"><figure><img loading=\"lazy\" decoding=\"async\" width=\"1024\" height=\"768\" data-attachment-id=\"2301\" data-permalink=\"https:\/\/www.intellectualsovereignty.ch\/index.php\/2021\/03\/20\/hike-50-biel-solothurn\/img_2955\/\" data-orig-file=\"https:\/\/www.intellectualsovereignty.ch\/wp-content\/uploads\/2021\/03\/IMG_2955.jpeg\" data-orig-size=\"1280,960\" data-comments-opened=\"0\" data-image-title=\"IMG_2955\" data-image-description=\"\" data-image-caption=\"\" data-large-file=\"https:\/\/www.intellectualsovereignty.ch\/wp-content\/uploads\/2021\/03\/IMG_2955-1024x768.jpeg\" src=\"https:\/\/www.intellectualsovereignty.ch\/wp-content\/uploads\/2021\/03\/IMG_2955-1024x768.jpeg\" alt=\"\" data-id=\"2301\" data-full-url=\"https:\/\/www.intellectualsovereignty.ch\/wp-content\/uploads\/2021\/03\/IMG_2955.jpeg\" data-link=\"https:\/\/www.intellectualsovereignty.ch\/index.php\/2021\/03\/21\/hike-50-biel-solothurn\/img_2955\/\" class=\"wp-image-2301\" srcset=\"https:\/\/www.intellectualsovereignty.ch\/wp-content\/uploads\/2021\/03\/IMG_2955-1024x768.jpeg 1024w, https:\/\/www.intellectualsovereignty.ch\/wp-content\/uploads\/2021\/03\/IMG_2955-300x225.jpeg 300w, https:\/\/www.intellectualsovereignty.ch\/wp-content\/uploads\/2021\/03\/IMG_2955-768x576.jpeg 768w, https:\/\/www.intellectualsovereignty.ch\/wp-content\/uploads\/2021\/03\/IMG_2955-400x300.jpeg 400w, https:\/\/www.intellectualsovereignty.ch\/wp-content\/uploads\/2021\/03\/IMG_2955-800x600.jpeg 800w, https:\/\/www.intellectualsovereignty.ch\/wp-content\/uploads\/2021\/03\/IMG_2955.jpeg 1280w\" sizes=\"auto, (max-width: 1024px) 100vw, 1024px\" \/><\/figure><\/li><li class=\"blocks-gallery-item\"><figure><img loading=\"lazy\" decoding=\"async\" width=\"1024\" height=\"768\" data-attachment-id=\"2302\" data-permalink=\"https:\/\/www.intellectualsovereignty.ch\/index.php\/2021\/03\/20\/hike-50-biel-solothurn\/img_2956\/\" data-orig-file=\"https:\/\/www.intellectualsovereignty.ch\/wp-content\/uploads\/2021\/03\/IMG_2956.jpeg\" data-orig-size=\"1280,960\" data-comments-opened=\"0\" data-image-title=\"IMG_2956\" data-image-description=\"\" data-image-caption=\"\" data-large-file=\"https:\/\/www.intellectualsovereignty.ch\/wp-content\/uploads\/2021\/03\/IMG_2956-1024x768.jpeg\" src=\"https:\/\/www.intellectualsovereignty.ch\/wp-content\/uploads\/2021\/03\/IMG_2956-1024x768.jpeg\" alt=\"\" data-id=\"2302\" data-full-url=\"https:\/\/www.intellectualsovereignty.ch\/wp-content\/uploads\/2021\/03\/IMG_2956.jpeg\" data-link=\"https:\/\/www.intellectualsovereignty.ch\/index.php\/2021\/03\/21\/hike-50-biel-solothurn\/img_2956\/\" class=\"wp-image-2302\" srcset=\"https:\/\/www.intellectualsovereignty.ch\/wp-content\/uploads\/2021\/03\/IMG_2956-1024x768.jpeg 1024w, https:\/\/www.intellectualsovereignty.ch\/wp-content\/uploads\/2021\/03\/IMG_2956-300x225.jpeg 300w, https:\/\/www.intellectualsovereignty.ch\/wp-content\/uploads\/2021\/03\/IMG_2956-768x576.jpeg 768w, https:\/\/www.intellectualsovereignty.ch\/wp-content\/uploads\/2021\/03\/IMG_2956-400x300.jpeg 400w, https:\/\/www.intellectualsovereignty.ch\/wp-content\/uploads\/2021\/03\/IMG_2956-800x600.jpeg 800w, https:\/\/www.intellectualsovereignty.ch\/wp-content\/uploads\/2021\/03\/IMG_2956.jpeg 1280w\" sizes=\"auto, (max-width: 1024px) 100vw, 1024px\" \/><\/figure><\/li><li class=\"blocks-gallery-item\"><figure><img loading=\"lazy\" decoding=\"async\" width=\"768\" height=\"1024\" data-attachment-id=\"2303\" data-permalink=\"https:\/\/www.intellectualsovereignty.ch\/index.php\/2021\/03\/20\/hike-50-biel-solothurn\/img_2957\/\" data-orig-file=\"https:\/\/www.intellectualsovereignty.ch\/wp-content\/uploads\/2021\/03\/IMG_2957.jpeg\" data-orig-size=\"960,1280\" data-comments-opened=\"0\" data-image-title=\"IMG_2957\" data-image-description=\"\" data-image-caption=\"\" data-large-file=\"https:\/\/www.intellectualsovereignty.ch\/wp-content\/uploads\/2021\/03\/IMG_2957-768x1024.jpeg\" src=\"https:\/\/www.intellectualsovereignty.ch\/wp-content\/uploads\/2021\/03\/IMG_2957-768x1024.jpeg\" alt=\"\" data-id=\"2303\" data-full-url=\"https:\/\/www.intellectualsovereignty.ch\/wp-content\/uploads\/2021\/03\/IMG_2957.jpeg\" data-link=\"https:\/\/www.intellectualsovereignty.ch\/index.php\/2021\/03\/21\/hike-50-biel-solothurn\/img_2957\/\" class=\"wp-image-2303\" srcset=\"https:\/\/www.intellectualsovereignty.ch\/wp-content\/uploads\/2021\/03\/IMG_2957-768x1024.jpeg 768w, https:\/\/www.intellectualsovereignty.ch\/wp-content\/uploads\/2021\/03\/IMG_2957-225x300.jpeg 225w, https:\/\/www.intellectualsovereignty.ch\/wp-content\/uploads\/2021\/03\/IMG_2957-400x533.jpeg 400w, https:\/\/www.intellectualsovereignty.ch\/wp-content\/uploads\/2021\/03\/IMG_2957-800x1067.jpeg 800w, https:\/\/www.intellectualsovereignty.ch\/wp-content\/uploads\/2021\/03\/IMG_2957.jpeg 960w\" sizes=\"auto, (max-width: 768px) 100vw, 768px\" \/><\/figure><\/li><li class=\"blocks-gallery-item\"><figure><img loading=\"lazy\" decoding=\"async\" width=\"518\" height=\"1024\" data-attachment-id=\"2304\" data-permalink=\"https:\/\/www.intellectualsovereignty.ch\/index.php\/2021\/03\/20\/hike-50-biel-solothurn\/img_2958\/\" data-orig-file=\"https:\/\/www.intellectualsovereignty.ch\/wp-content\/uploads\/2021\/03\/IMG_2958.jpeg\" data-orig-size=\"647,1280\" data-comments-opened=\"0\" data-image-title=\"IMG_2958\" data-image-description=\"\" data-image-caption=\"\" data-large-file=\"https:\/\/www.intellectualsovereignty.ch\/wp-content\/uploads\/2021\/03\/IMG_2958-518x1024.jpeg\" src=\"https:\/\/www.intellectualsovereignty.ch\/wp-content\/uploads\/2021\/03\/IMG_2958-518x1024.jpeg\" alt=\"\" data-id=\"2304\" data-full-url=\"https:\/\/www.intellectualsovereignty.ch\/wp-content\/uploads\/2021\/03\/IMG_2958.jpeg\" data-link=\"https:\/\/www.intellectualsovereignty.ch\/index.php\/2021\/03\/21\/hike-50-biel-solothurn\/img_2958\/\" class=\"wp-image-2304\" srcset=\"https:\/\/www.intellectualsovereignty.ch\/wp-content\/uploads\/2021\/03\/IMG_2958-518x1024.jpeg 518w, https:\/\/www.intellectualsovereignty.ch\/wp-content\/uploads\/2021\/03\/IMG_2958-152x300.jpeg 152w, https:\/\/www.intellectualsovereignty.ch\/wp-content\/uploads\/2021\/03\/IMG_2958-400x791.jpeg 400w, https:\/\/www.intellectualsovereignty.ch\/wp-content\/uploads\/2021\/03\/IMG_2958.jpeg 647w\" sizes=\"auto, (max-width: 518px) 100vw, 518px\" \/><\/figure><\/li><li class=\"blocks-gallery-item\"><figure><img loading=\"lazy\" decoding=\"async\" width=\"1024\" height=\"768\" data-attachment-id=\"2305\" data-permalink=\"https:\/\/www.intellectualsovereignty.ch\/index.php\/2021\/03\/20\/hike-50-biel-solothurn\/img_2959\/\" data-orig-file=\"https:\/\/www.intellectualsovereignty.ch\/wp-content\/uploads\/2021\/03\/IMG_2959.jpeg\" data-orig-size=\"1280,960\" data-comments-opened=\"0\" data-image-title=\"IMG_2959\" data-image-description=\"\" data-image-caption=\"\" data-large-file=\"https:\/\/www.intellectualsovereignty.ch\/wp-content\/uploads\/2021\/03\/IMG_2959-1024x768.jpeg\" src=\"https:\/\/www.intellectualsovereignty.ch\/wp-content\/uploads\/2021\/03\/IMG_2959-1024x768.jpeg\" alt=\"\" data-id=\"2305\" data-full-url=\"https:\/\/www.intellectualsovereignty.ch\/wp-content\/uploads\/2021\/03\/IMG_2959.jpeg\" data-link=\"https:\/\/www.intellectualsovereignty.ch\/index.php\/2021\/03\/21\/hike-50-biel-solothurn\/img_2959\/\" class=\"wp-image-2305\" srcset=\"https:\/\/www.intellectualsovereignty.ch\/wp-content\/uploads\/2021\/03\/IMG_2959-1024x768.jpeg 1024w, https:\/\/www.intellectualsovereignty.ch\/wp-content\/uploads\/2021\/03\/IMG_2959-300x225.jpeg 300w, https:\/\/www.intellectualsovereignty.ch\/wp-content\/uploads\/2021\/03\/IMG_2959-768x576.jpeg 768w, https:\/\/www.intellectualsovereignty.ch\/wp-content\/uploads\/2021\/03\/IMG_2959-400x300.jpeg 400w, https:\/\/www.intellectualsovereignty.ch\/wp-content\/uploads\/2021\/03\/IMG_2959-800x600.jpeg 800w, https:\/\/www.intellectualsovereignty.ch\/wp-content\/uploads\/2021\/03\/IMG_2959.jpeg 1280w\" sizes=\"auto, (max-width: 1024px) 100vw, 1024px\" \/><\/figure><\/li><li class=\"blocks-gallery-item\"><figure><img loading=\"lazy\" decoding=\"async\" width=\"1024\" height=\"768\" data-attachment-id=\"2306\" data-permalink=\"https:\/\/www.intellectualsovereignty.ch\/index.php\/2021\/03\/20\/hike-50-biel-solothurn\/img_2960\/\" data-orig-file=\"https:\/\/www.intellectualsovereignty.ch\/wp-content\/uploads\/2021\/03\/IMG_2960.jpeg\" data-orig-size=\"1280,960\" data-comments-opened=\"0\" data-image-title=\"IMG_2960\" data-image-description=\"\" data-image-caption=\"\" data-large-file=\"https:\/\/www.intellectualsovereignty.ch\/wp-content\/uploads\/2021\/03\/IMG_2960-1024x768.jpeg\" src=\"https:\/\/www.intellectualsovereignty.ch\/wp-content\/uploads\/2021\/03\/IMG_2960-1024x768.jpeg\" alt=\"\" data-id=\"2306\" data-full-url=\"https:\/\/www.intellectualsovereignty.ch\/wp-content\/uploads\/2021\/03\/IMG_2960.jpeg\" data-link=\"https:\/\/www.intellectualsovereignty.ch\/index.php\/2021\/03\/21\/hike-50-biel-solothurn\/img_2960\/\" class=\"wp-image-2306\" srcset=\"https:\/\/www.intellectualsovereignty.ch\/wp-content\/uploads\/2021\/03\/IMG_2960-1024x768.jpeg 1024w, https:\/\/www.intellectualsovereignty.ch\/wp-content\/uploads\/2021\/03\/IMG_2960-300x225.jpeg 300w, https:\/\/www.intellectualsovereignty.ch\/wp-content\/uploads\/2021\/03\/IMG_2960-768x576.jpeg 768w, https:\/\/www.intellectualsovereignty.ch\/wp-content\/uploads\/2021\/03\/IMG_2960-400x300.jpeg 400w, https:\/\/www.intellectualsovereignty.ch\/wp-content\/uploads\/2021\/03\/IMG_2960-800x600.jpeg 800w, https:\/\/www.intellectualsovereignty.ch\/wp-content\/uploads\/2021\/03\/IMG_2960.jpeg 1280w\" sizes=\"auto, (max-width: 1024px) 100vw, 1024px\" \/><\/figure><\/li><li class=\"blocks-gallery-item\"><figure><img loading=\"lazy\" decoding=\"async\" width=\"1024\" height=\"768\" data-attachment-id=\"2307\" data-permalink=\"https:\/\/www.intellectualsovereignty.ch\/index.php\/2021\/03\/20\/hike-50-biel-solothurn\/img_2961\/\" data-orig-file=\"https:\/\/www.intellectualsovereignty.ch\/wp-content\/uploads\/2021\/03\/IMG_2961.jpeg\" data-orig-size=\"1280,960\" data-comments-opened=\"0\" data-image-title=\"IMG_2961\" data-image-description=\"\" data-image-caption=\"\" data-large-file=\"https:\/\/www.intellectualsovereignty.ch\/wp-content\/uploads\/2021\/03\/IMG_2961-1024x768.jpeg\" src=\"https:\/\/www.intellectualsovereignty.ch\/wp-content\/uploads\/2021\/03\/IMG_2961-1024x768.jpeg\" alt=\"\" data-id=\"2307\" data-full-url=\"https:\/\/www.intellectualsovereignty.ch\/wp-content\/uploads\/2021\/03\/IMG_2961.jpeg\" data-link=\"https:\/\/www.intellectualsovereignty.ch\/index.php\/2021\/03\/21\/hike-50-biel-solothurn\/img_2961\/\" class=\"wp-image-2307\" srcset=\"https:\/\/www.intellectualsovereignty.ch\/wp-content\/uploads\/2021\/03\/IMG_2961-1024x768.jpeg 1024w, https:\/\/www.intellectualsovereignty.ch\/wp-content\/uploads\/2021\/03\/IMG_2961-300x225.jpeg 300w, https:\/\/www.intellectualsovereignty.ch\/wp-content\/uploads\/2021\/03\/IMG_2961-768x576.jpeg 768w, https:\/\/www.intellectualsovereignty.ch\/wp-content\/uploads\/2021\/03\/IMG_2961-400x300.jpeg 400w, https:\/\/www.intellectualsovereignty.ch\/wp-content\/uploads\/2021\/03\/IMG_2961-800x600.jpeg 800w, https:\/\/www.intellectualsovereignty.ch\/wp-content\/uploads\/2021\/03\/IMG_2961.jpeg 1280w\" sizes=\"auto, (max-width: 1024px) 100vw, 1024px\" \/><\/figure><\/li><li class=\"blocks-gallery-item\"><figure><img loading=\"lazy\" decoding=\"async\" width=\"1024\" height=\"768\" data-attachment-id=\"2308\" data-permalink=\"https:\/\/www.intellectualsovereignty.ch\/index.php\/2021\/03\/20\/hike-50-biel-solothurn\/img_2962\/\" data-orig-file=\"https:\/\/www.intellectualsovereignty.ch\/wp-content\/uploads\/2021\/03\/IMG_2962.jpeg\" data-orig-size=\"1280,960\" data-comments-opened=\"0\" data-image-title=\"IMG_2962\" data-image-description=\"\" data-image-caption=\"\" data-large-file=\"https:\/\/www.intellectualsovereignty.ch\/wp-content\/uploads\/2021\/03\/IMG_2962-1024x768.jpeg\" src=\"https:\/\/www.intellectualsovereignty.ch\/wp-content\/uploads\/2021\/03\/IMG_2962-1024x768.jpeg\" alt=\"\" data-id=\"2308\" data-full-url=\"https:\/\/www.intellectualsovereignty.ch\/wp-content\/uploads\/2021\/03\/IMG_2962.jpeg\" data-link=\"https:\/\/www.intellectualsovereignty.ch\/index.php\/2021\/03\/21\/hike-50-biel-solothurn\/img_2962\/\" class=\"wp-image-2308\" srcset=\"https:\/\/www.intellectualsovereignty.ch\/wp-content\/uploads\/2021\/03\/IMG_2962-1024x768.jpeg 1024w, https:\/\/www.intellectualsovereignty.ch\/wp-content\/uploads\/2021\/03\/IMG_2962-300x225.jpeg 300w, https:\/\/www.intellectualsovereignty.ch\/wp-content\/uploads\/2021\/03\/IMG_2962-768x576.jpeg 768w, https:\/\/www.intellectualsovereignty.ch\/wp-content\/uploads\/2021\/03\/IMG_2962-400x300.jpeg 400w, https:\/\/www.intellectualsovereignty.ch\/wp-content\/uploads\/2021\/03\/IMG_2962-800x600.jpeg 800w, https:\/\/www.intellectualsovereignty.ch\/wp-content\/uploads\/2021\/03\/IMG_2962.jpeg 1280w\" sizes=\"auto, (max-width: 1024px) 100vw, 1024px\" \/><\/figure><\/li><li class=\"blocks-gallery-item\"><figure><img loading=\"lazy\" decoding=\"async\" width=\"768\" height=\"1024\" data-attachment-id=\"2309\" data-permalink=\"https:\/\/www.intellectualsovereignty.ch\/index.php\/2021\/03\/20\/hike-50-biel-solothurn\/img_2963\/\" data-orig-file=\"https:\/\/www.intellectualsovereignty.ch\/wp-content\/uploads\/2021\/03\/IMG_2963.jpeg\" data-orig-size=\"960,1280\" data-comments-opened=\"0\" data-image-title=\"IMG_2963\" data-image-description=\"\" data-image-caption=\"\" data-large-file=\"https:\/\/www.intellectualsovereignty.ch\/wp-content\/uploads\/2021\/03\/IMG_2963-768x1024.jpeg\" src=\"https:\/\/www.intellectualsovereignty.ch\/wp-content\/uploads\/2021\/03\/IMG_2963-768x1024.jpeg\" alt=\"\" data-id=\"2309\" data-full-url=\"https:\/\/www.intellectualsovereignty.ch\/wp-content\/uploads\/2021\/03\/IMG_2963.jpeg\" data-link=\"https:\/\/www.intellectualsovereignty.ch\/index.php\/2021\/03\/21\/hike-50-biel-solothurn\/img_2963\/\" class=\"wp-image-2309\" srcset=\"https:\/\/www.intellectualsovereignty.ch\/wp-content\/uploads\/2021\/03\/IMG_2963-768x1024.jpeg 768w, https:\/\/www.intellectualsovereignty.ch\/wp-content\/uploads\/2021\/03\/IMG_2963-225x300.jpeg 225w, https:\/\/www.intellectualsovereignty.ch\/wp-content\/uploads\/2021\/03\/IMG_2963-400x533.jpeg 400w, https:\/\/www.intellectualsovereignty.ch\/wp-content\/uploads\/2021\/03\/IMG_2963-800x1067.jpeg 800w, https:\/\/www.intellectualsovereignty.ch\/wp-content\/uploads\/2021\/03\/IMG_2963.jpeg 960w\" sizes=\"auto, (max-width: 768px) 100vw, 768px\" \/><\/figure><\/li><li class=\"blocks-gallery-item\"><figure><img loading=\"lazy\" decoding=\"async\" width=\"768\" height=\"1024\" data-attachment-id=\"2310\" data-permalink=\"https:\/\/www.intellectualsovereignty.ch\/index.php\/2021\/03\/20\/hike-50-biel-solothurn\/img_2964\/\" data-orig-file=\"https:\/\/www.intellectualsovereignty.ch\/wp-content\/uploads\/2021\/03\/IMG_2964.jpeg\" data-orig-size=\"960,1280\" data-comments-opened=\"0\" data-image-title=\"IMG_2964\" data-image-description=\"\" data-image-caption=\"\" data-large-file=\"https:\/\/www.intellectualsovereignty.ch\/wp-content\/uploads\/2021\/03\/IMG_2964-768x1024.jpeg\" src=\"https:\/\/www.intellectualsovereignty.ch\/wp-content\/uploads\/2021\/03\/IMG_2964-768x1024.jpeg\" alt=\"\" data-id=\"2310\" data-full-url=\"https:\/\/www.intellectualsovereignty.ch\/wp-content\/uploads\/2021\/03\/IMG_2964.jpeg\" data-link=\"https:\/\/www.intellectualsovereignty.ch\/index.php\/2021\/03\/21\/hike-50-biel-solothurn\/img_2964\/\" class=\"wp-image-2310\" srcset=\"https:\/\/www.intellectualsovereignty.ch\/wp-content\/uploads\/2021\/03\/IMG_2964-768x1024.jpeg 768w, https:\/\/www.intellectualsovereignty.ch\/wp-content\/uploads\/2021\/03\/IMG_2964-225x300.jpeg 225w, https:\/\/www.intellectualsovereignty.ch\/wp-content\/uploads\/2021\/03\/IMG_2964-400x533.jpeg 400w, https:\/\/www.intellectualsovereignty.ch\/wp-content\/uploads\/2021\/03\/IMG_2964-800x1067.jpeg 800w, https:\/\/www.intellectualsovereignty.ch\/wp-content\/uploads\/2021\/03\/IMG_2964.jpeg 960w\" sizes=\"auto, (max-width: 768px) 100vw, 768px\" \/><\/figure><\/li><li class=\"blocks-gallery-item\"><figure><img loading=\"lazy\" decoding=\"async\" width=\"1024\" height=\"768\" data-attachment-id=\"2311\" data-permalink=\"https:\/\/www.intellectualsovereignty.ch\/index.php\/2021\/03\/20\/hike-50-biel-solothurn\/img_2965\/\" data-orig-file=\"https:\/\/www.intellectualsovereignty.ch\/wp-content\/uploads\/2021\/03\/IMG_2965.jpeg\" data-orig-size=\"1280,960\" data-comments-opened=\"0\" data-image-title=\"IMG_2965\" data-image-description=\"\" data-image-caption=\"\" data-large-file=\"https:\/\/www.intellectualsovereignty.ch\/wp-content\/uploads\/2021\/03\/IMG_2965-1024x768.jpeg\" src=\"https:\/\/www.intellectualsovereignty.ch\/wp-content\/uploads\/2021\/03\/IMG_2965-1024x768.jpeg\" alt=\"\" data-id=\"2311\" data-full-url=\"https:\/\/www.intellectualsovereignty.ch\/wp-content\/uploads\/2021\/03\/IMG_2965.jpeg\" data-link=\"https:\/\/www.intellectualsovereignty.ch\/index.php\/2021\/03\/21\/hike-50-biel-solothurn\/img_2965\/\" class=\"wp-image-2311\" srcset=\"https:\/\/www.intellectualsovereignty.ch\/wp-content\/uploads\/2021\/03\/IMG_2965-1024x768.jpeg 1024w, https:\/\/www.intellectualsovereignty.ch\/wp-content\/uploads\/2021\/03\/IMG_2965-300x225.jpeg 300w, https:\/\/www.intellectualsovereignty.ch\/wp-content\/uploads\/2021\/03\/IMG_2965-768x576.jpeg 768w, https:\/\/www.intellectualsovereignty.ch\/wp-content\/uploads\/2021\/03\/IMG_2965-400x300.jpeg 400w, https:\/\/www.intellectualsovereignty.ch\/wp-content\/uploads\/2021\/03\/IMG_2965-800x600.jpeg 800w, https:\/\/www.intellectualsovereignty.ch\/wp-content\/uploads\/2021\/03\/IMG_2965.jpeg 1280w\" sizes=\"auto, (max-width: 1024px) 100vw, 1024px\" \/><\/figure><\/li><li class=\"blocks-gallery-item\"><figure><img loading=\"lazy\" decoding=\"async\" width=\"1024\" height=\"768\" data-attachment-id=\"2312\" data-permalink=\"https:\/\/www.intellectualsovereignty.ch\/index.php\/2021\/03\/20\/hike-50-biel-solothurn\/img_2966\/\" data-orig-file=\"https:\/\/www.intellectualsovereignty.ch\/wp-content\/uploads\/2021\/03\/IMG_2966.jpeg\" data-orig-size=\"1280,960\" data-comments-opened=\"0\" data-image-title=\"IMG_2966\" data-image-description=\"\" data-image-caption=\"\" data-large-file=\"https:\/\/www.intellectualsovereignty.ch\/wp-content\/uploads\/2021\/03\/IMG_2966-1024x768.jpeg\" src=\"https:\/\/www.intellectualsovereignty.ch\/wp-content\/uploads\/2021\/03\/IMG_2966-1024x768.jpeg\" alt=\"\" data-id=\"2312\" data-full-url=\"https:\/\/www.intellectualsovereignty.ch\/wp-content\/uploads\/2021\/03\/IMG_2966.jpeg\" data-link=\"https:\/\/www.intellectualsovereignty.ch\/index.php\/2021\/03\/21\/hike-50-biel-solothurn\/img_2966\/\" class=\"wp-image-2312\" srcset=\"https:\/\/www.intellectualsovereignty.ch\/wp-content\/uploads\/2021\/03\/IMG_2966-1024x768.jpeg 1024w, https:\/\/www.intellectualsovereignty.ch\/wp-content\/uploads\/2021\/03\/IMG_2966-300x225.jpeg 300w, https:\/\/www.intellectualsovereignty.ch\/wp-content\/uploads\/2021\/03\/IMG_2966-768x576.jpeg 768w, https:\/\/www.intellectualsovereignty.ch\/wp-content\/uploads\/2021\/03\/IMG_2966-400x300.jpeg 400w, https:\/\/www.intellectualsovereignty.ch\/wp-content\/uploads\/2021\/03\/IMG_2966-800x600.jpeg 800w, https:\/\/www.intellectualsovereignty.ch\/wp-content\/uploads\/2021\/03\/IMG_2966.jpeg 1280w\" sizes=\"auto, (max-width: 1024px) 100vw, 1024px\" \/><\/figure><\/li><\/ul><\/figure>\n\n\n\n<p class=\"wp-block-paragraph\">Vor B\u00fcren a.d.A. er\u00f6ffnet sich der Blick auf den wortw\u00f6rtlich weissen Weissenstein, und damit auf den Abschnitt des Jurah\u00f6hewegs, den ich ganz zu Beginn meiner Bloggerei mit D\u00e4nu gelaufen bin (siehe <a href=\"https:\/\/www.intellectualsovereignty.ch\/index.php\/2019\/06\/08\/hike-1-weissenstein-frinvillier\/\">Hike#1<\/a>). Das St\u00e4dtchen selbst ist wohl wetter- und coronabedingt etwas gar ruhig, h\u00fcbsch anzusehen die vielen Kunstwerke entlang des Aareufers. Von da weg windet sich die Aare mehrfach durchs Seeland und ich begegne vielen grossen weide\u00e4hnlichen B\u00e4umen. In Altreu klappern die St\u00f6rche paarweise von den Hausd\u00e4chern, dahinter stelle ich verwundert die Vielzahl an Misteln in den Baumwipfeln fest, auch die Biber scheinen hier wieder heimisch zu sein. Schliesslich kreuze ich die Aare in Solothurn \u00fcber die moderne neue Velobr\u00fccke und schl\u00e4ngle mich ein letztes Mal der Aare entlang, bevor es rechts zum Hauptbahnhof und einer warmen R\u00fcckreise per RBS-Z\u00fcgli nach Bern zur\u00fcck geht.<\/p>\n\n\n\n<figure class=\"wp-block-gallery columns-3 is-cropped wp-block-gallery-2 is-layout-flex wp-block-gallery-is-layout-flex\"><ul class=\"blocks-gallery-grid\"><li class=\"blocks-gallery-item\"><figure><img loading=\"lazy\" decoding=\"async\" width=\"1024\" height=\"768\" data-attachment-id=\"2313\" data-permalink=\"https:\/\/www.intellectualsovereignty.ch\/index.php\/2021\/03\/20\/hike-50-biel-solothurn\/img_2969\/\" data-orig-file=\"https:\/\/www.intellectualsovereignty.ch\/wp-content\/uploads\/2021\/03\/IMG_2969.jpeg\" data-orig-size=\"1280,960\" data-comments-opened=\"0\" data-image-title=\"IMG_2969\" data-image-description=\"\" data-image-caption=\"\" data-large-file=\"https:\/\/www.intellectualsovereignty.ch\/wp-content\/uploads\/2021\/03\/IMG_2969-1024x768.jpeg\" src=\"https:\/\/www.intellectualsovereignty.ch\/wp-content\/uploads\/2021\/03\/IMG_2969-1024x768.jpeg\" alt=\"\" data-id=\"2313\" data-full-url=\"https:\/\/www.intellectualsovereignty.ch\/wp-content\/uploads\/2021\/03\/IMG_2969.jpeg\" data-link=\"https:\/\/www.intellectualsovereignty.ch\/index.php\/2021\/03\/21\/hike-50-biel-solothurn\/img_2969\/\" class=\"wp-image-2313\" srcset=\"https:\/\/www.intellectualsovereignty.ch\/wp-content\/uploads\/2021\/03\/IMG_2969-1024x768.jpeg 1024w, https:\/\/www.intellectualsovereignty.ch\/wp-content\/uploads\/2021\/03\/IMG_2969-300x225.jpeg 300w, https:\/\/www.intellectualsovereignty.ch\/wp-content\/uploads\/2021\/03\/IMG_2969-768x576.jpeg 768w, https:\/\/www.intellectualsovereignty.ch\/wp-content\/uploads\/2021\/03\/IMG_2969-400x300.jpeg 400w, https:\/\/www.intellectualsovereignty.ch\/wp-content\/uploads\/2021\/03\/IMG_2969-800x600.jpeg 800w, https:\/\/www.intellectualsovereignty.ch\/wp-content\/uploads\/2021\/03\/IMG_2969.jpeg 1280w\" sizes=\"auto, (max-width: 1024px) 100vw, 1024px\" \/><\/figure><\/li><li class=\"blocks-gallery-item\"><figure><img loading=\"lazy\" decoding=\"async\" width=\"1024\" height=\"768\" data-attachment-id=\"2314\" data-permalink=\"https:\/\/www.intellectualsovereignty.ch\/index.php\/2021\/03\/20\/hike-50-biel-solothurn\/img_2970\/\" data-orig-file=\"https:\/\/www.intellectualsovereignty.ch\/wp-content\/uploads\/2021\/03\/IMG_2970.jpeg\" data-orig-size=\"1280,960\" data-comments-opened=\"0\" data-image-title=\"IMG_2970\" data-image-description=\"\" data-image-caption=\"\" data-large-file=\"https:\/\/www.intellectualsovereignty.ch\/wp-content\/uploads\/2021\/03\/IMG_2970-1024x768.jpeg\" src=\"https:\/\/www.intellectualsovereignty.ch\/wp-content\/uploads\/2021\/03\/IMG_2970-1024x768.jpeg\" alt=\"\" data-id=\"2314\" data-full-url=\"https:\/\/www.intellectualsovereignty.ch\/wp-content\/uploads\/2021\/03\/IMG_2970.jpeg\" data-link=\"https:\/\/www.intellectualsovereignty.ch\/index.php\/2021\/03\/21\/hike-50-biel-solothurn\/img_2970\/\" class=\"wp-image-2314\" srcset=\"https:\/\/www.intellectualsovereignty.ch\/wp-content\/uploads\/2021\/03\/IMG_2970-1024x768.jpeg 1024w, https:\/\/www.intellectualsovereignty.ch\/wp-content\/uploads\/2021\/03\/IMG_2970-300x225.jpeg 300w, https:\/\/www.intellectualsovereignty.ch\/wp-content\/uploads\/2021\/03\/IMG_2970-768x576.jpeg 768w, https:\/\/www.intellectualsovereignty.ch\/wp-content\/uploads\/2021\/03\/IMG_2970-400x300.jpeg 400w, https:\/\/www.intellectualsovereignty.ch\/wp-content\/uploads\/2021\/03\/IMG_2970-800x600.jpeg 800w, https:\/\/www.intellectualsovereignty.ch\/wp-content\/uploads\/2021\/03\/IMG_2970.jpeg 1280w\" sizes=\"auto, (max-width: 1024px) 100vw, 1024px\" \/><\/figure><\/li><li class=\"blocks-gallery-item\"><figure><img loading=\"lazy\" decoding=\"async\" width=\"1024\" height=\"768\" data-attachment-id=\"2315\" data-permalink=\"https:\/\/www.intellectualsovereignty.ch\/index.php\/2021\/03\/20\/hike-50-biel-solothurn\/img_2971\/\" data-orig-file=\"https:\/\/www.intellectualsovereignty.ch\/wp-content\/uploads\/2021\/03\/IMG_2971.jpeg\" data-orig-size=\"1280,960\" data-comments-opened=\"0\" data-image-title=\"IMG_2971\" data-image-description=\"\" data-image-caption=\"\" data-large-file=\"https:\/\/www.intellectualsovereignty.ch\/wp-content\/uploads\/2021\/03\/IMG_2971-1024x768.jpeg\" src=\"https:\/\/www.intellectualsovereignty.ch\/wp-content\/uploads\/2021\/03\/IMG_2971-1024x768.jpeg\" alt=\"\" data-id=\"2315\" data-full-url=\"https:\/\/www.intellectualsovereignty.ch\/wp-content\/uploads\/2021\/03\/IMG_2971.jpeg\" data-link=\"https:\/\/www.intellectualsovereignty.ch\/index.php\/2021\/03\/21\/hike-50-biel-solothurn\/img_2971\/\" class=\"wp-image-2315\" srcset=\"https:\/\/www.intellectualsovereignty.ch\/wp-content\/uploads\/2021\/03\/IMG_2971-1024x768.jpeg 1024w, https:\/\/www.intellectualsovereignty.ch\/wp-content\/uploads\/2021\/03\/IMG_2971-300x225.jpeg 300w, https:\/\/www.intellectualsovereignty.ch\/wp-content\/uploads\/2021\/03\/IMG_2971-768x576.jpeg 768w, https:\/\/www.intellectualsovereignty.ch\/wp-content\/uploads\/2021\/03\/IMG_2971-400x300.jpeg 400w, https:\/\/www.intellectualsovereignty.ch\/wp-content\/uploads\/2021\/03\/IMG_2971-800x600.jpeg 800w, https:\/\/www.intellectualsovereignty.ch\/wp-content\/uploads\/2021\/03\/IMG_2971.jpeg 1280w\" sizes=\"auto, (max-width: 1024px) 100vw, 1024px\" \/><\/figure><\/li><li class=\"blocks-gallery-item\"><figure><img loading=\"lazy\" decoding=\"async\" width=\"768\" height=\"1024\" data-attachment-id=\"2316\" data-permalink=\"https:\/\/www.intellectualsovereignty.ch\/index.php\/2021\/03\/20\/hike-50-biel-solothurn\/img_2972\/\" data-orig-file=\"https:\/\/www.intellectualsovereignty.ch\/wp-content\/uploads\/2021\/03\/IMG_2972.jpeg\" data-orig-size=\"960,1280\" data-comments-opened=\"0\" data-image-title=\"IMG_2972\" data-image-description=\"\" data-image-caption=\"\" data-large-file=\"https:\/\/www.intellectualsovereignty.ch\/wp-content\/uploads\/2021\/03\/IMG_2972-768x1024.jpeg\" src=\"https:\/\/www.intellectualsovereignty.ch\/wp-content\/uploads\/2021\/03\/IMG_2972-768x1024.jpeg\" alt=\"\" data-id=\"2316\" data-full-url=\"https:\/\/www.intellectualsovereignty.ch\/wp-content\/uploads\/2021\/03\/IMG_2972.jpeg\" data-link=\"https:\/\/www.intellectualsovereignty.ch\/index.php\/2021\/03\/21\/hike-50-biel-solothurn\/img_2972\/\" class=\"wp-image-2316\" srcset=\"https:\/\/www.intellectualsovereignty.ch\/wp-content\/uploads\/2021\/03\/IMG_2972-768x1024.jpeg 768w, https:\/\/www.intellectualsovereignty.ch\/wp-content\/uploads\/2021\/03\/IMG_2972-225x300.jpeg 225w, https:\/\/www.intellectualsovereignty.ch\/wp-content\/uploads\/2021\/03\/IMG_2972-400x533.jpeg 400w, https:\/\/www.intellectualsovereignty.ch\/wp-content\/uploads\/2021\/03\/IMG_2972-800x1067.jpeg 800w, https:\/\/www.intellectualsovereignty.ch\/wp-content\/uploads\/2021\/03\/IMG_2972.jpeg 960w\" sizes=\"auto, (max-width: 768px) 100vw, 768px\" \/><\/figure><\/li><li class=\"blocks-gallery-item\"><figure><img loading=\"lazy\" decoding=\"async\" width=\"1024\" height=\"770\" data-attachment-id=\"2317\" data-permalink=\"https:\/\/www.intellectualsovereignty.ch\/index.php\/2021\/03\/20\/hike-50-biel-solothurn\/img_2973\/\" data-orig-file=\"https:\/\/www.intellectualsovereignty.ch\/wp-content\/uploads\/2021\/03\/IMG_2973.jpeg\" data-orig-size=\"1280,962\" data-comments-opened=\"0\" data-image-title=\"IMG_2973\" data-image-description=\"\" data-image-caption=\"\" data-large-file=\"https:\/\/www.intellectualsovereignty.ch\/wp-content\/uploads\/2021\/03\/IMG_2973-1024x770.jpeg\" src=\"https:\/\/www.intellectualsovereignty.ch\/wp-content\/uploads\/2021\/03\/IMG_2973-1024x770.jpeg\" alt=\"\" data-id=\"2317\" data-full-url=\"https:\/\/www.intellectualsovereignty.ch\/wp-content\/uploads\/2021\/03\/IMG_2973.jpeg\" data-link=\"https:\/\/www.intellectualsovereignty.ch\/index.php\/2021\/03\/21\/hike-50-biel-solothurn\/img_2973\/\" class=\"wp-image-2317\" srcset=\"https:\/\/www.intellectualsovereignty.ch\/wp-content\/uploads\/2021\/03\/IMG_2973-1024x770.jpeg 1024w, https:\/\/www.intellectualsovereignty.ch\/wp-content\/uploads\/2021\/03\/IMG_2973-300x225.jpeg 300w, https:\/\/www.intellectualsovereignty.ch\/wp-content\/uploads\/2021\/03\/IMG_2973-768x577.jpeg 768w, https:\/\/www.intellectualsovereignty.ch\/wp-content\/uploads\/2021\/03\/IMG_2973-400x301.jpeg 400w, https:\/\/www.intellectualsovereignty.ch\/wp-content\/uploads\/2021\/03\/IMG_2973-800x601.jpeg 800w, https:\/\/www.intellectualsovereignty.ch\/wp-content\/uploads\/2021\/03\/IMG_2973.jpeg 1280w\" sizes=\"auto, (max-width: 1024px) 100vw, 1024px\" \/><\/figure><\/li><li class=\"blocks-gallery-item\"><figure><img loading=\"lazy\" decoding=\"async\" width=\"1024\" height=\"768\" data-attachment-id=\"2318\" data-permalink=\"https:\/\/www.intellectualsovereignty.ch\/index.php\/2021\/03\/20\/hike-50-biel-solothurn\/img_2974\/\" data-orig-file=\"https:\/\/www.intellectualsovereignty.ch\/wp-content\/uploads\/2021\/03\/IMG_2974.jpeg\" data-orig-size=\"1280,960\" data-comments-opened=\"0\" data-image-title=\"IMG_2974\" data-image-description=\"\" data-image-caption=\"\" data-large-file=\"https:\/\/www.intellectualsovereignty.ch\/wp-content\/uploads\/2021\/03\/IMG_2974-1024x768.jpeg\" src=\"https:\/\/www.intellectualsovereignty.ch\/wp-content\/uploads\/2021\/03\/IMG_2974-1024x768.jpeg\" alt=\"\" data-id=\"2318\" data-full-url=\"https:\/\/www.intellectualsovereignty.ch\/wp-content\/uploads\/2021\/03\/IMG_2974.jpeg\" data-link=\"https:\/\/www.intellectualsovereignty.ch\/index.php\/2021\/03\/21\/hike-50-biel-solothurn\/img_2974\/\" class=\"wp-image-2318\" srcset=\"https:\/\/www.intellectualsovereignty.ch\/wp-content\/uploads\/2021\/03\/IMG_2974-1024x768.jpeg 1024w, https:\/\/www.intellectualsovereignty.ch\/wp-content\/uploads\/2021\/03\/IMG_2974-300x225.jpeg 300w, https:\/\/www.intellectualsovereignty.ch\/wp-content\/uploads\/2021\/03\/IMG_2974-768x576.jpeg 768w, https:\/\/www.intellectualsovereignty.ch\/wp-content\/uploads\/2021\/03\/IMG_2974-400x300.jpeg 400w, https:\/\/www.intellectualsovereignty.ch\/wp-content\/uploads\/2021\/03\/IMG_2974-800x600.jpeg 800w, https:\/\/www.intellectualsovereignty.ch\/wp-content\/uploads\/2021\/03\/IMG_2974.jpeg 1280w\" sizes=\"auto, (max-width: 1024px) 100vw, 1024px\" \/><\/figure><\/li><li class=\"blocks-gallery-item\"><figure><img loading=\"lazy\" decoding=\"async\" width=\"1024\" height=\"768\" data-attachment-id=\"2319\" data-permalink=\"https:\/\/www.intellectualsovereignty.ch\/index.php\/2021\/03\/20\/hike-50-biel-solothurn\/img_2975\/\" data-orig-file=\"https:\/\/www.intellectualsovereignty.ch\/wp-content\/uploads\/2021\/03\/IMG_2975.jpeg\" data-orig-size=\"1280,960\" data-comments-opened=\"0\" data-image-title=\"IMG_2975\" data-image-description=\"\" data-image-caption=\"\" data-large-file=\"https:\/\/www.intellectualsovereignty.ch\/wp-content\/uploads\/2021\/03\/IMG_2975-1024x768.jpeg\" src=\"https:\/\/www.intellectualsovereignty.ch\/wp-content\/uploads\/2021\/03\/IMG_2975-1024x768.jpeg\" alt=\"\" data-id=\"2319\" data-full-url=\"https:\/\/www.intellectualsovereignty.ch\/wp-content\/uploads\/2021\/03\/IMG_2975.jpeg\" data-link=\"https:\/\/www.intellectualsovereignty.ch\/index.php\/2021\/03\/21\/hike-50-biel-solothurn\/img_2975\/\" class=\"wp-image-2319\" srcset=\"https:\/\/www.intellectualsovereignty.ch\/wp-content\/uploads\/2021\/03\/IMG_2975-1024x768.jpeg 1024w, https:\/\/www.intellectualsovereignty.ch\/wp-content\/uploads\/2021\/03\/IMG_2975-300x225.jpeg 300w, https:\/\/www.intellectualsovereignty.ch\/wp-content\/uploads\/2021\/03\/IMG_2975-768x576.jpeg 768w, https:\/\/www.intellectualsovereignty.ch\/wp-content\/uploads\/2021\/03\/IMG_2975-400x300.jpeg 400w, https:\/\/www.intellectualsovereignty.ch\/wp-content\/uploads\/2021\/03\/IMG_2975-800x600.jpeg 800w, https:\/\/www.intellectualsovereignty.ch\/wp-content\/uploads\/2021\/03\/IMG_2975.jpeg 1280w\" sizes=\"auto, (max-width: 1024px) 100vw, 1024px\" \/><\/figure><\/li><li class=\"blocks-gallery-item\"><figure><img loading=\"lazy\" decoding=\"async\" width=\"1024\" height=\"768\" data-attachment-id=\"2320\" data-permalink=\"https:\/\/www.intellectualsovereignty.ch\/index.php\/2021\/03\/20\/hike-50-biel-solothurn\/img_2976\/\" data-orig-file=\"https:\/\/www.intellectualsovereignty.ch\/wp-content\/uploads\/2021\/03\/IMG_2976.jpeg\" data-orig-size=\"1280,960\" data-comments-opened=\"0\" data-image-title=\"IMG_2976\" data-image-description=\"\" data-image-caption=\"\" data-large-file=\"https:\/\/www.intellectualsovereignty.ch\/wp-content\/uploads\/2021\/03\/IMG_2976-1024x768.jpeg\" src=\"https:\/\/www.intellectualsovereignty.ch\/wp-content\/uploads\/2021\/03\/IMG_2976-1024x768.jpeg\" alt=\"\" data-id=\"2320\" data-full-url=\"https:\/\/www.intellectualsovereignty.ch\/wp-content\/uploads\/2021\/03\/IMG_2976.jpeg\" data-link=\"https:\/\/www.intellectualsovereignty.ch\/index.php\/2021\/03\/21\/hike-50-biel-solothurn\/img_2976\/\" class=\"wp-image-2320\" srcset=\"https:\/\/www.intellectualsovereignty.ch\/wp-content\/uploads\/2021\/03\/IMG_2976-1024x768.jpeg 1024w, https:\/\/www.intellectualsovereignty.ch\/wp-content\/uploads\/2021\/03\/IMG_2976-300x225.jpeg 300w, https:\/\/www.intellectualsovereignty.ch\/wp-content\/uploads\/2021\/03\/IMG_2976-768x576.jpeg 768w, https:\/\/www.intellectualsovereignty.ch\/wp-content\/uploads\/2021\/03\/IMG_2976-400x300.jpeg 400w, https:\/\/www.intellectualsovereignty.ch\/wp-content\/uploads\/2021\/03\/IMG_2976-800x600.jpeg 800w, https:\/\/www.intellectualsovereignty.ch\/wp-content\/uploads\/2021\/03\/IMG_2976.jpeg 1280w\" sizes=\"auto, (max-width: 1024px) 100vw, 1024px\" \/><\/figure><\/li><li class=\"blocks-gallery-item\"><figure><img loading=\"lazy\" decoding=\"async\" width=\"768\" height=\"1024\" data-attachment-id=\"2321\" data-permalink=\"https:\/\/www.intellectualsovereignty.ch\/index.php\/2021\/03\/20\/hike-50-biel-solothurn\/img_2977\/\" data-orig-file=\"https:\/\/www.intellectualsovereignty.ch\/wp-content\/uploads\/2021\/03\/IMG_2977.jpeg\" data-orig-size=\"960,1280\" data-comments-opened=\"0\" data-image-title=\"IMG_2977\" data-image-description=\"\" data-image-caption=\"\" data-large-file=\"https:\/\/www.intellectualsovereignty.ch\/wp-content\/uploads\/2021\/03\/IMG_2977-768x1024.jpeg\" src=\"https:\/\/www.intellectualsovereignty.ch\/wp-content\/uploads\/2021\/03\/IMG_2977-768x1024.jpeg\" alt=\"\" data-id=\"2321\" data-full-url=\"https:\/\/www.intellectualsovereignty.ch\/wp-content\/uploads\/2021\/03\/IMG_2977.jpeg\" data-link=\"https:\/\/www.intellectualsovereignty.ch\/index.php\/2021\/03\/21\/hike-50-biel-solothurn\/img_2977\/\" class=\"wp-image-2321\" srcset=\"https:\/\/www.intellectualsovereignty.ch\/wp-content\/uploads\/2021\/03\/IMG_2977-768x1024.jpeg 768w, https:\/\/www.intellectualsovereignty.ch\/wp-content\/uploads\/2021\/03\/IMG_2977-225x300.jpeg 225w, https:\/\/www.intellectualsovereignty.ch\/wp-content\/uploads\/2021\/03\/IMG_2977-400x533.jpeg 400w, https:\/\/www.intellectualsovereignty.ch\/wp-content\/uploads\/2021\/03\/IMG_2977-800x1067.jpeg 800w, https:\/\/www.intellectualsovereignty.ch\/wp-content\/uploads\/2021\/03\/IMG_2977.jpeg 960w\" sizes=\"auto, (max-width: 768px) 100vw, 768px\" \/><\/figure><\/li><li class=\"blocks-gallery-item\"><figure><img loading=\"lazy\" decoding=\"async\" width=\"768\" height=\"1024\" data-attachment-id=\"2322\" data-permalink=\"https:\/\/www.intellectualsovereignty.ch\/index.php\/2021\/03\/20\/hike-50-biel-solothurn\/img_2978\/\" data-orig-file=\"https:\/\/www.intellectualsovereignty.ch\/wp-content\/uploads\/2021\/03\/IMG_2978.jpeg\" data-orig-size=\"960,1280\" data-comments-opened=\"0\" data-image-title=\"IMG_2978\" data-image-description=\"\" data-image-caption=\"\" data-large-file=\"https:\/\/www.intellectualsovereignty.ch\/wp-content\/uploads\/2021\/03\/IMG_2978-768x1024.jpeg\" src=\"https:\/\/www.intellectualsovereignty.ch\/wp-content\/uploads\/2021\/03\/IMG_2978-768x1024.jpeg\" alt=\"\" data-id=\"2322\" data-full-url=\"https:\/\/www.intellectualsovereignty.ch\/wp-content\/uploads\/2021\/03\/IMG_2978.jpeg\" data-link=\"https:\/\/www.intellectualsovereignty.ch\/index.php\/2021\/03\/21\/hike-50-biel-solothurn\/img_2978\/\" class=\"wp-image-2322\" srcset=\"https:\/\/www.intellectualsovereignty.ch\/wp-content\/uploads\/2021\/03\/IMG_2978-768x1024.jpeg 768w, https:\/\/www.intellectualsovereignty.ch\/wp-content\/uploads\/2021\/03\/IMG_2978-225x300.jpeg 225w, https:\/\/www.intellectualsovereignty.ch\/wp-content\/uploads\/2021\/03\/IMG_2978-400x533.jpeg 400w, https:\/\/www.intellectualsovereignty.ch\/wp-content\/uploads\/2021\/03\/IMG_2978-800x1067.jpeg 800w, https:\/\/www.intellectualsovereignty.ch\/wp-content\/uploads\/2021\/03\/IMG_2978.jpeg 960w\" sizes=\"auto, (max-width: 768px) 100vw, 768px\" \/><\/figure><\/li><li class=\"blocks-gallery-item\"><figure><img loading=\"lazy\" decoding=\"async\" width=\"768\" height=\"1024\" data-attachment-id=\"2323\" data-permalink=\"https:\/\/www.intellectualsovereignty.ch\/index.php\/2021\/03\/20\/hike-50-biel-solothurn\/img_2979\/\" data-orig-file=\"https:\/\/www.intellectualsovereignty.ch\/wp-content\/uploads\/2021\/03\/IMG_2979.jpeg\" data-orig-size=\"960,1280\" data-comments-opened=\"0\" data-image-title=\"IMG_2979\" data-image-description=\"\" data-image-caption=\"\" data-large-file=\"https:\/\/www.intellectualsovereignty.ch\/wp-content\/uploads\/2021\/03\/IMG_2979-768x1024.jpeg\" src=\"https:\/\/www.intellectualsovereignty.ch\/wp-content\/uploads\/2021\/03\/IMG_2979-768x1024.jpeg\" alt=\"\" data-id=\"2323\" data-full-url=\"https:\/\/www.intellectualsovereignty.ch\/wp-content\/uploads\/2021\/03\/IMG_2979.jpeg\" data-link=\"https:\/\/www.intellectualsovereignty.ch\/index.php\/2021\/03\/21\/hike-50-biel-solothurn\/img_2979\/\" class=\"wp-image-2323\" srcset=\"https:\/\/www.intellectualsovereignty.ch\/wp-content\/uploads\/2021\/03\/IMG_2979-768x1024.jpeg 768w, https:\/\/www.intellectualsovereignty.ch\/wp-content\/uploads\/2021\/03\/IMG_2979-225x300.jpeg 225w, https:\/\/www.intellectualsovereignty.ch\/wp-content\/uploads\/2021\/03\/IMG_2979-400x533.jpeg 400w, https:\/\/www.intellectualsovereignty.ch\/wp-content\/uploads\/2021\/03\/IMG_2979-800x1067.jpeg 800w, https:\/\/www.intellectualsovereignty.ch\/wp-content\/uploads\/2021\/03\/IMG_2979.jpeg 960w\" sizes=\"auto, (max-width: 768px) 100vw, 768px\" \/><\/figure><\/li><li class=\"blocks-gallery-item\"><figure><img loading=\"lazy\" decoding=\"async\" width=\"768\" height=\"1024\" data-attachment-id=\"2324\" data-permalink=\"https:\/\/www.intellectualsovereignty.ch\/index.php\/2021\/03\/20\/hike-50-biel-solothurn\/img_2980\/\" data-orig-file=\"https:\/\/www.intellectualsovereignty.ch\/wp-content\/uploads\/2021\/03\/IMG_2980.jpeg\" data-orig-size=\"960,1280\" data-comments-opened=\"0\" data-image-title=\"IMG_2980\" data-image-description=\"\" data-image-caption=\"\" data-large-file=\"https:\/\/www.intellectualsovereignty.ch\/wp-content\/uploads\/2021\/03\/IMG_2980-768x1024.jpeg\" src=\"https:\/\/www.intellectualsovereignty.ch\/wp-content\/uploads\/2021\/03\/IMG_2980-768x1024.jpeg\" alt=\"\" data-id=\"2324\" data-full-url=\"https:\/\/www.intellectualsovereignty.ch\/wp-content\/uploads\/2021\/03\/IMG_2980.jpeg\" data-link=\"https:\/\/www.intellectualsovereignty.ch\/index.php\/2021\/03\/21\/hike-50-biel-solothurn\/img_2980\/\" class=\"wp-image-2324\" srcset=\"https:\/\/www.intellectualsovereignty.ch\/wp-content\/uploads\/2021\/03\/IMG_2980-768x1024.jpeg 768w, https:\/\/www.intellectualsovereignty.ch\/wp-content\/uploads\/2021\/03\/IMG_2980-225x300.jpeg 225w, https:\/\/www.intellectualsovereignty.ch\/wp-content\/uploads\/2021\/03\/IMG_2980-400x533.jpeg 400w, https:\/\/www.intellectualsovereignty.ch\/wp-content\/uploads\/2021\/03\/IMG_2980-800x1067.jpeg 800w, https:\/\/www.intellectualsovereignty.ch\/wp-content\/uploads\/2021\/03\/IMG_2980.jpeg 960w\" sizes=\"auto, (max-width: 768px) 100vw, 768px\" \/><\/figure><\/li><li class=\"blocks-gallery-item\"><figure><img loading=\"lazy\" decoding=\"async\" width=\"1024\" height=\"768\" data-attachment-id=\"2325\" data-permalink=\"https:\/\/www.intellectualsovereignty.ch\/index.php\/2021\/03\/20\/hike-50-biel-solothurn\/img_2982\/\" data-orig-file=\"https:\/\/www.intellectualsovereignty.ch\/wp-content\/uploads\/2021\/03\/IMG_2982.jpeg\" data-orig-size=\"1280,960\" data-comments-opened=\"0\" data-image-title=\"IMG_2982\" data-image-description=\"\" data-image-caption=\"\" data-large-file=\"https:\/\/www.intellectualsovereignty.ch\/wp-content\/uploads\/2021\/03\/IMG_2982-1024x768.jpeg\" src=\"https:\/\/www.intellectualsovereignty.ch\/wp-content\/uploads\/2021\/03\/IMG_2982-1024x768.jpeg\" alt=\"\" data-id=\"2325\" data-full-url=\"https:\/\/www.intellectualsovereignty.ch\/wp-content\/uploads\/2021\/03\/IMG_2982.jpeg\" data-link=\"https:\/\/www.intellectualsovereignty.ch\/index.php\/2021\/03\/21\/hike-50-biel-solothurn\/img_2982\/\" class=\"wp-image-2325\" srcset=\"https:\/\/www.intellectualsovereignty.ch\/wp-content\/uploads\/2021\/03\/IMG_2982-1024x768.jpeg 1024w, https:\/\/www.intellectualsovereignty.ch\/wp-content\/uploads\/2021\/03\/IMG_2982-300x225.jpeg 300w, https:\/\/www.intellectualsovereignty.ch\/wp-content\/uploads\/2021\/03\/IMG_2982-768x576.jpeg 768w, https:\/\/www.intellectualsovereignty.ch\/wp-content\/uploads\/2021\/03\/IMG_2982-400x300.jpeg 400w, https:\/\/www.intellectualsovereignty.ch\/wp-content\/uploads\/2021\/03\/IMG_2982-800x600.jpeg 800w, https:\/\/www.intellectualsovereignty.ch\/wp-content\/uploads\/2021\/03\/IMG_2982.jpeg 1280w\" sizes=\"auto, (max-width: 1024px) 100vw, 1024px\" \/><\/figure><\/li><li class=\"blocks-gallery-item\"><figure><img loading=\"lazy\" decoding=\"async\" width=\"1024\" height=\"768\" data-attachment-id=\"2326\" data-permalink=\"https:\/\/www.intellectualsovereignty.ch\/index.php\/2021\/03\/20\/hike-50-biel-solothurn\/img_2983\/\" data-orig-file=\"https:\/\/www.intellectualsovereignty.ch\/wp-content\/uploads\/2021\/03\/IMG_2983.jpeg\" data-orig-size=\"1280,960\" data-comments-opened=\"0\" data-image-title=\"IMG_2983\" data-image-description=\"\" data-image-caption=\"\" data-large-file=\"https:\/\/www.intellectualsovereignty.ch\/wp-content\/uploads\/2021\/03\/IMG_2983-1024x768.jpeg\" src=\"https:\/\/www.intellectualsovereignty.ch\/wp-content\/uploads\/2021\/03\/IMG_2983-1024x768.jpeg\" alt=\"\" data-id=\"2326\" data-full-url=\"https:\/\/www.intellectualsovereignty.ch\/wp-content\/uploads\/2021\/03\/IMG_2983.jpeg\" data-link=\"https:\/\/www.intellectualsovereignty.ch\/index.php\/2021\/03\/21\/hike-50-biel-solothurn\/img_2983\/\" class=\"wp-image-2326\" srcset=\"https:\/\/www.intellectualsovereignty.ch\/wp-content\/uploads\/2021\/03\/IMG_2983-1024x768.jpeg 1024w, https:\/\/www.intellectualsovereignty.ch\/wp-content\/uploads\/2021\/03\/IMG_2983-300x225.jpeg 300w, https:\/\/www.intellectualsovereignty.ch\/wp-content\/uploads\/2021\/03\/IMG_2983-768x576.jpeg 768w, https:\/\/www.intellectualsovereignty.ch\/wp-content\/uploads\/2021\/03\/IMG_2983-400x300.jpeg 400w, https:\/\/www.intellectualsovereignty.ch\/wp-content\/uploads\/2021\/03\/IMG_2983-800x600.jpeg 800w, https:\/\/www.intellectualsovereignty.ch\/wp-content\/uploads\/2021\/03\/IMG_2983.jpeg 1280w\" sizes=\"auto, (max-width: 1024px) 100vw, 1024px\" \/><\/figure><\/li><li class=\"blocks-gallery-item\"><figure><img loading=\"lazy\" decoding=\"async\" width=\"1024\" height=\"768\" data-attachment-id=\"2327\" data-permalink=\"https:\/\/www.intellectualsovereignty.ch\/index.php\/2021\/03\/20\/hike-50-biel-solothurn\/img_2984\/\" data-orig-file=\"https:\/\/www.intellectualsovereignty.ch\/wp-content\/uploads\/2021\/03\/IMG_2984.jpeg\" data-orig-size=\"1280,960\" data-comments-opened=\"0\" data-image-title=\"IMG_2984\" data-image-description=\"\" data-image-caption=\"\" data-large-file=\"https:\/\/www.intellectualsovereignty.ch\/wp-content\/uploads\/2021\/03\/IMG_2984-1024x768.jpeg\" src=\"https:\/\/www.intellectualsovereignty.ch\/wp-content\/uploads\/2021\/03\/IMG_2984-1024x768.jpeg\" alt=\"\" data-id=\"2327\" data-full-url=\"https:\/\/www.intellectualsovereignty.ch\/wp-content\/uploads\/2021\/03\/IMG_2984.jpeg\" data-link=\"https:\/\/www.intellectualsovereignty.ch\/index.php\/2021\/03\/21\/hike-50-biel-solothurn\/img_2984\/\" class=\"wp-image-2327\" srcset=\"https:\/\/www.intellectualsovereignty.ch\/wp-content\/uploads\/2021\/03\/IMG_2984-1024x768.jpeg 1024w, https:\/\/www.intellectualsovereignty.ch\/wp-content\/uploads\/2021\/03\/IMG_2984-300x225.jpeg 300w, https:\/\/www.intellectualsovereignty.ch\/wp-content\/uploads\/2021\/03\/IMG_2984-768x576.jpeg 768w, https:\/\/www.intellectualsovereignty.ch\/wp-content\/uploads\/2021\/03\/IMG_2984-400x300.jpeg 400w, https:\/\/www.intellectualsovereignty.ch\/wp-content\/uploads\/2021\/03\/IMG_2984-800x600.jpeg 800w, https:\/\/www.intellectualsovereignty.ch\/wp-content\/uploads\/2021\/03\/IMG_2984.jpeg 1280w\" sizes=\"auto, (max-width: 1024px) 100vw, 1024px\" \/><\/figure><\/li><li class=\"blocks-gallery-item\"><figure><img loading=\"lazy\" decoding=\"async\" width=\"1024\" height=\"768\" data-attachment-id=\"2328\" data-permalink=\"https:\/\/www.intellectualsovereignty.ch\/index.php\/2021\/03\/20\/hike-50-biel-solothurn\/img_2985\/\" data-orig-file=\"https:\/\/www.intellectualsovereignty.ch\/wp-content\/uploads\/2021\/03\/IMG_2985.jpeg\" data-orig-size=\"1280,960\" data-comments-opened=\"0\" data-image-title=\"IMG_2985\" data-image-description=\"\" data-image-caption=\"\" data-large-file=\"https:\/\/www.intellectualsovereignty.ch\/wp-content\/uploads\/2021\/03\/IMG_2985-1024x768.jpeg\" src=\"https:\/\/www.intellectualsovereignty.ch\/wp-content\/uploads\/2021\/03\/IMG_2985-1024x768.jpeg\" alt=\"\" data-id=\"2328\" data-full-url=\"https:\/\/www.intellectualsovereignty.ch\/wp-content\/uploads\/2021\/03\/IMG_2985.jpeg\" data-link=\"https:\/\/www.intellectualsovereignty.ch\/index.php\/2021\/03\/21\/hike-50-biel-solothurn\/img_2985\/\" class=\"wp-image-2328\" srcset=\"https:\/\/www.intellectualsovereignty.ch\/wp-content\/uploads\/2021\/03\/IMG_2985-1024x768.jpeg 1024w, https:\/\/www.intellectualsovereignty.ch\/wp-content\/uploads\/2021\/03\/IMG_2985-300x225.jpeg 300w, https:\/\/www.intellectualsovereignty.ch\/wp-content\/uploads\/2021\/03\/IMG_2985-768x576.jpeg 768w, https:\/\/www.intellectualsovereignty.ch\/wp-content\/uploads\/2021\/03\/IMG_2985-400x300.jpeg 400w, https:\/\/www.intellectualsovereignty.ch\/wp-content\/uploads\/2021\/03\/IMG_2985-800x600.jpeg 800w, https:\/\/www.intellectualsovereignty.ch\/wp-content\/uploads\/2021\/03\/IMG_2985.jpeg 1280w\" sizes=\"auto, (max-width: 1024px) 100vw, 1024px\" \/><\/figure><\/li><li class=\"blocks-gallery-item\"><figure><img loading=\"lazy\" decoding=\"async\" width=\"1024\" height=\"768\" data-attachment-id=\"2329\" data-permalink=\"https:\/\/www.intellectualsovereignty.ch\/index.php\/2021\/03\/20\/hike-50-biel-solothurn\/img_2986\/\" data-orig-file=\"https:\/\/www.intellectualsovereignty.ch\/wp-content\/uploads\/2021\/03\/IMG_2986.jpeg\" data-orig-size=\"1280,960\" data-comments-opened=\"0\" data-image-title=\"IMG_2986\" data-image-description=\"\" data-image-caption=\"\" data-large-file=\"https:\/\/www.intellectualsovereignty.ch\/wp-content\/uploads\/2021\/03\/IMG_2986-1024x768.jpeg\" src=\"https:\/\/www.intellectualsovereignty.ch\/wp-content\/uploads\/2021\/03\/IMG_2986-1024x768.jpeg\" alt=\"\" data-id=\"2329\" data-full-url=\"https:\/\/www.intellectualsovereignty.ch\/wp-content\/uploads\/2021\/03\/IMG_2986.jpeg\" data-link=\"https:\/\/www.intellectualsovereignty.ch\/index.php\/2021\/03\/21\/hike-50-biel-solothurn\/img_2986\/\" class=\"wp-image-2329\" srcset=\"https:\/\/www.intellectualsovereignty.ch\/wp-content\/uploads\/2021\/03\/IMG_2986-1024x768.jpeg 1024w, https:\/\/www.intellectualsovereignty.ch\/wp-content\/uploads\/2021\/03\/IMG_2986-300x225.jpeg 300w, https:\/\/www.intellectualsovereignty.ch\/wp-content\/uploads\/2021\/03\/IMG_2986-768x576.jpeg 768w, https:\/\/www.intellectualsovereignty.ch\/wp-content\/uploads\/2021\/03\/IMG_2986-400x300.jpeg 400w, https:\/\/www.intellectualsovereignty.ch\/wp-content\/uploads\/2021\/03\/IMG_2986-800x600.jpeg 800w, https:\/\/www.intellectualsovereignty.ch\/wp-content\/uploads\/2021\/03\/IMG_2986.jpeg 1280w\" sizes=\"auto, (max-width: 1024px) 100vw, 1024px\" \/><\/figure><\/li><li class=\"blocks-gallery-item\"><figure><img loading=\"lazy\" decoding=\"async\" width=\"768\" height=\"1024\" data-attachment-id=\"2330\" data-permalink=\"https:\/\/www.intellectualsovereignty.ch\/index.php\/2021\/03\/20\/hike-50-biel-solothurn\/img_2987\/\" data-orig-file=\"https:\/\/www.intellectualsovereignty.ch\/wp-content\/uploads\/2021\/03\/IMG_2987.jpeg\" data-orig-size=\"960,1280\" data-comments-opened=\"0\" data-image-title=\"IMG_2987\" data-image-description=\"\" data-image-caption=\"\" data-large-file=\"https:\/\/www.intellectualsovereignty.ch\/wp-content\/uploads\/2021\/03\/IMG_2987-768x1024.jpeg\" src=\"https:\/\/www.intellectualsovereignty.ch\/wp-content\/uploads\/2021\/03\/IMG_2987-768x1024.jpeg\" alt=\"\" data-id=\"2330\" data-full-url=\"https:\/\/www.intellectualsovereignty.ch\/wp-content\/uploads\/2021\/03\/IMG_2987.jpeg\" data-link=\"https:\/\/www.intellectualsovereignty.ch\/index.php\/2021\/03\/21\/hike-50-biel-solothurn\/img_2987\/\" class=\"wp-image-2330\" srcset=\"https:\/\/www.intellectualsovereignty.ch\/wp-content\/uploads\/2021\/03\/IMG_2987-768x1024.jpeg 768w, https:\/\/www.intellectualsovereignty.ch\/wp-content\/uploads\/2021\/03\/IMG_2987-225x300.jpeg 225w, https:\/\/www.intellectualsovereignty.ch\/wp-content\/uploads\/2021\/03\/IMG_2987-400x533.jpeg 400w, https:\/\/www.intellectualsovereignty.ch\/wp-content\/uploads\/2021\/03\/IMG_2987-800x1067.jpeg 800w, https:\/\/www.intellectualsovereignty.ch\/wp-content\/uploads\/2021\/03\/IMG_2987.jpeg 960w\" sizes=\"auto, (max-width: 768px) 100vw, 768px\" \/><\/figure><\/li><li class=\"blocks-gallery-item\"><figure><img loading=\"lazy\" decoding=\"async\" width=\"1024\" height=\"768\" data-attachment-id=\"2331\" data-permalink=\"https:\/\/www.intellectualsovereignty.ch\/index.php\/2021\/03\/20\/hike-50-biel-solothurn\/img_2988\/\" data-orig-file=\"https:\/\/www.intellectualsovereignty.ch\/wp-content\/uploads\/2021\/03\/IMG_2988.jpeg\" data-orig-size=\"1280,960\" data-comments-opened=\"0\" data-image-title=\"IMG_2988\" data-image-description=\"\" data-image-caption=\"\" data-large-file=\"https:\/\/www.intellectualsovereignty.ch\/wp-content\/uploads\/2021\/03\/IMG_2988-1024x768.jpeg\" src=\"https:\/\/www.intellectualsovereignty.ch\/wp-content\/uploads\/2021\/03\/IMG_2988-1024x768.jpeg\" alt=\"\" data-id=\"2331\" data-full-url=\"https:\/\/www.intellectualsovereignty.ch\/wp-content\/uploads\/2021\/03\/IMG_2988.jpeg\" data-link=\"https:\/\/www.intellectualsovereignty.ch\/index.php\/2021\/03\/21\/hike-50-biel-solothurn\/img_2988\/\" class=\"wp-image-2331\" srcset=\"https:\/\/www.intellectualsovereignty.ch\/wp-content\/uploads\/2021\/03\/IMG_2988-1024x768.jpeg 1024w, https:\/\/www.intellectualsovereignty.ch\/wp-content\/uploads\/2021\/03\/IMG_2988-300x225.jpeg 300w, https:\/\/www.intellectualsovereignty.ch\/wp-content\/uploads\/2021\/03\/IMG_2988-768x576.jpeg 768w, https:\/\/www.intellectualsovereignty.ch\/wp-content\/uploads\/2021\/03\/IMG_2988-400x300.jpeg 400w, https:\/\/www.intellectualsovereignty.ch\/wp-content\/uploads\/2021\/03\/IMG_2988-800x600.jpeg 800w, https:\/\/www.intellectualsovereignty.ch\/wp-content\/uploads\/2021\/03\/IMG_2988.jpeg 1280w\" sizes=\"auto, (max-width: 1024px) 100vw, 1024px\" \/><\/figure><\/li><\/ul><\/figure>\n\n\n\n<p class=\"wp-block-paragraph\">R\u00fcckblickend eine sch\u00f6ne aber etwas gar windige Angelegenheit, im Hochsommer wohl zu heiss, f\u00fcr eine Velotour im Fr\u00fchling oder Herbst wohl perfekt, zu Fuss werde ich diesen Abschnitt sicher nicht mehr machen&#8230; rund 200km to go! \ud83d\ude42<\/p>\n\n\n\n<hr class=\"wp-block-separator\"\/>\n\n\n\n<p class=\"wp-block-paragraph\">Distanz: 33km<br>H\u00f6henmeter: 140m<br>Marschzeit: 5h30<br>GPS-Route:\u00a0<a rel=\"noreferrer noopener\" href=\"https:\/\/map.schweizmobil.ch\/?lang=de&amp;season=summer&amp;photos=yes&amp;bgLayer=pk&amp;logo=yes&amp;resolution=16.28&amp;E=2596373&amp;N=1223317&amp;layers=Wanderland&amp;trackId=1993837141\" target=\"_blank\">SchweizMobil<\/a><br>Beschrieb:\u00a0<a rel=\"noreferrer noopener\" href=\"https:\/\/www.schweizmobil.ch\/de\/wanderland\/routen\/route\/etappe-01591.html\" target=\"_blank\">Seeland-Solothurn-Weg (Nr. 76)<\/a>, Etappe 2 (Biel &#8211; B\u00fcren an der Aare)<\/p>\n\n\n[sgpx gpx=\/wp-content\/uploads\/gpx\/20210320_bielsolothurn.gpx ]\n","protected":false},"excerpt":{"rendered":"<p>Trotz schnittiger Bise beschliesse ich diesen Samstag die n\u00e4chste Etappe meiner Fernwanderung entlang der Aare (siehe Hike#46) anzugehen, und so steige ich ab dem neuen Gaston-Graffito schmunzelnd im Wankdorf in die S3 nach Biel&#8230; kurz vor Mittag nehme ich schliesslich den ersten Abschnitt nach B\u00fcren an der Aare in Angriff, zumindest zu Beginn nichts wirklich [&hellip;]<\/p>\n","protected":false},"author":1,"featured_media":2332,"comment_status":"open","ping_status":"open","sticky":false,"template":"","format":"standard","meta":{"_jetpack_newsletter_access":"","_jetpack_dont_email_post_to_subs":false,"_jetpack_newsletter_tier_id":0,"_jetpack_memberships_contains_paywalled_content":false,"_spotmap_latitude":"","_spotmap_longitude":"","_jetpack_feature_clip_id":0,"_jetpack_memberships_contains_paid_content":false,"footnotes":"","jetpack_post_was_ever_published":false},"categories":[3],"tags":[12],"class_list":["post-2294","post","type-post","status-publish","format-standard","has-post-thumbnail","hentry","category-hiking","tag-ch_076","has-thumbnail"],"jetpack_shortlink":"https:\/\/wp.me\/p9IwFN-B0","jetpack_likes_enabled":false,"jetpack_sharing_enabled":true,"jetpack_featured_media_url":"https:\/\/www.intellectualsovereignty.ch\/wp-content\/uploads\/2021\/03\/IMG_2981_cropped.jpeg","_links":{"self":[{"href":"https:\/\/www.intellectualsovereignty.ch\/index.php\/wp-json\/wp\/v2\/posts\/2294","targetHints":{"allow":["GET"]}}],"collection":[{"href":"https:\/\/www.intellectualsovereignty.ch\/index.php\/wp-json\/wp\/v2\/posts"}],"about":[{"href":"https:\/\/www.intellectualsovereignty.ch\/index.php\/wp-json\/wp\/v2\/types\/post"}],"author":[{"embeddable":true,"href":"https:\/\/www.intellectualsovereignty.ch\/index.php\/wp-json\/wp\/v2\/users\/1"}],"replies":[{"embeddable":true,"href":"https:\/\/www.intellectualsovereignty.ch\/index.php\/wp-json\/wp\/v2\/comments?post=2294"}],"version-history":[{"count":4,"href":"https:\/\/www.intellectualsovereignty.ch\/index.php\/wp-json\/wp\/v2\/posts\/2294\/revisions"}],"predecessor-version":[{"id":2334,"href":"https:\/\/www.intellectualsovereignty.ch\/index.php\/wp-json\/wp\/v2\/posts\/2294\/revisions\/2334"}],"wp:featuredmedia":[{"embeddable":true,"href":"https:\/\/www.intellectualsovereignty.ch\/index.php\/wp-json\/wp\/v2\/media\/2332"}],"wp:attachment":[{"href":"https:\/\/www.intellectualsovereignty.ch\/index.php\/wp-json\/wp\/v2\/media?parent=2294"}],"wp:term":[{"taxonomy":"category","embeddable":true,"href":"https:\/\/www.intellectualsovereignty.ch\/index.php\/wp-json\/wp\/v2\/categories?post=2294"},{"taxonomy":"post_tag","embeddable":true,"href":"https:\/\/www.intellectualsovereignty.ch\/index.php\/wp-json\/wp\/v2\/tags?post=2294"}],"curies":[{"name":"wp","href":"https:\/\/api.w.org\/{rel}","templated":true}]}}