{"id":2214,"date":"2021-02-09T08:43:00","date_gmt":"2021-02-09T07:43:00","guid":{"rendered":"https:\/\/www.intellectualsovereignty.ch\/?p=2214"},"modified":"2021-02-10T09:57:32","modified_gmt":"2021-02-10T08:57:32","slug":"hike-48-grindelwald-first-faulhorn-bussalp-grindelwald","status":"publish","type":"post","link":"https:\/\/www.intellectualsovereignty.ch\/index.php\/2021\/02\/09\/hike-48-grindelwald-first-faulhorn-bussalp-grindelwald\/","title":{"rendered":"Hike #48 \/ Grindelwald &#8211; First &#8211; Faulhorn &#8211; Bussalp &#8211; Grindelwald"},"content":{"rendered":"\n<p class=\"wp-block-paragraph\">Das Faulhorn im Winter zu erwandern stellt schon fast ein  fixer Punkt in meiner Jahresagenda dar, und so nutze ich Tage mit weniger pr\u00e4chtigem Wetter f\u00fcr eine ausgedehnte Tour ab Grindelwald und zur\u00fcck, so auch heute. Unten zu Beginn tr\u00fcb und neblig, oben vermeintlich windig aber bei Sonnenschein&#8230; Ich starte relativ sp\u00e4t kurz vor 10 Uhr, wohlwissentlich, dass ich erst nach Sonnenuntergang zur\u00fcck sein werde, vorsorglich packe ich mal meine Stirnlampe ein. Nach kaum einem Kilometer oberhalb des Terrassenwegs werde ich daran erinnert, wie schnell es gehen kann. In der Nacht hat es gut und gerne 5cm Neuschnee gegeben, so ist auch das blanke Eis auf dem Str\u00e4sschen bei der Brunniweid nicht zu sehen&#8230; Schwupp zieht&#8217;s mir die Beine unten weg und ich rutsche unbeholfen ein paar Meter den Hang runter. Jetzt bin ich definitiv wach! \ud83d\ude42<\/p>\n\n\n\n<p class=\"wp-block-paragraph\">Der Aufstieg ist durchgehend neblig, erst oberhalb First zeichnet sich ab, dass ich die Nebeldecke durchstossen werde. Voller Vorfreude ziehe ich an Wanderern, Schneeschuhlaufenden und Tourenskifahrenden vorbei&#8230; und werde nicht entt\u00e4uscht, doch seht selbst.<\/p>\n\n\n\n<figure class=\"wp-block-gallery columns-3 is-cropped wp-block-gallery-1 is-layout-flex wp-block-gallery-is-layout-flex\"><ul class=\"blocks-gallery-grid\"><li class=\"blocks-gallery-item\"><figure><img loading=\"lazy\" decoding=\"async\" width=\"768\" height=\"1024\" data-attachment-id=\"2218\" data-permalink=\"https:\/\/www.intellectualsovereignty.ch\/index.php\/2021\/02\/09\/hike-48-grindelwald-first-faulhorn-bussalp-grindelwald\/img_2781\/\" data-orig-file=\"https:\/\/www.intellectualsovereignty.ch\/wp-content\/uploads\/2021\/02\/IMG_2781.jpeg\" data-orig-size=\"960,1280\" data-comments-opened=\"0\" data-image-title=\"IMG_2781\" data-image-description=\"\" data-image-caption=\"\" data-large-file=\"https:\/\/www.intellectualsovereignty.ch\/wp-content\/uploads\/2021\/02\/IMG_2781-768x1024.jpeg\" src=\"https:\/\/www.intellectualsovereignty.ch\/wp-content\/uploads\/2021\/02\/IMG_2781-768x1024.jpeg\" alt=\"\" data-id=\"2218\" data-full-url=\"https:\/\/www.intellectualsovereignty.ch\/wp-content\/uploads\/2021\/02\/IMG_2781.jpeg\" data-link=\"https:\/\/www.intellectualsovereignty.ch\/index.php\/2021\/02\/09\/hike-48-grindelwald-first-faulhorn-bussalp-grindelwald\/img_2781\/\" class=\"wp-image-2218\" srcset=\"https:\/\/www.intellectualsovereignty.ch\/wp-content\/uploads\/2021\/02\/IMG_2781-768x1024.jpeg 768w, https:\/\/www.intellectualsovereignty.ch\/wp-content\/uploads\/2021\/02\/IMG_2781-225x300.jpeg 225w, https:\/\/www.intellectualsovereignty.ch\/wp-content\/uploads\/2021\/02\/IMG_2781-400x533.jpeg 400w, https:\/\/www.intellectualsovereignty.ch\/wp-content\/uploads\/2021\/02\/IMG_2781-800x1067.jpeg 800w, https:\/\/www.intellectualsovereignty.ch\/wp-content\/uploads\/2021\/02\/IMG_2781.jpeg 960w\" sizes=\"auto, (max-width: 768px) 100vw, 768px\" \/><\/figure><\/li><li class=\"blocks-gallery-item\"><figure><img loading=\"lazy\" decoding=\"async\" width=\"1024\" height=\"768\" data-attachment-id=\"2219\" data-permalink=\"https:\/\/www.intellectualsovereignty.ch\/index.php\/2021\/02\/09\/hike-48-grindelwald-first-faulhorn-bussalp-grindelwald\/img_2784\/\" data-orig-file=\"https:\/\/www.intellectualsovereignty.ch\/wp-content\/uploads\/2021\/02\/IMG_2784.jpeg\" data-orig-size=\"1280,960\" data-comments-opened=\"0\" data-image-title=\"IMG_2784\" data-image-description=\"\" data-image-caption=\"\" data-large-file=\"https:\/\/www.intellectualsovereignty.ch\/wp-content\/uploads\/2021\/02\/IMG_2784-1024x768.jpeg\" src=\"https:\/\/www.intellectualsovereignty.ch\/wp-content\/uploads\/2021\/02\/IMG_2784-1024x768.jpeg\" alt=\"\" data-id=\"2219\" data-full-url=\"https:\/\/www.intellectualsovereignty.ch\/wp-content\/uploads\/2021\/02\/IMG_2784.jpeg\" data-link=\"https:\/\/www.intellectualsovereignty.ch\/index.php\/2021\/02\/09\/hike-48-grindelwald-first-faulhorn-bussalp-grindelwald\/img_2784\/\" class=\"wp-image-2219\" srcset=\"https:\/\/www.intellectualsovereignty.ch\/wp-content\/uploads\/2021\/02\/IMG_2784-1024x768.jpeg 1024w, https:\/\/www.intellectualsovereignty.ch\/wp-content\/uploads\/2021\/02\/IMG_2784-300x225.jpeg 300w, https:\/\/www.intellectualsovereignty.ch\/wp-content\/uploads\/2021\/02\/IMG_2784-768x576.jpeg 768w, https:\/\/www.intellectualsovereignty.ch\/wp-content\/uploads\/2021\/02\/IMG_2784-400x300.jpeg 400w, https:\/\/www.intellectualsovereignty.ch\/wp-content\/uploads\/2021\/02\/IMG_2784-800x600.jpeg 800w, https:\/\/www.intellectualsovereignty.ch\/wp-content\/uploads\/2021\/02\/IMG_2784.jpeg 1280w\" sizes=\"auto, (max-width: 1024px) 100vw, 1024px\" \/><\/figure><\/li><li class=\"blocks-gallery-item\"><figure><img loading=\"lazy\" decoding=\"async\" width=\"1024\" height=\"768\" data-attachment-id=\"2220\" data-permalink=\"https:\/\/www.intellectualsovereignty.ch\/index.php\/2021\/02\/09\/hike-48-grindelwald-first-faulhorn-bussalp-grindelwald\/img_2785\/\" data-orig-file=\"https:\/\/www.intellectualsovereignty.ch\/wp-content\/uploads\/2021\/02\/IMG_2785.jpeg\" data-orig-size=\"1280,960\" data-comments-opened=\"0\" data-image-title=\"IMG_2785\" data-image-description=\"\" data-image-caption=\"\" data-large-file=\"https:\/\/www.intellectualsovereignty.ch\/wp-content\/uploads\/2021\/02\/IMG_2785-1024x768.jpeg\" src=\"https:\/\/www.intellectualsovereignty.ch\/wp-content\/uploads\/2021\/02\/IMG_2785-1024x768.jpeg\" alt=\"\" data-id=\"2220\" data-full-url=\"https:\/\/www.intellectualsovereignty.ch\/wp-content\/uploads\/2021\/02\/IMG_2785.jpeg\" data-link=\"https:\/\/www.intellectualsovereignty.ch\/index.php\/2021\/02\/09\/hike-48-grindelwald-first-faulhorn-bussalp-grindelwald\/img_2785\/\" class=\"wp-image-2220\" srcset=\"https:\/\/www.intellectualsovereignty.ch\/wp-content\/uploads\/2021\/02\/IMG_2785-1024x768.jpeg 1024w, https:\/\/www.intellectualsovereignty.ch\/wp-content\/uploads\/2021\/02\/IMG_2785-300x225.jpeg 300w, https:\/\/www.intellectualsovereignty.ch\/wp-content\/uploads\/2021\/02\/IMG_2785-768x576.jpeg 768w, https:\/\/www.intellectualsovereignty.ch\/wp-content\/uploads\/2021\/02\/IMG_2785-400x300.jpeg 400w, https:\/\/www.intellectualsovereignty.ch\/wp-content\/uploads\/2021\/02\/IMG_2785-800x600.jpeg 800w, https:\/\/www.intellectualsovereignty.ch\/wp-content\/uploads\/2021\/02\/IMG_2785.jpeg 1280w\" sizes=\"auto, (max-width: 1024px) 100vw, 1024px\" \/><\/figure><\/li><li class=\"blocks-gallery-item\"><figure><img loading=\"lazy\" decoding=\"async\" width=\"1024\" height=\"768\" data-attachment-id=\"2221\" data-permalink=\"https:\/\/www.intellectualsovereignty.ch\/index.php\/2021\/02\/09\/hike-48-grindelwald-first-faulhorn-bussalp-grindelwald\/img_2786\/\" data-orig-file=\"https:\/\/www.intellectualsovereignty.ch\/wp-content\/uploads\/2021\/02\/IMG_2786.jpeg\" data-orig-size=\"1280,960\" data-comments-opened=\"0\" data-image-title=\"IMG_2786\" data-image-description=\"\" data-image-caption=\"\" data-large-file=\"https:\/\/www.intellectualsovereignty.ch\/wp-content\/uploads\/2021\/02\/IMG_2786-1024x768.jpeg\" src=\"https:\/\/www.intellectualsovereignty.ch\/wp-content\/uploads\/2021\/02\/IMG_2786-1024x768.jpeg\" alt=\"\" data-id=\"2221\" data-full-url=\"https:\/\/www.intellectualsovereignty.ch\/wp-content\/uploads\/2021\/02\/IMG_2786.jpeg\" data-link=\"https:\/\/www.intellectualsovereignty.ch\/index.php\/2021\/02\/09\/hike-48-grindelwald-first-faulhorn-bussalp-grindelwald\/img_2786\/\" class=\"wp-image-2221\" srcset=\"https:\/\/www.intellectualsovereignty.ch\/wp-content\/uploads\/2021\/02\/IMG_2786-1024x768.jpeg 1024w, https:\/\/www.intellectualsovereignty.ch\/wp-content\/uploads\/2021\/02\/IMG_2786-300x225.jpeg 300w, https:\/\/www.intellectualsovereignty.ch\/wp-content\/uploads\/2021\/02\/IMG_2786-768x576.jpeg 768w, https:\/\/www.intellectualsovereignty.ch\/wp-content\/uploads\/2021\/02\/IMG_2786-400x300.jpeg 400w, https:\/\/www.intellectualsovereignty.ch\/wp-content\/uploads\/2021\/02\/IMG_2786-800x600.jpeg 800w, https:\/\/www.intellectualsovereignty.ch\/wp-content\/uploads\/2021\/02\/IMG_2786.jpeg 1280w\" sizes=\"auto, (max-width: 1024px) 100vw, 1024px\" \/><\/figure><\/li><li class=\"blocks-gallery-item\"><figure><img loading=\"lazy\" decoding=\"async\" width=\"768\" height=\"1024\" data-attachment-id=\"2222\" data-permalink=\"https:\/\/www.intellectualsovereignty.ch\/index.php\/2021\/02\/09\/hike-48-grindelwald-first-faulhorn-bussalp-grindelwald\/img_2787\/\" data-orig-file=\"https:\/\/www.intellectualsovereignty.ch\/wp-content\/uploads\/2021\/02\/IMG_2787.jpeg\" data-orig-size=\"960,1280\" data-comments-opened=\"0\" data-image-title=\"IMG_2787\" data-image-description=\"\" data-image-caption=\"\" data-large-file=\"https:\/\/www.intellectualsovereignty.ch\/wp-content\/uploads\/2021\/02\/IMG_2787-768x1024.jpeg\" src=\"https:\/\/www.intellectualsovereignty.ch\/wp-content\/uploads\/2021\/02\/IMG_2787-768x1024.jpeg\" alt=\"\" data-id=\"2222\" data-full-url=\"https:\/\/www.intellectualsovereignty.ch\/wp-content\/uploads\/2021\/02\/IMG_2787.jpeg\" data-link=\"https:\/\/www.intellectualsovereignty.ch\/index.php\/2021\/02\/09\/hike-48-grindelwald-first-faulhorn-bussalp-grindelwald\/img_2787\/\" class=\"wp-image-2222\" srcset=\"https:\/\/www.intellectualsovereignty.ch\/wp-content\/uploads\/2021\/02\/IMG_2787-768x1024.jpeg 768w, https:\/\/www.intellectualsovereignty.ch\/wp-content\/uploads\/2021\/02\/IMG_2787-225x300.jpeg 225w, https:\/\/www.intellectualsovereignty.ch\/wp-content\/uploads\/2021\/02\/IMG_2787-400x533.jpeg 400w, https:\/\/www.intellectualsovereignty.ch\/wp-content\/uploads\/2021\/02\/IMG_2787-800x1067.jpeg 800w, https:\/\/www.intellectualsovereignty.ch\/wp-content\/uploads\/2021\/02\/IMG_2787.jpeg 960w\" sizes=\"auto, (max-width: 768px) 100vw, 768px\" \/><\/figure><\/li><li class=\"blocks-gallery-item\"><figure><img loading=\"lazy\" decoding=\"async\" width=\"1024\" height=\"768\" data-attachment-id=\"2223\" data-permalink=\"https:\/\/www.intellectualsovereignty.ch\/index.php\/2021\/02\/09\/hike-48-grindelwald-first-faulhorn-bussalp-grindelwald\/img_2788\/\" data-orig-file=\"https:\/\/www.intellectualsovereignty.ch\/wp-content\/uploads\/2021\/02\/IMG_2788.jpeg\" data-orig-size=\"1280,960\" data-comments-opened=\"0\" data-image-title=\"IMG_2788\" data-image-description=\"\" data-image-caption=\"\" data-large-file=\"https:\/\/www.intellectualsovereignty.ch\/wp-content\/uploads\/2021\/02\/IMG_2788-1024x768.jpeg\" src=\"https:\/\/www.intellectualsovereignty.ch\/wp-content\/uploads\/2021\/02\/IMG_2788-1024x768.jpeg\" alt=\"\" data-id=\"2223\" data-full-url=\"https:\/\/www.intellectualsovereignty.ch\/wp-content\/uploads\/2021\/02\/IMG_2788.jpeg\" data-link=\"https:\/\/www.intellectualsovereignty.ch\/index.php\/2021\/02\/09\/hike-48-grindelwald-first-faulhorn-bussalp-grindelwald\/img_2788\/\" class=\"wp-image-2223\" srcset=\"https:\/\/www.intellectualsovereignty.ch\/wp-content\/uploads\/2021\/02\/IMG_2788-1024x768.jpeg 1024w, https:\/\/www.intellectualsovereignty.ch\/wp-content\/uploads\/2021\/02\/IMG_2788-300x225.jpeg 300w, https:\/\/www.intellectualsovereignty.ch\/wp-content\/uploads\/2021\/02\/IMG_2788-768x576.jpeg 768w, https:\/\/www.intellectualsovereignty.ch\/wp-content\/uploads\/2021\/02\/IMG_2788-400x300.jpeg 400w, https:\/\/www.intellectualsovereignty.ch\/wp-content\/uploads\/2021\/02\/IMG_2788-800x600.jpeg 800w, https:\/\/www.intellectualsovereignty.ch\/wp-content\/uploads\/2021\/02\/IMG_2788.jpeg 1280w\" sizes=\"auto, (max-width: 1024px) 100vw, 1024px\" \/><\/figure><\/li><li class=\"blocks-gallery-item\"><figure><img loading=\"lazy\" decoding=\"async\" width=\"1024\" height=\"436\" data-attachment-id=\"2224\" data-permalink=\"https:\/\/www.intellectualsovereignty.ch\/index.php\/2021\/02\/09\/hike-48-grindelwald-first-faulhorn-bussalp-grindelwald\/img_2789\/\" data-orig-file=\"https:\/\/www.intellectualsovereignty.ch\/wp-content\/uploads\/2021\/02\/IMG_2789.jpeg\" data-orig-size=\"1280,545\" data-comments-opened=\"0\" data-image-title=\"IMG_2789\" data-image-description=\"\" data-image-caption=\"\" data-large-file=\"https:\/\/www.intellectualsovereignty.ch\/wp-content\/uploads\/2021\/02\/IMG_2789-1024x436.jpeg\" src=\"https:\/\/www.intellectualsovereignty.ch\/wp-content\/uploads\/2021\/02\/IMG_2789-1024x436.jpeg\" alt=\"\" data-id=\"2224\" data-full-url=\"https:\/\/www.intellectualsovereignty.ch\/wp-content\/uploads\/2021\/02\/IMG_2789.jpeg\" data-link=\"https:\/\/www.intellectualsovereignty.ch\/index.php\/2021\/02\/09\/hike-48-grindelwald-first-faulhorn-bussalp-grindelwald\/img_2789\/\" class=\"wp-image-2224\" srcset=\"https:\/\/www.intellectualsovereignty.ch\/wp-content\/uploads\/2021\/02\/IMG_2789-1024x436.jpeg 1024w, https:\/\/www.intellectualsovereignty.ch\/wp-content\/uploads\/2021\/02\/IMG_2789-300x128.jpeg 300w, https:\/\/www.intellectualsovereignty.ch\/wp-content\/uploads\/2021\/02\/IMG_2789-768x327.jpeg 768w, https:\/\/www.intellectualsovereignty.ch\/wp-content\/uploads\/2021\/02\/IMG_2789-400x170.jpeg 400w, https:\/\/www.intellectualsovereignty.ch\/wp-content\/uploads\/2021\/02\/IMG_2789-800x341.jpeg 800w, https:\/\/www.intellectualsovereignty.ch\/wp-content\/uploads\/2021\/02\/IMG_2789.jpeg 1280w\" sizes=\"auto, (max-width: 1024px) 100vw, 1024px\" \/><\/figure><\/li><li class=\"blocks-gallery-item\"><figure><img loading=\"lazy\" decoding=\"async\" width=\"1024\" height=\"768\" data-attachment-id=\"2225\" data-permalink=\"https:\/\/www.intellectualsovereignty.ch\/index.php\/2021\/02\/09\/hike-48-grindelwald-first-faulhorn-bussalp-grindelwald\/img_2790\/\" data-orig-file=\"https:\/\/www.intellectualsovereignty.ch\/wp-content\/uploads\/2021\/02\/IMG_2790.jpeg\" data-orig-size=\"1280,960\" data-comments-opened=\"0\" data-image-title=\"IMG_2790\" data-image-description=\"\" data-image-caption=\"\" data-large-file=\"https:\/\/www.intellectualsovereignty.ch\/wp-content\/uploads\/2021\/02\/IMG_2790-1024x768.jpeg\" src=\"https:\/\/www.intellectualsovereignty.ch\/wp-content\/uploads\/2021\/02\/IMG_2790-1024x768.jpeg\" alt=\"\" data-id=\"2225\" data-full-url=\"https:\/\/www.intellectualsovereignty.ch\/wp-content\/uploads\/2021\/02\/IMG_2790.jpeg\" data-link=\"https:\/\/www.intellectualsovereignty.ch\/index.php\/2021\/02\/09\/hike-48-grindelwald-first-faulhorn-bussalp-grindelwald\/img_2790\/\" class=\"wp-image-2225\" srcset=\"https:\/\/www.intellectualsovereignty.ch\/wp-content\/uploads\/2021\/02\/IMG_2790-1024x768.jpeg 1024w, https:\/\/www.intellectualsovereignty.ch\/wp-content\/uploads\/2021\/02\/IMG_2790-300x225.jpeg 300w, https:\/\/www.intellectualsovereignty.ch\/wp-content\/uploads\/2021\/02\/IMG_2790-768x576.jpeg 768w, https:\/\/www.intellectualsovereignty.ch\/wp-content\/uploads\/2021\/02\/IMG_2790-400x300.jpeg 400w, https:\/\/www.intellectualsovereignty.ch\/wp-content\/uploads\/2021\/02\/IMG_2790-800x600.jpeg 800w, https:\/\/www.intellectualsovereignty.ch\/wp-content\/uploads\/2021\/02\/IMG_2790.jpeg 1280w\" sizes=\"auto, (max-width: 1024px) 100vw, 1024px\" \/><\/figure><\/li><li class=\"blocks-gallery-item\"><figure><img loading=\"lazy\" decoding=\"async\" width=\"1024\" height=\"768\" data-attachment-id=\"2226\" data-permalink=\"https:\/\/www.intellectualsovereignty.ch\/index.php\/2021\/02\/09\/hike-48-grindelwald-first-faulhorn-bussalp-grindelwald\/img_2791\/\" data-orig-file=\"https:\/\/www.intellectualsovereignty.ch\/wp-content\/uploads\/2021\/02\/IMG_2791.jpeg\" data-orig-size=\"1280,960\" data-comments-opened=\"0\" data-image-title=\"IMG_2791\" data-image-description=\"\" data-image-caption=\"\" data-large-file=\"https:\/\/www.intellectualsovereignty.ch\/wp-content\/uploads\/2021\/02\/IMG_2791-1024x768.jpeg\" src=\"https:\/\/www.intellectualsovereignty.ch\/wp-content\/uploads\/2021\/02\/IMG_2791-1024x768.jpeg\" alt=\"\" data-id=\"2226\" data-full-url=\"https:\/\/www.intellectualsovereignty.ch\/wp-content\/uploads\/2021\/02\/IMG_2791.jpeg\" data-link=\"https:\/\/www.intellectualsovereignty.ch\/index.php\/2021\/02\/09\/hike-48-grindelwald-first-faulhorn-bussalp-grindelwald\/img_2791\/\" class=\"wp-image-2226\" srcset=\"https:\/\/www.intellectualsovereignty.ch\/wp-content\/uploads\/2021\/02\/IMG_2791-1024x768.jpeg 1024w, https:\/\/www.intellectualsovereignty.ch\/wp-content\/uploads\/2021\/02\/IMG_2791-300x225.jpeg 300w, https:\/\/www.intellectualsovereignty.ch\/wp-content\/uploads\/2021\/02\/IMG_2791-768x576.jpeg 768w, https:\/\/www.intellectualsovereignty.ch\/wp-content\/uploads\/2021\/02\/IMG_2791-400x300.jpeg 400w, https:\/\/www.intellectualsovereignty.ch\/wp-content\/uploads\/2021\/02\/IMG_2791-800x600.jpeg 800w, https:\/\/www.intellectualsovereignty.ch\/wp-content\/uploads\/2021\/02\/IMG_2791.jpeg 1280w\" sizes=\"auto, (max-width: 1024px) 100vw, 1024px\" \/><\/figure><\/li><li class=\"blocks-gallery-item\"><figure><img loading=\"lazy\" decoding=\"async\" width=\"1024\" height=\"768\" data-attachment-id=\"2227\" data-permalink=\"https:\/\/www.intellectualsovereignty.ch\/index.php\/2021\/02\/09\/hike-48-grindelwald-first-faulhorn-bussalp-grindelwald\/img_2792\/\" data-orig-file=\"https:\/\/www.intellectualsovereignty.ch\/wp-content\/uploads\/2021\/02\/IMG_2792.jpeg\" data-orig-size=\"1280,960\" data-comments-opened=\"0\" data-image-title=\"IMG_2792\" data-image-description=\"\" data-image-caption=\"\" data-large-file=\"https:\/\/www.intellectualsovereignty.ch\/wp-content\/uploads\/2021\/02\/IMG_2792-1024x768.jpeg\" src=\"https:\/\/www.intellectualsovereignty.ch\/wp-content\/uploads\/2021\/02\/IMG_2792-1024x768.jpeg\" alt=\"\" data-id=\"2227\" data-full-url=\"https:\/\/www.intellectualsovereignty.ch\/wp-content\/uploads\/2021\/02\/IMG_2792.jpeg\" data-link=\"https:\/\/www.intellectualsovereignty.ch\/index.php\/2021\/02\/09\/hike-48-grindelwald-first-faulhorn-bussalp-grindelwald\/img_2792\/\" class=\"wp-image-2227\" srcset=\"https:\/\/www.intellectualsovereignty.ch\/wp-content\/uploads\/2021\/02\/IMG_2792-1024x768.jpeg 1024w, https:\/\/www.intellectualsovereignty.ch\/wp-content\/uploads\/2021\/02\/IMG_2792-300x225.jpeg 300w, https:\/\/www.intellectualsovereignty.ch\/wp-content\/uploads\/2021\/02\/IMG_2792-768x576.jpeg 768w, https:\/\/www.intellectualsovereignty.ch\/wp-content\/uploads\/2021\/02\/IMG_2792-400x300.jpeg 400w, https:\/\/www.intellectualsovereignty.ch\/wp-content\/uploads\/2021\/02\/IMG_2792-800x600.jpeg 800w, https:\/\/www.intellectualsovereignty.ch\/wp-content\/uploads\/2021\/02\/IMG_2792.jpeg 1280w\" sizes=\"auto, (max-width: 1024px) 100vw, 1024px\" \/><\/figure><\/li><li class=\"blocks-gallery-item\"><figure><img loading=\"lazy\" decoding=\"async\" width=\"1024\" height=\"768\" data-attachment-id=\"2228\" data-permalink=\"https:\/\/www.intellectualsovereignty.ch\/index.php\/2021\/02\/09\/hike-48-grindelwald-first-faulhorn-bussalp-grindelwald\/img_2793\/\" data-orig-file=\"https:\/\/www.intellectualsovereignty.ch\/wp-content\/uploads\/2021\/02\/IMG_2793.jpeg\" data-orig-size=\"1280,960\" data-comments-opened=\"0\" data-image-title=\"IMG_2793\" data-image-description=\"\" data-image-caption=\"\" data-large-file=\"https:\/\/www.intellectualsovereignty.ch\/wp-content\/uploads\/2021\/02\/IMG_2793-1024x768.jpeg\" src=\"https:\/\/www.intellectualsovereignty.ch\/wp-content\/uploads\/2021\/02\/IMG_2793-1024x768.jpeg\" alt=\"\" data-id=\"2228\" data-full-url=\"https:\/\/www.intellectualsovereignty.ch\/wp-content\/uploads\/2021\/02\/IMG_2793.jpeg\" data-link=\"https:\/\/www.intellectualsovereignty.ch\/index.php\/2021\/02\/09\/hike-48-grindelwald-first-faulhorn-bussalp-grindelwald\/img_2793\/\" class=\"wp-image-2228\" srcset=\"https:\/\/www.intellectualsovereignty.ch\/wp-content\/uploads\/2021\/02\/IMG_2793-1024x768.jpeg 1024w, https:\/\/www.intellectualsovereignty.ch\/wp-content\/uploads\/2021\/02\/IMG_2793-300x225.jpeg 300w, https:\/\/www.intellectualsovereignty.ch\/wp-content\/uploads\/2021\/02\/IMG_2793-768x576.jpeg 768w, https:\/\/www.intellectualsovereignty.ch\/wp-content\/uploads\/2021\/02\/IMG_2793-400x300.jpeg 400w, https:\/\/www.intellectualsovereignty.ch\/wp-content\/uploads\/2021\/02\/IMG_2793-800x600.jpeg 800w, https:\/\/www.intellectualsovereignty.ch\/wp-content\/uploads\/2021\/02\/IMG_2793.jpeg 1280w\" sizes=\"auto, (max-width: 1024px) 100vw, 1024px\" \/><\/figure><\/li><li class=\"blocks-gallery-item\"><figure><img loading=\"lazy\" decoding=\"async\" width=\"768\" height=\"1024\" data-attachment-id=\"2229\" data-permalink=\"https:\/\/www.intellectualsovereignty.ch\/index.php\/2021\/02\/09\/hike-48-grindelwald-first-faulhorn-bussalp-grindelwald\/img_2794\/\" data-orig-file=\"https:\/\/www.intellectualsovereignty.ch\/wp-content\/uploads\/2021\/02\/IMG_2794.jpeg\" data-orig-size=\"960,1280\" data-comments-opened=\"0\" data-image-title=\"IMG_2794\" data-image-description=\"\" data-image-caption=\"\" data-large-file=\"https:\/\/www.intellectualsovereignty.ch\/wp-content\/uploads\/2021\/02\/IMG_2794-768x1024.jpeg\" src=\"https:\/\/www.intellectualsovereignty.ch\/wp-content\/uploads\/2021\/02\/IMG_2794-768x1024.jpeg\" alt=\"\" data-id=\"2229\" data-full-url=\"https:\/\/www.intellectualsovereignty.ch\/wp-content\/uploads\/2021\/02\/IMG_2794.jpeg\" data-link=\"https:\/\/www.intellectualsovereignty.ch\/index.php\/2021\/02\/09\/hike-48-grindelwald-first-faulhorn-bussalp-grindelwald\/img_2794\/\" class=\"wp-image-2229\" srcset=\"https:\/\/www.intellectualsovereignty.ch\/wp-content\/uploads\/2021\/02\/IMG_2794-768x1024.jpeg 768w, https:\/\/www.intellectualsovereignty.ch\/wp-content\/uploads\/2021\/02\/IMG_2794-225x300.jpeg 225w, https:\/\/www.intellectualsovereignty.ch\/wp-content\/uploads\/2021\/02\/IMG_2794-400x533.jpeg 400w, https:\/\/www.intellectualsovereignty.ch\/wp-content\/uploads\/2021\/02\/IMG_2794-800x1067.jpeg 800w, https:\/\/www.intellectualsovereignty.ch\/wp-content\/uploads\/2021\/02\/IMG_2794.jpeg 960w\" sizes=\"auto, (max-width: 768px) 100vw, 768px\" \/><\/figure><\/li><li class=\"blocks-gallery-item\"><figure><img loading=\"lazy\" decoding=\"async\" width=\"1024\" height=\"768\" data-attachment-id=\"2230\" data-permalink=\"https:\/\/www.intellectualsovereignty.ch\/index.php\/2021\/02\/09\/hike-48-grindelwald-first-faulhorn-bussalp-grindelwald\/img_2795\/\" data-orig-file=\"https:\/\/www.intellectualsovereignty.ch\/wp-content\/uploads\/2021\/02\/IMG_2795.jpeg\" data-orig-size=\"1280,960\" data-comments-opened=\"0\" data-image-title=\"IMG_2795\" data-image-description=\"\" data-image-caption=\"\" data-large-file=\"https:\/\/www.intellectualsovereignty.ch\/wp-content\/uploads\/2021\/02\/IMG_2795-1024x768.jpeg\" src=\"https:\/\/www.intellectualsovereignty.ch\/wp-content\/uploads\/2021\/02\/IMG_2795-1024x768.jpeg\" alt=\"\" data-id=\"2230\" data-full-url=\"https:\/\/www.intellectualsovereignty.ch\/wp-content\/uploads\/2021\/02\/IMG_2795.jpeg\" data-link=\"https:\/\/www.intellectualsovereignty.ch\/index.php\/2021\/02\/09\/hike-48-grindelwald-first-faulhorn-bussalp-grindelwald\/img_2795\/\" class=\"wp-image-2230\" srcset=\"https:\/\/www.intellectualsovereignty.ch\/wp-content\/uploads\/2021\/02\/IMG_2795-1024x768.jpeg 1024w, https:\/\/www.intellectualsovereignty.ch\/wp-content\/uploads\/2021\/02\/IMG_2795-300x225.jpeg 300w, https:\/\/www.intellectualsovereignty.ch\/wp-content\/uploads\/2021\/02\/IMG_2795-768x576.jpeg 768w, https:\/\/www.intellectualsovereignty.ch\/wp-content\/uploads\/2021\/02\/IMG_2795-400x300.jpeg 400w, https:\/\/www.intellectualsovereignty.ch\/wp-content\/uploads\/2021\/02\/IMG_2795-800x600.jpeg 800w, https:\/\/www.intellectualsovereignty.ch\/wp-content\/uploads\/2021\/02\/IMG_2795.jpeg 1280w\" sizes=\"auto, (max-width: 1024px) 100vw, 1024px\" \/><\/figure><\/li><li class=\"blocks-gallery-item\"><figure><img loading=\"lazy\" decoding=\"async\" width=\"1024\" height=\"768\" data-attachment-id=\"2231\" data-permalink=\"https:\/\/www.intellectualsovereignty.ch\/index.php\/2021\/02\/09\/hike-48-grindelwald-first-faulhorn-bussalp-grindelwald\/img_2796\/\" data-orig-file=\"https:\/\/www.intellectualsovereignty.ch\/wp-content\/uploads\/2021\/02\/IMG_2796.jpeg\" data-orig-size=\"1280,960\" data-comments-opened=\"0\" data-image-title=\"IMG_2796\" data-image-description=\"\" data-image-caption=\"\" data-large-file=\"https:\/\/www.intellectualsovereignty.ch\/wp-content\/uploads\/2021\/02\/IMG_2796-1024x768.jpeg\" src=\"https:\/\/www.intellectualsovereignty.ch\/wp-content\/uploads\/2021\/02\/IMG_2796-1024x768.jpeg\" alt=\"\" data-id=\"2231\" data-full-url=\"https:\/\/www.intellectualsovereignty.ch\/wp-content\/uploads\/2021\/02\/IMG_2796.jpeg\" data-link=\"https:\/\/www.intellectualsovereignty.ch\/index.php\/2021\/02\/09\/hike-48-grindelwald-first-faulhorn-bussalp-grindelwald\/img_2796\/\" class=\"wp-image-2231\" srcset=\"https:\/\/www.intellectualsovereignty.ch\/wp-content\/uploads\/2021\/02\/IMG_2796-1024x768.jpeg 1024w, https:\/\/www.intellectualsovereignty.ch\/wp-content\/uploads\/2021\/02\/IMG_2796-300x225.jpeg 300w, https:\/\/www.intellectualsovereignty.ch\/wp-content\/uploads\/2021\/02\/IMG_2796-768x576.jpeg 768w, https:\/\/www.intellectualsovereignty.ch\/wp-content\/uploads\/2021\/02\/IMG_2796-400x300.jpeg 400w, https:\/\/www.intellectualsovereignty.ch\/wp-content\/uploads\/2021\/02\/IMG_2796-800x600.jpeg 800w, https:\/\/www.intellectualsovereignty.ch\/wp-content\/uploads\/2021\/02\/IMG_2796.jpeg 1280w\" sizes=\"auto, (max-width: 1024px) 100vw, 1024px\" \/><\/figure><\/li><\/ul><\/figure>\n\n\n\n<p class=\"wp-block-paragraph\">Auf dem Sattel angekommen, nehme ich den letzten Aufstieg zum Faulhorn in Angriff. Es geht ein starker eisiger Wind, doch die Aussicht will ich mir nicht nehmen lassen. Ganz oben angekommen mache ich es mir  auf dem Dach des Berghauses gem\u00fctlich und vertilge mit klammen Fingern hurtig ein Sandwich. Nach einem Blick in Richtung Brienzersee steige ich auch schon wieder ab. Ein tollk\u00fchner Milit\u00e4rhelikopter dreht noch zweimal eine Runde um den Gipfel, bei dem Wind in absolut haarstr\u00e4ubender Schieflage, bevor er sich in Richtung Wildg\u00e4rst verabschiedet. Es ist mir definitiv zu kalt, um mein Handy nochmal aus der Jackentasche zu kramen und zu fotografieren&#8230; <\/p>\n\n\n\n<figure class=\"wp-block-gallery columns-3 is-cropped wp-block-gallery-2 is-layout-flex wp-block-gallery-is-layout-flex\"><ul class=\"blocks-gallery-grid\"><li class=\"blocks-gallery-item\"><figure><img loading=\"lazy\" decoding=\"async\" width=\"1024\" height=\"768\" data-attachment-id=\"2232\" data-permalink=\"https:\/\/www.intellectualsovereignty.ch\/index.php\/2021\/02\/09\/hike-48-grindelwald-first-faulhorn-bussalp-grindelwald\/img_2798\/\" data-orig-file=\"https:\/\/www.intellectualsovereignty.ch\/wp-content\/uploads\/2021\/02\/IMG_2798.jpeg\" data-orig-size=\"1280,960\" data-comments-opened=\"0\" data-image-title=\"IMG_2798\" data-image-description=\"\" data-image-caption=\"\" data-large-file=\"https:\/\/www.intellectualsovereignty.ch\/wp-content\/uploads\/2021\/02\/IMG_2798-1024x768.jpeg\" src=\"https:\/\/www.intellectualsovereignty.ch\/wp-content\/uploads\/2021\/02\/IMG_2798-1024x768.jpeg\" alt=\"\" data-id=\"2232\" data-full-url=\"https:\/\/www.intellectualsovereignty.ch\/wp-content\/uploads\/2021\/02\/IMG_2798.jpeg\" data-link=\"https:\/\/www.intellectualsovereignty.ch\/index.php\/2021\/02\/09\/hike-48-grindelwald-first-faulhorn-bussalp-grindelwald\/img_2798\/\" class=\"wp-image-2232\" srcset=\"https:\/\/www.intellectualsovereignty.ch\/wp-content\/uploads\/2021\/02\/IMG_2798-1024x768.jpeg 1024w, https:\/\/www.intellectualsovereignty.ch\/wp-content\/uploads\/2021\/02\/IMG_2798-300x225.jpeg 300w, https:\/\/www.intellectualsovereignty.ch\/wp-content\/uploads\/2021\/02\/IMG_2798-768x576.jpeg 768w, https:\/\/www.intellectualsovereignty.ch\/wp-content\/uploads\/2021\/02\/IMG_2798-400x300.jpeg 400w, https:\/\/www.intellectualsovereignty.ch\/wp-content\/uploads\/2021\/02\/IMG_2798-800x600.jpeg 800w, https:\/\/www.intellectualsovereignty.ch\/wp-content\/uploads\/2021\/02\/IMG_2798.jpeg 1280w\" sizes=\"auto, (max-width: 1024px) 100vw, 1024px\" \/><\/figure><\/li><li class=\"blocks-gallery-item\"><figure><img loading=\"lazy\" decoding=\"async\" width=\"1024\" height=\"768\" data-attachment-id=\"2233\" data-permalink=\"https:\/\/www.intellectualsovereignty.ch\/index.php\/2021\/02\/09\/hike-48-grindelwald-first-faulhorn-bussalp-grindelwald\/img_2799\/\" data-orig-file=\"https:\/\/www.intellectualsovereignty.ch\/wp-content\/uploads\/2021\/02\/IMG_2799.jpeg\" data-orig-size=\"1280,960\" data-comments-opened=\"0\" data-image-title=\"IMG_2799\" data-image-description=\"\" data-image-caption=\"\" data-large-file=\"https:\/\/www.intellectualsovereignty.ch\/wp-content\/uploads\/2021\/02\/IMG_2799-1024x768.jpeg\" src=\"https:\/\/www.intellectualsovereignty.ch\/wp-content\/uploads\/2021\/02\/IMG_2799-1024x768.jpeg\" alt=\"\" data-id=\"2233\" data-full-url=\"https:\/\/www.intellectualsovereignty.ch\/wp-content\/uploads\/2021\/02\/IMG_2799.jpeg\" data-link=\"https:\/\/www.intellectualsovereignty.ch\/index.php\/2021\/02\/09\/hike-48-grindelwald-first-faulhorn-bussalp-grindelwald\/img_2799\/\" class=\"wp-image-2233\" srcset=\"https:\/\/www.intellectualsovereignty.ch\/wp-content\/uploads\/2021\/02\/IMG_2799-1024x768.jpeg 1024w, https:\/\/www.intellectualsovereignty.ch\/wp-content\/uploads\/2021\/02\/IMG_2799-300x225.jpeg 300w, https:\/\/www.intellectualsovereignty.ch\/wp-content\/uploads\/2021\/02\/IMG_2799-768x576.jpeg 768w, https:\/\/www.intellectualsovereignty.ch\/wp-content\/uploads\/2021\/02\/IMG_2799-400x300.jpeg 400w, https:\/\/www.intellectualsovereignty.ch\/wp-content\/uploads\/2021\/02\/IMG_2799-800x600.jpeg 800w, https:\/\/www.intellectualsovereignty.ch\/wp-content\/uploads\/2021\/02\/IMG_2799.jpeg 1280w\" sizes=\"auto, (max-width: 1024px) 100vw, 1024px\" \/><\/figure><\/li><li class=\"blocks-gallery-item\"><figure><img loading=\"lazy\" decoding=\"async\" width=\"1024\" height=\"934\" data-attachment-id=\"2234\" data-permalink=\"https:\/\/www.intellectualsovereignty.ch\/index.php\/2021\/02\/09\/hike-48-grindelwald-first-faulhorn-bussalp-grindelwald\/img_2800\/\" data-orig-file=\"https:\/\/www.intellectualsovereignty.ch\/wp-content\/uploads\/2021\/02\/IMG_2800.jpeg\" data-orig-size=\"1280,1167\" data-comments-opened=\"0\" data-image-title=\"IMG_2800\" data-image-description=\"\" data-image-caption=\"\" data-large-file=\"https:\/\/www.intellectualsovereignty.ch\/wp-content\/uploads\/2021\/02\/IMG_2800-1024x934.jpeg\" src=\"https:\/\/www.intellectualsovereignty.ch\/wp-content\/uploads\/2021\/02\/IMG_2800-1024x934.jpeg\" alt=\"\" data-id=\"2234\" data-full-url=\"https:\/\/www.intellectualsovereignty.ch\/wp-content\/uploads\/2021\/02\/IMG_2800.jpeg\" data-link=\"https:\/\/www.intellectualsovereignty.ch\/index.php\/2021\/02\/09\/hike-48-grindelwald-first-faulhorn-bussalp-grindelwald\/img_2800\/\" class=\"wp-image-2234\" srcset=\"https:\/\/www.intellectualsovereignty.ch\/wp-content\/uploads\/2021\/02\/IMG_2800-1024x934.jpeg 1024w, https:\/\/www.intellectualsovereignty.ch\/wp-content\/uploads\/2021\/02\/IMG_2800-300x274.jpeg 300w, https:\/\/www.intellectualsovereignty.ch\/wp-content\/uploads\/2021\/02\/IMG_2800-768x700.jpeg 768w, https:\/\/www.intellectualsovereignty.ch\/wp-content\/uploads\/2021\/02\/IMG_2800-400x365.jpeg 400w, https:\/\/www.intellectualsovereignty.ch\/wp-content\/uploads\/2021\/02\/IMG_2800-800x729.jpeg 800w, https:\/\/www.intellectualsovereignty.ch\/wp-content\/uploads\/2021\/02\/IMG_2800.jpeg 1280w\" sizes=\"auto, (max-width: 1024px) 100vw, 1024px\" \/><\/figure><\/li><li class=\"blocks-gallery-item\"><figure><img loading=\"lazy\" decoding=\"async\" width=\"1024\" height=\"278\" data-attachment-id=\"2235\" data-permalink=\"https:\/\/www.intellectualsovereignty.ch\/index.php\/2021\/02\/09\/hike-48-grindelwald-first-faulhorn-bussalp-grindelwald\/img_2801\/\" data-orig-file=\"https:\/\/www.intellectualsovereignty.ch\/wp-content\/uploads\/2021\/02\/IMG_2801.jpeg\" data-orig-size=\"1280,347\" data-comments-opened=\"0\" data-image-title=\"IMG_2801\" data-image-description=\"\" data-image-caption=\"\" data-large-file=\"https:\/\/www.intellectualsovereignty.ch\/wp-content\/uploads\/2021\/02\/IMG_2801-1024x278.jpeg\" src=\"https:\/\/www.intellectualsovereignty.ch\/wp-content\/uploads\/2021\/02\/IMG_2801-1024x278.jpeg\" alt=\"\" data-id=\"2235\" data-full-url=\"https:\/\/www.intellectualsovereignty.ch\/wp-content\/uploads\/2021\/02\/IMG_2801.jpeg\" data-link=\"https:\/\/www.intellectualsovereignty.ch\/index.php\/2021\/02\/09\/hike-48-grindelwald-first-faulhorn-bussalp-grindelwald\/img_2801\/\" class=\"wp-image-2235\" srcset=\"https:\/\/www.intellectualsovereignty.ch\/wp-content\/uploads\/2021\/02\/IMG_2801-1024x278.jpeg 1024w, https:\/\/www.intellectualsovereignty.ch\/wp-content\/uploads\/2021\/02\/IMG_2801-300x81.jpeg 300w, https:\/\/www.intellectualsovereignty.ch\/wp-content\/uploads\/2021\/02\/IMG_2801-768x208.jpeg 768w, https:\/\/www.intellectualsovereignty.ch\/wp-content\/uploads\/2021\/02\/IMG_2801-400x108.jpeg 400w, https:\/\/www.intellectualsovereignty.ch\/wp-content\/uploads\/2021\/02\/IMG_2801-800x217.jpeg 800w, https:\/\/www.intellectualsovereignty.ch\/wp-content\/uploads\/2021\/02\/IMG_2801.jpeg 1280w\" sizes=\"auto, (max-width: 1024px) 100vw, 1024px\" \/><\/figure><\/li><li class=\"blocks-gallery-item\"><figure><img loading=\"lazy\" decoding=\"async\" width=\"1024\" height=\"768\" data-attachment-id=\"2236\" data-permalink=\"https:\/\/www.intellectualsovereignty.ch\/index.php\/2021\/02\/09\/hike-48-grindelwald-first-faulhorn-bussalp-grindelwald\/img_2802\/\" data-orig-file=\"https:\/\/www.intellectualsovereignty.ch\/wp-content\/uploads\/2021\/02\/IMG_2802.jpeg\" data-orig-size=\"1280,960\" data-comments-opened=\"0\" data-image-title=\"IMG_2802\" data-image-description=\"\" data-image-caption=\"\" data-large-file=\"https:\/\/www.intellectualsovereignty.ch\/wp-content\/uploads\/2021\/02\/IMG_2802-1024x768.jpeg\" src=\"https:\/\/www.intellectualsovereignty.ch\/wp-content\/uploads\/2021\/02\/IMG_2802-1024x768.jpeg\" alt=\"\" data-id=\"2236\" data-full-url=\"https:\/\/www.intellectualsovereignty.ch\/wp-content\/uploads\/2021\/02\/IMG_2802.jpeg\" data-link=\"https:\/\/www.intellectualsovereignty.ch\/index.php\/2021\/02\/09\/hike-48-grindelwald-first-faulhorn-bussalp-grindelwald\/img_2802\/\" class=\"wp-image-2236\" srcset=\"https:\/\/www.intellectualsovereignty.ch\/wp-content\/uploads\/2021\/02\/IMG_2802-1024x768.jpeg 1024w, https:\/\/www.intellectualsovereignty.ch\/wp-content\/uploads\/2021\/02\/IMG_2802-300x225.jpeg 300w, https:\/\/www.intellectualsovereignty.ch\/wp-content\/uploads\/2021\/02\/IMG_2802-768x576.jpeg 768w, https:\/\/www.intellectualsovereignty.ch\/wp-content\/uploads\/2021\/02\/IMG_2802-400x300.jpeg 400w, https:\/\/www.intellectualsovereignty.ch\/wp-content\/uploads\/2021\/02\/IMG_2802-800x600.jpeg 800w, https:\/\/www.intellectualsovereignty.ch\/wp-content\/uploads\/2021\/02\/IMG_2802.jpeg 1280w\" sizes=\"auto, (max-width: 1024px) 100vw, 1024px\" \/><\/figure><\/li><li class=\"blocks-gallery-item\"><figure><img loading=\"lazy\" decoding=\"async\" width=\"1024\" height=\"768\" data-attachment-id=\"2237\" data-permalink=\"https:\/\/www.intellectualsovereignty.ch\/index.php\/2021\/02\/09\/hike-48-grindelwald-first-faulhorn-bussalp-grindelwald\/img_2803\/\" data-orig-file=\"https:\/\/www.intellectualsovereignty.ch\/wp-content\/uploads\/2021\/02\/IMG_2803.jpeg\" data-orig-size=\"1280,960\" data-comments-opened=\"0\" data-image-title=\"IMG_2803\" data-image-description=\"\" data-image-caption=\"\" data-large-file=\"https:\/\/www.intellectualsovereignty.ch\/wp-content\/uploads\/2021\/02\/IMG_2803-1024x768.jpeg\" src=\"https:\/\/www.intellectualsovereignty.ch\/wp-content\/uploads\/2021\/02\/IMG_2803-1024x768.jpeg\" alt=\"\" data-id=\"2237\" data-full-url=\"https:\/\/www.intellectualsovereignty.ch\/wp-content\/uploads\/2021\/02\/IMG_2803.jpeg\" data-link=\"https:\/\/www.intellectualsovereignty.ch\/index.php\/2021\/02\/09\/hike-48-grindelwald-first-faulhorn-bussalp-grindelwald\/img_2803\/\" class=\"wp-image-2237\" srcset=\"https:\/\/www.intellectualsovereignty.ch\/wp-content\/uploads\/2021\/02\/IMG_2803-1024x768.jpeg 1024w, https:\/\/www.intellectualsovereignty.ch\/wp-content\/uploads\/2021\/02\/IMG_2803-300x225.jpeg 300w, https:\/\/www.intellectualsovereignty.ch\/wp-content\/uploads\/2021\/02\/IMG_2803-768x576.jpeg 768w, https:\/\/www.intellectualsovereignty.ch\/wp-content\/uploads\/2021\/02\/IMG_2803-400x300.jpeg 400w, https:\/\/www.intellectualsovereignty.ch\/wp-content\/uploads\/2021\/02\/IMG_2803-800x600.jpeg 800w, https:\/\/www.intellectualsovereignty.ch\/wp-content\/uploads\/2021\/02\/IMG_2803.jpeg 1280w\" sizes=\"auto, (max-width: 1024px) 100vw, 1024px\" \/><\/figure><\/li><li class=\"blocks-gallery-item\"><figure><img loading=\"lazy\" decoding=\"async\" width=\"1024\" height=\"768\" data-attachment-id=\"2238\" data-permalink=\"https:\/\/www.intellectualsovereignty.ch\/index.php\/2021\/02\/09\/hike-48-grindelwald-first-faulhorn-bussalp-grindelwald\/img_2804\/\" data-orig-file=\"https:\/\/www.intellectualsovereignty.ch\/wp-content\/uploads\/2021\/02\/IMG_2804.jpeg\" data-orig-size=\"1280,960\" data-comments-opened=\"0\" data-image-title=\"IMG_2804\" data-image-description=\"\" data-image-caption=\"\" data-large-file=\"https:\/\/www.intellectualsovereignty.ch\/wp-content\/uploads\/2021\/02\/IMG_2804-1024x768.jpeg\" src=\"https:\/\/www.intellectualsovereignty.ch\/wp-content\/uploads\/2021\/02\/IMG_2804-1024x768.jpeg\" alt=\"\" data-id=\"2238\" data-full-url=\"https:\/\/www.intellectualsovereignty.ch\/wp-content\/uploads\/2021\/02\/IMG_2804.jpeg\" data-link=\"https:\/\/www.intellectualsovereignty.ch\/index.php\/2021\/02\/09\/hike-48-grindelwald-first-faulhorn-bussalp-grindelwald\/img_2804\/\" class=\"wp-image-2238\" srcset=\"https:\/\/www.intellectualsovereignty.ch\/wp-content\/uploads\/2021\/02\/IMG_2804-1024x768.jpeg 1024w, https:\/\/www.intellectualsovereignty.ch\/wp-content\/uploads\/2021\/02\/IMG_2804-300x225.jpeg 300w, https:\/\/www.intellectualsovereignty.ch\/wp-content\/uploads\/2021\/02\/IMG_2804-768x576.jpeg 768w, https:\/\/www.intellectualsovereignty.ch\/wp-content\/uploads\/2021\/02\/IMG_2804-400x300.jpeg 400w, https:\/\/www.intellectualsovereignty.ch\/wp-content\/uploads\/2021\/02\/IMG_2804-800x600.jpeg 800w, https:\/\/www.intellectualsovereignty.ch\/wp-content\/uploads\/2021\/02\/IMG_2804.jpeg 1280w\" sizes=\"auto, (max-width: 1024px) 100vw, 1024px\" \/><\/figure><\/li><li class=\"blocks-gallery-item\"><figure><img loading=\"lazy\" decoding=\"async\" width=\"1024\" height=\"345\" data-attachment-id=\"2239\" data-permalink=\"https:\/\/www.intellectualsovereignty.ch\/index.php\/2021\/02\/09\/hike-48-grindelwald-first-faulhorn-bussalp-grindelwald\/img_2805\/\" data-orig-file=\"https:\/\/www.intellectualsovereignty.ch\/wp-content\/uploads\/2021\/02\/IMG_2805.jpeg\" data-orig-size=\"1280,431\" data-comments-opened=\"0\" data-image-title=\"IMG_2805\" data-image-description=\"\" data-image-caption=\"\" data-large-file=\"https:\/\/www.intellectualsovereignty.ch\/wp-content\/uploads\/2021\/02\/IMG_2805-1024x345.jpeg\" src=\"https:\/\/www.intellectualsovereignty.ch\/wp-content\/uploads\/2021\/02\/IMG_2805-1024x345.jpeg\" alt=\"\" data-id=\"2239\" data-full-url=\"https:\/\/www.intellectualsovereignty.ch\/wp-content\/uploads\/2021\/02\/IMG_2805.jpeg\" data-link=\"https:\/\/www.intellectualsovereignty.ch\/index.php\/2021\/02\/09\/hike-48-grindelwald-first-faulhorn-bussalp-grindelwald\/img_2805\/\" class=\"wp-image-2239\" srcset=\"https:\/\/www.intellectualsovereignty.ch\/wp-content\/uploads\/2021\/02\/IMG_2805-1024x345.jpeg 1024w, https:\/\/www.intellectualsovereignty.ch\/wp-content\/uploads\/2021\/02\/IMG_2805-300x101.jpeg 300w, https:\/\/www.intellectualsovereignty.ch\/wp-content\/uploads\/2021\/02\/IMG_2805-768x259.jpeg 768w, https:\/\/www.intellectualsovereignty.ch\/wp-content\/uploads\/2021\/02\/IMG_2805-400x135.jpeg 400w, https:\/\/www.intellectualsovereignty.ch\/wp-content\/uploads\/2021\/02\/IMG_2805-800x269.jpeg 800w, https:\/\/www.intellectualsovereignty.ch\/wp-content\/uploads\/2021\/02\/IMG_2805.jpeg 1280w\" sizes=\"auto, (max-width: 1024px) 100vw, 1024px\" \/><\/figure><\/li><li class=\"blocks-gallery-item\"><figure><img loading=\"lazy\" decoding=\"async\" width=\"1024\" height=\"768\" data-attachment-id=\"2240\" data-permalink=\"https:\/\/www.intellectualsovereignty.ch\/index.php\/2021\/02\/09\/hike-48-grindelwald-first-faulhorn-bussalp-grindelwald\/img_2806\/\" data-orig-file=\"https:\/\/www.intellectualsovereignty.ch\/wp-content\/uploads\/2021\/02\/IMG_2806.jpeg\" data-orig-size=\"1280,960\" data-comments-opened=\"0\" data-image-title=\"IMG_2806\" data-image-description=\"\" data-image-caption=\"\" data-large-file=\"https:\/\/www.intellectualsovereignty.ch\/wp-content\/uploads\/2021\/02\/IMG_2806-1024x768.jpeg\" src=\"https:\/\/www.intellectualsovereignty.ch\/wp-content\/uploads\/2021\/02\/IMG_2806-1024x768.jpeg\" alt=\"\" data-id=\"2240\" data-full-url=\"https:\/\/www.intellectualsovereignty.ch\/wp-content\/uploads\/2021\/02\/IMG_2806.jpeg\" data-link=\"https:\/\/www.intellectualsovereignty.ch\/index.php\/2021\/02\/09\/hike-48-grindelwald-first-faulhorn-bussalp-grindelwald\/img_2806\/\" class=\"wp-image-2240\" srcset=\"https:\/\/www.intellectualsovereignty.ch\/wp-content\/uploads\/2021\/02\/IMG_2806-1024x768.jpeg 1024w, https:\/\/www.intellectualsovereignty.ch\/wp-content\/uploads\/2021\/02\/IMG_2806-300x225.jpeg 300w, https:\/\/www.intellectualsovereignty.ch\/wp-content\/uploads\/2021\/02\/IMG_2806-768x576.jpeg 768w, https:\/\/www.intellectualsovereignty.ch\/wp-content\/uploads\/2021\/02\/IMG_2806-400x300.jpeg 400w, https:\/\/www.intellectualsovereignty.ch\/wp-content\/uploads\/2021\/02\/IMG_2806-800x600.jpeg 800w, https:\/\/www.intellectualsovereignty.ch\/wp-content\/uploads\/2021\/02\/IMG_2806.jpeg 1280w\" sizes=\"auto, (max-width: 1024px) 100vw, 1024px\" \/><\/figure><\/li><\/ul><\/figure>\n\n\n\n<p class=\"wp-block-paragraph\">Der Abstieg geht rasch und unkompliziert vor sich, ich bin froh zu Fuss unterwegs zu sein, zumindest im obersten Abschnitt sind die Schneeverwehungen so stark, dass kaum geschlittelt werden kann. Kurz oberhalb Oberl\u00e4ger tauche ich wieder in die Nebelsuppe ein, erst in Richtung Rasthysi lockert er sich wieder auf. Oberhalb der Aellenfluh bin ich dann sehr froh, meine Schneeschuhe den ganzen Weg mitgeschleppt zu haben, denn der verkarstete Schnee ist super m\u00fchsam zu begehen. Zufrieden erreiche ich den Terrassenweg rund eine halbe Stunde nach Sonnenuntergang&#8230;<\/p>\n\n\n\n<figure class=\"wp-block-gallery columns-3 is-cropped wp-block-gallery-3 is-layout-flex wp-block-gallery-is-layout-flex\"><ul class=\"blocks-gallery-grid\"><li class=\"blocks-gallery-item\"><figure><img loading=\"lazy\" decoding=\"async\" width=\"1024\" height=\"347\" data-attachment-id=\"2241\" data-permalink=\"https:\/\/www.intellectualsovereignty.ch\/index.php\/2021\/02\/09\/hike-48-grindelwald-first-faulhorn-bussalp-grindelwald\/img_2807\/\" data-orig-file=\"https:\/\/www.intellectualsovereignty.ch\/wp-content\/uploads\/2021\/02\/IMG_2807.jpeg\" data-orig-size=\"1280,434\" data-comments-opened=\"0\" data-image-title=\"IMG_2807\" data-image-description=\"\" data-image-caption=\"\" data-large-file=\"https:\/\/www.intellectualsovereignty.ch\/wp-content\/uploads\/2021\/02\/IMG_2807-1024x347.jpeg\" src=\"https:\/\/www.intellectualsovereignty.ch\/wp-content\/uploads\/2021\/02\/IMG_2807-1024x347.jpeg\" alt=\"\" data-id=\"2241\" data-full-url=\"https:\/\/www.intellectualsovereignty.ch\/wp-content\/uploads\/2021\/02\/IMG_2807.jpeg\" data-link=\"https:\/\/www.intellectualsovereignty.ch\/index.php\/2021\/02\/09\/hike-48-grindelwald-first-faulhorn-bussalp-grindelwald\/img_2807\/\" class=\"wp-image-2241\" srcset=\"https:\/\/www.intellectualsovereignty.ch\/wp-content\/uploads\/2021\/02\/IMG_2807-1024x347.jpeg 1024w, https:\/\/www.intellectualsovereignty.ch\/wp-content\/uploads\/2021\/02\/IMG_2807-300x102.jpeg 300w, https:\/\/www.intellectualsovereignty.ch\/wp-content\/uploads\/2021\/02\/IMG_2807-768x260.jpeg 768w, https:\/\/www.intellectualsovereignty.ch\/wp-content\/uploads\/2021\/02\/IMG_2807-400x136.jpeg 400w, https:\/\/www.intellectualsovereignty.ch\/wp-content\/uploads\/2021\/02\/IMG_2807-800x271.jpeg 800w, https:\/\/www.intellectualsovereignty.ch\/wp-content\/uploads\/2021\/02\/IMG_2807.jpeg 1280w\" sizes=\"auto, (max-width: 1024px) 100vw, 1024px\" \/><\/figure><\/li><li class=\"blocks-gallery-item\"><figure><img loading=\"lazy\" decoding=\"async\" width=\"1024\" height=\"768\" data-attachment-id=\"2242\" data-permalink=\"https:\/\/www.intellectualsovereignty.ch\/index.php\/2021\/02\/09\/hike-48-grindelwald-first-faulhorn-bussalp-grindelwald\/img_2808\/\" data-orig-file=\"https:\/\/www.intellectualsovereignty.ch\/wp-content\/uploads\/2021\/02\/IMG_2808.jpeg\" data-orig-size=\"1280,960\" data-comments-opened=\"0\" data-image-title=\"IMG_2808\" data-image-description=\"\" data-image-caption=\"\" data-large-file=\"https:\/\/www.intellectualsovereignty.ch\/wp-content\/uploads\/2021\/02\/IMG_2808-1024x768.jpeg\" src=\"https:\/\/www.intellectualsovereignty.ch\/wp-content\/uploads\/2021\/02\/IMG_2808-1024x768.jpeg\" alt=\"\" data-id=\"2242\" data-full-url=\"https:\/\/www.intellectualsovereignty.ch\/wp-content\/uploads\/2021\/02\/IMG_2808.jpeg\" data-link=\"https:\/\/www.intellectualsovereignty.ch\/index.php\/2021\/02\/09\/hike-48-grindelwald-first-faulhorn-bussalp-grindelwald\/img_2808\/\" class=\"wp-image-2242\" srcset=\"https:\/\/www.intellectualsovereignty.ch\/wp-content\/uploads\/2021\/02\/IMG_2808-1024x768.jpeg 1024w, https:\/\/www.intellectualsovereignty.ch\/wp-content\/uploads\/2021\/02\/IMG_2808-300x225.jpeg 300w, https:\/\/www.intellectualsovereignty.ch\/wp-content\/uploads\/2021\/02\/IMG_2808-768x576.jpeg 768w, https:\/\/www.intellectualsovereignty.ch\/wp-content\/uploads\/2021\/02\/IMG_2808-400x300.jpeg 400w, https:\/\/www.intellectualsovereignty.ch\/wp-content\/uploads\/2021\/02\/IMG_2808-800x600.jpeg 800w, https:\/\/www.intellectualsovereignty.ch\/wp-content\/uploads\/2021\/02\/IMG_2808.jpeg 1280w\" sizes=\"auto, (max-width: 1024px) 100vw, 1024px\" \/><\/figure><\/li><li class=\"blocks-gallery-item\"><figure><img loading=\"lazy\" decoding=\"async\" width=\"1024\" height=\"768\" data-attachment-id=\"2243\" data-permalink=\"https:\/\/www.intellectualsovereignty.ch\/index.php\/2021\/02\/09\/hike-48-grindelwald-first-faulhorn-bussalp-grindelwald\/img_2809\/\" data-orig-file=\"https:\/\/www.intellectualsovereignty.ch\/wp-content\/uploads\/2021\/02\/IMG_2809.jpeg\" data-orig-size=\"1280,960\" data-comments-opened=\"0\" data-image-title=\"IMG_2809\" data-image-description=\"\" data-image-caption=\"\" data-large-file=\"https:\/\/www.intellectualsovereignty.ch\/wp-content\/uploads\/2021\/02\/IMG_2809-1024x768.jpeg\" src=\"https:\/\/www.intellectualsovereignty.ch\/wp-content\/uploads\/2021\/02\/IMG_2809-1024x768.jpeg\" alt=\"\" data-id=\"2243\" data-full-url=\"https:\/\/www.intellectualsovereignty.ch\/wp-content\/uploads\/2021\/02\/IMG_2809.jpeg\" data-link=\"https:\/\/www.intellectualsovereignty.ch\/index.php\/2021\/02\/09\/hike-48-grindelwald-first-faulhorn-bussalp-grindelwald\/img_2809\/\" class=\"wp-image-2243\" srcset=\"https:\/\/www.intellectualsovereignty.ch\/wp-content\/uploads\/2021\/02\/IMG_2809-1024x768.jpeg 1024w, https:\/\/www.intellectualsovereignty.ch\/wp-content\/uploads\/2021\/02\/IMG_2809-300x225.jpeg 300w, https:\/\/www.intellectualsovereignty.ch\/wp-content\/uploads\/2021\/02\/IMG_2809-768x576.jpeg 768w, https:\/\/www.intellectualsovereignty.ch\/wp-content\/uploads\/2021\/02\/IMG_2809-400x300.jpeg 400w, https:\/\/www.intellectualsovereignty.ch\/wp-content\/uploads\/2021\/02\/IMG_2809-800x600.jpeg 800w, https:\/\/www.intellectualsovereignty.ch\/wp-content\/uploads\/2021\/02\/IMG_2809.jpeg 1280w\" sizes=\"auto, (max-width: 1024px) 100vw, 1024px\" \/><\/figure><\/li><li class=\"blocks-gallery-item\"><figure><img loading=\"lazy\" decoding=\"async\" width=\"1024\" height=\"768\" data-attachment-id=\"2244\" data-permalink=\"https:\/\/www.intellectualsovereignty.ch\/index.php\/2021\/02\/09\/hike-48-grindelwald-first-faulhorn-bussalp-grindelwald\/img_2810\/\" data-orig-file=\"https:\/\/www.intellectualsovereignty.ch\/wp-content\/uploads\/2021\/02\/IMG_2810.jpeg\" data-orig-size=\"1280,960\" data-comments-opened=\"0\" data-image-title=\"IMG_2810\" data-image-description=\"\" data-image-caption=\"\" data-large-file=\"https:\/\/www.intellectualsovereignty.ch\/wp-content\/uploads\/2021\/02\/IMG_2810-1024x768.jpeg\" src=\"https:\/\/www.intellectualsovereignty.ch\/wp-content\/uploads\/2021\/02\/IMG_2810-1024x768.jpeg\" alt=\"\" data-id=\"2244\" data-full-url=\"https:\/\/www.intellectualsovereignty.ch\/wp-content\/uploads\/2021\/02\/IMG_2810.jpeg\" data-link=\"https:\/\/www.intellectualsovereignty.ch\/index.php\/2021\/02\/09\/hike-48-grindelwald-first-faulhorn-bussalp-grindelwald\/img_2810\/\" class=\"wp-image-2244\" srcset=\"https:\/\/www.intellectualsovereignty.ch\/wp-content\/uploads\/2021\/02\/IMG_2810-1024x768.jpeg 1024w, https:\/\/www.intellectualsovereignty.ch\/wp-content\/uploads\/2021\/02\/IMG_2810-300x225.jpeg 300w, https:\/\/www.intellectualsovereignty.ch\/wp-content\/uploads\/2021\/02\/IMG_2810-768x576.jpeg 768w, https:\/\/www.intellectualsovereignty.ch\/wp-content\/uploads\/2021\/02\/IMG_2810-400x300.jpeg 400w, https:\/\/www.intellectualsovereignty.ch\/wp-content\/uploads\/2021\/02\/IMG_2810-800x600.jpeg 800w, https:\/\/www.intellectualsovereignty.ch\/wp-content\/uploads\/2021\/02\/IMG_2810.jpeg 1280w\" sizes=\"auto, (max-width: 1024px) 100vw, 1024px\" \/><\/figure><\/li><li class=\"blocks-gallery-item\"><figure><img loading=\"lazy\" decoding=\"async\" width=\"1024\" height=\"768\" data-attachment-id=\"2245\" data-permalink=\"https:\/\/www.intellectualsovereignty.ch\/index.php\/2021\/02\/09\/hike-48-grindelwald-first-faulhorn-bussalp-grindelwald\/img_2811\/\" data-orig-file=\"https:\/\/www.intellectualsovereignty.ch\/wp-content\/uploads\/2021\/02\/IMG_2811.jpeg\" data-orig-size=\"1280,960\" data-comments-opened=\"0\" data-image-title=\"IMG_2811\" data-image-description=\"\" data-image-caption=\"\" data-large-file=\"https:\/\/www.intellectualsovereignty.ch\/wp-content\/uploads\/2021\/02\/IMG_2811-1024x768.jpeg\" src=\"https:\/\/www.intellectualsovereignty.ch\/wp-content\/uploads\/2021\/02\/IMG_2811-1024x768.jpeg\" alt=\"\" data-id=\"2245\" data-full-url=\"https:\/\/www.intellectualsovereignty.ch\/wp-content\/uploads\/2021\/02\/IMG_2811.jpeg\" data-link=\"https:\/\/www.intellectualsovereignty.ch\/index.php\/2021\/02\/09\/hike-48-grindelwald-first-faulhorn-bussalp-grindelwald\/img_2811\/\" class=\"wp-image-2245\" srcset=\"https:\/\/www.intellectualsovereignty.ch\/wp-content\/uploads\/2021\/02\/IMG_2811-1024x768.jpeg 1024w, https:\/\/www.intellectualsovereignty.ch\/wp-content\/uploads\/2021\/02\/IMG_2811-300x225.jpeg 300w, https:\/\/www.intellectualsovereignty.ch\/wp-content\/uploads\/2021\/02\/IMG_2811-768x576.jpeg 768w, https:\/\/www.intellectualsovereignty.ch\/wp-content\/uploads\/2021\/02\/IMG_2811-400x300.jpeg 400w, https:\/\/www.intellectualsovereignty.ch\/wp-content\/uploads\/2021\/02\/IMG_2811-800x600.jpeg 800w, https:\/\/www.intellectualsovereignty.ch\/wp-content\/uploads\/2021\/02\/IMG_2811.jpeg 1280w\" sizes=\"auto, (max-width: 1024px) 100vw, 1024px\" \/><\/figure><\/li><li class=\"blocks-gallery-item\"><figure><img loading=\"lazy\" decoding=\"async\" width=\"1024\" height=\"768\" data-attachment-id=\"2246\" data-permalink=\"https:\/\/www.intellectualsovereignty.ch\/index.php\/2021\/02\/09\/hike-48-grindelwald-first-faulhorn-bussalp-grindelwald\/img_2812\/\" data-orig-file=\"https:\/\/www.intellectualsovereignty.ch\/wp-content\/uploads\/2021\/02\/IMG_2812.jpeg\" data-orig-size=\"1280,960\" data-comments-opened=\"0\" data-image-title=\"IMG_2812\" data-image-description=\"\" data-image-caption=\"\" data-large-file=\"https:\/\/www.intellectualsovereignty.ch\/wp-content\/uploads\/2021\/02\/IMG_2812-1024x768.jpeg\" src=\"https:\/\/www.intellectualsovereignty.ch\/wp-content\/uploads\/2021\/02\/IMG_2812-1024x768.jpeg\" alt=\"\" data-id=\"2246\" data-full-url=\"https:\/\/www.intellectualsovereignty.ch\/wp-content\/uploads\/2021\/02\/IMG_2812.jpeg\" data-link=\"https:\/\/www.intellectualsovereignty.ch\/index.php\/2021\/02\/09\/hike-48-grindelwald-first-faulhorn-bussalp-grindelwald\/img_2812\/\" class=\"wp-image-2246\" srcset=\"https:\/\/www.intellectualsovereignty.ch\/wp-content\/uploads\/2021\/02\/IMG_2812-1024x768.jpeg 1024w, https:\/\/www.intellectualsovereignty.ch\/wp-content\/uploads\/2021\/02\/IMG_2812-300x225.jpeg 300w, https:\/\/www.intellectualsovereignty.ch\/wp-content\/uploads\/2021\/02\/IMG_2812-768x576.jpeg 768w, https:\/\/www.intellectualsovereignty.ch\/wp-content\/uploads\/2021\/02\/IMG_2812-400x300.jpeg 400w, https:\/\/www.intellectualsovereignty.ch\/wp-content\/uploads\/2021\/02\/IMG_2812-800x600.jpeg 800w, https:\/\/www.intellectualsovereignty.ch\/wp-content\/uploads\/2021\/02\/IMG_2812.jpeg 1280w\" sizes=\"auto, (max-width: 1024px) 100vw, 1024px\" \/><\/figure><\/li><li class=\"blocks-gallery-item\"><figure><img loading=\"lazy\" decoding=\"async\" width=\"768\" height=\"1024\" data-attachment-id=\"2247\" data-permalink=\"https:\/\/www.intellectualsovereignty.ch\/index.php\/2021\/02\/09\/hike-48-grindelwald-first-faulhorn-bussalp-grindelwald\/img_2813\/\" data-orig-file=\"https:\/\/www.intellectualsovereignty.ch\/wp-content\/uploads\/2021\/02\/IMG_2813.jpeg\" data-orig-size=\"960,1280\" data-comments-opened=\"0\" data-image-title=\"IMG_2813\" data-image-description=\"\" data-image-caption=\"\" data-large-file=\"https:\/\/www.intellectualsovereignty.ch\/wp-content\/uploads\/2021\/02\/IMG_2813-768x1024.jpeg\" src=\"https:\/\/www.intellectualsovereignty.ch\/wp-content\/uploads\/2021\/02\/IMG_2813-768x1024.jpeg\" alt=\"\" data-id=\"2247\" data-full-url=\"https:\/\/www.intellectualsovereignty.ch\/wp-content\/uploads\/2021\/02\/IMG_2813.jpeg\" data-link=\"https:\/\/www.intellectualsovereignty.ch\/index.php\/2021\/02\/09\/hike-48-grindelwald-first-faulhorn-bussalp-grindelwald\/img_2813\/\" class=\"wp-image-2247\" srcset=\"https:\/\/www.intellectualsovereignty.ch\/wp-content\/uploads\/2021\/02\/IMG_2813-768x1024.jpeg 768w, https:\/\/www.intellectualsovereignty.ch\/wp-content\/uploads\/2021\/02\/IMG_2813-225x300.jpeg 225w, https:\/\/www.intellectualsovereignty.ch\/wp-content\/uploads\/2021\/02\/IMG_2813-400x533.jpeg 400w, https:\/\/www.intellectualsovereignty.ch\/wp-content\/uploads\/2021\/02\/IMG_2813-800x1067.jpeg 800w, https:\/\/www.intellectualsovereignty.ch\/wp-content\/uploads\/2021\/02\/IMG_2813.jpeg 960w\" sizes=\"auto, (max-width: 768px) 100vw, 768px\" \/><\/figure><\/li><li class=\"blocks-gallery-item\"><figure><img loading=\"lazy\" decoding=\"async\" width=\"768\" height=\"1024\" data-attachment-id=\"2248\" data-permalink=\"https:\/\/www.intellectualsovereignty.ch\/index.php\/2021\/02\/09\/hike-48-grindelwald-first-faulhorn-bussalp-grindelwald\/img_2814\/\" data-orig-file=\"https:\/\/www.intellectualsovereignty.ch\/wp-content\/uploads\/2021\/02\/IMG_2814.jpeg\" data-orig-size=\"960,1280\" data-comments-opened=\"0\" data-image-title=\"IMG_2814\" data-image-description=\"\" data-image-caption=\"\" data-large-file=\"https:\/\/www.intellectualsovereignty.ch\/wp-content\/uploads\/2021\/02\/IMG_2814-768x1024.jpeg\" src=\"https:\/\/www.intellectualsovereignty.ch\/wp-content\/uploads\/2021\/02\/IMG_2814-768x1024.jpeg\" alt=\"\" data-id=\"2248\" data-full-url=\"https:\/\/www.intellectualsovereignty.ch\/wp-content\/uploads\/2021\/02\/IMG_2814.jpeg\" data-link=\"https:\/\/www.intellectualsovereignty.ch\/index.php\/2021\/02\/09\/hike-48-grindelwald-first-faulhorn-bussalp-grindelwald\/img_2814\/\" class=\"wp-image-2248\" srcset=\"https:\/\/www.intellectualsovereignty.ch\/wp-content\/uploads\/2021\/02\/IMG_2814-768x1024.jpeg 768w, https:\/\/www.intellectualsovereignty.ch\/wp-content\/uploads\/2021\/02\/IMG_2814-225x300.jpeg 225w, https:\/\/www.intellectualsovereignty.ch\/wp-content\/uploads\/2021\/02\/IMG_2814-400x533.jpeg 400w, https:\/\/www.intellectualsovereignty.ch\/wp-content\/uploads\/2021\/02\/IMG_2814-800x1067.jpeg 800w, https:\/\/www.intellectualsovereignty.ch\/wp-content\/uploads\/2021\/02\/IMG_2814.jpeg 960w\" sizes=\"auto, (max-width: 768px) 100vw, 768px\" \/><\/figure><\/li><li class=\"blocks-gallery-item\"><figure><img loading=\"lazy\" decoding=\"async\" width=\"1024\" height=\"768\" data-attachment-id=\"2249\" data-permalink=\"https:\/\/www.intellectualsovereignty.ch\/index.php\/2021\/02\/09\/hike-48-grindelwald-first-faulhorn-bussalp-grindelwald\/img_2815\/\" data-orig-file=\"https:\/\/www.intellectualsovereignty.ch\/wp-content\/uploads\/2021\/02\/IMG_2815.jpeg\" data-orig-size=\"1280,960\" data-comments-opened=\"0\" data-image-title=\"IMG_2815\" data-image-description=\"\" data-image-caption=\"\" data-large-file=\"https:\/\/www.intellectualsovereignty.ch\/wp-content\/uploads\/2021\/02\/IMG_2815-1024x768.jpeg\" src=\"https:\/\/www.intellectualsovereignty.ch\/wp-content\/uploads\/2021\/02\/IMG_2815-1024x768.jpeg\" alt=\"\" data-id=\"2249\" data-full-url=\"https:\/\/www.intellectualsovereignty.ch\/wp-content\/uploads\/2021\/02\/IMG_2815.jpeg\" data-link=\"https:\/\/www.intellectualsovereignty.ch\/index.php\/2021\/02\/09\/hike-48-grindelwald-first-faulhorn-bussalp-grindelwald\/img_2815\/\" class=\"wp-image-2249\" srcset=\"https:\/\/www.intellectualsovereignty.ch\/wp-content\/uploads\/2021\/02\/IMG_2815-1024x768.jpeg 1024w, https:\/\/www.intellectualsovereignty.ch\/wp-content\/uploads\/2021\/02\/IMG_2815-300x225.jpeg 300w, https:\/\/www.intellectualsovereignty.ch\/wp-content\/uploads\/2021\/02\/IMG_2815-768x576.jpeg 768w, https:\/\/www.intellectualsovereignty.ch\/wp-content\/uploads\/2021\/02\/IMG_2815-400x300.jpeg 400w, https:\/\/www.intellectualsovereignty.ch\/wp-content\/uploads\/2021\/02\/IMG_2815-800x600.jpeg 800w, https:\/\/www.intellectualsovereignty.ch\/wp-content\/uploads\/2021\/02\/IMG_2815.jpeg 1280w\" sizes=\"auto, (max-width: 1024px) 100vw, 1024px\" \/><\/figure><\/li><li class=\"blocks-gallery-item\"><figure><img loading=\"lazy\" decoding=\"async\" width=\"1024\" height=\"768\" data-attachment-id=\"2250\" data-permalink=\"https:\/\/www.intellectualsovereignty.ch\/index.php\/2021\/02\/09\/hike-48-grindelwald-first-faulhorn-bussalp-grindelwald\/img_2816\/\" data-orig-file=\"https:\/\/www.intellectualsovereignty.ch\/wp-content\/uploads\/2021\/02\/IMG_2816.jpeg\" data-orig-size=\"1280,960\" data-comments-opened=\"0\" data-image-title=\"IMG_2816\" data-image-description=\"\" data-image-caption=\"\" data-large-file=\"https:\/\/www.intellectualsovereignty.ch\/wp-content\/uploads\/2021\/02\/IMG_2816-1024x768.jpeg\" src=\"https:\/\/www.intellectualsovereignty.ch\/wp-content\/uploads\/2021\/02\/IMG_2816-1024x768.jpeg\" alt=\"\" data-id=\"2250\" data-full-url=\"https:\/\/www.intellectualsovereignty.ch\/wp-content\/uploads\/2021\/02\/IMG_2816.jpeg\" data-link=\"https:\/\/www.intellectualsovereignty.ch\/index.php\/2021\/02\/09\/hike-48-grindelwald-first-faulhorn-bussalp-grindelwald\/img_2816\/\" class=\"wp-image-2250\" srcset=\"https:\/\/www.intellectualsovereignty.ch\/wp-content\/uploads\/2021\/02\/IMG_2816-1024x768.jpeg 1024w, https:\/\/www.intellectualsovereignty.ch\/wp-content\/uploads\/2021\/02\/IMG_2816-300x225.jpeg 300w, https:\/\/www.intellectualsovereignty.ch\/wp-content\/uploads\/2021\/02\/IMG_2816-768x576.jpeg 768w, https:\/\/www.intellectualsovereignty.ch\/wp-content\/uploads\/2021\/02\/IMG_2816-400x300.jpeg 400w, https:\/\/www.intellectualsovereignty.ch\/wp-content\/uploads\/2021\/02\/IMG_2816-800x600.jpeg 800w, https:\/\/www.intellectualsovereignty.ch\/wp-content\/uploads\/2021\/02\/IMG_2816.jpeg 1280w\" sizes=\"auto, (max-width: 1024px) 100vw, 1024px\" \/><\/figure><\/li><li class=\"blocks-gallery-item\"><figure><img loading=\"lazy\" decoding=\"async\" width=\"1024\" height=\"768\" data-attachment-id=\"2251\" data-permalink=\"https:\/\/www.intellectualsovereignty.ch\/index.php\/2021\/02\/09\/hike-48-grindelwald-first-faulhorn-bussalp-grindelwald\/img_2817\/\" data-orig-file=\"https:\/\/www.intellectualsovereignty.ch\/wp-content\/uploads\/2021\/02\/IMG_2817.jpeg\" data-orig-size=\"1280,960\" data-comments-opened=\"0\" data-image-title=\"IMG_2817\" data-image-description=\"\" data-image-caption=\"\" data-large-file=\"https:\/\/www.intellectualsovereignty.ch\/wp-content\/uploads\/2021\/02\/IMG_2817-1024x768.jpeg\" src=\"https:\/\/www.intellectualsovereignty.ch\/wp-content\/uploads\/2021\/02\/IMG_2817-1024x768.jpeg\" alt=\"\" data-id=\"2251\" data-full-url=\"https:\/\/www.intellectualsovereignty.ch\/wp-content\/uploads\/2021\/02\/IMG_2817.jpeg\" data-link=\"https:\/\/www.intellectualsovereignty.ch\/index.php\/2021\/02\/09\/hike-48-grindelwald-first-faulhorn-bussalp-grindelwald\/img_2817\/\" class=\"wp-image-2251\" srcset=\"https:\/\/www.intellectualsovereignty.ch\/wp-content\/uploads\/2021\/02\/IMG_2817-1024x768.jpeg 1024w, https:\/\/www.intellectualsovereignty.ch\/wp-content\/uploads\/2021\/02\/IMG_2817-300x225.jpeg 300w, https:\/\/www.intellectualsovereignty.ch\/wp-content\/uploads\/2021\/02\/IMG_2817-768x576.jpeg 768w, https:\/\/www.intellectualsovereignty.ch\/wp-content\/uploads\/2021\/02\/IMG_2817-400x300.jpeg 400w, https:\/\/www.intellectualsovereignty.ch\/wp-content\/uploads\/2021\/02\/IMG_2817-800x600.jpeg 800w, https:\/\/www.intellectualsovereignty.ch\/wp-content\/uploads\/2021\/02\/IMG_2817.jpeg 1280w\" sizes=\"auto, (max-width: 1024px) 100vw, 1024px\" \/><\/figure><\/li><li class=\"blocks-gallery-item\"><figure><img loading=\"lazy\" decoding=\"async\" width=\"1024\" height=\"345\" data-attachment-id=\"2252\" data-permalink=\"https:\/\/www.intellectualsovereignty.ch\/index.php\/2021\/02\/09\/hike-48-grindelwald-first-faulhorn-bussalp-grindelwald\/img_2818\/\" data-orig-file=\"https:\/\/www.intellectualsovereignty.ch\/wp-content\/uploads\/2021\/02\/IMG_2818.jpeg\" data-orig-size=\"1280,431\" data-comments-opened=\"0\" data-image-title=\"IMG_2818\" data-image-description=\"\" data-image-caption=\"\" data-large-file=\"https:\/\/www.intellectualsovereignty.ch\/wp-content\/uploads\/2021\/02\/IMG_2818-1024x345.jpeg\" src=\"https:\/\/www.intellectualsovereignty.ch\/wp-content\/uploads\/2021\/02\/IMG_2818-1024x345.jpeg\" alt=\"\" data-id=\"2252\" data-full-url=\"https:\/\/www.intellectualsovereignty.ch\/wp-content\/uploads\/2021\/02\/IMG_2818.jpeg\" data-link=\"https:\/\/www.intellectualsovereignty.ch\/index.php\/2021\/02\/09\/hike-48-grindelwald-first-faulhorn-bussalp-grindelwald\/img_2818\/\" class=\"wp-image-2252\" srcset=\"https:\/\/www.intellectualsovereignty.ch\/wp-content\/uploads\/2021\/02\/IMG_2818-1024x345.jpeg 1024w, https:\/\/www.intellectualsovereignty.ch\/wp-content\/uploads\/2021\/02\/IMG_2818-300x101.jpeg 300w, https:\/\/www.intellectualsovereignty.ch\/wp-content\/uploads\/2021\/02\/IMG_2818-768x259.jpeg 768w, https:\/\/www.intellectualsovereignty.ch\/wp-content\/uploads\/2021\/02\/IMG_2818-400x135.jpeg 400w, https:\/\/www.intellectualsovereignty.ch\/wp-content\/uploads\/2021\/02\/IMG_2818-800x269.jpeg 800w, https:\/\/www.intellectualsovereignty.ch\/wp-content\/uploads\/2021\/02\/IMG_2818.jpeg 1280w\" sizes=\"auto, (max-width: 1024px) 100vw, 1024px\" \/><\/figure><\/li><li class=\"blocks-gallery-item\"><figure><img loading=\"lazy\" decoding=\"async\" width=\"768\" height=\"1024\" data-attachment-id=\"2253\" data-permalink=\"https:\/\/www.intellectualsovereignty.ch\/index.php\/2021\/02\/09\/hike-48-grindelwald-first-faulhorn-bussalp-grindelwald\/img_2819\/\" data-orig-file=\"https:\/\/www.intellectualsovereignty.ch\/wp-content\/uploads\/2021\/02\/IMG_2819.jpeg\" data-orig-size=\"960,1280\" data-comments-opened=\"0\" data-image-title=\"IMG_2819\" data-image-description=\"\" data-image-caption=\"\" data-large-file=\"https:\/\/www.intellectualsovereignty.ch\/wp-content\/uploads\/2021\/02\/IMG_2819-768x1024.jpeg\" src=\"https:\/\/www.intellectualsovereignty.ch\/wp-content\/uploads\/2021\/02\/IMG_2819-768x1024.jpeg\" alt=\"\" data-id=\"2253\" data-full-url=\"https:\/\/www.intellectualsovereignty.ch\/wp-content\/uploads\/2021\/02\/IMG_2819.jpeg\" data-link=\"https:\/\/www.intellectualsovereignty.ch\/index.php\/2021\/02\/09\/hike-48-grindelwald-first-faulhorn-bussalp-grindelwald\/img_2819\/\" class=\"wp-image-2253\" srcset=\"https:\/\/www.intellectualsovereignty.ch\/wp-content\/uploads\/2021\/02\/IMG_2819-768x1024.jpeg 768w, https:\/\/www.intellectualsovereignty.ch\/wp-content\/uploads\/2021\/02\/IMG_2819-225x300.jpeg 225w, https:\/\/www.intellectualsovereignty.ch\/wp-content\/uploads\/2021\/02\/IMG_2819-400x533.jpeg 400w, https:\/\/www.intellectualsovereignty.ch\/wp-content\/uploads\/2021\/02\/IMG_2819-800x1067.jpeg 800w, https:\/\/www.intellectualsovereignty.ch\/wp-content\/uploads\/2021\/02\/IMG_2819.jpeg 960w\" sizes=\"auto, (max-width: 768px) 100vw, 768px\" \/><\/figure><\/li><li class=\"blocks-gallery-item\"><figure><img loading=\"lazy\" decoding=\"async\" width=\"1024\" height=\"561\" data-attachment-id=\"2254\" data-permalink=\"https:\/\/www.intellectualsovereignty.ch\/index.php\/2021\/02\/09\/hike-48-grindelwald-first-faulhorn-bussalp-grindelwald\/img_2820\/\" data-orig-file=\"https:\/\/www.intellectualsovereignty.ch\/wp-content\/uploads\/2021\/02\/IMG_2820.jpeg\" data-orig-size=\"1280,701\" data-comments-opened=\"0\" data-image-title=\"IMG_2820\" data-image-description=\"\" data-image-caption=\"\" data-large-file=\"https:\/\/www.intellectualsovereignty.ch\/wp-content\/uploads\/2021\/02\/IMG_2820-1024x561.jpeg\" src=\"https:\/\/www.intellectualsovereignty.ch\/wp-content\/uploads\/2021\/02\/IMG_2820-1024x561.jpeg\" alt=\"\" data-id=\"2254\" data-full-url=\"https:\/\/www.intellectualsovereignty.ch\/wp-content\/uploads\/2021\/02\/IMG_2820.jpeg\" data-link=\"https:\/\/www.intellectualsovereignty.ch\/index.php\/2021\/02\/09\/hike-48-grindelwald-first-faulhorn-bussalp-grindelwald\/img_2820\/\" class=\"wp-image-2254\" srcset=\"https:\/\/www.intellectualsovereignty.ch\/wp-content\/uploads\/2021\/02\/IMG_2820-1024x561.jpeg 1024w, https:\/\/www.intellectualsovereignty.ch\/wp-content\/uploads\/2021\/02\/IMG_2820-300x164.jpeg 300w, https:\/\/www.intellectualsovereignty.ch\/wp-content\/uploads\/2021\/02\/IMG_2820-768x421.jpeg 768w, https:\/\/www.intellectualsovereignty.ch\/wp-content\/uploads\/2021\/02\/IMG_2820-400x219.jpeg 400w, https:\/\/www.intellectualsovereignty.ch\/wp-content\/uploads\/2021\/02\/IMG_2820-800x438.jpeg 800w, https:\/\/www.intellectualsovereignty.ch\/wp-content\/uploads\/2021\/02\/IMG_2820.jpeg 1280w\" sizes=\"auto, (max-width: 1024px) 100vw, 1024px\" \/><\/figure><\/li><li class=\"blocks-gallery-item\"><figure><img loading=\"lazy\" decoding=\"async\" width=\"1024\" height=\"768\" data-attachment-id=\"2255\" data-permalink=\"https:\/\/www.intellectualsovereignty.ch\/index.php\/2021\/02\/09\/hike-48-grindelwald-first-faulhorn-bussalp-grindelwald\/img_2821\/\" data-orig-file=\"https:\/\/www.intellectualsovereignty.ch\/wp-content\/uploads\/2021\/02\/IMG_2821.jpeg\" data-orig-size=\"1280,960\" data-comments-opened=\"0\" data-image-title=\"IMG_2821\" data-image-description=\"\" data-image-caption=\"\" data-large-file=\"https:\/\/www.intellectualsovereignty.ch\/wp-content\/uploads\/2021\/02\/IMG_2821-1024x768.jpeg\" src=\"https:\/\/www.intellectualsovereignty.ch\/wp-content\/uploads\/2021\/02\/IMG_2821-1024x768.jpeg\" alt=\"\" data-id=\"2255\" data-full-url=\"https:\/\/www.intellectualsovereignty.ch\/wp-content\/uploads\/2021\/02\/IMG_2821.jpeg\" data-link=\"https:\/\/www.intellectualsovereignty.ch\/index.php\/2021\/02\/09\/hike-48-grindelwald-first-faulhorn-bussalp-grindelwald\/img_2821\/\" class=\"wp-image-2255\" srcset=\"https:\/\/www.intellectualsovereignty.ch\/wp-content\/uploads\/2021\/02\/IMG_2821-1024x768.jpeg 1024w, https:\/\/www.intellectualsovereignty.ch\/wp-content\/uploads\/2021\/02\/IMG_2821-300x225.jpeg 300w, https:\/\/www.intellectualsovereignty.ch\/wp-content\/uploads\/2021\/02\/IMG_2821-768x576.jpeg 768w, https:\/\/www.intellectualsovereignty.ch\/wp-content\/uploads\/2021\/02\/IMG_2821-400x300.jpeg 400w, https:\/\/www.intellectualsovereignty.ch\/wp-content\/uploads\/2021\/02\/IMG_2821-800x600.jpeg 800w, https:\/\/www.intellectualsovereignty.ch\/wp-content\/uploads\/2021\/02\/IMG_2821.jpeg 1280w\" sizes=\"auto, (max-width: 1024px) 100vw, 1024px\" \/><\/figure><\/li><\/ul><\/figure>\n\n\n\n<hr class=\"wp-block-separator\"\/>\n\n\n\n<p class=\"wp-block-paragraph\">Distanz: 24km<br>H\u00f6henmeter: 1725m<br>Marschzeit: 7h40<br>GPS-Route:\u00a0<a href=\"https:\/\/map.schweizmobil.ch\/?lang=de&amp;photos=yes&amp;bgLayer=pk&amp;logo=yes&amp;season=summer&amp;resolution=5.43&amp;E=2644892&amp;N=1166855&amp;layers=Wanderland&amp;trackId=121066741\" target=\"_blank\" rel=\"noreferrer noopener\">SchweizMobil<\/a><br>Beschrieb: k.A.<\/p>\n\n\n[sgpx gpx=\/wp-content\/uploads\/gpx\/20210209_grindelwaldfirstfaulhornbussalpgrindelwald.gpx ]\n","protected":false},"excerpt":{"rendered":"<p>Das Faulhorn im Winter zu erwandern stellt schon fast ein fixer Punkt in meiner Jahresagenda dar, und so nutze ich Tage mit weniger pr\u00e4chtigem Wetter f\u00fcr eine ausgedehnte Tour ab Grindelwald und zur\u00fcck, so auch heute. Unten zu Beginn tr\u00fcb und neblig, oben vermeintlich windig aber bei Sonnenschein&#8230; Ich starte relativ sp\u00e4t kurz vor 10 [&hellip;]<\/p>\n","protected":false},"author":1,"featured_media":2256,"comment_status":"open","ping_status":"open","sticky":false,"template":"","format":"standard","meta":{"_jetpack_newsletter_access":"","_jetpack_dont_email_post_to_subs":false,"_jetpack_newsletter_tier_id":0,"_jetpack_memberships_contains_paywalled_content":false,"_spotmap_latitude":"","_spotmap_longitude":"","_jetpack_feature_clip_id":0,"_jetpack_memberships_contains_paid_content":false,"footnotes":"","jetpack_post_was_ever_published":false},"categories":[3],"tags":[],"class_list":["post-2214","post","type-post","status-publish","format-standard","has-post-thumbnail","hentry","category-hiking","has-thumbnail"],"jetpack_shortlink":"https:\/\/wp.me\/p9IwFN-zI","jetpack_likes_enabled":false,"jetpack_sharing_enabled":true,"jetpack_featured_media_url":"https:\/\/www.intellectualsovereignty.ch\/wp-content\/uploads\/2021\/02\/IMG_2798_cropped.jpeg","_links":{"self":[{"href":"https:\/\/www.intellectualsovereignty.ch\/index.php\/wp-json\/wp\/v2\/posts\/2214","targetHints":{"allow":["GET"]}}],"collection":[{"href":"https:\/\/www.intellectualsovereignty.ch\/index.php\/wp-json\/wp\/v2\/posts"}],"about":[{"href":"https:\/\/www.intellectualsovereignty.ch\/index.php\/wp-json\/wp\/v2\/types\/post"}],"author":[{"embeddable":true,"href":"https:\/\/www.intellectualsovereignty.ch\/index.php\/wp-json\/wp\/v2\/users\/1"}],"replies":[{"embeddable":true,"href":"https:\/\/www.intellectualsovereignty.ch\/index.php\/wp-json\/wp\/v2\/comments?post=2214"}],"version-history":[{"count":4,"href":"https:\/\/www.intellectualsovereignty.ch\/index.php\/wp-json\/wp\/v2\/posts\/2214\/revisions"}],"predecessor-version":[{"id":2257,"href":"https:\/\/www.intellectualsovereignty.ch\/index.php\/wp-json\/wp\/v2\/posts\/2214\/revisions\/2257"}],"wp:featuredmedia":[{"embeddable":true,"href":"https:\/\/www.intellectualsovereignty.ch\/index.php\/wp-json\/wp\/v2\/media\/2256"}],"wp:attachment":[{"href":"https:\/\/www.intellectualsovereignty.ch\/index.php\/wp-json\/wp\/v2\/media?parent=2214"}],"wp:term":[{"taxonomy":"category","embeddable":true,"href":"https:\/\/www.intellectualsovereignty.ch\/index.php\/wp-json\/wp\/v2\/categories?post=2214"},{"taxonomy":"post_tag","embeddable":true,"href":"https:\/\/www.intellectualsovereignty.ch\/index.php\/wp-json\/wp\/v2\/tags?post=2214"}],"curies":[{"name":"wp","href":"https:\/\/api.w.org\/{rel}","templated":true}]}}