{"id":217,"date":"2020-05-17T20:51:00","date_gmt":"2020-05-17T19:51:00","guid":{"rendered":"https:\/\/www.intellectualsovereignty.ch\/?p=217"},"modified":"2020-06-24T20:46:49","modified_gmt":"2020-06-24T19:46:49","slug":"hike-18-trubschachen-napf-wolhusen","status":"publish","type":"post","link":"https:\/\/www.intellectualsovereignty.ch\/index.php\/2020\/05\/17\/hike-18-trubschachen-napf-wolhusen\/","title":{"rendered":"Hike #18 \/ Trubschachen &#8211; Napf &#8211; Wolhusen"},"content":{"rendered":"\n<p class=\"wp-block-paragraph\">Frust im Bauch l\u00e4sst sich durch Bewegung schnell l\u00f6sen, das meine Einsicht gleich vorweg, welche ich von dieser wundersch\u00f6nen aber langen Wanderung vom Emmental ins Entlebuch gewonnen habe!<\/p>\n\n\n\n<p class=\"wp-block-paragraph\">Mit dem allerersten Zug in Richtung Luzern begebe ich mich nach Trubschachen, und starte gleich im nassen Grashang mit leichtem Kambly-Duft von der unter mir liegenden G\u00fcezli-Fabrik. So streng der Aufstieg zu Beginn, so zerm\u00fcrbend die anfangs vielen Wegabschnitte auf Asphalt. Erst nach rund einer Stunde, kurz nach Hinterrisisegg wendet sich der Wanderweg davon ab, und von da an folgt ein Highlight dem anderen.<\/p>\n\n\n\n<figure class=\"wp-block-image size-large\"><img loading=\"lazy\" decoding=\"async\" width=\"2560\" height=\"1200\" data-attachment-id=\"218\" data-permalink=\"https:\/\/www.intellectualsovereignty.ch\/index.php\/2020\/05\/17\/hike-18-trubschachen-napf-wolhusen\/img_0273\/\" data-orig-file=\"https:\/\/www.intellectualsovereignty.ch\/wp-content\/uploads\/2020\/05\/IMG_0273-scaled.jpeg\" data-orig-size=\"2560,1200\" data-comments-opened=\"0\" data-image-title=\"IMG_0273\" data-image-description=\"\" data-image-caption=\"\" data-large-file=\"https:\/\/www.intellectualsovereignty.ch\/wp-content\/uploads\/2020\/05\/IMG_0273-1024x480.jpeg\" src=\"https:\/\/i0.wp.com\/www.intellectualsovereignty.ch\/wp-content\/uploads\/2020\/05\/IMG_0273-scaled.jpeg?fit=520%2C244&amp;ssl=1\" alt=\"\" class=\"wp-image-218\" srcset=\"https:\/\/www.intellectualsovereignty.ch\/wp-content\/uploads\/2020\/05\/IMG_0273-scaled.jpeg 2560w, https:\/\/www.intellectualsovereignty.ch\/wp-content\/uploads\/2020\/05\/IMG_0273-300x141.jpeg 300w, https:\/\/www.intellectualsovereignty.ch\/wp-content\/uploads\/2020\/05\/IMG_0273-1024x480.jpeg 1024w, https:\/\/www.intellectualsovereignty.ch\/wp-content\/uploads\/2020\/05\/IMG_0273-768x360.jpeg 768w, https:\/\/www.intellectualsovereignty.ch\/wp-content\/uploads\/2020\/05\/IMG_0273-1536x720.jpeg 1536w, https:\/\/www.intellectualsovereignty.ch\/wp-content\/uploads\/2020\/05\/IMG_0273-2048x960.jpeg 2048w, https:\/\/www.intellectualsovereignty.ch\/wp-content\/uploads\/2020\/05\/IMG_0273-1870x877.jpeg 1870w, https:\/\/www.intellectualsovereignty.ch\/wp-content\/uploads\/2020\/05\/IMG_0273-400x188.jpeg 400w, https:\/\/www.intellectualsovereignty.ch\/wp-content\/uploads\/2020\/05\/IMG_0273-800x375.jpeg 800w\" sizes=\"auto, (max-width: 2560px) 100vw, 2560px\" \/><\/figure>\n\n\n\n<p class=\"wp-block-paragraph\">Unterwegs lerne ich J\u00fcrg kennen, und wir verstricken uns in ein spannendes Gespr\u00e4ch \u00fcber Sport, Natur und damit verbundene Lebensfreuden und Tr\u00e4umereien. Obschon er ein paar J\u00e4hrchen mehr auf dem Buckel hat als ich, ist er als ehemaliger Napf-Marathonl\u00e4ufer topfit, und wir kraxeln in einem beachtlichen Tempo durch die W\u00e4lder und den Ridgelines entlang.<\/p>\n\n\n\n<figure class=\"wp-block-image size-large\"><img loading=\"lazy\" decoding=\"async\" width=\"2560\" height=\"718\" data-attachment-id=\"219\" data-permalink=\"https:\/\/www.intellectualsovereignty.ch\/index.php\/2020\/05\/17\/hike-18-trubschachen-napf-wolhusen\/img_0274\/\" data-orig-file=\"https:\/\/www.intellectualsovereignty.ch\/wp-content\/uploads\/2020\/05\/IMG_0274-scaled.jpeg\" data-orig-size=\"2560,718\" data-comments-opened=\"0\" data-image-title=\"IMG_0274\" data-image-description=\"\" data-image-caption=\"\" data-large-file=\"https:\/\/www.intellectualsovereignty.ch\/wp-content\/uploads\/2020\/05\/IMG_0274-1024x287.jpeg\" src=\"https:\/\/i0.wp.com\/www.intellectualsovereignty.ch\/wp-content\/uploads\/2020\/05\/IMG_0274-scaled.jpeg?fit=520%2C146&amp;ssl=1\" alt=\"\" class=\"wp-image-219\" srcset=\"https:\/\/www.intellectualsovereignty.ch\/wp-content\/uploads\/2020\/05\/IMG_0274-scaled.jpeg 2560w, https:\/\/www.intellectualsovereignty.ch\/wp-content\/uploads\/2020\/05\/IMG_0274-300x84.jpeg 300w, https:\/\/www.intellectualsovereignty.ch\/wp-content\/uploads\/2020\/05\/IMG_0274-1024x287.jpeg 1024w, https:\/\/www.intellectualsovereignty.ch\/wp-content\/uploads\/2020\/05\/IMG_0274-768x215.jpeg 768w, https:\/\/www.intellectualsovereignty.ch\/wp-content\/uploads\/2020\/05\/IMG_0274-1536x431.jpeg 1536w, https:\/\/www.intellectualsovereignty.ch\/wp-content\/uploads\/2020\/05\/IMG_0274-2048x574.jpeg 2048w, https:\/\/www.intellectualsovereignty.ch\/wp-content\/uploads\/2020\/05\/IMG_0274-1870x524.jpeg 1870w, https:\/\/www.intellectualsovereignty.ch\/wp-content\/uploads\/2020\/05\/IMG_0274-400x112.jpeg 400w, https:\/\/www.intellectualsovereignty.ch\/wp-content\/uploads\/2020\/05\/IMG_0274-800x224.jpeg 800w\" sizes=\"auto, (max-width: 2560px) 100vw, 2560px\" \/><\/figure>\n\n\n\n<p class=\"wp-block-paragraph\">Oberhalb von Escholzmatt steigt die Dichte der Wanderer ziemlich rasch an, deshalb ziehen wir gleich bis zum Napf durch. Nach einer kurzen Pause geht&#8217;s f\u00fcr mich dann kurz retour zur St\u00e4chelegg, um dann &#8216;gen Norden den Alpenpanorama-Weg Richtung Wolhusen einzuschlagen. J\u00fcrg seinerseits kehrt \u00fcber die L\u00fcderenalp wieder nach Langnau zur\u00fcck, was sicherlich der sch\u00f6nere Weg von beiden ist. Das hole ich garantiert noch nach! Danke J\u00fcrg f\u00fcr die unterhaltsamen Stunden mit dir.<\/p>\n\n\n\n<figure class=\"wp-block-image size-large\"><img loading=\"lazy\" decoding=\"async\" width=\"2560\" height=\"1920\" data-attachment-id=\"220\" data-permalink=\"https:\/\/www.intellectualsovereignty.ch\/index.php\/2020\/05\/17\/hike-18-trubschachen-napf-wolhusen\/61141212789__5559226e-73cf-4246-a57d-81efa8ea8264\/\" data-orig-file=\"https:\/\/www.intellectualsovereignty.ch\/wp-content\/uploads\/2020\/05\/61141212789__5559226E-73CF-4246-A57D-81EFA8EA8264-scaled.jpeg\" data-orig-size=\"2560,1920\" data-comments-opened=\"0\" data-image-title=\"61141212789__5559226E-73CF-4246-A57D-81EFA8EA8264\" data-image-description=\"\" data-image-caption=\"\" data-large-file=\"https:\/\/www.intellectualsovereignty.ch\/wp-content\/uploads\/2020\/05\/61141212789__5559226E-73CF-4246-A57D-81EFA8EA8264-1024x768.jpeg\" src=\"https:\/\/i0.wp.com\/www.intellectualsovereignty.ch\/wp-content\/uploads\/2020\/05\/61141212789__5559226E-73CF-4246-A57D-81EFA8EA8264-scaled.jpeg?fit=520%2C390&amp;ssl=1\" alt=\"\" class=\"wp-image-220\" srcset=\"https:\/\/www.intellectualsovereignty.ch\/wp-content\/uploads\/2020\/05\/61141212789__5559226E-73CF-4246-A57D-81EFA8EA8264-scaled.jpeg 2560w, https:\/\/www.intellectualsovereignty.ch\/wp-content\/uploads\/2020\/05\/61141212789__5559226E-73CF-4246-A57D-81EFA8EA8264-300x225.jpeg 300w, https:\/\/www.intellectualsovereignty.ch\/wp-content\/uploads\/2020\/05\/61141212789__5559226E-73CF-4246-A57D-81EFA8EA8264-1024x768.jpeg 1024w, https:\/\/www.intellectualsovereignty.ch\/wp-content\/uploads\/2020\/05\/61141212789__5559226E-73CF-4246-A57D-81EFA8EA8264-768x576.jpeg 768w, https:\/\/www.intellectualsovereignty.ch\/wp-content\/uploads\/2020\/05\/61141212789__5559226E-73CF-4246-A57D-81EFA8EA8264-1536x1152.jpeg 1536w, https:\/\/www.intellectualsovereignty.ch\/wp-content\/uploads\/2020\/05\/61141212789__5559226E-73CF-4246-A57D-81EFA8EA8264-2048x1536.jpeg 2048w, https:\/\/www.intellectualsovereignty.ch\/wp-content\/uploads\/2020\/05\/61141212789__5559226E-73CF-4246-A57D-81EFA8EA8264-1870x1403.jpeg 1870w, https:\/\/www.intellectualsovereignty.ch\/wp-content\/uploads\/2020\/05\/61141212789__5559226E-73CF-4246-A57D-81EFA8EA8264-400x300.jpeg 400w, https:\/\/www.intellectualsovereignty.ch\/wp-content\/uploads\/2020\/05\/61141212789__5559226E-73CF-4246-A57D-81EFA8EA8264-800x600.jpeg 800w\" sizes=\"auto, (max-width: 2560px) 100vw, 2560px\" \/><\/figure>\n\n\n\n<p class=\"wp-block-paragraph\">Der vor mir liegende Abschnitt oberhalb des Chrachegrabe und vorbei an Menzberg ist aussichtsreich, doch geht mir das Gehen auf den Kieswegen je l\u00e4nger je mehr auf den Senkel. Mit einem kleinen Endspurt gelange ich fr\u00fcher als geplant zum Bahnhof von Wolhusen, wo mir der Regio Express zur\u00fcck nach Bern direkt vor der Nase abf\u00e4hrt. Henu denke ich mir, dann machen wir einen kleinen Umweg \u00fcber Luzern, wo ein erfrischendes Getr\u00e4nk und Glac\u00e9 meine Hitzigkeit gleich wieder abk\u00fchlt.  <\/p>\n\n\n\n<hr class=\"wp-block-separator\"\/>\n\n\n\n<p class=\"wp-block-paragraph\">Distanz: 35.5km<br>H\u00f6henmeter: 1\u2019490m<br>Marschzeit: 7h15<br>GPS-Route:&nbsp;<a href=\"https:\/\/map.schweizmobil.ch\/?lang=de&amp;photos=yes&amp;logo=yes&amp;season=summer&amp;bgLayer=pk&amp;resolution=20.08&amp;E=2634592&amp;N=1201778&amp;layers=Wanderland&amp;trackId=6937765\" target=\"_blank\" rel=\"noreferrer noopener\">SchweizMobil<\/a><br>Beschrieb:&nbsp;<a rel=\"noreferrer noopener\" href=\"https:\/\/www.schweizmobil.ch\/de\/wanderland\/routen\/route-065.html\" target=\"_blank\">Grenzpfad Napfbergland (Nr. 65)<\/a>, Etappe 3 \/  <a rel=\"noreferrer noopener\" href=\"https:\/\/www.schweizmobil.ch\/de\/wanderland\/routen\/route-03.html\" target=\"_blank\">Alpenpanorama-Weg (Nr. 3)<\/a>, Etappe 13<\/p>\n\n\n[sgpx gpx=\/wp-content\/uploads\/gpx\/20200517_trubschachennapfwolhusen.gpx ]\n","protected":false},"excerpt":{"rendered":"<p>Frust im Bauch l\u00e4sst sich durch Bewegung schnell l\u00f6sen, das meine Einsicht gleich vorweg, welche ich von dieser wundersch\u00f6nen aber langen Wanderung vom Emmental ins Entlebuch gewonnen habe! Mit dem allerersten Zug in Richtung Luzern begebe ich mich nach Trubschachen, und starte gleich im nassen Grashang mit leichtem Kambly-Duft von der unter mir liegenden G\u00fcezli-Fabrik. [&hellip;]<\/p>\n","protected":false},"author":1,"featured_media":221,"comment_status":"open","ping_status":"closed","sticky":false,"template":"","format":"standard","meta":{"_jetpack_newsletter_access":"","_jetpack_dont_email_post_to_subs":false,"_jetpack_newsletter_tier_id":0,"_jetpack_memberships_contains_paywalled_content":false,"_spotmap_latitude":"","_spotmap_longitude":"","_jetpack_feature_clip_id":0,"_jetpack_memberships_contains_paid_content":false,"footnotes":"","jetpack_post_was_ever_published":false},"categories":[3],"tags":[9,10],"class_list":["post-217","post","type-post","status-publish","format-standard","has-post-thumbnail","hentry","category-hiking","tag-ch_003","tag-ch_065","has-thumbnail"],"jetpack_shortlink":"https:\/\/wp.me\/p9IwFN-3v","jetpack_likes_enabled":false,"jetpack_sharing_enabled":true,"jetpack_featured_media_url":"https:\/\/www.intellectualsovereignty.ch\/wp-content\/uploads\/2020\/05\/IMG_0275-scaled.jpeg","_links":{"self":[{"href":"https:\/\/www.intellectualsovereignty.ch\/index.php\/wp-json\/wp\/v2\/posts\/217","targetHints":{"allow":["GET"]}}],"collection":[{"href":"https:\/\/www.intellectualsovereignty.ch\/index.php\/wp-json\/wp\/v2\/posts"}],"about":[{"href":"https:\/\/www.intellectualsovereignty.ch\/index.php\/wp-json\/wp\/v2\/types\/post"}],"author":[{"embeddable":true,"href":"https:\/\/www.intellectualsovereignty.ch\/index.php\/wp-json\/wp\/v2\/users\/1"}],"replies":[{"embeddable":true,"href":"https:\/\/www.intellectualsovereignty.ch\/index.php\/wp-json\/wp\/v2\/comments?post=217"}],"version-history":[{"count":1,"href":"https:\/\/www.intellectualsovereignty.ch\/index.php\/wp-json\/wp\/v2\/posts\/217\/revisions"}],"predecessor-version":[{"id":520,"href":"https:\/\/www.intellectualsovereignty.ch\/index.php\/wp-json\/wp\/v2\/posts\/217\/revisions\/520"}],"wp:featuredmedia":[{"embeddable":true,"href":"https:\/\/www.intellectualsovereignty.ch\/index.php\/wp-json\/wp\/v2\/media\/221"}],"wp:attachment":[{"href":"https:\/\/www.intellectualsovereignty.ch\/index.php\/wp-json\/wp\/v2\/media?parent=217"}],"wp:term":[{"taxonomy":"category","embeddable":true,"href":"https:\/\/www.intellectualsovereignty.ch\/index.php\/wp-json\/wp\/v2\/categories?post=217"},{"taxonomy":"post_tag","embeddable":true,"href":"https:\/\/www.intellectualsovereignty.ch\/index.php\/wp-json\/wp\/v2\/tags?post=217"}],"curies":[{"name":"wp","href":"https:\/\/api.w.org\/{rel}","templated":true}]}}