{"id":190,"date":"2020-05-24T18:21:00","date_gmt":"2020-05-24T17:21:00","guid":{"rendered":"https:\/\/www.intellectualsovereignty.ch\/?p=190"},"modified":"2020-06-24T20:46:36","modified_gmt":"2020-06-24T19:46:36","slug":"hike-20-zweisimmen-grimmialp","status":"publish","type":"post","link":"https:\/\/www.intellectualsovereignty.ch\/index.php\/2020\/05\/24\/hike-20-zweisimmen-grimmialp\/","title":{"rendered":"Hike #20 \/ Zweisimmen &#8211; Grimmialp"},"content":{"rendered":"\n<p class=\"wp-block-paragraph\">Schon l\u00e4nger habe ich mit dem Berner Voralpenweg lieb\u00e4ugelt, insbesondere mit dem Abschnitt von Zweisimmen \u00fcber den Seebergsee &#8211; welch doofer Name &#8211; auf die Grimmi. Kurz nach Auffahrt habe ich ihn mit D\u00e4nu in Angriff genommen, wiederum m\u00f6glichst fr\u00fch morgens, um dem Corona-Pulk voraus zu sein&#8230;<\/p>\n\n\n\n<p class=\"wp-block-paragraph\">Der steile Start nach dem Zweisimmer Flugfeld ist ziemlich streng, doch mit jeder Kehre wird die Aussicht auf das Simmental und die umliegenden Berge besser, im Nu sind die 600 ersten H\u00f6henmeter vorbei.<\/p>\n\n\n\n<figure class=\"wp-block-image size-large is-resized\"><img loading=\"lazy\" decoding=\"async\" data-attachment-id=\"191\" data-permalink=\"https:\/\/www.intellectualsovereignty.ch\/index.php\/2020\/05\/24\/hike-20-zweisimmen-grimmialp\/img_0297\/\" data-orig-file=\"https:\/\/www.intellectualsovereignty.ch\/wp-content\/uploads\/2020\/05\/IMG_0297-scaled.jpeg\" data-orig-size=\"2560,1920\" data-comments-opened=\"0\" data-image-title=\"IMG_0297\" data-image-description=\"\" data-image-caption=\"\" data-large-file=\"https:\/\/www.intellectualsovereignty.ch\/wp-content\/uploads\/2020\/05\/IMG_0297-1024x768.jpeg\" src=\"https:\/\/i1.wp.com\/www.intellectualsovereignty.ch\/wp-content\/uploads\/2020\/05\/IMG_0297-scaled.jpeg?fit=520%2C390&amp;ssl=1\" alt=\"\" class=\"wp-image-191\" width=\"520\" height=\"390\" srcset=\"https:\/\/www.intellectualsovereignty.ch\/wp-content\/uploads\/2020\/05\/IMG_0297-scaled.jpeg 2560w, https:\/\/www.intellectualsovereignty.ch\/wp-content\/uploads\/2020\/05\/IMG_0297-300x225.jpeg 300w, https:\/\/www.intellectualsovereignty.ch\/wp-content\/uploads\/2020\/05\/IMG_0297-1024x768.jpeg 1024w, https:\/\/www.intellectualsovereignty.ch\/wp-content\/uploads\/2020\/05\/IMG_0297-768x576.jpeg 768w, https:\/\/www.intellectualsovereignty.ch\/wp-content\/uploads\/2020\/05\/IMG_0297-1536x1152.jpeg 1536w, https:\/\/www.intellectualsovereignty.ch\/wp-content\/uploads\/2020\/05\/IMG_0297-2048x1536.jpeg 2048w, https:\/\/www.intellectualsovereignty.ch\/wp-content\/uploads\/2020\/05\/IMG_0297-1870x1403.jpeg 1870w, https:\/\/www.intellectualsovereignty.ch\/wp-content\/uploads\/2020\/05\/IMG_0297-400x300.jpeg 400w, https:\/\/www.intellectualsovereignty.ch\/wp-content\/uploads\/2020\/05\/IMG_0297-800x600.jpeg 800w\" sizes=\"auto, (max-width: 520px) 100vw, 520px\" \/><\/figure>\n\n\n\n<figure class=\"wp-block-image size-large\"><img loading=\"lazy\" decoding=\"async\" width=\"1920\" height=\"2560\" data-attachment-id=\"192\" data-permalink=\"https:\/\/www.intellectualsovereignty.ch\/index.php\/2020\/05\/24\/hike-20-zweisimmen-grimmialp\/img_0298\/\" data-orig-file=\"https:\/\/www.intellectualsovereignty.ch\/wp-content\/uploads\/2020\/05\/IMG_0298-scaled.jpeg\" data-orig-size=\"1920,2560\" data-comments-opened=\"0\" data-image-title=\"IMG_0298\" data-image-description=\"\" data-image-caption=\"\" data-large-file=\"https:\/\/www.intellectualsovereignty.ch\/wp-content\/uploads\/2020\/05\/IMG_0298-768x1024.jpeg\" src=\"https:\/\/i0.wp.com\/www.intellectualsovereignty.ch\/wp-content\/uploads\/2020\/05\/IMG_0298-scaled.jpeg?fit=520%2C693&amp;ssl=1\" alt=\"\" class=\"wp-image-192\" srcset=\"https:\/\/www.intellectualsovereignty.ch\/wp-content\/uploads\/2020\/05\/IMG_0298-scaled.jpeg 1920w, https:\/\/www.intellectualsovereignty.ch\/wp-content\/uploads\/2020\/05\/IMG_0298-225x300.jpeg 225w, https:\/\/www.intellectualsovereignty.ch\/wp-content\/uploads\/2020\/05\/IMG_0298-768x1024.jpeg 768w, https:\/\/www.intellectualsovereignty.ch\/wp-content\/uploads\/2020\/05\/IMG_0298-1152x1536.jpeg 1152w, https:\/\/www.intellectualsovereignty.ch\/wp-content\/uploads\/2020\/05\/IMG_0298-1536x2048.jpeg 1536w, https:\/\/www.intellectualsovereignty.ch\/wp-content\/uploads\/2020\/05\/IMG_0298-1870x2493.jpeg 1870w, https:\/\/www.intellectualsovereignty.ch\/wp-content\/uploads\/2020\/05\/IMG_0298-400x533.jpeg 400w, https:\/\/www.intellectualsovereignty.ch\/wp-content\/uploads\/2020\/05\/IMG_0298-800x1067.jpeg 800w\" sizes=\"auto, (max-width: 1920px) 100vw, 1920px\" \/><\/figure>\n\n\n\n<p class=\"wp-block-paragraph\">Nach einer kurzen Verschnaufpause geht&#8217;s dann gem\u00fctlich weiter hoch, von der Fl\u00fcene aufs M\u00e4dli. Saftige Wiesen und der Blick auf die Spillgerte sowie die Rothore machen das Wandern kurzweilig.<\/p>\n\n\n\n<div class=\"wp-block-jetpack-tiled-gallery aligncenter is-style-rectangular\"><div class=\"tiled-gallery__gallery\"><div class=\"tiled-gallery__row\"><div class=\"tiled-gallery__col\"><figure class=\"tiled-gallery__item\"><img decoding=\"async\" data-attachment-id=\"195\" data-permalink=\"https:\/\/www.intellectualsovereignty.ch\/index.php\/2020\/05\/24\/hike-20-zweisimmen-grimmialp\/img_0299-1\/\" data-orig-file=\"https:\/\/www.intellectualsovereignty.ch\/wp-content\/uploads\/2020\/05\/IMG_0299-1-scaled.jpeg\" data-orig-size=\"2560,589\" data-comments-opened=\"0\" data-image-title=\"IMG_0299-1\" data-image-description=\"\" data-image-caption=\"\" data-large-file=\"https:\/\/www.intellectualsovereignty.ch\/wp-content\/uploads\/2020\/05\/IMG_0299-1-1024x236.jpeg\" role=\"button\" tabindex=\"0\" aria-label=\"Open image 1 of 5 in full-screen\" srcset=\"https:\/\/i2.wp.com\/www.intellectualsovereignty.ch\/wp-content\/uploads\/2020\/05\/IMG_0299-1-scaled.jpeg?strip=info&#038;w=600&#038;ssl=1 600w,https:\/\/i2.wp.com\/www.intellectualsovereignty.ch\/wp-content\/uploads\/2020\/05\/IMG_0299-1-scaled.jpeg?strip=info&#038;w=900&#038;ssl=1 900w,https:\/\/i2.wp.com\/www.intellectualsovereignty.ch\/wp-content\/uploads\/2020\/05\/IMG_0299-1-scaled.jpeg?strip=info&#038;w=1200&#038;ssl=1 1200w,https:\/\/i2.wp.com\/www.intellectualsovereignty.ch\/wp-content\/uploads\/2020\/05\/IMG_0299-1-scaled.jpeg?strip=info&#038;w=1500&#038;ssl=1 1500w,https:\/\/i2.wp.com\/www.intellectualsovereignty.ch\/wp-content\/uploads\/2020\/05\/IMG_0299-1-scaled.jpeg?strip=info&#038;w=1800&#038;ssl=1 1800w,https:\/\/i2.wp.com\/www.intellectualsovereignty.ch\/wp-content\/uploads\/2020\/05\/IMG_0299-1-scaled.jpeg?strip=info&#038;w=2000&#038;ssl=1 2000w\" alt=\"\" data-height=\"589\" data-id=\"195\" data-link=\"https:\/\/www.intellectualsovereignty.ch\/?attachment_id=195\" data-url=\"https:\/\/www.intellectualsovereignty.ch\/wp-content\/uploads\/2020\/05\/IMG_0299-1-scaled.jpeg\" data-width=\"2560\" src=\"https:\/\/i2.wp.com\/www.intellectualsovereignty.ch\/wp-content\/uploads\/2020\/05\/IMG_0299-1-scaled.jpeg?ssl=1\"\/><\/figure><\/div><\/div><div class=\"tiled-gallery__row\"><div class=\"tiled-gallery__col\"><figure class=\"tiled-gallery__item\"><img decoding=\"async\" data-attachment-id=\"194\" data-permalink=\"https:\/\/www.intellectualsovereignty.ch\/index.php\/2020\/05\/24\/hike-20-zweisimmen-grimmialp\/img_0300\/\" data-orig-file=\"https:\/\/www.intellectualsovereignty.ch\/wp-content\/uploads\/2020\/05\/IMG_0300-scaled.jpeg\" data-orig-size=\"2560,1920\" data-comments-opened=\"0\" data-image-title=\"IMG_0300\" data-image-description=\"\" data-image-caption=\"\" data-large-file=\"https:\/\/www.intellectualsovereignty.ch\/wp-content\/uploads\/2020\/05\/IMG_0300-1024x768.jpeg\" role=\"button\" tabindex=\"0\" aria-label=\"Open image 2 of 5 in full-screen\" srcset=\"https:\/\/i2.wp.com\/www.intellectualsovereignty.ch\/wp-content\/uploads\/2020\/05\/IMG_0300-scaled.jpeg?strip=info&#038;w=600&#038;ssl=1 600w,https:\/\/i2.wp.com\/www.intellectualsovereignty.ch\/wp-content\/uploads\/2020\/05\/IMG_0300-scaled.jpeg?strip=info&#038;w=900&#038;ssl=1 900w,https:\/\/i2.wp.com\/www.intellectualsovereignty.ch\/wp-content\/uploads\/2020\/05\/IMG_0300-scaled.jpeg?strip=info&#038;w=1200&#038;ssl=1 1200w,https:\/\/i2.wp.com\/www.intellectualsovereignty.ch\/wp-content\/uploads\/2020\/05\/IMG_0300-scaled.jpeg?strip=info&#038;w=1500&#038;ssl=1 1500w,https:\/\/i2.wp.com\/www.intellectualsovereignty.ch\/wp-content\/uploads\/2020\/05\/IMG_0300-scaled.jpeg?strip=info&#038;w=1800&#038;ssl=1 1800w,https:\/\/i2.wp.com\/www.intellectualsovereignty.ch\/wp-content\/uploads\/2020\/05\/IMG_0300-scaled.jpeg?strip=info&#038;w=2000&#038;ssl=1 2000w\" alt=\"\" data-height=\"1920\" data-id=\"194\" data-link=\"https:\/\/www.intellectualsovereignty.ch\/?attachment_id=194\" data-url=\"https:\/\/www.intellectualsovereignty.ch\/wp-content\/uploads\/2020\/05\/IMG_0300-scaled.jpeg\" data-width=\"2560\" src=\"https:\/\/i2.wp.com\/www.intellectualsovereignty.ch\/wp-content\/uploads\/2020\/05\/IMG_0300-scaled.jpeg?ssl=1\"\/><\/figure><\/div><div class=\"tiled-gallery__col\"><figure class=\"tiled-gallery__item\"><img decoding=\"async\" data-attachment-id=\"196\" data-permalink=\"https:\/\/www.intellectualsovereignty.ch\/index.php\/2020\/05\/24\/hike-20-zweisimmen-grimmialp\/img_0302\/\" data-orig-file=\"https:\/\/www.intellectualsovereignty.ch\/wp-content\/uploads\/2020\/05\/IMG_0302-scaled.jpeg\" data-orig-size=\"2560,1056\" data-comments-opened=\"0\" data-image-title=\"IMG_0302\" data-image-description=\"\" data-image-caption=\"\" data-large-file=\"https:\/\/www.intellectualsovereignty.ch\/wp-content\/uploads\/2020\/05\/IMG_0302-1024x422.jpeg\" role=\"button\" tabindex=\"0\" aria-label=\"Open image 3 of 5 in full-screen\" srcset=\"https:\/\/i2.wp.com\/www.intellectualsovereignty.ch\/wp-content\/uploads\/2020\/05\/IMG_0302-scaled.jpeg?strip=info&#038;w=600&#038;ssl=1 600w,https:\/\/i2.wp.com\/www.intellectualsovereignty.ch\/wp-content\/uploads\/2020\/05\/IMG_0302-scaled.jpeg?strip=info&#038;w=900&#038;ssl=1 900w,https:\/\/i2.wp.com\/www.intellectualsovereignty.ch\/wp-content\/uploads\/2020\/05\/IMG_0302-scaled.jpeg?strip=info&#038;w=1200&#038;ssl=1 1200w,https:\/\/i2.wp.com\/www.intellectualsovereignty.ch\/wp-content\/uploads\/2020\/05\/IMG_0302-scaled.jpeg?strip=info&#038;w=1500&#038;ssl=1 1500w,https:\/\/i2.wp.com\/www.intellectualsovereignty.ch\/wp-content\/uploads\/2020\/05\/IMG_0302-scaled.jpeg?strip=info&#038;w=1800&#038;ssl=1 1800w,https:\/\/i2.wp.com\/www.intellectualsovereignty.ch\/wp-content\/uploads\/2020\/05\/IMG_0302-scaled.jpeg?strip=info&#038;w=2000&#038;ssl=1 2000w\" alt=\"\" data-height=\"1056\" data-id=\"196\" data-link=\"https:\/\/www.intellectualsovereignty.ch\/?attachment_id=196\" data-url=\"https:\/\/www.intellectualsovereignty.ch\/wp-content\/uploads\/2020\/05\/IMG_0302-scaled.jpeg\" data-width=\"2560\" src=\"https:\/\/i2.wp.com\/www.intellectualsovereignty.ch\/wp-content\/uploads\/2020\/05\/IMG_0302-scaled.jpeg?ssl=1\"\/><\/figure><\/div><\/div><div class=\"tiled-gallery__row\"><div class=\"tiled-gallery__col\"><figure class=\"tiled-gallery__item\"><img decoding=\"async\" data-attachment-id=\"197\" data-permalink=\"https:\/\/www.intellectualsovereignty.ch\/index.php\/2020\/05\/24\/hike-20-zweisimmen-grimmialp\/img_0303\/\" data-orig-file=\"https:\/\/www.intellectualsovereignty.ch\/wp-content\/uploads\/2020\/05\/IMG_0303-scaled.jpeg\" data-orig-size=\"2560,1920\" data-comments-opened=\"0\" data-image-title=\"IMG_0303\" data-image-description=\"\" data-image-caption=\"\" data-large-file=\"https:\/\/www.intellectualsovereignty.ch\/wp-content\/uploads\/2020\/05\/IMG_0303-1024x768.jpeg\" role=\"button\" tabindex=\"0\" aria-label=\"Open image 4 of 5 in full-screen\" srcset=\"https:\/\/i1.wp.com\/www.intellectualsovereignty.ch\/wp-content\/uploads\/2020\/05\/IMG_0303-scaled.jpeg?strip=info&#038;w=600&#038;ssl=1 600w,https:\/\/i1.wp.com\/www.intellectualsovereignty.ch\/wp-content\/uploads\/2020\/05\/IMG_0303-scaled.jpeg?strip=info&#038;w=900&#038;ssl=1 900w,https:\/\/i1.wp.com\/www.intellectualsovereignty.ch\/wp-content\/uploads\/2020\/05\/IMG_0303-scaled.jpeg?strip=info&#038;w=1200&#038;ssl=1 1200w,https:\/\/i1.wp.com\/www.intellectualsovereignty.ch\/wp-content\/uploads\/2020\/05\/IMG_0303-scaled.jpeg?strip=info&#038;w=1500&#038;ssl=1 1500w,https:\/\/i1.wp.com\/www.intellectualsovereignty.ch\/wp-content\/uploads\/2020\/05\/IMG_0303-scaled.jpeg?strip=info&#038;w=1800&#038;ssl=1 1800w,https:\/\/i1.wp.com\/www.intellectualsovereignty.ch\/wp-content\/uploads\/2020\/05\/IMG_0303-scaled.jpeg?strip=info&#038;w=2000&#038;ssl=1 2000w\" alt=\"\" data-height=\"1920\" data-id=\"197\" data-link=\"https:\/\/www.intellectualsovereignty.ch\/?attachment_id=197\" data-url=\"https:\/\/www.intellectualsovereignty.ch\/wp-content\/uploads\/2020\/05\/IMG_0303-scaled.jpeg\" data-width=\"2560\" src=\"https:\/\/i1.wp.com\/www.intellectualsovereignty.ch\/wp-content\/uploads\/2020\/05\/IMG_0303-scaled.jpeg?ssl=1\"\/><\/figure><\/div><div class=\"tiled-gallery__col\"><figure class=\"tiled-gallery__item\"><img decoding=\"async\" data-attachment-id=\"198\" data-permalink=\"https:\/\/www.intellectualsovereignty.ch\/index.php\/2020\/05\/24\/hike-20-zweisimmen-grimmialp\/img_0304\/\" data-orig-file=\"https:\/\/www.intellectualsovereignty.ch\/wp-content\/uploads\/2020\/05\/IMG_0304-scaled.jpeg\" data-orig-size=\"2560,777\" data-comments-opened=\"0\" data-image-title=\"IMG_0304\" data-image-description=\"\" data-image-caption=\"\" data-large-file=\"https:\/\/www.intellectualsovereignty.ch\/wp-content\/uploads\/2020\/05\/IMG_0304-1024x311.jpeg\" role=\"button\" tabindex=\"0\" aria-label=\"Open image 5 of 5 in full-screen\" srcset=\"https:\/\/i1.wp.com\/www.intellectualsovereignty.ch\/wp-content\/uploads\/2020\/05\/IMG_0304-scaled.jpeg?strip=info&#038;w=600&#038;ssl=1 600w,https:\/\/i1.wp.com\/www.intellectualsovereignty.ch\/wp-content\/uploads\/2020\/05\/IMG_0304-scaled.jpeg?strip=info&#038;w=900&#038;ssl=1 900w,https:\/\/i1.wp.com\/www.intellectualsovereignty.ch\/wp-content\/uploads\/2020\/05\/IMG_0304-scaled.jpeg?strip=info&#038;w=1200&#038;ssl=1 1200w,https:\/\/i1.wp.com\/www.intellectualsovereignty.ch\/wp-content\/uploads\/2020\/05\/IMG_0304-scaled.jpeg?strip=info&#038;w=1500&#038;ssl=1 1500w,https:\/\/i1.wp.com\/www.intellectualsovereignty.ch\/wp-content\/uploads\/2020\/05\/IMG_0304-scaled.jpeg?strip=info&#038;w=1800&#038;ssl=1 1800w,https:\/\/i1.wp.com\/www.intellectualsovereignty.ch\/wp-content\/uploads\/2020\/05\/IMG_0304-scaled.jpeg?strip=info&#038;w=2000&#038;ssl=1 2000w\" alt=\"\" data-height=\"777\" data-id=\"198\" data-link=\"https:\/\/www.intellectualsovereignty.ch\/?attachment_id=198\" data-url=\"https:\/\/www.intellectualsovereignty.ch\/wp-content\/uploads\/2020\/05\/IMG_0304-scaled.jpeg\" data-width=\"2560\" src=\"https:\/\/i1.wp.com\/www.intellectualsovereignty.ch\/wp-content\/uploads\/2020\/05\/IMG_0304-scaled.jpeg?ssl=1\"\/><\/figure><\/div><\/div><\/div><\/div>\n\n\n\n<p class=\"wp-block-paragraph\">Punkt zw\u00f6lf stehen wir auf der Gubi auf knapp 2&#8217;000 m.\u00fc.M. und blicken in die Stiereberg-Hochebene. Hier und da liegt noch etwas Schnee, es geht eine kalte Bise.<\/p>\n\n\n\n<figure class=\"wp-block-image size-large\"><img loading=\"lazy\" decoding=\"async\" width=\"2560\" height=\"1920\" data-attachment-id=\"199\" data-permalink=\"https:\/\/www.intellectualsovereignty.ch\/index.php\/2020\/05\/24\/hike-20-zweisimmen-grimmialp\/img_0306\/\" data-orig-file=\"https:\/\/www.intellectualsovereignty.ch\/wp-content\/uploads\/2020\/05\/IMG_0306-scaled.jpeg\" data-orig-size=\"2560,1920\" data-comments-opened=\"0\" data-image-title=\"IMG_0306\" data-image-description=\"\" data-image-caption=\"\" data-large-file=\"https:\/\/www.intellectualsovereignty.ch\/wp-content\/uploads\/2020\/05\/IMG_0306-1024x768.jpeg\" src=\"https:\/\/i2.wp.com\/www.intellectualsovereignty.ch\/wp-content\/uploads\/2020\/05\/IMG_0306-scaled.jpeg?fit=520%2C390&amp;ssl=1\" alt=\"\" class=\"wp-image-199\" srcset=\"https:\/\/www.intellectualsovereignty.ch\/wp-content\/uploads\/2020\/05\/IMG_0306-scaled.jpeg 2560w, https:\/\/www.intellectualsovereignty.ch\/wp-content\/uploads\/2020\/05\/IMG_0306-300x225.jpeg 300w, https:\/\/www.intellectualsovereignty.ch\/wp-content\/uploads\/2020\/05\/IMG_0306-1024x768.jpeg 1024w, https:\/\/www.intellectualsovereignty.ch\/wp-content\/uploads\/2020\/05\/IMG_0306-768x576.jpeg 768w, https:\/\/www.intellectualsovereignty.ch\/wp-content\/uploads\/2020\/05\/IMG_0306-1536x1152.jpeg 1536w, https:\/\/www.intellectualsovereignty.ch\/wp-content\/uploads\/2020\/05\/IMG_0306-2048x1536.jpeg 2048w, https:\/\/www.intellectualsovereignty.ch\/wp-content\/uploads\/2020\/05\/IMG_0306-1870x1403.jpeg 1870w, https:\/\/www.intellectualsovereignty.ch\/wp-content\/uploads\/2020\/05\/IMG_0306-400x300.jpeg 400w, https:\/\/www.intellectualsovereignty.ch\/wp-content\/uploads\/2020\/05\/IMG_0306-800x600.jpeg 800w\" sizes=\"auto, (max-width: 2560px) 100vw, 2560px\" \/><\/figure>\n\n\n\n<p class=\"wp-block-paragraph\">Noch ein letzter Blick zur\u00fcck, bevor es Richtung Seebergsee und wohlverdientem Mittagessen geht&#8230;<\/p>\n\n\n\n<figure class=\"wp-block-image size-large\"><img loading=\"lazy\" decoding=\"async\" width=\"2560\" height=\"1110\" data-attachment-id=\"200\" data-permalink=\"https:\/\/www.intellectualsovereignty.ch\/index.php\/2020\/05\/24\/hike-20-zweisimmen-grimmialp\/img_0308\/\" data-orig-file=\"https:\/\/www.intellectualsovereignty.ch\/wp-content\/uploads\/2020\/05\/IMG_0308-scaled.jpeg\" data-orig-size=\"2560,1110\" data-comments-opened=\"0\" data-image-title=\"IMG_0308\" data-image-description=\"\" data-image-caption=\"\" data-large-file=\"https:\/\/www.intellectualsovereignty.ch\/wp-content\/uploads\/2020\/05\/IMG_0308-1024x444.jpeg\" src=\"https:\/\/i2.wp.com\/www.intellectualsovereignty.ch\/wp-content\/uploads\/2020\/05\/IMG_0308-scaled.jpeg?fit=520%2C225&amp;ssl=1\" alt=\"\" class=\"wp-image-200\" srcset=\"https:\/\/www.intellectualsovereignty.ch\/wp-content\/uploads\/2020\/05\/IMG_0308-scaled.jpeg 2560w, https:\/\/www.intellectualsovereignty.ch\/wp-content\/uploads\/2020\/05\/IMG_0308-300x130.jpeg 300w, https:\/\/www.intellectualsovereignty.ch\/wp-content\/uploads\/2020\/05\/IMG_0308-1024x444.jpeg 1024w, https:\/\/www.intellectualsovereignty.ch\/wp-content\/uploads\/2020\/05\/IMG_0308-768x333.jpeg 768w, https:\/\/www.intellectualsovereignty.ch\/wp-content\/uploads\/2020\/05\/IMG_0308-1536x666.jpeg 1536w, https:\/\/www.intellectualsovereignty.ch\/wp-content\/uploads\/2020\/05\/IMG_0308-2048x888.jpeg 2048w, https:\/\/www.intellectualsovereignty.ch\/wp-content\/uploads\/2020\/05\/IMG_0308-1870x811.jpeg 1870w, https:\/\/www.intellectualsovereignty.ch\/wp-content\/uploads\/2020\/05\/IMG_0308-400x173.jpeg 400w, https:\/\/www.intellectualsovereignty.ch\/wp-content\/uploads\/2020\/05\/IMG_0308-800x347.jpeg 800w\" sizes=\"auto, (max-width: 2560px) 100vw, 2560px\" \/><\/figure>\n\n\n\n<p class=\"wp-block-paragraph\">Gest\u00e4rkt machen wir uns an die zweite H\u00e4lfte unserer Wanderung, und es ist auch h\u00f6chste Zeit von den langsam \u00fcberf\u00fcllten Str\u00e4sschen wieder zur\u00fcck auf die einsameren Trails zu gelangen. Der Blick vom Stand (1&#8217;900 m.\u00fc.M.) kurze Zeit sp\u00e4ter ist ph\u00e4nomenal, sei es in Richtung Girehore mit ihrer massiven Felswand oder der Ausblick in Richtung Meniggrund.<\/p>\n\n\n\n<div class=\"wp-block-jetpack-tiled-gallery aligncenter is-style-rectangular\"><div class=\"tiled-gallery__gallery\"><div class=\"tiled-gallery__row\"><div class=\"tiled-gallery__col\"><figure class=\"tiled-gallery__item\"><img decoding=\"async\" data-attachment-id=\"201\" data-permalink=\"https:\/\/www.intellectualsovereignty.ch\/index.php\/2020\/05\/24\/hike-20-zweisimmen-grimmialp\/img_0309\/\" data-orig-file=\"https:\/\/www.intellectualsovereignty.ch\/wp-content\/uploads\/2020\/05\/IMG_0309-scaled.jpeg\" data-orig-size=\"2560,1920\" data-comments-opened=\"0\" data-image-title=\"IMG_0309\" data-image-description=\"\" data-image-caption=\"\" data-large-file=\"https:\/\/www.intellectualsovereignty.ch\/wp-content\/uploads\/2020\/05\/IMG_0309-1024x768.jpeg\" role=\"button\" tabindex=\"0\" aria-label=\"Open image 1 of 4 in full-screen\" srcset=\"https:\/\/i0.wp.com\/www.intellectualsovereignty.ch\/wp-content\/uploads\/2020\/05\/IMG_0309-scaled.jpeg?strip=info&#038;w=600&#038;ssl=1 600w,https:\/\/i0.wp.com\/www.intellectualsovereignty.ch\/wp-content\/uploads\/2020\/05\/IMG_0309-scaled.jpeg?strip=info&#038;w=900&#038;ssl=1 900w,https:\/\/i0.wp.com\/www.intellectualsovereignty.ch\/wp-content\/uploads\/2020\/05\/IMG_0309-scaled.jpeg?strip=info&#038;w=1200&#038;ssl=1 1200w,https:\/\/i0.wp.com\/www.intellectualsovereignty.ch\/wp-content\/uploads\/2020\/05\/IMG_0309-scaled.jpeg?strip=info&#038;w=1500&#038;ssl=1 1500w,https:\/\/i0.wp.com\/www.intellectualsovereignty.ch\/wp-content\/uploads\/2020\/05\/IMG_0309-scaled.jpeg?strip=info&#038;w=1800&#038;ssl=1 1800w,https:\/\/i0.wp.com\/www.intellectualsovereignty.ch\/wp-content\/uploads\/2020\/05\/IMG_0309-scaled.jpeg?strip=info&#038;w=2000&#038;ssl=1 2000w\" alt=\"\" data-height=\"1920\" data-id=\"201\" data-link=\"https:\/\/www.intellectualsovereignty.ch\/?attachment_id=201\" data-url=\"https:\/\/www.intellectualsovereignty.ch\/wp-content\/uploads\/2020\/05\/IMG_0309-scaled.jpeg\" data-width=\"2560\" src=\"https:\/\/i0.wp.com\/www.intellectualsovereignty.ch\/wp-content\/uploads\/2020\/05\/IMG_0309-scaled.jpeg?ssl=1\"\/><\/figure><\/div><div class=\"tiled-gallery__col\"><figure class=\"tiled-gallery__item\"><img decoding=\"async\" data-attachment-id=\"202\" data-permalink=\"https:\/\/www.intellectualsovereignty.ch\/index.php\/2020\/05\/24\/hike-20-zweisimmen-grimmialp\/img_0310\/\" data-orig-file=\"https:\/\/www.intellectualsovereignty.ch\/wp-content\/uploads\/2020\/05\/IMG_0310-scaled.jpeg\" data-orig-size=\"2560,579\" data-comments-opened=\"0\" data-image-title=\"IMG_0310\" data-image-description=\"\" data-image-caption=\"\" data-large-file=\"https:\/\/www.intellectualsovereignty.ch\/wp-content\/uploads\/2020\/05\/IMG_0310-1024x232.jpeg\" role=\"button\" tabindex=\"0\" aria-label=\"Open image 2 of 4 in full-screen\" srcset=\"https:\/\/i2.wp.com\/www.intellectualsovereignty.ch\/wp-content\/uploads\/2020\/05\/IMG_0310-scaled.jpeg?strip=info&#038;w=600&#038;ssl=1 600w,https:\/\/i2.wp.com\/www.intellectualsovereignty.ch\/wp-content\/uploads\/2020\/05\/IMG_0310-scaled.jpeg?strip=info&#038;w=900&#038;ssl=1 900w,https:\/\/i2.wp.com\/www.intellectualsovereignty.ch\/wp-content\/uploads\/2020\/05\/IMG_0310-scaled.jpeg?strip=info&#038;w=1200&#038;ssl=1 1200w,https:\/\/i2.wp.com\/www.intellectualsovereignty.ch\/wp-content\/uploads\/2020\/05\/IMG_0310-scaled.jpeg?strip=info&#038;w=1500&#038;ssl=1 1500w,https:\/\/i2.wp.com\/www.intellectualsovereignty.ch\/wp-content\/uploads\/2020\/05\/IMG_0310-scaled.jpeg?strip=info&#038;w=1800&#038;ssl=1 1800w,https:\/\/i2.wp.com\/www.intellectualsovereignty.ch\/wp-content\/uploads\/2020\/05\/IMG_0310-scaled.jpeg?strip=info&#038;w=2000&#038;ssl=1 2000w\" alt=\"\" data-height=\"579\" data-id=\"202\" data-link=\"https:\/\/www.intellectualsovereignty.ch\/?attachment_id=202\" data-url=\"https:\/\/www.intellectualsovereignty.ch\/wp-content\/uploads\/2020\/05\/IMG_0310-scaled.jpeg\" data-width=\"2560\" src=\"https:\/\/i2.wp.com\/www.intellectualsovereignty.ch\/wp-content\/uploads\/2020\/05\/IMG_0310-scaled.jpeg?ssl=1\"\/><\/figure><\/div><\/div><div class=\"tiled-gallery__row\"><div class=\"tiled-gallery__col\"><figure class=\"tiled-gallery__item\"><img decoding=\"async\" data-attachment-id=\"203\" data-permalink=\"https:\/\/www.intellectualsovereignty.ch\/index.php\/2020\/05\/24\/hike-20-zweisimmen-grimmialp\/img_0311\/\" data-orig-file=\"https:\/\/www.intellectualsovereignty.ch\/wp-content\/uploads\/2020\/05\/IMG_0311-scaled.jpeg\" data-orig-size=\"2560,1920\" data-comments-opened=\"0\" data-image-title=\"IMG_0311\" data-image-description=\"\" data-image-caption=\"\" data-large-file=\"https:\/\/www.intellectualsovereignty.ch\/wp-content\/uploads\/2020\/05\/IMG_0311-1024x768.jpeg\" role=\"button\" tabindex=\"0\" aria-label=\"Open image 3 of 4 in full-screen\" srcset=\"https:\/\/i1.wp.com\/www.intellectualsovereignty.ch\/wp-content\/uploads\/2020\/05\/IMG_0311-scaled.jpeg?strip=info&#038;w=600&#038;ssl=1 600w,https:\/\/i1.wp.com\/www.intellectualsovereignty.ch\/wp-content\/uploads\/2020\/05\/IMG_0311-scaled.jpeg?strip=info&#038;w=900&#038;ssl=1 900w,https:\/\/i1.wp.com\/www.intellectualsovereignty.ch\/wp-content\/uploads\/2020\/05\/IMG_0311-scaled.jpeg?strip=info&#038;w=1200&#038;ssl=1 1200w,https:\/\/i1.wp.com\/www.intellectualsovereignty.ch\/wp-content\/uploads\/2020\/05\/IMG_0311-scaled.jpeg?strip=info&#038;w=1500&#038;ssl=1 1500w,https:\/\/i1.wp.com\/www.intellectualsovereignty.ch\/wp-content\/uploads\/2020\/05\/IMG_0311-scaled.jpeg?strip=info&#038;w=1800&#038;ssl=1 1800w,https:\/\/i1.wp.com\/www.intellectualsovereignty.ch\/wp-content\/uploads\/2020\/05\/IMG_0311-scaled.jpeg?strip=info&#038;w=2000&#038;ssl=1 2000w\" alt=\"\" data-height=\"1920\" data-id=\"203\" data-link=\"https:\/\/www.intellectualsovereignty.ch\/?attachment_id=203\" data-url=\"https:\/\/www.intellectualsovereignty.ch\/wp-content\/uploads\/2020\/05\/IMG_0311-scaled.jpeg\" data-width=\"2560\" src=\"https:\/\/i1.wp.com\/www.intellectualsovereignty.ch\/wp-content\/uploads\/2020\/05\/IMG_0311-scaled.jpeg?ssl=1\"\/><\/figure><\/div><div class=\"tiled-gallery__col\"><figure class=\"tiled-gallery__item\"><img decoding=\"async\" data-attachment-id=\"204\" data-permalink=\"https:\/\/www.intellectualsovereignty.ch\/index.php\/2020\/05\/24\/hike-20-zweisimmen-grimmialp\/img_0312\/\" data-orig-file=\"https:\/\/www.intellectualsovereignty.ch\/wp-content\/uploads\/2020\/05\/IMG_0312-scaled.jpeg\" data-orig-size=\"2560,1920\" data-comments-opened=\"0\" data-image-title=\"IMG_0312\" data-image-description=\"\" data-image-caption=\"\" data-large-file=\"https:\/\/www.intellectualsovereignty.ch\/wp-content\/uploads\/2020\/05\/IMG_0312-1024x768.jpeg\" role=\"button\" tabindex=\"0\" aria-label=\"Open image 4 of 4 in full-screen\" srcset=\"https:\/\/i2.wp.com\/www.intellectualsovereignty.ch\/wp-content\/uploads\/2020\/05\/IMG_0312-scaled.jpeg?strip=info&#038;w=600&#038;ssl=1 600w,https:\/\/i2.wp.com\/www.intellectualsovereignty.ch\/wp-content\/uploads\/2020\/05\/IMG_0312-scaled.jpeg?strip=info&#038;w=900&#038;ssl=1 900w,https:\/\/i2.wp.com\/www.intellectualsovereignty.ch\/wp-content\/uploads\/2020\/05\/IMG_0312-scaled.jpeg?strip=info&#038;w=1200&#038;ssl=1 1200w,https:\/\/i2.wp.com\/www.intellectualsovereignty.ch\/wp-content\/uploads\/2020\/05\/IMG_0312-scaled.jpeg?strip=info&#038;w=1500&#038;ssl=1 1500w,https:\/\/i2.wp.com\/www.intellectualsovereignty.ch\/wp-content\/uploads\/2020\/05\/IMG_0312-scaled.jpeg?strip=info&#038;w=1800&#038;ssl=1 1800w,https:\/\/i2.wp.com\/www.intellectualsovereignty.ch\/wp-content\/uploads\/2020\/05\/IMG_0312-scaled.jpeg?strip=info&#038;w=2000&#038;ssl=1 2000w\" alt=\"\" data-height=\"1920\" data-id=\"204\" data-link=\"https:\/\/www.intellectualsovereignty.ch\/?attachment_id=204\" data-url=\"https:\/\/www.intellectualsovereignty.ch\/wp-content\/uploads\/2020\/05\/IMG_0312-scaled.jpeg\" data-width=\"2560\" src=\"https:\/\/i2.wp.com\/www.intellectualsovereignty.ch\/wp-content\/uploads\/2020\/05\/IMG_0312-scaled.jpeg?ssl=1\"\/><\/figure><\/div><\/div><\/div><\/div>\n\n\n\n<p class=\"wp-block-paragraph\">Von da an beginnt bereits der unterhaltsame Abstieg mittels unz\u00e4hliger Spitzkehren runter nach Grimmialp. Da ist die Tremola ein geradezu kurzweiliges Vergn\u00fcgen! Bei manchen gr\u00fcssen die Knie vor den rund 800 H\u00f6henmetern&#8230; <\/p>\n\n\n\n<figure class=\"wp-block-image size-large\"><img loading=\"lazy\" decoding=\"async\" width=\"1920\" height=\"2560\" data-attachment-id=\"206\" data-permalink=\"https:\/\/www.intellectualsovereignty.ch\/index.php\/2020\/05\/24\/hike-20-zweisimmen-grimmialp\/img_0314\/\" data-orig-file=\"https:\/\/www.intellectualsovereignty.ch\/wp-content\/uploads\/2020\/05\/IMG_0314-scaled.jpeg\" data-orig-size=\"1920,2560\" data-comments-opened=\"0\" data-image-title=\"IMG_0314\" data-image-description=\"\" data-image-caption=\"\" data-large-file=\"https:\/\/www.intellectualsovereignty.ch\/wp-content\/uploads\/2020\/05\/IMG_0314-768x1024.jpeg\" src=\"https:\/\/i2.wp.com\/www.intellectualsovereignty.ch\/wp-content\/uploads\/2020\/05\/IMG_0314-scaled.jpeg?fit=520%2C693&amp;ssl=1\" alt=\"\" class=\"wp-image-206\" srcset=\"https:\/\/www.intellectualsovereignty.ch\/wp-content\/uploads\/2020\/05\/IMG_0314-scaled.jpeg 1920w, https:\/\/www.intellectualsovereignty.ch\/wp-content\/uploads\/2020\/05\/IMG_0314-225x300.jpeg 225w, https:\/\/www.intellectualsovereignty.ch\/wp-content\/uploads\/2020\/05\/IMG_0314-768x1024.jpeg 768w, https:\/\/www.intellectualsovereignty.ch\/wp-content\/uploads\/2020\/05\/IMG_0314-1152x1536.jpeg 1152w, https:\/\/www.intellectualsovereignty.ch\/wp-content\/uploads\/2020\/05\/IMG_0314-1536x2048.jpeg 1536w, https:\/\/www.intellectualsovereignty.ch\/wp-content\/uploads\/2020\/05\/IMG_0314-1870x2493.jpeg 1870w, https:\/\/www.intellectualsovereignty.ch\/wp-content\/uploads\/2020\/05\/IMG_0314-400x533.jpeg 400w, https:\/\/www.intellectualsovereignty.ch\/wp-content\/uploads\/2020\/05\/IMG_0314-800x1067.jpeg 800w\" sizes=\"auto, (max-width: 1920px) 100vw, 1920px\" \/><\/figure>\n\n\n\n<p class=\"wp-block-paragraph\">Und immer wieder Zwischendurch: Eine atemberaubend sch\u00f6ne Aussicht.<\/p>\n\n\n\n<figure class=\"wp-block-image size-large\"><img loading=\"lazy\" decoding=\"async\" width=\"2560\" height=\"1130\" data-attachment-id=\"207\" data-permalink=\"https:\/\/www.intellectualsovereignty.ch\/index.php\/2020\/05\/24\/hike-20-zweisimmen-grimmialp\/img_0315\/\" data-orig-file=\"https:\/\/www.intellectualsovereignty.ch\/wp-content\/uploads\/2020\/05\/IMG_0315-scaled.jpeg\" data-orig-size=\"2560,1130\" data-comments-opened=\"0\" data-image-title=\"IMG_0315\" data-image-description=\"\" data-image-caption=\"\" data-large-file=\"https:\/\/www.intellectualsovereignty.ch\/wp-content\/uploads\/2020\/05\/IMG_0315-1024x452.jpeg\" src=\"https:\/\/i0.wp.com\/www.intellectualsovereignty.ch\/wp-content\/uploads\/2020\/05\/IMG_0315-scaled.jpeg?fit=520%2C230&amp;ssl=1\" alt=\"\" class=\"wp-image-207\" srcset=\"https:\/\/www.intellectualsovereignty.ch\/wp-content\/uploads\/2020\/05\/IMG_0315-scaled.jpeg 2560w, https:\/\/www.intellectualsovereignty.ch\/wp-content\/uploads\/2020\/05\/IMG_0315-300x132.jpeg 300w, https:\/\/www.intellectualsovereignty.ch\/wp-content\/uploads\/2020\/05\/IMG_0315-1024x452.jpeg 1024w, https:\/\/www.intellectualsovereignty.ch\/wp-content\/uploads\/2020\/05\/IMG_0315-768x339.jpeg 768w, https:\/\/www.intellectualsovereignty.ch\/wp-content\/uploads\/2020\/05\/IMG_0315-1536x678.jpeg 1536w, https:\/\/www.intellectualsovereignty.ch\/wp-content\/uploads\/2020\/05\/IMG_0315-2048x904.jpeg 2048w, https:\/\/www.intellectualsovereignty.ch\/wp-content\/uploads\/2020\/05\/IMG_0315-1870x825.jpeg 1870w, https:\/\/www.intellectualsovereignty.ch\/wp-content\/uploads\/2020\/05\/IMG_0315-400x176.jpeg 400w, https:\/\/www.intellectualsovereignty.ch\/wp-content\/uploads\/2020\/05\/IMG_0315-800x353.jpeg 800w\" sizes=\"auto, (max-width: 2560px) 100vw, 2560px\" \/><\/figure>\n\n\n\n<hr class=\"wp-block-separator\"\/>\n\n\n\n<p class=\"wp-block-paragraph\">Distanz: 16.2km<br>H\u00f6henmeter: 1\u2019270m<br>Marschzeit: 6h05<br>GPS-Route:&nbsp;<a rel=\"noreferrer noopener\" href=\"https:\/\/map.schweizmobil.ch\/?lang=de&amp;photos=yes&amp;logo=yes&amp;season=summer&amp;bgLayer=pk&amp;resolution=9.75&amp;E=2599460&amp;N=1157561&amp;layers=Wanderland&amp;trackId=6936941\" target=\"_blank\">SchweizMobil<\/a><br>Beschrieb:&nbsp;<a rel=\"noreferrer noopener\" href=\"https:\/\/www.schweizmobil.ch\/de\/wanderland\/routen\/regionale-routen\/route-037.html\" target=\"_blank\">Berner Voralpenweg (Nr. 37)<\/a>, Etappe 2<\/p>\n\n\n[sgpx gpx=\/wp-content\/uploads\/gpx\/20200524_zweisimmengrimmialp.gpx ]\n","protected":false},"excerpt":{"rendered":"<p>Schon l\u00e4nger habe ich mit dem Berner Voralpenweg lieb\u00e4ugelt, insbesondere mit dem Abschnitt von Zweisimmen \u00fcber den Seebergsee &#8211; welch doofer Name &#8211; auf die Grimmi. Kurz nach Auffahrt habe ich ihn mit D\u00e4nu in Angriff genommen, wiederum m\u00f6glichst fr\u00fch morgens, um dem Corona-Pulk voraus zu sein&#8230; Der steile Start nach dem Zweisimmer Flugfeld ist [&hellip;]<\/p>\n","protected":false},"author":1,"featured_media":205,"comment_status":"open","ping_status":"closed","sticky":false,"template":"","format":"standard","meta":{"_jetpack_newsletter_access":"","_jetpack_dont_email_post_to_subs":false,"_jetpack_newsletter_tier_id":0,"_jetpack_memberships_contains_paywalled_content":false,"_spotmap_latitude":"","_spotmap_longitude":"","_jetpack_feature_clip_id":0,"_jetpack_memberships_contains_paid_content":false,"footnotes":"","jetpack_post_was_ever_published":false},"categories":[3],"tags":[8],"class_list":["post-190","post","type-post","status-publish","format-standard","has-post-thumbnail","hentry","category-hiking","tag-ch_037","has-thumbnail"],"jetpack_shortlink":"https:\/\/wp.me\/p9IwFN-34","jetpack_likes_enabled":false,"jetpack_sharing_enabled":true,"jetpack_featured_media_url":"https:\/\/www.intellectualsovereignty.ch\/wp-content\/uploads\/2020\/05\/IMG_0313-scaled.jpeg","_links":{"self":[{"href":"https:\/\/www.intellectualsovereignty.ch\/index.php\/wp-json\/wp\/v2\/posts\/190","targetHints":{"allow":["GET"]}}],"collection":[{"href":"https:\/\/www.intellectualsovereignty.ch\/index.php\/wp-json\/wp\/v2\/posts"}],"about":[{"href":"https:\/\/www.intellectualsovereignty.ch\/index.php\/wp-json\/wp\/v2\/types\/post"}],"author":[{"embeddable":true,"href":"https:\/\/www.intellectualsovereignty.ch\/index.php\/wp-json\/wp\/v2\/users\/1"}],"replies":[{"embeddable":true,"href":"https:\/\/www.intellectualsovereignty.ch\/index.php\/wp-json\/wp\/v2\/comments?post=190"}],"version-history":[{"count":1,"href":"https:\/\/www.intellectualsovereignty.ch\/index.php\/wp-json\/wp\/v2\/posts\/190\/revisions"}],"predecessor-version":[{"id":518,"href":"https:\/\/www.intellectualsovereignty.ch\/index.php\/wp-json\/wp\/v2\/posts\/190\/revisions\/518"}],"wp:featuredmedia":[{"embeddable":true,"href":"https:\/\/www.intellectualsovereignty.ch\/index.php\/wp-json\/wp\/v2\/media\/205"}],"wp:attachment":[{"href":"https:\/\/www.intellectualsovereignty.ch\/index.php\/wp-json\/wp\/v2\/media?parent=190"}],"wp:term":[{"taxonomy":"category","embeddable":true,"href":"https:\/\/www.intellectualsovereignty.ch\/index.php\/wp-json\/wp\/v2\/categories?post=190"},{"taxonomy":"post_tag","embeddable":true,"href":"https:\/\/www.intellectualsovereignty.ch\/index.php\/wp-json\/wp\/v2\/tags?post=190"}],"curies":[{"name":"wp","href":"https:\/\/api.w.org\/{rel}","templated":true}]}}