{"id":14094,"date":"2026-08-02T20:00:14","date_gmt":"2026-08-02T18:00:14","guid":{"rendered":"https:\/\/www.intellectualsovereignty.ch\/?p=14094"},"modified":"2026-09-01T21:16:40","modified_gmt":"2026-09-01T19:16:40","slug":"hike106-duo-in-daenemark","status":"publish","type":"post","link":"https:\/\/www.intellectualsovereignty.ch\/index.php\/2026\/08\/02\/hike106-duo-in-daenemark\/","title":{"rendered":"Hike#106 \/ Duo in D\u00e4nemark"},"content":{"rendered":"\n<p class=\"wp-block-paragraph\">Gerne berichte ich von zwei kurzen Hikes auf den fast gleichnamigen Halbinseln in D\u00e4nemark, die Bea und ich in unseren Sommerferien unternommen haben. Beide sind kurzweilig und wundersch\u00f6n!<\/p>\n\n\n\n<h2 class=\"wp-block-heading\">Helnaes<\/h2>\n\n\n\n<p class=\"wp-block-paragraph\">Die erste Wanderung startet am n\u00f6rdlichen Ende von <a href=\"https:\/\/de.wikipedia.org\/wiki\/Heln\u00e6s\" target=\"_blank\" rel=\"noopener\">Helnaes<\/a>, leicht oberhalb des Damms, der sie mit F\u00fcnen verbindet. Wir sind ostw\u00e4rts und damit im Uhrzeigersinn gestartet, passieren zuerst h\u00fcgeliges und leicht bewaldetes Gebiet. Nach etwas mehr als einem Kilometer kreuzen wir die Hauptstrasse und wechseln auf die westliche Seite der Halbinsel, auf der der Wanderweg der K\u00fcste entlang verl\u00e4uft und zum Parkplatz zur\u00fcckf\u00fchrt.<\/p>\n\n\n\n<figure class=\"wp-block-gallery has-nested-images columns-default is-cropped wp-block-gallery-1 is-layout-flex wp-block-gallery-is-layout-flex\">\n<figure class=\"wp-block-image size-large\"><img loading=\"lazy\" decoding=\"async\" width=\"1024\" height=\"768\" data-attachment-id=\"14525\" data-permalink=\"https:\/\/www.intellectualsovereignty.ch\/img_3146-2\/\" data-orig-file=\"https:\/\/www.intellectualsovereignty.ch\/wp-content\/uploads\/2026\/09\/img_3146.jpg\" data-orig-size=\"2000,1500\" data-comments-opened=\"0\" data-image-title=\"img_3146\" data-image-description=\"\" data-image-caption=\"\" data-large-file=\"https:\/\/www.intellectualsovereignty.ch\/wp-content\/uploads\/2026\/09\/img_3146-1024x768.jpg\" data-id=\"14525\" src=\"https:\/\/www.intellectualsovereignty.ch\/wp-content\/uploads\/2026\/09\/img_3146-1024x768.jpg\" alt=\"\" class=\"wp-image-14525\" srcset=\"https:\/\/www.intellectualsovereignty.ch\/wp-content\/uploads\/2026\/09\/img_3146-1024x768.jpg 1024w, https:\/\/www.intellectualsovereignty.ch\/wp-content\/uploads\/2026\/09\/img_3146-300x225.jpg 300w, https:\/\/www.intellectualsovereignty.ch\/wp-content\/uploads\/2026\/09\/img_3146-768x576.jpg 768w, https:\/\/www.intellectualsovereignty.ch\/wp-content\/uploads\/2026\/09\/img_3146-1536x1152.jpg 1536w, https:\/\/www.intellectualsovereignty.ch\/wp-content\/uploads\/2026\/09\/img_3146-1870x1403.jpg 1870w, https:\/\/www.intellectualsovereignty.ch\/wp-content\/uploads\/2026\/09\/img_3146-400x300.jpg 400w, https:\/\/www.intellectualsovereignty.ch\/wp-content\/uploads\/2026\/09\/img_3146-800x600.jpg 800w, https:\/\/www.intellectualsovereignty.ch\/wp-content\/uploads\/2026\/09\/img_3146.jpg 2000w\" sizes=\"auto, (max-width: 1024px) 100vw, 1024px\" \/><\/figure>\n\n\n\n<figure class=\"wp-block-image size-large\"><img loading=\"lazy\" decoding=\"async\" width=\"1024\" height=\"768\" data-attachment-id=\"14529\" data-permalink=\"https:\/\/www.intellectualsovereignty.ch\/img_3147-2\/\" data-orig-file=\"https:\/\/www.intellectualsovereignty.ch\/wp-content\/uploads\/2026\/09\/img_3147.jpg\" data-orig-size=\"2000,1500\" data-comments-opened=\"0\" data-image-title=\"img_3147\" data-image-description=\"\" data-image-caption=\"\" data-large-file=\"https:\/\/www.intellectualsovereignty.ch\/wp-content\/uploads\/2026\/09\/img_3147-1024x768.jpg\" data-id=\"14529\" src=\"https:\/\/www.intellectualsovereignty.ch\/wp-content\/uploads\/2026\/09\/img_3147-1024x768.jpg\" alt=\"\" class=\"wp-image-14529\" srcset=\"https:\/\/www.intellectualsovereignty.ch\/wp-content\/uploads\/2026\/09\/img_3147-1024x768.jpg 1024w, https:\/\/www.intellectualsovereignty.ch\/wp-content\/uploads\/2026\/09\/img_3147-300x225.jpg 300w, https:\/\/www.intellectualsovereignty.ch\/wp-content\/uploads\/2026\/09\/img_3147-768x576.jpg 768w, https:\/\/www.intellectualsovereignty.ch\/wp-content\/uploads\/2026\/09\/img_3147-1536x1152.jpg 1536w, https:\/\/www.intellectualsovereignty.ch\/wp-content\/uploads\/2026\/09\/img_3147-1870x1403.jpg 1870w, https:\/\/www.intellectualsovereignty.ch\/wp-content\/uploads\/2026\/09\/img_3147-400x300.jpg 400w, https:\/\/www.intellectualsovereignty.ch\/wp-content\/uploads\/2026\/09\/img_3147-800x600.jpg 800w, https:\/\/www.intellectualsovereignty.ch\/wp-content\/uploads\/2026\/09\/img_3147.jpg 2000w\" sizes=\"auto, (max-width: 1024px) 100vw, 1024px\" \/><\/figure>\n\n\n\n<figure class=\"wp-block-image size-large\"><img loading=\"lazy\" decoding=\"async\" width=\"1024\" height=\"768\" data-attachment-id=\"14526\" data-permalink=\"https:\/\/www.intellectualsovereignty.ch\/img_3148-2\/\" data-orig-file=\"https:\/\/www.intellectualsovereignty.ch\/wp-content\/uploads\/2026\/09\/img_3148.jpg\" data-orig-size=\"2000,1500\" data-comments-opened=\"0\" data-image-title=\"img_3148\" data-image-description=\"\" data-image-caption=\"\" data-large-file=\"https:\/\/www.intellectualsovereignty.ch\/wp-content\/uploads\/2026\/09\/img_3148-1024x768.jpg\" data-id=\"14526\" src=\"https:\/\/www.intellectualsovereignty.ch\/wp-content\/uploads\/2026\/09\/img_3148-1024x768.jpg\" alt=\"\" class=\"wp-image-14526\" srcset=\"https:\/\/www.intellectualsovereignty.ch\/wp-content\/uploads\/2026\/09\/img_3148-1024x768.jpg 1024w, https:\/\/www.intellectualsovereignty.ch\/wp-content\/uploads\/2026\/09\/img_3148-300x225.jpg 300w, https:\/\/www.intellectualsovereignty.ch\/wp-content\/uploads\/2026\/09\/img_3148-768x576.jpg 768w, https:\/\/www.intellectualsovereignty.ch\/wp-content\/uploads\/2026\/09\/img_3148-1536x1152.jpg 1536w, https:\/\/www.intellectualsovereignty.ch\/wp-content\/uploads\/2026\/09\/img_3148-1870x1403.jpg 1870w, https:\/\/www.intellectualsovereignty.ch\/wp-content\/uploads\/2026\/09\/img_3148-400x300.jpg 400w, https:\/\/www.intellectualsovereignty.ch\/wp-content\/uploads\/2026\/09\/img_3148-800x600.jpg 800w, https:\/\/www.intellectualsovereignty.ch\/wp-content\/uploads\/2026\/09\/img_3148.jpg 2000w\" sizes=\"auto, (max-width: 1024px) 100vw, 1024px\" \/><\/figure>\n\n\n\n<figure class=\"wp-block-image size-large\"><img loading=\"lazy\" decoding=\"async\" width=\"1024\" height=\"461\" data-attachment-id=\"14524\" data-permalink=\"https:\/\/www.intellectualsovereignty.ch\/img_3149-2\/\" data-orig-file=\"https:\/\/www.intellectualsovereignty.ch\/wp-content\/uploads\/2026\/09\/img_3149.jpg\" data-orig-size=\"2000,900\" data-comments-opened=\"0\" data-image-title=\"img_3149\" data-image-description=\"\" data-image-caption=\"\" data-large-file=\"https:\/\/www.intellectualsovereignty.ch\/wp-content\/uploads\/2026\/09\/img_3149-1024x461.jpg\" data-id=\"14524\" src=\"https:\/\/www.intellectualsovereignty.ch\/wp-content\/uploads\/2026\/09\/img_3149-1024x461.jpg\" alt=\"\" class=\"wp-image-14524\" srcset=\"https:\/\/www.intellectualsovereignty.ch\/wp-content\/uploads\/2026\/09\/img_3149-1024x461.jpg 1024w, https:\/\/www.intellectualsovereignty.ch\/wp-content\/uploads\/2026\/09\/img_3149-300x135.jpg 300w, https:\/\/www.intellectualsovereignty.ch\/wp-content\/uploads\/2026\/09\/img_3149-768x346.jpg 768w, https:\/\/www.intellectualsovereignty.ch\/wp-content\/uploads\/2026\/09\/img_3149-1536x691.jpg 1536w, https:\/\/www.intellectualsovereignty.ch\/wp-content\/uploads\/2026\/09\/img_3149-1870x842.jpg 1870w, https:\/\/www.intellectualsovereignty.ch\/wp-content\/uploads\/2026\/09\/img_3149-400x180.jpg 400w, https:\/\/www.intellectualsovereignty.ch\/wp-content\/uploads\/2026\/09\/img_3149-800x360.jpg 800w, https:\/\/www.intellectualsovereignty.ch\/wp-content\/uploads\/2026\/09\/img_3149.jpg 2000w\" sizes=\"auto, (max-width: 1024px) 100vw, 1024px\" \/><\/figure>\n\n\n\n<figure class=\"wp-block-image size-large\"><img loading=\"lazy\" decoding=\"async\" width=\"1024\" height=\"768\" data-attachment-id=\"14528\" data-permalink=\"https:\/\/www.intellectualsovereignty.ch\/img_3150-2\/\" data-orig-file=\"https:\/\/www.intellectualsovereignty.ch\/wp-content\/uploads\/2026\/09\/img_3150.jpg\" data-orig-size=\"2000,1500\" data-comments-opened=\"0\" data-image-title=\"img_3150\" data-image-description=\"\" data-image-caption=\"\" data-large-file=\"https:\/\/www.intellectualsovereignty.ch\/wp-content\/uploads\/2026\/09\/img_3150-1024x768.jpg\" data-id=\"14528\" src=\"https:\/\/www.intellectualsovereignty.ch\/wp-content\/uploads\/2026\/09\/img_3150-1024x768.jpg\" alt=\"\" class=\"wp-image-14528\" srcset=\"https:\/\/www.intellectualsovereignty.ch\/wp-content\/uploads\/2026\/09\/img_3150-1024x768.jpg 1024w, https:\/\/www.intellectualsovereignty.ch\/wp-content\/uploads\/2026\/09\/img_3150-300x225.jpg 300w, https:\/\/www.intellectualsovereignty.ch\/wp-content\/uploads\/2026\/09\/img_3150-768x576.jpg 768w, https:\/\/www.intellectualsovereignty.ch\/wp-content\/uploads\/2026\/09\/img_3150-1536x1152.jpg 1536w, https:\/\/www.intellectualsovereignty.ch\/wp-content\/uploads\/2026\/09\/img_3150-1870x1403.jpg 1870w, https:\/\/www.intellectualsovereignty.ch\/wp-content\/uploads\/2026\/09\/img_3150-400x300.jpg 400w, https:\/\/www.intellectualsovereignty.ch\/wp-content\/uploads\/2026\/09\/img_3150-800x600.jpg 800w, https:\/\/www.intellectualsovereignty.ch\/wp-content\/uploads\/2026\/09\/img_3150.jpg 2000w\" sizes=\"auto, (max-width: 1024px) 100vw, 1024px\" \/><\/figure>\n\n\n\n<figure class=\"wp-block-image size-large\"><img loading=\"lazy\" decoding=\"async\" width=\"1024\" height=\"768\" data-attachment-id=\"14527\" data-permalink=\"https:\/\/www.intellectualsovereignty.ch\/img_3151-2\/\" data-orig-file=\"https:\/\/www.intellectualsovereignty.ch\/wp-content\/uploads\/2026\/09\/img_3151.jpg\" data-orig-size=\"2000,1500\" data-comments-opened=\"0\" data-image-title=\"img_3151\" data-image-description=\"\" data-image-caption=\"\" data-large-file=\"https:\/\/www.intellectualsovereignty.ch\/wp-content\/uploads\/2026\/09\/img_3151-1024x768.jpg\" data-id=\"14527\" src=\"https:\/\/www.intellectualsovereignty.ch\/wp-content\/uploads\/2026\/09\/img_3151-1024x768.jpg\" alt=\"\" class=\"wp-image-14527\" srcset=\"https:\/\/www.intellectualsovereignty.ch\/wp-content\/uploads\/2026\/09\/img_3151-1024x768.jpg 1024w, https:\/\/www.intellectualsovereignty.ch\/wp-content\/uploads\/2026\/09\/img_3151-300x225.jpg 300w, https:\/\/www.intellectualsovereignty.ch\/wp-content\/uploads\/2026\/09\/img_3151-768x576.jpg 768w, https:\/\/www.intellectualsovereignty.ch\/wp-content\/uploads\/2026\/09\/img_3151-1536x1152.jpg 1536w, https:\/\/www.intellectualsovereignty.ch\/wp-content\/uploads\/2026\/09\/img_3151-1870x1403.jpg 1870w, https:\/\/www.intellectualsovereignty.ch\/wp-content\/uploads\/2026\/09\/img_3151-400x300.jpg 400w, https:\/\/www.intellectualsovereignty.ch\/wp-content\/uploads\/2026\/09\/img_3151-800x600.jpg 800w, https:\/\/www.intellectualsovereignty.ch\/wp-content\/uploads\/2026\/09\/img_3151.jpg 2000w\" sizes=\"auto, (max-width: 1024px) 100vw, 1024px\" \/><\/figure>\n\n\n\n<figure class=\"wp-block-image size-large\"><img loading=\"lazy\" decoding=\"async\" width=\"1024\" height=\"768\" data-attachment-id=\"14535\" data-permalink=\"https:\/\/www.intellectualsovereignty.ch\/img_3153-2\/\" data-orig-file=\"https:\/\/www.intellectualsovereignty.ch\/wp-content\/uploads\/2026\/09\/img_3153.jpg\" data-orig-size=\"2000,1500\" data-comments-opened=\"0\" data-image-title=\"img_3153\" data-image-description=\"\" data-image-caption=\"\" data-large-file=\"https:\/\/www.intellectualsovereignty.ch\/wp-content\/uploads\/2026\/09\/img_3153-1024x768.jpg\" data-id=\"14535\" src=\"https:\/\/www.intellectualsovereignty.ch\/wp-content\/uploads\/2026\/09\/img_3153-1024x768.jpg\" alt=\"\" class=\"wp-image-14535\" srcset=\"https:\/\/www.intellectualsovereignty.ch\/wp-content\/uploads\/2026\/09\/img_3153-1024x768.jpg 1024w, https:\/\/www.intellectualsovereignty.ch\/wp-content\/uploads\/2026\/09\/img_3153-300x225.jpg 300w, https:\/\/www.intellectualsovereignty.ch\/wp-content\/uploads\/2026\/09\/img_3153-768x576.jpg 768w, https:\/\/www.intellectualsovereignty.ch\/wp-content\/uploads\/2026\/09\/img_3153-1536x1152.jpg 1536w, https:\/\/www.intellectualsovereignty.ch\/wp-content\/uploads\/2026\/09\/img_3153-1870x1403.jpg 1870w, https:\/\/www.intellectualsovereignty.ch\/wp-content\/uploads\/2026\/09\/img_3153-400x300.jpg 400w, https:\/\/www.intellectualsovereignty.ch\/wp-content\/uploads\/2026\/09\/img_3153-800x600.jpg 800w, https:\/\/www.intellectualsovereignty.ch\/wp-content\/uploads\/2026\/09\/img_3153.jpg 2000w\" sizes=\"auto, (max-width: 1024px) 100vw, 1024px\" \/><\/figure>\n\n\n\n<figure class=\"wp-block-image size-large\"><img loading=\"lazy\" decoding=\"async\" width=\"1024\" height=\"768\" data-attachment-id=\"14534\" data-permalink=\"https:\/\/www.intellectualsovereignty.ch\/img_3154-2\/\" data-orig-file=\"https:\/\/www.intellectualsovereignty.ch\/wp-content\/uploads\/2026\/09\/img_3154.jpg\" data-orig-size=\"2000,1500\" data-comments-opened=\"0\" data-image-title=\"img_3154\" data-image-description=\"\" data-image-caption=\"\" data-large-file=\"https:\/\/www.intellectualsovereignty.ch\/wp-content\/uploads\/2026\/09\/img_3154-1024x768.jpg\" data-id=\"14534\" src=\"https:\/\/www.intellectualsovereignty.ch\/wp-content\/uploads\/2026\/09\/img_3154-1024x768.jpg\" alt=\"\" class=\"wp-image-14534\" srcset=\"https:\/\/www.intellectualsovereignty.ch\/wp-content\/uploads\/2026\/09\/img_3154-1024x768.jpg 1024w, https:\/\/www.intellectualsovereignty.ch\/wp-content\/uploads\/2026\/09\/img_3154-300x225.jpg 300w, https:\/\/www.intellectualsovereignty.ch\/wp-content\/uploads\/2026\/09\/img_3154-768x576.jpg 768w, https:\/\/www.intellectualsovereignty.ch\/wp-content\/uploads\/2026\/09\/img_3154-1536x1152.jpg 1536w, https:\/\/www.intellectualsovereignty.ch\/wp-content\/uploads\/2026\/09\/img_3154-1870x1403.jpg 1870w, https:\/\/www.intellectualsovereignty.ch\/wp-content\/uploads\/2026\/09\/img_3154-400x300.jpg 400w, https:\/\/www.intellectualsovereignty.ch\/wp-content\/uploads\/2026\/09\/img_3154-800x600.jpg 800w, https:\/\/www.intellectualsovereignty.ch\/wp-content\/uploads\/2026\/09\/img_3154.jpg 2000w\" sizes=\"auto, (max-width: 1024px) 100vw, 1024px\" \/><\/figure>\n\n\n\n<figure class=\"wp-block-image size-large\"><img loading=\"lazy\" decoding=\"async\" width=\"1024\" height=\"768\" data-attachment-id=\"14533\" data-permalink=\"https:\/\/www.intellectualsovereignty.ch\/img_3155\/\" data-orig-file=\"https:\/\/www.intellectualsovereignty.ch\/wp-content\/uploads\/2026\/09\/img_3155.jpg\" data-orig-size=\"2000,1500\" data-comments-opened=\"0\" data-image-title=\"img_3155\" data-image-description=\"\" data-image-caption=\"\" data-large-file=\"https:\/\/www.intellectualsovereignty.ch\/wp-content\/uploads\/2026\/09\/img_3155-1024x768.jpg\" data-id=\"14533\" src=\"https:\/\/www.intellectualsovereignty.ch\/wp-content\/uploads\/2026\/09\/img_3155-1024x768.jpg\" alt=\"\" class=\"wp-image-14533\" srcset=\"https:\/\/www.intellectualsovereignty.ch\/wp-content\/uploads\/2026\/09\/img_3155-1024x768.jpg 1024w, https:\/\/www.intellectualsovereignty.ch\/wp-content\/uploads\/2026\/09\/img_3155-300x225.jpg 300w, https:\/\/www.intellectualsovereignty.ch\/wp-content\/uploads\/2026\/09\/img_3155-768x576.jpg 768w, https:\/\/www.intellectualsovereignty.ch\/wp-content\/uploads\/2026\/09\/img_3155-1536x1152.jpg 1536w, https:\/\/www.intellectualsovereignty.ch\/wp-content\/uploads\/2026\/09\/img_3155-1870x1403.jpg 1870w, https:\/\/www.intellectualsovereignty.ch\/wp-content\/uploads\/2026\/09\/img_3155-400x300.jpg 400w, https:\/\/www.intellectualsovereignty.ch\/wp-content\/uploads\/2026\/09\/img_3155-800x600.jpg 800w, https:\/\/www.intellectualsovereignty.ch\/wp-content\/uploads\/2026\/09\/img_3155.jpg 2000w\" sizes=\"auto, (max-width: 1024px) 100vw, 1024px\" \/><\/figure>\n\n\n\n<figure class=\"wp-block-image size-large\"><img loading=\"lazy\" decoding=\"async\" width=\"1024\" height=\"768\" data-attachment-id=\"14530\" data-permalink=\"https:\/\/www.intellectualsovereignty.ch\/img_3156\/\" data-orig-file=\"https:\/\/www.intellectualsovereignty.ch\/wp-content\/uploads\/2026\/09\/img_3156.jpg\" data-orig-size=\"2000,1500\" data-comments-opened=\"0\" data-image-title=\"img_3156\" data-image-description=\"\" data-image-caption=\"\" data-large-file=\"https:\/\/www.intellectualsovereignty.ch\/wp-content\/uploads\/2026\/09\/img_3156-1024x768.jpg\" data-id=\"14530\" src=\"https:\/\/www.intellectualsovereignty.ch\/wp-content\/uploads\/2026\/09\/img_3156-1024x768.jpg\" alt=\"\" class=\"wp-image-14530\" srcset=\"https:\/\/www.intellectualsovereignty.ch\/wp-content\/uploads\/2026\/09\/img_3156-1024x768.jpg 1024w, https:\/\/www.intellectualsovereignty.ch\/wp-content\/uploads\/2026\/09\/img_3156-300x225.jpg 300w, https:\/\/www.intellectualsovereignty.ch\/wp-content\/uploads\/2026\/09\/img_3156-768x576.jpg 768w, https:\/\/www.intellectualsovereignty.ch\/wp-content\/uploads\/2026\/09\/img_3156-1536x1152.jpg 1536w, https:\/\/www.intellectualsovereignty.ch\/wp-content\/uploads\/2026\/09\/img_3156-1870x1403.jpg 1870w, https:\/\/www.intellectualsovereignty.ch\/wp-content\/uploads\/2026\/09\/img_3156-400x300.jpg 400w, https:\/\/www.intellectualsovereignty.ch\/wp-content\/uploads\/2026\/09\/img_3156-800x600.jpg 800w, https:\/\/www.intellectualsovereignty.ch\/wp-content\/uploads\/2026\/09\/img_3156.jpg 2000w\" sizes=\"auto, (max-width: 1024px) 100vw, 1024px\" \/><\/figure>\n\n\n\n<figure class=\"wp-block-image size-large\"><img loading=\"lazy\" decoding=\"async\" width=\"1024\" height=\"768\" data-attachment-id=\"14531\" data-permalink=\"https:\/\/www.intellectualsovereignty.ch\/img_3157\/\" data-orig-file=\"https:\/\/www.intellectualsovereignty.ch\/wp-content\/uploads\/2026\/09\/img_3157.jpg\" data-orig-size=\"2000,1500\" data-comments-opened=\"0\" data-image-title=\"img_3157\" data-image-description=\"\" data-image-caption=\"\" data-large-file=\"https:\/\/www.intellectualsovereignty.ch\/wp-content\/uploads\/2026\/09\/img_3157-1024x768.jpg\" data-id=\"14531\" src=\"https:\/\/www.intellectualsovereignty.ch\/wp-content\/uploads\/2026\/09\/img_3157-1024x768.jpg\" alt=\"\" class=\"wp-image-14531\" srcset=\"https:\/\/www.intellectualsovereignty.ch\/wp-content\/uploads\/2026\/09\/img_3157-1024x768.jpg 1024w, https:\/\/www.intellectualsovereignty.ch\/wp-content\/uploads\/2026\/09\/img_3157-300x225.jpg 300w, https:\/\/www.intellectualsovereignty.ch\/wp-content\/uploads\/2026\/09\/img_3157-768x576.jpg 768w, https:\/\/www.intellectualsovereignty.ch\/wp-content\/uploads\/2026\/09\/img_3157-1536x1152.jpg 1536w, https:\/\/www.intellectualsovereignty.ch\/wp-content\/uploads\/2026\/09\/img_3157-1870x1403.jpg 1870w, https:\/\/www.intellectualsovereignty.ch\/wp-content\/uploads\/2026\/09\/img_3157-400x300.jpg 400w, https:\/\/www.intellectualsovereignty.ch\/wp-content\/uploads\/2026\/09\/img_3157-800x600.jpg 800w, https:\/\/www.intellectualsovereignty.ch\/wp-content\/uploads\/2026\/09\/img_3157.jpg 2000w\" sizes=\"auto, (max-width: 1024px) 100vw, 1024px\" \/><\/figure>\n\n\n\n<figure class=\"wp-block-image size-large\"><img loading=\"lazy\" decoding=\"async\" width=\"768\" height=\"1024\" data-attachment-id=\"14532\" data-permalink=\"https:\/\/www.intellectualsovereignty.ch\/img_3159-2\/\" data-orig-file=\"https:\/\/www.intellectualsovereignty.ch\/wp-content\/uploads\/2026\/09\/img_3159.jpg\" data-orig-size=\"1500,2000\" data-comments-opened=\"0\" data-image-title=\"img_3159\" data-image-description=\"\" data-image-caption=\"\" data-large-file=\"https:\/\/www.intellectualsovereignty.ch\/wp-content\/uploads\/2026\/09\/img_3159-768x1024.jpg\" data-id=\"14532\" src=\"https:\/\/www.intellectualsovereignty.ch\/wp-content\/uploads\/2026\/09\/img_3159-768x1024.jpg\" alt=\"\" class=\"wp-image-14532\" srcset=\"https:\/\/www.intellectualsovereignty.ch\/wp-content\/uploads\/2026\/09\/img_3159-768x1024.jpg 768w, https:\/\/www.intellectualsovereignty.ch\/wp-content\/uploads\/2026\/09\/img_3159-225x300.jpg 225w, https:\/\/www.intellectualsovereignty.ch\/wp-content\/uploads\/2026\/09\/img_3159-1152x1536.jpg 1152w, https:\/\/www.intellectualsovereignty.ch\/wp-content\/uploads\/2026\/09\/img_3159-400x533.jpg 400w, https:\/\/www.intellectualsovereignty.ch\/wp-content\/uploads\/2026\/09\/img_3159-800x1067.jpg 800w, https:\/\/www.intellectualsovereignty.ch\/wp-content\/uploads\/2026\/09\/img_3159.jpg 1500w\" sizes=\"auto, (max-width: 768px) 100vw, 768px\" \/><\/figure>\n\n\n\n<figure class=\"wp-block-image size-large\"><img loading=\"lazy\" decoding=\"async\" width=\"1024\" height=\"768\" data-attachment-id=\"14536\" data-permalink=\"https:\/\/www.intellectualsovereignty.ch\/img_3160-2\/\" data-orig-file=\"https:\/\/www.intellectualsovereignty.ch\/wp-content\/uploads\/2026\/09\/img_3160.jpg\" data-orig-size=\"2000,1500\" data-comments-opened=\"0\" data-image-title=\"img_3160\" data-image-description=\"\" data-image-caption=\"\" data-large-file=\"https:\/\/www.intellectualsovereignty.ch\/wp-content\/uploads\/2026\/09\/img_3160-1024x768.jpg\" data-id=\"14536\" src=\"https:\/\/www.intellectualsovereignty.ch\/wp-content\/uploads\/2026\/09\/img_3160-1024x768.jpg\" alt=\"\" class=\"wp-image-14536\" srcset=\"https:\/\/www.intellectualsovereignty.ch\/wp-content\/uploads\/2026\/09\/img_3160-1024x768.jpg 1024w, https:\/\/www.intellectualsovereignty.ch\/wp-content\/uploads\/2026\/09\/img_3160-300x225.jpg 300w, https:\/\/www.intellectualsovereignty.ch\/wp-content\/uploads\/2026\/09\/img_3160-768x576.jpg 768w, https:\/\/www.intellectualsovereignty.ch\/wp-content\/uploads\/2026\/09\/img_3160-1536x1152.jpg 1536w, https:\/\/www.intellectualsovereignty.ch\/wp-content\/uploads\/2026\/09\/img_3160-1870x1403.jpg 1870w, https:\/\/www.intellectualsovereignty.ch\/wp-content\/uploads\/2026\/09\/img_3160-400x300.jpg 400w, https:\/\/www.intellectualsovereignty.ch\/wp-content\/uploads\/2026\/09\/img_3160-800x600.jpg 800w, https:\/\/www.intellectualsovereignty.ch\/wp-content\/uploads\/2026\/09\/img_3160.jpg 2000w\" sizes=\"auto, (max-width: 1024px) 100vw, 1024px\" \/><\/figure>\n<\/figure>\n\n\n\n<p class=\"wp-block-paragraph\">Distanz: 2.4km<br \/>H\u00f6henmeter: 85m hoch und runter<br \/>Marschzeit: 1h<br \/>Beschrieb:&nbsp;k.A.<\/p>\n\n\n[sgpx gpx=\/wp-content\/uploads\/2026\/09\/2026-07-30_17-17-27_gc_23790597033.gpx ]\n\n\n\n<h2 class=\"wp-block-heading\">Helgenaes<\/h2>\n\n\n\n<p class=\"wp-block-paragraph\">Ein paar Tage sp\u00e4ter befinden wir uns weiter n\u00f6rdlich, auf der gegen\u00fcberliegenden Seite von Aarhus in der gleichnamigen Bucht, wiederum auf einer Halbinsel, sie heisst <a href=\"https:\/\/de.wikipedia.org\/wiki\/Helgen\u00e6s\" target=\"_blank\" rel=\"noopener\">Helgenaes<\/a>. Diese ist Teil des \u00f6stlichen J\u00fctlands und grenzt direkt an ihrem nordwestlichen Ende an den Nationalpark Mols Bjerge, einer wunschersch\u00f6nen Gegend. Die kurze Wanderung f\u00fchrt uns an der s\u00fcd\u00f6stlichen Steilk\u00fcste entlang und durch wilde Wiesen. Des Windes wegen verl\u00e4ngern wir nicht bis zum Leuchtturm.<\/p>\n\n\n\n<figure class=\"wp-block-gallery has-nested-images columns-default is-cropped wp-block-gallery-2 is-layout-flex wp-block-gallery-is-layout-flex\">\n<figure class=\"wp-block-image size-large\"><img loading=\"lazy\" decoding=\"async\" width=\"1024\" height=\"768\" data-attachment-id=\"14539\" data-permalink=\"https:\/\/www.intellectualsovereignty.ch\/img_3191-2\/\" data-orig-file=\"https:\/\/www.intellectualsovereignty.ch\/wp-content\/uploads\/2026\/09\/img_3191.jpg\" data-orig-size=\"2000,1500\" data-comments-opened=\"0\" data-image-title=\"img_3191\" data-image-description=\"\" data-image-caption=\"\" data-large-file=\"https:\/\/www.intellectualsovereignty.ch\/wp-content\/uploads\/2026\/09\/img_3191-1024x768.jpg\" data-id=\"14539\" src=\"https:\/\/www.intellectualsovereignty.ch\/wp-content\/uploads\/2026\/09\/img_3191-1024x768.jpg\" alt=\"\" class=\"wp-image-14539\" srcset=\"https:\/\/www.intellectualsovereignty.ch\/wp-content\/uploads\/2026\/09\/img_3191-1024x768.jpg 1024w, https:\/\/www.intellectualsovereignty.ch\/wp-content\/uploads\/2026\/09\/img_3191-300x225.jpg 300w, https:\/\/www.intellectualsovereignty.ch\/wp-content\/uploads\/2026\/09\/img_3191-768x576.jpg 768w, https:\/\/www.intellectualsovereignty.ch\/wp-content\/uploads\/2026\/09\/img_3191-1536x1152.jpg 1536w, https:\/\/www.intellectualsovereignty.ch\/wp-content\/uploads\/2026\/09\/img_3191-1870x1403.jpg 1870w, https:\/\/www.intellectualsovereignty.ch\/wp-content\/uploads\/2026\/09\/img_3191-400x300.jpg 400w, https:\/\/www.intellectualsovereignty.ch\/wp-content\/uploads\/2026\/09\/img_3191-800x600.jpg 800w, https:\/\/www.intellectualsovereignty.ch\/wp-content\/uploads\/2026\/09\/img_3191.jpg 2000w\" sizes=\"auto, (max-width: 1024px) 100vw, 1024px\" \/><\/figure>\n\n\n\n<figure class=\"wp-block-image size-large\"><img loading=\"lazy\" decoding=\"async\" width=\"1024\" height=\"768\" data-attachment-id=\"14537\" data-permalink=\"https:\/\/www.intellectualsovereignty.ch\/img_3192-2\/\" data-orig-file=\"https:\/\/www.intellectualsovereignty.ch\/wp-content\/uploads\/2026\/09\/img_3192.jpg\" data-orig-size=\"2000,1500\" data-comments-opened=\"0\" data-image-title=\"img_3192\" data-image-description=\"\" data-image-caption=\"\" data-large-file=\"https:\/\/www.intellectualsovereignty.ch\/wp-content\/uploads\/2026\/09\/img_3192-1024x768.jpg\" data-id=\"14537\" src=\"https:\/\/www.intellectualsovereignty.ch\/wp-content\/uploads\/2026\/09\/img_3192-1024x768.jpg\" alt=\"\" class=\"wp-image-14537\" srcset=\"https:\/\/www.intellectualsovereignty.ch\/wp-content\/uploads\/2026\/09\/img_3192-1024x768.jpg 1024w, https:\/\/www.intellectualsovereignty.ch\/wp-content\/uploads\/2026\/09\/img_3192-300x225.jpg 300w, https:\/\/www.intellectualsovereignty.ch\/wp-content\/uploads\/2026\/09\/img_3192-768x576.jpg 768w, https:\/\/www.intellectualsovereignty.ch\/wp-content\/uploads\/2026\/09\/img_3192-1536x1152.jpg 1536w, https:\/\/www.intellectualsovereignty.ch\/wp-content\/uploads\/2026\/09\/img_3192-1870x1403.jpg 1870w, https:\/\/www.intellectualsovereignty.ch\/wp-content\/uploads\/2026\/09\/img_3192-400x300.jpg 400w, https:\/\/www.intellectualsovereignty.ch\/wp-content\/uploads\/2026\/09\/img_3192-800x600.jpg 800w, https:\/\/www.intellectualsovereignty.ch\/wp-content\/uploads\/2026\/09\/img_3192.jpg 2000w\" sizes=\"auto, (max-width: 1024px) 100vw, 1024px\" \/><\/figure>\n\n\n\n<figure class=\"wp-block-image size-large\"><img loading=\"lazy\" decoding=\"async\" width=\"1024\" height=\"768\" data-attachment-id=\"14538\" data-permalink=\"https:\/\/www.intellectualsovereignty.ch\/img_3193\/\" data-orig-file=\"https:\/\/www.intellectualsovereignty.ch\/wp-content\/uploads\/2026\/09\/img_3193.jpg\" data-orig-size=\"2000,1500\" data-comments-opened=\"0\" data-image-title=\"img_3193\" data-image-description=\"\" data-image-caption=\"\" data-large-file=\"https:\/\/www.intellectualsovereignty.ch\/wp-content\/uploads\/2026\/09\/img_3193-1024x768.jpg\" data-id=\"14538\" src=\"https:\/\/www.intellectualsovereignty.ch\/wp-content\/uploads\/2026\/09\/img_3193-1024x768.jpg\" alt=\"\" class=\"wp-image-14538\" srcset=\"https:\/\/www.intellectualsovereignty.ch\/wp-content\/uploads\/2026\/09\/img_3193-1024x768.jpg 1024w, https:\/\/www.intellectualsovereignty.ch\/wp-content\/uploads\/2026\/09\/img_3193-300x225.jpg 300w, https:\/\/www.intellectualsovereignty.ch\/wp-content\/uploads\/2026\/09\/img_3193-768x576.jpg 768w, https:\/\/www.intellectualsovereignty.ch\/wp-content\/uploads\/2026\/09\/img_3193-1536x1152.jpg 1536w, https:\/\/www.intellectualsovereignty.ch\/wp-content\/uploads\/2026\/09\/img_3193-1870x1403.jpg 1870w, https:\/\/www.intellectualsovereignty.ch\/wp-content\/uploads\/2026\/09\/img_3193-400x300.jpg 400w, https:\/\/www.intellectualsovereignty.ch\/wp-content\/uploads\/2026\/09\/img_3193-800x600.jpg 800w, https:\/\/www.intellectualsovereignty.ch\/wp-content\/uploads\/2026\/09\/img_3193.jpg 2000w\" sizes=\"auto, (max-width: 1024px) 100vw, 1024px\" \/><\/figure>\n<\/figure>\n\n\n\n<p class=\"wp-block-paragraph\">Distanz: 1.3km<br \/>H\u00f6henmeter: 45 hoch und runter<br \/>Marschzeit: 0.5h<br \/>Beschrieb:&nbsp;k.A.<\/p>\n\n\n[sgpx gpx=\/wp-content\/uploads\/2026\/09\/2026-08-02_12-51-51_gc_23823169391.gpx ]\n","protected":false},"excerpt":{"rendered":"<p>Gerne berichte ich von zwei kurzen Hikes auf den fast gleichnamigen Halbinseln in D\u00e4nemark, die Bea und ich in unseren Sommerferien unternommen haben. Beide sind kurzweilig und wundersch\u00f6n! Helnaes Die erste Wanderung startet am n\u00f6rdlichen Ende von Helnaes, leicht oberhalb des Damms, der sie mit F\u00fcnen verbindet. Wir sind ostw\u00e4rts und damit im Uhrzeigersinn gestartet, [&hellip;]<\/p>\n","protected":false},"author":1,"featured_media":14528,"comment_status":"open","ping_status":"open","sticky":false,"template":"","format":"standard","meta":{"_jetpack_newsletter_access":"","_jetpack_dont_email_post_to_subs":false,"_jetpack_newsletter_tier_id":0,"_jetpack_memberships_contains_paywalled_content":false,"_spotmap_latitude":"","_spotmap_longitude":"","_jetpack_feature_clip_id":0,"_jetpack_memberships_contains_paid_content":false,"footnotes":"","jetpack_post_was_ever_published":false},"categories":[3],"tags":[],"class_list":["post-14094","post","type-post","status-publish","format-standard","has-post-thumbnail","hentry","category-hiking","has-thumbnail"],"jetpack_shortlink":"https:\/\/wp.me\/p9IwFN-3Fk","jetpack_likes_enabled":false,"jetpack_sharing_enabled":true,"jetpack_featured_media_url":"https:\/\/www.intellectualsovereignty.ch\/wp-content\/uploads\/2026\/09\/img_3150.jpg","_links":{"self":[{"href":"https:\/\/www.intellectualsovereignty.ch\/index.php\/wp-json\/wp\/v2\/posts\/14094","targetHints":{"allow":["GET"]}}],"collection":[{"href":"https:\/\/www.intellectualsovereignty.ch\/index.php\/wp-json\/wp\/v2\/posts"}],"about":[{"href":"https:\/\/www.intellectualsovereignty.ch\/index.php\/wp-json\/wp\/v2\/types\/post"}],"author":[{"embeddable":true,"href":"https:\/\/www.intellectualsovereignty.ch\/index.php\/wp-json\/wp\/v2\/users\/1"}],"replies":[{"embeddable":true,"href":"https:\/\/www.intellectualsovereignty.ch\/index.php\/wp-json\/wp\/v2\/comments?post=14094"}],"version-history":[{"count":4,"href":"https:\/\/www.intellectualsovereignty.ch\/index.php\/wp-json\/wp\/v2\/posts\/14094\/revisions"}],"predecessor-version":[{"id":14540,"href":"https:\/\/www.intellectualsovereignty.ch\/index.php\/wp-json\/wp\/v2\/posts\/14094\/revisions\/14540"}],"wp:featuredmedia":[{"embeddable":true,"href":"https:\/\/www.intellectualsovereignty.ch\/index.php\/wp-json\/wp\/v2\/media\/14528"}],"wp:attachment":[{"href":"https:\/\/www.intellectualsovereignty.ch\/index.php\/wp-json\/wp\/v2\/media?parent=14094"}],"wp:term":[{"taxonomy":"category","embeddable":true,"href":"https:\/\/www.intellectualsovereignty.ch\/index.php\/wp-json\/wp\/v2\/categories?post=14094"},{"taxonomy":"post_tag","embeddable":true,"href":"https:\/\/www.intellectualsovereignty.ch\/index.php\/wp-json\/wp\/v2\/tags?post=14094"}],"curies":[{"name":"wp","href":"https:\/\/api.w.org\/{rel}","templated":true}]}}