{"id":137,"date":"2020-05-21T17:00:00","date_gmt":"2020-05-21T16:00:00","guid":{"rendered":"https:\/\/www.intellectualsovereignty.ch\/?p=137"},"modified":"2020-06-24T20:46:44","modified_gmt":"2020-06-24T19:46:44","slug":"hike-19-jaun-chateau-doex","status":"publish","type":"post","link":"https:\/\/www.intellectualsovereignty.ch\/index.php\/2020\/05\/21\/hike-19-jaun-chateau-doex\/","title":{"rendered":"Hike #19 \/ Jaun &#8211; Ch\u00e2teau-d\u2018Oex"},"content":{"rendered":"\n<p class=\"wp-block-paragraph\">Fr\u00fchmorgends zu Auffahrt steige ich in Bern in den IC nach Freiburg, um mich anschliessend mit dem RE nach Bulle und den TPF nach Jaun Dorf chauffieren zu lassen. Noch sind erst sehr wenige Leute unterwegs.<\/p>\n\n\n\n<p class=\"wp-block-paragraph\">In Jaun angekommen lasse ich den kleinen Dorfladen rechts liegen und nehme den zuerst gem\u00e4chlichen, dann immer steiler werdenden Anstieg in Angriff.<\/p>\n\n\n\n<figure class=\"wp-block-image size-large\"><img loading=\"lazy\" decoding=\"async\" width=\"1024\" height=\"768\" data-attachment-id=\"144\" data-permalink=\"https:\/\/www.intellectualsovereignty.ch\/img_0278\/\" data-orig-file=\"https:\/\/www.intellectualsovereignty.ch\/wp-content\/uploads\/2020\/05\/img_0278-scaled.jpg\" data-orig-size=\"2560,1920\" data-comments-opened=\"0\" data-image-title=\"img_0278\" data-image-description=\"\" data-image-caption=\"\" data-large-file=\"https:\/\/www.intellectualsovereignty.ch\/wp-content\/uploads\/2020\/05\/img_0278-1024x768.jpg\" src=\"https:\/\/www.intellectualsovereignty.ch\/wp-content\/uploads\/2020\/05\/img_0278-1024x768.jpg\" alt=\"\" class=\"wp-image-144\" srcset=\"https:\/\/www.intellectualsovereignty.ch\/wp-content\/uploads\/2020\/05\/img_0278-1024x768.jpg 1024w, https:\/\/www.intellectualsovereignty.ch\/wp-content\/uploads\/2020\/05\/img_0278-300x225.jpg 300w, https:\/\/www.intellectualsovereignty.ch\/wp-content\/uploads\/2020\/05\/img_0278-768x576.jpg 768w, https:\/\/www.intellectualsovereignty.ch\/wp-content\/uploads\/2020\/05\/img_0278-1536x1152.jpg 1536w, https:\/\/www.intellectualsovereignty.ch\/wp-content\/uploads\/2020\/05\/img_0278-2048x1536.jpg 2048w, https:\/\/www.intellectualsovereignty.ch\/wp-content\/uploads\/2020\/05\/img_0278-1870x1403.jpg 1870w, https:\/\/www.intellectualsovereignty.ch\/wp-content\/uploads\/2020\/05\/img_0278-400x300.jpg 400w, https:\/\/www.intellectualsovereignty.ch\/wp-content\/uploads\/2020\/05\/img_0278-800x600.jpg 800w\" sizes=\"auto, (max-width: 1024px) 100vw, 1024px\" \/><\/figure>\n\n\n\n<p class=\"wp-block-paragraph\">Einen Blick zur\u00fcck werfend, sehe ich den knapp zwei Wochen zuvor begangenen Euschelpass und erinnere mich an die sch\u00f6ne Wanderung von Schwarzenburg \u00fcber Schwarzsee zum Jaun.<\/p>\n\n\n\n<figure class=\"wp-block-image size-large\"><img loading=\"lazy\" decoding=\"async\" width=\"1024\" height=\"768\" data-attachment-id=\"140\" data-permalink=\"https:\/\/www.intellectualsovereignty.ch\/61173789122__72852305-5035-43b4-8bda-b41524e0e7f6\/\" data-orig-file=\"https:\/\/www.intellectualsovereignty.ch\/wp-content\/uploads\/2020\/05\/61173789122__72852305-5035-43b4-8bda-b41524e0e7f6-scaled.jpg\" data-orig-size=\"2560,1920\" data-comments-opened=\"0\" data-image-title=\"61173789122__72852305-5035-43b4-8bda-b41524e0e7f6\" data-image-description=\"\" data-image-caption=\"\" data-large-file=\"https:\/\/www.intellectualsovereignty.ch\/wp-content\/uploads\/2020\/05\/61173789122__72852305-5035-43b4-8bda-b41524e0e7f6-1024x768.jpg\" src=\"https:\/\/www.intellectualsovereignty.ch\/wp-content\/uploads\/2020\/05\/61173789122__72852305-5035-43b4-8bda-b41524e0e7f6-1024x768.jpg\" alt=\"\" class=\"wp-image-140\" srcset=\"https:\/\/www.intellectualsovereignty.ch\/wp-content\/uploads\/2020\/05\/61173789122__72852305-5035-43b4-8bda-b41524e0e7f6-1024x768.jpg 1024w, https:\/\/www.intellectualsovereignty.ch\/wp-content\/uploads\/2020\/05\/61173789122__72852305-5035-43b4-8bda-b41524e0e7f6-300x225.jpg 300w, https:\/\/www.intellectualsovereignty.ch\/wp-content\/uploads\/2020\/05\/61173789122__72852305-5035-43b4-8bda-b41524e0e7f6-768x576.jpg 768w, https:\/\/www.intellectualsovereignty.ch\/wp-content\/uploads\/2020\/05\/61173789122__72852305-5035-43b4-8bda-b41524e0e7f6-1536x1152.jpg 1536w, https:\/\/www.intellectualsovereignty.ch\/wp-content\/uploads\/2020\/05\/61173789122__72852305-5035-43b4-8bda-b41524e0e7f6-2048x1536.jpg 2048w, https:\/\/www.intellectualsovereignty.ch\/wp-content\/uploads\/2020\/05\/61173789122__72852305-5035-43b4-8bda-b41524e0e7f6-1870x1403.jpg 1870w, https:\/\/www.intellectualsovereignty.ch\/wp-content\/uploads\/2020\/05\/61173789122__72852305-5035-43b4-8bda-b41524e0e7f6-400x300.jpg 400w, https:\/\/www.intellectualsovereignty.ch\/wp-content\/uploads\/2020\/05\/61173789122__72852305-5035-43b4-8bda-b41524e0e7f6-800x600.jpg 800w\" sizes=\"auto, (max-width: 1024px) 100vw, 1024px\" \/><\/figure>\n\n\n\n<figure class=\"wp-block-gallery columns-2 is-cropped wp-block-gallery-1 is-layout-flex wp-block-gallery-is-layout-flex\"><ul class=\"blocks-gallery-grid\"><li class=\"blocks-gallery-item\"><figure><img loading=\"lazy\" decoding=\"async\" width=\"1024\" height=\"768\" data-attachment-id=\"142\" data-permalink=\"https:\/\/www.intellectualsovereignty.ch\/img_0280\/\" data-orig-file=\"https:\/\/www.intellectualsovereignty.ch\/wp-content\/uploads\/2020\/05\/img_0280-scaled.jpg\" data-orig-size=\"2560,1920\" data-comments-opened=\"0\" data-image-title=\"img_0280\" data-image-description=\"\" data-image-caption=\"\" data-large-file=\"https:\/\/www.intellectualsovereignty.ch\/wp-content\/uploads\/2020\/05\/img_0280-1024x768.jpg\" src=\"https:\/\/www.intellectualsovereignty.ch\/wp-content\/uploads\/2020\/05\/img_0280-1024x768.jpg\" alt=\"\" data-id=\"142\" data-full-url=\"https:\/\/www.intellectualsovereignty.ch\/wp-content\/uploads\/2020\/05\/img_0280-scaled.jpg\" data-link=\"https:\/\/www.intellectualsovereignty.ch\/img_0280\/\" class=\"wp-image-142\" srcset=\"https:\/\/www.intellectualsovereignty.ch\/wp-content\/uploads\/2020\/05\/img_0280-1024x768.jpg 1024w, https:\/\/www.intellectualsovereignty.ch\/wp-content\/uploads\/2020\/05\/img_0280-300x225.jpg 300w, https:\/\/www.intellectualsovereignty.ch\/wp-content\/uploads\/2020\/05\/img_0280-768x576.jpg 768w, https:\/\/www.intellectualsovereignty.ch\/wp-content\/uploads\/2020\/05\/img_0280-1536x1152.jpg 1536w, https:\/\/www.intellectualsovereignty.ch\/wp-content\/uploads\/2020\/05\/img_0280-2048x1536.jpg 2048w, https:\/\/www.intellectualsovereignty.ch\/wp-content\/uploads\/2020\/05\/img_0280-1870x1403.jpg 1870w, https:\/\/www.intellectualsovereignty.ch\/wp-content\/uploads\/2020\/05\/img_0280-400x300.jpg 400w, https:\/\/www.intellectualsovereignty.ch\/wp-content\/uploads\/2020\/05\/img_0280-800x600.jpg 800w\" sizes=\"auto, (max-width: 1024px) 100vw, 1024px\" \/><\/figure><\/li><li class=\"blocks-gallery-item\"><figure><img loading=\"lazy\" decoding=\"async\" width=\"1024\" height=\"231\" data-attachment-id=\"147\" data-permalink=\"https:\/\/www.intellectualsovereignty.ch\/img_0281\/\" data-orig-file=\"https:\/\/www.intellectualsovereignty.ch\/wp-content\/uploads\/2020\/05\/img_0281-scaled.jpg\" data-orig-size=\"2560,579\" data-comments-opened=\"0\" data-image-title=\"img_0281\" data-image-description=\"\" data-image-caption=\"\" data-large-file=\"https:\/\/www.intellectualsovereignty.ch\/wp-content\/uploads\/2020\/05\/img_0281-1024x231.jpg\" src=\"https:\/\/www.intellectualsovereignty.ch\/wp-content\/uploads\/2020\/05\/img_0281-1024x231.jpg\" alt=\"\" data-id=\"147\" data-full-url=\"https:\/\/www.intellectualsovereignty.ch\/wp-content\/uploads\/2020\/05\/img_0281-scaled.jpg\" data-link=\"https:\/\/www.intellectualsovereignty.ch\/img_0281\/\" class=\"wp-image-147\" srcset=\"https:\/\/www.intellectualsovereignty.ch\/wp-content\/uploads\/2020\/05\/img_0281-1024x231.jpg 1024w, https:\/\/www.intellectualsovereignty.ch\/wp-content\/uploads\/2020\/05\/img_0281-300x68.jpg 300w, https:\/\/www.intellectualsovereignty.ch\/wp-content\/uploads\/2020\/05\/img_0281-768x174.jpg 768w, https:\/\/www.intellectualsovereignty.ch\/wp-content\/uploads\/2020\/05\/img_0281-1536x347.jpg 1536w, https:\/\/www.intellectualsovereignty.ch\/wp-content\/uploads\/2020\/05\/img_0281-2048x463.jpg 2048w, https:\/\/www.intellectualsovereignty.ch\/wp-content\/uploads\/2020\/05\/img_0281-1870x423.jpg 1870w, https:\/\/www.intellectualsovereignty.ch\/wp-content\/uploads\/2020\/05\/img_0281-400x90.jpg 400w, https:\/\/www.intellectualsovereignty.ch\/wp-content\/uploads\/2020\/05\/img_0281-800x181.jpg 800w\" sizes=\"auto, (max-width: 1024px) 100vw, 1024px\" \/><\/figure><\/li><\/ul><\/figure>\n\n\n\n<p class=\"wp-block-paragraph\">Ich ziehe mit z\u00fcgigem Tempo an den Gastlosen vorbei bis hoch zum Chalet du Soldat (1751 m.\u00fc.M.), die angegebene Wanderzeit von 2h40 habe ich geradezu pulverisiert mit meinen 1h35&#8230; zwischenzeitlich wird es etwas ungem\u00fctlich, viele Ausfl\u00fcgler erreichen talw\u00e4rts die letzten Parkpl\u00e4tze.<\/p>\n\n\n\n<figure class=\"wp-block-image size-large\"><img loading=\"lazy\" decoding=\"async\" width=\"1024\" height=\"768\" data-attachment-id=\"141\" data-permalink=\"https:\/\/www.intellectualsovereignty.ch\/img_0284\/\" data-orig-file=\"https:\/\/www.intellectualsovereignty.ch\/wp-content\/uploads\/2020\/05\/img_0284-scaled.jpg\" data-orig-size=\"2560,1920\" data-comments-opened=\"0\" data-image-title=\"img_0284\" data-image-description=\"\" data-image-caption=\"\" data-large-file=\"https:\/\/www.intellectualsovereignty.ch\/wp-content\/uploads\/2020\/05\/img_0284-1024x768.jpg\" src=\"https:\/\/www.intellectualsovereignty.ch\/wp-content\/uploads\/2020\/05\/img_0284-1024x768.jpg\" alt=\"\" class=\"wp-image-141\" srcset=\"https:\/\/www.intellectualsovereignty.ch\/wp-content\/uploads\/2020\/05\/img_0284-1024x768.jpg 1024w, https:\/\/www.intellectualsovereignty.ch\/wp-content\/uploads\/2020\/05\/img_0284-300x225.jpg 300w, https:\/\/www.intellectualsovereignty.ch\/wp-content\/uploads\/2020\/05\/img_0284-768x576.jpg 768w, https:\/\/www.intellectualsovereignty.ch\/wp-content\/uploads\/2020\/05\/img_0284-1536x1152.jpg 1536w, https:\/\/www.intellectualsovereignty.ch\/wp-content\/uploads\/2020\/05\/img_0284-2048x1536.jpg 2048w, https:\/\/www.intellectualsovereignty.ch\/wp-content\/uploads\/2020\/05\/img_0284-1870x1403.jpg 1870w, https:\/\/www.intellectualsovereignty.ch\/wp-content\/uploads\/2020\/05\/img_0284-400x300.jpg 400w, https:\/\/www.intellectualsovereignty.ch\/wp-content\/uploads\/2020\/05\/img_0284-800x600.jpg 800w\" sizes=\"auto, (max-width: 1024px) 100vw, 1024px\" \/><\/figure>\n\n\n\n<p class=\"wp-block-paragraph\">Der n\u00e4chste Abschnitt wird mit 12kg Rucksack ziemlich anspruchsvoll, denn nach der Stierenritz-H\u00fctte gilt es zwei verwunschene W\u00e4ldchen und Schuttkegel zu queren. Wieder geht&#8217;s hoch nach la Gueyre, von wo ich auf das Moor von Gros Mont blicke.<\/p>\n\n\n\n<figure class=\"wp-block-image size-large\"><img loading=\"lazy\" decoding=\"async\" width=\"1024\" height=\"232\" data-attachment-id=\"148\" data-permalink=\"https:\/\/www.intellectualsovereignty.ch\/img_0283\/\" data-orig-file=\"https:\/\/www.intellectualsovereignty.ch\/wp-content\/uploads\/2020\/05\/img_0283-scaled.jpg\" data-orig-size=\"2560,580\" data-comments-opened=\"0\" data-image-title=\"img_0283\" data-image-description=\"\" data-image-caption=\"\" data-large-file=\"https:\/\/www.intellectualsovereignty.ch\/wp-content\/uploads\/2020\/05\/img_0283-1024x232.jpg\" src=\"https:\/\/www.intellectualsovereignty.ch\/wp-content\/uploads\/2020\/05\/img_0283-1024x232.jpg\" alt=\"\" class=\"wp-image-148\" srcset=\"https:\/\/www.intellectualsovereignty.ch\/wp-content\/uploads\/2020\/05\/img_0283-1024x232.jpg 1024w, https:\/\/www.intellectualsovereignty.ch\/wp-content\/uploads\/2020\/05\/img_0283-300x68.jpg 300w, https:\/\/www.intellectualsovereignty.ch\/wp-content\/uploads\/2020\/05\/img_0283-768x174.jpg 768w, https:\/\/www.intellectualsovereignty.ch\/wp-content\/uploads\/2020\/05\/img_0283-1536x348.jpg 1536w, https:\/\/www.intellectualsovereignty.ch\/wp-content\/uploads\/2020\/05\/img_0283-2048x464.jpg 2048w, https:\/\/www.intellectualsovereignty.ch\/wp-content\/uploads\/2020\/05\/img_0283-1870x424.jpg 1870w, https:\/\/www.intellectualsovereignty.ch\/wp-content\/uploads\/2020\/05\/img_0283-400x91.jpg 400w, https:\/\/www.intellectualsovereignty.ch\/wp-content\/uploads\/2020\/05\/img_0283-800x181.jpg 800w\" sizes=\"auto, (max-width: 1024px) 100vw, 1024px\" \/><\/figure>\n\n\n\n<p class=\"wp-block-paragraph\">Kurz vor Le Sori, einer allseits bekannten Buvette, bei der man einkehren kann (aufgrund Corona leider geschlossen), biege ich rechts ab ins Tal von Les Morteys ab. Nach einem strengen Aufstieg g\u00f6nne ich mir ein kleines Nickerchen mit Blick zur\u00fcck auf die Spitzen der Gastlosen, die Wandflue sowie die Dent de Ruth.<\/p>\n\n\n\n<figure class=\"wp-block-image size-large\"><img loading=\"lazy\" decoding=\"async\" width=\"1024\" height=\"323\" data-attachment-id=\"153\" data-permalink=\"https:\/\/www.intellectualsovereignty.ch\/img_0285\/\" data-orig-file=\"https:\/\/www.intellectualsovereignty.ch\/wp-content\/uploads\/2020\/05\/img_0285-scaled.jpg\" data-orig-size=\"2560,807\" data-comments-opened=\"0\" data-image-title=\"img_0285\" data-image-description=\"\" data-image-caption=\"\" data-large-file=\"https:\/\/www.intellectualsovereignty.ch\/wp-content\/uploads\/2020\/05\/img_0285-1024x323.jpg\" src=\"https:\/\/www.intellectualsovereignty.ch\/wp-content\/uploads\/2020\/05\/img_0285-1024x323.jpg\" alt=\"\" class=\"wp-image-153\" srcset=\"https:\/\/www.intellectualsovereignty.ch\/wp-content\/uploads\/2020\/05\/img_0285-1024x323.jpg 1024w, https:\/\/www.intellectualsovereignty.ch\/wp-content\/uploads\/2020\/05\/img_0285-300x95.jpg 300w, https:\/\/www.intellectualsovereignty.ch\/wp-content\/uploads\/2020\/05\/img_0285-768x242.jpg 768w, https:\/\/www.intellectualsovereignty.ch\/wp-content\/uploads\/2020\/05\/img_0285-1536x484.jpg 1536w, https:\/\/www.intellectualsovereignty.ch\/wp-content\/uploads\/2020\/05\/img_0285-2048x645.jpg 2048w, https:\/\/www.intellectualsovereignty.ch\/wp-content\/uploads\/2020\/05\/img_0285-1870x589.jpg 1870w, https:\/\/www.intellectualsovereignty.ch\/wp-content\/uploads\/2020\/05\/img_0285-400x126.jpg 400w, https:\/\/www.intellectualsovereignty.ch\/wp-content\/uploads\/2020\/05\/img_0285-800x252.jpg 800w\" sizes=\"auto, (max-width: 1024px) 100vw, 1024px\" \/><\/figure>\n\n\n\n<p class=\"wp-block-paragraph\">Nun heisst es an der Flanke des Vanil Noir bis zum Charbonnet-Weiler mich auf dem schmalen und teils eher schlecht als recht markierten Bergwanderweg durchzuschlagen, dabei quere ich gut und gerne vier Schneefelder, wovon es eines besonders in sich hat.<\/p>\n\n\n\n<figure class=\"wp-block-gallery columns-3 is-cropped wp-block-gallery-2 is-layout-flex wp-block-gallery-is-layout-flex\"><ul class=\"blocks-gallery-grid\"><li class=\"blocks-gallery-item\"><figure><img loading=\"lazy\" decoding=\"async\" width=\"1024\" height=\"320\" data-attachment-id=\"150\" data-permalink=\"https:\/\/www.intellectualsovereignty.ch\/img_0287\/\" data-orig-file=\"https:\/\/www.intellectualsovereignty.ch\/wp-content\/uploads\/2020\/05\/img_0287-scaled.jpg\" data-orig-size=\"2560,800\" data-comments-opened=\"0\" data-image-title=\"img_0287\" data-image-description=\"\" data-image-caption=\"\" data-large-file=\"https:\/\/www.intellectualsovereignty.ch\/wp-content\/uploads\/2020\/05\/img_0287-1024x320.jpg\" src=\"https:\/\/www.intellectualsovereignty.ch\/wp-content\/uploads\/2020\/05\/img_0287-1024x320.jpg\" alt=\"\" data-id=\"150\" data-full-url=\"https:\/\/www.intellectualsovereignty.ch\/wp-content\/uploads\/2020\/05\/img_0287-scaled.jpg\" data-link=\"https:\/\/www.intellectualsovereignty.ch\/img_0287\/\" class=\"wp-image-150\" srcset=\"https:\/\/www.intellectualsovereignty.ch\/wp-content\/uploads\/2020\/05\/img_0287-1024x320.jpg 1024w, https:\/\/www.intellectualsovereignty.ch\/wp-content\/uploads\/2020\/05\/img_0287-300x94.jpg 300w, https:\/\/www.intellectualsovereignty.ch\/wp-content\/uploads\/2020\/05\/img_0287-768x240.jpg 768w, https:\/\/www.intellectualsovereignty.ch\/wp-content\/uploads\/2020\/05\/img_0287-1536x480.jpg 1536w, https:\/\/www.intellectualsovereignty.ch\/wp-content\/uploads\/2020\/05\/img_0287-2048x640.jpg 2048w, https:\/\/www.intellectualsovereignty.ch\/wp-content\/uploads\/2020\/05\/img_0287-1870x584.jpg 1870w, https:\/\/www.intellectualsovereignty.ch\/wp-content\/uploads\/2020\/05\/img_0287-400x125.jpg 400w, https:\/\/www.intellectualsovereignty.ch\/wp-content\/uploads\/2020\/05\/img_0287-800x250.jpg 800w\" sizes=\"auto, (max-width: 1024px) 100vw, 1024px\" \/><\/figure><\/li><li class=\"blocks-gallery-item\"><figure><img loading=\"lazy\" decoding=\"async\" width=\"1024\" height=\"388\" data-attachment-id=\"152\" data-permalink=\"https:\/\/www.intellectualsovereignty.ch\/img_0288\/\" data-orig-file=\"https:\/\/www.intellectualsovereignty.ch\/wp-content\/uploads\/2020\/05\/img_0288-scaled.jpg\" data-orig-size=\"2560,970\" data-comments-opened=\"0\" data-image-title=\"img_0288\" data-image-description=\"\" data-image-caption=\"\" data-large-file=\"https:\/\/www.intellectualsovereignty.ch\/wp-content\/uploads\/2020\/05\/img_0288-1024x388.jpg\" src=\"https:\/\/www.intellectualsovereignty.ch\/wp-content\/uploads\/2020\/05\/img_0288-1024x388.jpg\" alt=\"\" data-id=\"152\" data-full-url=\"https:\/\/www.intellectualsovereignty.ch\/wp-content\/uploads\/2020\/05\/img_0288-scaled.jpg\" data-link=\"https:\/\/www.intellectualsovereignty.ch\/img_0288\/\" class=\"wp-image-152\" srcset=\"https:\/\/www.intellectualsovereignty.ch\/wp-content\/uploads\/2020\/05\/img_0288-1024x388.jpg 1024w, https:\/\/www.intellectualsovereignty.ch\/wp-content\/uploads\/2020\/05\/img_0288-300x114.jpg 300w, https:\/\/www.intellectualsovereignty.ch\/wp-content\/uploads\/2020\/05\/img_0288-768x291.jpg 768w, https:\/\/www.intellectualsovereignty.ch\/wp-content\/uploads\/2020\/05\/img_0288-1536x582.jpg 1536w, https:\/\/www.intellectualsovereignty.ch\/wp-content\/uploads\/2020\/05\/img_0288-2048x776.jpg 2048w, https:\/\/www.intellectualsovereignty.ch\/wp-content\/uploads\/2020\/05\/img_0288-1870x709.jpg 1870w, https:\/\/www.intellectualsovereignty.ch\/wp-content\/uploads\/2020\/05\/img_0288-400x152.jpg 400w, https:\/\/www.intellectualsovereignty.ch\/wp-content\/uploads\/2020\/05\/img_0288-800x303.jpg 800w\" sizes=\"auto, (max-width: 1024px) 100vw, 1024px\" \/><\/figure><\/li><li class=\"blocks-gallery-item\"><figure><img loading=\"lazy\" decoding=\"async\" width=\"1024\" height=\"768\" data-attachment-id=\"139\" data-permalink=\"https:\/\/www.intellectualsovereignty.ch\/img_0289\/\" data-orig-file=\"https:\/\/www.intellectualsovereignty.ch\/wp-content\/uploads\/2020\/05\/img_0289-scaled.jpg\" data-orig-size=\"2560,1920\" data-comments-opened=\"0\" data-image-title=\"img_0289\" data-image-description=\"\" data-image-caption=\"\" data-large-file=\"https:\/\/www.intellectualsovereignty.ch\/wp-content\/uploads\/2020\/05\/img_0289-1024x768.jpg\" src=\"https:\/\/www.intellectualsovereignty.ch\/wp-content\/uploads\/2020\/05\/img_0289-1024x768.jpg\" alt=\"\" data-id=\"139\" data-full-url=\"https:\/\/www.intellectualsovereignty.ch\/wp-content\/uploads\/2020\/05\/img_0289-scaled.jpg\" data-link=\"https:\/\/www.intellectualsovereignty.ch\/img_0289\/\" class=\"wp-image-139\" srcset=\"https:\/\/www.intellectualsovereignty.ch\/wp-content\/uploads\/2020\/05\/img_0289-1024x768.jpg 1024w, https:\/\/www.intellectualsovereignty.ch\/wp-content\/uploads\/2020\/05\/img_0289-300x225.jpg 300w, https:\/\/www.intellectualsovereignty.ch\/wp-content\/uploads\/2020\/05\/img_0289-768x576.jpg 768w, https:\/\/www.intellectualsovereignty.ch\/wp-content\/uploads\/2020\/05\/img_0289-1536x1152.jpg 1536w, https:\/\/www.intellectualsovereignty.ch\/wp-content\/uploads\/2020\/05\/img_0289-2048x1536.jpg 2048w, https:\/\/www.intellectualsovereignty.ch\/wp-content\/uploads\/2020\/05\/img_0289-1870x1403.jpg 1870w, https:\/\/www.intellectualsovereignty.ch\/wp-content\/uploads\/2020\/05\/img_0289-400x300.jpg 400w, https:\/\/www.intellectualsovereignty.ch\/wp-content\/uploads\/2020\/05\/img_0289-800x600.jpg 800w\" sizes=\"auto, (max-width: 1024px) 100vw, 1024px\" \/><\/figure><\/li><li class=\"blocks-gallery-item\"><figure><img loading=\"lazy\" decoding=\"async\" width=\"1024\" height=\"768\" data-attachment-id=\"138\" data-permalink=\"https:\/\/www.intellectualsovereignty.ch\/img_0294\/\" data-orig-file=\"https:\/\/www.intellectualsovereignty.ch\/wp-content\/uploads\/2020\/05\/img_0294-scaled.jpg\" data-orig-size=\"2560,1920\" data-comments-opened=\"0\" data-image-title=\"img_0294\" data-image-description=\"\" data-image-caption=\"\" data-large-file=\"https:\/\/www.intellectualsovereignty.ch\/wp-content\/uploads\/2020\/05\/img_0294-1024x768.jpg\" src=\"https:\/\/www.intellectualsovereignty.ch\/wp-content\/uploads\/2020\/05\/img_0294-1024x768.jpg\" alt=\"\" data-id=\"138\" data-full-url=\"https:\/\/www.intellectualsovereignty.ch\/wp-content\/uploads\/2020\/05\/img_0294-scaled.jpg\" data-link=\"https:\/\/www.intellectualsovereignty.ch\/img_0294\/\" class=\"wp-image-138\" srcset=\"https:\/\/www.intellectualsovereignty.ch\/wp-content\/uploads\/2020\/05\/img_0294-1024x768.jpg 1024w, https:\/\/www.intellectualsovereignty.ch\/wp-content\/uploads\/2020\/05\/img_0294-300x225.jpg 300w, https:\/\/www.intellectualsovereignty.ch\/wp-content\/uploads\/2020\/05\/img_0294-768x576.jpg 768w, https:\/\/www.intellectualsovereignty.ch\/wp-content\/uploads\/2020\/05\/img_0294-1536x1152.jpg 1536w, https:\/\/www.intellectualsovereignty.ch\/wp-content\/uploads\/2020\/05\/img_0294-2048x1536.jpg 2048w, https:\/\/www.intellectualsovereignty.ch\/wp-content\/uploads\/2020\/05\/img_0294-1870x1403.jpg 1870w, https:\/\/www.intellectualsovereignty.ch\/wp-content\/uploads\/2020\/05\/img_0294-400x300.jpg 400w, https:\/\/www.intellectualsovereignty.ch\/wp-content\/uploads\/2020\/05\/img_0294-800x600.jpg 800w\" sizes=\"auto, (max-width: 1024px) 100vw, 1024px\" \/><\/figure><\/li><li class=\"blocks-gallery-item\"><figure><img loading=\"lazy\" decoding=\"async\" width=\"1024\" height=\"249\" data-attachment-id=\"146\" data-permalink=\"https:\/\/www.intellectualsovereignty.ch\/img_0290\/\" data-orig-file=\"https:\/\/www.intellectualsovereignty.ch\/wp-content\/uploads\/2020\/05\/img_0290-scaled.jpg\" data-orig-size=\"2560,623\" data-comments-opened=\"0\" data-image-title=\"img_0290\" data-image-description=\"\" data-image-caption=\"\" data-large-file=\"https:\/\/www.intellectualsovereignty.ch\/wp-content\/uploads\/2020\/05\/img_0290-1024x249.jpg\" src=\"https:\/\/www.intellectualsovereignty.ch\/wp-content\/uploads\/2020\/05\/img_0290-1024x249.jpg\" alt=\"\" data-id=\"146\" data-full-url=\"https:\/\/www.intellectualsovereignty.ch\/wp-content\/uploads\/2020\/05\/img_0290-scaled.jpg\" data-link=\"https:\/\/www.intellectualsovereignty.ch\/img_0290\/\" class=\"wp-image-146\" srcset=\"https:\/\/www.intellectualsovereignty.ch\/wp-content\/uploads\/2020\/05\/img_0290-1024x249.jpg 1024w, https:\/\/www.intellectualsovereignty.ch\/wp-content\/uploads\/2020\/05\/img_0290-300x73.jpg 300w, https:\/\/www.intellectualsovereignty.ch\/wp-content\/uploads\/2020\/05\/img_0290-768x187.jpg 768w, https:\/\/www.intellectualsovereignty.ch\/wp-content\/uploads\/2020\/05\/img_0290-1536x374.jpg 1536w, https:\/\/www.intellectualsovereignty.ch\/wp-content\/uploads\/2020\/05\/img_0290-2048x498.jpg 2048w, https:\/\/www.intellectualsovereignty.ch\/wp-content\/uploads\/2020\/05\/img_0290-1870x455.jpg 1870w, https:\/\/www.intellectualsovereignty.ch\/wp-content\/uploads\/2020\/05\/img_0290-400x97.jpg 400w, https:\/\/www.intellectualsovereignty.ch\/wp-content\/uploads\/2020\/05\/img_0290-800x195.jpg 800w\" sizes=\"auto, (max-width: 1024px) 100vw, 1024px\" \/><\/figure><\/li><\/ul><\/figure>\n\n\n\n<p class=\"wp-block-paragraph\">Das sich er\u00f6ffnende Panorama macht jedoch die Strapazen wett, der Blick von Hundsr\u00fcgg bis zum Mont Blanc ist einfach sagenhaft. In der Ferne sieht man gar noch knapp Eiger, M\u00f6nch und Jungfrau. Wunderbar!<\/p>\n\n\n\n<figure class=\"wp-block-image size-large\"><img loading=\"lazy\" decoding=\"async\" width=\"1024\" height=\"245\" data-attachment-id=\"145\" data-permalink=\"https:\/\/www.intellectualsovereignty.ch\/img_0291\/\" data-orig-file=\"https:\/\/www.intellectualsovereignty.ch\/wp-content\/uploads\/2020\/05\/img_0291-scaled.jpg\" data-orig-size=\"2560,612\" data-comments-opened=\"0\" data-image-title=\"img_0291\" data-image-description=\"\" data-image-caption=\"\" data-large-file=\"https:\/\/www.intellectualsovereignty.ch\/wp-content\/uploads\/2020\/05\/img_0291-1024x245.jpg\" src=\"https:\/\/www.intellectualsovereignty.ch\/wp-content\/uploads\/2020\/05\/img_0291-1024x245.jpg\" alt=\"\" class=\"wp-image-145\" srcset=\"https:\/\/www.intellectualsovereignty.ch\/wp-content\/uploads\/2020\/05\/img_0291-1024x245.jpg 1024w, https:\/\/www.intellectualsovereignty.ch\/wp-content\/uploads\/2020\/05\/img_0291-300x72.jpg 300w, https:\/\/www.intellectualsovereignty.ch\/wp-content\/uploads\/2020\/05\/img_0291-768x184.jpg 768w, https:\/\/www.intellectualsovereignty.ch\/wp-content\/uploads\/2020\/05\/img_0291-1536x367.jpg 1536w, https:\/\/www.intellectualsovereignty.ch\/wp-content\/uploads\/2020\/05\/img_0291-2048x489.jpg 2048w, https:\/\/www.intellectualsovereignty.ch\/wp-content\/uploads\/2020\/05\/img_0291-1870x447.jpg 1870w, https:\/\/www.intellectualsovereignty.ch\/wp-content\/uploads\/2020\/05\/img_0291-400x96.jpg 400w, https:\/\/www.intellectualsovereignty.ch\/wp-content\/uploads\/2020\/05\/img_0291-800x191.jpg 800w\" sizes=\"auto, (max-width: 1024px) 100vw, 1024px\" \/><\/figure>\n\n\n\n<figure class=\"wp-block-image size-large\"><img loading=\"lazy\" decoding=\"async\" width=\"1024\" height=\"393\" data-attachment-id=\"149\" data-permalink=\"https:\/\/www.intellectualsovereignty.ch\/img_0293\/\" data-orig-file=\"https:\/\/www.intellectualsovereignty.ch\/wp-content\/uploads\/2020\/05\/img_0293-scaled.jpg\" data-orig-size=\"2560,983\" data-comments-opened=\"0\" data-image-title=\"img_0293\" data-image-description=\"\" data-image-caption=\"\" data-large-file=\"https:\/\/www.intellectualsovereignty.ch\/wp-content\/uploads\/2020\/05\/img_0293-1024x393.jpg\" src=\"https:\/\/www.intellectualsovereignty.ch\/wp-content\/uploads\/2020\/05\/img_0293-1024x393.jpg\" alt=\"\" class=\"wp-image-149\" srcset=\"https:\/\/www.intellectualsovereignty.ch\/wp-content\/uploads\/2020\/05\/img_0293-1024x393.jpg 1024w, https:\/\/www.intellectualsovereignty.ch\/wp-content\/uploads\/2020\/05\/img_0293-300x115.jpg 300w, https:\/\/www.intellectualsovereignty.ch\/wp-content\/uploads\/2020\/05\/img_0293-768x295.jpg 768w, https:\/\/www.intellectualsovereignty.ch\/wp-content\/uploads\/2020\/05\/img_0293-1536x590.jpg 1536w, https:\/\/www.intellectualsovereignty.ch\/wp-content\/uploads\/2020\/05\/img_0293-2048x787.jpg 2048w, https:\/\/www.intellectualsovereignty.ch\/wp-content\/uploads\/2020\/05\/img_0293-1870x718.jpg 1870w, https:\/\/www.intellectualsovereignty.ch\/wp-content\/uploads\/2020\/05\/img_0293-400x154.jpg 400w, https:\/\/www.intellectualsovereignty.ch\/wp-content\/uploads\/2020\/05\/img_0293-800x307.jpg 800w\" sizes=\"auto, (max-width: 1024px) 100vw, 1024px\" \/><\/figure>\n\n\n\n<p class=\"wp-block-paragraph\">Von da an geht es z\u00fcgig bis nach Ch\u00e2teau-d&#8217;Oex, und nach einem erfrischenden Bier mit dem Golden Pass Express sowie der BLS von Zweisimmen nach Bern.<\/p>\n\n\n\n<hr class=\"wp-block-separator\"\/>\n\n\n\n<p class=\"wp-block-paragraph\">Distanz: 31.3km<br>H\u00f6henmeter: 1&#8217;750m<br>Marschzeit: 7h55<br>GPS-Route: <a rel=\"noreferrer noopener\" href=\"https:\/\/map.schweizmobil.ch\/?lang=de&amp;bgLayer=pk&amp;season=summer&amp;resolution=12.29&amp;E=2582220&amp;N=1154648&amp;photos=yes&amp;logo=yes&amp;trackId=6911129\" target=\"_blank\">SchweizMobil<\/a><br>Beschrieb: <a rel=\"noreferrer noopener\" href=\"https:\/\/www.schweizmobil.ch\/de\/wanderland\/routen\/regionale-routen\/route-078.html\" target=\"_blank\">Freiburger Voralpenweg (Nr. 78)<\/a>, Etappen 4&amp;5<\/p>\n\n\n[sgpx gpx=\/wp-content\/uploads\/gpx\/20200521_jaunchateaudoex.gpx ]\n","protected":false},"excerpt":{"rendered":"<p>Fr\u00fchmorgends zu Auffahrt steige ich in Bern in den IC nach Freiburg, um mich anschliessend mit dem RE nach Bulle und den TPF nach Jaun Dorf chauffieren zu lassen. Noch sind erst sehr wenige Leute unterwegs. In Jaun angekommen lasse ich den kleinen Dorfladen rechts liegen und nehme den zuerst gem\u00e4chlichen, dann immer steiler werdenden [&hellip;]<\/p>\n","protected":false},"author":1,"featured_media":143,"comment_status":"open","ping_status":"closed","sticky":false,"template":"","format":"standard","meta":{"_jetpack_newsletter_access":"","_jetpack_dont_email_post_to_subs":false,"_jetpack_newsletter_tier_id":0,"_jetpack_memberships_contains_paywalled_content":false,"_spotmap_latitude":"","_spotmap_longitude":"","_jetpack_feature_clip_id":0,"_jetpack_memberships_contains_paid_content":false,"footnotes":"","jetpack_post_was_ever_published":false},"categories":[3],"tags":[7],"class_list":["post-137","post","type-post","status-publish","format-standard","has-post-thumbnail","hentry","category-hiking","tag-ch_078","has-thumbnail"],"jetpack_shortlink":"https:\/\/wp.me\/p9IwFN-2d","jetpack_likes_enabled":false,"jetpack_sharing_enabled":true,"jetpack_featured_media_url":"https:\/\/www.intellectualsovereignty.ch\/wp-content\/uploads\/2020\/05\/img_0286-scaled.jpg","_links":{"self":[{"href":"https:\/\/www.intellectualsovereignty.ch\/index.php\/wp-json\/wp\/v2\/posts\/137","targetHints":{"allow":["GET"]}}],"collection":[{"href":"https:\/\/www.intellectualsovereignty.ch\/index.php\/wp-json\/wp\/v2\/posts"}],"about":[{"href":"https:\/\/www.intellectualsovereignty.ch\/index.php\/wp-json\/wp\/v2\/types\/post"}],"author":[{"embeddable":true,"href":"https:\/\/www.intellectualsovereignty.ch\/index.php\/wp-json\/wp\/v2\/users\/1"}],"replies":[{"embeddable":true,"href":"https:\/\/www.intellectualsovereignty.ch\/index.php\/wp-json\/wp\/v2\/comments?post=137"}],"version-history":[{"count":1,"href":"https:\/\/www.intellectualsovereignty.ch\/index.php\/wp-json\/wp\/v2\/posts\/137\/revisions"}],"predecessor-version":[{"id":519,"href":"https:\/\/www.intellectualsovereignty.ch\/index.php\/wp-json\/wp\/v2\/posts\/137\/revisions\/519"}],"wp:featuredmedia":[{"embeddable":true,"href":"https:\/\/www.intellectualsovereignty.ch\/index.php\/wp-json\/wp\/v2\/media\/143"}],"wp:attachment":[{"href":"https:\/\/www.intellectualsovereignty.ch\/index.php\/wp-json\/wp\/v2\/media?parent=137"}],"wp:term":[{"taxonomy":"category","embeddable":true,"href":"https:\/\/www.intellectualsovereignty.ch\/index.php\/wp-json\/wp\/v2\/categories?post=137"},{"taxonomy":"post_tag","embeddable":true,"href":"https:\/\/www.intellectualsovereignty.ch\/index.php\/wp-json\/wp\/v2\/tags?post=137"}],"curies":[{"name":"wp","href":"https:\/\/api.w.org\/{rel}","templated":true}]}}