{"id":1354,"date":"2020-09-04T18:42:00","date_gmt":"2020-09-04T16:42:00","guid":{"rendered":"https:\/\/www.intellectualsovereignty.ch\/?p=1354"},"modified":"2020-09-17T07:33:12","modified_gmt":"2020-09-17T05:33:12","slug":"hike-38-brienzer-rothorn-harder-kulm","status":"publish","type":"post","link":"https:\/\/www.intellectualsovereignty.ch\/index.php\/2020\/09\/04\/hike-38-brienzer-rothorn-harder-kulm\/","title":{"rendered":"Hike #38 \/ Brienzer Rothorn &#8211; Harder Kulm"},"content":{"rendered":"\n<p class=\"wp-block-paragraph\">Mit dem Grat vom Brienzer Rothorn \u00fcber Tannhorn und Augstmatthorn bis oberhalb Interlaken zum Harder Kulm hatte ich schon l\u00e4nger lieb\u00e4ugelt, und nach vier wetterbedingt erfolglosen Anl\u00e4ufen hat es diesen Freitag endlich geklappt! Bei sch\u00f6nstem Sommerwetter habe ich mich gemeinsam mit Dani, Oli und Martin \u00fcber S\u00f6renberg mit der Gondel aufs Rothorn aufgemacht&#8230; Nach einem Kaffee auf der Terrasse geht&#8217;s los, in der Ferne ist das Augstmatthorn sichtbar, circa mittig der Strecke das Tannhorn, der Brienzersee leuchtet schon t\u00fcrkisfarben von unten hoch!<\/p>\n\n\n\n<figure class=\"wp-block-gallery columns-3 is-cropped wp-block-gallery-1 is-layout-flex wp-block-gallery-is-layout-flex\"><ul class=\"blocks-gallery-grid\"><li class=\"blocks-gallery-item\"><figure><img loading=\"lazy\" decoding=\"async\" width=\"1024\" height=\"768\" data-attachment-id=\"1361\" data-permalink=\"https:\/\/www.intellectualsovereignty.ch\/index.php\/2020\/09\/04\/hike-38-brienzer-rothorn-harder-kulm\/img_1364\/\" data-orig-file=\"https:\/\/www.intellectualsovereignty.ch\/wp-content\/uploads\/2020\/09\/IMG_1364-scaled.jpeg\" data-orig-size=\"2560,1920\" data-comments-opened=\"0\" data-image-title=\"IMG_1364\" data-image-description=\"\" data-image-caption=\"\" data-large-file=\"https:\/\/www.intellectualsovereignty.ch\/wp-content\/uploads\/2020\/09\/IMG_1364-1024x768.jpeg\" src=\"https:\/\/www.intellectualsovereignty.ch\/wp-content\/uploads\/2020\/09\/IMG_1364-1024x768.jpeg\" alt=\"\" data-id=\"1361\" data-full-url=\"https:\/\/www.intellectualsovereignty.ch\/wp-content\/uploads\/2020\/09\/IMG_1364-scaled.jpeg\" data-link=\"https:\/\/www.intellectualsovereignty.ch\/index.php\/2020\/09\/04\/hike-38-brienzer-rothorn-harder-kulm\/img_1364\/\" class=\"wp-image-1361\" srcset=\"https:\/\/www.intellectualsovereignty.ch\/wp-content\/uploads\/2020\/09\/IMG_1364-1024x768.jpeg 1024w, https:\/\/www.intellectualsovereignty.ch\/wp-content\/uploads\/2020\/09\/IMG_1364-300x225.jpeg 300w, https:\/\/www.intellectualsovereignty.ch\/wp-content\/uploads\/2020\/09\/IMG_1364-768x576.jpeg 768w, https:\/\/www.intellectualsovereignty.ch\/wp-content\/uploads\/2020\/09\/IMG_1364-1536x1152.jpeg 1536w, https:\/\/www.intellectualsovereignty.ch\/wp-content\/uploads\/2020\/09\/IMG_1364-2048x1536.jpeg 2048w, https:\/\/www.intellectualsovereignty.ch\/wp-content\/uploads\/2020\/09\/IMG_1364-1870x1403.jpeg 1870w, https:\/\/www.intellectualsovereignty.ch\/wp-content\/uploads\/2020\/09\/IMG_1364-400x300.jpeg 400w, https:\/\/www.intellectualsovereignty.ch\/wp-content\/uploads\/2020\/09\/IMG_1364-800x600.jpeg 800w\" sizes=\"auto, (max-width: 1024px) 100vw, 1024px\" \/><\/figure><\/li><li class=\"blocks-gallery-item\"><figure><img loading=\"lazy\" decoding=\"async\" width=\"1024\" height=\"677\" data-attachment-id=\"1362\" data-permalink=\"https:\/\/www.intellectualsovereignty.ch\/index.php\/2020\/09\/04\/hike-38-brienzer-rothorn-harder-kulm\/img_1365\/\" data-orig-file=\"https:\/\/www.intellectualsovereignty.ch\/wp-content\/uploads\/2020\/09\/IMG_1365-scaled.jpeg\" data-orig-size=\"2560,1692\" data-comments-opened=\"0\" data-image-title=\"IMG_1365\" data-image-description=\"\" data-image-caption=\"\" data-large-file=\"https:\/\/www.intellectualsovereignty.ch\/wp-content\/uploads\/2020\/09\/IMG_1365-1024x677.jpeg\" src=\"https:\/\/www.intellectualsovereignty.ch\/wp-content\/uploads\/2020\/09\/IMG_1365-1024x677.jpeg\" alt=\"\" data-id=\"1362\" data-full-url=\"https:\/\/www.intellectualsovereignty.ch\/wp-content\/uploads\/2020\/09\/IMG_1365-scaled.jpeg\" data-link=\"https:\/\/www.intellectualsovereignty.ch\/index.php\/2020\/09\/04\/hike-38-brienzer-rothorn-harder-kulm\/img_1365\/\" class=\"wp-image-1362\" srcset=\"https:\/\/www.intellectualsovereignty.ch\/wp-content\/uploads\/2020\/09\/IMG_1365-1024x677.jpeg 1024w, https:\/\/www.intellectualsovereignty.ch\/wp-content\/uploads\/2020\/09\/IMG_1365-300x198.jpeg 300w, https:\/\/www.intellectualsovereignty.ch\/wp-content\/uploads\/2020\/09\/IMG_1365-768x508.jpeg 768w, https:\/\/www.intellectualsovereignty.ch\/wp-content\/uploads\/2020\/09\/IMG_1365-1536x1015.jpeg 1536w, https:\/\/www.intellectualsovereignty.ch\/wp-content\/uploads\/2020\/09\/IMG_1365-2048x1354.jpeg 2048w, https:\/\/www.intellectualsovereignty.ch\/wp-content\/uploads\/2020\/09\/IMG_1365-1870x1236.jpeg 1870w, https:\/\/www.intellectualsovereignty.ch\/wp-content\/uploads\/2020\/09\/IMG_1365-400x264.jpeg 400w, https:\/\/www.intellectualsovereignty.ch\/wp-content\/uploads\/2020\/09\/IMG_1365-800x529.jpeg 800w\" sizes=\"auto, (max-width: 1024px) 100vw, 1024px\" \/><\/figure><\/li><li class=\"blocks-gallery-item\"><figure><img loading=\"lazy\" decoding=\"async\" width=\"1024\" height=\"362\" data-attachment-id=\"1363\" data-permalink=\"https:\/\/www.intellectualsovereignty.ch\/index.php\/2020\/09\/04\/hike-38-brienzer-rothorn-harder-kulm\/img_1366\/\" data-orig-file=\"https:\/\/www.intellectualsovereignty.ch\/wp-content\/uploads\/2020\/09\/IMG_1366-scaled.jpeg\" data-orig-size=\"2560,904\" data-comments-opened=\"0\" data-image-title=\"IMG_1366\" data-image-description=\"\" data-image-caption=\"\" data-large-file=\"https:\/\/www.intellectualsovereignty.ch\/wp-content\/uploads\/2020\/09\/IMG_1366-1024x362.jpeg\" src=\"https:\/\/www.intellectualsovereignty.ch\/wp-content\/uploads\/2020\/09\/IMG_1366-1024x362.jpeg\" alt=\"\" data-id=\"1363\" data-full-url=\"https:\/\/www.intellectualsovereignty.ch\/wp-content\/uploads\/2020\/09\/IMG_1366-scaled.jpeg\" data-link=\"https:\/\/www.intellectualsovereignty.ch\/index.php\/2020\/09\/04\/hike-38-brienzer-rothorn-harder-kulm\/img_1366\/\" class=\"wp-image-1363\" srcset=\"https:\/\/www.intellectualsovereignty.ch\/wp-content\/uploads\/2020\/09\/IMG_1366-1024x362.jpeg 1024w, https:\/\/www.intellectualsovereignty.ch\/wp-content\/uploads\/2020\/09\/IMG_1366-300x106.jpeg 300w, https:\/\/www.intellectualsovereignty.ch\/wp-content\/uploads\/2020\/09\/IMG_1366-768x271.jpeg 768w, https:\/\/www.intellectualsovereignty.ch\/wp-content\/uploads\/2020\/09\/IMG_1366-1536x543.jpeg 1536w, https:\/\/www.intellectualsovereignty.ch\/wp-content\/uploads\/2020\/09\/IMG_1366-2048x724.jpeg 2048w, https:\/\/www.intellectualsovereignty.ch\/wp-content\/uploads\/2020\/09\/IMG_1366-1870x661.jpeg 1870w, https:\/\/www.intellectualsovereignty.ch\/wp-content\/uploads\/2020\/09\/IMG_1366-400x141.jpeg 400w, https:\/\/www.intellectualsovereignty.ch\/wp-content\/uploads\/2020\/09\/IMG_1366-800x283.jpeg 800w\" sizes=\"auto, (max-width: 1024px) 100vw, 1024px\" \/><\/figure><\/li><li class=\"blocks-gallery-item\"><figure><img loading=\"lazy\" decoding=\"async\" width=\"1024\" height=\"768\" data-attachment-id=\"1364\" data-permalink=\"https:\/\/www.intellectualsovereignty.ch\/index.php\/2020\/09\/04\/hike-38-brienzer-rothorn-harder-kulm\/img_1367\/\" data-orig-file=\"https:\/\/www.intellectualsovereignty.ch\/wp-content\/uploads\/2020\/09\/IMG_1367-scaled.jpeg\" data-orig-size=\"2560,1920\" data-comments-opened=\"0\" data-image-title=\"IMG_1367\" data-image-description=\"\" data-image-caption=\"\" data-large-file=\"https:\/\/www.intellectualsovereignty.ch\/wp-content\/uploads\/2020\/09\/IMG_1367-1024x768.jpeg\" src=\"https:\/\/www.intellectualsovereignty.ch\/wp-content\/uploads\/2020\/09\/IMG_1367-1024x768.jpeg\" alt=\"\" data-id=\"1364\" data-full-url=\"https:\/\/www.intellectualsovereignty.ch\/wp-content\/uploads\/2020\/09\/IMG_1367-scaled.jpeg\" data-link=\"https:\/\/www.intellectualsovereignty.ch\/index.php\/2020\/09\/04\/hike-38-brienzer-rothorn-harder-kulm\/img_1367\/\" class=\"wp-image-1364\" srcset=\"https:\/\/www.intellectualsovereignty.ch\/wp-content\/uploads\/2020\/09\/IMG_1367-1024x768.jpeg 1024w, https:\/\/www.intellectualsovereignty.ch\/wp-content\/uploads\/2020\/09\/IMG_1367-300x225.jpeg 300w, https:\/\/www.intellectualsovereignty.ch\/wp-content\/uploads\/2020\/09\/IMG_1367-768x576.jpeg 768w, https:\/\/www.intellectualsovereignty.ch\/wp-content\/uploads\/2020\/09\/IMG_1367-1536x1152.jpeg 1536w, https:\/\/www.intellectualsovereignty.ch\/wp-content\/uploads\/2020\/09\/IMG_1367-2048x1536.jpeg 2048w, https:\/\/www.intellectualsovereignty.ch\/wp-content\/uploads\/2020\/09\/IMG_1367-1870x1403.jpeg 1870w, https:\/\/www.intellectualsovereignty.ch\/wp-content\/uploads\/2020\/09\/IMG_1367-400x300.jpeg 400w, https:\/\/www.intellectualsovereignty.ch\/wp-content\/uploads\/2020\/09\/IMG_1367-800x600.jpeg 800w\" sizes=\"auto, (max-width: 1024px) 100vw, 1024px\" \/><\/figure><\/li><li class=\"blocks-gallery-item\"><figure><img loading=\"lazy\" decoding=\"async\" width=\"1024\" height=\"768\" data-attachment-id=\"1365\" data-permalink=\"https:\/\/www.intellectualsovereignty.ch\/index.php\/2020\/09\/04\/hike-38-brienzer-rothorn-harder-kulm\/img_1368\/\" data-orig-file=\"https:\/\/www.intellectualsovereignty.ch\/wp-content\/uploads\/2020\/09\/IMG_1368-scaled.jpeg\" data-orig-size=\"2560,1920\" data-comments-opened=\"0\" data-image-title=\"IMG_1368\" data-image-description=\"\" data-image-caption=\"\" data-large-file=\"https:\/\/www.intellectualsovereignty.ch\/wp-content\/uploads\/2020\/09\/IMG_1368-1024x768.jpeg\" src=\"https:\/\/www.intellectualsovereignty.ch\/wp-content\/uploads\/2020\/09\/IMG_1368-1024x768.jpeg\" alt=\"\" data-id=\"1365\" data-full-url=\"https:\/\/www.intellectualsovereignty.ch\/wp-content\/uploads\/2020\/09\/IMG_1368-scaled.jpeg\" data-link=\"https:\/\/www.intellectualsovereignty.ch\/index.php\/2020\/09\/04\/hike-38-brienzer-rothorn-harder-kulm\/img_1368\/\" class=\"wp-image-1365\" srcset=\"https:\/\/www.intellectualsovereignty.ch\/wp-content\/uploads\/2020\/09\/IMG_1368-1024x768.jpeg 1024w, https:\/\/www.intellectualsovereignty.ch\/wp-content\/uploads\/2020\/09\/IMG_1368-300x225.jpeg 300w, https:\/\/www.intellectualsovereignty.ch\/wp-content\/uploads\/2020\/09\/IMG_1368-768x576.jpeg 768w, https:\/\/www.intellectualsovereignty.ch\/wp-content\/uploads\/2020\/09\/IMG_1368-1536x1152.jpeg 1536w, https:\/\/www.intellectualsovereignty.ch\/wp-content\/uploads\/2020\/09\/IMG_1368-2048x1536.jpeg 2048w, https:\/\/www.intellectualsovereignty.ch\/wp-content\/uploads\/2020\/09\/IMG_1368-1870x1403.jpeg 1870w, https:\/\/www.intellectualsovereignty.ch\/wp-content\/uploads\/2020\/09\/IMG_1368-400x300.jpeg 400w, https:\/\/www.intellectualsovereignty.ch\/wp-content\/uploads\/2020\/09\/IMG_1368-800x600.jpeg 800w\" sizes=\"auto, (max-width: 1024px) 100vw, 1024px\" \/><\/figure><\/li><\/ul><\/figure>\n\n\n\n<p class=\"wp-block-paragraph\">Der Start ist einfach und ideal zum Aufw\u00e4rmen, und das geht schnell, denn die Sonne brennt schon erbarmungslos herunter. Stellenweise ist der Boden noch etwas matschig, vor ein paar Tagen lag ja bereits etwas Schnee auf dieser H\u00f6he. Wir sind froh, bei trockenem Wetter den Grat zu laufen&#8230; und dieses Gef\u00fchl wird uns noch bis zum Augstmatthorn begleiten. Erstmals etwas anspruchsvoller wird es beim kurzen Abstieg zum L\u00e4ttg\u00e4ssli, das im Schatten liegt.<\/p>\n\n\n\n<figure class=\"wp-block-gallery columns-3 is-cropped wp-block-gallery-2 is-layout-flex wp-block-gallery-is-layout-flex\"><ul class=\"blocks-gallery-grid\"><li class=\"blocks-gallery-item\"><figure><img loading=\"lazy\" decoding=\"async\" width=\"1024\" height=\"768\" data-attachment-id=\"1366\" data-permalink=\"https:\/\/www.intellectualsovereignty.ch\/index.php\/2020\/09\/04\/hike-38-brienzer-rothorn-harder-kulm\/img_1369\/\" data-orig-file=\"https:\/\/www.intellectualsovereignty.ch\/wp-content\/uploads\/2020\/09\/IMG_1369-scaled.jpeg\" data-orig-size=\"2560,1920\" data-comments-opened=\"0\" data-image-title=\"IMG_1369\" data-image-description=\"\" data-image-caption=\"\" data-large-file=\"https:\/\/www.intellectualsovereignty.ch\/wp-content\/uploads\/2020\/09\/IMG_1369-1024x768.jpeg\" src=\"https:\/\/www.intellectualsovereignty.ch\/wp-content\/uploads\/2020\/09\/IMG_1369-1024x768.jpeg\" alt=\"\" data-id=\"1366\" data-full-url=\"https:\/\/www.intellectualsovereignty.ch\/wp-content\/uploads\/2020\/09\/IMG_1369-scaled.jpeg\" data-link=\"https:\/\/www.intellectualsovereignty.ch\/index.php\/2020\/09\/04\/hike-38-brienzer-rothorn-harder-kulm\/img_1369\/\" class=\"wp-image-1366\" srcset=\"https:\/\/www.intellectualsovereignty.ch\/wp-content\/uploads\/2020\/09\/IMG_1369-1024x768.jpeg 1024w, https:\/\/www.intellectualsovereignty.ch\/wp-content\/uploads\/2020\/09\/IMG_1369-300x225.jpeg 300w, https:\/\/www.intellectualsovereignty.ch\/wp-content\/uploads\/2020\/09\/IMG_1369-768x576.jpeg 768w, https:\/\/www.intellectualsovereignty.ch\/wp-content\/uploads\/2020\/09\/IMG_1369-1536x1152.jpeg 1536w, https:\/\/www.intellectualsovereignty.ch\/wp-content\/uploads\/2020\/09\/IMG_1369-2048x1536.jpeg 2048w, https:\/\/www.intellectualsovereignty.ch\/wp-content\/uploads\/2020\/09\/IMG_1369-1870x1403.jpeg 1870w, https:\/\/www.intellectualsovereignty.ch\/wp-content\/uploads\/2020\/09\/IMG_1369-400x300.jpeg 400w, https:\/\/www.intellectualsovereignty.ch\/wp-content\/uploads\/2020\/09\/IMG_1369-800x600.jpeg 800w\" sizes=\"auto, (max-width: 1024px) 100vw, 1024px\" \/><\/figure><\/li><li class=\"blocks-gallery-item\"><figure><img loading=\"lazy\" decoding=\"async\" width=\"1024\" height=\"768\" data-attachment-id=\"1367\" data-permalink=\"https:\/\/www.intellectualsovereignty.ch\/index.php\/2020\/09\/04\/hike-38-brienzer-rothorn-harder-kulm\/img_1370\/\" data-orig-file=\"https:\/\/www.intellectualsovereignty.ch\/wp-content\/uploads\/2020\/09\/IMG_1370-scaled.jpeg\" data-orig-size=\"2560,1920\" data-comments-opened=\"0\" data-image-title=\"IMG_1370\" data-image-description=\"\" data-image-caption=\"\" data-large-file=\"https:\/\/www.intellectualsovereignty.ch\/wp-content\/uploads\/2020\/09\/IMG_1370-1024x768.jpeg\" src=\"https:\/\/www.intellectualsovereignty.ch\/wp-content\/uploads\/2020\/09\/IMG_1370-1024x768.jpeg\" alt=\"\" data-id=\"1367\" data-full-url=\"https:\/\/www.intellectualsovereignty.ch\/wp-content\/uploads\/2020\/09\/IMG_1370-scaled.jpeg\" data-link=\"https:\/\/www.intellectualsovereignty.ch\/index.php\/2020\/09\/04\/hike-38-brienzer-rothorn-harder-kulm\/img_1370\/\" class=\"wp-image-1367\" srcset=\"https:\/\/www.intellectualsovereignty.ch\/wp-content\/uploads\/2020\/09\/IMG_1370-1024x768.jpeg 1024w, https:\/\/www.intellectualsovereignty.ch\/wp-content\/uploads\/2020\/09\/IMG_1370-300x225.jpeg 300w, https:\/\/www.intellectualsovereignty.ch\/wp-content\/uploads\/2020\/09\/IMG_1370-768x576.jpeg 768w, https:\/\/www.intellectualsovereignty.ch\/wp-content\/uploads\/2020\/09\/IMG_1370-1536x1152.jpeg 1536w, https:\/\/www.intellectualsovereignty.ch\/wp-content\/uploads\/2020\/09\/IMG_1370-2048x1536.jpeg 2048w, https:\/\/www.intellectualsovereignty.ch\/wp-content\/uploads\/2020\/09\/IMG_1370-1870x1403.jpeg 1870w, https:\/\/www.intellectualsovereignty.ch\/wp-content\/uploads\/2020\/09\/IMG_1370-400x300.jpeg 400w, https:\/\/www.intellectualsovereignty.ch\/wp-content\/uploads\/2020\/09\/IMG_1370-800x600.jpeg 800w\" sizes=\"auto, (max-width: 1024px) 100vw, 1024px\" \/><\/figure><\/li><li class=\"blocks-gallery-item\"><figure><img loading=\"lazy\" decoding=\"async\" width=\"768\" height=\"1024\" data-attachment-id=\"1368\" data-permalink=\"https:\/\/www.intellectualsovereignty.ch\/index.php\/2020\/09\/04\/hike-38-brienzer-rothorn-harder-kulm\/img_1371\/\" data-orig-file=\"https:\/\/www.intellectualsovereignty.ch\/wp-content\/uploads\/2020\/09\/IMG_1371-scaled.jpeg\" data-orig-size=\"1920,2560\" data-comments-opened=\"0\" data-image-title=\"IMG_1371\" data-image-description=\"\" data-image-caption=\"\" data-large-file=\"https:\/\/www.intellectualsovereignty.ch\/wp-content\/uploads\/2020\/09\/IMG_1371-768x1024.jpeg\" src=\"https:\/\/www.intellectualsovereignty.ch\/wp-content\/uploads\/2020\/09\/IMG_1371-768x1024.jpeg\" alt=\"\" data-id=\"1368\" data-full-url=\"https:\/\/www.intellectualsovereignty.ch\/wp-content\/uploads\/2020\/09\/IMG_1371-scaled.jpeg\" data-link=\"https:\/\/www.intellectualsovereignty.ch\/index.php\/2020\/09\/04\/hike-38-brienzer-rothorn-harder-kulm\/img_1371\/\" class=\"wp-image-1368\" srcset=\"https:\/\/www.intellectualsovereignty.ch\/wp-content\/uploads\/2020\/09\/IMG_1371-768x1024.jpeg 768w, https:\/\/www.intellectualsovereignty.ch\/wp-content\/uploads\/2020\/09\/IMG_1371-225x300.jpeg 225w, https:\/\/www.intellectualsovereignty.ch\/wp-content\/uploads\/2020\/09\/IMG_1371-1152x1536.jpeg 1152w, https:\/\/www.intellectualsovereignty.ch\/wp-content\/uploads\/2020\/09\/IMG_1371-1536x2048.jpeg 1536w, https:\/\/www.intellectualsovereignty.ch\/wp-content\/uploads\/2020\/09\/IMG_1371-1870x2493.jpeg 1870w, https:\/\/www.intellectualsovereignty.ch\/wp-content\/uploads\/2020\/09\/IMG_1371-400x533.jpeg 400w, https:\/\/www.intellectualsovereignty.ch\/wp-content\/uploads\/2020\/09\/IMG_1371-800x1067.jpeg 800w, https:\/\/www.intellectualsovereignty.ch\/wp-content\/uploads\/2020\/09\/IMG_1371-scaled.jpeg 1920w\" sizes=\"auto, (max-width: 768px) 100vw, 768px\" \/><\/figure><\/li><li class=\"blocks-gallery-item\"><figure><img loading=\"lazy\" decoding=\"async\" width=\"768\" height=\"1024\" data-attachment-id=\"1369\" data-permalink=\"https:\/\/www.intellectualsovereignty.ch\/index.php\/2020\/09\/04\/hike-38-brienzer-rothorn-harder-kulm\/img_1372\/\" data-orig-file=\"https:\/\/www.intellectualsovereignty.ch\/wp-content\/uploads\/2020\/09\/IMG_1372-scaled.jpeg\" data-orig-size=\"1920,2560\" data-comments-opened=\"0\" data-image-title=\"IMG_1372\" data-image-description=\"\" data-image-caption=\"\" data-large-file=\"https:\/\/www.intellectualsovereignty.ch\/wp-content\/uploads\/2020\/09\/IMG_1372-768x1024.jpeg\" src=\"https:\/\/www.intellectualsovereignty.ch\/wp-content\/uploads\/2020\/09\/IMG_1372-768x1024.jpeg\" alt=\"\" data-id=\"1369\" data-full-url=\"https:\/\/www.intellectualsovereignty.ch\/wp-content\/uploads\/2020\/09\/IMG_1372-scaled.jpeg\" data-link=\"https:\/\/www.intellectualsovereignty.ch\/index.php\/2020\/09\/04\/hike-38-brienzer-rothorn-harder-kulm\/img_1372\/\" class=\"wp-image-1369\" srcset=\"https:\/\/www.intellectualsovereignty.ch\/wp-content\/uploads\/2020\/09\/IMG_1372-768x1024.jpeg 768w, https:\/\/www.intellectualsovereignty.ch\/wp-content\/uploads\/2020\/09\/IMG_1372-225x300.jpeg 225w, https:\/\/www.intellectualsovereignty.ch\/wp-content\/uploads\/2020\/09\/IMG_1372-1152x1536.jpeg 1152w, https:\/\/www.intellectualsovereignty.ch\/wp-content\/uploads\/2020\/09\/IMG_1372-1536x2048.jpeg 1536w, https:\/\/www.intellectualsovereignty.ch\/wp-content\/uploads\/2020\/09\/IMG_1372-1870x2493.jpeg 1870w, https:\/\/www.intellectualsovereignty.ch\/wp-content\/uploads\/2020\/09\/IMG_1372-400x533.jpeg 400w, https:\/\/www.intellectualsovereignty.ch\/wp-content\/uploads\/2020\/09\/IMG_1372-800x1067.jpeg 800w, https:\/\/www.intellectualsovereignty.ch\/wp-content\/uploads\/2020\/09\/IMG_1372-scaled.jpeg 1920w\" sizes=\"auto, (max-width: 768px) 100vw, 768px\" \/><\/figure><\/li><li class=\"blocks-gallery-item\"><figure><img loading=\"lazy\" decoding=\"async\" width=\"704\" height=\"1024\" data-attachment-id=\"1370\" data-permalink=\"https:\/\/www.intellectualsovereignty.ch\/index.php\/2020\/09\/04\/hike-38-brienzer-rothorn-harder-kulm\/img_1373\/\" data-orig-file=\"https:\/\/www.intellectualsovereignty.ch\/wp-content\/uploads\/2020\/09\/IMG_1373-scaled.jpeg\" data-orig-size=\"1760,2560\" data-comments-opened=\"0\" data-image-title=\"IMG_1373\" data-image-description=\"\" data-image-caption=\"\" data-large-file=\"https:\/\/www.intellectualsovereignty.ch\/wp-content\/uploads\/2020\/09\/IMG_1373-704x1024.jpeg\" src=\"https:\/\/www.intellectualsovereignty.ch\/wp-content\/uploads\/2020\/09\/IMG_1373-704x1024.jpeg\" alt=\"\" data-id=\"1370\" data-full-url=\"https:\/\/www.intellectualsovereignty.ch\/wp-content\/uploads\/2020\/09\/IMG_1373-scaled.jpeg\" data-link=\"https:\/\/www.intellectualsovereignty.ch\/index.php\/2020\/09\/04\/hike-38-brienzer-rothorn-harder-kulm\/img_1373\/\" class=\"wp-image-1370\" srcset=\"https:\/\/www.intellectualsovereignty.ch\/wp-content\/uploads\/2020\/09\/IMG_1373-704x1024.jpeg 704w, https:\/\/www.intellectualsovereignty.ch\/wp-content\/uploads\/2020\/09\/IMG_1373-206x300.jpeg 206w, https:\/\/www.intellectualsovereignty.ch\/wp-content\/uploads\/2020\/09\/IMG_1373-768x1117.jpeg 768w, https:\/\/www.intellectualsovereignty.ch\/wp-content\/uploads\/2020\/09\/IMG_1373-1056x1536.jpeg 1056w, https:\/\/www.intellectualsovereignty.ch\/wp-content\/uploads\/2020\/09\/IMG_1373-1408x2048.jpeg 1408w, https:\/\/www.intellectualsovereignty.ch\/wp-content\/uploads\/2020\/09\/IMG_1373-1870x2720.jpeg 1870w, https:\/\/www.intellectualsovereignty.ch\/wp-content\/uploads\/2020\/09\/IMG_1373-400x582.jpeg 400w, https:\/\/www.intellectualsovereignty.ch\/wp-content\/uploads\/2020\/09\/IMG_1373-800x1164.jpeg 800w, https:\/\/www.intellectualsovereignty.ch\/wp-content\/uploads\/2020\/09\/IMG_1373-scaled.jpeg 1760w\" sizes=\"auto, (max-width: 704px) 100vw, 704px\" \/><\/figure><\/li><li class=\"blocks-gallery-item\"><figure><img loading=\"lazy\" decoding=\"async\" width=\"720\" height=\"1024\" data-attachment-id=\"1371\" data-permalink=\"https:\/\/www.intellectualsovereignty.ch\/index.php\/2020\/09\/04\/hike-38-brienzer-rothorn-harder-kulm\/img_1374\/\" data-orig-file=\"https:\/\/www.intellectualsovereignty.ch\/wp-content\/uploads\/2020\/09\/IMG_1374-scaled.jpeg\" data-orig-size=\"1800,2560\" data-comments-opened=\"0\" data-image-title=\"IMG_1374\" data-image-description=\"\" data-image-caption=\"\" data-large-file=\"https:\/\/www.intellectualsovereignty.ch\/wp-content\/uploads\/2020\/09\/IMG_1374-720x1024.jpeg\" src=\"https:\/\/www.intellectualsovereignty.ch\/wp-content\/uploads\/2020\/09\/IMG_1374-720x1024.jpeg\" alt=\"\" data-id=\"1371\" data-full-url=\"https:\/\/www.intellectualsovereignty.ch\/wp-content\/uploads\/2020\/09\/IMG_1374-scaled.jpeg\" data-link=\"https:\/\/www.intellectualsovereignty.ch\/index.php\/2020\/09\/04\/hike-38-brienzer-rothorn-harder-kulm\/img_1374\/\" class=\"wp-image-1371\" srcset=\"https:\/\/www.intellectualsovereignty.ch\/wp-content\/uploads\/2020\/09\/IMG_1374-720x1024.jpeg 720w, https:\/\/www.intellectualsovereignty.ch\/wp-content\/uploads\/2020\/09\/IMG_1374-211x300.jpeg 211w, https:\/\/www.intellectualsovereignty.ch\/wp-content\/uploads\/2020\/09\/IMG_1374-768x1093.jpeg 768w, https:\/\/www.intellectualsovereignty.ch\/wp-content\/uploads\/2020\/09\/IMG_1374-1080x1536.jpeg 1080w, https:\/\/www.intellectualsovereignty.ch\/wp-content\/uploads\/2020\/09\/IMG_1374-1440x2048.jpeg 1440w, https:\/\/www.intellectualsovereignty.ch\/wp-content\/uploads\/2020\/09\/IMG_1374-1870x2660.jpeg 1870w, https:\/\/www.intellectualsovereignty.ch\/wp-content\/uploads\/2020\/09\/IMG_1374-400x569.jpeg 400w, https:\/\/www.intellectualsovereignty.ch\/wp-content\/uploads\/2020\/09\/IMG_1374-800x1138.jpeg 800w, https:\/\/www.intellectualsovereignty.ch\/wp-content\/uploads\/2020\/09\/IMG_1374-scaled.jpeg 1800w\" sizes=\"auto, (max-width: 720px) 100vw, 720px\" \/><\/figure><\/li><li class=\"blocks-gallery-item\"><figure><img loading=\"lazy\" decoding=\"async\" width=\"768\" height=\"1024\" data-attachment-id=\"1372\" data-permalink=\"https:\/\/www.intellectualsovereignty.ch\/index.php\/2020\/09\/04\/hike-38-brienzer-rothorn-harder-kulm\/img_1375\/\" data-orig-file=\"https:\/\/www.intellectualsovereignty.ch\/wp-content\/uploads\/2020\/09\/IMG_1375-scaled.jpeg\" data-orig-size=\"1920,2560\" data-comments-opened=\"0\" data-image-title=\"IMG_1375\" data-image-description=\"\" data-image-caption=\"\" data-large-file=\"https:\/\/www.intellectualsovereignty.ch\/wp-content\/uploads\/2020\/09\/IMG_1375-768x1024.jpeg\" src=\"https:\/\/www.intellectualsovereignty.ch\/wp-content\/uploads\/2020\/09\/IMG_1375-768x1024.jpeg\" alt=\"\" data-id=\"1372\" data-full-url=\"https:\/\/www.intellectualsovereignty.ch\/wp-content\/uploads\/2020\/09\/IMG_1375-scaled.jpeg\" data-link=\"https:\/\/www.intellectualsovereignty.ch\/index.php\/2020\/09\/04\/hike-38-brienzer-rothorn-harder-kulm\/img_1375\/\" class=\"wp-image-1372\" srcset=\"https:\/\/www.intellectualsovereignty.ch\/wp-content\/uploads\/2020\/09\/IMG_1375-768x1024.jpeg 768w, https:\/\/www.intellectualsovereignty.ch\/wp-content\/uploads\/2020\/09\/IMG_1375-225x300.jpeg 225w, https:\/\/www.intellectualsovereignty.ch\/wp-content\/uploads\/2020\/09\/IMG_1375-1152x1536.jpeg 1152w, https:\/\/www.intellectualsovereignty.ch\/wp-content\/uploads\/2020\/09\/IMG_1375-1536x2048.jpeg 1536w, https:\/\/www.intellectualsovereignty.ch\/wp-content\/uploads\/2020\/09\/IMG_1375-1870x2493.jpeg 1870w, https:\/\/www.intellectualsovereignty.ch\/wp-content\/uploads\/2020\/09\/IMG_1375-400x533.jpeg 400w, https:\/\/www.intellectualsovereignty.ch\/wp-content\/uploads\/2020\/09\/IMG_1375-800x1067.jpeg 800w, https:\/\/www.intellectualsovereignty.ch\/wp-content\/uploads\/2020\/09\/IMG_1375-scaled.jpeg 1920w\" sizes=\"auto, (max-width: 768px) 100vw, 768px\" \/><\/figure><\/li><li class=\"blocks-gallery-item\"><figure><img loading=\"lazy\" decoding=\"async\" width=\"768\" height=\"1024\" data-attachment-id=\"1373\" data-permalink=\"https:\/\/www.intellectualsovereignty.ch\/index.php\/2020\/09\/04\/hike-38-brienzer-rothorn-harder-kulm\/img_1376\/\" data-orig-file=\"https:\/\/www.intellectualsovereignty.ch\/wp-content\/uploads\/2020\/09\/IMG_1376-scaled.jpeg\" data-orig-size=\"1920,2560\" data-comments-opened=\"0\" data-image-title=\"IMG_1376\" data-image-description=\"\" data-image-caption=\"\" data-large-file=\"https:\/\/www.intellectualsovereignty.ch\/wp-content\/uploads\/2020\/09\/IMG_1376-768x1024.jpeg\" src=\"https:\/\/www.intellectualsovereignty.ch\/wp-content\/uploads\/2020\/09\/IMG_1376-768x1024.jpeg\" alt=\"\" data-id=\"1373\" data-full-url=\"https:\/\/www.intellectualsovereignty.ch\/wp-content\/uploads\/2020\/09\/IMG_1376-scaled.jpeg\" data-link=\"https:\/\/www.intellectualsovereignty.ch\/index.php\/2020\/09\/04\/hike-38-brienzer-rothorn-harder-kulm\/img_1376\/\" class=\"wp-image-1373\" srcset=\"https:\/\/www.intellectualsovereignty.ch\/wp-content\/uploads\/2020\/09\/IMG_1376-768x1024.jpeg 768w, https:\/\/www.intellectualsovereignty.ch\/wp-content\/uploads\/2020\/09\/IMG_1376-225x300.jpeg 225w, https:\/\/www.intellectualsovereignty.ch\/wp-content\/uploads\/2020\/09\/IMG_1376-1152x1536.jpeg 1152w, https:\/\/www.intellectualsovereignty.ch\/wp-content\/uploads\/2020\/09\/IMG_1376-1536x2048.jpeg 1536w, https:\/\/www.intellectualsovereignty.ch\/wp-content\/uploads\/2020\/09\/IMG_1376-1870x2493.jpeg 1870w, https:\/\/www.intellectualsovereignty.ch\/wp-content\/uploads\/2020\/09\/IMG_1376-400x533.jpeg 400w, https:\/\/www.intellectualsovereignty.ch\/wp-content\/uploads\/2020\/09\/IMG_1376-800x1067.jpeg 800w, https:\/\/www.intellectualsovereignty.ch\/wp-content\/uploads\/2020\/09\/IMG_1376-scaled.jpeg 1920w\" sizes=\"auto, (max-width: 768px) 100vw, 768px\" \/><\/figure><\/li><li class=\"blocks-gallery-item\"><figure><img loading=\"lazy\" decoding=\"async\" width=\"768\" height=\"1024\" data-attachment-id=\"1374\" data-permalink=\"https:\/\/www.intellectualsovereignty.ch\/index.php\/2020\/09\/04\/hike-38-brienzer-rothorn-harder-kulm\/img_1377\/\" data-orig-file=\"https:\/\/www.intellectualsovereignty.ch\/wp-content\/uploads\/2020\/09\/IMG_1377-scaled.jpeg\" data-orig-size=\"1920,2560\" data-comments-opened=\"0\" data-image-title=\"IMG_1377\" data-image-description=\"\" data-image-caption=\"\" data-large-file=\"https:\/\/www.intellectualsovereignty.ch\/wp-content\/uploads\/2020\/09\/IMG_1377-768x1024.jpeg\" src=\"https:\/\/www.intellectualsovereignty.ch\/wp-content\/uploads\/2020\/09\/IMG_1377-768x1024.jpeg\" alt=\"\" data-id=\"1374\" data-full-url=\"https:\/\/www.intellectualsovereignty.ch\/wp-content\/uploads\/2020\/09\/IMG_1377-scaled.jpeg\" data-link=\"https:\/\/www.intellectualsovereignty.ch\/index.php\/2020\/09\/04\/hike-38-brienzer-rothorn-harder-kulm\/img_1377\/\" class=\"wp-image-1374\" srcset=\"https:\/\/www.intellectualsovereignty.ch\/wp-content\/uploads\/2020\/09\/IMG_1377-768x1024.jpeg 768w, https:\/\/www.intellectualsovereignty.ch\/wp-content\/uploads\/2020\/09\/IMG_1377-225x300.jpeg 225w, https:\/\/www.intellectualsovereignty.ch\/wp-content\/uploads\/2020\/09\/IMG_1377-1152x1536.jpeg 1152w, https:\/\/www.intellectualsovereignty.ch\/wp-content\/uploads\/2020\/09\/IMG_1377-1536x2048.jpeg 1536w, https:\/\/www.intellectualsovereignty.ch\/wp-content\/uploads\/2020\/09\/IMG_1377-1870x2493.jpeg 1870w, https:\/\/www.intellectualsovereignty.ch\/wp-content\/uploads\/2020\/09\/IMG_1377-400x533.jpeg 400w, https:\/\/www.intellectualsovereignty.ch\/wp-content\/uploads\/2020\/09\/IMG_1377-800x1067.jpeg 800w, https:\/\/www.intellectualsovereignty.ch\/wp-content\/uploads\/2020\/09\/IMG_1377-scaled.jpeg 1920w\" sizes=\"auto, (max-width: 768px) 100vw, 768px\" \/><\/figure><\/li><\/ul><\/figure>\n\n\n\n<p class=\"wp-block-paragraph\">Beim Chruterepass verabschiedet sich der weiss-rot-weisse Wanderweg in Richtung Planalp nach links ab, von da an geht&#8217;s rechts auf den Grat hoch. Der immer gut sichtbare Pfad ist einfach begehbar, h\u00e4lt sich stets mit rund einem halben Meter neben dem eigentlichn Grat, was psychologisch f\u00fcr ein schnelleres Tempo spricht. So kommen wir z\u00fcgig bis zum Wannepass, wo wir den Alpinwanderweg von der Arnibergegg zur Rotschalp kreuzen. Faszinierend finde ich insbesondere das Licht- und Schattenspiel, und nat\u00fcrlich das t\u00fcrkisblaue Leuchten des Brienzersees.<\/p>\n\n\n\n<figure class=\"wp-block-gallery columns-3 is-cropped wp-block-gallery-3 is-layout-flex wp-block-gallery-is-layout-flex\"><ul class=\"blocks-gallery-grid\"><li class=\"blocks-gallery-item\"><figure><img loading=\"lazy\" decoding=\"async\" width=\"1024\" height=\"254\" data-attachment-id=\"1375\" data-permalink=\"https:\/\/www.intellectualsovereignty.ch\/index.php\/2020\/09\/04\/hike-38-brienzer-rothorn-harder-kulm\/img_1381\/\" data-orig-file=\"https:\/\/www.intellectualsovereignty.ch\/wp-content\/uploads\/2020\/09\/IMG_1381-scaled.jpeg\" data-orig-size=\"2560,635\" data-comments-opened=\"0\" data-image-title=\"IMG_1381\" data-image-description=\"\" data-image-caption=\"\" data-large-file=\"https:\/\/www.intellectualsovereignty.ch\/wp-content\/uploads\/2020\/09\/IMG_1381-1024x254.jpeg\" src=\"https:\/\/www.intellectualsovereignty.ch\/wp-content\/uploads\/2020\/09\/IMG_1381-1024x254.jpeg\" alt=\"\" data-id=\"1375\" data-full-url=\"https:\/\/www.intellectualsovereignty.ch\/wp-content\/uploads\/2020\/09\/IMG_1381-scaled.jpeg\" data-link=\"https:\/\/www.intellectualsovereignty.ch\/index.php\/2020\/09\/04\/hike-38-brienzer-rothorn-harder-kulm\/img_1381\/\" class=\"wp-image-1375\" srcset=\"https:\/\/www.intellectualsovereignty.ch\/wp-content\/uploads\/2020\/09\/IMG_1381-1024x254.jpeg 1024w, https:\/\/www.intellectualsovereignty.ch\/wp-content\/uploads\/2020\/09\/IMG_1381-300x74.jpeg 300w, https:\/\/www.intellectualsovereignty.ch\/wp-content\/uploads\/2020\/09\/IMG_1381-768x191.jpeg 768w, https:\/\/www.intellectualsovereignty.ch\/wp-content\/uploads\/2020\/09\/IMG_1381-1536x381.jpeg 1536w, https:\/\/www.intellectualsovereignty.ch\/wp-content\/uploads\/2020\/09\/IMG_1381-2048x508.jpeg 2048w, https:\/\/www.intellectualsovereignty.ch\/wp-content\/uploads\/2020\/09\/IMG_1381-1870x464.jpeg 1870w, https:\/\/www.intellectualsovereignty.ch\/wp-content\/uploads\/2020\/09\/IMG_1381-400x99.jpeg 400w, https:\/\/www.intellectualsovereignty.ch\/wp-content\/uploads\/2020\/09\/IMG_1381-800x198.jpeg 800w\" sizes=\"auto, (max-width: 1024px) 100vw, 1024px\" \/><\/figure><\/li><li class=\"blocks-gallery-item\"><figure><img loading=\"lazy\" decoding=\"async\" width=\"768\" height=\"1024\" data-attachment-id=\"1376\" data-permalink=\"https:\/\/www.intellectualsovereignty.ch\/index.php\/2020\/09\/04\/hike-38-brienzer-rothorn-harder-kulm\/img_1379\/\" data-orig-file=\"https:\/\/www.intellectualsovereignty.ch\/wp-content\/uploads\/2020\/09\/IMG_1379-scaled.jpeg\" data-orig-size=\"1920,2560\" data-comments-opened=\"0\" data-image-title=\"IMG_1379\" data-image-description=\"\" data-image-caption=\"\" data-large-file=\"https:\/\/www.intellectualsovereignty.ch\/wp-content\/uploads\/2020\/09\/IMG_1379-768x1024.jpeg\" src=\"https:\/\/www.intellectualsovereignty.ch\/wp-content\/uploads\/2020\/09\/IMG_1379-768x1024.jpeg\" alt=\"\" data-id=\"1376\" data-full-url=\"https:\/\/www.intellectualsovereignty.ch\/wp-content\/uploads\/2020\/09\/IMG_1379-scaled.jpeg\" data-link=\"https:\/\/www.intellectualsovereignty.ch\/index.php\/2020\/09\/04\/hike-38-brienzer-rothorn-harder-kulm\/img_1379\/\" class=\"wp-image-1376\" srcset=\"https:\/\/www.intellectualsovereignty.ch\/wp-content\/uploads\/2020\/09\/IMG_1379-768x1024.jpeg 768w, https:\/\/www.intellectualsovereignty.ch\/wp-content\/uploads\/2020\/09\/IMG_1379-225x300.jpeg 225w, https:\/\/www.intellectualsovereignty.ch\/wp-content\/uploads\/2020\/09\/IMG_1379-1152x1536.jpeg 1152w, https:\/\/www.intellectualsovereignty.ch\/wp-content\/uploads\/2020\/09\/IMG_1379-1536x2048.jpeg 1536w, https:\/\/www.intellectualsovereignty.ch\/wp-content\/uploads\/2020\/09\/IMG_1379-1870x2493.jpeg 1870w, https:\/\/www.intellectualsovereignty.ch\/wp-content\/uploads\/2020\/09\/IMG_1379-400x533.jpeg 400w, https:\/\/www.intellectualsovereignty.ch\/wp-content\/uploads\/2020\/09\/IMG_1379-800x1067.jpeg 800w, https:\/\/www.intellectualsovereignty.ch\/wp-content\/uploads\/2020\/09\/IMG_1379-scaled.jpeg 1920w\" sizes=\"auto, (max-width: 768px) 100vw, 768px\" \/><\/figure><\/li><li class=\"blocks-gallery-item\"><figure><img loading=\"lazy\" decoding=\"async\" width=\"1024\" height=\"768\" data-attachment-id=\"1377\" data-permalink=\"https:\/\/www.intellectualsovereignty.ch\/index.php\/2020\/09\/04\/hike-38-brienzer-rothorn-harder-kulm\/img_1378\/\" data-orig-file=\"https:\/\/www.intellectualsovereignty.ch\/wp-content\/uploads\/2020\/09\/IMG_1378-scaled.jpeg\" data-orig-size=\"2560,1920\" data-comments-opened=\"0\" data-image-title=\"IMG_1378\" data-image-description=\"\" data-image-caption=\"\" data-large-file=\"https:\/\/www.intellectualsovereignty.ch\/wp-content\/uploads\/2020\/09\/IMG_1378-1024x768.jpeg\" src=\"https:\/\/www.intellectualsovereignty.ch\/wp-content\/uploads\/2020\/09\/IMG_1378-1024x768.jpeg\" alt=\"\" data-id=\"1377\" data-full-url=\"https:\/\/www.intellectualsovereignty.ch\/wp-content\/uploads\/2020\/09\/IMG_1378-scaled.jpeg\" data-link=\"https:\/\/www.intellectualsovereignty.ch\/index.php\/2020\/09\/04\/hike-38-brienzer-rothorn-harder-kulm\/img_1378\/\" class=\"wp-image-1377\" srcset=\"https:\/\/www.intellectualsovereignty.ch\/wp-content\/uploads\/2020\/09\/IMG_1378-1024x768.jpeg 1024w, https:\/\/www.intellectualsovereignty.ch\/wp-content\/uploads\/2020\/09\/IMG_1378-300x225.jpeg 300w, https:\/\/www.intellectualsovereignty.ch\/wp-content\/uploads\/2020\/09\/IMG_1378-768x576.jpeg 768w, https:\/\/www.intellectualsovereignty.ch\/wp-content\/uploads\/2020\/09\/IMG_1378-1536x1152.jpeg 1536w, https:\/\/www.intellectualsovereignty.ch\/wp-content\/uploads\/2020\/09\/IMG_1378-2048x1536.jpeg 2048w, https:\/\/www.intellectualsovereignty.ch\/wp-content\/uploads\/2020\/09\/IMG_1378-1870x1403.jpeg 1870w, https:\/\/www.intellectualsovereignty.ch\/wp-content\/uploads\/2020\/09\/IMG_1378-400x300.jpeg 400w, https:\/\/www.intellectualsovereignty.ch\/wp-content\/uploads\/2020\/09\/IMG_1378-800x600.jpeg 800w\" sizes=\"auto, (max-width: 1024px) 100vw, 1024px\" \/><\/figure><\/li><li class=\"blocks-gallery-item\"><figure><img loading=\"lazy\" decoding=\"async\" width=\"768\" height=\"1024\" data-attachment-id=\"1378\" data-permalink=\"https:\/\/www.intellectualsovereignty.ch\/index.php\/2020\/09\/04\/hike-38-brienzer-rothorn-harder-kulm\/img_1380\/\" data-orig-file=\"https:\/\/www.intellectualsovereignty.ch\/wp-content\/uploads\/2020\/09\/IMG_1380-scaled.jpeg\" data-orig-size=\"1920,2560\" data-comments-opened=\"0\" data-image-title=\"IMG_1380\" data-image-description=\"\" data-image-caption=\"\" data-large-file=\"https:\/\/www.intellectualsovereignty.ch\/wp-content\/uploads\/2020\/09\/IMG_1380-768x1024.jpeg\" src=\"https:\/\/www.intellectualsovereignty.ch\/wp-content\/uploads\/2020\/09\/IMG_1380-768x1024.jpeg\" alt=\"\" data-id=\"1378\" data-full-url=\"https:\/\/www.intellectualsovereignty.ch\/wp-content\/uploads\/2020\/09\/IMG_1380-scaled.jpeg\" data-link=\"https:\/\/www.intellectualsovereignty.ch\/index.php\/2020\/09\/04\/hike-38-brienzer-rothorn-harder-kulm\/img_1380\/\" class=\"wp-image-1378\" srcset=\"https:\/\/www.intellectualsovereignty.ch\/wp-content\/uploads\/2020\/09\/IMG_1380-768x1024.jpeg 768w, https:\/\/www.intellectualsovereignty.ch\/wp-content\/uploads\/2020\/09\/IMG_1380-225x300.jpeg 225w, https:\/\/www.intellectualsovereignty.ch\/wp-content\/uploads\/2020\/09\/IMG_1380-1152x1536.jpeg 1152w, https:\/\/www.intellectualsovereignty.ch\/wp-content\/uploads\/2020\/09\/IMG_1380-1536x2048.jpeg 1536w, https:\/\/www.intellectualsovereignty.ch\/wp-content\/uploads\/2020\/09\/IMG_1380-1870x2493.jpeg 1870w, https:\/\/www.intellectualsovereignty.ch\/wp-content\/uploads\/2020\/09\/IMG_1380-400x533.jpeg 400w, https:\/\/www.intellectualsovereignty.ch\/wp-content\/uploads\/2020\/09\/IMG_1380-800x1067.jpeg 800w, https:\/\/www.intellectualsovereignty.ch\/wp-content\/uploads\/2020\/09\/IMG_1380-scaled.jpeg 1920w\" sizes=\"auto, (max-width: 768px) 100vw, 768px\" \/><\/figure><\/li><li class=\"blocks-gallery-item\"><figure><img loading=\"lazy\" decoding=\"async\" width=\"768\" height=\"1024\" data-attachment-id=\"1379\" data-permalink=\"https:\/\/www.intellectualsovereignty.ch\/index.php\/2020\/09\/04\/hike-38-brienzer-rothorn-harder-kulm\/img_1383\/\" data-orig-file=\"https:\/\/www.intellectualsovereignty.ch\/wp-content\/uploads\/2020\/09\/IMG_1383-scaled.jpeg\" data-orig-size=\"1920,2560\" data-comments-opened=\"0\" data-image-title=\"IMG_1383\" data-image-description=\"\" data-image-caption=\"\" data-large-file=\"https:\/\/www.intellectualsovereignty.ch\/wp-content\/uploads\/2020\/09\/IMG_1383-768x1024.jpeg\" src=\"https:\/\/www.intellectualsovereignty.ch\/wp-content\/uploads\/2020\/09\/IMG_1383-768x1024.jpeg\" alt=\"\" data-id=\"1379\" data-full-url=\"https:\/\/www.intellectualsovereignty.ch\/wp-content\/uploads\/2020\/09\/IMG_1383-scaled.jpeg\" data-link=\"https:\/\/www.intellectualsovereignty.ch\/index.php\/2020\/09\/04\/hike-38-brienzer-rothorn-harder-kulm\/img_1383\/\" class=\"wp-image-1379\" srcset=\"https:\/\/www.intellectualsovereignty.ch\/wp-content\/uploads\/2020\/09\/IMG_1383-768x1024.jpeg 768w, https:\/\/www.intellectualsovereignty.ch\/wp-content\/uploads\/2020\/09\/IMG_1383-225x300.jpeg 225w, https:\/\/www.intellectualsovereignty.ch\/wp-content\/uploads\/2020\/09\/IMG_1383-1152x1536.jpeg 1152w, https:\/\/www.intellectualsovereignty.ch\/wp-content\/uploads\/2020\/09\/IMG_1383-1536x2048.jpeg 1536w, https:\/\/www.intellectualsovereignty.ch\/wp-content\/uploads\/2020\/09\/IMG_1383-1870x2493.jpeg 1870w, https:\/\/www.intellectualsovereignty.ch\/wp-content\/uploads\/2020\/09\/IMG_1383-400x533.jpeg 400w, https:\/\/www.intellectualsovereignty.ch\/wp-content\/uploads\/2020\/09\/IMG_1383-800x1067.jpeg 800w, https:\/\/www.intellectualsovereignty.ch\/wp-content\/uploads\/2020\/09\/IMG_1383-scaled.jpeg 1920w\" sizes=\"auto, (max-width: 768px) 100vw, 768px\" \/><\/figure><\/li><li class=\"blocks-gallery-item\"><figure><img loading=\"lazy\" decoding=\"async\" width=\"1024\" height=\"318\" data-attachment-id=\"1380\" data-permalink=\"https:\/\/www.intellectualsovereignty.ch\/index.php\/2020\/09\/04\/hike-38-brienzer-rothorn-harder-kulm\/img_1382\/\" data-orig-file=\"https:\/\/www.intellectualsovereignty.ch\/wp-content\/uploads\/2020\/09\/IMG_1382-scaled.jpeg\" data-orig-size=\"2560,794\" data-comments-opened=\"0\" data-image-title=\"IMG_1382\" data-image-description=\"\" data-image-caption=\"\" data-large-file=\"https:\/\/www.intellectualsovereignty.ch\/wp-content\/uploads\/2020\/09\/IMG_1382-1024x318.jpeg\" src=\"https:\/\/www.intellectualsovereignty.ch\/wp-content\/uploads\/2020\/09\/IMG_1382-1024x318.jpeg\" alt=\"\" data-id=\"1380\" data-full-url=\"https:\/\/www.intellectualsovereignty.ch\/wp-content\/uploads\/2020\/09\/IMG_1382-scaled.jpeg\" data-link=\"https:\/\/www.intellectualsovereignty.ch\/index.php\/2020\/09\/04\/hike-38-brienzer-rothorn-harder-kulm\/img_1382\/\" class=\"wp-image-1380\" srcset=\"https:\/\/www.intellectualsovereignty.ch\/wp-content\/uploads\/2020\/09\/IMG_1382-1024x318.jpeg 1024w, https:\/\/www.intellectualsovereignty.ch\/wp-content\/uploads\/2020\/09\/IMG_1382-300x93.jpeg 300w, https:\/\/www.intellectualsovereignty.ch\/wp-content\/uploads\/2020\/09\/IMG_1382-768x238.jpeg 768w, https:\/\/www.intellectualsovereignty.ch\/wp-content\/uploads\/2020\/09\/IMG_1382-1536x476.jpeg 1536w, https:\/\/www.intellectualsovereignty.ch\/wp-content\/uploads\/2020\/09\/IMG_1382-2048x635.jpeg 2048w, https:\/\/www.intellectualsovereignty.ch\/wp-content\/uploads\/2020\/09\/IMG_1382-1870x580.jpeg 1870w, https:\/\/www.intellectualsovereignty.ch\/wp-content\/uploads\/2020\/09\/IMG_1382-400x124.jpeg 400w, https:\/\/www.intellectualsovereignty.ch\/wp-content\/uploads\/2020\/09\/IMG_1382-800x248.jpeg 800w\" sizes=\"auto, (max-width: 1024px) 100vw, 1024px\" \/><\/figure><\/li><li class=\"blocks-gallery-item\"><figure><img loading=\"lazy\" decoding=\"async\" width=\"711\" height=\"1024\" data-attachment-id=\"1381\" data-permalink=\"https:\/\/www.intellectualsovereignty.ch\/index.php\/2020\/09\/04\/hike-38-brienzer-rothorn-harder-kulm\/img_1384\/\" data-orig-file=\"https:\/\/www.intellectualsovereignty.ch\/wp-content\/uploads\/2020\/09\/IMG_1384-scaled.jpeg\" data-orig-size=\"1779,2560\" data-comments-opened=\"0\" data-image-title=\"IMG_1384\" data-image-description=\"\" data-image-caption=\"\" data-large-file=\"https:\/\/www.intellectualsovereignty.ch\/wp-content\/uploads\/2020\/09\/IMG_1384-711x1024.jpeg\" src=\"https:\/\/www.intellectualsovereignty.ch\/wp-content\/uploads\/2020\/09\/IMG_1384-711x1024.jpeg\" alt=\"\" data-id=\"1381\" data-full-url=\"https:\/\/www.intellectualsovereignty.ch\/wp-content\/uploads\/2020\/09\/IMG_1384-scaled.jpeg\" data-link=\"https:\/\/www.intellectualsovereignty.ch\/index.php\/2020\/09\/04\/hike-38-brienzer-rothorn-harder-kulm\/img_1384\/\" class=\"wp-image-1381\" srcset=\"https:\/\/www.intellectualsovereignty.ch\/wp-content\/uploads\/2020\/09\/IMG_1384-711x1024.jpeg 711w, https:\/\/www.intellectualsovereignty.ch\/wp-content\/uploads\/2020\/09\/IMG_1384-208x300.jpeg 208w, https:\/\/www.intellectualsovereignty.ch\/wp-content\/uploads\/2020\/09\/IMG_1384-768x1105.jpeg 768w, https:\/\/www.intellectualsovereignty.ch\/wp-content\/uploads\/2020\/09\/IMG_1384-1067x1536.jpeg 1067w, https:\/\/www.intellectualsovereignty.ch\/wp-content\/uploads\/2020\/09\/IMG_1384-1423x2048.jpeg 1423w, https:\/\/www.intellectualsovereignty.ch\/wp-content\/uploads\/2020\/09\/IMG_1384-1870x2692.jpeg 1870w, https:\/\/www.intellectualsovereignty.ch\/wp-content\/uploads\/2020\/09\/IMG_1384-400x576.jpeg 400w, https:\/\/www.intellectualsovereignty.ch\/wp-content\/uploads\/2020\/09\/IMG_1384-800x1151.jpeg 800w, https:\/\/www.intellectualsovereignty.ch\/wp-content\/uploads\/2020\/09\/IMG_1384-scaled.jpeg 1779w\" sizes=\"auto, (max-width: 711px) 100vw, 711px\" \/><\/figure><\/li><li class=\"blocks-gallery-item\"><figure><img loading=\"lazy\" decoding=\"async\" width=\"1024\" height=\"768\" data-attachment-id=\"1382\" data-permalink=\"https:\/\/www.intellectualsovereignty.ch\/index.php\/2020\/09\/04\/hike-38-brienzer-rothorn-harder-kulm\/img_1385\/\" data-orig-file=\"https:\/\/www.intellectualsovereignty.ch\/wp-content\/uploads\/2020\/09\/IMG_1385-scaled.jpeg\" data-orig-size=\"2560,1920\" data-comments-opened=\"0\" data-image-title=\"IMG_1385\" data-image-description=\"\" data-image-caption=\"\" data-large-file=\"https:\/\/www.intellectualsovereignty.ch\/wp-content\/uploads\/2020\/09\/IMG_1385-1024x768.jpeg\" src=\"https:\/\/www.intellectualsovereignty.ch\/wp-content\/uploads\/2020\/09\/IMG_1385-1024x768.jpeg\" alt=\"\" data-id=\"1382\" data-full-url=\"https:\/\/www.intellectualsovereignty.ch\/wp-content\/uploads\/2020\/09\/IMG_1385-scaled.jpeg\" data-link=\"https:\/\/www.intellectualsovereignty.ch\/index.php\/2020\/09\/04\/hike-38-brienzer-rothorn-harder-kulm\/img_1385\/\" class=\"wp-image-1382\" srcset=\"https:\/\/www.intellectualsovereignty.ch\/wp-content\/uploads\/2020\/09\/IMG_1385-1024x768.jpeg 1024w, https:\/\/www.intellectualsovereignty.ch\/wp-content\/uploads\/2020\/09\/IMG_1385-300x225.jpeg 300w, https:\/\/www.intellectualsovereignty.ch\/wp-content\/uploads\/2020\/09\/IMG_1385-768x576.jpeg 768w, https:\/\/www.intellectualsovereignty.ch\/wp-content\/uploads\/2020\/09\/IMG_1385-1536x1152.jpeg 1536w, https:\/\/www.intellectualsovereignty.ch\/wp-content\/uploads\/2020\/09\/IMG_1385-2048x1536.jpeg 2048w, https:\/\/www.intellectualsovereignty.ch\/wp-content\/uploads\/2020\/09\/IMG_1385-1870x1403.jpeg 1870w, https:\/\/www.intellectualsovereignty.ch\/wp-content\/uploads\/2020\/09\/IMG_1385-400x300.jpeg 400w, https:\/\/www.intellectualsovereignty.ch\/wp-content\/uploads\/2020\/09\/IMG_1385-800x600.jpeg 800w\" sizes=\"auto, (max-width: 1024px) 100vw, 1024px\" \/><\/figure><\/li><li class=\"blocks-gallery-item\"><figure><img loading=\"lazy\" decoding=\"async\" width=\"768\" height=\"1024\" data-attachment-id=\"1383\" data-permalink=\"https:\/\/www.intellectualsovereignty.ch\/index.php\/2020\/09\/04\/hike-38-brienzer-rothorn-harder-kulm\/img_1386\/\" data-orig-file=\"https:\/\/www.intellectualsovereignty.ch\/wp-content\/uploads\/2020\/09\/IMG_1386-scaled.jpeg\" data-orig-size=\"1920,2560\" data-comments-opened=\"0\" data-image-title=\"IMG_1386\" data-image-description=\"\" data-image-caption=\"\" data-large-file=\"https:\/\/www.intellectualsovereignty.ch\/wp-content\/uploads\/2020\/09\/IMG_1386-768x1024.jpeg\" src=\"https:\/\/www.intellectualsovereignty.ch\/wp-content\/uploads\/2020\/09\/IMG_1386-768x1024.jpeg\" alt=\"\" data-id=\"1383\" data-full-url=\"https:\/\/www.intellectualsovereignty.ch\/wp-content\/uploads\/2020\/09\/IMG_1386-scaled.jpeg\" data-link=\"https:\/\/www.intellectualsovereignty.ch\/index.php\/2020\/09\/04\/hike-38-brienzer-rothorn-harder-kulm\/img_1386\/\" class=\"wp-image-1383\" srcset=\"https:\/\/www.intellectualsovereignty.ch\/wp-content\/uploads\/2020\/09\/IMG_1386-768x1024.jpeg 768w, https:\/\/www.intellectualsovereignty.ch\/wp-content\/uploads\/2020\/09\/IMG_1386-225x300.jpeg 225w, https:\/\/www.intellectualsovereignty.ch\/wp-content\/uploads\/2020\/09\/IMG_1386-1152x1536.jpeg 1152w, https:\/\/www.intellectualsovereignty.ch\/wp-content\/uploads\/2020\/09\/IMG_1386-1536x2048.jpeg 1536w, https:\/\/www.intellectualsovereignty.ch\/wp-content\/uploads\/2020\/09\/IMG_1386-1870x2493.jpeg 1870w, https:\/\/www.intellectualsovereignty.ch\/wp-content\/uploads\/2020\/09\/IMG_1386-400x533.jpeg 400w, https:\/\/www.intellectualsovereignty.ch\/wp-content\/uploads\/2020\/09\/IMG_1386-800x1067.jpeg 800w, https:\/\/www.intellectualsovereignty.ch\/wp-content\/uploads\/2020\/09\/IMG_1386-scaled.jpeg 1920w\" sizes=\"auto, (max-width: 768px) 100vw, 768px\" \/><\/figure><\/li><li class=\"blocks-gallery-item\"><figure><img loading=\"lazy\" decoding=\"async\" width=\"1024\" height=\"330\" data-attachment-id=\"1384\" data-permalink=\"https:\/\/www.intellectualsovereignty.ch\/index.php\/2020\/09\/04\/hike-38-brienzer-rothorn-harder-kulm\/img_1387\/\" data-orig-file=\"https:\/\/www.intellectualsovereignty.ch\/wp-content\/uploads\/2020\/09\/IMG_1387-scaled.jpeg\" data-orig-size=\"2560,825\" data-comments-opened=\"0\" data-image-title=\"IMG_1387\" data-image-description=\"\" data-image-caption=\"\" data-large-file=\"https:\/\/www.intellectualsovereignty.ch\/wp-content\/uploads\/2020\/09\/IMG_1387-1024x330.jpeg\" src=\"https:\/\/www.intellectualsovereignty.ch\/wp-content\/uploads\/2020\/09\/IMG_1387-1024x330.jpeg\" alt=\"\" data-id=\"1384\" data-full-url=\"https:\/\/www.intellectualsovereignty.ch\/wp-content\/uploads\/2020\/09\/IMG_1387-scaled.jpeg\" data-link=\"https:\/\/www.intellectualsovereignty.ch\/index.php\/2020\/09\/04\/hike-38-brienzer-rothorn-harder-kulm\/img_1387\/\" class=\"wp-image-1384\" srcset=\"https:\/\/www.intellectualsovereignty.ch\/wp-content\/uploads\/2020\/09\/IMG_1387-1024x330.jpeg 1024w, https:\/\/www.intellectualsovereignty.ch\/wp-content\/uploads\/2020\/09\/IMG_1387-300x97.jpeg 300w, https:\/\/www.intellectualsovereignty.ch\/wp-content\/uploads\/2020\/09\/IMG_1387-768x247.jpeg 768w, https:\/\/www.intellectualsovereignty.ch\/wp-content\/uploads\/2020\/09\/IMG_1387-1536x495.jpeg 1536w, https:\/\/www.intellectualsovereignty.ch\/wp-content\/uploads\/2020\/09\/IMG_1387-2048x660.jpeg 2048w, https:\/\/www.intellectualsovereignty.ch\/wp-content\/uploads\/2020\/09\/IMG_1387-1870x603.jpeg 1870w, https:\/\/www.intellectualsovereignty.ch\/wp-content\/uploads\/2020\/09\/IMG_1387-400x129.jpeg 400w, https:\/\/www.intellectualsovereignty.ch\/wp-content\/uploads\/2020\/09\/IMG_1387-800x258.jpeg 800w\" sizes=\"auto, (max-width: 1024px) 100vw, 1024px\" \/><\/figure><\/li><li class=\"blocks-gallery-item\"><figure><img loading=\"lazy\" decoding=\"async\" width=\"768\" height=\"1024\" data-attachment-id=\"1385\" data-permalink=\"https:\/\/www.intellectualsovereignty.ch\/index.php\/2020\/09\/04\/hike-38-brienzer-rothorn-harder-kulm\/img_1388\/\" data-orig-file=\"https:\/\/www.intellectualsovereignty.ch\/wp-content\/uploads\/2020\/09\/IMG_1388-scaled.jpeg\" data-orig-size=\"1920,2560\" data-comments-opened=\"0\" data-image-title=\"IMG_1388\" data-image-description=\"\" data-image-caption=\"\" data-large-file=\"https:\/\/www.intellectualsovereignty.ch\/wp-content\/uploads\/2020\/09\/IMG_1388-768x1024.jpeg\" src=\"https:\/\/www.intellectualsovereignty.ch\/wp-content\/uploads\/2020\/09\/IMG_1388-768x1024.jpeg\" alt=\"\" data-id=\"1385\" data-full-url=\"https:\/\/www.intellectualsovereignty.ch\/wp-content\/uploads\/2020\/09\/IMG_1388-scaled.jpeg\" data-link=\"https:\/\/www.intellectualsovereignty.ch\/index.php\/2020\/09\/04\/hike-38-brienzer-rothorn-harder-kulm\/img_1388\/\" class=\"wp-image-1385\" srcset=\"https:\/\/www.intellectualsovereignty.ch\/wp-content\/uploads\/2020\/09\/IMG_1388-768x1024.jpeg 768w, https:\/\/www.intellectualsovereignty.ch\/wp-content\/uploads\/2020\/09\/IMG_1388-225x300.jpeg 225w, https:\/\/www.intellectualsovereignty.ch\/wp-content\/uploads\/2020\/09\/IMG_1388-1152x1536.jpeg 1152w, https:\/\/www.intellectualsovereignty.ch\/wp-content\/uploads\/2020\/09\/IMG_1388-1536x2048.jpeg 1536w, https:\/\/www.intellectualsovereignty.ch\/wp-content\/uploads\/2020\/09\/IMG_1388-1870x2493.jpeg 1870w, https:\/\/www.intellectualsovereignty.ch\/wp-content\/uploads\/2020\/09\/IMG_1388-400x533.jpeg 400w, https:\/\/www.intellectualsovereignty.ch\/wp-content\/uploads\/2020\/09\/IMG_1388-800x1067.jpeg 800w, https:\/\/www.intellectualsovereignty.ch\/wp-content\/uploads\/2020\/09\/IMG_1388-scaled.jpeg 1920w\" sizes=\"auto, (max-width: 768px) 100vw, 768px\" \/><\/figure><\/li><li class=\"blocks-gallery-item\"><figure><img loading=\"lazy\" decoding=\"async\" width=\"1024\" height=\"768\" data-attachment-id=\"1386\" data-permalink=\"https:\/\/www.intellectualsovereignty.ch\/index.php\/2020\/09\/04\/hike-38-brienzer-rothorn-harder-kulm\/img_1389\/\" data-orig-file=\"https:\/\/www.intellectualsovereignty.ch\/wp-content\/uploads\/2020\/09\/IMG_1389-scaled.jpeg\" data-orig-size=\"2560,1920\" data-comments-opened=\"0\" data-image-title=\"IMG_1389\" data-image-description=\"\" data-image-caption=\"\" data-large-file=\"https:\/\/www.intellectualsovereignty.ch\/wp-content\/uploads\/2020\/09\/IMG_1389-1024x768.jpeg\" src=\"https:\/\/www.intellectualsovereignty.ch\/wp-content\/uploads\/2020\/09\/IMG_1389-1024x768.jpeg\" alt=\"\" data-id=\"1386\" data-full-url=\"https:\/\/www.intellectualsovereignty.ch\/wp-content\/uploads\/2020\/09\/IMG_1389-scaled.jpeg\" data-link=\"https:\/\/www.intellectualsovereignty.ch\/index.php\/2020\/09\/04\/hike-38-brienzer-rothorn-harder-kulm\/img_1389\/\" class=\"wp-image-1386\" srcset=\"https:\/\/www.intellectualsovereignty.ch\/wp-content\/uploads\/2020\/09\/IMG_1389-1024x768.jpeg 1024w, https:\/\/www.intellectualsovereignty.ch\/wp-content\/uploads\/2020\/09\/IMG_1389-300x225.jpeg 300w, https:\/\/www.intellectualsovereignty.ch\/wp-content\/uploads\/2020\/09\/IMG_1389-768x576.jpeg 768w, https:\/\/www.intellectualsovereignty.ch\/wp-content\/uploads\/2020\/09\/IMG_1389-1536x1152.jpeg 1536w, https:\/\/www.intellectualsovereignty.ch\/wp-content\/uploads\/2020\/09\/IMG_1389-2048x1536.jpeg 2048w, https:\/\/www.intellectualsovereignty.ch\/wp-content\/uploads\/2020\/09\/IMG_1389-1870x1403.jpeg 1870w, https:\/\/www.intellectualsovereignty.ch\/wp-content\/uploads\/2020\/09\/IMG_1389-400x300.jpeg 400w, https:\/\/www.intellectualsovereignty.ch\/wp-content\/uploads\/2020\/09\/IMG_1389-800x600.jpeg 800w\" sizes=\"auto, (max-width: 1024px) 100vw, 1024px\" \/><\/figure><\/li><li class=\"blocks-gallery-item\"><figure><img loading=\"lazy\" decoding=\"async\" width=\"1024\" height=\"768\" data-attachment-id=\"1387\" data-permalink=\"https:\/\/www.intellectualsovereignty.ch\/index.php\/2020\/09\/04\/hike-38-brienzer-rothorn-harder-kulm\/img_1390\/\" data-orig-file=\"https:\/\/www.intellectualsovereignty.ch\/wp-content\/uploads\/2020\/09\/IMG_1390-scaled.jpeg\" data-orig-size=\"2560,1920\" data-comments-opened=\"0\" data-image-title=\"IMG_1390\" data-image-description=\"\" data-image-caption=\"\" data-large-file=\"https:\/\/www.intellectualsovereignty.ch\/wp-content\/uploads\/2020\/09\/IMG_1390-1024x768.jpeg\" src=\"https:\/\/www.intellectualsovereignty.ch\/wp-content\/uploads\/2020\/09\/IMG_1390-1024x768.jpeg\" alt=\"\" data-id=\"1387\" data-full-url=\"https:\/\/www.intellectualsovereignty.ch\/wp-content\/uploads\/2020\/09\/IMG_1390-scaled.jpeg\" data-link=\"https:\/\/www.intellectualsovereignty.ch\/index.php\/2020\/09\/04\/hike-38-brienzer-rothorn-harder-kulm\/img_1390\/\" class=\"wp-image-1387\" srcset=\"https:\/\/www.intellectualsovereignty.ch\/wp-content\/uploads\/2020\/09\/IMG_1390-1024x768.jpeg 1024w, https:\/\/www.intellectualsovereignty.ch\/wp-content\/uploads\/2020\/09\/IMG_1390-300x225.jpeg 300w, https:\/\/www.intellectualsovereignty.ch\/wp-content\/uploads\/2020\/09\/IMG_1390-768x576.jpeg 768w, https:\/\/www.intellectualsovereignty.ch\/wp-content\/uploads\/2020\/09\/IMG_1390-1536x1152.jpeg 1536w, https:\/\/www.intellectualsovereignty.ch\/wp-content\/uploads\/2020\/09\/IMG_1390-2048x1536.jpeg 2048w, https:\/\/www.intellectualsovereignty.ch\/wp-content\/uploads\/2020\/09\/IMG_1390-1870x1403.jpeg 1870w, https:\/\/www.intellectualsovereignty.ch\/wp-content\/uploads\/2020\/09\/IMG_1390-400x300.jpeg 400w, https:\/\/www.intellectualsovereignty.ch\/wp-content\/uploads\/2020\/09\/IMG_1390-800x600.jpeg 800w\" sizes=\"auto, (max-width: 1024px) 100vw, 1024px\" \/><\/figure><\/li><li class=\"blocks-gallery-item\"><figure><img loading=\"lazy\" decoding=\"async\" width=\"1024\" height=\"768\" data-attachment-id=\"1388\" data-permalink=\"https:\/\/www.intellectualsovereignty.ch\/index.php\/2020\/09\/04\/hike-38-brienzer-rothorn-harder-kulm\/img_1391\/\" data-orig-file=\"https:\/\/www.intellectualsovereignty.ch\/wp-content\/uploads\/2020\/09\/IMG_1391-scaled.jpeg\" data-orig-size=\"2560,1920\" data-comments-opened=\"0\" data-image-title=\"IMG_1391\" data-image-description=\"\" data-image-caption=\"\" data-large-file=\"https:\/\/www.intellectualsovereignty.ch\/wp-content\/uploads\/2020\/09\/IMG_1391-1024x768.jpeg\" src=\"https:\/\/www.intellectualsovereignty.ch\/wp-content\/uploads\/2020\/09\/IMG_1391-1024x768.jpeg\" alt=\"\" data-id=\"1388\" data-full-url=\"https:\/\/www.intellectualsovereignty.ch\/wp-content\/uploads\/2020\/09\/IMG_1391-scaled.jpeg\" data-link=\"https:\/\/www.intellectualsovereignty.ch\/index.php\/2020\/09\/04\/hike-38-brienzer-rothorn-harder-kulm\/img_1391\/\" class=\"wp-image-1388\" srcset=\"https:\/\/www.intellectualsovereignty.ch\/wp-content\/uploads\/2020\/09\/IMG_1391-1024x768.jpeg 1024w, https:\/\/www.intellectualsovereignty.ch\/wp-content\/uploads\/2020\/09\/IMG_1391-300x225.jpeg 300w, https:\/\/www.intellectualsovereignty.ch\/wp-content\/uploads\/2020\/09\/IMG_1391-768x576.jpeg 768w, https:\/\/www.intellectualsovereignty.ch\/wp-content\/uploads\/2020\/09\/IMG_1391-1536x1152.jpeg 1536w, https:\/\/www.intellectualsovereignty.ch\/wp-content\/uploads\/2020\/09\/IMG_1391-2048x1536.jpeg 2048w, https:\/\/www.intellectualsovereignty.ch\/wp-content\/uploads\/2020\/09\/IMG_1391-1870x1403.jpeg 1870w, https:\/\/www.intellectualsovereignty.ch\/wp-content\/uploads\/2020\/09\/IMG_1391-400x300.jpeg 400w, https:\/\/www.intellectualsovereignty.ch\/wp-content\/uploads\/2020\/09\/IMG_1391-800x600.jpeg 800w\" sizes=\"auto, (max-width: 1024px) 100vw, 1024px\" \/><\/figure><\/li><li class=\"blocks-gallery-item\"><figure><img loading=\"lazy\" decoding=\"async\" width=\"610\" height=\"1024\" data-attachment-id=\"1389\" data-permalink=\"https:\/\/www.intellectualsovereignty.ch\/index.php\/2020\/09\/04\/hike-38-brienzer-rothorn-harder-kulm\/img_1392\/\" data-orig-file=\"https:\/\/www.intellectualsovereignty.ch\/wp-content\/uploads\/2020\/09\/IMG_1392-scaled.jpeg\" data-orig-size=\"1525,2560\" data-comments-opened=\"0\" data-image-title=\"IMG_1392\" data-image-description=\"\" data-image-caption=\"\" data-large-file=\"https:\/\/www.intellectualsovereignty.ch\/wp-content\/uploads\/2020\/09\/IMG_1392-610x1024.jpeg\" src=\"https:\/\/www.intellectualsovereignty.ch\/wp-content\/uploads\/2020\/09\/IMG_1392-610x1024.jpeg\" alt=\"\" data-id=\"1389\" data-full-url=\"https:\/\/www.intellectualsovereignty.ch\/wp-content\/uploads\/2020\/09\/IMG_1392-scaled.jpeg\" data-link=\"https:\/\/www.intellectualsovereignty.ch\/index.php\/2020\/09\/04\/hike-38-brienzer-rothorn-harder-kulm\/img_1392\/\" class=\"wp-image-1389\" srcset=\"https:\/\/www.intellectualsovereignty.ch\/wp-content\/uploads\/2020\/09\/IMG_1392-610x1024.jpeg 610w, https:\/\/www.intellectualsovereignty.ch\/wp-content\/uploads\/2020\/09\/IMG_1392-179x300.jpeg 179w, https:\/\/www.intellectualsovereignty.ch\/wp-content\/uploads\/2020\/09\/IMG_1392-768x1289.jpeg 768w, https:\/\/www.intellectualsovereignty.ch\/wp-content\/uploads\/2020\/09\/IMG_1392-915x1536.jpeg 915w, https:\/\/www.intellectualsovereignty.ch\/wp-content\/uploads\/2020\/09\/IMG_1392-1220x2048.jpeg 1220w, https:\/\/www.intellectualsovereignty.ch\/wp-content\/uploads\/2020\/09\/IMG_1392-1870x3138.jpeg 1870w, https:\/\/www.intellectualsovereignty.ch\/wp-content\/uploads\/2020\/09\/IMG_1392-400x671.jpeg 400w, https:\/\/www.intellectualsovereignty.ch\/wp-content\/uploads\/2020\/09\/IMG_1392-800x1343.jpeg 800w, https:\/\/www.intellectualsovereignty.ch\/wp-content\/uploads\/2020\/09\/IMG_1392-scaled.jpeg 1525w\" sizes=\"auto, (max-width: 610px) 100vw, 610px\" \/><\/figure><\/li><li class=\"blocks-gallery-item\"><figure><img loading=\"lazy\" decoding=\"async\" width=\"653\" height=\"2560\" data-attachment-id=\"1390\" data-permalink=\"https:\/\/www.intellectualsovereignty.ch\/index.php\/2020\/09\/04\/hike-38-brienzer-rothorn-harder-kulm\/img_1393\/\" data-orig-file=\"https:\/\/www.intellectualsovereignty.ch\/wp-content\/uploads\/2020\/09\/IMG_1393-scaled.jpeg\" data-orig-size=\"653,2560\" data-comments-opened=\"0\" data-image-title=\"IMG_1393\" data-image-description=\"\" data-image-caption=\"\" data-large-file=\"https:\/\/www.intellectualsovereignty.ch\/wp-content\/uploads\/2020\/09\/IMG_1393-261x1024.jpeg\" src=\"https:\/\/i1.wp.com\/www.intellectualsovereignty.ch\/wp-content\/uploads\/2020\/09\/IMG_1393-scaled.jpeg?fit=261%2C1024&amp;ssl=1\" alt=\"\" data-id=\"1390\" data-full-url=\"https:\/\/i1.wp.com\/www.intellectualsovereignty.ch\/wp-content\/uploads\/2020\/09\/IMG_1393-scaled.jpeg?fit=653%2C2560&amp;ssl=1\" data-link=\"https:\/\/www.intellectualsovereignty.ch\/index.php\/2020\/09\/04\/hike-38-brienzer-rothorn-harder-kulm\/img_1393\/\" class=\"wp-image-1390\" srcset=\"https:\/\/www.intellectualsovereignty.ch\/wp-content\/uploads\/2020\/09\/IMG_1393-scaled.jpeg 653w, https:\/\/www.intellectualsovereignty.ch\/wp-content\/uploads\/2020\/09\/IMG_1393-261x1024.jpeg 261w, https:\/\/www.intellectualsovereignty.ch\/wp-content\/uploads\/2020\/09\/IMG_1393-392x1536.jpeg 392w, https:\/\/www.intellectualsovereignty.ch\/wp-content\/uploads\/2020\/09\/IMG_1393-400x1567.jpeg 400w\" sizes=\"auto, (max-width: 653px) 100vw, 653px\" \/><\/figure><\/li><li class=\"blocks-gallery-item\"><figure><img loading=\"lazy\" decoding=\"async\" width=\"1024\" height=\"768\" data-attachment-id=\"1391\" data-permalink=\"https:\/\/www.intellectualsovereignty.ch\/index.php\/2020\/09\/04\/hike-38-brienzer-rothorn-harder-kulm\/img_1394\/\" data-orig-file=\"https:\/\/www.intellectualsovereignty.ch\/wp-content\/uploads\/2020\/09\/IMG_1394-scaled.jpeg\" data-orig-size=\"2560,1920\" data-comments-opened=\"0\" data-image-title=\"IMG_1394\" data-image-description=\"\" data-image-caption=\"\" data-large-file=\"https:\/\/www.intellectualsovereignty.ch\/wp-content\/uploads\/2020\/09\/IMG_1394-1024x768.jpeg\" src=\"https:\/\/www.intellectualsovereignty.ch\/wp-content\/uploads\/2020\/09\/IMG_1394-1024x768.jpeg\" alt=\"\" data-id=\"1391\" data-full-url=\"https:\/\/www.intellectualsovereignty.ch\/wp-content\/uploads\/2020\/09\/IMG_1394-scaled.jpeg\" data-link=\"https:\/\/www.intellectualsovereignty.ch\/index.php\/2020\/09\/04\/hike-38-brienzer-rothorn-harder-kulm\/img_1394\/\" class=\"wp-image-1391\" srcset=\"https:\/\/www.intellectualsovereignty.ch\/wp-content\/uploads\/2020\/09\/IMG_1394-1024x768.jpeg 1024w, https:\/\/www.intellectualsovereignty.ch\/wp-content\/uploads\/2020\/09\/IMG_1394-300x225.jpeg 300w, https:\/\/www.intellectualsovereignty.ch\/wp-content\/uploads\/2020\/09\/IMG_1394-768x576.jpeg 768w, https:\/\/www.intellectualsovereignty.ch\/wp-content\/uploads\/2020\/09\/IMG_1394-1536x1152.jpeg 1536w, https:\/\/www.intellectualsovereignty.ch\/wp-content\/uploads\/2020\/09\/IMG_1394-2048x1536.jpeg 2048w, https:\/\/www.intellectualsovereignty.ch\/wp-content\/uploads\/2020\/09\/IMG_1394-1870x1403.jpeg 1870w, https:\/\/www.intellectualsovereignty.ch\/wp-content\/uploads\/2020\/09\/IMG_1394-400x300.jpeg 400w, https:\/\/www.intellectualsovereignty.ch\/wp-content\/uploads\/2020\/09\/IMG_1394-800x600.jpeg 800w\" sizes=\"auto, (max-width: 1024px) 100vw, 1024px\" \/><\/figure><\/li><li class=\"blocks-gallery-item\"><figure><img loading=\"lazy\" decoding=\"async\" width=\"1024\" height=\"768\" data-attachment-id=\"1392\" data-permalink=\"https:\/\/www.intellectualsovereignty.ch\/index.php\/2020\/09\/04\/hike-38-brienzer-rothorn-harder-kulm\/img_1395\/\" data-orig-file=\"https:\/\/www.intellectualsovereignty.ch\/wp-content\/uploads\/2020\/09\/IMG_1395-scaled.jpeg\" data-orig-size=\"2560,1920\" data-comments-opened=\"0\" data-image-title=\"IMG_1395\" data-image-description=\"\" data-image-caption=\"\" data-large-file=\"https:\/\/www.intellectualsovereignty.ch\/wp-content\/uploads\/2020\/09\/IMG_1395-1024x768.jpeg\" src=\"https:\/\/www.intellectualsovereignty.ch\/wp-content\/uploads\/2020\/09\/IMG_1395-1024x768.jpeg\" alt=\"\" data-id=\"1392\" data-full-url=\"https:\/\/www.intellectualsovereignty.ch\/wp-content\/uploads\/2020\/09\/IMG_1395-scaled.jpeg\" data-link=\"https:\/\/www.intellectualsovereignty.ch\/index.php\/2020\/09\/04\/hike-38-brienzer-rothorn-harder-kulm\/img_1395\/\" class=\"wp-image-1392\" srcset=\"https:\/\/www.intellectualsovereignty.ch\/wp-content\/uploads\/2020\/09\/IMG_1395-1024x768.jpeg 1024w, https:\/\/www.intellectualsovereignty.ch\/wp-content\/uploads\/2020\/09\/IMG_1395-300x225.jpeg 300w, https:\/\/www.intellectualsovereignty.ch\/wp-content\/uploads\/2020\/09\/IMG_1395-768x576.jpeg 768w, https:\/\/www.intellectualsovereignty.ch\/wp-content\/uploads\/2020\/09\/IMG_1395-1536x1152.jpeg 1536w, https:\/\/www.intellectualsovereignty.ch\/wp-content\/uploads\/2020\/09\/IMG_1395-2048x1536.jpeg 2048w, https:\/\/www.intellectualsovereignty.ch\/wp-content\/uploads\/2020\/09\/IMG_1395-1870x1403.jpeg 1870w, https:\/\/www.intellectualsovereignty.ch\/wp-content\/uploads\/2020\/09\/IMG_1395-400x300.jpeg 400w, https:\/\/www.intellectualsovereignty.ch\/wp-content\/uploads\/2020\/09\/IMG_1395-800x600.jpeg 800w\" sizes=\"auto, (max-width: 1024px) 100vw, 1024px\" \/><\/figure><\/li><li class=\"blocks-gallery-item\"><figure><img loading=\"lazy\" decoding=\"async\" width=\"1024\" height=\"333\" data-attachment-id=\"1393\" data-permalink=\"https:\/\/www.intellectualsovereignty.ch\/index.php\/2020\/09\/04\/hike-38-brienzer-rothorn-harder-kulm\/img_1396\/\" data-orig-file=\"https:\/\/www.intellectualsovereignty.ch\/wp-content\/uploads\/2020\/09\/IMG_1396-scaled.jpeg\" data-orig-size=\"2560,834\" data-comments-opened=\"0\" data-image-title=\"IMG_1396\" data-image-description=\"\" data-image-caption=\"\" data-large-file=\"https:\/\/www.intellectualsovereignty.ch\/wp-content\/uploads\/2020\/09\/IMG_1396-1024x333.jpeg\" src=\"https:\/\/www.intellectualsovereignty.ch\/wp-content\/uploads\/2020\/09\/IMG_1396-1024x333.jpeg\" alt=\"\" data-id=\"1393\" data-full-url=\"https:\/\/www.intellectualsovereignty.ch\/wp-content\/uploads\/2020\/09\/IMG_1396-scaled.jpeg\" data-link=\"https:\/\/www.intellectualsovereignty.ch\/index.php\/2020\/09\/04\/hike-38-brienzer-rothorn-harder-kulm\/img_1396\/\" class=\"wp-image-1393\" srcset=\"https:\/\/www.intellectualsovereignty.ch\/wp-content\/uploads\/2020\/09\/IMG_1396-1024x333.jpeg 1024w, https:\/\/www.intellectualsovereignty.ch\/wp-content\/uploads\/2020\/09\/IMG_1396-300x98.jpeg 300w, https:\/\/www.intellectualsovereignty.ch\/wp-content\/uploads\/2020\/09\/IMG_1396-768x250.jpeg 768w, https:\/\/www.intellectualsovereignty.ch\/wp-content\/uploads\/2020\/09\/IMG_1396-1536x500.jpeg 1536w, https:\/\/www.intellectualsovereignty.ch\/wp-content\/uploads\/2020\/09\/IMG_1396-2048x667.jpeg 2048w, https:\/\/www.intellectualsovereignty.ch\/wp-content\/uploads\/2020\/09\/IMG_1396-1870x609.jpeg 1870w, https:\/\/www.intellectualsovereignty.ch\/wp-content\/uploads\/2020\/09\/IMG_1396-400x130.jpeg 400w, https:\/\/www.intellectualsovereignty.ch\/wp-content\/uploads\/2020\/09\/IMG_1396-800x261.jpeg 800w\" sizes=\"auto, (max-width: 1024px) 100vw, 1024px\" \/><\/figure><\/li><li class=\"blocks-gallery-item\"><figure><img loading=\"lazy\" decoding=\"async\" width=\"1024\" height=\"768\" data-attachment-id=\"1394\" data-permalink=\"https:\/\/www.intellectualsovereignty.ch\/index.php\/2020\/09\/04\/hike-38-brienzer-rothorn-harder-kulm\/img_1398\/\" data-orig-file=\"https:\/\/www.intellectualsovereignty.ch\/wp-content\/uploads\/2020\/09\/IMG_1398-scaled.jpeg\" data-orig-size=\"2560,1920\" data-comments-opened=\"0\" data-image-title=\"IMG_1398\" data-image-description=\"\" data-image-caption=\"\" data-large-file=\"https:\/\/www.intellectualsovereignty.ch\/wp-content\/uploads\/2020\/09\/IMG_1398-1024x768.jpeg\" src=\"https:\/\/www.intellectualsovereignty.ch\/wp-content\/uploads\/2020\/09\/IMG_1398-1024x768.jpeg\" alt=\"\" data-id=\"1394\" data-full-url=\"https:\/\/www.intellectualsovereignty.ch\/wp-content\/uploads\/2020\/09\/IMG_1398-scaled.jpeg\" data-link=\"https:\/\/www.intellectualsovereignty.ch\/index.php\/2020\/09\/04\/hike-38-brienzer-rothorn-harder-kulm\/img_1398\/\" class=\"wp-image-1394\" srcset=\"https:\/\/www.intellectualsovereignty.ch\/wp-content\/uploads\/2020\/09\/IMG_1398-1024x768.jpeg 1024w, https:\/\/www.intellectualsovereignty.ch\/wp-content\/uploads\/2020\/09\/IMG_1398-300x225.jpeg 300w, https:\/\/www.intellectualsovereignty.ch\/wp-content\/uploads\/2020\/09\/IMG_1398-768x576.jpeg 768w, https:\/\/www.intellectualsovereignty.ch\/wp-content\/uploads\/2020\/09\/IMG_1398-1536x1152.jpeg 1536w, https:\/\/www.intellectualsovereignty.ch\/wp-content\/uploads\/2020\/09\/IMG_1398-2048x1536.jpeg 2048w, https:\/\/www.intellectualsovereignty.ch\/wp-content\/uploads\/2020\/09\/IMG_1398-1870x1403.jpeg 1870w, https:\/\/www.intellectualsovereignty.ch\/wp-content\/uploads\/2020\/09\/IMG_1398-400x300.jpeg 400w, https:\/\/www.intellectualsovereignty.ch\/wp-content\/uploads\/2020\/09\/IMG_1398-800x600.jpeg 800w\" sizes=\"auto, (max-width: 1024px) 100vw, 1024px\" \/><\/figure><\/li><li class=\"blocks-gallery-item\"><figure><img loading=\"lazy\" decoding=\"async\" width=\"1024\" height=\"768\" data-attachment-id=\"1395\" data-permalink=\"https:\/\/www.intellectualsovereignty.ch\/index.php\/2020\/09\/04\/hike-38-brienzer-rothorn-harder-kulm\/img_1397\/\" data-orig-file=\"https:\/\/www.intellectualsovereignty.ch\/wp-content\/uploads\/2020\/09\/IMG_1397-scaled.jpeg\" data-orig-size=\"2560,1920\" data-comments-opened=\"0\" data-image-title=\"IMG_1397\" data-image-description=\"\" data-image-caption=\"\" data-large-file=\"https:\/\/www.intellectualsovereignty.ch\/wp-content\/uploads\/2020\/09\/IMG_1397-1024x768.jpeg\" src=\"https:\/\/www.intellectualsovereignty.ch\/wp-content\/uploads\/2020\/09\/IMG_1397-1024x768.jpeg\" alt=\"\" data-id=\"1395\" data-full-url=\"https:\/\/www.intellectualsovereignty.ch\/wp-content\/uploads\/2020\/09\/IMG_1397-scaled.jpeg\" data-link=\"https:\/\/www.intellectualsovereignty.ch\/index.php\/2020\/09\/04\/hike-38-brienzer-rothorn-harder-kulm\/img_1397\/\" class=\"wp-image-1395\" srcset=\"https:\/\/www.intellectualsovereignty.ch\/wp-content\/uploads\/2020\/09\/IMG_1397-1024x768.jpeg 1024w, https:\/\/www.intellectualsovereignty.ch\/wp-content\/uploads\/2020\/09\/IMG_1397-300x225.jpeg 300w, https:\/\/www.intellectualsovereignty.ch\/wp-content\/uploads\/2020\/09\/IMG_1397-768x576.jpeg 768w, https:\/\/www.intellectualsovereignty.ch\/wp-content\/uploads\/2020\/09\/IMG_1397-1536x1152.jpeg 1536w, https:\/\/www.intellectualsovereignty.ch\/wp-content\/uploads\/2020\/09\/IMG_1397-2048x1536.jpeg 2048w, https:\/\/www.intellectualsovereignty.ch\/wp-content\/uploads\/2020\/09\/IMG_1397-1870x1403.jpeg 1870w, https:\/\/www.intellectualsovereignty.ch\/wp-content\/uploads\/2020\/09\/IMG_1397-400x300.jpeg 400w, https:\/\/www.intellectualsovereignty.ch\/wp-content\/uploads\/2020\/09\/IMG_1397-800x600.jpeg 800w\" sizes=\"auto, (max-width: 1024px) 100vw, 1024px\" \/><\/figure><\/li><\/ul><\/figure>\n\n\n\n<p class=\"wp-block-paragraph\">Kurz danach erwartet uns die von vielen Blogs als Schl\u00fcsselstelle bezeichnete Kraxlerei bevor es aufs  Tannhorn hoch geht. Dank Sicherungsseil ist diese jedoch relativ einfach zu meistern, nur an einem Punkt ist das Aufstehen auf dem schmalen Grat eine Herausforderung. Sp\u00e4testens hier sollte man Schwindelfrei sein&#8230;<\/p>\n\n\n\n<figure class=\"wp-block-gallery columns-3 is-cropped wp-block-gallery-4 is-layout-flex wp-block-gallery-is-layout-flex\"><ul class=\"blocks-gallery-grid\"><li class=\"blocks-gallery-item\"><figure><img loading=\"lazy\" decoding=\"async\" width=\"768\" height=\"1024\" data-attachment-id=\"1396\" data-permalink=\"https:\/\/www.intellectualsovereignty.ch\/index.php\/2020\/09\/04\/hike-38-brienzer-rothorn-harder-kulm\/62090421528__e7ac75cf-bb23-465e-bcf1-6afbd78d4871\/\" data-orig-file=\"https:\/\/www.intellectualsovereignty.ch\/wp-content\/uploads\/2020\/09\/62090421528__E7AC75CF-BB23-465E-BCF1-6AFBD78D4871-scaled.jpeg\" data-orig-size=\"1920,2560\" data-comments-opened=\"0\" data-image-title=\"62090421528__E7AC75CF-BB23-465E-BCF1-6AFBD78D4871\" data-image-description=\"\" data-image-caption=\"\" data-large-file=\"https:\/\/www.intellectualsovereignty.ch\/wp-content\/uploads\/2020\/09\/62090421528__E7AC75CF-BB23-465E-BCF1-6AFBD78D4871-768x1024.jpeg\" src=\"https:\/\/www.intellectualsovereignty.ch\/wp-content\/uploads\/2020\/09\/62090421528__E7AC75CF-BB23-465E-BCF1-6AFBD78D4871-768x1024.jpeg\" alt=\"\" data-id=\"1396\" data-full-url=\"https:\/\/www.intellectualsovereignty.ch\/wp-content\/uploads\/2020\/09\/62090421528__E7AC75CF-BB23-465E-BCF1-6AFBD78D4871-scaled.jpeg\" data-link=\"https:\/\/www.intellectualsovereignty.ch\/index.php\/2020\/09\/04\/hike-38-brienzer-rothorn-harder-kulm\/62090421528__e7ac75cf-bb23-465e-bcf1-6afbd78d4871\/\" class=\"wp-image-1396\" srcset=\"https:\/\/www.intellectualsovereignty.ch\/wp-content\/uploads\/2020\/09\/62090421528__E7AC75CF-BB23-465E-BCF1-6AFBD78D4871-768x1024.jpeg 768w, https:\/\/www.intellectualsovereignty.ch\/wp-content\/uploads\/2020\/09\/62090421528__E7AC75CF-BB23-465E-BCF1-6AFBD78D4871-225x300.jpeg 225w, https:\/\/www.intellectualsovereignty.ch\/wp-content\/uploads\/2020\/09\/62090421528__E7AC75CF-BB23-465E-BCF1-6AFBD78D4871-1152x1536.jpeg 1152w, https:\/\/www.intellectualsovereignty.ch\/wp-content\/uploads\/2020\/09\/62090421528__E7AC75CF-BB23-465E-BCF1-6AFBD78D4871-1536x2048.jpeg 1536w, https:\/\/www.intellectualsovereignty.ch\/wp-content\/uploads\/2020\/09\/62090421528__E7AC75CF-BB23-465E-BCF1-6AFBD78D4871-1870x2493.jpeg 1870w, https:\/\/www.intellectualsovereignty.ch\/wp-content\/uploads\/2020\/09\/62090421528__E7AC75CF-BB23-465E-BCF1-6AFBD78D4871-400x533.jpeg 400w, https:\/\/www.intellectualsovereignty.ch\/wp-content\/uploads\/2020\/09\/62090421528__E7AC75CF-BB23-465E-BCF1-6AFBD78D4871-800x1067.jpeg 800w, https:\/\/www.intellectualsovereignty.ch\/wp-content\/uploads\/2020\/09\/62090421528__E7AC75CF-BB23-465E-BCF1-6AFBD78D4871-scaled.jpeg 1920w\" sizes=\"auto, (max-width: 768px) 100vw, 768px\" \/><\/figure><\/li><li class=\"blocks-gallery-item\"><figure><img loading=\"lazy\" decoding=\"async\" width=\"2560\" height=\"607\" data-attachment-id=\"1397\" data-permalink=\"https:\/\/www.intellectualsovereignty.ch\/index.php\/2020\/09\/04\/hike-38-brienzer-rothorn-harder-kulm\/img_1400\/\" data-orig-file=\"https:\/\/www.intellectualsovereignty.ch\/wp-content\/uploads\/2020\/09\/IMG_1400-scaled.jpeg\" data-orig-size=\"2560,607\" data-comments-opened=\"0\" data-image-title=\"IMG_1400\" data-image-description=\"\" data-image-caption=\"\" data-large-file=\"https:\/\/www.intellectualsovereignty.ch\/wp-content\/uploads\/2020\/09\/IMG_1400-1024x243.jpeg\" src=\"https:\/\/i0.wp.com\/www.intellectualsovereignty.ch\/wp-content\/uploads\/2020\/09\/IMG_1400-scaled.jpeg?fit=520%2C123&amp;ssl=1\" alt=\"\" data-id=\"1397\" data-full-url=\"https:\/\/i0.wp.com\/www.intellectualsovereignty.ch\/wp-content\/uploads\/2020\/09\/IMG_1400-scaled.jpeg?fit=2560%2C607&amp;ssl=1\" data-link=\"https:\/\/www.intellectualsovereignty.ch\/index.php\/2020\/09\/04\/hike-38-brienzer-rothorn-harder-kulm\/img_1400\/\" class=\"wp-image-1397\" srcset=\"https:\/\/www.intellectualsovereignty.ch\/wp-content\/uploads\/2020\/09\/IMG_1400-scaled.jpeg 2560w, https:\/\/www.intellectualsovereignty.ch\/wp-content\/uploads\/2020\/09\/IMG_1400-300x71.jpeg 300w, https:\/\/www.intellectualsovereignty.ch\/wp-content\/uploads\/2020\/09\/IMG_1400-1024x243.jpeg 1024w, https:\/\/www.intellectualsovereignty.ch\/wp-content\/uploads\/2020\/09\/IMG_1400-768x182.jpeg 768w, https:\/\/www.intellectualsovereignty.ch\/wp-content\/uploads\/2020\/09\/IMG_1400-1536x364.jpeg 1536w, https:\/\/www.intellectualsovereignty.ch\/wp-content\/uploads\/2020\/09\/IMG_1400-2048x485.jpeg 2048w, https:\/\/www.intellectualsovereignty.ch\/wp-content\/uploads\/2020\/09\/IMG_1400-1870x443.jpeg 1870w, https:\/\/www.intellectualsovereignty.ch\/wp-content\/uploads\/2020\/09\/IMG_1400-400x95.jpeg 400w, https:\/\/www.intellectualsovereignty.ch\/wp-content\/uploads\/2020\/09\/IMG_1400-800x190.jpeg 800w\" sizes=\"auto, (max-width: 2560px) 100vw, 2560px\" \/><\/figure><\/li><li class=\"blocks-gallery-item\"><figure><img loading=\"lazy\" decoding=\"async\" width=\"1024\" height=\"768\" data-attachment-id=\"1398\" data-permalink=\"https:\/\/www.intellectualsovereignty.ch\/index.php\/2020\/09\/04\/hike-38-brienzer-rothorn-harder-kulm\/img_1401\/\" data-orig-file=\"https:\/\/www.intellectualsovereignty.ch\/wp-content\/uploads\/2020\/09\/IMG_1401-scaled.jpeg\" data-orig-size=\"2560,1920\" data-comments-opened=\"0\" data-image-title=\"IMG_1401\" data-image-description=\"\" data-image-caption=\"\" data-large-file=\"https:\/\/www.intellectualsovereignty.ch\/wp-content\/uploads\/2020\/09\/IMG_1401-1024x768.jpeg\" src=\"https:\/\/www.intellectualsovereignty.ch\/wp-content\/uploads\/2020\/09\/IMG_1401-1024x768.jpeg\" alt=\"\" data-id=\"1398\" data-full-url=\"https:\/\/www.intellectualsovereignty.ch\/wp-content\/uploads\/2020\/09\/IMG_1401-scaled.jpeg\" data-link=\"https:\/\/www.intellectualsovereignty.ch\/index.php\/2020\/09\/04\/hike-38-brienzer-rothorn-harder-kulm\/img_1401\/\" class=\"wp-image-1398\" srcset=\"https:\/\/www.intellectualsovereignty.ch\/wp-content\/uploads\/2020\/09\/IMG_1401-1024x768.jpeg 1024w, https:\/\/www.intellectualsovereignty.ch\/wp-content\/uploads\/2020\/09\/IMG_1401-300x225.jpeg 300w, https:\/\/www.intellectualsovereignty.ch\/wp-content\/uploads\/2020\/09\/IMG_1401-768x576.jpeg 768w, https:\/\/www.intellectualsovereignty.ch\/wp-content\/uploads\/2020\/09\/IMG_1401-1536x1152.jpeg 1536w, https:\/\/www.intellectualsovereignty.ch\/wp-content\/uploads\/2020\/09\/IMG_1401-2048x1536.jpeg 2048w, https:\/\/www.intellectualsovereignty.ch\/wp-content\/uploads\/2020\/09\/IMG_1401-1870x1403.jpeg 1870w, https:\/\/www.intellectualsovereignty.ch\/wp-content\/uploads\/2020\/09\/IMG_1401-400x300.jpeg 400w, https:\/\/www.intellectualsovereignty.ch\/wp-content\/uploads\/2020\/09\/IMG_1401-800x600.jpeg 800w\" sizes=\"auto, (max-width: 1024px) 100vw, 1024px\" \/><\/figure><\/li><li class=\"blocks-gallery-item\"><figure><img loading=\"lazy\" decoding=\"async\" width=\"641\" height=\"1024\" data-attachment-id=\"1399\" data-permalink=\"https:\/\/www.intellectualsovereignty.ch\/index.php\/2020\/09\/04\/hike-38-brienzer-rothorn-harder-kulm\/img_1402\/\" data-orig-file=\"https:\/\/www.intellectualsovereignty.ch\/wp-content\/uploads\/2020\/09\/IMG_1402-scaled.jpeg\" data-orig-size=\"1604,2560\" data-comments-opened=\"0\" data-image-title=\"IMG_1402\" data-image-description=\"\" data-image-caption=\"\" data-large-file=\"https:\/\/www.intellectualsovereignty.ch\/wp-content\/uploads\/2020\/09\/IMG_1402-641x1024.jpeg\" src=\"https:\/\/www.intellectualsovereignty.ch\/wp-content\/uploads\/2020\/09\/IMG_1402-641x1024.jpeg\" alt=\"\" data-id=\"1399\" data-full-url=\"https:\/\/www.intellectualsovereignty.ch\/wp-content\/uploads\/2020\/09\/IMG_1402-scaled.jpeg\" data-link=\"https:\/\/www.intellectualsovereignty.ch\/index.php\/2020\/09\/04\/hike-38-brienzer-rothorn-harder-kulm\/img_1402\/\" class=\"wp-image-1399\" srcset=\"https:\/\/www.intellectualsovereignty.ch\/wp-content\/uploads\/2020\/09\/IMG_1402-641x1024.jpeg 641w, https:\/\/www.intellectualsovereignty.ch\/wp-content\/uploads\/2020\/09\/IMG_1402-188x300.jpeg 188w, https:\/\/www.intellectualsovereignty.ch\/wp-content\/uploads\/2020\/09\/IMG_1402-768x1226.jpeg 768w, https:\/\/www.intellectualsovereignty.ch\/wp-content\/uploads\/2020\/09\/IMG_1402-962x1536.jpeg 962w, https:\/\/www.intellectualsovereignty.ch\/wp-content\/uploads\/2020\/09\/IMG_1402-1283x2048.jpeg 1283w, https:\/\/www.intellectualsovereignty.ch\/wp-content\/uploads\/2020\/09\/IMG_1402-1870x2985.jpeg 1870w, https:\/\/www.intellectualsovereignty.ch\/wp-content\/uploads\/2020\/09\/IMG_1402-400x639.jpeg 400w, https:\/\/www.intellectualsovereignty.ch\/wp-content\/uploads\/2020\/09\/IMG_1402-800x1277.jpeg 800w, https:\/\/www.intellectualsovereignty.ch\/wp-content\/uploads\/2020\/09\/IMG_1402-scaled.jpeg 1604w\" sizes=\"auto, (max-width: 641px) 100vw, 641px\" \/><\/figure><\/li><li class=\"blocks-gallery-item\"><figure><img loading=\"lazy\" decoding=\"async\" width=\"768\" height=\"1024\" data-attachment-id=\"1400\" data-permalink=\"https:\/\/www.intellectualsovereignty.ch\/index.php\/2020\/09\/04\/hike-38-brienzer-rothorn-harder-kulm\/img_1403\/\" data-orig-file=\"https:\/\/www.intellectualsovereignty.ch\/wp-content\/uploads\/2020\/09\/IMG_1403-scaled.jpeg\" data-orig-size=\"1920,2560\" data-comments-opened=\"0\" data-image-title=\"IMG_1403\" data-image-description=\"\" data-image-caption=\"\" data-large-file=\"https:\/\/www.intellectualsovereignty.ch\/wp-content\/uploads\/2020\/09\/IMG_1403-768x1024.jpeg\" src=\"https:\/\/www.intellectualsovereignty.ch\/wp-content\/uploads\/2020\/09\/IMG_1403-768x1024.jpeg\" alt=\"\" data-id=\"1400\" data-full-url=\"https:\/\/www.intellectualsovereignty.ch\/wp-content\/uploads\/2020\/09\/IMG_1403-scaled.jpeg\" data-link=\"https:\/\/www.intellectualsovereignty.ch\/index.php\/2020\/09\/04\/hike-38-brienzer-rothorn-harder-kulm\/img_1403\/\" class=\"wp-image-1400\" srcset=\"https:\/\/www.intellectualsovereignty.ch\/wp-content\/uploads\/2020\/09\/IMG_1403-768x1024.jpeg 768w, https:\/\/www.intellectualsovereignty.ch\/wp-content\/uploads\/2020\/09\/IMG_1403-225x300.jpeg 225w, https:\/\/www.intellectualsovereignty.ch\/wp-content\/uploads\/2020\/09\/IMG_1403-1152x1536.jpeg 1152w, https:\/\/www.intellectualsovereignty.ch\/wp-content\/uploads\/2020\/09\/IMG_1403-1536x2048.jpeg 1536w, https:\/\/www.intellectualsovereignty.ch\/wp-content\/uploads\/2020\/09\/IMG_1403-1870x2493.jpeg 1870w, https:\/\/www.intellectualsovereignty.ch\/wp-content\/uploads\/2020\/09\/IMG_1403-400x533.jpeg 400w, https:\/\/www.intellectualsovereignty.ch\/wp-content\/uploads\/2020\/09\/IMG_1403-800x1067.jpeg 800w, https:\/\/www.intellectualsovereignty.ch\/wp-content\/uploads\/2020\/09\/IMG_1403-scaled.jpeg 1920w\" sizes=\"auto, (max-width: 768px) 100vw, 768px\" \/><\/figure><\/li><li class=\"blocks-gallery-item\"><figure><img loading=\"lazy\" decoding=\"async\" width=\"1024\" height=\"751\" data-attachment-id=\"1401\" data-permalink=\"https:\/\/www.intellectualsovereignty.ch\/index.php\/2020\/09\/04\/hike-38-brienzer-rothorn-harder-kulm\/img_1404\/\" data-orig-file=\"https:\/\/www.intellectualsovereignty.ch\/wp-content\/uploads\/2020\/09\/IMG_1404-scaled.jpeg\" data-orig-size=\"2560,1879\" data-comments-opened=\"0\" data-image-title=\"IMG_1404\" data-image-description=\"\" data-image-caption=\"\" data-large-file=\"https:\/\/www.intellectualsovereignty.ch\/wp-content\/uploads\/2020\/09\/IMG_1404-1024x751.jpeg\" src=\"https:\/\/www.intellectualsovereignty.ch\/wp-content\/uploads\/2020\/09\/IMG_1404-1024x751.jpeg\" alt=\"\" data-id=\"1401\" data-full-url=\"https:\/\/www.intellectualsovereignty.ch\/wp-content\/uploads\/2020\/09\/IMG_1404-scaled.jpeg\" data-link=\"https:\/\/www.intellectualsovereignty.ch\/index.php\/2020\/09\/04\/hike-38-brienzer-rothorn-harder-kulm\/img_1404\/\" class=\"wp-image-1401\" srcset=\"https:\/\/www.intellectualsovereignty.ch\/wp-content\/uploads\/2020\/09\/IMG_1404-1024x751.jpeg 1024w, https:\/\/www.intellectualsovereignty.ch\/wp-content\/uploads\/2020\/09\/IMG_1404-300x220.jpeg 300w, https:\/\/www.intellectualsovereignty.ch\/wp-content\/uploads\/2020\/09\/IMG_1404-768x564.jpeg 768w, https:\/\/www.intellectualsovereignty.ch\/wp-content\/uploads\/2020\/09\/IMG_1404-1536x1127.jpeg 1536w, https:\/\/www.intellectualsovereignty.ch\/wp-content\/uploads\/2020\/09\/IMG_1404-2048x1503.jpeg 2048w, https:\/\/www.intellectualsovereignty.ch\/wp-content\/uploads\/2020\/09\/IMG_1404-1870x1372.jpeg 1870w, https:\/\/www.intellectualsovereignty.ch\/wp-content\/uploads\/2020\/09\/IMG_1404-400x294.jpeg 400w, https:\/\/www.intellectualsovereignty.ch\/wp-content\/uploads\/2020\/09\/IMG_1404-800x587.jpeg 800w\" sizes=\"auto, (max-width: 1024px) 100vw, 1024px\" \/><\/figure><\/li><li class=\"blocks-gallery-item\"><figure><img loading=\"lazy\" decoding=\"async\" width=\"768\" height=\"1024\" data-attachment-id=\"1402\" data-permalink=\"https:\/\/www.intellectualsovereignty.ch\/index.php\/2020\/09\/04\/hike-38-brienzer-rothorn-harder-kulm\/img_1405\/\" data-orig-file=\"https:\/\/www.intellectualsovereignty.ch\/wp-content\/uploads\/2020\/09\/IMG_1405-scaled.jpeg\" data-orig-size=\"1920,2560\" data-comments-opened=\"0\" data-image-title=\"IMG_1405\" data-image-description=\"\" data-image-caption=\"\" data-large-file=\"https:\/\/www.intellectualsovereignty.ch\/wp-content\/uploads\/2020\/09\/IMG_1405-768x1024.jpeg\" src=\"https:\/\/www.intellectualsovereignty.ch\/wp-content\/uploads\/2020\/09\/IMG_1405-768x1024.jpeg\" alt=\"\" data-id=\"1402\" data-full-url=\"https:\/\/www.intellectualsovereignty.ch\/wp-content\/uploads\/2020\/09\/IMG_1405-scaled.jpeg\" data-link=\"https:\/\/www.intellectualsovereignty.ch\/index.php\/2020\/09\/04\/hike-38-brienzer-rothorn-harder-kulm\/img_1405\/\" class=\"wp-image-1402\" srcset=\"https:\/\/www.intellectualsovereignty.ch\/wp-content\/uploads\/2020\/09\/IMG_1405-768x1024.jpeg 768w, https:\/\/www.intellectualsovereignty.ch\/wp-content\/uploads\/2020\/09\/IMG_1405-225x300.jpeg 225w, https:\/\/www.intellectualsovereignty.ch\/wp-content\/uploads\/2020\/09\/IMG_1405-1152x1536.jpeg 1152w, https:\/\/www.intellectualsovereignty.ch\/wp-content\/uploads\/2020\/09\/IMG_1405-1536x2048.jpeg 1536w, https:\/\/www.intellectualsovereignty.ch\/wp-content\/uploads\/2020\/09\/IMG_1405-1870x2493.jpeg 1870w, https:\/\/www.intellectualsovereignty.ch\/wp-content\/uploads\/2020\/09\/IMG_1405-400x533.jpeg 400w, https:\/\/www.intellectualsovereignty.ch\/wp-content\/uploads\/2020\/09\/IMG_1405-800x1067.jpeg 800w, https:\/\/www.intellectualsovereignty.ch\/wp-content\/uploads\/2020\/09\/IMG_1405-scaled.jpeg 1920w\" sizes=\"auto, (max-width: 768px) 100vw, 768px\" \/><\/figure><\/li><li class=\"blocks-gallery-item\"><figure><img loading=\"lazy\" decoding=\"async\" width=\"768\" height=\"1024\" data-attachment-id=\"1403\" data-permalink=\"https:\/\/www.intellectualsovereignty.ch\/index.php\/2020\/09\/04\/hike-38-brienzer-rothorn-harder-kulm\/img_1406\/\" data-orig-file=\"https:\/\/www.intellectualsovereignty.ch\/wp-content\/uploads\/2020\/09\/IMG_1406-scaled.jpeg\" data-orig-size=\"1920,2560\" data-comments-opened=\"0\" data-image-title=\"IMG_1406\" data-image-description=\"\" data-image-caption=\"\" data-large-file=\"https:\/\/www.intellectualsovereignty.ch\/wp-content\/uploads\/2020\/09\/IMG_1406-768x1024.jpeg\" src=\"https:\/\/www.intellectualsovereignty.ch\/wp-content\/uploads\/2020\/09\/IMG_1406-768x1024.jpeg\" alt=\"\" data-id=\"1403\" data-full-url=\"https:\/\/www.intellectualsovereignty.ch\/wp-content\/uploads\/2020\/09\/IMG_1406-scaled.jpeg\" data-link=\"https:\/\/www.intellectualsovereignty.ch\/index.php\/2020\/09\/04\/hike-38-brienzer-rothorn-harder-kulm\/img_1406\/\" class=\"wp-image-1403\" srcset=\"https:\/\/www.intellectualsovereignty.ch\/wp-content\/uploads\/2020\/09\/IMG_1406-768x1024.jpeg 768w, https:\/\/www.intellectualsovereignty.ch\/wp-content\/uploads\/2020\/09\/IMG_1406-225x300.jpeg 225w, https:\/\/www.intellectualsovereignty.ch\/wp-content\/uploads\/2020\/09\/IMG_1406-1152x1536.jpeg 1152w, https:\/\/www.intellectualsovereignty.ch\/wp-content\/uploads\/2020\/09\/IMG_1406-1536x2048.jpeg 1536w, https:\/\/www.intellectualsovereignty.ch\/wp-content\/uploads\/2020\/09\/IMG_1406-1870x2493.jpeg 1870w, https:\/\/www.intellectualsovereignty.ch\/wp-content\/uploads\/2020\/09\/IMG_1406-400x533.jpeg 400w, https:\/\/www.intellectualsovereignty.ch\/wp-content\/uploads\/2020\/09\/IMG_1406-800x1067.jpeg 800w, https:\/\/www.intellectualsovereignty.ch\/wp-content\/uploads\/2020\/09\/IMG_1406-scaled.jpeg 1920w\" sizes=\"auto, (max-width: 768px) 100vw, 768px\" \/><\/figure><\/li><li class=\"blocks-gallery-item\"><figure><img loading=\"lazy\" decoding=\"async\" width=\"1024\" height=\"768\" data-attachment-id=\"1404\" data-permalink=\"https:\/\/www.intellectualsovereignty.ch\/index.php\/2020\/09\/04\/hike-38-brienzer-rothorn-harder-kulm\/img_1408\/\" data-orig-file=\"https:\/\/www.intellectualsovereignty.ch\/wp-content\/uploads\/2020\/09\/IMG_1408-scaled.jpeg\" data-orig-size=\"2560,1920\" data-comments-opened=\"0\" data-image-title=\"IMG_1408\" data-image-description=\"\" data-image-caption=\"\" data-large-file=\"https:\/\/www.intellectualsovereignty.ch\/wp-content\/uploads\/2020\/09\/IMG_1408-1024x768.jpeg\" src=\"https:\/\/www.intellectualsovereignty.ch\/wp-content\/uploads\/2020\/09\/IMG_1408-1024x768.jpeg\" alt=\"\" data-id=\"1404\" data-full-url=\"https:\/\/www.intellectualsovereignty.ch\/wp-content\/uploads\/2020\/09\/IMG_1408-scaled.jpeg\" data-link=\"https:\/\/www.intellectualsovereignty.ch\/index.php\/2020\/09\/04\/hike-38-brienzer-rothorn-harder-kulm\/img_1408\/\" class=\"wp-image-1404\" srcset=\"https:\/\/www.intellectualsovereignty.ch\/wp-content\/uploads\/2020\/09\/IMG_1408-1024x768.jpeg 1024w, https:\/\/www.intellectualsovereignty.ch\/wp-content\/uploads\/2020\/09\/IMG_1408-300x225.jpeg 300w, https:\/\/www.intellectualsovereignty.ch\/wp-content\/uploads\/2020\/09\/IMG_1408-768x576.jpeg 768w, https:\/\/www.intellectualsovereignty.ch\/wp-content\/uploads\/2020\/09\/IMG_1408-1536x1152.jpeg 1536w, https:\/\/www.intellectualsovereignty.ch\/wp-content\/uploads\/2020\/09\/IMG_1408-2048x1536.jpeg 2048w, https:\/\/www.intellectualsovereignty.ch\/wp-content\/uploads\/2020\/09\/IMG_1408-1870x1403.jpeg 1870w, https:\/\/www.intellectualsovereignty.ch\/wp-content\/uploads\/2020\/09\/IMG_1408-400x300.jpeg 400w, https:\/\/www.intellectualsovereignty.ch\/wp-content\/uploads\/2020\/09\/IMG_1408-800x600.jpeg 800w\" sizes=\"auto, (max-width: 1024px) 100vw, 1024px\" \/><\/figure><\/li><li class=\"blocks-gallery-item\"><figure><img loading=\"lazy\" decoding=\"async\" width=\"1024\" height=\"768\" data-attachment-id=\"1405\" data-permalink=\"https:\/\/www.intellectualsovereignty.ch\/index.php\/2020\/09\/04\/hike-38-brienzer-rothorn-harder-kulm\/img_1409\/\" data-orig-file=\"https:\/\/www.intellectualsovereignty.ch\/wp-content\/uploads\/2020\/09\/IMG_1409-scaled.jpeg\" data-orig-size=\"2560,1920\" data-comments-opened=\"0\" data-image-title=\"IMG_1409\" data-image-description=\"\" data-image-caption=\"\" data-large-file=\"https:\/\/www.intellectualsovereignty.ch\/wp-content\/uploads\/2020\/09\/IMG_1409-1024x768.jpeg\" src=\"https:\/\/www.intellectualsovereignty.ch\/wp-content\/uploads\/2020\/09\/IMG_1409-1024x768.jpeg\" alt=\"\" data-id=\"1405\" data-full-url=\"https:\/\/www.intellectualsovereignty.ch\/wp-content\/uploads\/2020\/09\/IMG_1409-scaled.jpeg\" data-link=\"https:\/\/www.intellectualsovereignty.ch\/index.php\/2020\/09\/04\/hike-38-brienzer-rothorn-harder-kulm\/img_1409\/\" class=\"wp-image-1405\" srcset=\"https:\/\/www.intellectualsovereignty.ch\/wp-content\/uploads\/2020\/09\/IMG_1409-1024x768.jpeg 1024w, https:\/\/www.intellectualsovereignty.ch\/wp-content\/uploads\/2020\/09\/IMG_1409-300x225.jpeg 300w, https:\/\/www.intellectualsovereignty.ch\/wp-content\/uploads\/2020\/09\/IMG_1409-768x576.jpeg 768w, https:\/\/www.intellectualsovereignty.ch\/wp-content\/uploads\/2020\/09\/IMG_1409-1536x1152.jpeg 1536w, https:\/\/www.intellectualsovereignty.ch\/wp-content\/uploads\/2020\/09\/IMG_1409-2048x1536.jpeg 2048w, https:\/\/www.intellectualsovereignty.ch\/wp-content\/uploads\/2020\/09\/IMG_1409-1870x1403.jpeg 1870w, https:\/\/www.intellectualsovereignty.ch\/wp-content\/uploads\/2020\/09\/IMG_1409-400x300.jpeg 400w, https:\/\/www.intellectualsovereignty.ch\/wp-content\/uploads\/2020\/09\/IMG_1409-800x600.jpeg 800w\" sizes=\"auto, (max-width: 1024px) 100vw, 1024px\" \/><\/figure><\/li><li class=\"blocks-gallery-item\"><figure><img loading=\"lazy\" decoding=\"async\" width=\"1024\" height=\"396\" data-attachment-id=\"1406\" data-permalink=\"https:\/\/www.intellectualsovereignty.ch\/index.php\/2020\/09\/04\/hike-38-brienzer-rothorn-harder-kulm\/img_1410\/\" data-orig-file=\"https:\/\/www.intellectualsovereignty.ch\/wp-content\/uploads\/2020\/09\/IMG_1410-scaled.jpeg\" data-orig-size=\"2560,990\" data-comments-opened=\"0\" data-image-title=\"IMG_1410\" data-image-description=\"\" data-image-caption=\"\" data-large-file=\"https:\/\/www.intellectualsovereignty.ch\/wp-content\/uploads\/2020\/09\/IMG_1410-1024x396.jpeg\" src=\"https:\/\/www.intellectualsovereignty.ch\/wp-content\/uploads\/2020\/09\/IMG_1410-1024x396.jpeg\" alt=\"\" data-id=\"1406\" data-full-url=\"https:\/\/www.intellectualsovereignty.ch\/wp-content\/uploads\/2020\/09\/IMG_1410-scaled.jpeg\" data-link=\"https:\/\/www.intellectualsovereignty.ch\/index.php\/2020\/09\/04\/hike-38-brienzer-rothorn-harder-kulm\/img_1410\/\" class=\"wp-image-1406\" srcset=\"https:\/\/www.intellectualsovereignty.ch\/wp-content\/uploads\/2020\/09\/IMG_1410-1024x396.jpeg 1024w, https:\/\/www.intellectualsovereignty.ch\/wp-content\/uploads\/2020\/09\/IMG_1410-300x116.jpeg 300w, https:\/\/www.intellectualsovereignty.ch\/wp-content\/uploads\/2020\/09\/IMG_1410-768x297.jpeg 768w, https:\/\/www.intellectualsovereignty.ch\/wp-content\/uploads\/2020\/09\/IMG_1410-1536x594.jpeg 1536w, https:\/\/www.intellectualsovereignty.ch\/wp-content\/uploads\/2020\/09\/IMG_1410-2048x792.jpeg 2048w, https:\/\/www.intellectualsovereignty.ch\/wp-content\/uploads\/2020\/09\/IMG_1410-1870x723.jpeg 1870w, https:\/\/www.intellectualsovereignty.ch\/wp-content\/uploads\/2020\/09\/IMG_1410-400x155.jpeg 400w, https:\/\/www.intellectualsovereignty.ch\/wp-content\/uploads\/2020\/09\/IMG_1410-800x309.jpeg 800w\" sizes=\"auto, (max-width: 1024px) 100vw, 1024px\" \/><\/figure><\/li><li class=\"blocks-gallery-item\"><figure><img loading=\"lazy\" decoding=\"async\" width=\"768\" height=\"1024\" data-attachment-id=\"1407\" data-permalink=\"https:\/\/www.intellectualsovereignty.ch\/index.php\/2020\/09\/04\/hike-38-brienzer-rothorn-harder-kulm\/img_1411\/\" data-orig-file=\"https:\/\/www.intellectualsovereignty.ch\/wp-content\/uploads\/2020\/09\/IMG_1411-scaled.jpeg\" data-orig-size=\"1920,2560\" data-comments-opened=\"0\" data-image-title=\"IMG_1411\" data-image-description=\"\" data-image-caption=\"\" data-large-file=\"https:\/\/www.intellectualsovereignty.ch\/wp-content\/uploads\/2020\/09\/IMG_1411-768x1024.jpeg\" src=\"https:\/\/www.intellectualsovereignty.ch\/wp-content\/uploads\/2020\/09\/IMG_1411-768x1024.jpeg\" alt=\"\" data-id=\"1407\" data-full-url=\"https:\/\/www.intellectualsovereignty.ch\/wp-content\/uploads\/2020\/09\/IMG_1411-scaled.jpeg\" data-link=\"https:\/\/www.intellectualsovereignty.ch\/index.php\/2020\/09\/04\/hike-38-brienzer-rothorn-harder-kulm\/img_1411\/\" class=\"wp-image-1407\" srcset=\"https:\/\/www.intellectualsovereignty.ch\/wp-content\/uploads\/2020\/09\/IMG_1411-768x1024.jpeg 768w, https:\/\/www.intellectualsovereignty.ch\/wp-content\/uploads\/2020\/09\/IMG_1411-225x300.jpeg 225w, https:\/\/www.intellectualsovereignty.ch\/wp-content\/uploads\/2020\/09\/IMG_1411-1152x1536.jpeg 1152w, https:\/\/www.intellectualsovereignty.ch\/wp-content\/uploads\/2020\/09\/IMG_1411-1536x2048.jpeg 1536w, https:\/\/www.intellectualsovereignty.ch\/wp-content\/uploads\/2020\/09\/IMG_1411-1870x2493.jpeg 1870w, https:\/\/www.intellectualsovereignty.ch\/wp-content\/uploads\/2020\/09\/IMG_1411-400x533.jpeg 400w, https:\/\/www.intellectualsovereignty.ch\/wp-content\/uploads\/2020\/09\/IMG_1411-800x1067.jpeg 800w, https:\/\/www.intellectualsovereignty.ch\/wp-content\/uploads\/2020\/09\/IMG_1411-scaled.jpeg 1920w\" sizes=\"auto, (max-width: 768px) 100vw, 768px\" \/><\/figure><\/li><li class=\"blocks-gallery-item\"><figure><img loading=\"lazy\" decoding=\"async\" width=\"1024\" height=\"768\" data-attachment-id=\"1408\" data-permalink=\"https:\/\/www.intellectualsovereignty.ch\/index.php\/2020\/09\/04\/hike-38-brienzer-rothorn-harder-kulm\/img_1412\/\" data-orig-file=\"https:\/\/www.intellectualsovereignty.ch\/wp-content\/uploads\/2020\/09\/IMG_1412-scaled.jpeg\" data-orig-size=\"2560,1920\" data-comments-opened=\"0\" data-image-title=\"IMG_1412\" data-image-description=\"\" data-image-caption=\"\" data-large-file=\"https:\/\/www.intellectualsovereignty.ch\/wp-content\/uploads\/2020\/09\/IMG_1412-1024x768.jpeg\" src=\"https:\/\/www.intellectualsovereignty.ch\/wp-content\/uploads\/2020\/09\/IMG_1412-1024x768.jpeg\" alt=\"\" data-id=\"1408\" data-full-url=\"https:\/\/www.intellectualsovereignty.ch\/wp-content\/uploads\/2020\/09\/IMG_1412-scaled.jpeg\" data-link=\"https:\/\/www.intellectualsovereignty.ch\/index.php\/2020\/09\/04\/hike-38-brienzer-rothorn-harder-kulm\/img_1412\/\" class=\"wp-image-1408\" srcset=\"https:\/\/www.intellectualsovereignty.ch\/wp-content\/uploads\/2020\/09\/IMG_1412-1024x768.jpeg 1024w, https:\/\/www.intellectualsovereignty.ch\/wp-content\/uploads\/2020\/09\/IMG_1412-300x225.jpeg 300w, https:\/\/www.intellectualsovereignty.ch\/wp-content\/uploads\/2020\/09\/IMG_1412-768x576.jpeg 768w, https:\/\/www.intellectualsovereignty.ch\/wp-content\/uploads\/2020\/09\/IMG_1412-1536x1152.jpeg 1536w, https:\/\/www.intellectualsovereignty.ch\/wp-content\/uploads\/2020\/09\/IMG_1412-2048x1536.jpeg 2048w, https:\/\/www.intellectualsovereignty.ch\/wp-content\/uploads\/2020\/09\/IMG_1412-1870x1403.jpeg 1870w, https:\/\/www.intellectualsovereignty.ch\/wp-content\/uploads\/2020\/09\/IMG_1412-400x300.jpeg 400w, https:\/\/www.intellectualsovereignty.ch\/wp-content\/uploads\/2020\/09\/IMG_1412-800x600.jpeg 800w\" sizes=\"auto, (max-width: 1024px) 100vw, 1024px\" \/><\/figure><\/li><li class=\"blocks-gallery-item\"><figure><img loading=\"lazy\" decoding=\"async\" width=\"768\" height=\"1024\" data-attachment-id=\"1409\" data-permalink=\"https:\/\/www.intellectualsovereignty.ch\/index.php\/2020\/09\/04\/hike-38-brienzer-rothorn-harder-kulm\/img_1413\/\" data-orig-file=\"https:\/\/www.intellectualsovereignty.ch\/wp-content\/uploads\/2020\/09\/IMG_1413-scaled.jpeg\" data-orig-size=\"1920,2560\" data-comments-opened=\"0\" data-image-title=\"IMG_1413\" data-image-description=\"\" data-image-caption=\"\" data-large-file=\"https:\/\/www.intellectualsovereignty.ch\/wp-content\/uploads\/2020\/09\/IMG_1413-768x1024.jpeg\" src=\"https:\/\/www.intellectualsovereignty.ch\/wp-content\/uploads\/2020\/09\/IMG_1413-768x1024.jpeg\" alt=\"\" data-id=\"1409\" data-full-url=\"https:\/\/www.intellectualsovereignty.ch\/wp-content\/uploads\/2020\/09\/IMG_1413-scaled.jpeg\" data-link=\"https:\/\/www.intellectualsovereignty.ch\/index.php\/2020\/09\/04\/hike-38-brienzer-rothorn-harder-kulm\/img_1413\/\" class=\"wp-image-1409\" srcset=\"https:\/\/www.intellectualsovereignty.ch\/wp-content\/uploads\/2020\/09\/IMG_1413-768x1024.jpeg 768w, https:\/\/www.intellectualsovereignty.ch\/wp-content\/uploads\/2020\/09\/IMG_1413-225x300.jpeg 225w, https:\/\/www.intellectualsovereignty.ch\/wp-content\/uploads\/2020\/09\/IMG_1413-1152x1536.jpeg 1152w, https:\/\/www.intellectualsovereignty.ch\/wp-content\/uploads\/2020\/09\/IMG_1413-1536x2048.jpeg 1536w, https:\/\/www.intellectualsovereignty.ch\/wp-content\/uploads\/2020\/09\/IMG_1413-1870x2493.jpeg 1870w, https:\/\/www.intellectualsovereignty.ch\/wp-content\/uploads\/2020\/09\/IMG_1413-400x533.jpeg 400w, https:\/\/www.intellectualsovereignty.ch\/wp-content\/uploads\/2020\/09\/IMG_1413-800x1067.jpeg 800w, https:\/\/www.intellectualsovereignty.ch\/wp-content\/uploads\/2020\/09\/IMG_1413-scaled.jpeg 1920w\" sizes=\"auto, (max-width: 768px) 100vw, 768px\" \/><\/figure><\/li><li class=\"blocks-gallery-item\"><figure><img loading=\"lazy\" decoding=\"async\" width=\"1024\" height=\"768\" data-attachment-id=\"1410\" data-permalink=\"https:\/\/www.intellectualsovereignty.ch\/index.php\/2020\/09\/04\/hike-38-brienzer-rothorn-harder-kulm\/img_1414\/\" data-orig-file=\"https:\/\/www.intellectualsovereignty.ch\/wp-content\/uploads\/2020\/09\/IMG_1414-scaled.jpeg\" data-orig-size=\"2560,1920\" data-comments-opened=\"0\" data-image-title=\"IMG_1414\" data-image-description=\"\" data-image-caption=\"\" data-large-file=\"https:\/\/www.intellectualsovereignty.ch\/wp-content\/uploads\/2020\/09\/IMG_1414-1024x768.jpeg\" src=\"https:\/\/www.intellectualsovereignty.ch\/wp-content\/uploads\/2020\/09\/IMG_1414-1024x768.jpeg\" alt=\"\" data-id=\"1410\" data-full-url=\"https:\/\/www.intellectualsovereignty.ch\/wp-content\/uploads\/2020\/09\/IMG_1414-scaled.jpeg\" data-link=\"https:\/\/www.intellectualsovereignty.ch\/index.php\/2020\/09\/04\/hike-38-brienzer-rothorn-harder-kulm\/img_1414\/\" class=\"wp-image-1410\" srcset=\"https:\/\/www.intellectualsovereignty.ch\/wp-content\/uploads\/2020\/09\/IMG_1414-1024x768.jpeg 1024w, https:\/\/www.intellectualsovereignty.ch\/wp-content\/uploads\/2020\/09\/IMG_1414-300x225.jpeg 300w, https:\/\/www.intellectualsovereignty.ch\/wp-content\/uploads\/2020\/09\/IMG_1414-768x576.jpeg 768w, https:\/\/www.intellectualsovereignty.ch\/wp-content\/uploads\/2020\/09\/IMG_1414-1536x1152.jpeg 1536w, https:\/\/www.intellectualsovereignty.ch\/wp-content\/uploads\/2020\/09\/IMG_1414-2048x1536.jpeg 2048w, https:\/\/www.intellectualsovereignty.ch\/wp-content\/uploads\/2020\/09\/IMG_1414-1870x1403.jpeg 1870w, https:\/\/www.intellectualsovereignty.ch\/wp-content\/uploads\/2020\/09\/IMG_1414-400x300.jpeg 400w, https:\/\/www.intellectualsovereignty.ch\/wp-content\/uploads\/2020\/09\/IMG_1414-800x600.jpeg 800w\" sizes=\"auto, (max-width: 1024px) 100vw, 1024px\" \/><\/figure><\/li><li class=\"blocks-gallery-item\"><figure><img loading=\"lazy\" decoding=\"async\" width=\"1024\" height=\"687\" data-attachment-id=\"1411\" data-permalink=\"https:\/\/www.intellectualsovereignty.ch\/index.php\/2020\/09\/04\/hike-38-brienzer-rothorn-harder-kulm\/img_1415\/\" data-orig-file=\"https:\/\/www.intellectualsovereignty.ch\/wp-content\/uploads\/2020\/09\/IMG_1415-scaled.jpeg\" data-orig-size=\"2560,1718\" data-comments-opened=\"0\" data-image-title=\"IMG_1415\" data-image-description=\"\" data-image-caption=\"\" data-large-file=\"https:\/\/www.intellectualsovereignty.ch\/wp-content\/uploads\/2020\/09\/IMG_1415-1024x687.jpeg\" src=\"https:\/\/www.intellectualsovereignty.ch\/wp-content\/uploads\/2020\/09\/IMG_1415-1024x687.jpeg\" alt=\"\" data-id=\"1411\" data-full-url=\"https:\/\/www.intellectualsovereignty.ch\/wp-content\/uploads\/2020\/09\/IMG_1415-scaled.jpeg\" data-link=\"https:\/\/www.intellectualsovereignty.ch\/index.php\/2020\/09\/04\/hike-38-brienzer-rothorn-harder-kulm\/img_1415\/\" class=\"wp-image-1411\" srcset=\"https:\/\/www.intellectualsovereignty.ch\/wp-content\/uploads\/2020\/09\/IMG_1415-1024x687.jpeg 1024w, https:\/\/www.intellectualsovereignty.ch\/wp-content\/uploads\/2020\/09\/IMG_1415-300x201.jpeg 300w, https:\/\/www.intellectualsovereignty.ch\/wp-content\/uploads\/2020\/09\/IMG_1415-768x515.jpeg 768w, https:\/\/www.intellectualsovereignty.ch\/wp-content\/uploads\/2020\/09\/IMG_1415-1536x1031.jpeg 1536w, https:\/\/www.intellectualsovereignty.ch\/wp-content\/uploads\/2020\/09\/IMG_1415-2048x1375.jpeg 2048w, https:\/\/www.intellectualsovereignty.ch\/wp-content\/uploads\/2020\/09\/IMG_1415-1870x1255.jpeg 1870w, https:\/\/www.intellectualsovereignty.ch\/wp-content\/uploads\/2020\/09\/IMG_1415-400x268.jpeg 400w, https:\/\/www.intellectualsovereignty.ch\/wp-content\/uploads\/2020\/09\/IMG_1415-800x537.jpeg 800w\" sizes=\"auto, (max-width: 1024px) 100vw, 1024px\" \/><\/figure><\/li><\/ul><\/figure>\n\n\n\n<p class=\"wp-block-paragraph\">Die Aussicht ist ph\u00e4nomenal und die kurze Pause haben wir uns redlich verdient. Die Sonne brennt unbarmherzig und als n\u00e4chstes Etappenziel machen wir das Augstmatthorn aus. Beim Gummhorn ist aber wieder eine Pause f\u00e4llig, da Oli und Martin kurz f\u00fcr Trinkwasser zu einer Alp absteigen.<\/p>\n\n\n\n<figure class=\"wp-block-gallery columns-3 is-cropped wp-block-gallery-5 is-layout-flex wp-block-gallery-is-layout-flex\"><ul class=\"blocks-gallery-grid\"><li class=\"blocks-gallery-item\"><figure><img loading=\"lazy\" decoding=\"async\" width=\"1024\" height=\"768\" data-attachment-id=\"1412\" data-permalink=\"https:\/\/www.intellectualsovereignty.ch\/index.php\/2020\/09\/04\/hike-38-brienzer-rothorn-harder-kulm\/img_1416\/\" data-orig-file=\"https:\/\/www.intellectualsovereignty.ch\/wp-content\/uploads\/2020\/09\/IMG_1416-scaled.jpeg\" data-orig-size=\"2560,1920\" data-comments-opened=\"0\" data-image-title=\"IMG_1416\" data-image-description=\"\" data-image-caption=\"\" data-large-file=\"https:\/\/www.intellectualsovereignty.ch\/wp-content\/uploads\/2020\/09\/IMG_1416-1024x768.jpeg\" src=\"https:\/\/www.intellectualsovereignty.ch\/wp-content\/uploads\/2020\/09\/IMG_1416-1024x768.jpeg\" alt=\"\" data-id=\"1412\" data-full-url=\"https:\/\/www.intellectualsovereignty.ch\/wp-content\/uploads\/2020\/09\/IMG_1416-scaled.jpeg\" data-link=\"https:\/\/www.intellectualsovereignty.ch\/index.php\/2020\/09\/04\/hike-38-brienzer-rothorn-harder-kulm\/img_1416\/\" class=\"wp-image-1412\" srcset=\"https:\/\/www.intellectualsovereignty.ch\/wp-content\/uploads\/2020\/09\/IMG_1416-1024x768.jpeg 1024w, https:\/\/www.intellectualsovereignty.ch\/wp-content\/uploads\/2020\/09\/IMG_1416-300x225.jpeg 300w, https:\/\/www.intellectualsovereignty.ch\/wp-content\/uploads\/2020\/09\/IMG_1416-768x576.jpeg 768w, https:\/\/www.intellectualsovereignty.ch\/wp-content\/uploads\/2020\/09\/IMG_1416-1536x1152.jpeg 1536w, https:\/\/www.intellectualsovereignty.ch\/wp-content\/uploads\/2020\/09\/IMG_1416-2048x1536.jpeg 2048w, https:\/\/www.intellectualsovereignty.ch\/wp-content\/uploads\/2020\/09\/IMG_1416-1870x1403.jpeg 1870w, https:\/\/www.intellectualsovereignty.ch\/wp-content\/uploads\/2020\/09\/IMG_1416-400x300.jpeg 400w, https:\/\/www.intellectualsovereignty.ch\/wp-content\/uploads\/2020\/09\/IMG_1416-800x600.jpeg 800w\" sizes=\"auto, (max-width: 1024px) 100vw, 1024px\" \/><\/figure><\/li><li class=\"blocks-gallery-item\"><figure><img loading=\"lazy\" decoding=\"async\" width=\"1024\" height=\"768\" data-attachment-id=\"1413\" data-permalink=\"https:\/\/www.intellectualsovereignty.ch\/index.php\/2020\/09\/04\/hike-38-brienzer-rothorn-harder-kulm\/img_1417\/\" data-orig-file=\"https:\/\/www.intellectualsovereignty.ch\/wp-content\/uploads\/2020\/09\/IMG_1417-scaled.jpeg\" data-orig-size=\"2560,1920\" data-comments-opened=\"0\" data-image-title=\"IMG_1417\" data-image-description=\"\" data-image-caption=\"\" data-large-file=\"https:\/\/www.intellectualsovereignty.ch\/wp-content\/uploads\/2020\/09\/IMG_1417-1024x768.jpeg\" src=\"https:\/\/www.intellectualsovereignty.ch\/wp-content\/uploads\/2020\/09\/IMG_1417-1024x768.jpeg\" alt=\"\" data-id=\"1413\" data-full-url=\"https:\/\/www.intellectualsovereignty.ch\/wp-content\/uploads\/2020\/09\/IMG_1417-scaled.jpeg\" data-link=\"https:\/\/www.intellectualsovereignty.ch\/index.php\/2020\/09\/04\/hike-38-brienzer-rothorn-harder-kulm\/img_1417\/\" class=\"wp-image-1413\" srcset=\"https:\/\/www.intellectualsovereignty.ch\/wp-content\/uploads\/2020\/09\/IMG_1417-1024x768.jpeg 1024w, https:\/\/www.intellectualsovereignty.ch\/wp-content\/uploads\/2020\/09\/IMG_1417-300x225.jpeg 300w, https:\/\/www.intellectualsovereignty.ch\/wp-content\/uploads\/2020\/09\/IMG_1417-768x576.jpeg 768w, https:\/\/www.intellectualsovereignty.ch\/wp-content\/uploads\/2020\/09\/IMG_1417-1536x1152.jpeg 1536w, https:\/\/www.intellectualsovereignty.ch\/wp-content\/uploads\/2020\/09\/IMG_1417-2048x1536.jpeg 2048w, https:\/\/www.intellectualsovereignty.ch\/wp-content\/uploads\/2020\/09\/IMG_1417-1870x1403.jpeg 1870w, https:\/\/www.intellectualsovereignty.ch\/wp-content\/uploads\/2020\/09\/IMG_1417-400x300.jpeg 400w, https:\/\/www.intellectualsovereignty.ch\/wp-content\/uploads\/2020\/09\/IMG_1417-800x600.jpeg 800w\" sizes=\"auto, (max-width: 1024px) 100vw, 1024px\" \/><\/figure><\/li><li class=\"blocks-gallery-item\"><figure><img loading=\"lazy\" decoding=\"async\" width=\"1024\" height=\"768\" data-attachment-id=\"1414\" data-permalink=\"https:\/\/www.intellectualsovereignty.ch\/index.php\/2020\/09\/04\/hike-38-brienzer-rothorn-harder-kulm\/img_1418\/\" data-orig-file=\"https:\/\/www.intellectualsovereignty.ch\/wp-content\/uploads\/2020\/09\/IMG_1418-scaled.jpeg\" data-orig-size=\"2560,1920\" data-comments-opened=\"0\" data-image-title=\"IMG_1418\" data-image-description=\"\" data-image-caption=\"\" data-large-file=\"https:\/\/www.intellectualsovereignty.ch\/wp-content\/uploads\/2020\/09\/IMG_1418-1024x768.jpeg\" src=\"https:\/\/www.intellectualsovereignty.ch\/wp-content\/uploads\/2020\/09\/IMG_1418-1024x768.jpeg\" alt=\"\" data-id=\"1414\" data-full-url=\"https:\/\/www.intellectualsovereignty.ch\/wp-content\/uploads\/2020\/09\/IMG_1418-scaled.jpeg\" data-link=\"https:\/\/www.intellectualsovereignty.ch\/index.php\/2020\/09\/04\/hike-38-brienzer-rothorn-harder-kulm\/img_1418\/\" class=\"wp-image-1414\" srcset=\"https:\/\/www.intellectualsovereignty.ch\/wp-content\/uploads\/2020\/09\/IMG_1418-1024x768.jpeg 1024w, https:\/\/www.intellectualsovereignty.ch\/wp-content\/uploads\/2020\/09\/IMG_1418-300x225.jpeg 300w, https:\/\/www.intellectualsovereignty.ch\/wp-content\/uploads\/2020\/09\/IMG_1418-768x576.jpeg 768w, https:\/\/www.intellectualsovereignty.ch\/wp-content\/uploads\/2020\/09\/IMG_1418-1536x1152.jpeg 1536w, https:\/\/www.intellectualsovereignty.ch\/wp-content\/uploads\/2020\/09\/IMG_1418-2048x1536.jpeg 2048w, https:\/\/www.intellectualsovereignty.ch\/wp-content\/uploads\/2020\/09\/IMG_1418-1870x1403.jpeg 1870w, https:\/\/www.intellectualsovereignty.ch\/wp-content\/uploads\/2020\/09\/IMG_1418-400x300.jpeg 400w, https:\/\/www.intellectualsovereignty.ch\/wp-content\/uploads\/2020\/09\/IMG_1418-800x600.jpeg 800w\" sizes=\"auto, (max-width: 1024px) 100vw, 1024px\" \/><\/figure><\/li><li class=\"blocks-gallery-item\"><figure><img loading=\"lazy\" decoding=\"async\" width=\"1024\" height=\"768\" data-attachment-id=\"1415\" data-permalink=\"https:\/\/www.intellectualsovereignty.ch\/index.php\/2020\/09\/04\/hike-38-brienzer-rothorn-harder-kulm\/img_1419\/\" data-orig-file=\"https:\/\/www.intellectualsovereignty.ch\/wp-content\/uploads\/2020\/09\/IMG_1419-scaled.jpeg\" data-orig-size=\"2560,1920\" data-comments-opened=\"0\" data-image-title=\"IMG_1419\" data-image-description=\"\" data-image-caption=\"\" data-large-file=\"https:\/\/www.intellectualsovereignty.ch\/wp-content\/uploads\/2020\/09\/IMG_1419-1024x768.jpeg\" src=\"https:\/\/www.intellectualsovereignty.ch\/wp-content\/uploads\/2020\/09\/IMG_1419-1024x768.jpeg\" alt=\"\" data-id=\"1415\" data-full-url=\"https:\/\/www.intellectualsovereignty.ch\/wp-content\/uploads\/2020\/09\/IMG_1419-scaled.jpeg\" data-link=\"https:\/\/www.intellectualsovereignty.ch\/index.php\/2020\/09\/04\/hike-38-brienzer-rothorn-harder-kulm\/img_1419\/\" class=\"wp-image-1415\" srcset=\"https:\/\/www.intellectualsovereignty.ch\/wp-content\/uploads\/2020\/09\/IMG_1419-1024x768.jpeg 1024w, https:\/\/www.intellectualsovereignty.ch\/wp-content\/uploads\/2020\/09\/IMG_1419-300x225.jpeg 300w, https:\/\/www.intellectualsovereignty.ch\/wp-content\/uploads\/2020\/09\/IMG_1419-768x576.jpeg 768w, https:\/\/www.intellectualsovereignty.ch\/wp-content\/uploads\/2020\/09\/IMG_1419-1536x1152.jpeg 1536w, https:\/\/www.intellectualsovereignty.ch\/wp-content\/uploads\/2020\/09\/IMG_1419-2048x1536.jpeg 2048w, https:\/\/www.intellectualsovereignty.ch\/wp-content\/uploads\/2020\/09\/IMG_1419-1870x1403.jpeg 1870w, https:\/\/www.intellectualsovereignty.ch\/wp-content\/uploads\/2020\/09\/IMG_1419-400x300.jpeg 400w, https:\/\/www.intellectualsovereignty.ch\/wp-content\/uploads\/2020\/09\/IMG_1419-800x600.jpeg 800w\" sizes=\"auto, (max-width: 1024px) 100vw, 1024px\" \/><\/figure><\/li><li class=\"blocks-gallery-item\"><figure><img loading=\"lazy\" decoding=\"async\" width=\"1024\" height=\"768\" data-attachment-id=\"1416\" data-permalink=\"https:\/\/www.intellectualsovereignty.ch\/index.php\/2020\/09\/04\/hike-38-brienzer-rothorn-harder-kulm\/img_1420\/\" data-orig-file=\"https:\/\/www.intellectualsovereignty.ch\/wp-content\/uploads\/2020\/09\/IMG_1420-scaled.jpeg\" data-orig-size=\"2560,1920\" data-comments-opened=\"0\" data-image-title=\"IMG_1420\" data-image-description=\"\" data-image-caption=\"\" data-large-file=\"https:\/\/www.intellectualsovereignty.ch\/wp-content\/uploads\/2020\/09\/IMG_1420-1024x768.jpeg\" src=\"https:\/\/www.intellectualsovereignty.ch\/wp-content\/uploads\/2020\/09\/IMG_1420-1024x768.jpeg\" alt=\"\" data-id=\"1416\" data-full-url=\"https:\/\/www.intellectualsovereignty.ch\/wp-content\/uploads\/2020\/09\/IMG_1420-scaled.jpeg\" data-link=\"https:\/\/www.intellectualsovereignty.ch\/index.php\/2020\/09\/04\/hike-38-brienzer-rothorn-harder-kulm\/img_1420\/\" class=\"wp-image-1416\" srcset=\"https:\/\/www.intellectualsovereignty.ch\/wp-content\/uploads\/2020\/09\/IMG_1420-1024x768.jpeg 1024w, https:\/\/www.intellectualsovereignty.ch\/wp-content\/uploads\/2020\/09\/IMG_1420-300x225.jpeg 300w, https:\/\/www.intellectualsovereignty.ch\/wp-content\/uploads\/2020\/09\/IMG_1420-768x576.jpeg 768w, https:\/\/www.intellectualsovereignty.ch\/wp-content\/uploads\/2020\/09\/IMG_1420-1536x1152.jpeg 1536w, https:\/\/www.intellectualsovereignty.ch\/wp-content\/uploads\/2020\/09\/IMG_1420-2048x1536.jpeg 2048w, https:\/\/www.intellectualsovereignty.ch\/wp-content\/uploads\/2020\/09\/IMG_1420-1870x1403.jpeg 1870w, https:\/\/www.intellectualsovereignty.ch\/wp-content\/uploads\/2020\/09\/IMG_1420-400x300.jpeg 400w, https:\/\/www.intellectualsovereignty.ch\/wp-content\/uploads\/2020\/09\/IMG_1420-800x600.jpeg 800w\" sizes=\"auto, (max-width: 1024px) 100vw, 1024px\" \/><\/figure><\/li><li class=\"blocks-gallery-item\"><figure><img loading=\"lazy\" decoding=\"async\" width=\"1024\" height=\"768\" data-attachment-id=\"1417\" data-permalink=\"https:\/\/www.intellectualsovereignty.ch\/index.php\/2020\/09\/04\/hike-38-brienzer-rothorn-harder-kulm\/img_1421\/\" data-orig-file=\"https:\/\/www.intellectualsovereignty.ch\/wp-content\/uploads\/2020\/09\/IMG_1421-scaled.jpeg\" data-orig-size=\"2560,1920\" data-comments-opened=\"0\" data-image-title=\"IMG_1421\" data-image-description=\"\" data-image-caption=\"\" data-large-file=\"https:\/\/www.intellectualsovereignty.ch\/wp-content\/uploads\/2020\/09\/IMG_1421-1024x768.jpeg\" src=\"https:\/\/www.intellectualsovereignty.ch\/wp-content\/uploads\/2020\/09\/IMG_1421-1024x768.jpeg\" alt=\"\" data-id=\"1417\" data-full-url=\"https:\/\/www.intellectualsovereignty.ch\/wp-content\/uploads\/2020\/09\/IMG_1421-scaled.jpeg\" data-link=\"https:\/\/www.intellectualsovereignty.ch\/index.php\/2020\/09\/04\/hike-38-brienzer-rothorn-harder-kulm\/img_1421\/\" class=\"wp-image-1417\" srcset=\"https:\/\/www.intellectualsovereignty.ch\/wp-content\/uploads\/2020\/09\/IMG_1421-1024x768.jpeg 1024w, https:\/\/www.intellectualsovereignty.ch\/wp-content\/uploads\/2020\/09\/IMG_1421-300x225.jpeg 300w, https:\/\/www.intellectualsovereignty.ch\/wp-content\/uploads\/2020\/09\/IMG_1421-768x576.jpeg 768w, https:\/\/www.intellectualsovereignty.ch\/wp-content\/uploads\/2020\/09\/IMG_1421-1536x1152.jpeg 1536w, https:\/\/www.intellectualsovereignty.ch\/wp-content\/uploads\/2020\/09\/IMG_1421-2048x1536.jpeg 2048w, https:\/\/www.intellectualsovereignty.ch\/wp-content\/uploads\/2020\/09\/IMG_1421-1870x1403.jpeg 1870w, https:\/\/www.intellectualsovereignty.ch\/wp-content\/uploads\/2020\/09\/IMG_1421-400x300.jpeg 400w, https:\/\/www.intellectualsovereignty.ch\/wp-content\/uploads\/2020\/09\/IMG_1421-800x600.jpeg 800w\" sizes=\"auto, (max-width: 1024px) 100vw, 1024px\" \/><\/figure><\/li><li class=\"blocks-gallery-item\"><figure><img loading=\"lazy\" decoding=\"async\" width=\"1024\" height=\"367\" data-attachment-id=\"1418\" data-permalink=\"https:\/\/www.intellectualsovereignty.ch\/index.php\/2020\/09\/04\/hike-38-brienzer-rothorn-harder-kulm\/img_1422\/\" data-orig-file=\"https:\/\/www.intellectualsovereignty.ch\/wp-content\/uploads\/2020\/09\/IMG_1422-scaled.jpeg\" data-orig-size=\"2560,918\" data-comments-opened=\"0\" data-image-title=\"IMG_1422\" data-image-description=\"\" data-image-caption=\"\" data-large-file=\"https:\/\/www.intellectualsovereignty.ch\/wp-content\/uploads\/2020\/09\/IMG_1422-1024x367.jpeg\" src=\"https:\/\/www.intellectualsovereignty.ch\/wp-content\/uploads\/2020\/09\/IMG_1422-1024x367.jpeg\" alt=\"\" data-id=\"1418\" data-full-url=\"https:\/\/www.intellectualsovereignty.ch\/wp-content\/uploads\/2020\/09\/IMG_1422-scaled.jpeg\" data-link=\"https:\/\/www.intellectualsovereignty.ch\/index.php\/2020\/09\/04\/hike-38-brienzer-rothorn-harder-kulm\/img_1422\/\" class=\"wp-image-1418\" srcset=\"https:\/\/www.intellectualsovereignty.ch\/wp-content\/uploads\/2020\/09\/IMG_1422-1024x367.jpeg 1024w, https:\/\/www.intellectualsovereignty.ch\/wp-content\/uploads\/2020\/09\/IMG_1422-300x108.jpeg 300w, https:\/\/www.intellectualsovereignty.ch\/wp-content\/uploads\/2020\/09\/IMG_1422-768x275.jpeg 768w, https:\/\/www.intellectualsovereignty.ch\/wp-content\/uploads\/2020\/09\/IMG_1422-1536x551.jpeg 1536w, https:\/\/www.intellectualsovereignty.ch\/wp-content\/uploads\/2020\/09\/IMG_1422-2048x734.jpeg 2048w, https:\/\/www.intellectualsovereignty.ch\/wp-content\/uploads\/2020\/09\/IMG_1422-1870x670.jpeg 1870w, https:\/\/www.intellectualsovereignty.ch\/wp-content\/uploads\/2020\/09\/IMG_1422-400x143.jpeg 400w, https:\/\/www.intellectualsovereignty.ch\/wp-content\/uploads\/2020\/09\/IMG_1422-800x287.jpeg 800w\" sizes=\"auto, (max-width: 1024px) 100vw, 1024px\" \/><\/figure><\/li><li class=\"blocks-gallery-item\"><figure><img loading=\"lazy\" decoding=\"async\" width=\"749\" height=\"1024\" data-attachment-id=\"1419\" data-permalink=\"https:\/\/www.intellectualsovereignty.ch\/index.php\/2020\/09\/04\/hike-38-brienzer-rothorn-harder-kulm\/img_1423\/\" data-orig-file=\"https:\/\/www.intellectualsovereignty.ch\/wp-content\/uploads\/2020\/09\/IMG_1423-scaled.jpeg\" data-orig-size=\"1873,2560\" data-comments-opened=\"0\" data-image-title=\"IMG_1423\" data-image-description=\"\" data-image-caption=\"\" data-large-file=\"https:\/\/www.intellectualsovereignty.ch\/wp-content\/uploads\/2020\/09\/IMG_1423-749x1024.jpeg\" src=\"https:\/\/www.intellectualsovereignty.ch\/wp-content\/uploads\/2020\/09\/IMG_1423-749x1024.jpeg\" alt=\"\" data-id=\"1419\" data-full-url=\"https:\/\/www.intellectualsovereignty.ch\/wp-content\/uploads\/2020\/09\/IMG_1423-scaled.jpeg\" data-link=\"https:\/\/www.intellectualsovereignty.ch\/index.php\/2020\/09\/04\/hike-38-brienzer-rothorn-harder-kulm\/img_1423\/\" class=\"wp-image-1419\" srcset=\"https:\/\/www.intellectualsovereignty.ch\/wp-content\/uploads\/2020\/09\/IMG_1423-749x1024.jpeg 749w, https:\/\/www.intellectualsovereignty.ch\/wp-content\/uploads\/2020\/09\/IMG_1423-219x300.jpeg 219w, https:\/\/www.intellectualsovereignty.ch\/wp-content\/uploads\/2020\/09\/IMG_1423-768x1050.jpeg 768w, https:\/\/www.intellectualsovereignty.ch\/wp-content\/uploads\/2020\/09\/IMG_1423-1124x1536.jpeg 1124w, https:\/\/www.intellectualsovereignty.ch\/wp-content\/uploads\/2020\/09\/IMG_1423-1498x2048.jpeg 1498w, https:\/\/www.intellectualsovereignty.ch\/wp-content\/uploads\/2020\/09\/IMG_1423-1870x2556.jpeg 1870w, https:\/\/www.intellectualsovereignty.ch\/wp-content\/uploads\/2020\/09\/IMG_1423-400x547.jpeg 400w, https:\/\/www.intellectualsovereignty.ch\/wp-content\/uploads\/2020\/09\/IMG_1423-800x1094.jpeg 800w, https:\/\/www.intellectualsovereignty.ch\/wp-content\/uploads\/2020\/09\/IMG_1423-scaled.jpeg 1873w\" sizes=\"auto, (max-width: 749px) 100vw, 749px\" \/><\/figure><\/li><li class=\"blocks-gallery-item\"><figure><img loading=\"lazy\" decoding=\"async\" width=\"768\" height=\"1024\" data-attachment-id=\"1420\" data-permalink=\"https:\/\/www.intellectualsovereignty.ch\/index.php\/2020\/09\/04\/hike-38-brienzer-rothorn-harder-kulm\/img_1424\/\" data-orig-file=\"https:\/\/www.intellectualsovereignty.ch\/wp-content\/uploads\/2020\/09\/IMG_1424-scaled.jpeg\" data-orig-size=\"1920,2560\" data-comments-opened=\"0\" data-image-title=\"IMG_1424\" data-image-description=\"\" data-image-caption=\"\" data-large-file=\"https:\/\/www.intellectualsovereignty.ch\/wp-content\/uploads\/2020\/09\/IMG_1424-768x1024.jpeg\" src=\"https:\/\/www.intellectualsovereignty.ch\/wp-content\/uploads\/2020\/09\/IMG_1424-768x1024.jpeg\" alt=\"\" data-id=\"1420\" data-full-url=\"https:\/\/www.intellectualsovereignty.ch\/wp-content\/uploads\/2020\/09\/IMG_1424-scaled.jpeg\" data-link=\"https:\/\/www.intellectualsovereignty.ch\/index.php\/2020\/09\/04\/hike-38-brienzer-rothorn-harder-kulm\/img_1424\/\" class=\"wp-image-1420\" srcset=\"https:\/\/www.intellectualsovereignty.ch\/wp-content\/uploads\/2020\/09\/IMG_1424-768x1024.jpeg 768w, https:\/\/www.intellectualsovereignty.ch\/wp-content\/uploads\/2020\/09\/IMG_1424-225x300.jpeg 225w, https:\/\/www.intellectualsovereignty.ch\/wp-content\/uploads\/2020\/09\/IMG_1424-1152x1536.jpeg 1152w, https:\/\/www.intellectualsovereignty.ch\/wp-content\/uploads\/2020\/09\/IMG_1424-1536x2048.jpeg 1536w, https:\/\/www.intellectualsovereignty.ch\/wp-content\/uploads\/2020\/09\/IMG_1424-1870x2493.jpeg 1870w, https:\/\/www.intellectualsovereignty.ch\/wp-content\/uploads\/2020\/09\/IMG_1424-400x533.jpeg 400w, https:\/\/www.intellectualsovereignty.ch\/wp-content\/uploads\/2020\/09\/IMG_1424-800x1067.jpeg 800w, https:\/\/www.intellectualsovereignty.ch\/wp-content\/uploads\/2020\/09\/IMG_1424-scaled.jpeg 1920w\" sizes=\"auto, (max-width: 768px) 100vw, 768px\" \/><\/figure><\/li><li class=\"blocks-gallery-item\"><figure><img loading=\"lazy\" decoding=\"async\" width=\"1024\" height=\"768\" data-attachment-id=\"1421\" data-permalink=\"https:\/\/www.intellectualsovereignty.ch\/index.php\/2020\/09\/04\/hike-38-brienzer-rothorn-harder-kulm\/img_1425\/\" data-orig-file=\"https:\/\/www.intellectualsovereignty.ch\/wp-content\/uploads\/2020\/09\/IMG_1425-scaled.jpeg\" data-orig-size=\"2560,1920\" data-comments-opened=\"0\" data-image-title=\"IMG_1425\" data-image-description=\"\" data-image-caption=\"\" data-large-file=\"https:\/\/www.intellectualsovereignty.ch\/wp-content\/uploads\/2020\/09\/IMG_1425-1024x768.jpeg\" src=\"https:\/\/www.intellectualsovereignty.ch\/wp-content\/uploads\/2020\/09\/IMG_1425-1024x768.jpeg\" alt=\"\" data-id=\"1421\" data-full-url=\"https:\/\/www.intellectualsovereignty.ch\/wp-content\/uploads\/2020\/09\/IMG_1425-scaled.jpeg\" data-link=\"https:\/\/www.intellectualsovereignty.ch\/index.php\/2020\/09\/04\/hike-38-brienzer-rothorn-harder-kulm\/img_1425\/\" class=\"wp-image-1421\" srcset=\"https:\/\/www.intellectualsovereignty.ch\/wp-content\/uploads\/2020\/09\/IMG_1425-1024x768.jpeg 1024w, https:\/\/www.intellectualsovereignty.ch\/wp-content\/uploads\/2020\/09\/IMG_1425-300x225.jpeg 300w, https:\/\/www.intellectualsovereignty.ch\/wp-content\/uploads\/2020\/09\/IMG_1425-768x576.jpeg 768w, https:\/\/www.intellectualsovereignty.ch\/wp-content\/uploads\/2020\/09\/IMG_1425-1536x1152.jpeg 1536w, https:\/\/www.intellectualsovereignty.ch\/wp-content\/uploads\/2020\/09\/IMG_1425-2048x1536.jpeg 2048w, https:\/\/www.intellectualsovereignty.ch\/wp-content\/uploads\/2020\/09\/IMG_1425-1870x1403.jpeg 1870w, https:\/\/www.intellectualsovereignty.ch\/wp-content\/uploads\/2020\/09\/IMG_1425-400x300.jpeg 400w, https:\/\/www.intellectualsovereignty.ch\/wp-content\/uploads\/2020\/09\/IMG_1425-800x600.jpeg 800w\" sizes=\"auto, (max-width: 1024px) 100vw, 1024px\" \/><\/figure><\/li><li class=\"blocks-gallery-item\"><figure><img loading=\"lazy\" decoding=\"async\" width=\"2560\" height=\"612\" data-attachment-id=\"1422\" data-permalink=\"https:\/\/www.intellectualsovereignty.ch\/index.php\/2020\/09\/04\/hike-38-brienzer-rothorn-harder-kulm\/img_1426\/\" data-orig-file=\"https:\/\/www.intellectualsovereignty.ch\/wp-content\/uploads\/2020\/09\/IMG_1426-scaled.jpeg\" data-orig-size=\"2560,612\" data-comments-opened=\"0\" data-image-title=\"IMG_1426\" data-image-description=\"\" data-image-caption=\"\" data-large-file=\"https:\/\/www.intellectualsovereignty.ch\/wp-content\/uploads\/2020\/09\/IMG_1426-1024x245.jpeg\" src=\"https:\/\/i2.wp.com\/www.intellectualsovereignty.ch\/wp-content\/uploads\/2020\/09\/IMG_1426-scaled.jpeg?fit=520%2C124&amp;ssl=1\" alt=\"\" data-id=\"1422\" data-full-url=\"https:\/\/i2.wp.com\/www.intellectualsovereignty.ch\/wp-content\/uploads\/2020\/09\/IMG_1426-scaled.jpeg?fit=2560%2C612&amp;ssl=1\" data-link=\"https:\/\/www.intellectualsovereignty.ch\/index.php\/2020\/09\/04\/hike-38-brienzer-rothorn-harder-kulm\/img_1426\/\" class=\"wp-image-1422\" srcset=\"https:\/\/www.intellectualsovereignty.ch\/wp-content\/uploads\/2020\/09\/IMG_1426-scaled.jpeg 2560w, https:\/\/www.intellectualsovereignty.ch\/wp-content\/uploads\/2020\/09\/IMG_1426-300x72.jpeg 300w, https:\/\/www.intellectualsovereignty.ch\/wp-content\/uploads\/2020\/09\/IMG_1426-1024x245.jpeg 1024w, https:\/\/www.intellectualsovereignty.ch\/wp-content\/uploads\/2020\/09\/IMG_1426-768x184.jpeg 768w, https:\/\/www.intellectualsovereignty.ch\/wp-content\/uploads\/2020\/09\/IMG_1426-1536x367.jpeg 1536w, https:\/\/www.intellectualsovereignty.ch\/wp-content\/uploads\/2020\/09\/IMG_1426-2048x490.jpeg 2048w, https:\/\/www.intellectualsovereignty.ch\/wp-content\/uploads\/2020\/09\/IMG_1426-1870x447.jpeg 1870w, https:\/\/www.intellectualsovereignty.ch\/wp-content\/uploads\/2020\/09\/IMG_1426-400x96.jpeg 400w, https:\/\/www.intellectualsovereignty.ch\/wp-content\/uploads\/2020\/09\/IMG_1426-800x191.jpeg 800w\" sizes=\"auto, (max-width: 2560px) 100vw, 2560px\" \/><\/figure><\/li><li class=\"blocks-gallery-item\"><figure><img loading=\"lazy\" decoding=\"async\" width=\"1024\" height=\"377\" data-attachment-id=\"1423\" data-permalink=\"https:\/\/www.intellectualsovereignty.ch\/index.php\/2020\/09\/04\/hike-38-brienzer-rothorn-harder-kulm\/img_1427\/\" data-orig-file=\"https:\/\/www.intellectualsovereignty.ch\/wp-content\/uploads\/2020\/09\/IMG_1427-scaled.jpeg\" data-orig-size=\"2560,943\" data-comments-opened=\"0\" data-image-title=\"IMG_1427\" data-image-description=\"\" data-image-caption=\"\" data-large-file=\"https:\/\/www.intellectualsovereignty.ch\/wp-content\/uploads\/2020\/09\/IMG_1427-1024x377.jpeg\" src=\"https:\/\/www.intellectualsovereignty.ch\/wp-content\/uploads\/2020\/09\/IMG_1427-1024x377.jpeg\" alt=\"\" data-id=\"1423\" data-full-url=\"https:\/\/www.intellectualsovereignty.ch\/wp-content\/uploads\/2020\/09\/IMG_1427-scaled.jpeg\" data-link=\"https:\/\/www.intellectualsovereignty.ch\/index.php\/2020\/09\/04\/hike-38-brienzer-rothorn-harder-kulm\/img_1427\/\" class=\"wp-image-1423\" srcset=\"https:\/\/www.intellectualsovereignty.ch\/wp-content\/uploads\/2020\/09\/IMG_1427-1024x377.jpeg 1024w, https:\/\/www.intellectualsovereignty.ch\/wp-content\/uploads\/2020\/09\/IMG_1427-300x111.jpeg 300w, https:\/\/www.intellectualsovereignty.ch\/wp-content\/uploads\/2020\/09\/IMG_1427-768x283.jpeg 768w, https:\/\/www.intellectualsovereignty.ch\/wp-content\/uploads\/2020\/09\/IMG_1427-1536x566.jpeg 1536w, https:\/\/www.intellectualsovereignty.ch\/wp-content\/uploads\/2020\/09\/IMG_1427-2048x755.jpeg 2048w, https:\/\/www.intellectualsovereignty.ch\/wp-content\/uploads\/2020\/09\/IMG_1427-1870x689.jpeg 1870w, https:\/\/www.intellectualsovereignty.ch\/wp-content\/uploads\/2020\/09\/IMG_1427-400x147.jpeg 400w, https:\/\/www.intellectualsovereignty.ch\/wp-content\/uploads\/2020\/09\/IMG_1427-800x295.jpeg 800w\" sizes=\"auto, (max-width: 1024px) 100vw, 1024px\" \/><\/figure><\/li><li class=\"blocks-gallery-item\"><figure><img loading=\"lazy\" decoding=\"async\" width=\"740\" height=\"1024\" data-attachment-id=\"1424\" data-permalink=\"https:\/\/www.intellectualsovereignty.ch\/index.php\/2020\/09\/04\/hike-38-brienzer-rothorn-harder-kulm\/img_1428\/\" data-orig-file=\"https:\/\/www.intellectualsovereignty.ch\/wp-content\/uploads\/2020\/09\/IMG_1428-scaled.jpeg\" data-orig-size=\"1849,2560\" data-comments-opened=\"0\" data-image-title=\"IMG_1428\" data-image-description=\"\" data-image-caption=\"\" data-large-file=\"https:\/\/www.intellectualsovereignty.ch\/wp-content\/uploads\/2020\/09\/IMG_1428-740x1024.jpeg\" src=\"https:\/\/www.intellectualsovereignty.ch\/wp-content\/uploads\/2020\/09\/IMG_1428-740x1024.jpeg\" alt=\"\" data-id=\"1424\" data-full-url=\"https:\/\/www.intellectualsovereignty.ch\/wp-content\/uploads\/2020\/09\/IMG_1428-scaled.jpeg\" data-link=\"https:\/\/www.intellectualsovereignty.ch\/index.php\/2020\/09\/04\/hike-38-brienzer-rothorn-harder-kulm\/img_1428\/\" class=\"wp-image-1424\" srcset=\"https:\/\/www.intellectualsovereignty.ch\/wp-content\/uploads\/2020\/09\/IMG_1428-740x1024.jpeg 740w, https:\/\/www.intellectualsovereignty.ch\/wp-content\/uploads\/2020\/09\/IMG_1428-217x300.jpeg 217w, https:\/\/www.intellectualsovereignty.ch\/wp-content\/uploads\/2020\/09\/IMG_1428-768x1063.jpeg 768w, https:\/\/www.intellectualsovereignty.ch\/wp-content\/uploads\/2020\/09\/IMG_1428-1109x1536.jpeg 1109w, https:\/\/www.intellectualsovereignty.ch\/wp-content\/uploads\/2020\/09\/IMG_1428-1479x2048.jpeg 1479w, https:\/\/www.intellectualsovereignty.ch\/wp-content\/uploads\/2020\/09\/IMG_1428-1870x2589.jpeg 1870w, https:\/\/www.intellectualsovereignty.ch\/wp-content\/uploads\/2020\/09\/IMG_1428-400x554.jpeg 400w, https:\/\/www.intellectualsovereignty.ch\/wp-content\/uploads\/2020\/09\/IMG_1428-800x1108.jpeg 800w, https:\/\/www.intellectualsovereignty.ch\/wp-content\/uploads\/2020\/09\/IMG_1428-scaled.jpeg 1849w\" sizes=\"auto, (max-width: 740px) 100vw, 740px\" \/><\/figure><\/li><li class=\"blocks-gallery-item\"><figure><img loading=\"lazy\" decoding=\"async\" width=\"1024\" height=\"768\" data-attachment-id=\"1425\" data-permalink=\"https:\/\/www.intellectualsovereignty.ch\/index.php\/2020\/09\/04\/hike-38-brienzer-rothorn-harder-kulm\/img_1429\/\" data-orig-file=\"https:\/\/www.intellectualsovereignty.ch\/wp-content\/uploads\/2020\/09\/IMG_1429-scaled.jpeg\" data-orig-size=\"2560,1920\" data-comments-opened=\"0\" data-image-title=\"IMG_1429\" data-image-description=\"\" data-image-caption=\"\" data-large-file=\"https:\/\/www.intellectualsovereignty.ch\/wp-content\/uploads\/2020\/09\/IMG_1429-1024x768.jpeg\" src=\"https:\/\/www.intellectualsovereignty.ch\/wp-content\/uploads\/2020\/09\/IMG_1429-1024x768.jpeg\" alt=\"\" data-id=\"1425\" data-full-url=\"https:\/\/www.intellectualsovereignty.ch\/wp-content\/uploads\/2020\/09\/IMG_1429-scaled.jpeg\" data-link=\"https:\/\/www.intellectualsovereignty.ch\/index.php\/2020\/09\/04\/hike-38-brienzer-rothorn-harder-kulm\/img_1429\/\" class=\"wp-image-1425\" srcset=\"https:\/\/www.intellectualsovereignty.ch\/wp-content\/uploads\/2020\/09\/IMG_1429-1024x768.jpeg 1024w, https:\/\/www.intellectualsovereignty.ch\/wp-content\/uploads\/2020\/09\/IMG_1429-300x225.jpeg 300w, https:\/\/www.intellectualsovereignty.ch\/wp-content\/uploads\/2020\/09\/IMG_1429-768x576.jpeg 768w, https:\/\/www.intellectualsovereignty.ch\/wp-content\/uploads\/2020\/09\/IMG_1429-1536x1152.jpeg 1536w, https:\/\/www.intellectualsovereignty.ch\/wp-content\/uploads\/2020\/09\/IMG_1429-2048x1536.jpeg 2048w, https:\/\/www.intellectualsovereignty.ch\/wp-content\/uploads\/2020\/09\/IMG_1429-1870x1403.jpeg 1870w, https:\/\/www.intellectualsovereignty.ch\/wp-content\/uploads\/2020\/09\/IMG_1429-400x300.jpeg 400w, https:\/\/www.intellectualsovereignty.ch\/wp-content\/uploads\/2020\/09\/IMG_1429-800x600.jpeg 800w\" sizes=\"auto, (max-width: 1024px) 100vw, 1024px\" \/><\/figure><\/li><li class=\"blocks-gallery-item\"><figure><img loading=\"lazy\" decoding=\"async\" width=\"1024\" height=\"768\" data-attachment-id=\"1426\" data-permalink=\"https:\/\/www.intellectualsovereignty.ch\/index.php\/2020\/09\/04\/hike-38-brienzer-rothorn-harder-kulm\/img_1430\/\" data-orig-file=\"https:\/\/www.intellectualsovereignty.ch\/wp-content\/uploads\/2020\/09\/IMG_1430-scaled.jpeg\" data-orig-size=\"2560,1920\" data-comments-opened=\"0\" data-image-title=\"IMG_1430\" data-image-description=\"\" data-image-caption=\"\" data-large-file=\"https:\/\/www.intellectualsovereignty.ch\/wp-content\/uploads\/2020\/09\/IMG_1430-1024x768.jpeg\" src=\"https:\/\/www.intellectualsovereignty.ch\/wp-content\/uploads\/2020\/09\/IMG_1430-1024x768.jpeg\" alt=\"\" data-id=\"1426\" data-full-url=\"https:\/\/www.intellectualsovereignty.ch\/wp-content\/uploads\/2020\/09\/IMG_1430-scaled.jpeg\" data-link=\"https:\/\/www.intellectualsovereignty.ch\/index.php\/2020\/09\/04\/hike-38-brienzer-rothorn-harder-kulm\/img_1430\/\" class=\"wp-image-1426\" srcset=\"https:\/\/www.intellectualsovereignty.ch\/wp-content\/uploads\/2020\/09\/IMG_1430-1024x768.jpeg 1024w, https:\/\/www.intellectualsovereignty.ch\/wp-content\/uploads\/2020\/09\/IMG_1430-300x225.jpeg 300w, https:\/\/www.intellectualsovereignty.ch\/wp-content\/uploads\/2020\/09\/IMG_1430-768x576.jpeg 768w, https:\/\/www.intellectualsovereignty.ch\/wp-content\/uploads\/2020\/09\/IMG_1430-1536x1152.jpeg 1536w, https:\/\/www.intellectualsovereignty.ch\/wp-content\/uploads\/2020\/09\/IMG_1430-2048x1536.jpeg 2048w, https:\/\/www.intellectualsovereignty.ch\/wp-content\/uploads\/2020\/09\/IMG_1430-1870x1403.jpeg 1870w, https:\/\/www.intellectualsovereignty.ch\/wp-content\/uploads\/2020\/09\/IMG_1430-400x300.jpeg 400w, https:\/\/www.intellectualsovereignty.ch\/wp-content\/uploads\/2020\/09\/IMG_1430-800x600.jpeg 800w\" sizes=\"auto, (max-width: 1024px) 100vw, 1024px\" \/><\/figure><\/li><li class=\"blocks-gallery-item\"><figure><img loading=\"lazy\" decoding=\"async\" width=\"1024\" height=\"768\" data-attachment-id=\"1427\" data-permalink=\"https:\/\/www.intellectualsovereignty.ch\/index.php\/2020\/09\/04\/hike-38-brienzer-rothorn-harder-kulm\/img_1431\/\" data-orig-file=\"https:\/\/www.intellectualsovereignty.ch\/wp-content\/uploads\/2020\/09\/IMG_1431-scaled.jpeg\" data-orig-size=\"2560,1920\" data-comments-opened=\"0\" data-image-title=\"IMG_1431\" data-image-description=\"\" data-image-caption=\"\" data-large-file=\"https:\/\/www.intellectualsovereignty.ch\/wp-content\/uploads\/2020\/09\/IMG_1431-1024x768.jpeg\" src=\"https:\/\/www.intellectualsovereignty.ch\/wp-content\/uploads\/2020\/09\/IMG_1431-1024x768.jpeg\" alt=\"\" data-id=\"1427\" data-full-url=\"https:\/\/www.intellectualsovereignty.ch\/wp-content\/uploads\/2020\/09\/IMG_1431-scaled.jpeg\" data-link=\"https:\/\/www.intellectualsovereignty.ch\/index.php\/2020\/09\/04\/hike-38-brienzer-rothorn-harder-kulm\/img_1431\/\" class=\"wp-image-1427\" srcset=\"https:\/\/www.intellectualsovereignty.ch\/wp-content\/uploads\/2020\/09\/IMG_1431-1024x768.jpeg 1024w, https:\/\/www.intellectualsovereignty.ch\/wp-content\/uploads\/2020\/09\/IMG_1431-300x225.jpeg 300w, https:\/\/www.intellectualsovereignty.ch\/wp-content\/uploads\/2020\/09\/IMG_1431-768x576.jpeg 768w, https:\/\/www.intellectualsovereignty.ch\/wp-content\/uploads\/2020\/09\/IMG_1431-1536x1152.jpeg 1536w, https:\/\/www.intellectualsovereignty.ch\/wp-content\/uploads\/2020\/09\/IMG_1431-2048x1536.jpeg 2048w, https:\/\/www.intellectualsovereignty.ch\/wp-content\/uploads\/2020\/09\/IMG_1431-1870x1403.jpeg 1870w, https:\/\/www.intellectualsovereignty.ch\/wp-content\/uploads\/2020\/09\/IMG_1431-400x300.jpeg 400w, https:\/\/www.intellectualsovereignty.ch\/wp-content\/uploads\/2020\/09\/IMG_1431-800x600.jpeg 800w\" sizes=\"auto, (max-width: 1024px) 100vw, 1024px\" \/><\/figure><\/li><li class=\"blocks-gallery-item\"><figure><img loading=\"lazy\" decoding=\"async\" width=\"1024\" height=\"768\" data-attachment-id=\"1428\" data-permalink=\"https:\/\/www.intellectualsovereignty.ch\/index.php\/2020\/09\/04\/hike-38-brienzer-rothorn-harder-kulm\/img_1432\/\" data-orig-file=\"https:\/\/www.intellectualsovereignty.ch\/wp-content\/uploads\/2020\/09\/IMG_1432-scaled.jpeg\" data-orig-size=\"2560,1920\" data-comments-opened=\"0\" data-image-title=\"IMG_1432\" data-image-description=\"\" data-image-caption=\"\" data-large-file=\"https:\/\/www.intellectualsovereignty.ch\/wp-content\/uploads\/2020\/09\/IMG_1432-1024x768.jpeg\" src=\"https:\/\/www.intellectualsovereignty.ch\/wp-content\/uploads\/2020\/09\/IMG_1432-1024x768.jpeg\" alt=\"\" data-id=\"1428\" data-full-url=\"https:\/\/www.intellectualsovereignty.ch\/wp-content\/uploads\/2020\/09\/IMG_1432-scaled.jpeg\" data-link=\"https:\/\/www.intellectualsovereignty.ch\/index.php\/2020\/09\/04\/hike-38-brienzer-rothorn-harder-kulm\/img_1432\/\" class=\"wp-image-1428\" srcset=\"https:\/\/www.intellectualsovereignty.ch\/wp-content\/uploads\/2020\/09\/IMG_1432-1024x768.jpeg 1024w, https:\/\/www.intellectualsovereignty.ch\/wp-content\/uploads\/2020\/09\/IMG_1432-300x225.jpeg 300w, https:\/\/www.intellectualsovereignty.ch\/wp-content\/uploads\/2020\/09\/IMG_1432-768x576.jpeg 768w, https:\/\/www.intellectualsovereignty.ch\/wp-content\/uploads\/2020\/09\/IMG_1432-1536x1152.jpeg 1536w, https:\/\/www.intellectualsovereignty.ch\/wp-content\/uploads\/2020\/09\/IMG_1432-2048x1536.jpeg 2048w, https:\/\/www.intellectualsovereignty.ch\/wp-content\/uploads\/2020\/09\/IMG_1432-1870x1403.jpeg 1870w, https:\/\/www.intellectualsovereignty.ch\/wp-content\/uploads\/2020\/09\/IMG_1432-400x300.jpeg 400w, https:\/\/www.intellectualsovereignty.ch\/wp-content\/uploads\/2020\/09\/IMG_1432-800x600.jpeg 800w\" sizes=\"auto, (max-width: 1024px) 100vw, 1024px\" \/><\/figure><\/li><li class=\"blocks-gallery-item\"><figure><img loading=\"lazy\" decoding=\"async\" width=\"1024\" height=\"768\" data-attachment-id=\"1429\" data-permalink=\"https:\/\/www.intellectualsovereignty.ch\/index.php\/2020\/09\/04\/hike-38-brienzer-rothorn-harder-kulm\/img_1433\/\" data-orig-file=\"https:\/\/www.intellectualsovereignty.ch\/wp-content\/uploads\/2020\/09\/IMG_1433-scaled.jpeg\" data-orig-size=\"2560,1920\" data-comments-opened=\"0\" data-image-title=\"IMG_1433\" data-image-description=\"\" data-image-caption=\"\" data-large-file=\"https:\/\/www.intellectualsovereignty.ch\/wp-content\/uploads\/2020\/09\/IMG_1433-1024x768.jpeg\" src=\"https:\/\/www.intellectualsovereignty.ch\/wp-content\/uploads\/2020\/09\/IMG_1433-1024x768.jpeg\" alt=\"\" data-id=\"1429\" data-full-url=\"https:\/\/www.intellectualsovereignty.ch\/wp-content\/uploads\/2020\/09\/IMG_1433-scaled.jpeg\" data-link=\"https:\/\/www.intellectualsovereignty.ch\/index.php\/2020\/09\/04\/hike-38-brienzer-rothorn-harder-kulm\/img_1433\/\" class=\"wp-image-1429\" srcset=\"https:\/\/www.intellectualsovereignty.ch\/wp-content\/uploads\/2020\/09\/IMG_1433-1024x768.jpeg 1024w, https:\/\/www.intellectualsovereignty.ch\/wp-content\/uploads\/2020\/09\/IMG_1433-300x225.jpeg 300w, https:\/\/www.intellectualsovereignty.ch\/wp-content\/uploads\/2020\/09\/IMG_1433-768x576.jpeg 768w, https:\/\/www.intellectualsovereignty.ch\/wp-content\/uploads\/2020\/09\/IMG_1433-1536x1152.jpeg 1536w, https:\/\/www.intellectualsovereignty.ch\/wp-content\/uploads\/2020\/09\/IMG_1433-2048x1536.jpeg 2048w, https:\/\/www.intellectualsovereignty.ch\/wp-content\/uploads\/2020\/09\/IMG_1433-1870x1403.jpeg 1870w, https:\/\/www.intellectualsovereignty.ch\/wp-content\/uploads\/2020\/09\/IMG_1433-400x300.jpeg 400w, https:\/\/www.intellectualsovereignty.ch\/wp-content\/uploads\/2020\/09\/IMG_1433-800x600.jpeg 800w\" sizes=\"auto, (max-width: 1024px) 100vw, 1024px\" \/><\/figure><\/li><li class=\"blocks-gallery-item\"><figure><img loading=\"lazy\" decoding=\"async\" width=\"1024\" height=\"768\" data-attachment-id=\"1430\" data-permalink=\"https:\/\/www.intellectualsovereignty.ch\/index.php\/2020\/09\/04\/hike-38-brienzer-rothorn-harder-kulm\/img_1434\/\" data-orig-file=\"https:\/\/www.intellectualsovereignty.ch\/wp-content\/uploads\/2020\/09\/IMG_1434-scaled.jpeg\" data-orig-size=\"2560,1920\" data-comments-opened=\"0\" data-image-title=\"IMG_1434\" data-image-description=\"\" data-image-caption=\"\" data-large-file=\"https:\/\/www.intellectualsovereignty.ch\/wp-content\/uploads\/2020\/09\/IMG_1434-1024x768.jpeg\" src=\"https:\/\/www.intellectualsovereignty.ch\/wp-content\/uploads\/2020\/09\/IMG_1434-1024x768.jpeg\" alt=\"\" data-id=\"1430\" data-full-url=\"https:\/\/www.intellectualsovereignty.ch\/wp-content\/uploads\/2020\/09\/IMG_1434-scaled.jpeg\" data-link=\"https:\/\/www.intellectualsovereignty.ch\/index.php\/2020\/09\/04\/hike-38-brienzer-rothorn-harder-kulm\/img_1434\/\" class=\"wp-image-1430\" srcset=\"https:\/\/www.intellectualsovereignty.ch\/wp-content\/uploads\/2020\/09\/IMG_1434-1024x768.jpeg 1024w, https:\/\/www.intellectualsovereignty.ch\/wp-content\/uploads\/2020\/09\/IMG_1434-300x225.jpeg 300w, https:\/\/www.intellectualsovereignty.ch\/wp-content\/uploads\/2020\/09\/IMG_1434-768x576.jpeg 768w, https:\/\/www.intellectualsovereignty.ch\/wp-content\/uploads\/2020\/09\/IMG_1434-1536x1152.jpeg 1536w, https:\/\/www.intellectualsovereignty.ch\/wp-content\/uploads\/2020\/09\/IMG_1434-2048x1536.jpeg 2048w, https:\/\/www.intellectualsovereignty.ch\/wp-content\/uploads\/2020\/09\/IMG_1434-1870x1403.jpeg 1870w, https:\/\/www.intellectualsovereignty.ch\/wp-content\/uploads\/2020\/09\/IMG_1434-400x300.jpeg 400w, https:\/\/www.intellectualsovereignty.ch\/wp-content\/uploads\/2020\/09\/IMG_1434-800x600.jpeg 800w\" sizes=\"auto, (max-width: 1024px) 100vw, 1024px\" \/><\/figure><\/li><li class=\"blocks-gallery-item\"><figure><img loading=\"lazy\" decoding=\"async\" width=\"1024\" height=\"768\" data-attachment-id=\"1431\" data-permalink=\"https:\/\/www.intellectualsovereignty.ch\/index.php\/2020\/09\/04\/hike-38-brienzer-rothorn-harder-kulm\/img_1435\/\" data-orig-file=\"https:\/\/www.intellectualsovereignty.ch\/wp-content\/uploads\/2020\/09\/IMG_1435-scaled.jpeg\" data-orig-size=\"2560,1920\" data-comments-opened=\"0\" data-image-title=\"IMG_1435\" data-image-description=\"\" data-image-caption=\"\" data-large-file=\"https:\/\/www.intellectualsovereignty.ch\/wp-content\/uploads\/2020\/09\/IMG_1435-1024x768.jpeg\" src=\"https:\/\/www.intellectualsovereignty.ch\/wp-content\/uploads\/2020\/09\/IMG_1435-1024x768.jpeg\" alt=\"\" data-id=\"1431\" data-full-url=\"https:\/\/www.intellectualsovereignty.ch\/wp-content\/uploads\/2020\/09\/IMG_1435-scaled.jpeg\" data-link=\"https:\/\/www.intellectualsovereignty.ch\/index.php\/2020\/09\/04\/hike-38-brienzer-rothorn-harder-kulm\/img_1435\/\" class=\"wp-image-1431\" srcset=\"https:\/\/www.intellectualsovereignty.ch\/wp-content\/uploads\/2020\/09\/IMG_1435-1024x768.jpeg 1024w, https:\/\/www.intellectualsovereignty.ch\/wp-content\/uploads\/2020\/09\/IMG_1435-300x225.jpeg 300w, https:\/\/www.intellectualsovereignty.ch\/wp-content\/uploads\/2020\/09\/IMG_1435-768x576.jpeg 768w, https:\/\/www.intellectualsovereignty.ch\/wp-content\/uploads\/2020\/09\/IMG_1435-1536x1152.jpeg 1536w, https:\/\/www.intellectualsovereignty.ch\/wp-content\/uploads\/2020\/09\/IMG_1435-2048x1536.jpeg 2048w, https:\/\/www.intellectualsovereignty.ch\/wp-content\/uploads\/2020\/09\/IMG_1435-1870x1403.jpeg 1870w, https:\/\/www.intellectualsovereignty.ch\/wp-content\/uploads\/2020\/09\/IMG_1435-400x300.jpeg 400w, https:\/\/www.intellectualsovereignty.ch\/wp-content\/uploads\/2020\/09\/IMG_1435-800x600.jpeg 800w\" sizes=\"auto, (max-width: 1024px) 100vw, 1024px\" \/><\/figure><\/li><li class=\"blocks-gallery-item\"><figure><img loading=\"lazy\" decoding=\"async\" width=\"812\" height=\"1024\" data-attachment-id=\"1432\" data-permalink=\"https:\/\/www.intellectualsovereignty.ch\/index.php\/2020\/09\/04\/hike-38-brienzer-rothorn-harder-kulm\/img_1436\/\" data-orig-file=\"https:\/\/www.intellectualsovereignty.ch\/wp-content\/uploads\/2020\/09\/IMG_1436-scaled.jpeg\" data-orig-size=\"2031,2560\" data-comments-opened=\"0\" data-image-title=\"IMG_1436\" data-image-description=\"\" data-image-caption=\"\" data-large-file=\"https:\/\/www.intellectualsovereignty.ch\/wp-content\/uploads\/2020\/09\/IMG_1436-812x1024.jpeg\" src=\"https:\/\/www.intellectualsovereignty.ch\/wp-content\/uploads\/2020\/09\/IMG_1436-812x1024.jpeg\" alt=\"\" data-id=\"1432\" data-full-url=\"https:\/\/www.intellectualsovereignty.ch\/wp-content\/uploads\/2020\/09\/IMG_1436-scaled.jpeg\" data-link=\"https:\/\/www.intellectualsovereignty.ch\/index.php\/2020\/09\/04\/hike-38-brienzer-rothorn-harder-kulm\/img_1436\/\" class=\"wp-image-1432\" srcset=\"https:\/\/www.intellectualsovereignty.ch\/wp-content\/uploads\/2020\/09\/IMG_1436-812x1024.jpeg 812w, https:\/\/www.intellectualsovereignty.ch\/wp-content\/uploads\/2020\/09\/IMG_1436-238x300.jpeg 238w, https:\/\/www.intellectualsovereignty.ch\/wp-content\/uploads\/2020\/09\/IMG_1436-768x968.jpeg 768w, https:\/\/www.intellectualsovereignty.ch\/wp-content\/uploads\/2020\/09\/IMG_1436-1218x1536.jpeg 1218w, https:\/\/www.intellectualsovereignty.ch\/wp-content\/uploads\/2020\/09\/IMG_1436-1625x2048.jpeg 1625w, https:\/\/www.intellectualsovereignty.ch\/wp-content\/uploads\/2020\/09\/IMG_1436-1870x2357.jpeg 1870w, https:\/\/www.intellectualsovereignty.ch\/wp-content\/uploads\/2020\/09\/IMG_1436-400x504.jpeg 400w, https:\/\/www.intellectualsovereignty.ch\/wp-content\/uploads\/2020\/09\/IMG_1436-800x1008.jpeg 800w, https:\/\/www.intellectualsovereignty.ch\/wp-content\/uploads\/2020\/09\/IMG_1436-scaled.jpeg 2031w\" sizes=\"auto, (max-width: 812px) 100vw, 812px\" \/><\/figure><\/li><\/ul><\/figure>\n\n\n\n<p class=\"wp-block-paragraph\">Der Weg zieht sich von da an ziemlich in die L\u00e4nge, und ab Blasenhubel nimmt der Dichtestress auf dem Grat wieder etwas zu, da der Wanderweg von Oberried hoch zum Grat f\u00fchrt. Auf dem Augstmatthorn angekommen, knipsen wir ein paar Panorama-Fotos und ziehen gleich weiter, die Ameisenfl\u00fcgler umschwirren uns zu hunderten und scheinen sich an uns zu laben. Ein letzter Blick zum Brienzer Rothorn zur\u00fcck, und schnell weg hier! <\/p>\n\n\n\n<figure class=\"wp-block-gallery columns-3 is-cropped wp-block-gallery-6 is-layout-flex wp-block-gallery-is-layout-flex\"><ul class=\"blocks-gallery-grid\"><li class=\"blocks-gallery-item\"><figure><img loading=\"lazy\" decoding=\"async\" width=\"768\" height=\"1024\" data-attachment-id=\"1433\" data-permalink=\"https:\/\/www.intellectualsovereignty.ch\/index.php\/2020\/09\/04\/hike-38-brienzer-rothorn-harder-kulm\/img_1437\/\" data-orig-file=\"https:\/\/www.intellectualsovereignty.ch\/wp-content\/uploads\/2020\/09\/IMG_1437-scaled.jpeg\" data-orig-size=\"1920,2560\" data-comments-opened=\"0\" data-image-title=\"IMG_1437\" data-image-description=\"\" data-image-caption=\"\" data-large-file=\"https:\/\/www.intellectualsovereignty.ch\/wp-content\/uploads\/2020\/09\/IMG_1437-768x1024.jpeg\" src=\"https:\/\/www.intellectualsovereignty.ch\/wp-content\/uploads\/2020\/09\/IMG_1437-768x1024.jpeg\" alt=\"\" data-id=\"1433\" data-full-url=\"https:\/\/www.intellectualsovereignty.ch\/wp-content\/uploads\/2020\/09\/IMG_1437-scaled.jpeg\" data-link=\"https:\/\/www.intellectualsovereignty.ch\/index.php\/2020\/09\/04\/hike-38-brienzer-rothorn-harder-kulm\/img_1437\/\" class=\"wp-image-1433\" srcset=\"https:\/\/www.intellectualsovereignty.ch\/wp-content\/uploads\/2020\/09\/IMG_1437-768x1024.jpeg 768w, https:\/\/www.intellectualsovereignty.ch\/wp-content\/uploads\/2020\/09\/IMG_1437-225x300.jpeg 225w, https:\/\/www.intellectualsovereignty.ch\/wp-content\/uploads\/2020\/09\/IMG_1437-1152x1536.jpeg 1152w, https:\/\/www.intellectualsovereignty.ch\/wp-content\/uploads\/2020\/09\/IMG_1437-1536x2048.jpeg 1536w, https:\/\/www.intellectualsovereignty.ch\/wp-content\/uploads\/2020\/09\/IMG_1437-1870x2493.jpeg 1870w, https:\/\/www.intellectualsovereignty.ch\/wp-content\/uploads\/2020\/09\/IMG_1437-400x533.jpeg 400w, https:\/\/www.intellectualsovereignty.ch\/wp-content\/uploads\/2020\/09\/IMG_1437-800x1067.jpeg 800w, https:\/\/www.intellectualsovereignty.ch\/wp-content\/uploads\/2020\/09\/IMG_1437-scaled.jpeg 1920w\" sizes=\"auto, (max-width: 768px) 100vw, 768px\" \/><\/figure><\/li><li class=\"blocks-gallery-item\"><figure><img loading=\"lazy\" decoding=\"async\" width=\"1024\" height=\"268\" data-attachment-id=\"1434\" data-permalink=\"https:\/\/www.intellectualsovereignty.ch\/index.php\/2020\/09\/04\/hike-38-brienzer-rothorn-harder-kulm\/img_1439\/\" data-orig-file=\"https:\/\/www.intellectualsovereignty.ch\/wp-content\/uploads\/2020\/09\/IMG_1439-scaled.jpeg\" data-orig-size=\"2560,669\" data-comments-opened=\"0\" data-image-title=\"IMG_1439\" data-image-description=\"\" data-image-caption=\"\" data-large-file=\"https:\/\/www.intellectualsovereignty.ch\/wp-content\/uploads\/2020\/09\/IMG_1439-1024x268.jpeg\" src=\"https:\/\/www.intellectualsovereignty.ch\/wp-content\/uploads\/2020\/09\/IMG_1439-1024x268.jpeg\" alt=\"\" data-id=\"1434\" data-full-url=\"https:\/\/www.intellectualsovereignty.ch\/wp-content\/uploads\/2020\/09\/IMG_1439-scaled.jpeg\" data-link=\"https:\/\/www.intellectualsovereignty.ch\/index.php\/2020\/09\/04\/hike-38-brienzer-rothorn-harder-kulm\/img_1439\/\" class=\"wp-image-1434\" srcset=\"https:\/\/www.intellectualsovereignty.ch\/wp-content\/uploads\/2020\/09\/IMG_1439-1024x268.jpeg 1024w, https:\/\/www.intellectualsovereignty.ch\/wp-content\/uploads\/2020\/09\/IMG_1439-300x78.jpeg 300w, https:\/\/www.intellectualsovereignty.ch\/wp-content\/uploads\/2020\/09\/IMG_1439-768x201.jpeg 768w, https:\/\/www.intellectualsovereignty.ch\/wp-content\/uploads\/2020\/09\/IMG_1439-1536x401.jpeg 1536w, https:\/\/www.intellectualsovereignty.ch\/wp-content\/uploads\/2020\/09\/IMG_1439-2048x535.jpeg 2048w, https:\/\/www.intellectualsovereignty.ch\/wp-content\/uploads\/2020\/09\/IMG_1439-1870x489.jpeg 1870w, https:\/\/www.intellectualsovereignty.ch\/wp-content\/uploads\/2020\/09\/IMG_1439-400x105.jpeg 400w, https:\/\/www.intellectualsovereignty.ch\/wp-content\/uploads\/2020\/09\/IMG_1439-800x209.jpeg 800w\" sizes=\"auto, (max-width: 1024px) 100vw, 1024px\" \/><\/figure><\/li><li class=\"blocks-gallery-item\"><figure><img loading=\"lazy\" decoding=\"async\" width=\"1024\" height=\"227\" data-attachment-id=\"1435\" data-permalink=\"https:\/\/www.intellectualsovereignty.ch\/index.php\/2020\/09\/04\/hike-38-brienzer-rothorn-harder-kulm\/img_1440\/\" data-orig-file=\"https:\/\/www.intellectualsovereignty.ch\/wp-content\/uploads\/2020\/09\/IMG_1440-scaled.jpeg\" data-orig-size=\"2560,567\" data-comments-opened=\"0\" data-image-title=\"IMG_1440\" data-image-description=\"\" data-image-caption=\"\" data-large-file=\"https:\/\/www.intellectualsovereignty.ch\/wp-content\/uploads\/2020\/09\/IMG_1440-1024x227.jpeg\" src=\"https:\/\/www.intellectualsovereignty.ch\/wp-content\/uploads\/2020\/09\/IMG_1440-1024x227.jpeg\" alt=\"\" data-id=\"1435\" data-full-url=\"https:\/\/www.intellectualsovereignty.ch\/wp-content\/uploads\/2020\/09\/IMG_1440-scaled.jpeg\" data-link=\"https:\/\/www.intellectualsovereignty.ch\/index.php\/2020\/09\/04\/hike-38-brienzer-rothorn-harder-kulm\/img_1440\/\" class=\"wp-image-1435\" srcset=\"https:\/\/www.intellectualsovereignty.ch\/wp-content\/uploads\/2020\/09\/IMG_1440-1024x227.jpeg 1024w, https:\/\/www.intellectualsovereignty.ch\/wp-content\/uploads\/2020\/09\/IMG_1440-300x66.jpeg 300w, https:\/\/www.intellectualsovereignty.ch\/wp-content\/uploads\/2020\/09\/IMG_1440-768x170.jpeg 768w, https:\/\/www.intellectualsovereignty.ch\/wp-content\/uploads\/2020\/09\/IMG_1440-1536x340.jpeg 1536w, https:\/\/www.intellectualsovereignty.ch\/wp-content\/uploads\/2020\/09\/IMG_1440-2048x454.jpeg 2048w, https:\/\/www.intellectualsovereignty.ch\/wp-content\/uploads\/2020\/09\/IMG_1440-1870x414.jpeg 1870w, https:\/\/www.intellectualsovereignty.ch\/wp-content\/uploads\/2020\/09\/IMG_1440-400x89.jpeg 400w, https:\/\/www.intellectualsovereignty.ch\/wp-content\/uploads\/2020\/09\/IMG_1440-800x177.jpeg 800w\" sizes=\"auto, (max-width: 1024px) 100vw, 1024px\" \/><\/figure><\/li><li class=\"blocks-gallery-item\"><figure><img loading=\"lazy\" decoding=\"async\" width=\"1024\" height=\"890\" data-attachment-id=\"1436\" data-permalink=\"https:\/\/www.intellectualsovereignty.ch\/index.php\/2020\/09\/04\/hike-38-brienzer-rothorn-harder-kulm\/img_1441\/\" data-orig-file=\"https:\/\/www.intellectualsovereignty.ch\/wp-content\/uploads\/2020\/09\/IMG_1441-scaled.jpeg\" data-orig-size=\"2560,2225\" data-comments-opened=\"0\" data-image-title=\"IMG_1441\" data-image-description=\"\" data-image-caption=\"\" data-large-file=\"https:\/\/www.intellectualsovereignty.ch\/wp-content\/uploads\/2020\/09\/IMG_1441-1024x890.jpeg\" src=\"https:\/\/www.intellectualsovereignty.ch\/wp-content\/uploads\/2020\/09\/IMG_1441-1024x890.jpeg\" alt=\"\" data-id=\"1436\" data-full-url=\"https:\/\/www.intellectualsovereignty.ch\/wp-content\/uploads\/2020\/09\/IMG_1441-scaled.jpeg\" data-link=\"https:\/\/www.intellectualsovereignty.ch\/index.php\/2020\/09\/04\/hike-38-brienzer-rothorn-harder-kulm\/img_1441\/\" class=\"wp-image-1436\" srcset=\"https:\/\/www.intellectualsovereignty.ch\/wp-content\/uploads\/2020\/09\/IMG_1441-1024x890.jpeg 1024w, https:\/\/www.intellectualsovereignty.ch\/wp-content\/uploads\/2020\/09\/IMG_1441-300x261.jpeg 300w, https:\/\/www.intellectualsovereignty.ch\/wp-content\/uploads\/2020\/09\/IMG_1441-768x668.jpeg 768w, https:\/\/www.intellectualsovereignty.ch\/wp-content\/uploads\/2020\/09\/IMG_1441-1536x1335.jpeg 1536w, https:\/\/www.intellectualsovereignty.ch\/wp-content\/uploads\/2020\/09\/IMG_1441-2048x1780.jpeg 2048w, https:\/\/www.intellectualsovereignty.ch\/wp-content\/uploads\/2020\/09\/IMG_1441-1870x1625.jpeg 1870w, https:\/\/www.intellectualsovereignty.ch\/wp-content\/uploads\/2020\/09\/IMG_1441-400x348.jpeg 400w, https:\/\/www.intellectualsovereignty.ch\/wp-content\/uploads\/2020\/09\/IMG_1441-800x695.jpeg 800w\" sizes=\"auto, (max-width: 1024px) 100vw, 1024px\" \/><\/figure><\/li><li class=\"blocks-gallery-item\"><figure><img loading=\"lazy\" decoding=\"async\" width=\"1024\" height=\"870\" data-attachment-id=\"1437\" data-permalink=\"https:\/\/www.intellectualsovereignty.ch\/index.php\/2020\/09\/04\/hike-38-brienzer-rothorn-harder-kulm\/img_1442\/\" data-orig-file=\"https:\/\/www.intellectualsovereignty.ch\/wp-content\/uploads\/2020\/09\/IMG_1442-scaled.jpeg\" data-orig-size=\"2560,2175\" data-comments-opened=\"0\" data-image-title=\"IMG_1442\" data-image-description=\"\" data-image-caption=\"\" data-large-file=\"https:\/\/www.intellectualsovereignty.ch\/wp-content\/uploads\/2020\/09\/IMG_1442-1024x870.jpeg\" src=\"https:\/\/www.intellectualsovereignty.ch\/wp-content\/uploads\/2020\/09\/IMG_1442-1024x870.jpeg\" alt=\"\" data-id=\"1437\" data-full-url=\"https:\/\/www.intellectualsovereignty.ch\/wp-content\/uploads\/2020\/09\/IMG_1442-scaled.jpeg\" data-link=\"https:\/\/www.intellectualsovereignty.ch\/index.php\/2020\/09\/04\/hike-38-brienzer-rothorn-harder-kulm\/img_1442\/\" class=\"wp-image-1437\" srcset=\"https:\/\/www.intellectualsovereignty.ch\/wp-content\/uploads\/2020\/09\/IMG_1442-1024x870.jpeg 1024w, https:\/\/www.intellectualsovereignty.ch\/wp-content\/uploads\/2020\/09\/IMG_1442-300x255.jpeg 300w, https:\/\/www.intellectualsovereignty.ch\/wp-content\/uploads\/2020\/09\/IMG_1442-768x653.jpeg 768w, https:\/\/www.intellectualsovereignty.ch\/wp-content\/uploads\/2020\/09\/IMG_1442-1536x1305.jpeg 1536w, https:\/\/www.intellectualsovereignty.ch\/wp-content\/uploads\/2020\/09\/IMG_1442-2048x1740.jpeg 2048w, https:\/\/www.intellectualsovereignty.ch\/wp-content\/uploads\/2020\/09\/IMG_1442-1870x1589.jpeg 1870w, https:\/\/www.intellectualsovereignty.ch\/wp-content\/uploads\/2020\/09\/IMG_1442-400x340.jpeg 400w, https:\/\/www.intellectualsovereignty.ch\/wp-content\/uploads\/2020\/09\/IMG_1442-800x680.jpeg 800w\" sizes=\"auto, (max-width: 1024px) 100vw, 1024px\" \/><\/figure><\/li><li class=\"blocks-gallery-item\"><figure><img loading=\"lazy\" decoding=\"async\" width=\"787\" height=\"1024\" data-attachment-id=\"1438\" data-permalink=\"https:\/\/www.intellectualsovereignty.ch\/index.php\/2020\/09\/04\/hike-38-brienzer-rothorn-harder-kulm\/img_1443\/\" data-orig-file=\"https:\/\/www.intellectualsovereignty.ch\/wp-content\/uploads\/2020\/09\/IMG_1443-scaled.jpeg\" data-orig-size=\"1967,2560\" data-comments-opened=\"0\" data-image-title=\"IMG_1443\" data-image-description=\"\" data-image-caption=\"\" data-large-file=\"https:\/\/www.intellectualsovereignty.ch\/wp-content\/uploads\/2020\/09\/IMG_1443-787x1024.jpeg\" src=\"https:\/\/www.intellectualsovereignty.ch\/wp-content\/uploads\/2020\/09\/IMG_1443-787x1024.jpeg\" alt=\"\" data-id=\"1438\" data-full-url=\"https:\/\/www.intellectualsovereignty.ch\/wp-content\/uploads\/2020\/09\/IMG_1443-scaled.jpeg\" data-link=\"https:\/\/www.intellectualsovereignty.ch\/index.php\/2020\/09\/04\/hike-38-brienzer-rothorn-harder-kulm\/img_1443\/\" class=\"wp-image-1438\" srcset=\"https:\/\/www.intellectualsovereignty.ch\/wp-content\/uploads\/2020\/09\/IMG_1443-787x1024.jpeg 787w, https:\/\/www.intellectualsovereignty.ch\/wp-content\/uploads\/2020\/09\/IMG_1443-231x300.jpeg 231w, https:\/\/www.intellectualsovereignty.ch\/wp-content\/uploads\/2020\/09\/IMG_1443-768x1000.jpeg 768w, https:\/\/www.intellectualsovereignty.ch\/wp-content\/uploads\/2020\/09\/IMG_1443-1180x1536.jpeg 1180w, https:\/\/www.intellectualsovereignty.ch\/wp-content\/uploads\/2020\/09\/IMG_1443-1574x2048.jpeg 1574w, https:\/\/www.intellectualsovereignty.ch\/wp-content\/uploads\/2020\/09\/IMG_1443-1870x2434.jpeg 1870w, https:\/\/www.intellectualsovereignty.ch\/wp-content\/uploads\/2020\/09\/IMG_1443-400x521.jpeg 400w, https:\/\/www.intellectualsovereignty.ch\/wp-content\/uploads\/2020\/09\/IMG_1443-800x1041.jpeg 800w, https:\/\/www.intellectualsovereignty.ch\/wp-content\/uploads\/2020\/09\/IMG_1443-scaled.jpeg 1967w\" sizes=\"auto, (max-width: 787px) 100vw, 787px\" \/><\/figure><\/li><li class=\"blocks-gallery-item\"><figure><img loading=\"lazy\" decoding=\"async\" width=\"768\" height=\"1024\" data-attachment-id=\"1439\" data-permalink=\"https:\/\/www.intellectualsovereignty.ch\/index.php\/2020\/09\/04\/hike-38-brienzer-rothorn-harder-kulm\/img_1444\/\" data-orig-file=\"https:\/\/www.intellectualsovereignty.ch\/wp-content\/uploads\/2020\/09\/IMG_1444-scaled.jpeg\" data-orig-size=\"1920,2560\" data-comments-opened=\"0\" data-image-title=\"IMG_1444\" data-image-description=\"\" data-image-caption=\"\" data-large-file=\"https:\/\/www.intellectualsovereignty.ch\/wp-content\/uploads\/2020\/09\/IMG_1444-768x1024.jpeg\" src=\"https:\/\/www.intellectualsovereignty.ch\/wp-content\/uploads\/2020\/09\/IMG_1444-768x1024.jpeg\" alt=\"\" data-id=\"1439\" data-full-url=\"https:\/\/www.intellectualsovereignty.ch\/wp-content\/uploads\/2020\/09\/IMG_1444-scaled.jpeg\" data-link=\"https:\/\/www.intellectualsovereignty.ch\/index.php\/2020\/09\/04\/hike-38-brienzer-rothorn-harder-kulm\/img_1444\/\" class=\"wp-image-1439\" srcset=\"https:\/\/www.intellectualsovereignty.ch\/wp-content\/uploads\/2020\/09\/IMG_1444-768x1024.jpeg 768w, https:\/\/www.intellectualsovereignty.ch\/wp-content\/uploads\/2020\/09\/IMG_1444-225x300.jpeg 225w, https:\/\/www.intellectualsovereignty.ch\/wp-content\/uploads\/2020\/09\/IMG_1444-1152x1536.jpeg 1152w, https:\/\/www.intellectualsovereignty.ch\/wp-content\/uploads\/2020\/09\/IMG_1444-1536x2048.jpeg 1536w, https:\/\/www.intellectualsovereignty.ch\/wp-content\/uploads\/2020\/09\/IMG_1444-1870x2493.jpeg 1870w, https:\/\/www.intellectualsovereignty.ch\/wp-content\/uploads\/2020\/09\/IMG_1444-400x533.jpeg 400w, https:\/\/www.intellectualsovereignty.ch\/wp-content\/uploads\/2020\/09\/IMG_1444-800x1067.jpeg 800w, https:\/\/www.intellectualsovereignty.ch\/wp-content\/uploads\/2020\/09\/IMG_1444-scaled.jpeg 1920w\" sizes=\"auto, (max-width: 768px) 100vw, 768px\" \/><\/figure><\/li><li class=\"blocks-gallery-item\"><figure><img loading=\"lazy\" decoding=\"async\" width=\"1024\" height=\"768\" data-attachment-id=\"1440\" data-permalink=\"https:\/\/www.intellectualsovereignty.ch\/index.php\/2020\/09\/04\/hike-38-brienzer-rothorn-harder-kulm\/img_1445\/\" data-orig-file=\"https:\/\/www.intellectualsovereignty.ch\/wp-content\/uploads\/2020\/09\/IMG_1445-scaled.jpeg\" data-orig-size=\"2560,1920\" data-comments-opened=\"0\" data-image-title=\"IMG_1445\" data-image-description=\"\" data-image-caption=\"\" data-large-file=\"https:\/\/www.intellectualsovereignty.ch\/wp-content\/uploads\/2020\/09\/IMG_1445-1024x768.jpeg\" src=\"https:\/\/www.intellectualsovereignty.ch\/wp-content\/uploads\/2020\/09\/IMG_1445-1024x768.jpeg\" alt=\"\" data-id=\"1440\" data-full-url=\"https:\/\/www.intellectualsovereignty.ch\/wp-content\/uploads\/2020\/09\/IMG_1445-scaled.jpeg\" data-link=\"https:\/\/www.intellectualsovereignty.ch\/index.php\/2020\/09\/04\/hike-38-brienzer-rothorn-harder-kulm\/img_1445\/\" class=\"wp-image-1440\" srcset=\"https:\/\/www.intellectualsovereignty.ch\/wp-content\/uploads\/2020\/09\/IMG_1445-1024x768.jpeg 1024w, https:\/\/www.intellectualsovereignty.ch\/wp-content\/uploads\/2020\/09\/IMG_1445-300x225.jpeg 300w, https:\/\/www.intellectualsovereignty.ch\/wp-content\/uploads\/2020\/09\/IMG_1445-768x576.jpeg 768w, https:\/\/www.intellectualsovereignty.ch\/wp-content\/uploads\/2020\/09\/IMG_1445-1536x1152.jpeg 1536w, https:\/\/www.intellectualsovereignty.ch\/wp-content\/uploads\/2020\/09\/IMG_1445-2048x1536.jpeg 2048w, https:\/\/www.intellectualsovereignty.ch\/wp-content\/uploads\/2020\/09\/IMG_1445-1870x1403.jpeg 1870w, https:\/\/www.intellectualsovereignty.ch\/wp-content\/uploads\/2020\/09\/IMG_1445-400x300.jpeg 400w, https:\/\/www.intellectualsovereignty.ch\/wp-content\/uploads\/2020\/09\/IMG_1445-800x600.jpeg 800w\" sizes=\"auto, (max-width: 1024px) 100vw, 1024px\" \/><\/figure><\/li><li class=\"blocks-gallery-item\"><figure><img loading=\"lazy\" decoding=\"async\" width=\"1024\" height=\"768\" data-attachment-id=\"1441\" data-permalink=\"https:\/\/www.intellectualsovereignty.ch\/index.php\/2020\/09\/04\/hike-38-brienzer-rothorn-harder-kulm\/img_1446\/\" data-orig-file=\"https:\/\/www.intellectualsovereignty.ch\/wp-content\/uploads\/2020\/09\/IMG_1446-scaled.jpeg\" data-orig-size=\"2560,1920\" data-comments-opened=\"0\" data-image-title=\"IMG_1446\" data-image-description=\"\" data-image-caption=\"\" data-large-file=\"https:\/\/www.intellectualsovereignty.ch\/wp-content\/uploads\/2020\/09\/IMG_1446-1024x768.jpeg\" src=\"https:\/\/www.intellectualsovereignty.ch\/wp-content\/uploads\/2020\/09\/IMG_1446-1024x768.jpeg\" alt=\"\" data-id=\"1441\" data-full-url=\"https:\/\/www.intellectualsovereignty.ch\/wp-content\/uploads\/2020\/09\/IMG_1446-scaled.jpeg\" data-link=\"https:\/\/www.intellectualsovereignty.ch\/index.php\/2020\/09\/04\/hike-38-brienzer-rothorn-harder-kulm\/img_1446\/\" class=\"wp-image-1441\" srcset=\"https:\/\/www.intellectualsovereignty.ch\/wp-content\/uploads\/2020\/09\/IMG_1446-1024x768.jpeg 1024w, https:\/\/www.intellectualsovereignty.ch\/wp-content\/uploads\/2020\/09\/IMG_1446-300x225.jpeg 300w, https:\/\/www.intellectualsovereignty.ch\/wp-content\/uploads\/2020\/09\/IMG_1446-768x576.jpeg 768w, https:\/\/www.intellectualsovereignty.ch\/wp-content\/uploads\/2020\/09\/IMG_1446-1536x1152.jpeg 1536w, https:\/\/www.intellectualsovereignty.ch\/wp-content\/uploads\/2020\/09\/IMG_1446-2048x1536.jpeg 2048w, https:\/\/www.intellectualsovereignty.ch\/wp-content\/uploads\/2020\/09\/IMG_1446-1870x1403.jpeg 1870w, https:\/\/www.intellectualsovereignty.ch\/wp-content\/uploads\/2020\/09\/IMG_1446-400x300.jpeg 400w, https:\/\/www.intellectualsovereignty.ch\/wp-content\/uploads\/2020\/09\/IMG_1446-800x600.jpeg 800w\" sizes=\"auto, (max-width: 1024px) 100vw, 1024px\" \/><\/figure><\/li><li class=\"blocks-gallery-item\"><figure><img loading=\"lazy\" decoding=\"async\" width=\"1024\" height=\"768\" data-attachment-id=\"1442\" data-permalink=\"https:\/\/www.intellectualsovereignty.ch\/index.php\/2020\/09\/04\/hike-38-brienzer-rothorn-harder-kulm\/img_1447\/\" data-orig-file=\"https:\/\/www.intellectualsovereignty.ch\/wp-content\/uploads\/2020\/09\/IMG_1447-scaled.jpeg\" data-orig-size=\"2560,1920\" data-comments-opened=\"0\" data-image-title=\"IMG_1447\" data-image-description=\"\" data-image-caption=\"\" data-large-file=\"https:\/\/www.intellectualsovereignty.ch\/wp-content\/uploads\/2020\/09\/IMG_1447-1024x768.jpeg\" src=\"https:\/\/www.intellectualsovereignty.ch\/wp-content\/uploads\/2020\/09\/IMG_1447-1024x768.jpeg\" alt=\"\" data-id=\"1442\" data-full-url=\"https:\/\/www.intellectualsovereignty.ch\/wp-content\/uploads\/2020\/09\/IMG_1447-scaled.jpeg\" data-link=\"https:\/\/www.intellectualsovereignty.ch\/index.php\/2020\/09\/04\/hike-38-brienzer-rothorn-harder-kulm\/img_1447\/\" class=\"wp-image-1442\" srcset=\"https:\/\/www.intellectualsovereignty.ch\/wp-content\/uploads\/2020\/09\/IMG_1447-1024x768.jpeg 1024w, https:\/\/www.intellectualsovereignty.ch\/wp-content\/uploads\/2020\/09\/IMG_1447-300x225.jpeg 300w, https:\/\/www.intellectualsovereignty.ch\/wp-content\/uploads\/2020\/09\/IMG_1447-768x576.jpeg 768w, https:\/\/www.intellectualsovereignty.ch\/wp-content\/uploads\/2020\/09\/IMG_1447-1536x1152.jpeg 1536w, https:\/\/www.intellectualsovereignty.ch\/wp-content\/uploads\/2020\/09\/IMG_1447-2048x1536.jpeg 2048w, https:\/\/www.intellectualsovereignty.ch\/wp-content\/uploads\/2020\/09\/IMG_1447-1870x1403.jpeg 1870w, https:\/\/www.intellectualsovereignty.ch\/wp-content\/uploads\/2020\/09\/IMG_1447-400x300.jpeg 400w, https:\/\/www.intellectualsovereignty.ch\/wp-content\/uploads\/2020\/09\/IMG_1447-800x600.jpeg 800w\" sizes=\"auto, (max-width: 1024px) 100vw, 1024px\" \/><\/figure><\/li><li class=\"blocks-gallery-item\"><figure><img loading=\"lazy\" decoding=\"async\" width=\"1024\" height=\"438\" data-attachment-id=\"1443\" data-permalink=\"https:\/\/www.intellectualsovereignty.ch\/index.php\/2020\/09\/04\/hike-38-brienzer-rothorn-harder-kulm\/img_1448\/\" data-orig-file=\"https:\/\/www.intellectualsovereignty.ch\/wp-content\/uploads\/2020\/09\/IMG_1448-scaled.jpeg\" data-orig-size=\"2560,1095\" data-comments-opened=\"0\" data-image-title=\"IMG_1448\" data-image-description=\"\" data-image-caption=\"\" data-large-file=\"https:\/\/www.intellectualsovereignty.ch\/wp-content\/uploads\/2020\/09\/IMG_1448-1024x438.jpeg\" src=\"https:\/\/www.intellectualsovereignty.ch\/wp-content\/uploads\/2020\/09\/IMG_1448-1024x438.jpeg\" alt=\"\" data-id=\"1443\" data-full-url=\"https:\/\/www.intellectualsovereignty.ch\/wp-content\/uploads\/2020\/09\/IMG_1448-scaled.jpeg\" data-link=\"https:\/\/www.intellectualsovereignty.ch\/index.php\/2020\/09\/04\/hike-38-brienzer-rothorn-harder-kulm\/img_1448\/\" class=\"wp-image-1443\" srcset=\"https:\/\/www.intellectualsovereignty.ch\/wp-content\/uploads\/2020\/09\/IMG_1448-1024x438.jpeg 1024w, https:\/\/www.intellectualsovereignty.ch\/wp-content\/uploads\/2020\/09\/IMG_1448-300x128.jpeg 300w, https:\/\/www.intellectualsovereignty.ch\/wp-content\/uploads\/2020\/09\/IMG_1448-768x329.jpeg 768w, https:\/\/www.intellectualsovereignty.ch\/wp-content\/uploads\/2020\/09\/IMG_1448-1536x657.jpeg 1536w, https:\/\/www.intellectualsovereignty.ch\/wp-content\/uploads\/2020\/09\/IMG_1448-2048x876.jpeg 2048w, https:\/\/www.intellectualsovereignty.ch\/wp-content\/uploads\/2020\/09\/IMG_1448-1870x800.jpeg 1870w, https:\/\/www.intellectualsovereignty.ch\/wp-content\/uploads\/2020\/09\/IMG_1448-400x171.jpeg 400w, https:\/\/www.intellectualsovereignty.ch\/wp-content\/uploads\/2020\/09\/IMG_1448-800x342.jpeg 800w\" sizes=\"auto, (max-width: 1024px) 100vw, 1024px\" \/><\/figure><\/li><li class=\"blocks-gallery-item\"><figure><img loading=\"lazy\" decoding=\"async\" width=\"1024\" height=\"768\" data-attachment-id=\"1444\" data-permalink=\"https:\/\/www.intellectualsovereignty.ch\/index.php\/2020\/09\/04\/hike-38-brienzer-rothorn-harder-kulm\/img_1449\/\" data-orig-file=\"https:\/\/www.intellectualsovereignty.ch\/wp-content\/uploads\/2020\/09\/IMG_1449-scaled.jpeg\" data-orig-size=\"2560,1920\" data-comments-opened=\"0\" data-image-title=\"IMG_1449\" data-image-description=\"\" data-image-caption=\"\" data-large-file=\"https:\/\/www.intellectualsovereignty.ch\/wp-content\/uploads\/2020\/09\/IMG_1449-1024x768.jpeg\" src=\"https:\/\/www.intellectualsovereignty.ch\/wp-content\/uploads\/2020\/09\/IMG_1449-1024x768.jpeg\" alt=\"\" data-id=\"1444\" data-full-url=\"https:\/\/www.intellectualsovereignty.ch\/wp-content\/uploads\/2020\/09\/IMG_1449-scaled.jpeg\" data-link=\"https:\/\/www.intellectualsovereignty.ch\/index.php\/2020\/09\/04\/hike-38-brienzer-rothorn-harder-kulm\/img_1449\/\" class=\"wp-image-1444\" srcset=\"https:\/\/www.intellectualsovereignty.ch\/wp-content\/uploads\/2020\/09\/IMG_1449-1024x768.jpeg 1024w, https:\/\/www.intellectualsovereignty.ch\/wp-content\/uploads\/2020\/09\/IMG_1449-300x225.jpeg 300w, https:\/\/www.intellectualsovereignty.ch\/wp-content\/uploads\/2020\/09\/IMG_1449-768x576.jpeg 768w, https:\/\/www.intellectualsovereignty.ch\/wp-content\/uploads\/2020\/09\/IMG_1449-1536x1152.jpeg 1536w, https:\/\/www.intellectualsovereignty.ch\/wp-content\/uploads\/2020\/09\/IMG_1449-2048x1536.jpeg 2048w, https:\/\/www.intellectualsovereignty.ch\/wp-content\/uploads\/2020\/09\/IMG_1449-1870x1403.jpeg 1870w, https:\/\/www.intellectualsovereignty.ch\/wp-content\/uploads\/2020\/09\/IMG_1449-400x300.jpeg 400w, https:\/\/www.intellectualsovereignty.ch\/wp-content\/uploads\/2020\/09\/IMG_1449-800x600.jpeg 800w\" sizes=\"auto, (max-width: 1024px) 100vw, 1024px\" \/><\/figure><\/li><li class=\"blocks-gallery-item\"><figure><img loading=\"lazy\" decoding=\"async\" width=\"1024\" height=\"768\" data-attachment-id=\"1445\" data-permalink=\"https:\/\/www.intellectualsovereignty.ch\/index.php\/2020\/09\/04\/hike-38-brienzer-rothorn-harder-kulm\/img_1450\/\" data-orig-file=\"https:\/\/www.intellectualsovereignty.ch\/wp-content\/uploads\/2020\/09\/IMG_1450-scaled.jpeg\" data-orig-size=\"2560,1920\" data-comments-opened=\"0\" data-image-title=\"IMG_1450\" data-image-description=\"\" data-image-caption=\"\" data-large-file=\"https:\/\/www.intellectualsovereignty.ch\/wp-content\/uploads\/2020\/09\/IMG_1450-1024x768.jpeg\" src=\"https:\/\/www.intellectualsovereignty.ch\/wp-content\/uploads\/2020\/09\/IMG_1450-1024x768.jpeg\" alt=\"\" data-id=\"1445\" data-full-url=\"https:\/\/www.intellectualsovereignty.ch\/wp-content\/uploads\/2020\/09\/IMG_1450-scaled.jpeg\" data-link=\"https:\/\/www.intellectualsovereignty.ch\/index.php\/2020\/09\/04\/hike-38-brienzer-rothorn-harder-kulm\/img_1450\/\" class=\"wp-image-1445\" srcset=\"https:\/\/www.intellectualsovereignty.ch\/wp-content\/uploads\/2020\/09\/IMG_1450-1024x768.jpeg 1024w, https:\/\/www.intellectualsovereignty.ch\/wp-content\/uploads\/2020\/09\/IMG_1450-300x225.jpeg 300w, https:\/\/www.intellectualsovereignty.ch\/wp-content\/uploads\/2020\/09\/IMG_1450-768x576.jpeg 768w, https:\/\/www.intellectualsovereignty.ch\/wp-content\/uploads\/2020\/09\/IMG_1450-1536x1152.jpeg 1536w, https:\/\/www.intellectualsovereignty.ch\/wp-content\/uploads\/2020\/09\/IMG_1450-2048x1536.jpeg 2048w, https:\/\/www.intellectualsovereignty.ch\/wp-content\/uploads\/2020\/09\/IMG_1450-1870x1403.jpeg 1870w, https:\/\/www.intellectualsovereignty.ch\/wp-content\/uploads\/2020\/09\/IMG_1450-400x300.jpeg 400w, https:\/\/www.intellectualsovereignty.ch\/wp-content\/uploads\/2020\/09\/IMG_1450-800x600.jpeg 800w\" sizes=\"auto, (max-width: 1024px) 100vw, 1024px\" \/><\/figure><\/li><li class=\"blocks-gallery-item\"><figure><img loading=\"lazy\" decoding=\"async\" width=\"619\" height=\"1024\" data-attachment-id=\"1446\" data-permalink=\"https:\/\/www.intellectualsovereignty.ch\/index.php\/2020\/09\/04\/hike-38-brienzer-rothorn-harder-kulm\/img_1451\/\" data-orig-file=\"https:\/\/www.intellectualsovereignty.ch\/wp-content\/uploads\/2020\/09\/IMG_1451-scaled.jpeg\" data-orig-size=\"1548,2560\" data-comments-opened=\"0\" data-image-title=\"IMG_1451\" data-image-description=\"\" data-image-caption=\"\" data-large-file=\"https:\/\/www.intellectualsovereignty.ch\/wp-content\/uploads\/2020\/09\/IMG_1451-619x1024.jpeg\" src=\"https:\/\/www.intellectualsovereignty.ch\/wp-content\/uploads\/2020\/09\/IMG_1451-619x1024.jpeg\" alt=\"\" data-id=\"1446\" data-full-url=\"https:\/\/www.intellectualsovereignty.ch\/wp-content\/uploads\/2020\/09\/IMG_1451-scaled.jpeg\" data-link=\"https:\/\/www.intellectualsovereignty.ch\/index.php\/2020\/09\/04\/hike-38-brienzer-rothorn-harder-kulm\/img_1451\/\" class=\"wp-image-1446\" srcset=\"https:\/\/www.intellectualsovereignty.ch\/wp-content\/uploads\/2020\/09\/IMG_1451-619x1024.jpeg 619w, https:\/\/www.intellectualsovereignty.ch\/wp-content\/uploads\/2020\/09\/IMG_1451-181x300.jpeg 181w, https:\/\/www.intellectualsovereignty.ch\/wp-content\/uploads\/2020\/09\/IMG_1451-768x1270.jpeg 768w, https:\/\/www.intellectualsovereignty.ch\/wp-content\/uploads\/2020\/09\/IMG_1451-929x1536.jpeg 929w, https:\/\/www.intellectualsovereignty.ch\/wp-content\/uploads\/2020\/09\/IMG_1451-1239x2048.jpeg 1239w, https:\/\/www.intellectualsovereignty.ch\/wp-content\/uploads\/2020\/09\/IMG_1451-1870x3092.jpeg 1870w, https:\/\/www.intellectualsovereignty.ch\/wp-content\/uploads\/2020\/09\/IMG_1451-400x661.jpeg 400w, https:\/\/www.intellectualsovereignty.ch\/wp-content\/uploads\/2020\/09\/IMG_1451-800x1323.jpeg 800w, https:\/\/www.intellectualsovereignty.ch\/wp-content\/uploads\/2020\/09\/IMG_1451-scaled.jpeg 1548w\" sizes=\"auto, (max-width: 619px) 100vw, 619px\" \/><\/figure><\/li><li class=\"blocks-gallery-item\"><figure><img loading=\"lazy\" decoding=\"async\" width=\"768\" height=\"1024\" data-attachment-id=\"1447\" data-permalink=\"https:\/\/www.intellectualsovereignty.ch\/index.php\/2020\/09\/04\/hike-38-brienzer-rothorn-harder-kulm\/img_1452\/\" data-orig-file=\"https:\/\/www.intellectualsovereignty.ch\/wp-content\/uploads\/2020\/09\/IMG_1452-scaled.jpeg\" data-orig-size=\"1920,2560\" data-comments-opened=\"0\" data-image-title=\"IMG_1452\" data-image-description=\"\" data-image-caption=\"\" data-large-file=\"https:\/\/www.intellectualsovereignty.ch\/wp-content\/uploads\/2020\/09\/IMG_1452-768x1024.jpeg\" src=\"https:\/\/www.intellectualsovereignty.ch\/wp-content\/uploads\/2020\/09\/IMG_1452-768x1024.jpeg\" alt=\"\" data-id=\"1447\" data-full-url=\"https:\/\/www.intellectualsovereignty.ch\/wp-content\/uploads\/2020\/09\/IMG_1452-scaled.jpeg\" data-link=\"https:\/\/www.intellectualsovereignty.ch\/index.php\/2020\/09\/04\/hike-38-brienzer-rothorn-harder-kulm\/img_1452\/\" class=\"wp-image-1447\" srcset=\"https:\/\/www.intellectualsovereignty.ch\/wp-content\/uploads\/2020\/09\/IMG_1452-768x1024.jpeg 768w, https:\/\/www.intellectualsovereignty.ch\/wp-content\/uploads\/2020\/09\/IMG_1452-225x300.jpeg 225w, https:\/\/www.intellectualsovereignty.ch\/wp-content\/uploads\/2020\/09\/IMG_1452-1152x1536.jpeg 1152w, https:\/\/www.intellectualsovereignty.ch\/wp-content\/uploads\/2020\/09\/IMG_1452-1536x2048.jpeg 1536w, https:\/\/www.intellectualsovereignty.ch\/wp-content\/uploads\/2020\/09\/IMG_1452-1870x2493.jpeg 1870w, https:\/\/www.intellectualsovereignty.ch\/wp-content\/uploads\/2020\/09\/IMG_1452-400x533.jpeg 400w, https:\/\/www.intellectualsovereignty.ch\/wp-content\/uploads\/2020\/09\/IMG_1452-800x1067.jpeg 800w, https:\/\/www.intellectualsovereignty.ch\/wp-content\/uploads\/2020\/09\/IMG_1452-scaled.jpeg 1920w\" sizes=\"auto, (max-width: 768px) 100vw, 768px\" \/><\/figure><\/li><li class=\"blocks-gallery-item\"><figure><img loading=\"lazy\" decoding=\"async\" width=\"1024\" height=\"768\" data-attachment-id=\"1448\" data-permalink=\"https:\/\/www.intellectualsovereignty.ch\/index.php\/2020\/09\/04\/hike-38-brienzer-rothorn-harder-kulm\/img_1453\/\" data-orig-file=\"https:\/\/www.intellectualsovereignty.ch\/wp-content\/uploads\/2020\/09\/IMG_1453-scaled.jpeg\" data-orig-size=\"2560,1920\" data-comments-opened=\"0\" data-image-title=\"IMG_1453\" data-image-description=\"\" data-image-caption=\"\" data-large-file=\"https:\/\/www.intellectualsovereignty.ch\/wp-content\/uploads\/2020\/09\/IMG_1453-1024x768.jpeg\" src=\"https:\/\/www.intellectualsovereignty.ch\/wp-content\/uploads\/2020\/09\/IMG_1453-1024x768.jpeg\" alt=\"\" data-id=\"1448\" data-full-url=\"https:\/\/www.intellectualsovereignty.ch\/wp-content\/uploads\/2020\/09\/IMG_1453-scaled.jpeg\" data-link=\"https:\/\/www.intellectualsovereignty.ch\/index.php\/2020\/09\/04\/hike-38-brienzer-rothorn-harder-kulm\/img_1453\/\" class=\"wp-image-1448\" srcset=\"https:\/\/www.intellectualsovereignty.ch\/wp-content\/uploads\/2020\/09\/IMG_1453-1024x768.jpeg 1024w, https:\/\/www.intellectualsovereignty.ch\/wp-content\/uploads\/2020\/09\/IMG_1453-300x225.jpeg 300w, https:\/\/www.intellectualsovereignty.ch\/wp-content\/uploads\/2020\/09\/IMG_1453-768x576.jpeg 768w, https:\/\/www.intellectualsovereignty.ch\/wp-content\/uploads\/2020\/09\/IMG_1453-1536x1152.jpeg 1536w, https:\/\/www.intellectualsovereignty.ch\/wp-content\/uploads\/2020\/09\/IMG_1453-2048x1536.jpeg 2048w, https:\/\/www.intellectualsovereignty.ch\/wp-content\/uploads\/2020\/09\/IMG_1453-1870x1403.jpeg 1870w, https:\/\/www.intellectualsovereignty.ch\/wp-content\/uploads\/2020\/09\/IMG_1453-400x300.jpeg 400w, https:\/\/www.intellectualsovereignty.ch\/wp-content\/uploads\/2020\/09\/IMG_1453-800x600.jpeg 800w\" sizes=\"auto, (max-width: 1024px) 100vw, 1024px\" \/><\/figure><\/li><li class=\"blocks-gallery-item\"><figure><img loading=\"lazy\" decoding=\"async\" width=\"1024\" height=\"541\" data-attachment-id=\"1449\" data-permalink=\"https:\/\/www.intellectualsovereignty.ch\/index.php\/2020\/09\/04\/hike-38-brienzer-rothorn-harder-kulm\/img_1454\/\" data-orig-file=\"https:\/\/www.intellectualsovereignty.ch\/wp-content\/uploads\/2020\/09\/IMG_1454-scaled.jpeg\" data-orig-size=\"2560,1353\" data-comments-opened=\"0\" data-image-title=\"IMG_1454\" data-image-description=\"\" data-image-caption=\"\" data-large-file=\"https:\/\/www.intellectualsovereignty.ch\/wp-content\/uploads\/2020\/09\/IMG_1454-1024x541.jpeg\" src=\"https:\/\/www.intellectualsovereignty.ch\/wp-content\/uploads\/2020\/09\/IMG_1454-1024x541.jpeg\" alt=\"\" data-id=\"1449\" data-full-url=\"https:\/\/www.intellectualsovereignty.ch\/wp-content\/uploads\/2020\/09\/IMG_1454-scaled.jpeg\" data-link=\"https:\/\/www.intellectualsovereignty.ch\/index.php\/2020\/09\/04\/hike-38-brienzer-rothorn-harder-kulm\/img_1454\/\" class=\"wp-image-1449\" srcset=\"https:\/\/www.intellectualsovereignty.ch\/wp-content\/uploads\/2020\/09\/IMG_1454-1024x541.jpeg 1024w, https:\/\/www.intellectualsovereignty.ch\/wp-content\/uploads\/2020\/09\/IMG_1454-300x159.jpeg 300w, https:\/\/www.intellectualsovereignty.ch\/wp-content\/uploads\/2020\/09\/IMG_1454-768x406.jpeg 768w, https:\/\/www.intellectualsovereignty.ch\/wp-content\/uploads\/2020\/09\/IMG_1454-1536x812.jpeg 1536w, https:\/\/www.intellectualsovereignty.ch\/wp-content\/uploads\/2020\/09\/IMG_1454-2048x1083.jpeg 2048w, https:\/\/www.intellectualsovereignty.ch\/wp-content\/uploads\/2020\/09\/IMG_1454-1870x989.jpeg 1870w, https:\/\/www.intellectualsovereignty.ch\/wp-content\/uploads\/2020\/09\/IMG_1454-400x211.jpeg 400w, https:\/\/www.intellectualsovereignty.ch\/wp-content\/uploads\/2020\/09\/IMG_1454-800x423.jpeg 800w\" sizes=\"auto, (max-width: 1024px) 100vw, 1024px\" \/><\/figure><\/li><li class=\"blocks-gallery-item\"><figure><img loading=\"lazy\" decoding=\"async\" width=\"1024\" height=\"250\" data-attachment-id=\"1450\" data-permalink=\"https:\/\/www.intellectualsovereignty.ch\/index.php\/2020\/09\/04\/hike-38-brienzer-rothorn-harder-kulm\/img_1455\/\" data-orig-file=\"https:\/\/www.intellectualsovereignty.ch\/wp-content\/uploads\/2020\/09\/IMG_1455-scaled.jpeg\" data-orig-size=\"2560,626\" data-comments-opened=\"0\" data-image-title=\"IMG_1455\" data-image-description=\"\" data-image-caption=\"\" data-large-file=\"https:\/\/www.intellectualsovereignty.ch\/wp-content\/uploads\/2020\/09\/IMG_1455-1024x250.jpeg\" src=\"https:\/\/www.intellectualsovereignty.ch\/wp-content\/uploads\/2020\/09\/IMG_1455-1024x250.jpeg\" alt=\"\" data-id=\"1450\" data-full-url=\"https:\/\/www.intellectualsovereignty.ch\/wp-content\/uploads\/2020\/09\/IMG_1455-scaled.jpeg\" data-link=\"https:\/\/www.intellectualsovereignty.ch\/index.php\/2020\/09\/04\/hike-38-brienzer-rothorn-harder-kulm\/img_1455\/\" class=\"wp-image-1450\" srcset=\"https:\/\/www.intellectualsovereignty.ch\/wp-content\/uploads\/2020\/09\/IMG_1455-1024x250.jpeg 1024w, https:\/\/www.intellectualsovereignty.ch\/wp-content\/uploads\/2020\/09\/IMG_1455-300x73.jpeg 300w, https:\/\/www.intellectualsovereignty.ch\/wp-content\/uploads\/2020\/09\/IMG_1455-768x188.jpeg 768w, https:\/\/www.intellectualsovereignty.ch\/wp-content\/uploads\/2020\/09\/IMG_1455-1536x375.jpeg 1536w, https:\/\/www.intellectualsovereignty.ch\/wp-content\/uploads\/2020\/09\/IMG_1455-2048x501.jpeg 2048w, https:\/\/www.intellectualsovereignty.ch\/wp-content\/uploads\/2020\/09\/IMG_1455-1870x457.jpeg 1870w, https:\/\/www.intellectualsovereignty.ch\/wp-content\/uploads\/2020\/09\/IMG_1455-400x98.jpeg 400w, https:\/\/www.intellectualsovereignty.ch\/wp-content\/uploads\/2020\/09\/IMG_1455-800x196.jpeg 800w\" sizes=\"auto, (max-width: 1024px) 100vw, 1024px\" \/><\/figure><\/li><li class=\"blocks-gallery-item\"><figure><img loading=\"lazy\" decoding=\"async\" width=\"1024\" height=\"768\" data-attachment-id=\"1451\" data-permalink=\"https:\/\/www.intellectualsovereignty.ch\/index.php\/2020\/09\/04\/hike-38-brienzer-rothorn-harder-kulm\/img_1456\/\" data-orig-file=\"https:\/\/www.intellectualsovereignty.ch\/wp-content\/uploads\/2020\/09\/IMG_1456-scaled.jpeg\" data-orig-size=\"2560,1920\" data-comments-opened=\"0\" data-image-title=\"IMG_1456\" data-image-description=\"\" data-image-caption=\"\" data-large-file=\"https:\/\/www.intellectualsovereignty.ch\/wp-content\/uploads\/2020\/09\/IMG_1456-1024x768.jpeg\" src=\"https:\/\/www.intellectualsovereignty.ch\/wp-content\/uploads\/2020\/09\/IMG_1456-1024x768.jpeg\" alt=\"\" data-id=\"1451\" data-full-url=\"https:\/\/www.intellectualsovereignty.ch\/wp-content\/uploads\/2020\/09\/IMG_1456-scaled.jpeg\" data-link=\"https:\/\/www.intellectualsovereignty.ch\/index.php\/2020\/09\/04\/hike-38-brienzer-rothorn-harder-kulm\/img_1456\/\" class=\"wp-image-1451\" srcset=\"https:\/\/www.intellectualsovereignty.ch\/wp-content\/uploads\/2020\/09\/IMG_1456-1024x768.jpeg 1024w, https:\/\/www.intellectualsovereignty.ch\/wp-content\/uploads\/2020\/09\/IMG_1456-300x225.jpeg 300w, https:\/\/www.intellectualsovereignty.ch\/wp-content\/uploads\/2020\/09\/IMG_1456-768x576.jpeg 768w, https:\/\/www.intellectualsovereignty.ch\/wp-content\/uploads\/2020\/09\/IMG_1456-1536x1152.jpeg 1536w, https:\/\/www.intellectualsovereignty.ch\/wp-content\/uploads\/2020\/09\/IMG_1456-2048x1536.jpeg 2048w, https:\/\/www.intellectualsovereignty.ch\/wp-content\/uploads\/2020\/09\/IMG_1456-1870x1403.jpeg 1870w, https:\/\/www.intellectualsovereignty.ch\/wp-content\/uploads\/2020\/09\/IMG_1456-400x300.jpeg 400w, https:\/\/www.intellectualsovereignty.ch\/wp-content\/uploads\/2020\/09\/IMG_1456-800x600.jpeg 800w\" sizes=\"auto, (max-width: 1024px) 100vw, 1024px\" \/><\/figure><\/li><li class=\"blocks-gallery-item\"><figure><img loading=\"lazy\" decoding=\"async\" width=\"1024\" height=\"768\" data-attachment-id=\"1452\" data-permalink=\"https:\/\/www.intellectualsovereignty.ch\/index.php\/2020\/09\/04\/hike-38-brienzer-rothorn-harder-kulm\/img_1457\/\" data-orig-file=\"https:\/\/www.intellectualsovereignty.ch\/wp-content\/uploads\/2020\/09\/IMG_1457-scaled.jpeg\" data-orig-size=\"2560,1920\" data-comments-opened=\"0\" data-image-title=\"IMG_1457\" data-image-description=\"\" data-image-caption=\"\" data-large-file=\"https:\/\/www.intellectualsovereignty.ch\/wp-content\/uploads\/2020\/09\/IMG_1457-1024x768.jpeg\" src=\"https:\/\/www.intellectualsovereignty.ch\/wp-content\/uploads\/2020\/09\/IMG_1457-1024x768.jpeg\" alt=\"\" data-id=\"1452\" data-full-url=\"https:\/\/www.intellectualsovereignty.ch\/wp-content\/uploads\/2020\/09\/IMG_1457-scaled.jpeg\" data-link=\"https:\/\/www.intellectualsovereignty.ch\/index.php\/2020\/09\/04\/hike-38-brienzer-rothorn-harder-kulm\/img_1457\/\" class=\"wp-image-1452\" srcset=\"https:\/\/www.intellectualsovereignty.ch\/wp-content\/uploads\/2020\/09\/IMG_1457-1024x768.jpeg 1024w, https:\/\/www.intellectualsovereignty.ch\/wp-content\/uploads\/2020\/09\/IMG_1457-300x225.jpeg 300w, https:\/\/www.intellectualsovereignty.ch\/wp-content\/uploads\/2020\/09\/IMG_1457-768x576.jpeg 768w, https:\/\/www.intellectualsovereignty.ch\/wp-content\/uploads\/2020\/09\/IMG_1457-1536x1152.jpeg 1536w, https:\/\/www.intellectualsovereignty.ch\/wp-content\/uploads\/2020\/09\/IMG_1457-2048x1536.jpeg 2048w, https:\/\/www.intellectualsovereignty.ch\/wp-content\/uploads\/2020\/09\/IMG_1457-1870x1403.jpeg 1870w, https:\/\/www.intellectualsovereignty.ch\/wp-content\/uploads\/2020\/09\/IMG_1457-400x300.jpeg 400w, https:\/\/www.intellectualsovereignty.ch\/wp-content\/uploads\/2020\/09\/IMG_1457-800x600.jpeg 800w\" sizes=\"auto, (max-width: 1024px) 100vw, 1024px\" \/><\/figure><\/li><li class=\"blocks-gallery-item\"><figure><img loading=\"lazy\" decoding=\"async\" width=\"1024\" height=\"768\" data-attachment-id=\"1453\" data-permalink=\"https:\/\/www.intellectualsovereignty.ch\/index.php\/2020\/09\/04\/hike-38-brienzer-rothorn-harder-kulm\/img_1458\/\" data-orig-file=\"https:\/\/www.intellectualsovereignty.ch\/wp-content\/uploads\/2020\/09\/IMG_1458-scaled.jpeg\" data-orig-size=\"2560,1920\" data-comments-opened=\"0\" data-image-title=\"IMG_1458\" data-image-description=\"\" data-image-caption=\"\" data-large-file=\"https:\/\/www.intellectualsovereignty.ch\/wp-content\/uploads\/2020\/09\/IMG_1458-1024x768.jpeg\" src=\"https:\/\/www.intellectualsovereignty.ch\/wp-content\/uploads\/2020\/09\/IMG_1458-1024x768.jpeg\" alt=\"\" data-id=\"1453\" data-full-url=\"https:\/\/www.intellectualsovereignty.ch\/wp-content\/uploads\/2020\/09\/IMG_1458-scaled.jpeg\" data-link=\"https:\/\/www.intellectualsovereignty.ch\/index.php\/2020\/09\/04\/hike-38-brienzer-rothorn-harder-kulm\/img_1458\/\" class=\"wp-image-1453\" srcset=\"https:\/\/www.intellectualsovereignty.ch\/wp-content\/uploads\/2020\/09\/IMG_1458-1024x768.jpeg 1024w, https:\/\/www.intellectualsovereignty.ch\/wp-content\/uploads\/2020\/09\/IMG_1458-300x225.jpeg 300w, https:\/\/www.intellectualsovereignty.ch\/wp-content\/uploads\/2020\/09\/IMG_1458-768x576.jpeg 768w, https:\/\/www.intellectualsovereignty.ch\/wp-content\/uploads\/2020\/09\/IMG_1458-1536x1152.jpeg 1536w, https:\/\/www.intellectualsovereignty.ch\/wp-content\/uploads\/2020\/09\/IMG_1458-2048x1536.jpeg 2048w, https:\/\/www.intellectualsovereignty.ch\/wp-content\/uploads\/2020\/09\/IMG_1458-1870x1403.jpeg 1870w, https:\/\/www.intellectualsovereignty.ch\/wp-content\/uploads\/2020\/09\/IMG_1458-400x300.jpeg 400w, https:\/\/www.intellectualsovereignty.ch\/wp-content\/uploads\/2020\/09\/IMG_1458-800x600.jpeg 800w\" sizes=\"auto, (max-width: 1024px) 100vw, 1024px\" \/><\/figure><\/li><\/ul><\/figure>\n\n\n\n<p class=\"wp-block-paragraph\">Von da an geht es abwechslungsreich stetig runter, im langgezogenen Waldst\u00fcck beim Wannichnubel ist der Wanderweg gespickt mit stolpergef\u00e4hrdendem Wurzelwerk, doch wir gelangen ohne Blessuren aber stark unterhopfig bis zum Harderkulm. Dort lassen wir mit Sonnenuntergang, Blick auf Eiger, M\u00f6nch und Jungfrau sowie Cordon Bleu den Tag ausklingen. Danke ihr drei f\u00fcr den tollen Tag! <\/p>\n\n\n\n<figure class=\"wp-block-gallery columns-3 is-cropped wp-block-gallery-7 is-layout-flex wp-block-gallery-is-layout-flex\"><ul class=\"blocks-gallery-grid\"><li class=\"blocks-gallery-item\"><figure><img loading=\"lazy\" decoding=\"async\" width=\"1024\" height=\"768\" data-attachment-id=\"1454\" data-permalink=\"https:\/\/www.intellectualsovereignty.ch\/index.php\/2020\/09\/04\/hike-38-brienzer-rothorn-harder-kulm\/img_1459\/\" data-orig-file=\"https:\/\/www.intellectualsovereignty.ch\/wp-content\/uploads\/2020\/09\/IMG_1459-scaled.jpeg\" data-orig-size=\"2560,1920\" data-comments-opened=\"0\" data-image-title=\"IMG_1459\" data-image-description=\"\" data-image-caption=\"\" data-large-file=\"https:\/\/www.intellectualsovereignty.ch\/wp-content\/uploads\/2020\/09\/IMG_1459-1024x768.jpeg\" src=\"https:\/\/www.intellectualsovereignty.ch\/wp-content\/uploads\/2020\/09\/IMG_1459-1024x768.jpeg\" alt=\"\" data-id=\"1454\" data-link=\"https:\/\/www.intellectualsovereignty.ch\/index.php\/2020\/09\/04\/hike-38-brienzer-rothorn-harder-kulm\/img_1459\/\" class=\"wp-image-1454\" srcset=\"https:\/\/www.intellectualsovereignty.ch\/wp-content\/uploads\/2020\/09\/IMG_1459-1024x768.jpeg 1024w, https:\/\/www.intellectualsovereignty.ch\/wp-content\/uploads\/2020\/09\/IMG_1459-300x225.jpeg 300w, https:\/\/www.intellectualsovereignty.ch\/wp-content\/uploads\/2020\/09\/IMG_1459-768x576.jpeg 768w, https:\/\/www.intellectualsovereignty.ch\/wp-content\/uploads\/2020\/09\/IMG_1459-1536x1152.jpeg 1536w, https:\/\/www.intellectualsovereignty.ch\/wp-content\/uploads\/2020\/09\/IMG_1459-2048x1536.jpeg 2048w, https:\/\/www.intellectualsovereignty.ch\/wp-content\/uploads\/2020\/09\/IMG_1459-1870x1403.jpeg 1870w, https:\/\/www.intellectualsovereignty.ch\/wp-content\/uploads\/2020\/09\/IMG_1459-400x300.jpeg 400w, https:\/\/www.intellectualsovereignty.ch\/wp-content\/uploads\/2020\/09\/IMG_1459-800x600.jpeg 800w\" sizes=\"auto, (max-width: 1024px) 100vw, 1024px\" \/><\/figure><\/li><li class=\"blocks-gallery-item\"><figure><img loading=\"lazy\" decoding=\"async\" width=\"768\" height=\"1024\" data-attachment-id=\"1455\" data-permalink=\"https:\/\/www.intellectualsovereignty.ch\/index.php\/2020\/09\/04\/hike-38-brienzer-rothorn-harder-kulm\/img_1460\/\" data-orig-file=\"https:\/\/www.intellectualsovereignty.ch\/wp-content\/uploads\/2020\/09\/IMG_1460-scaled.jpeg\" data-orig-size=\"1920,2560\" data-comments-opened=\"0\" data-image-title=\"IMG_1460\" data-image-description=\"\" data-image-caption=\"\" data-large-file=\"https:\/\/www.intellectualsovereignty.ch\/wp-content\/uploads\/2020\/09\/IMG_1460-768x1024.jpeg\" src=\"https:\/\/www.intellectualsovereignty.ch\/wp-content\/uploads\/2020\/09\/IMG_1460-768x1024.jpeg\" alt=\"\" data-id=\"1455\" data-link=\"https:\/\/www.intellectualsovereignty.ch\/index.php\/2020\/09\/04\/hike-38-brienzer-rothorn-harder-kulm\/img_1460\/\" class=\"wp-image-1455\" srcset=\"https:\/\/www.intellectualsovereignty.ch\/wp-content\/uploads\/2020\/09\/IMG_1460-768x1024.jpeg 768w, https:\/\/www.intellectualsovereignty.ch\/wp-content\/uploads\/2020\/09\/IMG_1460-225x300.jpeg 225w, https:\/\/www.intellectualsovereignty.ch\/wp-content\/uploads\/2020\/09\/IMG_1460-1152x1536.jpeg 1152w, https:\/\/www.intellectualsovereignty.ch\/wp-content\/uploads\/2020\/09\/IMG_1460-1536x2048.jpeg 1536w, https:\/\/www.intellectualsovereignty.ch\/wp-content\/uploads\/2020\/09\/IMG_1460-1870x2493.jpeg 1870w, https:\/\/www.intellectualsovereignty.ch\/wp-content\/uploads\/2020\/09\/IMG_1460-400x533.jpeg 400w, https:\/\/www.intellectualsovereignty.ch\/wp-content\/uploads\/2020\/09\/IMG_1460-800x1067.jpeg 800w, https:\/\/www.intellectualsovereignty.ch\/wp-content\/uploads\/2020\/09\/IMG_1460-scaled.jpeg 1920w\" sizes=\"auto, (max-width: 768px) 100vw, 768px\" \/><\/figure><\/li><li class=\"blocks-gallery-item\"><figure><img loading=\"lazy\" decoding=\"async\" width=\"1024\" height=\"768\" data-attachment-id=\"1456\" data-permalink=\"https:\/\/www.intellectualsovereignty.ch\/index.php\/2020\/09\/04\/hike-38-brienzer-rothorn-harder-kulm\/img_1461\/\" data-orig-file=\"https:\/\/www.intellectualsovereignty.ch\/wp-content\/uploads\/2020\/09\/IMG_1461-scaled.jpeg\" data-orig-size=\"2560,1920\" data-comments-opened=\"0\" data-image-title=\"IMG_1461\" data-image-description=\"\" data-image-caption=\"\" data-large-file=\"https:\/\/www.intellectualsovereignty.ch\/wp-content\/uploads\/2020\/09\/IMG_1461-1024x768.jpeg\" src=\"https:\/\/www.intellectualsovereignty.ch\/wp-content\/uploads\/2020\/09\/IMG_1461-1024x768.jpeg\" alt=\"\" data-id=\"1456\" data-link=\"https:\/\/www.intellectualsovereignty.ch\/index.php\/2020\/09\/04\/hike-38-brienzer-rothorn-harder-kulm\/img_1461\/\" class=\"wp-image-1456\" srcset=\"https:\/\/www.intellectualsovereignty.ch\/wp-content\/uploads\/2020\/09\/IMG_1461-1024x768.jpeg 1024w, https:\/\/www.intellectualsovereignty.ch\/wp-content\/uploads\/2020\/09\/IMG_1461-300x225.jpeg 300w, https:\/\/www.intellectualsovereignty.ch\/wp-content\/uploads\/2020\/09\/IMG_1461-768x576.jpeg 768w, https:\/\/www.intellectualsovereignty.ch\/wp-content\/uploads\/2020\/09\/IMG_1461-1536x1152.jpeg 1536w, https:\/\/www.intellectualsovereignty.ch\/wp-content\/uploads\/2020\/09\/IMG_1461-2048x1536.jpeg 2048w, https:\/\/www.intellectualsovereignty.ch\/wp-content\/uploads\/2020\/09\/IMG_1461-1870x1403.jpeg 1870w, https:\/\/www.intellectualsovereignty.ch\/wp-content\/uploads\/2020\/09\/IMG_1461-400x300.jpeg 400w, https:\/\/www.intellectualsovereignty.ch\/wp-content\/uploads\/2020\/09\/IMG_1461-800x600.jpeg 800w\" sizes=\"auto, (max-width: 1024px) 100vw, 1024px\" \/><\/figure><\/li><li class=\"blocks-gallery-item\"><figure><img loading=\"lazy\" decoding=\"async\" width=\"1024\" height=\"768\" data-attachment-id=\"1457\" data-permalink=\"https:\/\/www.intellectualsovereignty.ch\/index.php\/2020\/09\/04\/hike-38-brienzer-rothorn-harder-kulm\/img_1462\/\" data-orig-file=\"https:\/\/www.intellectualsovereignty.ch\/wp-content\/uploads\/2020\/09\/IMG_1462-scaled.jpeg\" data-orig-size=\"2560,1920\" data-comments-opened=\"0\" data-image-title=\"IMG_1462\" data-image-description=\"\" data-image-caption=\"\" data-large-file=\"https:\/\/www.intellectualsovereignty.ch\/wp-content\/uploads\/2020\/09\/IMG_1462-1024x768.jpeg\" src=\"https:\/\/www.intellectualsovereignty.ch\/wp-content\/uploads\/2020\/09\/IMG_1462-1024x768.jpeg\" alt=\"\" data-id=\"1457\" data-link=\"https:\/\/www.intellectualsovereignty.ch\/index.php\/2020\/09\/04\/hike-38-brienzer-rothorn-harder-kulm\/img_1462\/\" class=\"wp-image-1457\" srcset=\"https:\/\/www.intellectualsovereignty.ch\/wp-content\/uploads\/2020\/09\/IMG_1462-1024x768.jpeg 1024w, https:\/\/www.intellectualsovereignty.ch\/wp-content\/uploads\/2020\/09\/IMG_1462-300x225.jpeg 300w, https:\/\/www.intellectualsovereignty.ch\/wp-content\/uploads\/2020\/09\/IMG_1462-768x576.jpeg 768w, https:\/\/www.intellectualsovereignty.ch\/wp-content\/uploads\/2020\/09\/IMG_1462-1536x1152.jpeg 1536w, https:\/\/www.intellectualsovereignty.ch\/wp-content\/uploads\/2020\/09\/IMG_1462-2048x1536.jpeg 2048w, https:\/\/www.intellectualsovereignty.ch\/wp-content\/uploads\/2020\/09\/IMG_1462-1870x1403.jpeg 1870w, https:\/\/www.intellectualsovereignty.ch\/wp-content\/uploads\/2020\/09\/IMG_1462-400x300.jpeg 400w, https:\/\/www.intellectualsovereignty.ch\/wp-content\/uploads\/2020\/09\/IMG_1462-800x600.jpeg 800w\" sizes=\"auto, (max-width: 1024px) 100vw, 1024px\" \/><\/figure><\/li><li class=\"blocks-gallery-item\"><figure><img loading=\"lazy\" decoding=\"async\" width=\"1024\" height=\"768\" data-attachment-id=\"1458\" data-permalink=\"https:\/\/www.intellectualsovereignty.ch\/index.php\/2020\/09\/04\/hike-38-brienzer-rothorn-harder-kulm\/img_1463\/\" data-orig-file=\"https:\/\/www.intellectualsovereignty.ch\/wp-content\/uploads\/2020\/09\/IMG_1463-scaled.jpeg\" data-orig-size=\"2560,1920\" data-comments-opened=\"0\" data-image-title=\"IMG_1463\" data-image-description=\"\" data-image-caption=\"\" data-large-file=\"https:\/\/www.intellectualsovereignty.ch\/wp-content\/uploads\/2020\/09\/IMG_1463-1024x768.jpeg\" src=\"https:\/\/www.intellectualsovereignty.ch\/wp-content\/uploads\/2020\/09\/IMG_1463-1024x768.jpeg\" alt=\"\" data-id=\"1458\" data-link=\"https:\/\/www.intellectualsovereignty.ch\/index.php\/2020\/09\/04\/hike-38-brienzer-rothorn-harder-kulm\/img_1463\/\" class=\"wp-image-1458\" srcset=\"https:\/\/www.intellectualsovereignty.ch\/wp-content\/uploads\/2020\/09\/IMG_1463-1024x768.jpeg 1024w, https:\/\/www.intellectualsovereignty.ch\/wp-content\/uploads\/2020\/09\/IMG_1463-300x225.jpeg 300w, https:\/\/www.intellectualsovereignty.ch\/wp-content\/uploads\/2020\/09\/IMG_1463-768x576.jpeg 768w, https:\/\/www.intellectualsovereignty.ch\/wp-content\/uploads\/2020\/09\/IMG_1463-1536x1152.jpeg 1536w, https:\/\/www.intellectualsovereignty.ch\/wp-content\/uploads\/2020\/09\/IMG_1463-2048x1536.jpeg 2048w, https:\/\/www.intellectualsovereignty.ch\/wp-content\/uploads\/2020\/09\/IMG_1463-1870x1403.jpeg 1870w, https:\/\/www.intellectualsovereignty.ch\/wp-content\/uploads\/2020\/09\/IMG_1463-400x300.jpeg 400w, https:\/\/www.intellectualsovereignty.ch\/wp-content\/uploads\/2020\/09\/IMG_1463-800x600.jpeg 800w\" sizes=\"auto, (max-width: 1024px) 100vw, 1024px\" \/><\/figure><\/li><li class=\"blocks-gallery-item\"><figure><img loading=\"lazy\" decoding=\"async\" width=\"826\" height=\"1024\" data-attachment-id=\"1459\" data-permalink=\"https:\/\/www.intellectualsovereignty.ch\/index.php\/2020\/09\/04\/hike-38-brienzer-rothorn-harder-kulm\/img_1464\/\" data-orig-file=\"https:\/\/www.intellectualsovereignty.ch\/wp-content\/uploads\/2020\/09\/IMG_1464-scaled.jpeg\" data-orig-size=\"2065,2560\" data-comments-opened=\"0\" data-image-title=\"IMG_1464\" data-image-description=\"\" data-image-caption=\"\" data-large-file=\"https:\/\/www.intellectualsovereignty.ch\/wp-content\/uploads\/2020\/09\/IMG_1464-826x1024.jpeg\" src=\"https:\/\/www.intellectualsovereignty.ch\/wp-content\/uploads\/2020\/09\/IMG_1464-826x1024.jpeg\" alt=\"\" data-id=\"1459\" data-link=\"https:\/\/www.intellectualsovereignty.ch\/index.php\/2020\/09\/04\/hike-38-brienzer-rothorn-harder-kulm\/img_1464\/\" class=\"wp-image-1459\" srcset=\"https:\/\/www.intellectualsovereignty.ch\/wp-content\/uploads\/2020\/09\/IMG_1464-826x1024.jpeg 826w, https:\/\/www.intellectualsovereignty.ch\/wp-content\/uploads\/2020\/09\/IMG_1464-242x300.jpeg 242w, https:\/\/www.intellectualsovereignty.ch\/wp-content\/uploads\/2020\/09\/IMG_1464-768x952.jpeg 768w, https:\/\/www.intellectualsovereignty.ch\/wp-content\/uploads\/2020\/09\/IMG_1464-1239x1536.jpeg 1239w, https:\/\/www.intellectualsovereignty.ch\/wp-content\/uploads\/2020\/09\/IMG_1464-1652x2048.jpeg 1652w, https:\/\/www.intellectualsovereignty.ch\/wp-content\/uploads\/2020\/09\/IMG_1464-1870x2318.jpeg 1870w, https:\/\/www.intellectualsovereignty.ch\/wp-content\/uploads\/2020\/09\/IMG_1464-400x496.jpeg 400w, https:\/\/www.intellectualsovereignty.ch\/wp-content\/uploads\/2020\/09\/IMG_1464-800x992.jpeg 800w\" sizes=\"auto, (max-width: 826px) 100vw, 826px\" \/><\/figure><\/li><li class=\"blocks-gallery-item\"><figure><img loading=\"lazy\" decoding=\"async\" width=\"768\" height=\"1024\" data-attachment-id=\"1460\" data-permalink=\"https:\/\/www.intellectualsovereignty.ch\/index.php\/2020\/09\/04\/hike-38-brienzer-rothorn-harder-kulm\/img_1468\/\" data-orig-file=\"https:\/\/www.intellectualsovereignty.ch\/wp-content\/uploads\/2020\/09\/IMG_1468-scaled.jpeg\" data-orig-size=\"1920,2560\" data-comments-opened=\"0\" data-image-title=\"IMG_1468\" data-image-description=\"\" data-image-caption=\"\" data-large-file=\"https:\/\/www.intellectualsovereignty.ch\/wp-content\/uploads\/2020\/09\/IMG_1468-768x1024.jpeg\" src=\"https:\/\/www.intellectualsovereignty.ch\/wp-content\/uploads\/2020\/09\/IMG_1468-768x1024.jpeg\" alt=\"\" data-id=\"1460\" data-link=\"https:\/\/www.intellectualsovereignty.ch\/index.php\/2020\/09\/04\/hike-38-brienzer-rothorn-harder-kulm\/img_1468\/\" class=\"wp-image-1460\" srcset=\"https:\/\/www.intellectualsovereignty.ch\/wp-content\/uploads\/2020\/09\/IMG_1468-768x1024.jpeg 768w, https:\/\/www.intellectualsovereignty.ch\/wp-content\/uploads\/2020\/09\/IMG_1468-225x300.jpeg 225w, https:\/\/www.intellectualsovereignty.ch\/wp-content\/uploads\/2020\/09\/IMG_1468-1152x1536.jpeg 1152w, https:\/\/www.intellectualsovereignty.ch\/wp-content\/uploads\/2020\/09\/IMG_1468-1536x2048.jpeg 1536w, https:\/\/www.intellectualsovereignty.ch\/wp-content\/uploads\/2020\/09\/IMG_1468-1870x2493.jpeg 1870w, https:\/\/www.intellectualsovereignty.ch\/wp-content\/uploads\/2020\/09\/IMG_1468-400x533.jpeg 400w, https:\/\/www.intellectualsovereignty.ch\/wp-content\/uploads\/2020\/09\/IMG_1468-800x1067.jpeg 800w, https:\/\/www.intellectualsovereignty.ch\/wp-content\/uploads\/2020\/09\/IMG_1468-scaled.jpeg 1920w\" sizes=\"auto, (max-width: 768px) 100vw, 768px\" \/><\/figure><\/li><li class=\"blocks-gallery-item\"><figure><img loading=\"lazy\" decoding=\"async\" width=\"1024\" height=\"768\" data-attachment-id=\"1461\" data-permalink=\"https:\/\/www.intellectualsovereignty.ch\/index.php\/2020\/09\/04\/hike-38-brienzer-rothorn-harder-kulm\/img_1469\/\" data-orig-file=\"https:\/\/www.intellectualsovereignty.ch\/wp-content\/uploads\/2020\/09\/IMG_1469-scaled.jpeg\" data-orig-size=\"2560,1920\" data-comments-opened=\"0\" data-image-title=\"IMG_1469\" data-image-description=\"\" data-image-caption=\"\" data-large-file=\"https:\/\/www.intellectualsovereignty.ch\/wp-content\/uploads\/2020\/09\/IMG_1469-1024x768.jpeg\" src=\"https:\/\/www.intellectualsovereignty.ch\/wp-content\/uploads\/2020\/09\/IMG_1469-1024x768.jpeg\" alt=\"\" data-id=\"1461\" data-link=\"https:\/\/www.intellectualsovereignty.ch\/index.php\/2020\/09\/04\/hike-38-brienzer-rothorn-harder-kulm\/img_1469\/\" class=\"wp-image-1461\" srcset=\"https:\/\/www.intellectualsovereignty.ch\/wp-content\/uploads\/2020\/09\/IMG_1469-1024x768.jpeg 1024w, https:\/\/www.intellectualsovereignty.ch\/wp-content\/uploads\/2020\/09\/IMG_1469-300x225.jpeg 300w, https:\/\/www.intellectualsovereignty.ch\/wp-content\/uploads\/2020\/09\/IMG_1469-768x576.jpeg 768w, https:\/\/www.intellectualsovereignty.ch\/wp-content\/uploads\/2020\/09\/IMG_1469-1536x1152.jpeg 1536w, https:\/\/www.intellectualsovereignty.ch\/wp-content\/uploads\/2020\/09\/IMG_1469-2048x1536.jpeg 2048w, https:\/\/www.intellectualsovereignty.ch\/wp-content\/uploads\/2020\/09\/IMG_1469-1870x1403.jpeg 1870w, https:\/\/www.intellectualsovereignty.ch\/wp-content\/uploads\/2020\/09\/IMG_1469-400x300.jpeg 400w, https:\/\/www.intellectualsovereignty.ch\/wp-content\/uploads\/2020\/09\/IMG_1469-800x600.jpeg 800w\" sizes=\"auto, (max-width: 1024px) 100vw, 1024px\" \/><\/figure><\/li><li class=\"blocks-gallery-item\"><figure><img loading=\"lazy\" decoding=\"async\" width=\"1024\" height=\"768\" data-attachment-id=\"1462\" data-permalink=\"https:\/\/www.intellectualsovereignty.ch\/index.php\/2020\/09\/04\/hike-38-brienzer-rothorn-harder-kulm\/img_1470\/\" data-orig-file=\"https:\/\/www.intellectualsovereignty.ch\/wp-content\/uploads\/2020\/09\/IMG_1470-scaled.jpeg\" data-orig-size=\"2560,1920\" data-comments-opened=\"0\" data-image-title=\"IMG_1470\" data-image-description=\"\" data-image-caption=\"\" data-large-file=\"https:\/\/www.intellectualsovereignty.ch\/wp-content\/uploads\/2020\/09\/IMG_1470-1024x768.jpeg\" src=\"https:\/\/www.intellectualsovereignty.ch\/wp-content\/uploads\/2020\/09\/IMG_1470-1024x768.jpeg\" alt=\"\" data-id=\"1462\" data-link=\"https:\/\/www.intellectualsovereignty.ch\/index.php\/2020\/09\/04\/hike-38-brienzer-rothorn-harder-kulm\/img_1470\/\" class=\"wp-image-1462\" srcset=\"https:\/\/www.intellectualsovereignty.ch\/wp-content\/uploads\/2020\/09\/IMG_1470-1024x768.jpeg 1024w, https:\/\/www.intellectualsovereignty.ch\/wp-content\/uploads\/2020\/09\/IMG_1470-300x225.jpeg 300w, https:\/\/www.intellectualsovereignty.ch\/wp-content\/uploads\/2020\/09\/IMG_1470-768x576.jpeg 768w, https:\/\/www.intellectualsovereignty.ch\/wp-content\/uploads\/2020\/09\/IMG_1470-1536x1152.jpeg 1536w, https:\/\/www.intellectualsovereignty.ch\/wp-content\/uploads\/2020\/09\/IMG_1470-2048x1536.jpeg 2048w, https:\/\/www.intellectualsovereignty.ch\/wp-content\/uploads\/2020\/09\/IMG_1470-1870x1403.jpeg 1870w, https:\/\/www.intellectualsovereignty.ch\/wp-content\/uploads\/2020\/09\/IMG_1470-400x300.jpeg 400w, https:\/\/www.intellectualsovereignty.ch\/wp-content\/uploads\/2020\/09\/IMG_1470-800x600.jpeg 800w\" sizes=\"auto, (max-width: 1024px) 100vw, 1024px\" \/><\/figure><\/li><li class=\"blocks-gallery-item\"><figure><img loading=\"lazy\" decoding=\"async\" width=\"1024\" height=\"768\" data-attachment-id=\"1468\" data-permalink=\"https:\/\/www.intellectualsovereignty.ch\/index.php\/2020\/09\/04\/hike-38-brienzer-rothorn-harder-kulm\/20200904_174638236_ios\/\" data-orig-file=\"https:\/\/www.intellectualsovereignty.ch\/wp-content\/uploads\/2020\/09\/20200904_174638236_iOS.jpeg\" data-orig-size=\"1024,768\" data-comments-opened=\"0\" data-image-title=\"20200904_174638236_iOS\" data-image-description=\"\" data-image-caption=\"\" data-large-file=\"https:\/\/www.intellectualsovereignty.ch\/wp-content\/uploads\/2020\/09\/20200904_174638236_iOS.jpeg\" src=\"https:\/\/www.intellectualsovereignty.ch\/wp-content\/uploads\/2020\/09\/20200904_174638236_iOS.jpeg\" alt=\"\" data-id=\"1468\" data-link=\"https:\/\/www.intellectualsovereignty.ch\/index.php\/2020\/09\/04\/hike-38-brienzer-rothorn-harder-kulm\/20200904_174638236_ios\/\" class=\"wp-image-1468\" srcset=\"https:\/\/www.intellectualsovereignty.ch\/wp-content\/uploads\/2020\/09\/20200904_174638236_iOS.jpeg 1024w, https:\/\/www.intellectualsovereignty.ch\/wp-content\/uploads\/2020\/09\/20200904_174638236_iOS-300x225.jpeg 300w, https:\/\/www.intellectualsovereignty.ch\/wp-content\/uploads\/2020\/09\/20200904_174638236_iOS-768x576.jpeg 768w, https:\/\/www.intellectualsovereignty.ch\/wp-content\/uploads\/2020\/09\/20200904_174638236_iOS-400x300.jpeg 400w, https:\/\/www.intellectualsovereignty.ch\/wp-content\/uploads\/2020\/09\/20200904_174638236_iOS-800x600.jpeg 800w\" sizes=\"auto, (max-width: 1024px) 100vw, 1024px\" \/><\/figure><\/li><li class=\"blocks-gallery-item\"><figure><img loading=\"lazy\" decoding=\"async\" width=\"1024\" height=\"796\" data-attachment-id=\"1463\" data-permalink=\"https:\/\/www.intellectualsovereignty.ch\/index.php\/2020\/09\/04\/hike-38-brienzer-rothorn-harder-kulm\/img_1471\/\" data-orig-file=\"https:\/\/www.intellectualsovereignty.ch\/wp-content\/uploads\/2020\/09\/IMG_1471-scaled.jpeg\" data-orig-size=\"2560,1990\" data-comments-opened=\"0\" data-image-title=\"IMG_1471\" data-image-description=\"\" data-image-caption=\"\" data-large-file=\"https:\/\/www.intellectualsovereignty.ch\/wp-content\/uploads\/2020\/09\/IMG_1471-1024x796.jpeg\" src=\"https:\/\/www.intellectualsovereignty.ch\/wp-content\/uploads\/2020\/09\/IMG_1471-1024x796.jpeg\" alt=\"\" data-id=\"1463\" data-link=\"https:\/\/www.intellectualsovereignty.ch\/index.php\/2020\/09\/04\/hike-38-brienzer-rothorn-harder-kulm\/img_1471\/\" class=\"wp-image-1463\" srcset=\"https:\/\/www.intellectualsovereignty.ch\/wp-content\/uploads\/2020\/09\/IMG_1471-1024x796.jpeg 1024w, https:\/\/www.intellectualsovereignty.ch\/wp-content\/uploads\/2020\/09\/IMG_1471-300x233.jpeg 300w, https:\/\/www.intellectualsovereignty.ch\/wp-content\/uploads\/2020\/09\/IMG_1471-768x597.jpeg 768w, https:\/\/www.intellectualsovereignty.ch\/wp-content\/uploads\/2020\/09\/IMG_1471-1536x1194.jpeg 1536w, https:\/\/www.intellectualsovereignty.ch\/wp-content\/uploads\/2020\/09\/IMG_1471-2048x1592.jpeg 2048w, https:\/\/www.intellectualsovereignty.ch\/wp-content\/uploads\/2020\/09\/IMG_1471-1870x1454.jpeg 1870w, https:\/\/www.intellectualsovereignty.ch\/wp-content\/uploads\/2020\/09\/IMG_1471-400x311.jpeg 400w, https:\/\/www.intellectualsovereignty.ch\/wp-content\/uploads\/2020\/09\/IMG_1471-800x622.jpeg 800w\" sizes=\"auto, (max-width: 1024px) 100vw, 1024px\" \/><\/figure><\/li><li class=\"blocks-gallery-item\"><figure><img loading=\"lazy\" decoding=\"async\" width=\"1024\" height=\"768\" data-attachment-id=\"1464\" data-permalink=\"https:\/\/www.intellectualsovereignty.ch\/index.php\/2020\/09\/04\/hike-38-brienzer-rothorn-harder-kulm\/img_1472\/\" data-orig-file=\"https:\/\/www.intellectualsovereignty.ch\/wp-content\/uploads\/2020\/09\/IMG_1472-scaled.jpeg\" data-orig-size=\"2560,1920\" data-comments-opened=\"0\" data-image-title=\"IMG_1472\" data-image-description=\"\" data-image-caption=\"\" data-large-file=\"https:\/\/www.intellectualsovereignty.ch\/wp-content\/uploads\/2020\/09\/IMG_1472-1024x768.jpeg\" src=\"https:\/\/www.intellectualsovereignty.ch\/wp-content\/uploads\/2020\/09\/IMG_1472-1024x768.jpeg\" alt=\"\" data-id=\"1464\" data-link=\"https:\/\/www.intellectualsovereignty.ch\/index.php\/2020\/09\/04\/hike-38-brienzer-rothorn-harder-kulm\/img_1472\/\" class=\"wp-image-1464\" srcset=\"https:\/\/www.intellectualsovereignty.ch\/wp-content\/uploads\/2020\/09\/IMG_1472-1024x768.jpeg 1024w, https:\/\/www.intellectualsovereignty.ch\/wp-content\/uploads\/2020\/09\/IMG_1472-300x225.jpeg 300w, https:\/\/www.intellectualsovereignty.ch\/wp-content\/uploads\/2020\/09\/IMG_1472-768x576.jpeg 768w, https:\/\/www.intellectualsovereignty.ch\/wp-content\/uploads\/2020\/09\/IMG_1472-1536x1152.jpeg 1536w, https:\/\/www.intellectualsovereignty.ch\/wp-content\/uploads\/2020\/09\/IMG_1472-2048x1536.jpeg 2048w, https:\/\/www.intellectualsovereignty.ch\/wp-content\/uploads\/2020\/09\/IMG_1472-1870x1403.jpeg 1870w, https:\/\/www.intellectualsovereignty.ch\/wp-content\/uploads\/2020\/09\/IMG_1472-400x300.jpeg 400w, https:\/\/www.intellectualsovereignty.ch\/wp-content\/uploads\/2020\/09\/IMG_1472-800x600.jpeg 800w\" sizes=\"auto, (max-width: 1024px) 100vw, 1024px\" \/><\/figure><\/li><li class=\"blocks-gallery-item\"><figure><img loading=\"lazy\" decoding=\"async\" width=\"1024\" height=\"768\" data-attachment-id=\"1469\" data-permalink=\"https:\/\/www.intellectualsovereignty.ch\/index.php\/2020\/09\/04\/hike-38-brienzer-rothorn-harder-kulm\/20200904_180106522_ios\/\" data-orig-file=\"https:\/\/www.intellectualsovereignty.ch\/wp-content\/uploads\/2020\/09\/20200904_180106522_iOS-scaled.jpeg\" data-orig-size=\"2560,1920\" data-comments-opened=\"0\" data-image-title=\"20200904_180106522_iOS\" data-image-description=\"\" data-image-caption=\"\" data-large-file=\"https:\/\/www.intellectualsovereignty.ch\/wp-content\/uploads\/2020\/09\/20200904_180106522_iOS-1024x768.jpeg\" src=\"https:\/\/www.intellectualsovereignty.ch\/wp-content\/uploads\/2020\/09\/20200904_180106522_iOS-1024x768.jpeg\" alt=\"\" data-id=\"1469\" data-full-url=\"https:\/\/www.intellectualsovereignty.ch\/wp-content\/uploads\/2020\/09\/20200904_180106522_iOS-scaled.jpeg\" data-link=\"https:\/\/www.intellectualsovereignty.ch\/index.php\/2020\/09\/04\/hike-38-brienzer-rothorn-harder-kulm\/20200904_180106522_ios\/\" class=\"wp-image-1469\" srcset=\"https:\/\/www.intellectualsovereignty.ch\/wp-content\/uploads\/2020\/09\/20200904_180106522_iOS-1024x768.jpeg 1024w, https:\/\/www.intellectualsovereignty.ch\/wp-content\/uploads\/2020\/09\/20200904_180106522_iOS-300x225.jpeg 300w, https:\/\/www.intellectualsovereignty.ch\/wp-content\/uploads\/2020\/09\/20200904_180106522_iOS-768x576.jpeg 768w, https:\/\/www.intellectualsovereignty.ch\/wp-content\/uploads\/2020\/09\/20200904_180106522_iOS-1536x1152.jpeg 1536w, https:\/\/www.intellectualsovereignty.ch\/wp-content\/uploads\/2020\/09\/20200904_180106522_iOS-2048x1536.jpeg 2048w, https:\/\/www.intellectualsovereignty.ch\/wp-content\/uploads\/2020\/09\/20200904_180106522_iOS-1870x1403.jpeg 1870w, https:\/\/www.intellectualsovereignty.ch\/wp-content\/uploads\/2020\/09\/20200904_180106522_iOS-400x300.jpeg 400w, https:\/\/www.intellectualsovereignty.ch\/wp-content\/uploads\/2020\/09\/20200904_180106522_iOS-800x600.jpeg 800w\" sizes=\"auto, (max-width: 1024px) 100vw, 1024px\" \/><\/figure><\/li><li class=\"blocks-gallery-item\"><figure><img loading=\"lazy\" decoding=\"async\" width=\"1024\" height=\"768\" data-attachment-id=\"1466\" data-permalink=\"https:\/\/www.intellectualsovereignty.ch\/index.php\/2020\/09\/04\/hike-38-brienzer-rothorn-harder-kulm\/20200904_182846631_ios\/\" data-orig-file=\"https:\/\/www.intellectualsovereignty.ch\/wp-content\/uploads\/2020\/09\/20200904_182846631_iOS-scaled.jpeg\" data-orig-size=\"2560,1920\" data-comments-opened=\"0\" data-image-title=\"20200904_182846631_iOS\" data-image-description=\"\" data-image-caption=\"\" data-large-file=\"https:\/\/www.intellectualsovereignty.ch\/wp-content\/uploads\/2020\/09\/20200904_182846631_iOS-1024x768.jpeg\" src=\"https:\/\/www.intellectualsovereignty.ch\/wp-content\/uploads\/2020\/09\/20200904_182846631_iOS-1024x768.jpeg\" alt=\"\" data-id=\"1466\" data-link=\"https:\/\/www.intellectualsovereignty.ch\/index.php\/2020\/09\/04\/hike-38-brienzer-rothorn-harder-kulm\/20200904_182846631_ios\/\" class=\"wp-image-1466\" srcset=\"https:\/\/www.intellectualsovereignty.ch\/wp-content\/uploads\/2020\/09\/20200904_182846631_iOS-1024x768.jpeg 1024w, https:\/\/www.intellectualsovereignty.ch\/wp-content\/uploads\/2020\/09\/20200904_182846631_iOS-300x225.jpeg 300w, https:\/\/www.intellectualsovereignty.ch\/wp-content\/uploads\/2020\/09\/20200904_182846631_iOS-768x576.jpeg 768w, https:\/\/www.intellectualsovereignty.ch\/wp-content\/uploads\/2020\/09\/20200904_182846631_iOS-1536x1152.jpeg 1536w, https:\/\/www.intellectualsovereignty.ch\/wp-content\/uploads\/2020\/09\/20200904_182846631_iOS-2048x1536.jpeg 2048w, https:\/\/www.intellectualsovereignty.ch\/wp-content\/uploads\/2020\/09\/20200904_182846631_iOS-1870x1403.jpeg 1870w, https:\/\/www.intellectualsovereignty.ch\/wp-content\/uploads\/2020\/09\/20200904_182846631_iOS-400x300.jpeg 400w, https:\/\/www.intellectualsovereignty.ch\/wp-content\/uploads\/2020\/09\/20200904_182846631_iOS-800x600.jpeg 800w\" sizes=\"auto, (max-width: 1024px) 100vw, 1024px\" \/><\/figure><\/li><li class=\"blocks-gallery-item\"><figure><img loading=\"lazy\" decoding=\"async\" width=\"1024\" height=\"768\" data-attachment-id=\"1465\" data-permalink=\"https:\/\/www.intellectualsovereignty.ch\/index.php\/2020\/09\/04\/hike-38-brienzer-rothorn-harder-kulm\/20200904_181645094_ios\/\" data-orig-file=\"https:\/\/www.intellectualsovereignty.ch\/wp-content\/uploads\/2020\/09\/20200904_181645094_iOS-scaled.jpeg\" data-orig-size=\"2560,1920\" data-comments-opened=\"0\" data-image-title=\"20200904_181645094_iOS\" data-image-description=\"\" data-image-caption=\"\" data-large-file=\"https:\/\/www.intellectualsovereignty.ch\/wp-content\/uploads\/2020\/09\/20200904_181645094_iOS-1024x768.jpeg\" src=\"https:\/\/www.intellectualsovereignty.ch\/wp-content\/uploads\/2020\/09\/20200904_181645094_iOS-1024x768.jpeg\" alt=\"\" data-id=\"1465\" data-link=\"https:\/\/www.intellectualsovereignty.ch\/index.php\/2020\/09\/04\/hike-38-brienzer-rothorn-harder-kulm\/20200904_181645094_ios\/\" class=\"wp-image-1465\" srcset=\"https:\/\/www.intellectualsovereignty.ch\/wp-content\/uploads\/2020\/09\/20200904_181645094_iOS-1024x768.jpeg 1024w, https:\/\/www.intellectualsovereignty.ch\/wp-content\/uploads\/2020\/09\/20200904_181645094_iOS-300x225.jpeg 300w, https:\/\/www.intellectualsovereignty.ch\/wp-content\/uploads\/2020\/09\/20200904_181645094_iOS-768x576.jpeg 768w, https:\/\/www.intellectualsovereignty.ch\/wp-content\/uploads\/2020\/09\/20200904_181645094_iOS-1536x1152.jpeg 1536w, https:\/\/www.intellectualsovereignty.ch\/wp-content\/uploads\/2020\/09\/20200904_181645094_iOS-2048x1536.jpeg 2048w, https:\/\/www.intellectualsovereignty.ch\/wp-content\/uploads\/2020\/09\/20200904_181645094_iOS-1870x1403.jpeg 1870w, https:\/\/www.intellectualsovereignty.ch\/wp-content\/uploads\/2020\/09\/20200904_181645094_iOS-400x300.jpeg 400w, https:\/\/www.intellectualsovereignty.ch\/wp-content\/uploads\/2020\/09\/20200904_181645094_iOS-800x600.jpeg 800w\" sizes=\"auto, (max-width: 1024px) 100vw, 1024px\" \/><\/figure><\/li><li class=\"blocks-gallery-item\"><figure><img loading=\"lazy\" decoding=\"async\" width=\"1024\" height=\"768\" data-attachment-id=\"1467\" data-permalink=\"https:\/\/www.intellectualsovereignty.ch\/index.php\/2020\/09\/04\/hike-38-brienzer-rothorn-harder-kulm\/20200904_182859263_ios\/\" data-orig-file=\"https:\/\/www.intellectualsovereignty.ch\/wp-content\/uploads\/2020\/09\/20200904_182859263_iOS-scaled.jpeg\" data-orig-size=\"2560,1920\" data-comments-opened=\"0\" data-image-title=\"20200904_182859263_iOS\" data-image-description=\"\" data-image-caption=\"\" data-large-file=\"https:\/\/www.intellectualsovereignty.ch\/wp-content\/uploads\/2020\/09\/20200904_182859263_iOS-1024x768.jpeg\" src=\"https:\/\/www.intellectualsovereignty.ch\/wp-content\/uploads\/2020\/09\/20200904_182859263_iOS-1024x768.jpeg\" alt=\"\" data-id=\"1467\" data-link=\"https:\/\/www.intellectualsovereignty.ch\/index.php\/2020\/09\/04\/hike-38-brienzer-rothorn-harder-kulm\/20200904_182859263_ios\/\" class=\"wp-image-1467\" srcset=\"https:\/\/www.intellectualsovereignty.ch\/wp-content\/uploads\/2020\/09\/20200904_182859263_iOS-1024x768.jpeg 1024w, https:\/\/www.intellectualsovereignty.ch\/wp-content\/uploads\/2020\/09\/20200904_182859263_iOS-300x225.jpeg 300w, https:\/\/www.intellectualsovereignty.ch\/wp-content\/uploads\/2020\/09\/20200904_182859263_iOS-768x576.jpeg 768w, https:\/\/www.intellectualsovereignty.ch\/wp-content\/uploads\/2020\/09\/20200904_182859263_iOS-1536x1152.jpeg 1536w, https:\/\/www.intellectualsovereignty.ch\/wp-content\/uploads\/2020\/09\/20200904_182859263_iOS-2048x1536.jpeg 2048w, https:\/\/www.intellectualsovereignty.ch\/wp-content\/uploads\/2020\/09\/20200904_182859263_iOS-1870x1403.jpeg 1870w, https:\/\/www.intellectualsovereignty.ch\/wp-content\/uploads\/2020\/09\/20200904_182859263_iOS-400x300.jpeg 400w, https:\/\/www.intellectualsovereignty.ch\/wp-content\/uploads\/2020\/09\/20200904_182859263_iOS-800x600.jpeg 800w\" sizes=\"auto, (max-width: 1024px) 100vw, 1024px\" \/><\/figure><\/li><\/ul><\/figure>\n\n\n\n<hr class=\"wp-block-separator\"\/>\n\n\n\n<p class=\"wp-block-paragraph\">Distanz: 20.4km<br \/>H\u00f6henmeter: 1\u2019450m hoch \/ 2\u2019419m runter<br \/>Marschzeit: 6h50<br \/>GPS-Route:&nbsp;<a rel=\"noreferrer noopener\" href=\"https:\/\/map.schweizmobil.ch\/?lang=de&amp;photos=yes&amp;logo=yes&amp;season=summer&amp;bgLayer=pk&amp;resolution=10.59&amp;E=2638929&amp;N=1177064&amp;layers=Wanderland&amp;trackId=1488230324\" target=\"_blank\">SchweizMobil<\/a><br \/>Beschrieb: <a rel=\"noreferrer noopener\" href=\"https:\/\/www.schweizmobil.ch\/de\/wanderland\/routen\/route-0344.html\" target=\"_blank\">H\u00f6henwanderung zum Augstmatthorn (Nr. 344)<\/a>, Abschnitt Harder Kulm &#8211; Augstmatthorn in umgekehrter Reihenfolge; diverse Tourenbeschreibungen aufm Web, einfach nach &#8220;Brienzergrat&#8221; googeln (z.B. <a rel=\"noreferrer noopener\" href=\"https:\/\/www.gipfelbuch.ch\/tourenfuehrer\/routen\/id\/9071\/Alpine_Wanderung\/Brienzer_Rothorn\" target=\"_blank\">hier<\/a> auf gipfelbuch.ch)<\/p>\n\n\n[sgpx gpx=\/wp-content\/uploads\/gpx\/20200904_brienzerrothornharderkulm.gpx ]\n","protected":false},"excerpt":{"rendered":"<p>Mit dem Grat vom Brienzer Rothorn \u00fcber Tannhorn und Augstmatthorn bis oberhalb Interlaken zum Harder Kulm hatte ich schon l\u00e4nger lieb\u00e4ugelt, und nach vier wetterbedingt erfolglosen Anl\u00e4ufen hat es diesen Freitag endlich geklappt! Bei sch\u00f6nstem Sommerwetter habe ich mich gemeinsam mit Dani, Oli und Martin \u00fcber S\u00f6renberg mit der Gondel aufs Rothorn aufgemacht&#8230; Nach einem [&hellip;]<\/p>\n","protected":false},"author":1,"featured_media":1470,"comment_status":"open","ping_status":"open","sticky":false,"template":"","format":"standard","meta":{"_jetpack_newsletter_access":"","_jetpack_dont_email_post_to_subs":false,"_jetpack_newsletter_tier_id":0,"_jetpack_memberships_contains_paywalled_content":false,"_spotmap_latitude":"","_spotmap_longitude":"","_jetpack_feature_clip_id":0,"_jetpack_memberships_contains_paid_content":false,"footnotes":"","jetpack_post_was_ever_published":false},"categories":[3],"tags":[27],"class_list":["post-1354","post","type-post","status-publish","format-standard","has-post-thumbnail","hentry","category-hiking","tag-ch_344","has-thumbnail"],"jetpack_shortlink":"https:\/\/wp.me\/p9IwFN-lQ","jetpack_likes_enabled":false,"jetpack_sharing_enabled":true,"jetpack_featured_media_url":"https:\/\/www.intellectualsovereignty.ch\/wp-content\/uploads\/2020\/09\/IMG_1413_cropped-scaled.jpeg","_links":{"self":[{"href":"https:\/\/www.intellectualsovereignty.ch\/index.php\/wp-json\/wp\/v2\/posts\/1354","targetHints":{"allow":["GET"]}}],"collection":[{"href":"https:\/\/www.intellectualsovereignty.ch\/index.php\/wp-json\/wp\/v2\/posts"}],"about":[{"href":"https:\/\/www.intellectualsovereignty.ch\/index.php\/wp-json\/wp\/v2\/types\/post"}],"author":[{"embeddable":true,"href":"https:\/\/www.intellectualsovereignty.ch\/index.php\/wp-json\/wp\/v2\/users\/1"}],"replies":[{"embeddable":true,"href":"https:\/\/www.intellectualsovereignty.ch\/index.php\/wp-json\/wp\/v2\/comments?post=1354"}],"version-history":[{"count":8,"href":"https:\/\/www.intellectualsovereignty.ch\/index.php\/wp-json\/wp\/v2\/posts\/1354\/revisions"}],"predecessor-version":[{"id":1543,"href":"https:\/\/www.intellectualsovereignty.ch\/index.php\/wp-json\/wp\/v2\/posts\/1354\/revisions\/1543"}],"wp:featuredmedia":[{"embeddable":true,"href":"https:\/\/www.intellectualsovereignty.ch\/index.php\/wp-json\/wp\/v2\/media\/1470"}],"wp:attachment":[{"href":"https:\/\/www.intellectualsovereignty.ch\/index.php\/wp-json\/wp\/v2\/media?parent=1354"}],"wp:term":[{"taxonomy":"category","embeddable":true,"href":"https:\/\/www.intellectualsovereignty.ch\/index.php\/wp-json\/wp\/v2\/categories?post=1354"},{"taxonomy":"post_tag","embeddable":true,"href":"https:\/\/www.intellectualsovereignty.ch\/index.php\/wp-json\/wp\/v2\/tags?post=1354"}],"curies":[{"name":"wp","href":"https:\/\/api.w.org\/{rel}","templated":true}]}}