{"id":1264,"date":"2020-08-28T08:55:00","date_gmt":"2020-08-28T06:55:00","guid":{"rendered":"https:\/\/www.intellectualsovereignty.ch\/?p=1264"},"modified":"2022-09-17T10:44:07","modified_gmt":"2022-09-17T08:44:07","slug":"hike-37-engstligenalp-laemmerenhuette-leukerbad","status":"publish","type":"post","link":"https:\/\/www.intellectualsovereignty.ch\/index.php\/2020\/08\/28\/hike-37-engstligenalp-laemmerenhuette-leukerbad\/","title":{"rendered":"Hike #37 \/ Engstligenalp &#8211; L\u00e4mmerenh\u00fctte &#8211;  Leukerbad"},"content":{"rendered":"\n<p class=\"wp-block-paragraph\">Wenn schon, denn schon, dachte ich mir, als ich das miserable Wetter und damit wohl das Ende des Sommerwetters auf die letzten August-Tage hin angeschaut habe, jetzt nehme ich mir noch eine etwas anstrengendere Tour vor. So habe ich mich fr\u00fchmorgens heute Freitag aufgemacht nach Adelboden, um von der Engstligenalp \u00fcber \u00c4rtelen- und Entschligegrat zur L\u00e4mmerenh\u00fctte und dann \u00fcber den Gemmipass runter nach Leukerbad zu marschieren, mit Vollgep\u00e4ck aufm R\u00fccken. Als w\u00e4re Freitag der 13. gewesen, fingen die Herausforderungen schon im Bahnhof Bern an, als kurz vor meiner Abfahrt der vorausfahrende Regio-Express nach Luzern entgleist. Eine ganze Stunde Zeitverlust ist die Folge, und ich gr\u00fcble \u00fcber die Herausforderung nach, ob der Wetterumschwung auf der Rote Totz L\u00fccke mir zuvorkommen wird. Regen macht mir nichts aus, Blitz und Donner an exponierten Stellen aber schon. Ich entscheide mich, meinen Plan unver\u00e4ndert anzugehen&#8230; <\/p>\n\n\n\n<p class=\"wp-block-paragraph\">Der erste Abschnitt meiner Wanderung f\u00fchrt mich \u00fcber den stetig steiler werdenden \u00c4rtelengrat, mit wundersch\u00f6ner Aussicht auf den Kessel der Engstligenalp sowie runter nach Adelboden. Ich bin heilfroh meine Wanderst\u00f6cke dabei zu haben, denn im oberen Drittel bl\u00e4st der Westwind so stark, dass ich mich mit ihnen abst\u00fctzen muss, ohne h\u00e4tte ich wohl auf allen Vieren die letzten paar hundert Meter hochkraxeln m\u00fcssen. Ein Kraftakt sondergleichen, die Blicke auf das Tschingellochtighorn machen&#8217;s aber vollkommen wett, ich w\u00e4hne mich in einem imagin\u00e4ren Abenteuerland weit weg von hier! \ud83d\ude42<\/p>\n\n\n\n<figure class=\"wp-block-gallery has-nested-images columns-default is-cropped wp-block-gallery-1 is-layout-flex wp-block-gallery-is-layout-flex\">\n<figure class=\"wp-block-image size-large\"><img loading=\"lazy\" decoding=\"async\" width=\"1024\" height=\"768\" data-attachment-id=\"1265\" data-permalink=\"https:\/\/www.intellectualsovereignty.ch\/index.php\/2020\/08\/28\/hike-37-engstligenalp-laemmerenhuette-leukerbad\/img_1279\/\" data-orig-file=\"https:\/\/www.intellectualsovereignty.ch\/wp-content\/uploads\/2020\/08\/IMG_1279-scaled.jpeg\" data-orig-size=\"2560,1920\" data-comments-opened=\"0\" data-image-title=\"IMG_1279\" data-image-description=\"\" data-image-caption=\"\" data-large-file=\"https:\/\/www.intellectualsovereignty.ch\/wp-content\/uploads\/2020\/08\/IMG_1279-1024x768.jpeg\" data-id=\"1265\" src=\"https:\/\/www.intellectualsovereignty.ch\/wp-content\/uploads\/2020\/08\/IMG_1279-1024x768.jpeg\" alt=\"\" class=\"wp-image-1265\" srcset=\"https:\/\/www.intellectualsovereignty.ch\/wp-content\/uploads\/2020\/08\/IMG_1279-1024x768.jpeg 1024w, https:\/\/www.intellectualsovereignty.ch\/wp-content\/uploads\/2020\/08\/IMG_1279-300x225.jpeg 300w, https:\/\/www.intellectualsovereignty.ch\/wp-content\/uploads\/2020\/08\/IMG_1279-768x576.jpeg 768w, https:\/\/www.intellectualsovereignty.ch\/wp-content\/uploads\/2020\/08\/IMG_1279-1536x1152.jpeg 1536w, https:\/\/www.intellectualsovereignty.ch\/wp-content\/uploads\/2020\/08\/IMG_1279-2048x1536.jpeg 2048w, https:\/\/www.intellectualsovereignty.ch\/wp-content\/uploads\/2020\/08\/IMG_1279-1870x1403.jpeg 1870w, https:\/\/www.intellectualsovereignty.ch\/wp-content\/uploads\/2020\/08\/IMG_1279-400x300.jpeg 400w, https:\/\/www.intellectualsovereignty.ch\/wp-content\/uploads\/2020\/08\/IMG_1279-800x600.jpeg 800w\" sizes=\"auto, (max-width: 1024px) 100vw, 1024px\" \/><\/figure>\n\n\n\n<figure class=\"wp-block-image size-large\"><img loading=\"lazy\" decoding=\"async\" width=\"768\" height=\"1024\" data-attachment-id=\"1266\" data-permalink=\"https:\/\/www.intellectualsovereignty.ch\/index.php\/2020\/08\/28\/hike-37-engstligenalp-laemmerenhuette-leukerbad\/img_1280\/\" data-orig-file=\"https:\/\/www.intellectualsovereignty.ch\/wp-content\/uploads\/2020\/08\/IMG_1280-scaled.jpeg\" data-orig-size=\"1920,2560\" data-comments-opened=\"0\" data-image-title=\"IMG_1280\" data-image-description=\"\" data-image-caption=\"\" data-large-file=\"https:\/\/www.intellectualsovereignty.ch\/wp-content\/uploads\/2020\/08\/IMG_1280-768x1024.jpeg\" data-id=\"1266\" src=\"https:\/\/www.intellectualsovereignty.ch\/wp-content\/uploads\/2020\/08\/IMG_1280-768x1024.jpeg\" alt=\"\" class=\"wp-image-1266\" srcset=\"https:\/\/www.intellectualsovereignty.ch\/wp-content\/uploads\/2020\/08\/IMG_1280-768x1024.jpeg 768w, https:\/\/www.intellectualsovereignty.ch\/wp-content\/uploads\/2020\/08\/IMG_1280-225x300.jpeg 225w, https:\/\/www.intellectualsovereignty.ch\/wp-content\/uploads\/2020\/08\/IMG_1280-1152x1536.jpeg 1152w, https:\/\/www.intellectualsovereignty.ch\/wp-content\/uploads\/2020\/08\/IMG_1280-1536x2048.jpeg 1536w, https:\/\/www.intellectualsovereignty.ch\/wp-content\/uploads\/2020\/08\/IMG_1280-1870x2493.jpeg 1870w, https:\/\/www.intellectualsovereignty.ch\/wp-content\/uploads\/2020\/08\/IMG_1280-400x533.jpeg 400w, https:\/\/www.intellectualsovereignty.ch\/wp-content\/uploads\/2020\/08\/IMG_1280-800x1067.jpeg 800w, https:\/\/www.intellectualsovereignty.ch\/wp-content\/uploads\/2020\/08\/IMG_1280-scaled.jpeg 1920w\" sizes=\"auto, (max-width: 768px) 100vw, 768px\" \/><\/figure>\n\n\n\n<figure class=\"wp-block-image size-large\"><img loading=\"lazy\" decoding=\"async\" width=\"1024\" height=\"262\" data-attachment-id=\"1267\" data-permalink=\"https:\/\/www.intellectualsovereignty.ch\/index.php\/2020\/08\/28\/hike-37-engstligenalp-laemmerenhuette-leukerbad\/img_1283\/\" data-orig-file=\"https:\/\/www.intellectualsovereignty.ch\/wp-content\/uploads\/2020\/08\/IMG_1283-scaled.jpeg\" data-orig-size=\"2560,654\" data-comments-opened=\"0\" data-image-title=\"IMG_1283\" data-image-description=\"\" data-image-caption=\"\" data-large-file=\"https:\/\/www.intellectualsovereignty.ch\/wp-content\/uploads\/2020\/08\/IMG_1283-1024x262.jpeg\" data-id=\"1267\" src=\"https:\/\/www.intellectualsovereignty.ch\/wp-content\/uploads\/2020\/08\/IMG_1283-1024x262.jpeg\" alt=\"\" class=\"wp-image-1267\" srcset=\"https:\/\/www.intellectualsovereignty.ch\/wp-content\/uploads\/2020\/08\/IMG_1283-1024x262.jpeg 1024w, https:\/\/www.intellectualsovereignty.ch\/wp-content\/uploads\/2020\/08\/IMG_1283-300x77.jpeg 300w, https:\/\/www.intellectualsovereignty.ch\/wp-content\/uploads\/2020\/08\/IMG_1283-768x196.jpeg 768w, https:\/\/www.intellectualsovereignty.ch\/wp-content\/uploads\/2020\/08\/IMG_1283-1536x393.jpeg 1536w, https:\/\/www.intellectualsovereignty.ch\/wp-content\/uploads\/2020\/08\/IMG_1283-2048x523.jpeg 2048w, https:\/\/www.intellectualsovereignty.ch\/wp-content\/uploads\/2020\/08\/IMG_1283-1870x478.jpeg 1870w, https:\/\/www.intellectualsovereignty.ch\/wp-content\/uploads\/2020\/08\/IMG_1283-400x102.jpeg 400w, https:\/\/www.intellectualsovereignty.ch\/wp-content\/uploads\/2020\/08\/IMG_1283-800x204.jpeg 800w\" sizes=\"auto, (max-width: 1024px) 100vw, 1024px\" \/><\/figure>\n\n\n\n<figure class=\"wp-block-image size-large\"><img loading=\"lazy\" decoding=\"async\" width=\"1024\" height=\"768\" data-attachment-id=\"1268\" data-permalink=\"https:\/\/www.intellectualsovereignty.ch\/index.php\/2020\/08\/28\/hike-37-engstligenalp-laemmerenhuette-leukerbad\/img_1284\/\" data-orig-file=\"https:\/\/www.intellectualsovereignty.ch\/wp-content\/uploads\/2020\/08\/IMG_1284-scaled.jpeg\" data-orig-size=\"2560,1920\" data-comments-opened=\"0\" data-image-title=\"IMG_1284\" data-image-description=\"\" data-image-caption=\"\" data-large-file=\"https:\/\/www.intellectualsovereignty.ch\/wp-content\/uploads\/2020\/08\/IMG_1284-1024x768.jpeg\" data-id=\"1268\" src=\"https:\/\/www.intellectualsovereignty.ch\/wp-content\/uploads\/2020\/08\/IMG_1284-1024x768.jpeg\" alt=\"\" class=\"wp-image-1268\" srcset=\"https:\/\/www.intellectualsovereignty.ch\/wp-content\/uploads\/2020\/08\/IMG_1284-1024x768.jpeg 1024w, https:\/\/www.intellectualsovereignty.ch\/wp-content\/uploads\/2020\/08\/IMG_1284-300x225.jpeg 300w, https:\/\/www.intellectualsovereignty.ch\/wp-content\/uploads\/2020\/08\/IMG_1284-768x576.jpeg 768w, https:\/\/www.intellectualsovereignty.ch\/wp-content\/uploads\/2020\/08\/IMG_1284-1536x1152.jpeg 1536w, https:\/\/www.intellectualsovereignty.ch\/wp-content\/uploads\/2020\/08\/IMG_1284-2048x1536.jpeg 2048w, https:\/\/www.intellectualsovereignty.ch\/wp-content\/uploads\/2020\/08\/IMG_1284-1870x1403.jpeg 1870w, https:\/\/www.intellectualsovereignty.ch\/wp-content\/uploads\/2020\/08\/IMG_1284-400x300.jpeg 400w, https:\/\/www.intellectualsovereignty.ch\/wp-content\/uploads\/2020\/08\/IMG_1284-800x600.jpeg 800w\" sizes=\"auto, (max-width: 1024px) 100vw, 1024px\" \/><\/figure>\n\n\n\n<figure class=\"wp-block-image size-large\"><img loading=\"lazy\" decoding=\"async\" width=\"1024\" height=\"768\" data-attachment-id=\"1269\" data-permalink=\"https:\/\/www.intellectualsovereignty.ch\/index.php\/2020\/08\/28\/hike-37-engstligenalp-laemmerenhuette-leukerbad\/img_1285\/\" data-orig-file=\"https:\/\/www.intellectualsovereignty.ch\/wp-content\/uploads\/2020\/08\/IMG_1285-scaled.jpeg\" data-orig-size=\"2560,1920\" data-comments-opened=\"0\" data-image-title=\"IMG_1285\" data-image-description=\"\" data-image-caption=\"\" data-large-file=\"https:\/\/www.intellectualsovereignty.ch\/wp-content\/uploads\/2020\/08\/IMG_1285-1024x768.jpeg\" data-id=\"1269\" src=\"https:\/\/www.intellectualsovereignty.ch\/wp-content\/uploads\/2020\/08\/IMG_1285-1024x768.jpeg\" alt=\"\" class=\"wp-image-1269\" srcset=\"https:\/\/www.intellectualsovereignty.ch\/wp-content\/uploads\/2020\/08\/IMG_1285-1024x768.jpeg 1024w, https:\/\/www.intellectualsovereignty.ch\/wp-content\/uploads\/2020\/08\/IMG_1285-300x225.jpeg 300w, https:\/\/www.intellectualsovereignty.ch\/wp-content\/uploads\/2020\/08\/IMG_1285-768x576.jpeg 768w, https:\/\/www.intellectualsovereignty.ch\/wp-content\/uploads\/2020\/08\/IMG_1285-1536x1152.jpeg 1536w, https:\/\/www.intellectualsovereignty.ch\/wp-content\/uploads\/2020\/08\/IMG_1285-2048x1536.jpeg 2048w, https:\/\/www.intellectualsovereignty.ch\/wp-content\/uploads\/2020\/08\/IMG_1285-1870x1403.jpeg 1870w, https:\/\/www.intellectualsovereignty.ch\/wp-content\/uploads\/2020\/08\/IMG_1285-400x300.jpeg 400w, https:\/\/www.intellectualsovereignty.ch\/wp-content\/uploads\/2020\/08\/IMG_1285-800x600.jpeg 800w\" sizes=\"auto, (max-width: 1024px) 100vw, 1024px\" \/><\/figure>\n\n\n\n<figure class=\"wp-block-image size-large\"><img loading=\"lazy\" decoding=\"async\" width=\"1024\" height=\"768\" data-attachment-id=\"1270\" data-permalink=\"https:\/\/www.intellectualsovereignty.ch\/index.php\/2020\/08\/28\/hike-37-engstligenalp-laemmerenhuette-leukerbad\/img_1286\/\" data-orig-file=\"https:\/\/www.intellectualsovereignty.ch\/wp-content\/uploads\/2020\/08\/IMG_1286-scaled.jpeg\" data-orig-size=\"2560,1920\" data-comments-opened=\"0\" data-image-title=\"IMG_1286\" data-image-description=\"\" data-image-caption=\"\" data-large-file=\"https:\/\/www.intellectualsovereignty.ch\/wp-content\/uploads\/2020\/08\/IMG_1286-1024x768.jpeg\" data-id=\"1270\" src=\"https:\/\/www.intellectualsovereignty.ch\/wp-content\/uploads\/2020\/08\/IMG_1286-1024x768.jpeg\" alt=\"\" class=\"wp-image-1270\" srcset=\"https:\/\/www.intellectualsovereignty.ch\/wp-content\/uploads\/2020\/08\/IMG_1286-1024x768.jpeg 1024w, https:\/\/www.intellectualsovereignty.ch\/wp-content\/uploads\/2020\/08\/IMG_1286-300x225.jpeg 300w, https:\/\/www.intellectualsovereignty.ch\/wp-content\/uploads\/2020\/08\/IMG_1286-768x576.jpeg 768w, https:\/\/www.intellectualsovereignty.ch\/wp-content\/uploads\/2020\/08\/IMG_1286-1536x1152.jpeg 1536w, https:\/\/www.intellectualsovereignty.ch\/wp-content\/uploads\/2020\/08\/IMG_1286-2048x1536.jpeg 2048w, https:\/\/www.intellectualsovereignty.ch\/wp-content\/uploads\/2020\/08\/IMG_1286-1870x1403.jpeg 1870w, https:\/\/www.intellectualsovereignty.ch\/wp-content\/uploads\/2020\/08\/IMG_1286-400x300.jpeg 400w, https:\/\/www.intellectualsovereignty.ch\/wp-content\/uploads\/2020\/08\/IMG_1286-800x600.jpeg 800w\" sizes=\"auto, (max-width: 1024px) 100vw, 1024px\" \/><\/figure>\n\n\n\n<figure class=\"wp-block-image size-large\"><img loading=\"lazy\" decoding=\"async\" width=\"1024\" height=\"768\" data-attachment-id=\"1271\" data-permalink=\"https:\/\/www.intellectualsovereignty.ch\/index.php\/2020\/08\/28\/hike-37-engstligenalp-laemmerenhuette-leukerbad\/img_1287\/\" data-orig-file=\"https:\/\/www.intellectualsovereignty.ch\/wp-content\/uploads\/2020\/08\/IMG_1287-scaled.jpeg\" data-orig-size=\"2560,1920\" data-comments-opened=\"0\" data-image-title=\"IMG_1287\" data-image-description=\"\" data-image-caption=\"\" data-large-file=\"https:\/\/www.intellectualsovereignty.ch\/wp-content\/uploads\/2020\/08\/IMG_1287-1024x768.jpeg\" data-id=\"1271\" src=\"https:\/\/www.intellectualsovereignty.ch\/wp-content\/uploads\/2020\/08\/IMG_1287-1024x768.jpeg\" alt=\"\" class=\"wp-image-1271\" srcset=\"https:\/\/www.intellectualsovereignty.ch\/wp-content\/uploads\/2020\/08\/IMG_1287-1024x768.jpeg 1024w, https:\/\/www.intellectualsovereignty.ch\/wp-content\/uploads\/2020\/08\/IMG_1287-300x225.jpeg 300w, https:\/\/www.intellectualsovereignty.ch\/wp-content\/uploads\/2020\/08\/IMG_1287-768x576.jpeg 768w, https:\/\/www.intellectualsovereignty.ch\/wp-content\/uploads\/2020\/08\/IMG_1287-1536x1152.jpeg 1536w, https:\/\/www.intellectualsovereignty.ch\/wp-content\/uploads\/2020\/08\/IMG_1287-2048x1536.jpeg 2048w, https:\/\/www.intellectualsovereignty.ch\/wp-content\/uploads\/2020\/08\/IMG_1287-1870x1403.jpeg 1870w, https:\/\/www.intellectualsovereignty.ch\/wp-content\/uploads\/2020\/08\/IMG_1287-400x300.jpeg 400w, https:\/\/www.intellectualsovereignty.ch\/wp-content\/uploads\/2020\/08\/IMG_1287-800x600.jpeg 800w\" sizes=\"auto, (max-width: 1024px) 100vw, 1024px\" \/><\/figure>\n\n\n\n<figure class=\"wp-block-image size-large\"><img loading=\"lazy\" decoding=\"async\" width=\"1024\" height=\"768\" data-attachment-id=\"1272\" data-permalink=\"https:\/\/www.intellectualsovereignty.ch\/index.php\/2020\/08\/28\/hike-37-engstligenalp-laemmerenhuette-leukerbad\/img_1288\/\" data-orig-file=\"https:\/\/www.intellectualsovereignty.ch\/wp-content\/uploads\/2020\/08\/IMG_1288-scaled.jpeg\" data-orig-size=\"2560,1920\" data-comments-opened=\"0\" data-image-title=\"IMG_1288\" data-image-description=\"\" data-image-caption=\"\" data-large-file=\"https:\/\/www.intellectualsovereignty.ch\/wp-content\/uploads\/2020\/08\/IMG_1288-1024x768.jpeg\" data-id=\"1272\" src=\"https:\/\/www.intellectualsovereignty.ch\/wp-content\/uploads\/2020\/08\/IMG_1288-1024x768.jpeg\" alt=\"\" class=\"wp-image-1272\" srcset=\"https:\/\/www.intellectualsovereignty.ch\/wp-content\/uploads\/2020\/08\/IMG_1288-1024x768.jpeg 1024w, https:\/\/www.intellectualsovereignty.ch\/wp-content\/uploads\/2020\/08\/IMG_1288-300x225.jpeg 300w, https:\/\/www.intellectualsovereignty.ch\/wp-content\/uploads\/2020\/08\/IMG_1288-768x576.jpeg 768w, https:\/\/www.intellectualsovereignty.ch\/wp-content\/uploads\/2020\/08\/IMG_1288-1536x1152.jpeg 1536w, https:\/\/www.intellectualsovereignty.ch\/wp-content\/uploads\/2020\/08\/IMG_1288-2048x1536.jpeg 2048w, https:\/\/www.intellectualsovereignty.ch\/wp-content\/uploads\/2020\/08\/IMG_1288-1870x1403.jpeg 1870w, https:\/\/www.intellectualsovereignty.ch\/wp-content\/uploads\/2020\/08\/IMG_1288-400x300.jpeg 400w, https:\/\/www.intellectualsovereignty.ch\/wp-content\/uploads\/2020\/08\/IMG_1288-800x600.jpeg 800w\" sizes=\"auto, (max-width: 1024px) 100vw, 1024px\" \/><\/figure>\n\n\n\n<figure class=\"wp-block-image size-large\"><img loading=\"lazy\" decoding=\"async\" width=\"1024\" height=\"276\" data-attachment-id=\"1273\" data-permalink=\"https:\/\/www.intellectualsovereignty.ch\/index.php\/2020\/08\/28\/hike-37-engstligenalp-laemmerenhuette-leukerbad\/img_1289\/\" data-orig-file=\"https:\/\/www.intellectualsovereignty.ch\/wp-content\/uploads\/2020\/08\/IMG_1289-scaled.jpeg\" data-orig-size=\"2560,690\" data-comments-opened=\"0\" data-image-title=\"IMG_1289\" data-image-description=\"\" data-image-caption=\"\" data-large-file=\"https:\/\/www.intellectualsovereignty.ch\/wp-content\/uploads\/2020\/08\/IMG_1289-1024x276.jpeg\" data-id=\"1273\" src=\"https:\/\/www.intellectualsovereignty.ch\/wp-content\/uploads\/2020\/08\/IMG_1289-1024x276.jpeg\" alt=\"\" class=\"wp-image-1273\" srcset=\"https:\/\/www.intellectualsovereignty.ch\/wp-content\/uploads\/2020\/08\/IMG_1289-1024x276.jpeg 1024w, https:\/\/www.intellectualsovereignty.ch\/wp-content\/uploads\/2020\/08\/IMG_1289-300x81.jpeg 300w, https:\/\/www.intellectualsovereignty.ch\/wp-content\/uploads\/2020\/08\/IMG_1289-768x207.jpeg 768w, https:\/\/www.intellectualsovereignty.ch\/wp-content\/uploads\/2020\/08\/IMG_1289-1536x414.jpeg 1536w, https:\/\/www.intellectualsovereignty.ch\/wp-content\/uploads\/2020\/08\/IMG_1289-2048x552.jpeg 2048w, https:\/\/www.intellectualsovereignty.ch\/wp-content\/uploads\/2020\/08\/IMG_1289-1870x504.jpeg 1870w, https:\/\/www.intellectualsovereignty.ch\/wp-content\/uploads\/2020\/08\/IMG_1289-400x108.jpeg 400w, https:\/\/www.intellectualsovereignty.ch\/wp-content\/uploads\/2020\/08\/IMG_1289-800x216.jpeg 800w\" sizes=\"auto, (max-width: 1024px) 100vw, 1024px\" \/><\/figure>\n\n\n\n<figure class=\"wp-block-image size-large\"><img loading=\"lazy\" decoding=\"async\" width=\"1024\" height=\"768\" data-attachment-id=\"1274\" data-permalink=\"https:\/\/www.intellectualsovereignty.ch\/index.php\/2020\/08\/28\/hike-37-engstligenalp-laemmerenhuette-leukerbad\/img_1290\/\" data-orig-file=\"https:\/\/www.intellectualsovereignty.ch\/wp-content\/uploads\/2020\/08\/IMG_1290-scaled.jpeg\" data-orig-size=\"2560,1920\" data-comments-opened=\"0\" data-image-title=\"IMG_1290\" data-image-description=\"\" data-image-caption=\"\" data-large-file=\"https:\/\/www.intellectualsovereignty.ch\/wp-content\/uploads\/2020\/08\/IMG_1290-1024x768.jpeg\" data-id=\"1274\" src=\"https:\/\/www.intellectualsovereignty.ch\/wp-content\/uploads\/2020\/08\/IMG_1290-1024x768.jpeg\" alt=\"\" class=\"wp-image-1274\" srcset=\"https:\/\/www.intellectualsovereignty.ch\/wp-content\/uploads\/2020\/08\/IMG_1290-1024x768.jpeg 1024w, https:\/\/www.intellectualsovereignty.ch\/wp-content\/uploads\/2020\/08\/IMG_1290-300x225.jpeg 300w, https:\/\/www.intellectualsovereignty.ch\/wp-content\/uploads\/2020\/08\/IMG_1290-768x576.jpeg 768w, https:\/\/www.intellectualsovereignty.ch\/wp-content\/uploads\/2020\/08\/IMG_1290-1536x1152.jpeg 1536w, https:\/\/www.intellectualsovereignty.ch\/wp-content\/uploads\/2020\/08\/IMG_1290-2048x1536.jpeg 2048w, https:\/\/www.intellectualsovereignty.ch\/wp-content\/uploads\/2020\/08\/IMG_1290-1870x1403.jpeg 1870w, https:\/\/www.intellectualsovereignty.ch\/wp-content\/uploads\/2020\/08\/IMG_1290-400x300.jpeg 400w, https:\/\/www.intellectualsovereignty.ch\/wp-content\/uploads\/2020\/08\/IMG_1290-800x600.jpeg 800w\" sizes=\"auto, (max-width: 1024px) 100vw, 1024px\" \/><\/figure>\n\n\n\n<figure class=\"wp-block-image size-large\"><img loading=\"lazy\" decoding=\"async\" width=\"768\" height=\"1024\" data-attachment-id=\"1275\" data-permalink=\"https:\/\/www.intellectualsovereignty.ch\/index.php\/2020\/08\/28\/hike-37-engstligenalp-laemmerenhuette-leukerbad\/img_1291\/\" data-orig-file=\"https:\/\/www.intellectualsovereignty.ch\/wp-content\/uploads\/2020\/08\/IMG_1291-scaled.jpeg\" data-orig-size=\"1920,2560\" data-comments-opened=\"0\" data-image-title=\"IMG_1291\" data-image-description=\"\" data-image-caption=\"\" data-large-file=\"https:\/\/www.intellectualsovereignty.ch\/wp-content\/uploads\/2020\/08\/IMG_1291-768x1024.jpeg\" data-id=\"1275\" src=\"https:\/\/www.intellectualsovereignty.ch\/wp-content\/uploads\/2020\/08\/IMG_1291-768x1024.jpeg\" alt=\"\" class=\"wp-image-1275\" srcset=\"https:\/\/www.intellectualsovereignty.ch\/wp-content\/uploads\/2020\/08\/IMG_1291-768x1024.jpeg 768w, https:\/\/www.intellectualsovereignty.ch\/wp-content\/uploads\/2020\/08\/IMG_1291-225x300.jpeg 225w, https:\/\/www.intellectualsovereignty.ch\/wp-content\/uploads\/2020\/08\/IMG_1291-1152x1536.jpeg 1152w, https:\/\/www.intellectualsovereignty.ch\/wp-content\/uploads\/2020\/08\/IMG_1291-1536x2048.jpeg 1536w, https:\/\/www.intellectualsovereignty.ch\/wp-content\/uploads\/2020\/08\/IMG_1291-1870x2493.jpeg 1870w, https:\/\/www.intellectualsovereignty.ch\/wp-content\/uploads\/2020\/08\/IMG_1291-400x533.jpeg 400w, https:\/\/www.intellectualsovereignty.ch\/wp-content\/uploads\/2020\/08\/IMG_1291-800x1067.jpeg 800w, https:\/\/www.intellectualsovereignty.ch\/wp-content\/uploads\/2020\/08\/IMG_1291-scaled.jpeg 1920w\" sizes=\"auto, (max-width: 768px) 100vw, 768px\" \/><\/figure>\n\n\n\n<figure class=\"wp-block-image size-large\"><img loading=\"lazy\" decoding=\"async\" width=\"1024\" height=\"768\" data-attachment-id=\"1276\" data-permalink=\"https:\/\/www.intellectualsovereignty.ch\/index.php\/2020\/08\/28\/hike-37-engstligenalp-laemmerenhuette-leukerbad\/img_1292\/\" data-orig-file=\"https:\/\/www.intellectualsovereignty.ch\/wp-content\/uploads\/2020\/08\/IMG_1292-scaled.jpeg\" data-orig-size=\"2560,1920\" data-comments-opened=\"0\" data-image-title=\"IMG_1292\" data-image-description=\"\" data-image-caption=\"\" data-large-file=\"https:\/\/www.intellectualsovereignty.ch\/wp-content\/uploads\/2020\/08\/IMG_1292-1024x768.jpeg\" data-id=\"1276\" src=\"https:\/\/www.intellectualsovereignty.ch\/wp-content\/uploads\/2020\/08\/IMG_1292-1024x768.jpeg\" alt=\"\" class=\"wp-image-1276\" srcset=\"https:\/\/www.intellectualsovereignty.ch\/wp-content\/uploads\/2020\/08\/IMG_1292-1024x768.jpeg 1024w, https:\/\/www.intellectualsovereignty.ch\/wp-content\/uploads\/2020\/08\/IMG_1292-300x225.jpeg 300w, https:\/\/www.intellectualsovereignty.ch\/wp-content\/uploads\/2020\/08\/IMG_1292-768x576.jpeg 768w, https:\/\/www.intellectualsovereignty.ch\/wp-content\/uploads\/2020\/08\/IMG_1292-1536x1152.jpeg 1536w, https:\/\/www.intellectualsovereignty.ch\/wp-content\/uploads\/2020\/08\/IMG_1292-2048x1536.jpeg 2048w, https:\/\/www.intellectualsovereignty.ch\/wp-content\/uploads\/2020\/08\/IMG_1292-1870x1403.jpeg 1870w, https:\/\/www.intellectualsovereignty.ch\/wp-content\/uploads\/2020\/08\/IMG_1292-400x300.jpeg 400w, https:\/\/www.intellectualsovereignty.ch\/wp-content\/uploads\/2020\/08\/IMG_1292-800x600.jpeg 800w\" sizes=\"auto, (max-width: 1024px) 100vw, 1024px\" \/><\/figure>\n\n\n\n<figure class=\"wp-block-image size-large\"><img loading=\"lazy\" decoding=\"async\" width=\"768\" height=\"1024\" data-attachment-id=\"1277\" data-permalink=\"https:\/\/www.intellectualsovereignty.ch\/index.php\/2020\/08\/28\/hike-37-engstligenalp-laemmerenhuette-leukerbad\/img_1293\/\" data-orig-file=\"https:\/\/www.intellectualsovereignty.ch\/wp-content\/uploads\/2020\/08\/IMG_1293-scaled.jpeg\" data-orig-size=\"1920,2560\" data-comments-opened=\"0\" data-image-title=\"IMG_1293\" data-image-description=\"\" data-image-caption=\"\" data-large-file=\"https:\/\/www.intellectualsovereignty.ch\/wp-content\/uploads\/2020\/08\/IMG_1293-768x1024.jpeg\" data-id=\"1277\" src=\"https:\/\/www.intellectualsovereignty.ch\/wp-content\/uploads\/2020\/08\/IMG_1293-768x1024.jpeg\" alt=\"\" class=\"wp-image-1277\" srcset=\"https:\/\/www.intellectualsovereignty.ch\/wp-content\/uploads\/2020\/08\/IMG_1293-768x1024.jpeg 768w, https:\/\/www.intellectualsovereignty.ch\/wp-content\/uploads\/2020\/08\/IMG_1293-225x300.jpeg 225w, https:\/\/www.intellectualsovereignty.ch\/wp-content\/uploads\/2020\/08\/IMG_1293-1152x1536.jpeg 1152w, https:\/\/www.intellectualsovereignty.ch\/wp-content\/uploads\/2020\/08\/IMG_1293-1536x2048.jpeg 1536w, https:\/\/www.intellectualsovereignty.ch\/wp-content\/uploads\/2020\/08\/IMG_1293-1870x2493.jpeg 1870w, https:\/\/www.intellectualsovereignty.ch\/wp-content\/uploads\/2020\/08\/IMG_1293-400x533.jpeg 400w, https:\/\/www.intellectualsovereignty.ch\/wp-content\/uploads\/2020\/08\/IMG_1293-800x1067.jpeg 800w, https:\/\/www.intellectualsovereignty.ch\/wp-content\/uploads\/2020\/08\/IMG_1293-scaled.jpeg 1920w\" sizes=\"auto, (max-width: 768px) 100vw, 768px\" \/><\/figure>\n\n\n\n<figure class=\"wp-block-image size-large\"><img loading=\"lazy\" decoding=\"async\" width=\"768\" height=\"1024\" data-attachment-id=\"1278\" data-permalink=\"https:\/\/www.intellectualsovereignty.ch\/index.php\/2020\/08\/28\/hike-37-engstligenalp-laemmerenhuette-leukerbad\/img_1294\/\" data-orig-file=\"https:\/\/www.intellectualsovereignty.ch\/wp-content\/uploads\/2020\/08\/IMG_1294-scaled.jpeg\" data-orig-size=\"1920,2560\" data-comments-opened=\"0\" data-image-title=\"IMG_1294\" data-image-description=\"\" data-image-caption=\"\" data-large-file=\"https:\/\/www.intellectualsovereignty.ch\/wp-content\/uploads\/2020\/08\/IMG_1294-768x1024.jpeg\" data-id=\"1278\" src=\"https:\/\/www.intellectualsovereignty.ch\/wp-content\/uploads\/2020\/08\/IMG_1294-768x1024.jpeg\" alt=\"\" class=\"wp-image-1278\" srcset=\"https:\/\/www.intellectualsovereignty.ch\/wp-content\/uploads\/2020\/08\/IMG_1294-768x1024.jpeg 768w, https:\/\/www.intellectualsovereignty.ch\/wp-content\/uploads\/2020\/08\/IMG_1294-225x300.jpeg 225w, https:\/\/www.intellectualsovereignty.ch\/wp-content\/uploads\/2020\/08\/IMG_1294-1152x1536.jpeg 1152w, https:\/\/www.intellectualsovereignty.ch\/wp-content\/uploads\/2020\/08\/IMG_1294-1536x2048.jpeg 1536w, https:\/\/www.intellectualsovereignty.ch\/wp-content\/uploads\/2020\/08\/IMG_1294-1870x2493.jpeg 1870w, https:\/\/www.intellectualsovereignty.ch\/wp-content\/uploads\/2020\/08\/IMG_1294-400x533.jpeg 400w, https:\/\/www.intellectualsovereignty.ch\/wp-content\/uploads\/2020\/08\/IMG_1294-800x1067.jpeg 800w, https:\/\/www.intellectualsovereignty.ch\/wp-content\/uploads\/2020\/08\/IMG_1294-scaled.jpeg 1920w\" sizes=\"auto, (max-width: 768px) 100vw, 768px\" \/><\/figure>\n\n\n\n<figure class=\"wp-block-image size-large\"><img loading=\"lazy\" decoding=\"async\" width=\"1024\" height=\"240\" data-attachment-id=\"1279\" data-permalink=\"https:\/\/www.intellectualsovereignty.ch\/index.php\/2020\/08\/28\/hike-37-engstligenalp-laemmerenhuette-leukerbad\/img_1295\/\" data-orig-file=\"https:\/\/www.intellectualsovereignty.ch\/wp-content\/uploads\/2020\/08\/IMG_1295-scaled.jpeg\" data-orig-size=\"2560,600\" data-comments-opened=\"0\" data-image-title=\"IMG_1295\" data-image-description=\"\" data-image-caption=\"\" data-large-file=\"https:\/\/www.intellectualsovereignty.ch\/wp-content\/uploads\/2020\/08\/IMG_1295-1024x240.jpeg\" data-id=\"1279\" src=\"https:\/\/www.intellectualsovereignty.ch\/wp-content\/uploads\/2020\/08\/IMG_1295-1024x240.jpeg\" alt=\"\" class=\"wp-image-1279\" srcset=\"https:\/\/www.intellectualsovereignty.ch\/wp-content\/uploads\/2020\/08\/IMG_1295-1024x240.jpeg 1024w, https:\/\/www.intellectualsovereignty.ch\/wp-content\/uploads\/2020\/08\/IMG_1295-300x70.jpeg 300w, https:\/\/www.intellectualsovereignty.ch\/wp-content\/uploads\/2020\/08\/IMG_1295-768x180.jpeg 768w, https:\/\/www.intellectualsovereignty.ch\/wp-content\/uploads\/2020\/08\/IMG_1295-1536x360.jpeg 1536w, https:\/\/www.intellectualsovereignty.ch\/wp-content\/uploads\/2020\/08\/IMG_1295-2048x480.jpeg 2048w, https:\/\/www.intellectualsovereignty.ch\/wp-content\/uploads\/2020\/08\/IMG_1295-1870x438.jpeg 1870w, https:\/\/www.intellectualsovereignty.ch\/wp-content\/uploads\/2020\/08\/IMG_1295-400x94.jpeg 400w, https:\/\/www.intellectualsovereignty.ch\/wp-content\/uploads\/2020\/08\/IMG_1295-800x187.jpeg 800w\" sizes=\"auto, (max-width: 1024px) 100vw, 1024px\" \/><\/figure>\n\n\n\n<figure class=\"wp-block-image size-large\"><img loading=\"lazy\" decoding=\"async\" width=\"1024\" height=\"768\" data-attachment-id=\"1280\" data-permalink=\"https:\/\/www.intellectualsovereignty.ch\/index.php\/2020\/08\/28\/hike-37-engstligenalp-laemmerenhuette-leukerbad\/img_1296\/\" data-orig-file=\"https:\/\/www.intellectualsovereignty.ch\/wp-content\/uploads\/2020\/08\/IMG_1296-scaled.jpeg\" data-orig-size=\"2560,1920\" data-comments-opened=\"0\" data-image-title=\"IMG_1296\" data-image-description=\"\" data-image-caption=\"\" data-large-file=\"https:\/\/www.intellectualsovereignty.ch\/wp-content\/uploads\/2020\/08\/IMG_1296-1024x768.jpeg\" data-id=\"1280\" src=\"https:\/\/www.intellectualsovereignty.ch\/wp-content\/uploads\/2020\/08\/IMG_1296-1024x768.jpeg\" alt=\"\" class=\"wp-image-1280\" srcset=\"https:\/\/www.intellectualsovereignty.ch\/wp-content\/uploads\/2020\/08\/IMG_1296-1024x768.jpeg 1024w, https:\/\/www.intellectualsovereignty.ch\/wp-content\/uploads\/2020\/08\/IMG_1296-300x225.jpeg 300w, https:\/\/www.intellectualsovereignty.ch\/wp-content\/uploads\/2020\/08\/IMG_1296-768x576.jpeg 768w, https:\/\/www.intellectualsovereignty.ch\/wp-content\/uploads\/2020\/08\/IMG_1296-1536x1152.jpeg 1536w, https:\/\/www.intellectualsovereignty.ch\/wp-content\/uploads\/2020\/08\/IMG_1296-2048x1536.jpeg 2048w, https:\/\/www.intellectualsovereignty.ch\/wp-content\/uploads\/2020\/08\/IMG_1296-1870x1403.jpeg 1870w, https:\/\/www.intellectualsovereignty.ch\/wp-content\/uploads\/2020\/08\/IMG_1296-400x300.jpeg 400w, https:\/\/www.intellectualsovereignty.ch\/wp-content\/uploads\/2020\/08\/IMG_1296-800x600.jpeg 800w\" sizes=\"auto, (max-width: 1024px) 100vw, 1024px\" \/><\/figure>\n\n\n\n<figure class=\"wp-block-image size-large\"><img loading=\"lazy\" decoding=\"async\" width=\"768\" height=\"1024\" data-attachment-id=\"1281\" data-permalink=\"https:\/\/www.intellectualsovereignty.ch\/index.php\/2020\/08\/28\/hike-37-engstligenalp-laemmerenhuette-leukerbad\/img_1297\/\" data-orig-file=\"https:\/\/www.intellectualsovereignty.ch\/wp-content\/uploads\/2020\/08\/IMG_1297-scaled.jpeg\" data-orig-size=\"1920,2560\" data-comments-opened=\"0\" data-image-title=\"IMG_1297\" data-image-description=\"\" data-image-caption=\"\" data-large-file=\"https:\/\/www.intellectualsovereignty.ch\/wp-content\/uploads\/2020\/08\/IMG_1297-768x1024.jpeg\" data-id=\"1281\" src=\"https:\/\/www.intellectualsovereignty.ch\/wp-content\/uploads\/2020\/08\/IMG_1297-768x1024.jpeg\" alt=\"\" class=\"wp-image-1281\" srcset=\"https:\/\/www.intellectualsovereignty.ch\/wp-content\/uploads\/2020\/08\/IMG_1297-768x1024.jpeg 768w, https:\/\/www.intellectualsovereignty.ch\/wp-content\/uploads\/2020\/08\/IMG_1297-225x300.jpeg 225w, https:\/\/www.intellectualsovereignty.ch\/wp-content\/uploads\/2020\/08\/IMG_1297-1152x1536.jpeg 1152w, https:\/\/www.intellectualsovereignty.ch\/wp-content\/uploads\/2020\/08\/IMG_1297-1536x2048.jpeg 1536w, https:\/\/www.intellectualsovereignty.ch\/wp-content\/uploads\/2020\/08\/IMG_1297-1870x2493.jpeg 1870w, https:\/\/www.intellectualsovereignty.ch\/wp-content\/uploads\/2020\/08\/IMG_1297-400x533.jpeg 400w, https:\/\/www.intellectualsovereignty.ch\/wp-content\/uploads\/2020\/08\/IMG_1297-800x1067.jpeg 800w, https:\/\/www.intellectualsovereignty.ch\/wp-content\/uploads\/2020\/08\/IMG_1297-scaled.jpeg 1920w\" sizes=\"auto, (max-width: 768px) 100vw, 768px\" \/><\/figure>\n\n\n\n<figure class=\"wp-block-image size-large\"><img loading=\"lazy\" decoding=\"async\" width=\"1024\" height=\"337\" data-attachment-id=\"1282\" data-permalink=\"https:\/\/www.intellectualsovereignty.ch\/index.php\/2020\/08\/28\/hike-37-engstligenalp-laemmerenhuette-leukerbad\/img_1298\/\" data-orig-file=\"https:\/\/www.intellectualsovereignty.ch\/wp-content\/uploads\/2020\/08\/IMG_1298-scaled.jpeg\" data-orig-size=\"2560,841\" data-comments-opened=\"0\" data-image-title=\"IMG_1298\" data-image-description=\"\" data-image-caption=\"\" data-large-file=\"https:\/\/www.intellectualsovereignty.ch\/wp-content\/uploads\/2020\/08\/IMG_1298-1024x337.jpeg\" data-id=\"1282\" src=\"https:\/\/www.intellectualsovereignty.ch\/wp-content\/uploads\/2020\/08\/IMG_1298-1024x337.jpeg\" alt=\"\" class=\"wp-image-1282\" srcset=\"https:\/\/www.intellectualsovereignty.ch\/wp-content\/uploads\/2020\/08\/IMG_1298-1024x337.jpeg 1024w, https:\/\/www.intellectualsovereignty.ch\/wp-content\/uploads\/2020\/08\/IMG_1298-300x99.jpeg 300w, https:\/\/www.intellectualsovereignty.ch\/wp-content\/uploads\/2020\/08\/IMG_1298-768x252.jpeg 768w, https:\/\/www.intellectualsovereignty.ch\/wp-content\/uploads\/2020\/08\/IMG_1298-1536x505.jpeg 1536w, https:\/\/www.intellectualsovereignty.ch\/wp-content\/uploads\/2020\/08\/IMG_1298-2048x673.jpeg 2048w, https:\/\/www.intellectualsovereignty.ch\/wp-content\/uploads\/2020\/08\/IMG_1298-1870x615.jpeg 1870w, https:\/\/www.intellectualsovereignty.ch\/wp-content\/uploads\/2020\/08\/IMG_1298-400x131.jpeg 400w, https:\/\/www.intellectualsovereignty.ch\/wp-content\/uploads\/2020\/08\/IMG_1298-800x263.jpeg 800w\" sizes=\"auto, (max-width: 1024px) 100vw, 1024px\" \/><\/figure>\n\n\n\n<figure class=\"wp-block-image size-large\"><img loading=\"lazy\" decoding=\"async\" width=\"1024\" height=\"768\" data-attachment-id=\"1283\" data-permalink=\"https:\/\/www.intellectualsovereignty.ch\/index.php\/2020\/08\/28\/hike-37-engstligenalp-laemmerenhuette-leukerbad\/img_1299\/\" data-orig-file=\"https:\/\/www.intellectualsovereignty.ch\/wp-content\/uploads\/2020\/08\/IMG_1299-scaled.jpeg\" data-orig-size=\"2560,1920\" data-comments-opened=\"0\" data-image-title=\"IMG_1299\" data-image-description=\"\" data-image-caption=\"\" data-large-file=\"https:\/\/www.intellectualsovereignty.ch\/wp-content\/uploads\/2020\/08\/IMG_1299-1024x768.jpeg\" data-id=\"1283\" src=\"https:\/\/www.intellectualsovereignty.ch\/wp-content\/uploads\/2020\/08\/IMG_1299-1024x768.jpeg\" alt=\"\" class=\"wp-image-1283\" srcset=\"https:\/\/www.intellectualsovereignty.ch\/wp-content\/uploads\/2020\/08\/IMG_1299-1024x768.jpeg 1024w, https:\/\/www.intellectualsovereignty.ch\/wp-content\/uploads\/2020\/08\/IMG_1299-300x225.jpeg 300w, https:\/\/www.intellectualsovereignty.ch\/wp-content\/uploads\/2020\/08\/IMG_1299-768x576.jpeg 768w, https:\/\/www.intellectualsovereignty.ch\/wp-content\/uploads\/2020\/08\/IMG_1299-1536x1152.jpeg 1536w, https:\/\/www.intellectualsovereignty.ch\/wp-content\/uploads\/2020\/08\/IMG_1299-2048x1536.jpeg 2048w, https:\/\/www.intellectualsovereignty.ch\/wp-content\/uploads\/2020\/08\/IMG_1299-1870x1403.jpeg 1870w, https:\/\/www.intellectualsovereignty.ch\/wp-content\/uploads\/2020\/08\/IMG_1299-400x300.jpeg 400w, https:\/\/www.intellectualsovereignty.ch\/wp-content\/uploads\/2020\/08\/IMG_1299-800x600.jpeg 800w\" sizes=\"auto, (max-width: 1024px) 100vw, 1024px\" \/><\/figure>\n\n\n\n<figure class=\"wp-block-image size-large\"><img loading=\"lazy\" decoding=\"async\" width=\"1024\" height=\"768\" data-attachment-id=\"1284\" data-permalink=\"https:\/\/www.intellectualsovereignty.ch\/index.php\/2020\/08\/28\/hike-37-engstligenalp-laemmerenhuette-leukerbad\/img_1300\/\" data-orig-file=\"https:\/\/www.intellectualsovereignty.ch\/wp-content\/uploads\/2020\/08\/IMG_1300-scaled.jpeg\" data-orig-size=\"2560,1920\" data-comments-opened=\"0\" data-image-title=\"IMG_1300\" data-image-description=\"\" data-image-caption=\"\" data-large-file=\"https:\/\/www.intellectualsovereignty.ch\/wp-content\/uploads\/2020\/08\/IMG_1300-1024x768.jpeg\" data-id=\"1284\" src=\"https:\/\/www.intellectualsovereignty.ch\/wp-content\/uploads\/2020\/08\/IMG_1300-1024x768.jpeg\" alt=\"\" class=\"wp-image-1284\" srcset=\"https:\/\/www.intellectualsovereignty.ch\/wp-content\/uploads\/2020\/08\/IMG_1300-1024x768.jpeg 1024w, https:\/\/www.intellectualsovereignty.ch\/wp-content\/uploads\/2020\/08\/IMG_1300-300x225.jpeg 300w, https:\/\/www.intellectualsovereignty.ch\/wp-content\/uploads\/2020\/08\/IMG_1300-768x576.jpeg 768w, https:\/\/www.intellectualsovereignty.ch\/wp-content\/uploads\/2020\/08\/IMG_1300-1536x1152.jpeg 1536w, https:\/\/www.intellectualsovereignty.ch\/wp-content\/uploads\/2020\/08\/IMG_1300-2048x1536.jpeg 2048w, https:\/\/www.intellectualsovereignty.ch\/wp-content\/uploads\/2020\/08\/IMG_1300-1870x1403.jpeg 1870w, https:\/\/www.intellectualsovereignty.ch\/wp-content\/uploads\/2020\/08\/IMG_1300-400x300.jpeg 400w, https:\/\/www.intellectualsovereignty.ch\/wp-content\/uploads\/2020\/08\/IMG_1300-800x600.jpeg 800w\" sizes=\"auto, (max-width: 1024px) 100vw, 1024px\" \/><\/figure>\n\n\n\n<figure class=\"wp-block-image size-large\"><img loading=\"lazy\" decoding=\"async\" width=\"1024\" height=\"768\" data-attachment-id=\"1285\" data-permalink=\"https:\/\/www.intellectualsovereignty.ch\/index.php\/2020\/08\/28\/hike-37-engstligenalp-laemmerenhuette-leukerbad\/img_1301\/\" data-orig-file=\"https:\/\/www.intellectualsovereignty.ch\/wp-content\/uploads\/2020\/08\/IMG_1301-scaled.jpeg\" data-orig-size=\"2560,1920\" data-comments-opened=\"0\" data-image-title=\"IMG_1301\" data-image-description=\"\" data-image-caption=\"\" data-large-file=\"https:\/\/www.intellectualsovereignty.ch\/wp-content\/uploads\/2020\/08\/IMG_1301-1024x768.jpeg\" data-id=\"1285\" src=\"https:\/\/www.intellectualsovereignty.ch\/wp-content\/uploads\/2020\/08\/IMG_1301-1024x768.jpeg\" alt=\"\" class=\"wp-image-1285\" srcset=\"https:\/\/www.intellectualsovereignty.ch\/wp-content\/uploads\/2020\/08\/IMG_1301-1024x768.jpeg 1024w, https:\/\/www.intellectualsovereignty.ch\/wp-content\/uploads\/2020\/08\/IMG_1301-300x225.jpeg 300w, https:\/\/www.intellectualsovereignty.ch\/wp-content\/uploads\/2020\/08\/IMG_1301-768x576.jpeg 768w, https:\/\/www.intellectualsovereignty.ch\/wp-content\/uploads\/2020\/08\/IMG_1301-1536x1152.jpeg 1536w, https:\/\/www.intellectualsovereignty.ch\/wp-content\/uploads\/2020\/08\/IMG_1301-2048x1536.jpeg 2048w, https:\/\/www.intellectualsovereignty.ch\/wp-content\/uploads\/2020\/08\/IMG_1301-1870x1403.jpeg 1870w, https:\/\/www.intellectualsovereignty.ch\/wp-content\/uploads\/2020\/08\/IMG_1301-400x300.jpeg 400w, https:\/\/www.intellectualsovereignty.ch\/wp-content\/uploads\/2020\/08\/IMG_1301-800x600.jpeg 800w\" sizes=\"auto, (max-width: 1024px) 100vw, 1024px\" \/><\/figure>\n<\/figure>\n\n\n\n<p class=\"wp-block-paragraph\">Oben angekommen er\u00f6ffnet sich mir ein wundersch\u00f6nes Panorama auf die R\u00fcckseite der Gross-Loner, Kandersteg und das Balmhorn. Z\u00fcgig schreite ich den Entschligegrat entlang bis zum Chindbettipass, von wo es im T\u00e4lli einer Steinw\u00fcste gleich in Richtung Rote Totz L\u00fccke geht. Davor erblicke ich die k\u00fcmmerlichen Reste des T\u00e4lligletschers und die auf mich zukriechende Schlechtwetterfront. Wenn das nur gut geht, denke ich mir&#8230;<\/p>\n\n\n\n<figure class=\"wp-block-gallery has-nested-images columns-default is-cropped wp-block-gallery-2 is-layout-flex wp-block-gallery-is-layout-flex\">\n<figure class=\"wp-block-image size-large\"><img loading=\"lazy\" decoding=\"async\" width=\"768\" height=\"1024\" data-attachment-id=\"1286\" data-permalink=\"https:\/\/www.intellectualsovereignty.ch\/index.php\/2020\/08\/28\/hike-37-engstligenalp-laemmerenhuette-leukerbad\/img_1302\/\" data-orig-file=\"https:\/\/www.intellectualsovereignty.ch\/wp-content\/uploads\/2020\/08\/IMG_1302-scaled.jpeg\" data-orig-size=\"1920,2560\" data-comments-opened=\"0\" data-image-title=\"IMG_1302\" data-image-description=\"\" data-image-caption=\"\" data-large-file=\"https:\/\/www.intellectualsovereignty.ch\/wp-content\/uploads\/2020\/08\/IMG_1302-768x1024.jpeg\" data-id=\"1286\" src=\"https:\/\/www.intellectualsovereignty.ch\/wp-content\/uploads\/2020\/08\/IMG_1302-768x1024.jpeg\" alt=\"\" class=\"wp-image-1286\" srcset=\"https:\/\/www.intellectualsovereignty.ch\/wp-content\/uploads\/2020\/08\/IMG_1302-768x1024.jpeg 768w, https:\/\/www.intellectualsovereignty.ch\/wp-content\/uploads\/2020\/08\/IMG_1302-225x300.jpeg 225w, https:\/\/www.intellectualsovereignty.ch\/wp-content\/uploads\/2020\/08\/IMG_1302-1152x1536.jpeg 1152w, https:\/\/www.intellectualsovereignty.ch\/wp-content\/uploads\/2020\/08\/IMG_1302-1536x2048.jpeg 1536w, https:\/\/www.intellectualsovereignty.ch\/wp-content\/uploads\/2020\/08\/IMG_1302-1870x2493.jpeg 1870w, https:\/\/www.intellectualsovereignty.ch\/wp-content\/uploads\/2020\/08\/IMG_1302-400x533.jpeg 400w, https:\/\/www.intellectualsovereignty.ch\/wp-content\/uploads\/2020\/08\/IMG_1302-800x1067.jpeg 800w, https:\/\/www.intellectualsovereignty.ch\/wp-content\/uploads\/2020\/08\/IMG_1302-scaled.jpeg 1920w\" sizes=\"auto, (max-width: 768px) 100vw, 768px\" \/><\/figure>\n\n\n\n<figure class=\"wp-block-image size-large\"><img loading=\"lazy\" decoding=\"async\" width=\"1024\" height=\"768\" data-attachment-id=\"1287\" data-permalink=\"https:\/\/www.intellectualsovereignty.ch\/index.php\/2020\/08\/28\/hike-37-engstligenalp-laemmerenhuette-leukerbad\/img_1303\/\" data-orig-file=\"https:\/\/www.intellectualsovereignty.ch\/wp-content\/uploads\/2020\/08\/IMG_1303-scaled.jpeg\" data-orig-size=\"2560,1920\" data-comments-opened=\"0\" data-image-title=\"IMG_1303\" data-image-description=\"\" data-image-caption=\"\" data-large-file=\"https:\/\/www.intellectualsovereignty.ch\/wp-content\/uploads\/2020\/08\/IMG_1303-1024x768.jpeg\" data-id=\"1287\" src=\"https:\/\/www.intellectualsovereignty.ch\/wp-content\/uploads\/2020\/08\/IMG_1303-1024x768.jpeg\" alt=\"\" class=\"wp-image-1287\" srcset=\"https:\/\/www.intellectualsovereignty.ch\/wp-content\/uploads\/2020\/08\/IMG_1303-1024x768.jpeg 1024w, https:\/\/www.intellectualsovereignty.ch\/wp-content\/uploads\/2020\/08\/IMG_1303-300x225.jpeg 300w, https:\/\/www.intellectualsovereignty.ch\/wp-content\/uploads\/2020\/08\/IMG_1303-768x576.jpeg 768w, https:\/\/www.intellectualsovereignty.ch\/wp-content\/uploads\/2020\/08\/IMG_1303-1536x1152.jpeg 1536w, https:\/\/www.intellectualsovereignty.ch\/wp-content\/uploads\/2020\/08\/IMG_1303-2048x1536.jpeg 2048w, https:\/\/www.intellectualsovereignty.ch\/wp-content\/uploads\/2020\/08\/IMG_1303-1870x1403.jpeg 1870w, https:\/\/www.intellectualsovereignty.ch\/wp-content\/uploads\/2020\/08\/IMG_1303-400x300.jpeg 400w, https:\/\/www.intellectualsovereignty.ch\/wp-content\/uploads\/2020\/08\/IMG_1303-800x600.jpeg 800w\" sizes=\"auto, (max-width: 1024px) 100vw, 1024px\" \/><\/figure>\n\n\n\n<figure class=\"wp-block-image size-large\"><img loading=\"lazy\" decoding=\"async\" width=\"1024\" height=\"768\" data-attachment-id=\"1288\" data-permalink=\"https:\/\/www.intellectualsovereignty.ch\/index.php\/2020\/08\/28\/hike-37-engstligenalp-laemmerenhuette-leukerbad\/img_1304\/\" data-orig-file=\"https:\/\/www.intellectualsovereignty.ch\/wp-content\/uploads\/2020\/08\/IMG_1304-scaled.jpeg\" data-orig-size=\"2560,1920\" data-comments-opened=\"0\" data-image-title=\"IMG_1304\" data-image-description=\"\" data-image-caption=\"\" data-large-file=\"https:\/\/www.intellectualsovereignty.ch\/wp-content\/uploads\/2020\/08\/IMG_1304-1024x768.jpeg\" data-id=\"1288\" src=\"https:\/\/www.intellectualsovereignty.ch\/wp-content\/uploads\/2020\/08\/IMG_1304-1024x768.jpeg\" alt=\"\" class=\"wp-image-1288\" srcset=\"https:\/\/www.intellectualsovereignty.ch\/wp-content\/uploads\/2020\/08\/IMG_1304-1024x768.jpeg 1024w, https:\/\/www.intellectualsovereignty.ch\/wp-content\/uploads\/2020\/08\/IMG_1304-300x225.jpeg 300w, https:\/\/www.intellectualsovereignty.ch\/wp-content\/uploads\/2020\/08\/IMG_1304-768x576.jpeg 768w, https:\/\/www.intellectualsovereignty.ch\/wp-content\/uploads\/2020\/08\/IMG_1304-1536x1152.jpeg 1536w, https:\/\/www.intellectualsovereignty.ch\/wp-content\/uploads\/2020\/08\/IMG_1304-2048x1536.jpeg 2048w, https:\/\/www.intellectualsovereignty.ch\/wp-content\/uploads\/2020\/08\/IMG_1304-1870x1403.jpeg 1870w, https:\/\/www.intellectualsovereignty.ch\/wp-content\/uploads\/2020\/08\/IMG_1304-400x300.jpeg 400w, https:\/\/www.intellectualsovereignty.ch\/wp-content\/uploads\/2020\/08\/IMG_1304-800x600.jpeg 800w\" sizes=\"auto, (max-width: 1024px) 100vw, 1024px\" \/><\/figure>\n\n\n\n<figure class=\"wp-block-image size-large\"><img loading=\"lazy\" decoding=\"async\" width=\"1024\" height=\"243\" data-attachment-id=\"1289\" data-permalink=\"https:\/\/www.intellectualsovereignty.ch\/index.php\/2020\/08\/28\/hike-37-engstligenalp-laemmerenhuette-leukerbad\/img_1305\/\" data-orig-file=\"https:\/\/www.intellectualsovereignty.ch\/wp-content\/uploads\/2020\/08\/IMG_1305-scaled.jpeg\" data-orig-size=\"2560,608\" data-comments-opened=\"0\" data-image-title=\"IMG_1305\" data-image-description=\"\" data-image-caption=\"\" data-large-file=\"https:\/\/www.intellectualsovereignty.ch\/wp-content\/uploads\/2020\/08\/IMG_1305-1024x243.jpeg\" data-id=\"1289\" src=\"https:\/\/www.intellectualsovereignty.ch\/wp-content\/uploads\/2020\/08\/IMG_1305-1024x243.jpeg\" alt=\"\" class=\"wp-image-1289\" srcset=\"https:\/\/www.intellectualsovereignty.ch\/wp-content\/uploads\/2020\/08\/IMG_1305-1024x243.jpeg 1024w, https:\/\/www.intellectualsovereignty.ch\/wp-content\/uploads\/2020\/08\/IMG_1305-300x71.jpeg 300w, https:\/\/www.intellectualsovereignty.ch\/wp-content\/uploads\/2020\/08\/IMG_1305-768x183.jpeg 768w, https:\/\/www.intellectualsovereignty.ch\/wp-content\/uploads\/2020\/08\/IMG_1305-1536x365.jpeg 1536w, https:\/\/www.intellectualsovereignty.ch\/wp-content\/uploads\/2020\/08\/IMG_1305-2048x487.jpeg 2048w, https:\/\/www.intellectualsovereignty.ch\/wp-content\/uploads\/2020\/08\/IMG_1305-1870x444.jpeg 1870w, https:\/\/www.intellectualsovereignty.ch\/wp-content\/uploads\/2020\/08\/IMG_1305-400x95.jpeg 400w, https:\/\/www.intellectualsovereignty.ch\/wp-content\/uploads\/2020\/08\/IMG_1305-800x190.jpeg 800w\" sizes=\"auto, (max-width: 1024px) 100vw, 1024px\" \/><\/figure>\n\n\n\n<figure class=\"wp-block-image size-large\"><img loading=\"lazy\" decoding=\"async\" width=\"1024\" height=\"768\" data-attachment-id=\"1290\" data-permalink=\"https:\/\/www.intellectualsovereignty.ch\/index.php\/2020\/08\/28\/hike-37-engstligenalp-laemmerenhuette-leukerbad\/img_1306\/\" data-orig-file=\"https:\/\/www.intellectualsovereignty.ch\/wp-content\/uploads\/2020\/08\/IMG_1306-scaled.jpeg\" data-orig-size=\"2560,1920\" data-comments-opened=\"0\" data-image-title=\"IMG_1306\" data-image-description=\"\" data-image-caption=\"\" data-large-file=\"https:\/\/www.intellectualsovereignty.ch\/wp-content\/uploads\/2020\/08\/IMG_1306-1024x768.jpeg\" data-id=\"1290\" src=\"https:\/\/www.intellectualsovereignty.ch\/wp-content\/uploads\/2020\/08\/IMG_1306-1024x768.jpeg\" alt=\"\" class=\"wp-image-1290\" srcset=\"https:\/\/www.intellectualsovereignty.ch\/wp-content\/uploads\/2020\/08\/IMG_1306-1024x768.jpeg 1024w, https:\/\/www.intellectualsovereignty.ch\/wp-content\/uploads\/2020\/08\/IMG_1306-300x225.jpeg 300w, https:\/\/www.intellectualsovereignty.ch\/wp-content\/uploads\/2020\/08\/IMG_1306-768x576.jpeg 768w, https:\/\/www.intellectualsovereignty.ch\/wp-content\/uploads\/2020\/08\/IMG_1306-1536x1152.jpeg 1536w, https:\/\/www.intellectualsovereignty.ch\/wp-content\/uploads\/2020\/08\/IMG_1306-2048x1536.jpeg 2048w, https:\/\/www.intellectualsovereignty.ch\/wp-content\/uploads\/2020\/08\/IMG_1306-1870x1403.jpeg 1870w, https:\/\/www.intellectualsovereignty.ch\/wp-content\/uploads\/2020\/08\/IMG_1306-400x300.jpeg 400w, https:\/\/www.intellectualsovereignty.ch\/wp-content\/uploads\/2020\/08\/IMG_1306-800x600.jpeg 800w\" sizes=\"auto, (max-width: 1024px) 100vw, 1024px\" \/><\/figure>\n\n\n\n<figure class=\"wp-block-image size-large\"><img loading=\"lazy\" decoding=\"async\" width=\"768\" height=\"1024\" data-attachment-id=\"1291\" data-permalink=\"https:\/\/www.intellectualsovereignty.ch\/index.php\/2020\/08\/28\/hike-37-engstligenalp-laemmerenhuette-leukerbad\/img_1307\/\" data-orig-file=\"https:\/\/www.intellectualsovereignty.ch\/wp-content\/uploads\/2020\/08\/IMG_1307-scaled.jpeg\" data-orig-size=\"1920,2560\" data-comments-opened=\"0\" data-image-title=\"IMG_1307\" data-image-description=\"\" data-image-caption=\"\" data-large-file=\"https:\/\/www.intellectualsovereignty.ch\/wp-content\/uploads\/2020\/08\/IMG_1307-768x1024.jpeg\" data-id=\"1291\" src=\"https:\/\/www.intellectualsovereignty.ch\/wp-content\/uploads\/2020\/08\/IMG_1307-768x1024.jpeg\" alt=\"\" class=\"wp-image-1291\" srcset=\"https:\/\/www.intellectualsovereignty.ch\/wp-content\/uploads\/2020\/08\/IMG_1307-768x1024.jpeg 768w, https:\/\/www.intellectualsovereignty.ch\/wp-content\/uploads\/2020\/08\/IMG_1307-225x300.jpeg 225w, https:\/\/www.intellectualsovereignty.ch\/wp-content\/uploads\/2020\/08\/IMG_1307-1152x1536.jpeg 1152w, https:\/\/www.intellectualsovereignty.ch\/wp-content\/uploads\/2020\/08\/IMG_1307-1536x2048.jpeg 1536w, https:\/\/www.intellectualsovereignty.ch\/wp-content\/uploads\/2020\/08\/IMG_1307-1870x2493.jpeg 1870w, https:\/\/www.intellectualsovereignty.ch\/wp-content\/uploads\/2020\/08\/IMG_1307-400x533.jpeg 400w, https:\/\/www.intellectualsovereignty.ch\/wp-content\/uploads\/2020\/08\/IMG_1307-800x1067.jpeg 800w, https:\/\/www.intellectualsovereignty.ch\/wp-content\/uploads\/2020\/08\/IMG_1307-scaled.jpeg 1920w\" sizes=\"auto, (max-width: 768px) 100vw, 768px\" \/><\/figure>\n\n\n\n<figure class=\"wp-block-image size-large\"><img loading=\"lazy\" decoding=\"async\" width=\"1024\" height=\"337\" data-attachment-id=\"1292\" data-permalink=\"https:\/\/www.intellectualsovereignty.ch\/index.php\/2020\/08\/28\/hike-37-engstligenalp-laemmerenhuette-leukerbad\/img_1308\/\" data-orig-file=\"https:\/\/www.intellectualsovereignty.ch\/wp-content\/uploads\/2020\/08\/IMG_1308-scaled.jpeg\" data-orig-size=\"2560,842\" data-comments-opened=\"0\" data-image-title=\"IMG_1308\" data-image-description=\"\" data-image-caption=\"\" data-large-file=\"https:\/\/www.intellectualsovereignty.ch\/wp-content\/uploads\/2020\/08\/IMG_1308-1024x337.jpeg\" data-id=\"1292\" src=\"https:\/\/www.intellectualsovereignty.ch\/wp-content\/uploads\/2020\/08\/IMG_1308-1024x337.jpeg\" alt=\"\" class=\"wp-image-1292\" srcset=\"https:\/\/www.intellectualsovereignty.ch\/wp-content\/uploads\/2020\/08\/IMG_1308-1024x337.jpeg 1024w, https:\/\/www.intellectualsovereignty.ch\/wp-content\/uploads\/2020\/08\/IMG_1308-300x99.jpeg 300w, https:\/\/www.intellectualsovereignty.ch\/wp-content\/uploads\/2020\/08\/IMG_1308-768x252.jpeg 768w, https:\/\/www.intellectualsovereignty.ch\/wp-content\/uploads\/2020\/08\/IMG_1308-1536x505.jpeg 1536w, https:\/\/www.intellectualsovereignty.ch\/wp-content\/uploads\/2020\/08\/IMG_1308-2048x673.jpeg 2048w, https:\/\/www.intellectualsovereignty.ch\/wp-content\/uploads\/2020\/08\/IMG_1308-1870x615.jpeg 1870w, https:\/\/www.intellectualsovereignty.ch\/wp-content\/uploads\/2020\/08\/IMG_1308-400x131.jpeg 400w, https:\/\/www.intellectualsovereignty.ch\/wp-content\/uploads\/2020\/08\/IMG_1308-800x263.jpeg 800w\" sizes=\"auto, (max-width: 1024px) 100vw, 1024px\" \/><\/figure>\n\n\n\n<figure class=\"wp-block-image size-large\"><img loading=\"lazy\" decoding=\"async\" width=\"1024\" height=\"768\" data-attachment-id=\"1293\" data-permalink=\"https:\/\/www.intellectualsovereignty.ch\/index.php\/2020\/08\/28\/hike-37-engstligenalp-laemmerenhuette-leukerbad\/img_1309\/\" data-orig-file=\"https:\/\/www.intellectualsovereignty.ch\/wp-content\/uploads\/2020\/08\/IMG_1309-scaled.jpeg\" data-orig-size=\"2560,1920\" data-comments-opened=\"0\" data-image-title=\"IMG_1309\" data-image-description=\"\" data-image-caption=\"\" data-large-file=\"https:\/\/www.intellectualsovereignty.ch\/wp-content\/uploads\/2020\/08\/IMG_1309-1024x768.jpeg\" data-id=\"1293\" src=\"https:\/\/www.intellectualsovereignty.ch\/wp-content\/uploads\/2020\/08\/IMG_1309-1024x768.jpeg\" alt=\"\" class=\"wp-image-1293\" srcset=\"https:\/\/www.intellectualsovereignty.ch\/wp-content\/uploads\/2020\/08\/IMG_1309-1024x768.jpeg 1024w, https:\/\/www.intellectualsovereignty.ch\/wp-content\/uploads\/2020\/08\/IMG_1309-300x225.jpeg 300w, https:\/\/www.intellectualsovereignty.ch\/wp-content\/uploads\/2020\/08\/IMG_1309-768x576.jpeg 768w, https:\/\/www.intellectualsovereignty.ch\/wp-content\/uploads\/2020\/08\/IMG_1309-1536x1152.jpeg 1536w, https:\/\/www.intellectualsovereignty.ch\/wp-content\/uploads\/2020\/08\/IMG_1309-2048x1536.jpeg 2048w, https:\/\/www.intellectualsovereignty.ch\/wp-content\/uploads\/2020\/08\/IMG_1309-1870x1403.jpeg 1870w, https:\/\/www.intellectualsovereignty.ch\/wp-content\/uploads\/2020\/08\/IMG_1309-400x300.jpeg 400w, https:\/\/www.intellectualsovereignty.ch\/wp-content\/uploads\/2020\/08\/IMG_1309-800x600.jpeg 800w\" sizes=\"auto, (max-width: 1024px) 100vw, 1024px\" \/><\/figure>\n\n\n\n<figure class=\"wp-block-image size-large\"><img loading=\"lazy\" decoding=\"async\" width=\"1024\" height=\"768\" data-attachment-id=\"1294\" data-permalink=\"https:\/\/www.intellectualsovereignty.ch\/index.php\/2020\/08\/28\/hike-37-engstligenalp-laemmerenhuette-leukerbad\/img_1310\/\" data-orig-file=\"https:\/\/www.intellectualsovereignty.ch\/wp-content\/uploads\/2020\/08\/IMG_1310-scaled.jpeg\" data-orig-size=\"2560,1920\" data-comments-opened=\"0\" data-image-title=\"IMG_1310\" data-image-description=\"\" data-image-caption=\"\" data-large-file=\"https:\/\/www.intellectualsovereignty.ch\/wp-content\/uploads\/2020\/08\/IMG_1310-1024x768.jpeg\" data-id=\"1294\" src=\"https:\/\/www.intellectualsovereignty.ch\/wp-content\/uploads\/2020\/08\/IMG_1310-1024x768.jpeg\" alt=\"\" class=\"wp-image-1294\" srcset=\"https:\/\/www.intellectualsovereignty.ch\/wp-content\/uploads\/2020\/08\/IMG_1310-1024x768.jpeg 1024w, https:\/\/www.intellectualsovereignty.ch\/wp-content\/uploads\/2020\/08\/IMG_1310-300x225.jpeg 300w, https:\/\/www.intellectualsovereignty.ch\/wp-content\/uploads\/2020\/08\/IMG_1310-768x576.jpeg 768w, https:\/\/www.intellectualsovereignty.ch\/wp-content\/uploads\/2020\/08\/IMG_1310-1536x1152.jpeg 1536w, https:\/\/www.intellectualsovereignty.ch\/wp-content\/uploads\/2020\/08\/IMG_1310-2048x1536.jpeg 2048w, https:\/\/www.intellectualsovereignty.ch\/wp-content\/uploads\/2020\/08\/IMG_1310-1870x1403.jpeg 1870w, https:\/\/www.intellectualsovereignty.ch\/wp-content\/uploads\/2020\/08\/IMG_1310-400x300.jpeg 400w, https:\/\/www.intellectualsovereignty.ch\/wp-content\/uploads\/2020\/08\/IMG_1310-800x600.jpeg 800w\" sizes=\"auto, (max-width: 1024px) 100vw, 1024px\" \/><\/figure>\n\n\n\n<figure class=\"wp-block-image size-large\"><img loading=\"lazy\" decoding=\"async\" width=\"768\" height=\"1024\" data-attachment-id=\"1295\" data-permalink=\"https:\/\/www.intellectualsovereignty.ch\/index.php\/2020\/08\/28\/hike-37-engstligenalp-laemmerenhuette-leukerbad\/img_1311\/\" data-orig-file=\"https:\/\/www.intellectualsovereignty.ch\/wp-content\/uploads\/2020\/08\/IMG_1311-scaled.jpeg\" data-orig-size=\"1920,2560\" data-comments-opened=\"0\" data-image-title=\"IMG_1311\" data-image-description=\"\" data-image-caption=\"\" data-large-file=\"https:\/\/www.intellectualsovereignty.ch\/wp-content\/uploads\/2020\/08\/IMG_1311-768x1024.jpeg\" data-id=\"1295\" src=\"https:\/\/www.intellectualsovereignty.ch\/wp-content\/uploads\/2020\/08\/IMG_1311-768x1024.jpeg\" alt=\"\" class=\"wp-image-1295\" srcset=\"https:\/\/www.intellectualsovereignty.ch\/wp-content\/uploads\/2020\/08\/IMG_1311-768x1024.jpeg 768w, https:\/\/www.intellectualsovereignty.ch\/wp-content\/uploads\/2020\/08\/IMG_1311-225x300.jpeg 225w, https:\/\/www.intellectualsovereignty.ch\/wp-content\/uploads\/2020\/08\/IMG_1311-1152x1536.jpeg 1152w, https:\/\/www.intellectualsovereignty.ch\/wp-content\/uploads\/2020\/08\/IMG_1311-1536x2048.jpeg 1536w, https:\/\/www.intellectualsovereignty.ch\/wp-content\/uploads\/2020\/08\/IMG_1311-1870x2493.jpeg 1870w, https:\/\/www.intellectualsovereignty.ch\/wp-content\/uploads\/2020\/08\/IMG_1311-400x533.jpeg 400w, https:\/\/www.intellectualsovereignty.ch\/wp-content\/uploads\/2020\/08\/IMG_1311-800x1067.jpeg 800w, https:\/\/www.intellectualsovereignty.ch\/wp-content\/uploads\/2020\/08\/IMG_1311-scaled.jpeg 1920w\" sizes=\"auto, (max-width: 768px) 100vw, 768px\" \/><\/figure>\n\n\n\n<figure class=\"wp-block-image size-large\"><img loading=\"lazy\" decoding=\"async\" width=\"1024\" height=\"768\" data-attachment-id=\"1296\" data-permalink=\"https:\/\/www.intellectualsovereignty.ch\/index.php\/2020\/08\/28\/hike-37-engstligenalp-laemmerenhuette-leukerbad\/img_1312\/\" data-orig-file=\"https:\/\/www.intellectualsovereignty.ch\/wp-content\/uploads\/2020\/08\/IMG_1312-scaled.jpeg\" data-orig-size=\"2560,1920\" data-comments-opened=\"0\" data-image-title=\"IMG_1312\" data-image-description=\"\" data-image-caption=\"\" data-large-file=\"https:\/\/www.intellectualsovereignty.ch\/wp-content\/uploads\/2020\/08\/IMG_1312-1024x768.jpeg\" data-id=\"1296\" src=\"https:\/\/www.intellectualsovereignty.ch\/wp-content\/uploads\/2020\/08\/IMG_1312-1024x768.jpeg\" alt=\"\" class=\"wp-image-1296\" srcset=\"https:\/\/www.intellectualsovereignty.ch\/wp-content\/uploads\/2020\/08\/IMG_1312-1024x768.jpeg 1024w, https:\/\/www.intellectualsovereignty.ch\/wp-content\/uploads\/2020\/08\/IMG_1312-300x225.jpeg 300w, https:\/\/www.intellectualsovereignty.ch\/wp-content\/uploads\/2020\/08\/IMG_1312-768x576.jpeg 768w, https:\/\/www.intellectualsovereignty.ch\/wp-content\/uploads\/2020\/08\/IMG_1312-1536x1152.jpeg 1536w, https:\/\/www.intellectualsovereignty.ch\/wp-content\/uploads\/2020\/08\/IMG_1312-2048x1536.jpeg 2048w, https:\/\/www.intellectualsovereignty.ch\/wp-content\/uploads\/2020\/08\/IMG_1312-1870x1403.jpeg 1870w, https:\/\/www.intellectualsovereignty.ch\/wp-content\/uploads\/2020\/08\/IMG_1312-400x300.jpeg 400w, https:\/\/www.intellectualsovereignty.ch\/wp-content\/uploads\/2020\/08\/IMG_1312-800x600.jpeg 800w\" sizes=\"auto, (max-width: 1024px) 100vw, 1024px\" \/><\/figure>\n\n\n\n<figure class=\"wp-block-image size-large\"><img loading=\"lazy\" decoding=\"async\" width=\"768\" height=\"1024\" data-attachment-id=\"1297\" data-permalink=\"https:\/\/www.intellectualsovereignty.ch\/index.php\/2020\/08\/28\/hike-37-engstligenalp-laemmerenhuette-leukerbad\/img_1313\/\" data-orig-file=\"https:\/\/www.intellectualsovereignty.ch\/wp-content\/uploads\/2020\/08\/IMG_1313-scaled.jpeg\" data-orig-size=\"1920,2560\" data-comments-opened=\"0\" data-image-title=\"IMG_1313\" data-image-description=\"\" data-image-caption=\"\" data-large-file=\"https:\/\/www.intellectualsovereignty.ch\/wp-content\/uploads\/2020\/08\/IMG_1313-768x1024.jpeg\" data-id=\"1297\" src=\"https:\/\/www.intellectualsovereignty.ch\/wp-content\/uploads\/2020\/08\/IMG_1313-768x1024.jpeg\" alt=\"\" class=\"wp-image-1297\" srcset=\"https:\/\/www.intellectualsovereignty.ch\/wp-content\/uploads\/2020\/08\/IMG_1313-768x1024.jpeg 768w, https:\/\/www.intellectualsovereignty.ch\/wp-content\/uploads\/2020\/08\/IMG_1313-225x300.jpeg 225w, https:\/\/www.intellectualsovereignty.ch\/wp-content\/uploads\/2020\/08\/IMG_1313-1152x1536.jpeg 1152w, https:\/\/www.intellectualsovereignty.ch\/wp-content\/uploads\/2020\/08\/IMG_1313-1536x2048.jpeg 1536w, https:\/\/www.intellectualsovereignty.ch\/wp-content\/uploads\/2020\/08\/IMG_1313-1870x2493.jpeg 1870w, https:\/\/www.intellectualsovereignty.ch\/wp-content\/uploads\/2020\/08\/IMG_1313-400x533.jpeg 400w, https:\/\/www.intellectualsovereignty.ch\/wp-content\/uploads\/2020\/08\/IMG_1313-800x1067.jpeg 800w, https:\/\/www.intellectualsovereignty.ch\/wp-content\/uploads\/2020\/08\/IMG_1313-scaled.jpeg 1920w\" sizes=\"auto, (max-width: 768px) 100vw, 768px\" \/><\/figure>\n\n\n\n<figure class=\"wp-block-image size-large\"><img loading=\"lazy\" decoding=\"async\" width=\"1024\" height=\"768\" data-attachment-id=\"1298\" data-permalink=\"https:\/\/www.intellectualsovereignty.ch\/index.php\/2020\/08\/28\/hike-37-engstligenalp-laemmerenhuette-leukerbad\/img_1314\/\" data-orig-file=\"https:\/\/www.intellectualsovereignty.ch\/wp-content\/uploads\/2020\/08\/IMG_1314-scaled.jpeg\" data-orig-size=\"2560,1920\" data-comments-opened=\"0\" data-image-title=\"IMG_1314\" data-image-description=\"\" data-image-caption=\"\" data-large-file=\"https:\/\/www.intellectualsovereignty.ch\/wp-content\/uploads\/2020\/08\/IMG_1314-1024x768.jpeg\" data-id=\"1298\" src=\"https:\/\/www.intellectualsovereignty.ch\/wp-content\/uploads\/2020\/08\/IMG_1314-1024x768.jpeg\" alt=\"\" class=\"wp-image-1298\" srcset=\"https:\/\/www.intellectualsovereignty.ch\/wp-content\/uploads\/2020\/08\/IMG_1314-1024x768.jpeg 1024w, https:\/\/www.intellectualsovereignty.ch\/wp-content\/uploads\/2020\/08\/IMG_1314-300x225.jpeg 300w, https:\/\/www.intellectualsovereignty.ch\/wp-content\/uploads\/2020\/08\/IMG_1314-768x576.jpeg 768w, https:\/\/www.intellectualsovereignty.ch\/wp-content\/uploads\/2020\/08\/IMG_1314-1536x1152.jpeg 1536w, https:\/\/www.intellectualsovereignty.ch\/wp-content\/uploads\/2020\/08\/IMG_1314-2048x1536.jpeg 2048w, https:\/\/www.intellectualsovereignty.ch\/wp-content\/uploads\/2020\/08\/IMG_1314-1870x1403.jpeg 1870w, https:\/\/www.intellectualsovereignty.ch\/wp-content\/uploads\/2020\/08\/IMG_1314-400x300.jpeg 400w, https:\/\/www.intellectualsovereignty.ch\/wp-content\/uploads\/2020\/08\/IMG_1314-800x600.jpeg 800w\" sizes=\"auto, (max-width: 1024px) 100vw, 1024px\" \/><\/figure>\n\n\n\n<figure class=\"wp-block-image size-large\"><img loading=\"lazy\" decoding=\"async\" width=\"768\" height=\"1024\" data-attachment-id=\"1299\" data-permalink=\"https:\/\/www.intellectualsovereignty.ch\/index.php\/2020\/08\/28\/hike-37-engstligenalp-laemmerenhuette-leukerbad\/img_1315\/\" data-orig-file=\"https:\/\/www.intellectualsovereignty.ch\/wp-content\/uploads\/2020\/08\/IMG_1315-scaled.jpeg\" data-orig-size=\"1920,2560\" data-comments-opened=\"0\" data-image-title=\"IMG_1315\" data-image-description=\"\" data-image-caption=\"\" data-large-file=\"https:\/\/www.intellectualsovereignty.ch\/wp-content\/uploads\/2020\/08\/IMG_1315-768x1024.jpeg\" data-id=\"1299\" src=\"https:\/\/www.intellectualsovereignty.ch\/wp-content\/uploads\/2020\/08\/IMG_1315-768x1024.jpeg\" alt=\"\" class=\"wp-image-1299\" srcset=\"https:\/\/www.intellectualsovereignty.ch\/wp-content\/uploads\/2020\/08\/IMG_1315-768x1024.jpeg 768w, https:\/\/www.intellectualsovereignty.ch\/wp-content\/uploads\/2020\/08\/IMG_1315-225x300.jpeg 225w, https:\/\/www.intellectualsovereignty.ch\/wp-content\/uploads\/2020\/08\/IMG_1315-1152x1536.jpeg 1152w, https:\/\/www.intellectualsovereignty.ch\/wp-content\/uploads\/2020\/08\/IMG_1315-1536x2048.jpeg 1536w, https:\/\/www.intellectualsovereignty.ch\/wp-content\/uploads\/2020\/08\/IMG_1315-1870x2493.jpeg 1870w, https:\/\/www.intellectualsovereignty.ch\/wp-content\/uploads\/2020\/08\/IMG_1315-400x533.jpeg 400w, https:\/\/www.intellectualsovereignty.ch\/wp-content\/uploads\/2020\/08\/IMG_1315-800x1067.jpeg 800w, https:\/\/www.intellectualsovereignty.ch\/wp-content\/uploads\/2020\/08\/IMG_1315-scaled.jpeg 1920w\" sizes=\"auto, (max-width: 768px) 100vw, 768px\" \/><\/figure>\n\n\n\n<figure class=\"wp-block-image size-large\"><img loading=\"lazy\" decoding=\"async\" width=\"1024\" height=\"768\" data-attachment-id=\"1300\" data-permalink=\"https:\/\/www.intellectualsovereignty.ch\/index.php\/2020\/08\/28\/hike-37-engstligenalp-laemmerenhuette-leukerbad\/img_1316\/\" data-orig-file=\"https:\/\/www.intellectualsovereignty.ch\/wp-content\/uploads\/2020\/08\/IMG_1316-scaled.jpeg\" data-orig-size=\"2560,1920\" data-comments-opened=\"0\" data-image-title=\"IMG_1316\" data-image-description=\"\" data-image-caption=\"\" data-large-file=\"https:\/\/www.intellectualsovereignty.ch\/wp-content\/uploads\/2020\/08\/IMG_1316-1024x768.jpeg\" data-id=\"1300\" src=\"https:\/\/www.intellectualsovereignty.ch\/wp-content\/uploads\/2020\/08\/IMG_1316-1024x768.jpeg\" alt=\"\" class=\"wp-image-1300\" srcset=\"https:\/\/www.intellectualsovereignty.ch\/wp-content\/uploads\/2020\/08\/IMG_1316-1024x768.jpeg 1024w, https:\/\/www.intellectualsovereignty.ch\/wp-content\/uploads\/2020\/08\/IMG_1316-300x225.jpeg 300w, https:\/\/www.intellectualsovereignty.ch\/wp-content\/uploads\/2020\/08\/IMG_1316-768x576.jpeg 768w, https:\/\/www.intellectualsovereignty.ch\/wp-content\/uploads\/2020\/08\/IMG_1316-1536x1152.jpeg 1536w, https:\/\/www.intellectualsovereignty.ch\/wp-content\/uploads\/2020\/08\/IMG_1316-2048x1536.jpeg 2048w, https:\/\/www.intellectualsovereignty.ch\/wp-content\/uploads\/2020\/08\/IMG_1316-1870x1403.jpeg 1870w, https:\/\/www.intellectualsovereignty.ch\/wp-content\/uploads\/2020\/08\/IMG_1316-400x300.jpeg 400w, https:\/\/www.intellectualsovereignty.ch\/wp-content\/uploads\/2020\/08\/IMG_1316-800x600.jpeg 800w\" sizes=\"auto, (max-width: 1024px) 100vw, 1024px\" \/><\/figure>\n\n\n\n<figure class=\"wp-block-image size-large\"><img loading=\"lazy\" decoding=\"async\" width=\"1024\" height=\"400\" data-attachment-id=\"1301\" data-permalink=\"https:\/\/www.intellectualsovereignty.ch\/index.php\/2020\/08\/28\/hike-37-engstligenalp-laemmerenhuette-leukerbad\/img_1317\/\" data-orig-file=\"https:\/\/www.intellectualsovereignty.ch\/wp-content\/uploads\/2020\/08\/IMG_1317-scaled.jpeg\" data-orig-size=\"2560,999\" data-comments-opened=\"0\" data-image-title=\"IMG_1317\" data-image-description=\"\" data-image-caption=\"\" data-large-file=\"https:\/\/www.intellectualsovereignty.ch\/wp-content\/uploads\/2020\/08\/IMG_1317-1024x400.jpeg\" data-id=\"1301\" src=\"https:\/\/www.intellectualsovereignty.ch\/wp-content\/uploads\/2020\/08\/IMG_1317-1024x400.jpeg\" alt=\"\" class=\"wp-image-1301\" srcset=\"https:\/\/www.intellectualsovereignty.ch\/wp-content\/uploads\/2020\/08\/IMG_1317-1024x400.jpeg 1024w, https:\/\/www.intellectualsovereignty.ch\/wp-content\/uploads\/2020\/08\/IMG_1317-300x117.jpeg 300w, https:\/\/www.intellectualsovereignty.ch\/wp-content\/uploads\/2020\/08\/IMG_1317-768x300.jpeg 768w, https:\/\/www.intellectualsovereignty.ch\/wp-content\/uploads\/2020\/08\/IMG_1317-1536x600.jpeg 1536w, https:\/\/www.intellectualsovereignty.ch\/wp-content\/uploads\/2020\/08\/IMG_1317-2048x799.jpeg 2048w, https:\/\/www.intellectualsovereignty.ch\/wp-content\/uploads\/2020\/08\/IMG_1317-1870x730.jpeg 1870w, https:\/\/www.intellectualsovereignty.ch\/wp-content\/uploads\/2020\/08\/IMG_1317-400x156.jpeg 400w, https:\/\/www.intellectualsovereignty.ch\/wp-content\/uploads\/2020\/08\/IMG_1317-800x312.jpeg 800w\" sizes=\"auto, (max-width: 1024px) 100vw, 1024px\" \/><\/figure>\n\n\n\n<figure class=\"wp-block-image size-large\"><img loading=\"lazy\" decoding=\"async\" width=\"1024\" height=\"768\" data-attachment-id=\"1302\" data-permalink=\"https:\/\/www.intellectualsovereignty.ch\/index.php\/2020\/08\/28\/hike-37-engstligenalp-laemmerenhuette-leukerbad\/img_1318\/\" data-orig-file=\"https:\/\/www.intellectualsovereignty.ch\/wp-content\/uploads\/2020\/08\/IMG_1318-scaled.jpeg\" data-orig-size=\"2560,1920\" data-comments-opened=\"0\" data-image-title=\"IMG_1318\" data-image-description=\"\" data-image-caption=\"\" data-large-file=\"https:\/\/www.intellectualsovereignty.ch\/wp-content\/uploads\/2020\/08\/IMG_1318-1024x768.jpeg\" data-id=\"1302\" src=\"https:\/\/www.intellectualsovereignty.ch\/wp-content\/uploads\/2020\/08\/IMG_1318-1024x768.jpeg\" alt=\"\" class=\"wp-image-1302\" srcset=\"https:\/\/www.intellectualsovereignty.ch\/wp-content\/uploads\/2020\/08\/IMG_1318-1024x768.jpeg 1024w, https:\/\/www.intellectualsovereignty.ch\/wp-content\/uploads\/2020\/08\/IMG_1318-300x225.jpeg 300w, https:\/\/www.intellectualsovereignty.ch\/wp-content\/uploads\/2020\/08\/IMG_1318-768x576.jpeg 768w, https:\/\/www.intellectualsovereignty.ch\/wp-content\/uploads\/2020\/08\/IMG_1318-1536x1152.jpeg 1536w, https:\/\/www.intellectualsovereignty.ch\/wp-content\/uploads\/2020\/08\/IMG_1318-2048x1536.jpeg 2048w, https:\/\/www.intellectualsovereignty.ch\/wp-content\/uploads\/2020\/08\/IMG_1318-1870x1403.jpeg 1870w, https:\/\/www.intellectualsovereignty.ch\/wp-content\/uploads\/2020\/08\/IMG_1318-400x300.jpeg 400w, https:\/\/www.intellectualsovereignty.ch\/wp-content\/uploads\/2020\/08\/IMG_1318-800x600.jpeg 800w\" sizes=\"auto, (max-width: 1024px) 100vw, 1024px\" \/><\/figure>\n\n\n\n<figure class=\"wp-block-image size-large\"><img loading=\"lazy\" decoding=\"async\" width=\"1024\" height=\"313\" data-attachment-id=\"1303\" data-permalink=\"https:\/\/www.intellectualsovereignty.ch\/index.php\/2020\/08\/28\/hike-37-engstligenalp-laemmerenhuette-leukerbad\/img_1319\/\" data-orig-file=\"https:\/\/www.intellectualsovereignty.ch\/wp-content\/uploads\/2020\/08\/IMG_1319-scaled.jpeg\" data-orig-size=\"2560,782\" data-comments-opened=\"0\" data-image-title=\"IMG_1319\" data-image-description=\"\" data-image-caption=\"\" data-large-file=\"https:\/\/www.intellectualsovereignty.ch\/wp-content\/uploads\/2020\/08\/IMG_1319-1024x313.jpeg\" data-id=\"1303\" src=\"https:\/\/www.intellectualsovereignty.ch\/wp-content\/uploads\/2020\/08\/IMG_1319-1024x313.jpeg\" alt=\"\" class=\"wp-image-1303\" srcset=\"https:\/\/www.intellectualsovereignty.ch\/wp-content\/uploads\/2020\/08\/IMG_1319-1024x313.jpeg 1024w, https:\/\/www.intellectualsovereignty.ch\/wp-content\/uploads\/2020\/08\/IMG_1319-300x92.jpeg 300w, https:\/\/www.intellectualsovereignty.ch\/wp-content\/uploads\/2020\/08\/IMG_1319-768x235.jpeg 768w, https:\/\/www.intellectualsovereignty.ch\/wp-content\/uploads\/2020\/08\/IMG_1319-1536x469.jpeg 1536w, https:\/\/www.intellectualsovereignty.ch\/wp-content\/uploads\/2020\/08\/IMG_1319-2048x626.jpeg 2048w, https:\/\/www.intellectualsovereignty.ch\/wp-content\/uploads\/2020\/08\/IMG_1319-1870x571.jpeg 1870w, https:\/\/www.intellectualsovereignty.ch\/wp-content\/uploads\/2020\/08\/IMG_1319-400x122.jpeg 400w, https:\/\/www.intellectualsovereignty.ch\/wp-content\/uploads\/2020\/08\/IMG_1319-800x244.jpeg 800w\" sizes=\"auto, (max-width: 1024px) 100vw, 1024px\" \/><\/figure>\n\n\n\n<figure class=\"wp-block-image size-large\"><img loading=\"lazy\" decoding=\"async\" width=\"1024\" height=\"768\" data-attachment-id=\"1304\" data-permalink=\"https:\/\/www.intellectualsovereignty.ch\/index.php\/2020\/08\/28\/hike-37-engstligenalp-laemmerenhuette-leukerbad\/img_1320\/\" data-orig-file=\"https:\/\/www.intellectualsovereignty.ch\/wp-content\/uploads\/2020\/08\/IMG_1320-scaled.jpeg\" data-orig-size=\"2560,1920\" data-comments-opened=\"0\" data-image-title=\"IMG_1320\" data-image-description=\"\" data-image-caption=\"\" data-large-file=\"https:\/\/www.intellectualsovereignty.ch\/wp-content\/uploads\/2020\/08\/IMG_1320-1024x768.jpeg\" data-id=\"1304\" src=\"https:\/\/www.intellectualsovereignty.ch\/wp-content\/uploads\/2020\/08\/IMG_1320-1024x768.jpeg\" alt=\"\" class=\"wp-image-1304\" srcset=\"https:\/\/www.intellectualsovereignty.ch\/wp-content\/uploads\/2020\/08\/IMG_1320-1024x768.jpeg 1024w, https:\/\/www.intellectualsovereignty.ch\/wp-content\/uploads\/2020\/08\/IMG_1320-300x225.jpeg 300w, https:\/\/www.intellectualsovereignty.ch\/wp-content\/uploads\/2020\/08\/IMG_1320-768x576.jpeg 768w, https:\/\/www.intellectualsovereignty.ch\/wp-content\/uploads\/2020\/08\/IMG_1320-1536x1152.jpeg 1536w, https:\/\/www.intellectualsovereignty.ch\/wp-content\/uploads\/2020\/08\/IMG_1320-2048x1536.jpeg 2048w, https:\/\/www.intellectualsovereignty.ch\/wp-content\/uploads\/2020\/08\/IMG_1320-1870x1403.jpeg 1870w, https:\/\/www.intellectualsovereignty.ch\/wp-content\/uploads\/2020\/08\/IMG_1320-400x300.jpeg 400w, https:\/\/www.intellectualsovereignty.ch\/wp-content\/uploads\/2020\/08\/IMG_1320-800x600.jpeg 800w\" sizes=\"auto, (max-width: 1024px) 100vw, 1024px\" \/><\/figure>\n<\/figure>\n\n\n\n<p class=\"wp-block-paragraph\">Kurz vor der Weggabelung, wo sich der rote Wanderweg nach links in Richtung Daubensee verabschiedet, kreuze ich den letzten, leicht gehetzt aussehenden Wanderer und nehme den gut markierten Alpinwanderweg hoch zum T\u00e4lligletscher in Angriff. Es frischt auf und beginnt zu regnen, zum Gl\u00fcck habe ich mein komplettes Regenzeug dabei. Die Querung des Gletschers ist problemlos auch in Trailrunnern m\u00f6glich, der ganze Gletscher ist \u00fcbers\u00e4t von Schutt und Ger\u00f6ll, einzig auf den letzten Metern machen mir Donnergrollen und ein zu querendes Schneefeld ein wenig Sorgen. Bei der Rote Totz L\u00fccke angekommen klart es auf und der Blick wird frei ins L\u00e4mmerental, den Wildstrubelgletscher und den imposanten Grossstrubel. <\/p>\n\n\n\n<figure class=\"wp-block-gallery has-nested-images columns-default is-cropped wp-block-gallery-3 is-layout-flex wp-block-gallery-is-layout-flex\">\n<figure class=\"wp-block-image size-large\"><img loading=\"lazy\" decoding=\"async\" width=\"1024\" height=\"768\" data-attachment-id=\"1305\" data-permalink=\"https:\/\/www.intellectualsovereignty.ch\/index.php\/2020\/08\/28\/hike-37-engstligenalp-laemmerenhuette-leukerbad\/img_1321\/\" data-orig-file=\"https:\/\/www.intellectualsovereignty.ch\/wp-content\/uploads\/2020\/08\/IMG_1321-scaled.jpeg\" data-orig-size=\"2560,1920\" data-comments-opened=\"0\" data-image-title=\"IMG_1321\" data-image-description=\"\" data-image-caption=\"\" data-large-file=\"https:\/\/www.intellectualsovereignty.ch\/wp-content\/uploads\/2020\/08\/IMG_1321-1024x768.jpeg\" data-id=\"1305\" src=\"https:\/\/www.intellectualsovereignty.ch\/wp-content\/uploads\/2020\/08\/IMG_1321-1024x768.jpeg\" alt=\"\" class=\"wp-image-1305\" srcset=\"https:\/\/www.intellectualsovereignty.ch\/wp-content\/uploads\/2020\/08\/IMG_1321-1024x768.jpeg 1024w, https:\/\/www.intellectualsovereignty.ch\/wp-content\/uploads\/2020\/08\/IMG_1321-300x225.jpeg 300w, https:\/\/www.intellectualsovereignty.ch\/wp-content\/uploads\/2020\/08\/IMG_1321-768x576.jpeg 768w, https:\/\/www.intellectualsovereignty.ch\/wp-content\/uploads\/2020\/08\/IMG_1321-1536x1152.jpeg 1536w, https:\/\/www.intellectualsovereignty.ch\/wp-content\/uploads\/2020\/08\/IMG_1321-2048x1536.jpeg 2048w, https:\/\/www.intellectualsovereignty.ch\/wp-content\/uploads\/2020\/08\/IMG_1321-1870x1403.jpeg 1870w, https:\/\/www.intellectualsovereignty.ch\/wp-content\/uploads\/2020\/08\/IMG_1321-400x300.jpeg 400w, https:\/\/www.intellectualsovereignty.ch\/wp-content\/uploads\/2020\/08\/IMG_1321-800x600.jpeg 800w\" sizes=\"auto, (max-width: 1024px) 100vw, 1024px\" \/><\/figure>\n\n\n\n<figure class=\"wp-block-image size-large\"><img loading=\"lazy\" decoding=\"async\" width=\"768\" height=\"1024\" data-attachment-id=\"1306\" data-permalink=\"https:\/\/www.intellectualsovereignty.ch\/index.php\/2020\/08\/28\/hike-37-engstligenalp-laemmerenhuette-leukerbad\/img_1322\/\" data-orig-file=\"https:\/\/www.intellectualsovereignty.ch\/wp-content\/uploads\/2020\/08\/IMG_1322-scaled.jpeg\" data-orig-size=\"1920,2560\" data-comments-opened=\"0\" data-image-title=\"IMG_1322\" data-image-description=\"\" data-image-caption=\"\" data-large-file=\"https:\/\/www.intellectualsovereignty.ch\/wp-content\/uploads\/2020\/08\/IMG_1322-768x1024.jpeg\" data-id=\"1306\" src=\"https:\/\/www.intellectualsovereignty.ch\/wp-content\/uploads\/2020\/08\/IMG_1322-768x1024.jpeg\" alt=\"\" class=\"wp-image-1306\" srcset=\"https:\/\/www.intellectualsovereignty.ch\/wp-content\/uploads\/2020\/08\/IMG_1322-768x1024.jpeg 768w, https:\/\/www.intellectualsovereignty.ch\/wp-content\/uploads\/2020\/08\/IMG_1322-225x300.jpeg 225w, https:\/\/www.intellectualsovereignty.ch\/wp-content\/uploads\/2020\/08\/IMG_1322-1152x1536.jpeg 1152w, https:\/\/www.intellectualsovereignty.ch\/wp-content\/uploads\/2020\/08\/IMG_1322-1536x2048.jpeg 1536w, https:\/\/www.intellectualsovereignty.ch\/wp-content\/uploads\/2020\/08\/IMG_1322-1870x2493.jpeg 1870w, https:\/\/www.intellectualsovereignty.ch\/wp-content\/uploads\/2020\/08\/IMG_1322-400x533.jpeg 400w, https:\/\/www.intellectualsovereignty.ch\/wp-content\/uploads\/2020\/08\/IMG_1322-800x1067.jpeg 800w, https:\/\/www.intellectualsovereignty.ch\/wp-content\/uploads\/2020\/08\/IMG_1322-scaled.jpeg 1920w\" sizes=\"auto, (max-width: 768px) 100vw, 768px\" \/><\/figure>\n\n\n\n<figure class=\"wp-block-image size-large\"><img loading=\"lazy\" decoding=\"async\" width=\"1024\" height=\"768\" data-attachment-id=\"1307\" data-permalink=\"https:\/\/www.intellectualsovereignty.ch\/index.php\/2020\/08\/28\/hike-37-engstligenalp-laemmerenhuette-leukerbad\/img_1323\/\" data-orig-file=\"https:\/\/www.intellectualsovereignty.ch\/wp-content\/uploads\/2020\/08\/IMG_1323-scaled.jpeg\" data-orig-size=\"2560,1920\" data-comments-opened=\"0\" data-image-title=\"IMG_1323\" data-image-description=\"\" data-image-caption=\"\" data-large-file=\"https:\/\/www.intellectualsovereignty.ch\/wp-content\/uploads\/2020\/08\/IMG_1323-1024x768.jpeg\" data-id=\"1307\" src=\"https:\/\/www.intellectualsovereignty.ch\/wp-content\/uploads\/2020\/08\/IMG_1323-1024x768.jpeg\" alt=\"\" class=\"wp-image-1307\" srcset=\"https:\/\/www.intellectualsovereignty.ch\/wp-content\/uploads\/2020\/08\/IMG_1323-1024x768.jpeg 1024w, https:\/\/www.intellectualsovereignty.ch\/wp-content\/uploads\/2020\/08\/IMG_1323-300x225.jpeg 300w, https:\/\/www.intellectualsovereignty.ch\/wp-content\/uploads\/2020\/08\/IMG_1323-768x576.jpeg 768w, https:\/\/www.intellectualsovereignty.ch\/wp-content\/uploads\/2020\/08\/IMG_1323-1536x1152.jpeg 1536w, https:\/\/www.intellectualsovereignty.ch\/wp-content\/uploads\/2020\/08\/IMG_1323-2048x1536.jpeg 2048w, https:\/\/www.intellectualsovereignty.ch\/wp-content\/uploads\/2020\/08\/IMG_1323-1870x1403.jpeg 1870w, https:\/\/www.intellectualsovereignty.ch\/wp-content\/uploads\/2020\/08\/IMG_1323-400x300.jpeg 400w, https:\/\/www.intellectualsovereignty.ch\/wp-content\/uploads\/2020\/08\/IMG_1323-800x600.jpeg 800w\" sizes=\"auto, (max-width: 1024px) 100vw, 1024px\" \/><\/figure>\n\n\n\n<figure class=\"wp-block-image size-large\"><img loading=\"lazy\" decoding=\"async\" width=\"1122\" height=\"2560\" data-attachment-id=\"1308\" data-permalink=\"https:\/\/www.intellectualsovereignty.ch\/index.php\/2020\/08\/28\/hike-37-engstligenalp-laemmerenhuette-leukerbad\/img_1324\/\" data-orig-file=\"https:\/\/www.intellectualsovereignty.ch\/wp-content\/uploads\/2020\/08\/IMG_1324-scaled.jpeg\" data-orig-size=\"1122,2560\" data-comments-opened=\"0\" data-image-title=\"IMG_1324\" data-image-description=\"\" data-image-caption=\"\" data-large-file=\"https:\/\/www.intellectualsovereignty.ch\/wp-content\/uploads\/2020\/08\/IMG_1324-449x1024.jpeg\" data-id=\"1308\" src=\"https:\/\/i0.wp.com\/www.intellectualsovereignty.ch\/wp-content\/uploads\/2020\/08\/IMG_1324-scaled.jpeg?fit=449%2C1024&amp;ssl=1\" alt=\"\" class=\"wp-image-1308\" srcset=\"https:\/\/www.intellectualsovereignty.ch\/wp-content\/uploads\/2020\/08\/IMG_1324-scaled.jpeg 1122w, https:\/\/www.intellectualsovereignty.ch\/wp-content\/uploads\/2020\/08\/IMG_1324-132x300.jpeg 132w, https:\/\/www.intellectualsovereignty.ch\/wp-content\/uploads\/2020\/08\/IMG_1324-449x1024.jpeg 449w, https:\/\/www.intellectualsovereignty.ch\/wp-content\/uploads\/2020\/08\/IMG_1324-768x1752.jpeg 768w, https:\/\/www.intellectualsovereignty.ch\/wp-content\/uploads\/2020\/08\/IMG_1324-673x1536.jpeg 673w, https:\/\/www.intellectualsovereignty.ch\/wp-content\/uploads\/2020\/08\/IMG_1324-898x2048.jpeg 898w, https:\/\/www.intellectualsovereignty.ch\/wp-content\/uploads\/2020\/08\/IMG_1324-1870x4265.jpeg 1870w, https:\/\/www.intellectualsovereignty.ch\/wp-content\/uploads\/2020\/08\/IMG_1324-400x912.jpeg 400w, https:\/\/www.intellectualsovereignty.ch\/wp-content\/uploads\/2020\/08\/IMG_1324-800x1825.jpeg 800w\" sizes=\"auto, (max-width: 1122px) 100vw, 1122px\" \/><\/figure>\n\n\n\n<figure class=\"wp-block-image size-large\"><img loading=\"lazy\" decoding=\"async\" width=\"1024\" height=\"768\" data-attachment-id=\"1309\" data-permalink=\"https:\/\/www.intellectualsovereignty.ch\/index.php\/2020\/08\/28\/hike-37-engstligenalp-laemmerenhuette-leukerbad\/img_1325\/\" data-orig-file=\"https:\/\/www.intellectualsovereignty.ch\/wp-content\/uploads\/2020\/08\/IMG_1325-scaled.jpeg\" data-orig-size=\"2560,1920\" data-comments-opened=\"0\" data-image-title=\"IMG_1325\" data-image-description=\"\" data-image-caption=\"\" data-large-file=\"https:\/\/www.intellectualsovereignty.ch\/wp-content\/uploads\/2020\/08\/IMG_1325-1024x768.jpeg\" data-id=\"1309\" src=\"https:\/\/www.intellectualsovereignty.ch\/wp-content\/uploads\/2020\/08\/IMG_1325-1024x768.jpeg\" alt=\"\" class=\"wp-image-1309\" srcset=\"https:\/\/www.intellectualsovereignty.ch\/wp-content\/uploads\/2020\/08\/IMG_1325-1024x768.jpeg 1024w, https:\/\/www.intellectualsovereignty.ch\/wp-content\/uploads\/2020\/08\/IMG_1325-300x225.jpeg 300w, https:\/\/www.intellectualsovereignty.ch\/wp-content\/uploads\/2020\/08\/IMG_1325-768x576.jpeg 768w, https:\/\/www.intellectualsovereignty.ch\/wp-content\/uploads\/2020\/08\/IMG_1325-1536x1152.jpeg 1536w, https:\/\/www.intellectualsovereignty.ch\/wp-content\/uploads\/2020\/08\/IMG_1325-2048x1536.jpeg 2048w, https:\/\/www.intellectualsovereignty.ch\/wp-content\/uploads\/2020\/08\/IMG_1325-1870x1403.jpeg 1870w, https:\/\/www.intellectualsovereignty.ch\/wp-content\/uploads\/2020\/08\/IMG_1325-400x300.jpeg 400w, https:\/\/www.intellectualsovereignty.ch\/wp-content\/uploads\/2020\/08\/IMG_1325-800x600.jpeg 800w\" sizes=\"auto, (max-width: 1024px) 100vw, 1024px\" \/><\/figure>\n\n\n\n<figure class=\"wp-block-image size-large\"><img loading=\"lazy\" decoding=\"async\" width=\"1024\" height=\"768\" data-attachment-id=\"1310\" data-permalink=\"https:\/\/www.intellectualsovereignty.ch\/index.php\/2020\/08\/28\/hike-37-engstligenalp-laemmerenhuette-leukerbad\/img_1326\/\" data-orig-file=\"https:\/\/www.intellectualsovereignty.ch\/wp-content\/uploads\/2020\/08\/IMG_1326-scaled.jpeg\" data-orig-size=\"2560,1920\" data-comments-opened=\"0\" data-image-title=\"IMG_1326\" data-image-description=\"\" data-image-caption=\"\" data-large-file=\"https:\/\/www.intellectualsovereignty.ch\/wp-content\/uploads\/2020\/08\/IMG_1326-1024x768.jpeg\" data-id=\"1310\" src=\"https:\/\/www.intellectualsovereignty.ch\/wp-content\/uploads\/2020\/08\/IMG_1326-1024x768.jpeg\" alt=\"\" class=\"wp-image-1310\" srcset=\"https:\/\/www.intellectualsovereignty.ch\/wp-content\/uploads\/2020\/08\/IMG_1326-1024x768.jpeg 1024w, https:\/\/www.intellectualsovereignty.ch\/wp-content\/uploads\/2020\/08\/IMG_1326-300x225.jpeg 300w, https:\/\/www.intellectualsovereignty.ch\/wp-content\/uploads\/2020\/08\/IMG_1326-768x576.jpeg 768w, https:\/\/www.intellectualsovereignty.ch\/wp-content\/uploads\/2020\/08\/IMG_1326-1536x1152.jpeg 1536w, https:\/\/www.intellectualsovereignty.ch\/wp-content\/uploads\/2020\/08\/IMG_1326-2048x1536.jpeg 2048w, https:\/\/www.intellectualsovereignty.ch\/wp-content\/uploads\/2020\/08\/IMG_1326-1870x1403.jpeg 1870w, https:\/\/www.intellectualsovereignty.ch\/wp-content\/uploads\/2020\/08\/IMG_1326-400x300.jpeg 400w, https:\/\/www.intellectualsovereignty.ch\/wp-content\/uploads\/2020\/08\/IMG_1326-800x600.jpeg 800w\" sizes=\"auto, (max-width: 1024px) 100vw, 1024px\" \/><\/figure>\n\n\n\n<figure class=\"wp-block-image size-large\"><img loading=\"lazy\" decoding=\"async\" width=\"1024\" height=\"358\" data-attachment-id=\"1311\" data-permalink=\"https:\/\/www.intellectualsovereignty.ch\/index.php\/2020\/08\/28\/hike-37-engstligenalp-laemmerenhuette-leukerbad\/img_1327\/\" data-orig-file=\"https:\/\/www.intellectualsovereignty.ch\/wp-content\/uploads\/2020\/08\/IMG_1327-scaled.jpeg\" data-orig-size=\"2560,895\" data-comments-opened=\"0\" data-image-title=\"IMG_1327\" data-image-description=\"\" data-image-caption=\"\" data-large-file=\"https:\/\/www.intellectualsovereignty.ch\/wp-content\/uploads\/2020\/08\/IMG_1327-1024x358.jpeg\" data-id=\"1311\" src=\"https:\/\/www.intellectualsovereignty.ch\/wp-content\/uploads\/2020\/08\/IMG_1327-1024x358.jpeg\" alt=\"\" class=\"wp-image-1311\" srcset=\"https:\/\/www.intellectualsovereignty.ch\/wp-content\/uploads\/2020\/08\/IMG_1327-1024x358.jpeg 1024w, https:\/\/www.intellectualsovereignty.ch\/wp-content\/uploads\/2020\/08\/IMG_1327-300x105.jpeg 300w, https:\/\/www.intellectualsovereignty.ch\/wp-content\/uploads\/2020\/08\/IMG_1327-768x269.jpeg 768w, https:\/\/www.intellectualsovereignty.ch\/wp-content\/uploads\/2020\/08\/IMG_1327-1536x537.jpeg 1536w, https:\/\/www.intellectualsovereignty.ch\/wp-content\/uploads\/2020\/08\/IMG_1327-2048x716.jpeg 2048w, https:\/\/www.intellectualsovereignty.ch\/wp-content\/uploads\/2020\/08\/IMG_1327-1870x654.jpeg 1870w, https:\/\/www.intellectualsovereignty.ch\/wp-content\/uploads\/2020\/08\/IMG_1327-400x140.jpeg 400w, https:\/\/www.intellectualsovereignty.ch\/wp-content\/uploads\/2020\/08\/IMG_1327-800x280.jpeg 800w\" sizes=\"auto, (max-width: 1024px) 100vw, 1024px\" \/><\/figure>\n\n\n\n<figure class=\"wp-block-image size-large\"><img loading=\"lazy\" decoding=\"async\" width=\"1024\" height=\"768\" data-attachment-id=\"1312\" data-permalink=\"https:\/\/www.intellectualsovereignty.ch\/index.php\/2020\/08\/28\/hike-37-engstligenalp-laemmerenhuette-leukerbad\/img_1328\/\" data-orig-file=\"https:\/\/www.intellectualsovereignty.ch\/wp-content\/uploads\/2020\/08\/IMG_1328-scaled.jpeg\" data-orig-size=\"2560,1920\" data-comments-opened=\"0\" data-image-title=\"IMG_1328\" data-image-description=\"\" data-image-caption=\"\" data-large-file=\"https:\/\/www.intellectualsovereignty.ch\/wp-content\/uploads\/2020\/08\/IMG_1328-1024x768.jpeg\" data-id=\"1312\" src=\"https:\/\/www.intellectualsovereignty.ch\/wp-content\/uploads\/2020\/08\/IMG_1328-1024x768.jpeg\" alt=\"\" class=\"wp-image-1312\" srcset=\"https:\/\/www.intellectualsovereignty.ch\/wp-content\/uploads\/2020\/08\/IMG_1328-1024x768.jpeg 1024w, https:\/\/www.intellectualsovereignty.ch\/wp-content\/uploads\/2020\/08\/IMG_1328-300x225.jpeg 300w, https:\/\/www.intellectualsovereignty.ch\/wp-content\/uploads\/2020\/08\/IMG_1328-768x576.jpeg 768w, https:\/\/www.intellectualsovereignty.ch\/wp-content\/uploads\/2020\/08\/IMG_1328-1536x1152.jpeg 1536w, https:\/\/www.intellectualsovereignty.ch\/wp-content\/uploads\/2020\/08\/IMG_1328-2048x1536.jpeg 2048w, https:\/\/www.intellectualsovereignty.ch\/wp-content\/uploads\/2020\/08\/IMG_1328-1870x1403.jpeg 1870w, https:\/\/www.intellectualsovereignty.ch\/wp-content\/uploads\/2020\/08\/IMG_1328-400x300.jpeg 400w, https:\/\/www.intellectualsovereignty.ch\/wp-content\/uploads\/2020\/08\/IMG_1328-800x600.jpeg 800w\" sizes=\"auto, (max-width: 1024px) 100vw, 1024px\" \/><\/figure>\n\n\n\n<figure class=\"wp-block-image size-large\"><img loading=\"lazy\" decoding=\"async\" width=\"768\" height=\"1024\" data-attachment-id=\"1313\" data-permalink=\"https:\/\/www.intellectualsovereignty.ch\/index.php\/2020\/08\/28\/hike-37-engstligenalp-laemmerenhuette-leukerbad\/img_1329\/\" data-orig-file=\"https:\/\/www.intellectualsovereignty.ch\/wp-content\/uploads\/2020\/08\/IMG_1329-scaled.jpeg\" data-orig-size=\"1920,2560\" data-comments-opened=\"0\" data-image-title=\"IMG_1329\" data-image-description=\"\" data-image-caption=\"\" data-large-file=\"https:\/\/www.intellectualsovereignty.ch\/wp-content\/uploads\/2020\/08\/IMG_1329-768x1024.jpeg\" data-id=\"1313\" src=\"https:\/\/www.intellectualsovereignty.ch\/wp-content\/uploads\/2020\/08\/IMG_1329-768x1024.jpeg\" alt=\"\" class=\"wp-image-1313\" srcset=\"https:\/\/www.intellectualsovereignty.ch\/wp-content\/uploads\/2020\/08\/IMG_1329-768x1024.jpeg 768w, https:\/\/www.intellectualsovereignty.ch\/wp-content\/uploads\/2020\/08\/IMG_1329-225x300.jpeg 225w, https:\/\/www.intellectualsovereignty.ch\/wp-content\/uploads\/2020\/08\/IMG_1329-1152x1536.jpeg 1152w, https:\/\/www.intellectualsovereignty.ch\/wp-content\/uploads\/2020\/08\/IMG_1329-1536x2048.jpeg 1536w, https:\/\/www.intellectualsovereignty.ch\/wp-content\/uploads\/2020\/08\/IMG_1329-1870x2493.jpeg 1870w, https:\/\/www.intellectualsovereignty.ch\/wp-content\/uploads\/2020\/08\/IMG_1329-400x533.jpeg 400w, https:\/\/www.intellectualsovereignty.ch\/wp-content\/uploads\/2020\/08\/IMG_1329-800x1067.jpeg 800w, https:\/\/www.intellectualsovereignty.ch\/wp-content\/uploads\/2020\/08\/IMG_1329-scaled.jpeg 1920w\" sizes=\"auto, (max-width: 768px) 100vw, 768px\" \/><\/figure>\n\n\n\n<figure class=\"wp-block-image size-large\"><img loading=\"lazy\" decoding=\"async\" width=\"1024\" height=\"768\" data-attachment-id=\"1314\" data-permalink=\"https:\/\/www.intellectualsovereignty.ch\/index.php\/2020\/08\/28\/hike-37-engstligenalp-laemmerenhuette-leukerbad\/img_1330\/\" data-orig-file=\"https:\/\/www.intellectualsovereignty.ch\/wp-content\/uploads\/2020\/08\/IMG_1330-scaled.jpeg\" data-orig-size=\"2560,1920\" data-comments-opened=\"0\" data-image-title=\"IMG_1330\" data-image-description=\"\" data-image-caption=\"\" data-large-file=\"https:\/\/www.intellectualsovereignty.ch\/wp-content\/uploads\/2020\/08\/IMG_1330-1024x768.jpeg\" data-id=\"1314\" src=\"https:\/\/www.intellectualsovereignty.ch\/wp-content\/uploads\/2020\/08\/IMG_1330-1024x768.jpeg\" alt=\"\" class=\"wp-image-1314\" srcset=\"https:\/\/www.intellectualsovereignty.ch\/wp-content\/uploads\/2020\/08\/IMG_1330-1024x768.jpeg 1024w, https:\/\/www.intellectualsovereignty.ch\/wp-content\/uploads\/2020\/08\/IMG_1330-300x225.jpeg 300w, https:\/\/www.intellectualsovereignty.ch\/wp-content\/uploads\/2020\/08\/IMG_1330-768x576.jpeg 768w, https:\/\/www.intellectualsovereignty.ch\/wp-content\/uploads\/2020\/08\/IMG_1330-1536x1152.jpeg 1536w, https:\/\/www.intellectualsovereignty.ch\/wp-content\/uploads\/2020\/08\/IMG_1330-2048x1536.jpeg 2048w, https:\/\/www.intellectualsovereignty.ch\/wp-content\/uploads\/2020\/08\/IMG_1330-1870x1403.jpeg 1870w, https:\/\/www.intellectualsovereignty.ch\/wp-content\/uploads\/2020\/08\/IMG_1330-400x300.jpeg 400w, https:\/\/www.intellectualsovereignty.ch\/wp-content\/uploads\/2020\/08\/IMG_1330-800x600.jpeg 800w\" sizes=\"auto, (max-width: 1024px) 100vw, 1024px\" \/><\/figure>\n\n\n\n<figure class=\"wp-block-image size-large\"><img loading=\"lazy\" decoding=\"async\" width=\"768\" height=\"1024\" data-attachment-id=\"1315\" data-permalink=\"https:\/\/www.intellectualsovereignty.ch\/index.php\/2020\/08\/28\/hike-37-engstligenalp-laemmerenhuette-leukerbad\/img_1331\/\" data-orig-file=\"https:\/\/www.intellectualsovereignty.ch\/wp-content\/uploads\/2020\/08\/IMG_1331-scaled.jpeg\" data-orig-size=\"1920,2560\" data-comments-opened=\"0\" data-image-title=\"IMG_1331\" data-image-description=\"\" data-image-caption=\"\" data-large-file=\"https:\/\/www.intellectualsovereignty.ch\/wp-content\/uploads\/2020\/08\/IMG_1331-768x1024.jpeg\" data-id=\"1315\" src=\"https:\/\/www.intellectualsovereignty.ch\/wp-content\/uploads\/2020\/08\/IMG_1331-768x1024.jpeg\" alt=\"\" class=\"wp-image-1315\" srcset=\"https:\/\/www.intellectualsovereignty.ch\/wp-content\/uploads\/2020\/08\/IMG_1331-768x1024.jpeg 768w, https:\/\/www.intellectualsovereignty.ch\/wp-content\/uploads\/2020\/08\/IMG_1331-225x300.jpeg 225w, https:\/\/www.intellectualsovereignty.ch\/wp-content\/uploads\/2020\/08\/IMG_1331-1152x1536.jpeg 1152w, https:\/\/www.intellectualsovereignty.ch\/wp-content\/uploads\/2020\/08\/IMG_1331-1536x2048.jpeg 1536w, https:\/\/www.intellectualsovereignty.ch\/wp-content\/uploads\/2020\/08\/IMG_1331-1870x2493.jpeg 1870w, https:\/\/www.intellectualsovereignty.ch\/wp-content\/uploads\/2020\/08\/IMG_1331-400x533.jpeg 400w, https:\/\/www.intellectualsovereignty.ch\/wp-content\/uploads\/2020\/08\/IMG_1331-800x1067.jpeg 800w, https:\/\/www.intellectualsovereignty.ch\/wp-content\/uploads\/2020\/08\/IMG_1331-scaled.jpeg 1920w\" sizes=\"auto, (max-width: 768px) 100vw, 768px\" \/><\/figure>\n\n\n\n<figure class=\"wp-block-image size-large\"><img loading=\"lazy\" decoding=\"async\" width=\"1024\" height=\"768\" data-attachment-id=\"1316\" data-permalink=\"https:\/\/www.intellectualsovereignty.ch\/index.php\/2020\/08\/28\/hike-37-engstligenalp-laemmerenhuette-leukerbad\/img_1332\/\" data-orig-file=\"https:\/\/www.intellectualsovereignty.ch\/wp-content\/uploads\/2020\/08\/IMG_1332-scaled.jpeg\" data-orig-size=\"2560,1920\" data-comments-opened=\"0\" data-image-title=\"IMG_1332\" data-image-description=\"\" data-image-caption=\"\" data-large-file=\"https:\/\/www.intellectualsovereignty.ch\/wp-content\/uploads\/2020\/08\/IMG_1332-1024x768.jpeg\" data-id=\"1316\" src=\"https:\/\/www.intellectualsovereignty.ch\/wp-content\/uploads\/2020\/08\/IMG_1332-1024x768.jpeg\" alt=\"\" class=\"wp-image-1316\" srcset=\"https:\/\/www.intellectualsovereignty.ch\/wp-content\/uploads\/2020\/08\/IMG_1332-1024x768.jpeg 1024w, https:\/\/www.intellectualsovereignty.ch\/wp-content\/uploads\/2020\/08\/IMG_1332-300x225.jpeg 300w, https:\/\/www.intellectualsovereignty.ch\/wp-content\/uploads\/2020\/08\/IMG_1332-768x576.jpeg 768w, https:\/\/www.intellectualsovereignty.ch\/wp-content\/uploads\/2020\/08\/IMG_1332-1536x1152.jpeg 1536w, https:\/\/www.intellectualsovereignty.ch\/wp-content\/uploads\/2020\/08\/IMG_1332-2048x1536.jpeg 2048w, https:\/\/www.intellectualsovereignty.ch\/wp-content\/uploads\/2020\/08\/IMG_1332-1870x1403.jpeg 1870w, https:\/\/www.intellectualsovereignty.ch\/wp-content\/uploads\/2020\/08\/IMG_1332-400x300.jpeg 400w, https:\/\/www.intellectualsovereignty.ch\/wp-content\/uploads\/2020\/08\/IMG_1332-800x600.jpeg 800w\" sizes=\"auto, (max-width: 1024px) 100vw, 1024px\" \/><\/figure>\n\n\n\n<figure class=\"wp-block-image size-large\"><img loading=\"lazy\" decoding=\"async\" width=\"1024\" height=\"768\" data-attachment-id=\"1317\" data-permalink=\"https:\/\/www.intellectualsovereignty.ch\/index.php\/2020\/08\/28\/hike-37-engstligenalp-laemmerenhuette-leukerbad\/img_1333\/\" data-orig-file=\"https:\/\/www.intellectualsovereignty.ch\/wp-content\/uploads\/2020\/08\/IMG_1333-scaled.jpeg\" data-orig-size=\"2560,1920\" data-comments-opened=\"0\" data-image-title=\"IMG_1333\" data-image-description=\"\" data-image-caption=\"\" data-large-file=\"https:\/\/www.intellectualsovereignty.ch\/wp-content\/uploads\/2020\/08\/IMG_1333-1024x768.jpeg\" data-id=\"1317\" src=\"https:\/\/www.intellectualsovereignty.ch\/wp-content\/uploads\/2020\/08\/IMG_1333-1024x768.jpeg\" alt=\"\" class=\"wp-image-1317\" srcset=\"https:\/\/www.intellectualsovereignty.ch\/wp-content\/uploads\/2020\/08\/IMG_1333-1024x768.jpeg 1024w, https:\/\/www.intellectualsovereignty.ch\/wp-content\/uploads\/2020\/08\/IMG_1333-300x225.jpeg 300w, https:\/\/www.intellectualsovereignty.ch\/wp-content\/uploads\/2020\/08\/IMG_1333-768x576.jpeg 768w, https:\/\/www.intellectualsovereignty.ch\/wp-content\/uploads\/2020\/08\/IMG_1333-1536x1152.jpeg 1536w, https:\/\/www.intellectualsovereignty.ch\/wp-content\/uploads\/2020\/08\/IMG_1333-2048x1536.jpeg 2048w, https:\/\/www.intellectualsovereignty.ch\/wp-content\/uploads\/2020\/08\/IMG_1333-1870x1403.jpeg 1870w, https:\/\/www.intellectualsovereignty.ch\/wp-content\/uploads\/2020\/08\/IMG_1333-400x300.jpeg 400w, https:\/\/www.intellectualsovereignty.ch\/wp-content\/uploads\/2020\/08\/IMG_1333-800x600.jpeg 800w\" sizes=\"auto, (max-width: 1024px) 100vw, 1024px\" \/><\/figure>\n\n\n\n<figure class=\"wp-block-image size-large\"><img loading=\"lazy\" decoding=\"async\" width=\"768\" height=\"1024\" data-attachment-id=\"1318\" data-permalink=\"https:\/\/www.intellectualsovereignty.ch\/index.php\/2020\/08\/28\/hike-37-engstligenalp-laemmerenhuette-leukerbad\/img_1334\/\" data-orig-file=\"https:\/\/www.intellectualsovereignty.ch\/wp-content\/uploads\/2020\/08\/IMG_1334-scaled.jpeg\" data-orig-size=\"1920,2560\" data-comments-opened=\"0\" data-image-title=\"IMG_1334\" data-image-description=\"\" data-image-caption=\"\" data-large-file=\"https:\/\/www.intellectualsovereignty.ch\/wp-content\/uploads\/2020\/08\/IMG_1334-768x1024.jpeg\" data-id=\"1318\" src=\"https:\/\/www.intellectualsovereignty.ch\/wp-content\/uploads\/2020\/08\/IMG_1334-768x1024.jpeg\" alt=\"\" class=\"wp-image-1318\" srcset=\"https:\/\/www.intellectualsovereignty.ch\/wp-content\/uploads\/2020\/08\/IMG_1334-768x1024.jpeg 768w, https:\/\/www.intellectualsovereignty.ch\/wp-content\/uploads\/2020\/08\/IMG_1334-225x300.jpeg 225w, https:\/\/www.intellectualsovereignty.ch\/wp-content\/uploads\/2020\/08\/IMG_1334-1152x1536.jpeg 1152w, https:\/\/www.intellectualsovereignty.ch\/wp-content\/uploads\/2020\/08\/IMG_1334-1536x2048.jpeg 1536w, https:\/\/www.intellectualsovereignty.ch\/wp-content\/uploads\/2020\/08\/IMG_1334-1870x2493.jpeg 1870w, https:\/\/www.intellectualsovereignty.ch\/wp-content\/uploads\/2020\/08\/IMG_1334-400x533.jpeg 400w, https:\/\/www.intellectualsovereignty.ch\/wp-content\/uploads\/2020\/08\/IMG_1334-800x1067.jpeg 800w, https:\/\/www.intellectualsovereignty.ch\/wp-content\/uploads\/2020\/08\/IMG_1334-scaled.jpeg 1920w\" sizes=\"auto, (max-width: 768px) 100vw, 768px\" \/><\/figure>\n\n\n\n<figure class=\"wp-block-image size-large\"><img loading=\"lazy\" decoding=\"async\" width=\"1024\" height=\"768\" data-attachment-id=\"1319\" data-permalink=\"https:\/\/www.intellectualsovereignty.ch\/index.php\/2020\/08\/28\/hike-37-engstligenalp-laemmerenhuette-leukerbad\/img_1335\/\" data-orig-file=\"https:\/\/www.intellectualsovereignty.ch\/wp-content\/uploads\/2020\/08\/IMG_1335-scaled.jpeg\" data-orig-size=\"2560,1920\" data-comments-opened=\"0\" data-image-title=\"IMG_1335\" data-image-description=\"\" data-image-caption=\"\" data-large-file=\"https:\/\/www.intellectualsovereignty.ch\/wp-content\/uploads\/2020\/08\/IMG_1335-1024x768.jpeg\" data-id=\"1319\" src=\"https:\/\/www.intellectualsovereignty.ch\/wp-content\/uploads\/2020\/08\/IMG_1335-1024x768.jpeg\" alt=\"\" class=\"wp-image-1319\" srcset=\"https:\/\/www.intellectualsovereignty.ch\/wp-content\/uploads\/2020\/08\/IMG_1335-1024x768.jpeg 1024w, https:\/\/www.intellectualsovereignty.ch\/wp-content\/uploads\/2020\/08\/IMG_1335-300x225.jpeg 300w, https:\/\/www.intellectualsovereignty.ch\/wp-content\/uploads\/2020\/08\/IMG_1335-768x576.jpeg 768w, https:\/\/www.intellectualsovereignty.ch\/wp-content\/uploads\/2020\/08\/IMG_1335-1536x1152.jpeg 1536w, https:\/\/www.intellectualsovereignty.ch\/wp-content\/uploads\/2020\/08\/IMG_1335-2048x1536.jpeg 2048w, https:\/\/www.intellectualsovereignty.ch\/wp-content\/uploads\/2020\/08\/IMG_1335-1870x1403.jpeg 1870w, https:\/\/www.intellectualsovereignty.ch\/wp-content\/uploads\/2020\/08\/IMG_1335-400x300.jpeg 400w, https:\/\/www.intellectualsovereignty.ch\/wp-content\/uploads\/2020\/08\/IMG_1335-800x600.jpeg 800w\" sizes=\"auto, (max-width: 1024px) 100vw, 1024px\" \/><\/figure>\n\n\n\n<figure class=\"wp-block-image size-large\"><img loading=\"lazy\" decoding=\"async\" width=\"1024\" height=\"273\" data-attachment-id=\"1320\" data-permalink=\"https:\/\/www.intellectualsovereignty.ch\/index.php\/2020\/08\/28\/hike-37-engstligenalp-laemmerenhuette-leukerbad\/img_1336\/\" data-orig-file=\"https:\/\/www.intellectualsovereignty.ch\/wp-content\/uploads\/2020\/08\/IMG_1336-scaled.jpeg\" data-orig-size=\"2560,682\" data-comments-opened=\"0\" data-image-title=\"IMG_1336\" data-image-description=\"\" data-image-caption=\"\" data-large-file=\"https:\/\/www.intellectualsovereignty.ch\/wp-content\/uploads\/2020\/08\/IMG_1336-1024x273.jpeg\" data-id=\"1320\" src=\"https:\/\/www.intellectualsovereignty.ch\/wp-content\/uploads\/2020\/08\/IMG_1336-1024x273.jpeg\" alt=\"\" class=\"wp-image-1320\" srcset=\"https:\/\/www.intellectualsovereignty.ch\/wp-content\/uploads\/2020\/08\/IMG_1336-1024x273.jpeg 1024w, https:\/\/www.intellectualsovereignty.ch\/wp-content\/uploads\/2020\/08\/IMG_1336-300x80.jpeg 300w, https:\/\/www.intellectualsovereignty.ch\/wp-content\/uploads\/2020\/08\/IMG_1336-768x205.jpeg 768w, https:\/\/www.intellectualsovereignty.ch\/wp-content\/uploads\/2020\/08\/IMG_1336-1536x409.jpeg 1536w, https:\/\/www.intellectualsovereignty.ch\/wp-content\/uploads\/2020\/08\/IMG_1336-2048x546.jpeg 2048w, https:\/\/www.intellectualsovereignty.ch\/wp-content\/uploads\/2020\/08\/IMG_1336-1870x498.jpeg 1870w, https:\/\/www.intellectualsovereignty.ch\/wp-content\/uploads\/2020\/08\/IMG_1336-400x107.jpeg 400w, https:\/\/www.intellectualsovereignty.ch\/wp-content\/uploads\/2020\/08\/IMG_1336-800x213.jpeg 800w\" sizes=\"auto, (max-width: 1024px) 100vw, 1024px\" \/><\/figure>\n\n\n\n<figure class=\"wp-block-image size-large\"><img loading=\"lazy\" decoding=\"async\" width=\"768\" height=\"1024\" data-attachment-id=\"1321\" data-permalink=\"https:\/\/www.intellectualsovereignty.ch\/index.php\/2020\/08\/28\/hike-37-engstligenalp-laemmerenhuette-leukerbad\/img_1337\/\" data-orig-file=\"https:\/\/www.intellectualsovereignty.ch\/wp-content\/uploads\/2020\/08\/IMG_1337-scaled.jpeg\" data-orig-size=\"1920,2560\" data-comments-opened=\"0\" data-image-title=\"IMG_1337\" data-image-description=\"\" data-image-caption=\"\" data-large-file=\"https:\/\/www.intellectualsovereignty.ch\/wp-content\/uploads\/2020\/08\/IMG_1337-768x1024.jpeg\" data-id=\"1321\" src=\"https:\/\/www.intellectualsovereignty.ch\/wp-content\/uploads\/2020\/08\/IMG_1337-768x1024.jpeg\" alt=\"\" class=\"wp-image-1321\" srcset=\"https:\/\/www.intellectualsovereignty.ch\/wp-content\/uploads\/2020\/08\/IMG_1337-768x1024.jpeg 768w, https:\/\/www.intellectualsovereignty.ch\/wp-content\/uploads\/2020\/08\/IMG_1337-225x300.jpeg 225w, https:\/\/www.intellectualsovereignty.ch\/wp-content\/uploads\/2020\/08\/IMG_1337-1152x1536.jpeg 1152w, https:\/\/www.intellectualsovereignty.ch\/wp-content\/uploads\/2020\/08\/IMG_1337-1536x2048.jpeg 1536w, https:\/\/www.intellectualsovereignty.ch\/wp-content\/uploads\/2020\/08\/IMG_1337-1870x2493.jpeg 1870w, https:\/\/www.intellectualsovereignty.ch\/wp-content\/uploads\/2020\/08\/IMG_1337-400x533.jpeg 400w, https:\/\/www.intellectualsovereignty.ch\/wp-content\/uploads\/2020\/08\/IMG_1337-800x1067.jpeg 800w, https:\/\/www.intellectualsovereignty.ch\/wp-content\/uploads\/2020\/08\/IMG_1337-scaled.jpeg 1920w\" sizes=\"auto, (max-width: 768px) 100vw, 768px\" \/><\/figure>\n\n\n\n<figure class=\"wp-block-image size-large\"><img loading=\"lazy\" decoding=\"async\" width=\"1024\" height=\"768\" data-attachment-id=\"1322\" data-permalink=\"https:\/\/www.intellectualsovereignty.ch\/index.php\/2020\/08\/28\/hike-37-engstligenalp-laemmerenhuette-leukerbad\/img_1338\/\" data-orig-file=\"https:\/\/www.intellectualsovereignty.ch\/wp-content\/uploads\/2020\/08\/IMG_1338-scaled.jpeg\" data-orig-size=\"2560,1920\" data-comments-opened=\"0\" data-image-title=\"IMG_1338\" data-image-description=\"\" data-image-caption=\"\" data-large-file=\"https:\/\/www.intellectualsovereignty.ch\/wp-content\/uploads\/2020\/08\/IMG_1338-1024x768.jpeg\" data-id=\"1322\" src=\"https:\/\/www.intellectualsovereignty.ch\/wp-content\/uploads\/2020\/08\/IMG_1338-1024x768.jpeg\" alt=\"\" class=\"wp-image-1322\" srcset=\"https:\/\/www.intellectualsovereignty.ch\/wp-content\/uploads\/2020\/08\/IMG_1338-1024x768.jpeg 1024w, https:\/\/www.intellectualsovereignty.ch\/wp-content\/uploads\/2020\/08\/IMG_1338-300x225.jpeg 300w, https:\/\/www.intellectualsovereignty.ch\/wp-content\/uploads\/2020\/08\/IMG_1338-768x576.jpeg 768w, https:\/\/www.intellectualsovereignty.ch\/wp-content\/uploads\/2020\/08\/IMG_1338-1536x1152.jpeg 1536w, https:\/\/www.intellectualsovereignty.ch\/wp-content\/uploads\/2020\/08\/IMG_1338-2048x1536.jpeg 2048w, https:\/\/www.intellectualsovereignty.ch\/wp-content\/uploads\/2020\/08\/IMG_1338-1870x1403.jpeg 1870w, https:\/\/www.intellectualsovereignty.ch\/wp-content\/uploads\/2020\/08\/IMG_1338-400x300.jpeg 400w, https:\/\/www.intellectualsovereignty.ch\/wp-content\/uploads\/2020\/08\/IMG_1338-800x600.jpeg 800w\" sizes=\"auto, (max-width: 1024px) 100vw, 1024px\" \/><\/figure>\n<\/figure>\n\n\n\n<p class=\"wp-block-paragraph\">Von da weg geht&#8217;s an vereinzelten Alpenbl\u00fcmchen vorbei in Richtung L\u00e4mmerenh\u00fctte, auf deren H\u00f6he ich mich an der Sonne kurz aufw\u00e4rme und mit einem Picknick kr\u00e4ftige. Der Abstieg zum L\u00e4mmerenboden ist sehr rutschig und nicht ganz ungef\u00e4hrlich, zum Gl\u00fcck hat&#8217;s Ketten und Seile zum Festhalten. Z\u00fcgig komme ich zum Gemmipass, wo mir noch der eindr\u00fcckliche Abstieg \u00fcber unz\u00e4hlige Kehren runter nach Leukerbad bevorsteht. Der Blick von Leukerbad zum Gemmipass hoch l\u00e4sst einen staunend zur\u00fcck, kaum vorstellbar, dass sich da ein relativ breiter Weg durch die Felsen hochschl\u00e4ngelt&#8230; Alles in Allem eine herausfordernde und abwechslungsreiche Wanderung, die sich gut mit einer \u00dcbernachtung in der L\u00e4mmerenh\u00fctte unterteilen l\u00e4sst, speziell wenn das Wetter sch\u00f6n oder noch unbest\u00e4ndiger ist, rechtzeitige Reservation vorausgesetzt!<\/p>\n\n\n\n<figure class=\"wp-block-gallery has-nested-images columns-default is-cropped wp-block-gallery-4 is-layout-flex wp-block-gallery-is-layout-flex\">\n<figure class=\"wp-block-image size-large\"><img loading=\"lazy\" decoding=\"async\" width=\"768\" height=\"1024\" data-attachment-id=\"1323\" data-permalink=\"https:\/\/www.intellectualsovereignty.ch\/index.php\/2020\/08\/28\/hike-37-engstligenalp-laemmerenhuette-leukerbad\/img_1339\/\" data-orig-file=\"https:\/\/www.intellectualsovereignty.ch\/wp-content\/uploads\/2020\/08\/IMG_1339-scaled.jpeg\" data-orig-size=\"1920,2560\" data-comments-opened=\"0\" data-image-title=\"IMG_1339\" data-image-description=\"\" data-image-caption=\"\" data-large-file=\"https:\/\/www.intellectualsovereignty.ch\/wp-content\/uploads\/2020\/08\/IMG_1339-768x1024.jpeg\" data-id=\"1323\" src=\"https:\/\/www.intellectualsovereignty.ch\/wp-content\/uploads\/2020\/08\/IMG_1339-768x1024.jpeg\" alt=\"\" class=\"wp-image-1323\" srcset=\"https:\/\/www.intellectualsovereignty.ch\/wp-content\/uploads\/2020\/08\/IMG_1339-768x1024.jpeg 768w, https:\/\/www.intellectualsovereignty.ch\/wp-content\/uploads\/2020\/08\/IMG_1339-225x300.jpeg 225w, https:\/\/www.intellectualsovereignty.ch\/wp-content\/uploads\/2020\/08\/IMG_1339-1152x1536.jpeg 1152w, https:\/\/www.intellectualsovereignty.ch\/wp-content\/uploads\/2020\/08\/IMG_1339-1536x2048.jpeg 1536w, https:\/\/www.intellectualsovereignty.ch\/wp-content\/uploads\/2020\/08\/IMG_1339-1870x2493.jpeg 1870w, https:\/\/www.intellectualsovereignty.ch\/wp-content\/uploads\/2020\/08\/IMG_1339-400x533.jpeg 400w, https:\/\/www.intellectualsovereignty.ch\/wp-content\/uploads\/2020\/08\/IMG_1339-800x1067.jpeg 800w, https:\/\/www.intellectualsovereignty.ch\/wp-content\/uploads\/2020\/08\/IMG_1339-scaled.jpeg 1920w\" sizes=\"auto, (max-width: 768px) 100vw, 768px\" \/><\/figure>\n\n\n\n<figure class=\"wp-block-image size-large\"><img loading=\"lazy\" decoding=\"async\" width=\"768\" height=\"1024\" data-attachment-id=\"1324\" data-permalink=\"https:\/\/www.intellectualsovereignty.ch\/index.php\/2020\/08\/28\/hike-37-engstligenalp-laemmerenhuette-leukerbad\/img_1340\/\" data-orig-file=\"https:\/\/www.intellectualsovereignty.ch\/wp-content\/uploads\/2020\/08\/IMG_1340-scaled.jpeg\" data-orig-size=\"1920,2560\" data-comments-opened=\"0\" data-image-title=\"IMG_1340\" data-image-description=\"\" data-image-caption=\"\" data-large-file=\"https:\/\/www.intellectualsovereignty.ch\/wp-content\/uploads\/2020\/08\/IMG_1340-768x1024.jpeg\" data-id=\"1324\" src=\"https:\/\/www.intellectualsovereignty.ch\/wp-content\/uploads\/2020\/08\/IMG_1340-768x1024.jpeg\" alt=\"\" class=\"wp-image-1324\" srcset=\"https:\/\/www.intellectualsovereignty.ch\/wp-content\/uploads\/2020\/08\/IMG_1340-768x1024.jpeg 768w, https:\/\/www.intellectualsovereignty.ch\/wp-content\/uploads\/2020\/08\/IMG_1340-225x300.jpeg 225w, https:\/\/www.intellectualsovereignty.ch\/wp-content\/uploads\/2020\/08\/IMG_1340-1152x1536.jpeg 1152w, https:\/\/www.intellectualsovereignty.ch\/wp-content\/uploads\/2020\/08\/IMG_1340-1536x2048.jpeg 1536w, https:\/\/www.intellectualsovereignty.ch\/wp-content\/uploads\/2020\/08\/IMG_1340-1870x2493.jpeg 1870w, https:\/\/www.intellectualsovereignty.ch\/wp-content\/uploads\/2020\/08\/IMG_1340-400x533.jpeg 400w, https:\/\/www.intellectualsovereignty.ch\/wp-content\/uploads\/2020\/08\/IMG_1340-800x1067.jpeg 800w, https:\/\/www.intellectualsovereignty.ch\/wp-content\/uploads\/2020\/08\/IMG_1340-scaled.jpeg 1920w\" sizes=\"auto, (max-width: 768px) 100vw, 768px\" \/><\/figure>\n\n\n\n<figure class=\"wp-block-image size-large\"><img loading=\"lazy\" decoding=\"async\" width=\"1024\" height=\"768\" data-attachment-id=\"1325\" data-permalink=\"https:\/\/www.intellectualsovereignty.ch\/index.php\/2020\/08\/28\/hike-37-engstligenalp-laemmerenhuette-leukerbad\/img_1341\/\" data-orig-file=\"https:\/\/www.intellectualsovereignty.ch\/wp-content\/uploads\/2020\/08\/IMG_1341-scaled.jpeg\" data-orig-size=\"2560,1920\" data-comments-opened=\"0\" data-image-title=\"IMG_1341\" data-image-description=\"\" data-image-caption=\"\" data-large-file=\"https:\/\/www.intellectualsovereignty.ch\/wp-content\/uploads\/2020\/08\/IMG_1341-1024x768.jpeg\" data-id=\"1325\" src=\"https:\/\/www.intellectualsovereignty.ch\/wp-content\/uploads\/2020\/08\/IMG_1341-1024x768.jpeg\" alt=\"\" class=\"wp-image-1325\" srcset=\"https:\/\/www.intellectualsovereignty.ch\/wp-content\/uploads\/2020\/08\/IMG_1341-1024x768.jpeg 1024w, https:\/\/www.intellectualsovereignty.ch\/wp-content\/uploads\/2020\/08\/IMG_1341-300x225.jpeg 300w, https:\/\/www.intellectualsovereignty.ch\/wp-content\/uploads\/2020\/08\/IMG_1341-768x576.jpeg 768w, https:\/\/www.intellectualsovereignty.ch\/wp-content\/uploads\/2020\/08\/IMG_1341-1536x1152.jpeg 1536w, https:\/\/www.intellectualsovereignty.ch\/wp-content\/uploads\/2020\/08\/IMG_1341-2048x1536.jpeg 2048w, https:\/\/www.intellectualsovereignty.ch\/wp-content\/uploads\/2020\/08\/IMG_1341-1870x1403.jpeg 1870w, https:\/\/www.intellectualsovereignty.ch\/wp-content\/uploads\/2020\/08\/IMG_1341-400x300.jpeg 400w, https:\/\/www.intellectualsovereignty.ch\/wp-content\/uploads\/2020\/08\/IMG_1341-800x600.jpeg 800w\" sizes=\"auto, (max-width: 1024px) 100vw, 1024px\" \/><\/figure>\n\n\n\n<figure class=\"wp-block-image size-large\"><img loading=\"lazy\" decoding=\"async\" width=\"1024\" height=\"768\" data-attachment-id=\"1326\" data-permalink=\"https:\/\/www.intellectualsovereignty.ch\/index.php\/2020\/08\/28\/hike-37-engstligenalp-laemmerenhuette-leukerbad\/img_1342\/\" data-orig-file=\"https:\/\/www.intellectualsovereignty.ch\/wp-content\/uploads\/2020\/08\/IMG_1342-scaled.jpeg\" data-orig-size=\"2560,1920\" data-comments-opened=\"0\" data-image-title=\"IMG_1342\" data-image-description=\"\" data-image-caption=\"\" data-large-file=\"https:\/\/www.intellectualsovereignty.ch\/wp-content\/uploads\/2020\/08\/IMG_1342-1024x768.jpeg\" data-id=\"1326\" src=\"https:\/\/www.intellectualsovereignty.ch\/wp-content\/uploads\/2020\/08\/IMG_1342-1024x768.jpeg\" alt=\"\" class=\"wp-image-1326\" srcset=\"https:\/\/www.intellectualsovereignty.ch\/wp-content\/uploads\/2020\/08\/IMG_1342-1024x768.jpeg 1024w, https:\/\/www.intellectualsovereignty.ch\/wp-content\/uploads\/2020\/08\/IMG_1342-300x225.jpeg 300w, https:\/\/www.intellectualsovereignty.ch\/wp-content\/uploads\/2020\/08\/IMG_1342-768x576.jpeg 768w, https:\/\/www.intellectualsovereignty.ch\/wp-content\/uploads\/2020\/08\/IMG_1342-1536x1152.jpeg 1536w, https:\/\/www.intellectualsovereignty.ch\/wp-content\/uploads\/2020\/08\/IMG_1342-2048x1536.jpeg 2048w, https:\/\/www.intellectualsovereignty.ch\/wp-content\/uploads\/2020\/08\/IMG_1342-1870x1403.jpeg 1870w, https:\/\/www.intellectualsovereignty.ch\/wp-content\/uploads\/2020\/08\/IMG_1342-400x300.jpeg 400w, https:\/\/www.intellectualsovereignty.ch\/wp-content\/uploads\/2020\/08\/IMG_1342-800x600.jpeg 800w\" sizes=\"auto, (max-width: 1024px) 100vw, 1024px\" \/><\/figure>\n\n\n\n<figure class=\"wp-block-image size-large\"><img loading=\"lazy\" decoding=\"async\" width=\"1024\" height=\"239\" data-attachment-id=\"1328\" data-permalink=\"https:\/\/www.intellectualsovereignty.ch\/index.php\/2020\/08\/28\/hike-37-engstligenalp-laemmerenhuette-leukerbad\/img_1344\/\" data-orig-file=\"https:\/\/www.intellectualsovereignty.ch\/wp-content\/uploads\/2020\/08\/IMG_1344-scaled.jpeg\" data-orig-size=\"2560,597\" data-comments-opened=\"0\" data-image-title=\"IMG_1344\" data-image-description=\"\" data-image-caption=\"\" data-large-file=\"https:\/\/www.intellectualsovereignty.ch\/wp-content\/uploads\/2020\/08\/IMG_1344-1024x239.jpeg\" data-id=\"1328\" src=\"https:\/\/www.intellectualsovereignty.ch\/wp-content\/uploads\/2020\/08\/IMG_1344-1024x239.jpeg\" alt=\"\" class=\"wp-image-1328\" srcset=\"https:\/\/www.intellectualsovereignty.ch\/wp-content\/uploads\/2020\/08\/IMG_1344-1024x239.jpeg 1024w, https:\/\/www.intellectualsovereignty.ch\/wp-content\/uploads\/2020\/08\/IMG_1344-300x70.jpeg 300w, https:\/\/www.intellectualsovereignty.ch\/wp-content\/uploads\/2020\/08\/IMG_1344-768x179.jpeg 768w, https:\/\/www.intellectualsovereignty.ch\/wp-content\/uploads\/2020\/08\/IMG_1344-1536x358.jpeg 1536w, https:\/\/www.intellectualsovereignty.ch\/wp-content\/uploads\/2020\/08\/IMG_1344-2048x477.jpeg 2048w, https:\/\/www.intellectualsovereignty.ch\/wp-content\/uploads\/2020\/08\/IMG_1344-1870x436.jpeg 1870w, https:\/\/www.intellectualsovereignty.ch\/wp-content\/uploads\/2020\/08\/IMG_1344-400x93.jpeg 400w, https:\/\/www.intellectualsovereignty.ch\/wp-content\/uploads\/2020\/08\/IMG_1344-800x186.jpeg 800w\" sizes=\"auto, (max-width: 1024px) 100vw, 1024px\" \/><\/figure>\n\n\n\n<figure class=\"wp-block-image size-large\"><img loading=\"lazy\" decoding=\"async\" width=\"1024\" height=\"768\" data-attachment-id=\"1329\" data-permalink=\"https:\/\/www.intellectualsovereignty.ch\/index.php\/2020\/08\/28\/hike-37-engstligenalp-laemmerenhuette-leukerbad\/img_1345\/\" data-orig-file=\"https:\/\/www.intellectualsovereignty.ch\/wp-content\/uploads\/2020\/08\/IMG_1345-scaled.jpeg\" data-orig-size=\"2560,1920\" data-comments-opened=\"0\" data-image-title=\"IMG_1345\" data-image-description=\"\" data-image-caption=\"\" data-large-file=\"https:\/\/www.intellectualsovereignty.ch\/wp-content\/uploads\/2020\/08\/IMG_1345-1024x768.jpeg\" data-id=\"1329\" src=\"https:\/\/www.intellectualsovereignty.ch\/wp-content\/uploads\/2020\/08\/IMG_1345-1024x768.jpeg\" alt=\"\" class=\"wp-image-1329\" srcset=\"https:\/\/www.intellectualsovereignty.ch\/wp-content\/uploads\/2020\/08\/IMG_1345-1024x768.jpeg 1024w, https:\/\/www.intellectualsovereignty.ch\/wp-content\/uploads\/2020\/08\/IMG_1345-300x225.jpeg 300w, https:\/\/www.intellectualsovereignty.ch\/wp-content\/uploads\/2020\/08\/IMG_1345-768x576.jpeg 768w, https:\/\/www.intellectualsovereignty.ch\/wp-content\/uploads\/2020\/08\/IMG_1345-1536x1152.jpeg 1536w, https:\/\/www.intellectualsovereignty.ch\/wp-content\/uploads\/2020\/08\/IMG_1345-2048x1536.jpeg 2048w, https:\/\/www.intellectualsovereignty.ch\/wp-content\/uploads\/2020\/08\/IMG_1345-1870x1403.jpeg 1870w, https:\/\/www.intellectualsovereignty.ch\/wp-content\/uploads\/2020\/08\/IMG_1345-400x300.jpeg 400w, https:\/\/www.intellectualsovereignty.ch\/wp-content\/uploads\/2020\/08\/IMG_1345-800x600.jpeg 800w\" sizes=\"auto, (max-width: 1024px) 100vw, 1024px\" \/><\/figure>\n\n\n\n<figure class=\"wp-block-image size-large\"><img loading=\"lazy\" decoding=\"async\" width=\"1024\" height=\"768\" data-attachment-id=\"1330\" data-permalink=\"https:\/\/www.intellectualsovereignty.ch\/index.php\/2020\/08\/28\/hike-37-engstligenalp-laemmerenhuette-leukerbad\/img_1346\/\" data-orig-file=\"https:\/\/www.intellectualsovereignty.ch\/wp-content\/uploads\/2020\/08\/IMG_1346-scaled.jpeg\" data-orig-size=\"2560,1920\" data-comments-opened=\"0\" data-image-title=\"IMG_1346\" data-image-description=\"\" data-image-caption=\"\" data-large-file=\"https:\/\/www.intellectualsovereignty.ch\/wp-content\/uploads\/2020\/08\/IMG_1346-1024x768.jpeg\" data-id=\"1330\" src=\"https:\/\/www.intellectualsovereignty.ch\/wp-content\/uploads\/2020\/08\/IMG_1346-1024x768.jpeg\" alt=\"\" class=\"wp-image-1330\" srcset=\"https:\/\/www.intellectualsovereignty.ch\/wp-content\/uploads\/2020\/08\/IMG_1346-1024x768.jpeg 1024w, https:\/\/www.intellectualsovereignty.ch\/wp-content\/uploads\/2020\/08\/IMG_1346-300x225.jpeg 300w, https:\/\/www.intellectualsovereignty.ch\/wp-content\/uploads\/2020\/08\/IMG_1346-768x576.jpeg 768w, https:\/\/www.intellectualsovereignty.ch\/wp-content\/uploads\/2020\/08\/IMG_1346-1536x1152.jpeg 1536w, https:\/\/www.intellectualsovereignty.ch\/wp-content\/uploads\/2020\/08\/IMG_1346-2048x1536.jpeg 2048w, https:\/\/www.intellectualsovereignty.ch\/wp-content\/uploads\/2020\/08\/IMG_1346-1870x1403.jpeg 1870w, https:\/\/www.intellectualsovereignty.ch\/wp-content\/uploads\/2020\/08\/IMG_1346-400x300.jpeg 400w, https:\/\/www.intellectualsovereignty.ch\/wp-content\/uploads\/2020\/08\/IMG_1346-800x600.jpeg 800w\" sizes=\"auto, (max-width: 1024px) 100vw, 1024px\" \/><\/figure>\n\n\n\n<figure class=\"wp-block-image size-large\"><img loading=\"lazy\" decoding=\"async\" width=\"768\" height=\"1024\" data-attachment-id=\"1331\" data-permalink=\"https:\/\/www.intellectualsovereignty.ch\/index.php\/2020\/08\/28\/hike-37-engstligenalp-laemmerenhuette-leukerbad\/img_1347\/\" data-orig-file=\"https:\/\/www.intellectualsovereignty.ch\/wp-content\/uploads\/2020\/08\/IMG_1347-scaled.jpeg\" data-orig-size=\"1920,2560\" data-comments-opened=\"0\" data-image-title=\"IMG_1347\" data-image-description=\"\" data-image-caption=\"\" data-large-file=\"https:\/\/www.intellectualsovereignty.ch\/wp-content\/uploads\/2020\/08\/IMG_1347-768x1024.jpeg\" data-id=\"1331\" src=\"https:\/\/www.intellectualsovereignty.ch\/wp-content\/uploads\/2020\/08\/IMG_1347-768x1024.jpeg\" alt=\"\" class=\"wp-image-1331\" srcset=\"https:\/\/www.intellectualsovereignty.ch\/wp-content\/uploads\/2020\/08\/IMG_1347-768x1024.jpeg 768w, https:\/\/www.intellectualsovereignty.ch\/wp-content\/uploads\/2020\/08\/IMG_1347-225x300.jpeg 225w, https:\/\/www.intellectualsovereignty.ch\/wp-content\/uploads\/2020\/08\/IMG_1347-1152x1536.jpeg 1152w, https:\/\/www.intellectualsovereignty.ch\/wp-content\/uploads\/2020\/08\/IMG_1347-1536x2048.jpeg 1536w, https:\/\/www.intellectualsovereignty.ch\/wp-content\/uploads\/2020\/08\/IMG_1347-1870x2493.jpeg 1870w, https:\/\/www.intellectualsovereignty.ch\/wp-content\/uploads\/2020\/08\/IMG_1347-400x533.jpeg 400w, https:\/\/www.intellectualsovereignty.ch\/wp-content\/uploads\/2020\/08\/IMG_1347-800x1067.jpeg 800w, https:\/\/www.intellectualsovereignty.ch\/wp-content\/uploads\/2020\/08\/IMG_1347-scaled.jpeg 1920w\" sizes=\"auto, (max-width: 768px) 100vw, 768px\" \/><\/figure>\n\n\n\n<figure class=\"wp-block-image size-large\"><img loading=\"lazy\" decoding=\"async\" width=\"1024\" height=\"768\" data-attachment-id=\"1332\" data-permalink=\"https:\/\/www.intellectualsovereignty.ch\/index.php\/2020\/08\/28\/hike-37-engstligenalp-laemmerenhuette-leukerbad\/img_1348\/\" data-orig-file=\"https:\/\/www.intellectualsovereignty.ch\/wp-content\/uploads\/2020\/08\/IMG_1348-scaled.jpeg\" data-orig-size=\"2560,1920\" data-comments-opened=\"0\" data-image-title=\"IMG_1348\" data-image-description=\"\" data-image-caption=\"\" data-large-file=\"https:\/\/www.intellectualsovereignty.ch\/wp-content\/uploads\/2020\/08\/IMG_1348-1024x768.jpeg\" data-id=\"1332\" src=\"https:\/\/www.intellectualsovereignty.ch\/wp-content\/uploads\/2020\/08\/IMG_1348-1024x768.jpeg\" alt=\"\" class=\"wp-image-1332\" srcset=\"https:\/\/www.intellectualsovereignty.ch\/wp-content\/uploads\/2020\/08\/IMG_1348-1024x768.jpeg 1024w, https:\/\/www.intellectualsovereignty.ch\/wp-content\/uploads\/2020\/08\/IMG_1348-300x225.jpeg 300w, https:\/\/www.intellectualsovereignty.ch\/wp-content\/uploads\/2020\/08\/IMG_1348-768x576.jpeg 768w, https:\/\/www.intellectualsovereignty.ch\/wp-content\/uploads\/2020\/08\/IMG_1348-1536x1152.jpeg 1536w, https:\/\/www.intellectualsovereignty.ch\/wp-content\/uploads\/2020\/08\/IMG_1348-2048x1536.jpeg 2048w, https:\/\/www.intellectualsovereignty.ch\/wp-content\/uploads\/2020\/08\/IMG_1348-1870x1403.jpeg 1870w, https:\/\/www.intellectualsovereignty.ch\/wp-content\/uploads\/2020\/08\/IMG_1348-400x300.jpeg 400w, https:\/\/www.intellectualsovereignty.ch\/wp-content\/uploads\/2020\/08\/IMG_1348-800x600.jpeg 800w\" sizes=\"auto, (max-width: 1024px) 100vw, 1024px\" \/><\/figure>\n\n\n\n<figure class=\"wp-block-image size-large\"><img loading=\"lazy\" decoding=\"async\" width=\"1024\" height=\"389\" data-attachment-id=\"1333\" data-permalink=\"https:\/\/www.intellectualsovereignty.ch\/index.php\/2020\/08\/28\/hike-37-engstligenalp-laemmerenhuette-leukerbad\/img_1349\/\" data-orig-file=\"https:\/\/www.intellectualsovereignty.ch\/wp-content\/uploads\/2020\/08\/IMG_1349-scaled.jpeg\" data-orig-size=\"2560,972\" data-comments-opened=\"0\" data-image-title=\"IMG_1349\" data-image-description=\"\" data-image-caption=\"\" data-large-file=\"https:\/\/www.intellectualsovereignty.ch\/wp-content\/uploads\/2020\/08\/IMG_1349-1024x389.jpeg\" data-id=\"1333\" src=\"https:\/\/www.intellectualsovereignty.ch\/wp-content\/uploads\/2020\/08\/IMG_1349-1024x389.jpeg\" alt=\"\" class=\"wp-image-1333\" srcset=\"https:\/\/www.intellectualsovereignty.ch\/wp-content\/uploads\/2020\/08\/IMG_1349-1024x389.jpeg 1024w, https:\/\/www.intellectualsovereignty.ch\/wp-content\/uploads\/2020\/08\/IMG_1349-300x114.jpeg 300w, https:\/\/www.intellectualsovereignty.ch\/wp-content\/uploads\/2020\/08\/IMG_1349-768x292.jpeg 768w, https:\/\/www.intellectualsovereignty.ch\/wp-content\/uploads\/2020\/08\/IMG_1349-1536x583.jpeg 1536w, https:\/\/www.intellectualsovereignty.ch\/wp-content\/uploads\/2020\/08\/IMG_1349-2048x778.jpeg 2048w, https:\/\/www.intellectualsovereignty.ch\/wp-content\/uploads\/2020\/08\/IMG_1349-1870x710.jpeg 1870w, https:\/\/www.intellectualsovereignty.ch\/wp-content\/uploads\/2020\/08\/IMG_1349-400x152.jpeg 400w, https:\/\/www.intellectualsovereignty.ch\/wp-content\/uploads\/2020\/08\/IMG_1349-800x304.jpeg 800w\" sizes=\"auto, (max-width: 1024px) 100vw, 1024px\" \/><\/figure>\n\n\n\n<figure class=\"wp-block-image size-large\"><img loading=\"lazy\" decoding=\"async\" width=\"768\" height=\"1024\" data-attachment-id=\"1334\" data-permalink=\"https:\/\/www.intellectualsovereignty.ch\/index.php\/2020\/08\/28\/hike-37-engstligenalp-laemmerenhuette-leukerbad\/img_1350\/\" data-orig-file=\"https:\/\/www.intellectualsovereignty.ch\/wp-content\/uploads\/2020\/08\/IMG_1350-scaled.jpeg\" data-orig-size=\"1920,2560\" data-comments-opened=\"0\" data-image-title=\"IMG_1350\" data-image-description=\"\" data-image-caption=\"\" data-large-file=\"https:\/\/www.intellectualsovereignty.ch\/wp-content\/uploads\/2020\/08\/IMG_1350-768x1024.jpeg\" data-id=\"1334\" src=\"https:\/\/www.intellectualsovereignty.ch\/wp-content\/uploads\/2020\/08\/IMG_1350-768x1024.jpeg\" alt=\"\" class=\"wp-image-1334\" srcset=\"https:\/\/www.intellectualsovereignty.ch\/wp-content\/uploads\/2020\/08\/IMG_1350-768x1024.jpeg 768w, https:\/\/www.intellectualsovereignty.ch\/wp-content\/uploads\/2020\/08\/IMG_1350-225x300.jpeg 225w, https:\/\/www.intellectualsovereignty.ch\/wp-content\/uploads\/2020\/08\/IMG_1350-1152x1536.jpeg 1152w, https:\/\/www.intellectualsovereignty.ch\/wp-content\/uploads\/2020\/08\/IMG_1350-1536x2048.jpeg 1536w, https:\/\/www.intellectualsovereignty.ch\/wp-content\/uploads\/2020\/08\/IMG_1350-1870x2493.jpeg 1870w, https:\/\/www.intellectualsovereignty.ch\/wp-content\/uploads\/2020\/08\/IMG_1350-400x533.jpeg 400w, https:\/\/www.intellectualsovereignty.ch\/wp-content\/uploads\/2020\/08\/IMG_1350-800x1067.jpeg 800w, https:\/\/www.intellectualsovereignty.ch\/wp-content\/uploads\/2020\/08\/IMG_1350-scaled.jpeg 1920w\" sizes=\"auto, (max-width: 768px) 100vw, 768px\" \/><\/figure>\n\n\n\n<figure class=\"wp-block-image size-large\"><img loading=\"lazy\" decoding=\"async\" width=\"1024\" height=\"427\" data-attachment-id=\"1335\" data-permalink=\"https:\/\/www.intellectualsovereignty.ch\/index.php\/2020\/08\/28\/hike-37-engstligenalp-laemmerenhuette-leukerbad\/img_1351\/\" data-orig-file=\"https:\/\/www.intellectualsovereignty.ch\/wp-content\/uploads\/2020\/08\/IMG_1351-scaled.jpeg\" data-orig-size=\"2560,1067\" data-comments-opened=\"0\" data-image-title=\"IMG_1351\" data-image-description=\"\" data-image-caption=\"\" data-large-file=\"https:\/\/www.intellectualsovereignty.ch\/wp-content\/uploads\/2020\/08\/IMG_1351-1024x427.jpeg\" data-id=\"1335\" src=\"https:\/\/www.intellectualsovereignty.ch\/wp-content\/uploads\/2020\/08\/IMG_1351-1024x427.jpeg\" alt=\"\" class=\"wp-image-1335\" srcset=\"https:\/\/www.intellectualsovereignty.ch\/wp-content\/uploads\/2020\/08\/IMG_1351-1024x427.jpeg 1024w, https:\/\/www.intellectualsovereignty.ch\/wp-content\/uploads\/2020\/08\/IMG_1351-300x125.jpeg 300w, https:\/\/www.intellectualsovereignty.ch\/wp-content\/uploads\/2020\/08\/IMG_1351-768x320.jpeg 768w, https:\/\/www.intellectualsovereignty.ch\/wp-content\/uploads\/2020\/08\/IMG_1351-1536x640.jpeg 1536w, https:\/\/www.intellectualsovereignty.ch\/wp-content\/uploads\/2020\/08\/IMG_1351-2048x853.jpeg 2048w, https:\/\/www.intellectualsovereignty.ch\/wp-content\/uploads\/2020\/08\/IMG_1351-1870x779.jpeg 1870w, https:\/\/www.intellectualsovereignty.ch\/wp-content\/uploads\/2020\/08\/IMG_1351-400x167.jpeg 400w, https:\/\/www.intellectualsovereignty.ch\/wp-content\/uploads\/2020\/08\/IMG_1351-800x333.jpeg 800w\" sizes=\"auto, (max-width: 1024px) 100vw, 1024px\" \/><\/figure>\n\n\n\n<figure class=\"wp-block-image size-large\"><img loading=\"lazy\" decoding=\"async\" width=\"1024\" height=\"768\" data-attachment-id=\"1336\" data-permalink=\"https:\/\/www.intellectualsovereignty.ch\/index.php\/2020\/08\/28\/hike-37-engstligenalp-laemmerenhuette-leukerbad\/img_1352\/\" data-orig-file=\"https:\/\/www.intellectualsovereignty.ch\/wp-content\/uploads\/2020\/08\/IMG_1352-scaled.jpeg\" data-orig-size=\"2560,1920\" data-comments-opened=\"0\" data-image-title=\"IMG_1352\" data-image-description=\"\" data-image-caption=\"\" data-large-file=\"https:\/\/www.intellectualsovereignty.ch\/wp-content\/uploads\/2020\/08\/IMG_1352-1024x768.jpeg\" data-id=\"1336\" src=\"https:\/\/www.intellectualsovereignty.ch\/wp-content\/uploads\/2020\/08\/IMG_1352-1024x768.jpeg\" alt=\"\" class=\"wp-image-1336\" srcset=\"https:\/\/www.intellectualsovereignty.ch\/wp-content\/uploads\/2020\/08\/IMG_1352-1024x768.jpeg 1024w, https:\/\/www.intellectualsovereignty.ch\/wp-content\/uploads\/2020\/08\/IMG_1352-300x225.jpeg 300w, https:\/\/www.intellectualsovereignty.ch\/wp-content\/uploads\/2020\/08\/IMG_1352-768x576.jpeg 768w, https:\/\/www.intellectualsovereignty.ch\/wp-content\/uploads\/2020\/08\/IMG_1352-1536x1152.jpeg 1536w, https:\/\/www.intellectualsovereignty.ch\/wp-content\/uploads\/2020\/08\/IMG_1352-2048x1536.jpeg 2048w, https:\/\/www.intellectualsovereignty.ch\/wp-content\/uploads\/2020\/08\/IMG_1352-1870x1403.jpeg 1870w, https:\/\/www.intellectualsovereignty.ch\/wp-content\/uploads\/2020\/08\/IMG_1352-400x300.jpeg 400w, https:\/\/www.intellectualsovereignty.ch\/wp-content\/uploads\/2020\/08\/IMG_1352-800x600.jpeg 800w\" sizes=\"auto, (max-width: 1024px) 100vw, 1024px\" \/><\/figure>\n\n\n\n<figure class=\"wp-block-image size-large\"><img loading=\"lazy\" decoding=\"async\" width=\"1024\" height=\"768\" data-attachment-id=\"1337\" data-permalink=\"https:\/\/www.intellectualsovereignty.ch\/index.php\/2020\/08\/28\/hike-37-engstligenalp-laemmerenhuette-leukerbad\/img_1353\/\" data-orig-file=\"https:\/\/www.intellectualsovereignty.ch\/wp-content\/uploads\/2020\/08\/IMG_1353-scaled.jpeg\" data-orig-size=\"2560,1920\" data-comments-opened=\"0\" data-image-title=\"IMG_1353\" data-image-description=\"\" data-image-caption=\"\" data-large-file=\"https:\/\/www.intellectualsovereignty.ch\/wp-content\/uploads\/2020\/08\/IMG_1353-1024x768.jpeg\" data-id=\"1337\" src=\"https:\/\/www.intellectualsovereignty.ch\/wp-content\/uploads\/2020\/08\/IMG_1353-1024x768.jpeg\" alt=\"\" class=\"wp-image-1337\" srcset=\"https:\/\/www.intellectualsovereignty.ch\/wp-content\/uploads\/2020\/08\/IMG_1353-1024x768.jpeg 1024w, https:\/\/www.intellectualsovereignty.ch\/wp-content\/uploads\/2020\/08\/IMG_1353-300x225.jpeg 300w, https:\/\/www.intellectualsovereignty.ch\/wp-content\/uploads\/2020\/08\/IMG_1353-768x576.jpeg 768w, https:\/\/www.intellectualsovereignty.ch\/wp-content\/uploads\/2020\/08\/IMG_1353-1536x1152.jpeg 1536w, https:\/\/www.intellectualsovereignty.ch\/wp-content\/uploads\/2020\/08\/IMG_1353-2048x1536.jpeg 2048w, https:\/\/www.intellectualsovereignty.ch\/wp-content\/uploads\/2020\/08\/IMG_1353-1870x1403.jpeg 1870w, https:\/\/www.intellectualsovereignty.ch\/wp-content\/uploads\/2020\/08\/IMG_1353-400x300.jpeg 400w, https:\/\/www.intellectualsovereignty.ch\/wp-content\/uploads\/2020\/08\/IMG_1353-800x600.jpeg 800w\" sizes=\"auto, (max-width: 1024px) 100vw, 1024px\" \/><\/figure>\n\n\n\n<figure class=\"wp-block-image size-large\"><img loading=\"lazy\" decoding=\"async\" width=\"768\" height=\"1024\" data-attachment-id=\"1338\" data-permalink=\"https:\/\/www.intellectualsovereignty.ch\/index.php\/2020\/08\/28\/hike-37-engstligenalp-laemmerenhuette-leukerbad\/img_1354\/\" data-orig-file=\"https:\/\/www.intellectualsovereignty.ch\/wp-content\/uploads\/2020\/08\/IMG_1354-scaled.jpeg\" data-orig-size=\"1920,2560\" data-comments-opened=\"0\" data-image-title=\"IMG_1354\" data-image-description=\"\" data-image-caption=\"\" data-large-file=\"https:\/\/www.intellectualsovereignty.ch\/wp-content\/uploads\/2020\/08\/IMG_1354-768x1024.jpeg\" data-id=\"1338\" src=\"https:\/\/www.intellectualsovereignty.ch\/wp-content\/uploads\/2020\/08\/IMG_1354-768x1024.jpeg\" alt=\"\" class=\"wp-image-1338\" srcset=\"https:\/\/www.intellectualsovereignty.ch\/wp-content\/uploads\/2020\/08\/IMG_1354-768x1024.jpeg 768w, https:\/\/www.intellectualsovereignty.ch\/wp-content\/uploads\/2020\/08\/IMG_1354-225x300.jpeg 225w, https:\/\/www.intellectualsovereignty.ch\/wp-content\/uploads\/2020\/08\/IMG_1354-1152x1536.jpeg 1152w, https:\/\/www.intellectualsovereignty.ch\/wp-content\/uploads\/2020\/08\/IMG_1354-1536x2048.jpeg 1536w, https:\/\/www.intellectualsovereignty.ch\/wp-content\/uploads\/2020\/08\/IMG_1354-1870x2493.jpeg 1870w, https:\/\/www.intellectualsovereignty.ch\/wp-content\/uploads\/2020\/08\/IMG_1354-400x533.jpeg 400w, https:\/\/www.intellectualsovereignty.ch\/wp-content\/uploads\/2020\/08\/IMG_1354-800x1067.jpeg 800w, https:\/\/www.intellectualsovereignty.ch\/wp-content\/uploads\/2020\/08\/IMG_1354-scaled.jpeg 1920w\" sizes=\"auto, (max-width: 768px) 100vw, 768px\" \/><\/figure>\n\n\n\n<figure class=\"wp-block-image size-large\"><img loading=\"lazy\" decoding=\"async\" width=\"1024\" height=\"2560\" data-attachment-id=\"1339\" data-permalink=\"https:\/\/www.intellectualsovereignty.ch\/index.php\/2020\/08\/28\/hike-37-engstligenalp-laemmerenhuette-leukerbad\/img_1356\/\" data-orig-file=\"https:\/\/www.intellectualsovereignty.ch\/wp-content\/uploads\/2020\/08\/IMG_1356-scaled.jpeg\" data-orig-size=\"1024,2560\" data-comments-opened=\"0\" data-image-title=\"IMG_1356\" data-image-description=\"\" data-image-caption=\"\" data-large-file=\"https:\/\/www.intellectualsovereignty.ch\/wp-content\/uploads\/2020\/08\/IMG_1356-410x1024.jpeg\" data-id=\"1339\" src=\"https:\/\/i0.wp.com\/www.intellectualsovereignty.ch\/wp-content\/uploads\/2020\/08\/IMG_1356-scaled.jpeg?fit=410%2C1024&amp;ssl=1\" alt=\"\" class=\"wp-image-1339\" srcset=\"https:\/\/www.intellectualsovereignty.ch\/wp-content\/uploads\/2020\/08\/IMG_1356-scaled.jpeg 1024w, https:\/\/www.intellectualsovereignty.ch\/wp-content\/uploads\/2020\/08\/IMG_1356-120x300.jpeg 120w, https:\/\/www.intellectualsovereignty.ch\/wp-content\/uploads\/2020\/08\/IMG_1356-410x1024.jpeg 410w, https:\/\/www.intellectualsovereignty.ch\/wp-content\/uploads\/2020\/08\/IMG_1356-768x1919.jpeg 768w, https:\/\/www.intellectualsovereignty.ch\/wp-content\/uploads\/2020\/08\/IMG_1356-819x2048.jpeg 819w, https:\/\/www.intellectualsovereignty.ch\/wp-content\/uploads\/2020\/08\/IMG_1356-1870x4673.jpeg 1870w, https:\/\/www.intellectualsovereignty.ch\/wp-content\/uploads\/2020\/08\/IMG_1356-400x1000.jpeg 400w, https:\/\/www.intellectualsovereignty.ch\/wp-content\/uploads\/2020\/08\/IMG_1356-800x1999.jpeg 800w\" sizes=\"auto, (max-width: 1024px) 100vw, 1024px\" \/><\/figure>\n\n\n\n<figure class=\"wp-block-image size-large\"><img loading=\"lazy\" decoding=\"async\" width=\"608\" height=\"1024\" data-attachment-id=\"1342\" data-permalink=\"https:\/\/www.intellectualsovereignty.ch\/index.php\/2020\/08\/28\/hike-37-engstligenalp-laemmerenhuette-leukerbad\/img_1359\/\" data-orig-file=\"https:\/\/www.intellectualsovereignty.ch\/wp-content\/uploads\/2020\/08\/IMG_1359-scaled.jpeg\" data-orig-size=\"1519,2560\" data-comments-opened=\"0\" data-image-title=\"IMG_1359\" data-image-description=\"\" data-image-caption=\"\" data-large-file=\"https:\/\/www.intellectualsovereignty.ch\/wp-content\/uploads\/2020\/08\/IMG_1359-608x1024.jpeg\" data-id=\"1342\" src=\"https:\/\/www.intellectualsovereignty.ch\/wp-content\/uploads\/2020\/08\/IMG_1359-608x1024.jpeg\" alt=\"\" class=\"wp-image-1342\" srcset=\"https:\/\/www.intellectualsovereignty.ch\/wp-content\/uploads\/2020\/08\/IMG_1359-608x1024.jpeg 608w, https:\/\/www.intellectualsovereignty.ch\/wp-content\/uploads\/2020\/08\/IMG_1359-178x300.jpeg 178w, https:\/\/www.intellectualsovereignty.ch\/wp-content\/uploads\/2020\/08\/IMG_1359-768x1294.jpeg 768w, https:\/\/www.intellectualsovereignty.ch\/wp-content\/uploads\/2020\/08\/IMG_1359-912x1536.jpeg 912w, https:\/\/www.intellectualsovereignty.ch\/wp-content\/uploads\/2020\/08\/IMG_1359-1215x2048.jpeg 1215w, https:\/\/www.intellectualsovereignty.ch\/wp-content\/uploads\/2020\/08\/IMG_1359-1870x3151.jpeg 1870w, https:\/\/www.intellectualsovereignty.ch\/wp-content\/uploads\/2020\/08\/IMG_1359-400x674.jpeg 400w, https:\/\/www.intellectualsovereignty.ch\/wp-content\/uploads\/2020\/08\/IMG_1359-800x1348.jpeg 800w, https:\/\/www.intellectualsovereignty.ch\/wp-content\/uploads\/2020\/08\/IMG_1359-scaled.jpeg 1519w\" sizes=\"auto, (max-width: 608px) 100vw, 608px\" \/><\/figure>\n\n\n\n<figure class=\"wp-block-image size-large\"><img loading=\"lazy\" decoding=\"async\" width=\"1024\" height=\"768\" data-attachment-id=\"1343\" data-permalink=\"https:\/\/www.intellectualsovereignty.ch\/index.php\/2020\/08\/28\/hike-37-engstligenalp-laemmerenhuette-leukerbad\/img_1360\/\" data-orig-file=\"https:\/\/www.intellectualsovereignty.ch\/wp-content\/uploads\/2020\/08\/IMG_1360-scaled.jpeg\" data-orig-size=\"2560,1920\" data-comments-opened=\"0\" data-image-title=\"IMG_1360\" data-image-description=\"\" data-image-caption=\"\" data-large-file=\"https:\/\/www.intellectualsovereignty.ch\/wp-content\/uploads\/2020\/08\/IMG_1360-1024x768.jpeg\" data-id=\"1343\" src=\"https:\/\/www.intellectualsovereignty.ch\/wp-content\/uploads\/2020\/08\/IMG_1360-1024x768.jpeg\" alt=\"\" class=\"wp-image-1343\" srcset=\"https:\/\/www.intellectualsovereignty.ch\/wp-content\/uploads\/2020\/08\/IMG_1360-1024x768.jpeg 1024w, https:\/\/www.intellectualsovereignty.ch\/wp-content\/uploads\/2020\/08\/IMG_1360-300x225.jpeg 300w, https:\/\/www.intellectualsovereignty.ch\/wp-content\/uploads\/2020\/08\/IMG_1360-768x576.jpeg 768w, https:\/\/www.intellectualsovereignty.ch\/wp-content\/uploads\/2020\/08\/IMG_1360-1536x1152.jpeg 1536w, https:\/\/www.intellectualsovereignty.ch\/wp-content\/uploads\/2020\/08\/IMG_1360-2048x1536.jpeg 2048w, https:\/\/www.intellectualsovereignty.ch\/wp-content\/uploads\/2020\/08\/IMG_1360-1870x1403.jpeg 1870w, https:\/\/www.intellectualsovereignty.ch\/wp-content\/uploads\/2020\/08\/IMG_1360-400x300.jpeg 400w, https:\/\/www.intellectualsovereignty.ch\/wp-content\/uploads\/2020\/08\/IMG_1360-800x600.jpeg 800w\" sizes=\"auto, (max-width: 1024px) 100vw, 1024px\" \/><\/figure>\n<\/figure>\n\n\n\n<hr class=\"wp-block-separator has-css-opacity\"\/>\n\n\n\n<p class=\"wp-block-paragraph\">Distanz: 18km<br>H\u00f6henmeter: 1\u2019215m hoch \/ 1&#8217;800m runter<br>Marschzeit: 5h15<br>GPS-Route:&nbsp;<a rel=\"noreferrer noopener\" href=\"https:\/\/map.schweizmobil.ch\/?lang=de&amp;photos=yes&amp;logo=yes&amp;season=summer&amp;bgLayer=pk&amp;resolution=8.08&amp;E=2612186&amp;N=1140420&amp;trackId=7466241\" target=\"_blank\">SchweizMobil<\/a><br>Beschrieb: <a rel=\"noreferrer noopener\" href=\"http:\/\/www.laemmerenhuette.ch\/index.php\/verhaeltnisse\" target=\"_blank\">L\u00e4mmerenh\u00fctte-Website<\/a> zu den aktuellen Verh\u00e4ltnissen (u.a. zur Querung des T\u00e4lligletschers)<\/p>\n\n\n[sgpx gpx=\/wp-content\/uploads\/gpx\/20200828_engstligenalplammerenhutteleukerbad.gpx ]\n","protected":false},"excerpt":{"rendered":"<p>Wenn schon, denn schon, dachte ich mir, als ich das miserable Wetter und damit wohl das Ende des Sommerwetters auf die letzten August-Tage hin angeschaut habe, jetzt nehme ich mir noch eine etwas anstrengendere Tour vor. So habe ich mich fr\u00fchmorgens heute Freitag aufgemacht nach Adelboden, um von der Engstligenalp \u00fcber \u00c4rtelen- und Entschligegrat zur [&hellip;]<\/p>\n","protected":false},"author":1,"featured_media":1344,"comment_status":"open","ping_status":"open","sticky":false,"template":"","format":"standard","meta":{"_jetpack_newsletter_access":"","_jetpack_dont_email_post_to_subs":false,"_jetpack_newsletter_tier_id":0,"_jetpack_memberships_contains_paywalled_content":false,"_spotmap_latitude":"","_spotmap_longitude":"","_jetpack_feature_clip_id":0,"_jetpack_memberships_contains_paid_content":false,"footnotes":"","jetpack_post_was_ever_published":false},"categories":[3],"tags":[],"class_list":["post-1264","post","type-post","status-publish","format-standard","has-post-thumbnail","hentry","category-hiking","has-thumbnail"],"jetpack_shortlink":"https:\/\/wp.me\/p9IwFN-ko","jetpack_likes_enabled":false,"jetpack_sharing_enabled":true,"jetpack_featured_media_url":"https:\/\/www.intellectualsovereignty.ch\/wp-content\/uploads\/2020\/08\/IMG_1311_cropped-scaled.jpeg","_links":{"self":[{"href":"https:\/\/www.intellectualsovereignty.ch\/index.php\/wp-json\/wp\/v2\/posts\/1264","targetHints":{"allow":["GET"]}}],"collection":[{"href":"https:\/\/www.intellectualsovereignty.ch\/index.php\/wp-json\/wp\/v2\/posts"}],"about":[{"href":"https:\/\/www.intellectualsovereignty.ch\/index.php\/wp-json\/wp\/v2\/types\/post"}],"author":[{"embeddable":true,"href":"https:\/\/www.intellectualsovereignty.ch\/index.php\/wp-json\/wp\/v2\/users\/1"}],"replies":[{"embeddable":true,"href":"https:\/\/www.intellectualsovereignty.ch\/index.php\/wp-json\/wp\/v2\/comments?post=1264"}],"version-history":[{"count":4,"href":"https:\/\/www.intellectualsovereignty.ch\/index.php\/wp-json\/wp\/v2\/posts\/1264\/revisions"}],"predecessor-version":[{"id":11388,"href":"https:\/\/www.intellectualsovereignty.ch\/index.php\/wp-json\/wp\/v2\/posts\/1264\/revisions\/11388"}],"wp:featuredmedia":[{"embeddable":true,"href":"https:\/\/www.intellectualsovereignty.ch\/index.php\/wp-json\/wp\/v2\/media\/1344"}],"wp:attachment":[{"href":"https:\/\/www.intellectualsovereignty.ch\/index.php\/wp-json\/wp\/v2\/media?parent=1264"}],"wp:term":[{"taxonomy":"category","embeddable":true,"href":"https:\/\/www.intellectualsovereignty.ch\/index.php\/wp-json\/wp\/v2\/categories?post=1264"},{"taxonomy":"post_tag","embeddable":true,"href":"https:\/\/www.intellectualsovereignty.ch\/index.php\/wp-json\/wp\/v2\/tags?post=1264"}],"curies":[{"name":"wp","href":"https:\/\/api.w.org\/{rel}","templated":true}]}}