{"id":11958,"date":"2023-07-08T15:56:30","date_gmt":"2023-07-08T13:56:30","guid":{"rendered":"https:\/\/www.intellectualsovereignty.ch\/?p=11958"},"modified":"2023-07-09T08:54:12","modified_gmt":"2023-07-09T06:54:12","slug":"hike81-fournet-blancheroche-la-cendree-bois-de-la-biche","status":"publish","type":"post","link":"https:\/\/www.intellectualsovereignty.ch\/index.php\/2023\/07\/08\/hike81-fournet-blancheroche-la-cendree-bois-de-la-biche\/","title":{"rendered":"Hike#81 \/ Fournet-Blancheroche &#8211; La Cendr\u00e9e &#8211; Bois de la Biche"},"content":{"rendered":"\n<p class=\"wp-block-paragraph\">Mit Bea verbringe ich ein paar Tage im franz\u00f6sischen Jura, und da lassen wir es uns nicht nehmen, einen Spaziergang in Richtung der leider geschlossenen Via Ferrata &#8220;Echelles de la mort&#8221; zu machen. Wir starten bei unserer h\u00fcbschen <a rel=\"noreferrer noopener\" href=\"https:\/\/chambres-hotes-lauthentique.com\" target=\"_blank\">Unterkunft in den B\u00e4umen<\/a> bei Blancheroche und folgen dem Grat oberhalb des Doubs bis zum Aussichtspunkt La Cendr\u00e9e. Auff\u00e4llig ist, dass der Fluss kaum fliesst und von starkem Algenwuchs gepr\u00e4gt ist, eine Folge des akuten Wassermangels seit 2020&#8230; den GR5 bei diesen Bedingungen zu begehen, ist aktuell wohl eher suboptimal.<\/p>\n\n\n\n<figure class=\"wp-block-gallery has-nested-images columns-default is-cropped wp-block-gallery-1 is-layout-flex wp-block-gallery-is-layout-flex\">\n<figure class=\"wp-block-image size-large\"><img loading=\"lazy\" decoding=\"async\" width=\"1024\" height=\"768\" data-attachment-id=\"11942\" data-permalink=\"https:\/\/www.intellectualsovereignty.ch\/index.php\/2023\/07\/08\/hike81-fournet-blancheroche-la-cendree-bois-de-la-biche\/img_3200-2\/\" data-orig-file=\"https:\/\/www.intellectualsovereignty.ch\/wp-content\/uploads\/2023\/07\/img_3200.jpg\" data-orig-size=\"2000,1500\" data-comments-opened=\"0\" data-image-title=\"img_3200\" data-image-description=\"\" data-image-caption=\"\" data-large-file=\"https:\/\/www.intellectualsovereignty.ch\/wp-content\/uploads\/2023\/07\/img_3200-1024x768.jpg\" data-id=\"11942\" src=\"https:\/\/www.intellectualsovereignty.ch\/wp-content\/uploads\/2023\/07\/img_3200-1024x768.jpg\" alt=\"\" class=\"wp-image-11942\" srcset=\"https:\/\/www.intellectualsovereignty.ch\/wp-content\/uploads\/2023\/07\/img_3200-1024x768.jpg 1024w, https:\/\/www.intellectualsovereignty.ch\/wp-content\/uploads\/2023\/07\/img_3200-300x225.jpg 300w, https:\/\/www.intellectualsovereignty.ch\/wp-content\/uploads\/2023\/07\/img_3200-768x576.jpg 768w, https:\/\/www.intellectualsovereignty.ch\/wp-content\/uploads\/2023\/07\/img_3200-1536x1152.jpg 1536w, https:\/\/www.intellectualsovereignty.ch\/wp-content\/uploads\/2023\/07\/img_3200-1870x1403.jpg 1870w, https:\/\/www.intellectualsovereignty.ch\/wp-content\/uploads\/2023\/07\/img_3200-400x300.jpg 400w, https:\/\/www.intellectualsovereignty.ch\/wp-content\/uploads\/2023\/07\/img_3200-800x600.jpg 800w, https:\/\/www.intellectualsovereignty.ch\/wp-content\/uploads\/2023\/07\/img_3200.jpg 2000w\" sizes=\"auto, (max-width: 1024px) 100vw, 1024px\" \/><\/figure>\n\n\n\n<figure class=\"wp-block-image size-large\"><img loading=\"lazy\" decoding=\"async\" width=\"768\" height=\"1024\" data-attachment-id=\"11940\" data-permalink=\"https:\/\/www.intellectualsovereignty.ch\/index.php\/2023\/07\/08\/hike81-fournet-blancheroche-la-cendree-bois-de-la-biche\/img_3201-2\/\" data-orig-file=\"https:\/\/www.intellectualsovereignty.ch\/wp-content\/uploads\/2023\/07\/img_3201.jpg\" data-orig-size=\"1500,2000\" data-comments-opened=\"0\" data-image-title=\"img_3201\" data-image-description=\"\" data-image-caption=\"\" data-large-file=\"https:\/\/www.intellectualsovereignty.ch\/wp-content\/uploads\/2023\/07\/img_3201-768x1024.jpg\" data-id=\"11940\" src=\"https:\/\/www.intellectualsovereignty.ch\/wp-content\/uploads\/2023\/07\/img_3201-768x1024.jpg\" alt=\"\" class=\"wp-image-11940\" srcset=\"https:\/\/www.intellectualsovereignty.ch\/wp-content\/uploads\/2023\/07\/img_3201-768x1024.jpg 768w, https:\/\/www.intellectualsovereignty.ch\/wp-content\/uploads\/2023\/07\/img_3201-225x300.jpg 225w, https:\/\/www.intellectualsovereignty.ch\/wp-content\/uploads\/2023\/07\/img_3201-1152x1536.jpg 1152w, https:\/\/www.intellectualsovereignty.ch\/wp-content\/uploads\/2023\/07\/img_3201-400x533.jpg 400w, https:\/\/www.intellectualsovereignty.ch\/wp-content\/uploads\/2023\/07\/img_3201-800x1067.jpg 800w, https:\/\/www.intellectualsovereignty.ch\/wp-content\/uploads\/2023\/07\/img_3201.jpg 1500w\" sizes=\"auto, (max-width: 768px) 100vw, 768px\" \/><\/figure>\n\n\n\n<figure class=\"wp-block-image size-large\"><img loading=\"lazy\" decoding=\"async\" width=\"768\" height=\"1024\" data-attachment-id=\"11943\" data-permalink=\"https:\/\/www.intellectualsovereignty.ch\/index.php\/2023\/07\/08\/hike81-fournet-blancheroche-la-cendree-bois-de-la-biche\/img_3202-2\/\" data-orig-file=\"https:\/\/www.intellectualsovereignty.ch\/wp-content\/uploads\/2023\/07\/img_3202.jpg\" data-orig-size=\"1500,2000\" data-comments-opened=\"0\" data-image-title=\"img_3202\" data-image-description=\"\" data-image-caption=\"\" data-large-file=\"https:\/\/www.intellectualsovereignty.ch\/wp-content\/uploads\/2023\/07\/img_3202-768x1024.jpg\" data-id=\"11943\" src=\"https:\/\/www.intellectualsovereignty.ch\/wp-content\/uploads\/2023\/07\/img_3202-768x1024.jpg\" alt=\"\" class=\"wp-image-11943\" srcset=\"https:\/\/www.intellectualsovereignty.ch\/wp-content\/uploads\/2023\/07\/img_3202-768x1024.jpg 768w, https:\/\/www.intellectualsovereignty.ch\/wp-content\/uploads\/2023\/07\/img_3202-225x300.jpg 225w, https:\/\/www.intellectualsovereignty.ch\/wp-content\/uploads\/2023\/07\/img_3202-1152x1536.jpg 1152w, https:\/\/www.intellectualsovereignty.ch\/wp-content\/uploads\/2023\/07\/img_3202-400x533.jpg 400w, https:\/\/www.intellectualsovereignty.ch\/wp-content\/uploads\/2023\/07\/img_3202-800x1067.jpg 800w, https:\/\/www.intellectualsovereignty.ch\/wp-content\/uploads\/2023\/07\/img_3202.jpg 1500w\" sizes=\"auto, (max-width: 768px) 100vw, 768px\" \/><\/figure>\n\n\n\n<figure class=\"wp-block-image size-large\"><img loading=\"lazy\" decoding=\"async\" width=\"1024\" height=\"412\" data-attachment-id=\"11941\" data-permalink=\"https:\/\/www.intellectualsovereignty.ch\/index.php\/2023\/07\/08\/hike81-fournet-blancheroche-la-cendree-bois-de-la-biche\/img_3204-2\/\" data-orig-file=\"https:\/\/www.intellectualsovereignty.ch\/wp-content\/uploads\/2023\/07\/img_3204.jpg\" data-orig-size=\"2000,804\" data-comments-opened=\"0\" data-image-title=\"img_3204\" data-image-description=\"\" data-image-caption=\"\" data-large-file=\"https:\/\/www.intellectualsovereignty.ch\/wp-content\/uploads\/2023\/07\/img_3204-1024x412.jpg\" data-id=\"11941\" src=\"https:\/\/www.intellectualsovereignty.ch\/wp-content\/uploads\/2023\/07\/img_3204-1024x412.jpg\" alt=\"\" class=\"wp-image-11941\" srcset=\"https:\/\/www.intellectualsovereignty.ch\/wp-content\/uploads\/2023\/07\/img_3204-1024x412.jpg 1024w, https:\/\/www.intellectualsovereignty.ch\/wp-content\/uploads\/2023\/07\/img_3204-300x121.jpg 300w, https:\/\/www.intellectualsovereignty.ch\/wp-content\/uploads\/2023\/07\/img_3204-768x309.jpg 768w, https:\/\/www.intellectualsovereignty.ch\/wp-content\/uploads\/2023\/07\/img_3204-1536x617.jpg 1536w, https:\/\/www.intellectualsovereignty.ch\/wp-content\/uploads\/2023\/07\/img_3204-1870x752.jpg 1870w, https:\/\/www.intellectualsovereignty.ch\/wp-content\/uploads\/2023\/07\/img_3204-400x161.jpg 400w, https:\/\/www.intellectualsovereignty.ch\/wp-content\/uploads\/2023\/07\/img_3204-800x322.jpg 800w, https:\/\/www.intellectualsovereignty.ch\/wp-content\/uploads\/2023\/07\/img_3204.jpg 2000w\" sizes=\"auto, (max-width: 1024px) 100vw, 1024px\" \/><\/figure>\n\n\n\n<figure class=\"wp-block-image size-large\"><img loading=\"lazy\" decoding=\"async\" width=\"768\" height=\"1024\" data-attachment-id=\"11944\" data-permalink=\"https:\/\/www.intellectualsovereignty.ch\/index.php\/2023\/07\/08\/hike81-fournet-blancheroche-la-cendree-bois-de-la-biche\/img_3205-2\/\" data-orig-file=\"https:\/\/www.intellectualsovereignty.ch\/wp-content\/uploads\/2023\/07\/img_3205.jpg\" data-orig-size=\"1500,2000\" data-comments-opened=\"0\" data-image-title=\"img_3205\" data-image-description=\"\" data-image-caption=\"\" data-large-file=\"https:\/\/www.intellectualsovereignty.ch\/wp-content\/uploads\/2023\/07\/img_3205-768x1024.jpg\" data-id=\"11944\" src=\"https:\/\/www.intellectualsovereignty.ch\/wp-content\/uploads\/2023\/07\/img_3205-768x1024.jpg\" alt=\"\" class=\"wp-image-11944\" srcset=\"https:\/\/www.intellectualsovereignty.ch\/wp-content\/uploads\/2023\/07\/img_3205-768x1024.jpg 768w, https:\/\/www.intellectualsovereignty.ch\/wp-content\/uploads\/2023\/07\/img_3205-225x300.jpg 225w, https:\/\/www.intellectualsovereignty.ch\/wp-content\/uploads\/2023\/07\/img_3205-1152x1536.jpg 1152w, https:\/\/www.intellectualsovereignty.ch\/wp-content\/uploads\/2023\/07\/img_3205-400x533.jpg 400w, https:\/\/www.intellectualsovereignty.ch\/wp-content\/uploads\/2023\/07\/img_3205-800x1067.jpg 800w, https:\/\/www.intellectualsovereignty.ch\/wp-content\/uploads\/2023\/07\/img_3205.jpg 1500w\" sizes=\"auto, (max-width: 768px) 100vw, 768px\" \/><\/figure>\n<\/figure>\n\n\n\n<p class=\"wp-block-paragraph\">Der Wanderweg ist kurzweilig und l\u00e4uft sich gut, ab und zu werden wir mit einem Aussichtspunkt belohnt. \ud83d\ude42<\/p>\n\n\n\n<figure class=\"wp-block-gallery has-nested-images columns-default is-cropped wp-block-gallery-2 is-layout-flex wp-block-gallery-is-layout-flex\">\n<figure class=\"wp-block-image size-large\"><img loading=\"lazy\" decoding=\"async\" width=\"1024\" height=\"768\" data-attachment-id=\"11945\" data-permalink=\"https:\/\/www.intellectualsovereignty.ch\/index.php\/2023\/07\/08\/hike81-fournet-blancheroche-la-cendree-bois-de-la-biche\/img_3206-2\/\" data-orig-file=\"https:\/\/www.intellectualsovereignty.ch\/wp-content\/uploads\/2023\/07\/img_3206.jpg\" data-orig-size=\"2000,1500\" data-comments-opened=\"0\" data-image-title=\"img_3206\" data-image-description=\"\" data-image-caption=\"\" data-large-file=\"https:\/\/www.intellectualsovereignty.ch\/wp-content\/uploads\/2023\/07\/img_3206-1024x768.jpg\" data-id=\"11945\" src=\"https:\/\/www.intellectualsovereignty.ch\/wp-content\/uploads\/2023\/07\/img_3206-1024x768.jpg\" alt=\"\" class=\"wp-image-11945\" srcset=\"https:\/\/www.intellectualsovereignty.ch\/wp-content\/uploads\/2023\/07\/img_3206-1024x768.jpg 1024w, https:\/\/www.intellectualsovereignty.ch\/wp-content\/uploads\/2023\/07\/img_3206-300x225.jpg 300w, https:\/\/www.intellectualsovereignty.ch\/wp-content\/uploads\/2023\/07\/img_3206-768x576.jpg 768w, https:\/\/www.intellectualsovereignty.ch\/wp-content\/uploads\/2023\/07\/img_3206-1536x1152.jpg 1536w, https:\/\/www.intellectualsovereignty.ch\/wp-content\/uploads\/2023\/07\/img_3206-1870x1403.jpg 1870w, https:\/\/www.intellectualsovereignty.ch\/wp-content\/uploads\/2023\/07\/img_3206-400x300.jpg 400w, https:\/\/www.intellectualsovereignty.ch\/wp-content\/uploads\/2023\/07\/img_3206-800x600.jpg 800w, https:\/\/www.intellectualsovereignty.ch\/wp-content\/uploads\/2023\/07\/img_3206.jpg 2000w\" sizes=\"auto, (max-width: 1024px) 100vw, 1024px\" \/><\/figure>\n\n\n\n<figure class=\"wp-block-image size-large\"><img loading=\"lazy\" decoding=\"async\" width=\"1024\" height=\"768\" data-attachment-id=\"11950\" data-permalink=\"https:\/\/www.intellectualsovereignty.ch\/index.php\/2023\/07\/08\/hike81-fournet-blancheroche-la-cendree-bois-de-la-biche\/img_3207-2\/\" data-orig-file=\"https:\/\/www.intellectualsovereignty.ch\/wp-content\/uploads\/2023\/07\/img_3207.jpg\" data-orig-size=\"2000,1500\" data-comments-opened=\"0\" data-image-title=\"img_3207\" data-image-description=\"\" data-image-caption=\"\" data-large-file=\"https:\/\/www.intellectualsovereignty.ch\/wp-content\/uploads\/2023\/07\/img_3207-1024x768.jpg\" data-id=\"11950\" src=\"https:\/\/www.intellectualsovereignty.ch\/wp-content\/uploads\/2023\/07\/img_3207-1024x768.jpg\" alt=\"\" class=\"wp-image-11950\" srcset=\"https:\/\/www.intellectualsovereignty.ch\/wp-content\/uploads\/2023\/07\/img_3207-1024x768.jpg 1024w, https:\/\/www.intellectualsovereignty.ch\/wp-content\/uploads\/2023\/07\/img_3207-300x225.jpg 300w, https:\/\/www.intellectualsovereignty.ch\/wp-content\/uploads\/2023\/07\/img_3207-768x576.jpg 768w, https:\/\/www.intellectualsovereignty.ch\/wp-content\/uploads\/2023\/07\/img_3207-1536x1152.jpg 1536w, https:\/\/www.intellectualsovereignty.ch\/wp-content\/uploads\/2023\/07\/img_3207-1870x1403.jpg 1870w, https:\/\/www.intellectualsovereignty.ch\/wp-content\/uploads\/2023\/07\/img_3207-400x300.jpg 400w, https:\/\/www.intellectualsovereignty.ch\/wp-content\/uploads\/2023\/07\/img_3207-800x600.jpg 800w, https:\/\/www.intellectualsovereignty.ch\/wp-content\/uploads\/2023\/07\/img_3207.jpg 2000w\" sizes=\"auto, (max-width: 1024px) 100vw, 1024px\" \/><\/figure>\n\n\n\n<figure class=\"wp-block-image size-large\"><img loading=\"lazy\" decoding=\"async\" width=\"1024\" height=\"768\" data-attachment-id=\"11949\" data-permalink=\"https:\/\/www.intellectualsovereignty.ch\/index.php\/2023\/07\/08\/hike81-fournet-blancheroche-la-cendree-bois-de-la-biche\/img_3208-2\/\" data-orig-file=\"https:\/\/www.intellectualsovereignty.ch\/wp-content\/uploads\/2023\/07\/img_3208.jpg\" data-orig-size=\"2000,1500\" data-comments-opened=\"0\" data-image-title=\"img_3208\" data-image-description=\"\" data-image-caption=\"\" data-large-file=\"https:\/\/www.intellectualsovereignty.ch\/wp-content\/uploads\/2023\/07\/img_3208-1024x768.jpg\" data-id=\"11949\" src=\"https:\/\/www.intellectualsovereignty.ch\/wp-content\/uploads\/2023\/07\/img_3208-1024x768.jpg\" alt=\"\" class=\"wp-image-11949\" srcset=\"https:\/\/www.intellectualsovereignty.ch\/wp-content\/uploads\/2023\/07\/img_3208-1024x768.jpg 1024w, https:\/\/www.intellectualsovereignty.ch\/wp-content\/uploads\/2023\/07\/img_3208-300x225.jpg 300w, https:\/\/www.intellectualsovereignty.ch\/wp-content\/uploads\/2023\/07\/img_3208-768x576.jpg 768w, https:\/\/www.intellectualsovereignty.ch\/wp-content\/uploads\/2023\/07\/img_3208-1536x1152.jpg 1536w, https:\/\/www.intellectualsovereignty.ch\/wp-content\/uploads\/2023\/07\/img_3208-1870x1403.jpg 1870w, https:\/\/www.intellectualsovereignty.ch\/wp-content\/uploads\/2023\/07\/img_3208-400x300.jpg 400w, https:\/\/www.intellectualsovereignty.ch\/wp-content\/uploads\/2023\/07\/img_3208-800x600.jpg 800w, https:\/\/www.intellectualsovereignty.ch\/wp-content\/uploads\/2023\/07\/img_3208.jpg 2000w\" sizes=\"auto, (max-width: 1024px) 100vw, 1024px\" \/><\/figure>\n\n\n\n<figure class=\"wp-block-image size-large\"><img loading=\"lazy\" decoding=\"async\" width=\"768\" height=\"1024\" data-attachment-id=\"11946\" data-permalink=\"https:\/\/www.intellectualsovereignty.ch\/index.php\/2023\/07\/08\/hike81-fournet-blancheroche-la-cendree-bois-de-la-biche\/img_3209-2\/\" data-orig-file=\"https:\/\/www.intellectualsovereignty.ch\/wp-content\/uploads\/2023\/07\/img_3209.jpg\" data-orig-size=\"1500,2000\" data-comments-opened=\"0\" data-image-title=\"img_3209\" data-image-description=\"\" data-image-caption=\"\" data-large-file=\"https:\/\/www.intellectualsovereignty.ch\/wp-content\/uploads\/2023\/07\/img_3209-768x1024.jpg\" data-id=\"11946\" src=\"https:\/\/www.intellectualsovereignty.ch\/wp-content\/uploads\/2023\/07\/img_3209-768x1024.jpg\" alt=\"\" class=\"wp-image-11946\" srcset=\"https:\/\/www.intellectualsovereignty.ch\/wp-content\/uploads\/2023\/07\/img_3209-768x1024.jpg 768w, https:\/\/www.intellectualsovereignty.ch\/wp-content\/uploads\/2023\/07\/img_3209-225x300.jpg 225w, https:\/\/www.intellectualsovereignty.ch\/wp-content\/uploads\/2023\/07\/img_3209-1152x1536.jpg 1152w, https:\/\/www.intellectualsovereignty.ch\/wp-content\/uploads\/2023\/07\/img_3209-400x533.jpg 400w, https:\/\/www.intellectualsovereignty.ch\/wp-content\/uploads\/2023\/07\/img_3209-800x1067.jpg 800w, https:\/\/www.intellectualsovereignty.ch\/wp-content\/uploads\/2023\/07\/img_3209.jpg 1500w\" sizes=\"auto, (max-width: 768px) 100vw, 768px\" \/><\/figure>\n\n\n\n<figure class=\"wp-block-image size-large\"><img loading=\"lazy\" decoding=\"async\" width=\"1024\" height=\"768\" data-attachment-id=\"11948\" data-permalink=\"https:\/\/www.intellectualsovereignty.ch\/index.php\/2023\/07\/08\/hike81-fournet-blancheroche-la-cendree-bois-de-la-biche\/img_3210\/\" data-orig-file=\"https:\/\/www.intellectualsovereignty.ch\/wp-content\/uploads\/2023\/07\/img_3210.jpg\" data-orig-size=\"2000,1500\" data-comments-opened=\"0\" data-image-title=\"img_3210\" data-image-description=\"\" data-image-caption=\"\" data-large-file=\"https:\/\/www.intellectualsovereignty.ch\/wp-content\/uploads\/2023\/07\/img_3210-1024x768.jpg\" data-id=\"11948\" src=\"https:\/\/www.intellectualsovereignty.ch\/wp-content\/uploads\/2023\/07\/img_3210-1024x768.jpg\" alt=\"\" class=\"wp-image-11948\" srcset=\"https:\/\/www.intellectualsovereignty.ch\/wp-content\/uploads\/2023\/07\/img_3210-1024x768.jpg 1024w, https:\/\/www.intellectualsovereignty.ch\/wp-content\/uploads\/2023\/07\/img_3210-300x225.jpg 300w, https:\/\/www.intellectualsovereignty.ch\/wp-content\/uploads\/2023\/07\/img_3210-768x576.jpg 768w, https:\/\/www.intellectualsovereignty.ch\/wp-content\/uploads\/2023\/07\/img_3210-1536x1152.jpg 1536w, https:\/\/www.intellectualsovereignty.ch\/wp-content\/uploads\/2023\/07\/img_3210-1870x1403.jpg 1870w, https:\/\/www.intellectualsovereignty.ch\/wp-content\/uploads\/2023\/07\/img_3210-400x300.jpg 400w, https:\/\/www.intellectualsovereignty.ch\/wp-content\/uploads\/2023\/07\/img_3210-800x600.jpg 800w, https:\/\/www.intellectualsovereignty.ch\/wp-content\/uploads\/2023\/07\/img_3210.jpg 2000w\" sizes=\"auto, (max-width: 1024px) 100vw, 1024px\" \/><\/figure>\n\n\n\n<figure class=\"wp-block-image size-large\"><img loading=\"lazy\" decoding=\"async\" width=\"1024\" height=\"768\" data-attachment-id=\"11947\" data-permalink=\"https:\/\/www.intellectualsovereignty.ch\/index.php\/2023\/07\/08\/hike81-fournet-blancheroche-la-cendree-bois-de-la-biche\/img_3211\/\" data-orig-file=\"https:\/\/www.intellectualsovereignty.ch\/wp-content\/uploads\/2023\/07\/img_3211.jpg\" data-orig-size=\"2000,1500\" data-comments-opened=\"0\" data-image-title=\"img_3211\" data-image-description=\"\" data-image-caption=\"\" data-large-file=\"https:\/\/www.intellectualsovereignty.ch\/wp-content\/uploads\/2023\/07\/img_3211-1024x768.jpg\" data-id=\"11947\" src=\"https:\/\/www.intellectualsovereignty.ch\/wp-content\/uploads\/2023\/07\/img_3211-1024x768.jpg\" alt=\"\" class=\"wp-image-11947\" srcset=\"https:\/\/www.intellectualsovereignty.ch\/wp-content\/uploads\/2023\/07\/img_3211-1024x768.jpg 1024w, https:\/\/www.intellectualsovereignty.ch\/wp-content\/uploads\/2023\/07\/img_3211-300x225.jpg 300w, https:\/\/www.intellectualsovereignty.ch\/wp-content\/uploads\/2023\/07\/img_3211-768x576.jpg 768w, https:\/\/www.intellectualsovereignty.ch\/wp-content\/uploads\/2023\/07\/img_3211-1536x1152.jpg 1536w, https:\/\/www.intellectualsovereignty.ch\/wp-content\/uploads\/2023\/07\/img_3211-1870x1403.jpg 1870w, https:\/\/www.intellectualsovereignty.ch\/wp-content\/uploads\/2023\/07\/img_3211-400x300.jpg 400w, https:\/\/www.intellectualsovereignty.ch\/wp-content\/uploads\/2023\/07\/img_3211-800x600.jpg 800w, https:\/\/www.intellectualsovereignty.ch\/wp-content\/uploads\/2023\/07\/img_3211.jpg 2000w\" sizes=\"auto, (max-width: 1024px) 100vw, 1024px\" \/><\/figure>\n<\/figure>\n\n\n\n<p class=\"wp-block-paragraph\">Beim etwas gestopften Feinschmecker-Restaurant Bois de la Biche kehren wir kurz ein und machen uns danach wieder auf den R\u00fcckweg. F\u00fcr den Abend sind starke Gewitter angesagt, das wird lustig!<\/p>\n\n\n\n<figure class=\"wp-block-gallery has-nested-images columns-default is-cropped wp-block-gallery-3 is-layout-flex wp-block-gallery-is-layout-flex\">\n<figure class=\"wp-block-image size-large\"><img loading=\"lazy\" decoding=\"async\" width=\"1024\" height=\"768\" data-attachment-id=\"11951\" data-permalink=\"https:\/\/www.intellectualsovereignty.ch\/index.php\/2023\/07\/08\/hike81-fournet-blancheroche-la-cendree-bois-de-la-biche\/img_3212\/\" data-orig-file=\"https:\/\/www.intellectualsovereignty.ch\/wp-content\/uploads\/2023\/07\/img_3212.jpg\" data-orig-size=\"2000,1500\" data-comments-opened=\"0\" data-image-title=\"img_3212\" data-image-description=\"\" data-image-caption=\"\" data-large-file=\"https:\/\/www.intellectualsovereignty.ch\/wp-content\/uploads\/2023\/07\/img_3212-1024x768.jpg\" data-id=\"11951\" src=\"https:\/\/www.intellectualsovereignty.ch\/wp-content\/uploads\/2023\/07\/img_3212-1024x768.jpg\" alt=\"\" class=\"wp-image-11951\" srcset=\"https:\/\/www.intellectualsovereignty.ch\/wp-content\/uploads\/2023\/07\/img_3212-1024x768.jpg 1024w, https:\/\/www.intellectualsovereignty.ch\/wp-content\/uploads\/2023\/07\/img_3212-300x225.jpg 300w, https:\/\/www.intellectualsovereignty.ch\/wp-content\/uploads\/2023\/07\/img_3212-768x576.jpg 768w, https:\/\/www.intellectualsovereignty.ch\/wp-content\/uploads\/2023\/07\/img_3212-1536x1152.jpg 1536w, https:\/\/www.intellectualsovereignty.ch\/wp-content\/uploads\/2023\/07\/img_3212-1870x1403.jpg 1870w, https:\/\/www.intellectualsovereignty.ch\/wp-content\/uploads\/2023\/07\/img_3212-400x300.jpg 400w, https:\/\/www.intellectualsovereignty.ch\/wp-content\/uploads\/2023\/07\/img_3212-800x600.jpg 800w, https:\/\/www.intellectualsovereignty.ch\/wp-content\/uploads\/2023\/07\/img_3212.jpg 2000w\" sizes=\"auto, (max-width: 1024px) 100vw, 1024px\" \/><\/figure>\n\n\n\n<figure class=\"wp-block-image size-large\"><img loading=\"lazy\" decoding=\"async\" width=\"768\" height=\"1024\" data-attachment-id=\"11952\" data-permalink=\"https:\/\/www.intellectualsovereignty.ch\/index.php\/2023\/07\/08\/hike81-fournet-blancheroche-la-cendree-bois-de-la-biche\/img_3213\/\" data-orig-file=\"https:\/\/www.intellectualsovereignty.ch\/wp-content\/uploads\/2023\/07\/img_3213.jpg\" data-orig-size=\"1500,2000\" data-comments-opened=\"0\" data-image-title=\"img_3213\" data-image-description=\"\" data-image-caption=\"\" data-large-file=\"https:\/\/www.intellectualsovereignty.ch\/wp-content\/uploads\/2023\/07\/img_3213-768x1024.jpg\" data-id=\"11952\" src=\"https:\/\/www.intellectualsovereignty.ch\/wp-content\/uploads\/2023\/07\/img_3213-768x1024.jpg\" alt=\"\" class=\"wp-image-11952\" srcset=\"https:\/\/www.intellectualsovereignty.ch\/wp-content\/uploads\/2023\/07\/img_3213-768x1024.jpg 768w, https:\/\/www.intellectualsovereignty.ch\/wp-content\/uploads\/2023\/07\/img_3213-225x300.jpg 225w, https:\/\/www.intellectualsovereignty.ch\/wp-content\/uploads\/2023\/07\/img_3213-1152x1536.jpg 1152w, https:\/\/www.intellectualsovereignty.ch\/wp-content\/uploads\/2023\/07\/img_3213-400x533.jpg 400w, https:\/\/www.intellectualsovereignty.ch\/wp-content\/uploads\/2023\/07\/img_3213-800x1067.jpg 800w, https:\/\/www.intellectualsovereignty.ch\/wp-content\/uploads\/2023\/07\/img_3213.jpg 1500w\" sizes=\"auto, (max-width: 768px) 100vw, 768px\" \/><\/figure>\n\n\n\n<figure class=\"wp-block-image size-large\"><img loading=\"lazy\" decoding=\"async\" width=\"768\" height=\"1024\" data-attachment-id=\"11954\" data-permalink=\"https:\/\/www.intellectualsovereignty.ch\/index.php\/2023\/07\/08\/hike81-fournet-blancheroche-la-cendree-bois-de-la-biche\/img_3215\/\" data-orig-file=\"https:\/\/www.intellectualsovereignty.ch\/wp-content\/uploads\/2023\/07\/img_3215.jpg\" data-orig-size=\"1500,2000\" data-comments-opened=\"0\" data-image-title=\"img_3215\" data-image-description=\"\" data-image-caption=\"\" data-large-file=\"https:\/\/www.intellectualsovereignty.ch\/wp-content\/uploads\/2023\/07\/img_3215-768x1024.jpg\" data-id=\"11954\" src=\"https:\/\/www.intellectualsovereignty.ch\/wp-content\/uploads\/2023\/07\/img_3215-768x1024.jpg\" alt=\"\" class=\"wp-image-11954\" srcset=\"https:\/\/www.intellectualsovereignty.ch\/wp-content\/uploads\/2023\/07\/img_3215-768x1024.jpg 768w, https:\/\/www.intellectualsovereignty.ch\/wp-content\/uploads\/2023\/07\/img_3215-225x300.jpg 225w, https:\/\/www.intellectualsovereignty.ch\/wp-content\/uploads\/2023\/07\/img_3215-1152x1536.jpg 1152w, https:\/\/www.intellectualsovereignty.ch\/wp-content\/uploads\/2023\/07\/img_3215-400x533.jpg 400w, https:\/\/www.intellectualsovereignty.ch\/wp-content\/uploads\/2023\/07\/img_3215-800x1067.jpg 800w, https:\/\/www.intellectualsovereignty.ch\/wp-content\/uploads\/2023\/07\/img_3215.jpg 1500w\" sizes=\"auto, (max-width: 768px) 100vw, 768px\" \/><\/figure>\n\n\n\n<figure class=\"wp-block-image size-large\"><img loading=\"lazy\" decoding=\"async\" width=\"768\" height=\"1024\" data-attachment-id=\"11953\" data-permalink=\"https:\/\/www.intellectualsovereignty.ch\/index.php\/2023\/07\/08\/hike81-fournet-blancheroche-la-cendree-bois-de-la-biche\/img_3216\/\" data-orig-file=\"https:\/\/www.intellectualsovereignty.ch\/wp-content\/uploads\/2023\/07\/img_3216.jpg\" data-orig-size=\"1500,2000\" data-comments-opened=\"0\" data-image-title=\"img_3216\" data-image-description=\"\" data-image-caption=\"\" data-large-file=\"https:\/\/www.intellectualsovereignty.ch\/wp-content\/uploads\/2023\/07\/img_3216-768x1024.jpg\" data-id=\"11953\" src=\"https:\/\/www.intellectualsovereignty.ch\/wp-content\/uploads\/2023\/07\/img_3216-768x1024.jpg\" alt=\"\" class=\"wp-image-11953\" srcset=\"https:\/\/www.intellectualsovereignty.ch\/wp-content\/uploads\/2023\/07\/img_3216-768x1024.jpg 768w, https:\/\/www.intellectualsovereignty.ch\/wp-content\/uploads\/2023\/07\/img_3216-225x300.jpg 225w, https:\/\/www.intellectualsovereignty.ch\/wp-content\/uploads\/2023\/07\/img_3216-1152x1536.jpg 1152w, https:\/\/www.intellectualsovereignty.ch\/wp-content\/uploads\/2023\/07\/img_3216-400x533.jpg 400w, https:\/\/www.intellectualsovereignty.ch\/wp-content\/uploads\/2023\/07\/img_3216-800x1067.jpg 800w, https:\/\/www.intellectualsovereignty.ch\/wp-content\/uploads\/2023\/07\/img_3216.jpg 1500w\" sizes=\"auto, (max-width: 768px) 100vw, 768px\" \/><\/figure>\n<\/figure>\n\n\n\n<hr class=\"wp-block-separator has-alpha-channel-opacity\"\/>\n\n\n\n<p class=\"wp-block-paragraph\">Distanz: 8.2km<br>H\u00f6henmeter: 290m<br>Marschzeit: 2h25<br>GPS-Route:\u00a0k.A.<br>Beschrieb:\u00a0Via Ferrata <a href=\"https:\/\/www.pays-horloger.com\/echelles-de-la-mort\/\" target=\"_blank\" rel=\"noreferrer noopener\">Echelles de la mort<\/a><\/p>\n\n\n\n<figure class=\"wp-block-image size-large\"><img loading=\"lazy\" decoding=\"async\" width=\"300\" height=\"225\" data-attachment-id=\"11957\" data-permalink=\"https:\/\/www.intellectualsovereignty.ch\/index.php\/2023\/07\/08\/hike81-fournet-blancheroche-la-cendree-bois-de-la-biche\/image-8\/\" data-orig-file=\"https:\/\/www.intellectualsovereignty.ch\/wp-content\/uploads\/2023\/07\/image.jpg\" data-orig-size=\"1023,767\" data-comments-opened=\"0\" data-image-title=\"image\" data-image-description=\"\" data-image-caption=\"\" data-large-file=\"https:\/\/www.intellectualsovereignty.ch\/wp-content\/uploads\/2023\/07\/image.jpg\" src=\"https:\/\/www.intellectualsovereignty.ch\/wp-content\/uploads\/2023\/07\/image-300x225.jpg\" alt=\"\" class=\"wp-image-11957\" srcset=\"https:\/\/www.intellectualsovereignty.ch\/wp-content\/uploads\/2023\/07\/image-300x225.jpg 300w, https:\/\/www.intellectualsovereignty.ch\/wp-content\/uploads\/2023\/07\/image-768x576.jpg 768w, https:\/\/www.intellectualsovereignty.ch\/wp-content\/uploads\/2023\/07\/image-400x300.jpg 400w, https:\/\/www.intellectualsovereignty.ch\/wp-content\/uploads\/2023\/07\/image-800x600.jpg 800w, https:\/\/www.intellectualsovereignty.ch\/wp-content\/uploads\/2023\/07\/image.jpg 1023w\" sizes=\"auto, (max-width: 300px) 100vw, 300px\" \/><figcaption class=\"wp-element-caption\">Foto der franz\u00f6sischen IGN Karte des Gebiets (Nummer leider vergessen)<\/figcaption><\/figure>\n\n\n[sgpx gpx=\/wp-content\/uploads\/gpx\/2023-07-07_10-53-13_gc_11506757784.gpx ]\n","protected":false},"excerpt":{"rendered":"<p>Mit Bea verbringe ich ein paar Tage im franz\u00f6sischen Jura, und da lassen wir es uns nicht nehmen, einen Spaziergang in Richtung der leider geschlossenen Via Ferrata &#8220;Echelles de la mort&#8221; zu machen. Wir starten bei unserer h\u00fcbschen Unterkunft in den B\u00e4umen bei Blancheroche und folgen dem Grat oberhalb des Doubs bis zum Aussichtspunkt La [&hellip;]<\/p>\n","protected":false},"author":1,"featured_media":11955,"comment_status":"open","ping_status":"open","sticky":false,"template":"","format":"standard","meta":{"_jetpack_newsletter_access":"","_jetpack_dont_email_post_to_subs":false,"_jetpack_newsletter_tier_id":0,"_jetpack_memberships_contains_paywalled_content":false,"_spotmap_latitude":"","_spotmap_longitude":"","_jetpack_feature_clip_id":0,"_jetpack_memberships_contains_paid_content":false,"footnotes":"","jetpack_post_was_ever_published":false},"categories":[3],"tags":[],"class_list":["post-11958","post","type-post","status-publish","format-standard","has-post-thumbnail","hentry","category-hiking","has-thumbnail"],"jetpack_shortlink":"https:\/\/wp.me\/p9IwFN-36S","jetpack_likes_enabled":false,"jetpack_sharing_enabled":true,"jetpack_featured_media_url":"https:\/\/www.intellectualsovereignty.ch\/wp-content\/uploads\/2023\/07\/img_3203.jpg","_links":{"self":[{"href":"https:\/\/www.intellectualsovereignty.ch\/index.php\/wp-json\/wp\/v2\/posts\/11958","targetHints":{"allow":["GET"]}}],"collection":[{"href":"https:\/\/www.intellectualsovereignty.ch\/index.php\/wp-json\/wp\/v2\/posts"}],"about":[{"href":"https:\/\/www.intellectualsovereignty.ch\/index.php\/wp-json\/wp\/v2\/types\/post"}],"author":[{"embeddable":true,"href":"https:\/\/www.intellectualsovereignty.ch\/index.php\/wp-json\/wp\/v2\/users\/1"}],"replies":[{"embeddable":true,"href":"https:\/\/www.intellectualsovereignty.ch\/index.php\/wp-json\/wp\/v2\/comments?post=11958"}],"version-history":[{"count":2,"href":"https:\/\/www.intellectualsovereignty.ch\/index.php\/wp-json\/wp\/v2\/posts\/11958\/revisions"}],"predecessor-version":[{"id":11961,"href":"https:\/\/www.intellectualsovereignty.ch\/index.php\/wp-json\/wp\/v2\/posts\/11958\/revisions\/11961"}],"wp:featuredmedia":[{"embeddable":true,"href":"https:\/\/www.intellectualsovereignty.ch\/index.php\/wp-json\/wp\/v2\/media\/11955"}],"wp:attachment":[{"href":"https:\/\/www.intellectualsovereignty.ch\/index.php\/wp-json\/wp\/v2\/media?parent=11958"}],"wp:term":[{"taxonomy":"category","embeddable":true,"href":"https:\/\/www.intellectualsovereignty.ch\/index.php\/wp-json\/wp\/v2\/categories?post=11958"},{"taxonomy":"post_tag","embeddable":true,"href":"https:\/\/www.intellectualsovereignty.ch\/index.php\/wp-json\/wp\/v2\/tags?post=11958"}],"curies":[{"name":"wp","href":"https:\/\/api.w.org\/{rel}","templated":true}]}}