{"id":11784,"date":"2022-10-23T16:34:43","date_gmt":"2022-10-23T14:34:43","guid":{"rendered":"https:\/\/www.intellectualsovereignty.ch\/?p=11784"},"modified":"2022-10-23T16:36:08","modified_gmt":"2022-10-23T14:36:08","slug":"hike78-gurnigel-pfyffe-zollhaus","status":"publish","type":"post","link":"https:\/\/www.intellectualsovereignty.ch\/index.php\/2022\/10\/23\/hike78-gurnigel-pfyffe-zollhaus\/","title":{"rendered":"Hike#78 \/ Gurnigel &#8211; Pfyffe &#8211; Zollhaus"},"content":{"rendered":"\n<p class=\"wp-block-paragraph\">Heute Sonntag in der Fr\u00fch gebe ich mein Comeback in den Schweizer Voralpen, bin gespannt, ob meine Beinchen nach rund anderthalb Monaten Erholung aufm Trail noch funktionieren. Darum geht&#8217;s heute nicht allzu deftig ans Eingemachte, ich nehme mir eine vor langer Zeit ins Auge gefasste Tour im Gantrisch-Gebiet vor. Mit dem Postauto fahre ich ab Thurnen im G\u00fcrbetal hoch zur Wasserscheide und marschiere los. Im S\u00fcden noch leicht vernebelt die Gantrischkette, vor mir in stetem Auf und Ab der sehr einfache Wanderweg in Richtung Freiburgerland. Nach unter einer Stunde erreiche ich den G\u00e4ggerst\u00e4g, eine in einem von Sturm Lothar stark besch\u00e4digten Waldgebiet gebaute, wirr erscheinende Holzbr\u00fccken-Konstruktion.<\/p>\n\n\n\n<figure class=\"wp-block-gallery has-nested-images columns-default is-cropped wp-block-gallery-1 is-layout-flex wp-block-gallery-is-layout-flex\">\n<figure class=\"wp-block-image size-large\"><img loading=\"lazy\" decoding=\"async\" width=\"1024\" height=\"768\" data-attachment-id=\"11764\" data-permalink=\"https:\/\/www.intellectualsovereignty.ch\/index.php\/2022\/10\/23\/hike78-gurnigel-pfyffe-zollhaus\/img_2530\/\" data-orig-file=\"https:\/\/www.intellectualsovereignty.ch\/wp-content\/uploads\/2022\/10\/img_2530.jpg\" data-orig-size=\"2000,1500\" data-comments-opened=\"0\" data-image-title=\"img_2530\" data-image-description=\"\" data-image-caption=\"\" data-large-file=\"https:\/\/www.intellectualsovereignty.ch\/wp-content\/uploads\/2022\/10\/img_2530-1024x768.jpg\" data-id=\"11764\" src=\"https:\/\/www.intellectualsovereignty.ch\/wp-content\/uploads\/2022\/10\/img_2530-1024x768.jpg\" alt=\"\" class=\"wp-image-11764\" srcset=\"https:\/\/www.intellectualsovereignty.ch\/wp-content\/uploads\/2022\/10\/img_2530-1024x768.jpg 1024w, https:\/\/www.intellectualsovereignty.ch\/wp-content\/uploads\/2022\/10\/img_2530-300x225.jpg 300w, https:\/\/www.intellectualsovereignty.ch\/wp-content\/uploads\/2022\/10\/img_2530-768x576.jpg 768w, https:\/\/www.intellectualsovereignty.ch\/wp-content\/uploads\/2022\/10\/img_2530-1536x1152.jpg 1536w, https:\/\/www.intellectualsovereignty.ch\/wp-content\/uploads\/2022\/10\/img_2530-1870x1403.jpg 1870w, https:\/\/www.intellectualsovereignty.ch\/wp-content\/uploads\/2022\/10\/img_2530-400x300.jpg 400w, https:\/\/www.intellectualsovereignty.ch\/wp-content\/uploads\/2022\/10\/img_2530-800x600.jpg 800w, https:\/\/www.intellectualsovereignty.ch\/wp-content\/uploads\/2022\/10\/img_2530.jpg 2000w\" sizes=\"auto, (max-width: 1024px) 100vw, 1024px\" \/><\/figure>\n\n\n\n<figure class=\"wp-block-image size-large\"><img loading=\"lazy\" decoding=\"async\" width=\"768\" height=\"1024\" data-attachment-id=\"11765\" data-permalink=\"https:\/\/www.intellectualsovereignty.ch\/index.php\/2022\/10\/23\/hike78-gurnigel-pfyffe-zollhaus\/img_2531\/\" data-orig-file=\"https:\/\/www.intellectualsovereignty.ch\/wp-content\/uploads\/2022\/10\/img_2531.jpg\" data-orig-size=\"1500,2000\" data-comments-opened=\"0\" data-image-title=\"img_2531\" data-image-description=\"\" data-image-caption=\"\" data-large-file=\"https:\/\/www.intellectualsovereignty.ch\/wp-content\/uploads\/2022\/10\/img_2531-768x1024.jpg\" data-id=\"11765\" src=\"https:\/\/www.intellectualsovereignty.ch\/wp-content\/uploads\/2022\/10\/img_2531-768x1024.jpg\" alt=\"\" class=\"wp-image-11765\" srcset=\"https:\/\/www.intellectualsovereignty.ch\/wp-content\/uploads\/2022\/10\/img_2531-768x1024.jpg 768w, https:\/\/www.intellectualsovereignty.ch\/wp-content\/uploads\/2022\/10\/img_2531-225x300.jpg 225w, https:\/\/www.intellectualsovereignty.ch\/wp-content\/uploads\/2022\/10\/img_2531-1152x1536.jpg 1152w, https:\/\/www.intellectualsovereignty.ch\/wp-content\/uploads\/2022\/10\/img_2531-400x533.jpg 400w, https:\/\/www.intellectualsovereignty.ch\/wp-content\/uploads\/2022\/10\/img_2531-800x1067.jpg 800w, https:\/\/www.intellectualsovereignty.ch\/wp-content\/uploads\/2022\/10\/img_2531.jpg 1500w\" sizes=\"auto, (max-width: 768px) 100vw, 768px\" \/><\/figure>\n\n\n\n<figure class=\"wp-block-image size-large\"><img loading=\"lazy\" decoding=\"async\" width=\"1024\" height=\"768\" data-attachment-id=\"11766\" data-permalink=\"https:\/\/www.intellectualsovereignty.ch\/index.php\/2022\/10\/23\/hike78-gurnigel-pfyffe-zollhaus\/img_2532\/\" data-orig-file=\"https:\/\/www.intellectualsovereignty.ch\/wp-content\/uploads\/2022\/10\/img_2532.jpg\" data-orig-size=\"2000,1500\" data-comments-opened=\"0\" data-image-title=\"img_2532\" data-image-description=\"\" data-image-caption=\"\" data-large-file=\"https:\/\/www.intellectualsovereignty.ch\/wp-content\/uploads\/2022\/10\/img_2532-1024x768.jpg\" data-id=\"11766\" src=\"https:\/\/www.intellectualsovereignty.ch\/wp-content\/uploads\/2022\/10\/img_2532-1024x768.jpg\" alt=\"\" class=\"wp-image-11766\" srcset=\"https:\/\/www.intellectualsovereignty.ch\/wp-content\/uploads\/2022\/10\/img_2532-1024x768.jpg 1024w, https:\/\/www.intellectualsovereignty.ch\/wp-content\/uploads\/2022\/10\/img_2532-300x225.jpg 300w, https:\/\/www.intellectualsovereignty.ch\/wp-content\/uploads\/2022\/10\/img_2532-768x576.jpg 768w, https:\/\/www.intellectualsovereignty.ch\/wp-content\/uploads\/2022\/10\/img_2532-1536x1152.jpg 1536w, https:\/\/www.intellectualsovereignty.ch\/wp-content\/uploads\/2022\/10\/img_2532-1870x1403.jpg 1870w, https:\/\/www.intellectualsovereignty.ch\/wp-content\/uploads\/2022\/10\/img_2532-400x300.jpg 400w, https:\/\/www.intellectualsovereignty.ch\/wp-content\/uploads\/2022\/10\/img_2532-800x600.jpg 800w, https:\/\/www.intellectualsovereignty.ch\/wp-content\/uploads\/2022\/10\/img_2532.jpg 2000w\" sizes=\"auto, (max-width: 1024px) 100vw, 1024px\" \/><\/figure>\n\n\n\n<figure class=\"wp-block-image size-large\"><img loading=\"lazy\" decoding=\"async\" width=\"1024\" height=\"768\" data-attachment-id=\"11770\" data-permalink=\"https:\/\/www.intellectualsovereignty.ch\/index.php\/2022\/10\/23\/hike78-gurnigel-pfyffe-zollhaus\/img_2533-2\/\" data-orig-file=\"https:\/\/www.intellectualsovereignty.ch\/wp-content\/uploads\/2022\/10\/img_2533.jpg\" data-orig-size=\"2000,1500\" data-comments-opened=\"0\" data-image-title=\"img_2533\" data-image-description=\"\" data-image-caption=\"\" data-large-file=\"https:\/\/www.intellectualsovereignty.ch\/wp-content\/uploads\/2022\/10\/img_2533-1024x768.jpg\" data-id=\"11770\" src=\"https:\/\/www.intellectualsovereignty.ch\/wp-content\/uploads\/2022\/10\/img_2533-1024x768.jpg\" alt=\"\" class=\"wp-image-11770\" srcset=\"https:\/\/www.intellectualsovereignty.ch\/wp-content\/uploads\/2022\/10\/img_2533-1024x768.jpg 1024w, https:\/\/www.intellectualsovereignty.ch\/wp-content\/uploads\/2022\/10\/img_2533-300x225.jpg 300w, https:\/\/www.intellectualsovereignty.ch\/wp-content\/uploads\/2022\/10\/img_2533-768x576.jpg 768w, https:\/\/www.intellectualsovereignty.ch\/wp-content\/uploads\/2022\/10\/img_2533-1536x1152.jpg 1536w, https:\/\/www.intellectualsovereignty.ch\/wp-content\/uploads\/2022\/10\/img_2533-1870x1403.jpg 1870w, https:\/\/www.intellectualsovereignty.ch\/wp-content\/uploads\/2022\/10\/img_2533-400x300.jpg 400w, https:\/\/www.intellectualsovereignty.ch\/wp-content\/uploads\/2022\/10\/img_2533-800x600.jpg 800w, https:\/\/www.intellectualsovereignty.ch\/wp-content\/uploads\/2022\/10\/img_2533.jpg 2000w\" sizes=\"auto, (max-width: 1024px) 100vw, 1024px\" \/><\/figure>\n\n\n\n<figure class=\"wp-block-image size-large\"><img loading=\"lazy\" decoding=\"async\" width=\"1024\" height=\"768\" data-attachment-id=\"11768\" data-permalink=\"https:\/\/www.intellectualsovereignty.ch\/index.php\/2022\/10\/23\/hike78-gurnigel-pfyffe-zollhaus\/img_2534-2\/\" data-orig-file=\"https:\/\/www.intellectualsovereignty.ch\/wp-content\/uploads\/2022\/10\/img_2534.jpg\" data-orig-size=\"2000,1500\" data-comments-opened=\"0\" data-image-title=\"img_2534\" data-image-description=\"\" data-image-caption=\"\" data-large-file=\"https:\/\/www.intellectualsovereignty.ch\/wp-content\/uploads\/2022\/10\/img_2534-1024x768.jpg\" data-id=\"11768\" src=\"https:\/\/www.intellectualsovereignty.ch\/wp-content\/uploads\/2022\/10\/img_2534-1024x768.jpg\" alt=\"\" class=\"wp-image-11768\" srcset=\"https:\/\/www.intellectualsovereignty.ch\/wp-content\/uploads\/2022\/10\/img_2534-1024x768.jpg 1024w, https:\/\/www.intellectualsovereignty.ch\/wp-content\/uploads\/2022\/10\/img_2534-300x225.jpg 300w, https:\/\/www.intellectualsovereignty.ch\/wp-content\/uploads\/2022\/10\/img_2534-768x576.jpg 768w, https:\/\/www.intellectualsovereignty.ch\/wp-content\/uploads\/2022\/10\/img_2534-1536x1152.jpg 1536w, https:\/\/www.intellectualsovereignty.ch\/wp-content\/uploads\/2022\/10\/img_2534-1870x1403.jpg 1870w, https:\/\/www.intellectualsovereignty.ch\/wp-content\/uploads\/2022\/10\/img_2534-400x300.jpg 400w, https:\/\/www.intellectualsovereignty.ch\/wp-content\/uploads\/2022\/10\/img_2534-800x600.jpg 800w, https:\/\/www.intellectualsovereignty.ch\/wp-content\/uploads\/2022\/10\/img_2534.jpg 2000w\" sizes=\"auto, (max-width: 1024px) 100vw, 1024px\" \/><\/figure>\n\n\n\n<figure class=\"wp-block-image size-large\"><img loading=\"lazy\" decoding=\"async\" width=\"1024\" height=\"768\" data-attachment-id=\"11771\" data-permalink=\"https:\/\/www.intellectualsovereignty.ch\/index.php\/2022\/10\/23\/hike78-gurnigel-pfyffe-zollhaus\/img_2535-2\/\" data-orig-file=\"https:\/\/www.intellectualsovereignty.ch\/wp-content\/uploads\/2022\/10\/img_2535.jpg\" data-orig-size=\"2000,1500\" data-comments-opened=\"0\" data-image-title=\"img_2535\" data-image-description=\"\" data-image-caption=\"\" data-large-file=\"https:\/\/www.intellectualsovereignty.ch\/wp-content\/uploads\/2022\/10\/img_2535-1024x768.jpg\" data-id=\"11771\" src=\"https:\/\/www.intellectualsovereignty.ch\/wp-content\/uploads\/2022\/10\/img_2535-1024x768.jpg\" alt=\"\" class=\"wp-image-11771\" srcset=\"https:\/\/www.intellectualsovereignty.ch\/wp-content\/uploads\/2022\/10\/img_2535-1024x768.jpg 1024w, https:\/\/www.intellectualsovereignty.ch\/wp-content\/uploads\/2022\/10\/img_2535-300x225.jpg 300w, https:\/\/www.intellectualsovereignty.ch\/wp-content\/uploads\/2022\/10\/img_2535-768x576.jpg 768w, https:\/\/www.intellectualsovereignty.ch\/wp-content\/uploads\/2022\/10\/img_2535-1536x1152.jpg 1536w, https:\/\/www.intellectualsovereignty.ch\/wp-content\/uploads\/2022\/10\/img_2535-1870x1403.jpg 1870w, https:\/\/www.intellectualsovereignty.ch\/wp-content\/uploads\/2022\/10\/img_2535-400x300.jpg 400w, https:\/\/www.intellectualsovereignty.ch\/wp-content\/uploads\/2022\/10\/img_2535-800x600.jpg 800w, https:\/\/www.intellectualsovereignty.ch\/wp-content\/uploads\/2022\/10\/img_2535.jpg 2000w\" sizes=\"auto, (max-width: 1024px) 100vw, 1024px\" \/><\/figure>\n\n\n\n<figure class=\"wp-block-image size-large\"><img loading=\"lazy\" decoding=\"async\" width=\"768\" height=\"1024\" data-attachment-id=\"11772\" data-permalink=\"https:\/\/www.intellectualsovereignty.ch\/index.php\/2022\/10\/23\/hike78-gurnigel-pfyffe-zollhaus\/img_2536-2\/\" data-orig-file=\"https:\/\/www.intellectualsovereignty.ch\/wp-content\/uploads\/2022\/10\/img_2536.jpg\" data-orig-size=\"1500,2000\" data-comments-opened=\"0\" data-image-title=\"img_2536\" data-image-description=\"\" data-image-caption=\"\" data-large-file=\"https:\/\/www.intellectualsovereignty.ch\/wp-content\/uploads\/2022\/10\/img_2536-768x1024.jpg\" data-id=\"11772\" src=\"https:\/\/www.intellectualsovereignty.ch\/wp-content\/uploads\/2022\/10\/img_2536-768x1024.jpg\" alt=\"\" class=\"wp-image-11772\" srcset=\"https:\/\/www.intellectualsovereignty.ch\/wp-content\/uploads\/2022\/10\/img_2536-768x1024.jpg 768w, https:\/\/www.intellectualsovereignty.ch\/wp-content\/uploads\/2022\/10\/img_2536-225x300.jpg 225w, https:\/\/www.intellectualsovereignty.ch\/wp-content\/uploads\/2022\/10\/img_2536-1152x1536.jpg 1152w, https:\/\/www.intellectualsovereignty.ch\/wp-content\/uploads\/2022\/10\/img_2536-400x533.jpg 400w, https:\/\/www.intellectualsovereignty.ch\/wp-content\/uploads\/2022\/10\/img_2536-800x1067.jpg 800w, https:\/\/www.intellectualsovereignty.ch\/wp-content\/uploads\/2022\/10\/img_2536.jpg 1500w\" sizes=\"auto, (max-width: 768px) 100vw, 768px\" \/><\/figure>\n\n\n\n<figure class=\"wp-block-image size-large\"><img loading=\"lazy\" decoding=\"async\" width=\"768\" height=\"1024\" data-attachment-id=\"11773\" data-permalink=\"https:\/\/www.intellectualsovereignty.ch\/index.php\/2022\/10\/23\/hike78-gurnigel-pfyffe-zollhaus\/img_2537\/\" data-orig-file=\"https:\/\/www.intellectualsovereignty.ch\/wp-content\/uploads\/2022\/10\/img_2537.jpg\" data-orig-size=\"1500,2000\" data-comments-opened=\"0\" data-image-title=\"img_2537\" data-image-description=\"\" data-image-caption=\"\" data-large-file=\"https:\/\/www.intellectualsovereignty.ch\/wp-content\/uploads\/2022\/10\/img_2537-768x1024.jpg\" data-id=\"11773\" src=\"https:\/\/www.intellectualsovereignty.ch\/wp-content\/uploads\/2022\/10\/img_2537-768x1024.jpg\" alt=\"\" class=\"wp-image-11773\" srcset=\"https:\/\/www.intellectualsovereignty.ch\/wp-content\/uploads\/2022\/10\/img_2537-768x1024.jpg 768w, https:\/\/www.intellectualsovereignty.ch\/wp-content\/uploads\/2022\/10\/img_2537-225x300.jpg 225w, https:\/\/www.intellectualsovereignty.ch\/wp-content\/uploads\/2022\/10\/img_2537-1152x1536.jpg 1152w, https:\/\/www.intellectualsovereignty.ch\/wp-content\/uploads\/2022\/10\/img_2537-400x533.jpg 400w, https:\/\/www.intellectualsovereignty.ch\/wp-content\/uploads\/2022\/10\/img_2537-800x1067.jpg 800w, https:\/\/www.intellectualsovereignty.ch\/wp-content\/uploads\/2022\/10\/img_2537.jpg 1500w\" sizes=\"auto, (max-width: 768px) 100vw, 768px\" \/><\/figure>\n\n\n\n<figure class=\"wp-block-image size-large\"><img loading=\"lazy\" decoding=\"async\" width=\"1024\" height=\"768\" data-attachment-id=\"11769\" data-permalink=\"https:\/\/www.intellectualsovereignty.ch\/index.php\/2022\/10\/23\/hike78-gurnigel-pfyffe-zollhaus\/img_2538\/\" data-orig-file=\"https:\/\/www.intellectualsovereignty.ch\/wp-content\/uploads\/2022\/10\/img_2538.jpg\" data-orig-size=\"2000,1500\" data-comments-opened=\"0\" data-image-title=\"img_2538\" data-image-description=\"\" data-image-caption=\"\" data-large-file=\"https:\/\/www.intellectualsovereignty.ch\/wp-content\/uploads\/2022\/10\/img_2538-1024x768.jpg\" data-id=\"11769\" src=\"https:\/\/www.intellectualsovereignty.ch\/wp-content\/uploads\/2022\/10\/img_2538-1024x768.jpg\" alt=\"\" class=\"wp-image-11769\" srcset=\"https:\/\/www.intellectualsovereignty.ch\/wp-content\/uploads\/2022\/10\/img_2538-1024x768.jpg 1024w, https:\/\/www.intellectualsovereignty.ch\/wp-content\/uploads\/2022\/10\/img_2538-300x225.jpg 300w, https:\/\/www.intellectualsovereignty.ch\/wp-content\/uploads\/2022\/10\/img_2538-768x576.jpg 768w, https:\/\/www.intellectualsovereignty.ch\/wp-content\/uploads\/2022\/10\/img_2538-1536x1152.jpg 1536w, https:\/\/www.intellectualsovereignty.ch\/wp-content\/uploads\/2022\/10\/img_2538-1870x1403.jpg 1870w, https:\/\/www.intellectualsovereignty.ch\/wp-content\/uploads\/2022\/10\/img_2538-400x300.jpg 400w, https:\/\/www.intellectualsovereignty.ch\/wp-content\/uploads\/2022\/10\/img_2538-800x600.jpg 800w, https:\/\/www.intellectualsovereignty.ch\/wp-content\/uploads\/2022\/10\/img_2538.jpg 2000w\" sizes=\"auto, (max-width: 1024px) 100vw, 1024px\" \/><\/figure>\n\n\n\n<figure class=\"wp-block-image size-large\"><img loading=\"lazy\" decoding=\"async\" width=\"768\" height=\"1024\" data-attachment-id=\"11774\" data-permalink=\"https:\/\/www.intellectualsovereignty.ch\/index.php\/2022\/10\/23\/hike78-gurnigel-pfyffe-zollhaus\/img_2539\/\" data-orig-file=\"https:\/\/www.intellectualsovereignty.ch\/wp-content\/uploads\/2022\/10\/img_2539.jpg\" data-orig-size=\"1500,2000\" data-comments-opened=\"0\" data-image-title=\"img_2539\" data-image-description=\"\" data-image-caption=\"\" data-large-file=\"https:\/\/www.intellectualsovereignty.ch\/wp-content\/uploads\/2022\/10\/img_2539-768x1024.jpg\" data-id=\"11774\" src=\"https:\/\/www.intellectualsovereignty.ch\/wp-content\/uploads\/2022\/10\/img_2539-768x1024.jpg\" alt=\"\" class=\"wp-image-11774\" srcset=\"https:\/\/www.intellectualsovereignty.ch\/wp-content\/uploads\/2022\/10\/img_2539-768x1024.jpg 768w, https:\/\/www.intellectualsovereignty.ch\/wp-content\/uploads\/2022\/10\/img_2539-225x300.jpg 225w, https:\/\/www.intellectualsovereignty.ch\/wp-content\/uploads\/2022\/10\/img_2539-1152x1536.jpg 1152w, https:\/\/www.intellectualsovereignty.ch\/wp-content\/uploads\/2022\/10\/img_2539-400x533.jpg 400w, https:\/\/www.intellectualsovereignty.ch\/wp-content\/uploads\/2022\/10\/img_2539-800x1067.jpg 800w, https:\/\/www.intellectualsovereignty.ch\/wp-content\/uploads\/2022\/10\/img_2539.jpg 1500w\" sizes=\"auto, (max-width: 768px) 100vw, 768px\" \/><\/figure>\n\n\n\n<figure class=\"wp-block-image size-large\"><img loading=\"lazy\" decoding=\"async\" width=\"1024\" height=\"768\" data-attachment-id=\"11767\" data-permalink=\"https:\/\/www.intellectualsovereignty.ch\/index.php\/2022\/10\/23\/hike78-gurnigel-pfyffe-zollhaus\/img_2540\/\" data-orig-file=\"https:\/\/www.intellectualsovereignty.ch\/wp-content\/uploads\/2022\/10\/img_2540.jpg\" data-orig-size=\"2000,1500\" data-comments-opened=\"0\" data-image-title=\"img_2540\" data-image-description=\"\" data-image-caption=\"\" data-large-file=\"https:\/\/www.intellectualsovereignty.ch\/wp-content\/uploads\/2022\/10\/img_2540-1024x768.jpg\" data-id=\"11767\" src=\"https:\/\/www.intellectualsovereignty.ch\/wp-content\/uploads\/2022\/10\/img_2540-1024x768.jpg\" alt=\"\" class=\"wp-image-11767\" srcset=\"https:\/\/www.intellectualsovereignty.ch\/wp-content\/uploads\/2022\/10\/img_2540-1024x768.jpg 1024w, https:\/\/www.intellectualsovereignty.ch\/wp-content\/uploads\/2022\/10\/img_2540-300x225.jpg 300w, https:\/\/www.intellectualsovereignty.ch\/wp-content\/uploads\/2022\/10\/img_2540-768x576.jpg 768w, https:\/\/www.intellectualsovereignty.ch\/wp-content\/uploads\/2022\/10\/img_2540-1536x1152.jpg 1536w, https:\/\/www.intellectualsovereignty.ch\/wp-content\/uploads\/2022\/10\/img_2540-1870x1403.jpg 1870w, https:\/\/www.intellectualsovereignty.ch\/wp-content\/uploads\/2022\/10\/img_2540-400x300.jpg 400w, https:\/\/www.intellectualsovereignty.ch\/wp-content\/uploads\/2022\/10\/img_2540-800x600.jpg 800w, https:\/\/www.intellectualsovereignty.ch\/wp-content\/uploads\/2022\/10\/img_2540.jpg 2000w\" sizes=\"auto, (max-width: 1024px) 100vw, 1024px\" \/><\/figure>\n\n\n\n<figure class=\"wp-block-image size-large\"><img loading=\"lazy\" decoding=\"async\" width=\"1024\" height=\"768\" data-attachment-id=\"11775\" data-permalink=\"https:\/\/www.intellectualsovereignty.ch\/index.php\/2022\/10\/23\/hike78-gurnigel-pfyffe-zollhaus\/img_2541-2\/\" data-orig-file=\"https:\/\/www.intellectualsovereignty.ch\/wp-content\/uploads\/2022\/10\/img_2541.jpg\" data-orig-size=\"2000,1500\" data-comments-opened=\"0\" data-image-title=\"img_2541\" data-image-description=\"\" data-image-caption=\"\" data-large-file=\"https:\/\/www.intellectualsovereignty.ch\/wp-content\/uploads\/2022\/10\/img_2541-1024x768.jpg\" data-id=\"11775\" src=\"https:\/\/www.intellectualsovereignty.ch\/wp-content\/uploads\/2022\/10\/img_2541-1024x768.jpg\" alt=\"\" class=\"wp-image-11775\" srcset=\"https:\/\/www.intellectualsovereignty.ch\/wp-content\/uploads\/2022\/10\/img_2541-1024x768.jpg 1024w, https:\/\/www.intellectualsovereignty.ch\/wp-content\/uploads\/2022\/10\/img_2541-300x225.jpg 300w, https:\/\/www.intellectualsovereignty.ch\/wp-content\/uploads\/2022\/10\/img_2541-768x576.jpg 768w, https:\/\/www.intellectualsovereignty.ch\/wp-content\/uploads\/2022\/10\/img_2541-1536x1152.jpg 1536w, https:\/\/www.intellectualsovereignty.ch\/wp-content\/uploads\/2022\/10\/img_2541-1870x1403.jpg 1870w, https:\/\/www.intellectualsovereignty.ch\/wp-content\/uploads\/2022\/10\/img_2541-400x300.jpg 400w, https:\/\/www.intellectualsovereignty.ch\/wp-content\/uploads\/2022\/10\/img_2541-800x600.jpg 800w, https:\/\/www.intellectualsovereignty.ch\/wp-content\/uploads\/2022\/10\/img_2541.jpg 2000w\" sizes=\"auto, (max-width: 1024px) 100vw, 1024px\" \/><\/figure>\n\n\n\n<figure class=\"wp-block-image size-large\"><img loading=\"lazy\" decoding=\"async\" width=\"768\" height=\"1024\" data-attachment-id=\"11776\" data-permalink=\"https:\/\/www.intellectualsovereignty.ch\/index.php\/2022\/10\/23\/hike78-gurnigel-pfyffe-zollhaus\/img_2542-2\/\" data-orig-file=\"https:\/\/www.intellectualsovereignty.ch\/wp-content\/uploads\/2022\/10\/img_2542.jpg\" data-orig-size=\"1500,2000\" data-comments-opened=\"0\" data-image-title=\"img_2542\" data-image-description=\"\" data-image-caption=\"\" data-large-file=\"https:\/\/www.intellectualsovereignty.ch\/wp-content\/uploads\/2022\/10\/img_2542-768x1024.jpg\" data-id=\"11776\" src=\"https:\/\/www.intellectualsovereignty.ch\/wp-content\/uploads\/2022\/10\/img_2542-768x1024.jpg\" alt=\"\" class=\"wp-image-11776\" srcset=\"https:\/\/www.intellectualsovereignty.ch\/wp-content\/uploads\/2022\/10\/img_2542-768x1024.jpg 768w, https:\/\/www.intellectualsovereignty.ch\/wp-content\/uploads\/2022\/10\/img_2542-225x300.jpg 225w, https:\/\/www.intellectualsovereignty.ch\/wp-content\/uploads\/2022\/10\/img_2542-1152x1536.jpg 1152w, https:\/\/www.intellectualsovereignty.ch\/wp-content\/uploads\/2022\/10\/img_2542-400x533.jpg 400w, https:\/\/www.intellectualsovereignty.ch\/wp-content\/uploads\/2022\/10\/img_2542-800x1067.jpg 800w, https:\/\/www.intellectualsovereignty.ch\/wp-content\/uploads\/2022\/10\/img_2542.jpg 1500w\" sizes=\"auto, (max-width: 768px) 100vw, 768px\" \/><\/figure>\n\n\n\n<figure class=\"wp-block-image size-large\"><img loading=\"lazy\" decoding=\"async\" width=\"1024\" height=\"768\" data-attachment-id=\"11777\" data-permalink=\"https:\/\/www.intellectualsovereignty.ch\/index.php\/2022\/10\/23\/hike78-gurnigel-pfyffe-zollhaus\/img_2543-2\/\" data-orig-file=\"https:\/\/www.intellectualsovereignty.ch\/wp-content\/uploads\/2022\/10\/img_2543.jpg\" data-orig-size=\"2000,1500\" data-comments-opened=\"0\" data-image-title=\"img_2543\" data-image-description=\"\" data-image-caption=\"\" data-large-file=\"https:\/\/www.intellectualsovereignty.ch\/wp-content\/uploads\/2022\/10\/img_2543-1024x768.jpg\" data-id=\"11777\" src=\"https:\/\/www.intellectualsovereignty.ch\/wp-content\/uploads\/2022\/10\/img_2543-1024x768.jpg\" alt=\"\" class=\"wp-image-11777\" srcset=\"https:\/\/www.intellectualsovereignty.ch\/wp-content\/uploads\/2022\/10\/img_2543-1024x768.jpg 1024w, https:\/\/www.intellectualsovereignty.ch\/wp-content\/uploads\/2022\/10\/img_2543-300x225.jpg 300w, https:\/\/www.intellectualsovereignty.ch\/wp-content\/uploads\/2022\/10\/img_2543-768x576.jpg 768w, https:\/\/www.intellectualsovereignty.ch\/wp-content\/uploads\/2022\/10\/img_2543-1536x1152.jpg 1536w, https:\/\/www.intellectualsovereignty.ch\/wp-content\/uploads\/2022\/10\/img_2543-1870x1403.jpg 1870w, https:\/\/www.intellectualsovereignty.ch\/wp-content\/uploads\/2022\/10\/img_2543-400x300.jpg 400w, https:\/\/www.intellectualsovereignty.ch\/wp-content\/uploads\/2022\/10\/img_2543-800x600.jpg 800w, https:\/\/www.intellectualsovereignty.ch\/wp-content\/uploads\/2022\/10\/img_2543.jpg 2000w\" sizes=\"auto, (max-width: 1024px) 100vw, 1024px\" \/><\/figure>\n<\/figure>\n\n\n\n<p class=\"wp-block-paragraph\">Vor dem Horb\u00fchlpass mache ich beim Skilift-H\u00e4uschen Mittagspause und geniesse die w\u00e4rmende Sonne. Ich muss mich wieder daran gew\u00f6hnen, dass sie nicht automatisch Teil meines Tagesablaufs dazugeh\u00f6rt, jetzt wo ich wieder unter den B\u00fcrogummis verweile&#8230; \ud83d\ude09<\/p>\n\n\n\n<p class=\"wp-block-paragraph\">Der Abstieg ab Hellst\u00e4tt zum Zollhaus kommt mir bekannt vor, habe ich ihn doch bereits vor zwei Jahren gemacht (siehe <a href=\"https:\/\/www.intellectualsovereignty.ch\/index.php\/2020\/05\/09\/hike-16-schwarzenburg-schwarzsee-jaun\/\">Hike#16<\/a>). Unterwegs stauen sich noch K\u00fche und Pferde im Dreck, so muss ich einen gr\u00f6sseren Umweg nehmen. Henu, gelungen ist mein Wiedereinstieg auf jeden Fall!<\/p>\n\n\n\n<figure class=\"wp-block-gallery has-nested-images columns-default is-cropped wp-block-gallery-2 is-layout-flex wp-block-gallery-is-layout-flex\">\n<figure class=\"wp-block-image size-large\"><img loading=\"lazy\" decoding=\"async\" width=\"1024\" height=\"768\" data-attachment-id=\"11782\" data-permalink=\"https:\/\/www.intellectualsovereignty.ch\/index.php\/2022\/10\/23\/hike78-gurnigel-pfyffe-zollhaus\/img_2547-2\/\" data-orig-file=\"https:\/\/www.intellectualsovereignty.ch\/wp-content\/uploads\/2022\/10\/img_2547.jpg\" data-orig-size=\"2000,1500\" data-comments-opened=\"0\" data-image-title=\"img_2547\" data-image-description=\"\" data-image-caption=\"\" data-large-file=\"https:\/\/www.intellectualsovereignty.ch\/wp-content\/uploads\/2022\/10\/img_2547-1024x768.jpg\" data-id=\"11782\" src=\"https:\/\/www.intellectualsovereignty.ch\/wp-content\/uploads\/2022\/10\/img_2547-1024x768.jpg\" alt=\"\" class=\"wp-image-11782\" srcset=\"https:\/\/www.intellectualsovereignty.ch\/wp-content\/uploads\/2022\/10\/img_2547-1024x768.jpg 1024w, https:\/\/www.intellectualsovereignty.ch\/wp-content\/uploads\/2022\/10\/img_2547-300x225.jpg 300w, https:\/\/www.intellectualsovereignty.ch\/wp-content\/uploads\/2022\/10\/img_2547-768x576.jpg 768w, https:\/\/www.intellectualsovereignty.ch\/wp-content\/uploads\/2022\/10\/img_2547-1536x1152.jpg 1536w, https:\/\/www.intellectualsovereignty.ch\/wp-content\/uploads\/2022\/10\/img_2547-1870x1403.jpg 1870w, https:\/\/www.intellectualsovereignty.ch\/wp-content\/uploads\/2022\/10\/img_2547-400x300.jpg 400w, https:\/\/www.intellectualsovereignty.ch\/wp-content\/uploads\/2022\/10\/img_2547-800x600.jpg 800w, https:\/\/www.intellectualsovereignty.ch\/wp-content\/uploads\/2022\/10\/img_2547.jpg 2000w\" sizes=\"auto, (max-width: 1024px) 100vw, 1024px\" \/><\/figure>\n\n\n\n<figure class=\"wp-block-image size-large\"><img loading=\"lazy\" decoding=\"async\" width=\"1024\" height=\"768\" data-attachment-id=\"11779\" data-permalink=\"https:\/\/www.intellectualsovereignty.ch\/index.php\/2022\/10\/23\/hike78-gurnigel-pfyffe-zollhaus\/img_2548-2\/\" data-orig-file=\"https:\/\/www.intellectualsovereignty.ch\/wp-content\/uploads\/2022\/10\/img_2548.jpg\" data-orig-size=\"2000,1500\" data-comments-opened=\"0\" data-image-title=\"img_2548\" data-image-description=\"\" data-image-caption=\"\" data-large-file=\"https:\/\/www.intellectualsovereignty.ch\/wp-content\/uploads\/2022\/10\/img_2548-1024x768.jpg\" data-id=\"11779\" src=\"https:\/\/www.intellectualsovereignty.ch\/wp-content\/uploads\/2022\/10\/img_2548-1024x768.jpg\" alt=\"\" class=\"wp-image-11779\" srcset=\"https:\/\/www.intellectualsovereignty.ch\/wp-content\/uploads\/2022\/10\/img_2548-1024x768.jpg 1024w, https:\/\/www.intellectualsovereignty.ch\/wp-content\/uploads\/2022\/10\/img_2548-300x225.jpg 300w, https:\/\/www.intellectualsovereignty.ch\/wp-content\/uploads\/2022\/10\/img_2548-768x576.jpg 768w, https:\/\/www.intellectualsovereignty.ch\/wp-content\/uploads\/2022\/10\/img_2548-1536x1152.jpg 1536w, https:\/\/www.intellectualsovereignty.ch\/wp-content\/uploads\/2022\/10\/img_2548-1870x1403.jpg 1870w, https:\/\/www.intellectualsovereignty.ch\/wp-content\/uploads\/2022\/10\/img_2548-400x300.jpg 400w, https:\/\/www.intellectualsovereignty.ch\/wp-content\/uploads\/2022\/10\/img_2548-800x600.jpg 800w, https:\/\/www.intellectualsovereignty.ch\/wp-content\/uploads\/2022\/10\/img_2548.jpg 2000w\" sizes=\"auto, (max-width: 1024px) 100vw, 1024px\" \/><\/figure>\n\n\n\n<figure class=\"wp-block-image size-large\"><img loading=\"lazy\" decoding=\"async\" width=\"1024\" height=\"768\" data-attachment-id=\"11781\" data-permalink=\"https:\/\/www.intellectualsovereignty.ch\/index.php\/2022\/10\/23\/hike78-gurnigel-pfyffe-zollhaus\/img_2549-2\/\" data-orig-file=\"https:\/\/www.intellectualsovereignty.ch\/wp-content\/uploads\/2022\/10\/img_2549.jpg\" data-orig-size=\"2000,1500\" data-comments-opened=\"0\" data-image-title=\"img_2549\" data-image-description=\"\" data-image-caption=\"\" data-large-file=\"https:\/\/www.intellectualsovereignty.ch\/wp-content\/uploads\/2022\/10\/img_2549-1024x768.jpg\" data-id=\"11781\" src=\"https:\/\/www.intellectualsovereignty.ch\/wp-content\/uploads\/2022\/10\/img_2549-1024x768.jpg\" alt=\"\" class=\"wp-image-11781\" srcset=\"https:\/\/www.intellectualsovereignty.ch\/wp-content\/uploads\/2022\/10\/img_2549-1024x768.jpg 1024w, https:\/\/www.intellectualsovereignty.ch\/wp-content\/uploads\/2022\/10\/img_2549-300x225.jpg 300w, https:\/\/www.intellectualsovereignty.ch\/wp-content\/uploads\/2022\/10\/img_2549-768x576.jpg 768w, https:\/\/www.intellectualsovereignty.ch\/wp-content\/uploads\/2022\/10\/img_2549-1536x1152.jpg 1536w, https:\/\/www.intellectualsovereignty.ch\/wp-content\/uploads\/2022\/10\/img_2549-1870x1403.jpg 1870w, https:\/\/www.intellectualsovereignty.ch\/wp-content\/uploads\/2022\/10\/img_2549-400x300.jpg 400w, https:\/\/www.intellectualsovereignty.ch\/wp-content\/uploads\/2022\/10\/img_2549-800x600.jpg 800w, https:\/\/www.intellectualsovereignty.ch\/wp-content\/uploads\/2022\/10\/img_2549.jpg 2000w\" sizes=\"auto, (max-width: 1024px) 100vw, 1024px\" \/><\/figure>\n\n\n\n<figure class=\"wp-block-image size-large\"><img loading=\"lazy\" decoding=\"async\" width=\"1024\" height=\"768\" data-attachment-id=\"11778\" data-permalink=\"https:\/\/www.intellectualsovereignty.ch\/index.php\/2022\/10\/23\/hike78-gurnigel-pfyffe-zollhaus\/img_2550-2\/\" data-orig-file=\"https:\/\/www.intellectualsovereignty.ch\/wp-content\/uploads\/2022\/10\/img_2550.jpg\" data-orig-size=\"2000,1500\" data-comments-opened=\"0\" data-image-title=\"img_2550\" data-image-description=\"\" data-image-caption=\"\" data-large-file=\"https:\/\/www.intellectualsovereignty.ch\/wp-content\/uploads\/2022\/10\/img_2550-1024x768.jpg\" data-id=\"11778\" src=\"https:\/\/www.intellectualsovereignty.ch\/wp-content\/uploads\/2022\/10\/img_2550-1024x768.jpg\" alt=\"\" class=\"wp-image-11778\" srcset=\"https:\/\/www.intellectualsovereignty.ch\/wp-content\/uploads\/2022\/10\/img_2550-1024x768.jpg 1024w, https:\/\/www.intellectualsovereignty.ch\/wp-content\/uploads\/2022\/10\/img_2550-300x225.jpg 300w, https:\/\/www.intellectualsovereignty.ch\/wp-content\/uploads\/2022\/10\/img_2550-768x576.jpg 768w, https:\/\/www.intellectualsovereignty.ch\/wp-content\/uploads\/2022\/10\/img_2550-1536x1152.jpg 1536w, https:\/\/www.intellectualsovereignty.ch\/wp-content\/uploads\/2022\/10\/img_2550-1870x1403.jpg 1870w, https:\/\/www.intellectualsovereignty.ch\/wp-content\/uploads\/2022\/10\/img_2550-400x300.jpg 400w, https:\/\/www.intellectualsovereignty.ch\/wp-content\/uploads\/2022\/10\/img_2550-800x600.jpg 800w, https:\/\/www.intellectualsovereignty.ch\/wp-content\/uploads\/2022\/10\/img_2550.jpg 2000w\" sizes=\"auto, (max-width: 1024px) 100vw, 1024px\" \/><\/figure>\n\n\n\n<figure class=\"wp-block-image size-large\"><img loading=\"lazy\" decoding=\"async\" width=\"1024\" height=\"768\" data-attachment-id=\"11783\" data-permalink=\"https:\/\/www.intellectualsovereignty.ch\/index.php\/2022\/10\/23\/hike78-gurnigel-pfyffe-zollhaus\/img_2551\/\" data-orig-file=\"https:\/\/www.intellectualsovereignty.ch\/wp-content\/uploads\/2022\/10\/img_2551.jpg\" data-orig-size=\"2000,1500\" data-comments-opened=\"0\" data-image-title=\"img_2551\" data-image-description=\"\" data-image-caption=\"\" data-large-file=\"https:\/\/www.intellectualsovereignty.ch\/wp-content\/uploads\/2022\/10\/img_2551-1024x768.jpg\" data-id=\"11783\" src=\"https:\/\/www.intellectualsovereignty.ch\/wp-content\/uploads\/2022\/10\/img_2551-1024x768.jpg\" alt=\"\" class=\"wp-image-11783\" srcset=\"https:\/\/www.intellectualsovereignty.ch\/wp-content\/uploads\/2022\/10\/img_2551-1024x768.jpg 1024w, https:\/\/www.intellectualsovereignty.ch\/wp-content\/uploads\/2022\/10\/img_2551-300x225.jpg 300w, https:\/\/www.intellectualsovereignty.ch\/wp-content\/uploads\/2022\/10\/img_2551-768x576.jpg 768w, https:\/\/www.intellectualsovereignty.ch\/wp-content\/uploads\/2022\/10\/img_2551-1536x1152.jpg 1536w, https:\/\/www.intellectualsovereignty.ch\/wp-content\/uploads\/2022\/10\/img_2551-1870x1403.jpg 1870w, https:\/\/www.intellectualsovereignty.ch\/wp-content\/uploads\/2022\/10\/img_2551-400x300.jpg 400w, https:\/\/www.intellectualsovereignty.ch\/wp-content\/uploads\/2022\/10\/img_2551-800x600.jpg 800w, https:\/\/www.intellectualsovereignty.ch\/wp-content\/uploads\/2022\/10\/img_2551.jpg 2000w\" sizes=\"auto, (max-width: 1024px) 100vw, 1024px\" \/><\/figure>\n\n\n\n<figure class=\"wp-block-image size-large\"><img loading=\"lazy\" decoding=\"async\" width=\"768\" height=\"1024\" data-attachment-id=\"11780\" data-permalink=\"https:\/\/www.intellectualsovereignty.ch\/index.php\/2022\/10\/23\/hike78-gurnigel-pfyffe-zollhaus\/img_2552-2\/\" data-orig-file=\"https:\/\/www.intellectualsovereignty.ch\/wp-content\/uploads\/2022\/10\/img_2552.jpg\" data-orig-size=\"1500,2000\" data-comments-opened=\"0\" data-image-title=\"img_2552\" data-image-description=\"\" data-image-caption=\"\" data-large-file=\"https:\/\/www.intellectualsovereignty.ch\/wp-content\/uploads\/2022\/10\/img_2552-768x1024.jpg\" data-id=\"11780\" src=\"https:\/\/www.intellectualsovereignty.ch\/wp-content\/uploads\/2022\/10\/img_2552-768x1024.jpg\" alt=\"\" class=\"wp-image-11780\" srcset=\"https:\/\/www.intellectualsovereignty.ch\/wp-content\/uploads\/2022\/10\/img_2552-768x1024.jpg 768w, https:\/\/www.intellectualsovereignty.ch\/wp-content\/uploads\/2022\/10\/img_2552-225x300.jpg 225w, https:\/\/www.intellectualsovereignty.ch\/wp-content\/uploads\/2022\/10\/img_2552-1152x1536.jpg 1152w, https:\/\/www.intellectualsovereignty.ch\/wp-content\/uploads\/2022\/10\/img_2552-400x533.jpg 400w, https:\/\/www.intellectualsovereignty.ch\/wp-content\/uploads\/2022\/10\/img_2552-800x1067.jpg 800w, https:\/\/www.intellectualsovereignty.ch\/wp-content\/uploads\/2022\/10\/img_2552.jpg 1500w\" sizes=\"auto, (max-width: 768px) 100vw, 768px\" \/><\/figure>\n<\/figure>\n\n\n\n<hr class=\"wp-block-separator has-alpha-channel-opacity\"\/>\n\n\n\n<p class=\"wp-block-paragraph\">Distanz: 15.3km<br>H\u00f6henmeter: 480m hoch \/ 1200m runter<br>Marschzeit: 3h<br>GPS-Route:&nbsp;<a rel=\"noreferrer noopener\" href=\"https:\/\/map.schweizmobil.ch\/?lang=de&amp;photos=yes&amp;logo=yes&amp;detours=yes&amp;season=summer&amp;bgLayer=pk&amp;resolution=7.65&amp;E=2595126&amp;N=1175432&amp;trackId=1430302270\" target=\"_blank\">SchweizMobil<\/a><br>Beschrieb: <a href=\"https:\/\/www.schweizmobil.ch\/de\/wanderland\/routen\/route-0379.html\" target=\"_blank\" rel=\"noreferrer noopener\">Gantrisch-Panoramaweg (Nr. 379)<\/a>, Etappe Zollhaus &#8211; Gurnigel Wasserscheide<\/p>\n\n\n[sgpx gpx=\/wp-content\/uploads\/gpx\/20221023_gurnigelpfyffezollhaus.gpx ]\n","protected":false},"excerpt":{"rendered":"<p>Heute Sonntag in der Fr\u00fch gebe ich mein Comeback in den Schweizer Voralpen, bin gespannt, ob meine Beinchen nach rund anderthalb Monaten Erholung aufm Trail noch funktionieren. Darum geht&#8217;s heute nicht allzu deftig ans Eingemachte, ich nehme mir eine vor langer Zeit ins Auge gefasste Tour im Gantrisch-Gebiet vor. Mit dem Postauto fahre ich ab [&hellip;]<\/p>\n","protected":false},"author":1,"featured_media":11777,"comment_status":"open","ping_status":"open","sticky":false,"template":"","format":"standard","meta":{"_jetpack_newsletter_access":"","_jetpack_dont_email_post_to_subs":false,"_jetpack_newsletter_tier_id":0,"_jetpack_memberships_contains_paywalled_content":false,"_spotmap_latitude":"","_spotmap_longitude":"","_jetpack_feature_clip_id":0,"_jetpack_memberships_contains_paid_content":false,"footnotes":"","jetpack_post_was_ever_published":false},"categories":[3],"tags":[56],"class_list":["post-11784","post","type-post","status-publish","format-standard","has-post-thumbnail","hentry","category-hiking","tag-ch_379","has-thumbnail"],"jetpack_shortlink":"https:\/\/wp.me\/p9IwFN-344","jetpack_likes_enabled":false,"jetpack_sharing_enabled":true,"jetpack_featured_media_url":"https:\/\/www.intellectualsovereignty.ch\/wp-content\/uploads\/2022\/10\/img_2543.jpg","_links":{"self":[{"href":"https:\/\/www.intellectualsovereignty.ch\/index.php\/wp-json\/wp\/v2\/posts\/11784","targetHints":{"allow":["GET"]}}],"collection":[{"href":"https:\/\/www.intellectualsovereignty.ch\/index.php\/wp-json\/wp\/v2\/posts"}],"about":[{"href":"https:\/\/www.intellectualsovereignty.ch\/index.php\/wp-json\/wp\/v2\/types\/post"}],"author":[{"embeddable":true,"href":"https:\/\/www.intellectualsovereignty.ch\/index.php\/wp-json\/wp\/v2\/users\/1"}],"replies":[{"embeddable":true,"href":"https:\/\/www.intellectualsovereignty.ch\/index.php\/wp-json\/wp\/v2\/comments?post=11784"}],"version-history":[{"count":2,"href":"https:\/\/www.intellectualsovereignty.ch\/index.php\/wp-json\/wp\/v2\/posts\/11784\/revisions"}],"predecessor-version":[{"id":11787,"href":"https:\/\/www.intellectualsovereignty.ch\/index.php\/wp-json\/wp\/v2\/posts\/11784\/revisions\/11787"}],"wp:featuredmedia":[{"embeddable":true,"href":"https:\/\/www.intellectualsovereignty.ch\/index.php\/wp-json\/wp\/v2\/media\/11777"}],"wp:attachment":[{"href":"https:\/\/www.intellectualsovereignty.ch\/index.php\/wp-json\/wp\/v2\/media?parent=11784"}],"wp:term":[{"taxonomy":"category","embeddable":true,"href":"https:\/\/www.intellectualsovereignty.ch\/index.php\/wp-json\/wp\/v2\/categories?post=11784"},{"taxonomy":"post_tag","embeddable":true,"href":"https:\/\/www.intellectualsovereignty.ch\/index.php\/wp-json\/wp\/v2\/tags?post=11784"}],"curies":[{"name":"wp","href":"https:\/\/api.w.org\/{rel}","templated":true}]}}